{"id":1440,"date":"2023-06-03T17:48:21","date_gmt":"2023-06-03T15:48:21","guid":{"rendered":"https:\/\/wia.net.pl\/?p=1440"},"modified":"2023-06-03T17:48:21","modified_gmt":"2023-06-03T15:48:21","slug":"saturn-i-czarne-slonce","status":"publish","type":"post","link":"https:\/\/wia.net.pl\/index.php\/2023\/06\/03\/saturn-i-czarne-slonce\/","title":{"rendered":"Saturn i czarne s\u0142o\u0144ce"},"content":{"rendered":"\n<p>Rzymski m\u0105\u017c stanu i filozof Marek Cyceron nazwa\u0142 Saturna Phainon, s\u0142owem oznaczaj\u0105cym &#8222;\u015bwiec\u0105cy&#8221;. Od Saturna pochodzi nasza nazwa soboty, a Saturnalia by\u0142y prawdopodobnie najpopularniejszym \u015bwi\u0119tem w kalendarzu rzymskim.<\/p>\n\n\n\n<p>\u0179R\u00d3D\u0141O:<br>Kana\u0142 Atlantean gardens \u2013\u00a0<a rel=\"noreferrer noopener\" href=\"https:\/\/www.youtube.com\/c\/AtlanteangardensOrg\" target=\"_blank\">https:\/\/www.youtube.com\/c\/AtlanteangardensOrg<\/a><br>Kana\u0142 Robert Sepehr \u2013\u00a0<a rel=\"noreferrer noopener\" href=\"https:\/\/www.youtube.com\/user\/818encino\" target=\"_blank\">https:\/\/www.youtube.com\/user\/818encino<\/a><\/p>\n\n\n<div style=\"position: relative; padding-bottom: calc(var(--aspect-ratio, .5625) * 100%); height: 0; width: 100%; margin: 0 auto;\" class=\"rumble-video-container\"><video controls controlsList=\"nodownload\" style=\"position: absolute; top: 0; left: 0; width: 100%; height: 100%; background: #000;\" preload=\"metadata\" src=\"https:\/\/hugh.cdn.rumble.cloud\/video\/s8\/2\/3\/8\/i\/C\/38iCd.caa.mp4\" poster=\"\"><\/video><\/div>\n","protected":false},"excerpt":{"rendered":"<p>Rzymski m\u0105\u017c stanu i filozof Marek Cyceron nazwa\u0142 Saturna Phainon, s\u0142owem oznaczaj\u0105cym &#8222;\u015bwiec\u0105cy&#8221;. Od Saturna pochodzi nasza nazwa soboty, a Saturnalia by\u0142y prawdopodobnie najpopularniejszym \u015bwi\u0119tem w kalendarzu rzymskim. \u0179R\u00d3D\u0141O:Kana\u0142 Atlantean gardens \u2013\u00a0https:\/\/www.youtube.com\/c\/AtlanteangardensOrgKana\u0142 Robert Sepehr \u2013\u00a0https:\/\/www.youtube.com\/user\/818encino<\/p>\n","protected":false},"author":3,"featured_media":1441,"comment_status":"open","ping_status":"open","sticky":false,"template":"","format":"standard","meta":{"_acf_changed":false,"_bbp_topic_count":0,"_bbp_reply_count":0,"_bbp_total_topic_count":0,"_bbp_total_reply_count":0,"_bbp_voice_count":0,"_bbp_anonymous_reply_count":0,"_bbp_topic_count_hidden":0,"_bbp_reply_count_hidden":0,"_bbp_forum_subforum_count":0,"om_disable_all_campaigns":false,"_monsterinsights_skip_tracking":false,"footnotes":""},"categories":[11],"tags":[114,89,68,63,42,71,26,113,43,23,112,88,32,22,70,62],"class_list":["post-1440","post","type-post","status-publish","format-standard","has-post-thumbnail","hentry","category-antropologia","tag-alchemia","tag-atlantean-gardens","tag-cesarstwo-rzymskie","tag-historia-ziemi","tag-illuminati","tag-kosciol-katolicki","tag-ludzkosc","tag-magia","tag-masoneria","tag-niewolnictwo","tag-okultyzm","tag-robert-sepehr","tag-rzad","tag-satanizm","tag-tajne-stowarzyszenia","tag-wszechswiat"],"acf":[],"aioseo_notices":[],"aioseo_head":"\n\t\t<!-- All in One SEO 5.0.1.1 - aioseo.com -->\n\t<meta name=\"description\" content=\"Rzymski m\u0105\u017c stanu i filozof Marek Cyceron nazwa\u0142 Saturna Phainon, s\u0142owem oznaczaj\u0105cym &quot;\u015bwiec\u0105cy&quot;. Od Saturna pochodzi nasza nazwa soboty, a Saturnalia by\u0142y prawdopodobnie najpopularniejszym \u015bwi\u0119tem w kalendarzu rzymskim. \u0179R\u00d3D\u0141O:Kana\u0142 Atlantean gardens \u2013 https:\/\/www.youtube.com\/c\/AtlanteangardensOrgKana\u0142 Robert Sepehr \u2013 https:\/\/www.youtube.com\/user\/818encino\" \/>\n\t<meta name=\"robots\" content=\"max-image-preview:large\" \/>\n\t<meta name=\"author\" content=\"Bart\u0142omiej Talarczyk\"\/>\n\t<link rel=\"canonical\" href=\"https:\/\/wia.net.pl\/index.php\/2023\/06\/03\/saturn-i-czarne-slonce\/\" \/>\n\t<meta name=\"generator\" content=\"All in One SEO (AIOSEO) 5.0.1.1\" \/>\n\t\t<meta property=\"og:locale\" content=\"pl_PL\" \/>\n\t\t<meta property=\"og:site_name\" content=\"Wolno\u015b\u0107 i Anarchia - Ka\u017cdy wewn\u0119trznie jest anarchist\u0105.\" \/>\n\t\t<meta property=\"og:type\" content=\"article\" \/>\n\t\t<meta property=\"og:title\" content=\"Saturn i czarne s\u0142o\u0144ce - Wolno\u015b\u0107 i Anarchia\" \/>\n\t\t<meta property=\"og:description\" content=\"Rzymski m\u0105\u017c stanu i filozof Marek Cyceron nazwa\u0142 Saturna Phainon, s\u0142owem oznaczaj\u0105cym &quot;\u015bwiec\u0105cy&quot;. Od Saturna pochodzi nasza nazwa soboty, a Saturnalia by\u0142y prawdopodobnie najpopularniejszym \u015bwi\u0119tem w kalendarzu rzymskim. \u0179R\u00d3D\u0141O:Kana\u0142 Atlantean gardens \u2013 https:\/\/www.youtube.com\/c\/AtlanteangardensOrgKana\u0142 Robert Sepehr \u2013 https:\/\/www.youtube.com\/user\/818encino\" \/>\n\t\t<meta property=\"og:url\" content=\"https:\/\/wia.net.pl\/index.php\/2023\/06\/03\/saturn-i-czarne-slonce\/\" \/>\n\t\t<meta property=\"og:image\" content=\"https:\/\/wia.net.pl\/wp-content\/uploads\/2023\/11\/cropped-freedom-i73367.jpg\" \/>\n\t\t<meta property=\"og:image:secure_url\" content=\"https:\/\/wia.net.pl\/wp-content\/uploads\/2023\/11\/cropped-freedom-i73367.jpg\" \/>\n\t\t<meta property=\"article:published_time\" content=\"2023-06-03T15:48:21+00:00\" \/>\n\t\t<meta property=\"article:modified_time\" content=\"2023-06-03T15:48:21+00:00\" \/>\n\t\t<meta name=\"twitter:card\" content=\"summary_large_image\" \/>\n\t\t<meta name=\"twitter:title\" content=\"Saturn i czarne s\u0142o\u0144ce - Wolno\u015b\u0107 i Anarchia\" \/>\n\t\t<meta name=\"twitter:description\" content=\"Rzymski m\u0105\u017c stanu i filozof Marek Cyceron nazwa\u0142 Saturna Phainon, s\u0142owem oznaczaj\u0105cym &quot;\u015bwiec\u0105cy&quot;. Od Saturna pochodzi nasza nazwa soboty, a Saturnalia by\u0142y prawdopodobnie najpopularniejszym \u015bwi\u0119tem w kalendarzu rzymskim. \u0179R\u00d3D\u0141O:Kana\u0142 Atlantean gardens \u2013 https:\/\/www.youtube.com\/c\/AtlanteangardensOrgKana\u0142 Robert Sepehr \u2013 https:\/\/www.youtube.com\/user\/818encino\" \/>\n\t\t<meta name=\"twitter:image\" content=\"https:\/\/wia.net.pl\/wp-content\/uploads\/2023\/11\/cropped-freedom-i73367.jpg\" \/>\n\t\t<script type=\"application\/ld+json\" class=\"aioseo-schema\">\n\t\t\t{\"@context\":\"https:\\\/\\\/schema.org\",\"@graph\":[{\"@type\":\"BlogPosting\",\"@id\":\"https:\\\/\\\/wia.net.pl\\\/index.php\\\/2023\\\/06\\\/03\\\/saturn-i-czarne-slonce\\\/#blogposting\",\"name\":\"Saturn i czarne s\\u0142o\\u0144ce - Wolno\\u015b\\u0107 i Anarchia\",\"headline\":\"Saturn i czarne s\\u0142o\\u0144ce\",\"author\":{\"@id\":\"https:\\\/\\\/wia.net.pl\\\/index.php\\\/author\\\/talar\\\/#author\"},\"publisher\":{\"@id\":\"https:\\\/\\\/wia.net.pl\\\/#person\"},\"image\":{\"@type\":\"ImageObject\",\"url\":\"https:\\\/\\\/wia.net.pl\\\/wp-content\\\/uploads\\\/2023\\\/06\\\/11-1.jpg\",\"width\":480,\"height\":270},\"datePublished\":\"2023-06-03T17:48:21+02:00\",\"dateModified\":\"2023-06-03T17:48:21+02:00\",\"inLanguage\":\"pl-PL\",\"mainEntityOfPage\":{\"@id\":\"https:\\\/\\\/wia.net.pl\\\/index.php\\\/2023\\\/06\\\/03\\\/saturn-i-czarne-slonce\\\/#webpage\"},\"isPartOf\":{\"@id\":\"https:\\\/\\\/wia.net.pl\\\/index.php\\\/2023\\\/06\\\/03\\\/saturn-i-czarne-slonce\\\/#webpage\"},\"articleSection\":\"Antropologia, Alchemia, Atlantean gardens, Cesarstwo Rzymskie, Historia ziemi, Illuminati, Ko\\u015bci\\u00f3\\u0142 katolicki, Ludzko\\u015b\\u0107, Magia, Masoneria, Niewolnictwo, Okultyzm, Robert Sepehr, Rz\\u0105d, Satanizm, Tajne stowarzyszenia, Wszech\\u015bwiat\"},{\"@type\":\"BreadcrumbList\",\"@id\":\"https:\\\/\\\/wia.net.pl\\\/index.php\\\/2023\\\/06\\\/03\\\/saturn-i-czarne-slonce\\\/#breadcrumblist\",\"itemListElement\":[{\"@type\":\"ListItem\",\"@id\":\"https:\\\/\\\/wia.net.pl#listItem\",\"position\":1,\"name\":\"Home\",\"item\":\"https:\\\/\\\/wia.net.pl\",\"nextItem\":{\"@type\":\"ListItem\",\"@id\":\"https:\\\/\\\/wia.net.pl\\\/index.php\\\/category\\\/antropologia\\\/#listItem\",\"name\":\"Antropologia\"}},{\"@type\":\"ListItem\",\"@id\":\"https:\\\/\\\/wia.net.pl\\\/index.php\\\/category\\\/antropologia\\\/#listItem\",\"position\":2,\"name\":\"Antropologia\",\"item\":\"https:\\\/\\\/wia.net.pl\\\/index.php\\\/category\\\/antropologia\\\/\",\"nextItem\":{\"@type\":\"ListItem\",\"@id\":\"https:\\\/\\\/wia.net.pl\\\/index.php\\\/2023\\\/06\\\/03\\\/saturn-i-czarne-slonce\\\/#listItem\",\"name\":\"Saturn i czarne s\\u0142o\\u0144ce\"},\"previousItem\":{\"@type\":\"ListItem\",\"@id\":\"https:\\\/\\\/wia.net.pl#listItem\",\"name\":\"Home\"}},{\"@type\":\"ListItem\",\"@id\":\"https:\\\/\\\/wia.net.pl\\\/index.php\\\/2023\\\/06\\\/03\\\/saturn-i-czarne-slonce\\\/#listItem\",\"position\":3,\"name\":\"Saturn i czarne s\\u0142o\\u0144ce\",\"previousItem\":{\"@type\":\"ListItem\",\"@id\":\"https:\\\/\\\/wia.net.pl\\\/index.php\\\/category\\\/antropologia\\\/#listItem\",\"name\":\"Antropologia\"}}]},{\"@type\":\"Person\",\"@id\":\"https:\\\/\\\/wia.net.pl\\\/#person\",\"name\":\"Bart\\u0142omiej Talarczyk\",\"image\":{\"@type\":\"ImageObject\",\"@id\":\"https:\\\/\\\/wia.net.pl\\\/index.php\\\/2023\\\/06\\\/03\\\/saturn-i-czarne-slonce\\\/#personImage\",\"url\":\"https:\\\/\\\/wia.net.pl\\\/wp-content\\\/uploads\\\/avatar-privacy\\\/cache\\\/user\\\/1\\\/7\\\/176a6b161c58363ff49b5c167264231f519f5c7fa183ca1f61e891769b6b56d5-96.jpg\",\"width\":96,\"height\":96,\"caption\":\"Bart\\u0142omiej Talarczyk\"}},{\"@type\":\"Person\",\"@id\":\"https:\\\/\\\/wia.net.pl\\\/index.php\\\/author\\\/talar\\\/#author\",\"url\":\"https:\\\/\\\/wia.net.pl\\\/index.php\\\/author\\\/talar\\\/\",\"name\":\"Bart\\u0142omiej Talarczyk\",\"image\":{\"@type\":\"ImageObject\",\"@id\":\"https:\\\/\\\/wia.net.pl\\\/index.php\\\/2023\\\/06\\\/03\\\/saturn-i-czarne-slonce\\\/#authorImage\",\"url\":\"https:\\\/\\\/wia.net.pl\\\/wp-content\\\/uploads\\\/avatar-privacy\\\/cache\\\/user\\\/1\\\/7\\\/176a6b161c58363ff49b5c167264231f519f5c7fa183ca1f61e891769b6b56d5-96.jpg\",\"width\":96,\"height\":96,\"caption\":\"Bart\\u0142omiej Talarczyk\"}},{\"@type\":\"WebPage\",\"@id\":\"https:\\\/\\\/wia.net.pl\\\/index.php\\\/2023\\\/06\\\/03\\\/saturn-i-czarne-slonce\\\/#webpage\",\"url\":\"https:\\\/\\\/wia.net.pl\\\/index.php\\\/2023\\\/06\\\/03\\\/saturn-i-czarne-slonce\\\/\",\"name\":\"Saturn i czarne s\\u0142o\\u0144ce - Wolno\\u015b\\u0107 i Anarchia\",\"description\":\"Rzymski m\\u0105\\u017c stanu i filozof Marek Cyceron nazwa\\u0142 Saturna Phainon, s\\u0142owem oznaczaj\\u0105cym \\\"\\u015bwiec\\u0105cy\\\". Od Saturna pochodzi nasza nazwa soboty, a Saturnalia by\\u0142y prawdopodobnie najpopularniejszym \\u015bwi\\u0119tem w kalendarzu rzymskim. \\u0179R\\u00d3D\\u0141O:Kana\\u0142 Atlantean gardens \\u2013 https:\\\/\\\/www.youtube.com\\\/c\\\/AtlanteangardensOrgKana\\u0142 Robert Sepehr \\u2013 https:\\\/\\\/www.youtube.com\\\/user\\\/818encino\",\"inLanguage\":\"pl-PL\",\"isPartOf\":{\"@id\":\"https:\\\/\\\/wia.net.pl\\\/#website\"},\"breadcrumb\":{\"@id\":\"https:\\\/\\\/wia.net.pl\\\/index.php\\\/2023\\\/06\\\/03\\\/saturn-i-czarne-slonce\\\/#breadcrumblist\"},\"author\":{\"@id\":\"https:\\\/\\\/wia.net.pl\\\/index.php\\\/author\\\/talar\\\/#author\"},\"creator\":{\"@id\":\"https:\\\/\\\/wia.net.pl\\\/index.php\\\/author\\\/talar\\\/#author\"},\"image\":{\"@type\":\"ImageObject\",\"url\":\"https:\\\/\\\/wia.net.pl\\\/wp-content\\\/uploads\\\/2023\\\/06\\\/11-1.jpg\",\"@id\":\"https:\\\/\\\/wia.net.pl\\\/index.php\\\/2023\\\/06\\\/03\\\/saturn-i-czarne-slonce\\\/#mainImage\",\"width\":480,\"height\":270},\"primaryImageOfPage\":{\"@id\":\"https:\\\/\\\/wia.net.pl\\\/index.php\\\/2023\\\/06\\\/03\\\/saturn-i-czarne-slonce\\\/#mainImage\"},\"datePublished\":\"2023-06-03T17:48:21+02:00\",\"dateModified\":\"2023-06-03T17:48:21+02:00\"},{\"@type\":\"WebSite\",\"@id\":\"https:\\\/\\\/wia.net.pl\\\/#website\",\"url\":\"https:\\\/\\\/wia.net.pl\\\/\",\"name\":\"Wolno\\u015b\\u0107 i Anarchia\",\"description\":\"Ka\\u017cdy wewn\\u0119trznie jest anarchist\\u0105.\",\"inLanguage\":\"pl-PL\",\"publisher\":{\"@id\":\"https:\\\/\\\/wia.net.pl\\\/#person\"}}]}\n\t\t<\/script>\n\t\t<!-- All in One SEO -->\n\n","aioseo_head_json":{"title":"Saturn i czarne s\u0142o\u0144ce - Wolno\u015b\u0107 i Anarchia","description":"Rzymski m\u0105\u017c stanu i filozof Marek Cyceron nazwa\u0142 Saturna Phainon, s\u0142owem oznaczaj\u0105cym \"\u015bwiec\u0105cy\". Od Saturna pochodzi nasza nazwa soboty, a Saturnalia by\u0142y prawdopodobnie najpopularniejszym \u015bwi\u0119tem w kalendarzu rzymskim. \u0179R\u00d3D\u0141O:Kana\u0142 Atlantean gardens \u2013 https:\/\/www.youtube.com\/c\/AtlanteangardensOrgKana\u0142 Robert Sepehr \u2013 https:\/\/www.youtube.com\/user\/818encino","canonical_url":"https:\/\/wia.net.pl\/index.php\/2023\/06\/03\/saturn-i-czarne-slonce\/","robots":"max-image-preview:large","keywords":"","webmasterTools":{"miscellaneous":""},"schema":{"@context":"https:\/\/schema.org","@graph":[{"@type":"BlogPosting","@id":"https:\/\/wia.net.pl\/index.php\/2023\/06\/03\/saturn-i-czarne-slonce\/#blogposting","name":"Saturn i czarne s\u0142o\u0144ce - Wolno\u015b\u0107 i Anarchia","headline":"Saturn i czarne s\u0142o\u0144ce","author":{"@id":"https:\/\/wia.net.pl\/index.php\/author\/talar\/#author"},"publisher":{"@id":"https:\/\/wia.net.pl\/#person"},"image":{"@type":"ImageObject","url":"https:\/\/wia.net.pl\/wp-content\/uploads\/2023\/06\/11-1.jpg","width":480,"height":270},"datePublished":"2023-06-03T17:48:21+02:00","dateModified":"2023-06-03T17:48:21+02:00","inLanguage":"pl-PL","mainEntityOfPage":{"@id":"https:\/\/wia.net.pl\/index.php\/2023\/06\/03\/saturn-i-czarne-slonce\/#webpage"},"isPartOf":{"@id":"https:\/\/wia.net.pl\/index.php\/2023\/06\/03\/saturn-i-czarne-slonce\/#webpage"},"articleSection":"Antropologia, Alchemia, Atlantean gardens, Cesarstwo Rzymskie, Historia ziemi, Illuminati, Ko\u015bci\u00f3\u0142 katolicki, Ludzko\u015b\u0107, Magia, Masoneria, Niewolnictwo, Okultyzm, Robert Sepehr, Rz\u0105d, Satanizm, Tajne stowarzyszenia, Wszech\u015bwiat"},{"@type":"BreadcrumbList","@id":"https:\/\/wia.net.pl\/index.php\/2023\/06\/03\/saturn-i-czarne-slonce\/#breadcrumblist","itemListElement":[{"@type":"ListItem","@id":"https:\/\/wia.net.pl#listItem","position":1,"name":"Home","item":"https:\/\/wia.net.pl","nextItem":{"@type":"ListItem","@id":"https:\/\/wia.net.pl\/index.php\/category\/antropologia\/#listItem","name":"Antropologia"}},{"@type":"ListItem","@id":"https:\/\/wia.net.pl\/index.php\/category\/antropologia\/#listItem","position":2,"name":"Antropologia","item":"https:\/\/wia.net.pl\/index.php\/category\/antropologia\/","nextItem":{"@type":"ListItem","@id":"https:\/\/wia.net.pl\/index.php\/2023\/06\/03\/saturn-i-czarne-slonce\/#listItem","name":"Saturn i czarne s\u0142o\u0144ce"},"previousItem":{"@type":"ListItem","@id":"https:\/\/wia.net.pl#listItem","name":"Home"}},{"@type":"ListItem","@id":"https:\/\/wia.net.pl\/index.php\/2023\/06\/03\/saturn-i-czarne-slonce\/#listItem","position":3,"name":"Saturn i czarne s\u0142o\u0144ce","previousItem":{"@type":"ListItem","@id":"https:\/\/wia.net.pl\/index.php\/category\/antropologia\/#listItem","name":"Antropologia"}}]},{"@type":"Person","@id":"https:\/\/wia.net.pl\/#person","name":"Bart\u0142omiej Talarczyk","image":{"@type":"ImageObject","@id":"https:\/\/wia.net.pl\/index.php\/2023\/06\/03\/saturn-i-czarne-slonce\/#personImage","url":"https:\/\/wia.net.pl\/wp-content\/uploads\/avatar-privacy\/cache\/user\/1\/7\/176a6b161c58363ff49b5c167264231f519f5c7fa183ca1f61e891769b6b56d5-96.jpg","width":96,"height":96,"caption":"Bart\u0142omiej Talarczyk"}},{"@type":"Person","@id":"https:\/\/wia.net.pl\/index.php\/author\/talar\/#author","url":"https:\/\/wia.net.pl\/index.php\/author\/talar\/","name":"Bart\u0142omiej Talarczyk","image":{"@type":"ImageObject","@id":"https:\/\/wia.net.pl\/index.php\/2023\/06\/03\/saturn-i-czarne-slonce\/#authorImage","url":"https:\/\/wia.net.pl\/wp-content\/uploads\/avatar-privacy\/cache\/user\/1\/7\/176a6b161c58363ff49b5c167264231f519f5c7fa183ca1f61e891769b6b56d5-96.jpg","width":96,"height":96,"caption":"Bart\u0142omiej Talarczyk"}},{"@type":"WebPage","@id":"https:\/\/wia.net.pl\/index.php\/2023\/06\/03\/saturn-i-czarne-slonce\/#webpage","url":"https:\/\/wia.net.pl\/index.php\/2023\/06\/03\/saturn-i-czarne-slonce\/","name":"Saturn i czarne s\u0142o\u0144ce - Wolno\u015b\u0107 i Anarchia","description":"Rzymski m\u0105\u017c stanu i filozof Marek Cyceron nazwa\u0142 Saturna Phainon, s\u0142owem oznaczaj\u0105cym \"\u015bwiec\u0105cy\". Od Saturna pochodzi nasza nazwa soboty, a Saturnalia by\u0142y prawdopodobnie najpopularniejszym \u015bwi\u0119tem w kalendarzu rzymskim. \u0179R\u00d3D\u0141O:Kana\u0142 Atlantean gardens \u2013 https:\/\/www.youtube.com\/c\/AtlanteangardensOrgKana\u0142 Robert Sepehr \u2013 https:\/\/www.youtube.com\/user\/818encino","inLanguage":"pl-PL","isPartOf":{"@id":"https:\/\/wia.net.pl\/#website"},"breadcrumb":{"@id":"https:\/\/wia.net.pl\/index.php\/2023\/06\/03\/saturn-i-czarne-slonce\/#breadcrumblist"},"author":{"@id":"https:\/\/wia.net.pl\/index.php\/author\/talar\/#author"},"creator":{"@id":"https:\/\/wia.net.pl\/index.php\/author\/talar\/#author"},"image":{"@type":"ImageObject","url":"https:\/\/wia.net.pl\/wp-content\/uploads\/2023\/06\/11-1.jpg","@id":"https:\/\/wia.net.pl\/index.php\/2023\/06\/03\/saturn-i-czarne-slonce\/#mainImage","width":480,"height":270},"primaryImageOfPage":{"@id":"https:\/\/wia.net.pl\/index.php\/2023\/06\/03\/saturn-i-czarne-slonce\/#mainImage"},"datePublished":"2023-06-03T17:48:21+02:00","dateModified":"2023-06-03T17:48:21+02:00"},{"@type":"WebSite","@id":"https:\/\/wia.net.pl\/#website","url":"https:\/\/wia.net.pl\/","name":"Wolno\u015b\u0107 i Anarchia","description":"Ka\u017cdy wewn\u0119trznie jest anarchist\u0105.","inLanguage":"pl-PL","publisher":{"@id":"https:\/\/wia.net.pl\/#person"}}]},"og:locale":"pl_PL","og:site_name":"Wolno\u015b\u0107 i Anarchia - Ka\u017cdy wewn\u0119trznie jest anarchist\u0105.","og:type":"article","og:title":"Saturn i czarne s\u0142o\u0144ce - Wolno\u015b\u0107 i Anarchia","og:description":"Rzymski m\u0105\u017c stanu i filozof Marek Cyceron nazwa\u0142 Saturna Phainon, s\u0142owem oznaczaj\u0105cym &quot;\u015bwiec\u0105cy&quot;. Od Saturna pochodzi nasza nazwa soboty, a Saturnalia by\u0142y prawdopodobnie najpopularniejszym \u015bwi\u0119tem w kalendarzu rzymskim. \u0179R\u00d3D\u0141O:Kana\u0142 Atlantean gardens \u2013 https:\/\/www.youtube.com\/c\/AtlanteangardensOrgKana\u0142 Robert Sepehr \u2013 https:\/\/www.youtube.com\/user\/818encino","og:url":"https:\/\/wia.net.pl\/index.php\/2023\/06\/03\/saturn-i-czarne-slonce\/","og:image":"https:\/\/wia.net.pl\/wp-content\/uploads\/2023\/11\/cropped-freedom-i73367.jpg","og:image:secure_url":"https:\/\/wia.net.pl\/wp-content\/uploads\/2023\/11\/cropped-freedom-i73367.jpg","article:published_time":"2023-06-03T15:48:21+00:00","article:modified_time":"2023-06-03T15:48:21+00:00","twitter:card":"summary_large_image","twitter:title":"Saturn i czarne s\u0142o\u0144ce - Wolno\u015b\u0107 i Anarchia","twitter:description":"Rzymski m\u0105\u017c stanu i filozof Marek Cyceron nazwa\u0142 Saturna Phainon, s\u0142owem oznaczaj\u0105cym &quot;\u015bwiec\u0105cy&quot;. Od Saturna pochodzi nasza nazwa soboty, a Saturnalia by\u0142y prawdopodobnie najpopularniejszym \u015bwi\u0119tem w kalendarzu rzymskim. \u0179R\u00d3D\u0141O:Kana\u0142 Atlantean gardens \u2013 https:\/\/www.youtube.com\/c\/AtlanteangardensOrgKana\u0142 Robert Sepehr \u2013 https:\/\/www.youtube.com\/user\/818encino","twitter:image":"https:\/\/wia.net.pl\/wp-content\/uploads\/2023\/11\/cropped-freedom-i73367.jpg"},"aioseo_meta_data":{"post_id":"1440","title":null,"description":null,"keywords":null,"keyphrases":null,"primary_term":null,"canonical_url":null,"og_title":null,"og_description":null,"og_object_type":"default","og_image_type":"default","og_image_url":null,"og_image_width":null,"og_image_height":null,"og_image_custom_url":null,"og_image_custom_fields":null,"og_video":null,"og_custom_url":null,"og_article_section":null,"og_article_tags":null,"twitter_use_og":false,"twitter_card":"default","twitter_image_type":"default","twitter_image_url":null,"twitter_image_custom_url":null,"twitter_image_custom_fields":null,"twitter_title":null,"twitter_description":null,"schema":{"blockGraphs":[],"customGraphs":[],"default":{"data":{"Article":[],"Course":[],"Dataset":[],"FAQPage":[],"Movie":[],"Person":[],"Product":[],"ProductReview":[],"Car":[],"Recipe":[],"Service":[],"SoftwareApplication":[],"WebPage":[]},"graphName":"","isEnabled":true},"graphs":[]},"schema_type":"default","schema_type_options":null,"pillar_content":false,"robots_default":true,"robots_noindex":false,"robots_noarchive":false,"robots_nosnippet":false,"robots_nofollow":false,"robots_noimageindex":false,"robots_noodp":false,"robots_notranslate":false,"robots_max_snippet":null,"robots_max_videopreview":null,"robots_max_imagepreview":"large","priority":null,"frequency":null,"local_seo":null,"breadcrumb_settings":null,"limit_modified_date":false,"ai":null,"created":"2023-06-06 13:48:07","updated":"2025-06-04 07:48:05","seo_analyzer_scan_date":null,"focus_keyword":null,"additional_keywords":null,"truseo_locale":null},"aioseo_breadcrumb":"<div class=\"aioseo-breadcrumbs\"><span class=\"aioseo-breadcrumb\">\n\t\t\t<a href=\"https:\/\/wia.net.pl\" title=\"Home\">Home<\/a>\n\t\t<\/span><span class=\"aioseo-breadcrumb-separator\">&raquo;<\/span><span class=\"aioseo-breadcrumb\">\n\t\t\t<a href=\"https:\/\/wia.net.pl\/index.php\/category\/antropologia\/\" title=\"Antropologia\">Antropologia<\/a>\n\t\t<\/span><span class=\"aioseo-breadcrumb-separator\">&raquo;<\/span><span class=\"aioseo-breadcrumb\">\n\t\t\tSaturn i czarne s\u0142o\u0144ce\n\t\t<\/span><\/div>","aioseo_breadcrumb_json":[{"label":"Home","link":"https:\/\/wia.net.pl"},{"label":"Antropologia","link":"https:\/\/wia.net.pl\/index.php\/category\/antropologia\/"},{"label":"Saturn i czarne s\u0142o\u0144ce","link":"https:\/\/wia.net.pl\/index.php\/2023\/06\/03\/saturn-i-czarne-slonce\/"}],"_links":{"self":[{"href":"https:\/\/wia.net.pl\/index.php\/wp-json\/wp\/v2\/posts\/1440"}],"collection":[{"href":"https:\/\/wia.net.pl\/index.php\/wp-json\/wp\/v2\/posts"}],"about":[{"href":"https:\/\/wia.net.pl\/index.php\/wp-json\/wp\/v2\/types\/post"}],"author":[{"embeddable":true,"href":"https:\/\/wia.net.pl\/index.php\/wp-json\/wp\/v2\/users\/3"}],"replies":[{"embeddable":true,"href":"https:\/\/wia.net.pl\/index.php\/wp-json\/wp\/v2\/comments?post=1440"}],"version-history":[{"count":1,"href":"https:\/\/wia.net.pl\/index.php\/wp-json\/wp\/v2\/posts\/1440\/revisions"}],"predecessor-version":[{"id":1442,"href":"https:\/\/wia.net.pl\/index.php\/wp-json\/wp\/v2\/posts\/1440\/revisions\/1442"}],"wp:featuredmedia":[{"embeddable":true,"href":"https:\/\/wia.net.pl\/index.php\/wp-json\/wp\/v2\/media\/1441"}],"wp:attachment":[{"href":"https:\/\/wia.net.pl\/index.php\/wp-json\/wp\/v2\/media?parent=1440"}],"wp:term":[{"taxonomy":"category","embeddable":true,"href":"https:\/\/wia.net.pl\/index.php\/wp-json\/wp\/v2\/categories?post=1440"},{"taxonomy":"post_tag","embeddable":true,"href":"https:\/\/wia.net.pl\/index.php\/wp-json\/wp\/v2\/tags?post=1440"}],"curies":[{"name":"wp","href":"https:\/\/api.w.org\/{rel}","templated":true}]}}