{"id":1452,"date":"2023-06-03T18:05:39","date_gmt":"2023-06-03T16:05:39","guid":{"rendered":"https:\/\/wia.net.pl\/?p=1452"},"modified":"2023-06-03T18:05:40","modified_gmt":"2023-06-03T16:05:40","slug":"niewidziane-swiaty-i-ukryte-rzeczywistosci","status":"publish","type":"post","link":"https:\/\/wia.net.pl\/index.php\/2023\/06\/03\/niewidziane-swiaty-i-ukryte-rzeczywistosci\/","title":{"rendered":"Niewidziane \u015bwiaty i ukryte rzeczywisto\u015bci"},"content":{"rendered":"\n<p>Rudolf Steiner, urodzony w 1861 r., by\u0142 austriackim filozofem, reformatorem spo\u0142ecznym, architektem, ekonomist\u0105 i ezoterykiem. Steiner zdoby\u0142 pocz\u0105tkowe uznanie pod koniec XIX wieku jako krytyk literacki i opublikowa\u0142 prace filozoficzne, w tym Filozofi\u0119 wolno\u015bci.<\/p>\n\n\n\n<p><span style=\"color: rgb(6, 23, 38); font-family: system-ui, sans-serif; font-size: 16px; font-style: normal; font-variant-ligatures: normal; font-variant-caps: normal; font-weight: 400; letter-spacing: normal; orphans: 2; text-align: start; text-indent: 0px; text-transform: none; white-space: normal; widows: 2; word-spacing: 0px; -webkit-text-stroke-width: 0px; background-color: rgb(255, 255, 255); text-decoration-thickness: initial; text-decoration-style: initial; text-decoration-color: initial; display: inline !important; float: none;\">Bardzo niewielu naukowc\u00f3w jest dzi\u015b sk\u0142onnych zg\u0142\u0119bia\u0107 metafizyk\u0119, by bada\u0107 \u017cycie poza zwyk\u0142\u0105 percepcj\u0105 w celu znalezienia zwi\u0105zku mi\u0119dzy tym, co widzialne, a tym, co niewidzialne. Jednak Rudolf Steiner po\u015bwi\u0119ci\u0142 wiele swoich prac na zagl\u0105danie za zas\u0142on\u0119, dziel\u0105c si\u0119 swoim wgl\u0105dem w g\u0142\u0119bsz\u0105 natur\u0119 \u017cycia i \u015bwiata poza nim, \u015bwiata niewidzialnego.<\/span><\/p>\n\n\n\n<p>\u0179R\u00d3D\u0141O:<br>Kana\u0142 Atlantean gardens \u2013\u00a0<a rel=\"noreferrer noopener\" href=\"https:\/\/www.youtube.com\/c\/AtlanteangardensOrg\" target=\"_blank\">https:\/\/www.youtube.com\/c\/AtlanteangardensOrg<\/a><br>Kana\u0142 Robert Sepehr \u2013\u00a0<a rel=\"noreferrer noopener\" href=\"https:\/\/www.youtube.com\/user\/818encino\" target=\"_blank\">https:\/\/www.youtube.com\/user\/818encino<\/a><\/p>\n\n\n<div style=\"position: relative; padding-bottom: calc(var(--aspect-ratio, .5625) * 100%); height: 0; width: 100%; margin: 0 auto;\" class=\"rumble-video-container\"><video controls controlsList=\"nodownload\" style=\"position: absolute; top: 0; left: 0; width: 100%; height: 100%; background: #000;\" preload=\"metadata\" src=\"https:\/\/1a-1791.com\/video\/s8\/2\/5\/d\/-\/w\/5d-we.caa.mp4\" poster=\"\"><\/video><\/div>\n<div class=\"remoji_bar\"><div class=\"remoji_add_container\" data-remoji-id=\"1452\" data-remoji-type=\"post\"><div class=\"remoji_add_icon\"><\/div><\/div><div class=\"remoji_error_bar\" data-remoji-id=\"1452\" data-remoji-type=\"post\" style=\"display: none;\">Error happened.<\/div><\/div>","protected":false},"excerpt":{"rendered":"<p>Rudolf Steiner, urodzony w 1861 r., by\u0142 austriackim filozofem, reformatorem spo\u0142ecznym, architektem, ekonomist\u0105 i ezoterykiem. Steiner zdoby\u0142 pocz\u0105tkowe uznanie pod koniec XIX wieku jako krytyk literacki i opublikowa\u0142 prace filozoficzne, w tym Filozofi\u0119 wolno\u015bci. Bardzo niewielu naukowc\u00f3w jest dzi\u015b sk\u0142onnych&#8230; <\/p>\n","protected":false},"author":3,"featured_media":1453,"comment_status":"open","ping_status":"open","sticky":false,"template":"","format":"standard","meta":{"_acf_changed":false,"_bbp_topic_count":0,"_bbp_reply_count":0,"_bbp_total_topic_count":0,"_bbp_total_reply_count":0,"_bbp_voice_count":0,"_bbp_anonymous_reply_count":0,"_bbp_topic_count_hidden":0,"_bbp_reply_count_hidden":0,"_bbp_forum_subforum_count":0,"om_disable_all_campaigns":false,"_monsterinsights_skip_tracking":false,"_monsterinsights_sitenote_active":false,"_monsterinsights_sitenote_note":"","_monsterinsights_sitenote_category":0,"footnotes":""},"categories":[11],"tags":[114,89,68,63,42,71,26,113,43,23,112,88,32,22,70,62],"class_list":["post-1452","post","type-post","status-publish","format-standard","has-post-thumbnail","hentry","category-antropologia","tag-alchemia","tag-atlantean-gardens","tag-cesarstwo-rzymskie","tag-historia-ziemi","tag-illuminati","tag-kosciol-katolicki","tag-ludzkosc","tag-magia","tag-masoneria","tag-niewolnictwo","tag-okultyzm","tag-robert-sepehr","tag-rzad","tag-satanizm","tag-tajne-stowarzyszenia","tag-wszechswiat"],"acf":[],"aioseo_notices":[],"_links":{"self":[{"href":"https:\/\/wia.net.pl\/index.php\/wp-json\/wp\/v2\/posts\/1452"}],"collection":[{"href":"https:\/\/wia.net.pl\/index.php\/wp-json\/wp\/v2\/posts"}],"about":[{"href":"https:\/\/wia.net.pl\/index.php\/wp-json\/wp\/v2\/types\/post"}],"author":[{"embeddable":true,"href":"https:\/\/wia.net.pl\/index.php\/wp-json\/wp\/v2\/users\/3"}],"replies":[{"embeddable":true,"href":"https:\/\/wia.net.pl\/index.php\/wp-json\/wp\/v2\/comments?post=1452"}],"version-history":[{"count":1,"href":"https:\/\/wia.net.pl\/index.php\/wp-json\/wp\/v2\/posts\/1452\/revisions"}],"predecessor-version":[{"id":1454,"href":"https:\/\/wia.net.pl\/index.php\/wp-json\/wp\/v2\/posts\/1452\/revisions\/1454"}],"wp:featuredmedia":[{"embeddable":true,"href":"https:\/\/wia.net.pl\/index.php\/wp-json\/wp\/v2\/media\/1453"}],"wp:attachment":[{"href":"https:\/\/wia.net.pl\/index.php\/wp-json\/wp\/v2\/media?parent=1452"}],"wp:term":[{"taxonomy":"category","embeddable":true,"href":"https:\/\/wia.net.pl\/index.php\/wp-json\/wp\/v2\/categories?post=1452"},{"taxonomy":"post_tag","embeddable":true,"href":"https:\/\/wia.net.pl\/index.php\/wp-json\/wp\/v2\/tags?post=1452"}],"curies":[{"name":"wp","href":"https:\/\/api.w.org\/{rel}","templated":true}]}}