{"id":1452,"date":"2023-06-03T18:05:39","date_gmt":"2023-06-03T16:05:39","guid":{"rendered":"https:\/\/wia.net.pl\/?p=1452"},"modified":"2023-06-03T18:05:40","modified_gmt":"2023-06-03T16:05:40","slug":"niewidziane-swiaty-i-ukryte-rzeczywistosci","status":"publish","type":"post","link":"https:\/\/wia.net.pl\/index.php\/2023\/06\/03\/niewidziane-swiaty-i-ukryte-rzeczywistosci\/","title":{"rendered":"Niewidziane \u015bwiaty i ukryte rzeczywisto\u015bci"},"content":{"rendered":"\n<p>Rudolf Steiner, urodzony w 1861 r., by\u0142 austriackim filozofem, reformatorem spo\u0142ecznym, architektem, ekonomist\u0105 i ezoterykiem. Steiner zdoby\u0142 pocz\u0105tkowe uznanie pod koniec XIX wieku jako krytyk literacki i opublikowa\u0142 prace filozoficzne, w tym Filozofi\u0119 wolno\u015bci.<\/p>\n\n\n\n<p><span style=\"color: rgb(6, 23, 38); font-family: system-ui, sans-serif; font-size: 16px; font-style: normal; font-variant-ligatures: normal; font-variant-caps: normal; font-weight: 400; letter-spacing: normal; orphans: 2; text-align: start; text-indent: 0px; text-transform: none; white-space: normal; widows: 2; word-spacing: 0px; -webkit-text-stroke-width: 0px; background-color: rgb(255, 255, 255); text-decoration-thickness: initial; text-decoration-style: initial; text-decoration-color: initial; display: inline !important; float: none;\">Bardzo niewielu naukowc\u00f3w jest dzi\u015b sk\u0142onnych zg\u0142\u0119bia\u0107 metafizyk\u0119, by bada\u0107 \u017cycie poza zwyk\u0142\u0105 percepcj\u0105 w celu znalezienia zwi\u0105zku mi\u0119dzy tym, co widzialne, a tym, co niewidzialne. Jednak Rudolf Steiner po\u015bwi\u0119ci\u0142 wiele swoich prac na zagl\u0105danie za zas\u0142on\u0119, dziel\u0105c si\u0119 swoim wgl\u0105dem w g\u0142\u0119bsz\u0105 natur\u0119 \u017cycia i \u015bwiata poza nim, \u015bwiata niewidzialnego.<\/span><\/p>\n\n\n\n<p>\u0179R\u00d3D\u0141O:<br>Kana\u0142 Atlantean gardens \u2013\u00a0<a rel=\"noreferrer noopener\" href=\"https:\/\/www.youtube.com\/c\/AtlanteangardensOrg\" target=\"_blank\">https:\/\/www.youtube.com\/c\/AtlanteangardensOrg<\/a><br>Kana\u0142 Robert Sepehr \u2013\u00a0<a rel=\"noreferrer noopener\" href=\"https:\/\/www.youtube.com\/user\/818encino\" target=\"_blank\">https:\/\/www.youtube.com\/user\/818encino<\/a><\/p>\n\n\n<div style=\"position: relative; padding-bottom: calc(var(--aspect-ratio, .5625) * 100%); height: 0; width: 100%; margin: 0 auto;\" class=\"rumble-video-container\"><video controls controlsList=\"nodownload\" style=\"position: absolute; top: 0; left: 0; width: 100%; height: 100%; background: #000;\" preload=\"metadata\" src=\"https:\/\/hugh.cdn.rumble.cloud\/video\/s8\/2\/5\/d\/-\/w\/5d-we.caa.mp4\" poster=\"\"><\/video><\/div>\n","protected":false},"excerpt":{"rendered":"<p>Rudolf Steiner, urodzony w 1861 r., by\u0142 austriackim filozofem, reformatorem spo\u0142ecznym, architektem, ekonomist\u0105 i ezoterykiem. Steiner zdoby\u0142 pocz\u0105tkowe uznanie pod koniec XIX wieku jako krytyk literacki i opublikowa\u0142 prace filozoficzne, w tym Filozofi\u0119 wolno\u015bci. Bardzo niewielu naukowc\u00f3w jest dzi\u015b sk\u0142onnych&#8230; <\/p>\n","protected":false},"author":3,"featured_media":1453,"comment_status":"open","ping_status":"open","sticky":false,"template":"","format":"standard","meta":{"_acf_changed":false,"_bbp_topic_count":0,"_bbp_reply_count":0,"_bbp_total_topic_count":0,"_bbp_total_reply_count":0,"_bbp_voice_count":0,"_bbp_anonymous_reply_count":0,"_bbp_topic_count_hidden":0,"_bbp_reply_count_hidden":0,"_bbp_forum_subforum_count":0,"om_disable_all_campaigns":false,"_monsterinsights_skip_tracking":false,"footnotes":""},"categories":[11],"tags":[114,89,68,63,42,71,26,113,43,23,112,88,32,22,70,62],"class_list":["post-1452","post","type-post","status-publish","format-standard","has-post-thumbnail","hentry","category-antropologia","tag-alchemia","tag-atlantean-gardens","tag-cesarstwo-rzymskie","tag-historia-ziemi","tag-illuminati","tag-kosciol-katolicki","tag-ludzkosc","tag-magia","tag-masoneria","tag-niewolnictwo","tag-okultyzm","tag-robert-sepehr","tag-rzad","tag-satanizm","tag-tajne-stowarzyszenia","tag-wszechswiat"],"acf":[],"aioseo_notices":[],"aioseo_head":"\n\t\t<!-- All in One SEO 5.0.1.1 - aioseo.com -->\n\t<meta name=\"description\" content=\"Rudolf Steiner, urodzony w 1861 r., by\u0142 austriackim filozofem, reformatorem spo\u0142ecznym, architektem, ekonomist\u0105 i ezoterykiem. Steiner zdoby\u0142 pocz\u0105tkowe uznanie pod koniec XIX wieku jako krytyk literacki i opublikowa\u0142 prace filozoficzne, w tym Filozofi\u0119 wolno\u015bci. Bardzo niewielu naukowc\u00f3w jest dzi\u015b sk\u0142onnych zg\u0142\u0119bia\u0107 metafizyk\u0119, by bada\u0107 \u017cycie poza zwyk\u0142\u0105 percepcj\u0105 w celu znalezienia zwi\u0105zku mi\u0119dzy tym, co\" \/>\n\t<meta name=\"robots\" content=\"max-image-preview:large\" \/>\n\t<meta name=\"author\" content=\"Bart\u0142omiej Talarczyk\"\/>\n\t<link rel=\"canonical\" href=\"https:\/\/wia.net.pl\/index.php\/2023\/06\/03\/niewidziane-swiaty-i-ukryte-rzeczywistosci\/\" \/>\n\t<meta name=\"generator\" content=\"All in One SEO (AIOSEO) 5.0.1.1\" \/>\n\t\t<meta property=\"og:locale\" content=\"pl_PL\" \/>\n\t\t<meta property=\"og:site_name\" content=\"Wolno\u015b\u0107 i Anarchia - Ka\u017cdy wewn\u0119trznie jest anarchist\u0105.\" \/>\n\t\t<meta property=\"og:type\" content=\"article\" \/>\n\t\t<meta property=\"og:title\" content=\"Niewidziane \u015bwiaty i ukryte rzeczywisto\u015bci - Wolno\u015b\u0107 i Anarchia\" \/>\n\t\t<meta property=\"og:description\" content=\"Rudolf Steiner, urodzony w 1861 r., by\u0142 austriackim filozofem, reformatorem spo\u0142ecznym, architektem, ekonomist\u0105 i ezoterykiem. Steiner zdoby\u0142 pocz\u0105tkowe uznanie pod koniec XIX wieku jako krytyk literacki i opublikowa\u0142 prace filozoficzne, w tym Filozofi\u0119 wolno\u015bci. Bardzo niewielu naukowc\u00f3w jest dzi\u015b sk\u0142onnych zg\u0142\u0119bia\u0107 metafizyk\u0119, by bada\u0107 \u017cycie poza zwyk\u0142\u0105 percepcj\u0105 w celu znalezienia zwi\u0105zku mi\u0119dzy tym, co\" \/>\n\t\t<meta property=\"og:url\" content=\"https:\/\/wia.net.pl\/index.php\/2023\/06\/03\/niewidziane-swiaty-i-ukryte-rzeczywistosci\/\" \/>\n\t\t<meta property=\"og:image\" content=\"https:\/\/wia.net.pl\/wp-content\/uploads\/2023\/11\/cropped-freedom-i73367.jpg\" \/>\n\t\t<meta property=\"og:image:secure_url\" content=\"https:\/\/wia.net.pl\/wp-content\/uploads\/2023\/11\/cropped-freedom-i73367.jpg\" \/>\n\t\t<meta property=\"article:published_time\" content=\"2023-06-03T16:05:39+00:00\" \/>\n\t\t<meta property=\"article:modified_time\" content=\"2023-06-03T16:05:40+00:00\" \/>\n\t\t<meta name=\"twitter:card\" content=\"summary_large_image\" \/>\n\t\t<meta name=\"twitter:title\" content=\"Niewidziane \u015bwiaty i ukryte rzeczywisto\u015bci - Wolno\u015b\u0107 i Anarchia\" \/>\n\t\t<meta name=\"twitter:description\" content=\"Rudolf Steiner, urodzony w 1861 r., by\u0142 austriackim filozofem, reformatorem spo\u0142ecznym, architektem, ekonomist\u0105 i ezoterykiem. Steiner zdoby\u0142 pocz\u0105tkowe uznanie pod koniec XIX wieku jako krytyk literacki i opublikowa\u0142 prace filozoficzne, w tym Filozofi\u0119 wolno\u015bci. Bardzo niewielu naukowc\u00f3w jest dzi\u015b sk\u0142onnych zg\u0142\u0119bia\u0107 metafizyk\u0119, by bada\u0107 \u017cycie poza zwyk\u0142\u0105 percepcj\u0105 w celu znalezienia zwi\u0105zku mi\u0119dzy tym, co\" \/>\n\t\t<meta name=\"twitter:image\" content=\"https:\/\/wia.net.pl\/wp-content\/uploads\/2023\/11\/cropped-freedom-i73367.jpg\" \/>\n\t\t<script type=\"application\/ld+json\" class=\"aioseo-schema\">\n\t\t\t{\"@context\":\"https:\\\/\\\/schema.org\",\"@graph\":[{\"@type\":\"BlogPosting\",\"@id\":\"https:\\\/\\\/wia.net.pl\\\/index.php\\\/2023\\\/06\\\/03\\\/niewidziane-swiaty-i-ukryte-rzeczywistosci\\\/#blogposting\",\"name\":\"Niewidziane \\u015bwiaty i ukryte rzeczywisto\\u015bci - Wolno\\u015b\\u0107 i Anarchia\",\"headline\":\"Niewidziane \\u015bwiaty i ukryte rzeczywisto\\u015bci\",\"author\":{\"@id\":\"https:\\\/\\\/wia.net.pl\\\/index.php\\\/author\\\/talar\\\/#author\"},\"publisher\":{\"@id\":\"https:\\\/\\\/wia.net.pl\\\/#person\"},\"image\":{\"@type\":\"ImageObject\",\"url\":\"https:\\\/\\\/wia.net.pl\\\/wp-content\\\/uploads\\\/2023\\\/06\\\/12.jpg\",\"width\":480,\"height\":270},\"datePublished\":\"2023-06-03T18:05:39+02:00\",\"dateModified\":\"2023-06-03T18:05:40+02:00\",\"inLanguage\":\"pl-PL\",\"mainEntityOfPage\":{\"@id\":\"https:\\\/\\\/wia.net.pl\\\/index.php\\\/2023\\\/06\\\/03\\\/niewidziane-swiaty-i-ukryte-rzeczywistosci\\\/#webpage\"},\"isPartOf\":{\"@id\":\"https:\\\/\\\/wia.net.pl\\\/index.php\\\/2023\\\/06\\\/03\\\/niewidziane-swiaty-i-ukryte-rzeczywistosci\\\/#webpage\"},\"articleSection\":\"Antropologia, Alchemia, Atlantean gardens, Cesarstwo Rzymskie, Historia ziemi, Illuminati, Ko\\u015bci\\u00f3\\u0142 katolicki, Ludzko\\u015b\\u0107, Magia, Masoneria, Niewolnictwo, Okultyzm, Robert Sepehr, Rz\\u0105d, Satanizm, Tajne stowarzyszenia, Wszech\\u015bwiat\"},{\"@type\":\"BreadcrumbList\",\"@id\":\"https:\\\/\\\/wia.net.pl\\\/index.php\\\/2023\\\/06\\\/03\\\/niewidziane-swiaty-i-ukryte-rzeczywistosci\\\/#breadcrumblist\",\"itemListElement\":[{\"@type\":\"ListItem\",\"@id\":\"https:\\\/\\\/wia.net.pl#listItem\",\"position\":1,\"name\":\"Home\",\"item\":\"https:\\\/\\\/wia.net.pl\",\"nextItem\":{\"@type\":\"ListItem\",\"@id\":\"https:\\\/\\\/wia.net.pl\\\/index.php\\\/category\\\/antropologia\\\/#listItem\",\"name\":\"Antropologia\"}},{\"@type\":\"ListItem\",\"@id\":\"https:\\\/\\\/wia.net.pl\\\/index.php\\\/category\\\/antropologia\\\/#listItem\",\"position\":2,\"name\":\"Antropologia\",\"item\":\"https:\\\/\\\/wia.net.pl\\\/index.php\\\/category\\\/antropologia\\\/\",\"nextItem\":{\"@type\":\"ListItem\",\"@id\":\"https:\\\/\\\/wia.net.pl\\\/index.php\\\/2023\\\/06\\\/03\\\/niewidziane-swiaty-i-ukryte-rzeczywistosci\\\/#listItem\",\"name\":\"Niewidziane \\u015bwiaty i ukryte rzeczywisto\\u015bci\"},\"previousItem\":{\"@type\":\"ListItem\",\"@id\":\"https:\\\/\\\/wia.net.pl#listItem\",\"name\":\"Home\"}},{\"@type\":\"ListItem\",\"@id\":\"https:\\\/\\\/wia.net.pl\\\/index.php\\\/2023\\\/06\\\/03\\\/niewidziane-swiaty-i-ukryte-rzeczywistosci\\\/#listItem\",\"position\":3,\"name\":\"Niewidziane \\u015bwiaty i ukryte rzeczywisto\\u015bci\",\"previousItem\":{\"@type\":\"ListItem\",\"@id\":\"https:\\\/\\\/wia.net.pl\\\/index.php\\\/category\\\/antropologia\\\/#listItem\",\"name\":\"Antropologia\"}}]},{\"@type\":\"Person\",\"@id\":\"https:\\\/\\\/wia.net.pl\\\/#person\",\"name\":\"Bart\\u0142omiej Talarczyk\",\"image\":{\"@type\":\"ImageObject\",\"@id\":\"https:\\\/\\\/wia.net.pl\\\/index.php\\\/2023\\\/06\\\/03\\\/niewidziane-swiaty-i-ukryte-rzeczywistosci\\\/#personImage\",\"url\":\"https:\\\/\\\/wia.net.pl\\\/wp-content\\\/uploads\\\/avatar-privacy\\\/cache\\\/user\\\/1\\\/7\\\/176a6b161c58363ff49b5c167264231f519f5c7fa183ca1f61e891769b6b56d5-96.jpg\",\"width\":96,\"height\":96,\"caption\":\"Bart\\u0142omiej Talarczyk\"}},{\"@type\":\"Person\",\"@id\":\"https:\\\/\\\/wia.net.pl\\\/index.php\\\/author\\\/talar\\\/#author\",\"url\":\"https:\\\/\\\/wia.net.pl\\\/index.php\\\/author\\\/talar\\\/\",\"name\":\"Bart\\u0142omiej Talarczyk\",\"image\":{\"@type\":\"ImageObject\",\"@id\":\"https:\\\/\\\/wia.net.pl\\\/index.php\\\/2023\\\/06\\\/03\\\/niewidziane-swiaty-i-ukryte-rzeczywistosci\\\/#authorImage\",\"url\":\"https:\\\/\\\/wia.net.pl\\\/wp-content\\\/uploads\\\/avatar-privacy\\\/cache\\\/user\\\/1\\\/7\\\/176a6b161c58363ff49b5c167264231f519f5c7fa183ca1f61e891769b6b56d5-96.jpg\",\"width\":96,\"height\":96,\"caption\":\"Bart\\u0142omiej Talarczyk\"}},{\"@type\":\"WebPage\",\"@id\":\"https:\\\/\\\/wia.net.pl\\\/index.php\\\/2023\\\/06\\\/03\\\/niewidziane-swiaty-i-ukryte-rzeczywistosci\\\/#webpage\",\"url\":\"https:\\\/\\\/wia.net.pl\\\/index.php\\\/2023\\\/06\\\/03\\\/niewidziane-swiaty-i-ukryte-rzeczywistosci\\\/\",\"name\":\"Niewidziane \\u015bwiaty i ukryte rzeczywisto\\u015bci - Wolno\\u015b\\u0107 i Anarchia\",\"description\":\"Rudolf Steiner, urodzony w 1861 r., by\\u0142 austriackim filozofem, reformatorem spo\\u0142ecznym, architektem, ekonomist\\u0105 i ezoterykiem. Steiner zdoby\\u0142 pocz\\u0105tkowe uznanie pod koniec XIX wieku jako krytyk literacki i opublikowa\\u0142 prace filozoficzne, w tym Filozofi\\u0119 wolno\\u015bci. Bardzo niewielu naukowc\\u00f3w jest dzi\\u015b sk\\u0142onnych zg\\u0142\\u0119bia\\u0107 metafizyk\\u0119, by bada\\u0107 \\u017cycie poza zwyk\\u0142\\u0105 percepcj\\u0105 w celu znalezienia zwi\\u0105zku mi\\u0119dzy tym, co\",\"inLanguage\":\"pl-PL\",\"isPartOf\":{\"@id\":\"https:\\\/\\\/wia.net.pl\\\/#website\"},\"breadcrumb\":{\"@id\":\"https:\\\/\\\/wia.net.pl\\\/index.php\\\/2023\\\/06\\\/03\\\/niewidziane-swiaty-i-ukryte-rzeczywistosci\\\/#breadcrumblist\"},\"author\":{\"@id\":\"https:\\\/\\\/wia.net.pl\\\/index.php\\\/author\\\/talar\\\/#author\"},\"creator\":{\"@id\":\"https:\\\/\\\/wia.net.pl\\\/index.php\\\/author\\\/talar\\\/#author\"},\"image\":{\"@type\":\"ImageObject\",\"url\":\"https:\\\/\\\/wia.net.pl\\\/wp-content\\\/uploads\\\/2023\\\/06\\\/12.jpg\",\"@id\":\"https:\\\/\\\/wia.net.pl\\\/index.php\\\/2023\\\/06\\\/03\\\/niewidziane-swiaty-i-ukryte-rzeczywistosci\\\/#mainImage\",\"width\":480,\"height\":270},\"primaryImageOfPage\":{\"@id\":\"https:\\\/\\\/wia.net.pl\\\/index.php\\\/2023\\\/06\\\/03\\\/niewidziane-swiaty-i-ukryte-rzeczywistosci\\\/#mainImage\"},\"datePublished\":\"2023-06-03T18:05:39+02:00\",\"dateModified\":\"2023-06-03T18:05:40+02:00\"},{\"@type\":\"WebSite\",\"@id\":\"https:\\\/\\\/wia.net.pl\\\/#website\",\"url\":\"https:\\\/\\\/wia.net.pl\\\/\",\"name\":\"Wolno\\u015b\\u0107 i Anarchia\",\"description\":\"Ka\\u017cdy wewn\\u0119trznie jest anarchist\\u0105.\",\"inLanguage\":\"pl-PL\",\"publisher\":{\"@id\":\"https:\\\/\\\/wia.net.pl\\\/#person\"}}]}\n\t\t<\/script>\n\t\t<!-- All in One SEO -->\n\n","aioseo_head_json":{"title":"Niewidziane \u015bwiaty i ukryte rzeczywisto\u015bci - Wolno\u015b\u0107 i Anarchia","description":"Rudolf Steiner, urodzony w 1861 r., by\u0142 austriackim filozofem, reformatorem spo\u0142ecznym, architektem, ekonomist\u0105 i ezoterykiem. Steiner zdoby\u0142 pocz\u0105tkowe uznanie pod koniec XIX wieku jako krytyk literacki i opublikowa\u0142 prace filozoficzne, w tym Filozofi\u0119 wolno\u015bci. Bardzo niewielu naukowc\u00f3w jest dzi\u015b sk\u0142onnych zg\u0142\u0119bia\u0107 metafizyk\u0119, by bada\u0107 \u017cycie poza zwyk\u0142\u0105 percepcj\u0105 w celu znalezienia zwi\u0105zku mi\u0119dzy tym, co","canonical_url":"https:\/\/wia.net.pl\/index.php\/2023\/06\/03\/niewidziane-swiaty-i-ukryte-rzeczywistosci\/","robots":"max-image-preview:large","keywords":"","webmasterTools":{"miscellaneous":""},"schema":{"@context":"https:\/\/schema.org","@graph":[{"@type":"BlogPosting","@id":"https:\/\/wia.net.pl\/index.php\/2023\/06\/03\/niewidziane-swiaty-i-ukryte-rzeczywistosci\/#blogposting","name":"Niewidziane \u015bwiaty i ukryte rzeczywisto\u015bci - Wolno\u015b\u0107 i Anarchia","headline":"Niewidziane \u015bwiaty i ukryte rzeczywisto\u015bci","author":{"@id":"https:\/\/wia.net.pl\/index.php\/author\/talar\/#author"},"publisher":{"@id":"https:\/\/wia.net.pl\/#person"},"image":{"@type":"ImageObject","url":"https:\/\/wia.net.pl\/wp-content\/uploads\/2023\/06\/12.jpg","width":480,"height":270},"datePublished":"2023-06-03T18:05:39+02:00","dateModified":"2023-06-03T18:05:40+02:00","inLanguage":"pl-PL","mainEntityOfPage":{"@id":"https:\/\/wia.net.pl\/index.php\/2023\/06\/03\/niewidziane-swiaty-i-ukryte-rzeczywistosci\/#webpage"},"isPartOf":{"@id":"https:\/\/wia.net.pl\/index.php\/2023\/06\/03\/niewidziane-swiaty-i-ukryte-rzeczywistosci\/#webpage"},"articleSection":"Antropologia, Alchemia, Atlantean gardens, Cesarstwo Rzymskie, Historia ziemi, Illuminati, Ko\u015bci\u00f3\u0142 katolicki, Ludzko\u015b\u0107, Magia, Masoneria, Niewolnictwo, Okultyzm, Robert Sepehr, Rz\u0105d, Satanizm, Tajne stowarzyszenia, Wszech\u015bwiat"},{"@type":"BreadcrumbList","@id":"https:\/\/wia.net.pl\/index.php\/2023\/06\/03\/niewidziane-swiaty-i-ukryte-rzeczywistosci\/#breadcrumblist","itemListElement":[{"@type":"ListItem","@id":"https:\/\/wia.net.pl#listItem","position":1,"name":"Home","item":"https:\/\/wia.net.pl","nextItem":{"@type":"ListItem","@id":"https:\/\/wia.net.pl\/index.php\/category\/antropologia\/#listItem","name":"Antropologia"}},{"@type":"ListItem","@id":"https:\/\/wia.net.pl\/index.php\/category\/antropologia\/#listItem","position":2,"name":"Antropologia","item":"https:\/\/wia.net.pl\/index.php\/category\/antropologia\/","nextItem":{"@type":"ListItem","@id":"https:\/\/wia.net.pl\/index.php\/2023\/06\/03\/niewidziane-swiaty-i-ukryte-rzeczywistosci\/#listItem","name":"Niewidziane \u015bwiaty i ukryte rzeczywisto\u015bci"},"previousItem":{"@type":"ListItem","@id":"https:\/\/wia.net.pl#listItem","name":"Home"}},{"@type":"ListItem","@id":"https:\/\/wia.net.pl\/index.php\/2023\/06\/03\/niewidziane-swiaty-i-ukryte-rzeczywistosci\/#listItem","position":3,"name":"Niewidziane \u015bwiaty i ukryte rzeczywisto\u015bci","previousItem":{"@type":"ListItem","@id":"https:\/\/wia.net.pl\/index.php\/category\/antropologia\/#listItem","name":"Antropologia"}}]},{"@type":"Person","@id":"https:\/\/wia.net.pl\/#person","name":"Bart\u0142omiej Talarczyk","image":{"@type":"ImageObject","@id":"https:\/\/wia.net.pl\/index.php\/2023\/06\/03\/niewidziane-swiaty-i-ukryte-rzeczywistosci\/#personImage","url":"https:\/\/wia.net.pl\/wp-content\/uploads\/avatar-privacy\/cache\/user\/1\/7\/176a6b161c58363ff49b5c167264231f519f5c7fa183ca1f61e891769b6b56d5-96.jpg","width":96,"height":96,"caption":"Bart\u0142omiej Talarczyk"}},{"@type":"Person","@id":"https:\/\/wia.net.pl\/index.php\/author\/talar\/#author","url":"https:\/\/wia.net.pl\/index.php\/author\/talar\/","name":"Bart\u0142omiej Talarczyk","image":{"@type":"ImageObject","@id":"https:\/\/wia.net.pl\/index.php\/2023\/06\/03\/niewidziane-swiaty-i-ukryte-rzeczywistosci\/#authorImage","url":"https:\/\/wia.net.pl\/wp-content\/uploads\/avatar-privacy\/cache\/user\/1\/7\/176a6b161c58363ff49b5c167264231f519f5c7fa183ca1f61e891769b6b56d5-96.jpg","width":96,"height":96,"caption":"Bart\u0142omiej Talarczyk"}},{"@type":"WebPage","@id":"https:\/\/wia.net.pl\/index.php\/2023\/06\/03\/niewidziane-swiaty-i-ukryte-rzeczywistosci\/#webpage","url":"https:\/\/wia.net.pl\/index.php\/2023\/06\/03\/niewidziane-swiaty-i-ukryte-rzeczywistosci\/","name":"Niewidziane \u015bwiaty i ukryte rzeczywisto\u015bci - Wolno\u015b\u0107 i Anarchia","description":"Rudolf Steiner, urodzony w 1861 r., by\u0142 austriackim filozofem, reformatorem spo\u0142ecznym, architektem, ekonomist\u0105 i ezoterykiem. Steiner zdoby\u0142 pocz\u0105tkowe uznanie pod koniec XIX wieku jako krytyk literacki i opublikowa\u0142 prace filozoficzne, w tym Filozofi\u0119 wolno\u015bci. Bardzo niewielu naukowc\u00f3w jest dzi\u015b sk\u0142onnych zg\u0142\u0119bia\u0107 metafizyk\u0119, by bada\u0107 \u017cycie poza zwyk\u0142\u0105 percepcj\u0105 w celu znalezienia zwi\u0105zku mi\u0119dzy tym, co","inLanguage":"pl-PL","isPartOf":{"@id":"https:\/\/wia.net.pl\/#website"},"breadcrumb":{"@id":"https:\/\/wia.net.pl\/index.php\/2023\/06\/03\/niewidziane-swiaty-i-ukryte-rzeczywistosci\/#breadcrumblist"},"author":{"@id":"https:\/\/wia.net.pl\/index.php\/author\/talar\/#author"},"creator":{"@id":"https:\/\/wia.net.pl\/index.php\/author\/talar\/#author"},"image":{"@type":"ImageObject","url":"https:\/\/wia.net.pl\/wp-content\/uploads\/2023\/06\/12.jpg","@id":"https:\/\/wia.net.pl\/index.php\/2023\/06\/03\/niewidziane-swiaty-i-ukryte-rzeczywistosci\/#mainImage","width":480,"height":270},"primaryImageOfPage":{"@id":"https:\/\/wia.net.pl\/index.php\/2023\/06\/03\/niewidziane-swiaty-i-ukryte-rzeczywistosci\/#mainImage"},"datePublished":"2023-06-03T18:05:39+02:00","dateModified":"2023-06-03T18:05:40+02:00"},{"@type":"WebSite","@id":"https:\/\/wia.net.pl\/#website","url":"https:\/\/wia.net.pl\/","name":"Wolno\u015b\u0107 i Anarchia","description":"Ka\u017cdy wewn\u0119trznie jest anarchist\u0105.","inLanguage":"pl-PL","publisher":{"@id":"https:\/\/wia.net.pl\/#person"}}]},"og:locale":"pl_PL","og:site_name":"Wolno\u015b\u0107 i Anarchia - Ka\u017cdy wewn\u0119trznie jest anarchist\u0105.","og:type":"article","og:title":"Niewidziane \u015bwiaty i ukryte rzeczywisto\u015bci - Wolno\u015b\u0107 i Anarchia","og:description":"Rudolf Steiner, urodzony w 1861 r., by\u0142 austriackim filozofem, reformatorem spo\u0142ecznym, architektem, ekonomist\u0105 i ezoterykiem. Steiner zdoby\u0142 pocz\u0105tkowe uznanie pod koniec XIX wieku jako krytyk literacki i opublikowa\u0142 prace filozoficzne, w tym Filozofi\u0119 wolno\u015bci. Bardzo niewielu naukowc\u00f3w jest dzi\u015b sk\u0142onnych zg\u0142\u0119bia\u0107 metafizyk\u0119, by bada\u0107 \u017cycie poza zwyk\u0142\u0105 percepcj\u0105 w celu znalezienia zwi\u0105zku mi\u0119dzy tym, co","og:url":"https:\/\/wia.net.pl\/index.php\/2023\/06\/03\/niewidziane-swiaty-i-ukryte-rzeczywistosci\/","og:image":"https:\/\/wia.net.pl\/wp-content\/uploads\/2023\/11\/cropped-freedom-i73367.jpg","og:image:secure_url":"https:\/\/wia.net.pl\/wp-content\/uploads\/2023\/11\/cropped-freedom-i73367.jpg","article:published_time":"2023-06-03T16:05:39+00:00","article:modified_time":"2023-06-03T16:05:40+00:00","twitter:card":"summary_large_image","twitter:title":"Niewidziane \u015bwiaty i ukryte rzeczywisto\u015bci - Wolno\u015b\u0107 i Anarchia","twitter:description":"Rudolf Steiner, urodzony w 1861 r., by\u0142 austriackim filozofem, reformatorem spo\u0142ecznym, architektem, ekonomist\u0105 i ezoterykiem. Steiner zdoby\u0142 pocz\u0105tkowe uznanie pod koniec XIX wieku jako krytyk literacki i opublikowa\u0142 prace filozoficzne, w tym Filozofi\u0119 wolno\u015bci. Bardzo niewielu naukowc\u00f3w jest dzi\u015b sk\u0142onnych zg\u0142\u0119bia\u0107 metafizyk\u0119, by bada\u0107 \u017cycie poza zwyk\u0142\u0105 percepcj\u0105 w celu znalezienia zwi\u0105zku mi\u0119dzy tym, co","twitter:image":"https:\/\/wia.net.pl\/wp-content\/uploads\/2023\/11\/cropped-freedom-i73367.jpg"},"aioseo_meta_data":{"post_id":"1452","title":null,"description":null,"keywords":null,"keyphrases":null,"primary_term":null,"canonical_url":null,"og_title":null,"og_description":null,"og_object_type":"default","og_image_type":"default","og_image_url":null,"og_image_width":null,"og_image_height":null,"og_image_custom_url":null,"og_image_custom_fields":null,"og_video":null,"og_custom_url":null,"og_article_section":null,"og_article_tags":null,"twitter_use_og":false,"twitter_card":"default","twitter_image_type":"default","twitter_image_url":null,"twitter_image_custom_url":null,"twitter_image_custom_fields":null,"twitter_title":null,"twitter_description":null,"schema":{"blockGraphs":[],"customGraphs":[],"default":{"data":{"Article":[],"Course":[],"Dataset":[],"FAQPage":[],"Movie":[],"Person":[],"Product":[],"ProductReview":[],"Car":[],"Recipe":[],"Service":[],"SoftwareApplication":[],"WebPage":[]},"graphName":"","isEnabled":true},"graphs":[]},"schema_type":"default","schema_type_options":null,"pillar_content":false,"robots_default":true,"robots_noindex":false,"robots_noarchive":false,"robots_nosnippet":false,"robots_nofollow":false,"robots_noimageindex":false,"robots_noodp":false,"robots_notranslate":false,"robots_max_snippet":null,"robots_max_videopreview":null,"robots_max_imagepreview":"large","priority":null,"frequency":null,"local_seo":null,"breadcrumb_settings":null,"limit_modified_date":false,"ai":null,"created":"2023-06-06 13:48:09","updated":"2025-06-04 07:48:08","seo_analyzer_scan_date":null,"focus_keyword":null,"additional_keywords":null,"truseo_locale":null},"aioseo_breadcrumb":"<div class=\"aioseo-breadcrumbs\"><span class=\"aioseo-breadcrumb\">\n\t\t\t<a href=\"https:\/\/wia.net.pl\" title=\"Home\">Home<\/a>\n\t\t<\/span><span class=\"aioseo-breadcrumb-separator\">&raquo;<\/span><span class=\"aioseo-breadcrumb\">\n\t\t\t<a href=\"https:\/\/wia.net.pl\/index.php\/category\/antropologia\/\" title=\"Antropologia\">Antropologia<\/a>\n\t\t<\/span><span class=\"aioseo-breadcrumb-separator\">&raquo;<\/span><span class=\"aioseo-breadcrumb\">\n\t\t\tNiewidziane \u015bwiaty i ukryte rzeczywisto\u015bci\n\t\t<\/span><\/div>","aioseo_breadcrumb_json":[{"label":"Home","link":"https:\/\/wia.net.pl"},{"label":"Antropologia","link":"https:\/\/wia.net.pl\/index.php\/category\/antropologia\/"},{"label":"Niewidziane \u015bwiaty i ukryte rzeczywisto\u015bci","link":"https:\/\/wia.net.pl\/index.php\/2023\/06\/03\/niewidziane-swiaty-i-ukryte-rzeczywistosci\/"}],"_links":{"self":[{"href":"https:\/\/wia.net.pl\/index.php\/wp-json\/wp\/v2\/posts\/1452"}],"collection":[{"href":"https:\/\/wia.net.pl\/index.php\/wp-json\/wp\/v2\/posts"}],"about":[{"href":"https:\/\/wia.net.pl\/index.php\/wp-json\/wp\/v2\/types\/post"}],"author":[{"embeddable":true,"href":"https:\/\/wia.net.pl\/index.php\/wp-json\/wp\/v2\/users\/3"}],"replies":[{"embeddable":true,"href":"https:\/\/wia.net.pl\/index.php\/wp-json\/wp\/v2\/comments?post=1452"}],"version-history":[{"count":1,"href":"https:\/\/wia.net.pl\/index.php\/wp-json\/wp\/v2\/posts\/1452\/revisions"}],"predecessor-version":[{"id":1454,"href":"https:\/\/wia.net.pl\/index.php\/wp-json\/wp\/v2\/posts\/1452\/revisions\/1454"}],"wp:featuredmedia":[{"embeddable":true,"href":"https:\/\/wia.net.pl\/index.php\/wp-json\/wp\/v2\/media\/1453"}],"wp:attachment":[{"href":"https:\/\/wia.net.pl\/index.php\/wp-json\/wp\/v2\/media?parent=1452"}],"wp:term":[{"taxonomy":"category","embeddable":true,"href":"https:\/\/wia.net.pl\/index.php\/wp-json\/wp\/v2\/categories?post=1452"},{"taxonomy":"post_tag","embeddable":true,"href":"https:\/\/wia.net.pl\/index.php\/wp-json\/wp\/v2\/tags?post=1452"}],"curies":[{"name":"wp","href":"https:\/\/api.w.org\/{rel}","templated":true}]}}