{"id":1474,"date":"2023-06-03T18:33:39","date_gmt":"2023-06-03T16:33:39","guid":{"rendered":"https:\/\/wia.net.pl\/?p=1474"},"modified":"2023-06-03T18:33:40","modified_gmt":"2023-06-03T16:33:40","slug":"niemiecki-tajny-program-kosmiczny-i-zaawansowana-technologia","status":"publish","type":"post","link":"https:\/\/wia.net.pl\/index.php\/2023\/06\/03\/niemiecki-tajny-program-kosmiczny-i-zaawansowana-technologia\/","title":{"rendered":"Niemiecki tajny program kosmiczny i zaawansowana technologia"},"content":{"rendered":"\n<p>Dr Wernher von Braun by\u0142 jednym z najwa\u017cniejszych or\u0119downik\u00f3w eksploracji kosmosu w XX wieku. Urodzi\u0142 si\u0119 w \u00f3wczesnym Cesarstwie Niemieckim, a obecnie w Polsce. W m\u0142odo\u015bci zafascynowa\u0142 si\u0119 mo\u017cliwo\u015bciami eksploracji kosmosu, czytaj\u0105c fantastyk\u0119 naukow\u0105, co sk\u0142oni\u0142o go do opanowania rachunk\u00f3w i trygonometrii, aby zrozumie\u0107 fizyk\u0119 rakiet. Od lat m\u0142odzie\u0144czych von Braun \u017cywo interesowa\u0142 si\u0119 lotami kosmicznymi, anga\u017cuj\u0105c si\u0119 w dzia\u0142alno\u015b\u0107 Niemieckiego Towarzystwa Podr\u00f3\u017cy Kosmicznych, a nast\u0119pnie pracuj\u0105c dla armii niemieckiej nad rozwojem rakiet na paliwo ciek\u0142e we wsp\u00f3\u0142pracy z dr Hermannem Oberthem, urodzonym w Austro-W\u0119grzech niemieckim fizykiem i in\u017cynierem. W Niemczech przed II wojn\u0105 \u015bwiatow\u0105 siostry Vril (\u015bwiat\u0142o) prowadzi\u0142y badania nad zjawiskami psychicznymi, zaawansowan\u0105 technologi\u0105 nap\u0119dow\u0105 i samolotami w kszta\u0142cie spodk\u00f3w. Narodowosocjalistyczne Niemcy ro\u015bci\u0142y sobie prawo do terytorium Nowej Szwabii na Antarktydzie, wys\u0142a\u0142y tam ekspedycj\u0119 w 1938 r. i rozpocz\u0119\u0142y budow\u0119 tajnych, g\u0142\u0119bokich baz podziemnych pod lodem. W 1946 r. pokona\u0142y &#8222;powojenny&#8221; atak si\u0142 alianckich pod wodz\u0105 admira\u0142a Byrda, kt\u00f3ry wycofa\u0142 si\u0119 w nies\u0142awie po poniesieniu znacznych strat i ofiar (zob. operacja Highjump).<\/p>\n\n\n\n<p>\u0179R\u00d3D\u0141O:<br>Kana\u0142 Atlantean gardens \u2013\u00a0<a rel=\"noreferrer noopener\" href=\"https:\/\/www.youtube.com\/c\/AtlanteangardensOrg\" target=\"_blank\">https:\/\/www.youtube.com\/c\/AtlanteangardensOrg<\/a><br>Kana\u0142 Robert Sepehr \u2013\u00a0<a rel=\"noreferrer noopener\" href=\"https:\/\/www.youtube.com\/user\/818encino\" target=\"_blank\">https:\/\/www.youtube.com\/user\/818encino<\/a><\/p>\n\n\n<div style=\"position: relative; padding-bottom: calc(var(--aspect-ratio, .5625) * 100%); height: 0; width: 100%; margin: 0 auto;\" class=\"rumble-video-container\"><video controls controlsList=\"nodownload\" style=\"position: absolute; top: 0; left: 0; width: 100%; height: 100%; background: #000;\" preload=\"metadata\" src=\"https:\/\/1a-1791.com\/video\/s8\/2\/7\/l\/3\/x\/7l3xd.caa.mp4\" poster=\"\"><\/video><\/div>\n<div class=\"remoji_bar\"><div class=\"remoji_add_container\" data-remoji-id=\"1474\" data-remoji-type=\"post\"><div class=\"remoji_add_icon\"><\/div><\/div><div class=\"remoji_error_bar\" data-remoji-id=\"1474\" data-remoji-type=\"post\" style=\"display: none;\">Error happened.<\/div><\/div>","protected":false},"excerpt":{"rendered":"<p>Dr Wernher von Braun by\u0142 jednym z najwa\u017cniejszych or\u0119downik\u00f3w eksploracji kosmosu w XX wieku. Urodzi\u0142 si\u0119 w \u00f3wczesnym Cesarstwie Niemieckim, a obecnie w Polsce. W m\u0142odo\u015bci zafascynowa\u0142 si\u0119 mo\u017cliwo\u015bciami eksploracji kosmosu, czytaj\u0105c fantastyk\u0119 naukow\u0105, co sk\u0142oni\u0142o go do opanowania rachunk\u00f3w&#8230; <\/p>\n","protected":false},"author":3,"featured_media":1476,"comment_status":"open","ping_status":"open","sticky":false,"template":"","format":"standard","meta":{"_acf_changed":false,"_bbp_topic_count":0,"_bbp_reply_count":0,"_bbp_total_topic_count":0,"_bbp_total_reply_count":0,"_bbp_voice_count":0,"_bbp_anonymous_reply_count":0,"_bbp_topic_count_hidden":0,"_bbp_reply_count_hidden":0,"_bbp_forum_subforum_count":0,"om_disable_all_campaigns":false,"_monsterinsights_skip_tracking":false,"_monsterinsights_sitenote_active":false,"_monsterinsights_sitenote_note":"","_monsterinsights_sitenote_category":0,"footnotes":""},"categories":[11],"tags":[114,89,68,63,42,71,26,113,43,23,112,88,32,22,70,62],"class_list":["post-1474","post","type-post","status-publish","format-standard","has-post-thumbnail","hentry","category-antropologia","tag-alchemia","tag-atlantean-gardens","tag-cesarstwo-rzymskie","tag-historia-ziemi","tag-illuminati","tag-kosciol-katolicki","tag-ludzkosc","tag-magia","tag-masoneria","tag-niewolnictwo","tag-okultyzm","tag-robert-sepehr","tag-rzad","tag-satanizm","tag-tajne-stowarzyszenia","tag-wszechswiat"],"acf":[],"aioseo_notices":[],"_links":{"self":[{"href":"https:\/\/wia.net.pl\/index.php\/wp-json\/wp\/v2\/posts\/1474"}],"collection":[{"href":"https:\/\/wia.net.pl\/index.php\/wp-json\/wp\/v2\/posts"}],"about":[{"href":"https:\/\/wia.net.pl\/index.php\/wp-json\/wp\/v2\/types\/post"}],"author":[{"embeddable":true,"href":"https:\/\/wia.net.pl\/index.php\/wp-json\/wp\/v2\/users\/3"}],"replies":[{"embeddable":true,"href":"https:\/\/wia.net.pl\/index.php\/wp-json\/wp\/v2\/comments?post=1474"}],"version-history":[{"count":1,"href":"https:\/\/wia.net.pl\/index.php\/wp-json\/wp\/v2\/posts\/1474\/revisions"}],"predecessor-version":[{"id":1478,"href":"https:\/\/wia.net.pl\/index.php\/wp-json\/wp\/v2\/posts\/1474\/revisions\/1478"}],"wp:featuredmedia":[{"embeddable":true,"href":"https:\/\/wia.net.pl\/index.php\/wp-json\/wp\/v2\/media\/1476"}],"wp:attachment":[{"href":"https:\/\/wia.net.pl\/index.php\/wp-json\/wp\/v2\/media?parent=1474"}],"wp:term":[{"taxonomy":"category","embeddable":true,"href":"https:\/\/wia.net.pl\/index.php\/wp-json\/wp\/v2\/categories?post=1474"},{"taxonomy":"post_tag","embeddable":true,"href":"https:\/\/wia.net.pl\/index.php\/wp-json\/wp\/v2\/tags?post=1474"}],"curies":[{"name":"wp","href":"https:\/\/api.w.org\/{rel}","templated":true}]}}