{"id":1496,"date":"2023-06-03T19:01:52","date_gmt":"2023-06-03T17:01:52","guid":{"rendered":"https:\/\/wia.net.pl\/?p=1496"},"modified":"2023-06-03T19:01:53","modified_gmt":"2023-06-03T17:01:53","slug":"federacja-galaktyczna-tajny-program-kosmiczny-i-kolonia-na-antarktydzie","status":"publish","type":"post","link":"https:\/\/wia.net.pl\/index.php\/2023\/06\/03\/federacja-galaktyczna-tajny-program-kosmiczny-i-kolonia-na-antarktydzie\/","title":{"rendered":"Federacja galaktyczna \/ tajny program kosmiczny i kolonia na Antarktydzie"},"content":{"rendered":"\n<p>Wiele spekuluje si\u0119 na temat rzekomej zaawansowanej technologii antygrawitacyjnej po II wojnie \u015bwiatowej, a niekt\u00f3rzy twierdz\u0105, \u017ce na bazie tych prze\u0142omowych osi\u0105gni\u0119\u0107 technologicznych powsta\u0142 tajny program kosmiczny. M\u00f3wi si\u0119, \u017ce wielu niemieckich naukowc\u00f3w zosta\u0142o wcielonych przez USA w ramach operacji Paperclip, a cz\u0119\u015b\u0107 z nich mog\u0142a uciec, jak wynika z niekt\u00f3rych relacji dotycz\u0105cych wydarze\u0144 zwi\u0105zanych z operacj\u0105 Highjump na Antarktydzie.<\/p>\n\n\n\n<p>By\u0142y szef izraelskiego Departamentu Bezpiecze\u0144stwa Kosmicznego o\u015bwiadczy\u0142 ostatnio publicznie, \u017ce Ziemianie kontaktuj\u0105 si\u0119 z istotami pozaziemskimi z &#8222;galaktycznej federacji&#8221;. Haim Eshed, by\u0142y szef dyrekcji ds. przestrzeni kosmicznej izraelskiego Ministerstwa Obrony, powiedzia\u0142, \u017ce podpisano umowy o wsp\u00f3\u0142pracy mi\u0119dzy gatunkami, w tym o &#8222;podziemnej bazie w g\u0142\u0119bi Marsa&#8221;, gdzie znajduj\u0105 si\u0119 ameryka\u0144scy astronauci i przedstawiciele kosmit\u00f3w.<\/p>\n\n\n\n<p><span style=\"color: rgb(6, 23, 38); font-family: system-ui, sans-serif; font-size: 16px; font-style: normal; font-variant-ligatures: normal; font-variant-caps: normal; font-weight: 400; letter-spacing: normal; orphans: 2; text-align: start; text-indent: 0px; text-transform: none; white-space: normal; widows: 2; word-spacing: 0px; -webkit-text-stroke-width: 0px; background-color: rgb(255, 255, 255); text-decoration-thickness: initial; text-decoration-style: initial; text-decoration-color: initial; display: inline !important; float: none;\">Operacja Highjump by\u0142a dowodzona przez kontradmira\u0142a Richarda E. Byrda, trwa\u0142a sze\u015b\u0107 miesi\u0119cy (sierpie\u0144 1946 &#8211; luty 1947) i wzi\u0119\u0142o w niej udzia\u0142 4700 \u017co\u0142nierzy, trzyna\u015bcie okr\u0119t\u00f3w i trzydzie\u015bci trzy samoloty. Ich tajna misja, nadal utajniona i oficjalnie nazwana Programem Rozwoju Antarktyki Marynarki Wojennej Stan\u00f3w Zjednoczonych (United States Navy Antarctic Developments Program), polega\u0142a na odnalezieniu i zniszczeniu rzekomej podziemnej kolonii na biegunie po\u0142udniowym, za\u0142o\u017conej przez Niemcy przed II wojn\u0105 \u015bwiatow\u0105 i w jej trakcie.<\/span><\/p>\n\n\n\n<p>Mae Brussell by\u0142a ameryka\u0144sk\u0105 osobowo\u015bci\u0105 radiow\u0105, kt\u00f3rej kariera trwa\u0142a w latach 1971-1988. Porusza\u0142a w niej takie tematy, jak zab\u00f3jstwo prezydenta Johna F. Kennedy&#8217;ego, anomalie dotycz\u0105ce Antarktydy i zjawiska UFO.<\/p>\n\n\n\n<p>\u0179R\u00d3D\u0141O:<br>Kana\u0142 Atlantean gardens \u2013\u00a0<a rel=\"noreferrer noopener\" href=\"https:\/\/www.youtube.com\/c\/AtlanteangardensOrg\" target=\"_blank\">https:\/\/www.youtube.com\/c\/AtlanteangardensOrg<\/a><br>Kana\u0142 Robert Sepehr \u2013\u00a0<a rel=\"noreferrer noopener\" href=\"https:\/\/www.youtube.com\/user\/818encino\" target=\"_blank\">https:\/\/www.youtube.com\/user\/818encino<\/a><\/p>\n\n\n<div style=\"position: relative; padding-bottom: calc(var(--aspect-ratio, .5625) * 100%); height: 0; width: 100%; margin: 0 auto;\" class=\"rumble-video-container\"><video controls controlsList=\"nodownload\" style=\"position: absolute; top: 0; left: 0; width: 100%; height: 100%; background: #000;\" preload=\"metadata\" src=\"https:\/\/hugh.cdn.rumble.cloud\/video\/s8\/2\/f\/M\/m\/a\/fMmae.caa.mp4\" poster=\"\"><\/video><\/div>\n","protected":false},"excerpt":{"rendered":"<p>Wiele spekuluje si\u0119 na temat rzekomej zaawansowanej technologii antygrawitacyjnej po II wojnie \u015bwiatowej, a niekt\u00f3rzy twierdz\u0105, \u017ce na bazie tych prze\u0142omowych osi\u0105gni\u0119\u0107 technologicznych powsta\u0142 tajny program kosmiczny. M\u00f3wi si\u0119, \u017ce wielu niemieckich naukowc\u00f3w zosta\u0142o wcielonych przez USA w ramach operacji&#8230; <\/p>\n","protected":false},"author":3,"featured_media":1497,"comment_status":"open","ping_status":"open","sticky":false,"template":"","format":"standard","meta":{"_acf_changed":false,"_bbp_topic_count":0,"_bbp_reply_count":0,"_bbp_total_topic_count":0,"_bbp_total_reply_count":0,"_bbp_voice_count":0,"_bbp_anonymous_reply_count":0,"_bbp_topic_count_hidden":0,"_bbp_reply_count_hidden":0,"_bbp_forum_subforum_count":0,"om_disable_all_campaigns":false,"_monsterinsights_skip_tracking":false,"footnotes":""},"categories":[11],"tags":[114,89,68,63,42,71,26,113,43,23,112,88,32,22,70,62],"class_list":["post-1496","post","type-post","status-publish","format-standard","has-post-thumbnail","hentry","category-antropologia","tag-alchemia","tag-atlantean-gardens","tag-cesarstwo-rzymskie","tag-historia-ziemi","tag-illuminati","tag-kosciol-katolicki","tag-ludzkosc","tag-magia","tag-masoneria","tag-niewolnictwo","tag-okultyzm","tag-robert-sepehr","tag-rzad","tag-satanizm","tag-tajne-stowarzyszenia","tag-wszechswiat"],"acf":[],"aioseo_notices":[],"aioseo_head":"\n\t\t<!-- All in One SEO 5.0.1.1 - aioseo.com -->\n\t<meta name=\"description\" content=\"Wiele spekuluje si\u0119 na temat rzekomej zaawansowanej technologii antygrawitacyjnej po II wojnie \u015bwiatowej, a niekt\u00f3rzy twierdz\u0105, \u017ce na bazie tych prze\u0142omowych osi\u0105gni\u0119\u0107 technologicznych powsta\u0142 tajny program kosmiczny. M\u00f3wi si\u0119, \u017ce wielu niemieckich naukowc\u00f3w zosta\u0142o wcielonych przez USA w ramach operacji Paperclip, a cz\u0119\u015b\u0107 z nich mog\u0142a uciec, jak wynika z niekt\u00f3rych relacji dotycz\u0105cych wydarze\u0144 zwi\u0105zanych\" \/>\n\t<meta name=\"robots\" content=\"max-image-preview:large\" \/>\n\t<meta name=\"author\" content=\"Bart\u0142omiej Talarczyk\"\/>\n\t<link rel=\"canonical\" href=\"https:\/\/wia.net.pl\/index.php\/2023\/06\/03\/federacja-galaktyczna-tajny-program-kosmiczny-i-kolonia-na-antarktydzie\/\" \/>\n\t<meta name=\"generator\" content=\"All in One SEO (AIOSEO) 5.0.1.1\" \/>\n\t\t<meta property=\"og:locale\" content=\"pl_PL\" \/>\n\t\t<meta property=\"og:site_name\" content=\"Wolno\u015b\u0107 i Anarchia - Ka\u017cdy wewn\u0119trznie jest anarchist\u0105.\" \/>\n\t\t<meta property=\"og:type\" content=\"article\" \/>\n\t\t<meta property=\"og:title\" content=\"Federacja galaktyczna \/ tajny program kosmiczny i kolonia na Antarktydzie - Wolno\u015b\u0107 i Anarchia\" \/>\n\t\t<meta property=\"og:description\" content=\"Wiele spekuluje si\u0119 na temat rzekomej zaawansowanej technologii antygrawitacyjnej po II wojnie \u015bwiatowej, a niekt\u00f3rzy twierdz\u0105, \u017ce na bazie tych prze\u0142omowych osi\u0105gni\u0119\u0107 technologicznych powsta\u0142 tajny program kosmiczny. M\u00f3wi si\u0119, \u017ce wielu niemieckich naukowc\u00f3w zosta\u0142o wcielonych przez USA w ramach operacji Paperclip, a cz\u0119\u015b\u0107 z nich mog\u0142a uciec, jak wynika z niekt\u00f3rych relacji dotycz\u0105cych wydarze\u0144 zwi\u0105zanych\" \/>\n\t\t<meta property=\"og:url\" content=\"https:\/\/wia.net.pl\/index.php\/2023\/06\/03\/federacja-galaktyczna-tajny-program-kosmiczny-i-kolonia-na-antarktydzie\/\" \/>\n\t\t<meta property=\"og:image\" content=\"https:\/\/wia.net.pl\/wp-content\/uploads\/2023\/11\/cropped-freedom-i73367.jpg\" \/>\n\t\t<meta property=\"og:image:secure_url\" content=\"https:\/\/wia.net.pl\/wp-content\/uploads\/2023\/11\/cropped-freedom-i73367.jpg\" \/>\n\t\t<meta property=\"article:published_time\" content=\"2023-06-03T17:01:52+00:00\" \/>\n\t\t<meta property=\"article:modified_time\" content=\"2023-06-03T17:01:53+00:00\" \/>\n\t\t<meta name=\"twitter:card\" content=\"summary_large_image\" \/>\n\t\t<meta name=\"twitter:title\" content=\"Federacja galaktyczna \/ tajny program kosmiczny i kolonia na Antarktydzie - Wolno\u015b\u0107 i Anarchia\" \/>\n\t\t<meta name=\"twitter:description\" content=\"Wiele spekuluje si\u0119 na temat rzekomej zaawansowanej technologii antygrawitacyjnej po II wojnie \u015bwiatowej, a niekt\u00f3rzy twierdz\u0105, \u017ce na bazie tych prze\u0142omowych osi\u0105gni\u0119\u0107 technologicznych powsta\u0142 tajny program kosmiczny. M\u00f3wi si\u0119, \u017ce wielu niemieckich naukowc\u00f3w zosta\u0142o wcielonych przez USA w ramach operacji Paperclip, a cz\u0119\u015b\u0107 z nich mog\u0142a uciec, jak wynika z niekt\u00f3rych relacji dotycz\u0105cych wydarze\u0144 zwi\u0105zanych\" \/>\n\t\t<meta name=\"twitter:image\" content=\"https:\/\/wia.net.pl\/wp-content\/uploads\/2023\/11\/cropped-freedom-i73367.jpg\" \/>\n\t\t<script type=\"application\/ld+json\" class=\"aioseo-schema\">\n\t\t\t{\"@context\":\"https:\\\/\\\/schema.org\",\"@graph\":[{\"@type\":\"BlogPosting\",\"@id\":\"https:\\\/\\\/wia.net.pl\\\/index.php\\\/2023\\\/06\\\/03\\\/federacja-galaktyczna-tajny-program-kosmiczny-i-kolonia-na-antarktydzie\\\/#blogposting\",\"name\":\"Federacja galaktyczna \\\/ tajny program kosmiczny i kolonia na Antarktydzie - Wolno\\u015b\\u0107 i Anarchia\",\"headline\":\"Federacja galaktyczna \\\/ tajny program kosmiczny i kolonia na Antarktydzie\",\"author\":{\"@id\":\"https:\\\/\\\/wia.net.pl\\\/index.php\\\/author\\\/talar\\\/#author\"},\"publisher\":{\"@id\":\"https:\\\/\\\/wia.net.pl\\\/#person\"},\"image\":{\"@type\":\"ImageObject\",\"url\":\"https:\\\/\\\/wia.net.pl\\\/wp-content\\\/uploads\\\/2023\\\/06\\\/12-2.jpg\",\"width\":480,\"height\":270},\"datePublished\":\"2023-06-03T19:01:52+02:00\",\"dateModified\":\"2023-06-03T19:01:53+02:00\",\"inLanguage\":\"pl-PL\",\"mainEntityOfPage\":{\"@id\":\"https:\\\/\\\/wia.net.pl\\\/index.php\\\/2023\\\/06\\\/03\\\/federacja-galaktyczna-tajny-program-kosmiczny-i-kolonia-na-antarktydzie\\\/#webpage\"},\"isPartOf\":{\"@id\":\"https:\\\/\\\/wia.net.pl\\\/index.php\\\/2023\\\/06\\\/03\\\/federacja-galaktyczna-tajny-program-kosmiczny-i-kolonia-na-antarktydzie\\\/#webpage\"},\"articleSection\":\"Antropologia, Alchemia, Atlantean gardens, Cesarstwo Rzymskie, Historia ziemi, Illuminati, Ko\\u015bci\\u00f3\\u0142 katolicki, Ludzko\\u015b\\u0107, Magia, Masoneria, Niewolnictwo, Okultyzm, Robert Sepehr, Rz\\u0105d, Satanizm, Tajne stowarzyszenia, Wszech\\u015bwiat\"},{\"@type\":\"BreadcrumbList\",\"@id\":\"https:\\\/\\\/wia.net.pl\\\/index.php\\\/2023\\\/06\\\/03\\\/federacja-galaktyczna-tajny-program-kosmiczny-i-kolonia-na-antarktydzie\\\/#breadcrumblist\",\"itemListElement\":[{\"@type\":\"ListItem\",\"@id\":\"https:\\\/\\\/wia.net.pl#listItem\",\"position\":1,\"name\":\"Home\",\"item\":\"https:\\\/\\\/wia.net.pl\",\"nextItem\":{\"@type\":\"ListItem\",\"@id\":\"https:\\\/\\\/wia.net.pl\\\/index.php\\\/category\\\/antropologia\\\/#listItem\",\"name\":\"Antropologia\"}},{\"@type\":\"ListItem\",\"@id\":\"https:\\\/\\\/wia.net.pl\\\/index.php\\\/category\\\/antropologia\\\/#listItem\",\"position\":2,\"name\":\"Antropologia\",\"item\":\"https:\\\/\\\/wia.net.pl\\\/index.php\\\/category\\\/antropologia\\\/\",\"nextItem\":{\"@type\":\"ListItem\",\"@id\":\"https:\\\/\\\/wia.net.pl\\\/index.php\\\/2023\\\/06\\\/03\\\/federacja-galaktyczna-tajny-program-kosmiczny-i-kolonia-na-antarktydzie\\\/#listItem\",\"name\":\"Federacja galaktyczna \\\/ tajny program kosmiczny i kolonia na Antarktydzie\"},\"previousItem\":{\"@type\":\"ListItem\",\"@id\":\"https:\\\/\\\/wia.net.pl#listItem\",\"name\":\"Home\"}},{\"@type\":\"ListItem\",\"@id\":\"https:\\\/\\\/wia.net.pl\\\/index.php\\\/2023\\\/06\\\/03\\\/federacja-galaktyczna-tajny-program-kosmiczny-i-kolonia-na-antarktydzie\\\/#listItem\",\"position\":3,\"name\":\"Federacja galaktyczna \\\/ tajny program kosmiczny i kolonia na Antarktydzie\",\"previousItem\":{\"@type\":\"ListItem\",\"@id\":\"https:\\\/\\\/wia.net.pl\\\/index.php\\\/category\\\/antropologia\\\/#listItem\",\"name\":\"Antropologia\"}}]},{\"@type\":\"Person\",\"@id\":\"https:\\\/\\\/wia.net.pl\\\/#person\",\"name\":\"Bart\\u0142omiej Talarczyk\",\"image\":{\"@type\":\"ImageObject\",\"@id\":\"https:\\\/\\\/wia.net.pl\\\/index.php\\\/2023\\\/06\\\/03\\\/federacja-galaktyczna-tajny-program-kosmiczny-i-kolonia-na-antarktydzie\\\/#personImage\",\"url\":\"https:\\\/\\\/wia.net.pl\\\/wp-content\\\/uploads\\\/avatar-privacy\\\/cache\\\/user\\\/1\\\/7\\\/176a6b161c58363ff49b5c167264231f519f5c7fa183ca1f61e891769b6b56d5-96.jpg\",\"width\":96,\"height\":96,\"caption\":\"Bart\\u0142omiej Talarczyk\"}},{\"@type\":\"Person\",\"@id\":\"https:\\\/\\\/wia.net.pl\\\/index.php\\\/author\\\/talar\\\/#author\",\"url\":\"https:\\\/\\\/wia.net.pl\\\/index.php\\\/author\\\/talar\\\/\",\"name\":\"Bart\\u0142omiej Talarczyk\",\"image\":{\"@type\":\"ImageObject\",\"@id\":\"https:\\\/\\\/wia.net.pl\\\/index.php\\\/2023\\\/06\\\/03\\\/federacja-galaktyczna-tajny-program-kosmiczny-i-kolonia-na-antarktydzie\\\/#authorImage\",\"url\":\"https:\\\/\\\/wia.net.pl\\\/wp-content\\\/uploads\\\/avatar-privacy\\\/cache\\\/user\\\/1\\\/7\\\/176a6b161c58363ff49b5c167264231f519f5c7fa183ca1f61e891769b6b56d5-96.jpg\",\"width\":96,\"height\":96,\"caption\":\"Bart\\u0142omiej Talarczyk\"}},{\"@type\":\"WebPage\",\"@id\":\"https:\\\/\\\/wia.net.pl\\\/index.php\\\/2023\\\/06\\\/03\\\/federacja-galaktyczna-tajny-program-kosmiczny-i-kolonia-na-antarktydzie\\\/#webpage\",\"url\":\"https:\\\/\\\/wia.net.pl\\\/index.php\\\/2023\\\/06\\\/03\\\/federacja-galaktyczna-tajny-program-kosmiczny-i-kolonia-na-antarktydzie\\\/\",\"name\":\"Federacja galaktyczna \\\/ tajny program kosmiczny i kolonia na Antarktydzie - Wolno\\u015b\\u0107 i Anarchia\",\"description\":\"Wiele spekuluje si\\u0119 na temat rzekomej zaawansowanej technologii antygrawitacyjnej po II wojnie \\u015bwiatowej, a niekt\\u00f3rzy twierdz\\u0105, \\u017ce na bazie tych prze\\u0142omowych osi\\u0105gni\\u0119\\u0107 technologicznych powsta\\u0142 tajny program kosmiczny. M\\u00f3wi si\\u0119, \\u017ce wielu niemieckich naukowc\\u00f3w zosta\\u0142o wcielonych przez USA w ramach operacji Paperclip, a cz\\u0119\\u015b\\u0107 z nich mog\\u0142a uciec, jak wynika z niekt\\u00f3rych relacji dotycz\\u0105cych wydarze\\u0144 zwi\\u0105zanych\",\"inLanguage\":\"pl-PL\",\"isPartOf\":{\"@id\":\"https:\\\/\\\/wia.net.pl\\\/#website\"},\"breadcrumb\":{\"@id\":\"https:\\\/\\\/wia.net.pl\\\/index.php\\\/2023\\\/06\\\/03\\\/federacja-galaktyczna-tajny-program-kosmiczny-i-kolonia-na-antarktydzie\\\/#breadcrumblist\"},\"author\":{\"@id\":\"https:\\\/\\\/wia.net.pl\\\/index.php\\\/author\\\/talar\\\/#author\"},\"creator\":{\"@id\":\"https:\\\/\\\/wia.net.pl\\\/index.php\\\/author\\\/talar\\\/#author\"},\"image\":{\"@type\":\"ImageObject\",\"url\":\"https:\\\/\\\/wia.net.pl\\\/wp-content\\\/uploads\\\/2023\\\/06\\\/12-2.jpg\",\"@id\":\"https:\\\/\\\/wia.net.pl\\\/index.php\\\/2023\\\/06\\\/03\\\/federacja-galaktyczna-tajny-program-kosmiczny-i-kolonia-na-antarktydzie\\\/#mainImage\",\"width\":480,\"height\":270},\"primaryImageOfPage\":{\"@id\":\"https:\\\/\\\/wia.net.pl\\\/index.php\\\/2023\\\/06\\\/03\\\/federacja-galaktyczna-tajny-program-kosmiczny-i-kolonia-na-antarktydzie\\\/#mainImage\"},\"datePublished\":\"2023-06-03T19:01:52+02:00\",\"dateModified\":\"2023-06-03T19:01:53+02:00\"},{\"@type\":\"WebSite\",\"@id\":\"https:\\\/\\\/wia.net.pl\\\/#website\",\"url\":\"https:\\\/\\\/wia.net.pl\\\/\",\"name\":\"Wolno\\u015b\\u0107 i Anarchia\",\"description\":\"Ka\\u017cdy wewn\\u0119trznie jest anarchist\\u0105.\",\"inLanguage\":\"pl-PL\",\"publisher\":{\"@id\":\"https:\\\/\\\/wia.net.pl\\\/#person\"}}]}\n\t\t<\/script>\n\t\t<!-- All in One SEO -->\n\n","aioseo_head_json":{"title":"Federacja galaktyczna \/ tajny program kosmiczny i kolonia na Antarktydzie - Wolno\u015b\u0107 i Anarchia","description":"Wiele spekuluje si\u0119 na temat rzekomej zaawansowanej technologii antygrawitacyjnej po II wojnie \u015bwiatowej, a niekt\u00f3rzy twierdz\u0105, \u017ce na bazie tych prze\u0142omowych osi\u0105gni\u0119\u0107 technologicznych powsta\u0142 tajny program kosmiczny. M\u00f3wi si\u0119, \u017ce wielu niemieckich naukowc\u00f3w zosta\u0142o wcielonych przez USA w ramach operacji Paperclip, a cz\u0119\u015b\u0107 z nich mog\u0142a uciec, jak wynika z niekt\u00f3rych relacji dotycz\u0105cych wydarze\u0144 zwi\u0105zanych","canonical_url":"https:\/\/wia.net.pl\/index.php\/2023\/06\/03\/federacja-galaktyczna-tajny-program-kosmiczny-i-kolonia-na-antarktydzie\/","robots":"max-image-preview:large","keywords":"","webmasterTools":{"miscellaneous":""},"schema":{"@context":"https:\/\/schema.org","@graph":[{"@type":"BlogPosting","@id":"https:\/\/wia.net.pl\/index.php\/2023\/06\/03\/federacja-galaktyczna-tajny-program-kosmiczny-i-kolonia-na-antarktydzie\/#blogposting","name":"Federacja galaktyczna \/ tajny program kosmiczny i kolonia na Antarktydzie - Wolno\u015b\u0107 i Anarchia","headline":"Federacja galaktyczna \/ tajny program kosmiczny i kolonia na Antarktydzie","author":{"@id":"https:\/\/wia.net.pl\/index.php\/author\/talar\/#author"},"publisher":{"@id":"https:\/\/wia.net.pl\/#person"},"image":{"@type":"ImageObject","url":"https:\/\/wia.net.pl\/wp-content\/uploads\/2023\/06\/12-2.jpg","width":480,"height":270},"datePublished":"2023-06-03T19:01:52+02:00","dateModified":"2023-06-03T19:01:53+02:00","inLanguage":"pl-PL","mainEntityOfPage":{"@id":"https:\/\/wia.net.pl\/index.php\/2023\/06\/03\/federacja-galaktyczna-tajny-program-kosmiczny-i-kolonia-na-antarktydzie\/#webpage"},"isPartOf":{"@id":"https:\/\/wia.net.pl\/index.php\/2023\/06\/03\/federacja-galaktyczna-tajny-program-kosmiczny-i-kolonia-na-antarktydzie\/#webpage"},"articleSection":"Antropologia, Alchemia, Atlantean gardens, Cesarstwo Rzymskie, Historia ziemi, Illuminati, Ko\u015bci\u00f3\u0142 katolicki, Ludzko\u015b\u0107, Magia, Masoneria, Niewolnictwo, Okultyzm, Robert Sepehr, Rz\u0105d, Satanizm, Tajne stowarzyszenia, Wszech\u015bwiat"},{"@type":"BreadcrumbList","@id":"https:\/\/wia.net.pl\/index.php\/2023\/06\/03\/federacja-galaktyczna-tajny-program-kosmiczny-i-kolonia-na-antarktydzie\/#breadcrumblist","itemListElement":[{"@type":"ListItem","@id":"https:\/\/wia.net.pl#listItem","position":1,"name":"Home","item":"https:\/\/wia.net.pl","nextItem":{"@type":"ListItem","@id":"https:\/\/wia.net.pl\/index.php\/category\/antropologia\/#listItem","name":"Antropologia"}},{"@type":"ListItem","@id":"https:\/\/wia.net.pl\/index.php\/category\/antropologia\/#listItem","position":2,"name":"Antropologia","item":"https:\/\/wia.net.pl\/index.php\/category\/antropologia\/","nextItem":{"@type":"ListItem","@id":"https:\/\/wia.net.pl\/index.php\/2023\/06\/03\/federacja-galaktyczna-tajny-program-kosmiczny-i-kolonia-na-antarktydzie\/#listItem","name":"Federacja galaktyczna \/ tajny program kosmiczny i kolonia na Antarktydzie"},"previousItem":{"@type":"ListItem","@id":"https:\/\/wia.net.pl#listItem","name":"Home"}},{"@type":"ListItem","@id":"https:\/\/wia.net.pl\/index.php\/2023\/06\/03\/federacja-galaktyczna-tajny-program-kosmiczny-i-kolonia-na-antarktydzie\/#listItem","position":3,"name":"Federacja galaktyczna \/ tajny program kosmiczny i kolonia na Antarktydzie","previousItem":{"@type":"ListItem","@id":"https:\/\/wia.net.pl\/index.php\/category\/antropologia\/#listItem","name":"Antropologia"}}]},{"@type":"Person","@id":"https:\/\/wia.net.pl\/#person","name":"Bart\u0142omiej Talarczyk","image":{"@type":"ImageObject","@id":"https:\/\/wia.net.pl\/index.php\/2023\/06\/03\/federacja-galaktyczna-tajny-program-kosmiczny-i-kolonia-na-antarktydzie\/#personImage","url":"https:\/\/wia.net.pl\/wp-content\/uploads\/avatar-privacy\/cache\/user\/1\/7\/176a6b161c58363ff49b5c167264231f519f5c7fa183ca1f61e891769b6b56d5-96.jpg","width":96,"height":96,"caption":"Bart\u0142omiej Talarczyk"}},{"@type":"Person","@id":"https:\/\/wia.net.pl\/index.php\/author\/talar\/#author","url":"https:\/\/wia.net.pl\/index.php\/author\/talar\/","name":"Bart\u0142omiej Talarczyk","image":{"@type":"ImageObject","@id":"https:\/\/wia.net.pl\/index.php\/2023\/06\/03\/federacja-galaktyczna-tajny-program-kosmiczny-i-kolonia-na-antarktydzie\/#authorImage","url":"https:\/\/wia.net.pl\/wp-content\/uploads\/avatar-privacy\/cache\/user\/1\/7\/176a6b161c58363ff49b5c167264231f519f5c7fa183ca1f61e891769b6b56d5-96.jpg","width":96,"height":96,"caption":"Bart\u0142omiej Talarczyk"}},{"@type":"WebPage","@id":"https:\/\/wia.net.pl\/index.php\/2023\/06\/03\/federacja-galaktyczna-tajny-program-kosmiczny-i-kolonia-na-antarktydzie\/#webpage","url":"https:\/\/wia.net.pl\/index.php\/2023\/06\/03\/federacja-galaktyczna-tajny-program-kosmiczny-i-kolonia-na-antarktydzie\/","name":"Federacja galaktyczna \/ tajny program kosmiczny i kolonia na Antarktydzie - Wolno\u015b\u0107 i Anarchia","description":"Wiele spekuluje si\u0119 na temat rzekomej zaawansowanej technologii antygrawitacyjnej po II wojnie \u015bwiatowej, a niekt\u00f3rzy twierdz\u0105, \u017ce na bazie tych prze\u0142omowych osi\u0105gni\u0119\u0107 technologicznych powsta\u0142 tajny program kosmiczny. M\u00f3wi si\u0119, \u017ce wielu niemieckich naukowc\u00f3w zosta\u0142o wcielonych przez USA w ramach operacji Paperclip, a cz\u0119\u015b\u0107 z nich mog\u0142a uciec, jak wynika z niekt\u00f3rych relacji dotycz\u0105cych wydarze\u0144 zwi\u0105zanych","inLanguage":"pl-PL","isPartOf":{"@id":"https:\/\/wia.net.pl\/#website"},"breadcrumb":{"@id":"https:\/\/wia.net.pl\/index.php\/2023\/06\/03\/federacja-galaktyczna-tajny-program-kosmiczny-i-kolonia-na-antarktydzie\/#breadcrumblist"},"author":{"@id":"https:\/\/wia.net.pl\/index.php\/author\/talar\/#author"},"creator":{"@id":"https:\/\/wia.net.pl\/index.php\/author\/talar\/#author"},"image":{"@type":"ImageObject","url":"https:\/\/wia.net.pl\/wp-content\/uploads\/2023\/06\/12-2.jpg","@id":"https:\/\/wia.net.pl\/index.php\/2023\/06\/03\/federacja-galaktyczna-tajny-program-kosmiczny-i-kolonia-na-antarktydzie\/#mainImage","width":480,"height":270},"primaryImageOfPage":{"@id":"https:\/\/wia.net.pl\/index.php\/2023\/06\/03\/federacja-galaktyczna-tajny-program-kosmiczny-i-kolonia-na-antarktydzie\/#mainImage"},"datePublished":"2023-06-03T19:01:52+02:00","dateModified":"2023-06-03T19:01:53+02:00"},{"@type":"WebSite","@id":"https:\/\/wia.net.pl\/#website","url":"https:\/\/wia.net.pl\/","name":"Wolno\u015b\u0107 i Anarchia","description":"Ka\u017cdy wewn\u0119trznie jest anarchist\u0105.","inLanguage":"pl-PL","publisher":{"@id":"https:\/\/wia.net.pl\/#person"}}]},"og:locale":"pl_PL","og:site_name":"Wolno\u015b\u0107 i Anarchia - Ka\u017cdy wewn\u0119trznie jest anarchist\u0105.","og:type":"article","og:title":"Federacja galaktyczna \/ tajny program kosmiczny i kolonia na Antarktydzie - Wolno\u015b\u0107 i Anarchia","og:description":"Wiele spekuluje si\u0119 na temat rzekomej zaawansowanej technologii antygrawitacyjnej po II wojnie \u015bwiatowej, a niekt\u00f3rzy twierdz\u0105, \u017ce na bazie tych prze\u0142omowych osi\u0105gni\u0119\u0107 technologicznych powsta\u0142 tajny program kosmiczny. M\u00f3wi si\u0119, \u017ce wielu niemieckich naukowc\u00f3w zosta\u0142o wcielonych przez USA w ramach operacji Paperclip, a cz\u0119\u015b\u0107 z nich mog\u0142a uciec, jak wynika z niekt\u00f3rych relacji dotycz\u0105cych wydarze\u0144 zwi\u0105zanych","og:url":"https:\/\/wia.net.pl\/index.php\/2023\/06\/03\/federacja-galaktyczna-tajny-program-kosmiczny-i-kolonia-na-antarktydzie\/","og:image":"https:\/\/wia.net.pl\/wp-content\/uploads\/2023\/11\/cropped-freedom-i73367.jpg","og:image:secure_url":"https:\/\/wia.net.pl\/wp-content\/uploads\/2023\/11\/cropped-freedom-i73367.jpg","article:published_time":"2023-06-03T17:01:52+00:00","article:modified_time":"2023-06-03T17:01:53+00:00","twitter:card":"summary_large_image","twitter:title":"Federacja galaktyczna \/ tajny program kosmiczny i kolonia na Antarktydzie - Wolno\u015b\u0107 i Anarchia","twitter:description":"Wiele spekuluje si\u0119 na temat rzekomej zaawansowanej technologii antygrawitacyjnej po II wojnie \u015bwiatowej, a niekt\u00f3rzy twierdz\u0105, \u017ce na bazie tych prze\u0142omowych osi\u0105gni\u0119\u0107 technologicznych powsta\u0142 tajny program kosmiczny. M\u00f3wi si\u0119, \u017ce wielu niemieckich naukowc\u00f3w zosta\u0142o wcielonych przez USA w ramach operacji Paperclip, a cz\u0119\u015b\u0107 z nich mog\u0142a uciec, jak wynika z niekt\u00f3rych relacji dotycz\u0105cych wydarze\u0144 zwi\u0105zanych","twitter:image":"https:\/\/wia.net.pl\/wp-content\/uploads\/2023\/11\/cropped-freedom-i73367.jpg"},"aioseo_meta_data":{"post_id":"1496","title":null,"description":null,"keywords":null,"keyphrases":null,"primary_term":null,"canonical_url":null,"og_title":null,"og_description":null,"og_object_type":"default","og_image_type":"default","og_image_url":null,"og_image_width":null,"og_image_height":null,"og_image_custom_url":null,"og_image_custom_fields":null,"og_video":null,"og_custom_url":null,"og_article_section":null,"og_article_tags":null,"twitter_use_og":false,"twitter_card":"default","twitter_image_type":"default","twitter_image_url":null,"twitter_image_custom_url":null,"twitter_image_custom_fields":null,"twitter_title":null,"twitter_description":null,"schema":{"blockGraphs":[],"customGraphs":[],"default":{"data":{"Article":[],"Course":[],"Dataset":[],"FAQPage":[],"Movie":[],"Person":[],"Product":[],"ProductReview":[],"Car":[],"Recipe":[],"Service":[],"SoftwareApplication":[],"WebPage":[]},"graphName":"","isEnabled":true},"graphs":[]},"schema_type":"default","schema_type_options":null,"pillar_content":false,"robots_default":true,"robots_noindex":false,"robots_noarchive":false,"robots_nosnippet":false,"robots_nofollow":false,"robots_noimageindex":false,"robots_noodp":false,"robots_notranslate":false,"robots_max_snippet":null,"robots_max_videopreview":null,"robots_max_imagepreview":"large","priority":null,"frequency":null,"local_seo":null,"breadcrumb_settings":null,"limit_modified_date":false,"ai":null,"created":"2023-06-06 13:50:07","updated":"2025-06-04 07:50:10","seo_analyzer_scan_date":null,"focus_keyword":null,"additional_keywords":null,"truseo_locale":null},"aioseo_breadcrumb":"<div class=\"aioseo-breadcrumbs\"><span class=\"aioseo-breadcrumb\">\n\t\t\t<a href=\"https:\/\/wia.net.pl\" title=\"Home\">Home<\/a>\n\t\t<\/span><span class=\"aioseo-breadcrumb-separator\">&raquo;<\/span><span class=\"aioseo-breadcrumb\">\n\t\t\t<a href=\"https:\/\/wia.net.pl\/index.php\/category\/antropologia\/\" title=\"Antropologia\">Antropologia<\/a>\n\t\t<\/span><span class=\"aioseo-breadcrumb-separator\">&raquo;<\/span><span class=\"aioseo-breadcrumb\">\n\t\t\tFederacja galaktyczna \/ tajny program kosmiczny i kolonia na Antarktydzie\n\t\t<\/span><\/div>","aioseo_breadcrumb_json":[{"label":"Home","link":"https:\/\/wia.net.pl"},{"label":"Antropologia","link":"https:\/\/wia.net.pl\/index.php\/category\/antropologia\/"},{"label":"Federacja galaktyczna \/ tajny program kosmiczny i kolonia na Antarktydzie","link":"https:\/\/wia.net.pl\/index.php\/2023\/06\/03\/federacja-galaktyczna-tajny-program-kosmiczny-i-kolonia-na-antarktydzie\/"}],"_links":{"self":[{"href":"https:\/\/wia.net.pl\/index.php\/wp-json\/wp\/v2\/posts\/1496"}],"collection":[{"href":"https:\/\/wia.net.pl\/index.php\/wp-json\/wp\/v2\/posts"}],"about":[{"href":"https:\/\/wia.net.pl\/index.php\/wp-json\/wp\/v2\/types\/post"}],"author":[{"embeddable":true,"href":"https:\/\/wia.net.pl\/index.php\/wp-json\/wp\/v2\/users\/3"}],"replies":[{"embeddable":true,"href":"https:\/\/wia.net.pl\/index.php\/wp-json\/wp\/v2\/comments?post=1496"}],"version-history":[{"count":1,"href":"https:\/\/wia.net.pl\/index.php\/wp-json\/wp\/v2\/posts\/1496\/revisions"}],"predecessor-version":[{"id":1498,"href":"https:\/\/wia.net.pl\/index.php\/wp-json\/wp\/v2\/posts\/1496\/revisions\/1498"}],"wp:featuredmedia":[{"embeddable":true,"href":"https:\/\/wia.net.pl\/index.php\/wp-json\/wp\/v2\/media\/1497"}],"wp:attachment":[{"href":"https:\/\/wia.net.pl\/index.php\/wp-json\/wp\/v2\/media?parent=1496"}],"wp:term":[{"taxonomy":"category","embeddable":true,"href":"https:\/\/wia.net.pl\/index.php\/wp-json\/wp\/v2\/categories?post=1496"},{"taxonomy":"post_tag","embeddable":true,"href":"https:\/\/wia.net.pl\/index.php\/wp-json\/wp\/v2\/tags?post=1496"}],"curies":[{"name":"wp","href":"https:\/\/api.w.org\/{rel}","templated":true}]}}