{"id":1496,"date":"2023-06-03T19:01:52","date_gmt":"2023-06-03T17:01:52","guid":{"rendered":"https:\/\/wia.net.pl\/?p=1496"},"modified":"2023-06-03T19:01:53","modified_gmt":"2023-06-03T17:01:53","slug":"federacja-galaktyczna-tajny-program-kosmiczny-i-kolonia-na-antarktydzie","status":"publish","type":"post","link":"https:\/\/wia.net.pl\/index.php\/2023\/06\/03\/federacja-galaktyczna-tajny-program-kosmiczny-i-kolonia-na-antarktydzie\/","title":{"rendered":"Federacja galaktyczna \/ tajny program kosmiczny i kolonia na Antarktydzie"},"content":{"rendered":"\n<p>Wiele spekuluje si\u0119 na temat rzekomej zaawansowanej technologii antygrawitacyjnej po II wojnie \u015bwiatowej, a niekt\u00f3rzy twierdz\u0105, \u017ce na bazie tych prze\u0142omowych osi\u0105gni\u0119\u0107 technologicznych powsta\u0142 tajny program kosmiczny. M\u00f3wi si\u0119, \u017ce wielu niemieckich naukowc\u00f3w zosta\u0142o wcielonych przez USA w ramach operacji Paperclip, a cz\u0119\u015b\u0107 z nich mog\u0142a uciec, jak wynika z niekt\u00f3rych relacji dotycz\u0105cych wydarze\u0144 zwi\u0105zanych z operacj\u0105 Highjump na Antarktydzie.<\/p>\n\n\n\n<p>By\u0142y szef izraelskiego Departamentu Bezpiecze\u0144stwa Kosmicznego o\u015bwiadczy\u0142 ostatnio publicznie, \u017ce Ziemianie kontaktuj\u0105 si\u0119 z istotami pozaziemskimi z &#8222;galaktycznej federacji&#8221;. Haim Eshed, by\u0142y szef dyrekcji ds. przestrzeni kosmicznej izraelskiego Ministerstwa Obrony, powiedzia\u0142, \u017ce podpisano umowy o wsp\u00f3\u0142pracy mi\u0119dzy gatunkami, w tym o &#8222;podziemnej bazie w g\u0142\u0119bi Marsa&#8221;, gdzie znajduj\u0105 si\u0119 ameryka\u0144scy astronauci i przedstawiciele kosmit\u00f3w.<\/p>\n\n\n\n<p><span style=\"color: rgb(6, 23, 38); font-family: system-ui, sans-serif; font-size: 16px; font-style: normal; font-variant-ligatures: normal; font-variant-caps: normal; font-weight: 400; letter-spacing: normal; orphans: 2; text-align: start; text-indent: 0px; text-transform: none; white-space: normal; widows: 2; word-spacing: 0px; -webkit-text-stroke-width: 0px; background-color: rgb(255, 255, 255); text-decoration-thickness: initial; text-decoration-style: initial; text-decoration-color: initial; display: inline !important; float: none;\">Operacja Highjump by\u0142a dowodzona przez kontradmira\u0142a Richarda E. Byrda, trwa\u0142a sze\u015b\u0107 miesi\u0119cy (sierpie\u0144 1946 &#8211; luty 1947) i wzi\u0119\u0142o w niej udzia\u0142 4700 \u017co\u0142nierzy, trzyna\u015bcie okr\u0119t\u00f3w i trzydzie\u015bci trzy samoloty. Ich tajna misja, nadal utajniona i oficjalnie nazwana Programem Rozwoju Antarktyki Marynarki Wojennej Stan\u00f3w Zjednoczonych (United States Navy Antarctic Developments Program), polega\u0142a na odnalezieniu i zniszczeniu rzekomej podziemnej kolonii na biegunie po\u0142udniowym, za\u0142o\u017conej przez Niemcy przed II wojn\u0105 \u015bwiatow\u0105 i w jej trakcie.<\/span><\/p>\n\n\n\n<p>Mae Brussell by\u0142a ameryka\u0144sk\u0105 osobowo\u015bci\u0105 radiow\u0105, kt\u00f3rej kariera trwa\u0142a w latach 1971-1988. Porusza\u0142a w niej takie tematy, jak zab\u00f3jstwo prezydenta Johna F. Kennedy&#8217;ego, anomalie dotycz\u0105ce Antarktydy i zjawiska UFO.<\/p>\n\n\n\n<p>\u0179R\u00d3D\u0141O:<br>Kana\u0142 Atlantean gardens \u2013\u00a0<a rel=\"noreferrer noopener\" href=\"https:\/\/www.youtube.com\/c\/AtlanteangardensOrg\" target=\"_blank\">https:\/\/www.youtube.com\/c\/AtlanteangardensOrg<\/a><br>Kana\u0142 Robert Sepehr \u2013\u00a0<a rel=\"noreferrer noopener\" href=\"https:\/\/www.youtube.com\/user\/818encino\" target=\"_blank\">https:\/\/www.youtube.com\/user\/818encino<\/a><\/p>\n\n\n<div style=\"position: relative; padding-bottom: calc(var(--aspect-ratio, .5625) * 100%); height: 0; width: 100%; margin: 0 auto;\" class=\"rumble-video-container\"><video controls controlsList=\"nodownload\" style=\"position: absolute; top: 0; left: 0; width: 100%; height: 100%; background: #000;\" preload=\"metadata\" src=\"https:\/\/1a-1791.com\/video\/s8\/2\/f\/M\/m\/a\/fMmae.caa.mp4\" poster=\"\"><\/video><\/div>\n<div class=\"remoji_bar\"><div class=\"remoji_add_container\" data-remoji-id=\"1496\" data-remoji-type=\"post\"><div class=\"remoji_add_icon\"><\/div><\/div><div class=\"remoji_error_bar\" data-remoji-id=\"1496\" data-remoji-type=\"post\" style=\"display: none;\">Error happened.<\/div><\/div>","protected":false},"excerpt":{"rendered":"<p>Wiele spekuluje si\u0119 na temat rzekomej zaawansowanej technologii antygrawitacyjnej po II wojnie \u015bwiatowej, a niekt\u00f3rzy twierdz\u0105, \u017ce na bazie tych prze\u0142omowych osi\u0105gni\u0119\u0107 technologicznych powsta\u0142 tajny program kosmiczny. M\u00f3wi si\u0119, \u017ce wielu niemieckich naukowc\u00f3w zosta\u0142o wcielonych przez USA w ramach operacji&#8230; <\/p>\n","protected":false},"author":3,"featured_media":1497,"comment_status":"open","ping_status":"open","sticky":false,"template":"","format":"standard","meta":{"_acf_changed":false,"_bbp_topic_count":0,"_bbp_reply_count":0,"_bbp_total_topic_count":0,"_bbp_total_reply_count":0,"_bbp_voice_count":0,"_bbp_anonymous_reply_count":0,"_bbp_topic_count_hidden":0,"_bbp_reply_count_hidden":0,"_bbp_forum_subforum_count":0,"om_disable_all_campaigns":false,"_monsterinsights_skip_tracking":false,"_monsterinsights_sitenote_active":false,"_monsterinsights_sitenote_note":"","_monsterinsights_sitenote_category":0,"footnotes":""},"categories":[11],"tags":[114,89,68,63,42,71,26,113,43,23,112,88,32,22,70,62],"class_list":["post-1496","post","type-post","status-publish","format-standard","has-post-thumbnail","hentry","category-antropologia","tag-alchemia","tag-atlantean-gardens","tag-cesarstwo-rzymskie","tag-historia-ziemi","tag-illuminati","tag-kosciol-katolicki","tag-ludzkosc","tag-magia","tag-masoneria","tag-niewolnictwo","tag-okultyzm","tag-robert-sepehr","tag-rzad","tag-satanizm","tag-tajne-stowarzyszenia","tag-wszechswiat"],"acf":[],"aioseo_notices":[],"_links":{"self":[{"href":"https:\/\/wia.net.pl\/index.php\/wp-json\/wp\/v2\/posts\/1496"}],"collection":[{"href":"https:\/\/wia.net.pl\/index.php\/wp-json\/wp\/v2\/posts"}],"about":[{"href":"https:\/\/wia.net.pl\/index.php\/wp-json\/wp\/v2\/types\/post"}],"author":[{"embeddable":true,"href":"https:\/\/wia.net.pl\/index.php\/wp-json\/wp\/v2\/users\/3"}],"replies":[{"embeddable":true,"href":"https:\/\/wia.net.pl\/index.php\/wp-json\/wp\/v2\/comments?post=1496"}],"version-history":[{"count":1,"href":"https:\/\/wia.net.pl\/index.php\/wp-json\/wp\/v2\/posts\/1496\/revisions"}],"predecessor-version":[{"id":1498,"href":"https:\/\/wia.net.pl\/index.php\/wp-json\/wp\/v2\/posts\/1496\/revisions\/1498"}],"wp:featuredmedia":[{"embeddable":true,"href":"https:\/\/wia.net.pl\/index.php\/wp-json\/wp\/v2\/media\/1497"}],"wp:attachment":[{"href":"https:\/\/wia.net.pl\/index.php\/wp-json\/wp\/v2\/media?parent=1496"}],"wp:term":[{"taxonomy":"category","embeddable":true,"href":"https:\/\/wia.net.pl\/index.php\/wp-json\/wp\/v2\/categories?post=1496"},{"taxonomy":"post_tag","embeddable":true,"href":"https:\/\/wia.net.pl\/index.php\/wp-json\/wp\/v2\/tags?post=1496"}],"curies":[{"name":"wp","href":"https:\/\/api.w.org\/{rel}","templated":true}]}}