{"id":1655,"date":"2023-06-04T21:16:15","date_gmt":"2023-06-04T19:16:15","guid":{"rendered":"https:\/\/wia.net.pl\/?p=1655"},"modified":"2023-06-04T21:16:16","modified_gmt":"2023-06-04T19:16:16","slug":"maria-zeee-wywiad-z-pracownikiem-agencji-fema","status":"publish","type":"post","link":"https:\/\/wia.net.pl\/index.php\/2023\/06\/04\/maria-zeee-wywiad-z-pracownikiem-agencji-fema\/","title":{"rendered":"Maria Zeee &#8211; wywiad z pracownikiem agencji FEMA"},"content":{"rendered":"\n<p><strong>Maria Zeee &#8211; wywiad z pracownikiem agencji FEMA<\/strong><\/p>\n\n\n<p><iframe loading=\"lazy\" id=\"odysee-iframe\" width=\"560\" height=\"315\" src=\"https:\/\/odysee.com\/$\/embed\/@wolnoscanarchia:d\/fema:b?r=DPjp8iKEfKgRaZuz8haiJoWzSogvDZqy\" allowfullscreen><\/iframe><\/p>\n","protected":false},"excerpt":{"rendered":"<p>Maria Zeee &#8211; wywiad z pracownikiem agencji FEMA<\/p>\n","protected":false},"author":3,"featured_media":1656,"comment_status":"open","ping_status":"open","sticky":false,"template":"","format":"standard","meta":{"_acf_changed":false,"_bbp_topic_count":0,"_bbp_reply_count":0,"_bbp_total_topic_count":0,"_bbp_total_reply_count":0,"_bbp_voice_count":0,"_bbp_anonymous_reply_count":0,"_bbp_topic_count_hidden":0,"_bbp_reply_count_hidden":0,"_bbp_forum_subforum_count":0,"om_disable_all_campaigns":false,"_monsterinsights_skip_tracking":false,"footnotes":""},"categories":[94],"tags":[68,63,42,71,26,23,59,32,22,70,62],"class_list":["post-1655","post","type-post","status-publish","format-standard","has-post-thumbnail","hentry","category-filmy-2","tag-cesarstwo-rzymskie","tag-historia-ziemi","tag-illuminati","tag-kosciol-katolicki","tag-ludzkosc","tag-niewolnictwo","tag-nwo","tag-rzad","tag-satanizm","tag-tajne-stowarzyszenia","tag-wszechswiat"],"acf":[],"aioseo_notices":[],"aioseo_head":"\n\t\t<!-- All in One SEO 5.0.1.1 - aioseo.com -->\n\t<meta name=\"description\" content=\"Maria Zeee - wywiad z pracownikiem agencji FEMA\" \/>\n\t<meta name=\"robots\" content=\"max-image-preview:large\" \/>\n\t<meta name=\"author\" content=\"Bart\u0142omiej Talarczyk\"\/>\n\t<link rel=\"canonical\" href=\"https:\/\/wia.net.pl\/index.php\/2023\/06\/04\/maria-zeee-wywiad-z-pracownikiem-agencji-fema\/\" \/>\n\t<meta name=\"generator\" content=\"All in One SEO (AIOSEO) 5.0.1.1\" \/>\n\t\t<meta property=\"og:locale\" content=\"pl_PL\" \/>\n\t\t<meta property=\"og:site_name\" content=\"Wolno\u015b\u0107 i Anarchia - Ka\u017cdy wewn\u0119trznie jest anarchist\u0105.\" \/>\n\t\t<meta property=\"og:type\" content=\"article\" \/>\n\t\t<meta property=\"og:title\" content=\"Maria Zeee \u2013 wywiad z pracownikiem agencji FEMA - Wolno\u015b\u0107 i Anarchia\" \/>\n\t\t<meta property=\"og:description\" content=\"Maria Zeee - wywiad z pracownikiem agencji FEMA\" \/>\n\t\t<meta property=\"og:url\" content=\"https:\/\/wia.net.pl\/index.php\/2023\/06\/04\/maria-zeee-wywiad-z-pracownikiem-agencji-fema\/\" \/>\n\t\t<meta property=\"og:image\" content=\"https:\/\/wia.net.pl\/wp-content\/uploads\/2023\/11\/cropped-freedom-i73367.jpg\" \/>\n\t\t<meta property=\"og:image:secure_url\" content=\"https:\/\/wia.net.pl\/wp-content\/uploads\/2023\/11\/cropped-freedom-i73367.jpg\" \/>\n\t\t<meta property=\"article:published_time\" content=\"2023-06-04T19:16:15+00:00\" \/>\n\t\t<meta property=\"article:modified_time\" content=\"2023-06-04T19:16:16+00:00\" \/>\n\t\t<meta name=\"twitter:card\" content=\"summary_large_image\" \/>\n\t\t<meta name=\"twitter:title\" content=\"Maria Zeee \u2013 wywiad z pracownikiem agencji FEMA - Wolno\u015b\u0107 i Anarchia\" \/>\n\t\t<meta name=\"twitter:description\" content=\"Maria Zeee - wywiad z pracownikiem agencji FEMA\" \/>\n\t\t<meta name=\"twitter:image\" content=\"https:\/\/wia.net.pl\/wp-content\/uploads\/2023\/11\/cropped-freedom-i73367.jpg\" \/>\n\t\t<script type=\"application\/ld+json\" class=\"aioseo-schema\">\n\t\t\t{\"@context\":\"https:\\\/\\\/schema.org\",\"@graph\":[{\"@type\":\"BlogPosting\",\"@id\":\"https:\\\/\\\/wia.net.pl\\\/index.php\\\/2023\\\/06\\\/04\\\/maria-zeee-wywiad-z-pracownikiem-agencji-fema\\\/#blogposting\",\"name\":\"Maria Zeee \\u2013 wywiad z pracownikiem agencji FEMA - Wolno\\u015b\\u0107 i Anarchia\",\"headline\":\"Maria Zeee &#8211; wywiad z pracownikiem agencji FEMA\",\"author\":{\"@id\":\"https:\\\/\\\/wia.net.pl\\\/index.php\\\/author\\\/talar\\\/#author\"},\"publisher\":{\"@id\":\"https:\\\/\\\/wia.net.pl\\\/#person\"},\"image\":{\"@type\":\"ImageObject\",\"url\":\"https:\\\/\\\/wia.net.pl\\\/wp-content\\\/uploads\\\/2023\\\/06\\\/fema-scaled.jpg\",\"width\":2560,\"height\":1703,\"caption\":\"Students, wearing black helmets, and police clash outside the site of a meeting of university rectors from throughout the country, in Turin, northern Italy, Tuesday, May 19, 2009. Organizers have named the gathering of rectors from some 40 Italian universities as the \\\"G-8'' university summit, although the meeting has nothing to do with the annual Group of Eight summit of leading industrialized nations, which will be held in July in L'Aquila, Italy. (AP Photo\\\/Massimo Pinca)\"},\"datePublished\":\"2023-06-04T21:16:15+02:00\",\"dateModified\":\"2023-06-04T21:16:16+02:00\",\"inLanguage\":\"pl-PL\",\"mainEntityOfPage\":{\"@id\":\"https:\\\/\\\/wia.net.pl\\\/index.php\\\/2023\\\/06\\\/04\\\/maria-zeee-wywiad-z-pracownikiem-agencji-fema\\\/#webpage\"},\"isPartOf\":{\"@id\":\"https:\\\/\\\/wia.net.pl\\\/index.php\\\/2023\\\/06\\\/04\\\/maria-zeee-wywiad-z-pracownikiem-agencji-fema\\\/#webpage\"},\"articleSection\":\"Filmy, Cesarstwo Rzymskie, Historia ziemi, Illuminati, Ko\\u015bci\\u00f3\\u0142 katolicki, Ludzko\\u015b\\u0107, Niewolnictwo, NWO, Rz\\u0105d, Satanizm, Tajne stowarzyszenia, Wszech\\u015bwiat\"},{\"@type\":\"BreadcrumbList\",\"@id\":\"https:\\\/\\\/wia.net.pl\\\/index.php\\\/2023\\\/06\\\/04\\\/maria-zeee-wywiad-z-pracownikiem-agencji-fema\\\/#breadcrumblist\",\"itemListElement\":[{\"@type\":\"ListItem\",\"@id\":\"https:\\\/\\\/wia.net.pl#listItem\",\"position\":1,\"name\":\"Home\",\"item\":\"https:\\\/\\\/wia.net.pl\",\"nextItem\":{\"@type\":\"ListItem\",\"@id\":\"https:\\\/\\\/wia.net.pl\\\/index.php\\\/category\\\/filmy-2\\\/#listItem\",\"name\":\"Filmy\"}},{\"@type\":\"ListItem\",\"@id\":\"https:\\\/\\\/wia.net.pl\\\/index.php\\\/category\\\/filmy-2\\\/#listItem\",\"position\":2,\"name\":\"Filmy\",\"item\":\"https:\\\/\\\/wia.net.pl\\\/index.php\\\/category\\\/filmy-2\\\/\",\"nextItem\":{\"@type\":\"ListItem\",\"@id\":\"https:\\\/\\\/wia.net.pl\\\/index.php\\\/2023\\\/06\\\/04\\\/maria-zeee-wywiad-z-pracownikiem-agencji-fema\\\/#listItem\",\"name\":\"Maria Zeee &#8211; wywiad z pracownikiem agencji FEMA\"},\"previousItem\":{\"@type\":\"ListItem\",\"@id\":\"https:\\\/\\\/wia.net.pl#listItem\",\"name\":\"Home\"}},{\"@type\":\"ListItem\",\"@id\":\"https:\\\/\\\/wia.net.pl\\\/index.php\\\/2023\\\/06\\\/04\\\/maria-zeee-wywiad-z-pracownikiem-agencji-fema\\\/#listItem\",\"position\":3,\"name\":\"Maria Zeee &#8211; wywiad z pracownikiem agencji FEMA\",\"previousItem\":{\"@type\":\"ListItem\",\"@id\":\"https:\\\/\\\/wia.net.pl\\\/index.php\\\/category\\\/filmy-2\\\/#listItem\",\"name\":\"Filmy\"}}]},{\"@type\":\"Person\",\"@id\":\"https:\\\/\\\/wia.net.pl\\\/#person\",\"name\":\"Bart\\u0142omiej Talarczyk\",\"image\":{\"@type\":\"ImageObject\",\"@id\":\"https:\\\/\\\/wia.net.pl\\\/index.php\\\/2023\\\/06\\\/04\\\/maria-zeee-wywiad-z-pracownikiem-agencji-fema\\\/#personImage\",\"url\":\"https:\\\/\\\/wia.net.pl\\\/wp-content\\\/uploads\\\/avatar-privacy\\\/cache\\\/user\\\/1\\\/7\\\/176a6b161c58363ff49b5c167264231f519f5c7fa183ca1f61e891769b6b56d5-96.jpg\",\"width\":96,\"height\":96,\"caption\":\"Bart\\u0142omiej Talarczyk\"}},{\"@type\":\"Person\",\"@id\":\"https:\\\/\\\/wia.net.pl\\\/index.php\\\/author\\\/talar\\\/#author\",\"url\":\"https:\\\/\\\/wia.net.pl\\\/index.php\\\/author\\\/talar\\\/\",\"name\":\"Bart\\u0142omiej Talarczyk\",\"image\":{\"@type\":\"ImageObject\",\"@id\":\"https:\\\/\\\/wia.net.pl\\\/index.php\\\/2023\\\/06\\\/04\\\/maria-zeee-wywiad-z-pracownikiem-agencji-fema\\\/#authorImage\",\"url\":\"https:\\\/\\\/wia.net.pl\\\/wp-content\\\/uploads\\\/avatar-privacy\\\/cache\\\/user\\\/1\\\/7\\\/176a6b161c58363ff49b5c167264231f519f5c7fa183ca1f61e891769b6b56d5-96.jpg\",\"width\":96,\"height\":96,\"caption\":\"Bart\\u0142omiej Talarczyk\"}},{\"@type\":\"WebPage\",\"@id\":\"https:\\\/\\\/wia.net.pl\\\/index.php\\\/2023\\\/06\\\/04\\\/maria-zeee-wywiad-z-pracownikiem-agencji-fema\\\/#webpage\",\"url\":\"https:\\\/\\\/wia.net.pl\\\/index.php\\\/2023\\\/06\\\/04\\\/maria-zeee-wywiad-z-pracownikiem-agencji-fema\\\/\",\"name\":\"Maria Zeee \\u2013 wywiad z pracownikiem agencji FEMA - Wolno\\u015b\\u0107 i Anarchia\",\"description\":\"Maria Zeee - wywiad z pracownikiem agencji FEMA\",\"inLanguage\":\"pl-PL\",\"isPartOf\":{\"@id\":\"https:\\\/\\\/wia.net.pl\\\/#website\"},\"breadcrumb\":{\"@id\":\"https:\\\/\\\/wia.net.pl\\\/index.php\\\/2023\\\/06\\\/04\\\/maria-zeee-wywiad-z-pracownikiem-agencji-fema\\\/#breadcrumblist\"},\"author\":{\"@id\":\"https:\\\/\\\/wia.net.pl\\\/index.php\\\/author\\\/talar\\\/#author\"},\"creator\":{\"@id\":\"https:\\\/\\\/wia.net.pl\\\/index.php\\\/author\\\/talar\\\/#author\"},\"image\":{\"@type\":\"ImageObject\",\"url\":\"https:\\\/\\\/wia.net.pl\\\/wp-content\\\/uploads\\\/2023\\\/06\\\/fema-scaled.jpg\",\"@id\":\"https:\\\/\\\/wia.net.pl\\\/index.php\\\/2023\\\/06\\\/04\\\/maria-zeee-wywiad-z-pracownikiem-agencji-fema\\\/#mainImage\",\"width\":2560,\"height\":1703,\"caption\":\"Students, wearing black helmets, and police clash outside the site of a meeting of university rectors from throughout the country, in Turin, northern Italy, Tuesday, May 19, 2009. Organizers have named the gathering of rectors from some 40 Italian universities as the \\\"G-8'' university summit, although the meeting has nothing to do with the annual Group of Eight summit of leading industrialized nations, which will be held in July in L'Aquila, Italy. (AP Photo\\\/Massimo Pinca)\"},\"primaryImageOfPage\":{\"@id\":\"https:\\\/\\\/wia.net.pl\\\/index.php\\\/2023\\\/06\\\/04\\\/maria-zeee-wywiad-z-pracownikiem-agencji-fema\\\/#mainImage\"},\"datePublished\":\"2023-06-04T21:16:15+02:00\",\"dateModified\":\"2023-06-04T21:16:16+02:00\"},{\"@type\":\"WebSite\",\"@id\":\"https:\\\/\\\/wia.net.pl\\\/#website\",\"url\":\"https:\\\/\\\/wia.net.pl\\\/\",\"name\":\"Wolno\\u015b\\u0107 i Anarchia\",\"description\":\"Ka\\u017cdy wewn\\u0119trznie jest anarchist\\u0105.\",\"inLanguage\":\"pl-PL\",\"publisher\":{\"@id\":\"https:\\\/\\\/wia.net.pl\\\/#person\"}}]}\n\t\t<\/script>\n\t\t<!-- All in One SEO -->\n\n","aioseo_head_json":{"title":"Maria Zeee \u2013 wywiad z pracownikiem agencji FEMA - Wolno\u015b\u0107 i Anarchia","description":"Maria Zeee - wywiad z pracownikiem agencji FEMA","canonical_url":"https:\/\/wia.net.pl\/index.php\/2023\/06\/04\/maria-zeee-wywiad-z-pracownikiem-agencji-fema\/","robots":"max-image-preview:large","keywords":"","webmasterTools":{"miscellaneous":""},"schema":{"@context":"https:\/\/schema.org","@graph":[{"@type":"BlogPosting","@id":"https:\/\/wia.net.pl\/index.php\/2023\/06\/04\/maria-zeee-wywiad-z-pracownikiem-agencji-fema\/#blogposting","name":"Maria Zeee \u2013 wywiad z pracownikiem agencji FEMA - Wolno\u015b\u0107 i Anarchia","headline":"Maria Zeee &#8211; wywiad z pracownikiem agencji FEMA","author":{"@id":"https:\/\/wia.net.pl\/index.php\/author\/talar\/#author"},"publisher":{"@id":"https:\/\/wia.net.pl\/#person"},"image":{"@type":"ImageObject","url":"https:\/\/wia.net.pl\/wp-content\/uploads\/2023\/06\/fema-scaled.jpg","width":2560,"height":1703,"caption":"Students, wearing black helmets, and police clash outside the site of a meeting of university rectors from throughout the country, in Turin, northern Italy, Tuesday, May 19, 2009. Organizers have named the gathering of rectors from some 40 Italian universities as the \"G-8'' university summit, although the meeting has nothing to do with the annual Group of Eight summit of leading industrialized nations, which will be held in July in L'Aquila, Italy. (AP Photo\/Massimo Pinca)"},"datePublished":"2023-06-04T21:16:15+02:00","dateModified":"2023-06-04T21:16:16+02:00","inLanguage":"pl-PL","mainEntityOfPage":{"@id":"https:\/\/wia.net.pl\/index.php\/2023\/06\/04\/maria-zeee-wywiad-z-pracownikiem-agencji-fema\/#webpage"},"isPartOf":{"@id":"https:\/\/wia.net.pl\/index.php\/2023\/06\/04\/maria-zeee-wywiad-z-pracownikiem-agencji-fema\/#webpage"},"articleSection":"Filmy, Cesarstwo Rzymskie, Historia ziemi, Illuminati, Ko\u015bci\u00f3\u0142 katolicki, Ludzko\u015b\u0107, Niewolnictwo, NWO, Rz\u0105d, Satanizm, Tajne stowarzyszenia, Wszech\u015bwiat"},{"@type":"BreadcrumbList","@id":"https:\/\/wia.net.pl\/index.php\/2023\/06\/04\/maria-zeee-wywiad-z-pracownikiem-agencji-fema\/#breadcrumblist","itemListElement":[{"@type":"ListItem","@id":"https:\/\/wia.net.pl#listItem","position":1,"name":"Home","item":"https:\/\/wia.net.pl","nextItem":{"@type":"ListItem","@id":"https:\/\/wia.net.pl\/index.php\/category\/filmy-2\/#listItem","name":"Filmy"}},{"@type":"ListItem","@id":"https:\/\/wia.net.pl\/index.php\/category\/filmy-2\/#listItem","position":2,"name":"Filmy","item":"https:\/\/wia.net.pl\/index.php\/category\/filmy-2\/","nextItem":{"@type":"ListItem","@id":"https:\/\/wia.net.pl\/index.php\/2023\/06\/04\/maria-zeee-wywiad-z-pracownikiem-agencji-fema\/#listItem","name":"Maria Zeee &#8211; wywiad z pracownikiem agencji FEMA"},"previousItem":{"@type":"ListItem","@id":"https:\/\/wia.net.pl#listItem","name":"Home"}},{"@type":"ListItem","@id":"https:\/\/wia.net.pl\/index.php\/2023\/06\/04\/maria-zeee-wywiad-z-pracownikiem-agencji-fema\/#listItem","position":3,"name":"Maria Zeee &#8211; wywiad z pracownikiem agencji FEMA","previousItem":{"@type":"ListItem","@id":"https:\/\/wia.net.pl\/index.php\/category\/filmy-2\/#listItem","name":"Filmy"}}]},{"@type":"Person","@id":"https:\/\/wia.net.pl\/#person","name":"Bart\u0142omiej Talarczyk","image":{"@type":"ImageObject","@id":"https:\/\/wia.net.pl\/index.php\/2023\/06\/04\/maria-zeee-wywiad-z-pracownikiem-agencji-fema\/#personImage","url":"https:\/\/wia.net.pl\/wp-content\/uploads\/avatar-privacy\/cache\/user\/1\/7\/176a6b161c58363ff49b5c167264231f519f5c7fa183ca1f61e891769b6b56d5-96.jpg","width":96,"height":96,"caption":"Bart\u0142omiej Talarczyk"}},{"@type":"Person","@id":"https:\/\/wia.net.pl\/index.php\/author\/talar\/#author","url":"https:\/\/wia.net.pl\/index.php\/author\/talar\/","name":"Bart\u0142omiej Talarczyk","image":{"@type":"ImageObject","@id":"https:\/\/wia.net.pl\/index.php\/2023\/06\/04\/maria-zeee-wywiad-z-pracownikiem-agencji-fema\/#authorImage","url":"https:\/\/wia.net.pl\/wp-content\/uploads\/avatar-privacy\/cache\/user\/1\/7\/176a6b161c58363ff49b5c167264231f519f5c7fa183ca1f61e891769b6b56d5-96.jpg","width":96,"height":96,"caption":"Bart\u0142omiej Talarczyk"}},{"@type":"WebPage","@id":"https:\/\/wia.net.pl\/index.php\/2023\/06\/04\/maria-zeee-wywiad-z-pracownikiem-agencji-fema\/#webpage","url":"https:\/\/wia.net.pl\/index.php\/2023\/06\/04\/maria-zeee-wywiad-z-pracownikiem-agencji-fema\/","name":"Maria Zeee \u2013 wywiad z pracownikiem agencji FEMA - Wolno\u015b\u0107 i Anarchia","description":"Maria Zeee - wywiad z pracownikiem agencji FEMA","inLanguage":"pl-PL","isPartOf":{"@id":"https:\/\/wia.net.pl\/#website"},"breadcrumb":{"@id":"https:\/\/wia.net.pl\/index.php\/2023\/06\/04\/maria-zeee-wywiad-z-pracownikiem-agencji-fema\/#breadcrumblist"},"author":{"@id":"https:\/\/wia.net.pl\/index.php\/author\/talar\/#author"},"creator":{"@id":"https:\/\/wia.net.pl\/index.php\/author\/talar\/#author"},"image":{"@type":"ImageObject","url":"https:\/\/wia.net.pl\/wp-content\/uploads\/2023\/06\/fema-scaled.jpg","@id":"https:\/\/wia.net.pl\/index.php\/2023\/06\/04\/maria-zeee-wywiad-z-pracownikiem-agencji-fema\/#mainImage","width":2560,"height":1703,"caption":"Students, wearing black helmets, and police clash outside the site of a meeting of university rectors from throughout the country, in Turin, northern Italy, Tuesday, May 19, 2009. Organizers have named the gathering of rectors from some 40 Italian universities as the \"G-8'' university summit, although the meeting has nothing to do with the annual Group of Eight summit of leading industrialized nations, which will be held in July in L'Aquila, Italy. (AP Photo\/Massimo Pinca)"},"primaryImageOfPage":{"@id":"https:\/\/wia.net.pl\/index.php\/2023\/06\/04\/maria-zeee-wywiad-z-pracownikiem-agencji-fema\/#mainImage"},"datePublished":"2023-06-04T21:16:15+02:00","dateModified":"2023-06-04T21:16:16+02:00"},{"@type":"WebSite","@id":"https:\/\/wia.net.pl\/#website","url":"https:\/\/wia.net.pl\/","name":"Wolno\u015b\u0107 i Anarchia","description":"Ka\u017cdy wewn\u0119trznie jest anarchist\u0105.","inLanguage":"pl-PL","publisher":{"@id":"https:\/\/wia.net.pl\/#person"}}]},"og:locale":"pl_PL","og:site_name":"Wolno\u015b\u0107 i Anarchia - Ka\u017cdy wewn\u0119trznie jest anarchist\u0105.","og:type":"article","og:title":"Maria Zeee \u2013 wywiad z pracownikiem agencji FEMA - Wolno\u015b\u0107 i Anarchia","og:description":"Maria Zeee - wywiad z pracownikiem agencji FEMA","og:url":"https:\/\/wia.net.pl\/index.php\/2023\/06\/04\/maria-zeee-wywiad-z-pracownikiem-agencji-fema\/","og:image":"https:\/\/wia.net.pl\/wp-content\/uploads\/2023\/11\/cropped-freedom-i73367.jpg","og:image:secure_url":"https:\/\/wia.net.pl\/wp-content\/uploads\/2023\/11\/cropped-freedom-i73367.jpg","article:published_time":"2023-06-04T19:16:15+00:00","article:modified_time":"2023-06-04T19:16:16+00:00","twitter:card":"summary_large_image","twitter:title":"Maria Zeee \u2013 wywiad z pracownikiem agencji FEMA - Wolno\u015b\u0107 i Anarchia","twitter:description":"Maria Zeee - wywiad z pracownikiem agencji FEMA","twitter:image":"https:\/\/wia.net.pl\/wp-content\/uploads\/2023\/11\/cropped-freedom-i73367.jpg"},"aioseo_meta_data":{"post_id":"1655","title":null,"description":null,"keywords":null,"keyphrases":null,"primary_term":null,"canonical_url":null,"og_title":null,"og_description":null,"og_object_type":"default","og_image_type":"default","og_image_url":null,"og_image_width":null,"og_image_height":null,"og_image_custom_url":null,"og_image_custom_fields":null,"og_video":null,"og_custom_url":null,"og_article_section":null,"og_article_tags":null,"twitter_use_og":false,"twitter_card":"default","twitter_image_type":"default","twitter_image_url":null,"twitter_image_custom_url":null,"twitter_image_custom_fields":null,"twitter_title":null,"twitter_description":null,"schema":{"blockGraphs":[],"customGraphs":[],"default":{"data":{"Article":[],"Course":[],"Dataset":[],"FAQPage":[],"Movie":[],"Person":[],"Product":[],"ProductReview":[],"Car":[],"Recipe":[],"Service":[],"SoftwareApplication":[],"WebPage":[]},"graphName":"","isEnabled":true},"graphs":[]},"schema_type":"default","schema_type_options":null,"pillar_content":false,"robots_default":true,"robots_noindex":false,"robots_noarchive":false,"robots_nosnippet":false,"robots_nofollow":false,"robots_noimageindex":false,"robots_noodp":false,"robots_notranslate":false,"robots_max_snippet":null,"robots_max_videopreview":null,"robots_max_imagepreview":"large","priority":null,"frequency":null,"local_seo":null,"breadcrumb_settings":null,"limit_modified_date":false,"ai":null,"created":"2023-06-06 13:53:18","updated":"2025-06-04 07:54:32","seo_analyzer_scan_date":null,"focus_keyword":null,"additional_keywords":null,"truseo_locale":null},"aioseo_breadcrumb":"<div class=\"aioseo-breadcrumbs\"><span class=\"aioseo-breadcrumb\">\n\t\t\t<a href=\"https:\/\/wia.net.pl\" title=\"Home\">Home<\/a>\n\t\t<\/span><span class=\"aioseo-breadcrumb-separator\">&raquo;<\/span><span class=\"aioseo-breadcrumb\">\n\t\t\t<a href=\"https:\/\/wia.net.pl\/index.php\/category\/filmy-2\/\" title=\"Filmy\">Filmy<\/a>\n\t\t<\/span><span class=\"aioseo-breadcrumb-separator\">&raquo;<\/span><span class=\"aioseo-breadcrumb\">\n\t\t\tMaria Zeee \u2013 wywiad z pracownikiem agencji FEMA\n\t\t<\/span><\/div>","aioseo_breadcrumb_json":[{"label":"Home","link":"https:\/\/wia.net.pl"},{"label":"Filmy","link":"https:\/\/wia.net.pl\/index.php\/category\/filmy-2\/"},{"label":"Maria Zeee &#8211; wywiad z pracownikiem agencji FEMA","link":"https:\/\/wia.net.pl\/index.php\/2023\/06\/04\/maria-zeee-wywiad-z-pracownikiem-agencji-fema\/"}],"_links":{"self":[{"href":"https:\/\/wia.net.pl\/index.php\/wp-json\/wp\/v2\/posts\/1655"}],"collection":[{"href":"https:\/\/wia.net.pl\/index.php\/wp-json\/wp\/v2\/posts"}],"about":[{"href":"https:\/\/wia.net.pl\/index.php\/wp-json\/wp\/v2\/types\/post"}],"author":[{"embeddable":true,"href":"https:\/\/wia.net.pl\/index.php\/wp-json\/wp\/v2\/users\/3"}],"replies":[{"embeddable":true,"href":"https:\/\/wia.net.pl\/index.php\/wp-json\/wp\/v2\/comments?post=1655"}],"version-history":[{"count":1,"href":"https:\/\/wia.net.pl\/index.php\/wp-json\/wp\/v2\/posts\/1655\/revisions"}],"predecessor-version":[{"id":1657,"href":"https:\/\/wia.net.pl\/index.php\/wp-json\/wp\/v2\/posts\/1655\/revisions\/1657"}],"wp:featuredmedia":[{"embeddable":true,"href":"https:\/\/wia.net.pl\/index.php\/wp-json\/wp\/v2\/media\/1656"}],"wp:attachment":[{"href":"https:\/\/wia.net.pl\/index.php\/wp-json\/wp\/v2\/media?parent=1655"}],"wp:term":[{"taxonomy":"category","embeddable":true,"href":"https:\/\/wia.net.pl\/index.php\/wp-json\/wp\/v2\/categories?post=1655"},{"taxonomy":"post_tag","embeddable":true,"href":"https:\/\/wia.net.pl\/index.php\/wp-json\/wp\/v2\/tags?post=1655"}],"curies":[{"name":"wp","href":"https:\/\/api.w.org\/{rel}","templated":true}]}}