{"id":171,"date":"2023-01-14T23:23:25","date_gmt":"2023-01-14T22:23:25","guid":{"rendered":"https:\/\/bart1978.webd.pro\/?p=171"},"modified":"2023-05-31T00:01:36","modified_gmt":"2023-05-30T22:01:36","slug":"prawo-naturalne-mark-passio-odcinek-4-seminarium-cz2-2","status":"publish","type":"post","link":"https:\/\/wia.net.pl\/index.php\/2023\/01\/14\/prawo-naturalne-mark-passio-odcinek-4-seminarium-cz2-2\/","title":{"rendered":"Prawo naturalne &#8211; Mark Passio &#8211; odcinek 4 &#8211; seminarium cz2\/2"},"content":{"rendered":"<div style=\"position: relative; padding-bottom: calc(var(--aspect-ratio, .5625) * 100%); height: 0; width: 100%; margin: 0 auto;\" class=\"rumble-video-container\"><video controls controlsList=\"nodownload\" style=\"position: absolute; top: 0; left: 0; width: 100%; height: 100%; background: #000;\" preload=\"metadata\" src=\"https:\/\/hugh.cdn.rumble.cloud\/video\/s8\/2\/9\/N\/w\/M\/9NwMc.caa.mp4\" poster=\"\"><\/video><\/div>\n\n\n\n<p>Druga cz\u0119\u015b\u0107 wybranych materia\u0142\u00f3w z Seminarium Marka Passio po\u015bwi\u0119conego prawu naturalnemu. <\/p>\n\n\n\n<p>Omawiane tematy: <\/p>\n\n\n\n<p>&#8211; Moralne zawinienie <\/p>\n\n\n\n<p>&#8211; Odpowiedzialno\u015b\u0107 a rezygnacja <\/p>\n\n\n\n<p>&#8211; Szacunek do samego siebie a wstr\u0119t do samego siebie <\/p>\n\n\n\n<p>&#8211; Zapomniane s\u0142owo <\/p>\n\n\n\n<p>&#8211; Emocjonalna kontrola umys\u0142u <\/p>\n\n\n\n<p>&#8211; Wojna duchowa <\/p>\n\n\n\n<p>&#8211; Zmiana kwantowa <\/p>\n\n\n\n<p>&#8211; Apokalipsa <\/p>\n\n\n\n<p>&#8211; Zasady ramowe prawa naturalnego<\/p>\n","protected":false},"excerpt":{"rendered":"<p>Druga cz\u0119\u015b\u0107 wybranych materia\u0142\u00f3w z Seminarium Marka Passio po\u015bwi\u0119conego prawu naturalnemu. Omawiane tematy: &#8211; Moralne zawinienie &#8211; Odpowiedzialno\u015b\u0107 a rezygnacja &#8211; Szacunek do samego siebie a wstr\u0119t do samego siebie &#8211; Zapomniane s\u0142owo &#8211; Emocjonalna kontrola umys\u0142u &#8211; Wojna duchowa&#8230; <\/p>\n","protected":false},"author":3,"featured_media":172,"comment_status":"open","ping_status":"open","sticky":false,"template":"","format":"standard","meta":{"_acf_changed":false,"_bbp_topic_count":0,"_bbp_reply_count":0,"_bbp_total_topic_count":0,"_bbp_total_reply_count":0,"_bbp_voice_count":0,"_bbp_anonymous_reply_count":0,"_bbp_topic_count_hidden":0,"_bbp_reply_count_hidden":0,"_bbp_forum_subforum_count":0,"om_disable_all_campaigns":false,"_monsterinsights_skip_tracking":false,"footnotes":""},"categories":[16],"tags":[19,23,24,21,20,22],"class_list":["post-171","post","type-post","status-publish","format-standard","has-post-thumbnail","hentry","category-prawonaturalne","tag-mark-passio","tag-niewolnictwo","tag-prawa-czlowieka","tag-prawo-morza","tag-prawo-naturalne","tag-satanizm"],"acf":[],"aioseo_notices":[],"aioseo_head":"\n\t\t<!-- All in One SEO 5.0.1.1 - aioseo.com -->\n\t<meta name=\"description\" content=\"Druga cz\u0119\u015b\u0107 wybranych materia\u0142\u00f3w z Seminarium Marka Passio po\u015bwi\u0119conego prawu naturalnemu. Omawiane tematy: - Moralne zawinienie - Odpowiedzialno\u015b\u0107 a rezygnacja - Szacunek do samego siebie a wstr\u0119t do samego siebie - Zapomniane s\u0142owo - Emocjonalna kontrola umys\u0142u - Wojna duchowa - Zmiana kwantowa - Apokalipsa - Zasady ramowe prawa naturalnego\" \/>\n\t<meta name=\"robots\" content=\"max-image-preview:large\" \/>\n\t<meta name=\"author\" content=\"Bart\u0142omiej Talarczyk\"\/>\n\t<link rel=\"canonical\" href=\"https:\/\/wia.net.pl\/index.php\/2023\/01\/14\/prawo-naturalne-mark-passio-odcinek-4-seminarium-cz2-2\/\" \/>\n\t<meta name=\"generator\" content=\"All in One SEO (AIOSEO) 5.0.1.1\" \/>\n\t\t<meta property=\"og:locale\" content=\"pl_PL\" \/>\n\t\t<meta property=\"og:site_name\" content=\"Wolno\u015b\u0107 i Anarchia - Ka\u017cdy wewn\u0119trznie jest anarchist\u0105.\" \/>\n\t\t<meta property=\"og:type\" content=\"article\" \/>\n\t\t<meta property=\"og:title\" content=\"Prawo naturalne \u2013 Mark Passio \u2013 odcinek 4 \u2013 seminarium cz2\/2 - Wolno\u015b\u0107 i Anarchia\" \/>\n\t\t<meta property=\"og:description\" content=\"Druga cz\u0119\u015b\u0107 wybranych materia\u0142\u00f3w z Seminarium Marka Passio po\u015bwi\u0119conego prawu naturalnemu. Omawiane tematy: - Moralne zawinienie - Odpowiedzialno\u015b\u0107 a rezygnacja - Szacunek do samego siebie a wstr\u0119t do samego siebie - Zapomniane s\u0142owo - Emocjonalna kontrola umys\u0142u - Wojna duchowa - Zmiana kwantowa - Apokalipsa - Zasady ramowe prawa naturalnego\" \/>\n\t\t<meta property=\"og:url\" content=\"https:\/\/wia.net.pl\/index.php\/2023\/01\/14\/prawo-naturalne-mark-passio-odcinek-4-seminarium-cz2-2\/\" \/>\n\t\t<meta property=\"og:image\" content=\"https:\/\/wia.net.pl\/wp-content\/uploads\/2023\/11\/cropped-freedom-i73367.jpg\" \/>\n\t\t<meta property=\"og:image:secure_url\" content=\"https:\/\/wia.net.pl\/wp-content\/uploads\/2023\/11\/cropped-freedom-i73367.jpg\" \/>\n\t\t<meta property=\"article:published_time\" content=\"2023-01-14T22:23:25+00:00\" \/>\n\t\t<meta property=\"article:modified_time\" content=\"2023-05-30T22:01:36+00:00\" \/>\n\t\t<meta name=\"twitter:card\" content=\"summary_large_image\" \/>\n\t\t<meta name=\"twitter:title\" content=\"Prawo naturalne \u2013 Mark Passio \u2013 odcinek 4 \u2013 seminarium cz2\/2 - Wolno\u015b\u0107 i Anarchia\" \/>\n\t\t<meta name=\"twitter:description\" content=\"Druga cz\u0119\u015b\u0107 wybranych materia\u0142\u00f3w z Seminarium Marka Passio po\u015bwi\u0119conego prawu naturalnemu. Omawiane tematy: - Moralne zawinienie - Odpowiedzialno\u015b\u0107 a rezygnacja - Szacunek do samego siebie a wstr\u0119t do samego siebie - Zapomniane s\u0142owo - Emocjonalna kontrola umys\u0142u - Wojna duchowa - Zmiana kwantowa - Apokalipsa - Zasady ramowe prawa naturalnego\" \/>\n\t\t<meta name=\"twitter:image\" content=\"https:\/\/wia.net.pl\/wp-content\/uploads\/2023\/11\/cropped-freedom-i73367.jpg\" \/>\n\t\t<script type=\"application\/ld+json\" class=\"aioseo-schema\">\n\t\t\t{\"@context\":\"https:\\\/\\\/schema.org\",\"@graph\":[{\"@type\":\"BlogPosting\",\"@id\":\"https:\\\/\\\/wia.net.pl\\\/index.php\\\/2023\\\/01\\\/14\\\/prawo-naturalne-mark-passio-odcinek-4-seminarium-cz2-2\\\/#blogposting\",\"name\":\"Prawo naturalne \\u2013 Mark Passio \\u2013 odcinek 4 \\u2013 seminarium cz2\\\/2 - Wolno\\u015b\\u0107 i Anarchia\",\"headline\":\"Prawo naturalne &#8211; Mark Passio &#8211; odcinek 4 &#8211; seminarium cz2\\\/2\",\"author\":{\"@id\":\"https:\\\/\\\/wia.net.pl\\\/index.php\\\/author\\\/talar\\\/#author\"},\"publisher\":{\"@id\":\"https:\\\/\\\/wia.net.pl\\\/#person\"},\"image\":{\"@type\":\"ImageObject\",\"url\":\"https:\\\/\\\/wia.net.pl\\\/wp-content\\\/uploads\\\/2023\\\/01\\\/goodbad6.jpg\",\"width\":275,\"height\":183},\"datePublished\":\"2023-01-14T23:23:25+01:00\",\"dateModified\":\"2023-05-31T00:01:36+02:00\",\"inLanguage\":\"pl-PL\",\"mainEntityOfPage\":{\"@id\":\"https:\\\/\\\/wia.net.pl\\\/index.php\\\/2023\\\/01\\\/14\\\/prawo-naturalne-mark-passio-odcinek-4-seminarium-cz2-2\\\/#webpage\"},\"isPartOf\":{\"@id\":\"https:\\\/\\\/wia.net.pl\\\/index.php\\\/2023\\\/01\\\/14\\\/prawo-naturalne-mark-passio-odcinek-4-seminarium-cz2-2\\\/#webpage\"},\"articleSection\":\"Prawo naturalne, Mark Passio, Niewolnictwo, Prawa cz\\u0142owieka, Prawo Morza, Prawo Naturalne, Satanizm\"},{\"@type\":\"BreadcrumbList\",\"@id\":\"https:\\\/\\\/wia.net.pl\\\/index.php\\\/2023\\\/01\\\/14\\\/prawo-naturalne-mark-passio-odcinek-4-seminarium-cz2-2\\\/#breadcrumblist\",\"itemListElement\":[{\"@type\":\"ListItem\",\"@id\":\"https:\\\/\\\/wia.net.pl#listItem\",\"position\":1,\"name\":\"Home\",\"item\":\"https:\\\/\\\/wia.net.pl\",\"nextItem\":{\"@type\":\"ListItem\",\"@id\":\"https:\\\/\\\/wia.net.pl\\\/index.php\\\/category\\\/prawonaturalne\\\/#listItem\",\"name\":\"Prawo naturalne\"}},{\"@type\":\"ListItem\",\"@id\":\"https:\\\/\\\/wia.net.pl\\\/index.php\\\/category\\\/prawonaturalne\\\/#listItem\",\"position\":2,\"name\":\"Prawo naturalne\",\"item\":\"https:\\\/\\\/wia.net.pl\\\/index.php\\\/category\\\/prawonaturalne\\\/\",\"nextItem\":{\"@type\":\"ListItem\",\"@id\":\"https:\\\/\\\/wia.net.pl\\\/index.php\\\/2023\\\/01\\\/14\\\/prawo-naturalne-mark-passio-odcinek-4-seminarium-cz2-2\\\/#listItem\",\"name\":\"Prawo naturalne &#8211; Mark Passio &#8211; odcinek 4 &#8211; seminarium cz2\\\/2\"},\"previousItem\":{\"@type\":\"ListItem\",\"@id\":\"https:\\\/\\\/wia.net.pl#listItem\",\"name\":\"Home\"}},{\"@type\":\"ListItem\",\"@id\":\"https:\\\/\\\/wia.net.pl\\\/index.php\\\/2023\\\/01\\\/14\\\/prawo-naturalne-mark-passio-odcinek-4-seminarium-cz2-2\\\/#listItem\",\"position\":3,\"name\":\"Prawo naturalne &#8211; Mark Passio &#8211; odcinek 4 &#8211; seminarium cz2\\\/2\",\"previousItem\":{\"@type\":\"ListItem\",\"@id\":\"https:\\\/\\\/wia.net.pl\\\/index.php\\\/category\\\/prawonaturalne\\\/#listItem\",\"name\":\"Prawo naturalne\"}}]},{\"@type\":\"Person\",\"@id\":\"https:\\\/\\\/wia.net.pl\\\/#person\",\"name\":\"Bart\\u0142omiej Talarczyk\",\"image\":{\"@type\":\"ImageObject\",\"@id\":\"https:\\\/\\\/wia.net.pl\\\/index.php\\\/2023\\\/01\\\/14\\\/prawo-naturalne-mark-passio-odcinek-4-seminarium-cz2-2\\\/#personImage\",\"url\":\"https:\\\/\\\/wia.net.pl\\\/wp-content\\\/uploads\\\/avatar-privacy\\\/cache\\\/user\\\/1\\\/7\\\/176a6b161c58363ff49b5c167264231f519f5c7fa183ca1f61e891769b6b56d5-96.jpg\",\"width\":96,\"height\":96,\"caption\":\"Bart\\u0142omiej Talarczyk\"}},{\"@type\":\"Person\",\"@id\":\"https:\\\/\\\/wia.net.pl\\\/index.php\\\/author\\\/talar\\\/#author\",\"url\":\"https:\\\/\\\/wia.net.pl\\\/index.php\\\/author\\\/talar\\\/\",\"name\":\"Bart\\u0142omiej Talarczyk\",\"image\":{\"@type\":\"ImageObject\",\"@id\":\"https:\\\/\\\/wia.net.pl\\\/index.php\\\/2023\\\/01\\\/14\\\/prawo-naturalne-mark-passio-odcinek-4-seminarium-cz2-2\\\/#authorImage\",\"url\":\"https:\\\/\\\/wia.net.pl\\\/wp-content\\\/uploads\\\/avatar-privacy\\\/cache\\\/user\\\/1\\\/7\\\/176a6b161c58363ff49b5c167264231f519f5c7fa183ca1f61e891769b6b56d5-96.jpg\",\"width\":96,\"height\":96,\"caption\":\"Bart\\u0142omiej Talarczyk\"}},{\"@type\":\"WebPage\",\"@id\":\"https:\\\/\\\/wia.net.pl\\\/index.php\\\/2023\\\/01\\\/14\\\/prawo-naturalne-mark-passio-odcinek-4-seminarium-cz2-2\\\/#webpage\",\"url\":\"https:\\\/\\\/wia.net.pl\\\/index.php\\\/2023\\\/01\\\/14\\\/prawo-naturalne-mark-passio-odcinek-4-seminarium-cz2-2\\\/\",\"name\":\"Prawo naturalne \\u2013 Mark Passio \\u2013 odcinek 4 \\u2013 seminarium cz2\\\/2 - Wolno\\u015b\\u0107 i Anarchia\",\"description\":\"Druga cz\\u0119\\u015b\\u0107 wybranych materia\\u0142\\u00f3w z Seminarium Marka Passio po\\u015bwi\\u0119conego prawu naturalnemu. Omawiane tematy: - Moralne zawinienie - Odpowiedzialno\\u015b\\u0107 a rezygnacja - Szacunek do samego siebie a wstr\\u0119t do samego siebie - Zapomniane s\\u0142owo - Emocjonalna kontrola umys\\u0142u - Wojna duchowa - Zmiana kwantowa - Apokalipsa - Zasady ramowe prawa naturalnego\",\"inLanguage\":\"pl-PL\",\"isPartOf\":{\"@id\":\"https:\\\/\\\/wia.net.pl\\\/#website\"},\"breadcrumb\":{\"@id\":\"https:\\\/\\\/wia.net.pl\\\/index.php\\\/2023\\\/01\\\/14\\\/prawo-naturalne-mark-passio-odcinek-4-seminarium-cz2-2\\\/#breadcrumblist\"},\"author\":{\"@id\":\"https:\\\/\\\/wia.net.pl\\\/index.php\\\/author\\\/talar\\\/#author\"},\"creator\":{\"@id\":\"https:\\\/\\\/wia.net.pl\\\/index.php\\\/author\\\/talar\\\/#author\"},\"image\":{\"@type\":\"ImageObject\",\"url\":\"https:\\\/\\\/wia.net.pl\\\/wp-content\\\/uploads\\\/2023\\\/01\\\/goodbad6.jpg\",\"@id\":\"https:\\\/\\\/wia.net.pl\\\/index.php\\\/2023\\\/01\\\/14\\\/prawo-naturalne-mark-passio-odcinek-4-seminarium-cz2-2\\\/#mainImage\",\"width\":275,\"height\":183},\"primaryImageOfPage\":{\"@id\":\"https:\\\/\\\/wia.net.pl\\\/index.php\\\/2023\\\/01\\\/14\\\/prawo-naturalne-mark-passio-odcinek-4-seminarium-cz2-2\\\/#mainImage\"},\"datePublished\":\"2023-01-14T23:23:25+01:00\",\"dateModified\":\"2023-05-31T00:01:36+02:00\"},{\"@type\":\"WebSite\",\"@id\":\"https:\\\/\\\/wia.net.pl\\\/#website\",\"url\":\"https:\\\/\\\/wia.net.pl\\\/\",\"name\":\"Wolno\\u015b\\u0107 i Anarchia\",\"description\":\"Ka\\u017cdy wewn\\u0119trznie jest anarchist\\u0105.\",\"inLanguage\":\"pl-PL\",\"publisher\":{\"@id\":\"https:\\\/\\\/wia.net.pl\\\/#person\"}}]}\n\t\t<\/script>\n\t\t<!-- All in One SEO -->\n\n","aioseo_head_json":{"title":"Prawo naturalne \u2013 Mark Passio \u2013 odcinek 4 \u2013 seminarium cz2\/2 - Wolno\u015b\u0107 i Anarchia","description":"Druga cz\u0119\u015b\u0107 wybranych materia\u0142\u00f3w z Seminarium Marka Passio po\u015bwi\u0119conego prawu naturalnemu. Omawiane tematy: - Moralne zawinienie - Odpowiedzialno\u015b\u0107 a rezygnacja - Szacunek do samego siebie a wstr\u0119t do samego siebie - Zapomniane s\u0142owo - Emocjonalna kontrola umys\u0142u - Wojna duchowa - Zmiana kwantowa - Apokalipsa - Zasady ramowe prawa naturalnego","canonical_url":"https:\/\/wia.net.pl\/index.php\/2023\/01\/14\/prawo-naturalne-mark-passio-odcinek-4-seminarium-cz2-2\/","robots":"max-image-preview:large","keywords":"","webmasterTools":{"miscellaneous":""},"schema":{"@context":"https:\/\/schema.org","@graph":[{"@type":"BlogPosting","@id":"https:\/\/wia.net.pl\/index.php\/2023\/01\/14\/prawo-naturalne-mark-passio-odcinek-4-seminarium-cz2-2\/#blogposting","name":"Prawo naturalne \u2013 Mark Passio \u2013 odcinek 4 \u2013 seminarium cz2\/2 - Wolno\u015b\u0107 i Anarchia","headline":"Prawo naturalne &#8211; Mark Passio &#8211; odcinek 4 &#8211; seminarium cz2\/2","author":{"@id":"https:\/\/wia.net.pl\/index.php\/author\/talar\/#author"},"publisher":{"@id":"https:\/\/wia.net.pl\/#person"},"image":{"@type":"ImageObject","url":"https:\/\/wia.net.pl\/wp-content\/uploads\/2023\/01\/goodbad6.jpg","width":275,"height":183},"datePublished":"2023-01-14T23:23:25+01:00","dateModified":"2023-05-31T00:01:36+02:00","inLanguage":"pl-PL","mainEntityOfPage":{"@id":"https:\/\/wia.net.pl\/index.php\/2023\/01\/14\/prawo-naturalne-mark-passio-odcinek-4-seminarium-cz2-2\/#webpage"},"isPartOf":{"@id":"https:\/\/wia.net.pl\/index.php\/2023\/01\/14\/prawo-naturalne-mark-passio-odcinek-4-seminarium-cz2-2\/#webpage"},"articleSection":"Prawo naturalne, Mark Passio, Niewolnictwo, Prawa cz\u0142owieka, Prawo Morza, Prawo Naturalne, Satanizm"},{"@type":"BreadcrumbList","@id":"https:\/\/wia.net.pl\/index.php\/2023\/01\/14\/prawo-naturalne-mark-passio-odcinek-4-seminarium-cz2-2\/#breadcrumblist","itemListElement":[{"@type":"ListItem","@id":"https:\/\/wia.net.pl#listItem","position":1,"name":"Home","item":"https:\/\/wia.net.pl","nextItem":{"@type":"ListItem","@id":"https:\/\/wia.net.pl\/index.php\/category\/prawonaturalne\/#listItem","name":"Prawo naturalne"}},{"@type":"ListItem","@id":"https:\/\/wia.net.pl\/index.php\/category\/prawonaturalne\/#listItem","position":2,"name":"Prawo naturalne","item":"https:\/\/wia.net.pl\/index.php\/category\/prawonaturalne\/","nextItem":{"@type":"ListItem","@id":"https:\/\/wia.net.pl\/index.php\/2023\/01\/14\/prawo-naturalne-mark-passio-odcinek-4-seminarium-cz2-2\/#listItem","name":"Prawo naturalne &#8211; Mark Passio &#8211; odcinek 4 &#8211; seminarium cz2\/2"},"previousItem":{"@type":"ListItem","@id":"https:\/\/wia.net.pl#listItem","name":"Home"}},{"@type":"ListItem","@id":"https:\/\/wia.net.pl\/index.php\/2023\/01\/14\/prawo-naturalne-mark-passio-odcinek-4-seminarium-cz2-2\/#listItem","position":3,"name":"Prawo naturalne &#8211; Mark Passio &#8211; odcinek 4 &#8211; seminarium cz2\/2","previousItem":{"@type":"ListItem","@id":"https:\/\/wia.net.pl\/index.php\/category\/prawonaturalne\/#listItem","name":"Prawo naturalne"}}]},{"@type":"Person","@id":"https:\/\/wia.net.pl\/#person","name":"Bart\u0142omiej Talarczyk","image":{"@type":"ImageObject","@id":"https:\/\/wia.net.pl\/index.php\/2023\/01\/14\/prawo-naturalne-mark-passio-odcinek-4-seminarium-cz2-2\/#personImage","url":"https:\/\/wia.net.pl\/wp-content\/uploads\/avatar-privacy\/cache\/user\/1\/7\/176a6b161c58363ff49b5c167264231f519f5c7fa183ca1f61e891769b6b56d5-96.jpg","width":96,"height":96,"caption":"Bart\u0142omiej Talarczyk"}},{"@type":"Person","@id":"https:\/\/wia.net.pl\/index.php\/author\/talar\/#author","url":"https:\/\/wia.net.pl\/index.php\/author\/talar\/","name":"Bart\u0142omiej Talarczyk","image":{"@type":"ImageObject","@id":"https:\/\/wia.net.pl\/index.php\/2023\/01\/14\/prawo-naturalne-mark-passio-odcinek-4-seminarium-cz2-2\/#authorImage","url":"https:\/\/wia.net.pl\/wp-content\/uploads\/avatar-privacy\/cache\/user\/1\/7\/176a6b161c58363ff49b5c167264231f519f5c7fa183ca1f61e891769b6b56d5-96.jpg","width":96,"height":96,"caption":"Bart\u0142omiej Talarczyk"}},{"@type":"WebPage","@id":"https:\/\/wia.net.pl\/index.php\/2023\/01\/14\/prawo-naturalne-mark-passio-odcinek-4-seminarium-cz2-2\/#webpage","url":"https:\/\/wia.net.pl\/index.php\/2023\/01\/14\/prawo-naturalne-mark-passio-odcinek-4-seminarium-cz2-2\/","name":"Prawo naturalne \u2013 Mark Passio \u2013 odcinek 4 \u2013 seminarium cz2\/2 - Wolno\u015b\u0107 i Anarchia","description":"Druga cz\u0119\u015b\u0107 wybranych materia\u0142\u00f3w z Seminarium Marka Passio po\u015bwi\u0119conego prawu naturalnemu. Omawiane tematy: - Moralne zawinienie - Odpowiedzialno\u015b\u0107 a rezygnacja - Szacunek do samego siebie a wstr\u0119t do samego siebie - Zapomniane s\u0142owo - Emocjonalna kontrola umys\u0142u - Wojna duchowa - Zmiana kwantowa - Apokalipsa - Zasady ramowe prawa naturalnego","inLanguage":"pl-PL","isPartOf":{"@id":"https:\/\/wia.net.pl\/#website"},"breadcrumb":{"@id":"https:\/\/wia.net.pl\/index.php\/2023\/01\/14\/prawo-naturalne-mark-passio-odcinek-4-seminarium-cz2-2\/#breadcrumblist"},"author":{"@id":"https:\/\/wia.net.pl\/index.php\/author\/talar\/#author"},"creator":{"@id":"https:\/\/wia.net.pl\/index.php\/author\/talar\/#author"},"image":{"@type":"ImageObject","url":"https:\/\/wia.net.pl\/wp-content\/uploads\/2023\/01\/goodbad6.jpg","@id":"https:\/\/wia.net.pl\/index.php\/2023\/01\/14\/prawo-naturalne-mark-passio-odcinek-4-seminarium-cz2-2\/#mainImage","width":275,"height":183},"primaryImageOfPage":{"@id":"https:\/\/wia.net.pl\/index.php\/2023\/01\/14\/prawo-naturalne-mark-passio-odcinek-4-seminarium-cz2-2\/#mainImage"},"datePublished":"2023-01-14T23:23:25+01:00","dateModified":"2023-05-31T00:01:36+02:00"},{"@type":"WebSite","@id":"https:\/\/wia.net.pl\/#website","url":"https:\/\/wia.net.pl\/","name":"Wolno\u015b\u0107 i Anarchia","description":"Ka\u017cdy wewn\u0119trznie jest anarchist\u0105.","inLanguage":"pl-PL","publisher":{"@id":"https:\/\/wia.net.pl\/#person"}}]},"og:locale":"pl_PL","og:site_name":"Wolno\u015b\u0107 i Anarchia - Ka\u017cdy wewn\u0119trznie jest anarchist\u0105.","og:type":"article","og:title":"Prawo naturalne \u2013 Mark Passio \u2013 odcinek 4 \u2013 seminarium cz2\/2 - Wolno\u015b\u0107 i Anarchia","og:description":"Druga cz\u0119\u015b\u0107 wybranych materia\u0142\u00f3w z Seminarium Marka Passio po\u015bwi\u0119conego prawu naturalnemu. Omawiane tematy: - Moralne zawinienie - Odpowiedzialno\u015b\u0107 a rezygnacja - Szacunek do samego siebie a wstr\u0119t do samego siebie - Zapomniane s\u0142owo - Emocjonalna kontrola umys\u0142u - Wojna duchowa - Zmiana kwantowa - Apokalipsa - Zasady ramowe prawa naturalnego","og:url":"https:\/\/wia.net.pl\/index.php\/2023\/01\/14\/prawo-naturalne-mark-passio-odcinek-4-seminarium-cz2-2\/","og:image":"https:\/\/wia.net.pl\/wp-content\/uploads\/2023\/11\/cropped-freedom-i73367.jpg","og:image:secure_url":"https:\/\/wia.net.pl\/wp-content\/uploads\/2023\/11\/cropped-freedom-i73367.jpg","article:published_time":"2023-01-14T22:23:25+00:00","article:modified_time":"2023-05-30T22:01:36+00:00","twitter:card":"summary_large_image","twitter:title":"Prawo naturalne \u2013 Mark Passio \u2013 odcinek 4 \u2013 seminarium cz2\/2 - Wolno\u015b\u0107 i Anarchia","twitter:description":"Druga cz\u0119\u015b\u0107 wybranych materia\u0142\u00f3w z Seminarium Marka Passio po\u015bwi\u0119conego prawu naturalnemu. Omawiane tematy: - Moralne zawinienie - Odpowiedzialno\u015b\u0107 a rezygnacja - Szacunek do samego siebie a wstr\u0119t do samego siebie - Zapomniane s\u0142owo - Emocjonalna kontrola umys\u0142u - Wojna duchowa - Zmiana kwantowa - Apokalipsa - Zasady ramowe prawa naturalnego","twitter:image":"https:\/\/wia.net.pl\/wp-content\/uploads\/2023\/11\/cropped-freedom-i73367.jpg"},"aioseo_meta_data":{"post_id":"171","title":null,"description":null,"keywords":[],"keyphrases":{"focus":{"keyphrase":"","score":0,"analysis":{"keyphraseInTitle":{"score":0,"maxScore":9,"error":1}}},"additional":[]},"primary_term":null,"canonical_url":null,"og_title":null,"og_description":null,"og_object_type":"default","og_image_type":"default","og_image_url":null,"og_image_width":null,"og_image_height":null,"og_image_custom_url":null,"og_image_custom_fields":null,"og_video":"","og_custom_url":null,"og_article_section":null,"og_article_tags":[],"twitter_use_og":false,"twitter_card":"default","twitter_image_type":"default","twitter_image_url":null,"twitter_image_custom_url":null,"twitter_image_custom_fields":null,"twitter_title":null,"twitter_description":null,"schema":{"blockGraphs":[],"customGraphs":[],"default":{"data":{"Article":[],"Course":[],"Dataset":[],"FAQPage":[],"Movie":[],"Person":[],"Product":[],"ProductReview":[],"Car":[],"Recipe":[],"Service":[],"SoftwareApplication":[],"WebPage":[]},"graphName":"","isEnabled":true},"graphs":[]},"schema_type":"default","schema_type_options":null,"pillar_content":false,"robots_default":true,"robots_noindex":false,"robots_noarchive":false,"robots_nosnippet":false,"robots_nofollow":false,"robots_noimageindex":false,"robots_noodp":false,"robots_notranslate":false,"robots_max_snippet":"-1","robots_max_videopreview":"-1","robots_max_imagepreview":"large","priority":null,"frequency":"default","local_seo":null,"breadcrumb_settings":null,"limit_modified_date":false,"ai":null,"created":"2023-01-14 22:23:26","updated":"2025-06-04 07:02:19","seo_analyzer_scan_date":null,"focus_keyword":null,"additional_keywords":null,"truseo_locale":null},"aioseo_breadcrumb":"<div class=\"aioseo-breadcrumbs\"><span class=\"aioseo-breadcrumb\">\n\t\t\t<a href=\"https:\/\/wia.net.pl\" title=\"Home\">Home<\/a>\n\t\t<\/span><span class=\"aioseo-breadcrumb-separator\">&raquo;<\/span><span class=\"aioseo-breadcrumb\">\n\t\t\t<a href=\"https:\/\/wia.net.pl\/index.php\/category\/prawonaturalne\/\" title=\"Prawo naturalne\">Prawo naturalne<\/a>\n\t\t<\/span><span class=\"aioseo-breadcrumb-separator\">&raquo;<\/span><span class=\"aioseo-breadcrumb\">\n\t\t\tPrawo naturalne \u2013 Mark Passio \u2013 odcinek 4 \u2013 seminarium cz2\/2\n\t\t<\/span><\/div>","aioseo_breadcrumb_json":[{"label":"Home","link":"https:\/\/wia.net.pl"},{"label":"Prawo naturalne","link":"https:\/\/wia.net.pl\/index.php\/category\/prawonaturalne\/"},{"label":"Prawo naturalne &#8211; Mark Passio &#8211; odcinek 4 &#8211; seminarium cz2\/2","link":"https:\/\/wia.net.pl\/index.php\/2023\/01\/14\/prawo-naturalne-mark-passio-odcinek-4-seminarium-cz2-2\/"}],"_links":{"self":[{"href":"https:\/\/wia.net.pl\/index.php\/wp-json\/wp\/v2\/posts\/171"}],"collection":[{"href":"https:\/\/wia.net.pl\/index.php\/wp-json\/wp\/v2\/posts"}],"about":[{"href":"https:\/\/wia.net.pl\/index.php\/wp-json\/wp\/v2\/types\/post"}],"author":[{"embeddable":true,"href":"https:\/\/wia.net.pl\/index.php\/wp-json\/wp\/v2\/users\/3"}],"replies":[{"embeddable":true,"href":"https:\/\/wia.net.pl\/index.php\/wp-json\/wp\/v2\/comments?post=171"}],"version-history":[{"count":2,"href":"https:\/\/wia.net.pl\/index.php\/wp-json\/wp\/v2\/posts\/171\/revisions"}],"predecessor-version":[{"id":264,"href":"https:\/\/wia.net.pl\/index.php\/wp-json\/wp\/v2\/posts\/171\/revisions\/264"}],"wp:featuredmedia":[{"embeddable":true,"href":"https:\/\/wia.net.pl\/index.php\/wp-json\/wp\/v2\/media\/172"}],"wp:attachment":[{"href":"https:\/\/wia.net.pl\/index.php\/wp-json\/wp\/v2\/media?parent=171"}],"wp:term":[{"taxonomy":"category","embeddable":true,"href":"https:\/\/wia.net.pl\/index.php\/wp-json\/wp\/v2\/categories?post=171"},{"taxonomy":"post_tag","embeddable":true,"href":"https:\/\/wia.net.pl\/index.php\/wp-json\/wp\/v2\/tags?post=171"}],"curies":[{"name":"wp","href":"https:\/\/api.w.org\/{rel}","templated":true}]}}