{"id":1960,"date":"2023-06-11T00:22:23","date_gmt":"2023-06-10T22:22:23","guid":{"rendered":"https:\/\/wia.net.pl\/?p=1960"},"modified":"2023-06-11T00:22:23","modified_gmt":"2023-06-10T22:22:23","slug":"szkola-frankfurcka-architekci-upadku-zachodu","status":"publish","type":"post","link":"https:\/\/wia.net.pl\/index.php\/2023\/06\/11\/szkola-frankfurcka-architekci-upadku-zachodu\/","title":{"rendered":"SZKO\u0141A FRANKFURCKA &#8211; ARCHITEKCI UPADKU ZACHODU"},"content":{"rendered":"\n<p><\/p>\n\n\n\n<figure class=\"wp-block-embed is-type-video is-provider-youtube wp-block-embed-youtube wp-embed-aspect-16-9 wp-has-aspect-ratio\"><div class=\"wp-block-embed__wrapper\">\n<iframe loading=\"lazy\" title=\"SZKO\u0141A FRANKFURCKA   ARCHITEKCI UPADKU ZACHODU\" width=\"858\" height=\"483\" src=\"https:\/\/www.youtube.com\/embed\/EKQ16FP9mdk?feature=oembed\" frameborder=\"0\" allow=\"accelerometer; autoplay; clipboard-write; encrypted-media; gyroscope; picture-in-picture; web-share\" allowfullscreen><\/iframe>\n<\/div><\/figure>\n\n\n\n<p><\/p>\n\n\n\n<p><\/p>\n\n\n\n<p>Podzi\u0119kowania za Napisy PL dla kana\u0142u https:\/\/www.bitchute.com\/video\/SCOhs04p6glQ\/<\/p>\n\n\n\n<p>Link \u017ar\u00f3d\u0142owy https:\/\/www.bitchute.com\/video\/SCOhs04p6glQ\/<\/p>\n","protected":false},"excerpt":{"rendered":"<p>Podzi\u0119kowania za Napisy PL dla kana\u0142u https:\/\/www.bitchute.com\/video\/SCOhs04p6glQ\/ Link \u017ar\u00f3d\u0142owy https:\/\/www.bitchute.com\/video\/SCOhs04p6glQ\/<\/p>\n","protected":false},"author":2,"featured_media":1962,"comment_status":"open","ping_status":"open","sticky":false,"template":"","format":"standard","meta":{"_acf_changed":false,"_bbp_topic_count":0,"_bbp_reply_count":0,"_bbp_total_topic_count":0,"_bbp_total_reply_count":0,"_bbp_voice_count":0,"_bbp_anonymous_reply_count":0,"_bbp_topic_count_hidden":0,"_bbp_reply_count_hidden":0,"_bbp_forum_subforum_count":0,"om_disable_all_campaigns":false,"_monsterinsights_skip_tracking":false,"footnotes":""},"categories":[13],"tags":[],"class_list":["post-1960","post","type-post","status-publish","format-standard","has-post-thumbnail","hentry","category-prawdaoswiecie"],"acf":[],"aioseo_notices":[],"aioseo_head":"\n\t\t<!-- All in One SEO 5.0.1.1 - aioseo.com -->\n\t<meta name=\"description\" content=\"Podzi\u0119kowania za Napisy PL dla kana\u0142u https:\/\/www.bitchute.com\/video\/SCOhs04p6glQ\/ Link \u017ar\u00f3d\u0142owy https:\/\/www.bitchute.com\/video\/SCOhs04p6glQ\/\" \/>\n\t<meta name=\"robots\" content=\"max-image-preview:large\" \/>\n\t<meta name=\"author\" content=\"trinity\"\/>\n\t<link rel=\"canonical\" href=\"https:\/\/wia.net.pl\/index.php\/2023\/06\/11\/szkola-frankfurcka-architekci-upadku-zachodu\/\" \/>\n\t<meta name=\"generator\" content=\"All in One SEO (AIOSEO) 5.0.1.1\" \/>\n\t\t<meta property=\"og:locale\" content=\"pl_PL\" \/>\n\t\t<meta property=\"og:site_name\" content=\"Wolno\u015b\u0107 i Anarchia - Ka\u017cdy wewn\u0119trznie jest anarchist\u0105.\" \/>\n\t\t<meta property=\"og:type\" content=\"article\" \/>\n\t\t<meta property=\"og:title\" content=\"SZKO\u0141A FRANKFURCKA \u2013 ARCHITEKCI UPADKU ZACHODU - Wolno\u015b\u0107 i Anarchia\" \/>\n\t\t<meta property=\"og:description\" content=\"Podzi\u0119kowania za Napisy PL dla kana\u0142u https:\/\/www.bitchute.com\/video\/SCOhs04p6glQ\/ Link \u017ar\u00f3d\u0142owy https:\/\/www.bitchute.com\/video\/SCOhs04p6glQ\/\" \/>\n\t\t<meta property=\"og:url\" content=\"https:\/\/wia.net.pl\/index.php\/2023\/06\/11\/szkola-frankfurcka-architekci-upadku-zachodu\/\" \/>\n\t\t<meta property=\"og:image\" content=\"https:\/\/wia.net.pl\/wp-content\/uploads\/2023\/11\/cropped-freedom-i73367.jpg\" \/>\n\t\t<meta property=\"og:image:secure_url\" content=\"https:\/\/wia.net.pl\/wp-content\/uploads\/2023\/11\/cropped-freedom-i73367.jpg\" \/>\n\t\t<meta property=\"article:published_time\" content=\"2023-06-10T22:22:23+00:00\" \/>\n\t\t<meta property=\"article:modified_time\" content=\"2023-06-10T22:22:23+00:00\" \/>\n\t\t<meta name=\"twitter:card\" content=\"summary_large_image\" \/>\n\t\t<meta name=\"twitter:title\" content=\"SZKO\u0141A FRANKFURCKA \u2013 ARCHITEKCI UPADKU ZACHODU - Wolno\u015b\u0107 i Anarchia\" \/>\n\t\t<meta name=\"twitter:description\" content=\"Podzi\u0119kowania za Napisy PL dla kana\u0142u https:\/\/www.bitchute.com\/video\/SCOhs04p6glQ\/ Link \u017ar\u00f3d\u0142owy https:\/\/www.bitchute.com\/video\/SCOhs04p6glQ\/\" \/>\n\t\t<meta name=\"twitter:image\" content=\"https:\/\/wia.net.pl\/wp-content\/uploads\/2023\/11\/cropped-freedom-i73367.jpg\" \/>\n\t\t<script type=\"application\/ld+json\" class=\"aioseo-schema\">\n\t\t\t{\"@context\":\"https:\\\/\\\/schema.org\",\"@graph\":[{\"@type\":\"BlogPosting\",\"@id\":\"https:\\\/\\\/wia.net.pl\\\/index.php\\\/2023\\\/06\\\/11\\\/szkola-frankfurcka-architekci-upadku-zachodu\\\/#blogposting\",\"name\":\"SZKO\\u0141A FRANKFURCKA \\u2013 ARCHITEKCI UPADKU ZACHODU - Wolno\\u015b\\u0107 i Anarchia\",\"headline\":\"SZKO\\u0141A FRANKFURCKA &#8211; ARCHITEKCI UPADKU ZACHODU\",\"author\":{\"@id\":\"https:\\\/\\\/wia.net.pl\\\/index.php\\\/author\\\/trinity\\\/#author\"},\"publisher\":{\"@id\":\"https:\\\/\\\/wia.net.pl\\\/#person\"},\"image\":{\"@type\":\"ImageObject\",\"url\":\"https:\\\/\\\/wia.net.pl\\\/wp-content\\\/uploads\\\/2023\\\/06\\\/photo1686434651.jpeg\",\"width\":1280,\"height\":720},\"datePublished\":\"2023-06-11T00:22:23+02:00\",\"dateModified\":\"2023-06-11T00:22:23+02:00\",\"inLanguage\":\"pl-PL\",\"mainEntityOfPage\":{\"@id\":\"https:\\\/\\\/wia.net.pl\\\/index.php\\\/2023\\\/06\\\/11\\\/szkola-frankfurcka-architekci-upadku-zachodu\\\/#webpage\"},\"isPartOf\":{\"@id\":\"https:\\\/\\\/wia.net.pl\\\/index.php\\\/2023\\\/06\\\/11\\\/szkola-frankfurcka-architekci-upadku-zachodu\\\/#webpage\"},\"articleSection\":\"Prawda o \\u015bwiecie\"},{\"@type\":\"BreadcrumbList\",\"@id\":\"https:\\\/\\\/wia.net.pl\\\/index.php\\\/2023\\\/06\\\/11\\\/szkola-frankfurcka-architekci-upadku-zachodu\\\/#breadcrumblist\",\"itemListElement\":[{\"@type\":\"ListItem\",\"@id\":\"https:\\\/\\\/wia.net.pl#listItem\",\"position\":1,\"name\":\"Home\",\"item\":\"https:\\\/\\\/wia.net.pl\",\"nextItem\":{\"@type\":\"ListItem\",\"@id\":\"https:\\\/\\\/wia.net.pl\\\/index.php\\\/category\\\/prawdaoswiecie\\\/#listItem\",\"name\":\"Prawda o \\u015bwiecie\"}},{\"@type\":\"ListItem\",\"@id\":\"https:\\\/\\\/wia.net.pl\\\/index.php\\\/category\\\/prawdaoswiecie\\\/#listItem\",\"position\":2,\"name\":\"Prawda o \\u015bwiecie\",\"item\":\"https:\\\/\\\/wia.net.pl\\\/index.php\\\/category\\\/prawdaoswiecie\\\/\",\"nextItem\":{\"@type\":\"ListItem\",\"@id\":\"https:\\\/\\\/wia.net.pl\\\/index.php\\\/2023\\\/06\\\/11\\\/szkola-frankfurcka-architekci-upadku-zachodu\\\/#listItem\",\"name\":\"SZKO\\u0141A FRANKFURCKA &#8211; ARCHITEKCI UPADKU ZACHODU\"},\"previousItem\":{\"@type\":\"ListItem\",\"@id\":\"https:\\\/\\\/wia.net.pl#listItem\",\"name\":\"Home\"}},{\"@type\":\"ListItem\",\"@id\":\"https:\\\/\\\/wia.net.pl\\\/index.php\\\/2023\\\/06\\\/11\\\/szkola-frankfurcka-architekci-upadku-zachodu\\\/#listItem\",\"position\":3,\"name\":\"SZKO\\u0141A FRANKFURCKA &#8211; ARCHITEKCI UPADKU ZACHODU\",\"previousItem\":{\"@type\":\"ListItem\",\"@id\":\"https:\\\/\\\/wia.net.pl\\\/index.php\\\/category\\\/prawdaoswiecie\\\/#listItem\",\"name\":\"Prawda o \\u015bwiecie\"}}]},{\"@type\":\"Person\",\"@id\":\"https:\\\/\\\/wia.net.pl\\\/#person\",\"name\":\"Bart\\u0142omiej Talarczyk\",\"image\":{\"@type\":\"ImageObject\",\"@id\":\"https:\\\/\\\/wia.net.pl\\\/index.php\\\/2023\\\/06\\\/11\\\/szkola-frankfurcka-architekci-upadku-zachodu\\\/#personImage\",\"url\":\"https:\\\/\\\/wia.net.pl\\\/wp-content\\\/uploads\\\/avatar-privacy\\\/cache\\\/user\\\/1\\\/7\\\/176a6b161c58363ff49b5c167264231f519f5c7fa183ca1f61e891769b6b56d5-96.jpg\",\"width\":96,\"height\":96,\"caption\":\"Bart\\u0142omiej Talarczyk\"}},{\"@type\":\"Person\",\"@id\":\"https:\\\/\\\/wia.net.pl\\\/index.php\\\/author\\\/trinity\\\/#author\",\"url\":\"https:\\\/\\\/wia.net.pl\\\/index.php\\\/author\\\/trinity\\\/\",\"name\":\"trinity\",\"image\":{\"@type\":\"ImageObject\",\"@id\":\"https:\\\/\\\/wia.net.pl\\\/index.php\\\/2023\\\/06\\\/11\\\/szkola-frankfurcka-architekci-upadku-zachodu\\\/#authorImage\",\"url\":\"https:\\\/\\\/wia.net.pl\\\/wp-content\\\/uploads\\\/avatar-privacy\\\/cache\\\/user\\\/5\\\/f\\\/5f6547cf82495eaa10e100a6a45d5dbde2dfdc1be88557de2018fca705bdf6f1-96.jpg\",\"width\":96,\"height\":96,\"caption\":\"trinity\"}},{\"@type\":\"WebPage\",\"@id\":\"https:\\\/\\\/wia.net.pl\\\/index.php\\\/2023\\\/06\\\/11\\\/szkola-frankfurcka-architekci-upadku-zachodu\\\/#webpage\",\"url\":\"https:\\\/\\\/wia.net.pl\\\/index.php\\\/2023\\\/06\\\/11\\\/szkola-frankfurcka-architekci-upadku-zachodu\\\/\",\"name\":\"SZKO\\u0141A FRANKFURCKA \\u2013 ARCHITEKCI UPADKU ZACHODU - Wolno\\u015b\\u0107 i Anarchia\",\"description\":\"Podzi\\u0119kowania za Napisy PL dla kana\\u0142u https:\\\/\\\/www.bitchute.com\\\/video\\\/SCOhs04p6glQ\\\/ Link \\u017ar\\u00f3d\\u0142owy https:\\\/\\\/www.bitchute.com\\\/video\\\/SCOhs04p6glQ\\\/\",\"inLanguage\":\"pl-PL\",\"isPartOf\":{\"@id\":\"https:\\\/\\\/wia.net.pl\\\/#website\"},\"breadcrumb\":{\"@id\":\"https:\\\/\\\/wia.net.pl\\\/index.php\\\/2023\\\/06\\\/11\\\/szkola-frankfurcka-architekci-upadku-zachodu\\\/#breadcrumblist\"},\"author\":{\"@id\":\"https:\\\/\\\/wia.net.pl\\\/index.php\\\/author\\\/trinity\\\/#author\"},\"creator\":{\"@id\":\"https:\\\/\\\/wia.net.pl\\\/index.php\\\/author\\\/trinity\\\/#author\"},\"image\":{\"@type\":\"ImageObject\",\"url\":\"https:\\\/\\\/wia.net.pl\\\/wp-content\\\/uploads\\\/2023\\\/06\\\/photo1686434651.jpeg\",\"@id\":\"https:\\\/\\\/wia.net.pl\\\/index.php\\\/2023\\\/06\\\/11\\\/szkola-frankfurcka-architekci-upadku-zachodu\\\/#mainImage\",\"width\":1280,\"height\":720},\"primaryImageOfPage\":{\"@id\":\"https:\\\/\\\/wia.net.pl\\\/index.php\\\/2023\\\/06\\\/11\\\/szkola-frankfurcka-architekci-upadku-zachodu\\\/#mainImage\"},\"datePublished\":\"2023-06-11T00:22:23+02:00\",\"dateModified\":\"2023-06-11T00:22:23+02:00\"},{\"@type\":\"WebSite\",\"@id\":\"https:\\\/\\\/wia.net.pl\\\/#website\",\"url\":\"https:\\\/\\\/wia.net.pl\\\/\",\"name\":\"Wolno\\u015b\\u0107 i Anarchia\",\"description\":\"Ka\\u017cdy wewn\\u0119trznie jest anarchist\\u0105.\",\"inLanguage\":\"pl-PL\",\"publisher\":{\"@id\":\"https:\\\/\\\/wia.net.pl\\\/#person\"}}]}\n\t\t<\/script>\n\t\t<!-- All in One SEO -->\n\n","aioseo_head_json":{"title":"SZKO\u0141A FRANKFURCKA \u2013 ARCHITEKCI UPADKU ZACHODU - Wolno\u015b\u0107 i Anarchia","description":"Podzi\u0119kowania za Napisy PL dla kana\u0142u https:\/\/www.bitchute.com\/video\/SCOhs04p6glQ\/ Link \u017ar\u00f3d\u0142owy https:\/\/www.bitchute.com\/video\/SCOhs04p6glQ\/","canonical_url":"https:\/\/wia.net.pl\/index.php\/2023\/06\/11\/szkola-frankfurcka-architekci-upadku-zachodu\/","robots":"max-image-preview:large","keywords":"","webmasterTools":{"miscellaneous":""},"schema":{"@context":"https:\/\/schema.org","@graph":[{"@type":"BlogPosting","@id":"https:\/\/wia.net.pl\/index.php\/2023\/06\/11\/szkola-frankfurcka-architekci-upadku-zachodu\/#blogposting","name":"SZKO\u0141A FRANKFURCKA \u2013 ARCHITEKCI UPADKU ZACHODU - Wolno\u015b\u0107 i Anarchia","headline":"SZKO\u0141A FRANKFURCKA &#8211; ARCHITEKCI UPADKU ZACHODU","author":{"@id":"https:\/\/wia.net.pl\/index.php\/author\/trinity\/#author"},"publisher":{"@id":"https:\/\/wia.net.pl\/#person"},"image":{"@type":"ImageObject","url":"https:\/\/wia.net.pl\/wp-content\/uploads\/2023\/06\/photo1686434651.jpeg","width":1280,"height":720},"datePublished":"2023-06-11T00:22:23+02:00","dateModified":"2023-06-11T00:22:23+02:00","inLanguage":"pl-PL","mainEntityOfPage":{"@id":"https:\/\/wia.net.pl\/index.php\/2023\/06\/11\/szkola-frankfurcka-architekci-upadku-zachodu\/#webpage"},"isPartOf":{"@id":"https:\/\/wia.net.pl\/index.php\/2023\/06\/11\/szkola-frankfurcka-architekci-upadku-zachodu\/#webpage"},"articleSection":"Prawda o \u015bwiecie"},{"@type":"BreadcrumbList","@id":"https:\/\/wia.net.pl\/index.php\/2023\/06\/11\/szkola-frankfurcka-architekci-upadku-zachodu\/#breadcrumblist","itemListElement":[{"@type":"ListItem","@id":"https:\/\/wia.net.pl#listItem","position":1,"name":"Home","item":"https:\/\/wia.net.pl","nextItem":{"@type":"ListItem","@id":"https:\/\/wia.net.pl\/index.php\/category\/prawdaoswiecie\/#listItem","name":"Prawda o \u015bwiecie"}},{"@type":"ListItem","@id":"https:\/\/wia.net.pl\/index.php\/category\/prawdaoswiecie\/#listItem","position":2,"name":"Prawda o \u015bwiecie","item":"https:\/\/wia.net.pl\/index.php\/category\/prawdaoswiecie\/","nextItem":{"@type":"ListItem","@id":"https:\/\/wia.net.pl\/index.php\/2023\/06\/11\/szkola-frankfurcka-architekci-upadku-zachodu\/#listItem","name":"SZKO\u0141A FRANKFURCKA &#8211; ARCHITEKCI UPADKU ZACHODU"},"previousItem":{"@type":"ListItem","@id":"https:\/\/wia.net.pl#listItem","name":"Home"}},{"@type":"ListItem","@id":"https:\/\/wia.net.pl\/index.php\/2023\/06\/11\/szkola-frankfurcka-architekci-upadku-zachodu\/#listItem","position":3,"name":"SZKO\u0141A FRANKFURCKA &#8211; ARCHITEKCI UPADKU ZACHODU","previousItem":{"@type":"ListItem","@id":"https:\/\/wia.net.pl\/index.php\/category\/prawdaoswiecie\/#listItem","name":"Prawda o \u015bwiecie"}}]},{"@type":"Person","@id":"https:\/\/wia.net.pl\/#person","name":"Bart\u0142omiej Talarczyk","image":{"@type":"ImageObject","@id":"https:\/\/wia.net.pl\/index.php\/2023\/06\/11\/szkola-frankfurcka-architekci-upadku-zachodu\/#personImage","url":"https:\/\/wia.net.pl\/wp-content\/uploads\/avatar-privacy\/cache\/user\/1\/7\/176a6b161c58363ff49b5c167264231f519f5c7fa183ca1f61e891769b6b56d5-96.jpg","width":96,"height":96,"caption":"Bart\u0142omiej Talarczyk"}},{"@type":"Person","@id":"https:\/\/wia.net.pl\/index.php\/author\/trinity\/#author","url":"https:\/\/wia.net.pl\/index.php\/author\/trinity\/","name":"trinity","image":{"@type":"ImageObject","@id":"https:\/\/wia.net.pl\/index.php\/2023\/06\/11\/szkola-frankfurcka-architekci-upadku-zachodu\/#authorImage","url":"https:\/\/wia.net.pl\/wp-content\/uploads\/avatar-privacy\/cache\/user\/5\/f\/5f6547cf82495eaa10e100a6a45d5dbde2dfdc1be88557de2018fca705bdf6f1-96.jpg","width":96,"height":96,"caption":"trinity"}},{"@type":"WebPage","@id":"https:\/\/wia.net.pl\/index.php\/2023\/06\/11\/szkola-frankfurcka-architekci-upadku-zachodu\/#webpage","url":"https:\/\/wia.net.pl\/index.php\/2023\/06\/11\/szkola-frankfurcka-architekci-upadku-zachodu\/","name":"SZKO\u0141A FRANKFURCKA \u2013 ARCHITEKCI UPADKU ZACHODU - Wolno\u015b\u0107 i Anarchia","description":"Podzi\u0119kowania za Napisy PL dla kana\u0142u https:\/\/www.bitchute.com\/video\/SCOhs04p6glQ\/ Link \u017ar\u00f3d\u0142owy https:\/\/www.bitchute.com\/video\/SCOhs04p6glQ\/","inLanguage":"pl-PL","isPartOf":{"@id":"https:\/\/wia.net.pl\/#website"},"breadcrumb":{"@id":"https:\/\/wia.net.pl\/index.php\/2023\/06\/11\/szkola-frankfurcka-architekci-upadku-zachodu\/#breadcrumblist"},"author":{"@id":"https:\/\/wia.net.pl\/index.php\/author\/trinity\/#author"},"creator":{"@id":"https:\/\/wia.net.pl\/index.php\/author\/trinity\/#author"},"image":{"@type":"ImageObject","url":"https:\/\/wia.net.pl\/wp-content\/uploads\/2023\/06\/photo1686434651.jpeg","@id":"https:\/\/wia.net.pl\/index.php\/2023\/06\/11\/szkola-frankfurcka-architekci-upadku-zachodu\/#mainImage","width":1280,"height":720},"primaryImageOfPage":{"@id":"https:\/\/wia.net.pl\/index.php\/2023\/06\/11\/szkola-frankfurcka-architekci-upadku-zachodu\/#mainImage"},"datePublished":"2023-06-11T00:22:23+02:00","dateModified":"2023-06-11T00:22:23+02:00"},{"@type":"WebSite","@id":"https:\/\/wia.net.pl\/#website","url":"https:\/\/wia.net.pl\/","name":"Wolno\u015b\u0107 i Anarchia","description":"Ka\u017cdy wewn\u0119trznie jest anarchist\u0105.","inLanguage":"pl-PL","publisher":{"@id":"https:\/\/wia.net.pl\/#person"}}]},"og:locale":"pl_PL","og:site_name":"Wolno\u015b\u0107 i Anarchia - Ka\u017cdy wewn\u0119trznie jest anarchist\u0105.","og:type":"article","og:title":"SZKO\u0141A FRANKFURCKA \u2013 ARCHITEKCI UPADKU ZACHODU - Wolno\u015b\u0107 i Anarchia","og:description":"Podzi\u0119kowania za Napisy PL dla kana\u0142u https:\/\/www.bitchute.com\/video\/SCOhs04p6glQ\/ Link \u017ar\u00f3d\u0142owy https:\/\/www.bitchute.com\/video\/SCOhs04p6glQ\/","og:url":"https:\/\/wia.net.pl\/index.php\/2023\/06\/11\/szkola-frankfurcka-architekci-upadku-zachodu\/","og:image":"https:\/\/wia.net.pl\/wp-content\/uploads\/2023\/11\/cropped-freedom-i73367.jpg","og:image:secure_url":"https:\/\/wia.net.pl\/wp-content\/uploads\/2023\/11\/cropped-freedom-i73367.jpg","article:published_time":"2023-06-10T22:22:23+00:00","article:modified_time":"2023-06-10T22:22:23+00:00","twitter:card":"summary_large_image","twitter:title":"SZKO\u0141A FRANKFURCKA \u2013 ARCHITEKCI UPADKU ZACHODU - Wolno\u015b\u0107 i Anarchia","twitter:description":"Podzi\u0119kowania za Napisy PL dla kana\u0142u https:\/\/www.bitchute.com\/video\/SCOhs04p6glQ\/ Link \u017ar\u00f3d\u0142owy https:\/\/www.bitchute.com\/video\/SCOhs04p6glQ\/","twitter:image":"https:\/\/wia.net.pl\/wp-content\/uploads\/2023\/11\/cropped-freedom-i73367.jpg"},"aioseo_meta_data":{"post_id":"1960","title":null,"description":null,"keywords":[],"keyphrases":{"focus":{"keyphrase":"","score":0,"analysis":{"keyphraseInTitle":{"score":0,"maxScore":9,"error":1}}},"additional":[]},"primary_term":null,"canonical_url":null,"og_title":null,"og_description":null,"og_object_type":"default","og_image_type":"default","og_image_url":null,"og_image_width":null,"og_image_height":null,"og_image_custom_url":null,"og_image_custom_fields":null,"og_video":"","og_custom_url":null,"og_article_section":null,"og_article_tags":[],"twitter_use_og":false,"twitter_card":"default","twitter_image_type":"default","twitter_image_url":null,"twitter_image_custom_url":null,"twitter_image_custom_fields":null,"twitter_title":null,"twitter_description":null,"schema":{"blockGraphs":[],"customGraphs":[],"default":{"data":{"Article":[],"Course":[],"Dataset":[],"FAQPage":[],"Movie":[],"Person":[],"Product":[],"ProductReview":[],"Car":[],"Recipe":[],"Service":[],"SoftwareApplication":[],"WebPage":[]},"graphName":"","isEnabled":true},"graphs":[]},"schema_type":"default","schema_type_options":null,"pillar_content":false,"robots_default":true,"robots_noindex":false,"robots_noarchive":false,"robots_nosnippet":false,"robots_nofollow":false,"robots_noimageindex":false,"robots_noodp":false,"robots_notranslate":false,"robots_max_snippet":"-1","robots_max_videopreview":"-1","robots_max_imagepreview":"large","priority":null,"frequency":"default","local_seo":null,"breadcrumb_settings":null,"limit_modified_date":false,"ai":null,"created":"2023-06-10 22:16:23","updated":"2025-06-04 08:01:32","seo_analyzer_scan_date":null,"focus_keyword":null,"additional_keywords":null,"truseo_locale":null},"aioseo_breadcrumb":"<div class=\"aioseo-breadcrumbs\"><span class=\"aioseo-breadcrumb\">\n\t\t\t<a href=\"https:\/\/wia.net.pl\" title=\"Home\">Home<\/a>\n\t\t<\/span><span class=\"aioseo-breadcrumb-separator\">&raquo;<\/span><span class=\"aioseo-breadcrumb\">\n\t\t\t<a href=\"https:\/\/wia.net.pl\/index.php\/category\/prawdaoswiecie\/\" title=\"Prawda o \u015bwiecie\">Prawda o \u015bwiecie<\/a>\n\t\t<\/span><span class=\"aioseo-breadcrumb-separator\">&raquo;<\/span><span class=\"aioseo-breadcrumb\">\n\t\t\tSZKO\u0141A FRANKFURCKA \u2013 ARCHITEKCI UPADKU ZACHODU\n\t\t<\/span><\/div>","aioseo_breadcrumb_json":[{"label":"Home","link":"https:\/\/wia.net.pl"},{"label":"Prawda o \u015bwiecie","link":"https:\/\/wia.net.pl\/index.php\/category\/prawdaoswiecie\/"},{"label":"SZKO\u0141A FRANKFURCKA &#8211; ARCHITEKCI UPADKU ZACHODU","link":"https:\/\/wia.net.pl\/index.php\/2023\/06\/11\/szkola-frankfurcka-architekci-upadku-zachodu\/"}],"_links":{"self":[{"href":"https:\/\/wia.net.pl\/index.php\/wp-json\/wp\/v2\/posts\/1960"}],"collection":[{"href":"https:\/\/wia.net.pl\/index.php\/wp-json\/wp\/v2\/posts"}],"about":[{"href":"https:\/\/wia.net.pl\/index.php\/wp-json\/wp\/v2\/types\/post"}],"author":[{"embeddable":true,"href":"https:\/\/wia.net.pl\/index.php\/wp-json\/wp\/v2\/users\/2"}],"replies":[{"embeddable":true,"href":"https:\/\/wia.net.pl\/index.php\/wp-json\/wp\/v2\/comments?post=1960"}],"version-history":[{"count":2,"href":"https:\/\/wia.net.pl\/index.php\/wp-json\/wp\/v2\/posts\/1960\/revisions"}],"predecessor-version":[{"id":1963,"href":"https:\/\/wia.net.pl\/index.php\/wp-json\/wp\/v2\/posts\/1960\/revisions\/1963"}],"wp:featuredmedia":[{"embeddable":true,"href":"https:\/\/wia.net.pl\/index.php\/wp-json\/wp\/v2\/media\/1962"}],"wp:attachment":[{"href":"https:\/\/wia.net.pl\/index.php\/wp-json\/wp\/v2\/media?parent=1960"}],"wp:term":[{"taxonomy":"category","embeddable":true,"href":"https:\/\/wia.net.pl\/index.php\/wp-json\/wp\/v2\/categories?post=1960"},{"taxonomy":"post_tag","embeddable":true,"href":"https:\/\/wia.net.pl\/index.php\/wp-json\/wp\/v2\/tags?post=1960"}],"curies":[{"name":"wp","href":"https:\/\/api.w.org\/{rel}","templated":true}]}}