{"id":2043,"date":"2023-06-13T12:42:48","date_gmt":"2023-06-13T10:42:48","guid":{"rendered":"https:\/\/wia.net.pl\/?p=2043"},"modified":"2023-06-13T12:44:08","modified_gmt":"2023-06-13T10:44:08","slug":"tylko-jedna-kielbasa-miesiecznie-w-niemczech-w-walce-z-klimatem","status":"publish","type":"post","link":"https:\/\/wia.net.pl\/index.php\/2023\/06\/13\/tylko-jedna-kielbasa-miesiecznie-w-niemczech-w-walce-z-klimatem\/","title":{"rendered":"Jedna Kie\u0142basa Miesi\u0119cznie w Niemczech dla Dobra Klimatu"},"content":{"rendered":"\n<p><\/p>\n\n\n\n<figure class=\"wp-block-image size-large\"><img loading=\"lazy\" decoding=\"async\" width=\"1024\" height=\"577\" src=\"https:\/\/wia.net.pl\/wp-content\/uploads\/2023\/06\/Sausage-Sourkraut-German-1024x577.jpg\" alt=\"\" class=\"wp-image-2044\" srcset=\"https:\/\/wia.net.pl\/wp-content\/uploads\/2023\/06\/Sausage-Sourkraut-German-1024x577.jpg 1024w, https:\/\/wia.net.pl\/wp-content\/uploads\/2023\/06\/Sausage-Sourkraut-German-300x169.jpg 300w, https:\/\/wia.net.pl\/wp-content\/uploads\/2023\/06\/Sausage-Sourkraut-German-768x433.jpg 768w, https:\/\/wia.net.pl\/wp-content\/uploads\/2023\/06\/Sausage-Sourkraut-German-480x270.jpg 480w, https:\/\/wia.net.pl\/wp-content\/uploads\/2023\/06\/Sausage-Sourkraut-German.jpg 1200w\" sizes=\"(max-width: 1024px) 100vw, 1024px\" \/><\/figure>\n\n\n\n<p><\/p>\n\n\n\n<p>Niemieckie Towarzystwo \u017bywienia: Tylko JEDNA kie\u0142basa miesi\u0119cznie, aby powstrzyma\u0107 globalne ocieplenie.<\/p>\n\n\n\n<p>Oficjalny organ \u017cywieniowy w Niemczech zaktualizowa\u0142&nbsp;<a href=\"https:\/\/wattsupwiththat.com\/2023\/06\/07\/only-one-sausage-per-month-for-everyone-german-nutrition-society-recommends-over-90-reduction-in-daily-meat-eating-to-combat-global-warming\/\" target=\"_blank\" rel=\"noreferrer noopener\">swoje wytyczne dotycz\u0105ce mi\u0119sa<\/a>&nbsp;, aby drastycznie zmniejszy\u0107 ilo\u015bci, kt\u00f3re jego zdaniem powinni spo\u017cywa\u0107 na co dzie\u0144 Niemcy.<\/p>\n\n\n\n<p>Po wcze\u015bniejszym zaleceniu ograniczenia spo\u017cycia mi\u0119sa do nie wi\u0119cej ni\u017c 600 gram\u00f3w tygodniowo na osob\u0119 \u2013 przeci\u0119tny mieszkaniec Niemiec spo\u017cywa obecnie 763 gramy mi\u0119sa tygodniowo \u2013 Niemieckie Towarzystwo \u017bywienia (DGE) chce teraz, aby ka\u017cdy Niemiec spo\u017cywa\u0142 nie wi\u0119cej ni\u017c 10 gram\u00f3w dziennie lub 70 gram\u00f3w tygodniowo mi\u0119sa, co daje tylko jedn\u0105 kie\u0142bas\u0119&nbsp;<em>miesi\u0119cznie<\/em>&nbsp;na osob\u0119.<\/p>\n\n\n\n<p>Sk\u0105d ta nag\u0142a zmiana, mo\u017cesz zapyta\u0107?&nbsp;Wed\u0142ug grupy, opr\u00f3cz standard\u00f3w \u017cywieniowych, trzeba teraz wzi\u0105\u0107 pod uwag\u0119 czynniki \u201ezmiany klimatu\u201d, st\u0105d masowa redukcja.<\/p>\n\n\n\n<p>Nag\u0142\u00f3wki niemieckich medi\u00f3w informuj\u0105, \u017ce DGE \u201enie zajmuje si\u0119 ju\u017c tylko wzgl\u0119dami zdrowotnymi\u201d przy wydawaniu swoich zalece\u0144, ale teraz bierze pod uwag\u0119 \u201eglobalne ocieplenie\u201d i inne \u201eprzebudzone\u201d czynniki.<\/p>\n\n\n\n<p>\u201eT\u0142o planowanej reformy sektora mi\u0119snego jest zupe\u0142nie inne: w przysz\u0142o\u015bci w zaleceniach uwzgl\u0119dnione zostan\u0105 r\u00f3wnie\u017c czynniki \u015brodowiskowe, takie jak\u201e zr\u00f3wnowa\u017cony rozw\u00f3j \u201d\u201d, czytamy w jednym z podtytu\u0142\u00f3w na ten temat.<\/p>\n\n\n\n<p>(Powi\u0105zane:&nbsp;Wed\u0142ug naukowc\u00f3w globalne ocieplenie&nbsp;<a href=\"https:\/\/naturalnews.com\/034056_global_warming_study.html\" target=\"_blank\" rel=\"noreferrer noopener\">zako\u0144czy\u0142o si\u0119 12 lat temu ).<\/a><\/p>\n\n\n\n<h2 class=\"wp-block-heading\">Niemcy: NIE MUSISZ stosowa\u0107 si\u0119 do zalece\u0144 DGE dotycz\u0105cych mi\u0119sa<\/h2>\n\n\n\n<p>Wed\u0142ug Izby Rolniczej Dolnej Saksonii, nawet zmniejszenie o po\u0142ow\u0119 ilo\u015bci mi\u0119sa spo\u017cywanego codziennie przez Niemc\u00f3w przybli\u017cy kraj o jeden punkt procentowy do cel\u00f3w klimatycznych.&nbsp;Jest to oczywi\u015bcie b\u0142\u0119dne okre\u015blenie, poniewa\u017c sektor energetyczny jest tym, co generuje najwi\u0119cej emisji dwutlenku w\u0119gla (CO2).<\/p>\n\n\n\n<p>W o\u015bwiadczeniu Heike Harstick, dyrektor generalny stowarzyszenia mi\u0119snego, wyrazi\u0142 oburzenie t\u0105 propozycj\u0105, ostrzegaj\u0105c, \u017ce wielu Niemc\u00f3w jest ju\u017c niedo\u017cywionych i potrzebuje wi\u0119cej&nbsp;<em>jedzenia<\/em>&nbsp;, a nie mniej.<\/p>\n\n\n\n<p>\u201eNawet w Niemczech wiele os\u00f3b ma ju\u017c niedostateczne zaopatrzenie w pewne sk\u0142adniki od\u017cywcze, takie jak \u017celazo lub witamina B12\u201d \u2013 powiedzia\u0142a&nbsp;<em>BILD<\/em>&nbsp;.<\/p>\n\n\n\n<p>\u201eGdyby utrzymano nowe zalecenia \u017cywieniowe przedstawione przez DGE i zalecano tak drastyczne ograniczenie \u017cywno\u015bci pochodzenia zwierz\u0119cego, niedob\u00f3r zwi\u0119kszy\u0142by si\u0119\u201d \u2013 doda\u0142a, zauwa\u017caj\u0105c dalej, \u017ce nowe planowane warto\u015bci referencyjne \u201enie s\u0105 w \u017caden spos\u00f3b udowodnione naukowo\u201d. \u201d<\/p>\n\n\n\n<p>Dobr\u0105 wiadomo\u015bci\u0105 dla Niemc\u00f3w jest to, \u017ce rekomendacje DGE nie s\u0105 prawnie wi\u0105\u017c\u0105ce, a raczej s\u0105 tylko&nbsp;<em>zaleceniami<\/em>&nbsp;.&nbsp;Ludzie mog\u0105 sami wybra\u0107, ile mi\u0119sa chc\u0105 zje\u015b\u0107, a DGE nie ma&nbsp;<em>na szcz\u0119\u015bcie<\/em>&nbsp;mocy , aby ich powstrzyma\u0107.<\/p>\n\n\n\n<p>DGE mo\u017ce jednak spr\u00f3bowa\u0107 ograniczy\u0107 certyfikacj\u0119 wy\u0142\u0105cznie do restauracji, kt\u00f3re przestrzegaj\u0105 jej zalece\u0144.&nbsp;W ko\u0144cu DGE jest organem odpowiedzialnym za wydawanie certyfikat\u00f3w, kt\u00f3re s\u0142u\u017c\u0105 jako piecz\u0119\u0107 zatwierdzenia, \u017ce \u200b\u200bzak\u0142ad spo\u017cywczy jest bezpieczny i czysty.<\/p>\n\n\n\n<p>\u201eRzeczywi\u015bcie przyznaje sto\u0142\u00f3wkom certyfikaty\u201d \u2014 wyja\u015bnia jeden z raport\u00f3w o obowi\u0105zkach DGE.&nbsp;\u201eCi, kt\u00f3rzy go nie maj\u0105, s\u0105 prawie uwa\u017cani za niezdrowych.&nbsp;Czy organ ds. \u017cywienia nadal b\u0119dzie wydawa\u0142 certyfikaty sto\u0142\u00f3wkom, kt\u00f3re oferuj\u0105 mi\u0119so poza zalecan\u0105 kwot\u0105?\u201d<\/p>\n\n\n\n<p>Jeszcze w grudniu nowa strategia \u017cywieniowa zaproponowana przez niemieckiego ministra rolnictwa Cema \u00d6zdemira, zatytu\u0142owana \u201eDroga do strategii \u017cywieniowej rz\u0105du federalnego\u201d, zosta\u0142a przyj\u0119ta przez jego gabinet i ma zosta\u0107 zatwierdzona do ko\u0144ca tego roku.<\/p>\n\n\n\n<p>Oczekuje si\u0119, \u017ce wiele os\u00f3b jest zdenerwowanych propozycj\u0105 i szydzi z jej zalece\u0144.&nbsp;Kto wed\u0142ug niemieckiego rz\u0105du pr\u00f3buje regulowa\u0107, ile mi\u0119sa ludzie konsumuj\u0105?<\/p>\n\n\n\n<p>\u201eNie wiem, czy wegetarianie czy zieloni s\u0105 bardziej ewangeliczni i nietolerancyjni\u201d \u2013 napisa\u0142 jeden z komentator\u00f3w, wy\u015bmiewaj\u0105c ca\u0142e to antymi\u0119sne szale\u0144stwo.<\/p>\n\n\n\n<p>\u201ePoszed\u0142bym z fanatykami klimatycznymi\u201d, odpowiedzia\u0142 inny.&nbsp;\u201eMy\u015bl\u0105, \u017ce ratuj\u0105 ca\u0142y \u015bwiat\u201d.<\/p>\n\n\n\n<p>Najnowsze wiadomo\u015bci na temat dzia\u0142a\u0144 rz\u0105du przeciwko mi\u0119su mo\u017cna znale\u017a\u0107 na stronie&nbsp;<a href=\"http:\/\/greentyranny.news\/\" target=\"_blank\" rel=\"noreferrer noopener\">GreenTyranny.news<\/a>&nbsp;.<\/p>\n\n\n\n<p><strong>\u0179r\u00f3d\u0142a tego artyku\u0142u to:<\/strong><\/p>\n\n\n\n<p><a href=\"https:\/\/wattsupwiththat.com\/2023\/06\/07\/only-one-sausage-per-month-for-everyone-german-nutrition-society-recommends-over-90-reduction-in-daily-meat-eating-to-combat-global-warming\/\" target=\"_blank\" rel=\"noreferrer noopener\">WattsUpWithThat.com<\/a><\/p>\n\n\n\n<p><a href=\"https:\/\/naturalnews.com\/034056_global_warming_study.html\" target=\"_blank\" rel=\"noreferrer noopener\">NaturalNews.com<\/a><\/p>\n\n\n\n<p>Link \u017ar\u00f3d\u0142owy https:\/\/www.naturalnews.com\/2023-06-12-german-nutrition-society-one-sausage-per-month.html#<\/p>\n","protected":false},"excerpt":{"rendered":"<p>Niemieckie Towarzystwo \u017bywienia: Tylko JEDNA kie\u0142basa miesi\u0119cznie, aby powstrzyma\u0107 globalne ocieplenie. Oficjalny organ \u017cywieniowy w Niemczech zaktualizowa\u0142&nbsp;swoje wytyczne dotycz\u0105ce mi\u0119sa&nbsp;, aby drastycznie zmniejszy\u0107 ilo\u015bci, kt\u00f3re jego zdaniem powinni spo\u017cywa\u0107 na co dzie\u0144 Niemcy. Po wcze\u015bniejszym zaleceniu ograniczenia spo\u017cycia mi\u0119sa do&#8230; <\/p>\n","protected":false},"author":2,"featured_media":2045,"comment_status":"open","ping_status":"open","sticky":false,"template":"","format":"standard","meta":{"_acf_changed":false,"_bbp_topic_count":0,"_bbp_reply_count":0,"_bbp_total_topic_count":0,"_bbp_total_reply_count":0,"_bbp_voice_count":0,"_bbp_anonymous_reply_count":0,"_bbp_topic_count_hidden":0,"_bbp_reply_count_hidden":0,"_bbp_forum_subforum_count":0,"om_disable_all_campaigns":false,"_monsterinsights_skip_tracking":false,"footnotes":""},"categories":[93],"tags":[],"class_list":["post-2043","post","type-post","status-publish","format-standard","has-post-thumbnail","hentry","category-artykuly"],"acf":[],"aioseo_notices":[],"aioseo_head":"\n\t\t<!-- All in One SEO 5.0.1.1 - aioseo.com -->\n\t<meta name=\"description\" content=\"Niemieckie Towarzystwo \u017bywienia: Tylko JEDNA kie\u0142basa miesi\u0119cznie, aby powstrzyma\u0107 globalne ocieplenie. Oficjalny organ \u017cywieniowy w Niemczech zaktualizowa\u0142 swoje wytyczne dotycz\u0105ce mi\u0119sa , aby drastycznie zmniejszy\u0107 ilo\u015bci, kt\u00f3re jego zdaniem powinni spo\u017cywa\u0107 na co dzie\u0144 Niemcy. Po wcze\u015bniejszym zaleceniu ograniczenia spo\u017cycia mi\u0119sa do nie wi\u0119cej ni\u017c 600 gram\u00f3w tygodniowo na osob\u0119 \u2013 przeci\u0119tny mieszkaniec Niemiec spo\u017cywa obecnie 763\" \/>\n\t<meta name=\"robots\" content=\"max-image-preview:large\" \/>\n\t<meta name=\"author\" content=\"trinity\"\/>\n\t<link rel=\"canonical\" href=\"https:\/\/wia.net.pl\/index.php\/2023\/06\/13\/tylko-jedna-kielbasa-miesiecznie-w-niemczech-w-walce-z-klimatem\/\" \/>\n\t<meta name=\"generator\" content=\"All in One SEO (AIOSEO) 5.0.1.1\" \/>\n\t\t<meta property=\"og:locale\" content=\"pl_PL\" \/>\n\t\t<meta property=\"og:site_name\" content=\"Wolno\u015b\u0107 i Anarchia - Ka\u017cdy wewn\u0119trznie jest anarchist\u0105.\" \/>\n\t\t<meta property=\"og:type\" content=\"article\" \/>\n\t\t<meta property=\"og:title\" content=\"Jedna Kie\u0142basa Miesi\u0119cznie w Niemczech dla Dobra Klimatu - Wolno\u015b\u0107 i Anarchia\" \/>\n\t\t<meta property=\"og:description\" content=\"Niemieckie Towarzystwo \u017bywienia: Tylko JEDNA kie\u0142basa miesi\u0119cznie, aby powstrzyma\u0107 globalne ocieplenie. Oficjalny organ \u017cywieniowy w Niemczech zaktualizowa\u0142 swoje wytyczne dotycz\u0105ce mi\u0119sa , aby drastycznie zmniejszy\u0107 ilo\u015bci, kt\u00f3re jego zdaniem powinni spo\u017cywa\u0107 na co dzie\u0144 Niemcy. Po wcze\u015bniejszym zaleceniu ograniczenia spo\u017cycia mi\u0119sa do nie wi\u0119cej ni\u017c 600 gram\u00f3w tygodniowo na osob\u0119 \u2013 przeci\u0119tny mieszkaniec Niemiec spo\u017cywa obecnie 763\" \/>\n\t\t<meta property=\"og:url\" content=\"https:\/\/wia.net.pl\/index.php\/2023\/06\/13\/tylko-jedna-kielbasa-miesiecznie-w-niemczech-w-walce-z-klimatem\/\" \/>\n\t\t<meta property=\"og:image\" content=\"https:\/\/wia.net.pl\/wp-content\/uploads\/2023\/11\/cropped-freedom-i73367.jpg\" \/>\n\t\t<meta property=\"og:image:secure_url\" content=\"https:\/\/wia.net.pl\/wp-content\/uploads\/2023\/11\/cropped-freedom-i73367.jpg\" \/>\n\t\t<meta property=\"article:published_time\" content=\"2023-06-13T10:42:48+00:00\" \/>\n\t\t<meta property=\"article:modified_time\" content=\"2023-06-13T10:44:08+00:00\" \/>\n\t\t<meta name=\"twitter:card\" content=\"summary_large_image\" \/>\n\t\t<meta name=\"twitter:title\" content=\"Jedna Kie\u0142basa Miesi\u0119cznie w Niemczech dla Dobra Klimatu - Wolno\u015b\u0107 i Anarchia\" \/>\n\t\t<meta name=\"twitter:description\" content=\"Niemieckie Towarzystwo \u017bywienia: Tylko JEDNA kie\u0142basa miesi\u0119cznie, aby powstrzyma\u0107 globalne ocieplenie. Oficjalny organ \u017cywieniowy w Niemczech zaktualizowa\u0142 swoje wytyczne dotycz\u0105ce mi\u0119sa , aby drastycznie zmniejszy\u0107 ilo\u015bci, kt\u00f3re jego zdaniem powinni spo\u017cywa\u0107 na co dzie\u0144 Niemcy. Po wcze\u015bniejszym zaleceniu ograniczenia spo\u017cycia mi\u0119sa do nie wi\u0119cej ni\u017c 600 gram\u00f3w tygodniowo na osob\u0119 \u2013 przeci\u0119tny mieszkaniec Niemiec spo\u017cywa obecnie 763\" \/>\n\t\t<meta name=\"twitter:image\" content=\"https:\/\/wia.net.pl\/wp-content\/uploads\/2023\/11\/cropped-freedom-i73367.jpg\" \/>\n\t\t<script type=\"application\/ld+json\" class=\"aioseo-schema\">\n\t\t\t{\"@context\":\"https:\\\/\\\/schema.org\",\"@graph\":[{\"@type\":\"BlogPosting\",\"@id\":\"https:\\\/\\\/wia.net.pl\\\/index.php\\\/2023\\\/06\\\/13\\\/tylko-jedna-kielbasa-miesiecznie-w-niemczech-w-walce-z-klimatem\\\/#blogposting\",\"name\":\"Jedna Kie\\u0142basa Miesi\\u0119cznie w Niemczech dla Dobra Klimatu - Wolno\\u015b\\u0107 i Anarchia\",\"headline\":\"Jedna Kie\\u0142basa Miesi\\u0119cznie w Niemczech dla Dobra Klimatu\",\"author\":{\"@id\":\"https:\\\/\\\/wia.net.pl\\\/index.php\\\/author\\\/trinity\\\/#author\"},\"publisher\":{\"@id\":\"https:\\\/\\\/wia.net.pl\\\/#person\"},\"image\":{\"@type\":\"ImageObject\",\"url\":\"https:\\\/\\\/wia.net.pl\\\/wp-content\\\/uploads\\\/2023\\\/06\\\/bratwurst-g36f4de68f_640.jpg\",\"width\":640,\"height\":382},\"datePublished\":\"2023-06-13T12:42:48+02:00\",\"dateModified\":\"2023-06-13T12:44:08+02:00\",\"inLanguage\":\"pl-PL\",\"mainEntityOfPage\":{\"@id\":\"https:\\\/\\\/wia.net.pl\\\/index.php\\\/2023\\\/06\\\/13\\\/tylko-jedna-kielbasa-miesiecznie-w-niemczech-w-walce-z-klimatem\\\/#webpage\"},\"isPartOf\":{\"@id\":\"https:\\\/\\\/wia.net.pl\\\/index.php\\\/2023\\\/06\\\/13\\\/tylko-jedna-kielbasa-miesiecznie-w-niemczech-w-walce-z-klimatem\\\/#webpage\"},\"articleSection\":\"Artyku\\u0142y\"},{\"@type\":\"BreadcrumbList\",\"@id\":\"https:\\\/\\\/wia.net.pl\\\/index.php\\\/2023\\\/06\\\/13\\\/tylko-jedna-kielbasa-miesiecznie-w-niemczech-w-walce-z-klimatem\\\/#breadcrumblist\",\"itemListElement\":[{\"@type\":\"ListItem\",\"@id\":\"https:\\\/\\\/wia.net.pl#listItem\",\"position\":1,\"name\":\"Home\",\"item\":\"https:\\\/\\\/wia.net.pl\",\"nextItem\":{\"@type\":\"ListItem\",\"@id\":\"https:\\\/\\\/wia.net.pl\\\/index.php\\\/category\\\/artykuly\\\/#listItem\",\"name\":\"Artyku\\u0142y\"}},{\"@type\":\"ListItem\",\"@id\":\"https:\\\/\\\/wia.net.pl\\\/index.php\\\/category\\\/artykuly\\\/#listItem\",\"position\":2,\"name\":\"Artyku\\u0142y\",\"item\":\"https:\\\/\\\/wia.net.pl\\\/index.php\\\/category\\\/artykuly\\\/\",\"nextItem\":{\"@type\":\"ListItem\",\"@id\":\"https:\\\/\\\/wia.net.pl\\\/index.php\\\/2023\\\/06\\\/13\\\/tylko-jedna-kielbasa-miesiecznie-w-niemczech-w-walce-z-klimatem\\\/#listItem\",\"name\":\"Jedna Kie\\u0142basa Miesi\\u0119cznie w Niemczech dla Dobra Klimatu\"},\"previousItem\":{\"@type\":\"ListItem\",\"@id\":\"https:\\\/\\\/wia.net.pl#listItem\",\"name\":\"Home\"}},{\"@type\":\"ListItem\",\"@id\":\"https:\\\/\\\/wia.net.pl\\\/index.php\\\/2023\\\/06\\\/13\\\/tylko-jedna-kielbasa-miesiecznie-w-niemczech-w-walce-z-klimatem\\\/#listItem\",\"position\":3,\"name\":\"Jedna Kie\\u0142basa Miesi\\u0119cznie w Niemczech dla Dobra Klimatu\",\"previousItem\":{\"@type\":\"ListItem\",\"@id\":\"https:\\\/\\\/wia.net.pl\\\/index.php\\\/category\\\/artykuly\\\/#listItem\",\"name\":\"Artyku\\u0142y\"}}]},{\"@type\":\"Person\",\"@id\":\"https:\\\/\\\/wia.net.pl\\\/#person\",\"name\":\"Bart\\u0142omiej Talarczyk\",\"image\":{\"@type\":\"ImageObject\",\"@id\":\"https:\\\/\\\/wia.net.pl\\\/index.php\\\/2023\\\/06\\\/13\\\/tylko-jedna-kielbasa-miesiecznie-w-niemczech-w-walce-z-klimatem\\\/#personImage\",\"url\":\"https:\\\/\\\/wia.net.pl\\\/wp-content\\\/uploads\\\/avatar-privacy\\\/cache\\\/user\\\/1\\\/7\\\/176a6b161c58363ff49b5c167264231f519f5c7fa183ca1f61e891769b6b56d5-96.jpg\",\"width\":96,\"height\":96,\"caption\":\"Bart\\u0142omiej Talarczyk\"}},{\"@type\":\"Person\",\"@id\":\"https:\\\/\\\/wia.net.pl\\\/index.php\\\/author\\\/trinity\\\/#author\",\"url\":\"https:\\\/\\\/wia.net.pl\\\/index.php\\\/author\\\/trinity\\\/\",\"name\":\"trinity\",\"image\":{\"@type\":\"ImageObject\",\"@id\":\"https:\\\/\\\/wia.net.pl\\\/index.php\\\/2023\\\/06\\\/13\\\/tylko-jedna-kielbasa-miesiecznie-w-niemczech-w-walce-z-klimatem\\\/#authorImage\",\"url\":\"https:\\\/\\\/wia.net.pl\\\/wp-content\\\/uploads\\\/avatar-privacy\\\/cache\\\/user\\\/5\\\/f\\\/5f6547cf82495eaa10e100a6a45d5dbde2dfdc1be88557de2018fca705bdf6f1-96.jpg\",\"width\":96,\"height\":96,\"caption\":\"trinity\"}},{\"@type\":\"WebPage\",\"@id\":\"https:\\\/\\\/wia.net.pl\\\/index.php\\\/2023\\\/06\\\/13\\\/tylko-jedna-kielbasa-miesiecznie-w-niemczech-w-walce-z-klimatem\\\/#webpage\",\"url\":\"https:\\\/\\\/wia.net.pl\\\/index.php\\\/2023\\\/06\\\/13\\\/tylko-jedna-kielbasa-miesiecznie-w-niemczech-w-walce-z-klimatem\\\/\",\"name\":\"Jedna Kie\\u0142basa Miesi\\u0119cznie w Niemczech dla Dobra Klimatu - Wolno\\u015b\\u0107 i Anarchia\",\"description\":\"Niemieckie Towarzystwo \\u017bywienia: Tylko JEDNA kie\\u0142basa miesi\\u0119cznie, aby powstrzyma\\u0107 globalne ocieplenie. Oficjalny organ \\u017cywieniowy w Niemczech zaktualizowa\\u0142 swoje wytyczne dotycz\\u0105ce mi\\u0119sa , aby drastycznie zmniejszy\\u0107 ilo\\u015bci, kt\\u00f3re jego zdaniem powinni spo\\u017cywa\\u0107 na co dzie\\u0144 Niemcy. Po wcze\\u015bniejszym zaleceniu ograniczenia spo\\u017cycia mi\\u0119sa do nie wi\\u0119cej ni\\u017c 600 gram\\u00f3w tygodniowo na osob\\u0119 \\u2013 przeci\\u0119tny mieszkaniec Niemiec spo\\u017cywa obecnie 763\",\"inLanguage\":\"pl-PL\",\"isPartOf\":{\"@id\":\"https:\\\/\\\/wia.net.pl\\\/#website\"},\"breadcrumb\":{\"@id\":\"https:\\\/\\\/wia.net.pl\\\/index.php\\\/2023\\\/06\\\/13\\\/tylko-jedna-kielbasa-miesiecznie-w-niemczech-w-walce-z-klimatem\\\/#breadcrumblist\"},\"author\":{\"@id\":\"https:\\\/\\\/wia.net.pl\\\/index.php\\\/author\\\/trinity\\\/#author\"},\"creator\":{\"@id\":\"https:\\\/\\\/wia.net.pl\\\/index.php\\\/author\\\/trinity\\\/#author\"},\"image\":{\"@type\":\"ImageObject\",\"url\":\"https:\\\/\\\/wia.net.pl\\\/wp-content\\\/uploads\\\/2023\\\/06\\\/bratwurst-g36f4de68f_640.jpg\",\"@id\":\"https:\\\/\\\/wia.net.pl\\\/index.php\\\/2023\\\/06\\\/13\\\/tylko-jedna-kielbasa-miesiecznie-w-niemczech-w-walce-z-klimatem\\\/#mainImage\",\"width\":640,\"height\":382},\"primaryImageOfPage\":{\"@id\":\"https:\\\/\\\/wia.net.pl\\\/index.php\\\/2023\\\/06\\\/13\\\/tylko-jedna-kielbasa-miesiecznie-w-niemczech-w-walce-z-klimatem\\\/#mainImage\"},\"datePublished\":\"2023-06-13T12:42:48+02:00\",\"dateModified\":\"2023-06-13T12:44:08+02:00\"},{\"@type\":\"WebSite\",\"@id\":\"https:\\\/\\\/wia.net.pl\\\/#website\",\"url\":\"https:\\\/\\\/wia.net.pl\\\/\",\"name\":\"Wolno\\u015b\\u0107 i Anarchia\",\"description\":\"Ka\\u017cdy wewn\\u0119trznie jest anarchist\\u0105.\",\"inLanguage\":\"pl-PL\",\"publisher\":{\"@id\":\"https:\\\/\\\/wia.net.pl\\\/#person\"}}]}\n\t\t<\/script>\n\t\t<!-- All in One SEO -->\n\n","aioseo_head_json":{"title":"Jedna Kie\u0142basa Miesi\u0119cznie w Niemczech dla Dobra Klimatu - Wolno\u015b\u0107 i Anarchia","description":"Niemieckie Towarzystwo \u017bywienia: Tylko JEDNA kie\u0142basa miesi\u0119cznie, aby powstrzyma\u0107 globalne ocieplenie. Oficjalny organ \u017cywieniowy w Niemczech zaktualizowa\u0142 swoje wytyczne dotycz\u0105ce mi\u0119sa , aby drastycznie zmniejszy\u0107 ilo\u015bci, kt\u00f3re jego zdaniem powinni spo\u017cywa\u0107 na co dzie\u0144 Niemcy. Po wcze\u015bniejszym zaleceniu ograniczenia spo\u017cycia mi\u0119sa do nie wi\u0119cej ni\u017c 600 gram\u00f3w tygodniowo na osob\u0119 \u2013 przeci\u0119tny mieszkaniec Niemiec spo\u017cywa obecnie 763","canonical_url":"https:\/\/wia.net.pl\/index.php\/2023\/06\/13\/tylko-jedna-kielbasa-miesiecznie-w-niemczech-w-walce-z-klimatem\/","robots":"max-image-preview:large","keywords":"","webmasterTools":{"miscellaneous":""},"schema":{"@context":"https:\/\/schema.org","@graph":[{"@type":"BlogPosting","@id":"https:\/\/wia.net.pl\/index.php\/2023\/06\/13\/tylko-jedna-kielbasa-miesiecznie-w-niemczech-w-walce-z-klimatem\/#blogposting","name":"Jedna Kie\u0142basa Miesi\u0119cznie w Niemczech dla Dobra Klimatu - Wolno\u015b\u0107 i Anarchia","headline":"Jedna Kie\u0142basa Miesi\u0119cznie w Niemczech dla Dobra Klimatu","author":{"@id":"https:\/\/wia.net.pl\/index.php\/author\/trinity\/#author"},"publisher":{"@id":"https:\/\/wia.net.pl\/#person"},"image":{"@type":"ImageObject","url":"https:\/\/wia.net.pl\/wp-content\/uploads\/2023\/06\/bratwurst-g36f4de68f_640.jpg","width":640,"height":382},"datePublished":"2023-06-13T12:42:48+02:00","dateModified":"2023-06-13T12:44:08+02:00","inLanguage":"pl-PL","mainEntityOfPage":{"@id":"https:\/\/wia.net.pl\/index.php\/2023\/06\/13\/tylko-jedna-kielbasa-miesiecznie-w-niemczech-w-walce-z-klimatem\/#webpage"},"isPartOf":{"@id":"https:\/\/wia.net.pl\/index.php\/2023\/06\/13\/tylko-jedna-kielbasa-miesiecznie-w-niemczech-w-walce-z-klimatem\/#webpage"},"articleSection":"Artyku\u0142y"},{"@type":"BreadcrumbList","@id":"https:\/\/wia.net.pl\/index.php\/2023\/06\/13\/tylko-jedna-kielbasa-miesiecznie-w-niemczech-w-walce-z-klimatem\/#breadcrumblist","itemListElement":[{"@type":"ListItem","@id":"https:\/\/wia.net.pl#listItem","position":1,"name":"Home","item":"https:\/\/wia.net.pl","nextItem":{"@type":"ListItem","@id":"https:\/\/wia.net.pl\/index.php\/category\/artykuly\/#listItem","name":"Artyku\u0142y"}},{"@type":"ListItem","@id":"https:\/\/wia.net.pl\/index.php\/category\/artykuly\/#listItem","position":2,"name":"Artyku\u0142y","item":"https:\/\/wia.net.pl\/index.php\/category\/artykuly\/","nextItem":{"@type":"ListItem","@id":"https:\/\/wia.net.pl\/index.php\/2023\/06\/13\/tylko-jedna-kielbasa-miesiecznie-w-niemczech-w-walce-z-klimatem\/#listItem","name":"Jedna Kie\u0142basa Miesi\u0119cznie w Niemczech dla Dobra Klimatu"},"previousItem":{"@type":"ListItem","@id":"https:\/\/wia.net.pl#listItem","name":"Home"}},{"@type":"ListItem","@id":"https:\/\/wia.net.pl\/index.php\/2023\/06\/13\/tylko-jedna-kielbasa-miesiecznie-w-niemczech-w-walce-z-klimatem\/#listItem","position":3,"name":"Jedna Kie\u0142basa Miesi\u0119cznie w Niemczech dla Dobra Klimatu","previousItem":{"@type":"ListItem","@id":"https:\/\/wia.net.pl\/index.php\/category\/artykuly\/#listItem","name":"Artyku\u0142y"}}]},{"@type":"Person","@id":"https:\/\/wia.net.pl\/#person","name":"Bart\u0142omiej Talarczyk","image":{"@type":"ImageObject","@id":"https:\/\/wia.net.pl\/index.php\/2023\/06\/13\/tylko-jedna-kielbasa-miesiecznie-w-niemczech-w-walce-z-klimatem\/#personImage","url":"https:\/\/wia.net.pl\/wp-content\/uploads\/avatar-privacy\/cache\/user\/1\/7\/176a6b161c58363ff49b5c167264231f519f5c7fa183ca1f61e891769b6b56d5-96.jpg","width":96,"height":96,"caption":"Bart\u0142omiej Talarczyk"}},{"@type":"Person","@id":"https:\/\/wia.net.pl\/index.php\/author\/trinity\/#author","url":"https:\/\/wia.net.pl\/index.php\/author\/trinity\/","name":"trinity","image":{"@type":"ImageObject","@id":"https:\/\/wia.net.pl\/index.php\/2023\/06\/13\/tylko-jedna-kielbasa-miesiecznie-w-niemczech-w-walce-z-klimatem\/#authorImage","url":"https:\/\/wia.net.pl\/wp-content\/uploads\/avatar-privacy\/cache\/user\/5\/f\/5f6547cf82495eaa10e100a6a45d5dbde2dfdc1be88557de2018fca705bdf6f1-96.jpg","width":96,"height":96,"caption":"trinity"}},{"@type":"WebPage","@id":"https:\/\/wia.net.pl\/index.php\/2023\/06\/13\/tylko-jedna-kielbasa-miesiecznie-w-niemczech-w-walce-z-klimatem\/#webpage","url":"https:\/\/wia.net.pl\/index.php\/2023\/06\/13\/tylko-jedna-kielbasa-miesiecznie-w-niemczech-w-walce-z-klimatem\/","name":"Jedna Kie\u0142basa Miesi\u0119cznie w Niemczech dla Dobra Klimatu - Wolno\u015b\u0107 i Anarchia","description":"Niemieckie Towarzystwo \u017bywienia: Tylko JEDNA kie\u0142basa miesi\u0119cznie, aby powstrzyma\u0107 globalne ocieplenie. Oficjalny organ \u017cywieniowy w Niemczech zaktualizowa\u0142 swoje wytyczne dotycz\u0105ce mi\u0119sa , aby drastycznie zmniejszy\u0107 ilo\u015bci, kt\u00f3re jego zdaniem powinni spo\u017cywa\u0107 na co dzie\u0144 Niemcy. Po wcze\u015bniejszym zaleceniu ograniczenia spo\u017cycia mi\u0119sa do nie wi\u0119cej ni\u017c 600 gram\u00f3w tygodniowo na osob\u0119 \u2013 przeci\u0119tny mieszkaniec Niemiec spo\u017cywa obecnie 763","inLanguage":"pl-PL","isPartOf":{"@id":"https:\/\/wia.net.pl\/#website"},"breadcrumb":{"@id":"https:\/\/wia.net.pl\/index.php\/2023\/06\/13\/tylko-jedna-kielbasa-miesiecznie-w-niemczech-w-walce-z-klimatem\/#breadcrumblist"},"author":{"@id":"https:\/\/wia.net.pl\/index.php\/author\/trinity\/#author"},"creator":{"@id":"https:\/\/wia.net.pl\/index.php\/author\/trinity\/#author"},"image":{"@type":"ImageObject","url":"https:\/\/wia.net.pl\/wp-content\/uploads\/2023\/06\/bratwurst-g36f4de68f_640.jpg","@id":"https:\/\/wia.net.pl\/index.php\/2023\/06\/13\/tylko-jedna-kielbasa-miesiecznie-w-niemczech-w-walce-z-klimatem\/#mainImage","width":640,"height":382},"primaryImageOfPage":{"@id":"https:\/\/wia.net.pl\/index.php\/2023\/06\/13\/tylko-jedna-kielbasa-miesiecznie-w-niemczech-w-walce-z-klimatem\/#mainImage"},"datePublished":"2023-06-13T12:42:48+02:00","dateModified":"2023-06-13T12:44:08+02:00"},{"@type":"WebSite","@id":"https:\/\/wia.net.pl\/#website","url":"https:\/\/wia.net.pl\/","name":"Wolno\u015b\u0107 i Anarchia","description":"Ka\u017cdy wewn\u0119trznie jest anarchist\u0105.","inLanguage":"pl-PL","publisher":{"@id":"https:\/\/wia.net.pl\/#person"}}]},"og:locale":"pl_PL","og:site_name":"Wolno\u015b\u0107 i Anarchia - Ka\u017cdy wewn\u0119trznie jest anarchist\u0105.","og:type":"article","og:title":"Jedna Kie\u0142basa Miesi\u0119cznie w Niemczech dla Dobra Klimatu - Wolno\u015b\u0107 i Anarchia","og:description":"Niemieckie Towarzystwo \u017bywienia: Tylko JEDNA kie\u0142basa miesi\u0119cznie, aby powstrzyma\u0107 globalne ocieplenie. Oficjalny organ \u017cywieniowy w Niemczech zaktualizowa\u0142 swoje wytyczne dotycz\u0105ce mi\u0119sa , aby drastycznie zmniejszy\u0107 ilo\u015bci, kt\u00f3re jego zdaniem powinni spo\u017cywa\u0107 na co dzie\u0144 Niemcy. Po wcze\u015bniejszym zaleceniu ograniczenia spo\u017cycia mi\u0119sa do nie wi\u0119cej ni\u017c 600 gram\u00f3w tygodniowo na osob\u0119 \u2013 przeci\u0119tny mieszkaniec Niemiec spo\u017cywa obecnie 763","og:url":"https:\/\/wia.net.pl\/index.php\/2023\/06\/13\/tylko-jedna-kielbasa-miesiecznie-w-niemczech-w-walce-z-klimatem\/","og:image":"https:\/\/wia.net.pl\/wp-content\/uploads\/2023\/11\/cropped-freedom-i73367.jpg","og:image:secure_url":"https:\/\/wia.net.pl\/wp-content\/uploads\/2023\/11\/cropped-freedom-i73367.jpg","article:published_time":"2023-06-13T10:42:48+00:00","article:modified_time":"2023-06-13T10:44:08+00:00","twitter:card":"summary_large_image","twitter:title":"Jedna Kie\u0142basa Miesi\u0119cznie w Niemczech dla Dobra Klimatu - Wolno\u015b\u0107 i Anarchia","twitter:description":"Niemieckie Towarzystwo \u017bywienia: Tylko JEDNA kie\u0142basa miesi\u0119cznie, aby powstrzyma\u0107 globalne ocieplenie. Oficjalny organ \u017cywieniowy w Niemczech zaktualizowa\u0142 swoje wytyczne dotycz\u0105ce mi\u0119sa , aby drastycznie zmniejszy\u0107 ilo\u015bci, kt\u00f3re jego zdaniem powinni spo\u017cywa\u0107 na co dzie\u0144 Niemcy. Po wcze\u015bniejszym zaleceniu ograniczenia spo\u017cycia mi\u0119sa do nie wi\u0119cej ni\u017c 600 gram\u00f3w tygodniowo na osob\u0119 \u2013 przeci\u0119tny mieszkaniec Niemiec spo\u017cywa obecnie 763","twitter:image":"https:\/\/wia.net.pl\/wp-content\/uploads\/2023\/11\/cropped-freedom-i73367.jpg"},"aioseo_meta_data":{"post_id":"2043","title":null,"description":null,"keywords":[],"keyphrases":{"focus":{"keyphrase":"","score":0,"analysis":{"keyphraseInTitle":{"score":0,"maxScore":9,"error":1}}},"additional":[]},"primary_term":null,"canonical_url":null,"og_title":null,"og_description":null,"og_object_type":"default","og_image_type":"default","og_image_url":null,"og_image_width":null,"og_image_height":null,"og_image_custom_url":null,"og_image_custom_fields":null,"og_video":"","og_custom_url":null,"og_article_section":null,"og_article_tags":[],"twitter_use_og":false,"twitter_card":"default","twitter_image_type":"default","twitter_image_url":null,"twitter_image_custom_url":null,"twitter_image_custom_fields":null,"twitter_title":null,"twitter_description":null,"schema":{"blockGraphs":[],"customGraphs":[],"default":{"data":{"Article":[],"Course":[],"Dataset":[],"FAQPage":[],"Movie":[],"Person":[],"Product":[],"ProductReview":[],"Car":[],"Recipe":[],"Service":[],"SoftwareApplication":[],"WebPage":[]},"graphName":"","isEnabled":true},"graphs":[]},"schema_type":"default","schema_type_options":null,"pillar_content":false,"robots_default":true,"robots_noindex":false,"robots_noarchive":false,"robots_nosnippet":false,"robots_nofollow":false,"robots_noimageindex":false,"robots_noodp":false,"robots_notranslate":false,"robots_max_snippet":"-1","robots_max_videopreview":"-1","robots_max_imagepreview":"large","priority":0,"frequency":"default","local_seo":null,"breadcrumb_settings":null,"limit_modified_date":false,"ai":null,"created":"2023-06-13 10:42:49","updated":"2025-06-04 08:03:20","seo_analyzer_scan_date":null,"focus_keyword":null,"additional_keywords":null,"truseo_locale":null},"aioseo_breadcrumb":"<div class=\"aioseo-breadcrumbs\"><span class=\"aioseo-breadcrumb\">\n\t\t\t<a href=\"https:\/\/wia.net.pl\" title=\"Home\">Home<\/a>\n\t\t<\/span><span class=\"aioseo-breadcrumb-separator\">&raquo;<\/span><span class=\"aioseo-breadcrumb\">\n\t\t\t<a href=\"https:\/\/wia.net.pl\/index.php\/category\/artykuly\/\" title=\"Artyku\u0142y\">Artyku\u0142y<\/a>\n\t\t<\/span><span class=\"aioseo-breadcrumb-separator\">&raquo;<\/span><span class=\"aioseo-breadcrumb\">\n\t\t\tJedna Kie\u0142basa Miesi\u0119cznie w Niemczech dla Dobra Klimatu\n\t\t<\/span><\/div>","aioseo_breadcrumb_json":[{"label":"Home","link":"https:\/\/wia.net.pl"},{"label":"Artyku\u0142y","link":"https:\/\/wia.net.pl\/index.php\/category\/artykuly\/"},{"label":"Jedna Kie\u0142basa Miesi\u0119cznie w Niemczech dla Dobra Klimatu","link":"https:\/\/wia.net.pl\/index.php\/2023\/06\/13\/tylko-jedna-kielbasa-miesiecznie-w-niemczech-w-walce-z-klimatem\/"}],"_links":{"self":[{"href":"https:\/\/wia.net.pl\/index.php\/wp-json\/wp\/v2\/posts\/2043"}],"collection":[{"href":"https:\/\/wia.net.pl\/index.php\/wp-json\/wp\/v2\/posts"}],"about":[{"href":"https:\/\/wia.net.pl\/index.php\/wp-json\/wp\/v2\/types\/post"}],"author":[{"embeddable":true,"href":"https:\/\/wia.net.pl\/index.php\/wp-json\/wp\/v2\/users\/2"}],"replies":[{"embeddable":true,"href":"https:\/\/wia.net.pl\/index.php\/wp-json\/wp\/v2\/comments?post=2043"}],"version-history":[{"count":2,"href":"https:\/\/wia.net.pl\/index.php\/wp-json\/wp\/v2\/posts\/2043\/revisions"}],"predecessor-version":[{"id":2047,"href":"https:\/\/wia.net.pl\/index.php\/wp-json\/wp\/v2\/posts\/2043\/revisions\/2047"}],"wp:featuredmedia":[{"embeddable":true,"href":"https:\/\/wia.net.pl\/index.php\/wp-json\/wp\/v2\/media\/2045"}],"wp:attachment":[{"href":"https:\/\/wia.net.pl\/index.php\/wp-json\/wp\/v2\/media?parent=2043"}],"wp:term":[{"taxonomy":"category","embeddable":true,"href":"https:\/\/wia.net.pl\/index.php\/wp-json\/wp\/v2\/categories?post=2043"},{"taxonomy":"post_tag","embeddable":true,"href":"https:\/\/wia.net.pl\/index.php\/wp-json\/wp\/v2\/tags?post=2043"}],"curies":[{"name":"wp","href":"https:\/\/api.w.org\/{rel}","templated":true}]}}