{"id":2074,"date":"2023-06-13T17:55:09","date_gmt":"2023-06-13T15:55:09","guid":{"rendered":"https:\/\/wia.net.pl\/?p=2074"},"modified":"2023-06-13T17:55:10","modified_gmt":"2023-06-13T15:55:10","slug":"mlodzi-swiatowi-liderzy-wef-nazwiska","status":"publish","type":"post","link":"https:\/\/wia.net.pl\/index.php\/2023\/06\/13\/mlodzi-swiatowi-liderzy-wef-nazwiska\/","title":{"rendered":"\u201eM\u0142odzi \u015bwiatowi liderzy\u201d WEF &#8211; Nazwiska"},"content":{"rendered":"\n<p>Ujawniono \u201eM\u0142odych \u015bwiatowych lider\u00f3w\u201d \u015awiatowego Forum Ekonomicznego<\/p>\n\n\n\n<p>Autor, <a href=\"https:\/\/www.globalresearch.ca\/author\/jacob-nordangard\">Jacob Nordang\u00e5rd<\/a><\/p>\n\n\n\n<figure class=\"wp-block-image size-full\"><img loading=\"lazy\" decoding=\"async\" width=\"620\" height=\"280\" src=\"https:\/\/wia.net.pl\/wp-content\/uploads\/2023\/06\/YoungGlobalLeaders1992-min.webp\" alt=\"\" class=\"wp-image-2075\" srcset=\"https:\/\/wia.net.pl\/wp-content\/uploads\/2023\/06\/YoungGlobalLeaders1992-min.webp 620w, https:\/\/wia.net.pl\/wp-content\/uploads\/2023\/06\/YoungGlobalLeaders1992-min-300x135.webp 300w\" sizes=\"(max-width: 620px) 100vw, 620px\" \/><\/figure>\n\n\n\n<p><em>Poprzez sw\u00f3j&nbsp;program&nbsp;<a href=\"https:\/\/www.younggloballeaders.org\/\" target=\"_blank\" rel=\"noreferrer noopener\">Young Global Leaders&nbsp;<\/a><strong>\u015awiatowe Forum Ekonomiczne odegra\u0142o kluczow\u0105 rol\u0119 w kszta\u0142towaniu porz\u0105dku \u015bwiatowego, kt\u00f3ry podwa\u017ca wszelkie zasady demokracji.&nbsp;<\/strong>Przez kilka dziesi\u0119cioleci program ten kszta\u0142ci\u0142 zgodnych lider\u00f3w dzia\u0142aj\u0105cych jako agenci WEF w rz\u0105dach na ca\u0142ym \u015bwiecie.&nbsp;Konsekwencje s\u0105 dalekosi\u0119\u017cne i mog\u0105 okaza\u0107 si\u0119 katastrofalne dla ludzko\u015bci.&nbsp;<\/em><\/p>\n\n\n\n<p>Musz\u0119 powiedzie\u0107, \u017ce wymieniam nazwiska takie jak pani Merkel, nawet W\u0142adimir Putin i tak dalej, wszyscy oni byli m\u0142odymi globalnymi liderami \u015awiatowego Forum Ekonomicznego.&nbsp;Ale to, z czego jeste\u015bmy teraz naprawd\u0119 dumni z m\u0142odego pokolenia, takiego jak premier Trudeau, prezydent Argentyny i tak dalej, to to, \u017ce penetrujemy gabinety\u2026 Tak jest w Argentynie, tak jest teraz we Francji\u2026 ( Klaus&nbsp;<a href=\"https:\/\/m.facebook.com\/maximebernier.ppc\/videos\/1517351355314798\/\">Schwab<\/a>&nbsp;)<\/p>\n\n\n<div class=\"wp-block-image\">\n<figure class=\"aligncenter\"><a href=\"https:\/\/m.facebook.com\/maximebernier.ppc\/videos\/1517351355314798\/\"><img decoding=\"async\" src=\"https:\/\/www.globalresearch.ca\/wp-content\/uploads\/2022\/02\/Screen-Shot-2022-02-09-at-15.00.09.png\" alt=\"\" class=\"wp-image-5769961\"\/><\/a><\/figure><\/div>\n\n\n<p>W 1992 roku&nbsp;<strong>Klaus Schwab<\/strong>&nbsp;i&nbsp;<strong>\u015awiatowe Forum Ekonomiczne<\/strong>&nbsp;uruchomili program pocz\u0105tkowo nazwany&nbsp;<strong>Global Leaders of Tomorrow<\/strong>&nbsp;.<\/p>\n\n\n\n<p>W 2004 roku program ten zosta\u0142 przekszta\u0142cony w&nbsp;<strong>Forum M\u0142odych \u015awiatowych Lider\u00f3w<\/strong>&nbsp;(o czym pisz\u0119 w mojej ksi\u0105\u017cce&nbsp;&nbsp;<em>The Global Coup D&#8217;Etat<\/em>&nbsp;) \u2013 5-letni program indoktrynacji zasad i cel\u00f3w WEF.<\/p>\n\n\n\n<p><strong>Celem by\u0142o \u2013 i jest \u2013 znalezienie odpowiednich przysz\u0142ych lider\u00f3w dla powstaj\u0105cego globalnego spo\u0142ecze\u0144stwa.&nbsp;<\/strong>Program od samego pocz\u0105tku obejmowa\u0142 polityk\u00f3w, lider\u00f3w biznesu, cz\u0142onk\u00f3w rodziny kr\u00f3lewskiej, dziennikarzy, wykonawc\u00f3w i inne osoby maj\u0105ce wp\u0142yw na kultur\u0119, kt\u00f3re wyr\u00f3\u017cnia\u0142y si\u0119 w swoich dziedzinach, ale nie uko\u0144czy\u0142y jeszcze 40 roku \u017cycia (pierwotnie 43 lata, aby uwzgl\u0119dni\u0107 Angel\u0119 Merkel).&nbsp;Od tego czasu rozwin\u0119\u0142a si\u0119 w rozleg\u0142\u0105 globaln\u0105 sie\u0107 oddanych przyw\u00f3dc\u00f3w z ogromnymi zasobami i wp\u0142ywami, wszyscy pracuj\u0105cy nad wdro\u017ceniem technokratycznych plan\u00f3w \u015awiatowego Forum Ekonomicznego w swoich krajach i dziedzinach.<\/p>\n\n\n<div class=\"wp-block-image\">\n<figure class=\"alignright\"><img decoding=\"async\" src=\"http:\/\/pharos.stiftelsen-pharos.org\/wp-content\/uploads\/2022\/02\/Bill-Justin-1024x682.jpg\" alt=\"\" class=\"wp-image-3541\"\/><\/figure><\/div>\n\n\n<p>Sie\u0107 tworzy si\u0142\u0119 o \u015bwiatowym wp\u0142ywie poprzez po\u0142\u0105czenie indywidualnych umiej\u0119tno\u015bci i zasob\u00f3w jej cz\u0142onk\u00f3w.<\/p>\n\n\n\n<p>Jak m\u00f3wi Klaus Schwab we wst\u0119pie, odnios\u0142a du\u017cy sukces.<\/p>\n\n\n\n<p>Ju\u017c w pierwszym roku, 1992, wybrano wielu bardzo wp\u0142ywowych kandydat\u00f3w.\u00a0<\/p>\n\n\n\n<p>W\u015br\u00f3d 200 wybranych by\u0142y \u015bwiatowe profile, takie jak\u00a0<strong>Angela Merkel<\/strong>\u00a0,\u00a0<strong>Tony Blair<\/strong>\u00a0,\u00a0<strong>Nicolas Sarkozy<\/strong>\u00a0,\u00a0<strong>Bill Gates<\/strong>\u00a0,\u00a0<strong>Bono<\/strong>\u00a0,\u00a0<strong>Richard Branson<\/strong>\u00a0(Virgin),\u00a0<strong>Jorma Ollila<\/strong>\u00a0(Shell Oil) i\u00a0<strong>Jos\u00e9 Manuel Barroso<\/strong>\u00a0(przewodnicz\u0105cy Komisji Europejskiej 2004-2014). [1]<\/p>\n\n\n\n<p><strong>Wi\u0119cej przyk\u0142ad\u00f3w wp\u0142ywowych m\u0142odych globalnych lider\u00f3w<\/strong>\u00a0[2]:\u00a0Ksi\u0119\u017cniczka\u00a0<strong>Wiktoria<\/strong>\u00a0ze Szwecji Ksi\u0105\u017c\u0119\u00a0<strong>Haakon<\/strong>\u00a0z Norwegii\u00a0Ksi\u0105\u017c\u0119\u00a0Korona\u00a0Danii\u00a0<strong>Fredrik<\/strong>\u00a0Ksi\u0105\u017c\u0119\u00a0\u00a0<strong>Jaime de Bourbon de Parme<\/strong>\u00a0, Holandia\u00a0Ksi\u0119\u017cniczka\u00a0\u00a0<strong>Reema Bint Bandar Al-Saud<\/strong>\u00a0, ambasador Arabii Saudyjskiej w USA\u00a0<strong>Jacinda Arden<\/strong>\u00a0, premier Nowej Zelandii\u00a0<strong>Alexander De Croo<\/strong>\u00a0, premier Belgii\u00a0<strong>Emmanuel Macron<\/strong>\u00a0, prezydent Francji\u00a0<strong>Sanna Marin<\/strong>\u00a0, premier Finlandii\u00a0<strong>Carlos Alvarado Quesada<\/strong>\u00a0, prezydent Kostaryki\u00a0<strong>Faisal Alibrahi<\/strong>m <br><br>Minister Gospodarki i Planowania, Arabia Saudyjska<br><strong>Shauna Aminath<\/strong>\u00a0, Minister \u015arodowiska, Zmian Klimatu i Technologii, Malediwy<br><strong>Ida Auken<\/strong>\u00a0, MP, by\u0142a Minister \u015arodowiska, Dania (autorka nies\u0142awnego artyku\u0142u \u201e\u00a0<a href=\"https:\/\/www.forbes.com\/sites\/worldeconomicforum\/2016\/11\/10\/shopping-i-cant-really-remember-what-that-is-or-how-differently-well-live-in-2030\/\" target=\"_blank\" rel=\"noreferrer noopener\">Witamy w 2030: nic nie posiadam, nie mam nic Prywatno\u015b\u0107 i \u017cycie nigdy nie by\u0142o lepsze<\/a>\u00a0\u201d)<br><strong>Annalena Baerbock<\/strong>\u00a0, Minister Spraw Zagranicznych, Lider Alliance 90\/Die Gr\u00fcnen, Niemcy<br><strong>Kamissa Camara<\/strong>\u00a0, Minister Gospodarki Cyfrowej i Planowania, Mali<br><strong>Ugyen Dorji<\/strong>\u00a0, Minister Spraw Wewn\u0119trznych, Bhutan<br><strong>Chrystia Freeland<\/strong>\u00a0, Wicepremier i Minister Finans\u00f3w Kanady<br><strong>Mart\u00edn Guzm\u00e1n<\/strong>\u00a0, Minister Finans\u00f3w Argentyny<br><strong>Muhammad Hammad Azhar<\/strong>\u00a0, Minister Energii, Pakistan<br><strong>Paula Ingabire<\/strong>\u00a0, Minister Technologii Informacyjnych i Komunikacyjnych oraz Innowacji, Rwanda<br><strong>Ronald Lamola<\/strong>\u00a0, Minister Sprawiedliwo\u015bci i S\u0142u\u017cby Wi\u0119ziennej, Republika Po\u0142udniowej Afryki<br><strong>Birgitta Ohlson<\/strong>\u00a0, Minister ds. Unii Europejskiej 2010\u20132014, Szwecja<br><strong>Mona Sahlin<\/strong>\u00a0, Lider Partii Socjaldemokrat\u00f3w 2007-2011, Szwecja<br><strong>Stav Shaffir<\/strong>\u00a0, Lider Partii Zielonych, Izrael<br><strong>Vera Daves de Sousa<\/strong>\u00a0, Minister Finans\u00f3w, Angola<br><strong>Leonardo DiCaprio<\/strong>\u00a0, aktor i dzia\u0142acz na rzecz klimatu<br><strong>Mattias Klum<\/strong>\u00a0, fotograf i ekolog<br><strong>Jack Ma<\/strong>\u00a0, Za\u0142o\u017cyciel\u00a0<strong>Alibaba<\/strong><br><strong>Larry Page<\/strong>\u00a0, za\u0142o\u017cyciel\u00a0<strong>Google<\/strong><br><strong>Ricken Patel<\/strong>\u00a0, za\u0142o\u017cyciel\u00a0<strong>Avaaz<\/strong><br><strong>David de Rothschild<\/strong>\u00a0, poszukiwacz przyg\u00f3d i ekolog<br><strong>Jimmy Wale\u00a0<\/strong><strong>,<\/strong>\u00a0za\u0142o\u017cyciel\u00a0<strong>Wikipedii<br>Jacob Wallenberg<\/strong>\u00a0, przewodnicz\u0105cy\u00a0<strong>Investor<br><\/strong><strong>Niklas Zennstr\u00f6m<\/strong>\u00a0, za\u0142o\u017cyciel\u00a0<strong>Skype<\/strong><br><strong>Mark Zuckerberg<\/strong>\u00a0, za\u0142o\u017cyciel\u00a0<strong>Facebooka<\/strong><\/p>\n\n\n\n<p>Celem od pocz\u0105tku by\u0142o \u201ezidentyfikowanie i rozwijanie zorientowanej na przysz\u0142o\u015b\u0107 globalnej agendy, skupiaj\u0105cej si\u0119 na kwestiach na przeci\u0119ciu sektor\u00f3w publicznego i prywatnego\u201d.<\/p>\n\n\n\n<p>Partnerstwo publiczno-prywatne jest jednym z kamieni w\u0119gielnych filozofii \u015awiatowego Forum Ekonomicznego.&nbsp;To znaczy fuzja pa\u0144stwa i du\u017cych firm (znana r\u00f3wnie\u017c jako korporacjonizm) w celu rozwi\u0105zania globalnych problem\u00f3w w bardziej \u201eskuteczny\u201d spos\u00f3b.&nbsp;Wyb\u00f3r lider\u00f3w wyra\u017anie odzwierciedla to d\u0105\u017cenie.<\/p>\n\n\n\n<p><strong>Grupa Young Global Leaders<\/strong>&nbsp;zosta\u0142a pocz\u0105tkowo poinstruowana, aby zidentyfikowa\u0107 g\u0142\u00f3wne wyzwania XXI wieku.&nbsp;Obejmowa\u0142y one pok\u00f3j, \u015brodowisko, edukacj\u0119, technologi\u0119 i zdrowie \u2013 obszary, kt\u00f3re ci przyszli przyw\u00f3dcy mogliby wykorzysta\u0107 politycznie, ekonomicznie i kulturowo w nowym tysi\u0105cleciu.<\/p>\n\n\n\n<p>Partnerami&nbsp;<strong>Globalnych Lider\u00f3w Jutra<\/strong>&nbsp;w 2000 roku by\u0142y du\u017ce globalne firmy, takie jak&nbsp;<strong>The Coca Cola Company<\/strong>&nbsp;,&nbsp;<strong>Ernst &amp; Young<\/strong>&nbsp;,&nbsp;<strong>Volkswagen<\/strong>&nbsp;i&nbsp;<strong>BP Amoco<\/strong>&nbsp;.&nbsp;Mog\u0105 one przyczyni\u0107 si\u0119 do realizacji programu poprzez&nbsp;<em>\u201eodgrywanie aktywnej roli w opracowywaniu i wdra\u017caniu koncepcji projektu GLT.&nbsp;Partnerzy mog\u0105 zatem aktywnie uczestniczy\u0107 w rozwoju program\u00f3w GLT;&nbsp;na spotkania GLT zapraszani s\u0105 przedstawiciele firm partnerskich oraz ich go\u015bcie..\u201d<\/em>&nbsp;Odk\u0105d&nbsp;&nbsp;<strong>Global Leaders of Tomorrow<\/strong>&nbsp;przekszta\u0142ci\u0142o si\u0119 w&nbsp;&nbsp;<strong>Young Global Leaders<\/strong>&nbsp;&nbsp;2004, partnerzy tacy jak&nbsp;<strong>Fundacja Billa i Melindy Gates\u00f3w<\/strong>&nbsp;,&nbsp;<strong>Google<\/strong>i&nbsp;<strong>JPMorganChase<\/strong>&nbsp;&nbsp;(wraz z absolwentami programu) r\u00f3wnie\u017c uczestniczyli jako sponsorzy.<\/p>\n\n\n\n<p>Ostateczn\u0105 konsekwencj\u0105 zar\u00f3wno partnerstwa publiczno-prywatnego, jak i tych obszar\u00f3w docelowych jest stworzenie w du\u017cej mierze&nbsp;<strong>tyra\u0144skiej umowy spo\u0142ecznej<\/strong>&nbsp;, w ramach kt\u00f3rej jednostka zosta\u0142a podporz\u0105dkowana tym pot\u0119\u017cnym interesom.&nbsp;Szlachetne cele tworzenia lepszego \u015bwiata r\u00f3wnie\u017c zosta\u0142y porwane.&nbsp;Jest to szczeg\u00f3lnie widoczne w kontek\u015bcie partnerstwa pomi\u0119dzy WEF i ONZ oraz realizacji globalnych cel\u00f3w (Agenda 2030) poprzez zastosowanie technologii czwartej rewolucji przemys\u0142owej.<\/p>\n\n\n\n<p><strong>Oznacza to, \u017ce demokratyczne zasady i podzia\u0142 w\u0142adzy XX wieku zosta\u0142y w du\u017cej mierze ca\u0142kowicie podwa\u017cone i zamiast tego zast\u0105pione przez now\u0105 globaln\u0105 klas\u0119, kt\u00f3ra kszta\u0142tuje nasz\u0105 wsp\u00f3ln\u0105 przysz\u0142o\u015b\u0107 w oparciu o w\u0142asne interesy.<\/strong><\/p>\n\n\n\n<p>Doprowadzi\u0142o to&nbsp;<strong>de facto do prywatyzacji zar\u00f3wno rz\u0105d\u00f3w krajowych, jak i organizacji mi\u0119dzynarodowych,<\/strong>&nbsp;gdzie lobby\u015bci nie s\u0105 ju\u017c trzymani w lobby, ale przenie\u015bli si\u0119 do siedziby w\u0142adzy, kszta\u0142tuj\u0105c polityk\u0119 maj\u0105c\u0105 bezpo\u015bredni wp\u0142yw na nasze \u017cycie.&nbsp;Co to oznacza, sta\u0142o si\u0119 szczeg\u00f3lnie widoczne od czasu og\u0142oszenia pandemii w marcu 2020 r. Ponadto wiod\u0105ce mi\u0119dzynarodowe korporacje zarz\u0105dzaj\u0105ce inwestycjami, takie jak&nbsp;<strong>BlackRock<\/strong>&nbsp;, kierowane przez cz\u0142onka \u015awiatowego Forum Ekonomicznego,&nbsp;<strong>Larry&#8217;ego Finka<\/strong>&nbsp;, nieustannie rozwijaj\u0105 swoje pozycje.<\/p>\n\n\n\n<p>Niemiecki ekonomista i dziennikarz&nbsp;<strong>Ernst Wolff<\/strong>&nbsp;uwa\u017ca, \u017ce \u200b\u200bwielu krajowych lider\u00f3w obj\u0119tych programem Young Global Leader zosta\u0142o wybranych ze wzgl\u0119du na&nbsp;<strong>ich gotowo\u015b\u0107 do przeprowadzenia trudnego programu blokad w ostatnich latach bez zadawania jakichkolwiek pyta\u0144<\/strong>&nbsp;, a ich zbli\u017caj\u0105ca si\u0119 pora\u017cka (o czym \u015bwiadczy przez rosn\u0105ce niezadowolenie mas) zostan\u0105 wykorzystane jako pretekst do stworzenia nowej formy Globalnego Rz\u0105du, w kt\u00f3rym stare pa\u0144stwa narodowe stan\u0105 si\u0119 w du\u017cej mierze przestarza\u0142e.<\/p>\n\n\n\n<p><strong>Nast\u0119pnie mo\u017cna stopniowo wprowadza\u0107 now\u0105 globaln\u0105 walut\u0119 cyfrow\u0105 z uniwersalnym dochodem podstawowym (UBI), aby zast\u0105pi\u0107 nasz skazany na pora\u017ck\u0119 system monetarny.&nbsp;<\/strong>[3] Ten wniosek cz\u0119\u015bciowo pokrywa si\u0119 z moim w\u0142asnym.<\/p>\n\n\n\n<p>Potwierdzaj\u0105 to r\u00f3wnie\u017c scenariusze&nbsp;<strong>Paula Raskina<\/strong>&nbsp;z&nbsp;<strong>The Great Transition Initiative,<\/strong>&nbsp;dotycz\u0105ce tego, jak ustanowiony zostaje totalitarny \u201eNowy Porz\u0105dek Ziemi\u201d, kt\u00f3ry na d\u0142u\u017csz\u0105 met\u0119 ma zosta\u0107 zast\u0105piony przez globalny rz\u0105d demokratyczny (Federacja Ziemi) ze \u015awiatow\u0105 Konstytucj\u0105.[4 ]<\/p>\n\n\n\n<blockquote class=\"wp-block-quote is-layout-flow wp-block-quote-is-layout-flow\">\n<p>Pandemia COVID-19 uwydatni\u0142a katastrofaln\u0105 pora\u017ck\u0119 podej\u015bcia \u201eka\u017cdy kraj dla siebie\u201d do zdrowia publicznego, a krajowe interesy gospodarcze, a nie potrzeby globalne, nadal dominuj\u0105 w dyskusjach na temat polityki klimatycznej, toruj\u0105c drog\u0119 do chaosu klimatycznego.<\/p>\n\n\n\n<p>Pod tr\u00f3jizbowym Parlamentem \u015awiatowym dzia\u0142aj\u0105 cztery g\u0142\u00f3wne agencje rz\u0105du Federacji Ziemi: system \u015awiatowego S\u0105du Najwy\u017cszego, \u015awiatowy Zarz\u0105d, \u015awiatowy System Egzekwowania i \u015awiatowy Rzecznik Praw Obywatelskich.[5]Glen T. Martin, Wielka przemiana wymaga Konstytucji Ziemi<\/p>\n<\/blockquote>\n\n\n\n<p>Wizja jest taka, \u017ce \u200b\u200bpokojowy i harmonijny \u015bwiat w r\u00f3wnowadze jest tworzony poprzez ustanowienie \u015awiatowej Federacji ze \u015awiatowym Parlamentem, \u015awiatowym Rz\u0105dem i \u015awiatowym S\u0105dem.&nbsp;S\u0105 to idee, kt\u00f3re od dawna kr\u0105\u017c\u0105 w&nbsp;<strong>&nbsp;Klubie Rzymskim<\/strong>&nbsp;i blisko z nim powi\u0105zanych kr\u0119gach New Age.<\/p>\n\n\n\n<p>Pytanie brzmi, w jaki spos\u00f3b taki nowy globalny system w\u0142adzy mia\u0142by unikn\u0105\u0107 losu porwania przez te same interesy, kt\u00f3re stworzy\u0142y nasz obecny skorumpowany i upadaj\u0105cy system?<\/p>\n\n\n\n<p>To z my\u015bl\u0105 o tych, kt\u00f3rzy wspieraj\u0105 projekty takie jak&nbsp;<strong>The Great Transition<\/strong>&nbsp;(zainicjowane kapita\u0142em pocz\u0105tkowym od Stevena Rockefellera).&nbsp;To, co si\u0119 dzieje, jest raczej metod\u0105 doprowadzenia nas do ich ostatecznego rozwi\u0105zania w postaci globalnego technokratycznego systemu kontroli.<\/p>\n\n\n\n<p>Jest jednak ma\u0142o prawdopodobne, aby ten plan si\u0119 powi\u00f3d\u0142.&nbsp;\u015awiadomo\u015b\u0107 rozprzestrzenia si\u0119 lotem b\u0142yskawicy, a panika w\u015br\u00f3d elit wzrasta, gdy ich narracja si\u0119 rozpada, a ludzie staj\u0105 si\u0119 coraz bardziej odporni na propagand\u0119.&nbsp;St\u0105d wszyscy inkwizytorzy i \u201eweryfikatorzy fakt\u00f3w\u201d, kt\u00f3rzy pilnie pilnuj\u0105 narracji i pomagaj\u0105 kierowa\u0107 opini\u0105 publiczn\u0105 we \u201ew\u0142a\u015bciwym\u201d kierunku.&nbsp;Z pewno\u015bci\u0105 mo\u017cna im zaufa\u0107, poniewa\u017c na przyk\u0142ad&nbsp;&nbsp;<strong>David Roy Thomson<\/strong>&nbsp;, prezes&nbsp;<strong>Thomson Reuters Corporation<\/strong>&nbsp;, jest absolwentem&nbsp;&nbsp;<strong>Global Leaders of Tomorrow<\/strong>&nbsp;, rocznik 1993.<\/p>\n\n\n\n<h2 class=\"wp-block-heading\"><strong>Nadszed\u0142 czas, aby przej\u0105\u0107 kontrol\u0119 nad w\u0142asnym losem i unikn\u0105\u0107 wpadni\u0119cia w nowe pu\u0142apki.<\/strong><\/h2>\n\n\n\n<p>Link \u017ar\u00f3d\u0142owy https:\/\/www.globalresearch.ca\/world-economic-forum-young-global-leaders-revealed\/5769766<\/p>\n","protected":false},"excerpt":{"rendered":"<p>Ujawniono \u201eM\u0142odych \u015bwiatowych lider\u00f3w\u201d \u015awiatowego Forum Ekonomicznego Autor, Jacob Nordang\u00e5rd Poprzez sw\u00f3j&nbsp;program&nbsp;Young Global Leaders&nbsp;\u015awiatowe Forum Ekonomiczne odegra\u0142o kluczow\u0105 rol\u0119 w kszta\u0142towaniu porz\u0105dku \u015bwiatowego, kt\u00f3ry podwa\u017ca wszelkie zasady demokracji.&nbsp;Przez kilka dziesi\u0119cioleci program ten kszta\u0142ci\u0142 zgodnych lider\u00f3w dzia\u0142aj\u0105cych jako agenci WEF w&#8230; <\/p>\n","protected":false},"author":2,"featured_media":2076,"comment_status":"open","ping_status":"open","sticky":false,"template":"","format":"standard","meta":{"_acf_changed":false,"_bbp_topic_count":0,"_bbp_reply_count":0,"_bbp_total_topic_count":0,"_bbp_total_reply_count":0,"_bbp_voice_count":0,"_bbp_anonymous_reply_count":0,"_bbp_topic_count_hidden":0,"_bbp_reply_count_hidden":0,"_bbp_forum_subforum_count":0,"om_disable_all_campaigns":false,"_monsterinsights_skip_tracking":false,"footnotes":""},"categories":[93],"tags":[],"class_list":["post-2074","post","type-post","status-publish","format-standard","has-post-thumbnail","hentry","category-artykuly"],"acf":[],"aioseo_notices":[],"aioseo_head":"\n\t\t<!-- All in One SEO 5.0.1.1 - aioseo.com -->\n\t<meta name=\"description\" content=\"Ujawniono \u201eM\u0142odych \u015bwiatowych lider\u00f3w\u201d \u015awiatowego Forum Ekonomicznego Autor, Jacob Nordang\u00e5rd Poprzez sw\u00f3j program Young Global Leaders \u015awiatowe Forum Ekonomiczne odegra\u0142o kluczow\u0105 rol\u0119 w kszta\u0142towaniu porz\u0105dku \u015bwiatowego, kt\u00f3ry podwa\u017ca wszelkie zasady demokracji. Przez kilka dziesi\u0119cioleci program ten kszta\u0142ci\u0142 zgodnych lider\u00f3w dzia\u0142aj\u0105cych jako agenci WEF w rz\u0105dach na ca\u0142ym \u015bwiecie. Konsekwencje s\u0105 dalekosi\u0119\u017cne i mog\u0105 okaza\u0107 si\u0119 katastrofalne dla ludzko\u015bci. Musz\u0119 powiedzie\u0107,\" \/>\n\t<meta name=\"robots\" content=\"max-image-preview:large\" \/>\n\t<meta name=\"author\" content=\"trinity\"\/>\n\t<link rel=\"canonical\" href=\"https:\/\/wia.net.pl\/index.php\/2023\/06\/13\/mlodzi-swiatowi-liderzy-wef-nazwiska\/\" \/>\n\t<meta name=\"generator\" content=\"All in One SEO (AIOSEO) 5.0.1.1\" \/>\n\t\t<meta property=\"og:locale\" content=\"pl_PL\" \/>\n\t\t<meta property=\"og:site_name\" content=\"Wolno\u015b\u0107 i Anarchia - Ka\u017cdy wewn\u0119trznie jest anarchist\u0105.\" \/>\n\t\t<meta property=\"og:type\" content=\"article\" \/>\n\t\t<meta property=\"og:title\" content=\"\u201eM\u0142odzi \u015bwiatowi liderzy\u201d WEF \u2013 Nazwiska - Wolno\u015b\u0107 i Anarchia\" \/>\n\t\t<meta property=\"og:description\" content=\"Ujawniono \u201eM\u0142odych \u015bwiatowych lider\u00f3w\u201d \u015awiatowego Forum Ekonomicznego Autor, Jacob Nordang\u00e5rd Poprzez sw\u00f3j program Young Global Leaders \u015awiatowe Forum Ekonomiczne odegra\u0142o kluczow\u0105 rol\u0119 w kszta\u0142towaniu porz\u0105dku \u015bwiatowego, kt\u00f3ry podwa\u017ca wszelkie zasady demokracji. Przez kilka dziesi\u0119cioleci program ten kszta\u0142ci\u0142 zgodnych lider\u00f3w dzia\u0142aj\u0105cych jako agenci WEF w rz\u0105dach na ca\u0142ym \u015bwiecie. Konsekwencje s\u0105 dalekosi\u0119\u017cne i mog\u0105 okaza\u0107 si\u0119 katastrofalne dla ludzko\u015bci. Musz\u0119 powiedzie\u0107,\" \/>\n\t\t<meta property=\"og:url\" content=\"https:\/\/wia.net.pl\/index.php\/2023\/06\/13\/mlodzi-swiatowi-liderzy-wef-nazwiska\/\" \/>\n\t\t<meta property=\"og:image\" content=\"https:\/\/wia.net.pl\/wp-content\/uploads\/2023\/11\/cropped-freedom-i73367.jpg\" \/>\n\t\t<meta property=\"og:image:secure_url\" content=\"https:\/\/wia.net.pl\/wp-content\/uploads\/2023\/11\/cropped-freedom-i73367.jpg\" \/>\n\t\t<meta property=\"article:published_time\" content=\"2023-06-13T15:55:09+00:00\" \/>\n\t\t<meta property=\"article:modified_time\" content=\"2023-06-13T15:55:10+00:00\" \/>\n\t\t<meta name=\"twitter:card\" content=\"summary_large_image\" \/>\n\t\t<meta name=\"twitter:title\" content=\"\u201eM\u0142odzi \u015bwiatowi liderzy\u201d WEF \u2013 Nazwiska - Wolno\u015b\u0107 i Anarchia\" \/>\n\t\t<meta name=\"twitter:description\" content=\"Ujawniono \u201eM\u0142odych \u015bwiatowych lider\u00f3w\u201d \u015awiatowego Forum Ekonomicznego Autor, Jacob Nordang\u00e5rd Poprzez sw\u00f3j program Young Global Leaders \u015awiatowe Forum Ekonomiczne odegra\u0142o kluczow\u0105 rol\u0119 w kszta\u0142towaniu porz\u0105dku \u015bwiatowego, kt\u00f3ry podwa\u017ca wszelkie zasady demokracji. Przez kilka dziesi\u0119cioleci program ten kszta\u0142ci\u0142 zgodnych lider\u00f3w dzia\u0142aj\u0105cych jako agenci WEF w rz\u0105dach na ca\u0142ym \u015bwiecie. Konsekwencje s\u0105 dalekosi\u0119\u017cne i mog\u0105 okaza\u0107 si\u0119 katastrofalne dla ludzko\u015bci. Musz\u0119 powiedzie\u0107,\" \/>\n\t\t<meta name=\"twitter:image\" content=\"https:\/\/wia.net.pl\/wp-content\/uploads\/2023\/11\/cropped-freedom-i73367.jpg\" \/>\n\t\t<script type=\"application\/ld+json\" class=\"aioseo-schema\">\n\t\t\t{\"@context\":\"https:\\\/\\\/schema.org\",\"@graph\":[{\"@type\":\"BlogPosting\",\"@id\":\"https:\\\/\\\/wia.net.pl\\\/index.php\\\/2023\\\/06\\\/13\\\/mlodzi-swiatowi-liderzy-wef-nazwiska\\\/#blogposting\",\"name\":\"\\u201eM\\u0142odzi \\u015bwiatowi liderzy\\u201d WEF \\u2013 Nazwiska - Wolno\\u015b\\u0107 i Anarchia\",\"headline\":\"\\u201eM\\u0142odzi \\u015bwiatowi liderzy\\u201d WEF &#8211; Nazwiska\",\"author\":{\"@id\":\"https:\\\/\\\/wia.net.pl\\\/index.php\\\/author\\\/trinity\\\/#author\"},\"publisher\":{\"@id\":\"https:\\\/\\\/wia.net.pl\\\/#person\"},\"image\":{\"@type\":\"ImageObject\",\"url\":\"https:\\\/\\\/wia.net.pl\\\/wp-content\\\/uploads\\\/2023\\\/06\\\/inf.jpg\",\"width\":1920,\"height\":1080},\"datePublished\":\"2023-06-13T17:55:09+02:00\",\"dateModified\":\"2023-06-13T17:55:10+02:00\",\"inLanguage\":\"pl-PL\",\"mainEntityOfPage\":{\"@id\":\"https:\\\/\\\/wia.net.pl\\\/index.php\\\/2023\\\/06\\\/13\\\/mlodzi-swiatowi-liderzy-wef-nazwiska\\\/#webpage\"},\"isPartOf\":{\"@id\":\"https:\\\/\\\/wia.net.pl\\\/index.php\\\/2023\\\/06\\\/13\\\/mlodzi-swiatowi-liderzy-wef-nazwiska\\\/#webpage\"},\"articleSection\":\"Artyku\\u0142y\"},{\"@type\":\"BreadcrumbList\",\"@id\":\"https:\\\/\\\/wia.net.pl\\\/index.php\\\/2023\\\/06\\\/13\\\/mlodzi-swiatowi-liderzy-wef-nazwiska\\\/#breadcrumblist\",\"itemListElement\":[{\"@type\":\"ListItem\",\"@id\":\"https:\\\/\\\/wia.net.pl#listItem\",\"position\":1,\"name\":\"Home\",\"item\":\"https:\\\/\\\/wia.net.pl\",\"nextItem\":{\"@type\":\"ListItem\",\"@id\":\"https:\\\/\\\/wia.net.pl\\\/index.php\\\/category\\\/artykuly\\\/#listItem\",\"name\":\"Artyku\\u0142y\"}},{\"@type\":\"ListItem\",\"@id\":\"https:\\\/\\\/wia.net.pl\\\/index.php\\\/category\\\/artykuly\\\/#listItem\",\"position\":2,\"name\":\"Artyku\\u0142y\",\"item\":\"https:\\\/\\\/wia.net.pl\\\/index.php\\\/category\\\/artykuly\\\/\",\"nextItem\":{\"@type\":\"ListItem\",\"@id\":\"https:\\\/\\\/wia.net.pl\\\/index.php\\\/2023\\\/06\\\/13\\\/mlodzi-swiatowi-liderzy-wef-nazwiska\\\/#listItem\",\"name\":\"\\u201eM\\u0142odzi \\u015bwiatowi liderzy\\u201d WEF &#8211; Nazwiska\"},\"previousItem\":{\"@type\":\"ListItem\",\"@id\":\"https:\\\/\\\/wia.net.pl#listItem\",\"name\":\"Home\"}},{\"@type\":\"ListItem\",\"@id\":\"https:\\\/\\\/wia.net.pl\\\/index.php\\\/2023\\\/06\\\/13\\\/mlodzi-swiatowi-liderzy-wef-nazwiska\\\/#listItem\",\"position\":3,\"name\":\"\\u201eM\\u0142odzi \\u015bwiatowi liderzy\\u201d WEF &#8211; Nazwiska\",\"previousItem\":{\"@type\":\"ListItem\",\"@id\":\"https:\\\/\\\/wia.net.pl\\\/index.php\\\/category\\\/artykuly\\\/#listItem\",\"name\":\"Artyku\\u0142y\"}}]},{\"@type\":\"Person\",\"@id\":\"https:\\\/\\\/wia.net.pl\\\/#person\",\"name\":\"Bart\\u0142omiej Talarczyk\",\"image\":{\"@type\":\"ImageObject\",\"@id\":\"https:\\\/\\\/wia.net.pl\\\/index.php\\\/2023\\\/06\\\/13\\\/mlodzi-swiatowi-liderzy-wef-nazwiska\\\/#personImage\",\"url\":\"https:\\\/\\\/wia.net.pl\\\/wp-content\\\/uploads\\\/avatar-privacy\\\/cache\\\/user\\\/1\\\/7\\\/176a6b161c58363ff49b5c167264231f519f5c7fa183ca1f61e891769b6b56d5-96.jpg\",\"width\":96,\"height\":96,\"caption\":\"Bart\\u0142omiej Talarczyk\"}},{\"@type\":\"Person\",\"@id\":\"https:\\\/\\\/wia.net.pl\\\/index.php\\\/author\\\/trinity\\\/#author\",\"url\":\"https:\\\/\\\/wia.net.pl\\\/index.php\\\/author\\\/trinity\\\/\",\"name\":\"trinity\",\"image\":{\"@type\":\"ImageObject\",\"@id\":\"https:\\\/\\\/wia.net.pl\\\/index.php\\\/2023\\\/06\\\/13\\\/mlodzi-swiatowi-liderzy-wef-nazwiska\\\/#authorImage\",\"url\":\"https:\\\/\\\/wia.net.pl\\\/wp-content\\\/uploads\\\/avatar-privacy\\\/cache\\\/user\\\/5\\\/f\\\/5f6547cf82495eaa10e100a6a45d5dbde2dfdc1be88557de2018fca705bdf6f1-96.jpg\",\"width\":96,\"height\":96,\"caption\":\"trinity\"}},{\"@type\":\"WebPage\",\"@id\":\"https:\\\/\\\/wia.net.pl\\\/index.php\\\/2023\\\/06\\\/13\\\/mlodzi-swiatowi-liderzy-wef-nazwiska\\\/#webpage\",\"url\":\"https:\\\/\\\/wia.net.pl\\\/index.php\\\/2023\\\/06\\\/13\\\/mlodzi-swiatowi-liderzy-wef-nazwiska\\\/\",\"name\":\"\\u201eM\\u0142odzi \\u015bwiatowi liderzy\\u201d WEF \\u2013 Nazwiska - Wolno\\u015b\\u0107 i Anarchia\",\"description\":\"Ujawniono \\u201eM\\u0142odych \\u015bwiatowych lider\\u00f3w\\u201d \\u015awiatowego Forum Ekonomicznego Autor, Jacob Nordang\\u00e5rd Poprzez sw\\u00f3j program Young Global Leaders \\u015awiatowe Forum Ekonomiczne odegra\\u0142o kluczow\\u0105 rol\\u0119 w kszta\\u0142towaniu porz\\u0105dku \\u015bwiatowego, kt\\u00f3ry podwa\\u017ca wszelkie zasady demokracji. Przez kilka dziesi\\u0119cioleci program ten kszta\\u0142ci\\u0142 zgodnych lider\\u00f3w dzia\\u0142aj\\u0105cych jako agenci WEF w rz\\u0105dach na ca\\u0142ym \\u015bwiecie. Konsekwencje s\\u0105 dalekosi\\u0119\\u017cne i mog\\u0105 okaza\\u0107 si\\u0119 katastrofalne dla ludzko\\u015bci. Musz\\u0119 powiedzie\\u0107,\",\"inLanguage\":\"pl-PL\",\"isPartOf\":{\"@id\":\"https:\\\/\\\/wia.net.pl\\\/#website\"},\"breadcrumb\":{\"@id\":\"https:\\\/\\\/wia.net.pl\\\/index.php\\\/2023\\\/06\\\/13\\\/mlodzi-swiatowi-liderzy-wef-nazwiska\\\/#breadcrumblist\"},\"author\":{\"@id\":\"https:\\\/\\\/wia.net.pl\\\/index.php\\\/author\\\/trinity\\\/#author\"},\"creator\":{\"@id\":\"https:\\\/\\\/wia.net.pl\\\/index.php\\\/author\\\/trinity\\\/#author\"},\"image\":{\"@type\":\"ImageObject\",\"url\":\"https:\\\/\\\/wia.net.pl\\\/wp-content\\\/uploads\\\/2023\\\/06\\\/inf.jpg\",\"@id\":\"https:\\\/\\\/wia.net.pl\\\/index.php\\\/2023\\\/06\\\/13\\\/mlodzi-swiatowi-liderzy-wef-nazwiska\\\/#mainImage\",\"width\":1920,\"height\":1080},\"primaryImageOfPage\":{\"@id\":\"https:\\\/\\\/wia.net.pl\\\/index.php\\\/2023\\\/06\\\/13\\\/mlodzi-swiatowi-liderzy-wef-nazwiska\\\/#mainImage\"},\"datePublished\":\"2023-06-13T17:55:09+02:00\",\"dateModified\":\"2023-06-13T17:55:10+02:00\"},{\"@type\":\"WebSite\",\"@id\":\"https:\\\/\\\/wia.net.pl\\\/#website\",\"url\":\"https:\\\/\\\/wia.net.pl\\\/\",\"name\":\"Wolno\\u015b\\u0107 i Anarchia\",\"description\":\"Ka\\u017cdy wewn\\u0119trznie jest anarchist\\u0105.\",\"inLanguage\":\"pl-PL\",\"publisher\":{\"@id\":\"https:\\\/\\\/wia.net.pl\\\/#person\"}}]}\n\t\t<\/script>\n\t\t<!-- All in One SEO -->\n\n","aioseo_head_json":{"title":"\u201eM\u0142odzi \u015bwiatowi liderzy\u201d WEF \u2013 Nazwiska - Wolno\u015b\u0107 i Anarchia","description":"Ujawniono \u201eM\u0142odych \u015bwiatowych lider\u00f3w\u201d \u015awiatowego Forum Ekonomicznego Autor, Jacob Nordang\u00e5rd Poprzez sw\u00f3j program Young Global Leaders \u015awiatowe Forum Ekonomiczne odegra\u0142o kluczow\u0105 rol\u0119 w kszta\u0142towaniu porz\u0105dku \u015bwiatowego, kt\u00f3ry podwa\u017ca wszelkie zasady demokracji. Przez kilka dziesi\u0119cioleci program ten kszta\u0142ci\u0142 zgodnych lider\u00f3w dzia\u0142aj\u0105cych jako agenci WEF w rz\u0105dach na ca\u0142ym \u015bwiecie. Konsekwencje s\u0105 dalekosi\u0119\u017cne i mog\u0105 okaza\u0107 si\u0119 katastrofalne dla ludzko\u015bci. Musz\u0119 powiedzie\u0107,","canonical_url":"https:\/\/wia.net.pl\/index.php\/2023\/06\/13\/mlodzi-swiatowi-liderzy-wef-nazwiska\/","robots":"max-image-preview:large","keywords":"","webmasterTools":{"miscellaneous":""},"schema":{"@context":"https:\/\/schema.org","@graph":[{"@type":"BlogPosting","@id":"https:\/\/wia.net.pl\/index.php\/2023\/06\/13\/mlodzi-swiatowi-liderzy-wef-nazwiska\/#blogposting","name":"\u201eM\u0142odzi \u015bwiatowi liderzy\u201d WEF \u2013 Nazwiska - Wolno\u015b\u0107 i Anarchia","headline":"\u201eM\u0142odzi \u015bwiatowi liderzy\u201d WEF &#8211; Nazwiska","author":{"@id":"https:\/\/wia.net.pl\/index.php\/author\/trinity\/#author"},"publisher":{"@id":"https:\/\/wia.net.pl\/#person"},"image":{"@type":"ImageObject","url":"https:\/\/wia.net.pl\/wp-content\/uploads\/2023\/06\/inf.jpg","width":1920,"height":1080},"datePublished":"2023-06-13T17:55:09+02:00","dateModified":"2023-06-13T17:55:10+02:00","inLanguage":"pl-PL","mainEntityOfPage":{"@id":"https:\/\/wia.net.pl\/index.php\/2023\/06\/13\/mlodzi-swiatowi-liderzy-wef-nazwiska\/#webpage"},"isPartOf":{"@id":"https:\/\/wia.net.pl\/index.php\/2023\/06\/13\/mlodzi-swiatowi-liderzy-wef-nazwiska\/#webpage"},"articleSection":"Artyku\u0142y"},{"@type":"BreadcrumbList","@id":"https:\/\/wia.net.pl\/index.php\/2023\/06\/13\/mlodzi-swiatowi-liderzy-wef-nazwiska\/#breadcrumblist","itemListElement":[{"@type":"ListItem","@id":"https:\/\/wia.net.pl#listItem","position":1,"name":"Home","item":"https:\/\/wia.net.pl","nextItem":{"@type":"ListItem","@id":"https:\/\/wia.net.pl\/index.php\/category\/artykuly\/#listItem","name":"Artyku\u0142y"}},{"@type":"ListItem","@id":"https:\/\/wia.net.pl\/index.php\/category\/artykuly\/#listItem","position":2,"name":"Artyku\u0142y","item":"https:\/\/wia.net.pl\/index.php\/category\/artykuly\/","nextItem":{"@type":"ListItem","@id":"https:\/\/wia.net.pl\/index.php\/2023\/06\/13\/mlodzi-swiatowi-liderzy-wef-nazwiska\/#listItem","name":"\u201eM\u0142odzi \u015bwiatowi liderzy\u201d WEF &#8211; Nazwiska"},"previousItem":{"@type":"ListItem","@id":"https:\/\/wia.net.pl#listItem","name":"Home"}},{"@type":"ListItem","@id":"https:\/\/wia.net.pl\/index.php\/2023\/06\/13\/mlodzi-swiatowi-liderzy-wef-nazwiska\/#listItem","position":3,"name":"\u201eM\u0142odzi \u015bwiatowi liderzy\u201d WEF &#8211; Nazwiska","previousItem":{"@type":"ListItem","@id":"https:\/\/wia.net.pl\/index.php\/category\/artykuly\/#listItem","name":"Artyku\u0142y"}}]},{"@type":"Person","@id":"https:\/\/wia.net.pl\/#person","name":"Bart\u0142omiej Talarczyk","image":{"@type":"ImageObject","@id":"https:\/\/wia.net.pl\/index.php\/2023\/06\/13\/mlodzi-swiatowi-liderzy-wef-nazwiska\/#personImage","url":"https:\/\/wia.net.pl\/wp-content\/uploads\/avatar-privacy\/cache\/user\/1\/7\/176a6b161c58363ff49b5c167264231f519f5c7fa183ca1f61e891769b6b56d5-96.jpg","width":96,"height":96,"caption":"Bart\u0142omiej Talarczyk"}},{"@type":"Person","@id":"https:\/\/wia.net.pl\/index.php\/author\/trinity\/#author","url":"https:\/\/wia.net.pl\/index.php\/author\/trinity\/","name":"trinity","image":{"@type":"ImageObject","@id":"https:\/\/wia.net.pl\/index.php\/2023\/06\/13\/mlodzi-swiatowi-liderzy-wef-nazwiska\/#authorImage","url":"https:\/\/wia.net.pl\/wp-content\/uploads\/avatar-privacy\/cache\/user\/5\/f\/5f6547cf82495eaa10e100a6a45d5dbde2dfdc1be88557de2018fca705bdf6f1-96.jpg","width":96,"height":96,"caption":"trinity"}},{"@type":"WebPage","@id":"https:\/\/wia.net.pl\/index.php\/2023\/06\/13\/mlodzi-swiatowi-liderzy-wef-nazwiska\/#webpage","url":"https:\/\/wia.net.pl\/index.php\/2023\/06\/13\/mlodzi-swiatowi-liderzy-wef-nazwiska\/","name":"\u201eM\u0142odzi \u015bwiatowi liderzy\u201d WEF \u2013 Nazwiska - Wolno\u015b\u0107 i Anarchia","description":"Ujawniono \u201eM\u0142odych \u015bwiatowych lider\u00f3w\u201d \u015awiatowego Forum Ekonomicznego Autor, Jacob Nordang\u00e5rd Poprzez sw\u00f3j program Young Global Leaders \u015awiatowe Forum Ekonomiczne odegra\u0142o kluczow\u0105 rol\u0119 w kszta\u0142towaniu porz\u0105dku \u015bwiatowego, kt\u00f3ry podwa\u017ca wszelkie zasady demokracji. Przez kilka dziesi\u0119cioleci program ten kszta\u0142ci\u0142 zgodnych lider\u00f3w dzia\u0142aj\u0105cych jako agenci WEF w rz\u0105dach na ca\u0142ym \u015bwiecie. Konsekwencje s\u0105 dalekosi\u0119\u017cne i mog\u0105 okaza\u0107 si\u0119 katastrofalne dla ludzko\u015bci. Musz\u0119 powiedzie\u0107,","inLanguage":"pl-PL","isPartOf":{"@id":"https:\/\/wia.net.pl\/#website"},"breadcrumb":{"@id":"https:\/\/wia.net.pl\/index.php\/2023\/06\/13\/mlodzi-swiatowi-liderzy-wef-nazwiska\/#breadcrumblist"},"author":{"@id":"https:\/\/wia.net.pl\/index.php\/author\/trinity\/#author"},"creator":{"@id":"https:\/\/wia.net.pl\/index.php\/author\/trinity\/#author"},"image":{"@type":"ImageObject","url":"https:\/\/wia.net.pl\/wp-content\/uploads\/2023\/06\/inf.jpg","@id":"https:\/\/wia.net.pl\/index.php\/2023\/06\/13\/mlodzi-swiatowi-liderzy-wef-nazwiska\/#mainImage","width":1920,"height":1080},"primaryImageOfPage":{"@id":"https:\/\/wia.net.pl\/index.php\/2023\/06\/13\/mlodzi-swiatowi-liderzy-wef-nazwiska\/#mainImage"},"datePublished":"2023-06-13T17:55:09+02:00","dateModified":"2023-06-13T17:55:10+02:00"},{"@type":"WebSite","@id":"https:\/\/wia.net.pl\/#website","url":"https:\/\/wia.net.pl\/","name":"Wolno\u015b\u0107 i Anarchia","description":"Ka\u017cdy wewn\u0119trznie jest anarchist\u0105.","inLanguage":"pl-PL","publisher":{"@id":"https:\/\/wia.net.pl\/#person"}}]},"og:locale":"pl_PL","og:site_name":"Wolno\u015b\u0107 i Anarchia - Ka\u017cdy wewn\u0119trznie jest anarchist\u0105.","og:type":"article","og:title":"\u201eM\u0142odzi \u015bwiatowi liderzy\u201d WEF \u2013 Nazwiska - Wolno\u015b\u0107 i Anarchia","og:description":"Ujawniono \u201eM\u0142odych \u015bwiatowych lider\u00f3w\u201d \u015awiatowego Forum Ekonomicznego Autor, Jacob Nordang\u00e5rd Poprzez sw\u00f3j program Young Global Leaders \u015awiatowe Forum Ekonomiczne odegra\u0142o kluczow\u0105 rol\u0119 w kszta\u0142towaniu porz\u0105dku \u015bwiatowego, kt\u00f3ry podwa\u017ca wszelkie zasady demokracji. Przez kilka dziesi\u0119cioleci program ten kszta\u0142ci\u0142 zgodnych lider\u00f3w dzia\u0142aj\u0105cych jako agenci WEF w rz\u0105dach na ca\u0142ym \u015bwiecie. Konsekwencje s\u0105 dalekosi\u0119\u017cne i mog\u0105 okaza\u0107 si\u0119 katastrofalne dla ludzko\u015bci. Musz\u0119 powiedzie\u0107,","og:url":"https:\/\/wia.net.pl\/index.php\/2023\/06\/13\/mlodzi-swiatowi-liderzy-wef-nazwiska\/","og:image":"https:\/\/wia.net.pl\/wp-content\/uploads\/2023\/11\/cropped-freedom-i73367.jpg","og:image:secure_url":"https:\/\/wia.net.pl\/wp-content\/uploads\/2023\/11\/cropped-freedom-i73367.jpg","article:published_time":"2023-06-13T15:55:09+00:00","article:modified_time":"2023-06-13T15:55:10+00:00","twitter:card":"summary_large_image","twitter:title":"\u201eM\u0142odzi \u015bwiatowi liderzy\u201d WEF \u2013 Nazwiska - Wolno\u015b\u0107 i Anarchia","twitter:description":"Ujawniono \u201eM\u0142odych \u015bwiatowych lider\u00f3w\u201d \u015awiatowego Forum Ekonomicznego Autor, Jacob Nordang\u00e5rd Poprzez sw\u00f3j program Young Global Leaders \u015awiatowe Forum Ekonomiczne odegra\u0142o kluczow\u0105 rol\u0119 w kszta\u0142towaniu porz\u0105dku \u015bwiatowego, kt\u00f3ry podwa\u017ca wszelkie zasady demokracji. Przez kilka dziesi\u0119cioleci program ten kszta\u0142ci\u0142 zgodnych lider\u00f3w dzia\u0142aj\u0105cych jako agenci WEF w rz\u0105dach na ca\u0142ym \u015bwiecie. Konsekwencje s\u0105 dalekosi\u0119\u017cne i mog\u0105 okaza\u0107 si\u0119 katastrofalne dla ludzko\u015bci. Musz\u0119 powiedzie\u0107,","twitter:image":"https:\/\/wia.net.pl\/wp-content\/uploads\/2023\/11\/cropped-freedom-i73367.jpg"},"aioseo_meta_data":{"post_id":"2074","title":null,"description":null,"keywords":[],"keyphrases":{"focus":{"keyphrase":"","score":0,"analysis":{"keyphraseInTitle":{"score":0,"maxScore":9,"error":1}}},"additional":[]},"primary_term":null,"canonical_url":null,"og_title":null,"og_description":null,"og_object_type":"default","og_image_type":"default","og_image_url":null,"og_image_width":null,"og_image_height":null,"og_image_custom_url":null,"og_image_custom_fields":null,"og_video":"","og_custom_url":null,"og_article_section":null,"og_article_tags":[],"twitter_use_og":false,"twitter_card":"default","twitter_image_type":"default","twitter_image_url":null,"twitter_image_custom_url":null,"twitter_image_custom_fields":null,"twitter_title":null,"twitter_description":null,"schema":{"blockGraphs":[],"customGraphs":[],"default":{"data":{"Article":[],"Course":[],"Dataset":[],"FAQPage":[],"Movie":[],"Person":[],"Product":[],"ProductReview":[],"Car":[],"Recipe":[],"Service":[],"SoftwareApplication":[],"WebPage":[]},"graphName":"","isEnabled":true},"graphs":[]},"schema_type":"default","schema_type_options":null,"pillar_content":false,"robots_default":true,"robots_noindex":false,"robots_noarchive":false,"robots_nosnippet":false,"robots_nofollow":false,"robots_noimageindex":false,"robots_noodp":false,"robots_notranslate":false,"robots_max_snippet":"-1","robots_max_videopreview":"-1","robots_max_imagepreview":"large","priority":0,"frequency":"default","local_seo":null,"breadcrumb_settings":null,"limit_modified_date":false,"ai":null,"created":"2023-06-13 15:55:10","updated":"2025-06-04 08:04:45","seo_analyzer_scan_date":null,"focus_keyword":null,"additional_keywords":null,"truseo_locale":null},"aioseo_breadcrumb":"<div class=\"aioseo-breadcrumbs\"><span class=\"aioseo-breadcrumb\">\n\t\t\t<a href=\"https:\/\/wia.net.pl\" title=\"Home\">Home<\/a>\n\t\t<\/span><span class=\"aioseo-breadcrumb-separator\">&raquo;<\/span><span class=\"aioseo-breadcrumb\">\n\t\t\t<a href=\"https:\/\/wia.net.pl\/index.php\/category\/artykuly\/\" title=\"Artyku\u0142y\">Artyku\u0142y<\/a>\n\t\t<\/span><span class=\"aioseo-breadcrumb-separator\">&raquo;<\/span><span class=\"aioseo-breadcrumb\">\n\t\t\t\u201eM\u0142odzi \u015bwiatowi liderzy\u201d WEF \u2013 Nazwiska\n\t\t<\/span><\/div>","aioseo_breadcrumb_json":[{"label":"Home","link":"https:\/\/wia.net.pl"},{"label":"Artyku\u0142y","link":"https:\/\/wia.net.pl\/index.php\/category\/artykuly\/"},{"label":"\u201eM\u0142odzi \u015bwiatowi liderzy\u201d WEF &#8211; Nazwiska","link":"https:\/\/wia.net.pl\/index.php\/2023\/06\/13\/mlodzi-swiatowi-liderzy-wef-nazwiska\/"}],"_links":{"self":[{"href":"https:\/\/wia.net.pl\/index.php\/wp-json\/wp\/v2\/posts\/2074"}],"collection":[{"href":"https:\/\/wia.net.pl\/index.php\/wp-json\/wp\/v2\/posts"}],"about":[{"href":"https:\/\/wia.net.pl\/index.php\/wp-json\/wp\/v2\/types\/post"}],"author":[{"embeddable":true,"href":"https:\/\/wia.net.pl\/index.php\/wp-json\/wp\/v2\/users\/2"}],"replies":[{"embeddable":true,"href":"https:\/\/wia.net.pl\/index.php\/wp-json\/wp\/v2\/comments?post=2074"}],"version-history":[{"count":1,"href":"https:\/\/wia.net.pl\/index.php\/wp-json\/wp\/v2\/posts\/2074\/revisions"}],"predecessor-version":[{"id":2077,"href":"https:\/\/wia.net.pl\/index.php\/wp-json\/wp\/v2\/posts\/2074\/revisions\/2077"}],"wp:featuredmedia":[{"embeddable":true,"href":"https:\/\/wia.net.pl\/index.php\/wp-json\/wp\/v2\/media\/2076"}],"wp:attachment":[{"href":"https:\/\/wia.net.pl\/index.php\/wp-json\/wp\/v2\/media?parent=2074"}],"wp:term":[{"taxonomy":"category","embeddable":true,"href":"https:\/\/wia.net.pl\/index.php\/wp-json\/wp\/v2\/categories?post=2074"},{"taxonomy":"post_tag","embeddable":true,"href":"https:\/\/wia.net.pl\/index.php\/wp-json\/wp\/v2\/tags?post=2074"}],"curies":[{"name":"wp","href":"https:\/\/api.w.org\/{rel}","templated":true}]}}