{"id":2086,"date":"2023-06-14T10:01:13","date_gmt":"2023-06-14T08:01:13","guid":{"rendered":"https:\/\/wia.net.pl\/?p=2086"},"modified":"2023-06-14T10:01:14","modified_gmt":"2023-06-14T08:01:14","slug":"czy-usa-przenosza-swoja-stolice-do-jerozolimy","status":"publish","type":"post","link":"https:\/\/wia.net.pl\/index.php\/2023\/06\/14\/czy-usa-przenosza-swoja-stolice-do-jerozolimy\/","title":{"rendered":"Czy USA przenosz\u0105 swoj\u0105 stolic\u0119 do Jerozolimy?"},"content":{"rendered":"\n<p><em><strong>Politycy ameryka\u0144scy gromadz\u0105 si\u0119 w Izraelu, rozcz\u0142onkowuj\u0105c konstytucj\u0119 USA w szacunku dla w\u0142adzy \u017cydowskiej<\/strong><\/em><\/p>\n\n\n\n<p>Autor, <a href=\"https:\/\/www.unz.com\/author\/philip-giraldi\/\">PHILIP GIRALDI\u00a0<\/a><\/p>\n\n\n\n<figure class=\"wp-block-image size-full is-resized\"><img loading=\"lazy\" decoding=\"async\" src=\"https:\/\/wia.net.pl\/wp-content\/uploads\/2023\/06\/McCarthy-in-Israel-600x338-1.jpg\" alt=\"\" class=\"wp-image-2087\" width=\"838\" height=\"472\" srcset=\"https:\/\/wia.net.pl\/wp-content\/uploads\/2023\/06\/McCarthy-in-Israel-600x338-1.jpg 600w, https:\/\/wia.net.pl\/wp-content\/uploads\/2023\/06\/McCarthy-in-Israel-600x338-1-300x169.jpg 300w, https:\/\/wia.net.pl\/wp-content\/uploads\/2023\/06\/McCarthy-in-Israel-600x338-1-480x270.jpg 480w\" sizes=\"(max-width: 838px) 100vw, 838px\" \/><\/figure>\n\n\n\n<p id=\"p_1_1\">Wydawa\u0142oby si\u0119, \u017ce ameryka\u0144scy politycy i media uwa\u017caj\u0105, \u017ce ca\u0142y \u015bwiat powinien s\u0142usznie podporz\u0105dkowa\u0107 si\u0119 rozkazom wymarszu p\u0142yn\u0105cym z Waszyngtonu, mimo \u017ce pozory te sta\u0142y si\u0119 nieco wy\u015bwiechtane po ponad dwudziestu latach bezsensownych wojen inicjowanych i podtrzymywanych przez powa\u017cnych nie\u015bwiadomych prezydent\u00f3w i Kongres.&nbsp;Spo\u0142eczno\u015b\u0107 mi\u0119dzynarodowa coraz cz\u0119\u015bciej szuka wyj\u015bcia z ciasnego u\u015bcisku oferowanego przez Bia\u0142y Dom, rosn\u0105cego poczucia, \u017ce \u200b\u200bwielobiegunowy \u015bwiat by\u0142by znacznie lepszy ni\u017c \u201erz\u0105dy prawa\u201d dyktowane przez samozwa\u0144cze supermocarstwo.<\/p>\n\n\n\n<p id=\"p_1_2\">Ostatnio pojawi\u0142y si\u0119 oznaki, \u017ce zamiast Waszyngtonu jako centrum wszech\u015bwiata, tytu\u0142 ten powinien s\u0142usznie nale\u017ce\u0107 do Jerozolimy, poniewa\u017c kierowany przez ekstremist\u00f3w Izrael zademonstrowa\u0142 swoj\u0105 w\u0142adz\u0119 nad samozwa\u0144czymi idiotami, kt\u00f3rzy uwa\u017caj\u0105 si\u0119 za \u201eprzyw\u00f3dc\u00f3w\u201d Zjednoczonego Stany Ameryki.&nbsp;Dlaczego tak my\u015bl\u0119?&nbsp;Naprawd\u0119 wierz\u0119, \u017ce ostatnio dosz\u0142o do kilku interakcji z udzia\u0142em polityk\u00f3w ameryka\u0144skich i Izraelczyk\u00f3w, kt\u00f3re ilustruj\u0105, jak ignorancka i zaabsorbowana sob\u0105 klasa rz\u0105dz\u0105ca Ameryki jest w rzeczywisto\u015bci.&nbsp;Najbardziej ra\u017c\u0105cy przyk\u0142ad syndromu \u201emachania psem\u201d, w kt\u00f3rym Izrael m\u00f3wi \u201eskacz\u201d, a \u0142asz\u0105cy si\u0119 przedstawiciele rz\u0105du ameryka\u0144skiego b\u0142agaj\u0105 o pytanie \u201eJak wysoko?\u201d&nbsp;nie pochodzi od nikogo innego nowo mianowany przewodnicz\u0105cy Izby Reprezentant\u00f3w Kevin McCarthy, kt\u00f3ry 1 maja przemawia\u0142 przed izraelskim&nbsp;<sup>Knesetem<\/sup>.&nbsp;McCarthy schlebia\u0142 swoim izraelskim gospodarzom, podkre\u015blaj\u0105c, \u017ce podr\u00f3\u017c do Izraela by\u0142a jego pierwsz\u0105 zagraniczn\u0105 podr\u00f3\u017c\u0105 jako m\u00f3wca, podkre\u015blaj\u0105c warto\u015b\u0107 relacji i zauwa\u017caj\u0105c, \u017ce by\u0142 tak\u017ce dopiero drugim m\u00f3wc\u0105 zaproszonym do odbycia podr\u00f3\u017cy do pa\u0144stwa \u017cydowskiego zwr\u00f3ci\u0107 si\u0119 do Knesetu.<\/p>\n\n\n\n<p id=\"p_1_3\">McCarthy&#8217;emu towarzyszy\u0142a zwyk\u0142a obsada kongresowych lizus\u00f3w, kt\u00f3re gromadz\u0105 si\u0119 w Izraelu podczas ka\u017cdej przerwy.&nbsp;Grupa by\u0142a ponadpartyjna i obejmowa\u0142a odra\u017caj\u0105cego Steny&#8217;ego Hoyera z Maryland, kt\u00f3ry ponad dwadzie\u015bcia razy stworzy\u0142, a nawet przewodzi\u0142 tej \u015bwicie.&nbsp;Kierowany ambicjami McCarthy, kt\u00f3rego nigdy nie oskar\u017cano o posiadanie du\u017cej mocy umys\u0142owej, wyg\u0142osi\u0142&nbsp;<a href=\"https:\/\/www.c-span.org\/video\/?527777-1\/house-speaker-mccarthy-addresses-israeli-knesset\">przewidywalne przem\u00f3wienie<\/a>&nbsp;, kt\u00f3re wywo\u0142a\u0142o&nbsp;<em>pro forma<\/em>owacje na stoj\u0105co ze strony publiczno\u015bci, ale chcia\u0142bym zwr\u00f3ci\u0107 uwag\u0119 w szczeg\u00f3lno\u015bci na jedn\u0105 jego cz\u0119\u015b\u0107, w kt\u00f3rej powiedzia\u0142: \u201eTo jest podstawa naszych szczeg\u00f3lnych relacji: jeste\u015bmy jedynymi dwoma krajami w historii, kt\u00f3re zosta\u0142y pocz\u0119te w wolno\u015bci i po\u015bwi\u0119cone twierdzenie, \u017ce wszyscy jeste\u015bmy r\u00f3wni.&nbsp;Nasze warto\u015bci s\u0105 Twoimi warto\u015bciami.&nbsp;Nasze dziedzictwo jest waszym dziedzictwem.&nbsp;Nasze marzenia s\u0105 twoimi marzeniami.&nbsp;Ameryka jest wdzi\u0119czna za nasz\u0105 przyja\u017a\u0144 z Izraelem.&nbsp;Dzi\u0119ki temu jeste\u015bmy lepszym narodem.&nbsp;I nigdy nie wolno nam unika\u0107 jej obrony\u2026 Tak d\u0142ugo, jak b\u0119d\u0119 przemawia\u0142, Ameryka b\u0119dzie nadal w pe\u0142ni wspiera\u0107 finansowanie pomocy w zakresie bezpiecze\u0144stwa w Izraelu\u201d.<\/p>\n\n\n\n<p id=\"p_1_4\">Niemal ka\u017cda linijka w tej cz\u0119\u015bci przem\u00f3wienia McCarthy&#8217;ego jest w zasadzie albo bezczelnym k\u0142amstwem, albo przekr\u0119caniem rzeczywisto\u015bci do tego stopnia, \u017ce \u200b\u200bjest to niezrozumia\u0142e.&nbsp;Nawiasem m\u00f3wi\u0105c, McCarthy nie wspomnia\u0142 o Palestynie, ale jak Izrael mo\u017ce twierdzi\u0107, \u017ce zosta\u0142 \u201epocz\u0119ty w wolno\u015bci\u201d z \u201etwierdzeniem, \u017ce wszyscy jeste\u015bmy r\u00f3wni\u201d, kiedy by\u0142 zaanga\u017cowany w ludob\u00f3jstwo i wyp\u0119dzenie, a tak\u017ce popieran\u0105 przez rz\u0105d przemoc skierowan\u0105 przeciwko swojej chrze\u015bcija\u0144skiej i muzu\u0142ma\u0144skiej populacji poddanych?&nbsp;A je\u015bli warto\u015bci ameryka\u0144skie i izraelskie s\u0105 identyczne, to czy w USA mo\u017cemy spodziewa\u0107 si\u0119 r\u00f3\u017cnych praw opartych na religii.&nbsp;A nasze wsp\u00f3lne \u201edziedzictwo\u201d?&nbsp;Izraelscy \u017bydzi twierdz\u0105, \u017ce s\u0105 \u201ewybrani\u201d, prawda?&nbsp;I wreszcie, jakim cudem McCarthy twierdzi, \u017ce Stany Zjednoczone s\u0105 lepszym narodem z powodu ich powi\u0105za\u0144 z Izraelem?&nbsp;To \u015bmieszne i obra\u017aliwe,&nbsp;ale prowadzi to do puenty, \u017ce McCarthy sk\u0142ada niekonstytucyjne zobowi\u0105zanie do obrony Izraela, bez wzgl\u0119du na to, co zrobi premier Benjamin Netanjahu i jego banda przest\u0119pc\u00f3w, przypuszczalnie w\u0142\u0105cznie z atakiem na Iran.&nbsp;McCarthy powinien zosta\u0107 postawiony w stan oskar\u017cenia.&nbsp;Albo jeszcze lepiej, \u017ce magicznie sta\u0142 si\u0119 Palesty\u0144czykiem i sp\u0119dzi\u0142 kilka miesi\u0119cy pod izraelsk\u0105 okupacj\u0105.&nbsp;Mo\u017ce zmieni\u0107 ton.<\/p>\n\n\n\n<p id=\"p_1_5\">McCarthy kontynuowa\u0142 swoj\u0105 egzaltacj\u0119 kampanii izraelskiej po powrocie do Waszyngtonu.&nbsp;9 maja&nbsp;<sup>zablokowa\u0142<\/sup>&nbsp;starania kongresmenki Rashidy Tlaib&nbsp;<a href=\"https:\/\/nypost.com\/2023\/05\/10\/house-speaker-kevin-mccarthy-blocks-rep-rashida-tlaib-from-hosting-anti-israel-event\/\">o zorganizowanie zgromadzenia<\/a>w Capitol Visitor Center, kt\u00f3re obejmowa\u0142yby co najmniej dziewi\u0119\u0107 grup na wydarzenie zatytu\u0142owane \u201eNakba 75 i nar\u00f3d palesty\u0144ski\u201d.&nbsp;\u201eNakba\u201d w tytule odwo\u0142anego wydarzenia Tlaib to arabskie s\u0142owo oznaczaj\u0105ce \u201ekatastrof\u0119\u201d, co oznacza\u0142oby, \u017ce m\u00f3wcy opisaliby powstanie pa\u0144stwa Izrael jako \u201ekatastrof\u0119\u201d dla arabskich mieszka\u0144c\u00f3w historycznej Palestyny, co by\u0142o z setkami tysi\u0119cy pozostawionych bez dachu nad g\u0142ow\u0105, z kt\u00f3rych wielu znalaz\u0142o si\u0119 w obozach dla uchod\u017ac\u00f3w.&nbsp;McCarthy og\u0142osi\u0142 w wiadomo\u015bci, \u017ce zamyka wydarzenie, tweetuj\u0105c, \u017ce \u201eTo wydarzenie w Kapitolu Stan\u00f3w Zjednoczonych zosta\u0142o odwo\u0142ane.&nbsp;Zamiast tego poprowadz\u0119 dwustronn\u0105 dyskusj\u0119, aby uczci\u0107 75. rocznic\u0119 stosunk\u00f3w ameryka\u0144sko-izraelskich.&nbsp;Og\u0142oszenie McCarthy&#8217;ego by\u0142o odpowiedzi\u0105 na list od dyrektora generalnego Anti-Defamation League (ADL) Jonathana Greenblatta do niego, w kt\u00f3rym napisa\u0142, \u017ce ADL ma obawy, \u017ce niekt\u00f3rzy organizatorzy wydarzenia \u201eNakba\u201d \u201emaj\u0105 zapis retoryki, kt\u00f3ra demonizuje i delegitymizuje Izrael, a tak\u017ce niebezpieczne stereotypy dotycz\u0105ce zwolennik\u00f3w Izraela\u201d.&nbsp;Najwyra\u017aniej wolno\u015b\u0107 s\u0142owa odnosz\u0105ca si\u0119 do wydarzenia historycznego nie jest nawet dozwolona dla kongresman\u00f3w w dzisiejszej okupowanej przez syjonist\u00f3w Ameryce.<\/p>\n\n\n\n<p id=\"p_1_6\">Je\u015bli potrzeba wi\u0119cej dowod\u00f3w na szlam, kt\u00f3ry tkwi w sercu ameryka\u0144skiej klasy politycznej, przytocz\u0119 inne wydarzenie, kt\u00f3re mia\u0142o miejsce w Jerozolimie 27 kwietnia&nbsp;<sup>jako<\/sup>&nbsp;zar\u00f3wno haniebne, jak i haniebne.&nbsp;I \u201enie\u201d nie mam na my\u015bli izraelskiej policji i armii strzelaj\u0105cych do palesty\u0144skich nastolatk\u00f3w tego dnia i w okolicach, zanim ukradn\u0105 ich domy rodzinne i zniszcz\u0105 ich \u017ar\u00f3d\u0142a utrzymania.&nbsp;Odnosz\u0119 si\u0119 do poni\u017caj\u0105cego wyst\u0119pu gubernatora Florydy i kandydata na prezydenta Rona DeSantisa w k\u0142anianiu si\u0119 \u017cydowskiej w\u0142adzy i pieni\u0105dzom podczas jego w\u0142asnej podr\u00f3\u017cy do Izraela.&nbsp;Jego odra\u017caj\u0105ce czo\u0142ganie si\u0119 przed swoimi panami zako\u0144czy\u0142o si\u0119 podpisaniem przez niego nowego prawa stanowego, kt\u00f3re b\u0119dzie&nbsp;<em>m.in<\/em>wykorzystywa\u0107 mechanizm \u201enienawi\u015bci\u201d do kryminalizacji prawie ca\u0142ej krytyki, a nawet sceptycyzmu wobec izraelskiego apartheidu, tak zwanej narracji o holokau\u015bcie lub zachowania grup i jednostek \u017cydowskich.<\/p>\n\n\n\n<p id=\"p_1_7\">Podczas podpisywania DeSantis&nbsp;<a href=\"https:\/\/www.jpost.com\/israel-news\/article-741389\">chwali\u0142 si\u0119<\/a>&nbsp;, \u017ce \u201eRobimy, co mo\u017cemy, na Florydzie, aby zwi\u0119kszy\u0107 zdolno\u015b\u0107 poci\u0105gania ludzi do odpowiedzialno\u015bci, gdy naprawd\u0119 przekracza to granic\u0119 gro\u017anego zachowania.&nbsp;Walczymy z powrotem\u201d.&nbsp;Wyja\u015bni\u0142 r\u00f3wnie\u017c, \u017ce ustawodawstwo dotyczy zar\u00f3wno Izraela, jak i judaizmu,&nbsp;<a href=\"https:\/\/jewishjournal.com\/israel\/358309\/fl-gov-ron-desantis-signs-bill-addressing-antisemitic-hate-crimes\/\">argumentuj\u0105c, \u017ce<\/a>&nbsp;odrzucenie \u201eprawa Izraela do istnienia jest antysemityzmem\u201d i doda\u0142, \u017ce pokojowy ruch bojkotu, zbycia i sankcji (BDS) jest \u201eDOA\u201d w jego stanie .&nbsp;<a href=\"https:\/\/www.nbcnews.com\/politics\/2024-election\/ron-desantis-signs-bill-combat-hate-crimes-israel-rcna81799\">Dziwacznie opisa\u0142<\/a>&nbsp;tak\u017ce&nbsp;\u201epogo\u0144 Iranu za broni\u0105 nuklearn\u0105\u201d jako \u201eegzystencjalne zagro\u017cenie dla pa\u0144stwa Izrael i Stan\u00f3w Zjednoczonych Ameryki\u201d.<\/p>\n\n\n\n<p id=\"p_1_8\">By\u0107 mo\u017ce DeSantis powinien by\u0142 skontaktowa\u0107 si\u0119 z CIA, a nawet Mossadem, zanim skomentowa\u0142 Iran, poniewa\u017c obaj potwierdzili, \u017ce Ira\u0144czycy nie maj\u0105 obecnie programu broni j\u0105drowej.&nbsp;Nic dziwnego, \u017ce DeSantis&nbsp;<a href=\"https:\/\/www.flgov.com\/2019\/05\/31\/governor-ron-desantis-signs-anti-semitism-protections-bill-cs-cs-hb-741\/\">twierdzi, \u017ce<\/a>&nbsp;\u201eFloryda jest najbardziej przyjaznym Izraelowi pa\u0144stwem w kraju i tak d\u0142ugo, jak jestem gubernatorem, b\u0119dziemy nadal wspiera\u0107 spo\u0142eczno\u015b\u0107 \u017cydowsk\u0105\u201d.&nbsp;W tym bez w\u0105tpienia ma racj\u0119.&nbsp;Dwadzie\u015bcia sze\u015b\u0107 innych stan\u00f3w&nbsp;<a href=\"https:\/\/www.jta.org\/2023\/05\/03\/politics\/jewish-doctor-denied-500-payment-after-refusing-to-promise-arkansas-he-wont-boycott-israel\">ukara\u0142o ka\u017cdego<\/a>&nbsp;, kto chce bojkotowa\u0107 Izrael lub go promowa\u0107, czasami obejmuj\u0105c odmow\u0119 rz\u0105dowych posad lub \u015bwiadcze\u0144, ale nie ma w\u0105tpliwo\u015bci, \u017ce Floryda jest obecnie numerem jeden pod wzgl\u0119dem szacunku dla pa\u0144stwa \u017cydowskiego i jego rzekomych interes\u00f3w .<\/p>\n\n\n\n<p id=\"p_1_9\">Projekt ustawy (HB 269\/SB 994), kt\u00f3ry przeszed\u0142 jednog\u0142o\u015bnie w obu izbach parlamentu Florydy, pr\u00f3buje kryminalizowa\u0107 to, co postrzega jako antysemityzm.&nbsp;Mimo \u017ce jego j\u0119zyk unika identyfikowania \u017byd\u00f3w jako klasy chronionej, wyra\u017an\u0105 intencj\u0105 dokumentu jest w\u0142a\u015bnie to.&nbsp;Osi\u0105ga to poprzez przekszta\u0142cenie tego, co kiedy\u015b by\u0142oby postrzegane jako trywialne incydenty, w przest\u0119pstwa z nienawi\u015bci, kt\u00f3re s\u0105 przest\u0119pstwami.&nbsp;Obejmuje to \u201eza\u015bmiecanie podw\u00f3rka ulotk\u0105, n\u0119kanie ludzi, zak\u0142\u00f3canie pracy szk\u00f3\u0142 lub nabo\u017ce\u0144stw, niszczenie grob\u00f3w i niekt\u00f3rych budynk\u00f3w lub wy\u015bwietlanie obraz\u00f3w na czyjej\u015b w\u0142asno\u015bci\u201d jako mo\u017cliwe dzia\u0142ania uznane za przest\u0119pstwo na podstawie uprzedze\u0144 rasowych lub etnicznych, co czyni je przest\u0119pstwami z nienawi\u015bci .&nbsp;Mo\u017ce to oznacza\u0107 np.&nbsp;\u017ce je\u015bli kto\u015b \u015bmieje si\u0119 z ubrania innej osoby i je\u015bli str\u00f3j jest uwa\u017cany za \u201eetniczny lub religijny\u201d, taka osoba mo\u017ce zosta\u0107 aresztowana i oskar\u017cona o przest\u0119pstwo trzeciego stopnia jako przest\u0119pstwo z nienawi\u015bci.&nbsp;Lub je\u015bli student historii w college&#8217;u kwestionuje standardow\u0105, w du\u017cej mierze sfabrykowan\u0105 narracj\u0119 dotycz\u0105c\u0105 powstania Izraela, \u017cydowski student mo\u017ce udawa\u0107 zmartwienie i za\u017c\u0105da\u0107 aresztowania przest\u0119pcy.<\/p>\n\n\n\n<p id=\"p_1_10\">Jeden ze wsp\u00f3\u0142wnioskodawc\u00f3w projektu ustawy, przedstawiciel stanowy, Randy Fine, kt\u00f3ry by\u0142 obecny przy podpisywaniu w Jerozolimie, wyja\u015bni\u0142, \u017ce \u201eNie ma prawa do zachowania wynikaj\u0105cego z Pierwszej Poprawki.&nbsp;Je\u015bli namalujesz graffiti na budynku, jest to teraz przest\u0119pstwo, ale je\u015bli twoj\u0105 motywacj\u0105 jest nienawi\u015b\u0107, b\u0119dzie to przest\u0119pstwo trzeciego stopnia i sp\u0119dzisz pi\u0119\u0107 lat w wi\u0119zieniu.&nbsp;Je\u015bli chcesz za\u015bmieca\u0107, to teraz jest to przest\u0119pstwo, ale je\u015bli za\u015bmiecasz, a twoj\u0105 motywacj\u0105 jest przest\u0119pstwo z nienawi\u015bci, b\u0119dzie to przest\u0119pstwo trzeciego stopnia i sp\u0119dzisz 5 lat w wi\u0119zieniu\u201d.&nbsp;Po tym, jak ustawa przesz\u0142a przez Senat, Fine napisa\u0142 na Twitterze, \u017ce ustawa jest \u201enajsilniejsz\u0105 ustaw\u0105 antysemick\u0105 w Stanach Zjednoczonych\u201d, dodaj\u0105c: \u201eDla nazistowskich zbir\u00f3w z Florydy mam wiadomo\u015b\u0107: zaatakujcie \u017byd\u00f3w na ich w\u0142asno\u015bci, a p\u00f3jdziecie do wi\u0119zienia.&nbsp;Nigdy wi\u0119cej znaczy nigdy wi\u0119cej\u201d.&nbsp;Inny wsp\u00f3\u0142sponsor, Mike Caruso, ostrzeg\u0142: \u201eJe\u015bli nic nie zrobimy,<\/p>\n\n\n\n<p id=\"p_1_11\">DeSantis, kt\u00f3ry stara si\u0119 o \u017cydowskie pieni\u0105dze i wsparcie medialne dla swojej kampanii prezydenckiej, zrobi\u0142 co\u015b w rodzaju powt\u00f3rki&nbsp;<a href=\"https:\/\/www.informationliberation.com\/?id=60208\">swojej<\/a>&nbsp;inauguracyjnej podr\u00f3\u017cy do Izraela w 2019 roku. W tym czasie chwali\u0142 si\u0119, podobnie jak Kevin McCarthy, \u017ce jego pierwsza zagraniczna podr\u00f3\u017c by\u0142 dla dobrego przyjaciela i wiecznego sojusznika Izraela.&nbsp;Wzi\u0105\u0142 ze sob\u0105 ca\u0142y sw\u00f3j gabinet gubernatora, aby \u015bwi\u0119towa\u0107 sw\u00f3j wyb\u00f3r i teatralnie podpisa\u0142 wcze\u015bniejsz\u0105 ustaw\u0119 (HB 741) w Jerozolimie, kt\u00f3ra mia\u0142a na celu \u201ekryminalizacj\u0119 zwyk\u0142ego przem\u00f3wienia politycznego\u201d poprzez uczynienie z religii \u201eklasy chronionej\u201d podobnej do \u201erasizmu\u201d. w ustawodawstwie dotycz\u0105cym \u201eprzest\u0119pstw z nienawi\u015bci\u201d.&nbsp;Nowe okre\u015blenie konkretnie obejmowa\u0142o pr\u00f3by \u201edemonizacji Izraela\u201d.<\/p>\n\n\n\n<p id=\"p_1_12\"><a href=\"https:\/\/www.flgov.com\/2019\/05\/31\/governor-ron-desantis-signs-anti-semitism-protections-bill-cs-cs-hb-741\/\">Uwzgl\u0119dniono r\u00f3wnie\u017c<\/a>&nbsp;rachunek z Florydy<a href=\"https:\/\/www.flgov.com\/2019\/05\/31\/governor-ron-desantis-signs-anti-semitism-protections-bill-cs-cs-hb-741\/\"><\/a>kontrowersyjnej definicji antysemityzmu Mi\u0119dzynarodowego Sojuszu na rzecz Pami\u0119ci o Holokau\u015bcie, podobnej do tej, kt\u00f3r\u0105 preferuje biuro specjalnego wys\u0142annika Departamentu Stanu USA do monitorowania i zwalczania antysemityzmu, utrzymuj\u0105cego, \u017ce \u201eantysemityzm\u201d to \u201epewne narodu \u017cydowskiego, co mo\u017ce wyra\u017ca\u0107 si\u0119 jako nienawi\u015b\u0107 do narodu \u017cydowskiego, retoryczne i fizyczne przejawy antysemityzmu skierowane przeciwko osobie, jej w\u0142asno\u015bci lub instytucjom gminy \u017cydowskiej lub obiektom kultu religijnego\u201d.&nbsp;Zgodnie z ustaw\u0105 ruch BDS zosta\u0142 zdefiniowany jako terrorystyczna grupa \u201enienawi\u015bci\u201d, niczym nie r\u00f3\u017cni\u0105ca si\u0119 od Ku Klux Klanu (KKK) czy Pa\u0144stwa Islamskiego w Syrii (ISIS),<\/p>\n\n\n\n<p id=\"p_1_13\">HB 741 zmieni\u0142 ustaw\u0119 Florydy o \u201eprzest\u0119pstwach z nienawi\u015bci\u201d, aby uwzgl\u0119dni\u0107 takie \u201eantysemickie\u201d czyny, jak:<\/p>\n\n\n\n<ul class=\"wp-block-list\">\n<li>\u201eWzywanie, wspomaganie lub usprawiedliwianie przemocy wobec \u017byd\u00f3w.<\/li>\n\n\n\n<li>\u201eDomniemane mity o \u015bwiatowym spisku \u017cydowskim lub o tym, \u017ce \u017bydzi kontroluj\u0105 media, gospodark\u0119, rz\u0105d lub inne instytucje.<\/li>\n\n\n\n<li>\u201eOskar\u017canie ca\u0142ego narodu \u017cydowskiego o bycie odpowiedzialnym za rzeczywiste lub wyimaginowane wykroczenia pope\u0142nione przez jedn\u0105 osob\u0119, grup\u0119 lub pa\u0144stwo Izrael lub za czyny nie-\u017byd\u00f3w.<\/li>\n\n\n\n<li>\u201eOskar\u017cenie narodu \u017cydowskiego o wymy\u015blenie lub wyolbrzymienie Holokaustu.<\/li>\n\n\n\n<li>\u201eOskar\u017canie \u017cydowskich obywateli kraj\u00f3w innych ni\u017c Izrael o bycie bardziej lojalnymi wobec Izraela ni\u017c ich w\u0142asne narody.<\/li>\n\n\n\n<li>\u201eDemonizacja, stosowanie podw\u00f3jnych standard\u00f3w lub delegitymizacja Izraela\u201d.<\/li>\n<\/ul>\n\n\n\n<p id=\"p_1_14\">DeSantis od dawna piel\u0119gnuje ambicje polityczne i uznaj\u0105c si\u0142\u0119 i bogactwo tych, kt\u00f3rzy pasjonuj\u0105 si\u0119 Izraelem, \u017cywi szczeg\u00f3ln\u0105 \u201ewra\u017cliwo\u015b\u0107\u201d na kwestie \u017cydowskie i izraelskie, co pomaga mu i\u015b\u0107 naprz\u00f3d i w g\u00f3r\u0119.&nbsp;Kiedy by\u0142 kongresmanem, ocaleni z izraelskiego ataku na USS Liberty, w kt\u00f3rym zgin\u0119\u0142o 34 ameryka\u0144skich marynarzy mieszkaj\u0105cych w jego dystrykcie na Florydzie, donosz\u0105, \u017ce chcieli si\u0119 z nim spotka\u0107, aby om\u00f3wi\u0107 mo\u017cliwo\u015b\u0107 wszcz\u0119cia nowego dochodzenia w sprawie incydentu.&nbsp;Chocia\u017c DeSantis jest by\u0142ym oficerem marynarki wojennej, odm\u00f3wi\u0142 spotkania si\u0119 z nimi.<\/p>\n\n\n\n<p id=\"p_1_15\">Pot\u0119ga mi\u0119dzynarodowego \u017cydostwa by\u0142a najbardziej widoczna w w du\u017cej mierze udanych pr\u00f3bach uciszenia krytyki Izraela poprzez uczynienie takiej dzia\u0142alno\u015bci opisan\u0105 jako motywowan\u0105 antysemityzmem.&nbsp;By\u0142y minister izraelskiego rz\u0105du Shulamit Aloni&nbsp;<a href=\"https:\/\/www.youtube.com\/watch?v=5zjaSlP2OxE\">nawet opisa\u0142<\/a>praktyka etykietowania wszystkich krytyk\u00f3w jako antysemit\u00f3w: \u201eTo sztuczka.&nbsp;Zawsze go u\u017cywamy\u2026 cierpienie narodu \u017cydowskiego\u201d jest rutynowo u\u017cywane do \u201eusprawiedliwienia wszystkiego, co robimy Palesty\u0144czykom\u201d.&nbsp;Szereg kraj\u00f3w europejskich r\u00f3wnie\u017c uzna\u0142o za przest\u0119pstwo to, co okre\u015bla si\u0119 jako \u201enegowanie holokaustu\u201d, a w Niemczech i Francji uwi\u0119ziono tych, kt\u00f3rzy \u0142ami\u0105 prawo, nawet je\u015bli zaprzeczanie to polega jedynie na kwestionowaniu niekt\u00f3rych fakt\u00f3w, kt\u00f3re s\u0105 stosowane w standardowej przyj\u0119tej narracji o wydarzenie.&nbsp;Ostatnim krajem, kt\u00f3ry wspi\u0105\u0142 si\u0119 na ekspresow\u0105 \u201emow\u0119 nienawi\u015bci\u201d, jest Irlandia, gdzie&nbsp;<a href=\"https:\/\/www.catholicnewsagency.com\/news\/254219\/hate-speech-bill-advances-in-ireland-amid-fears-it-would-silence-jk-rowling-catholicand-the-catholic-church\">parlament tego kraju rozwa\u017ca nowe przepisy<\/a>.&nbsp;Co ciekawe, debata na temat tego, co wolno m\u00f3wi\u0107, nie obra\u017caj\u0105c innych, w du\u017cej mierze skupia\u0142a si\u0119 na transseksualistach i to\u017csamo\u015bci p\u0142ciowej, ale zaobserwowano r\u00f3wnie\u017c, \u017ce prawo wp\u0142ynie na zwolennik\u00f3w sprawy palesty\u0144skiej, kt\u00f3rzy z konieczno\u015bci b\u0119d\u0105 krytykowa\u0107 Izrael, pa\u0144stwo.&nbsp;Mo\u017cna to \u0142atwo zinterpretowa\u0107 jako antysemityzm i prowadzi\u0107 do wysokich grzywien, a nawet wi\u0119zienia.&nbsp;Co ciekawe, ustawa kryminalizuje nawet samo posiadanie materia\u0142\u00f3w uwa\u017canych za \u201enienawistne\u201d.<\/p>\n\n\n\n<p id=\"p_1_16\">W ka\u017cdym razie wojna domowa po\u015bwi\u0119cona wyt\u0119pieniu tego, co okre\u015bla si\u0119 jako antysemityzm, trwa i ro\u015bnie w Stanach Zjednoczonych, nawet je\u015bli jest trywialna, w du\u017cej mierze wyimaginowana, a nawet sfabrykowana przez grupy nienawi\u015bci, takie jak ADL kierowana przez ohydnego Jonathana Greenblatta.&nbsp;A je\u015bli po drodze trzeba po\u015bwi\u0119ci\u0107 wolno\u015b\u0107 s\u0142owa i szczere dochodzenie, niech tak b\u0119dzie.&nbsp;10 maja&nbsp;administracja Bidena wykorzysta\u0142a swoje weto w Radzie Bezpiecze\u0144stwa Organizacji Narod\u00f3w Zjednoczonych, aby zablokowa\u0107 raport o zbrodniach wojennych pope\u0142nionych przez Izrael podczas bombardowania Gazy, w kt\u00f3rym zgin\u0119\u0142o 25 Palesty\u0144czyk\u00f3w, g\u0142\u00f3wnie kobiet i dzieci&nbsp;<sup>.&nbsp;<\/sup>Jak mo\u017cna by\u0142o si\u0119 spodziewa\u0107, sekretarz stanu Antony Blinken, sekretarz obrony Lloyd Austin i doradca ds. bezpiecze\u0144stwa narodowego Jake Sullivan zareagowali na rozw\u00f3j sytuacji, deklaruj\u0105c swoje niezachwiane poparcie dla \u201eprawa Izraela do samoobrony\u201d.<\/p>\n\n\n\n<p id=\"p_1_17\">Najwyra\u017aniej dla zdecydowanej wi\u0119kszo\u015bci polityk\u00f3w w Waszyngtonie, a nawet na szczeblu stanowym, wierno\u015b\u0107 i podporz\u0105dkowanie si\u0119 Izraelowi i jego interesom s\u0105 wa\u017cniejsze ni\u017c ochrona praw konstytucyjnych czy prowadzenie rozs\u0105dnej i odpowiedzialnej polityki zagranicznej.&nbsp;Mo\u017cna si\u0119 zastanawia\u0107, czy Ron DeSantis, je\u015bli zostanie wybrany na prezydenta w 2024 r., m\u00f3g\u0142by odby\u0107 swoj\u0105 inauguracj\u0119 w Jerozolimie, tak jak to zrobi\u0142, gdy zosta\u0142 gubernatorem.&nbsp;W\u0142a\u015bciwie by\u0142oby to co\u015b w rodzaju ulgi \u2013 w ko\u0144cu ostateczne uznanie, kto tak naprawd\u0119 rz\u0105dzi tutaj, w Ameryce.<\/p>\n\n\n\n<p id=\"p_1_18\">Link zr\u00f3d\u0142owe https:\/\/www.unz.com\/pgiraldi\/the-united-states-moves-its-capital-to-jerusalem\/<\/p>\n","protected":false},"excerpt":{"rendered":"<p>Politycy ameryka\u0144scy gromadz\u0105 si\u0119 w Izraelu, rozcz\u0142onkowuj\u0105c konstytucj\u0119 USA w szacunku dla w\u0142adzy \u017cydowskiej Autor, PHILIP GIRALDI\u00a0 Wydawa\u0142oby si\u0119, \u017ce ameryka\u0144scy politycy i media uwa\u017caj\u0105, \u017ce ca\u0142y \u015bwiat powinien s\u0142usznie podporz\u0105dkowa\u0107 si\u0119 rozkazom wymarszu p\u0142yn\u0105cym z Waszyngtonu, mimo \u017ce pozory&#8230; <\/p>\n","protected":false},"author":2,"featured_media":2088,"comment_status":"open","ping_status":"open","sticky":false,"template":"","format":"standard","meta":{"_acf_changed":false,"_bbp_topic_count":0,"_bbp_reply_count":0,"_bbp_total_topic_count":0,"_bbp_total_reply_count":0,"_bbp_voice_count":0,"_bbp_anonymous_reply_count":0,"_bbp_topic_count_hidden":0,"_bbp_reply_count_hidden":0,"_bbp_forum_subforum_count":0,"om_disable_all_campaigns":false,"_monsterinsights_skip_tracking":false,"footnotes":""},"categories":[93],"tags":[],"class_list":["post-2086","post","type-post","status-publish","format-standard","has-post-thumbnail","hentry","category-artykuly"],"acf":[],"aioseo_notices":[],"aioseo_head":"\n\t\t<!-- All in One SEO 5.0.1.1 - aioseo.com -->\n\t<meta name=\"description\" content=\"Politycy ameryka\u0144scy gromadz\u0105 si\u0119 w Izraelu, rozcz\u0142onkowuj\u0105c konstytucj\u0119 USA w szacunku dla w\u0142adzy \u017cydowskiej Autor, PHILIP GIRALDI Wydawa\u0142oby si\u0119, \u017ce ameryka\u0144scy politycy i media uwa\u017caj\u0105, \u017ce ca\u0142y \u015bwiat powinien s\u0142usznie podporz\u0105dkowa\u0107 si\u0119 rozkazom wymarszu p\u0142yn\u0105cym z Waszyngtonu, mimo \u017ce pozory te sta\u0142y si\u0119 nieco wy\u015bwiechtane po ponad dwudziestu latach bezsensownych wojen inicjowanych i podtrzymywanych przez\" \/>\n\t<meta name=\"robots\" content=\"max-image-preview:large\" \/>\n\t<meta name=\"author\" content=\"trinity\"\/>\n\t<link rel=\"canonical\" href=\"https:\/\/wia.net.pl\/index.php\/2023\/06\/14\/czy-usa-przenosza-swoja-stolice-do-jerozolimy\/\" \/>\n\t<meta name=\"generator\" content=\"All in One SEO (AIOSEO) 5.0.1.1\" \/>\n\t\t<meta property=\"og:locale\" content=\"pl_PL\" \/>\n\t\t<meta property=\"og:site_name\" content=\"Wolno\u015b\u0107 i Anarchia - Ka\u017cdy wewn\u0119trznie jest anarchist\u0105.\" \/>\n\t\t<meta property=\"og:type\" content=\"article\" \/>\n\t\t<meta property=\"og:title\" content=\"Czy USA przenosz\u0105 swoj\u0105 stolic\u0119 do Jerozolimy? - Wolno\u015b\u0107 i Anarchia\" \/>\n\t\t<meta property=\"og:description\" content=\"Politycy ameryka\u0144scy gromadz\u0105 si\u0119 w Izraelu, rozcz\u0142onkowuj\u0105c konstytucj\u0119 USA w szacunku dla w\u0142adzy \u017cydowskiej Autor, PHILIP GIRALDI Wydawa\u0142oby si\u0119, \u017ce ameryka\u0144scy politycy i media uwa\u017caj\u0105, \u017ce ca\u0142y \u015bwiat powinien s\u0142usznie podporz\u0105dkowa\u0107 si\u0119 rozkazom wymarszu p\u0142yn\u0105cym z Waszyngtonu, mimo \u017ce pozory te sta\u0142y si\u0119 nieco wy\u015bwiechtane po ponad dwudziestu latach bezsensownych wojen inicjowanych i podtrzymywanych przez\" \/>\n\t\t<meta property=\"og:url\" content=\"https:\/\/wia.net.pl\/index.php\/2023\/06\/14\/czy-usa-przenosza-swoja-stolice-do-jerozolimy\/\" \/>\n\t\t<meta property=\"og:image\" content=\"https:\/\/wia.net.pl\/wp-content\/uploads\/2023\/11\/cropped-freedom-i73367.jpg\" \/>\n\t\t<meta property=\"og:image:secure_url\" content=\"https:\/\/wia.net.pl\/wp-content\/uploads\/2023\/11\/cropped-freedom-i73367.jpg\" \/>\n\t\t<meta property=\"article:published_time\" content=\"2023-06-14T08:01:13+00:00\" \/>\n\t\t<meta property=\"article:modified_time\" content=\"2023-06-14T08:01:14+00:00\" \/>\n\t\t<meta name=\"twitter:card\" content=\"summary_large_image\" \/>\n\t\t<meta name=\"twitter:title\" content=\"Czy USA przenosz\u0105 swoj\u0105 stolic\u0119 do Jerozolimy? - Wolno\u015b\u0107 i Anarchia\" \/>\n\t\t<meta name=\"twitter:description\" content=\"Politycy ameryka\u0144scy gromadz\u0105 si\u0119 w Izraelu, rozcz\u0142onkowuj\u0105c konstytucj\u0119 USA w szacunku dla w\u0142adzy \u017cydowskiej Autor, PHILIP GIRALDI Wydawa\u0142oby si\u0119, \u017ce ameryka\u0144scy politycy i media uwa\u017caj\u0105, \u017ce ca\u0142y \u015bwiat powinien s\u0142usznie podporz\u0105dkowa\u0107 si\u0119 rozkazom wymarszu p\u0142yn\u0105cym z Waszyngtonu, mimo \u017ce pozory te sta\u0142y si\u0119 nieco wy\u015bwiechtane po ponad dwudziestu latach bezsensownych wojen inicjowanych i podtrzymywanych przez\" \/>\n\t\t<meta name=\"twitter:image\" content=\"https:\/\/wia.net.pl\/wp-content\/uploads\/2023\/11\/cropped-freedom-i73367.jpg\" \/>\n\t\t<script type=\"application\/ld+json\" class=\"aioseo-schema\">\n\t\t\t{\"@context\":\"https:\\\/\\\/schema.org\",\"@graph\":[{\"@type\":\"BlogPosting\",\"@id\":\"https:\\\/\\\/wia.net.pl\\\/index.php\\\/2023\\\/06\\\/14\\\/czy-usa-przenosza-swoja-stolice-do-jerozolimy\\\/#blogposting\",\"name\":\"Czy USA przenosz\\u0105 swoj\\u0105 stolic\\u0119 do Jerozolimy? - Wolno\\u015b\\u0107 i Anarchia\",\"headline\":\"Czy USA przenosz\\u0105 swoj\\u0105 stolic\\u0119 do Jerozolimy?\",\"author\":{\"@id\":\"https:\\\/\\\/wia.net.pl\\\/index.php\\\/author\\\/trinity\\\/#author\"},\"publisher\":{\"@id\":\"https:\\\/\\\/wia.net.pl\\\/#person\"},\"image\":{\"@type\":\"ImageObject\",\"url\":\"https:\\\/\\\/wia.net.pl\\\/wp-content\\\/uploads\\\/2023\\\/06\\\/friendship-gda2da05e7_1280.png\",\"width\":1280,\"height\":769},\"datePublished\":\"2023-06-14T10:01:13+02:00\",\"dateModified\":\"2023-06-14T10:01:14+02:00\",\"inLanguage\":\"pl-PL\",\"mainEntityOfPage\":{\"@id\":\"https:\\\/\\\/wia.net.pl\\\/index.php\\\/2023\\\/06\\\/14\\\/czy-usa-przenosza-swoja-stolice-do-jerozolimy\\\/#webpage\"},\"isPartOf\":{\"@id\":\"https:\\\/\\\/wia.net.pl\\\/index.php\\\/2023\\\/06\\\/14\\\/czy-usa-przenosza-swoja-stolice-do-jerozolimy\\\/#webpage\"},\"articleSection\":\"Artyku\\u0142y\"},{\"@type\":\"BreadcrumbList\",\"@id\":\"https:\\\/\\\/wia.net.pl\\\/index.php\\\/2023\\\/06\\\/14\\\/czy-usa-przenosza-swoja-stolice-do-jerozolimy\\\/#breadcrumblist\",\"itemListElement\":[{\"@type\":\"ListItem\",\"@id\":\"https:\\\/\\\/wia.net.pl#listItem\",\"position\":1,\"name\":\"Home\",\"item\":\"https:\\\/\\\/wia.net.pl\",\"nextItem\":{\"@type\":\"ListItem\",\"@id\":\"https:\\\/\\\/wia.net.pl\\\/index.php\\\/category\\\/artykuly\\\/#listItem\",\"name\":\"Artyku\\u0142y\"}},{\"@type\":\"ListItem\",\"@id\":\"https:\\\/\\\/wia.net.pl\\\/index.php\\\/category\\\/artykuly\\\/#listItem\",\"position\":2,\"name\":\"Artyku\\u0142y\",\"item\":\"https:\\\/\\\/wia.net.pl\\\/index.php\\\/category\\\/artykuly\\\/\",\"nextItem\":{\"@type\":\"ListItem\",\"@id\":\"https:\\\/\\\/wia.net.pl\\\/index.php\\\/2023\\\/06\\\/14\\\/czy-usa-przenosza-swoja-stolice-do-jerozolimy\\\/#listItem\",\"name\":\"Czy USA przenosz\\u0105 swoj\\u0105 stolic\\u0119 do Jerozolimy?\"},\"previousItem\":{\"@type\":\"ListItem\",\"@id\":\"https:\\\/\\\/wia.net.pl#listItem\",\"name\":\"Home\"}},{\"@type\":\"ListItem\",\"@id\":\"https:\\\/\\\/wia.net.pl\\\/index.php\\\/2023\\\/06\\\/14\\\/czy-usa-przenosza-swoja-stolice-do-jerozolimy\\\/#listItem\",\"position\":3,\"name\":\"Czy USA przenosz\\u0105 swoj\\u0105 stolic\\u0119 do Jerozolimy?\",\"previousItem\":{\"@type\":\"ListItem\",\"@id\":\"https:\\\/\\\/wia.net.pl\\\/index.php\\\/category\\\/artykuly\\\/#listItem\",\"name\":\"Artyku\\u0142y\"}}]},{\"@type\":\"Person\",\"@id\":\"https:\\\/\\\/wia.net.pl\\\/#person\",\"name\":\"Bart\\u0142omiej Talarczyk\",\"image\":{\"@type\":\"ImageObject\",\"@id\":\"https:\\\/\\\/wia.net.pl\\\/index.php\\\/2023\\\/06\\\/14\\\/czy-usa-przenosza-swoja-stolice-do-jerozolimy\\\/#personImage\",\"url\":\"https:\\\/\\\/wia.net.pl\\\/wp-content\\\/uploads\\\/avatar-privacy\\\/cache\\\/user\\\/1\\\/7\\\/176a6b161c58363ff49b5c167264231f519f5c7fa183ca1f61e891769b6b56d5-96.jpg\",\"width\":96,\"height\":96,\"caption\":\"Bart\\u0142omiej Talarczyk\"}},{\"@type\":\"Person\",\"@id\":\"https:\\\/\\\/wia.net.pl\\\/index.php\\\/author\\\/trinity\\\/#author\",\"url\":\"https:\\\/\\\/wia.net.pl\\\/index.php\\\/author\\\/trinity\\\/\",\"name\":\"trinity\",\"image\":{\"@type\":\"ImageObject\",\"@id\":\"https:\\\/\\\/wia.net.pl\\\/index.php\\\/2023\\\/06\\\/14\\\/czy-usa-przenosza-swoja-stolice-do-jerozolimy\\\/#authorImage\",\"url\":\"https:\\\/\\\/wia.net.pl\\\/wp-content\\\/uploads\\\/avatar-privacy\\\/cache\\\/user\\\/5\\\/f\\\/5f6547cf82495eaa10e100a6a45d5dbde2dfdc1be88557de2018fca705bdf6f1-96.jpg\",\"width\":96,\"height\":96,\"caption\":\"trinity\"}},{\"@type\":\"WebPage\",\"@id\":\"https:\\\/\\\/wia.net.pl\\\/index.php\\\/2023\\\/06\\\/14\\\/czy-usa-przenosza-swoja-stolice-do-jerozolimy\\\/#webpage\",\"url\":\"https:\\\/\\\/wia.net.pl\\\/index.php\\\/2023\\\/06\\\/14\\\/czy-usa-przenosza-swoja-stolice-do-jerozolimy\\\/\",\"name\":\"Czy USA przenosz\\u0105 swoj\\u0105 stolic\\u0119 do Jerozolimy? - Wolno\\u015b\\u0107 i Anarchia\",\"description\":\"Politycy ameryka\\u0144scy gromadz\\u0105 si\\u0119 w Izraelu, rozcz\\u0142onkowuj\\u0105c konstytucj\\u0119 USA w szacunku dla w\\u0142adzy \\u017cydowskiej Autor, PHILIP GIRALDI Wydawa\\u0142oby si\\u0119, \\u017ce ameryka\\u0144scy politycy i media uwa\\u017caj\\u0105, \\u017ce ca\\u0142y \\u015bwiat powinien s\\u0142usznie podporz\\u0105dkowa\\u0107 si\\u0119 rozkazom wymarszu p\\u0142yn\\u0105cym z Waszyngtonu, mimo \\u017ce pozory te sta\\u0142y si\\u0119 nieco wy\\u015bwiechtane po ponad dwudziestu latach bezsensownych wojen inicjowanych i podtrzymywanych przez\",\"inLanguage\":\"pl-PL\",\"isPartOf\":{\"@id\":\"https:\\\/\\\/wia.net.pl\\\/#website\"},\"breadcrumb\":{\"@id\":\"https:\\\/\\\/wia.net.pl\\\/index.php\\\/2023\\\/06\\\/14\\\/czy-usa-przenosza-swoja-stolice-do-jerozolimy\\\/#breadcrumblist\"},\"author\":{\"@id\":\"https:\\\/\\\/wia.net.pl\\\/index.php\\\/author\\\/trinity\\\/#author\"},\"creator\":{\"@id\":\"https:\\\/\\\/wia.net.pl\\\/index.php\\\/author\\\/trinity\\\/#author\"},\"image\":{\"@type\":\"ImageObject\",\"url\":\"https:\\\/\\\/wia.net.pl\\\/wp-content\\\/uploads\\\/2023\\\/06\\\/friendship-gda2da05e7_1280.png\",\"@id\":\"https:\\\/\\\/wia.net.pl\\\/index.php\\\/2023\\\/06\\\/14\\\/czy-usa-przenosza-swoja-stolice-do-jerozolimy\\\/#mainImage\",\"width\":1280,\"height\":769},\"primaryImageOfPage\":{\"@id\":\"https:\\\/\\\/wia.net.pl\\\/index.php\\\/2023\\\/06\\\/14\\\/czy-usa-przenosza-swoja-stolice-do-jerozolimy\\\/#mainImage\"},\"datePublished\":\"2023-06-14T10:01:13+02:00\",\"dateModified\":\"2023-06-14T10:01:14+02:00\"},{\"@type\":\"WebSite\",\"@id\":\"https:\\\/\\\/wia.net.pl\\\/#website\",\"url\":\"https:\\\/\\\/wia.net.pl\\\/\",\"name\":\"Wolno\\u015b\\u0107 i Anarchia\",\"description\":\"Ka\\u017cdy wewn\\u0119trznie jest anarchist\\u0105.\",\"inLanguage\":\"pl-PL\",\"publisher\":{\"@id\":\"https:\\\/\\\/wia.net.pl\\\/#person\"}}]}\n\t\t<\/script>\n\t\t<!-- All in One SEO -->\n\n","aioseo_head_json":{"title":"Czy USA przenosz\u0105 swoj\u0105 stolic\u0119 do Jerozolimy? - Wolno\u015b\u0107 i Anarchia","description":"Politycy ameryka\u0144scy gromadz\u0105 si\u0119 w Izraelu, rozcz\u0142onkowuj\u0105c konstytucj\u0119 USA w szacunku dla w\u0142adzy \u017cydowskiej Autor, PHILIP GIRALDI Wydawa\u0142oby si\u0119, \u017ce ameryka\u0144scy politycy i media uwa\u017caj\u0105, \u017ce ca\u0142y \u015bwiat powinien s\u0142usznie podporz\u0105dkowa\u0107 si\u0119 rozkazom wymarszu p\u0142yn\u0105cym z Waszyngtonu, mimo \u017ce pozory te sta\u0142y si\u0119 nieco wy\u015bwiechtane po ponad dwudziestu latach bezsensownych wojen inicjowanych i podtrzymywanych przez","canonical_url":"https:\/\/wia.net.pl\/index.php\/2023\/06\/14\/czy-usa-przenosza-swoja-stolice-do-jerozolimy\/","robots":"max-image-preview:large","keywords":"","webmasterTools":{"miscellaneous":""},"schema":{"@context":"https:\/\/schema.org","@graph":[{"@type":"BlogPosting","@id":"https:\/\/wia.net.pl\/index.php\/2023\/06\/14\/czy-usa-przenosza-swoja-stolice-do-jerozolimy\/#blogposting","name":"Czy USA przenosz\u0105 swoj\u0105 stolic\u0119 do Jerozolimy? - Wolno\u015b\u0107 i Anarchia","headline":"Czy USA przenosz\u0105 swoj\u0105 stolic\u0119 do Jerozolimy?","author":{"@id":"https:\/\/wia.net.pl\/index.php\/author\/trinity\/#author"},"publisher":{"@id":"https:\/\/wia.net.pl\/#person"},"image":{"@type":"ImageObject","url":"https:\/\/wia.net.pl\/wp-content\/uploads\/2023\/06\/friendship-gda2da05e7_1280.png","width":1280,"height":769},"datePublished":"2023-06-14T10:01:13+02:00","dateModified":"2023-06-14T10:01:14+02:00","inLanguage":"pl-PL","mainEntityOfPage":{"@id":"https:\/\/wia.net.pl\/index.php\/2023\/06\/14\/czy-usa-przenosza-swoja-stolice-do-jerozolimy\/#webpage"},"isPartOf":{"@id":"https:\/\/wia.net.pl\/index.php\/2023\/06\/14\/czy-usa-przenosza-swoja-stolice-do-jerozolimy\/#webpage"},"articleSection":"Artyku\u0142y"},{"@type":"BreadcrumbList","@id":"https:\/\/wia.net.pl\/index.php\/2023\/06\/14\/czy-usa-przenosza-swoja-stolice-do-jerozolimy\/#breadcrumblist","itemListElement":[{"@type":"ListItem","@id":"https:\/\/wia.net.pl#listItem","position":1,"name":"Home","item":"https:\/\/wia.net.pl","nextItem":{"@type":"ListItem","@id":"https:\/\/wia.net.pl\/index.php\/category\/artykuly\/#listItem","name":"Artyku\u0142y"}},{"@type":"ListItem","@id":"https:\/\/wia.net.pl\/index.php\/category\/artykuly\/#listItem","position":2,"name":"Artyku\u0142y","item":"https:\/\/wia.net.pl\/index.php\/category\/artykuly\/","nextItem":{"@type":"ListItem","@id":"https:\/\/wia.net.pl\/index.php\/2023\/06\/14\/czy-usa-przenosza-swoja-stolice-do-jerozolimy\/#listItem","name":"Czy USA przenosz\u0105 swoj\u0105 stolic\u0119 do Jerozolimy?"},"previousItem":{"@type":"ListItem","@id":"https:\/\/wia.net.pl#listItem","name":"Home"}},{"@type":"ListItem","@id":"https:\/\/wia.net.pl\/index.php\/2023\/06\/14\/czy-usa-przenosza-swoja-stolice-do-jerozolimy\/#listItem","position":3,"name":"Czy USA przenosz\u0105 swoj\u0105 stolic\u0119 do Jerozolimy?","previousItem":{"@type":"ListItem","@id":"https:\/\/wia.net.pl\/index.php\/category\/artykuly\/#listItem","name":"Artyku\u0142y"}}]},{"@type":"Person","@id":"https:\/\/wia.net.pl\/#person","name":"Bart\u0142omiej Talarczyk","image":{"@type":"ImageObject","@id":"https:\/\/wia.net.pl\/index.php\/2023\/06\/14\/czy-usa-przenosza-swoja-stolice-do-jerozolimy\/#personImage","url":"https:\/\/wia.net.pl\/wp-content\/uploads\/avatar-privacy\/cache\/user\/1\/7\/176a6b161c58363ff49b5c167264231f519f5c7fa183ca1f61e891769b6b56d5-96.jpg","width":96,"height":96,"caption":"Bart\u0142omiej Talarczyk"}},{"@type":"Person","@id":"https:\/\/wia.net.pl\/index.php\/author\/trinity\/#author","url":"https:\/\/wia.net.pl\/index.php\/author\/trinity\/","name":"trinity","image":{"@type":"ImageObject","@id":"https:\/\/wia.net.pl\/index.php\/2023\/06\/14\/czy-usa-przenosza-swoja-stolice-do-jerozolimy\/#authorImage","url":"https:\/\/wia.net.pl\/wp-content\/uploads\/avatar-privacy\/cache\/user\/5\/f\/5f6547cf82495eaa10e100a6a45d5dbde2dfdc1be88557de2018fca705bdf6f1-96.jpg","width":96,"height":96,"caption":"trinity"}},{"@type":"WebPage","@id":"https:\/\/wia.net.pl\/index.php\/2023\/06\/14\/czy-usa-przenosza-swoja-stolice-do-jerozolimy\/#webpage","url":"https:\/\/wia.net.pl\/index.php\/2023\/06\/14\/czy-usa-przenosza-swoja-stolice-do-jerozolimy\/","name":"Czy USA przenosz\u0105 swoj\u0105 stolic\u0119 do Jerozolimy? - Wolno\u015b\u0107 i Anarchia","description":"Politycy ameryka\u0144scy gromadz\u0105 si\u0119 w Izraelu, rozcz\u0142onkowuj\u0105c konstytucj\u0119 USA w szacunku dla w\u0142adzy \u017cydowskiej Autor, PHILIP GIRALDI Wydawa\u0142oby si\u0119, \u017ce ameryka\u0144scy politycy i media uwa\u017caj\u0105, \u017ce ca\u0142y \u015bwiat powinien s\u0142usznie podporz\u0105dkowa\u0107 si\u0119 rozkazom wymarszu p\u0142yn\u0105cym z Waszyngtonu, mimo \u017ce pozory te sta\u0142y si\u0119 nieco wy\u015bwiechtane po ponad dwudziestu latach bezsensownych wojen inicjowanych i podtrzymywanych przez","inLanguage":"pl-PL","isPartOf":{"@id":"https:\/\/wia.net.pl\/#website"},"breadcrumb":{"@id":"https:\/\/wia.net.pl\/index.php\/2023\/06\/14\/czy-usa-przenosza-swoja-stolice-do-jerozolimy\/#breadcrumblist"},"author":{"@id":"https:\/\/wia.net.pl\/index.php\/author\/trinity\/#author"},"creator":{"@id":"https:\/\/wia.net.pl\/index.php\/author\/trinity\/#author"},"image":{"@type":"ImageObject","url":"https:\/\/wia.net.pl\/wp-content\/uploads\/2023\/06\/friendship-gda2da05e7_1280.png","@id":"https:\/\/wia.net.pl\/index.php\/2023\/06\/14\/czy-usa-przenosza-swoja-stolice-do-jerozolimy\/#mainImage","width":1280,"height":769},"primaryImageOfPage":{"@id":"https:\/\/wia.net.pl\/index.php\/2023\/06\/14\/czy-usa-przenosza-swoja-stolice-do-jerozolimy\/#mainImage"},"datePublished":"2023-06-14T10:01:13+02:00","dateModified":"2023-06-14T10:01:14+02:00"},{"@type":"WebSite","@id":"https:\/\/wia.net.pl\/#website","url":"https:\/\/wia.net.pl\/","name":"Wolno\u015b\u0107 i Anarchia","description":"Ka\u017cdy wewn\u0119trznie jest anarchist\u0105.","inLanguage":"pl-PL","publisher":{"@id":"https:\/\/wia.net.pl\/#person"}}]},"og:locale":"pl_PL","og:site_name":"Wolno\u015b\u0107 i Anarchia - Ka\u017cdy wewn\u0119trznie jest anarchist\u0105.","og:type":"article","og:title":"Czy USA przenosz\u0105 swoj\u0105 stolic\u0119 do Jerozolimy? - Wolno\u015b\u0107 i Anarchia","og:description":"Politycy ameryka\u0144scy gromadz\u0105 si\u0119 w Izraelu, rozcz\u0142onkowuj\u0105c konstytucj\u0119 USA w szacunku dla w\u0142adzy \u017cydowskiej Autor, PHILIP GIRALDI Wydawa\u0142oby si\u0119, \u017ce ameryka\u0144scy politycy i media uwa\u017caj\u0105, \u017ce ca\u0142y \u015bwiat powinien s\u0142usznie podporz\u0105dkowa\u0107 si\u0119 rozkazom wymarszu p\u0142yn\u0105cym z Waszyngtonu, mimo \u017ce pozory te sta\u0142y si\u0119 nieco wy\u015bwiechtane po ponad dwudziestu latach bezsensownych wojen inicjowanych i podtrzymywanych przez","og:url":"https:\/\/wia.net.pl\/index.php\/2023\/06\/14\/czy-usa-przenosza-swoja-stolice-do-jerozolimy\/","og:image":"https:\/\/wia.net.pl\/wp-content\/uploads\/2023\/11\/cropped-freedom-i73367.jpg","og:image:secure_url":"https:\/\/wia.net.pl\/wp-content\/uploads\/2023\/11\/cropped-freedom-i73367.jpg","article:published_time":"2023-06-14T08:01:13+00:00","article:modified_time":"2023-06-14T08:01:14+00:00","twitter:card":"summary_large_image","twitter:title":"Czy USA przenosz\u0105 swoj\u0105 stolic\u0119 do Jerozolimy? - Wolno\u015b\u0107 i Anarchia","twitter:description":"Politycy ameryka\u0144scy gromadz\u0105 si\u0119 w Izraelu, rozcz\u0142onkowuj\u0105c konstytucj\u0119 USA w szacunku dla w\u0142adzy \u017cydowskiej Autor, PHILIP GIRALDI Wydawa\u0142oby si\u0119, \u017ce ameryka\u0144scy politycy i media uwa\u017caj\u0105, \u017ce ca\u0142y \u015bwiat powinien s\u0142usznie podporz\u0105dkowa\u0107 si\u0119 rozkazom wymarszu p\u0142yn\u0105cym z Waszyngtonu, mimo \u017ce pozory te sta\u0142y si\u0119 nieco wy\u015bwiechtane po ponad dwudziestu latach bezsensownych wojen inicjowanych i podtrzymywanych przez","twitter:image":"https:\/\/wia.net.pl\/wp-content\/uploads\/2023\/11\/cropped-freedom-i73367.jpg"},"aioseo_meta_data":{"post_id":"2086","title":null,"description":null,"keywords":[],"keyphrases":{"focus":{"keyphrase":"","score":0,"analysis":{"keyphraseInTitle":{"score":0,"maxScore":9,"error":1}}},"additional":[]},"primary_term":null,"canonical_url":null,"og_title":null,"og_description":null,"og_object_type":"default","og_image_type":"default","og_image_url":null,"og_image_width":null,"og_image_height":null,"og_image_custom_url":null,"og_image_custom_fields":null,"og_video":"","og_custom_url":null,"og_article_section":null,"og_article_tags":[],"twitter_use_og":false,"twitter_card":"default","twitter_image_type":"default","twitter_image_url":null,"twitter_image_custom_url":null,"twitter_image_custom_fields":null,"twitter_title":null,"twitter_description":null,"schema":{"blockGraphs":[],"customGraphs":[],"default":{"data":{"Article":[],"Course":[],"Dataset":[],"FAQPage":[],"Movie":[],"Person":[],"Product":[],"ProductReview":[],"Car":[],"Recipe":[],"Service":[],"SoftwareApplication":[],"WebPage":[]},"graphName":"","isEnabled":true},"graphs":[]},"schema_type":"default","schema_type_options":null,"pillar_content":false,"robots_default":true,"robots_noindex":false,"robots_noarchive":false,"robots_nosnippet":false,"robots_nofollow":false,"robots_noimageindex":false,"robots_noodp":false,"robots_notranslate":false,"robots_max_snippet":"-1","robots_max_videopreview":"-1","robots_max_imagepreview":"large","priority":0,"frequency":"default","local_seo":null,"breadcrumb_settings":null,"limit_modified_date":false,"ai":null,"created":"2023-06-14 08:01:14","updated":"2025-06-04 08:04:46","seo_analyzer_scan_date":null,"focus_keyword":null,"additional_keywords":null,"truseo_locale":null},"aioseo_breadcrumb":"<div class=\"aioseo-breadcrumbs\"><span class=\"aioseo-breadcrumb\">\n\t\t\t<a href=\"https:\/\/wia.net.pl\" title=\"Home\">Home<\/a>\n\t\t<\/span><span class=\"aioseo-breadcrumb-separator\">&raquo;<\/span><span class=\"aioseo-breadcrumb\">\n\t\t\t<a href=\"https:\/\/wia.net.pl\/index.php\/category\/artykuly\/\" title=\"Artyku\u0142y\">Artyku\u0142y<\/a>\n\t\t<\/span><span class=\"aioseo-breadcrumb-separator\">&raquo;<\/span><span class=\"aioseo-breadcrumb\">\n\t\t\tCzy USA przenosz\u0105 swoj\u0105 stolic\u0119 do Jerozolimy?\n\t\t<\/span><\/div>","aioseo_breadcrumb_json":[{"label":"Home","link":"https:\/\/wia.net.pl"},{"label":"Artyku\u0142y","link":"https:\/\/wia.net.pl\/index.php\/category\/artykuly\/"},{"label":"Czy USA przenosz\u0105 swoj\u0105 stolic\u0119 do Jerozolimy?","link":"https:\/\/wia.net.pl\/index.php\/2023\/06\/14\/czy-usa-przenosza-swoja-stolice-do-jerozolimy\/"}],"_links":{"self":[{"href":"https:\/\/wia.net.pl\/index.php\/wp-json\/wp\/v2\/posts\/2086"}],"collection":[{"href":"https:\/\/wia.net.pl\/index.php\/wp-json\/wp\/v2\/posts"}],"about":[{"href":"https:\/\/wia.net.pl\/index.php\/wp-json\/wp\/v2\/types\/post"}],"author":[{"embeddable":true,"href":"https:\/\/wia.net.pl\/index.php\/wp-json\/wp\/v2\/users\/2"}],"replies":[{"embeddable":true,"href":"https:\/\/wia.net.pl\/index.php\/wp-json\/wp\/v2\/comments?post=2086"}],"version-history":[{"count":1,"href":"https:\/\/wia.net.pl\/index.php\/wp-json\/wp\/v2\/posts\/2086\/revisions"}],"predecessor-version":[{"id":2089,"href":"https:\/\/wia.net.pl\/index.php\/wp-json\/wp\/v2\/posts\/2086\/revisions\/2089"}],"wp:featuredmedia":[{"embeddable":true,"href":"https:\/\/wia.net.pl\/index.php\/wp-json\/wp\/v2\/media\/2088"}],"wp:attachment":[{"href":"https:\/\/wia.net.pl\/index.php\/wp-json\/wp\/v2\/media?parent=2086"}],"wp:term":[{"taxonomy":"category","embeddable":true,"href":"https:\/\/wia.net.pl\/index.php\/wp-json\/wp\/v2\/categories?post=2086"},{"taxonomy":"post_tag","embeddable":true,"href":"https:\/\/wia.net.pl\/index.php\/wp-json\/wp\/v2\/tags?post=2086"}],"curies":[{"name":"wp","href":"https:\/\/api.w.org\/{rel}","templated":true}]}}