{"id":2173,"date":"2023-06-15T18:50:55","date_gmt":"2023-06-15T16:50:55","guid":{"rendered":"https:\/\/wia.net.pl\/?p=2173"},"modified":"2023-06-15T18:50:56","modified_gmt":"2023-06-15T16:50:56","slug":"sedzia-pokoju-krzysztof-kuna-cz-8","status":"publish","type":"post","link":"https:\/\/wia.net.pl\/index.php\/2023\/06\/15\/sedzia-pokoju-krzysztof-kuna-cz-8\/","title":{"rendered":"S\u0119dzia Pokoju \/ Krzysztof Kuna cz. 8"},"content":{"rendered":"\n<p><strong>Prawo Naturalne vs. Aparat S\u0105downiczo-Represyjny w Polsce \/ S\u0119dzia Pokoju \/ cz. 8<\/strong><\/p>\n\n\n<p><iframe loading=\"lazy\" id=\"odysee-iframe\" width=\"560\" height=\"315\" src=\"https:\/\/odysee.com\/$\/embed\/@wolnoscanarchia:d\/sedzia-8-+-odbudowa:3?r=DPjp8iKEfKgRaZuz8haiJoWzSogvDZqy\" allowfullscreen><\/iframe><\/p>\n\n\n\n<p><\/p>\n\n\n\n<p>Zapraszamy do wys\u0142uchania bardzo ciekawej audycji, w kt\u00f3rej nasz Go\u015b\u0107 Specjalny, S\u0119dzia Pokoju, Krzysztof Kuna wyja\u015bnia najwa\u017cniejsze kwestie dotycz\u0105ce Prawa Naturalnego i nie tylko.<\/p>\n\n\n\n<p>Ci\u0105g dalszy Przekr\u0119t\u00f3w Prawnych<\/p>\n\n\n\n<p>ZAPRASZAMY!!!<\/p>\n","protected":false},"excerpt":{"rendered":"<p>Prawo Naturalne vs. Aparat S\u0105downiczo-Represyjny w Polsce \/ S\u0119dzia Pokoju \/ cz. 8 Zapraszamy do wys\u0142uchania bardzo ciekawej audycji, w kt\u00f3rej nasz Go\u015b\u0107 Specjalny, S\u0119dzia Pokoju, Krzysztof Kuna wyja\u015bnia najwa\u017cniejsze kwestie dotycz\u0105ce Prawa Naturalnego i nie tylko. Ci\u0105g dalszy Przekr\u0119t\u00f3w&#8230; <\/p>\n","protected":false},"author":2,"featured_media":2174,"comment_status":"open","ping_status":"open","sticky":false,"template":"","format":"standard","meta":{"_acf_changed":false,"_bbp_topic_count":0,"_bbp_reply_count":0,"_bbp_total_topic_count":0,"_bbp_total_reply_count":0,"_bbp_voice_count":0,"_bbp_anonymous_reply_count":0,"_bbp_topic_count_hidden":0,"_bbp_reply_count_hidden":0,"_bbp_forum_subforum_count":0,"om_disable_all_campaigns":false,"_monsterinsights_skip_tracking":false,"footnotes":""},"categories":[16],"tags":[],"class_list":["post-2173","post","type-post","status-publish","format-standard","has-post-thumbnail","hentry","category-prawonaturalne"],"acf":[],"aioseo_notices":[],"aioseo_head":"\n\t\t<!-- All in One SEO 5.0.1.1 - aioseo.com -->\n\t<meta name=\"description\" content=\"Prawo Naturalne vs. Aparat S\u0105downiczo-Represyjny w Polsce \/ S\u0119dzia Pokoju \/ cz. 8 Zapraszamy do wys\u0142uchania bardzo ciekawej audycji, w kt\u00f3rej nasz Go\u015b\u0107 Specjalny, S\u0119dzia Pokoju, Krzysztof Kuna wyja\u015bnia najwa\u017cniejsze kwestie dotycz\u0105ce Prawa Naturalnego i nie tylko. Ci\u0105g dalszy Przekr\u0119t\u00f3w Prawnych ZAPRASZAMY!!!\" \/>\n\t<meta name=\"robots\" content=\"max-image-preview:large\" \/>\n\t<meta name=\"author\" content=\"trinity\"\/>\n\t<link rel=\"canonical\" href=\"https:\/\/wia.net.pl\/index.php\/2023\/06\/15\/sedzia-pokoju-krzysztof-kuna-cz-8\/\" \/>\n\t<meta name=\"generator\" content=\"All in One SEO (AIOSEO) 5.0.1.1\" \/>\n\t\t<meta property=\"og:locale\" content=\"pl_PL\" \/>\n\t\t<meta property=\"og:site_name\" content=\"Wolno\u015b\u0107 i Anarchia - Ka\u017cdy wewn\u0119trznie jest anarchist\u0105.\" \/>\n\t\t<meta property=\"og:type\" content=\"article\" \/>\n\t\t<meta property=\"og:title\" content=\"S\u0119dzia Pokoju \/ Krzysztof Kuna cz. 8 - Wolno\u015b\u0107 i Anarchia\" \/>\n\t\t<meta property=\"og:description\" content=\"Prawo Naturalne vs. Aparat S\u0105downiczo-Represyjny w Polsce \/ S\u0119dzia Pokoju \/ cz. 8 Zapraszamy do wys\u0142uchania bardzo ciekawej audycji, w kt\u00f3rej nasz Go\u015b\u0107 Specjalny, S\u0119dzia Pokoju, Krzysztof Kuna wyja\u015bnia najwa\u017cniejsze kwestie dotycz\u0105ce Prawa Naturalnego i nie tylko. Ci\u0105g dalszy Przekr\u0119t\u00f3w Prawnych ZAPRASZAMY!!!\" \/>\n\t\t<meta property=\"og:url\" content=\"https:\/\/wia.net.pl\/index.php\/2023\/06\/15\/sedzia-pokoju-krzysztof-kuna-cz-8\/\" \/>\n\t\t<meta property=\"og:image\" content=\"https:\/\/wia.net.pl\/wp-content\/uploads\/2023\/11\/cropped-freedom-i73367.jpg\" \/>\n\t\t<meta property=\"og:image:secure_url\" content=\"https:\/\/wia.net.pl\/wp-content\/uploads\/2023\/11\/cropped-freedom-i73367.jpg\" \/>\n\t\t<meta property=\"article:published_time\" content=\"2023-06-15T16:50:55+00:00\" \/>\n\t\t<meta property=\"article:modified_time\" content=\"2023-06-15T16:50:56+00:00\" \/>\n\t\t<meta name=\"twitter:card\" content=\"summary_large_image\" \/>\n\t\t<meta name=\"twitter:title\" content=\"S\u0119dzia Pokoju \/ Krzysztof Kuna cz. 8 - Wolno\u015b\u0107 i Anarchia\" \/>\n\t\t<meta name=\"twitter:description\" content=\"Prawo Naturalne vs. Aparat S\u0105downiczo-Represyjny w Polsce \/ S\u0119dzia Pokoju \/ cz. 8 Zapraszamy do wys\u0142uchania bardzo ciekawej audycji, w kt\u00f3rej nasz Go\u015b\u0107 Specjalny, S\u0119dzia Pokoju, Krzysztof Kuna wyja\u015bnia najwa\u017cniejsze kwestie dotycz\u0105ce Prawa Naturalnego i nie tylko. Ci\u0105g dalszy Przekr\u0119t\u00f3w Prawnych ZAPRASZAMY!!!\" \/>\n\t\t<meta name=\"twitter:image\" content=\"https:\/\/wia.net.pl\/wp-content\/uploads\/2023\/11\/cropped-freedom-i73367.jpg\" \/>\n\t\t<script type=\"application\/ld+json\" class=\"aioseo-schema\">\n\t\t\t{\"@context\":\"https:\\\/\\\/schema.org\",\"@graph\":[{\"@type\":\"BlogPosting\",\"@id\":\"https:\\\/\\\/wia.net.pl\\\/index.php\\\/2023\\\/06\\\/15\\\/sedzia-pokoju-krzysztof-kuna-cz-8\\\/#blogposting\",\"name\":\"S\\u0119dzia Pokoju \\\/ Krzysztof Kuna cz. 8 - Wolno\\u015b\\u0107 i Anarchia\",\"headline\":\"S\\u0119dzia Pokoju \\\/ Krzysztof Kuna cz. 8\",\"author\":{\"@id\":\"https:\\\/\\\/wia.net.pl\\\/index.php\\\/author\\\/trinity\\\/#author\"},\"publisher\":{\"@id\":\"https:\\\/\\\/wia.net.pl\\\/#person\"},\"image\":{\"@type\":\"ImageObject\",\"url\":\"https:\\\/\\\/wia.net.pl\\\/wp-content\\\/uploads\\\/2023\\\/06\\\/Prawo-Naturalne8.jpg\",\"width\":1920,\"height\":1080},\"datePublished\":\"2023-06-15T18:50:55+02:00\",\"dateModified\":\"2023-06-15T18:50:56+02:00\",\"inLanguage\":\"pl-PL\",\"mainEntityOfPage\":{\"@id\":\"https:\\\/\\\/wia.net.pl\\\/index.php\\\/2023\\\/06\\\/15\\\/sedzia-pokoju-krzysztof-kuna-cz-8\\\/#webpage\"},\"isPartOf\":{\"@id\":\"https:\\\/\\\/wia.net.pl\\\/index.php\\\/2023\\\/06\\\/15\\\/sedzia-pokoju-krzysztof-kuna-cz-8\\\/#webpage\"},\"articleSection\":\"Prawo naturalne\"},{\"@type\":\"BreadcrumbList\",\"@id\":\"https:\\\/\\\/wia.net.pl\\\/index.php\\\/2023\\\/06\\\/15\\\/sedzia-pokoju-krzysztof-kuna-cz-8\\\/#breadcrumblist\",\"itemListElement\":[{\"@type\":\"ListItem\",\"@id\":\"https:\\\/\\\/wia.net.pl#listItem\",\"position\":1,\"name\":\"Home\",\"item\":\"https:\\\/\\\/wia.net.pl\",\"nextItem\":{\"@type\":\"ListItem\",\"@id\":\"https:\\\/\\\/wia.net.pl\\\/index.php\\\/category\\\/prawonaturalne\\\/#listItem\",\"name\":\"Prawo naturalne\"}},{\"@type\":\"ListItem\",\"@id\":\"https:\\\/\\\/wia.net.pl\\\/index.php\\\/category\\\/prawonaturalne\\\/#listItem\",\"position\":2,\"name\":\"Prawo naturalne\",\"item\":\"https:\\\/\\\/wia.net.pl\\\/index.php\\\/category\\\/prawonaturalne\\\/\",\"nextItem\":{\"@type\":\"ListItem\",\"@id\":\"https:\\\/\\\/wia.net.pl\\\/index.php\\\/2023\\\/06\\\/15\\\/sedzia-pokoju-krzysztof-kuna-cz-8\\\/#listItem\",\"name\":\"S\\u0119dzia Pokoju \\\/ Krzysztof Kuna cz. 8\"},\"previousItem\":{\"@type\":\"ListItem\",\"@id\":\"https:\\\/\\\/wia.net.pl#listItem\",\"name\":\"Home\"}},{\"@type\":\"ListItem\",\"@id\":\"https:\\\/\\\/wia.net.pl\\\/index.php\\\/2023\\\/06\\\/15\\\/sedzia-pokoju-krzysztof-kuna-cz-8\\\/#listItem\",\"position\":3,\"name\":\"S\\u0119dzia Pokoju \\\/ Krzysztof Kuna cz. 8\",\"previousItem\":{\"@type\":\"ListItem\",\"@id\":\"https:\\\/\\\/wia.net.pl\\\/index.php\\\/category\\\/prawonaturalne\\\/#listItem\",\"name\":\"Prawo naturalne\"}}]},{\"@type\":\"Person\",\"@id\":\"https:\\\/\\\/wia.net.pl\\\/#person\",\"name\":\"Bart\\u0142omiej Talarczyk\",\"image\":{\"@type\":\"ImageObject\",\"@id\":\"https:\\\/\\\/wia.net.pl\\\/index.php\\\/2023\\\/06\\\/15\\\/sedzia-pokoju-krzysztof-kuna-cz-8\\\/#personImage\",\"url\":\"https:\\\/\\\/wia.net.pl\\\/wp-content\\\/uploads\\\/avatar-privacy\\\/cache\\\/user\\\/1\\\/7\\\/176a6b161c58363ff49b5c167264231f519f5c7fa183ca1f61e891769b6b56d5-96.jpg\",\"width\":96,\"height\":96,\"caption\":\"Bart\\u0142omiej Talarczyk\"}},{\"@type\":\"Person\",\"@id\":\"https:\\\/\\\/wia.net.pl\\\/index.php\\\/author\\\/trinity\\\/#author\",\"url\":\"https:\\\/\\\/wia.net.pl\\\/index.php\\\/author\\\/trinity\\\/\",\"name\":\"trinity\",\"image\":{\"@type\":\"ImageObject\",\"@id\":\"https:\\\/\\\/wia.net.pl\\\/index.php\\\/2023\\\/06\\\/15\\\/sedzia-pokoju-krzysztof-kuna-cz-8\\\/#authorImage\",\"url\":\"https:\\\/\\\/wia.net.pl\\\/wp-content\\\/uploads\\\/avatar-privacy\\\/cache\\\/user\\\/5\\\/f\\\/5f6547cf82495eaa10e100a6a45d5dbde2dfdc1be88557de2018fca705bdf6f1-96.jpg\",\"width\":96,\"height\":96,\"caption\":\"trinity\"}},{\"@type\":\"WebPage\",\"@id\":\"https:\\\/\\\/wia.net.pl\\\/index.php\\\/2023\\\/06\\\/15\\\/sedzia-pokoju-krzysztof-kuna-cz-8\\\/#webpage\",\"url\":\"https:\\\/\\\/wia.net.pl\\\/index.php\\\/2023\\\/06\\\/15\\\/sedzia-pokoju-krzysztof-kuna-cz-8\\\/\",\"name\":\"S\\u0119dzia Pokoju \\\/ Krzysztof Kuna cz. 8 - Wolno\\u015b\\u0107 i Anarchia\",\"description\":\"Prawo Naturalne vs. Aparat S\\u0105downiczo-Represyjny w Polsce \\\/ S\\u0119dzia Pokoju \\\/ cz. 8 Zapraszamy do wys\\u0142uchania bardzo ciekawej audycji, w kt\\u00f3rej nasz Go\\u015b\\u0107 Specjalny, S\\u0119dzia Pokoju, Krzysztof Kuna wyja\\u015bnia najwa\\u017cniejsze kwestie dotycz\\u0105ce Prawa Naturalnego i nie tylko. Ci\\u0105g dalszy Przekr\\u0119t\\u00f3w Prawnych ZAPRASZAMY!!!\",\"inLanguage\":\"pl-PL\",\"isPartOf\":{\"@id\":\"https:\\\/\\\/wia.net.pl\\\/#website\"},\"breadcrumb\":{\"@id\":\"https:\\\/\\\/wia.net.pl\\\/index.php\\\/2023\\\/06\\\/15\\\/sedzia-pokoju-krzysztof-kuna-cz-8\\\/#breadcrumblist\"},\"author\":{\"@id\":\"https:\\\/\\\/wia.net.pl\\\/index.php\\\/author\\\/trinity\\\/#author\"},\"creator\":{\"@id\":\"https:\\\/\\\/wia.net.pl\\\/index.php\\\/author\\\/trinity\\\/#author\"},\"image\":{\"@type\":\"ImageObject\",\"url\":\"https:\\\/\\\/wia.net.pl\\\/wp-content\\\/uploads\\\/2023\\\/06\\\/Prawo-Naturalne8.jpg\",\"@id\":\"https:\\\/\\\/wia.net.pl\\\/index.php\\\/2023\\\/06\\\/15\\\/sedzia-pokoju-krzysztof-kuna-cz-8\\\/#mainImage\",\"width\":1920,\"height\":1080},\"primaryImageOfPage\":{\"@id\":\"https:\\\/\\\/wia.net.pl\\\/index.php\\\/2023\\\/06\\\/15\\\/sedzia-pokoju-krzysztof-kuna-cz-8\\\/#mainImage\"},\"datePublished\":\"2023-06-15T18:50:55+02:00\",\"dateModified\":\"2023-06-15T18:50:56+02:00\"},{\"@type\":\"WebSite\",\"@id\":\"https:\\\/\\\/wia.net.pl\\\/#website\",\"url\":\"https:\\\/\\\/wia.net.pl\\\/\",\"name\":\"Wolno\\u015b\\u0107 i Anarchia\",\"description\":\"Ka\\u017cdy wewn\\u0119trznie jest anarchist\\u0105.\",\"inLanguage\":\"pl-PL\",\"publisher\":{\"@id\":\"https:\\\/\\\/wia.net.pl\\\/#person\"}}]}\n\t\t<\/script>\n\t\t<!-- All in One SEO -->\n\n","aioseo_head_json":{"title":"S\u0119dzia Pokoju \/ Krzysztof Kuna cz. 8 - Wolno\u015b\u0107 i Anarchia","description":"Prawo Naturalne vs. Aparat S\u0105downiczo-Represyjny w Polsce \/ S\u0119dzia Pokoju \/ cz. 8 Zapraszamy do wys\u0142uchania bardzo ciekawej audycji, w kt\u00f3rej nasz Go\u015b\u0107 Specjalny, S\u0119dzia Pokoju, Krzysztof Kuna wyja\u015bnia najwa\u017cniejsze kwestie dotycz\u0105ce Prawa Naturalnego i nie tylko. Ci\u0105g dalszy Przekr\u0119t\u00f3w Prawnych ZAPRASZAMY!!!","canonical_url":"https:\/\/wia.net.pl\/index.php\/2023\/06\/15\/sedzia-pokoju-krzysztof-kuna-cz-8\/","robots":"max-image-preview:large","keywords":"","webmasterTools":{"miscellaneous":""},"schema":{"@context":"https:\/\/schema.org","@graph":[{"@type":"BlogPosting","@id":"https:\/\/wia.net.pl\/index.php\/2023\/06\/15\/sedzia-pokoju-krzysztof-kuna-cz-8\/#blogposting","name":"S\u0119dzia Pokoju \/ Krzysztof Kuna cz. 8 - Wolno\u015b\u0107 i Anarchia","headline":"S\u0119dzia Pokoju \/ Krzysztof Kuna cz. 8","author":{"@id":"https:\/\/wia.net.pl\/index.php\/author\/trinity\/#author"},"publisher":{"@id":"https:\/\/wia.net.pl\/#person"},"image":{"@type":"ImageObject","url":"https:\/\/wia.net.pl\/wp-content\/uploads\/2023\/06\/Prawo-Naturalne8.jpg","width":1920,"height":1080},"datePublished":"2023-06-15T18:50:55+02:00","dateModified":"2023-06-15T18:50:56+02:00","inLanguage":"pl-PL","mainEntityOfPage":{"@id":"https:\/\/wia.net.pl\/index.php\/2023\/06\/15\/sedzia-pokoju-krzysztof-kuna-cz-8\/#webpage"},"isPartOf":{"@id":"https:\/\/wia.net.pl\/index.php\/2023\/06\/15\/sedzia-pokoju-krzysztof-kuna-cz-8\/#webpage"},"articleSection":"Prawo naturalne"},{"@type":"BreadcrumbList","@id":"https:\/\/wia.net.pl\/index.php\/2023\/06\/15\/sedzia-pokoju-krzysztof-kuna-cz-8\/#breadcrumblist","itemListElement":[{"@type":"ListItem","@id":"https:\/\/wia.net.pl#listItem","position":1,"name":"Home","item":"https:\/\/wia.net.pl","nextItem":{"@type":"ListItem","@id":"https:\/\/wia.net.pl\/index.php\/category\/prawonaturalne\/#listItem","name":"Prawo naturalne"}},{"@type":"ListItem","@id":"https:\/\/wia.net.pl\/index.php\/category\/prawonaturalne\/#listItem","position":2,"name":"Prawo naturalne","item":"https:\/\/wia.net.pl\/index.php\/category\/prawonaturalne\/","nextItem":{"@type":"ListItem","@id":"https:\/\/wia.net.pl\/index.php\/2023\/06\/15\/sedzia-pokoju-krzysztof-kuna-cz-8\/#listItem","name":"S\u0119dzia Pokoju \/ Krzysztof Kuna cz. 8"},"previousItem":{"@type":"ListItem","@id":"https:\/\/wia.net.pl#listItem","name":"Home"}},{"@type":"ListItem","@id":"https:\/\/wia.net.pl\/index.php\/2023\/06\/15\/sedzia-pokoju-krzysztof-kuna-cz-8\/#listItem","position":3,"name":"S\u0119dzia Pokoju \/ Krzysztof Kuna cz. 8","previousItem":{"@type":"ListItem","@id":"https:\/\/wia.net.pl\/index.php\/category\/prawonaturalne\/#listItem","name":"Prawo naturalne"}}]},{"@type":"Person","@id":"https:\/\/wia.net.pl\/#person","name":"Bart\u0142omiej Talarczyk","image":{"@type":"ImageObject","@id":"https:\/\/wia.net.pl\/index.php\/2023\/06\/15\/sedzia-pokoju-krzysztof-kuna-cz-8\/#personImage","url":"https:\/\/wia.net.pl\/wp-content\/uploads\/avatar-privacy\/cache\/user\/1\/7\/176a6b161c58363ff49b5c167264231f519f5c7fa183ca1f61e891769b6b56d5-96.jpg","width":96,"height":96,"caption":"Bart\u0142omiej Talarczyk"}},{"@type":"Person","@id":"https:\/\/wia.net.pl\/index.php\/author\/trinity\/#author","url":"https:\/\/wia.net.pl\/index.php\/author\/trinity\/","name":"trinity","image":{"@type":"ImageObject","@id":"https:\/\/wia.net.pl\/index.php\/2023\/06\/15\/sedzia-pokoju-krzysztof-kuna-cz-8\/#authorImage","url":"https:\/\/wia.net.pl\/wp-content\/uploads\/avatar-privacy\/cache\/user\/5\/f\/5f6547cf82495eaa10e100a6a45d5dbde2dfdc1be88557de2018fca705bdf6f1-96.jpg","width":96,"height":96,"caption":"trinity"}},{"@type":"WebPage","@id":"https:\/\/wia.net.pl\/index.php\/2023\/06\/15\/sedzia-pokoju-krzysztof-kuna-cz-8\/#webpage","url":"https:\/\/wia.net.pl\/index.php\/2023\/06\/15\/sedzia-pokoju-krzysztof-kuna-cz-8\/","name":"S\u0119dzia Pokoju \/ Krzysztof Kuna cz. 8 - Wolno\u015b\u0107 i Anarchia","description":"Prawo Naturalne vs. Aparat S\u0105downiczo-Represyjny w Polsce \/ S\u0119dzia Pokoju \/ cz. 8 Zapraszamy do wys\u0142uchania bardzo ciekawej audycji, w kt\u00f3rej nasz Go\u015b\u0107 Specjalny, S\u0119dzia Pokoju, Krzysztof Kuna wyja\u015bnia najwa\u017cniejsze kwestie dotycz\u0105ce Prawa Naturalnego i nie tylko. Ci\u0105g dalszy Przekr\u0119t\u00f3w Prawnych ZAPRASZAMY!!!","inLanguage":"pl-PL","isPartOf":{"@id":"https:\/\/wia.net.pl\/#website"},"breadcrumb":{"@id":"https:\/\/wia.net.pl\/index.php\/2023\/06\/15\/sedzia-pokoju-krzysztof-kuna-cz-8\/#breadcrumblist"},"author":{"@id":"https:\/\/wia.net.pl\/index.php\/author\/trinity\/#author"},"creator":{"@id":"https:\/\/wia.net.pl\/index.php\/author\/trinity\/#author"},"image":{"@type":"ImageObject","url":"https:\/\/wia.net.pl\/wp-content\/uploads\/2023\/06\/Prawo-Naturalne8.jpg","@id":"https:\/\/wia.net.pl\/index.php\/2023\/06\/15\/sedzia-pokoju-krzysztof-kuna-cz-8\/#mainImage","width":1920,"height":1080},"primaryImageOfPage":{"@id":"https:\/\/wia.net.pl\/index.php\/2023\/06\/15\/sedzia-pokoju-krzysztof-kuna-cz-8\/#mainImage"},"datePublished":"2023-06-15T18:50:55+02:00","dateModified":"2023-06-15T18:50:56+02:00"},{"@type":"WebSite","@id":"https:\/\/wia.net.pl\/#website","url":"https:\/\/wia.net.pl\/","name":"Wolno\u015b\u0107 i Anarchia","description":"Ka\u017cdy wewn\u0119trznie jest anarchist\u0105.","inLanguage":"pl-PL","publisher":{"@id":"https:\/\/wia.net.pl\/#person"}}]},"og:locale":"pl_PL","og:site_name":"Wolno\u015b\u0107 i Anarchia - Ka\u017cdy wewn\u0119trznie jest anarchist\u0105.","og:type":"article","og:title":"S\u0119dzia Pokoju \/ Krzysztof Kuna cz. 8 - Wolno\u015b\u0107 i Anarchia","og:description":"Prawo Naturalne vs. Aparat S\u0105downiczo-Represyjny w Polsce \/ S\u0119dzia Pokoju \/ cz. 8 Zapraszamy do wys\u0142uchania bardzo ciekawej audycji, w kt\u00f3rej nasz Go\u015b\u0107 Specjalny, S\u0119dzia Pokoju, Krzysztof Kuna wyja\u015bnia najwa\u017cniejsze kwestie dotycz\u0105ce Prawa Naturalnego i nie tylko. Ci\u0105g dalszy Przekr\u0119t\u00f3w Prawnych ZAPRASZAMY!!!","og:url":"https:\/\/wia.net.pl\/index.php\/2023\/06\/15\/sedzia-pokoju-krzysztof-kuna-cz-8\/","og:image":"https:\/\/wia.net.pl\/wp-content\/uploads\/2023\/11\/cropped-freedom-i73367.jpg","og:image:secure_url":"https:\/\/wia.net.pl\/wp-content\/uploads\/2023\/11\/cropped-freedom-i73367.jpg","article:published_time":"2023-06-15T16:50:55+00:00","article:modified_time":"2023-06-15T16:50:56+00:00","twitter:card":"summary_large_image","twitter:title":"S\u0119dzia Pokoju \/ Krzysztof Kuna cz. 8 - Wolno\u015b\u0107 i Anarchia","twitter:description":"Prawo Naturalne vs. Aparat S\u0105downiczo-Represyjny w Polsce \/ S\u0119dzia Pokoju \/ cz. 8 Zapraszamy do wys\u0142uchania bardzo ciekawej audycji, w kt\u00f3rej nasz Go\u015b\u0107 Specjalny, S\u0119dzia Pokoju, Krzysztof Kuna wyja\u015bnia najwa\u017cniejsze kwestie dotycz\u0105ce Prawa Naturalnego i nie tylko. Ci\u0105g dalszy Przekr\u0119t\u00f3w Prawnych ZAPRASZAMY!!!","twitter:image":"https:\/\/wia.net.pl\/wp-content\/uploads\/2023\/11\/cropped-freedom-i73367.jpg"},"aioseo_meta_data":{"post_id":"2173","title":null,"description":null,"keywords":[],"keyphrases":{"focus":{"keyphrase":"","score":0,"analysis":{"keyphraseInTitle":{"score":0,"maxScore":9,"error":1}}},"additional":[]},"primary_term":null,"canonical_url":null,"og_title":null,"og_description":null,"og_object_type":"default","og_image_type":"default","og_image_url":null,"og_image_width":null,"og_image_height":null,"og_image_custom_url":null,"og_image_custom_fields":null,"og_video":"","og_custom_url":null,"og_article_section":null,"og_article_tags":[],"twitter_use_og":false,"twitter_card":"default","twitter_image_type":"default","twitter_image_url":null,"twitter_image_custom_url":null,"twitter_image_custom_fields":null,"twitter_title":null,"twitter_description":null,"schema":{"blockGraphs":[],"customGraphs":[],"default":{"data":{"Article":[],"Course":[],"Dataset":[],"FAQPage":[],"Movie":[],"Person":[],"Product":[],"ProductReview":[],"Car":[],"Recipe":[],"Service":[],"SoftwareApplication":[],"WebPage":[]},"graphName":"","isEnabled":true},"graphs":[]},"schema_type":"default","schema_type_options":null,"pillar_content":false,"robots_default":true,"robots_noindex":false,"robots_noarchive":false,"robots_nosnippet":false,"robots_nofollow":false,"robots_noimageindex":false,"robots_noodp":false,"robots_notranslate":false,"robots_max_snippet":"-1","robots_max_videopreview":"-1","robots_max_imagepreview":"large","priority":0,"frequency":"default","local_seo":null,"breadcrumb_settings":null,"limit_modified_date":false,"ai":null,"created":"2023-06-15 16:50:56","updated":"2025-06-04 08:06:30","seo_analyzer_scan_date":null,"focus_keyword":null,"additional_keywords":null,"truseo_locale":null},"aioseo_breadcrumb":"<div class=\"aioseo-breadcrumbs\"><span class=\"aioseo-breadcrumb\">\n\t\t\t<a href=\"https:\/\/wia.net.pl\" title=\"Home\">Home<\/a>\n\t\t<\/span><span class=\"aioseo-breadcrumb-separator\">&raquo;<\/span><span class=\"aioseo-breadcrumb\">\n\t\t\t<a href=\"https:\/\/wia.net.pl\/index.php\/category\/prawonaturalne\/\" title=\"Prawo naturalne\">Prawo naturalne<\/a>\n\t\t<\/span><span class=\"aioseo-breadcrumb-separator\">&raquo;<\/span><span class=\"aioseo-breadcrumb\">\n\t\t\tS\u0119dzia Pokoju \/ Krzysztof Kuna cz. 8\n\t\t<\/span><\/div>","aioseo_breadcrumb_json":[{"label":"Home","link":"https:\/\/wia.net.pl"},{"label":"Prawo naturalne","link":"https:\/\/wia.net.pl\/index.php\/category\/prawonaturalne\/"},{"label":"S\u0119dzia Pokoju \/ Krzysztof Kuna cz. 8","link":"https:\/\/wia.net.pl\/index.php\/2023\/06\/15\/sedzia-pokoju-krzysztof-kuna-cz-8\/"}],"_links":{"self":[{"href":"https:\/\/wia.net.pl\/index.php\/wp-json\/wp\/v2\/posts\/2173"}],"collection":[{"href":"https:\/\/wia.net.pl\/index.php\/wp-json\/wp\/v2\/posts"}],"about":[{"href":"https:\/\/wia.net.pl\/index.php\/wp-json\/wp\/v2\/types\/post"}],"author":[{"embeddable":true,"href":"https:\/\/wia.net.pl\/index.php\/wp-json\/wp\/v2\/users\/2"}],"replies":[{"embeddable":true,"href":"https:\/\/wia.net.pl\/index.php\/wp-json\/wp\/v2\/comments?post=2173"}],"version-history":[{"count":1,"href":"https:\/\/wia.net.pl\/index.php\/wp-json\/wp\/v2\/posts\/2173\/revisions"}],"predecessor-version":[{"id":2175,"href":"https:\/\/wia.net.pl\/index.php\/wp-json\/wp\/v2\/posts\/2173\/revisions\/2175"}],"wp:featuredmedia":[{"embeddable":true,"href":"https:\/\/wia.net.pl\/index.php\/wp-json\/wp\/v2\/media\/2174"}],"wp:attachment":[{"href":"https:\/\/wia.net.pl\/index.php\/wp-json\/wp\/v2\/media?parent=2173"}],"wp:term":[{"taxonomy":"category","embeddable":true,"href":"https:\/\/wia.net.pl\/index.php\/wp-json\/wp\/v2\/categories?post=2173"},{"taxonomy":"post_tag","embeddable":true,"href":"https:\/\/wia.net.pl\/index.php\/wp-json\/wp\/v2\/tags?post=2173"}],"curies":[{"name":"wp","href":"https:\/\/api.w.org\/{rel}","templated":true}]}}