{"id":2270,"date":"2023-06-17T08:21:23","date_gmt":"2023-06-17T06:21:23","guid":{"rendered":"https:\/\/wia.net.pl\/?p=2270"},"modified":"2023-06-17T08:21:24","modified_gmt":"2023-06-17T06:21:24","slug":"mozg-internet-szosta-generacja-juz-za-9-lat","status":"publish","type":"post","link":"https:\/\/wia.net.pl\/index.php\/2023\/06\/17\/mozg-internet-szosta-generacja-juz-za-9-lat\/","title":{"rendered":"M\u00f3zg-Internet\/Sz\u00f3sta Generacja ju\u017c za 9 lat"},"content":{"rendered":"\n<p>Autor, <a href=\"https:\/\/www.globalresearch.ca\/author\/mojmir-babacek\">Mojmir Babacek<\/a><\/p>\n\n\n\n<p><\/p>\n\n\n\n<figure class=\"wp-block-image size-large\"><img loading=\"lazy\" decoding=\"async\" width=\"1024\" height=\"576\" src=\"https:\/\/wia.net.pl\/wp-content\/uploads\/2023\/06\/6G-1024x576.jpg\" alt=\"\" class=\"wp-image-2271\" srcset=\"https:\/\/wia.net.pl\/wp-content\/uploads\/2023\/06\/6G-1024x576.jpg 1024w, https:\/\/wia.net.pl\/wp-content\/uploads\/2023\/06\/6G-300x169.jpg 300w, https:\/\/wia.net.pl\/wp-content\/uploads\/2023\/06\/6G-768x432.jpg 768w, https:\/\/wia.net.pl\/wp-content\/uploads\/2023\/06\/6G-1536x864.jpg 1536w, https:\/\/wia.net.pl\/wp-content\/uploads\/2023\/06\/6G-480x270.jpg 480w, https:\/\/wia.net.pl\/wp-content\/uploads\/2023\/06\/6G.jpg 1920w\" sizes=\"(max-width: 1024px) 100vw, 1024px\" \/><\/figure>\n\n\n\n<p><\/p>\n\n\n\n<h2 class=\"wp-block-heading\">Ludzkie m\u00f3zgi i cia\u0142a nie s\u0105 chronione przed atakami fal elektromagnetycznych i neurotechnologii<\/h2>\n\n\n\n<h3 class=\"wp-block-heading\">Sz\u00f3sta generacja telefonii kom\u00f3rkowej planuje po\u0142\u0105czy\u0107 ludzkie m\u00f3zgi z Internetem<\/h3>\n\n\n\n<p><em><strong>Samuel Koslov<\/strong>&nbsp;, czo\u0142owa osobisto\u015b\u0107 projektu Pandora Marynarki Wojennej Stan\u00f3w Zjednoczonych i badacz z Uniwersytetu Johna Hopkinsa, w swoim przem\u00f3wieniu zamykaj\u0105cym konferencj\u0119 na temat elektrodynamiki nieliniowej w uk\u0142adach biologicznych w 1983 roku powiedzia\u0142, \u017ce konferencja udowodni\u0142a, \u017ce \u200b\u200bzewn\u0119trzne pola elektryczne mog\u0105 \u201esta\u0107 si\u0119 klucz do kontroli kom\u00f3rkowej\u2026 Konsekwencje spo\u0142eczne, ekonomiczne, a nawet militarne s\u0105 ogromne\u2026 mo\u017ce to by\u0107 wa\u017cniejsze dla narodu ni\u017c perspektywy, kt\u00f3re stan\u0119\u0142y przed spo\u0142eczno\u015bci\u0105 fizyk\u00f3w w 1939 r., kiedy faktycznie zademonstrowano przewidywan\u0105 od dawna zdolno\u015b\u0107 rozszczepiania j\u0105dra\u201d .&nbsp;Ludzie tak naprawd\u0119 nie wiedz\u0105, o czym m\u00f3wi\u0142 do dzisiaj, poniewa\u017c wiele z tego jest utajnionych i wykorzystywanych w badaniach nad broni\u0105.<\/em><\/p>\n\n\n\n<p>Cia\u0142o ludzkie jest pe\u0142ne zdarze\u0144 elektrycznych i elektromagnetycznych i dlatego mo\u017ce by\u0107 kontrolowane przez promieniowanie elektromagnetyczne, kt\u00f3re mo\u017ce mie\u0107 zar\u00f3wno \u0142agodny, jak i szkodliwy wp\u0142yw na jego stany.&nbsp;Mo\u017ce sterowa\u0107 nawet takimi zdarzeniami jak&nbsp;<a href=\"https:\/\/onlinelibrary.wiley.com\/doi\/abs\/10.1002\/bem.2250060107\">podzia\u0142y kom\u00f3rkowe<\/a>&nbsp;&nbsp;czy aktywno\u015b\u0107&nbsp;<a href=\"https:\/\/nyaspubs.onlinelibrary.wiley.com\/doi\/10.1111\/j.1749-6632.1975.tb35982.x\">neuron\u00f3w<\/a>&nbsp;, a tak\u017ce zsynchronizowan\u0105 aktywno\u015bci\u0105 masy neuron\u00f3w w m\u00f3zgu iw ten spos\u00f3b wytwarza\u0107 \u201esztuczn\u0105\u201d aktywno\u015b\u0107 uk\u0142adu nerwowego cz\u0142owieka.<\/p>\n\n\n\n<p>W 2021 r. Mi\u0119dzynarodowy Komitet Bioetyczny (IBC) UNESCO napisa\u0142: \u201eZewn\u0119trzne narz\u0119dzia, kt\u00f3re mog\u0105 ingerowa\u0107 w nasze decyzje, mog\u0105 podwa\u017cy\u0107, a nawet zakwestionowa\u0107 woln\u0105 wol\u0119 jednostki, a co za tym idzie, jej odpowiedzialno\u015b\u0107.&nbsp;W ten spos\u00f3b neurotechnologia mo\u017ce wp\u0142ywa\u0107 na wolno\u015b\u0107 my\u015bli, podejmowania decyzji i dzia\u0142ania.&nbsp;Razem wzi\u0119te,&nbsp;<a href=\"https:\/\/unesdoc.unesco.org\/ark:\/48223\/pf0000378724\">mog\u0105 one mie\u0107<\/a>&nbsp;g\u0142\u0119boki wp\u0142yw na systemy wymiaru sprawiedliwo\u015bci i organizacje spo\u0142eczne\u201d (str. 36).&nbsp;Na ko\u0144cu artyku\u0142u IBC zach\u0119ca swoje pa\u0144stwa cz\u0142onkowskie do \u201ezagwarantowania neuropraw swoim obywatelom\u201d (str.38).<\/p>\n\n\n\n<p>Aktywno\u015bci\u0105 ludzkiego m\u00f3zgu i cia\u0142a mo\u017cna manipulowa\u0107 za pomoc\u0105 fal elektromagnetycznych, poniewa\u017c pr\u0105dy elektryczne s\u0105 kluczowymi czynnikami aktywno\u015bci nerw\u00f3w i mi\u0119\u015bni.&nbsp;Ju\u017c w 1962 roku d\u017awi\u0119ki by\u0142y wytwarzane w ludzkich m\u00f3zgach przez mikrofale pulsuj\u0105ce w cz\u0119stotliwo\u015bciach aktywno\u015bci nerwowej ludzkiego&nbsp;<a href=\"https:\/\/journals.physiology.org\/doi\/abs\/10.1152\/jappl.1962.17.4.689\">uk\u0142adu s\u0142uchowego<\/a>&nbsp;.&nbsp;W 2007 roku&nbsp;<a href=\"https:\/\/www.washingtonpost.com\/wp-dyn\/content\/article\/2007\/01\/10\/AR2007011001399_pf.html\">Washington Post<\/a>&nbsp;napisa\u0142 o odtajnionym eksperymencie:<\/p>\n\n\n\n<p>\u201eW pa\u017adzierniku 1994 r. w laboratorium Si\u0142 Powietrznych\u2026 naukowcy byli w stanie przesy\u0142a\u0107 zdania do g\u0142\u00f3w ludzi, aczkolwiek z marginaln\u0105 zrozumia\u0142o\u015bci\u0105\u201d.<\/p>\n\n\n\n<p>W 2020 roku&nbsp;&nbsp;<a href=\"https:\/\/nap.nationalacademies.org\/catalog\/25889\/an-assessment-of-illness-in-us-government-employees-and-their-families-at-overseas-embassies\">Ameryka\u0144ska Akademia Nauk<\/a>&nbsp;napisa\u0142a w raporcie na temat atak\u00f3w ameryka\u0144skich dyplomat\u00f3w na Kubie iw Chinach, znanych jako syndrom hawa\u0144ski, \u017ce najbardziej prawdopodobn\u0105 przyczyn\u0105 ich problem\u00f3w by\u0142y skierowane pulsacyjne fale radiowe.&nbsp;Powszechnie wiadomo, \u017ce atakom tym towarzysz\u0105 sztucznie wytworzone halucynacje akustyczne.&nbsp;Wydarzenia te sugeruj\u0105, \u017ce impulsowe mikrofale s\u0105 ju\u017c dzi\u015b u\u017cywane jako bro\u0144.&nbsp;W rzeczywisto\u015bci, je\u015bli ludzka mowa zostanie przekszta\u0142cona w ultrad\u017awi\u0119ki, a nast\u0119pnie w impulsowe mikrofale lub bardzo d\u0142ugie fale elektromagnetyczne, cz\u0142owiek odbierze je jako w\u0142asne my\u015bli, poniewa\u017c ich nie us\u0142yszy.<\/p>\n\n\n\n<p><a href=\"https:\/\/www.globalresearch.ca\/mankind-able-prevent-abuse-new-technologies-against-democracy-human-rights\/5762756\">Czy ludzko\u015b\u0107 jest w stanie zapobiec nadu\u017cywaniu nowych technologii przeciwko demokracji i prawom cz\u0142owieka?<\/a><\/p>\n\n\n\n<p>W dniu 7 pa\u017adziernika 2022 r. dwadzie\u015bcia trzy kraje podpisa\u0142y dokument zobowi\u0105zuj\u0105cy \u201eKomitet Doradczy Rady Praw Cz\u0142owieka (Organizacji Narod\u00f3w Zjednoczonych) do przygotowania badania\u2026 na temat wp\u0142ywu, szans i wyzwa\u0144 zwi\u0105zanych z neurotechnologi\u0105 w odniesieniu do promocji i ochrony wszystkich praw cz\u0142owieka\u201d.&nbsp;Z\u0142o\u017cyli t\u0119 pro\u015bb\u0119:<\/p>\n\n\n\n<p>\u201e&nbsp;<a href=\"https:\/\/ecnl.org\/sites\/default\/files\/2022-10\/Res2.pdf\">Maj\u0105c na uwadze<\/a>&nbsp;, \u017ce neurotechnologia umo\u017cliwia bezpo\u015brednie pod\u0142\u0105czenie ludzkiego m\u00f3zgu do sieci cyfrowych za pomoc\u0105 urz\u0105dze\u0144 i procedur, kt\u00f3re mog\u0105 by\u0107 wykorzystywane mi\u0119dzy innymi do uzyskiwania dost\u0119pu, monitorowania i manipulowania uk\u0142adem nerwowym cz\u0142owieka\u201d.&nbsp;<\/p>\n\n\n\n<p>We wrze\u015bniu 2021 r.&nbsp;<a href=\"https:\/\/techxplore.com\/news\/2021-09-neurotechnology-advances-chile-neuro-rights.html\">chilijski parlament<\/a>&nbsp;udokumentowa\u0142 to niebezpiecze\u0144stwo, zatwierdzaj\u0105c ustaw\u0119 gwarantuj\u0105c\u0105 obywatelom Chile prawo do to\u017csamo\u015bci, wolnej woli i prywatno\u015bci psychicznej.&nbsp;G\u0142\u00f3wne \u015bwiatowe media nie relacjonowa\u0142y tego wydarzenia, udowadniaj\u0105c tym samym, \u017ce&nbsp;<a href=\"https:\/\/www.the-scientist.com\/news-opinion\/opinion-cell-phone-health-risk-40449\">technologie umo\u017cliwiaj\u0105ce zdalne sterowanie<\/a>&nbsp;ludzkim m\u00f3zgiem s\u0105 nadal utajnione.<\/p>\n\n\n\n<p>Najwyra\u017aniej teraz pilnym zadaniem \u015bwiatowych rz\u0105d\u00f3w jest p\u00f3j\u015bcie za przyk\u0142adem Chile i udowodnienie, \u017ce&nbsp;<strong>nie planuj\u0105 przekszta\u0142cenia swoich pa\u0144stw w pa\u0144stwa totalitarne, w kt\u00f3rych elity zamieniaj\u0105 obywateli w bioroboty sterowane przez superkomputery.&nbsp;<\/strong>Tysi\u0105ce ludzi na ca\u0142ym \u015bwiecie narzekaj\u0105, \u017ce s\u0105 nara\u017ceni na eksperymenty, kt\u00f3re sprawdzaj\u0105 zdolno\u015b\u0107 urz\u0105dze\u0144 neurotechnologicznych do pozbawiania ludzi wolno\u015bci my\u015blenia na odleg\u0142o\u015b\u0107 i zadawania im b\u00f3lu falami elektromagnetycznymi.<\/p>\n\n\n\n<p><strong>Obecne ustawodawstwo chroni\u0105ce prawa cz\u0142owieka musi zosta\u0107 zaktualizowane, aby uwzgl\u0119dni\u0107 nowe zagro\u017cenia wynikaj\u0105ce z post\u0119pu w neurotechnologii<\/strong>&nbsp;.&nbsp;Powinny zapewni\u0107 utworzenie zespo\u0142\u00f3w zdolnych do wykrywania atak\u00f3w elektromagnetycznych lub innego rodzaju, kt\u00f3re wytwarzaj\u0105 pr\u0105d elektryczny w ludzkim m\u00f3zgu lub ciele, pozbawiaj\u0105c ludzi wolno\u015bci my\u015bli i prywatno\u015bci lub rani\u0105c ich cia\u0142a.&nbsp;Zespo\u0142y, kt\u00f3re powinny tworzy\u0107 rz\u0105dy, powinny r\u00f3wnie\u017c umie\u0107 znajdowa\u0107 \u017ar\u00f3d\u0142a szkodliwego promieniowania i sprawc\u00f3w atak\u00f3w neurotechnologicznych oraz powinny obejmowa\u0107 przedstawicieli organizacji praw cz\u0142owieka, aby zapewni\u0107 niezale\u017cno\u015b\u0107 tych zespo\u0142\u00f3w od pot\u0119\u017cnych agencji pa\u0144stwowych.&nbsp;W przeciwnym razie przysz\u0142o\u015b\u0107 ludzko\u015bci nie b\u0119dzie szanowa\u0107 praw cz\u0142owieka i b\u0119dzie kontrolowana&nbsp;<strong>przez manipulator\u00f3w ludzkich umys\u0142\u00f3w, emocji i funkcji cia\u0142a.<\/strong><\/p>\n\n\n\n<p><strong>Manipulacji tej mog\u0142y dokonywa\u0107 tajne s\u0142u\u017cby obcych lub rodzimych rz\u0105d\u00f3w<\/strong>&nbsp;, wykorzystuj\u0105c pulsacyjne mikrofale transmisji telefonii kom\u00f3rkowej.&nbsp;<\/p>\n\n\n\n<p>Promieniowanie system\u00f3w telefonii kom\u00f3rkowej pi\u0105tej generacji (5G) ma by\u0107 wszechobecne i zdalnie kontrolowa\u0107 rzeczy (na przyk\u0142ad samochody autonomiczne).<\/p>\n\n\n\n<p><strong>Sz\u00f3sta generacja telefonii kom\u00f3rkowej planuje po\u0142\u0105czy\u0107 ludzkie m\u00f3zgi z Internetem, a pierwsza sprzeda\u017c tej technologii planowana jest ju\u017c za 9 lat (czy ludzie chc\u0105 by\u0107 por\u00f3wnywani do autonomicznych samochod\u00f3w?!).&nbsp;<\/strong>Mo\u017cna to zrealizowa\u0107 za pomoc\u0105 mikrofal pulsacyjnych, \u0142\u0105cz\u0105c ju\u017c dzi\u015b komputery i telefony kom\u00f3rkowe z antenami telefon\u00f3w kom\u00f3rkowych.&nbsp;<\/p>\n\n\n\n<p>Do manipulowania ludzkimi m\u00f3zgami mo\u017cna by wykorzysta\u0107 czynno\u015bci, jak r\u00f3wnie\u017c sieci elektryczne, je\u015bli s\u0105 one stworzone do wytwarzania bardzo d\u0142ugich fal elektromagnetycznych o cz\u0119stotliwo\u015bciach aktywno\u015bci neuron\u00f3w w ludzkich m\u00f3zgach (od 1 do 100 Hz).&nbsp;Fale takie ze wzgl\u0119du na swoj\u0105 d\u0142ugo\u015b\u0107 (od 300 tys. do 3 tys. km) s\u0105 w stanie pokry\u0107 du\u017ce obszary \u201eprzestrzeni m\u00f3zgowej\u201d.&nbsp;Takie fale mo\u017cna nawet wytworzy\u0107 poprzez manipulowanie jonosfer\u0105 w celu wytworzenia bardzo d\u0142ugich fal elektromagnetycznych o cz\u0119stotliwo\u015bciach m\u00f3zgowych.&nbsp;W 1999 roku Parlament Europejski bada\u0142 mo\u017cliwo\u015bci ameryka\u0144skiego systemu radarowego HAARP (&nbsp;<a href=\"https:\/\/www.europarl.europa.eu\/doceo\/document\/A-4-1999-0005_EN.html\">pozycja 30<\/a>) (obs\u0142uga tego obiektu zosta\u0142a przeniesiona z Si\u0142 Powietrznych Stan\u00f3w Zjednoczonych do University of Alaska w Fairbanks 11 sierpnia 2015 r.).&nbsp;Podobne mo\u017cliwo\u015bci ma rosyjski system radarowy SURA.&nbsp;Chiny faktycznie buduj\u0105 w\u0142asny, bardziej zaawansowany system po eksperymentach z rosyjskim systemem Sura (zobacz&nbsp;<a href=\"https:\/\/www.scmp.com\/news\/china\/science\/article\/2178214\/china-and-russia-band-together-controversial-heating-experiments\">this<\/a>&nbsp;).<\/p>\n\n\n\n<p>W 1994 roku&nbsp;<a href=\"https:\/\/apps.dtic.mil\/sti\/pdfs\/ADA283836.pdf\">Instytut Studi\u00f3w Strategicznych<\/a>&nbsp;w US Army War College napisa\u0142:<\/p>\n\n\n\n<p>\u201ePotencjalni lub potencjalni zwolennicy rebelii na ca\u0142ym \u015bwiecie zostali zidentyfikowani za pomoc\u0105 wszechstronnej Mi\u0119dzyagencyjnej Zintegrowanej Bazy Danych. Zostali oni sklasyfikowani jako \u201epotencjalni\u201d lub \u201eaktywni\u201d, przy czym zastosowano zaawansowane symulacje osobowo\u015bci do opracowania, dostosowania i ukierunkowania kampanii psychologicznych dla ka\u017cdego z nich\u201d (str. 24-25).&nbsp;<\/p>\n\n\n\n<p>Je\u015bli chcesz pom\u00f3c przekona\u0107 rz\u0105dy do ochrony siebie i swoich dzieci przed pozbawieniem prywatno\u015bci i wolno\u015bci, przyjed\u017a 10 czerwca na demonstracj\u0119 do Brukseli na Place du Luxembourg (przed Parlamentem Europejskim) o godzinie 12:00.&nbsp;Tam odb\u0119dzie si\u0119 mi\u0119dzynarodowa demonstracja przeciwko zagro\u017ceniom dla zdrowia ludzkiego i demokracji, jakie stwarza promieniowanie elektromagnetyczne.<\/p>\n\n\n\n<p>Wi\u0119cej informacji na ten temat mo\u017cna znale\u017a\u0107 w&nbsp;<a href=\"https:\/\/www.svobodamysleni.cz\/index.php\/blog\">artykule<\/a>&nbsp;: \u201ePsychoelektroniczne zagro\u017cenie dla demokracji\u201d (cytowane przez&nbsp;<a href=\"https:\/\/www.europarl.europa.eu\/RegData\/etudes\/etudes\/stoa\/2000\/168394\/DG-4-STOA_ET(2000)168394_EN(PAR02).pdf\">Parlament Europejski<\/a>&nbsp;w badaniu Crowd Control Technologies, nr referencyjny 354).&nbsp;<\/p>\n\n\n\n<p>*<\/p>\n\n\n\n<p>Uwaga dla czytelnik\u00f3w: kliknij przycisk udost\u0119pniania powy\u017cej.&nbsp;\u015aled\u017a nas na Instagramie i Twitterze oraz subskrybuj nasz kana\u0142 Telegram.&nbsp;Zach\u0119camy do ponownego publikowania i szerokiego udost\u0119pniania artyku\u0142\u00f3w Global Research.<\/p>\n\n\n\n<p><em><strong>Mojmir Babacek<\/strong>&nbsp;urodzi\u0142 si\u0119 w 1947 roku w Pradze w Czechach.&nbsp;W 1972 uko\u0144czy\u0142 studia na Uniwersytecie Karola w Pradze na wydziale filozofii i ekonomii politycznej.&nbsp;W 1978 podpisa\u0142 dokument o obronie praw cz\u0142owieka w komunistycznej Czechos\u0142owacji \u201eKarta 77\u201d.&nbsp;Od 1981 do 1988 przebywa\u0142 na emigracji w USA.&nbsp;Od 1996 roku publikuje artyku\u0142y na r\u00f3\u017cne tematy, g\u0142\u00f3wnie w czeskich i mi\u0119dzynarodowych mediach alternatywnych.<\/em><\/p>\n\n\n\n<p><em>W 2010 roku opublikowa\u0142 w j\u0119zyku czeskim ksi\u0105\u017ck\u0119 o atakach z 11 wrze\u015bnia.\u00a0Od lat 90-tych\u00a0stara\u00a0si\u0119 przyczyni\u0107 do wprowadzenia mi\u0119dzynarodowego zakazu zdalnego sterowania czynno\u015bci\u0105 uk\u0142adu nerwowego i umys\u0142\u00f3w cz\u0142owieka z wykorzystaniem neurotechnologii.<\/em><\/p>\n\n\n\n<p>Link \u017crod\u0142owy https:\/\/www.globalresearch.ca\/peoples-brains-bodies-not-protected-against-attacks-electromagnetic-waves-neurotechnologies\/5820193<\/p>\n","protected":false},"excerpt":{"rendered":"<p>Autor, Mojmir Babacek Ludzkie m\u00f3zgi i cia\u0142a nie s\u0105 chronione przed atakami fal elektromagnetycznych i neurotechnologii Sz\u00f3sta generacja telefonii kom\u00f3rkowej planuje po\u0142\u0105czy\u0107 ludzkie m\u00f3zgi z Internetem Samuel Koslov&nbsp;, czo\u0142owa osobisto\u015b\u0107 projektu Pandora Marynarki Wojennej Stan\u00f3w Zjednoczonych i badacz z Uniwersytetu&#8230; <\/p>\n","protected":false},"author":2,"featured_media":2271,"comment_status":"open","ping_status":"open","sticky":false,"template":"","format":"standard","meta":{"_acf_changed":false,"_bbp_topic_count":0,"_bbp_reply_count":0,"_bbp_total_topic_count":0,"_bbp_total_reply_count":0,"_bbp_voice_count":0,"_bbp_anonymous_reply_count":0,"_bbp_topic_count_hidden":0,"_bbp_reply_count_hidden":0,"_bbp_forum_subforum_count":0,"om_disable_all_campaigns":false,"_monsterinsights_skip_tracking":false,"footnotes":""},"categories":[93],"tags":[],"class_list":["post-2270","post","type-post","status-publish","format-standard","has-post-thumbnail","hentry","category-artykuly"],"acf":[],"aioseo_notices":[],"aioseo_head":"\n\t\t<!-- All in One SEO 5.0.1.1 - aioseo.com -->\n\t<meta name=\"description\" content=\"Autor, Mojmir Babacek Ludzkie m\u00f3zgi i cia\u0142a nie s\u0105 chronione przed atakami fal elektromagnetycznych i neurotechnologii Sz\u00f3sta generacja telefonii kom\u00f3rkowej planuje po\u0142\u0105czy\u0107 ludzkie m\u00f3zgi z Internetem Samuel Koslov , czo\u0142owa osobisto\u015b\u0107 projektu Pandora Marynarki Wojennej Stan\u00f3w Zjednoczonych i badacz z Uniwersytetu Johna Hopkinsa, w swoim przem\u00f3wieniu zamykaj\u0105cym konferencj\u0119 na temat elektrodynamiki nieliniowej w uk\u0142adach biologicznych w\" \/>\n\t<meta name=\"robots\" content=\"max-image-preview:large\" \/>\n\t<meta name=\"author\" content=\"trinity\"\/>\n\t<link rel=\"canonical\" href=\"https:\/\/wia.net.pl\/index.php\/2023\/06\/17\/mozg-internet-szosta-generacja-juz-za-9-lat\/\" \/>\n\t<meta name=\"generator\" content=\"All in One SEO (AIOSEO) 5.0.1.1\" \/>\n\t\t<meta property=\"og:locale\" content=\"pl_PL\" \/>\n\t\t<meta property=\"og:site_name\" content=\"Wolno\u015b\u0107 i Anarchia - Ka\u017cdy wewn\u0119trznie jest anarchist\u0105.\" \/>\n\t\t<meta property=\"og:type\" content=\"article\" \/>\n\t\t<meta property=\"og:title\" content=\"M\u00f3zg-Internet\/Sz\u00f3sta Generacja ju\u017c za 9 lat - Wolno\u015b\u0107 i Anarchia\" \/>\n\t\t<meta property=\"og:description\" content=\"Autor, Mojmir Babacek Ludzkie m\u00f3zgi i cia\u0142a nie s\u0105 chronione przed atakami fal elektromagnetycznych i neurotechnologii Sz\u00f3sta generacja telefonii kom\u00f3rkowej planuje po\u0142\u0105czy\u0107 ludzkie m\u00f3zgi z Internetem Samuel Koslov , czo\u0142owa osobisto\u015b\u0107 projektu Pandora Marynarki Wojennej Stan\u00f3w Zjednoczonych i badacz z Uniwersytetu Johna Hopkinsa, w swoim przem\u00f3wieniu zamykaj\u0105cym konferencj\u0119 na temat elektrodynamiki nieliniowej w uk\u0142adach biologicznych w\" \/>\n\t\t<meta property=\"og:url\" content=\"https:\/\/wia.net.pl\/index.php\/2023\/06\/17\/mozg-internet-szosta-generacja-juz-za-9-lat\/\" \/>\n\t\t<meta property=\"og:image\" content=\"https:\/\/wia.net.pl\/wp-content\/uploads\/2023\/11\/cropped-freedom-i73367.jpg\" \/>\n\t\t<meta property=\"og:image:secure_url\" content=\"https:\/\/wia.net.pl\/wp-content\/uploads\/2023\/11\/cropped-freedom-i73367.jpg\" \/>\n\t\t<meta property=\"article:published_time\" content=\"2023-06-17T06:21:23+00:00\" \/>\n\t\t<meta property=\"article:modified_time\" content=\"2023-06-17T06:21:24+00:00\" \/>\n\t\t<meta name=\"twitter:card\" content=\"summary_large_image\" \/>\n\t\t<meta name=\"twitter:title\" content=\"M\u00f3zg-Internet\/Sz\u00f3sta Generacja ju\u017c za 9 lat - Wolno\u015b\u0107 i Anarchia\" \/>\n\t\t<meta name=\"twitter:description\" content=\"Autor, Mojmir Babacek Ludzkie m\u00f3zgi i cia\u0142a nie s\u0105 chronione przed atakami fal elektromagnetycznych i neurotechnologii Sz\u00f3sta generacja telefonii kom\u00f3rkowej planuje po\u0142\u0105czy\u0107 ludzkie m\u00f3zgi z Internetem Samuel Koslov , czo\u0142owa osobisto\u015b\u0107 projektu Pandora Marynarki Wojennej Stan\u00f3w Zjednoczonych i badacz z Uniwersytetu Johna Hopkinsa, w swoim przem\u00f3wieniu zamykaj\u0105cym konferencj\u0119 na temat elektrodynamiki nieliniowej w uk\u0142adach biologicznych w\" \/>\n\t\t<meta name=\"twitter:image\" content=\"https:\/\/wia.net.pl\/wp-content\/uploads\/2023\/11\/cropped-freedom-i73367.jpg\" \/>\n\t\t<script type=\"application\/ld+json\" class=\"aioseo-schema\">\n\t\t\t{\"@context\":\"https:\\\/\\\/schema.org\",\"@graph\":[{\"@type\":\"BlogPosting\",\"@id\":\"https:\\\/\\\/wia.net.pl\\\/index.php\\\/2023\\\/06\\\/17\\\/mozg-internet-szosta-generacja-juz-za-9-lat\\\/#blogposting\",\"name\":\"M\\u00f3zg-Internet\\\/Sz\\u00f3sta Generacja ju\\u017c za 9 lat - Wolno\\u015b\\u0107 i Anarchia\",\"headline\":\"M\\u00f3zg-Internet\\\/Sz\\u00f3sta Generacja ju\\u017c za 9 lat\",\"author\":{\"@id\":\"https:\\\/\\\/wia.net.pl\\\/index.php\\\/author\\\/trinity\\\/#author\"},\"publisher\":{\"@id\":\"https:\\\/\\\/wia.net.pl\\\/#person\"},\"image\":{\"@type\":\"ImageObject\",\"url\":\"https:\\\/\\\/wia.net.pl\\\/wp-content\\\/uploads\\\/2023\\\/06\\\/6G.jpg\",\"width\":1920,\"height\":1080},\"datePublished\":\"2023-06-17T08:21:23+02:00\",\"dateModified\":\"2023-06-17T08:21:24+02:00\",\"inLanguage\":\"pl-PL\",\"mainEntityOfPage\":{\"@id\":\"https:\\\/\\\/wia.net.pl\\\/index.php\\\/2023\\\/06\\\/17\\\/mozg-internet-szosta-generacja-juz-za-9-lat\\\/#webpage\"},\"isPartOf\":{\"@id\":\"https:\\\/\\\/wia.net.pl\\\/index.php\\\/2023\\\/06\\\/17\\\/mozg-internet-szosta-generacja-juz-za-9-lat\\\/#webpage\"},\"articleSection\":\"Artyku\\u0142y\"},{\"@type\":\"BreadcrumbList\",\"@id\":\"https:\\\/\\\/wia.net.pl\\\/index.php\\\/2023\\\/06\\\/17\\\/mozg-internet-szosta-generacja-juz-za-9-lat\\\/#breadcrumblist\",\"itemListElement\":[{\"@type\":\"ListItem\",\"@id\":\"https:\\\/\\\/wia.net.pl#listItem\",\"position\":1,\"name\":\"Home\",\"item\":\"https:\\\/\\\/wia.net.pl\",\"nextItem\":{\"@type\":\"ListItem\",\"@id\":\"https:\\\/\\\/wia.net.pl\\\/index.php\\\/category\\\/artykuly\\\/#listItem\",\"name\":\"Artyku\\u0142y\"}},{\"@type\":\"ListItem\",\"@id\":\"https:\\\/\\\/wia.net.pl\\\/index.php\\\/category\\\/artykuly\\\/#listItem\",\"position\":2,\"name\":\"Artyku\\u0142y\",\"item\":\"https:\\\/\\\/wia.net.pl\\\/index.php\\\/category\\\/artykuly\\\/\",\"nextItem\":{\"@type\":\"ListItem\",\"@id\":\"https:\\\/\\\/wia.net.pl\\\/index.php\\\/2023\\\/06\\\/17\\\/mozg-internet-szosta-generacja-juz-za-9-lat\\\/#listItem\",\"name\":\"M\\u00f3zg-Internet\\\/Sz\\u00f3sta Generacja ju\\u017c za 9 lat\"},\"previousItem\":{\"@type\":\"ListItem\",\"@id\":\"https:\\\/\\\/wia.net.pl#listItem\",\"name\":\"Home\"}},{\"@type\":\"ListItem\",\"@id\":\"https:\\\/\\\/wia.net.pl\\\/index.php\\\/2023\\\/06\\\/17\\\/mozg-internet-szosta-generacja-juz-za-9-lat\\\/#listItem\",\"position\":3,\"name\":\"M\\u00f3zg-Internet\\\/Sz\\u00f3sta Generacja ju\\u017c za 9 lat\",\"previousItem\":{\"@type\":\"ListItem\",\"@id\":\"https:\\\/\\\/wia.net.pl\\\/index.php\\\/category\\\/artykuly\\\/#listItem\",\"name\":\"Artyku\\u0142y\"}}]},{\"@type\":\"Person\",\"@id\":\"https:\\\/\\\/wia.net.pl\\\/#person\",\"name\":\"Bart\\u0142omiej Talarczyk\",\"image\":{\"@type\":\"ImageObject\",\"@id\":\"https:\\\/\\\/wia.net.pl\\\/index.php\\\/2023\\\/06\\\/17\\\/mozg-internet-szosta-generacja-juz-za-9-lat\\\/#personImage\",\"url\":\"https:\\\/\\\/wia.net.pl\\\/wp-content\\\/uploads\\\/avatar-privacy\\\/cache\\\/user\\\/1\\\/7\\\/176a6b161c58363ff49b5c167264231f519f5c7fa183ca1f61e891769b6b56d5-96.jpg\",\"width\":96,\"height\":96,\"caption\":\"Bart\\u0142omiej Talarczyk\"}},{\"@type\":\"Person\",\"@id\":\"https:\\\/\\\/wia.net.pl\\\/index.php\\\/author\\\/trinity\\\/#author\",\"url\":\"https:\\\/\\\/wia.net.pl\\\/index.php\\\/author\\\/trinity\\\/\",\"name\":\"trinity\",\"image\":{\"@type\":\"ImageObject\",\"@id\":\"https:\\\/\\\/wia.net.pl\\\/index.php\\\/2023\\\/06\\\/17\\\/mozg-internet-szosta-generacja-juz-za-9-lat\\\/#authorImage\",\"url\":\"https:\\\/\\\/wia.net.pl\\\/wp-content\\\/uploads\\\/avatar-privacy\\\/cache\\\/user\\\/5\\\/f\\\/5f6547cf82495eaa10e100a6a45d5dbde2dfdc1be88557de2018fca705bdf6f1-96.jpg\",\"width\":96,\"height\":96,\"caption\":\"trinity\"}},{\"@type\":\"WebPage\",\"@id\":\"https:\\\/\\\/wia.net.pl\\\/index.php\\\/2023\\\/06\\\/17\\\/mozg-internet-szosta-generacja-juz-za-9-lat\\\/#webpage\",\"url\":\"https:\\\/\\\/wia.net.pl\\\/index.php\\\/2023\\\/06\\\/17\\\/mozg-internet-szosta-generacja-juz-za-9-lat\\\/\",\"name\":\"M\\u00f3zg-Internet\\\/Sz\\u00f3sta Generacja ju\\u017c za 9 lat - Wolno\\u015b\\u0107 i Anarchia\",\"description\":\"Autor, Mojmir Babacek Ludzkie m\\u00f3zgi i cia\\u0142a nie s\\u0105 chronione przed atakami fal elektromagnetycznych i neurotechnologii Sz\\u00f3sta generacja telefonii kom\\u00f3rkowej planuje po\\u0142\\u0105czy\\u0107 ludzkie m\\u00f3zgi z Internetem Samuel Koslov , czo\\u0142owa osobisto\\u015b\\u0107 projektu Pandora Marynarki Wojennej Stan\\u00f3w Zjednoczonych i badacz z Uniwersytetu Johna Hopkinsa, w swoim przem\\u00f3wieniu zamykaj\\u0105cym konferencj\\u0119 na temat elektrodynamiki nieliniowej w uk\\u0142adach biologicznych w\",\"inLanguage\":\"pl-PL\",\"isPartOf\":{\"@id\":\"https:\\\/\\\/wia.net.pl\\\/#website\"},\"breadcrumb\":{\"@id\":\"https:\\\/\\\/wia.net.pl\\\/index.php\\\/2023\\\/06\\\/17\\\/mozg-internet-szosta-generacja-juz-za-9-lat\\\/#breadcrumblist\"},\"author\":{\"@id\":\"https:\\\/\\\/wia.net.pl\\\/index.php\\\/author\\\/trinity\\\/#author\"},\"creator\":{\"@id\":\"https:\\\/\\\/wia.net.pl\\\/index.php\\\/author\\\/trinity\\\/#author\"},\"image\":{\"@type\":\"ImageObject\",\"url\":\"https:\\\/\\\/wia.net.pl\\\/wp-content\\\/uploads\\\/2023\\\/06\\\/6G.jpg\",\"@id\":\"https:\\\/\\\/wia.net.pl\\\/index.php\\\/2023\\\/06\\\/17\\\/mozg-internet-szosta-generacja-juz-za-9-lat\\\/#mainImage\",\"width\":1920,\"height\":1080},\"primaryImageOfPage\":{\"@id\":\"https:\\\/\\\/wia.net.pl\\\/index.php\\\/2023\\\/06\\\/17\\\/mozg-internet-szosta-generacja-juz-za-9-lat\\\/#mainImage\"},\"datePublished\":\"2023-06-17T08:21:23+02:00\",\"dateModified\":\"2023-06-17T08:21:24+02:00\"},{\"@type\":\"WebSite\",\"@id\":\"https:\\\/\\\/wia.net.pl\\\/#website\",\"url\":\"https:\\\/\\\/wia.net.pl\\\/\",\"name\":\"Wolno\\u015b\\u0107 i Anarchia\",\"description\":\"Ka\\u017cdy wewn\\u0119trznie jest anarchist\\u0105.\",\"inLanguage\":\"pl-PL\",\"publisher\":{\"@id\":\"https:\\\/\\\/wia.net.pl\\\/#person\"}}]}\n\t\t<\/script>\n\t\t<!-- All in One SEO -->\n\n","aioseo_head_json":{"title":"M\u00f3zg-Internet\/Sz\u00f3sta Generacja ju\u017c za 9 lat - Wolno\u015b\u0107 i Anarchia","description":"Autor, Mojmir Babacek Ludzkie m\u00f3zgi i cia\u0142a nie s\u0105 chronione przed atakami fal elektromagnetycznych i neurotechnologii Sz\u00f3sta generacja telefonii kom\u00f3rkowej planuje po\u0142\u0105czy\u0107 ludzkie m\u00f3zgi z Internetem Samuel Koslov , czo\u0142owa osobisto\u015b\u0107 projektu Pandora Marynarki Wojennej Stan\u00f3w Zjednoczonych i badacz z Uniwersytetu Johna Hopkinsa, w swoim przem\u00f3wieniu zamykaj\u0105cym konferencj\u0119 na temat elektrodynamiki nieliniowej w uk\u0142adach biologicznych w","canonical_url":"https:\/\/wia.net.pl\/index.php\/2023\/06\/17\/mozg-internet-szosta-generacja-juz-za-9-lat\/","robots":"max-image-preview:large","keywords":"","webmasterTools":{"miscellaneous":""},"schema":{"@context":"https:\/\/schema.org","@graph":[{"@type":"BlogPosting","@id":"https:\/\/wia.net.pl\/index.php\/2023\/06\/17\/mozg-internet-szosta-generacja-juz-za-9-lat\/#blogposting","name":"M\u00f3zg-Internet\/Sz\u00f3sta Generacja ju\u017c za 9 lat - Wolno\u015b\u0107 i Anarchia","headline":"M\u00f3zg-Internet\/Sz\u00f3sta Generacja ju\u017c za 9 lat","author":{"@id":"https:\/\/wia.net.pl\/index.php\/author\/trinity\/#author"},"publisher":{"@id":"https:\/\/wia.net.pl\/#person"},"image":{"@type":"ImageObject","url":"https:\/\/wia.net.pl\/wp-content\/uploads\/2023\/06\/6G.jpg","width":1920,"height":1080},"datePublished":"2023-06-17T08:21:23+02:00","dateModified":"2023-06-17T08:21:24+02:00","inLanguage":"pl-PL","mainEntityOfPage":{"@id":"https:\/\/wia.net.pl\/index.php\/2023\/06\/17\/mozg-internet-szosta-generacja-juz-za-9-lat\/#webpage"},"isPartOf":{"@id":"https:\/\/wia.net.pl\/index.php\/2023\/06\/17\/mozg-internet-szosta-generacja-juz-za-9-lat\/#webpage"},"articleSection":"Artyku\u0142y"},{"@type":"BreadcrumbList","@id":"https:\/\/wia.net.pl\/index.php\/2023\/06\/17\/mozg-internet-szosta-generacja-juz-za-9-lat\/#breadcrumblist","itemListElement":[{"@type":"ListItem","@id":"https:\/\/wia.net.pl#listItem","position":1,"name":"Home","item":"https:\/\/wia.net.pl","nextItem":{"@type":"ListItem","@id":"https:\/\/wia.net.pl\/index.php\/category\/artykuly\/#listItem","name":"Artyku\u0142y"}},{"@type":"ListItem","@id":"https:\/\/wia.net.pl\/index.php\/category\/artykuly\/#listItem","position":2,"name":"Artyku\u0142y","item":"https:\/\/wia.net.pl\/index.php\/category\/artykuly\/","nextItem":{"@type":"ListItem","@id":"https:\/\/wia.net.pl\/index.php\/2023\/06\/17\/mozg-internet-szosta-generacja-juz-za-9-lat\/#listItem","name":"M\u00f3zg-Internet\/Sz\u00f3sta Generacja ju\u017c za 9 lat"},"previousItem":{"@type":"ListItem","@id":"https:\/\/wia.net.pl#listItem","name":"Home"}},{"@type":"ListItem","@id":"https:\/\/wia.net.pl\/index.php\/2023\/06\/17\/mozg-internet-szosta-generacja-juz-za-9-lat\/#listItem","position":3,"name":"M\u00f3zg-Internet\/Sz\u00f3sta Generacja ju\u017c za 9 lat","previousItem":{"@type":"ListItem","@id":"https:\/\/wia.net.pl\/index.php\/category\/artykuly\/#listItem","name":"Artyku\u0142y"}}]},{"@type":"Person","@id":"https:\/\/wia.net.pl\/#person","name":"Bart\u0142omiej Talarczyk","image":{"@type":"ImageObject","@id":"https:\/\/wia.net.pl\/index.php\/2023\/06\/17\/mozg-internet-szosta-generacja-juz-za-9-lat\/#personImage","url":"https:\/\/wia.net.pl\/wp-content\/uploads\/avatar-privacy\/cache\/user\/1\/7\/176a6b161c58363ff49b5c167264231f519f5c7fa183ca1f61e891769b6b56d5-96.jpg","width":96,"height":96,"caption":"Bart\u0142omiej Talarczyk"}},{"@type":"Person","@id":"https:\/\/wia.net.pl\/index.php\/author\/trinity\/#author","url":"https:\/\/wia.net.pl\/index.php\/author\/trinity\/","name":"trinity","image":{"@type":"ImageObject","@id":"https:\/\/wia.net.pl\/index.php\/2023\/06\/17\/mozg-internet-szosta-generacja-juz-za-9-lat\/#authorImage","url":"https:\/\/wia.net.pl\/wp-content\/uploads\/avatar-privacy\/cache\/user\/5\/f\/5f6547cf82495eaa10e100a6a45d5dbde2dfdc1be88557de2018fca705bdf6f1-96.jpg","width":96,"height":96,"caption":"trinity"}},{"@type":"WebPage","@id":"https:\/\/wia.net.pl\/index.php\/2023\/06\/17\/mozg-internet-szosta-generacja-juz-za-9-lat\/#webpage","url":"https:\/\/wia.net.pl\/index.php\/2023\/06\/17\/mozg-internet-szosta-generacja-juz-za-9-lat\/","name":"M\u00f3zg-Internet\/Sz\u00f3sta Generacja ju\u017c za 9 lat - Wolno\u015b\u0107 i Anarchia","description":"Autor, Mojmir Babacek Ludzkie m\u00f3zgi i cia\u0142a nie s\u0105 chronione przed atakami fal elektromagnetycznych i neurotechnologii Sz\u00f3sta generacja telefonii kom\u00f3rkowej planuje po\u0142\u0105czy\u0107 ludzkie m\u00f3zgi z Internetem Samuel Koslov , czo\u0142owa osobisto\u015b\u0107 projektu Pandora Marynarki Wojennej Stan\u00f3w Zjednoczonych i badacz z Uniwersytetu Johna Hopkinsa, w swoim przem\u00f3wieniu zamykaj\u0105cym konferencj\u0119 na temat elektrodynamiki nieliniowej w uk\u0142adach biologicznych w","inLanguage":"pl-PL","isPartOf":{"@id":"https:\/\/wia.net.pl\/#website"},"breadcrumb":{"@id":"https:\/\/wia.net.pl\/index.php\/2023\/06\/17\/mozg-internet-szosta-generacja-juz-za-9-lat\/#breadcrumblist"},"author":{"@id":"https:\/\/wia.net.pl\/index.php\/author\/trinity\/#author"},"creator":{"@id":"https:\/\/wia.net.pl\/index.php\/author\/trinity\/#author"},"image":{"@type":"ImageObject","url":"https:\/\/wia.net.pl\/wp-content\/uploads\/2023\/06\/6G.jpg","@id":"https:\/\/wia.net.pl\/index.php\/2023\/06\/17\/mozg-internet-szosta-generacja-juz-za-9-lat\/#mainImage","width":1920,"height":1080},"primaryImageOfPage":{"@id":"https:\/\/wia.net.pl\/index.php\/2023\/06\/17\/mozg-internet-szosta-generacja-juz-za-9-lat\/#mainImage"},"datePublished":"2023-06-17T08:21:23+02:00","dateModified":"2023-06-17T08:21:24+02:00"},{"@type":"WebSite","@id":"https:\/\/wia.net.pl\/#website","url":"https:\/\/wia.net.pl\/","name":"Wolno\u015b\u0107 i Anarchia","description":"Ka\u017cdy wewn\u0119trznie jest anarchist\u0105.","inLanguage":"pl-PL","publisher":{"@id":"https:\/\/wia.net.pl\/#person"}}]},"og:locale":"pl_PL","og:site_name":"Wolno\u015b\u0107 i Anarchia - Ka\u017cdy wewn\u0119trznie jest anarchist\u0105.","og:type":"article","og:title":"M\u00f3zg-Internet\/Sz\u00f3sta Generacja ju\u017c za 9 lat - Wolno\u015b\u0107 i Anarchia","og:description":"Autor, Mojmir Babacek Ludzkie m\u00f3zgi i cia\u0142a nie s\u0105 chronione przed atakami fal elektromagnetycznych i neurotechnologii Sz\u00f3sta generacja telefonii kom\u00f3rkowej planuje po\u0142\u0105czy\u0107 ludzkie m\u00f3zgi z Internetem Samuel Koslov , czo\u0142owa osobisto\u015b\u0107 projektu Pandora Marynarki Wojennej Stan\u00f3w Zjednoczonych i badacz z Uniwersytetu Johna Hopkinsa, w swoim przem\u00f3wieniu zamykaj\u0105cym konferencj\u0119 na temat elektrodynamiki nieliniowej w uk\u0142adach biologicznych w","og:url":"https:\/\/wia.net.pl\/index.php\/2023\/06\/17\/mozg-internet-szosta-generacja-juz-za-9-lat\/","og:image":"https:\/\/wia.net.pl\/wp-content\/uploads\/2023\/11\/cropped-freedom-i73367.jpg","og:image:secure_url":"https:\/\/wia.net.pl\/wp-content\/uploads\/2023\/11\/cropped-freedom-i73367.jpg","article:published_time":"2023-06-17T06:21:23+00:00","article:modified_time":"2023-06-17T06:21:24+00:00","twitter:card":"summary_large_image","twitter:title":"M\u00f3zg-Internet\/Sz\u00f3sta Generacja ju\u017c za 9 lat - Wolno\u015b\u0107 i Anarchia","twitter:description":"Autor, Mojmir Babacek Ludzkie m\u00f3zgi i cia\u0142a nie s\u0105 chronione przed atakami fal elektromagnetycznych i neurotechnologii Sz\u00f3sta generacja telefonii kom\u00f3rkowej planuje po\u0142\u0105czy\u0107 ludzkie m\u00f3zgi z Internetem Samuel Koslov , czo\u0142owa osobisto\u015b\u0107 projektu Pandora Marynarki Wojennej Stan\u00f3w Zjednoczonych i badacz z Uniwersytetu Johna Hopkinsa, w swoim przem\u00f3wieniu zamykaj\u0105cym konferencj\u0119 na temat elektrodynamiki nieliniowej w uk\u0142adach biologicznych w","twitter:image":"https:\/\/wia.net.pl\/wp-content\/uploads\/2023\/11\/cropped-freedom-i73367.jpg"},"aioseo_meta_data":{"post_id":"2270","title":null,"description":null,"keywords":[],"keyphrases":{"focus":{"keyphrase":"","score":0,"analysis":{"keyphraseInTitle":{"score":0,"maxScore":9,"error":1}}},"additional":[]},"primary_term":null,"canonical_url":null,"og_title":null,"og_description":null,"og_object_type":"default","og_image_type":"default","og_image_url":null,"og_image_width":null,"og_image_height":null,"og_image_custom_url":null,"og_image_custom_fields":null,"og_video":"","og_custom_url":null,"og_article_section":null,"og_article_tags":[],"twitter_use_og":false,"twitter_card":"default","twitter_image_type":"default","twitter_image_url":null,"twitter_image_custom_url":null,"twitter_image_custom_fields":null,"twitter_title":null,"twitter_description":null,"schema":{"blockGraphs":[],"customGraphs":[],"default":{"data":{"Article":[],"Course":[],"Dataset":[],"FAQPage":[],"Movie":[],"Person":[],"Product":[],"ProductReview":[],"Car":[],"Recipe":[],"Service":[],"SoftwareApplication":[],"WebPage":[]},"graphName":"","isEnabled":true},"graphs":[]},"schema_type":"default","schema_type_options":null,"pillar_content":false,"robots_default":true,"robots_noindex":false,"robots_noarchive":false,"robots_nosnippet":false,"robots_nofollow":false,"robots_noimageindex":false,"robots_noodp":false,"robots_notranslate":false,"robots_max_snippet":"-1","robots_max_videopreview":"-1","robots_max_imagepreview":"large","priority":0,"frequency":"default","local_seo":null,"breadcrumb_settings":null,"limit_modified_date":false,"ai":null,"created":"2023-06-17 06:21:24","updated":"2025-06-04 08:09:03","seo_analyzer_scan_date":null,"focus_keyword":null,"additional_keywords":null,"truseo_locale":null},"aioseo_breadcrumb":"<div class=\"aioseo-breadcrumbs\"><span class=\"aioseo-breadcrumb\">\n\t\t\t<a href=\"https:\/\/wia.net.pl\" title=\"Home\">Home<\/a>\n\t\t<\/span><span class=\"aioseo-breadcrumb-separator\">&raquo;<\/span><span class=\"aioseo-breadcrumb\">\n\t\t\t<a href=\"https:\/\/wia.net.pl\/index.php\/category\/artykuly\/\" title=\"Artyku\u0142y\">Artyku\u0142y<\/a>\n\t\t<\/span><span class=\"aioseo-breadcrumb-separator\">&raquo;<\/span><span class=\"aioseo-breadcrumb\">\n\t\t\tM\u00f3zg-Internet\/Sz\u00f3sta Generacja ju\u017c za 9 lat\n\t\t<\/span><\/div>","aioseo_breadcrumb_json":[{"label":"Home","link":"https:\/\/wia.net.pl"},{"label":"Artyku\u0142y","link":"https:\/\/wia.net.pl\/index.php\/category\/artykuly\/"},{"label":"M\u00f3zg-Internet\/Sz\u00f3sta Generacja ju\u017c za 9 lat","link":"https:\/\/wia.net.pl\/index.php\/2023\/06\/17\/mozg-internet-szosta-generacja-juz-za-9-lat\/"}],"_links":{"self":[{"href":"https:\/\/wia.net.pl\/index.php\/wp-json\/wp\/v2\/posts\/2270"}],"collection":[{"href":"https:\/\/wia.net.pl\/index.php\/wp-json\/wp\/v2\/posts"}],"about":[{"href":"https:\/\/wia.net.pl\/index.php\/wp-json\/wp\/v2\/types\/post"}],"author":[{"embeddable":true,"href":"https:\/\/wia.net.pl\/index.php\/wp-json\/wp\/v2\/users\/2"}],"replies":[{"embeddable":true,"href":"https:\/\/wia.net.pl\/index.php\/wp-json\/wp\/v2\/comments?post=2270"}],"version-history":[{"count":1,"href":"https:\/\/wia.net.pl\/index.php\/wp-json\/wp\/v2\/posts\/2270\/revisions"}],"predecessor-version":[{"id":2272,"href":"https:\/\/wia.net.pl\/index.php\/wp-json\/wp\/v2\/posts\/2270\/revisions\/2272"}],"wp:featuredmedia":[{"embeddable":true,"href":"https:\/\/wia.net.pl\/index.php\/wp-json\/wp\/v2\/media\/2271"}],"wp:attachment":[{"href":"https:\/\/wia.net.pl\/index.php\/wp-json\/wp\/v2\/media?parent=2270"}],"wp:term":[{"taxonomy":"category","embeddable":true,"href":"https:\/\/wia.net.pl\/index.php\/wp-json\/wp\/v2\/categories?post=2270"},{"taxonomy":"post_tag","embeddable":true,"href":"https:\/\/wia.net.pl\/index.php\/wp-json\/wp\/v2\/tags?post=2270"}],"curies":[{"name":"wp","href":"https:\/\/api.w.org\/{rel}","templated":true}]}}