{"id":2343,"date":"2023-06-18T16:23:40","date_gmt":"2023-06-18T14:23:40","guid":{"rendered":"https:\/\/wia.net.pl\/?p=2343"},"modified":"2023-07-08T08:58:50","modified_gmt":"2023-07-08T06:58:50","slug":"wladza-za-tronem","status":"publish","type":"post","link":"https:\/\/wia.net.pl\/index.php\/2023\/06\/18\/wladza-za-tronem\/","title":{"rendered":"W\u0142adza za tronem"},"content":{"rendered":"\n<p>Autor, Larry&nbsp;<strong><a href=\"https:\/\/www.bluemoonofshanghai.com\/archives\/\">Romanoff<\/a>&nbsp;,<\/strong>&nbsp;11 maja 2023 r<\/p>\n\n\n\n<p><a href=\"https:\/\/www.bluemoonofshanghai.com\/books\/\"><strong>Ten artyku\u0142 w formacie PDF<\/strong><\/a><\/p>\n\n\n\n<p><\/p>\n\n\n\n<figure class=\"wp-block-image size-large\"><img loading=\"lazy\" decoding=\"async\" width=\"1024\" height=\"576\" src=\"https:\/\/wia.net.pl\/wp-content\/uploads\/2023\/06\/6728371-1024x576.jpg\" alt=\"\" class=\"wp-image-2344\" srcset=\"https:\/\/wia.net.pl\/wp-content\/uploads\/2023\/06\/6728371-1024x576.jpg 1024w, https:\/\/wia.net.pl\/wp-content\/uploads\/2023\/06\/6728371-300x169.jpg 300w, https:\/\/wia.net.pl\/wp-content\/uploads\/2023\/06\/6728371-768x432.jpg 768w, https:\/\/wia.net.pl\/wp-content\/uploads\/2023\/06\/6728371-1536x864.jpg 1536w, https:\/\/wia.net.pl\/wp-content\/uploads\/2023\/06\/6728371-480x270.jpg 480w, https:\/\/wia.net.pl\/wp-content\/uploads\/2023\/06\/6728371.jpg 1920w\" sizes=\"(max-width: 1024px) 100vw, 1024px\" \/><\/figure>\n\n\n\n<p><\/p>\n\n\n\n<p><em>Ten esej zawiera listy \u017byd\u00f3w zajmuj\u0105cych stanowiska w rz\u0105dzie federalnym USA, wraz z towarzysz\u0105c\u0105 im dyskusj\u0105 na temat zakresu i charakteru kontroli, jak\u0105 \u017bydzi posiadaj\u0105 i sprawuj\u0105 nad polityk\u0105 wewn\u0119trzn\u0105 i zagraniczn\u0105 USA.&nbsp;Informacje tutaj s\u0105 prezentowane w nadziei, \u017ce dadz\u0105 czytelnikom lepsze zrozumienie si\u0142 spo\u0142ecznych kszta\u0142tuj\u0105cych nasz \u015bwiat.<\/em><\/p>\n\n\n\n<p><strong>Spis tre\u015bci<\/strong><\/p>\n\n\n\n<p>Wst\u0119p<\/p>\n\n\n\n<p>Jak s\u0142odko jest by\u0107 \u017bydem<\/p>\n\n\n\n<p>\u0141\u0105czenie Niekt\u00f3re Kropki<\/p>\n\n\n\n<p>Zaprzeczenia i \u201eantysemityzm\u201d<\/p>\n\n\n\n<p>Cenzura nazwisk \u017cydowskich<\/p>\n\n\n\n<p>Kim jest \u017byd?<\/p>\n\n\n\n<p><strong>\u017bydzi w ostatnich administracjach Bia\u0142ego Domu:<\/strong><\/p>\n\n\n\n<p>Administracja Bidena &#8211; Cz\u0119\u015bciowa lista nominacji \u017cydowskich<\/p>\n\n\n\n<p>Administracja Trumpa &#8211; Cz\u0119\u015bciowa lista nominacji \u017cydowskich<\/p>\n\n\n\n<p>Administracja Obamy &#8211; Cz\u0119\u015bciowa lista nominacji \u017cydowskich<\/p>\n\n\n\n<p>Administracja Clintona &#8211; Cz\u0119\u015bciowa lista nominacji \u017cydowskich<\/p>\n\n\n\n<p><strong>Listy wed\u0142ug Departamentu Rz\u0105dowego<\/strong><\/p>\n\n\n\n<p>\u0179r\u00f3d\u0142a i metodologia<\/p>\n\n\n\n<p>Podstawowe \u017ar\u00f3d\u0142a<\/p>\n\n\n\n<p><strong>Cz\u0119\u015b\u0107 1 \u2013 Kontrola Prezydenta<\/strong><\/p>\n\n\n\n<p>Prezydenckie opiekunki do dzieci<\/p>\n\n\n\n<p>Asystenci Prezydenta<\/p>\n\n\n\n<p>doradcy prezydenta<\/p>\n\n\n\n<p>Prezydenckie ustniki<\/p>\n\n\n\n<p>Utrzymanie prezydenta z dala od wi\u0119zienia<\/p>\n\n\n\n<p><strong>Cz\u0119\u015b\u0107 2 \u2013 Kontrola \u017cydowskiej narracji<\/strong><\/p>\n\n\n\n<p>Rozpieszczanie \u201eofiar\u201d<\/p>\n\n\n\n<p><strong>Cz\u0119\u015b\u0107 3 \u2013 Kontrola gospodarki i bud\u017cetu federalnego<\/strong><\/p>\n\n\n\n<p>Zapewnienie przestrzegania \u017cydowskiej agendy dla gospodarki<\/p>\n\n\n\n<p>Ustalanie bud\u017cetu \u2013 zapewnienie przestrzegania priorytet\u00f3w wydatk\u00f3w \u017byd\u00f3w<\/p>\n\n\n\n<p><strong>Cz\u0119\u015b\u0107 4 \u2013 Kontrola pieni\u0119dzy<\/strong><\/p>\n\n\n\n<p>B\u0119d\u0105cy w\u0142asno\u015bci\u0105 \u017byd\u00f3w (Rothschild et al) FED<\/p>\n\n\n\n<p>Kontrola Skarbu Pa\u0144stwa i Instytucji Finansowych<\/p>\n\n\n\n<p><strong>Cz\u0119\u015b\u0107 5 \u2013 Kontrola handlu i handlu<\/strong><\/p>\n\n\n\n<p><strong>Cz\u0119\u015b\u0107 6 \u2013 Kontrola zdrowia, edukacji i opieki spo\u0142ecznej<\/strong><\/p>\n\n\n\n<p>CDC, NIH, HHS<\/p>\n\n\n\n<p>Kontrola COVID i szczepionek<\/p>\n\n\n\n<p><strong>Cz\u0119\u015b\u0107 7 \u2013 Kontrola sprawiedliwo\u015bci i niesprawiedliwo\u015bci<\/strong><\/p>\n\n\n\n<p>Departament Sprawiedliwo\u015bci USA<\/p>\n\n\n\n<p>Przekszta\u0142cenie agendy \u017cydowskiej w precedens s\u0105dowy<\/p>\n\n\n\n<p><strong>Cz\u0119\u015b\u0107 8 \u2013 Kontrola ameryka\u0144skiej strategii globalnej hegemonii<\/strong><\/p>\n\n\n\n<p>Rada Bezpiecze\u0144stwa Narodowego USA<\/p>\n\n\n\n<p>Bezpiecze\u0144stwo wewn\u0119trzne<\/p>\n\n\n\n<p>Mi\u0119dzynarodowe prze\u015bladowanie pod p\u0142aszczykiem demokracji<\/p>\n\n\n\n<p><strong>Cz\u0119\u015b\u0107 9 \u2013 Kontrola szpiegostwa i kolorowych rewolucji<\/strong><\/p>\n\n\n\n<p>Wywiad i szpiegostwo<\/p>\n\n\n\n<p><strong>Cz\u0119\u015b\u0107 10 \u2013 Kontrola wojny i grabie\u017cy<\/strong><\/p>\n\n\n\n<p><strong>Cz\u0119\u015b\u0107 11 \u2013 Kontrola nad \u015bwiatem<\/strong><\/p>\n\n\n\n<p>Departament Stanu USA<\/p>\n\n\n\n<p>ambasadorowie \u017cydowscy<\/p>\n\n\n\n<p><strong>Cz\u0119\u015b\u0107 12 \u2013 Kontrola prawie wszystkiego innego<\/strong><\/p>\n\n\n\n<p><strong>Cz\u0119\u015b\u0107 13 \u2013&nbsp;<\/strong><strong>\u017cydowscy cz\u0142onkowie Kongresu USA<\/strong><\/p>\n\n\n\n<p>Senat<\/p>\n\n\n\n<p>Izba Reprezentant\u00f3w<\/p>\n\n\n\n<p><strong>Cz\u0119\u015b\u0107 14 \u2013&nbsp;<\/strong><strong>\u017bydzi w rz\u0105dach pa\u0144stwowych<\/strong><\/p>\n\n\n\n<p><strong>Cz\u0119\u015b\u0107 15 \u2013 \u017bydowscy burmistrzowie ameryka\u0144skich miast<\/strong><\/p>\n\n\n\n<p><strong>Epilog<\/strong><\/p>\n\n\n\n<p><strong>Bo\u017ce Narodzenie w Bia\u0142ym Domu<\/strong><\/p>\n\n\n\n<p><strong>Wst\u0119p<\/strong><\/p>\n\n\n\n<p>Mo\u017ce to by\u0107 zaskoczeniem dla wielu czytelnik\u00f3w, ale \u017bydzi maj\u0105 praktycznie ca\u0142kowit\u0105 kontrol\u0119 nad wszystkimi wa\u017cnymi aspektami rz\u0105du USA, kontrol\u0119, kt\u00f3ra obejmuje zar\u00f3wno ustawodawstwo wewn\u0119trzne, jak i polityk\u0119 zagraniczn\u0105.&nbsp;Jest to tak prawdziwe, \u017ce nie jest mo\u017cliwe oddzielenie dzia\u0142a\u0144 lub polityk inicjowanych przez \u201eAmerykan\u00f3w\u201d od tych narzuconych przez ich \u017cydowskich zwierzchnik\u00f3w, iw rzeczywisto\u015bci niewiele jest polityki emanuj\u0105cej z USA, kt\u00f3r\u0105 mo\u017cna by uzna\u0107 za \u201eameryka\u0144sk\u0105\u201d w tre\u015bci.&nbsp;Jakkolwiek zaskakuj\u0105ce mo\u017ce si\u0119 to wydawa\u0107, prawdziwo\u015b\u0107 tego mo\u017cna \u0142atwo udowodni\u0107.<\/p>\n\n\n\n<p>Kiedy rz\u0105d Ukrainy zosta\u0142 obalony i wybrany prezydent kraju zosta\u0142 zast\u0105piony przez \u017byda, kt\u00f3ry wszcz\u0105\u0142 wojn\u0119 z Rosj\u0105, to inna \u017byd\u00f3wka, Victoria Nuland, w Departamencie Stanu, dokonywa\u0142a wyboru prezydenta i poci\u0105ga\u0142a za wszystkie sznurki .&nbsp;Bia\u0142y Dom i Kongres Stan\u00f3w Zjednoczonych by\u0142y niezaanga\u017cowane i potulnie milcza\u0142y, gdy to wszystko si\u0119 dzia\u0142o.&nbsp;\u201eAmerykanie\u201d ponios\u0105 win\u0119 za wynikaj\u0105cy z tego chaos, ale Amerykanie nie mieli w tym udzia\u0142u;&nbsp;Stany Zjednoczone s\u0105 jedynie narz\u0119dziem dla chazarskich \u017byd\u00f3w do osi\u0105gni\u0119cia ich cel\u00f3w, funkcjonuj\u0105c przede wszystkim jako Prywatna Armia Bankier\u00f3w.&nbsp;Kiedy Izrael chcia\u0142 najnowszej wersji ameryka\u0144skiego samolotu wojskowego, ameryka\u0144scy genera\u0142owie odm\u00f3wili, m\u00f3wi\u0105c, \u017ce potrzebuj\u0105 samolotu i \u017ce Kongres nigdy nie zatwierdzi transferu.&nbsp;Prezydent Izraela Benjamin Netanjahu powiedzia\u0142: \u201ePo prostu przygotuj samolot.<\/p>\n\n\n\n<p>\u017bydzi nie wahaj\u0105 si\u0119 otwarcie \u017c\u0105da\u0107 pos\u0142usze\u0144stwa od cz\u0142onk\u00f3w Kongresu USA, ani nie cofaj\u0105 si\u0119 przed karaniem niepos\u0142usznych.&nbsp;Jak zauwa\u017cy\u0142em w poprzednim eseju o G\u0142\u0119bokim Pa\u0144stwie&nbsp;<a href=\"https:\/\/www.bluemoonofshanghai.com\/politics\/10240\/\"><strong>[1]<\/strong><\/a>&nbsp;,<a href=\"https:\/\/www.bluemoonofshanghai.com\/politics\/10240\/\"><strong><\/strong><\/a>&nbsp;kongresmeni i senatorowie USA s\u0105 dos\u0142ownie zmuszani do podpisania przysi\u0119gi wierno\u015bci Izraelowi i \u017bydom pod gro\u017ab\u0105 przegrania nast\u0119pnych wybor\u00f3w.&nbsp;Nie jest tajemnic\u0105, \u017ce obecnie&nbsp;<strong>g\u0142\u00f3wnym warunkiem wst\u0119pnym wyboru na jakiekolwiek stanowisko w rz\u0105dzie USA jest stanowcze publiczne zaanga\u017cowanie w program \u017byd\u00f3w, cokolwiek to mo\u017ce obejmowa\u0107.<\/strong><\/p>\n\n\n\n<p>Mo\u017cemy \u0142atwo zidentyfikowa\u0107 te same wzorce w finansach i bankowo\u015bci, w ustawodawstwie korporacyjnym, w polityce spo\u0142ecznej dotycz\u0105cej zw\u0142aszcza aborcji, edukacji, kwestii p\u0142ci i seksualno\u015bci, w przepisach dotycz\u0105cych bezpiecze\u0144stwa \u017cywno\u015bci, w \u015bwiecie farmaceutycznym i wielu innych.&nbsp;We wszystkich tych obszarach \u017bydzi kieruj\u0105 procesem, bardzo cz\u0119sto zza kulis, ale coraz cz\u0119\u015bciej odbywa si\u0119 to na otwartej przestrzeni.&nbsp;Absolutna dominacja \u017byd\u00f3w we wszystkich mediach g\u0142\u00f3wnego nurtu, mediach spo\u0142eczno\u015bciowych, wyszukiwarkach internetowych, publikowaniu ksi\u0105\u017cek i czasopism oraz reklamie zapewnia im ca\u0142kowit\u0105 kontrol\u0119 nad informacjami, a tym samym nad postrzeganiem ich przez opini\u0119 publiczn\u0105.<\/p>\n\n\n\n<p>Stwierdzenia te s\u0105 r\u00f3wnie prawdziwe, przynajmniej w znacznej cz\u0119\u015bci, we wszystkich krajach zachodnich, a tak\u017ce w wielu innych, takich jak Republika Po\u0142udniowej Afryki i Japonia.&nbsp;Odsetek \u017byd\u00f3w w rz\u0105dach innych narod\u00f3w mo\u017ce nie by\u0107 tak dramatycznie wysoki jak w USA, ale mimo wszystko istnieje \u017cydowska dominacja i kontrola.&nbsp;<strong>Wiele kraj\u00f3w zachodnich, na przyk\u0142ad Niemcy, s\u0105 w praktyce koloniami \u017cydowskimi.&nbsp;<\/strong>Kanada, Francja, Anglia, W\u0142ochy, Holandia nie s\u0105 lepsze.&nbsp;Wydaje si\u0119, \u017ce nie jest powszechnie znana, ale&nbsp;<strong>w\u0142a\u015bnie dlatego demokracja zosta\u0142a stworzona jako forma rz\u0105d\u00f3w&nbsp;<\/strong>;&nbsp;<a href=\"https:\/\/www.bluemoonofshanghai.com\/politics\/9188\/\"><strong>[2]<\/strong><\/a>&nbsp;jest to jedyny system rz\u0105d\u00f3w, kt\u00f3ry pozwala przybyszom z zewn\u0105trz na przej\u0119cie ca\u0142kowitej kontroli zza kulis.<\/p>\n\n\n\n<p>\u017bydzi zajmuj\u0105 ogromn\u0105 i ogromnie nieproporcjonaln\u0105 liczb\u0119 stanowisk w rz\u0105dzie USA na wszystkich szczeblach, od sekretarza stanu do urz\u0119dnika ds. komunikacji.&nbsp;Wielu z tych ludzi ma podw\u00f3jne obywatelstwo izraelsko-ameryka\u0144skie z wyra\u017anie towarzysz\u0105c\u0105 lojalno\u015bci\u0105, prawie wszyscy s\u0105 r\u00f3wnie\u017c syjonistami.&nbsp;Ten esej przedstawia niekt\u00f3re zgromadzone dowody zebrane z r\u00f3\u017cnych publicznie dost\u0119pnych \u017ar\u00f3de\u0142.&nbsp;W \u017cadnym wypadku nie jest kompletna;&nbsp;pe\u0142na lista zawiera\u0142aby wiele tysi\u0119cy nazwisk.<\/p>\n\n\n\n<p>Przegl\u0105daj\u0105c poni\u017csze listy, nale\u017cy pami\u0119ta\u0107 o kilku kwestiach.&nbsp;Jednym z nich jest to, \u017ce&nbsp;<strong>ka\u017cde nazwisko jest tylko wierzcho\u0142kiem \u017cydowskiej piramidy.&nbsp;<\/strong>Poniewa\u017c te osoby s\u0105 prawie wszystkie na stanowiskach kierowniczych z du\u017cymi departamentami pod ich rz\u0105dami, po kolei mianuj\u0105 wielu innych \u017byd\u00f3w.&nbsp;\u017bydowski sekretarz stanu mianuje wielu \u017byd\u00f3w na r\u00f3\u017cne biura Departamentu Stanu i wielu \u017cydowskich ambasador\u00f3w USA.&nbsp;Podobnie z Obron\u0105, Skarbem, Handlem i tak dalej.&nbsp;Je\u015bli dodamy do tego wszystkich opiekun\u00f3w, pomocnik\u00f3w, asystent\u00f3w, zast\u0119pc\u00f3w, prawnik\u00f3w, doradc\u00f3w oraz rzesz\u0119 wysokich i \u015bredniego szczebla biurokrat\u00f3w i decydent\u00f3w, liczba etnicznych \u017byd\u00f3w w typowej ameryka\u0144skiej administracji wyniesie prawdopodobnie od 40% do 50 %.&nbsp;Jest to fakt uznany i przyznany przez samych ameryka\u0144skich \u017byd\u00f3w, jedna z prominentnych publikacji \u017cydowskich stwierdza:<strong>\u201eStany Zjednoczone nie maj\u0105 ju\u017c rz\u0105du goj\u00f3w [goj\u00f3w], ale administracj\u0119, w kt\u00f3rej \u017bydzi s\u0105 pe\u0142noprawnymi partnerami w podejmowaniu decyzji na wszystkich poziomach\u201d.&nbsp;<a href=\"https:\/\/archive.org\/stream\/ChuckCensoredHistoryBritainPutJewsInConcentrationCampDuringWWII\/Chuck%20%20Censored%20History%3A%20Britain%20put%20Jews%20in%20Concentration%20Camp%20During%20WWII_djvu.txt\">[2a]<\/a><\/strong><\/p>\n\n\n\n<p>Wed\u0142ug Jewish Forward&nbsp;<strong>[3]<\/strong>&nbsp;, kiedy&nbsp;<a href=\"https:\/\/en.wikipedia.org\/wiki\/John_M._Deutch\"><strong>John Deutch<\/strong><\/a>&nbsp;zosta\u0142 mianowany dyrektorem CIA, natychmiast \u201edokona\u0142 szeregu zmian personalnych\u201d, mianuj\u0105c&nbsp;<a href=\"https:\/\/en.wikipedia.org\/wiki\/David_S._Cohen_(attorney)\"><strong>Davida Cohena<\/strong><\/a>&nbsp;zast\u0119pc\u0105 dyrektora i&nbsp;<a href=\"https:\/\/www.copvcia.com\/free\/ciadrugs\/052401_slatkin_story.html\"><strong>Nor\u0119 Slatkin<\/strong><\/a>&nbsp;dyrektorem wykonawczym, daj\u0105c jej \u201eszerok\u0105, bezprecedensow\u0105 w\u0142adz\u0119 nad wicedyrektorami\u201d.&nbsp;\u017bydzi obsadzili r\u00f3wnie\u017c cztery z siedmiu dyrekcji CIA, a inny \u017byd,&nbsp;<strong><a href=\"https:\/\/en.wikipedia.org\/wiki\/Arlen_Specter\">Arlen Specter<\/a>&nbsp;,<\/strong>&nbsp;zosta\u0142 mianowany mniej wi\u0119cej w tym samym czasie na przewodnicz\u0105cego Senackiej Komisji Wywiadowczej, daj\u0105c \u017bydom wirtualn\u0105 kontrol\u0119 nad dzia\u0142aniami CIA.&nbsp;By\u0142 to \u017byd&nbsp;<a href=\"https:\/\/en.wikipedia.org\/wiki\/Sidney_Gottlieb\"><strong>Sydney Gottlieb<\/strong><\/a>kt\u00f3ry zosta\u0142 mianowany szefem nieludzkiego programu CIA MK-ULTRA, z innymi \u017bydami umieszczonymi na stanowiskach \u015bwiatowych morderstw politycznych i projekt\u00f3w zab\u00f3jstw.&nbsp;<a href=\"https:\/\/www.theguardian.com\/commentisfree\/2006\/nov\/28\/post689\"><strong>[4]<\/strong><\/a>&nbsp;Jedna taka osoba,&nbsp;<a href=\"https:\/\/powerbase.info\/index.php\/Samuel_Halpern\"><strong>Samuel Halpern<\/strong><\/a>&nbsp;, by\u0142 \u201eoficerem wykonawczym grupy zadaniowej W\u201d, kt\u00f3ra zosta\u0142a utworzona w celu zabicia Fidela Castro z Kuby&nbsp;<a href=\"https:\/\/archive.org\/details\/whiteoutciadrugs00cock\"><strong>[5]&nbsp;<\/strong><\/a><a href=\"https:\/\/www.latimes.com\/archives\/la-xpm-1997-nov-18-me-54914-story.html\"><strong>[6]&nbsp;<\/strong><\/a><a href=\"https:\/\/www.globalresearch.ca\/seymour-hersh-the-cia-is-filled-with-criminals\/5643391\"><strong>[7]<\/strong><\/a>&nbsp;\u2013 g\u0142\u00f3wnie w odwecie za wyp\u0119dzenie \u017byd\u00f3w przez Castro po rewolucji , z obwinianiem \u201eAmerykan\u00f3w\u201d za wszystkie nieudane zamachy na \u017cycie Castro.<\/p>\n\n\n\n<p>Podobnie, kiedy&nbsp;<a href=\"https:\/\/en.wikipedia.org\/wiki\/Madeleine_Albright\"><strong>Madeleine Albright<\/strong><\/a>&nbsp;zosta\u0142a mianowana sekretarzem stanu USA, natychmiast zorganizowa\u0142a list\u0119 kandydat\u00f3w na wszystkie najwy\u017csze stanowiska w Departamencie Stanu, kt\u00f3ra sk\u0142ada\u0142a si\u0119 wy\u0142\u0105cznie z \u017byd\u00f3w.&nbsp;Natychmiast mianowa\u0142a&nbsp;<strong><a href=\"https:\/\/en.wikipedia.org\/wiki\/Dennis_Ross\">Dennisa Rossa<\/a>&nbsp;,&nbsp;<a href=\"https:\/\/en.wikipedia.org\/wiki\/Category:American_Jews\">Stuarta Eizenstadta<\/a>&nbsp;,&nbsp;<a href=\"https:\/\/www.nndb.com\/people\/532\/000119175\/\">Marka Grossmana<\/a>&nbsp;,&nbsp;<a href=\"https:\/\/jweekly.com\/1997\/12\/05\/jews-now-flocking-to-foreign-service-careers-in-u-s\/\">Princeton Lymana<\/a>&nbsp;,&nbsp;<a href=\"https:\/\/www.jewishvirtuallibrary.org\/howard-wolpe-iii\">Howarda Wolpe<\/a>&nbsp;,&nbsp;<a href=\"https:\/\/jweekly.com\/1997\/12\/05\/jews-now-flocking-to-foreign-service-careers-in-u-s\/\">Stanleya Rotha<\/a>&nbsp;,&nbsp;<a href=\"https:\/\/jweekly.com\/1997\/12\/05\/jews-now-flocking-to-foreign-service-careers-in-u-s\/\">Jeffa Davidowa<\/a>&nbsp;,&nbsp;<a href=\"https:\/\/en.wikipedia.org\/wiki\/Martin_Indyk\">Martina Indyka<\/a><\/strong>.&nbsp;Departament Stanu zawiesi\u0142 Indykowi jego po\u015bwiadczenie bezpiecze\u0144stwa za \u201epodejrzenie naruszenia\u201d norm bezpiecze\u0144stwa \u201eprzez d\u0142ugi czas\u201d, ale to i tak nie powstrzyma\u0142o Albrighta przed oczyszczeniem go.&nbsp;W powi\u0105zanych wiadomo\u015bciach co\u015b podobnego wydarzy\u0142o si\u0119 z opiekunem Donalda Trumpa i nosicielem instrukcji od jego pan\u00f3w w londy\u0144skim City \u2013 jego zi\u0119cia, Jareda&nbsp;<a href=\"https:\/\/en.wikipedia.org\/wiki\/Jared_Kushner\"><strong>Kushnera<\/strong><\/a>&nbsp;, kt\u00f3ry najwyra\u017aniej nie zda\u0142 wszystkich kategorii egzamin\u00f3w bezpiecze\u0144stwa, ale i tak zosta\u0142 wyznaczony.<\/p>\n\n\n\n<p>Nawet je\u015bli nominowani nie s\u0105 \u017bydami, lobby \u017cydowskie zwykle ma wiele powod\u00f3w do \u015bwi\u0119towania.&nbsp;Na pocz\u0105tku pierwszej kadencji Clintona w 1993 r. MetroWest Jewish News chwali\u0142 si\u0119, \u017ce \u201enowa administracja [Clintona] b\u0119dzie mia\u0142a r\u00f3wnie\u017c dodatkow\u0105 si\u0142\u0119 dw\u00f3ch bardzo silnych [nie\u017cydowskich] zwolennik\u00f3w Izraela jako sekretarz obrony Les&nbsp;<a href=\"https:\/\/en.wikipedia.org\/wiki\/Les_Aspin\"><strong>Aspin<\/strong><\/a>&nbsp;i&nbsp;<a href=\"https:\/\/en.wikipedia.org\/wiki\/R._James_Woolsey_Jr.\"><strong>CIA re\u017cysera Jamesa Woolseya<\/strong><\/a>&nbsp;.&nbsp;Aspin, jako przewodnicz\u0105cy Komisji Si\u0142 Zbrojnych Izby Reprezentant\u00f3w, by\u0142 architektem i kluczow\u0105 postaci\u0105 w strategicznych stosunkach USA-Izrael.&nbsp;Obaj m\u0119\u017cczy\u017ani s\u0105 cz\u0142onkami rady doradc\u00f3w JINSA, \u017bydowskiego Instytutu Spraw Bezpiecze\u0144stwa Narodowego\u201d.<\/p>\n\n\n\n<p>Poniewa\u017c \u017bydzi stanowi\u0105 tylko oko\u0142o 1,5% populacji USA, mo\u017cemy s\u0142usznie zapyta\u0107, dlaczego mieliby oczekiwa\u0107, \u017ce b\u0119d\u0105 \u201epe\u0142nymi partnerami\u201d na \u201ewszystkich poziomach\u201d rz\u0105du USA, i my\u015bl\u0119, \u017ce wszyscy mogliby\u015bmy sobie \u017cyczy\u0107, aby\u015bmy mieli \u201ejak ma\u0142y wp\u0142yw\u201d tak jak oni.&nbsp;Innym czynnikiem jest to, \u017ce wielu, je\u015bli nie wi\u0119kszo\u015b\u0107, ma obywatelstwo izraelskie lub w inny spos\u00f3b g\u0142\u0119bokie powi\u0105zania z Izraelem, z ich g\u0142\u00f3wn\u0105 lojalno\u015bci\u0105 generalnie w tym kierunku.&nbsp;Ponadto wi\u0119kszo\u015b\u0107 z tych ludzi to zdeklarowani syjoni\u015bci i jest ma\u0142o prawdopodobne, aby przegapili okazj\u0119 do wspierania tego programu, kt\u00f3ry rzadko b\u0119dzie zgodny z interesami USA.&nbsp;Wreszcie, wi\u0119kszo\u015b\u0107 z tych os\u00f3b ma g\u0142\u0119bokie kontakty z AIPAC, Rad\u0105 ds. Stosunk\u00f3w Zagranicznych Rothschilda, Komisj\u0105 Tr\u00f3jstronn\u0105, wieloma wybitnymi tak zwanymi think tankami i fundacjami, a tak\u017ce powi\u0105zanymi organizacjami, takimi jak RAND Corporation,<\/p>\n\n\n\n<p><strong>Jak s\u0142odko jest by\u0107 \u017bydem<\/strong><\/p>\n\n\n\n<p>3 pa\u017adziernika 2001 roku izraelska agencja prasowa poinformowa\u0142a o audycji radiowej Kol Yisrael, w kt\u00f3rej Szimon Peres ostrzeg\u0142 izraelskiego premiera Ariela Szarona, \u017ce \u200b\u200bodmowa uwzgl\u0119dnienia nieustannych ameryka\u0144skich pr\u00f3\u015bb o zawieszenie broni z Palesty\u0144czykami zagrozi interesom Izraela i \u201ezwr\u00f3ci USA przeciwko nam.&#8221;&nbsp;W tym momencie w\u015bciek\u0142y Sharon podobno zwr\u00f3ci\u0142 si\u0119 do Peresa, m\u00f3wi\u0105c: \u201eZa ka\u017cdym razem, gdy co\u015b robimy, m\u00f3wisz mi, \u017ce Amerykanie zrobi\u0105 to i tamto.&nbsp;Chc\u0119 wam powiedzie\u0107 co\u015b bardzo jasnego, nie martwcie si\u0119 o ameryka\u0144sk\u0105 presj\u0119 na Izrael.&nbsp;<strong>My, nar\u00f3d \u017cydowski, kontrolujemy Ameryk\u0119 i Amerykanie o tym wiedz\u0105.&nbsp;<\/strong>\u201d&nbsp;<strong>[&nbsp;<a href=\"https:\/\/www.wrmea.org\/old-html\/sharon-to-peres-don-t-worry-about-american-pressure-we-control-america.html\">7a<\/a>&nbsp;]<\/strong><\/p>\n\n\n\n<p>Pewno\u015b\u0107 siebie i przechwalanie si\u0119 wp\u0142ywami i pot\u0119g\u0105 \u017byd\u00f3w na \u015bwiecie si\u0119gaj\u0105 znacznie dalej.&nbsp;W pa\u017adzierniku 1998 roku&nbsp;<strong>Alain Finkielkraut<\/strong>&nbsp;, profesor filozofii w elitarnej francuskiej Ecole Polytechnique, opublikowa\u0142 we francuskim dzienniku Le Monde artyku\u0142 zatytu\u0142owany \u201eMgr Stepinac et les deux douleurs de l&#8217;Europe\u201d [8], w kt\u00f3rym&nbsp;<a href=\"http:\/\/www.ihr.org\/jhr\/v17\/v17n6p11_Faurisson.html\"><strong>stwierdzi\u0142<\/strong><\/a>&nbsp;:<\/p>\n\n\n\n<p>\u201e&nbsp;<strong>Ach, jak s\u0142odko jest by\u0107 \u017bydem pod koniec XX wieku!&nbsp;Nie jeste\u015bmy ju\u017c oskar\u017conymi Historii, ale jej ulubie\u0144cami.&nbsp;<\/strong>Duch czasu nas kocha, szanuje i broni, czuwa nad naszymi interesami;&nbsp;potrzebuje nawet naszego imprimatur.*&nbsp;<strong>[&nbsp;<a href=\"http:\/\/www.ihr.org\/jhr\/v17\/v17n6p11_Faurisson.html\">8<\/a>&nbsp;]<\/strong>&nbsp;Dziennikarze sporz\u0105dzaj\u0105 bezlitosne akty oskar\u017cenia przeciwko wszystkim, kt\u00f3rzy jeszcze maj\u0105 Europ\u0119 w postaci kolaborant\u00f3w nazistowskich lub tych, kt\u00f3rzy t\u0119skni\u0105 za epok\u0105 nazistowsk\u0105.&nbsp;Ko\u015bcio\u0142y pokutuj\u0105, pa\u0144stwa pokutuj\u0105, Szwajcaria nie wie ju\u017c, na czym stoi\u2026\u201d.&nbsp;* \u201eImprimatur\u201d to oficjalne pozwolenie na zrobienie czego\u015b, wydawane przez grup\u0119 os\u00f3b sprawuj\u0105cych w\u0142adz\u0119.&nbsp;<strong>Finkielkraut<\/strong>upaja si\u0119 my\u015bl\u0105, \u017ce \u017bydzi maj\u0105 dzi\u015b tak wielk\u0105 w\u0142adz\u0119 i wp\u0142ywy, \u017ce wiele bie\u017c\u0105cych wydarze\u0144 na \u015bwiecie wymaga \u017cydowskiej zgody lub przyzwolenia.<\/p>\n\n\n\n<p>Ale ta postawa nie by\u0142a wcale niedawnym wydarzeniem.&nbsp;\u017bydowski Biuletyn Codzienny stwierdzi\u0142 w swojej publikacji z 27 lipca 1935 r.:&nbsp;<strong>\u201eJest tylko jedna w\u0142adza, kt\u00f3ra naprawd\u0119 si\u0119 liczy.&nbsp;Si\u0142a nacisku politycznego.&nbsp;My, \u017bydzi, jeste\u015bmy najpot\u0119\u017cniejszymi lud\u017ami na ziemi, poniewa\u017c mamy t\u0119 w\u0142adz\u0119 i wiemy, jak j\u0105 zastosowa\u0107\u201d.&nbsp;<\/strong>Izraelski komentator&nbsp;<strong>Israel Shahak<\/strong>&nbsp;m\u00f3wi, \u017ce \u017cydowski wp\u0142yw na rz\u0105dy, w tym przypadku USA, \u201ewynika z ich wielkiego wp\u0142ywu politycznego w og\u00f3le, a w szczeg\u00f3lno\u015bci z ich przewagi w mediach\u201d oraz zdolno\u015bci \u201ezorganizowanych ameryka\u0144skich \u017byd\u00f3w\u201d do wykorzystania swojej w\u0142adzy dla ich w\u0142asne interesy.<\/p>\n\n\n\n<p>Wielu \u017byd\u00f3w, kt\u00f3rzy osi\u0105gn\u0119li wysokie stanowiska w rz\u0105dzie USA, jest tak\u017ce urz\u0119dnikami AIPAC i innych \u017cydowskich grup nacisku, takich jak ADL.&nbsp;Gdy dodamy do tego niemal ca\u0142kowit\u0105 kontrol\u0119 nad wszystkimi formami medi\u00f3w g\u0142\u00f3wnego nurtu i medi\u00f3w spo\u0142eczno\u015bciowych, zw\u0142aszcza gazet i telewizji, nad wi\u0119kszo\u015bci\u0105 magazyn\u00f3w i nad ca\u0142ym Hollywood, nad wi\u0119kszo\u015bci\u0105 wydawc\u00f3w i sprzedawc\u00f3w ksi\u0105\u017cek, nad wi\u0119kszo\u015bci\u0105 najwi\u0119kszych mi\u0119dzynarodowych konglomerat\u00f3w agencji reklamowych wszystkich du\u017cych bank\u00f3w i systemu bankowego, tak zwanych \u201ebank\u00f3w handlowych\u201d, funduszy hedgingowych, du\u017cych grup fuzji i przej\u0119\u0107 oraz beneficjent\u00f3w rzeczywistych i kontroli nad wi\u0119kszo\u015bci\u0105 mi\u0119dzynarodowych korporacji, nie m\u00f3wi\u0105c ju\u017c o ich obecno\u015bci w szkolnictwie wy\u017cszym,&nbsp;<strong>zakres \u017cydowskich wp\u0142yw\u00f3w i kontroli jest rzeczywi\u015bcie imponuj\u0105cy.<\/strong>I \u017cadne z tych ostatnich nie jest cz\u0119\u015bci\u0105 tego, co nazywamy \u201eg\u0142\u0119bokim stanem\u201d lub \u201eukrytym rz\u0105dem\u201d.&nbsp;To tylko ludzie, kt\u00f3rzy j\u0105 wspieraj\u0105 i czerpi\u0105 z niej korzy\u015bci.<\/p>\n\n\n\n<p><strong>To przeci\u0105\u017cenie \u017byd\u00f3w we wszystkich administracjach USA powa\u017cnie wp\u0142ywa na pozycj\u0119 USA we wszystkich stosunkach zagranicznych, z kt\u00f3rych nie najmniej wa\u017cny dotyczy trwaj\u0105cego 70 lat \u017cydowskiego okrucie\u0144stwa w Palestynie.&nbsp;<\/strong>The Jerusalem Post napisa\u0142, \u017ce przy tak wielu \u017bydach na wy\u017cszych szczeblach ameryka\u0144skiego rz\u0105du \u201eArabowie wielokrotnie narzekali, \u017ce Stany Zjednoczone nie dzia\u0142a\u0142y jak uczciwy po\u015brednik\u201d w negocjacjach pokojowych na Bliskim Wschodzie.&nbsp;Izraelski komentator&nbsp;<strong>Meron Benevenisti<\/strong>&nbsp;opisa\u0142 w izraelskiej gazecie przedstawienie czteroosobowej \u201emisji pokojowej\u201d Clintona jako \u201emisji czterech \u017byd\u00f3w\u201d, gazeta \u201enapawa\u0142a si\u0119 dum\u0105, m\u00f3wi\u0105c o \u017cydowskich korzeniach wszystkich jej cz\u0142onk\u00f3w\u201d.<\/p>\n\n\n\n<p>Warunki te s\u0105 prawdziwe dla tego, co wydaje si\u0119 opinii publicznej \u201estanowiskiem ameryka\u0144skim\u201d we wszystkich wynikaj\u0105cych z tego okoliczno\u015bciach zagranicznych, w szczeg\u00f3lno\u015bci w odniesieniu do Iraku, Libii, Syrii, Rosji, Chin, Kuby, Iranu, Somalii, Wenezueli i innych.&nbsp;Ale z powodu prawie ca\u0142kowitej kontroli Kongresu Stan\u00f3w Zjednoczonych i Bia\u0142ego Domu przez \u017byd\u00f3w, jak r\u00f3wnie\u017c praktycznie ca\u0142kowitej kontroli nad wszystkimi mediami, to, co \u015bwiat widzi emanuj\u0105ce z Bia\u0142ego Domu, to \u017cydowskie stanowisko wobec wszystkich tych narod\u00f3w, polityka dyktowana przez \u017cydowscy bankierzy (kierowani przez Rothschild\u00f3w) z londy\u0144skiego City.<\/p>\n\n\n\n<p><strong>Jest to tak prawdziwe, \u017ce tak naprawd\u0119 nie ma czego\u015b takiego jak \u201estanowisko USA\u201d w sprawie czegokolwiek, co dotyczy obcych kraj\u00f3w lub polityki<\/strong>&nbsp;.&nbsp;Fakt, \u017ce tak wielu ambasador\u00f3w USA jest r\u00f3wnie\u017c \u017bydami, \u017ce \u017bydzi trzymaj\u0105 w u\u015bcisku zar\u00f3wno Departament Stanu, jak i Departament Obrony USA, jest pot\u0119\u017cnym minusem dla innych narod\u00f3w.&nbsp;W pewnym momencie James Zogby, szef Arab American Institute, napisa\u0142 z niepokojem w artykule zatytu\u0142owanym \u201eNiebezpieczne spotkanie\u201d, \u017ce ponad dwie trzecie&nbsp;<strong>ca\u0142ej pracy wykonanej przez lub dla Departamentu Obrony USA dotyczy\u0142o reprezentowania interes\u00f3w Izraela<\/strong>&nbsp;.&nbsp;<strong>[9]<\/strong><\/p>\n\n\n\n<p>\u201eW 1997 \u017cydowsko-ameryka\u0144ski dziennikarz&nbsp;<strong>JJ Goldberg<\/strong>&nbsp;wyg\u0142osi\u0142 wyk\u0142ad dla Laburzystowskiego Sojuszu Syjonistycznego w Kanadzie.&nbsp;Canadian Jewish News doni\u00f3s\u0142 o rozmowie, zauwa\u017caj\u0105c, \u017ce Goldberg og\u0142osi\u0142, \u017ce&nbsp;<strong>\u201e\u017bydzi s\u0105 \u201egraczami\u201d we wsp\u00f3\u0142czesnym \u015bwiecie, a nie \u201eofiarami\u201d.&nbsp;<\/strong>\u201e[Goldberg] poda\u0142 wiele przyk\u0142ad\u00f3w wp\u0142ywowej roli ameryka\u0144skich \u017byd\u00f3w w ameryka\u0144skiej polityce.&nbsp;\u201eMy, \u017bydzi, kierujemy ameryka\u0144sk\u0105 polityk\u0105 na Bliskim Wschodzie\u201d.&nbsp;Jest to tak prawdziwe, \u017ce kiedy prezydent Izraela Ezer Weizman podr\u00f3\u017cowa\u0142 do USA, przyw\u00f3dcy spo\u0142eczno\u015bci byli zapraszani do Bia\u0142ego Domu na obiad i omawiali ameryka\u0144sk\u0105 polityk\u0119 na Bliskim Wschodzie, a jedynymi nie-\u017bydami w pokoju byli Bill i Hillary Clinton.<\/p>\n\n\n\n<p><strong>\u0141\u0105czenie Niekt\u00f3re Kropki<\/strong><\/p>\n\n\n\n<p>Wi\u0119ksz\u0105 cz\u0119\u015b\u0107 tego eseju stanowi lista \u017byd\u00f3w zajmuj\u0105cych wa\u017cne stanowiska w rz\u0105dzie federalnym Stan\u00f3w Zjednoczonych, kt\u00f3re \u0142\u0105cznie daj\u0105 im jako grupie ogromn\u0105 w\u0142adz\u0119 nad rz\u0105dem, jego dzia\u0142alno\u015bci\u0105 wewn\u0119trzn\u0105 i, co najwa\u017cniejsze, nad ca\u0142\u0105 polityk\u0105 zagraniczn\u0105 i przedsi\u0119biorstwami Ameryki .&nbsp;Pozycje zapisane na poni\u017cszych listach s\u0105 w wi\u0119kszo\u015bci ca\u0142kiem niedawne, ale&nbsp;<strong>uwzgl\u0119dni\u0142em niekt\u00f3re nominacje z lat 1960, 1970 i 1980, aby wykaza\u0107, \u017ce \u017cydowska kontrola nad rz\u0105dem USA istnieje od dziesi\u0119cioleci, ale w ostatnich latach ro\u015bnie w zastraszaj\u0105cym tempie.<\/strong><\/p>\n\n\n\n<p>Badaj\u0105c dystrybucj\u0119 w rz\u0105dzie USA, \u017bydzi mocno koncentruj\u0105 si\u0119 w&nbsp;<strong>Bia\u0142ym Domu<\/strong>&nbsp;, aby kontrolowa\u0107 prezydenta, w&nbsp;<strong>Departamencie Stanu<\/strong>&nbsp;(w tym ambasador\u00f3w i konsul\u00f3w generalnych) w celu kontroli ca\u0142ej polityki zagranicznej USA, w Departamencie Skarbu&nbsp;<strong>i<\/strong>&nbsp;obszarach finansowych kontroli gospodarki i priorytet\u00f3w wydatk\u00f3w w bud\u017cecie federalnym Stan\u00f3w Zjednoczonych, w wojskowych obszarach obrony&nbsp;<strong>i wywiadu<\/strong>&nbsp;w celu kontrolowania wojen i kolorowych rewolucji oraz w&nbsp;<strong>s\u0105downictwie<\/strong>&nbsp;.&nbsp;Ich kontrola nad Kongresem jest ju\u017c legendarna, a wielu obserwator\u00f3w twierdzi, \u017ce Kongres USA&nbsp;<strong>to \u201eterytorium okupowane przez Izrael\u201d.<\/strong><\/p>\n\n\n\n<p>To cz\u0119\u015bciowo na marginesie, ale nie jest tajemnic\u0105, \u017ce&nbsp;<strong>ka\u017cde \u201e\u015bledztwo Kongresu\u201d w \u017cywej pami\u0119ci by\u0142o powszechnie oczerniane jako \u201ewybielanie\u201d.&nbsp;<\/strong>Obejmuje to wszystko, od krachu na gie\u0142dzie w 1929 r., przez \u017cydowsk\u0105 pr\u00f3b\u0119 faszystowskiego zamachu stanu w 1934 r. na rz\u0105d USA,&nbsp;<a href=\"https:\/\/www.bluemoonofshanghai.com\/politics\/9962\/\"><strong>[9a]<\/strong><\/a>zab\u00f3jstwo JFK, r\u00f3\u017cne \u201edochodzenia\u201d w sprawie ameryka\u0144skich praktyk tortur, japo\u0144ski atak na Pearl Harbor, a\u017c po niewiarygodnie zniekszta\u0142con\u0105 seri\u0119 przes\u0142ucha\u0144 z 11 wrze\u015bnia.&nbsp;Rzeczywi\u015bcie, nie przypominam sobie ani jednego dochodzenia Kongresu, kt\u00f3re kiedykolwiek zosta\u0142oby przeprowadzone, kt\u00f3re nie zosta\u0142oby natychmiast sklasyfikowane jako \u201epozorowanie\u201d, \u201eoszustwo\u201d i \u201ewybielanie\u201d, a kontrolowane przez \u017byd\u00f3w \u015brodki masowego przekazu jednog\u0142o\u015bnie oczernia\u0142y wszystkich w\u0105tpi\u0105cych jako \u201eteoretyk\u00f3w spiskowych\u201d.&nbsp;Nie ulega w\u0105tpliwo\u015bci, \u017ce niekt\u00f3re z tych ewidentnie fa\u0142szywych dochodze\u0144 by\u0142y mocno kontrolowane przez \u017byd\u00f3w w tle, poniewa\u017c \u017bydzi byli przede wszystkim odpowiedzialni za przedmiotowe wydarzenie.&nbsp;Dow\u00f3d jest z pewno\u015bci\u0105 dost\u0119pny, ale nie mo\u017ce zyska\u0107 na popularno\u015bci z powodu cenzury medi\u00f3w.<\/p>\n\n\n\n<p>Wartym odnotowania zjawiskiem jest to, \u017ce \u017bydzi z Niemiec i Europy Wschodniej, przede wszystkim z Rosji i Ukrainy, silnie sk\u0142aniaj\u0105 si\u0119 ku rz\u0105dowi USA.&nbsp;Ale infiltracja rz\u0105du USA przez \u017byd\u00f3w z reszty Europy, z W\u0142och, Francji, Holandii, kraj\u00f3w nordyckich, jest prawie zerowa.&nbsp;<strong>Wydaje si\u0119, \u017ce to g\u0142\u00f3wnie niemieccy i rosyjsko-ukrai\u0144scy \u017bydzi przej\u0119li kontrol\u0119 nad rz\u0105dem USA.<\/strong><\/p>\n\n\n\n<p>Innym interesuj\u0105cym rozk\u0142adem jest to, \u017ce je\u015bli spojrzymy na listy \u017byd\u00f3w w USA, gdzie wymienione s\u0105 r\u00f3wnie\u017c zawody, przewa\u017caj\u0105ca wi\u0119kszo\u015b\u0107 jest zwi\u0105zana ze sztukami scenicznymi \u2013 aktorzy i aktorki, piosenkarze, autorzy tekst\u00f3w, muzycy, dramatopisarze, komicy, re\u017cyserzy filmowi lub producenci.&nbsp;Nast\u0119pn\u0105 kategori\u0105, znacznie mniejsz\u0105, jest prawo, a nast\u0119pnie alarmuj\u0105ca liczba rektor\u00f3w \u017cydowskich uniwersytet\u00f3w i kierownik\u00f3w wydzia\u0142\u00f3w.&nbsp;Nast\u0119pn\u0105 pod wzgl\u0119dem liczby ludno\u015bci kategori\u0105 s\u0105 bankowo\u015b\u0107 i finanse, a nast\u0119pnie medycyna i nauki \u015bcis\u0142e, z niewielkimi konsekwencjami;&nbsp;trzech ekonomist\u00f3w, dw\u00f3ch filozof\u00f3w, jeden cukiernik.<\/p>\n\n\n\n<p>W szerokiej kategorii zwi\u0105zanej ze sztukami scenicznymi jest bardzo du\u017ce zaanga\u017cowanie medi\u00f3w \u2013 wielu dziennikarzy, powie\u015bciopisarzy i prozaik\u00f3w, niekt\u00f3rzy \u017cydowscy tak zwani \u201ehistorycy\u201d, kt\u00f3rzy przepisuj\u0105 histori\u0119 tak, aby pasowa\u0142a do \u017cydowskiej narracji \u2013 i kt\u00f3r\u0105 mo\u017cna r\u00f3wnie\u017c skategoryzowa\u0107 jako fikcja.&nbsp;Nast\u0119pnie s\u0105 \u015brodki masowego przekazu, w tym wi\u0119kszo\u015b\u0107 gazet i czasopism, sieci radiowe i telewizyjne, wydawcy i sprzedawcy ksi\u0105\u017cek, wszystkie media spo\u0142eczno\u015bciowe, wyszukiwarki internetowe, platformy informacyjne, takie jak Wikipedia, tak zwane \u201eweryfikatory fakt\u00f3w\u201d, takie jak Poynter, Snopes i factcheck.org, wi\u0119kszo\u015b\u0107 bran\u017cy reklamowej \u2013 zw\u0142aszcza mi\u0119dzynarodowi giganci i oczywi\u015bcie Hollywood.&nbsp;Wszystkie one s\u0105 prawie ca\u0142kowicie pod \u017cydowsk\u0105 kontrol\u0105,&nbsp;nie tylko podaj\u0105c \u017cydowsk\u0105 narracj\u0119 \u015bwiatowej publiczno\u015bci, ale coraz cz\u0119\u015bciej wprowadzaj\u0105c surow\u0105 cenzur\u0119 i ograniczenia tre\u015bci, aby zapewni\u0107 niemal ca\u0142kowit\u0105 kontrol\u0119 informacji.&nbsp;Jeste\u015bmy w punkcie, w kt\u00f3rym wszelkie informacje lub opinie sprzeczne z \u017cydowsk\u0105 agend\u0105 s\u0105 klasyfikowane jako \u201edezinformacja\u201d i s\u0105 blokowane, cenzurowane lub zakazane.<\/p>\n\n\n\n<p>\u201eKonspiracja\u201d mo\u017ce nie jest najodpowiedniejsz\u0105 etykiet\u0105 do zastosowania dla tego wsp\u00f3lnego wysi\u0142ku, ale jest bardzo oczywiste, \u017ce wszyscy uczestnicy czytaj\u0105 z tego samego scenariusza i wszyscy s\u0105 po tej samej stronie.<\/p>\n\n\n\n<p>W aktualnym przyk\u0142adzie z \u017cycia wzi\u0119tego, londy\u0144skie City wyda edykt, \u017ce LGBTQ+ i transseksualizm s\u0105 \u201enow\u0105 norm\u0105\u201d dla Goj\u00f3w.&nbsp;Kontrolowane przez \u017byd\u00f3w media natychmiast zalej\u0105 fale radiowe i wydrukuj\u0105 filozofi\u0119 korzystnego kazirodztwa, bestialstwa i homoseksualnej nekrofilii, a \u017cydowskie studia hollywoodzkie b\u0119d\u0105 produkowa\u0107 doskona\u0142e filmy nawracaj\u0105ce ten temat.&nbsp;Id\u0105c krok w krok, kontrolowane przez \u017byd\u00f3w media spo\u0142eczno\u015bciowe b\u0119d\u0105 blokowa\u0107 lub usuwa\u0107 wszelkie sprzeczne opinie lub fakty jako \u201edezinformacj\u0119\u201d.&nbsp;\u201eDoradcy\u201d Bia\u0142ego Domu b\u0119d\u0105 papugowa\u0107 stanowisko medi\u00f3w wobec prezydenta, instruuj\u0105c go, aby zaj\u0105\u0142 si\u0119 nim, aby nie dosz\u0142o do buntu w pa\u0142acu, a jego notowania nie spad\u0142y, co zagrozi\u0142oby jego szansom na reelekcj\u0119.&nbsp;Gabinet, sk\u0142adaj\u0105cy si\u0119 w wi\u0119kszo\u015bci z \u017byd\u00f3w, ju\u017c dzia\u0142a.&nbsp;\u017bydowscy prawnicy z\u0142o\u017c\u0105 do s\u0105d\u00f3w wiele spraw popieraj\u0105cych ten nowy program,<\/p>\n\n\n\n<p>W mi\u0119dzyczasie ameryka\u0144scy ambasadorzy i pracownicy konsulat\u00f3w \u017cydowskich b\u0119d\u0105 nawraca\u0107 ten program w krajach na ca\u0142ym \u015bwiecie, ponownie mocno wspierani przez kontrolowane przez \u017byd\u00f3w media w tych krajach.&nbsp;Ambasady i konsulaty Izraela b\u0119d\u0105 robi\u0107 to samo, ale maj\u0105 niewielk\u0105 w\u0142adz\u0119 na ca\u0142ym \u015bwiecie i same niewiele mog\u0105 zrobi\u0107.&nbsp;Potrzebuj\u0105 dyplomatycznej i wymuszaj\u0105cej pot\u0119gi Stan\u00f3w Zjednoczonych, aby pom\u00f3c im w realizacji ich plan\u00f3w.&nbsp;I w kr\u00f3tkim czasie wszystkie miasta, przynajmniej w \u015bwiecie zachodnim, b\u0119d\u0105 mia\u0142y \u201et\u0119czowe przej\u015bcia dla pieszych\u201d na skrzy\u017cowaniach ulic, aby uczci\u0107 \u017cydowskie perwersje seksualne.<\/p>\n\n\n\n<p>I nikt nawet nie b\u0119dzie wiedzia\u0142, co si\u0119 sta\u0142o.&nbsp;\u017bydzi robili to z aborcjami dok\u0142adnie w ten sam spos\u00f3b.&nbsp;Zrobili to dla COVID dok\u0142adnie w ten sam spos\u00f3b i dla ZIKA.&nbsp;Robi\u0105 to ponownie dzisiaj dla wielu innych punkt\u00f3w programu, w tym WEF Klausa Schwaba i jego programu \u201eNie b\u0119dziesz mia\u0142 nic i b\u0119dziesz szcz\u0119\u015bliwy\u201d.<\/p>\n\n\n\n<p><strong>Niezwykle wa\u017cne jest, aby \u015bwiat identyfikowa\u0142 \u017byd\u00f3w jako \u017byd\u00f3w<\/strong>, nie w powszechnym sensie, ale z osobami aktywnymi w rz\u0105dzie, finansach, edukacji, polityce spo\u0142ecznej, mediach i sprawach zagranicznych.&nbsp;Podobnie jak w powy\u017cszym przyk\u0142adzie, jeste\u015bmy og\u00f3lnie \u015bwiadomi nag\u0142ego zalewu uwagi medi\u00f3w LGBTQ+ i transseksualno\u015bci, a tak\u017ce ponownego zainteresowania polityk\u0105 bezp\u0142atnej aborcji.&nbsp;Ale nasze postrzeganie zmienia si\u0119, a nasze zrozumienie si\u0142 kszta\u0142tuj\u0105cych nasze spo\u0142ecze\u0144stwo spo\u0142eczne znacznie si\u0119 poprawia, kiedy widzimy, \u017ce praktycznie wszystkie osoby nawracaj\u0105ce te zmiany spo\u0142eczne s\u0105 \u017bydami.&nbsp;To prawie ca\u0142kowicie \u017cydowscy naukowcy, aktywi\u015bci i inni tworz\u0105 publiczn\u0105 presj\u0119 na ten seksualny przewr\u00f3t spo\u0142eczny i to ca\u0142kowicie \u017bydzi wywieraj\u0105 nacisk na rz\u0105dy, aby trzyma\u0142y si\u0119 tego programu, a wszystko to jest mocno wspierane przez kontrolowane przez \u017byd\u00f3w media.&nbsp;Teraz staje si\u0119 to oczywiste<strong>to, co wydawa\u0142o si\u0119 \u201enaturaln\u0105\u201d zmian\u0105 spo\u0142eczn\u0105 lub ewolucj\u0105, jest w rzeczywisto\u015bci wynikiem \u015bci\u015ble skoordynowanego planu realizowanego przez jedn\u0105 ras\u0119 ludzi<\/strong>&nbsp;.&nbsp;Wygl\u0105da na to, \u017ce wszyscy \u201eseksuolodzy\u201d s\u0105 \u017bydami.&nbsp;<a href=\"https:\/\/en.wikipedia.org\/wiki\/Nona_Willis_Aronowitz\"><strong>[10]&nbsp;<\/strong><\/a><a href=\"https:\/\/en.wikipedia.org\/wiki\/Erica_Jong\"><strong>[11]&nbsp;<\/strong><\/a><a href=\"https:\/\/en.wikipedia.org\/wiki\/Leora_Tanenbaum\"><strong>[12]&nbsp;<\/strong><\/a><a href=\"https:\/\/en.wikipedia.org\/wiki\/Bella_Abzug\"><strong>[13]&nbsp;<\/strong><\/a><a href=\"https:\/\/en.wikipedia.org\/wiki\/Steven_Hirsch\"><strong>[14]&nbsp;<\/strong><\/a><a href=\"https:\/\/en.wikipedia.org\/wiki\/Lillian_Faderman\"><strong>[15]&nbsp;<\/strong><\/a><a href=\"https:\/\/jweekly.com\/2018\/12\/26\/some-of-the-inspiring-jews-we-lost-in-2018\/\"><strong>[16]&nbsp;<\/strong><\/a><a href=\"https:\/\/hls.harvard.edu\/today\/ordering-lgbtq-protections\/\"><strong>[17]<\/strong><\/a><\/p>\n\n\n\n<p>Jest jeszcze jedna cz\u0119\u015b\u0107 tej sprawy kontroli \u017byd\u00f3w nad rz\u0105dem USA.&nbsp;Bardzo wa\u017cne jest, aby zrozumie\u0107, \u017ce departamenty rz\u0105du USA nie dzia\u0142aj\u0105 w pr\u00f3\u017cni, podobnie jak ich personel.&nbsp;\u017bydzi zajmuj\u0105cy te stanowiska rz\u0105dowe s\u0105 r\u00f3wnie\u017c generalnie powi\u0105zani z wieloma innymi sektorami i instytucjami, co znacznie zwi\u0119ksza ich wp\u0142yw.&nbsp;Opr\u00f3cz swoich stanowisk federalnych, ci \u017bydzi bardzo cz\u0119sto zajmuj\u0105 stanowiska wyk\u0142adowc\u00f3w na czo\u0142owych uniwersytetach i cz\u0119sto s\u0105 cz\u0142onkami tak zwanych neokonserwatyst\u00f3w \u201ethink tank\u00f3w\u201d, takich jak Rothschild Council on Foreign Relations.&nbsp;Wielu dzia\u0142a w AIPAC, ADL i innych pot\u0119\u017cnych \u017cydowskich grupach lobbystycznych.&nbsp;Maj\u0105 te\u017c wielu cz\u0142onk\u00f3w zarz\u0105d\u00f3w korporacji, s\u0105 na aktualnych listach autor\u00f3w wi\u0119kszo\u015bci \u017cydowskich gazet i czasopism.&nbsp;Wielu z nich cz\u0119sto pojawia si\u0119 w telewizyjnych programach informacyjnych.<\/p>\n\n\n\n<p>R\u00f3wnie\u017c \u017cydowskie grupy lobbystyczne maj\u0105 ogromny dodatkowy wp\u0142yw na polityk\u0119 rz\u0105du USA.&nbsp;The Jewish Standard opublikowa\u0142 artyku\u0142 przechwalaj\u0105cy si\u0119 si\u0142\u0105 i wp\u0142ywem AIPAC, \u201ekszta\u0142tuj\u0105cym spos\u00f3b, w jaki Kongres i inni\u201d wp\u0142ywaj\u0105 na administracj\u0119 Bia\u0142ego Domu.&nbsp;\u201eAIPAC ma ogromny zasi\u0119g\u201d.&nbsp;<a href=\"https:\/\/jewishstandard.timesofisrael.com\/iran-deadline-approaches\/\"><strong>[18]<\/strong><\/a>&nbsp;The Jerusalem Post chwali\u0142 si\u0119, \u017ce g\u0142\u00f3wne organizacje \u017cydowskie \u201emaj\u0105 pos\u0142uch u prezydenta, wy\u017cszych urz\u0119dnik\u00f3w administracji oraz urz\u0119dnik\u00f3w federalnych i stanowych w ca\u0142ych Stanach Zjednoczonych\u201d.&nbsp;<a href=\"https:\/\/www.jpost.com\/diaspora\/most-influential-jews-in-jewish-world-403761\"><strong>[19]<\/strong><\/a><\/p>\n\n\n\n<p><strong>Zaprzeczenia i \u201eantysemityzm\u201d<\/strong><\/p>\n\n\n\n<p>Pisz\u0105c o \u017cydowskich wp\u0142ywach i kontroli nad segmentami spo\u0142ecze\u0144stwa, zw\u0142aszcza tymi w USA, takimi jak Hollywood czy media, albo o w\u0142asno\u015bci FED, zawsze pojawia si\u0119 lawina zaprzeczania i cz\u0119sto z\u0142o\u015bliwych atak\u00f3w osobistych, mimo \u017ce \u017bydzi lubi\u0105 si\u0119 przechwala\u0107 prywatnie o swojej kontroli nad tymi samymi segmentami.<\/p>\n\n\n\n<p>Kiedy William Cash napisa\u0142 artyku\u0142 o prawie ca\u0142kowitej (ponad 80% pod wzgl\u0119dem tre\u015bci i przychod\u00f3w) kontroli \u017byd\u00f3w nad Hollywood, \u017cydowska machina obronna natychmiast wkroczy\u0142a do akcji.&nbsp;\u201ePi\u0119tnastu czo\u0142owych hollywoodzkich osobisto\u015bci, w tym Kevin Costner, Tom Cruise, Kirk Douglas i Barbra Streisand, podpisa\u0142o list do Spectatora, w kt\u00f3rym oskar\u017ca Casha o szerzenie \u201eantysemickich stereotyp\u00f3w\u201d i \u201erasistowskich bzdur\u201d.&nbsp;<strong>Leon Wieseltier<\/strong>&nbsp;, redaktor literacki&nbsp;<strong>New Republic<\/strong>&nbsp;, napisa\u0142 do redaktora Spectatora, sugeruj\u0105c zemst\u0119 i powiedzia\u0142: \u201eProwadzisz obrzydliwy magazyn\u201d.&nbsp;<a href=\"https:\/\/www.chicagotribune.com\/news\/ct-xpm-1994-12-01-9412010086-story.html\"><strong>20<\/strong><\/a>&nbsp;I rzeczywi\u015bcie nast\u0105pi\u0142a kara;&nbsp;wydawnictwo natychmiast straci\u0142o reklamodawc\u00f3w i nak\u0142ad.&nbsp;\u017bydowskie publikacje po obu stronach Atlantyku stawia\u0142y pod pr\u0119gierzem firm\u0119 i jej publikacje.&nbsp;<a href=\"https:\/\/www.latimes.com\/archives\/la-xpm-1994-11-20-op-64929-story.html\"><strong>[21]<\/strong><\/a>&nbsp;<a href=\"http:\/\/archive.spectator.co.uk\/article\/19th-november-1994\/43\/sir-william-cashs-article-about-jewish-influence-i\"><strong>[22]<\/strong><\/a>&nbsp;Brudne jest to, \u017ce artyku\u0142 nie mia\u0142 nic wsp\u00f3lnego z \u201eantysemityzmem\u201d;&nbsp;po prostu om\u00f3wiono fakt ju\u017c powszechnie znany, ale o tym nie mo\u017cna dyskutowa\u0107 w grzecznym towarzystwie.&nbsp;\u017bydzi zaciekle zaatakuj\u0105 ka\u017cdego, kto rzuci \u015bwiat\u0142o na ich wszechobecn\u0105 w\u0142adz\u0119 i wp\u0142ywy w jakimkolwiek sektorze.<\/p>\n\n\n\n<p>Przewiduj\u0105c t\u0119 \u200b\u200bsam\u0105 reakcj\u0119 (jak r\u00f3wnie\u017c zwyk\u0142e oskar\u017cenia o antysemityzm) na twierdzenia \u017byd\u00f3w kontroluj\u0105cych Waszyngton, mo\u017cemy spodziewa\u0107 si\u0119, \u017ce wiele organizacji \u017cydowskich pojawi si\u0119 z ostrymi zaprzeczeniami obrony, ale te zaprzeczenia s\u0105 fa\u0142szywe.<\/p>\n\n\n\n<p>\u017bydowskie czasopismo Mosaic przyr\u00f3wnuje ka\u017cd\u0105 wzmiank\u0119 o \u017cydowskiej kontroli, zw\u0142aszcza Departamentu Stanu USA, do antysemityzmu, stwierdzaj\u0105c&nbsp;<strong>: odwieczne rasistowskie obelgi.&nbsp;<\/strong>I odwrotnie, ameryka\u0144skiej spo\u0142eczno\u015bci \u017cydowskiej niezwykle trudno jest dyskutowa\u0107 o takich sprawach w wygodny, otwarty i krytyczny spos\u00f3b\u2026 Pami\u0119taj\u0105c o tej trosce, trudno by\u0142oby pobudzi\u0107 \u015bwiadomo\u015b\u0107 publiczn\u0105 i nieumy\u015blnie zaszkodzi\u0107 \u017cydowskim interesom\u201d.<\/p>\n\n\n\n<p>Powinno by\u0107 oczywiste, \u017ce takie stwierdzenia s\u0105 ra\u017c\u0105co nieuczciwe.&nbsp;Wspominanie o wszystkich s\u0142ynnych \u017cydowskich aktorach, takich jak Harrison Ford czy Kirk Douglas, spotyka si\u0119 z u\u015bmiechami i pochwa\u0142ami, ale ka\u017cda wzmianka o \u017bydach w rz\u0105dzie, Hollywood, na uniwersytetach, w finansach lub w mediach nieuchronnie skutkuje brudnymi pot\u0119pieniami \u201eantysemityzmu\u201d.<\/p>\n\n\n\n<p>Je\u015bli chodzi o rozrzedzanie publicznej \u015bwiadomo\u015bci przyt\u0142aczaj\u0105cej obecno\u015bci \u017byd\u00f3w w rz\u0105dzie USA,&nbsp;<strong>uzna\u0142em t\u0119 \u017cydowsk\u0105 taktyk\u0119 za nagannie nieuczciw\u0105<\/strong>&nbsp;: The&nbsp;<strong>Times of Israel<\/strong>&nbsp;opublikowa\u0142 artyku\u0142 zatytu\u0142owany \u201eBia\u0142y Dom pot\u0119pia\u201e fa\u0142szywe \u201dataki na \u017cydowskich, palesty\u0144skich wyborc\u00f3w\u201d.&nbsp;<a href=\"https:\/\/www.timesofisrael.com\/white-house-slams-spurious-attacks-on-jewish-palestinian-staff-picks\/\"><strong>[23]<\/strong><\/a>&nbsp;Celem artyku\u0142u by\u0142o zniech\u0119cenie opinii publicznej do identyfikowania \u017byd\u00f3w w rz\u0105dzie USA, czyni\u0105c to, opieraj\u0105c si\u0119 na winie, domniemanej moralno\u015bci i ameryka\u0144skiej ignorancji.&nbsp;Kr\u00f3tko m\u00f3wi\u0105c, ameryka\u0144ska opinia publiczna by\u0142a zbyt g\u0142o\u015bna w identyfikowaniu \u017byd\u00f3w na pot\u0119\u017cnych stanowiskach rz\u0105dowych, wi\u0119c \u017bydzi wymy\u015blili rozwi\u0105zanie:&nbsp;<strong>Jewish News Syndicate<\/strong>&nbsp;zidentyfikowa\u0142 jednego Palesty\u0144czyka (Maher Bitar)&nbsp;<a href=\"https:\/\/en.wikipedia.org\/wiki\/Maher_Bitar\"><strong>[24]<\/strong><\/a>zajmuj\u0105c stanowisko w ca\u0142ym rz\u0105dzie USA i opublikowa\u0142 atak na t\u0119 osob\u0119, oczywi\u015bcie zgodnie z planem.&nbsp;Nast\u0119pnie The Times of Israel opublikowa\u0142 ten artyku\u0142 ze z\u0142o\u017conym zdj\u0119ciem \u017byda i Palesty\u0144czyka, pot\u0119piaj\u0105c wyimaginowane publiczne identyfikowanie urz\u0119dnik\u00f3w pa\u0144stwowych wed\u0142ug rasy, wyra\u017anie sugeruj\u0105c, \u017ce zar\u00f3wno \u017bydzi, jak i Palesty\u0144czycy byli moralnie podkopywani przez t\u0119 identyfikacj\u0119 rasow\u0105.&nbsp;Aby pog\u0142\u0119bi\u0107 oszustwo, z\u0142o\u017cone zdj\u0119cie \u017byda i Palesty\u0144czyka obok siebie sugerowa\u0142o, \u017ce te dwie rasy by\u0142y naprawd\u0119 dobrymi przyjaci\u00f3\u0142mi, kt\u00f3rzy byli \u201epartnerami w ucisku\u201d.&nbsp;Oczywi\u015bcie by\u0142o to tylko sprytne i gigantyczne oszustwo.&nbsp;Publiczno\u015b\u0107 demaskowa\u0142a \u017byd\u00f3w;&nbsp;nikt nie zauwa\u017cy\u0142 ani nie wspomnia\u0142 o pojedynczym Palesty\u0144czyku, ale \u017bydzi zaradzili temu, wychodz\u0105c i atakuj\u0105c go.<\/p>\n\n\n<div class=\"wp-block-image\">\n<figure class=\"aligncenter\"><a href=\"https:\/\/i0.wp.com\/www.bluemoonofshanghai.com\/wp-content\/uploads\/2023\/05\/ANNE-NEUBERGER.png?ssl=1\"><img decoding=\"async\" src=\"https:\/\/i0.wp.com\/www.bluemoonofshanghai.com\/wp-content\/uploads\/2023\/05\/ANNE-NEUBERGER.png?resize=640%2C400&amp;ssl=1\" alt=\"\" class=\"wp-image-11298\"\/><\/a><\/figure><\/div>\n\n\n<p>Anne Neuberger, nowy dyrektor ds. cyberbezpiecze\u0144stwa w Agencji Bezpiecze\u0144stwa Narodowego USA i Maher Bitar, starszy dyrektor NSC ds. program\u00f3w wywiadowczych.&nbsp;(Zrzuty ekranu\/YouTube)<\/p>\n\n\n\n<p>Je\u015bli jeste\u015b tak \u015bmia\u0142y, by cho\u0107by wspomnie\u0107 o \u017cydowskiej kontroli nad jakimkolwiek sektorem czegokolwiek, natychmiast zostaniesz pot\u0119piony jako teoretyk spiskowy, antysemita i zaprzeczaj\u0105cy holokaustowi nazistowski nienawidz\u0105cy \u017byd\u00f3w.&nbsp;Oczywi\u015bcie to wszystko bzdury i bardzo paskudne bzdury, ale to tak\u017ce bzdury odnosz\u0105ce sukcesy, poniewa\u017c wi\u0119kszo\u015b\u0107 ludzi jest zbyt onie\u015bmielona, \u200b\u200bby odwa\u017cy\u0107 si\u0119 wspomnie\u0107 o \u017bydach w kontek\u015bcie innym ni\u017c pochlebny.&nbsp;A \u017bydzi potrafi\u0105 by\u0107 zdumiewaj\u0105co okrutni, a nawet dzicy w swoich atakach na ka\u017cdego, kto o\u015bmiela si\u0119 ujawni\u0107 ich kontrol\u0119.&nbsp;Bez wahania ca\u0142kowicie zniszcz\u0105 karier\u0119, reputacj\u0119 i konta bankowe danej osoby.&nbsp;Oto esej zawieraj\u0105cy kilka zaskakuj\u0105cych przyk\u0142ad\u00f3w tego.&nbsp;<a href=\"https:\/\/www.bluemoonofshanghai.com\/politics\/2877\/\"><strong>[25]<\/strong><\/a><\/p>\n\n\n\n<p>G\u0142\u0119boko nieproporcjonalna \u2013 i ca\u0142kiem dominuj\u0105ca \u2013 obecno\u015b\u0107 \u017byd\u00f3w na krytycznych stanowiskach w rz\u0105dzie USA i niepokoj\u0105ce implikacje tego s\u0105 najwyra\u017aniej ca\u0142kowicie niezauwa\u017cane przez (\u017cydowskie) \u015brodki masowego przekazu.&nbsp;Jednak prywatnie \u017bydzi rozkoszuj\u0105 si\u0119 swoj\u0105 w\u0142adz\u0105 i wp\u0142ywem.&nbsp;The Jerusalem Post che\u0142pi\u0142o si\u0119 dostarczaniem tych informacji: \u201e&nbsp;<strong>To uzupe\u0142nia 15 \u017byd\u00f3w na wy\u017cszych stanowiskach w administracji Bidena.&nbsp;A tak dla ciekawo\u015bci, oto 10 katolik\u00f3w w\u015br\u00f3d mianowanych przez Bidena.&nbsp;<\/strong>[&nbsp;<a href=\"https:\/\/www.jpost.com\/opinion\/joe-bidens-a-team-of-jewish-advisers-cabinet-members-and-staff-658350\"><strong>26]<\/strong><\/a>&nbsp;The Jewish News of Northern California opublikowa\u0142 artyku\u0142 zdecydowanie promieniuj\u0105cy dum\u0105 z powodu du\u017cej liczby \u017byd\u00f3w \u201enap\u0142ywaj\u0105cych do karier w s\u0142u\u017cbach zagranicznych\u201d w rz\u0105dzie USA.&nbsp;<a href=\"https:\/\/jweekly.com\/1997\/12\/05\/jews-now-flocking-to-foreign-service-careers-in-u-s\/\"><strong>[27]<\/strong><\/a><\/p>\n\n\n\n<p>Matthew Dorf, reporter i felietonista agencji Jewish Telegraphic, napisa\u0142 w ksi\u0105\u017cce, co nast\u0119puje: \u201eZaniepokojony rozg\u0142osem obecno\u015bci tak wielu \u017byd\u00f3w na wy\u017cszych szczeblach ameryka\u0144skiego rz\u0105du, jeden \u00bbwy\u017cszy urz\u0119dnik\u00ab w Departamencie Stanu odm\u00f3wi\u0142 aby udzieli\u0107 wywiadu do artyku\u0142u na ten temat przez \u017bydowsk\u0105 Agencj\u0119 Telegraficzn\u0105, m\u00f3wi\u0105c: \u201e&nbsp;<strong>Nic dobrego z tego nie wyniknie.&nbsp;Tym bardziej, \u017ce jest nas tak wielu<\/strong>&nbsp;\u201d.&nbsp;Legend\u0105 jest, \u017ce w \u015bwi\u0119ta \u017cydowskie praktycznie ca\u0142y Departament Stanu jest pozbawiony ludzi.&nbsp;Co ciekawe, to samo podobno dotyczy Pentagonu, nie rzeczywistego personelu wojskowego, kt\u00f3ry jest prawie ca\u0142kowicie Gojami, ale wszystkich jego cywilnych prze\u0142o\u017conych i personelu, kt\u00f3rzy s\u0105 w wi\u0119kszo\u015bci \u017bydami (i kt\u00f3rzy faktycznie kontroluj\u0105 wojsko).<\/p>\n\n\n\n<p><strong>Cenzura nazwisk \u017cydowskich<\/strong><\/p>\n\n\n\n<p>We wcze\u015bniejszym artykule na temat prowadzenia bada\u0144 historycznych&nbsp;<a href=\"https:\/\/www.bluemoonofshanghai.com\/politics\/10306\/\"><strong>[28]<\/strong><\/a>&nbsp;napisa\u0142em, co nast\u0119puje:<\/p>\n\n\n\n<p>Nie ma w\u0105tpliwo\u015bci, \u017ce przeszukiwanie Internetu jest dzi\u015b trudniejsze ni\u017c 15 czy 20 lat temu.&nbsp;Zw\u0142aszcza w angloj\u0119zycznym Internecie kontrola informacji jest znacznie bardziej widoczna i skuteczna, a cenzura jest teraz w pe\u0142ni jawna, z niewielkimi lub \u017cadnymi pozorami lub przebraniami.&nbsp;Wiele stron internetowych lub dokument\u00f3w, kt\u00f3re w przesz\u0142o\u015bci pojawia\u0142y si\u0119 zawsze na pierwszej stronie wyszukiwania, nie jest obecnie dost\u0119pnych w normalny spos\u00f3b, a wiele \u017ar\u00f3de\u0142 zosta\u0142o usuni\u0119tych.&nbsp;Wiele link\u00f3w do dokument\u00f3w historycznych, kt\u00f3re zapisa\u0142em 15 lub 20 lat temu, jest nadal aktywnych, a dokumenty nadal s\u0105 dost\u0119pne, ale nie b\u0119d\u0105 ju\u017c pojawia\u0107 si\u0119 przy wyszukiwaniu z \u017cadnymi has\u0142ami.&nbsp;Obecnie cz\u0119sto zdarza si\u0119, \u017ce nawet je\u015bli znasz pe\u0142ny tytu\u0142 dokumentu, wyszukiwarki \u2013 zw\u0142aszcza Google \u2013 odm\u00f3wi\u0105 jego wy\u015bwietlenia.&nbsp;To jest tak prawdziwe, \u017ce<strong>Google (w szczeg\u00f3lno\u015bci) nie dzia\u0142a ju\u017c jako u\u017cyteczna wyszukiwarka<\/strong>&nbsp;;&nbsp;zamiast tego jest \u201estra\u017cnikiem bramy\u201d z dwiema g\u0142\u00f3wnymi funkcjami.&nbsp;Jednym z nich jest karmienie ci\u0119 informacjami, kt\u00f3re chce, aby\u015b mia\u0142 (lub rzeczami, o kt\u00f3rych chce, aby\u015b my\u015bla\u0142), a drugim jest upewnienie si\u0119, \u017ce nigdy nie znajdziesz informacji, kt\u00f3rych nie chce, aby\u015b mia\u0142 (lub rzeczy, o kt\u00f3rych nie chce, aby\u015b my\u015bla\u0142 ).<\/p>\n\n\n\n<p>Jako jeden konkretny przyk\u0142ad, nie jest powszechnie wiadome, \u017ce po II wojnie \u015bwiatowej alianci i \u017cydowscy przemys\u0142owcy pozbawili Niemcy wi\u0119kszo\u015bci jej u\u017cytecznych pozosta\u0142ych fabryk, wywo\u017c\u0105c wszystkie maszyny i urz\u0105dzenia do USA, Rosji i innych kraj\u00f3w, po prostu konfiskuj\u0105c je wszystkie jako &#8222;remont&#8221;.&nbsp;Pi\u0119tna\u015bcie lat temu bez trudu mo\u017cna by\u0142o znale\u017a\u0107 w Internecie setki zdj\u0119\u0107 niemieckich fabryk, w kt\u00f3rych demontowano maszyny, \u0142adowano je do wagon\u00f3w i wywo\u017cono.&nbsp;Dzi\u015b nie spos\u00f3b znale\u017a\u0107 \u017cadnego.&nbsp;Albo wszystkie zdj\u0119cia (i dowody) zosta\u0142y usuni\u0119te z Internetu, albo wyszukiwarki po prostu odmawiaj\u0105 ich wy\u015bwietlenia.<\/p>\n\n\n\n<p>To bardzo powa\u017cna sprawa.&nbsp;Istnieje dzi\u015b dos\u0142ownie armia ludzi, kt\u00f3rzy przeszukuj\u0105 Internet w poszukiwaniu tre\u015bci historycznych i politycznych, kt\u00f3re s\u0105 obci\u0105\u017caj\u0105ce kryminalnie, i dok\u0142adaj\u0105 wszelkich stara\u0144, aby wszystkie te tre\u015bci zosta\u0142y usuni\u0119te.&nbsp;I z mojego do\u015bwiadczenia mog\u0119 powiedzie\u0107, \u017ce osi\u0105gaj\u0105 znaczne sukcesy.&nbsp;Wysi\u0142ki te mog\u0105 odnosi\u0107 si\u0119 do szerokiego zakresu wydarze\u0144 i okoliczno\u015bci historycznych i politycznych, ale koncentracj\u0119 dostrzegam w dw\u00f3ch g\u0142\u00f3wnych obszarach, w obu z udzia\u0142em \u017byd\u00f3w.&nbsp;Jednym z obszar\u00f3w wydaje si\u0119 by\u0107 zdeterminowany wysi\u0142ek, aby&nbsp;<strong>wymaza\u0107 jak\u0105kolwiek identyfikacj\u0119 os\u00f3b jako \u017byd\u00f3w<\/strong>&nbsp;, zw\u0142aszcza tych, kt\u00f3rzy s\u0105 zamieszani w powa\u017cne zbrodnie lub okrucie\u0144stwa.&nbsp;Dowody na to s\u0105 wsz\u0119dzie.&nbsp;We\u017amy pod uwag\u0119 niedawny skandal z udzia\u0142em&nbsp;<strong>Jeffreya&nbsp;<\/strong><strong>Epsteina<\/strong>;&nbsp;z setek artyku\u0142\u00f3w w mediach na temat tej sprawy nie przypominam sobie ani jednego, w kt\u00f3rym wspomniano, \u017ce Epstein&nbsp;<a href=\"https:\/\/en.wikipedia.org\/wiki\/Jeffrey_Epstein\"><strong>[29]<\/strong><\/a>&nbsp;i&nbsp;<strong>Ghislaine Maxwell&nbsp;<\/strong><a href=\"https:\/\/en.wikipedia.org\/wiki\/Robert_Maxwell\"><strong>[30]<\/strong><\/a>&nbsp;byli \u017bydami.&nbsp;To nie mo\u017ce by\u0107 przypadek;&nbsp;\u015brodki masowego przekazu, kt\u00f3re s\u0105 prawie w ca\u0142o\u015bci w\u0142asno\u015bci\u0105 lub s\u0105 kontrolowane przez \u017byd\u00f3w, nie chc\u0105, aby takie skojarzenia pojawia\u0142y si\u0119 w opinii publicznej, a cenzura jest surowa.<\/p>\n\n\n\n<p>Wygl\u0105da na to, \u017ce Wikipedia systematycznie usuwa wszelkie odniesienia do os\u00f3b b\u0119d\u0105cych \u017bydami.&nbsp;Mam strony Wiki na temat os\u00f3b, kt\u00f3re uratowa\u0142em kilka lat temu, kt\u00f3re konkretnie identyfikuj\u0105 te osoby jako \u017byd\u00f3w, w niekt\u00f3rych przypadkach omawiaj\u0105c wiele szczeg\u00f3\u0142\u00f3w ich \u017cydowskiego pochodzenia.&nbsp;Ale na tych samych stronach dzisiaj usuni\u0119to wszystkie odniesienia.&nbsp;I nie tylko w Wikipedii.&nbsp;Ale jest jeszcze gorzej ni\u017c to.&nbsp;Szukaj\u0105c list nazwisk i to\u017csamo\u015bci \u017cydowskich do tego eseju, wyszukiwarki \u2013 Google i Bing \u2013 ca\u0142kowicie mnie odci\u0119\u0142y.&nbsp;Szuka\u0142em \u017cydowskich nazwisk w r\u00f3\u017cnych kategoriach rz\u0105dowych, ale wszystkie moje pro\u015bby zosta\u0142y nagle zablokowane.&nbsp;Szukaj\u0105c listy dyrektor\u00f3w CIA, otrzyma\u0142em taki wynik:<\/p>\n\n\n<div class=\"wp-block-image\">\n<figure class=\"aligncenter\"><a href=\"https:\/\/i0.wp.com\/www.bluemoonofshanghai.com\/wp-content\/uploads\/2023\/05\/CIA-Search.png?ssl=1\"><img decoding=\"async\" src=\"https:\/\/i0.wp.com\/www.bluemoonofshanghai.com\/wp-content\/uploads\/2023\/05\/CIA-Search.png?resize=1024%2C311&amp;ssl=1\" alt=\"\" class=\"wp-image-11285\"\/><\/a><\/figure><\/div>\n\n\n<p>Powracaj\u0105c do innej przegl\u0105darki i wyszukiwarki i wyszukuj\u0105c z innego kraju, bez trudu otrzyma\u0142em wyniki.&nbsp;Informacje nadal tam by\u0142y, ale Google i Bing by\u0142y oczywi\u015bcie zaprogramowane tak, aby odmawia\u0107 uzyskiwania pewnych wynik\u00f3w, co jest sp\u00f3jne ze wszystkimi poszukiwaniami dotycz\u0105cymi departament\u00f3w rz\u0105dowych USA, list pracownik\u00f3w i wszystkiego, co dotyczy \u017byd\u00f3w.&nbsp;By\u0142em ca\u0142kowicie zablokowany w tych obszarach.&nbsp;Pozwolono mi szuka\u0107 pogody w po\u0142udniowych W\u0142oszech lub przyrz\u0105dza\u0107 sa\u0142atk\u0119 Cezara, ale wszystkie przydatne badania by\u0142y ca\u0142kowicie ocenzurowane.&nbsp;Na pocz\u0105tku by\u0142em zdezorientowany, ale potem zda\u0142em sobie spraw\u0119, \u017ce rzeczywiste strony pojawi\u0142y si\u0119 na ekranie mojego komputera na u\u0142amek sekundy, ale szybko zosta\u0142y zast\u0105pione stron\u0105 \u201eprzepraszam, brak informacji\u201d.&nbsp;By\u0142o to wyra\u017anie zamierzone i zaplanowane;<\/p>\n\n\n\n<p><strong>Kim jest \u017byd?<\/strong><\/p>\n\n\n\n<p>Bior\u0105c pod uwag\u0119 seri\u0119 wymy\u015blonych komplikacji i to, co wydaje si\u0119 by\u0107 og\u00f3ln\u0105 niech\u0119ci\u0105 wielu \u017byd\u00f3w do ujawnienia swojego pochodzenia etnicznego, zidentyfikowanie tych \u017byd\u00f3w aktywnych w naszych spo\u0142ecze\u0144stwach mo\u017ce by\u0107 niezwykle trudne.&nbsp;W niedawnym artykule na temat asymilacji \u017byd\u00f3w&nbsp;<a href=\"https:\/\/www.unz.com\/article\/jewish-assimilation\/\"><strong>[31]<\/strong><\/a><strong>&nbsp;dr Kevin MacDonald<\/strong>&nbsp;napisa\u0142, co nast\u0119puje: \u201eAle zazwyczaj, przy braku dowod\u00f3w jawnego \u017cydowskiego aktywizmu.&nbsp;.&nbsp;.&nbsp;trzeba pochyli\u0107 si\u0119 nad szczeg\u00f3\u0142owymi \u017cyciorysami, zawieraj\u0105cymi np. relacje z prywatnych rozm\u00f3w i list\u00f3w.&nbsp;Na przyk\u0142ad Freud pozostawi\u0142 po sobie wiele dowod\u00f3w swojej \u017cydowskiej to\u017csamo\u015bci i poczucia \u017cydowskich interes\u00f3w.&nbsp;Inni tego nie zrobili, wi\u0119c trzeba z\u0142o\u017cy\u0107 relacj\u0119 na podstawie stosunkowo sk\u0105pych dowod\u00f3w\u201d.&nbsp;Nie zawsze \u0142atwo jest zidentyfikowa\u0107 \u017cydowskie pochodzenie etniczne z absolutn\u0105 pewno\u015bci\u0105 i<strong>wielu \u017byd\u00f3w woli nie by\u0107 tak identyfikowanymi \u2013 jeden z powod\u00f3w, dla kt\u00f3rych zmieniaj\u0105 swoje nazwiska.<\/strong><\/p>\n\n\n\n<p><strong>Kim jest \u017byd?&nbsp;<\/strong>To pytanie nie jest ani tak proste \u2013 ani tak skomplikowane \u2013 jak przedstawiaj\u0105 je \u017bydzi.&nbsp;Oryginalna, oficjalna wersja by\u0142a taka, \u017ce \u200b\u200bje\u015bli twoja matka by\u0142a \u017byd\u00f3wk\u0105, to ty jeste\u015b \u017byd\u00f3wk\u0105.&nbsp;Okres.&nbsp;Nie wida\u0107 tu miejsca na dyskusj\u0119.<\/p>\n\n\n\n<p>\u201eKodeks Prawa \u017bydowskiego wyra\u017anie stwierdza, \u017ce \u200b\u200bdziecko \u017cydowskiej matki jest \u017bydem, niezale\u017cnie od rodowodu ojca (lub cokolwiek innego mo\u017ce pojawi\u0107 si\u0119 w te\u015bcie DNA), podczas gdy dziecko matki nie\u017cydowskiej nie jest \u017bydem.&nbsp;Pochodzenie matrylinearne by\u0142o fundamentaln\u0105 zasad\u0105 Tory od czasu powstania narodu \u017cydowskiego\u201d.&nbsp;<a href=\"https:\/\/www.chabad.org\/library\/article_cdo\/aid\/601092\/jewish\/Why-Is-Jewishness-Matrilineal.htm\"><strong>[32]<\/strong><\/a><\/p>\n\n\n\n<p>Jednak sami \u017bydzi regularnie nie przestrzegaj\u0105 zasad.&nbsp;W artykule w Wikipedii na temat&nbsp;<strong>Franka Damroscha Jr.<\/strong>&nbsp;czytamy: \u201e[On] by\u0142 ameryka\u0144skim ksi\u0119dzem episkopalnym, autorem i pisarzem, synem znanego kompozytora Franka Damroscha, [kt\u00f3ry] s\u0142u\u017cy\u0142 jako przyw\u00f3dca ruchu anglokatolickiego w USA  jest tak\u017ce autorem trzech ksi\u0105\u017cek i artyku\u0142\u00f3w dla [katolickich] czasopism.&nbsp;<a href=\"https:\/\/en.wikipedia.org\/wiki\/Frank_Damrosch_Jr.\"><strong>[33]&nbsp;<\/strong><\/a><a href=\"https:\/\/en.wikipedia.org\/wiki\/Category:American_people_of_German-Jewish_descent\"><strong>[34]<\/strong><\/a>&nbsp;Jednak Wikipedia (platforma ca\u0142kowicie \u017cydowska) wymienia t\u0119 osob\u0119 jako \u017byda, wyra\u017anie ignoruj\u0105c zmian\u0119 religii.<\/p>\n\n\n\n<p>W innym artykule omawiaj\u0105cym&nbsp;<strong>Arthura Schlesingera<\/strong>&nbsp;[&nbsp;<a href=\"https:\/\/en.wikipedia.org\/wiki\/Arthur_M._Schlesinger_Jr.\"><strong>35]&nbsp;<\/strong><\/a><a href=\"https:\/\/en.wikipedia.org\/w\/index.php?title=Category:American_people_of_German-Jewish_descent\"><strong>[36]<\/strong><\/a>&nbsp;Wikipedia m\u00f3wi nam: \u201eJego dziadek ze strony ojca by\u0142 pruskim \u017bydem, kt\u00f3ry przeszed\u0142 na protestantyzm, a nast\u0119pnie po\u015blubi\u0142 austriackiego katolika.&nbsp;Jego matka .&nbsp;.&nbsp;.&nbsp;by\u0142 pochodzenia niemieckiego i Nowej Anglii.&nbsp;.&nbsp;.&nbsp;Jego rodzina praktykowa\u0142a unitarianizm\u201d.&nbsp;Ale Wikipedia klasyfikuje Schlesingera jako \u017byda.&nbsp;W sprawie&nbsp;<strong>Johna Kerry&#8217;ego&nbsp;<\/strong><a href=\"https:\/\/en.wikipedia.org\/wiki\/John_Kerry\"><strong>[37]<\/strong><\/a>&nbsp;,&nbsp;by\u0142ego sekretarza stanu USA, powiedziano nam: \u201eJego ojciec zosta\u0142 wychowany jako katolik.&nbsp;Dziadkowie Johna ze strony ojca byli austro-w\u0119gierskimi imigrantami \u017cydowskimi, kt\u00f3rzy przeszli na katolicyzm, a jego matka by\u0142a episkopaliank\u0105.&nbsp;Dzieci by\u0142y wychowywane w wierze katolickiej ojca, a John s\u0142u\u017cy\u0142 jako ministrant\u201d.&nbsp;Ale John Kerry jest uwa\u017cany za \u017byda.<\/p>\n\n\n\n<p>W innym przyk\u0142adzie, dotycz\u0105cym ameryka\u0144skiej astronautki&nbsp;<strong>Jessiki Meir<\/strong>&nbsp;, \u201eJerusalem Post\u201d pisze w nag\u0142\u00f3wku artyku\u0142u \u201eCzy \u017cydowska astronautka Jessica Meir b\u0119dzie pierwsz\u0105 kobiet\u0105 NASA na Ksi\u0119\u017cycu?\u201d&nbsp;<a href=\"https:\/\/www.jpost.com\/50-most-influential-jews\/article-717744\"><strong>[38]<\/strong><\/a>&nbsp;Jednak ten sam artyku\u0142 m\u00f3wi nam, \u017ce Jessica \u201eUrodzi\u0142a si\u0119 w Maine ze szwedzkiej matki i izraelsko-\u017cydowskiego ojca.&nbsp;.&nbsp;\u201d.&nbsp;Artyku\u0142 twierdzi,&nbsp;<strong>\u017ce identyfikuje si\u0119 jako \u017byd\u00f3wka, a zatem jest \u017byd\u00f3wk\u0105<\/strong>&nbsp;.&nbsp;Wci\u0105\u017c z Jessic\u0105 Meir, strona internetowa Jewish Kveller m\u00f3wi nam,&nbsp;<a href=\"https:\/\/www.kveller.com\/9-jewish-astronauts-who-have-boldly-gone-to-space\/\"><strong>[39]<\/strong><\/a>&nbsp;\u201eJessica Meir jest 44-letni\u0105 astronautk\u0105 z Caribou, Maine.&nbsp;Matka Meira jest Szwedk\u0105, a jej ojciec jest Izraelczykiem pochodzenia irackiego pochodzenia sefardyjskiego.&nbsp;<strong>I tak, jest \u017byd\u00f3wk\u0105<\/strong>&nbsp;\u201d.&nbsp;(podkre\u015blenie moje).&nbsp;W innym przypadku, na tej samej stronie internetowej Kveller celebruj\u0105cej \u201e\u017cydowskich astronaut\u00f3w\u201d, powiedziano nam \u201e<strong>Mark Polansky<\/strong>&nbsp;dorasta\u0142 w Paterson, New Jersey, jako syn \u017cydowskiego ojca i hawajskiej matki korea\u0144skiego pochodzenia\u201d.&nbsp;Polansky&nbsp;<strong>jest r\u00f3wnie\u017c uwa\u017cany za \u017byda<\/strong>&nbsp;.<\/p>\n\n\n\n<p>Ale spr\u00f3bujmy zilustrowa\u0107 celow\u0105 dwulicowo\u015b\u0107 przenikaj\u0105c\u0105 ca\u0142\u0105 t\u0119 spraw\u0119.&nbsp;Aby rozwin\u0105\u0107 inne aspekty ich programu, \u017bydzi pomieszali i pomieszali to do punktu, w kt\u00f3rym mo\u017ce nie by\u0107 rozwi\u0105zania.<\/p>\n\n\n\n<p>Jednym z aspekt\u00f3w tego zamieszania jest stanowisko, \u017ce \u201e&nbsp;<strong>bycie \u017bydem to tylko religia<\/strong>&nbsp;\u201d.&nbsp;Jest to oczywisty nonsens z wi\u0119kszej liczby powod\u00f3w, ni\u017c mam miejsce, by je wymieni\u0107, ale zajmijmy si\u0119 jedn\u0105 oczywist\u0105 i niepodwa\u017caln\u0105 sprzeczno\u015bci\u0105:&nbsp;<strong>je\u015bli bycie \u017bydem odzwierciedla jedynie przynale\u017cno\u015b\u0107 do religii, jak to jest, \u017ce ja \u2013 i miliony innych \u2013 mo\u017cemy patrze\u0107 na twarz\u0105 w twarz i od razu powiedzie\u0107, \u017ce ta osoba jest \u017bydem?&nbsp;By\u0142aby to pot\u0119\u017cna religia, gdyby potrafi\u0142a zmienia\u0107 rysy twarzy swoich wyznawc\u00f3w.<\/strong><\/p>\n\n\n<div class=\"wp-block-image\">\n<figure class=\"aligncenter\"><a href=\"https:\/\/i0.wp.com\/www.bluemoonofshanghai.com\/wp-content\/uploads\/2023\/05\/JEWS.jpg?ssl=1\"><img decoding=\"async\" src=\"https:\/\/i0.wp.com\/www.bluemoonofshanghai.com\/wp-content\/uploads\/2023\/05\/JEWS.jpg?resize=1024%2C352&amp;ssl=1\" alt=\"\" class=\"wp-image-11282\"\/><\/a><\/figure><\/div>\n\n\n<p>Sheldon Lavin (forbes.pl; zdj\u0119cie prasowe zuma);&nbsp;Sheldon Adelson (zdj\u0119cie Observer.com);&nbsp;Madeleine Albright (zdj\u0119cie AP)<\/p>\n\n\n\n<p>Jest to nonsens (w rzeczywisto\u015bci ogromne k\u0142amstwo) r\u00f3wnie\u017c na innej podstawie: teoria \u201e\u017byd jako religia\u201d implikuje, \u017ce je\u015bli \u017byd porzuci judaizm i przyjmie chrze\u015bcija\u0144stwo, osoba ta nie jest ju\u017c \u017bydem.&nbsp;C\u00f3\u017c, w takim razie by\u0142by czym?&nbsp;Nic?<\/p>\n\n\n\n<p>Wielu \u017byd\u00f3w dodatkowo komplikuje to, twierdz\u0105c (jak np. Elon Musk) \u017ce s\u0105 ateistami, to obalenie wszelkiej religii najwyra\u017aniej neguje mo\u017cliwo\u015b\u0107 bycia \u017bydem.&nbsp;I to te\u017c jest g\u0142upie.&nbsp;Odrzucenie religii to nie to samo, co odrzucenie dziedzictwa rasowego.&nbsp;Je\u015bli Elon Musk \u2013 \u017byd \u2013&nbsp;patrz odno\u015bniki&nbsp;<strong>[40]<\/strong>&nbsp;\u2013 porzuca judaizm i wyznaje ateizm, to kim on jest?&nbsp;Nie mo\u017ce twierdzi\u0107, \u017ce jest Amerykaninem, poniewa\u017c to nie jest rasa;&nbsp;to paszport.&nbsp;I nie mo\u017ce \u2013 jak wielu \u017byd\u00f3w pr\u00f3buje to zrobi\u0107 \u2013 twierdzi\u0107, \u017ce jego rasa jest \u201ebia\u0142a\u201d;&nbsp;to oczywi\u015bcie kolor sk\u00f3ry, a nie grupa etniczna.&nbsp;Rozwa\u017c to w kontek\u015bcie innych narodowo\u015bci.&nbsp;<strong>Czy je\u015bli W\u0142och-katolik porzuca katolicyzm i przyjmuje islam lub twierdzi, \u017ce jest ateist\u0105, przestaje by\u0107 W\u0142ochem?<\/strong>Oczywi\u015bcie nie.&nbsp;To g\u0142upie.&nbsp;Jego religia nie ma zwi\u0105zku z jego korzeniami rasowymi lub etnicznymi i nie ma znaczenia.<\/p>\n\n\n\n<p>Najistotniejsze jest to, \u017ce ka\u017cdy cz\u0142owiek z definicji musi nale\u017ce\u0107 do jakiej\u015b rasy, do jakiej\u015b grupy etnicznej.&nbsp;Nie mo\u017cna by\u0107 niczym.&nbsp;Jednak mi\u0119dzynarodowe \u017cydostwo (znowu chazarska mafia talmudyczna) twierdzi teraz, \u017ce nie ma czego\u015b takiego jak rasa, pozycja, kt\u00f3ra jest warta jedynie wy\u015bmiania i g\u0142\u0119bokiego podejrzenia co do ich intencji.&nbsp;Wydaje si\u0119, \u017ce celem tego nonsensownego twierdzenia jest wy\u0142\u0105cznie umo\u017cliwienie \u017bydom unikni\u0119cia identyfikacji jako \u017byd\u00f3w.&nbsp;Nie s\u0142u\u017cy \u017cadnemu innemu celowi.<\/p>\n\n\n\n<p>Ta kwestia ma g\u0142\u00f3wn\u0105 przyczyn\u0119 w tym, \u017ce wraz z gromadzeniem przez \u017byd\u00f3w coraz wi\u0119kszej w\u0142adzy i wp\u0142yw\u00f3w na zachodnie spo\u0142ecze\u0144stwa, wielu z nich coraz bardziej niech\u0119tnie identyfikuje si\u0119 jako \u017bydzi.&nbsp;Chazarscy talmudy\u015bci (tak zwani \u017bydzi Benjamina Freedmana)&nbsp;<a href=\"https:\/\/www.bluemoonofshanghai.com\/politics\/essential-reading-the-truth-about-khazars-facts-are-facts-benjamin-h-freedman-c-1954\/\"><strong>[41]&nbsp;<\/strong><\/a><a href=\"https:\/\/www.bluemoonofshanghai.com\/politics\/5853\/\"><strong>[42]<\/strong><\/a>w londy\u0144skim City zauwa\u017cyli, \u017ce ten problem pojawi\u0142 si\u0119 dziesi\u0105tki lat temu, kiedy wprowadzili dwuetapowe rozwi\u0105zanie.&nbsp;Pierwszym krokiem by\u0142o intensywne promowanie idei, \u017ce bycie \u017bydem jest jedynie praktykowaniem religii.&nbsp;Drugim by\u0142o wymuszenie uchwalenia praw w ca\u0142ych Stanach Zjednoczonych, kt\u00f3re uznawa\u0142y za nielegalne wszelkie pro\u015bby o ujawnienie religii danej osoby (np. w przypadku zatrudnienia).&nbsp;Ale to nie mia\u0142o zwi\u0105zku z religi\u0105, co powinno by\u0107 oczywiste, poniewa\u017c jedynym znacz\u0105cym rezultatem by\u0142o uczynienie nielegalnym pytania osoby, czy jest \u017bydem.&nbsp;A w prawdziwym \u017cyciu \u017caden formularz podania o prac\u0119 dla jakiejkolwiek firmy nigdy nie pyta\u0142 o religi\u0119;&nbsp;przynajmniej ja nigdy o czym\u015b takim nie s\u0142ysza\u0142em i nie znam nikogo, kto by o tym s\u0142ysza\u0142.<\/p>\n\n\n\n<p>Jest jeszcze jeden komplikuj\u0105cy czynnik nap\u0119dzaj\u0105cy teori\u0119 \u201enie ma czego\u015b takiego jak rasa\u201d, poniewa\u017c sami \u017bydzi s\u0105 dwiema rasami.&nbsp;<a href=\"https:\/\/www.bluemoonofshanghai.com\/wp-content\/uploads\/2022\/08\/Benjamin-H.-Freedman-%E2%80%93-1961-Speech.pdf\"><strong>[43]&nbsp;<\/strong><\/a><a href=\"https:\/\/www.bluemoonofshanghai.com\/wp-content\/uploads\/2022\/05\/ARTHUR-KOESTLER-THE-THIRTEEN-TRIBE.pdf\"><strong>[44]<\/strong><\/a>&nbsp;S\u0105 \u017bydzi semiccy z Bliskiego Wschodu i \u017bydzi aszkenazyjscy pochodz\u0105cy z Chazarii, kt\u00f3rzy s\u0105 genetycznie Europejczykami i kt\u00f3rzy nie mieli absolutnie \u017cadnego kontaktu ani \u017cadnych roszcze\u0144 do Ziemi \u015awi\u0119tej.&nbsp;Wi\u0119kszo\u015b\u0107 dzisiejszych \u017byd\u00f3w, ponad 95% wed\u0142ug \u017cydowskich szacunk\u00f3w, to europejscy Chazarowie, odr\u0119bna rasa, kt\u00f3ra uwa\u017ca si\u0119 za \u017byd\u00f3w i kt\u00f3ra nadal u\u017cywa starego (zboczonego seksualnie) Talmudu Babilo\u0144skiego jako swojej Biblii.&nbsp;Na przyk\u0142ad godnym uwagi fragmentem \u017cydowskiego Talmudu jest dyskusja o tym, czy nale\u017cy czeka\u0107, a\u017c dziewczynka sko\u0144czy \u201etrzy lata plus jeden dzie\u0144\u201d, zanim b\u0119dzie mo\u017cna wykorzysta\u0107 j\u0105 do stosunku p\u0142ciowego.&nbsp;W rzeczywisto\u015bci m\u00f3wi\u0105 mi ci, kt\u00f3rzy powinni wiedzie\u0107, \u017ce chazarska mafia (i nie tylko w londy\u0144skim City) to satani\u015bci, kt\u00f3rzy prywatnie przyznaj\u0105, \u017ce szatan jest ich bogiem.<\/p>\n\n\n\n<p>Jednak bardzo s\u0142u\u017cy ich celowi, aby goje uwa\u017cali ich za jedn\u0105 ras\u0119 lub, w ich fantazji, za \u017cadn\u0105 ras\u0119, i dlatego mamy celow\u0105, zaplanowan\u0105 i zorganizowan\u0105 dwulicowo\u015b\u0107, pr\u00f3buj\u0105c\u0105 zaprzeczy\u0107 temu podzia\u0142owi.&nbsp;Nie mamy problemu ze znalezieniem wielu \u201eoficjalnych\u201d \u201ebada\u0144 genetycznych\u201d, ka\u017cde r\u00f3wnie nieuczciwe jak poprzednie, pr\u00f3buj\u0105ce udowodni\u0107, \u017ce Chazaria nigdy nie istnia\u0142a lub \u017ce \u017bydzi nie maj\u0105 wsp\u00f3lnego DNA, lub \u017ce judaizm jest jedn\u0105 religi\u0105, kt\u00f3r\u0105 w spos\u00f3b oczywisty jest nie.&nbsp;Tak wi\u0119c \u017byd urodzony w Niemczech jest w rzeczywisto\u015bci czysto genetycznym Niemcem, kt\u00f3remu zdarza si\u0119 wyznawa\u0107 religi\u0119 judaistyczn\u0105, a je\u015bli zamiast tego przyjmuje chrze\u015bcija\u0144stwo, nie jest ju\u017c \u017bydem.&nbsp;Ale skoro nie ma czego\u015b takiego jak rasa, nie mo\u017ce by\u0107 czystym etnicznym Niemcem i dlatego jest niczym.&nbsp;Jednak niemieccy \u017bydzi identyfikuj\u0105 si\u0119 jako \u017bydzi, a nie jako etniczni Niemcy.<\/p>\n\n\n\n<p><strong>\u017bydzi w ostatnich administracjach Bia\u0142ego Domu:<\/strong><\/p>\n\n\n\n<p>Poni\u017cej znajduje si\u0119 kr\u00f3tka seria zbiorczych list \u017byd\u00f3w mianowanych na znacz\u0105ce stanowiska w rz\u0105dzie USA, w ostatnich administracjach.&nbsp;Potwierdzenie tych os\u00f3b jako \u017byd\u00f3w jest zawarte zar\u00f3wno w zbiorczych odniesieniach, jak iw poszczeg\u00f3lnych linkach w poni\u017cszych sekcjach.<\/p>\n\n\n\n<p><strong>Administracja Bidena \u2013 Cz\u0119\u015bciowa lista nominacji \u017cydowskich&nbsp;<\/strong><a href=\"https:\/\/www.jewishvirtuallibrary.org\/jews-in-the-biden-administration\"><strong>[45]<\/strong><\/a>&nbsp;<a href=\"https:\/\/www.jpost.com\/opinion\/joe-bidens-a-team-of-jewish-advisers-cabinet-members-and-staff-658350\"><strong>[46]<\/strong><\/a><\/p>\n\n\n\n<p><strong>Michael Adler<\/strong>&nbsp;\u2013 ambasador USA w Belgii;&nbsp;<strong>Antony Blinken<\/strong>&nbsp;\u2013 Sekretarz Stanu;&nbsp;<strong>Jared Bernstein<\/strong>&nbsp;\u2013 Rada Doradc\u00f3w Ekonomicznych;&nbsp;<strong>David S. Cohen<\/strong>&nbsp;\u2013 Zast\u0119pca Dyrektora CIA;&nbsp;<strong>David L. Cohen<\/strong>&nbsp;\u2013 Ambasador w Kanadzie;&nbsp;<strong>Steven Dettelbach<\/strong>&nbsp;\u2013 Dyrektor Biura ds. Alkoholu, Tytoniu, Broni Palnej i Materia\u0142\u00f3w Wybuchowych;&nbsp;<strong>Stuart Eizenstat<\/strong>&nbsp;\u2013 Specjalny Doradca ds. Holokaustu;&nbsp;<strong>Rahm Emanuel<\/strong>&nbsp;\u2013 ambasador USA w Japonii;&nbsp;<strong>Genine Macks Fidler<\/strong>&nbsp;\u2013 Krajowa Rada Nauk Humanistycznych;&nbsp;<strong>Eric Garcetti<\/strong>&nbsp;\u2013 ambasador USA w Indiach;&nbsp;<strong>Merrick Garland<\/strong>&nbsp;\u2013 prokurator generalny;&nbsp;<strong>Gary&#8217;ego Genslera<\/strong>\u2013 Przewodnicz\u0105cy Komisji Papier\u00f3w Warto\u015bciowych i Gie\u0142d (SEC);&nbsp;<strong>Ellen Germain<\/strong>&nbsp;\u2013 Specjalna Wys\u0142anniczka USA ds. Holokaustu;&nbsp;<strong>Mark Gitenstein<\/strong>&nbsp;\u2013 Ambasador USA przy Unii Europejskiej;&nbsp;<strong>Shelley Greenspan<\/strong>&nbsp;\u2013 \u0142\u0105cznik Bia\u0142ego Domu ze spo\u0142eczno\u015bci\u0105 \u017cydowsk\u0105;&nbsp;<strong>Amy Gutmann<\/strong>&nbsp;\u2013 Ambasador USA w Niemczech;&nbsp;<strong>Avril Haines<\/strong>&nbsp;\u2013 Dyrektor Wywiadu Narodowego;&nbsp;<strong>Amos Hochstein<\/strong>&nbsp;\u2013 Specjalny wys\u0142annik Biura ds. Zasob\u00f3w Energii;&nbsp;<strong>Roberta Jacobson<\/strong>&nbsp;\u2013 \u201ecar graniczny\u201d Rady Bezpiecze\u0144stwa Narodowego;&nbsp;<strong>Jonathan Kanter<\/strong>&nbsp;\u2013 Asystent Prokuratora Generalnego Departamentu Sprawiedliwo\u015bci Wydzia\u0142 Antymonopolowy;&nbsp;<strong>Jonathan Kaplan<\/strong>&nbsp;\u2013 ambasador USA w Singapurze;&nbsp;<strong>Davida Kesslera<\/strong>\u2013 Wsp\u00f3\u0142przewodnicz\u0105cy Rady Doradczej ds. COVID-19;&nbsp;<strong>Aaron Keyak<\/strong>&nbsp;\u2013 zast\u0119pca wys\u0142annika ds. monitorowania i zwalczania antysemityzmu;&nbsp;<strong>Ron Klain<\/strong>&nbsp;\u2013 szef sztabu;&nbsp;<strong>Jennifer Klein<\/strong>&nbsp;\u2013 wsp\u00f3\u0142przewodnicz\u0105ca Rady ds. Polityki P\u0142ci;&nbsp;<strong>Sharon Kleinbaum<\/strong>&nbsp;\u2013 komisarz ameryka\u0144skiej Komisji ds. Mi\u0119dzynarodowej Wolno\u015bci Religijnej;&nbsp;<strong>Jed Kolko<\/strong>&nbsp;\u2013 Podsekretarz ds. Gospodarczych Departament Handlu;&nbsp;<strong>Eric Lander<\/strong>&nbsp;\u2013 Dyrektor Biura Polityki Naukowej i Technologicznej;&nbsp;<strong>Alan Leventhal<\/strong>&nbsp;\u2013 ambasador USA w Danii;&nbsp;<strong>Rachel Levine<\/strong>&nbsp;\u2013 Zast\u0119pca Sekretarza ds. Zdrowia i Opieki Spo\u0142ecznej;&nbsp;<strong>Deborah Lipstadt<\/strong>&nbsp;\u2013 Specjalna Wys\u0142anniczka ds. Monitorowania i Zwalczania Antysemityzmu;<strong>Alejandro Mayorkas<\/strong>&nbsp;\u2013 Sekretarz Bezpiecze\u0144stwa Wewn\u0119trznego;&nbsp;<strong>Anne Neuberger<\/strong>&nbsp;\u2013 dyrektor NSA ds. cyberbezpiecze\u0144stwa;&nbsp;<strong>Thomas Nides<\/strong>&nbsp;\u2013 ambasador USA w Izraelu;&nbsp;<strong>Stephanie Pollack<\/strong>&nbsp;\u2013 Zast\u0119pca Administratora Federalnej Administracji Autostrad;&nbsp;<strong>Ned Price<\/strong>&nbsp;\u2013 rzecznik Departamentu Stanu;&nbsp;<strong>Mira Resnick<\/strong>&nbsp;\u2013 Zast\u0119pca Asystenta Sekretarza ds. Bezpiecze\u0144stwa Regionalnego w Departamencie Stanu;&nbsp;<strong>Jessica Rosenworcel<\/strong>&nbsp;\u2013 Przewodnicz\u0105ca Federalnej Komisji \u0141\u0105czno\u015bci;&nbsp;<strong>Dan Shapiro<\/strong>&nbsp;\u2013 Doradca ds. Iranu;&nbsp;<strong>Wendy Sherman<\/strong>&nbsp;\u2013 Zast\u0119pca Sekretarza Stanu;&nbsp;<strong>Marc Stanley<\/strong>&nbsp;\u2013 ambasador USA w Argentynie;&nbsp;<strong>Michele Taylor<\/strong>\u2013 przedstawiciel USA w Radzie Praw Cz\u0142owieka ONZ;&nbsp;<strong>Polly Trottenberg<\/strong>&nbsp;\u2013 zast\u0119pca sekretarza ds. transportu;&nbsp;<strong>Rochelle Walensky<\/strong>&nbsp;\u2013 dyrektor CDC;&nbsp;<strong>Janet Yellen<\/strong>&nbsp;\u2013 Sekretarz Skarbu;&nbsp;<strong>Jeffrey Zients<\/strong>&nbsp;\u2013 koordynator ds. COVID-19.<\/p>\n\n\n\n<p><strong>Administracja Trumpa \u2013 Cz\u0119\u015bciowa lista nominacji \u017cydowskich&nbsp;<\/strong><a href=\"https:\/\/www.jpost.com\/opinion\/joe-bidens-a-team-of-jewish-advisers-cabinet-members-and-staff-658350\"><strong>[47]<\/strong><\/a><\/p>\n\n\n\n<p><strong>Elliott Abrams<\/strong>&nbsp;\u2013 Specjalny przedstawiciel na Wenezuel\u0119, potem Iran;&nbsp;<strong>Avrahm Berkowitz<\/strong>&nbsp;\u2013 Zast\u0119pca Doradcy Prezydenta;&nbsp;<strong>Elan Carr<\/strong>&nbsp;\u2013 specjalny wys\u0142annik do monitorowania i zwalczania antysemityzmu;&nbsp;<strong>Ezra Cohen-Watnick<\/strong>&nbsp;\u2013 pe\u0142ni\u0105cy obowi\u0105zki podsekretarza obrony ds. wywiadu;&nbsp;<strong>Gary Cohn<\/strong>&nbsp;\u2013 Dyrektor Krajowej Rady Gospodarczej;&nbsp;<strong>Ellie Cohanim<\/strong>&nbsp;\u2013 zast\u0119pca specjalnego wys\u0142annika ds. monitorowania i zwalczania antysemityzmu;&nbsp;<strong>Reed Cordish<\/strong>&nbsp;\u2013 Asystent Prezydenta,&nbsp;<strong>John Eisenberg<\/strong>&nbsp;\u2013 Rada Bezpiecze\u0144stwa Narodowego ds. Inicjatyw Mi\u0119dzyrz\u0105dowych i Technologicznych;&nbsp;<strong>David Friedman<\/strong>&nbsp;\u2013 Ambasador w Izraelu;&nbsp;<strong>Davida Greenblatta<\/strong>\u2013 specjalny przedstawiciel ds. negocjacji w sprawie konflikt\u00f3w izraelsko-palesty\u0144skich;&nbsp;<strong>Len Chodorkowski<\/strong>&nbsp;\u2013 Zast\u0119pca Sekretarza Stanu i Starszy Doradca Specjalnego Przedstawiciela USA ds. Iranu;&nbsp;&nbsp;<strong>Lawrence Kudlow<\/strong>&nbsp;\u2013 Dyrektor Krajowej Rady Gospodarczej;&nbsp;<strong>Jared Kushner<\/strong>&nbsp;\u2013 zi\u0119\u0107 i starszy doradca;&nbsp;<strong>Stephen Miller<\/strong>&nbsp;\u2013 starszy doradca ds. polityki;&nbsp;<strong>Steve Mnuchin<\/strong>&nbsp;\u2013 Sekretarz Skarbu;&nbsp;<strong>Morgan Ortagus<\/strong>&nbsp;\u2013 rzecznik prasowy Departamentu Stanu;&nbsp;<strong>Jeffrey Rosen<\/strong>&nbsp;\u2013 prokurator generalny;&nbsp;<strong>Rod Rosenstein<\/strong>&nbsp;\u2013 Zast\u0119pca Prokuratora Generalnego;&nbsp;<strong>David Shulkin<\/strong>&nbsp;\u2013 Sekretarz ds. Weteran\u00f3w;&nbsp;<strong>Ivanka Trump<\/strong>\u2013 c\u00f3rka i Doradca Prezydenta.<\/p>\n\n\n\n<p><strong>Administracja Obamy \u2013 Cz\u0119\u015bciowa lista nominacji \u017cydowskich&nbsp;<\/strong><a href=\"https:\/\/www.jewishvirtuallibrary.org\/jews-in-the-barack-obama-administration\"><strong>[48]&nbsp;<\/strong><\/a><a href=\"https:\/\/www.jewishvirtuallibrary.org\/jews-in-the-barack-obama-administration\"><strong>[49]&nbsp;<\/strong><\/a><a href=\"https:\/\/www.huffpost.com\/entry\/barack-obama-americas-fir_b_143985\"><strong>[50]&nbsp;<\/strong><\/a><a href=\"https:\/\/www.haaretz.com\/jewish\/2015-12-08\/ty-article\/meet-the-jewish-bulwark-of-obamas-administration\/0000017f-ef21-d4cd-af7f-ef79992c0000\"><strong>[51]<\/strong><\/a><\/p>\n\n\n\n<p><strong>David Axelrod<\/strong>&nbsp;\u2013 Starszy Doradca Prezydenta;&nbsp;<strong>Ben Bernanke<\/strong>&nbsp;\u2013 Przewodnicz\u0105cy FED;&nbsp;<strong>Jared Bernstein<\/strong>&nbsp;\u2013 G\u0142\u00f3wny Ekonomista\/Doradca Wiceprezesa ds. Polityki Gospodarczej;&nbsp;<strong>Tony Blinken<\/strong>&nbsp;\u2013 zast\u0119pca doradcy ds. bezpiecze\u0144stwa narodowego;&nbsp;<strong>Danielle Borrin<\/strong>&nbsp;\u2013 Dyrektor ds. Mi\u0119dzyrz\u0105dowych i Zast\u0119pca Dyrektora ds. Zaanga\u017cowania Publicznego;&nbsp;<strong>David Cohen<\/strong>&nbsp;\u2013 Zast\u0119pca Dyrektora, CIA;&nbsp;<strong>Rahm Emanuel<\/strong>&nbsp;\u2013 szef sztabu prezydenta;&nbsp;<strong>Lee Feinstein<\/strong>&nbsp;\u2013 doradca ds. polityki zagranicznej kampanii;&nbsp;<strong>Raffi Freedman-Gurspan<\/strong>&nbsp;\u2013 \u0141\u0105cznik ze spo\u0142eczno\u015bci\u0105 LGBT;&nbsp;<strong>Jason Furman<\/strong>&nbsp;\u2013 Przewodnicz\u0105cy Rady Doradc\u00f3w Ekonomicznych;&nbsp;<strong>Gary&#8217;ego Genslera<\/strong>\u2013 Przewodnicz\u0105cy Komisji Handlu Kontraktami Towarowymi Futures;&nbsp;<strong>Jonathan Greenblatt<\/strong>&nbsp;\u2013 Specjalny Asystent Przewodnicz\u0105cego i Dyrektora Rady ds. Polityki Wewn\u0119trznej;&nbsp;<strong>Elena Kagan<\/strong>&nbsp;\u2013 prokurator generalny;&nbsp;<strong>Ronald Klain<\/strong>&nbsp;\u2013 szef sztabu wiceprezydenta;&nbsp;<strong>Jack Lew<\/strong>&nbsp;\u2013 Sekretarz Skarbu;&nbsp;<strong>Eric Lynn<\/strong>&nbsp;\u2013 doradca ds. polityki na Bliskim Wschodzie;&nbsp;<strong>Thomas Nides<\/strong>&nbsp;\u2013 Zast\u0119pca Sekretarza Stanu ds. Zarz\u0105dzania i Zasob\u00f3w;&nbsp;<strong>Matt Nosanchuk<\/strong>&nbsp;\u2013 Zast\u0119pca Dyrektora Biura ds. Zaanga\u017cowania Publicznego ds. Pomocy \u017bydom;&nbsp;<strong>Piotr Orszag<\/strong>&nbsp;\u2013 Dyrektor Biura Zarz\u0105dzania i Bud\u017cetu;&nbsp;<strong>David Plouffe<\/strong>&nbsp;\u2013 Starszy Doradca Prezydenta;&nbsp;<strong>Amy Rosenbaum<\/strong>\u2013 Dyrektor ds. Legislacyjnych;&nbsp;<strong>Dennis Ross<\/strong>&nbsp;\u2013 Specjalny Asystent Prezydenta;&nbsp;<strong>Daniel Rubenstein<\/strong>&nbsp;\u2013 Ambasador w Syrii;&nbsp;<strong>Mara Rudman<\/strong>&nbsp;\u2013 Doradca ds. Polityki Zagranicznej;&nbsp;<strong>David Saperstein<\/strong>&nbsp;\u2013 Ambasador ds. Wolno\u015bci Religijnej;&nbsp;<strong>Mary Schapiro<\/strong>&nbsp;\u2013 Przewodnicz\u0105ca Komisji Papier\u00f3w Warto\u015bciowych i Gie\u0142d;&nbsp;<strong>Dan Shapiro<\/strong>&nbsp;\u2013 Ambasador w Izraelu;&nbsp;<strong>Susan Sher<\/strong>&nbsp;\u2013 szefowa sztabu Pierwszej Damy;&nbsp;<strong>Wendy Sherman<\/strong>&nbsp;\u2013 Podsekretarz Stanu ds. Politycznych;&nbsp;<strong>Steven Simon<\/strong>&nbsp;\u2013 Starszy Dyrektor Rady Bezpiecze\u0144stwa Narodowego;&nbsp;<strong>Gene Sperling<\/strong>&nbsp;\u2013 Dyrektor Krajowej Rady Gospodarczej;&nbsp;<strong>Jakuba Steinberga<\/strong>\u2013 zast\u0119pca sekretarza stanu;&nbsp;<strong>Aviva Sufian<\/strong>&nbsp;\u2013 Specjalny Wys\u0142annik ds. Us\u0142ug dla Ocala\u0142ych z Holokaustu;&nbsp;<strong>Lawrence Summers<\/strong>&nbsp;\u2013 Dyrektor Narodowej Rady Gospodarczej;&nbsp;<strong>Mona Sutphen<\/strong>&nbsp;\u2013 zast\u0119pca szefa sztabu Bia\u0142ego Domu;&nbsp;<strong>Adam Szubin<\/strong>&nbsp;\u2013 Dyrektor Biura Kontroli Aktyw\u00f3w Zagranicznych (Skarb);&nbsp;<strong>Janet Yellen<\/strong>&nbsp;\u2013 przewodnicz\u0105ca Rezerwy Federalnej.<\/p>\n\n\n\n<p><strong>Administracja Clintona \u2013 Cz\u0119\u015bciowa lista nominacji \u017cydowskich&nbsp;[52]&nbsp;<a href=\"https:\/\/www.washingtonpost.com\/blogs\/she-the-people\/post\/bill-clinton-americas-first-jewish-president\/2012\/02\/05\/gIQAJ5lusQ_blog.html\">[53]&nbsp;<\/a><a href=\"https:\/\/forward.com\/news\/breaking-news\/310756\/hillary-clinton-and-her-enduring-ties-to-jews\/\">[54]&nbsp;<\/a><a href=\"https:\/\/www.jewoftheweek.net\/tag\/clinton-administration\/\">[55]<\/a><\/strong><\/p>\n\n\n\n<p><strong>Madeline Albright<\/strong>&nbsp;\u2013 Sekretarz Stanu;&nbsp;<strong>Charlene Barshefsky<\/strong>&nbsp;\u2013 Specjalny Przedstawiciel Handlowy;&nbsp;<strong>Sandy Berger<\/strong>&nbsp;\u2013 Zast\u0119pca Przewodnicz\u0105cego Rady Bezpiecze\u0144stwa Narodowego (KBN);&nbsp;<strong>William Cohen<\/strong>&nbsp;\u2013 Sekretarz Obrony;&nbsp;<strong>Jeffrey Davidow<\/strong>&nbsp;\u2013 zast\u0119pca sekretarza stanu;&nbsp;<strong>John Deutch<\/strong>&nbsp;\u2013 dyrektor CIA;&nbsp;<strong>Stuart Eisenstat<\/strong>&nbsp;\u2013 Podsekretarz Stanu;&nbsp;<strong>Rahm Emmanuel<\/strong>&nbsp;\u2013 Starszy Doradca ds. Koordynacji Projekt\u00f3w Specjalnych Bia\u0142ego Domu;&nbsp;<strong>Dan Glickman<\/strong>&nbsp;\u2013 Sekretarz ds. Rolnictwa;&nbsp;<strong>Jamie Gorelick<\/strong>&nbsp;\u2013 zast\u0119pca prokuratora generalnego;&nbsp;<strong>Stanley Greenberg<\/strong>&nbsp;&#8211; ankieter Clintona;&nbsp;<strong>Alana Greenspana<\/strong>\u2013 Prezes Rezerwy Federalnej;&nbsp;<strong>Marc Grossman<\/strong>&nbsp;\u2013 zast\u0119pca sekretarza stanu;&nbsp;<strong>Martin Indyk<\/strong>&nbsp;\u2013 (NSC) Bliski Wsch\u00f3d i Azja Po\u0142udniowa;&nbsp;<strong>Mickey Kantor<\/strong>&nbsp;\u2013 Sekretarz Handlu i Krajowa Rada Doradcza AIPAC;&nbsp;<strong>Daniel Kurtzer<\/strong>&nbsp;\u2013 Ambasador w Egipcie;&nbsp;<strong>Arthur Levitt<\/strong>&nbsp;\u2013 Przewodnicz\u0105cy SEC;&nbsp;<strong>Jack Lew<\/strong>&nbsp;\u2013 Dyrektor OMB;&nbsp;<strong>Evelyn Lieberman<\/strong>&nbsp;\u2013 dyrektor agencji VOA;&nbsp;<strong>Princeton Lyman<\/strong>&nbsp;\u2013 zast\u0119pca sekretarza stanu;&nbsp;<strong>Ira Magaziner<\/strong>&nbsp;\u2013 Programy zdrowotne;&nbsp;<strong>Abner Mikva<\/strong>&nbsp;\u2013 kierownik ds. harmonogramu i program\u00f3w prezydenckich;&nbsp;<strong>Aaron Miller<\/strong>&nbsp;\u2013 Zast\u0119pca Koordynatora ds. Bliskiego Wschodu;&nbsp;<strong>Bernarda Nussbauma<\/strong>\u2013 Radca prawny Bia\u0142ego Domu;&nbsp;<strong>Robert Reich<\/strong>&nbsp;\u2013 Sekretarz Pracy;&nbsp;<strong>Dennis Ross<\/strong>&nbsp;\u2013 (NSC) Azja;&nbsp;<strong>James Rubin<\/strong>&nbsp;\u2013 Asystent Sekretarza Stanu;&nbsp;<strong>Robert Rubin<\/strong>&nbsp;\u2013 Sekretarz Skarbu;&nbsp;<strong>Robert Rubin<\/strong>&nbsp;\u2013 Przewodnicz\u0105cy Narodowej Rady Gospodarczej;&nbsp;<strong>Richard Schifter<\/strong>&nbsp;\u2013 (NSC) Europa Zachodnia;&nbsp;<strong>Eli Segal<\/strong>&nbsp;\u2013 Programy wolontariackie;&nbsp;<strong>Ricki Seidman<\/strong>&nbsp;\u2013 zast\u0119pca szefa sztabu;&nbsp;<strong>Gene Sperling<\/strong>&nbsp;\u2013 Przewodnicz\u0105cy Krajowej Rady Gospodarczej;&nbsp;<strong>Donald Steinberg<\/strong>&nbsp;\u2013 (NSC) Afryka.<\/p>\n\n\n\n<p><strong>Listy wed\u0142ug Departamentu Rz\u0105dowego<\/strong><\/p>\n\n\n\n<p>Poni\u017csze sekcje zawieraj\u0105 listy \u017byd\u00f3w w rz\u0105dzie USA, oznaczaj\u0105ce zajmowane stanowiska i posortowane wed\u0142ug departament\u00f3w rz\u0105dowych.&nbsp;Listy s\u0105 dalekie od kompletno\u015bci.&nbsp;Przydzia\u0142 do Departamentu jest czasami arbitralny.&nbsp;Nale\u017cy zauwa\u017cy\u0107, \u017ce niekt\u00f3re nazwiska powtarzaj\u0105 si\u0119, czasami kilka razy, poniewa\u017c niekt\u00f3re osoby zajmowa\u0142y stanowiska w r\u00f3\u017cnych departamentach lub w kilku administracjach w r\u00f3\u017cnym czasie.<\/p>\n\n\n\n<p><strong>Metodologia<\/strong><\/p>\n\n\n\n<p>Spo\u015br\u00f3d prawie 1000 nazwisk na poni\u017cszych listach, wszystkie, z wyj\u0105tkiem kilku, zosta\u0142y zaczerpni\u0119te z \u017cydowskich stron internetowych, g\u0142\u00f3wnie che\u0142pi\u0105cych si\u0119 kontrol\u0105 i wp\u0142ywem, jaki \u017bydzi maj\u0105 teraz na rz\u0105d USA.&nbsp;Ka\u017cde z nazwisk zawiera link na \u017cywo do \u017cydowskiego \u017ar\u00f3d\u0142a potwierdzaj\u0105cego to\u017csamo\u015b\u0107 tej osoby jako \u017byda.&nbsp;Zbiorcze odniesienia znajduj\u0105 si\u0119 r\u00f3wnie\u017c na ko\u0144cu tego eseju.&nbsp;<strong>\u017badna osoba nie zosta\u0142a uwzgl\u0119dniona, je\u015bli ich \u017cydowskie pochodzenie etniczne nie zosta\u0142o potwierdzone<\/strong>&nbsp;przez \u017cydowsk\u0105 publikacj\u0119, renomowane (r\u00f3wnie\u017c \u017cydowskie) \u017ar\u00f3d\u0142o medialne, takie jak NYT lub Washington Post, organizacj\u0119 pozarz\u0105dow\u0105 lub think-tank, lub stron\u0119 internetow\u0105 rz\u0105du USA.<\/p>\n\n\n\n<p>Odnosz\u0105c si\u0119 ponownie do cenzury nazwisk \u017cydowskich, przygotowuj\u0105c listy do w\u0142\u0105czenia do tego eseju, by\u0142em zaskoczony odkryciem dos\u0142ownie setek os\u00f3b zajmuj\u0105cych czo\u0142owe stanowiska w rz\u0105dzie USA, os\u00f3b, kt\u00f3re s\u0105 oczywi\u015bcie \u017bydami na podstawie ich imion, dzia\u0142alno\u015bci i stowarzysze\u0144 oraz kt\u00f3rych biografie pojawiaj\u0105 si\u0119 na \u017cydowskich stronach internetowych, ale kt\u00f3rych wszystkie \u017ar\u00f3d\u0142a unika\u0142y specyficznego identyfikowania si\u0119 jako \u017bydzi.&nbsp;Tak wi\u0119c&nbsp;<strong>jest o wiele wi\u0119cej setek \u017byd\u00f3w, kt\u00f3rzy powinni by\u0107 uwzgl\u0119dnieni w poni\u017cszych listach, ale nimi nie s\u0105<\/strong>&nbsp;, ludzie o nazwiskach takich jak:<\/p>\n\n\n\n<p>Aaronson, Abelman, Apfel, Appelbaum, Cohen, Eisner, Epstein, Fleischman, Glaser, Goldstein, Goldwyn, Green, Greenburg, Greenstein, Heymann, Kleinman, Laub, Loeb, Leibowitz, Libin, Miller, Paster, Posner, Rappaport, Render, Roisman, Rosenthal, Ross, Schapiro, Shapiro, Sherman, Shier, Silber, Silberman, Silverberg, Spector, Spiegel, Susskind, Taubman, Weiner, Weisberger.<\/p>\n\n\n\n<p><strong>Podstawowe \u017ar\u00f3d\u0142a<\/strong><\/p>\n\n\n\n<p>Wikipedia, Jewish Telegraphic Agency, Ha&#8217;aretz, Jerusalem Post, Jewish Virtual Library, The Times of Israel, Jewish Chronicle, Jewage, YNet News, Jew or not Jew, Jewish Forward, Jewish Journal, Jewish Womens Archive, Jewish Communal Fund, Jewish Aish.com, Jewish Business News, Leo Baeck Institute Nowy Jork i Berlin, Atlanta Jewish Times, The Jewish Tablet, New Jersey Jewish News, Cleveland Jewish News, Cleveland Jewish History, Jewish Chicago, Tampa Jewish Community Centers, Jewish Contributions, The National Library of Israel, Shalvi\/Hyman Encyclopedia of Jewish Women, Israel American Council, Jewish Agency for Israel, Jewish News of Northern California, Jewish Contributions, Washington Post, New York Times , Forbes, Britannica, History News Network, Wilson Center,Association for Diplomatic Studies, National Committee on American Foreign Policy, NNDB, WhiteHouse.gov i r\u00f3\u017cne ambasady USA.<\/p>\n\n\n\n<p><strong>Cz\u0119\u015b\u0107 1 \u2013 Kontrola Prezydenta<\/strong><\/p>\n\n\n\n<p><strong>Prezydenckie opiekunki do dzieci<\/strong><\/p>\n\n\n\n<p>Pomimo pozornie nonszalanckiego nag\u0142\u00f3wka, jest to kluczowa kategoria.&nbsp;Aby w\u0142a\u015bciwie wyja\u015bni\u0107, potrzebujemy por\u00f3wnania.<\/p>\n\n\n\n<p>By\u0142em starszym dyrektorem w mi\u0119dzynarodowych firmach konsultingowych.&nbsp;Osi\u0105gn\u0105\u0142em te stanowiska dzi\u0119ki zas\u0142ugom.&nbsp;By\u0142em profesjonalist\u0105 w bran\u017cy i bardzo dobrze zna\u0142em t\u0119 prac\u0119.&nbsp;By\u0142em kompetentny i zdolny oraz posiada\u0142em niezb\u0119dn\u0105 wiedz\u0119 i do\u015bwiadczenie.&nbsp;Zas\u0142u\u017cy\u0142em na zajmowanie tych stanowisk.&nbsp;Nie pob\u0142a\u017cam sobie tutaj w chwaleniu si\u0119;&nbsp;Pr\u00f3buj\u0119 zwr\u00f3ci\u0107 uwag\u0119 na wa\u017cn\u0105 kwesti\u0119, jak zobaczycie za chwil\u0119.<\/p>\n\n\n\n<p>Od najwcze\u015bniejszych dni jako szef biura m\u00f3wi\u0142em wszystkim potencjalnym nowym pracownikom: \u201eDok\u0105d zmierzamy i jak si\u0119 tam dosta\u0107.&nbsp;Je\u015bli chcesz wzi\u0105\u0107 udzia\u0142 w tej wyprawie i jeste\u015b got\u00f3w zobowi\u0105za\u0107 si\u0119 do celu, zapraszamy na pok\u0142ad.&nbsp;Je\u015bli nie, to szukasz pracy w z\u0142ym miejscu\u201d.&nbsp;Chodzi o to, \u017ce mia\u0142em misj\u0119, a ich zadaniem, je\u015bli zostali zatrudnieni, by\u0142a pomoc w wype\u0142nieniu tej misji.&nbsp;Oczywi\u015bcie mia\u0142em asystent\u00f3w i doradc\u00f3w lub \u017ar\u00f3d\u0142a porad, ale nie m\u00f3wili mi, co mam robi\u0107;&nbsp;Powiedzia\u0142em im, co maj\u0105 robi\u0107.&nbsp;<strong>Najwa\u017cniejsze, \u017ce moi pracownicy, asystenci i doradcy nie mieli w\u0142asnego programu.<\/strong>Zostali zatrudnieni, aby pom\u00f3c w realizacji mojego programu, a nie ich.&nbsp;Gdyby kt\u00f3ry\u015b z nich sta\u0142 si\u0119 ambitny politycznie lub w inny spos\u00f3b i pr\u00f3bowa\u0142 wp\u0142yn\u0105\u0107 na moje my\u015blenie lub dzia\u0142ania, aby pasowa\u0142y do \u200b\u200bich programu, wkr\u00f3tce by ich nie by\u0142o.<\/p>\n\n\n\n<p>Nikt nie pisa\u0142 za mnie moich przem\u00f3wie\u0144 ani artyku\u0142\u00f3w.&nbsp;Je\u015bli chcia\u0142em wyg\u0142osi\u0107 przem\u00f3wienie, tylko ja wiedzia\u0142em, co chc\u0119 powiedzie\u0107 i jak chc\u0119 to powiedzie\u0107.&nbsp;Chocia\u017c zawsze by\u0142em otwarty na pomys\u0142y, nikt nie m\u00f3wi\u0142 mi, co mam my\u015ble\u0107 ani jak my\u015ble\u0107.&nbsp;Ustali\u0142em w\u0142asn\u0105 rutyn\u0119 i planowa\u0142em w\u0142asne zaj\u0119cia godzina po godzinie przez ca\u0142y dzie\u0144.&nbsp;Poza moim osobistym sekretarzem nie by\u0142o \u201estra\u017cnik\u00f3w\u201d.&nbsp;Ustali\u0142em nasze priorytety zgodnie z potrzebami misji, a m\u00f3j personel je realizowa\u0142.&nbsp;Oczywi\u015bcie mia\u0142em prze\u0142o\u017conych, ale opr\u00f3cz og\u00f3lnych wskaz\u00f3wek, ich jedynym zadaniem by\u0142o dostarczenie mi narz\u0119dzi do wykonania mojej misji.&nbsp;Wszystkie powy\u017csze mo\u017cna umie\u015bci\u0107 pod nag\u0142\u00f3wkiem \u201ePrzyw\u00f3dztwo\u201d.<\/p>\n\n\n\n<p>Por\u00f3wnajmy to teraz z wyborem prezydenta w demokracji takiej jak Stany Zjednoczone.&nbsp;Po pierwsze, nikt w niedawnej pami\u0119ci, kto zajmowa\u0142 to stanowisko, nie zrobi\u0142 tego ze wzgl\u0119du na zas\u0142ugi.&nbsp;\u017baden kandydat nie nadawa\u0142 si\u0119 w najmniejszym stopniu na stanowisko dyrektora generalnego tak ogromnego kraju.&nbsp;\u017baden nie mia\u0142 wiedzy, do\u015bwiadczenia, wykszta\u0142cenia ani inteligencji, by to zrobi\u0107 \u2013 moje uwagi obszernie zilustrowano przyk\u0142adami Ronalda Reagana, George&#8217;a Busha, Joe Bidena i innych.&nbsp;I nie b\u0119dziemy nawet zawraca\u0107 sobie g\u0142owy dyskutowaniem o kwalifikacjach charakteru czy moralno\u015bci.&nbsp;Pomog\u0142oby ci przeczytanie jednego z rozdzia\u0142\u00f3w z mojej serii e-book\u00f3w o demokracji, a konkretnie rozdzia\u0142u 5 o wyborze przyw\u00f3dc\u00f3w rz\u0105d\u00f3w.&nbsp;<a href=\"https:\/\/www.bluemoonofshanghai.com\/wp-content\/uploads\/2022\/12\/Democracy-The-Most-Dangerous-Religion.pdf\"><strong>[56]<\/strong><\/a>&nbsp;Powie ci rzeczy, kt\u00f3rych nie wiesz, pomo\u017ce ci otworzy\u0107 oczy i obudzi\u0107 ci\u0119.<\/p>\n\n\n\n<p>W typowych wyborach prezydenckich w USA naiwnym b\u0142\u0119dem jest wyobra\u017cenie sobie, \u017ce kandydaci, maj\u0105c pe\u0142ne kwalifikacje i zdolno\u015bci, sami zdecydowali si\u0119 ubiega\u0107 si\u0119 o nominacj\u0119 i zaplanowali swoj\u0105 kampani\u0119.&nbsp;Nie byli ani wykwalifikowani, ani zdolni, i nie wybrali.&nbsp;Zamiast tego zostali wybrani.&nbsp;Co gorsza, zostali wybrani przede wszystkim dlatego, \u017ce nie byli ani wykwalifikowani, ani zdolni.&nbsp;W rzeczywisto\u015bci&nbsp;<strong>podstawow\u0105 cech\u0105 \u201edemokracji\u201d jest to, \u017ce im bardziej ignorancka i niewykwalifikowana osoba, tym atrakcyjniejsza jest jako kandydat.&nbsp;<\/strong>Wyja\u015bni\u0119.<\/p>\n\n\n\n<p>Kandydaci na prezydenta nie s\u0105 wybierani z p\u00f3\u0142ki w momencie wybor\u00f3w.&nbsp;B\u0119d\u0105 przygotowywane przez lata, czasem przez dziesi\u0119ciolecia, na wypadek gdyby by\u0142y potrzebne do wype\u0142nienia tego stanowiska.&nbsp;Obama by\u0142 \u201ementorowany\u201d przez \u017byd\u00f3w, g\u0142\u00f3wnie radykalnych syjonist\u00f3w, przez oko\u0142o 20 lat, zanim zosta\u0142 uznany za gotowego do kandydowania na prezydenta.&nbsp;<strong>\u017bydowscy Kr\u00f3lowie w partiach politycznych wybior\u0105 odpowiedniego kandydata i mianuj\u0105 go.<\/strong>Od tego momentu przysz\u0142o\u015b\u0107 jest ustalona.&nbsp;\u017badna osoba ubiegaj\u0105ca si\u0119 o urz\u0105d prezydenta USA (przynajmniej po raz pierwszy) nie ma poj\u0119cia o prowadzeniu kampanii ani o tym, co jest potrzebne do wygrania wybor\u00f3w.&nbsp;Ale nie ma problemu;&nbsp;Kr\u00f3lotw\u00f3rcy byli tu ju\u017c wcze\u015bniej.&nbsp;Przejmuj\u0105 ca\u0142kowit\u0105 kontrol\u0119 nad kampani\u0105 wyborcz\u0105, opracowuj\u0105 ca\u0142\u0105 strategi\u0119, pozyskuj\u0105 wszystkie fundusze, organizuj\u0105 wszystkie relacje w mediach i foto-opcje.&nbsp;<strong>Kandydat na prezydenta jest w tym procesie nie\u015bwiadomym obserwatorem.&nbsp;<\/strong>Jedzie bardzo pot\u0119\u017cnym poci\u0105giem, ale nie jest maszynist\u0105;&nbsp;jest tylko pasa\u017cerem.&nbsp;Powiedziano mu, gdzie ma si\u0119 uda\u0107 i kiedy.&nbsp;Wszystkie jego przem\u00f3wienia s\u0105 pisane dla niego.&nbsp;M\u00f3wi si\u0119 mu, co ma powiedzie\u0107, kiedy i jak to powiedzie\u0107.&nbsp;M\u00f3wi si\u0119 mu r\u00f3wnie\u017c to, czego nigdy nie wolno mu m\u00f3wi\u0107.<\/p>\n\n\n\n<p>Przy odrobinie szcz\u0119\u015bcia nasz kandydat zostaje wybrany i nagle znajduje si\u0119 w Gabinecie Owalnym Bia\u0142ego Domu jako prezydent Stan\u00f3w Zjednoczonych Ameryki.&nbsp;Bior\u0105c pod uwag\u0119 jego brak referencji, jedyn\u0105 my\u015bl\u0105 w jego g\u0142owie jest rozpacz: \u201eO m\u00f3j Bo\u017ce.&nbsp;Co mam teraz zrobi\u0107?&#8221;<\/p>\n\n\n\n<p>Ale to nie jest problem, poniewa\u017c (\u017cydowscy) Kingmakers ju\u017c oddali marionetk\u0119 jego (\u017cydowskim) opiekunom i opiekunom.&nbsp;&#8222;Pan.&nbsp;Panie prezydencie, pierwsz\u0105 rzecz\u0105, kt\u00f3r\u0105 musi pan zrobi\u0107, jest powo\u0142anie gabinetu.&nbsp;Mamy tu przygotowane propozycje na wszystkie stanowiska.&nbsp;B\u0119dziesz tak\u017ce potrzebowa\u0107 Asystent\u00f3w, Doradc\u00f3w, Radc\u00f3w Prawnych i Kierownik\u00f3w Personelu;&nbsp;mamy tutaj przygotowane propozycje r\u00f3wnie\u017c dla wszystkich tych stanowisk.\u201d&nbsp;Ju\u017c wida\u0107, dok\u0105d to zmierza.&nbsp;Niewielu prezydent\u00f3w USA w ci\u0105gu ostatnich 75 lat osobi\u015bcie wybra\u0142o cz\u0142onk\u00f3w swojego gabinetu lub personel;&nbsp;prawie wszystko jest wykonywane przez opiekun\u00f3w.<\/p>\n\n\n\n<p>Najistotniejszym punktem w tym wszystkim jest to, \u017ce kr\u00f3lowie w partiach (g\u0142\u00f3wnie \u017cydowscy), opiekunowie, opiekunki do dzieci, asystenci, doradcy, doradcy, personel (r\u00f3wnie\u017c g\u0142\u00f3wnie \u017cydowscy) s\u0105 u w\u0142adzy.&nbsp;Proponowane przez nich selekcje na wszystkie wa\u017cne stanowiska zosta\u0142y starannie sprawdzone pod k\u0105tem zgodno\u015bci z agend\u0105 \u017byd\u00f3w.&nbsp;<strong>Jest spraw\u0105 publiczn\u0105, \u017ce ka\u017cdy, kto kiedykolwiek wyrazi\u0142 w przesz\u0142o\u015bci najmniejsz\u0105 niech\u0119\u0107 do \u017byd\u00f3w, Izraela lub programu syjonistycznego, b\u0119dzie publicznie oczerniany jako \u201eantysemita\u201d, a zatem nienadaj\u0105cy si\u0119 na wszystkie stanowiska opr\u00f3cz prania i sprz\u0105tania .&nbsp;<\/strong>Nie znam \u017cadnego potencjalnego kandydata, kt\u00f3ry zda\u0142 ten test.<\/p>\n\n\n\n<p>Personel Prezydenta Bia\u0142ego Domu to jego bezpo\u015bredni prze\u0142o\u017ceni.&nbsp;S\u0105 jego stra\u017cnikami bramy.&nbsp;Decyduj\u0105, kto z nim rozmawia i na jakie tematy.&nbsp;Kontroluj\u0105 przep\u0142yw papieru i wszystkie informacje.&nbsp;Nic nie dociera do Prezydenta bez uprzedniego przej\u015bcia przez ich r\u0119ce i uzyskania ich zgody.&nbsp;Przem\u00f3wienia Prezydenta s\u0105 programowane i pisane przez wyznaczonych przez niego autor\u00f3w przem\u00f3wie\u0144.&nbsp;Teleprompter wyg\u0142asza nawet kr\u00f3tkie komentarze.&nbsp;Wszystko jest mikrozarz\u0105dzane.&nbsp;Co prawda prezydent b\u0119dzie mia\u0142 wolny czas, ale generalnie tylko wtedy, gdy jest odizolowany i nie mo\u017ce sprawia\u0107 k\u0142opot\u00f3w.<\/p>\n\n\n\n<p>To nie jest fantazja.&nbsp;Jest mn\u00f3stwo artyku\u0142\u00f3w, dokument\u00f3w, \u0142atwo dost\u0119pnych informacji na temat w\u0142adzy personelu Bia\u0142ego Domu nad Prezydentem.&nbsp;Jeden artyku\u0142 twierdzi, \u017ce \u201edobrzy szefowie sztab\u00f3w Bia\u0142ego Domu sprawowali prezydencje\u201d&nbsp;.&nbsp;<a href=\"https:\/\/www.insidehook.com\/article\/history\/much-governing-power-white-house-chiefs-staff-throughout-history\"><strong>[57]<\/strong><\/a>&nbsp;The Smithsonian twierdzi skromniej, \u017ce \u201epomagaj\u0105 prezydentowi rz\u0105dzi\u0107\u201d.&nbsp;<a href=\"https:\/\/www.smithsonianmag.com\/history\/head-behind-chief-executive-how-white-house-chiefs-staff-help-govern-180963099\/\"><strong>[58]<\/strong><\/a>&nbsp;The Jerusalem Post, w artykule o 50 najbardziej wp\u0142ywowych \u017bydach na \u015bwiecie,&nbsp;<a href=\"https:\/\/www.jpost.com\/50-most-influential-jews-2021\"><strong>[59]&nbsp;<\/strong><\/a><a href=\"https:\/\/www.jpost.com\/50-most-influential-jews\/ronald-klain-678122\"><strong>[60]<\/strong><\/a>&nbsp;umie\u015bci\u0142 \u017byda Rona Klaina, szefa personelu Bia\u0142ego Domu, pod numerem 16, stwierdzaj\u0105c, \u017ce wszystkie COVID-19 (i wszystko inne) najpierw \u201eprzechodzi przez Rona Klaina\u201d, nazywaj\u0105c go \u201ealter ego Joe Bidena\u201d.&nbsp;Kiedy James Baker by\u0142 szefem sztabu Regana, umie\u015bci\u0142 Richarda Darmana (\u017byda) tu\u017c przed Gabinetem Owalnym, gdzie \u201e<strong>kontrolowa\u0142 ca\u0142y obieg dokument\u00f3w prezydenta, a wraz z nim znaczn\u0105 cz\u0119\u015b\u0107 rz\u0105du federalnego<\/strong>&nbsp;\u201d.&nbsp;Darman powiedzia\u0142: \u201e&nbsp;<strong>Skrzynka IN Reagana by\u0142a moj\u0105 skrzynk\u0105 nadawcz\u0105 i odwrotnie.&nbsp;<\/strong>[&nbsp;<a href=\"https:\/\/www.newsweek.com\/remembering-richard-darman-86919\"><strong>61]<\/strong><\/a>&nbsp;The New York Post opublikowa\u0142 artyku\u0142 zatytu\u0142owany: \u201eCz\u0142owiekiem odpowiedzialnym za Bia\u0142y Dom nie jest Joe Biden\u201d.&nbsp;<a href=\"https:\/\/nypost.com\/2022\/01\/23\/the-man-in-charge-at-the-white-house-isnt-joe-biden\/\"><strong>[62]<\/strong><\/a><\/p>\n\n\n\n<p>Je\u015bli zwraca\u0142e\u015b uwag\u0119 podczas pocz\u0105tkowej sceny COVID, mo\u017cesz przypomnie\u0107 sobie briefing telewizyjny, w kt\u00f3rym Mike Pompeo stwierdzi\u0142, \u017ce prowadzili COVID jako \u201e\u0107wiczenie na \u017cywo\u201d, z Donaldem Trumpem \u2013 PREZYDENTEM USA \u2013 unosz\u0105cym si\u0119 u boku Pompeo jak kelner, i mamrocz\u0105c \u201eChcia\u0142bym, \u017ceby\u015b nam powiedzia\u0142\u201d.&nbsp;<a href=\"https:\/\/www.globalresearch.ca\/secretary-state-mike-pompeo-admits-covid-19-live-exercise-president-trump-comments-i-wish-you-would-have-told-us\/5707223\"><strong>[63]<\/strong><\/a>&nbsp;Nadal mo\u017cesz zobaczy\u0107 klip wideo z&nbsp;tego.&nbsp;<a href=\"https:\/\/www.c-span.org\/video\/?c5000601\/user-clip-we-live-exercise-here-mike-pompeo\"><strong>[64]<\/strong><\/a>&nbsp;By\u0142o oczywiste, \u017ce Trump nie mia\u0142 poj\u0119cia, co si\u0119 dzieje, poniewa\u017c od\u017awierni nie powiedzieli mu tego, czego ich zdaniem nie musia\u0142 wiedzie\u0107.&nbsp;Albo czego nie chcieli, \u017ceby wiedzia\u0142.<\/p>\n\n\n\n<p>W rzeczywisto\u015bci&nbsp;<strong>szef personelu Bia\u0142ego Domu jest ostatecznym brokerem w\u0142adzy<\/strong>&nbsp;, cz\u0142owiekiem, kt\u00f3ry decyduje, kto mo\u017ce zobaczy\u0107 prezydenta USA, a kto nie.&nbsp;Lub czyje telefony zostan\u0105 zrealizowane lub czyje listy zostan\u0105 dostarczone.&nbsp;Kiedy HR Haldeman by\u0142 szefem sztabu, jego najwa\u017cniejsz\u0105 trosk\u0105 by\u0142o to, aby nikt nie m\u00f3g\u0142 zrobi\u0107 wok\u00f3\u0142 niego \u201eko\u0144cowego biegu\u201d, aby nigdy nie dosz\u0142o do \u201eprywatnych spotka\u0144 mi\u0119dzy osob\u0105 kieruj\u0105c\u0105 si\u0119 agend\u0105 a prezydentem\u201d.&nbsp;Rozkaz Haldemana do ca\u0142ego personelu Bia\u0142ego Domu: \u201eTo jest g\u0142\u00f3wne zaj\u0119cie 98% ludzi w biurokracji.&nbsp;Nie pozw\u00f3l nikomu wyko\u0144czy\u0107 Ciebie ani nikogo z nas.&nbsp;Nie stawaj si\u0119 \u017ar\u00f3d\u0142em skrajno\u015bci, bo b\u0119dziemy za tob\u0105 t\u0119skni\u0107 w Bia\u0142ym Domu\u201d.&nbsp;<a href=\"https:\/\/www.smithsonianmag.com\/history\/head-behind-chief-executive-how-white-house-chiefs-staff-help-govern-180963099\/\"><strong>[65]<\/strong><\/a>Jako punkt zainteresowania nale\u017cy wyra\u017anie zrozumie\u0107, \u017ce Prezydent nie ma mo\u017cliwo\u015bci poznania os\u00f3b i informacji, kt\u00f3re zosta\u0142y zablokowane.&nbsp;Jest ca\u0142kowicie zdany na \u0142ask\u0119 swoich opiekun\u00f3w i opiekunek, z kt\u00f3rych praktycznie wszyscy zostali wybrani r\u0119cznie przez tw\u00f3rc\u00f3w kr\u00f3la i wybrani przede wszystkim ze wzgl\u0119du na (1) ich kontrol\u0119 i (2) ich zaanga\u017cowanie w program \u017byd\u00f3w.<\/p>\n\n\n\n<p><a href=\"https:\/\/www.jta.org\/archive\/the-white-house-will-name-jeffrey-berkowitz-as\"><strong>Jeffrey Berkowitz<\/strong><\/a>&nbsp;\u2013 Zast\u0119pca Dyrektora biura planowania prezydenckiego<\/p>\n\n\n\n<p><strong><a href=\"https:\/\/www.jewishvirtuallibrary.org\/jews-in-the-george-w-bush-administration\">Brad Blakeman<\/a><\/strong>&nbsp;\u2013 dyrektor ds. planowania w Bia\u0142ym Domu<\/p>\n\n\n\n<p><a href=\"https:\/\/en.wikipedia.org\/wiki\/Joshua_Bolten\"><strong>Joshua Bolten<\/strong><\/a>&nbsp;\u2013 szef sztabu Bia\u0142ego Domu ds. Polityki<\/p>\n\n\n\n<p><a href=\"https:\/\/www.jpost.com\/Jewish-World\/Jewish-News\/Bush-makes-Bolten-new-Chief-of-Staff\"><strong>Joshua Bolten<\/strong><\/a>&nbsp;\u2013 szef sztabu Bia\u0142ego Domu<\/p>\n\n\n\n<p><a href=\"https:\/\/www.washingtonpost.com\/archive\/lifestyle\/magazine\/1990\/07\/29\/the-long-and-the-short-of-richard-g-darman\/1850c303-c86c-4ca9-a047-32da064a6436\/\"><strong>Richard Darman<\/strong><\/a>&nbsp;\u2013 szef sztabu Bia\u0142ego Domu<\/p>\n\n\n\n<p><a href=\"https:\/\/www.washingtonpost.com\/archive\/lifestyle\/magazine\/1990\/07\/29\/the-long-and-the-short-of-richard-g-darman\/1850c303-c86c-4ca9-a047-32da064a6436\/\"><strong>Richard Darman<\/strong><\/a>&nbsp;\u2013 sekretarz sztabu Bia\u0142ego Domu<\/p>\n\n\n\n<p><a href=\"https:\/\/en.wikipedia.org\/wiki\/Kenneth_Duberstein\"><strong>Kenneth Duberstein<\/strong><\/a>&nbsp;\u2013 szef sztabu Bia\u0142ego Domu<\/p>\n\n\n\n<p><a href=\"https:\/\/en.wikipedia.org\/wiki\/Rahm_Emanuel\"><strong>Rahm Israel Emanuel<\/strong><\/a>&nbsp;\u2013 szef sztabu Bia\u0142ego Domu<\/p>\n\n\n\n<p><a href=\"https:\/\/www.jewishvirtuallibrary.org\/jews-in-the-george-w-bush-administration\"><strong>Blake Gottesman<\/strong><\/a>&nbsp;&#8211; osobisty doradca prezydenta<\/p>\n\n\n\n<p><a href=\"https:\/\/en.wikipedia.org\/wiki\/Joel_Kaplan\"><strong>Joel Kaplan<\/strong><\/a>&nbsp;\u2013 zast\u0119pca szefa sztabu Bia\u0142ego Domu<\/p>\n\n\n\n<p><a href=\"https:\/\/jewishchronicle.timesofisrael.com\/ron-klain-a-jewish-dc-veteran-appointed-bidens-chief-of-staff\/\"><strong>Ron Klain<\/strong><\/a>&nbsp;, szef sztabu Bia\u0142ego Domu<\/p>\n\n\n\n<p><a href=\"https:\/\/en.wikipedia.org\/wiki\/Ron_Klain#:~:text=Ronald%20Alan%20Klain%20(%2F%CB%88k,Biden%20from%202021%20to%202023.\"><strong>Ron Klain<\/strong><\/a>&nbsp;\u2013 wiceprezes szef sztabu<\/p>\n\n\n\n<p><a href=\"https:\/\/www.jewishvirtuallibrary.org\/jews-in-the-george-w-bush-administration\"><strong>Frank Lavin<\/strong><\/a>&nbsp;\u2013 dyrektor ds. politycznych Bia\u0142ego Domu<\/p>\n\n\n\n<p><a href=\"https:\/\/en.wikipedia.org\/wiki\/Jack_Lew\"><strong>Jack Lew<\/strong><\/a>&nbsp;\u2013 szef sztabu Bia\u0142ego Domu<\/p>\n\n\n\n<p><a href=\"https:\/\/en.wikipedia.org\/wiki\/Monica_Lewinsky\"><strong>Monika Lewi\u0144ski<\/strong><\/a>&nbsp;\u2013 S\u0142u\u017cby Specjalne<\/p>\n\n\n\n<p><a href=\"https:\/\/en.wikipedia.org\/wiki\/Scooter_Libby\"><strong>Lewis \u201eScooter\u201d Libby<\/strong><\/a>&nbsp;\u2013 wiceprezes szef sztabu<\/p>\n\n\n\n<p><a href=\"https:\/\/uscpublicdiplomacy.org\/blog\/remembering-evelyn-lieberman-1944-2015\"><strong>Evelyn Lieberman<\/strong><\/a>&nbsp;\u2013 zast\u0119pca szefa sztabu<\/p>\n\n\n\n<p><a href=\"https:\/\/en.wikipedia.org\/w\/index.php?title=Category:Jewish_American_attorneys\"><strong>Maxwell M. Rabb<\/strong><\/a>&nbsp;&#8211; sekretarz gabinetu Bia\u0142ego Domu<\/p>\n\n\n\n<p><a href=\"https:\/\/en.wikipedia.org\/wiki\/Ricki_Seidman#Early_life_and_career\"><strong>Ricki Seidman<\/strong><\/a>&nbsp;\u2013 zast\u0119pca szefa sztabu<\/p>\n\n\n\n<p><a href=\"https:\/\/www.juf.org\/news\/local.aspx?id=75457#:~:text=Sher%2C%20who%20is%20Jewish%2C%20also,time%20in%20the%20White%20House.\"><strong>Susan Sher<\/strong><\/a>&nbsp;&#8211; szef sztabu Pierwszej Damy<\/p>\n\n\n\n<p><a href=\"https:\/\/www.jpost.com\/business-and-innovation\/environment\/most-influential-jewish-environmentalists-403779\"><strong>Todd Stern<\/strong><\/a>&nbsp;\u2013 zast\u0119pca sekretarza sztabu<\/p>\n\n\n\n<p><a href=\"https:\/\/en.wikipedia.org\/wiki\/Mona_Sutphen\"><strong>Mona Sutphen<\/strong><\/a>&nbsp;\u2013 zast\u0119pca szefa sztabu Bia\u0142ego Domu<\/p>\n\n\n\n<p><a href=\"https:\/\/en.wikipedia.org\/wiki\/Jared_Weinstein\"><strong>Jared Weinstein<\/strong><\/a>&nbsp;\u2013 osobisty doradca prezydenta<\/p>\n\n\n\n<p><a href=\"https:\/\/www.jpost.com\/opinion\/joe-bidens-a-team-of-jewish-advisers-cabinet-members-and-staff-658350\"><strong>Jeffrey Zients<\/strong><\/a>&nbsp;\u2013 szef sztabu Bia\u0142ego Domu<\/p>\n\n\n\n<p><strong>Asystenci Prezydenta<\/strong><\/p>\n\n\n\n<p>Ta grupa ludzi \u201epomaga\u201d prezydentowi w zrozumieniu programu \u017byd\u00f3w, pomaga mu spe\u0142ni\u0107 ich wymagania i pilnuje, \u017ceby nie zboczy\u0142 z kursu.&nbsp;Zajmuj\u0105 si\u0119 planowaniem i my\u015bleniem, kt\u00f3re ma miejsce w Bia\u0142ym Domu.<\/p>\n\n\n\n<p><a href=\"https:\/\/en.wikipedia.org\/wiki\/Elliott_Abrams\"><strong>Elliott Abrams<\/strong><\/a>&nbsp;\u2013 Specjalny Asystent Prezydenta<\/p>\n\n\n\n<p><a href=\"https:\/\/en.wikipedia.org\/w\/index.php?title=Category:21st-century_American_Jews\"><strong>Bernard W. Aronson<\/strong><\/a>&nbsp;\u2013 Zast\u0119pca Asystenta Prezydenta<\/p>\n\n\n\n<p><a href=\"https:\/\/www.timesofisrael.com\/trump-surrogate-epshteyn-named-to-white-house-role\/\"><strong>Abraham Berkowitz<\/strong><\/a>&nbsp;\u2013 specjalny asystent Jareda Kushnera<\/p>\n\n\n\n<p><a href=\"http:\/\/www.timesofisrael.com\/trump-taps-friend-of-kushner-as-presidential-aide\/\"><strong>Reed Cordish<\/strong><\/a>&nbsp;\u2013 Asystent Prezesa ds. Inicjatyw Mi\u0119dzyrz\u0105dowych i Technologicznych<\/p>\n\n\n\n<p><a href=\"https:\/\/www.washingtonpost.com\/archive\/lifestyle\/magazine\/1990\/07\/29\/the-long-and-the-short-of-richard-g-darman\/1850c303-c86c-4ca9-a047-32da064a6436\/\"><strong>Richard Darman<\/strong><\/a>&nbsp;\u2013 Asystent Prezesa<\/p>\n\n\n\n<p><a href=\"https:\/\/en.wikipedia.org\/wiki\/Ezekiel_Emanuel\"><strong>Ezekiel Emanuel<\/strong><\/a>&nbsp;\u2013 dyrektor medyczny Bia\u0142ego Domu<\/p>\n\n\n\n<p><a href=\"https:\/\/www.britannica.com\/biography\/Rahm-Emanuel\"><strong>Rahm Israel Emanuel<\/strong><\/a>&nbsp;\u2013 Asystent Prezydenta ds. Politycznych<\/p>\n\n\n\n<p><a href=\"https:\/\/www.timesofisrael.com\/trump-surrogate-epshteyn-named-to-white-house-role\/\"><strong>Boris Epshteyn<\/strong><\/a>&nbsp;\u2013 Specjalny Asystent Prezydenta<\/p>\n\n\n\n<p><a href=\"https:\/\/www.jewishvirtuallibrary.org\/jews-in-the-barack-obama-administration\"><strong>Jonathan Greenblatt<\/strong><\/a>&nbsp;\u2013 Specjalny Asystent Prezydenta, Dyrektor Rady Polityki Wewn\u0119trznej<\/p>\n\n\n\n<p><a href=\"https:\/\/en.wikipedia.org\/wiki\/Richard_N._Haass\"><strong>Richard N. Haass<\/strong><\/a>&nbsp;\u2013 Specjalny Asystent Prezydenta<\/p>\n\n\n\n<p><a href=\"https:\/\/en.wikipedia.org\/wiki\/Morton_Halperin\"><strong>Morton Halperin<\/strong><\/a>&nbsp;\u2013 Specjalny Asystent Prezydenta<\/p>\n\n\n\n<p><a href=\"https:\/\/en.wikipedia.org\/wiki\/List_of_Jewish_American_politicians\"><strong>Seth D. Harris<\/strong><\/a>&nbsp;\u2013 Zast\u0119pca Asystenta Prezydenta ds. Pracy i Gospodarki<\/p>\n\n\n\n<p><a href=\"https:\/\/en.wikipedia.org\/wiki\/Martin_Indyk\"><strong>Martin Indyk<\/strong><\/a>&nbsp;\u2013 Specjalny Asystent Prezydenta<\/p>\n\n\n\n<p><a href=\"https:\/\/en.wikipedia.org\/wiki\/Category:Jewish_American_government_officials\"><strong>Joel Kaplan<\/strong><\/a>&nbsp;\u2013 Asystent Prezydenta ds. Polityki<\/p>\n\n\n\n<p><a href=\"https:\/\/www.jewishvirtuallibrary.org\/jews-in-the-biden-administration\"><strong>Jennifer Klein<\/strong><\/a>&nbsp;\u2013 Asystentka Prezesa<\/p>\n\n\n\n<p><a href=\"https:\/\/aish.com\/48955201\/\"><strong>Jay Lefkowitz<\/strong><\/a>&nbsp;\u2013 Zast\u0119pca Asystenta Prezydenta<\/p>\n\n\n\n<p><a href=\"https:\/\/en.wikipedia.org\/wiki\/Marne_Levine\"><strong>Marne Levine<\/strong><\/a>&nbsp;\u2013 Specjalny Asystent Prezydenta ds. Polityki Gospodarczej<\/p>\n\n\n\n<p><a href=\"https:\/\/en.wikipedia.org\/wiki\/Jack_Lew\"><strong>Jack Lew<\/strong><\/a>&nbsp;\u2013 Specjalny Asystent Prezydenta<\/p>\n\n\n\n<p><a href=\"https:\/\/en.wikipedia.org\/wiki\/Robert_Malley\"><strong>Robert Malley<\/strong><\/a>&nbsp;\u2013 specjalny asystent prezydenta ds. arabsko-izraelskich<\/p>\n\n\n\n<p><a href=\"https:\/\/www.jta.org\/archive\/president-bush-tapped-ken-mehlman-to-lead-the\"><strong>Ken Mehlman<\/strong><\/a>&nbsp;\u2013 dyrektor polityczny Bia\u0142ego Domu<\/p>\n\n\n\n<p><a href=\"https:\/\/en.wikipedia.org\/wiki\/Peter_R._Orszag\"><strong>Peter R. Orszag<\/strong><\/a>&nbsp;\u2013 Specjalny Asystent Prezydenta ds. Polityki Gospodarczej<\/p>\n\n\n\n<p><a href=\"https:\/\/en.wikipedia.org\/wiki\/Ned_Price\"><strong>Ned Price<\/strong><\/a>&nbsp;\u2013 Specjalny Asystent Prezydenta<\/p>\n\n\n\n<p><a href=\"https:\/\/en.wikipedia.org\/wiki\/Dennis_Ross\"><strong>Dennis Ross<\/strong><\/a>&nbsp;\u2013 Specjalny Asystent Prezydenta<\/p>\n\n\n\n<p><a href=\"https:\/\/en.wikipedia.org\/wiki\/Robert_Rubin\"><strong>Robert Rubin<\/strong><\/a>&nbsp;\u2013 Asystent Prezesa ds. Polityki Gospodarczej<\/p>\n\n\n\n<p><a href=\"https:\/\/en.wikipedia.org\/w\/index.php?title=Category:American_people_of_German-Jewish_descent\"><strong>Arthur M. Schlesinger Jr.<\/strong><\/a>&nbsp;\u2013 Specjalny Asystent Prezydenta<\/p>\n\n\n\n<p><a href=\"https:\/\/www.jta.org\/archive\/clinton-names-a-jewish-adviser-to-head-foreign-policy-transition\"><strong>Eli Segal<\/strong><\/a>&nbsp;\u2013 Asystent Prezesa<\/p>\n\n\n\n<p><a href=\"https:\/\/en.wikipedia.org\/wiki\/Ricki_Seidman\"><strong>Ricki Seidman<\/strong><\/a>&nbsp;\u2013 Asystent Prezesa<\/p>\n\n\n\n<p><a href=\"https:\/\/www.jpost.com\/israel-news\/politics-and-diplomacy\/50-most-influential-jews-in-diplomacy-403749\"><strong>Dan Shapiro<\/strong><\/a>&nbsp;\u2013 personel Bia\u0142ego Domu na Bliskim Wschodzie<\/p>\n\n\n\n<p><a href=\"https:\/\/www.jpost.com\/business-and-innovation\/environment\/most-influential-jewish-environmentalists-403779\"><strong>Todd Stern<\/strong><\/a>&nbsp;\u2013 Asystent Prezydenta<\/p>\n\n\n\n<p><a href=\"https:\/\/www.jewishvirtuallibrary.org\/tevi-troy\"><strong>Tevi Troy<\/strong><\/a>&nbsp;\u2013 Asystent Prezydenta<\/p>\n\n\n\n<p><a href=\"https:\/\/en.wikipedia.org\/wiki\/Tevi_Troy\"><strong>Tevi Troy<\/strong><\/a>&nbsp;&#8211; starszy doradca Bia\u0142ego Domu<\/p>\n\n\n\n<p><a href=\"https:\/\/en.wikipedia.org\/wiki\/Sheila_Rabb_Weidenfeld\"><strong>Sheila Rabb Weidenfeld<\/strong><\/a>&nbsp;\u2013 Specjalny Asystent Prezydenta<\/p>\n\n\n\n<p><a href=\"https:\/\/en.wikipedia.org\/wiki\/Neal_S._Wolin\"><strong>Neal S. Wolin<\/strong><\/a>&nbsp;\u2013 Zast\u0119pca Asystenta Prezydenta<\/p>\n\n\n\n<p><strong>doradcy prezydenta<\/strong><\/p>\n\n\n\n<p>Nast\u0119pnie mamy dziesi\u0105tki Doradc\u00f3w Prezydenckich, kt\u00f3rzy \u201ekieruj\u0105\u201d Prezydentem w jego my\u015bleniu, zapewniaj\u0105 przyj\u0119cie obecnego programu, wyja\u015bniaj\u0105, dlaczego CIA i wojsko musz\u0105 obali\u0107 r\u00f3\u017cne bezradne rz\u0105dy, a zw\u0142aszcza podsycaj\u0105 jego zrozumienie wszystkich \u201especjalnych potrzeb\u201d Izrael.&nbsp;Dostarczaj\u0105 r\u00f3wnie\u017c rozkazy Prezydentowi i Gabinetowi od swoich prze\u0142o\u017conych w londy\u0144skim City.&nbsp;Doradcami Prezydenta s\u0105 m.in.<\/p>\n\n\n\n<p><a href=\"https:\/\/www.jewishvirtuallibrary.org\/jews-in-the-barack-obama-administration\"><strong>David Axelrod<\/strong><\/a>&nbsp;\u2013 starszy doradca prezydenta<\/p>\n\n\n\n<p><a href=\"https:\/\/markle.org\/about-markle\/expert\/zo-baird\/\"><strong>Zo\u00eb Baird (Gerwitz)<\/strong><\/a>&nbsp;&#8211; Rada Doradcza Prezydenta ds. Wywiadu Zagranicznego<\/p>\n\n\n\n<p><a href=\"https:\/\/en.wikipedia.org\/wiki\/Sandy_Berger\"><strong>Samuel Berger<\/strong><\/a>&nbsp;\u2013 Doradca Prezydenta<\/p>\n\n\n\n<p><a href=\"https:\/\/www.jpost.com\/opinion\/joe-bidens-a-team-of-jewish-advisers-cabinet-members-and-staff-658350\"><strong>Avrahm Berkowitz<\/strong><\/a>&nbsp;\u2013 Zast\u0119pca Doradcy Prezydenta<\/p>\n\n\n\n<p><a href=\"https:\/\/www.jewishvirtuallibrary.org\/jews-in-donald-trump-administration\"><strong>Avrahm Berkowitz<\/strong><\/a>&nbsp;\u2013 zast\u0119pca doradcy Jareda Kushnera<\/p>\n\n\n\n<p><a href=\"https:\/\/www.jpost.com\/50-most-influential-jews\/antony-blinken-678107\"><strong>Antony Blinken<\/strong><\/a>&nbsp;&#8211; doradca ds. Bezpiecze\u0144stwa narodowego wiceprezydenta<\/p>\n\n\n\n<p><a href=\"https:\/\/www.jta.org\/2020\/08\/18\/politics\/how-jewish-socialist-summer-camp-shaped-ron-bloom-1-of-the-men-responsible-for-the-postal-services-future\"><strong>Ron Bloom<\/strong><\/a>&nbsp;\u2013 starszy doradca prezydenta<\/p>\n\n\n\n<p><a href=\"https:\/\/en.wikipedia.org\/wiki\/Sidney_Blumenthal\"><strong>Sidney Blumenthal<\/strong><\/a>&nbsp;\u2013 Starszy Doradca Prezydenta<\/p>\n\n\n\n<p><a href=\"https:\/\/en.wikipedia.org\/wiki\/Arthur_F._Burns\"><strong>Arthur F. Burns<\/strong><\/a>&nbsp;\u2013 Doradca Prezydenta<\/p>\n\n\n\n<p><a href=\"https:\/\/en.wikipedia.org\/wiki\/Category:Jewish_American_government_officials\"><strong>Debra Cagan<\/strong><\/a>&nbsp;\u2013 Doradca Prezydenta<\/p>\n\n\n\n<p><a href=\"https:\/\/humanrights.iowa.gov\/icsw\/lynn-germain-cutler\"><strong>Lynn Cutler<\/strong><\/a>&nbsp;\u2013 wiceprzewodnicz\u0105cy Komisji Doradczej ds. Stosunk\u00f3w Mi\u0119dzyrz\u0105dowych<\/p>\n\n\n\n<p><a href=\"https:\/\/www.haaretz.com\/jewish\/2016-05-12\/ty-article\/white-house-to-name-new-jewish-liaison\/0000017f-f451-d487-abff-f7ff9f560000\"><strong>Norm Eisen<\/strong><\/a>&nbsp;\u2013 specjalny doradca ds. etyki i reformy rz\u0105du<\/p>\n\n\n\n<p><a href=\"https:\/\/www.lbi.org\/news\/stuart-eizenstat-jewish-continuity-21st-century\/\"><strong>Stuart Eizenstat<\/strong><\/a>&nbsp;\u2013 G\u0142\u00f3wny Doradca Prezydenta ds. Polityki Wewn\u0119trznej<\/p>\n\n\n\n<p><a href=\"https:\/\/www.lbi.org\/news\/stuart-eizenstat-jewish-continuity-21st-century\/\"><strong>Stuart Eizenstat<\/strong><\/a>&nbsp;\u2013 Dyrektor Wykonawczy ds. Polityki Wewn\u0119trznej Bia\u0142ego Domu<\/p>\n\n\n\n<p><a href=\"https:\/\/www.britannica.com\/biography\/Rahm-Emanuel\"><strong>Rahm Israel Emanuel<\/strong><\/a>&nbsp;\u2013 Sekretarz Prezydenta i Doradca ds. Polityki<\/p>\n\n\n\n<p><a href=\"https:\/\/www.jewishvirtuallibrary.org\/jews-in-the-barack-obama-administration\"><strong>Lee Feinstein<\/strong><\/a>&nbsp;\u2013 doradca ds. polityki zagranicznej kampanii<\/p>\n\n\n\n<p><a href=\"https:\/\/en.wikipedia.org\/wiki\/Martin_Feldstein\"><strong>Martin Feldstein<\/strong><\/a>&nbsp;&#8211; Rada Doradcza Prezydenta ds. Wywiadu Zagranicznego<\/p>\n\n\n\n<p><a href=\"https:\/\/en.wikipedia.org\/wiki\/Felix_Frankfurter\"><strong>Felix Frankfurter<\/strong><\/a>&nbsp;\u2013 Doradca Prezydenta<\/p>\n\n\n\n<p><a href=\"https:\/\/en.wikipedia.org\/wiki\/Stephen_Friedman_(PFIAB)\"><strong>Stephen Friedman<\/strong><\/a>&nbsp;&#8211; Rada Doradcza ds. Wywiadu Przewodnicz\u0105cego Prezydenta<\/p>\n\n\n\n<p><a href=\"https:\/\/www.jta.org\/archive\/goldsmith-appointment-hailed-but-jews-wary-of-charitable-choice\"><strong>Steve Goldsmith<\/strong><\/a>&nbsp;\u2013 Starszy Doradca Prezydenta<\/p>\n\n\n\n<p><a href=\"https:\/\/www.thejc.com\/news\/world\/interview-stan-greenberg-1.8176\"><strong>Stanley Greenberg<\/strong><\/a>&nbsp;\u2013 ankieter Bia\u0142ego Domu<\/p>\n\n\n\n<p><a href=\"https:\/\/www.jewage.org\/wiki\/en\/Article:Mandy_Grunwald_-_Biography\"><strong>Mandy Grunwald<\/strong><\/a>&nbsp;\u2013 doradca Bia\u0142ego Domu<\/p>\n\n\n\n<p><a href=\"https:\/\/en.wikipedia.org\/wiki\/Avril_Haines\"><strong>Avril Haines<\/strong><\/a>&nbsp;\u2013 Zast\u0119pca Radcy Prezydenta ds. Bezpiecze\u0144stwa Narodowego<\/p>\n\n\n\n<p><a href=\"https:\/\/en.wikipedia.org\/wiki\/Martin_Indyk\"><strong>Martin Indyk<\/strong><\/a>&nbsp;\u2013 G\u0142\u00f3wny Doradca Prezydenta<\/p>\n\n\n\n<p><a href=\"https:\/\/www.ynetnews.com\/articles\/0,7340,L-4039768,00.html\"><strong>Valerie B. Jarrett<\/strong><\/a>&nbsp;\u2013 Starszy Doradca Prezydenta<\/p>\n\n\n\n<p><a href=\"https:\/\/en.wikipedia.org\/w\/index.php?title=Category:21st-century_American_Jews\"><strong>Benjamin J. Kallos<\/strong><\/a>&nbsp;\u2013 Biuro Wykonawcze Prezydenta US Digital Service<\/p>\n\n\n\n<p><a href=\"https:\/\/en.wikipedia.org\/wiki\/Sam_Kass\"><strong>Samuel David Kass<\/strong><\/a>&nbsp;\u2013 starszy doradca ds. polityki<\/p>\n\n\n\n<p><a href=\"https:\/\/www.jpost.com\/opinion\/joe-bidens-a-team-of-jewish-advisers-cabinet-members-and-staff-658350\"><strong>Jared Kushner<\/strong><\/a>&nbsp;\u2013 Starszy Doradca Prezydenta<\/p>\n\n\n\n<p><a href=\"https:\/\/www.jpost.com\/opinion\/joe-bidens-a-team-of-jewish-advisers-cabinet-members-and-staff-658350\"><strong>Eric Lander<\/strong><\/a>&nbsp;\u2013 Przewodnicz\u0105cy Rady Doradc\u00f3w Prezydenta<\/p>\n\n\n\n<p><a href=\"https:\/\/en.wikipedia.org\/wiki\/Eric_Lander\"><strong>Eric Lander<\/strong><\/a>&nbsp;\u2013 doradca naukowy prezydenta<\/p>\n\n\n\n<p><a href=\"https:\/\/en.wikipedia.org\/wiki\/Category:Jewish_American_government_officials\"><strong>Ann Lewis<\/strong><\/a>&nbsp;\u2013 Doradca Prezydenta<\/p>\n\n\n\n<p><a href=\"https:\/\/www.timesofisrael.com\/these-10-jewish-candidates-could-be-elected-to-congress-for-the-1st-time-this-fall\/\"><strong>Ira Magaziner<\/strong><\/a>&nbsp;\u2013 Doradca Prezydenta<\/p>\n\n\n\n<p><a href=\"https:\/\/en.wikipedia.org\/wiki\/Michael_Mandelbaum\"><strong>Michael Mandelbaum<\/strong><\/a>&nbsp;\u2013 Doradca Prezydenta<\/p>\n\n\n\n<p><a href=\"https:\/\/www.jta.org\/2016\/07\/05\/obituaries\/abner-mikva-judge-and-congressman-who-mentored-a-president-dies-at-90\"><strong>Abner Mikva<\/strong><\/a>&nbsp;&#8211; kierownik ds. harmonogramu i program\u00f3w prezydenckich, mentor prezydenta Obamy<\/p>\n\n\n\n<p><a href=\"https:\/\/www.jpost.com\/opinion\/joe-bidens-a-team-of-jewish-advisers-cabinet-members-and-staff-658350\"><strong>Stephen Miller<\/strong><\/a>&nbsp;\u2013 starszy doradca ds. polityki<\/p>\n\n\n\n<p><a href=\"https:\/\/en.wikipedia.org\/wiki\/Victoria_Nuland\"><strong>Victoria Nuland<\/strong><\/a>&nbsp;\u2013 doradca ds. polityki zagranicznej wiceprezydenta<\/p>\n\n\n\n<p><a href=\"https:\/\/en.wikipedia.org\/wiki\/Mark_Penn\"><strong>Mark Penn<\/strong><\/a>&nbsp;\u2013 ankieter prezydencki<\/p>\n\n\n\n<p><a href=\"https:\/\/www.jewishvirtuallibrary.org\/jews-in-the-barack-obama-administration\"><strong>David Plouffe<\/strong><\/a>&nbsp;\u2013 starszy doradca prezydenta<\/p>\n\n\n\n<p><a href=\"https:\/\/en.wikipedia.org\/wiki\/Robert_Reich#Early_life_and_career\"><strong>Robert Reich<\/strong><\/a>&nbsp;\u2013 Dyrektor ds. Planowania Polityki<\/p>\n\n\n\n<p><a href=\"https:\/\/en.wikipedia.org\/wiki\/David_Rubenstein\"><strong>David Rubenstein<\/strong><\/a>&nbsp;\u2013 Zast\u0119pca Doradcy ds. Polityki Wewn\u0119trznej<\/p>\n\n\n\n<p><a href=\"https:\/\/www.jewishvirtuallibrary.org\/jews-in-the-barack-obama-administration\"><strong>Mara Rudman<\/strong><\/a>&nbsp;\u2013 doradca ds. polityki zagranicznej<\/p>\n\n\n\n<p><a href=\"https:\/\/www.timesofisrael.com\/former-us-diplomat-and-presidential-adviser-richard-schifter-dead-at-97\/\"><strong>Richard Schifter<\/strong><\/a>&nbsp;\u2013 specjalny doradca prezydenta<\/p>\n\n\n\n<p><a href=\"http:\/\/www.jewornotjew.com\/profile.jsp?ID=1872\"><strong>Robert J. Shapiro<\/strong><\/a>&nbsp;\u2013 Doradca Prezydenta<\/p>\n\n\n\n<p><a href=\"https:\/\/www.jpost.com\/50-most-influential-jews\/article-717793\"><strong>Halie Soifer<\/strong><\/a>&nbsp;\u2013 doradca ds. bezpiecze\u0144stwa narodowego Kamali Harris<\/p>\n\n\n\n<p><a href=\"https:\/\/en.wikipedia.org\/wiki\/Gene_Sperling\"><strong>Gene Sperling<\/strong><\/a>&nbsp;\u2013 Starszy Doradca Prezydenta<\/p>\n\n\n\n<p><a href=\"https:\/\/en.wikipedia.org\/wiki\/Michael_Steinhardt\"><strong>Michael Steinhardt<\/strong><\/a>&nbsp;\u2013 starszy doradca prezydenta<\/p>\n\n\n\n<p><a href=\"https:\/\/www.jpost.com\/opinion\/joe-bidens-a-team-of-jewish-advisers-cabinet-members-and-staff-658350\"><strong>Ivanka Trump<\/strong><\/a>&nbsp;\u2013 Doradca Prezydenta<\/p>\n\n\n\n<p><a href=\"https:\/\/en.wikipedia.org\/wiki\/Category:Jewish_American_government_officials\"><strong>Herbie Ziskend<\/strong><\/a>&nbsp;\u2013 Starszy Doradca ds. Komunikacji dla Wiceprezesa<\/p>\n\n\n\n<p><strong>Prezydenckie ustniki<\/strong><\/p>\n\n\n\n<p>Tutaj mamy torb\u0119 z czym\u015b, co mogliby\u015bmy lu\u017ano nazwa\u0107 \u201epomocnikami ds. Komunikacji\u201d, kt\u00f3rych zadaniem jest kontrolowanie narracji emanuj\u0105cej z Bia\u0142ego Domu.<\/p>\n\n\n\n<p><a href=\"https:\/\/en.wikipedia.org\/w\/index.php?title=Category:21st-century_American_Jews\"><strong>Bernard W. Aronson<\/strong><\/a>&nbsp;\u2013 autor przem\u00f3wie\u0144 do wiceprezesa<\/p>\n\n\n\n<p><a href=\"https:\/\/en.wikipedia.org\/wiki\/Daniel_Benjamin\"><strong>Daniel Benjamin<\/strong><\/a>&nbsp;\u2013 autor przem\u00f3wie\u0144 dotycz\u0105cych polityki zagranicznej<\/p>\n\n\n\n<p><a href=\"https:\/\/www.timesofisrael.com\/trump-surrogate-epshteyn-named-to-white-house-role\/\"><strong>Boris Epshteyn<\/strong><\/a>&nbsp;\u2013 zast\u0119pca dyrektora ds. komunikacji<\/p>\n\n\n\n<p><a href=\"https:\/\/www.jewishvirtuallibrary.org\/jews-in-the-george-w-bush-administration\"><strong>Ari Fleischer<\/strong><\/a>&nbsp;\u2013 sekretarz prasowy Bia\u0142ego Domu<\/p>\n\n\n\n<p><a href=\"https:\/\/en.wikipedia.org\/wiki\/David_Frum\"><strong>David Frum<\/strong><\/a>&nbsp;\u2013 autor przem\u00f3wie\u0144 w Bia\u0142ym Domu<\/p>\n\n\n\n<p><a href=\"https:\/\/www.jewage.org\/wiki\/en\/Article:Mandy_Grunwald_-_Biography\"><strong>Mandy Grunwald<\/strong><\/a>&nbsp;\u2013 konsultant ds. konferencji prasowych<\/p>\n\n\n\n<p><a href=\"https:\/\/en.wikipedia.org\/wiki\/Stephen_Harmelin\"><strong>Stephen Harmelin<\/strong><\/a>&nbsp;\u2013 dyrektor ds. pisania przem\u00f3wie\u0144 w Bia\u0142ym Domu<\/p>\n\n\n\n<p><a href=\"https:\/\/jwa.org\/encyclopedia\/article\/lewis-ann\"><strong>Ann Lewis<\/strong><\/a>&nbsp;\u2013 dyrektor ds. komunikacji w Bia\u0142ym Domu<\/p>\n\n\n\n<p><a href=\"https:\/\/forward.com\/opinion\/352072\/the-surprising-quirks-and-lesser-known-pleasures-of-my-dad-jacob-neusner\/\"><strong>Noam Neusner<\/strong><\/a>&nbsp;\u2013 autor przem\u00f3wie\u0144 prezydenckich<\/p>\n\n\n\n<p><a href=\"https:\/\/en.wikipedia.org\/wiki\/Pierre_Salinger\"><strong>Pierre Salinger<\/strong><\/a>&nbsp;\u2013 rzecznik prasowy prezydenta<\/p>\n\n\n\n<p><a href=\"https:\/\/en.wikipedia.org\/wiki\/Ricki_Seidman\"><strong>Ricki Seidman<\/strong><\/a>&nbsp;\u2013 Zast\u0119pca Dyrektora ds. Komunikacji<\/p>\n\n\n\n<p><a href=\"https:\/\/en.wikipedia.org\/wiki\/Ted_Sorensen\"><strong>Theodore Sorensen<\/strong><\/a>&nbsp;&#8211; autor przem\u00f3wie\u0144 prezydenckich<\/p>\n\n\n\n<p><a href=\"https:\/\/en.wikipedia.org\/wiki\/Ben_Stein\"><strong>Benjamin Jeremy Stein<\/strong><\/a>&nbsp;&#8211; autor przem\u00f3wie\u0144 prezydenckich<\/p>\n\n\n\n<p><a href=\"https:\/\/www.jewishvirtuallibrary.org\/jews-in-the-george-w-bush-administration\"><strong>Donald Steinberg<\/strong><\/a>&nbsp;\u2013 zast\u0119pca sekretarza prasowego Bia\u0142ego Domu<\/p>\n\n\n\n<p><a href=\"https:\/\/en.wikipedia.org\/wiki\/Cass_Sunstein\"><strong>Cass Sunstein<\/strong><\/a>&nbsp;\u2013 Administrator Biura ds. Informacji i Regulacji Bia\u0142ego Domu<\/p>\n\n\n\n<p><a href=\"https:\/\/en.wikipedia.org\/wiki\/Sheila_Rabb_Weidenfeld\"><strong>Sheila Rabb Weidenfeld<\/strong><\/a>&nbsp;\u2013 sekretarz prasowy Pierwszej Damy<\/p>\n\n\n\n<p><a href=\"https:\/\/en.wikipedia.org\/wiki\/Category:Jewish_American_government_officials\"><strong>Herbie Ziskend<\/strong><\/a>&nbsp;\u2013 Zast\u0119pca Dyrektora ds. Komunikacji Bia\u0142ego Domu<\/p>\n\n\n\n<p><strong>Utrzymanie prezydenta z dala od wi\u0119zienia<\/strong><\/p>\n\n\n\n<p><a href=\"https:\/\/en.wikipedia.org\/wiki\/Robert_Bauer\"><strong>Robert Bauer<\/strong><\/a>&nbsp;\u2013 radca prawny Bia\u0142ego Domu<\/p>\n\n\n\n<p><a href=\"https:\/\/en.wikipedia.org\/wiki\/Lanny_A._Breuer\"><strong>Lanny A. Breuer<\/strong><\/a>&nbsp;\u2013 specjalny doradca prezydenta<\/p>\n\n\n\n<p><a href=\"https:\/\/forward.com\/news\/408703\/5-things-to-know-about-lanny-davis-michael-cohens-jewish-lawyer\/\"><strong>Lanny Davis<\/strong><\/a>&nbsp;\u2013 specjalny doradca Bia\u0142ego Domu<\/p>\n\n\n\n<p><a href=\"https:\/\/www.jpost.com\/opinion\/joe-bidens-a-team-of-jewish-advisers-cabinet-members-and-staff-65835\"><strong>John Eisenberg<\/strong><\/a>&nbsp;\u2013 Zast\u0119pca Radcy Prezydenta<\/p>\n\n\n\n<p><a href=\"https:\/\/www.wilsoncenter.org\/myer-feldman\"><strong>Myer (Mike) Feldman<\/strong><\/a>&nbsp;&#8211; specjalny doradca prezydenta<\/p>\n\n\n\n<p><a href=\"https:\/\/en.wikipedia.org\/wiki\/Category:American_people_of_Ukrainian-Jewish_descent\"><strong>Myer Feldman<\/strong><\/a>&nbsp;\u2013 radca prawny Bia\u0142ego Domu<\/p>\n\n\n\n<p><a href=\"https:\/\/en.wikipedia.org\/wiki\/Sally_Katzen\"><strong>Sally Katzen<\/strong><\/a>&nbsp;\u2013 radca prawny prezydenta<\/p>\n\n\n\n<p><a href=\"https:\/\/jewishchronicle.timesofisrael.com\/ron-klain-a-jewish-dc-veteran-appointed-bidens-chief-of-staff\/\"><strong>Ron Klain<\/strong><\/a>&nbsp;\u2013 radca prawny Bia\u0142ego Domu<\/p>\n\n\n\n<p><a href=\"https:\/\/forward.com\/news\/145491\/joel-klein\/\"><strong>Joel Klein<\/strong><\/a>&nbsp;\u2013 radca prawny Bia\u0142ego Domu<\/p>\n\n\n\n<p><a href=\"https:\/\/en.wikipedia.org\/wiki\/Robert_Lipshutz\"><strong>Robert Lipshutz<\/strong><\/a>&nbsp;\u2013 radca prawny Bia\u0142ego Domu<\/p>\n\n\n\n<p><a href=\"https:\/\/en.wikipedia.org\/wiki\/Abner_Mikva\"><strong>Abner Mikva<\/strong><\/a>&nbsp;\u2013 radca prawny Bia\u0142ego Domu<\/p>\n\n\n\n<p><a href=\"https:\/\/en.wikipedia.org\/wiki\/Bernard_Nussbaum\"><strong>Bernard Nussbaum<\/strong><\/a>&nbsp;\u2013 radca prawny Bia\u0142ego Domu<\/p>\n\n\n\n<p><a href=\"https:\/\/en.wikipedia.org\/wiki\/Category:American_people_of_Ukrainian-Jewish_descent\"><strong>Jay Sekulow<\/strong><\/a>&nbsp;\u2013 osobisty pe\u0142nomocnik prezydenta<\/p>\n\n\n\n<p><a href=\"https:\/\/en.wikipedia.org\/wiki\/Nicole_Seligman\"><strong>Nicole K. Seligman<\/strong><\/a>&nbsp;\u2013 radca prawny Bia\u0142ego Domu<\/p>\n\n\n\n<p><a href=\"https:\/\/en.wikipedia.org\/wiki\/Ted_Sorensen\"><strong>Theodore C. Sorensen<\/strong><\/a>&nbsp;&#8211; radca prawny Bia\u0142ego Domu<\/p>\n\n\n\n<p><a href=\"https:\/\/www.jpost.com\/50-most-influential-jews\/morgan-ortagus-642392\"><strong>Ross Weinberger<\/strong><\/a>&nbsp;\u2013 zast\u0119pca radcy prawnego Bia\u0142ego Domu<\/p>\n\n\n\n<p><strong>Cz\u0119\u015b\u0107 2 \u2013 Kontrola \u017cydowskiej narracji<\/strong><\/p>\n\n\n\n<p><strong>Rozpieszczanie \u201eofiar\u201d<\/strong><\/p>\n\n\n\n<p>W przeciwie\u0144stwie do innych rz\u0105d\u00f3w, Bia\u0142y Dom stworzy\u0142 wiele unikalnych stanowisk tylko po to, aby pozosta\u0107 w kontakcie ze wszystkimi swoimi pracownikami w AIPAC i ADL, ambasad\u0105 Izraela i londy\u0144skim City, ze specjalnym \u0142\u0105cznikiem Bia\u0142ego Domu do spo\u0142eczno\u015bci \u017cydowskiej, jeszcze bardziej specjalny \u201e\u0141\u0105cznik z \u017cydowskimi przyw\u00f3dcami\u201d, a nawet mamy \u201eSpecjalnego wys\u0142annika ds. US Holocaust Survivor Services\u201d.<\/p>\n\n\n\n<p>Niestety, Bia\u0142y Dom nie ma specjalnego \u0142\u0105cznika dla ocala\u0142ych z Wietnamu, Jugos\u0142awii, Iraku czy Libii, ani \u017cadnego dla nielicznych cywil\u00f3w, kt\u00f3rzy uciekli przed szwadronami \u015bmierci CIA w Ameryce \u015arodkowej i Po\u0142udniowej.&nbsp;I jest rzecz\u0105 oczywist\u0105, \u017ce nie ma \u201especjalnego \u0142\u0105cznika\u201d ani dla przyw\u00f3dc\u00f3w muzu\u0142ma\u0144skich, ani dla ocala\u0142ych z okrucie\u0144stw w Palestynie.&nbsp;I oczywi\u015bcie nie ma \u201especjalnych powi\u0105za\u0144\u201d ani \u201eprogramu informacyjnego\u201d dla ameryka\u0144skich Chi\u0144czyk\u00f3w lub Rosjan, aby zr\u00f3wnowa\u017cy\u0107 kampanie nienawi\u015bci prowadzone przeciwko tym narodom w \u017cydowskich mediach.<\/p>\n\n\n\n<p><a href=\"https:\/\/jcfny.org\/board-of-trustees\/karen-r-adler\/\"><strong>Karen Adler<\/strong><\/a>&nbsp;\u2013 \u0141\u0105cznik ze spo\u0142eczno\u015bci\u0105 \u017cydowsk\u0105<\/p>\n\n\n\n<p><a href=\"https:\/\/www.haaretz.com\/jewish\/2016-05-12\/ty-article\/white-house-to-name-new-jewish-liaison\/0000017f-f451-d487-abff-f7ff9f560000\"><strong>Scott Arogeti<\/strong><\/a>&nbsp;\u2013 \u0141\u0105cznik ze spo\u0142eczno\u015bci\u0105 \u017cydowsk\u0105<\/p>\n\n\n\n<p><a href=\"https:\/\/www.jewishvirtuallibrary.org\/jews-in-the-george-w-bush-administration\"><strong>Jeffrey Berkowitz<\/strong><\/a>&nbsp;\u2013 \u0141\u0105cznik ze spo\u0142eczno\u015bci\u0105 \u017cydowsk\u0105<\/p>\n\n\n\n<p><a href=\"https:\/\/en.wikipedia.org\/wiki\/White_House_Jewish_Liaison\"><strong>Jarrod Bernstein<\/strong><\/a>&nbsp;\u2013 \u0142\u0105cznik ze spo\u0142eczno\u015bci\u0105 \u017cydowsk\u0105<\/p>\n\n\n\n<p><a href=\"https:\/\/www.haaretz.com\/jewish\/2016-05-12\/ty-article\/white-house-to-name-new-jewish-liaison\/0000017f-f451-d487-abff-f7ff9f560000\"><strong>Marshall Breger<\/strong><\/a>&nbsp;\u2013 \u0142\u0105cznik ze spo\u0142eczno\u015bci\u0105 \u017cydowsk\u0105<\/p>\n\n\n\n<p><a href=\"https:\/\/en.wikipedia.org\/wiki\/Lanny_A._Breuer\"><strong>Lanny A. Breuer<\/strong><\/a>&nbsp;\u2013 ameryka\u0144ska Rada Pami\u0119ci o Holokau\u015bcie<\/p>\n\n\n\n<p><a href=\"https:\/\/www.jewishvirtuallibrary.org\/jews-in-donald-trump-administration\"><strong>Elan Carr<\/strong><\/a>&nbsp;\u2013 specjalny wys\u0142annik do monitorowania i zwalczania antysemityzmu<\/p>\n\n\n\n<p><a href=\"https:\/\/www.jpost.com\/opinion\/joe-bidens-a-team-of-jewish-advisers-cabinet-members-and-staff-658350\"><strong>Ellie Cohanim<\/strong><\/a>&nbsp;&#8211; zast\u0119pca specjalnego wys\u0142annika do monitorowania i zwalczania antysemityzmu<\/p>\n\n\n\n<p><a href=\"https:\/\/www.jpost.com\/Jewish-World\/Jewish-News\/US-Holocaust-envoy-Shoah-is-an-American-issue\"><strong>Douglas Davidson<\/strong><\/a>&nbsp;\u2013 specjalny wys\u0142annik USA ds. Holokaustu<\/p>\n\n\n\n<p><a href=\"https:\/\/www.jewishvirtuallibrary.org\/jews-in-the-biden-administration\"><strong>Stuart E. Eizenstat<\/strong><\/a>&nbsp;\u2013 Specjalny Doradca ds. Holokaustu<\/p>\n\n\n\n<p><a href=\"https:\/\/en.wikipedia.org\/wiki\/White_House_Jewish_Liaison\"><strong>Jeanne Ellinport<\/strong><\/a>&nbsp;\u2013 \u0141\u0105cznik ze spo\u0142eczno\u015bci\u0105 \u017cydowsk\u0105<\/p>\n\n\n\n<p><a href=\"https:\/\/en.wikipedia.org\/wiki\/Lee_A._Feinstein\"><strong>Lee A. Feinstein<\/strong><\/a>&nbsp;\u2013 ameryka\u0144ska Rada Pami\u0119ci o Holokau\u015bcie<\/p>\n\n\n\n<p><a href=\"https:\/\/www.jta.org\/2007\/06\/13\/default\/former-jewish-liaison-announces-run\"><strong>Jay Footlik<\/strong><\/a>&nbsp;\u2013 specjalny \u0142\u0105cznik ze spo\u0142eczno\u015bci\u0105 \u017cydowsk\u0105<\/p>\n\n\n\n<p><a href=\"https:\/\/en.wikipedia.org\/wiki\/Office_of_the_Special_Envoy_to_Monitor_and_Combat_Antisemitism\"><strong>Ira Forman<\/strong><\/a>&nbsp;\u2013 specjalny wys\u0142annik do monitorowania i zwalczania antysemityzmu<\/p>\n\n\n\n<p><a href=\"https:\/\/www.jewishvirtuallibrary.org\/jews-in-the-biden-administration\"><strong>Ellen Germain<\/strong><\/a>&nbsp;\u2013 Specjalna Wys\u0142anniczka ds. Holokaustu<\/p>\n\n\n\n<p><a href=\"https:\/\/www.jta.org\/2016\/11\/14\/united-states\/meet-the-jews-in-donald-trumps-inner-circle\"><strong>Michael Glassner<\/strong><\/a>&nbsp;\u2013 ameryka\u0144ska Rada Pami\u0119ci o Holokau\u015bcie<\/p>\n\n\n\n<p><a href=\"https:\/\/www.jewishvirtuallibrary.org\/jews-in-the-george-w-bush-administration\"><strong>Adam Goldman<\/strong><\/a>&nbsp;\u2013 \u0141\u0105cznik ze spo\u0142eczno\u015bci\u0105 \u017cydowsk\u0105<\/p>\n\n\n\n<p><a href=\"https:\/\/www.jewishvirtuallibrary.org\/jews-in-the-biden-administration\"><strong>Shelley Greenspan<\/strong><\/a>&nbsp;\u2013 \u0141\u0105cznik ze spo\u0142eczno\u015bci\u0105 \u017cydowsk\u0105<\/p>\n\n\n\n<p><a href=\"https:\/\/en.wikipedia.org\/wiki\/Category:Jewish_American_government_officials\"><strong>Stephen Herbits<\/strong><\/a>&nbsp;\u2013 Prezydencka Komisja Doradcza ds. mienia Holokaustu<\/p>\n\n\n\n<p><a href=\"https:\/\/en.wikipedia.org\/wiki\/Mickey_Kantor\"><strong>Mickey Kantor<\/strong><\/a>&nbsp;\u2013 Krajowa Rada Doradcza AIPAC<\/p>\n\n\n\n<p><a href=\"https:\/\/www.jewishvirtuallibrary.org\/jews-in-the-george-w-bush-administration\"><strong>Jeremy L. Katz<\/strong><\/a>&nbsp;\u2013 \u0141\u0105cznik ze spo\u0142eczno\u015bci\u0105 \u017cydowsk\u0105<\/p>\n\n\n\n<p><a href=\"https:\/\/www.jewishvirtuallibrary.org\/jews-in-the-biden-administration\"><strong>Aaron Keyak<\/strong><\/a>&nbsp;\u2013 zast\u0119pca wys\u0142annika ds. monitorowania i zwalczania antysemityzmu<\/p>\n\n\n\n<p><a href=\"https:\/\/www.jewishvirtuallibrary.org\/jews-in-donald-trump-administration\"><strong>Len Chodorkowski<\/strong><\/a>&nbsp;\u2013 zast\u0119pca specjalnego wys\u0142annika ds. monitorowania i zwalczania antysemityzmu<\/p>\n\n\n\n<p><a href=\"https:\/\/www.jewishvirtuallibrary.org\/jews-in-the-biden-administration\"><strong>Deborah Lipstadt<\/strong><\/a>&nbsp;\u2013 Specjalna Wys\u0142anniczka Departamentu Stanu ds. Monitorowania i Zwalczania Antysemityzmu<\/p>\n\n\n\n<p><a href=\"https:\/\/en.wikipedia.org\/wiki\/Sigal_Mandelker\"><strong>Sigal Mandelker<\/strong><\/a>&nbsp;\u2013 Cz\u0142onek Rady Muzeum Holokaustu w USA<\/p>\n\n\n\n<p><a href=\"https:\/\/en.wikipedia.org\/wiki\/Aaron_David_Miller\"><strong>Aaron David Miller<\/strong><\/a>&nbsp;\u2013 Rada Ameryka\u0144skiego Muzeum Pami\u0119ci o Holokau\u015bcie<\/p>\n\n\n\n<p><a href=\"https:\/\/en.wikipedia.org\/wiki\/White_House_Jewish_Liaison\"><strong>Deborah Mohile<\/strong><\/a>&nbsp;\u2013 \u0142\u0105czniczka ze spo\u0142eczno\u015bci\u0105 \u017cydowsk\u0105<\/p>\n\n\n\n<p><a href=\"https:\/\/www.jewishvirtuallibrary.org\/jews-in-the-george-w-bush-administration\"><strong>Noam Neusner<\/strong><\/a>&nbsp;\u2013 \u0141\u0105cznik ze spo\u0142eczno\u015bci\u0105 \u017cydowsk\u0105<\/p>\n\n\n\n<p><a href=\"https:\/\/en.wikipedia.org\/wiki\/White_House_Jewish_Liaison\"><strong>Matt Nosanchuk<\/strong><\/a>&nbsp;\u2013 \u0141\u0105cznik ze spo\u0142eczno\u015bci\u0105 \u017cydowsk\u0105<\/p>\n\n\n\n<p><a href=\"https:\/\/www.jewishvirtuallibrary.org\/jews-in-the-barack-obama-administration\"><strong>Matt Nosanchuk<\/strong><\/a>&nbsp;\u2013 Zast\u0119pca Dyrektora Biura Zaanga\u017cowania Publicznego ds. Pomocy \u017bydom<\/p>\n\n\n\n<p><a href=\"https:\/\/en.wikipedia.org\/wiki\/Office_of_the_Special_Envoy_to_Monitor_and_Combat_Antisemitism\"><strong>Gregg Rickman<\/strong><\/a>&nbsp;\u2013 specjalny wys\u0142annik do monitorowania i zwalczania antysemityzmu<\/p>\n\n\n\n<p><a href=\"https:\/\/en.wikipedia.org\/wiki\/Office_of_the_Special_Envoy_to_Monitor_and_Combat_Antisemitism\"><strong>Hannah Rosenthal<\/strong><\/a>&nbsp;\u2013 Specjalna Wys\u0142anniczka ds. Monitorowania i Zwalczania Antysemityzmu<\/p>\n\n\n\n<p><a href=\"https:\/\/en.wikipedia.org\/wiki\/Arthur_Louis_Schechter\"><strong>Arthur Louis Schechter<\/strong><\/a>&nbsp;\u2013 Rada Ameryka\u0144skiego Muzeum Pami\u0119ci o Holokau\u015bcie<\/p>\n\n\n\n<p><a href=\"https:\/\/en.wikipedia.org\/wiki\/White_House_Jewish_Liaison\"><strong>Mark Siegel<\/strong><\/a>&nbsp;\u2013 \u0141\u0105cznik ze spo\u0142eczno\u015bci\u0105 \u017cydowsk\u0105<\/p>\n\n\n\n<p><a href=\"https:\/\/en.wikipedia.org\/wiki\/Clifford_M._Sobel\"><strong>Cliff Sobel<\/strong><\/a>&nbsp;\u2013 ameryka\u0144ska Rada Pami\u0119ci o Holokau\u015bcie<\/p>\n\n\n\n<p><a href=\"https:\/\/en.wikipedia.org\/wiki\/Sigmund_StrochlitzLiaison%20to%20Jewish%20Community\"><strong>Sigmund Strochlitz<\/strong><\/a>&nbsp;\u2013 ameryka\u0144ska Rada Pami\u0119ci o Holokau\u015bcie<\/p>\n\n\n\n<p><a href=\"https:\/\/www.jewishvirtuallibrary.org\/jews-in-the-barack-obama-administration\"><strong>Aviva Sufian<\/strong><\/a>&nbsp;\u2013 specjalny wys\u0142annik US Holocaust Survivor Services<\/p>\n\n\n\n<p><a href=\"https:\/\/www.haaretz.com\/jewish\/2016-05-12\/ty-article\/white-house-to-name-new-jewish-liaison\/0000017f-f451-d487-abff-f7ff9f560000\"><strong>Tevi Troy<\/strong><\/a>&nbsp;&#8211; \u0141\u0105cznik ze spo\u0142eczno\u015bci\u0105 \u017cydowsk\u0105<\/p>\n\n\n\n<p><a href=\"https:\/\/religionnews.com\/2021\/08\/06\/white-house-appoints-liaison-to-jewish-community\/\"><strong>Chanan Weissman<\/strong><\/a>&nbsp;\u2013 \u0141\u0105cznik ze spo\u0142eczno\u015bci\u0105 \u017cydowsk\u0105<\/p>\n\n\n\n<p><a href=\"https:\/\/en.wikipedia.org\/wiki\/Neal_S._Wolin\"><strong>Neal S. Wolin<\/strong><\/a>&nbsp;\u2013 Prezydencka Komisja ds. Mienia Holokaustu<\/p>\n\n\n\n<p><a href=\"https:\/\/www.jewishvirtuallibrary.org\/jews-in-the-george-w-bush-administration\"><strong>Jay Zeidman<\/strong><\/a>&nbsp;\u2013 \u0141\u0105cznik ze spo\u0142eczno\u015bci\u0105 \u017cydowsk\u0105<\/p>\n\n\n\n<p><a href=\"https:\/\/en.wikipedia.org\/wiki\/White_House_Jewish_Liaison\"><strong>Amy Zisook<\/strong><\/a>&nbsp;\u2013 \u0141\u0105cznik ze spo\u0142eczno\u015bci\u0105 \u017cydowsk\u0105<\/p>\n\n\n\n<p><strong>Przekszta\u0142canie perwersji w \u201epreferencje\u201d<\/strong><\/p>\n\n\n\n<p><a href=\"https:\/\/www.jewishvirtuallibrary.org\/jews-in-the-barack-obama-administration\"><strong>Raffi Freedman-Gurspan<\/strong><\/a>&nbsp;&#8211; \u0141\u0105cznik ze spo\u0142eczno\u015bci\u0105 LGBT<\/p>\n\n\n\n<p><a href=\"https:\/\/www.jewishvirtuallibrary.org\/jews-in-the-biden-administration\"><strong>Jennifer Klein<\/strong><\/a>&nbsp;\u2013 wsp\u00f3\u0142przewodnicz\u0105ca ds. polityki p\u0142ci<\/p>\n\n\n\n<p>Jak to si\u0119 sta\u0142o, \u017ce rz\u0105d federalny Stan\u00f3w Zjednoczonych potrzebuje \u201eDepartamentu ds. Polityki P\u0142ci\u201d?&nbsp;Czyj program jest tutaj przestrzegany?<\/p>\n\n\n\n<p><strong>Cz\u0119\u015b\u0107 3 \u2013 Kontrola gospodarki i bud\u017cetu federalnego<\/strong><\/p>\n\n\n\n<p><strong>Zapewnienie przestrzegania \u017cydowskiej agendy dla gospodarki<\/strong><\/p>\n\n\n\n<p><a href=\"https:\/\/en.wikipedia.org\/wiki\/Jared_Bernstein\"><strong>Jared Bernstein<\/strong><\/a>&nbsp;\u2013 Przewodnicz\u0105cy Rady Doradc\u00f3w Ekonomicznych<\/p>\n\n\n\n<p><a href=\"https:\/\/en.wikipedia.org\/wiki\/Jared_Bernstein\"><strong>Jared Bernstein<\/strong><\/a>&nbsp;\u2013 g\u0142\u00f3wny ekonomista, doradca prezydenta ds. polityki gospodarczej<\/p>\n\n\n\n<p><a href=\"https:\/\/en.wikipedia.org\/wiki\/Alan_Blinder\"><strong>Alan Blinder<\/strong><\/a>&nbsp;\u2013 Rada Doradc\u00f3w Ekonomicznych Prezydenta<\/p>\n\n\n\n<p><a href=\"https:\/\/www.jpost.com\/opinion\/joe-bidens-a-team-of-jewish-advisers-cabinet-members-and-staff-658350\"><strong>Gary Cohn<\/strong><\/a>&nbsp;\u2013 dyrektor Narodowej Rady Ekonomicznej Bia\u0142ego Domu Biden<\/p>\n\n\n\n<p><a href=\"https:\/\/www.jewishvirtuallibrary.org\/jews-in-donald-trump-administration\"><strong>Gary Cohn<\/strong><\/a>&nbsp;\u2013 dyrektor, Narodowa Rada Ekonomiczna Bia\u0142ego Domu Trumpa<\/p>\n\n\n\n<p><a href=\"https:\/\/en.wikipedia.org\/wiki\/Martin_Feldstein\"><strong>Martin Feldstein<\/strong><\/a>&nbsp;\u2013 Przewodnicz\u0105cy Rady Doradc\u00f3w Ekonomicznych<\/p>\n\n\n\n<p><a href=\"https:\/\/www.timesofisrael.com\/trump-names-jewish-billionaire-to-head-economic-advisory-team\/\"><strong>Larry Fink<\/strong><\/a>&nbsp;&#8211; Ekonomiczna Rada Doradcza Prezydenta, Dyrektor Generalny BlackRock<\/p>\n\n\n\n<p><a href=\"https:\/\/en.wikipedia.org\/wiki\/Stephen_Friedman_(PFIAB)\"><strong>Stephen Friedman<\/strong><\/a>&nbsp;\u2013 Przewodnicz\u0105cy Narodowej Rady Gospodarczej<\/p>\n\n\n\n<p><a href=\"https:\/\/en.wikipedia.org\/wiki\/Category:Jewish_American_government_officials\"><strong>Leon Fuerth<\/strong><\/a>&nbsp;\u2013 Cz\u0142onek Krajowej Rady Gospodarczej<\/p>\n\n\n\n<p><a href=\"https:\/\/www.jewishvirtuallibrary.org\/jews-in-the-barack-obama-administration\"><strong>Jason Furman<\/strong><\/a>&nbsp;\u2013 Przewodnicz\u0105cy Rady Doradc\u00f3w Ekonomicznych<\/p>\n\n\n\n<p><a href=\"https:\/\/en.wikipedia.org\/wiki\/Category:Jewish_American_members_of_the_Cabinet_of_the_United_States\"><strong>Jason Furman<\/strong><\/a>&nbsp;\u2013 Zast\u0119pca Dyrektora Krajowej Rady Gospodarczej<\/p>\n\n\n\n<p><a href=\"https:\/\/en.wikipedia.org\/wiki\/Alan_Greenspan\"><strong>Alan Greenspan<\/strong><\/a>&nbsp;\u2013 Przewodnicz\u0105cy Rady Doradc\u00f3w Ekonomicznych<\/p>\n\n\n\n<p><a href=\"https:\/\/www.timesofisrael.com\/trump-names-jewish-billionaire-to-head-economic-advisory-team\/\"><strong>Robert Iger<\/strong><\/a>&nbsp;&#8211; Ekonomiczna Rada Doradcza Prezydenta, Dyrektor Generalny Disneya<\/p>\n\n\n\n<p><a href=\"https:\/\/en.wikipedia.org\/wiki\/Sally_Katzen\"><strong>Sally Katzen<\/strong><\/a>&nbsp;\u2013 Zast\u0119pca Dyrektora Krajowej Rady Gospodarczej<\/p>\n\n\n\n<p><a href=\"https:\/\/www.jewage.org\/wiki\/en\/Article:Randall_Kroszner_-_Biography\"><strong>Randall S. Kroszner<\/strong><\/a>&nbsp;\u2013 Prezydium Rady Doradc\u00f3w Ekonomicznych<\/p>\n\n\n\n<p><a href=\"https:\/\/en.wikipedia.org\/wiki\/Alan_Krueger\"><strong>Alan Krueger<\/strong><\/a>&nbsp;\u2013 Przewodnicz\u0105cy Rady Doradc\u00f3w Ekonomicznych<\/p>\n\n\n\n<p><a href=\"https:\/\/www.jpost.com\/opinion\/joe-bidens-a-team-of-jewish-advisers-cabinet-members-and-staff-658350\"><strong>Lawrence Kudlow<\/strong><\/a>&nbsp;\u2013 Dyrektor Krajowej Rady Gospodarczej<\/p>\n\n\n\n<p><a href=\"https:\/\/en.wikipedia.org\/wiki\/Marne_Levine\"><strong>Marne Levine<\/strong><\/a>&nbsp;\u2013 szef sztabu Narodowej Rady Gospodarczej<\/p>\n\n\n\n<p><a href=\"https:\/\/en.wikipedia.org\/wiki\/Peter_R._Orszag\"><strong>Piotr R. Orszag<\/strong><\/a>&nbsp;\u2013 Starszy Doradca Rady Doradc\u00f3w Ekonomicznych<\/p>\n\n\n\n<p><a href=\"https:\/\/en.wikipedia.org\/wiki\/Robert_Reich#Early_life_and_career\"><strong>Robert Reich<\/strong><\/a>&nbsp;\u2013 Doradca Ekonomiczny Prezydenta<\/p>\n\n\n\n<p><a href=\"https:\/\/en.wikipedia.org\/wiki\/Alice_Rivlin\"><strong>Alice Rivlin<\/strong><\/a>&nbsp;\u2013 Cz\u0142onek Ekonomicznej Rady Doradczej<\/p>\n\n\n\n<p><a href=\"https:\/\/en.wikipedia.org\/wiki\/Robert_Rubin\"><strong>Robert Rubin<\/strong><\/a>&nbsp;\u2013 doradca ekonomiczny Prezydenta<\/p>\n\n\n\n<p><a href=\"https:\/\/www.jta.org\/archive\/clinton-taps-rubin-for-treasury-posting-adds-second-jew-to-cabinet\"><strong>Robert Rubin<\/strong><\/a>&nbsp;\u2013 Przewodnicz\u0105cy Narodowej Rady Gospodarczej<\/p>\n\n\n\n<p><a href=\"https:\/\/en.wikipedia.org\/wiki\/James_R._Schlesinger\"><strong>James R. Schlesinger<\/strong><\/a>&nbsp;\u2013 Zast\u0119pca Dyrektora Biura Bud\u017cetowego<\/p>\n\n\n\n<p><a href=\"https:\/\/www.timesofisrael.com\/trump-names-jewish-billionaire-to-head-economic-advisory-team\/\"><strong>Stephen Schwarzman<\/strong><\/a>&nbsp;&#8211; Przewodnicz\u0105cy Ekonomicznej Rady Doradczej Prezydenta<\/p>\n\n\n\n<p><a href=\"https:\/\/en.wikipedia.org\/wiki\/L._William_Seidman\"><strong>William Seidman<\/strong><\/a>&nbsp;\u2013 doradca ekonomiczny prezydent\u00f3w Forda, Reagana i HW Busha<\/p>\n\n\n\n<p><a href=\"https:\/\/en.wikipedia.org\/wiki\/Gene_Sperling\"><strong>Gene Sperling<\/strong><\/a>&nbsp;\u2013 Dyrektor Krajowej Rady Gospodarczej<\/p>\n\n\n\n<p><a href=\"https:\/\/en.wikipedia.org\/wiki\/Joseph_Stiglitz\"><strong>Joseph Stiglitz<\/strong><\/a>&nbsp;\u2013 Przewodnicz\u0105cy Rady Doradc\u00f3w Ekonomicznych<\/p>\n\n\n\n<p><a href=\"https:\/\/en.wikipedia.org\/wiki\/Lawrence_Summers\"><strong>Lawrence Summers<\/strong><\/a>&nbsp;\u2013 Dyrektor Krajowej Rady Gospodarczej<\/p>\n\n\n\n<p><a href=\"https:\/\/en.wikipedia.org\/wiki\/Harold_E._Varmus\"><strong>Harold Varmus<\/strong><\/a>&nbsp;\u2013 Przewodnicz\u0105cy Rady Doradc\u00f3w Prezydenta<\/p>\n\n\n\n<p><a href=\"https:\/\/www.timesofisrael.com\/trump-names-jewish-billionaire-to-head-economic-advisory-team\/\"><strong>Kevin Warsh<\/strong><\/a>&nbsp;&#8211; Ekonomiczna Rada Doradcza Prezydenta<\/p>\n\n\n\n<p><a href=\"https:\/\/www.timesofisrael.com\/trump-names-jewish-billionaire-to-head-economic-advisory-team\/\"><strong>Mark Weinberger<\/strong><\/a>&nbsp;\u2013 Ekonomiczna Rada Doradcza Prezydenta<\/p>\n\n\n\n<p><a href=\"https:\/\/en.wikipedia.org\/wiki\/Neal_S._Wolin\"><strong>Neal S. Wolin<\/strong><\/a>&nbsp;\u2013 Zast\u0119pca Radcy Prezesa ds. Polityki Gospodarczej<\/p>\n\n\n\n<p><a href=\"https:\/\/www.jpost.com\/opinion\/joe-bidens-a-team-of-jewish-advisers-cabinet-members-and-staff-658350\"><strong>Janet Yellen<\/strong><\/a>&nbsp;\u2013 Naczelna Rada Doradc\u00f3w Ekonomicznych<\/p>\n\n\n\n<p><a href=\"https:\/\/www.timesofisrael.com\/trump-names-jewish-billionaire-to-head-economic-advisory-team\/\"><strong>Daniel Yergin<\/strong><\/a>&nbsp;&#8211; Ekonomiczna Rada Doradcza Prezydenta<\/p>\n\n\n\n<p><a href=\"https:\/\/www.jpost.com\/opinion\/joe-bidens-a-team-of-jewish-advisers-cabinet-members-and-staff-658350\"><strong>Jeff Zients<\/strong><\/a>&nbsp;\u2013 Dyrektor Krajowej Rady Gospodarczej<\/p>\n\n\n\n<p><strong>Ustalanie bud\u017cetu \u2013 zapewnienie przestrzegania priorytet\u00f3w wydatk\u00f3w \u017byd\u00f3w<\/strong><\/p>\n\n\n\n<p>\u201eBiuro Zarz\u0105dzania i Bud\u017cetu (OMB) jest najwi\u0119kszym urz\u0119dem w ramach w\u0142adzy wykonawczej rz\u0105du federalnego USA.&nbsp;Zadaniem OMB jest realizacja zobowi\u0105za\u0144 i priorytet\u00f3w rz\u0105du USA\u201d.&nbsp;OMB nadzoruje bud\u017cet federalny i jego wykonanie.&nbsp;Okre\u015bla r\u00f3wnie\u017c og\u00f3ln\u0105 polityk\u0119 gospodarcz\u0105 kraju i zapewnia stale rosn\u0105ce bud\u017cety wojskowe, aby zapewni\u0107, \u017ce \u201ePrywatna Armia Bankier\u00f3w\u201d zawsze b\u0119dzie na pozycji za\u0142o\u017conej wy\u017cszo\u015bci \u2013 bez kt\u00f3rej Chazarscy \u017bydzi w londy\u0144skim City nie mog\u0105 zrealizowa\u0107 swoje \u015bwiatowe ambicje.<\/p>\n\n\n\n<p><a href=\"https:\/\/en.wikipedia.org\/wiki\/Jared_Bernstein\"><strong>Jared Bernstein<\/strong><\/a>&nbsp;\u2013 Komitet Doradczy Biura Bud\u017cetowego Kongresu<\/p>\n\n\n\n<p><a href=\"https:\/\/en.wikipedia.org\/wiki\/Alan_Blinder\"><strong>Alan Blinder<\/strong><\/a>&nbsp;\u2013 Zast\u0119pca Dyrektora Biura Bud\u017cetowego Kongresu<\/p>\n\n\n\n<p><a href=\"https:\/\/en.wikipedia.org\/wiki\/Joshua_Bolten\"><strong>Joshua Bolten<\/strong><\/a>&nbsp;\u2013 Dyrektor OMB<\/p>\n\n\n\n<p><a href=\"https:\/\/www.washingtonpost.com\/archive\/lifestyle\/magazine\/1990\/07\/29\/the-long-and-the-short-of-richard-g-darman\/1850c303-c86c-4ca9-a047-32da064a6436\/\"><strong>Richard Darman<\/strong><\/a>&nbsp;\u2013 Dyrektor OMB<\/p>\n\n\n\n<p><a href=\"https:\/\/en.wikipedia.org\/wiki\/Category:Jewish_American_government_officials\"><strong>Joel Kaplan<\/strong><\/a>&nbsp;\u2013 Zast\u0119pca Dyrektora OMB<\/p>\n\n\n\n<p><a href=\"https:\/\/en.wikipedia.org\/wiki\/Sally_Katzen\"><strong>Sally Katzen<\/strong><\/a>&nbsp;\u2013 Zast\u0119pca Dyrektora ds. Zarz\u0105dzania OMB<\/p>\n\n\n\n<p><a href=\"https:\/\/en.wikipedia.org\/wiki\/Jack_Lew\"><strong>Jack Lew<\/strong><\/a>&nbsp;\u2013 Dyrektor OMB<\/p>\n\n\n\n<p><a href=\"https:\/\/www.jewishvirtuallibrary.org\/peter-orszag\"><strong>Piotr Orszag<\/strong><\/a>&nbsp;\u2013 Dyrektor OMB<\/p>\n\n\n\n<p><a href=\"https:\/\/en.wikipedia.org\/wiki\/Alice_Rivlin\"><strong>Alice Rivlin<\/strong><\/a>&nbsp;\u2013 Dyrektor OMB<\/p>\n\n\n\n<p><a href=\"https:\/\/en.wikipedia.org\/wiki\/Alice_Rivlin\"><strong>Alice Rivlin<\/strong><\/a>&nbsp;\u2013 Dyrektor Biura Bud\u017cetowego Kongresu<\/p>\n\n\n\n<p><a href=\"https:\/\/en.wikipedia.org\/wiki\/Cass_Sunstein\"><strong>Cass Sunstein<\/strong><\/a>&nbsp;\u2013 Dyrektor Biura ds. Informacji i Regulacji, OMB<\/p>\n\n\n\n<p><a href=\"https:\/\/en.wikipedia.org\/wiki\/Caspar_Weinberger\"><strong>Caspar Weinberger<\/strong><\/a>&nbsp;\u2013 Dyrektor OMB<\/p>\n\n\n\n<p><a href=\"https:\/\/www.jpost.com\/opinion\/joe-bidens-a-team-of-jewish-advisers-cabinet-members-and-staff-658350\"><strong>Jeffrey Zients<\/strong><\/a>&nbsp;\u2013 dyrektor ds. wydajno\u015bci, Biuro Zarz\u0105dzania i Bud\u017cetu<\/p>\n\n\n\n<p><strong>Cz\u0119\u015b\u0107 4 \u2013 Kontrola pieni\u0119dzy<\/strong><\/p>\n\n\n\n<p>Nast\u0119pnie mamy kontrol\u0119 nad walut\u0105, poda\u017c\u0105 pieni\u0105dza, a tym samym nad gospodark\u0105, poprzez Rezerw\u0119 Federaln\u0105 i Departament Skarbu.<\/p>\n\n\n\n<p><strong>B\u0119d\u0105ca w\u0142asno\u015bci\u0105 \u017byd\u00f3w (Rothschild i in.) REZERWA FEDERALNA USA<\/strong><\/p>\n\n\n\n<p>Omawiaj\u0105c \u201ekontrol\u0119 pieni\u0105dza\u201d, nie mo\u017cemy ignorowa\u0107 faktu, \u017ce&nbsp;<strong>ameryka\u0144ski FED jest prywatnym bankiem centralnym nale\u017c\u0105cym do jednego z Rothschild\u00f3w i innych \u017cydowskich europejskich rodzin bankowych w londy\u0144skim City.&nbsp;<\/strong>Dzi\u0119ki tej w\u0142asno\u015bci maj\u0105 ca\u0142kowit\u0105 kontrol\u0119 nad ameryka\u0144sk\u0105 walut\u0105 i ameryka\u0144sk\u0105 gospodark\u0105, w tym nad poda\u017c\u0105 pieni\u0105dza, stopami procentowymi, warto\u015bciami rynk\u00f3w akcji i obligacji, rynkiem mieszkaniowym i wieloma innymi.&nbsp;To ich stosowanie tej kontroli powoduje wszystkie wzrosty i za\u0142amania gospodarcze, takie jak krach z 1929 r. i p\u00f3\u017aniejsza depresja, \u201ekrach finansowy\u201d z 2008 r. i wszystkie inne.&nbsp;Mo\u017cesz przeczyta\u0107 ten powi\u0105zany artyku\u0142 jako odniesienie: \u201eMiejmy kryzys finansowy: najpierw potrzebujemy banku centralnego\u201d.&nbsp;<a href=\"https:\/\/www.bluemoonofshanghai.com\/politics\/lets-have-a-financial-crisis-first-we-need-a-central-bank-october-07-2019-2\/\"><strong>[66]<\/strong><\/a><\/p>\n\n\n\n<p><strong>Dla przypomnienia, ostateczni beneficjenci Rezerwy Federalnej Stan\u00f3w Zjednoczonych zostali wiarygodnie udokumentowani w nast\u0119puj\u0105cy spos\u00f3b: \u017cydowscy w\u0142a\u015bciciele Rothschild Banks w Londynie i Berlinie, Warburg Banks w Hamburgu i Amsterdamie, Lehman Brothers w Nowym Jorku, Lazard Brothers w Pary\u017cu , Kuhn Loeb Bank z Nowego Jorku, Israel Moses Seif Banks z W\u0142och, Goldman Sachs i Chase Manhattan Bank.<\/strong><\/p>\n\n\n\n<p><a href=\"https:\/\/www.jewishvirtuallibrary.org\/ben-bernanke\"><strong>Ben Shalom Bernanke<\/strong><\/a>&nbsp;\u2013 prezes Rezerwy Federalnej<\/p>\n\n\n\n<p><a href=\"https:\/\/en.wikipedia.org\/wiki\/Alan_Blinder\"><strong>Alan Blinder<\/strong><\/a>&nbsp;\u2013 wiceprzewodnicz\u0105cy Rady Gubernator\u00f3w FED<\/p>\n\n\n\n<p><a href=\"https:\/\/blogs.timesofisrael.com\/celebrating-famous-jews-from-ukraine-arthur-burns\/\"><strong>Arthur F. Burns<\/strong><\/a>&nbsp;\u2013 prezes Rezerwy Federalnej<\/p>\n\n\n\n<p><a href=\"https:\/\/en.wikipedia.org\/wiki\/Stephen_Friedman_(PFIAB)\"><strong>Stephen Friedman<\/strong><\/a>&nbsp;\u2013 prezes Rezerwy Federalnej w Nowym Jorku<\/p>\n\n\n\n<p><a href=\"https:\/\/en.wikipedia.org\/wiki\/Alan_Greenspan\"><strong>Alan Greenspan<\/strong><\/a>&nbsp;\u2013 prezes Rezerwy Federalnej<\/p>\n\n\n\n<p><a href=\"https:\/\/en.wikipedia.org\/w\/index.php?title=Category:21st-century_American_Jews\"><strong>Robert Steven Kaplan<\/strong><\/a>&nbsp;\u2013 prezydent Dallas FED<\/p>\n\n\n\n<p><a href=\"https:\/\/en.wikipedia.org\/wiki\/Donald_Kohn\"><strong>Donald Kohn<\/strong><\/a>&nbsp;\u2013 wiceprzewodnicz\u0105cy Rezerwy Federalnej<\/p>\n\n\n\n<p><a href=\"https:\/\/en.wikipedia.org\/wiki\/Donald_Kohn\"><strong>Donald Kohn<\/strong><\/a>&nbsp;\u2013 Rada Gubernator\u00f3w FED<\/p>\n\n\n\n<p><a href=\"https:\/\/www.jewage.org\/wiki\/en\/Article:Randall_Kroszner_-_Biography\"><strong>Randall S. Kroszner<\/strong><\/a>&nbsp;\u2013 Rada Gubernator\u00f3w FED<\/p>\n\n\n\n<p><a href=\"https:\/\/en.wikipedia.org\/wiki\/Frederic_Mishkin\"><strong>Fred Mishkin<\/strong><\/a>&nbsp;\u2013 Rada Gubernator\u00f3w FED<\/p>\n\n\n\n<p><a href=\"https:\/\/en.wikipedia.org\/w\/index.php?title=Category:21st-century_American_Jews\"><strong>Frederic Mishkin<\/strong><\/a>&nbsp;\u2013 wiceprezes wykonawczy FED i dyrektor ds. bada\u0144<\/p>\n\n\n\n<p><a href=\"https:\/\/en.wikipedia.org\/wiki\/Sarah_Bloom_Raskin\"><strong>Sarah Bloom Raskin<\/strong><\/a>&nbsp;\u2013 Rada Gubernator\u00f3w Rezerwy Federalnej<\/p>\n\n\n\n<p><a href=\"https:\/\/en.wikipedia.org\/wiki\/Alice_Rivlin\"><strong>Alice Rivlin<\/strong><\/a>&nbsp;\u2013 urz\u0119dnik ds. bud\u017cetu FED<\/p>\n\n\n\n<p><a href=\"https:\/\/en.wikipedia.org\/wiki\/Alice_Rivlin\"><strong>Alice Rivlin<\/strong><\/a>&nbsp;\u2013 wiceprzewodnicz\u0105ca FED<\/p>\n\n\n\n<p><a href=\"https:\/\/en.wikipedia.org\/wiki\/Alice_Rivlin\"><strong>Alice Rivlin<\/strong><\/a>&nbsp;\u2013 cz\u0142onek Rady Gubernator\u00f3w FED<\/p>\n\n\n\n<p><a href=\"https:\/\/en.wikipedia.org\/wiki\/Douglas_W._Shorenstein\"><strong>Douglas W. Shorenstein<\/strong><\/a>&nbsp;\u2013 Dyrektor FED<\/p>\n\n\n\n<p><a href=\"https:\/\/en.wikipedia.org\/wiki\/Kevin_Warsh\"><strong>Kevin Warsh<\/strong><\/a>&nbsp;\u2013 Rada Gubernator\u00f3w FED<\/p>\n\n\n\n<p><a href=\"https:\/\/en.wikipedia.org\/wiki\/Janet_Yellen\"><strong>Janet Yellen<\/strong><\/a>&nbsp;\u2013 przewodnicz\u0105ca Rady Gubernator\u00f3w Rezerwy Federalnej<\/p>\n\n\n\n<p><strong>Kontrola Skarbu Pa\u0144stwa i Instytucji Finansowych<\/strong><\/p>\n\n\n\n<p><a href=\"https:\/\/www.nytimes.com\/1993\/08\/23\/style\/weddings-michael-barr-and-hannah-smotrich.html\"><strong>Michael Barr<\/strong><\/a>&nbsp;\u2013 zast\u0119pca sekretarza ds. instytucji finansowych<\/p>\n\n\n\n<p><a href=\"https:\/\/www.jta.org\/archive\/blumenthal-designated-by-carter-as-secretary-of-treasury\"><strong>Michael Blumenthal<\/strong><\/a>&nbsp;\u2013 Sekretarz Skarbu<\/p>\n\n\n\n<p><a href=\"https:\/\/historynewsnetwork.org\/article\/17555\"><strong>Samuel Wright Bodman<\/strong><\/a>&nbsp;\u2013 Zast\u0119pca Sekretarza Skarbu<\/p>\n\n\n\n<p><a href=\"https:\/\/jewishbusinessnews.com\/2013\/09\/12\/lael-brainard-a-leading-candidate-for-the-fed\/\"><strong>Lael Brainard<\/strong><\/a>&nbsp;\u2013 podsekretarz ds. mi\u0119dzynarodowych<\/p>\n\n\n\n<p><a href=\"https:\/\/en.wikipedia.org\/wiki\/Category:Jewish_American_government_officials\"><strong>Michael H. Cardozo<\/strong><\/a>&nbsp;\u2013 personel prawny Komisji Gie\u0142dy<\/p>\n\n\n\n<p><a href=\"https:\/\/www.forbes.com\/sites\/stevenehrlich\/2021\/08\/19\/former-sec-chairman-jay-clayton-joins-2-billion-bitcoin-and-crypto-custodian\/?sh=672f09463d6d\"><strong>Jay Clayton<\/strong><\/a>&nbsp;\u2013 Przewodnicz\u0105cy Komisji Papier\u00f3w Warto\u015bciowych i Gie\u0142d<\/p>\n\n\n\n<p><a href=\"https:\/\/en.wikipedia.org\/w\/index.php?title=Category:Jewish_American_attorneys\"><strong>David S. Cohen<\/strong><\/a>&nbsp;\u2013 Podsekretarz Skarbu<\/p>\n\n\n\n<p><a href=\"https:\/\/en.wikipedia.org\/w\/index.php?title=Category:Jewish_American_attorneys\"><strong>David S. Cohen<\/strong><\/a>&nbsp;\u2013 zast\u0119pca sekretarza skarbu ds. finansowania terroryzmu<\/p>\n\n\n\n<p><a href=\"https:\/\/www.washingtonpost.com\/archive\/lifestyle\/magazine\/1990\/07\/29\/the-long-and-the-short-of-richard-g-darman\/1850c303-c86c-4ca9-a047-32da064a6436\/\"><strong>Richard Darman<\/strong><\/a>&nbsp;\u2013 Zast\u0119pca Sekretarza Skarbu<\/p>\n\n\n\n<p><a href=\"https:\/\/www.lbi.org\/news\/stuart-eizenstat-jewish-continuity-21st-century\/\"><strong>Stuart Eizenstat<\/strong><\/a>&nbsp;\u2013 Zast\u0119pca Sekretarza Skarbu<\/p>\n\n\n\n<p><a href=\"https:\/\/www.wilsoncenter.org\/myer-feldman\"><strong>Myer (Mike) Feldman<\/strong><\/a>&nbsp;\u2013 Komisja Papier\u00f3w Warto\u015bciowych i Gie\u0142d<\/p>\n\n\n\n<p><a href=\"https:\/\/en.wikipedia.org\/wiki\/Jerome_Frank\"><strong>Jerome Frank<\/strong><\/a>&nbsp;\u2013 Przewodnicz\u0105cy Komisji Papier\u00f3w Warto\u015bciowych i Gie\u0142d<\/p>\n\n\n\n<p><a href=\"https:\/\/en.wikipedia.org\/wiki\/Category:Jewish_American_members_of_the_Cabinet_of_the_United_States\"><strong>Michael Froman<\/strong><\/a>&nbsp;\u2013 Szef Sztabu Departamentu Skarbu<\/p>\n\n\n\n<p><a href=\"https:\/\/en.wikipedia.org\/wiki\/Gary_Gensler\"><strong>Gary Gensler<\/strong><\/a>&nbsp;\u2013 Przewodnicz\u0105cy Komisji Papier\u00f3w Warto\u015bciowych i Gie\u0142d<\/p>\n\n\n\n<p><a href=\"https:\/\/en.wikipedia.org\/wiki\/Gary_Gensler\"><strong>Gary Gensler<\/strong><\/a>&nbsp;\u2013 przewodnicz\u0105cy Commodity Futures Trading Commission<\/p>\n\n\n\n<p><a href=\"https:\/\/jhsnj-archives.org\/?a=d&amp;d=A19850926-NewJerseyJewishNews-19850926-01.1.3&amp;e=-------en-20--1--txt-txIN%7ctxTA%7ctxCO%7ctxTY%7ctxTI%7ctxRG%7ctxSG%7ctxSE%7ctxSB%7ctxCT%7ctxIE%7ctxIT%7ctxTE%7ctxLA%7ctxSU%7ctxSP%7ctxDS%7ctxAD%7ctxPR%7ctxTR%7ctxFI-----------\"><strong>Fred Goldberg<\/strong><\/a>&nbsp;\u2013 zast\u0119pca sekretarza Departamentu Skarbu<\/p>\n\n\n\n<p><a href=\"https:\/\/jhsnj-archives.org\/?a=d&amp;d=A19850926-NewJerseyJewishNews-19850926-01.1.3&amp;e=-------en-20--1--txt-txIN%7ctxTA%7ctxCO%7ctxTY%7ctxTI%7ctxRG%7ctxSG%7ctxSE%7ctxSB%7ctxCT%7ctxIE%7ctxIT%7ctxTE%7ctxLA%7ctxSU%7ctxSP%7ctxDS%7ctxAD%7ctxPR%7ctxTR%7ctxFI-----------\"><strong>Fred Goldberg<\/strong><\/a>&nbsp;\u2013 G\u0142\u00f3wny Radca Prawny Urz\u0119du Skarbowego<\/p>\n\n\n\n<p><a href=\"https:\/\/jhsnj-archives.org\/?a=d&amp;d=A19850926-NewJerseyJewishNews-19850926-01.1.3&amp;e=-------en-20--1--txt-txIN%7ctxTA%7ctxCO%7ctxTY%7ctxTI%7ctxRG%7ctxSG%7ctxSE%7ctxSB%7ctxCT%7ctxIE%7ctxIT%7ctxTE%7ctxLA%7ctxSU%7ctxSP%7ctxDS%7ctxAD%7ctxPR%7ctxTR%7ctxFI-----------\"><strong>Fred Goldberg<\/strong><\/a>&nbsp;&#8211; Komisarz Skarbowy<\/p>\n\n\n\n<p><a href=\"https:\/\/en.wikipedia.org\/wiki\/Roberta_Karmel\"><strong>Roberta Karmel<\/strong><\/a>&nbsp;\u2013 Komisarz Komisji Papier\u00f3w Warto\u015bciowych i Gie\u0142d<\/p>\n\n\n\n<p><a href=\"https:\/\/en.wikipedia.org\/wiki\/Alan_Krueger\"><strong>Alan Krueger<\/strong><\/a>&nbsp;\u2013 Asystent Sekretarza Skarbu<\/p>\n\n\n\n<p><a href=\"https:\/\/en.wikipedia.org\/wiki\/Stuart_A._Levey\"><strong>Stuart A. Levey<\/strong><\/a>&nbsp;\u2013 Sekretarz Skarbu<\/p>\n\n\n\n<p><a href=\"https:\/\/en.wikipedia.org\/wiki\/Marne_Levine\"><strong>Marne Levine<\/strong><\/a>&nbsp;\u2013 Departament Skarbu USA<\/p>\n\n\n\n<p><a href=\"https:\/\/en.wikipedia.org\/wiki\/Arthur_Levitt\"><strong>Arthur Levitt<\/strong><\/a>&nbsp;\u2013 Przewodnicz\u0105cy Komisji Papier\u00f3w Warto\u015bciowych i Gie\u0142d<\/p>\n\n\n\n<p><a href=\"https:\/\/www.jewishvirtuallibrary.org\/jews-in-the-barack-obama-administration\"><strong>Jack Lew<\/strong><\/a>&nbsp;\u2013 Sekretarz Skarbu<\/p>\n\n\n\n<p><a href=\"https:\/\/en.wikipedia.org\/wiki\/Sigal_Mandelker\"><strong>Sigal Mandelker<\/strong><\/a>&nbsp;\u2013 Zast\u0119pca Sekretarza Skarbu<\/p>\n\n\n\n<p><a href=\"https:\/\/en.wikipedia.org\/wiki\/Sigal_Mandelker\"><strong>Sigal Mandelker<\/strong><\/a>&nbsp;\u2013 Podsekretarz Skarbu ds. Terroryzmu i Wywiadu Finansowego<\/p>\n\n\n\n<p><a href=\"https:\/\/www.jta.org\/archive\/henry-morgenthau-jr-ex-secretary-of-treasury-dead-at-age-of-75\"><strong>Henry Morgenthau Jr.<\/strong><\/a>&nbsp;\u2013 Sekretarz Skarbu<\/p>\n\n\n\n<p><a href=\"https:\/\/www.jpost.com\/opinion\/joe-bidens-a-team-of-jewish-advisers-cabinet-members-and-staff-658350\"><strong>Steven Mnuchin<\/strong><\/a>&nbsp;\u2013 Sekretarz Skarbu<\/p>\n\n\n\n<p><a href=\"https:\/\/www.jpost.com\/50-most-influential-jews\/morgan-ortagus-642392\"><strong>Morgan Ortagus<\/strong><\/a>&nbsp;\u2013 analityk ds. wywiadu Skarbu USA<\/p>\n\n\n\n<p><a href=\"https:\/\/www.jpost.com\/50-most-influential-jews\/morgan-ortagus-642392\"><strong>Morgan Ortagus<\/strong><\/a>&nbsp;\u2013 zast\u0119pca attach\u00e9 skarbowego<\/p>\n\n\n\n<p><a href=\"https:\/\/en.wikipedia.org\/wiki\/Sarah_Bloom_Raskin\"><strong>Sarah Bloom Raskin<\/strong><\/a>&nbsp;\u2013 Zast\u0119pca Sekretarza Skarbu<\/p>\n\n\n\n<p><a href=\"https:\/\/www.jewage.org\/wiki\/en\/Article:Steven_Rattner_-_Biography\"><strong>Steven Rattner<\/strong><\/a>&nbsp;\u2013 Doradca Sekretarza Skarbu<\/p>\n\n\n\n<p><a href=\"https:\/\/www.jta.org\/archive\/clinton-taps-rubin-for-treasury-posting-adds-second-jew-to-cabinet\"><strong>Robert Rubin<\/strong><\/a>&nbsp;\u2013 Sekretarz Skarbu<\/p>\n\n\n\n<p><a href=\"https:\/\/www.jewishvirtuallibrary.org\/jews-in-the-barack-obama-administration\"><strong>Mary Schapiro<\/strong><\/a>&nbsp;\u2013 Przewodnicz\u0105ca Komisji Papier\u00f3w Warto\u015bciowych i Gie\u0142d<\/p>\n\n\n\n<p><a href=\"https:\/\/en.wikipedia.org\/wiki\/L._William_Seidman\"><strong>William Seidman<\/strong><\/a>&nbsp;\u2013 Przewodnicz\u0105cy Federalnej Korporacji Ubezpiecze\u0144 Depozyt\u00f3w<\/p>\n\n\n\n<p><a href=\"https:\/\/www.jewishvirtuallibrary.org\/jews-in-the-barack-obama-administration\"><strong>Lawrence Summers<\/strong><\/a>&nbsp;\u2013 zast\u0119pca sekretarza skarbu<\/p>\n\n\n\n<p><a href=\"https:\/\/en.wikipedia.org\/wiki\/Lawrence_Summers\"><strong>Lawrence Summers<\/strong><\/a>&nbsp;\u2013 podsekretarz skarbu ds. mi\u0119dzynarodowych<\/p>\n\n\n\n<p><a href=\"https:\/\/www.jewishvirtuallibrary.org\/jews-in-the-barack-obama-administration\"><strong>Lawrence Summers<\/strong><\/a>&nbsp;\u2013 sekretarz skarbu<\/p>\n\n\n\n<p><a href=\"https:\/\/en.wikipedia.org\/wiki\/Adam_Szubin\"><strong>Adam Szubin<\/strong><\/a>&nbsp;\u2013 p.o. sekretarza skarbu<\/p>\n\n\n\n<p><a href=\"https:\/\/en.wikipedia.org\/wiki\/Adam_Szubin\"><strong>Adam Szubin<\/strong><\/a>&nbsp;\u2013 Podsekretarz Skarbu Pa\u0144stwa ds. Terroryzmu i Wywiadu Finansowego<\/p>\n\n\n\n<p><a href=\"https:\/\/en.wikipedia.org\/wiki\/Adam_Szubin\"><strong>Adam Szubin<\/strong><\/a>&nbsp;\u2013 Dyrektor Skarbowy Biuro Kontroli Aktyw\u00f3w Zagranicznych<\/p>\n\n\n\n<p><a href=\"https:\/\/en.wikipedia.org\/wiki\/Mark_Weinberger\"><strong>Mark Weinberger<\/strong><\/a>&nbsp;\u2013 Asystent Sekretarza Skarbu<\/p>\n\n\n\n<p><a href=\"https:\/\/www.jpost.com\/50-most-influential-jews\/morgan-ortagus-642392\"><strong>Ross Weinberger<\/strong><\/a>&nbsp;\u2013 Sekretarz Wykonawczy Departamentu Skarbu<\/p>\n\n\n\n<p><a href=\"https:\/\/en.wikipedia.org\/wiki\/Neal_S._Wolin\"><strong>Neal S. Wolin<\/strong><\/a>&nbsp;\u2013 Zast\u0119pca Sekretarza Departamentu Skarbu<\/p>\n\n\n\n<p><a href=\"https:\/\/en.wikipedia.org\/wiki\/Neal_S._Wolin\"><strong>Neal S. Wolin<\/strong><\/a>&nbsp;\u2013 p.o. sekretarza skarbu<\/p>\n\n\n\n<p><a href=\"https:\/\/en.wikipedia.org\/wiki\/Neal_S._Wolin\"><strong>Neal S. Wolin<\/strong><\/a>&nbsp;\u2013 Zast\u0119pca Prokuratora Generalnego Departament Skarbu<\/p>\n\n\n\n<p><a href=\"https:\/\/en.wikipedia.org\/wiki\/Janet_Yellen\"><strong>Janet Yellen<\/strong><\/a>&nbsp;\u2013 Sekretarz Skarbu<\/p>\n\n\n\n<p><strong>Cz\u0119\u015b\u0107 5 \u2013 Kontrola handlu i handlu:<\/strong><\/p>\n\n\n\n<p>Nast\u0119pnie mamy grup\u0119, kt\u00f3ra martwi si\u0119 handlem, projektowaniem i wdra\u017caniem (oburzaj\u0105cego i nielegalnego) TPP, planowaniem protekcjonistycznego ustawodawstwa, kastracj\u0105 si\u0142y roboczej w USA, projektowaniem b\u0142\u0119dnej i agresywnej postawy w\u0142asno\u015bci intelektualnej w celu dalszego wzmocnienia korporacyjnej dominacji ich przyjaci\u00f3\u0142, planowaniem i przepychaj\u0105c si\u0119 przez neoliberalne kapitalistyczne parodie offshoringu, prywatyzacji, deregulacji i nie tylko.<\/p>\n\n\n\n<p><a href=\"https:\/\/en.wikipedia.org\/wiki\/Category:Jewish_American_members_of_the_Cabinet_of_the_United_States\"><strong>Charlene Barshefsky<\/strong><\/a>&nbsp;\u2013 przedstawiciel handlowy USA<\/p>\n\n\n\n<p><a href=\"https:\/\/en.wikipedia.org\/wiki\/Category:Jewish_American_members_of_the_Cabinet_of_the_United_States\"><strong>Michael Blumenthal<\/strong><\/a>&nbsp;\u2013 ambasador handlowy USA<\/p>\n\n\n\n<p><a href=\"https:\/\/historynewsnetwork.org\/article\/17555\"><strong>Samuel Wright Bodman<\/strong><\/a>&nbsp;\u2013 Zast\u0119pca Sekretarza Handlu<\/p>\n\n\n\n<p><a href=\"https:\/\/en.wikipedia.org\/wiki\/Joshua_Bolten\"><strong>Joshua Bolten<\/strong><\/a>&nbsp;\u2013 Doradca Biura Przedstawiciela ds. Handlu USA<\/p>\n\n\n\n<p><a href=\"https:\/\/www.washingtonpost.com\/archive\/lifestyle\/magazine\/1990\/07\/29\/the-long-and-the-short-of-richard-g-darman\/1850c303-c86c-4ca9-a047-32da064a6436\/\"><strong>Richard Darman<\/strong><\/a>&nbsp;\u2013 Asystent Sekretarza Handlu<\/p>\n\n\n\n<p><a href=\"https:\/\/www.lbi.org\/news\/stuart-eizenstat-jewish-continuity-21st-century\/\"><strong>Stuart Eizenstat<\/strong><\/a>&nbsp;\u2013 podsekretarz handlu<\/p>\n\n\n\n<p><a href=\"https:\/\/en.wikipedia.org\/wiki\/Category:Jewish_American_members_of_the_Cabinet_of_the_United_States\"><strong>Michael Froman<\/strong><\/a>&nbsp;\u2013 przedstawiciel handlowy USA<\/p>\n\n\n\n<p><a href=\"https:\/\/en.wikipedia.org\/wiki\/Jeffrey_Garten\"><strong>Jeffrey Garten<\/strong><\/a>&nbsp;\u2013 podsekretarz handlu<\/p>\n\n\n\n<p><a href=\"https:\/\/www.jewishvirtuallibrary.org\/kantor-michael\"><strong>Mickey Kantor<\/strong><\/a>&nbsp;\u2013 przedstawiciel handlowy WTO<\/p>\n\n\n\n<p><a href=\"https:\/\/www.jewishvirtuallibrary.org\/kantor-michael\"><strong>Mickey Kantor<\/strong><\/a>&nbsp;\u2013 Sekretarz Handlu<\/p>\n\n\n\n<p><a href=\"https:\/\/en.wikipedia.org\/wiki\/Philip_Klutznick\"><strong>Philip Klutznick<\/strong><\/a>&nbsp;\u2013 Sekretarz Handlu<\/p>\n\n\n\n<p><a href=\"https:\/\/www.jewishvirtuallibrary.org\/jews-in-the-biden-administration\"><strong>Jed Kolko<\/strong><\/a>&nbsp;\u2013 Podsekretarz Handlu ds. Gospodarczych<\/p>\n\n\n\n<p><a href=\"https:\/\/www.jewishvirtuallibrary.org\/jews-in-the-george-w-bush-administration\"><strong>Frank Lavin<\/strong><\/a>&nbsp;\u2013 Podsekretarz Handlu ds. Handlu Mi\u0119dzynarodowego<\/p>\n\n\n\n<p><a href=\"https:\/\/en.wikipedia.org\/w\/index.php?title=Category:Jewish_American_attorneys\"><strong>Jon Leibowitz<\/strong><\/a>&nbsp;\u2013 Przewodnicz\u0105cy Federalnej Komisji Handlu<\/p>\n\n\n\n<p><a href=\"https:\/\/en.wikipedia.org\/w\/index.php?title=Category:American_people_of_German-Jewish_descent\"><strong>Emil Mosbacher<\/strong><\/a>&nbsp;\u2013 Sekretarz Handlu<\/p>\n\n\n\n<p><a href=\"https:\/\/en.wikipedia.org\/wiki\/Robert_Mosbacher\"><strong>Robert Mosbacher Sr.<\/strong><\/a>&nbsp;\u2013 Sekretarz Handlu<\/p>\n\n\n\n<p><a href=\"https:\/\/en.wikipedia.org\/w\/index.php?title=Category:American_people_of_German-Jewish_descent\"><strong>Robert Adam Mosbacher Jr.<\/strong><\/a>&nbsp;\u2013 CEO Overseas Private Investment Corporation<\/p>\n\n\n\n<p><a href=\"https:\/\/www.jta.org\/2020\/04\/24\/politics\/these-are-bidens-jews\"><strong>Penny Pritzker<\/strong><\/a>&nbsp;\u2013 sekretarz handlu<\/p>\n\n\n\n<p><a href=\"https:\/\/en.wikipedia.org\/wiki\/Robert_Reich\"><strong>Robert Reich<\/strong><\/a>&nbsp;\u2013 Dyrektor Planowania Polityki Federalnej Komisji Handlu<\/p>\n\n\n\n<p><a href=\"https:\/\/en.wikipedia.org\/wiki\/David_Rothkopf\"><strong>David Rothkopf<\/strong><\/a>&nbsp;\u2013 Zast\u0119pca Podsekretarza Handlu<\/p>\n\n\n\n<p><a href=\"https:\/\/www.tampabay.com\/florida-politics\/buzz\/2020\/09\/15\/st-petersburg-developer-and-israel-supporter-mel-sembler-attends-abraham-accords-signing\/\"><strong>Mel Sembler<\/strong><\/a>&nbsp;\u2013 Prezes US Export-Import Bank<\/p>\n\n\n\n<p><a href=\"https:\/\/en.wikipedia.org\/wiki\/Lewis_Strauss\"><strong>Lewis Strauss<\/strong><\/a>&nbsp;\u2013 Sekretarz Handlu<\/p>\n\n\n\n<p><a href=\"https:\/\/en.wikipedia.org\/wiki\/Robert_S._Strauss\"><strong>Robert Strauss<\/strong><\/a>&nbsp;\u2013 przedstawiciel handlowy USA<\/p>\n\n\n\n<p><a href=\"https:\/\/en.wikipedia.org\/wiki\/Caspar_Weinberger\"><strong>Caspar Weinberger<\/strong><\/a>&nbsp;\u2013 Przewodnicz\u0105cy Federalnej Komisji Handlu<\/p>\n\n\n\n<p><a href=\"https:\/\/www.jpost.com\/50-most-influential-jews\/morgan-ortagus-642392\"><strong>Ross Weinberger<\/strong><\/a>&nbsp;\u2013 sekretarz wykonawczy ds. handlu<\/p>\n\n\n\n<p><strong>Cz\u0119\u015b\u0107 6 \u2013 Kontrola zdrowia, edukacji i opieki spo\u0142ecznej<\/strong><\/p>\n\n\n\n<p><strong>CDC, NIH, HHS<\/strong><\/p>\n\n\n\n<p>Ta kategoria pomaga zapewni\u0107, \u017ce Stany Zjednoczone nigdy nie b\u0119d\u0105 mia\u0142y uniwersalnego systemu opieki zdrowotnej, jak wszystkie inne cywilizowane narody, a tak\u017ce zapewni, \u017ce prywatne plac\u00f3wki opieki zdrowotnej (w bardzo du\u017cej cz\u0119\u015bci b\u0119d\u0105ce w\u0142asno\u015bci\u0105 \u017byd\u00f3w) b\u0119d\u0105 mog\u0142y nadal ograbia\u0107 spo\u0142ecze\u0144stwo, podczas gdy wybrane obywatele bez karty VISA gin\u0105 na parkingu.&nbsp;To w\u0142a\u015bnie ta grupa przeforsowa\u0142a ustaw\u0119 zabraniaj\u0105c\u0105 rz\u0105dowi USA negocjowania rabat\u00f3w ilo\u015bciowych za wielomiliardowe roczne wydatki na leki.&nbsp;W tej sekcji gospodarki, jak w \u017cadnej innej, najwa\u017cniejsza jest \u201eprywatyzacja\u201d.<\/p>\n\n\n\n<p><a href=\"https:\/\/en.wikipedia.org\/wiki\/Nancy_Brinker\"><strong>Nancy Brinker<\/strong><\/a>&nbsp;\u2013 Krajowa Rada Doradcza ds. Raka<\/p>\n\n\n\n<p><a href=\"https:\/\/en.wikipedia.org\/wiki\/Category:Jewish_American_government_officials\"><strong>Mandy Cohen<\/strong><\/a>&nbsp;\u2013 szef sztabu w Centrach Medicare<\/p>\n\n\n\n<p><a href=\"https:\/\/en.wikipedia.org\/wiki\/Category:Jewish_American_government_officials\"><strong>Mandy Cohen<\/strong><\/a>&nbsp;&#8211; Zast\u0119pca Dyrektora ds. Weteran\u00f3w S\u0142u\u017cby Zdrowia Kobiet<\/p>\n\n\n\n<p><a href=\"https:\/\/en.wikipedia.org\/wiki\/Category:Jewish_American_members_of_the_Cabinet_of_the_United_States\"><strong>Wilbur J. Cohen<\/strong><\/a>&nbsp;\u2013 Podsekretarz ds. Zdrowia, Edukacji i Opieki Spo\u0142ecznej<\/p>\n\n\n\n<p><a href=\"https:\/\/www.encyclopedia.com\/religion\/encyclopedias-almanacs-transcripts-and-maps\/cohen-wilbur-joseph\"><strong>Wilbur J. Cohen<\/strong><\/a>&nbsp;\u2013 Sekretarz Wykonawczy Rady Ubezpiecze\u0144 Spo\u0142ecznych<\/p>\n\n\n\n<p><a href=\"https:\/\/humanrights.iowa.gov\/icsw\/lynn-germain-cutler\"><strong>Lynn Cutler<\/strong><\/a>&nbsp;\u2013 Dyrektor Krajowej Rady Polityki Zdrowotnej<\/p>\n\n\n\n<p><a href=\"https:\/\/en.wikipedia.org\/wiki\/Peter_Edelman\"><strong>Peter Edelman<\/strong><\/a>&nbsp;\u2013 Asystent Sekretarza ds. Zdrowia i Opieki Spo\u0142ecznej<\/p>\n\n\n\n<p><a href=\"https:\/\/en.wikipedia.org\/wiki\/Scott_Gottlieb\"><strong>Scott Gottlieb<\/strong><\/a>&nbsp;\u2013 Komisarz FDA<\/p>\n\n\n\n<p><a href=\"https:\/\/en.wikipedia.org\/wiki\/Ruth_L._Kirschstein\"><strong>Ruth L. Kirschstein<\/strong><\/a>&nbsp;\u2013 Administrator Narodowych Instytut\u00f3w Zdrowia (NIH)<\/p>\n\n\n\n<p><a href=\"https:\/\/www.clevelandjewishnews.com\/archives\/judith-feder\/article_25da07b0-72eb-5b57-97bb-fcb9654f6063.html\"><strong>Judith Feder<\/strong><\/a>&nbsp;\u2013 Dyrektor Ponadpartyjnej Komisji ds. Kompleksowej Opieki Zdrowotnej<\/p>\n\n\n\n<p><a href=\"https:\/\/www.clevelandjewishnews.com\/archives\/judith-feder\/article_25da07b0-72eb-5b57-97bb-fcb9654f6063.html\"><strong>Judith Feder<\/strong><\/a>&nbsp;&#8211; g\u0142\u00f3wny zast\u0119pca asystenta sekretarza Departamentu Zdrowia<\/p>\n\n\n\n<p><a href=\"https:\/\/www.jewishvirtuallibrary.org\/jews-in-the-biden-administration\"><strong>Genine Macks Fidler<\/strong><\/a>&nbsp;\u2013 Krajowa Rada Nauk Humanistycznych<\/p>\n\n\n\n<p><a href=\"https:\/\/jewishjournal.com\/news\/united-states\/134177\/\"><strong>Thomas R. Frieden<\/strong><\/a>&nbsp;\u2013 dyrektor CDC<\/p>\n\n\n\n<p><a href=\"https:\/\/www.jewishvirtuallibrary.org\/jews-in-the-george-w-bush-administration\"><strong>Chris Gersten<\/strong><\/a>&nbsp;\u2013 g\u0142\u00f3wny zast\u0119pca asystenta sekretarza HHS<\/p>\n\n\n\n<p><a href=\"https:\/\/en.wikipedia.org\/wiki\/Judith_Heumann\"><strong>Judith E. Heumann<\/strong><\/a>&nbsp;\u2013 Specjalny Doradca ds. Mi\u0119dzynarodowych Praw Os\u00f3b Niepe\u0142nosprawnych<\/p>\n\n\n\n<p><a href=\"https:\/\/en.wikipedia.org\/wiki\/Judith_Heumann\"><strong>Judith E. Heumann<\/strong><\/a>&nbsp;\u2013 Zast\u0119pca Sekretarza ds. Edukacji<\/p>\n\n\n\n<p><a href=\"https:\/\/www.jewishtampa.com\/jews-in-the-news\/jews-in-the-news-romain-gary-david-kessler-and-ron-klain\"><strong>David A. Kessler<\/strong><\/a>&nbsp;\u2013 komisarz FDA<\/p>\n\n\n\n<p><a href=\"https:\/\/www.jewishcontributions.com\/cards\/250-jeffrey-koplan\/\"><strong>Jeffrey Koplan<\/strong><\/a>&nbsp;\u2013 dyrektor CDC<\/p>\n\n\n\n<p><a href=\"https:\/\/en.wikipedia.org\/wiki\/Madeleine_Kunin\"><strong>Madeleine Kunin<\/strong><\/a>&nbsp;\u2013 Zast\u0119pca Sekretarza ds. Edukacji<\/p>\n\n\n\n<p><a href=\"https:\/\/en.wikipedia.org\/w\/index.php?title=Category:21st-century_American_Jews\"><strong>Michael Lauer<\/strong><\/a>&nbsp;\u2013 Zast\u0119pca Dyrektora ds. Bada\u0144 NIH<\/p>\n\n\n\n<p><a href=\"https:\/\/en.wikipedia.org\/wiki\/Mark_Levin\"><strong>Mark Levin<\/strong><\/a>&nbsp;\u2013 zast\u0119pca asystenta sekretarza Departamentu Edukacji<\/p>\n\n\n\n<p><a href=\"https:\/\/www.jewishvirtuallibrary.org\/jews-in-the-biden-administration\"><strong>Rachel Levine<\/strong><\/a>&nbsp;\u2013 zast\u0119pca sekretarza ds. zdrowia<\/p>\n\n\n\n<p><a href=\"https:\/\/en.wikipedia.org\/wiki\/Category:Jewish_American_government_officials\"><strong>Catherine E. Lhamon<\/strong><\/a>&nbsp;\u2013 Asystent Sekretarza ds. Edukacji<\/p>\n\n\n\n<p><a href=\"https:\/\/en.wikipedia.org\/w\/index.php?title=Category:21st-century_American_Jews\"><strong>Nancy Messonnier<\/strong><\/a>&nbsp;\u2013 Dyrektor CDC ds. Chor\u00f3b Uk\u0142adu Oddechowego<\/p>\n\n\n\n<p><a href=\"https:\/\/en.wikipedia.org\/wiki\/Abraham_Ribicoff\"><strong>Abraham Ribicoff<\/strong><\/a>&nbsp;&#8211; Sekretarz Zdrowia, Edukacji i Opieki Spo\u0142ecznej<\/p>\n\n\n\n<p><a href=\"https:\/\/en.wikipedia.org\/wiki\/Andrew_Saul\"><strong>Andrew Saul<\/strong><\/a>&nbsp;\u2013 Komisarz Administracji Ubezpiecze\u0144 Spo\u0142ecznych<\/p>\n\n\n\n<p><a href=\"https:\/\/en.wikipedia.org\/wiki\/Andrew_Saul\"><strong>Andrew Saul<\/strong><\/a>&nbsp;\u2013 przewodnicz\u0105cy Federalnej Rady ds. Inwestycji Funduszy Emerytalnych<\/p>\n\n\n\n<p><a href=\"https:\/\/en.wikipedia.org\/wiki\/Jesse_Leonard_Steinfeld\"><strong>Jesse Leonard Steinfeld<\/strong><\/a>&nbsp;\u2013 naczelny chirurg USA<\/p>\n\n\n\n<p><a href=\"https:\/\/www.jewishvirtuallibrary.org\/jews-in-the-george-w-bush-administration\"><strong>Tevi Troy<\/strong><\/a>&nbsp;\u2013 zast\u0119pca sekretarza HHS<\/p>\n\n\n\n<p><a href=\"https:\/\/www.jewishvirtuallibrary.org\/jews-in-the-biden-administration\"><strong>Rochelle Walensky<\/strong><\/a>&nbsp;\u2013 dyrektor CDC<\/p>\n\n\n\n<p><a href=\"https:\/\/en.wikipedia.org\/wiki\/Caspar_Weinberger\"><strong>Caspar Weinberger<\/strong><\/a>&nbsp;&#8211; Sekretarz Zdrowia, Edukacji i Opieki Spo\u0142ecznej<\/p>\n\n\n\n<p><strong>Kontrola COVID i szczepionek<\/strong><\/p>\n\n\n\n<p>Nie jestem bynajmniej pierwsz\u0105 ani jedyn\u0105 osob\u0105, kt\u00f3ra zauwa\u017cy\u0142a, \u017ce \u200b\u200bCOVID-19 by\u0142 mocno kontrolowany przez zdominowan\u0105 przez \u017byd\u00f3w ameryka\u0144sk\u0105 s\u0142u\u017cb\u0119 zdrowia, kt\u00f3ra to kategoria obejmuje producent\u00f3w szczepionek.<\/p>\n\n\n\n<p>COVID-19, oparty wy\u0142\u0105cznie na poszlakach, musia\u0142 by\u0107 programem \u017cydowskim.&nbsp;Najbardziej obci\u0105\u017caj\u0105cym dowodem jest ten, kt\u00f3ry jest najbardziej oczywisty \u2013 \u015brodki masowego przekazu, kt\u00f3re na ca\u0142ym \u015bwiecie s\u0105 prawie ca\u0142kowicie kontrolowane przez \u017byd\u00f3w.&nbsp;Ca\u0142e zachodnie media, a tak\u017ce wi\u0119kszo\u015b\u0107 reszty \u015bwiata, by\u0142y po stronie, forsuj\u0105c dok\u0142adnie ten sam program, z tymi samymi codziennymi powodziami wiadomo\u015bci o zag\u0142adzie, wspania\u0142ymi k\u0142amstwami, opowie\u015bciami o \u015bmierci i depresji wsz\u0119dzie, z psychologiczn\u0105 manipulacj\u0105 dla kt\u00f3rym ci ludzie s\u0105 s\u0142awni, oraz intensywny nacisk na manipulowanie wszystkimi, aby zaakceptowali genetyczne zastrzyki kolc\u00f3w przebrane za szczepionki.<\/p>\n\n\n\n<p>Nie ma nigdzie gojowskiej organizacji, kt\u00f3ra by\u0142aby w stanie zgromadzi\u0107 i pobudzi\u0107 \u017cydowskie media jako grup\u0119 do zrobienia czegokolwiek, a ju\u017c na pewno nic na tak\u0105 skal\u0119.&nbsp;Sama logika m\u00f3wi nam, \u017ce to musia\u0142 by\u0107 program \u017cydowski.&nbsp;Nie ma innej mo\u017cliwo\u015bci, kt\u00f3ra pasowa\u0142aby do wszystkich fakt\u00f3w.&nbsp;Jak zauwa\u017cyli inni, \u201enormalna\u201d epidemia nie wymaga, aby wszystkie media zalewa\u0142y ka\u017cdy nar\u00f3d doniesieniami o dniu zag\u0142ady 24 godziny na dob\u0119, 7 dni w tygodniu, zw\u0142aszcza nie od \u0142agodnego patogenu.&nbsp;Ale kampania propagandowa tego wymaga, zw\u0142aszcza je\u015bli podstawowym celem s\u0105 szczepienia.<\/p>\n\n\n\n<p>Ponadto wszystkie g\u0142\u00f3wne firmy farmaceutyczne s\u0105 \u017bydami, a na pewno tw\u00f3rcy szczepionek.&nbsp;Rothschild jest w\u0142a\u015bcicielem ogromnego konglomeratu Sanofi, najwi\u0119kszego na \u015bwiecie producenta szczepionek, a zar\u00f3wno Pfizer, jak i Moderna s\u0105 firmami \u017cydowskimi.&nbsp;R\u00f3wnie\u017c najwi\u0119kszymi widocznymi akcjonariuszami akcji Pfizer, Moderna i Gilead s\u0105 firmy \u017cydowskie Blackrock, Blackstone i Vanguard.&nbsp;U\u017cywam s\u0142owa \u201epozorne\u201d, poniewa\u017c cz\u0119sto akcje s\u0105 utrzymywane w zaufaniu dla rzeczywistych w\u0142a\u015bcicieli rzeczywistych, aby chroni\u0107 je przed kontrol\u0105 publiczn\u0105.<\/p>\n\n\n\n<p><a href=\"https:\/\/www.jewishcontributions.com\/infotables\/covid\/\"><strong>Sherrie Berger<\/strong><\/a>&nbsp;\u2013 szef sztabu CDC<\/p>\n\n\n\n<p><a href=\"https:\/\/www.jewishvirtuallibrary.org\/jews-in-the-biden-administration\"><strong>David A. Kessler<\/strong><\/a>&nbsp;\u2013 wsp\u00f3\u0142przewodnicz\u0105cy rady doradczej ds. COVID-19<\/p>\n\n\n\n<p><a href=\"https:\/\/www.jewishvirtuallibrary.org\/jews-in-the-biden-administration\"><strong>Rachel Levine<\/strong><\/a>&nbsp;\u2013 Asystent HHS.&nbsp;Sekretarz<\/p>\n\n\n\n<p><a href=\"https:\/\/en.wikipedia.org\/w\/index.php?title=Category:21st-century_American_Jews\"><strong>Nancy Messonnier<\/strong><\/a>&nbsp;\u2013 lider odpowiedzi na COVID-19<\/p>\n\n\n\n<p><a href=\"https:\/\/en.wikipedia.org\/wiki\/Anne_Schuchat\"><strong>Anne Schuchat<\/strong><\/a>&nbsp;\u2013 g\u0142\u00f3wny zast\u0119pca dyrektora CDC<\/p>\n\n\n\n<p><a href=\"https:\/\/www.jewishvirtuallibrary.org\/jews-in-the-biden-administration\"><strong>Rochelle Walensky<\/strong><\/a>&nbsp;\u2013 dyrektor CDC<\/p>\n\n\n\n<p><a href=\"https:\/\/www.jewishvirtuallibrary.org\/jews-in-the-biden-administration\"><strong>Jeffrey Zients<\/strong><\/a>&nbsp;\u2013 CDC Czar, koordynator odpowiedzi na COVID-19<\/p>\n\n\n\n<p><a href=\"https:\/\/www.jpost.com\/50-most-influential-jews\/albert-bourla-678109\"><strong>Albert Bourla<\/strong><\/a>&nbsp;\u2013 dyrektor generalny firmy Pfizer<\/p>\n\n\n\n<p><a href=\"https:\/\/www.jewishcontributions.com\/infotables\/covid\/\"><strong>Michael Dolsten<\/strong><\/a>&nbsp;\u2013 g\u0142\u00f3wny naukowiec firmy Pfizer<\/p>\n\n\n\n<p><a href=\"https:\/\/en.wikipedia.org\/wiki\/Larry_Fink\"><strong>Larry Fink<\/strong><\/a>&nbsp;\u2013 dyrektor generalny BlackRock<\/p>\n\n\n\n<p><a href=\"https:\/\/en.wikipedia.org\/wiki\/Jonathan_D._Gray\"><strong>Jonathan D. Gray<\/strong><\/a>&nbsp;&#8211; Blackstone<\/p>\n\n\n\n<p><a href=\"https:\/\/en.wikipedia.org\/wiki\/Robert_S._Kapito\"><strong>Robert S. Kapito<\/strong><\/a>&nbsp;\u2013 Czarna ska\u0142a<\/p>\n\n\n\n<p><a href=\"https:\/\/www.jpost.com\/50-most-influential-jews\/yifat-oron-678150\"><strong>Yifat Oron<\/strong><\/a>&nbsp;\u2013 starszy dyrektor zarz\u0105dzaj\u0105cy Blackstone<\/p>\n\n\n\n<p><a href=\"https:\/\/www.jpost.com\/50-most-influential-jews\/article-717735\"><strong>Stephen Schwarzman<\/strong><\/a>&nbsp;\u2013 dyrektor generalny Blackstone<\/p>\n\n\n\n<p><a href=\"https:\/\/www.jpost.com\/health-science\/who-are-the-jews-behind-the-coronavirus-vaccines-649405\"><strong>Tal Zaks<\/strong><\/a>&nbsp;\u2013 g\u0142\u00f3wny naukowiec i oficer medyczny firmy Moderna<\/p>\n\n\n\n<p><strong>Cz\u0119\u015b\u0107 7 \u2013 Kontrola sprawiedliwo\u015bci i niesprawiedliwo\u015bci<\/strong><\/p>\n\n\n\n<p><strong>Departament Sprawiedliwo\u015bci USA<\/strong><\/p>\n\n\n\n<p>\u017bydzi zajmuj\u0105cy wysokie stanowiska w Departamencie Sprawiedliwo\u015bci Stan\u00f3w Zjednoczonych robi\u0105 normalne rzeczy, kt\u00f3rych mo\u017cna si\u0119 spodziewa\u0107, egzekwuj\u0105c prawo, wydaj\u0105 wyroki i tak dalej, ale robi\u0105 te\u017c rzeczy, kt\u00f3rych by si\u0119 nie spodziewa\u0142 \u2013 lub nawet sobie nie wyobra\u017ca\u0142.&nbsp;Jednym z takich dzia\u0142a\u0144, o kt\u00f3rych ju\u017c wspomniano, i prawie na pewno koordynowanym przez londy\u0144skie City, jest wsp\u00f3lne nawracanie nowych norm p\u0142ciowych i seksualnych oraz uzyskiwanie za nie sankcji s\u0105dowych.<\/p>\n\n\n\n<p>Ale jest wiele innych dzia\u0142a\u0144, wszystkie wykonywane potajemnie, kt\u00f3re w \u017caden spos\u00f3b nie s\u0105 polityk\u0105 rz\u0105du ameryka\u0144skiego, ale zamiast tego s\u0105 wspieraniem agendy \u017cydowskiej (chazarskiej mafii).&nbsp;Jednym z nich s\u0105 ci\u0105g\u0142e prze\u015bladowania Niemc\u00f3w.&nbsp;Przez ponad dekad\u0119 \u017byd&nbsp;<strong>Neal Sher kierowa\u0142 Biurem Dochodze\u0144 Specjalnych (OSI), kt\u00f3re by\u0142o \u201e&nbsp;<\/strong><strong>nazistowsk\u0105 jednostk\u0105 \u015bcigania<\/strong>&nbsp;\u201d Departamentu Sprawiedliwo\u015bci Stan\u00f3w Zjednoczonych&nbsp;, gdzie \u201enadzorowa\u0142 denaturalizacj\u0119 i deportacj\u0119 dziesi\u0105tek by\u0142ych nazistowskich zbrodniarzy wojennych\u201d.&nbsp;<a href=\"https:\/\/en.wikipedia.org\/wiki\/Neal_Sher\"><strong>[67]<\/strong><\/a>&nbsp;\u201eDenaturalizacja\u201d to pozbawienie danej osoby obywatelstwa, w efekcie pozostawiaj\u0105c j\u0105 bezpa\u0144stwowcem.&nbsp;To jest co\u015b, co ci \u017bydzi najwyra\u017aniej zamierzaj\u0105 kontynuowa\u0107 w niesko\u0144czono\u015b\u0107.<\/p>\n\n\n\n<p>To nie rz\u0105d ameryka\u0144ski ma \u201enazistowsk\u0105 jednostk\u0119 \u015bcigania\u201d;&nbsp;to \u017bydzi maj\u0105 \u201eniemieck\u0105 jednostk\u0119 prze\u015bladowcz\u0105\u201d.&nbsp;To oni b\u0119d\u0105 prze\u015bladowa\u0107 Niemc\u00f3w i Niemcy w niesko\u0144czono\u015b\u0107 i kazali stworzy\u0107 ten departament w 1979 r., aby \u201eidentyfikowa\u0107 i wydala\u0107 ze Stan\u00f3w Zjednoczonych tych, kt\u00f3rzy pomagali nazistom w prze\u015bladowaniu \u201eka\u017cdej osoby z powodu rasy, religii, pochodzenia narodowego lub politycznego\u201d. opinii (tj. \u017byd\u00f3w).\u201d&nbsp;<a href=\"https:\/\/en.wikipedia.org\/wiki\/Office_of_Special_Investigations_(United_States_Department_of_Justice)\"><strong>[68]<\/strong><\/a>&nbsp;Innymi s\u0142owy, wytropi\u0107, pozbawi\u0107 obywatelstwa i deportowa\u0107 ka\u017cdego Niemca, kt\u00f3ry w ci\u0105gu ostatnich 75 lat m\u00f3g\u0142 okaza\u0107 najmniejsz\u0105 mo\u017cliw\u0105 niech\u0119\u0107 do \u017byd\u00f3w.&nbsp;Tu nie chodzi o polowanie na \u201enazist\u00f3w\u201d czy \u201ezbrodniarzy wojennych\u201d;&nbsp;chodzi ca\u0142kowicie o odwet za to, co jest bardzo lu\u017ano okre\u015blane jako \u201eantysemityzm\u201d, poprzez niszczenie \u017cycia wszystkich podejrzanych i zastraszanie wszystkich innych w celu poddania si\u0119.<\/p>\n\n\n\n<p>Neal przygotowa\u0142 ponad 200-stronicowy \u201eraport\u201d na temat Sekretarza Generalnego ONZ Kurta Waldheima&nbsp;<a href=\"https:\/\/www.justice.gov\/sites\/default\/files\/criminal-hrsp\/legacy\/2011\/02\/04\/04-09-87waldheim-rpt.pdf\"><strong>[69]<\/strong><\/a>&nbsp;i umie\u015bci\u0142 go na \u201eli\u015bcie obserwacyjnej\u201d os\u00f3b, kt\u00f3re nie mog\u0105 ju\u017c wjecha\u0107 do USA za przest\u0119pstwo bycia Niemcem.&nbsp;Sher by\u0142 tak\u017ce szefem mi\u0119dzynarodowej komisji ds. restytucji Holokaustu, kt\u00f3ra stara\u0142a si\u0119 r\u00f3wnie\u017c kontynuowa\u0107 grabie\u017ce Niemc\u00f3w i Niemiec w niesko\u0144czono\u015b\u0107 za zbrodnie, kt\u00f3re mogli pope\u0142ni\u0107 ich przodkowie, lub nie, i prowadzi\u0142a te dzia\u0142ania za po\u015brednictwem Departamentu Sprawiedliwo\u015bci Stan\u00f3w Zjednoczonych.&nbsp;Sher zosta\u0142 ostatecznie zbanowany i pozbawiony prawa wykonywania zawodu za kradzie\u017c funduszy&nbsp;<a href=\"https:\/\/forward.com\/news\/8043\/restitution-leader-disbarred-by-court-after-invest\/\"><strong>[70]<\/strong><\/a>&nbsp;,&nbsp;ale to nie negowa\u0142o jego prze\u015bladowa\u0144 Niemc\u00f3w.<a href=\"https:\/\/forward.com\/news\/8043\/restitution-leader-disbarred-by-court-after-invest\/\"><strong><\/strong><\/a><\/p>\n\n\n\n<p>Eli Rosenbaum by\u0142 kolejnym \u017bydem zajmuj\u0105cym to samo stanowisko co Sher.&nbsp;<a href=\"https:\/\/en.wikipedia.org\/wiki\/Eli_Rosenbaum\"><strong>[71]<\/strong><\/a>&nbsp;Wed\u0142ug Wikipedii, Rosenbaum by\u0142 \u201elegendarnym \u0142owc\u0105 nazist\u00f3w\u201d, co raczej nie by\u0142o przedmiotem ameryka\u0144skiego zainteresowania 75 lat po wydarzeniach.&nbsp;Ale w rzeczywisto\u015bci utworzenie Biura Dochodze\u0144 Specjalnych w Departamencie Sprawiedliwo\u015bci USA by\u0142o ca\u0142kowicie \u017cydowsk\u0105 konstrukcj\u0105 w celu \u201eidentyfikacji, denaturalizacji i deportacji\u201d prawie ka\u017cdego Niemca, jakiego mogli znale\u017a\u0107 w USA.&nbsp;<a href=\"https:\/\/hls.harvard.edu\/today\/never-forget\/\"><strong>[72]<\/strong><\/a><\/p>\n\n\n\n<p>Zbyt oczywiste, by o tym wspomnie\u0107, ale zbyt wa\u017cne, by je zignorowa\u0107, jest to, \u017ce nie ka\u017cdy Niemiec by\u0142 \u201enazist\u0105\u201d i nie ka\u017cdy nazista by\u0142 \u201ezbrodniarzem wojennym\u201d, nawet wyimaginowanym.&nbsp;\u017bydzi najwyra\u017aniej nie czyni\u0105 tych rozr\u00f3\u017cnie\u0144.&nbsp;To jedno miejsce, w kt\u00f3rym historycy celowo wprowadzaj\u0105 nas w b\u0142\u0105d;&nbsp;\u201eNazista\u201d by\u0142 po prostu cz\u0142onkiem Narodowo-Socjalistycznej Niemieckiej Partii Robotniczej, podobnie jak zwyk\u0142y obywatel b\u0119d\u0105cy cz\u0142onkiem liberalnej lub konserwatywnej partii politycznej w jakimkolwiek kraju.&nbsp;Ale termin ten zosta\u0142 zaw\u0142aszczony przez \u017byd\u00f3w i ponownie zdefiniowany jako \u201ez\u0142o wcielone\u201d, kiedy to absolutnie nie by\u0142o czym\u015b takim.<\/p>\n\n\n\n<p>Warto r\u00f3wnie\u017c zauwa\u017cy\u0107, \u017ce podczas wojny wi\u0119kszo\u015b\u0107 obywateli wszystkich kraj\u00f3w b\u0119dzie przynajmniej cz\u0119\u015bciowo sympatyzowa\u0107 ze swoim rz\u0105dem.&nbsp;To nie jest przest\u0119pstwo, a ju\u017c na pewno nie takie, kt\u00f3re usprawiedliwia \u201eidentyfikacj\u0119, denaturalizacj\u0119 i deportacj\u0119\u201d wszystkich obywateli.&nbsp;Ale je\u015bli \u017bydzi maj\u0105 racj\u0119 i s\u0105 w tym usprawiedliwieni, to jak wyt\u0142umacz\u0105 sto lat opium w Chinach, kt\u00f3re by\u0142o ca\u0142kowicie \u017cydowsk\u0105 operacj\u0105?&nbsp;Z pewno\u015bci\u0105, je\u015bli wszyscy Niemcy s\u0105 na zawsze winni bycia \u201enazistami\u201d i \u201ezbrodniarzami wojennymi\u201d, nawet potomkowie trzeciego pokolenia, to z pewno\u015bci\u0105 wszyscy \u017bydzi s\u0105 na zawsze winni bycia handlarzami narkotyk\u00f3w i masowymi mordercami, a wszyscy \u017bydzi powinni podobnie podlega\u0107 \u201e identyfikacji, denaturalizacji i deportacji\u201d.<\/p>\n\n\n\n<p>Ci ludzie, kiedy ju\u017c zajm\u0105 stanowisko, maj\u0105 moc \u2013 i wol\u0119 \u2013 wyszuka\u0107 i zidentyfikowa\u0107 ka\u017cdego niemieckiego pochodzenia, kt\u00f3ry m\u00f3g\u0142 w przesz\u0142o\u015bci powiedzie\u0107 lub zrobi\u0107 co\u015b, co mo\u017cna by uzna\u0107 za \u201eantysemit\u0119\u201d, pozbawi\u0107 go obywatelstwa pozbawi\u0107 ich maj\u0105tku i deportowa\u0107.&nbsp;Ten Departament funkcjonuje jak najgorszy rodzaj gangstera.<\/p>\n\n\n\n<p>Personel ambasady zagranicznej USA r\u00f3wnie\u017c, z pomoc\u0105 personelu ambasady i konsulatu Izraela w innych krajach, tworzy listy ka\u017cdego, kogo mo\u017cna sklasyfikowa\u0107 jako \u201eantysemit\u0119\u201d i uniemo\u017cliwi\u0107 im wjazd do USA oraz, je\u015bli to mo\u017cliwe, uniemo\u017cliwi\u0107 im przelot jakiejkolwiek linii lotniczej w dowolnym miejscu.&nbsp;Je\u015bli mog\u0105 to zrobi\u0107 komu\u015b tak wysokiemu jak Kurt Waldheim, mog\u0105 to zrobi\u0107 ka\u017cdemu.&nbsp;I nigdy si\u0119 tego nie dowiecie, poniewa\u017c kontrolowane przez \u017byd\u00f3w media nigdy nie poruszy\u0142yby takich historii.&nbsp;Dzieje si\u0119 tak cz\u0119\u015bciej ni\u017c mo\u017cna sobie wyobrazi\u0107.&nbsp;Jak my\u015blisz, kto znajduje si\u0119 na ameryka\u0144skiej li\u015bcie \u201ezakaz lot\u00f3w\u201d z milionem nazwisk?&nbsp;Terrory\u015bci?&nbsp;Nie ma tak wielu terroryst\u00f3w na ca\u0142ym \u015bwiecie.&nbsp;A jak my\u015blisz, dlaczego Stany Zjednoczone odmawiaj\u0105 ujawnienia nazwisk na tej li\u015bcie zakazu lot\u00f3w lub celu ich w\u0142\u0105czenia?&nbsp;Nie jest to spowodowane \u201ebezpiecze\u0144stwem narodowym\u201d, ale zaciemnianiem \u017cydowskich plan\u00f3w.&nbsp;I nie potrzebuj\u0105 dowod\u00f3w do przedstawienia opinii publicznej, je\u015bli opinia publiczna dowie si\u0119 o tym.&nbsp;Wszystko, co jest konieczne, to na\u0142o\u017cy\u0107 na te osoby etykiety takie jak \u201enazista\u201d, \u201eantysemita\u201d, \u201edomowy terrorysta\u201d, \u201ebia\u0142a supremacja\u201d, a to usprawiedliwi ich dzia\u0142ania.&nbsp;Nikt nie b\u0119dzie domaga\u0142 si\u0119 dowod\u00f3w na obron\u0119 niepo\u017c\u0105danych rzeczy.&nbsp;To takie proste.<\/p>\n\n\n\n<p>Nawiasem m\u00f3wi\u0105c, ameryka\u0144ska lista zakazu lot\u00f3w zosta\u0142a zhakowana i ujawniono nazwiska.&nbsp;W artykule stwierdzono, \u017ce w\u015br\u00f3d milion\u00f3w wpis\u00f3w istniej\u0105 \u201ebardzo wyra\u017ane tendencje w kierunku prawie wy\u0142\u0105cznie arabskich i rosyjsko brzmi\u0105cych nazw\u201d.&nbsp;<a href=\"https:\/\/www.techradar.com\/news\/entire-us-no-fly-list-leaked-online-after-being-left-on-an-unsecured-server\"><strong>[73]<\/strong><\/a>&nbsp;Mo\u017cesz wyci\u0105gn\u0105\u0107 takie wnioski, jakie uznasz za stosowne.<\/p>\n\n\n\n<p><a href=\"https:\/\/en.wikipedia.org\/wiki\/Category:20th-century_American_Jews\"><strong>Morton I. Abramowitz<\/strong><\/a>&nbsp;\u2013 Asystent Prokuratora Generalnego<\/p>\n\n\n\n<p><a href=\"https:\/\/en.wikipedia.org\/wiki\/Robert_Bauer\"><strong>Robert Bauer<\/strong><\/a>&nbsp;\u2013 Wsp\u00f3\u0142przewodnicz\u0105cy Komisji Prezydenckiej S\u0105du Najwy\u017cszego<\/p>\n\n\n\n<p><a href=\"https:\/\/en.wikipedia.org\/wiki\/Lanny_A._Breuer\"><strong>Lanny A. Breuer<\/strong><\/a>&nbsp;\u2013 zast\u0119pca prokuratora generalnego<\/p>\n\n\n\n<p><a href=\"https:\/\/en.wikipedia.org\/w\/index.php?title=Category:Jewish_American_attorneys\"><strong>Charles Breyer<\/strong><\/a>&nbsp;\u2013 wiceprzewodnicz\u0105cy US Stencing Commission<\/p>\n\n\n\n<p><a href=\"https:\/\/en.wikipedia.org\/wiki\/Michael_Bromwich\"><strong>Michael R. Bromwich<\/strong><\/a>&nbsp;\u2013 Generalny Inspektor Departamentu Sprawiedliwo\u015bci<\/p>\n\n\n\n<p><a href=\"https:\/\/en.wikipedia.org\/wiki\/Category:Jewish_American_government_officials\"><strong>Michael H. Cardozo<\/strong><\/a>&nbsp;\u2013 personel prawny Departamentu Sprawiedliwo\u015bci<\/p>\n\n\n\n<p><a href=\"https:\/\/en.wikipedia.org\/wiki\/Category:Jewish_American_members_of_the_Cabinet_of_the_United_States\"><strong>Michael Chertoff<\/strong><\/a>&nbsp;\u2013 zast\u0119pca prokuratora generalnego<\/p>\n\n\n\n<p><a href=\"https:\/\/www.jewishvirtuallibrary.org\/jews-in-the-george-w-bush-administration\"><strong>Michael Chertoff<\/strong><\/a>&nbsp;\u2013 Szef Wydzia\u0142u Karnego Departamentu Sprawiedliwo\u015bci<\/p>\n\n\n\n<p><a href=\"https:\/\/en.wikipedia.org\/wiki\/Makan_Delrahim\"><strong>Makan Delrahim<\/strong><\/a>&nbsp;\u2013 zast\u0119pca prokuratora generalnego<\/p>\n\n\n\n<p><a href=\"https:\/\/www.haaretz.com\/jewish\/2016-05-12\/ty-article\/white-house-to-name-new-jewish-liaison\/0000017f-f451-d487-abff-f7ff9f560000\"><strong>Norm Eisen<\/strong><\/a>&nbsp;\u2013 Konsultant Komisji S\u0105downictwa<\/p>\n\n\n\n<p><a href=\"https:\/\/en.wikipedia.org\/w\/index.php?title=Category:21st-century_American_Jews\"><strong>Glenn Fine<\/strong><\/a>&nbsp;\u2013 Generalny Inspektor Departamentu Sprawiedliwo\u015bci<\/p>\n\n\n\n<p><a href=\"https:\/\/en.wikipedia.org\/wiki\/List_of_Jewish_American_jurists\"><strong>Charles Fried<\/strong><\/a>&nbsp;\u2013 prokurator generalny USA<\/p>\n\n\n\n<p><a href=\"https:\/\/www.jewishvirtuallibrary.org\/jews-in-the-biden-administration\"><strong>Merrick Garland<\/strong><\/a>&nbsp;\u2013 prokurator generalny<\/p>\n\n\n\n<p><a href=\"https:\/\/en.wikipedia.org\/w\/index.php?title=Category:21st-century_American_Jews\"><strong>Douglas H. Ginsburg<\/strong><\/a>&nbsp;\u2013 Zast\u0119pca Prokuratora Generalnego<\/p>\n\n\n\n<p><a href=\"https:\/\/en.wikipedia.org\/wiki\/Jamie_Gorelick\"><strong>Jamie Gorelick<\/strong><\/a>&nbsp;\u2013 zast\u0119pca prokuratora generalnego<\/p>\n\n\n\n<p><a href=\"https:\/\/www.jewishvirtuallibrary.org\/jews-in-the-barack-obama-administration\"><strong>Elena Kagan<\/strong><\/a>&nbsp;\u2013 prokurator generalny<\/p>\n\n\n\n<p><a href=\"https:\/\/www.jewishvirtuallibrary.org\/jews-in-the-biden-administration\"><strong>Jonathan Kanter<\/strong><\/a>&nbsp;\u2013 Zast\u0119pca Prokuratora Generalnego Wydzia\u0142 Antymonopolowy<\/p>\n\n\n\n<p><a href=\"https:\/\/en.wikipedia.org\/wiki\/Pamela_S._Karlan\"><strong>Pamela S. Karlan<\/strong><\/a>&nbsp;&#8211; g\u0142\u00f3wny zast\u0119pca zast\u0119pcy prokuratora generalnego<\/p>\n\n\n\n<p><a href=\"https:\/\/www.jpost.com\/50-most-influential-jews\/ronald-klain-678122\"><strong>Ron Klain<\/strong><\/a>&nbsp;\u2013 szef sztabu AG Janet Reno<\/p>\n\n\n\n<p><a href=\"https:\/\/forward.com\/news\/145491\/joel-klein\/\"><strong>Joel Klein<\/strong><\/a>&nbsp;\u2013 zast\u0119pca prokuratora generalnego<\/p>\n\n\n\n<p><a href=\"https:\/\/en.wikipedia.org\/wiki\/Stuart_A._Levey\"><strong>Stuart Levey<\/strong><\/a>&nbsp;&#8211; g\u0142\u00f3wny zast\u0119pca prokuratora generalnego<\/p>\n\n\n\n<p><a href=\"https:\/\/en.wikipedia.org\/wiki\/Stuart_A._Levey\"><strong>Stuart Levey<\/strong><\/a>&nbsp;&#8211; szef sztabu zast\u0119pcy prokuratora generalnego<\/p>\n\n\n\n<p><a href=\"https:\/\/en.wikipedia.org\/wiki\/Edward_H._Levi\"><strong>Edward H. Levi<\/strong><\/a>&nbsp;\u2013 prokurator generalny USA<\/p>\n\n\n\n<p><a href=\"https:\/\/en.wikipedia.org\/wiki\/Edward_H._Levi\"><strong>Edward Levi<\/strong><\/a>&nbsp;\u2013 Specjalny Asystent Prokuratora Generalnego<\/p>\n\n\n\n<p><a href=\"https:\/\/en.wikipedia.org\/wiki\/Edward_H._Levi\"><strong>Edward H. Levi<\/strong><\/a>&nbsp;&#8211; Podkomisja S\u0105downictwa Izby Radc\u00f3w Prawnych ds. Monopolu<\/p>\n\n\n\n<p><a href=\"https:\/\/en.wikipedia.org\/wiki\/Mark_Levin\"><strong>Mark Levin<\/strong><\/a>&nbsp;\u2013 szef sztabu prokuratora generalnego<\/p>\n\n\n\n<p><a href=\"https:\/\/en.wikipedia.org\/wiki\/Alejandro_Mayorkas\"><strong>Alejandro Mayorkas<\/strong><\/a>&nbsp;\u2013 prokurator w Kalifornii<\/p>\n\n\n\n<p><a href=\"https:\/\/en.wikipedia.org\/wiki\/Alejandro_Mayorkas\"><strong>Alejandro Mayorkas<\/strong><\/a>&nbsp;&#8211; Sekcja ds. Przest\u0119pstw Og\u00f3lnych Urz\u0119du G\u0142\u00f3wnego<\/p>\n\n\n\n<p><a href=\"https:\/\/www.jewishvirtuallibrary.org\/jews-in-the-george-w-bush-administration\"><strong>Michael Mukasey<\/strong><\/a>&nbsp;\u2013 prokurator generalny USA<\/p>\n\n\n\n<p><a href=\"https:\/\/en.wikipedia.org\/wiki\/Bernard_Nussbaum\"><strong>Bernard Nussbaum<\/strong><\/a>&nbsp;\u2013 Asystent prokuratora USA w Nowym Jorku<\/p>\n\n\n\n<p><a href=\"https:\/\/en.wikipedia.org\/w\/index.php?title=Category:21st-century_American_Jews\"><strong>Eric Posner<\/strong><\/a>&nbsp;\u2013 radca prawny w Departamencie Sprawiedliwo\u015bci<\/p>\n\n\n\n<p><a href=\"https:\/\/www.jewishvirtuallibrary.org\/jews-in-donald-trump-administration\"><strong>Jeffrey A. Rosen<\/strong><\/a>&nbsp;\u2013 prokurator generalny USA<\/p>\n\n\n\n<p><a href=\"https:\/\/en.wikipedia.org\/wiki\/Eli_Rosenbaum\"><strong>Eli Rosenbaum<\/strong><\/a>&nbsp;\u2013 Dyrektor Departamentu Sprawiedliwo\u015bci Biura Dochodze\u0144 Specjalnych<\/p>\n\n\n\n<p><a href=\"https:\/\/en.wikipedia.org\/wiki\/Eli_Rosenbaum\"><strong>Eli Rosenbaum<\/strong><\/a>&nbsp;\u2013 Departament Sprawiedliwo\u015bci ds. Przestrzegania Praw Cz\u0142owieka<\/p>\n\n\n\n<p><a href=\"https:\/\/www.jewishvirtuallibrary.org\/jews-in-donald-trump-administration\"><strong>Rod Rosenstein<\/strong><\/a>&nbsp;\u2013 Zast\u0119pca Prokuratora Generalnego<\/p>\n\n\n\n<p><a href=\"https:\/\/en.wikipedia.org\/wiki\/Brian_Schwalb\"><strong>Brian Schwalb<\/strong><\/a>&nbsp;\u2013 prokurator generalny DC<\/p>\n\n\n\n<p><a href=\"https:\/\/en.wikipedia.org\/wiki\/Ricki_Seidman#Early_life_and_career\"><strong>Ricki Seidman<\/strong><\/a>&nbsp;\u2013 zast\u0119pca zast\u0119pcy prokuratora generalnego Departamentu Sprawiedliwo\u015bci<\/p>\n\n\n\n<p><a href=\"https:\/\/en.wikipedia.org\/w\/index.php?title=Category:Jewish_American_attorneys\"><strong>Neal Sher<\/strong><\/a>&nbsp;\u2013 Departament Dochodze\u0144 Specjalnych Sprawiedliwo\u015bci \u2013 Polowanie na Niemc\u00f3w<\/p>\n\n\n\n<p><a href=\"https:\/\/www.jta.org\/archive\/reagan-names-11-jews-among-his-68-foreign-policy-and-defense-advisors\"><strong>Laurence Silberman<\/strong><\/a>&nbsp;\u2013 pe\u0142ni\u0105cy obowi\u0105zki prokuratora generalnego<\/p>\n\n\n\n<p><a href=\"https:\/\/en.wikipedia.org\/wiki\/Laurence_Silberman\"><strong>Laurence Silberman<\/strong><\/a>&nbsp;\u2013 Zast\u0119pca Prokuratora Generalnego<\/p>\n\n\n\n<p><a href=\"https:\/\/en.wikipedia.org\/wiki\/Barbara_Underwood\"><strong>Barbara Underwood<\/strong><\/a>&nbsp;\u2013 prokurator generalny USA<\/p>\n\n\n\n<p><a href=\"https:\/\/en.wikipedia.org\/wiki\/Seth_P._Waxman\"><strong>Seth P. Waxman<\/strong><\/a>&nbsp;\u2013 prokurator generalny USA<\/p>\n\n\n\n<p><a href=\"https:\/\/en.wikipedia.org\/wiki\/Seth_P._Waxman\"><strong>Seth P. Waxman<\/strong><\/a>&nbsp;\u2013 zast\u0119pca zast\u0119pcy prokuratora generalnego Departamentu Sprawiedliwo\u015bci<\/p>\n\n\n\n<p><a href=\"https:\/\/en.wikipedia.org\/w\/index.php?title=Category:Jewish_American_attorneys\"><strong>Andrew Weissmann<\/strong><\/a>&nbsp;\u2013 Szef Sekcji ds. Oszustw Karnych Departamentu Sprawiedliwo\u015bci<\/p>\n\n\n\n<p><strong>Przekszta\u0142cenie agendy \u017cydowskiej w precedens s\u0105dowy<\/strong><\/p>\n\n\n\n<p><a href=\"https:\/\/en.wikipedia.org\/w\/index.php?title=Category:Jewish_American_attorneys\"><strong>Beth Bloom<\/strong><\/a>&nbsp;\u2013 s\u0119dzia S\u0105du Okr\u0119gowego Stan\u00f3w Zjednoczonych<\/p>\n\n\n\n<p><a href=\"https:\/\/en.wikipedia.org\/wiki\/Louis_Brandeis#:~:text=Louis%20Dembitz%20Brandeis%20%28%2F%20%CB%88br%C3%A6nda%C9%AAs%20%2F%3B%20November%2013%2C,of%20the%20United%20States%20from%201916%20to%201939.\"><strong>Louis Brandeis<\/strong><\/a>&nbsp;\u2013 s\u0119dzia S\u0105du Najwy\u017cszego<\/p>\n\n\n\n<p><a href=\"https:\/\/en.wikipedia.org\/w\/index.php?title=Category:Jewish_American_attorneys\"><strong>Charles Breyer<\/strong><\/a>&nbsp;\u2013 starszy s\u0119dzia S\u0105du Okr\u0119gowego Stan\u00f3w Zjednoczonych<\/p>\n\n\n\n<p><a href=\"https:\/\/en.wikipedia.org\/wiki\/Stephen_Breyer\"><strong>Stephen Breyer<\/strong><\/a>&nbsp;\u2013 zast\u0119pca s\u0119dziego S\u0105du Najwy\u017cszego Stan\u00f3w Zjednoczonych<\/p>\n\n\n\n<p><a href=\"https:\/\/en.wikipedia.org\/wiki\/Stephen_Breyer\"><strong>Stephen Breyer<\/strong><\/a>&nbsp;\u2013 S\u0119dzia G\u0142\u00f3wny S\u0105du Apelacyjnego Stan\u00f3w Zjednoczonych<\/p>\n\n\n\n<p><a href=\"https:\/\/en.wikipedia.org\/wiki\/Stephen_Breyer\"><strong>Stephen Breyer<\/strong><\/a>&nbsp;\u2013 s\u0119dzia S\u0105du Najwy\u017cszego<\/p>\n\n\n\n<p><a href=\"https:\/\/en.wikipedia.org\/wiki\/Stephen_Breyer\"><strong>Stephen Breyer<\/strong><\/a>&nbsp;\u2013 S\u0119dzia G\u0142\u00f3wny S\u0105du Apelacyjnego Stan\u00f3w Zjednoczonych<\/p>\n\n\n\n<p><a href=\"https:\/\/en.wikipedia.org\/wiki\/Benjamin_N._Cardozo\"><strong>Benjamin N. Cardozo<\/strong><\/a>&nbsp;\u2013 zast\u0119pca s\u0119dziego S\u0105du Najwy\u017cszego<\/p>\n\n\n\n<p><a href=\"https:\/\/en.wikipedia.org\/wiki\/Category:Jewish_American_members_of_the_Cabinet_of_the_United_States\"><strong>Michael Chertoff<\/strong><\/a>&nbsp;\u2013 s\u0119dzia ameryka\u0144skiego S\u0105du Apelacyjnego<\/p>\n\n\n\n<p><a href=\"https:\/\/en.wikipedia.org\/wiki\/Abe_Fortas\"><strong>Abe Fortas<\/strong><\/a>&nbsp;\u2013 zast\u0119pca s\u0119dziego S\u0105du Najwy\u017cszego<\/p>\n\n\n\n<p><a href=\"https:\/\/en.wikipedia.org\/wiki\/Jerome_Frank\"><strong>Jerome Frank<\/strong><\/a>&nbsp;\u2013 s\u0119dzia ameryka\u0144skiego S\u0105du Apelacyjnego<\/p>\n\n\n\n<p><a href=\"https:\/\/en.wikipedia.org\/wiki\/Felix_Frankfurter\"><strong>Felix Frankfurter<\/strong><\/a>&nbsp;\u2013 zast\u0119pca s\u0119dziego S\u0105du Najwy\u017cszego<\/p>\n\n\n\n<p><a href=\"https:\/\/en.wikipedia.org\/wiki\/Category:Jewish_American_government_officials\"><strong>Beth Labson Freeman<\/strong><\/a>&nbsp;\u2013 s\u0119dzia S\u0105du Okr\u0119gowego Stan\u00f3w Zjednoczonych<\/p>\n\n\n\n<p><a href=\"https:\/\/en.wikipedia.org\/wiki\/Category:Jewish_American_members_of_the_Cabinet_of_the_United_States\"><strong>Merrick Garland<\/strong><\/a>&nbsp;\u2013 s\u0119dzia ameryka\u0144skiego S\u0105du Apelacyjnego<\/p>\n\n\n\n<p><a href=\"https:\/\/en.wikipedia.org\/w\/index.php?title=Category:Jewish_American_attorneys\"><strong>Richard Gergel<\/strong><\/a>&nbsp;\u2013 s\u0119dzia S\u0105du Okr\u0119gowego Stan\u00f3w Zjednoczonych<\/p>\n\n\n\n<p><a href=\"https:\/\/en.wikipedia.org\/w\/index.php?title=Category:21st-century_American_Jews\"><strong>Nina Gershon<\/strong><\/a>&nbsp;\u2013 starszy s\u0119dzia S\u0105du Okr\u0119gowego Stan\u00f3w Zjednoczonych<\/p>\n\n\n\n<p><a href=\"https:\/\/en.wikipedia.org\/w\/index.php?title=Category:21st-century_American_Jews\"><strong>Douglas H. Ginsburg<\/strong><\/a>&nbsp;\u2013 starszy s\u0119dzia S\u0105du Apelacyjnego Stan\u00f3w Zjednoczonych<\/p>\n\n\n\n<p><a href=\"https:\/\/en.wikipedia.org\/wiki\/Ruth_Bader_Ginsburg\"><strong>Ruth Bader Ginsberg<\/strong><\/a>&nbsp;\u2013 s\u0119dzia S\u0105du Najwy\u017cszego<\/p>\n\n\n\n<p><a href=\"https:\/\/en.wikipedia.org\/wiki\/Ruth_Bader_Ginsburg\"><strong>Ruth Bader Ginsburg<\/strong><\/a>&nbsp;\u2013 s\u0119dzia S\u0105du Apelacyjnego Stan\u00f3w Zjednoczonych<\/p>\n\n\n\n<p><a href=\"https:\/\/en.wikipedia.org\/wiki\/Category:Jewish_American_members_of_the_Cabinet_of_the_United_States\"><strong>Arthur Goldberg<\/strong><\/a>&nbsp;&#8211; zast\u0119pca s\u0119dziego S\u0105du Najwy\u017cszego<\/p>\n\n\n\n<p><a href=\"https:\/\/en.wikipedia.org\/w\/index.php?title=Category:Jewish_American_attorneys\"><strong>Ronald M. Gould<\/strong><\/a>&nbsp;\u2013 s\u0119dzia S\u0105du Apelacyjnego Stan\u00f3w Zjednoczonych<\/p>\n\n\n\n<p><a href=\"https:\/\/en.wikipedia.org\/wiki\/Susan_P._Graber\"><strong>Susan P. Graber<\/strong><\/a>&nbsp;\u2013 starszy s\u0119dzia S\u0105du Apelacyjnego Stan\u00f3w Zjednoczonych<\/p>\n\n\n\n<p><a href=\"https:\/\/en.wikipedia.org\/w\/index.php?title=Category:21st-century_American_Jews\"><strong>Amy Sauber Berman Jackson<\/strong><\/a>&nbsp;\u2013 s\u0119dzia S\u0105du Okr\u0119gowego Stan\u00f3w Zjednoczonych<\/p>\n\n\n\n<p><a href=\"https:\/\/www.jpost.com\/50-most-influential-jews\/article-717760\"><strong>Elena Kagan<\/strong><\/a>&nbsp;\u2013 s\u0119dzia S\u0105du Najwy\u017cszego Stan\u00f3w Zjednoczonych<\/p>\n\n\n\n<p><a href=\"https:\/\/en.wikipedia.org\/wiki\/Irving_Kaufman\"><strong>Irving Kaufman<\/strong><\/a>&nbsp;\u2013 S\u0119dzia G\u0142\u00f3wny S\u0105du Apelacyjnego Stan\u00f3w Zjednoczonych<\/p>\n\n\n\n<p><a href=\"https:\/\/en.wikipedia.org\/wiki\/Alex_Kozinski\"><strong>Alex Kozinski<\/strong><\/a>&nbsp;\u2013 S\u0119dzia G\u0142\u00f3wny S\u0105du Apelacyjnego Stan\u00f3w Zjednoczonych<\/p>\n\n\n\n<p><a href=\"https:\/\/en.wikipedia.org\/wiki\/List_of_Jewish_members_of_the_United_States_Congress\"><strong>Ken Kramer<\/strong><\/a>&nbsp;\u2013 S\u0119dzia G\u0142\u00f3wny S\u0105du Apelacyjnego Stan\u00f3w Zjednoczonych<\/p>\n\n\n\n<p><a href=\"https:\/\/en.wikipedia.org\/w\/index.php?title=Category:21st-century_American_Jews\"><strong>David F. Levi<\/strong><\/a>&nbsp;\u2013 S\u0119dzia G\u0142\u00f3wny S\u0105du Okr\u0119gowego Stan\u00f3w Zjednoczonych<\/p>\n\n\n\n<p><a href=\"https:\/\/en.wikipedia.org\/wiki\/Abner_Mikva\"><strong>Abner Mikva<\/strong><\/a>&nbsp;\u2013 Prezes S\u0105du Apelacyjnego Stan\u00f3w Zjednoczonych<\/p>\n\n\n\n<p><a href=\"https:\/\/en.wikipedia.org\/wiki\/Category:Jewish_American_members_of_the_Cabinet_of_the_United_States\"><strong>Michael Mukasey<\/strong><\/a>&nbsp;\u2013 S\u0119dzia G\u0142\u00f3wny S\u0105du Rejonowego Po\u0142udniowego Nowego Jorku<\/p>\n\n\n\n<p><a href=\"https:\/\/en.wikipedia.org\/wiki\/Veronica_S._Rossman\"><strong>Veronica S. Rossman<\/strong><\/a>&nbsp;\u2013 s\u0119dzia S\u0105du Apelacyjnego Stan\u00f3w Zjednoczonych<\/p>\n\n\n\n<p><a href=\"https:\/\/jwa.org\/encyclopedia\/article\/shapiro-norma-levy\"><strong>Norma Levy Shapiro<\/strong><\/a>&nbsp;\u2013 starszy s\u0119dzia S\u0105du Okr\u0119gowego Stan\u00f3w Zjednoczonych<\/p>\n\n\n\n<p><a href=\"https:\/\/en.wikipedia.org\/wiki\/Laurence_Silberman\"><strong>Laurence Silberman<\/strong><\/a>&nbsp;\u2013 starszy s\u0119dzia S\u0105du Apelacyjnego Stan\u00f3w Zjednoczonych<\/p>\n\n\n\n<p><a href=\"https:\/\/en.wikipedia.org\/wiki\/Laurence_Silberman\"><strong>Laurence Silberman<\/strong><\/a>&nbsp;&#8211; s\u0119dzia US Foreign Intelligence Surveillance Court<\/p>\n\n\n\n<p><a href=\"https:\/\/en.wikipedia.org\/w\/index.php?title=Category:Jewish_American_attorneys\"><strong>David Stras<\/strong><\/a>&nbsp;\u2013 s\u0119dzia ameryka\u0144skiego S\u0105du Apelacyjnego<\/p>\n\n\n\n<p><strong>Cz\u0119\u015b\u0107 8 \u2013 Kontrola ameryka\u0144skiej strategii globalnej hegemonii<\/strong><\/p>\n\n\n\n<p><strong>Rada Bezpiecze\u0144stwa Narodowego USA<\/strong><\/p>\n\n\n\n<p>\u201eRada Bezpiecze\u0144stwa Narodowego Stan\u00f3w Zjednoczonych (NSC)&nbsp;<a href=\"https:\/\/en.wikipedia.org\/wiki\/United_States_National_Security_Council\"><strong>[74]<\/strong><\/a>&nbsp;jest g\u0142\u00f3wnym forum u\u017cywanym przez prezydenta Stan\u00f3w Zjednoczonych do rozpatrywania spraw zwi\u0105zanych z bezpiecze\u0144stwem narodowym, wojskiem i polityk\u0105 zagraniczn\u0105.&nbsp;Z siedzib\u0105 w Bia\u0142ym Domu, jest cz\u0119\u015bci\u0105 Biura Wykonawczego Prezydenta Stan\u00f3w Zjednoczonych i sk\u0142ada si\u0119 z wy\u017cszych doradc\u00f3w ds. Bezpiecze\u0144stwa narodowego i urz\u0119dnik\u00f3w gabinetu\u201d.<\/p>\n\n\n\n<p>\u201eOd momentu powstania w 1947 r. przez prezydenta Harry&#8217;ego S. Trumana, funkcj\u0105 Rady jest doradzanie i pomaganie prezydentowi w kwestiach bezpiecze\u0144stwa narodowego i polityki zagranicznej.&nbsp;S\u0142u\u017cy r\u00f3wnie\u017c jako g\u0142\u00f3wne rami\u0119 prezydenta do koordynowania tej polityki mi\u0119dzy r\u00f3\u017cnymi agencjami rz\u0105dowymi.&nbsp;Rada odegra\u0142a nast\u0119pnie kluczow\u0105 rol\u0119 w wi\u0119kszo\u015bci wa\u017cnych wydarze\u0144 w polityce zagranicznej Stan\u00f3w Zjednoczonych, od wojny korea\u0144skiej po wojn\u0119 z terroryzmem\u201d.<\/p>\n\n\n\n<p>Nale\u017cy jednak zauwa\u017cy\u0107, \u017ce Stany Zjednoczone nie maj\u0105 szczeg\u00f3lnych problem\u00f3w z bezpiecze\u0144stwem.&nbsp;Departament ten dzia\u0142a g\u0142\u00f3wnie po to, by usuwa\u0107 zabezpieczenia innych narod\u00f3w, zw\u0142aszcza tych niepos\u0142usznych.&nbsp;Ale by\u0107 mo\u017ce jego g\u0142\u00f3wnym celem jest \u201ebezpiecze\u0144stwo Izraela\u201d, zapobieganie \u017cydowskim okrucie\u0144stwom emanuj\u0105cym z Tel Awiwu, kt\u00f3re doprowadzi\u0142yby do atak\u00f3w na ten nar\u00f3d przez represjonowane pa\u0144stwa arabskie.<\/p>\n\n\n\n<p><a href=\"https:\/\/www.jewishvirtuallibrary.org\/jews-in-the-george-w-bush-administration\"><strong>Elliott Abrams<\/strong><\/a>&nbsp;\u2013 starszy dyrektor Rady Bezpiecze\u0144stwa Narodowego<\/p>\n\n\n\n<p><a href=\"https:\/\/en.wikipedia.org\/wiki\/Elliott_Abrams\"><strong>Elliott Abrams<\/strong><\/a>&nbsp;\u2013 zast\u0119pca doradcy ds. bezpiecze\u0144stwa narodowego<\/p>\n\n\n\n<p><a href=\"https:\/\/en.wikipedia.org\/wiki\/Madeleine_Albright\"><strong>Madeleine Albright (Marie Jana K\u00f6rbelov\u00e1)<\/strong><\/a>&nbsp;\u2013 Rada Bezpiecze\u0144stwa Narodowego<\/p>\n\n\n\n<p><a href=\"https:\/\/en.wikipedia.org\/wiki\/Jeffrey_A._Bader\"><strong>Jeffrey A. Bader<\/strong><\/a>&nbsp;\u2013 Dyrektor Rady Bezpiecze\u0144stwa Narodowego<\/p>\n\n\n\n<p><a href=\"https:\/\/markle.org\/about-markle\/expert\/zo-baird\/\"><strong>Zo\u00eb Baird (Gerwitz)<\/strong><\/a>&nbsp;\u2013 doc.&nbsp;doradca ds. bezpiecze\u0144stwa narodowego<\/p>\n\n\n\n<p><a href=\"https:\/\/en.wikipedia.org\/wiki\/Daniel_Benjamin\"><strong>Daniel Benjamin<\/strong><\/a>&nbsp;\u2013 Koordynator ds. walki z terroryzmem<\/p>\n\n\n\n<p><a href=\"https:\/\/en.wikipedia.org\/wiki\/Daniel_Benjamin\"><strong>Daniel Benjamin<\/strong><\/a>&nbsp;\u2013 cz\u0142onek Rady Bezpiecze\u0144stwa Narodowego<\/p>\n\n\n\n<p><a href=\"https:\/\/en.wikipedia.org\/wiki\/Antony_Blinken\"><strong>Antony Blinken<\/strong><\/a>&nbsp;\u2013 cz\u0142onek Rady Bezpiecze\u0144stwa Narodowego<\/p>\n\n\n\n<p><a href=\"https:\/\/www.jta.org\/archive\/clinton-names-a-jewish-adviser-to-head-foreign-policy-transition\"><strong>Samuel (Sandy) Berger<\/strong><\/a>&nbsp;\u2013 rada ds. polityki bezpiecze\u0144stwa narodowego NSC<\/p>\n\n\n\n<p><a href=\"https:\/\/en.wikipedia.org\/wiki\/Sandy_Berger\"><strong>Samuel Berger<\/strong><\/a>&nbsp;\u2013 doradca ds. bezpiecze\u0144stwa narodowego<\/p>\n\n\n\n<p><a href=\"https:\/\/en.wikipedia.org\/wiki\/Sandy_Berger\"><strong>Samuel Berger<\/strong><\/a>&nbsp;\u2013 szef Rady Bezpiecze\u0144stwa Narodowego<\/p>\n\n\n\n<p><a href=\"https:\/\/www.jewishvirtuallibrary.org\/jews-in-the-barack-obama-administration\"><strong>Tony Blinken<\/strong><\/a>&nbsp;\u2013 zast\u0119pca doradcy ds. bezpiecze\u0144stwa narodowego<\/p>\n\n\n\n<p><a href=\"https:\/\/en.wikipedia.org\/w\/index.php?title=Category:21st-century_American_Jews\"><strong>Debra Cagan<\/strong><\/a>&nbsp;\u2013 Doradca ds. Polityki Bezpiecze\u0144stwa Narodowego<\/p>\n\n\n\n<p><a href=\"https:\/\/en.wikipedia.org\/wiki\/Category:Jewish_American_government_officials\"><strong>Ivo Daalder<\/strong><\/a>&nbsp;\u2013 Dyrektor NSC ds. europejskich<\/p>\n\n\n\n<p><a href=\"https:\/\/www.jpost.com\/opinion\/joe-bidens-a-team-of-jewish-advisers-cabinet-members-and-staff-658350\"><strong>John Eisenberg<\/strong><\/a>&nbsp;\u2013 radca prawny Rady Bezpiecze\u0144stwa Narodowego<\/p>\n\n\n\n<p><a href=\"https:\/\/en.wikipedia.org\/wiki\/Category:Jewish_American_members_of_the_Cabinet_of_the_United_States\"><strong>Michael Froman<\/strong><\/a>&nbsp;\u2013 zast\u0119pca doradcy ds. bezpiecze\u0144stwa narodowego<\/p>\n\n\n\n<p><a href=\"https:\/\/en.wikipedia.org\/wiki\/Category:Jewish_American_government_officials\"><strong>Leon Fuerth<\/strong><\/a>&nbsp;\u2013 Wiceprezes Doradca ds. Bezpiecze\u0144stwa Narodowego<\/p>\n\n\n\n<p><a href=\"https:\/\/en.wikipedia.org\/wiki\/Category:Jewish_American_government_officials\"><strong>Leon Fuerth<\/strong><\/a>&nbsp;\u2013 cz\u0142onek Rady Bezpiecze\u0144stwa Narodowego<\/p>\n\n\n\n<p><a href=\"https:\/\/en.wikipedia.org\/wiki\/Richard_N._Haass\"><strong>Richard N. Haass<\/strong><\/a>&nbsp;\u2013 starszy dyrektor Rady Bezpiecze\u0144stwa Narodowego&nbsp;<\/p>\n\n\n\n<p><a href=\"https:\/\/en.wikipedia.org\/wiki\/Avril_Haines\"><strong>Avril Haines<\/strong><\/a>&nbsp;\u2013 zast\u0119pca doradcy ds. bezpiecze\u0144stwa narodowego<\/p>\n\n\n\n<p><a href=\"https:\/\/en.wikipedia.org\/wiki\/Morton_Halperin\"><strong>Morton Halperin<\/strong><\/a>&nbsp;\u2013 Dyrektor Planowania Polityki NSC<\/p>\n\n\n\n<p><a href=\"https:\/\/en.wikipedia.org\/wiki\/Morton_Halperin\"><strong>Morton Halperin<\/strong><\/a>&nbsp;\u2013 starszy dyrektor NSC<\/p>\n\n\n\n<p><a href=\"https:\/\/en.wikipedia.org\/wiki\/Martin_Indyk\"><strong>Marcin Indyk<\/strong><\/a>&nbsp;\u2013 Dyrektor NSC<\/p>\n\n\n\n<p><a href=\"https:\/\/www.jewishvirtuallibrary.org\/jews-in-the-biden-administration\"><strong>Roberta Jacobson<\/strong><\/a>&nbsp;&#8211; car graniczny Rady Bezpiecze\u0144stwa Narodowego<\/p>\n\n\n\n<p><a href=\"https:\/\/en.wikipedia.org\/wiki\/Henry_Kissinger\"><strong>Henry Kissinger<\/strong><\/a>&nbsp;\u2013 doradca ds. bezpiecze\u0144stwa narodowego<\/p>\n\n\n\n<p><a href=\"https:\/\/en.wikipedia.org\/w\/index.php?title=Category:21st-century_American_Jews\"><strong>Anthony Lake<\/strong><\/a>&nbsp;\u2013 doradca ds. bezpiecze\u0144stwa narodowego USA<\/p>\n\n\n\n<p><a href=\"https:\/\/en.wikipedia.org\/wiki\/Stuart_A._Levey\"><strong>Stuart A. Levey<\/strong><\/a>&nbsp;\u2013 podsekretarz ds. terroryzmu i wywiadu finansowego<\/p>\n\n\n\n<p><a href=\"https:\/\/www.jta.org\/archive\/reagan-names-11-jews-among-his-68-foreign-policy-and-defense-advisors\"><strong>Edward Lutwak<\/strong><\/a>&nbsp;\u2013 Zesp\u00f3\u0142 Studi\u00f3w Bezpiecze\u0144stwa Narodowego<\/p>\n\n\n\n<p><a href=\"https:\/\/en.wikipedia.org\/wiki\/Robert_Malley\"><strong>Robert Malley<\/strong><\/a>&nbsp;\u2013 Dyrektor Rady Bezpiecze\u0144stwa Narodowego<\/p>\n\n\n\n<p><a href=\"https:\/\/en.wikipedia.org\/wiki\/Ned_Price\"><strong>Ned Price<\/strong><\/a>&nbsp;\u2013 rzecznik NSC<\/p>\n\n\n\n<p><a href=\"https:\/\/www.jta.org\/archive\/reagan-names-11-jews-among-his-68-foreign-policy-and-\"><strong>Uri Ra&#8217;anan<\/strong><\/a>&nbsp;&#8211; Doradca ds. Polityki i Obrony<\/p>\n\n\n\n<p><a href=\"https:\/\/www.jpost.com\/50-most-influential-jews\/article-717732\"><strong>Mira Resnick<\/strong><\/a>&nbsp;\u2013 Dyrektor Biura Wsparcia Bezpiecze\u0144stwa<\/p>\n\n\n\n<p><a href=\"https:\/\/www.jpost.com\/50-most-influential-jews\/article-717732\"><strong>Mira Resnick<\/strong><\/a>&nbsp;\u2013 Dyrektor Biura Bezpiecze\u0144stwa Regionalnego i Transfer\u00f3w Broni<\/p>\n\n\n\n<p><a href=\"https:\/\/en.wikipedia.org\/wiki\/Ben_Rhodes_(White_House_staffer)\"><strong>Benjamin J. Rhodes<\/strong><\/a>&nbsp;\u2013 zast\u0119pca doradcy ds. bezpiecze\u0144stwa narodowego<\/p>\n\n\n\n<p><a href=\"https:\/\/en.wikipedia.org\/wiki\/Walt_Rostow\"><strong>Walter Rostow<\/strong><\/a>&nbsp;\u2013 doradca ds. bezpiecze\u0144stwa narodowego<\/p>\n\n\n\n<p><a href=\"https:\/\/en.wikipedia.org\/wiki\/Walt_Rostow\"><strong>Walter Rostow<\/strong><\/a>&nbsp;\u2013 zast\u0119pca doradcy ds. bezpiecze\u0144stwa narodowego<\/p>\n\n\n\n<p><a href=\"https:\/\/www.timesofisrael.com\/former-us-diplomat-and-presidential-adviser-richard-schifter-dead-at-97\/\"><strong>Richard Schifter<\/strong><\/a>&nbsp;\u2013 specjalny doradca Rady Bezpiecze\u0144stwa Narodowego<\/p>\n\n\n\n<p><a href=\"https:\/\/en.wikipedia.org\/wiki\/Daniel_B._Shapiro\"><strong>Dan Shapiro<\/strong><\/a>&nbsp;\u2013 starszy dyrektor NSC ds. Bliskiego Wschodu<\/p>\n\n\n\n<p><a href=\"https:\/\/en.wikipedia.org\/wiki\/Laurence_Silberman\"><strong>Laurence Silberman<\/strong><\/a>&nbsp;\u2013 Przewodnicz\u0105cy Komisji Wywiadu Iraku<\/p>\n\n\n\n<p><a href=\"https:\/\/www.jewishvirtuallibrary.org\/jews-in-the-barack-obama-administration\"><strong>Steven Simon<\/strong><\/a>&nbsp;\u2013 starszy dyrektor Rady Bezpiecze\u0144stwa Narodowego<\/p>\n\n\n\n<p><a href=\"https:\/\/en.wikipedia.org\/w\/index.php?title=Category:21st-century_American_Jews\"><strong>Richard H. Solomon<\/strong><\/a>&nbsp;\u2013 cz\u0142onek Rady Bezpiecze\u0144stwa Narodowego USA<\/p>\n\n\n\n<p><a href=\"https:\/\/www.jewishvirtuallibrary.org\/jews-in-the-george-w-bush-administration\"><strong>Donald Steinberg<\/strong><\/a>&nbsp;\u2013 Dyrektor Rady Bezpiecze\u0144stwa Narodowego<\/p>\n\n\n\n<p><a href=\"https:\/\/en.wikipedia.org\/wiki\/James_Steinberg\"><strong>James Steinberg<\/strong><\/a>&nbsp;\u2013 Zast\u0119pca Doradcy ds. Bezpiecze\u0144stwa Narodowego<\/p>\n\n\n\n<p><a href=\"https:\/\/www.jta.org\/2005\/03\/27\/lifestyle\/u-s-s-moscow-ambassador-hosts-seder\"><strong>Alexander Vershbow<\/strong><\/a>&nbsp;\u2013 starszy dyrektor Rady Bezpiecze\u0144stwa Narodowego<\/p>\n\n\n\n<p><a href=\"https:\/\/forward.com\/fast-forward\/473343\/former-obama-white-house-jewish-liaison-reappointed-to-role-under-biden\/\"><strong>Chanan Weissman<\/strong><\/a>&nbsp;\u2013 Dyrektor Rady Bezpiecze\u0144stwa Narodowego<\/p>\n\n\n\n<p><a href=\"https:\/\/en.wikipedia.org\/wiki\/Neal_S._Wolin\"><strong>Neal S. Wolin<\/strong><\/a>&nbsp;\u2013 Rada Bezpiecze\u0144stwa Narodowego<\/p>\n\n\n\n<p><strong>Bezpiecze\u0144stwo wewn\u0119trzne<\/strong><\/p>\n\n\n\n<p>Departament ten ponosi odpowiedzialno\u015b\u0107 za identyfikacj\u0119 (i mia\u017cd\u017cenie) krajowych \u201eterroryst\u00f3w\u201d, tj. ka\u017cdego, kto sprzeciwia si\u0119 polityce wewn\u0119trznej USA lub nie wierzy w jak\u0105kolwiek oficjaln\u0105 wersj\u0119.&nbsp;Cz\u0119\u015b\u0107 tego programu obejmowa\u0142a zatrudnienie Craft International w celu dostarczenia snajper\u00f3w do zabicia przyw\u00f3dc\u00f3w protest\u00f3w \u201eOkupuj Wall Street\u201d \u2013 umowy, kt\u00f3rej FBI i CIA nie odm\u00f3wi\u0142y&nbsp;.&nbsp;<a href=\"https:\/\/beforeitsnews.com\/power-elite\/2013\/06\/released-fbi-documents-reveal-plans-to-assassinate-occupy-wall-street-leaders-with-snipers-2442536.html\"><strong>[75]&nbsp;<\/strong><\/a><a href=\"https:\/\/www.theguardian.com\/commentisfree\/2012\/dec\/29\/fbi-coordinated-crackdown-occupy\"><strong>[76]&nbsp;<\/strong><\/a><a href=\"https:\/\/shoah.org.uk\/plots-to-kill-occupy-leaders-by-sniper-rifles\/\"><strong>[77]<\/strong><\/a><\/p>\n\n\n\n<p><a href=\"https:\/\/en.wikipedia.org\/wiki\/Alan_Bersin\"><strong>Alan Bersin<\/strong><\/a>&nbsp;\u2013 zast\u0119pca sekretarza Departamentu Bezpiecze\u0144stwa Wewn\u0119trznego<\/p>\n\n\n\n<p><a href=\"https:\/\/en.wikipedia.org\/wiki\/Category:Jewish_American_members_of_the_Cabinet_of_the_United_States\"><strong>Michael Chertoff<\/strong><\/a>&nbsp;\u2013 Sekretarz Bezpiecze\u0144stwa Wewn\u0119trznego<\/p>\n\n\n\n<p><a href=\"https:\/\/en.wikipedia.org\/wiki\/Sigal_Mandelker\"><strong>Sigal Mandelker<\/strong><\/a>&nbsp;\u2013 Radca Sekretarza Bezpiecze\u0144stwa Wewn\u0119trznego<\/p>\n\n\n\n<p><a href=\"https:\/\/www.jpost.com\/opinion\/joe-bidens-a-team-of-jewish-advisers-cabinet-members-and-staff-658350\"><strong>Alejandro Mayorkas<\/strong><\/a>&nbsp;\u2013 Zast\u0119pca Sekretarza Bezpiecze\u0144stwa Wewn\u0119trznego<\/p>\n\n\n\n<p><a href=\"https:\/\/www.jewishvirtuallibrary.org\/jews-in-the-biden-administration\"><strong>Alejandro Mayorkas<\/strong><\/a>&nbsp;\u2013 Sekretarz Bezpiecze\u0144stwa Wewn\u0119trznego<\/p>\n\n\n\n<p><a href=\"https:\/\/en.wikipedia.org\/wiki\/David_Pressman\"><strong>David Pressman<\/strong><\/a>&nbsp;\u2013 zast\u0119pca sekretarza Departamentu Bezpiecze\u0144stwa Wewn\u0119trznego<\/p>\n\n\n\n<p><strong>Mi\u0119dzynarodowe prze\u015bladowanie pod p\u0142aszczykiem demokracji<\/strong><\/p>\n\n\n\n<p>NED (National Endowment for Democracy) jest zasadniczo firm\u0105 \u201ekolorowej rewolucji\u201d, specjalizuj\u0105c\u0105 si\u0119 w infiltracji i obalaniu rz\u0105d\u00f3w.&nbsp;Protesty na placu Tiananmen w Chinach w 1989 r. by\u0142y pod koniec ca\u0142kowicie kontrolowane przez NED i CIA.&nbsp;<a href=\"https:\/\/www.bluemoonofshanghai.com\/politics\/tiananmen-square-the-failure-of-an-american-instigated-1989-color-revolution\/\"><strong>[78]<\/strong><\/a>&nbsp;Podobnie, USAID wcale nie jest taki, jak go przedstawiano, ani jak postrzega go opinia publiczna.&nbsp;Oszacowa\u0142bym, \u017ce 80% jego dzia\u0142a\u0144 ma charakter przest\u0119pczy i antyludzki.&nbsp;Wydaje si\u0119 by\u0107 przede wszystkim narz\u0119dziem \u017cydowskiej determinacji do kontroli i redukcji populacji.&nbsp;W jednym s\u0142ynnym przypadku Stany Zjednoczone odm\u00f3wi\u0142y Indiom \u017cywno\u015bci i innej pomocy podczas g\u0142odu, dop\u00f3ki rz\u0105d Indii nie zgodzi\u0142 si\u0119 zezwoli\u0107 USAID na otwarcie o\u015brodk\u00f3w sterylizacji miejscowych kobiet.&nbsp;<a href=\"https:\/\/www.ncregister.com\/news\/foreign-aid-tied-to-sterilization-in-india\"><strong>[79]&nbsp;<\/strong><\/a><a href=\"https:\/\/www.pop.org\/usaid-funding-of-sterilization-camps-in-india-part-1\/\"><strong>[80]&nbsp;<\/strong><\/a><a href=\"https:\/\/www.lifesitenews.com\/opinion\/usaid-is-orchestrating-sterilization-campaign-in-india-part-two\/\"><strong>[81]&nbsp;<\/strong><\/a><a href=\"https:\/\/www.lifesitenews.com\/opinion\/usaid-has-been-the-driving-force-behind-indias-brutal-sterilization-camps\/\"><strong>[82]<\/strong><\/a>&nbsp;Je\u015bli dobrze pami\u0119tam, w Indiach utworzono oko\u0142o 50 000 miejsc przymusowej sterylizacji kobiet.&nbsp;Zgin\u0119\u0142y niezliczone ofiary.&nbsp;Je\u015bli co\u015b z tego jest dla ciebie nowo\u015bci\u0105, naprawd\u0119 powiniene\u015b przeczyta\u0107 ten artyku\u0142 \u201ePrzyjemno\u015bci wyludniania ziemi\u201d&nbsp;<a href=\"https:\/\/www.bluemoonofshanghai.com\/politics\/5760\/\"><strong>[83]<\/strong><\/a><\/p>\n\n\n\n<p>G\u0142os Ameryki jest oczywi\u015bcie tylko maszyn\u0105 propagandow\u0105, a Human Rights Watch obserwuje wszystkie okrucie\u0144stwa praw cz\u0142owieka, z wyj\u0105tkiem tych pope\u0142nianych przez Amerykan\u00f3w na ca\u0142ym \u015bwiecie i \u017byd\u00f3w, zw\u0142aszcza w Palestynie, wszystkie na polecenie londy\u0144skiego City.<\/p>\n\n\n\n<p><a href=\"https:\/\/humanrights.iowa.gov\/icsw\/lynn-germain-cutler\"><strong>Lynn Cutler<\/strong><\/a>&nbsp;\u2013 dyrektor NED<\/p>\n\n\n\n<p><a href=\"https:\/\/en.wikipedia.org\/wiki\/Tom_Dine\"><strong>Tom Dine<\/strong><\/a>&nbsp;\u2013 zast\u0119pca administratora USAID, dyrektor wykonawczy AIPAC<\/p>\n\n\n\n<p><a href=\"https:\/\/en.wikipedia.org\/wiki\/Bonnie_Glick\"><strong>Bonnie Glick<\/strong><\/a>&nbsp;\u2013 zast\u0119pca administratora USAID<\/p>\n\n\n\n<p><a href=\"https:\/\/www.jewishvirtuallibrary.org\/jews-in-the-biden-administration\"><strong>Sharon Kleinbaum<\/strong><\/a>&nbsp;\u2013 komisarz ameryka\u0144skiej Komisji ds. Mi\u0119dzynarodowej Wolno\u015bci Religijnej<\/p>\n\n\n\n<p><a href=\"https:\/\/journals.sagepub.com\/doi\/suppl\/10.1177\/0144739418806558\/suppl_file\/SUPPLEMENTAL.pdf\"><strong>Melvyn Levitsky<\/strong><\/a>&nbsp;\u2013 zast\u0119pca dyrektora Voice of America<\/p>\n\n\n\n<p><a href=\"https:\/\/uscpublicdiplomacy.org\/blog\/remembering-evelyn-lieberman-1944-2015#:~:text=Born%20in%201944%2C%20Lieberman%20grew,of%20Jewish%20immigrants%20from%20Russia.\"><strong>Evelyn Lieberman<\/strong><\/a>&nbsp;\u2013 re\u017cyser G\u0142os Ameryki<\/p>\n\n\n\n<p><a href=\"https:\/\/www.jpost.com\/50-most-influential-jews\/morgan-ortagus-642392\"><strong>Morgan Ortagus<\/strong><\/a>&nbsp;\u2013 USAID Bagdad<\/p>\n\n\n\n<p><a href=\"https:\/\/en.wikipedia.org\/wiki\/Kenneth_Roth\"><strong>Kenneth Roth<\/strong><\/a>&nbsp;\u2013 dyrektor wykonawczy Human Rights Watch<\/p>\n\n\n\n<p><a href=\"https:\/\/www.jewishvirtuallibrary.org\/jews-in-the-barack-obama-administration\"><strong>David Saperstein<\/strong><\/a>&nbsp;\u2013 Ambasador ds. Wolno\u015bci Religijnej<\/p>\n\n\n\n<p><a href=\"https:\/\/en.wikipedia.org\/wiki\/Richard_Schifter\"><strong>Richard Schifter<\/strong><\/a>&nbsp;\u2013 Wys\u0142annik Komisji Praw Cz\u0142owieka ONZ<\/p>\n\n\n\n<p><a href=\"https:\/\/www.jewishvirtuallibrary.org\/jews-in-the-george-w-bush-administration\"><strong>Donald Steinberg<\/strong><\/a>&nbsp;\u2013 zast\u0119pca administratora USAID<\/p>\n\n\n\n<p><a href=\"https:\/\/www.jpost.com\/50-most-influential-jews\/tamara-cofman-wittes-678139\"><strong>Tamara Cofman Wittes<\/strong><\/a>&nbsp;\u2013 zast\u0119pca administratora USAID<\/p>\n\n\n\n<p><strong>Cz\u0119\u015b\u0107 9 \u2013 Kontrola szpiegostwa i kolorowych rewolucji:<\/strong><\/p>\n\n\n\n<p><strong>Wywiad i szpiegostwo<\/strong><\/p>\n\n\n\n<p>Z wcze\u015bniejszego eseju na temat The City of London:&nbsp;<a href=\"https:\/\/www.bluemoonofshanghai.com\/politics\/9358\/\"><strong>[84]<\/strong><\/a>Mam kopi\u0119 dokumentu, kt\u00f3ry zosta\u0142 wydany przez CIA na pro\u015bb\u0119 FOIA.&nbsp;Nie jest to dokument CIA i nie jest jasne, dlaczego mia\u0142by by\u0107 w posiadaniu CIA.&nbsp;Dokument nie jest zredagowany, ale oryginalny autor nie jest zidentyfikowany.&nbsp;Najwa\u017cniejszy punkt tego dokumentu wskazuje na istnienie grupy gdzie\u015b w CIA, kt\u00f3ra dzia\u0142a niezale\u017cnie, dzia\u0142aj\u0105c pod auspicjami i zwierzchnictwem CIA, ale z w\u0142asnym celem i programem niezwi\u0105zanym z reszt\u0105 organizacji.&nbsp;W dokumencie irytuj\u0105co brakuje dok\u0142adnych szczeg\u00f3\u0142\u00f3w, ale implikacja jest taka, \u017ce \u200b\u200bta grupa nie podlega \u017cadnej cz\u0119\u015bci CIA i \u017ce jej dzia\u0142alno\u015b\u0107 mo\u017ce nawet nie by\u0107 znana kierownictwu CIA.&nbsp;Czyta\u0142em o takiej grupie lub s\u0142ysza\u0142em plotki o takiej grupie ju\u017c wcze\u015bniej, ale to by\u0142 pierwszy udokumentowany dow\u00f3d na jej istnienie.<\/p>\n\n\n\n<p>Edward Snowden w artykule zatytu\u0142owanym \u201eCIA nie jest twoim przyjacielem\u201d&nbsp;<a href=\"https:\/\/edwardsnowden.substack.com\/p\/americas-open-wound\"><strong>[85]<\/strong><\/a>&nbsp;r\u00f3wnie\u017c odni\u00f3s\u0142 si\u0119 do tego.&nbsp;Napisa\u0142, \u017ce po utworzeniu CIA: \u201eW ci\u0105gu roku m\u0142oda agencja ju\u017c zsun\u0119\u0142a si\u0119 ze smyczy swojej zamierzonej roli gromadzenia i analizy danych wywiadowczych, aby utworzy\u0107 tajny oddzia\u0142 operacyjny.&nbsp;W ci\u0105gu dekady CIA kierowa\u0142a relacjami ameryka\u0144skich organizacji informacyjnych, obalaj\u0105c demokratycznie wybrane rz\u0105dy (czasami tylko po to, by przynie\u015b\u0107 korzy\u015b\u0107 uprzywilejowanej korporacji), ustanawiaj\u0105c stroje propagandowe w celu manipulowania nastrojami spo\u0142ecznymi, rozpoczynaj\u0105c seri\u0119 d\u0142ugotrwa\u0142ych eksperyment\u00f3w kontroli umys\u0142\u00f3w na nie\u015bwiadomych ludzi.&nbsp;.&nbsp;.&nbsp;i ingerowanie w zagraniczne wybory\u201d.&nbsp;<a href=\"http:\/\/www.informationclearinghouse.info\/57259.htm\"><strong>[86]<\/strong><\/a><\/p>\n\n\n\n<p><a href=\"https:\/\/en.wikipedia.org\/wiki\/Category:20th-century_American_Jews\"><strong>Morton I. Abramowitz<\/strong><\/a>&nbsp;\u2013 Dyrektor Biura Wywiadu i Bada\u0144<\/p>\n\n\n\n<p><a href=\"https:\/\/markle.org\/about-markle\/expert\/zo-baird\/\"><strong>Zo\u00eb Baird (Gerwitz)<\/strong><\/a>&nbsp;\u2013 Komisja ds. r\u00f3l i mo\u017cliwo\u015bci wywiadu USA<\/p>\n\n\n\n<p><a href=\"https:\/\/en.wikipedia.org\/wiki\/Jeremy_Bash\"><strong>Jeremy Bash<\/strong><\/a>&nbsp;\u2013 szef sztabu CIA<\/p>\n\n\n\n<p><a href=\"https:\/\/www.jewishvirtuallibrary.org\/jews-in-the-barack-obama-administration\"><strong>David S. Cohen<\/strong><\/a>&nbsp;\u2013 zast\u0119pca dyrektora CIA (Obama)<\/p>\n\n\n\n<p><a href=\"https:\/\/www.jewishvirtuallibrary.org\/jews-in-the-biden-administration\"><strong>David S. Cohen<\/strong><\/a>&nbsp;\u2013 zast\u0119pca dyrektora CIA (Biden)<\/p>\n\n\n\n<p><a href=\"https:\/\/en.wikipedia.org\/wiki\/Category:Jewish_American_members_of_the_Cabinet_of_the_United_States\"><strong>John Deutch<\/strong><\/a>&nbsp;\u2013 dyrektor Centralnego Wywiadu (CIA)<\/p>\n\n\n\n<p><a href=\"https:\/\/en.wikipedia.org\/wiki\/Jeffrey_Epstein\"><strong>Jeffrey Epstein<\/strong><\/a>&nbsp;\u2013 specjalny attach\u00e9 City of London przy CIA ds. prowokacji seksualnych<\/p>\n\n\n\n<p><a href=\"https:\/\/en.wikipedia.org\/wiki\/Category:Jewish_American_members_of_the_Cabinet_of_the_United_States\"><strong>Dan Glickman<\/strong><\/a>&nbsp;\u2013 Przewodnicz\u0105cy Komisji Wywiadu Izby Reprezentant\u00f3w<\/p>\n\n\n\n<p><a href=\"https:\/\/en.wikipedia.org\/wiki\/Howard_Gutman\"><strong>Howard Gutman<\/strong><\/a>&nbsp;\u2013 specjalny asystent dyrektora FBI<\/p>\n\n\n\n<p><a href=\"https:\/\/en.wikipedia.org\/wiki\/Avril_Haines\"><strong>Avril Haines<\/strong><\/a>&nbsp;\u2013 Zast\u0119pca Dyrektora CIA<\/p>\n\n\n\n<p><a href=\"https:\/\/www.jewishvirtuallibrary.org\/jews-in-the-biden-administration\"><strong>Avril Haines<\/strong><\/a>&nbsp;\u2013 Dyrektor Wywiadu Narodowego<\/p>\n\n\n\n<p><a href=\"https:\/\/www.jewishvirtuallibrary.org\/jews-in-the-biden-administration\"><strong>Anne Neuberger<\/strong><\/a>&nbsp;\u2013 Zast\u0119pca Doradcy NSA ds. Bezpiecze\u0144stwa Narodowego ds. Cyberbezpiecze\u0144stwa<\/p>\n\n\n\n<p><a href=\"https:\/\/www.jewishvirtuallibrary.org\/jews-in-donald-trump-administration\"><strong>Anne Neuberger<\/strong><\/a>&nbsp;\u2013 Zast\u0119pca Dyrektora Krajowego NSA<\/p>\n\n\n\n<p><a href=\"https:\/\/www.jpost.com\/50-most-influential-jews\/article-717730\"><strong>Anne Neuberger<\/strong><\/a>&nbsp;\u2013 Dyrektor ds. Cyberbezpiecze\u0144stwa NSA<\/p>\n\n\n\n<p><a href=\"https:\/\/en.wikipedia.org\/wiki\/Category:American_people_of_Ukrainian-Jewish_descent\"><strong>Valerie Plame<\/strong><\/a>&nbsp;\u2013 oficer CIA<\/p>\n\n\n\n<p><a href=\"https:\/\/en.wikipedia.org\/wiki\/Ned_Price\"><strong>Ned Price<\/strong><\/a>&nbsp;\u2013 analityk wywiadu CIA<\/p>\n\n\n\n<p><a href=\"https:\/\/en.wikipedia.org\/wiki\/Warren_Rudman\"><strong>Warren Rudman<\/strong><\/a>&nbsp;&#8211; Przewodnicz\u0105cy Rady Nadzoru Wywiadu<\/p>\n\n\n\n<p><a href=\"https:\/\/en.wikipedia.org\/wiki\/James_R._Schlesinger\"><strong>James R. Schlesinger<\/strong><\/a>&nbsp;\u2013 Dyrektor Centralnego Wywiadu (CIA)<\/p>\n\n\n\n<p><a href=\"https:\/\/en.wikipedia.org\/w\/index.php?title=Category:Jewish_American_attorneys\"><strong>Andrew Weissmann<\/strong><\/a>&nbsp;\u2013 g\u0142\u00f3wny radca prawny FBI<\/p>\n\n\n\n<p><a href=\"https:\/\/en.wikipedia.org\/wiki\/Neal_S._Wolin\"><strong>Neal S. Wolin<\/strong><\/a>&nbsp;\u2013 Specjalny Asystent Dyrektor\u00f3w CIA<\/p>\n\n\n\n<p><strong>Cz\u0119\u015b\u0107 10 \u2013 Departament Obrony.&nbsp;Kontrola zastraszania, wojny, grabie\u017cy<\/strong><\/p>\n\n\n\n<p>Nast\u0119pnie mamy wojsko, g\u0142\u00f3wnie po to, by wprowadzi\u0107 w \u017cycie plany Departamentu Stanu \u017bydowskiego dotycz\u0105ce wojny, grabie\u017cy, usuwania niepos\u0142usznych przyw\u00f3dc\u00f3w narodowych przez zab\u00f3jstwa, aby uwolni\u0107 ich narody do otwartej grabie\u017cy.<\/p>\n\n\n\n<p>Nale\u017cy zauwa\u017cy\u0107, \u017ce \u201eDepartament Obrony\u201d USA nie jest w \u017caden spos\u00f3b powi\u0105zany z czymkolwiek, co mo\u017cna by uzna\u0107 za \u201eobron\u0119\u201d.&nbsp;Nie ma nikogo, kto powa\u017cnie (poza wyobra\u017ani\u0105) rozwa\u017ca atak na Stany Zjednoczone lub jak\u0105kolwiek ich cz\u0119\u015b\u0107.&nbsp;Departament Obrony USA powinien zosta\u0107 ponownie ochrzczony jako \u201eAmeryka\u0144ski Departament Agresji Wojskowej\u201d.&nbsp;John F. Kennedy s\u0142yn\u0105\u0142 ze stwierdzenia, \u017ce \u200b\u200b\u201eJak \u015bwiat wie, Stany Zjednoczone nigdy nie rozpoczn\u0105 wojny\u201d, co doprowadzi\u0142o nas do przekonania, \u017ce \u200b\u200boko\u0142o 200 wojen, kt\u00f3re Stany Zjednoczone rozpocz\u0119\u0142y przeciwko wielu narodom, mia\u0142o miejsce w \u201esamoobronie\u201d, w kt\u00f3rej wszyscy te narody od Haiti i Nikaragui po Irak i Libi\u0119 jako pierwsze zaatakowa\u0142y Stany Zjednoczone, a Amerykanie \u201etylko si\u0119 bronili\u201d.&nbsp;W tym kontek\u015bcie nale\u017cy zauwa\u017cy\u0107, \u017ce w ci\u0105gu oko\u0142o 245 lat jako nar\u00f3d Stany Zjednoczone by\u0142y w stanie wojny przez oko\u0142o 235 z tych lat.<\/p>\n\n\n\n<p><a href=\"https:\/\/en.wikipedia.org\/wiki\/Kenneth_Adelman\"><strong>Kenneth Adelman<\/strong><\/a>&nbsp;\u2013 Rada Polityki Obronnej Pentagonu<\/p>\n\n\n\n<p><a href=\"https:\/\/en.wikipedia.org\/wiki\/Kenneth_Adelman\"><strong>Kenneth Adelman<\/strong><\/a>&nbsp;\u2013 Dyrektor Agencji Kontroli Zbroje\u0144 i Rozbrojenia<\/p>\n\n\n\n<p><a href=\"https:\/\/www.jta.org\/archive\/reagan-names-11-jews-among-his-68-foreign-policy-and-defense-advisors\"><strong>Kenneth Adolman<\/strong><\/a>&nbsp;, asystent sekretarza obrony<\/p>\n\n\n\n<p><a href=\"https:\/\/markle.org\/about-markle\/expert\/zo-baird\/\"><strong>Zo\u00eb Baird (Gerwitz)<\/strong><\/a>&nbsp;&#8211; Komitet Doradczy Departamentu Obrony<\/p>\n\n\n\n<p><a href=\"https:\/\/en.wikipedia.org\/wiki\/Jeremy_Bash\"><strong>Jeremy Bash<\/strong><\/a>&nbsp;\u2013 szef sztabu Departamentu Obrony<\/p>\n\n\n\n<p><a href=\"https:\/\/en.wikipedia.org\/wiki\/List_of_Jewish_American_politicians\"><strong>Harold Brown<\/strong><\/a>&nbsp;\u2013 Sekretarz Obrony<\/p>\n\n\n\n<p><a href=\"https:\/\/en.wikipedia.org\/w\/index.php?title=Category:21st-century_American_Jews\"><strong>Debra Cagan<\/strong><\/a>&nbsp;\u2013 Zast\u0119pca Asystenta Sekretarza Obrony<\/p>\n\n\n\n<p><a href=\"https:\/\/www.jta.org\/archive\/reagan-names-11-jews-among-his-68-foreign-policy-and-defense-advisors\"><strong>Joseph Churba<\/strong><\/a>&nbsp;\u2013 Doradca ds. Polityki i Obrony<\/p>\n\n\n\n<p><a href=\"https:\/\/en.wikipedia.org\/wiki\/Category:Jewish_American_members_of_the_Cabinet_of_the_United_States\"><strong>William Cohen<\/strong><\/a>&nbsp;\u2013 Sekretarz Obrony<\/p>\n\n\n\n<p><a href=\"https:\/\/en.wikipedia.org\/wiki\/William_Cohen\"><strong>William Sebastian Cohen<\/strong><\/a>&nbsp;\u2013 Sekretarz Obrony<\/p>\n\n\n\n<p><a href=\"https:\/\/www.jewishvirtuallibrary.org\/jews-in-donald-trump-administration\"><strong>Ezra Cohen-Watnick<\/strong><\/a>&nbsp;\u2013 podsekretarz obrony ds. wywiadu<\/p>\n\n\n\n<p><a href=\"https:\/\/en.wikipedia.org\/wiki\/Category:Jewish_American_government_officials\"><strong>Ezra Cohen-Watnick<\/strong><\/a>&nbsp;\u2013 Asystent Sekretarza Obrony<\/p>\n\n\n\n<p><a href=\"https:\/\/en.wikipedia.org\/wiki\/Category:Jewish_American_members_of_the_Cabinet_of_the_United_States\"><strong>John Deutch<\/strong><\/a>&nbsp;\u2013 Zast\u0119pca Sekretarza Obrony<\/p>\n\n\n\n<p><a href=\"https:\/\/en.wikipedia.org\/wiki\/Category:Jewish_American_members_of_the_Cabinet_of_the_United_States\"><strong>John Deutch<\/strong><\/a>&nbsp;\u2013 podsekretarz obrony ds. zakup\u00f3w i technologii<\/p>\n\n\n\n<p><a href=\"https:\/\/en.wikipedia.org\/wiki\/Category:Jewish_American_government_officials\"><strong>Eric S. Edelman<\/strong><\/a>&nbsp;\u2013 podsekretarz obrony ds. polityki<\/p>\n\n\n\n<p><a href=\"https:\/\/en.wikipedia.org\/wiki\/Lee_A._Feinstein\"><strong>Lee A. Feinstein<\/strong><\/a>&nbsp;&#8211; Specjalny Asystent Sekretarza Obrony&nbsp;<\/p>\n\n\n\n<p><a href=\"https:\/\/www.jewishvirtuallibrary.org\/jews-in-the-george-w-bush-administration\"><strong>Douglas Feith<\/strong><\/a>&nbsp;\u2013 podsekretarz obrony ds. polityki<\/p>\n\n\n\n<p><a href=\"https:\/\/en.wikipedia.org\/wiki\/Martin_Feldstein\"><strong>Martin Feldstein<\/strong><\/a>&nbsp;\u2013 Konsultant Departamentu Obrony<\/p>\n\n\n\n<p><a href=\"https:\/\/en.wikipedia.org\/w\/index.php?title=Category:21st-century_American_Jews\"><strong>Glenn Fine<\/strong><\/a>&nbsp;&#8211; pe\u0142ni\u0105cy obowi\u0105zki Generalnego Inspektora Departamentu Obrony<\/p>\n\n\n\n<p><a href=\"https:\/\/en.wikipedia.org\/wiki\/Nathan_Glazer\"><strong>Nathan Glazer<\/strong><\/a>&nbsp;\u2013 Doradca ds. Polityki i Obrony<\/p>\n\n\n\n<p><a href=\"https:\/\/en.wikipedia.org\/wiki\/Richard_N._Haass\"><strong>Richard N. Haass<\/strong><\/a>&nbsp;\u2013 Departament Obrony<\/p>\n\n\n\n<p><a href=\"https:\/\/www.jta.org\/archive\/reagan-names-11-jews-among-his-68-foreign-policy-and-defense-advisors\"><strong>Walter Hahn<\/strong><\/a>&nbsp;\u2013 analityk obrony<\/p>\n\n\n\n<p><a href=\"https:\/\/en.wikipedia.org\/wiki\/Morton_Halperin\"><strong>Morton Halperin<\/strong><\/a>&nbsp;\u2013 doc.&nbsp;sekretarz obrony<\/p>\n\n\n\n<p><a href=\"https:\/\/en.wikipedia.org\/wiki\/Morton_Halperin\"><strong>Morton Halperin<\/strong><\/a>&nbsp;\u2013 Zast\u0119pca Asystenta Sekretarza Obrony ds. Bezpiecze\u0144stwa Mi\u0119dzynarodowego<\/p>\n\n\n\n<p><a href=\"https:\/\/en.wikipedia.org\/wiki\/Category:Jewish_American_government_officials\"><strong>Stephen Herbits<\/strong><\/a>&nbsp;\u2013 konsultant Sekretarza Obrony<\/p>\n\n\n\n<p><a href=\"https:\/\/en.wikipedia.org\/wiki\/List_of_Jewish_members_of_the_United_States_Congress\"><strong>Ken Kramer<\/strong><\/a>&nbsp;\u2013 zast\u0119pca sekretarza armii<\/p>\n\n\n\n<p><a href=\"https:\/\/www.jta.org\/archive\/reagan-names-11-jews-among-his-68-foreign-policy-and-defense-advisors\"><strong>Charles Kupperman<\/strong><\/a>&nbsp;\u2013 analityk obrony<\/p>\n\n\n\n<p><a href=\"https:\/\/www.jpost.com\/50-most-influential-jews\/article-717716\"><strong>Ronald S. Lauder<\/strong><\/a>&nbsp;\u2013 Zast\u0119pca Asystenta Sekretarza Obrony ds. Europejskich i NATO<\/p>\n\n\n\n<p><a href=\"https:\/\/www.jta.org\/archive\/reagan-names-11-jews-among-his-68-foreign-policy-and-defense-advisors\"><strong>Dr John Lehman<\/strong><\/a>&nbsp;\u2013 Doradca ds. Polityki i Obrony<\/p>\n\n\n\n<p><a href=\"https:\/\/en.wikipedia.org\/wiki\/Richard_Perle\"><strong>Richard Perle<\/strong><\/a>&nbsp;\u2013 Przewodnicz\u0105cy Rady Polityki Obronnej<\/p>\n\n\n\n<p><a href=\"https:\/\/en.wikipedia.org\/wiki\/Richard_Perle\"><strong>Richard Perle<\/strong><\/a>&nbsp;&#8211; 1. zast\u0119pca sekretarza obrony<\/p>\n\n\n\n<p><a href=\"https:\/\/www.nytimes.com\/1992\/07\/19\/style\/weddings-ms-wasserman-michael-schiffer.html\"><strong>Michael Schiffer<\/strong><\/a>&nbsp;\u2013 Zast\u0119pca Asystenta Sekretarza Obrony<\/p>\n\n\n\n<p><a href=\"https:\/\/en.wikipedia.org\/wiki\/James_R._Schlesinger\"><strong>James R. Schlesinger<\/strong><\/a>&nbsp;\u2013 Sekretarz Obrony<\/p>\n\n\n\n<p><a href=\"https:\/\/en.wikipedia.org\/wiki\/Norton_A._Schwartz\"><strong>Genera\u0142 Norton A. Schwartz<\/strong><\/a>&nbsp;\u2013 Szef Sztabu Si\u0142 Powietrznych USA<\/p>\n\n\n\n<p><a href=\"https:\/\/www.jta.org\/2005\/03\/27\/lifestyle\/u-s-s-moscow-ambassador-hosts-seder\"><strong>Alexander Vershbow<\/strong><\/a>&nbsp;\u2013 Asystent Sekretarza Obrony<\/p>\n\n\n\n<p><a href=\"https:\/\/www.jta.org\/2005\/03\/27\/lifestyle\/u-s-s-moscow-ambassador-hosts-seder\"><strong>Alexander Vershbow<\/strong><\/a>&nbsp;\u2013 Zast\u0119pca Sekretarza Generalnego NATO<\/p>\n\n\n\n<p><a href=\"https:\/\/en.wikipedia.org\/wiki\/Caspar_Weinberger\"><strong>Caspar Weinberger<\/strong><\/a>&nbsp;\u2013 Sekretarz Obrony<\/p>\n\n\n\n<p><a href=\"https:\/\/www.jta.org\/archive\/reagan-names-11-jews-among-his-68-foreign-policy-and-defense-advisors\"><strong>Aharon Wildavsky<\/strong><\/a>&nbsp;\u2013 doradca ds. polityki i obrony<\/p>\n\n\n\n<p><a href=\"https:\/\/www.jewishvirtuallibrary.org\/jews-in-the-george-w-bush-administration\"><strong>Paul Wolfowitz<\/strong><\/a>&nbsp;\u2013 Zast\u0119pca Sekretarza Obrony<\/p>\n\n\n\n<p><a href=\"https:\/\/en.wikipedia.org\/wiki\/Paul_Wolfowitz\"><strong>Paul Wolfowitz<\/strong><\/a>&nbsp;\u2013 podsekretarz obrony ds. polityki<\/p>\n\n\n\n<p><a href=\"https:\/\/www.jewishvirtuallibrary.org\/jews-in-the-george-w-bush-administration\"><strong>Dov Zakheim<\/strong><\/a>&nbsp;\u2013 Podsekretarz Obrony<\/p>\n\n\n\n<p><a href=\"https:\/\/en.wikipedia.org\/wiki\/Dov_S._Zakheim\"><strong>Dov Zakheim<\/strong><\/a>&nbsp;\u2013 Konsultant Biura Sekretarza Obrony<\/p>\n\n\n\n<p><a href=\"https:\/\/en.wikipedia.org\/wiki\/Category:Jewish_American_government_officials\"><strong>Dov Zakheim<\/strong><\/a>&nbsp;\u2013 Kontroler Departamentu Obrony<\/p>\n\n\n\n<p><strong>Cz\u0119\u015b\u0107 11 \u2013 Kontrola nad \u015bwiatem<\/strong><\/p>\n\n\n\n<p><strong>Departament Stanu USA<\/strong><\/p>\n\n\n\n<p>Najpierw oficjalna wersja:<\/p>\n\n\n\n<p>\u201eDepartament Stanu Stan\u00f3w Zjednoczonych jest departamentem wykonawczym rz\u0105du federalnego odpowiedzialnym za polityk\u0119 zagraniczn\u0105 i stosunki kraju.&nbsp;Odpowiednik ministerstw spraw zagranicznych innych kraj\u00f3w, jego g\u0142\u00f3wnymi zadaniami s\u0105 doradzanie prezydentowi USA w stosunkach mi\u0119dzynarodowych, administrowanie misjami dyplomatycznymi, negocjowanie mi\u0119dzynarodowych traktat\u00f3w i porozumie\u0144 oraz reprezentowanie USA w ONZ.&nbsp;<a href=\"https:\/\/en.wikipedia.org\/wiki\/United_States_Department_of_State\"><strong>[87]<\/strong><\/a><\/p>\n\n\n\n<p>Departament Stanu faktycznie robi wszystkie te rzeczy, ale oficjalne o\u015bwiadczenie zawiera jedno wielkie k\u0142amstwo \u2013 cz\u0119\u015b\u0107 o tych dzia\u0142aniach jest jego \u201epodstawowymi obowi\u0105zkami\u201d.&nbsp;Nie ma sensu kwestionowa\u0107 twierdzenia, \u017ce \u200b\u200bpodstawow\u0105 dzia\u0142alno\u015bci\u0105 Departamentu Stanu jest:&nbsp;<strong>obalanie rz\u0105d\u00f3w<\/strong>&nbsp;(Ukraina, Wenezuela i in.);&nbsp;u\u017cycie \u201edyplomacji\u201d w celu&nbsp;<strong>doprowadzenia narod\u00f3w do punktu rewolucji lub wojny<\/strong>&nbsp;;&nbsp;wsp\u00f3\u0142pracowa\u0107 z Genem Sharpem z Instytutu Einsteina na Harvardzie w celu&nbsp;<strong>wspierania Kolorowych Rewolucji<\/strong>&nbsp;;&nbsp;zn\u0119ca\u0107&nbsp;<strong>si\u0119 nad narodami, aby zaakceptowa\u0142y hegemoni\u0119 USA<\/strong>&nbsp;, ameryka\u0144skie bazy wojskowe i ameryka\u0144skie laboratoria broni biologicznej;&nbsp;grozi\u0107&nbsp;<strong>i zastrasza\u0107 narody, by nienawidzi\u0142y<\/strong>&nbsp;Rosji, Chin i Iranu;&nbsp;zastrasza\u0107&nbsp;<strong>mi\u0119dzynarodowe korporacje<\/strong>odm\u00f3wi\u0107 prowadzenia interes\u00f3w z krajami w niekorzystnej sytuacji;&nbsp;organizowa\u0107&nbsp;<strong>sankcje finansowe<\/strong>&nbsp;i inne kary dla niepos\u0142usznych kraj\u00f3w;&nbsp;wspieranie&nbsp;<strong>interes\u00f3w finansowych ameryka\u0144skich i \u017cydowskich korporacji mi\u0119dzynarodowych<\/strong>&nbsp;w innych krajach;&nbsp;aby og\u00f3lnie&nbsp;<strong>wspiera\u0107 interesy Izraela<\/strong>&nbsp;i mi\u0119dzynarodowy program chazarskich \u017byd\u00f3w mafijnych w londy\u0144skim City.<\/p>\n\n\n\n<p>To znowu nie jest fantazja.&nbsp;Pomy\u015bl o obaleniu prawowitego rz\u0105du Ukrainy w 2014 r., kt\u00f3ry zostanie zast\u0105piony przez \u017byda, kt\u00f3ry b\u0119dzie sprzyja\u0142 wojnie z Rosj\u0105.&nbsp;To by\u0142a \u017byd\u00f3wka,&nbsp;<strong>Victoria Nuland<\/strong>&nbsp;z Departamentu Stanu USA, kt\u00f3ra kierowa\u0142a ca\u0142ym tym przedstawieniem.&nbsp;Pomy\u015bl o martwej pr\u00f3bie \u201e&nbsp;<strong>Ja\u015bminowej Rewolucji<\/strong>&nbsp;\u201d w Chinach, gdzie wezwania \u201ew tajemniczy spos\u00f3b\u201d zala\u0142y media spo\u0142eczno\u015bciowe w USA i Chinach, prosz\u0105c wszystkich Chi\u0144czyk\u00f3w o zebranie si\u0119 w okre\u015blonych punktach we wszystkich g\u0142\u00f3wnych miastach, aby zaprotestowa\u0107 przeciwko ich \u201edyktatorskiemu rz\u0105dowi\u201d.&nbsp;To by\u0142 \u017byd,&nbsp;<strong>Jared Cohen<\/strong>&nbsp;, z Departamentu Stanu USA, kt\u00f3ry przewodzi\u0142 tym wysi\u0142kom.&nbsp;Pomys\u0142 nie by\u0142 jego, ale wykonanie tak.&nbsp;M\u00f3g\u0142bym wymieni\u0107 25 innych takich dzia\u0142a\u0144.&nbsp;Pami\u0119tajcie te\u017c, \u017ce by\u0142a to inna \u017byd\u00f3wka,&nbsp;<strong>Madeleine Albright<\/strong>jako sekretarz stanu USA, kt\u00f3ry zorganizowa\u0142 78-dniowe bombardowanie Serbii \u2013 najd\u0142u\u017csz\u0105 kampani\u0119 bombow\u0105 w historii \u015bwiata.&nbsp;Pami\u0119tajcie te\u017c, \u017ce to Madeleine Albright zaplanowa\u0142a zniszczenie infrastruktury wodnej Iraku.&nbsp;Dzi\u0119ki temu Albright zyska\u0142 s\u0142aw\u0119 jako&nbsp;<strong>najbardziej p\u0142odny zab\u00f3jca dzieci na \u015bwiecie<\/strong>&nbsp;, ten ob\u0142\u0105kany psychopata bezpo\u015brednio odpowiedzialny za \u015bmier\u0107 ponad 500 000 niemowl\u0105t w Iraku, kt\u00f3ry nast\u0119pnie powiedzia\u0142: \u201eTak, by\u0142o warto\u201d;&nbsp;\u2013 za co Obama odznaczy\u0142 j\u0105 Prezydenckim Medalem Wolno\u015bci, najwy\u017cszym cywilnym odznaczeniem Stan\u00f3w Zjednoczonych.<\/p>\n\n\n\n<p>To \u017bydzi, tacy jak Madeleine Albright z Jugos\u0142awi\u0105 i Irakiem, Henry Kissinger z Wietnamem i Paul Wolfowitz z Irakiem, wykorzystali si\u0142\u0119 i wp\u0142ywy swoich pozycji, by kierowa\u0107 ameryka\u0144sk\u0105 polityk\u0105 zagraniczn\u0105 tam, gdzie oni i ich opiekunowie chcieli, \u017ceby sz\u0142a.&nbsp;<strong>Kissinger<\/strong>&nbsp;pom\u00f3g\u0142 stworzy\u0107 i nadzorowa\u0107 wszystkie okrucie\u0144stwa USA w Wietnamie i wiele w Ameryce \u015arodkowej i Po\u0142udniowej.&nbsp;<strong>Wolfowitz<\/strong>&nbsp;by\u0142 skrajnym jastrz\u0119biem w Iraku i najwyra\u017aniej naciska\u0142 na inwazj\u0119 kilka dni po 11 wrze\u015bnia, u\u017cywaj\u0105c tego jako wym\u00f3wki.&nbsp;Nie do ko\u0144ca pasuj\u0105 one do \u201ezarz\u0105dzania misjami dyplomatycznymi\u201d i \u201enegocjowania um\u00f3w mi\u0119dzynarodowych\u201d.<\/p>\n\n\n\n<p>Istnieje zarejestrowana interesuj\u0105ca wymiana wiadomo\u015bci od&nbsp;<strong>Henry&#8217;ego Kissingera<\/strong>&nbsp;, gdy by\u0142 sekretarzem stanu USA.&nbsp;<strong>David Popper<\/strong>&nbsp;by\u0142 \u017cydowskim ambasadorem w Chile za panowania Pinocheta po tym, jak Departament Stanu USA dokona\u0142 egzekucji obalenia demokratycznie wybranego prezydenta Salvadora Allende, a Pinochet rozpocz\u0105\u0142 seri\u0119 okrucie\u0144stw przeciwko w\u0142asnemu narodowi.&nbsp;Popper by\u0142 na tyle ludzki, by podzieli\u0107 si\u0119 z Departamentem Stanu swoimi obawami dotycz\u0105cymi okrucie\u0144stw.&nbsp;Kissinger odpowiedzia\u0142 po\u015bredni\u0105 wiadomo\u015bci\u0105 do ambasady, kt\u00f3ra brzmia\u0142a: \u201ePowiedz Popperowi, \u017ceby zrezygnowa\u0142 z wyk\u0142ad\u00f3w z nauk politycznych\u201d.&nbsp;<a href=\"https:\/\/en.wikipedia.org\/wiki\/David_H._Popper\"><strong>[88]<\/strong><\/a>&nbsp;To te\u017c nie pasuje do tworzenia dobrych relacji i pracy na rzecz pokoju.<\/p>\n\n\n\n<p>Departament Stanu USA jest r\u00f3wnie\u017c stale zaanga\u017cowany w prze\u015bladowania ma\u0142ej Kuby, w odwecie za wyp\u0119dzenie przez Castro wszystkich \u017byd\u00f3w po rewolucji.&nbsp;Jeden artyku\u0142 z&nbsp;<strong>G\u0142osu Ameryki<\/strong>&nbsp;nosi\u0142 tytu\u0142 \u201eBlokowanie re\u017cimu Kuby przed wykorzystywaniem Kuba\u0144czyk\u00f3w\u201d.&nbsp;<a href=\"https:\/\/editorials.voa.gov\/a\/blocking-cuba-s-regime-from-exploiting-cuban-people\/5709296.html\"><strong>[89]<\/strong><\/a>&nbsp;To by\u0142o interesuj\u0105ce, poniewa\u017c sankcje, kt\u00f3re Stany Zjednoczone nieustannie nak\u0142ada\u0142y na Kub\u0119 przez ostatnie 70 lat, skaza\u0142y ten ma\u0142y kraj na skrajn\u0105 bied\u0119, brak lek\u00f3w i technologii oraz og\u00f3ln\u0105 n\u0119dz\u0119, nie wspominaj\u0105c ju\u017c o 638 nieudanych pr\u00f3bach zabicia Castro.&nbsp;<a href=\"https:\/\/www.theguardian.com\/world\/2006\/aug\/03\/cuba.duncancampbell2\"><strong>[90]&nbsp;<\/strong><\/a><a href=\"https:\/\/www.bbc.com\/news\/world-latin-america-38121583\"><strong>[91]<\/strong><\/a>&nbsp;To nie wydaje si\u0119, przynajmniej na pierwszy rzut oka, potwierdza\u0107 tezy, \u017ce Departament Stanu USA jest bardzo zaniepokojony \u201ewykorzystywaniem Kuba\u0144czyk\u00f3w\u201d.<\/p>\n\n\n\n<p>W podobnym duchu mo\u017cesz wiedzie\u0107, \u017ce Departament Stanu i wojsko USA zainstalowa\u0142y i wspiera\u0142y Anastasio Somoza i jego rodzin\u0119 jako brutalnych dyktator\u00f3w Nikaragui.&nbsp;Ciekawe, \u017ce kiedy wyszukuj\u0119 has\u0142a \u201edyktatorzy Nikaragui\u201d, Google i Bing umieszczaj\u0105 w nag\u0142\u00f3wkach wyniki artyku\u0142y o Danielu Ortedze \u2013 cz\u0142owieku, kt\u00f3ry obali\u0142 wspieranych przez USA Somozas i przeprowadzi\u0142 wolne wybory.&nbsp;Wydaje si\u0119, \u017ce bojownik o wolno\u015b\u0107 dla jednego jest terroryst\u0105 (lub dyktatorem) dla innego.&nbsp;W odpowiedzi Departament Stanu USA na\u0142o\u017cy\u0142 na ten ma\u0142y kraj najbardziej brutalne mo\u017cliwe sankcje, tak brutalne, \u017ce standard \u017cycia spad\u0142 podobno o oko\u0142o 90%.&nbsp;Nast\u0119pnie Departament Stanu powiedzia\u0142 Ortedze, \u017ce jego kraj natychmiast wr\u00f3ci do normalno\u015bci, je\u015bli tylko zrezygnuje i przeprowadzi wybory z dwoma wybranymi przez USA osobami jako jedynymi kandydatami.&nbsp;Ortega nie mia\u0142 wyboru.,&nbsp;<a href=\"https:\/\/en.wikipedia.org\/wiki\/Bernard_W._Aronson\"><strong>[92]<\/strong><\/a>&nbsp;najwyra\u017aniej myl\u0105c Orteg\u0119 z Somoz\u0105.&nbsp;Jednak, aby nie straci\u0107 g\u0142\u00f3wnego punktu, kt\u00f3ry jest taki, \u017ce kiedy spojrzymy poza propagand\u0119 i psycho-be\u0142kot,&nbsp;<strong>jest to typowa codzienna aktywno\u015b\u0107 Departamentu Stanu USA w prawdziwym \u017cyciu.<\/strong><\/p>\n\n\n\n<p>Wydaje si\u0119, \u017ce nie ma powodu, by w\u0105tpi\u0107, \u017ce Departament Stanu USA otrzymuje rozkazy wymarszu z londy\u0144skiego City, poniewa\u017c wi\u0119kszo\u015b\u0107 jego dzia\u0142a\u0144 przynosi niewielkie lub \u017cadne korzy\u015bci dla USA, ale ogromne korzy\u015bci dla Izraela i programu \u017cydowskiego.&nbsp;Pami\u0119taj, \u017ce Departament Stanu kontroluje wszystkie sprawy zagraniczne, prawie wszystkie, kt\u00f3re nie s\u0105 wewn\u0119trzne, przynajmniej do czasu przekazania swoich projekt\u00f3w armii USA w celu ostatecznego zako\u0144czenia.&nbsp;Z poni\u017cszej listy wida\u0107, \u017ce ten krytyczny departament jest w przewa\u017caj\u0105cej mierze \u017cydowski, a zatem odpowiedzialny za praktycznie wszystkie powa\u017cne problemy polityczne na \u015bwiecie.&nbsp;I to bynajmniej nie pierwszy raz.&nbsp;Mo\u017ce zechcesz przeczyta\u0107 \u201eThe Cause of World Unrest\u201d&nbsp;<a href=\"https:\/\/www.bluemoonofshanghai.com\/wp-content\/uploads\/2022\/09\/The-Cause-of-World-Unrest.pdf\"><strong>[93]<\/strong><\/a>&nbsp;Howella Arthura Gwynne&#8217;a, redaktora londy\u0144skiego Morning Post, napisan\u0105 w 1920 roku. Od tego czasu nic si\u0119 nie zmieni\u0142o.<\/p>\n\n\n\n<p>Nie wydaje si\u0119 ju\u017c d\u0142u\u017cej tajemnic\u0105, \u017ce chazarscy (tak zwani) \u017bydzi w londy\u0144skim City chc\u0105 rozpocz\u0105\u0107 III wojn\u0119 \u015bwiatow\u0105, aby zrealizowa\u0107 swoje plany.&nbsp;<a href=\"https:\/\/www.bluemoonofshanghai.com\/politics\/2595\/\"><strong>[94]<\/strong><\/a>&nbsp;Celem jest ostateczne zniszczenie Rosji, Chin&nbsp;<a href=\"https:\/\/www.bluemoonofshanghai.com\/politics\/3238\/\"><strong>[95]<\/strong><\/a>&nbsp;i Iranu, aby usun\u0105\u0107 ostateczne przeszkody dla ich fantazji o \u017cydowskim rz\u0105dzie jednego \u015bwiata, i jest to robione dok\u0142adnie w ten sam spos\u00f3b, w jaki zaprojektowali pierwszy dwie wojny \u015bwiatowe.&nbsp;<a href=\"https:\/\/www.bluemoonofshanghai.com\/politics\/1582\/\"><strong>[96]&nbsp;<\/strong><\/a><a href=\"https:\/\/www.bluemoonofshanghai.com\/politics\/5840\/\"><strong>[97]&nbsp;<\/strong><\/a><a href=\"https:\/\/www.bluemoonofshanghai.com\/politics\/5890\/\"><strong>[98]<\/strong><\/a>&nbsp;Wszystko, co dzieje si\u0119 dzisiaj z Rosj\u0105, Chinami i Iranem, to ca\u0142kowicie \u017cydowska polityka emanuj\u0105ca z tego \u017ar\u00f3d\u0142a.&nbsp;Wszystkie prowokacje przeprowadzane dzisiaj przez Departament Stanu USA i wojsko s\u0105 kierowane przez \u017byd\u00f3w, kt\u00f3rzy ca\u0142kowicie kontroluj\u0105 Departament Stanu USA.<\/p>\n\n\n\n<p>Jest jeszcze co\u015b, co Departament Stanu USA robi, co mog\u0142e\u015b podejrzewa\u0107, ale nie mia\u0142e\u015b konkretnych informacji: korzystaj\u0105c z przywilej\u00f3w dyplomatycznych i personelu swoich ambasad i konsulat\u00f3w, szpieguje kraje przyjmuj\u0105ce.&nbsp;Mo\u017ce ci si\u0119 spodoba\u0107 przeczytanie tego: \u201eJe\u015bli to robisz, to jest to szpiegowanie.&nbsp;Je\u015bli to robi\u0119, to badania\u201d.&nbsp;<a href=\"https:\/\/www.bluemoonofshanghai.com\/politics\/4109\/\"><strong>[99]<\/strong><\/a>&nbsp;Wiele z tych dzia\u0142a\u0144 obejmuje identyfikowanie Amerykan\u00f3w pracuj\u0105cych w Chinach i r\u00f3\u017cnych niezadowolonych Chi\u0144czyk\u00f3w, kt\u00f3rzy mog\u0105 chcie\u0107 \u201ezbiera\u0107 badania\u201d dla rz\u0105du USA.&nbsp;To kosztuje pieni\u0105dze, kt\u00f3re trzeba zap\u0142aci\u0107 got\u00f3wk\u0105 i zap\u0142aci\u0107 \u201epod sto\u0142em\u201d.&nbsp;Jak to sfinansowa\u0107?<\/p>\n\n\n\n<p>W badanym roku (2014) ameryka\u0144skie konsulaty w Chinach otrzyma\u0142y oko\u0142o 1,8 miliona wniosk\u00f3w wizowych od chi\u0144skich obywateli&nbsp;<a href=\"https:\/\/travel.state.gov\/content\/dam\/visas\/Straight%20Facts%20on%20US%20Visas%20in%20China.pdf\"><strong>[100]<\/strong><\/a>&nbsp;, g\u0142\u00f3wnie w celu studiowania lub turystyki.&nbsp;Ambasada i konsulaty USA pobiera\u0142y bezzwrotn\u0105 op\u0142at\u0119 w wysoko\u015bci 1000 RMB (oko\u0142o 150 USD) za ka\u017cdy wniosek, z zastrze\u017ceniem, \u017ce op\u0142ata mo\u017ce by\u0107 uiszczana wy\u0142\u0105cznie w got\u00f3wce.&nbsp;Aby oszcz\u0119dzi\u0107 wam matematyki, jest to oko\u0142o 270 milion\u00f3w dolar\u00f3w, kt\u00f3re ca\u0142kowicie omijaj\u0105 system bankowy i s\u0105 dost\u0119pne dla tajnych operacji.<\/p>\n\n\n\n<p>Ambasada USA w Pekinie, cierpi\u0105ca z powodu powtarzaj\u0105cych si\u0119 atak\u00f3w za t\u0119 polityk\u0119, podj\u0119\u0142a pr\u00f3b\u0119 kontroli szk\u00f3d, umieszczaj\u0105c now\u0105 stron\u0119 na swojej stronie internetowej, zapewniaj\u0105c Chi\u0144czyk\u00f3w, \u017ce tak naprawd\u0119 nie potrzebuj\u0105 got\u00f3wki na swoje czarne operacje, o czym \u015bwiadczy fakt, \u017ce nagle akceptuj karty kredytowe \u2013 VISA, MasterCard, AMEX i Diners Club.&nbsp;To by\u0142o s\u0142odkie.&nbsp;Liczba Chi\u0144czyk\u00f3w posiadaj\u0105cych karty AMEX lub Diners Club by\u0142aby mniej wi\u0119cej taka sama, jak liczba Amerykan\u00f3w posiadaj\u0105cych karty kredytowe Bank of China \u2013 innymi s\u0142owy w przybli\u017ceniu zero.&nbsp;Dlaczego ambasada USA w Pekinie nie akceptuje chi\u0144skich kart kredytowych?&nbsp;Poniewa\u017c naprawd\u0119 potrzebowali got\u00f3wki na swoje czarne operacje.<\/p>\n\n\n\n<p>Naprawd\u0119 musisz przeczyta\u0107 ten artyku\u0142 o firmie Pfizer: \u201ePerfekcyjna epidemia firmy Pfizer\u201d.&nbsp;<a href=\"https:\/\/www.bluemoonofshanghai.com\/politics\/6597\/\"><strong>[100a]<\/strong><\/a>To ci sami ludzie, kt\u00f3rzy wyprodukowali wi\u0119kszo\u015b\u0107 \u201eszczepionek\u201d na COVID-19.&nbsp;Nie b\u0119d\u0119 tutaj podawa\u0107 wielu szczeg\u00f3\u0142\u00f3w, ale w zasadzie Pfizer stworzy\u0142 nowy lek na zapalenie opon m\u00f3zgowych, kt\u00f3rego FDA odm\u00f3wi\u0142a zatwierdzenia ze wzgl\u0119du na powa\u017cne zagro\u017cenia, wi\u0119c Pfizer zabra\u0142 go do Nigerii, gdzie nast\u0105pi\u0142a nag\u0142a epidemia zapalenia opon m\u00f3zgowych (najprawdopodobniej spowodowana przez WHO).&nbsp;Pfizer najwyra\u017aniej sfa\u0142szowa\u0142 upowa\u017cnienia i umie\u015bci\u0142 je wstecz na dat\u0119 poprzedzaj\u0105c\u0105 ich \u201eproces\u201d.&nbsp;K\u0142amali r\u00f3wnie\u017c na temat uzyskiwania zgody rodzic\u00f3w na podawanie eksperymentalnego leku ma\u0142ym dzieciom, kt\u00f3rego u\u017cycie nie tylko spowodowa\u0142o \u015bmier\u0107 wielu dzieci, ale tak\u017ce uszkodzenie m\u00f3zgu, parali\u017c lub niewyra\u017an\u0105 mow\u0119.&nbsp;Nigeria z\u0142o\u017cy\u0142a wiele pozw\u00f3w, a firma Pfizer ostatecznie zgodzi\u0142a si\u0119 zap\u0142aci\u0107 75 mln USD odszkodowania i utworzy\u0107 fundusz w wysoko\u015bci 35 mln USD na odszkodowania dla ofiar.<\/p>\n\n\n\n<p>Ale Pfizer ucieka\u0142 si\u0119 do wymusze\u0144 i szanta\u017cu nigeryjskich urz\u0119dnik\u00f3w pa\u0144stwowych, pr\u00f3buj\u0105c unikn\u0105\u0107 jakichkolwiek p\u0142atno\u015bci na rzecz rodzin ma\u0142ych ofiar swoich nielegalnych test\u00f3w narkotykowych.&nbsp;Brytyjski Guardian poinformowa\u0142, \u017ce ujawnione depesze dyplomatyczne rz\u0105du USA ujawni\u0142y, \u017ce \u201ePfizer wynaj\u0105\u0142 \u015bledczych, aby szukali dowod\u00f3w korupcji przeciwko nigeryjskiemu prokuratorowi generalnemu, staraj\u0105c si\u0119 przekona\u0107 go do wycofania si\u0119 z dzia\u0142a\u0144 prawnych\u201d, przy widocznej pe\u0142nej wiedzy i pomocy&nbsp;<strong>USA Departament stanu.<\/strong>Nie tylko to, ale kiedy Nigeria pr\u00f3bowa\u0142a z\u0142o\u017cy\u0107 pozew w USA, s\u0105dy ameryka\u0144skie dziwnie stwierdzi\u0142y, \u017ce nie maj\u0105 \u201ew\u0142a\u015bciwo\u015bci\u201d do rozpatrywania takich roszcze\u0144.&nbsp;To nie pierwszy raz, kiedy rz\u0105d USA, Departament Stanu i s\u0105dy USA okr\u0105\u017caj\u0105 wagony, by chroni\u0107 \u017cydowsk\u0105 wielonarodowo\u015b\u0107.&nbsp;I jak to prawie zawsze si\u0119 zdarza, \u017bydzi opublikowali artyku\u0142y m\u00f3wi\u0105ce nam, \u017ce \u201emotywy nigeryjskiego rz\u0105du (w pot\u0119pieniu Pfizera) zosta\u0142y zakwestionowane\u201d.&nbsp;<a href=\"https:\/\/www.telegraph.co.uk\/finance\/2851541\/Personal-view-Anti-test-case-thats-hard-to-swallow.html\"><strong>[100b]<\/strong><\/a>Wi\u0119c teraz nie chodzi o \u017cydowsk\u0105 firm\u0119 celowo nara\u017caj\u0105c\u0105 \u017cycie i zabijanie ma\u0142ych (nie-\u017cydowskich) dzieci, ale o rz\u0105d o w\u0105tpliwych motywach.&nbsp;I w ten spos\u00f3b tym \u017bydom zawsze udaje si\u0119 przekr\u0119ci\u0107 histori\u0119 i obwinia\u0107 ofiar\u0119.&nbsp;Ale znowu, aby nie straci\u0107 g\u0142\u00f3wnego punktu, kt\u00f3rym jest to, \u017ce ochrona \u017cydowskich mi\u0119dzynarodowych koncern\u00f3w na ca\u0142ym \u015bwiecie jest jedn\u0105 z g\u0142\u00f3wnych funkcji Departamentu Stanu USA.<\/p>\n\n\n\n<p>Z poni\u017cszych list mo\u017cna zobaczy\u0107 przyt\u0142aczaj\u0105c\u0105 \u017cydowsk\u0105 kontrol\u0119 nad Departamentem Stanu USA:<strong>&nbsp;<\/strong><\/p>\n\n\n\n<p><a href=\"https:\/\/www.jewishvirtuallibrary.org\/jews-in-donald-trump-administration\"><strong>Elliott Abrams<\/strong><\/a>&nbsp;\u2013 Specjalny Przedstawiciel na Wenezuel\u0119 i Iran<\/p>\n\n\n\n<p><a href=\"https:\/\/en.wikipedia.org\/wiki\/Elliott_Abrams\"><strong>Elliott Abrams<\/strong><\/a>&nbsp;\u2013 zast\u0119pca sekretarza stanu ds. mi\u0119dzyameryka\u0144skich<\/p>\n\n\n\n<p><a href=\"https:\/\/en.wikipedia.org\/wiki\/Elliott_Abrams\"><strong>Elliott Abrams<\/strong><\/a>&nbsp;\u2013 Asystent Sekretarza Stanu ds. Praw Cz\u0142owieka<\/p>\n\n\n\n<p><a href=\"https:\/\/en.wikipedia.org\/wiki\/Elliott_Abrams\"><strong>Elliott Abrams<\/strong><\/a>&nbsp;\u2013 Asystent Sekretarza Stanu ds. Organizacji Mi\u0119dzynarodowej<\/p>\n\n\n\n<p><a href=\"https:\/\/en.wikipedia.org\/wiki\/Madeleine_Albright#Early_life_and_career\"><strong>Madeline Albright<\/strong><\/a>&nbsp;\u2013 Sekretarz Stanu<\/p>\n\n\n\n<p><a href=\"https:\/\/en.wikipedia.org\/w\/index.php?title=Category:21st-century_American_Jews\"><strong>Bernard W. Aronson<\/strong><\/a>&nbsp;\u2013 Asystent Sekretarza Stanu<\/p>\n\n\n\n<p><a href=\"https:\/\/en.wikipedia.org\/w\/index.php?title=Category:21st-century_American_Jews\"><strong>Bernard W. Aronson<\/strong><\/a>&nbsp;\u2013 Specjalny Wys\u0142annik ds. Procesu Pokojowego w Kolumbii<\/p>\n\n\n\n<p><a href=\"https:\/\/en.wikipedia.org\/wiki\/Daniel_Benjamin\"><strong>Daniel Benjamin<\/strong><\/a>&nbsp;\u2013 Koordynator Departamentu Stanu ds. Zwalczania Terroryzmu<\/p>\n\n\n\n<p><a href=\"https:\/\/www.jewishvirtuallibrary.org\/jews-in-the-biden-administration\"><strong>Antony Blinken<\/strong><\/a>&nbsp;\u2013 sekretarz stanu<\/p>\n\n\n\n<p><a href=\"https:\/\/en.wikipedia.org\/wiki\/Category:Jewish_American_members_of_the_Cabinet_of_the_United_States\"><strong>Michael Blumenthal<\/strong><\/a>&nbsp;\u2013 Zast\u0119pca Asystenta Sekretarza Stanu<\/p>\n\n\n\n<p><a href=\"https:\/\/www.jewishvirtuallibrary.org\/jews-in-the-george-w-bush-administration\"><strong>Nancy Brinker<\/strong><\/a>&nbsp;\u2013 szefowa protoko\u0142u w Departamencie Stanu<\/p>\n\n\n\n<p><a href=\"https:\/\/en.wikipedia.org\/w\/index.php?title=Category:21st-century_American_Jews\"><strong>Debra Cagan<\/strong><\/a>&nbsp;\u2013 Dyrektor Departamentu Stanu ds. Polityki i Spraw Regionalnych<\/p>\n\n\n\n<p><a href=\"https:\/\/en.wikipedia.org\/w\/index.php?title=Category:21st-century_American_Jews\"><strong>Debra Cagan<\/strong><\/a>&nbsp;\u2013 Dyrektor Departamentu Stanu ds. Europejskich i Eurazjatyckich<\/p>\n\n\n\n<p><a href=\"https:\/\/en.wikipedia.org\/wiki\/Category:Jewish_American_government_officials\"><strong>Michael H. Cardozo<\/strong><\/a>&nbsp;\u2013 personel prawny Departamentu Stanu<\/p>\n\n\n\n<p><a href=\"https:\/\/en.wikipedia.org\/wiki\/David_S._Cohen_(attorney)\"><strong>David S. Cohen<\/strong><\/a>&nbsp;\u2013 Podsekretarz ds. Terroryzmu i Wywiadu Finansowego<\/p>\n\n\n\n<p><a href=\"https:\/\/en.wikipedia.org\/wiki\/Eliot_A._Cohen\"><strong>Eliot Cohen<\/strong><\/a>&nbsp;\u2013 radca Departamentu Stanu<\/p>\n\n\n\n<p><a href=\"https:\/\/en.wikipedia.org\/w\/index.php?title=Category:21st-century_American_Jews\"><strong>Jonathan R. Cohen<\/strong><\/a>&nbsp;\u2013 Zast\u0119pca Asystenta Sekretarza Stanu<\/p>\n\n\n\n<p><a href=\"https:\/\/en.wikipedia.org\/wiki\/Jared_Cohen\"><strong>Jared Cohen<\/strong><\/a>&nbsp;\u2013 sekretarz sztabu planowania polityki pa\u0144stwa<\/p>\n\n\n\n<p><a href=\"https:\/\/adst.org\/OH%20TOCs\/Davidow-Jeffrey.pdf\"><strong>Jeffrey Davidow<\/strong><\/a>&nbsp;\u2013 zast\u0119pca sekretarza stanu, g\u0142\u00f3wny tw\u00f3rca polityki<\/p>\n\n\n\n<p><a href=\"https:\/\/www.lbi.org\/news\/stuart-eizenstat-jewish-continuity-21st-century\/\"><strong>Stuart Eizenstat<\/strong><\/a>&nbsp;\u2013 zast\u0119pca sekretarza stanu<\/p>\n\n\n\n<p><a href=\"https:\/\/www.lbi.org\/news\/stuart-eizenstat-jewish-continuity-21st-century\/\"><strong>Stuart Eizenstat<\/strong><\/a>&nbsp;\u2013 podsekretarz stanu<\/p>\n\n\n\n<p><a href=\"https:\/\/en.wikipedia.org\/wiki\/Harvey_Feldman\"><strong>Harvey Feldman<\/strong><\/a>&nbsp;\u2013 personel ds. planowania polityki Departamentu Stanu<\/p>\n\n\n\n<p><a href=\"https:\/\/en.wikipedia.org\/w\/index.php?title=Category:21st-century_American_Jews\"><strong>Jeffrey D. Feltman<\/strong><\/a>&nbsp;\u2013 Asystent Sekretarza Stanu<\/p>\n\n\n\n<p><a href=\"https:\/\/profilesinfo.com\/daniel-fried-wiki-networth-age\/\"><strong>Daniel Fried<\/strong><\/a>&nbsp;\u2013 Koordynator Departamentu Stanu ds. Polityki Sankcji<\/p>\n\n\n\n<p><a href=\"https:\/\/profilesinfo.com\/daniel-fried-wiki-networth-age\/\"><strong>Daniel Fried<\/strong><\/a>&nbsp;\u2013 zast\u0119pca sekretarza stanu<\/p>\n\n\n\n<p><a href=\"https:\/\/profilesinfo.com\/daniel-fried-wiki-networth-age\/\"><strong>Daniel Fried<\/strong><\/a>&nbsp;\u2013 Biuro Ekonomiczne Departamentu Stanu<\/p>\n\n\n\n<p><a href=\"https:\/\/en.wikipedia.org\/wiki\/Bonnie_Glick\"><strong>Bonnie Glick<\/strong><\/a>&nbsp;\u2013 Oficer S\u0142u\u017cby Zagranicznej Departamentu Stanu<\/p>\n\n\n\n<p><a href=\"https:\/\/ethnicelebs.com\/philip-goldberg\"><strong>Philip S. Goldberg<\/strong><\/a>&nbsp;\u2013 Asystent Sekretarza Stanu ds. Wywiadu<\/p>\n\n\n\n<p><a href=\"https:\/\/www.jewishvirtuallibrary.org\/jews-in-donald-trump-administration\"><strong>Jason Greenblatt<\/strong><\/a>&nbsp;\u2013 specjalny przedstawiciel ds. konfliktu izraelsko-palesty\u0144skiego<\/p>\n\n\n\n<p><a href=\"https:\/\/www.nndb.com\/people\/532\/000119175\/\"><strong>Marc Grossman<\/strong><\/a>&nbsp;\u2013 zast\u0119pca sekretarza stanu ds. europejskich i kanadyjskich<\/p>\n\n\n\n<p><a href=\"https:\/\/www.nndb.com\/people\/532\/000119175\/\"><strong>Marc Grossman<\/strong><\/a>&nbsp;\u2013 Podsekretarz Stanu ds. Politycznych<\/p>\n\n\n\n<p><a href=\"https:\/\/www.nndb.com\/people\/532\/000119175\/\"><strong>Marc Grossman<\/strong><\/a>&nbsp;\u2013 Specjalny Przedstawiciel na Afganistan i Pakistan<\/p>\n\n\n\n<p><a href=\"https:\/\/www.nndb.com\/people\/532\/000119175\/\"><strong>Marc Grossman<\/strong><\/a>&nbsp;\u2013 Dyrektor Generalny S\u0142u\u017cby Zagranicznej Stan\u00f3w Zjednoczonych<\/p>\n\n\n\n<p><a href=\"https:\/\/en.wikipedia.org\/wiki\/Richard_N._Haass\"><strong>Richard N. Haass<\/strong><\/a>&nbsp;\u2013 Specjalny Wys\u0142annik ds. Irlandii P\u00f3\u0142nocnej<\/p>\n\n\n\n<p><a href=\"https:\/\/en.wikipedia.org\/wiki\/Richard_N._Haass\"><strong>Richard N. Haass<\/strong><\/a>&nbsp;\u2013 dyrektor ds. planowania polityki w Departamencie Stanu<\/p>\n\n\n\n<p><a href=\"https:\/\/en.wikipedia.org\/wiki\/Avril_Haines\"><strong>Avril Haines<\/strong><\/a>&nbsp;\u2013 Biuro Radcy Prawnego Departamentu Stanu<\/p>\n\n\n\n<p><a href=\"https:\/\/en.wikipedia.org\/wiki\/Morton_Halperin\"><strong>Morton Halperin<\/strong><\/a>&nbsp;\u2013 dyrektor ds. planowania polityki w Departamencie Stanu<\/p>\n\n\n\n<p><a href=\"https:\/\/www.jta.org\/archive\/reagan-names-11-jews-among-his-68-foreign-policy-and-defense-advisors\"><strong>Rita Hauser<\/strong><\/a>&nbsp;\u2013 Przedstawicielka Komisji ONZ<\/p>\n\n\n\n<p><a href=\"https:\/\/en.wikipedia.org\/wiki\/Richard_Holbrooke\"><strong>Richard Holbrooke<\/strong><\/a>&nbsp;\u2013 Specjalny Przedstawiciel na Afganistan i Pakistan<\/p>\n\n\n\n<p><a href=\"https:\/\/en.wikipedia.org\/wiki\/Richard_Holbrooke\"><strong>Richard Holbrooke<\/strong><\/a>&nbsp;\u2013 zast\u0119pca sekretarza stanu<\/p>\n\n\n\n<p><a href=\"https:\/\/en.wikipedia.org\/wiki\/Robert_Hormats\"><strong>Robert D. Hormats<\/strong><\/a>&nbsp;\u2013 Podsekretarz Stanu ds. Wzrostu Gospodarczego i Energii<\/p>\n\n\n\n<p><a href=\"https:\/\/en.wikipedia.org\/wiki\/Roberta_S._Jacobson\"><strong>Roberta S. Jacobson<\/strong><\/a>&nbsp;\u2013 zast\u0119pca sekretarza stanu<\/p>\n\n\n\n<p><a href=\"https:\/\/en.wikipedia.org\/wiki\/John_Kerry\"><strong>John Kerry<\/strong><\/a>&nbsp;\u2013 Sekretarz Stanu<\/p>\n\n\n\n<p><a href=\"https:\/\/en.wikipedia.org\/wiki\/Henry_Kissinger\"><strong>Henry Kissinger<\/strong><\/a>&nbsp;\u2013 Sekretarz Stanu<\/p>\n\n\n\n<p><a href=\"https:\/\/journals.sagepub.com\/doi\/suppl\/10.1177\/0144739418806558\/suppl_file\/SUPPLEMENTAL.pdf\"><strong>Melvyn Levitsky<\/strong><\/a>&nbsp;\u2013 Asystent Sekretarza Stanu ds. Mi\u0119dzynarodowych Narkotyk\u00f3w<\/p>\n\n\n\n<p><a href=\"https:\/\/journals.sagepub.com\/doi\/suppl\/10.1177\/0144739418806558\/suppl_file\/SUPPLEMENTAL.pdf\"><strong>Melvyn Levitsky<\/strong><\/a>&nbsp;\u2013 sekretarz wykonawczy Departamentu Stanu<\/p>\n\n\n\n<p><a href=\"https:\/\/journals.sagepub.com\/doi\/suppl\/10.1177\/0144739418806558\/suppl_file\/SUPPLEMENTAL.pdf\"><strong>Melvyn Levitsky<\/strong><\/a>&nbsp;\u2013 Zast\u0119pca Asystenta Sekretarza Stanu<\/p>\n\n\n\n<p><a href=\"https:\/\/en.wikipedia.org\/wiki\/Jack_Lew\"><strong>Jack Lew<\/strong><\/a>&nbsp;\u2013 Zast\u0119pca Sekretarza Stanu<\/p>\n\n\n\n<p><a href=\"https:\/\/www.jpost.com\/business-and-innovation\/50-most-influential-jews-in-finance-403747\"><strong>Jack Lew<\/strong><\/a>&nbsp;\u2013 Szef Biura Bud\u017cetowego Departamentu Stanu<\/p>\n\n\n\n<p><a href=\"https:\/\/www.nli.org.il\/en\/images\/NNL_ARCHIVE_AL990045785620205171\/NLI#$FL62666737\"><strong>Samuel W. Lewis<\/strong><\/a>&nbsp;\u2013 dyrektor ds. planowania polityki w Departamencie Stanu<\/p>\n\n\n\n<p><a href=\"https:\/\/www.nli.org.il\/en\/images\/NNL_ARCHIVE_AL990045785620205171\/NLI#$FL62666737\"><strong>Samuel W. Lewis<\/strong><\/a>&nbsp;\u2013 Asystent Sekretarza Stanu<\/p>\n\n\n\n<p><a href=\"https:\/\/www.nli.org.il\/en\/images\/NNL_ARCHIVE_AL990045785620205171\/NLI#$FL62666737\"><strong>Samuel W. Lewis<\/strong><\/a>&nbsp;\u2013 szef Departamentu Stanu do spraw w\u0142oskich<\/p>\n\n\n\n<p><a href=\"https:\/\/www.nli.org.il\/en\/images\/NNL_ARCHIVE_AL990045785620205171\/NLI#$FL62666737\"><strong>Samuel W. Lewis<\/strong><\/a>&nbsp;\u2013 specjalny asystent podsekretarza stanu<\/p>\n\n\n\n<p><a href=\"https:\/\/www.nli.org.il\/en\/images\/NNL_ARCHIVE_AL990045785620205171\/NLI#$FL62666737\"><strong>Samuel W. Lewis<\/strong><\/a>&nbsp;\u2013 Specjalny Asystent ds. Planowania Polityki Mi\u0119dzyameryka\u0144skiej<\/p>\n\n\n\n<p><a href=\"https:\/\/www.jpost.com\/50-most-influential-jews\/trumps-men-642169\"><strong>Aryeh Lightstone<\/strong><\/a>&nbsp;\u2013 starszy doradca ambasadora USA w Izraelu<\/p>\n\n\n\n<p><a href=\"https:\/\/www.jewishvirtuallibrary.org\/jews-in-the-biden-administration\"><strong>Deborah Lipstadt<\/strong><\/a>&nbsp;\u2013 Specjalna Wys\u0142anniczka Departamentu Stanu ds. Monitorowania i Zwalczania Antysemityzmu<\/p>\n\n\n\n<p><a href=\"https:\/\/jweekly.com\/1997\/12\/05\/jews-now-flocking-to-foreign-service-careers-in-u-s\/\"><strong>Princeton Lyman<\/strong><\/a>&nbsp;\u2013 Asystent Sekretarza Stanu<\/p>\n\n\n\n<p><a href=\"https:\/\/www.jewishvirtuallibrary.org\/jews-in-the-barack-obama-administration\"><strong>Eric Lynn<\/strong><\/a>&nbsp;\u2013 doradca ds. polityki na Bliskim Wschodzie<\/p>\n\n\n\n<p><a href=\"https:\/\/www.jta.org\/archive\/clinton-names-a-jewish-adviser-to-head-foreign-policy-transition\"><strong>Michael Mandelbaum<\/strong><\/a>&nbsp;\u2013 Departament Zagadnie\u0144 Bezpiecze\u0144stwa Pa\u0144stwa<\/p>\n\n\n\n<p><a href=\"https:\/\/en.wikipedia.org\/wiki\/Aaron_David_Miller\"><strong>Aaron Miller<\/strong><\/a>&nbsp;\u2013 Zast\u0119pca Koordynatora ds. Bliskiego Wschodu<\/p>\n\n\n\n<p><a href=\"https:\/\/en.wikipedia.org\/wiki\/Aaron_David_Miller\"><strong>Aaron Miller<\/strong><\/a>&nbsp;\u2013 Historyk Departamentu Stanu<\/p>\n\n\n\n<p><a href=\"https:\/\/en.wikipedia.org\/wiki\/Aaron_David_Miller\"><strong>Aaron Miller<\/strong><\/a>&nbsp;\u2013 Biuro Analityk\u00f3w Departamentu Stanu ds. Wywiadu i Bada\u0144<\/p>\n\n\n\n<p><a href=\"https:\/\/en.wikipedia.org\/wiki\/Aaron_David_Miller\"><strong>Aaron Miller<\/strong><\/a>&nbsp;&#8211; sekretarz sztabu planowania polityki pa\u0144stwa<\/p>\n\n\n\n<p><a href=\"https:\/\/www.jewishvirtuallibrary.org\/jews-in-the-george-w-bush-administration\"><strong>John Miller<\/strong><\/a>&nbsp;\u2013 Biuro Departamentu Stanu ds. Handlu Lud\u017ami<\/p>\n\n\n\n<p><a href=\"https:\/\/en.wikipedia.org\/w\/index.php?title=Category:21st-century_American_Jews\"><strong>Ronald E. Neumann<\/strong><\/a>&nbsp;\u2013 Oficer S\u0142u\u017cby Zagranicznej<\/p>\n\n\n\n<p><a href=\"https:\/\/www.jewishvirtuallibrary.org\/jews-in-the-barack-obama-administration\"><strong>Thomas Nides<\/strong><\/a>&nbsp;\u2013 Zast\u0119pca Sekretarza Stanu<\/p>\n\n\n\n<p><a href=\"https:\/\/www.haaretz.com\/jewish\/2016-05-12\/ty-article\/white-house-to-name-new-jewish-liaison\/0000017f-f451-d487-abff-f7ff9f560000\"><strong>Matt Nosanchuk<\/strong><\/a>&nbsp;\u2013 starszy doradca ds. religii i spraw globalnych<\/p>\n\n\n\n<p><a href=\"https:\/\/en.wikipedia.org\/wiki\/Suzanne_Nossel\"><strong>Suzanne Nossel<\/strong><\/a>&nbsp;\u2013 Zast\u0119pca Asystenta Sekretarza Stanu USA<\/p>\n\n\n\n<p><a href=\"https:\/\/en.wikipedia.org\/wiki\/Victoria_Nuland\"><strong>Victoria Nuland<\/strong><\/a>&nbsp;\u2013 Sekretarz Stanu ds. Politycznych<\/p>\n\n\n\n<p><a href=\"https:\/\/en.wikipedia.org\/wiki\/Victoria_Nuland\"><strong>Victoria Nuland<\/strong><\/a>&nbsp;\u2013 zast\u0119pca sekretarza stanu<\/p>\n\n\n\n<p><a href=\"https:\/\/www.jewishvirtuallibrary.org\/jews-in-donald-trump-administration\"><strong>Morgan Ortagus<\/strong><\/a>&nbsp;\u2013 rzecznik prasowy Departamentu Stanu<\/p>\n\n\n\n<p><a href=\"https:\/\/en.wikipedia.org\/wiki\/David_H._Popper\"><strong>David H. Popper<\/strong><\/a>&nbsp;\u2013 Asystent Sekretarza Stanu ds. Organizacji Mi\u0119dzynarodowej<\/p>\n\n\n\n<p><a href=\"https:\/\/www.jewishvirtuallibrary.org\/jews-in-the-biden-administration\"><strong>Ned Price<\/strong><\/a>&nbsp;\u2013 rzecznik prasowy Departamentu Stanu<\/p>\n\n\n\n<p><a href=\"https:\/\/en.wikipedia.org\/wiki\/Arnold_Lewis_Raphel\"><strong>Arnold Lewis Raphel<\/strong><\/a>&nbsp;\u2013 Specjalny Asystent Sekretarza Stanu<\/p>\n\n\n\n<p><a href=\"https:\/\/www.jewishvirtuallibrary.org\/jews-in-the-biden-administration\"><strong>Mira Resnick<\/strong><\/a>&nbsp;\u2013 Zast\u0119pca Asystenta Sekretarza Departamentu Stanu<\/p>\n\n\n\n<p><a href=\"https:\/\/en.wikipedia.org\/wiki\/Dennis_Ross\"><strong>Dennis Ross<\/strong><\/a>&nbsp;\u2013 Dyrektor Departamentu Stanu ds. Planowania Polityki<\/p>\n\n\n\n<p><a href=\"https:\/\/en.wikipedia.org\/wiki\/Walt_Rostow\"><strong>Walter Rostow<\/strong><\/a>&nbsp;\u2013 Radca Departamentu Stanu<\/p>\n\n\n\n<p><a href=\"https:\/\/en.wikipedia.org\/wiki\/Walt_Rostow\"><strong>Walter Rostow<\/strong><\/a>&nbsp;\u2013 Dyrektor Departamentu Stanu ds. Planowania Polityki<\/p>\n\n\n\n<p><a href=\"https:\/\/en.wikipedia.org\/wiki\/James_Rubin\"><strong>James Rubin<\/strong><\/a>&nbsp;\u2013 Specjalny Wys\u0142annik Departamentu Stanu<\/p>\n\n\n\n<p><a href=\"https:\/\/en.wikipedia.org\/wiki\/James_Rubin\"><strong>James Rubin<\/strong><\/a>&nbsp;\u2013 Asystent Sekretarza Stanu ds. Publicznych<\/p>\n\n\n\n<p><a href=\"https:\/\/en.wikipedia.org\/wiki\/James_Rubin\"><strong>James Rubin<\/strong><\/a>&nbsp;\u2013 Radca dyplomatyczny Sekretarza Generalnego OECD<\/p>\n\n\n\n<p><a href=\"https:\/\/www.jta.org\/2014\/03\/18\/united-states\/kerry-names-daniel-rubinstein-as-chief-syria-envoy\"><strong>Daniel Rubinstein<\/strong><\/a>&nbsp;&#8211; g\u0142\u00f3wny zast\u0119pca asystenta sekretarza Biura Wywiadu<\/p>\n\n\n\n<p><a href=\"https:\/\/en.wikipedia.org\/wiki\/Richard_Schifter\"><strong>Richard Schifter<\/strong><\/a>&nbsp;\u2013 Asystent Sekretarza Stanu ds. Praw Cz\u0142owieka<\/p>\n\n\n\n<p><a href=\"https:\/\/en.wikipedia.org\/wiki\/Richard_Schifter\"><strong>Richard Schifter<\/strong><\/a>&nbsp;\u2013 Zast\u0119pca Przedstawiciela w Radzie Bezpiecze\u0144stwa ONZ<\/p>\n\n\n\n<p><a href=\"https:\/\/en.wikipedia.org\/w\/index.php?title=Category:21st-century_American_Jews\"><strong>Dan Senor<\/strong><\/a>&nbsp;\u2013 Rzecznik \u201eRz\u0105du Tymczasowego\u201d Paula Bremera w Iraku<\/p>\n\n\n\n<p><a href=\"https:\/\/www.jewishvirtuallibrary.org\/jews-in-the-biden-administration\"><strong>Dan Shapiro<\/strong><\/a>&nbsp;\u2013 doradca ds. Iranu<\/p>\n\n\n\n<p><a href=\"https:\/\/en.wikipedia.org\/wiki\/Daniel_B._Shapiro\"><strong>Dan Shapiro<\/strong><\/a>&nbsp;\u2013 Specjalny \u0142\u0105cznik z Izraelem w sprawie Iranu<\/p>\n\n\n\n<p><a href=\"https:\/\/www.jpost.com\/50-most-influential-jews\/wendy-sherman-678123\"><strong>Wendy Sherman<\/strong><\/a>&nbsp;\u2013 Zast\u0119pca Sekretarza Stanu<\/p>\n\n\n\n<p><a href=\"https:\/\/www.jpost.com\/50-most-influential-jews\/wendy-sherman-678123\"><strong>Wendy Sherman<\/strong><\/a>&nbsp;\u2013 Asystent Sekretarza ds. legislacyjnych Sekretarz Stanu<\/p>\n\n\n\n<p><a href=\"https:\/\/www.jewishvirtuallibrary.org\/jews-in-the-barack-obama-administration\"><strong>Wendy Sherman<\/strong><\/a>&nbsp;\u2013 podsekretarz stanu ds. politycznych<\/p>\n\n\n\n<p><a href=\"https:\/\/en.wikipedia.org\/w\/index.php?title=Category:21st-century_American_Jews\"><strong>Richard H. Solomon<\/strong><\/a>&nbsp;\u2013 Asystent Sekretarza Stanu<\/p>\n\n\n\n<p><a href=\"https:\/\/en.wikipedia.org\/w\/index.php?title=Category:21st-century_American_Jews\"><strong>Richard H. Solomon<\/strong><\/a>&nbsp;\u2013 dyrektor ds. planowania polityki w Departamencie Stanu<\/p>\n\n\n\n<p><a href=\"https:\/\/www.jewishvirtuallibrary.org\/jews-in-the-george-w-bush-administration\"><strong>Donald Steinberg<\/strong><\/a>&nbsp;\u2013 Dyrektor Wsp\u00f3lnej Rady Politycznej Departamentu Stanu<\/p>\n\n\n\n<p><a href=\"https:\/\/en.wikipedia.org\/wiki\/James_Steinberg\"><strong>James B. Steinberg<\/strong><\/a>&nbsp;\u2013 Dyrektor Departamentu Stanu ds. Planowania Polityki<\/p>\n\n\n\n<p><a href=\"https:\/\/en.wikipedia.org\/wiki\/James_Steinberg\"><strong>James B. Steinberg<\/strong><\/a>&nbsp;&#8211; g\u0142\u00f3wny zast\u0119pca sekretarza stanu<\/p>\n\n\n\n<p><a href=\"https:\/\/www.jewishvirtuallibrary.org\/jews-in-the-barack-obama-administration\"><strong>James B. Steinberg<\/strong><\/a>&nbsp;\u2013 Zast\u0119pca Sekretarza Stanu<\/p>\n\n\n\n<p><a href=\"https:\/\/en.wikipedia.org\/wiki\/Robert_S._Strauss\"><strong>Robert S. Strauss<\/strong><\/a>&nbsp;\u2013 Specjalny Wys\u0142annik na Bliski Wsch\u00f3d<\/p>\n\n\n\n<p><a href=\"https:\/\/en.wikipedia.org\/wiki\/Category:21st-century_American_Jews?from=Ta\"><strong>Peter Tarnoff<\/strong><\/a>&nbsp;\u2013 Podsekretarz Stanu ds. Politycznych<\/p>\n\n\n\n<p><a href=\"https:\/\/en.wikipedia.org\/wiki\/Category:21st-century_American_Jews?from=Ta\"><strong>Peter Tarnoff<\/strong><\/a>&nbsp;\u2013 Sekretarz Wykonawczy Departamentu Stanu<\/p>\n\n\n\n<p><a href=\"https:\/\/www.haaretz.com\/jewish\/2016-05-12\/ty-article\/white-house-to-name-new-jewish-liaison\/0000017f-f451-d487-abff-f7ff9f560000\"><strong>Chanan Weissman<\/strong><\/a>&nbsp;\u2013 rzecznik prasowy Departamentu Stanu<\/p>\n\n\n\n<p><a href=\"https:\/\/www.jpost.com\/50-most-influential-jews\/tamara-cofman-wittes-678139\"><strong>Tamara Cofman Wittes<\/strong><\/a>&nbsp;\u2013 zast\u0119pca asystenta sekretarza Departamentu Stanu<\/p>\n\n\n\n<p><a href=\"https:\/\/en.wikipedia.org\/wiki\/Paul_Wolfowitz\"><strong>Paul Wolfowitz<\/strong><\/a>&nbsp;\u2013 Dyrektor Departamentu Planowania Polityki Stanu<\/p>\n\n\n\n<p><a href=\"https:\/\/en.wikipedia.org\/wiki\/Paul_Wolfowitz\"><strong>Paul Wolfowitz<\/strong><\/a>&nbsp;\u2013 zast\u0119pca sekretarza Departamentu Stanu ds. Azji Wschodniej i Pacyfiku<\/p>\n\n\n\n<p><a href=\"https:\/\/en.wikipedia.org\/wiki\/List_of_Jewish_members_of_the_United_States_Congress\"><strong>Howard Wolpe<\/strong><\/a>&nbsp;\u2013 specjalny wys\u0142annik prezydenta do Afryki<\/p>\n\n\n\n<p><a href=\"https:\/\/en.wikipedia.org\/wiki\/List_of_Jewish_members_of_the_United_States_Congress\"><strong>Howard Wolpe<\/strong><\/a>&nbsp;\u2013 zast\u0119pca sekretarza stanu<\/p>\n\n\n\n<p><a href=\"https:\/\/en.wikipedia.org\/wiki\/Category:American_people_of_Swiss-Jewish_descent\"><strong>David Wurmser<\/strong><\/a>&nbsp;\u2013 Doradca ds. Bliskiego Wschodu, Specjalny Asystent Departamentu Stanu&nbsp;&nbsp;&nbsp;&nbsp;<\/p>\n\n\n\n<p><strong>Ambasadorowie \u017byd\u00f3w w Ameryce<\/strong><\/p>\n\n\n\n<p>Oczywi\u015bcie, \u017cydowski Departament Stanu nie mo\u017ce funkcjonowa\u0107 w mi\u0119dzynarodowej pr\u00f3\u017cni i podobnie jak wojsko, w wielu krajach wymaga \u201ebut\u00f3w st\u0105paj\u0105cych po ziemi\u201d.<\/p>\n\n\n\n<p>Po pierwsze, wersja oficjalna: \u201ePodstawow\u0105 rol\u0105 ambasadora jest nawi\u0105zywanie i utrzymywanie stosunk\u00f3w dyplomatycznych mi\u0119dzy dwoma krajami, u\u0142atwianie handlu i promowanie program\u00f3w wymiany kulturalnej i edukacyjnej\u201d.<\/p>\n\n\n\n<p>Wed\u0142ug Wikipedii \u201eJednym z fundament\u00f3w zagranicznych misji dyplomatycznych (ambasad) jest praca na rzecz pokoju\u201d.&nbsp;Roze\u015bmia\u0142em si\u0119 g\u0142o\u015bno, gdy to zobaczy\u0142em.&nbsp;Rzeczywisto\u015b\u0107 jest nieco inna.&nbsp;Ambasady USA s\u0142yn\u0105 na ca\u0142ym \u015bwiecie nie z pokoju czy dobrych stosunk\u00f3w, ale przede wszystkim z \u201echciwego zastraszania\u201d wszystkich innych narod\u00f3w, zar\u00f3wno przyjaci\u00f3\u0142, jak i wrog\u00f3w.&nbsp;Wa\u017cn\u0105 rzeczywisto\u015bci\u0105 jest to, \u017ce stanowiska ambasadora rzadko s\u0105 przyznawane dyplomatom zawodowym lub zawodowym;&nbsp;wi\u0119kszo\u015b\u0107 jest wynikiem przekupstwa, zwykle poprzez datki na kampani\u0119, ale czasami bezpo\u015brednio, i to na \u017bydach w bardzo du\u017cej liczbie.&nbsp;<a href=\"https:\/\/www.cnbc.com\/2021\/12\/08\/biden-nominates-meg-whitman-to-be-ambassador-to-kenya.html\"><strong>[101]<\/strong><\/a><\/p>\n\n\n\n<p>Opr\u00f3cz ca\u0142ej przemocy opracowanej przez Departament Stanu i silnie wspieranej przez ambasady USA, ambasady i konsulaty ameryka\u0144skie anga\u017cuj\u0105 si\u0119 w wiele innych dzia\u0142a\u0144, kt\u00f3re nie s\u0105 dok\u0142adnie \u201edyplomatyczne\u201d, i kt\u00f3re mog\u0105 nie przyj\u015b\u0107 ci do g\u0142owy.&nbsp;Wszystko to jest cz\u0119\u015bci\u0105 \u017cydowskiego programu i spe\u0142nia \u017cydowskie interesy.<\/p>\n\n\n\n<p>Na przyk\u0142ad&nbsp;<strong>Madeleine Kunin<\/strong>&nbsp;, \u017cydowska ambasador Stan\u00f3w Zjednoczonych w Szwajcarii, nie sp\u0119dza\u0142a czasu na nawi\u0105zywaniu dobrych stosunk\u00f3w ani zawieraniu pokoju, ale zamiast tego \u201euparcie \u015bciga\u0142a Szwajcar\u00f3w w kwestii z\u0142ota dla ocala\u0142ych z holokaustu\u201d.&nbsp;<strong>[&nbsp;<a href=\"https:\/\/www.missionislam.com\/nwo\/usarulerslist.htm\">102<\/a>&nbsp;]<\/strong>&nbsp;To nie wydaje si\u0119 pasowa\u0107 do w\u0142a\u015bciwych dzia\u0142a\u0144 lub programu ameryka\u0144skiego dyplomaty.<\/p>\n\n\n\n<p>W podobnym przyk\u0142adzie&nbsp;<strong>Paul Packer<\/strong>&nbsp;by\u0142 przewodnicz\u0105cym Komisji ds. Ochrony Dziedzictwa Ameryki za Granic\u0105.&nbsp;To brzmi dobrze, z wyj\u0105tkiem tego, \u017ce Packer bardzo blisko wsp\u00f3\u0142pracowa\u0142 z r\u00f3\u017cnymi \u017cydowskimi ambasadorami USA w sprawach innych ni\u017c pok\u00f3j, przyja\u017a\u0144 i ameryka\u0144skie dziedzictwo.&nbsp;Wed\u0142ug \u201eJerusalem Post\u201d Packer przez trzy lata naciska\u0142 na r\u00f3\u017cne kraje, aby \u201ezachowa\u0142y miejsca dziedzictwa \u017cydowskiego w swoich granicach\u201d, takie jak wskrzeszenie i renowacja staro\u017cytnych cmentarzy \u017cydowskich.&nbsp;Sp\u0119dzi\u0142 te lata r\u00f3wnie\u017c na wywieraniu presji na kraje Europy Wschodniej, aby przyj\u0119\u0142y w swoich szko\u0142ach programy studi\u00f3w nad Holokaustem.&nbsp;I szczeg\u00f3lnie naciska\u0142 na nich, aby przyj\u0119li \u017cydowsk\u0105 definicj\u0119 \u201eantysemityzmu\u201d, zgodnie z kt\u00f3r\u0105 wszystko, co antyizraelskie, antysyjonistyczne lub okrucie\u0144stwo skierowane przeciwko ludzko\u015bci, stanowi \u201ezawoalowany antysemityzm\u201d.&nbsp;<a href=\"https:\/\/www.jpost.com\/50-most-influential-jews\/trumps-men-642169\"><strong>[103]<\/strong><\/a>&nbsp;Nie wydaj\u0105 si\u0119 one r\u00f3wnie\u017c reprezentatywne dla normalnych funkcji ambasad ameryka\u0144skich, ani te\u017c nie jest od razu oczywiste, w jaki spos\u00f3b te dzia\u0142ania le\u017c\u0105 w interesie USA.<\/p>\n\n\n\n<p>Istniej\u0105 inne podobne dzia\u0142ania, kt\u00f3re najwyra\u017aniej nie pasuj\u0105 do funkcji ambasady USA.&nbsp;Jednym z nich jest pozornie nieustanne grabie\u017ce dzie\u0142 sztuki w Niemczech na tej podstawie, \u017ce dzie\u0142a te \u201emusia\u0142y\u201d nale\u017ce\u0107 do \u017byd\u00f3w w przesz\u0142o\u015bci i dlatego musz\u0105 zosta\u0107 zwr\u00f3cone.&nbsp;Pewien Niemiec mia\u0142 kolekcj\u0119 oko\u0142o 1500 dzie\u0142 sztuki, kt\u00f3r\u0105 niedawno odkryli \u017bydzi.&nbsp;<a href=\"https:\/\/www.jewishvirtuallibrary.org\/recovering-stolen-art-from-the-holocaust\"><strong>[104]<\/strong><\/a>&nbsp;Ich podej\u015bcie, silnie wspierane przez Departament Stanu USA,&nbsp;<a href=\"https:\/\/2009-2017.state.gov\/p\/eur\/rls\/rm\/2013\/mar\/206719.htm\"><strong>[105]&nbsp;<\/strong><\/a><a href=\"https:\/\/www.jpost.com\/Jewish-World\/Jewish-News\/US-presses-Germany-on-restitution-of-Jewish-owned-art-looted-by-Nazis-335726\"><strong>[106]<\/strong><\/a>&nbsp;zasadniczo polega\u0142o na tym, \u017ce je\u015bli m\u0119\u017cczyzna nie mo\u017ce niezbicie udowodni\u0107, \u017ce wszystkie te dzie\u0142a sztuki nigdy nie nale\u017ca\u0142y do \u200b\u200b\u017byda, wszystkie zostan\u0105 skonfiskowane i przekazane \u017bydom niemieckim lub, gdyby nie uda\u0142o si\u0119 zlokalizowa\u0107 odpowiednich odbiorc\u00f3w, zosta\u0142yby umieszczone w muzeum \u017cydowskim.&nbsp;To r\u00f3wnie\u017c nie wydaje si\u0119 pasowa\u0107 do w\u0142a\u015bciwych dzia\u0142a\u0144 ambasady USA.<\/p>\n\n\n\n<p>Jest o wiele wi\u0119cej.&nbsp;Brazylia jest najwi\u0119kszym krajem w Ameryce Po\u0142udniowej z pot\u0119\u017cn\u0105 gospodark\u0105, a \u017bydzi maj\u0105 tam du\u017ce inwestycje.&nbsp;G\u0142\u00f3wn\u0105 funkcj\u0105 ambasady USA w Brazylii jest ochrona tych inwestycji.&nbsp;Departament Stanu powie nam, \u017ce \u201echroni\u0105 ameryka\u0144skie interesy\u201d, ale to jawne k\u0142amstwo.&nbsp;Podobnie Boliwia i r\u00f3\u017cne pa\u0144stwa afryka\u0144skie s\u0105 obdarzone zasobami naturalnymi niezb\u0119dnymi dla wielu ga\u0142\u0119zi przemys\u0142u, takich jak produkcja broni, kt\u00f3re s\u0105 w wi\u0119kszo\u015bci w\u0142asno\u015bci\u0105 \u017byd\u00f3w.&nbsp;Ambasady USA i ich ambasadorzy \u017cydowscy w tym przypadku dzia\u0142aj\u0105 w celu negocjowania i uzyskiwania porozumie\u0144.<\/p>\n\n\n\n<p>Ameryka\u0144skie misje zagraniczne w Po\u0142udniowej Afryce, Belgii i Holandii s\u0105 ze sob\u0105 \u015bci\u015ble powi\u0105zane, poniewa\u017c \u017bydzi kontroluj\u0105 ca\u0142e wydobycie z\u0142ota i diament\u00f3w w Po\u0142udniowej Afryce, jak r\u00f3wnie\u017c kontroluj\u0105 rz\u0105dz\u0105c\u0105 parti\u0119 rz\u0105dow\u0105, a Belgia i Holandia s\u0105 \u015bwiatowymi stolicami diament\u00f3w, podobnie jak Izrael .&nbsp;Ambasady USA \u015bci\u015ble ze sob\u0105 wsp\u00f3\u0142pracuj\u0105, aby zapewni\u0107 kontynuacj\u0119 tego szcz\u0119\u015bcia.&nbsp;Wydawa\u0142oby si\u0119, \u017ce uda\u0142o im si\u0119 to tylko cz\u0119\u015bciowo.&nbsp;Otrzyma\u0142em t\u0119 wiadomo\u015b\u0107 od czytelnika z Republiki Po\u0142udniowej Afryki:<\/p>\n\n\n\n<p>Witam panie Romanow.<\/p>\n\n\n\n<p>Nazywam si\u0119 &#8212;.&nbsp;Mam 71 lat i urodzi\u0142em si\u0119 w Afryce Po\u0142udniowej w \u201eerze apartheidu\u201d. By\u0142em naukowcem, ale bardzo interesowa\u0142em si\u0119 polityk\u0105 mi\u0119dzynarodow\u0105.&nbsp;Wi\u0119c id\u017a.<\/p>\n\n\n\n<p>W Afryce Po\u0142udniowej City of London wykorzysta\u0142o inny program, oczerniaj\u0105c pierwszy na \u015bwiecie kraj kontrolowany przez bia\u0142ych za pomoc\u0105 oszustwa \u201eApartheidu\u201d.&nbsp;Dzi\u015b m\u00f3j kraj jest opanowany przez kontrolowanych tak zwanych czarnych przyw\u00f3dc\u00f3w i wszystkie instytucje s\u0105 systematycznie niszczone z wyj\u0105tkiem kopal\u0144 krytycznych i \u017cydowskich przedsi\u0119biorstw, takich jak De Beers i Anglo America (kt\u00f3re s\u0105 w posiadaniu De Beers). System kolei zosta\u0142 zdziesi\u0105tkowany, z wyj\u0105tkiem wysoko- system szybkiej kolei biegn\u0105cy od krytycznych kopal\u0144 rudy do port\u00f3w.&nbsp;Ca\u0142e prawo i porz\u0105dek zosta\u0142y zniszczone, a system s\u0105dowy to \u017cart.&nbsp;Zaopatrzenie w energi\u0119 elektryczn\u0105 jest na kolanach ze wszystkimi efektami domina, takimi jak uzdatnianie wody i opieka zdrowotna.&nbsp;Ca\u0142e miejsce si\u0119 rozpada, z wyj\u0105tkiem kopal\u0144 takich jak platyna, diamenty, chrom itp. Z kupionymi politykami jako m\u0142odszymi dyrektorami, aby za\u0142agodzi\u0107 ten proces.<a href=\"https:\/\/www.bluemoonofshanghai.com\/politics\/10879\/\"><strong>[107]<\/strong><\/a>&nbsp;, ale dzia\u0142a\u0142 r\u00f3wnie dobrze.&nbsp;Tak wi\u0119c, to by\u0142o centrum mocy na drodze londy\u0144skiego City do osi\u0105gni\u0119cia tych samych wynik\u00f3w.<\/p>\n\n\n\n<p>Tw\u00f3j<\/p>\n\n\n\n<p>Dr \u2014\u2014\u2013, licencjat, mgr, MCB, dr<\/p>\n\n\n\n<p>Ambasadorowie USA s\u0105 r\u00f3wnie\u017c aktywni w dystrybucji ameryka\u0144skiej \u201epomocy\u201d do innych kraj\u00f3w, na przyk\u0142ad do Egiptu.&nbsp;Na ulicy m\u00f3wi si\u0119, \u017ce pomoc ameryka\u0144ska jest wykorzystywana do wykupienia zwolnienia z wrogo\u015bci wobec Izraela w ramach ameryka\u0144skiej dyplomacji.&nbsp;S\u0105 r\u00f3wnie\u017c wykorzystywane do zastraszania narod\u00f3w w celu zaakceptowania ameryka\u0144skich baz wojskowych, ameryka\u0144skich laboratori\u00f3w broni biologicznej i zapewnienia ca\u0142kowitej odporno\u015bci Amerykan\u00f3w we wszystkich innych krajach poprzez zwolnienie ich ze wszystkich praw krajowych innych narod\u00f3w.<\/p>\n\n\n\n<p>Podobnie jak w przypadku listy \u017cydowskich nazwisk w Departamencie Stanu USA, mo\u017cna zauwa\u017cy\u0107, \u017ce lista \u017byd\u00f3w w ambasadach USA jest r\u00f3wnie\u017c niezwyk\u0142a jak na ras\u0119 ludzi stanowi\u0105cych niewiele ponad 1% populacji USA.<\/p>\n\n\n\n<p>Mianowanie \u017cydowskich ambasador\u00f3w nie jest prost\u0105 spraw\u0105 rasowego nepotyzmu.&nbsp;Nigdy nie robi si\u0119 tego bez powodu.&nbsp;S\u0105 wybierani, aby wspiera\u0107 \u017cydowski program albo dla kraju \u201eofiary\u201d, albo dla wybranej grupy \u017byd\u00f3w.&nbsp;Na tym stanowisku wykorzystuj\u0105 w\u0142adz\u0119 Departamentu Stanu USA, aby popycha\u0107 wszystkie narody do budowy \u201eMuze\u00f3w Holokaustu\u201d, prowadzi\u0107 kampani\u0119 i wywiera\u0107 presj\u0119 na rzecz z\u0142agodzenia prawa aborcyjnego, legalizacji sodomii, kampanii na rzecz zwi\u0119kszenia ustawodawstwa LGBTQ+, zwi\u0119kszenia imigracji, aby zanieczyszcza\u0107 narodowe populacje.&nbsp;U\u017cywaj\u0105 go do wywierania presji na sterylne szczepionki WHO.&nbsp;S\u0105 politycznie wykorzystywani do wywierania presji na zagraniczne rz\u0105dy, aby przyj\u0119\u0142y \u017cydowsk\u0105 agend\u0119 w wielu politykach spo\u0142ecznych.<\/p>\n\n\n\n<p><strong>Co najwa\u017cniejsze, u\u017cywaj\u0105 r\u00f3wnie\u017c si\u0142y Departamentu Stanu USA, aby wywiera\u0107 presj\u0119 na wszystkie kraje, aby zdelegalizowa\u0142y \u201eantysemityzm\u201d \u2013 jako przest\u0119pstwo.&nbsp;<\/strong>Oznacza to, \u017ce ka\u017cdy wyraz krytyki czegokolwiek zwi\u0105zanego z \u017bydami lub Izraelem b\u0119dzie stanowi\u0142 przest\u0119pstwo zagro\u017cone kar\u0105 lat wi\u0119zienia.&nbsp;To nie jest fantazja;&nbsp;\u017bydzi w&nbsp;<strong>Niemczech<\/strong>&nbsp;przedstawili niedawno projekt ustawy, zgodnie z kt\u00f3r\u0105&nbsp;<strong>wszelka krytyka Izraela lub \u017byd\u00f3w by\u0142aby karana \u201edenaturalizacj\u0105\u201d<\/strong>: oznacza to, \u017ce ka\u017cdemu winnemu krytykowania \u017byd\u00f3w pozbawiono by obywatelstwa, staj\u0105c si\u0119 bezpa\u0144stwowcem, kt\u00f3rego maj\u0105tek zosta\u0142by skonfiskowany, a nast\u0119pnie deportowany.&nbsp;To jest nie do uwierzenia, ale nale\u017c\u0105ce do \u017byd\u00f3w media nawet nie szemra\u0142y na to objawienie.&nbsp;I jest jeszcze co\u015b wi\u0119cej: \u017cydowskie media od lat prowadz\u0105 kampanie nienawi\u015bci przeciwko Rosji, Chinom i Iranowi, media codziennie wype\u0142niane s\u0105 z\u0142o\u015bliwymi oszczerstwami.&nbsp;\u015awiat powinien zapyta\u0107, dlaczego jest w porz\u0105dku, aby \u017bydzi swobodnie prowokowali nienawi\u015b\u0107 do innych narod\u00f3w i narod\u00f3w, ale gdzie nawet \u0142agodna krytyka \u017byd\u00f3w po\u015ble cz\u0142owieka do wi\u0119zienia.&nbsp;Kto tu jest ofiar\u0105?<\/p>\n\n\n\n<p>Istnieje r\u00f3wnie\u017c wiele interes\u00f3w handlowych, takich jak zmniejszenie wydatk\u00f3w na opiek\u0119 zdrowotn\u0105 i otwarcie rynku dla prywatnych szpitali \u017cydowskich oraz utorowanie drogi do wyg\u00f3rowanych zysk\u00f3w (prawie w ca\u0142o\u015bci) \u017cydowskich firm farmaceutycznych.&nbsp;Ambasady i konsulaty b\u0119d\u0105 wykorzystywane do zwi\u0119kszania zasi\u0119gu mi\u0119dzynarodowych korporacji nale\u017c\u0105cych do \u017byd\u00f3w.&nbsp;Przyjazny Nestle \u017cydowski ambasador b\u0119dzie wywiera\u0142 presj\u0119 na rz\u0105d, by z\u0142agodzi\u0142 przepisy zdrowotne dotycz\u0105ce sztucznego mleka dla niemowl\u0105t.<\/p>\n\n\n\n<p>Oto (ca\u0142kiem niekompletna) lista \u017cydowskich ambasador\u00f3w USA:<\/p>\n\n\n\n<p><a href=\"https:\/\/en.wikipedia.org\/wiki\/Category:20th-century_American_Jews\"><strong>Morton I. Abramowitz<\/strong><\/a>&nbsp;\u2013 Ambasador w Turcji<\/p>\n\n\n\n<p><a href=\"https:\/\/en.wikipedia.org\/wiki\/Category:20th-century_American_Jews\"><strong>Morton I. Abramowitz<\/strong><\/a>&nbsp;\u2013 Ambasador w Tajlandii<\/p>\n\n\n\n<p><a href=\"https:\/\/en.wikipedia.org\/wiki\/Category:21st-century_American_Jews?from=Aa\"><strong>David Isaac Adelman<\/strong><\/a>&nbsp;\u2013 ambasador w Singapurze<\/p>\n\n\n\n<p><a href=\"https:\/\/www.jewishvirtuallibrary.org\/jews-in-the-biden-administration\"><strong>Michael Adler<\/strong><\/a>&nbsp;\u2013 ambasador w Belgii<\/p>\n\n\n\n<p><a href=\"https:\/\/en.wikipedia.org\/wiki\/Madeleine_Albright\"><strong>Madeleine Albright (Marie Jana K\u00f6rbelov\u00e1)<\/strong><\/a>&nbsp;\u2013 ambasador przy ONZ<\/p>\n\n\n\n<p><a href=\"https:\/\/en.wikipedia.org\/wiki\/Jeffrey_A._Bader\"><strong>Jeffrey A. Bader<\/strong><\/a>&nbsp;\u2013 Ambasador w Namibii<\/p>\n\n\n\n<p><a href=\"https:\/\/www.jewishvirtuallibrary.org\/jews-in-the-george-w-bush-administration\"><strong>Stuart Bernstein<\/strong><\/a>&nbsp;\u2013 ambasador w Danii<\/p>\n\n\n\n<p><a href=\"https:\/\/en.wikipedia.org\/wiki\/Alan_Blinken\"><strong>Alan Blinken<\/strong><\/a>&nbsp;\u2013 Ambasador w Belgii<\/p>\n\n\n\n<p><a href=\"https:\/\/en.wikipedia.org\/wiki\/Donald_M._Blinken\"><strong>Donald Mayer Blinken<\/strong><\/a>&nbsp;\u2013 Ambasador na W\u0119grzech<\/p>\n\n\n\n<p><a href=\"https:\/\/en.wikipedia.org\/wiki\/Steven_C._Bondy\"><strong>Steven C. Bondy<\/strong><\/a>&nbsp;\u2013 ambasador w Bahrajnie<\/p>\n\n\n\n<p><a href=\"https:\/\/www.jewishvirtuallibrary.org\/jews-in-the-george-w-bush-administration\"><strong>Nancy Brinker<\/strong><\/a>&nbsp;\u2013 Ambasador na W\u0119grzech<\/p>\n\n\n\n<p><a href=\"https:\/\/en.wikipedia.org\/wiki\/Arthur_F._Burns\"><strong>Arthur F. Burns<\/strong><\/a>&nbsp;\u2013 ambasador w Niemczech<\/p>\n\n\n\n<p><a href=\"https:\/\/www.jewishvirtuallibrary.org\/jews-in-the-biden-administration\"><strong>David L. Cohen<\/strong><\/a>&nbsp;\u2013 Ambasador w Kanadzie<\/p>\n\n\n\n<p><a href=\"https:\/\/en.wikipedia.org\/w\/index.php?title=Category:21st-century_American_Jews\"><strong>Jonathan R. Cohen<\/strong><\/a>&nbsp;\u2013 ambasador w Egipcie<\/p>\n\n\n\n<p><a href=\"https:\/\/en.wikipedia.org\/w\/index.php?title=Category:21st-century_American_Jews\"><strong>Jonathan R. Cohen<\/strong><\/a>&nbsp;\u2013 Ambasador przy ONZ<\/p>\n\n\n\n<p><a href=\"https:\/\/en.wikipedia.org\/wiki\/Category:Jewish_American_government_officials\"><strong>David B. Cornstein<\/strong><\/a>&nbsp;\u2013 Ambasador na W\u0119grzech<\/p>\n\n\n\n<p><a href=\"https:\/\/en.wikipedia.org\/wiki\/Category:Jewish_American_government_officials\"><strong>Ivo Daalder<\/strong><\/a>&nbsp;\u2013 ambasador przy NATO<\/p>\n\n\n\n<p><a href=\"https:\/\/adst.org\/OH%20TOCs\/Davidow-Jeffrey.pdf\"><strong>Jeffrey Davidow<\/strong><\/a>&nbsp;\u2013 ambasador w Meksyku<\/p>\n\n\n\n<p><a href=\"https:\/\/adst.org\/OH%20TOCs\/Davidow-Jeffrey.pdf\"><strong>Jeffrey Davidow<\/strong><\/a>&nbsp;\u2013 ambasador w Zambii<\/p>\n\n\n\n<p><a href=\"https:\/\/adst.org\/OH%20TOCs\/Davidow-Jeffrey.pdf\"><strong>Jeffrey Davidow<\/strong><\/a>&nbsp;\u2013 ambasador w Wenezueli<\/p>\n\n\n\n<p><a href=\"https:\/\/en.wikipedia.org\/w\/index.php?title=Category:21st-century_American_Jews\"><strong>John Gunther Dean<\/strong><\/a>&nbsp;\u2013 ambasador w Indiach<\/p>\n\n\n\n<p><a href=\"https:\/\/en.wikipedia.org\/w\/index.php?title=Category:21st-century_American_Jews\"><strong>John Gunther Dean<\/strong><\/a>&nbsp;\u2013 ambasador w Tajlandii<\/p>\n\n\n\n<p><a href=\"https:\/\/en.wikipedia.org\/w\/index.php?title=Category:21st-century_American_Jews\"><strong>John Gunther Dean<\/strong><\/a>&nbsp;\u2013 ambasador w Libanie<\/p>\n\n\n\n<p><a href=\"https:\/\/en.wikipedia.org\/w\/index.php?title=Category:21st-century_American_Jews\"><strong>John Gunther Dean<\/strong><\/a>&nbsp;\u2013 ambasador w Danii<\/p>\n\n\n\n<p><a href=\"https:\/\/en.wikipedia.org\/w\/index.php?title=Category:21st-century_American_Jews\"><strong>John Gunther Dean<\/strong><\/a>&nbsp;\u2013 ambasador Republiki Khmer\u00f3w<\/p>\n\n\n\n<p><a href=\"https:\/\/en.wikipedia.org\/wiki\/Category:Jewish_American_government_officials\"><strong>Eric S. Edelman<\/strong><\/a>&nbsp;\u2013 Ambasador w Turcji<\/p>\n\n\n\n<p><a href=\"https:\/\/en.wikipedia.org\/wiki\/Category:Jewish_American_government_officials\"><strong>Eric S. Edelman<\/strong><\/a>&nbsp;\u2013 Ambasador w Finlandii<\/p>\n\n\n\n<p><a href=\"https:\/\/www.haaretz.com\/jewish\/2016-05-12\/ty-article\/white-house-to-name-new-jewish-liaison\/0000017f-f451-d487-abff-f7ff9f560000\"><strong>Norm Eisen<\/strong><\/a>&nbsp;\u2013 Ambasador w Czechach<\/p>\n\n\n\n<p><a href=\"https:\/\/en.wikipedia.org\/wiki\/Lewis_Eisenberg\"><strong>Lewis Eisenberg<\/strong><\/a>&nbsp;\u2013 ambasador we W\u0142oszech<\/p>\n\n\n\n<p><a href=\"https:\/\/www.lbi.org\/news\/stuart-eizenstat-jewish-continuity-21st-century\/\"><strong>Stuart Eizenstat<\/strong><\/a>&nbsp;\u2013 ambasador przy Unii Europejskiej<\/p>\n\n\n\n<p><a href=\"https:\/\/www.adst.org\/OH%20TOCs\/Elson.Edward.pdf\"><strong>Edward E. Elson<\/strong><\/a>&nbsp;\u2013 Ambasador w Danii<\/p>\n\n\n\n<p><a href=\"https:\/\/www.britannica.com\/biography\/Rahm-Emanuel\"><strong>Rahm Israel Emanuel<\/strong><\/a>&nbsp;\u2013 ambasador w Japonii<\/p>\n\n\n\n<p><a href=\"https:\/\/en.wikipedia.org\/wiki\/Lee_A._Feinstein\"><strong>Lee A. Feinstein<\/strong><\/a>&nbsp;\u2013 Ambasador w Polsce<\/p>\n\n\n\n<p><a href=\"https:\/\/en.wikipedia.org\/wiki\/Harvey_Feldman\"><strong>Harvey Feldman<\/strong><\/a>&nbsp;\u2013 ambasador w Papui-Nowej Gwinei i na Wyspach Salomona<\/p>\n\n\n\n<p><a href=\"https:\/\/en.wikipedia.org\/wiki\/Harvey_Feldman\"><strong>Harvey Feldman<\/strong><\/a>&nbsp;\u2013 przedstawiciel USA przy ONZ<\/p>\n\n\n\n<p><a href=\"https:\/\/en.wikipedia.org\/w\/index.php?title=Category:21st-century_American_Jews\"><strong>Jeffrey D. Feltman<\/strong><\/a>&nbsp;\u2013 ambasador w Libanie<\/p>\n\n\n\n<p><a href=\"https:\/\/en.wikipedia.org\/w\/index.php?title=Category:21st-century_American_Jews\"><strong>Jeffrey D. Feltman<\/strong><\/a>&nbsp;\u2013 Konsul Generalny USA w Jerozolimie<\/p>\n\n\n\n<p><a href=\"https:\/\/en.wikipedia.org\/w\/index.php?title=Category:21st-century_American_Jews\"><strong>Jeffrey D. Feltman<\/strong><\/a>&nbsp;\u2013 Specjalny Wys\u0142annik w Rogu Afryki<\/p>\n\n\n\n<p><a href=\"https:\/\/en.wikipedia.org\/wiki\/Category:American_Jews\"><strong>Daniel Fried<\/strong><\/a>&nbsp;\u2013 Ambasador w Polsce<\/p>\n\n\n\n<p><a href=\"https:\/\/en.wikipedia.org\/wiki\/David_M._Friedman\"><strong>David Melech Friedman<\/strong><\/a>&nbsp;\u2013 ambasador w Izraelu<\/p>\n\n\n\n<p><a href=\"https:\/\/www.jewishvirtuallibrary.org\/jews-in-the-biden-administration\"><strong>Eric Garcetti<\/strong><\/a>&nbsp;\u2013 ambasador w Indiach<\/p>\n\n\n\n<p><a href=\"https:\/\/en.wikipedia.org\/wiki\/Mark_D._Gilbert\"><strong>Mark D. Gilbert<\/strong><\/a>&nbsp;\u2013 Ambasador w Nowej Zelandii<\/p>\n\n\n\n<p><a href=\"https:\/\/en.wikipedia.org\/wiki\/Mark_D._Gilbert\"><strong>Mark D. Gilbert<\/strong><\/a>&nbsp;\u2013 Ambasador na Samoa<\/p>\n\n\n\n<p><a href=\"https:\/\/www.dcfdonorstories.org\/major-gift-donors\/gildenhorn\"><strong>Joseph Gildenhorn<\/strong><\/a>&nbsp;\u2013 ambasador w Szwajcarii<\/p>\n\n\n\n<p><a href=\"https:\/\/en.wikipedia.org\/wiki\/Marc_C._Ginsberg\"><strong>Marc Ginsberg<\/strong><\/a>&nbsp;\u2013 ambasador w Maroku<\/p>\n\n\n\n<p><a href=\"https:\/\/www.jewishvirtuallibrary.org\/jews-in-the-biden-administration\"><strong>Mark Gitenstein<\/strong><\/a>&nbsp;\u2013 Ambasador przy Unii Europejskiej<\/p>\n\n\n\n<p><a href=\"https:\/\/en.wikipedia.org\/wiki\/List_of_Jewish_American_politicians\"><strong>Arthur Goldberg<\/strong><\/a>&nbsp;\u2013 ambasador przy ONZ<\/p>\n\n\n\n<p><a href=\"https:\/\/ethnicelebs.com\/philip-goldberg\"><strong>Philip S. Goldberg<\/strong><\/a>&nbsp;\u2013 Ambasador w Kolumbii<\/p>\n\n\n\n<p><a href=\"https:\/\/ethnicelebs.com\/philip-goldberg\"><strong>Philip S. Goldberg<\/strong><\/a>&nbsp;\u2013 Ambasador na Kubie<\/p>\n\n\n\n<p><a href=\"https:\/\/ethnicelebs.com\/philip-goldberg\"><strong>Philip S. Goldberg<\/strong><\/a>&nbsp;\u2013 Ambasador na Filipinach<\/p>\n\n\n\n<p><a href=\"https:\/\/ethnicelebs.com\/philip-goldberg\"><strong>Philip S. Goldberg<\/strong><\/a>&nbsp;\u2013 Ambasador w Korei Po\u0142udniowej<\/p>\n\n\n\n<p><a href=\"https:\/\/www.nndb.com\/people\/532\/000119175\/\"><strong>Marc Grossman<\/strong><\/a>&nbsp;\u2013 Ambasador w Turcji<\/p>\n\n\n\n<p><a href=\"https:\/\/www.jewishvirtuallibrary.org\/jews-in-the-biden-administration\"><strong>Amy Gutmann<\/strong><\/a>&nbsp;\u2013 ambasador w Niemczech<\/p>\n\n\n\n<p><a href=\"https:\/\/en.wikipedia.org\/wiki\/Howard_Gutman\"><strong>Howard Gutman<\/strong><\/a>&nbsp;\u2013 ambasador w Belgii<\/p>\n\n\n\n<p><a href=\"https:\/\/en.wikipedia.org\/wiki\/Rita_Hauser\"><strong>Rita Hauser<\/strong><\/a>&nbsp;\u2013 Ambasador przy ONZ<\/p>\n\n\n\n<p><a href=\"https:\/\/en.wikipedia.org\/wiki\/Chic_Hecht\"><strong>Mayer Jacob Hecht<\/strong><\/a>&nbsp;\u2013 ambasador na Bahamach<\/p>\n\n\n\n<p><a href=\"https:\/\/www.nytimes.com\/2000\/11\/23\/world\/david-hermelin-63-a-diplomat-who-artfully-used-the-hot-dog.html\"><strong>David Hermelin<\/strong><\/a>&nbsp;\u2013 Ambasador w Norwegii<\/p>\n\n\n\n<p><a href=\"https:\/\/en.wikipedia.org\/wiki\/Category:Jewish_American_government_officials\"><strong>Al Hoffman Jr.<\/strong><\/a>&nbsp;\u2013 Ambasador w Portugalii<\/p>\n\n\n\n<p><a href=\"https:\/\/en.wikipedia.org\/wiki\/Richard_Holbrooke\"><strong>Richard Holbrooke<\/strong><\/a>&nbsp;\u2013 ambasador w Niemczech<\/p>\n\n\n\n<p><a href=\"https:\/\/en.wikipedia.org\/wiki\/Richard_Holbrooke\"><strong>Richard Holbrooke<\/strong><\/a>&nbsp;\u2013 ambasador przy ONZ<\/p>\n\n\n\n<p><a href=\"https:\/\/en.wikipedia.org\/w\/index.php?title=Category:21st-century_American_Jews\"><strong>Herbert E. Horowitz<\/strong><\/a>&nbsp;\u2013 Ambasador w Gambii<\/p>\n\n\n\n<p><a href=\"https:\/\/en.wikipedia.org\/wiki\/Martin_Indyk\"><strong>Martin Indyk<\/strong><\/a>&nbsp;\u2013 ambasador w Izraelu<\/p>\n\n\n\n<p><a href=\"https:\/\/en.wikipedia.org\/w\/index.php?title=Category:Jewish_American_attorneys\"><strong>David C. Jacobson<\/strong><\/a>&nbsp;\u2013 ambasador w Kanadzie<\/p>\n\n\n\n<p><a href=\"https:\/\/en.wikipedia.org\/wiki\/Roberta_S._Jacobson\"><strong>Roberta S. Jacobson<\/strong><\/a>&nbsp;\u2013 Ambasador w Meksyku<\/p>\n\n\n\n<p><a href=\"https:\/\/en.wikipedia.org\/wiki\/Geri_M._Joseph\"><strong>Geri M. Joseph<\/strong><\/a>&nbsp;\u2013 Ambasador w Holandii<\/p>\n\n\n\n<p><a href=\"https:\/\/www.jewishvirtuallibrary.org\/jews-in-the-biden-administration\"><strong>Jonathan Kaplan<\/strong><\/a>&nbsp;\u2013 ambasador w Singapurze<\/p>\n\n\n\n<p><a href=\"https:\/\/en.wikipedia.org\/wiki\/Samuel_L._Kaplan\"><strong>Samuel L. Kaplan<\/strong><\/a>&nbsp;\u2013 Ambasador w Maroku<\/p>\n\n\n\n<p><a href=\"https:\/\/en.wikipedia.org\/wiki\/Allan_J._Katz\"><strong>Allan J. Katz<\/strong><\/a>&nbsp;\u2013 Ambasador w Portugalii<\/p>\n\n\n\n<p><a href=\"https:\/\/en.wikipedia.org\/wiki\/Philip_Klutznick\"><strong>Philip Klutznick<\/strong><\/a>&nbsp;\u2013 przedstawiciel USA (ambasador) przy Radzie Gospodarczej ONZ<\/p>\n\n\n\n<p><a href=\"https:\/\/en.wikipedia.org\/wiki\/Madeleine_Kunin\"><strong>Madeleine Kunin<\/strong><\/a>&nbsp;\u2013 Ambasador w Szwajcarii i Liechtensteinie<\/p>\n\n\n\n<p><a href=\"https:\/\/en.wikipedia.org\/wiki\/Daniel_C._Kurtzer\"><strong>Daniel Kurtzer<\/strong><\/a>&nbsp;\u2013 ambasador w Izraelu<\/p>\n\n\n\n<p><a href=\"https:\/\/en.wikipedia.org\/wiki\/Daniel_C._Kurtzer\"><strong>Daniel Kurtzer<\/strong><\/a>&nbsp;\u2013 ambasador w Egipcie<\/p>\n\n\n\n<p><a href=\"https:\/\/www.jpost.com\/50-most-influential-jews\/article-717716\"><strong>Ronald S. Lauder<\/strong><\/a>&nbsp;\u2013 ambasador w Austrii<\/p>\n\n\n\n<p><a href=\"https:\/\/www.jewishvirtuallibrary.org\/jews-in-the-george-w-bush-administration\"><strong>Frank Lavin<\/strong><\/a>&nbsp;\u2013 ambasador w Singapurze<\/p>\n\n\n\n<ol class=\"wp-block-list\">\n<li><a href=\"https:\/\/en.wikipedia.org\/wiki\/M._Larry_Lawrence\"><strong>Larry Lawrence<\/strong><\/a>&nbsp;\u2013 Ambasador w Szwajcarii i Liechtensteinie<\/li>\n<\/ol>\n\n\n\n<p><a href=\"https:\/\/www.jewishvirtuallibrary.org\/jews-in-the-biden-administration\"><strong>Alan Leventhal<\/strong><\/a>&nbsp;\u2013 ambasador w Danii<\/p>\n\n\n\n<p><a href=\"https:\/\/en.wikipedia.org\/wiki\/Randi_Levine\"><strong>Randi Levine<\/strong><\/a>&nbsp;\u2013 ambasador w Portugalii<\/p>\n\n\n\n<p><a href=\"https:\/\/journals.sagepub.com\/doi\/suppl\/10.1177\/0144739418806558\/suppl_file\/SUPPLEMENTAL.pdf\"><strong>Melvyn Levitsky<\/strong><\/a>&nbsp;\u2013 ambasador w Brazylii<\/p>\n\n\n\n<p><a href=\"https:\/\/journals.sagepub.com\/doi\/suppl\/10.1177\/0144739418806558\/suppl_file\/SUPPLEMENTAL.pdf\"><strong>Melvyn Levitsky<\/strong><\/a>&nbsp;\u2013 ambasador w Bu\u0142garii<\/p>\n\n\n\n<p><a href=\"https:\/\/www.nli.org.il\/en\/images\/NNL_ARCHIVE_AL990045785620205171\/NLI#$FL62666737\"><strong>Samuel W. Lewis<\/strong><\/a>&nbsp;\u2013 Ambasador w Izraelu<\/p>\n\n\n\n<p><a href=\"https:\/\/jweekly.com\/1997\/12\/05\/jews-now-flocking-to-foreign-service-careers-in-u-s\/\"><strong>Princeton Lyman<\/strong><\/a>&nbsp;\u2013 ambasador w RPA<\/p>\n\n\n\n<p><a href=\"https:\/\/jweekly.com\/1997\/12\/05\/jews-now-flocking-to-foreign-service-careers-in-u-s\/\"><strong>Princeton Lyman<\/strong><\/a>&nbsp;\u2013 ambasador w Nigerii<\/p>\n\n\n\n<p><a href=\"https:\/\/en.wikipedia.org\/wiki\/Earle_I._Mack\"><strong>Earle I. Mack<\/strong><\/a>&nbsp;\u2013 ambasador w Finlandii<\/p>\n\n\n\n<p><a href=\"https:\/\/en.wikipedia.org\/wiki\/Robert_Malley\"><strong>Robert Malley<\/strong><\/a>&nbsp;\u2013 Specjalny Wys\u0142annik ds. Iranu<\/p>\n\n\n\n<p><a href=\"https:\/\/en.wikipedia.org\/wiki\/Noah_Mamet\"><strong>Noah Mamet<\/strong><\/a>&nbsp;\u2013 ambasador w Argentynie<\/p>\n\n\n\n<p><a href=\"https:\/\/en.wikipedia.org\/wiki\/Jack_Markell\"><strong>Jack Markell<\/strong><\/a>&nbsp;\u2013 Ambasador przy OECD<\/p>\n\n\n\n<p><a href=\"https:\/\/en.wikipedia.org\/wiki\/List_of_Jewish_members_of_the_United_States_Congress\"><strong>Edward Mezvinsky<\/strong><\/a>&nbsp;\u2013 ambasador przy ONZ<\/p>\n\n\n\n<p><a href=\"https:\/\/en.wikipedia.org\/wiki\/Newton_N._Minow\"><strong>Newton N. Minow<\/strong><\/a>&nbsp;\u2013 Honorowy Konsul Generalny w Singapurze<\/p>\n\n\n\n<p><a href=\"https:\/\/en.wikipedia.org\/wiki\/Alfred_H._Moses\"><strong>Alfred Moses<\/strong><\/a>&nbsp;\u2013 ambasador w Rumunii<\/p>\n\n\n\n<p><a href=\"https:\/\/en.wikipedia.org\/wiki\/List_of_Jewish_American_businesspeople_in_media\"><strong>Marc B. Nathanson<\/strong><\/a>&nbsp;\u2013 Ambasador w Norwegii<\/p>\n\n\n\n<p><a href=\"https:\/\/en.wikipedia.org\/w\/index.php?title=Category:21st-century_American_Jews\"><strong>Ronald E. Neumann<\/strong><\/a>&nbsp;\u2013 Ambasador w Afganistanie<\/p>\n\n\n\n<p><a href=\"https:\/\/en.wikipedia.org\/w\/index.php?title=Category:21st-century_American_Jews\"><strong>Ronald E. Neumann<\/strong><\/a>&nbsp;\u2013 Ambasador w Bahrajnie<\/p>\n\n\n\n<p><a href=\"https:\/\/en.wikipedia.org\/w\/index.php?title=Category:21st-century_American_Jews\"><strong>Ronald E. Neumann<\/strong><\/a>&nbsp;\u2013 Ambasador w Algierii<\/p>\n\n\n\n<p><a href=\"https:\/\/www.jewishvirtuallibrary.org\/jews-in-the-biden-administration\"><strong>Thomas Nides<\/strong><\/a>&nbsp;\u2013 ambasador w Izraelu<\/p>\n\n\n\n<p><a href=\"https:\/\/en.wikipedia.org\/wiki\/Suzanne_Nossel\"><strong>Suzanne Nossel<\/strong><\/a>&nbsp;\u2013 Zast\u0119pca Ambasadora USA przy ONZ<\/p>\n\n\n\n<p><a href=\"https:\/\/en.wikipedia.org\/wiki\/Victoria_Nuland\"><strong>Victoria Nuland<\/strong><\/a>&nbsp;\u2013 Ambasador przy NATO<\/p>\n\n\n\n<p><a href=\"https:\/\/en.wikipedia.org\/w\/index.php?title=Category:21st-century_American_Jews\"><strong>James D. Pettit<\/strong><\/a>&nbsp;\u2013 Ambasador w Mo\u0142dawii<\/p>\n\n\n\n<p><a href=\"https:\/\/en.wikipedia.org\/w\/index.php?title=Category:21st-century_American_Jews\"><strong>James D. Pettit<\/strong><\/a>&nbsp;\u2013 Konsul Generalny Ambasady USA w Moskwie<\/p>\n\n\n\n<p><a href=\"https:\/\/en.wikipedia.org\/w\/index.php?title=Category:21st-century_American_Jews\"><strong>Nancy B. Pettit<\/strong><\/a>&nbsp;\u2013 Ambasador na \u0141otwie<\/p>\n\n\n\n<p><a href=\"https:\/\/en.wikipedia.org\/wiki\/David_H._Popper\"><strong>David H. Popper<\/strong><\/a>&nbsp;\u2013 ambasador na Cyprze<\/p>\n\n\n\n<p><a href=\"https:\/\/en.wikipedia.org\/wiki\/David_H._Popper\"><strong>David H. Popper<\/strong><\/a>&nbsp;\u2013 Ambasador w Chile<\/p>\n\n\n\n<p><a href=\"https:\/\/en.wikipedia.org\/wiki\/David_Pressman\"><strong>David Pressman<\/strong><\/a>&nbsp;\u2013 Ambasador na W\u0119grzech<\/p>\n\n\n\n<p><a href=\"https:\/\/en.wikipedia.org\/wiki\/David_Pressman\"><strong>David Pressman<\/strong><\/a>&nbsp;\u2013 ambasador przy ONZ<\/p>\n\n\n\n<p><a href=\"https:\/\/en.wikipedia.org\/wiki\/John_Price_(diplomat)\"><strong>John Price<\/strong><\/a>&nbsp;\u2013 ambasador na Mauritiusie<\/p>\n\n\n\n<p><a href=\"https:\/\/en.wikipedia.org\/wiki\/John_Price_(diplomat)\"><strong>John Price<\/strong><\/a>&nbsp;\u2013 ambasador na Seszelach<\/p>\n\n\n\n<p><a href=\"https:\/\/en.wikipedia.org\/w\/index.php?title=Category:Jewish_American_attorneys\"><strong>Maxwell M. Rabb<\/strong><\/a>&nbsp;\u2013 Ambasador we W\u0142oszech<\/p>\n\n\n\n<p><a href=\"https:\/\/en.wikipedia.org\/wiki\/Arnold_Lewis_Raphel\"><strong>Arnold Lewis Raphel<\/strong><\/a>&nbsp;\u2013 ambasador w Pakistanie<\/p>\n\n\n\n<p><a href=\"https:\/\/en.wikipedia.org\/wiki\/Felix_Rohatyn\"><strong>Felix Rohatyn<\/strong><\/a>&nbsp;\u2013 ambasador we Francji<\/p>\n\n\n\n<p><a href=\"https:\/\/iq.usembassy.gov\/ambassador-alina-l-romanowski\/\"><strong>Alina Romanowski<\/strong><\/a>&nbsp;\u2013 ambasador w Iraku<\/p>\n\n\n\n<p><a href=\"https:\/\/iq.usembassy.gov\/ambassador-alina-l-romanowski\/\"><strong>Alina Romanowski<\/strong><\/a>&nbsp;\u2013 Ambasador w Kuwejcie<\/p>\n\n\n\n<p><a href=\"https:\/\/www.clevelandjewishhistory.net\/sj\/lr-interview.htm\"><strong>Daniel N. Rosenblum<\/strong><\/a>&nbsp;\u2013 Ambasador w Kazachstanie<\/p>\n\n\n\n<p><a href=\"https:\/\/www.clevelandjewishhistory.net\/sj\/lr-interview.htm\"><strong>Daniel N. Rosenblum<\/strong><\/a>&nbsp;\u2013 Ambasador w Uzbekistanie<\/p>\n\n\n\n<p><a href=\"https:\/\/www.jewishvirtuallibrary.org\/jews-in-the-barack-obama-administration\"><strong>Daniel Rubenstein<\/strong><\/a>&nbsp;\u2013 ambasador w Syrii<\/p>\n\n\n\n<p><a href=\"https:\/\/www.timesofisrael.com\/jewish-arabist-is-dcs-new-envoy-to-syria\/\"><strong>Daniel Rubenstein<\/strong><\/a>&nbsp;\u2013 Ambasador w Tunezji<\/p>\n\n\n\n<p><a href=\"https:\/\/www.timesofisrael.com\/jewish-arabist-is-dcs-new-envoy-to-syria\/\"><strong>Daniel Rubenstein<\/strong><\/a>&nbsp;\u2013 Konsul Generalny Jerozolimy<\/p>\n\n\n\n<p><a href=\"https:\/\/www.jta.org\/2014\/03\/18\/united-states\/kerry-names-daniel-rubinstein-as-chief-syria-envoy\"><strong>Daniel Rubinstein<\/strong><\/a>&nbsp;\u2013 Dyrektor Biura ds. Izraela i Palestyny<\/p>\n\n\n\n<p><a href=\"https:\/\/en.wikipedia.org\/w\/index.php?title=Category:21st-century_American_Jews\"><strong>Daniel Rubinstein<\/strong><\/a>&nbsp;\u2013 Specjalny Wys\u0142annik ds. Syrii<\/p>\n\n\n\n<p><a href=\"https:\/\/en.wikipedia.org\/wiki\/Andrew_H._Schapiro\"><strong>Andrew H. Schapiro<\/strong><\/a>&nbsp;\u2013 Ambasador w Czechach<\/p>\n\n\n\n<p><a href=\"https:\/\/en.wikipedia.org\/wiki\/Arthur_Louis_Schechter\"><strong>Arthur Louis Schechter<\/strong><\/a>&nbsp;&#8211; ambasador na Bahamach<\/p>\n\n\n\n<p><a href=\"https:\/\/www.jewishvirtuallibrary.org\/jews-in-the-george-w-bush-administration\"><strong>Mel Sembler<\/strong><\/a>&nbsp;\u2013 ambasador we W\u0142oszech<\/p>\n\n\n\n<p><a href=\"https:\/\/en.wikipedia.org\/wiki\/Mel_Sembler\"><strong>Mel Sembler<\/strong><\/a>&nbsp;\u2013 ambasador w Australii<\/p>\n\n\n\n<p><a href=\"https:\/\/www.jewishvirtuallibrary.org\/jews-in-the-barack-obama-administration\"><strong>Dan Shapiro<\/strong><\/a>&nbsp;\u2013 ambasador w Izraelu<\/p>\n\n\n\n<p><a href=\"https:\/\/en.wikipedia.org\/w\/index.php?title=Category:21st-century_American_Jews\"><strong>Ned Siegel<\/strong><\/a>&nbsp;\u2013 ambasador na Bahamach<\/p>\n\n\n\n<p><a href=\"https:\/\/en.wikipedia.org\/w\/index.php?title=Category:21st-century_American_Jews\"><strong>Ned Siegel<\/strong><\/a>&nbsp;\u2013 przedstawiciel USA przy ONZ<\/p>\n\n\n\n<p><a href=\"https:\/\/www.jta.org\/archive\/reagan-names-11-jews-among-his-68-foreign-policy-and-defense-advisors\"><strong>Laurence Silberman<\/strong><\/a>&nbsp;\u2013 ambasador w Jugos\u0142awii<\/p>\n\n\n\n<p><a href=\"https:\/\/www.jewishvirtuallibrary.org\/jews-in-the-george-w-bush-administration\"><strong>Martin Silverstein<\/strong><\/a>&nbsp;\u2013 ambasador w Urugwaju<\/p>\n\n\n\n<p><a href=\"https:\/\/www.jewishvirtuallibrary.org\/jews-in-the-george-w-bush-administration\"><strong>Cliff Sobel<\/strong><\/a>&nbsp;\u2013 Ambasador w Holandii<\/p>\n\n\n\n<p><a href=\"https:\/\/en.wikipedia.org\/wiki\/Clifford_M._Sobel\"><strong>Cliff Sobel<\/strong><\/a>&nbsp;\u2013 ambasador w Brazylii<\/p>\n\n\n\n<p><a href=\"https:\/\/en.wikipedia.org\/w\/index.php?title=Category:21st-century_American_Jews\"><strong>Richard H. Solomon<\/strong><\/a>&nbsp;\u2013 ambasador na Filipinach<\/p>\n\n\n\n<p><a href=\"https:\/\/en.wikipedia.org\/wiki\/Alan_Solomont\"><strong>Alan Solomont<\/strong><\/a>&nbsp;\u2013 Ambasador w Hiszpanii<\/p>\n\n\n\n<p><a href=\"https:\/\/en.wikipedia.org\/wiki\/Alan_Solomont\"><strong>Alan Solomont<\/strong><\/a>&nbsp;\u2013 ambasador w Andorze<\/p>\n\n\n\n<p><a href=\"https:\/\/en.wikipedia.org\/wiki\/Gordon_Sondland\"><strong>Gordon Sondland<\/strong><\/a>&nbsp;\u2013 ambasador przy UE<\/p>\n\n\n\n<p><a href=\"https:\/\/www.jewishvirtuallibrary.org\/jews-in-the-biden-administration\"><strong>Marc Stanley<\/strong><\/a>&nbsp;\u2013 ambasador w Argentynie<\/p>\n\n\n\n<p><a href=\"https:\/\/www.jewishvirtuallibrary.org\/jews-in-the-george-w-bush-administration\"><strong>Donald Steinberg<\/strong><\/a>&nbsp;\u2013 ambasador w Angoli<\/p>\n\n\n\n<p><a href=\"https:\/\/en.wikipedia.org\/wiki\/Richard_Stone_(politician)\"><strong>Richard Stone<\/strong><\/a>&nbsp;\u2013 ambasador w Danii<\/p>\n\n\n\n<p><a href=\"https:\/\/en.wikipedia.org\/wiki\/Richard_Stone_(politician)\"><strong>Richard Stone<\/strong><\/a>&nbsp;\u2013 ambasador w Ameryce \u015arodkowej<\/p>\n\n\n\n<p><a href=\"https:\/\/en.wikipedia.org\/wiki\/Robert_S._Strauss\"><strong>Robert S. Strauss<\/strong><\/a>&nbsp;\u2013 ambasador w Rosji<\/p>\n\n\n\n<p><a href=\"https:\/\/en.wikipedia.org\/wiki\/Robert_S._Strauss\"><strong>Robert S. Strauss<\/strong><\/a>&nbsp;\u2013 ambasador w Zwi\u0105zku Radzieckim<\/p>\n\n\n\n<p><a href=\"https:\/\/en.wikipedia.org\/wiki\/Category:21st-century_American_Jews?from=Ta\"><strong>Peter Tarnoff<\/strong><\/a>&nbsp;\u2013 Zast\u0119pca Szefa Misji Ambasady USA w Luksemburgu<\/p>\n\n\n\n<p><a href=\"https:\/\/en.wikipedia.org\/wiki\/Category:21st-century_American_Jews?from=Ta\"><strong>Peter Tarnoff<\/strong><\/a>&nbsp;\u2013 Specjalny Asystent Ambasador\u00f3w USA w Niemczech, Wietnamie, Nigerii<\/p>\n\n\n\n<p><a href=\"https:\/\/www.jewishvirtuallibrary.org\/jews-in-the-biden-administration\"><strong>Mich\u00e8le Taylor<\/strong><\/a>&nbsp;\u2013 ambasador przy Radzie Praw Cz\u0142owieka ONZ<\/p>\n\n\n\n<p><a href=\"https:\/\/en.wikipedia.org\/w\/index.php?title=Category:21st-century_American_Jews\"><strong>Nicholas F. Taubman<\/strong><\/a>&nbsp;\u2013 Ambasador w Rumunii<\/p>\n\n\n\n<p><a href=\"https:\/\/www.jta.org\/2005\/03\/27\/lifestyle\/u-s-s-moscow-ambassador-hosts-seder\"><strong>Alexander Vershbow<\/strong><\/a>&nbsp;\u2013 ambasador w Rosji<\/p>\n\n\n\n<p><a href=\"https:\/\/www.jta.org\/2005\/03\/27\/lifestyle\/u-s-s-moscow-ambassador-hosts-seder\"><strong>Alexander Vershbow<\/strong><\/a>&nbsp;\u2013 ambasador w Korei Po\u0142udniowej<\/p>\n\n\n\n<p><a href=\"https:\/\/www.jta.org\/2005\/03\/27\/lifestyle\/u-s-s-moscow-ambassador-hosts-seder\"><strong>Alexander Vershbow<\/strong><\/a>&nbsp;\u2013 ambasador przy NATO<\/p>\n\n\n\n<p><a href=\"https:\/\/www.jewishvirtuallibrary.org\/jews-in-the-george-w-bush-administration\"><strong>Ron Weiser<\/strong><\/a>&nbsp;\u2013 ambasador na S\u0142owacji<\/p>\n\n\n\n<p><a href=\"https:\/\/www.jta.org\/archive\/reagan-names-11-jews-among-his-68-foreign-policy-and-defense-advisors\"><strong>Seymour Weiss<\/strong><\/a>&nbsp;\u2013 ambasador na Bahamach<\/p>\n\n\n\n<p><a href=\"https:\/\/en.wikipedia.org\/wiki\/Paul_Wolfowitz\"><strong>Paul Wolfowitz<\/strong><\/a>&nbsp;\u2013 ambasador w Indonezji<\/p>\n\n\n\n<p><a href=\"https:\/\/cjc.georgetown.edu\/people\/kenneth-yalowitz\/\"><strong>Kenneth S. Yalowitz<\/strong><\/a>&nbsp;\u2013 ambasador USA na Bia\u0142orusi<\/p>\n\n\n\n<p><a href=\"https:\/\/cjc.georgetown.edu\/people\/kenneth-yalowitz\/\"><strong>Kenneth S. Yalowitz<\/strong><\/a>&nbsp;\u2013 ambasador USA w Gruzji<\/p>\n\n\n\n<p><a href=\"https:\/\/cjc.georgetown.edu\/people\/kenneth-yalowitz\/\"><strong>Kenneth S. Yalowitz<\/strong><\/a>&nbsp;\u2013 ambasador USA w Hadze<\/p>\n\n\n\n<p><a href=\"https:\/\/cjc.georgetown.edu\/people\/kenneth-yalowitz\/\"><strong>Kenneth S. Yalowitz<\/strong><\/a>&nbsp;\u2013 ambasador USA przy NATO<\/p>\n\n\n\n<p><strong>Cz\u0119\u015b\u0107 12 \u2013 Kontrola prawie wszystkiego innego<\/strong><\/p>\n\n\n\n<p>I wreszcie, garstka dyrektor\u00f3w, kt\u00f3rzy specjalizuj\u0105 si\u0119 we wszystkim, od zalewania kraju \u017cywno\u015bci\u0105 GM po negocjowanie wysokich zysk\u00f3w i immunitetu karnego dla przemys\u0142u farmaceutycznego, patroszenie ubezpiecze\u0144 spo\u0142ecznych, zabijanie bon\u00f3w \u017cywno\u015bciowych i, co by\u0107 mo\u017ce najwa\u017cniejsze, zapewnianie kryminalizacji sprzeciwu i znalezienie pieni\u0119dzy dla DHS na zakup 3 miliard\u00f3w pocisk\u00f3w i obsadzenie 800 oboz\u00f3w internowania.&nbsp;Jest oczywi\u015bcie r\u00f3wnie\u017c odpowiedzialny za patroszenie systemu edukacji, zabijanie opieki medycznej, zastraszanie innych cz\u0142onk\u00f3w ONZ w celu poddania si\u0119 i decydowanie, kt\u00f3re dzia\u0142ania polityczne lub antykapitalistyczne powinny zosta\u0107 uznane za przest\u0119pstwo i \u015bcigane.&nbsp;Ta grupa przecina bardzo du\u017cy obszar w ca\u0142ym ameryka\u0144skim spo\u0142ecze\u0144stwie.&nbsp;Niewiele pozostaje nietkni\u0119te.<\/p>\n\n\n\n<p><a href=\"https:\/\/en.wikipedia.org\/wiki\/Category:21st-century_American_Jews\"><strong>Roberta Achtenberg<\/strong><\/a>&nbsp;\u2013 Asystent Sekretariatu Biura Sprawiedliwego Mieszkalnictwa<\/p>\n\n\n\n<p><a href=\"https:\/\/en.wikipedia.org\/wiki\/Category:Jewish_American_government_officials\"><strong>Jonathan Adelstein<\/strong><\/a>&nbsp;\u2013 Komisarz, Federalna Komisja \u0141\u0105czno\u015bci<\/p>\n\n\n\n<p><a href=\"https:\/\/en.wikipedia.org\/wiki\/Category:Jewish_American_government_officials\"><strong>Jonathan Adelstein<\/strong><\/a>&nbsp;\u2013 Administrator, Departament Rolnictwa<\/p>\n\n\n\n<p><a href=\"https:\/\/jcfny.org\/board-of-trustees\/karen-r-adler\/\"><strong>Karen Adler<\/strong><\/a>&nbsp;\u2013 administrator regionalny Administracja us\u0142ug og\u00f3lnych<\/p>\n\n\n\n<p><a href=\"https:\/\/en.wikipedia.org\/wiki\/Manson_Benedict\"><strong>Manson Benedict<\/strong><\/a>&nbsp;\u2013 Przewodnicz\u0105cy Doradczy Komisji Energii Atomowej USA.<\/p>\n\n\n\n<p><a href=\"https:\/\/en.wikipedia.org\/wiki\/Jared_Bernstein\"><strong>Jared Bernstein<\/strong><\/a>&nbsp;\u2013 G\u0142\u00f3wny Ekonomista Departamentu Pracy<\/p>\n\n\n\n<p><a href=\"https:\/\/en.wikipedia.org\/wiki\/Alan_Bersin\"><strong>Alan Bersin<\/strong><\/a>&nbsp;\u2013 Komisarz ds. Ce\u0142 i Ochrony Granic USA<\/p>\n\n\n\n<p><a href=\"https:\/\/historynewsnetwork.org\/article\/17555\"><strong>Samuel Bodman<\/strong><\/a>&nbsp;\u2013 Sekretarz Energii<\/p>\n\n\n\n<p><a href=\"https:\/\/www.jewishvirtuallibrary.org\/jews-in-the-barack-obama-administration\"><strong>Danielle Borrin<\/strong><\/a>&nbsp;\u2013 Zast\u0119pca Dyrektora ds. Zaanga\u017cowania Publicznego<\/p>\n\n\n\n<p><a href=\"https:\/\/www.jewishvirtuallibrary.org\/jews-in-the-barack-obama-administration\"><strong>Danielle Borrin<\/strong><\/a>&nbsp;\u2013 Dyrektor ds. Mi\u0119dzyrz\u0105dowych<\/p>\n\n\n\n<p><a href=\"https:\/\/en.wikipedia.org\/wiki\/Peter_A._Bradford\"><strong>Peter A. Bradford<\/strong><\/a>&nbsp;&#8211; Komisja Dozoru J\u0105drowego<\/p>\n\n\n\n<p><a href=\"https:\/\/humanrights.iowa.gov\/icsw\/lynn-germain-cutler\"><strong>Lynn Cutler<\/strong><\/a>&nbsp;&#8211; wiceprzewodnicz\u0105cy Komitetu Narodowego Demokrat\u00f3w<\/p>\n\n\n\n<p><a href=\"https:\/\/en.wikipedia.org\/wiki\/Lanny_Davis\"><strong>Lanny Davis<\/strong><\/a>&nbsp;\u2013 Rada Nadzorcza ds. Prywatno\u015bci i Swob\u00f3d Obywatelskich<\/p>\n\n\n\n<p><a href=\"https:\/\/www.jewishvirtuallibrary.org\/jews-in-the-biden-administration\"><strong>Steven Dettelbach<\/strong><\/a>&nbsp;\u2013 Dyrektor Biura ds. Alkoholu, Tytoniu, Broni Palnej i Materia\u0142\u00f3w Wybuchowych<\/p>\n\n\n\n<p><a href=\"https:\/\/www.haaretz.com\/ty-WRITER\/0000017f-da25-d718-a5ff-faa57eb80000\"><strong>Robert J. Einhorn<\/strong><\/a>&nbsp;\u2013 specjalny doradca ds. nierozprzestrzeniania broni i kontroli zbroje\u0144<\/p>\n\n\n\n<p><a href=\"https:\/\/www.britannica.com\/biography\/Rahm-Emanuel\"><strong>Rahm Israel Emanuel<\/strong><\/a>&nbsp;\u2013 Rada Dyrektor\u00f3w Freddie Mac<\/p>\n\n\n\n<p><a href=\"https:\/\/www.britannica.com\/biography\/Rahm-Emanuel\"><strong>Rahm Israel Emanuel<\/strong><\/a>&nbsp;&#8211; Domowy Komitet ds. Sposob\u00f3w i \u015arodk\u00f3w<\/p>\n\n\n\n<p><a href=\"https:\/\/en.wikipedia.org\/wiki\/Kenneth_Feinberg\"><strong>Kenneth Feinberg<\/strong><\/a>&nbsp;\u2013 dyrektor wykonawczy TARP ds. wynagrodze\u0144<\/p>\n\n\n\n<p><a href=\"https:\/\/en.wikipedia.org\/wiki\/Category:American_Jews\"><strong>Daniel Fried<\/strong><\/a>&nbsp;\u2013 Specjalny Wys\u0142annik ds. Zamkni\u0119cia Zatoki Guantanamo<\/p>\n\n\n\n<p><a href=\"https:\/\/en.wikipedia.org\/wiki\/Dan_Glickman\"><strong>Dan Glickman<\/strong><\/a>&nbsp;&#8211; Sekretarz ds. Rolnictwa<\/p>\n\n\n\n<p><a href=\"https:\/\/en.wikipedia.org\/wiki\/Category:Jewish_American_members_of_the_Cabinet_of_the_United_States\"><strong>Arthur Goldberg<\/strong><\/a>&nbsp;\u2013 Sekretarz Pracy<\/p>\n\n\n\n<p><a href=\"https:\/\/www.jewage.org\/wiki\/en\/Article:Daniel_Goldin_-_Biography\"><strong>Daniel Goldin<\/strong><\/a>&nbsp;\u2013 Szef Ameryka\u0144skiej Agencji Kosmicznej NASA<\/p>\n\n\n\n<p><a href=\"https:\/\/en.wikipedia.org\/wiki\/Neil_Goldschmidt\"><strong>Neil Goldschmidt<\/strong><\/a>&nbsp;\u2013 Sekretarz Transportu<\/p>\n\n\n\n<p><a href=\"https:\/\/en.wikipedia.org\/wiki\/Isabel_Guzman\"><strong>Isabel Guzman<\/strong><\/a>&nbsp;\u2013 Administracja ma\u0142ych firm<\/p>\n\n\n\n<p><a href=\"https:\/\/en.wikipedia.org\/wiki\/Avril_Haines\"><strong>Avril Haines<\/strong><\/a>&nbsp;\u2013 Zast\u0119pca G\u0142\u00f3wnego Radcy Senackiej Komisji Spraw Zagranicznych<\/p>\n\n\n\n<p><a href=\"https:\/\/en.wikipedia.org\/wiki\/Morton_Halperin\"><strong>Morton Halperin<\/strong><\/a>&nbsp;\u2013 Dyrektor Millennium Challenge Corporation<\/p>\n\n\n\n<p><a href=\"https:\/\/www.jewishpolicycenter.org\/cheryl-halpern\/\"><strong>Cheryl Halpern<\/strong><\/a>&nbsp;&#8211; Rada Gubernator\u00f3w ds. Nadawania<\/p>\n\n\n\n<p><a href=\"https:\/\/en.wikipedia.org\/wiki\/List_of_Jewish_American_politicians\"><strong>Seth Harris<\/strong><\/a>&nbsp;\u2013 Sekretarz Pracy<\/p>\n\n\n\n<p><a href=\"https:\/\/en.wikipedia.org\/wiki\/Category:Jewish_American_government_officials\"><strong>Fred Hochberg<\/strong><\/a>&nbsp;\u2013 Prezes i Prezes Export-Import Bank<\/p>\n\n\n\n<p><a href=\"https:\/\/en.wikipedia.org\/wiki\/Category:Jewish_American_government_officials\"><strong>Fred Hochberg<\/strong><\/a>&nbsp;\u2013 Zast\u0119pca Administratora Small Business Administration<\/p>\n\n\n\n<p><a href=\"https:\/\/www.jewishvirtuallibrary.org\/jews-in-the-biden-administration\"><strong>Amos Hochstein<\/strong><\/a>&nbsp;\u2013 Specjalny Wys\u0142annik Biuro Zasob\u00f3w Energii<\/p>\n\n\n\n<p><a href=\"https:\/\/en.wikipedia.org\/wiki\/John_Kerry\"><strong>John Kerry<\/strong><\/a>&nbsp;\u2013 specjalny wys\u0142annik prezydenta ds. klimatu<\/p>\n\n\n\n<p><a href=\"https:\/\/en.wikipedia.org\/wiki\/Alan_Krueger\"><strong>Alan Krueger<\/strong><\/a>&nbsp;\u2013 G\u0142\u00f3wny Ekonomista Departamentu Pracy<\/p>\n\n\n\n<p><a href=\"https:\/\/en.wikipedia.org\/wiki\/Category:Jewish_American_government_officials\"><strong>Jared Kushner<\/strong><\/a>&nbsp;\u2013 Dyrektor Biura Innowacji Ameryka\u0144skich<\/p>\n\n\n\n<p><a href=\"https:\/\/en.wikipedia.org\/wiki\/Eric_Lander\"><strong>Eric Lander<\/strong><\/a>&nbsp;\u2013 Dyrektor Biura ds. Polityki Nauki i Technologii<\/p>\n\n\n\n<p><a href=\"https:\/\/www.jewishvirtuallibrary.org\/jews-in-the-biden-administration\"><strong>Eric Lander<\/strong><\/a>&nbsp;\u2013 doradca ds. polityki naukowej i technologicznej<\/p>\n\n\n\n<p><a href=\"https:\/\/www.jewishvirtuallibrary.org\/jews-in-the-george-w-bush-administration\"><strong>Jay Lefkowitz<\/strong><\/a>&nbsp;\u2013 Dyrektor Rady Polityki Wewn\u0119trznej<\/p>\n\n\n\n<p><a href=\"https:\/\/en.wikipedia.org\/w\/index.php?title=Category:21st-century_American_Jews\"><strong>John G. Levi<\/strong><\/a>&nbsp;\u2013 Prezes US Legal Services Corporation<\/p>\n\n\n\n<p><a href=\"https:\/\/en.wikipedia.org\/wiki\/Mark_Levin\"><strong>Mark Levin<\/strong><\/a>&nbsp;\u2013 Zast\u0119pca Radcy Prawnego Departamentu Spraw Wewn\u0119trznych<\/p>\n\n\n\n<p><a href=\"https:\/\/en.wikipedia.org\/wiki\/Category:Jewish_American_government_officials\"><strong>Catherine E. Lhamon<\/strong><\/a>&nbsp;\u2013 Przewodnicz\u0105ca ameryka\u0144skiej Komisji Praw Obywatelskich<\/p>\n\n\n\n<p><a href=\"https:\/\/en.wikipedia.org\/wiki\/Alejandro_Mayorkas\"><strong>Alejandro Mayorkas<\/strong><\/a>&nbsp;\u2013 Dyrektor ds. Obywatelskich i Imigracyjnych<\/p>\n\n\n\n<p><a href=\"https:\/\/www.jpost.com\/50-most-influential-jews\/article-717744\"><strong>Jessica Meir<\/strong><\/a>&nbsp;\u2013 astronautka NASA<\/p>\n\n\n\n<p><a href=\"https:\/\/en.wikipedia.org\/wiki\/Category:Jewish_American_government_officials\"><strong>Shelley H. Metzenbaum<\/strong><\/a>&nbsp;\u2013 zast\u0119pca administratora EPA<\/p>\n\n\n\n<p><a href=\"https:\/\/en.wikipedia.org\/wiki\/Newton_N._Minow\"><strong>Newton N. Minow<\/strong><\/a>&nbsp;\u2013 Przewodnicz\u0105cy Federalnej Komisji \u0141\u0105czno\u015bci<\/p>\n\n\n\n<p><a href=\"https:\/\/en.wikipedia.org\/w\/index.php?title=Category:American_people_of_German-Jewish_descent\"><strong>Emil Mosbacher<\/strong><\/a>&nbsp;\u2013 Szef Protoko\u0142u Stan\u00f3w Zjednoczonych<\/p>\n\n\n\n<p><a href=\"https:\/\/en.wikipedia.org\/wiki\/List_of_Jewish_American_businesspeople_in_media\"><strong>Marc B. Nathanson<\/strong><\/a>&nbsp;\u2013 Przewodnicz\u0105cy Rady Gubernator\u00f3w ds. Radiofonii i Telewizji<\/p>\n\n\n\n<p><a href=\"https:\/\/www.jpost.com\/50-most-influential-jews\/trumps-men-642169\"><strong>Paul Packer<\/strong><\/a>&nbsp;&#8211; Przewodnicz\u0105cy Komisji ds. Ochrony Dziedzictwa Ameryki za Granic\u0105<\/p>\n\n\n\n<p><a href=\"https:\/\/en.wikipedia.org\/w\/index.php?title=Category:21st-century_American_Jews\"><strong>Nancy B. Pettit<\/strong><\/a>&nbsp;\u2013 Dyrektor Biura Planowania Polityki Mi\u0119dzynarodowej ds. Narkotyk\u00f3w<\/p>\n\n\n\n<p><a href=\"https:\/\/www.jewishvirtuallibrary.org\/jews-in-the-biden-administration\"><strong>Stephanie Pollack<\/strong><\/a>&nbsp;\u2013 zast\u0119pca administratora Federalnej Administracji Autostrad<\/p>\n\n\n\n<p><a href=\"https:\/\/en.wikipedia.org\/wiki\/Alvin_Radkowsky\"><strong>Alvin Radkowsky<\/strong><\/a>&nbsp;&#8211; g\u0142\u00f3wny naukowiec programu nap\u0119du j\u0105drowego Marynarki Wojennej Stan\u00f3w Zjednoczonych<\/p>\n\n\n\n<p><a href=\"https:\/\/en.wikipedia.org\/wiki\/Robert_Reich\"><strong>Robert Reich<\/strong><\/a>&nbsp;\u2013 Sekretarz Pracy<\/p>\n\n\n\n<p><a href=\"https:\/\/www.haaretz.com\/jewish\/2013-01-27\/ty-article\/.premium\/this-day-a-nuclear-architect-is-born\/0000017f-f541-d460-afff-ff67f3b90000\"><strong>Admira\u0142 Hyman G. Rickover (Chaim Gdala Rykower)<\/strong><\/a>&nbsp;&#8211; admira\u0142 programu energetyki j\u0105drowej Marynarki Wojennej<\/p>\n\n\n\n<p><a href=\"https:\/\/www.jewishvirtuallibrary.org\/jews-in-donald-trump-administration\"><strong>Jeffrey Rosen<\/strong><\/a>&nbsp;\u2013 Zast\u0119pca Sekretarza ds. Transportu<\/p>\n\n\n\n<p><a href=\"https:\/\/www.jewishvirtuallibrary.org\/jews-in-the-barack-obama-administration\"><strong>Amy Rosenbaum<\/strong><\/a>&nbsp;\u2013 Dyrektor ds. Legislacyjnych<\/p>\n\n\n\n<p><a href=\"https:\/\/www.jewishvirtuallibrary.org\/jews-in-the-biden-administration\"><strong>Jessica Rosenworcel<\/strong><\/a>&nbsp;&nbsp;\u2013 przewodnicz\u0105ca Federalnej Komisji \u0141\u0105czno\u015bci<\/p>\n\n\n\n<p><a href=\"https:\/\/www.timesofisrael.com\/former-us-diplomat-and-presidential-adviser-richard-schifter-dead-at-97\/\"><strong>Richard Schifter<\/strong><\/a>&nbsp;\u2013 Wys\u0142annik Komitetu UNESCO ds. Konwencji<\/p>\n\n\n\n<p><a href=\"https:\/\/en.wikipedia.org\/wiki\/James_R._Schlesinger\"><strong>James R. Schlesinger<\/strong><\/a>&nbsp;\u2013 Przewodnicz\u0105cy Komisji Energii Atomowej<\/p>\n\n\n\n<p><a href=\"https:\/\/en.wikipedia.org\/wiki\/James_R._Schlesinger\"><strong>James R. Schlesinger<\/strong><\/a>&nbsp;\u2013 Sekretarz Energii Stan\u00f3w Zjednoczonych<\/p>\n\n\n\n<p><a href=\"https:\/\/en.wikipedia.org\/w\/index.php?title=Category:21st-century_American_Jews\"><strong>Alan Schriesheim<\/strong><\/a>&nbsp;\u2013 dyrektor generalny Argonne National Laboratory<\/p>\n\n\n\n<p><a href=\"https:\/\/www.jta.org\/archive\/clinton-names-a-jewish-adviser-to-head-foreign-policy-transition\"><strong>Eli Segal<\/strong><\/a>&nbsp;\u2013 dyrektor generalny Biura S\u0142u\u017cby Narodowej (AmeriCorps)<\/p>\n\n\n\n<p><a href=\"https:\/\/www.jta.org\/archive\/clinton-names-a-jewish-adviser-to-head-foreign-policy-transition\"><strong>Eli Segal<\/strong><\/a>&nbsp;\u2013 CEO Welfare to Work Partnership<\/p>\n\n\n\n<p><a href=\"https:\/\/archive.jewishagency.org\/executive-members\/natan-sharansky-honorary-member\/\"><strong>Natan Sharansky<\/strong><\/a>&nbsp;\u2013 Przewodnicz\u0105cy Agencji \u017bydowskiej dla Izraela<\/p>\n\n\n\n<p><a href=\"https:\/\/www.jewishvirtuallibrary.org\/jews-in-donald-trump-administration\"><strong>David Shulkin<\/strong><\/a>&nbsp;&#8211; Sekretarz ds. Weteran\u00f3w<\/p>\n\n\n\n<p><a href=\"https:\/\/www.jpost.com\/50-most-influential-jews\/article-717793\"><strong>Halie Soifer<\/strong><\/a>&nbsp;\u2013 starszy doradca ds. polityki ambasador Samanthy Power<\/p>\n\n\n\n<p><a href=\"https:\/\/www.jpost.com\/50-most-influential-jews\/susan-solomon-678152\"><strong>Susan Solomon<\/strong><\/a>&nbsp;\u2013 Narodowa Administracja Oceaniczna i Atmosferyczna<\/p>\n\n\n\n<p><a href=\"https:\/\/en.wikipedia.org\/wiki\/Category:Jewish_American_government_officials\"><strong>Keith Sonderling<\/strong><\/a>&nbsp;\u2013 wiceprzewodnicz\u0105cy Komisji ds. R\u00f3wnych Szans Zatrudnienia<\/p>\n\n\n\n<p><a href=\"https:\/\/en.wikipedia.org\/wiki\/Category:Jewish_American_government_officials\"><strong>Keith Sonderling<\/strong><\/a>&nbsp;\u2013 Zast\u0119pca Administratora Departamentu Pracy<\/p>\n\n\n\n<p><a href=\"https:\/\/www.israeliamerican.org\/iac-national-conference\/team-member\/dr-joyce-starr\"><strong>Joyce Starr<\/strong><\/a>&nbsp;\u2013 wsp\u00f3\u0142przewodnicz\u0105ca US Global Strategy Council<\/p>\n\n\n\n<p><a href=\"https:\/\/www.jpost.com\/business-and-innovation\/environment\/most-influential-jewish-environmentalists-403779\"><strong>Todd Stern<\/strong><\/a>&nbsp;\u2013 Specjalny wys\u0142annik ds. zmian klimatu<\/p>\n\n\n\n<p><a href=\"https:\/\/en.wikipedia.org\/wiki\/Lewis_Strauss\"><strong>Lewis Lichtenstein Strauss<\/strong><\/a>&nbsp;\u2013 Przewodnicz\u0105cy Komisji Energii Atomowej<\/p>\n\n\n\n<p><a href=\"https:\/\/www.jewishvirtuallibrary.org\/jews-in-the-biden-administration\"><strong>Polly Trottenberg<\/strong><\/a>&nbsp;\u2013 Zast\u0119pca Sekretarza ds. Transportu<\/p>\n\n\n\n<p><a href=\"https:\/\/www.jewishvirtuallibrary.org\/jews-in-the-george-w-bush-administration\"><strong>Mark D. Weinberg<\/strong><\/a>&nbsp;\u2013 Asystent Sekretarza ds. Mieszkalnictwa i Rozwoju Miast<\/p>\n\n\n\n<p><a href=\"https:\/\/en.wikipedia.org\/wiki\/Sheila_Rabb_Weidenfeld\"><strong>Sheila Rabb Weidenfeld<\/strong><\/a>&nbsp;\u2013 Komitet Doradczy Instytutu S\u0142u\u017cby Zagranicznej<\/p>\n\n\n\n<p><strong>Cz\u0119\u015b\u0107 13 \u2013 \u017bydowscy cz\u0142onkowie Kongresu USA&nbsp;<\/strong><a href=\"https:\/\/www.jstor.org\/stable\/23600531\"><strong>[108]&nbsp;<\/strong><\/a><a href=\"https:\/\/en.wikipedia.org\/wiki\/List_of_Jewish_members_of_the_United_States_Congress\"><strong>[109]&nbsp;<\/strong><\/a><a href=\"https:\/\/www.jewishvirtuallibrary.org\/jewish-members-of-the-118th-congress\"><strong>[110]&nbsp;<\/strong><\/a><a href=\"https:\/\/www.jewishvirtuallibrary.org\/jewish-members-of-the-117th-congress\"><strong>[111]&nbsp;<\/strong><\/a><a href=\"https:\/\/www.jewishvirtuallibrary.org\/jewish-members-of-the-116th-congress\"><strong>[112]&nbsp;<\/strong><\/a><a href=\"https:\/\/en.wikipedia.org\/wiki\/List_of_Jewish_American_politicians\"><strong>[113]<\/strong><\/a><\/p>\n\n\n\n<p><strong>Senat<\/strong><\/p>\n\n\n\n<p>Michael Bennet, Richard Blumenthal, Rudy Boschwitz, Barbara Boxer, Ben Cardin, William Cohen, Norm Coleman, Russ Feingold, Dianne Feinstein, Al Franken, Ernest Gruening, Michael Hahn, Chic Hecht, Jacob K. Javits, Herb Kohl, Frank Lautenberg, Carl Levin, Joe Lieberman, Howard Metzenbaum, Jon Ossoff, Abraham A. Ribicoff, Jacky Rosen, Warren Rudman, Bernie Sanders, Brian Schatz, Chuck Schumer, Arlen Specter, Richard Stone, Paul Wellstone, Ron Wyden, Edward Zorinsky<\/p>\n\n\n\n<p><strong>Izba Reprezentant\u00f3w<\/strong><\/p>\n\n\n\n<p>Bella Abzug, Gary Ackerman, John Adler, Jake Auchincloss, Becca Balint, Anthony Beilenson, Shelley Berkley, Howard Berman, Suzanne Bonamici, Barbara Boxer, Sala Burton, Eric Cantor, Ben Cardin, Jason Chaffetz, David Cicilline, Steve Cohen, William Cohen , Sam Coppersmith, Irwin D. Davidson, Susan Davis, Peter Deutsch, Ted Deutch, Mickey Edwards, Joshua Eilberg, Rahm Emanuel, Eliot Engel, Ben Erdreich, Leonard Farbstein, Bobbi Fiedler, Bob Filner, Sidney A. Fine, Eric Fingerhut, Jon D. Fox, Barney Frank, Lois Frankel, Samuel Friedel, Martin Frost, Sam Gejdenson, Gabby Giffords, Jacob H. Gilbert, Benjamin Gilman, Dan Glickman, Daniel Goldman, Josh Gottheimer, Bill Gradison, Alan Grayson, Bill Green, Seymour Halpern, Daniel Hamburg, Jane Harman, Louis B. Heller, Paul Hodes, Elizabeth Holtzman, Lester Holtzman, Steve Israel, Sara Jacobs,Charles Samuel Joelson, Steve Kagen, Herb Klein, Ron Klein, Ed Koch, Ken Kramer, John Hans Krebs, David Kustoff, Greg Landsman, Tom Lantos, William Lehman, Andy Levin, Mike Levin, Sander Levin, Mel Levine, Elliott H. Levitas, David A. Levy, Allard K. Lowenstein, Alan Lowenthal, Nita Lowey, Elaine Luria, Seth Magaziner, Kathy Manning, Marjorie Margolies, Marc L. Marks, Edward Mezvinsky, Abner J. Mikva, John Miller, Max Miller, Jared Moskowitz, Jerrold Nadler, Richard Ottinger, Dean Phillips, Bertram L. Podell, Jared Polis, Jamie Raskin, Joseph Y. Resnick, Fred Richmond, Max Rose, Jacky Rosen, Benjamin Stanley Rosenthal, Steve Rothman, Bernie Sanders, Jan Schakowsky, Lynn Schenk, James H. Scheuer, Adam Schiff, Steven Schiff, Brad Schneider, Kim Schrier, Debbie Wasserman Schultz, Chuck Schumer, Allyson Schwartz, Bob Shamansky, Brad Sherman,Norman Sisisky, Elissa Slotkin, Stephen Solarz, Lawrence J. Smith, Gladys Spellman, Sam Steiger, Ludwig Teller, Herbert Tenzer, Herman Toll, Henry Waxman, Anthony Weiner, Ted Weiss, Robert Wexler, Susan Wild, Lester L. Wolff, Howard Wolpe, Ron Wyden, John Yarmuth, Lee Zeldin, Herbert Zelenko, Dick Zimmer.<\/p>\n\n\n\n<p><strong>Cz\u0119\u015b\u0107 14 \u2013 \u017bydzi we w\u0142adzach pa\u0144stwowych i miejskich<\/strong><\/p>\n\n\n\n<p><strong>Powy\u017csze dane dotycz\u0105 tylko rz\u0105du federalnego USA.&nbsp;<\/strong>Mogliby\u015bmy sporz\u0105dzi\u0107 bardzo d\u0142ugie listy obecnych i by\u0142ych gubernator\u00f3w stanowych oraz cz\u0142onk\u00f3w stanowych senat\u00f3w i legislatur, a tak\u017ce cz\u0142onk\u00f3w polityki kontroli biurokracji na wszystkich szczeblach w\u0142adz miejskich, w tym lokalnych burmistrz\u00f3w i administracji obywatelskiej.<\/p>\n\n\n\n<p><strong>\u017bydzi w rz\u0105dach pa\u0144stwowych<\/strong><\/p>\n\n\n\n<p>Oto kr\u00f3tka lista niekt\u00f3rych \u017byd\u00f3w zajmuj\u0105cych wa\u017cne kierownicze stanowiska w rz\u0105dach stanowych: gubernatorzy lub zast\u0119pcy gubernator\u00f3w, prokuratorzy generalni, sekretarze stanu, skarbnicy.&nbsp;To jest bardzo skr\u00f3cona lista, a te nazwiska znowu s\u0105 tylko wierzcho\u0142kiem \u017cydowskiej piramidy.&nbsp;Nie podaj\u0119 osobnych link\u00f3w do tych os\u00f3b, ale Wikipedia i inne \u017cydowskie strony internetowe potwierdzi\u0142y, \u017ce wszyscy ci ludzie s\u0105 \u017bydami.&nbsp;<a href=\"https:\/\/en.wikipedia.org\/wiki\/List_of_Jewish_American_politicians\"><strong>[114]<\/strong><\/a><\/p>\n\n\n\n<p>Robert Abrams, Jerry Abramson, Richard Blumenthal, Buddy Caldwell, Jay Dardenne, Matthew Denn, Jerome Diamond, George Fingold, George Firestone, Lee Fisher, Brian Frosh, Doug Gansler, Deb Goldberg, Neil Goldschmidt, Josh Green, Eric Greitens, Jena Griswold , Steve Grossman, Ernest Gruening, Tom Horne, Richard Israel, Jacob Javits, Robert Jubelirer, Jason Kander, Oliver Koppell, Madeleine Kunin, Louis Lefkowitz, Frank Licht, Richard Licht, Joe Lieberman, Linda Lingle, Carlos Lopez-Cantera, Seth Magaziner , Josh Mandel, Marvin Mandel, Jack Markell, Deborah Markowitz, Nancy Mayer, Julius Michaelson, Jonathan Miller, Stanley Mosk, Dana Nessel, Sam Olens, Jeffrey Pine, Jared Polis, Deborah Poritz, Jay Pritzker, Stuart Rabner, Richard Ravitch, Ed Rendell, Abe Ribicoff, Ellen Rosenblum, Ken Rothman, Warren Rudman, Stephen Sachs, David Sampson, Brian Schatz,Josh Shapiro, Eric Schneiderman, Samuel Shapiro, Brian Schwalb, Dan Schwartz, Milton Shapp, Robert Shevin, Peter Shumlin, Eliot Spitzer, Josh Stein, Melvin Steinberg, Richard Stone, Bruce Sundlun, Phil Weiser, Harriett Woods, Nancy Wyman, David Zuckerman .<\/p>\n\n\n\n<p><strong>Cz\u0119\u015b\u0107 15 \u2013 Niekt\u00f3rzy \u017cydowscy burmistrzowie ameryka\u0144skich miast<\/strong><\/p>\n\n\n\n<p>Tutaj ponownie jest to cz\u0119\u015bciowa lista uzyskana wy\u0142\u0105cznie ze \u017ar\u00f3de\u0142 \u017cydowskich, po\u015bwiadczaj\u0105ca te osoby jako \u017bydzi.&nbsp;<a href=\"https:\/\/en.wikipedia.org\/wiki\/List_of_Jewish_American_politicians\"><strong>[115]&nbsp;<\/strong><\/a><a href=\"https:\/\/en.wikipedia.org\/wiki\/Category:Jewish_mayors_of_places_in_the_United_States\"><strong>[116]&nbsp;<\/strong><\/a><a href=\"https:\/\/wikijew.neocities.org\/occupation\/mayor\"><strong>[117]&nbsp;<\/strong><\/a><a href=\"https:\/\/en.wikipedia.org\/wiki\/List_of_mayors_of_the_50_largest_cities_in_the_United_States\"><strong>[118]&nbsp;<\/strong><\/a><a href=\"https:\/\/www.tabletmag.com\/sections\/news\/articles\/los-angeles-elects-its-first-jewish-mayor\"><strong>[119]&nbsp;<\/strong><\/a><a href=\"https:\/\/www.jta.org\/2013\/05\/22\/culture\/the-jews-who-run-america\"><strong>[120]<\/strong><\/a><\/p>\n\n\n\n<p>Jerry Abramson, Steve Adler, Walt Bachrach, Abraham Beame, Andy Berke, Richard Berkley, Ethan Berkowitz, Bruce Blakeman, Michael Bloomberg, David Cicilline, Josh Cohen, Larry Cohen, Norm Coleman, Rahm Emanuel, Dianne Feinstein, Bob Filner, Lois Frankel , Sandra Freedman, Jeffrey Friedman, Jacob Frey, Steven Fulop, Eva Galambos, Eric Garcetti, Carolyn Goodman, Susan Golding, Neil Goldschmidt, Stephen Goldsmith, Oscar Goodman, Phil Gordon, Bill Gradison, Robert Harris, Adlene Harrison, Vera Katz, Ed Koch, Rick Kriseman, Joseph Lazarow, Henry Loeb, Sophie Masloff, Sam Massell, Laura Miller, Arthur Naftalin, Ron Nirenberg, Meyera Oberndorf, Ed Rendell, Jonathan Rothschild, Bernie Sanders, Kel Seliger, Libby Schaaf, Florence Shapiro, Paul Soglin, Jerry Springer, Sam Steiger, Darrell Steinberg, Annette Strauss, Miro Weinberger, Susan Weiner,Edward Zorynski.<\/p>\n\n\n\n<p><strong>Epilog<\/strong><\/p>\n\n\n\n<p>Z wykaz\u00f3w wida\u0107 intensywn\u0105 koncentracj\u0119 \u017byd\u00f3w w Bia\u0142ym Domu.&nbsp;Z wykazu \u017cydowskiego personelu \u0142\u0105cznikowego wynika r\u00f3wnie\u017c, \u017ce ma\u0142a armia \u017byd\u00f3w zosta\u0142a powo\u0142ana do zbierania opinii i \u017c\u0105da\u0144 od r\u00f3\u017cnych grup ameryka\u0144skiej populacji \u017cydowskiej i dostarczania ich bezpo\u015brednio do stra\u017cnik\u00f3w w Bia\u0142ym Domu i Gabinecie.&nbsp;Ten quasi-departament faktycznie funkcjonuje jako pot\u0119\u017cna \u017cydowska grupa lobbystyczna, b\u0119d\u0105ca w bezpo\u015brednim i cz\u0119sto codziennym kontakcie z prezydentem i innymi wysokimi urz\u0119dnikami.&nbsp;\u017badna inna grupa etniczna nie ma takiego kontaktu ani wp\u0142ywu.&nbsp;Ta grupa zosta\u0142a utworzona na fa\u0142szywych i fikcyjnych za\u0142o\u017ceniach, \u017ce (1) \u017bydzi s\u0105 \u201eofiarami\u201d i desperacko potrzebuj\u0105 tego specjalnego rozpieszczania i ochrony oraz (2) \u017ce \u201eantysemityzm szerzy si\u0119, a \u017bydzi potrzebuj\u0105 ochrony pochodz\u0105cej bezpo\u015brednio od prezydenta.<\/p>\n\n\n\n<p>Kontrola \u017byd\u00f3w nad finansami, pieni\u0119dzmi, d\u0142ugiem, skarbem i gospodark\u0105, jak r\u00f3wnie\u017c nad samym bud\u017cetem narodowym USA, jest r\u00f3wnie\u017c widoczna na li\u015bcie.&nbsp;Wida\u0107 rozleg\u0142\u0105 kontrol\u0119 nad bezpiecze\u0144stwem narodowym i obszarami szpiegowskimi oraz du\u017c\u0105 koncentracj\u0119 we wszystkich sprawach zwi\u0105zanych z u\u017cyciem armii USA.<\/p>\n\n\n\n<p>Najbardziej uderzaj\u0105ca ze wszystkich jest alarmuj\u0105ca koncentracja \u017byd\u00f3w w Departamencie Stanu, kt\u00f3ry we wsp\u00f3\u0142pracy z wojskiem i CIA daje \u017bydom praktycznie kontrol\u0119 nad ca\u0142\u0105 polityk\u0105 zagraniczn\u0105 Stan\u00f3w Zjednoczonych.&nbsp;To w\u0142a\u015bnie pozwala \u017bydom na utrwalanie ich okrucie\u0144stw w Palestynie i marzenie o \u201eWielkim Izraelu\u201d, kt\u00f3ry podporz\u0105dkuje sobie ca\u0142y Bliski Wsch\u00f3d, jak r\u00f3wnie\u017c eksterminuje pierwotn\u0105 populacj\u0119 arabsk\u0105.&nbsp;To jest to, co pozwala \u017bydom u\u017cywa\u0107 armii USA do porywania Iraku i Libii i konfiskowania ropy naftowej tych narod\u00f3w bez zap\u0142aty, na sta\u0142e.&nbsp;Je\u015bli to niespodzianka, by\u0107 mo\u017ce zechcesz przeczyta\u0107 to: \u201eLudzko\u015b\u0107 na rozdro\u017cu \u2014 \u0142\u0105czenie kropek w naszym nowym wspania\u0142ym \u015bwiecie\u201d.&nbsp;<a href=\"https:\/\/www.bluemoonofshanghai.com\/politics\/2331\/\"><strong>[121]<\/strong><\/a>&nbsp;Obna\u017ca prawd\u0119 o Iraku i Libii w spos\u00f3b, jakiego nigdy wcze\u015bniej nie robiono.<\/p>\n\n\n\n<p>Wszechobecna obca kontrola ameryka\u0144skiej polityki wewn\u0119trznej jest wystarczaj\u0105co niepokoj\u0105ca, ale najpowa\u017cniejsze obawy dotycz\u0105 spraw zagranicznych, gdzie \u017cydowscy bankierzy w londy\u0144skim City dos\u0142ownie wykorzystuj\u0105 ameryka\u0144sk\u0105 armi\u0119, agencje szpiegowskie i Departament Stanu jako bankierzy Prywatna armia do grabie\u017cy iw pewnym sensie zniewolenia \u015bwiata.&nbsp;I tak niewielu zdaje si\u0119 mie\u0107 poj\u0119cie, \u017ce tak si\u0119 dzieje.&nbsp;To jest czynnik le\u017c\u0105cy u podstaw trzeciej wojny \u015bwiatowej, kt\u00f3ra jest teraz nieunikniona i mo\u017ce nadej\u015b\u0107 w ka\u017cdej chwili.&nbsp;To nie \u201eAmerykanie\u201d chc\u0105 III wojny \u015bwiatowej;&nbsp;to \u017cydowscy bankierzy w londy\u0144skim City potrzebuj\u0105 tego ostatecznego holokaustu, aby zrealizowa\u0107 sw\u00f3j \u015bwiatowy program.&nbsp;Same nic nie mog\u0105 zrobi\u0107;&nbsp;potrzebuj\u0105 pot\u0119\u017cnego USA jako marionetki, kt\u00f3rej sznurki kontroluj\u0105, aby osi\u0105gn\u0105\u0107 to za nich.<\/p>\n\n\n\n<p>Ta ostatnia pozycja poni\u017cej jest uwzgl\u0119dniona, poniewa\u017c ilustruje w szczeg\u00f3lnie dramatyczny spos\u00f3b ca\u0142kowit\u0105 pogard\u0119, jak\u0105 ci \u017bydzi maj\u0105 dla swojego marionetkowego narodu.&nbsp;Oto, co stworzy\u0142a \u201eAmeryka\u0144ska Demokracja\u201d.<\/p>\n\n\n\n<p><strong>Bo\u017ce Narodzenie w Bia\u0142ym Domu<\/strong><\/p>\n\n\n\n<p>S\u0142u\u017cy to zilustrowaniu zar\u00f3wno zakresu \u017cydowskich tre\u015bci w Bia\u0142ym Domu, jak i pogardy, jak\u0105 ci \u017bydzi \u017cywi\u0105 dla swoich poga\u0144skich s\u0142ug \u2013 i dla poga\u0144skiej religii chrze\u015bcija\u0144skiej.<\/p>\n\n\n\n<p>W ci\u0105gu ostatnich wielu \u015bwi\u0105t Bo\u017cego Narodzenia donoszono, \u017ce Bia\u0142y Dom mia\u0142 trudno\u015bci ze znalezieniem chrze\u015bcijan do wzniesienia i udekorowania tradycyjnej choinki.&nbsp;Jewish Exponent napisa\u0142 artyku\u0142, w kt\u00f3rym stwierdzi\u0142: \u201eIstniej\u0105 niezliczone dziesi\u0105tki \u017cydowskich pracownik\u00f3w Bia\u0142ego Domu\u201d, dodaj\u0105c, \u017ce Ira Forman, dyrektor organizacji Narodowo-\u017bydowsko-Demokratyczna, \u201eopowiada o jednym \u017cydowskim pracowniku, kt\u00f3ry sprzeciwia\u0142 si\u0119 zajmowaniu si\u0119 dekoracjami bo\u017conarodzeniowymi Bia\u0142ego Domu, ale powiedziano mu, \u017ce musia\u0142 to zrobi\u0107, poniewa\u017c wszyscy inni tutaj te\u017c s\u0105 \u017bydami\u201d.&nbsp;Hyman Bookbinder, by\u0142y przedstawiciel Ameryka\u0144skiego Komitetu \u017bydowskiego w Waszyngtonie, powiedzia\u0142: \u201ePrzestali\u015bmy liczy\u0107 \u017byd\u00f3w w kluczowych miejscach [rz\u0105du USA], poniewa\u017c jest ich tak wielu\u201d.<\/p>\n\n\n\n<p>\u017bydowska menora jest teraz cz\u0119\u015bci\u0105 \u201eameryka\u0144sko-chrze\u015bcija\u0144skich\u201d ozd\u00f3b bo\u017conarodzeniowych Bia\u0142ego Domu, podczas gdy choinki, szopki bo\u017conarodzeniowe i kol\u0119dy s\u0105 coraz cz\u0119\u015bciej zakazane w ameryka\u0144skich szko\u0142ach, poniewa\u017c \u017bydzi si\u0119 im sprzeciwiaj\u0105.<\/p>\n\n\n\n<p>Gary Aldrich by\u0142 agentem FBI przez 26 lat, kt\u00f3ry sp\u0119dzi\u0142 drug\u0105 cz\u0119\u015b\u0107 swojej kariery, badaj\u0105c po\u015bwiadczenia bezpiecze\u0144stwa personelu Bia\u0142ego Domu za rz\u0105d\u00f3w George&#8217;a HW Busha i Billa Clintona.&nbsp;<a href=\"https:\/\/en.wikipedia.org\/wiki\/Gary_Aldrich\"><strong>[122]<\/strong><\/a>&nbsp;W 1996 roku napisa\u0142 ksi\u0105\u017ck\u0119 zatytu\u0142owan\u0105 \u201eNieograniczony dost\u0119p: agent FBI w Bia\u0142ym Domu Clintona\u201d.&nbsp;<a href=\"https:\/\/archive.org\/details\/unlimitedaccessf0000aldr\"><strong>[123]&nbsp;<\/strong><\/a><a href=\"http:\/\/edition.cnn.com\/US\/9607\/03\/investigating.fbi\/\"><strong>[124]<\/strong><\/a>&nbsp;Aldrich i inni autorzy, w tym Besser, Gross i Matusow, komentowali ozdoby \u015bwi\u0105teczne w \u201echrze\u015bcija\u0144skim\u201d Bia\u0142ym Domu.&nbsp;Pouczaj\u0105ce jest (i zajm\u0119 si\u0119 tym szczeg\u00f3\u0142owo w innym artykule) zrozumienie pogardy, jak\u0105 \u017bydzi \u017cywi\u0105 do chrze\u015bcija\u0144stwa w og\u00f3lno\u015bci, aw szczeg\u00f3lno\u015bci do Jezusa Chrystusa.<\/p>\n\n\n\n<p>W swojej ksi\u0105\u017cce Aldrich opowiada, jak to by\u0142o dekorowa\u0107 choink\u0119 Hilary Clinton w Bia\u0142ym Domu ozdobami stworzonymi przez r\u00f3\u017cnych \u017cydowskich artyst\u00f3w, zawieraj\u0105cymi pornografi\u0119, \u201ezabawki erotyczne i urz\u0105dzenia do samookaleczenia\u201d.&nbsp;Aldrich napisa\u0142: \u201eNie mog\u0142em uwierzy\u0107 w brak szacunku, jaki reprezentowa\u0142y te ozdoby.&nbsp;Wielu \u017cydowskich artyst\u00f3w zaproszonych do zrobienia i wys\u0142ania czego\u015b do powieszenia na choince musia\u0142o mie\u0107 tylko wstr\u0119t, nienawi\u015b\u0107 i brak szacunku dla Bia\u0142ego Domu i obywateli tego kraju, wstr\u0119t oczywi\u015bcie podsycany przez [Hillary Clinton] w imieniu wolno\u015bci artystycznej\u2026 Oto kolejna ozdoba z pi\u0119ciu z\u0142otych pier\u015bcieni \u2014 pi\u0119\u0107 owini\u0119tych w z\u0142oto prezerwatyw.&nbsp;Wyrzuci\u0142em to do kosza.&nbsp;By\u0142y te\u017c inne ozdoby prezerwatyw, niekt\u00f3re wci\u0105\u017c w opakowaniu, niekt\u00f3re nie.&nbsp;<a href=\"https:\/\/archive.org\/details\/unlimitedaccessf0000aldr\"><strong>[125]<\/strong><\/a>Oczywi\u015bcie, jak tylko ksi\u0105\u017cka zosta\u0142a opublikowana, The Washington Post opublikowa\u0142 artyku\u0142 innego \u017byda, Howarda Kurtza, kt\u00f3ry \u201eobali\u0142\u201d \u201eznies\u0142awiaj\u0105ce wypowiedzi\u201d Aldricha.&nbsp;<a href=\"https:\/\/www.washingtonpost.com\/archive\/lifestyle\/1996\/07\/08\/gary-aldrichs-debunked-beds\/7f119171-2d69-4f80-8dfe-78babe3b5c69\/\"><strong>[126]<\/strong><\/a>&nbsp;Ale nie do ko\u0144ca.<\/p>\n\n\n\n<p>Jestem zdumiony, \u017ce chrze\u015bcijanie nie krzycz\u0105 \u201eantychrze\u015bcija\u0144stwo\u201d.&nbsp;Zamiast tego potulnie milcz\u0105.&nbsp;Najgorsze jest to, \u017ce je\u015bli ujawnisz to religijne okrucie\u0144stwo dokonane przez \u017byd\u00f3w, zostaniesz bezlito\u015bnie zaatakowany i oskar\u017cony o antysemityzm.&nbsp;Ale to nie jest \u201eantysemityzm\u201d.&nbsp;Nie ma to nic wsp\u00f3lnego z chrze\u015bcijanami nienawidz\u0105cymi \u017byd\u00f3w, ale ma wszystko wsp\u00f3lnego z \u017bydami nienawidz\u0105cymi Jezusa i pogardzaj\u0105cymi chrze\u015bcija\u0144stwem.&nbsp;To jest tak sprytne ze strony \u017byd\u00f3w, \u017ce pope\u0142nili jeszcze jedno okrucie\u0144stwo i przekr\u0119cili je, by zrobi\u0107 z siebie \u201eofiar\u0119\u201d.&nbsp;Jak kto\u015b dobrze zauwa\u017cy\u0142: \u201e\u017byd krzyczy z b\u00f3lu, gdy ci\u0119 uderza\u201d.<\/p>\n\n\n\n<p>Zastanawiam si\u0119, czy by\u0142oby dobrym pomys\u0142em, gdyby chrze\u015bcijanie w Bia\u0142ym Domu zlecili chrze\u015bcija\u0144skim artystom zaprojektowanie \u017cydowskich ozd\u00f3b \u015bwi\u0105tecznych, na przyk\u0142ad menory, w kt\u00f3rej wszystkie \u015bwiece maj\u0105 kszta\u0142t fallus\u00f3w, i dostarczyli je do Bia\u0142ego Domu jako rodzaj \u201ewymiana kulturalna\u201d.<\/p>\n\n\n\n<p><strong>*<\/strong><\/p>\n\n\n\n<p><a href=\"https:\/\/www.bluemoonofshanghai.com\/archives\/\"><strong>Pisma pana Romanoffa<\/strong><\/a>&nbsp;zosta\u0142y przet\u0142umaczone na 32 j\u0119zyki, a jego artyku\u0142y zosta\u0142y opublikowane na ponad 150 obcoj\u0119zycznych portalach informacyjnych i politycznych w ponad 30 krajach, a tak\u017ce na ponad 100 angloj\u0119zycznych platformach.&nbsp;Larry Romanoff jest emerytowanym konsultantem ds. zarz\u0105dzania i biznesmenem.&nbsp;Zajmowa\u0142 stanowiska kierownicze wy\u017cszego szczebla w mi\u0119dzynarodowych firmach konsultingowych i by\u0142 w\u0142a\u015bcicielem mi\u0119dzynarodowego biznesu importowo-eksportowego.&nbsp;By\u0142 profesorem wizytuj\u0105cym na Uniwersytecie Fudan w Szanghaju, prezentuj\u0105c studia przypadk\u00f3w w sprawach mi\u0119dzynarodowych starszym klasom EMBA.&nbsp;Pan Romanoff mieszka w Szanghaju i obecnie pisze seri\u0119 dziesi\u0119ciu ksi\u0105\u017cek og\u00f3lnie zwi\u0105zanych z Chinami i Zachodem.&nbsp;Jest jednym ze wsp\u00f3\u0142autor\u00f3w nowej antologii Cynthii McKinney \u201eWhen China Sneezes\u201d.&nbsp;(<a href=\"https:\/\/www.bluemoonofshanghai.com\/politics\/2187\/\"><strong>&nbsp;Rozdzia\u0142 2 \u2014 Radzenie sobie z demonami<\/strong><\/a>&nbsp;)<\/p>\n\n\n\n<p>Jego pe\u0142ne archiwum mo\u017cna zobaczy\u0107 pod adresem<\/p>\n\n\n\n<p><strong><a href=\"https:\/\/www.bluemoonofshanghai.com\/\">https:\/\/www.bluemoonofshanghai.com\/<\/a>&nbsp;&nbsp;+&nbsp;<\/strong><a href=\"https:\/\/www.moonofshanghai.com\/\"><strong>https:\/\/www.moonofshanghai.com\/<\/strong><\/a><\/p>\n\n\n\n<p>Mo\u017cna si\u0119 z nim skontaktowa\u0107 pod adresem:<\/p>\n\n\n\n<p><a href=\"mailto:2186604556@qq.com\">2186604556@qq.com<\/a><\/p>\n\n\n\n<p>*<\/p>\n\n\n\n<p><strong>UWAGI<\/strong><\/p>\n\n\n\n<p>[1] G\u0142\u0119bokie pa\u0144stwo Ameryki<\/p>\n\n\n\n<p>[2] Demokracja, najbardziej niebezpieczna religia \u2014 cz\u0119\u015b\u0107 7 \u2014 \u017cydowskie pochodzenie<\/p>\n\n\n\n<p>[2a]&nbsp;<a href=\"https:\/\/archive.org\/stream\/ChuckCensoredHistoryBritainPutJewsInConcentrationCampDuringWWII\/Chuck%20%20Censored%20History%3A%20Britain%20put%20Jews%20in%20Concentration%20Camp%20During%20WWII_djvu.txt\">Pe\u0142ny tekst \u201eChuck Censored History: Britain umie\u015bci\u0142 \u017byd\u00f3w w obozie koncentracyjnym podczas II wojny \u015bwiatowej\u201d (archive.org)<\/a><\/p>\n\n\n\n<p>[3] NAPRZ\u00d3D, 29 wrze\u015bnia 1995<\/p>\n\n\n\n<p>[4] Widok na zab\u00f3jstwo<\/p>\n\n\n\n<p>[5] Whiteout: CIA, narkotyki i prasa;&nbsp;Alexander Cockburn, Jeffrey St. Clair<\/p>\n\n\n\n<p>[6] Raport CIA o spiskach Castro<\/p>\n\n\n\n<p>[7] Seymour Hersh: CIA jest pe\u0142na przest\u0119pc\u00f3w<\/p>\n\n\n\n<blockquote class=\"wp-block-quote is-layout-flow wp-block-quote-is-layout-flow\">\n<p><a href=\"https:\/\/www.globalresearch.ca\/seymour-hersh-the-cia-is-filled-with-criminals\/5643391\">Seymour Hersh: CIA jest pe\u0142na przest\u0119pc\u00f3w<\/a><\/p>\n<\/blockquote>\n\n\n\n<p>[7a] https:\/\/www.wrmea.org\/old-html\/sharon-to-peres-don-t-worry-about-american-pressure-we-control-america.html<\/p>\n\n\n\n<p>[8] \u201eAch, jak s\u0142odko jest by\u0107 \u017bydem\u2026\u201d<\/p>\n\n\n\n<p>http:\/\/www.ihr.org\/jhr\/v17\/v17n6p11_Faurisson.html<\/p>\n\n\n\n<p>[9] James Zogby, G\u0142osy arabskie, 16.04.01<\/p>\n\n\n\n<p>[9a] Pr\u00f3ba \u017cydowskiego przewrotu faszystowskiego w Ameryce w 1933 r<\/p>\n\n\n\n<p>[10] Nona Willis Aronowitz jest mieszkaj\u0105c\u0105 w Nowym Jorku \u017cydowsk\u0105 pisark\u0105 i redaktork\u0105, kt\u00f3rej praca koncentruje si\u0119 na \u201ekobietach, seksie, polityce i gospodarce\u201d.&nbsp;Od grudnia 2022 r. pisa\u0142a kolumn\u0119 z poradami na temat seksu i mi\u0142o\u015bci dla Teen Vogue, by\u0142a redaktork\u0105 Splinter i pisa\u0142a \u201eF * cking Through the Apocalypse\u201d<\/p>\n\n\n\n<p>[11] Erica Jong<\/p>\n\n\n\n<p>Erica Jong to ameryka\u0144ska powie\u015bciopisarka, satyryczka i poetka, znana szczeg\u00f3lnie ze swojej powie\u015bci Fear of Flying z 1973 roku.&nbsp;Ksi\u0105\u017cka sta\u0142a si\u0119 s\u0142ynna z kontrowersji ze wzgl\u0119du na sw\u00f3j stosunek do kobiecej seksualno\u015bci i odegra\u0142a znacz\u0105c\u0105 rol\u0119 w rozwoju feminizmu drugiej fali.<\/p>\n\n\n\n<p>[12] Leora Tanenbaum<\/p>\n\n\n\n<p>Tanenbaum zwr\u00f3ci\u0142a na siebie uwag\u0119 opinii publicznej, publikuj\u0105c w 1999 roku swoj\u0105 ksi\u0105\u017ck\u0119 Slut !: Growing Up Female With a Bad Reputation.<\/p>\n\n\n\n<p>[13] Bella Savitzky Abzug<\/p>\n\n\n\n<p>\u201eBattling Bella\u201d by\u0142a ameryka\u0144sk\u0105 prawniczk\u0105, politykiem, dzia\u0142aczk\u0105 spo\u0142eczn\u0105 i przyw\u00f3dczyni\u0105 ruchu kobiecego.&nbsp;W 1971 roku Abzug do\u0142\u0105czy\u0142a do innych wiod\u0105cych feministek, takich jak Gloria Steinem, Shirley Chisholm i Betty Friedan, aby za\u0142o\u017cy\u0107 Narodowy Klub Polityczny Kobiet.&nbsp;By\u0142a czo\u0142ow\u0105 postaci\u0105 tego, co sta\u0142o si\u0119 znane jako ekofeminizm.<\/p>\n\n\n\n<p>[14] Filmy pornograficzne \u2013 Steven Hirsch<\/p>\n\n\n\n<p>Steven Hirsch jest za\u0142o\u017cycielem i wsp\u00f3\u0142prezesem firmy zajmuj\u0105cej si\u0119 rozrywk\u0105 dla doros\u0142ych Vivid Entertainment, kt\u00f3r\u0105 za\u0142o\u017cy\u0142 w 1984 roku. Szacuje si\u0119, \u017ce jest to najwi\u0119ksza na \u015bwiecie firma zajmuj\u0105ca si\u0119 pornografi\u0105.&nbsp;Pornhub, r\u00f3wnie\u017c \u017cydowski, mo\u017ce by\u0107 na drugim miejscu.<\/p>\n\n\n\n<p>[15] Lillian Faderman<\/p>\n\n\n\n<p>Lillian Faderman (ur. 18 lipca 1940) to ameryka\u0144ska historyk, kt\u00f3rej ksi\u0105\u017cki o historii lesbijek i historii LGBT zdoby\u0142y uznanie krytyk\u00f3w i nagrody.&nbsp;New York Times umie\u015bci\u0142 trzy jej ksi\u0105\u017cki na li\u015bcie \u201eWybitnych ksi\u0105\u017cek roku\u201d.&nbsp;Ponadto The Guardian nazwa\u0142 jej ksi\u0105\u017ck\u0119 Odd Girls and Twilight Lovers jedn\u0105 z 10 najlepszych ksi\u0105\u017cek radykalnej historii.<\/p>\n\n\n\n<p>[16] Connie Kurtz<\/p>\n\n\n\n<p>Dzia\u0142aczka LGBTQ by\u0142a najbardziej znana z pozwu przeciwko Radzie Edukacji miasta Nowy Jork, kt\u00f3ry w 1994 roku ustanowi\u0142 \u015bwiadczenia dla partner\u00f3w domowych dla wszystkich pracownik\u00f3w miasta.<\/p>\n\n\n\n<p>[17] Zamawianie ochrony LGBTQ Emily Newburger<\/p>\n\n\n\n<p>[18] Zbli\u017ca si\u0119 termin Iranu<\/p>\n\n\n\n<p>[19] Najbardziej wp\u0142ywowy w \u015bwiecie \u017cydowskim<\/p>\n\n\n\n<p>[20] BRYTYJSKI ARTYKU\u0141 O HOLLYWOODSKICH \u017bYDACH WZBUDZA WRZ\u0104D<\/p>\n\n\n\n<p>[21] Hollywood i antysemityzm<\/p>\n\n\n\n<p>[22] Artyku\u0142 Williama Casha o \u017cydowskich wp\u0142ywach w Hollywood wywo\u0142a\u0142 wiele urazy i oburzenia.<\/p>\n\n\n\n<p>http:\/\/archive.spectator.co.uk\/article\/19th-november-1994\/43\/sir-william-cashs-article-about-jewish-influence-i<\/p>\n\n\n\n<p>[23] Bia\u0142y Dom pot\u0119pia \u201efa\u0142szywe\u201d ataki na \u017cydowskich palesty\u0144skich wyborc\u00f3w<\/p>\n\n\n\n<p>[24] Maher Bitar<\/p>\n\n\n\n<p>[25] Propaganda i media \u2014 cz\u0119\u015b\u0107 6 \u2014 Cenzura, czyli palenie podr\u0119cznik\u00f3w historii<\/p>\n\n\n\n<p>[26] Dru\u017cyna A \u017cydowskich doradc\u00f3w Joe Bidena<\/p>\n\n\n\n<p>[28] Badanie, wyszukiwanie, \u017ar\u00f3d\u0142a i odniesienia<\/p>\n\n\n\n<p>[29] Jeffreya Epsteina<\/p>\n\n\n\n<p>[30] Ojciec Ghlislane&#8217;a, Ian Robert Maxwell (J\u00e1n Ludv\u00edk Hyman Binyamin Hoch) by\u0142 urodzonym w Czechos\u0142owacji \u017bydem.<\/p>\n\n\n\n<p>[31] Asymilacja \u017byd\u00f3w autorstwa Kevina Macdonalda<\/p>\n\n\n\n<p>[32] Dlaczego \u017cydowsko\u015b\u0107 jest matrylinearna?<\/p>\n\n\n\n<p>[33] Frank Damrosch Jr.<\/p>\n\n\n\n<p>[34] Amerykanie pochodzenia niemiecko-\u017cydowskiego<\/p>\n\n\n\n<p>[35] Arthur M. Schlesinger Jr.<\/p>\n\n\n\n<p>[36 ] Amerykanie pochodzenia niemiecko-\u017cydowskiego<\/p>\n\n\n\n<p>[37] Johna Kerry&#8217;ego<\/p>\n\n\n\n<p>[38] Czy \u017cydowska astronautka Jessica Meir b\u0119dzie pierwsz\u0105 kobiet\u0105 NASA na Ksi\u0119\u017cycu?<\/p>\n\n\n\n<p>[40] Niekt\u00f3rzy twierdz\u0105, \u017ce Elon Musk nie jest \u017bydem.&nbsp;Elon (\u05d0\u05b5\u05d9\u05dc\u05d5\u05b9\u05df) lub Alon (\u05d0\u05b7\u05dc\u05d5\u05b9\u05df) to hebrajskie imi\u0119 m\u0119skie, kt\u00f3re nie wyst\u0119puje na li\u015bcie imion pogan.&nbsp;Musk ucz\u0119szcza\u0142 do szk\u00f3\u0142 \u017cydowskich w RPA.&nbsp;Jego matka, Maye Haldeman, jest \u017byd\u00f3wk\u0105, ale jest wymieniona jako \u201eKanadyjka\u201d, co raczej nie jest grup\u0105 etniczn\u0105.&nbsp;S\u0105 \u017cydowskie rodziny i inne relacje (brat Elona o\u017ceni\u0142 si\u0119 z Jen Lewin) i nie tylko.&nbsp;Zwi\u0105zki Muska z Izraelem i pot\u0119\u017cnymi \u017bydami maj\u0105 d\u0142ug\u0105 histori\u0119.&nbsp;Ukryty zwi\u0105zek Tesli z izraelsk\u0105 technologi\u0105 trwa od wielu lat, a jej technologia samojezdna jest w 100% \u017cydowska, wywodz\u0105ca si\u0119 z izraelskiej firmy Mobileye.&nbsp;Musk ma bliskie kontakty na wysokim szczeblu w Izraelu, wielokrotnie spotykaj\u0105c si\u0119 z Netanjahu w jego prywatnej rezydencji.<\/p>\n\n\n\n<p>[41] Prawda o Chazarach (Fakty s\u0105 faktami) Benjamin H. Freedman<\/p>\n\n\n\n<p>[45] \u017bydzi w administracji Bidena<\/p>\n\n\n\n<p>[46] Dru\u017cyna A Joe Bidena sk\u0142adaj\u0105ca si\u0119 z \u017cydowskich doradc\u00f3w, cz\u0142onk\u00f3w gabinetu i personelu<\/p>\n\n\n\n<p>[42] SYONIZM \u2014 UKRYTA TIRANIA autorstwa Benjamina H. Freedmana<\/p>\n\n\n\n<p>[43] Benjamin H. Freedman \u2013 przem\u00f3wienie z 1961 r<\/p>\n\n\n\n<p>[44] ARTHUR KOESTLER TRZYNA\u015aCIE PLEMION<\/p>\n\n\n\n<p>[47] Dru\u017cyna A Joe Bidena sk\u0142adaj\u0105ca si\u0119 z \u017cydowskich doradc\u00f3w, cz\u0142onk\u00f3w gabinetu i personelu<\/p>\n\n\n\n<p>[48] \u200b\u200b\u017bydzi w administracji Obamy:<\/p>\n\n\n\n<p>[49] Administracja Baracka Obamy: \u017bydzi w administracji<\/p>\n\n\n\n<p>[50] Barack Obama: pierwszy \u017cydowski prezydent Ameryki!<\/p>\n\n\n\n<p>[51] Poznajcie \u017cydowski bastion administracji Obamy<\/p>\n\n\n\n<p>[52] Nominacje Clintona zosta\u0142y zaczerpni\u0119te z wielu r\u00f3\u017cnych \u017ar\u00f3de\u0142, zbyt wielu, aby je tutaj wymieni\u0107, wi\u0119c odniesienia do nich s\u0105 zawarte na li\u015bcie indywidualnych nazwisk.<\/p>\n\n\n\n<p>[53] Bill Clinton, \u201epierwszy \u017cydowski prezydent Ameryki\u201d<\/p>\n\n\n\n<p>[54] Hillary Clinton i jej trwa\u0142e zwi\u0105zki z \u017bydami<\/p>\n\n\n\n<p>[55] \u017byd tygodnia: Jack Lew<\/p>\n\n\n\n<p>[56] Demokracja, najbardziej niebezpieczna religia<\/p>\n\n\n\n<p>[57] Dobrzy szefowie personelu Bia\u0142ego Domu sprawowali prezydencje<\/p>\n\n\n\n<p>[58] Jak szefowie personelu Bia\u0142ego Domu pomagaj\u0105 rz\u0105dzi\u0107<\/p>\n\n\n\n<p>[59] 50 NAJBARDZIEJ WP\u0141YWOWYCH \u017bYD\u00d3W 2021 R. NAJBARDZIEJ WP\u0141YWOWYCH \u017bYD\u00d3W JEROZOLIMY<\/p>\n\n\n\n<p>[60] Kim jest polityczne alter ego Joe Bidena?<\/p>\n\n\n\n<p>[62] Cz\u0142owiekiem odpowiedzialnym za Bia\u0142y Dom nie jest Joe Biden<\/p>\n\n\n\n<p>[63] Mike Pompeo przyznaje, \u017ce COVID-19 to \u201e\u0107wiczenie na \u017cywo\u201d<\/p>\n\n\n\n<p>[64] 20 MARCA 2020 |&nbsp;KLIP PREZYDENTA TRUMPA Z BRIEFINGIEM DZIA\u0141\u00d3W DZIA\u0141ALNO\u015aCI KORONAWIRUSOWEJ<\/p>\n\n\n\n<p>[65] Jak szefowie personelu Bia\u0142ego Domu pomagaj\u0105 rz\u0105dzi\u0107<\/p>\n\n\n\n<p>[66] Miejmy kryzys finansowy: po pierwsze potrzebujemy banku centralnego<\/p>\n\n\n\n<p>[67] Neal Sher<\/p>\n\n\n\n<p>[68] Biuro dochodze\u0144 specjalnych (Departament Sprawiedliwo\u015bci Stan\u00f3w Zjednoczonych)<\/p>\n\n\n\n<p>[69] W sprawie Kurta Waldheima<\/p>\n\n\n\n<p>[70] Lider restytucji zwolniony przez s\u0105d po dochodzeniu w sprawie niew\u0142a\u015bciwego post\u0119powania w pracy<\/p>\n\n\n\n<p>[71] Eli Rosenbaum<\/p>\n\n\n\n<p>[72] Harvard Law Bulletin, lato 2002 \u2013 \u201eNigdy nie zapomnij: Eli Rosenbaum &#8217;80 jest zmuszony postawi\u0107 nazist\u00f3w przed wymiarem sprawiedliwo\u015bci, zanim b\u0119dzie za p\u00f3\u017ano\u201d.&nbsp;<\/p>\n\n\n\n<p>[73] Ca\u0142a ameryka\u0144ska \u201elista zakazu lot\u00f3w\u201d wyciek\u0142a do sieci po pozostawieniu jej na niezabezpieczonym serwerze<\/p>\n\n\n\n<p>[74] Rada Bezpiecze\u0144stwa Narodowego USA<\/p>\n\n\n\n<p>[75] Ujawnione dokumenty FBI ujawniaj\u0105 plany zamachu na przyw\u00f3dc\u00f3w ruchu Occupy Wall Street za pomoc\u0105 snajper\u00f3w<\/p>\n\n\n\n<p>[76] Ujawniono: jak FBI koordynowa\u0142o rozpraw\u0119 z Occupy<\/p>\n\n\n\n<p>[77] Spiski maj\u0105ce na celu zabicie przyw\u00f3dc\u00f3w okupacji za pomoc\u0105 karabin\u00f3w snajperskich<\/p>\n\n\n\n<p>[78] Plac Tiananmen: niepowodzenie zainicjowanej przez Amerykan\u00f3w kolorowej rewolucji z 1989 roku<\/p>\n\n\n\n<p>[79] Pomoc zagraniczna zwi\u0105zana ze sterylizacj\u0105 w Indiach<\/p>\n\n\n\n<p>[80] Finansowanie przez USAID oboz\u00f3w sterylizacyjnych w Indiach<\/p>\n\n\n\n<p>[81] USAID organizuje kampani\u0119 sterylizacji w Indiach: cz\u0119\u015b\u0107 druga<\/p>\n\n\n\n<p>[82] USAID by\u0142o si\u0142\u0105 nap\u0119dow\u0105 brutalnych oboz\u00f3w sterylizacji w Indiach<\/p>\n\n\n\n<p>[83] Przyjemno\u015bci wyludniania Ziemi<\/p>\n\n\n\n<p>[84] Miasto Londyn<\/p>\n\n\n\n<p>[85] CIA nie jest twoim przyjacielem<\/p>\n\n\n\n<p>[86] Otwarta rana Ameryki: CIA nie jest twoim przyjacielem<\/p>\n\n\n\n<p>http:\/\/www.informationclearinghouse.info\/57259.htm<\/p>\n\n\n\n<p>[87] Departament Stanu Stan\u00f3w Zjednoczonych<\/p>\n\n\n\n<p>[88] David H. Popper \u2013<\/p>\n\n\n\n<p>[89] Blokowanie kuba\u0144skiego re\u017cimu przed wykorzystywaniem Kuba\u0144czyk\u00f3w<\/p>\n\n\n\n<p>[90] 638 sposob\u00f3w na zabicie Castro<\/p>\n\n\n\n<p>[91] Fidel Castro: Unikanie eksploduj\u0105cych muszli, zatrutych d\u0142ugopis\u00f3w i by\u0142ych kochank\u00f3w<\/p>\n\n\n\n<p>[92] W Nikaragui odby\u0142y si\u0119 pierwsze demokratyczne wybory, kt\u00f3re obali\u0142y dyktatur\u0119 sandinist\u00f3w<\/p>\n\n\n\n<p>[93] PRZYCZYNA NIEPOKOJ\u00d3W NA \u015aWIECIE<\/p>\n\n\n\n<p>[94] Jak\u0105 rol\u0119 tw\u00f3j kraj odegra w III wojnie \u015bwiatowej?<\/p>\n\n\n\n<p>[95] Gniewna kampania \u017byd\u00f3w przeciwko Chinom<\/p>\n\n\n\n<p>[96] Bernays i propaganda \u2014 marketing wojny<\/p>\n\n\n\n<p>[97] \u017bydowska zdrada Niemiec i przyczyna II wojny \u015bwiatowej<\/p>\n\n\n\n<p>[98] \u017bydowska odpowiedzialno\u015b\u0107 za obie wojny \u015bwiatowe: Benjamin Freedman<\/p>\n\n\n\n<p>[99] Je\u015bli to robisz, to szpiegowanie.&nbsp;Je\u015bli to zrobi\u0119, to badania<\/p>\n\n\n\n<p>[100] PROSTE FAKTY DOTYCZ\u0104CE WIZ DO USA W CHINACH<\/p>\n\n\n\n<p>[100a] Epidemia firmy Pfizer w idealnym momencie<\/p>\n\n\n\n<p>[100b] UK Telegraph \u2013 Pfizer Nigerian Trovan \u2013 \u201ekwestionowano r\u00f3wnie\u017c motywy nigeryjskiego rz\u0105du\u201d<\/p>\n\n\n\n<p>[101] Bogaci darczy\u0144cy cz\u0119sto otrzymuj\u0105 stanowiska ambasador\u00f3w zar\u00f3wno w administracji demokratycznej, jak i republika\u0144skiej.<\/p>\n\n\n\n<p>[102] Ambasador Madeleine M. Kunin \u201euparcie \u015bciga Szwajcar\u00f3w w kwestii z\u0142ota dla ocala\u0142ych z holokaustu\u201d.<\/p>\n\n\n\n<p>New York Times, 4 pa\u017adziernika 1997, Madeleine Kunin<\/p>\n\n\n\n<p>[103] \u017bydowskie postacie toruj\u0105 drog\u0119 za kulisami w sztabie Trumpa<\/p>\n\n\n\n<p>[104] Restytucja Holokaustu: Odzyskiwanie skradzionych dzie\u0142 sztuki<\/p>\n\n\n\n<p>[105] Czy dzie\u0142a sztuki zrabowane przez nazist\u00f3w powinny zosta\u0107 zwr\u00f3cone?&nbsp;Widok z Departamentu Stanu<\/p>\n\n\n\n<p>[107] Szerzenie demokracji po ameryka\u0144sku<\/p>\n\n\n\n<p>[108] LISTA \u017bYDOWSKICH CZ\u0141ONK\u00d3W KONGRESU STAN\u00d3W ZJEDNOCZONYCH<\/p>\n\n\n\n<p>[109] Lista \u017cydowskich cz\u0142onk\u00f3w Kongresu Stan\u00f3w Zjednoczonych<\/p>\n\n\n\n<p>[110] \u017bydowscy cz\u0142onkowie 118. Kongresu<\/p>\n\n\n\n<p>[111] \u017bydowscy cz\u0142onkowie 117. Kongresu<\/p>\n\n\n\n<p>[112] \u017bydowscy cz\u0142onkowie 116 Kongresu<\/p>\n\n\n\n<p>[113] Lista \u017cydowskich polityk\u00f3w ameryka\u0144skich<\/p>\n\n\n\n<p>[114] Lista \u017cydowskich polityk\u00f3w ameryka\u0144skich<\/p>\n\n\n\n<p>[115] Lista \u017cydowskich polityk\u00f3w ameryka\u0144skich<\/p>\n\n\n\n<p>[116] Kategoria:\u017bydowscy burmistrzowie miejsc w Stanach Zjednoczonych<\/p>\n\n\n\n<p>[117] Burmistrzowie \u017cydowscy<\/p>\n\n\n\n<p>[118] Lista burmistrz\u00f3w 50 najwi\u0119kszych miast w Stanach Zjednoczonych<\/p>\n\n\n\n<p>[119] Do lipca trzy najwi\u0119ksze miasta USA b\u0119d\u0105 mia\u0142y \u017cydowskich burmistrz\u00f3w<\/p>\n\n\n\n<p>[120] \u017bydzi, kt\u00f3rzy rz\u0105dz\u0105 Ameryk\u0105<\/p>\n\n\n\n<p>[121] Ludzko\u015b\u0107 na rozdro\u017cu \u2014 \u0142\u0105czenie kropek w naszym nowym wspania\u0142ym \u015bwiecie<\/p>\n\n\n\n<p>[122] Gary&#8217;ego Aldricha<\/p>\n\n\n\n<p>[123] Nieograniczony dost\u0119p: agent FBI w Bia\u0142ym Domu Clintona<\/p>\n\n\n\n<p>[124] FBI zak\u0142opotany ksi\u0105\u017ck\u0105 by\u0142ego agenta<\/p>\n\n\n\n<p>http:\/\/edition.cnn.com\/US\/9607\/03\/investigating.fbi\/<\/p>\n\n\n\n<p>[125] Nieograniczony dost\u0119p: agent FBI w Bia\u0142ym Domu Clintona;&nbsp;P.&nbsp;105-106<\/p>\n\n\n\n<p>[126] \u0141\u00d3\u017bKA GARY&#8217;EGO ALDRICHA ODSUNI\u0118TE<\/p>\n\n\n\n<p><\/p>\n\n\n\n<p>\u017bR\u00d3D\u0141O https:\/\/www.bluemoonofshanghai.com\/politics\/11277\/<\/p>\n\n\n\n<p> <\/p>\n","protected":false},"excerpt":{"rendered":"<p>Autor, Larry&nbsp;Romanoff&nbsp;,&nbsp;11 maja 2023 r Ten artyku\u0142 w formacie PDF Ten esej zawiera listy \u017byd\u00f3w zajmuj\u0105cych stanowiska w rz\u0105dzie federalnym USA, wraz z towarzysz\u0105c\u0105 im dyskusj\u0105 na temat zakresu i charakteru kontroli, jak\u0105 \u017bydzi posiadaj\u0105 i sprawuj\u0105 nad polityk\u0105 wewn\u0119trzn\u0105&#8230; <\/p>\n","protected":false},"author":2,"featured_media":2347,"comment_status":"open","ping_status":"open","sticky":false,"template":"","format":"standard","meta":{"_acf_changed":false,"_bbp_topic_count":0,"_bbp_reply_count":0,"_bbp_total_topic_count":0,"_bbp_total_reply_count":0,"_bbp_voice_count":0,"_bbp_anonymous_reply_count":0,"_bbp_topic_count_hidden":0,"_bbp_reply_count_hidden":0,"_bbp_forum_subforum_count":0,"om_disable_all_campaigns":false,"_monsterinsights_skip_tracking":false,"footnotes":""},"categories":[93],"tags":[],"class_list":["post-2343","post","type-post","status-publish","format-standard","has-post-thumbnail","hentry","category-artykuly"],"acf":[],"aioseo_notices":[],"aioseo_head":"\n\t\t<!-- All in One SEO 5.0.1.1 - aioseo.com -->\n\t<meta name=\"description\" content=\"Autor, Larry Romanoff , 11 maja 2023 r Ten artyku\u0142 w formacie PDF Ten esej zawiera listy \u017byd\u00f3w zajmuj\u0105cych stanowiska w rz\u0105dzie federalnym USA, wraz z towarzysz\u0105c\u0105 im dyskusj\u0105 na temat zakresu i charakteru kontroli, jak\u0105 \u017bydzi posiadaj\u0105 i sprawuj\u0105 nad polityk\u0105 wewn\u0119trzn\u0105 i zagraniczn\u0105 USA. Informacje tutaj s\u0105 prezentowane w nadziei, \u017ce dadz\u0105 czytelnikom lepsze zrozumienie si\u0142 spo\u0142ecznych\" \/>\n\t<meta name=\"robots\" content=\"max-image-preview:large\" \/>\n\t<meta name=\"author\" content=\"trinity\"\/>\n\t<link rel=\"canonical\" href=\"https:\/\/wia.net.pl\/index.php\/2023\/06\/18\/wladza-za-tronem\/\" \/>\n\t<meta name=\"generator\" content=\"All in One SEO (AIOSEO) 5.0.1.1\" \/>\n\t\t<meta property=\"og:locale\" content=\"pl_PL\" \/>\n\t\t<meta property=\"og:site_name\" content=\"Wolno\u015b\u0107 i Anarchia - Ka\u017cdy wewn\u0119trznie jest anarchist\u0105.\" \/>\n\t\t<meta property=\"og:type\" content=\"article\" \/>\n\t\t<meta property=\"og:title\" content=\"W\u0142adza za tronem - Wolno\u015b\u0107 i Anarchia\" \/>\n\t\t<meta property=\"og:description\" content=\"Autor, Larry Romanoff , 11 maja 2023 r Ten artyku\u0142 w formacie PDF Ten esej zawiera listy \u017byd\u00f3w zajmuj\u0105cych stanowiska w rz\u0105dzie federalnym USA, wraz z towarzysz\u0105c\u0105 im dyskusj\u0105 na temat zakresu i charakteru kontroli, jak\u0105 \u017bydzi posiadaj\u0105 i sprawuj\u0105 nad polityk\u0105 wewn\u0119trzn\u0105 i zagraniczn\u0105 USA. Informacje tutaj s\u0105 prezentowane w nadziei, \u017ce dadz\u0105 czytelnikom lepsze zrozumienie si\u0142 spo\u0142ecznych\" \/>\n\t\t<meta property=\"og:url\" content=\"https:\/\/wia.net.pl\/index.php\/2023\/06\/18\/wladza-za-tronem\/\" \/>\n\t\t<meta property=\"og:image\" content=\"https:\/\/wia.net.pl\/wp-content\/uploads\/2023\/11\/cropped-freedom-i73367.jpg\" \/>\n\t\t<meta property=\"og:image:secure_url\" content=\"https:\/\/wia.net.pl\/wp-content\/uploads\/2023\/11\/cropped-freedom-i73367.jpg\" \/>\n\t\t<meta property=\"article:published_time\" content=\"2023-06-18T14:23:40+00:00\" \/>\n\t\t<meta property=\"article:modified_time\" content=\"2023-07-08T06:58:50+00:00\" \/>\n\t\t<meta name=\"twitter:card\" content=\"summary_large_image\" \/>\n\t\t<meta name=\"twitter:title\" content=\"W\u0142adza za tronem - Wolno\u015b\u0107 i Anarchia\" \/>\n\t\t<meta name=\"twitter:description\" content=\"Autor, Larry Romanoff , 11 maja 2023 r Ten artyku\u0142 w formacie PDF Ten esej zawiera listy \u017byd\u00f3w zajmuj\u0105cych stanowiska w rz\u0105dzie federalnym USA, wraz z towarzysz\u0105c\u0105 im dyskusj\u0105 na temat zakresu i charakteru kontroli, jak\u0105 \u017bydzi posiadaj\u0105 i sprawuj\u0105 nad polityk\u0105 wewn\u0119trzn\u0105 i zagraniczn\u0105 USA. Informacje tutaj s\u0105 prezentowane w nadziei, \u017ce dadz\u0105 czytelnikom lepsze zrozumienie si\u0142 spo\u0142ecznych\" \/>\n\t\t<meta name=\"twitter:image\" content=\"https:\/\/wia.net.pl\/wp-content\/uploads\/2023\/11\/cropped-freedom-i73367.jpg\" \/>\n\t\t<script type=\"application\/ld+json\" class=\"aioseo-schema\">\n\t\t\t{\"@context\":\"https:\\\/\\\/schema.org\",\"@graph\":[{\"@type\":\"BlogPosting\",\"@id\":\"https:\\\/\\\/wia.net.pl\\\/index.php\\\/2023\\\/06\\\/18\\\/wladza-za-tronem\\\/#blogposting\",\"name\":\"W\\u0142adza za tronem - Wolno\\u015b\\u0107 i Anarchia\",\"headline\":\"W\\u0142adza za tronem\",\"author\":{\"@id\":\"https:\\\/\\\/wia.net.pl\\\/index.php\\\/author\\\/trinity\\\/#author\"},\"publisher\":{\"@id\":\"https:\\\/\\\/wia.net.pl\\\/#person\"},\"image\":{\"@type\":\"ImageObject\",\"url\":\"https:\\\/\\\/wia.net.pl\\\/wp-content\\\/uploads\\\/2023\\\/06\\\/Larry-Romanoff.jpg\",\"width\":1920,\"height\":1080},\"datePublished\":\"2023-06-18T16:23:40+02:00\",\"dateModified\":\"2023-07-08T08:58:50+02:00\",\"inLanguage\":\"pl-PL\",\"commentCount\":2,\"mainEntityOfPage\":{\"@id\":\"https:\\\/\\\/wia.net.pl\\\/index.php\\\/2023\\\/06\\\/18\\\/wladza-za-tronem\\\/#webpage\"},\"isPartOf\":{\"@id\":\"https:\\\/\\\/wia.net.pl\\\/index.php\\\/2023\\\/06\\\/18\\\/wladza-za-tronem\\\/#webpage\"},\"articleSection\":\"Artyku\\u0142y\"},{\"@type\":\"BreadcrumbList\",\"@id\":\"https:\\\/\\\/wia.net.pl\\\/index.php\\\/2023\\\/06\\\/18\\\/wladza-za-tronem\\\/#breadcrumblist\",\"itemListElement\":[{\"@type\":\"ListItem\",\"@id\":\"https:\\\/\\\/wia.net.pl#listItem\",\"position\":1,\"name\":\"Home\",\"item\":\"https:\\\/\\\/wia.net.pl\",\"nextItem\":{\"@type\":\"ListItem\",\"@id\":\"https:\\\/\\\/wia.net.pl\\\/index.php\\\/category\\\/artykuly\\\/#listItem\",\"name\":\"Artyku\\u0142y\"}},{\"@type\":\"ListItem\",\"@id\":\"https:\\\/\\\/wia.net.pl\\\/index.php\\\/category\\\/artykuly\\\/#listItem\",\"position\":2,\"name\":\"Artyku\\u0142y\",\"item\":\"https:\\\/\\\/wia.net.pl\\\/index.php\\\/category\\\/artykuly\\\/\",\"nextItem\":{\"@type\":\"ListItem\",\"@id\":\"https:\\\/\\\/wia.net.pl\\\/index.php\\\/2023\\\/06\\\/18\\\/wladza-za-tronem\\\/#listItem\",\"name\":\"W\\u0142adza za tronem\"},\"previousItem\":{\"@type\":\"ListItem\",\"@id\":\"https:\\\/\\\/wia.net.pl#listItem\",\"name\":\"Home\"}},{\"@type\":\"ListItem\",\"@id\":\"https:\\\/\\\/wia.net.pl\\\/index.php\\\/2023\\\/06\\\/18\\\/wladza-za-tronem\\\/#listItem\",\"position\":3,\"name\":\"W\\u0142adza za tronem\",\"previousItem\":{\"@type\":\"ListItem\",\"@id\":\"https:\\\/\\\/wia.net.pl\\\/index.php\\\/category\\\/artykuly\\\/#listItem\",\"name\":\"Artyku\\u0142y\"}}]},{\"@type\":\"Person\",\"@id\":\"https:\\\/\\\/wia.net.pl\\\/#person\",\"name\":\"Bart\\u0142omiej Talarczyk\",\"image\":{\"@type\":\"ImageObject\",\"@id\":\"https:\\\/\\\/wia.net.pl\\\/index.php\\\/2023\\\/06\\\/18\\\/wladza-za-tronem\\\/#personImage\",\"url\":\"https:\\\/\\\/wia.net.pl\\\/wp-content\\\/uploads\\\/avatar-privacy\\\/cache\\\/user\\\/1\\\/7\\\/176a6b161c58363ff49b5c167264231f519f5c7fa183ca1f61e891769b6b56d5-96.jpg\",\"width\":96,\"height\":96,\"caption\":\"Bart\\u0142omiej Talarczyk\"}},{\"@type\":\"Person\",\"@id\":\"https:\\\/\\\/wia.net.pl\\\/index.php\\\/author\\\/trinity\\\/#author\",\"url\":\"https:\\\/\\\/wia.net.pl\\\/index.php\\\/author\\\/trinity\\\/\",\"name\":\"trinity\",\"image\":{\"@type\":\"ImageObject\",\"@id\":\"https:\\\/\\\/wia.net.pl\\\/index.php\\\/2023\\\/06\\\/18\\\/wladza-za-tronem\\\/#authorImage\",\"url\":\"https:\\\/\\\/wia.net.pl\\\/wp-content\\\/uploads\\\/avatar-privacy\\\/cache\\\/user\\\/5\\\/f\\\/5f6547cf82495eaa10e100a6a45d5dbde2dfdc1be88557de2018fca705bdf6f1-96.jpg\",\"width\":96,\"height\":96,\"caption\":\"trinity\"}},{\"@type\":\"WebPage\",\"@id\":\"https:\\\/\\\/wia.net.pl\\\/index.php\\\/2023\\\/06\\\/18\\\/wladza-za-tronem\\\/#webpage\",\"url\":\"https:\\\/\\\/wia.net.pl\\\/index.php\\\/2023\\\/06\\\/18\\\/wladza-za-tronem\\\/\",\"name\":\"W\\u0142adza za tronem - Wolno\\u015b\\u0107 i Anarchia\",\"description\":\"Autor, Larry Romanoff , 11 maja 2023 r Ten artyku\\u0142 w formacie PDF Ten esej zawiera listy \\u017byd\\u00f3w zajmuj\\u0105cych stanowiska w rz\\u0105dzie federalnym USA, wraz z towarzysz\\u0105c\\u0105 im dyskusj\\u0105 na temat zakresu i charakteru kontroli, jak\\u0105 \\u017bydzi posiadaj\\u0105 i sprawuj\\u0105 nad polityk\\u0105 wewn\\u0119trzn\\u0105 i zagraniczn\\u0105 USA. Informacje tutaj s\\u0105 prezentowane w nadziei, \\u017ce dadz\\u0105 czytelnikom lepsze zrozumienie si\\u0142 spo\\u0142ecznych\",\"inLanguage\":\"pl-PL\",\"isPartOf\":{\"@id\":\"https:\\\/\\\/wia.net.pl\\\/#website\"},\"breadcrumb\":{\"@id\":\"https:\\\/\\\/wia.net.pl\\\/index.php\\\/2023\\\/06\\\/18\\\/wladza-za-tronem\\\/#breadcrumblist\"},\"author\":{\"@id\":\"https:\\\/\\\/wia.net.pl\\\/index.php\\\/author\\\/trinity\\\/#author\"},\"creator\":{\"@id\":\"https:\\\/\\\/wia.net.pl\\\/index.php\\\/author\\\/trinity\\\/#author\"},\"image\":{\"@type\":\"ImageObject\",\"url\":\"https:\\\/\\\/wia.net.pl\\\/wp-content\\\/uploads\\\/2023\\\/06\\\/Larry-Romanoff.jpg\",\"@id\":\"https:\\\/\\\/wia.net.pl\\\/index.php\\\/2023\\\/06\\\/18\\\/wladza-za-tronem\\\/#mainImage\",\"width\":1920,\"height\":1080},\"primaryImageOfPage\":{\"@id\":\"https:\\\/\\\/wia.net.pl\\\/index.php\\\/2023\\\/06\\\/18\\\/wladza-za-tronem\\\/#mainImage\"},\"datePublished\":\"2023-06-18T16:23:40+02:00\",\"dateModified\":\"2023-07-08T08:58:50+02:00\"},{\"@type\":\"WebSite\",\"@id\":\"https:\\\/\\\/wia.net.pl\\\/#website\",\"url\":\"https:\\\/\\\/wia.net.pl\\\/\",\"name\":\"Wolno\\u015b\\u0107 i Anarchia\",\"description\":\"Ka\\u017cdy wewn\\u0119trznie jest anarchist\\u0105.\",\"inLanguage\":\"pl-PL\",\"publisher\":{\"@id\":\"https:\\\/\\\/wia.net.pl\\\/#person\"}}]}\n\t\t<\/script>\n\t\t<!-- All in One SEO -->\n\n","aioseo_head_json":{"title":"W\u0142adza za tronem - Wolno\u015b\u0107 i Anarchia","description":"Autor, Larry Romanoff , 11 maja 2023 r Ten artyku\u0142 w formacie PDF Ten esej zawiera listy \u017byd\u00f3w zajmuj\u0105cych stanowiska w rz\u0105dzie federalnym USA, wraz z towarzysz\u0105c\u0105 im dyskusj\u0105 na temat zakresu i charakteru kontroli, jak\u0105 \u017bydzi posiadaj\u0105 i sprawuj\u0105 nad polityk\u0105 wewn\u0119trzn\u0105 i zagraniczn\u0105 USA. Informacje tutaj s\u0105 prezentowane w nadziei, \u017ce dadz\u0105 czytelnikom lepsze zrozumienie si\u0142 spo\u0142ecznych","canonical_url":"https:\/\/wia.net.pl\/index.php\/2023\/06\/18\/wladza-za-tronem\/","robots":"max-image-preview:large","keywords":"","webmasterTools":{"miscellaneous":""},"schema":{"@context":"https:\/\/schema.org","@graph":[{"@type":"BlogPosting","@id":"https:\/\/wia.net.pl\/index.php\/2023\/06\/18\/wladza-za-tronem\/#blogposting","name":"W\u0142adza za tronem - Wolno\u015b\u0107 i Anarchia","headline":"W\u0142adza za tronem","author":{"@id":"https:\/\/wia.net.pl\/index.php\/author\/trinity\/#author"},"publisher":{"@id":"https:\/\/wia.net.pl\/#person"},"image":{"@type":"ImageObject","url":"https:\/\/wia.net.pl\/wp-content\/uploads\/2023\/06\/Larry-Romanoff.jpg","width":1920,"height":1080},"datePublished":"2023-06-18T16:23:40+02:00","dateModified":"2023-07-08T08:58:50+02:00","inLanguage":"pl-PL","commentCount":2,"mainEntityOfPage":{"@id":"https:\/\/wia.net.pl\/index.php\/2023\/06\/18\/wladza-za-tronem\/#webpage"},"isPartOf":{"@id":"https:\/\/wia.net.pl\/index.php\/2023\/06\/18\/wladza-za-tronem\/#webpage"},"articleSection":"Artyku\u0142y"},{"@type":"BreadcrumbList","@id":"https:\/\/wia.net.pl\/index.php\/2023\/06\/18\/wladza-za-tronem\/#breadcrumblist","itemListElement":[{"@type":"ListItem","@id":"https:\/\/wia.net.pl#listItem","position":1,"name":"Home","item":"https:\/\/wia.net.pl","nextItem":{"@type":"ListItem","@id":"https:\/\/wia.net.pl\/index.php\/category\/artykuly\/#listItem","name":"Artyku\u0142y"}},{"@type":"ListItem","@id":"https:\/\/wia.net.pl\/index.php\/category\/artykuly\/#listItem","position":2,"name":"Artyku\u0142y","item":"https:\/\/wia.net.pl\/index.php\/category\/artykuly\/","nextItem":{"@type":"ListItem","@id":"https:\/\/wia.net.pl\/index.php\/2023\/06\/18\/wladza-za-tronem\/#listItem","name":"W\u0142adza za tronem"},"previousItem":{"@type":"ListItem","@id":"https:\/\/wia.net.pl#listItem","name":"Home"}},{"@type":"ListItem","@id":"https:\/\/wia.net.pl\/index.php\/2023\/06\/18\/wladza-za-tronem\/#listItem","position":3,"name":"W\u0142adza za tronem","previousItem":{"@type":"ListItem","@id":"https:\/\/wia.net.pl\/index.php\/category\/artykuly\/#listItem","name":"Artyku\u0142y"}}]},{"@type":"Person","@id":"https:\/\/wia.net.pl\/#person","name":"Bart\u0142omiej Talarczyk","image":{"@type":"ImageObject","@id":"https:\/\/wia.net.pl\/index.php\/2023\/06\/18\/wladza-za-tronem\/#personImage","url":"https:\/\/wia.net.pl\/wp-content\/uploads\/avatar-privacy\/cache\/user\/1\/7\/176a6b161c58363ff49b5c167264231f519f5c7fa183ca1f61e891769b6b56d5-96.jpg","width":96,"height":96,"caption":"Bart\u0142omiej Talarczyk"}},{"@type":"Person","@id":"https:\/\/wia.net.pl\/index.php\/author\/trinity\/#author","url":"https:\/\/wia.net.pl\/index.php\/author\/trinity\/","name":"trinity","image":{"@type":"ImageObject","@id":"https:\/\/wia.net.pl\/index.php\/2023\/06\/18\/wladza-za-tronem\/#authorImage","url":"https:\/\/wia.net.pl\/wp-content\/uploads\/avatar-privacy\/cache\/user\/5\/f\/5f6547cf82495eaa10e100a6a45d5dbde2dfdc1be88557de2018fca705bdf6f1-96.jpg","width":96,"height":96,"caption":"trinity"}},{"@type":"WebPage","@id":"https:\/\/wia.net.pl\/index.php\/2023\/06\/18\/wladza-za-tronem\/#webpage","url":"https:\/\/wia.net.pl\/index.php\/2023\/06\/18\/wladza-za-tronem\/","name":"W\u0142adza za tronem - Wolno\u015b\u0107 i Anarchia","description":"Autor, Larry Romanoff , 11 maja 2023 r Ten artyku\u0142 w formacie PDF Ten esej zawiera listy \u017byd\u00f3w zajmuj\u0105cych stanowiska w rz\u0105dzie federalnym USA, wraz z towarzysz\u0105c\u0105 im dyskusj\u0105 na temat zakresu i charakteru kontroli, jak\u0105 \u017bydzi posiadaj\u0105 i sprawuj\u0105 nad polityk\u0105 wewn\u0119trzn\u0105 i zagraniczn\u0105 USA. Informacje tutaj s\u0105 prezentowane w nadziei, \u017ce dadz\u0105 czytelnikom lepsze zrozumienie si\u0142 spo\u0142ecznych","inLanguage":"pl-PL","isPartOf":{"@id":"https:\/\/wia.net.pl\/#website"},"breadcrumb":{"@id":"https:\/\/wia.net.pl\/index.php\/2023\/06\/18\/wladza-za-tronem\/#breadcrumblist"},"author":{"@id":"https:\/\/wia.net.pl\/index.php\/author\/trinity\/#author"},"creator":{"@id":"https:\/\/wia.net.pl\/index.php\/author\/trinity\/#author"},"image":{"@type":"ImageObject","url":"https:\/\/wia.net.pl\/wp-content\/uploads\/2023\/06\/Larry-Romanoff.jpg","@id":"https:\/\/wia.net.pl\/index.php\/2023\/06\/18\/wladza-za-tronem\/#mainImage","width":1920,"height":1080},"primaryImageOfPage":{"@id":"https:\/\/wia.net.pl\/index.php\/2023\/06\/18\/wladza-za-tronem\/#mainImage"},"datePublished":"2023-06-18T16:23:40+02:00","dateModified":"2023-07-08T08:58:50+02:00"},{"@type":"WebSite","@id":"https:\/\/wia.net.pl\/#website","url":"https:\/\/wia.net.pl\/","name":"Wolno\u015b\u0107 i Anarchia","description":"Ka\u017cdy wewn\u0119trznie jest anarchist\u0105.","inLanguage":"pl-PL","publisher":{"@id":"https:\/\/wia.net.pl\/#person"}}]},"og:locale":"pl_PL","og:site_name":"Wolno\u015b\u0107 i Anarchia - Ka\u017cdy wewn\u0119trznie jest anarchist\u0105.","og:type":"article","og:title":"W\u0142adza za tronem - Wolno\u015b\u0107 i Anarchia","og:description":"Autor, Larry Romanoff , 11 maja 2023 r Ten artyku\u0142 w formacie PDF Ten esej zawiera listy \u017byd\u00f3w zajmuj\u0105cych stanowiska w rz\u0105dzie federalnym USA, wraz z towarzysz\u0105c\u0105 im dyskusj\u0105 na temat zakresu i charakteru kontroli, jak\u0105 \u017bydzi posiadaj\u0105 i sprawuj\u0105 nad polityk\u0105 wewn\u0119trzn\u0105 i zagraniczn\u0105 USA. Informacje tutaj s\u0105 prezentowane w nadziei, \u017ce dadz\u0105 czytelnikom lepsze zrozumienie si\u0142 spo\u0142ecznych","og:url":"https:\/\/wia.net.pl\/index.php\/2023\/06\/18\/wladza-za-tronem\/","og:image":"https:\/\/wia.net.pl\/wp-content\/uploads\/2023\/11\/cropped-freedom-i73367.jpg","og:image:secure_url":"https:\/\/wia.net.pl\/wp-content\/uploads\/2023\/11\/cropped-freedom-i73367.jpg","article:published_time":"2023-06-18T14:23:40+00:00","article:modified_time":"2023-07-08T06:58:50+00:00","twitter:card":"summary_large_image","twitter:title":"W\u0142adza za tronem - Wolno\u015b\u0107 i Anarchia","twitter:description":"Autor, Larry Romanoff , 11 maja 2023 r Ten artyku\u0142 w formacie PDF Ten esej zawiera listy \u017byd\u00f3w zajmuj\u0105cych stanowiska w rz\u0105dzie federalnym USA, wraz z towarzysz\u0105c\u0105 im dyskusj\u0105 na temat zakresu i charakteru kontroli, jak\u0105 \u017bydzi posiadaj\u0105 i sprawuj\u0105 nad polityk\u0105 wewn\u0119trzn\u0105 i zagraniczn\u0105 USA. Informacje tutaj s\u0105 prezentowane w nadziei, \u017ce dadz\u0105 czytelnikom lepsze zrozumienie si\u0142 spo\u0142ecznych","twitter:image":"https:\/\/wia.net.pl\/wp-content\/uploads\/2023\/11\/cropped-freedom-i73367.jpg"},"aioseo_meta_data":{"post_id":"2343","title":null,"description":null,"keywords":[],"keyphrases":{"focus":{"keyphrase":"","score":0,"analysis":{"keyphraseInTitle":{"score":0,"maxScore":9,"error":1}}},"additional":[]},"primary_term":null,"canonical_url":null,"og_title":null,"og_description":null,"og_object_type":"default","og_image_type":"default","og_image_url":null,"og_image_width":null,"og_image_height":null,"og_image_custom_url":null,"og_image_custom_fields":null,"og_video":"","og_custom_url":null,"og_article_section":null,"og_article_tags":[],"twitter_use_og":false,"twitter_card":"default","twitter_image_type":"default","twitter_image_url":null,"twitter_image_custom_url":null,"twitter_image_custom_fields":null,"twitter_title":null,"twitter_description":null,"schema":{"blockGraphs":[],"customGraphs":[],"default":{"data":{"Article":[],"Course":[],"Dataset":[],"FAQPage":[],"Movie":[],"Person":[],"Product":[],"ProductReview":[],"Car":[],"Recipe":[],"Service":[],"SoftwareApplication":[],"WebPage":[]},"graphName":"BlogPosting","isEnabled":true},"graphs":[]},"schema_type":"default","schema_type_options":null,"pillar_content":false,"robots_default":true,"robots_noindex":false,"robots_noarchive":false,"robots_nosnippet":false,"robots_nofollow":false,"robots_noimageindex":false,"robots_noodp":false,"robots_notranslate":false,"robots_max_snippet":"-1","robots_max_videopreview":"-1","robots_max_imagepreview":"large","priority":null,"frequency":"default","local_seo":null,"breadcrumb_settings":null,"limit_modified_date":false,"ai":null,"created":"2023-06-18 14:23:41","updated":"2025-06-04 08:11:33","seo_analyzer_scan_date":null,"focus_keyword":null,"additional_keywords":null,"truseo_locale":null},"aioseo_breadcrumb":"<div class=\"aioseo-breadcrumbs\"><span class=\"aioseo-breadcrumb\">\n\t\t\t<a href=\"https:\/\/wia.net.pl\" title=\"Home\">Home<\/a>\n\t\t<\/span><span class=\"aioseo-breadcrumb-separator\">&raquo;<\/span><span class=\"aioseo-breadcrumb\">\n\t\t\t<a href=\"https:\/\/wia.net.pl\/index.php\/category\/artykuly\/\" title=\"Artyku\u0142y\">Artyku\u0142y<\/a>\n\t\t<\/span><span class=\"aioseo-breadcrumb-separator\">&raquo;<\/span><span class=\"aioseo-breadcrumb\">\n\t\t\tW\u0142adza za tronem\n\t\t<\/span><\/div>","aioseo_breadcrumb_json":[{"label":"Home","link":"https:\/\/wia.net.pl"},{"label":"Artyku\u0142y","link":"https:\/\/wia.net.pl\/index.php\/category\/artykuly\/"},{"label":"W\u0142adza za tronem","link":"https:\/\/wia.net.pl\/index.php\/2023\/06\/18\/wladza-za-tronem\/"}],"_links":{"self":[{"href":"https:\/\/wia.net.pl\/index.php\/wp-json\/wp\/v2\/posts\/2343"}],"collection":[{"href":"https:\/\/wia.net.pl\/index.php\/wp-json\/wp\/v2\/posts"}],"about":[{"href":"https:\/\/wia.net.pl\/index.php\/wp-json\/wp\/v2\/types\/post"}],"author":[{"embeddable":true,"href":"https:\/\/wia.net.pl\/index.php\/wp-json\/wp\/v2\/users\/2"}],"replies":[{"embeddable":true,"href":"https:\/\/wia.net.pl\/index.php\/wp-json\/wp\/v2\/comments?post=2343"}],"version-history":[{"count":2,"href":"https:\/\/wia.net.pl\/index.php\/wp-json\/wp\/v2\/posts\/2343\/revisions"}],"predecessor-version":[{"id":3103,"href":"https:\/\/wia.net.pl\/index.php\/wp-json\/wp\/v2\/posts\/2343\/revisions\/3103"}],"wp:featuredmedia":[{"embeddable":true,"href":"https:\/\/wia.net.pl\/index.php\/wp-json\/wp\/v2\/media\/2347"}],"wp:attachment":[{"href":"https:\/\/wia.net.pl\/index.php\/wp-json\/wp\/v2\/media?parent=2343"}],"wp:term":[{"taxonomy":"category","embeddable":true,"href":"https:\/\/wia.net.pl\/index.php\/wp-json\/wp\/v2\/categories?post=2343"},{"taxonomy":"post_tag","embeddable":true,"href":"https:\/\/wia.net.pl\/index.php\/wp-json\/wp\/v2\/tags?post=2343"}],"curies":[{"name":"wp","href":"https:\/\/api.w.org\/{rel}","templated":true}]}}