{"id":2373,"date":"2023-06-19T11:30:14","date_gmt":"2023-06-19T09:30:14","guid":{"rendered":"https:\/\/wia.net.pl\/?p=2373"},"modified":"2023-06-19T11:30:14","modified_gmt":"2023-06-19T09:30:14","slug":"wiecej-klamstw-ii-wojny-swiatowej","status":"publish","type":"post","link":"https:\/\/wia.net.pl\/index.php\/2023\/06\/19\/wiecej-klamstw-ii-wojny-swiatowej\/","title":{"rendered":"Wi\u0119cej k\u0142amstw II wojny \u015bwiatowej"},"content":{"rendered":"\n<p>Autor, <a href=\"https:\/\/www.unz.com\/author\/ron-unz\/\">RON UNZ\u00a0<\/a><\/p>\n\n\n\n<p>The Unz Review<\/p>\n\n\n\n<figure class=\"wp-block-image size-full is-resized\"><img loading=\"lazy\" decoding=\"async\" src=\"https:\/\/wia.net.pl\/wp-content\/uploads\/2023\/06\/StalinHitlerColor.jpg\" alt=\"\" class=\"wp-image-2375\" width=\"840\" height=\"578\" srcset=\"https:\/\/wia.net.pl\/wp-content\/uploads\/2023\/06\/StalinHitlerColor.jpg 519w, https:\/\/wia.net.pl\/wp-content\/uploads\/2023\/06\/StalinHitlerColor-300x206.jpg 300w\" sizes=\"(max-width: 840px) 100vw, 840px\" \/><\/figure>\n\n\n\n<p>                                                                                 \u0179r\u00f3d\u0142o Wikimedia Commons<\/p>\n\n\n\n<figure class=\"wp-block-audio\"><audio controls src=\"https:\/\/wia.net.pl\/wp-content\/uploads\/2023\/06\/Unz-WW2MoreFalsehoods.mp3\"><\/audio><\/figure>\n\n\n\n<h2 class=\"wp-block-heading\"><a href=\"https:\/\/www.unz.com\/runz\/more-falsehoods-of-world-war-ii\/#the-many-falsehoods-of-the-second-world-war\">Wiele k\u0142amstw drugiej wojny \u015bwiatowej<\/a><\/h2>\n\n\n\n<p id=\"p_1_1\"><a href=\"https:\/\/www.unz.com\/wp-content\/uploads\/2023\/06\/Ron_Unz_More_Falsehoods_of_World_War_II.pdf\"><\/a><a href=\"https:\/\/www.unz.com\/ebook\/our-american-pravda-series-ebook\/\"><\/a>II wojna \u015bwiatowa zaliczana jest do najwi\u0119kszych konflikt\u00f3w zbrojnych w historii ludzko\u015bci i sta\u0142a si\u0119 wydarzeniem kszta\u0142tuj\u0105cym nasz wsp\u00f3\u0142czesny \u015bwiat, o czym m\u00f3wi si\u0119 w&nbsp;<a href=\"https:\/\/malwarwickonbooks.com\/short-history-of-world-war-ii\/\">dziesi\u0105tkach tysi\u0119cy ksi\u0105\u017cek<\/a>&nbsp;.&nbsp;Ale w ci\u0105gu ostatnich pi\u0119ciu lat opublikowa\u0142em d\u0142ug\u0105 seri\u0119 artyku\u0142\u00f3w zawieraj\u0105cych elementy historii, kt\u00f3re s\u0105 ostro &#8211; czasem nawet szokuj\u0105ce &#8211; w sprzeczno\u015bci ze standardow\u0105 narracj\u0105.<\/p>\n\n\n\n<p id=\"p_1_2\">Mniej wi\u0119cej rok temu wyda\u0142em drukowane kolekcje moich pism i udost\u0119pni\u0142em je na Amazonie, a jeden z tych tom\u00f3w zawiera\u0142 wi\u0119kszo\u015b\u0107 moich esej\u00f3w z II wojny \u015bwiatowej.<\/p>\n\n\n\n<figure class=\"wp-block-image is-resized\"><a href=\"https:\/\/www.amazon.com\/dp\/B0B5KV2LZ5\/\"><img loading=\"lazy\" decoding=\"async\" src=\"https:\/\/images-na.ssl-images-amazon.com\/images\/I\/61+i3Vq0WbL.jpg\" alt=\"\" width=\"257\" height=\"386\"\/><\/a><\/figure>\n\n\n\n<p id=\"p_1_3\">Nawet je\u015bli kto\u015b wcze\u015bniej przejrza\u0142 kilka moich artyku\u0142\u00f3w, kiedy pierwotnie ukaza\u0142y si\u0119 cztery lub pi\u0119\u0107 lat temu, wp\u0142yw przeczytania ich razem w fizycznej ksi\u0105\u017cce by\u0142 znacznie wi\u0119kszy.&nbsp;Mike Whitney powiedzia\u0142 mi, \u017ce materia\u0142 historyczny z mojej kolekcji z okresu II wojny \u015bwiatowej by\u0142 dla niego tak zdumiewaj\u0105cy, \u017ce przeczyta\u0142 ca\u0142y tom trzy razy, wi\u0119c zasugerowa\u0142, aby przeprowadzi\u0142 ze mn\u0105 wywiad na niekt\u00f3re z g\u0142\u00f3wnych temat\u00f3w.<\/p>\n\n\n\n<p id=\"p_1_4\">Wys\u0142a\u0142 mi osiem pyta\u0144 otwartych, a zainspirowany nimi dokona\u0142em destylacji i podsumowania materia\u0142u, kt\u00f3ry wcze\u015bniej opublikowa\u0142em.&nbsp;Wynikowy tekst mia\u0142 ponad 12 000 s\u0142\u00f3w, ale stanowi\u0142 zaledwie jedn\u0105 dziesi\u0105t\u0105 ca\u0142kowitej d\u0142ugo\u015bci orygina\u0142u.<\/p>\n\n\n\n<p id=\"p_1_5\">Chocia\u017c II wojna \u015bwiatowa zako\u0144czy\u0142a si\u0119 ponad trzy pokolenia temu, argumentowa\u0142em, \u017ce nadal zachowuje ona ogromn\u0105 aktualno\u015b\u0107, a on odpowiednio wybra\u0142 jedno z moich zda\u0144 jako cytat ramowy dla ca\u0142ego wywiadu:<\/p>\n\n\n\n<blockquote class=\"wp-block-quote is-layout-flow wp-block-quote-is-layout-flow\">\n<p id=\"p_1_6\">Znaczna cz\u0119\u015b\u0107 obecnej legitymacji politycznej dzisiejszego rz\u0105du ameryka\u0144skiego i jego r\u00f3\u017cnych europejskich pa\u0144stw-wasali opiera si\u0119 na konkretnej narracyjnej historii II wojny \u015bwiatowej, a kwestionowanie tej relacji mo\u017ce mie\u0107 tragiczne konsekwencje polityczne.<\/p>\n<\/blockquote>\n\n\n\n<p id=\"p_1_7\">Moja rekonstrukcja prawdziwej historii wojny by\u0142a wyj\u0105tkowo prowokacyjna i kontrowersyjna, o czym \u015bwiadcz\u0105 moje ko\u0144cowe akapity:<\/p>\n\n\n\n<blockquote class=\"wp-block-quote is-layout-flow wp-block-quote-is-layout-flow\">\n<p id=\"p_1_8\">W nast\u0119pstwie atak\u00f3w z 11 wrze\u015bnia, \u017cydowscy neokonserwaty\u015bci popchn\u0119li Ameryk\u0119 w kierunku katastrofalnej wojny w Iraku i wynikaj\u0105cej z niej zag\u0142ady Bliskiego Wschodu, a gadaj\u0105ce g\u0142owy w naszych telewizorach bez ko\u0144ca twierdzi\u0142y, \u017ce \u201eSaddam Husajn to kolejny Hitler\u201d.&nbsp;Od tego czasu regularnie s\u0142yszymy ten sam slogan powtarzany w r\u00f3\u017cnych zmodyfikowanych wersjach, gdy s\u0142yszymy, \u017ce \u201eMuammar Kaddafi to kolejny Hitler\u201d, \u201eMahmoud Ahmadine\u017cad to kolejny Hitler\u201d, \u201eW\u0142adimir Putin to kolejny Hitler\u201d lub nawet \u201eHugo Chavez to kolejny Hitler\u201d. kolejny Hitler\u201d.&nbsp;Przez ostatnie kilka lat nasze ameryka\u0144skie media by\u0142y nieustannie wype\u0142nione twierdzeniami, \u017ce \u201eDonald Trump to kolejny Hitler\u201d.<\/p>\n\n\n\n<p id=\"p_1_9\">Na pocz\u0105tku XXI wieku oczywi\u015bcie zdawa\u0142em sobie spraw\u0119, \u017ce w\u0142adca Iraku jest surowym tyranem, ale \u015bmia\u0142em si\u0119 z absurdalnej propagandy medialnej, doskonale wiedz\u0105c, \u017ce Saddam Husajn nie by\u0142 Adolfem Hitlerem.&nbsp;Ale wraz ze sta\u0142ym rozwojem Internetu i dost\u0119pno\u015bci\u0105 milion\u00f3w stron czasopism dostarczanych przez m\u00f3j projekt digitalizacji, by\u0142em do\u015b\u0107 zaskoczony, gdy stopniowo odkry\u0142em, \u017ce Adolf Hitler nie by\u0142 Adolfem Hitlerem.<\/p>\n\n\n\n<p id=\"p_1_10\">Twierdzenie, \u017ce historia II wojny \u015bwiatowej polega\u0142a na tym, \u017ce Franklin Roosevelt pr\u00f3bowa\u0142 uciec od wewn\u0119trznych trudno\u015bci, organizuj\u0105c wielk\u0105 europejsk\u0105 wojn\u0119 przeciwko prosperuj\u0105cym, mi\u0142uj\u0105cym pok\u00f3j nazistowskim Niemcom Adolfa Hitlera, mo\u017ce nie by\u0107 ca\u0142kowicie poprawne.&nbsp;Ale my\u015bl\u0119, \u017ce ten obraz jest prawdopodobnie nieco bli\u017cszy rzeczywistej rzeczywisto\u015bci historycznej ni\u017c odwr\u00f3cony obraz cz\u0119\u015bciej spotykany w naszych podr\u0119cznikach.<\/p>\n<\/blockquote>\n\n\n\n<p id=\"p_1_11\">My\u015bla\u0142em, \u017ce ten d\u0142ugi artyku\u0142 b\u0119dzie dobry, ale z \u0142atwo\u015bci\u0105 przekroczy\u0142 moje wszelkie oczekiwania, a wczesny ruch by\u0142 znacznie wi\u0119kszy ni\u017c cokolwiek, co opublikowa\u0142em od wielu lat.&nbsp;W ci\u0105gu pierwszych sze\u015bciu dni wywiad przyci\u0105gn\u0105\u0142 wi\u0119cej czytelnik\u00f3w ni\u017c jakikolwiek inny artyku\u0142 na naszej stronie internetowej w ci\u0105gu ostatnich sze\u015bciu miesi\u0119cy.&nbsp;I chocia\u017c m\u00f3j d\u0142ugi artyku\u0142 zdawa\u0142 si\u0119 odwa\u017cnie przekracza\u0107 ka\u017cd\u0105 zakazan\u0105 czerwon\u0105 lini\u0119 w historii g\u0142\u00f3wnego nurtu, reakcja by\u0142a r\u00f3wnie\u017c zaskakuj\u0105co przychylna, w tym znacznie mniej gniewnej krytyki, ni\u017c si\u0119 spodziewa\u0142em.<\/p>\n\n\n\n<p id=\"p_1_12\">Rzeczywi\u015bcie, niekt\u00f3re odpowiedzi by\u0142y niezwykle pokrzepiaj\u0105ce.&nbsp;Na przyk\u0142ad otrzyma\u0142em pe\u0142en \u017calu i wsp\u00f3\u0142czucia list od wybitnego mi\u0119dzynarodowego naukowca akademickiego, starszej, w pe\u0142ni mainstreamowej postaci, kt\u00f3ra specjalizowa\u0142a si\u0119 w kwestiach praw cz\u0142owieka i by\u0142a autork\u0105 wielu znakomitych ksi\u0105\u017cek, z kt\u00f3rych kilka przeczyta\u0142em.<\/p>\n\n\n\n<p id=\"p_1_13\">Wyja\u015bni\u0142, \u017ce w latach 1972-1975 przeprowadzi\u0142 szeroko zakrojone badania archiwalne na temat wojny, a tak\u017ce przeprowadzi\u0142 wywiady z dziesi\u0105tkami kluczowych ocala\u0142ych postaci po obu stronach, w tym z wieloma osobami najwy\u017cszej rangi, odkrywaj\u0105c, \u017ce oficjalna historia, kt\u00f3rej wszyscy nas nauczono, by\u0142a jedynie paczka k\u0142amstw.&nbsp;Ale<\/p>\n\n\n\n<blockquote class=\"wp-block-quote is-layout-flow wp-block-quote-is-layout-flow\">\n<p id=\"p_1_14\">\u201e\u2026nigdy nie opublikowa\u0142em moich bada\u0144, poniewa\u017c s\u0105 bezu\u017cyteczne w \u015bwiecie, kt\u00f3ry chce by\u0107 ok\u0142amywany.&nbsp;Historia g\u0142\u00f3wnego nurtu to ha\u0144ba \u2014 wbrew zeznaniom naocznych \u015bwiadk\u00f3w, wbrew dokumentom w archiwach\u2026\u201d<\/p>\n<\/blockquote>\n\n\n\n<blockquote class=\"wp-block-quote is-layout-flow wp-block-quote-is-layout-flow\">\n<p id=\"p_1_15\">\u201eCzuj\u0119, \u017ce tak jak ty, istniej\u0105 nie tylko fa\u0142szywe wiadomo\u015bci, ale tak\u017ce fa\u0142szywa historia, fa\u0142szywe prawo, fa\u0142szywa dyplomacja i fa\u0142szywa demokracja\u2026 poziom fa\u0142szowania historii jest przera\u017caj\u0105cy\u201d<\/p>\n<\/blockquote>\n\n\n\n<p id=\"p_1_16\">Moja prezentacja prawdziwej historii II wojny \u015bwiatowej zosta\u0142a zorganizowana wed\u0142ug o\u015bmiu oddzielnych pyta\u0144 wywiadu i mo\u017cna j\u0105 zbada\u0107 w nast\u0119puj\u0105cy spos\u00f3b:<\/p>\n\n\n\n<ul class=\"wp-block-list\">\n<li><a href=\"https:\/\/www.unz.com\/runz\/why-everything-you-know-about-world-war-ii-is-wrong\/#question-1-hitler\">Pytanie 1: Hitler<\/a><\/li>\n\n\n\n<li><a href=\"https:\/\/www.unz.com\/runz\/why-everything-you-know-about-world-war-ii-is-wrong\/#question-2-the-london-blitz\">Pytanie 2: Londy\u0144ski \u201eBlitz\u201d<\/a><\/li>\n\n\n\n<li><a href=\"https:\/\/www.unz.com\/runz\/why-everything-you-know-about-world-war-ii-is-wrong\/#question-3-the-purge-of-antiwar-intellectuals\">Pytanie 3: Czystka antywojennych intelektualist\u00f3w<\/a><\/li>\n\n\n\n<li><a href=\"https:\/\/www.unz.com\/runz\/why-everything-you-know-about-world-war-ii-is-wrong\/#question-4-postwar-germany\">Pytanie 4: Powojenne Niemcy<\/a><\/li>\n\n\n\n<li><a href=\"https:\/\/www.unz.com\/runz\/why-everything-you-know-about-world-war-ii-is-wrong\/#question-5-the-pearl-harbor-attack\">Pytanie 5: Atak na Pearl Harbor<\/a><\/li>\n\n\n\n<li><a href=\"https:\/\/www.unz.com\/runz\/why-everything-you-know-about-world-war-ii-is-wrong\/#question-6-operation-pike\">Pytanie 6: Operacja Szczupak<\/a><\/li>\n\n\n\n<li><a href=\"https:\/\/www.unz.com\/runz\/why-everything-you-know-about-world-war-ii-is-wrong\/#question-7-the-holocaust\">Pytanie 7: Holokaust<\/a><\/li>\n\n\n\n<li><a href=\"https:\/\/www.unz.com\/runz\/why-everything-you-know-about-world-war-ii-is-wrong\/#question-8-our-understanding-of-the-war\">Pytanie 8: Nasze rozumienie wojny<\/a><\/li>\n<\/ul>\n\n\n\n<p id=\"p_1_17\">Lub ca\u0142y artyku\u0142 mo\u017cna przeczyta\u0107 jako ca\u0142o\u015b\u0107:<\/p>\n\n\n\n<ul class=\"wp-block-list\">\n<li><a href=\"https:\/\/www.unz.com\/runz\/why-everything-you-know-about-world-war-ii-is-wrong\/\">Dlaczego wszystko, co wiesz o II wojnie \u015bwiatowej, jest z\u0142e<\/a><br><em>Mike Whitney Wywiad z Ronem Unzem<\/em><br>Ronem Unzem i Mikiem Whitneyem \u2022&nbsp;<em><strong>The Unz Review<\/strong><\/em>&nbsp;\u2022 12 czerwca 2023 r. \u2022 12 600 s\u0142\u00f3w<\/li>\n<\/ul>\n\n\n\n<p id=\"p_1_18\">Ale chocia\u017c moje odpowiedzi obejmowa\u0142y bardzo d\u0142ugie 12 000 s\u0142\u00f3w, nawet to by\u0142o niewystarczaj\u0105ce, aby obj\u0105\u0107 kilka najwa\u017cniejszych \u201eukrytych historii\u201d drugiej wojny \u015bwiatowej.&nbsp;Dlatego teraz przedstawiam je w tym kolejnym artykule.<\/p>\n\n\n\n<h2 class=\"wp-block-heading\"><a href=\"https:\/\/www.unz.com\/runz\/more-falsehoods-of-world-war-ii\/#the-suvorov-hypothesis\">Hipoteza Suworowa<\/a><\/h2>\n\n\n\n<p id=\"p_1_19\">W 1990 presti\u017cowy&nbsp;<em>Times Literary Supplement<\/em>&nbsp;zamie\u015bci\u0142 obszern\u0105 recenzj\u0119&nbsp;<a href=\"https:\/\/www.amazon.com\/dp\/0241126223\/\"><em>Lodo\u0142amacza<\/em><\/a>&nbsp;, nowo wydanej ksi\u0105\u017cki, odwa\u017cnie d\u0105\u017c\u0105cej do obalenia ca\u0142ej ustalonej historii drugiej wojny \u015bwiatowej:<\/p>\n\n\n\n<blockquote class=\"wp-block-quote is-layout-flow wp-block-quote-is-layout-flow\">\n<p id=\"p_1_20\">[Suworow] spiera si\u0119 z ka\u017cd\u0105 ksi\u0105\u017ck\u0105, ka\u017cdym artyku\u0142em, ka\u017cdym filmem, ka\u017cd\u0105 dyrektyw\u0105 NATO, ka\u017cdym za\u0142o\u017ceniem Downing Street, ka\u017cdym urz\u0119dnikiem Pentagonu, ka\u017cdym naukowcem, ka\u017cdym komunist\u0105 i antykomunist\u0105, ka\u017cdym neokonserwatywnym intelektualist\u0105, ka\u017cd\u0105 sowieck\u0105 piosenk\u0105, wierszem, powie\u015bci\u0105 i utw\u00f3r muzyczny, jaki kiedykolwiek us\u0142yszano, napisano, wykonano, za\u015bpiewano, wydano, wyprodukowano lub narodzi\u0142 si\u0119 w ci\u0105gu ostatnich 50 lat.&nbsp;Z tego powodu Lodo\u0142amacz jest najbardziej oryginalnym dzie\u0142em historycznym, jakie mia\u0142em zaszczyt przeczyta\u0107.<\/p>\n<\/blockquote>\n\n\n\n<p id=\"p_1_21\">Jak&nbsp;<a href=\"https:\/\/www.unz.com\/runz\/american-pravda-when-stalin-almost-conquered-europe\/\">wyja\u015bni\u0142em<\/a>&nbsp;w moim artykule z 2018 roku:<\/p>\n\n\n\n<blockquote class=\"wp-block-quote is-layout-flow wp-block-quote-is-layout-flow\">\n<figure class=\"wp-block-image\"><a href=\"https:\/\/www.amazon.com\/dp\/0241126223\/\"><img decoding=\"async\" src=\"https:\/\/images-na.ssl-images-amazon.com\/images\/I\/516KaiMQ7zL.jpg\" alt=\"\"\/><\/a><\/figure>\n\n\n\n<p id=\"p_1_22\"><em>Autor Lodo\u0142amacza<\/em>&nbsp;, pisz\u0105cy pod pseudonimem Wiktor Suworow, by\u0142 weteranem sowieckiego wywiadu wojskowego, kt\u00f3ry uciek\u0142 na Zach\u00f3d w 1978 roku, a nast\u0119pnie opublikowa\u0142 szereg cenionych ksi\u0105\u017cek o sowieckim wojsku i s\u0142u\u017cbach wywiadowczych.&nbsp;Ale tutaj wysun\u0105\u0142 znacznie bardziej radykaln\u0105 tez\u0119.<\/p>\n\n\n\n<p id=\"p_1_23\">\u201eHipoteza Suworowa\u201d g\u0142osi\u0142a, \u017ce \u200b\u200blatem 1941 roku Stalin by\u0142 bliski rozpocz\u0119cia masowej inwazji i podboju Europy, podczas gdy nag\u0142y atak Hitlera 22 czerwca tego roku mia\u0142 na celu zapobie\u017cenie nadchodz\u0105cemu ciosowi.<\/p>\n<\/blockquote>\n\n\n\n<blockquote class=\"wp-block-quote is-layout-flow wp-block-quote-is-layout-flow\">\n<p id=\"p_1_24\">Od 1990 roku prace Suworowa zosta\u0142y przet\u0142umaczone na co najmniej 18 j\u0119zyk\u00f3w, a wok\u00f3\u0142 hipotezy Suworowa w Rosji, Niemczech, Izraelu i innych krajach rozgorza\u0142a mi\u0119dzynarodowa burza naukowych kontrowersji.&nbsp;Wielu innych autor\u00f3w opublikowa\u0142o ksi\u0105\u017cki wspieraj\u0105ce lub cz\u0119\u015bciej zdecydowanie sprzeciwiaj\u0105ce si\u0119, a nawet odby\u0142y si\u0119 mi\u0119dzynarodowe konferencje naukowe w celu om\u00f3wienia tej teorii.&nbsp;Ale nasze angloj\u0119zyczne media niemal ca\u0142kowicie umie\u015bci\u0142y t\u0119 trwaj\u0105c\u0105 mi\u0119dzynarodow\u0105 debat\u0119 na czarnej li\u015bcie i zignorowa\u0142y j\u0105 do tego stopnia, \u017ce \u200b\u200bnazwisko najbardziej poczytnego historyka wojskowo\u015bci, jaki kiedykolwiek \u017cy\u0142, pozosta\u0142o mi ca\u0142kowicie nieznane.<\/p>\n\n\n\n<figure class=\"wp-block-image\"><a href=\"https:\/\/www.amazon.com\/dp\/1591148065\/\"><img decoding=\"async\" src=\"https:\/\/images-na.ssl-images-amazon.com\/images\/I\/518KbMSgtEL.jpg\" alt=\"\"\/><\/a><\/figure>\n\n\n\n<p id=\"p_1_25\">W ko\u0144cu w 2008 roku presti\u017cowa Naval Academy Press w Annapolis postanowi\u0142a prze\u0142ama\u0107 to 18-letnie embargo intelektualne i opublikowa\u0142a&nbsp;<a href=\"https:\/\/www.amazon.com\/dp\/1591148065\/\">zaktualizowane angielskie wydanie<\/a>&nbsp;pracy Suworowa.&nbsp;Ale po raz kolejny nasze media prawie ca\u0142kowicie odwr\u00f3ci\u0142y wzrok i tylko jedna recenzja pojawi\u0142a si\u0119 w ma\u0142o znanej publikacji ideologicznej, w kt\u00f3rej przypadkiem si\u0119 z ni\u0105 spotka\u0142em.&nbsp;To niezbicie pokazuje, \u017ce przez wi\u0119ksz\u0105 cz\u0119\u015b\u0107 XX wieku zjednoczony front angloj\u0119zycznych wydawc\u00f3w i organ\u00f3w medialnych m\u00f3g\u0142 z \u0142atwo\u015bci\u0105 prowadzi\u0107 bojkot ka\u017cdego wa\u017cnego tematu, zapewniaj\u0105c, \u017ce prawie nikt w Ameryce ani w reszcie anglosfery nigdy o tym nie us\u0142yszy.&nbsp;Dopiero wraz z niedawnym rozwojem Internetu ta przygn\u0119biaj\u0105ca sytuacja zacz\u0119\u0142a si\u0119 zmienia\u0107.<\/p>\n<\/blockquote>\n\n\n\n<blockquote class=\"wp-block-quote is-layout-flow wp-block-quote-is-layout-flow\">\n<p id=\"p_1_26\">Front Wschodni by\u0142 decyduj\u0105cym teatrem II wojny \u015bwiatowej, w kt\u00f3rym uczestniczy\u0142y si\u0142y zbrojne znacznie wi\u0119ksze ni\u017c te rozmieszczone na Zachodzie czy na Pacyfiku, a standardowa narracja zawsze podkre\u015bla nieudolno\u015b\u0107 i s\u0142abo\u015b\u0107 Sowiet\u00f3w.&nbsp;22 czerwca 1941 r. Hitler rozpocz\u0105\u0142 operacj\u0119 Barbarossa, nag\u0142y, masowy atak z zaskoczenia na ZSRR, kt\u00f3ry ca\u0142kowicie zaskoczy\u0142 Armi\u0119 Czerwon\u0105.&nbsp;Stalin by\u0142 regularnie wy\u015bmiewany za ca\u0142kowity brak przygotowania, a Hitler cz\u0119sto by\u0142 opisywany jako jedyny cz\u0142owiek, kt\u00f3remu paranoiczny dyktator kiedykolwiek w pe\u0142ni ufa\u0142.&nbsp;Chocia\u017c broni\u0105ce si\u0119 si\u0142y radzieckie by\u0142y ogromne, by\u0142y s\u0142abo dowodzone, a ich korpus oficerski wci\u0105\u017c nie podni\u00f3s\u0142 si\u0119 z wyniszczaj\u0105cych czystek pod koniec lat trzydziestych, a ich przestarza\u0142y sprz\u0119t i kiepska taktyka absolutnie nie mog\u0142y si\u0119 r\u00f3wna\u0107 z nowoczesnymi dywizjami pancernymi dotychczas niepokonany<em>Wehrmachtu<\/em>&nbsp;.&nbsp;Rosjanie pocz\u0105tkowo ponie\u015bli gigantyczne straty i dopiero nadej\u015bcie zimy i rozleg\u0142e przestrzenie ich terytorium uchroni\u0142y ich przed szybk\u0105 pora\u017ck\u0105.&nbsp;Potem wojna toczy\u0142a si\u0119 w t\u0119 iz powrotem przez kolejne cztery lata, a\u017c w 1945 roku przewaga liczebna i ulepszona taktyka doprowadzi\u0142y Sowiet\u00f3w na ulice zniszczonego Berlina.<\/p>\n\n\n\n<p id=\"p_1_27\">Takie jest tradycyjne rozumienie tytanicznej walki rosyjsko-niemieckiej, kt\u00f3re bez ko\u0144ca odbija si\u0119 echem w ka\u017cdej gazecie, ksi\u0105\u017cce, telewizyjnym dokumencie i filmie wok\u00f3\u0142 nas.<\/p>\n<\/blockquote>\n\n\n\n<p id=\"p_1_28\">Ale prze\u0142omowe badania Suworowa wykaza\u0142y, \u017ce rzeczywisto\u015b\u0107 by\u0142a zupe\u0142nie inna.<\/p>\n\n\n\n<blockquote class=\"wp-block-quote is-layout-flow wp-block-quote-is-layout-flow\">\n<p id=\"p_1_29\">Po pierwsze, chocia\u017c istnieje powszechne przekonanie o wy\u017cszo\u015bci niemieckiej technologii wojskowej, jej czo\u0142g\u00f3w i samolot\u00f3w, jest to niemal ca\u0142kowicie mitologiczne.&nbsp;W rzeczywisto\u015bci radzieckie czo\u0142gi by\u0142y znacznie lepsze pod wzgl\u0119dem g\u0142\u00f3wnego uzbrojenia, pancerza i zwrotno\u015bci od swoich niemieckich odpowiednik\u00f3w, do tego stopnia, \u017ce \u200b\u200bprzyt\u0142aczaj\u0105ca wi\u0119kszo\u015b\u0107 czo\u0142g\u00f3w pancernych by\u0142a w por\u00f3wnaniu z nimi niemal przestarza\u0142a.&nbsp;A sowiecka przewaga liczebna by\u0142a jeszcze bardziej ekstremalna, kiedy Stalin rozmie\u015bci\u0142 wielokrotnie wi\u0119cej czo\u0142g\u00f3w ni\u017c \u0142\u0105czna liczba czo\u0142g\u00f3w posiadanych przez Niemcy i wszystkie inne narody na \u015bwiecie: 27 000 wobec zaledwie 4 000 w si\u0142ach Hitlera.&nbsp;Nawet w czasie pokoju jedna radziecka fabryka w Charkowie produkowa\u0142a wi\u0119cej czo\u0142g\u00f3w w okresie sze\u015bciu miesi\u0119cy ni\u017c ca\u0142a Trzecia Rzesza zbudowa\u0142a przed 1940 rokiem. Sowieci mieli podobn\u0105 przewag\u0119, cho\u0107 nieco mniej ekstremaln\u0105,&nbsp;w swoich bombowcach szturmowych.&nbsp;Ca\u0142kowicie zamkni\u0119ty charakter ZSRR oznacza\u0142, \u017ce tak ogromne si\u0142y zbrojne pozostawa\u0142y ca\u0142kowicie ukryte przed zewn\u0119trznymi obserwatorami.<\/p>\n\n\n\n<p id=\"p_1_30\">Istnieje r\u00f3wnie\u017c niewiele dowod\u00f3w na to, \u017ce jako\u015b\u0107 sowieckich oficer\u00f3w lub doktryny wojskowej by\u0142a niewystarczaj\u0105ca.&nbsp;Rzeczywi\u015bcie, cz\u0119sto zapominamy, \u017ce pierwszym udanym w historii przyk\u0142adem \u201eblitzkriegu\u201d we wsp\u00f3\u0142czesnej wojnie by\u0142a druzgoc\u0105ca pora\u017cka w sierpniu 1939 r., jak\u0105 Stalin zada\u0142 japo\u0144skiej 6 Armii w Mongolii Zewn\u0119trznej, opieraj\u0105c si\u0119 na masowym niespodziewanym ataku czo\u0142g\u00f3w, bombowc\u00f3w i mobilnej piechoty .<\/p>\n<\/blockquote>\n\n\n\n<blockquote class=\"wp-block-quote is-layout-flow wp-block-quote-is-layout-flow\">\n<p id=\"p_1_31\">Z pewno\u015bci\u0105 wiele aspekt\u00f3w sowieckiej machiny wojskowej by\u0142o prymitywnych, ale dok\u0142adnie to samo dotyczy\u0142o ich nazistowskich przeciwnik\u00f3w.&nbsp;By\u0107 mo\u017ce najbardziej zaskakuj\u0105cym szczeg\u00f3\u0142em dotycz\u0105cym technologii naje\u017cd\u017caj\u0105cego Wehrmachtu w 1941 roku by\u0142o to, \u017ce jego system transportowy by\u0142 wci\u0105\u017c prawie ca\u0142kowicie przednowoczesny, polegaj\u0105cy na wozach i wozach ci\u0105gni\u0119tych przez 750 000 koni, aby utrzyma\u0107 niezb\u0119dny dop\u0142yw amunicji i cz\u0119\u015bci zamiennych dla nacieraj\u0105cych armii.<\/p>\n<\/blockquote>\n\n\n\n<p id=\"p_1_32\">Wiosn\u0105 1941 roku Sowieci zgromadzili na granicy z Niemcami gigantyczne si\u0142y pancerne, sk\u0142adaj\u0105ce si\u0119 nawet z ogromnej liczby wyspecjalizowanych czo\u0142g\u00f3w, kt\u00f3rych niezwyk\u0142e cechy jasno wskazywa\u0142y na czysto ofensywne cele Stalina.&nbsp;Na przyk\u0142ad radziecki moloch sk\u0142ada\u0142 si\u0119 z 6500 szybkich czo\u0142g\u00f3w&nbsp;<em>autostradowych<\/em>&nbsp;, prawie bezu\u017cytecznych na terytorium ZSRR, ale idealnie nadaj\u0105cych si\u0119 do rozmieszczenia na niemieckiej sieci autostrad oraz 4000 czo\u0142g\u00f3w desantowych, zdolnych do poruszania si\u0119 po kanale La Manche i podboju Wielkiej Brytanii.<\/p>\n\n\n\n<blockquote class=\"wp-block-quote is-layout-flow wp-block-quote-is-layout-flow\">\n<p id=\"p_1_33\">Sowieci wystawili tak\u017ce wiele tysi\u0119cy czo\u0142g\u00f3w ci\u0119\u017ckich, kt\u00f3re mia\u0142y zaatakowa\u0107 i pokona\u0107 zbroj\u0119 wroga, podczas gdy Niemcy nie mieli ich wcale.&nbsp;W bezpo\u015bredniej walce radziecki KV-1 lub KV-2 m\u00f3g\u0142by z \u0142atwo\u015bci\u0105 zniszczy\u0107 cztery lub pi\u0119\u0107 najlepszych niemieckich czo\u0142g\u00f3w, pozostaj\u0105c jednocze\u015bnie prawie niewra\u017cliwy na pociski wroga.&nbsp;Suworow podaje przyk\u0142ad KV, kt\u00f3ry otrzyma\u0142 43 bezpo\u015brednie trafienia, zanim ostatecznie zosta\u0142 obezw\u0142adniony, otoczony kad\u0142ubami dziesi\u0119ciu niemieckich czo\u0142g\u00f3w, kt\u00f3re jako pierwszy zdo\u0142a\u0142 zniszczy\u0107.<\/p>\n<\/blockquote>\n\n\n\n<blockquote class=\"wp-block-quote is-layout-flow wp-block-quote-is-layout-flow\">\n<p id=\"p_1_34\">Rekonstrukcja Suworowa z tygodni bezpo\u015brednio poprzedzaj\u0105cych wybuch walk jest fascynuj\u0105ca, podkre\u015blaj\u0105c lustrzane odbicie dzia\u0142a\u0144 podejmowanych zar\u00f3wno przez armi\u0119 sowieck\u0105, jak i niemieck\u0105.&nbsp;Ka\u017cda ze stron przenios\u0142a swoje najlepsze jednostki uderzeniowe, lotniska i sk\u0142ady amunicji blisko granicy, idealne do ataku, ale bardzo wra\u017cliwe w obronie.&nbsp;Ka\u017cda ze stron ostro\u017cnie dezaktywowa\u0142a wszelkie pozosta\u0142e pola minowe i wyrwa\u0142a wszelkie przeszkody z drutu kolczastego, aby nie utrudnia\u0142y one nadchodz\u0105cego ataku.&nbsp;Ka\u017cda ze stron stara\u0142a si\u0119 zakamuflowa\u0107 swoje przygotowania, g\u0142o\u015bno m\u00f3wi\u0105c o pokoju, przygotowuj\u0105c si\u0119 do zbli\u017caj\u0105cej si\u0119 wojny.&nbsp;Sowieckie rozmieszczenie rozpocz\u0119\u0142o si\u0119 znacznie wcze\u015bniej, ale poniewa\u017c ich si\u0142y by\u0142y znacznie wi\u0119ksze i mia\u0142y do \u200b\u200bpokonania znacznie wi\u0119ksze odleg\u0142o\u015bci, nie by\u0142y jeszcze ca\u0142kiem gotowe do ataku, gdy Niemcy uderz\u0105, a tym samym zniwecz\u0105 planowany przez Stalina podb\u00f3j Europy.<\/p>\n\n\n\n<p id=\"p_1_35\">Wszystkie powy\u017csze przyk\u0142ady sowieckich system\u00f3w uzbrojenia i decyzji strategicznych wydaj\u0105 si\u0119 bardzo trudne do wyja\u015bnienia w ramach konwencjonalnej narracji obronnej, ale maj\u0105 sens, je\u015bli orientacja Stalina od 1939 roku zawsze by\u0142a ofensywna i zdecydowa\u0142, \u017ce lato 1941 roku by\u0142o czasem uderzy\u0107 i rozszerzy\u0107 sw\u00f3j Zwi\u0105zek Sowiecki na wszystkie pa\u0144stwa europejskie, tak jak pierwotnie zamierza\u0142 Lenin.&nbsp;A Suworow dostarcza wiele dziesi\u0105tek dodatkowych przyk\u0142ad\u00f3w, buduj\u0105c cegie\u0142ka po cegie\u0142ce bardzo przekonuj\u0105ce argumenty przemawiaj\u0105ce za t\u0105 teori\u0105.<\/p>\n<\/blockquote>\n\n\n\n<blockquote class=\"wp-block-quote is-layout-flow wp-block-quote-is-layout-flow\">\n<p id=\"p_1_36\">Bior\u0105c pod uwag\u0119 d\u0142ugie lata wojny okopowej na froncie zachodnim podczas pierwszej wojny \u015bwiatowej, prawie wszyscy zewn\u0119trzni obserwatorzy spodziewali si\u0119, \u017ce nowa runda konfliktu b\u0119dzie mia\u0142a bardzo podobny statyczny przebieg, stopniowo wyczerpuj\u0105cy wszystkie strony, a \u015bwiat by\u0142 zszokowany, gdy innowacyjna taktyka Niemiec pozwoli\u0142o mu osi\u0105gn\u0105\u0107 b\u0142yskawiczn\u0105 kl\u0119sk\u0119 armii alianckich we Francji w 1940 r. W tym momencie Hitler uwa\u017ca\u0142 wojn\u0119 za zasadniczo zako\u0144czon\u0105 i by\u0142 przekonany, \u017ce niezwykle hojne warunki pokojowe, kt\u00f3re natychmiast zaoferowa\u0142 Brytyjczykom, wkr\u00f3tce doprowadz\u0105 do ostatecznego rozstrzygni\u0119cia.&nbsp;W rezultacie przywr\u00f3ci\u0142 Niemcom normaln\u0105 gospodark\u0119 czasu pokoju, wybieraj\u0105c mas\u0142o zamiast broni, aby utrzyma\u0107 swoj\u0105 du\u017c\u0105 popularno\u015b\u0107 w kraju<\/p>\n\n\n\n<p id=\"p_1_37\">Stalin jednak nie podlega\u0142 takim politycznym ograniczeniom i od momentu podpisania d\u0142ugoterminowego porozumienia pokojowego z Hitlerem w 1939 r. i podzia\u0142u Polski rozkr\u0119ci\u0142 gospodark\u0119 totaln\u0105 na jeszcze wy\u017cszy poziom.&nbsp;Rozpoczynaj\u0105c bezprecedensow\u0105 rozbudow\u0119 wojskow\u0105, skoncentrowa\u0142 swoj\u0105 produkcj\u0119 prawie ca\u0142kowicie na czysto ofensywnych systemach uzbrojenia, jednocze\u015bnie zaprzestaj\u0105c produkcji uzbrojenia lepiej nadaj\u0105cego si\u0119 do obrony i demontuj\u0105c swoje poprzednie linie fortyfikacji.&nbsp;W 1941 roku jego cykl produkcyjny dobieg\u0142 ko\u0144ca i zgodnie z tym przygotowa\u0142 swoje plany.<\/p>\n\n\n\n<p id=\"p_1_38\">I tak, podobnie jak w naszej tradycyjnej narracji, widzimy, \u017ce w tygodniach i miesi\u0105cach poprzedzaj\u0105cych Barbaross\u0119, najpot\u0119\u017cniejsza ofensywna si\u0142a militarna w historii \u015bwiata zosta\u0142a po cichu zgromadzona w tajemnicy wzd\u0142u\u017c granicy niemiecko-rosyjskiej, przygotowuj\u0105c si\u0119 do rozkazu, kt\u00f3ry rozp\u0119ta\u0142by sw\u00f3j niespodziewany atak.&nbsp;Nieprzygotowane lotnictwo wroga mia\u0142o zosta\u0107 zniszczone na ziemi w pierwszych dniach bitwy, a ogromne kolumny czo\u0142g\u00f3w mia\u0142y rozpocz\u0105\u0107 g\u0142\u0119bok\u0105 penetracj\u0119, otaczaj\u0105c i chwytaj\u0105c w pu\u0142apk\u0119 si\u0142y przeciwnika, osi\u0105gaj\u0105c klasyczne zwyci\u0119stwo w blitzkriegu i zapewniaj\u0105c szybk\u0105 okupacj\u0119&nbsp;<em>rozleg\u0142ych<\/em>&nbsp;terytori\u00f3w .&nbsp;Ale si\u0142y przygotowuj\u0105ce t\u0119 bezprecedensow\u0105 wojn\u0119 podboju nale\u017ca\u0142y do \u200b\u200bStalina, a jego militarny moloch z pewno\u015bci\u0105 zaw\u0142adn\u0105\u0142by ca\u0142\u0105 Europ\u0105, a wkr\u00f3tce potem prawdopodobnie pozosta\u0142\u0105 cz\u0119\u015bci\u0105 l\u0105du euroazjatyckiego.<\/p>\n\n\n\n<p id=\"p_1_39\">Wtedy, prawie w ostatniej chwili, Hitler nagle zda\u0142 sobie spraw\u0119 ze strategicznej pu\u0142apki, w kt\u00f3r\u0105 wpad\u0142, i rozkaza\u0142 swym przewa\u017caj\u0105cym liczebnie i uzbrojonym oddzia\u0142om desperacki atak z zaskoczenia na gromadz\u0105ce si\u0119 Sowiety, szcz\u0119\u015bliwie \u0142api\u0105c ich dok\u0142adnie w punkcie, w kt\u00f3rym ich w\u0142asne ostateczne przygotowania do nag\u0142ego ataku sprawi\u0142y, \u017ce byli najbardziej bezbronni, a tym samym wyrwali g\u0142\u00f3wne pocz\u0105tkowe zwyci\u0119stwo ze szcz\u0119k pewnej kl\u0119ski.&nbsp;Ogromne zapasy sowieckiej amunicji i broni zosta\u0142y umieszczone w pobli\u017cu granicy, aby zaopatrywa\u0107 armi\u0119 inwazji na Niemcy, a te szybko wpad\u0142y w r\u0119ce Niemc\u00f3w, stanowi\u0105c wa\u017cny dodatek do ich w\u0142asnych, \u017ca\u0142o\u015bnie niewystarczaj\u0105cych zasob\u00f3w.<\/p>\n<\/blockquote>\n\n\n\n<p id=\"p_1_40\">Dla tych, kt\u00f3rzy wol\u0105 przyswaja\u0107 informacje Suworowa w innym formacie, jego wyk\u0142ad publiczny z pa\u017adziernika 2009 r. w Akademii Marynarki Wojennej Stan\u00f3w Zjednoczonych jest dost\u0119pny na Youtube:<\/p>\n\n\n\n<figure class=\"wp-block-embed is-type-rich is-provider-obsluga-osadzania wp-block-embed-obsluga-osadzania\"><div class=\"wp-block-embed__wrapper\">\nhttps:\/\/youtube.com\/watch?v=wYSy80WlmWY%3Ffeature%3Doembed\n<\/div><\/figure>\n\n\n\n<p id=\"p_1_41\">Wcze\u015bniej w tym samym roku jego wyk\u0142ad w Woodrow Wilson Center by\u0142 transmitowany w&nbsp;<a href=\"https:\/\/www.c-span.org\/video\/?283856-1\/the-chief-culprit\">C-SPAN Book TV.<\/a><\/p>\n\n\n\n<p id=\"p_1_42\">Naturalnie czyta\u0142em niekt\u00f3re ksi\u0105\u017cki rzekomo obalaj\u0105ce tezy Suworowa, takie jak te autorstwa historyk\u00f3w&nbsp;<a href=\"https:\/\/www.amazon.com\/Stumbling-Colossus-World-Modern-Studies\/dp\/0700617892\/\">Davida M. Glantza<\/a>&nbsp;i&nbsp;<a href=\"https:\/\/www.amazon.com\/Grand-Delusion-Stalin-German-Invasion\/dp\/0300084595\/\">Gabriela Gorodeckiego<\/a>&nbsp;, ale uzna\u0142em je za raczej nieprzekonuj\u0105ce.<\/p>\n\n\n\n<blockquote class=\"wp-block-quote is-layout-flow wp-block-quote-is-layout-flow\">\n<figure class=\"wp-block-image\"><a href=\"https:\/\/www.amazon.com\/dp\/0967985684\/\"><img decoding=\"async\" src=\"https:\/\/images-na.ssl-images-amazon.com\/images\/I\/51YoevZIdpL.jpg\" alt=\"\"\/><\/a><\/figure>\n\n\n\n<p id=\"p_1_43\">Znacznie lepsz\u0105 ksi\u0105\u017ck\u0105, generalnie popieraj\u0105c\u0105 ramy Suworowa, by\u0142a&nbsp;<a href=\"https:\/\/www.amazon.com\/dp\/0967985684\/\"><em>Stalinowska Wojna na Zag\u0142ad\u0119<\/em><\/a>, autorstwa wielokrotnie nagradzanego niemieckiego historyka wojskowo\u015bci Joachima Hoffmanna, pierwotnie zam\u00f3wiony przez niemieckie si\u0142y zbrojne i opublikowany w 1995 r., z poprawionym wydaniem w j\u0119zyku angielskim, kt\u00f3re ukaza\u0142o si\u0119 w 2001 r. Na ok\u0142adce widnieje informacja, \u017ce \u200b\u200btekst zosta\u0142 oczyszczony przez cenzor\u00f3w niemieckiego rz\u0105du, oraz wprowadzenie autora opowiada o powtarzaj\u0105cych si\u0119 gro\u017abach oskar\u017cenia ze strony wybranych urz\u0119dnik\u00f3w i innych przeszkodach prawnych, z kt\u00f3rymi si\u0119 boryka\u0142, podczas gdy gdzie indziej zwraca si\u0119 bezpo\u015brednio do niewidzialnych w\u0142adz rz\u0105dowych, o kt\u00f3rych wie, \u017ce czytaj\u0105 mu przez rami\u0119.&nbsp;Gdy zbytnie przekroczenie granic przyj\u0119tej historii niesie ze sob\u0105 powa\u017cne ryzyko, \u017ce ca\u0142y nak\u0142ad ksi\u0105\u017cki zostanie spalony, a autor uwi\u0119ziony,&nbsp;czytelnik musi koniecznie by\u0107 ostro\u017cny przy ocenie tekstu, poniewa\u017c wa\u017cne sekcje zosta\u0142y przekrzywione lub prewencyjnie wyci\u0119te w interesie samozachowawczym.&nbsp;Naukowe debaty na tematy historyczne staj\u0105 si\u0119 trudne, gdy jednej ze stron grozi wi\u0119zienie, je\u015bli ich argumenty s\u0105 zbyt odwa\u017cne.<\/p>\n<\/blockquote>\n\n\n\n<ul class=\"wp-block-list\">\n<li><a href=\"https:\/\/www.unz.com\/runz\/american-pravda-when-stalin-almost-conquered-europe\/\">Ameryka\u0144ska Prawda: Kiedy Stalin prawie podbi\u0142 Europ\u0119<\/a><br>Ron Unz \u2022&nbsp;<em><strong>The Unz Review<\/strong><\/em>&nbsp;\u2022 4 czerwca 2018 r. \u2022 4200 s\u0142\u00f3w<\/li>\n<\/ul>\n\n\n\n<figure class=\"wp-block-image\"><a href=\"https:\/\/www.amazon.com\/dp\/1541672798\/\"><img decoding=\"async\" src=\"https:\/\/images-na.ssl-images-amazon.com\/images\/I\/814go3Hbv6S.jpg\" alt=\"\"\/><\/a><\/figure>\n\n\n\n<p id=\"p_1_44\">Ostatnio wybitna historia Seana McMeekina z 2021 r.&nbsp;<a href=\"https:\/\/www.amazon.com\/Stalins-War-New-History-World\/dp\/1541672798\/\"><em>Wojna Stalina<\/em><\/a>&nbsp;dostarczy\u0142a wielu dodatkowych dowod\u00f3w silnie wspieraj\u0105cych teori\u0119, \u017ce sowiecki dyktator zgromadzi\u0142 swoje ogromne si\u0142y ofensywne na niemieckiej granicy i prawdopodobnie przygotowywa\u0142 si\u0119 do inwazji i podboju Europy, gdy Hitler uderzy\u0142 pierwszy.<\/p>\n\n\n\n<p id=\"p_1_45\">Oryginalna&nbsp;recenzja&nbsp;<em>Lodo\u0142amacza z 1990 roku&nbsp;<\/em><em>w Times of London<\/em>&nbsp;zosta\u0142a napisana przez Andrieja Nawrozowa, sowieckiego emigranta od dawna mieszkaj\u0105cego w Wielkiej Brytanii.&nbsp;Jako rosyjski S\u0142owianin nie by\u0142 przychylny niemieckiemu dyktatorowi, ale zaakceptowa\u0142 niezwyk\u0142\u0105 teori\u0119 Suworowa, \u017ce \u200b\u200btylko atak Hitlera na Barbaross\u0119 zapobieg\u0142 stalinowskiemu podbojowi ca\u0142ej Europy, i zako\u0144czy\u0142 dyskusj\u0119 z okazji dwudziestej rocznicy mocn\u0105 deklaracj\u0105:<em><\/em><\/p>\n\n\n\n<blockquote class=\"wp-block-quote is-layout-flow wp-block-quote-is-layout-flow\">\n<p id=\"p_1_46\">Dlatego, je\u015bli ktokolwiek z nas mo\u017ce dzisiaj pisa\u0107, publikowa\u0107 i czyta\u0107, wynika z tego, \u017ce w jakiej\u015b nieb\u0142ahej cz\u0119\u015bci nasza wdzi\u0119czno\u015b\u0107 za to musi i\u015b\u0107 do Hitlera.&nbsp;A je\u015bli kto\u015b chce mnie aresztowa\u0107 za to, co w\u0142a\u015bnie powiedzia\u0142em, nie robi\u0119 tajemnicy z tego, gdzie mieszkam.<\/p>\n<\/blockquote>\n\n\n\n<h2 class=\"wp-block-heading\"><a href=\"https:\/\/www.unz.com\/runz\/more-falsehoods-of-world-war-ii\/#the-nazi-zionist-economic-partnership-of-the-1930s\">Nazistowsko-syjonistyczne partnerstwo gospodarcze lat 30<\/a><\/h2>\n\n\n\n<p id=\"p_1_47\">Czterdzie\u015bci lat temu&nbsp;<em>New York Times<\/em>&nbsp;i inne gazety g\u0142\u00f3wnego nurtu opublikowa\u0142y zdumiewaj\u0105ce rewelacje dotycz\u0105ce wojennej dzia\u0142alno\u015bci Icchaka Szamira, kt\u00f3ry w\u00f3wczas pe\u0142ni\u0142 funkcj\u0119 premiera Izraela.&nbsp;Om\u00f3wi\u0142em&nbsp;<a href=\"https:\/\/www.unz.com\/runz\/american-pravda-jews-and-nazis\/\">je<\/a>&nbsp;w artykule z 2018 roku:<\/p>\n\n\n\n<blockquote class=\"wp-block-quote is-layout-flow wp-block-quote-is-layout-flow\">\n<p id=\"p_1_48\">Najwyra\u017aniej w p\u00f3\u017anych latach trzydziestych Shamir i jego ma\u0142a syjonistyczna frakcja stali si\u0119 wielkimi wielbicielami w\u0142oskich faszyst\u00f3w i niemieckich nazist\u00f3w, a po wybuchu II wojny \u015bwiatowej wielokrotnie pr\u00f3bowali skontaktowa\u0107 si\u0119 z Mussolinim i niemieckim przyw\u00f3dztwem w 1940 i 1941 r. maj\u0105c nadziej\u0119, \u017ce zaci\u0105gn\u0105 si\u0119 do pa\u0144stw Osi jako ich filia w Palestynie i podejm\u0105 kampani\u0119 atak\u00f3w i szpiegostwa przeciwko lokalnym si\u0142om brytyjskim, a nast\u0119pnie podziel\u0105 si\u0119 \u0142upem politycznym po nieuchronnym triumfie Hitlera.<\/p>\n<\/blockquote>\n\n\n\n<blockquote class=\"wp-block-quote is-layout-flow wp-block-quote-is-layout-flow\">\n<figure class=\"wp-block-image\"><a href=\"https:\/\/www.amazon.com\/dp\/0985890991\/\"><img decoding=\"async\" src=\"https:\/\/images-na.ssl-images-amazon.com\/images\/I\/51yvUxdU13L.jpg\" alt=\"\"\/><\/a><\/figure>\n\n\n\n<p id=\"p_1_49\">Mi\u0119dzy innymi by\u0142y to d\u0142ugie fragmenty oficjalnych list\u00f3w wys\u0142anych do Mussoliniego, w kt\u00f3rych zaciekle pot\u0119pia\u0142 \u201edekadenckie\u201d systemy demokratyczne Wielkiej Brytanii i Francji, kt\u00f3rym by\u0142 przeciwny, i zapewnia\u0142 Il Duce, \u017ce takie niedorzeczne pogl\u0105dy polityczne nie b\u0119d\u0105 mia\u0142y w przysz\u0142o\u015bci miejsca w totalitarnym \u017cydowskim&nbsp;<em>spo\u0142ecze\u0144stwie<\/em>&nbsp;. pa\u0144stwo klienckie, kt\u00f3re mieli nadziej\u0119 za\u0142o\u017cy\u0107 pod jego auspicjami w Palestynie.<\/p>\n\n\n\n<p id=\"p_1_50\">Tak si\u0119 sk\u0142ada, \u017ce \u200b\u200bzar\u00f3wno Niemcy, jak i W\u0142ochy by\u0142y w\u00f3wczas zaj\u0119te wi\u0119kszymi problemami geopolitycznymi, a bior\u0105c pod uwag\u0119 niewielki rozmiar syjonistycznej frakcji Shamira, wydaje si\u0119, \u017ce niewiele z tych wysi\u0142k\u00f3w kiedykolwiek wysz\u0142o.&nbsp;Ale pomys\u0142, \u017ce urz\u0119duj\u0105cy premier pa\u0144stwa \u017cydowskiego sp\u0119dzi\u0142 swoje wczesne lata wojny jako nieodwzajemniony sojusznik nazist\u00f3w, z pewno\u015bci\u0105 utkwi\u0142 w pami\u0119ci, niezupe\u0142nie zgodny z tradycyjn\u0105 narracj\u0105 tamtej epoki, kt\u00f3r\u0105 zawsze akceptowa\u0142em.<\/p>\n\n\n\n<figure class=\"wp-block-image\"><a href=\"https:\/\/www.amazon.com\/dp\/1569804338\/\"><img decoding=\"async\" src=\"https:\/\/images-na.ssl-images-amazon.com\/images\/I\/41kCbs1np6L.jpg\" alt=\"\"\/><\/a><\/figure>\n\n\n\n<p id=\"p_1_51\">Co najbardziej niezwyk\u0142e, ujawnienie pro-osiowej przesz\u0142o\u015bci Shamira wydaje si\u0119 mie\u0107 stosunkowo niewielki wp\u0142yw na jego pozycj\u0119 polityczn\u0105 w spo\u0142ecze\u0144stwie izraelskim.&nbsp;My\u015bl\u0119, \u017ce ka\u017cda ameryka\u0144ska posta\u0107 polityczna, kt\u00f3ra wspiera\u0142a sojusz wojskowy z nazistowskimi Niemcami podczas drugiej wojny \u015bwiatowej, mia\u0142aby bardzo trudne chwile, by przetrwa\u0107 wynik\u0142y skandal polityczny, i to samo z pewno\u015bci\u0105 dotyczy polityk\u00f3w w Wielkiej Brytanii, Francji, lub wi\u0119kszo\u015b\u0107 innych kraj\u00f3w zachodnich.&nbsp;Ale chocia\u017c z pewno\u015bci\u0105 w izraelskiej prasie pojawi\u0142o si\u0119 pewne zak\u0142opotanie, zw\u0142aszcza po tym, jak szokuj\u0105ca historia trafi\u0142a na pierwsze strony mi\u0119dzynarodowych gazet, najwyra\u017aniej wi\u0119kszo\u015b\u0107 Izraelczyk\u00f3w przyj\u0119\u0142a ca\u0142\u0105 spraw\u0119 spokojnie, a Szamir pozosta\u0142 na stanowisku przez kolejny rok, a p\u00f3\u017aniej s\u0142u\u017cy\u0142 drug\u0105, znacznie d\u0142u\u017csz\u0105 kadencj\u0119 jako premier w latach 1986-1992.<\/p>\n<\/blockquote>\n\n\n\n<p id=\"p_1_52\">Te niezwyk\u0142e ujawnienia historyczne by\u0142y wynikiem szeroko zakrojonych bada\u0144 Lenniego Brennera, antysyjonisty o perswazji trockistowskiej i \u017cydowskiego pochodzenia, kt\u00f3re opublikowa\u0142 w swojej ksi\u0105\u017cce&nbsp;<a href=\"https:\/\/www.amazon.com\/dp\/0985890991\/\"><em>Zionism in the Age of the Dictators<\/em><\/a>&nbsp;z 1983 r .&nbsp;<a href=\"https:\/\/www.amazon.com\/dp\/1569804338\/\"><em>51 Dokumenty: kolaboracja syjonist\u00f3w z nazistami<\/em><\/a>&nbsp;.<\/p>\n\n\n\n<blockquote class=\"wp-block-quote is-layout-flow wp-block-quote-is-layout-flow\">\n<figure class=\"wp-block-image\"><a href=\"https:\/\/www.unz.com\/wp-content\/uploads\/2018\/08\/SwastikaZionism.jpg\"><img decoding=\"async\" src=\"https:\/\/www.unz.com\/wp-content\/uploads\/2018\/08\/SwastikaZionism.jpg\" alt=\"\"\/><\/a><\/figure>\n\n\n\n<p id=\"p_1_53\">Na ok\u0142adce wydania ksi\u0105\u017cki Brennera w mi\u0119kkiej oprawie z 2014 r. widnieje pami\u0105tkowy medal wybity przez nazistowskie Niemcy dla oznaczenia ich syjonistycznego sojuszu, z gwiazd\u0105 Dawida na awersie i swastyk\u0105 na awersie.&nbsp;Ale, co dziwne, ten symboliczny medalion w rzeczywisto\u015bci nie mia\u0142 absolutnie \u017cadnego zwi\u0105zku z nieudanymi pr\u00f3bami ma\u0142ej frakcji Shamira zorganizowania nazistowskiego sojuszu wojskowego podczas II wojny \u015bwiatowej.<\/p>\n\n\n\n<p id=\"p_1_54\">Chocia\u017c Niemcy nie zwracali uwagi na b\u0142agania tej pomniejszej organizacji, znacznie wi\u0119kszy i bardziej wp\u0142ywowy g\u0142\u00f3wny nurt ruchu syjonistycznego Chaima Weizmanna i Davida Ben-Guriona by\u0142 czym\u015b zupe\u0142nie innym.&nbsp;I przez wi\u0119ksz\u0105 cz\u0119\u015b\u0107 lat trzydziestych ci inni syjoni\u015bci utworzyli wa\u017cne partnerstwo gospodarcze z nazistowskimi Niemcami, oparte na oczywistej wsp\u00f3lnocie interes\u00f3w.&nbsp;W ko\u0144cu Hitler uwa\u017ca\u0142 jednoprocentow\u0105 populacj\u0119 \u017cydowsk\u0105 Niemiec za destrukcyjny i potencjalnie niebezpieczny element, kt\u00f3rego chcia\u0142, aby znikn\u0105\u0142, a Bliski Wsch\u00f3d wydawa\u0142 si\u0119 dla nich r\u00f3wnie dobrym celem jak ka\u017cdy inny.&nbsp;Tymczasem syjoni\u015bci mieli bardzo podobne cele, a stworzenie ich nowej narodowej ojczyzny w Palestynie oczywi\u015bcie wymaga\u0142o zar\u00f3wno \u017cydowskich imigrant\u00f3w, jak i \u017cydowskich inwestycji finansowych.<\/p>\n\n\n\n<figure class=\"wp-block-image\"><a href=\"https:\/\/www.unz.com\/wp-content\/uploads\/2018\/08\/judea-declares-war-on-germany_ny.jpg\"><img decoding=\"async\" src=\"https:\/\/www.unz.com\/wp-content\/uploads\/2018\/08\/judea-declares-war-on-germany_ny.jpg\" alt=\"\"\/><\/a><\/figure>\n\n\n\n<p id=\"p_1_55\">Po tym, jak Hitler zosta\u0142 mianowany kanclerzem w 1933 r., oburzeni \u017bydzi na ca\u0142ym \u015bwiecie szybko rozpocz\u0119li bojkot gospodarczy, maj\u0105c nadziej\u0119, \u017ce rzuc\u0105 Niemcy na kolana, a londy\u0144ski Daily Express&nbsp;<em>zamie\u015bci\u0142<\/em>&nbsp;s\u0142ynny nag\u0142\u00f3wek \u201eJudea wypowiada wojn\u0119 Niemcom\u201d.&nbsp;\u017bydowskie wp\u0142ywy polityczne i gospodarcze, zar\u00f3wno wtedy, jak i teraz, by\u0142y bardzo znacz\u0105ce, a w g\u0142\u0119bi Wielkiego Kryzysu zubo\u017ca\u0142e Niemcy musia\u0142y eksportowa\u0107 lub umrze\u0107, wi\u0119c bojkot na du\u017c\u0105 skal\u0119 na g\u0142\u00f3wnych rynkach niemieckich stanowi\u0142 potencjalnie powa\u017cne zagro\u017cenie.&nbsp;Ale ta w\u0142a\u015bnie sytuacja da\u0142a grupom syjonistycznym doskona\u0142\u0105 okazj\u0119 do zaoferowania Niemcom sposobu na z\u0142amanie tego embarga handlowego i za\u017c\u0105da\u0142y korzystnych warunk\u00f3w eksportu wysokiej jako\u015bci niemieckich towar\u00f3w przemys\u0142owych do Palestyny \u200b\u200bwraz z towarzysz\u0105cymi im niemieckimi \u017bydami.&nbsp;Kiedy\u015b s\u0142owo tego majora<em>Ha&#8217;avara<\/em>&nbsp;, czyli \u201eUmowa transferowa\u201d z nazistami, zosta\u0142a og\u0142oszona na konwencji syjonistycznej w 1933 r., wielu \u017byd\u00f3w i syjonist\u00f3w by\u0142o oburzonych, co doprowadzi\u0142o do r\u00f3\u017cnych roz\u0142am\u00f3w i kontrowersji.&nbsp;Ale umowa gospodarcza by\u0142a zbyt dobra, by si\u0119 jej oprze\u0107, posuwa\u0142a si\u0119 naprz\u00f3d i szybko ros\u0142a.<\/p>\n\n\n\n<p id=\"p_1_56\">Znaczenie paktu nazistowsko-syjonistycznego dla ustanowienia Izraela jest trudne do przecenienia.&nbsp;Wed\u0142ug analizy z 1974 r. w&nbsp;<em>Jewish Frontier<\/em>&nbsp;cytowanej przez Brennera, w latach 1933-1939 ponad 60% wszystkich inwestycji w \u017cydowskiej Palestynie pochodzi\u0142o z nazistowskich Niemiec.&nbsp;\u015awiatowe zubo\u017cenie Wielkiego Kryzysu drastycznie zmniejszy\u0142o bie\u017c\u0105ce wsparcie finansowe \u017byd\u00f3w ze wszystkich innych \u017ar\u00f3de\u0142, a Brenner s\u0142usznie sugeruje, \u017ce bez wsparcia finansowego Hitlera rodz\u0105ca si\u0119 kolonia \u017cydowska, tak ma\u0142a i krucha, mog\u0142aby z \u0142atwo\u015bci\u0105 skurczy\u0107 si\u0119 i umrze\u0107 w tym trudnym okresie .<\/p>\n\n\n\n<p id=\"p_1_57\">Taki wniosek prowadzi do fascynuj\u0105cych hipotez.&nbsp;Kiedy po raz pierwszy natkn\u0105\u0142em si\u0119 na wzmianki o porozumieniu&nbsp;<em>z Ha&#8217;avara<\/em>&nbsp;na r\u00f3\u017cnych stronach internetowych, jeden z komentator\u00f3w poruszaj\u0105cych t\u0119 kwesti\u0119 na wp\u00f3\u0142 \u017cartem zasugerowa\u0142, \u017ce gdyby Hitler wygra\u0142 wojn\u0119, z pewno\u015bci\u0105 w ca\u0142ym Izraelu postawiono by mu pomniki, a on dzi\u015b by\u0107 rozpoznawany przez \u017byd\u00f3w na ca\u0142ym \u015bwiecie jako bohaterski przyw\u00f3dca goj\u00f3w, kt\u00f3ry odegra\u0142 g\u0142\u00f3wn\u0105 rol\u0119 w przywr\u00f3ceniu narodowej ojczyzny narodu \u017cydowskiego w Palestynie po prawie 2000 latach gorzkiego wygnania.<\/p>\n\n\n\n<p id=\"p_1_58\">Ten rodzaj zdumiewaj\u0105cej kontrfaktycznej mo\u017cliwo\u015bci nie jest nawet w przybli\u017ceniu tak absurdalny, jak mog\u0142oby si\u0119 wydawa\u0107 naszym wsp\u00f3\u0142czesnym uszom.&nbsp;Musimy zda\u0107 sobie spraw\u0119, \u017ce nasze historyczne rozumienie rzeczywisto\u015bci jest kszta\u0142towane przez media, a organy medialne s\u0105 kontrolowane przez zwyci\u0119zc\u00f3w g\u0142\u00f3wnych wojen i ich sojusznik\u00f3w, cz\u0119sto pomijaj\u0105c niewygodne szczeg\u00f3\u0142y, aby unikn\u0105\u0107 dezorientacji opinii publicznej.&nbsp;Niezaprzeczalnie prawd\u0105 jest, \u017ce w swojej ksi\u0105\u017cce&nbsp;<em>Mein Kampf z 1924 r<\/em>Hitler pisa\u0142 wszelkiego rodzaju wrogie i paskudne rzeczy o \u017bydach, zw\u0142aszcza tych, kt\u00f3rzy byli niedawnymi imigrantami z Europy Wschodniej, ale kiedy czyta\u0142em t\u0119 ksi\u0105\u017ck\u0119 w szkole \u015bredniej, by\u0142em troch\u0119 zaskoczony, gdy odkry\u0142em, \u017ce te anty\u017cydowskie nastroje prawie nie wydawa\u0142y si\u0119 w centrum jego tekstu.&nbsp;Co wi\u0119cej, zaledwie kilka lat wcze\u015bniej znacznie bardziej prominentna osoba publiczna, taka jak brytyjski minister Winston Churchill, opublikowa\u0142a&nbsp;<a href=\"http:\/\/www.fpp.co.uk\/bookchapters\/WSC\/WSCwrote1920.html\">nastroje niemal r\u00f3wnie wrogie i paskudne<\/a>&nbsp;, skupiaj\u0105c si\u0119 na potwornych zbrodniach pope\u0142nianych przez bolszewickich \u017byd\u00f3w.&nbsp;<em>We \u0142zach Ezawa<\/em>&nbsp;Alberta Lindemanna<em><\/em>Ze zdziwieniem odkry\u0142em, \u017ce autor s\u0142ynnej Deklaracji Balfoura, fundamentu projektu syjonistycznego, najwyra\u017aniej by\u0142 r\u00f3wnie\u017c do\u015b\u0107 wrogo nastawiony do \u017byd\u00f3w, a elementem jego motywacji by\u0142a prawdopodobnie ch\u0119\u0107 wykluczenia ich z Wielkiej Brytanii.<\/p>\n\n\n\n<p id=\"p_1_59\">Kiedy Hitler skonsolidowa\u0142 w\u0142adz\u0119 w Niemczech, szybko zdelegalizowa\u0142 wszystkie inne organizacje polityczne dla narodu niemieckiego, przy czym tylko partia nazistowska i nazistowskie symbole polityczne by\u0142y prawnie dozwolone.&nbsp;Ale specjalny wyj\u0105tek zosta\u0142 uczyniony dla niemieckich \u017byd\u00f3w, a lokalnej Partii Syjonistycznej w Niemczech przyznano pe\u0142ny status prawny, z marszami syjonistycznymi, syjonistycznymi mundurami i syjonistycznymi flagami, wszystko w pe\u0142ni dozwolone.&nbsp;Za Hitlera obowi\u0105zywa\u0142a \u015bcis\u0142a cenzura wszystkich niemieckich publikacji, ale tygodnik syjonistyczny by\u0142 swobodnie sprzedawany we wszystkich kioskach i na rogach ulic.&nbsp;Wydawa\u0142o si\u0119 jasne, \u017ce Niemiecka Partia Narodowo-Socjalistyczna jest w\u0142a\u015bciwym politycznym domem dla 99% niemieckiej wi\u0119kszo\u015bci w kraju, podczas gdy syjonistyczny narodowy socjalizm b\u0119dzie pe\u0142ni\u0107 t\u0119 sam\u0105 rol\u0119 dla male\u0144kiej mniejszo\u015bci \u017cydowskiej.<\/p>\n\n\n\n<p id=\"p_1_60\">W 1934 przyw\u00f3dcy syjonistyczni zaprosili wa\u017cnego funkcjonariusza SS do sp\u0119dzenia sze\u015bciu miesi\u0119cy w odwiedzinach w \u017cydowskim osadnictwie w Palestynie, a po jego powrocie jego bardzo pozytywne wra\u017cenia na temat rozwijaj\u0105cego si\u0119 syjonistycznego przedsi\u0119wzi\u0119cia zosta\u0142y opublikowane jako obszerna 12-cz\u0119\u015bciowa seria w Der Angriff Josepha&nbsp;<em>Goebbela<\/em>&nbsp;, sztandarowy organ medialny partii nazistowskiej, nosz\u0105cy opisowy tytu\u0142 \u201eNazista jedzie do Palestyny\u201d.&nbsp;W swojej bardzo w\u015bciek\u0142ej krytyce dzia\u0142alno\u015bci \u017cydowskich bolszewik\u00f3w z 1920 r. Churchill dowodzi\u0142, \u017ce syjonizm jest uwik\u0142any w zaciek\u0142\u0105 walk\u0119 z bolszewizmem o dusz\u0119 europejskiego \u017cydostwa i tylko jego zwyci\u0119stwo mo\u017ce zapewni\u0107 przyjazne przysz\u0142e stosunki mi\u0119dzy \u017bydami a Gojami.&nbsp;Na podstawie dost\u0119pnych dowod\u00f3w wydaje si\u0119, \u017ce Hitler i wielu innych przyw\u00f3dc\u00f3w nazistowskich doszli do nieco podobnych wniosk\u00f3w w po\u0142owie lat trzydziestych.<\/p>\n<\/blockquote>\n\n\n\n<blockquote class=\"wp-block-quote is-layout-flow wp-block-quote-is-layout-flow\">\n<p id=\"p_1_61\">Bardzo niewygodna prawda jest taka, \u017ce \u200b\u200bsurowa charakterystyka diaspory \u017cydowskiej, kt\u00f3r\u0105 mo\u017cna znale\u017a\u0107 na \u0142amach&nbsp;<em>Mein Kampf<\/em>&nbsp;, nie r\u00f3\u017cni\u0142a si\u0119 zbytnio od tego, co g\u0142osili ojcowie za\u0142o\u017cyciele syjonizmu i jego p\u00f3\u017aniejsi przyw\u00f3dcy, wi\u0119c wsp\u00f3\u0142praca tych dw\u00f3ch ruch\u00f3w ideologicznych nie by\u0142a tak ca\u0142kowicie zaskakuj\u0105cy.<\/p>\n<\/blockquote>\n\n\n\n<blockquote class=\"wp-block-quote is-layout-flow wp-block-quote-is-layout-flow\">\n<p id=\"p_1_62\">Do\u015b\u0107 ironiczna by\u0142a r\u00f3wnie\u017c rola Adolfa Eichmanna, kt\u00f3rego nazwisko jest dzi\u015b prawdopodobnie jednym z p\u00f3\u0142 tuzina najs\u0142ynniejszych nazist\u00f3w w historii, ze wzgl\u0119du na jego porwanie w 1960 roku przez izraelskich agent\u00f3w, po kt\u00f3rym nast\u0105pi\u0142 publiczny pokazowy proces i egzekucja jako wojna -kryminalista.&nbsp;Tak si\u0119 z\u0142o\u017cy\u0142o, \u017ce Eichmann by\u0142 centraln\u0105 postaci\u0105 nazist\u00f3w w sojuszu syjonistycznym, studiowa\u0142 nawet hebrajski i najwyra\u017aniej sta\u0142 si\u0119 kim\u015b w rodzaju filosemity w latach bliskiej wsp\u00f3\u0142pracy z czo\u0142owymi przyw\u00f3dcami syjonistycznymi.<\/p>\n\n\n\n<p id=\"p_1_63\">Brenner jest wi\u0119\u017aniem swojej ideologii i przekona\u0144, akceptuj\u0105c bez w\u0105tpienia narracj\u0119 historyczn\u0105, w kt\u00f3rej zosta\u0142 wychowany.&nbsp;Wydaje si\u0119, \u017ce nie widzi nic dziwnego w tym, \u017ce Eichmann by\u0142 filosemickim partnerem \u017cydowskich syjonist\u00f3w pod koniec lat 30. Izraelczycy p\u00f3\u017aniej s\u0142usznie skazali go na \u015bmier\u0107.<\/p>\n\n\n\n<p id=\"p_1_64\">Jest to z pewno\u015bci\u0105 mo\u017cliwe, ale naprawd\u0119 si\u0119 zastanawiam.&nbsp;Bardziej cyniczny obserwator m\u00f3g\u0142by uzna\u0107 za bardzo dziwny zbieg okoliczno\u015bci, \u017ce pierwszym znanym nazist\u0105, kt\u00f3rego Izraelczycy podj\u0119li taki wysi\u0142ek, by wy\u015bledzi\u0107 i zabi\u0107, by\u0142 ich najbli\u017cszym by\u0142ym politycznym sojusznikiem i wsp\u00f3\u0142pracownikiem.&nbsp;Po kl\u0119sce Niemiec Eichmann uciek\u0142 do Argentyny i \u017cy\u0142 tam spokojnie przez kilka lat, dop\u00f3ki jego nazwisko nie pojawi\u0142o si\u0119 ponownie w s\u0142ynnej kontrowersji w po\u0142owie lat pi\u0119\u0107dziesi\u0105tych wok\u00f3\u0142 jednego z jego czo\u0142owych syjonistycznych partner\u00f3w, mieszkaj\u0105cego w\u00f3wczas w Izraelu jako szanowany urz\u0119dnik pa\u0144stwowy, kt\u00f3ry zosta\u0142 zadenuncjowany jako nazistowski kolaborant, ostatecznie uznany za niewinnego po s\u0142ynnym procesie, ale p\u00f3\u017aniej zamordowany przez by\u0142ych cz\u0142onk\u00f3w frakcji Shamira.<\/p>\n\n\n\n<p id=\"p_1_65\">W nast\u0119pstwie tej kontrowersji w Izraelu Eichmann rzekomo udzieli\u0142 d\u0142ugiego osobistego wywiadu holenderskiemu nazistowskiemu dziennikarzowi i chocia\u017c nie zosta\u0142 on w\u00f3wczas opublikowany, by\u0107 mo\u017ce wie\u015b\u0107 o jego istnieniu mog\u0142a dosta\u0107 si\u0119 do obiegu.&nbsp;Nowe pa\u0144stwo Izrael mia\u0142o w\u00f3wczas zaledwie kilka lat i by\u0142o bardzo kruche politycznie i ekonomicznie, desperacko uzale\u017cnione od dobrej woli i wsparcia Ameryki oraz darczy\u0144c\u00f3w \u017cydowskich na ca\u0142ym \u015bwiecie.&nbsp;Ich niezwyk\u0142y by\u0142y nazistowski sojusz by\u0142 g\u0142\u0119boko ukrywan\u0105 tajemnic\u0105, kt\u00f3rej publiczne ujawnienie mog\u0142o mie\u0107 absolutnie katastrofalne konsekwencje.<\/p>\n\n\n\n<p id=\"p_1_66\">Zgodnie z wersj\u0105 wywiadu opublikowan\u0105 p\u00f3\u017aniej jako dwucz\u0119\u015bciowa historia w&nbsp;<em>Life Magazine<\/em>, wypowiedzi Eichmanna najwyra\u017aniej nie dotyka\u0142y \u015bmierciono\u015bnego tematu partnerstwa nazistowsko-syjonistycznego z lat 30. XX wieku.&nbsp;Ale z pewno\u015bci\u0105 izraelscy przyw\u00f3dcy musieli by\u0107 przera\u017ceni, \u017ce nast\u0119pnym razem mog\u0105 nie mie\u0107 tyle szcz\u0119\u015bcia, wi\u0119c mo\u017cemy spekulowa\u0107, \u017ce eliminacja Eichmanna nagle sta\u0142a si\u0119 najwy\u017cszym narodowym priorytetem, a on zosta\u0142 wytropiony i schwytany w 1960 roku. Przypuszczalnie zastosowano brutalne \u015brodki, aby przekona\u0107 go, aby nie ujawnia\u0142 \u017cadnej z tych niebezpiecznych przedwojennych tajemnic podczas procesu jerozolimskiego, i mo\u017cna by si\u0119 zastanawia\u0107, czy powodem, dla kt\u00f3rego s\u0142yn\u0105\u0142 z tego, \u017ce by\u0142 przetrzymywany w zamkni\u0119tej szklanej kabinie, by\u0142o zapewnienie, \u017ce d\u017awi\u0119k mo\u017ce zosta\u0107 szybko odci\u0119ty, je\u015bli zacznie b\u0142\u0105dzi\u0107 z uzgodnionego scenariusza.&nbsp;Ca\u0142a ta analiza jest czysto spekulacyjna, ale rola Eichmanna jako centralnej postaci w partnerstwie nazistowsko-syjonistycznym lat 30. jest niezaprzeczalnym faktem historycznym.<\/p>\n<\/blockquote>\n\n\n\n<ul class=\"wp-block-list\">\n<li><a href=\"https:\/\/www.unz.com\/runz\/american-pravda-jews-and-nazis\/\">American Pravda: \u017bydzi i nazi\u015bci<\/a><br>Ron Unz \u2022&nbsp;<em><strong>The Unz Review<\/strong><\/em>&nbsp;\u2022 6 sierpnia 2018 r. \u2022 6800 s\u0142\u00f3w<\/li>\n<\/ul>\n\n\n\n<h2 class=\"wp-block-heading\"><a href=\"https:\/\/www.unz.com\/runz\/more-falsehoods-of-world-war-ii\/#hitler-s-jewish-soldiers\">\u017bydowscy \u017co\u0142nierze Hitlera<\/a><\/h2>\n\n\n\n<blockquote class=\"wp-block-quote is-layout-flow wp-block-quote-is-layout-flow\">\n<p id=\"p_1_67\">Po rozpocz\u0119ciu II wojny \u015bwiatowej to partnerstwo nazistowsko-syjonistyczne szybko si\u0119 rozpad\u0142o z oczywistych powod\u00f3w.&nbsp;Niemcy by\u0142y teraz w stanie wojny z Imperium Brytyjskim, a transfery finansowe do kontrolowanej przez Brytyjczyk\u00f3w Palestyny \u200b\u200bnie by\u0142y ju\u017c mo\u017cliwe.&nbsp;Co wi\u0119cej, arabscy \u200b\u200bPalesty\u0144czycy stali si\u0119 do\u015b\u0107 wrogo nastawieni do \u017cydowskich imigrant\u00f3w, kt\u00f3rych s\u0142usznie obawiali si\u0119, \u017ce w ko\u0144cu mog\u0105 ich wysiedli\u0107, a kiedy Niemcy zostali zmuszeni do wyboru mi\u0119dzy utrzymaniem stosunk\u00f3w ze stosunkowo niewielkim ruchem syjonistycznym a zdobyciem politycznej sympatii ogromnego morza Arabowie i muzu\u0142manie z Bliskiego Wschodu, ich decyzja by\u0142a naturalna.&nbsp;Syjoni\u015bci stan\u0119li przed podobnym wyborem, a zw\u0142aszcza gdy propaganda wojenna zacz\u0119\u0142a tak mocno oczernia\u0107 rz\u0105dy Niemiec i W\u0142och, ich wieloletnie partnerstwo nie by\u0142o czym\u015b, co chcieli, aby by\u0142o szeroko znane.<\/p>\n\n\n\n<p id=\"p_1_68\">Jednak dok\u0142adnie w tym samym momencie na pierwszy plan wysun\u0105\u0142 si\u0119 nieco inny i r\u00f3wnie dawno zapomniany zwi\u0105zek mi\u0119dzy \u017bydami a nazistowskimi Niemcami.<\/p>\n\n\n\n<p id=\"p_1_69\">Jak wi\u0119kszo\u015b\u0107 ludzi na ca\u0142ym \u015bwiecie, przeci\u0119tny Niemiec, czy to \u017byd, czy nie-\u017byd, prawdopodobnie nie by\u0142 a\u017c tak polityczny i chocia\u017c syjonizmowi przez lata przyznano uprzywilejowane miejsce w spo\u0142ecze\u0144stwie niemieckim, nie jest do ko\u0144ca jasne, ilu zwyk\u0142ych niemieckich \u017byd\u00f3w przywi\u0105zywa\u0142o du\u017c\u0105 wag\u0119 do To.&nbsp;Dziesi\u0105tki tysi\u0119cy, kt\u00f3re wyemigrowa\u0142y do \u200b\u200bPalestyny \u200b\u200bw tym okresie, by\u0142y prawdopodobnie motywowane zar\u00f3wno presj\u0105 ekonomiczn\u0105, jak i zaanga\u017cowaniem ideologicznym.&nbsp;Ale czas wojny zmieni\u0142 sprawy w inny spos\u00f3b.<\/p>\n\n\n\n<figure class=\"wp-block-image\"><a href=\"https:\/\/www.amazon.com\/dp\/0700613587\/\"><img decoding=\"async\" src=\"https:\/\/images-na.ssl-images-amazon.com\/images\/I\/51EMsRMwJnL.jpg\" alt=\"\"\/><\/a><\/figure>\n\n\n\n<p id=\"p_1_70\">By\u0142o to jeszcze bardziej prawdziwe w przypadku rz\u0105du niemieckiego.&nbsp;Wybuch wojny \u015bwiatowej przeciwko pot\u0119\u017cnej koalicji imperi\u00f3w brytyjskiego i francuskiego, wzmocnionej p\u00f3\u017aniej zar\u00f3wno przez Rosj\u0119 Sowieck\u0105, jak i Stany Zjednoczone, wywar\u0142 ogromne naciski, kt\u00f3re cz\u0119sto potrafi\u0142y przezwyci\u0119\u017cy\u0107 skrupu\u0142y ideologiczne.&nbsp;Kilka lat temu odkry\u0142em fascynuj\u0105c\u0105 ksi\u0105\u017ck\u0119 Bryana Marka Rigga z 2002 roku,&nbsp;<a href=\"https:\/\/www.amazon.com\/dp\/0700613587\/\"><em>\u017bydowscy \u017co\u0142nierze Hitlera<\/em><\/a>&nbsp;, naukow\u0105 analiz\u0119 tego, co sugeruje tytu\u0142.&nbsp;O jako\u015bci tej kontrowersyjnej analizy historycznej \u015bwiadcz\u0105 entuzjastyczne opisy wielu ekspert\u00f3w akademickich oraz niezwykle przychylne traktowanie przez wybitnego uczonego w&nbsp;<em>The American Historical Review<\/em>&nbsp;.<\/p>\n\n\n\n<p id=\"p_1_71\">Oczywi\u015bcie ideologia nazistowska by\u0142a w przewa\u017caj\u0105cej mierze skoncentrowana na rasie i uwa\u017ca\u0142a czysto\u015b\u0107 rasow\u0105 za kluczowy czynnik sp\u00f3jno\u015bci narodowej.&nbsp;Osoby posiadaj\u0105ce istotne nieniemieckie pochodzenie by\u0142y traktowane z du\u017c\u0105 podejrzliwo\u015bci\u0105, a troska ta by\u0142a znacznie wi\u0119ksza, je\u015bli ta domieszka by\u0142a \u017bydami.&nbsp;Ale w walce militarnej przeciwko przeciwnej koalicji, dysponuj\u0105cej wielokrotnie wi\u0119ksz\u0105 liczb\u0105 ludno\u015bci i zasobami przemys\u0142owymi Niemiec, takie czynniki ideologiczne mo\u017cna przezwyci\u0119\u017cy\u0107 wzgl\u0119dami praktycznymi, a Rigg przekonuj\u0105co argumentuje, \u017ce oko\u0142o 150 000 p\u00f3\u0142- lub \u0107wier\u0107-\u017byd\u00f3w s\u0142u\u017cy\u0142o w si\u0142ach zbrojnych III Rzeszy. Reicha, odsetek prawdopodobnie niewiele r\u00f3\u017cni\u0105cy si\u0119 od ich udzia\u0142u w og\u00f3lnej populacji w wieku wojskowym.<\/p>\n\n\n\n<p id=\"p_1_72\">Od dawna zintegrowana i zasymilowana ludno\u015b\u0107 \u017cydowska Niemiec zawsze by\u0142a nieproporcjonalnie miejska, zamo\u017cna i dobrze wykszta\u0142cona.&nbsp;W konsekwencji nie jest ca\u0142kowicie zaskakuj\u0105ce, \u017ce du\u017ca cz\u0119\u015b\u0107 tych p\u00f3\u0142-\u017cydowskich \u017co\u0142nierzy, kt\u00f3rzy s\u0142u\u017cyli Hitlerowi, by\u0142a w rzeczywisto\u015bci oficerami bojowymi, a nie tylko szeregowymi poborowymi, a w\u015br\u00f3d nich by\u0142o co najmniej 15 p\u00f3\u0142-\u017cydowskich genera\u0142\u00f3w i admira\u0142\u00f3w oraz inny kilkunastu \u0107wier\u0107-\u017byd\u00f3w zajmuj\u0105cych te same wysokie stopnie.&nbsp;Najbardziej godnym uwagi przyk\u0142adem by\u0142 feldmarsza\u0142ek Erhard Milch, pot\u0119\u017cny zast\u0119pca dow\u00f3dcy Hermanna Goeringa, kt\u00f3ry odegra\u0142 tak wa\u017cn\u0105 rol\u0119 operacyjn\u0105 w tworzeniu Luftwaffe.&nbsp;Milch z pewno\u015bci\u0105 mia\u0142 \u017cydowskiego ojca, a wed\u0142ug niekt\u00f3rych znacznie mniej uzasadnionych twierdze\u0144 by\u0107 mo\u017ce nawet \u017cydowsk\u0105 matk\u0119, podczas gdy jego siostra by\u0142a \u017con\u0105 genera\u0142a SS.<\/p>\n\n\n\n<p id=\"p_1_73\">Trzeba przyzna\u0107, \u017ce sama elita rasowa SS na og\u00f3\u0142 mia\u0142a znacznie surowsze standardy dotycz\u0105ce przodk\u00f3w, z nawet \u015bladem niearyjskiego pochodzenia, zwykle postrzeganego jako dyskwalifikuj\u0105cy jednostk\u0119 z cz\u0142onkostwa.&nbsp;Ale nawet tutaj sytuacja by\u0142a czasami skomplikowana, poniewa\u017c kr\u0105\u017cy\u0142y pog\u0142oski, \u017ce Reinhard Heydrich, drugorz\u0119dna posta\u0107 w tej bardzo pot\u0119\u017cnej organizacji, w rzeczywisto\u015bci mia\u0142 znaczne \u017cydowskie pochodzenie.&nbsp;Rigg bada to twierdzenie, nie dochodz\u0105c do \u017cadnych jednoznacznych wniosk\u00f3w, chocia\u017c wydaje mu si\u0119, \u017ce wydaje si\u0119, \u017ce poszlaki mog\u0142y zosta\u0107 wykorzystane przez inne wysoko postawione osobisto\u015bci nazistowskie jako punkt zaczepienia lub szanta\u017cu przeciwko Heydrichowi, kt\u00f3ry by\u0142 jednym z najbardziej wa\u017cne postaci III Rzeszy.<\/p>\n\n\n\n<p id=\"p_1_74\">Dodatkow\u0105 ironi\u0105 jest to, \u017ce wi\u0119kszo\u015b\u0107 z tych os\u00f3b wywodzi\u0142a swoje \u017cydowskie pochodzenie od ojca, a nie od matki, wi\u0119c chocia\u017c nie byli \u017bydami zgodnie z prawem rabinicznym, ich nazwiska rodowe cz\u0119sto odzwierciedla\u0142y ich cz\u0119\u015bciowo semickie pochodzenie, chocia\u017c w wielu przypadkach w\u0142adze nazistowskie pr\u00f3bowa\u0142y starannie przeoczy\u0107 t\u0119 ra\u017c\u0105co oczywist\u0105 sytuacj\u0119.&nbsp;Jako skrajny przyk\u0142ad odnotowany przez akademickiego recenzenta ksi\u0105\u017cki, p\u00f3\u0142-\u017byd o wyra\u017anie niearyjskim nazwisku Werner Goldberg faktycznie umie\u015bci\u0142 swoje zdj\u0119cie w nazistowskiej gazecie propagandowej z 1939 roku, z podpisem opisuj\u0105cym go jako \u201eIdealny \u017bo\u0142nierz niemiecki\u201d.<\/p>\n\n\n\n<p id=\"p_1_75\">Autor przeprowadzi\u0142 ponad 400 osobistych wywiad\u00f3w z ocala\u0142ymi p\u00f3\u0142-\u017bydami i ich krewnymi, kt\u00f3re da\u0142y bardzo mieszany obraz trudno\u015bci, jakie napotkali w czasach re\u017cimu nazistowskiego, kt\u00f3re r\u00f3\u017cni\u0142y si\u0119 ogromnie w zale\u017cno\u015bci od konkretnych okoliczno\u015bci i osobowo\u015bci os\u00f3b u w\u0142adzy nad nimi.&nbsp;Jednym z wa\u017cnych \u017ar\u00f3de\u0142 skarg by\u0142o to, \u017ce ze wzgl\u0119du na sw\u00f3j status cz\u0119\u015bciowo \u017bydom cz\u0119sto odmawiano honor\u00f3w wojskowych lub awans\u00f3w, na kt\u00f3re s\u0142usznie zas\u0142u\u017cyli.&nbsp;Jednak w szczeg\u00f3lnie sprzyjaj\u0105cych warunkach mogli r\u00f3wnie\u017c zosta\u0107 prawnie przeklasyfikowani na \u201eniemieck\u0105 krew\u201d, co oficjalnie wyeliminowa\u0142o jak\u0105kolwiek skaz\u0119 na ich statusie.<\/p>\n\n\n\n<p id=\"p_1_76\">Wydaje si\u0119, \u017ce nawet oficjalna polityka by\u0142a do\u015b\u0107 sprzeczna i chwiejna.&nbsp;Na przyk\u0142ad, kiedy zwr\u00f3cono uwag\u0119 Hitlera na cywilne upokorzenia wyrz\u0105dzane czasami w pe\u0142ni \u017cydowskim rodzicom s\u0142u\u017c\u0105cych p\u00f3\u0142-\u017byd\u00f3w, uzna\u0142 t\u0119 sytuacj\u0119 za nie do zniesienia, o\u015bwiadczaj\u0105c, \u017ce albo tacy rodzice musz\u0105 by\u0107 w pe\u0142ni chronieni przed tymi zniewagami, albo wszyscy p\u00f3\u0142-\u017bydzi musia\u0142 zosta\u0107 zwolniony, a ostatecznie w kwietniu 1940 r. wyda\u0142 dekret nakazuj\u0105cy to drugie.&nbsp;Jednak ten rozkaz zosta\u0142 w du\u017cej mierze zignorowany przez wielu dow\u00f3dc\u00f3w lub wdro\u017cony poprzez system honoru, kt\u00f3ry prawie sprowadza\u0142 si\u0119 do \u201enie pytaj, nie m\u00f3w\u201d, wi\u0119c znaczna cz\u0119\u015b\u0107 p\u00f3\u0142-\u017byd\u00f3w pozosta\u0142a w wojsku, je\u015bli sobie tego \u017cyczyli .&nbsp;A potem w lipcu 1941 roku Hitler nieco si\u0119 zmieni\u0142,<\/p>\n\n\n\n<p id=\"p_1_77\">M\u00f3wi si\u0119, \u017ce po tym, jak pojawi\u0142y si\u0119 pytania o \u017cydowskie pochodzenie niekt\u00f3rych jego podw\u0142adnych, Goering ze z\u0142o\u015bci\u0105 odpowiedzia\u0142 kiedy\u015b: \u201eJa zdecyduj\u0119, kto jest \u017bydem!\u201d&nbsp;i wydaje si\u0119, \u017ce taka postawa dobrze oddaje cz\u0119\u015b\u0107 z\u0142o\u017cono\u015bci i subiektywnej natury sytuacji spo\u0142ecznej.<\/p>\n\n\n\n<p id=\"p_1_78\">Co ciekawe, wielu p\u00f3\u0142-\u017byd\u00f3w, z kt\u00f3rymi rozmawia\u0142 Rigg, wspomina\u0142o, \u017ce przed doj\u015bciem Hitlera do w\u0142adzy, mieszane ma\u0142\u017ce\u0144stwa ich rodzic\u00f3w cz\u0119sto wywo\u0142ywa\u0142y znacznie wi\u0119ksz\u0105 wrogo\u015b\u0107 ze strony \u017cydowskiej, a nie gojowskiej strony ich rodzin, co sugeruje, \u017ce nawet w mocno zasymilowanych Niemczech, tradycyjna \u017cydowska tendencja do etnicznej ekskluzywno\u015bci wci\u0105\u017c pozostawa\u0142a pot\u0119\u017cnym czynnikiem w tej spo\u0142eczno\u015bci.<\/p>\n\n\n\n<p id=\"p_1_79\">Chocia\u017c p\u00f3\u0142-\u017bydzi w niemieckiej s\u0142u\u017cbie wojskowej z pewno\u015bci\u0105 podlegali r\u00f3\u017cnym formom z\u0142ego traktowania i dyskryminacji, by\u0107 mo\u017ce powinni\u015bmy por\u00f3wna\u0107 to z analogiczn\u0105 sytuacj\u0105 w naszej w\u0142asnej armii w tych samych latach w odniesieniu do japo\u0144skiej lub czarnej mniejszo\u015bci w Ameryce.&nbsp;W tamtej epoce ma\u0142\u017ce\u0144stwa mieszane na tle rasowym by\u0142y prawnie zabronione w du\u017cej cz\u0119\u015bci Stan\u00f3w Zjednoczonych, wi\u0119c populacja ras mieszanych w tych grupach albo prawie nie istnia\u0142a, albo mia\u0142a bardzo r\u00f3\u017cne pochodzenie.&nbsp;A kiedy Amerykanom pochodzenia japo\u0144skiego pozwolono opu\u015bci\u0107 obozy koncentracyjne z czas\u00f3w wojny i zaci\u0105gn\u0105\u0107 si\u0119 do wojska, byli ca\u0142kowicie ograniczeni do oddzielnych jednostek ca\u0142kowicie japo\u0144skich, ale z oficerami na og\u00f3\u0142 bia\u0142ymi.&nbsp;W mi\u0119dzyczasie czarni byli prawie ca\u0142kowicie wykluczeni ze s\u0142u\u017cby bojowej, chocia\u017c czasami pe\u0142nili \u015bci\u015ble oddzielone role pomocnicze.&nbsp;Pogl\u0105d, \u017ce Amerykanin z jakimikolwiek zauwa\u017calnymi \u015bladami afryka\u0144skiego, japo\u0144skiego lub chi\u0144skiego pochodzenia m\u00f3g\u0142by s\u0142u\u017cy\u0107 jako genera\u0142 lub nawet oficer w armii ameryka\u0144skiej, a tym samym sprawowa\u0107 w\u0142adz\u0119 dowodzenia nad bia\u0142ymi oddzia\u0142ami ameryka\u0144skimi, by\u0142by prawie nie do pomy\u015blenia.&nbsp;Kontrast z praktykami armii Hitlera jest zupe\u0142nie inny ni\u017c to, w co Amerykanie mog\u0105 naiwnie wierzy\u0107.<\/p>\n\n\n\n<p id=\"p_1_80\">Ten paradoks nie jest tak zaskakuj\u0105cy, jak mog\u0142oby si\u0119 wydawa\u0107.&nbsp;Pozaekonomiczne podzia\u0142y w spo\u0142ecze\u0144stwach europejskich prawie zawsze opiera\u0142y si\u0119 raczej na religii, j\u0119zyku i kulturze ni\u017c na pochodzeniu rasowym, a ponad tysi\u0105cletnia tradycja spo\u0142eczna nie mog\u0142a by\u0107 \u0142atwo zmieciona przez zaledwie p\u00f3\u0142 tuzina lat narodowych Ideologia socjalistyczna.&nbsp;We wszystkich tych wcze\u015bniejszych wiekach szczerze ochrzczony \u017byd, czy to w Niemczech, czy gdzie indziej, by\u0142 zwykle uwa\u017cany za tak samo dobrego chrze\u015bcijanina jak ka\u017cdy inny.&nbsp;Na przyk\u0142ad Tomas de Torquemada, najbardziej przera\u017caj\u0105ca posta\u0107 budz\u0105cej postrach hiszpa\u0144skiej inkwizycji, faktycznie pochodzi\u0142 z rodziny nawr\u00f3conych \u017byd\u00f3w.<\/p>\n\n\n\n<p id=\"p_1_81\">Nawet szersze r\u00f3\u017cnice rasowe nie by\u0142y uwa\u017cane za decyduj\u0105ce.&nbsp;Niekt\u00f3rzy z najwi\u0119kszych bohater\u00f3w poszczeg\u00f3lnych kultur narodowych, tacy jak Aleksander Puszkin z Rosji i Aleksandr Dumas z Francji, byli osobami o znacz\u0105cym czarnym afryka\u0144skim pochodzeniu iz pewno\u015bci\u0105 nie by\u0142o to uwa\u017cane za jak\u0105kolwiek cech\u0119 dyskwalifikuj\u0105c\u0105.<\/p>\n\n\n\n<p id=\"p_1_82\">Dla kontrastu, spo\u0142ecze\u0144stwo ameryka\u0144skie od samego pocz\u0105tku zawsze by\u0142o ostro podzielone ze wzgl\u0119du na ras\u0119, a inne r\u00f3\u017cnice generalnie stanowi\u0142y znacznie mniejsze przeszkody dla ma\u0142\u017ce\u0144stw mieszanych i fuzji.&nbsp;Widzia\u0142em szeroko rozpowszechnione twierdzenia, \u017ce \u200b\u200bkiedy Trzecia Rzesza opracowa\u0142a swoje ustawy norymberskie z 1935 r., ograniczaj\u0105ce ma\u0142\u017ce\u0144stwa i inne uk\u0142ady spo\u0142eczne mi\u0119dzy Aryjczykami, nie-Aryjczykami i cz\u0119\u015bciowo Aryjczykami, jej eksperci korzystali z niekt\u00f3rych z d\u0142ugiego do\u015bwiadczenia prawnego Ameryki w podobnych sprawach, i to wydaje si\u0119 ca\u0142kiem prawdopodobny.&nbsp;Zgodnie z tym nowym nazistowskim statutem istniej\u0105ce wcze\u015bniej ma\u0142\u017ce\u0144stwa mieszane otrzyma\u0142y pewn\u0105 ochron\u0119 prawn\u0105, ale odt\u0105d \u017bydzi i p\u00f3\u0142-\u017bydzi mogli \u017ceni\u0107 si\u0119 tylko ze sob\u0105, podczas gdy \u0107wier\u0107-\u017bydzi mogli \u017ceni\u0107 si\u0119 tylko ze zwyk\u0142ymi Aryjczykami.&nbsp;Oczywistym zamiarem by\u0142o wch\u0142oni\u0119cie tej ostatniej grupy do g\u0142\u00f3wnego nurtu niemieckiego spo\u0142ecze\u0144stwa, przy jednoczesnej izolacji bardziej \u017cydowskiej populacji.<\/p>\n<\/blockquote>\n\n\n\n<blockquote class=\"wp-block-quote is-layout-flow wp-block-quote-is-layout-flow\">\n<p id=\"p_1_83\">W ci\u0105gu ostatnich kilku lat wielu zewn\u0119trznych obserwator\u00f3w zauwa\u017cy\u0142o na poz\u00f3r bardzo dziwn\u0105 sytuacj\u0119 polityczn\u0105 na Ukrainie.&nbsp;Ten nieszcz\u0119sny kraj posiada pot\u0119\u017cne grupy bojownik\u00f3w, kt\u00f3rych publiczne symbole, deklarowana ideologia i pochodzenie polityczne jednoznacznie okre\u015blaj\u0105 je jako neonazist\u00f3w.&nbsp;Jednak te&nbsp;<a href=\"https:\/\/www.newsweek.com\/evidence-war-crimes-committed-ukrainian-nationalist-volunteers-grows-269604\">brutalne elementy neonazistowskie s\u0105 finansowane i kontrolowane<\/a>&nbsp;przez&nbsp;<a href=\"https:\/\/en.wikipedia.org\/wiki\/Ihor_Kolomoyskyi\">\u017cydowskiego oligarch\u0119<\/a>&nbsp;, kt\u00f3ry posiada podw\u00f3jne obywatelstwo izraelskie.&nbsp;Co wi\u0119cej, ten osobliwy sojusz zosta\u0142 po\u0142o\u017cny i pob\u0142ogos\u0142awiony przez niekt\u00f3re z czo\u0142owych ameryka\u0144skich postaci \u017cydowskiego neokonserwatyzmu, takie jak Victoria Nuland, kt\u00f3re z powodzeniem wykorzysta\u0142y swoje wp\u0142ywy w mediach, aby trzyma\u0107 takie wybuchowe fakty z dala od ameryka\u0144skiej opinii publicznej.<\/p>\n\n\n\n<p id=\"p_1_84\">Na pierwszy rzut oka&nbsp;<a href=\"https:\/\/www.haaretz.com\/israel-news\/rights-groups-demand-israel-stop-arming-neo-nazis-in-the-ukraine-1.6248727\">bliski zwi\u0105zek mi\u0119dzy \u017cydowskimi Izraelczykami a europejskimi neonazistami<\/a>&nbsp;wydaje si\u0119 tak groteskowym i dziwacznym mezaliansem, jak tylko mo\u017cna sobie wyobrazi\u0107, ale po niedawnej lekturze fascynuj\u0105cej ksi\u0105\u017cki Brennera moja perspektywa znacznie si\u0119 zmieni\u0142a.&nbsp;Istotnie, g\u0142\u00f3wna r\u00f3\u017cnica mi\u0119dzy wtedy a teraz polega na tym, \u017ce w latach trzydziestych XX wieku frakcje syjonistyczne stanowi\u0142y bardzo nieistotnego m\u0142odszego partnera pot\u0119\u017cnej Trzeciej Rzeszy, podczas gdy obecnie to nazi\u015bci pe\u0142ni\u0105 rol\u0119 gorliwych b\u0142agaczy pot\u0119\u017cnej pot\u0119gi mi\u0119dzynarodowego syjonizmu , kt\u00f3ry obecnie tak mocno dominuje w ameryka\u0144skim systemie politycznym, a przez niego w znacznej cz\u0119\u015bci \u015bwiata.<\/p>\n<\/blockquote>\n\n\n\n<ul class=\"wp-block-list\">\n<li><a href=\"https:\/\/www.unz.com\/runz\/american-pravda-jews-and-nazis\/\">American Pravda: \u017bydzi i nazi\u015bci<\/a><br>Ron Unz \u2022&nbsp;<em><strong>The Unz Review<\/strong><\/em>&nbsp;\u2022 6 sierpnia 2018 r. \u2022 6800 s\u0142\u00f3w<\/li>\n<\/ul>\n\n\n\n<p id=\"p_1_85\">Kilka lat temu zetkn\u0105\u0142em si\u0119 z inn\u0105 uderzaj\u0105co ironiczn\u0105 winiet\u0105, prawie ca\u0142kowicie wykluczon\u0105 z naszych g\u0142\u00f3wnych historii.<\/p>\n\n\n\n<p id=\"p_1_86\">Czytaj\u0105c wojenne relacje rz\u0105du brytyjskiego, natkn\u0105\u0142em si\u0119 na&nbsp;<a href=\"https:\/\/en.wikipedia.org\/wiki\/Leo_Amery\">Leo Amery&#8217;ego<\/a>&nbsp;, wybitn\u0105 brytyjsk\u0105 posta\u0107 polityczn\u0105 i jednego z najbli\u017cszych przyjaci\u00f3\u0142 Churchilla na ca\u0142e \u017cycie, kt\u00f3ry ostatecznie s\u0142u\u017cy\u0142 jako cz\u0142onek brytyjskiego gabinetu.&nbsp;By\u0142 r\u00f3wnie\u017c potajemnie pochodzenia \u017cydowskiego i wed\u0142ug niekt\u00f3rych relacji by\u0142 osob\u0105, kt\u00f3ra faktycznie opracowa\u0142a Deklaracj\u0119 Balfoura, kt\u00f3ra by\u0142a podstaw\u0105 do utworzenia pa\u0144stwa Izrael.<\/p>\n\n\n\n<p id=\"p_1_87\">Ale, co dziwne, w innych moich lekturach odkry\u0142em r\u00f3wnie\u017c, \u017ce podczas II wojny \u015bwiatowej&nbsp;<a href=\"https:\/\/en.wikipedia.org\/wiki\/Leo_Amery#Personal_life\">najstarszy syn Amery&#8217;ego, John, sta\u0142 si\u0119 wielkim zwolennikiem Adolfa Hitlera<\/a>&nbsp;.&nbsp;W rezultacie uciek\u0142 do nazistowskich Niemiec i s\u0142u\u017cy\u0142 jako czo\u0142owy nadawca propagandy wojennej III Rzeszy, p\u00f3\u017aniej powieszony przez Brytyjczyk\u00f3w jako zdrajca.<\/p>\n\n\n\n<p id=\"p_1_88\">Wszystkie nasze standardowe podr\u0119czniki historii zawsze wspominaj\u0105 o powojennej egzekucji brytyjskiego nazistowskiego nadawcy \u201eLorda Haw-Haw\u201d, ca\u0142kowicie nieznanej osoby, ale dziwnie pomijaj\u0105 podobny los Johna Amery&#8217;ego, syna najbli\u017cszego przyjaciela Churchilla, \u017cydowskiego cz\u0142onka brytyjskiego gabinetu, kt\u00f3rych wojenne wysi\u0142ki na rzecz nazistowskich Niemiec wydaj\u0105 si\u0119 znacznie bardziej godne uwagi.<\/p>\n\n\n\n<h2 class=\"wp-block-heading\"><a href=\"https:\/\/www.unz.com\/runz\/more-falsehoods-of-world-war-ii\/#the-continuing-importance-of-world-war-ii\">Ci\u0105g\u0142e znaczenie II wojny \u015bwiatowej<\/a><\/h2>\n\n\n\n<p id=\"p_1_89\">Druga wojna \u015bwiatowa zako\u0144czy\u0142a si\u0119 prawie osiemdziesi\u0105t lat temu i pomimo ogromnej roli, jak\u0105 odegra\u0142a w kszta\u0142towaniu naszego wsp\u00f3\u0142czesnego \u015bwiata, wielu mog\u0142oby twierdzi\u0107, \u017ce ponowne przyjrzenie si\u0119 faktycznym szczeg\u00f3\u0142om tego konfliktu by\u0142oby jedynie \u0107wiczeniem intelektualnym, pozbawionym zwi\u0105zku z nasz\u0105 obecn\u0105 sytuacj\u0105.&nbsp;Ale my\u015bl\u0119 inaczej.<\/p>\n\n\n\n<p id=\"p_1_90\">Nasza nieustannie agresywna polityka zagraniczna wobec Rosji i Chin stanowi dzi\u015b ogromne zagro\u017cenie dla pokoju na \u015bwiecie i jak&nbsp;<a href=\"https:\/\/www.unz.com\/runz\/world-war-iii-and-world-war-ii\/\">sugerowa\u0142em w zesz\u0142ym roku<\/a>&nbsp;, odkrycie prawdziwej historii II wojny \u015bwiatowej mo\u017ce mie\u0107 istotny wp\u0142yw na nasz\u0105 obecn\u0105 debat\u0119.<\/p>\n\n\n\n<blockquote class=\"wp-block-quote is-layout-flow wp-block-quote-is-layout-flow\">\n<p id=\"p_1_91\">We\u017amy pod uwag\u0119 naszego&nbsp;<a href=\"https:\/\/en.wikipedia.org\/wiki\/Antony_Blinken\">Sekretarza Stanu Antony&#8217;ego Blinkena<\/a>&nbsp;, jedn\u0105 z kluczowych postaci formu\u0142uj\u0105cych nasz\u0105 obecn\u0105 polityk\u0119.&nbsp;Przed jego nominacj\u0105 nigdy o nim nie s\u0142ysza\u0142em, ale wkr\u00f3tce odkry\u0142em, \u017ce ucz\u0119szcza\u0142 do tej samej uczelni co ja, kt\u00f3r\u0105 uko\u0144czy\u0142 rok p\u00f3\u017aniej.&nbsp;Mogli\u015bmy nawet mie\u0107 wsp\u00f3lne zaj\u0119cia, chocia\u017c poniewa\u017c moim g\u0142\u00f3wnym kierunkiem by\u0142a fizyka teoretyczna, a jego naukami spo\u0142ecznymi, prawdopodobnie nie.&nbsp;Ale my\u015bl\u0119, \u017ce bardzo dobrze rozumiem jego pogl\u0105d na \u015bwiat i histori\u0119 XX wieku, poniewa\u017c do ostatniej dekady m\u00f3j chyba nie by\u0142 zbyt odmienny.&nbsp;Wydaje si\u0119, \u017ce wi\u0119kszo\u015b\u0107 innych wysokich rang\u0105 przedstawicieli administracji Bidena nale\u017cy do tej samej kategorii.<\/p>\n\n\n\n<p id=\"p_1_92\">Osoby te maj\u0105 ustalony zestaw okre\u015blonych przekona\u0144 dotycz\u0105cych roli Ameryki w \u015bwiecie, przekona\u0144 podzielanych przez ich ca\u0142y kr\u0105g ideologiczny i jestem pewien, \u017ce natychmiast odrzuciliby wszelkie wyzwania wobec tych ram w odniesieniu do Rosji czy Chin.&nbsp;Takie wyzwania prawdopodobnie nie s\u0105 rzadko\u015bci\u0105, ale s\u0105 regularnie odrzucane i ignorowane.<\/p>\n\n\n\n<p id=\"p_1_93\">Podejrzewam jednak, \u017ce \u017caden z nich nigdy nie wyobra\u017ca\u0142 sobie, \u017ce najg\u0142\u0119bsze podstawy ich systemu wierze\u0144 \u2013 ich zak\u0142adana historia II wojny \u015bwiatowej \u2013 s\u0105 w rzeczywisto\u015bci fa\u0142szywe i zgni\u0142e do szpiku ko\u015bci.&nbsp;Prawdopodobnie nigdy w \u017cyciu nie spotkali si\u0119 z takimi pomys\u0142ami, w zwi\u0105zku z czym ich psychologiczne mechanizmy obronne mog\u0105 by\u0107 znacznie s\u0142absze.&nbsp;A je\u015bli kt\u00f3ry\u015b z nich zacznie cho\u0107by przez chwil\u0119 rozwa\u017ca\u0107 mo\u017cliwo\u015b\u0107, \u017ce ka\u017cde \u017ar\u00f3d\u0142o informacji, kt\u00f3re przyswoili od czas\u00f3w szko\u0142y podstawowej, opiera si\u0119 na tym samym zbiorze k\u0142amstw, ta \u015bwiadomo\u015b\u0107 mo\u017ce zachwia\u0107 ich zaufaniem do spraw wsp\u00f3\u0142czesnych, w tym okoliczno\u015bci towarzysz\u0105cych obecnej wojna na Ukrainie.<\/p>\n\n\n\n<p id=\"p_1_94\">Mu\u0142y to uparte zwierz\u0119ta.&nbsp;Ale jest&nbsp;<a href=\"https:\/\/www.mikelockett.com\/storytelling?rec_id=158\">klasyczny \u017cart<\/a>&nbsp;, \u017ce mo\u017cna je przekona\u0107 do pod\u0105\u017cania za wskaz\u00f3wkami, je\u015bli najpierw zwr\u00f3cisz ich uwag\u0119, uderzaj\u0105c ich w g\u0142ow\u0119 m\u0142otem dwa na cztery.&nbsp;Dla wi\u0119kszo\u015bci ameryka\u0144skich ekspert\u00f3w politycznych odkrycie, \u017ce ca\u0142a ich akceptowana historia II wojny \u015bwiatowej jest wywr\u00f3cona do g\u00f3ry nogami i wsteczna, r\u00f3wna si\u0119 uderzeniu w g\u0142ow\u0119 dwa na cztery.<\/p>\n<\/blockquote>\n\n\n\n<p id=\"p_1_95\"><strong>Powi\u0105zana lektura:<\/strong><\/p>\n\n\n\n<ul class=\"wp-block-list\">\n<li><a href=\"https:\/\/www.unz.com\/runz\/why-everything-you-know-about-world-war-ii-is-wrong\">Dlaczego wszystko, co wiesz o II wojnie \u015bwiatowej, jest b\u0142\u0119dne<\/a><\/li>\n\n\n\n<li><a href=\"https:\/\/www.unz.com\/runz\/american-pravda-when-stalin-almost-conquered-europe\/\">Ameryka\u0144ska prawda: kiedy Stalin prawie podbi\u0142 Europ\u0119<\/a><\/li>\n\n\n\n<li><a href=\"https:\/\/www.unz.com\/runz\/american-pravda-jews-and-nazis\/\">Ameryka\u0144ska Prawda: \u017bydzi i nazi\u015bci<\/a><\/li>\n\n\n\n<li><a href=\"https:\/\/www.unz.com\/runz\/american-pravda-understanding-world-war-ii\/\">American Pravda: Zrozumienie II wojny \u015bwiatowej<\/a><\/li>\n\n\n\n<li><a href=\"https:\/\/www.unz.com\/runz\/american-pravda-how-hitler-saved-the-allies\/\">American Pravda: Jak Hitler uratowa\u0142 aliant\u00f3w<\/a><\/li>\n\n\n\n<li><a href=\"https:\/\/www.unz.com\/runz\/world-war-iii-and-world-war-ii\/\">Ameryka\u0144ska prawda: III wojna \u015bwiatowa i II wojna \u015bwiatowa?<\/a><\/li>\n<\/ul>\n\n\n\n<p>\u0179r\u00f3d\u0142o  https:\/\/www.unz.com\/runz\/more-falsehoods-of-world-war-ii\/<\/p>\n","protected":false},"excerpt":{"rendered":"<p>Autor, RON UNZ\u00a0 The Unz Review \u0179r\u00f3d\u0142o Wikimedia Commons Wiele k\u0142amstw drugiej wojny \u015bwiatowej II wojna \u015bwiatowa zaliczana jest do najwi\u0119kszych konflikt\u00f3w zbrojnych w historii ludzko\u015bci i sta\u0142a si\u0119 wydarzeniem kszta\u0142tuj\u0105cym nasz wsp\u00f3\u0142czesny \u015bwiat, o czym m\u00f3wi si\u0119 w&nbsp;dziesi\u0105tkach tysi\u0119cy&#8230; <\/p>\n","protected":false},"author":2,"featured_media":2375,"comment_status":"open","ping_status":"open","sticky":false,"template":"","format":"standard","meta":{"_acf_changed":false,"_bbp_topic_count":0,"_bbp_reply_count":0,"_bbp_total_topic_count":0,"_bbp_total_reply_count":0,"_bbp_voice_count":0,"_bbp_anonymous_reply_count":0,"_bbp_topic_count_hidden":0,"_bbp_reply_count_hidden":0,"_bbp_forum_subforum_count":0,"om_disable_all_campaigns":false,"_monsterinsights_skip_tracking":false,"footnotes":""},"categories":[93],"tags":[],"class_list":["post-2373","post","type-post","status-publish","format-standard","has-post-thumbnail","hentry","category-artykuly"],"acf":[],"aioseo_notices":[],"aioseo_head":"\n\t\t<!-- All in One SEO 5.0.1.1 - aioseo.com -->\n\t<meta name=\"description\" content=\"Autor, RON UNZ The Unz Review \u0179r\u00f3d\u0142o Wikimedia Commons Wiele k\u0142amstw drugiej wojny \u015bwiatowej II wojna \u015bwiatowa zaliczana jest do najwi\u0119kszych konflikt\u00f3w zbrojnych w historii ludzko\u015bci i sta\u0142a si\u0119 wydarzeniem kszta\u0142tuj\u0105cym nasz wsp\u00f3\u0142czesny \u015bwiat, o czym m\u00f3wi si\u0119 w dziesi\u0105tkach tysi\u0119cy ksi\u0105\u017cek . Ale w ci\u0105gu ostatnich pi\u0119ciu lat opublikowa\u0142em d\u0142ug\u0105 seri\u0119 artyku\u0142\u00f3w zawieraj\u0105cych elementy historii, kt\u00f3re s\u0105\" \/>\n\t<meta name=\"robots\" content=\"max-image-preview:large\" \/>\n\t<meta name=\"author\" content=\"trinity\"\/>\n\t<link rel=\"canonical\" href=\"https:\/\/wia.net.pl\/index.php\/2023\/06\/19\/wiecej-klamstw-ii-wojny-swiatowej\/\" \/>\n\t<meta name=\"generator\" content=\"All in One SEO (AIOSEO) 5.0.1.1\" \/>\n\t\t<meta property=\"og:locale\" content=\"pl_PL\" \/>\n\t\t<meta property=\"og:site_name\" content=\"Wolno\u015b\u0107 i Anarchia - Ka\u017cdy wewn\u0119trznie jest anarchist\u0105.\" \/>\n\t\t<meta property=\"og:type\" content=\"article\" \/>\n\t\t<meta property=\"og:title\" content=\"Wi\u0119cej k\u0142amstw II wojny \u015bwiatowej - Wolno\u015b\u0107 i Anarchia\" \/>\n\t\t<meta property=\"og:description\" content=\"Autor, RON UNZ The Unz Review \u0179r\u00f3d\u0142o Wikimedia Commons Wiele k\u0142amstw drugiej wojny \u015bwiatowej II wojna \u015bwiatowa zaliczana jest do najwi\u0119kszych konflikt\u00f3w zbrojnych w historii ludzko\u015bci i sta\u0142a si\u0119 wydarzeniem kszta\u0142tuj\u0105cym nasz wsp\u00f3\u0142czesny \u015bwiat, o czym m\u00f3wi si\u0119 w dziesi\u0105tkach tysi\u0119cy ksi\u0105\u017cek . Ale w ci\u0105gu ostatnich pi\u0119ciu lat opublikowa\u0142em d\u0142ug\u0105 seri\u0119 artyku\u0142\u00f3w zawieraj\u0105cych elementy historii, kt\u00f3re s\u0105\" \/>\n\t\t<meta property=\"og:url\" content=\"https:\/\/wia.net.pl\/index.php\/2023\/06\/19\/wiecej-klamstw-ii-wojny-swiatowej\/\" \/>\n\t\t<meta property=\"og:image\" content=\"https:\/\/wia.net.pl\/wp-content\/uploads\/2023\/11\/cropped-freedom-i73367.jpg\" \/>\n\t\t<meta property=\"og:image:secure_url\" content=\"https:\/\/wia.net.pl\/wp-content\/uploads\/2023\/11\/cropped-freedom-i73367.jpg\" \/>\n\t\t<meta property=\"article:published_time\" content=\"2023-06-19T09:30:14+00:00\" \/>\n\t\t<meta property=\"article:modified_time\" content=\"2023-06-19T09:30:14+00:00\" \/>\n\t\t<meta name=\"twitter:card\" content=\"summary_large_image\" \/>\n\t\t<meta name=\"twitter:title\" content=\"Wi\u0119cej k\u0142amstw II wojny \u015bwiatowej - Wolno\u015b\u0107 i Anarchia\" \/>\n\t\t<meta name=\"twitter:description\" content=\"Autor, RON UNZ The Unz Review \u0179r\u00f3d\u0142o Wikimedia Commons Wiele k\u0142amstw drugiej wojny \u015bwiatowej II wojna \u015bwiatowa zaliczana jest do najwi\u0119kszych konflikt\u00f3w zbrojnych w historii ludzko\u015bci i sta\u0142a si\u0119 wydarzeniem kszta\u0142tuj\u0105cym nasz wsp\u00f3\u0142czesny \u015bwiat, o czym m\u00f3wi si\u0119 w dziesi\u0105tkach tysi\u0119cy ksi\u0105\u017cek . Ale w ci\u0105gu ostatnich pi\u0119ciu lat opublikowa\u0142em d\u0142ug\u0105 seri\u0119 artyku\u0142\u00f3w zawieraj\u0105cych elementy historii, kt\u00f3re s\u0105\" \/>\n\t\t<meta name=\"twitter:image\" content=\"https:\/\/wia.net.pl\/wp-content\/uploads\/2023\/11\/cropped-freedom-i73367.jpg\" \/>\n\t\t<script type=\"application\/ld+json\" class=\"aioseo-schema\">\n\t\t\t{\"@context\":\"https:\\\/\\\/schema.org\",\"@graph\":[{\"@type\":\"BlogPosting\",\"@id\":\"https:\\\/\\\/wia.net.pl\\\/index.php\\\/2023\\\/06\\\/19\\\/wiecej-klamstw-ii-wojny-swiatowej\\\/#blogposting\",\"name\":\"Wi\\u0119cej k\\u0142amstw II wojny \\u015bwiatowej - Wolno\\u015b\\u0107 i Anarchia\",\"headline\":\"Wi\\u0119cej k\\u0142amstw II wojny \\u015bwiatowej\",\"author\":{\"@id\":\"https:\\\/\\\/wia.net.pl\\\/index.php\\\/author\\\/trinity\\\/#author\"},\"publisher\":{\"@id\":\"https:\\\/\\\/wia.net.pl\\\/#person\"},\"image\":{\"@type\":\"ImageObject\",\"url\":\"https:\\\/\\\/wia.net.pl\\\/wp-content\\\/uploads\\\/2023\\\/06\\\/StalinHitlerColor.jpg\",\"width\":519,\"height\":357},\"datePublished\":\"2023-06-19T11:30:14+02:00\",\"dateModified\":\"2023-06-19T11:30:14+02:00\",\"inLanguage\":\"pl-PL\",\"mainEntityOfPage\":{\"@id\":\"https:\\\/\\\/wia.net.pl\\\/index.php\\\/2023\\\/06\\\/19\\\/wiecej-klamstw-ii-wojny-swiatowej\\\/#webpage\"},\"isPartOf\":{\"@id\":\"https:\\\/\\\/wia.net.pl\\\/index.php\\\/2023\\\/06\\\/19\\\/wiecej-klamstw-ii-wojny-swiatowej\\\/#webpage\"},\"articleSection\":\"Artyku\\u0142y\"},{\"@type\":\"BreadcrumbList\",\"@id\":\"https:\\\/\\\/wia.net.pl\\\/index.php\\\/2023\\\/06\\\/19\\\/wiecej-klamstw-ii-wojny-swiatowej\\\/#breadcrumblist\",\"itemListElement\":[{\"@type\":\"ListItem\",\"@id\":\"https:\\\/\\\/wia.net.pl#listItem\",\"position\":1,\"name\":\"Home\",\"item\":\"https:\\\/\\\/wia.net.pl\",\"nextItem\":{\"@type\":\"ListItem\",\"@id\":\"https:\\\/\\\/wia.net.pl\\\/index.php\\\/category\\\/artykuly\\\/#listItem\",\"name\":\"Artyku\\u0142y\"}},{\"@type\":\"ListItem\",\"@id\":\"https:\\\/\\\/wia.net.pl\\\/index.php\\\/category\\\/artykuly\\\/#listItem\",\"position\":2,\"name\":\"Artyku\\u0142y\",\"item\":\"https:\\\/\\\/wia.net.pl\\\/index.php\\\/category\\\/artykuly\\\/\",\"nextItem\":{\"@type\":\"ListItem\",\"@id\":\"https:\\\/\\\/wia.net.pl\\\/index.php\\\/2023\\\/06\\\/19\\\/wiecej-klamstw-ii-wojny-swiatowej\\\/#listItem\",\"name\":\"Wi\\u0119cej k\\u0142amstw II wojny \\u015bwiatowej\"},\"previousItem\":{\"@type\":\"ListItem\",\"@id\":\"https:\\\/\\\/wia.net.pl#listItem\",\"name\":\"Home\"}},{\"@type\":\"ListItem\",\"@id\":\"https:\\\/\\\/wia.net.pl\\\/index.php\\\/2023\\\/06\\\/19\\\/wiecej-klamstw-ii-wojny-swiatowej\\\/#listItem\",\"position\":3,\"name\":\"Wi\\u0119cej k\\u0142amstw II wojny \\u015bwiatowej\",\"previousItem\":{\"@type\":\"ListItem\",\"@id\":\"https:\\\/\\\/wia.net.pl\\\/index.php\\\/category\\\/artykuly\\\/#listItem\",\"name\":\"Artyku\\u0142y\"}}]},{\"@type\":\"Person\",\"@id\":\"https:\\\/\\\/wia.net.pl\\\/#person\",\"name\":\"Bart\\u0142omiej Talarczyk\",\"image\":{\"@type\":\"ImageObject\",\"@id\":\"https:\\\/\\\/wia.net.pl\\\/index.php\\\/2023\\\/06\\\/19\\\/wiecej-klamstw-ii-wojny-swiatowej\\\/#personImage\",\"url\":\"https:\\\/\\\/wia.net.pl\\\/wp-content\\\/uploads\\\/avatar-privacy\\\/cache\\\/user\\\/1\\\/7\\\/176a6b161c58363ff49b5c167264231f519f5c7fa183ca1f61e891769b6b56d5-96.jpg\",\"width\":96,\"height\":96,\"caption\":\"Bart\\u0142omiej Talarczyk\"}},{\"@type\":\"Person\",\"@id\":\"https:\\\/\\\/wia.net.pl\\\/index.php\\\/author\\\/trinity\\\/#author\",\"url\":\"https:\\\/\\\/wia.net.pl\\\/index.php\\\/author\\\/trinity\\\/\",\"name\":\"trinity\",\"image\":{\"@type\":\"ImageObject\",\"@id\":\"https:\\\/\\\/wia.net.pl\\\/index.php\\\/2023\\\/06\\\/19\\\/wiecej-klamstw-ii-wojny-swiatowej\\\/#authorImage\",\"url\":\"https:\\\/\\\/wia.net.pl\\\/wp-content\\\/uploads\\\/avatar-privacy\\\/cache\\\/user\\\/5\\\/f\\\/5f6547cf82495eaa10e100a6a45d5dbde2dfdc1be88557de2018fca705bdf6f1-96.jpg\",\"width\":96,\"height\":96,\"caption\":\"trinity\"}},{\"@type\":\"WebPage\",\"@id\":\"https:\\\/\\\/wia.net.pl\\\/index.php\\\/2023\\\/06\\\/19\\\/wiecej-klamstw-ii-wojny-swiatowej\\\/#webpage\",\"url\":\"https:\\\/\\\/wia.net.pl\\\/index.php\\\/2023\\\/06\\\/19\\\/wiecej-klamstw-ii-wojny-swiatowej\\\/\",\"name\":\"Wi\\u0119cej k\\u0142amstw II wojny \\u015bwiatowej - Wolno\\u015b\\u0107 i Anarchia\",\"description\":\"Autor, RON UNZ The Unz Review \\u0179r\\u00f3d\\u0142o Wikimedia Commons Wiele k\\u0142amstw drugiej wojny \\u015bwiatowej II wojna \\u015bwiatowa zaliczana jest do najwi\\u0119kszych konflikt\\u00f3w zbrojnych w historii ludzko\\u015bci i sta\\u0142a si\\u0119 wydarzeniem kszta\\u0142tuj\\u0105cym nasz wsp\\u00f3\\u0142czesny \\u015bwiat, o czym m\\u00f3wi si\\u0119 w dziesi\\u0105tkach tysi\\u0119cy ksi\\u0105\\u017cek . Ale w ci\\u0105gu ostatnich pi\\u0119ciu lat opublikowa\\u0142em d\\u0142ug\\u0105 seri\\u0119 artyku\\u0142\\u00f3w zawieraj\\u0105cych elementy historii, kt\\u00f3re s\\u0105\",\"inLanguage\":\"pl-PL\",\"isPartOf\":{\"@id\":\"https:\\\/\\\/wia.net.pl\\\/#website\"},\"breadcrumb\":{\"@id\":\"https:\\\/\\\/wia.net.pl\\\/index.php\\\/2023\\\/06\\\/19\\\/wiecej-klamstw-ii-wojny-swiatowej\\\/#breadcrumblist\"},\"author\":{\"@id\":\"https:\\\/\\\/wia.net.pl\\\/index.php\\\/author\\\/trinity\\\/#author\"},\"creator\":{\"@id\":\"https:\\\/\\\/wia.net.pl\\\/index.php\\\/author\\\/trinity\\\/#author\"},\"image\":{\"@type\":\"ImageObject\",\"url\":\"https:\\\/\\\/wia.net.pl\\\/wp-content\\\/uploads\\\/2023\\\/06\\\/StalinHitlerColor.jpg\",\"@id\":\"https:\\\/\\\/wia.net.pl\\\/index.php\\\/2023\\\/06\\\/19\\\/wiecej-klamstw-ii-wojny-swiatowej\\\/#mainImage\",\"width\":519,\"height\":357},\"primaryImageOfPage\":{\"@id\":\"https:\\\/\\\/wia.net.pl\\\/index.php\\\/2023\\\/06\\\/19\\\/wiecej-klamstw-ii-wojny-swiatowej\\\/#mainImage\"},\"datePublished\":\"2023-06-19T11:30:14+02:00\",\"dateModified\":\"2023-06-19T11:30:14+02:00\"},{\"@type\":\"WebSite\",\"@id\":\"https:\\\/\\\/wia.net.pl\\\/#website\",\"url\":\"https:\\\/\\\/wia.net.pl\\\/\",\"name\":\"Wolno\\u015b\\u0107 i Anarchia\",\"description\":\"Ka\\u017cdy wewn\\u0119trznie jest anarchist\\u0105.\",\"inLanguage\":\"pl-PL\",\"publisher\":{\"@id\":\"https:\\\/\\\/wia.net.pl\\\/#person\"}}]}\n\t\t<\/script>\n\t\t<!-- All in One SEO -->\n\n","aioseo_head_json":{"title":"Wi\u0119cej k\u0142amstw II wojny \u015bwiatowej - Wolno\u015b\u0107 i Anarchia","description":"Autor, RON UNZ The Unz Review \u0179r\u00f3d\u0142o Wikimedia Commons Wiele k\u0142amstw drugiej wojny \u015bwiatowej II wojna \u015bwiatowa zaliczana jest do najwi\u0119kszych konflikt\u00f3w zbrojnych w historii ludzko\u015bci i sta\u0142a si\u0119 wydarzeniem kszta\u0142tuj\u0105cym nasz wsp\u00f3\u0142czesny \u015bwiat, o czym m\u00f3wi si\u0119 w dziesi\u0105tkach tysi\u0119cy ksi\u0105\u017cek . Ale w ci\u0105gu ostatnich pi\u0119ciu lat opublikowa\u0142em d\u0142ug\u0105 seri\u0119 artyku\u0142\u00f3w zawieraj\u0105cych elementy historii, kt\u00f3re s\u0105","canonical_url":"https:\/\/wia.net.pl\/index.php\/2023\/06\/19\/wiecej-klamstw-ii-wojny-swiatowej\/","robots":"max-image-preview:large","keywords":"","webmasterTools":{"miscellaneous":""},"schema":{"@context":"https:\/\/schema.org","@graph":[{"@type":"BlogPosting","@id":"https:\/\/wia.net.pl\/index.php\/2023\/06\/19\/wiecej-klamstw-ii-wojny-swiatowej\/#blogposting","name":"Wi\u0119cej k\u0142amstw II wojny \u015bwiatowej - Wolno\u015b\u0107 i Anarchia","headline":"Wi\u0119cej k\u0142amstw II wojny \u015bwiatowej","author":{"@id":"https:\/\/wia.net.pl\/index.php\/author\/trinity\/#author"},"publisher":{"@id":"https:\/\/wia.net.pl\/#person"},"image":{"@type":"ImageObject","url":"https:\/\/wia.net.pl\/wp-content\/uploads\/2023\/06\/StalinHitlerColor.jpg","width":519,"height":357},"datePublished":"2023-06-19T11:30:14+02:00","dateModified":"2023-06-19T11:30:14+02:00","inLanguage":"pl-PL","mainEntityOfPage":{"@id":"https:\/\/wia.net.pl\/index.php\/2023\/06\/19\/wiecej-klamstw-ii-wojny-swiatowej\/#webpage"},"isPartOf":{"@id":"https:\/\/wia.net.pl\/index.php\/2023\/06\/19\/wiecej-klamstw-ii-wojny-swiatowej\/#webpage"},"articleSection":"Artyku\u0142y"},{"@type":"BreadcrumbList","@id":"https:\/\/wia.net.pl\/index.php\/2023\/06\/19\/wiecej-klamstw-ii-wojny-swiatowej\/#breadcrumblist","itemListElement":[{"@type":"ListItem","@id":"https:\/\/wia.net.pl#listItem","position":1,"name":"Home","item":"https:\/\/wia.net.pl","nextItem":{"@type":"ListItem","@id":"https:\/\/wia.net.pl\/index.php\/category\/artykuly\/#listItem","name":"Artyku\u0142y"}},{"@type":"ListItem","@id":"https:\/\/wia.net.pl\/index.php\/category\/artykuly\/#listItem","position":2,"name":"Artyku\u0142y","item":"https:\/\/wia.net.pl\/index.php\/category\/artykuly\/","nextItem":{"@type":"ListItem","@id":"https:\/\/wia.net.pl\/index.php\/2023\/06\/19\/wiecej-klamstw-ii-wojny-swiatowej\/#listItem","name":"Wi\u0119cej k\u0142amstw II wojny \u015bwiatowej"},"previousItem":{"@type":"ListItem","@id":"https:\/\/wia.net.pl#listItem","name":"Home"}},{"@type":"ListItem","@id":"https:\/\/wia.net.pl\/index.php\/2023\/06\/19\/wiecej-klamstw-ii-wojny-swiatowej\/#listItem","position":3,"name":"Wi\u0119cej k\u0142amstw II wojny \u015bwiatowej","previousItem":{"@type":"ListItem","@id":"https:\/\/wia.net.pl\/index.php\/category\/artykuly\/#listItem","name":"Artyku\u0142y"}}]},{"@type":"Person","@id":"https:\/\/wia.net.pl\/#person","name":"Bart\u0142omiej Talarczyk","image":{"@type":"ImageObject","@id":"https:\/\/wia.net.pl\/index.php\/2023\/06\/19\/wiecej-klamstw-ii-wojny-swiatowej\/#personImage","url":"https:\/\/wia.net.pl\/wp-content\/uploads\/avatar-privacy\/cache\/user\/1\/7\/176a6b161c58363ff49b5c167264231f519f5c7fa183ca1f61e891769b6b56d5-96.jpg","width":96,"height":96,"caption":"Bart\u0142omiej Talarczyk"}},{"@type":"Person","@id":"https:\/\/wia.net.pl\/index.php\/author\/trinity\/#author","url":"https:\/\/wia.net.pl\/index.php\/author\/trinity\/","name":"trinity","image":{"@type":"ImageObject","@id":"https:\/\/wia.net.pl\/index.php\/2023\/06\/19\/wiecej-klamstw-ii-wojny-swiatowej\/#authorImage","url":"https:\/\/wia.net.pl\/wp-content\/uploads\/avatar-privacy\/cache\/user\/5\/f\/5f6547cf82495eaa10e100a6a45d5dbde2dfdc1be88557de2018fca705bdf6f1-96.jpg","width":96,"height":96,"caption":"trinity"}},{"@type":"WebPage","@id":"https:\/\/wia.net.pl\/index.php\/2023\/06\/19\/wiecej-klamstw-ii-wojny-swiatowej\/#webpage","url":"https:\/\/wia.net.pl\/index.php\/2023\/06\/19\/wiecej-klamstw-ii-wojny-swiatowej\/","name":"Wi\u0119cej k\u0142amstw II wojny \u015bwiatowej - Wolno\u015b\u0107 i Anarchia","description":"Autor, RON UNZ The Unz Review \u0179r\u00f3d\u0142o Wikimedia Commons Wiele k\u0142amstw drugiej wojny \u015bwiatowej II wojna \u015bwiatowa zaliczana jest do najwi\u0119kszych konflikt\u00f3w zbrojnych w historii ludzko\u015bci i sta\u0142a si\u0119 wydarzeniem kszta\u0142tuj\u0105cym nasz wsp\u00f3\u0142czesny \u015bwiat, o czym m\u00f3wi si\u0119 w dziesi\u0105tkach tysi\u0119cy ksi\u0105\u017cek . Ale w ci\u0105gu ostatnich pi\u0119ciu lat opublikowa\u0142em d\u0142ug\u0105 seri\u0119 artyku\u0142\u00f3w zawieraj\u0105cych elementy historii, kt\u00f3re s\u0105","inLanguage":"pl-PL","isPartOf":{"@id":"https:\/\/wia.net.pl\/#website"},"breadcrumb":{"@id":"https:\/\/wia.net.pl\/index.php\/2023\/06\/19\/wiecej-klamstw-ii-wojny-swiatowej\/#breadcrumblist"},"author":{"@id":"https:\/\/wia.net.pl\/index.php\/author\/trinity\/#author"},"creator":{"@id":"https:\/\/wia.net.pl\/index.php\/author\/trinity\/#author"},"image":{"@type":"ImageObject","url":"https:\/\/wia.net.pl\/wp-content\/uploads\/2023\/06\/StalinHitlerColor.jpg","@id":"https:\/\/wia.net.pl\/index.php\/2023\/06\/19\/wiecej-klamstw-ii-wojny-swiatowej\/#mainImage","width":519,"height":357},"primaryImageOfPage":{"@id":"https:\/\/wia.net.pl\/index.php\/2023\/06\/19\/wiecej-klamstw-ii-wojny-swiatowej\/#mainImage"},"datePublished":"2023-06-19T11:30:14+02:00","dateModified":"2023-06-19T11:30:14+02:00"},{"@type":"WebSite","@id":"https:\/\/wia.net.pl\/#website","url":"https:\/\/wia.net.pl\/","name":"Wolno\u015b\u0107 i Anarchia","description":"Ka\u017cdy wewn\u0119trznie jest anarchist\u0105.","inLanguage":"pl-PL","publisher":{"@id":"https:\/\/wia.net.pl\/#person"}}]},"og:locale":"pl_PL","og:site_name":"Wolno\u015b\u0107 i Anarchia - Ka\u017cdy wewn\u0119trznie jest anarchist\u0105.","og:type":"article","og:title":"Wi\u0119cej k\u0142amstw II wojny \u015bwiatowej - Wolno\u015b\u0107 i Anarchia","og:description":"Autor, RON UNZ The Unz Review \u0179r\u00f3d\u0142o Wikimedia Commons Wiele k\u0142amstw drugiej wojny \u015bwiatowej II wojna \u015bwiatowa zaliczana jest do najwi\u0119kszych konflikt\u00f3w zbrojnych w historii ludzko\u015bci i sta\u0142a si\u0119 wydarzeniem kszta\u0142tuj\u0105cym nasz wsp\u00f3\u0142czesny \u015bwiat, o czym m\u00f3wi si\u0119 w dziesi\u0105tkach tysi\u0119cy ksi\u0105\u017cek . Ale w ci\u0105gu ostatnich pi\u0119ciu lat opublikowa\u0142em d\u0142ug\u0105 seri\u0119 artyku\u0142\u00f3w zawieraj\u0105cych elementy historii, kt\u00f3re s\u0105","og:url":"https:\/\/wia.net.pl\/index.php\/2023\/06\/19\/wiecej-klamstw-ii-wojny-swiatowej\/","og:image":"https:\/\/wia.net.pl\/wp-content\/uploads\/2023\/11\/cropped-freedom-i73367.jpg","og:image:secure_url":"https:\/\/wia.net.pl\/wp-content\/uploads\/2023\/11\/cropped-freedom-i73367.jpg","article:published_time":"2023-06-19T09:30:14+00:00","article:modified_time":"2023-06-19T09:30:14+00:00","twitter:card":"summary_large_image","twitter:title":"Wi\u0119cej k\u0142amstw II wojny \u015bwiatowej - Wolno\u015b\u0107 i Anarchia","twitter:description":"Autor, RON UNZ The Unz Review \u0179r\u00f3d\u0142o Wikimedia Commons Wiele k\u0142amstw drugiej wojny \u015bwiatowej II wojna \u015bwiatowa zaliczana jest do najwi\u0119kszych konflikt\u00f3w zbrojnych w historii ludzko\u015bci i sta\u0142a si\u0119 wydarzeniem kszta\u0142tuj\u0105cym nasz wsp\u00f3\u0142czesny \u015bwiat, o czym m\u00f3wi si\u0119 w dziesi\u0105tkach tysi\u0119cy ksi\u0105\u017cek . Ale w ci\u0105gu ostatnich pi\u0119ciu lat opublikowa\u0142em d\u0142ug\u0105 seri\u0119 artyku\u0142\u00f3w zawieraj\u0105cych elementy historii, kt\u00f3re s\u0105","twitter:image":"https:\/\/wia.net.pl\/wp-content\/uploads\/2023\/11\/cropped-freedom-i73367.jpg"},"aioseo_meta_data":{"post_id":"2373","title":null,"description":null,"keywords":[],"keyphrases":{"focus":{"keyphrase":"","score":0,"analysis":{"keyphraseInTitle":{"score":0,"maxScore":9,"error":1}}},"additional":[]},"primary_term":null,"canonical_url":null,"og_title":null,"og_description":null,"og_object_type":"default","og_image_type":"default","og_image_url":null,"og_image_width":null,"og_image_height":null,"og_image_custom_url":null,"og_image_custom_fields":null,"og_video":"","og_custom_url":null,"og_article_section":null,"og_article_tags":[],"twitter_use_og":false,"twitter_card":"default","twitter_image_type":"default","twitter_image_url":null,"twitter_image_custom_url":null,"twitter_image_custom_fields":null,"twitter_title":null,"twitter_description":null,"schema":{"blockGraphs":[],"customGraphs":[],"default":{"data":{"Article":[],"Course":[],"Dataset":[],"FAQPage":[],"Movie":[],"Person":[],"Product":[],"ProductReview":[],"Car":[],"Recipe":[],"Service":[],"SoftwareApplication":[],"WebPage":[]},"graphName":"","isEnabled":true},"graphs":[]},"schema_type":"default","schema_type_options":null,"pillar_content":false,"robots_default":true,"robots_noindex":false,"robots_noarchive":false,"robots_nosnippet":false,"robots_nofollow":false,"robots_noimageindex":false,"robots_noodp":false,"robots_notranslate":false,"robots_max_snippet":"-1","robots_max_videopreview":"-1","robots_max_imagepreview":"large","priority":0,"frequency":"default","local_seo":null,"breadcrumb_settings":null,"limit_modified_date":false,"ai":null,"created":"2023-06-19 09:30:14","updated":"2025-06-04 08:12:26","seo_analyzer_scan_date":null,"focus_keyword":null,"additional_keywords":null,"truseo_locale":null},"aioseo_breadcrumb":"<div class=\"aioseo-breadcrumbs\"><span class=\"aioseo-breadcrumb\">\n\t\t\t<a href=\"https:\/\/wia.net.pl\" title=\"Home\">Home<\/a>\n\t\t<\/span><span class=\"aioseo-breadcrumb-separator\">&raquo;<\/span><span class=\"aioseo-breadcrumb\">\n\t\t\t<a href=\"https:\/\/wia.net.pl\/index.php\/category\/artykuly\/\" title=\"Artyku\u0142y\">Artyku\u0142y<\/a>\n\t\t<\/span><span class=\"aioseo-breadcrumb-separator\">&raquo;<\/span><span class=\"aioseo-breadcrumb\">\n\t\t\tWi\u0119cej k\u0142amstw II wojny \u015bwiatowej\n\t\t<\/span><\/div>","aioseo_breadcrumb_json":[{"label":"Home","link":"https:\/\/wia.net.pl"},{"label":"Artyku\u0142y","link":"https:\/\/wia.net.pl\/index.php\/category\/artykuly\/"},{"label":"Wi\u0119cej k\u0142amstw II wojny \u015bwiatowej","link":"https:\/\/wia.net.pl\/index.php\/2023\/06\/19\/wiecej-klamstw-ii-wojny-swiatowej\/"}],"_links":{"self":[{"href":"https:\/\/wia.net.pl\/index.php\/wp-json\/wp\/v2\/posts\/2373"}],"collection":[{"href":"https:\/\/wia.net.pl\/index.php\/wp-json\/wp\/v2\/posts"}],"about":[{"href":"https:\/\/wia.net.pl\/index.php\/wp-json\/wp\/v2\/types\/post"}],"author":[{"embeddable":true,"href":"https:\/\/wia.net.pl\/index.php\/wp-json\/wp\/v2\/users\/2"}],"replies":[{"embeddable":true,"href":"https:\/\/wia.net.pl\/index.php\/wp-json\/wp\/v2\/comments?post=2373"}],"version-history":[{"count":1,"href":"https:\/\/wia.net.pl\/index.php\/wp-json\/wp\/v2\/posts\/2373\/revisions"}],"predecessor-version":[{"id":2377,"href":"https:\/\/wia.net.pl\/index.php\/wp-json\/wp\/v2\/posts\/2373\/revisions\/2377"}],"wp:featuredmedia":[{"embeddable":true,"href":"https:\/\/wia.net.pl\/index.php\/wp-json\/wp\/v2\/media\/2375"}],"wp:attachment":[{"href":"https:\/\/wia.net.pl\/index.php\/wp-json\/wp\/v2\/media?parent=2373"}],"wp:term":[{"taxonomy":"category","embeddable":true,"href":"https:\/\/wia.net.pl\/index.php\/wp-json\/wp\/v2\/categories?post=2373"},{"taxonomy":"post_tag","embeddable":true,"href":"https:\/\/wia.net.pl\/index.php\/wp-json\/wp\/v2\/tags?post=2373"}],"curies":[{"name":"wp","href":"https:\/\/api.w.org\/{rel}","templated":true}]}}