{"id":2396,"date":"2023-06-20T08:45:04","date_gmt":"2023-06-20T06:45:04","guid":{"rendered":"https:\/\/wia.net.pl\/?p=2396"},"modified":"2023-06-20T08:45:05","modified_gmt":"2023-06-20T06:45:05","slug":"trwa-oczyszczanie-antysemitow-z-nienawisci","status":"publish","type":"post","link":"https:\/\/wia.net.pl\/index.php\/2023\/06\/20\/trwa-oczyszczanie-antysemitow-z-nienawisci\/","title":{"rendered":"Trwa oczyszczanie \u201eantysemit\u00f3w\u201d z nienawi\u015bci!"},"content":{"rendered":"\n<p><em><strong>Powiedzenie czegokolwiek o niew\u0142a\u015bciwym zachowaniu Izraela grozi wi\u0119zieniem<\/strong><\/em><\/p>\n\n\n\n<p>Autor, <a href=\"https:\/\/www.unz.com\/author\/philip-giraldi\/\">PHILIP GIRALDI\u00a0<\/a><\/p>\n\n\n\n<p><\/p>\n\n\n\n<figure class=\"wp-block-image size-full is-resized\"><img loading=\"lazy\" decoding=\"async\" src=\"https:\/\/wia.net.pl\/wp-content\/uploads\/2023\/06\/Ben-Gvir2-600x400-1.jpg\" alt=\"\" class=\"wp-image-2397\" width=\"840\" height=\"560\" srcset=\"https:\/\/wia.net.pl\/wp-content\/uploads\/2023\/06\/Ben-Gvir2-600x400-1.jpg 600w, https:\/\/wia.net.pl\/wp-content\/uploads\/2023\/06\/Ben-Gvir2-600x400-1-300x200.jpg 300w\" sizes=\"(max-width: 840px) 100vw, 840px\" \/><\/figure>\n\n\n\n<p><\/p>\n\n\n\n<p id=\"p_1_1\">Ostatnio mia\u0142o miejsce wiele incydent\u00f3w, kt\u00f3re by\u0142yby interesuj\u0105ce, je\u015bli kto\u015b ma obawy co do op\u0142akanego stanu wolno\u015bci s\u0142owa w Europie i Stanach Zjednoczonych, w tak zwanych \u201edemokracjach\u201d, kt\u00f3re zwykle przechwalaj\u0105 si\u0119 swoimi swobodami i prawami swoich obywatele.\u00a0Broni\u0105 wybran\u0105 w Stanach Zjednoczonych i innych krajach anglosaskich jest okre\u015blenie \u201emowa nienawi\u015bci\u201d, kt\u00f3re obejmuje r\u00f3wnie\u017c \u201episanie nienawi\u015bci\u201d, \u201eposiadanie literatury lub film\u00f3w nienawi\u015bci\u201d, a nawet \u201emy\u015blenie nienawi\u015bci\u0105\u201d.\u00a0W Europie, gdzie \u201emowa nienawi\u015bci\u201d jest cz\u0119sto okre\u015blana za pomoc\u0105 angielskich s\u0142\u00f3w, wyra\u017cenie to jest cz\u0119sto poprzedzone s\u0142owem \u201enielegalne\u201d, aby upewni\u0107 si\u0119, \u017ce uwaga dotycz\u0105ca konsekwencji zosta\u0142a zwr\u00f3cona, a potencjalna kara jest zrozumia\u0142a.\u00a0W rzeczywisto\u015bci niekt\u00f3rzy Europejczycy zostali skazani i wys\u0142ani do wi\u0119zienia, gdy fa\u0142szywie wierzyli, \u017ce korzystaj\u0105 z wolno\u015bci s\u0142owa.<\/p>\n\n\n\n<p id=\"p_1_2\">Chocia\u017c okre\u015blenie \u201enienawi\u015b\u0107\u201d zosta\u0142o pierwotnie ukute w celu zniech\u0119cenia do rasistowskiego j\u0119zyka i innych form wyra\u017cania si\u0119, jest coraz cz\u0119\u015bciej wykorzystywane przez Izrael i powi\u0105zane z nim \u017cydowskie grupy wsparcia w celu kryminalizacji wszelkiej krytyki Izraela lub zachowa\u0144 grup \u017cydowskich.&nbsp;Rozszerzy\u0142 sw\u00f3j zasi\u0119g, przechodz\u0105c do podzbior\u00f3w, w szczeg\u00f3lno\u015bci \u201enegowania holokaustu\u201d i \u201eantysemityzmu\u201d, kt\u00f3re s\u0105 r\u00f3wnie\u017c uwa\u017cane&nbsp;<em>ipso facto<\/em>&nbsp;za przest\u0119pstwa z nienawi\u015bci w kontek\u015bcie, w kt\u00f3rym \u017byd\u00f3w zawsze uwa\u017ca si\u0119 za ofiary, nigdy za sprawc\u00f3w przemocy.<\/p>\n\n\n\n<p id=\"p_1_3\">Wiele z tego, co si\u0119 dzieje, mo\u017cna opisa\u0107 do\u015b\u0107 prostymi s\u0142owami: traktowanie Palesty\u0144czyk\u00f3w przez Izrael i jego niesprowokowane \u015bmierciono\u015bne ataki na s\u0105siad\u00f3w mo\u017cna rozs\u0105dnie okre\u015bli\u0107 jako \u201egodne ubolewania\u201d, a nawet ludob\u00f3jstwo w przypadku Palesty\u0144czyk\u00f3w.&nbsp;Poza tym Izrael udaj\u0105cy demokracj\u0119 prowadzi system kontroli nad mniejszo\u015bci\u0105 chrze\u015bcija\u0144sk\u0105 i muzu\u0142ma\u0144sk\u0105 w obr\u0119bie w\u0142asnych granic, a tak\u017ce na terenie przez niego nielegalnie okupowanym, kt\u00f3ry mo\u017cna okre\u015bli\u0107 mianem \u201eapartheidu\u201d, gdzie mniejszo\u015b\u0107 jest zmuszona zaakceptowa\u0107 ograniczone zasoby i konsekwentnie surowe traktowanie ze strony dominuj\u0105cej populacji \u017cydowskiej.&nbsp;Co wi\u0119cej, ekstremistyczna koalicja rz\u0105dowa pod przewodnictwem premiera Benjamina Netanjahu jeszcze bardziej pogorszy\u0142a sytuacj\u0119 tych nie-\u017byd\u00f3w, kt\u00f3rych kontroluje, m\u00f3wi\u0105c o wprowadzeniu masowych wyp\u0119dze\u0144 i wi\u0119zie\u0144.<\/p>\n\n\n\n<p id=\"p_1_4\">Z pewno\u015bci\u0105 Izrael sta\u0142 si\u0119 domem dla \u017byd\u00f3w, kt\u00f3rzy nie mog\u0105 d\u0142u\u017cej tolerowa\u0107 nikogo innego.&nbsp;Niekt\u00f3rzy ministrowie w nowym rz\u0105dzie s\u0105&nbsp;<a href=\"https:\/\/mondoweiss.net\/2023\/06\/how-long-can-israel-keep-insulting-its-benefactors\/?ml_recipient=91229631302075686&amp;ml_link=91229493803353372&amp;utm_source=newsletter&amp;utm_medium=email&amp;utm_term=2023-06-17&amp;utm_campaign=Daily+Headlines\">szczeg\u00f3lnie nikczemni w swoich pogl\u0105dach,<\/a>&nbsp;ale nale\u017cy za\u0142o\u017cy\u0107, \u017ce Netanjahu i inni w jego administracji szczerze popieraj\u0105 przekszta\u0142cenie Izraela w prawdziwie, a nawet wy\u0142\u0105cznie \u017cydowskie pa\u0144stwo, co w rzeczywisto\u015bci jest prawnie okre\u015blone.&nbsp;Jedynym ministrem najcz\u0119\u015bciej cytowanym za swoje okrucie\u0144stwo i rasizm jest&nbsp;<a href=\"https:\/\/www.jta.org\/2022\/09\/14\/israel\/the-rise-and-rise-of-itamar-ben-gvir-the-far-right-politician-holding-the-key-to-israels-next-coalition\">Itamar Ben-Gvir<\/a>partii Si\u0142a \u017bydowska.&nbsp;Ben-Gvir zosta\u0142 oskar\u017cony o zbrodnie 50 razy i skazany osiem razy, w tym raz za wspieranie \u017cydowskiej grupy terrorystycznej.&nbsp;Jest by\u0142ym zwolennikiem nie\u017cyj\u0105cego ju\u017c prawicowego fanatyka Meira Kahane i, podobnie jak Kahane, wyobra\u017ca sobie Izrael, kt\u00f3ry jest jak najbardziej wolny od Palestyny \u200b\u200bi skoncentrowany wy\u0142\u0105cznie na interesach \u017cydowskich.&nbsp;Wezwa\u0142 do deportacji Arab\u00f3w, kt\u00f3rzy nie s\u0105 lojalni wobec \u017cydowskiego Izraela, aneksji ca\u0142ego Zachodniego Brzegu i sprawowania pe\u0142nej izraelskiej suwerenno\u015bci nad Wzg\u00f3rzem \u015awi\u0105tynnym, gdzie znajduje si\u0119 czczony przez muzu\u0142man\u00f3w meczet Al-Aqsa.&nbsp;Popiera ustawodawstwo sprzeciwiaj\u0105ce si\u0119 mi\u0119dzynarodowym umowom \u201epodzia\u0142u\u201d miejsca Al-Aqsa w celu umo\u017cliwienia regularnym wyznawcom \u017cydowskim, a nawet pojawi\u0142y si\u0119 sugestie, \u017ce rz\u0105d izraelski b\u0119dzie d\u0105\u017cy\u0142 do odbudowy tak zwanej biblijnej Drugiej \u015awi\u0105tyni,<\/p>\n\n\n\n<p id=\"p_1_5\">Ben-Gvir jest znany ze swoich prowokacji skierowanych przeciwko palesty\u0144skim muzu\u0142manom i chrze\u015bcijanom.&nbsp;Prowadzi\u0142 marsze uzbrojonych osadnik\u00f3w obnosz\u0105cych si\u0119 z izraelskimi flagami przez arabskie dzielnice miast i miasteczek, a nawet przyprowadza\u0142 osadnik\u00f3w i innych ekstremist\u00f3w do meczetu Al-Aksa podczas ramadanu, aby przerwa\u0107 pi\u0105tkowe modlitwy.&nbsp;Ironi\u0105 losu jest to, \u017ce od listopada 2022 r. jest ministrem bezpiecze\u0144stwa narodowego, co daje mu w\u0142adz\u0119 nad policj\u0105, w tym tzw. Stra\u017c\u0105 Graniczn\u0105, a tak\u017ce si\u0142ami policyjnymi zlokalizowanymi na nielegalnie okupowanym Zachodnim Brzegu.&nbsp;Rzeczywi\u015bcie, w praktyce Ben-Gvir d\u0105\u017cy do tego, aby Kneset uchwali\u0142 ustaw\u0119 wyra\u017anie przyznaj\u0105c\u0105 immunitet prawny wszystkim izraelskim \u017co\u0142nierzom za wszelkie zab\u00f3jstwa Palesty\u0144czyk\u00f3w.&nbsp;Naciska\u0142 tak\u017ce na parlament, aby ustanowi\u0142 formaln\u0105,<\/p>\n\n\n\n<p id=\"p_1_6\">Innym ekstremist\u0105, kt\u00f3ry uzyska\u0142 wa\u017cne ministerstwo w rz\u0105dzie Netanjahu, jest Bezalel Yoel Smotrich, kt\u00f3ry od 2022 r. jest ministrem finans\u00f3w. Niedawno odby\u0142&nbsp;<a href=\"https:\/\/www.msn.com\/en-us\/news\/world\/smotrich-met-with-two-prominent-us-jewish-leaders-during-boycotted-march-visit\/ar-AA1crtt7\">kontrowersyjn\u0105 podr\u00f3\u017c<\/a>&nbsp;do Stan\u00f3w Zjednoczonych, gdzie spotka\u0142 si\u0119 z przyw\u00f3dcami ameryka\u0144skich syjonist\u00f3w.&nbsp;Smotrich jest przyw\u00f3dc\u0105&nbsp;<a href=\"https:\/\/en.wikipedia.org\/wiki\/Religious_Zionist_Party\">Religijnej Partii Syjonistycznej<\/a>i mieszka w nielegalnym osiedlu w domu na okupowanym przez Izrael Zachodnim Brzegu, kt\u00f3ry r\u00f3wnie\u017c zosta\u0142 zbudowany podw\u00f3jnie nielegalnie poza sam\u0105 osad\u0105.&nbsp;Smotrich popiera rozbudow\u0119 izraelskich osiedli na Zachodnim Brzegu, sprzeciwia si\u0119 jakiejkolwiek formie pa\u0144stwowo\u015bci palesty\u0144skiej, a nawet zaprzecza istnieniu narodu palesty\u0144skiego.&nbsp;Domaga si\u0119 pa\u0144stwowego s\u0105downictwa, kt\u00f3re opiera si\u0119 wy\u0142\u0105cznie na Torze i tradycyjnym prawie \u017cydowskim.&nbsp;Oskar\u017cony o pod\u017ceganie do nienawi\u015bci wobec arabskich Izraelczyk\u00f3w, powiedzia\u0142 arabskim izraelskim prawodawcom w pa\u017adzierniku 2021 r., \u017ce \u201eto b\u0142\u0105d, \u017ce David Ben-Gurion nie doko\u0144czy\u0142 roboty i nie wyrzuci\u0142 was wszystkich w 1948 r.\u201d.<\/p>\n\n\n\n<p id=\"p_1_7\">Rosn\u0105ca brutalno\u015b\u0107 izraelskiego rz\u0105du i jego si\u0142 bezpiecze\u0144stwa wywo\u0142a\u0142a reakcj\u0119 w\u015br\u00f3d wielu obserwator\u00f3w na ca\u0142ym \u015bwiecie, wi\u0119c zwolennicy Izraela zaanga\u017cowali si\u0119 we w\u0142asne pierwsze uderzenie, cz\u0119sto u\u017cywaj\u0105c broni \u201ezbrodni nienawi\u015bci\u201d.&nbsp;Zasadniczo obr\u00f3cili ustawodawstwo dotycz\u0105ce przest\u0119pstw z nienawi\u015bci na swoj\u0105 korzy\u015b\u0107, przekonuj\u0105c wiele narod\u00f3w do przyj\u0119cia definicji antysemityzmu \u201eprzest\u0119pstwa z nienawi\u015bci\u201d Mi\u0119dzynarodowego Sojuszu na rzecz Pami\u0119ci o Holokau\u015bcie (IHRA), aby automatycznie obejmowa\u0142a krytyk\u0119 Izraela jako r\u00f3wnorz\u0119dn\u0105 z nienawi\u015bci\u0105 do \u017byd\u00f3w.&nbsp;Kiedy to nie dzia\u0142a, pot\u0119\u017cne lobby izraelskie mo\u017ce r\u00f3wnie\u017c ucieka\u0107 si\u0119 do znacznie bardziej brutalnych gr\u00f3\u017ab.&nbsp;Kiedy pi\u0119\u0107 lat temu Islandia pr\u00f3bowa\u0142a dokona\u0107 nielegalnego obrzezania niemowl\u0105t, uznaj\u0105c to za okaleczenie narz\u0105d\u00f3w p\u0142ciowych dokonane na dziecku, kt\u00f3re nie wyrazi\u0142o na to zgody, Liga Przeciwko Znies\u0142awieniu (ADL)&nbsp;<a href=\"https:\/\/www.althingi.is\/altext\/erindi\/148\/148-787.pdf\">zagrozi\u0142a<\/a>uwolni\u0107 \u017cydowsk\u0105 pot\u0119g\u0119, aby zniszczy\u0107 ich gospodark\u0119 i mi\u0119dzynarodow\u0105 reputacj\u0119 jako kar\u0119 za uczynienie ich kraju \u201eniego\u015bcinnym dla \u017byd\u00f3w\u201d.<\/p>\n\n\n\n<p id=\"p_1_8\">Teraz, gdy d\u017cin \u201ezbrodni nienawi\u015bci\u201d wraz z powi\u0105zanymi z nim powi\u0105zaniami z negowaniem holokaustu i antysemityzmem zosta\u0142 wypuszczony z butelki, jest regularnie u\u017cywany do uciszenia ka\u017cdego, kto nawet po\u015brednio krytykuje wybitnych \u017byd\u00f3w, takich jak George Soros.&nbsp;Konserwaty\u015bci, w tym Tucker Carlson i Elon Musk, byli ostatnio na celowniku etykiety antysemityzmu po tym, jak odnie\u015bli si\u0119 do Sorosa i jego \u201eglobalistycznego\u201d programu.&nbsp;Jestem przekonany, \u017ce Tucker zosta\u0142 zwolniony przynajmniej cz\u0119\u015bciowo z powodu \u017cydowskiej presji na FOX, poniewa\u017c by\u0142 bardzo krytyczny wobec grup takich jak histeryczna ADL i jej ohydny dyrektor Jonathan Greenblatt.<\/p>\n\n\n\n<p id=\"p_1_9\">Roger Waters, by\u0142y wokalista Pink Floyd, okaza\u0142 si\u0119 pot\u0119\u017cnym krytykiem izraelskiego traktowania Palesty\u0144czyk\u00f3w.&nbsp;W rezultacie by\u0142 \u015bcigany przez w\u0142adze w Europie, odwo\u0142ywano jego koncerty i gro\u017cono mu podj\u0119ciem&nbsp;<a href=\"https:\/\/www.usatoday.com\/story\/entertainment\/celebrities\/2023\/06\/06\/roger-waters-and-antisemitism-biden-administration-comments\/70295208007\/\">krok\u00f3w prawnych<\/a>\u017ceby si\u0119 zamkn\u0105\u0142.&nbsp;Antysemityzm administracji Bidena, car Deborah Lipstadt, r\u00f3wnie\u017c go zaatakowa\u0142, m\u00f3wi\u0105c: \u201eCa\u0142kowicie zgadzam si\u0119 z [internetowym] pot\u0119pieniem Rogera Watersa i jego nikczemnego zniekszta\u0142cenia Holokaustu\u201d.&nbsp;Mia\u0142a na my\u015bli tweet, w kt\u00f3rym stwierdzi\u0142a, \u017ce \u200b\u200b\u201ejestem chora i zniesmaczona obsesj\u0105 Rogera Watersa, by umniejsza\u0107 i trywializowa\u0107 Zag\u0142ad\u0119 oraz sarkastyczny spos\u00f3b, w jaki rozkoszuje si\u0119 deptaniem ofiar systematycznie mordowanych przez nazist\u00f3w.&nbsp;W Niemczech.&nbsp;Wystarczy.&nbsp;Trywializacja Holokaustu jest kryminalizowana w ca\u0142ej UE\u201d.&nbsp;Departament Stanu, przemawiaj\u0105c w imieniu Bia\u0142ego Domu,<\/p>\n\n\n\n<p id=\"p_1_10\">Mo\u017cna by zauwa\u017cy\u0107, \u017ce przedstawienie Watersa jest w zasadzie nieprawdziwe \u2013 jest on krytykiem izraelskich zbrodni przeciwko ludzko\u015bci, ale nie nienawidzi \u017byd\u00f3w.&nbsp;Mo\u017cna r\u00f3wnie\u017c doda\u0107, \u017ce fakt, \u017ce Departament Stanu Stan\u00f3w Zjednoczonych faktycznie ma specjalnego wys\u0142annika do walki z antysemityzmem, m\u00f3wi sam za siebie i m\u00f3wi dok\u0142adnie, kto rz\u0105dzi w Waszyngtonie.&nbsp;Zastanawiam si\u0119, ile kosztuje coroczne prowadzenie ust Lipstadta z bez w\u0105tpienia dobrze wyposa\u017conego biura w Foggy Bottom?&nbsp;Mo\u017ce kto\u015b powinien przeprowadzi\u0107 analiz\u0119 koszt\u00f3w i korzy\u015bci i da\u0107 Debbie jej dokumenty dotycz\u0105ce chodzenia.<\/p>\n\n\n\n<p id=\"p_1_11\">Poza tym kilka innych niedawnych historii pokazuje, jak to wszystko cz\u0119sto dzia\u0142a w praktyce, aby skonfrontowa\u0107 i uciszy\u0107 krytyk\u00f3w.&nbsp;Szwedzka gwiazda muzyki pop, Zara Larsson, stoi w obliczu najwyra\u017aniej skoordynowanej reakcji w mediach spo\u0142eczno\u015bciowych po tym, jak skrytykowa\u0142a spos\u00f3b, w jaki Izrael traktuje Palesty\u0144czyk\u00f3w.&nbsp;W&nbsp;<a href=\"https:\/\/www.rt.com\/news\/523550-zara-larsson-anti-semitism-apartheid-israel\/?fbclid=IwAR1SxFCuzUoQtqfaYDswd-WFFf8ZjdW8yYRf1CxBUiofEHrMGZxMK_dtz1Y\">wiadomo\u015bci na Instagramie<\/a>&nbsp;do swoich 6,3 miliona obserwuj\u0105cych 23-latka o\u015bwiadczy\u0142a, \u017ce \u200b\u200btrwaj\u0105ca transgraniczna przemoc, w kt\u00f3rej gin\u0105 g\u0142\u00f3wnie Arabowie, jest \u201ezbrodni\u0105\u201d przeciwko Palesty\u0144czykom.&nbsp;Jej starania, by by\u0107 nieco sprawiedliwym, zosta\u0142y zignorowane w przes\u0142aniu, kt\u00f3re p\u00f3\u017aniej skasowa\u0142a, gdzie napisa\u0142a: \u201eMusimy stan\u0105\u0107 w obronie narodu \u017cydowskiego na ca\u0142ym \u015bwiecie w obliczu antysemickiej przemocy i gr\u00f3\u017ab, ale musimy tak\u017ce wezwa\u0107 pa\u0144stwo podtrzymuj\u0105ce apartheid i ZABIJAJ\u0104CE cywil\u00f3w, finansowane z dolar\u00f3w ameryka\u0144skich\u201d.&nbsp;Zako\u0144czy\u0142a wiadomo\u015b\u0107 hashtagiem \u201e#freepalestine\u201d.<\/p>\n\n\n\n<p id=\"p_1_12\">Larsson raczej nie wzywa\u0142a do atakowania \u017byd\u00f3w czy czego\u015b w tym rodzaju, ale reakcja na jej komentarz by\u0142a symptomatyczna dla typowej przesadnej reakcji Izraela i jego przyjaci\u00f3\u0142, ilekro\u0107 kto\u015b kwestionuje standardow\u0105 narracj\u0119 o izraelskiej wiecznej ofierze.&nbsp;Dwa inne przypadki komentarzy na temat Izraela, kt\u00f3re doprowadzi\u0142y do \u200b\u200bzdecydowanej reakcji na ukaranie sprawc\u00f3w, mia\u0142y miejsce w ci\u0105gu ostatniego miesi\u0105ca w Stanach Zjednoczonych podczas ceremonii rozpocz\u0119cia studi\u00f3w.&nbsp;Pierwszy odby\u0142 si\u0119 12 maja&nbsp;<sup>,<\/sup>&nbsp;na&nbsp;<a href=\"https:\/\/nypost.com\/2023\/05\/29\/cuny-law-speaker-slams-school-for-supporting-fascist-nypd\/\">uroczysto\u015bci rozdania dyplom\u00f3w<\/a>dla szko\u0142y prawniczej City University of New York (CUNY), gdzie Fatima Mousa Mohammed, pochodz\u0105ca z Queens, kt\u00f3ra zosta\u0142a wybrana przez klas\u0119 absolwent\u00f3w 2023 do przemawiania podczas ceremonii 12 maja, pochwali\u0142a CUNY za wspieranie aktywizmu studenckiego, powo\u0142uj\u0105c si\u0119 w szczeg\u00f3lno\u015bci na akceptacja grup studenckich protestuj\u0105cych przeciwko brutalno\u015bci Izraela wobec Palesty\u0144czyk\u00f3w.&nbsp;Powiedzia\u0142a: \u201eIzrael nadal bezkrytycznie zrzuca kule i bomby na wyznawc\u00f3w, morduj\u0105c starych, m\u0142odych, a nawet atakuj\u0105c pogrzeby i cmentarze, poniewa\u017c zach\u0119ca mot\u0142och dokonuj\u0105cy linczu do atak\u00f3w na domy i firmy Palesty\u0144czyk\u00f3w.&nbsp;Gdy wi\u0119zi swoje dzieci, kontynuuje sw\u00f3j projekt kolonializmu osadnik\u00f3w, wyp\u0119dzaj\u0105c Palesty\u0144czyk\u00f3w z ich dom\u00f3w.&nbsp;Cisza jest ju\u017c nie do przyj\u0119cia\u201d.<\/p>\n\n\n\n<p id=\"p_1_13\">Reakcja na Mohammeda by\u0142a natychmiastowa, w tym zjadliwy reporta\u017c w&nbsp;<em>New York Post<\/em>&nbsp;, wezwanie kilku grup \u017cydowskich do obci\u0119cia funduszy dla CUNY i \u017c\u0105danie zwolnienia dziekana szko\u0142y prawniczej.&nbsp;A kontrowersje ponownie pojawi\u0142y si\u0119 w wiadomo\u015bciach, gdy&nbsp;<a href=\"https:\/\/nypost.com\/2023\/06\/12\/el-camino-grad-jana-abulaban-delivers-sick-anti-israel-speech-at-graduation\/\">drugi student zabra\u0142 g\u0142os<\/a>&nbsp;na pocz\u0105tku w El Camino community college w Torrance w Kalifornii.&nbsp;18-letnia Jana Abulaban ostro skrytykowa\u0142a polityk\u0119 izraelskiego rz\u0105du w swoim przem\u00f3wieniu 9&nbsp;<sup>czerwca<\/sup>&nbsp;.<\/p>\n\n\n\n<p id=\"p_1_14\">Abulaban, kt\u00f3ra urodzi\u0142a si\u0119 w Jordanii w rodzinie palesty\u0144skich uchod\u017ac\u00f3w, podobno poczu\u0142a si\u0119 \u201ezainspirowana\u201d przem\u00f3wieniem Fatimy Mousy Mohammed i powiedzia\u0142a s\u0142uchaczom: ich \u017cycia ka\u017cdego dnia z powodu opresyjnego pa\u0144stwa apartheidu, Izraela, zabijaj\u0105cego i torturuj\u0105cego Palesty\u0144czyk\u00f3w w tej chwili\u201d.<\/p>\n\n\n\n<p id=\"p_1_15\">By\u0142a oczywi\u015bcie natychmiastowa reakcja na przem\u00f3wienie Abulabana pochodz\u0105ce z r\u00f3\u017cnych proizraelskich \u017ar\u00f3de\u0142 na Zachodnim Wybrze\u017cu iw Nowym Jorku.&nbsp;Brooke Goldstein, rzekoma prawniczka zajmuj\u0105ca si\u0119 prawami cz\u0142owieka, za\u0142o\u017cycielka&nbsp;<em>The Lawfare Project<\/em>&nbsp;, powiedzia\u0142a: \u201eTo jeszcze jeden przyk\u0142ad systemowej nienawi\u015bci do \u017byd\u00f3w, kt\u00f3r\u0105 obserwujemy na naszych kampusach uniwersyteckich.&nbsp;Kiedy ucze\u0144 wyg\u0142asza przem\u00f3wienie inauguracyjne skierowane przeciwko \u017bydom, handluj\u0105c nowoczesnymi tropami antysemityzmu, jasne jest, \u017ce w tej szkole dosz\u0142o do ca\u0142kowitego niepowodzenia w promowaniu sprawiedliwo\u015bci spo\u0142ecznej dla narodu \u017cydowskiego.&nbsp;Gdyby jakakolwiek inna grupa mniejszo\u015bciowa by\u0142a w ten spos\u00f3b celem ataku, bigot poni\u00f3s\u0142by konsekwencje.&nbsp;Spo\u0142eczno\u015b\u0107 \u017cydowska zas\u0142uguje na nie mniej\u201d.<\/p>\n\n\n\n<p id=\"p_1_16\">Oczywi\u015bcie obie kobiety m\u00f3wi\u0142y tylko prawd\u0119 o tym, co dzieje si\u0119 na Bliskim Wschodzie.&nbsp;Ani nie atakowali religii \u017cydowskiej, ani \u017byd\u00f3w&nbsp;<em>per se<\/em>i tylko skrytykowa\u0142 przera\u017caj\u0105ce zachowanie Izraela.&nbsp;Kiedy ostatnio sprawdza\u0142em, Izrael by\u0142 obcym krajem, kt\u00f3rego polityka zar\u00f3wno zagraniczna, jak i wewn\u0119trzna jest uwa\u017cana za bardzo w\u0105tpliw\u0105 przez wi\u0119kszo\u015b\u0107 \u015bwiata, wi\u0119c dlaczego mia\u0142by by\u0107 chroniony przed kwestionowaniem w Stanach Zjednoczonych?&nbsp;Obie kobiety by\u0142y odwa\u017cne, by zabra\u0107 g\u0142os, wiedz\u0105c z pewno\u015bci\u0105, \u017ce stan\u0105 si\u0119 celem wielu przyjaci\u00f3\u0142 i zwolennik\u00f3w pa\u0144stwa \u017cydowskiego.&nbsp;Ci z nas, kt\u00f3rzy nadal wypowiadaj\u0105 si\u0119 na temat ludob\u00f3jczej polityki Izraela, r\u00f3wnie\u017c mog\u0105 oczekiwa\u0107 nie mniej, zw\u0142aszcza \u017ce zar\u00f3wno rz\u0105dy federalne, jak i wiele rz\u0105d\u00f3w stanowych, a tak\u017ce media s\u0105 teraz na polowaniu na czarownice skierowane przeciwko tym, kt\u00f3rzy chc\u0105 m\u00f3wi\u0107 prawd\u0119.&nbsp;Ale musimy wytrwa\u0107.&nbsp;Jak to uj\u0119\u0142a Fatima Mousa Mohammed: \u201eMilczenie nie jest d\u0142u\u017cej akceptowane\u201d.<\/p>\n\n\n\n<p id=\"p_1_17\"><em>Philip M. Giraldi, Ph.D., jest dyrektorem wykonawczym Council for the National Interest, fundacji edukacyjnej 501(c)3 podlegaj\u0105cej odliczeniu od podatku (Federalny numer identyfikacyjny #52-1739023), kt\u00f3ra poszukuje polityki zagranicznej USA w wi\u0119kszym stopniu opartej na zainteresowaniach na Bliskim Wschodzie.\u00a0Strona internetowa to\u00a0<strong>Councilforthenationalinterest.org,<\/strong>\u00a0adres to PO Box 2157, Purcellville VA 20134, a jej adres e-mail to\u00a0<\/em><a href=\"mailto:inform@cnionline.org\"><strong>inform@cnionline.org<\/strong><\/a><em>\u00a0.<\/em><\/p>\n\n\n\n<p>\u0179r\u00f3d\u0142o https:\/\/www.unz.com\/pgiraldi\/the-hate-crime-purging-of-antisemites-is-underway\/<\/p>\n","protected":false},"excerpt":{"rendered":"<p>Powiedzenie czegokolwiek o niew\u0142a\u015bciwym zachowaniu Izraela grozi wi\u0119zieniem Autor, PHILIP GIRALDI\u00a0 Ostatnio mia\u0142o miejsce wiele incydent\u00f3w, kt\u00f3re by\u0142yby interesuj\u0105ce, je\u015bli kto\u015b ma obawy co do op\u0142akanego stanu wolno\u015bci s\u0142owa w Europie i Stanach Zjednoczonych, w tak zwanych \u201edemokracjach\u201d, kt\u00f3re zwykle&#8230; <\/p>\n","protected":false},"author":2,"featured_media":2397,"comment_status":"open","ping_status":"open","sticky":false,"template":"","format":"standard","meta":{"_acf_changed":false,"_bbp_topic_count":0,"_bbp_reply_count":0,"_bbp_total_topic_count":0,"_bbp_total_reply_count":0,"_bbp_voice_count":0,"_bbp_anonymous_reply_count":0,"_bbp_topic_count_hidden":0,"_bbp_reply_count_hidden":0,"_bbp_forum_subforum_count":0,"om_disable_all_campaigns":false,"_monsterinsights_skip_tracking":false,"footnotes":""},"categories":[93],"tags":[],"class_list":["post-2396","post","type-post","status-publish","format-standard","has-post-thumbnail","hentry","category-artykuly"],"acf":[],"aioseo_notices":[],"aioseo_head":"\n\t\t<!-- All in One SEO 5.0.1.1 - aioseo.com -->\n\t<meta name=\"description\" content=\"Powiedzenie czegokolwiek o niew\u0142a\u015bciwym zachowaniu Izraela grozi wi\u0119zieniem Autor, PHILIP GIRALDI Ostatnio mia\u0142o miejsce wiele incydent\u00f3w, kt\u00f3re by\u0142yby interesuj\u0105ce, je\u015bli kto\u015b ma obawy co do op\u0142akanego stanu wolno\u015bci s\u0142owa w Europie i Stanach Zjednoczonych, w tak zwanych \u201edemokracjach\u201d, kt\u00f3re zwykle przechwalaj\u0105 si\u0119 swoimi swobodami i prawami swoich obywatele. Broni\u0105 wybran\u0105 w Stanach Zjednoczonych i innych krajach\" \/>\n\t<meta name=\"robots\" content=\"max-image-preview:large\" \/>\n\t<meta name=\"author\" content=\"trinity\"\/>\n\t<link rel=\"canonical\" href=\"https:\/\/wia.net.pl\/index.php\/2023\/06\/20\/trwa-oczyszczanie-antysemitow-z-nienawisci\/\" \/>\n\t<meta name=\"generator\" content=\"All in One SEO (AIOSEO) 5.0.1.1\" \/>\n\t\t<meta property=\"og:locale\" content=\"pl_PL\" \/>\n\t\t<meta property=\"og:site_name\" content=\"Wolno\u015b\u0107 i Anarchia - Ka\u017cdy wewn\u0119trznie jest anarchist\u0105.\" \/>\n\t\t<meta property=\"og:type\" content=\"article\" \/>\n\t\t<meta property=\"og:title\" content=\"Trwa oczyszczanie \u201eantysemit\u00f3w\u201d z nienawi\u015bci! - Wolno\u015b\u0107 i Anarchia\" \/>\n\t\t<meta property=\"og:description\" content=\"Powiedzenie czegokolwiek o niew\u0142a\u015bciwym zachowaniu Izraela grozi wi\u0119zieniem Autor, PHILIP GIRALDI Ostatnio mia\u0142o miejsce wiele incydent\u00f3w, kt\u00f3re by\u0142yby interesuj\u0105ce, je\u015bli kto\u015b ma obawy co do op\u0142akanego stanu wolno\u015bci s\u0142owa w Europie i Stanach Zjednoczonych, w tak zwanych \u201edemokracjach\u201d, kt\u00f3re zwykle przechwalaj\u0105 si\u0119 swoimi swobodami i prawami swoich obywatele. Broni\u0105 wybran\u0105 w Stanach Zjednoczonych i innych krajach\" \/>\n\t\t<meta property=\"og:url\" content=\"https:\/\/wia.net.pl\/index.php\/2023\/06\/20\/trwa-oczyszczanie-antysemitow-z-nienawisci\/\" \/>\n\t\t<meta property=\"og:image\" content=\"https:\/\/wia.net.pl\/wp-content\/uploads\/2023\/11\/cropped-freedom-i73367.jpg\" \/>\n\t\t<meta property=\"og:image:secure_url\" content=\"https:\/\/wia.net.pl\/wp-content\/uploads\/2023\/11\/cropped-freedom-i73367.jpg\" \/>\n\t\t<meta property=\"article:published_time\" content=\"2023-06-20T06:45:04+00:00\" \/>\n\t\t<meta property=\"article:modified_time\" content=\"2023-06-20T06:45:05+00:00\" \/>\n\t\t<meta name=\"twitter:card\" content=\"summary_large_image\" \/>\n\t\t<meta name=\"twitter:title\" content=\"Trwa oczyszczanie \u201eantysemit\u00f3w\u201d z nienawi\u015bci! - Wolno\u015b\u0107 i Anarchia\" \/>\n\t\t<meta name=\"twitter:description\" content=\"Powiedzenie czegokolwiek o niew\u0142a\u015bciwym zachowaniu Izraela grozi wi\u0119zieniem Autor, PHILIP GIRALDI Ostatnio mia\u0142o miejsce wiele incydent\u00f3w, kt\u00f3re by\u0142yby interesuj\u0105ce, je\u015bli kto\u015b ma obawy co do op\u0142akanego stanu wolno\u015bci s\u0142owa w Europie i Stanach Zjednoczonych, w tak zwanych \u201edemokracjach\u201d, kt\u00f3re zwykle przechwalaj\u0105 si\u0119 swoimi swobodami i prawami swoich obywatele. Broni\u0105 wybran\u0105 w Stanach Zjednoczonych i innych krajach\" \/>\n\t\t<meta name=\"twitter:image\" content=\"https:\/\/wia.net.pl\/wp-content\/uploads\/2023\/11\/cropped-freedom-i73367.jpg\" \/>\n\t\t<script type=\"application\/ld+json\" class=\"aioseo-schema\">\n\t\t\t{\"@context\":\"https:\\\/\\\/schema.org\",\"@graph\":[{\"@type\":\"BlogPosting\",\"@id\":\"https:\\\/\\\/wia.net.pl\\\/index.php\\\/2023\\\/06\\\/20\\\/trwa-oczyszczanie-antysemitow-z-nienawisci\\\/#blogposting\",\"name\":\"Trwa oczyszczanie \\u201eantysemit\\u00f3w\\u201d z nienawi\\u015bci! - Wolno\\u015b\\u0107 i Anarchia\",\"headline\":\"Trwa oczyszczanie \\u201eantysemit\\u00f3w\\u201d z nienawi\\u015bci!\",\"author\":{\"@id\":\"https:\\\/\\\/wia.net.pl\\\/index.php\\\/author\\\/trinity\\\/#author\"},\"publisher\":{\"@id\":\"https:\\\/\\\/wia.net.pl\\\/#person\"},\"image\":{\"@type\":\"ImageObject\",\"url\":\"https:\\\/\\\/wia.net.pl\\\/wp-content\\\/uploads\\\/2023\\\/06\\\/Ben-Gvir2-600x400-1.jpg\",\"width\":600,\"height\":400},\"datePublished\":\"2023-06-20T08:45:04+02:00\",\"dateModified\":\"2023-06-20T08:45:05+02:00\",\"inLanguage\":\"pl-PL\",\"mainEntityOfPage\":{\"@id\":\"https:\\\/\\\/wia.net.pl\\\/index.php\\\/2023\\\/06\\\/20\\\/trwa-oczyszczanie-antysemitow-z-nienawisci\\\/#webpage\"},\"isPartOf\":{\"@id\":\"https:\\\/\\\/wia.net.pl\\\/index.php\\\/2023\\\/06\\\/20\\\/trwa-oczyszczanie-antysemitow-z-nienawisci\\\/#webpage\"},\"articleSection\":\"Artyku\\u0142y\"},{\"@type\":\"BreadcrumbList\",\"@id\":\"https:\\\/\\\/wia.net.pl\\\/index.php\\\/2023\\\/06\\\/20\\\/trwa-oczyszczanie-antysemitow-z-nienawisci\\\/#breadcrumblist\",\"itemListElement\":[{\"@type\":\"ListItem\",\"@id\":\"https:\\\/\\\/wia.net.pl#listItem\",\"position\":1,\"name\":\"Home\",\"item\":\"https:\\\/\\\/wia.net.pl\",\"nextItem\":{\"@type\":\"ListItem\",\"@id\":\"https:\\\/\\\/wia.net.pl\\\/index.php\\\/category\\\/artykuly\\\/#listItem\",\"name\":\"Artyku\\u0142y\"}},{\"@type\":\"ListItem\",\"@id\":\"https:\\\/\\\/wia.net.pl\\\/index.php\\\/category\\\/artykuly\\\/#listItem\",\"position\":2,\"name\":\"Artyku\\u0142y\",\"item\":\"https:\\\/\\\/wia.net.pl\\\/index.php\\\/category\\\/artykuly\\\/\",\"nextItem\":{\"@type\":\"ListItem\",\"@id\":\"https:\\\/\\\/wia.net.pl\\\/index.php\\\/2023\\\/06\\\/20\\\/trwa-oczyszczanie-antysemitow-z-nienawisci\\\/#listItem\",\"name\":\"Trwa oczyszczanie \\u201eantysemit\\u00f3w\\u201d z nienawi\\u015bci!\"},\"previousItem\":{\"@type\":\"ListItem\",\"@id\":\"https:\\\/\\\/wia.net.pl#listItem\",\"name\":\"Home\"}},{\"@type\":\"ListItem\",\"@id\":\"https:\\\/\\\/wia.net.pl\\\/index.php\\\/2023\\\/06\\\/20\\\/trwa-oczyszczanie-antysemitow-z-nienawisci\\\/#listItem\",\"position\":3,\"name\":\"Trwa oczyszczanie \\u201eantysemit\\u00f3w\\u201d z nienawi\\u015bci!\",\"previousItem\":{\"@type\":\"ListItem\",\"@id\":\"https:\\\/\\\/wia.net.pl\\\/index.php\\\/category\\\/artykuly\\\/#listItem\",\"name\":\"Artyku\\u0142y\"}}]},{\"@type\":\"Person\",\"@id\":\"https:\\\/\\\/wia.net.pl\\\/#person\",\"name\":\"Bart\\u0142omiej Talarczyk\",\"image\":{\"@type\":\"ImageObject\",\"@id\":\"https:\\\/\\\/wia.net.pl\\\/index.php\\\/2023\\\/06\\\/20\\\/trwa-oczyszczanie-antysemitow-z-nienawisci\\\/#personImage\",\"url\":\"https:\\\/\\\/wia.net.pl\\\/wp-content\\\/uploads\\\/avatar-privacy\\\/cache\\\/user\\\/1\\\/7\\\/176a6b161c58363ff49b5c167264231f519f5c7fa183ca1f61e891769b6b56d5-96.jpg\",\"width\":96,\"height\":96,\"caption\":\"Bart\\u0142omiej Talarczyk\"}},{\"@type\":\"Person\",\"@id\":\"https:\\\/\\\/wia.net.pl\\\/index.php\\\/author\\\/trinity\\\/#author\",\"url\":\"https:\\\/\\\/wia.net.pl\\\/index.php\\\/author\\\/trinity\\\/\",\"name\":\"trinity\",\"image\":{\"@type\":\"ImageObject\",\"@id\":\"https:\\\/\\\/wia.net.pl\\\/index.php\\\/2023\\\/06\\\/20\\\/trwa-oczyszczanie-antysemitow-z-nienawisci\\\/#authorImage\",\"url\":\"https:\\\/\\\/wia.net.pl\\\/wp-content\\\/uploads\\\/avatar-privacy\\\/cache\\\/user\\\/5\\\/f\\\/5f6547cf82495eaa10e100a6a45d5dbde2dfdc1be88557de2018fca705bdf6f1-96.jpg\",\"width\":96,\"height\":96,\"caption\":\"trinity\"}},{\"@type\":\"WebPage\",\"@id\":\"https:\\\/\\\/wia.net.pl\\\/index.php\\\/2023\\\/06\\\/20\\\/trwa-oczyszczanie-antysemitow-z-nienawisci\\\/#webpage\",\"url\":\"https:\\\/\\\/wia.net.pl\\\/index.php\\\/2023\\\/06\\\/20\\\/trwa-oczyszczanie-antysemitow-z-nienawisci\\\/\",\"name\":\"Trwa oczyszczanie \\u201eantysemit\\u00f3w\\u201d z nienawi\\u015bci! - Wolno\\u015b\\u0107 i Anarchia\",\"description\":\"Powiedzenie czegokolwiek o niew\\u0142a\\u015bciwym zachowaniu Izraela grozi wi\\u0119zieniem Autor, PHILIP GIRALDI Ostatnio mia\\u0142o miejsce wiele incydent\\u00f3w, kt\\u00f3re by\\u0142yby interesuj\\u0105ce, je\\u015bli kto\\u015b ma obawy co do op\\u0142akanego stanu wolno\\u015bci s\\u0142owa w Europie i Stanach Zjednoczonych, w tak zwanych \\u201edemokracjach\\u201d, kt\\u00f3re zwykle przechwalaj\\u0105 si\\u0119 swoimi swobodami i prawami swoich obywatele. Broni\\u0105 wybran\\u0105 w Stanach Zjednoczonych i innych krajach\",\"inLanguage\":\"pl-PL\",\"isPartOf\":{\"@id\":\"https:\\\/\\\/wia.net.pl\\\/#website\"},\"breadcrumb\":{\"@id\":\"https:\\\/\\\/wia.net.pl\\\/index.php\\\/2023\\\/06\\\/20\\\/trwa-oczyszczanie-antysemitow-z-nienawisci\\\/#breadcrumblist\"},\"author\":{\"@id\":\"https:\\\/\\\/wia.net.pl\\\/index.php\\\/author\\\/trinity\\\/#author\"},\"creator\":{\"@id\":\"https:\\\/\\\/wia.net.pl\\\/index.php\\\/author\\\/trinity\\\/#author\"},\"image\":{\"@type\":\"ImageObject\",\"url\":\"https:\\\/\\\/wia.net.pl\\\/wp-content\\\/uploads\\\/2023\\\/06\\\/Ben-Gvir2-600x400-1.jpg\",\"@id\":\"https:\\\/\\\/wia.net.pl\\\/index.php\\\/2023\\\/06\\\/20\\\/trwa-oczyszczanie-antysemitow-z-nienawisci\\\/#mainImage\",\"width\":600,\"height\":400},\"primaryImageOfPage\":{\"@id\":\"https:\\\/\\\/wia.net.pl\\\/index.php\\\/2023\\\/06\\\/20\\\/trwa-oczyszczanie-antysemitow-z-nienawisci\\\/#mainImage\"},\"datePublished\":\"2023-06-20T08:45:04+02:00\",\"dateModified\":\"2023-06-20T08:45:05+02:00\"},{\"@type\":\"WebSite\",\"@id\":\"https:\\\/\\\/wia.net.pl\\\/#website\",\"url\":\"https:\\\/\\\/wia.net.pl\\\/\",\"name\":\"Wolno\\u015b\\u0107 i Anarchia\",\"description\":\"Ka\\u017cdy wewn\\u0119trznie jest anarchist\\u0105.\",\"inLanguage\":\"pl-PL\",\"publisher\":{\"@id\":\"https:\\\/\\\/wia.net.pl\\\/#person\"}}]}\n\t\t<\/script>\n\t\t<!-- All in One SEO -->\n\n","aioseo_head_json":{"title":"Trwa oczyszczanie \u201eantysemit\u00f3w\u201d z nienawi\u015bci! - Wolno\u015b\u0107 i Anarchia","description":"Powiedzenie czegokolwiek o niew\u0142a\u015bciwym zachowaniu Izraela grozi wi\u0119zieniem Autor, PHILIP GIRALDI Ostatnio mia\u0142o miejsce wiele incydent\u00f3w, kt\u00f3re by\u0142yby interesuj\u0105ce, je\u015bli kto\u015b ma obawy co do op\u0142akanego stanu wolno\u015bci s\u0142owa w Europie i Stanach Zjednoczonych, w tak zwanych \u201edemokracjach\u201d, kt\u00f3re zwykle przechwalaj\u0105 si\u0119 swoimi swobodami i prawami swoich obywatele. Broni\u0105 wybran\u0105 w Stanach Zjednoczonych i innych krajach","canonical_url":"https:\/\/wia.net.pl\/index.php\/2023\/06\/20\/trwa-oczyszczanie-antysemitow-z-nienawisci\/","robots":"max-image-preview:large","keywords":"","webmasterTools":{"miscellaneous":""},"schema":{"@context":"https:\/\/schema.org","@graph":[{"@type":"BlogPosting","@id":"https:\/\/wia.net.pl\/index.php\/2023\/06\/20\/trwa-oczyszczanie-antysemitow-z-nienawisci\/#blogposting","name":"Trwa oczyszczanie \u201eantysemit\u00f3w\u201d z nienawi\u015bci! - Wolno\u015b\u0107 i Anarchia","headline":"Trwa oczyszczanie \u201eantysemit\u00f3w\u201d z nienawi\u015bci!","author":{"@id":"https:\/\/wia.net.pl\/index.php\/author\/trinity\/#author"},"publisher":{"@id":"https:\/\/wia.net.pl\/#person"},"image":{"@type":"ImageObject","url":"https:\/\/wia.net.pl\/wp-content\/uploads\/2023\/06\/Ben-Gvir2-600x400-1.jpg","width":600,"height":400},"datePublished":"2023-06-20T08:45:04+02:00","dateModified":"2023-06-20T08:45:05+02:00","inLanguage":"pl-PL","mainEntityOfPage":{"@id":"https:\/\/wia.net.pl\/index.php\/2023\/06\/20\/trwa-oczyszczanie-antysemitow-z-nienawisci\/#webpage"},"isPartOf":{"@id":"https:\/\/wia.net.pl\/index.php\/2023\/06\/20\/trwa-oczyszczanie-antysemitow-z-nienawisci\/#webpage"},"articleSection":"Artyku\u0142y"},{"@type":"BreadcrumbList","@id":"https:\/\/wia.net.pl\/index.php\/2023\/06\/20\/trwa-oczyszczanie-antysemitow-z-nienawisci\/#breadcrumblist","itemListElement":[{"@type":"ListItem","@id":"https:\/\/wia.net.pl#listItem","position":1,"name":"Home","item":"https:\/\/wia.net.pl","nextItem":{"@type":"ListItem","@id":"https:\/\/wia.net.pl\/index.php\/category\/artykuly\/#listItem","name":"Artyku\u0142y"}},{"@type":"ListItem","@id":"https:\/\/wia.net.pl\/index.php\/category\/artykuly\/#listItem","position":2,"name":"Artyku\u0142y","item":"https:\/\/wia.net.pl\/index.php\/category\/artykuly\/","nextItem":{"@type":"ListItem","@id":"https:\/\/wia.net.pl\/index.php\/2023\/06\/20\/trwa-oczyszczanie-antysemitow-z-nienawisci\/#listItem","name":"Trwa oczyszczanie \u201eantysemit\u00f3w\u201d z nienawi\u015bci!"},"previousItem":{"@type":"ListItem","@id":"https:\/\/wia.net.pl#listItem","name":"Home"}},{"@type":"ListItem","@id":"https:\/\/wia.net.pl\/index.php\/2023\/06\/20\/trwa-oczyszczanie-antysemitow-z-nienawisci\/#listItem","position":3,"name":"Trwa oczyszczanie \u201eantysemit\u00f3w\u201d z nienawi\u015bci!","previousItem":{"@type":"ListItem","@id":"https:\/\/wia.net.pl\/index.php\/category\/artykuly\/#listItem","name":"Artyku\u0142y"}}]},{"@type":"Person","@id":"https:\/\/wia.net.pl\/#person","name":"Bart\u0142omiej Talarczyk","image":{"@type":"ImageObject","@id":"https:\/\/wia.net.pl\/index.php\/2023\/06\/20\/trwa-oczyszczanie-antysemitow-z-nienawisci\/#personImage","url":"https:\/\/wia.net.pl\/wp-content\/uploads\/avatar-privacy\/cache\/user\/1\/7\/176a6b161c58363ff49b5c167264231f519f5c7fa183ca1f61e891769b6b56d5-96.jpg","width":96,"height":96,"caption":"Bart\u0142omiej Talarczyk"}},{"@type":"Person","@id":"https:\/\/wia.net.pl\/index.php\/author\/trinity\/#author","url":"https:\/\/wia.net.pl\/index.php\/author\/trinity\/","name":"trinity","image":{"@type":"ImageObject","@id":"https:\/\/wia.net.pl\/index.php\/2023\/06\/20\/trwa-oczyszczanie-antysemitow-z-nienawisci\/#authorImage","url":"https:\/\/wia.net.pl\/wp-content\/uploads\/avatar-privacy\/cache\/user\/5\/f\/5f6547cf82495eaa10e100a6a45d5dbde2dfdc1be88557de2018fca705bdf6f1-96.jpg","width":96,"height":96,"caption":"trinity"}},{"@type":"WebPage","@id":"https:\/\/wia.net.pl\/index.php\/2023\/06\/20\/trwa-oczyszczanie-antysemitow-z-nienawisci\/#webpage","url":"https:\/\/wia.net.pl\/index.php\/2023\/06\/20\/trwa-oczyszczanie-antysemitow-z-nienawisci\/","name":"Trwa oczyszczanie \u201eantysemit\u00f3w\u201d z nienawi\u015bci! - Wolno\u015b\u0107 i Anarchia","description":"Powiedzenie czegokolwiek o niew\u0142a\u015bciwym zachowaniu Izraela grozi wi\u0119zieniem Autor, PHILIP GIRALDI Ostatnio mia\u0142o miejsce wiele incydent\u00f3w, kt\u00f3re by\u0142yby interesuj\u0105ce, je\u015bli kto\u015b ma obawy co do op\u0142akanego stanu wolno\u015bci s\u0142owa w Europie i Stanach Zjednoczonych, w tak zwanych \u201edemokracjach\u201d, kt\u00f3re zwykle przechwalaj\u0105 si\u0119 swoimi swobodami i prawami swoich obywatele. Broni\u0105 wybran\u0105 w Stanach Zjednoczonych i innych krajach","inLanguage":"pl-PL","isPartOf":{"@id":"https:\/\/wia.net.pl\/#website"},"breadcrumb":{"@id":"https:\/\/wia.net.pl\/index.php\/2023\/06\/20\/trwa-oczyszczanie-antysemitow-z-nienawisci\/#breadcrumblist"},"author":{"@id":"https:\/\/wia.net.pl\/index.php\/author\/trinity\/#author"},"creator":{"@id":"https:\/\/wia.net.pl\/index.php\/author\/trinity\/#author"},"image":{"@type":"ImageObject","url":"https:\/\/wia.net.pl\/wp-content\/uploads\/2023\/06\/Ben-Gvir2-600x400-1.jpg","@id":"https:\/\/wia.net.pl\/index.php\/2023\/06\/20\/trwa-oczyszczanie-antysemitow-z-nienawisci\/#mainImage","width":600,"height":400},"primaryImageOfPage":{"@id":"https:\/\/wia.net.pl\/index.php\/2023\/06\/20\/trwa-oczyszczanie-antysemitow-z-nienawisci\/#mainImage"},"datePublished":"2023-06-20T08:45:04+02:00","dateModified":"2023-06-20T08:45:05+02:00"},{"@type":"WebSite","@id":"https:\/\/wia.net.pl\/#website","url":"https:\/\/wia.net.pl\/","name":"Wolno\u015b\u0107 i Anarchia","description":"Ka\u017cdy wewn\u0119trznie jest anarchist\u0105.","inLanguage":"pl-PL","publisher":{"@id":"https:\/\/wia.net.pl\/#person"}}]},"og:locale":"pl_PL","og:site_name":"Wolno\u015b\u0107 i Anarchia - Ka\u017cdy wewn\u0119trznie jest anarchist\u0105.","og:type":"article","og:title":"Trwa oczyszczanie \u201eantysemit\u00f3w\u201d z nienawi\u015bci! - Wolno\u015b\u0107 i Anarchia","og:description":"Powiedzenie czegokolwiek o niew\u0142a\u015bciwym zachowaniu Izraela grozi wi\u0119zieniem Autor, PHILIP GIRALDI Ostatnio mia\u0142o miejsce wiele incydent\u00f3w, kt\u00f3re by\u0142yby interesuj\u0105ce, je\u015bli kto\u015b ma obawy co do op\u0142akanego stanu wolno\u015bci s\u0142owa w Europie i Stanach Zjednoczonych, w tak zwanych \u201edemokracjach\u201d, kt\u00f3re zwykle przechwalaj\u0105 si\u0119 swoimi swobodami i prawami swoich obywatele. Broni\u0105 wybran\u0105 w Stanach Zjednoczonych i innych krajach","og:url":"https:\/\/wia.net.pl\/index.php\/2023\/06\/20\/trwa-oczyszczanie-antysemitow-z-nienawisci\/","og:image":"https:\/\/wia.net.pl\/wp-content\/uploads\/2023\/11\/cropped-freedom-i73367.jpg","og:image:secure_url":"https:\/\/wia.net.pl\/wp-content\/uploads\/2023\/11\/cropped-freedom-i73367.jpg","article:published_time":"2023-06-20T06:45:04+00:00","article:modified_time":"2023-06-20T06:45:05+00:00","twitter:card":"summary_large_image","twitter:title":"Trwa oczyszczanie \u201eantysemit\u00f3w\u201d z nienawi\u015bci! - Wolno\u015b\u0107 i Anarchia","twitter:description":"Powiedzenie czegokolwiek o niew\u0142a\u015bciwym zachowaniu Izraela grozi wi\u0119zieniem Autor, PHILIP GIRALDI Ostatnio mia\u0142o miejsce wiele incydent\u00f3w, kt\u00f3re by\u0142yby interesuj\u0105ce, je\u015bli kto\u015b ma obawy co do op\u0142akanego stanu wolno\u015bci s\u0142owa w Europie i Stanach Zjednoczonych, w tak zwanych \u201edemokracjach\u201d, kt\u00f3re zwykle przechwalaj\u0105 si\u0119 swoimi swobodami i prawami swoich obywatele. Broni\u0105 wybran\u0105 w Stanach Zjednoczonych i innych krajach","twitter:image":"https:\/\/wia.net.pl\/wp-content\/uploads\/2023\/11\/cropped-freedom-i73367.jpg"},"aioseo_meta_data":{"post_id":"2396","title":null,"description":null,"keywords":[],"keyphrases":{"focus":{"keyphrase":"","score":0,"analysis":{"keyphraseInTitle":{"score":0,"maxScore":9,"error":1}}},"additional":[]},"primary_term":null,"canonical_url":null,"og_title":null,"og_description":null,"og_object_type":"default","og_image_type":"default","og_image_url":null,"og_image_width":null,"og_image_height":null,"og_image_custom_url":null,"og_image_custom_fields":null,"og_video":"","og_custom_url":null,"og_article_section":null,"og_article_tags":[],"twitter_use_og":false,"twitter_card":"default","twitter_image_type":"default","twitter_image_url":null,"twitter_image_custom_url":null,"twitter_image_custom_fields":null,"twitter_title":null,"twitter_description":null,"schema":{"blockGraphs":[],"customGraphs":[],"default":{"data":{"Article":[],"Course":[],"Dataset":[],"FAQPage":[],"Movie":[],"Person":[],"Product":[],"ProductReview":[],"Car":[],"Recipe":[],"Service":[],"SoftwareApplication":[],"WebPage":[]},"graphName":"","isEnabled":true},"graphs":[]},"schema_type":"default","schema_type_options":null,"pillar_content":false,"robots_default":true,"robots_noindex":false,"robots_noarchive":false,"robots_nosnippet":false,"robots_nofollow":false,"robots_noimageindex":false,"robots_noodp":false,"robots_notranslate":false,"robots_max_snippet":"-1","robots_max_videopreview":"-1","robots_max_imagepreview":"large","priority":0,"frequency":"default","local_seo":null,"breadcrumb_settings":null,"limit_modified_date":false,"ai":null,"created":"2023-06-20 06:45:05","updated":"2025-06-04 08:12:26","seo_analyzer_scan_date":null,"focus_keyword":null,"additional_keywords":null,"truseo_locale":null},"aioseo_breadcrumb":"<div class=\"aioseo-breadcrumbs\"><span class=\"aioseo-breadcrumb\">\n\t\t\t<a href=\"https:\/\/wia.net.pl\" title=\"Home\">Home<\/a>\n\t\t<\/span><span class=\"aioseo-breadcrumb-separator\">&raquo;<\/span><span class=\"aioseo-breadcrumb\">\n\t\t\t<a href=\"https:\/\/wia.net.pl\/index.php\/category\/artykuly\/\" title=\"Artyku\u0142y\">Artyku\u0142y<\/a>\n\t\t<\/span><span class=\"aioseo-breadcrumb-separator\">&raquo;<\/span><span class=\"aioseo-breadcrumb\">\n\t\t\tTrwa oczyszczanie \u201eantysemit\u00f3w\u201d z nienawi\u015bci!\n\t\t<\/span><\/div>","aioseo_breadcrumb_json":[{"label":"Home","link":"https:\/\/wia.net.pl"},{"label":"Artyku\u0142y","link":"https:\/\/wia.net.pl\/index.php\/category\/artykuly\/"},{"label":"Trwa oczyszczanie \u201eantysemit\u00f3w\u201d z nienawi\u015bci!","link":"https:\/\/wia.net.pl\/index.php\/2023\/06\/20\/trwa-oczyszczanie-antysemitow-z-nienawisci\/"}],"_links":{"self":[{"href":"https:\/\/wia.net.pl\/index.php\/wp-json\/wp\/v2\/posts\/2396"}],"collection":[{"href":"https:\/\/wia.net.pl\/index.php\/wp-json\/wp\/v2\/posts"}],"about":[{"href":"https:\/\/wia.net.pl\/index.php\/wp-json\/wp\/v2\/types\/post"}],"author":[{"embeddable":true,"href":"https:\/\/wia.net.pl\/index.php\/wp-json\/wp\/v2\/users\/2"}],"replies":[{"embeddable":true,"href":"https:\/\/wia.net.pl\/index.php\/wp-json\/wp\/v2\/comments?post=2396"}],"version-history":[{"count":1,"href":"https:\/\/wia.net.pl\/index.php\/wp-json\/wp\/v2\/posts\/2396\/revisions"}],"predecessor-version":[{"id":2398,"href":"https:\/\/wia.net.pl\/index.php\/wp-json\/wp\/v2\/posts\/2396\/revisions\/2398"}],"wp:featuredmedia":[{"embeddable":true,"href":"https:\/\/wia.net.pl\/index.php\/wp-json\/wp\/v2\/media\/2397"}],"wp:attachment":[{"href":"https:\/\/wia.net.pl\/index.php\/wp-json\/wp\/v2\/media?parent=2396"}],"wp:term":[{"taxonomy":"category","embeddable":true,"href":"https:\/\/wia.net.pl\/index.php\/wp-json\/wp\/v2\/categories?post=2396"},{"taxonomy":"post_tag","embeddable":true,"href":"https:\/\/wia.net.pl\/index.php\/wp-json\/wp\/v2\/tags?post=2396"}],"curies":[{"name":"wp","href":"https:\/\/api.w.org\/{rel}","templated":true}]}}