{"id":2399,"date":"2023-06-20T08:53:05","date_gmt":"2023-06-20T06:53:05","guid":{"rendered":"https:\/\/wia.net.pl\/?p=2399"},"modified":"2023-06-20T08:53:05","modified_gmt":"2023-06-20T06:53:05","slug":"bojkot-ekonomiczny-z-1933-r-larry-romanoff","status":"publish","type":"post","link":"https:\/\/wia.net.pl\/index.php\/2023\/06\/20\/bojkot-ekonomiczny-z-1933-r-larry-romanoff\/","title":{"rendered":"Bojkot ekonomiczny z 1933 r &#8211; Larry Romanoff"},"content":{"rendered":"\n<p><strong>\u017bydowskie wypowiedzenie wojny Niemcom \u2014 Bojkot ekonomiczny z 1933 r<\/strong><\/p>\n\n\n\n<p><a href=\"https:\/\/www.bluemoonofshanghai.com\/politics\/9836\/\"><strong>\u017bydowska deklaracja wojny z Niemcami<\/strong><\/a><\/p>\n\n\n\n<p>Autor, Larry\u00a0<strong><a href=\"https:\/\/www.bluemoonofshanghai.com\/archives\/\">Romanoff<\/a>\u00a0,<\/strong>\u00a028 stycznia 2023 r<\/p>\n\n\n\n<p><\/p>\n\n\n\n<figure class=\"wp-block-image size-large\"><img loading=\"lazy\" decoding=\"async\" width=\"1024\" height=\"809\" src=\"https:\/\/wia.net.pl\/wp-content\/uploads\/2023\/06\/boycott-all-German-goods-1024x809.webp\" alt=\"\" class=\"wp-image-2400\" srcset=\"https:\/\/wia.net.pl\/wp-content\/uploads\/2023\/06\/boycott-all-German-goods-1024x809.webp 1024w, https:\/\/wia.net.pl\/wp-content\/uploads\/2023\/06\/boycott-all-German-goods-300x237.webp 300w, https:\/\/wia.net.pl\/wp-content\/uploads\/2023\/06\/boycott-all-German-goods-768x607.webp 768w, https:\/\/wia.net.pl\/wp-content\/uploads\/2023\/06\/boycott-all-German-goods-1536x1214.webp 1536w, https:\/\/wia.net.pl\/wp-content\/uploads\/2023\/06\/boycott-all-German-goods.webp 1877w\" sizes=\"(max-width: 1024px) 100vw, 1024px\" \/><\/figure>\n\n\n\n<p><\/p>\n\n\n\n<p><em><strong>Uwaga dla czytelnik\u00f3w<\/strong>\u00a0: Cz\u0119\u015b\u0107 tre\u015bci tego eseju zosta\u0142a zaczerpni\u0119ta z artyku\u0142u w The Barnes Review, stycze\u0144\/luty.\u00a02001, s. 41-45, dr M. Raphael Johnson, asystent redaktora TBR.\u00a0Zosta\u0142 opublikowany za zgod\u0105 w wersji cyfrowej \u00a9 2002-2019 przez The Scriptorium\u00a0.[\u00a0<a href=\"https:\/\/wintersonnenwende.com\/scriptorium\/english\/archives\/articles\/jdecwar.html\">1<\/a>\u00a0]<\/em><\/p>\n\n\n\n<p>\u017bydzi na przestrzeni wiek\u00f3w dokonywali licznych okrucie\u0144stw i zbrodni przeciwko r\u00f3\u017cnym narodom i suwerennym narodom.&nbsp;Opr\u00f3cz wojen i rewolucji wprowadzili liczne embarga na \u017cywno\u015b\u0107, embarga gospodarcze, wywo\u0142ali brutalne recesje gospodarcze i wiele innych.&nbsp;Ten esej dotyczy jednego z takich wydarze\u0144, kt\u00f3re zosta\u0142o ca\u0142kowicie pogrzebane przez histori\u0119, przez \u017cydowskich autor\u00f3w, przez \u017cydowskich wydawc\u00f3w ksi\u0105\u017cek, nale\u017c\u0105ce do \u017byd\u00f3w media g\u0142\u00f3wnego nurtu, i pogrzebane tak dobrze, \u017ce by\u0107 mo\u017ce tylko kilka os\u00f3b na milion jest \u015bwiadomych jego istnienia.&nbsp;Jednak jest to jedna z bardziej brutalnych pr\u00f3b \u017cydowskiej kontroli nad narodem i zosta\u0142a opisana jako \u201ewyj\u0105tkowe wydarzenie, kt\u00f3re zapocz\u0105tkowa\u0142o to, co przekszta\u0142ci\u0142o si\u0119 w II wojn\u0119 \u015bwiatow\u0105\u201d.&nbsp;Tym wydarzeniem by\u0142a \u015bwiatowa wojna ekonomiczna \u017byd\u00f3w z Niemcami w 1933 r.,<\/p>\n\n\n\n<p>\u201eW przeciwie\u0144stwie do popularnego mitu, \u017bydzi pozostawali\u201e wolni \u201dw Niemczech \u2013 cho\u0107 podlegali prawom, kt\u00f3re ogranicza\u0142y niekt\u00f3re z ich przywilej\u00f3w \u2013 przed wybuchem II wojny \u015bwiatowej.&nbsp;Jednak ma\u0142o znanym faktem jest to, \u017ce zanim wojna si\u0119 zacz\u0119\u0142a, kierownictwo \u015bwiatowej spo\u0142eczno\u015bci \u017cydowskiej formalnie wypowiedzia\u0142o wojn\u0119 Niemcom \u2013 wykraczaj\u0105c poza trwaj\u0105cy sze\u015b\u0107 lat bojkot ekonomiczny rozpocz\u0119ty przez \u015bwiatow\u0105 spo\u0142eczno\u015b\u0107 \u017cydowsk\u0105 po przybyciu partii nazistowskiej do w\u0142adzy w 1933 r. W konsekwencji formalnego wypowiedzenia wojny w\u0142adze niemieckie uzna\u0142y \u017byd\u00f3w za potencjalnych agent\u00f3w wroga.&nbsp;\u201eNa d\u0142ugo przed tym, zanim rz\u0105d Hitlera zacz\u0105\u0142 ogranicza\u0107 prawa niemieckich \u017byd\u00f3w, przyw\u00f3dcy \u015bwiatowej spo\u0142eczno\u015bci \u017cydowskiej formalnie wypowiedzieli wojn\u0119 \u201eNowym Niemcom\u201d.&nbsp;Do dzisiaj,[&nbsp;<a href=\"https:\/\/wintersonnenwende.com\/scriptorium\/english\/archives\/articles\/jdecwar.html\">2<\/a>&nbsp;]<\/p>\n\n\n\n<p>T\u0142em tego wydarzenia by\u0142o to, \u017ce Hitler \u2013 kt\u00f3ry by\u0142 tylko cz\u0142onkiem koalicji i bynajmniej nie \u201eprzyw\u00f3dc\u0105\u201d Niemiec w tamtym czasie \u2013 w pe\u0142ni zdawa\u0142 sobie spraw\u0119, \u017ce wi\u0119kszo\u015b\u0107 problem\u00f3w, przed kt\u00f3rymi stan\u0119\u0142y Niemcy, spowodowali \u017bydzi.&nbsp;W\u015br\u00f3d nich by\u0142o pod\u017ceganie do I wojny \u015bwiatowej przeciwko Niemcom, kl\u0119ska Niemiec w I wojnie \u015bwiatowej przez wcielenie do wojny Stan\u00f3w Zjednoczonych oraz brutalne i bez skrupu\u0142\u00f3w postanowienia traktatu wersalskiego.&nbsp;Hitler w pe\u0142ni zdawa\u0142 sobie spraw\u0119, \u017ce niemiecka hiperinflacja i towarzysz\u0105ca jej powa\u017cna depresja zosta\u0142y w ca\u0142o\u015bci wywo\u0142ane przez \u017cydowskich bankier\u00f3w w celu spl\u0105drowania Niemiec.&nbsp;W tym czasie gospodarka Niemiec by\u0142a w rozsypce, z bardzo wysok\u0105 stop\u0105 bezrobocia i niewielk\u0105 nadziej\u0105 na jak\u0105kolwiek odbudow\u0119,&nbsp;przede wszystkim dlatego, \u017ce \u017bydzi (Rothschildowie) byli w\u0142a\u015bcicielami niemieckiego banku centralnego i kontrolowali walut\u0119 oraz znaczn\u0105 cz\u0119\u015b\u0107 gospodarki i byli znacznie bardziej zainteresowani grabie\u017c\u0105 kraju ni\u017c jego odbudow\u0105.&nbsp;W uznaniu tego Hitler podj\u0105\u0142 pewne niezwyk\u0142e kroki.&nbsp;Zabi\u0142 \u017cydowski prywatny bank centralny, eksmitowa\u0142 wszystkich \u017byd\u00f3w z narodowego systemu bankowego, eksmitowa\u0142 wszystkich \u017byd\u00f3w z wysokich stanowisk rz\u0105dowych i skutecznie usun\u0105\u0142 ich ze wszystkich stanowisk, na kt\u00f3rych mogliby nadal szkodzi\u0107 Niemcom i zapobiec ich zmartwychwstaniu jako suwerenne pa\u0144stwo.&nbsp;Historyczny zapis p\u00f3\u017aniejszego \u201ecudu gospodarczego\u201d Hitlera w Niemczech to legenda, a informacje s\u0105 \u0142atwo dost\u0119pne.&nbsp;W ci\u0105gu zaledwie trzech lat po usuni\u0119ciu Rothschilda i \u017byd\u00f3w z systemu bankowego i przej\u0119ciu kontroli nad bankowo\u015bci\u0105 i walut\u0105,&nbsp;Niemcy osi\u0105gn\u0119\u0142y pe\u0142ne zatrudnienie, a gospodarka zn\u00f3w bucza\u0142a.&nbsp;Dzia\u0142ania gospodarcze Hitlera by\u0142y tak skuteczne, \u017ce Roosevelt bardzo chcia\u0142 skopiowa\u0107 jego formu\u0142\u0119.<\/p>\n\n\n<div class=\"wp-block-image\">\n<figure class=\"alignleft\"><a href=\"https:\/\/i0.wp.com\/www.bluemoonofshanghai.com\/wp-content\/uploads\/2023\/01\/main_1667400875-Hitler-1941-Time-Magazine-PristineAuction.com_.jpg?ssl=1\"><img decoding=\"async\" src=\"https:\/\/i0.wp.com\/www.bluemoonofshanghai.com\/wp-content\/uploads\/2023\/01\/main_1667400875-Hitler-1941-Time-Magazine-PristineAuction.com_.jpg?resize=324%2C400&amp;ssl=1\" alt=\"\" class=\"wp-image-9838\"\/><\/a><\/figure><\/div>\n\n\n<p>Co wi\u0119cej, Stany Zjednoczone by\u0142y pod takim wra\u017ceniem cudu gospodarczego Hitlera, \u017ce \u200b\u200bmagazyn \u201eTime\u201d przyzna\u0142 mu tytu\u0142&nbsp;<em>\u201eCz\u0142owieka Roku\u201d<\/em>&nbsp;.&nbsp;Oczywi\u015bcie od tego czasu Czas nauczy\u0142 si\u0119 swojej lekcji i obejmuje to zdumiewaj\u0105co nienawistn\u0105 diatryb\u0105 tego samego cz\u0142owieka, kt\u00f3rego tak bardzo szanowali, m\u00f3wi\u0105c nam teraz, \u017ce \u201e&nbsp;<em>On nadal \u017cyje jako symbol z\u0142a<\/em>&nbsp;\u201d&nbsp;<a href=\"https:\/\/time.com\/5573720\/hitler-world-influence\/\">[3]<\/a>&nbsp;.&nbsp;I oczywi\u015bcie Snopes (kolejny \u017cydowski troll Hasbary) \u201esprawdzi\u0142 fakty\u201d&nbsp;<a href=\"https:\/\/www.snopes.com\/fact-check\/hitler-time-magazine-1938\/\">[4]<\/a>&nbsp;i m\u00f3wi nam, \u017ce jest to ca\u0142kowicie fa\u0142szywe za\u0142o\u017cenie, \u017ce&nbsp;<em>\u201eCz\u0142owiek Roku\u201d magazynu \u201eTime\u201d<\/em>oznaczenia mia\u0142y oznacza\u0107 wielko\u015b\u0107 i aprobat\u0119 i by\u0142y nadawane tylko ludziom, kt\u00f3rzy wywarli dobroczynny wp\u0142yw na \u015bwiat.&nbsp;Snopes m\u00f3wi nam dalej, \u017ce \u201estandardem Time&#8217;a dla tytu\u0142u jest identyfikacja osoby, kt\u00f3ra \u201emia\u0142a najwi\u0119kszy wp\u0142yw na wiadomo\u015bci\u201d, niezale\u017cnie od tego, czy wp\u0142yw ten by\u0142 pozytywny, czy negatywny\u201d. Ale to stanowisko stanowi niewybaczaln\u0105 nieuczciwo\u015b\u0107;&nbsp;<em>Tytu\u0142 \u201eCz\u0142owieka Roku\u201d magazynu Time<\/em>&nbsp;by\u0142 ogromnym zaszczytem dla wybitnej osoby.&nbsp;I, aby dope\u0142ni\u0107 seri\u0119 \u017cydowskich k\u0142amstw Snopesa w tej sprawie, m\u00f3wi\u0105 nam, \u017ce w tym samym numerze z 1938 roku, w kt\u00f3rym Hitler zosta\u0142 nazwany \u201e&nbsp;<em>Cz\u0142owiekiem Roku\u201d magazynu Time<\/em>, Hitler zosta\u0142 opisany jako \u201enajwi\u0119ksza gro\u017ana si\u0142a, przed kt\u00f3r\u0105 stoi dzi\u015b demokratyczny, mi\u0142uj\u0105cy wolno\u015b\u0107 \u015bwiat\u201d.&nbsp;My\u015bl\u0119, \u017ce to dobry moment, aby porzuci\u0107 wszelkie z\u0142udzenia, jakie mo\u017cemy mie\u0107 na temat niezale\u017cnego lub uczciwego sprawdzania fakt\u00f3w.<\/p>\n\n\n\n<p>Oczywi\u015bcie \u017bydzi sprzeciwiali si\u0119 usuni\u0119ciu ich z korytarzy w\u0142adzy.&nbsp;Zwo\u0142ali mniej wi\u0119cej natychmiastow\u0105 mi\u0119dzynarodow\u0105 konferencj\u0119 w sprawie Niemiec, po kt\u00f3rej przedstawili Hitlerowi zasadniczo dwa \u017c\u0105dania: jednym by\u0142o przywr\u00f3cenie prywatnego banku centralnego Rotszylda, a drugim przywr\u00f3cenie wszystkich \u017byd\u00f3w usuni\u0119tych z ich stanowisk w w\u0142adz\u0119 polityczn\u0105 lub inn\u0105.&nbsp;Hitler stanowczo odm\u00f3wi\u0142, czego rezultatem by\u0142 og\u00f3lno\u015bwiatowy bojkot Niemiec.<\/p>\n\n\n\n<p>By\u0142o to o wiele wi\u0119ksze i bardziej z\u0142owrogie przedsi\u0119wzi\u0119cie, ni\u017c si\u0119 powszechnie uwa\u017ca, nawet przez tych, kt\u00f3rzy znaj\u0105 podstawy.&nbsp;W tamtym czasie Niemcy by\u0142y w stanie wyprodukowa\u0107 \u017cywno\u015b\u0107 tylko dla oko\u0142o 70% swojej populacji, co oznacza\u0142o, \u017ce kraj musia\u0142 regularnie importowa\u0107 ogromne ilo\u015bci \u017cywno\u015bci.&nbsp;A to oczywi\u015bcie wi\u0105za\u0142o si\u0119 z konieczno\u015bci\u0105 wymiany walut \u2013 obcych walut na zakupy.&nbsp;\u017bydowski bojkot ekonomiczny by\u0142 zasadniczo skierowany przeciwko niemieckiemu eksportowi, na tej podstawie, \u017ce gdyby krajowy eksport gwa\u0142townie spad\u0142, Niemcy nie mieliby walut obcych, aby zap\u0142aci\u0107 za import \u017cywno\u015bci, a zatem by\u0107 mo\u017ce 30% Niemc\u00f3w powoli umar\u0142oby z g\u0142odu.&nbsp;<strong>I taki by\u0142 plan: nie pope\u0142nij b\u0142\u0119du<\/strong>&nbsp;.&nbsp;<strong>Intencj\u0105 by\u0142o zag\u0142odzenie na \u015bmier\u0107 ogromnego procenta ludno\u015bci Niemiec.<\/strong>\u017bydzi nie opublikowali tej intencji w mediach g\u0142\u00f3wnego nurtu, ale zosta\u0142a ona opublikowana w mniejszych czasopismach i by\u0142a szeroko dyskutowana i zrozumiano, \u017ce taki b\u0119dzie wynik.&nbsp;I twierdz\u0119, \u017ce by\u0142oby ca\u0142kowicie nieistotne i nieszczere twierdzenie, \u017ce \u017bydzi nie mieli takich intencji, poniewa\u017c niezale\u017cnie od ich faktycznych zamiar\u00f3w, taki by\u0142by nieunikniony skutek.&nbsp;Gdyby niemiecki eksport si\u0119 za\u0142ama\u0142, kraj nie by\u0142by w stanie kupowa\u0107 \u017cywno\u015bci, a wi\u0119kszo\u015b\u0107 ludno\u015bci powoli umiera\u0142aby z g\u0142odu.&nbsp;\u017baden inny wynik nie by\u0142 mo\u017cliwy.&nbsp;Ponownie, nie pope\u0142nijcie b\u0142\u0119du: taka by\u0142a intencja i nie \u0142ud\u017amy si\u0119, \u017ce wierzymy lub my\u015blimy, \u017ce \u017bydzi nie byli \u015bwiadomi tego wyniku.&nbsp;Wielokrotnie ju\u017c pisa\u0142em, \u017ce w sprawach zagranicznych zawsze jest powa\u017cnym b\u0142\u0119dem zak\u0142ada\u0107, \u017ce ludzie nie wiedz\u0105, co robi\u0105.<\/p>\n\n\n<div class=\"wp-block-image\">\n<figure class=\"alignleft\"><a href=\"https:\/\/i0.wp.com\/www.bluemoonofshanghai.com\/wp-content\/uploads\/2023\/01\/DAILY-EXPRESS-March-24-1933.jpg?ssl=1\"><img decoding=\"async\" src=\"https:\/\/i0.wp.com\/www.bluemoonofshanghai.com\/wp-content\/uploads\/2023\/01\/DAILY-EXPRESS-March-24-1933.jpg?resize=1024%2C736&amp;ssl=1\" alt=\"\" class=\"wp-image-9865\"\/><\/a><\/figure><\/div>\n\n\n<p><em><strong>Odbitka fotograficzna londy\u0144skiego Daily Express, przedstawiaj\u0105ca nag\u0142\u00f3wek wojny ekonomicznej \u017byd\u00f3w z Niemcami i promuj\u0105ca og\u00f3lno\u015bwiatowy bojkot niemieckich towar\u00f3w.<\/strong><\/em><\/p>\n\n\n\n<p>W tamtym czasie wielu du\u017cych i ma\u0142ych detalist\u00f3w (w wielu krajach) by\u0142o \u017bydami, wi\u0119kszo\u015b\u0107 du\u017cych hurtownik\u00f3w by\u0142a w\u0142asno\u015bci\u0105 \u017byd\u00f3w, podobnie jak wi\u0119kszo\u015b\u0107 du\u017cych importer\u00f3w i wi\u0119kszo\u015b\u0107 statk\u00f3w lub linii \u017ceglugowych.&nbsp;Plan zak\u0142ada\u0142, \u017ce \u017cadna \u017cydowska firma (ani \u017cadna gojowska firma, nad kt\u00f3r\u0105 \u017bydzi mogliby wywiera\u0107 wp\u0142yw bankowy lub inny) nie b\u0119dzie handlowa\u0107 jakimikolwiek niemieckimi towarami.&nbsp;Co wi\u0119cej, \u017bydzi i nale\u017c\u0105ce do nich banki odm\u00f3wi\u0142yby finansowania jakiejkolwiek cz\u0119\u015bci transportu niemieckich towar\u00f3w, a \u017cydowskie towarzystwa ubezpieczeniowe odm\u00f3wi\u0142yby ubezpieczenia zar\u00f3wno towar\u00f3w, jak i przewo\u017c\u0105cych je statk\u00f3w.&nbsp;Brokerzy odmawiali handlu akcjami niemieckich firm.&nbsp;Ponadto du\u017ca cz\u0119\u015b\u0107 \u00f3wczesnej zdolno\u015bci \u017ceglugowej nale\u017ca\u0142a do \u017byd\u00f3w i \u017caden \u017cydowski statek nie przewozi\u0142 niemieckich towar\u00f3w.&nbsp;Tam, gdzie \u017bydzi nie posiadali ani nie kontrolowali firm,&nbsp;wywieraliby du\u017cy wp\u0142yw i wywierali presj\u0119 na bankowo\u015b\u0107 i finanse, na reklam\u0119, transport i praktycznie zmuszali gojowskie firmy do podporz\u0105dkowania si\u0119 ich \u017cyczeniom, podobnie jak robi\u0105 to dzisiaj za pomoc\u0105 \u201esankcji\u201d i innych nacisk\u00f3w.&nbsp;Embargo mia\u0142o by\u0107 og\u00f3lno\u015bwiatowe i ca\u0142kowite.&nbsp;\u017bydzi umieszczali wiele reklam w publikacjach medialnych, czy to nale\u017c\u0105cych do \u017byd\u00f3w, czy nie, wzywaj\u0105c wszystkich obywateli ka\u017cdego narodu do ca\u0142kowitego bojkotu wszystkich niemieckich towar\u00f3w.&nbsp;Jako uzasadnienie przedstawiono okrucie\u0144stwo wobec \u017byd\u00f3w w Niemczech, podczas gdy w rzeczywisto\u015bci nic takiego nie mia\u0142o miejsca.&nbsp;Ca\u0142e uzasadnienie bojkotu opiera\u0142o si\u0119 na k\u0142amstwach.&nbsp;Zosta\u0142o to dalej przedstawione jako odwet na \u201enazistowskich Niemczech\u201d, kiedy \u201enazi\u015bci\u201d nie mieli \u017cadnej roli do odegrania w tej szaradzie, ale to by\u0142o podstaw\u0105 wszystkich \u00f3wczesnych historii medialnych na ten temat.&nbsp;w reklamie, transporcie i praktycznie zmuszaj\u0105 gojowskie firmy do podporz\u0105dkowania si\u0119 ich \u017cyczeniom, podobnie jak robi\u0105 to dzisiaj za pomoc\u0105 \u201esankcji\u201d i innych nacisk\u00f3w.&nbsp;Embargo mia\u0142o by\u0107 og\u00f3lno\u015bwiatowe i ca\u0142kowite.&nbsp;\u017bydzi umieszczali wiele reklam w publikacjach medialnych, czy to nale\u017c\u0105cych do \u017byd\u00f3w, czy nie, wzywaj\u0105c wszystkich obywateli ka\u017cdego narodu do ca\u0142kowitego bojkotu wszystkich niemieckich towar\u00f3w.&nbsp;Jako uzasadnienie przedstawiono okrucie\u0144stwo wobec \u017byd\u00f3w w Niemczech, podczas gdy w rzeczywisto\u015bci nic takiego nie mia\u0142o miejsca.&nbsp;Ca\u0142e uzasadnienie bojkotu opiera\u0142o si\u0119 na k\u0142amstwach.&nbsp;Zosta\u0142o to dalej przedstawione jako odwet na \u201enazistowskich Niemczech\u201d, kiedy \u201enazi\u015bci\u201d nie mieli \u017cadnej roli do odegrania w tej szaradzie, ale to by\u0142o podstaw\u0105 wszystkich \u00f3wczesnych historii medialnych na ten temat.&nbsp;w reklamie, transporcie i praktycznie zmuszaj\u0105 gojowskie firmy do podporz\u0105dkowania si\u0119 ich \u017cyczeniom, podobnie jak robi\u0105 to dzisiaj za pomoc\u0105 \u201esankcji\u201d i innych nacisk\u00f3w.&nbsp;Embargo mia\u0142o by\u0107 og\u00f3lno\u015bwiatowe i ca\u0142kowite.&nbsp;\u017bydzi umieszczali wiele reklam w publikacjach medialnych, czy to nale\u017c\u0105cych do \u017byd\u00f3w, czy nie, wzywaj\u0105c wszystkich obywateli ka\u017cdego narodu do ca\u0142kowitego bojkotu wszystkich niemieckich towar\u00f3w.&nbsp;Jako uzasadnienie przedstawiono okrucie\u0144stwo wobec \u017byd\u00f3w w Niemczech, podczas gdy w rzeczywisto\u015bci nic takiego nie mia\u0142o miejsca.&nbsp;Ca\u0142e uzasadnienie bojkotu opiera\u0142o si\u0119 na k\u0142amstwach.&nbsp;Zosta\u0142o to dalej przedstawione jako odwet na \u201enazistowskich Niemczech\u201d, kiedy \u201enazi\u015bci\u201d nie mieli \u017cadnej roli do odegrania w tej szaradzie, ale to by\u0142o podstaw\u0105 wszystkich \u00f3wczesnych historii medialnych na ten temat.&nbsp;tak samo, jak robi\u0105 to dzisiaj z \u201esankcjami\u201d i innymi naciskami.&nbsp;Embargo mia\u0142o by\u0107 og\u00f3lno\u015bwiatowe i ca\u0142kowite.&nbsp;\u017bydzi umieszczali wiele reklam w publikacjach medialnych, czy to nale\u017c\u0105cych do \u017byd\u00f3w, czy nie, wzywaj\u0105c wszystkich obywateli ka\u017cdego narodu do ca\u0142kowitego bojkotu wszystkich niemieckich towar\u00f3w.&nbsp;Jako uzasadnienie przedstawiono okrucie\u0144stwo wobec \u017byd\u00f3w w Niemczech, podczas gdy w rzeczywisto\u015bci nic takiego nie mia\u0142o miejsca.&nbsp;Ca\u0142e uzasadnienie bojkotu opiera\u0142o si\u0119 na k\u0142amstwach.&nbsp;Zosta\u0142o to dalej przedstawione jako odwet na \u201enazistowskich Niemczech\u201d, kiedy \u201enazi\u015bci\u201d nie mieli \u017cadnej roli do odegrania w tej szaradzie, ale to by\u0142o podstaw\u0105 wszystkich \u00f3wczesnych historii medialnych na ten temat.&nbsp;tak samo, jak robi\u0105 to dzisiaj z \u201esankcjami\u201d i innymi naciskami.&nbsp;Embargo mia\u0142o by\u0107 og\u00f3lno\u015bwiatowe i ca\u0142kowite.&nbsp;\u017bydzi umieszczali wiele reklam w publikacjach medialnych, czy to nale\u017c\u0105cych do \u017byd\u00f3w, czy nie, wzywaj\u0105c wszystkich obywateli ka\u017cdego narodu do ca\u0142kowitego bojkotu wszystkich niemieckich towar\u00f3w.&nbsp;Jako uzasadnienie przedstawiono okrucie\u0144stwo wobec \u017byd\u00f3w w Niemczech, podczas gdy w rzeczywisto\u015bci nic takiego nie mia\u0142o miejsca.&nbsp;Ca\u0142e uzasadnienie bojkotu opiera\u0142o si\u0119 na k\u0142amstwach.&nbsp;Zosta\u0142o to dalej przedstawione jako odwet na \u201enazistowskich Niemczech\u201d, kiedy \u201enazi\u015bci\u201d nie mieli \u017cadnej roli do odegrania w tej szaradzie, ale to by\u0142o podstaw\u0105 wszystkich \u00f3wczesnych historii medialnych na ten temat.&nbsp;wzywaj\u0105c wszystkich obywateli ka\u017cdego narodu do ca\u0142kowitego bojkotu wszystkich niemieckich towar\u00f3w.&nbsp;Jako uzasadnienie przedstawiono okrucie\u0144stwo wobec \u017byd\u00f3w w Niemczech, podczas gdy w rzeczywisto\u015bci nic takiego nie mia\u0142o miejsca.&nbsp;Ca\u0142e uzasadnienie bojkotu opiera\u0142o si\u0119 na k\u0142amstwach.&nbsp;Zosta\u0142o to dalej przedstawione jako odwet na \u201enazistowskich Niemczech\u201d, kiedy \u201enazi\u015bci\u201d nie mieli \u017cadnej roli do odegrania w tej szaradzie, ale to by\u0142o podstaw\u0105 wszystkich \u00f3wczesnych historii medialnych na ten temat.&nbsp;wzywaj\u0105c wszystkich obywateli ka\u017cdego narodu do ca\u0142kowitego bojkotu wszystkich niemieckich towar\u00f3w.&nbsp;Jako uzasadnienie przedstawiono okrucie\u0144stwo wobec \u017byd\u00f3w w Niemczech, podczas gdy w rzeczywisto\u015bci nic takiego nie mia\u0142o miejsca.&nbsp;Ca\u0142e uzasadnienie bojkotu opiera\u0142o si\u0119 na k\u0142amstwach.&nbsp;Zosta\u0142o to dalej przedstawione jako odwet na \u201enazistowskich Niemczech\u201d, kiedy \u201enazi\u015bci\u201d nie mieli \u017cadnej roli do odegrania w tej szaradzie, ale to by\u0142o podstaw\u0105 wszystkich \u00f3wczesnych historii medialnych na ten temat.<\/p>\n\n\n<div class=\"wp-block-image\">\n<figure class=\"alignleft\"><a href=\"https:\/\/i0.wp.com\/www.bluemoonofshanghai.com\/wp-content\/uploads\/2023\/01\/Boycott-German-industry.jpg?ssl=1\"><img decoding=\"async\" src=\"https:\/\/i0.wp.com\/www.bluemoonofshanghai.com\/wp-content\/uploads\/2023\/01\/Boycott-German-industry.jpg?resize=397%2C370&amp;ssl=1\" alt=\"\" class=\"wp-image-9840\"\/><\/a><\/figure><\/div>\n\n\n<p>\u201eWed\u0142ug&nbsp;<em>The Daily Express<\/em>&nbsp;z Londynu z 24 marca 1933 r., \u017bydzi ju\u017c rozpocz\u0119li bojkot Niemiec i ich wybranego rz\u0105du.&nbsp;Nag\u0142\u00f3wek brzmia\u0142&nbsp;<em>: \u201eJudea wypowiada wojn\u0119 Niemcom \u2013 \u017bydzi z ca\u0142ego \u015bwiata jednocz\u0105 si\u0119 \u2013 Bojkot towar\u00f3w niemieckich \u2013 Masowe demonstracje\u201d.&nbsp;<\/em>Artyku\u0142 opisywa\u0142 zbli\u017caj\u0105c\u0105 si\u0119 \u201e\u015bwi\u0119t\u0105 wojn\u0119\u201d i wzywa\u0142 \u017byd\u00f3w na ca\u0142ym \u015bwiecie do bojkotu niemieckich towar\u00f3w i udzia\u0142u w masowych demonstracjach przeciwko niemieckim interesom gospodarczym.&nbsp;Wed\u0142ug Expressu:<\/p>\n\n\n\n<p>\u201eCa\u0142y Izrael na ca\u0142ym \u015bwiecie jednoczy si\u0119, by wypowiedzie\u0107 Niemcom wojn\u0119 gospodarcz\u0105 i finansow\u0105.&nbsp;Pojawienie si\u0119 swastyki jako symbolu nowych Niemiec przywr\u00f3ci\u0142o do \u017cycia stary symbol wojenny Judasza.&nbsp;Czterna\u015bcie milion\u00f3w \u017byd\u00f3w rozsianych po ca\u0142ym \u015bwiecie trzyma si\u0119 blisko siebie jak jeden cz\u0142owiek, aby wypowiedzie\u0107 wojn\u0119 niemieckim prze\u015bladowcom swoich wsp\u00f3\u0142wyznawc\u00f3w.&nbsp;\u017bydowski hurtownik opu\u015bci sw\u00f3j dom, bankier swoj\u0105 gie\u0142d\u0119, kupiec swoj\u0105 firm\u0119, a \u017cebrak swoj\u0105 skromn\u0105 chat\u0119, aby przy\u0142\u0105czy\u0107 si\u0119 do \u015bwi\u0119tej wojny przeciwko narodowi Hitlera.&nbsp;The Express powiedzia\u0142, \u017ce Niemcy \u201estaj\u0105 teraz w obliczu mi\u0119dzynarodowego bojkotu ich handlu, finans\u00f3w i przemys\u0142u\u2026.&nbsp;W Londynie, Nowym Jorku, Pary\u017cu i Warszawie \u017cydowscy biznesmeni jednocz\u0105 si\u0119, by wyruszy\u0107 na ekonomiczn\u0105 krucjat\u0119.&nbsp;W artykule napisano, \u017ce \u201ena ca\u0142ym \u015bwiecie trwaj\u0105 przygotowania do zorganizowania demonstracji protestacyjnych\u201d i doniesiono, \u017ce \u201estary i ponownie zjednoczony nar\u00f3d Izraela tworzy formacj\u0119 z now\u0105 i nowoczesn\u0105 broni\u0105, aby stoczy\u0107 odwieczn\u0105 bitw\u0119 z prze\u015bladowcami\u201d.&nbsp;Mo\u017cna to naprawd\u0119 opisa\u0107 jako \u201epierwszy strza\u0142 oddany podczas drugiej wojny \u015bwiatowej\u201d.<\/p>\n\n\n\n<p>W podobnym duchu \u017cydowska gazeta&nbsp;<em>Natscha Retsch<\/em>&nbsp;napisa\u0142a:<\/p>\n\n\n\n<p>\u201eWojna przeciwko Niemcom b\u0119dzie prowadzona przez wszystkie spo\u0142eczno\u015bci \u017cydowskie, konferencje, kongresy\u2026 przez ka\u017cdego pojedynczego \u017byda.&nbsp;<strong>W ten spos\u00f3b wojna z Niemcami o\u017cywi ideologicznie i b\u0119dzie&nbsp;<\/strong><strong>promowa\u0107 nasze interesy, kt\u00f3re wymagaj\u0105 ca\u0142kowitego zniszczenia Niemiec.&nbsp;<\/strong>Niebezpiecze\u0144stwo dla nas, \u017byd\u00f3w, le\u017cy w ca\u0142ym narodzie niemieckim, w Niemczech jako ca\u0142o\u015bci, jak r\u00f3wnie\u017c indywidualnie.&nbsp;Musi by\u0107 unieszkodliwiony na zawsze\u2026.&nbsp;W tej wojnie my, \u017bydzi, musimy uczestniczy\u0107, i to z ca\u0142\u0105 si\u0142\u0105 i pot\u0119g\u0105, jak\u0105 mamy do dyspozycji\u201d.[&nbsp;<a href=\"https:\/\/www.wintersonnenwende.com\/scriptorium\/english\/archives\/articles\/jdecwar.html\">6<\/a>&nbsp;]<\/p>\n\n\n\n<p>\u201eW bezpo\u015bredniej odpowiedzi na to niemiecki rz\u0105d og\u0142osi\u0142 p\u00f3\u017aniej jednodniowy bojkot \u017cydowskich przedsi\u0119biorstw w Niemczech.&nbsp;Rz\u0105d og\u0142osi\u0142, \u017ce je\u015bli po jednodniowym bojkocie nie b\u0119dzie dalszych atak\u00f3w na Niemcy, bojkot zostanie wstrzymany.&nbsp;Sam Hitler odpowiedzia\u0142 na \u017cydowski bojkot i gro\u017aby w przem\u00f3wieniu z 28 marca \u2013 cztery dni po pierwotnym \u017cydowskim wypowiedzeniu wojny \u2013 m\u00f3wi\u0105c:<\/p>\n\n\n\n<p>\u201eTak wi\u0119c fakt \u2013 wygodnie pomini\u0119ty w prawie ca\u0142ej historii na ten temat \u2013 jest taki, \u017ce rozkaz bojkotu Hitlera z 28 marca 1933 r. by\u0142 bezpo\u015bredni\u0105 odpowiedzi\u0105 na wypowiedzenie wojny Niemcom przez \u015bwiatowe przyw\u00f3dztwo \u017cydowskie zaledwie cztery dni wcze\u015bniej.&nbsp;Dzi\u015b rozkaz bojkotu Hitlera jest opisywany jako jawny akt agresji, jednak wszystkie okoliczno\u015bci, kt\u00f3re doprowadzi\u0142y do \u200b\u200bjego wydania, rzadko s\u0105 opisywane nawet w najdonio\u015blejszych i najbardziej szczeg\u00f3\u0142owych historiach \u201eHolokaustu\u201d.&nbsp;Nawet Saul Friedlander w sk\u0105din\u0105d obszernym przegl\u0105dzie niemieckiej polityki, nazistowskich Niemiec i \u017byd\u00f3w, nie wspomina o fakcie, \u017ce \u017cydowskie wypowiedzenie wojny i bojkot poprzedzi\u0142o przem\u00f3wienie Hitlera z 28 marca 1933 roku. Wnikliwy czytelnik powinien zapyta\u0107, dlaczego Friedlander tak uwa\u017ca element historii tak nieistotny.&nbsp;Prostym faktem jest to, \u017ce to zorganizowane \u017cydostwo jako jednostka polityczna \u2013 a nie niemiecka spo\u0142eczno\u015b\u0107 \u017cydowska jako taka \u2013 faktycznie zainicjowa\u0142o pierwszy strza\u0142 w wojnie z Niemcami\u201d.&nbsp;Reakcja Niemiec by\u0142a \u015brodkiem obronnym, a nie ofensywnym.&nbsp;Gdyby ten fakt by\u0142 dzi\u015b szeroko znany, rzuci\u0142by nowe \u015bwiat\u0142o na p\u00f3\u017aniejsze wydarzenia, kt\u00f3re ostatecznie doprowadzi\u0142y do \u200b\u200bog\u00f3lno\u015bwiatowej po\u017cogi, kt\u00f3ra nast\u0105pi\u0142a\u201d.<a href=\"https:\/\/www.wintersonnenwende.com\/scriptorium\/english\/archives\/articles\/jdecwar.html\">[7]<\/a><\/p>\n\n\n<div class=\"wp-block-image\">\n<figure class=\"alignleft\"><a href=\"https:\/\/i0.wp.com\/www.bluemoonofshanghai.com\/wp-content\/uploads\/2023\/01\/40000-roar-protest.jpg?ssl=1\"><img decoding=\"async\" src=\"https:\/\/i0.wp.com\/www.bluemoonofshanghai.com\/wp-content\/uploads\/2023\/01\/40000-roar-protest.jpg?resize=400%2C338&amp;ssl=1\" alt=\"\" class=\"wp-image-9841\"\/><\/a><\/figure><\/div>\n\n\n<p>\u201e\u017bydowscy przyw\u00f3dcy nie blefowali.&nbsp;Bojkot by\u0142 aktem wojny nie tylko w metaforze:&nbsp;<strong>by\u0142 to dobrze przemy\u015blany \u015brodek do zniszczenia Niemiec jako podmiotu politycznego, spo\u0142ecznego i gospodarczego.&nbsp;<\/strong>D\u0142ugoterminowym celem bojkotu \u017byd\u00f3w przeciwko Niemcom by\u0142o doprowadzenie ich do bankructwa w odniesieniu do reparacji na\u0142o\u017conych na Niemcy po I wojnie \u015bwiatowej oraz utrzymanie Niemiec w stanie zdemilitaryzowanym i bezbronnym.&nbsp;W rzeczywisto\u015bci bojkot by\u0142 dla Niemiec do\u015b\u0107 parali\u017cuj\u0105cy.&nbsp;\u017bydowscy uczeni, tacy jak Edwin Black, donie\u015bli, \u017ce w odpowiedzi na bojkot niemiecki eksport zosta\u0142 zmniejszony o 10 procent, a wielu domaga\u0142o si\u0119 przej\u0119cia niemieckich aktyw\u00f3w w innych krajach\u201d.&nbsp;<a href=\"https:\/\/www.foreignaffairs.com\/reviews\/capsule-review\/1984-06-01\/transfer-agreement-untold-story-secret-pact-between-third-reich\">[8]<\/a>&nbsp;<strong>Zdj\u0119cie powy\u017cej pokazuje wydanie The New York Daily News z 1933 r., o zorganizowanym przez \u017byd\u00f3w wiecu protestacyjnym na 40 000 os\u00f3b.<\/strong><\/p>\n\n\n<div class=\"wp-block-image\">\n<figure class=\"alignleft\"><a href=\"https:\/\/i0.wp.com\/www.bluemoonofshanghai.com\/wp-content\/uploads\/2023\/01\/Judea_declares_war_on_Germany_05.jpg?ssl=1\"><img decoding=\"async\" src=\"https:\/\/i0.wp.com\/www.bluemoonofshanghai.com\/wp-content\/uploads\/2023\/01\/Judea_declares_war_on_Germany_05.jpg?resize=300%2C249&amp;ssl=1\" alt=\"\" class=\"wp-image-9875\"\/><\/a><\/figure><\/div>\n\n\n<p>\u201eAtaki na Niemcy nie ustawa\u0142y.&nbsp;\u015awiatowe przyw\u00f3dztwo \u017cydowskie stawa\u0142o si\u0119 coraz bardziej wojownicze i doprowadza\u0142o si\u0119 do sza\u0142u.&nbsp;Mi\u0119dzynarodowa Konferencja Bojkotu \u017byd\u00f3w odby\u0142a si\u0119 w Amsterdamie (zorganizowana przez chazarskich \u017byd\u00f3w w londy\u0144skim City), aby skoordynowa\u0107 trwaj\u0105c\u0105 kampani\u0119 bojkotu.&nbsp;Odby\u0142a si\u0119 pod auspicjami samozwa\u0144czej \u015awiatowej \u017bydowskiej Federacji Ekonomicznej, kt\u00f3rej prezesem by\u0142 s\u0142ynny nowojorski prawnik i d\u0142ugoletni makler polityczny,&nbsp;<strong>Samuel Untermeyer<\/strong>&nbsp;.&nbsp;Po powrocie do Stan\u00f3w Zjednoczonych w nast\u0119pstwie konferencji Untermeyer wyg\u0142osi\u0142 przem\u00f3wienie w&nbsp;<em>radiu WABC<\/em>(Nowy Jork), kt\u00f3rego transkrypcja zosta\u0142a wydrukowana w The New York Times 7 sierpnia 1933 r. Pod\u017cegaj\u0105ce oratorium Untermeyera nawo\u0142ywa\u0142o do \u201e\u015bwi\u0119tej wojny\u201d przeciwko Niemcom, wysuwaj\u0105c kategoryczny zarzut, \u017ce Niemcy by\u0142y zaanga\u017cowane w plan \u201e eksterminowa\u0107 \u017byd\u00f3w\u201d.&nbsp;Powiedzia\u0142 (cz\u0119\u015bciowo):<\/p>\n\n\n\n<p>\u201eNiemcy [zosta\u0142y] przekszta\u0142cone z narodu kultury w prawdziwe piek\u0142o okrutnych i dzikich bestii.&nbsp;Jeste\u015bmy to winni nie tylko naszym prze\u015bladowanym braciom, ale ca\u0142emu \u015bwiatu, aby zada\u0107 teraz w samoobronie cios, kt\u00f3ry uwolni ludzko\u015b\u0107 od powt\u00f3rzenia tego niewiarygodnego zniewagi\u2026.Teraz lub nigdy wszystkie narody ziemi musz\u0105 wsp\u00f3lnie walczy\u0107 przeciwko &#8230; rze\u017a, g\u0142\u00f3d i zag\u0142ada &#8230; diabelskie tortury, okrucie\u0144stwo i prze\u015bladowania, kt\u00f3re s\u0105 codziennie wyrz\u0105dzane tym m\u0119\u017cczyznom, kobietom i dzieciom &#8230; Kiedy opowie\u015b\u0107 zostanie opowiedziana &#8230; \u015bwiat skonfrontuje si\u0119 z obrazem tak przera\u017caj\u0105cym w swoim barbarzy\u0144skim okrucie\u0144stwie, \u017ce piek\u0142o wojny i rzekome belgijskie okrucie\u0144stwa bledn\u0105 w por\u00f3wnaniu z t\u0105 diabelsk\u0105, rozmy\u015blnie, z zimn\u0105 krwi\u0105 zaplanowan\u0105 i ju\u017c cz\u0119\u015bciowo zrealizowan\u0105 kampani\u0105 eksterminacji dumnego, \u0142agodnego, lojalnego,&nbsp;przestrzegaj\u0105cy prawa ludzie\u2026 \u017bydzi s\u0105 arystokratami \u015bwiata.&nbsp;Od niepami\u0119tnych czas\u00f3w\u2026 widzieli, jak ich prze\u015bladowcy przychodz\u0105 i odchodz\u0105.&nbsp;Tylko oni prze\u017cyli.&nbsp;I tak historia si\u0119 powt\u00f3rzy.&nbsp;Nast\u0119pnie Untermeyer przedstawi\u0142 swoim s\u0142uchaczom ca\u0142kowicie oszuka\u0144cz\u0105 histori\u0119 okoliczno\u015bci niemieckiego bojkotu i jego pochodzenia.&nbsp;G\u0142osi\u0142 te\u017c, \u017ce Niemcy s\u0105 nastawieni na plan \u201eeksterminacji \u017byd\u00f3w\u201d.<\/p>\n\n\n\n<p>Re\u017cim Hitlera zapocz\u0105tkowa\u0142 i piekielnie \u015bciga sw\u00f3j bojkot w celu eksterminacji \u017byd\u00f3w przez umieszczanie plakat\u00f3w w \u017cydowskich sklepach, ostrzeganie Niemc\u00f3w przed kontaktami z nimi, przez wi\u0119zienie \u017cydowskich sklepikarzy i paradowanie z nimi po ulicach setkami pod stra\u017c\u0105 nazistowskich \u017co\u0142nierzy za jedyne przest\u0119pstwo bycia \u017byd\u00f3w, wyrzucaj\u0105c ich z wyuczonych zawod\u00f3w, w kt\u00f3rych wielu z nich osi\u0105gn\u0119\u0142o s\u0142aw\u0119, wykluczaj\u0105c ich dzieci ze szk\u00f3\u0142, ich m\u0119\u017cczyzn ze zwi\u0105zk\u00f3w zawodowych, zamykaj\u0105c przed nimi wszelkie \u015brodki utrzymania, zamykaj\u0105c ich w pod\u0142ych obozach koncentracyjnych i g\u0142oduj\u0105c i torturowanie ich bez powodu i uciekanie si\u0119 do ka\u017cdej innej mo\u017cliwej formy tortur, nieludzkich nie do poj\u0119cia, a\u017c samob\u00f3jstwo stanie si\u0119 ich jedyn\u0105 drog\u0105 ucieczki, a wszystko to wy\u0142\u0105cznie dlatego, \u017ce s\u0105 \u017bydami lub ich odlegli przodkowie byli \u017bydami,a wszystko z jawnym celem ich eksterminacji\u201d.<\/p>\n\n\n\n<p>Raczej pod\u017cegaj\u0105ca mowa zbudowana ca\u0142kowicie na fabrykacjach;&nbsp;\u201epornografia okrucie\u0144stwa\u201d, z kt\u00f3rej \u017bydzi stali si\u0119 tak s\u0142awni i zwykli wszczyna\u0107 wiele wojen, w tym oczekiwane wojny przeciwko Rosji, Chinom i Iranowi.<\/p>\n\n\n\n<p>Londy\u0144ski Daily Express w numerze z 24 marca 1933 opisywa\u0142, jak \u017cydowscy przyw\u00f3dcy, w po\u0142\u0105czeniu z pot\u0119\u017cnymi mi\u0119dzynarodowymi \u017cydowskimi interesami finansowymi, rozpocz\u0119li bojkot Niemiec w wyra\u017anym celu sparali\u017cowania ich i tak ju\u017c niepewnej gospodarki w nadziei na obalenie nowego rz\u0105d.&nbsp;Dopiero wtedy Niemcy kontratakowali w odpowiedzi.&nbsp;Tak wi\u0119c, prawd\u0119 m\u00f3wi\u0105c, to \u015bwiatowe przyw\u00f3dztwo \u017cydowskie \u2013 a nie Trzecia Rzesza \u2013 skutecznie odda\u0142o pierwszy strza\u0142 w drugiej wojnie \u015bwiatowej.&nbsp;Wybitny nowojorski adwokat Samuel Untermeyer by\u0142 jednym z czo\u0142owych agitator\u00f3w w wojnie przeciwko Niemcom, opisuj\u0105c kampani\u0119 \u017cydowsk\u0105 jako nic innego jak \u201e\u015bwi\u0119t\u0105 wojn\u0119\u201d.&nbsp;To wszystko wydarzy\u0142o si\u0119 na d\u0142ugo przed tym, zanim rz\u0105d niemiecki zacz\u0105\u0142 ogranicza\u0107 prawa niemieckich \u017byd\u00f3w.<\/p>\n\n\n\n<p>\u201eDo dzi\u015b powszechnie (cho\u0107 b\u0142\u0119dnie) uwa\u017ca si\u0119, \u017ce kiedy Adolf Hitler zosta\u0142 mianowany kanclerzem Niemiec w styczniu 1933 r. prowadzenie kampanii terroru i przemocy wobec rodzimej ludno\u015bci \u017cydowskiej\u201d.&nbsp;Nic nie mo\u017ce by\u0107 dalej od prawdy.&nbsp;Nawet Centralne Stowarzyszenie \u017byd\u00f3w w Niemczech, znane jako Verein, odrzuci\u0142o sugesti\u0119 g\u0142oszon\u0105 przez przyw\u00f3dc\u00f3w \u017cydowskich na ca\u0142ym \u015bwiecie, jakoby nowy niemiecki rz\u0105d celowo prowokowa\u0142 powstania anty\u017cydowskie.&nbsp;Verein wyda\u0142 o\u015bwiadczenie, \u017ce \u201eodpowiedzialne w\u0142adze rz\u0105dowe [tj. re\u017cim hitlerowski] nie s\u0105 \u015bwiadome zagra\u017caj\u0105cej sytuacji\u201d, m\u00f3wi\u0105c:&nbsp;\u201enie wierzymy, \u017ce nasi niemieccy wsp\u00f3\u0142obywatele dadz\u0105 si\u0119 ponie\u015b\u0107 pope\u0142nianiu eksces\u00f3w wobec \u017byd\u00f3w\u201d.&nbsp;Nawet Stowarzyszenie Syjonistyczne w Niemczech wys\u0142a\u0142o 26 marca telegram odrzucaj\u0105cy zarzuty stawiane rz\u0105dowi niemieckiemu jako \u201epropagandowe\u201d, \u201ek\u0142amliwe\u201d i \u201esensacyjne\u201d.&nbsp;Niemniej jednak \u017cydowskie si\u0142y wywodz\u0105ce si\u0119 z londy\u0144skiego City by\u0142y zdeterminowane, by kontynuowa\u0107 zaciek\u0142\u0105 propagandow\u0105 kampani\u0119 nienawi\u015bci i rozpocz\u0105\u0107 wojn\u0119 ekonomiczn\u0105 z Niemcami.<\/p>\n\n\n\n<p>W 1933 r. Ameryka\u0144ski Kongres \u017byd\u00f3w og\u0142osi\u0142 masowy protest w Madison Square Gardens na 27 marca. Kilka dni wcze\u015bniej zorganizowano wielki wiec z udzia\u0142em 20 000 \u017byd\u00f3w protestuj\u0105cych w nowojorskim ratuszu.&nbsp;Organizowali wiece poza niemieckimi liniami \u017ceglugowymi Lloyd i Hamburg-American, a tak\u017ce bojkoty niemieckich towar\u00f3w w sklepach i firmach w Nowym Jorku i ca\u0142ych Stanach Zjednoczonych.<\/p>\n\n\n<div class=\"wp-block-image\">\n<figure class=\"aligncenter\"><a href=\"https:\/\/i0.wp.com\/www.bluemoonofshanghai.com\/wp-content\/uploads\/2023\/01\/1937_Anti-Nazi_Rally_at_Madison_Square_Garden.jpg?ssl=1\"><img decoding=\"async\" src=\"https:\/\/i0.wp.com\/www.bluemoonofshanghai.com\/wp-content\/uploads\/2023\/01\/1937_Anti-Nazi_Rally_at_Madison_Square_Garden.jpg?resize=761%2C676&amp;ssl=1\" alt=\"\" class=\"wp-image-9863\"\/><\/a><\/figure><\/div>\n\n\n<p><em><strong>Wiec, kt\u00f3ry przyci\u0105gn\u0105\u0142 oko\u0142o 40 000 ludzi, zorganizowany przez \u015bwiatowe \u017cydostwo w celu bojkotu wszystkich niemieckich towar\u00f3w, maj\u0105cy na celu wywarcie presji na Niemcy.<\/strong><\/em><\/p>\n\n\n\n<p>Rz\u0105d niemiecki skar\u017cy\u0142 si\u0119 na \u201ekampani\u0119 szkalowania\u201d przeciwko Niemcom i odni\u00f3s\u0142 si\u0119 do \u201eich zniekszta\u0142conych i nieprawdziwych wiadomo\u015bci o prze\u015bladowaniach i torturach \u017byd\u00f3w, wra\u017cenie, \u017ce w\u0142a\u015bciwie nie cofn\u0105 si\u0119 przed niczym, nawet przed k\u0142amstwami i oszczerstwami, by walczy\u0107 z obecnymi Niemcami\u201d. rz\u0105d.&#8221;&nbsp;<em>Nag\u0142\u00f3wek pierwszej strony New York Daily News<\/em>&nbsp;wychwala\u0142 masowy antyniemiecki wiec protestacyjny, kt\u00f3ry odby\u0142 si\u0119 w Madison Square Garden 27 marca 1933 r. \u201ePomimo wysi\u0142k\u00f3w rz\u0105du niemieckiego w celu z\u0142agodzenia napi\u0119\u0107 i zapobie\u017cenia eskalacji wyzwisk i gr\u00f3\u017ab ze strony mi\u0119dzynarodowej \u017cydowskiemu przyw\u00f3dztwu wiec odby\u0142 si\u0119 zgodnie z planem.&nbsp;Podobne wiece i marsze protestacyjne odbywa\u0142y si\u0119 w tym samym czasie w innych miastach\u201d.<\/p>\n\n\n\n<figure class=\"wp-block-image\"><img decoding=\"async\" src=\"https:\/\/upload.wikimedia.org\/wikipedia\/commons\/b\/bf\/SA_Jews.jpg\" alt=\"\"\/><\/figure>\n\n\n\n<p><em><strong>Niemiecki plakat wzywaj\u0105cy do bojkotu \u017cydowskich sklep\u00f3w.<\/strong><\/em><\/p>\n\n\n\n<p>\u017bydzi po prostu odm\u00f3wili ust\u0105pienia i organizowali jednoczesne protesty i wiece w ponad 70 miejscach w USA, wszystkie oparte na nikczemnie fa\u0142szywych i pod\u017cegaj\u0105cych zarzutach przeciwko Niemcom.&nbsp;\u017bydzi ju\u017c wtedy mieli wystarczaj\u0105c\u0105 si\u0142\u0119 medialn\u0105, \u017ce wiele z tych antyniemieckich wiec\u00f3w nienawi\u015bci by\u0142o transmitowanych nie tylko w ca\u0142ych Stanach Zjednoczonych, ale na ca\u0142ym \u015bwiecie.&nbsp;Historia by\u0142a taka, \u017ce \u200b\u200b\u201eNowe Niemcy\u201d by\u0142y z\u0142\u0105 istot\u0105, \u201ewrogiem \u017cydowskich interes\u00f3w\u201d iz tych powod\u00f3w musia\u0142y zosta\u0107 pilnie \u201ezduszone ekonomicznie\u201d.&nbsp;Dopiero w bezpo\u015bredniej odpowiedzi na to rz\u0105d niemiecki og\u0142osi\u0142 jednodniowy bojkot \u017cydowskich przedsi\u0119biorstw w Niemczech, stwierdzaj\u0105c, \u017ce je\u015bli \u017cydowskie ataki na Niemcy ustan\u0105, nie b\u0119dzie powt\u00f3rek.<\/p>\n\n\n\n<p><strong>Poni\u017csze zdj\u0119cie przedstawia niemiecki plakat wzywaj\u0105cy do wzajemnego bojkotu \u017cydowskich kupc\u00f3w w odwecie za og\u00f3lno\u015bwiatowy \u017cydowski bojkot niemieckich towar\u00f3w.<\/strong><\/p>\n\n\n<div class=\"wp-block-image\">\n<figure class=\"alignleft\"><a href=\"https:\/\/i0.wp.com\/www.bluemoonofshanghai.com\/wp-content\/uploads\/2023\/01\/d-in-german.jpg?ssl=1\"><img decoding=\"async\" src=\"https:\/\/i0.wp.com\/www.bluemoonofshanghai.com\/wp-content\/uploads\/2023\/01\/d-in-german.jpg?resize=300%2C263&amp;ssl=1\" alt=\"\" class=\"wp-image-9845\"\/><\/a><\/figure><\/div>\n\n\n<p>Plakat brzmi cz\u0119\u015bciowo: \u201eNiemieccy towarzysze ludowi!&nbsp;Niemieckie gospodynie domowe!&nbsp;Wszyscy znacie haniebne metody, kt\u00f3rych tak zwani \u201eniemieccy\u201d \u017bydzi za granic\u0105 u\u017cywaj\u0105 do pod\u017cegania przeciwko narodowi niemieckiemu i rz\u0105dowi narodowemu Adolfa Hitlera.&nbsp;Je\u015bli nie chcemy si\u0119 podda\u0107 i pogr\u0105\u017cy\u0107 w jeszcze g\u0142\u0119bszej n\u0119dzy, musimy si\u0119 broni\u0107.&nbsp;Dlatego wzywamy was do wys\u0142uchania apelu naszego F\u00fchrera, kanclerza narodu niemieckiego, o bojkot \u017byd\u00f3w i oczekujemy pe\u0142nego poparcia ka\u017cdej osoby w tej akcji obronnej.&nbsp;Teksty na afiszach g\u0142osi\u0142y: \u201eNiemcy!&nbsp;Bro\u0144cie si\u0119!&nbsp;Nie kupujcie w \u017cydowskich sklepach!\u201d&nbsp;Inni czytaj\u0105: \u201eNie kupujcie w \u017cydowskich sklepach!&nbsp;Nie id\u017acie do \u017cydowskiego lekarza!&nbsp;Ale zachowaj najsurowsz\u0105 dyscyplin\u0119.&nbsp;Nawet nie dotykaj w\u0142os\u00f3w na g\u0142owie \u017byda.&nbsp;Bojkot rozpoczyna si\u0119 w sobot\u0119 rano o godzinie 10:00\u201d.<\/p>\n\n\n<div class=\"wp-block-image\">\n<figure class=\"alignleft\"><a href=\"https:\/\/i0.wp.com\/www.bluemoonofshanghai.com\/wp-content\/uploads\/2023\/01\/all-german-goods.jpg?ssl=1\"><img decoding=\"async\" src=\"https:\/\/i0.wp.com\/www.bluemoonofshanghai.com\/wp-content\/uploads\/2023\/01\/all-german-goods.jpg?resize=600%2C513&amp;ssl=1\" alt=\"\" class=\"wp-image-9846\"\/><\/a><\/figure><\/div>\n\n\n<p><em><strong>\u017bydowska reklama w The Leader Post z 1933 r., Nawo\u0142uj\u0105ca do bojkotu towar\u00f3w niemieckich.<\/strong><\/em><\/p>\n\n\n\n<figure class=\"wp-block-image\"><img decoding=\"async\" src=\"https:\/\/upload.wikimedia.org\/wikipedia\/commons\/d\/d0\/Anti-Nazi_boycott_of_1933_matchbook_cover.jpg\" alt=\"\"\/><\/figure>\n\n\n\n<p>zgodnie ze str.&nbsp;45 The Jewish War Veterans Story, \u201ebojkot zosta\u0142\u201e zapocz\u0105tkowany \u201d przez gigantyczn\u0105 parad\u0119 sponsorowan\u0105 przez JWV, kt\u00f3ra odby\u0142a si\u0119 w Nowym Jorku 23 marca 1933 r., z trzydniowym wyprzedzeniem\u201d i stwierdza dalej, \u017ce trasa parady \u201eby\u0142a otoczony prawie milionem ludzi.&nbsp;\u201eTo niefortunne, \u017ce \u017bydzi s\u0105 prawie jednog\u0142o\u015bnie (i zaciekle) zdeterminowani, by ukry\u0107 t\u0119 histori\u0119, a tak\u017ce niefortunne, \u017ce ka\u017cda cz\u0119\u015b\u0107 \u017cydowskich medi\u00f3w jednog\u0142o\u015bnie czyta z fa\u0142szywego scenariusza w odniesieniu do okoliczno\u015bci tego wydarzenia, przekr\u0119caj\u0105c brutalny atak na Niemcy przez mi\u0119dzynarodowych \u017byd\u00f3w w rodzaj kary za (wyimaginowane) niemieckie wykroczenia.&nbsp;Internet zalewany jest jedynie artyku\u0142ami o \u201enazistowskim bojkocie \u017cydowskich biznes\u00f3w\u201d, ale nikt nie m\u00f3wi prawdy o tym, co naprawd\u0119 si\u0119 wydarzy\u0142o,&nbsp;i prawie wszystkie odniesienia dotycz\u0105 jednodniowego bojkotu \u017cydowskich przedsi\u0119biorstw przez Niemcy, ca\u0142kowicie ignoruj\u0105c le\u017c\u0105ce u podstaw fakty.&nbsp;Zdanie otwieraj\u0105ce Wikipedi\u0119: \u201eBojkot antyhitlerowski by\u0142 mi\u0119dzynarodowym bojkotem niemieckich produkt\u00f3w w odpowiedzi na przemoc i n\u0119kanie \u017byd\u00f3w przez cz\u0142onk\u00f3w hitlerowskiej partii nazistowskiej\u201d.&nbsp;To stwierdzenie jest jawnym k\u0142amstwem, niepopartym \u017cadnymi faktami.[1]&nbsp;Strona internetowa My Jewish Learning podaje: \u201eNowojorski wiec by\u0142 transmitowany na ca\u0142y \u015bwiat.&nbsp;T\u0142um licz\u0105cy 55 000 os\u00f3b przela\u0142 si\u0119 przez ogr\u00f3d na ulice, aby wys\u0142ucha\u0107 przewodnicz\u0105cego Ameryka\u0144skiego Kongresu \u017byd\u00f3w Bernarda Deutscha, przewodnicz\u0105cego Ameryka\u0144skiej Federacji Pracy Williama Greena, senatora Roberta F. Wagnera\u201d.&nbsp;Nie przeszkadza wspomnie\u0107, \u017ce wszyscy byli \u017bydami, a nie niezale\u017cne raporty lub spontaniczne zgromadzenia.[2]&nbsp;Kiedy\u015b wspomnia\u0142em o tym wydarzeniu w komentarzu opublikowanym w The Economist,&nbsp;i pojawi\u0142a si\u0119 wirtualna pow\u00f3d\u017a \u017byd\u00f3w z Hasbary, aby to wy\u015bmia\u0107, ca\u0142kowicie zaprzeczaj\u0105c wydarzeniu i twierdz\u0105c mi\u0119dzy innymi, \u017ce jaki\u015b nieodpowiedzialny artyku\u0142 w \u201ema\u0142ym angielskim tabloidzie\u201d nie jest wiarygodny.&nbsp;Ale w rzeczywisto\u015bci Daily Express by\u0142 bardzo szanowany i by\u0142 og\u00f3lnie przedstawiany jako najbardziej poczytna gazeta na \u015bwiecie w tamtym czasie.<\/p>\n\n\n\n<p><strong>*<\/strong><\/p>\n\n\n\n<p><a href=\"https:\/\/www.bluemoonofshanghai.com\/archives\/\"><strong>Pisma pana Romanoffa<\/strong><\/a>&nbsp;zosta\u0142y przet\u0142umaczone na 32 j\u0119zyki, a jego artyku\u0142y zosta\u0142y opublikowane na ponad 150 obcoj\u0119zycznych portalach informacyjnych i politycznych w ponad 30 krajach, a tak\u017ce na ponad 100 angloj\u0119zycznych platformach.&nbsp;Larry Romanoff jest emerytowanym konsultantem ds. zarz\u0105dzania i biznesmenem.&nbsp;Zajmowa\u0142 stanowiska kierownicze wy\u017cszego szczebla w mi\u0119dzynarodowych firmach konsultingowych i by\u0142 w\u0142a\u015bcicielem mi\u0119dzynarodowego biznesu importowo-eksportowego.&nbsp;By\u0142 profesorem wizytuj\u0105cym na Uniwersytecie Fudan w Szanghaju, prezentuj\u0105c studia przypadk\u00f3w w sprawach mi\u0119dzynarodowych starszym klasom EMBA.&nbsp;Pan Romanoff mieszka w Szanghaju i obecnie pisze seri\u0119 dziesi\u0119ciu ksi\u0105\u017cek og\u00f3lnie zwi\u0105zanych z Chinami i Zachodem.&nbsp;Jest jednym ze wsp\u00f3\u0142autor\u00f3w nowej antologii Cynthii McKinney \u201eWhen China Sneezes\u201d.&nbsp;(<a href=\"https:\/\/www.bluemoonofshanghai.com\/politics\/2187\/\"><strong>&nbsp;Rozdzia\u0142 2 \u2014 Radzenie sobie z demonami<\/strong><\/a>&nbsp;).<\/p>\n\n\n\n<p>Jego pe\u0142ne archiwum mo\u017cna zobaczy\u0107 pod adresem:<\/p>\n\n\n\n<p><strong>https:\/\/www.bluemoonofshanghai.com\/ + https:\/\/www.moonofshanghai.com\/<\/strong><\/p>\n\n\n\n<p>Mo\u017cna si\u0119 z nim skontaktowa\u0107 pod adresem:<\/p>\n\n\n\n<p>2186604556@qq.com<\/p>\n\n\n\n<p><strong>*<\/strong><\/p>\n\n\n\n<p><strong>UWAGI<\/strong><\/p>\n\n\n\n<p>[1]&nbsp;<a href=\"https:\/\/wintersonnenwende.com\/scriptorium\/english\/archives\/articles\/jdecwar.html\"><strong>\u017bydowskie wypowiedzenie wojny nazistowskim Niemcom<\/strong><\/a><\/p>\n\n\n\n<p>[2]&nbsp;<a href=\"https:\/\/wintersonnenwende.com\/scriptorium\/english\/archives\/articles\/jdecwar.html\"><strong>\u017bydowskie wypowiedzenie wojny nazistowskim Niemcom<\/strong><\/a><\/p>\n\n\n\n<p>[3]&nbsp;<a href=\"https:\/\/time.com\/5573720\/hitler-world-influence\/\"><strong>130 lat po narodzinach Hitlera nadal \u017cyje jako symbol z\u0142a<\/strong><\/a><\/p>\n\n\n\n<p>[4]&nbsp;<strong><a href=\"https:\/\/www.snopes.com\/fact-check\/hitler-time-magazine-1938\/\">Czy Adolf Hitler zosta\u0142 okrzykni\u0119ty \u201eCz\u0142owiekiem Roku\u201d przez magazyn TIME w 1938 roku?<\/a><\/strong><\/p>\n\n\n\n<p>[5]&nbsp;<a href=\"https:\/\/wintersonnenwende.com\/scriptorium\/english\/archives\/articles\/jdecwar.html\"><strong>\u017bydowskie wypowiedzenie wojny nazistowskim Niemcom<\/strong><\/a><\/p>\n\n\n\n<p>[6]&nbsp;<strong>Artyku\u0142 z The Barnes Review, stycze\u0144\/luty.&nbsp;2001, s. 41-45, dr M. Raphael Johnson, asystent redaktora TBR;&nbsp;i opublikowane za zgod\u0105 TBR, w wersji zdigitalizowanej \u00a9 2002-2019 przez The Scriptorium.<\/strong><\/p>\n\n\n\n<p>[7]&nbsp;<strong>Artyku\u0142 z The Barnes Review, stycze\u0144\/luty.&nbsp;2001, s. 41-45, dr M. Raphael Johnson, asystent redaktora TBR;&nbsp;i opublikowane za zgod\u0105 TBR, w wersji zdigitalizowanej \u00a9 2002-2019 przez The Scriptorium.<\/strong><\/p>\n\n\n\n<p>&nbsp;[8]&nbsp;<strong>Edwin Black, Umowa transferowa \u2013 nieopowiedziana historia tajnego paktu mi\u0119dzy III Rzesz\u0105 a \u017cydowsk\u0105 Palestyn\u0105, Nowy Jork, 1984).<\/strong><\/p>\n\n\n\n<p>[9]\u00a0<strong>1933 bojkot antyhitlerowsk<\/strong><\/p>\n\n\n\n<p>[10]\u00a0<a href=\"https:\/\/www.myjewishlearning.com\/article\/the-anti-nazi-boycott-of-1933\/\"><strong>Bojkot antyhitlerowski z 1933 <\/strong><\/a><\/p>\n\n\n\n<p>Wi\u0119cej na:<\/p>\n\n\n\n<p>\u0179r\u00f3d\u0142o   https:\/\/www.bluemoonofshanghai.com\/politics\/9836\/<\/p>\n","protected":false},"excerpt":{"rendered":"<p>\u017bydowskie wypowiedzenie wojny Niemcom \u2014 Bojkot ekonomiczny z 1933 r \u017bydowska deklaracja wojny z Niemcami Autor, Larry\u00a0Romanoff\u00a0,\u00a028 stycznia 2023 r Uwaga dla czytelnik\u00f3w\u00a0: Cz\u0119\u015b\u0107 tre\u015bci tego eseju zosta\u0142a zaczerpni\u0119ta z artyku\u0142u w The Barnes Review, stycze\u0144\/luty.\u00a02001, s. 41-45, dr M&#8230;. <\/p>\n","protected":false},"author":2,"featured_media":2400,"comment_status":"open","ping_status":"open","sticky":false,"template":"","format":"standard","meta":{"_acf_changed":false,"_bbp_topic_count":0,"_bbp_reply_count":0,"_bbp_total_topic_count":0,"_bbp_total_reply_count":0,"_bbp_voice_count":0,"_bbp_anonymous_reply_count":0,"_bbp_topic_count_hidden":0,"_bbp_reply_count_hidden":0,"_bbp_forum_subforum_count":0,"om_disable_all_campaigns":false,"_monsterinsights_skip_tracking":false,"footnotes":""},"categories":[93],"tags":[],"class_list":["post-2399","post","type-post","status-publish","format-standard","has-post-thumbnail","hentry","category-artykuly"],"acf":[],"aioseo_notices":[],"aioseo_head":"\n\t\t<!-- All in One SEO 5.0.1.1 - aioseo.com -->\n\t<meta name=\"description\" content=\"\u017bydowskie wypowiedzenie wojny Niemcom \u2014 Bojkot ekonomiczny z 1933 r \u017bydowska deklaracja wojny z Niemcami Autor, Larry Romanoff , 28 stycznia 2023 r Uwaga dla czytelnik\u00f3w : Cz\u0119\u015b\u0107 tre\u015bci tego eseju zosta\u0142a zaczerpni\u0119ta z artyku\u0142u w The Barnes Review, stycze\u0144\/luty. 2001, s. 41-45, dr M. Raphael Johnson, asystent redaktora TBR. Zosta\u0142 opublikowany za zgod\u0105 w wersji cyfrowej \u00a9 2002-2019 przez The\" \/>\n\t<meta name=\"robots\" content=\"max-image-preview:large\" \/>\n\t<meta name=\"author\" content=\"trinity\"\/>\n\t<link rel=\"canonical\" href=\"https:\/\/wia.net.pl\/index.php\/2023\/06\/20\/bojkot-ekonomiczny-z-1933-r-larry-romanoff\/\" \/>\n\t<meta name=\"generator\" content=\"All in One SEO (AIOSEO) 5.0.1.1\" \/>\n\t\t<meta property=\"og:locale\" content=\"pl_PL\" \/>\n\t\t<meta property=\"og:site_name\" content=\"Wolno\u015b\u0107 i Anarchia - Ka\u017cdy wewn\u0119trznie jest anarchist\u0105.\" \/>\n\t\t<meta property=\"og:type\" content=\"article\" \/>\n\t\t<meta property=\"og:title\" content=\"Bojkot ekonomiczny z 1933 r \u2013 Larry Romanoff - Wolno\u015b\u0107 i Anarchia\" \/>\n\t\t<meta property=\"og:description\" content=\"\u017bydowskie wypowiedzenie wojny Niemcom \u2014 Bojkot ekonomiczny z 1933 r \u017bydowska deklaracja wojny z Niemcami Autor, Larry Romanoff , 28 stycznia 2023 r Uwaga dla czytelnik\u00f3w : Cz\u0119\u015b\u0107 tre\u015bci tego eseju zosta\u0142a zaczerpni\u0119ta z artyku\u0142u w The Barnes Review, stycze\u0144\/luty. 2001, s. 41-45, dr M. Raphael Johnson, asystent redaktora TBR. Zosta\u0142 opublikowany za zgod\u0105 w wersji cyfrowej \u00a9 2002-2019 przez The\" \/>\n\t\t<meta property=\"og:url\" content=\"https:\/\/wia.net.pl\/index.php\/2023\/06\/20\/bojkot-ekonomiczny-z-1933-r-larry-romanoff\/\" \/>\n\t\t<meta property=\"og:image\" content=\"https:\/\/wia.net.pl\/wp-content\/uploads\/2023\/11\/cropped-freedom-i73367.jpg\" \/>\n\t\t<meta property=\"og:image:secure_url\" content=\"https:\/\/wia.net.pl\/wp-content\/uploads\/2023\/11\/cropped-freedom-i73367.jpg\" \/>\n\t\t<meta property=\"article:published_time\" content=\"2023-06-20T06:53:05+00:00\" \/>\n\t\t<meta property=\"article:modified_time\" content=\"2023-06-20T06:53:05+00:00\" \/>\n\t\t<meta name=\"twitter:card\" content=\"summary_large_image\" \/>\n\t\t<meta name=\"twitter:title\" content=\"Bojkot ekonomiczny z 1933 r \u2013 Larry Romanoff - Wolno\u015b\u0107 i Anarchia\" \/>\n\t\t<meta name=\"twitter:description\" content=\"\u017bydowskie wypowiedzenie wojny Niemcom \u2014 Bojkot ekonomiczny z 1933 r \u017bydowska deklaracja wojny z Niemcami Autor, Larry Romanoff , 28 stycznia 2023 r Uwaga dla czytelnik\u00f3w : Cz\u0119\u015b\u0107 tre\u015bci tego eseju zosta\u0142a zaczerpni\u0119ta z artyku\u0142u w The Barnes Review, stycze\u0144\/luty. 2001, s. 41-45, dr M. Raphael Johnson, asystent redaktora TBR. Zosta\u0142 opublikowany za zgod\u0105 w wersji cyfrowej \u00a9 2002-2019 przez The\" \/>\n\t\t<meta name=\"twitter:image\" content=\"https:\/\/wia.net.pl\/wp-content\/uploads\/2023\/11\/cropped-freedom-i73367.jpg\" \/>\n\t\t<script type=\"application\/ld+json\" class=\"aioseo-schema\">\n\t\t\t{\"@context\":\"https:\\\/\\\/schema.org\",\"@graph\":[{\"@type\":\"BlogPosting\",\"@id\":\"https:\\\/\\\/wia.net.pl\\\/index.php\\\/2023\\\/06\\\/20\\\/bojkot-ekonomiczny-z-1933-r-larry-romanoff\\\/#blogposting\",\"name\":\"Bojkot ekonomiczny z 1933 r \\u2013 Larry Romanoff - Wolno\\u015b\\u0107 i Anarchia\",\"headline\":\"Bojkot ekonomiczny z 1933 r &#8211; Larry Romanoff\",\"author\":{\"@id\":\"https:\\\/\\\/wia.net.pl\\\/index.php\\\/author\\\/trinity\\\/#author\"},\"publisher\":{\"@id\":\"https:\\\/\\\/wia.net.pl\\\/#person\"},\"image\":{\"@type\":\"ImageObject\",\"url\":\"https:\\\/\\\/wia.net.pl\\\/wp-content\\\/uploads\\\/2023\\\/06\\\/boycott-all-German-goods.webp\",\"width\":1877,\"height\":1483},\"datePublished\":\"2023-06-20T08:53:05+02:00\",\"dateModified\":\"2023-06-20T08:53:05+02:00\",\"inLanguage\":\"pl-PL\",\"mainEntityOfPage\":{\"@id\":\"https:\\\/\\\/wia.net.pl\\\/index.php\\\/2023\\\/06\\\/20\\\/bojkot-ekonomiczny-z-1933-r-larry-romanoff\\\/#webpage\"},\"isPartOf\":{\"@id\":\"https:\\\/\\\/wia.net.pl\\\/index.php\\\/2023\\\/06\\\/20\\\/bojkot-ekonomiczny-z-1933-r-larry-romanoff\\\/#webpage\"},\"articleSection\":\"Artyku\\u0142y\"},{\"@type\":\"BreadcrumbList\",\"@id\":\"https:\\\/\\\/wia.net.pl\\\/index.php\\\/2023\\\/06\\\/20\\\/bojkot-ekonomiczny-z-1933-r-larry-romanoff\\\/#breadcrumblist\",\"itemListElement\":[{\"@type\":\"ListItem\",\"@id\":\"https:\\\/\\\/wia.net.pl#listItem\",\"position\":1,\"name\":\"Home\",\"item\":\"https:\\\/\\\/wia.net.pl\",\"nextItem\":{\"@type\":\"ListItem\",\"@id\":\"https:\\\/\\\/wia.net.pl\\\/index.php\\\/category\\\/artykuly\\\/#listItem\",\"name\":\"Artyku\\u0142y\"}},{\"@type\":\"ListItem\",\"@id\":\"https:\\\/\\\/wia.net.pl\\\/index.php\\\/category\\\/artykuly\\\/#listItem\",\"position\":2,\"name\":\"Artyku\\u0142y\",\"item\":\"https:\\\/\\\/wia.net.pl\\\/index.php\\\/category\\\/artykuly\\\/\",\"nextItem\":{\"@type\":\"ListItem\",\"@id\":\"https:\\\/\\\/wia.net.pl\\\/index.php\\\/2023\\\/06\\\/20\\\/bojkot-ekonomiczny-z-1933-r-larry-romanoff\\\/#listItem\",\"name\":\"Bojkot ekonomiczny z 1933 r &#8211; Larry Romanoff\"},\"previousItem\":{\"@type\":\"ListItem\",\"@id\":\"https:\\\/\\\/wia.net.pl#listItem\",\"name\":\"Home\"}},{\"@type\":\"ListItem\",\"@id\":\"https:\\\/\\\/wia.net.pl\\\/index.php\\\/2023\\\/06\\\/20\\\/bojkot-ekonomiczny-z-1933-r-larry-romanoff\\\/#listItem\",\"position\":3,\"name\":\"Bojkot ekonomiczny z 1933 r &#8211; Larry Romanoff\",\"previousItem\":{\"@type\":\"ListItem\",\"@id\":\"https:\\\/\\\/wia.net.pl\\\/index.php\\\/category\\\/artykuly\\\/#listItem\",\"name\":\"Artyku\\u0142y\"}}]},{\"@type\":\"Person\",\"@id\":\"https:\\\/\\\/wia.net.pl\\\/#person\",\"name\":\"Bart\\u0142omiej Talarczyk\",\"image\":{\"@type\":\"ImageObject\",\"@id\":\"https:\\\/\\\/wia.net.pl\\\/index.php\\\/2023\\\/06\\\/20\\\/bojkot-ekonomiczny-z-1933-r-larry-romanoff\\\/#personImage\",\"url\":\"https:\\\/\\\/wia.net.pl\\\/wp-content\\\/uploads\\\/avatar-privacy\\\/cache\\\/user\\\/1\\\/7\\\/176a6b161c58363ff49b5c167264231f519f5c7fa183ca1f61e891769b6b56d5-96.jpg\",\"width\":96,\"height\":96,\"caption\":\"Bart\\u0142omiej Talarczyk\"}},{\"@type\":\"Person\",\"@id\":\"https:\\\/\\\/wia.net.pl\\\/index.php\\\/author\\\/trinity\\\/#author\",\"url\":\"https:\\\/\\\/wia.net.pl\\\/index.php\\\/author\\\/trinity\\\/\",\"name\":\"trinity\",\"image\":{\"@type\":\"ImageObject\",\"@id\":\"https:\\\/\\\/wia.net.pl\\\/index.php\\\/2023\\\/06\\\/20\\\/bojkot-ekonomiczny-z-1933-r-larry-romanoff\\\/#authorImage\",\"url\":\"https:\\\/\\\/wia.net.pl\\\/wp-content\\\/uploads\\\/avatar-privacy\\\/cache\\\/user\\\/5\\\/f\\\/5f6547cf82495eaa10e100a6a45d5dbde2dfdc1be88557de2018fca705bdf6f1-96.jpg\",\"width\":96,\"height\":96,\"caption\":\"trinity\"}},{\"@type\":\"WebPage\",\"@id\":\"https:\\\/\\\/wia.net.pl\\\/index.php\\\/2023\\\/06\\\/20\\\/bojkot-ekonomiczny-z-1933-r-larry-romanoff\\\/#webpage\",\"url\":\"https:\\\/\\\/wia.net.pl\\\/index.php\\\/2023\\\/06\\\/20\\\/bojkot-ekonomiczny-z-1933-r-larry-romanoff\\\/\",\"name\":\"Bojkot ekonomiczny z 1933 r \\u2013 Larry Romanoff - Wolno\\u015b\\u0107 i Anarchia\",\"description\":\"\\u017bydowskie wypowiedzenie wojny Niemcom \\u2014 Bojkot ekonomiczny z 1933 r \\u017bydowska deklaracja wojny z Niemcami Autor, Larry Romanoff , 28 stycznia 2023 r Uwaga dla czytelnik\\u00f3w : Cz\\u0119\\u015b\\u0107 tre\\u015bci tego eseju zosta\\u0142a zaczerpni\\u0119ta z artyku\\u0142u w The Barnes Review, stycze\\u0144\\\/luty. 2001, s. 41-45, dr M. Raphael Johnson, asystent redaktora TBR. Zosta\\u0142 opublikowany za zgod\\u0105 w wersji cyfrowej \\u00a9 2002-2019 przez The\",\"inLanguage\":\"pl-PL\",\"isPartOf\":{\"@id\":\"https:\\\/\\\/wia.net.pl\\\/#website\"},\"breadcrumb\":{\"@id\":\"https:\\\/\\\/wia.net.pl\\\/index.php\\\/2023\\\/06\\\/20\\\/bojkot-ekonomiczny-z-1933-r-larry-romanoff\\\/#breadcrumblist\"},\"author\":{\"@id\":\"https:\\\/\\\/wia.net.pl\\\/index.php\\\/author\\\/trinity\\\/#author\"},\"creator\":{\"@id\":\"https:\\\/\\\/wia.net.pl\\\/index.php\\\/author\\\/trinity\\\/#author\"},\"image\":{\"@type\":\"ImageObject\",\"url\":\"https:\\\/\\\/wia.net.pl\\\/wp-content\\\/uploads\\\/2023\\\/06\\\/boycott-all-German-goods.webp\",\"@id\":\"https:\\\/\\\/wia.net.pl\\\/index.php\\\/2023\\\/06\\\/20\\\/bojkot-ekonomiczny-z-1933-r-larry-romanoff\\\/#mainImage\",\"width\":1877,\"height\":1483},\"primaryImageOfPage\":{\"@id\":\"https:\\\/\\\/wia.net.pl\\\/index.php\\\/2023\\\/06\\\/20\\\/bojkot-ekonomiczny-z-1933-r-larry-romanoff\\\/#mainImage\"},\"datePublished\":\"2023-06-20T08:53:05+02:00\",\"dateModified\":\"2023-06-20T08:53:05+02:00\"},{\"@type\":\"WebSite\",\"@id\":\"https:\\\/\\\/wia.net.pl\\\/#website\",\"url\":\"https:\\\/\\\/wia.net.pl\\\/\",\"name\":\"Wolno\\u015b\\u0107 i Anarchia\",\"description\":\"Ka\\u017cdy wewn\\u0119trznie jest anarchist\\u0105.\",\"inLanguage\":\"pl-PL\",\"publisher\":{\"@id\":\"https:\\\/\\\/wia.net.pl\\\/#person\"}}]}\n\t\t<\/script>\n\t\t<!-- All in One SEO -->\n\n","aioseo_head_json":{"title":"Bojkot ekonomiczny z 1933 r \u2013 Larry Romanoff - Wolno\u015b\u0107 i Anarchia","description":"\u017bydowskie wypowiedzenie wojny Niemcom \u2014 Bojkot ekonomiczny z 1933 r \u017bydowska deklaracja wojny z Niemcami Autor, Larry Romanoff , 28 stycznia 2023 r Uwaga dla czytelnik\u00f3w : Cz\u0119\u015b\u0107 tre\u015bci tego eseju zosta\u0142a zaczerpni\u0119ta z artyku\u0142u w The Barnes Review, stycze\u0144\/luty. 2001, s. 41-45, dr M. Raphael Johnson, asystent redaktora TBR. Zosta\u0142 opublikowany za zgod\u0105 w wersji cyfrowej \u00a9 2002-2019 przez The","canonical_url":"https:\/\/wia.net.pl\/index.php\/2023\/06\/20\/bojkot-ekonomiczny-z-1933-r-larry-romanoff\/","robots":"max-image-preview:large","keywords":"","webmasterTools":{"miscellaneous":""},"schema":{"@context":"https:\/\/schema.org","@graph":[{"@type":"BlogPosting","@id":"https:\/\/wia.net.pl\/index.php\/2023\/06\/20\/bojkot-ekonomiczny-z-1933-r-larry-romanoff\/#blogposting","name":"Bojkot ekonomiczny z 1933 r \u2013 Larry Romanoff - Wolno\u015b\u0107 i Anarchia","headline":"Bojkot ekonomiczny z 1933 r &#8211; Larry Romanoff","author":{"@id":"https:\/\/wia.net.pl\/index.php\/author\/trinity\/#author"},"publisher":{"@id":"https:\/\/wia.net.pl\/#person"},"image":{"@type":"ImageObject","url":"https:\/\/wia.net.pl\/wp-content\/uploads\/2023\/06\/boycott-all-German-goods.webp","width":1877,"height":1483},"datePublished":"2023-06-20T08:53:05+02:00","dateModified":"2023-06-20T08:53:05+02:00","inLanguage":"pl-PL","mainEntityOfPage":{"@id":"https:\/\/wia.net.pl\/index.php\/2023\/06\/20\/bojkot-ekonomiczny-z-1933-r-larry-romanoff\/#webpage"},"isPartOf":{"@id":"https:\/\/wia.net.pl\/index.php\/2023\/06\/20\/bojkot-ekonomiczny-z-1933-r-larry-romanoff\/#webpage"},"articleSection":"Artyku\u0142y"},{"@type":"BreadcrumbList","@id":"https:\/\/wia.net.pl\/index.php\/2023\/06\/20\/bojkot-ekonomiczny-z-1933-r-larry-romanoff\/#breadcrumblist","itemListElement":[{"@type":"ListItem","@id":"https:\/\/wia.net.pl#listItem","position":1,"name":"Home","item":"https:\/\/wia.net.pl","nextItem":{"@type":"ListItem","@id":"https:\/\/wia.net.pl\/index.php\/category\/artykuly\/#listItem","name":"Artyku\u0142y"}},{"@type":"ListItem","@id":"https:\/\/wia.net.pl\/index.php\/category\/artykuly\/#listItem","position":2,"name":"Artyku\u0142y","item":"https:\/\/wia.net.pl\/index.php\/category\/artykuly\/","nextItem":{"@type":"ListItem","@id":"https:\/\/wia.net.pl\/index.php\/2023\/06\/20\/bojkot-ekonomiczny-z-1933-r-larry-romanoff\/#listItem","name":"Bojkot ekonomiczny z 1933 r &#8211; Larry Romanoff"},"previousItem":{"@type":"ListItem","@id":"https:\/\/wia.net.pl#listItem","name":"Home"}},{"@type":"ListItem","@id":"https:\/\/wia.net.pl\/index.php\/2023\/06\/20\/bojkot-ekonomiczny-z-1933-r-larry-romanoff\/#listItem","position":3,"name":"Bojkot ekonomiczny z 1933 r &#8211; Larry Romanoff","previousItem":{"@type":"ListItem","@id":"https:\/\/wia.net.pl\/index.php\/category\/artykuly\/#listItem","name":"Artyku\u0142y"}}]},{"@type":"Person","@id":"https:\/\/wia.net.pl\/#person","name":"Bart\u0142omiej Talarczyk","image":{"@type":"ImageObject","@id":"https:\/\/wia.net.pl\/index.php\/2023\/06\/20\/bojkot-ekonomiczny-z-1933-r-larry-romanoff\/#personImage","url":"https:\/\/wia.net.pl\/wp-content\/uploads\/avatar-privacy\/cache\/user\/1\/7\/176a6b161c58363ff49b5c167264231f519f5c7fa183ca1f61e891769b6b56d5-96.jpg","width":96,"height":96,"caption":"Bart\u0142omiej Talarczyk"}},{"@type":"Person","@id":"https:\/\/wia.net.pl\/index.php\/author\/trinity\/#author","url":"https:\/\/wia.net.pl\/index.php\/author\/trinity\/","name":"trinity","image":{"@type":"ImageObject","@id":"https:\/\/wia.net.pl\/index.php\/2023\/06\/20\/bojkot-ekonomiczny-z-1933-r-larry-romanoff\/#authorImage","url":"https:\/\/wia.net.pl\/wp-content\/uploads\/avatar-privacy\/cache\/user\/5\/f\/5f6547cf82495eaa10e100a6a45d5dbde2dfdc1be88557de2018fca705bdf6f1-96.jpg","width":96,"height":96,"caption":"trinity"}},{"@type":"WebPage","@id":"https:\/\/wia.net.pl\/index.php\/2023\/06\/20\/bojkot-ekonomiczny-z-1933-r-larry-romanoff\/#webpage","url":"https:\/\/wia.net.pl\/index.php\/2023\/06\/20\/bojkot-ekonomiczny-z-1933-r-larry-romanoff\/","name":"Bojkot ekonomiczny z 1933 r \u2013 Larry Romanoff - Wolno\u015b\u0107 i Anarchia","description":"\u017bydowskie wypowiedzenie wojny Niemcom \u2014 Bojkot ekonomiczny z 1933 r \u017bydowska deklaracja wojny z Niemcami Autor, Larry Romanoff , 28 stycznia 2023 r Uwaga dla czytelnik\u00f3w : Cz\u0119\u015b\u0107 tre\u015bci tego eseju zosta\u0142a zaczerpni\u0119ta z artyku\u0142u w The Barnes Review, stycze\u0144\/luty. 2001, s. 41-45, dr M. Raphael Johnson, asystent redaktora TBR. Zosta\u0142 opublikowany za zgod\u0105 w wersji cyfrowej \u00a9 2002-2019 przez The","inLanguage":"pl-PL","isPartOf":{"@id":"https:\/\/wia.net.pl\/#website"},"breadcrumb":{"@id":"https:\/\/wia.net.pl\/index.php\/2023\/06\/20\/bojkot-ekonomiczny-z-1933-r-larry-romanoff\/#breadcrumblist"},"author":{"@id":"https:\/\/wia.net.pl\/index.php\/author\/trinity\/#author"},"creator":{"@id":"https:\/\/wia.net.pl\/index.php\/author\/trinity\/#author"},"image":{"@type":"ImageObject","url":"https:\/\/wia.net.pl\/wp-content\/uploads\/2023\/06\/boycott-all-German-goods.webp","@id":"https:\/\/wia.net.pl\/index.php\/2023\/06\/20\/bojkot-ekonomiczny-z-1933-r-larry-romanoff\/#mainImage","width":1877,"height":1483},"primaryImageOfPage":{"@id":"https:\/\/wia.net.pl\/index.php\/2023\/06\/20\/bojkot-ekonomiczny-z-1933-r-larry-romanoff\/#mainImage"},"datePublished":"2023-06-20T08:53:05+02:00","dateModified":"2023-06-20T08:53:05+02:00"},{"@type":"WebSite","@id":"https:\/\/wia.net.pl\/#website","url":"https:\/\/wia.net.pl\/","name":"Wolno\u015b\u0107 i Anarchia","description":"Ka\u017cdy wewn\u0119trznie jest anarchist\u0105.","inLanguage":"pl-PL","publisher":{"@id":"https:\/\/wia.net.pl\/#person"}}]},"og:locale":"pl_PL","og:site_name":"Wolno\u015b\u0107 i Anarchia - Ka\u017cdy wewn\u0119trznie jest anarchist\u0105.","og:type":"article","og:title":"Bojkot ekonomiczny z 1933 r \u2013 Larry Romanoff - Wolno\u015b\u0107 i Anarchia","og:description":"\u017bydowskie wypowiedzenie wojny Niemcom \u2014 Bojkot ekonomiczny z 1933 r \u017bydowska deklaracja wojny z Niemcami Autor, Larry Romanoff , 28 stycznia 2023 r Uwaga dla czytelnik\u00f3w : Cz\u0119\u015b\u0107 tre\u015bci tego eseju zosta\u0142a zaczerpni\u0119ta z artyku\u0142u w The Barnes Review, stycze\u0144\/luty. 2001, s. 41-45, dr M. Raphael Johnson, asystent redaktora TBR. Zosta\u0142 opublikowany za zgod\u0105 w wersji cyfrowej \u00a9 2002-2019 przez The","og:url":"https:\/\/wia.net.pl\/index.php\/2023\/06\/20\/bojkot-ekonomiczny-z-1933-r-larry-romanoff\/","og:image":"https:\/\/wia.net.pl\/wp-content\/uploads\/2023\/11\/cropped-freedom-i73367.jpg","og:image:secure_url":"https:\/\/wia.net.pl\/wp-content\/uploads\/2023\/11\/cropped-freedom-i73367.jpg","article:published_time":"2023-06-20T06:53:05+00:00","article:modified_time":"2023-06-20T06:53:05+00:00","twitter:card":"summary_large_image","twitter:title":"Bojkot ekonomiczny z 1933 r \u2013 Larry Romanoff - Wolno\u015b\u0107 i Anarchia","twitter:description":"\u017bydowskie wypowiedzenie wojny Niemcom \u2014 Bojkot ekonomiczny z 1933 r \u017bydowska deklaracja wojny z Niemcami Autor, Larry Romanoff , 28 stycznia 2023 r Uwaga dla czytelnik\u00f3w : Cz\u0119\u015b\u0107 tre\u015bci tego eseju zosta\u0142a zaczerpni\u0119ta z artyku\u0142u w The Barnes Review, stycze\u0144\/luty. 2001, s. 41-45, dr M. Raphael Johnson, asystent redaktora TBR. Zosta\u0142 opublikowany za zgod\u0105 w wersji cyfrowej \u00a9 2002-2019 przez The","twitter:image":"https:\/\/wia.net.pl\/wp-content\/uploads\/2023\/11\/cropped-freedom-i73367.jpg"},"aioseo_meta_data":{"post_id":"2399","title":null,"description":null,"keywords":[],"keyphrases":{"focus":{"keyphrase":"","score":0,"analysis":{"keyphraseInTitle":{"score":0,"maxScore":9,"error":1}}},"additional":[]},"primary_term":null,"canonical_url":null,"og_title":null,"og_description":null,"og_object_type":"default","og_image_type":"default","og_image_url":null,"og_image_width":null,"og_image_height":null,"og_image_custom_url":null,"og_image_custom_fields":null,"og_video":"","og_custom_url":null,"og_article_section":null,"og_article_tags":[],"twitter_use_og":false,"twitter_card":"default","twitter_image_type":"default","twitter_image_url":null,"twitter_image_custom_url":null,"twitter_image_custom_fields":null,"twitter_title":null,"twitter_description":null,"schema":{"blockGraphs":[],"customGraphs":[],"default":{"data":{"Article":[],"Course":[],"Dataset":[],"FAQPage":[],"Movie":[],"Person":[],"Product":[],"ProductReview":[],"Car":[],"Recipe":[],"Service":[],"SoftwareApplication":[],"WebPage":[]},"graphName":"","isEnabled":true},"graphs":[]},"schema_type":"default","schema_type_options":null,"pillar_content":false,"robots_default":true,"robots_noindex":false,"robots_noarchive":false,"robots_nosnippet":false,"robots_nofollow":false,"robots_noimageindex":false,"robots_noodp":false,"robots_notranslate":false,"robots_max_snippet":"-1","robots_max_videopreview":"-1","robots_max_imagepreview":"large","priority":0,"frequency":"default","local_seo":null,"breadcrumb_settings":null,"limit_modified_date":false,"ai":null,"created":"2023-06-20 06:53:05","updated":"2025-06-04 08:12:26","seo_analyzer_scan_date":null,"focus_keyword":null,"additional_keywords":null,"truseo_locale":null},"aioseo_breadcrumb":"<div class=\"aioseo-breadcrumbs\"><span class=\"aioseo-breadcrumb\">\n\t\t\t<a href=\"https:\/\/wia.net.pl\" title=\"Home\">Home<\/a>\n\t\t<\/span><span class=\"aioseo-breadcrumb-separator\">&raquo;<\/span><span class=\"aioseo-breadcrumb\">\n\t\t\t<a href=\"https:\/\/wia.net.pl\/index.php\/category\/artykuly\/\" title=\"Artyku\u0142y\">Artyku\u0142y<\/a>\n\t\t<\/span><span class=\"aioseo-breadcrumb-separator\">&raquo;<\/span><span class=\"aioseo-breadcrumb\">\n\t\t\tBojkot ekonomiczny z 1933 r \u2013 Larry Romanoff\n\t\t<\/span><\/div>","aioseo_breadcrumb_json":[{"label":"Home","link":"https:\/\/wia.net.pl"},{"label":"Artyku\u0142y","link":"https:\/\/wia.net.pl\/index.php\/category\/artykuly\/"},{"label":"Bojkot ekonomiczny z 1933 r &#8211; Larry Romanoff","link":"https:\/\/wia.net.pl\/index.php\/2023\/06\/20\/bojkot-ekonomiczny-z-1933-r-larry-romanoff\/"}],"_links":{"self":[{"href":"https:\/\/wia.net.pl\/index.php\/wp-json\/wp\/v2\/posts\/2399"}],"collection":[{"href":"https:\/\/wia.net.pl\/index.php\/wp-json\/wp\/v2\/posts"}],"about":[{"href":"https:\/\/wia.net.pl\/index.php\/wp-json\/wp\/v2\/types\/post"}],"author":[{"embeddable":true,"href":"https:\/\/wia.net.pl\/index.php\/wp-json\/wp\/v2\/users\/2"}],"replies":[{"embeddable":true,"href":"https:\/\/wia.net.pl\/index.php\/wp-json\/wp\/v2\/comments?post=2399"}],"version-history":[{"count":1,"href":"https:\/\/wia.net.pl\/index.php\/wp-json\/wp\/v2\/posts\/2399\/revisions"}],"predecessor-version":[{"id":2401,"href":"https:\/\/wia.net.pl\/index.php\/wp-json\/wp\/v2\/posts\/2399\/revisions\/2401"}],"wp:featuredmedia":[{"embeddable":true,"href":"https:\/\/wia.net.pl\/index.php\/wp-json\/wp\/v2\/media\/2400"}],"wp:attachment":[{"href":"https:\/\/wia.net.pl\/index.php\/wp-json\/wp\/v2\/media?parent=2399"}],"wp:term":[{"taxonomy":"category","embeddable":true,"href":"https:\/\/wia.net.pl\/index.php\/wp-json\/wp\/v2\/categories?post=2399"},{"taxonomy":"post_tag","embeddable":true,"href":"https:\/\/wia.net.pl\/index.php\/wp-json\/wp\/v2\/tags?post=2399"}],"curies":[{"name":"wp","href":"https:\/\/api.w.org\/{rel}","templated":true}]}}