{"id":2416,"date":"2023-06-20T09:59:57","date_gmt":"2023-06-20T07:59:57","guid":{"rendered":"https:\/\/wia.net.pl\/?p=2416"},"modified":"2023-06-20T09:59:58","modified_gmt":"2023-06-20T07:59:58","slug":"projekt-gladio-odtajnione-akta","status":"publish","type":"post","link":"https:\/\/wia.net.pl\/index.php\/2023\/06\/20\/projekt-gladio-odtajnione-akta\/","title":{"rendered":"Projekt Gladio &#8211; Odtajnione Akta"},"content":{"rendered":"\n<p><strong>Odtajnione akta ujawniaj\u0105 rol\u0119 Wielkiej Brytanii w natowskich armiach terrorystycznych Gladio<\/strong><\/p>\n\n\n\n<p>Autor, <strong><a href=\"https:\/\/thegrayzone.com\/author\/kit-klarenberg\/\">KIT KLARENBERG<\/a>\u00b7 19 czerwca 2023<\/strong><\/p>\n\n\n\n<p>The Grayzone<\/p>\n\n\n\n<p><\/p>\n\n\n\n<figure class=\"wp-block-image size-large\"><img loading=\"lazy\" decoding=\"async\" width=\"1024\" height=\"576\" src=\"https:\/\/wia.net.pl\/wp-content\/uploads\/2023\/06\/GLADIO-1024x576.jpg\" alt=\"\" class=\"wp-image-2417\" srcset=\"https:\/\/wia.net.pl\/wp-content\/uploads\/2023\/06\/GLADIO-1024x576.jpg 1024w, https:\/\/wia.net.pl\/wp-content\/uploads\/2023\/06\/GLADIO-300x169.jpg 300w, https:\/\/wia.net.pl\/wp-content\/uploads\/2023\/06\/GLADIO-768x432.jpg 768w, https:\/\/wia.net.pl\/wp-content\/uploads\/2023\/06\/GLADIO-1536x864.jpg 1536w, https:\/\/wia.net.pl\/wp-content\/uploads\/2023\/06\/GLADIO-480x270.jpg 480w, https:\/\/wia.net.pl\/wp-content\/uploads\/2023\/06\/GLADIO.jpg 1920w\" sizes=\"(max-width: 1024px) 100vw, 1024px\" \/><\/figure>\n\n\n\n<p><\/p>\n\n\n\n<h3 class=\"wp-block-heading\"><strong>Nowo odtajnione brytyjskie akta rzucaj\u0105 niepokoj\u0105ce \u015bwiat\u0142o na pochodzenie i wewn\u0119trzne funkcjonowanie Operacji Gladio, tajnego spisku NATO, w ramach kt\u00f3rego faszystowskie boj\u00f3wki terrorystyczne rozmieszczaj\u0105 we W\u0142oszech.&nbsp;Czy szpiedzy w Londynie zastosowali te lekcje na Ukrainie?<\/strong><\/h3>\n\n\n\n<p>Niedawno odtajnione akta brytyjskiego Ministerstwa Spraw Zagranicznych doda\u0142y niepokoj\u0105ce szczeg\u00f3\u0142y do \u200b\u200bhistorii operacji Gladio.&nbsp;Tajna operacja zosta\u0142a odkryta w 1990 r., kiedy opinia publiczna dowiedzia\u0142a si\u0119, \u017ce CIA, MI6 i NATO szkoli\u0142y i kierowa\u0142y podziemn\u0105 armi\u0105 faszystowskich jednostek paramilitarnych w ca\u0142ej Europie, wykorzystuj\u0105c swoje zasoby do os\u0142abiania przeciwnik\u00f3w politycznych, w tym poprzez ataki terrorystyczne pod fa\u0142szyw\u0105 flag\u0105.<\/p>\n\n\n\n<p>W\u015br\u00f3d nich by\u0142 m\u0142ody Silvio Berlusconi, oligarcha medialny, kt\u00f3ry w latach 1994-2011 by\u0142 premierem W\u0142och w czterech oddzielnych rz\u0105dach. Wpisany na list\u0119 cz\u0142onk\u00f3w P2, tajnej kliki elit politycznych z czas\u00f3w zimnej wojny oddanej celom Gladio, Berlusconi niew\u0105tpliwie zabra\u0142 kilka wa\u017cnych tajemnic do grobu, kiedy zmar\u0142 12 czerwca.<\/p>\n\n\n\n<p>Niemal niemo\u017cliwe jest uwierzenie, \u017ce niewygodne prawdy nie zosta\u0142y usuni\u0119te z brytyjskich dokument\u00f3w dotycz\u0105cych operacji Gladio przed odtajnieniem.&nbsp;Niemniej jednak niedawno wydany materia\u0142 jest bardzo pouczaj\u0105cy.&nbsp;Dokumenty, obejmuj\u0105ce napi\u0119ty okres dwunastu miesi\u0119cy po pierwszym publicznym ujawnieniu istnienia Gladio, ilustruj\u0105, jak londy\u0144ski aparat wywiadu zagranicznego bacznie obserwowa\u0142 rozw\u00f3j wydarze\u0144 na kontynencie.<\/p>\n\n\n\n<p>Gazety nie tylko rzucaj\u0105 nowe \u015bwiat\u0142o na spisek, ale podkre\u015blaj\u0105 znaczenie Gladio jako brytyjskiego wywiadu, kt\u00f3ry do\u0142\u0105cza do swoich ameryka\u0144skich odpowiednik\u00f3w we wsp\u00f3\u0142czesnych spiskach z udzia\u0142em tajnych si\u0142 partyzanckich od Syrii po Ukrain\u0119.&nbsp;<\/p>\n\n\n\n<p>R\u00f3\u017cne fragmenty rozrzucone po ca\u0142ej transzy zdecydowanie sugeruj\u0105, \u017ce Brytyjczycy wiedzieli znacznie wi\u0119cej, ni\u017c publicznie przyznali, o ra\u017c\u0105cych czynach przest\u0119pczych, w tym o pr\u00f3bie obalenia sprzymierzonego w\u0142oskiego rz\u0105du oraz porwaniu i zab\u00f3jstwie jego przyw\u00f3dcy.<\/p>\n\n\n\n<h3 class=\"wp-block-heading\">\u201eTajna sie\u0107 oporu\u201d zaczyna dzia\u0142a\u0107<\/h3>\n\n\n\n<p>Gladio sk\u0142ada\u0142o si\u0119 z konstelacji \u201epozostaj\u0105cych w tyle\u201d antykomunistycznych armii partyzanckich, kt\u00f3rych pozorn\u0105 misj\u0105 by\u0142o odparcie Armii Czerwonej w przypadku sowieckiej inwazji.&nbsp;W rzeczywisto\u015bci si\u0142y te dopu\u015bci\u0142y si\u0119 niezliczonych akt\u00f3w przemocy i przest\u0119pstw w ramach&nbsp;<a href=\"https:\/\/www.journals.uchicago.edu\/doi\/10.1086\/651646\">\u201estrategii napi\u0119\u0107\u201d<\/a>&nbsp;maj\u0105cej na celu zdyskredytowanie lewicy i usprawiedliwienie dzia\u0142a\u0144 pa\u0144stwa bezpiecze\u0144stwa.<\/p>\n\n\n\n<p><a href=\"https:\/\/www.youtube.com\/watch?v=GZQAtYn3H2k\">Jak wyja\u015bni\u0142<\/a>&nbsp;Vincenzo Vinciguerra, agent Gladio skazany na do\u017cywocie w 1984 roku za zamach bombowy na samoch\u00f3d we W\u0142oszech, w kt\u00f3rym zgin\u0119\u0142o trzech policjant\u00f3w, a dw\u00f3ch zosta\u0142o rannych&nbsp;:<\/p>\n\n\n\n<p>\u201eMia\u0142e\u015b atakowa\u0107 cywil\u00f3w, kobiety, dzieci, niewinnych ludzi spoza sceny politycznej.&nbsp;Pow\u00f3d by\u0142 prosty, zmusi\u0107 spo\u0142ecze\u0144stwo do zwr\u00f3cenia si\u0119 do pa\u0144stwa i poproszenia o wi\u0119ksze bezpiecze\u0144stwo\u2026 Ludzie ch\u0119tnie zamieniliby swoj\u0105 wolno\u015b\u0107 na bezpiecze\u0144stwo, jakim jest mo\u017cliwo\u015b\u0107 chodzenia po ulicach, wsiadania do poci\u0105gu lub wej\u015bcia do banku.&nbsp;Taka by\u0142a polityczna logika zamach\u00f3w bombowych.&nbsp;Pozostaj\u0105 bezkarni, poniewa\u017c pa\u0144stwo nie mo\u017ce samo siebie pot\u0119pi\u0107\u201d.<\/p>\n\n\n\n<p>Skandal wywo\u0142any w zachodnich stolicach przez ujawnienie Gladio zdominowa\u0142 nag\u0142\u00f3wki g\u0142\u00f3wnego nurtu na wiele miesi\u0119cy.&nbsp;W odpowiedzi Parlament Europejski&nbsp;<a href=\"https:\/\/en.wikisource.org\/wiki\/European_Parliament_resolution_on_Gladio\">przyj\u0105\u0142 rezolucj\u0119<\/a>&nbsp;pot\u0119piaj\u0105c\u0105 istnienie \u201ekonspiracyjnej r\u00f3wnoleg\u0142ej organizacji wywiadowczej i operacji zbrojnych [kt\u00f3ra] wymkn\u0119\u0142a si\u0119 wszelkiej demokratycznej kontroli, mog\u0142a nielegalnie ingerowa\u0107 w wewn\u0119trzne sprawy polityczne pa\u0144stw cz\u0142onkowskich  mia\u0142a do swojej dyspozycji niezale\u017cne arsena\u0142y i zasoby wojskowe\u2026 tym samym zagra\u017caj\u0105c strukturom demokratycznym kraj\u00f3w, w kt\u00f3rych dzia\u0142aj\u0105\u201d.<\/p>\n\n\n\n<p>W rezolucji wezwano do przeprowadzenia niezale\u017cnych dochodze\u0144 s\u0105dowych i parlamentarnych w sprawie Gladio w ka\u017cdym pa\u0144stwie europejskim.&nbsp;Ale opr\u00f3cz dochodze\u0144 w Belgii, W\u0142oszech i Szwajcarii nic istotnego si\u0119 nie zmaterializowa\u0142o.&nbsp;Co wi\u0119cej, \u015bledczy mocno zredagowali swoje ustalenia, unikaj\u0105c t\u0142umaczenia ich na j\u0119zyk angielski.&nbsp;To mo\u017ce pom\u00f3c wyja\u015bni\u0107, dlaczego historyczny skandal zosta\u0142 w du\u017cej mierze zapomniany.<\/p>\n\n\n\n<p>W tym kontek\u015bcie nowo odtajnione dokumenty mog\u0105 by\u0107 jednym z najcenniejszych jak dot\u0105d \u017ar\u00f3de\u0142 pierwotnych, oferuj\u0105cych nowy wgl\u0105d w pochodzenie i wewn\u0119trzne funkcjonowanie tajnych boj\u00f3wek terrorystycznych NATO we W\u0142oszech.&nbsp;<\/p>\n\n\n\n<p>We\u017amy na przyk\u0142ad aide-m\u00e9moire (zobacz&nbsp;<a href=\"https:\/\/thegrayzone.com\/wp-content\/uploads\/2023\/06\/Aide-Memoire.pdf\">tutaj<\/a>&nbsp;)&nbsp;&nbsp;przygotowane przez Francesco Fulci, sta\u0142ego przedstawiciela W\u0142och przy ONZ, kt\u00f3re zosta\u0142o udost\u0119pnione na \u201esuper-ograniczonym\u201d posiedzeniu Rady P\u00f3\u0142nocnoatlantyckiej 6 listopada 1990 r.&nbsp;<a href=\"https:\/\/www.nato.int\/cps\/en\/natohq\/topics_49763.htm\">,<\/a>&nbsp;g\u0142\u00f3wnego organu podejmuj\u0105cego decyzje polityczne w NATO cia\u0142a, a nast\u0119pnie przekazany do wy\u017cszych urz\u0119dnik\u00f3w brytyjskich w kraju i za granic\u0105.<\/p>\n\n\n\n<p>W oparciu o notatk\u0119 dostarczon\u0105 przez \u00f3wczesnego premiera Rzymu Giulio Andreottiego \u201eprzewodnicz\u0105cemu w\u0142oskiej komisji parlamentarnej badaj\u0105cej incydenty terrorystyczne\u201d, aide-m\u00e9moire zaczyna si\u0119 od wzmianki, \u017ce po drugiej wojnie \u015bwiatowej zachodnie agencje wywiadowcze opracowa\u0142y \u201eniekonwencjonalne \u015brodki obrony poprzez tworzenie na swoich terytoriach ukrytej sieci oporu, maj\u0105cej na celu operowanie w przypadku wrogiej okupacji poprzez zbieranie informacji, sabota\u017c, propagand\u0119 i wojn\u0119 partyzanck\u0105\u201d.<\/p>\n\n\n\n<p>Wed\u0142ug aide-m\u00e9moire w\u0142adze w Rzymie zacz\u0119\u0142y k\u0142a\u015b\u0107 podwaliny pod tak\u0105 organizacj\u0119 w 1951 roku. Cztery lata p\u00f3\u017aniej w\u0142oski wywiad wojskowy (SIFAR) i \u201eodpowiednia s\u0142u\u017cba sojusznicza\u201d \u2013 odniesienie do CIA \u2013 formalnie uzgodni\u0142y w\u00f3wczas organizacja i dzia\u0142alno\u015b\u0107 \u201epookupacyjnej siatki konspiracyjnej\u201d:<\/p>\n\n\n\n<p>\u201e[Gladio] by\u0142;&nbsp;utworzone przez agent\u00f3w dzia\u0142aj\u0105cych na terytorium, kt\u00f3rzy ze wzgl\u0119du na sw\u00f3j wiek, p\u0142e\u0107 i dzia\u0142alno\u015b\u0107 mogli rozs\u0105dnie unikn\u0105\u0107 ostatecznej deportacji i uwi\u0119zienia przez zagranicznych okupant\u00f3w;&nbsp;\u0142atwy w zarz\u0105dzaniu nawet ze struktury dowodzenia poza terytorium okupowanym;&nbsp;na poziomie \u015bci\u015ble tajnym, a zatem podzielone na \u201ekom\u00f3rki\u201d, aby zminimalizowa\u0107 wszelkie mo\u017cliwe szkody spowodowane dezercjami, wypadkami lub penetracj\u0105 sieci\u201d.<\/p>\n\n\n\n<p>\u201eTajna sie\u0107 oporu\u201d zosta\u0142a podzielona na odr\u0119bne ga\u0142\u0119zie, obejmuj\u0105ce operacje informacyjne, sabota\u017c, propagand\u0119, \u0142\u0105czno\u015b\u0107 radiow\u0105, szyfrowanie, przyjmowanie i ewakuacj\u0119 ludzi i sprz\u0119tu.&nbsp;Ka\u017cda z tych struktur mia\u0142a dzia\u0142a\u0107 autonomicznie, \u201ez \u0142\u0105czno\u015bci\u0105 i koordynacj\u0105 zapewnion\u0105 przez zewn\u0119trzn\u0105 baz\u0119\u201d.&nbsp;<\/p>\n\n\n\n<p>SIFAR utworzy\u0142 specjaln\u0105, tajn\u0105 sekcj\u0119 do rekrutacji i szkolenia agent\u00f3w Gladio.&nbsp;W mi\u0119dzyczasie utrzymywa\u0142a pi\u0119\u0107 \u201ejednostek partyzanckich gotowych do rozmieszczenia na obszarach o szczeg\u00f3lnym znaczeniu\u201d w ca\u0142ych W\u0142oszech, kt\u00f3re nieustannie czeka\u0142y na aktywacj\u0119.<\/p>\n\n\n\n<p>\u201eMateria\u0142y operacyjne\u201d, w tym r\u00f3\u017cnorodne materia\u0142y wybuchowe, bro\u0144 \u2013 taka jak mo\u017adzierze, granaty r\u0119czne, pistolety i no\u017ce \u2013 oraz amunicja by\u0142y przechowywane w 139 tajnych podziemnych skrytkach w ca\u0142ym kraju.&nbsp;W kwietniu 1972 r., \u201ew celu poprawy bezpiecze\u0144stwa\u201d, te arsena\u0142y zosta\u0142y ekshumowane i przeniesione do biur Carabinieri, rzymskiej \u017candarmerii wojskowej, w pobli\u017cu pierwotnych miejsc.&nbsp;<\/p>\n\n\n\n<p>Tylko 127 magazyn\u00f3w broni zosta\u0142o oficjalnie odzyskanych.&nbsp;W aide-m\u00e9moir stwierdza si\u0119, \u017ce co najmniej dw\u00f3ch \u201ezosta\u0142o najprawdopodobniej zabranych przez nieznane osoby\u201d w czasie ich poch\u00f3wku, w pa\u017adzierniku 1964 r. Kim byli ci agenci i co zrobili ze skradzion\u0105 broni\u0105, pozostawia si\u0119 wyobra\u017ani.<\/p>\n\n\n\n<h3 class=\"wp-block-heading\">Brytyjski udzia\u0142 w zamachu stanu<\/h3>\n\n\n\n<p>Fulci zosta\u0142 ostatecznie wypytywany przez uczestnik\u00f3w szczytu Rady P\u00f3\u0142nocnoatlantyckiej \u201eczy Gladio odst\u0105pi\u0142 od swoich w\u0142a\u015bciwych cel\u00f3w\u201d.&nbsp;Innymi s\u0142owy, poza dzia\u0142aniem wy\u0142\u0105cznie jako si\u0142a \u201epozostaj\u0105ca w tyle\u201d, kt\u00f3ra ma by\u0107 aktywowana w przypadku sowieckiej inwazji.&nbsp;Chocia\u017c \u201enie m\u00f3g\u0142 doda\u0107 do tego, co by\u0142o w aide-m\u00e9moire\u201d, Fulci potwierdzi\u0142, \u017ce \u201ebro\u0144 u\u017cyta w niekt\u00f3rych incydentach terrorystycznych pochodzi\u0142a ze sklep\u00f3w za\u0142o\u017conych przez Gladio\u201d.<\/p>\n\n\n\n<p>Mo\u017ce to odzwierciedla\u0107 fakt, \u017ce przemoc polityczna by\u0142a&nbsp;jednym z \u201ew\u0142a\u015bciwych cel\u00f3w\u201d Gladio.&nbsp;<a href=\"https:\/\/www.php.isn.ethz.ch\/lory1.ethz.ch\/collections\/colltopic94c4.html?lng=en&amp;id=20213&amp;navinfo=15301\">Raport SIFAR<\/a>&nbsp;z czerwca 1959 r.&nbsp;, odkryty przez historyka Daniele Gansera, potwierdza, \u017ce \u200b\u200bdzia\u0142ania partyzanckie przeciwko \u201ezagro\u017ceniom wewn\u0119trznym\u201d by\u0142y wpisane w operacj\u0119 od samego pocz\u0105tku.&nbsp;W kontek\u015bcie w\u0142oskim oznacza\u0142o to systematyczne terroryzowanie lewicy.<\/p>\n\n\n\n<p>Gdy w\u0142oska partia komunistyczna gwa\u0142townie wzros\u0142a w sonda\u017cach przed wyborami w tym kraju w 1948 roku, CIA wpompowa\u0142a pieni\u0105dze do kasy chadek\u00f3w i towarzysz\u0105cej jej antykomunistycznej kampanii propagandowej.&nbsp;Wysi\u0142ek p\u0142aszcza i sztyletu by\u0142 tak skuteczny w zapobieganiu wybuchowi lewicowego rz\u0105du w Rzymie, \u017ce Langley potajemnie&nbsp;<a href=\"http:\/\/www.nytimes.com\/2006\/07\/06\/us\/06wyatt.html?_r=0\">interweniowa\u0142<\/a>&nbsp;we wszystkich wyborach w Rzymie przez co najmniej nast\u0119pne 24 lata.<\/p>\n\n\n\n<p>Jednak tajne operacje CIA by\u0142y niewystarczaj\u0105ce, aby uniemo\u017cliwi\u0107 W\u0142ochom sporadyczne wybieranie niew\u0142a\u015bciwych rz\u0105d\u00f3w.&nbsp;W wyborach powszechnych w 1963 r. ponownie zwyci\u0119\u017cyli chadecy, tym razem pod przyw\u00f3dztwem lewicowego polityka Aldo Moro, kt\u00f3ry d\u0105\u017cy\u0142 do zbudowania koalicji z socjalistami i demokratycznymi socjalistami.&nbsp;W ci\u0105gu nast\u0119pnego roku mi\u0119dzy tymi stronami wybuch\u0142y przed\u0142u\u017caj\u0105ce si\u0119 spory o to, jak\u0105 form\u0119 przybierze ich administracja.<\/p>\n\n\n\n<p>W mi\u0119dzyczasie specjali\u015bci SIFAR i CIA od tajnych operacji, tacy jak William Harvey,&nbsp;<a href=\"http:\/\/jfk.hood.edu\/Collection\/Weisberg%20Subject%20Index%20Files\/C%20Disk\/CIA%20Harvey%20William%20King\/Item%2002.pdf\">znany jako<\/a>&nbsp;\u201eAmeryka\u0144ski James Bond\u201d, uknuli spisek, aby uniemo\u017cliwi\u0107 temu rz\u0105dowi obj\u0119cie urz\u0119du.&nbsp;Znany jako \u201e&nbsp;<a href=\"https:\/\/apnews.com\/article\/00fbd1b9567fb5913e8d512f6a3c99c9\">Piano Solo<\/a>&nbsp;\u201d, wys\u0142a\u0142 agent\u00f3w Gladio do zamachu na Moro pod fa\u0142szyw\u0105 flag\u0105, kt\u00f3ry celowo si\u0119 nie powi\u00f3d\u0142.&nbsp;<\/p>\n\n\n\n<p>Zgodnie z planem porywacz mia\u0142 twierdzi\u0107, \u017ce otrzyma\u0142 rozkaz zabicia Moro od komunist\u00f3w, usprawiedliwiaj\u0105c w ten spos\u00f3b brutalne zaj\u0119cie wielu siedzib partii politycznych i gazet, a tak\u017ce uwi\u0119zienie k\u0142opotliwych lewicowc\u00f3w w tajnej siedzibie oddzia\u0142u Gladio na Sardynii.&nbsp;Plan zosta\u0142 ostatecznie przerwany, cho\u0107 pozostawa\u0142 na stole przez ca\u0142y 1964 rok.<\/p>\n\n\n\n<p>Moro zosta\u0142 premierem bez incydent\u00f3w i rz\u0105dzi\u0142 do czerwca 1968 roku. Cztery lata p\u00f3\u017aniej Piano Solo zosta\u0142o obj\u0119te oficjalnym dochodzeniem, ale wyniki nie zosta\u0142y opublikowane, dop\u00f3ki opinia publiczna nie dowiedzia\u0142a si\u0119 o istnieniu Gladio.&nbsp;Chocia\u017c w ustaleniach pomini\u0119to jak\u0105kolwiek wzmiank\u0119 o roli Wielkiej Brytanii w planowanym zamachu stanu, nowo ujawnione dokumenty zdecydowanie sugeruj\u0105 zaanga\u017cowanie Londynu.&nbsp;(Przeczytaj je&nbsp;<a href=\"https:\/\/thegrayzone.com\/wp-content\/uploads\/2023\/06\/Piano-Solo.pdf\">tutaj<\/a>&nbsp;).<\/p>\n\n\n\n<p>\u00d3wczesny prezydent W\u0142och Francesco Cossiga za\u017c\u0105da\u0142 od ministerstwa przekazania \u201eszczeg\u00f3\u0142\u00f3w dotycz\u0105cych pozostania Wielkiej Brytanii w 1964 r.\u201d, zgodnie ze szczeg\u00f3\u0142ow\u0105 notatk\u0105 Ministerstwa Spraw Zagranicznych z lutego 1991 r. na temat ostatnich wydarze\u0144 w skandalu.<\/p>\n\n\n\n<p>Cossiga najwyra\u017aniej przeprowadzi\u0142 to dochodzenie w wyniku s\u0119dziego, \u201ekt\u00f3rego dochodzenie w sprawie nierozwi\u0105zanych atak\u00f3w terrorystycznych po raz pierwszy ujawni\u0142o operacj\u0119 Gladio\u201d i kt\u00f3ry wykona\u0142 \u201ebezprecedensowy krok\u201d \u017c\u0105daj\u0105c od prezydenta z\u0142o\u017cenia zezna\u0144 na temat spisku pod przysi\u0119g\u0105.&nbsp;W tym momencie Cossiga przyzna\u0142, \u017ce dowiedzia\u0142 si\u0119 o sile \u201epozostawania w tyle\u201d, kiedy s\u0142u\u017cy\u0142 jako m\u0142odszy minister obrony w 1966 roku.&nbsp;<\/p>\n\n\n\n<p>Jego zapytanie do Ministerstwa Spraw Zagranicznych zdecydowanie sugeruje, \u017ce brytyjski wywiad odegra\u0142 rol\u0119 w Piano Solo i \u017ce prezydent W\u0142och by\u0142 dobrze \u015bwiadomy spisku.<\/p>\n\n\n\n<figure class=\"wp-block-image\" id=\"attachment_90824\"><img decoding=\"async\" src=\"https:\/\/i0.wp.com\/thegrayzone.com\/wp-content\/uploads\/2023\/06\/Aldo_Moro_br.jpg?resize=737%2C853&amp;ssl=1\" alt=\"\" class=\"wp-image-90824\"\/><figcaption class=\"wp-element-caption\">Zdj\u0119cie skazanego na zag\u0142ad\u0119 premiera W\u0142och Aldo Moro w niewoli Czerwonych Brygad<\/figcaption><\/figure>\n\n\n\n<h3 class=\"wp-block-heading\"><strong>\u201ejeden lub wi\u0119cej porywaczy Moro by\u0142o potajemnie w kontakcie z aparatem bezpiecze\u0144stwa\u201d<\/strong><\/h3>\n\n\n\n<p>16 marca 1978 roku oddzia\u0142 lewicowych bojownik\u00f3w Czerwonych Brygad&nbsp;<a href=\"https:\/\/www.saturdaysinrome.com\/blog\/famous-italians-part-2\">porwa\u0142<\/a>&nbsp;Moro.&nbsp;By\u0142 w drodze na spotkanie wysokiego szczebla, na kt\u00f3rym planowa\u0142 udzieli\u0107 b\u0142ogos\u0142awie\u0144stwa nowemu rz\u0105dowi koalicyjnemu, kt\u00f3ry polega\u0142 na wsparciu komunist\u00f3w, kiedy porywacze brutalnie wyci\u0105gn\u0119li go z konwoju.&nbsp;W trakcie zamordowano pi\u0119ciu ochroniarzy Moro.<\/p>\n\n\n\n<p>Po prawie dw\u00f3ch miesi\u0105cach niewoli, kiedy sta\u0142o si\u0119 jasne, \u017ce rz\u0105d nie b\u0119dzie negocjowa\u0142 z Czerwonymi Brygadami ani nie uwolni \u017cadnego z uwi\u0119zionych cz\u0142onk\u00f3w w zamian za Moro, porywacze dokonali egzekucji by\u0142ego premiera W\u0142och.&nbsp;Jego podziurawione kulami zw\u0142oki pozostawiono w baga\u017cniku samochodu, aby zgni\u0142y, a w\u0142adze mog\u0142y je znale\u017a\u0107.<\/p>\n\n\n\n<p>Morderstwo Moro wzbudzi\u0142o&nbsp;<a href=\"https:\/\/newcriterion.com\/issues\/1998\/11\/mythmaking-the-aldo-moro-case\">powszechne<\/a>&nbsp;i uzasadnione&nbsp;<a href=\"https:\/\/www.repubblica.it\/online\/politica\/propeco\/andreotti\/andreotti.html\">podejrzenia<\/a>&nbsp;, \u017ce \u200b\u200bagenci Gladio infiltrowali Czerwone Brygady, aby zmusi\u0107 grup\u0119 do pope\u0142nienia nadmiernie brutalnych akt\u00f3w w celu podsycenia powszechnego \u017c\u0105dania prawicowego re\u017cimu prawa i porz\u0105dku.&nbsp;Bardziej ni\u017c jakikolwiek inny incydent, jego zab\u00f3jstwo wype\u0142ni\u0142o cele strategii napi\u0119\u0107 pa\u0144stwa bezpiecze\u0144stwa.&nbsp;<\/p>\n\n\n\n<p>Niezale\u017cnie od tego, czy Moro by\u0142 ofiar\u0105 Gladio, odtajniona notatka Ministerstwa Spraw Zagranicznych z 5 listopada 1990 r., kt\u00f3rej autorem by\u0142 \u00f3wczesny ambasador Wielkiej Brytanii w Rzymie,&nbsp;<a href=\"https:\/\/www.e3g.org\/people\/john-ashton\/\">John Ashton<\/a>&nbsp;, wyja\u015bnia, \u017ce \u200b\u200bLondyn wiedzia\u0142 znacznie wi\u0119cej o tej sprawie, ni\u017c kiedykolwiek ujawni\u0142 publicznie jakikolwiek urz\u0119dnik \u017ar\u00f3d\u0142o.&nbsp;(Przeczytaj pe\u0142n\u0105 notatk\u0119 Ashton&nbsp;<a href=\"https:\/\/thegrayzone.com\/wp-content\/uploads\/2023\/06\/Ashton-Note.pdf\">tutaj<\/a>&nbsp;).<\/p>\n\n\n\n<p>\u201eIstniej\u0105 poszlaki \u015bwiadcz\u0105ce o tym, \u017ce jeden lub wi\u0119cej porywaczy Moro by\u0142o w tamtym czasie potajemnie w kontakcie z aparatem bezpiecze\u0144stwa;&nbsp;i \u017ce ten ostatni celowo zaniedba\u0142 \u015bledzenie trop\u00f3w, kt\u00f3re mog\u0142y doprowadzi\u0107 do porywaczy i uratowa\u0107 \u017cycie Moro\u201d \u2013 o\u015bwiadczy\u0142 Ashton.<\/p>\n\n\n<div class=\"wp-block-image\">\n<figure class=\"aligncenter\"><img decoding=\"async\" src=\"https:\/\/i0.wp.com\/thegrayzone.com\/wp-content\/uploads\/2023\/06\/Screen-Shot-2023-06-19-at-1.39.21-AM.png?resize=1170%2C874&amp;ssl=1\" alt=\"\" class=\"wp-image-90827\"\/><\/figure><\/div>\n\n\n<p>Co wi\u0119cej, zdaniem brytyjskiego dyplomaty, prezydencka komisja kryzysowa odpowiedzialna za pr\u00f3b\u0119 ratowania Moro by\u0142a cz\u0119\u015bci\u0105 os\u0142awionej P2 \u2013 \u201ewywrotowej lo\u017cy maso\u0144skiej\u201d z\u0142o\u017conej z elit politycznych lojalnych wobec Gladio.&nbsp;<\/p>\n\n\n\n<p>Wed\u0142ug Ashtona, P2 by\u0142a tylko jedn\u0105 z wielu \u201etajemniczych prawicowych si\u0142\u201d d\u0105\u017c\u0105cych \u201epoprzez terroryzm i przemoc uliczn\u0105 do sprowokowania represyjnego sprzeciwu wobec w\u0142oskich instytucji demokratycznych\u201d w ramach \u201estrategii napi\u0119\u0107\u201d.&nbsp;A prezydent Cossiga by\u0142 zupe\u0142nie nie\u015bwiadomy tego, \u017ce przenikn\u0105\u0142 on do jego komitetu kryzysowego.<\/p>\n\n\n\n<p><a href=\"https:\/\/files.libcom.org\/files\/NATOs_secret_armies.pdf\">W kwietniu 1981 r<\/a>&nbsp;. s\u0119dziowie w Mediolanie dokonali nalotu na will\u0119 Licio Gelli, w\u0142oskiego finansisty i samozwa\u0144czego faszysty, kt\u00f3ry za\u0142o\u017cy\u0142 P2.&nbsp;Tam odkryli list\u0119 2500 cz\u0142onk\u00f3w, kt\u00f3ra brzmi jak \u201eKto jest kim\u201d w\u0142oskich polityk\u00f3w, bankier\u00f3w, szpieg\u00f3w, finansist\u00f3w, przemys\u0142owc\u00f3w oraz wy\u017cszych funkcjonariuszy organ\u00f3w \u015bcigania i wojskowych.&nbsp;W\u015br\u00f3d najwybitniejszych cz\u0142onk\u00f3w Cabal by\u0142 Silvio Berlusconi.<\/p>\n\n\n\n<figure class=\"wp-block-image\" id=\"attachment_90828\"><img decoding=\"async\" src=\"https:\/\/i0.wp.com\/thegrayzone.com\/wp-content\/uploads\/2023\/06\/WhatsApp-Image-2023-06-13-at-3.32.57-AM.jpeg?resize=440%2C427&amp;ssl=1\" alt=\"\" class=\"wp-image-90828\"\/><figcaption class=\"wp-element-caption\">Plik P2 przysz\u0142ego premiera W\u0142och Silvio Berlusconiego<\/figcaption><\/figure>\n\n\n\n<p>\u201eHistoryczny kompromis\u201d Moro, na mocy kt\u00f3rego komuni\u015bci \u201eumo\u017cliwili rz\u0105d Andreottiego\u201d, by\u0142by \u201eostatnim krokiem przed wej\u015bciem partii do rz\u0105du\u201d.&nbsp;Ashton stwierdzi\u0142, \u017ce rozw\u00f3j ten \u201eby\u0142 przekle\u0144stwem dla P2\u201d, kt\u00f3ry \u201ew\u00f3wczas sprawowa\u0142 wirtualn\u0105 kontrol\u0119 nad [w\u0142oskim] aparatem bezpiecze\u0144stwa\u201d, a tak\u017ce dla wielu polityk\u00f3w establishmentu spoza P2, a tak\u017ce dla Stan\u00f3w Zjednoczonych\u201d i d\u0105\u017cy\u0142 do \u201ewyeliminowania raz i dla wszystkich mo\u017cliwo\u015bci, \u017ce Partia Komunistyczna\u2026 mo\u017ce osi\u0105gn\u0105\u0107 w\u0142adz\u0119 narodow\u0105\u201d.<\/p>\n\n\n\n<p>Ashton uzna\u0142 \u201eposzlaki\u201d \u201ewsparcia USA dla P2\u201d.&nbsp;W rzeczywisto\u015bci za\u0142o\u017cyciel P2, Gelli, by\u0142 tak dobrze powi\u0105zany z aparatem bezpiecze\u0144stwa narodowego i wywiadu Waszyngtonu, \u017ce rzymska plac\u00f3wka CIA wyra\u017anie oskar\u017cy\u0142a go o utworzenie r\u00f3wnoleg\u0142ego rz\u0105du antykomunistycznego w Rzymie.<\/p>\n\n\n\n<p>P\u00f3\u017aniejsze dochodzenie wykaza\u0142o, jak Henry Kissinger pom\u00f3g\u0142&nbsp;<a href=\"https:\/\/books.google.com\/books?id=Kt9LDwAAQBAJ&amp;pg=PT123\">nadzorowa\u0107<\/a>&nbsp;rekrutacj\u0119 400 wysokich rang\u0105 oficer\u00f3w w\u0142oskich i NATO jako agent\u00f3w P2 w 1969 roku. Stany Zjednoczone by\u0142y tak wdzi\u0119czne za antykomunistyczn\u0105 czystk\u0119 Gelliego, \u017ce uczyni\u0142y go go\u015bciem&nbsp;<a href=\"https:\/\/www.youtube.com\/watch?v=Q8xbENVPuzQ\">honorowym<\/a>&nbsp;ceremonii prezydenci Gerald Ford, Jimmy Carter i Ronald Reagan.<\/p>\n\n\n\n<p>Ashton zako\u0144czy\u0142 swoj\u0105 odkrywcz\u0105 notatk\u0119 stwierdzeniem, \u017ce prawda o zaanga\u017cowaniu Waszyngtonu w krwawe \u201eLata o\u0142owiu\u201d Rzymu \u201eprawdopodobnie nigdy nie zostanie poznana\u201d.&nbsp;Pe\u0142ny zakres zaanga\u017cowania Wielkiej Brytanii w ataki terrorystyczne, obalenia rz\u0105d\u00f3w, kampanie destabilizacyjne i inne haniebne dzia\u0142ania pod egid\u0105 operacji Gladio, nie tylko we W\u0142oszech, ale w ca\u0142ej Europie, prawie na pewno r\u00f3wnie\u017c pozostanie tajemnic\u0105 i celowo.<\/p>\n\n\n\n<p>Dopiero&nbsp;<a href=\"https:\/\/www.independent.co.uk\/news\/world\/the-terror-trail-that-won-t-grow-cold-dark-forces-bombed-bologna-station-in-1980-killing-85-at-a-retrial-tomorrow-the-victims-relatives-may-see-justice-done-1509705.html\">w 1993 roku<\/a>&nbsp;opinia publiczna dowiedzia\u0142a si\u0119, w jaki spos\u00f3b Stany Zjednoczone i Wielka Brytania przekaza\u0142y amunicj\u0119 agentom Gladio, aby wznieci\u0107 krwawe akty terroru we W\u0142oszech.&nbsp;Jak Francesco Fulci powiedzia\u0142 swoim przyjacio\u0142om z NATO na \u201esuper-ograniczonym\u201d spotkaniu, Waszyngton i Londyn dostarczy\u0142y sprawc\u00f3w masowych atak\u00f3w, w tym zamachu bombowego na dworzec kolejowy Bologna Centrale w 1980 r., w kt\u00f3rym zgin\u0119\u0142o 85 os\u00f3b, a ponad 200 zosta\u0142o rannych.<\/p>\n\n\n\n<p>Osoby odpowiedzialne za te ohydne zbrodnie prawie w ka\u017cdym przypadku wymyka\u0142y si\u0119 sprawiedliwo\u015bci.&nbsp;Kilku g\u0142\u00f3wnych podejrzanych o masakr\u0119 w Bolonii, w tym zdeklarowany faszysta i&nbsp;<a href=\"https:\/\/op.europa.eu\/en\/publication-detail\/-\/publication\/d8734ae4-921b-487c-9086-2941571e1cf1\">potwierdzony pracownik MI6<\/a>&nbsp;Robert Fiore, uciek\u0142o do Londynu.&nbsp;<a href=\"https:\/\/www.rollingstone.it\/politica\/la-vita-straordinaria-di-roberto-fiore-il-fondatore-di-forza-nuova\/589381\/\">Wielka Brytania odm\u00f3wi\u0142a<\/a>&nbsp;ekstradycji go i jego wsp\u00f3\u0142spiskowc\u00f3w pomimo ich wyrok\u00f3w skazuj\u0105cych zaocznie za brutalne przest\u0119pstwa.<\/p>\n\n\n\n<p>Rozleg\u0142e do\u015bwiadczenie brytyjskiego wywiadu zdobyte podczas operacji Gladio rodzi pytania o lekcje, jakie MI6 zastosowa\u0142a w bie\u017c\u0105cych tajnych operacjach na teatrach konfliktu.&nbsp;<a href=\"https:\/\/thegrayzone.com\/2022\/11\/03\/british-spies-terror-army-ukraine\/\">Jak ujawni\u0142<\/a>&nbsp;The Grayzone&nbsp;w listopadzie 2022 r., brytyjscy weterani wojskowi i wywiadu szkolili i sponsorowali tajn\u0105 partyzanck\u0105 armi\u0119 terrorystyczn\u0105 we wschodniej Ukrainie w celu przeprowadzania akt\u00f3w sabota\u017cu na Krymie i innych obszarach z wi\u0119kszo\u015bci\u0105 rosyjsk\u0105.&nbsp;Plan zak\u0142ada\u0142 szkolenie kom\u00f3rek oddanych ideologicznie Ukrai\u0144c\u00f3w, aby \u201estrzelali, poruszali si\u0119, komunikowali, przetrwali\u201d.<\/p>\n\n\n\n<p>\u0179r\u00f3d\u0142o https:\/\/thegrayzone.com\/2023\/06\/19\/files-british-natos-secret-terror-armies\/<\/p>\n","protected":false},"excerpt":{"rendered":"<p>Odtajnione akta ujawniaj\u0105 rol\u0119 Wielkiej Brytanii w natowskich armiach terrorystycznych Gladio Autor, KIT KLARENBERG\u00b7 19 czerwca 2023 The Grayzone Nowo odtajnione brytyjskie akta rzucaj\u0105 niepokoj\u0105ce \u015bwiat\u0142o na pochodzenie i wewn\u0119trzne funkcjonowanie Operacji Gladio, tajnego spisku NATO, w ramach kt\u00f3rego faszystowskie&#8230; <\/p>\n","protected":false},"author":2,"featured_media":2417,"comment_status":"open","ping_status":"open","sticky":false,"template":"","format":"standard","meta":{"_acf_changed":false,"_bbp_topic_count":0,"_bbp_reply_count":0,"_bbp_total_topic_count":0,"_bbp_total_reply_count":0,"_bbp_voice_count":0,"_bbp_anonymous_reply_count":0,"_bbp_topic_count_hidden":0,"_bbp_reply_count_hidden":0,"_bbp_forum_subforum_count":0,"om_disable_all_campaigns":false,"_monsterinsights_skip_tracking":false,"footnotes":""},"categories":[93],"tags":[],"class_list":["post-2416","post","type-post","status-publish","format-standard","has-post-thumbnail","hentry","category-artykuly"],"acf":[],"aioseo_notices":[],"aioseo_head":"\n\t\t<!-- All in One SEO 5.0.1.1 - aioseo.com -->\n\t<meta name=\"description\" content=\"Odtajnione akta ujawniaj\u0105 rol\u0119 Wielkiej Brytanii w natowskich armiach terrorystycznych Gladio Autor, KIT KLARENBERG\u00b7 19 czerwca 2023 The Grayzone Nowo odtajnione brytyjskie akta rzucaj\u0105 niepokoj\u0105ce \u015bwiat\u0142o na pochodzenie i wewn\u0119trzne funkcjonowanie Operacji Gladio, tajnego spisku NATO, w ramach kt\u00f3rego faszystowskie boj\u00f3wki terrorystyczne rozmieszczaj\u0105 we W\u0142oszech. Czy szpiedzy w Londynie zastosowali te lekcje na Ukrainie? Niedawno odtajnione\" \/>\n\t<meta name=\"robots\" content=\"max-image-preview:large\" \/>\n\t<meta name=\"author\" content=\"trinity\"\/>\n\t<link rel=\"canonical\" href=\"https:\/\/wia.net.pl\/index.php\/2023\/06\/20\/projekt-gladio-odtajnione-akta\/\" \/>\n\t<meta name=\"generator\" content=\"All in One SEO (AIOSEO) 5.0.1.1\" \/>\n\t\t<meta property=\"og:locale\" content=\"pl_PL\" \/>\n\t\t<meta property=\"og:site_name\" content=\"Wolno\u015b\u0107 i Anarchia - Ka\u017cdy wewn\u0119trznie jest anarchist\u0105.\" \/>\n\t\t<meta property=\"og:type\" content=\"article\" \/>\n\t\t<meta property=\"og:title\" content=\"Projekt Gladio \u2013 Odtajnione Akta - Wolno\u015b\u0107 i Anarchia\" \/>\n\t\t<meta property=\"og:description\" content=\"Odtajnione akta ujawniaj\u0105 rol\u0119 Wielkiej Brytanii w natowskich armiach terrorystycznych Gladio Autor, KIT KLARENBERG\u00b7 19 czerwca 2023 The Grayzone Nowo odtajnione brytyjskie akta rzucaj\u0105 niepokoj\u0105ce \u015bwiat\u0142o na pochodzenie i wewn\u0119trzne funkcjonowanie Operacji Gladio, tajnego spisku NATO, w ramach kt\u00f3rego faszystowskie boj\u00f3wki terrorystyczne rozmieszczaj\u0105 we W\u0142oszech. Czy szpiedzy w Londynie zastosowali te lekcje na Ukrainie? Niedawno odtajnione\" \/>\n\t\t<meta property=\"og:url\" content=\"https:\/\/wia.net.pl\/index.php\/2023\/06\/20\/projekt-gladio-odtajnione-akta\/\" \/>\n\t\t<meta property=\"og:image\" content=\"https:\/\/wia.net.pl\/wp-content\/uploads\/2023\/11\/cropped-freedom-i73367.jpg\" \/>\n\t\t<meta property=\"og:image:secure_url\" content=\"https:\/\/wia.net.pl\/wp-content\/uploads\/2023\/11\/cropped-freedom-i73367.jpg\" \/>\n\t\t<meta property=\"article:published_time\" content=\"2023-06-20T07:59:57+00:00\" \/>\n\t\t<meta property=\"article:modified_time\" content=\"2023-06-20T07:59:58+00:00\" \/>\n\t\t<meta name=\"twitter:card\" content=\"summary_large_image\" \/>\n\t\t<meta name=\"twitter:title\" content=\"Projekt Gladio \u2013 Odtajnione Akta - Wolno\u015b\u0107 i Anarchia\" \/>\n\t\t<meta name=\"twitter:description\" content=\"Odtajnione akta ujawniaj\u0105 rol\u0119 Wielkiej Brytanii w natowskich armiach terrorystycznych Gladio Autor, KIT KLARENBERG\u00b7 19 czerwca 2023 The Grayzone Nowo odtajnione brytyjskie akta rzucaj\u0105 niepokoj\u0105ce \u015bwiat\u0142o na pochodzenie i wewn\u0119trzne funkcjonowanie Operacji Gladio, tajnego spisku NATO, w ramach kt\u00f3rego faszystowskie boj\u00f3wki terrorystyczne rozmieszczaj\u0105 we W\u0142oszech. Czy szpiedzy w Londynie zastosowali te lekcje na Ukrainie? Niedawno odtajnione\" \/>\n\t\t<meta name=\"twitter:image\" content=\"https:\/\/wia.net.pl\/wp-content\/uploads\/2023\/11\/cropped-freedom-i73367.jpg\" \/>\n\t\t<script type=\"application\/ld+json\" class=\"aioseo-schema\">\n\t\t\t{\"@context\":\"https:\\\/\\\/schema.org\",\"@graph\":[{\"@type\":\"BlogPosting\",\"@id\":\"https:\\\/\\\/wia.net.pl\\\/index.php\\\/2023\\\/06\\\/20\\\/projekt-gladio-odtajnione-akta\\\/#blogposting\",\"name\":\"Projekt Gladio \\u2013 Odtajnione Akta - Wolno\\u015b\\u0107 i Anarchia\",\"headline\":\"Projekt Gladio &#8211; Odtajnione Akta\",\"author\":{\"@id\":\"https:\\\/\\\/wia.net.pl\\\/index.php\\\/author\\\/trinity\\\/#author\"},\"publisher\":{\"@id\":\"https:\\\/\\\/wia.net.pl\\\/#person\"},\"image\":{\"@type\":\"ImageObject\",\"url\":\"https:\\\/\\\/wia.net.pl\\\/wp-content\\\/uploads\\\/2023\\\/06\\\/GLADIO.jpg\",\"width\":1920,\"height\":1080},\"datePublished\":\"2023-06-20T09:59:57+02:00\",\"dateModified\":\"2023-06-20T09:59:58+02:00\",\"inLanguage\":\"pl-PL\",\"mainEntityOfPage\":{\"@id\":\"https:\\\/\\\/wia.net.pl\\\/index.php\\\/2023\\\/06\\\/20\\\/projekt-gladio-odtajnione-akta\\\/#webpage\"},\"isPartOf\":{\"@id\":\"https:\\\/\\\/wia.net.pl\\\/index.php\\\/2023\\\/06\\\/20\\\/projekt-gladio-odtajnione-akta\\\/#webpage\"},\"articleSection\":\"Artyku\\u0142y\"},{\"@type\":\"BreadcrumbList\",\"@id\":\"https:\\\/\\\/wia.net.pl\\\/index.php\\\/2023\\\/06\\\/20\\\/projekt-gladio-odtajnione-akta\\\/#breadcrumblist\",\"itemListElement\":[{\"@type\":\"ListItem\",\"@id\":\"https:\\\/\\\/wia.net.pl#listItem\",\"position\":1,\"name\":\"Home\",\"item\":\"https:\\\/\\\/wia.net.pl\",\"nextItem\":{\"@type\":\"ListItem\",\"@id\":\"https:\\\/\\\/wia.net.pl\\\/index.php\\\/category\\\/artykuly\\\/#listItem\",\"name\":\"Artyku\\u0142y\"}},{\"@type\":\"ListItem\",\"@id\":\"https:\\\/\\\/wia.net.pl\\\/index.php\\\/category\\\/artykuly\\\/#listItem\",\"position\":2,\"name\":\"Artyku\\u0142y\",\"item\":\"https:\\\/\\\/wia.net.pl\\\/index.php\\\/category\\\/artykuly\\\/\",\"nextItem\":{\"@type\":\"ListItem\",\"@id\":\"https:\\\/\\\/wia.net.pl\\\/index.php\\\/2023\\\/06\\\/20\\\/projekt-gladio-odtajnione-akta\\\/#listItem\",\"name\":\"Projekt Gladio &#8211; Odtajnione Akta\"},\"previousItem\":{\"@type\":\"ListItem\",\"@id\":\"https:\\\/\\\/wia.net.pl#listItem\",\"name\":\"Home\"}},{\"@type\":\"ListItem\",\"@id\":\"https:\\\/\\\/wia.net.pl\\\/index.php\\\/2023\\\/06\\\/20\\\/projekt-gladio-odtajnione-akta\\\/#listItem\",\"position\":3,\"name\":\"Projekt Gladio &#8211; Odtajnione Akta\",\"previousItem\":{\"@type\":\"ListItem\",\"@id\":\"https:\\\/\\\/wia.net.pl\\\/index.php\\\/category\\\/artykuly\\\/#listItem\",\"name\":\"Artyku\\u0142y\"}}]},{\"@type\":\"Person\",\"@id\":\"https:\\\/\\\/wia.net.pl\\\/#person\",\"name\":\"Bart\\u0142omiej Talarczyk\",\"image\":{\"@type\":\"ImageObject\",\"@id\":\"https:\\\/\\\/wia.net.pl\\\/index.php\\\/2023\\\/06\\\/20\\\/projekt-gladio-odtajnione-akta\\\/#personImage\",\"url\":\"https:\\\/\\\/wia.net.pl\\\/wp-content\\\/uploads\\\/avatar-privacy\\\/cache\\\/user\\\/1\\\/7\\\/176a6b161c58363ff49b5c167264231f519f5c7fa183ca1f61e891769b6b56d5-96.jpg\",\"width\":96,\"height\":96,\"caption\":\"Bart\\u0142omiej Talarczyk\"}},{\"@type\":\"Person\",\"@id\":\"https:\\\/\\\/wia.net.pl\\\/index.php\\\/author\\\/trinity\\\/#author\",\"url\":\"https:\\\/\\\/wia.net.pl\\\/index.php\\\/author\\\/trinity\\\/\",\"name\":\"trinity\",\"image\":{\"@type\":\"ImageObject\",\"@id\":\"https:\\\/\\\/wia.net.pl\\\/index.php\\\/2023\\\/06\\\/20\\\/projekt-gladio-odtajnione-akta\\\/#authorImage\",\"url\":\"https:\\\/\\\/wia.net.pl\\\/wp-content\\\/uploads\\\/avatar-privacy\\\/cache\\\/user\\\/5\\\/f\\\/5f6547cf82495eaa10e100a6a45d5dbde2dfdc1be88557de2018fca705bdf6f1-96.jpg\",\"width\":96,\"height\":96,\"caption\":\"trinity\"}},{\"@type\":\"WebPage\",\"@id\":\"https:\\\/\\\/wia.net.pl\\\/index.php\\\/2023\\\/06\\\/20\\\/projekt-gladio-odtajnione-akta\\\/#webpage\",\"url\":\"https:\\\/\\\/wia.net.pl\\\/index.php\\\/2023\\\/06\\\/20\\\/projekt-gladio-odtajnione-akta\\\/\",\"name\":\"Projekt Gladio \\u2013 Odtajnione Akta - Wolno\\u015b\\u0107 i Anarchia\",\"description\":\"Odtajnione akta ujawniaj\\u0105 rol\\u0119 Wielkiej Brytanii w natowskich armiach terrorystycznych Gladio Autor, KIT KLARENBERG\\u00b7 19 czerwca 2023 The Grayzone Nowo odtajnione brytyjskie akta rzucaj\\u0105 niepokoj\\u0105ce \\u015bwiat\\u0142o na pochodzenie i wewn\\u0119trzne funkcjonowanie Operacji Gladio, tajnego spisku NATO, w ramach kt\\u00f3rego faszystowskie boj\\u00f3wki terrorystyczne rozmieszczaj\\u0105 we W\\u0142oszech. Czy szpiedzy w Londynie zastosowali te lekcje na Ukrainie? Niedawno odtajnione\",\"inLanguage\":\"pl-PL\",\"isPartOf\":{\"@id\":\"https:\\\/\\\/wia.net.pl\\\/#website\"},\"breadcrumb\":{\"@id\":\"https:\\\/\\\/wia.net.pl\\\/index.php\\\/2023\\\/06\\\/20\\\/projekt-gladio-odtajnione-akta\\\/#breadcrumblist\"},\"author\":{\"@id\":\"https:\\\/\\\/wia.net.pl\\\/index.php\\\/author\\\/trinity\\\/#author\"},\"creator\":{\"@id\":\"https:\\\/\\\/wia.net.pl\\\/index.php\\\/author\\\/trinity\\\/#author\"},\"image\":{\"@type\":\"ImageObject\",\"url\":\"https:\\\/\\\/wia.net.pl\\\/wp-content\\\/uploads\\\/2023\\\/06\\\/GLADIO.jpg\",\"@id\":\"https:\\\/\\\/wia.net.pl\\\/index.php\\\/2023\\\/06\\\/20\\\/projekt-gladio-odtajnione-akta\\\/#mainImage\",\"width\":1920,\"height\":1080},\"primaryImageOfPage\":{\"@id\":\"https:\\\/\\\/wia.net.pl\\\/index.php\\\/2023\\\/06\\\/20\\\/projekt-gladio-odtajnione-akta\\\/#mainImage\"},\"datePublished\":\"2023-06-20T09:59:57+02:00\",\"dateModified\":\"2023-06-20T09:59:58+02:00\"},{\"@type\":\"WebSite\",\"@id\":\"https:\\\/\\\/wia.net.pl\\\/#website\",\"url\":\"https:\\\/\\\/wia.net.pl\\\/\",\"name\":\"Wolno\\u015b\\u0107 i Anarchia\",\"description\":\"Ka\\u017cdy wewn\\u0119trznie jest anarchist\\u0105.\",\"inLanguage\":\"pl-PL\",\"publisher\":{\"@id\":\"https:\\\/\\\/wia.net.pl\\\/#person\"}}]}\n\t\t<\/script>\n\t\t<!-- All in One SEO -->\n\n","aioseo_head_json":{"title":"Projekt Gladio \u2013 Odtajnione Akta - Wolno\u015b\u0107 i Anarchia","description":"Odtajnione akta ujawniaj\u0105 rol\u0119 Wielkiej Brytanii w natowskich armiach terrorystycznych Gladio Autor, KIT KLARENBERG\u00b7 19 czerwca 2023 The Grayzone Nowo odtajnione brytyjskie akta rzucaj\u0105 niepokoj\u0105ce \u015bwiat\u0142o na pochodzenie i wewn\u0119trzne funkcjonowanie Operacji Gladio, tajnego spisku NATO, w ramach kt\u00f3rego faszystowskie boj\u00f3wki terrorystyczne rozmieszczaj\u0105 we W\u0142oszech. Czy szpiedzy w Londynie zastosowali te lekcje na Ukrainie? Niedawno odtajnione","canonical_url":"https:\/\/wia.net.pl\/index.php\/2023\/06\/20\/projekt-gladio-odtajnione-akta\/","robots":"max-image-preview:large","keywords":"","webmasterTools":{"miscellaneous":""},"schema":{"@context":"https:\/\/schema.org","@graph":[{"@type":"BlogPosting","@id":"https:\/\/wia.net.pl\/index.php\/2023\/06\/20\/projekt-gladio-odtajnione-akta\/#blogposting","name":"Projekt Gladio \u2013 Odtajnione Akta - Wolno\u015b\u0107 i Anarchia","headline":"Projekt Gladio &#8211; Odtajnione Akta","author":{"@id":"https:\/\/wia.net.pl\/index.php\/author\/trinity\/#author"},"publisher":{"@id":"https:\/\/wia.net.pl\/#person"},"image":{"@type":"ImageObject","url":"https:\/\/wia.net.pl\/wp-content\/uploads\/2023\/06\/GLADIO.jpg","width":1920,"height":1080},"datePublished":"2023-06-20T09:59:57+02:00","dateModified":"2023-06-20T09:59:58+02:00","inLanguage":"pl-PL","mainEntityOfPage":{"@id":"https:\/\/wia.net.pl\/index.php\/2023\/06\/20\/projekt-gladio-odtajnione-akta\/#webpage"},"isPartOf":{"@id":"https:\/\/wia.net.pl\/index.php\/2023\/06\/20\/projekt-gladio-odtajnione-akta\/#webpage"},"articleSection":"Artyku\u0142y"},{"@type":"BreadcrumbList","@id":"https:\/\/wia.net.pl\/index.php\/2023\/06\/20\/projekt-gladio-odtajnione-akta\/#breadcrumblist","itemListElement":[{"@type":"ListItem","@id":"https:\/\/wia.net.pl#listItem","position":1,"name":"Home","item":"https:\/\/wia.net.pl","nextItem":{"@type":"ListItem","@id":"https:\/\/wia.net.pl\/index.php\/category\/artykuly\/#listItem","name":"Artyku\u0142y"}},{"@type":"ListItem","@id":"https:\/\/wia.net.pl\/index.php\/category\/artykuly\/#listItem","position":2,"name":"Artyku\u0142y","item":"https:\/\/wia.net.pl\/index.php\/category\/artykuly\/","nextItem":{"@type":"ListItem","@id":"https:\/\/wia.net.pl\/index.php\/2023\/06\/20\/projekt-gladio-odtajnione-akta\/#listItem","name":"Projekt Gladio &#8211; Odtajnione Akta"},"previousItem":{"@type":"ListItem","@id":"https:\/\/wia.net.pl#listItem","name":"Home"}},{"@type":"ListItem","@id":"https:\/\/wia.net.pl\/index.php\/2023\/06\/20\/projekt-gladio-odtajnione-akta\/#listItem","position":3,"name":"Projekt Gladio &#8211; Odtajnione Akta","previousItem":{"@type":"ListItem","@id":"https:\/\/wia.net.pl\/index.php\/category\/artykuly\/#listItem","name":"Artyku\u0142y"}}]},{"@type":"Person","@id":"https:\/\/wia.net.pl\/#person","name":"Bart\u0142omiej Talarczyk","image":{"@type":"ImageObject","@id":"https:\/\/wia.net.pl\/index.php\/2023\/06\/20\/projekt-gladio-odtajnione-akta\/#personImage","url":"https:\/\/wia.net.pl\/wp-content\/uploads\/avatar-privacy\/cache\/user\/1\/7\/176a6b161c58363ff49b5c167264231f519f5c7fa183ca1f61e891769b6b56d5-96.jpg","width":96,"height":96,"caption":"Bart\u0142omiej Talarczyk"}},{"@type":"Person","@id":"https:\/\/wia.net.pl\/index.php\/author\/trinity\/#author","url":"https:\/\/wia.net.pl\/index.php\/author\/trinity\/","name":"trinity","image":{"@type":"ImageObject","@id":"https:\/\/wia.net.pl\/index.php\/2023\/06\/20\/projekt-gladio-odtajnione-akta\/#authorImage","url":"https:\/\/wia.net.pl\/wp-content\/uploads\/avatar-privacy\/cache\/user\/5\/f\/5f6547cf82495eaa10e100a6a45d5dbde2dfdc1be88557de2018fca705bdf6f1-96.jpg","width":96,"height":96,"caption":"trinity"}},{"@type":"WebPage","@id":"https:\/\/wia.net.pl\/index.php\/2023\/06\/20\/projekt-gladio-odtajnione-akta\/#webpage","url":"https:\/\/wia.net.pl\/index.php\/2023\/06\/20\/projekt-gladio-odtajnione-akta\/","name":"Projekt Gladio \u2013 Odtajnione Akta - Wolno\u015b\u0107 i Anarchia","description":"Odtajnione akta ujawniaj\u0105 rol\u0119 Wielkiej Brytanii w natowskich armiach terrorystycznych Gladio Autor, KIT KLARENBERG\u00b7 19 czerwca 2023 The Grayzone Nowo odtajnione brytyjskie akta rzucaj\u0105 niepokoj\u0105ce \u015bwiat\u0142o na pochodzenie i wewn\u0119trzne funkcjonowanie Operacji Gladio, tajnego spisku NATO, w ramach kt\u00f3rego faszystowskie boj\u00f3wki terrorystyczne rozmieszczaj\u0105 we W\u0142oszech. Czy szpiedzy w Londynie zastosowali te lekcje na Ukrainie? Niedawno odtajnione","inLanguage":"pl-PL","isPartOf":{"@id":"https:\/\/wia.net.pl\/#website"},"breadcrumb":{"@id":"https:\/\/wia.net.pl\/index.php\/2023\/06\/20\/projekt-gladio-odtajnione-akta\/#breadcrumblist"},"author":{"@id":"https:\/\/wia.net.pl\/index.php\/author\/trinity\/#author"},"creator":{"@id":"https:\/\/wia.net.pl\/index.php\/author\/trinity\/#author"},"image":{"@type":"ImageObject","url":"https:\/\/wia.net.pl\/wp-content\/uploads\/2023\/06\/GLADIO.jpg","@id":"https:\/\/wia.net.pl\/index.php\/2023\/06\/20\/projekt-gladio-odtajnione-akta\/#mainImage","width":1920,"height":1080},"primaryImageOfPage":{"@id":"https:\/\/wia.net.pl\/index.php\/2023\/06\/20\/projekt-gladio-odtajnione-akta\/#mainImage"},"datePublished":"2023-06-20T09:59:57+02:00","dateModified":"2023-06-20T09:59:58+02:00"},{"@type":"WebSite","@id":"https:\/\/wia.net.pl\/#website","url":"https:\/\/wia.net.pl\/","name":"Wolno\u015b\u0107 i Anarchia","description":"Ka\u017cdy wewn\u0119trznie jest anarchist\u0105.","inLanguage":"pl-PL","publisher":{"@id":"https:\/\/wia.net.pl\/#person"}}]},"og:locale":"pl_PL","og:site_name":"Wolno\u015b\u0107 i Anarchia - Ka\u017cdy wewn\u0119trznie jest anarchist\u0105.","og:type":"article","og:title":"Projekt Gladio \u2013 Odtajnione Akta - Wolno\u015b\u0107 i Anarchia","og:description":"Odtajnione akta ujawniaj\u0105 rol\u0119 Wielkiej Brytanii w natowskich armiach terrorystycznych Gladio Autor, KIT KLARENBERG\u00b7 19 czerwca 2023 The Grayzone Nowo odtajnione brytyjskie akta rzucaj\u0105 niepokoj\u0105ce \u015bwiat\u0142o na pochodzenie i wewn\u0119trzne funkcjonowanie Operacji Gladio, tajnego spisku NATO, w ramach kt\u00f3rego faszystowskie boj\u00f3wki terrorystyczne rozmieszczaj\u0105 we W\u0142oszech. Czy szpiedzy w Londynie zastosowali te lekcje na Ukrainie? Niedawno odtajnione","og:url":"https:\/\/wia.net.pl\/index.php\/2023\/06\/20\/projekt-gladio-odtajnione-akta\/","og:image":"https:\/\/wia.net.pl\/wp-content\/uploads\/2023\/11\/cropped-freedom-i73367.jpg","og:image:secure_url":"https:\/\/wia.net.pl\/wp-content\/uploads\/2023\/11\/cropped-freedom-i73367.jpg","article:published_time":"2023-06-20T07:59:57+00:00","article:modified_time":"2023-06-20T07:59:58+00:00","twitter:card":"summary_large_image","twitter:title":"Projekt Gladio \u2013 Odtajnione Akta - Wolno\u015b\u0107 i Anarchia","twitter:description":"Odtajnione akta ujawniaj\u0105 rol\u0119 Wielkiej Brytanii w natowskich armiach terrorystycznych Gladio Autor, KIT KLARENBERG\u00b7 19 czerwca 2023 The Grayzone Nowo odtajnione brytyjskie akta rzucaj\u0105 niepokoj\u0105ce \u015bwiat\u0142o na pochodzenie i wewn\u0119trzne funkcjonowanie Operacji Gladio, tajnego spisku NATO, w ramach kt\u00f3rego faszystowskie boj\u00f3wki terrorystyczne rozmieszczaj\u0105 we W\u0142oszech. Czy szpiedzy w Londynie zastosowali te lekcje na Ukrainie? Niedawno odtajnione","twitter:image":"https:\/\/wia.net.pl\/wp-content\/uploads\/2023\/11\/cropped-freedom-i73367.jpg"},"aioseo_meta_data":{"post_id":"2416","title":null,"description":null,"keywords":[],"keyphrases":{"focus":{"keyphrase":"","score":0,"analysis":{"keyphraseInTitle":{"score":0,"maxScore":9,"error":1}}},"additional":[]},"primary_term":null,"canonical_url":null,"og_title":null,"og_description":null,"og_object_type":"default","og_image_type":"default","og_image_url":null,"og_image_width":null,"og_image_height":null,"og_image_custom_url":null,"og_image_custom_fields":null,"og_video":"","og_custom_url":null,"og_article_section":null,"og_article_tags":[],"twitter_use_og":false,"twitter_card":"default","twitter_image_type":"default","twitter_image_url":null,"twitter_image_custom_url":null,"twitter_image_custom_fields":null,"twitter_title":null,"twitter_description":null,"schema":{"blockGraphs":[],"customGraphs":[],"default":{"data":{"Article":[],"Course":[],"Dataset":[],"FAQPage":[],"Movie":[],"Person":[],"Product":[],"ProductReview":[],"Car":[],"Recipe":[],"Service":[],"SoftwareApplication":[],"WebPage":[]},"graphName":"","isEnabled":true},"graphs":[]},"schema_type":"default","schema_type_options":null,"pillar_content":false,"robots_default":true,"robots_noindex":false,"robots_noarchive":false,"robots_nosnippet":false,"robots_nofollow":false,"robots_noimageindex":false,"robots_noodp":false,"robots_notranslate":false,"robots_max_snippet":"-1","robots_max_videopreview":"-1","robots_max_imagepreview":"large","priority":0,"frequency":"default","local_seo":null,"breadcrumb_settings":null,"limit_modified_date":false,"ai":null,"created":"2023-06-20 07:56:25","updated":"2025-06-04 08:13:19","seo_analyzer_scan_date":null,"focus_keyword":null,"additional_keywords":null,"truseo_locale":null},"aioseo_breadcrumb":"<div class=\"aioseo-breadcrumbs\"><span class=\"aioseo-breadcrumb\">\n\t\t\t<a href=\"https:\/\/wia.net.pl\" title=\"Home\">Home<\/a>\n\t\t<\/span><span class=\"aioseo-breadcrumb-separator\">&raquo;<\/span><span class=\"aioseo-breadcrumb\">\n\t\t\t<a href=\"https:\/\/wia.net.pl\/index.php\/category\/artykuly\/\" title=\"Artyku\u0142y\">Artyku\u0142y<\/a>\n\t\t<\/span><span class=\"aioseo-breadcrumb-separator\">&raquo;<\/span><span class=\"aioseo-breadcrumb\">\n\t\t\tProjekt Gladio \u2013 Odtajnione Akta\n\t\t<\/span><\/div>","aioseo_breadcrumb_json":[{"label":"Home","link":"https:\/\/wia.net.pl"},{"label":"Artyku\u0142y","link":"https:\/\/wia.net.pl\/index.php\/category\/artykuly\/"},{"label":"Projekt Gladio &#8211; Odtajnione Akta","link":"https:\/\/wia.net.pl\/index.php\/2023\/06\/20\/projekt-gladio-odtajnione-akta\/"}],"_links":{"self":[{"href":"https:\/\/wia.net.pl\/index.php\/wp-json\/wp\/v2\/posts\/2416"}],"collection":[{"href":"https:\/\/wia.net.pl\/index.php\/wp-json\/wp\/v2\/posts"}],"about":[{"href":"https:\/\/wia.net.pl\/index.php\/wp-json\/wp\/v2\/types\/post"}],"author":[{"embeddable":true,"href":"https:\/\/wia.net.pl\/index.php\/wp-json\/wp\/v2\/users\/2"}],"replies":[{"embeddable":true,"href":"https:\/\/wia.net.pl\/index.php\/wp-json\/wp\/v2\/comments?post=2416"}],"version-history":[{"count":2,"href":"https:\/\/wia.net.pl\/index.php\/wp-json\/wp\/v2\/posts\/2416\/revisions"}],"predecessor-version":[{"id":2419,"href":"https:\/\/wia.net.pl\/index.php\/wp-json\/wp\/v2\/posts\/2416\/revisions\/2419"}],"wp:featuredmedia":[{"embeddable":true,"href":"https:\/\/wia.net.pl\/index.php\/wp-json\/wp\/v2\/media\/2417"}],"wp:attachment":[{"href":"https:\/\/wia.net.pl\/index.php\/wp-json\/wp\/v2\/media?parent=2416"}],"wp:term":[{"taxonomy":"category","embeddable":true,"href":"https:\/\/wia.net.pl\/index.php\/wp-json\/wp\/v2\/categories?post=2416"},{"taxonomy":"post_tag","embeddable":true,"href":"https:\/\/wia.net.pl\/index.php\/wp-json\/wp\/v2\/tags?post=2416"}],"curies":[{"name":"wp","href":"https:\/\/api.w.org\/{rel}","templated":true}]}}