{"id":2429,"date":"2023-06-20T11:18:42","date_gmt":"2023-06-20T09:18:42","guid":{"rendered":"https:\/\/wia.net.pl\/?p=2429"},"modified":"2023-06-20T11:18:43","modified_gmt":"2023-06-20T09:18:43","slug":"kabalistyczne-korzenie-ai-ewa-pawela","status":"publish","type":"post","link":"https:\/\/wia.net.pl\/index.php\/2023\/06\/20\/kabalistyczne-korzenie-ai-ewa-pawela\/","title":{"rendered":"Kabalistyczne korzenie AI &#8211; Ewa Pawela &#8211;"},"content":{"rendered":"\n<p>Czy technologia zawsze jest neutralna, czy te\u017c rodzi si\u0119 na podglebiu mistyczno-ideologicznym danej cywilizacji? Czy programi\u015bci komputerowi, cybernetycy a zw\u0142aszcza spece od robotyki i sztucznej inteligencji to wsp\u00f3\u0142cze\u015bni kabali\u015bci stwarzaj\u0105cy przy pomocy kodu binarnego sztuczne \u015bwiaty? Wycieczka na spotkanie dw\u00f3ch Golem\u00f3w: do starej dzielnicy \u017cydowskiej w Pradze i Instytutu Weizmanna w Tel-Awiwie. LINKI DO FILMU NA RUMBLE I ODYSEE: <a href=\"https:\/\/www.youtube.com\/redirect?event=video_description&amp;redir_token=QUFFLUhqbXU5WE5MWkdSSGJQeGxiWUJmekdvbTd6YjBGd3xBQ3Jtc0tuXzhmXzVvdlRZc2F3NVBpc3o2UDJ1UHNRVWZKaEJmTzZfLWl0cjE0ck5IajlRdVhXRWM0WXFMZGxCay1EZk5yWFZLUHNsRVhPWXliOGljUnhKX09jZWRqdDdUUWJLZkhHN1dTanVBa0tNZE5WblVDUQ&amp;q=https%3A%2F%2Frumble.com%2Fv2omwey-kabalistyczne-korzenie-sztucznej-inteligencji.html&amp;v=0KHmKkCfefg\" target=\"_blank\" rel=\"noreferrer noopener\">https:\/\/rumble.com\/v2omwey-kabalistyc&#8230;<\/a><a href=\"https:\/\/www.youtube.com\/redirect?event=video_description&amp;redir_token=QUFFLUhqa2g3b3FENjFmdllmSTVpc1lPb1E0dmlaZVdLQXxBQ3Jtc0treUVjamllMHVGa095NVA2V2IwcDZkUWNGTHh2QVc4WGM3Y0xpa0xJN1ltTW9jbWU1VTFYaktxZUpCbmJlc3phTkpTUldPZGtjV1hDcEVuNy1mVjhraW82MEVXc3RTelNRXzlQV1lvSE81MURMWWUzTQ&amp;q=https%3A%2F%2Fodysee.com%2F%40EwaPawela%3A5%2FKABALISTYCZNE-KORZENIE-SZTUCZNEJ-INTELIGENCJI%3A9&amp;v=0KHmKkCfefg\" target=\"_blank\" rel=\"noreferrer noopener\">https:\/\/odysee.com\/@EwaPawela:5\/KABAL&#8230;<\/a> LINKI DO MATERIA\u0141U: <a href=\"https:\/\/www.youtube.com\/redirect?event=video_description&amp;redir_token=QUFFLUhqbFFybkFCd2dNT2NZWEt2MlpsM0lOa2JpamhwUXxBQ3Jtc0tuWUtHMEwtNlpyZ2prUkRZelFyOWJ3YjZpX1ZEUHd3VjZzZzB2OVZzUDVGRDNuYVI0S3lrczFjRnpPZmRjd2xEa0hqUjN1OFhTNDl5eHhWeE40THVtU1gxdGtnbm1tUl9meEozVVpScGtjaDRHWW5kbw&amp;q=https%3A%2F%2Fwww.sciencedirect.com%2Fscience%2Farticle%2Fpii%2FS0160791X99000202&amp;v=0KHmKkCfefg\" target=\"_blank\" rel=\"noreferrer noopener\">https:\/\/www.sciencedirect.com\/science&#8230;<\/a><a href=\"https:\/\/www.youtube.com\/redirect?event=video_description&amp;redir_token=QUFFLUhqbVc5cGYtSE9Kbnk0WFZoS1ZNMWNhOHk2aTVhQXxBQ3Jtc0ttdlhNUkRwMFpIZWNud0NGeEd5d1JoV2NSbUtmeFVrWTBSLUJhVl9XUklIWThXQUdfb0JPcmYxei1kQUlRQVA2RHZpY0ZUZXI3SERtQzZaTjJMRUR4MVlWUnFXMmhFR3VJYVlyeC12SUpicVRVUW5sUQ&amp;q=https%3A%2F%2Fpyrkon.pl%2Fmity-i-legendy%2Fpraski-golem-i-jego-polskie-korzenie%2F&amp;v=0KHmKkCfefg\" target=\"_blank\" rel=\"noreferrer noopener\">https:\/\/pyrkon.pl\/mity-i-legendy\/pras&#8230;<\/a><a href=\"https:\/\/www.youtube.com\/redirect?event=video_description&amp;redir_token=QUFFLUhqbW8ySE04WDBwdVdfVXJJd1dQMXVGajBHaE9kUXxBQ3Jtc0tuVGxuNUFrUGVzdU03T1ZBX3BMWVE0bkl3c0w4ZEhWbTRLMjZlaGRQRUtZVDE0THRJZWhjR0h4RGNHZUZHQUtpRFJzQ0FscDJyRnJvSjJxX0ttbFI1ZW5SRlFqS3FnYWNhYXpWX2dPdUxMZVBqcjFqcw&amp;q=https%3A%2F%2Fblog.nli.org.il%2Fen%2Fscholem_golem%2F&amp;v=0KHmKkCfefg\" target=\"_blank\" rel=\"noreferrer noopener\">https:\/\/blog.nli.org.il\/en\/scholem_go&#8230;<\/a><\/p>\n\n\n\n<p>ZAPRASZAMY!!!<\/p>\n\n\n\n<p><\/p>\n\n\n\n<figure class=\"wp-block-embed is-type-video is-provider-youtube wp-block-embed-youtube wp-embed-aspect-16-9 wp-has-aspect-ratio\"><div class=\"wp-block-embed__wrapper\">\n<iframe loading=\"lazy\" title=\"KABALISTYCZNE KORZENIE SZTUCZNEJ INTELIGENCJI\" width=\"858\" height=\"483\" src=\"https:\/\/www.youtube.com\/embed\/0KHmKkCfefg?start=109&#038;feature=oembed\" frameborder=\"0\" allow=\"accelerometer; autoplay; clipboard-write; encrypted-media; gyroscope; picture-in-picture; web-share\" allowfullscreen><\/iframe>\n<\/div><\/figure>\n\n\n\n<p><\/p>\n\n\n\n<p>Serdecznie zapraszamy do subskrybowania kana\u0142u Ewy Paweli &#8211; Kontrola umys\u0142u &#8211; Ewa Pawela https:\/\/www.youtube.com\/@kontrolaumysu-ewapawela5209<\/p>\n\n\n\n<p>Bezcenne materiay i informacje od Ewy Pawelii mo\u017cna jeszcze znale\u017a\u0107 na kana\u0142ach:<\/p>\n\n\n\n<p>Rumble https:\/\/rumble.com\/c\/c-2005632<\/p>\n\n\n\n<p>Odysee https:\/\/odysee.com\/@EwaPawela:5?view=content<\/p>\n","protected":false},"excerpt":{"rendered":"<p>Czy technologia zawsze jest neutralna, czy te\u017c rodzi si\u0119 na podglebiu mistyczno-ideologicznym danej cywilizacji? Czy programi\u015bci komputerowi, cybernetycy a zw\u0142aszcza spece od robotyki i sztucznej inteligencji to wsp\u00f3\u0142cze\u015bni kabali\u015bci stwarzaj\u0105cy przy pomocy kodu binarnego sztuczne \u015bwiaty? Wycieczka na spotkanie dw\u00f3ch&#8230; <\/p>\n","protected":false},"author":2,"featured_media":2430,"comment_status":"open","ping_status":"open","sticky":false,"template":"","format":"standard","meta":{"_acf_changed":false,"_bbp_topic_count":0,"_bbp_reply_count":0,"_bbp_total_topic_count":0,"_bbp_total_reply_count":0,"_bbp_voice_count":0,"_bbp_anonymous_reply_count":0,"_bbp_topic_count_hidden":0,"_bbp_reply_count_hidden":0,"_bbp_forum_subforum_count":0,"om_disable_all_campaigns":false,"_monsterinsights_skip_tracking":false,"footnotes":""},"categories":[95],"tags":[],"class_list":["post-2429","post","type-post","status-publish","format-standard","has-post-thumbnail","hentry","category-ufo-i-technologie"],"acf":[],"aioseo_notices":[],"aioseo_head":"\n\t\t<!-- All in One SEO 5.0.1.1 - aioseo.com -->\n\t<meta name=\"description\" content=\"Czy technologia zawsze jest neutralna, czy te\u017c rodzi si\u0119 na podglebiu mistyczno-ideologicznym danej cywilizacji? Czy programi\u015bci komputerowi, cybernetycy a zw\u0142aszcza spece od robotyki i sztucznej inteligencji to wsp\u00f3\u0142cze\u015bni kabali\u015bci stwarzaj\u0105cy przy pomocy kodu binarnego sztuczne \u015bwiaty? Wycieczka na spotkanie dw\u00f3ch Golem\u00f3w: do starej dzielnicy \u017cydowskiej w Pradze i Instytutu Weizmanna w Tel-Awiwie. LINKI DO FILMU\" \/>\n\t<meta name=\"robots\" content=\"max-image-preview:large\" \/>\n\t<meta name=\"author\" content=\"trinity\"\/>\n\t<link rel=\"canonical\" href=\"https:\/\/wia.net.pl\/index.php\/2023\/06\/20\/kabalistyczne-korzenie-ai-ewa-pawela\/\" \/>\n\t<meta name=\"generator\" content=\"All in One SEO (AIOSEO) 5.0.1.1\" \/>\n\t\t<meta property=\"og:locale\" content=\"pl_PL\" \/>\n\t\t<meta property=\"og:site_name\" content=\"Wolno\u015b\u0107 i Anarchia - Ka\u017cdy wewn\u0119trznie jest anarchist\u0105.\" \/>\n\t\t<meta property=\"og:type\" content=\"article\" \/>\n\t\t<meta property=\"og:title\" content=\"Kabalistyczne korzenie AI \u2013 Ewa Pawela \u2013 - Wolno\u015b\u0107 i Anarchia\" \/>\n\t\t<meta property=\"og:description\" content=\"Czy technologia zawsze jest neutralna, czy te\u017c rodzi si\u0119 na podglebiu mistyczno-ideologicznym danej cywilizacji? Czy programi\u015bci komputerowi, cybernetycy a zw\u0142aszcza spece od robotyki i sztucznej inteligencji to wsp\u00f3\u0142cze\u015bni kabali\u015bci stwarzaj\u0105cy przy pomocy kodu binarnego sztuczne \u015bwiaty? Wycieczka na spotkanie dw\u00f3ch Golem\u00f3w: do starej dzielnicy \u017cydowskiej w Pradze i Instytutu Weizmanna w Tel-Awiwie. LINKI DO FILMU\" \/>\n\t\t<meta property=\"og:url\" content=\"https:\/\/wia.net.pl\/index.php\/2023\/06\/20\/kabalistyczne-korzenie-ai-ewa-pawela\/\" \/>\n\t\t<meta property=\"og:image\" content=\"https:\/\/wia.net.pl\/wp-content\/uploads\/2023\/11\/cropped-freedom-i73367.jpg\" \/>\n\t\t<meta property=\"og:image:secure_url\" content=\"https:\/\/wia.net.pl\/wp-content\/uploads\/2023\/11\/cropped-freedom-i73367.jpg\" \/>\n\t\t<meta property=\"article:published_time\" content=\"2023-06-20T09:18:42+00:00\" \/>\n\t\t<meta property=\"article:modified_time\" content=\"2023-06-20T09:18:43+00:00\" \/>\n\t\t<meta name=\"twitter:card\" content=\"summary_large_image\" \/>\n\t\t<meta name=\"twitter:title\" content=\"Kabalistyczne korzenie AI \u2013 Ewa Pawela \u2013 - Wolno\u015b\u0107 i Anarchia\" \/>\n\t\t<meta name=\"twitter:description\" content=\"Czy technologia zawsze jest neutralna, czy te\u017c rodzi si\u0119 na podglebiu mistyczno-ideologicznym danej cywilizacji? Czy programi\u015bci komputerowi, cybernetycy a zw\u0142aszcza spece od robotyki i sztucznej inteligencji to wsp\u00f3\u0142cze\u015bni kabali\u015bci stwarzaj\u0105cy przy pomocy kodu binarnego sztuczne \u015bwiaty? Wycieczka na spotkanie dw\u00f3ch Golem\u00f3w: do starej dzielnicy \u017cydowskiej w Pradze i Instytutu Weizmanna w Tel-Awiwie. LINKI DO FILMU\" \/>\n\t\t<meta name=\"twitter:image\" content=\"https:\/\/wia.net.pl\/wp-content\/uploads\/2023\/11\/cropped-freedom-i73367.jpg\" \/>\n\t\t<script type=\"application\/ld+json\" class=\"aioseo-schema\">\n\t\t\t{\"@context\":\"https:\\\/\\\/schema.org\",\"@graph\":[{\"@type\":\"BlogPosting\",\"@id\":\"https:\\\/\\\/wia.net.pl\\\/index.php\\\/2023\\\/06\\\/20\\\/kabalistyczne-korzenie-ai-ewa-pawela\\\/#blogposting\",\"name\":\"Kabalistyczne korzenie AI \\u2013 Ewa Pawela \\u2013 - Wolno\\u015b\\u0107 i Anarchia\",\"headline\":\"Kabalistyczne korzenie AI &#8211; Ewa Pawela &#8211;\",\"author\":{\"@id\":\"https:\\\/\\\/wia.net.pl\\\/index.php\\\/author\\\/trinity\\\/#author\"},\"publisher\":{\"@id\":\"https:\\\/\\\/wia.net.pl\\\/#person\"},\"image\":{\"@type\":\"ImageObject\",\"url\":\"https:\\\/\\\/wia.net.pl\\\/wp-content\\\/uploads\\\/2023\\\/06\\\/Ewa-pAWELA.jpg\",\"width\":1920,\"height\":1080},\"datePublished\":\"2023-06-20T11:18:42+02:00\",\"dateModified\":\"2023-06-20T11:18:43+02:00\",\"inLanguage\":\"pl-PL\",\"mainEntityOfPage\":{\"@id\":\"https:\\\/\\\/wia.net.pl\\\/index.php\\\/2023\\\/06\\\/20\\\/kabalistyczne-korzenie-ai-ewa-pawela\\\/#webpage\"},\"isPartOf\":{\"@id\":\"https:\\\/\\\/wia.net.pl\\\/index.php\\\/2023\\\/06\\\/20\\\/kabalistyczne-korzenie-ai-ewa-pawela\\\/#webpage\"},\"articleSection\":\"UFO i Technologie\"},{\"@type\":\"BreadcrumbList\",\"@id\":\"https:\\\/\\\/wia.net.pl\\\/index.php\\\/2023\\\/06\\\/20\\\/kabalistyczne-korzenie-ai-ewa-pawela\\\/#breadcrumblist\",\"itemListElement\":[{\"@type\":\"ListItem\",\"@id\":\"https:\\\/\\\/wia.net.pl#listItem\",\"position\":1,\"name\":\"Home\",\"item\":\"https:\\\/\\\/wia.net.pl\",\"nextItem\":{\"@type\":\"ListItem\",\"@id\":\"https:\\\/\\\/wia.net.pl\\\/index.php\\\/category\\\/ufo-i-technologie\\\/#listItem\",\"name\":\"UFO i Technologie\"}},{\"@type\":\"ListItem\",\"@id\":\"https:\\\/\\\/wia.net.pl\\\/index.php\\\/category\\\/ufo-i-technologie\\\/#listItem\",\"position\":2,\"name\":\"UFO i Technologie\",\"item\":\"https:\\\/\\\/wia.net.pl\\\/index.php\\\/category\\\/ufo-i-technologie\\\/\",\"nextItem\":{\"@type\":\"ListItem\",\"@id\":\"https:\\\/\\\/wia.net.pl\\\/index.php\\\/2023\\\/06\\\/20\\\/kabalistyczne-korzenie-ai-ewa-pawela\\\/#listItem\",\"name\":\"Kabalistyczne korzenie AI &#8211; Ewa Pawela &#8211;\"},\"previousItem\":{\"@type\":\"ListItem\",\"@id\":\"https:\\\/\\\/wia.net.pl#listItem\",\"name\":\"Home\"}},{\"@type\":\"ListItem\",\"@id\":\"https:\\\/\\\/wia.net.pl\\\/index.php\\\/2023\\\/06\\\/20\\\/kabalistyczne-korzenie-ai-ewa-pawela\\\/#listItem\",\"position\":3,\"name\":\"Kabalistyczne korzenie AI &#8211; Ewa Pawela &#8211;\",\"previousItem\":{\"@type\":\"ListItem\",\"@id\":\"https:\\\/\\\/wia.net.pl\\\/index.php\\\/category\\\/ufo-i-technologie\\\/#listItem\",\"name\":\"UFO i Technologie\"}}]},{\"@type\":\"Person\",\"@id\":\"https:\\\/\\\/wia.net.pl\\\/#person\",\"name\":\"Bart\\u0142omiej Talarczyk\",\"image\":{\"@type\":\"ImageObject\",\"@id\":\"https:\\\/\\\/wia.net.pl\\\/index.php\\\/2023\\\/06\\\/20\\\/kabalistyczne-korzenie-ai-ewa-pawela\\\/#personImage\",\"url\":\"https:\\\/\\\/wia.net.pl\\\/wp-content\\\/uploads\\\/avatar-privacy\\\/cache\\\/user\\\/1\\\/7\\\/176a6b161c58363ff49b5c167264231f519f5c7fa183ca1f61e891769b6b56d5-96.jpg\",\"width\":96,\"height\":96,\"caption\":\"Bart\\u0142omiej Talarczyk\"}},{\"@type\":\"Person\",\"@id\":\"https:\\\/\\\/wia.net.pl\\\/index.php\\\/author\\\/trinity\\\/#author\",\"url\":\"https:\\\/\\\/wia.net.pl\\\/index.php\\\/author\\\/trinity\\\/\",\"name\":\"trinity\",\"image\":{\"@type\":\"ImageObject\",\"@id\":\"https:\\\/\\\/wia.net.pl\\\/index.php\\\/2023\\\/06\\\/20\\\/kabalistyczne-korzenie-ai-ewa-pawela\\\/#authorImage\",\"url\":\"https:\\\/\\\/wia.net.pl\\\/wp-content\\\/uploads\\\/avatar-privacy\\\/cache\\\/user\\\/5\\\/f\\\/5f6547cf82495eaa10e100a6a45d5dbde2dfdc1be88557de2018fca705bdf6f1-96.jpg\",\"width\":96,\"height\":96,\"caption\":\"trinity\"}},{\"@type\":\"WebPage\",\"@id\":\"https:\\\/\\\/wia.net.pl\\\/index.php\\\/2023\\\/06\\\/20\\\/kabalistyczne-korzenie-ai-ewa-pawela\\\/#webpage\",\"url\":\"https:\\\/\\\/wia.net.pl\\\/index.php\\\/2023\\\/06\\\/20\\\/kabalistyczne-korzenie-ai-ewa-pawela\\\/\",\"name\":\"Kabalistyczne korzenie AI \\u2013 Ewa Pawela \\u2013 - Wolno\\u015b\\u0107 i Anarchia\",\"description\":\"Czy technologia zawsze jest neutralna, czy te\\u017c rodzi si\\u0119 na podglebiu mistyczno-ideologicznym danej cywilizacji? Czy programi\\u015bci komputerowi, cybernetycy a zw\\u0142aszcza spece od robotyki i sztucznej inteligencji to wsp\\u00f3\\u0142cze\\u015bni kabali\\u015bci stwarzaj\\u0105cy przy pomocy kodu binarnego sztuczne \\u015bwiaty? Wycieczka na spotkanie dw\\u00f3ch Golem\\u00f3w: do starej dzielnicy \\u017cydowskiej w Pradze i Instytutu Weizmanna w Tel-Awiwie. LINKI DO FILMU\",\"inLanguage\":\"pl-PL\",\"isPartOf\":{\"@id\":\"https:\\\/\\\/wia.net.pl\\\/#website\"},\"breadcrumb\":{\"@id\":\"https:\\\/\\\/wia.net.pl\\\/index.php\\\/2023\\\/06\\\/20\\\/kabalistyczne-korzenie-ai-ewa-pawela\\\/#breadcrumblist\"},\"author\":{\"@id\":\"https:\\\/\\\/wia.net.pl\\\/index.php\\\/author\\\/trinity\\\/#author\"},\"creator\":{\"@id\":\"https:\\\/\\\/wia.net.pl\\\/index.php\\\/author\\\/trinity\\\/#author\"},\"image\":{\"@type\":\"ImageObject\",\"url\":\"https:\\\/\\\/wia.net.pl\\\/wp-content\\\/uploads\\\/2023\\\/06\\\/Ewa-pAWELA.jpg\",\"@id\":\"https:\\\/\\\/wia.net.pl\\\/index.php\\\/2023\\\/06\\\/20\\\/kabalistyczne-korzenie-ai-ewa-pawela\\\/#mainImage\",\"width\":1920,\"height\":1080},\"primaryImageOfPage\":{\"@id\":\"https:\\\/\\\/wia.net.pl\\\/index.php\\\/2023\\\/06\\\/20\\\/kabalistyczne-korzenie-ai-ewa-pawela\\\/#mainImage\"},\"datePublished\":\"2023-06-20T11:18:42+02:00\",\"dateModified\":\"2023-06-20T11:18:43+02:00\"},{\"@type\":\"WebSite\",\"@id\":\"https:\\\/\\\/wia.net.pl\\\/#website\",\"url\":\"https:\\\/\\\/wia.net.pl\\\/\",\"name\":\"Wolno\\u015b\\u0107 i Anarchia\",\"description\":\"Ka\\u017cdy wewn\\u0119trznie jest anarchist\\u0105.\",\"inLanguage\":\"pl-PL\",\"publisher\":{\"@id\":\"https:\\\/\\\/wia.net.pl\\\/#person\"}}]}\n\t\t<\/script>\n\t\t<!-- All in One SEO -->\n\n","aioseo_head_json":{"title":"Kabalistyczne korzenie AI \u2013 Ewa Pawela \u2013 - Wolno\u015b\u0107 i Anarchia","description":"Czy technologia zawsze jest neutralna, czy te\u017c rodzi si\u0119 na podglebiu mistyczno-ideologicznym danej cywilizacji? Czy programi\u015bci komputerowi, cybernetycy a zw\u0142aszcza spece od robotyki i sztucznej inteligencji to wsp\u00f3\u0142cze\u015bni kabali\u015bci stwarzaj\u0105cy przy pomocy kodu binarnego sztuczne \u015bwiaty? Wycieczka na spotkanie dw\u00f3ch Golem\u00f3w: do starej dzielnicy \u017cydowskiej w Pradze i Instytutu Weizmanna w Tel-Awiwie. LINKI DO FILMU","canonical_url":"https:\/\/wia.net.pl\/index.php\/2023\/06\/20\/kabalistyczne-korzenie-ai-ewa-pawela\/","robots":"max-image-preview:large","keywords":"","webmasterTools":{"miscellaneous":""},"schema":{"@context":"https:\/\/schema.org","@graph":[{"@type":"BlogPosting","@id":"https:\/\/wia.net.pl\/index.php\/2023\/06\/20\/kabalistyczne-korzenie-ai-ewa-pawela\/#blogposting","name":"Kabalistyczne korzenie AI \u2013 Ewa Pawela \u2013 - Wolno\u015b\u0107 i Anarchia","headline":"Kabalistyczne korzenie AI &#8211; Ewa Pawela &#8211;","author":{"@id":"https:\/\/wia.net.pl\/index.php\/author\/trinity\/#author"},"publisher":{"@id":"https:\/\/wia.net.pl\/#person"},"image":{"@type":"ImageObject","url":"https:\/\/wia.net.pl\/wp-content\/uploads\/2023\/06\/Ewa-pAWELA.jpg","width":1920,"height":1080},"datePublished":"2023-06-20T11:18:42+02:00","dateModified":"2023-06-20T11:18:43+02:00","inLanguage":"pl-PL","mainEntityOfPage":{"@id":"https:\/\/wia.net.pl\/index.php\/2023\/06\/20\/kabalistyczne-korzenie-ai-ewa-pawela\/#webpage"},"isPartOf":{"@id":"https:\/\/wia.net.pl\/index.php\/2023\/06\/20\/kabalistyczne-korzenie-ai-ewa-pawela\/#webpage"},"articleSection":"UFO i Technologie"},{"@type":"BreadcrumbList","@id":"https:\/\/wia.net.pl\/index.php\/2023\/06\/20\/kabalistyczne-korzenie-ai-ewa-pawela\/#breadcrumblist","itemListElement":[{"@type":"ListItem","@id":"https:\/\/wia.net.pl#listItem","position":1,"name":"Home","item":"https:\/\/wia.net.pl","nextItem":{"@type":"ListItem","@id":"https:\/\/wia.net.pl\/index.php\/category\/ufo-i-technologie\/#listItem","name":"UFO i Technologie"}},{"@type":"ListItem","@id":"https:\/\/wia.net.pl\/index.php\/category\/ufo-i-technologie\/#listItem","position":2,"name":"UFO i Technologie","item":"https:\/\/wia.net.pl\/index.php\/category\/ufo-i-technologie\/","nextItem":{"@type":"ListItem","@id":"https:\/\/wia.net.pl\/index.php\/2023\/06\/20\/kabalistyczne-korzenie-ai-ewa-pawela\/#listItem","name":"Kabalistyczne korzenie AI &#8211; Ewa Pawela &#8211;"},"previousItem":{"@type":"ListItem","@id":"https:\/\/wia.net.pl#listItem","name":"Home"}},{"@type":"ListItem","@id":"https:\/\/wia.net.pl\/index.php\/2023\/06\/20\/kabalistyczne-korzenie-ai-ewa-pawela\/#listItem","position":3,"name":"Kabalistyczne korzenie AI &#8211; Ewa Pawela &#8211;","previousItem":{"@type":"ListItem","@id":"https:\/\/wia.net.pl\/index.php\/category\/ufo-i-technologie\/#listItem","name":"UFO i Technologie"}}]},{"@type":"Person","@id":"https:\/\/wia.net.pl\/#person","name":"Bart\u0142omiej Talarczyk","image":{"@type":"ImageObject","@id":"https:\/\/wia.net.pl\/index.php\/2023\/06\/20\/kabalistyczne-korzenie-ai-ewa-pawela\/#personImage","url":"https:\/\/wia.net.pl\/wp-content\/uploads\/avatar-privacy\/cache\/user\/1\/7\/176a6b161c58363ff49b5c167264231f519f5c7fa183ca1f61e891769b6b56d5-96.jpg","width":96,"height":96,"caption":"Bart\u0142omiej Talarczyk"}},{"@type":"Person","@id":"https:\/\/wia.net.pl\/index.php\/author\/trinity\/#author","url":"https:\/\/wia.net.pl\/index.php\/author\/trinity\/","name":"trinity","image":{"@type":"ImageObject","@id":"https:\/\/wia.net.pl\/index.php\/2023\/06\/20\/kabalistyczne-korzenie-ai-ewa-pawela\/#authorImage","url":"https:\/\/wia.net.pl\/wp-content\/uploads\/avatar-privacy\/cache\/user\/5\/f\/5f6547cf82495eaa10e100a6a45d5dbde2dfdc1be88557de2018fca705bdf6f1-96.jpg","width":96,"height":96,"caption":"trinity"}},{"@type":"WebPage","@id":"https:\/\/wia.net.pl\/index.php\/2023\/06\/20\/kabalistyczne-korzenie-ai-ewa-pawela\/#webpage","url":"https:\/\/wia.net.pl\/index.php\/2023\/06\/20\/kabalistyczne-korzenie-ai-ewa-pawela\/","name":"Kabalistyczne korzenie AI \u2013 Ewa Pawela \u2013 - Wolno\u015b\u0107 i Anarchia","description":"Czy technologia zawsze jest neutralna, czy te\u017c rodzi si\u0119 na podglebiu mistyczno-ideologicznym danej cywilizacji? Czy programi\u015bci komputerowi, cybernetycy a zw\u0142aszcza spece od robotyki i sztucznej inteligencji to wsp\u00f3\u0142cze\u015bni kabali\u015bci stwarzaj\u0105cy przy pomocy kodu binarnego sztuczne \u015bwiaty? Wycieczka na spotkanie dw\u00f3ch Golem\u00f3w: do starej dzielnicy \u017cydowskiej w Pradze i Instytutu Weizmanna w Tel-Awiwie. LINKI DO FILMU","inLanguage":"pl-PL","isPartOf":{"@id":"https:\/\/wia.net.pl\/#website"},"breadcrumb":{"@id":"https:\/\/wia.net.pl\/index.php\/2023\/06\/20\/kabalistyczne-korzenie-ai-ewa-pawela\/#breadcrumblist"},"author":{"@id":"https:\/\/wia.net.pl\/index.php\/author\/trinity\/#author"},"creator":{"@id":"https:\/\/wia.net.pl\/index.php\/author\/trinity\/#author"},"image":{"@type":"ImageObject","url":"https:\/\/wia.net.pl\/wp-content\/uploads\/2023\/06\/Ewa-pAWELA.jpg","@id":"https:\/\/wia.net.pl\/index.php\/2023\/06\/20\/kabalistyczne-korzenie-ai-ewa-pawela\/#mainImage","width":1920,"height":1080},"primaryImageOfPage":{"@id":"https:\/\/wia.net.pl\/index.php\/2023\/06\/20\/kabalistyczne-korzenie-ai-ewa-pawela\/#mainImage"},"datePublished":"2023-06-20T11:18:42+02:00","dateModified":"2023-06-20T11:18:43+02:00"},{"@type":"WebSite","@id":"https:\/\/wia.net.pl\/#website","url":"https:\/\/wia.net.pl\/","name":"Wolno\u015b\u0107 i Anarchia","description":"Ka\u017cdy wewn\u0119trznie jest anarchist\u0105.","inLanguage":"pl-PL","publisher":{"@id":"https:\/\/wia.net.pl\/#person"}}]},"og:locale":"pl_PL","og:site_name":"Wolno\u015b\u0107 i Anarchia - Ka\u017cdy wewn\u0119trznie jest anarchist\u0105.","og:type":"article","og:title":"Kabalistyczne korzenie AI \u2013 Ewa Pawela \u2013 - Wolno\u015b\u0107 i Anarchia","og:description":"Czy technologia zawsze jest neutralna, czy te\u017c rodzi si\u0119 na podglebiu mistyczno-ideologicznym danej cywilizacji? Czy programi\u015bci komputerowi, cybernetycy a zw\u0142aszcza spece od robotyki i sztucznej inteligencji to wsp\u00f3\u0142cze\u015bni kabali\u015bci stwarzaj\u0105cy przy pomocy kodu binarnego sztuczne \u015bwiaty? Wycieczka na spotkanie dw\u00f3ch Golem\u00f3w: do starej dzielnicy \u017cydowskiej w Pradze i Instytutu Weizmanna w Tel-Awiwie. LINKI DO FILMU","og:url":"https:\/\/wia.net.pl\/index.php\/2023\/06\/20\/kabalistyczne-korzenie-ai-ewa-pawela\/","og:image":"https:\/\/wia.net.pl\/wp-content\/uploads\/2023\/11\/cropped-freedom-i73367.jpg","og:image:secure_url":"https:\/\/wia.net.pl\/wp-content\/uploads\/2023\/11\/cropped-freedom-i73367.jpg","article:published_time":"2023-06-20T09:18:42+00:00","article:modified_time":"2023-06-20T09:18:43+00:00","twitter:card":"summary_large_image","twitter:title":"Kabalistyczne korzenie AI \u2013 Ewa Pawela \u2013 - Wolno\u015b\u0107 i Anarchia","twitter:description":"Czy technologia zawsze jest neutralna, czy te\u017c rodzi si\u0119 na podglebiu mistyczno-ideologicznym danej cywilizacji? Czy programi\u015bci komputerowi, cybernetycy a zw\u0142aszcza spece od robotyki i sztucznej inteligencji to wsp\u00f3\u0142cze\u015bni kabali\u015bci stwarzaj\u0105cy przy pomocy kodu binarnego sztuczne \u015bwiaty? Wycieczka na spotkanie dw\u00f3ch Golem\u00f3w: do starej dzielnicy \u017cydowskiej w Pradze i Instytutu Weizmanna w Tel-Awiwie. LINKI DO FILMU","twitter:image":"https:\/\/wia.net.pl\/wp-content\/uploads\/2023\/11\/cropped-freedom-i73367.jpg"},"aioseo_meta_data":{"post_id":"2429","title":null,"description":null,"keywords":[],"keyphrases":{"focus":{"keyphrase":"","score":0,"analysis":{"keyphraseInTitle":{"score":0,"maxScore":9,"error":1}}},"additional":[]},"primary_term":null,"canonical_url":null,"og_title":null,"og_description":null,"og_object_type":"default","og_image_type":"default","og_image_url":null,"og_image_width":null,"og_image_height":null,"og_image_custom_url":null,"og_image_custom_fields":null,"og_video":"","og_custom_url":null,"og_article_section":null,"og_article_tags":[],"twitter_use_og":false,"twitter_card":"default","twitter_image_type":"default","twitter_image_url":null,"twitter_image_custom_url":null,"twitter_image_custom_fields":null,"twitter_title":null,"twitter_description":null,"schema":{"blockGraphs":[],"customGraphs":[],"default":{"data":{"Article":[],"Course":[],"Dataset":[],"FAQPage":[],"Movie":[],"Person":[],"Product":[],"ProductReview":[],"Car":[],"Recipe":[],"Service":[],"SoftwareApplication":[],"WebPage":[]},"graphName":"","isEnabled":true},"graphs":[]},"schema_type":"default","schema_type_options":null,"pillar_content":false,"robots_default":true,"robots_noindex":false,"robots_noarchive":false,"robots_nosnippet":false,"robots_nofollow":false,"robots_noimageindex":false,"robots_noodp":false,"robots_notranslate":false,"robots_max_snippet":"-1","robots_max_videopreview":"-1","robots_max_imagepreview":"large","priority":0,"frequency":"default","local_seo":null,"breadcrumb_settings":null,"limit_modified_date":false,"ai":null,"created":"2023-06-20 09:18:43","updated":"2025-06-04 08:13:19","seo_analyzer_scan_date":null,"focus_keyword":null,"additional_keywords":null,"truseo_locale":null},"aioseo_breadcrumb":"<div class=\"aioseo-breadcrumbs\"><span class=\"aioseo-breadcrumb\">\n\t\t\t<a href=\"https:\/\/wia.net.pl\" title=\"Home\">Home<\/a>\n\t\t<\/span><span class=\"aioseo-breadcrumb-separator\">&raquo;<\/span><span class=\"aioseo-breadcrumb\">\n\t\t\t<a href=\"https:\/\/wia.net.pl\/index.php\/category\/ufo-i-technologie\/\" title=\"UFO i Technologie\">UFO i Technologie<\/a>\n\t\t<\/span><span class=\"aioseo-breadcrumb-separator\">&raquo;<\/span><span class=\"aioseo-breadcrumb\">\n\t\t\tKabalistyczne korzenie AI \u2013 Ewa Pawela \u2013\n\t\t<\/span><\/div>","aioseo_breadcrumb_json":[{"label":"Home","link":"https:\/\/wia.net.pl"},{"label":"UFO i Technologie","link":"https:\/\/wia.net.pl\/index.php\/category\/ufo-i-technologie\/"},{"label":"Kabalistyczne korzenie AI &#8211; Ewa Pawela &#8211;","link":"https:\/\/wia.net.pl\/index.php\/2023\/06\/20\/kabalistyczne-korzenie-ai-ewa-pawela\/"}],"_links":{"self":[{"href":"https:\/\/wia.net.pl\/index.php\/wp-json\/wp\/v2\/posts\/2429"}],"collection":[{"href":"https:\/\/wia.net.pl\/index.php\/wp-json\/wp\/v2\/posts"}],"about":[{"href":"https:\/\/wia.net.pl\/index.php\/wp-json\/wp\/v2\/types\/post"}],"author":[{"embeddable":true,"href":"https:\/\/wia.net.pl\/index.php\/wp-json\/wp\/v2\/users\/2"}],"replies":[{"embeddable":true,"href":"https:\/\/wia.net.pl\/index.php\/wp-json\/wp\/v2\/comments?post=2429"}],"version-history":[{"count":1,"href":"https:\/\/wia.net.pl\/index.php\/wp-json\/wp\/v2\/posts\/2429\/revisions"}],"predecessor-version":[{"id":2431,"href":"https:\/\/wia.net.pl\/index.php\/wp-json\/wp\/v2\/posts\/2429\/revisions\/2431"}],"wp:featuredmedia":[{"embeddable":true,"href":"https:\/\/wia.net.pl\/index.php\/wp-json\/wp\/v2\/media\/2430"}],"wp:attachment":[{"href":"https:\/\/wia.net.pl\/index.php\/wp-json\/wp\/v2\/media?parent=2429"}],"wp:term":[{"taxonomy":"category","embeddable":true,"href":"https:\/\/wia.net.pl\/index.php\/wp-json\/wp\/v2\/categories?post=2429"},{"taxonomy":"post_tag","embeddable":true,"href":"https:\/\/wia.net.pl\/index.php\/wp-json\/wp\/v2\/tags?post=2429"}],"curies":[{"name":"wp","href":"https:\/\/api.w.org\/{rel}","templated":true}]}}