{"id":2440,"date":"2023-06-21T10:18:01","date_gmt":"2023-06-21T08:18:01","guid":{"rendered":"https:\/\/wia.net.pl\/?p=2440"},"modified":"2023-06-21T10:18:02","modified_gmt":"2023-06-21T08:18:02","slug":"toksyczne-prawdziwe-wyznania-twarzy-faszysty","status":"publish","type":"post","link":"https:\/\/wia.net.pl\/index.php\/2023\/06\/21\/toksyczne-prawdziwe-wyznania-twarzy-faszysty\/","title":{"rendered":"Toksyczne prawdziwe wyznania twarzy faszysty"},"content":{"rendered":"\n<p>Autor, <a href=\"https:\/\/www.unz.com\/author\/tobias-langdon\/\">TOBIAS LANGDON<\/a><\/p>\n\n\n\n<p><\/p>\n\n\n\n<figure class=\"wp-block-image size-full is-resized\"><img loading=\"lazy\" decoding=\"async\" src=\"https:\/\/wia.net.pl\/wp-content\/uploads\/2023\/06\/pic2-12OO-600x359-2.jpg\" alt=\"\" class=\"wp-image-2442\" width=\"839\" height=\"502\" srcset=\"https:\/\/wia.net.pl\/wp-content\/uploads\/2023\/06\/pic2-12OO-600x359-2.jpg 600w, https:\/\/wia.net.pl\/wp-content\/uploads\/2023\/06\/pic2-12OO-600x359-2-300x180.jpg 300w\" sizes=\"(max-width: 839px) 100vw, 839px\" \/><\/figure>\n\n\n\n<p><\/p>\n\n\n\n<p id=\"p_1_1\">Fascynuj\u0105 mnie twarze.\u00a0Po cz\u0119\u015bci dzieje si\u0119 tak dlatego, \u017ce jestem ignorantem, kt\u00f3ry musi zbiera\u0107 informacje instynktem i intuicj\u0105, a nie intelektem.\u00a0Twarze s\u0105 dla mnie owocne w spos\u00f3b, w jaki wiele innych rzeczy nie.\u00a0Ale te\u017c jeste\u015b ignorantem.\u00a0W ko\u0144cu jeste\u015b cz\u0142owiekiem, a \u017caden cz\u0142owiek nie mo\u017ce spojrze\u0107 na w\u0105trob\u0119 lub p\u0142uco i wydoby\u0107 z nich tyle informacji, co z twarzy.\u00a0Informacje s\u0105 takie same.\u00a0Pobo\u017cny lewicowy radiolog\u00a0<a href=\"https:\/\/www.theoccidentalobserver.net\/2021\/08\/09\/biology-is-blasphemy-racist-reality-meets-anti-racist-inanity\/\">ubolewa\u0142 w 2021 roku<\/a>\u00a0: \u201eNie ma \u0142atwego sposobu na usuni\u0119cie informacji rasowych z obraz\u00f3w [medycznych].\u00a0Jest wsz\u0119dzie i jest we wszystkim\u201d.<\/p>\n\n\n\n<p id=\"p_1_2\">Jak opisa\u0142em w \u201e&nbsp;<a href=\"https:\/\/www.theoccidentalobserver.net\/2021\/08\/09\/biology-is-blasphemy-racist-reality-meets-anti-racist-inanity\/\">Biologia to blu\u017anierstwo<\/a>&nbsp;\u201d, radiolog m\u00f3wi\u0142 o \u201eszokuj\u0105cym, dezorientuj\u0105cym i szczerze przera\u017caj\u0105cym\u201d odkryciu: \u017ce sztuczna inteligencja mo\u017ce zidentyfikowa\u0107 ras\u0119 na podstawie zdj\u0119\u0107 rentgenowskich wszystkiego i wszystkiego w ludzkim ciele.&nbsp;Oczywi\u015bcie odkrycie nie powinno by\u0107 szokuj\u0105ce.&nbsp;Rasa jest oczywista w ludzkiej twarzy, a twarze s\u0105 zbudowane przez geny w ten sam og\u00f3lny spos\u00f3b, jak wszystko inne w ciele, od m\u00f3zgu po ko\u015bci.&nbsp;Dlatego mo\u017cna by&nbsp;<em>a priori<\/em>&nbsp;oczekiwa\u0107, \u017ce ko\u015bci, m\u00f3zgi i wszystko inne nosi znamiona rasowe, tak jak twarze.&nbsp;Po prostu nie mo\u017cemy \u0142atwo odczyta\u0107 cech rasowych na wi\u0119kszo\u015bci cia\u0142.&nbsp;Nie ewoluowali\u015bmy w ten spos\u00f3b: nasze m\u00f3zgi nie maj\u0105 dedykowanych modu\u0142\u00f3w do wykrywania rasy lub p\u0142ci w\u0105troby lub p\u0142uc.&nbsp;Ale na pewno mamy takie modu\u0142y dla twarzy.<\/p>\n\n\n\n<p id=\"p_1_3\"><strong>\u201e&nbsp;<\/strong><a href=\"https:\/\/www.gutenberg.org\/files\/2383\/2383-h\/2383-h.htm\"><strong>Smiechacz z no\u017cem pod p\u0142aszczem<\/strong><\/a><strong>&nbsp;\u201d<\/strong><\/p>\n\n\n\n<p id=\"p_1_4\">Mi\u0119dzy innymi dlatego fascynuj\u0105 mnie twarze.&nbsp;S\u0105 bogatym i \u0142atwo dost\u0119pnym \u017ar\u00f3d\u0142em informacji o bardzo wa\u017cnych sprawach, takich jak psychologia, osobowo\u015b\u0107 i rasa.&nbsp;Fascynuje mnie r\u00f3wnie\u017c spos\u00f3b, w jaki mo\u017cemy wydoby\u0107 tego rodzaju informacje z twarzy, nie b\u0119d\u0105c w stanie wyja\u015bni\u0107, jak to zrobi\u0107.&nbsp;Na przyk\u0142ad sp\u00f3jrz na \u017byda Merricka Garlanda, obecnego prokuratora generalnego Stan\u00f3w Zjednoczonych:<\/p>\n\n\n\n<figure class=\"wp-block-image\"><a href=\"https:\/\/www.theoccidentalobserver.net\/wp-content\/uploads\/2023\/06\/pic2-13.jpg\"><img decoding=\"async\" src=\"https:\/\/www.theoccidentalobserver.net\/wp-content\/uploads\/2023\/06\/pic2-13.jpg\" alt=\"Z\u0142owrogo wygl\u0105daj\u0105cy Merrick Garland, anty-bia\u0142y prokurator generalny USA\"\/><\/a><\/figure>\n\n\n\n<p>Z\u0142owrogo wygl\u0105daj\u0105cy Merrick Garland, anty-bia\u0142y prokurator generalny USA<\/p>\n\n\n\n<p id=\"p_1_5\">Dlaczego jego twarz jest taka z\u0142owroga?&nbsp;Nie wiem, bo modu\u0142y dekoduj\u0105ce twarze w moim m\u00f3zgu dzia\u0142aj\u0105 poni\u017cej poziomu \u015bwiadomo\u015bci.&nbsp;To nie ma znaczenia: te modu\u0142y dostarczaj\u0105 dok\u0142adnych informacji o firmie Garland.&nbsp;Wygl\u0105da z\u0142owrogo, poniewa\u017c&nbsp;<em>jest<\/em>&nbsp;z\u0142owrogi.&nbsp;I to bardzo \u017ale dla Ameryki, \u017ce zajmuje tak pot\u0119\u017cn\u0105 i wa\u017cn\u0105 pozycj\u0119 w rz\u0105dzie.&nbsp;Wielu prawicowc\u00f3w zgodzi\u0142oby si\u0119 ze mn\u0105, gdybym powiedzia\u0142, \u017ce Garland jest z\u0142y dla Ameryki, ale wi\u0119kszo\u015b\u0107 z nich wzdrygn\u0119\u0142aby si\u0119 z przera\u017cenia, gdyby us\u0142ysza\u0142a, jak \u0142\u0105cz\u0119 z\u0142owrog\u0105 twarz i psychik\u0119 Garlanda z jego pochodzeniem etnicznym.&nbsp;Prawda jest toksyczna: Garland to klasyczny przyk\u0142ad przera\u017caj\u0105cego \u017byda.&nbsp;Podobnie jak&nbsp;<a href=\"https:\/\/infogalactic.com\/info\/Richard_Perle\">Richard Perle<\/a>&nbsp;(ur. 1941), \u017cydowski neokonserwatysta, nazywany w Ameryce \u201eksi\u0119ciem ciemno\u015bci\u201d, szef ADL Jonathan Greenblatt (ur. 1970) i<a href=\"https:\/\/infogalactic.com\/info\/Michael_Howard\">Michael Howard<\/a>&nbsp;(z domu Hecht 1941), \u017cydowski polityk, kt\u00f3ry w Wielkiej Brytanii by\u0142 nazywany \u201eDracul\u0105\u201d.<\/p>\n\n\n\n<figure class=\"wp-block-image\"><a href=\"https:\/\/www.theoccidentalobserver.net\/wp-content\/uploads\/2023\/06\/Picture1-5.jpg\"><img decoding=\"async\" src=\"https:\/\/www.theoccidentalobserver.net\/wp-content\/uploads\/2023\/06\/Picture1-5.jpg\" alt=\"Jonathana Greenblatta\"\/><\/a><\/figure>\n\n\n\n<p>Jonathana Greenblatta<\/p>\n\n\n\n<p id=\"p_1_6\"><strong>Szerszy wz\u00f3r rasowy<\/strong><\/p>\n\n\n\n<p id=\"p_1_7\">Gojowska kole\u017canka Howarda, Ann Widdecombe,&nbsp;<a href=\"https:\/\/infogalactic.com\/info\/Michael_Howard\">powiedzia\u0142a, \u017ce<\/a>&nbsp;\u200b\u200b\u201ejest w nim co\u015b z nocy\u201d.&nbsp;Gwa\u0142townie zaprzeczy\u0142aby, \u017ce by\u0142a antysemitk\u0105, kiedy dokonywa\u0142a tego os\u0105du.&nbsp;I tak, w pewnym sensie mia\u0142aby ca\u0142kowit\u0105 racj\u0119.&nbsp;Jestem pewien, \u017ce nie my\u015bla\u0142a \u015bwiadomie o Howardzie jako o z\u0142owrogim \u017bydzie, ale jako o z\u0142owrogiej osobie, kt\u00f3ra \u201etak si\u0119 sk\u0142ada\u201d, \u017ce jest \u017bydem.&nbsp;Niemniej jednak z\u0142owroga natura Howarda pasuje do szerszego wzorca rasowego: podobnie jak Garland, Perle i wielu innych, jest on z\u0142owrogi w specyficznie \u017cydowski spos\u00f3b.&nbsp;Chocia\u017c nigdy by si\u0119 do tego nie przyzna\u0142a, Widdicombe reagowa\u0142 jak goj na obc\u0105 i drapie\u017cn\u0105 natur\u0119 \u017byda.&nbsp;Tak samo jak ci, kt\u00f3rzy ch\u0119tnie zgodz\u0105 si\u0119, \u017ce Garland i inni \u017bydzi s\u0105 z\u0142owieszczy, ale nie przyznaj\u0105, \u017ce \u017cydowsko\u015b\u0107 jest istotna.<\/p>\n\n\n\n<p id=\"p_1_8\">My\u015bl\u0119, \u017ce si\u0119 myl\u0105.&nbsp;\u017bydowsko\u015b\u0107 jest bardzo istotna: nie tylko twarze s\u0105 zbudowane na genach, ale tak\u017ce maniery, ruchy i g\u0142osy, z kt\u00f3rych wszystkie sk\u0142adaj\u0105 si\u0119 na z\u0142owrog\u0105 aur\u0119 otaczaj\u0105c\u0105 \u017byd\u00f3w takich jak Garland i Howard.&nbsp;Musz\u0119 jednak przyzna\u0107, \u017ce niewielu \u017byd\u00f3w ma g\u0142osy tak z\u0142owrogie i brzydkie jak g\u0142os szikszy Hilary Clinton.&nbsp;Jej z\u0142a natura jest oczywista, kiedy m\u00f3wi, ale znowu to pod\u015bwiadome modu\u0142y w m\u00f3zgu przetwarzaj\u0105 jej g\u0142os i dostarczaj\u0105 nam tych wa\u017cnych informacji.&nbsp;Fascynuj\u0105 mnie te\u017c g\u0142osy.&nbsp;Podobnie jak twarze, s\u0105 kolejnym bogatym \u017ar\u00f3d\u0142em informacji dla ignoranta, kt\u00f3ry nie potrafi powiedzie\u0107, sk\u0105d wie, ale mo\u017ce powiedzie\u0107, co wie.&nbsp;Na przyk\u0142ad, nie potrafi\u0119 dok\u0142adnie powiedzie\u0107, sk\u0105d wiem, \u017ce \u017cydowscy politycy Chuck Schumer i Jerry Nadler s\u0105 z\u0142owieszczy i nieuczciwi.<\/p>\n\n\n\n<figure class=\"wp-block-image\"><a href=\"https:\/\/www.theoccidentalobserver.net\/wp-content\/uploads\/2023\/06\/pic2-14.jpg\"><img decoding=\"async\" src=\"https:\/\/www.theoccidentalobserver.net\/wp-content\/uploads\/2023\/06\/pic2-14.jpg\" alt=\"Dw\u00f3ch kolejnych z\u0142owrogich \u017byd\u00f3w: ameryka\u0144scy politycy Chuck Schumer i Jerry Nadler\"\/><\/a><\/figure>\n\n\n\n<p>Dw\u00f3ch kolejnych z\u0142owrogich \u017byd\u00f3w: ameryka\u0144scy politycy Chuck Schumer i Jerry Nadler<\/p>\n\n\n\n<p id=\"p_1_9\">Czy to czyni mnie twarzowym faszyst\u0105 i wokalnym z\u0142oczy\u0144c\u0105?&nbsp;Z pewno\u015bci\u0105 ma to miejsce w g\u0142\u00f3wnym nurcie wsp\u00f3\u0142czesnej kultury i polityki, ale nie obchodzi mnie to.&nbsp;Chc\u0119 zrozumie\u0107 \u015bwiat, a nie by\u0107 przez niego nagrodzonym.&nbsp;Dlatego \u0142ami\u0119&nbsp;<a href=\"https:\/\/www.theoccidentalobserver.net\/2018\/09\/21\/the-zeroth-commandment-thou-shalt-not-recognize-patterns\/\">podstawowe przykazanie<\/a>wsp\u00f3\u0142czesnego Zachodu: \u201eNie b\u0119dziesz rozpoznawa\u0142 wzorc\u00f3w \u2013 chyba \u017ce ich tam nie ma\u201d.&nbsp;Na przyk\u0142ad, aby nale\u017ce\u0107 do szanowanego spo\u0142ecze\u0144stwa, trzeba uzna\u0107 i g\u0142o\u015bno pot\u0119pi\u0107 ogromny, ale nieistniej\u0105cy wzorzec \u201esystemowego rasizmu\u201d wobec Czarnych i innych nie-bia\u0142ych.&nbsp;Ale nie mo\u017cesz, pod gro\u017ab\u0105 natychmiastowego wykluczenia z szanowanego spo\u0142ecze\u0144stwa, rozpozna\u0107 autentycznych wzorc\u00f3w czarnej przest\u0119pczo\u015bci i ni\u017cszo\u015bci intelektualnej.&nbsp;Inteligencja, a w\u0142a\u015bciwie jej brak, to co\u015b innego, co mo\u017cna wyczyta\u0107 z twarzy.&nbsp;W Ameryce g\u0142o\u015bno uznany czarnosk\u00f3ry aktywista Ibram X. Kendi jest oczywi\u015bcie g\u0142upi, przynajmniej w por\u00f3wnaniu z innymi uznanymi naukowcami spoza POC, poza badaniami etnicznymi i genderowymi.&nbsp;Podobnie czarnosk\u00f3ry naukowiec Kehinde Andrews w Wielkiej Brytanii.&nbsp;Wida\u0107 to po ich twarzach,<\/p>\n\n\n\n<figure class=\"wp-block-image\"><a href=\"https:\/\/www.theoccidentalobserver.net\/wp-content\/uploads\/2023\/06\/pic2-11.jpg\"><img decoding=\"async\" src=\"https:\/\/www.theoccidentalobserver.net\/wp-content\/uploads\/2023\/06\/pic2-11.jpg\" alt=\"Uznani my\u015bliciele Ibram X. Kendi i Kehinde Andrews\"\/><\/a><\/figure>\n\n\n\n<p>Uznani my\u015bliciele Ibram X. Kendi i Kehinde Andrews<\/p>\n\n\n\n<p id=\"p_1_10\"><a href=\"https:\/\/heartiste.org\/category\/physiognomy-is-real\/\">Fizjonomia jest prawdziwa<\/a>&nbsp;, jak cz\u0119sto przypomina\u0142 swoim czytelnikom wielki Chateau Heartiste.&nbsp;Nie oznacza to, \u017ce jest nieomylny, poniewa\u017c twarze i g\u0142osy s\u0105 zjawiskami biologicznymi, a biologia jest pe\u0142na wyj\u0105tk\u00f3w i anomalii.&nbsp;Ale fizjonomia jest niezawodnym przewodnikiem po bardzo wa\u017cnych zjawiskach spo\u0142ecznych, takich jak z\u0142owroga i drapie\u017cna natura \u017byd\u00f3w oraz g\u0142upia i antyobywatelska natura Czarnych.&nbsp;Fizjonomia to tak\u017ce doskona\u0142y spos\u00f3b na omini\u0119cie uwarunkowa\u0144 spo\u0142ecznych czy intelektualnego oporu normik\u00f3w.&nbsp;Na przyk\u0142ad, mo\u017cesz d\u0142ugo i g\u0142o\u015bno argumentowa\u0107 normikowi, \u017ce antifa to z\u0142a, skorumpowana i psychotyczna ideologia.&nbsp;Albo mo\u017cesz zrobi\u0107 to samo znacznie wydajniej i skuteczniej, pokazuj\u0105c temu normikowi twarze jakiej\u015b typowej antify:<\/p>\n\n\n\n<figure class=\"wp-block-image\"><a href=\"https:\/\/www.theoccidentalobserver.net\/wp-content\/uploads\/2023\/06\/pic2-7.jpg\"><img decoding=\"async\" src=\"https:\/\/www.theoccidentalobserver.net\/wp-content\/uploads\/2023\/06\/pic2-7.jpg\" alt=\"Z\u0142y, skorumpowany i psychotyczny: zgubne kary jakiej\u015b ameryka\u0144skiej antify\"\/><\/a><\/figure>\n\n\n\n<p>Z\u0142y, skorumpowany i psychotyczny: zgubne kary jakiej\u015b ameryka\u0144skiej antify<\/p>\n\n\n\n<p id=\"p_1_11\">Fizjonomia jest prawdziwa.&nbsp;Brzydota ideologii odbija si\u0119 (i reifikuje) w brzydocie jej wyznawc\u00f3w.&nbsp;A teraz za\u0142\u00f3\u017cmy, \u017ce chcia\u0142e\u015b przekona\u0107 normika, \u017ce \u200b\u200bwojna na Ukrainie jest w du\u017cej mierze \u017cydowskim projektem, kt\u00f3ry nie s\u0142u\u017cy interesom bia\u0142ych ameryka\u0144skich i brytyjskich.&nbsp;Ponownie mo\u017cesz k\u0142\u00f3ci\u0107 si\u0119 d\u0142ugo i g\u0142o\u015bno za pomoc\u0105 s\u0142\u00f3w.&nbsp;Mo\u017cesz te\u017c szybko i skutecznie odwo\u0142a\u0107 si\u0119 do intuicji za pomoc\u0105 zdj\u0119\u0107 twarzy.&nbsp;Przyjrzyjmy si\u0119 niekt\u00f3rym twarzom z&nbsp;<a href=\"https:\/\/www.youtube.com\/watch?v=iynqNtKRVn0\">wideo brytyjskiej delegacji dyplomatycznej<\/a>&nbsp;odwiedzaj\u0105cej \u017cydowskiego prezydenta Ukrainy Wo\u0142odymyra Ze\u0142enskiego w czerwcu 2023 r., na kr\u00f3tko przed rozpocz\u0119ciem ukrai\u0144skiej kontrofensywy przeciwko Rosji.&nbsp;Jak \u0142atwo zauwa\u017cy\u0107, nie jest to wcale brytyjska delegacja:<\/p>\n\n\n\n<figure class=\"wp-block-image\"><a href=\"https:\/\/www.theoccidentalobserver.net\/wp-content\/uploads\/2023\/06\/pic2-10.jpg\"><img decoding=\"async\" src=\"https:\/\/www.theoccidentalobserver.net\/wp-content\/uploads\/2023\/06\/pic2-10.jpg\" alt=\"Ze\u0142enski spotyka Jamesa Cleverly'ego, p\u00f3\u0142-czarnego \u201ebrytyjskiego\u201d ministra spraw zagranicznych i zagorza\u0142ego przyjaciela Izraela\"\/><\/a><\/figure>\n\n\n\n<p>Ze\u0142enski spotyka si\u0119 z&nbsp;<\/p>\n\n\n\n<p><a href=\"https:\/\/infogalactic.com\/info\/James_Cleverly\">Jamesem Cleverlym<\/a>&nbsp;, p\u00f3\u0142-czarnym \u201ebrytyjskim\u201d ministrem spraw zagranicznych i zagorza\u0142ym przyjacielem Izraela<\/p>\n\n\n\n<figure class=\"wp-block-image\"><a href=\"https:\/\/www.theoccidentalobserver.net\/wp-content\/uploads\/2023\/06\/pic2-8.jpg\"><img decoding=\"async\" src=\"https:\/\/www.theoccidentalobserver.net\/wp-content\/uploads\/2023\/06\/pic2-8.jpg\" alt=\"Znowu Anglo Anatolija: Ze\u0142enski spotyka si\u0119 z \u017byd\u00f3wk\u0105 Melind\u0105 Simmons, \u201ebrytyjsk\u0105\u201d ambasadork\u0105 na Ukrainie\"\/><\/a><\/figure>\n\n\n\n<p>Znowu Anglo Anatolija: Ze\u0142enski spotyka si\u0119 z&nbsp;<\/p>\n\n\n\n<p><a href=\"https:\/\/infogalactic.com\/info\/Melinda_Simmons\">\u017byd\u00f3wk\u0105 Melind\u0105 Simmons<\/a>&nbsp;, \u201ebrytyjsk\u0105\u201d ambasadork\u0105 na Ukrainie<\/p>\n\n\n\n<figure class=\"wp-block-image\"><a href=\"https:\/\/www.theoccidentalobserver.net\/wp-content\/uploads\/2023\/06\/pic2-9.jpg\"><img decoding=\"async\" src=\"https:\/\/www.theoccidentalobserver.net\/wp-content\/uploads\/2023\/06\/pic2-9.jpg\" alt=\"Wygl\u0105daj\u0105cy na \u017byda urz\u0119dnik, kt\u00f3ry towarzyszy\u0142 Cleverly'emu i Simmonsowi\"\/><\/a><\/figure>\n\n\n\n<p>Wygl\u0105daj\u0105cy na \u017byda urz\u0119dnik, kt\u00f3ry towarzyszy\u0142 Cleverly&#8217;emu i Simmonsowi<\/p>\n\n\n\n<p id=\"p_1_12\">Bardzo \u0142atwo jest odczyta\u0107 rasistowskie informacje w obliczu&nbsp;<a href=\"https:\/\/infogalactic.com\/info\/James_Cleverly\">Jamesa Cleverly&#8217;ego<\/a>&nbsp;, obecnego brytyjskiego ministra spraw zagranicznych.&nbsp;Nie jest Bia\u0142y, wi\u0119c nie powinno dziwi\u0107, \u017ce nie s\u0142u\u017cy interesom Bia\u0142ych Brytyjczyk\u00f3w.&nbsp;Zamiast tego s\u0142u\u017cy interesom \u017byd\u00f3w, o czym \u015bwiadcz\u0105 twarze dw\u00f3ch towarzysz\u0105cych mu urz\u0119dnik\u00f3w.&nbsp;Informacje rasowe s\u0105 r\u00f3wnie\u017c widoczne na ich twarzach.&nbsp;Ale Melinda Simmons zosta\u0142a b\u0142\u0119dnie zidentyfikowana jako \u201eAnglo\u201d&nbsp;<a href=\"https:\/\/www.unz.com\/akarlin\/im-im-gonna-kneeeeel-ukraine-edition\/\">przez Anatolija Karlina<\/a>&nbsp;w&nbsp;<em>Unz Review<\/em>&nbsp;.&nbsp;My\u015bl\u0119, \u017ce Karlin by\u0142 raczej nieuczciwy ni\u017c ignorantem, poniewa\u017c Simmonds jest oczywi\u015bcie \u017bydem.<\/p>\n\n\n\n<p id=\"p_1_13\">Ona te\u017c jest brzydk\u0105 \u017byd\u00f3wk\u0105, dlatego poczu\u0142am z\u0142e przeczucie co do bia\u0142ych tubylc\u00f3w Ukrainy, kiedy po raz pierwszy zobaczy\u0142am jej zdj\u0119cie, na kt\u00f3rym odbywa\u0142a tam spotkanie.&nbsp;Wkr\u00f3tce po jej przybyciu wybuch\u0142a wojna.&nbsp;Czy ci si\u0119 to podoba, czy nie, brzydota i z\u0142o s\u0105 ze sob\u0105 silnie powi\u0105zane.&nbsp;Nie koniecznie i absolutnie, poniewa\u017c s\u0105 ludzie brzydcy i dobrzy, tak samo jak s\u0105 ludzie atrakcyjni i \u017ali.&nbsp;Ale brzydota i tak naturalnie idzie w parze ze z\u0142em.&nbsp;To dlatego Clown World prowadzi wojn\u0119 z pi\u0119knem i dlaczego jest tak w\u0142a\u015bciwe, \u017ce kontrolowana przez \u017byd\u00f3w Wielka Brytania wys\u0142a\u0142a brzydkiego \u017cydowskiego ambasadora na Ukrain\u0119 na kr\u00f3tko przed wybuchem tam wojny.<\/p>\n\n\n\n<p id=\"p_1_14\"><strong>Wojna na Zachodzie<\/strong><\/p>\n\n\n\n<p id=\"p_1_15\">Ale musz\u0119 przyzna\u0107, \u017ce Melinda Simmons nie jest tak brzydka jak inny \u017cydowski urz\u0119dnik w delegacji \u201eAnglo\u201d.&nbsp;Powiedzia\u0142bym, \u017ce przynajmniej jest \u017bydem.&nbsp;Nie by\u0142em w stanie go zidentyfikowa\u0107, ale moje pod\u015bwiadome modu\u0142y odczytu twarzy przem\u00f3wi\u0142y g\u0142o\u015bno i wyra\u017anie, kiedy po raz pierwszy zobaczy\u0142em, jak wita si\u0119 i u\u015bmiecha do Wo\u0142odymyra Ze\u0142enskiego.&nbsp;\u201eTo okropny \u017byd!\u201d&nbsp;powiedzieli (przepraszam, ale tak zrobili).&nbsp;Je\u015bli twoje modu\u0142y odczytu twarzy nie zgadzaj\u0105 si\u0119 z moimi, zdecydowanie zalecam oddanie&nbsp;<a href=\"https:\/\/www.urbandictionary.com\/define.php?term=j-dar\">J-dara<\/a>&nbsp;do serwisu.&nbsp;Wojna na Ukrainie jest \u017cydowskim projektem, podobnie jak szersza wojna na Zachodzie.<\/p>\n\n\n\n<p id=\"p_1_16\">Sp\u0119dzi\u0142em du\u017co czasu na pisaniu i rozumowaniu na temat tej szerszej wojny, ale my\u015bl\u0119, \u017ce twarze Merricka Garlanda i Melindy Simmons s\u0105 warte wi\u0119cej ni\u017c tysi\u0105c s\u0142\u00f3w w przedstawieniu mojej sprawy.&nbsp;Fizjonomia jest prawdziwa.&nbsp;\u017bydowska fizjonomia jest cz\u0119sto odra\u017caj\u0105ca.&nbsp;Mo\u017cesz mnie za to nazwa\u0107 faszyst\u0105 twarzy, ale po prostu powt\u00f3rz\u0119 to, co powiedzia\u0142em powy\u017cej: chc\u0119 zrozumie\u0107 \u015bwiat, a nie by\u0107 przez niego nagradzany.&nbsp;A twarze to doskona\u0142a i intuicyjna droga do zrozumienia \u015bwiata.(Opublikowane ponownie z&nbsp;<\/p>\n\n\n\n<p><a href=\"https:\/\/www.theoccidentalobserver.net\/2023\/06\/19\/toxic-true-confessions-of-a-facial-fascist\/\">The Occidental Observer<\/a>&nbsp;za zgod\u0105 autora lub przedstawiciela)<\/p>\n\n\n\n<p>Link \u017ar\u00f3d\u0142owy  https:\/\/www.unz.com\/article\/toxic-true-confessions-of-a-facial-fascist\/<\/p>\n","protected":false},"excerpt":{"rendered":"<p>Autor, TOBIAS LANGDON Fascynuj\u0105 mnie twarze.\u00a0Po cz\u0119\u015bci dzieje si\u0119 tak dlatego, \u017ce jestem ignorantem, kt\u00f3ry musi zbiera\u0107 informacje instynktem i intuicj\u0105, a nie intelektem.\u00a0Twarze s\u0105 dla mnie owocne w spos\u00f3b, w jaki wiele innych rzeczy nie.\u00a0Ale te\u017c jeste\u015b ignorantem.\u00a0W ko\u0144cu&#8230; <\/p>\n","protected":false},"author":2,"featured_media":2442,"comment_status":"open","ping_status":"open","sticky":false,"template":"","format":"standard","meta":{"_acf_changed":false,"_bbp_topic_count":0,"_bbp_reply_count":0,"_bbp_total_topic_count":0,"_bbp_total_reply_count":0,"_bbp_voice_count":0,"_bbp_anonymous_reply_count":0,"_bbp_topic_count_hidden":0,"_bbp_reply_count_hidden":0,"_bbp_forum_subforum_count":0,"om_disable_all_campaigns":false,"_monsterinsights_skip_tracking":false,"footnotes":""},"categories":[93],"tags":[],"class_list":["post-2440","post","type-post","status-publish","format-standard","has-post-thumbnail","hentry","category-artykuly"],"acf":[],"aioseo_notices":[],"aioseo_head":"\n\t\t<!-- All in One SEO 5.0.1.1 - aioseo.com -->\n\t<meta name=\"description\" content=\"Autor, TOBIAS LANGDON Fascynuj\u0105 mnie twarze. Po cz\u0119\u015bci dzieje si\u0119 tak dlatego, \u017ce jestem ignorantem, kt\u00f3ry musi zbiera\u0107 informacje instynktem i intuicj\u0105, a nie intelektem. Twarze s\u0105 dla mnie owocne w spos\u00f3b, w jaki wiele innych rzeczy nie. Ale te\u017c jeste\u015b ignorantem. W ko\u0144cu jeste\u015b cz\u0142owiekiem, a \u017caden cz\u0142owiek nie mo\u017ce spojrze\u0107 na w\u0105trob\u0119 lub p\u0142uco i wydoby\u0107 z\" \/>\n\t<meta name=\"robots\" content=\"max-image-preview:large\" \/>\n\t<meta name=\"author\" content=\"trinity\"\/>\n\t<link rel=\"canonical\" href=\"https:\/\/wia.net.pl\/index.php\/2023\/06\/21\/toksyczne-prawdziwe-wyznania-twarzy-faszysty\/\" \/>\n\t<meta name=\"generator\" content=\"All in One SEO (AIOSEO) 5.0.1.1\" \/>\n\t\t<meta property=\"og:locale\" content=\"pl_PL\" \/>\n\t\t<meta property=\"og:site_name\" content=\"Wolno\u015b\u0107 i Anarchia - Ka\u017cdy wewn\u0119trznie jest anarchist\u0105.\" \/>\n\t\t<meta property=\"og:type\" content=\"article\" \/>\n\t\t<meta property=\"og:title\" content=\"Toksyczne prawdziwe wyznania twarzy faszysty - Wolno\u015b\u0107 i Anarchia\" \/>\n\t\t<meta property=\"og:description\" content=\"Autor, TOBIAS LANGDON Fascynuj\u0105 mnie twarze. Po cz\u0119\u015bci dzieje si\u0119 tak dlatego, \u017ce jestem ignorantem, kt\u00f3ry musi zbiera\u0107 informacje instynktem i intuicj\u0105, a nie intelektem. Twarze s\u0105 dla mnie owocne w spos\u00f3b, w jaki wiele innych rzeczy nie. Ale te\u017c jeste\u015b ignorantem. W ko\u0144cu jeste\u015b cz\u0142owiekiem, a \u017caden cz\u0142owiek nie mo\u017ce spojrze\u0107 na w\u0105trob\u0119 lub p\u0142uco i wydoby\u0107 z\" \/>\n\t\t<meta property=\"og:url\" content=\"https:\/\/wia.net.pl\/index.php\/2023\/06\/21\/toksyczne-prawdziwe-wyznania-twarzy-faszysty\/\" \/>\n\t\t<meta property=\"og:image\" content=\"https:\/\/wia.net.pl\/wp-content\/uploads\/2023\/11\/cropped-freedom-i73367.jpg\" \/>\n\t\t<meta property=\"og:image:secure_url\" content=\"https:\/\/wia.net.pl\/wp-content\/uploads\/2023\/11\/cropped-freedom-i73367.jpg\" \/>\n\t\t<meta property=\"article:published_time\" content=\"2023-06-21T08:18:01+00:00\" \/>\n\t\t<meta property=\"article:modified_time\" content=\"2023-06-21T08:18:02+00:00\" \/>\n\t\t<meta name=\"twitter:card\" content=\"summary_large_image\" \/>\n\t\t<meta name=\"twitter:title\" content=\"Toksyczne prawdziwe wyznania twarzy faszysty - Wolno\u015b\u0107 i Anarchia\" \/>\n\t\t<meta name=\"twitter:description\" content=\"Autor, TOBIAS LANGDON Fascynuj\u0105 mnie twarze. Po cz\u0119\u015bci dzieje si\u0119 tak dlatego, \u017ce jestem ignorantem, kt\u00f3ry musi zbiera\u0107 informacje instynktem i intuicj\u0105, a nie intelektem. Twarze s\u0105 dla mnie owocne w spos\u00f3b, w jaki wiele innych rzeczy nie. Ale te\u017c jeste\u015b ignorantem. W ko\u0144cu jeste\u015b cz\u0142owiekiem, a \u017caden cz\u0142owiek nie mo\u017ce spojrze\u0107 na w\u0105trob\u0119 lub p\u0142uco i wydoby\u0107 z\" \/>\n\t\t<meta name=\"twitter:image\" content=\"https:\/\/wia.net.pl\/wp-content\/uploads\/2023\/11\/cropped-freedom-i73367.jpg\" \/>\n\t\t<script type=\"application\/ld+json\" class=\"aioseo-schema\">\n\t\t\t{\"@context\":\"https:\\\/\\\/schema.org\",\"@graph\":[{\"@type\":\"BlogPosting\",\"@id\":\"https:\\\/\\\/wia.net.pl\\\/index.php\\\/2023\\\/06\\\/21\\\/toksyczne-prawdziwe-wyznania-twarzy-faszysty\\\/#blogposting\",\"name\":\"Toksyczne prawdziwe wyznania twarzy faszysty - Wolno\\u015b\\u0107 i Anarchia\",\"headline\":\"Toksyczne prawdziwe wyznania twarzy faszysty\",\"author\":{\"@id\":\"https:\\\/\\\/wia.net.pl\\\/index.php\\\/author\\\/trinity\\\/#author\"},\"publisher\":{\"@id\":\"https:\\\/\\\/wia.net.pl\\\/#person\"},\"image\":{\"@type\":\"ImageObject\",\"url\":\"https:\\\/\\\/wia.net.pl\\\/wp-content\\\/uploads\\\/2023\\\/06\\\/pic2-12OO-600x359-2.jpg\",\"width\":600,\"height\":359},\"datePublished\":\"2023-06-21T10:18:01+02:00\",\"dateModified\":\"2023-06-21T10:18:02+02:00\",\"inLanguage\":\"pl-PL\",\"mainEntityOfPage\":{\"@id\":\"https:\\\/\\\/wia.net.pl\\\/index.php\\\/2023\\\/06\\\/21\\\/toksyczne-prawdziwe-wyznania-twarzy-faszysty\\\/#webpage\"},\"isPartOf\":{\"@id\":\"https:\\\/\\\/wia.net.pl\\\/index.php\\\/2023\\\/06\\\/21\\\/toksyczne-prawdziwe-wyznania-twarzy-faszysty\\\/#webpage\"},\"articleSection\":\"Artyku\\u0142y\"},{\"@type\":\"BreadcrumbList\",\"@id\":\"https:\\\/\\\/wia.net.pl\\\/index.php\\\/2023\\\/06\\\/21\\\/toksyczne-prawdziwe-wyznania-twarzy-faszysty\\\/#breadcrumblist\",\"itemListElement\":[{\"@type\":\"ListItem\",\"@id\":\"https:\\\/\\\/wia.net.pl#listItem\",\"position\":1,\"name\":\"Home\",\"item\":\"https:\\\/\\\/wia.net.pl\",\"nextItem\":{\"@type\":\"ListItem\",\"@id\":\"https:\\\/\\\/wia.net.pl\\\/index.php\\\/category\\\/artykuly\\\/#listItem\",\"name\":\"Artyku\\u0142y\"}},{\"@type\":\"ListItem\",\"@id\":\"https:\\\/\\\/wia.net.pl\\\/index.php\\\/category\\\/artykuly\\\/#listItem\",\"position\":2,\"name\":\"Artyku\\u0142y\",\"item\":\"https:\\\/\\\/wia.net.pl\\\/index.php\\\/category\\\/artykuly\\\/\",\"nextItem\":{\"@type\":\"ListItem\",\"@id\":\"https:\\\/\\\/wia.net.pl\\\/index.php\\\/2023\\\/06\\\/21\\\/toksyczne-prawdziwe-wyznania-twarzy-faszysty\\\/#listItem\",\"name\":\"Toksyczne prawdziwe wyznania twarzy faszysty\"},\"previousItem\":{\"@type\":\"ListItem\",\"@id\":\"https:\\\/\\\/wia.net.pl#listItem\",\"name\":\"Home\"}},{\"@type\":\"ListItem\",\"@id\":\"https:\\\/\\\/wia.net.pl\\\/index.php\\\/2023\\\/06\\\/21\\\/toksyczne-prawdziwe-wyznania-twarzy-faszysty\\\/#listItem\",\"position\":3,\"name\":\"Toksyczne prawdziwe wyznania twarzy faszysty\",\"previousItem\":{\"@type\":\"ListItem\",\"@id\":\"https:\\\/\\\/wia.net.pl\\\/index.php\\\/category\\\/artykuly\\\/#listItem\",\"name\":\"Artyku\\u0142y\"}}]},{\"@type\":\"Person\",\"@id\":\"https:\\\/\\\/wia.net.pl\\\/#person\",\"name\":\"Bart\\u0142omiej Talarczyk\",\"image\":{\"@type\":\"ImageObject\",\"@id\":\"https:\\\/\\\/wia.net.pl\\\/index.php\\\/2023\\\/06\\\/21\\\/toksyczne-prawdziwe-wyznania-twarzy-faszysty\\\/#personImage\",\"url\":\"https:\\\/\\\/wia.net.pl\\\/wp-content\\\/uploads\\\/avatar-privacy\\\/cache\\\/user\\\/1\\\/7\\\/176a6b161c58363ff49b5c167264231f519f5c7fa183ca1f61e891769b6b56d5-96.jpg\",\"width\":96,\"height\":96,\"caption\":\"Bart\\u0142omiej Talarczyk\"}},{\"@type\":\"Person\",\"@id\":\"https:\\\/\\\/wia.net.pl\\\/index.php\\\/author\\\/trinity\\\/#author\",\"url\":\"https:\\\/\\\/wia.net.pl\\\/index.php\\\/author\\\/trinity\\\/\",\"name\":\"trinity\",\"image\":{\"@type\":\"ImageObject\",\"@id\":\"https:\\\/\\\/wia.net.pl\\\/index.php\\\/2023\\\/06\\\/21\\\/toksyczne-prawdziwe-wyznania-twarzy-faszysty\\\/#authorImage\",\"url\":\"https:\\\/\\\/wia.net.pl\\\/wp-content\\\/uploads\\\/avatar-privacy\\\/cache\\\/user\\\/5\\\/f\\\/5f6547cf82495eaa10e100a6a45d5dbde2dfdc1be88557de2018fca705bdf6f1-96.jpg\",\"width\":96,\"height\":96,\"caption\":\"trinity\"}},{\"@type\":\"WebPage\",\"@id\":\"https:\\\/\\\/wia.net.pl\\\/index.php\\\/2023\\\/06\\\/21\\\/toksyczne-prawdziwe-wyznania-twarzy-faszysty\\\/#webpage\",\"url\":\"https:\\\/\\\/wia.net.pl\\\/index.php\\\/2023\\\/06\\\/21\\\/toksyczne-prawdziwe-wyznania-twarzy-faszysty\\\/\",\"name\":\"Toksyczne prawdziwe wyznania twarzy faszysty - Wolno\\u015b\\u0107 i Anarchia\",\"description\":\"Autor, TOBIAS LANGDON Fascynuj\\u0105 mnie twarze. Po cz\\u0119\\u015bci dzieje si\\u0119 tak dlatego, \\u017ce jestem ignorantem, kt\\u00f3ry musi zbiera\\u0107 informacje instynktem i intuicj\\u0105, a nie intelektem. Twarze s\\u0105 dla mnie owocne w spos\\u00f3b, w jaki wiele innych rzeczy nie. Ale te\\u017c jeste\\u015b ignorantem. W ko\\u0144cu jeste\\u015b cz\\u0142owiekiem, a \\u017caden cz\\u0142owiek nie mo\\u017ce spojrze\\u0107 na w\\u0105trob\\u0119 lub p\\u0142uco i wydoby\\u0107 z\",\"inLanguage\":\"pl-PL\",\"isPartOf\":{\"@id\":\"https:\\\/\\\/wia.net.pl\\\/#website\"},\"breadcrumb\":{\"@id\":\"https:\\\/\\\/wia.net.pl\\\/index.php\\\/2023\\\/06\\\/21\\\/toksyczne-prawdziwe-wyznania-twarzy-faszysty\\\/#breadcrumblist\"},\"author\":{\"@id\":\"https:\\\/\\\/wia.net.pl\\\/index.php\\\/author\\\/trinity\\\/#author\"},\"creator\":{\"@id\":\"https:\\\/\\\/wia.net.pl\\\/index.php\\\/author\\\/trinity\\\/#author\"},\"image\":{\"@type\":\"ImageObject\",\"url\":\"https:\\\/\\\/wia.net.pl\\\/wp-content\\\/uploads\\\/2023\\\/06\\\/pic2-12OO-600x359-2.jpg\",\"@id\":\"https:\\\/\\\/wia.net.pl\\\/index.php\\\/2023\\\/06\\\/21\\\/toksyczne-prawdziwe-wyznania-twarzy-faszysty\\\/#mainImage\",\"width\":600,\"height\":359},\"primaryImageOfPage\":{\"@id\":\"https:\\\/\\\/wia.net.pl\\\/index.php\\\/2023\\\/06\\\/21\\\/toksyczne-prawdziwe-wyznania-twarzy-faszysty\\\/#mainImage\"},\"datePublished\":\"2023-06-21T10:18:01+02:00\",\"dateModified\":\"2023-06-21T10:18:02+02:00\"},{\"@type\":\"WebSite\",\"@id\":\"https:\\\/\\\/wia.net.pl\\\/#website\",\"url\":\"https:\\\/\\\/wia.net.pl\\\/\",\"name\":\"Wolno\\u015b\\u0107 i Anarchia\",\"description\":\"Ka\\u017cdy wewn\\u0119trznie jest anarchist\\u0105.\",\"inLanguage\":\"pl-PL\",\"publisher\":{\"@id\":\"https:\\\/\\\/wia.net.pl\\\/#person\"}}]}\n\t\t<\/script>\n\t\t<!-- All in One SEO -->\n\n","aioseo_head_json":{"title":"Toksyczne prawdziwe wyznania twarzy faszysty - Wolno\u015b\u0107 i Anarchia","description":"Autor, TOBIAS LANGDON Fascynuj\u0105 mnie twarze. Po cz\u0119\u015bci dzieje si\u0119 tak dlatego, \u017ce jestem ignorantem, kt\u00f3ry musi zbiera\u0107 informacje instynktem i intuicj\u0105, a nie intelektem. Twarze s\u0105 dla mnie owocne w spos\u00f3b, w jaki wiele innych rzeczy nie. Ale te\u017c jeste\u015b ignorantem. W ko\u0144cu jeste\u015b cz\u0142owiekiem, a \u017caden cz\u0142owiek nie mo\u017ce spojrze\u0107 na w\u0105trob\u0119 lub p\u0142uco i wydoby\u0107 z","canonical_url":"https:\/\/wia.net.pl\/index.php\/2023\/06\/21\/toksyczne-prawdziwe-wyznania-twarzy-faszysty\/","robots":"max-image-preview:large","keywords":"","webmasterTools":{"miscellaneous":""},"schema":{"@context":"https:\/\/schema.org","@graph":[{"@type":"BlogPosting","@id":"https:\/\/wia.net.pl\/index.php\/2023\/06\/21\/toksyczne-prawdziwe-wyznania-twarzy-faszysty\/#blogposting","name":"Toksyczne prawdziwe wyznania twarzy faszysty - Wolno\u015b\u0107 i Anarchia","headline":"Toksyczne prawdziwe wyznania twarzy faszysty","author":{"@id":"https:\/\/wia.net.pl\/index.php\/author\/trinity\/#author"},"publisher":{"@id":"https:\/\/wia.net.pl\/#person"},"image":{"@type":"ImageObject","url":"https:\/\/wia.net.pl\/wp-content\/uploads\/2023\/06\/pic2-12OO-600x359-2.jpg","width":600,"height":359},"datePublished":"2023-06-21T10:18:01+02:00","dateModified":"2023-06-21T10:18:02+02:00","inLanguage":"pl-PL","mainEntityOfPage":{"@id":"https:\/\/wia.net.pl\/index.php\/2023\/06\/21\/toksyczne-prawdziwe-wyznania-twarzy-faszysty\/#webpage"},"isPartOf":{"@id":"https:\/\/wia.net.pl\/index.php\/2023\/06\/21\/toksyczne-prawdziwe-wyznania-twarzy-faszysty\/#webpage"},"articleSection":"Artyku\u0142y"},{"@type":"BreadcrumbList","@id":"https:\/\/wia.net.pl\/index.php\/2023\/06\/21\/toksyczne-prawdziwe-wyznania-twarzy-faszysty\/#breadcrumblist","itemListElement":[{"@type":"ListItem","@id":"https:\/\/wia.net.pl#listItem","position":1,"name":"Home","item":"https:\/\/wia.net.pl","nextItem":{"@type":"ListItem","@id":"https:\/\/wia.net.pl\/index.php\/category\/artykuly\/#listItem","name":"Artyku\u0142y"}},{"@type":"ListItem","@id":"https:\/\/wia.net.pl\/index.php\/category\/artykuly\/#listItem","position":2,"name":"Artyku\u0142y","item":"https:\/\/wia.net.pl\/index.php\/category\/artykuly\/","nextItem":{"@type":"ListItem","@id":"https:\/\/wia.net.pl\/index.php\/2023\/06\/21\/toksyczne-prawdziwe-wyznania-twarzy-faszysty\/#listItem","name":"Toksyczne prawdziwe wyznania twarzy faszysty"},"previousItem":{"@type":"ListItem","@id":"https:\/\/wia.net.pl#listItem","name":"Home"}},{"@type":"ListItem","@id":"https:\/\/wia.net.pl\/index.php\/2023\/06\/21\/toksyczne-prawdziwe-wyznania-twarzy-faszysty\/#listItem","position":3,"name":"Toksyczne prawdziwe wyznania twarzy faszysty","previousItem":{"@type":"ListItem","@id":"https:\/\/wia.net.pl\/index.php\/category\/artykuly\/#listItem","name":"Artyku\u0142y"}}]},{"@type":"Person","@id":"https:\/\/wia.net.pl\/#person","name":"Bart\u0142omiej Talarczyk","image":{"@type":"ImageObject","@id":"https:\/\/wia.net.pl\/index.php\/2023\/06\/21\/toksyczne-prawdziwe-wyznania-twarzy-faszysty\/#personImage","url":"https:\/\/wia.net.pl\/wp-content\/uploads\/avatar-privacy\/cache\/user\/1\/7\/176a6b161c58363ff49b5c167264231f519f5c7fa183ca1f61e891769b6b56d5-96.jpg","width":96,"height":96,"caption":"Bart\u0142omiej Talarczyk"}},{"@type":"Person","@id":"https:\/\/wia.net.pl\/index.php\/author\/trinity\/#author","url":"https:\/\/wia.net.pl\/index.php\/author\/trinity\/","name":"trinity","image":{"@type":"ImageObject","@id":"https:\/\/wia.net.pl\/index.php\/2023\/06\/21\/toksyczne-prawdziwe-wyznania-twarzy-faszysty\/#authorImage","url":"https:\/\/wia.net.pl\/wp-content\/uploads\/avatar-privacy\/cache\/user\/5\/f\/5f6547cf82495eaa10e100a6a45d5dbde2dfdc1be88557de2018fca705bdf6f1-96.jpg","width":96,"height":96,"caption":"trinity"}},{"@type":"WebPage","@id":"https:\/\/wia.net.pl\/index.php\/2023\/06\/21\/toksyczne-prawdziwe-wyznania-twarzy-faszysty\/#webpage","url":"https:\/\/wia.net.pl\/index.php\/2023\/06\/21\/toksyczne-prawdziwe-wyznania-twarzy-faszysty\/","name":"Toksyczne prawdziwe wyznania twarzy faszysty - Wolno\u015b\u0107 i Anarchia","description":"Autor, TOBIAS LANGDON Fascynuj\u0105 mnie twarze. Po cz\u0119\u015bci dzieje si\u0119 tak dlatego, \u017ce jestem ignorantem, kt\u00f3ry musi zbiera\u0107 informacje instynktem i intuicj\u0105, a nie intelektem. Twarze s\u0105 dla mnie owocne w spos\u00f3b, w jaki wiele innych rzeczy nie. Ale te\u017c jeste\u015b ignorantem. W ko\u0144cu jeste\u015b cz\u0142owiekiem, a \u017caden cz\u0142owiek nie mo\u017ce spojrze\u0107 na w\u0105trob\u0119 lub p\u0142uco i wydoby\u0107 z","inLanguage":"pl-PL","isPartOf":{"@id":"https:\/\/wia.net.pl\/#website"},"breadcrumb":{"@id":"https:\/\/wia.net.pl\/index.php\/2023\/06\/21\/toksyczne-prawdziwe-wyznania-twarzy-faszysty\/#breadcrumblist"},"author":{"@id":"https:\/\/wia.net.pl\/index.php\/author\/trinity\/#author"},"creator":{"@id":"https:\/\/wia.net.pl\/index.php\/author\/trinity\/#author"},"image":{"@type":"ImageObject","url":"https:\/\/wia.net.pl\/wp-content\/uploads\/2023\/06\/pic2-12OO-600x359-2.jpg","@id":"https:\/\/wia.net.pl\/index.php\/2023\/06\/21\/toksyczne-prawdziwe-wyznania-twarzy-faszysty\/#mainImage","width":600,"height":359},"primaryImageOfPage":{"@id":"https:\/\/wia.net.pl\/index.php\/2023\/06\/21\/toksyczne-prawdziwe-wyznania-twarzy-faszysty\/#mainImage"},"datePublished":"2023-06-21T10:18:01+02:00","dateModified":"2023-06-21T10:18:02+02:00"},{"@type":"WebSite","@id":"https:\/\/wia.net.pl\/#website","url":"https:\/\/wia.net.pl\/","name":"Wolno\u015b\u0107 i Anarchia","description":"Ka\u017cdy wewn\u0119trznie jest anarchist\u0105.","inLanguage":"pl-PL","publisher":{"@id":"https:\/\/wia.net.pl\/#person"}}]},"og:locale":"pl_PL","og:site_name":"Wolno\u015b\u0107 i Anarchia - Ka\u017cdy wewn\u0119trznie jest anarchist\u0105.","og:type":"article","og:title":"Toksyczne prawdziwe wyznania twarzy faszysty - Wolno\u015b\u0107 i Anarchia","og:description":"Autor, TOBIAS LANGDON Fascynuj\u0105 mnie twarze. Po cz\u0119\u015bci dzieje si\u0119 tak dlatego, \u017ce jestem ignorantem, kt\u00f3ry musi zbiera\u0107 informacje instynktem i intuicj\u0105, a nie intelektem. Twarze s\u0105 dla mnie owocne w spos\u00f3b, w jaki wiele innych rzeczy nie. Ale te\u017c jeste\u015b ignorantem. W ko\u0144cu jeste\u015b cz\u0142owiekiem, a \u017caden cz\u0142owiek nie mo\u017ce spojrze\u0107 na w\u0105trob\u0119 lub p\u0142uco i wydoby\u0107 z","og:url":"https:\/\/wia.net.pl\/index.php\/2023\/06\/21\/toksyczne-prawdziwe-wyznania-twarzy-faszysty\/","og:image":"https:\/\/wia.net.pl\/wp-content\/uploads\/2023\/11\/cropped-freedom-i73367.jpg","og:image:secure_url":"https:\/\/wia.net.pl\/wp-content\/uploads\/2023\/11\/cropped-freedom-i73367.jpg","article:published_time":"2023-06-21T08:18:01+00:00","article:modified_time":"2023-06-21T08:18:02+00:00","twitter:card":"summary_large_image","twitter:title":"Toksyczne prawdziwe wyznania twarzy faszysty - Wolno\u015b\u0107 i Anarchia","twitter:description":"Autor, TOBIAS LANGDON Fascynuj\u0105 mnie twarze. Po cz\u0119\u015bci dzieje si\u0119 tak dlatego, \u017ce jestem ignorantem, kt\u00f3ry musi zbiera\u0107 informacje instynktem i intuicj\u0105, a nie intelektem. Twarze s\u0105 dla mnie owocne w spos\u00f3b, w jaki wiele innych rzeczy nie. Ale te\u017c jeste\u015b ignorantem. W ko\u0144cu jeste\u015b cz\u0142owiekiem, a \u017caden cz\u0142owiek nie mo\u017ce spojrze\u0107 na w\u0105trob\u0119 lub p\u0142uco i wydoby\u0107 z","twitter:image":"https:\/\/wia.net.pl\/wp-content\/uploads\/2023\/11\/cropped-freedom-i73367.jpg"},"aioseo_meta_data":{"post_id":"2440","title":null,"description":null,"keywords":[],"keyphrases":{"focus":{"keyphrase":"","score":0,"analysis":{"keyphraseInTitle":{"score":0,"maxScore":9,"error":1}}},"additional":[]},"primary_term":null,"canonical_url":null,"og_title":null,"og_description":null,"og_object_type":"default","og_image_type":"default","og_image_url":null,"og_image_width":null,"og_image_height":null,"og_image_custom_url":null,"og_image_custom_fields":null,"og_video":"","og_custom_url":null,"og_article_section":null,"og_article_tags":[],"twitter_use_og":false,"twitter_card":"default","twitter_image_type":"default","twitter_image_url":null,"twitter_image_custom_url":null,"twitter_image_custom_fields":null,"twitter_title":null,"twitter_description":null,"schema":{"blockGraphs":[],"customGraphs":[],"default":{"data":{"Article":[],"Course":[],"Dataset":[],"FAQPage":[],"Movie":[],"Person":[],"Product":[],"ProductReview":[],"Car":[],"Recipe":[],"Service":[],"SoftwareApplication":[],"WebPage":[]},"graphName":"","isEnabled":true},"graphs":[]},"schema_type":"default","schema_type_options":null,"pillar_content":false,"robots_default":true,"robots_noindex":false,"robots_noarchive":false,"robots_nosnippet":false,"robots_nofollow":false,"robots_noimageindex":false,"robots_noodp":false,"robots_notranslate":false,"robots_max_snippet":"-1","robots_max_videopreview":"-1","robots_max_imagepreview":"large","priority":0,"frequency":"default","local_seo":null,"breadcrumb_settings":null,"limit_modified_date":false,"ai":null,"created":"2023-06-21 08:18:02","updated":"2025-06-04 08:13:20","seo_analyzer_scan_date":null,"focus_keyword":null,"additional_keywords":null,"truseo_locale":null},"aioseo_breadcrumb":"<div class=\"aioseo-breadcrumbs\"><span class=\"aioseo-breadcrumb\">\n\t\t\t<a href=\"https:\/\/wia.net.pl\" title=\"Home\">Home<\/a>\n\t\t<\/span><span class=\"aioseo-breadcrumb-separator\">&raquo;<\/span><span class=\"aioseo-breadcrumb\">\n\t\t\t<a href=\"https:\/\/wia.net.pl\/index.php\/category\/artykuly\/\" title=\"Artyku\u0142y\">Artyku\u0142y<\/a>\n\t\t<\/span><span class=\"aioseo-breadcrumb-separator\">&raquo;<\/span><span class=\"aioseo-breadcrumb\">\n\t\t\tToksyczne prawdziwe wyznania twarzy faszysty\n\t\t<\/span><\/div>","aioseo_breadcrumb_json":[{"label":"Home","link":"https:\/\/wia.net.pl"},{"label":"Artyku\u0142y","link":"https:\/\/wia.net.pl\/index.php\/category\/artykuly\/"},{"label":"Toksyczne prawdziwe wyznania twarzy faszysty","link":"https:\/\/wia.net.pl\/index.php\/2023\/06\/21\/toksyczne-prawdziwe-wyznania-twarzy-faszysty\/"}],"_links":{"self":[{"href":"https:\/\/wia.net.pl\/index.php\/wp-json\/wp\/v2\/posts\/2440"}],"collection":[{"href":"https:\/\/wia.net.pl\/index.php\/wp-json\/wp\/v2\/posts"}],"about":[{"href":"https:\/\/wia.net.pl\/index.php\/wp-json\/wp\/v2\/types\/post"}],"author":[{"embeddable":true,"href":"https:\/\/wia.net.pl\/index.php\/wp-json\/wp\/v2\/users\/2"}],"replies":[{"embeddable":true,"href":"https:\/\/wia.net.pl\/index.php\/wp-json\/wp\/v2\/comments?post=2440"}],"version-history":[{"count":1,"href":"https:\/\/wia.net.pl\/index.php\/wp-json\/wp\/v2\/posts\/2440\/revisions"}],"predecessor-version":[{"id":2443,"href":"https:\/\/wia.net.pl\/index.php\/wp-json\/wp\/v2\/posts\/2440\/revisions\/2443"}],"wp:featuredmedia":[{"embeddable":true,"href":"https:\/\/wia.net.pl\/index.php\/wp-json\/wp\/v2\/media\/2442"}],"wp:attachment":[{"href":"https:\/\/wia.net.pl\/index.php\/wp-json\/wp\/v2\/media?parent=2440"}],"wp:term":[{"taxonomy":"category","embeddable":true,"href":"https:\/\/wia.net.pl\/index.php\/wp-json\/wp\/v2\/categories?post=2440"},{"taxonomy":"post_tag","embeddable":true,"href":"https:\/\/wia.net.pl\/index.php\/wp-json\/wp\/v2\/tags?post=2440"}],"curies":[{"name":"wp","href":"https:\/\/api.w.org\/{rel}","templated":true}]}}