{"id":2447,"date":"2023-06-21T11:00:06","date_gmt":"2023-06-21T09:00:06","guid":{"rendered":"https:\/\/wia.net.pl\/?p=2447"},"modified":"2023-06-21T11:00:06","modified_gmt":"2023-06-21T09:00:06","slug":"niezalezna-ekspedycja-nord-stream-odkrywa-trop-przeoczony-przez-oficjalnych-sledczych","status":"publish","type":"post","link":"https:\/\/wia.net.pl\/index.php\/2023\/06\/21\/niezalezna-ekspedycja-nord-stream-odkrywa-trop-przeoczony-przez-oficjalnych-sledczych\/","title":{"rendered":"Niezale\u017cna ekspedycja Nord Stream odkrywa trop przeoczony przez oficjalnych \u015bledczych"},"content":{"rendered":"\n<p>Niezale\u017cna ekspedycja Nord Stream odkrywa trop przeoczony przez oficjalnych \u015bledczych<\/p>\n\n\n\n<p>Autor, <strong><a href=\"https:\/\/thegrayzone.com\/author\/jeffrey-brodsky\/\">JEFFREY BRODSKY<\/a>\u00b7JUNE 5, 2023<\/strong><\/p>\n\n\n\n<figure class=\"wp-block-image size-large\"><img loading=\"lazy\" decoding=\"async\" width=\"1024\" height=\"580\" src=\"https:\/\/wia.net.pl\/wp-content\/uploads\/2023\/06\/BOOT-1024x580.webp\" alt=\"\" class=\"wp-image-2448\" srcset=\"https:\/\/wia.net.pl\/wp-content\/uploads\/2023\/06\/BOOT-1024x580.webp 1024w, https:\/\/wia.net.pl\/wp-content\/uploads\/2023\/06\/BOOT-300x170.webp 300w, https:\/\/wia.net.pl\/wp-content\/uploads\/2023\/06\/BOOT-768x435.webp 768w, https:\/\/wia.net.pl\/wp-content\/uploads\/2023\/06\/BOOT-1536x870.webp 1536w, https:\/\/wia.net.pl\/wp-content\/uploads\/2023\/06\/BOOT.webp 1666w\" sizes=\"(max-width: 1024px) 100vw, 1024px\" \/><\/figure>\n\n\n\n<h3 class=\"wp-block-heading\"><strong>Szara Strefa uczestniczy\u0142a w czym\u015b, co wydaje si\u0119 by\u0107 pierwsz\u0105 niezale\u017cn\u0105 ekspedycj\u0105 badaj\u0105c\u0105 sabota\u017c ruroci\u0105g\u00f3w Nord Stream.&nbsp;W pobli\u017cu jednego z miejsc wybuchu odkryli\u015bmy but nurkowy u\u017cywany przez nurk\u00f3w US Navy.&nbsp;Jak szwedzcy \u015bledczy to przegapili?<\/strong><\/h3>\n\n\n\n<p><em>Wideo powy\u017cej autorstwa Agnes Andersson<\/em><\/p>\n\n\n\n<p>Wieczorem 24 maja 2023 roku sta\u0142em na pok\u0142adzie ma\u0142ego statku o nazwie&nbsp;<em>Baltic Explorer<\/em>&nbsp;.&nbsp;Gdy s\u0142o\u0144ce wci\u0105\u017c by\u0142o wysoko nad Ba\u0142tykiem, nasza&nbsp;<a href=\"https:\/\/www.pdyk.se\/\">\u0142\u00f3d\u017a<\/a>&nbsp;sta\u0142a zakotwiczona trzydzie\u015bci jeden mil morskich od wybrze\u017cy Danii, bezpo\u015brednio nad p\u0119kni\u0119tym ruroci\u0105giem Nord Stream 2 w wy\u0142\u0105cznej strefie ekonomicznej Szwecji.<\/p>\n\n\n\n<p>Przez kilka minut wpatrywa\u0142em si\u0119 w przekaz wideo na \u017cywo z podwodnego drona, pokazuj\u0105cy nigdy wcze\u015bniej nie widziany materia\u0142 filmowy z p\u0119kni\u0119\u0107 ruroci\u0105gu.&nbsp;Nagle na ekranie pojawi\u0142 si\u0119 dziwny obiekt.&nbsp;By\u0142 to czarno-pomara\u0144czowy but nurka.<\/p>\n\n\n\n<p>Grayzone zidentyfikowa\u0142 model, kt\u00f3ry bardzo przypomina ten but i jest u\u017cywany zar\u00f3wno przez marynark\u0119 wojenn\u0105 Stan\u00f3w Zjednoczonych, jak i przez nurk\u00f3w komercyjnych.&nbsp;Nurkowie ukrai\u0144skiej marynarki wojennej r\u00f3wnie\u017c byli widziani w podobnych butach.&nbsp;<\/p>\n\n\n\n<p>Dowiedzieli\u015bmy si\u0119 r\u00f3wnie\u017c, \u017ce obecno\u015b\u0107 buta zosta\u0142a wcze\u015bniej zg\u0142oszona \u015bledczym, ale go nie zabrali ani nie ujawnili jego istnienia.&nbsp;<\/p>\n\n\n\n<p><em>Film buta sfilmowany dronem z Baltic Explorer.<\/em><\/p>\n\n\n\n<h3 class=\"wp-block-heading\">Nowy trop na dnie Ba\u0142tyku<\/h3>\n\n\n\n<p>To, co wydarzy\u0142o si\u0119 26 wrze\u015bnia 2022 r., zburzy\u0142o spokojn\u0105 atmosfer\u0119, jaka zwykle panuje nad Ba\u0142tykiem.&nbsp;Tego dnia, gdy wojna na Ukrainie si\u0119 pog\u0142\u0119bia\u0142a, cztery eksplozje spowodowa\u0142y p\u0119kni\u0119cie wartych 23 miliardy dolar\u00f3w ruroci\u0105g\u00f3w Nord Stream 1 i 2, kt\u00f3rymi transportowano gaz ziemny z Rosji do Europy.&nbsp;By\u0142 to najpowa\u017cniejszy akt sabota\u017cu przemys\u0142owego w historii ludzko\u015bci, kt\u00f3ry odci\u0105\u0142 g\u0142\u00f3wn\u0105 arteri\u0119 dostarczaj\u0105c\u0105 przyst\u0119pn\u0105 cenowo energi\u0119 z Rosji do Niemiec \u2013 tani\u0105 energi\u0119, kt\u00f3ra mia\u0142a kluczowe znaczenie dla utrzymania niemieckiej bazy przemys\u0142owej.<\/p>\n\n\n\n<p>Nord Stream 1 i Nord Stream 2 sk\u0142adaj\u0105 si\u0119 z dw\u00f3ch rur.&nbsp;Trzy z nich p\u0119k\u0142y.&nbsp;Jedna nitka Nord Stream 2 pozostaje nienaruszona.<\/p>\n\n\n\n<p>Szwecja, Dania i Niemcy przeprowadzi\u0142y \u015bledztwo, ale z wyj\u0105tkiem wczesnej szwedzkiej oceny, \u017ce eksplozje by\u0142y prawdopodobnie spowodowane \u201epowa\u017cnym sabota\u017cem\u201d, ich ustalenia nie zosta\u0142y jeszcze opublikowane.<\/p>\n\n\n\n<p>Teraz, ponad osiem miesi\u0119cy p\u00f3\u017aniej, ujawniono now\u0105 wskaz\u00f3wk\u0119 w jednej z najpilniejszych zagadek geopolitycznych stulecia.<\/p>\n\n\n\n<p>Buty zauwa\u017cone podczas naszej ekspedycji s\u0105 uderzaj\u0105co podobne do but\u00f3w noszonych przez nurk\u00f3w&nbsp;<a href=\"https:\/\/www.history.navy.mil\/content\/history\/museums\/undersea\/explore\/exhibits\/online\/the-skin-theyre-in\/skins-navy-divers-work-in.html\">US Navy<\/a>&nbsp;.<\/p>\n\n\n\n<p><a href=\"https:\/\/www.alamy.com\/stock-photo-150902-n-fq994-026-odesa-ukraine-sept-2-2015-ukrainian-navy-diver-101101148.html?imageid=2C21AD28-686C-49CC-A733-2D952FE1507F&amp;p=332668&amp;pn=1&amp;searchId=61d747bfab751c7d82f24500b7a0e431&amp;searchtype=0\">Ukrai\u0144scy&nbsp;<\/a><a href=\"https:\/\/www.militarynews.com\/norfolk-navy-flagship\/news\/from_the_fleet\/navy-divers-from-denmark-ukraine-and-u-s-participate-in-sea-breeze-2011\/article_7d9e8321-dbbc-5300-a347-860a70d01897.html\">nurkowie Marynarki Wojennej<\/a>&nbsp;wyszkoleni w USA&nbsp;r\u00f3wnie\u017c zostali zauwa\u017ceni przy u\u017cyciu tego samego modelu lub praktycznie identycznego.&nbsp;Nale\u017cy jednak zauwa\u017cy\u0107, \u017ce buty o&nbsp;<a href=\"https:\/\/www.gravityzero.it\/en\/safety-over-boot\/\">podobnym wygl\u0105dzie<\/a>&nbsp;wydaj\u0105 si\u0119 by\u0107 r\u00f3wnie\u017c dost\u0119pne w handlu.<a href=\"https:\/\/www.militarynews.com\/norfolk-navy-flagship\/news\/from_the_fleet\/navy-divers-from-denmark-ukraine-and-u-s-participate-in-sea-breeze-2011\/article_7d9e8321-dbbc-5300-a347-860a70d01897.html\"><\/a><a href=\"https:\/\/www.gravityzero.it\/en\/safety-over-boot\/\"><\/a><\/p>\n\n\n\n<p>Czy to daje wskaz\u00f3wk\u0119 co do to\u017csamo\u015bci sprawc\u00f3w ataku na Nord Stream?&nbsp;Oczywi\u015bcie wymagane jest dalsze badanie pochodzenia buta, ale jego lokalizacja i marka wydaj\u0105 si\u0119 by\u0107 znacz\u0105ce.&nbsp;<\/p>\n\n\n\n<p>Pod koniec maja&nbsp;szwedzki in\u017cynier&nbsp;<a href=\"https:\/\/twitter.com\/Erkperk\">Erik Andersson<\/a>&nbsp;&nbsp;uzyska\u0142 dost\u0119p do miejsc wybuchu wzd\u0142u\u017c obu ruroci\u0105g\u00f3w Nord Stream 1 i 2, w obu wy\u0142\u0105cznych strefach ekonomicznych Szwecji i Danii.&nbsp;W trakcie naszej ekspedycji do miejsc wybuchu&nbsp;Grayzone&nbsp;uzyska\u0142o obrazy sonaru oraz zdj\u0119cia i filmy z podwodnego drona, kt\u00f3re nigdy wcze\u015bniej nie by\u0142y pokazywane opinii publicznej.<\/p>\n\n\n\n<p>O wyprawie powiadomiono szwedzkie i du\u0144skie w\u0142adze morskie.&nbsp;Jako \u015brodek zapobiegawczy organizator wyprawy z\u0142o\u017cy\u0142 wniosek do Szwedzkiego Urz\u0119du Obrony o pozwolenie na publikacj\u0119 nigdy wcze\u015bniej nie widzianych obraz\u00f3w sonaru o wysokiej rozdzielczo\u015bci.<\/p>\n\n\n\n<figure class=\"wp-block-image\" id=\"attachment_90522\"><img decoding=\"async\" src=\"https:\/\/i0.wp.com\/thegrayzone.com\/wp-content\/uploads\/2023\/06\/Screen-Shot-2023-06-05-at-1.23.31-AM.png?resize=1170%2C753&amp;ssl=1\" alt=\"\" class=\"wp-image-90522\"\/><figcaption class=\"wp-element-caption\">Ryc. 1. Trasa Baltic Explorer, \u0142odzi ekspedycji.&nbsp;Czerwone symbole wskazuj\u0105 miejsca wybuchu Nord Stream.&nbsp;\u017ar\u00f3d\u0142o: MarineTraffic.<\/figcaption><\/figure>\n\n\n\n<p>But zosta\u0142 zauwa\u017cony oko\u0142o pi\u0119ciu metr\u00f3w od ma\u0142ego wycieku w ruroci\u0105gu Nord Stream 2 w szwedzkiej wy\u0142\u0105cznej strefie ekonomicznej.&nbsp;Kilka minut przed godzin\u0105 19:00 24 maja 2023 r. dostrzeg\u0142 go podwodny dron naszej ekspedycji.<\/p>\n\n\n\n<figure class=\"wp-block-image\" id=\"attachment_90519\"><img decoding=\"async\" src=\"https:\/\/i0.wp.com\/thegrayzone.com\/wp-content\/uploads\/2023\/06\/BOOT.jpg?resize=1170%2C663&amp;ssl=1\" alt=\"\" class=\"wp-image-90519\"\/><figcaption class=\"wp-element-caption\">Ryc. 2 But wykryty przez drona ekspedycji.<\/figcaption><\/figure>\n\n\n\n<p>Nie wiadomo, jak d\u0142ugo but by\u0142 ods\u0142oni\u0119ty na dnie morskim (jak wida\u0107 na ryc. 2).&nbsp;Andersson, organizator wyprawy, uwa\u017ca, \u017ce \u200b\u200bmo\u017cliwe, \u017ce but by\u0142 wcze\u015bniej pokryty osadem lub b\u0142otem, kt\u00f3re mog\u0142y zosta\u0107 przeniesione przez podwodne pr\u0105dy lub podmuchy.&nbsp;W przeciwnym razie nie jest jasne, w jaki spos\u00f3b \u015bledczy mogli to przeoczy\u0107.<\/p>\n\n\n\n<p>But do z\u0142udzenia przypomina&nbsp;<a href=\"https:\/\/www.ndiver-commercial.com\/safety-over-boots-2\">overboot Thor diver<\/a>&nbsp;wyprodukowany przez brytyjsk\u0105 firm\u0119 Northern Diver, kt\u00f3rej produkty s\u0105 wytwarzane w Chinach.<\/p>\n\n\n\n<p>\u201eTo wygl\u0105da jak overboot Thora\u201d \u2014 stwierdzi\u0142 Neil Tordoff, dyrektor ds. sprzeda\u017cy wojskowej i handlowej w Northern Diver, po obejrzeniu zdj\u0119cia buta przes\u0142anego przez&nbsp;The Grayzone&nbsp;<em>.&nbsp;<\/em>&nbsp;\u201eNie mog\u0119 by\u0107 w 100% pewien\u201d.<\/p>\n\n\n\n<p>Tordoff powiedzia\u0142, \u017ce Northern Diver nie produkuje ju\u017c tego buta z powodu zak\u0142\u00f3ce\u0144 w produkcji spowodowanych pandemi\u0105 Covid-19.<\/p>\n\n\n\n<p>\u201eJe\u015bli to Thor na butach, by\u0142 u\u017cywany i nadal jest u\u017cywany w przemy\u015ble naftowym i gazowym dla nurk\u00f3w.&nbsp;Jest cz\u0119\u015bci\u0105 suchego skafandra do nurkowania, kt\u00f3ry normalnie by\u0142by u\u017cywany w zanieczyszczonej wodzie, aby zapewni\u0107 nurkowi bezpiecze\u0144stwo\u201d \u2013 wyja\u015bni\u0142 Tordoff.<\/p>\n\n\n\n<p>\u201eTen przedmiot jest u\u017cywany na ca\u0142ym \u015bwiecie\u201d \u2013 doda\u0142.<\/p>\n\n\n\n<p>W\u0142a\u015bcicielem buta m\u00f3g\u0142 by\u0107 nurek, kt\u00f3ry zgubi\u0142 go podczas podk\u0142adania bomb.&nbsp;Alternatywnie, but mo\u017ce nale\u017ce\u0107 do nurka, kt\u00f3remu nakazano powr\u00f3t na miejsce zbrodni, aby odzyska\u0107 niewybuch przeznaczony dla nienaruszonej linii Nord Stream 2 \u2013 teoria&nbsp;<a href=\"https:\/\/scheerpost.com\/2023\/04\/05\/seymour-hersh-the-nord-stream-ghost-ship\/\">zaproponowana<\/a>&nbsp;przez Seymoura Hersha&nbsp;.&nbsp;A mo\u017ce nale\u017ca\u0142 do komercyjnego nurka.&nbsp;<\/p>\n\n\n\n<figure class=\"wp-block-image\" id=\"attachment_90520\"><img decoding=\"async\" src=\"https:\/\/i0.wp.com\/thegrayzone.com\/wp-content\/uploads\/2023\/06\/Screen-Shot-2023-06-05-at-1.18.25-AM.png?resize=1170%2C504&amp;ssl=1\" alt=\"\" class=\"wp-image-90520\"\/><figcaption class=\"wp-element-caption\">Ryc. 3. Nurek Marynarki Wojennej Stan\u00f3w Zjednoczonych w butach podczas \u0107wicze\u0144.<\/figcaption><\/figure>\n\n\n\n<p>Organizator wyprawy, Andersson, skontaktowa\u0142 si\u0119 z firm\u0105 Nord Stream 2 AG (NS2 AG) z zapytaniem o but.&nbsp;Przedstawiciel firmy potwierdzi\u0142 obecno\u015b\u0107 obiektu.<\/p>\n\n\n\n<p>\u201eOdby\u0142em d\u0142ug\u0105 rozmow\u0119 [z NS2 AG 30 maja]\u201d, wyja\u015bni\u0142 Andersson.&nbsp;\u201eWyra\u017anie zaprzeczaj\u0105, \u017ce kiedykolwiek w okolicy by\u0142o nurkowanie w celu budowy lub konserwacji rur\u201d.<\/p>\n\n\n\n<p>Andersson zosta\u0142 r\u00f3wnie\u017c poinformowany przez NS2 AG, \u017ce firma \u201eodkry\u0142a but w lutym i zg\u0142osi\u0142a to szwedzkim \u015bledczym\u201d.&nbsp;<\/p>\n\n\n\n<figure class=\"wp-block-image\" id=\"attachment_90521\"><img decoding=\"async\" src=\"https:\/\/i0.wp.com\/thegrayzone.com\/wp-content\/uploads\/2023\/06\/Screen-Shot-2023-06-05-at-1.22.12-AM.png?resize=1170%2C500&amp;ssl=1\" alt=\"\" class=\"wp-image-90521\"\/><figcaption class=\"wp-element-caption\">Ryc. 4. Zbli\u017cenie buta nurka Marynarki Wojennej Stan\u00f3w Zjednoczonych (po lewej) i buta zauwa\u017conego podczas ekspedycji (po prawej).<\/figcaption><\/figure>\n\n\n\n<p>HMS&nbsp;<em>Belos<\/em>&nbsp;, okr\u0119t podwodny ratowniczo-nurkowy szwedzkiej marynarki wojennej,&nbsp;<a href=\"https:\/\/www.euractiv.com\/section\/energy\/news\/sweden-sends-diving-vessel-to-probe-leaking-nord-stream-pipelines\/\">przeszukiwa\u0142<\/a>&nbsp;miejsca wycieku w pa\u017adzierniku 2022 r. Przez ponad osiem godzin, w dwa oddzielne dni, na pocz\u0105tku i pod koniec pa\u017adziernika, statek sta\u0142 nieruchomo nad miejscem, w kt\u00f3rym dosz\u0142o do wycieku. but zosta\u0142 zauwa\u017cony.<\/p>\n\n\n\n<p>Dlaczego szwedzcy \u015bledczy zaniedbali odebranie buta, a nawet nie wspomnieli o tym w \u017cadnym ze swoich publicznych o\u015bwiadcze\u0144?&nbsp;W momencie publikacji Grayzone nie otrzyma\u0142o odpowiedzi na e-mail z pro\u015bb\u0105 o wyja\u015bnienia.<\/p>\n\n\n\n<p>\u0179r\u00f3d\u0142o maj\u0105ce kontakt z The Grayzone rozmawia\u0142o z nurkiem&nbsp;<em>z Belos<\/em>&nbsp;, kt\u00f3ry zaprzeczy\u0142, jakoby but by\u0142 noszony przez kt\u00f3regokolwiek z ich nurk\u00f3w.&nbsp;Nurek podobno powiedzia\u0142, \u017ce mo\u017cliwe jest, \u017ce jego u\u017cytkownik m\u00f3g\u0142 nie zauwa\u017cy\u0107 jego braku.<\/p>\n\n\n\n<p>Nurek&nbsp;<em>Belos<\/em>&nbsp;zaanga\u017cowany w szwedzkie \u015bledztwo i przedstawiciele NS2 AG twierdz\u0105, \u017ce nie odegrali \u017cadnej roli w wygl\u0105dzie buta.&nbsp;<\/p>\n\n\n\n<h3 class=\"wp-block-heading\">Kto zbombardowa\u0142 Nord Stream?<\/h3>\n\n\n\n<p>W lutym tego roku do\u015bwiadczony dziennikarz \u015bledczy Seymour Hersh&nbsp;<a href=\"https:\/\/seymourhersh.substack.com\/p\/how-america-took-out-the-nord-stream\">powo\u0142a\u0142 si\u0119 na<\/a>&nbsp;\u201e&nbsp;\u017ar\u00f3d\u0142o maj\u0105ce bezpo\u015bredni\u0105 wiedz\u0119 na temat planowania operacyjnego\u201d&nbsp;tajnej operacji prowadzonej przez CIA we wsp\u00f3\u0142pracy z Norwegi\u0105, kluczowym pa\u0144stwem partnerskim NATO, maj\u0105cej na celu zniszczenie ruroci\u0105gu Nord Stream.&nbsp;Garstka samozwa\u0144czych badaczy wywiadu open source (OSINT) twierdzi\u0142a, \u017ce \u200b\u200b\u201eobali\u0142a\u201d rewelacje zawarte w raporcie Hersha, ale od tego czasu sta\u0142o si\u0119 jasne, \u017ce niekt\u00f3re z twierdze\u0144 pocz\u0105tkowo wysuni\u0119tych przez badaczy OSINT mog\u0142y by\u0107&nbsp;<a href=\"https:\/\/t.co\/v6AWnOTzkq\">przesadzone<\/a>&nbsp;.<\/p>\n\n\n\n<p>Szwedzki&nbsp;<em>Expressen&nbsp;<\/em><a href=\"https:\/\/www.expressen.se\/nyheter\/misstankta-sparen-fran-sabotaget-mot-nord-stream\/\">poinformowa\u0142<\/a>&nbsp;w maju 2023 r., \u017ce znaczenie obserwowanych rosyjskich statk\u00f3w zosta\u0142o \u201eodrzucone\u201d i \u201enie jest ju\u017c uwa\u017cane za interesuj\u0105ce dla niemieckich \u015bledczych\u201d.&nbsp;Wed\u0142ug&nbsp;<em>Expressena<\/em>&nbsp;\u201epozycje statk\u00f3w zosta\u0142y zmapowane i nale\u017cy stwierdzi\u0107, \u017ce nie znajdowa\u0142y si\u0119 one w takim miejscu, w kt\u00f3rym mog\u0142yby dokona\u0107 czynu\u201d.<\/p>\n\n\n\n<p>Na razie niemieccy \u015bledczy wydaj\u0105 si\u0119 by\u0107 skupieni na Andromedzie&nbsp;<em>,<\/em>&nbsp;prywatnym jachcie, kt\u00f3ry,&nbsp;<a href=\"https:\/\/novayagazeta.eu\/articles\/2023\/03\/14\/spiegel-andromeda-yacht-allegedly-used-in-attack-on-nord-stream-gas-pipelines-docked-in-former-east-germany-military-base-en-news\">jak podejrzewaj\u0105<\/a>&nbsp;, zosta\u0142 wynaj\u0119ty przez niewielki zesp\u00f3\u0142 proukrai\u0144skich bojownik\u00f3w do transportu materia\u0142\u00f3w wybuchowych do ruroci\u0105gu Nord Stream.&nbsp;<\/p>\n\n\n\n<p>Dzi\u0119ki naszej ekspedycji na miejsca ataku na ruroci\u0105g Nord Stream,&nbsp;The Grayzone&nbsp;uzyska\u0142o zdj\u0119cia i filmy, kt\u00f3re nigdy nie by\u0142y pokazywane opinii publicznej.&nbsp;Obrazy sonarowe oraz filmy i obrazy z podwodnego drona mog\u0105 da\u0107 wgl\u0105d w ilo\u015b\u0107 materia\u0142\u00f3w wybuchowych u\u017cytych w sabota\u017cu i ich rozmieszczenie.&nbsp;<\/p>\n\n\n\n<p>Na razie zastanawiamy si\u0119, dlaczego szwedzcy \u015bledczy nie wykazali jeszcze publicznie \u017cadnego zainteresowania butem znalezionym w pobli\u017cu miejsca wybuchu Nord Stream.\u00a0Dopiero oka\u017ce si\u0119, czy przedmiot mo\u017ce stanowi\u0107 wskaz\u00f3wk\u0119 co do to\u017csamo\u015bci sprawc\u00f3w ataku.<\/p>\n\n\n\n<p>Wi\u0119cej na<\/p>\n\n\n\n<p>Link https:\/\/thegrayzone.com\/2023\/06\/05\/nord-stream-expedition-official-investigators\/<\/p>\n","protected":false},"excerpt":{"rendered":"<p>Niezale\u017cna ekspedycja Nord Stream odkrywa trop przeoczony przez oficjalnych \u015bledczych Autor, JEFFREY BRODSKY\u00b7JUNE 5, 2023 Szara Strefa uczestniczy\u0142a w czym\u015b, co wydaje si\u0119 by\u0107 pierwsz\u0105 niezale\u017cn\u0105 ekspedycj\u0105 badaj\u0105c\u0105 sabota\u017c ruroci\u0105g\u00f3w Nord Stream.&nbsp;W pobli\u017cu jednego z miejsc wybuchu odkryli\u015bmy but nurkowy&#8230; <\/p>\n","protected":false},"author":2,"featured_media":2448,"comment_status":"open","ping_status":"open","sticky":false,"template":"","format":"standard","meta":{"_acf_changed":false,"_bbp_topic_count":0,"_bbp_reply_count":0,"_bbp_total_topic_count":0,"_bbp_total_reply_count":0,"_bbp_voice_count":0,"_bbp_anonymous_reply_count":0,"_bbp_topic_count_hidden":0,"_bbp_reply_count_hidden":0,"_bbp_forum_subforum_count":0,"om_disable_all_campaigns":false,"_monsterinsights_skip_tracking":false,"footnotes":""},"categories":[93],"tags":[],"class_list":["post-2447","post","type-post","status-publish","format-standard","has-post-thumbnail","hentry","category-artykuly"],"acf":[],"aioseo_notices":[],"aioseo_head":"\n\t\t<!-- All in One SEO 5.0.1.1 - aioseo.com -->\n\t<meta name=\"description\" content=\"Niezale\u017cna ekspedycja Nord Stream odkrywa trop przeoczony przez oficjalnych \u015bledczych Autor, JEFFREY BRODSKY\u00b7JUNE 5, 2023 Szara Strefa uczestniczy\u0142a w czym\u015b, co wydaje si\u0119 by\u0107 pierwsz\u0105 niezale\u017cn\u0105 ekspedycj\u0105 badaj\u0105c\u0105 sabota\u017c ruroci\u0105g\u00f3w Nord Stream. W pobli\u017cu jednego z miejsc wybuchu odkryli\u015bmy but nurkowy u\u017cywany przez nurk\u00f3w US Navy. Jak szwedzcy \u015bledczy to przegapili? Wideo powy\u017cej autorstwa Agnes Andersson Wieczorem\" \/>\n\t<meta name=\"robots\" content=\"max-image-preview:large\" \/>\n\t<meta name=\"author\" content=\"trinity\"\/>\n\t<link rel=\"canonical\" href=\"https:\/\/wia.net.pl\/index.php\/2023\/06\/21\/niezalezna-ekspedycja-nord-stream-odkrywa-trop-przeoczony-przez-oficjalnych-sledczych\/\" \/>\n\t<meta name=\"generator\" content=\"All in One SEO (AIOSEO) 5.0.1.1\" \/>\n\t\t<meta property=\"og:locale\" content=\"pl_PL\" \/>\n\t\t<meta property=\"og:site_name\" content=\"Wolno\u015b\u0107 i Anarchia - Ka\u017cdy wewn\u0119trznie jest anarchist\u0105.\" \/>\n\t\t<meta property=\"og:type\" content=\"article\" \/>\n\t\t<meta property=\"og:title\" content=\"Niezale\u017cna ekspedycja Nord Stream odkrywa trop przeoczony przez oficjalnych \u015bledczych - Wolno\u015b\u0107 i Anarchia\" \/>\n\t\t<meta property=\"og:description\" content=\"Niezale\u017cna ekspedycja Nord Stream odkrywa trop przeoczony przez oficjalnych \u015bledczych Autor, JEFFREY BRODSKY\u00b7JUNE 5, 2023 Szara Strefa uczestniczy\u0142a w czym\u015b, co wydaje si\u0119 by\u0107 pierwsz\u0105 niezale\u017cn\u0105 ekspedycj\u0105 badaj\u0105c\u0105 sabota\u017c ruroci\u0105g\u00f3w Nord Stream. W pobli\u017cu jednego z miejsc wybuchu odkryli\u015bmy but nurkowy u\u017cywany przez nurk\u00f3w US Navy. Jak szwedzcy \u015bledczy to przegapili? Wideo powy\u017cej autorstwa Agnes Andersson Wieczorem\" \/>\n\t\t<meta property=\"og:url\" content=\"https:\/\/wia.net.pl\/index.php\/2023\/06\/21\/niezalezna-ekspedycja-nord-stream-odkrywa-trop-przeoczony-przez-oficjalnych-sledczych\/\" \/>\n\t\t<meta property=\"og:image\" content=\"https:\/\/wia.net.pl\/wp-content\/uploads\/2023\/11\/cropped-freedom-i73367.jpg\" \/>\n\t\t<meta property=\"og:image:secure_url\" content=\"https:\/\/wia.net.pl\/wp-content\/uploads\/2023\/11\/cropped-freedom-i73367.jpg\" \/>\n\t\t<meta property=\"article:published_time\" content=\"2023-06-21T09:00:06+00:00\" \/>\n\t\t<meta property=\"article:modified_time\" content=\"2023-06-21T09:00:06+00:00\" \/>\n\t\t<meta name=\"twitter:card\" content=\"summary_large_image\" \/>\n\t\t<meta name=\"twitter:title\" content=\"Niezale\u017cna ekspedycja Nord Stream odkrywa trop przeoczony przez oficjalnych \u015bledczych - Wolno\u015b\u0107 i Anarchia\" \/>\n\t\t<meta name=\"twitter:description\" content=\"Niezale\u017cna ekspedycja Nord Stream odkrywa trop przeoczony przez oficjalnych \u015bledczych Autor, JEFFREY BRODSKY\u00b7JUNE 5, 2023 Szara Strefa uczestniczy\u0142a w czym\u015b, co wydaje si\u0119 by\u0107 pierwsz\u0105 niezale\u017cn\u0105 ekspedycj\u0105 badaj\u0105c\u0105 sabota\u017c ruroci\u0105g\u00f3w Nord Stream. W pobli\u017cu jednego z miejsc wybuchu odkryli\u015bmy but nurkowy u\u017cywany przez nurk\u00f3w US Navy. Jak szwedzcy \u015bledczy to przegapili? Wideo powy\u017cej autorstwa Agnes Andersson Wieczorem\" \/>\n\t\t<meta name=\"twitter:image\" content=\"https:\/\/wia.net.pl\/wp-content\/uploads\/2023\/11\/cropped-freedom-i73367.jpg\" \/>\n\t\t<script type=\"application\/ld+json\" class=\"aioseo-schema\">\n\t\t\t{\"@context\":\"https:\\\/\\\/schema.org\",\"@graph\":[{\"@type\":\"BlogPosting\",\"@id\":\"https:\\\/\\\/wia.net.pl\\\/index.php\\\/2023\\\/06\\\/21\\\/niezalezna-ekspedycja-nord-stream-odkrywa-trop-przeoczony-przez-oficjalnych-sledczych\\\/#blogposting\",\"name\":\"Niezale\\u017cna ekspedycja Nord Stream odkrywa trop przeoczony przez oficjalnych \\u015bledczych - Wolno\\u015b\\u0107 i Anarchia\",\"headline\":\"Niezale\\u017cna ekspedycja Nord Stream odkrywa trop przeoczony przez oficjalnych \\u015bledczych\",\"author\":{\"@id\":\"https:\\\/\\\/wia.net.pl\\\/index.php\\\/author\\\/trinity\\\/#author\"},\"publisher\":{\"@id\":\"https:\\\/\\\/wia.net.pl\\\/#person\"},\"image\":{\"@type\":\"ImageObject\",\"url\":\"https:\\\/\\\/wia.net.pl\\\/wp-content\\\/uploads\\\/2023\\\/06\\\/BOOT.webp\",\"width\":1666,\"height\":944},\"datePublished\":\"2023-06-21T11:00:06+02:00\",\"dateModified\":\"2023-06-21T11:00:06+02:00\",\"inLanguage\":\"pl-PL\",\"mainEntityOfPage\":{\"@id\":\"https:\\\/\\\/wia.net.pl\\\/index.php\\\/2023\\\/06\\\/21\\\/niezalezna-ekspedycja-nord-stream-odkrywa-trop-przeoczony-przez-oficjalnych-sledczych\\\/#webpage\"},\"isPartOf\":{\"@id\":\"https:\\\/\\\/wia.net.pl\\\/index.php\\\/2023\\\/06\\\/21\\\/niezalezna-ekspedycja-nord-stream-odkrywa-trop-przeoczony-przez-oficjalnych-sledczych\\\/#webpage\"},\"articleSection\":\"Artyku\\u0142y\"},{\"@type\":\"BreadcrumbList\",\"@id\":\"https:\\\/\\\/wia.net.pl\\\/index.php\\\/2023\\\/06\\\/21\\\/niezalezna-ekspedycja-nord-stream-odkrywa-trop-przeoczony-przez-oficjalnych-sledczych\\\/#breadcrumblist\",\"itemListElement\":[{\"@type\":\"ListItem\",\"@id\":\"https:\\\/\\\/wia.net.pl#listItem\",\"position\":1,\"name\":\"Home\",\"item\":\"https:\\\/\\\/wia.net.pl\",\"nextItem\":{\"@type\":\"ListItem\",\"@id\":\"https:\\\/\\\/wia.net.pl\\\/index.php\\\/category\\\/artykuly\\\/#listItem\",\"name\":\"Artyku\\u0142y\"}},{\"@type\":\"ListItem\",\"@id\":\"https:\\\/\\\/wia.net.pl\\\/index.php\\\/category\\\/artykuly\\\/#listItem\",\"position\":2,\"name\":\"Artyku\\u0142y\",\"item\":\"https:\\\/\\\/wia.net.pl\\\/index.php\\\/category\\\/artykuly\\\/\",\"nextItem\":{\"@type\":\"ListItem\",\"@id\":\"https:\\\/\\\/wia.net.pl\\\/index.php\\\/2023\\\/06\\\/21\\\/niezalezna-ekspedycja-nord-stream-odkrywa-trop-przeoczony-przez-oficjalnych-sledczych\\\/#listItem\",\"name\":\"Niezale\\u017cna ekspedycja Nord Stream odkrywa trop przeoczony przez oficjalnych \\u015bledczych\"},\"previousItem\":{\"@type\":\"ListItem\",\"@id\":\"https:\\\/\\\/wia.net.pl#listItem\",\"name\":\"Home\"}},{\"@type\":\"ListItem\",\"@id\":\"https:\\\/\\\/wia.net.pl\\\/index.php\\\/2023\\\/06\\\/21\\\/niezalezna-ekspedycja-nord-stream-odkrywa-trop-przeoczony-przez-oficjalnych-sledczych\\\/#listItem\",\"position\":3,\"name\":\"Niezale\\u017cna ekspedycja Nord Stream odkrywa trop przeoczony przez oficjalnych \\u015bledczych\",\"previousItem\":{\"@type\":\"ListItem\",\"@id\":\"https:\\\/\\\/wia.net.pl\\\/index.php\\\/category\\\/artykuly\\\/#listItem\",\"name\":\"Artyku\\u0142y\"}}]},{\"@type\":\"Person\",\"@id\":\"https:\\\/\\\/wia.net.pl\\\/#person\",\"name\":\"Bart\\u0142omiej Talarczyk\",\"image\":{\"@type\":\"ImageObject\",\"@id\":\"https:\\\/\\\/wia.net.pl\\\/index.php\\\/2023\\\/06\\\/21\\\/niezalezna-ekspedycja-nord-stream-odkrywa-trop-przeoczony-przez-oficjalnych-sledczych\\\/#personImage\",\"url\":\"https:\\\/\\\/wia.net.pl\\\/wp-content\\\/uploads\\\/avatar-privacy\\\/cache\\\/user\\\/1\\\/7\\\/176a6b161c58363ff49b5c167264231f519f5c7fa183ca1f61e891769b6b56d5-96.jpg\",\"width\":96,\"height\":96,\"caption\":\"Bart\\u0142omiej Talarczyk\"}},{\"@type\":\"Person\",\"@id\":\"https:\\\/\\\/wia.net.pl\\\/index.php\\\/author\\\/trinity\\\/#author\",\"url\":\"https:\\\/\\\/wia.net.pl\\\/index.php\\\/author\\\/trinity\\\/\",\"name\":\"trinity\",\"image\":{\"@type\":\"ImageObject\",\"@id\":\"https:\\\/\\\/wia.net.pl\\\/index.php\\\/2023\\\/06\\\/21\\\/niezalezna-ekspedycja-nord-stream-odkrywa-trop-przeoczony-przez-oficjalnych-sledczych\\\/#authorImage\",\"url\":\"https:\\\/\\\/wia.net.pl\\\/wp-content\\\/uploads\\\/avatar-privacy\\\/cache\\\/user\\\/5\\\/f\\\/5f6547cf82495eaa10e100a6a45d5dbde2dfdc1be88557de2018fca705bdf6f1-96.jpg\",\"width\":96,\"height\":96,\"caption\":\"trinity\"}},{\"@type\":\"WebPage\",\"@id\":\"https:\\\/\\\/wia.net.pl\\\/index.php\\\/2023\\\/06\\\/21\\\/niezalezna-ekspedycja-nord-stream-odkrywa-trop-przeoczony-przez-oficjalnych-sledczych\\\/#webpage\",\"url\":\"https:\\\/\\\/wia.net.pl\\\/index.php\\\/2023\\\/06\\\/21\\\/niezalezna-ekspedycja-nord-stream-odkrywa-trop-przeoczony-przez-oficjalnych-sledczych\\\/\",\"name\":\"Niezale\\u017cna ekspedycja Nord Stream odkrywa trop przeoczony przez oficjalnych \\u015bledczych - Wolno\\u015b\\u0107 i Anarchia\",\"description\":\"Niezale\\u017cna ekspedycja Nord Stream odkrywa trop przeoczony przez oficjalnych \\u015bledczych Autor, JEFFREY BRODSKY\\u00b7JUNE 5, 2023 Szara Strefa uczestniczy\\u0142a w czym\\u015b, co wydaje si\\u0119 by\\u0107 pierwsz\\u0105 niezale\\u017cn\\u0105 ekspedycj\\u0105 badaj\\u0105c\\u0105 sabota\\u017c ruroci\\u0105g\\u00f3w Nord Stream. W pobli\\u017cu jednego z miejsc wybuchu odkryli\\u015bmy but nurkowy u\\u017cywany przez nurk\\u00f3w US Navy. Jak szwedzcy \\u015bledczy to przegapili? Wideo powy\\u017cej autorstwa Agnes Andersson Wieczorem\",\"inLanguage\":\"pl-PL\",\"isPartOf\":{\"@id\":\"https:\\\/\\\/wia.net.pl\\\/#website\"},\"breadcrumb\":{\"@id\":\"https:\\\/\\\/wia.net.pl\\\/index.php\\\/2023\\\/06\\\/21\\\/niezalezna-ekspedycja-nord-stream-odkrywa-trop-przeoczony-przez-oficjalnych-sledczych\\\/#breadcrumblist\"},\"author\":{\"@id\":\"https:\\\/\\\/wia.net.pl\\\/index.php\\\/author\\\/trinity\\\/#author\"},\"creator\":{\"@id\":\"https:\\\/\\\/wia.net.pl\\\/index.php\\\/author\\\/trinity\\\/#author\"},\"image\":{\"@type\":\"ImageObject\",\"url\":\"https:\\\/\\\/wia.net.pl\\\/wp-content\\\/uploads\\\/2023\\\/06\\\/BOOT.webp\",\"@id\":\"https:\\\/\\\/wia.net.pl\\\/index.php\\\/2023\\\/06\\\/21\\\/niezalezna-ekspedycja-nord-stream-odkrywa-trop-przeoczony-przez-oficjalnych-sledczych\\\/#mainImage\",\"width\":1666,\"height\":944},\"primaryImageOfPage\":{\"@id\":\"https:\\\/\\\/wia.net.pl\\\/index.php\\\/2023\\\/06\\\/21\\\/niezalezna-ekspedycja-nord-stream-odkrywa-trop-przeoczony-przez-oficjalnych-sledczych\\\/#mainImage\"},\"datePublished\":\"2023-06-21T11:00:06+02:00\",\"dateModified\":\"2023-06-21T11:00:06+02:00\"},{\"@type\":\"WebSite\",\"@id\":\"https:\\\/\\\/wia.net.pl\\\/#website\",\"url\":\"https:\\\/\\\/wia.net.pl\\\/\",\"name\":\"Wolno\\u015b\\u0107 i Anarchia\",\"description\":\"Ka\\u017cdy wewn\\u0119trznie jest anarchist\\u0105.\",\"inLanguage\":\"pl-PL\",\"publisher\":{\"@id\":\"https:\\\/\\\/wia.net.pl\\\/#person\"}}]}\n\t\t<\/script>\n\t\t<!-- All in One SEO -->\n\n","aioseo_head_json":{"title":"Niezale\u017cna ekspedycja Nord Stream odkrywa trop przeoczony przez oficjalnych \u015bledczych - Wolno\u015b\u0107 i Anarchia","description":"Niezale\u017cna ekspedycja Nord Stream odkrywa trop przeoczony przez oficjalnych \u015bledczych Autor, JEFFREY BRODSKY\u00b7JUNE 5, 2023 Szara Strefa uczestniczy\u0142a w czym\u015b, co wydaje si\u0119 by\u0107 pierwsz\u0105 niezale\u017cn\u0105 ekspedycj\u0105 badaj\u0105c\u0105 sabota\u017c ruroci\u0105g\u00f3w Nord Stream. W pobli\u017cu jednego z miejsc wybuchu odkryli\u015bmy but nurkowy u\u017cywany przez nurk\u00f3w US Navy. Jak szwedzcy \u015bledczy to przegapili? Wideo powy\u017cej autorstwa Agnes Andersson Wieczorem","canonical_url":"https:\/\/wia.net.pl\/index.php\/2023\/06\/21\/niezalezna-ekspedycja-nord-stream-odkrywa-trop-przeoczony-przez-oficjalnych-sledczych\/","robots":"max-image-preview:large","keywords":"","webmasterTools":{"miscellaneous":""},"schema":{"@context":"https:\/\/schema.org","@graph":[{"@type":"BlogPosting","@id":"https:\/\/wia.net.pl\/index.php\/2023\/06\/21\/niezalezna-ekspedycja-nord-stream-odkrywa-trop-przeoczony-przez-oficjalnych-sledczych\/#blogposting","name":"Niezale\u017cna ekspedycja Nord Stream odkrywa trop przeoczony przez oficjalnych \u015bledczych - Wolno\u015b\u0107 i Anarchia","headline":"Niezale\u017cna ekspedycja Nord Stream odkrywa trop przeoczony przez oficjalnych \u015bledczych","author":{"@id":"https:\/\/wia.net.pl\/index.php\/author\/trinity\/#author"},"publisher":{"@id":"https:\/\/wia.net.pl\/#person"},"image":{"@type":"ImageObject","url":"https:\/\/wia.net.pl\/wp-content\/uploads\/2023\/06\/BOOT.webp","width":1666,"height":944},"datePublished":"2023-06-21T11:00:06+02:00","dateModified":"2023-06-21T11:00:06+02:00","inLanguage":"pl-PL","mainEntityOfPage":{"@id":"https:\/\/wia.net.pl\/index.php\/2023\/06\/21\/niezalezna-ekspedycja-nord-stream-odkrywa-trop-przeoczony-przez-oficjalnych-sledczych\/#webpage"},"isPartOf":{"@id":"https:\/\/wia.net.pl\/index.php\/2023\/06\/21\/niezalezna-ekspedycja-nord-stream-odkrywa-trop-przeoczony-przez-oficjalnych-sledczych\/#webpage"},"articleSection":"Artyku\u0142y"},{"@type":"BreadcrumbList","@id":"https:\/\/wia.net.pl\/index.php\/2023\/06\/21\/niezalezna-ekspedycja-nord-stream-odkrywa-trop-przeoczony-przez-oficjalnych-sledczych\/#breadcrumblist","itemListElement":[{"@type":"ListItem","@id":"https:\/\/wia.net.pl#listItem","position":1,"name":"Home","item":"https:\/\/wia.net.pl","nextItem":{"@type":"ListItem","@id":"https:\/\/wia.net.pl\/index.php\/category\/artykuly\/#listItem","name":"Artyku\u0142y"}},{"@type":"ListItem","@id":"https:\/\/wia.net.pl\/index.php\/category\/artykuly\/#listItem","position":2,"name":"Artyku\u0142y","item":"https:\/\/wia.net.pl\/index.php\/category\/artykuly\/","nextItem":{"@type":"ListItem","@id":"https:\/\/wia.net.pl\/index.php\/2023\/06\/21\/niezalezna-ekspedycja-nord-stream-odkrywa-trop-przeoczony-przez-oficjalnych-sledczych\/#listItem","name":"Niezale\u017cna ekspedycja Nord Stream odkrywa trop przeoczony przez oficjalnych \u015bledczych"},"previousItem":{"@type":"ListItem","@id":"https:\/\/wia.net.pl#listItem","name":"Home"}},{"@type":"ListItem","@id":"https:\/\/wia.net.pl\/index.php\/2023\/06\/21\/niezalezna-ekspedycja-nord-stream-odkrywa-trop-przeoczony-przez-oficjalnych-sledczych\/#listItem","position":3,"name":"Niezale\u017cna ekspedycja Nord Stream odkrywa trop przeoczony przez oficjalnych \u015bledczych","previousItem":{"@type":"ListItem","@id":"https:\/\/wia.net.pl\/index.php\/category\/artykuly\/#listItem","name":"Artyku\u0142y"}}]},{"@type":"Person","@id":"https:\/\/wia.net.pl\/#person","name":"Bart\u0142omiej Talarczyk","image":{"@type":"ImageObject","@id":"https:\/\/wia.net.pl\/index.php\/2023\/06\/21\/niezalezna-ekspedycja-nord-stream-odkrywa-trop-przeoczony-przez-oficjalnych-sledczych\/#personImage","url":"https:\/\/wia.net.pl\/wp-content\/uploads\/avatar-privacy\/cache\/user\/1\/7\/176a6b161c58363ff49b5c167264231f519f5c7fa183ca1f61e891769b6b56d5-96.jpg","width":96,"height":96,"caption":"Bart\u0142omiej Talarczyk"}},{"@type":"Person","@id":"https:\/\/wia.net.pl\/index.php\/author\/trinity\/#author","url":"https:\/\/wia.net.pl\/index.php\/author\/trinity\/","name":"trinity","image":{"@type":"ImageObject","@id":"https:\/\/wia.net.pl\/index.php\/2023\/06\/21\/niezalezna-ekspedycja-nord-stream-odkrywa-trop-przeoczony-przez-oficjalnych-sledczych\/#authorImage","url":"https:\/\/wia.net.pl\/wp-content\/uploads\/avatar-privacy\/cache\/user\/5\/f\/5f6547cf82495eaa10e100a6a45d5dbde2dfdc1be88557de2018fca705bdf6f1-96.jpg","width":96,"height":96,"caption":"trinity"}},{"@type":"WebPage","@id":"https:\/\/wia.net.pl\/index.php\/2023\/06\/21\/niezalezna-ekspedycja-nord-stream-odkrywa-trop-przeoczony-przez-oficjalnych-sledczych\/#webpage","url":"https:\/\/wia.net.pl\/index.php\/2023\/06\/21\/niezalezna-ekspedycja-nord-stream-odkrywa-trop-przeoczony-przez-oficjalnych-sledczych\/","name":"Niezale\u017cna ekspedycja Nord Stream odkrywa trop przeoczony przez oficjalnych \u015bledczych - Wolno\u015b\u0107 i Anarchia","description":"Niezale\u017cna ekspedycja Nord Stream odkrywa trop przeoczony przez oficjalnych \u015bledczych Autor, JEFFREY BRODSKY\u00b7JUNE 5, 2023 Szara Strefa uczestniczy\u0142a w czym\u015b, co wydaje si\u0119 by\u0107 pierwsz\u0105 niezale\u017cn\u0105 ekspedycj\u0105 badaj\u0105c\u0105 sabota\u017c ruroci\u0105g\u00f3w Nord Stream. W pobli\u017cu jednego z miejsc wybuchu odkryli\u015bmy but nurkowy u\u017cywany przez nurk\u00f3w US Navy. Jak szwedzcy \u015bledczy to przegapili? Wideo powy\u017cej autorstwa Agnes Andersson Wieczorem","inLanguage":"pl-PL","isPartOf":{"@id":"https:\/\/wia.net.pl\/#website"},"breadcrumb":{"@id":"https:\/\/wia.net.pl\/index.php\/2023\/06\/21\/niezalezna-ekspedycja-nord-stream-odkrywa-trop-przeoczony-przez-oficjalnych-sledczych\/#breadcrumblist"},"author":{"@id":"https:\/\/wia.net.pl\/index.php\/author\/trinity\/#author"},"creator":{"@id":"https:\/\/wia.net.pl\/index.php\/author\/trinity\/#author"},"image":{"@type":"ImageObject","url":"https:\/\/wia.net.pl\/wp-content\/uploads\/2023\/06\/BOOT.webp","@id":"https:\/\/wia.net.pl\/index.php\/2023\/06\/21\/niezalezna-ekspedycja-nord-stream-odkrywa-trop-przeoczony-przez-oficjalnych-sledczych\/#mainImage","width":1666,"height":944},"primaryImageOfPage":{"@id":"https:\/\/wia.net.pl\/index.php\/2023\/06\/21\/niezalezna-ekspedycja-nord-stream-odkrywa-trop-przeoczony-przez-oficjalnych-sledczych\/#mainImage"},"datePublished":"2023-06-21T11:00:06+02:00","dateModified":"2023-06-21T11:00:06+02:00"},{"@type":"WebSite","@id":"https:\/\/wia.net.pl\/#website","url":"https:\/\/wia.net.pl\/","name":"Wolno\u015b\u0107 i Anarchia","description":"Ka\u017cdy wewn\u0119trznie jest anarchist\u0105.","inLanguage":"pl-PL","publisher":{"@id":"https:\/\/wia.net.pl\/#person"}}]},"og:locale":"pl_PL","og:site_name":"Wolno\u015b\u0107 i Anarchia - Ka\u017cdy wewn\u0119trznie jest anarchist\u0105.","og:type":"article","og:title":"Niezale\u017cna ekspedycja Nord Stream odkrywa trop przeoczony przez oficjalnych \u015bledczych - Wolno\u015b\u0107 i Anarchia","og:description":"Niezale\u017cna ekspedycja Nord Stream odkrywa trop przeoczony przez oficjalnych \u015bledczych Autor, JEFFREY BRODSKY\u00b7JUNE 5, 2023 Szara Strefa uczestniczy\u0142a w czym\u015b, co wydaje si\u0119 by\u0107 pierwsz\u0105 niezale\u017cn\u0105 ekspedycj\u0105 badaj\u0105c\u0105 sabota\u017c ruroci\u0105g\u00f3w Nord Stream. W pobli\u017cu jednego z miejsc wybuchu odkryli\u015bmy but nurkowy u\u017cywany przez nurk\u00f3w US Navy. Jak szwedzcy \u015bledczy to przegapili? Wideo powy\u017cej autorstwa Agnes Andersson Wieczorem","og:url":"https:\/\/wia.net.pl\/index.php\/2023\/06\/21\/niezalezna-ekspedycja-nord-stream-odkrywa-trop-przeoczony-przez-oficjalnych-sledczych\/","og:image":"https:\/\/wia.net.pl\/wp-content\/uploads\/2023\/11\/cropped-freedom-i73367.jpg","og:image:secure_url":"https:\/\/wia.net.pl\/wp-content\/uploads\/2023\/11\/cropped-freedom-i73367.jpg","article:published_time":"2023-06-21T09:00:06+00:00","article:modified_time":"2023-06-21T09:00:06+00:00","twitter:card":"summary_large_image","twitter:title":"Niezale\u017cna ekspedycja Nord Stream odkrywa trop przeoczony przez oficjalnych \u015bledczych - Wolno\u015b\u0107 i Anarchia","twitter:description":"Niezale\u017cna ekspedycja Nord Stream odkrywa trop przeoczony przez oficjalnych \u015bledczych Autor, JEFFREY BRODSKY\u00b7JUNE 5, 2023 Szara Strefa uczestniczy\u0142a w czym\u015b, co wydaje si\u0119 by\u0107 pierwsz\u0105 niezale\u017cn\u0105 ekspedycj\u0105 badaj\u0105c\u0105 sabota\u017c ruroci\u0105g\u00f3w Nord Stream. W pobli\u017cu jednego z miejsc wybuchu odkryli\u015bmy but nurkowy u\u017cywany przez nurk\u00f3w US Navy. Jak szwedzcy \u015bledczy to przegapili? Wideo powy\u017cej autorstwa Agnes Andersson Wieczorem","twitter:image":"https:\/\/wia.net.pl\/wp-content\/uploads\/2023\/11\/cropped-freedom-i73367.jpg"},"aioseo_meta_data":{"post_id":"2447","title":null,"description":null,"keywords":[],"keyphrases":{"focus":{"keyphrase":"","score":0,"analysis":{"keyphraseInTitle":{"score":0,"maxScore":9,"error":1}}},"additional":[]},"primary_term":null,"canonical_url":null,"og_title":null,"og_description":null,"og_object_type":"default","og_image_type":"default","og_image_url":null,"og_image_width":null,"og_image_height":null,"og_image_custom_url":null,"og_image_custom_fields":null,"og_video":"","og_custom_url":null,"og_article_section":null,"og_article_tags":[],"twitter_use_og":false,"twitter_card":"default","twitter_image_type":"default","twitter_image_url":null,"twitter_image_custom_url":null,"twitter_image_custom_fields":null,"twitter_title":null,"twitter_description":null,"schema":{"blockGraphs":[],"customGraphs":[],"default":{"data":{"Article":[],"Course":[],"Dataset":[],"FAQPage":[],"Movie":[],"Person":[],"Product":[],"ProductReview":[],"Car":[],"Recipe":[],"Service":[],"SoftwareApplication":[],"WebPage":[]},"graphName":"","isEnabled":true},"graphs":[]},"schema_type":"default","schema_type_options":null,"pillar_content":false,"robots_default":true,"robots_noindex":false,"robots_noarchive":false,"robots_nosnippet":false,"robots_nofollow":false,"robots_noimageindex":false,"robots_noodp":false,"robots_notranslate":false,"robots_max_snippet":"-1","robots_max_videopreview":"-1","robots_max_imagepreview":"large","priority":0,"frequency":"default","local_seo":null,"breadcrumb_settings":null,"limit_modified_date":false,"ai":null,"created":"2023-06-21 09:00:06","updated":"2025-06-04 08:14:31","seo_analyzer_scan_date":null,"focus_keyword":null,"additional_keywords":null,"truseo_locale":null},"aioseo_breadcrumb":"<div class=\"aioseo-breadcrumbs\"><span class=\"aioseo-breadcrumb\">\n\t\t\t<a href=\"https:\/\/wia.net.pl\" title=\"Home\">Home<\/a>\n\t\t<\/span><span class=\"aioseo-breadcrumb-separator\">&raquo;<\/span><span class=\"aioseo-breadcrumb\">\n\t\t\t<a href=\"https:\/\/wia.net.pl\/index.php\/category\/artykuly\/\" title=\"Artyku\u0142y\">Artyku\u0142y<\/a>\n\t\t<\/span><span class=\"aioseo-breadcrumb-separator\">&raquo;<\/span><span class=\"aioseo-breadcrumb\">\n\t\t\tNiezale\u017cna ekspedycja Nord Stream odkrywa trop przeoczony przez oficjalnych \u015bledczych\n\t\t<\/span><\/div>","aioseo_breadcrumb_json":[{"label":"Home","link":"https:\/\/wia.net.pl"},{"label":"Artyku\u0142y","link":"https:\/\/wia.net.pl\/index.php\/category\/artykuly\/"},{"label":"Niezale\u017cna ekspedycja Nord Stream odkrywa trop przeoczony przez oficjalnych \u015bledczych","link":"https:\/\/wia.net.pl\/index.php\/2023\/06\/21\/niezalezna-ekspedycja-nord-stream-odkrywa-trop-przeoczony-przez-oficjalnych-sledczych\/"}],"_links":{"self":[{"href":"https:\/\/wia.net.pl\/index.php\/wp-json\/wp\/v2\/posts\/2447"}],"collection":[{"href":"https:\/\/wia.net.pl\/index.php\/wp-json\/wp\/v2\/posts"}],"about":[{"href":"https:\/\/wia.net.pl\/index.php\/wp-json\/wp\/v2\/types\/post"}],"author":[{"embeddable":true,"href":"https:\/\/wia.net.pl\/index.php\/wp-json\/wp\/v2\/users\/2"}],"replies":[{"embeddable":true,"href":"https:\/\/wia.net.pl\/index.php\/wp-json\/wp\/v2\/comments?post=2447"}],"version-history":[{"count":1,"href":"https:\/\/wia.net.pl\/index.php\/wp-json\/wp\/v2\/posts\/2447\/revisions"}],"predecessor-version":[{"id":2449,"href":"https:\/\/wia.net.pl\/index.php\/wp-json\/wp\/v2\/posts\/2447\/revisions\/2449"}],"wp:featuredmedia":[{"embeddable":true,"href":"https:\/\/wia.net.pl\/index.php\/wp-json\/wp\/v2\/media\/2448"}],"wp:attachment":[{"href":"https:\/\/wia.net.pl\/index.php\/wp-json\/wp\/v2\/media?parent=2447"}],"wp:term":[{"taxonomy":"category","embeddable":true,"href":"https:\/\/wia.net.pl\/index.php\/wp-json\/wp\/v2\/categories?post=2447"},{"taxonomy":"post_tag","embeddable":true,"href":"https:\/\/wia.net.pl\/index.php\/wp-json\/wp\/v2\/tags?post=2447"}],"curies":[{"name":"wp","href":"https:\/\/api.w.org\/{rel}","templated":true}]}}