{"id":2450,"date":"2023-06-21T11:18:33","date_gmt":"2023-06-21T09:18:33","guid":{"rendered":"https:\/\/wia.net.pl\/?p=2450"},"modified":"2023-06-21T11:18:33","modified_gmt":"2023-06-21T09:18:33","slug":"eskalacja-polska-szkoli-bojownikow-do-ataku-na-bialorus","status":"publish","type":"post","link":"https:\/\/wia.net.pl\/index.php\/2023\/06\/21\/eskalacja-polska-szkoli-bojownikow-do-ataku-na-bialorus\/","title":{"rendered":"Eskalacja?\u00a0Polska szkoli bojownik\u00f3w do ataku na Bia\u0142oru\u015b"},"content":{"rendered":"\n<p>Lucas&nbsp;<\/p>\n\n\n\n<p><a href=\"https:\/\/www.globalresearch.ca\/author\/lucas-leiroz-de-almeida\">Leiroz de Almeida<\/a> Global Research, 20 czerwca 2023 r<\/p>\n\n\n\n<p><a href=\"http:\/\/infobrics.org\/post\/38658\/\" target=\"_blank\" rel=\"noreferrer noopener\">InfoBrics<\/a><\/p>\n\n\n\n<p><\/p>\n\n\n\n<figure class=\"wp-block-image size-full is-resized\"><img loading=\"lazy\" decoding=\"async\" src=\"https:\/\/wia.net.pl\/wp-content\/uploads\/2023\/06\/B-Belarus-militants-768x432-1.jpg\" alt=\"\" class=\"wp-image-2451\" width=\"841\" height=\"473\" srcset=\"https:\/\/wia.net.pl\/wp-content\/uploads\/2023\/06\/B-Belarus-militants-768x432-1.jpg 768w, https:\/\/wia.net.pl\/wp-content\/uploads\/2023\/06\/B-Belarus-militants-768x432-1-300x169.jpg 300w, https:\/\/wia.net.pl\/wp-content\/uploads\/2023\/06\/B-Belarus-militants-768x432-1-480x270.jpg 480w\" sizes=\"(max-width: 841px) 100vw, 841px\" \/><\/figure>\n\n\n\n<p><\/p>\n\n\n\n<p><em>Po raz kolejny dowody jasno wskazuj\u0105, \u017ce Zach\u00f3d chce wci\u0105gn\u0105\u0107 Bia\u0142oru\u015b w obecny konflikt.&nbsp;W raporcie opublikowanym przez The Times poinformowano, \u017ce bia\u0142oruscy bojownicy zes\u0142ani na wygnanie s\u0105 szkoleni na terytorium Polski w ramach przygotowa\u0144 do przysz\u0142ego powstania w ich kraju.<\/em><\/p>\n\n\n\n<p>Wed\u0142ug gazety grupa \u201e&nbsp;<a href=\"https:\/\/www.thetimes.co.uk\/article\/meet-predator-and-grandad-the-exiled-belarusians-plotting-against-putins-friend-stc8pwjm9\">Bypol<\/a>&nbsp;\u201d, ekstremistyczna dysydencka milicja, kt\u00f3ra aktywnie uczestniczy\u0142a w pr\u00f3bie kolorowej rewolucji w 2020 r., ma siedzib\u0119 w polskim mie\u015bcie Pozna\u0144, gdzie prowadzony jest intensywny program szkolenia wojskowego.&nbsp;Dziennikarze udali si\u0119 w teren, aby przeprowadzi\u0107 wywiady z niekt\u00f3rymi milicjantami i poinformowali, \u017ce liczba rekrut\u00f3w jest ju\u017c \u201eliczona w setki\u201d.<\/p>\n\n\n\n<p>Program rozpocz\u0105\u0142by si\u0119 wiele miesi\u0119cy temu, skupiaj\u0105c \u201e&nbsp;<a href=\"https:\/\/www.rt.com\/russia\/578270-belarus-militants-camp-poland\/\">zwyk\u0142ych Bia\u0142orusin\u00f3w\u201d<\/a>&nbsp;, kt\u00f3rzy chc\u0105 odpowiedzie\u0107 na \u201estalinowsk\u0105 kampani\u0119 tortur i aresztowa\u0144 prezydenta Aleksandra \u0141ukaszenki [kt\u00f3ra] prawie uciszy\u0142a sprzeciw\u201d w Mi\u0144sku.&nbsp;Aby doda\u0107 wiarygodno\u015bci tej narracji, gazeta przeprowadzi\u0142a wywiad z wygnan\u0105 kobiet\u0105 bior\u0105c\u0105 udzia\u0142 w szkoleniu o pseudonimie \u201ePredator\u201d.&nbsp;42-letnia dysydentka wyja\u015bni\u0142a, \u017ce \u200b\u200bjest matk\u0105 dziecka, kt\u00f3re nie zdaje sobie sprawy, \u017ce jest obecnie w programie wojskowym.&nbsp;Opcja walki by\u0142aby najwyra\u017aniej motywowana potrzeb\u0105 \u201ewalki o Bia\u0142oru\u015b\u201d.<\/p>\n\n\n\n<p><a href=\"https:\/\/www.globalresearch.ca\/poland-should-back-regime-change-in-belarus-general-ret-waldemar-skrzypack\/5820456\">Polska powinna poprze\u0107 \u201ezmian\u0119 re\u017cimu\u201d na Bia\u0142orusi: genera\u0142 (w stanie spoczynku) Waldemar Skrzypack<\/a><\/p>\n\n\n\n<p>\u201eMoja c\u00f3rka nie wie, \u017ce tu jestem.&nbsp;Powiedzia\u0142em jej, \u017ce id\u0119 na paintballa (\u2026) []Jednak] przyszed\u0142em tu dzisiaj (\u2026), \u017ceby przygotowa\u0107 si\u0119 do walki o Bia\u0142oru\u015b\u201d \u2013 powiedzia\u0142 dziennikarzom \u201ePredator\u201d w rozmowie z dziennikarzami.<\/p>\n\n\n\n<p>To dobrze znana strategia medialna, szeroko stosowana przez zachodnie media.&nbsp;Celem jest u\u017cycie emocjonalnej retoryki, aby pokaza\u0107 wspieran\u0105 stron\u0119 jako ofiar\u0119 opresji oraz przyk\u0142ad heroizmu i odporno\u015bci.&nbsp;Ale dla tych, kt\u00f3rzy wiedz\u0105, co naprawd\u0119 wydarzy\u0142o si\u0119 na Bia\u0142orusi w 2020 roku, ta narracja jest niczym innym jak s\u0142abym i bezsensownym mitem.<\/p>\n\n\n\n<p>Masowe protesty&nbsp;<a href=\"http:\/\/infobrics.org\/post\/31554\/\">w 2020 roku<\/a>&nbsp;by\u0142y wynikiem zachodniego planu obalenia prawowitego rz\u0105du \u0141ukaszenki i zast\u0105pienia go prozachodni\u0105 kandydatk\u0105 opozycji Swiet\u0142an\u0105 Cichanowsk\u0105.&nbsp;Bia\u0142oruskie si\u0142y bezpiecze\u0144stwa by\u0142y zdeterminowane w neutralizowaniu sponsorowanego przez Zach\u00f3d zagro\u017cenia i podobnie jak w przypadku nieudanych operacji zmiany re\u017cimu, Stany Zjednoczone uzna\u0142y zwyci\u0119stwo wyborcze \u0141ukaszenki za nielegalne i oszuka\u0144cze, wskazuj\u0105c na litewsk\u0105 Tichanowsk\u0105 jako prawdziwego zwyci\u0119zc\u0119.<\/p>\n\n\n\n<p>Powsta\u0142a&nbsp;w\u00f3wczas grupa&nbsp;<a href=\"http:\/\/infobrics.org\/post\/38061\/\">Bypol , utworzona przez kilku dysydent\u00f3w, by\u0142ych pracownik\u00f3w organ\u00f3w \u015bcigania.&nbsp;<\/a>Bypol zaanga\u017cowa\u0142 si\u0119 w czynn\u0105 prac\u0119 milicji, fizycznie walcz\u0105c z si\u0142ami bezpiecze\u0144stwa.&nbsp;Grupa powo\u0142uje si\u0119 na rzekom\u0105 \u201ekonieczno\u015b\u0107\u201d stawienia czo\u0142a \u201eprzemocy pa\u0144stwowej\u201d rz\u0105du, otrzymuj\u0105c w tym celu wsparcie finansowe i logistyczne od mocarstw zachodnich.<\/p>\n\n\n\n<p>W wyniku zwyci\u0119stwa \u0141ukaszenki wi\u0119kszo\u015b\u0107 cz\u0142onk\u00f3w Bypola wyemigrowa\u0142a do kraj\u00f3w s\u0105siednich, wrogo nastawionych do Mi\u0144ska, takich jak Polska, Ukraina, \u0141otwa, Litwa i Czechy.&nbsp;Nie powstrzyma\u0142o to ugrupowania przed prowadzeniem misji sabota\u017cowych i prawdziwych bojowych na bia\u0142oruskiej ziemi, a nawet atakiem drona na rosyjski radar A-50 w bazie lotniczej Maczuliszcze.&nbsp;Jednak bia\u0142oruskie si\u0142y bezpiecze\u0144stwa \u015bci\u015ble monitoruj\u0105 dzia\u0142ania milicji i skutecznie zapobiegaj\u0105 dalszym szkodom.<\/p>\n\n\n\n<p>W praktyce Bypol jest zwyk\u0142\u0105 organizacj\u0105 terrorystyczn\u0105, kt\u00f3ra dzia\u0142a jak ka\u017cda inna grupa ekstremistyczna na \u015bwiecie, u\u017cywaj\u0105c terroru jako narz\u0119dzia politycznego i wyrz\u0105dzaj\u0105c krzywd\u0119 zwyk\u0142ej ludno\u015bci cywilnej podczas swoich nielegalnych nalot\u00f3w.&nbsp;Jednak w ostatnich latach Zach\u00f3d otwarcie opowiada\u0142 si\u0119 za terroryzmem, publicznie anga\u017cuj\u0105c si\u0119 w finansowanie i wspieranie grup terrorystycznych i neonazistowskich, takich jak ukrai\u0144ski Azow, Prawy Sektor i Aidar, co nie dziwi, \u017ce udziela takiego samego poparcia dla Bypola.&nbsp;W rzeczywisto\u015bci, je\u015bli celem terroryst\u00f3w s\u0105 geopolityczni wrogowie NATO, to przest\u0119pcy maj\u0105 \u201ecarte blanche\u201d na swoje manewry.<\/p>\n\n\n\n<p>Problem polega na tym, \u017ce w obecnym scenariuszu napi\u0119\u0107 ka\u017cde \u017ale przekalkulowane dzia\u0142anie mo\u017ce doprowadzi\u0107 do powa\u017cnej eskalacji.&nbsp;Bia\u0142oru\u015b jest celem powtarzaj\u0105cych si\u0119 atak\u00f3w terrorystycznych od pocz\u0105tku rosyjskiej specjalnej operacji wojskowej na Ukrainie.&nbsp;Mi\u0144sk bierze udzia\u0142 w operacji w spos\u00f3b drugorz\u0119dny, zezwalaj\u0105c jedynie wojskom rosyjskim na wykorzystanie swojego terytorium do wkroczenia do kraju wroga, bez bezpo\u015bredniego wysy\u0142ania \u017co\u0142nierzy i broni.&nbsp;Postawa bia\u0142oruska jest uzasadniona, bior\u0105c pod uwag\u0119, \u017ce Bia\u0142oru\u015b i Rosja utrzymuj\u0105 uk\u0142ad o zbiorowej obronie w ramach Pa\u0144stwa Zwi\u0105zkowego, a zatem dzia\u0142ania militarne s\u0105 ca\u0142kowicie zintegrowane.<\/p>\n\n\n\n<p>Oznacza to, \u017ce na zachodnie prowokacje wobec sojusznika Rosji prawdopodobnie odpowie sama Moskwa.&nbsp;I w tym samym sensie, bior\u0105c pod uwag\u0119, \u017ce to kraje NATO szkol\u0105, wspieraj\u0105 i infiltruj\u0105 terroryst\u00f3w na Bia\u0142orusi, ewentualna wsp\u00f3lna odpowied\u017a Mi\u0144ska i Moskwy mog\u0142aby by\u0107 nawet skierowana przeciwko NATO, co wi\u0105za\u0142oby si\u0119 z ryzykiem eskalacji nuklearnej.<\/p>\n\n\n\n<p>To tylko czyni tym bardziej uzasadnionym przyj\u0119cie przez Mi\u0144sk rosyjskiej broni nuklearnej na jego terytorium.&nbsp;Mi\u0144sk podejmuje dzia\u0142ania prewencyjne, aby odwie\u015b\u0107 wrogie pa\u0144stwa od realizacji plan\u00f3w wojennych przeciwko Bia\u0142orusinom, aby unikn\u0105\u0107 dalszej eskalacji, kt\u00f3rej skutki mog\u0105 by\u0107 katastrofalne.<\/p>\n\n\n\n<p>*<\/p>\n\n\n\n<p>Uwaga dla czytelnik\u00f3w: kliknij przycisk udost\u0119pniania powy\u017cej.&nbsp;\u015aled\u017a nas na Instagramie i Twitterze oraz subskrybuj nasz kana\u0142 Telegram.&nbsp;Zach\u0119camy do ponownego publikowania i szerokiego udost\u0119pniania artyku\u0142\u00f3w Global Research.<\/p>\n\n\n\n<p><em><strong>Lucas Leiroz<\/strong>&nbsp;jest dziennikarzem, pracownikiem naukowym Centrum Studi\u00f3w Geostrategicznych, konsultantem ds. geopolitycznych.&nbsp;Mo\u017cesz \u015bledzi\u0107 Lucasa na&nbsp;<a href=\"https:\/\/twitter.com\/leiroz_lucas\">Twitterze<\/a>&nbsp;i&nbsp;<a href=\"https:\/\/t.co\/0FdHwxeEZ3\">Telegramie<\/a>&nbsp;.<\/em><\/p>\n\n\n\n<p><em>Wyr\u00f3\u017cniony obraz pochodzi z InfoBrics<\/em>Oryginalnym \u017ar\u00f3d\u0142em tego artyku\u0142u jest&nbsp;<\/p>\n\n\n\n<p><a href=\"http:\/\/infobrics.org\/post\/38658\/\" target=\"_blank\" rel=\"noreferrer noopener\">InfoBrics<\/a><\/p>\n\n\n\n<p>Link  https:\/\/www.globalresearch.ca\/poland-training-militants-attack-belarus-newspaper\/5822977<\/p>\n","protected":false},"excerpt":{"rendered":"<p>Lucas&nbsp; Leiroz de Almeida Global Research, 20 czerwca 2023 r InfoBrics Po raz kolejny dowody jasno wskazuj\u0105, \u017ce Zach\u00f3d chce wci\u0105gn\u0105\u0107 Bia\u0142oru\u015b w obecny konflikt.&nbsp;W raporcie opublikowanym przez The Times poinformowano, \u017ce bia\u0142oruscy bojownicy zes\u0142ani na wygnanie s\u0105 szkoleni na&#8230; <\/p>\n","protected":false},"author":2,"featured_media":2451,"comment_status":"open","ping_status":"open","sticky":false,"template":"","format":"standard","meta":{"_acf_changed":false,"_bbp_topic_count":0,"_bbp_reply_count":0,"_bbp_total_topic_count":0,"_bbp_total_reply_count":0,"_bbp_voice_count":0,"_bbp_anonymous_reply_count":0,"_bbp_topic_count_hidden":0,"_bbp_reply_count_hidden":0,"_bbp_forum_subforum_count":0,"om_disable_all_campaigns":false,"_monsterinsights_skip_tracking":false,"footnotes":""},"categories":[93],"tags":[],"class_list":["post-2450","post","type-post","status-publish","format-standard","has-post-thumbnail","hentry","category-artykuly"],"acf":[],"aioseo_notices":[],"aioseo_head":"\n\t\t<!-- All in One SEO 5.0.1.1 - aioseo.com -->\n\t<meta name=\"description\" content=\"Lucas Leiroz de Almeida Global Research, 20 czerwca 2023 r InfoBrics Po raz kolejny dowody jasno wskazuj\u0105, \u017ce Zach\u00f3d chce wci\u0105gn\u0105\u0107 Bia\u0142oru\u015b w obecny konflikt. W raporcie opublikowanym przez The Times poinformowano, \u017ce bia\u0142oruscy bojownicy zes\u0142ani na wygnanie s\u0105 szkoleni na terytorium Polski w ramach przygotowa\u0144 do przysz\u0142ego powstania w ich kraju. Wed\u0142ug gazety grupa \u201e Bypol \u201d,\" \/>\n\t<meta name=\"robots\" content=\"max-image-preview:large\" \/>\n\t<meta name=\"author\" content=\"trinity\"\/>\n\t<link rel=\"canonical\" href=\"https:\/\/wia.net.pl\/index.php\/2023\/06\/21\/eskalacja-polska-szkoli-bojownikow-do-ataku-na-bialorus\/\" \/>\n\t<meta name=\"generator\" content=\"All in One SEO (AIOSEO) 5.0.1.1\" \/>\n\t\t<meta property=\"og:locale\" content=\"pl_PL\" \/>\n\t\t<meta property=\"og:site_name\" content=\"Wolno\u015b\u0107 i Anarchia - Ka\u017cdy wewn\u0119trznie jest anarchist\u0105.\" \/>\n\t\t<meta property=\"og:type\" content=\"article\" \/>\n\t\t<meta property=\"og:title\" content=\"Eskalacja? Polska szkoli bojownik\u00f3w do ataku na Bia\u0142oru\u015b - Wolno\u015b\u0107 i Anarchia\" \/>\n\t\t<meta property=\"og:description\" content=\"Lucas Leiroz de Almeida Global Research, 20 czerwca 2023 r InfoBrics Po raz kolejny dowody jasno wskazuj\u0105, \u017ce Zach\u00f3d chce wci\u0105gn\u0105\u0107 Bia\u0142oru\u015b w obecny konflikt. W raporcie opublikowanym przez The Times poinformowano, \u017ce bia\u0142oruscy bojownicy zes\u0142ani na wygnanie s\u0105 szkoleni na terytorium Polski w ramach przygotowa\u0144 do przysz\u0142ego powstania w ich kraju. Wed\u0142ug gazety grupa \u201e Bypol \u201d,\" \/>\n\t\t<meta property=\"og:url\" content=\"https:\/\/wia.net.pl\/index.php\/2023\/06\/21\/eskalacja-polska-szkoli-bojownikow-do-ataku-na-bialorus\/\" \/>\n\t\t<meta property=\"og:image\" content=\"https:\/\/wia.net.pl\/wp-content\/uploads\/2023\/11\/cropped-freedom-i73367.jpg\" \/>\n\t\t<meta property=\"og:image:secure_url\" content=\"https:\/\/wia.net.pl\/wp-content\/uploads\/2023\/11\/cropped-freedom-i73367.jpg\" \/>\n\t\t<meta property=\"article:published_time\" content=\"2023-06-21T09:18:33+00:00\" \/>\n\t\t<meta property=\"article:modified_time\" content=\"2023-06-21T09:18:33+00:00\" \/>\n\t\t<meta name=\"twitter:card\" content=\"summary_large_image\" \/>\n\t\t<meta name=\"twitter:title\" content=\"Eskalacja? Polska szkoli bojownik\u00f3w do ataku na Bia\u0142oru\u015b - Wolno\u015b\u0107 i Anarchia\" \/>\n\t\t<meta name=\"twitter:description\" content=\"Lucas Leiroz de Almeida Global Research, 20 czerwca 2023 r InfoBrics Po raz kolejny dowody jasno wskazuj\u0105, \u017ce Zach\u00f3d chce wci\u0105gn\u0105\u0107 Bia\u0142oru\u015b w obecny konflikt. W raporcie opublikowanym przez The Times poinformowano, \u017ce bia\u0142oruscy bojownicy zes\u0142ani na wygnanie s\u0105 szkoleni na terytorium Polski w ramach przygotowa\u0144 do przysz\u0142ego powstania w ich kraju. Wed\u0142ug gazety grupa \u201e Bypol \u201d,\" \/>\n\t\t<meta name=\"twitter:image\" content=\"https:\/\/wia.net.pl\/wp-content\/uploads\/2023\/11\/cropped-freedom-i73367.jpg\" \/>\n\t\t<script type=\"application\/ld+json\" class=\"aioseo-schema\">\n\t\t\t{\"@context\":\"https:\\\/\\\/schema.org\",\"@graph\":[{\"@type\":\"BlogPosting\",\"@id\":\"https:\\\/\\\/wia.net.pl\\\/index.php\\\/2023\\\/06\\\/21\\\/eskalacja-polska-szkoli-bojownikow-do-ataku-na-bialorus\\\/#blogposting\",\"name\":\"Eskalacja? Polska szkoli bojownik\\u00f3w do ataku na Bia\\u0142oru\\u015b - Wolno\\u015b\\u0107 i Anarchia\",\"headline\":\"Eskalacja?\\u00a0Polska szkoli bojownik\\u00f3w do ataku na Bia\\u0142oru\\u015b\",\"author\":{\"@id\":\"https:\\\/\\\/wia.net.pl\\\/index.php\\\/author\\\/trinity\\\/#author\"},\"publisher\":{\"@id\":\"https:\\\/\\\/wia.net.pl\\\/#person\"},\"image\":{\"@type\":\"ImageObject\",\"url\":\"https:\\\/\\\/wia.net.pl\\\/wp-content\\\/uploads\\\/2023\\\/06\\\/B-Belarus-militants-768x432-1.jpg\",\"width\":768,\"height\":432},\"datePublished\":\"2023-06-21T11:18:33+02:00\",\"dateModified\":\"2023-06-21T11:18:33+02:00\",\"inLanguage\":\"pl-PL\",\"mainEntityOfPage\":{\"@id\":\"https:\\\/\\\/wia.net.pl\\\/index.php\\\/2023\\\/06\\\/21\\\/eskalacja-polska-szkoli-bojownikow-do-ataku-na-bialorus\\\/#webpage\"},\"isPartOf\":{\"@id\":\"https:\\\/\\\/wia.net.pl\\\/index.php\\\/2023\\\/06\\\/21\\\/eskalacja-polska-szkoli-bojownikow-do-ataku-na-bialorus\\\/#webpage\"},\"articleSection\":\"Artyku\\u0142y\"},{\"@type\":\"BreadcrumbList\",\"@id\":\"https:\\\/\\\/wia.net.pl\\\/index.php\\\/2023\\\/06\\\/21\\\/eskalacja-polska-szkoli-bojownikow-do-ataku-na-bialorus\\\/#breadcrumblist\",\"itemListElement\":[{\"@type\":\"ListItem\",\"@id\":\"https:\\\/\\\/wia.net.pl#listItem\",\"position\":1,\"name\":\"Home\",\"item\":\"https:\\\/\\\/wia.net.pl\",\"nextItem\":{\"@type\":\"ListItem\",\"@id\":\"https:\\\/\\\/wia.net.pl\\\/index.php\\\/category\\\/artykuly\\\/#listItem\",\"name\":\"Artyku\\u0142y\"}},{\"@type\":\"ListItem\",\"@id\":\"https:\\\/\\\/wia.net.pl\\\/index.php\\\/category\\\/artykuly\\\/#listItem\",\"position\":2,\"name\":\"Artyku\\u0142y\",\"item\":\"https:\\\/\\\/wia.net.pl\\\/index.php\\\/category\\\/artykuly\\\/\",\"nextItem\":{\"@type\":\"ListItem\",\"@id\":\"https:\\\/\\\/wia.net.pl\\\/index.php\\\/2023\\\/06\\\/21\\\/eskalacja-polska-szkoli-bojownikow-do-ataku-na-bialorus\\\/#listItem\",\"name\":\"Eskalacja?\\u00a0Polska szkoli bojownik\\u00f3w do ataku na Bia\\u0142oru\\u015b\"},\"previousItem\":{\"@type\":\"ListItem\",\"@id\":\"https:\\\/\\\/wia.net.pl#listItem\",\"name\":\"Home\"}},{\"@type\":\"ListItem\",\"@id\":\"https:\\\/\\\/wia.net.pl\\\/index.php\\\/2023\\\/06\\\/21\\\/eskalacja-polska-szkoli-bojownikow-do-ataku-na-bialorus\\\/#listItem\",\"position\":3,\"name\":\"Eskalacja?\\u00a0Polska szkoli bojownik\\u00f3w do ataku na Bia\\u0142oru\\u015b\",\"previousItem\":{\"@type\":\"ListItem\",\"@id\":\"https:\\\/\\\/wia.net.pl\\\/index.php\\\/category\\\/artykuly\\\/#listItem\",\"name\":\"Artyku\\u0142y\"}}]},{\"@type\":\"Person\",\"@id\":\"https:\\\/\\\/wia.net.pl\\\/#person\",\"name\":\"Bart\\u0142omiej Talarczyk\",\"image\":{\"@type\":\"ImageObject\",\"@id\":\"https:\\\/\\\/wia.net.pl\\\/index.php\\\/2023\\\/06\\\/21\\\/eskalacja-polska-szkoli-bojownikow-do-ataku-na-bialorus\\\/#personImage\",\"url\":\"https:\\\/\\\/wia.net.pl\\\/wp-content\\\/uploads\\\/avatar-privacy\\\/cache\\\/user\\\/1\\\/7\\\/176a6b161c58363ff49b5c167264231f519f5c7fa183ca1f61e891769b6b56d5-96.jpg\",\"width\":96,\"height\":96,\"caption\":\"Bart\\u0142omiej Talarczyk\"}},{\"@type\":\"Person\",\"@id\":\"https:\\\/\\\/wia.net.pl\\\/index.php\\\/author\\\/trinity\\\/#author\",\"url\":\"https:\\\/\\\/wia.net.pl\\\/index.php\\\/author\\\/trinity\\\/\",\"name\":\"trinity\",\"image\":{\"@type\":\"ImageObject\",\"@id\":\"https:\\\/\\\/wia.net.pl\\\/index.php\\\/2023\\\/06\\\/21\\\/eskalacja-polska-szkoli-bojownikow-do-ataku-na-bialorus\\\/#authorImage\",\"url\":\"https:\\\/\\\/wia.net.pl\\\/wp-content\\\/uploads\\\/avatar-privacy\\\/cache\\\/user\\\/5\\\/f\\\/5f6547cf82495eaa10e100a6a45d5dbde2dfdc1be88557de2018fca705bdf6f1-96.jpg\",\"width\":96,\"height\":96,\"caption\":\"trinity\"}},{\"@type\":\"WebPage\",\"@id\":\"https:\\\/\\\/wia.net.pl\\\/index.php\\\/2023\\\/06\\\/21\\\/eskalacja-polska-szkoli-bojownikow-do-ataku-na-bialorus\\\/#webpage\",\"url\":\"https:\\\/\\\/wia.net.pl\\\/index.php\\\/2023\\\/06\\\/21\\\/eskalacja-polska-szkoli-bojownikow-do-ataku-na-bialorus\\\/\",\"name\":\"Eskalacja? Polska szkoli bojownik\\u00f3w do ataku na Bia\\u0142oru\\u015b - Wolno\\u015b\\u0107 i Anarchia\",\"description\":\"Lucas Leiroz de Almeida Global Research, 20 czerwca 2023 r InfoBrics Po raz kolejny dowody jasno wskazuj\\u0105, \\u017ce Zach\\u00f3d chce wci\\u0105gn\\u0105\\u0107 Bia\\u0142oru\\u015b w obecny konflikt. W raporcie opublikowanym przez The Times poinformowano, \\u017ce bia\\u0142oruscy bojownicy zes\\u0142ani na wygnanie s\\u0105 szkoleni na terytorium Polski w ramach przygotowa\\u0144 do przysz\\u0142ego powstania w ich kraju. Wed\\u0142ug gazety grupa \\u201e Bypol \\u201d,\",\"inLanguage\":\"pl-PL\",\"isPartOf\":{\"@id\":\"https:\\\/\\\/wia.net.pl\\\/#website\"},\"breadcrumb\":{\"@id\":\"https:\\\/\\\/wia.net.pl\\\/index.php\\\/2023\\\/06\\\/21\\\/eskalacja-polska-szkoli-bojownikow-do-ataku-na-bialorus\\\/#breadcrumblist\"},\"author\":{\"@id\":\"https:\\\/\\\/wia.net.pl\\\/index.php\\\/author\\\/trinity\\\/#author\"},\"creator\":{\"@id\":\"https:\\\/\\\/wia.net.pl\\\/index.php\\\/author\\\/trinity\\\/#author\"},\"image\":{\"@type\":\"ImageObject\",\"url\":\"https:\\\/\\\/wia.net.pl\\\/wp-content\\\/uploads\\\/2023\\\/06\\\/B-Belarus-militants-768x432-1.jpg\",\"@id\":\"https:\\\/\\\/wia.net.pl\\\/index.php\\\/2023\\\/06\\\/21\\\/eskalacja-polska-szkoli-bojownikow-do-ataku-na-bialorus\\\/#mainImage\",\"width\":768,\"height\":432},\"primaryImageOfPage\":{\"@id\":\"https:\\\/\\\/wia.net.pl\\\/index.php\\\/2023\\\/06\\\/21\\\/eskalacja-polska-szkoli-bojownikow-do-ataku-na-bialorus\\\/#mainImage\"},\"datePublished\":\"2023-06-21T11:18:33+02:00\",\"dateModified\":\"2023-06-21T11:18:33+02:00\"},{\"@type\":\"WebSite\",\"@id\":\"https:\\\/\\\/wia.net.pl\\\/#website\",\"url\":\"https:\\\/\\\/wia.net.pl\\\/\",\"name\":\"Wolno\\u015b\\u0107 i Anarchia\",\"description\":\"Ka\\u017cdy wewn\\u0119trznie jest anarchist\\u0105.\",\"inLanguage\":\"pl-PL\",\"publisher\":{\"@id\":\"https:\\\/\\\/wia.net.pl\\\/#person\"}}]}\n\t\t<\/script>\n\t\t<!-- All in One SEO -->\n\n","aioseo_head_json":{"title":"Eskalacja? Polska szkoli bojownik\u00f3w do ataku na Bia\u0142oru\u015b - Wolno\u015b\u0107 i Anarchia","description":"Lucas Leiroz de Almeida Global Research, 20 czerwca 2023 r InfoBrics Po raz kolejny dowody jasno wskazuj\u0105, \u017ce Zach\u00f3d chce wci\u0105gn\u0105\u0107 Bia\u0142oru\u015b w obecny konflikt. W raporcie opublikowanym przez The Times poinformowano, \u017ce bia\u0142oruscy bojownicy zes\u0142ani na wygnanie s\u0105 szkoleni na terytorium Polski w ramach przygotowa\u0144 do przysz\u0142ego powstania w ich kraju. Wed\u0142ug gazety grupa \u201e Bypol \u201d,","canonical_url":"https:\/\/wia.net.pl\/index.php\/2023\/06\/21\/eskalacja-polska-szkoli-bojownikow-do-ataku-na-bialorus\/","robots":"max-image-preview:large","keywords":"","webmasterTools":{"miscellaneous":""},"schema":{"@context":"https:\/\/schema.org","@graph":[{"@type":"BlogPosting","@id":"https:\/\/wia.net.pl\/index.php\/2023\/06\/21\/eskalacja-polska-szkoli-bojownikow-do-ataku-na-bialorus\/#blogposting","name":"Eskalacja? Polska szkoli bojownik\u00f3w do ataku na Bia\u0142oru\u015b - Wolno\u015b\u0107 i Anarchia","headline":"Eskalacja?\u00a0Polska szkoli bojownik\u00f3w do ataku na Bia\u0142oru\u015b","author":{"@id":"https:\/\/wia.net.pl\/index.php\/author\/trinity\/#author"},"publisher":{"@id":"https:\/\/wia.net.pl\/#person"},"image":{"@type":"ImageObject","url":"https:\/\/wia.net.pl\/wp-content\/uploads\/2023\/06\/B-Belarus-militants-768x432-1.jpg","width":768,"height":432},"datePublished":"2023-06-21T11:18:33+02:00","dateModified":"2023-06-21T11:18:33+02:00","inLanguage":"pl-PL","mainEntityOfPage":{"@id":"https:\/\/wia.net.pl\/index.php\/2023\/06\/21\/eskalacja-polska-szkoli-bojownikow-do-ataku-na-bialorus\/#webpage"},"isPartOf":{"@id":"https:\/\/wia.net.pl\/index.php\/2023\/06\/21\/eskalacja-polska-szkoli-bojownikow-do-ataku-na-bialorus\/#webpage"},"articleSection":"Artyku\u0142y"},{"@type":"BreadcrumbList","@id":"https:\/\/wia.net.pl\/index.php\/2023\/06\/21\/eskalacja-polska-szkoli-bojownikow-do-ataku-na-bialorus\/#breadcrumblist","itemListElement":[{"@type":"ListItem","@id":"https:\/\/wia.net.pl#listItem","position":1,"name":"Home","item":"https:\/\/wia.net.pl","nextItem":{"@type":"ListItem","@id":"https:\/\/wia.net.pl\/index.php\/category\/artykuly\/#listItem","name":"Artyku\u0142y"}},{"@type":"ListItem","@id":"https:\/\/wia.net.pl\/index.php\/category\/artykuly\/#listItem","position":2,"name":"Artyku\u0142y","item":"https:\/\/wia.net.pl\/index.php\/category\/artykuly\/","nextItem":{"@type":"ListItem","@id":"https:\/\/wia.net.pl\/index.php\/2023\/06\/21\/eskalacja-polska-szkoli-bojownikow-do-ataku-na-bialorus\/#listItem","name":"Eskalacja?\u00a0Polska szkoli bojownik\u00f3w do ataku na Bia\u0142oru\u015b"},"previousItem":{"@type":"ListItem","@id":"https:\/\/wia.net.pl#listItem","name":"Home"}},{"@type":"ListItem","@id":"https:\/\/wia.net.pl\/index.php\/2023\/06\/21\/eskalacja-polska-szkoli-bojownikow-do-ataku-na-bialorus\/#listItem","position":3,"name":"Eskalacja?\u00a0Polska szkoli bojownik\u00f3w do ataku na Bia\u0142oru\u015b","previousItem":{"@type":"ListItem","@id":"https:\/\/wia.net.pl\/index.php\/category\/artykuly\/#listItem","name":"Artyku\u0142y"}}]},{"@type":"Person","@id":"https:\/\/wia.net.pl\/#person","name":"Bart\u0142omiej Talarczyk","image":{"@type":"ImageObject","@id":"https:\/\/wia.net.pl\/index.php\/2023\/06\/21\/eskalacja-polska-szkoli-bojownikow-do-ataku-na-bialorus\/#personImage","url":"https:\/\/wia.net.pl\/wp-content\/uploads\/avatar-privacy\/cache\/user\/1\/7\/176a6b161c58363ff49b5c167264231f519f5c7fa183ca1f61e891769b6b56d5-96.jpg","width":96,"height":96,"caption":"Bart\u0142omiej Talarczyk"}},{"@type":"Person","@id":"https:\/\/wia.net.pl\/index.php\/author\/trinity\/#author","url":"https:\/\/wia.net.pl\/index.php\/author\/trinity\/","name":"trinity","image":{"@type":"ImageObject","@id":"https:\/\/wia.net.pl\/index.php\/2023\/06\/21\/eskalacja-polska-szkoli-bojownikow-do-ataku-na-bialorus\/#authorImage","url":"https:\/\/wia.net.pl\/wp-content\/uploads\/avatar-privacy\/cache\/user\/5\/f\/5f6547cf82495eaa10e100a6a45d5dbde2dfdc1be88557de2018fca705bdf6f1-96.jpg","width":96,"height":96,"caption":"trinity"}},{"@type":"WebPage","@id":"https:\/\/wia.net.pl\/index.php\/2023\/06\/21\/eskalacja-polska-szkoli-bojownikow-do-ataku-na-bialorus\/#webpage","url":"https:\/\/wia.net.pl\/index.php\/2023\/06\/21\/eskalacja-polska-szkoli-bojownikow-do-ataku-na-bialorus\/","name":"Eskalacja? Polska szkoli bojownik\u00f3w do ataku na Bia\u0142oru\u015b - Wolno\u015b\u0107 i Anarchia","description":"Lucas Leiroz de Almeida Global Research, 20 czerwca 2023 r InfoBrics Po raz kolejny dowody jasno wskazuj\u0105, \u017ce Zach\u00f3d chce wci\u0105gn\u0105\u0107 Bia\u0142oru\u015b w obecny konflikt. W raporcie opublikowanym przez The Times poinformowano, \u017ce bia\u0142oruscy bojownicy zes\u0142ani na wygnanie s\u0105 szkoleni na terytorium Polski w ramach przygotowa\u0144 do przysz\u0142ego powstania w ich kraju. Wed\u0142ug gazety grupa \u201e Bypol \u201d,","inLanguage":"pl-PL","isPartOf":{"@id":"https:\/\/wia.net.pl\/#website"},"breadcrumb":{"@id":"https:\/\/wia.net.pl\/index.php\/2023\/06\/21\/eskalacja-polska-szkoli-bojownikow-do-ataku-na-bialorus\/#breadcrumblist"},"author":{"@id":"https:\/\/wia.net.pl\/index.php\/author\/trinity\/#author"},"creator":{"@id":"https:\/\/wia.net.pl\/index.php\/author\/trinity\/#author"},"image":{"@type":"ImageObject","url":"https:\/\/wia.net.pl\/wp-content\/uploads\/2023\/06\/B-Belarus-militants-768x432-1.jpg","@id":"https:\/\/wia.net.pl\/index.php\/2023\/06\/21\/eskalacja-polska-szkoli-bojownikow-do-ataku-na-bialorus\/#mainImage","width":768,"height":432},"primaryImageOfPage":{"@id":"https:\/\/wia.net.pl\/index.php\/2023\/06\/21\/eskalacja-polska-szkoli-bojownikow-do-ataku-na-bialorus\/#mainImage"},"datePublished":"2023-06-21T11:18:33+02:00","dateModified":"2023-06-21T11:18:33+02:00"},{"@type":"WebSite","@id":"https:\/\/wia.net.pl\/#website","url":"https:\/\/wia.net.pl\/","name":"Wolno\u015b\u0107 i Anarchia","description":"Ka\u017cdy wewn\u0119trznie jest anarchist\u0105.","inLanguage":"pl-PL","publisher":{"@id":"https:\/\/wia.net.pl\/#person"}}]},"og:locale":"pl_PL","og:site_name":"Wolno\u015b\u0107 i Anarchia - Ka\u017cdy wewn\u0119trznie jest anarchist\u0105.","og:type":"article","og:title":"Eskalacja? Polska szkoli bojownik\u00f3w do ataku na Bia\u0142oru\u015b - Wolno\u015b\u0107 i Anarchia","og:description":"Lucas Leiroz de Almeida Global Research, 20 czerwca 2023 r InfoBrics Po raz kolejny dowody jasno wskazuj\u0105, \u017ce Zach\u00f3d chce wci\u0105gn\u0105\u0107 Bia\u0142oru\u015b w obecny konflikt. W raporcie opublikowanym przez The Times poinformowano, \u017ce bia\u0142oruscy bojownicy zes\u0142ani na wygnanie s\u0105 szkoleni na terytorium Polski w ramach przygotowa\u0144 do przysz\u0142ego powstania w ich kraju. Wed\u0142ug gazety grupa \u201e Bypol \u201d,","og:url":"https:\/\/wia.net.pl\/index.php\/2023\/06\/21\/eskalacja-polska-szkoli-bojownikow-do-ataku-na-bialorus\/","og:image":"https:\/\/wia.net.pl\/wp-content\/uploads\/2023\/11\/cropped-freedom-i73367.jpg","og:image:secure_url":"https:\/\/wia.net.pl\/wp-content\/uploads\/2023\/11\/cropped-freedom-i73367.jpg","article:published_time":"2023-06-21T09:18:33+00:00","article:modified_time":"2023-06-21T09:18:33+00:00","twitter:card":"summary_large_image","twitter:title":"Eskalacja? Polska szkoli bojownik\u00f3w do ataku na Bia\u0142oru\u015b - Wolno\u015b\u0107 i Anarchia","twitter:description":"Lucas Leiroz de Almeida Global Research, 20 czerwca 2023 r InfoBrics Po raz kolejny dowody jasno wskazuj\u0105, \u017ce Zach\u00f3d chce wci\u0105gn\u0105\u0107 Bia\u0142oru\u015b w obecny konflikt. W raporcie opublikowanym przez The Times poinformowano, \u017ce bia\u0142oruscy bojownicy zes\u0142ani na wygnanie s\u0105 szkoleni na terytorium Polski w ramach przygotowa\u0144 do przysz\u0142ego powstania w ich kraju. Wed\u0142ug gazety grupa \u201e Bypol \u201d,","twitter:image":"https:\/\/wia.net.pl\/wp-content\/uploads\/2023\/11\/cropped-freedom-i73367.jpg"},"aioseo_meta_data":{"post_id":"2450","title":null,"description":null,"keywords":[],"keyphrases":{"focus":{"keyphrase":"","score":0,"analysis":{"keyphraseInTitle":{"score":0,"maxScore":9,"error":1}}},"additional":[]},"primary_term":null,"canonical_url":null,"og_title":null,"og_description":null,"og_object_type":"default","og_image_type":"default","og_image_url":null,"og_image_width":null,"og_image_height":null,"og_image_custom_url":null,"og_image_custom_fields":null,"og_video":"","og_custom_url":null,"og_article_section":null,"og_article_tags":[],"twitter_use_og":false,"twitter_card":"default","twitter_image_type":"default","twitter_image_url":null,"twitter_image_custom_url":null,"twitter_image_custom_fields":null,"twitter_title":null,"twitter_description":null,"schema":{"blockGraphs":[],"customGraphs":[],"default":{"data":{"Article":[],"Course":[],"Dataset":[],"FAQPage":[],"Movie":[],"Person":[],"Product":[],"ProductReview":[],"Car":[],"Recipe":[],"Service":[],"SoftwareApplication":[],"WebPage":[]},"graphName":"","isEnabled":true},"graphs":[]},"schema_type":"default","schema_type_options":null,"pillar_content":false,"robots_default":true,"robots_noindex":false,"robots_noarchive":false,"robots_nosnippet":false,"robots_nofollow":false,"robots_noimageindex":false,"robots_noodp":false,"robots_notranslate":false,"robots_max_snippet":"-1","robots_max_videopreview":"-1","robots_max_imagepreview":"large","priority":0,"frequency":"default","local_seo":null,"breadcrumb_settings":null,"limit_modified_date":false,"ai":null,"created":"2023-06-21 09:18:33","updated":"2025-06-04 08:14:31","seo_analyzer_scan_date":null,"focus_keyword":null,"additional_keywords":null,"truseo_locale":null},"aioseo_breadcrumb":"<div class=\"aioseo-breadcrumbs\"><span class=\"aioseo-breadcrumb\">\n\t\t\t<a href=\"https:\/\/wia.net.pl\" title=\"Home\">Home<\/a>\n\t\t<\/span><span class=\"aioseo-breadcrumb-separator\">&raquo;<\/span><span class=\"aioseo-breadcrumb\">\n\t\t\t<a href=\"https:\/\/wia.net.pl\/index.php\/category\/artykuly\/\" title=\"Artyku\u0142y\">Artyku\u0142y<\/a>\n\t\t<\/span><span class=\"aioseo-breadcrumb-separator\">&raquo;<\/span><span class=\"aioseo-breadcrumb\">\n\t\t\tEskalacja? Polska szkoli bojownik\u00f3w do ataku na Bia\u0142oru\u015b\n\t\t<\/span><\/div>","aioseo_breadcrumb_json":[{"label":"Home","link":"https:\/\/wia.net.pl"},{"label":"Artyku\u0142y","link":"https:\/\/wia.net.pl\/index.php\/category\/artykuly\/"},{"label":"Eskalacja?\u00a0Polska szkoli bojownik\u00f3w do ataku na Bia\u0142oru\u015b","link":"https:\/\/wia.net.pl\/index.php\/2023\/06\/21\/eskalacja-polska-szkoli-bojownikow-do-ataku-na-bialorus\/"}],"_links":{"self":[{"href":"https:\/\/wia.net.pl\/index.php\/wp-json\/wp\/v2\/posts\/2450"}],"collection":[{"href":"https:\/\/wia.net.pl\/index.php\/wp-json\/wp\/v2\/posts"}],"about":[{"href":"https:\/\/wia.net.pl\/index.php\/wp-json\/wp\/v2\/types\/post"}],"author":[{"embeddable":true,"href":"https:\/\/wia.net.pl\/index.php\/wp-json\/wp\/v2\/users\/2"}],"replies":[{"embeddable":true,"href":"https:\/\/wia.net.pl\/index.php\/wp-json\/wp\/v2\/comments?post=2450"}],"version-history":[{"count":1,"href":"https:\/\/wia.net.pl\/index.php\/wp-json\/wp\/v2\/posts\/2450\/revisions"}],"predecessor-version":[{"id":2452,"href":"https:\/\/wia.net.pl\/index.php\/wp-json\/wp\/v2\/posts\/2450\/revisions\/2452"}],"wp:featuredmedia":[{"embeddable":true,"href":"https:\/\/wia.net.pl\/index.php\/wp-json\/wp\/v2\/media\/2451"}],"wp:attachment":[{"href":"https:\/\/wia.net.pl\/index.php\/wp-json\/wp\/v2\/media?parent=2450"}],"wp:term":[{"taxonomy":"category","embeddable":true,"href":"https:\/\/wia.net.pl\/index.php\/wp-json\/wp\/v2\/categories?post=2450"},{"taxonomy":"post_tag","embeddable":true,"href":"https:\/\/wia.net.pl\/index.php\/wp-json\/wp\/v2\/tags?post=2450"}],"curies":[{"name":"wp","href":"https:\/\/api.w.org\/{rel}","templated":true}]}}