{"id":2492,"date":"2023-06-23T12:40:20","date_gmt":"2023-06-23T10:40:20","guid":{"rendered":"https:\/\/wia.net.pl\/?p=2492"},"modified":"2023-06-23T12:40:21","modified_gmt":"2023-06-23T10:40:21","slug":"pierwsze-zdjecia-iranu-1848-1858","status":"publish","type":"post","link":"https:\/\/wia.net.pl\/index.php\/2023\/06\/23\/pierwsze-zdjecia-iranu-1848-1858\/","title":{"rendered":"Pierwsze zdj\u0119cia Iranu (1848-1858)"},"content":{"rendered":"\n<p>Siemanko. Witam ponownie. Znalaz\u0142em zdumiewaj\u0105c\u0105 kolekcj\u0119 pierwszych zdj\u0119\u0107 Iranu, wykonanych przez pu\u0142kownika Luigiego Pesce z Neapolu, kt\u00f3ry zosta\u0142 wys\u0142any do Iranu w 1848 roku, aby szkoli\u0107 nowe ira\u0144skie oddzia\u0142y piechoty do w\u0142oskiego standardu. Podczas stacjonowania w Iranie, Luigi Pesce zyska\u0142 uznanie, a niekt\u00f3rzy powiedzieliby, \u017ce mi\u0142o\u015b\u0107, do staro\u017cytnych struktur i artefakt\u00f3w, z kt\u00f3rymi mia\u0142 styczno\u015b\u0107 na co dzie\u0144.<\/p>\n\n\n\n<p>Postanowi\u0142 po\u0142\u0105czy\u0107 swoje nowe uznanie dla staro\u017cytnego Iranu ze swoim ulubionym hobby, kt\u00f3rym by\u0142a rozwijaj\u0105ca si\u0119 technologia fotografii. W latach 1848-1858 Luigi fotografowa\u0142 miasta, zabytki i mieszka\u0144c\u00f3w Iranu. Zdj\u0119cia s\u0105 bardzo wyra\u017ane i szczeg\u00f3\u0142owe jak na tamte czasy. Dzi\u015b obejrzymy jego rzadko ogl\u0105dan\u0105, ale historycznie wa\u017cn\u0105 kolekcj\u0119 w najdrobniejszych szczeg\u00f3\u0142ach.<\/p>\n\n\n\n<p>Spogl\u0105daj\u0105c na Stary \u015awiat przez pryzmat Bliskiego Wschodu, ze szczeg\u00f3lnym uwzgl\u0119dnieniem Iranu, znajdziemy w tej kolekcji liczne struktury; staro\u017cytne miejsca o znaczeniu biblijnym, sfotografowane po raz pierwszy w historii.<\/p>\n\n\n\n<p>Link do zdj\u0119\u0107:&nbsp;<a target=\"_blank\" rel=\"noreferrer noopener\" href=\"https:\/\/commons.wikimedia.org\/wiki\/Category:Historical_photographs_of_Iran_by_Luigi_Pesce\">https:\/\/commons.wikimedia.org\/wiki\/Category:Historical_photographs_of_Iran_by_Luigi_Pesce<\/a><\/p>\n\n\n\n<p>\u0179r\u00f3d\u0142o:\u00a0<a href=\"https:\/\/www.youtube.com\/@FRESHboosters\" target=\"_blank\" rel=\"noreferrer noopener\">https:\/\/www.youtube.com\/@FRESHboosters<\/a><\/p>\n\n\n<p><iframe loading=\"lazy\" id=\"odysee-iframe\" width=\"560\" height=\"315\" src=\"https:\/\/odysee.com\/$\/embed\/@wolnoscanarchia:d\/IRAN-1:6?r=DPjp8iKEfKgRaZuz8haiJoWzSogvDZqy\" allowfullscreen><\/iframe><\/p>\n<div class=\"remoji_bar\"><div class=\"remoji_add_container\" data-remoji-id=\"2492\" data-remoji-type=\"post\"><div class=\"remoji_add_icon\"><\/div><\/div><div class=\"remoji_error_bar\" data-remoji-id=\"2492\" data-remoji-type=\"post\" style=\"display: none;\">Error happened.<\/div><\/div>","protected":false},"excerpt":{"rendered":"<p>Siemanko. Witam ponownie. Znalaz\u0142em zdumiewaj\u0105c\u0105 kolekcj\u0119 pierwszych zdj\u0119\u0107 Iranu, wykonanych przez pu\u0142kownika Luigiego Pesce z Neapolu, kt\u00f3ry zosta\u0142 wys\u0142any do Iranu w 1848 roku, aby szkoli\u0107 nowe ira\u0144skie oddzia\u0142y piechoty do w\u0142oskiego standardu. Podczas stacjonowania w Iranie, Luigi Pesce zyska\u0142&#8230; <\/p>\n","protected":false},"author":3,"featured_media":2493,"comment_status":"open","ping_status":"open","sticky":false,"template":"","format":"standard","meta":{"_acf_changed":false,"_bbp_topic_count":0,"_bbp_reply_count":0,"_bbp_total_topic_count":0,"_bbp_total_reply_count":0,"_bbp_voice_count":0,"_bbp_anonymous_reply_count":0,"_bbp_topic_count_hidden":0,"_bbp_reply_count_hidden":0,"_bbp_forum_subforum_count":0,"om_disable_all_campaigns":false,"_monsterinsights_skip_tracking":false,"_monsterinsights_sitenote_active":false,"_monsterinsights_sitenote_note":"","_monsterinsights_sitenote_category":0,"footnotes":""},"categories":[11],"tags":[68,63,42,71,26,23,59,32,22,70,120,74,62],"class_list":["post-2492","post","type-post","status-publish","format-standard","has-post-thumbnail","hentry","category-antropologia","tag-cesarstwo-rzymskie","tag-historia-ziemi","tag-illuminati","tag-kosciol-katolicki","tag-ludzkosc","tag-niewolnictwo","tag-nwo","tag-rzad","tag-satanizm","tag-tajne-stowarzyszenia","tag-tartaria","tag-transhumanizm","tag-wszechswiat"],"acf":[],"aioseo_notices":[],"_links":{"self":[{"href":"https:\/\/wia.net.pl\/index.php\/wp-json\/wp\/v2\/posts\/2492"}],"collection":[{"href":"https:\/\/wia.net.pl\/index.php\/wp-json\/wp\/v2\/posts"}],"about":[{"href":"https:\/\/wia.net.pl\/index.php\/wp-json\/wp\/v2\/types\/post"}],"author":[{"embeddable":true,"href":"https:\/\/wia.net.pl\/index.php\/wp-json\/wp\/v2\/users\/3"}],"replies":[{"embeddable":true,"href":"https:\/\/wia.net.pl\/index.php\/wp-json\/wp\/v2\/comments?post=2492"}],"version-history":[{"count":1,"href":"https:\/\/wia.net.pl\/index.php\/wp-json\/wp\/v2\/posts\/2492\/revisions"}],"predecessor-version":[{"id":2494,"href":"https:\/\/wia.net.pl\/index.php\/wp-json\/wp\/v2\/posts\/2492\/revisions\/2494"}],"wp:featuredmedia":[{"embeddable":true,"href":"https:\/\/wia.net.pl\/index.php\/wp-json\/wp\/v2\/media\/2493"}],"wp:attachment":[{"href":"https:\/\/wia.net.pl\/index.php\/wp-json\/wp\/v2\/media?parent=2492"}],"wp:term":[{"taxonomy":"category","embeddable":true,"href":"https:\/\/wia.net.pl\/index.php\/wp-json\/wp\/v2\/categories?post=2492"},{"taxonomy":"post_tag","embeddable":true,"href":"https:\/\/wia.net.pl\/index.php\/wp-json\/wp\/v2\/tags?post=2492"}],"curies":[{"name":"wp","href":"https:\/\/api.w.org\/{rel}","templated":true}]}}