{"id":2503,"date":"2023-06-23T18:41:22","date_gmt":"2023-06-23T16:41:22","guid":{"rendered":"https:\/\/wia.net.pl\/?p=2503"},"modified":"2023-06-23T18:41:23","modified_gmt":"2023-06-23T16:41:23","slug":"kto-rzadzi-swiatem-czesc-1","status":"publish","type":"post","link":"https:\/\/wia.net.pl\/index.php\/2023\/06\/23\/kto-rzadzi-swiatem-czesc-1\/","title":{"rendered":"Kto rz\u0105dzi \u015bwiatem?\u00a0(Cz\u0119\u015b\u0107 1)"},"content":{"rendered":"\n<p>Autor, <a href=\"https:\/\/expose-news.com\/author\/rhoda-wilson\/\">RHODA WILSON<\/a><\/p>\n\n\n\n<p><\/p>\n\n\n\n<figure class=\"wp-block-image size-large\"><img loading=\"lazy\" decoding=\"async\" width=\"1024\" height=\"576\" src=\"https:\/\/wia.net.pl\/wp-content\/uploads\/2023\/06\/FeatJun23-1024x576.webp\" alt=\"\" class=\"wp-image-2504\" srcset=\"https:\/\/wia.net.pl\/wp-content\/uploads\/2023\/06\/FeatJun23-1024x576.webp 1024w, https:\/\/wia.net.pl\/wp-content\/uploads\/2023\/06\/FeatJun23-300x169.webp 300w, https:\/\/wia.net.pl\/wp-content\/uploads\/2023\/06\/FeatJun23-768x432.webp 768w, https:\/\/wia.net.pl\/wp-content\/uploads\/2023\/06\/FeatJun23-480x270.webp 480w, https:\/\/wia.net.pl\/wp-content\/uploads\/2023\/06\/FeatJun23.webp 1200w\" sizes=\"(max-width: 1024px) 100vw, 1024px\" \/><\/figure>\n\n\n\n<p><\/p>\n\n\n\n<p><strong>W dwucz\u0119\u015bciowym wyst\u0105pieniu dla\u00a0<a href=\"https:\/\/icic.law\/en\/dr-reiner-fuellmich\/\">Mi\u0119dzynarodowego Komitetu \u015aledczego ds. Zbrodni<\/a>\u00a0(\u201eICIC\u201d)\u00a0<a href=\"https:\/\/matthewehret.substack.com\/\">Matthew Ehret<\/a>\u00a0, dziennikarz, wyk\u0142adowca i za\u0142o\u017cyciel\u00a0<em><a href=\"https:\/\/canadianpatriot.org\/\">Canadian Patriot Review<\/a><\/em>\u00a0, rozmawia\u0142 z dr Reinerem Fuellmichem o strukturze wsp\u00f3\u0142czesnego oligarchizmu, wracaj\u0105c do geopolitycznie istotne pocz\u0105tki globalnie rz\u0105dz\u0105cego konglomeratu, kt\u00f3ry przez stulecia a\u017c do dnia dzisiejszego infiltrowa\u0142 wszystkie struktury spo\u0142eczno-polityczne i ujawni\u0142 swoj\u0105 pe\u0142ni\u0119 si\u0142y w tak zwanej \u201epandemii korony\u201d.<\/strong><\/p>\n\n\n\n<p><strong>Matthew Ehret wyja\u015bni\u0142 (geopolityczn\u0105) histori\u0119 za pomoc\u0105 \u017cywych obraz\u00f3w, nawigowanych przez upadek Rzymu i pojawienie si\u0119 Watykanu, Kanady i Imperium Brytyjskiego poprzez City of London i \u015awiatowe Forum Ekonomiczne (\u201eWEF\u201d) stowarzyszeniom w masonerii oraz dzisiejsze tak zwane trzyliterowe organizacje ameryka\u0144skie.<\/strong><\/p>\n\n\n\n<p>\u201eOd dawna \u017cyjemy w systemie oligarchizmu tych dziedzicznych pot\u0119g.&nbsp;Centrum rz\u0105du \u015bwiatowego znajdowa\u0142o si\u0119 przede wszystkim w londy\u0144skim City.&nbsp;City of London, podobnie jak dzisiaj, by\u0142o w 1776 roku \u015bwiatowym, globalnym centrum finansowym\u201d \u2013 powiedzia\u0142 Ehret.&nbsp;\u201eBrytyjska Kompania Wschodnioindyjska, po fuzji z Holendersk\u0105 Kompani\u0105 Wschodnioindyjsk\u0105, by\u0142a pierwsz\u0105 mi\u0119dzynarodow\u0105 korporacj\u0105 z w\u0142asnymi prywatnymi si\u0142ami najemnik\u00f3w g\u0142\u0119boko zintegrowanymi z brytyjskim parlamentem\u2026 koordynowanym przez brytyjski wywiad  brytyjskie Ministerstwo Spraw Zagranicznych\u201d.<\/p>\n\n\n\n<p>Kr\u00f3l Karol III poszed\u0142 w \u015blady ojca jako prezes brytyjskiego World Wildlife Fund for Nature, wyrazi\u0142 maltuzja\u0144sk\u0105 ide\u0119, \u017ce populacja ludzka nie r\u00f3\u017cni si\u0119 jako\u015bciowo od zwierz\u0105t, je\u015bli chodzi o ograniczenia populacji, i podziwia ludzi takich jak znani pedofil Jimmy Saville, kt\u00f3ry by\u0142 jednym z jego mentor\u00f3w i bliskim przyjacielem jego ojca, ksi\u0119cia Filipa.<\/p>\n\n\n\n<p>Ksi\u0105\u017c\u0119 Filip zosta\u0142 przeszkolony w ramach programu zarz\u0105dzanego przez nazist\u00f3w w szkole \u015bredniej.&nbsp;Jego cztery siostry wysz\u0142y za m\u0105\u017c za nazistowskich oficer\u00f3w SS.&nbsp;Wraz z Julianem Huxleyem i ksi\u0119ciem Bernhardem z Holandii, ksi\u0105\u017c\u0119 Filip za\u0142o\u017cy\u0142 World Wildlife Fund for Nature.&nbsp;Ide\u0105 tej organizacji by\u0142o odsuni\u0119cie warto\u015bci moralnych spo\u0142ecze\u0144stwa od wrodzonych warto\u015bci ludzkich, kt\u00f3re spowodowa\u0142y niepowodzenie wcze\u015bniejszych pr\u00f3b ustanowienia nowego porz\u0105dku \u015bwiata, oraz zmiana warto\u015bci spo\u0142ecze\u0144stw, aby \u201eocali\u0107 natur\u0119 przed lud\u017ami\u201d.&nbsp;<\/p>\n\n\n\n<p>Pomys\u0142 polega\u0142 na tym, \u017ce \u201e[kiedy] ludzie pr\u00f3buj\u0105 zastosowa\u0107 nauk\u0119 lub technologi\u0119, aby poprawi\u0107 swoje \u017cycie\u2026 zamierzamy stworzy\u0107 nowy typ systemu logicznego o nazwie&nbsp;<em>World Probl\u00e9matique<\/em>\u2013 kt\u00f3ry zawsze b\u0119dzie pr\u00f3bowa\u0142 zmapowa\u0107 ilo\u015b\u0107 problem\u00f3w, kt\u00f3re powoduje rozwi\u0105zywanie problem\u00f3w.&nbsp;Pomys\u0142 polega\u0142 na tym, \u017ce by\u0142a to nauka zajmuj\u0105ca si\u0119 problemami, a nie rozwi\u0105zywaniem problem\u00f3w, i nazwali to nauk\u0105.&nbsp;I powiedzieli, \u017ce to b\u0119dzie podstaw\u0105 Klubu Rzymskiego.&nbsp;B\u0119dzie to podstaw\u0105 nowego rodzaju nauki ekologizmu, kt\u00f3ra b\u0119dzie pr\u00f3bowa\u0142a znale\u017a\u0107 sposoby uzasadnienia, dlaczego istoty ludzkie nie powinny mie\u0107 \u017cadnego wp\u0142ywu na wszech\u015bwiat, a im mniej nas b\u0119dzie, tym lepiej dla wszystkich\u201d \u2014 powiedzia\u0142 Ehret.&nbsp;\u201eWi\u0119c to w\u0142a\u015bnie \u015awiatowe Forum Ekonomiczne, mimo \u017ce nazywane jest platform\u0105 biznesow\u0105, mia\u0142o [ ] promowa\u0107 pod \u201efornirem\u201d biznesu\u201d.<\/p>\n\n\n\n<p>Klaus Schwab, socjopata i protegowany Henry\u2019ego Kissingera, zosta\u0142 wybrany i wyznaczony do stworzenia \u201erodzaju m\u0142odszej grupy Bilderberg\u201d.&nbsp;WEF powsta\u0142 w 1971 r., aw 1973 r. w Manife\u015bcie z Davos wprowadzono ide\u0119 kapitalizmu interesariuszy.&nbsp;W tym samym roku t\u0142umom w Davos przedstawiono raport&nbsp;&nbsp;Klubu Rzymskiego \u201e&nbsp;<em>Granice wzrostu \u201d, aby pokaza\u0107 absurdalny pomys\u0142 kontrolowania globalnej liczby ludno\u015bci zgodnie z modelami komputerowymi.<\/em><\/p>\n\n\n\n<p>G\u0142\u00f3wnym fundatorem i patronem spotkania WEF w Davos w 1973 r. by\u0142 ksi\u0105\u017c\u0119 Bernhard z Holandii, kt\u00f3ry by\u0142 by\u0142ym nazistowskim oficerem i wcze\u015bniej za\u0142o\u017cy\u0142 grup\u0119 Bilderberg.&nbsp;Grupa Bilderberg to globalistyczny komitet organizacyjny, kt\u00f3ry spotyka si\u0119 co roku.&nbsp;Zosta\u0142 utworzony jako mechanizm koordynacji polityki mi\u0119dzynarodowej wok\u00f3\u0142 osi\u0105gni\u0119cia tego, czego nie uda\u0142o si\u0119 Adolfowi Hitlerowi w latach 30.\/40. kontrolowany pod centralnym dow\u00f3dztwem.&nbsp;W latach trzydziestych i czterdziestych XX wieku centralnym dow\u00f3dztwem by\u0142o City of London.<\/p>\n\n\n\n<p>Karol III jest oddanym fanem WEF, powiedzia\u0142 Ehret.&nbsp;Zosta\u0142 sprowadzony do WEF pod koniec lat 70., aby uczestniczy\u0107 w dzia\u0142aniach WEF.&nbsp;\u201eBy\u0142 postaci\u0105 wybran\u0105 [w 2020 r.] \u2026 do og\u0142oszenia programu Wielkiego Resetu \u2013 rozwi\u0105zania problemu globalnego ocieplenia i tak zwanej pandemii w tym samym czasie poprzez zresetowanie ca\u0142ej ludzkiej cywilizacji i wprowadzenie programu \u2026 w ramach nowego systemu funkcje warto\u015bci.&nbsp;I chocia\u017c nie powiedz\u0105 zbyt otwarcie o \u201ewyludnieniu\u201d na swoich oficjalnych platformach, gdy spojrzy si\u0119 na skutki robienia tego rodzaju rzeczy, kt\u00f3re proponuj\u0105 porozumienia traktatowe \u015awiatowej Organizacji Zdrowia lub polityka fanatyk\u00f3w zielonego nowego \u0142adu\u2026 efekt oznacza\u0142oby niestety [ ] masowe wyludnienie\u201d.<\/p>\n\n\n\n<p>Karol III jest tak\u017ce g\u0142ow\u0105 Wsp\u00f3lnoty Narod\u00f3w, kt\u00f3ra reprezentuje oko\u0142o 21,5% powierzchni l\u0105dowej \u015bwiata.&nbsp;Chocia\u017c Wielka Brytania nie ma tak du\u017cej kontroli, jak podczas rozkwitu Imperium Brytyjskiego w latach dwudziestych XX wieku, nadal ma pewien wp\u0142yw na narody Wsp\u00f3lnoty Narod\u00f3w.<\/p>\n\n\n\n<p>Jednym z podobie\u0144stw mi\u0119dzy Cesarstwem a Rzecz\u0105pospolit\u0105 jest mi\u0119dzynarodowy handel narkotykami.&nbsp;\u201eW jaki spos\u00f3b mi\u0119dzynarodowy terroryzm otrzymuje fundusze, kierunki, wsparcie logistyczne?&nbsp;\u2026 Terroryzm na arenie mi\u0119dzynarodowej\u2026 otrzymuje wsparcie [oraz wskaz\u00f3wki] od agencji wywiadowczych\u2026 a potrzebne pieni\u0105dze\u2026 cz\u0119sto ma miejsce poprzez pranie pieni\u0119dzy z narkotyk\u00f3w, kt\u00f3re ma miejsce\u2026 za po\u015brednictwem firm fasadowych i morskich Kajman\u00f3w Brytyjskich, Wysp Dziewiczych i innych operacji typowych na terytoriach Wsp\u00f3lnoty Brytyjskiej specjalnie zaprojektowany do tego celu\u201d \u2013 powiedzia\u0142 Ehret.&nbsp;\u201eTo cz\u0119\u015b\u0107 jednego z aspekt\u00f3w prawdziwego niewidzialnego imperium\u201d.<\/p>\n\n\n\n<p>Punktem zwrotnym dla przej\u015bcia USA pod kontrol\u0119 Wielkiej Brytanii by\u0142o morderstwo Williama McKinleya w 1901 roku. Po jego zamordowaniu, anglofil o nazwisku Teddy Roosevelt zosta\u0142 prezydentem Stan\u00f3w Zjednoczonych.&nbsp;Wkr\u00f3tce potem Roosevelt po raz pierwszy zadeklarowa\u0142 anglo-ameryka\u0144skie \u201especjalne stosunki\u201d.&nbsp;Roosevelt by\u0142 zagorza\u0142ym eugenikiem i u\u0142atwi\u0142 pojawienie si\u0119 i wsparcie rz\u0105du dla sterylizacji niezgodnych praw, eugeniki i praw kontroli populacji.&nbsp;Jego prokuratorem generalnym by\u0142 Charles Bonaparte, daleki kuzyn Napoleona, kt\u00f3remu powierzono utworzenie tajnej operacji policyjnej w sercu Ameryki, kt\u00f3ra przyj\u0119\u0142a nazw\u0119 Federalnego Biura \u015aledczego (FBI).&nbsp;FBI by\u0142o wzorowane na dw\u00f3ch nowo powsta\u0142ych organizacjach w Wielkiej Brytanii: MI5 i MI6.<\/p>\n\n\n\n<p>Dzisiaj, dzi\u0119ki rewelacjom Edwarda Snowdena, ludzie zdaj\u0105 sobie spraw\u0119, \u017ce Five Eyes \u2013 sojusz wywiadowczy obejmuj\u0105cy Australi\u0119, Kanad\u0119, Now\u0105 Zelandi\u0119, Wielk\u0105 Brytani\u0119 i USA \u2013 ma znacznie wi\u0119kszy wp\u0142yw ni\u017c wcze\u015bniej s\u0105dzono.&nbsp;\u201ePi\u0119\u0107 g\u0142\u00f3wnych kraj\u00f3w nale\u017c\u0105cych do Pi\u0119ciu Oczu nie przyzna\u0142o si\u0119 do istnienia tego czego\u015b a\u017c do lat 90. XX wieku.&nbsp;Edward Snowden ujawni\u0142, \u017ce macie ten ponadnarodowy zestaw porozumie\u0144, kt\u00f3re zosta\u0142y podpisane w tajemnicy w 1946 r., tego samego dnia, w kt\u00f3rym Sir Winston Churchill w Ameryce wzywa do \u017celaznej kurtyny \u2013 zjednoczenia anglosaskich ras w jeden wsp\u00f3lny front przeciwko komunizmowi, kt\u00f3ry ustanowi\u0142 wprawi\u0107 w ruch zimn\u0105 wojn\u0119\u201d \u2013 powiedzia\u0142 Ehret.&nbsp;<\/p>\n\n\n\n<p>Porozumienie obejmowa\u0142o po\u0142\u0105czenie r\u00f3\u017cnych agencji wywiadowczych z pi\u0119ciu kraj\u00f3w w celu wsp\u00f3\u0142pracy w ramach dzia\u0142a\u0144 wojennych przeciwko w\u0142asnemu narodowi, a tak\u017ce przeciwko innym narodom, w tym, ale nie izolowanym, blokowi komunistycznemu.&nbsp;The Five Eyes by\u0142o stworzeniem brytyjskiego programu.&nbsp;\u201eCz\u0119sto przedstawia si\u0119 to jako operacj\u0119 kierowan\u0105 przez Amerykan\u00f3w.&nbsp;W moich badaniach moje badania wci\u0105\u017c pokazuj\u0105 mi, \u017ce tak naprawd\u0119 to brytyjski sterowany mo\u017ce wykorzystywa\u0107 ameryka\u0144skie si\u0142y, ale sam w sobie nie jest nap\u0119dzany przyczynowo niczym autentycznie ameryka\u0144skim&nbsp;<em>per se<\/em>&nbsp;\u201d- powiedzia\u0142 Ehret.<\/p>\n\n\n\n<p>Agencja Bezpiecze\u0144stwa Narodowego (\u201eNSA\u201d) jest ameryka\u0144skim oddzia\u0142em Five Eyes.&nbsp;NSA \u015bci\u015ble wsp\u00f3\u0142pracuje z wywiadem FBI, CIA i US Army.&nbsp;Kuzyn Winstona Churchilla, genera\u0142 Marlborough Churchill, za\u0142o\u017cy\u0142 American Black Chamber w 1919 roku. W 1930 roku, kiedy gen. Churchill odszed\u0142 i za\u0142o\u017cy\u0142 Macy Commission, American Black Chamber zosta\u0142a przemianowana na NSA.<\/p>\n\n\n\n<figure class=\"wp-block-image\"><img decoding=\"async\" src=\"https:\/\/i0.wp.com\/expose-news.com\/wp-content\/uploads\/2023\/06\/image-74.png?resize=596%2C338&amp;ssl=1\" alt=\"\" class=\"wp-image-281557\"\/><figcaption class=\"wp-element-caption\">Prawo ICIC:&nbsp;<a href=\"https:\/\/rumble.com\/v2umkoi-wer-regiert-die-welt-und-seit-wann-part-1.html\">Kto rz\u0105dzi \u015bwiatem i od kiedy?&nbsp;Cz\u0119\u015b\u0107 1<\/a>&nbsp;, znacznik czasu 42:42<\/figcaption><\/figure>\n\n\n\n<p>Macy Commission lub Foundation promowa\u0142a sterylizacj\u0119 ludzi, kt\u00f3rych dzieci prawdopodobnie by\u0142y przest\u0119pcami, mia\u0142y niski IQ itp. \u2013 zgodnie z genetyk\u0105 rodzic\u00f3w, statystykami, modelami matematycznymi i scenariuszami przysz\u0142o\u015bci, kt\u00f3re ignorowa\u0142y wszystkie zmienne spo\u0142eczno-ekonomiczne.&nbsp;Na tej podstawie \u201ewielu ludzi zosta\u0142o wysterylizowanych\u201d, powiedzia\u0142 Ehret, szczeg\u00f3lnie w rodzimych populacjach w Ameryce P\u00f3\u0142nocnej.&nbsp;<\/p>\n\n\n\n<p>Macy Foundation po drugiej wojnie \u015bwiatowej za\u0142o\u017cy\u0142a konferencje Macy Foundation on Cybernetics.&nbsp;Cybernetyka by\u0142a now\u0105 nauk\u0105 o sterowaniu opart\u0105 na za\u0142o\u017ceniu, \u017ce ka\u017cdy system, np. przyroda czy ludzka gospodarka, mo\u017ce by\u0107 wzorowany na komputerze i zarz\u0105dzany przez centralne dow\u00f3dztwo.&nbsp;To postawi\u0142o Fundacj\u0119 w sercu Klubu Rzymskiego, poniewa\u017c j\u0119zykiem przewodnim Klubu Rzymskiego jest cybernetyka.<\/p>\n\n\n\n<p>Z gen. Churchillem \u015bci\u015ble wsp\u00f3\u0142pracowa\u0142 Claude Dansey.<\/p>\n\n\n\n<figure class=\"wp-block-image\"><img decoding=\"async\" src=\"https:\/\/i0.wp.com\/expose-news.com\/wp-content\/uploads\/2023\/06\/image-75.png?resize=590%2C338&amp;ssl=1\" alt=\"\" class=\"wp-image-281560\"\/><figcaption class=\"wp-element-caption\">Prawo ICIC:&nbsp;<a href=\"https:\/\/rumble.com\/v2umkoi-wer-regiert-die-welt-und-seit-wann-part-1.html\">Kto rz\u0105dzi \u015bwiatem i od kiedy?&nbsp;Cz\u0119\u015b\u0107 1<\/a>&nbsp;, znacznik czasu 47:46<\/figcaption><\/figure>\n\n\n\n<p>Je\u015bli masz ma\u0142o czasu i nie mo\u017cesz obejrze\u0107 jego pe\u0142nej prezentacji, od tego momentu (sygnatura czasowa 47:46) warto pos\u0142ucha\u0107, co ma do powiedzenia Ehret.&nbsp;Poda\u0142 liczne, b\u0142yskawiczne fakty, zbyt wiele, by wymieni\u0107 je w tym tek\u015bcie, dotycz\u0105ce Claude\u2019a Danseya, Johna Churchilla, rodziny Cecil\u00f3w, przej\u0119cia Wielkiej Brytanii w 1688 roku przez Parti\u0119 Weneck\u0105, obj\u0119cia urz\u0119du przez Wilhelma Ora\u0144skiego, ustanowienia Bank of England, przej\u0119cie Holandii przez rodziny weneckie, jak rodziny weneckie zdoby\u0142y w\u0142adz\u0119 po upadku Rzymu i nie tylko.<\/p>\n\n\n\n<p>https:\/\/rumble.com\/embed\/v2s1fdr\/?pub=4#?secret=hW05phM3SxPrawo ICIC: Kto rz\u0105dzi \u015bwiatem i od kiedy?&nbsp;Cz\u0119\u015b\u0107 1, 16 czerwca 2023 (67 min)<\/p>\n\n\n\n<p>Je\u015bli nie mo\u017cesz obejrze\u0107 powy\u017cszego filmu na Rumble, mo\u017cesz obejrze\u0107 go na Odysee&nbsp;<a href=\"https:\/\/odysee.com\/@ICIC:3\/Who-Rules-the-World,-and-Since-When,-Part-1_FINAL_HD720:c\">TUTAJ<\/a>&nbsp;lub pos\u0142ucha\u0107 na Sound Cloud&nbsp;<a href=\"https:\/\/soundcloud.com\/mattehret\/who-runs-the-world-understanding-the-modern-oligarchy-part-1\">TUTAJ<\/a>&nbsp;.<\/p>\n\n\n\n<p><strong>Dalsze zasoby:<\/strong><\/p>\n\n\n\n<ul class=\"wp-block-list\">\n<li>Wideo:&nbsp;<a href=\"https:\/\/rumble.com\/v2ut49y-who-rules-the-world-and-since-when-part-2.html\">Kto rz\u0105dzi \u015bwiatem i od kiedy?&nbsp;Cz\u0119\u015b\u0107 2<\/a>&nbsp;(98 minut)<\/li>\n\n\n\n<li>Ksi\u0105\u017cki, do kt\u00f3rych mo\u017cna kupi\u0107 kopie pdf, autorstwa Matthew Ehreta i Cynthii Chung&nbsp;<a href=\"https:\/\/canadianpatriot.org\/magazines\/\">TUTAJ<\/a><\/li>\n<\/ul>\n\n\n\n<p><em>Wyr\u00f3\u017cniony obraz:&nbsp;<a href=\"https:\/\/canadianpatriot.org\/2023\/06\/21\/who-runs-the-world-understanding-the-modern-oligarchy-part-1-and-2\/\">Kto rz\u0105dzi \u015bwiatem?&nbsp;Zrozumienie wsp\u00f3\u0142czesnej oligarchii, cz\u0119\u015b\u0107 1 i 2<\/a>&nbsp;, kanadyjski patriota<\/em><\/p>\n\n\n\n<figure class=\"wp-block-image\"><img decoding=\"async\" src=\"https:\/\/i0.wp.com\/expose-news.com\/wp-content\/uploads\/2023\/06\/FeatJun23.png?ssl=1\" alt=\"\"\/><\/figure>\n\n\n\n<p>\u017bR\u00d3D\u0141O https:\/\/expose-news.com\/2023\/06\/23\/who-rules-the-world-part-1\/<\/p>\n","protected":false},"excerpt":{"rendered":"<p>Autor, RHODA WILSON W dwucz\u0119\u015bciowym wyst\u0105pieniu dla\u00a0Mi\u0119dzynarodowego Komitetu \u015aledczego ds. Zbrodni\u00a0(\u201eICIC\u201d)\u00a0Matthew Ehret\u00a0, dziennikarz, wyk\u0142adowca i za\u0142o\u017cyciel\u00a0Canadian Patriot Review\u00a0, rozmawia\u0142 z dr Reinerem Fuellmichem o strukturze wsp\u00f3\u0142czesnego oligarchizmu, wracaj\u0105c do geopolitycznie istotne pocz\u0105tki globalnie rz\u0105dz\u0105cego konglomeratu, kt\u00f3ry przez stulecia a\u017c do&#8230; <\/p>\n","protected":false},"author":2,"featured_media":2515,"comment_status":"open","ping_status":"open","sticky":false,"template":"","format":"standard","meta":{"_acf_changed":false,"_bbp_topic_count":0,"_bbp_reply_count":0,"_bbp_total_topic_count":0,"_bbp_total_reply_count":0,"_bbp_voice_count":0,"_bbp_anonymous_reply_count":0,"_bbp_topic_count_hidden":0,"_bbp_reply_count_hidden":0,"_bbp_forum_subforum_count":0,"om_disable_all_campaigns":false,"_monsterinsights_skip_tracking":false,"footnotes":""},"categories":[93],"tags":[],"class_list":["post-2503","post","type-post","status-publish","format-standard","has-post-thumbnail","hentry","category-artykuly"],"acf":[],"aioseo_notices":[],"aioseo_head":"\n\t\t<!-- All in One SEO 5.0.1.1 - aioseo.com -->\n\t<meta name=\"description\" content=\"Autor, RHODA WILSON W dwucz\u0119\u015bciowym wyst\u0105pieniu dla Mi\u0119dzynarodowego Komitetu \u015aledczego ds. Zbrodni (\u201eICIC\u201d) Matthew Ehret , dziennikarz, wyk\u0142adowca i za\u0142o\u017cyciel Canadian Patriot Review , rozmawia\u0142 z dr Reinerem Fuellmichem o strukturze wsp\u00f3\u0142czesnego oligarchizmu, wracaj\u0105c do geopolitycznie istotne pocz\u0105tki globalnie rz\u0105dz\u0105cego konglomeratu, kt\u00f3ry przez stulecia a\u017c do dnia dzisiejszego infiltrowa\u0142 wszystkie struktury spo\u0142eczno-polityczne i ujawni\u0142 swoj\u0105 pe\u0142ni\u0119 si\u0142y w tak zwanej \u201epandemii\" \/>\n\t<meta name=\"robots\" content=\"max-image-preview:large\" \/>\n\t<meta name=\"author\" content=\"trinity\"\/>\n\t<link rel=\"canonical\" href=\"https:\/\/wia.net.pl\/index.php\/2023\/06\/23\/kto-rzadzi-swiatem-czesc-1\/\" \/>\n\t<meta name=\"generator\" content=\"All in One SEO (AIOSEO) 5.0.1.1\" \/>\n\t\t<meta property=\"og:locale\" content=\"pl_PL\" \/>\n\t\t<meta property=\"og:site_name\" content=\"Wolno\u015b\u0107 i Anarchia - Ka\u017cdy wewn\u0119trznie jest anarchist\u0105.\" \/>\n\t\t<meta property=\"og:type\" content=\"article\" \/>\n\t\t<meta property=\"og:title\" content=\"Kto rz\u0105dzi \u015bwiatem? (Cz\u0119\u015b\u0107 1) - Wolno\u015b\u0107 i Anarchia\" \/>\n\t\t<meta property=\"og:description\" content=\"Autor, RHODA WILSON W dwucz\u0119\u015bciowym wyst\u0105pieniu dla Mi\u0119dzynarodowego Komitetu \u015aledczego ds. Zbrodni (\u201eICIC\u201d) Matthew Ehret , dziennikarz, wyk\u0142adowca i za\u0142o\u017cyciel Canadian Patriot Review , rozmawia\u0142 z dr Reinerem Fuellmichem o strukturze wsp\u00f3\u0142czesnego oligarchizmu, wracaj\u0105c do geopolitycznie istotne pocz\u0105tki globalnie rz\u0105dz\u0105cego konglomeratu, kt\u00f3ry przez stulecia a\u017c do dnia dzisiejszego infiltrowa\u0142 wszystkie struktury spo\u0142eczno-polityczne i ujawni\u0142 swoj\u0105 pe\u0142ni\u0119 si\u0142y w tak zwanej \u201epandemii\" \/>\n\t\t<meta property=\"og:url\" content=\"https:\/\/wia.net.pl\/index.php\/2023\/06\/23\/kto-rzadzi-swiatem-czesc-1\/\" \/>\n\t\t<meta property=\"og:image\" content=\"https:\/\/wia.net.pl\/wp-content\/uploads\/2023\/11\/cropped-freedom-i73367.jpg\" \/>\n\t\t<meta property=\"og:image:secure_url\" content=\"https:\/\/wia.net.pl\/wp-content\/uploads\/2023\/11\/cropped-freedom-i73367.jpg\" \/>\n\t\t<meta property=\"article:published_time\" content=\"2023-06-23T16:41:22+00:00\" \/>\n\t\t<meta property=\"article:modified_time\" content=\"2023-06-23T16:41:23+00:00\" \/>\n\t\t<meta name=\"twitter:card\" content=\"summary_large_image\" \/>\n\t\t<meta name=\"twitter:title\" content=\"Kto rz\u0105dzi \u015bwiatem? (Cz\u0119\u015b\u0107 1) - Wolno\u015b\u0107 i Anarchia\" \/>\n\t\t<meta name=\"twitter:description\" content=\"Autor, RHODA WILSON W dwucz\u0119\u015bciowym wyst\u0105pieniu dla Mi\u0119dzynarodowego Komitetu \u015aledczego ds. Zbrodni (\u201eICIC\u201d) Matthew Ehret , dziennikarz, wyk\u0142adowca i za\u0142o\u017cyciel Canadian Patriot Review , rozmawia\u0142 z dr Reinerem Fuellmichem o strukturze wsp\u00f3\u0142czesnego oligarchizmu, wracaj\u0105c do geopolitycznie istotne pocz\u0105tki globalnie rz\u0105dz\u0105cego konglomeratu, kt\u00f3ry przez stulecia a\u017c do dnia dzisiejszego infiltrowa\u0142 wszystkie struktury spo\u0142eczno-polityczne i ujawni\u0142 swoj\u0105 pe\u0142ni\u0119 si\u0142y w tak zwanej \u201epandemii\" \/>\n\t\t<meta name=\"twitter:image\" content=\"https:\/\/wia.net.pl\/wp-content\/uploads\/2023\/11\/cropped-freedom-i73367.jpg\" \/>\n\t\t<script type=\"application\/ld+json\" class=\"aioseo-schema\">\n\t\t\t{\"@context\":\"https:\\\/\\\/schema.org\",\"@graph\":[{\"@type\":\"BlogPosting\",\"@id\":\"https:\\\/\\\/wia.net.pl\\\/index.php\\\/2023\\\/06\\\/23\\\/kto-rzadzi-swiatem-czesc-1\\\/#blogposting\",\"name\":\"Kto rz\\u0105dzi \\u015bwiatem? (Cz\\u0119\\u015b\\u0107 1) - Wolno\\u015b\\u0107 i Anarchia\",\"headline\":\"Kto rz\\u0105dzi \\u015bwiatem?\\u00a0(Cz\\u0119\\u015b\\u0107 1)\",\"author\":{\"@id\":\"https:\\\/\\\/wia.net.pl\\\/index.php\\\/author\\\/trinity\\\/#author\"},\"publisher\":{\"@id\":\"https:\\\/\\\/wia.net.pl\\\/#person\"},\"image\":{\"@type\":\"ImageObject\",\"url\":\"https:\\\/\\\/wia.net.pl\\\/wp-content\\\/uploads\\\/2023\\\/06\\\/photo_5814601299298205114_y.jpg\",\"width\":1280,\"height\":720},\"datePublished\":\"2023-06-23T18:41:22+02:00\",\"dateModified\":\"2023-06-23T18:41:23+02:00\",\"inLanguage\":\"pl-PL\",\"mainEntityOfPage\":{\"@id\":\"https:\\\/\\\/wia.net.pl\\\/index.php\\\/2023\\\/06\\\/23\\\/kto-rzadzi-swiatem-czesc-1\\\/#webpage\"},\"isPartOf\":{\"@id\":\"https:\\\/\\\/wia.net.pl\\\/index.php\\\/2023\\\/06\\\/23\\\/kto-rzadzi-swiatem-czesc-1\\\/#webpage\"},\"articleSection\":\"Artyku\\u0142y\"},{\"@type\":\"BreadcrumbList\",\"@id\":\"https:\\\/\\\/wia.net.pl\\\/index.php\\\/2023\\\/06\\\/23\\\/kto-rzadzi-swiatem-czesc-1\\\/#breadcrumblist\",\"itemListElement\":[{\"@type\":\"ListItem\",\"@id\":\"https:\\\/\\\/wia.net.pl#listItem\",\"position\":1,\"name\":\"Home\",\"item\":\"https:\\\/\\\/wia.net.pl\",\"nextItem\":{\"@type\":\"ListItem\",\"@id\":\"https:\\\/\\\/wia.net.pl\\\/index.php\\\/category\\\/artykuly\\\/#listItem\",\"name\":\"Artyku\\u0142y\"}},{\"@type\":\"ListItem\",\"@id\":\"https:\\\/\\\/wia.net.pl\\\/index.php\\\/category\\\/artykuly\\\/#listItem\",\"position\":2,\"name\":\"Artyku\\u0142y\",\"item\":\"https:\\\/\\\/wia.net.pl\\\/index.php\\\/category\\\/artykuly\\\/\",\"nextItem\":{\"@type\":\"ListItem\",\"@id\":\"https:\\\/\\\/wia.net.pl\\\/index.php\\\/2023\\\/06\\\/23\\\/kto-rzadzi-swiatem-czesc-1\\\/#listItem\",\"name\":\"Kto rz\\u0105dzi \\u015bwiatem?\\u00a0(Cz\\u0119\\u015b\\u0107 1)\"},\"previousItem\":{\"@type\":\"ListItem\",\"@id\":\"https:\\\/\\\/wia.net.pl#listItem\",\"name\":\"Home\"}},{\"@type\":\"ListItem\",\"@id\":\"https:\\\/\\\/wia.net.pl\\\/index.php\\\/2023\\\/06\\\/23\\\/kto-rzadzi-swiatem-czesc-1\\\/#listItem\",\"position\":3,\"name\":\"Kto rz\\u0105dzi \\u015bwiatem?\\u00a0(Cz\\u0119\\u015b\\u0107 1)\",\"previousItem\":{\"@type\":\"ListItem\",\"@id\":\"https:\\\/\\\/wia.net.pl\\\/index.php\\\/category\\\/artykuly\\\/#listItem\",\"name\":\"Artyku\\u0142y\"}}]},{\"@type\":\"Person\",\"@id\":\"https:\\\/\\\/wia.net.pl\\\/#person\",\"name\":\"Bart\\u0142omiej Talarczyk\",\"image\":{\"@type\":\"ImageObject\",\"@id\":\"https:\\\/\\\/wia.net.pl\\\/index.php\\\/2023\\\/06\\\/23\\\/kto-rzadzi-swiatem-czesc-1\\\/#personImage\",\"url\":\"https:\\\/\\\/wia.net.pl\\\/wp-content\\\/uploads\\\/avatar-privacy\\\/cache\\\/user\\\/1\\\/7\\\/176a6b161c58363ff49b5c167264231f519f5c7fa183ca1f61e891769b6b56d5-96.jpg\",\"width\":96,\"height\":96,\"caption\":\"Bart\\u0142omiej Talarczyk\"}},{\"@type\":\"Person\",\"@id\":\"https:\\\/\\\/wia.net.pl\\\/index.php\\\/author\\\/trinity\\\/#author\",\"url\":\"https:\\\/\\\/wia.net.pl\\\/index.php\\\/author\\\/trinity\\\/\",\"name\":\"trinity\",\"image\":{\"@type\":\"ImageObject\",\"@id\":\"https:\\\/\\\/wia.net.pl\\\/index.php\\\/2023\\\/06\\\/23\\\/kto-rzadzi-swiatem-czesc-1\\\/#authorImage\",\"url\":\"https:\\\/\\\/wia.net.pl\\\/wp-content\\\/uploads\\\/avatar-privacy\\\/cache\\\/user\\\/5\\\/f\\\/5f6547cf82495eaa10e100a6a45d5dbde2dfdc1be88557de2018fca705bdf6f1-96.jpg\",\"width\":96,\"height\":96,\"caption\":\"trinity\"}},{\"@type\":\"WebPage\",\"@id\":\"https:\\\/\\\/wia.net.pl\\\/index.php\\\/2023\\\/06\\\/23\\\/kto-rzadzi-swiatem-czesc-1\\\/#webpage\",\"url\":\"https:\\\/\\\/wia.net.pl\\\/index.php\\\/2023\\\/06\\\/23\\\/kto-rzadzi-swiatem-czesc-1\\\/\",\"name\":\"Kto rz\\u0105dzi \\u015bwiatem? (Cz\\u0119\\u015b\\u0107 1) - Wolno\\u015b\\u0107 i Anarchia\",\"description\":\"Autor, RHODA WILSON W dwucz\\u0119\\u015bciowym wyst\\u0105pieniu dla Mi\\u0119dzynarodowego Komitetu \\u015aledczego ds. Zbrodni (\\u201eICIC\\u201d) Matthew Ehret , dziennikarz, wyk\\u0142adowca i za\\u0142o\\u017cyciel Canadian Patriot Review , rozmawia\\u0142 z dr Reinerem Fuellmichem o strukturze wsp\\u00f3\\u0142czesnego oligarchizmu, wracaj\\u0105c do geopolitycznie istotne pocz\\u0105tki globalnie rz\\u0105dz\\u0105cego konglomeratu, kt\\u00f3ry przez stulecia a\\u017c do dnia dzisiejszego infiltrowa\\u0142 wszystkie struktury spo\\u0142eczno-polityczne i ujawni\\u0142 swoj\\u0105 pe\\u0142ni\\u0119 si\\u0142y w tak zwanej \\u201epandemii\",\"inLanguage\":\"pl-PL\",\"isPartOf\":{\"@id\":\"https:\\\/\\\/wia.net.pl\\\/#website\"},\"breadcrumb\":{\"@id\":\"https:\\\/\\\/wia.net.pl\\\/index.php\\\/2023\\\/06\\\/23\\\/kto-rzadzi-swiatem-czesc-1\\\/#breadcrumblist\"},\"author\":{\"@id\":\"https:\\\/\\\/wia.net.pl\\\/index.php\\\/author\\\/trinity\\\/#author\"},\"creator\":{\"@id\":\"https:\\\/\\\/wia.net.pl\\\/index.php\\\/author\\\/trinity\\\/#author\"},\"image\":{\"@type\":\"ImageObject\",\"url\":\"https:\\\/\\\/wia.net.pl\\\/wp-content\\\/uploads\\\/2023\\\/06\\\/photo_5814601299298205114_y.jpg\",\"@id\":\"https:\\\/\\\/wia.net.pl\\\/index.php\\\/2023\\\/06\\\/23\\\/kto-rzadzi-swiatem-czesc-1\\\/#mainImage\",\"width\":1280,\"height\":720},\"primaryImageOfPage\":{\"@id\":\"https:\\\/\\\/wia.net.pl\\\/index.php\\\/2023\\\/06\\\/23\\\/kto-rzadzi-swiatem-czesc-1\\\/#mainImage\"},\"datePublished\":\"2023-06-23T18:41:22+02:00\",\"dateModified\":\"2023-06-23T18:41:23+02:00\"},{\"@type\":\"WebSite\",\"@id\":\"https:\\\/\\\/wia.net.pl\\\/#website\",\"url\":\"https:\\\/\\\/wia.net.pl\\\/\",\"name\":\"Wolno\\u015b\\u0107 i Anarchia\",\"description\":\"Ka\\u017cdy wewn\\u0119trznie jest anarchist\\u0105.\",\"inLanguage\":\"pl-PL\",\"publisher\":{\"@id\":\"https:\\\/\\\/wia.net.pl\\\/#person\"}}]}\n\t\t<\/script>\n\t\t<!-- All in One SEO -->\n\n","aioseo_head_json":{"title":"Kto rz\u0105dzi \u015bwiatem? (Cz\u0119\u015b\u0107 1) - Wolno\u015b\u0107 i Anarchia","description":"Autor, RHODA WILSON W dwucz\u0119\u015bciowym wyst\u0105pieniu dla Mi\u0119dzynarodowego Komitetu \u015aledczego ds. Zbrodni (\u201eICIC\u201d) Matthew Ehret , dziennikarz, wyk\u0142adowca i za\u0142o\u017cyciel Canadian Patriot Review , rozmawia\u0142 z dr Reinerem Fuellmichem o strukturze wsp\u00f3\u0142czesnego oligarchizmu, wracaj\u0105c do geopolitycznie istotne pocz\u0105tki globalnie rz\u0105dz\u0105cego konglomeratu, kt\u00f3ry przez stulecia a\u017c do dnia dzisiejszego infiltrowa\u0142 wszystkie struktury spo\u0142eczno-polityczne i ujawni\u0142 swoj\u0105 pe\u0142ni\u0119 si\u0142y w tak zwanej \u201epandemii","canonical_url":"https:\/\/wia.net.pl\/index.php\/2023\/06\/23\/kto-rzadzi-swiatem-czesc-1\/","robots":"max-image-preview:large","keywords":"","webmasterTools":{"miscellaneous":""},"schema":{"@context":"https:\/\/schema.org","@graph":[{"@type":"BlogPosting","@id":"https:\/\/wia.net.pl\/index.php\/2023\/06\/23\/kto-rzadzi-swiatem-czesc-1\/#blogposting","name":"Kto rz\u0105dzi \u015bwiatem? (Cz\u0119\u015b\u0107 1) - Wolno\u015b\u0107 i Anarchia","headline":"Kto rz\u0105dzi \u015bwiatem?\u00a0(Cz\u0119\u015b\u0107 1)","author":{"@id":"https:\/\/wia.net.pl\/index.php\/author\/trinity\/#author"},"publisher":{"@id":"https:\/\/wia.net.pl\/#person"},"image":{"@type":"ImageObject","url":"https:\/\/wia.net.pl\/wp-content\/uploads\/2023\/06\/photo_5814601299298205114_y.jpg","width":1280,"height":720},"datePublished":"2023-06-23T18:41:22+02:00","dateModified":"2023-06-23T18:41:23+02:00","inLanguage":"pl-PL","mainEntityOfPage":{"@id":"https:\/\/wia.net.pl\/index.php\/2023\/06\/23\/kto-rzadzi-swiatem-czesc-1\/#webpage"},"isPartOf":{"@id":"https:\/\/wia.net.pl\/index.php\/2023\/06\/23\/kto-rzadzi-swiatem-czesc-1\/#webpage"},"articleSection":"Artyku\u0142y"},{"@type":"BreadcrumbList","@id":"https:\/\/wia.net.pl\/index.php\/2023\/06\/23\/kto-rzadzi-swiatem-czesc-1\/#breadcrumblist","itemListElement":[{"@type":"ListItem","@id":"https:\/\/wia.net.pl#listItem","position":1,"name":"Home","item":"https:\/\/wia.net.pl","nextItem":{"@type":"ListItem","@id":"https:\/\/wia.net.pl\/index.php\/category\/artykuly\/#listItem","name":"Artyku\u0142y"}},{"@type":"ListItem","@id":"https:\/\/wia.net.pl\/index.php\/category\/artykuly\/#listItem","position":2,"name":"Artyku\u0142y","item":"https:\/\/wia.net.pl\/index.php\/category\/artykuly\/","nextItem":{"@type":"ListItem","@id":"https:\/\/wia.net.pl\/index.php\/2023\/06\/23\/kto-rzadzi-swiatem-czesc-1\/#listItem","name":"Kto rz\u0105dzi \u015bwiatem?\u00a0(Cz\u0119\u015b\u0107 1)"},"previousItem":{"@type":"ListItem","@id":"https:\/\/wia.net.pl#listItem","name":"Home"}},{"@type":"ListItem","@id":"https:\/\/wia.net.pl\/index.php\/2023\/06\/23\/kto-rzadzi-swiatem-czesc-1\/#listItem","position":3,"name":"Kto rz\u0105dzi \u015bwiatem?\u00a0(Cz\u0119\u015b\u0107 1)","previousItem":{"@type":"ListItem","@id":"https:\/\/wia.net.pl\/index.php\/category\/artykuly\/#listItem","name":"Artyku\u0142y"}}]},{"@type":"Person","@id":"https:\/\/wia.net.pl\/#person","name":"Bart\u0142omiej Talarczyk","image":{"@type":"ImageObject","@id":"https:\/\/wia.net.pl\/index.php\/2023\/06\/23\/kto-rzadzi-swiatem-czesc-1\/#personImage","url":"https:\/\/wia.net.pl\/wp-content\/uploads\/avatar-privacy\/cache\/user\/1\/7\/176a6b161c58363ff49b5c167264231f519f5c7fa183ca1f61e891769b6b56d5-96.jpg","width":96,"height":96,"caption":"Bart\u0142omiej Talarczyk"}},{"@type":"Person","@id":"https:\/\/wia.net.pl\/index.php\/author\/trinity\/#author","url":"https:\/\/wia.net.pl\/index.php\/author\/trinity\/","name":"trinity","image":{"@type":"ImageObject","@id":"https:\/\/wia.net.pl\/index.php\/2023\/06\/23\/kto-rzadzi-swiatem-czesc-1\/#authorImage","url":"https:\/\/wia.net.pl\/wp-content\/uploads\/avatar-privacy\/cache\/user\/5\/f\/5f6547cf82495eaa10e100a6a45d5dbde2dfdc1be88557de2018fca705bdf6f1-96.jpg","width":96,"height":96,"caption":"trinity"}},{"@type":"WebPage","@id":"https:\/\/wia.net.pl\/index.php\/2023\/06\/23\/kto-rzadzi-swiatem-czesc-1\/#webpage","url":"https:\/\/wia.net.pl\/index.php\/2023\/06\/23\/kto-rzadzi-swiatem-czesc-1\/","name":"Kto rz\u0105dzi \u015bwiatem? (Cz\u0119\u015b\u0107 1) - Wolno\u015b\u0107 i Anarchia","description":"Autor, RHODA WILSON W dwucz\u0119\u015bciowym wyst\u0105pieniu dla Mi\u0119dzynarodowego Komitetu \u015aledczego ds. Zbrodni (\u201eICIC\u201d) Matthew Ehret , dziennikarz, wyk\u0142adowca i za\u0142o\u017cyciel Canadian Patriot Review , rozmawia\u0142 z dr Reinerem Fuellmichem o strukturze wsp\u00f3\u0142czesnego oligarchizmu, wracaj\u0105c do geopolitycznie istotne pocz\u0105tki globalnie rz\u0105dz\u0105cego konglomeratu, kt\u00f3ry przez stulecia a\u017c do dnia dzisiejszego infiltrowa\u0142 wszystkie struktury spo\u0142eczno-polityczne i ujawni\u0142 swoj\u0105 pe\u0142ni\u0119 si\u0142y w tak zwanej \u201epandemii","inLanguage":"pl-PL","isPartOf":{"@id":"https:\/\/wia.net.pl\/#website"},"breadcrumb":{"@id":"https:\/\/wia.net.pl\/index.php\/2023\/06\/23\/kto-rzadzi-swiatem-czesc-1\/#breadcrumblist"},"author":{"@id":"https:\/\/wia.net.pl\/index.php\/author\/trinity\/#author"},"creator":{"@id":"https:\/\/wia.net.pl\/index.php\/author\/trinity\/#author"},"image":{"@type":"ImageObject","url":"https:\/\/wia.net.pl\/wp-content\/uploads\/2023\/06\/photo_5814601299298205114_y.jpg","@id":"https:\/\/wia.net.pl\/index.php\/2023\/06\/23\/kto-rzadzi-swiatem-czesc-1\/#mainImage","width":1280,"height":720},"primaryImageOfPage":{"@id":"https:\/\/wia.net.pl\/index.php\/2023\/06\/23\/kto-rzadzi-swiatem-czesc-1\/#mainImage"},"datePublished":"2023-06-23T18:41:22+02:00","dateModified":"2023-06-23T18:41:23+02:00"},{"@type":"WebSite","@id":"https:\/\/wia.net.pl\/#website","url":"https:\/\/wia.net.pl\/","name":"Wolno\u015b\u0107 i Anarchia","description":"Ka\u017cdy wewn\u0119trznie jest anarchist\u0105.","inLanguage":"pl-PL","publisher":{"@id":"https:\/\/wia.net.pl\/#person"}}]},"og:locale":"pl_PL","og:site_name":"Wolno\u015b\u0107 i Anarchia - Ka\u017cdy wewn\u0119trznie jest anarchist\u0105.","og:type":"article","og:title":"Kto rz\u0105dzi \u015bwiatem? (Cz\u0119\u015b\u0107 1) - Wolno\u015b\u0107 i Anarchia","og:description":"Autor, RHODA WILSON W dwucz\u0119\u015bciowym wyst\u0105pieniu dla Mi\u0119dzynarodowego Komitetu \u015aledczego ds. Zbrodni (\u201eICIC\u201d) Matthew Ehret , dziennikarz, wyk\u0142adowca i za\u0142o\u017cyciel Canadian Patriot Review , rozmawia\u0142 z dr Reinerem Fuellmichem o strukturze wsp\u00f3\u0142czesnego oligarchizmu, wracaj\u0105c do geopolitycznie istotne pocz\u0105tki globalnie rz\u0105dz\u0105cego konglomeratu, kt\u00f3ry przez stulecia a\u017c do dnia dzisiejszego infiltrowa\u0142 wszystkie struktury spo\u0142eczno-polityczne i ujawni\u0142 swoj\u0105 pe\u0142ni\u0119 si\u0142y w tak zwanej \u201epandemii","og:url":"https:\/\/wia.net.pl\/index.php\/2023\/06\/23\/kto-rzadzi-swiatem-czesc-1\/","og:image":"https:\/\/wia.net.pl\/wp-content\/uploads\/2023\/11\/cropped-freedom-i73367.jpg","og:image:secure_url":"https:\/\/wia.net.pl\/wp-content\/uploads\/2023\/11\/cropped-freedom-i73367.jpg","article:published_time":"2023-06-23T16:41:22+00:00","article:modified_time":"2023-06-23T16:41:23+00:00","twitter:card":"summary_large_image","twitter:title":"Kto rz\u0105dzi \u015bwiatem? (Cz\u0119\u015b\u0107 1) - Wolno\u015b\u0107 i Anarchia","twitter:description":"Autor, RHODA WILSON W dwucz\u0119\u015bciowym wyst\u0105pieniu dla Mi\u0119dzynarodowego Komitetu \u015aledczego ds. Zbrodni (\u201eICIC\u201d) Matthew Ehret , dziennikarz, wyk\u0142adowca i za\u0142o\u017cyciel Canadian Patriot Review , rozmawia\u0142 z dr Reinerem Fuellmichem o strukturze wsp\u00f3\u0142czesnego oligarchizmu, wracaj\u0105c do geopolitycznie istotne pocz\u0105tki globalnie rz\u0105dz\u0105cego konglomeratu, kt\u00f3ry przez stulecia a\u017c do dnia dzisiejszego infiltrowa\u0142 wszystkie struktury spo\u0142eczno-polityczne i ujawni\u0142 swoj\u0105 pe\u0142ni\u0119 si\u0142y w tak zwanej \u201epandemii","twitter:image":"https:\/\/wia.net.pl\/wp-content\/uploads\/2023\/11\/cropped-freedom-i73367.jpg"},"aioseo_meta_data":{"post_id":"2503","title":null,"description":null,"keywords":[],"keyphrases":{"focus":{"keyphrase":"","score":0,"analysis":{"keyphraseInTitle":{"score":0,"maxScore":9,"error":1}}},"additional":[]},"primary_term":null,"canonical_url":null,"og_title":null,"og_description":null,"og_object_type":"default","og_image_type":"default","og_image_url":null,"og_image_width":null,"og_image_height":null,"og_image_custom_url":null,"og_image_custom_fields":null,"og_video":"","og_custom_url":null,"og_article_section":null,"og_article_tags":[],"twitter_use_og":false,"twitter_card":"default","twitter_image_type":"default","twitter_image_url":null,"twitter_image_custom_url":null,"twitter_image_custom_fields":null,"twitter_title":null,"twitter_description":null,"schema":{"blockGraphs":[],"customGraphs":[],"default":{"data":{"Article":[],"Course":[],"Dataset":[],"FAQPage":[],"Movie":[],"Person":[],"Product":[],"ProductReview":[],"Car":[],"Recipe":[],"Service":[],"SoftwareApplication":[],"WebPage":[]},"graphName":"","isEnabled":true},"graphs":[]},"schema_type":"default","schema_type_options":null,"pillar_content":false,"robots_default":true,"robots_noindex":false,"robots_noarchive":false,"robots_nosnippet":false,"robots_nofollow":false,"robots_noimageindex":false,"robots_noodp":false,"robots_notranslate":false,"robots_max_snippet":"-1","robots_max_videopreview":"-1","robots_max_imagepreview":"large","priority":0,"frequency":"default","local_seo":null,"breadcrumb_settings":null,"limit_modified_date":false,"ai":null,"created":"2023-06-23 16:41:23","updated":"2025-06-04 08:15:56","seo_analyzer_scan_date":null,"focus_keyword":null,"additional_keywords":null,"truseo_locale":null},"aioseo_breadcrumb":"<div class=\"aioseo-breadcrumbs\"><span class=\"aioseo-breadcrumb\">\n\t\t\t<a href=\"https:\/\/wia.net.pl\" title=\"Home\">Home<\/a>\n\t\t<\/span><span class=\"aioseo-breadcrumb-separator\">&raquo;<\/span><span class=\"aioseo-breadcrumb\">\n\t\t\t<a href=\"https:\/\/wia.net.pl\/index.php\/category\/artykuly\/\" title=\"Artyku\u0142y\">Artyku\u0142y<\/a>\n\t\t<\/span><span class=\"aioseo-breadcrumb-separator\">&raquo;<\/span><span class=\"aioseo-breadcrumb\">\n\t\t\tKto rz\u0105dzi \u015bwiatem? (Cz\u0119\u015b\u0107 1)\n\t\t<\/span><\/div>","aioseo_breadcrumb_json":[{"label":"Home","link":"https:\/\/wia.net.pl"},{"label":"Artyku\u0142y","link":"https:\/\/wia.net.pl\/index.php\/category\/artykuly\/"},{"label":"Kto rz\u0105dzi \u015bwiatem?\u00a0(Cz\u0119\u015b\u0107 1)","link":"https:\/\/wia.net.pl\/index.php\/2023\/06\/23\/kto-rzadzi-swiatem-czesc-1\/"}],"_links":{"self":[{"href":"https:\/\/wia.net.pl\/index.php\/wp-json\/wp\/v2\/posts\/2503"}],"collection":[{"href":"https:\/\/wia.net.pl\/index.php\/wp-json\/wp\/v2\/posts"}],"about":[{"href":"https:\/\/wia.net.pl\/index.php\/wp-json\/wp\/v2\/types\/post"}],"author":[{"embeddable":true,"href":"https:\/\/wia.net.pl\/index.php\/wp-json\/wp\/v2\/users\/2"}],"replies":[{"embeddable":true,"href":"https:\/\/wia.net.pl\/index.php\/wp-json\/wp\/v2\/comments?post=2503"}],"version-history":[{"count":1,"href":"https:\/\/wia.net.pl\/index.php\/wp-json\/wp\/v2\/posts\/2503\/revisions"}],"predecessor-version":[{"id":2516,"href":"https:\/\/wia.net.pl\/index.php\/wp-json\/wp\/v2\/posts\/2503\/revisions\/2516"}],"wp:featuredmedia":[{"embeddable":true,"href":"https:\/\/wia.net.pl\/index.php\/wp-json\/wp\/v2\/media\/2515"}],"wp:attachment":[{"href":"https:\/\/wia.net.pl\/index.php\/wp-json\/wp\/v2\/media?parent=2503"}],"wp:term":[{"taxonomy":"category","embeddable":true,"href":"https:\/\/wia.net.pl\/index.php\/wp-json\/wp\/v2\/categories?post=2503"},{"taxonomy":"post_tag","embeddable":true,"href":"https:\/\/wia.net.pl\/index.php\/wp-json\/wp\/v2\/tags?post=2503"}],"curies":[{"name":"wp","href":"https:\/\/api.w.org\/{rel}","templated":true}]}}