{"id":2542,"date":"2023-06-23T22:17:28","date_gmt":"2023-06-23T20:17:28","guid":{"rendered":"https:\/\/wia.net.pl\/?p=2542"},"modified":"2025-09-01T13:44:54","modified_gmt":"2025-09-01T11:44:54","slug":"tartaria-lizbona-zdjecia-z-xixw-i-historia-w-pigulce","status":"publish","type":"post","link":"https:\/\/wia.net.pl\/index.php\/2023\/06\/23\/tartaria-lizbona-zdjecia-z-xixw-i-historia-w-pigulce\/","title":{"rendered":"Tartaria &#8211; Lizbona zdj\u0119cia z XIXw. i historia w pigu\u0142ce"},"content":{"rendered":"\n<p>\u0179r\u00f3d\u0142o: https:\/\/www.youtube.com\/@FRESHboosters<\/p>\n\n\n\n<p>Cze\u015b\u0107 wszystkim. Dzi\u015b przyjrzymy si\u0119 najstarszym znanym fotografiom Lizbony, stolicy Portugalii. Zaczniemy od kolejnej epickiej fotografii panoramicznej XIX-wiecznej Lizbony, a nast\u0119pnie zag\u0142\u0119bimy si\u0119 w histori\u0119 miasta, zar\u00f3wno mityczn\u0105, jak i potwierdzon\u0105.<\/p>\n\n\n\n<p>Przejrzymy kilka niesamowitych przyk\u0142ad\u00f3w fenickiego wk\u0142adu w Lizbon\u0119 i ca\u0142y \u015bwiat, a nast\u0119pnie kolekcj\u0119 ponad 130 najstarszych fotografii Lizbony w Portugalii (datowanych na lata 1860-1930).<\/p>\n\n\n\n<p>Te rzadkie obrazy, wraz z rzadko omawian\u0105 histori\u0105, powinny pom\u00f3c nam lepiej zapozna\u0107 si\u0119 z Portugali\u0105, jednocze\u015bnie pozwalaj\u0105c nam zobaczy\u0107 absolutnie ogromn\u0105 architektur\u0119, kt\u00f3ra tworzy\u0142a Lizbon\u0119 Starego \u015awiata. Obejmuje to jeden z najwi\u0119kszych fort\u00f3w gwiezdnych, jakie kiedykolwiek istnia\u0142y na P\u00f3\u0142wyspie Iberyjskim, obecnie zredukowany do jednej wie\u017cy i kilku wewn\u0119trznych mur\u00f3w pozosta\u0142ych wok\u00f3\u0142 miasta.<\/p>\n\n\n<p><iframe id=\"odysee-iframe\" style=\"width:100%; aspect-ratio:16 \/ 9;\" src=\"https:\/\/odysee.com\/%24\/embed\/%40wolnoscanarchia%3Ad%2FHistoria-Lizbony---Fenicjanie-tartaria---Zdj%C4%99cia-z-XIXw%3A7?r=KqtnN3u2RSe5GxY7Tos527f1XGfjXD4u\" allowfullscreen><\/iframe><\/p>\n<div class=\"remoji_bar\"><div class=\"remoji_add_container\" data-remoji-id=\"2542\" data-remoji-type=\"post\"><div class=\"remoji_add_icon\"><\/div><\/div><div class=\"remoji_error_bar\" data-remoji-id=\"2542\" data-remoji-type=\"post\" style=\"display: none;\">Error happened.<\/div><\/div>","protected":false},"excerpt":{"rendered":"<p>\u0179r\u00f3d\u0142o: https:\/\/www.youtube.com\/@FRESHboosters Cze\u015b\u0107 wszystkim. Dzi\u015b przyjrzymy si\u0119 najstarszym znanym fotografiom Lizbony, stolicy Portugalii. Zaczniemy od kolejnej epickiej fotografii panoramicznej XIX-wiecznej Lizbony, a nast\u0119pnie zag\u0142\u0119bimy si\u0119 w histori\u0119 miasta, zar\u00f3wno mityczn\u0105, jak i potwierdzon\u0105. Przejrzymy kilka niesamowitych przyk\u0142ad\u00f3w fenickiego wk\u0142adu w&#8230; <\/p>\n","protected":false},"author":3,"featured_media":2544,"comment_status":"open","ping_status":"open","sticky":false,"template":"","format":"standard","meta":{"_acf_changed":false,"_bbp_topic_count":0,"_bbp_reply_count":0,"_bbp_total_topic_count":0,"_bbp_total_reply_count":0,"_bbp_voice_count":0,"_bbp_anonymous_reply_count":0,"_bbp_topic_count_hidden":0,"_bbp_reply_count_hidden":0,"_bbp_forum_subforum_count":0,"om_disable_all_campaigns":false,"_monsterinsights_skip_tracking":false,"_monsterinsights_sitenote_active":false,"_monsterinsights_sitenote_note":"","_monsterinsights_sitenote_category":0,"footnotes":""},"categories":[11],"tags":[68,63,42,71,26,23,59,32,22,70,74,62],"class_list":["post-2542","post","type-post","status-publish","format-standard","has-post-thumbnail","hentry","category-antropologia","tag-cesarstwo-rzymskie","tag-historia-ziemi","tag-illuminati","tag-kosciol-katolicki","tag-ludzkosc","tag-niewolnictwo","tag-nwo","tag-rzad","tag-satanizm","tag-tajne-stowarzyszenia","tag-transhumanizm","tag-wszechswiat"],"acf":[],"aioseo_notices":[],"_links":{"self":[{"href":"https:\/\/wia.net.pl\/index.php\/wp-json\/wp\/v2\/posts\/2542"}],"collection":[{"href":"https:\/\/wia.net.pl\/index.php\/wp-json\/wp\/v2\/posts"}],"about":[{"href":"https:\/\/wia.net.pl\/index.php\/wp-json\/wp\/v2\/types\/post"}],"author":[{"embeddable":true,"href":"https:\/\/wia.net.pl\/index.php\/wp-json\/wp\/v2\/users\/3"}],"replies":[{"embeddable":true,"href":"https:\/\/wia.net.pl\/index.php\/wp-json\/wp\/v2\/comments?post=2542"}],"version-history":[{"count":2,"href":"https:\/\/wia.net.pl\/index.php\/wp-json\/wp\/v2\/posts\/2542\/revisions"}],"predecessor-version":[{"id":10639,"href":"https:\/\/wia.net.pl\/index.php\/wp-json\/wp\/v2\/posts\/2542\/revisions\/10639"}],"wp:featuredmedia":[{"embeddable":true,"href":"https:\/\/wia.net.pl\/index.php\/wp-json\/wp\/v2\/media\/2544"}],"wp:attachment":[{"href":"https:\/\/wia.net.pl\/index.php\/wp-json\/wp\/v2\/media?parent=2542"}],"wp:term":[{"taxonomy":"category","embeddable":true,"href":"https:\/\/wia.net.pl\/index.php\/wp-json\/wp\/v2\/categories?post=2542"},{"taxonomy":"post_tag","embeddable":true,"href":"https:\/\/wia.net.pl\/index.php\/wp-json\/wp\/v2\/tags?post=2542"}],"curies":[{"name":"wp","href":"https:\/\/api.w.org\/{rel}","templated":true}]}}