{"id":2594,"date":"2023-06-24T19:50:50","date_gmt":"2023-06-24T17:50:50","guid":{"rendered":"https:\/\/wia.net.pl\/?p=2594"},"modified":"2023-06-24T19:50:50","modified_gmt":"2023-06-24T17:50:50","slug":"holistyczna-poradnia-zdrowia-w-expo-lodz-stopzet","status":"publish","type":"post","link":"https:\/\/wia.net.pl\/index.php\/2023\/06\/24\/holistyczna-poradnia-zdrowia-w-expo-lodz-stopzet\/","title":{"rendered":"Holistyczna Poradnia Zdrowia w EXPO \u0141\u00d3D\u0179 &#8211; STOPZET"},"content":{"rendered":"\n<p><strong>Pierwsza w historii festiwalowa Holistyczna Poradnia Zdrowia w EXPO \u0141\u00d3D\u0179<\/strong><\/p>\n\n\n\n<p><strong>Materia\u0142 informacyjny GREEN WORLD FESTIVAL<\/strong><\/p>\n\n\n\n<p><\/p>\n\n\n\n<figure class=\"wp-block-image size-large\"><img loading=\"lazy\" decoding=\"async\" width=\"1024\" height=\"576\" src=\"https:\/\/wia.net.pl\/wp-content\/uploads\/2023\/06\/expo-1024x576.jpg\" alt=\"\" class=\"wp-image-2595\" srcset=\"https:\/\/wia.net.pl\/wp-content\/uploads\/2023\/06\/expo-1024x576.jpg 1024w, https:\/\/wia.net.pl\/wp-content\/uploads\/2023\/06\/expo-300x169.jpg 300w, https:\/\/wia.net.pl\/wp-content\/uploads\/2023\/06\/expo-768x432.jpg 768w, https:\/\/wia.net.pl\/wp-content\/uploads\/2023\/06\/expo-1536x864.jpg 1536w, https:\/\/wia.net.pl\/wp-content\/uploads\/2023\/06\/expo-480x270.jpg 480w, https:\/\/wia.net.pl\/wp-content\/uploads\/2023\/06\/expo.jpg 1920w\" sizes=\"(max-width: 1024px) 100vw, 1024px\" \/><\/figure>\n\n\n\n<p><\/p>\n\n\n\n<p>GREEN WORLD FESTIVAL to pierwsza edycja Mi\u0119dzynarodowego Kongresu i Festiwalu Medycyny Holistycznej, kt\u00f3ry odb\u0119dzie si\u0119 w EXPO \u0141\u00d3D\u0179, AL. Politechniki 4 ju\u017c 24-25 czerwca br. Przyjd\u017a na festiwal i znajd\u017a swoj\u0105 drog\u0119 do zdrowia!<\/p>\n\n\n\n<h2 class=\"wp-block-heading\" id=\"czym-jest-nurt-holistyczny-w-medycynie\">Czym jest nurt holistyczny w medycynie?<\/h2>\n\n\n\n<p>Medycyna Holistyczna to wielop\u0142aszczyznowe partnerstwo medycyny akademickiej i innych sprawdzonych system\u00f3w i metod leczenia, takich jak ajurweda, hipnoterapia, akupunktura, fizjoterapia, osteopatia, chiropraktyka, dietetyka, homeopatia, psychologia\/psychoterapia, kt\u00f3rych wsp\u00f3lnym celem jest poprawa efektywno\u015bci leczenia, zw\u0142aszcza w kontek\u015bcie chor\u00f3b przewlek\u0142ych. To holistyczne zaopiekowanie si\u0119 ka\u017cdym aspektem na ka\u017cdym poziomie funkcjonowania pacjenta \u2013 jego cia\u0142em, umys\u0142em i aspektem duchowym.<\/p>\n\n\n\n<p>To budowanie g\u0142\u0119bokiej relacji pomi\u0119dzy pacjentem a lekarzem, opartej na zaufaniu ui do\u015bwiadczeniu.<\/p>\n\n\n\n<p>GREEN WORLD FESTIVAL to przede wszystkim dwudniowy Mi\u0119dzynarodowy Kongres Holistyczny, w trakcie kt\u00f3rego wyst\u0105pi 20 prelegent\u00f3w z kilku kraj\u00f3w, mi\u0119dzy innymi: nasza badaczka z Oxfordu &#8211; dr Barbara Baj-W\u00f3jtowicz, prof. dr hab. Andrzej Frydrychowski, prof. dr. hab. Tomasz Stuczy\u0144ski, lek. Anna Furmaniuk, dr. Marek Roland, farmaceuta\/fitoterapeuta Grzegorz Carowicz, lek. Stom. Anna Uchniewska oraz prezes Fundacji Nautilus, wieloletni dziennikarz \u2013 Robert Bernatowicz.<\/p>\n\n\n\n<p>W\u015br\u00f3d zagranicznych prelegent\u00f3w mamy tak\u017ce dwie t\u0142umaczone prelekcje online \u2013 jedn\u0105 prosto z Indii, kt\u00f3r\u0105 poprowadzi dr Saurabh Pardeshi \u2013 lekarz ajurwedyjski oraz drug\u0105, z dr Laris\u0105 Stiepanowna Sotnikova, kt\u00f3ra poprowadzi arcyciekaw\u0105 prelekcj\u0119 o nowym podej\u015bciu w medycynie spersonalizowanej.<\/p>\n\n\n\n<p>Zapraszamy ka\u017cdego, kto szuka ogromnej dawki wiedzy o zdrowiu.<\/p>\n\n\n\n<p>Aula dysponuje okre\u015blon\u0105 liczb\u0105 miejsc, wi\u0119c w sprzeda\u017cy jest tylko 380 bilet\u00f3w dwudniowych, kt\u00f3re mo\u017cna kupi\u0107 online przez platform\u0119 ebilet.pl<\/p>\n\n\n\n<p>Dla os\u00f3b, kt\u00f3re b\u0119d\u0105 chcia\u0142y uczestniczy\u0107 w Kongresie w wersji online przygotujemy live stream \u2013 bilety mo\u017cna naby\u0107 przez platform\u0119 ebilet.pl.<\/p>\n\n\n\n<p><strong>Szczeg\u00f3\u0142owe informacje o Kongresie i prelegentach:<\/strong><br><a rel=\"noreferrer noopener\" href=\"http:\/\/www.greenworldfestival.pl\/prelegenci\" target=\"_blank\">www.greenworldfestival.pl\/prelegenci<\/a><\/p>\n\n\n\n<p>GREEN WORLD FESTIVAL to tak\u017ce pierwsza na \u015bwiecie festiwalowa Holistyczna Poradnia Zdrowia, w kt\u00f3rej uczestnicy festiwalu b\u0119d\u0105 mogli odby\u0107 15 min. konsultacje ze znanymi i poszukiwanymi lekarzami holistycznymi, farmaceutami \u2013zielarzami czy innymi specjalistami z nurtu holistycznego.<\/p>\n\n\n\n<p>\u201eWiemy, jak d\u0142ugo czeka si\u0119 na wizyt\u0119 u lekarza, wi\u0119c specjalnie do \u0141odzi przyjad\u0105 wspaniali lekarze i specjali\u015bci z ca\u0142ej Polski, aby pom\u00f3c pacjentom znale\u017a\u0107 drog\u0119 do zdrowia.<\/p>\n\n\n\n<p>Czasami sama merytoryka nie wystarczy. Potrzebna jest realna pomoc. Holistycznie podeszli\u015bmy wi\u0119c tak\u017ce do samego Festiwalu.<\/p>\n\n\n\n<p>Chcemy nie tylko edukowa\u0107 w zakresie zdrowia, chcemy te\u017c przede wszystkim realnie pomaga\u0107\u201d &#8211; Karolina Kupisz, organizator festiwalu.<\/p>\n\n\n\n<p>Uczestnicy Festiwalu, kt\u00f3rzy chcieliby skorzysta\u0107 z konsultacji holistycznej, mog\u0105 przyj\u015b\u0107 ju\u017c o 9.00 i pobra\u0107 numerek do wybranego specjalisty. Poradnia b\u0119dzie dzia\u0142a\u0107 w sobot\u0119 i niedziel\u0119 od godz. 10.00 do 17.00. Konsultacje s\u0105 p\u0142atne \u2013 cegie\u0142ka 50 PLN (wy\u0142\u0105cznie got\u00f3wka).<\/p>\n\n\n\n<p>Opr\u00f3cz prof. Dr. Hab. Andrzeja Frydrychowskiego oraz dr. Marka Roland sw\u00f3j udzia\u0142 zapowiedzia\u0142o: dw\u00f3ch neurolog\u00f3w, psychiatra, psycholog, dw\u00f3ch farmaceut\u00f3w zielarzy, lekarz homeopata i lekarz rodzinny. Uczestnicy Kongresu b\u0119d\u0105 mieli pierwsze\u0144stwo w przerwach pomi\u0119dzy prelekcjami.<\/p>\n\n\n\n<p><strong>Szczeg\u00f3\u0142owe informacje o Holistycznej Poradni Zdrowia:<\/strong><br><a rel=\"noreferrer noopener\" href=\"https:\/\/greenworldfestival.pl\/holistyczna-poradnia-zdrowia\" target=\"_blank\">https:\/\/greenworldfestival.pl\/holistyczna-poradnia-zdrowia<\/a><\/p>\n\n\n\n<p>GREEN WORLD FESTIVAL to tak\u017ce STREFA CHILLOUTU, w kt\u00f3rej przez dwa dni b\u0119dzie mo\u017cna wsp\u00f3lnie koncertowa\u0107 na gongach, b\u0119bnach, relaksowa\u0107 si\u0119 w trakcie koncert\u00f3w, tworzy\u0107 mandale czy pi\u0107 ceremonialne kakao.<\/p>\n\n\n\n<p>Do dyspozycji go\u015bci b\u0119dzie ponad czterdzie\u015bci etnicznych, niezwyk\u0142ego pochodzenia, r\u00f3wnie\u017c antycznych instrument\u00f3w z ca\u0142ego \u015bwiata. Mo\u017cemy tu masowa\u0107 si\u0119 specjalnie do tego zaprojektowanymi b\u0119bnami pierwotnymi. Na mi\u0119kkim wy\u015bcielonym pod\u0142o\u017cu go\u015bcie do\u015bwiadcz\u0105 dotyku koj\u0105cymi wibracjami: r\u00f3\u017cnego typu antycznych mis himalajskich z XVIII i XIX wieku oraz mis kutych r\u0119cznie intencjonalnie przez autora. Trzech metrowych gong\u00f3w, \u201egongu noszonego&#8221;, kamerton\u00f3w, monokurant\u00f3w, dzwon\u00f3w, wachlarzy pi\u00f3rowych, dzwonk\u00f3w koshi i wieloma innymi. W strefie Chillout odb\u0119dzie si\u0119 tak\u017ce koncert relaksacyjny.<\/p>\n\n\n\n<p>Wisienk\u0105 na torcie b\u0119dzie strefa wystawiennicza, w kt\u00f3rej go\u015bcie znajd\u0105 produkty eko\/bio, przedstawicieli terapii wspomagaj\u0105cych leczenie, uzdrowicieli, nowe technologie w medycynie i wiele innych &#8211; wspania\u0142ych rozwi\u0105za\u0144 u\u0142atwiaj\u0105cych znalezienie drogi do zdrowia.<\/p>\n\n\n\n<blockquote class=\"wp-block-quote is-layout-flow wp-block-quote-is-layout-flow\">\n<p>\u201eW jednym miejscu pojawi\u0105 si\u0119 wyj\u0105tkowi ludzie, kt\u00f3rzy ogromem swojej wiedzy i z wielk\u0105 pasj\u0105 pomagaj\u0105 innym. Wystawcy, kt\u00f3rych produkty i us\u0142ugi s\u0105 owocem wiedzy, pasji, ch\u0119ci pomocy innym i mi\u0142o\u015bci, kt\u00f3r\u0105 kieruj\u0105 si\u0119 w \u017cyciu\u201d \u2013 Karolina Kupisz, organizator.<\/p>\n<\/blockquote>\n\n\n\n<p>Jak na Festiwal przysta\u0142o, w niedziel\u0119, 25 czerwca odb\u0119dzie si\u0119 koncert zespo\u0142u WOLNOMUZYKA \u2013 tworz\u0105cego muzyk\u0119 filozoficzn\u0105. Koncert odb\u0119dzie si\u0119 w ramach Kongresu Holistycznego.<\/p>\n\n\n\n<h2 class=\"wp-block-heading\" id=\"g-r-e-e-n-w-o-r-l-d-f-e-s-t-i-v-a-l\">G R E E N W O R L D F E S T I V A L<\/h2>\n\n\n\n<p>To miejsce, w kt\u00f3rym spotykaj\u0105 si\u0119 nowe osi\u0105gni\u0119cia medycyny akademickiej z naturalnymi terapiami wspomagaj\u0105cymi leczenie, w kt\u00f3rej edukujemy i pomagamy, a tak\u017ce integrujemy \u015brodowisko, kt\u00f3remu bliskie jest holistyczne podej\u015bcie do zdrowia. \u015awiat, w kt\u00f3rym wiedza spotyka si\u0119 z do\u015bwiadczeniem. Przestrze\u0144, w kt\u00f3rej istnieje tylko wsp\u00f3\u0142praca, a lekarze id\u0105 rami\u0119 w rami\u0119 z naturo-terapeutami czy zielarzami, poniewa\u017c liczy si\u0119 cz\u0142owiek i do\u015bwiadczenie, a nie teoria i statystyka. Gdzie droga ku wyzdrowieniu wiedzie nie tylko przez cia\u0142o, ale tak\u017ce przez emocje, dusz\u0119 i umys\u0142.<\/p>\n\n\n\n<p>Green World Festival to po\u0142\u0105czenie: mi\u0119dzynarodowego Kongresu, pierwszej w historii festiwalowej Holistycznej Poradni Zdrowia, wspania\u0142ych wystawc\u00f3w, instrumentalnej strefy CHILLOUT oraz koncert\u00f3w.<\/p>\n\n\n\n<p>Wst\u0119p na festiwal w sobot\u0119 i niedziel\u0119 od godziny 9.00.<br>Zako\u0144czenie: sobota: godz. 20<br>Niedziela \u2013 godz. 17.30<\/p>\n\n\n\n<p>Przyjd\u017a na Festiwal i ZNAJD\u0179 SWOJ\u0104 DROG\u0118 DO ZDROWIA!<\/p>\n\n\n\n<p><strong>Szczeg\u00f3\u0142y wydarzenia:<\/strong><br><a rel=\"noreferrer noopener\" href=\"http:\/\/www.greenworldfestival.pl\/\" target=\"_blank\">WWW.GREENWORLDFESTIVAL.PL<\/a><\/p>\n\n\n\n<p><strong>ODBIERZ SW\u00d3J BILET:<\/strong><br><a href=\"https:\/\/www.ebilet.pl\/biznes\/konferencje\/green-world-festival\" target=\"_blank\" rel=\"noreferrer noopener\">https:\/\/www.ebilet.pl\/biznes\/konferencje\/green-world-festival<\/a><\/p>\n\n\n\n<p>\u0179r\u00f3d\u0142o https:\/\/dzienniklodzki.pl\/pierwsza-w-historii-festiwalowa-holistyczna-poradnia-zdrowia-w-expo-lodz\/ar\/c14-17636009?fbclid=IwAR3nOZwqKCXDzTW4y-DYPS8FjRivzGT89RCtJn9g0LB7JOIuyy7GvcxQtqw<\/p>\n","protected":false},"excerpt":{"rendered":"<p>Pierwsza w historii festiwalowa Holistyczna Poradnia Zdrowia w EXPO \u0141\u00d3D\u0179 Materia\u0142 informacyjny GREEN WORLD FESTIVAL GREEN WORLD FESTIVAL to pierwsza edycja Mi\u0119dzynarodowego Kongresu i Festiwalu Medycyny Holistycznej, kt\u00f3ry odb\u0119dzie si\u0119 w EXPO \u0141\u00d3D\u0179, AL. Politechniki 4 ju\u017c 24-25 czerwca br&#8230;. <\/p>\n","protected":false},"author":2,"featured_media":2595,"comment_status":"open","ping_status":"open","sticky":false,"template":"","format":"standard","meta":{"_acf_changed":false,"_bbp_topic_count":0,"_bbp_reply_count":0,"_bbp_total_topic_count":0,"_bbp_total_reply_count":0,"_bbp_voice_count":0,"_bbp_anonymous_reply_count":0,"_bbp_topic_count_hidden":0,"_bbp_reply_count_hidden":0,"_bbp_forum_subforum_count":0,"om_disable_all_campaigns":false,"_monsterinsights_skip_tracking":false,"footnotes":""},"categories":[93],"tags":[],"class_list":["post-2594","post","type-post","status-publish","format-standard","has-post-thumbnail","hentry","category-artykuly"],"acf":[],"aioseo_notices":[],"aioseo_head":"\n\t\t<!-- All in One SEO 5.0.1.1 - aioseo.com -->\n\t<meta name=\"description\" content=\"Pierwsza w historii festiwalowa Holistyczna Poradnia Zdrowia w EXPO \u0141\u00d3D\u0179 Materia\u0142 informacyjny GREEN WORLD FESTIVAL GREEN WORLD FESTIVAL to pierwsza edycja Mi\u0119dzynarodowego Kongresu i Festiwalu Medycyny Holistycznej, kt\u00f3ry odb\u0119dzie si\u0119 w EXPO \u0141\u00d3D\u0179, AL. Politechniki 4 ju\u017c 24-25 czerwca br. Przyjd\u017a na festiwal i znajd\u017a swoj\u0105 drog\u0119 do zdrowia! Czym jest nurt holistyczny w medycynie?\" \/>\n\t<meta name=\"robots\" content=\"max-image-preview:large\" \/>\n\t<meta name=\"author\" content=\"trinity\"\/>\n\t<link rel=\"canonical\" href=\"https:\/\/wia.net.pl\/index.php\/2023\/06\/24\/holistyczna-poradnia-zdrowia-w-expo-lodz-stopzet\/\" \/>\n\t<meta name=\"generator\" content=\"All in One SEO (AIOSEO) 5.0.1.1\" \/>\n\t\t<meta property=\"og:locale\" content=\"pl_PL\" \/>\n\t\t<meta property=\"og:site_name\" content=\"Wolno\u015b\u0107 i Anarchia - Ka\u017cdy wewn\u0119trznie jest anarchist\u0105.\" \/>\n\t\t<meta property=\"og:type\" content=\"article\" \/>\n\t\t<meta property=\"og:title\" content=\"Holistyczna Poradnia Zdrowia w EXPO \u0141\u00d3D\u0179 \u2013 STOPZET - Wolno\u015b\u0107 i Anarchia\" \/>\n\t\t<meta property=\"og:description\" content=\"Pierwsza w historii festiwalowa Holistyczna Poradnia Zdrowia w EXPO \u0141\u00d3D\u0179 Materia\u0142 informacyjny GREEN WORLD FESTIVAL GREEN WORLD FESTIVAL to pierwsza edycja Mi\u0119dzynarodowego Kongresu i Festiwalu Medycyny Holistycznej, kt\u00f3ry odb\u0119dzie si\u0119 w EXPO \u0141\u00d3D\u0179, AL. Politechniki 4 ju\u017c 24-25 czerwca br. Przyjd\u017a na festiwal i znajd\u017a swoj\u0105 drog\u0119 do zdrowia! Czym jest nurt holistyczny w medycynie?\" \/>\n\t\t<meta property=\"og:url\" content=\"https:\/\/wia.net.pl\/index.php\/2023\/06\/24\/holistyczna-poradnia-zdrowia-w-expo-lodz-stopzet\/\" \/>\n\t\t<meta property=\"og:image\" content=\"https:\/\/wia.net.pl\/wp-content\/uploads\/2023\/11\/cropped-freedom-i73367.jpg\" \/>\n\t\t<meta property=\"og:image:secure_url\" content=\"https:\/\/wia.net.pl\/wp-content\/uploads\/2023\/11\/cropped-freedom-i73367.jpg\" \/>\n\t\t<meta property=\"article:published_time\" content=\"2023-06-24T17:50:50+00:00\" \/>\n\t\t<meta property=\"article:modified_time\" content=\"2023-06-24T17:50:50+00:00\" \/>\n\t\t<meta name=\"twitter:card\" content=\"summary_large_image\" \/>\n\t\t<meta name=\"twitter:title\" content=\"Holistyczna Poradnia Zdrowia w EXPO \u0141\u00d3D\u0179 \u2013 STOPZET - Wolno\u015b\u0107 i Anarchia\" \/>\n\t\t<meta name=\"twitter:description\" content=\"Pierwsza w historii festiwalowa Holistyczna Poradnia Zdrowia w EXPO \u0141\u00d3D\u0179 Materia\u0142 informacyjny GREEN WORLD FESTIVAL GREEN WORLD FESTIVAL to pierwsza edycja Mi\u0119dzynarodowego Kongresu i Festiwalu Medycyny Holistycznej, kt\u00f3ry odb\u0119dzie si\u0119 w EXPO \u0141\u00d3D\u0179, AL. Politechniki 4 ju\u017c 24-25 czerwca br. Przyjd\u017a na festiwal i znajd\u017a swoj\u0105 drog\u0119 do zdrowia! Czym jest nurt holistyczny w medycynie?\" \/>\n\t\t<meta name=\"twitter:image\" content=\"https:\/\/wia.net.pl\/wp-content\/uploads\/2023\/11\/cropped-freedom-i73367.jpg\" \/>\n\t\t<script type=\"application\/ld+json\" class=\"aioseo-schema\">\n\t\t\t{\"@context\":\"https:\\\/\\\/schema.org\",\"@graph\":[{\"@type\":\"BlogPosting\",\"@id\":\"https:\\\/\\\/wia.net.pl\\\/index.php\\\/2023\\\/06\\\/24\\\/holistyczna-poradnia-zdrowia-w-expo-lodz-stopzet\\\/#blogposting\",\"name\":\"Holistyczna Poradnia Zdrowia w EXPO \\u0141\\u00d3D\\u0179 \\u2013 STOPZET - Wolno\\u015b\\u0107 i Anarchia\",\"headline\":\"Holistyczna Poradnia Zdrowia w EXPO \\u0141\\u00d3D\\u0179 &#8211; STOPZET\",\"author\":{\"@id\":\"https:\\\/\\\/wia.net.pl\\\/index.php\\\/author\\\/trinity\\\/#author\"},\"publisher\":{\"@id\":\"https:\\\/\\\/wia.net.pl\\\/#person\"},\"image\":{\"@type\":\"ImageObject\",\"url\":\"https:\\\/\\\/wia.net.pl\\\/wp-content\\\/uploads\\\/2023\\\/06\\\/expo.jpg\",\"width\":1920,\"height\":1080},\"datePublished\":\"2023-06-24T19:50:50+02:00\",\"dateModified\":\"2023-06-24T19:50:50+02:00\",\"inLanguage\":\"pl-PL\",\"mainEntityOfPage\":{\"@id\":\"https:\\\/\\\/wia.net.pl\\\/index.php\\\/2023\\\/06\\\/24\\\/holistyczna-poradnia-zdrowia-w-expo-lodz-stopzet\\\/#webpage\"},\"isPartOf\":{\"@id\":\"https:\\\/\\\/wia.net.pl\\\/index.php\\\/2023\\\/06\\\/24\\\/holistyczna-poradnia-zdrowia-w-expo-lodz-stopzet\\\/#webpage\"},\"articleSection\":\"Artyku\\u0142y\"},{\"@type\":\"BreadcrumbList\",\"@id\":\"https:\\\/\\\/wia.net.pl\\\/index.php\\\/2023\\\/06\\\/24\\\/holistyczna-poradnia-zdrowia-w-expo-lodz-stopzet\\\/#breadcrumblist\",\"itemListElement\":[{\"@type\":\"ListItem\",\"@id\":\"https:\\\/\\\/wia.net.pl#listItem\",\"position\":1,\"name\":\"Home\",\"item\":\"https:\\\/\\\/wia.net.pl\",\"nextItem\":{\"@type\":\"ListItem\",\"@id\":\"https:\\\/\\\/wia.net.pl\\\/index.php\\\/category\\\/artykuly\\\/#listItem\",\"name\":\"Artyku\\u0142y\"}},{\"@type\":\"ListItem\",\"@id\":\"https:\\\/\\\/wia.net.pl\\\/index.php\\\/category\\\/artykuly\\\/#listItem\",\"position\":2,\"name\":\"Artyku\\u0142y\",\"item\":\"https:\\\/\\\/wia.net.pl\\\/index.php\\\/category\\\/artykuly\\\/\",\"nextItem\":{\"@type\":\"ListItem\",\"@id\":\"https:\\\/\\\/wia.net.pl\\\/index.php\\\/2023\\\/06\\\/24\\\/holistyczna-poradnia-zdrowia-w-expo-lodz-stopzet\\\/#listItem\",\"name\":\"Holistyczna Poradnia Zdrowia w EXPO \\u0141\\u00d3D\\u0179 &#8211; STOPZET\"},\"previousItem\":{\"@type\":\"ListItem\",\"@id\":\"https:\\\/\\\/wia.net.pl#listItem\",\"name\":\"Home\"}},{\"@type\":\"ListItem\",\"@id\":\"https:\\\/\\\/wia.net.pl\\\/index.php\\\/2023\\\/06\\\/24\\\/holistyczna-poradnia-zdrowia-w-expo-lodz-stopzet\\\/#listItem\",\"position\":3,\"name\":\"Holistyczna Poradnia Zdrowia w EXPO \\u0141\\u00d3D\\u0179 &#8211; STOPZET\",\"previousItem\":{\"@type\":\"ListItem\",\"@id\":\"https:\\\/\\\/wia.net.pl\\\/index.php\\\/category\\\/artykuly\\\/#listItem\",\"name\":\"Artyku\\u0142y\"}}]},{\"@type\":\"Person\",\"@id\":\"https:\\\/\\\/wia.net.pl\\\/#person\",\"name\":\"Bart\\u0142omiej Talarczyk\",\"image\":{\"@type\":\"ImageObject\",\"@id\":\"https:\\\/\\\/wia.net.pl\\\/index.php\\\/2023\\\/06\\\/24\\\/holistyczna-poradnia-zdrowia-w-expo-lodz-stopzet\\\/#personImage\",\"url\":\"https:\\\/\\\/wia.net.pl\\\/wp-content\\\/uploads\\\/avatar-privacy\\\/cache\\\/user\\\/1\\\/7\\\/176a6b161c58363ff49b5c167264231f519f5c7fa183ca1f61e891769b6b56d5-96.jpg\",\"width\":96,\"height\":96,\"caption\":\"Bart\\u0142omiej Talarczyk\"}},{\"@type\":\"Person\",\"@id\":\"https:\\\/\\\/wia.net.pl\\\/index.php\\\/author\\\/trinity\\\/#author\",\"url\":\"https:\\\/\\\/wia.net.pl\\\/index.php\\\/author\\\/trinity\\\/\",\"name\":\"trinity\",\"image\":{\"@type\":\"ImageObject\",\"@id\":\"https:\\\/\\\/wia.net.pl\\\/index.php\\\/2023\\\/06\\\/24\\\/holistyczna-poradnia-zdrowia-w-expo-lodz-stopzet\\\/#authorImage\",\"url\":\"https:\\\/\\\/wia.net.pl\\\/wp-content\\\/uploads\\\/avatar-privacy\\\/cache\\\/user\\\/5\\\/f\\\/5f6547cf82495eaa10e100a6a45d5dbde2dfdc1be88557de2018fca705bdf6f1-96.jpg\",\"width\":96,\"height\":96,\"caption\":\"trinity\"}},{\"@type\":\"WebPage\",\"@id\":\"https:\\\/\\\/wia.net.pl\\\/index.php\\\/2023\\\/06\\\/24\\\/holistyczna-poradnia-zdrowia-w-expo-lodz-stopzet\\\/#webpage\",\"url\":\"https:\\\/\\\/wia.net.pl\\\/index.php\\\/2023\\\/06\\\/24\\\/holistyczna-poradnia-zdrowia-w-expo-lodz-stopzet\\\/\",\"name\":\"Holistyczna Poradnia Zdrowia w EXPO \\u0141\\u00d3D\\u0179 \\u2013 STOPZET - Wolno\\u015b\\u0107 i Anarchia\",\"description\":\"Pierwsza w historii festiwalowa Holistyczna Poradnia Zdrowia w EXPO \\u0141\\u00d3D\\u0179 Materia\\u0142 informacyjny GREEN WORLD FESTIVAL GREEN WORLD FESTIVAL to pierwsza edycja Mi\\u0119dzynarodowego Kongresu i Festiwalu Medycyny Holistycznej, kt\\u00f3ry odb\\u0119dzie si\\u0119 w EXPO \\u0141\\u00d3D\\u0179, AL. Politechniki 4 ju\\u017c 24-25 czerwca br. Przyjd\\u017a na festiwal i znajd\\u017a swoj\\u0105 drog\\u0119 do zdrowia! Czym jest nurt holistyczny w medycynie?\",\"inLanguage\":\"pl-PL\",\"isPartOf\":{\"@id\":\"https:\\\/\\\/wia.net.pl\\\/#website\"},\"breadcrumb\":{\"@id\":\"https:\\\/\\\/wia.net.pl\\\/index.php\\\/2023\\\/06\\\/24\\\/holistyczna-poradnia-zdrowia-w-expo-lodz-stopzet\\\/#breadcrumblist\"},\"author\":{\"@id\":\"https:\\\/\\\/wia.net.pl\\\/index.php\\\/author\\\/trinity\\\/#author\"},\"creator\":{\"@id\":\"https:\\\/\\\/wia.net.pl\\\/index.php\\\/author\\\/trinity\\\/#author\"},\"image\":{\"@type\":\"ImageObject\",\"url\":\"https:\\\/\\\/wia.net.pl\\\/wp-content\\\/uploads\\\/2023\\\/06\\\/expo.jpg\",\"@id\":\"https:\\\/\\\/wia.net.pl\\\/index.php\\\/2023\\\/06\\\/24\\\/holistyczna-poradnia-zdrowia-w-expo-lodz-stopzet\\\/#mainImage\",\"width\":1920,\"height\":1080},\"primaryImageOfPage\":{\"@id\":\"https:\\\/\\\/wia.net.pl\\\/index.php\\\/2023\\\/06\\\/24\\\/holistyczna-poradnia-zdrowia-w-expo-lodz-stopzet\\\/#mainImage\"},\"datePublished\":\"2023-06-24T19:50:50+02:00\",\"dateModified\":\"2023-06-24T19:50:50+02:00\"},{\"@type\":\"WebSite\",\"@id\":\"https:\\\/\\\/wia.net.pl\\\/#website\",\"url\":\"https:\\\/\\\/wia.net.pl\\\/\",\"name\":\"Wolno\\u015b\\u0107 i Anarchia\",\"description\":\"Ka\\u017cdy wewn\\u0119trznie jest anarchist\\u0105.\",\"inLanguage\":\"pl-PL\",\"publisher\":{\"@id\":\"https:\\\/\\\/wia.net.pl\\\/#person\"}}]}\n\t\t<\/script>\n\t\t<!-- All in One SEO -->\n\n","aioseo_head_json":{"title":"Holistyczna Poradnia Zdrowia w EXPO \u0141\u00d3D\u0179 \u2013 STOPZET - Wolno\u015b\u0107 i Anarchia","description":"Pierwsza w historii festiwalowa Holistyczna Poradnia Zdrowia w EXPO \u0141\u00d3D\u0179 Materia\u0142 informacyjny GREEN WORLD FESTIVAL GREEN WORLD FESTIVAL to pierwsza edycja Mi\u0119dzynarodowego Kongresu i Festiwalu Medycyny Holistycznej, kt\u00f3ry odb\u0119dzie si\u0119 w EXPO \u0141\u00d3D\u0179, AL. Politechniki 4 ju\u017c 24-25 czerwca br. Przyjd\u017a na festiwal i znajd\u017a swoj\u0105 drog\u0119 do zdrowia! Czym jest nurt holistyczny w medycynie?","canonical_url":"https:\/\/wia.net.pl\/index.php\/2023\/06\/24\/holistyczna-poradnia-zdrowia-w-expo-lodz-stopzet\/","robots":"max-image-preview:large","keywords":"","webmasterTools":{"miscellaneous":""},"schema":{"@context":"https:\/\/schema.org","@graph":[{"@type":"BlogPosting","@id":"https:\/\/wia.net.pl\/index.php\/2023\/06\/24\/holistyczna-poradnia-zdrowia-w-expo-lodz-stopzet\/#blogposting","name":"Holistyczna Poradnia Zdrowia w EXPO \u0141\u00d3D\u0179 \u2013 STOPZET - Wolno\u015b\u0107 i Anarchia","headline":"Holistyczna Poradnia Zdrowia w EXPO \u0141\u00d3D\u0179 &#8211; STOPZET","author":{"@id":"https:\/\/wia.net.pl\/index.php\/author\/trinity\/#author"},"publisher":{"@id":"https:\/\/wia.net.pl\/#person"},"image":{"@type":"ImageObject","url":"https:\/\/wia.net.pl\/wp-content\/uploads\/2023\/06\/expo.jpg","width":1920,"height":1080},"datePublished":"2023-06-24T19:50:50+02:00","dateModified":"2023-06-24T19:50:50+02:00","inLanguage":"pl-PL","mainEntityOfPage":{"@id":"https:\/\/wia.net.pl\/index.php\/2023\/06\/24\/holistyczna-poradnia-zdrowia-w-expo-lodz-stopzet\/#webpage"},"isPartOf":{"@id":"https:\/\/wia.net.pl\/index.php\/2023\/06\/24\/holistyczna-poradnia-zdrowia-w-expo-lodz-stopzet\/#webpage"},"articleSection":"Artyku\u0142y"},{"@type":"BreadcrumbList","@id":"https:\/\/wia.net.pl\/index.php\/2023\/06\/24\/holistyczna-poradnia-zdrowia-w-expo-lodz-stopzet\/#breadcrumblist","itemListElement":[{"@type":"ListItem","@id":"https:\/\/wia.net.pl#listItem","position":1,"name":"Home","item":"https:\/\/wia.net.pl","nextItem":{"@type":"ListItem","@id":"https:\/\/wia.net.pl\/index.php\/category\/artykuly\/#listItem","name":"Artyku\u0142y"}},{"@type":"ListItem","@id":"https:\/\/wia.net.pl\/index.php\/category\/artykuly\/#listItem","position":2,"name":"Artyku\u0142y","item":"https:\/\/wia.net.pl\/index.php\/category\/artykuly\/","nextItem":{"@type":"ListItem","@id":"https:\/\/wia.net.pl\/index.php\/2023\/06\/24\/holistyczna-poradnia-zdrowia-w-expo-lodz-stopzet\/#listItem","name":"Holistyczna Poradnia Zdrowia w EXPO \u0141\u00d3D\u0179 &#8211; STOPZET"},"previousItem":{"@type":"ListItem","@id":"https:\/\/wia.net.pl#listItem","name":"Home"}},{"@type":"ListItem","@id":"https:\/\/wia.net.pl\/index.php\/2023\/06\/24\/holistyczna-poradnia-zdrowia-w-expo-lodz-stopzet\/#listItem","position":3,"name":"Holistyczna Poradnia Zdrowia w EXPO \u0141\u00d3D\u0179 &#8211; STOPZET","previousItem":{"@type":"ListItem","@id":"https:\/\/wia.net.pl\/index.php\/category\/artykuly\/#listItem","name":"Artyku\u0142y"}}]},{"@type":"Person","@id":"https:\/\/wia.net.pl\/#person","name":"Bart\u0142omiej Talarczyk","image":{"@type":"ImageObject","@id":"https:\/\/wia.net.pl\/index.php\/2023\/06\/24\/holistyczna-poradnia-zdrowia-w-expo-lodz-stopzet\/#personImage","url":"https:\/\/wia.net.pl\/wp-content\/uploads\/avatar-privacy\/cache\/user\/1\/7\/176a6b161c58363ff49b5c167264231f519f5c7fa183ca1f61e891769b6b56d5-96.jpg","width":96,"height":96,"caption":"Bart\u0142omiej Talarczyk"}},{"@type":"Person","@id":"https:\/\/wia.net.pl\/index.php\/author\/trinity\/#author","url":"https:\/\/wia.net.pl\/index.php\/author\/trinity\/","name":"trinity","image":{"@type":"ImageObject","@id":"https:\/\/wia.net.pl\/index.php\/2023\/06\/24\/holistyczna-poradnia-zdrowia-w-expo-lodz-stopzet\/#authorImage","url":"https:\/\/wia.net.pl\/wp-content\/uploads\/avatar-privacy\/cache\/user\/5\/f\/5f6547cf82495eaa10e100a6a45d5dbde2dfdc1be88557de2018fca705bdf6f1-96.jpg","width":96,"height":96,"caption":"trinity"}},{"@type":"WebPage","@id":"https:\/\/wia.net.pl\/index.php\/2023\/06\/24\/holistyczna-poradnia-zdrowia-w-expo-lodz-stopzet\/#webpage","url":"https:\/\/wia.net.pl\/index.php\/2023\/06\/24\/holistyczna-poradnia-zdrowia-w-expo-lodz-stopzet\/","name":"Holistyczna Poradnia Zdrowia w EXPO \u0141\u00d3D\u0179 \u2013 STOPZET - Wolno\u015b\u0107 i Anarchia","description":"Pierwsza w historii festiwalowa Holistyczna Poradnia Zdrowia w EXPO \u0141\u00d3D\u0179 Materia\u0142 informacyjny GREEN WORLD FESTIVAL GREEN WORLD FESTIVAL to pierwsza edycja Mi\u0119dzynarodowego Kongresu i Festiwalu Medycyny Holistycznej, kt\u00f3ry odb\u0119dzie si\u0119 w EXPO \u0141\u00d3D\u0179, AL. Politechniki 4 ju\u017c 24-25 czerwca br. Przyjd\u017a na festiwal i znajd\u017a swoj\u0105 drog\u0119 do zdrowia! Czym jest nurt holistyczny w medycynie?","inLanguage":"pl-PL","isPartOf":{"@id":"https:\/\/wia.net.pl\/#website"},"breadcrumb":{"@id":"https:\/\/wia.net.pl\/index.php\/2023\/06\/24\/holistyczna-poradnia-zdrowia-w-expo-lodz-stopzet\/#breadcrumblist"},"author":{"@id":"https:\/\/wia.net.pl\/index.php\/author\/trinity\/#author"},"creator":{"@id":"https:\/\/wia.net.pl\/index.php\/author\/trinity\/#author"},"image":{"@type":"ImageObject","url":"https:\/\/wia.net.pl\/wp-content\/uploads\/2023\/06\/expo.jpg","@id":"https:\/\/wia.net.pl\/index.php\/2023\/06\/24\/holistyczna-poradnia-zdrowia-w-expo-lodz-stopzet\/#mainImage","width":1920,"height":1080},"primaryImageOfPage":{"@id":"https:\/\/wia.net.pl\/index.php\/2023\/06\/24\/holistyczna-poradnia-zdrowia-w-expo-lodz-stopzet\/#mainImage"},"datePublished":"2023-06-24T19:50:50+02:00","dateModified":"2023-06-24T19:50:50+02:00"},{"@type":"WebSite","@id":"https:\/\/wia.net.pl\/#website","url":"https:\/\/wia.net.pl\/","name":"Wolno\u015b\u0107 i Anarchia","description":"Ka\u017cdy wewn\u0119trznie jest anarchist\u0105.","inLanguage":"pl-PL","publisher":{"@id":"https:\/\/wia.net.pl\/#person"}}]},"og:locale":"pl_PL","og:site_name":"Wolno\u015b\u0107 i Anarchia - Ka\u017cdy wewn\u0119trznie jest anarchist\u0105.","og:type":"article","og:title":"Holistyczna Poradnia Zdrowia w EXPO \u0141\u00d3D\u0179 \u2013 STOPZET - Wolno\u015b\u0107 i Anarchia","og:description":"Pierwsza w historii festiwalowa Holistyczna Poradnia Zdrowia w EXPO \u0141\u00d3D\u0179 Materia\u0142 informacyjny GREEN WORLD FESTIVAL GREEN WORLD FESTIVAL to pierwsza edycja Mi\u0119dzynarodowego Kongresu i Festiwalu Medycyny Holistycznej, kt\u00f3ry odb\u0119dzie si\u0119 w EXPO \u0141\u00d3D\u0179, AL. Politechniki 4 ju\u017c 24-25 czerwca br. Przyjd\u017a na festiwal i znajd\u017a swoj\u0105 drog\u0119 do zdrowia! Czym jest nurt holistyczny w medycynie?","og:url":"https:\/\/wia.net.pl\/index.php\/2023\/06\/24\/holistyczna-poradnia-zdrowia-w-expo-lodz-stopzet\/","og:image":"https:\/\/wia.net.pl\/wp-content\/uploads\/2023\/11\/cropped-freedom-i73367.jpg","og:image:secure_url":"https:\/\/wia.net.pl\/wp-content\/uploads\/2023\/11\/cropped-freedom-i73367.jpg","article:published_time":"2023-06-24T17:50:50+00:00","article:modified_time":"2023-06-24T17:50:50+00:00","twitter:card":"summary_large_image","twitter:title":"Holistyczna Poradnia Zdrowia w EXPO \u0141\u00d3D\u0179 \u2013 STOPZET - Wolno\u015b\u0107 i Anarchia","twitter:description":"Pierwsza w historii festiwalowa Holistyczna Poradnia Zdrowia w EXPO \u0141\u00d3D\u0179 Materia\u0142 informacyjny GREEN WORLD FESTIVAL GREEN WORLD FESTIVAL to pierwsza edycja Mi\u0119dzynarodowego Kongresu i Festiwalu Medycyny Holistycznej, kt\u00f3ry odb\u0119dzie si\u0119 w EXPO \u0141\u00d3D\u0179, AL. Politechniki 4 ju\u017c 24-25 czerwca br. Przyjd\u017a na festiwal i znajd\u017a swoj\u0105 drog\u0119 do zdrowia! Czym jest nurt holistyczny w medycynie?","twitter:image":"https:\/\/wia.net.pl\/wp-content\/uploads\/2023\/11\/cropped-freedom-i73367.jpg"},"aioseo_meta_data":{"post_id":"2594","title":null,"description":null,"keywords":[],"keyphrases":{"focus":{"keyphrase":"","score":0,"analysis":{"keyphraseInTitle":{"score":0,"maxScore":9,"error":1}}},"additional":[]},"primary_term":null,"canonical_url":null,"og_title":null,"og_description":null,"og_object_type":"default","og_image_type":"default","og_image_url":null,"og_image_width":null,"og_image_height":null,"og_image_custom_url":null,"og_image_custom_fields":null,"og_video":"","og_custom_url":null,"og_article_section":null,"og_article_tags":[],"twitter_use_og":false,"twitter_card":"default","twitter_image_type":"default","twitter_image_url":null,"twitter_image_custom_url":null,"twitter_image_custom_fields":null,"twitter_title":null,"twitter_description":null,"schema":{"blockGraphs":[],"customGraphs":[],"default":{"data":{"Article":[],"Course":[],"Dataset":[],"FAQPage":[],"Movie":[],"Person":[],"Product":[],"ProductReview":[],"Car":[],"Recipe":[],"Service":[],"SoftwareApplication":[],"WebPage":[]},"graphName":"BlogPosting","isEnabled":true},"graphs":[]},"schema_type":"default","schema_type_options":null,"pillar_content":false,"robots_default":true,"robots_noindex":false,"robots_noarchive":false,"robots_nosnippet":false,"robots_nofollow":false,"robots_noimageindex":false,"robots_noodp":false,"robots_notranslate":false,"robots_max_snippet":"-1","robots_max_videopreview":"-1","robots_max_imagepreview":"large","priority":null,"frequency":"default","local_seo":null,"breadcrumb_settings":null,"limit_modified_date":false,"ai":null,"created":"2023-06-24 17:50:50","updated":"2025-06-04 08:19:32","seo_analyzer_scan_date":null,"focus_keyword":null,"additional_keywords":null,"truseo_locale":null},"aioseo_breadcrumb":"<div class=\"aioseo-breadcrumbs\"><span class=\"aioseo-breadcrumb\">\n\t\t\t<a href=\"https:\/\/wia.net.pl\" title=\"Home\">Home<\/a>\n\t\t<\/span><span class=\"aioseo-breadcrumb-separator\">&raquo;<\/span><span class=\"aioseo-breadcrumb\">\n\t\t\t<a href=\"https:\/\/wia.net.pl\/index.php\/category\/artykuly\/\" title=\"Artyku\u0142y\">Artyku\u0142y<\/a>\n\t\t<\/span><span class=\"aioseo-breadcrumb-separator\">&raquo;<\/span><span class=\"aioseo-breadcrumb\">\n\t\t\tHolistyczna Poradnia Zdrowia w EXPO \u0141\u00d3D\u0179 \u2013 STOPZET\n\t\t<\/span><\/div>","aioseo_breadcrumb_json":[{"label":"Home","link":"https:\/\/wia.net.pl"},{"label":"Artyku\u0142y","link":"https:\/\/wia.net.pl\/index.php\/category\/artykuly\/"},{"label":"Holistyczna Poradnia Zdrowia w EXPO \u0141\u00d3D\u0179 &#8211; STOPZET","link":"https:\/\/wia.net.pl\/index.php\/2023\/06\/24\/holistyczna-poradnia-zdrowia-w-expo-lodz-stopzet\/"}],"_links":{"self":[{"href":"https:\/\/wia.net.pl\/index.php\/wp-json\/wp\/v2\/posts\/2594"}],"collection":[{"href":"https:\/\/wia.net.pl\/index.php\/wp-json\/wp\/v2\/posts"}],"about":[{"href":"https:\/\/wia.net.pl\/index.php\/wp-json\/wp\/v2\/types\/post"}],"author":[{"embeddable":true,"href":"https:\/\/wia.net.pl\/index.php\/wp-json\/wp\/v2\/users\/2"}],"replies":[{"embeddable":true,"href":"https:\/\/wia.net.pl\/index.php\/wp-json\/wp\/v2\/comments?post=2594"}],"version-history":[{"count":1,"href":"https:\/\/wia.net.pl\/index.php\/wp-json\/wp\/v2\/posts\/2594\/revisions"}],"predecessor-version":[{"id":2596,"href":"https:\/\/wia.net.pl\/index.php\/wp-json\/wp\/v2\/posts\/2594\/revisions\/2596"}],"wp:featuredmedia":[{"embeddable":true,"href":"https:\/\/wia.net.pl\/index.php\/wp-json\/wp\/v2\/media\/2595"}],"wp:attachment":[{"href":"https:\/\/wia.net.pl\/index.php\/wp-json\/wp\/v2\/media?parent=2594"}],"wp:term":[{"taxonomy":"category","embeddable":true,"href":"https:\/\/wia.net.pl\/index.php\/wp-json\/wp\/v2\/categories?post=2594"},{"taxonomy":"post_tag","embeddable":true,"href":"https:\/\/wia.net.pl\/index.php\/wp-json\/wp\/v2\/tags?post=2594"}],"curies":[{"name":"wp","href":"https:\/\/api.w.org\/{rel}","templated":true}]}}