{"id":2640,"date":"2023-06-25T10:33:34","date_gmt":"2023-06-25T08:33:34","guid":{"rendered":"https:\/\/wia.net.pl\/?p=2640"},"modified":"2023-06-25T10:33:34","modified_gmt":"2023-06-25T08:33:34","slug":"od-kanadyjskich-do-australijskich-pozarow-buszu-i-powodzi","status":"publish","type":"post","link":"https:\/\/wia.net.pl\/index.php\/2023\/06\/25\/od-kanadyjskich-do-australijskich-pozarow-buszu-i-powodzi\/","title":{"rendered":"Od kanadyjskich do australijskich po\u017car\u00f3w buszu i powodzi"},"content":{"rendered":"\n<p><strong>Spojrzenie wstecz od kanadyjskich po\u017car\u00f3w do australijskich po\u017car\u00f3w buszu i powodzi<\/strong><\/p>\n\n\n\n<p>AUTOR, RAMESH\u00a0<a href=\"https:\/\/brownstone.org\/author\/ramesh-thakur\/\">THAKUR<\/a>\u00a0\u00a0\u00a022 CZERWCA 2023<\/p>\n\n\n\n<p><\/p>\n\n\n\n<figure class=\"wp-block-image size-large\"><img loading=\"lazy\" decoding=\"async\" width=\"1024\" height=\"576\" src=\"https:\/\/wia.net.pl\/wp-content\/uploads\/2023\/06\/k-1-1024x576.jpg\" alt=\"\" class=\"wp-image-2642\" srcset=\"https:\/\/wia.net.pl\/wp-content\/uploads\/2023\/06\/k-1-1024x576.jpg 1024w, https:\/\/wia.net.pl\/wp-content\/uploads\/2023\/06\/k-1-300x169.jpg 300w, https:\/\/wia.net.pl\/wp-content\/uploads\/2023\/06\/k-1-768x432.jpg 768w, https:\/\/wia.net.pl\/wp-content\/uploads\/2023\/06\/k-1-1536x864.jpg 1536w, https:\/\/wia.net.pl\/wp-content\/uploads\/2023\/06\/k-1-480x270.jpg 480w, https:\/\/wia.net.pl\/wp-content\/uploads\/2023\/06\/k-1.jpg 1920w\" sizes=\"(max-width: 1024px) 100vw, 1024px\" \/><\/figure>\n\n\n\n<figure class=\"wp-block-audio\"><audio controls src=\"https:\/\/wia.net.pl\/wp-content\/uploads\/2023\/06\/A-Look-Back-from-Canadian-Wildfires-to-Australian-Bushfires-and-Floods.mp3\"><\/audio><\/figure>\n\n\n\n<p>aporty i filmy przedstawiaj\u0105ce dym i mg\u0142\u0119 z intensywnych po\u017car\u00f3w otaczaj\u0105cych Kanad\u0119 i dryfuj\u0105cych na po\u0142udnie do Stan\u00f3w Zjednoczonych przywo\u0142uj\u0105 \u017cywe wspomnienia z trwaj\u0105cych dwa miesi\u0105ce po\u017car\u00f3w buszu w Australii (w j\u0119zyku australijskim: Canberra to stolica buszu) trzy i p\u00f3\u0142 roku temu i powodzie w zesz\u0142ym roku.&nbsp;Podobnie jak twierdzenie, \u017ce po\u017cary i powodzie potwierdzaj\u0105 apokaliptyczne ostrze\u017cenia i wynikaj\u0105c\u0105 z nich \u017carliw\u0105 debat\u0119 na temat tego, na ile jest to dow\u00f3d na kryzys klimatyczny spowodowany antropogenicznym globalnym ociepleniem.&nbsp;<\/p>\n\n\n\n<p>Sekretarz generalny ONZ&nbsp;<a href=\"https:\/\/news.un.org\/en\/story\/2023\/03\/1134942\">Ant\u00f3nio Guterres<\/a>&nbsp;ostrzeg\u0142 23 marca, \u017ce \u200b\u200bszkody spowodowane zmianami klimatycznymi sprawiaj\u0105, \u017ce planeta \u201enie nadaje si\u0119 do zamieszkania\u201d.&nbsp;\u015arodowisko si\u0119 psuje, czego konsekwencje obejmuj\u0105 nasilaj\u0105ce si\u0119 fale upa\u0142\u00f3w, susze, powodzie, po\u017cary i g\u0142\u00f3d.&nbsp;<a href=\"https:\/\/www.ippr.org\/news-and-media\/press-releases\/environmental-breakdown-ippr-warns\">Inni dodaj\u0105<\/a>&nbsp;przymusow\u0105 migracj\u0119 i wojny do dalszych konsekwencji, aby spot\u0119gowa\u0107 paniczn\u0105 pornografi\u0119.<\/p>\n\n\n\n<p>W\u0142a\u015bnie dlatego, jak nalega Guterres, rok 2023 powinien by\u0107 rokiem \u201etransformacji, a nie majsterkowania\u201d.&nbsp;Zamiast tego rz\u0105dy pozostaj\u0105 uwi\u0119zione w \u015brodkach przyrostowych.&nbsp;W zwi\u0105zku z tym Guterres&nbsp;<a href=\"https:\/\/www.un.org\/sg\/en\/content\/sg\/press-encounter\/2023-06-15\/secretary-generals-press-conference-climate\">powt\u00f3rzy\u0142<\/a>&nbsp;15 czerwca: \u201eP\u0119dzimy ku katastrofie, oczy szeroko otwarte\u2026 Czas si\u0119 obudzi\u0107 i przyspieszy\u0107\u201d.&nbsp;<\/p>\n\n\n\n<p>wow!&nbsp;Czas na sprawdzenie rzeczywisto\u015bci.<\/p>\n\n\n\n<h3 class=\"wp-block-heading\" id=\"h-scientific-uncertainty\">Niepewno\u015b\u0107 naukowa<\/h3>\n\n\n\n<p>Po pierwsze, tak jak to mia\u0142o miejsce przez trzy lata w przypadku Covid, nacisk na konsensus naukowy przeformu\u0142owany w The Science\u2122 anga\u017cuje si\u0119 w strategi\u0119 t\u0142umienia niepewno\u015bci przez zaprzeczanie oraz kwestionowania powagi i pilno\u015bci stoj\u0105cych przed nimi zagro\u017ce\u0144. , \u015bcie\u017cki przyczynowe i wzgl\u0119dne wagi r\u00f3\u017cnych czynnik\u00f3w wp\u0142ywaj\u0105cych na zmian\u0119 klimatu w perspektywie tysi\u0105cleci oraz po\u0142\u0105czenie alternatywnych interwencji politycznych, takich jak adaptacja i \u0142agodzenie, aby sprosta\u0107 wyzwaniu.<\/p>\n\n\n\n<p>Z\u0142o\u017cono\u015b\u0107 system\u00f3w klimatycznych wynika z nieliniowych r\u00f3wna\u0144 obejmuj\u0105cych wiele r\u00f3\u017cnych zmiennych w czasie na l\u0105dzie, morzu i powietrzu, a tak\u017ce interaktywnych powi\u0105za\u0144 mi\u0119dzy wieloma podsystemami, takimi jak atmosfera, oceany, l\u00f3d lodowcowy, wieczna zmarzlina, powierzchnia l\u0105du itp.<\/p>\n\n\n\n<p>Wzgl\u0119dna si\u0142a r\u00f3\u017cnych czynnik\u00f3w wp\u0142ywaj\u0105cych na zmienno\u015b\u0107 klimatu \u2014 takich jak emisje CO&nbsp;<sub>2<\/sub>&nbsp;, zmienno\u015b\u0107 s\u0142oneczna, wzorce cyrkulacji oceanicznej, erupcje wulkan\u00f3w i&nbsp;<a href=\"https:\/\/climate.nasa.gov\/news\/2948\/milankovitch-orbital-cycles-and-their-role-in-earths-climate\/\">cykle Milankovicia<\/a>&nbsp;zmian orbit planetarnych \u2014 nie jest znana z \u017cadnym stopniem dok\u0142adno\u015bci.&nbsp;Zapisy geologiczne pokazuj\u0105, \u017ce okresy ocieplenia i och\u0142odzenia przechodz\u0105 przez wyd\u0142u\u017cone cykle bez widocznego wzorca intensywno\u015bci, dotkliwo\u015bci i czasu cykli.&nbsp;<\/p>\n\n\n\n<p>W moim&nbsp;<a href=\"https:\/\/brownstone.org\/articles\/kennedy-desantis-covid-reckoning-election\/\">poprzednim artykule<\/a>&nbsp;argumentowa\u0142em, \u017ce Covid-19 jest powa\u017cnym, ale nie egzystencjalnym globalnym kryzysem zdrowotnym.&nbsp;Podobnie mo\u017cna kwestionowa\u0107 zakres wk\u0142adu paliw kopalnych w zmiany klimatu, niekoniecznie zaprzeczaj\u0105c, \u017ce tak jest.&nbsp;Niepewno\u015b\u0107 i spory tkwi\u0105 w a\u017c nazbyt istotnych szczeg\u00f3\u0142ach.&nbsp;W&nbsp;<a href=\"https:\/\/journals.lww.com\/health-physics\/Fulltext\/2022\/02000\/World_Atmospheric_CO2,_Its_14C_Specific_Activity,.2.aspx\">artykule<\/a>&nbsp;z zesz\u0142ego roku w&nbsp;<em>Health Physics<\/em>&nbsp;, trzech naukowc\u00f3w z University of Massachusetts Lowell zakwestionowa\u0142o tez\u0119, \u017ce wi\u0119kszo\u015b\u0107 wzrostu st\u0119\u017cenia CO2&nbsp;<sub>w<\/sub>&nbsp;atmosferze od 1850 roku pochodzi z antropogenicznego sk\u0142adnika paliw kopalnych.&nbsp;Odkryli, \u017ce od 1750 do 2018 roku \u201eprocent ca\u0142kowitego&nbsp;<sub>CO2<\/sub>&nbsp;ze wzgl\u0119du na wykorzystanie paliw kopalnych\u2026 wzr\u00f3s\u0142 z 0% w 1750 r. do 12% w 2018 r., o wiele za nisko, aby m\u00f3g\u0142 by\u0107 przyczyn\u0105 globalnego ocieplenia\u201d.<\/p>\n\n\n\n<h3 class=\"wp-block-heading\" id=\"h-empirical-data-contradicts-catastrophising-models-and-claims\">Dane empiryczne przecz\u0105 katastroficznym modelom i twierdzeniom<\/h3>\n\n\n\n<p>Po drugie, podobnie jak w przypadku Covid, dane obserwacyjne mog\u0105 r\u00f3wnie\u017c r\u00f3\u017cni\u0107 si\u0119 od przewidywa\u0144 modelu klimatycznego.&nbsp;Matematyczna precyzja tego ostatniego ukrywa rzeczywisto\u015b\u0107 za\u0142o\u017ce\u0144 wprowadzonych do modeli przez ludzi potwierdzaj\u0105cych uprzedzenia, kt\u00f3re determinuj\u0105 tworzone scenariusze.&nbsp;W&nbsp;<a href=\"https:\/\/brownstone.org\/articles\/beware-catastrophizing-climate-models-activists\/\">poprzednim artykule<\/a>&nbsp;wymieni\u0142em kilka przewidywa\u0144, kt\u00f3re zosta\u0142y ju\u017c sfa\u0142szowane, tym samym spe\u0142niaj\u0105c kryterium pseudonauki Karla Poppera.<\/p>\n\n\n\n<p>Rekonstrukcja po\u0142udniowo-wschodniej Grenlandii wykaza\u0142a, \u017ce \u200b\u200btemperatury wzrasta\u0142y i spada\u0142y od 1796 r. Je\u015bli wzrost st\u0119\u017cenia CO&nbsp;<sub>2<\/sub>&nbsp;jest motorem ocieplenia Arktyki, wiek XIX i XX powinien by\u0107 zauwa\u017calnie zimniejszy ni\u017c obecnie.&nbsp;Zamiast tego&nbsp;<a href=\"https:\/\/agupubs.onlinelibrary.wiley.com\/doi\/full\/10.1029\/2019PA003692\">badanie<\/a>&nbsp;wykaza\u0142o, \u017ce w latach 1796\u20132013 wyst\u0119powa\u0142y epizody ocieplenia i och\u0142odzenia;&nbsp;okresy dekadowe w XIX wieku by\u0142y czasami cieplejsze ni\u017c w 2013 roku;&nbsp;aw latach dwudziestych i czterdziestych XX wieku ocieplenie by\u0142o bardziej trwa\u0142e ni\u017c w XXI wieku.<\/p>\n\n\n\n<p><strong>Ryc&nbsp;<\/strong><strong>. 1: Globalna roczna \u015bmiertelno\u015b\u0107 z powodu wszystkich kl\u0119sk \u017cywio\u0142owych<\/strong><\/p>\n\n\n\n<figure class=\"wp-block-image\"><img decoding=\"async\" src=\"https:\/\/brownstone.org\/wp-content\/uploads\/2023\/06\/image2-18-800x565.png\" alt=\"\" class=\"wp-image-24049\"\/><\/figure>\n\n\n\n<p>Podobnie w&nbsp;<a href=\"https:\/\/tc.copernicus.org\/articles\/17\/2059\/2023\/\">artykule<\/a>&nbsp;opublikowanym 16 maja w&nbsp;<em>European Geosciences Union<\/em>&nbsp;trzech klimatolog\u00f3w z Uniwersytetu w Leeds zauwa\u017cy\u0142o, \u017ce w latach 2009\u20132019 zmniejszenie powierzchni pokrywy lodowej na P\u00f3\u0142wyspie Antarktycznym i Antarktydzie Zachodniej zosta\u0142o zr\u00f3wnowa\u017cone przez wzrost obszaru we Wschodniej Antarktydzie i du\u017ce szelfy lodowe Rossa i Ronne-Filchnera, co daje wzrost netto o ponad 5000 km2.&nbsp;Niekt\u00f3rzy pytaj\u0105, czy zamiast ci\u0105g\u0142ego wzrostu temperatur nie istnieje granica efektu cieplnego spowodowanego emisj\u0105 CO&nbsp;<sub>2<\/sub>&nbsp;do atmosfery, podobnie jak dowody na to, \u017ce wska\u017anik infekcji wirusowych mia\u0142 swoj\u0105 w\u0142asn\u0105 naturaln\u0105 granic\u0119, po kt\u00f3rej osi\u0105ga\u0142 szczyt i spada\u0142, a nie wspina\u0107 si\u0119 w niesko\u0144czono\u015b\u0107.&nbsp;Inni spekuluj\u0105, \u017ce mog\u0105 istnie\u0107 naturalne&nbsp;<a href=\"https:\/\/www.wsj.com\/articles\/can-the-climate-heal-itself-cumulus-cirrus-clouds-negative-feedback-un-30bbbef0\">mechanizmy samoleczenia<\/a>sprawdzi\u0107 niekontrolowane ekstrema klimatyczne, kt\u00f3re utrzymuj\u0105 Ziemi\u0119 w r\u00f3wnowadze przez d\u0142ugie cykle historii.<\/p>\n\n\n\n<p>Niedawne po\u017cary las\u00f3w w Kanadzie, z g\u0119stym dymem pokrywaj\u0105cym r\u00f3wnie\u017c ogromne obszary Stan\u00f3w Zjednoczonych, wywo\u0142a\u0142y bardziej katastrofaln\u0105 histeri\u0119 ni\u017c \u015bwiat\u0142o, podobnie jak po\u017cary buszu w Australii latem 2019\u20132020.&nbsp;Natychmiastowa gra w obwinianie wskazuje palcem na bezczynno\u015b\u0107 klimatyczn\u0105.&nbsp;O 6:37 rano 8 czerwca prezydent&nbsp;<a href=\"https:\/\/twitter.com\/POTUS\/status\/1666545045791555585\">Joe Biden napisa\u0142 na Twitterze<\/a>&nbsp;, \u017ce \u201erekordowe po\u017cary las\u00f3w w Kanadzie\u2026 nasilaj\u0105 si\u0119 z powodu kryzysu klimatycznego\u201d.<\/p>\n\n\n\n<p>Premier&nbsp;<a href=\"https:\/\/twitter.com\/JustinTrudeau\/status\/1666586130571993088\">Justin Trudeau pod\u0105\u017cy\u0142 za nim<\/a>&nbsp;o 9:21: Kanada do\u015bwiadcza \u201ecoraz wi\u0119cej tych po\u017car\u00f3w z powodu zmian klimatycznych\u201d.&nbsp;I to s\u0105 faceci, kt\u00f3rzy chc\u0105 za\u0142o\u017cy\u0107 rz\u0105dowe tablice dezinformacji i dezinformacji?&nbsp;Ich najwyra\u017aniej nieodparta ch\u0119\u0107 katastrofy ignoruje niewygodne dane, \u017ce wp\u0142yw kl\u0119sk \u017cywio\u0142owych ze wszystkich przyczyn na \u015bmiertelno\u015b\u0107 gwa\u0142townie spad\u0142 od lat 1920-40 (rysunek 1).<\/p>\n\n\n\n<p>Fundacja Clintel z siedzib\u0105 w Holandii opublikowa\u0142a 9 maja artyku\u0142, w kt\u00f3rym twierdzi, \u017ce sz\u00f3sty raport oceniaj\u0105cy IPCC zignorowa\u0142 recenzowan\u0105 literatur\u0119, kt\u00f3ra pokazuje, \u017ce straty spowodowane kl\u0119skami \u017cywio\u0142owymi zmniejszy\u0142y si\u0119 od 1990 r., a liczba ofiar \u015bmiertelnych spowodowanych ekstremalnymi warunkami pogodowymi spad\u0142a o 95 procent (!) od 1920&nbsp;<a href=\"https:\/\/clintel.org\/thorough-analysis-by-clintel-shows-serious-errors-in-latest-ipcc-report\/\">r<\/a>&nbsp;. : \u201eStrategia IPCC wydaje si\u0119 polega\u0107 na ukrywaniu wszelkich dobrych wiadomo\u015bci na temat zmian klimatu i nag\u0142a\u015bnianiu wszystkiego, co z\u0142e\u201d.&nbsp;Panel uzale\u017cniony od katastrof musi zaprosi\u0107 szerszy zakres pogl\u0105d\u00f3w do swojego namiotu obrad, doradzaj\u0105.<\/p>\n\n\n\n<p>Jeszcze inn\u0105 najcz\u0119\u015bciej ignorowan\u0105 rzeczywisto\u015bci\u0105 jest to, \u017ce&nbsp;<a href=\"https:\/\/www.wsj.com\/articles\/canada-wildfires-smoke-east-coast-climate-emissions-forest-management-1838d4c5\">emisje z po\u017car\u00f3w las\u00f3w<\/a>&nbsp;s\u0105 znacznie wy\u017csze ni\u017c redukcje wynikaj\u0105ce z regulacji rz\u0105dowych.&nbsp;Badania przeprowadzone przez ekspert\u00f3w z Uniwersytetu Kalifornijskiego w zesz\u0142ym roku wykaza\u0142y, \u017ce emisje z po\u017car\u00f3w w ci\u0105gu zaledwie jednego roku w 2020 r. by\u0142y dwukrotnie wy\u017csze ni\u017c redukcje gaz\u00f3w cieplarnianych w tym stanie w latach 2003-2019. Inne badanie wykaza\u0142o, \u017ce w 2021 r. emisje z p\u0142on\u0105cych las\u00f3w borealnych w Ameryce P\u00f3\u0142nocnej i Eurazji by\u0142y prawie dwukrotnie wy\u017csze ni\u017c w przypadku paliwa lotniczego.<\/p>\n\n\n\n<p>Oznacza to, \u017ce zmniejszenie ilo\u015bci paliwa (suchego, palnego drewna, kt\u00f3re gromadzi si\u0119 na dnie lasu), kt\u00f3re nagromadzi\u0142o si\u0119 z powodu z\u0142ego zarz\u0105dzania lasami, jest lepsz\u0105 strategi\u0105 redukcji emisji ni\u017c skupianie si\u0119 wy\u0142\u0105cznie na redukcji paliw kopalnych.&nbsp;Nacisk ze strony dzia\u0142aczy na rzecz ochrony \u015brodowiska, aby bardziej skupiali si\u0119 na reaktywnym gaszeniu po\u017car\u00f3w ni\u017c na proaktywnych strategiach zapobiegania po\u017carom, jest szkodliwy dla d\u0142ugoterminowej kontroli emisji.&nbsp;Oznacza to, \u017ce zalecane wypalanie, kt\u00f3re usuwa gruz z poszycia le\u015bnego, mo\u017ce zmniejszy\u0107 emisj\u0119 CO&nbsp;<sub>2<\/sub>&nbsp;o wi\u0119cej ni\u017c tylko wprowadzenie morskich farm wiatrowych i samochod\u00f3w elektrycznych.<\/p>\n\n\n\n<p>Jak widzieli\u015bmy w przypadku Covid, dane s\u0105 cz\u0119sto zbierane wok\u00f3\u0142 narracji, w szczeg\u00f3lno\u015bci w odniesieniu do okresowych test\u00f3w por\u00f3wnawczych.&nbsp;Je\u015bli spojrzymy na przyk\u0142ad na area\u0142 spalony w USA w ci\u0105gu ostatnich 30 lat, wida\u0107 dramatyczny wzrost z prawie trzech do oko\u0142o dziesi\u0119ciu milion\u00f3w akr\u00f3w rocznie.&nbsp;Jednak od lat dwudziestych XX wieku&nbsp;<a href=\"https:\/\/boriquagato.substack.com\/p\/wildfi%20res-bad-policy-is-ensuring\">gwa\u0142townie spad\u0142<\/a>&nbsp;z poziomu ponad 50 milion\u00f3w akr\u00f3w rocznie.<\/p>\n\n\n\n<p>Podobnie wygl\u0105da sytuacja w Kanadzie.&nbsp;Wed\u0142ug&nbsp;<a href=\"https:\/\/www.fraserinstitute.org\/studies\/trends-in-canadian-forest-fires-1959-2019\">badania<\/a>&nbsp;Fraser Institute of Trends w latach 1959\u20132019 \u201enast\u0105pi\u0142 gwa\u0142towny wzrost zniszcze\u0144 spowodowanych po\u017carami las\u00f3w w pierwszej po\u0142owie tego okresu, a og\u00f3lny spadek w drugiej po\u0142owie\u201d.&nbsp;Oko\u0142o 7,6 miliona hektar\u00f3w sp\u0142on\u0119\u0142o w szczytowym momencie w 1989 r., spadaj\u0105c do 1,8 miliona hektar\u00f3w w 2019 r. Redakcja The&nbsp;Globe&nbsp;<em>and Mail<\/em>&nbsp;przekonywa\u0142a 26 lipca 2021 r., \u017ce zalecane oparzenia poprawiaj\u0105 og\u00f3lny stan zdrowia lasu, podczas gdy t\u0142umienie po\u017car\u00f3w prowadzi do \u201elas\u00f3w podatnych na&nbsp;<a href=\"https:\/\/www.theglobeandmail.com\/opinion\/editorials\/article-canadas-massive-wildfires-are-the-result-of-decades-of-bad-decisions\/\">masowe<\/a>&nbsp;p\u0142onie\u201d z martwego rozpa\u0142ki na pod\u0142odze.<\/p>\n\n\n\n<h3 class=\"wp-block-heading\" id=\"h-debating-bushfires-and-floods-down-under\">Debata o po\u017carach buszu i powodziach w dole<\/h3>\n\n\n\n<p>Tego gor\u0105cego lata Sydney by\u0142o zasnute g\u0119stym, dusz\u0105cym dymem.&nbsp;Dym z okolicznych po\u017car\u00f3w \u2013 z naszego domu mogli\u015bmy zobaczy\u0107 p\u0142omienie li\u017c\u0105ce niebo tu\u017c za lotniskiem \u2013 da\u0142 Canberze&nbsp;<a href=\"https:\/\/www.theaustralian.com.au\/nation\/canberra-air-quality-worst-in-world\/news-story\/c04d0bf8894f69e55f5b4ae11d042665\">najgorszy na \u015bwiecie wska\u017anik jako\u015bci powietrza<\/a>&nbsp;wynosz\u0105cy 4758 w dniu 1 stycznia 2020 r., ponad dwadzie\u015bcia razy powy\u017cej oficjalnego progu zagro\u017cenia wynosz\u0105cego 200. Jednak&nbsp;<a href=\"https:\/\/www.canberratimes.com.au\/story\/6566060\/canberra-experiences-hottest-temperature-on-record\/?cs=14260\">Najgor\u0119tszy odnotowany dzie\u0144 w Canberze<\/a>&nbsp;w tym miesi\u0105cu z temperatur\u0105 44&nbsp;<sup>0<\/sup>&nbsp;C nie by\u0142 wi\u0119kszym dowodem naukowej rzeczywisto\u015bci globalnego ocieplenia ni\u017c&nbsp;<a href=\"https:\/\/timesofindia.indiatimes.com\/india\/with-max-temperature-at-9-4c-delhi-gets-its-coldest-day-in-119-years\/articleshow\/73038388.cms\">najzimniejszy grudniowy dzie\u0144 w historii Delhi<\/a>&nbsp;(30.&nbsp;<sup>)<\/sup>&nbsp;nie by\u0142 tego dowodem.<\/p>\n\n\n\n<p>Po\u015br\u00f3d poczernia\u0142ego nieba i p\u0142on\u0105cych krajobraz\u00f3w wielu po\u017car\u00f3w Australii tego po\u0142udniowego lata, leniwa reakcja niekt\u00f3rych, na przyk\u0142ad redakcji Financial Times&nbsp;<a href=\"https:\/\/www.ft.com\/content\/5082d45c-232e-11ea-b8a1-584213ee7b2b\"><em>,<\/em><\/a>&nbsp;polega\u0142a na obwinianiu negacji klimatu za kl\u0119sk\u0119 \u017cywio\u0142ow\u0105.&nbsp;Premier Scott Morrison zosta\u0142&nbsp;<a href=\"https:\/\/www.bbc.com\/news\/world-australia-50737887\">ostro skrytykowany<\/a>&nbsp;za przest\u0119pczo\u015b\u0107 klimatyczn\u0105.&nbsp;<\/p>\n\n\n\n<p>Chocia\u017c&nbsp;<a href=\"https:\/\/www.bbc.com\/news\/world-australia-50979169\">lokalny gniew<\/a>&nbsp;ofiar po\u017car\u00f3w buszu by\u0142 zrozumia\u0142y, znaczna cz\u0119\u015b\u0107 szerszej krytyki by\u0142a nie na miejscu.&nbsp;Pokaza\u0142a umy\u015bln\u0105 nieznajomo\u015b\u0107 historii Australii podatnej na po\u017cary buszu, bagatelizowa\u0142a odpowiedzialno\u015b\u0107 rz\u0105d\u00f3w stanowych za rozwa\u017cne praktyki gospodarki le\u015bnej, przeoczy\u0142a d\u0142ugi czas mi\u0119dzy emisjami a zmian\u0105 klimatu, omin\u0119\u0142a s\u0142abe powi\u0105zania mi\u0119dzy globalnym ociepleniem a okre\u015blonymi zjawiskami pogodowymi oraz wyolbrzymi\u0142a wp\u0142yw Australii o globalnych temperaturach.<\/p>\n\n\n\n<p>Kt\u00f3ry z nich nie znajduje obecnie echa w Ameryce P\u00f3\u0142nocnej?<\/p>\n\n\n\n<p>Jednak w rzeczywisto\u015bci zagro\u017cenie po\u017carowe zmniejszy\u0142o si\u0119 w obu krajach (wykres 2).<\/p>\n\n\n\n<p>Spo\u0142eczno\u015bci aboryge\u0144skie \u017cy\u0142y w surowym klimacie i terenie Australii przez dziesi\u0105tki tysi\u0119cy lat.&nbsp;Ostatnie badania udokumentowa\u0142y wyrafinowany system praktyk zarz\u0105dzania gruntami i krzewami, kt\u00f3re stosowali w celu utrzymania i regeneracji las\u00f3w.&nbsp;U\u017cycie ognia by\u0142o wa\u017cn\u0105 cz\u0119\u015bci\u0105 tego cyklu.<\/p>\n\n\n\n<p>Brytyjskie Biuro Meteorologiczne opublikowa\u0142o przegl\u0105d 57 recenzowanych artyku\u0142\u00f3w naukowych, w kt\u00f3rych stwierdzono, \u017ce pogoda zwi\u0105zana z po\u017carem przek\u0142ada si\u0119 na aktywno\u015b\u0107 po\u017caru tylko w przypadku zap\u0142onu naturalnego lub wywo\u0142anego przez cz\u0142owieka (b\u0142yskawica, podpalenie, nieostro\u017cno\u015b\u0107), a \u201espalony obszar jest niewra\u017cliwy na pogod\u0119 po\u017carow\u0105 w regionach [w tym w Australii ], gdzie&nbsp;<a href=\"https:\/\/sciencebrief.org\/briefs\/wildfires\">zapasy paliwa lub t\u0142umienie ludzi s\u0105 kluczowymi ograniczeniami przeciwpo\u017carowymi<\/a>&nbsp;\u201d.<\/p>\n\n\n\n<p><strong>Wykres 2: Roczne wska\u017aniki zgon\u00f3w i szk\u00f3d ekonomicznych spowodowanych po\u017carami las\u00f3w w Australii i Kanadzie w latach 1910\u20132020<\/strong><\/p>\n\n\n\n<figure class=\"wp-block-image\"><img decoding=\"async\" src=\"https:\/\/brownstone.org\/wp-content\/uploads\/2023\/06\/image4-14-800x565.png\" alt=\"\" class=\"wp-image-24051\"\/><\/figure>\n\n\n\n<figure class=\"wp-block-image\"><img decoding=\"async\" src=\"https:\/\/brownstone.org\/wp-content\/uploads\/2023\/06\/image5-12-800x565.png\" alt=\"\" class=\"wp-image-24052\"\/><\/figure>\n\n\n\n<p>W uzupe\u0142niaj\u0105cym podsumowaniu&nbsp;<a href=\"https:\/\/publications.csiro.au\/publications\/publication\/PIcsiro:EP154327\">Raport techniczny<\/a>&nbsp;z 2015 r. sporz\u0105dzony przez Commonwealth Scientific and Industrial Research Organisation, szczytowy organ naukowy rz\u0105du australijskiego, zauwa\u017cy\u0142, \u017ce w dowolnym miejscu potencja\u0142 po\u017carowy zale\u017cy od czterech \u201eprze\u0142\u0105cznik\u00f3w\u201d:<\/p>\n\n\n\n<ol class=\"wp-block-list\">\n<li><em>Zap\u0142on spowodowany przez cz\u0142owieka lub ze \u017ar\u00f3de\u0142 naturalnych, takich jak wy\u0142adowania atmosferyczne;<\/em><\/li>\n\n\n\n<li><em>Obfito\u015b\u0107 lub \u0142adunek paliwa (musi by\u0107 wystarczaj\u0105ca ilo\u015b\u0107 paliwa);<\/em><\/li>\n\n\n\n<li><em>Sucho\u015b\u0107 paliwa, gdzie do po\u017caru wymagana jest mniejsza zawarto\u015b\u0107 wilgoci;&nbsp;I<\/em><\/li>\n\n\n\n<li><em>Odpowiednie warunki pogodowe do rozprzestrzeniania si\u0119 ognia, og\u00f3lnie gor\u0105co, sucho i wietrznie.<\/em><\/li>\n<\/ol>\n\n\n\n<p>Badacz po\u017car\u00f3w z Queensland, Christine Finlay, od dawna&nbsp;&nbsp;<a href=\"https:\/\/www.theaustralian.com.au\/inquirer\/firestorms-follow-move-away-from-cool-burning\/news-story\/9e0b6bc2cee5851d56dbedaafa7ce26e\">ostrzega<\/a>&nbsp;&nbsp;, \u017ce \u200b\u200bzmniejszone spalanie \u0142adunk\u00f3w paliwa w zimie mo\u017ce zwi\u0119kszy\u0107 cz\u0119stotliwo\u015b\u0107 burz ogniowych w lecie.&nbsp;Finlay, kt\u00f3ra na potrzeby swojego doktoratu studiowa\u0142a histori\u0119 po\u017car\u00f3w buszu w latach 1881-1981, pokazuje, \u017ce operacje redukcji po\u017car\u00f3w buszu od 1919 r.&nbsp;Wed\u0142ug jej danych istnieje bezpo\u015brednia korelacja mi\u0119dzy zwi\u0119kszon\u0105 cz\u0119stotliwo\u015bci\u0105 i rozmiarem po\u017car\u00f3w od 1919 r. a nagromadzeniem si\u0119 katastrofalnych poziom\u00f3w \u0142adunku paliwa.<\/p>\n\n\n\n<p>Kontrolowane spalanie \u2013 kt\u00f3re jest prowadzone na du\u017cych obszarach i przy sprzyjaj\u0105cych warunkach wiatrowych i temperaturowych \u2013 jest tanie i bardzo skuteczne w zmniejszaniu cz\u0119sto\u015bci wyst\u0119powania po\u017car\u00f3w buszu, a tak\u017ce prawdopodobie\u0144stwa ich niekontrolowanego rozprzestrzeniania si\u0119.&nbsp;I w przeciwie\u0144stwie do drastycznych wysi\u0142k\u00f3w zmierzaj\u0105cych do ograniczenia emisji gaz\u00f3w cieplarnianych, nie zagra\u017ca to \u017ar\u00f3d\u0142om utrzymania i standardom \u017cycia.<\/p>\n\n\n\n<p>Po\u017cary buszu maj\u0105 zar\u00f3wno przyczyny strukturalne, jak i bezpo\u015brednie.&nbsp;\u015arednie temperatury powierzchni Australii wzros\u0142y o oko\u0142o 1,5&nbsp;<sup>0<\/sup>&nbsp;C od pocz\u0105tku XX wieku.&nbsp;Na kontynencie zdominowanym przez suchy krajobraz eukaliptusa i wysokie temperatury antropogeniczne globalne ocieplenie mog\u0142o pogorszy\u0107 warunki t\u0142a dla cz\u0119stszego, cz\u0119stszego wyst\u0119powania po\u017car\u00f3w w wi\u0119kszej liczbie miejsc i d\u0142u\u017cszego trwania sezonu po\u017carowego.<\/p>\n\n\n\n<p>Jednak lokalne wzorce pogodowe s\u0105 w niewielkim stopniu zdeterminowane przez z\u0142o\u017cone i dynamiczne zmienne globalne, a obecne emisje b\u0119d\u0105 wp\u0142ywa\u0107 na warunki klimatyczne przez dziesi\u0119ciolecia w przysz\u0142o\u015bci, a nie w tym lub przysz\u0142ym roku.&nbsp;Najbardziej autorytatywny mi\u0119dzynarodowy raport pokazuje jedynie s\u0142abe powi\u0105zania mi\u0119dzy wywo\u0142anymi przez cz\u0142owieka zmianami klimatycznymi a suszami, po\u017carami buszu, powodziami i huraganami.&nbsp;Gdyby Australia osi\u0105gn\u0119\u0142a neutralno\u015b\u0107 pod wzgl\u0119dem emisji dwutlenku w\u0119gla netto do 2019 r., nie mia\u0142oby to znaczenia dla po\u017car\u00f3w w tym sezonie.<\/p>\n\n\n\n<p>Jest kilka rzeczy, kt\u00f3re australijskie rz\u0105dy federalne i stanowe mog\u0105 teraz zrobi\u0107 samodzielnie, aby zmniejszy\u0107 liczb\u0119 ofiar po\u017car\u00f3w.&nbsp;Organy ochrony przeciwpo\u017carowej identyfikuj\u0105 bezpo\u015brednie przyczyny poszczeg\u00f3lnych po\u017car\u00f3w, takie jak podpalenie, nieostro\u017cne u\u017cycie ognia, uderzenie pioruna itp. Podpalacze musz\u0105 zosta\u0107 zatrzymani i postawieni przed s\u0105dem, a spo\u0142ecze\u0144stwo nale\u017cy lepiej edukowa\u0107 w zakresie zagro\u017ce\u0144.&nbsp;<\/p>\n\n\n\n<p>Alarmizm klimatyczny zyska\u0142 drugie \u017cycie rok p\u00f3\u017aniej, gdy ogromne powodzie nawiedzi\u0142y wschodni\u0105 Australi\u0119.&nbsp;Przeprowadzili\u015bmy si\u0119 do regionu Northern Rivers w Nowej Po\u0142udniowej Walii w grudniu 2021 r., w sam\u0105 por\u0119, by powita\u0107 nas w naszym nowym domu przez powodzie, poniewa\u017c ca\u0142y obszar zosta\u0142 powa\u017cnie zalany w lutym-marcu 2022 r. Ponownie jednak nie na darmo Australia znany jako kraina susz, po\u017car\u00f3w i powodzi, i w przeciwie\u0144stwie do pu\u0142apki ahistorycznego prezentyzmu, w kt\u00f3r\u0105 wpad\u0142a wi\u0119kszo\u015b\u0107 komentarzy medialnych, \u015bmiertelno\u015b\u0107 spowodowana okresowymi powodziami nie wzros\u0142a znacz\u0105co na przestrzeni dziesi\u0119cioleci (ryc. 3).&nbsp;Jednak szkody gospodarcze pog\u0142\u0119bi\u0142y si\u0119, co prawdopodobnie odzwierciedla rosn\u0105cy dobrobyt dzi\u0119ki dro\u017cszym gospodarstwom rolnym i mieszkaniom ni\u017c we wcze\u015bniejszych czasach.&nbsp;G\u0142\u00f3wnym czynnikiem przyczyniaj\u0105cym si\u0119 do powodzi jest r\u00f3wnie\u017c niefortunna historia wydawania pozwole\u0144 na budow\u0119 zabudowy mieszkaniowej na terenach zalewowych.<\/p>\n\n\n\n<p>Jednak, podobnie jak w przypadku r\u00f3\u017cnych wska\u017anik\u00f3w dotycz\u0105cych po\u017car\u00f3w las\u00f3w, w przypadku powodzi r\u00f3wnie\u017c mo\u017cna wybra\u0107 obszar zalany wod\u0105, liczb\u0119 zabitych os\u00f3b lub skal\u0119 strat maj\u0105tkowych, upraw, inwentarza \u017cywego i ekonomicznego oraz statystyki na mieszka\u0144ca w por\u00f3wnaniu z zagregowanymi statystykami.<\/p>\n\n\n\n<p><strong>Rysunek 3: Powodzie w Australii \u2014 \u015brednia dekadowa: Roczna \u015bmiertelno\u015b\u0107 i szkody gospodarcze jako udzia\u0142 w PKB (w procentach)<\/strong><\/p>\n\n\n\n<figure class=\"wp-block-image\"><img decoding=\"async\" src=\"https:\/\/brownstone.org\/wp-content\/uploads\/2023\/06\/Screenshot-2023-06-23-at-07.33.33-800x603.png\" alt=\"\" class=\"wp-image-24090\"\/><\/figure>\n\n\n\n<p>\u0179r\u00f3d\u0142o: Wykres sporz\u0105dzony przez autora na podstawie danych z Our World in Data.<\/p>\n\n\n\n<h2 class=\"wp-block-heading\" id=\"h-the-deadliest-natural-disasters-are-not-related-to-climate-change\">Najbardziej \u015bmiertelne kl\u0119ski \u017cywio\u0142owe nie s\u0105 zwi\u0105zane ze zmianami klimatycznymi<\/h2>\n\n\n\n<p>Jednak \u0142\u0105czenie globalnego ocieplenia spowodowanego przez cz\u0142owieka z katastrofami pogodowymi zdradza umy\u015bln\u0105 nieznajomo\u015b\u0107 d\u0142ugiej historii po\u017car\u00f3w buszu w Australii.&nbsp;W kr\u00f3tkiej historii Australii by\u0142o kilka bardziej \u015bmierciono\u015bnych fal upa\u0142\u00f3w i po\u017car\u00f3w, nawet od czasu osadnictwa europejskiego, na przyk\u0142ad w&nbsp;<a href=\"https:\/\/trove.nla.gov.au\/newspaper\/article\/64889112\">styczniu 1896 r.<\/a>&nbsp;Z 200 ofiarami \u015bmiertelnymi w Australii w ci\u0105gu trzech tygodni i ponownie w&nbsp;<a href=\"https:\/\/knowledge.aidr.org.au\/resources\/bushfire-black-friday-victoria-1939\/\">styczniu 1939 r<\/a>&nbsp;. Z 71 ofiarami \u015bmiertelnymi w stanie Wiktoria.<\/p>\n\n\n\n<p>Trzecim echem Covid jest spos\u00f3b, w jaki wpada on w pu\u0142apk\u0119 nadawania priorytetu dzia\u0142aniom na rzecz klimatu z zaniedbaniem innych cel\u00f3w polityki publicznej, a kalkulacja koszt\u00f3w i korzy\u015bci ogranicza si\u0119 do wykrzykiwania hase\u0142, kt\u00f3re w przypadku zakwestionowania szybko przeradzaj\u0105 si\u0119 w nadu\u017cycia i \u017c\u0105dania odwo\u0142ania .&nbsp;W obu przypadkach naciski na intelektualny konformizm i ograniczenia wolno\u015bci s\u0142owa i docieka\u0144 naukowych w kwestionowaniu dominuj\u0105cych \u201epost\u0119powych\u201d wzorc\u00f3w przekszta\u0142ci\u0142y nauk\u0119 w kult.&nbsp;Dlaczego niech\u0119\u0107 do ograniczania wygodnego stylu \u017cycia w krajach o wysokich dochodach i aspirowanie do tego samego w krajach biedniejszych jest nielegalne, niemoralne i zdecydowanie z\u0142e, co sta\u0142o si\u0119 mo\u017cliwe i b\u0119dzie \u0142atwiejsze dzi\u0119ki energii z paliw kopalnych u\u017cywa\u0107?<\/p>\n\n\n\n<p><strong>Wykres 4: Roczne globalne wska\u017aniki \u015bmiertelno\u015bci w wyniku po\u017car\u00f3w i trz\u0119sie\u0144 ziemi w latach 1900\u20132020<\/strong><\/p>\n\n\n\n<figure class=\"wp-block-image\"><img decoding=\"async\" src=\"https:\/\/brownstone.org\/wp-content\/uploads\/2023\/06\/image8-4-800x565.png\" alt=\"\" class=\"wp-image-24054\"\/><\/figure>\n\n\n\n<figure class=\"wp-block-image\"><img decoding=\"async\" src=\"https:\/\/brownstone.org\/wp-content\/uploads\/2023\/06\/image9-4-800x565.png\" alt=\"\" class=\"wp-image-24055\"\/><\/figure>\n\n\n\n<p>Niekt\u00f3re z najgorszych \u201enaturalnych\u201d katastrof by\u0142y wynikiem ludzkich decyzji.&nbsp;G\u0142\u00f3wna wina za&nbsp;<a href=\"https:\/\/www.history.com\/news\/ukrainian-famine-stalin\">g\u0142\u00f3d na Ukrainie w latach 1932\u201333<\/a>&nbsp;, w kt\u00f3rym zgin\u0119\u0142o 13 procent ludno\u015bci, le\u017ca\u0142a po stronie polityki Stalina.&nbsp;Podobnie ideologiczna polityka rolnicza Mao Zedonga przyczyni\u0142a si\u0119 do wielkiego&nbsp;<a href=\"https:\/\/en.wikipedia.org\/wiki\/Great_Chinese_Famine\">g\u0142odu w Chinach<\/a>&nbsp;w latach 1959-61, kt\u00f3ry zabi\u0142 dziesi\u0105tki milion\u00f3w ludzi.&nbsp;W ostatnich dziesi\u0119cioleciach kl\u0119skami \u017cywio\u0142owymi, kt\u00f3re mia\u0142y najwi\u0119kszy wp\u0142yw na \u015bmiertelno\u015b\u0107, by\u0142y trz\u0119sienia ziemi i tsunami (tak jak w drugi&nbsp;<a href=\"https:\/\/archive-yaleglobal.yale.edu\/content\/when-tragedy-trumps-borders\">dzie\u0144 \u015awi\u0105t Bo\u017cego Narodzenia 2004 r.<\/a>&nbsp;na Oceanie Indyjskim, kt\u00f3re zabi\u0142y \u0107wier\u0107 miliona ludzi), kt\u00f3re nie s\u0105 zwi\u0105zane ze zmianami klimatycznymi.<\/p>\n\n\n\n<p>W mojej \u017cywej pami\u0119ci&nbsp;<a href=\"https:\/\/www.cambridge.org\/core\/journals\/journal-of-asian-studies\/article\/abs\/political-uses-of-crisis-the-bihar-famine-of-19661967\/49C07025CC6CEA86468CEC438257EF5C\">najgorsza susza, kt\u00f3ra spowodowa\u0142a powszechny g\u0142\u00f3d w Bihar<\/a>&nbsp;, moim rodzinnym stanie (oraz we wschodnich dystryktach s\u0105siedniego Uttar Pradesh), mia\u0142a miejsce w latach 1966\u201367.&nbsp;Krajowa produkcja zbo\u017ca spad\u0142a o jedn\u0105 pi\u0105t\u0105.&nbsp;Roczna produkcja zbo\u017ca w Bihar spad\u0142a z 7,5 miliona ton w latach 1964\u201365 do 4,3 miliona w latach 1966\u201367, powoduj\u0105c gwa\u0142towny wzrost cen niezb\u0119dnych artyku\u0142\u00f3w spo\u017cywczych.&nbsp;Pami\u0119tam, jak jecha\u0142em przez nieznane tereny i nawi\u0105za\u0142em rozmow\u0119 z miejscowymi rolnikami.&nbsp;Kiedy zapytali\u015bmy, jak sobie radz\u0105, powiedzieli, \u017ce prawie nie pada\u0142o, odk\u0105d prochy zmar\u0142ego pierwszego premiera Jawaharlala Nehru zosta\u0142y rozrzucone po okolicy zgodnie z jego pro\u015bb\u0105 (w 1964 r.).<\/p>\n\n\n\n<p>Ostatni\u0105 naprawd\u0119 wielk\u0105 kl\u0119sk\u0105 g\u0142odu w ca\u0142ych Indiach by\u0142 wielki g\u0142\u00f3d w Bengalu z 1943 r., podczas kt\u00f3rego, wed\u0142ug oblicze\u0144 laureata Nagrody Nobla Amartyi Sena, prawie trzy miliony z 60 milion\u00f3w mieszka\u0144c\u00f3w Bengalu zmar\u0142o w ci\u0105gu 3-4 lat (Ub\u00f3stwo i g\u0142\u00f3d&nbsp;<a href=\"https:\/\/archive.org\/details\/povertyfamineses0000sena\"><em>:<\/em><\/a><em>&nbsp;esej w sprawie uprawnie\u0144 i deprywacji<\/em>&nbsp;, 1981, rozdzia\u0142 6, \u201e&nbsp;<a href=\"https:\/\/books.google.com.au\/books?id=FVC9eqGkMr8C&amp;pg=PA55&amp;redir_esc=y#v=onepage&amp;q&amp;f=false\">Wielki g\u0142\u00f3d w Bengalu<\/a>&nbsp;\u201d, s. 52).<\/p>\n\n\n\n<figure class=\"wp-block-image\"><img decoding=\"async\" src=\"https:\/\/brownstone.org\/wp-content\/uploads\/2023\/06\/image1-27.jpg\" alt=\"\" class=\"wp-image-24056\"\/><\/figure>\n\n\n\n<p>\u0179r\u00f3d\u0142o: \u201e&nbsp;<a href=\"https:\/\/en.wikipedia.org\/wiki\/Bengal_famine_of_1943#\/media\/File:Dead_or_dying_children_on_a_Calcutta_street_(the_Statesman_22_August_1943).jpg\">Martwe lub umieraj\u0105ce dzieci na ulicy Kalkuty\u201d<\/a>&nbsp;, \u201e&nbsp;<em>The Statesman\u201d<\/em>&nbsp;, Kalkuta, 22 sierpnia 1943 r. (domena publiczna).<\/p>\n\n\n\n<p>Madhushree Mukherjee w swojej ksi\u0105\u017cce&nbsp;<a href=\"https:\/\/www.amazon.com\/Churchills-Secret-War-British-Ravaging\/dp\/0465024815\/ref=sr_1_1?crid=E9S80RXZGLTU&amp;keywords=Churchill%E2%80%99s+Secret+War%3A+The+British+Empire+and+the+Ravaging+of+India+during+World+War+II&amp;qid=1687276683&amp;sprefix=%2Caps%2C898&amp;sr=8-1\"><em>Churchill&#8217;s Secret War: The British Empire and the Ravaging of India podczas II wojny \u015bwiatowej z<\/em><\/a>&nbsp;2010 roku obwinia Winstona Churchilla za nasilenie g\u0142odu poprzez odrzucenie pr\u00f3\u015bb brytyjskich urz\u0119dnik\u00f3w rz\u0105dz\u0105cych Bengalem o wy\u0142adunek australijskiej pszenicy w Kalkucie.&nbsp;Churchill upiera\u0142 si\u0119, \u017ce wszystko musi trafi\u0107 do wojsk brytyjskich w Europie.&nbsp;Parlamentarzysta opozycji&nbsp;<a href=\"https:\/\/www.washingtonpost.com\/news\/global-opinions\/wp\/2018\/03\/10\/in-winston-churchill-hollywood-rewards-a-mass-murderer\/\">Shashi Tharoor<\/a>&nbsp;(przyjaciel i kolega z czas\u00f3w ONZ) i autor&nbsp;<a href=\"https:\/\/archive.org\/details\/inglorious-empire\"><em>Inglorious Empire: What the British Did to India<\/em><\/a>&nbsp;(2017) ostro skrytykowa\u0142 celebracj\u0119 brytyjskiego przyw\u00f3dcy wojennego w filmie&nbsp;<em>Churchill<\/em>&nbsp;z 2017 roku .<\/p>\n\n\n\n<h3 class=\"wp-block-heading\" id=\"h-extreme-cold-is-far-far-deadlier-than-extreme-heat\">Ekstremalne zimno jest o wiele bardziej zab\u00f3jcze ni\u017c ekstremalne upa\u0142y<\/h3>\n\n\n\n<p>Wed\u0142ug&nbsp;&nbsp;<a href=\"https:\/\/pubmed.ncbi.nlm.nih.gov\/25073563\/\">badania<\/a>&nbsp;&nbsp;CDC z 2014 r. oko\u0142o 2000 mieszka\u0144c\u00f3w USA umiera\u0142o ka\u017cdego roku w latach 2006\u20132010 z powodu zdarze\u0144 zwi\u0105zanych z pogod\u0105: odpowiednio 63, 31 i 6 procent z powodu zimna, upa\u0142\u00f3w, powodzi, burz i wy\u0142adowa\u0144 atmosferycznych.&nbsp;W 2021 roku zesp\u00f3\u0142 z Monash University w Australii opublikowa\u0142 wyniki najwi\u0119kszego na \u015bwiecie&nbsp;<a href=\"https:\/\/www.thelancet.com\/journals\/lanplh\/article\/PIIS2542-5196(21)00081-4\/fulltext\">badania obejmuj\u0105cego 45 kraj\u00f3w, obejmuj\u0105cego pi\u0119\u0107 kontynent\u00f3w,<\/a>&nbsp;dotycz\u0105cego \u015bmiertelno\u015bci zwi\u0105zanej z klimatem w latach 2000\u20132019 w czasopi\u015bmie&nbsp;<em>Planetary Health<\/em>&nbsp;, czasopi\u015bmie Lancet.&nbsp;Spo\u015br\u00f3d 5,1 miliona zgon\u00f3w rocznie spowodowanych ekstremalnymi temperaturami (9,4 procent wszystkich zgon\u00f3w na \u015bwiecie) 90,4 procent zmar\u0142o z powodu zimna.<\/p>\n\n\n\n<p><strong>Ryc. 5: Zimna pogoda dominuje na \u015bwiecie w przypadku ekstremalnej \u015bmiertelno\u015bci zwi\u0105zanej z pogod\u0105<\/strong><\/p>\n\n\n\n<figure class=\"wp-block-image\"><img decoding=\"async\" src=\"https:\/\/brownstone.org\/wp-content\/uploads\/2023\/06\/image12.png\" alt=\"\" class=\"wp-image-24057\"\/><\/figure>\n\n\n\n<p>\u0179r\u00f3d\u0142o: sporz\u0105dzone przez autora na podstawie danych w&nbsp;<a href=\"https:\/\/www.thelancet.com\/journals\/lanplh\/article\/PIIS2542-5196(21)00081-4\/fulltext\">Qi Zhao,&nbsp;<em>et al<\/em>&nbsp;.&nbsp;<\/a>, \u201eGlobalne, regionalne i krajowe obci\u0105\u017cenie \u015bmiertelno\u015bci\u0105 zwi\u0105zane z nieoptymalnymi temperaturami otoczenia w latach 2000\u20132019: trzyetapowe badanie modeluj\u0105ce\u201d,&nbsp;<em>Planetary Health<\/em>&nbsp;5:7 (lipiec 2021 r.).<\/p>\n\n\n\n<p>Jednak&nbsp;<a href=\"https:\/\/www.monash.edu\/medicine\/news\/latest\/2021-articles\/worlds-largest-study-of-global-climate-related-mortality-links-5-million-deaths-a-year-to-abnormal-temperatures\">komunikat prasowy Monash<\/a>&nbsp;przyspieszy\u0142 badanie, skupi\u0142 si\u0119 na rosn\u0105cej liczbie zgon\u00f3w z powodu upa\u0142\u00f3w w tym okresie i powi\u0105za\u0142 to ze&nbsp;wzrostem temperatury o 0,26&nbsp;<sup>0 C na dekad\u0119.&nbsp;<\/sup>Dzieje si\u0119 tak pomimo faktu, \u017ce liczba zgon\u00f3w zwi\u0105zanych z zimnem spad\u0142a o 0,51 procent, a zgon\u00f3w zwi\u0105zanych z upa\u0142ami wzros\u0142a o 0,21 procent, co stanowi du\u017cy spadek netto o 0,3 procent (15 200) ca\u0142kowitej liczby rocznych zgon\u00f3w zwi\u0105zanych z pogod\u0105.&nbsp;Jak mo\u017cna si\u0119 by\u0142o spodziewa\u0107, nag\u0142\u00f3wek&nbsp;<a href=\"https:\/\/www.theguardian.com\/world\/2021\/jul\/08\/extreme-temperatures-kill-5-million-people-a-year-with-heat-related-deaths-rising-study-finds\"><em>Guardiana<\/em><\/a>&nbsp;r\u00f3wnie\u017c przyj\u0105\u0142 podej\u015bcie prorocze: \u201eEkstremalne temperatury zabijaj\u0105 5 milion\u00f3w ludzi rocznie, a liczba zgon\u00f3w zwi\u0105zanych z upa\u0142ami ro\u015bnie, wynika z bada\u0144\u201d.<\/p>\n\n\n\n<p><a href=\"https:\/\/archive.is\/QmGGG\"><em>The Economist<\/em><\/a>&nbsp;opublikowa\u0142 artyku\u0142 z 10 maja, \u017ce \u200b\u200b\u201edroga energia mog\u0142a zabi\u0107 wi\u0119cej Europejczyk\u00f3w [68 000] ni\u017c Covid-19 w zesz\u0142ym roku\u201d.&nbsp;Podobnie jak w przypadku Covid, ci\u0119\u017car dzia\u0142a\u0144 na rzecz klimatu ponosz\u0105 biedni ludzie z klasy robotniczej.&nbsp;M\u00f3wi\u0105c o Covid, jakby szkody spowodowane przed\u0142u\u017caj\u0105cymi si\u0119 zamkni\u0119ciami szk\u00f3\u0142 oraz nakazami stosowania masek i szczepie\u0144 nie by\u0142y wystarczaj\u0105ce, 3000 nauczycieli w Oakland w Kalifornii<a href=\"https:\/\/www.wsj.com\/articles\/oakland-teachers-union-strike-oakland-education-association-students-climate-progressives-9f938d2\">&nbsp;niedawno strajkowa\u0142o, domagaj\u0105c si\u0119 sprawiedliwo\u015bci klimatycznej<\/a>&nbsp;.&nbsp;Dzi\u0119ki alarmistycznemu nauczaniu w szko\u0142ach ponad po\u0142owa brytyjskich nastolatk\u00f3w jest przekonana, \u017ce \u200b\u200b\u015bwiat<a href=\"https:\/\/www.telegraph.co.uk\/news\/2023\/05\/20\/climate-change-alarmist-teaching-school-children-fears\/\">&nbsp;prawdopodobnie sko\u0144czy si\u0119 za ich \u017cycia<\/a>&nbsp;.<\/p>\n\n\n\n<h3 class=\"wp-block-heading\" id=\"h-the-limited-impact-of-australian-and-canadian-action-on-climate-change\">Ograniczony wp\u0142yw dzia\u0142a\u0144 Australii i Kanady na zmiany klimatu<\/h3>\n\n\n\n<p><strong>Rysunek 6<\/strong><\/p>\n\n\n\n<figure class=\"wp-block-image\"><img decoding=\"async\" src=\"https:\/\/brownstone.org\/wp-content\/uploads\/2023\/06\/image7-6-800x627.png\" alt=\"\" class=\"wp-image-24058\"\/><\/figure>\n\n\n\n<p>Dzia\u0142ania na rzecz klimatu maj\u0105ce na celu zmniejszenie ryzyka po\u017car\u00f3w buszu mo\u017cna podj\u0105\u0107 tylko na ca\u0142ym \u015bwiecie.&nbsp;Przy 1-1,4 procentach \u015bwiatowych emisji CO&nbsp;<sub>2<\/sub>&nbsp;, bezpo\u015bredni wp\u0142yw Australii i Kanady na klimat jest ograniczony.&nbsp;Wielka czw\u00f3rka emitent\u00f3w to Chiny, Stany Zjednoczone, Indie i Rosja (w tej kolejno\u015bci), kt\u00f3re odpowiadaj\u0105 za prawie 60 procent \u015bwiatowych emisji.<\/p>\n\n\n\n<p>Zaawansowane nowoczesne gospodarki, takie jak Australia i Stany Zjednoczone, dysponuj\u0105 znacznie lepsz\u0105 infrastruktur\u0105 i umiej\u0119tno\u015bciami w zakresie gotowo\u015bci na wypadek kl\u0119sk \u017cywio\u0142owych i mog\u0105 skuteczniej ogranicza\u0107 liczb\u0119 ofiar \u015bmiertelnych ni\u017c kraje rozwijaj\u0105ce si\u0119.&nbsp;Energia by\u0142a kluczowym elementem ich uprzemys\u0142owienia, kt\u00f3ry dzi\u015b daje im tak\u0105 zdolno\u015b\u0107.<\/p>\n\n\n\n<p><strong>Tabela 1: Zmieniaj\u0105cy si\u0119 udzia\u0142 rocznych<\/strong>&nbsp;emisji CO&nbsp;<sub>2&nbsp;<\/sub><strong>w latach 1850\u20132021 (w proc.)<\/strong><\/p>\n\n\n\n<figure class=\"wp-block-table\"><table><tbody><tr><td><em>Kraj\/region<\/em><\/td><td><em>1850<\/em><\/td><td><em>1900<\/em><\/td><td><em>1950<\/em><\/td><td><em>1985<\/em><\/td><td><em>2021<\/em><\/td><\/tr><tr><td>Afryka<\/td><td>0,0<\/td><td>0,1<\/td><td>1.6<\/td><td>3.3<\/td><td>3.9<\/td><\/tr><tr><td>Chiny<\/td><td>0,0<\/td><td>0,0<\/td><td>1.3<\/td><td>9.8<\/td><td>30,9<\/td><\/tr><tr><td>UE-27<\/td><td>27,5<\/td><td>36,5<\/td><td>21.3<\/td><td>18.8<\/td><td>7,5<\/td><\/tr><tr><td>Indie<\/td><td>0,0<\/td><td>0,6<\/td><td>1.0<\/td><td>2.0<\/td><td>7.3<\/td><\/tr><tr><td>USA<\/td><td>10.0<\/td><td>33,9<\/td><td>42,3<\/td><td>22,9<\/td><td>13,5<\/td><\/tr><\/tbody><\/table><\/figure>\n\n\n\n<p>\u0179r\u00f3d\u0142o:&nbsp;<a href=\"https:\/\/ourworldindata.org\/grapher\/annual-co-emissions-by-region?\">Nasz \u015bwiat w danych<\/a>&nbsp;.<\/p>\n\n\n\n<p><strong>Rysunek 7<\/strong><\/p>\n\n\n\n<figure class=\"wp-block-image\"><img decoding=\"async\" src=\"https:\/\/brownstone.org\/wp-content\/uploads\/2023\/06\/image6-9-800x565.png\" alt=\"\" class=\"wp-image-24059\"\/><\/figure>\n\n\n\n<p><strong>Cyfra 8<\/strong><\/p>\n\n\n\n<figure class=\"wp-block-image\"><img decoding=\"async\" src=\"https:\/\/brownstone.org\/wp-content\/uploads\/2023\/06\/image10-2-800x565.png\" alt=\"\" class=\"wp-image-24060\"\/><\/figure>\n\n\n\n<p>W przypadku kraj\u00f3w rozwijaj\u0105cych si\u0119 gotowo\u015b\u0107 na katastrofy wymaga przej\u015bcia do nowoczesnej gospodarki, dla kt\u00f3rej konieczna jest industrializacja.&nbsp;Uprzemys\u0142owienie wymaga wi\u0119kszej energoch\u0142onno\u015bci w celu budowy wysokiej jako\u015bci infrastruktury mieszkaniowej, transportowej, zdrowia publicznego i edukacji.&nbsp;Rysunki 7 i 8 przedstawiaj\u0105 korelacj\u0119 mi\u0119dzy zu\u017cyciem energii a wzrostem PKB.&nbsp;Roczne zu\u017cycie energii na mieszka\u0144ca w Indiach wynosi tylko jedn\u0105 trzeci\u0105 \u015bredniej \u015bwiatowej;&nbsp;Amerykanie, Australijczycy i Kanadyjczycy zu\u017cywaj\u0105 od 9 do 15 razy wi\u0119cej energii elektrycznej na osob\u0119.&nbsp;Wyja\u015bnia to pozorny paradoks polegaj\u0105cy na tym, \u017ce udzia\u0142 gospodarek uprzemys\u0142owionych jest znacznie wy\u017cszy w skumulowanej sumie emisji, mimo \u017ce Chiny i Indie nale\u017c\u0105 obecnie do najwi\u0119kszych emitent\u00f3w (wykres 9).<\/p>\n\n\n\n<p><strong>Rysunek 9<\/strong><\/p>\n\n\n\n<figure class=\"wp-block-image\"><img decoding=\"async\" src=\"https:\/\/brownstone.org\/wp-content\/uploads\/2023\/06\/image11-2-800x627.png\" alt=\"\" class=\"wp-image-24061\"\/><\/figure>\n\n\n\n<p>Rosn\u0105ca intensywno\u015b\u0107 zu\u017cycia energii w kraju w miar\u0119 uprzemys\u0142owienia wyja\u015bnia, dlaczego ci\u0119cia limit\u00f3w emisji w krajach rozwijaj\u0105cych si\u0119 wymagaj\u0105 d\u0142u\u017cszego czasu realizacji, a globalne porozumienia klimatyczne odzwierciedlaj\u0105 r\u00f3\u017cne traktowanie kraj\u00f3w uprzemys\u0142owionych i rozwijaj\u0105cych si\u0119.&nbsp;Takie niuanse s\u0105 trudne do wyja\u015bnienia szerszej publiczno\u015bci, kt\u00f3ra nie jest zbytnio zainteresowana przerzucaniem winy za emisje historyczne i per capita.&nbsp;Widz\u0105, \u017ce skumulowane emisje z Chin i Indii s\u0105 odpowiednio 34 i 7 razy wi\u0119ksze ni\u017c z Australii i odmawiaj\u0105 poparcia ostrzejszych ci\u0119\u0107 emisji przez Australi\u0119.<\/p>\n\n\n\n<h3 class=\"wp-block-heading\" id=\"h-the-tide-may-be-turning-against-climate-alarmism\">Fala mo\u017ce odwraca\u0107 si\u0119 od paniki klimatycznej<\/h3>\n\n\n\n<p>Energia oparta na paliwach kopalnych dostarczy\u0142a energii do gwa\u0142townego wyrwania si\u0119 mas z trybu \u017cycia na w\u0142asne potrzeby, kt\u00f3ry skaza\u0142 ich na paskudne, brutalne i kr\u00f3tkie \u017cycie.&nbsp;Na\u015bladuj\u0105c gwa\u0142towny wzrost demokratyzacji dost\u0119pu do edukacji, zdrowia i poprawy finans\u00f3w rodzinnych z kolejnymi pokoleniami, Chiny, Indie i inne cz\u0119\u015bci \u015bwiata niezachodniego przyj\u0119\u0142y, je\u015bli to mo\u017cliwe, w przyspieszonym tempie, strategie rewolucja przemys\u0142owa, aby uwolni\u0107 si\u0119 od w\u0142asnego \u017cycia pe\u0142nego n\u0119dzy.<\/p>\n\n\n\n<p>Widzieli\u015bmy w erze Covid przywr\u00f3cenie feudalnego \u015bwiata podzia\u0142u klasowego mi\u0119dzy klas\u0105 laptop\u00f3w Zooming a godnymi ubolewania klas\u0105 robotnicz\u0105.&nbsp;Cz\u0119\u015bciowo by\u0142a to hipokryzja klasy rz\u0105dz\u0105cej, kt\u00f3ra bezczelnie \u0142ama\u0142a te same zasady, kt\u00f3re narzuca\u0142a wszystkim innym, mieszaj\u0105c si\u0119 weso\u0142o,&nbsp;<em>bez<\/em>&nbsp;masek, z imprezowiczami ze \u015bwiata przywilej\u00f3w finansowych, politycznych i kulturalnych, nawet gdy obs\u0142uga by\u0142a zmuszona noszenie masek jako warunek ich zatrudnienia.<\/p>\n\n\n\n<p>Podobnie t\u0142um z Davos przylatuje na swoje zloty prywatnymi odrzutowcami i jest szoferem po\u017ceraj\u0105cych benzyn\u0119 limuzyn, kiedy zbieraj\u0105 si\u0119 co roku, by nak\u0142oni\u0107 nas do porzucenia naszych samochod\u00f3w i lot\u00f3w.&nbsp;W maju w&nbsp;<a href=\"https:\/\/www3.weforum.org\/docs\/WEF_The_Urban_Mobility_Scorecard_Tool_2023.pdf\">dokumencie informacyjnym<\/a>&nbsp;\u015awiatowego Forum Ekonomicznego zalecano 75-procentow\u0105 redukcj\u0119 samochod\u00f3w do 2050 r.<\/p>\n\n\n\n<p>Wbrew ci\u0119\u017carowi szale\u0144stwa seryjnego powtarzania historycznych dowod\u00f3w dotycz\u0105cych wybierania zwyci\u0119zc\u00f3w, rz\u0105dy wydaj\u0105 si\u0119 zdeterminowane, by zmusi\u0107 obywateli do zaprzestania polegania na istniej\u0105cych samochodach do uzale\u017cnienia od pojazd\u00f3w elektrycznych.&nbsp;Nieuchronnie, poniewa\u017c rynek nie jest w stanie zach\u0119ci\u0107 do przej\u015bcia na pojazdy elektryczne, zaoferowano hojne dotacje publiczne.&nbsp;Kto mo\u017ce by\u0107 pewny wzgl\u0119dnych dotacji dla Big Oil i Big Green lub pieni\u0119dzy p\u0142yn\u0105cych z nich na finansowanie negowania klimatu w por\u00f3wnaniu z alarmizmem klimatycznym?<\/p>\n\n\n\n<p>Pojazdy elektryczne do\u015bwiadczy\u0142y ostatnio w Wielkiej Brytanii serii z\u0142ych dni samochodowych: ich&nbsp;<a href=\"https:\/\/www.telegraph.co.uk\/money\/consumer-affairs\/electric-car-price-fall-second-hand-tesla-bmw\/\">warto\u015b\u0107 odsprzeda\u017cy spada\u0142a dwa razy szybciej<\/a>&nbsp;ni\u017c samochody benzynowe;&nbsp;liczba&nbsp;<a href=\"https:\/\/www.telegraph.co.uk\/business\/2023\/05\/07\/thousands-electric-car-chargers-uk-roads-energy-price-surge\/\">bezp\u0142atnych \u0142adowarek spad\u0142a o prawie 40 procent,<\/a>&nbsp;poniewa\u017c gwa\u0142townie rosn\u0105ce koszty energii sprawi\u0142y, \u017ce sta\u0142y si\u0119 one nieop\u0142acalne;&nbsp;a&nbsp;<a href=\"https:\/\/www.telegraph.co.uk\/news\/2023\/05\/07\/electric-vehicles-33-per-cent-heavier-bridges-collapse\/\">o jedn\u0105 trzeci\u0105 ci\u0119\u017cszy akumulator<\/a>&nbsp;oznacza, \u017ce \u200b\u200bniekt\u00f3re mosty i parkingi na wy\u017cszych kondygnacjach, w tym w kompleksach mieszkalnych, mog\u0105 si\u0119 zawali\u0107 pod obci\u0105\u017ceniem zbyt wielu samochod\u00f3w.<\/p>\n\n\n\n<p>Podsumowuj\u0105c, genialny aktor komediowy Rowan Atkinson z Blackadder, Ja\u015b Fasoli i Johnny&#8217;ego Englisha napisa\u0142 w&nbsp;<em>The Guardian<\/em>&nbsp;3 czerwca, \u017ce \u200b\u200bczuje si\u0119&nbsp;<a href=\"https:\/\/www.theguardian.com\/commentisfree\/2023\/jun\/03\/electric-vehicles-early-adopter-petrol-car-ev-environment-rowan-atkinson\">oszukany<\/a>&nbsp;i kupuje elektryczno\u015b\u0107.&nbsp;Wi\u0119kszo\u015b\u0107 z nas nie wie, \u017ce ma tytu\u0142 in\u017cyniera elektryka i jest w\u0142a\u015bcicielem floty samochod\u00f3w.&nbsp;Je\u015bli zmierzymy emisje na ko\u0144cu rury wydechowej, pojazdy elektryczne s\u0105 super.&nbsp;Je\u015bli jednak przyjrzymy si\u0119 cyklowi \u017cycia samochod\u00f3w, od wszystkich komponent\u00f3w (na przyk\u0142ad niklu) po proces produkcyjny, mieszank\u0119 paliw wytwarzaj\u0105cych energi\u0119 elektryczn\u0105, wp\u0142yw ci\u0119\u017cszych akumulator\u00f3w i wi\u0119kszych opon oraz&nbsp;<a href=\"https:\/\/www.telegraph.co.uk\/news\/2023\/05\/24\/another-wheel-has-come-off-the-great-electric-car-con\/\">utylizacj\u0119<\/a>&nbsp;odpad\u00f3w wszystkie bity i cz\u0119\u015bci, to nie tak bardzo.&nbsp;Utrzymanie samochodu z silnikiem benzynowym przez kilka lat mo\u017ce by\u0107 bardziej przyjaznym dla klimatu wyborem.&nbsp;<\/p>\n\n\n\n<p>Podczas gdy Zach\u00f3d jest oddany fantazyjnemu celowi Net Zero, a grzech wyrzuca w\u0119giel jako czteroliterowe s\u0142owo, emisje&nbsp;<a href=\"https:\/\/www.dailywire.com\/news\/chinas-carbon-emissions-soar-as-biden-unveils-crackdown-on-american-power-plants\"><sub>CO2<\/sub><\/a><a href=\"https:\/\/www.dailywire.com\/news\/chinas-carbon-emissions-soar-as-biden-unveils-crackdown-on-american-power-plants\">&nbsp;w Chinach&nbsp;wzros\u0142y o 4 procent<sub><\/sub><\/a>&nbsp;w pierwszym kwartale 2023 roku w por\u00f3wnaniu z rokiem ubieg\u0142ym.&nbsp;W mi\u0119dzyczasie Wielka Brytania uruchomi\u0142a elektrownie w\u0119glowe po niedawnej&nbsp;<a href=\"https:\/\/www.telegraph.co.uk\/business\/2023\/06\/12\/britain-fi%20res-up-coal-plant-weather-too-hot-solar-panels\/\">fali upa\u0142\u00f3w, kt\u00f3ra spowodowa\u0142a, \u017ce \u200b\u200bpanele s\u0142oneczne by\u0142y zbyt gor\u0105ce, aby mog\u0142y<\/a>&nbsp;wydajnie dzia\u0142a\u0107!&nbsp;Co wi\u0119cej, wraz ze spadkiem udzia\u0142u paliw kopalnych w wytwarzaniu energii, twierdzenie, \u017ce odnawialne \u017ar\u00f3d\u0142a energii mog\u0105 dostarcza\u0107 energi\u0119 w niezawodny spos\u00f3b, staje si\u0119&nbsp;<a href=\"https:\/\/www.telegraph.co.uk\/news\/2023\/05\/10\/wind-solar-renewables-pointless-waste\/\">mitem<\/a>&nbsp;.<\/p>\n\n\n\n<p>Konsumenci (w tym Twoi naprawd\u0119 w tym tygodniu) otrzymuj\u0105 powiadomienia o gwa\u0142townych skokach cen energii, aby obali\u0107 zwi\u0105zany z nimi mit, \u017ce odnawialne \u017ar\u00f3d\u0142a energii oznaczaj\u0105 ta\u0144sz\u0105 energi\u0119.&nbsp;Wiele ameryka\u0144skich&nbsp;<a href=\"https:\/\/www.wsj.com\/articles\/inflation-reduction-act-backlash-clean-energy-wind-solar-f3d4d900?mod=hp_lead_pos1\">spo\u0142eczno\u015bci sprzeciwia si\u0119<\/a>&nbsp;rozrastaj\u0105cym si\u0119 projektom wiatrowym i s\u0142onecznym, kt\u00f3re niszcz\u0105 wiejskie krajobrazy.&nbsp;By\u0107 mo\u017ce Fraser Nelson ma racj\u0119 i&nbsp;<a href=\"https:\/\/www.telegraph.co.uk\/news\/2023\/05\/18\/europe-turning-against-prophets-of-climate-alarmism\/\">fala naprawd\u0119 odwraca si\u0119 od paniki klimatycznej, gdy rzeczywisto\u015b\u0107 gryzie<\/a>&nbsp;zwyk\u0142ych ludzi.<\/p>\n\n\n\n<p><a href=\"https:\/\/clintel.org\/wp-content\/uploads\/2023\/02\/WCD-version-02182311035.pdf\">\u015awiatowa deklaracja klimatyczna<\/a>&nbsp;grupy Clintel&nbsp;, wydana 18 lutego przez kilku wybitnych naukowc\u00f3w i podpisana przez 1500 naukowc\u00f3w do po\u0142owy czerwca, podkre\u015bla, \u017ce \u200b\u200bnie ma zagro\u017cenia klimatycznego.&nbsp;Informuje nas, \u017ce ocieplenie ma zar\u00f3wno przyczyny naturalne, jak i antropogeniczne.&nbsp;Tempo zwi\u0119kszonego ocieplenia jest r\u00f3wnie\u017c wolniejsze ni\u017c przewidywa\u0142y niedok\u0142adne modele klimatyczne.&nbsp;Wzywa naukowc\u00f3w, aby w wi\u0119kszym stopniu zajmowali si\u0119 nauk\u0105, a mniej polityk\u0105, aby otwarcie odnosi\u0107 si\u0119 do niepewno\u015bci i przesady w prognozach, jednocze\u015bnie wzywaj\u0105c polityk\u00f3w do por\u00f3wnywania koszt\u00f3w z wyobra\u017conymi korzy\u015bciami i priorytetowego traktowania strategii adaptacyjnych opartych na sprawdzonych i przyst\u0119pnych cenowo technologiach.<\/p>\n\n\n\n<p>To z pewno\u015bci\u0105 nie brzmi radykalnie i konspiracyjnie.&nbsp;Ale mo\u017ce to okaza\u0107 si\u0119 o krok za daleko dla polityk\u00f3w Net Zero, kt\u00f3rzy zostali niedawno pot\u0119pieni przez Alexandr\u0119 Marshall w&nbsp;<em>Spectator Australia<\/em>&nbsp;jako \u201e&nbsp;<a href=\"https:\/\/www.spectator.com.au\/2023\/05\/net-zero-politicians-liars-scoundrels-and-morons\/\">k\u0142amcy, \u0142ajdacy i kretyni<\/a>&nbsp;\u201d.&nbsp;Poza tym, oczywi\u015bcie, prawdopodobnie b\u0119d\u0105 jednymi z najmilszych ludzi, jakich kiedykolwiek spotkasz.<\/p>\n\n\n\n<h2 class=\"wp-block-heading\">Autor<\/h2>\n\n\n\n<ul class=\"wp-block-list\">\n<li><img loading=\"lazy\" decoding=\"async\" alt=\"Ramesz Thakur\" src=\"https:\/\/brownstone.org\/wp-content\/uploads\/2022\/07\/Ramesh-Thakur.jpg\" height=\"120\" width=\"120\" srcset=\"https:\/\/brownstone.org\/wp-content\/uploads\/2022\/07\/Ramesh-Thakur.jpg\"><a href=\"https:\/\/brownstone.org\/author\/ramesh-thakur\/\">Ramesz Thakur<\/a>Ramesh Thakur, starszy naukowiec z Brownstone Institute, jest by\u0142ym zast\u0119pc\u0105 sekretarza generalnego ONZ i emerytowanym profesorem w Crawford School of Public Policy na Australijskim Uniwersytecie Narodowym.<\/li>\n<\/ul>\n\n\n\n<p>\u0179r\u00f3d\u0142o  https:\/\/brownstone.org\/articles\/a-look-back-from-canadian-wildfires-to-australian-bushfires-and-floods\/<\/p>\n","protected":false},"excerpt":{"rendered":"<p>Spojrzenie wstecz od kanadyjskich po\u017car\u00f3w do australijskich po\u017car\u00f3w buszu i powodzi AUTOR, RAMESH\u00a0THAKUR\u00a0\u00a0\u00a022 CZERWCA 2023 aporty i filmy przedstawiaj\u0105ce dym i mg\u0142\u0119 z intensywnych po\u017car\u00f3w otaczaj\u0105cych Kanad\u0119 i dryfuj\u0105cych na po\u0142udnie do Stan\u00f3w Zjednoczonych przywo\u0142uj\u0105 \u017cywe wspomnienia z trwaj\u0105cych dwa&#8230; <\/p>\n","protected":false},"author":2,"featured_media":2642,"comment_status":"open","ping_status":"open","sticky":false,"template":"","format":"standard","meta":{"_acf_changed":false,"_bbp_topic_count":0,"_bbp_reply_count":0,"_bbp_total_topic_count":0,"_bbp_total_reply_count":0,"_bbp_voice_count":0,"_bbp_anonymous_reply_count":0,"_bbp_topic_count_hidden":0,"_bbp_reply_count_hidden":0,"_bbp_forum_subforum_count":0,"om_disable_all_campaigns":false,"_monsterinsights_skip_tracking":false,"footnotes":""},"categories":[93],"tags":[],"class_list":["post-2640","post","type-post","status-publish","format-standard","has-post-thumbnail","hentry","category-artykuly"],"acf":[],"aioseo_notices":[],"aioseo_head":"\n\t\t<!-- All in One SEO 5.0.1.1 - aioseo.com -->\n\t<meta name=\"description\" content=\"Spojrzenie wstecz od kanadyjskich po\u017car\u00f3w do australijskich po\u017car\u00f3w buszu i powodzi AUTOR, RAMESH THAKUR 22 CZERWCA 2023 aporty i filmy przedstawiaj\u0105ce dym i mg\u0142\u0119 z intensywnych po\u017car\u00f3w otaczaj\u0105cych Kanad\u0119 i dryfuj\u0105cych na po\u0142udnie do Stan\u00f3w Zjednoczonych przywo\u0142uj\u0105 \u017cywe wspomnienia z trwaj\u0105cych dwa miesi\u0105ce po\u017car\u00f3w buszu w Australii (w j\u0119zyku australijskim: Canberra to stolica buszu) trzy i p\u00f3\u0142\" \/>\n\t<meta name=\"robots\" content=\"max-image-preview:large\" \/>\n\t<meta name=\"author\" content=\"trinity\"\/>\n\t<link rel=\"canonical\" href=\"https:\/\/wia.net.pl\/index.php\/2023\/06\/25\/od-kanadyjskich-do-australijskich-pozarow-buszu-i-powodzi\/\" \/>\n\t<meta name=\"generator\" content=\"All in One SEO (AIOSEO) 5.0.1.1\" \/>\n\t\t<meta property=\"og:locale\" content=\"pl_PL\" \/>\n\t\t<meta property=\"og:site_name\" content=\"Wolno\u015b\u0107 i Anarchia - Ka\u017cdy wewn\u0119trznie jest anarchist\u0105.\" \/>\n\t\t<meta property=\"og:type\" content=\"article\" \/>\n\t\t<meta property=\"og:title\" content=\"Od kanadyjskich do australijskich po\u017car\u00f3w buszu i powodzi - Wolno\u015b\u0107 i Anarchia\" \/>\n\t\t<meta property=\"og:description\" content=\"Spojrzenie wstecz od kanadyjskich po\u017car\u00f3w do australijskich po\u017car\u00f3w buszu i powodzi AUTOR, RAMESH THAKUR 22 CZERWCA 2023 aporty i filmy przedstawiaj\u0105ce dym i mg\u0142\u0119 z intensywnych po\u017car\u00f3w otaczaj\u0105cych Kanad\u0119 i dryfuj\u0105cych na po\u0142udnie do Stan\u00f3w Zjednoczonych przywo\u0142uj\u0105 \u017cywe wspomnienia z trwaj\u0105cych dwa miesi\u0105ce po\u017car\u00f3w buszu w Australii (w j\u0119zyku australijskim: Canberra to stolica buszu) trzy i p\u00f3\u0142\" \/>\n\t\t<meta property=\"og:url\" content=\"https:\/\/wia.net.pl\/index.php\/2023\/06\/25\/od-kanadyjskich-do-australijskich-pozarow-buszu-i-powodzi\/\" \/>\n\t\t<meta property=\"og:image\" content=\"https:\/\/wia.net.pl\/wp-content\/uploads\/2023\/11\/cropped-freedom-i73367.jpg\" \/>\n\t\t<meta property=\"og:image:secure_url\" content=\"https:\/\/wia.net.pl\/wp-content\/uploads\/2023\/11\/cropped-freedom-i73367.jpg\" \/>\n\t\t<meta property=\"article:published_time\" content=\"2023-06-25T08:33:34+00:00\" \/>\n\t\t<meta property=\"article:modified_time\" content=\"2023-06-25T08:33:34+00:00\" \/>\n\t\t<meta name=\"twitter:card\" content=\"summary_large_image\" \/>\n\t\t<meta name=\"twitter:title\" content=\"Od kanadyjskich do australijskich po\u017car\u00f3w buszu i powodzi - Wolno\u015b\u0107 i Anarchia\" \/>\n\t\t<meta name=\"twitter:description\" content=\"Spojrzenie wstecz od kanadyjskich po\u017car\u00f3w do australijskich po\u017car\u00f3w buszu i powodzi AUTOR, RAMESH THAKUR 22 CZERWCA 2023 aporty i filmy przedstawiaj\u0105ce dym i mg\u0142\u0119 z intensywnych po\u017car\u00f3w otaczaj\u0105cych Kanad\u0119 i dryfuj\u0105cych na po\u0142udnie do Stan\u00f3w Zjednoczonych przywo\u0142uj\u0105 \u017cywe wspomnienia z trwaj\u0105cych dwa miesi\u0105ce po\u017car\u00f3w buszu w Australii (w j\u0119zyku australijskim: Canberra to stolica buszu) trzy i p\u00f3\u0142\" \/>\n\t\t<meta name=\"twitter:image\" content=\"https:\/\/wia.net.pl\/wp-content\/uploads\/2023\/11\/cropped-freedom-i73367.jpg\" \/>\n\t\t<script type=\"application\/ld+json\" class=\"aioseo-schema\">\n\t\t\t{\"@context\":\"https:\\\/\\\/schema.org\",\"@graph\":[{\"@type\":\"BlogPosting\",\"@id\":\"https:\\\/\\\/wia.net.pl\\\/index.php\\\/2023\\\/06\\\/25\\\/od-kanadyjskich-do-australijskich-pozarow-buszu-i-powodzi\\\/#blogposting\",\"name\":\"Od kanadyjskich do australijskich po\\u017car\\u00f3w buszu i powodzi - Wolno\\u015b\\u0107 i Anarchia\",\"headline\":\"Od kanadyjskich do australijskich po\\u017car\\u00f3w buszu i powodzi\",\"author\":{\"@id\":\"https:\\\/\\\/wia.net.pl\\\/index.php\\\/author\\\/trinity\\\/#author\"},\"publisher\":{\"@id\":\"https:\\\/\\\/wia.net.pl\\\/#person\"},\"image\":{\"@type\":\"ImageObject\",\"url\":\"https:\\\/\\\/wia.net.pl\\\/wp-content\\\/uploads\\\/2023\\\/06\\\/k-1.jpg\",\"width\":1920,\"height\":1080},\"datePublished\":\"2023-06-25T10:33:34+02:00\",\"dateModified\":\"2023-06-25T10:33:34+02:00\",\"inLanguage\":\"pl-PL\",\"mainEntityOfPage\":{\"@id\":\"https:\\\/\\\/wia.net.pl\\\/index.php\\\/2023\\\/06\\\/25\\\/od-kanadyjskich-do-australijskich-pozarow-buszu-i-powodzi\\\/#webpage\"},\"isPartOf\":{\"@id\":\"https:\\\/\\\/wia.net.pl\\\/index.php\\\/2023\\\/06\\\/25\\\/od-kanadyjskich-do-australijskich-pozarow-buszu-i-powodzi\\\/#webpage\"},\"articleSection\":\"Artyku\\u0142y\"},{\"@type\":\"BreadcrumbList\",\"@id\":\"https:\\\/\\\/wia.net.pl\\\/index.php\\\/2023\\\/06\\\/25\\\/od-kanadyjskich-do-australijskich-pozarow-buszu-i-powodzi\\\/#breadcrumblist\",\"itemListElement\":[{\"@type\":\"ListItem\",\"@id\":\"https:\\\/\\\/wia.net.pl#listItem\",\"position\":1,\"name\":\"Home\",\"item\":\"https:\\\/\\\/wia.net.pl\",\"nextItem\":{\"@type\":\"ListItem\",\"@id\":\"https:\\\/\\\/wia.net.pl\\\/index.php\\\/category\\\/artykuly\\\/#listItem\",\"name\":\"Artyku\\u0142y\"}},{\"@type\":\"ListItem\",\"@id\":\"https:\\\/\\\/wia.net.pl\\\/index.php\\\/category\\\/artykuly\\\/#listItem\",\"position\":2,\"name\":\"Artyku\\u0142y\",\"item\":\"https:\\\/\\\/wia.net.pl\\\/index.php\\\/category\\\/artykuly\\\/\",\"nextItem\":{\"@type\":\"ListItem\",\"@id\":\"https:\\\/\\\/wia.net.pl\\\/index.php\\\/2023\\\/06\\\/25\\\/od-kanadyjskich-do-australijskich-pozarow-buszu-i-powodzi\\\/#listItem\",\"name\":\"Od kanadyjskich do australijskich po\\u017car\\u00f3w buszu i powodzi\"},\"previousItem\":{\"@type\":\"ListItem\",\"@id\":\"https:\\\/\\\/wia.net.pl#listItem\",\"name\":\"Home\"}},{\"@type\":\"ListItem\",\"@id\":\"https:\\\/\\\/wia.net.pl\\\/index.php\\\/2023\\\/06\\\/25\\\/od-kanadyjskich-do-australijskich-pozarow-buszu-i-powodzi\\\/#listItem\",\"position\":3,\"name\":\"Od kanadyjskich do australijskich po\\u017car\\u00f3w buszu i powodzi\",\"previousItem\":{\"@type\":\"ListItem\",\"@id\":\"https:\\\/\\\/wia.net.pl\\\/index.php\\\/category\\\/artykuly\\\/#listItem\",\"name\":\"Artyku\\u0142y\"}}]},{\"@type\":\"Person\",\"@id\":\"https:\\\/\\\/wia.net.pl\\\/#person\",\"name\":\"Bart\\u0142omiej Talarczyk\",\"image\":{\"@type\":\"ImageObject\",\"@id\":\"https:\\\/\\\/wia.net.pl\\\/index.php\\\/2023\\\/06\\\/25\\\/od-kanadyjskich-do-australijskich-pozarow-buszu-i-powodzi\\\/#personImage\",\"url\":\"https:\\\/\\\/wia.net.pl\\\/wp-content\\\/uploads\\\/avatar-privacy\\\/cache\\\/user\\\/1\\\/7\\\/176a6b161c58363ff49b5c167264231f519f5c7fa183ca1f61e891769b6b56d5-96.jpg\",\"width\":96,\"height\":96,\"caption\":\"Bart\\u0142omiej Talarczyk\"}},{\"@type\":\"Person\",\"@id\":\"https:\\\/\\\/wia.net.pl\\\/index.php\\\/author\\\/trinity\\\/#author\",\"url\":\"https:\\\/\\\/wia.net.pl\\\/index.php\\\/author\\\/trinity\\\/\",\"name\":\"trinity\",\"image\":{\"@type\":\"ImageObject\",\"@id\":\"https:\\\/\\\/wia.net.pl\\\/index.php\\\/2023\\\/06\\\/25\\\/od-kanadyjskich-do-australijskich-pozarow-buszu-i-powodzi\\\/#authorImage\",\"url\":\"https:\\\/\\\/wia.net.pl\\\/wp-content\\\/uploads\\\/avatar-privacy\\\/cache\\\/user\\\/5\\\/f\\\/5f6547cf82495eaa10e100a6a45d5dbde2dfdc1be88557de2018fca705bdf6f1-96.jpg\",\"width\":96,\"height\":96,\"caption\":\"trinity\"}},{\"@type\":\"WebPage\",\"@id\":\"https:\\\/\\\/wia.net.pl\\\/index.php\\\/2023\\\/06\\\/25\\\/od-kanadyjskich-do-australijskich-pozarow-buszu-i-powodzi\\\/#webpage\",\"url\":\"https:\\\/\\\/wia.net.pl\\\/index.php\\\/2023\\\/06\\\/25\\\/od-kanadyjskich-do-australijskich-pozarow-buszu-i-powodzi\\\/\",\"name\":\"Od kanadyjskich do australijskich po\\u017car\\u00f3w buszu i powodzi - Wolno\\u015b\\u0107 i Anarchia\",\"description\":\"Spojrzenie wstecz od kanadyjskich po\\u017car\\u00f3w do australijskich po\\u017car\\u00f3w buszu i powodzi AUTOR, RAMESH THAKUR 22 CZERWCA 2023 aporty i filmy przedstawiaj\\u0105ce dym i mg\\u0142\\u0119 z intensywnych po\\u017car\\u00f3w otaczaj\\u0105cych Kanad\\u0119 i dryfuj\\u0105cych na po\\u0142udnie do Stan\\u00f3w Zjednoczonych przywo\\u0142uj\\u0105 \\u017cywe wspomnienia z trwaj\\u0105cych dwa miesi\\u0105ce po\\u017car\\u00f3w buszu w Australii (w j\\u0119zyku australijskim: Canberra to stolica buszu) trzy i p\\u00f3\\u0142\",\"inLanguage\":\"pl-PL\",\"isPartOf\":{\"@id\":\"https:\\\/\\\/wia.net.pl\\\/#website\"},\"breadcrumb\":{\"@id\":\"https:\\\/\\\/wia.net.pl\\\/index.php\\\/2023\\\/06\\\/25\\\/od-kanadyjskich-do-australijskich-pozarow-buszu-i-powodzi\\\/#breadcrumblist\"},\"author\":{\"@id\":\"https:\\\/\\\/wia.net.pl\\\/index.php\\\/author\\\/trinity\\\/#author\"},\"creator\":{\"@id\":\"https:\\\/\\\/wia.net.pl\\\/index.php\\\/author\\\/trinity\\\/#author\"},\"image\":{\"@type\":\"ImageObject\",\"url\":\"https:\\\/\\\/wia.net.pl\\\/wp-content\\\/uploads\\\/2023\\\/06\\\/k-1.jpg\",\"@id\":\"https:\\\/\\\/wia.net.pl\\\/index.php\\\/2023\\\/06\\\/25\\\/od-kanadyjskich-do-australijskich-pozarow-buszu-i-powodzi\\\/#mainImage\",\"width\":1920,\"height\":1080},\"primaryImageOfPage\":{\"@id\":\"https:\\\/\\\/wia.net.pl\\\/index.php\\\/2023\\\/06\\\/25\\\/od-kanadyjskich-do-australijskich-pozarow-buszu-i-powodzi\\\/#mainImage\"},\"datePublished\":\"2023-06-25T10:33:34+02:00\",\"dateModified\":\"2023-06-25T10:33:34+02:00\"},{\"@type\":\"WebSite\",\"@id\":\"https:\\\/\\\/wia.net.pl\\\/#website\",\"url\":\"https:\\\/\\\/wia.net.pl\\\/\",\"name\":\"Wolno\\u015b\\u0107 i Anarchia\",\"description\":\"Ka\\u017cdy wewn\\u0119trznie jest anarchist\\u0105.\",\"inLanguage\":\"pl-PL\",\"publisher\":{\"@id\":\"https:\\\/\\\/wia.net.pl\\\/#person\"}}]}\n\t\t<\/script>\n\t\t<!-- All in One SEO -->\n\n","aioseo_head_json":{"title":"Od kanadyjskich do australijskich po\u017car\u00f3w buszu i powodzi - Wolno\u015b\u0107 i Anarchia","description":"Spojrzenie wstecz od kanadyjskich po\u017car\u00f3w do australijskich po\u017car\u00f3w buszu i powodzi AUTOR, RAMESH THAKUR 22 CZERWCA 2023 aporty i filmy przedstawiaj\u0105ce dym i mg\u0142\u0119 z intensywnych po\u017car\u00f3w otaczaj\u0105cych Kanad\u0119 i dryfuj\u0105cych na po\u0142udnie do Stan\u00f3w Zjednoczonych przywo\u0142uj\u0105 \u017cywe wspomnienia z trwaj\u0105cych dwa miesi\u0105ce po\u017car\u00f3w buszu w Australii (w j\u0119zyku australijskim: Canberra to stolica buszu) trzy i p\u00f3\u0142","canonical_url":"https:\/\/wia.net.pl\/index.php\/2023\/06\/25\/od-kanadyjskich-do-australijskich-pozarow-buszu-i-powodzi\/","robots":"max-image-preview:large","keywords":"","webmasterTools":{"miscellaneous":""},"schema":{"@context":"https:\/\/schema.org","@graph":[{"@type":"BlogPosting","@id":"https:\/\/wia.net.pl\/index.php\/2023\/06\/25\/od-kanadyjskich-do-australijskich-pozarow-buszu-i-powodzi\/#blogposting","name":"Od kanadyjskich do australijskich po\u017car\u00f3w buszu i powodzi - Wolno\u015b\u0107 i Anarchia","headline":"Od kanadyjskich do australijskich po\u017car\u00f3w buszu i powodzi","author":{"@id":"https:\/\/wia.net.pl\/index.php\/author\/trinity\/#author"},"publisher":{"@id":"https:\/\/wia.net.pl\/#person"},"image":{"@type":"ImageObject","url":"https:\/\/wia.net.pl\/wp-content\/uploads\/2023\/06\/k-1.jpg","width":1920,"height":1080},"datePublished":"2023-06-25T10:33:34+02:00","dateModified":"2023-06-25T10:33:34+02:00","inLanguage":"pl-PL","mainEntityOfPage":{"@id":"https:\/\/wia.net.pl\/index.php\/2023\/06\/25\/od-kanadyjskich-do-australijskich-pozarow-buszu-i-powodzi\/#webpage"},"isPartOf":{"@id":"https:\/\/wia.net.pl\/index.php\/2023\/06\/25\/od-kanadyjskich-do-australijskich-pozarow-buszu-i-powodzi\/#webpage"},"articleSection":"Artyku\u0142y"},{"@type":"BreadcrumbList","@id":"https:\/\/wia.net.pl\/index.php\/2023\/06\/25\/od-kanadyjskich-do-australijskich-pozarow-buszu-i-powodzi\/#breadcrumblist","itemListElement":[{"@type":"ListItem","@id":"https:\/\/wia.net.pl#listItem","position":1,"name":"Home","item":"https:\/\/wia.net.pl","nextItem":{"@type":"ListItem","@id":"https:\/\/wia.net.pl\/index.php\/category\/artykuly\/#listItem","name":"Artyku\u0142y"}},{"@type":"ListItem","@id":"https:\/\/wia.net.pl\/index.php\/category\/artykuly\/#listItem","position":2,"name":"Artyku\u0142y","item":"https:\/\/wia.net.pl\/index.php\/category\/artykuly\/","nextItem":{"@type":"ListItem","@id":"https:\/\/wia.net.pl\/index.php\/2023\/06\/25\/od-kanadyjskich-do-australijskich-pozarow-buszu-i-powodzi\/#listItem","name":"Od kanadyjskich do australijskich po\u017car\u00f3w buszu i powodzi"},"previousItem":{"@type":"ListItem","@id":"https:\/\/wia.net.pl#listItem","name":"Home"}},{"@type":"ListItem","@id":"https:\/\/wia.net.pl\/index.php\/2023\/06\/25\/od-kanadyjskich-do-australijskich-pozarow-buszu-i-powodzi\/#listItem","position":3,"name":"Od kanadyjskich do australijskich po\u017car\u00f3w buszu i powodzi","previousItem":{"@type":"ListItem","@id":"https:\/\/wia.net.pl\/index.php\/category\/artykuly\/#listItem","name":"Artyku\u0142y"}}]},{"@type":"Person","@id":"https:\/\/wia.net.pl\/#person","name":"Bart\u0142omiej Talarczyk","image":{"@type":"ImageObject","@id":"https:\/\/wia.net.pl\/index.php\/2023\/06\/25\/od-kanadyjskich-do-australijskich-pozarow-buszu-i-powodzi\/#personImage","url":"https:\/\/wia.net.pl\/wp-content\/uploads\/avatar-privacy\/cache\/user\/1\/7\/176a6b161c58363ff49b5c167264231f519f5c7fa183ca1f61e891769b6b56d5-96.jpg","width":96,"height":96,"caption":"Bart\u0142omiej Talarczyk"}},{"@type":"Person","@id":"https:\/\/wia.net.pl\/index.php\/author\/trinity\/#author","url":"https:\/\/wia.net.pl\/index.php\/author\/trinity\/","name":"trinity","image":{"@type":"ImageObject","@id":"https:\/\/wia.net.pl\/index.php\/2023\/06\/25\/od-kanadyjskich-do-australijskich-pozarow-buszu-i-powodzi\/#authorImage","url":"https:\/\/wia.net.pl\/wp-content\/uploads\/avatar-privacy\/cache\/user\/5\/f\/5f6547cf82495eaa10e100a6a45d5dbde2dfdc1be88557de2018fca705bdf6f1-96.jpg","width":96,"height":96,"caption":"trinity"}},{"@type":"WebPage","@id":"https:\/\/wia.net.pl\/index.php\/2023\/06\/25\/od-kanadyjskich-do-australijskich-pozarow-buszu-i-powodzi\/#webpage","url":"https:\/\/wia.net.pl\/index.php\/2023\/06\/25\/od-kanadyjskich-do-australijskich-pozarow-buszu-i-powodzi\/","name":"Od kanadyjskich do australijskich po\u017car\u00f3w buszu i powodzi - Wolno\u015b\u0107 i Anarchia","description":"Spojrzenie wstecz od kanadyjskich po\u017car\u00f3w do australijskich po\u017car\u00f3w buszu i powodzi AUTOR, RAMESH THAKUR 22 CZERWCA 2023 aporty i filmy przedstawiaj\u0105ce dym i mg\u0142\u0119 z intensywnych po\u017car\u00f3w otaczaj\u0105cych Kanad\u0119 i dryfuj\u0105cych na po\u0142udnie do Stan\u00f3w Zjednoczonych przywo\u0142uj\u0105 \u017cywe wspomnienia z trwaj\u0105cych dwa miesi\u0105ce po\u017car\u00f3w buszu w Australii (w j\u0119zyku australijskim: Canberra to stolica buszu) trzy i p\u00f3\u0142","inLanguage":"pl-PL","isPartOf":{"@id":"https:\/\/wia.net.pl\/#website"},"breadcrumb":{"@id":"https:\/\/wia.net.pl\/index.php\/2023\/06\/25\/od-kanadyjskich-do-australijskich-pozarow-buszu-i-powodzi\/#breadcrumblist"},"author":{"@id":"https:\/\/wia.net.pl\/index.php\/author\/trinity\/#author"},"creator":{"@id":"https:\/\/wia.net.pl\/index.php\/author\/trinity\/#author"},"image":{"@type":"ImageObject","url":"https:\/\/wia.net.pl\/wp-content\/uploads\/2023\/06\/k-1.jpg","@id":"https:\/\/wia.net.pl\/index.php\/2023\/06\/25\/od-kanadyjskich-do-australijskich-pozarow-buszu-i-powodzi\/#mainImage","width":1920,"height":1080},"primaryImageOfPage":{"@id":"https:\/\/wia.net.pl\/index.php\/2023\/06\/25\/od-kanadyjskich-do-australijskich-pozarow-buszu-i-powodzi\/#mainImage"},"datePublished":"2023-06-25T10:33:34+02:00","dateModified":"2023-06-25T10:33:34+02:00"},{"@type":"WebSite","@id":"https:\/\/wia.net.pl\/#website","url":"https:\/\/wia.net.pl\/","name":"Wolno\u015b\u0107 i Anarchia","description":"Ka\u017cdy wewn\u0119trznie jest anarchist\u0105.","inLanguage":"pl-PL","publisher":{"@id":"https:\/\/wia.net.pl\/#person"}}]},"og:locale":"pl_PL","og:site_name":"Wolno\u015b\u0107 i Anarchia - Ka\u017cdy wewn\u0119trznie jest anarchist\u0105.","og:type":"article","og:title":"Od kanadyjskich do australijskich po\u017car\u00f3w buszu i powodzi - Wolno\u015b\u0107 i Anarchia","og:description":"Spojrzenie wstecz od kanadyjskich po\u017car\u00f3w do australijskich po\u017car\u00f3w buszu i powodzi AUTOR, RAMESH THAKUR 22 CZERWCA 2023 aporty i filmy przedstawiaj\u0105ce dym i mg\u0142\u0119 z intensywnych po\u017car\u00f3w otaczaj\u0105cych Kanad\u0119 i dryfuj\u0105cych na po\u0142udnie do Stan\u00f3w Zjednoczonych przywo\u0142uj\u0105 \u017cywe wspomnienia z trwaj\u0105cych dwa miesi\u0105ce po\u017car\u00f3w buszu w Australii (w j\u0119zyku australijskim: Canberra to stolica buszu) trzy i p\u00f3\u0142","og:url":"https:\/\/wia.net.pl\/index.php\/2023\/06\/25\/od-kanadyjskich-do-australijskich-pozarow-buszu-i-powodzi\/","og:image":"https:\/\/wia.net.pl\/wp-content\/uploads\/2023\/11\/cropped-freedom-i73367.jpg","og:image:secure_url":"https:\/\/wia.net.pl\/wp-content\/uploads\/2023\/11\/cropped-freedom-i73367.jpg","article:published_time":"2023-06-25T08:33:34+00:00","article:modified_time":"2023-06-25T08:33:34+00:00","twitter:card":"summary_large_image","twitter:title":"Od kanadyjskich do australijskich po\u017car\u00f3w buszu i powodzi - Wolno\u015b\u0107 i Anarchia","twitter:description":"Spojrzenie wstecz od kanadyjskich po\u017car\u00f3w do australijskich po\u017car\u00f3w buszu i powodzi AUTOR, RAMESH THAKUR 22 CZERWCA 2023 aporty i filmy przedstawiaj\u0105ce dym i mg\u0142\u0119 z intensywnych po\u017car\u00f3w otaczaj\u0105cych Kanad\u0119 i dryfuj\u0105cych na po\u0142udnie do Stan\u00f3w Zjednoczonych przywo\u0142uj\u0105 \u017cywe wspomnienia z trwaj\u0105cych dwa miesi\u0105ce po\u017car\u00f3w buszu w Australii (w j\u0119zyku australijskim: Canberra to stolica buszu) trzy i p\u00f3\u0142","twitter:image":"https:\/\/wia.net.pl\/wp-content\/uploads\/2023\/11\/cropped-freedom-i73367.jpg"},"aioseo_meta_data":{"post_id":"2640","title":null,"description":null,"keywords":[],"keyphrases":{"focus":{"keyphrase":"","score":0,"analysis":{"keyphraseInTitle":{"score":0,"maxScore":9,"error":1}}},"additional":[]},"primary_term":null,"canonical_url":null,"og_title":null,"og_description":null,"og_object_type":"default","og_image_type":"default","og_image_url":null,"og_image_width":null,"og_image_height":null,"og_image_custom_url":null,"og_image_custom_fields":null,"og_video":"","og_custom_url":null,"og_article_section":null,"og_article_tags":[],"twitter_use_og":false,"twitter_card":"default","twitter_image_type":"default","twitter_image_url":null,"twitter_image_custom_url":null,"twitter_image_custom_fields":null,"twitter_title":null,"twitter_description":null,"schema":{"blockGraphs":[],"customGraphs":[],"default":{"data":{"Article":[],"Course":[],"Dataset":[],"FAQPage":[],"Movie":[],"Person":[],"Product":[],"ProductReview":[],"Car":[],"Recipe":[],"Service":[],"SoftwareApplication":[],"WebPage":[]},"graphName":"BlogPosting","isEnabled":true},"graphs":[]},"schema_type":"default","schema_type_options":null,"pillar_content":false,"robots_default":true,"robots_noindex":false,"robots_noarchive":false,"robots_nosnippet":false,"robots_nofollow":false,"robots_noimageindex":false,"robots_noodp":false,"robots_notranslate":false,"robots_max_snippet":"-1","robots_max_videopreview":"-1","robots_max_imagepreview":"large","priority":null,"frequency":"default","local_seo":null,"breadcrumb_settings":null,"limit_modified_date":false,"ai":null,"created":"2023-06-25 08:33:34","updated":"2025-06-04 08:20:43","seo_analyzer_scan_date":null,"focus_keyword":null,"additional_keywords":null,"truseo_locale":null},"aioseo_breadcrumb":"<div class=\"aioseo-breadcrumbs\"><span class=\"aioseo-breadcrumb\">\n\t\t\t<a href=\"https:\/\/wia.net.pl\" title=\"Home\">Home<\/a>\n\t\t<\/span><span class=\"aioseo-breadcrumb-separator\">&raquo;<\/span><span class=\"aioseo-breadcrumb\">\n\t\t\t<a href=\"https:\/\/wia.net.pl\/index.php\/category\/artykuly\/\" title=\"Artyku\u0142y\">Artyku\u0142y<\/a>\n\t\t<\/span><span class=\"aioseo-breadcrumb-separator\">&raquo;<\/span><span class=\"aioseo-breadcrumb\">\n\t\t\tOd kanadyjskich do australijskich po\u017car\u00f3w buszu i powodzi\n\t\t<\/span><\/div>","aioseo_breadcrumb_json":[{"label":"Home","link":"https:\/\/wia.net.pl"},{"label":"Artyku\u0142y","link":"https:\/\/wia.net.pl\/index.php\/category\/artykuly\/"},{"label":"Od kanadyjskich do australijskich po\u017car\u00f3w buszu i powodzi","link":"https:\/\/wia.net.pl\/index.php\/2023\/06\/25\/od-kanadyjskich-do-australijskich-pozarow-buszu-i-powodzi\/"}],"_links":{"self":[{"href":"https:\/\/wia.net.pl\/index.php\/wp-json\/wp\/v2\/posts\/2640"}],"collection":[{"href":"https:\/\/wia.net.pl\/index.php\/wp-json\/wp\/v2\/posts"}],"about":[{"href":"https:\/\/wia.net.pl\/index.php\/wp-json\/wp\/v2\/types\/post"}],"author":[{"embeddable":true,"href":"https:\/\/wia.net.pl\/index.php\/wp-json\/wp\/v2\/users\/2"}],"replies":[{"embeddable":true,"href":"https:\/\/wia.net.pl\/index.php\/wp-json\/wp\/v2\/comments?post=2640"}],"version-history":[{"count":1,"href":"https:\/\/wia.net.pl\/index.php\/wp-json\/wp\/v2\/posts\/2640\/revisions"}],"predecessor-version":[{"id":2643,"href":"https:\/\/wia.net.pl\/index.php\/wp-json\/wp\/v2\/posts\/2640\/revisions\/2643"}],"wp:featuredmedia":[{"embeddable":true,"href":"https:\/\/wia.net.pl\/index.php\/wp-json\/wp\/v2\/media\/2642"}],"wp:attachment":[{"href":"https:\/\/wia.net.pl\/index.php\/wp-json\/wp\/v2\/media?parent=2640"}],"wp:term":[{"taxonomy":"category","embeddable":true,"href":"https:\/\/wia.net.pl\/index.php\/wp-json\/wp\/v2\/categories?post=2640"},{"taxonomy":"post_tag","embeddable":true,"href":"https:\/\/wia.net.pl\/index.php\/wp-json\/wp\/v2\/tags?post=2640"}],"curies":[{"name":"wp","href":"https:\/\/api.w.org\/{rel}","templated":true}]}}