{"id":2644,"date":"2023-06-25T11:47:30","date_gmt":"2023-06-25T09:47:30","guid":{"rendered":"https:\/\/wia.net.pl\/?p=2644"},"modified":"2023-06-25T11:47:31","modified_gmt":"2023-06-25T09:47:31","slug":"europejska-sekcja-triady-sojusz-atlantycki","status":"publish","type":"post","link":"https:\/\/wia.net.pl\/index.php\/2023\/06\/25\/europejska-sekcja-triady-sojusz-atlantycki\/","title":{"rendered":"Europejska sekcja Triady-Sojusz Atlantycki"},"content":{"rendered":"\n<p><\/p>\n\n\n\n<figure class=\"wp-block-image size-full is-resized\"><img loading=\"lazy\" decoding=\"async\" src=\"https:\/\/wia.net.pl\/wp-content\/uploads\/2023\/06\/pobrane-7.jpeg\" alt=\"\" class=\"wp-image-2645\" width=\"842\" height=\"560\"\/><\/figure>\n\n\n\n<p><\/p>\n\n\n\n<p>Autor:\u00a0 <a href=\"https:\/\/www.globalizacion.ca\/author\/vijay-prashad\/\">Vijay Prashad<\/a>, 24 czerwca 2023 r<\/p>\n\n\n\n<p><em>W dzisiejszych czasach trudno jest zrozumie\u0107 wiele wydarze\u0144.&nbsp;Zachowanie Francji, na przyk\u0142ad, jest trudne do sformu\u0142owania.&nbsp;Z jednej strony prezydent Francji Emmanuel Macron&nbsp;&nbsp;<a href=\"https:\/\/www.ft.com\/content\/2cf5609d-3a2a-4177-8c3b-2336fc61cfa4\">zmieni\u0142<\/a>&nbsp;zdanie i popiera wej\u015bcie Ukrainy do Organizacji Traktatu P\u00f3\u0142nocnoatlantyckiego (NATO).<\/em><\/p>\n\n\n\n<p>Z drugiej strony&nbsp;&nbsp;<a href=\"https:\/\/www.lopinion.fr\/international\/pourquoi-emmanuel-macron-veut-aller-au-sommet-des-brics\">powiedzia\u0142<\/a>&nbsp;&nbsp;, \u017ce Francja chcia\u0142aby uczestniczy\u0107 w szczycie BRICS (Brazylia, Rosja, Indie, Chiny i RPA), kt\u00f3ry odb\u0119dzie si\u0119 w sierpniu w RPA.&nbsp;Europa nie jest oczywi\u015bcie kontynentem ca\u0142kowicie jednorodnym, zwa\u017cywszy, \u017ce borykaj\u0105 si\u0119 z powa\u017cnymi problemami, takimi jak&nbsp;&nbsp;<a href=\"https:\/\/peoplesdispatch.org\/2023\/06\/16\/why-turkey-and-hungary-are-currently-blocking-sweden-from-joining-nato\/\">odmowa<\/a>&nbsp;&nbsp;W\u0119gier i Turcji ratyfikacji szwedzkiego pragnienia cz\u0142onkostwa w NATO na dorocznym szczycie w Wilnie na Litwie w lipcu.&nbsp;Niemniej jednak europejska bur\u017cuazja patrzy na Zach\u00f3d, na firmy inwestycyjne z Wall Street, aby ulokowa\u0107 swoje bogactwo, wi\u0105\u017c\u0105c swoj\u0105 przysz\u0142o\u015b\u0107 z regencj\u0105 Stan\u00f3w Zjednoczonych.&nbsp;Europa jest mocno powi\u0105zana z Sojuszem Atlantyckim i ma niewiele miejsca na niezale\u017cny europejski g\u0142os.<\/p>\n\n\n\n<p>Na platformie&nbsp;&nbsp;<a href=\"https:\/\/nocoldwar.org\/\">No More Cold War<\/a>&nbsp;&nbsp;dok\u0142adnie przestudiowali\u015bmy te elementy europejskiej polityki zagranicznej.&nbsp;Biuletyn nr 8, kt\u00f3ry prezentujemy poni\u017cej, zosta\u0142 napisany wsp\u00f3lnie z Markiem Boteng\u0105, Pos\u0142em do Parlamentu Europejskiego, z Belgijskiej Partii Robotniczej, czyli&nbsp;&nbsp;<a href=\"https:\/\/www.ptb.be\/\">PTB<\/a>&nbsp;\u2013&nbsp;<a href=\"https:\/\/www.pvda.be\/\">PVDA<\/a>&nbsp;.<\/p>\n\n\n\n<p>Wojnie na Ukrainie towarzyszy\u0142o wzmocnienie kontroli i wp\u0142yw\u00f3w USA w Europie.&nbsp;Znaczna poda\u017c rosyjskiego gazu zosta\u0142a zast\u0105piona ameryka\u0144skim gazem \u0142upkowym.&nbsp;Programy Unii Europejskiej (UE) pierwotnie opracowane w celu wzmocnienia bazy przemys\u0142owej Europy s\u0105 obecnie wykorzystywane do pozyskiwania broni wyprodukowanej w USA.&nbsp;Pod presj\u0105 USA wiele kraj\u00f3w europejskich przyczyni\u0142o si\u0119 do eskalacji wojny na Ukrainie, zamiast forsowa\u0107 polityczne rozwi\u0105zanie pokojowe.<\/p>\n\n\n\n<p>Jednocze\u015bnie Stany Zjednoczone chc\u0105 wycofania si\u0119 Europy z Chin, co jeszcze bardziej ograniczy\u0142oby globaln\u0105 rol\u0119 Europy i by\u0142oby sprzeczne z ich w\u0142asnymi interesami.&nbsp;Zamiast pod\u0105\u017ca\u0107 za niszcz\u0105cym ameryka\u0144skim programem konfrontacji Nowej Zimnej Wojny, w interesie Europejczyk\u00f3w jest, aby ich kraje prowadzi\u0142y niezale\u017cn\u0105 polityk\u0119 zagraniczn\u0105, kt\u00f3ra obejmuje globaln\u0105 wsp\u00f3\u0142prac\u0119 i r\u00f3\u017cnorodne stosunki mi\u0119dzynarodowe.<\/p>\n\n\n\n<p><strong>Rosn\u0105ca zale\u017cno\u015b\u0107 Europy od USA<\/strong><\/p>\n\n\n\n<p>Wojna na Ukrainie i wynikaj\u0105ca z niej spirala sankcji i kontrsankcji doprowadzi\u0142a do gwa\u0142townego pogorszenia relacji handlowych mi\u0119dzy UE a Rosj\u0105.&nbsp;Utrata partnera handlowego ograniczy\u0142a mo\u017cliwo\u015bci Unii Europejskiej i zwi\u0119kszy\u0142a jej zale\u017cno\u015b\u0107 od USA, co jest najbardziej widoczne w jej polityce energetycznej.&nbsp;W nast\u0119pstwie wojny na Ukrainie Europa zmniejszy\u0142a swoj\u0105 zale\u017cno\u015b\u0107 od rosyjskiego gazu, aby zwi\u0119kszy\u0107 swoj\u0105 zale\u017cno\u015b\u0107 od dro\u017cszego ameryka\u0144skiego skroplonego gazu ziemnego (LNG).&nbsp;Stany Zjednoczone wykorzysta\u0142y ten kryzys energetyczny, sprzedaj\u0105c sw\u00f3j LNG do Europy po cenach znacznie przekraczaj\u0105cych koszty produkcji.&nbsp;<a href=\"https:\/\/www.reuters.com\/business\/energy\/us-lng-exports-both-lifeline-drain-europe-2023-maguire-2022-12-20\/\">W 2022 reprezentowali<\/a>&nbsp;USA&nbsp;<a href=\"https:\/\/www.reuters.com\/business\/energy\/us-lng-exports-both-lifeline-drain-europe-2023-maguire-2022-12-20\/\"><\/a>&nbsp;ponad po\u0142ow\u0119 LNG importowanego przez Europ\u0119.&nbsp;Daje to USA dodatkowe uprawnienia do lobbowania przyw\u00f3dc\u00f3w UE: gdyby dostawy LNG z USA mia\u0142y zosta\u0107 przekierowane gdzie indziej, Europa natychmiast stan\u0119\u0142aby w obliczu powa\u017cnych trudno\u015bci gospodarczych i spo\u0142ecznych.<\/p>\n\n\n\n<p>Waszyngton zacz\u0105\u0142 wywiera\u0107 presj\u0119 na europejskie firmy, aby&nbsp;&nbsp;<a href=\"https:\/\/www.ft.com\/content\/16816444-1694-4530-84bb-ac289d6776dd\">przenios\u0142y si\u0119<\/a>&nbsp;&nbsp;do Stan\u00f3w Zjednoczonych, podaj\u0105c jako argument ni\u017csze ceny energii.&nbsp;Jak&nbsp;&nbsp;<a href=\"https:\/\/www.ft.com\/content\/59a8d135-3477-4d0a-8d12-20c7ef94be07\">uj\u0105\u0142<\/a>&nbsp;to niemiecki minister ds. gospodarki i dzia\u0142a\u0144 na rzecz klimatu Robert Habeck &nbsp;, Stany Zjednoczone \u201epodci\u0105gaj\u0105 inwestycje z Europy\u201d, czyli aktywnie promuj\u0105 dezindustrializacj\u0119 regionu.<\/p>\n\n\n\n<p>Ustawa o obni\u017conej inflacji (2022) oraz ustawa CHIPS and Science (2022) bezpo\u015brednio s\u0142u\u017c\u0105 temu celowi, oferuj\u0105c odpowiednio 370 miliard\u00f3w dolar\u00f3w i 52 miliardy dolar\u00f3w dotacji, aby przyci\u0105gn\u0105\u0107 ameryka\u0144ski przemys\u0142 czystej energii i p\u00f3\u0142przewodnik\u00f3w.&nbsp;Wp\u0142yw tych \u015brodk\u00f3w jest ju\u017c odczuwalny w Europie:&nbsp;&nbsp;<a href=\"https:\/\/www.reuters.com\/technology\/tesla-scales-back-german-battery-plans-won-over-by-us-incentives-2023-02-21\/\">podobno<\/a>&nbsp;Tesla rozwa\u017ca przeniesienie projektu budowy akumulator\u00f3w z Niemiec do USA, a Volkswagen wstrzyma\u0142 planowan\u0105 fabryk\u0119 akumulator\u00f3w w Europie Wschodniej. fabryk\u0119 akumulator\u00f3w w Kanadzie, gdzie mo\u017ce otrzymywa\u0107&nbsp;&nbsp;<a href=\"https:\/\/www.ft.com\/content\/5f78ea02-6ec2-4413-8d77-1565d1c17b38\">dotacje<\/a>&nbsp;&nbsp;z USA .<\/p>\n\n\n\n<p>Uzale\u017cnienie UE od USA obserwuje si\u0119 tak\u017ce w innych obszarach.&nbsp;Raport&nbsp;&nbsp;&nbsp;francuskiego Senatu z 2013 r. bez ogr\u00f3dek pyta\u0142: \u201eCzy Unia Europejska jest koloni\u0105 cyfrowego \u015bwiata?&nbsp;<a href=\"https:\/\/www.senat.fr\/rap\/r12-443\/r12-443.html\">\u201d&nbsp;<\/a>Ameryka\u0144ska ustawa Clarification of Lawful Use of Foreign Data (CLOUD) z 2018 r. oraz ameryka\u0144ska ustawa FISA (Foreign Intelligence Surveillance) z 1978 r. umo\u017cliwiaj\u0105 ameryka\u0144skim firmom szeroki dost\u0119p do telekomunikacji w UE, w tym danych i po\u0142\u0105cze\u0144 telefonicznych, daj\u0105c im dost\u0119p do tajemnic pa\u0144stwowych.&nbsp;UE jest nieustannie szpiegowana.<\/p>\n\n\n\n<p><strong>Rosn\u0105ca militaryzacja jest sprzeczna z interesami Europy<\/strong><\/p>\n\n\n\n<p>Unijne dyskusje na temat strategicznych s\u0142abo\u015bci koncentruj\u0105 si\u0119 g\u0142\u00f3wnie na Chinach i Rosji, podczas gdy wp\u0142ywy Stan\u00f3w Zjednoczonych s\u0105 praktycznie ignorowane.&nbsp;Stany Zjednoczone dysponuj\u0105 ogromn\u0105&nbsp;&nbsp;<a href=\"https:\/\/www.aljazeera.com\/news\/2021\/9\/10\/infographic-us-military-presence-around-the-world-interactive\">sieci\u0105<\/a>&nbsp;&nbsp;ponad 200 baz wojskowych i 60 000 \u017co\u0142nierzy w Europie i poprzez NATO narzucaj\u0105 \u201ekomplementarno\u015b\u0107\u201d europejskim dzia\u0142aniom obronnym, co oznacza, \u017ce \u200b\u200beuropejscy cz\u0142onkowie sojuszu mog\u0105 dzia\u0142a\u0107 razem z USA, ale nie samodzielnie tego.&nbsp;By\u0142a sekretarz stanu USA Madeleine Albright podsumowa\u0142a to w s\u0142ynnym \u201e&nbsp;<a href=\"https:\/\/1997-2001.state.gov\/statements\/1998\/981208.html\">trzech Ds<\/a>\u201d: nie \u201eodrywa\u0107\u201d europejskiego procesu decyzyjnego od NATO, nie \u201eduplikowa\u0107\u201d wysi\u0142k\u00f3w NATO, nie \u201edyskryminowa\u0107\u201d cz\u0142onk\u00f3w NATO spoza UE.&nbsp;Ponadto, aby zapewni\u0107 zale\u017cno\u015b\u0107, Stany Zjednoczone powstrzymuj\u0105 si\u0119 od dzielenia si\u0119 g\u0142\u00f3wnymi technologiami wojskowymi z krajami europejskimi, w tym du\u017c\u0105 cz\u0119\u015bci\u0105 danych i oprogramowania zwi\u0105zanego z&nbsp;&nbsp;&nbsp;zakupionymi przez nie&nbsp;<a href=\"https:\/\/www.reuters.com\/article\/us-lockheed-fighter-exclusive\/exclusive-u-s-to-withhold-f-35-fighter-software-codes-idUKTRE5AN4JX20091124\">my\u015bliwcami F-35 .<\/a><\/p>\n\n\n\n<p>Stany Zjednoczone od wielu lat apeluj\u0105 do europejskich rz\u0105d\u00f3w o zwi\u0119kszenie wydatk\u00f3w wojskowych.&nbsp;W 2022 r. wydatki wojskowe w Europie Zachodniej i \u015arodkowej&nbsp;&nbsp;<a href=\"https:\/\/www.sipri.org\/media\/press-release\/2023\/world-military-expenditure-reaches-new-record-high-european-spending-surges\">wzros\u0142y<\/a>&nbsp;&nbsp;do \u200b\u200b316 mld euro, powracaj\u0105c do poziom\u00f3w nienotowanych od zako\u0144czenia pierwszej zimnej wojny.&nbsp;Ponadto pa\u0144stwa europejskie i instytucje UE&nbsp;&nbsp;<a href=\"https:\/\/www.ifw-kiel.de\/topics\/war-against-ukraine\/ukraine-support-tracker\/\">wys\u0142a\u0142y<\/a>&nbsp;&nbsp;Ukrainie ponad 25 miliard\u00f3w euro pomocy wojskowej.&nbsp;Niemcy, Wielka Brytania i Francja ju\u017c przed wojn\u0105 znajdowa\u0142y si\u0119 w pierwszej dziesi\u0105tce kraj\u00f3w o najwy\u017cszych wydatkach na zbrojenia na \u015bwiecie.&nbsp;Teraz Niemcy&nbsp;&nbsp;<a href=\"https:\/\/www.reuters.com\/business\/aerospace-defense\/germany-hike-defense-spending-scholz-says-further-policy-shift-2022-02-27\/\">zgodzi\u0142y si\u0119<\/a>&nbsp;&nbsp;przeznaczy\u0107 100 miliard\u00f3w euro na specjalny fundusz na rzecz ulepsze\u0144 wojskowych i obieca\u0142y&nbsp;&nbsp;<a href=\"https:\/\/www.politico.eu\/article\/olaf-schlz-germany-nato-jens-stoltenberg-commits-to-2-percent-defense-spending-under-security-strategy\/\">wyda\u0107<\/a>&nbsp;&nbsp;2% swojego PKB na obron\u0119.&nbsp;Ze swojej strony Zjednoczone Kr\u00f3lestwo og\u0142osi\u0142o sw\u00f3j&nbsp;&nbsp;<a href=\"https:\/\/www.gov.uk\/government\/news\/pm-announces-major-defence-investment-in-launch-of-integrated-review-refresh\">zamiar<\/a>&nbsp;zwi\u0119kszy\u0107 wydatki wojskowe z 2,2% do 2,5% swojego PKB, podczas gdy Francja og\u0142osi\u0142a, \u017ce&nbsp;&nbsp;<a href=\"https:\/\/www.defensenews.com\/global\/europe\/2023\/04\/04\/macron-sends-438-billion-military-budget-plan-to-french-parliament\/\">\u200b\u200bzwi\u0119kszy<\/a>&nbsp;&nbsp;swoje wydatki wojskowe do oko\u0142o 60 miliard\u00f3w euro do 2030 r., czyli mniej wi\u0119cej podwoi sw\u00f3j przydzia\u0142 na 2017 r.<\/p>\n\n\n\n<p>Ten wzrost wydatk\u00f3w wojskowych ma miejsce, gdy Europa prze\u017cywa najgorszy od dziesi\u0119cioleci kryzys zwi\u0105zany z kosztami \u017cycia, a kryzys klimatyczny si\u0119 pog\u0142\u0119bia.&nbsp;W ca\u0142ej Europie miliony ludzi wysz\u0142y na ulice, by zaprotestowa\u0107.&nbsp;Setki miliard\u00f3w euro wydane na wojsko powinny zosta\u0107 przeznaczone na rozwi\u0105zanie tych pal\u0105cych problem\u00f3w.<\/p>\n\n\n\n<p><strong>Od\u0142\u0105czenie si\u0119 od Chin by\u0142oby katastrofalne<\/strong><\/p>\n\n\n\n<p>UE&nbsp;&nbsp;<a href=\"https:\/\/www.tresor.economie.gouv.fr\/Articles\/c39528ee-253e-43ba-bcd5-07ff0218a098\/files\/4b48c625-6ea7-4bc1-8c6d-9e89377301de\">ponios\u0142aby<\/a>&nbsp;&nbsp;konsekwencje konfliktu mi\u0119dzy USA a Chinami.&nbsp;Znaczna cz\u0119\u015b\u0107 wywozu z UE do USA obejmuje chi\u0144skie nak\u0142ady i odwrotnie, wyw\u00f3z towar\u00f3w z UE do Chin cz\u0119sto obejmuje nak\u0142ady z USA.&nbsp;Dlatego zaostrzenie kontroli eksportu na\u0142o\u017cone przez USA na eksport do Chin lub odwrotnie odbije si\u0119 na firmach z UE, ale wp\u0142yw b\u0119dzie znacznie wi\u0119kszy.<\/p>\n\n\n\n<p>Stany Zjednoczone zwi\u0119kszy\u0142y presj\u0119 na r\u00f3\u017cne kraje, firmy i instytucje UE, aby ograniczy\u0142y lub zako\u0144czy\u0142y wsp\u00f3\u0142prac\u0119 przy chi\u0144skich projektach, w szczeg\u00f3lno\u015bci naciskaj\u0105c Europ\u0119 na przy\u0142\u0105czenie si\u0119 do wojny technologicznej z&nbsp;&nbsp;<a href=\"https:\/\/news.nocoldwar.org\/wp-content\/uploads\/2023\/04\/Briefing_7_ES.pdf\">Chinami<\/a>&nbsp;&nbsp;.&nbsp;Ta presja si\u0119 op\u0142aci\u0142a: dziesi\u0119\u0107 pa\u0144stw UE&nbsp;&nbsp;<a href=\"https:\/\/www.reuters.com\/business\/media-telecom\/china-firmly-opposes-huawei-ban-by-some-eu-countries-2023-06-16\/\">ograniczy\u0142o lub zabroni\u0142o<\/a>&nbsp;&nbsp;chi\u0144skiej firmie technologicznej Huawei dost\u0119pu do swoich sieci 5G, a Niemcy&nbsp;&nbsp;<a href=\"https:\/\/www.cnbc.com\/2023\/06\/16\/eu-urges-more-countries-to-ban-chinas-huawei-zte-from-5g-networks.html\">rozwa\u017caj\u0105 zastosowanie<\/a>&nbsp;&nbsp;podobnego \u015brodka.&nbsp;Tymczasem Holandia&nbsp;&nbsp;<a href=\"https:\/\/www.politico.eu\/article\/us-dutch-officials-meet-to-hammer-out-chips-control-deal-export-blocks-china\/\">zablokowa\u0142a<\/a>&nbsp;&nbsp;eksport maszyn do produkcji chip\u00f3w do Chin przez du\u017c\u0105 holendersk\u0105 firm\u0119 p\u00f3\u0142przewodnikow\u0105 ASML.<\/p>\n\n\n\n<p>W 2020 r. Chiny&nbsp;&nbsp;<a href=\"https:\/\/www.bbc.co.uk\/news\/business-56093378\">wyprzedzi\u0142y<\/a>&nbsp;Stany Zjednoczone jako g\u0142\u00f3wny partner handlowy UE, aw 2022 r. Chiny by\u0142y &nbsp;najwi\u0119kszym&nbsp;&nbsp;<a href=\"https:\/\/ec.europa.eu\/eurostat\/statistics-explained\/index.php?title=China-EU_-_international_trade_in_goods_statistics\">\u017ar\u00f3d\u0142em<\/a>&nbsp;towar\u00f3w importowanych &nbsp;do UE i trzecim co do wielko\u015bci rynkiem dla towar\u00f3w eksportowanych.&nbsp;Ameryka\u0144skie naciski na europejskie firmy, by ograniczy\u0142y lub zako\u0144czy\u0142y stosunki z Chinami, ograniczy\u0142yby mo\u017cliwo\u015bci handlowe Europy i, nawiasem m\u00f3wi\u0105c, zwi\u0119kszy\u0142y jej zale\u017cno\u015b\u0107 od Waszyngtonu.&nbsp;By\u0142oby to szkodliwe nie tylko dla autonomii UE, ale tak\u017ce dla regionalnych warunk\u00f3w spo\u0142eczno-gospodarczych.<\/p>\n\n\n\n<p><strong>Europa musi przyj\u0105\u0107 globaln\u0105 wsp\u00f3\u0142prac\u0119, a nie konfrontacj\u0119<\/strong><\/p>\n\n\n\n<p>Od zako\u0144czenia II wojny \u015bwiatowej \u017cadne obce mocarstwo nie mia\u0142o wi\u0119kszej w\u0142adzy nad polityk\u0105 europejsk\u0105 ni\u017c Stany Zjednoczone.&nbsp;Je\u015bli Europa pozwoli si\u0119 zamkn\u0105\u0107 w bloku kierowanym przez Stany Zjednoczone, nie tylko wzmocni swoj\u0105 zale\u017cno\u015b\u0107 technologiczn\u0105 od Stan\u00f3w Zjednoczonych, ale region mo\u017ce si\u0119 zdezindustrializowa\u0107.&nbsp;Co wi\u0119cej, postawi\u0142oby to Europ\u0119 nie tylko przeciwko Chinom, ale tak\u017ce innym du\u017cym krajom rozwijaj\u0105cym si\u0119, takim jak Indie, Brazylia i RPA, kt\u00f3re odmawiaj\u0105 sprzymierzenia si\u0119 z jednym krajem lub drugim.<\/p>\n\n\n\n<p>Zamiast pod\u0105\u017ca\u0107 \u015bladami Stan\u00f3w Zjednoczonych w konfliktach na ca\u0142ym \u015bwiecie, niepodleg\u0142a Europa musi przeorientowa\u0107 swoj\u0105 strategi\u0119 bezpiecze\u0144stwa w kierunku obrony terytorialnej, zbiorowego bezpiecze\u0144stwa kontynentu i budowania konstruktywnych wi\u0119zi mi\u0119dzynarodowych, zdecydowanie zrywaj\u0105c stosunki handlowe. .&nbsp;Zamiast tego, uczciwe, oparte na szacunku i sprawiedliwe stosunki z Globalnym Po\u0142udniem mog\u0105 zapewni\u0107 Europie niezb\u0119dn\u0105 i cenn\u0105 dywersyfikacj\u0119 partner\u00f3w politycznych i gospodarczych, kt\u00f3rych bardzo potrzebuje.<\/p>\n\n\n\n<p>Niezale\u017cna i wzajemnie po\u0142\u0105czona Europa odpowiada interesom Europejczyk\u00f3w.&nbsp;Umo\u017cliwi\u0142oby to przekierowanie du\u017cych \u015brodk\u00f3w z wydatk\u00f3w wojskowych na walk\u0119 z kryzysami klimatycznymi i kryzysami zwi\u0105zanymi z kosztami \u017cycia, na przyk\u0142ad poprzez budow\u0119 zielonej bazy przemys\u0142owej.&nbsp;Europejczycy maj\u0105 wszelkie powody, by wspiera\u0107 rozw\u00f3j niezale\u017cnej polityki zagranicznej, kt\u00f3ra odrzuca ameryka\u0144sk\u0105 dominacj\u0119 i militaryzacj\u0119 na rzecz wsp\u00f3\u0142pracy mi\u0119dzynarodowej i bardziej demokratycznego porz\u0105dku \u015bwiatowego.<\/p>\n\n\n\n<p>Biuletyn&nbsp;&nbsp;<a href=\"https:\/\/nocoldwar.org\/\">\u201eKoniec zimnej wojny\u201d<\/a>&nbsp;&nbsp;stawia wa\u017cne pytanie: czy mo\u017cliwa jest niezale\u017cna europejska polityka zagraniczna?&nbsp;Og\u00f3lny wniosek, bior\u0105c pod uwag\u0119 r\u00f3wnowag\u0119 si\u0142, jaka panuje obecnie w Europie, brzmi: nie.&nbsp;Nawet skrajnie prawicowy rz\u0105d W\u0142och, kt\u00f3ry prowadzi\u0142 kampani\u0119 przeciwko NATO, nie m\u00f3g\u0142 oprze\u0107 si\u0119 presji Waszyngtonu.&nbsp;Ale, jak sugeruje dokument, negatywny wp\u0142yw zachodniej polityki zapobiegania pokojowi na Ukrainie jest codziennie odczuwany przez europejsk\u0105 opini\u0119 publiczn\u0105.&nbsp;Czy Europejczycy b\u0119d\u0105 broni\u0107 swojej suwerenno\u015bci, czy te\u017c nadal b\u0119d\u0105 na pierwszej linii ambicji Waszyngtonu?<\/p>\n\n\n\n<p><strong>Vijay Prashad<\/strong><\/p>\n\n\n\n<p><strong>Vijay Prashad:\u00a0<\/strong><em>\u00a0indyjski historyk, redaktor i dziennikarz.\u00a0Jest redaktorem wsp\u00f3\u0142pracuj\u0105cym i g\u0142\u00f3wnym korespondentem Globetrotter.\u00a0Jest redaktorem LeftWord Books i dyrektorem Tricontinental: Institute for Social Research.\u00a0Jest starszym wyk\u0142adowc\u0105 nierezydentem w Chongyang Institute for Financial Studies na Uniwersytecie Renmin w Chinach.\u00a0Napisa\u0142 ponad 20 ksi\u0105\u017cek, w tym The Darker Nations i The Poorer Nations.\u00a0Jego ostatnie ksi\u0105\u017cki to Struggle Makes Us Human: Learning from Movements for Socialism oraz (z Noamem Chomskym) The Withdrawal: Iraq, Libia, Afganistan, and the Fragility of American Power.<\/em><\/p>\n\n\n\n<p>\u0179r\u00f3d\u0142o https:\/\/www.globalizacion.ca\/puede-la-seccion-europea-de-la-triada-liberarse-de-la-alianza-atlantica\/<\/p>\n","protected":false},"excerpt":{"rendered":"<p>Autor:\u00a0 Vijay Prashad, 24 czerwca 2023 r W dzisiejszych czasach trudno jest zrozumie\u0107 wiele wydarze\u0144.&nbsp;Zachowanie Francji, na przyk\u0142ad, jest trudne do sformu\u0142owania.&nbsp;Z jednej strony prezydent Francji Emmanuel Macron&nbsp;&nbsp;zmieni\u0142&nbsp;zdanie i popiera wej\u015bcie Ukrainy do Organizacji Traktatu P\u00f3\u0142nocnoatlantyckiego (NATO). Z drugiej strony&nbsp;&nbsp;powiedzia\u0142&nbsp;&nbsp;,&#8230; <\/p>\n","protected":false},"author":2,"featured_media":2645,"comment_status":"open","ping_status":"open","sticky":false,"template":"","format":"standard","meta":{"_acf_changed":false,"_bbp_topic_count":0,"_bbp_reply_count":0,"_bbp_total_topic_count":0,"_bbp_total_reply_count":0,"_bbp_voice_count":0,"_bbp_anonymous_reply_count":0,"_bbp_topic_count_hidden":0,"_bbp_reply_count_hidden":0,"_bbp_forum_subforum_count":0,"om_disable_all_campaigns":false,"_monsterinsights_skip_tracking":false,"footnotes":""},"categories":[93],"tags":[],"class_list":["post-2644","post","type-post","status-publish","format-standard","has-post-thumbnail","hentry","category-artykuly"],"acf":[],"aioseo_notices":[],"aioseo_head":"\n\t\t<!-- All in One SEO 5.0.1.1 - aioseo.com -->\n\t<meta name=\"description\" content=\"Autor: Vijay Prashad, 24 czerwca 2023 r W dzisiejszych czasach trudno jest zrozumie\u0107 wiele wydarze\u0144. Zachowanie Francji, na przyk\u0142ad, jest trudne do sformu\u0142owania. Z jednej strony prezydent Francji Emmanuel Macron zmieni\u0142 zdanie i popiera wej\u015bcie Ukrainy do Organizacji Traktatu P\u00f3\u0142nocnoatlantyckiego (NATO). Z drugiej strony powiedzia\u0142 , \u017ce Francja chcia\u0142aby uczestniczy\u0107 w szczycie BRICS (Brazylia, Rosja, Indie, Chiny i RPA), kt\u00f3ry odb\u0119dzie\" \/>\n\t<meta name=\"robots\" content=\"max-image-preview:large\" \/>\n\t<meta name=\"author\" content=\"trinity\"\/>\n\t<link rel=\"canonical\" href=\"https:\/\/wia.net.pl\/index.php\/2023\/06\/25\/europejska-sekcja-triady-sojusz-atlantycki\/\" \/>\n\t<meta name=\"generator\" content=\"All in One SEO (AIOSEO) 5.0.1.1\" \/>\n\t\t<meta property=\"og:locale\" content=\"pl_PL\" \/>\n\t\t<meta property=\"og:site_name\" content=\"Wolno\u015b\u0107 i Anarchia - Ka\u017cdy wewn\u0119trznie jest anarchist\u0105.\" \/>\n\t\t<meta property=\"og:type\" content=\"article\" \/>\n\t\t<meta property=\"og:title\" content=\"Europejska sekcja Triady-Sojusz Atlantycki - Wolno\u015b\u0107 i Anarchia\" \/>\n\t\t<meta property=\"og:description\" content=\"Autor: Vijay Prashad, 24 czerwca 2023 r W dzisiejszych czasach trudno jest zrozumie\u0107 wiele wydarze\u0144. Zachowanie Francji, na przyk\u0142ad, jest trudne do sformu\u0142owania. Z jednej strony prezydent Francji Emmanuel Macron zmieni\u0142 zdanie i popiera wej\u015bcie Ukrainy do Organizacji Traktatu P\u00f3\u0142nocnoatlantyckiego (NATO). Z drugiej strony powiedzia\u0142 , \u017ce Francja chcia\u0142aby uczestniczy\u0107 w szczycie BRICS (Brazylia, Rosja, Indie, Chiny i RPA), kt\u00f3ry odb\u0119dzie\" \/>\n\t\t<meta property=\"og:url\" content=\"https:\/\/wia.net.pl\/index.php\/2023\/06\/25\/europejska-sekcja-triady-sojusz-atlantycki\/\" \/>\n\t\t<meta property=\"og:image\" content=\"https:\/\/wia.net.pl\/wp-content\/uploads\/2023\/11\/cropped-freedom-i73367.jpg\" \/>\n\t\t<meta property=\"og:image:secure_url\" content=\"https:\/\/wia.net.pl\/wp-content\/uploads\/2023\/11\/cropped-freedom-i73367.jpg\" \/>\n\t\t<meta property=\"article:published_time\" content=\"2023-06-25T09:47:30+00:00\" \/>\n\t\t<meta property=\"article:modified_time\" content=\"2023-06-25T09:47:31+00:00\" \/>\n\t\t<meta name=\"twitter:card\" content=\"summary_large_image\" \/>\n\t\t<meta name=\"twitter:title\" content=\"Europejska sekcja Triady-Sojusz Atlantycki - Wolno\u015b\u0107 i Anarchia\" \/>\n\t\t<meta name=\"twitter:description\" content=\"Autor: Vijay Prashad, 24 czerwca 2023 r W dzisiejszych czasach trudno jest zrozumie\u0107 wiele wydarze\u0144. Zachowanie Francji, na przyk\u0142ad, jest trudne do sformu\u0142owania. Z jednej strony prezydent Francji Emmanuel Macron zmieni\u0142 zdanie i popiera wej\u015bcie Ukrainy do Organizacji Traktatu P\u00f3\u0142nocnoatlantyckiego (NATO). Z drugiej strony powiedzia\u0142 , \u017ce Francja chcia\u0142aby uczestniczy\u0107 w szczycie BRICS (Brazylia, Rosja, Indie, Chiny i RPA), kt\u00f3ry odb\u0119dzie\" \/>\n\t\t<meta name=\"twitter:image\" content=\"https:\/\/wia.net.pl\/wp-content\/uploads\/2023\/11\/cropped-freedom-i73367.jpg\" \/>\n\t\t<script type=\"application\/ld+json\" class=\"aioseo-schema\">\n\t\t\t{\"@context\":\"https:\\\/\\\/schema.org\",\"@graph\":[{\"@type\":\"BlogPosting\",\"@id\":\"https:\\\/\\\/wia.net.pl\\\/index.php\\\/2023\\\/06\\\/25\\\/europejska-sekcja-triady-sojusz-atlantycki\\\/#blogposting\",\"name\":\"Europejska sekcja Triady-Sojusz Atlantycki - Wolno\\u015b\\u0107 i Anarchia\",\"headline\":\"Europejska sekcja Triady-Sojusz Atlantycki\",\"author\":{\"@id\":\"https:\\\/\\\/wia.net.pl\\\/index.php\\\/author\\\/trinity\\\/#author\"},\"publisher\":{\"@id\":\"https:\\\/\\\/wia.net.pl\\\/#person\"},\"image\":{\"@type\":\"ImageObject\",\"url\":\"https:\\\/\\\/wia.net.pl\\\/wp-content\\\/uploads\\\/2023\\\/06\\\/pobrane-7.jpeg\",\"width\":275,\"height\":183},\"datePublished\":\"2023-06-25T11:47:30+02:00\",\"dateModified\":\"2023-06-25T11:47:31+02:00\",\"inLanguage\":\"pl-PL\",\"mainEntityOfPage\":{\"@id\":\"https:\\\/\\\/wia.net.pl\\\/index.php\\\/2023\\\/06\\\/25\\\/europejska-sekcja-triady-sojusz-atlantycki\\\/#webpage\"},\"isPartOf\":{\"@id\":\"https:\\\/\\\/wia.net.pl\\\/index.php\\\/2023\\\/06\\\/25\\\/europejska-sekcja-triady-sojusz-atlantycki\\\/#webpage\"},\"articleSection\":\"Artyku\\u0142y\"},{\"@type\":\"BreadcrumbList\",\"@id\":\"https:\\\/\\\/wia.net.pl\\\/index.php\\\/2023\\\/06\\\/25\\\/europejska-sekcja-triady-sojusz-atlantycki\\\/#breadcrumblist\",\"itemListElement\":[{\"@type\":\"ListItem\",\"@id\":\"https:\\\/\\\/wia.net.pl#listItem\",\"position\":1,\"name\":\"Home\",\"item\":\"https:\\\/\\\/wia.net.pl\",\"nextItem\":{\"@type\":\"ListItem\",\"@id\":\"https:\\\/\\\/wia.net.pl\\\/index.php\\\/category\\\/artykuly\\\/#listItem\",\"name\":\"Artyku\\u0142y\"}},{\"@type\":\"ListItem\",\"@id\":\"https:\\\/\\\/wia.net.pl\\\/index.php\\\/category\\\/artykuly\\\/#listItem\",\"position\":2,\"name\":\"Artyku\\u0142y\",\"item\":\"https:\\\/\\\/wia.net.pl\\\/index.php\\\/category\\\/artykuly\\\/\",\"nextItem\":{\"@type\":\"ListItem\",\"@id\":\"https:\\\/\\\/wia.net.pl\\\/index.php\\\/2023\\\/06\\\/25\\\/europejska-sekcja-triady-sojusz-atlantycki\\\/#listItem\",\"name\":\"Europejska sekcja Triady-Sojusz Atlantycki\"},\"previousItem\":{\"@type\":\"ListItem\",\"@id\":\"https:\\\/\\\/wia.net.pl#listItem\",\"name\":\"Home\"}},{\"@type\":\"ListItem\",\"@id\":\"https:\\\/\\\/wia.net.pl\\\/index.php\\\/2023\\\/06\\\/25\\\/europejska-sekcja-triady-sojusz-atlantycki\\\/#listItem\",\"position\":3,\"name\":\"Europejska sekcja Triady-Sojusz Atlantycki\",\"previousItem\":{\"@type\":\"ListItem\",\"@id\":\"https:\\\/\\\/wia.net.pl\\\/index.php\\\/category\\\/artykuly\\\/#listItem\",\"name\":\"Artyku\\u0142y\"}}]},{\"@type\":\"Person\",\"@id\":\"https:\\\/\\\/wia.net.pl\\\/#person\",\"name\":\"Bart\\u0142omiej Talarczyk\",\"image\":{\"@type\":\"ImageObject\",\"@id\":\"https:\\\/\\\/wia.net.pl\\\/index.php\\\/2023\\\/06\\\/25\\\/europejska-sekcja-triady-sojusz-atlantycki\\\/#personImage\",\"url\":\"https:\\\/\\\/wia.net.pl\\\/wp-content\\\/uploads\\\/avatar-privacy\\\/cache\\\/user\\\/1\\\/7\\\/176a6b161c58363ff49b5c167264231f519f5c7fa183ca1f61e891769b6b56d5-96.jpg\",\"width\":96,\"height\":96,\"caption\":\"Bart\\u0142omiej Talarczyk\"}},{\"@type\":\"Person\",\"@id\":\"https:\\\/\\\/wia.net.pl\\\/index.php\\\/author\\\/trinity\\\/#author\",\"url\":\"https:\\\/\\\/wia.net.pl\\\/index.php\\\/author\\\/trinity\\\/\",\"name\":\"trinity\",\"image\":{\"@type\":\"ImageObject\",\"@id\":\"https:\\\/\\\/wia.net.pl\\\/index.php\\\/2023\\\/06\\\/25\\\/europejska-sekcja-triady-sojusz-atlantycki\\\/#authorImage\",\"url\":\"https:\\\/\\\/wia.net.pl\\\/wp-content\\\/uploads\\\/avatar-privacy\\\/cache\\\/user\\\/5\\\/f\\\/5f6547cf82495eaa10e100a6a45d5dbde2dfdc1be88557de2018fca705bdf6f1-96.jpg\",\"width\":96,\"height\":96,\"caption\":\"trinity\"}},{\"@type\":\"WebPage\",\"@id\":\"https:\\\/\\\/wia.net.pl\\\/index.php\\\/2023\\\/06\\\/25\\\/europejska-sekcja-triady-sojusz-atlantycki\\\/#webpage\",\"url\":\"https:\\\/\\\/wia.net.pl\\\/index.php\\\/2023\\\/06\\\/25\\\/europejska-sekcja-triady-sojusz-atlantycki\\\/\",\"name\":\"Europejska sekcja Triady-Sojusz Atlantycki - Wolno\\u015b\\u0107 i Anarchia\",\"description\":\"Autor: Vijay Prashad, 24 czerwca 2023 r W dzisiejszych czasach trudno jest zrozumie\\u0107 wiele wydarze\\u0144. Zachowanie Francji, na przyk\\u0142ad, jest trudne do sformu\\u0142owania. Z jednej strony prezydent Francji Emmanuel Macron zmieni\\u0142 zdanie i popiera wej\\u015bcie Ukrainy do Organizacji Traktatu P\\u00f3\\u0142nocnoatlantyckiego (NATO). Z drugiej strony powiedzia\\u0142 , \\u017ce Francja chcia\\u0142aby uczestniczy\\u0107 w szczycie BRICS (Brazylia, Rosja, Indie, Chiny i RPA), kt\\u00f3ry odb\\u0119dzie\",\"inLanguage\":\"pl-PL\",\"isPartOf\":{\"@id\":\"https:\\\/\\\/wia.net.pl\\\/#website\"},\"breadcrumb\":{\"@id\":\"https:\\\/\\\/wia.net.pl\\\/index.php\\\/2023\\\/06\\\/25\\\/europejska-sekcja-triady-sojusz-atlantycki\\\/#breadcrumblist\"},\"author\":{\"@id\":\"https:\\\/\\\/wia.net.pl\\\/index.php\\\/author\\\/trinity\\\/#author\"},\"creator\":{\"@id\":\"https:\\\/\\\/wia.net.pl\\\/index.php\\\/author\\\/trinity\\\/#author\"},\"image\":{\"@type\":\"ImageObject\",\"url\":\"https:\\\/\\\/wia.net.pl\\\/wp-content\\\/uploads\\\/2023\\\/06\\\/pobrane-7.jpeg\",\"@id\":\"https:\\\/\\\/wia.net.pl\\\/index.php\\\/2023\\\/06\\\/25\\\/europejska-sekcja-triady-sojusz-atlantycki\\\/#mainImage\",\"width\":275,\"height\":183},\"primaryImageOfPage\":{\"@id\":\"https:\\\/\\\/wia.net.pl\\\/index.php\\\/2023\\\/06\\\/25\\\/europejska-sekcja-triady-sojusz-atlantycki\\\/#mainImage\"},\"datePublished\":\"2023-06-25T11:47:30+02:00\",\"dateModified\":\"2023-06-25T11:47:31+02:00\"},{\"@type\":\"WebSite\",\"@id\":\"https:\\\/\\\/wia.net.pl\\\/#website\",\"url\":\"https:\\\/\\\/wia.net.pl\\\/\",\"name\":\"Wolno\\u015b\\u0107 i Anarchia\",\"description\":\"Ka\\u017cdy wewn\\u0119trznie jest anarchist\\u0105.\",\"inLanguage\":\"pl-PL\",\"publisher\":{\"@id\":\"https:\\\/\\\/wia.net.pl\\\/#person\"}}]}\n\t\t<\/script>\n\t\t<!-- All in One SEO -->\n\n","aioseo_head_json":{"title":"Europejska sekcja Triady-Sojusz Atlantycki - Wolno\u015b\u0107 i Anarchia","description":"Autor: Vijay Prashad, 24 czerwca 2023 r W dzisiejszych czasach trudno jest zrozumie\u0107 wiele wydarze\u0144. Zachowanie Francji, na przyk\u0142ad, jest trudne do sformu\u0142owania. Z jednej strony prezydent Francji Emmanuel Macron zmieni\u0142 zdanie i popiera wej\u015bcie Ukrainy do Organizacji Traktatu P\u00f3\u0142nocnoatlantyckiego (NATO). Z drugiej strony powiedzia\u0142 , \u017ce Francja chcia\u0142aby uczestniczy\u0107 w szczycie BRICS (Brazylia, Rosja, Indie, Chiny i RPA), kt\u00f3ry odb\u0119dzie","canonical_url":"https:\/\/wia.net.pl\/index.php\/2023\/06\/25\/europejska-sekcja-triady-sojusz-atlantycki\/","robots":"max-image-preview:large","keywords":"","webmasterTools":{"miscellaneous":""},"schema":{"@context":"https:\/\/schema.org","@graph":[{"@type":"BlogPosting","@id":"https:\/\/wia.net.pl\/index.php\/2023\/06\/25\/europejska-sekcja-triady-sojusz-atlantycki\/#blogposting","name":"Europejska sekcja Triady-Sojusz Atlantycki - Wolno\u015b\u0107 i Anarchia","headline":"Europejska sekcja Triady-Sojusz Atlantycki","author":{"@id":"https:\/\/wia.net.pl\/index.php\/author\/trinity\/#author"},"publisher":{"@id":"https:\/\/wia.net.pl\/#person"},"image":{"@type":"ImageObject","url":"https:\/\/wia.net.pl\/wp-content\/uploads\/2023\/06\/pobrane-7.jpeg","width":275,"height":183},"datePublished":"2023-06-25T11:47:30+02:00","dateModified":"2023-06-25T11:47:31+02:00","inLanguage":"pl-PL","mainEntityOfPage":{"@id":"https:\/\/wia.net.pl\/index.php\/2023\/06\/25\/europejska-sekcja-triady-sojusz-atlantycki\/#webpage"},"isPartOf":{"@id":"https:\/\/wia.net.pl\/index.php\/2023\/06\/25\/europejska-sekcja-triady-sojusz-atlantycki\/#webpage"},"articleSection":"Artyku\u0142y"},{"@type":"BreadcrumbList","@id":"https:\/\/wia.net.pl\/index.php\/2023\/06\/25\/europejska-sekcja-triady-sojusz-atlantycki\/#breadcrumblist","itemListElement":[{"@type":"ListItem","@id":"https:\/\/wia.net.pl#listItem","position":1,"name":"Home","item":"https:\/\/wia.net.pl","nextItem":{"@type":"ListItem","@id":"https:\/\/wia.net.pl\/index.php\/category\/artykuly\/#listItem","name":"Artyku\u0142y"}},{"@type":"ListItem","@id":"https:\/\/wia.net.pl\/index.php\/category\/artykuly\/#listItem","position":2,"name":"Artyku\u0142y","item":"https:\/\/wia.net.pl\/index.php\/category\/artykuly\/","nextItem":{"@type":"ListItem","@id":"https:\/\/wia.net.pl\/index.php\/2023\/06\/25\/europejska-sekcja-triady-sojusz-atlantycki\/#listItem","name":"Europejska sekcja Triady-Sojusz Atlantycki"},"previousItem":{"@type":"ListItem","@id":"https:\/\/wia.net.pl#listItem","name":"Home"}},{"@type":"ListItem","@id":"https:\/\/wia.net.pl\/index.php\/2023\/06\/25\/europejska-sekcja-triady-sojusz-atlantycki\/#listItem","position":3,"name":"Europejska sekcja Triady-Sojusz Atlantycki","previousItem":{"@type":"ListItem","@id":"https:\/\/wia.net.pl\/index.php\/category\/artykuly\/#listItem","name":"Artyku\u0142y"}}]},{"@type":"Person","@id":"https:\/\/wia.net.pl\/#person","name":"Bart\u0142omiej Talarczyk","image":{"@type":"ImageObject","@id":"https:\/\/wia.net.pl\/index.php\/2023\/06\/25\/europejska-sekcja-triady-sojusz-atlantycki\/#personImage","url":"https:\/\/wia.net.pl\/wp-content\/uploads\/avatar-privacy\/cache\/user\/1\/7\/176a6b161c58363ff49b5c167264231f519f5c7fa183ca1f61e891769b6b56d5-96.jpg","width":96,"height":96,"caption":"Bart\u0142omiej Talarczyk"}},{"@type":"Person","@id":"https:\/\/wia.net.pl\/index.php\/author\/trinity\/#author","url":"https:\/\/wia.net.pl\/index.php\/author\/trinity\/","name":"trinity","image":{"@type":"ImageObject","@id":"https:\/\/wia.net.pl\/index.php\/2023\/06\/25\/europejska-sekcja-triady-sojusz-atlantycki\/#authorImage","url":"https:\/\/wia.net.pl\/wp-content\/uploads\/avatar-privacy\/cache\/user\/5\/f\/5f6547cf82495eaa10e100a6a45d5dbde2dfdc1be88557de2018fca705bdf6f1-96.jpg","width":96,"height":96,"caption":"trinity"}},{"@type":"WebPage","@id":"https:\/\/wia.net.pl\/index.php\/2023\/06\/25\/europejska-sekcja-triady-sojusz-atlantycki\/#webpage","url":"https:\/\/wia.net.pl\/index.php\/2023\/06\/25\/europejska-sekcja-triady-sojusz-atlantycki\/","name":"Europejska sekcja Triady-Sojusz Atlantycki - Wolno\u015b\u0107 i Anarchia","description":"Autor: Vijay Prashad, 24 czerwca 2023 r W dzisiejszych czasach trudno jest zrozumie\u0107 wiele wydarze\u0144. Zachowanie Francji, na przyk\u0142ad, jest trudne do sformu\u0142owania. Z jednej strony prezydent Francji Emmanuel Macron zmieni\u0142 zdanie i popiera wej\u015bcie Ukrainy do Organizacji Traktatu P\u00f3\u0142nocnoatlantyckiego (NATO). Z drugiej strony powiedzia\u0142 , \u017ce Francja chcia\u0142aby uczestniczy\u0107 w szczycie BRICS (Brazylia, Rosja, Indie, Chiny i RPA), kt\u00f3ry odb\u0119dzie","inLanguage":"pl-PL","isPartOf":{"@id":"https:\/\/wia.net.pl\/#website"},"breadcrumb":{"@id":"https:\/\/wia.net.pl\/index.php\/2023\/06\/25\/europejska-sekcja-triady-sojusz-atlantycki\/#breadcrumblist"},"author":{"@id":"https:\/\/wia.net.pl\/index.php\/author\/trinity\/#author"},"creator":{"@id":"https:\/\/wia.net.pl\/index.php\/author\/trinity\/#author"},"image":{"@type":"ImageObject","url":"https:\/\/wia.net.pl\/wp-content\/uploads\/2023\/06\/pobrane-7.jpeg","@id":"https:\/\/wia.net.pl\/index.php\/2023\/06\/25\/europejska-sekcja-triady-sojusz-atlantycki\/#mainImage","width":275,"height":183},"primaryImageOfPage":{"@id":"https:\/\/wia.net.pl\/index.php\/2023\/06\/25\/europejska-sekcja-triady-sojusz-atlantycki\/#mainImage"},"datePublished":"2023-06-25T11:47:30+02:00","dateModified":"2023-06-25T11:47:31+02:00"},{"@type":"WebSite","@id":"https:\/\/wia.net.pl\/#website","url":"https:\/\/wia.net.pl\/","name":"Wolno\u015b\u0107 i Anarchia","description":"Ka\u017cdy wewn\u0119trznie jest anarchist\u0105.","inLanguage":"pl-PL","publisher":{"@id":"https:\/\/wia.net.pl\/#person"}}]},"og:locale":"pl_PL","og:site_name":"Wolno\u015b\u0107 i Anarchia - Ka\u017cdy wewn\u0119trznie jest anarchist\u0105.","og:type":"article","og:title":"Europejska sekcja Triady-Sojusz Atlantycki - Wolno\u015b\u0107 i Anarchia","og:description":"Autor: Vijay Prashad, 24 czerwca 2023 r W dzisiejszych czasach trudno jest zrozumie\u0107 wiele wydarze\u0144. Zachowanie Francji, na przyk\u0142ad, jest trudne do sformu\u0142owania. Z jednej strony prezydent Francji Emmanuel Macron zmieni\u0142 zdanie i popiera wej\u015bcie Ukrainy do Organizacji Traktatu P\u00f3\u0142nocnoatlantyckiego (NATO). Z drugiej strony powiedzia\u0142 , \u017ce Francja chcia\u0142aby uczestniczy\u0107 w szczycie BRICS (Brazylia, Rosja, Indie, Chiny i RPA), kt\u00f3ry odb\u0119dzie","og:url":"https:\/\/wia.net.pl\/index.php\/2023\/06\/25\/europejska-sekcja-triady-sojusz-atlantycki\/","og:image":"https:\/\/wia.net.pl\/wp-content\/uploads\/2023\/11\/cropped-freedom-i73367.jpg","og:image:secure_url":"https:\/\/wia.net.pl\/wp-content\/uploads\/2023\/11\/cropped-freedom-i73367.jpg","article:published_time":"2023-06-25T09:47:30+00:00","article:modified_time":"2023-06-25T09:47:31+00:00","twitter:card":"summary_large_image","twitter:title":"Europejska sekcja Triady-Sojusz Atlantycki - Wolno\u015b\u0107 i Anarchia","twitter:description":"Autor: Vijay Prashad, 24 czerwca 2023 r W dzisiejszych czasach trudno jest zrozumie\u0107 wiele wydarze\u0144. Zachowanie Francji, na przyk\u0142ad, jest trudne do sformu\u0142owania. Z jednej strony prezydent Francji Emmanuel Macron zmieni\u0142 zdanie i popiera wej\u015bcie Ukrainy do Organizacji Traktatu P\u00f3\u0142nocnoatlantyckiego (NATO). Z drugiej strony powiedzia\u0142 , \u017ce Francja chcia\u0142aby uczestniczy\u0107 w szczycie BRICS (Brazylia, Rosja, Indie, Chiny i RPA), kt\u00f3ry odb\u0119dzie","twitter:image":"https:\/\/wia.net.pl\/wp-content\/uploads\/2023\/11\/cropped-freedom-i73367.jpg"},"aioseo_meta_data":{"post_id":"2644","title":null,"description":null,"keywords":[],"keyphrases":{"focus":{"keyphrase":"","score":0,"analysis":{"keyphraseInTitle":{"score":0,"maxScore":9,"error":1}}},"additional":[]},"primary_term":null,"canonical_url":null,"og_title":null,"og_description":null,"og_object_type":"default","og_image_type":"default","og_image_url":null,"og_image_width":null,"og_image_height":null,"og_image_custom_url":null,"og_image_custom_fields":null,"og_video":"","og_custom_url":null,"og_article_section":null,"og_article_tags":[],"twitter_use_og":false,"twitter_card":"default","twitter_image_type":"default","twitter_image_url":null,"twitter_image_custom_url":null,"twitter_image_custom_fields":null,"twitter_title":null,"twitter_description":null,"schema":{"blockGraphs":[],"customGraphs":[],"default":{"data":{"Article":[],"Course":[],"Dataset":[],"FAQPage":[],"Movie":[],"Person":[],"Product":[],"ProductReview":[],"Car":[],"Recipe":[],"Service":[],"SoftwareApplication":[],"WebPage":[]},"graphName":"BlogPosting","isEnabled":true},"graphs":[]},"schema_type":"default","schema_type_options":null,"pillar_content":false,"robots_default":true,"robots_noindex":false,"robots_noarchive":false,"robots_nosnippet":false,"robots_nofollow":false,"robots_noimageindex":false,"robots_noodp":false,"robots_notranslate":false,"robots_max_snippet":"-1","robots_max_videopreview":"-1","robots_max_imagepreview":"large","priority":null,"frequency":"default","local_seo":null,"breadcrumb_settings":null,"limit_modified_date":false,"ai":null,"created":"2023-06-25 09:47:31","updated":"2025-06-04 08:20:43","seo_analyzer_scan_date":null,"focus_keyword":null,"additional_keywords":null,"truseo_locale":null},"aioseo_breadcrumb":"<div class=\"aioseo-breadcrumbs\"><span class=\"aioseo-breadcrumb\">\n\t\t\t<a href=\"https:\/\/wia.net.pl\" title=\"Home\">Home<\/a>\n\t\t<\/span><span class=\"aioseo-breadcrumb-separator\">&raquo;<\/span><span class=\"aioseo-breadcrumb\">\n\t\t\t<a href=\"https:\/\/wia.net.pl\/index.php\/category\/artykuly\/\" title=\"Artyku\u0142y\">Artyku\u0142y<\/a>\n\t\t<\/span><span class=\"aioseo-breadcrumb-separator\">&raquo;<\/span><span class=\"aioseo-breadcrumb\">\n\t\t\tEuropejska sekcja Triady-Sojusz Atlantycki\n\t\t<\/span><\/div>","aioseo_breadcrumb_json":[{"label":"Home","link":"https:\/\/wia.net.pl"},{"label":"Artyku\u0142y","link":"https:\/\/wia.net.pl\/index.php\/category\/artykuly\/"},{"label":"Europejska sekcja Triady-Sojusz Atlantycki","link":"https:\/\/wia.net.pl\/index.php\/2023\/06\/25\/europejska-sekcja-triady-sojusz-atlantycki\/"}],"_links":{"self":[{"href":"https:\/\/wia.net.pl\/index.php\/wp-json\/wp\/v2\/posts\/2644"}],"collection":[{"href":"https:\/\/wia.net.pl\/index.php\/wp-json\/wp\/v2\/posts"}],"about":[{"href":"https:\/\/wia.net.pl\/index.php\/wp-json\/wp\/v2\/types\/post"}],"author":[{"embeddable":true,"href":"https:\/\/wia.net.pl\/index.php\/wp-json\/wp\/v2\/users\/2"}],"replies":[{"embeddable":true,"href":"https:\/\/wia.net.pl\/index.php\/wp-json\/wp\/v2\/comments?post=2644"}],"version-history":[{"count":1,"href":"https:\/\/wia.net.pl\/index.php\/wp-json\/wp\/v2\/posts\/2644\/revisions"}],"predecessor-version":[{"id":2646,"href":"https:\/\/wia.net.pl\/index.php\/wp-json\/wp\/v2\/posts\/2644\/revisions\/2646"}],"wp:featuredmedia":[{"embeddable":true,"href":"https:\/\/wia.net.pl\/index.php\/wp-json\/wp\/v2\/media\/2645"}],"wp:attachment":[{"href":"https:\/\/wia.net.pl\/index.php\/wp-json\/wp\/v2\/media?parent=2644"}],"wp:term":[{"taxonomy":"category","embeddable":true,"href":"https:\/\/wia.net.pl\/index.php\/wp-json\/wp\/v2\/categories?post=2644"},{"taxonomy":"post_tag","embeddable":true,"href":"https:\/\/wia.net.pl\/index.php\/wp-json\/wp\/v2\/tags?post=2644"}],"curies":[{"name":"wp","href":"https:\/\/api.w.org\/{rel}","templated":true}]}}