{"id":2647,"date":"2023-06-25T16:18:43","date_gmt":"2023-06-25T14:18:43","guid":{"rendered":"https:\/\/wia.net.pl\/?p=2647"},"modified":"2023-06-25T16:18:43","modified_gmt":"2023-06-25T14:18:43","slug":"choroba-popromienna-powodem-smierci-dzikiego-ptactwa","status":"publish","type":"post","link":"https:\/\/wia.net.pl\/index.php\/2023\/06\/25\/choroba-popromienna-powodem-smierci-dzikiego-ptactwa\/","title":{"rendered":"Choroba popromienna powodem \u015bmierci dzikiego ptactwa"},"content":{"rendered":"\n<h1 class=\"wp-block-heading\">To nie ptasia grypa zabi\u0142a dzikie ptactwo w Europie zesz\u0142ej wiosny, to by\u0142a choroba popromienna<\/h1>\n\n\n\n<p>Autor, \u00a0<a href=\"https:\/\/expose-news.com\/author\/rhoda-wilson\/\">RHOD  WILSON<\/a><\/p>\n\n\n\n<p><\/p>\n\n\n\n<figure class=\"wp-block-image size-large\"><img loading=\"lazy\" decoding=\"async\" width=\"1024\" height=\"576\" src=\"https:\/\/wia.net.pl\/wp-content\/uploads\/2023\/06\/po-1024x576.jpg\" alt=\"\" class=\"wp-image-2648\" srcset=\"https:\/\/wia.net.pl\/wp-content\/uploads\/2023\/06\/po-1024x576.jpg 1024w, https:\/\/wia.net.pl\/wp-content\/uploads\/2023\/06\/po-300x169.jpg 300w, https:\/\/wia.net.pl\/wp-content\/uploads\/2023\/06\/po-768x432.jpg 768w, https:\/\/wia.net.pl\/wp-content\/uploads\/2023\/06\/po-1536x864.jpg 1536w, https:\/\/wia.net.pl\/wp-content\/uploads\/2023\/06\/po-480x270.jpg 480w, https:\/\/wia.net.pl\/wp-content\/uploads\/2023\/06\/po.jpg 1920w\" sizes=\"(max-width: 1024px) 100vw, 1024px\" \/><\/figure>\n\n\n\n<p><\/p>\n\n\n\n<p><strong>\u201eTo uderzaj\u0105ce: obszary z koloniami, kt\u00f3re zosta\u0142y mocno dotkni\u0119te ptasi\u0105 gryp\u0105 w zesz\u0142ym roku, pozosta\u0142y puste w tym roku, w tym Waterdunen (ZL), Wagejot i De Petten na Texel (NH), Griend i De Putten w pobli\u017cu Camperduin (NH) \u201d \u2013 napisa\u0142 Ruud van Beusekom z BirdLife Holandia.<\/strong><\/p>\n\n\n\n<p><strong>Wszyscy zak\u0142adaj\u0105, \u017ce ptaki gnie\u017cd\u017c\u0105ce si\u0119 pomy\u015blnie w tym roku naby\u0142y odporno\u015b\u0107 na wirusa grypy H5N1.\u00a0Ale obszary wybrane w tym roku przez ptaki to obszary o ni\u017cszym promieniowaniu.<\/strong><\/p>\n\n\n\n<p><em>Poni\u017cszy tekst zosta\u0142 napisany przez&nbsp;<a href=\"https:\/\/www.chelseagreen.com\/writer\/arthur-firstenberg\/\">Arthura Firstenberga<\/a>&nbsp;i&nbsp;<a href=\"https:\/\/www.globalresearch.ca\/sea-birds-last-refuges\/5823293\">opublikowany przez Global Research<\/a>&nbsp;.<\/em><\/p>\n\n\n\n<p>Na ca\u0142ej Ziemi znikaj\u0105 ptaki \u2013 symbole wolno\u015bci i rado\u015bci \u2013 i je\u015bli nie przestaniemy ich zabija\u0107, ju\u017c nigdy nie o\u017cywi\u0105 naszego nieba i wyobra\u017ani.<\/p>\n\n\n\n<p>S\u0105 to rybitwy, mewy, szablodzioby, g\u0142uptaki, wydrzyki, nurniki, maskonury, ostrygojady, kaczki, g\u0119si, b\u0105ki, ba\u017canty, sroki, piaskowce, bociany, \u017curawie, pelikany, czaple, \u0142ab\u0119dzie, nury, wr\u00f3ble, go\u0142\u0119bie, kosy czerwonoskrzyd\u0142e , sowy, kormorany, perkozy, biegusy zmienne, wrony, kruki, bieliki, jastrz\u0119bie, soko\u0142y, s\u0119py, wszystkie znikaj\u0105ce z krajobraz\u00f3w naszych dom\u00f3w, las\u00f3w, wybrze\u017cy i umys\u0142\u00f3w.&nbsp;Rzadko pojawia si\u0119 w wiadomo\u015bciach, a \u015bwiat przyzwyczajony do stale kurcz\u0105cych si\u0119 zasob\u00f3w i zmniejszaj\u0105cej si\u0119 ilo\u015bci \u017cycia nie zwraca na to uwagi.<\/p>\n\n\n\n<p>Ostrze\u017cenie o Cichej Wiosnie, kt\u00f3re sze\u015b\u0107dziesi\u0105t lat temu brzmia\u0142o jak ryk tr\u0105by, skurczy\u0142o si\u0119 z ca\u0142orocznego stanu wyj\u0105tkowego do prawie bezsensownego rytua\u0142u Dnia Ziemi, obchodzonego tylko raz w roku.<\/p>\n\n\n\n<p>Ale zesz\u0142ej wiosny, w maju i czerwcu, \u015bwiat obudzi\u0142y szokuj\u0105ce opowie\u015bci i rozdzieraj\u0105ce serce zdj\u0119cia martwych ptak\u00f3w morskich za\u015bmiecaj\u0105cych swoje tereny l\u0119gowe na ca\u0142ej p\u00f3\u0142kuli p\u00f3\u0142nocnej, nigdzie tak wyra\u017anie jak w rezerwacie przyrody De Petten na wyspie Texel w Holandia, gdzie zw\u0142oki rybitw czubatych za\u015bmieca\u0142y ziemi\u0119, jakby spad\u0142y martwe z nieba w locie:<\/p>\n\n\n\n<figure class=\"wp-block-image\"><img decoding=\"async\" src=\"https:\/\/i0.wp.com\/expose-news.com\/wp-content\/uploads\/2023\/06\/image-81.png?resize=639%2C359&amp;ssl=1\" alt=\"\" class=\"wp-image-281679\"\/><figcaption class=\"wp-element-caption\">Wyspa Texel, pocz\u0105tek czerwca 2022 r<\/figcaption><\/figure>\n\n\n\n<p>Ornitolodzy i organizacje zajmuj\u0105ce si\u0119 ochron\u0105 ptak\u00f3w odruchowo powiedzieli sobie i \u015bwiatu: \u201eTo musi by\u0107 ptasia grypa\u201d i ubierali si\u0119 w kombinezony ochronne i maski, w\u0119druj\u0105c po ptasich cmentarzyskach ze swoimi zbieraczami okaz\u00f3w i sprz\u0119tem do bada\u0144, ignoruj\u0105c oczywiste oznaki w przeciwie\u0144stwie.<\/p>\n\n\n\n<p>M\u00f3wili, \u017ce ptasia grypa jest tak zara\u017aliwa i \u015bmiertelna, \u017ce \u200b\u200bw ci\u0105gu kilku dni podr\u00f3\u017cuje po ca\u0142ym \u015bwiecie, rozprzestrzenia si\u0119 jak woda mi\u0119dzy gatunkami i zabija ca\u0142e kolonie w ci\u0105gu tygodni.&nbsp;Ignoruj\u0105c jednocze\u015bnie fakt, \u017ce dwie holenderskie kolonie rybitwy czubatej oddalone od siebie o zaledwie 20 mil w tym samym sezonie l\u0119gowym mia\u0142y zupe\u0142nie inne wyniki: Waterdunen, kt\u00f3rego 7000 l\u0119gowych ptak\u00f3w zosta\u0142o ca\u0142kowicie zniszczonych, oraz Yerseke Moer, kt\u00f3rego mniejsza kolonia nie mia\u0142a \u017cadnej \u015bmiertelno\u015bci.&nbsp;\u017be we Francji 3000 rybitw czubatych w Platier d&#8217;Oye zosta\u0142o ca\u0142kowicie zabitych, podczas gdy tysi\u0105ce par rybitw czubatych w Polder de S\u00e9bastopol w og\u00f3le nie chorowa\u0142o.&nbsp;Ta ptasia grypa by\u0142a chorob\u0105 jesienno-zimow\u0105 i nigdy wcze\u015bniej nie wyst\u0119powa\u0142a wiosn\u0105 ani latem.&nbsp;I \u017ce nigdy wcze\u015bniej nie dotkn\u0119\u0142o tak wielu r\u00f3\u017cnych gatunk\u00f3w ptak\u00f3w jednocze\u015bnie.<\/p>\n\n\n\n<p><strong>Ale to&nbsp;&nbsp;<u>nie<\/u>&nbsp;by\u0142a \u201eptasia grypa\u201d, to by\u0142a choroba popromienna z wie\u017c kom\u00f3rkowych<\/strong>&nbsp;, jak udokumentowano w&nbsp;&nbsp;<a rel=\"noreferrer noopener\" href=\"https:\/\/cellphonetaskforce.org\/birds-on-texel-island-2\/\" target=\"_blank\">moim biuletynie z dnia 28 lipca 2022 r<\/a>&nbsp;.<\/p>\n\n\n\n<p>Osiemna\u015bcie nowych anten 4G zosta\u0142o dodanych do trzech wie\u017c kom\u00f3rkowych znajduj\u0105cych si\u0119 w De Petten, na terytorium, na kt\u00f3rym ptaki si\u0119 rozmna\u017ca\u0142y, zaledwie kilka dni przed tym, jak zacz\u0119\u0142y umiera\u0107.&nbsp;A du\u017ca liczba innych anten i wie\u017c by\u0142a skierowana na rezerwat z drugiej strony ruchliwego szlaku \u017ceglugowego, kt\u00f3rego ruch w du\u017cym stopniu wykorzystywa\u0142 te anteny.&nbsp;Podczas gdy Yerseke Moer nie jest gospodarzem \u017cadnych wie\u017c kom\u00f3rkowych, ma znacznie mniej skierowanych na niego anten i znajduje si\u0119 w odosobnionym miejscu, nie w pobli\u017cu g\u0142\u00f3wnego portu ani na szlaku \u017ceglugowym.<\/p>\n\n\n\n<p>Podobnie we Francji dziesi\u0105tki nowych anten 4G i 5G w\u0142a\u015bnie dodano do wie\u017c w pobli\u017cu i na terenie rezerwatu Platier d&#8217;Oye, po\u0142o\u017conego w pobli\u017cu portu w Calais, podczas gdy Polder de S\u00e9bastopol znajduje si\u0119 na odizolowanej wyspie bez wie\u017c, niewielu mieszka\u0144c\u00f3w lub go\u015bci i z dala od ruchu statk\u00f3w.<\/p>\n\n\n\n<h3 class=\"wp-block-heading\"><strong>Rok p\u00f3\u017aniej<\/strong><\/h3>\n\n\n\n<p>W sierpniu 2022 r. badacze byli zdumieni, gdy odkryli, \u017ce 600 par rybitw czubatych \u2013 z kt\u00f3rych przynajmniej cz\u0119\u015b\u0107 pochodzi\u0142a z kolonii, kt\u00f3re zosta\u0142y zniszczone \u2013 zdecydowa\u0142o si\u0119 spr\u00f3bowa\u0107 ponownie tak p\u00f3\u017ano w sezonie.&nbsp;Z\u0142o\u017cyli jaja i pomy\u015blnie wychowali co najmniej 300 m\u0142odych ptak\u00f3w w lipcu i sierpniu w nowym miejscu na wyspie Texel, pla\u017cy przy grobli Prince Hendrik Sand Dike, kt\u00f3rej w\u0142a\u015bcicielem jest Hoogheemraadschap Hollands Noorderkwartier (HHNK).&nbsp;A tej wiosny w 2023 r. Grobla Prince Hendrik Sand Dike jest wype\u0142niona prawie 3000 par l\u0119gowych rybitwy czubatej, podczas gdy drugi rezerwat \u2013 wyspa De Bliek w Haringvliet \u2013 ma ponad 2000 par l\u0119gowych.&nbsp;Te dwie kolonie i pi\u0119\u0107 mniejszych kolonii stanowi\u0105 \u0142\u0105cznie oko\u0142o po\u0142owy liczby rybitw czubatych z poprzednich lat.<\/p>\n\n\n\n<p>Kwitn\u0105, ale wszystkie katastrofalne l\u0119gowiska zesz\u0142ej wiosny, z kt\u00f3rych wiele by\u0142o l\u0119gowiskami tego gatunku przez lata lub dziesi\u0119ciolecia, zosta\u0142y opuszczone.&nbsp;\u201eTo uderzaj\u0105ce: obszary z koloniami, kt\u00f3re zosta\u0142y mocno dotkni\u0119te ptasi\u0105 gryp\u0105 w zesz\u0142ym roku, pozosta\u0142y puste w tym roku, w tym Waterdunen (ZL), Wagejot i De Petten na Texel (NH), Griend i De Putten w pobli\u017cu Camperduin (NH) \u201d,&nbsp;&nbsp;<a href=\"https:\/\/www.vogelbescherming.nl\/actueel\/bericht\/aantallen-grote-sterns-in-2023-helft-minder-dan-vorig-jaren\" target=\"_blank\" rel=\"noreferrer noopener\">napisa\u0142 Ruud van Beusekom<\/a>&nbsp;&nbsp;z Vogelbescherming Nederland (BirdLife Holandia) 5 czerwca 2023 r.<\/p>\n\n\n\n<p>Teraz wszyscy zak\u0142adaj\u0105, \u017ce ptaki gnie\u017cd\u017c\u0105ce si\u0119 pomy\u015blnie w tym roku naby\u0142y odporno\u015b\u0107 na wirusa grypy H5N1.&nbsp;Ale obszary wybrane w tym roku przez rybitwy kanadyjskie to obszary o ni\u017cszym promieniowaniu.&nbsp;Piaskowa Grobla im. Ksi\u0119cia Hendrika, jedyne tegoroczne l\u0119gowisko tych ptak\u00f3w na wyspie Texel, jest najspokojniejsz\u0105 i najrzadziej odwiedzan\u0105 pla\u017c\u0105 na wyspie.&nbsp;Najbli\u017csze anteny znajduj\u0105 si\u0119 w odleg\u0142o\u015bci oko\u0142o 3 kilometr\u00f3w, a ze wzgl\u0119du na ma\u0142\u0105 liczb\u0119 odwiedzaj\u0105cych i statk\u00f3w s\u0105 ma\u0142o u\u017cywane i emituj\u0105 ma\u0142o promieniowania.&nbsp;Podobnie De Bliek w Haringvliet jest wysp\u0105 bez ludzi i bez anten na zamkni\u0119tym torze wodnym odwiedzanym przez kilka statk\u00f3w.<\/p>\n\n\n\n<p>Kolejn\u0105 anomali\u0105, kt\u00f3rej badacze nie wyja\u015bnili, jest fakt, \u017ce usuni\u0119cie wszystkich martwych ptak\u00f3w z kolonii w zesz\u0142ym roku zwi\u0119kszy\u0142o \u015bmiertelno\u015b\u0107: \u201eW zesz\u0142ym roku okaza\u0142o si\u0119, \u017ce zbieranie padliny w koloniach ma negatywny wp\u0142yw na dalsze rozprzestrzenianie si\u0119 ptasiej grypy\u201d, napisa\u0142a Odessa Langeveld&nbsp;&nbsp;<a href=\"https:\/\/www.regionoordkop.nl\/12\/05\/2023\/camerabewaking-op-kolonie-grote-sterns-texel\/\" target=\"_blank\" rel=\"noreferrer noopener\">w<\/a>&nbsp;&nbsp;maju 12 tego roku.&nbsp;Innymi s\u0142owy, pozostawianie zaka\u017conych wirusem zw\u0142ok na l\u0119gowiskach zmniejsza\u0142o rozprzestrzenianie si\u0119 choroby, podczas gdy usuwanie ich zwi\u0119ksza\u0142o rozprzestrzenianie si\u0119.&nbsp;Ale nikt nie bierze pod uwag\u0119, \u017ce zespo\u0142y pracownik\u00f3w codziennie usuwaj\u0105cych zw\u0142oki nosi\u0142y i u\u017cywa\u0142y telefon\u00f3w kom\u00f3rkowych, kt\u00f3re nie tylko same emitowa\u0142y promieniowanie, ale zmusza\u0142y wie\u017ce kom\u00f3rkowe na miejscu lub w jego pobli\u017cu do ci\u0105g\u0142ej aktywno\u015bci.<\/p>\n\n\n\n<p><strong>Warto powt\u00f3rzy\u0107, \u017ce grypa, czy to u ludzi, zwierz\u0105t czy ptak\u00f3w, nigdy nie zosta\u0142a wykazana jako choroba zaka\u017ana.&nbsp;<\/strong>&nbsp;W 1918 roku, u szczytu epidemii grypy hiszpanki, pr\u00f3by wykazania przez zespo\u0142y medyczne w Bostonie i San Francisco zara\u017aliwego charakteru grypy zako\u0144czy\u0142y si\u0119 ca\u0142kowit\u0105 i g\u0142o\u015bn\u0105 pora\u017ck\u0105.&nbsp;Takie eksperymenty na ludziach zosta\u0142y opublikowane w&nbsp;&nbsp;<em><a href=\"https:\/\/greatmountainpublishing.com\/wp-content\/uploads\/2020\/10\/Experiments-on-Flu-Spread-by-Rosenau.pdf\" target=\"_blank\" rel=\"noreferrer noopener\">Journal of the American Medical Association<\/a><\/em>&nbsp;,&nbsp;&nbsp;<em><a href=\"https:\/\/www.nejm.org\/doi\/full\/10.1056\/NEJM191912111812401\" target=\"_blank\" rel=\"noreferrer noopener\">Boston Medical and Surgical Journal<\/a>&nbsp;oraz<\/em>&nbsp;Public&nbsp;&nbsp;<em><a href=\"https:\/\/www.jstor.org\/stable\/4574984#metadata_info_tab_contents\" target=\"_blank\" rel=\"noreferrer noopener\">Health Reports<\/a><\/em>&nbsp;.&nbsp;Takie eksperymenty na koniach zosta\u0142y opublikowane w&nbsp;&nbsp;<a href=\"https:\/\/www.sciencedirect.com\/science\/article\/abs\/pii\/S0372554517560332\" target=\"_blank\" rel=\"noreferrer noopener\"><em>Veterinary Journal<\/em><\/a>&nbsp;.<\/p>\n\n\n\n<p>Rozdzia\u0142y 7, 8 i 9 mojej ksi\u0105\u017cki \u201e&nbsp;&nbsp;<em><a href=\"https:\/\/www.chelseagreen.com\/product\/the-invisible-rainbow\/\" target=\"_blank\" rel=\"noreferrer noopener\">Niewidzialna t\u0119cza: historia elektryczno\u015bci i \u017cycia<\/a><\/em>&nbsp;\u201d po\u015bwi\u0119cone s\u0105 kompletnemu, szczeg\u00f3\u0142owemu badaniu historii i nauki grypy.&nbsp;Rozdzia\u0142 16, najd\u0142u\u017cszy rozdzia\u0142 w ksi\u0105\u017cce, jest cz\u0119\u015bciowo po\u015bwi\u0119cony wp\u0142ywowi promieniowania elektromagnetycznego na ptaki.&nbsp;Sugeruj\u0119, aby wszystkie organizacje zajmuj\u0105ce si\u0119 ochron\u0105 ptak\u00f3w naby\u0142y moj\u0105 ksi\u0105\u017ck\u0119 i uwa\u017cnie j\u0105 przeczyta\u0142y.<\/p>\n\n\n\n<p>Otrzymuj\u0119 raporty od obserwator\u00f3w z ca\u0142ego \u015bwiata o ptakach znikaj\u0105cych z wybrze\u017cy morskich po zbudowaniu na nich wie\u017c kom\u00f3rkowych.&nbsp;Na przyk\u0142ad zaledwie wczoraj ten e-mail przyszed\u0142 od Manju Carrow, kt\u00f3ry pisa\u0142 o nowej wie\u017cy Verizon na cichym przyl\u0105dku na Florydzie:<\/p>\n\n\n\n<blockquote class=\"wp-block-quote is-layout-flow wp-block-quote-is-layout-flow\">\n<p>W zesz\u0142ym tygodniu pojecha\u0142em do Cape San Blas na Florydzie.&nbsp;<strong>Gdzie\u015b mi\u0119dzy kwietniem 2022 a przed 11 czerwca 2023 dodali wie\u017c\u0119 kom\u00f3rkow\u0105 do przyl\u0105dka.&nbsp;<\/strong>&nbsp;To prawda, \u017ce \u200b\u200bw pobli\u017cu s\u0105 2, ale nie bezpo\u015brednio na przyl\u0105dku.&nbsp;By\u0142em tam 5 razy od 2020 roku. Przyl\u0105dek ma tylko domy i kilka ma\u0142ych sklep\u00f3w, nie ma hoteli.&nbsp;Na wszystkich pla\u017cach, na kt\u00f3rych kiedykolwiek by\u0142em, jest du\u017co ptak\u00f3w na pla\u017cy.&nbsp;Po raz pierwszy na pla\u017cy nie widzia\u0142em ma\u0142ych brod\u017ac\u00f3w i innych ptak\u00f3w, kt\u00f3re zwykle biegaj\u0105 po pla\u017cy, gdy fale wychodz\u0105, by dzioba\u0107 robale.&nbsp;Wspomnia\u0142em o tym rezydentowi i w\u0142a\u015bciwie zdali sobie spraw\u0119 z tego samego, po prostu nie zauwa\u017cyli.&nbsp;Oczywi\u015bcie pierwszego dnia, kiedy zda\u0142em sobie spraw\u0119, \u017ce przez ca\u0142y dzie\u0144 widzia\u0142em tylko 2 ptaki, od razu pomy\u015bla\u0142em o nowej wie\u017cy.<\/p>\n<\/blockquote>\n\n\n\n<h3 class=\"wp-block-heading\"><strong>o autorze<\/strong><\/h3>\n\n\n\n<p>Arthur Firstenberg jest prezesem&nbsp;&nbsp;<a href=\"https:\/\/www.chelseagreen.com\/product\/the-invisible-rainbow\/\" target=\"_blank\" rel=\"noreferrer noopener\">Cellular Phone Task Force<\/a>&nbsp;, autorem ksi\u0105\u017cki \u201e&nbsp;<em><a href=\"https:\/\/www.chelseagreen.com\/product\/the-invisible-rainbow\/\" target=\"_blank\" rel=\"noreferrer noopener\">The Invisible Rainbow: A History of Electricity and Life<\/a><\/em>&nbsp;\u201d, administratorem&nbsp;&nbsp;<a href=\"https:\/\/www.5gspaceappeal.org\/\" target=\"_blank\" rel=\"noreferrer noopener\">Mi\u0119dzynarodowego Apelu o Stop 5G na Ziemi iw Kosmosie<\/a>&nbsp;oraz opiekunem&nbsp;<a href=\"https:\/\/www.echoearth.org\/pledge\">End Cellphones Here On Earth<\/a>&nbsp;.<\/p>\n\n\n\n<p><em>Wyr\u00f3\u017cniony obraz:\u00a0<a href=\"https:\/\/www.vogelbescherming.nl\/actueel\/bericht\/aantallen-grote-sterns-in-2023-helft-minder-dan-vorig-jaren\">Liczebno\u015b\u0107 rybitw w 2023 r. o po\u0142ow\u0119 mniejsza ni\u017c w poprzednich latach<\/a>\u00a0, Vogelbescherming Holandia<\/em><\/p>\n\n\n\n<p>\u0179r\u00f3d\u0142o  https:\/\/expose-news.com\/2023\/06\/25\/it-wasnt-bird-flu-that-killed-wild-birds\/<\/p>\n","protected":false},"excerpt":{"rendered":"<p>To nie ptasia grypa zabi\u0142a dzikie ptactwo w Europie zesz\u0142ej wiosny, to by\u0142a choroba popromienna Autor, \u00a0RHOD WILSON \u201eTo uderzaj\u0105ce: obszary z koloniami, kt\u00f3re zosta\u0142y mocno dotkni\u0119te ptasi\u0105 gryp\u0105 w zesz\u0142ym roku, pozosta\u0142y puste w tym roku, w tym Waterdunen&#8230; <\/p>\n","protected":false},"author":2,"featured_media":2648,"comment_status":"open","ping_status":"open","sticky":false,"template":"","format":"standard","meta":{"_acf_changed":false,"_bbp_topic_count":0,"_bbp_reply_count":0,"_bbp_total_topic_count":0,"_bbp_total_reply_count":0,"_bbp_voice_count":0,"_bbp_anonymous_reply_count":0,"_bbp_topic_count_hidden":0,"_bbp_reply_count_hidden":0,"_bbp_forum_subforum_count":0,"om_disable_all_campaigns":false,"_monsterinsights_skip_tracking":false,"footnotes":""},"categories":[93],"tags":[],"class_list":["post-2647","post","type-post","status-publish","format-standard","has-post-thumbnail","hentry","category-artykuly"],"acf":[],"aioseo_notices":[],"aioseo_head":"\n\t\t<!-- All in One SEO 5.0.1.1 - aioseo.com -->\n\t<meta name=\"description\" content=\"To nie ptasia grypa zabi\u0142a dzikie ptactwo w Europie zesz\u0142ej wiosny, to by\u0142a choroba popromienna Autor, RHOD WILSON \u201eTo uderzaj\u0105ce: obszary z koloniami, kt\u00f3re zosta\u0142y mocno dotkni\u0119te ptasi\u0105 gryp\u0105 w zesz\u0142ym roku, pozosta\u0142y puste w tym roku, w tym Waterdunen (ZL), Wagejot i De Petten na Texel (NH), Griend i De Putten w pobli\u017cu Camperduin\" \/>\n\t<meta name=\"robots\" content=\"max-image-preview:large\" \/>\n\t<meta name=\"author\" content=\"trinity\"\/>\n\t<link rel=\"canonical\" href=\"https:\/\/wia.net.pl\/index.php\/2023\/06\/25\/choroba-popromienna-powodem-smierci-dzikiego-ptactwa\/\" \/>\n\t<meta name=\"generator\" content=\"All in One SEO (AIOSEO) 5.0.1.1\" \/>\n\t\t<meta property=\"og:locale\" content=\"pl_PL\" \/>\n\t\t<meta property=\"og:site_name\" content=\"Wolno\u015b\u0107 i Anarchia - Ka\u017cdy wewn\u0119trznie jest anarchist\u0105.\" \/>\n\t\t<meta property=\"og:type\" content=\"article\" \/>\n\t\t<meta property=\"og:title\" content=\"Choroba popromienna powodem \u015bmierci dzikiego ptactwa - Wolno\u015b\u0107 i Anarchia\" \/>\n\t\t<meta property=\"og:description\" content=\"To nie ptasia grypa zabi\u0142a dzikie ptactwo w Europie zesz\u0142ej wiosny, to by\u0142a choroba popromienna Autor, RHOD WILSON \u201eTo uderzaj\u0105ce: obszary z koloniami, kt\u00f3re zosta\u0142y mocno dotkni\u0119te ptasi\u0105 gryp\u0105 w zesz\u0142ym roku, pozosta\u0142y puste w tym roku, w tym Waterdunen (ZL), Wagejot i De Petten na Texel (NH), Griend i De Putten w pobli\u017cu Camperduin\" \/>\n\t\t<meta property=\"og:url\" content=\"https:\/\/wia.net.pl\/index.php\/2023\/06\/25\/choroba-popromienna-powodem-smierci-dzikiego-ptactwa\/\" \/>\n\t\t<meta property=\"og:image\" content=\"https:\/\/wia.net.pl\/wp-content\/uploads\/2023\/11\/cropped-freedom-i73367.jpg\" \/>\n\t\t<meta property=\"og:image:secure_url\" content=\"https:\/\/wia.net.pl\/wp-content\/uploads\/2023\/11\/cropped-freedom-i73367.jpg\" \/>\n\t\t<meta property=\"article:published_time\" content=\"2023-06-25T14:18:43+00:00\" \/>\n\t\t<meta property=\"article:modified_time\" content=\"2023-06-25T14:18:43+00:00\" \/>\n\t\t<meta name=\"twitter:card\" content=\"summary_large_image\" \/>\n\t\t<meta name=\"twitter:title\" content=\"Choroba popromienna powodem \u015bmierci dzikiego ptactwa - Wolno\u015b\u0107 i Anarchia\" \/>\n\t\t<meta name=\"twitter:description\" content=\"To nie ptasia grypa zabi\u0142a dzikie ptactwo w Europie zesz\u0142ej wiosny, to by\u0142a choroba popromienna Autor, RHOD WILSON \u201eTo uderzaj\u0105ce: obszary z koloniami, kt\u00f3re zosta\u0142y mocno dotkni\u0119te ptasi\u0105 gryp\u0105 w zesz\u0142ym roku, pozosta\u0142y puste w tym roku, w tym Waterdunen (ZL), Wagejot i De Petten na Texel (NH), Griend i De Putten w pobli\u017cu Camperduin\" \/>\n\t\t<meta name=\"twitter:image\" content=\"https:\/\/wia.net.pl\/wp-content\/uploads\/2023\/11\/cropped-freedom-i73367.jpg\" \/>\n\t\t<script type=\"application\/ld+json\" class=\"aioseo-schema\">\n\t\t\t{\"@context\":\"https:\\\/\\\/schema.org\",\"@graph\":[{\"@type\":\"BlogPosting\",\"@id\":\"https:\\\/\\\/wia.net.pl\\\/index.php\\\/2023\\\/06\\\/25\\\/choroba-popromienna-powodem-smierci-dzikiego-ptactwa\\\/#blogposting\",\"name\":\"Choroba popromienna powodem \\u015bmierci dzikiego ptactwa - Wolno\\u015b\\u0107 i Anarchia\",\"headline\":\"Choroba popromienna powodem \\u015bmierci dzikiego ptactwa\",\"author\":{\"@id\":\"https:\\\/\\\/wia.net.pl\\\/index.php\\\/author\\\/trinity\\\/#author\"},\"publisher\":{\"@id\":\"https:\\\/\\\/wia.net.pl\\\/#person\"},\"image\":{\"@type\":\"ImageObject\",\"url\":\"https:\\\/\\\/wia.net.pl\\\/wp-content\\\/uploads\\\/2023\\\/06\\\/po.jpg\",\"width\":1920,\"height\":1080},\"datePublished\":\"2023-06-25T16:18:43+02:00\",\"dateModified\":\"2023-06-25T16:18:43+02:00\",\"inLanguage\":\"pl-PL\",\"mainEntityOfPage\":{\"@id\":\"https:\\\/\\\/wia.net.pl\\\/index.php\\\/2023\\\/06\\\/25\\\/choroba-popromienna-powodem-smierci-dzikiego-ptactwa\\\/#webpage\"},\"isPartOf\":{\"@id\":\"https:\\\/\\\/wia.net.pl\\\/index.php\\\/2023\\\/06\\\/25\\\/choroba-popromienna-powodem-smierci-dzikiego-ptactwa\\\/#webpage\"},\"articleSection\":\"Artyku\\u0142y\"},{\"@type\":\"BreadcrumbList\",\"@id\":\"https:\\\/\\\/wia.net.pl\\\/index.php\\\/2023\\\/06\\\/25\\\/choroba-popromienna-powodem-smierci-dzikiego-ptactwa\\\/#breadcrumblist\",\"itemListElement\":[{\"@type\":\"ListItem\",\"@id\":\"https:\\\/\\\/wia.net.pl#listItem\",\"position\":1,\"name\":\"Home\",\"item\":\"https:\\\/\\\/wia.net.pl\",\"nextItem\":{\"@type\":\"ListItem\",\"@id\":\"https:\\\/\\\/wia.net.pl\\\/index.php\\\/category\\\/artykuly\\\/#listItem\",\"name\":\"Artyku\\u0142y\"}},{\"@type\":\"ListItem\",\"@id\":\"https:\\\/\\\/wia.net.pl\\\/index.php\\\/category\\\/artykuly\\\/#listItem\",\"position\":2,\"name\":\"Artyku\\u0142y\",\"item\":\"https:\\\/\\\/wia.net.pl\\\/index.php\\\/category\\\/artykuly\\\/\",\"nextItem\":{\"@type\":\"ListItem\",\"@id\":\"https:\\\/\\\/wia.net.pl\\\/index.php\\\/2023\\\/06\\\/25\\\/choroba-popromienna-powodem-smierci-dzikiego-ptactwa\\\/#listItem\",\"name\":\"Choroba popromienna powodem \\u015bmierci dzikiego ptactwa\"},\"previousItem\":{\"@type\":\"ListItem\",\"@id\":\"https:\\\/\\\/wia.net.pl#listItem\",\"name\":\"Home\"}},{\"@type\":\"ListItem\",\"@id\":\"https:\\\/\\\/wia.net.pl\\\/index.php\\\/2023\\\/06\\\/25\\\/choroba-popromienna-powodem-smierci-dzikiego-ptactwa\\\/#listItem\",\"position\":3,\"name\":\"Choroba popromienna powodem \\u015bmierci dzikiego ptactwa\",\"previousItem\":{\"@type\":\"ListItem\",\"@id\":\"https:\\\/\\\/wia.net.pl\\\/index.php\\\/category\\\/artykuly\\\/#listItem\",\"name\":\"Artyku\\u0142y\"}}]},{\"@type\":\"Person\",\"@id\":\"https:\\\/\\\/wia.net.pl\\\/#person\",\"name\":\"Bart\\u0142omiej Talarczyk\",\"image\":{\"@type\":\"ImageObject\",\"@id\":\"https:\\\/\\\/wia.net.pl\\\/index.php\\\/2023\\\/06\\\/25\\\/choroba-popromienna-powodem-smierci-dzikiego-ptactwa\\\/#personImage\",\"url\":\"https:\\\/\\\/wia.net.pl\\\/wp-content\\\/uploads\\\/avatar-privacy\\\/cache\\\/user\\\/1\\\/7\\\/176a6b161c58363ff49b5c167264231f519f5c7fa183ca1f61e891769b6b56d5-96.jpg\",\"width\":96,\"height\":96,\"caption\":\"Bart\\u0142omiej Talarczyk\"}},{\"@type\":\"Person\",\"@id\":\"https:\\\/\\\/wia.net.pl\\\/index.php\\\/author\\\/trinity\\\/#author\",\"url\":\"https:\\\/\\\/wia.net.pl\\\/index.php\\\/author\\\/trinity\\\/\",\"name\":\"trinity\",\"image\":{\"@type\":\"ImageObject\",\"@id\":\"https:\\\/\\\/wia.net.pl\\\/index.php\\\/2023\\\/06\\\/25\\\/choroba-popromienna-powodem-smierci-dzikiego-ptactwa\\\/#authorImage\",\"url\":\"https:\\\/\\\/wia.net.pl\\\/wp-content\\\/uploads\\\/avatar-privacy\\\/cache\\\/user\\\/5\\\/f\\\/5f6547cf82495eaa10e100a6a45d5dbde2dfdc1be88557de2018fca705bdf6f1-96.jpg\",\"width\":96,\"height\":96,\"caption\":\"trinity\"}},{\"@type\":\"WebPage\",\"@id\":\"https:\\\/\\\/wia.net.pl\\\/index.php\\\/2023\\\/06\\\/25\\\/choroba-popromienna-powodem-smierci-dzikiego-ptactwa\\\/#webpage\",\"url\":\"https:\\\/\\\/wia.net.pl\\\/index.php\\\/2023\\\/06\\\/25\\\/choroba-popromienna-powodem-smierci-dzikiego-ptactwa\\\/\",\"name\":\"Choroba popromienna powodem \\u015bmierci dzikiego ptactwa - Wolno\\u015b\\u0107 i Anarchia\",\"description\":\"To nie ptasia grypa zabi\\u0142a dzikie ptactwo w Europie zesz\\u0142ej wiosny, to by\\u0142a choroba popromienna Autor, RHOD WILSON \\u201eTo uderzaj\\u0105ce: obszary z koloniami, kt\\u00f3re zosta\\u0142y mocno dotkni\\u0119te ptasi\\u0105 gryp\\u0105 w zesz\\u0142ym roku, pozosta\\u0142y puste w tym roku, w tym Waterdunen (ZL), Wagejot i De Petten na Texel (NH), Griend i De Putten w pobli\\u017cu Camperduin\",\"inLanguage\":\"pl-PL\",\"isPartOf\":{\"@id\":\"https:\\\/\\\/wia.net.pl\\\/#website\"},\"breadcrumb\":{\"@id\":\"https:\\\/\\\/wia.net.pl\\\/index.php\\\/2023\\\/06\\\/25\\\/choroba-popromienna-powodem-smierci-dzikiego-ptactwa\\\/#breadcrumblist\"},\"author\":{\"@id\":\"https:\\\/\\\/wia.net.pl\\\/index.php\\\/author\\\/trinity\\\/#author\"},\"creator\":{\"@id\":\"https:\\\/\\\/wia.net.pl\\\/index.php\\\/author\\\/trinity\\\/#author\"},\"image\":{\"@type\":\"ImageObject\",\"url\":\"https:\\\/\\\/wia.net.pl\\\/wp-content\\\/uploads\\\/2023\\\/06\\\/po.jpg\",\"@id\":\"https:\\\/\\\/wia.net.pl\\\/index.php\\\/2023\\\/06\\\/25\\\/choroba-popromienna-powodem-smierci-dzikiego-ptactwa\\\/#mainImage\",\"width\":1920,\"height\":1080},\"primaryImageOfPage\":{\"@id\":\"https:\\\/\\\/wia.net.pl\\\/index.php\\\/2023\\\/06\\\/25\\\/choroba-popromienna-powodem-smierci-dzikiego-ptactwa\\\/#mainImage\"},\"datePublished\":\"2023-06-25T16:18:43+02:00\",\"dateModified\":\"2023-06-25T16:18:43+02:00\"},{\"@type\":\"WebSite\",\"@id\":\"https:\\\/\\\/wia.net.pl\\\/#website\",\"url\":\"https:\\\/\\\/wia.net.pl\\\/\",\"name\":\"Wolno\\u015b\\u0107 i Anarchia\",\"description\":\"Ka\\u017cdy wewn\\u0119trznie jest anarchist\\u0105.\",\"inLanguage\":\"pl-PL\",\"publisher\":{\"@id\":\"https:\\\/\\\/wia.net.pl\\\/#person\"}}]}\n\t\t<\/script>\n\t\t<!-- All in One SEO -->\n\n","aioseo_head_json":{"title":"Choroba popromienna powodem \u015bmierci dzikiego ptactwa - Wolno\u015b\u0107 i Anarchia","description":"To nie ptasia grypa zabi\u0142a dzikie ptactwo w Europie zesz\u0142ej wiosny, to by\u0142a choroba popromienna Autor, RHOD WILSON \u201eTo uderzaj\u0105ce: obszary z koloniami, kt\u00f3re zosta\u0142y mocno dotkni\u0119te ptasi\u0105 gryp\u0105 w zesz\u0142ym roku, pozosta\u0142y puste w tym roku, w tym Waterdunen (ZL), Wagejot i De Petten na Texel (NH), Griend i De Putten w pobli\u017cu Camperduin","canonical_url":"https:\/\/wia.net.pl\/index.php\/2023\/06\/25\/choroba-popromienna-powodem-smierci-dzikiego-ptactwa\/","robots":"max-image-preview:large","keywords":"","webmasterTools":{"miscellaneous":""},"schema":{"@context":"https:\/\/schema.org","@graph":[{"@type":"BlogPosting","@id":"https:\/\/wia.net.pl\/index.php\/2023\/06\/25\/choroba-popromienna-powodem-smierci-dzikiego-ptactwa\/#blogposting","name":"Choroba popromienna powodem \u015bmierci dzikiego ptactwa - Wolno\u015b\u0107 i Anarchia","headline":"Choroba popromienna powodem \u015bmierci dzikiego ptactwa","author":{"@id":"https:\/\/wia.net.pl\/index.php\/author\/trinity\/#author"},"publisher":{"@id":"https:\/\/wia.net.pl\/#person"},"image":{"@type":"ImageObject","url":"https:\/\/wia.net.pl\/wp-content\/uploads\/2023\/06\/po.jpg","width":1920,"height":1080},"datePublished":"2023-06-25T16:18:43+02:00","dateModified":"2023-06-25T16:18:43+02:00","inLanguage":"pl-PL","mainEntityOfPage":{"@id":"https:\/\/wia.net.pl\/index.php\/2023\/06\/25\/choroba-popromienna-powodem-smierci-dzikiego-ptactwa\/#webpage"},"isPartOf":{"@id":"https:\/\/wia.net.pl\/index.php\/2023\/06\/25\/choroba-popromienna-powodem-smierci-dzikiego-ptactwa\/#webpage"},"articleSection":"Artyku\u0142y"},{"@type":"BreadcrumbList","@id":"https:\/\/wia.net.pl\/index.php\/2023\/06\/25\/choroba-popromienna-powodem-smierci-dzikiego-ptactwa\/#breadcrumblist","itemListElement":[{"@type":"ListItem","@id":"https:\/\/wia.net.pl#listItem","position":1,"name":"Home","item":"https:\/\/wia.net.pl","nextItem":{"@type":"ListItem","@id":"https:\/\/wia.net.pl\/index.php\/category\/artykuly\/#listItem","name":"Artyku\u0142y"}},{"@type":"ListItem","@id":"https:\/\/wia.net.pl\/index.php\/category\/artykuly\/#listItem","position":2,"name":"Artyku\u0142y","item":"https:\/\/wia.net.pl\/index.php\/category\/artykuly\/","nextItem":{"@type":"ListItem","@id":"https:\/\/wia.net.pl\/index.php\/2023\/06\/25\/choroba-popromienna-powodem-smierci-dzikiego-ptactwa\/#listItem","name":"Choroba popromienna powodem \u015bmierci dzikiego ptactwa"},"previousItem":{"@type":"ListItem","@id":"https:\/\/wia.net.pl#listItem","name":"Home"}},{"@type":"ListItem","@id":"https:\/\/wia.net.pl\/index.php\/2023\/06\/25\/choroba-popromienna-powodem-smierci-dzikiego-ptactwa\/#listItem","position":3,"name":"Choroba popromienna powodem \u015bmierci dzikiego ptactwa","previousItem":{"@type":"ListItem","@id":"https:\/\/wia.net.pl\/index.php\/category\/artykuly\/#listItem","name":"Artyku\u0142y"}}]},{"@type":"Person","@id":"https:\/\/wia.net.pl\/#person","name":"Bart\u0142omiej Talarczyk","image":{"@type":"ImageObject","@id":"https:\/\/wia.net.pl\/index.php\/2023\/06\/25\/choroba-popromienna-powodem-smierci-dzikiego-ptactwa\/#personImage","url":"https:\/\/wia.net.pl\/wp-content\/uploads\/avatar-privacy\/cache\/user\/1\/7\/176a6b161c58363ff49b5c167264231f519f5c7fa183ca1f61e891769b6b56d5-96.jpg","width":96,"height":96,"caption":"Bart\u0142omiej Talarczyk"}},{"@type":"Person","@id":"https:\/\/wia.net.pl\/index.php\/author\/trinity\/#author","url":"https:\/\/wia.net.pl\/index.php\/author\/trinity\/","name":"trinity","image":{"@type":"ImageObject","@id":"https:\/\/wia.net.pl\/index.php\/2023\/06\/25\/choroba-popromienna-powodem-smierci-dzikiego-ptactwa\/#authorImage","url":"https:\/\/wia.net.pl\/wp-content\/uploads\/avatar-privacy\/cache\/user\/5\/f\/5f6547cf82495eaa10e100a6a45d5dbde2dfdc1be88557de2018fca705bdf6f1-96.jpg","width":96,"height":96,"caption":"trinity"}},{"@type":"WebPage","@id":"https:\/\/wia.net.pl\/index.php\/2023\/06\/25\/choroba-popromienna-powodem-smierci-dzikiego-ptactwa\/#webpage","url":"https:\/\/wia.net.pl\/index.php\/2023\/06\/25\/choroba-popromienna-powodem-smierci-dzikiego-ptactwa\/","name":"Choroba popromienna powodem \u015bmierci dzikiego ptactwa - Wolno\u015b\u0107 i Anarchia","description":"To nie ptasia grypa zabi\u0142a dzikie ptactwo w Europie zesz\u0142ej wiosny, to by\u0142a choroba popromienna Autor, RHOD WILSON \u201eTo uderzaj\u0105ce: obszary z koloniami, kt\u00f3re zosta\u0142y mocno dotkni\u0119te ptasi\u0105 gryp\u0105 w zesz\u0142ym roku, pozosta\u0142y puste w tym roku, w tym Waterdunen (ZL), Wagejot i De Petten na Texel (NH), Griend i De Putten w pobli\u017cu Camperduin","inLanguage":"pl-PL","isPartOf":{"@id":"https:\/\/wia.net.pl\/#website"},"breadcrumb":{"@id":"https:\/\/wia.net.pl\/index.php\/2023\/06\/25\/choroba-popromienna-powodem-smierci-dzikiego-ptactwa\/#breadcrumblist"},"author":{"@id":"https:\/\/wia.net.pl\/index.php\/author\/trinity\/#author"},"creator":{"@id":"https:\/\/wia.net.pl\/index.php\/author\/trinity\/#author"},"image":{"@type":"ImageObject","url":"https:\/\/wia.net.pl\/wp-content\/uploads\/2023\/06\/po.jpg","@id":"https:\/\/wia.net.pl\/index.php\/2023\/06\/25\/choroba-popromienna-powodem-smierci-dzikiego-ptactwa\/#mainImage","width":1920,"height":1080},"primaryImageOfPage":{"@id":"https:\/\/wia.net.pl\/index.php\/2023\/06\/25\/choroba-popromienna-powodem-smierci-dzikiego-ptactwa\/#mainImage"},"datePublished":"2023-06-25T16:18:43+02:00","dateModified":"2023-06-25T16:18:43+02:00"},{"@type":"WebSite","@id":"https:\/\/wia.net.pl\/#website","url":"https:\/\/wia.net.pl\/","name":"Wolno\u015b\u0107 i Anarchia","description":"Ka\u017cdy wewn\u0119trznie jest anarchist\u0105.","inLanguage":"pl-PL","publisher":{"@id":"https:\/\/wia.net.pl\/#person"}}]},"og:locale":"pl_PL","og:site_name":"Wolno\u015b\u0107 i Anarchia - Ka\u017cdy wewn\u0119trznie jest anarchist\u0105.","og:type":"article","og:title":"Choroba popromienna powodem \u015bmierci dzikiego ptactwa - Wolno\u015b\u0107 i Anarchia","og:description":"To nie ptasia grypa zabi\u0142a dzikie ptactwo w Europie zesz\u0142ej wiosny, to by\u0142a choroba popromienna Autor, RHOD WILSON \u201eTo uderzaj\u0105ce: obszary z koloniami, kt\u00f3re zosta\u0142y mocno dotkni\u0119te ptasi\u0105 gryp\u0105 w zesz\u0142ym roku, pozosta\u0142y puste w tym roku, w tym Waterdunen (ZL), Wagejot i De Petten na Texel (NH), Griend i De Putten w pobli\u017cu Camperduin","og:url":"https:\/\/wia.net.pl\/index.php\/2023\/06\/25\/choroba-popromienna-powodem-smierci-dzikiego-ptactwa\/","og:image":"https:\/\/wia.net.pl\/wp-content\/uploads\/2023\/11\/cropped-freedom-i73367.jpg","og:image:secure_url":"https:\/\/wia.net.pl\/wp-content\/uploads\/2023\/11\/cropped-freedom-i73367.jpg","article:published_time":"2023-06-25T14:18:43+00:00","article:modified_time":"2023-06-25T14:18:43+00:00","twitter:card":"summary_large_image","twitter:title":"Choroba popromienna powodem \u015bmierci dzikiego ptactwa - Wolno\u015b\u0107 i Anarchia","twitter:description":"To nie ptasia grypa zabi\u0142a dzikie ptactwo w Europie zesz\u0142ej wiosny, to by\u0142a choroba popromienna Autor, RHOD WILSON \u201eTo uderzaj\u0105ce: obszary z koloniami, kt\u00f3re zosta\u0142y mocno dotkni\u0119te ptasi\u0105 gryp\u0105 w zesz\u0142ym roku, pozosta\u0142y puste w tym roku, w tym Waterdunen (ZL), Wagejot i De Petten na Texel (NH), Griend i De Putten w pobli\u017cu Camperduin","twitter:image":"https:\/\/wia.net.pl\/wp-content\/uploads\/2023\/11\/cropped-freedom-i73367.jpg"},"aioseo_meta_data":{"post_id":"2647","title":null,"description":null,"keywords":[],"keyphrases":{"focus":{"keyphrase":"","score":0,"analysis":{"keyphraseInTitle":{"score":0,"maxScore":9,"error":1}}},"additional":[]},"primary_term":null,"canonical_url":null,"og_title":null,"og_description":null,"og_object_type":"default","og_image_type":"default","og_image_url":null,"og_image_width":null,"og_image_height":null,"og_image_custom_url":null,"og_image_custom_fields":null,"og_video":"","og_custom_url":null,"og_article_section":null,"og_article_tags":[],"twitter_use_og":false,"twitter_card":"default","twitter_image_type":"default","twitter_image_url":null,"twitter_image_custom_url":null,"twitter_image_custom_fields":null,"twitter_title":null,"twitter_description":null,"schema":{"blockGraphs":[],"customGraphs":[],"default":{"data":{"Article":[],"Course":[],"Dataset":[],"FAQPage":[],"Movie":[],"Person":[],"Product":[],"ProductReview":[],"Car":[],"Recipe":[],"Service":[],"SoftwareApplication":[],"WebPage":[]},"graphName":"BlogPosting","isEnabled":true},"graphs":[]},"schema_type":"default","schema_type_options":null,"pillar_content":false,"robots_default":true,"robots_noindex":false,"robots_noarchive":false,"robots_nosnippet":false,"robots_nofollow":false,"robots_noimageindex":false,"robots_noodp":false,"robots_notranslate":false,"robots_max_snippet":"-1","robots_max_videopreview":"-1","robots_max_imagepreview":"large","priority":null,"frequency":"default","local_seo":null,"breadcrumb_settings":null,"limit_modified_date":false,"ai":null,"created":"2023-06-25 14:17:40","updated":"2025-06-04 08:20:43","seo_analyzer_scan_date":null,"focus_keyword":null,"additional_keywords":null,"truseo_locale":null},"aioseo_breadcrumb":"<div class=\"aioseo-breadcrumbs\"><span class=\"aioseo-breadcrumb\">\n\t\t\t<a href=\"https:\/\/wia.net.pl\" title=\"Home\">Home<\/a>\n\t\t<\/span><span class=\"aioseo-breadcrumb-separator\">&raquo;<\/span><span class=\"aioseo-breadcrumb\">\n\t\t\t<a href=\"https:\/\/wia.net.pl\/index.php\/category\/artykuly\/\" title=\"Artyku\u0142y\">Artyku\u0142y<\/a>\n\t\t<\/span><span class=\"aioseo-breadcrumb-separator\">&raquo;<\/span><span class=\"aioseo-breadcrumb\">\n\t\t\tChoroba popromienna powodem \u015bmierci dzikiego ptactwa\n\t\t<\/span><\/div>","aioseo_breadcrumb_json":[{"label":"Home","link":"https:\/\/wia.net.pl"},{"label":"Artyku\u0142y","link":"https:\/\/wia.net.pl\/index.php\/category\/artykuly\/"},{"label":"Choroba popromienna powodem \u015bmierci dzikiego ptactwa","link":"https:\/\/wia.net.pl\/index.php\/2023\/06\/25\/choroba-popromienna-powodem-smierci-dzikiego-ptactwa\/"}],"_links":{"self":[{"href":"https:\/\/wia.net.pl\/index.php\/wp-json\/wp\/v2\/posts\/2647"}],"collection":[{"href":"https:\/\/wia.net.pl\/index.php\/wp-json\/wp\/v2\/posts"}],"about":[{"href":"https:\/\/wia.net.pl\/index.php\/wp-json\/wp\/v2\/types\/post"}],"author":[{"embeddable":true,"href":"https:\/\/wia.net.pl\/index.php\/wp-json\/wp\/v2\/users\/2"}],"replies":[{"embeddable":true,"href":"https:\/\/wia.net.pl\/index.php\/wp-json\/wp\/v2\/comments?post=2647"}],"version-history":[{"count":1,"href":"https:\/\/wia.net.pl\/index.php\/wp-json\/wp\/v2\/posts\/2647\/revisions"}],"predecessor-version":[{"id":2649,"href":"https:\/\/wia.net.pl\/index.php\/wp-json\/wp\/v2\/posts\/2647\/revisions\/2649"}],"wp:featuredmedia":[{"embeddable":true,"href":"https:\/\/wia.net.pl\/index.php\/wp-json\/wp\/v2\/media\/2648"}],"wp:attachment":[{"href":"https:\/\/wia.net.pl\/index.php\/wp-json\/wp\/v2\/media?parent=2647"}],"wp:term":[{"taxonomy":"category","embeddable":true,"href":"https:\/\/wia.net.pl\/index.php\/wp-json\/wp\/v2\/categories?post=2647"},{"taxonomy":"post_tag","embeddable":true,"href":"https:\/\/wia.net.pl\/index.php\/wp-json\/wp\/v2\/tags?post=2647"}],"curies":[{"name":"wp","href":"https:\/\/api.w.org\/{rel}","templated":true}]}}