{"id":2654,"date":"2023-06-26T11:08:41","date_gmt":"2023-06-26T09:08:41","guid":{"rendered":"https:\/\/wia.net.pl\/?p=2654"},"modified":"2023-06-26T11:08:42","modified_gmt":"2023-06-26T09:08:42","slug":"wef-wiekszosc-populacji-juz-nie-jest-potrzebna","status":"publish","type":"post","link":"https:\/\/wia.net.pl\/index.php\/2023\/06\/26\/wef-wiekszosc-populacji-juz-nie-jest-potrzebna\/","title":{"rendered":"WEF &#8211; Wi\u0119kszo\u015b\u0107 populacji ju\u017c nie jest potrzebna"},"content":{"rendered":"\n<p><strong>Doradca \u015awiatowego Forum Ekonomicznego twierdzi, \u017ce planeta nie potrzebuje ju\u017c \u201ezdecydowanej wi\u0119kszo\u015bci\u201d populacji<\/strong><\/p>\n\n\n\n<p>Jako potencjalne lekarstwo dla ekonomicznie \u201eprzestarza\u0142ych\u201d ludzi, Yuval Noah Harari zaproponowa\u0142 rz\u0105dow\u0105 redystrybucj\u0119 bogactwa, nie tylko na szczeblu krajowym, ale i globalnym.<\/p>\n\n\n\n<p>Autor,\u00a0<a href=\"https:\/\/www.globalresearch.ca\/author\/emily-mangiaracina\">Emily Mangiaracina<\/a><\/p>\n\n\n\n<p><\/p>\n\n\n\n<figure class=\"wp-block-image size-large\"><img loading=\"lazy\" decoding=\"async\" width=\"1024\" height=\"576\" src=\"https:\/\/wia.net.pl\/wp-content\/uploads\/2023\/06\/z1-1-1024x576.jpg\" alt=\"\" class=\"wp-image-2655\" srcset=\"https:\/\/wia.net.pl\/wp-content\/uploads\/2023\/06\/z1-1-1024x576.jpg 1024w, https:\/\/wia.net.pl\/wp-content\/uploads\/2023\/06\/z1-1-300x169.jpg 300w, https:\/\/wia.net.pl\/wp-content\/uploads\/2023\/06\/z1-1-768x432.jpg 768w, https:\/\/wia.net.pl\/wp-content\/uploads\/2023\/06\/z1-1-1536x864.jpg 1536w, https:\/\/wia.net.pl\/wp-content\/uploads\/2023\/06\/z1-1-480x270.jpg 480w, https:\/\/wia.net.pl\/wp-content\/uploads\/2023\/06\/z1-1.jpg 1920w\" sizes=\"(max-width: 1024px) 100vw, 1024px\" \/><\/figure>\n\n\n\n<p><\/p>\n\n\n\n<p><em>Najwy\u017cszy doradca \u015awiatowego Forum Ekonomicznego (WEF),\u00a0<strong>Yuval Noah Harari,<\/strong>\u00a0niedawno o\u015bwiadczy\u0142, \u017ce \u015bwiat nie \u201epotrzebuje ogromnej wi\u0119kszo\u015bci\u201d obecnej \u015bwiatowej populacji ze wzgl\u0119du na post\u0119p technologiczny.<\/em><\/p>\n\n\n\n<p>Harari z\u0142o\u017cy\u0142 odwa\u017cn\u0105 deklaracj\u0119 w&nbsp;<a href=\"https:\/\/www.youtube.com\/watch?v=w7DohVZS5Yo\" target=\"_blank\" rel=\"noreferrer noopener\">wywiadzie<\/a>&nbsp;dla&nbsp;<strong>Chrisa Andersona<\/strong>&nbsp;, szefa popularnej grupy medialnej TED, powtarzaj\u0105c wcze\u015bniejsze&nbsp;<a href=\"https:\/\/ideas.ted.com\/the-rise-of-the-useless-class\/\" target=\"_blank\" rel=\"noreferrer noopener\">przewidywania<\/a>&nbsp;dotycz\u0105ce&nbsp;<strong>\u201ebezu\u017cytecznej klasy\u201d \u201ebezrobotnych\u201d ludzi.<\/strong><\/p>\n\n\n\n<p>Harai zasugerowa\u0142, \u017ce w odej\u015bciu od XX wieku, kiedy \u201ewielkimi bohaterami\u201d dominuj\u0105cych narracji system\u00f3w politycznych byli zawsze \u201ezwykli ludzie\u201d, teraz w XXI wieku ludzie \u201enie s\u0105 ju\u017c cz\u0119\u015bci\u0105 historii przysz\u0142o\u015bci\u201d. \u201d.&nbsp;Zamiast tego, wed\u0142ug Harariego, zosta\u0142y one zast\u0105pione przez sztuczn\u0105 inteligencj\u0119 (AI) i wyparte przez zaawansowan\u0105 technologicznie gospodark\u0119.<\/p>\n\n\n\n<p>Autor i wyk\u0142adowca przedstawi\u0142 Andersonowi \u201ehipotez\u0119\u201d, \u017ce l\u0119k przed wyparciem w przysz\u0142ej gospodarce przez sztuczn\u0105 inteligencj\u0119 i wysoko wykszta\u0142con\u0105 klas\u0119 \u201etechnologiczn\u0105\u201d jest cz\u0119\u015bciowo \u017ar\u00f3d\u0142em \u015bwiatowego \u201erozczarowania i sprzeciwu wobec liberalnego porz\u0105dku\u201d.<\/p>\n\n\n\n<p>\u201eCz\u0119\u015bci\u0105 tego, co mo\u017ce si\u0119 dzia\u0107, jest to, \u017ce ludzie zdaj\u0105 sobie spraw\u0119 \u2013 i maj\u0105 racj\u0119 my\u015bl\u0105c, \u017ce\u201e Przysz\u0142o\u015b\u0107 mnie nie potrzebuje.&nbsp;\u2026 Mo\u017ce, je\u015bli b\u0119d\u0105 mili, rzuc\u0105 mi jakie\u015b okruchy, jak powszechny doch\u00f3d podstawowy\u201d.&nbsp;Ale z psychologicznego punktu widzenia znacznie gorzej jest czu\u0107 si\u0119 bezu\u017cytecznym, ni\u017c czu\u0107 si\u0119 wykorzystywanym\u201d \u2013 powiedzia\u0142 Harari.<\/p>\n\n\n\n<p>\u201eTeraz przejd\u017amy szybko do pocz\u0105tku XXI wieku, kiedy po prostu nie potrzebujemy ogromnej wi\u0119kszo\u015bci populacji\u201d, kontynuowa\u0142 Harari, \u201eponiewa\u017c przysz\u0142o\u015b\u0107 polega na opracowywaniu coraz bardziej wyrafinowanych technologii, takich jak sztuczna inteligencja  bioin\u017cynieria\u201d.<\/p>\n\n\n\n<p>Harari doda\u0142, \u017ce \u201etechnologie te w coraz wi\u0119kszym stopniu sprawi\u0105, \u017ce zb\u0119dne\u201d b\u0119dzie \u201ewszystko, co ludzie wci\u0105\u017c robi\u0105 i co jest u\u017cyteczne\u201d, a tym samym \u201eumo\u017cliwi\u0105 zast\u0105pienie ludzi\u201d.<\/p>\n\n\n\n<p>Chocia\u017c przyzna\u0142 Andersonowi, \u017ce technologie takie jak sztuczna inteligencja otworz\u0105 nowe i \u201ebardziej interesuj\u0105ce miejsca pracy\u201d, argumentowa\u0142 Harari<\/p>\n\n\n\n<p>\u201enie jest jasne, czy wielu ludzi b\u0119dzie w stanie je wykona\u0107, poniewa\u017c b\u0119d\u0105 wymaga\u0142y wysokich umiej\u0119tno\u015bci i du\u017cej edukacji\u201d.<\/p>\n\n\n\n<p><a href=\"https:\/\/www.globalresearch.ca\/were-living-in-orwells-1984\/5782312\">Dzi\u015b \u017cyjemy w roku 1984 Orwella<\/a><\/p>\n\n\n\n<p>Anderson uparcie proponowa\u0142 sposoby, dzi\u0119ki kt\u00f3rym istoty ludzkie mog\u0142yby \u2014 a sugerowa\u0142, \u017ce&nbsp;<em>powinny<\/em>&nbsp;\u2014 nadal odgrywa\u0107 cenn\u0105 rol\u0119 w \u015bwiatowej gospodarce, a przynajmniej w spo\u0142ecze\u0144stwie.<\/p>\n\n\n\n<p>\u201eWi\u0119c ponownie, pr\u00f3buj\u0105c desperacko zastosowa\u0107 jaki\u015b bardziej optymistyczny obr\u00f3t w tym\u2026 wiele zawod\u00f3w, kt\u00f3re s\u0105 wypierane, to w rzeczywisto\u015bci nudne prace, kt\u00f3re tak naprawd\u0119 nie dotykaj\u0105 rdzenia tego, czym jest cz\u0142owiek\u201d \u2013 powiedzia\u0142 Anderson .<\/p>\n\n\n\n<p>Nast\u0119pnie zwr\u00f3ci\u0142 uwag\u0119, \u017ce \u201ekiedy si\u0119 cofasz, nie brakuje rzeczy, kt\u00f3re nale\u017cy zrobi\u0107\u201d, w tym zwracania si\u0119 do \u201emilion\u00f3w samotnych ludzi na \u015bwiecie\u201d.<\/p>\n\n\n\n<p>\u201eLudzie s\u0105 naprawd\u0119 dobrzy w sprawianiu, by samotni ludzie nie czuli si\u0119 samotni i prawie ka\u017cdy mo\u017ce to zrobi\u0107\u201d \u2014 zauwa\u017cy\u0142 Anderson.&nbsp;\u201eWiesz, spo\u0142eczno\u015bci to ba\u0142agan.&nbsp;Prawie ka\u017cdy, kto gdzie\u015b mieszka, m\u00f3g\u0142by w zasadzie zrobi\u0107 co\u015b, aby ulepszy\u0107 spo\u0142eczno\u015b\u0107.&nbsp;Mogliby pomalowa\u0107 p\u0142ot, zrobi\u0107 wolontariat, czy cokolwiek innego\u201d.<\/p>\n\n\n\n<p>Harari z kolei argumentowa\u0142, \u017ce aby \u201euzna\u0107 [e] dzia\u0142ania takie jak budowanie spo\u0142eczno\u015bci i zak\u0142adanie rodzin jako miejsca pracy\u201d, \u201epotrzebujemy nowego modelu gospodarczego i spo\u0142ecznego\u201d.<\/p>\n\n\n\n<p>Kiedy Anderson zapyta\u0142 Harariego, czy widzi \u201einne rozwi\u0105zanie tego problemu ni\u017c\u201d wi\u0119ksza redystrybucja podatk\u00f3w przez rz\u0105d, Harari odpowiedzia\u0142: \u201eTo tradycyjna rola rz\u0105du.&nbsp;Kiedy rynek nie jest wystarczaj\u0105co wydajny w redystrybucji bogactwa, jest to zadanie rz\u0105du\u201d.<\/p>\n\n\n\n<p>Harari posun\u0105\u0142 si\u0119 nawet do zasugerowania, \u017ce \u200b\u200bbogactwo b\u0119dzie musia\u0142o podlega\u0107 globalnej redystrybucji, tak aby zyski firm technologicznych w USA i Chinach mog\u0142y przynosi\u0107 korzy\u015bci ludziom w krajach mniej zaawansowanych w dziedzinie technologii.<\/p>\n\n\n\n<p>\u201ePowiedzia\u0142bym, \u017ce jak dot\u0105d najwi\u0119kszy problem nie le\u017cy na poziomie krajowym.&nbsp;To na poziomie globalnym\u201d \u2013 powiedzia\u0142 Harari, kt\u00f3ry doda\u0142, \u017ce chocia\u017c mo\u017ce sobie wyobrazi\u0107 redystrybucj\u0119 bogactwa od \u201egigant\u00f3w technologicznych w Kalifornii\u201d do \u201ematek w Pensylwanii\u201d, nie widzi, aby to bogactwo by\u0142o redystrybuowane do \u201eHondurasu, Meksyku czy Brazylii. \u201d<\/p>\n\n\n\n<p>W ko\u0144cu Anderson zwr\u00f3ci\u0142 uwag\u0119 na niezast\u0105pion\u0105 rol\u0119 cz\u0142owieka, pytaj\u0105c Harariego:<\/p>\n\n\n\n<p>\u201eCzy jest jaki\u015b scenariusz, w kt\u00f3rym mogliby\u015bmy ponownie wpisa\u0107 si\u0119 w t\u0119 histori\u0119 w ca\u0142kiem wa\u017cny spos\u00f3b, jako jedyne znane nam rzeczy we wszech\u015bwiecie, kt\u00f3re faktycznie s\u0105 zdolne do rzeczy, kt\u00f3re maj\u0105 najwi\u0119ksze znaczenie we wszech\u015bwiecie \u2013 tj. mi\u0142o\u015bci, rado\u015bci , kreatywno\u015b\u0107, rodzaj tego uczucia spokoju, o kt\u00f3rym m\u00f3wi\u0142e\u015b.<\/p>\n\n\n\n<p>Technologia&nbsp;<em>nie mo\u017ce<\/em>&nbsp;nam doradza\u0107, co jest najg\u0142\u0119bsze w naszych sercach.&nbsp;Nie powinni\u015bmy na to pozwoli\u0107, powinni\u015bmy zachowa\u0107 kontrol\u0119, a w\u0142a\u015bciwie sprawi\u0107, by nasza technologia s\u0142u\u017cy\u0142a tym rzeczom.&nbsp;I w pewnym sensie zwi\u0105zek mi\u0119dzy technologi\u0105 a nami \u2014 [technologia] powinna postrzega\u0107 czuj\u0105ce rzeczy jako bog\u00f3w, kt\u00f3rzy maj\u0105 supermoce, o kt\u00f3rych&nbsp;<em>nic<\/em>&nbsp;nie wiedz\u0105.&nbsp;NIE?&nbsp;Czy to \u015bmieszne?<\/p>\n\n\n\n<p>Harari nie odni\u00f3s\u0142 si\u0119 bezpo\u015brednio do punktu Andersona, ale skupi\u0142 si\u0119 na \u201ekwestii czucia i \u015bwiadomo\u015bci\u201d jako \u201enajwa\u017cniejszej kwestii w tym wzgl\u0119dzie\u201d i \u201enajwi\u0119kszej zagadce nauki\u201d.<\/p>\n\n\n\n<p>Unikanie tego pytania przez Harariego mo\u017ce wynika\u0107 z jego mniej transcendentnego pogl\u0105du na istoty ludzkie, co znajduje odzwierciedlenie w jego&nbsp;<a href=\"https:\/\/www.ynharari.com\/book\/sapiens-2\/\" target=\"_blank\" rel=\"noreferrer noopener\">twierdzeniu<\/a>&nbsp;, \u017ce \u201eHomo sapiens rz\u0105dzi \u015bwiatem, poniewa\u017c jest jedynym zwierz\u0119ciem, kt\u00f3re mo\u017ce wierzy\u0107 w rzeczy, kt\u00f3re istniej\u0105 wy\u0142\u0105cznie w jego w\u0142asnej wyobra\u017ani, takie jak bogowie , pa\u0144stwami, pieni\u0119dzmi i prawami cz\u0142owieka\u201d, co by\u0142o g\u0142\u00f3wnym za\u0142o\u017ceniem jego ksi\u0105\u017cki \u201eSapiens: Kr\u00f3tka historia ludzko\u015bci\u201d.<\/p>\n\n\n\n<p>Pomys\u0142 ten znajduje odzwierciedlenie w jego s\u0142ynnym&nbsp;<a href=\"https:\/\/www.lifesitenews.com\/blogs\/inside-the-disturbing-mind-of-a-prominent-homosexual-atheist-at-the-world-economic-forum\/\">stwierdzeniu<\/a>&nbsp;, \u017ce \u201epowinni\u015bmy przyzwyczai\u0107 si\u0119 do my\u015bli, \u017ce nie jeste\u015bmy ju\u017c tajemniczymi duszami\u201d, ale jeste\u015bmy \u201ezwierz\u0119tami, kt\u00f3re mo\u017cna teraz zhakowa\u0107\u201d.<\/p>\n\n\n\n<p>Jako g\u0142\u00f3wny doradca szefa i za\u0142o\u017cyciela WEF&nbsp;<strong>Klausa Schwaba<\/strong>&nbsp;, pogl\u0105d Harariego, \u017ce na&nbsp;<strong>\u015bwiecie jest obecnie mn\u00f3stwo \u201ebezu\u017cytecznych\u201d ludzi, wraz z jego jawn\u0105 degradacj\u0105 istot ludzkich na r\u00f3wni ze zwierz\u0119tami, nasuwa pytanie, czy cele WEF s\u0105 kszta\u0142towane przez taki pogl\u0105d, a je\u015bli tak, to w jakim stopniu.<\/strong><\/p>\n\n\n\n<p>Rzeczywi\u015bcie, WEF prawdopodobnie umieszcza \u015brodowisko, a nie ludzi&nbsp;<em>jako takich<\/em>&nbsp;, w centrum swoich priorytet\u00f3w.&nbsp;Nawi\u0105za\u0142&nbsp;<a href=\"https:\/\/www.weforum.org\/press\/2019\/06\/world-economic-forum-and-un-sign-strategic-partnership-framework\/\" target=\"_blank\" rel=\"noreferrer noopener\">wsp\u00f3\u0142prac\u0119<\/a>&nbsp;z silnie proaborcyjn\u0105 i pro-antykoncepcyjn\u0105 Organizacj\u0105 Narod\u00f3w Zjednoczonych (ONZ), a program Wielkiego Resetu WEF wzbudzi\u0142 obawy o dodatkowe szkody dla \u017ar\u00f3de\u0142 utrzymania i dobrobytu ludzi na ca\u0142ym \u015bwiecie.<\/p>\n\n\n\n<p>Na przyk\u0142ad niekt\u00f3rzy twierdz\u0105, \u017ce WEF d\u0105\u017cy do przedwczesnej rezygnacji ze \u017ar\u00f3de\u0142 paliw kopalnych na rzecz \u201ezielonych\u201d, ale drogich i zawodnych \u017ar\u00f3de\u0142 energii w taki spos\u00f3b, aby ograniczy\u0107 og\u00f3lne zu\u017cycie energii i zaszkodzi\u0107 ca\u0142ym gospodarkom poprzez efekt falowania.<\/p>\n\n\n\n<p><a href=\"https:\/\/www.weforum.org\/agenda\/2021\/08\/best-policies-to-fight-pandemics\" target=\"_blank\" rel=\"noreferrer noopener\">Wi\u0119cej dowod\u00f3w na taki \u015bwiatopogl\u0105d to poparcie<\/a>\u00a0WEF\u00a0dla blokad COVID, kt\u00f3re doprowadzi\u0142y do \u200b\u200bfal utraty pracy, masowych skok\u00f3w depresji, wzrostu przemocy domowej i innych szkodliwych skutk\u00f3w.\u00a0W rzeczywisto\u015bci WEF\u00a0<a href=\"https:\/\/www.weforum.org\/agenda\/2021\/08\/best-policies-to-fight-pandemics\" target=\"_blank\" rel=\"noreferrer noopener\">wezwa\u0142 do<\/a>\u00a0\u201ebardziej rygorystycznych\u201d blokad, pomimo takiej og\u00f3lno\u015bwiatowej n\u0119dzy, i\u00a0<a href=\"https:\/\/www.weforum.org\/agenda\/2020\/09\/emissions-fell-during-lockdown-keep-that-way\/\" target=\"_blank\" rel=\"noreferrer noopener\">pochwali\u0142<\/a>\u00a0blokady za ich wp\u0142yw na zmniejszenie emisji gaz\u00f3w cieplarnianych i zanieczyszcze\u0144.<\/p>\n\n\n\n<p>\u0179r\u00f3d\u0142o  https:\/\/www.globalresearch.ca\/world-economic-forum-adviser-claims-planet-no-longer-needs-vast-majority-population\/5790127<\/p>\n","protected":false},"excerpt":{"rendered":"<p>Doradca \u015awiatowego Forum Ekonomicznego twierdzi, \u017ce planeta nie potrzebuje ju\u017c \u201ezdecydowanej wi\u0119kszo\u015bci\u201d populacji Jako potencjalne lekarstwo dla ekonomicznie \u201eprzestarza\u0142ych\u201d ludzi, Yuval Noah Harari zaproponowa\u0142 rz\u0105dow\u0105 redystrybucj\u0119 bogactwa, nie tylko na szczeblu krajowym, ale i globalnym. Autor,\u00a0Emily Mangiaracina Najwy\u017cszy doradca \u015awiatowego&#8230; <\/p>\n","protected":false},"author":2,"featured_media":2655,"comment_status":"open","ping_status":"open","sticky":false,"template":"","format":"standard","meta":{"_acf_changed":false,"_bbp_topic_count":0,"_bbp_reply_count":0,"_bbp_total_topic_count":0,"_bbp_total_reply_count":0,"_bbp_voice_count":0,"_bbp_anonymous_reply_count":0,"_bbp_topic_count_hidden":0,"_bbp_reply_count_hidden":0,"_bbp_forum_subforum_count":0,"om_disable_all_campaigns":false,"_monsterinsights_skip_tracking":false,"footnotes":""},"categories":[93],"tags":[],"class_list":["post-2654","post","type-post","status-publish","format-standard","has-post-thumbnail","hentry","category-artykuly"],"acf":[],"aioseo_notices":[],"aioseo_head":"\n\t\t<!-- All in One SEO 5.0.1.1 - aioseo.com -->\n\t<meta name=\"description\" content=\"Doradca \u015awiatowego Forum Ekonomicznego twierdzi, \u017ce planeta nie potrzebuje ju\u017c \u201ezdecydowanej wi\u0119kszo\u015bci\u201d populacji Jako potencjalne lekarstwo dla ekonomicznie \u201eprzestarza\u0142ych\u201d ludzi, Yuval Noah Harari zaproponowa\u0142 rz\u0105dow\u0105 redystrybucj\u0119 bogactwa, nie tylko na szczeblu krajowym, ale i globalnym. Autor, Emily Mangiaracina Najwy\u017cszy doradca \u015awiatowego Forum Ekonomicznego (WEF), Yuval Noah Harari, niedawno o\u015bwiadczy\u0142, \u017ce \u015bwiat nie \u201epotrzebuje ogromnej wi\u0119kszo\u015bci\u201d obecnej \u015bwiatowej populacji\" \/>\n\t<meta name=\"robots\" content=\"max-image-preview:large\" \/>\n\t<meta name=\"author\" content=\"trinity\"\/>\n\t<link rel=\"canonical\" href=\"https:\/\/wia.net.pl\/index.php\/2023\/06\/26\/wef-wiekszosc-populacji-juz-nie-jest-potrzebna\/\" \/>\n\t<meta name=\"generator\" content=\"All in One SEO (AIOSEO) 5.0.1.1\" \/>\n\t\t<meta property=\"og:locale\" content=\"pl_PL\" \/>\n\t\t<meta property=\"og:site_name\" content=\"Wolno\u015b\u0107 i Anarchia - Ka\u017cdy wewn\u0119trznie jest anarchist\u0105.\" \/>\n\t\t<meta property=\"og:type\" content=\"article\" \/>\n\t\t<meta property=\"og:title\" content=\"WEF \u2013 Wi\u0119kszo\u015b\u0107 populacji ju\u017c nie jest potrzebna - Wolno\u015b\u0107 i Anarchia\" \/>\n\t\t<meta property=\"og:description\" content=\"Doradca \u015awiatowego Forum Ekonomicznego twierdzi, \u017ce planeta nie potrzebuje ju\u017c \u201ezdecydowanej wi\u0119kszo\u015bci\u201d populacji Jako potencjalne lekarstwo dla ekonomicznie \u201eprzestarza\u0142ych\u201d ludzi, Yuval Noah Harari zaproponowa\u0142 rz\u0105dow\u0105 redystrybucj\u0119 bogactwa, nie tylko na szczeblu krajowym, ale i globalnym. Autor, Emily Mangiaracina Najwy\u017cszy doradca \u015awiatowego Forum Ekonomicznego (WEF), Yuval Noah Harari, niedawno o\u015bwiadczy\u0142, \u017ce \u015bwiat nie \u201epotrzebuje ogromnej wi\u0119kszo\u015bci\u201d obecnej \u015bwiatowej populacji\" \/>\n\t\t<meta property=\"og:url\" content=\"https:\/\/wia.net.pl\/index.php\/2023\/06\/26\/wef-wiekszosc-populacji-juz-nie-jest-potrzebna\/\" \/>\n\t\t<meta property=\"og:image\" content=\"https:\/\/wia.net.pl\/wp-content\/uploads\/2023\/11\/cropped-freedom-i73367.jpg\" \/>\n\t\t<meta property=\"og:image:secure_url\" content=\"https:\/\/wia.net.pl\/wp-content\/uploads\/2023\/11\/cropped-freedom-i73367.jpg\" \/>\n\t\t<meta property=\"article:published_time\" content=\"2023-06-26T09:08:41+00:00\" \/>\n\t\t<meta property=\"article:modified_time\" content=\"2023-06-26T09:08:42+00:00\" \/>\n\t\t<meta name=\"twitter:card\" content=\"summary_large_image\" \/>\n\t\t<meta name=\"twitter:title\" content=\"WEF \u2013 Wi\u0119kszo\u015b\u0107 populacji ju\u017c nie jest potrzebna - Wolno\u015b\u0107 i Anarchia\" \/>\n\t\t<meta name=\"twitter:description\" content=\"Doradca \u015awiatowego Forum Ekonomicznego twierdzi, \u017ce planeta nie potrzebuje ju\u017c \u201ezdecydowanej wi\u0119kszo\u015bci\u201d populacji Jako potencjalne lekarstwo dla ekonomicznie \u201eprzestarza\u0142ych\u201d ludzi, Yuval Noah Harari zaproponowa\u0142 rz\u0105dow\u0105 redystrybucj\u0119 bogactwa, nie tylko na szczeblu krajowym, ale i globalnym. Autor, Emily Mangiaracina Najwy\u017cszy doradca \u015awiatowego Forum Ekonomicznego (WEF), Yuval Noah Harari, niedawno o\u015bwiadczy\u0142, \u017ce \u015bwiat nie \u201epotrzebuje ogromnej wi\u0119kszo\u015bci\u201d obecnej \u015bwiatowej populacji\" \/>\n\t\t<meta name=\"twitter:image\" content=\"https:\/\/wia.net.pl\/wp-content\/uploads\/2023\/11\/cropped-freedom-i73367.jpg\" \/>\n\t\t<script type=\"application\/ld+json\" class=\"aioseo-schema\">\n\t\t\t{\"@context\":\"https:\\\/\\\/schema.org\",\"@graph\":[{\"@type\":\"BlogPosting\",\"@id\":\"https:\\\/\\\/wia.net.pl\\\/index.php\\\/2023\\\/06\\\/26\\\/wef-wiekszosc-populacji-juz-nie-jest-potrzebna\\\/#blogposting\",\"name\":\"WEF \\u2013 Wi\\u0119kszo\\u015b\\u0107 populacji ju\\u017c nie jest potrzebna - Wolno\\u015b\\u0107 i Anarchia\",\"headline\":\"WEF &#8211; Wi\\u0119kszo\\u015b\\u0107 populacji ju\\u017c nie jest potrzebna\",\"author\":{\"@id\":\"https:\\\/\\\/wia.net.pl\\\/index.php\\\/author\\\/trinity\\\/#author\"},\"publisher\":{\"@id\":\"https:\\\/\\\/wia.net.pl\\\/#person\"},\"image\":{\"@type\":\"ImageObject\",\"url\":\"https:\\\/\\\/wia.net.pl\\\/wp-content\\\/uploads\\\/2023\\\/06\\\/z1-1.jpg\",\"width\":1920,\"height\":1080},\"datePublished\":\"2023-06-26T11:08:41+02:00\",\"dateModified\":\"2023-06-26T11:08:42+02:00\",\"inLanguage\":\"pl-PL\",\"mainEntityOfPage\":{\"@id\":\"https:\\\/\\\/wia.net.pl\\\/index.php\\\/2023\\\/06\\\/26\\\/wef-wiekszosc-populacji-juz-nie-jest-potrzebna\\\/#webpage\"},\"isPartOf\":{\"@id\":\"https:\\\/\\\/wia.net.pl\\\/index.php\\\/2023\\\/06\\\/26\\\/wef-wiekszosc-populacji-juz-nie-jest-potrzebna\\\/#webpage\"},\"articleSection\":\"Artyku\\u0142y\"},{\"@type\":\"BreadcrumbList\",\"@id\":\"https:\\\/\\\/wia.net.pl\\\/index.php\\\/2023\\\/06\\\/26\\\/wef-wiekszosc-populacji-juz-nie-jest-potrzebna\\\/#breadcrumblist\",\"itemListElement\":[{\"@type\":\"ListItem\",\"@id\":\"https:\\\/\\\/wia.net.pl#listItem\",\"position\":1,\"name\":\"Home\",\"item\":\"https:\\\/\\\/wia.net.pl\",\"nextItem\":{\"@type\":\"ListItem\",\"@id\":\"https:\\\/\\\/wia.net.pl\\\/index.php\\\/category\\\/artykuly\\\/#listItem\",\"name\":\"Artyku\\u0142y\"}},{\"@type\":\"ListItem\",\"@id\":\"https:\\\/\\\/wia.net.pl\\\/index.php\\\/category\\\/artykuly\\\/#listItem\",\"position\":2,\"name\":\"Artyku\\u0142y\",\"item\":\"https:\\\/\\\/wia.net.pl\\\/index.php\\\/category\\\/artykuly\\\/\",\"nextItem\":{\"@type\":\"ListItem\",\"@id\":\"https:\\\/\\\/wia.net.pl\\\/index.php\\\/2023\\\/06\\\/26\\\/wef-wiekszosc-populacji-juz-nie-jest-potrzebna\\\/#listItem\",\"name\":\"WEF &#8211; Wi\\u0119kszo\\u015b\\u0107 populacji ju\\u017c nie jest potrzebna\"},\"previousItem\":{\"@type\":\"ListItem\",\"@id\":\"https:\\\/\\\/wia.net.pl#listItem\",\"name\":\"Home\"}},{\"@type\":\"ListItem\",\"@id\":\"https:\\\/\\\/wia.net.pl\\\/index.php\\\/2023\\\/06\\\/26\\\/wef-wiekszosc-populacji-juz-nie-jest-potrzebna\\\/#listItem\",\"position\":3,\"name\":\"WEF &#8211; Wi\\u0119kszo\\u015b\\u0107 populacji ju\\u017c nie jest potrzebna\",\"previousItem\":{\"@type\":\"ListItem\",\"@id\":\"https:\\\/\\\/wia.net.pl\\\/index.php\\\/category\\\/artykuly\\\/#listItem\",\"name\":\"Artyku\\u0142y\"}}]},{\"@type\":\"Person\",\"@id\":\"https:\\\/\\\/wia.net.pl\\\/#person\",\"name\":\"Bart\\u0142omiej Talarczyk\",\"image\":{\"@type\":\"ImageObject\",\"@id\":\"https:\\\/\\\/wia.net.pl\\\/index.php\\\/2023\\\/06\\\/26\\\/wef-wiekszosc-populacji-juz-nie-jest-potrzebna\\\/#personImage\",\"url\":\"https:\\\/\\\/wia.net.pl\\\/wp-content\\\/uploads\\\/avatar-privacy\\\/cache\\\/user\\\/1\\\/7\\\/176a6b161c58363ff49b5c167264231f519f5c7fa183ca1f61e891769b6b56d5-96.jpg\",\"width\":96,\"height\":96,\"caption\":\"Bart\\u0142omiej Talarczyk\"}},{\"@type\":\"Person\",\"@id\":\"https:\\\/\\\/wia.net.pl\\\/index.php\\\/author\\\/trinity\\\/#author\",\"url\":\"https:\\\/\\\/wia.net.pl\\\/index.php\\\/author\\\/trinity\\\/\",\"name\":\"trinity\",\"image\":{\"@type\":\"ImageObject\",\"@id\":\"https:\\\/\\\/wia.net.pl\\\/index.php\\\/2023\\\/06\\\/26\\\/wef-wiekszosc-populacji-juz-nie-jest-potrzebna\\\/#authorImage\",\"url\":\"https:\\\/\\\/wia.net.pl\\\/wp-content\\\/uploads\\\/avatar-privacy\\\/cache\\\/user\\\/5\\\/f\\\/5f6547cf82495eaa10e100a6a45d5dbde2dfdc1be88557de2018fca705bdf6f1-96.jpg\",\"width\":96,\"height\":96,\"caption\":\"trinity\"}},{\"@type\":\"WebPage\",\"@id\":\"https:\\\/\\\/wia.net.pl\\\/index.php\\\/2023\\\/06\\\/26\\\/wef-wiekszosc-populacji-juz-nie-jest-potrzebna\\\/#webpage\",\"url\":\"https:\\\/\\\/wia.net.pl\\\/index.php\\\/2023\\\/06\\\/26\\\/wef-wiekszosc-populacji-juz-nie-jest-potrzebna\\\/\",\"name\":\"WEF \\u2013 Wi\\u0119kszo\\u015b\\u0107 populacji ju\\u017c nie jest potrzebna - Wolno\\u015b\\u0107 i Anarchia\",\"description\":\"Doradca \\u015awiatowego Forum Ekonomicznego twierdzi, \\u017ce planeta nie potrzebuje ju\\u017c \\u201ezdecydowanej wi\\u0119kszo\\u015bci\\u201d populacji Jako potencjalne lekarstwo dla ekonomicznie \\u201eprzestarza\\u0142ych\\u201d ludzi, Yuval Noah Harari zaproponowa\\u0142 rz\\u0105dow\\u0105 redystrybucj\\u0119 bogactwa, nie tylko na szczeblu krajowym, ale i globalnym. Autor, Emily Mangiaracina Najwy\\u017cszy doradca \\u015awiatowego Forum Ekonomicznego (WEF), Yuval Noah Harari, niedawno o\\u015bwiadczy\\u0142, \\u017ce \\u015bwiat nie \\u201epotrzebuje ogromnej wi\\u0119kszo\\u015bci\\u201d obecnej \\u015bwiatowej populacji\",\"inLanguage\":\"pl-PL\",\"isPartOf\":{\"@id\":\"https:\\\/\\\/wia.net.pl\\\/#website\"},\"breadcrumb\":{\"@id\":\"https:\\\/\\\/wia.net.pl\\\/index.php\\\/2023\\\/06\\\/26\\\/wef-wiekszosc-populacji-juz-nie-jest-potrzebna\\\/#breadcrumblist\"},\"author\":{\"@id\":\"https:\\\/\\\/wia.net.pl\\\/index.php\\\/author\\\/trinity\\\/#author\"},\"creator\":{\"@id\":\"https:\\\/\\\/wia.net.pl\\\/index.php\\\/author\\\/trinity\\\/#author\"},\"image\":{\"@type\":\"ImageObject\",\"url\":\"https:\\\/\\\/wia.net.pl\\\/wp-content\\\/uploads\\\/2023\\\/06\\\/z1-1.jpg\",\"@id\":\"https:\\\/\\\/wia.net.pl\\\/index.php\\\/2023\\\/06\\\/26\\\/wef-wiekszosc-populacji-juz-nie-jest-potrzebna\\\/#mainImage\",\"width\":1920,\"height\":1080},\"primaryImageOfPage\":{\"@id\":\"https:\\\/\\\/wia.net.pl\\\/index.php\\\/2023\\\/06\\\/26\\\/wef-wiekszosc-populacji-juz-nie-jest-potrzebna\\\/#mainImage\"},\"datePublished\":\"2023-06-26T11:08:41+02:00\",\"dateModified\":\"2023-06-26T11:08:42+02:00\"},{\"@type\":\"WebSite\",\"@id\":\"https:\\\/\\\/wia.net.pl\\\/#website\",\"url\":\"https:\\\/\\\/wia.net.pl\\\/\",\"name\":\"Wolno\\u015b\\u0107 i Anarchia\",\"description\":\"Ka\\u017cdy wewn\\u0119trznie jest anarchist\\u0105.\",\"inLanguage\":\"pl-PL\",\"publisher\":{\"@id\":\"https:\\\/\\\/wia.net.pl\\\/#person\"}}]}\n\t\t<\/script>\n\t\t<!-- All in One SEO -->\n\n","aioseo_head_json":{"title":"WEF \u2013 Wi\u0119kszo\u015b\u0107 populacji ju\u017c nie jest potrzebna - Wolno\u015b\u0107 i Anarchia","description":"Doradca \u015awiatowego Forum Ekonomicznego twierdzi, \u017ce planeta nie potrzebuje ju\u017c \u201ezdecydowanej wi\u0119kszo\u015bci\u201d populacji Jako potencjalne lekarstwo dla ekonomicznie \u201eprzestarza\u0142ych\u201d ludzi, Yuval Noah Harari zaproponowa\u0142 rz\u0105dow\u0105 redystrybucj\u0119 bogactwa, nie tylko na szczeblu krajowym, ale i globalnym. Autor, Emily Mangiaracina Najwy\u017cszy doradca \u015awiatowego Forum Ekonomicznego (WEF), Yuval Noah Harari, niedawno o\u015bwiadczy\u0142, \u017ce \u015bwiat nie \u201epotrzebuje ogromnej wi\u0119kszo\u015bci\u201d obecnej \u015bwiatowej populacji","canonical_url":"https:\/\/wia.net.pl\/index.php\/2023\/06\/26\/wef-wiekszosc-populacji-juz-nie-jest-potrzebna\/","robots":"max-image-preview:large","keywords":"","webmasterTools":{"miscellaneous":""},"schema":{"@context":"https:\/\/schema.org","@graph":[{"@type":"BlogPosting","@id":"https:\/\/wia.net.pl\/index.php\/2023\/06\/26\/wef-wiekszosc-populacji-juz-nie-jest-potrzebna\/#blogposting","name":"WEF \u2013 Wi\u0119kszo\u015b\u0107 populacji ju\u017c nie jest potrzebna - Wolno\u015b\u0107 i Anarchia","headline":"WEF &#8211; Wi\u0119kszo\u015b\u0107 populacji ju\u017c nie jest potrzebna","author":{"@id":"https:\/\/wia.net.pl\/index.php\/author\/trinity\/#author"},"publisher":{"@id":"https:\/\/wia.net.pl\/#person"},"image":{"@type":"ImageObject","url":"https:\/\/wia.net.pl\/wp-content\/uploads\/2023\/06\/z1-1.jpg","width":1920,"height":1080},"datePublished":"2023-06-26T11:08:41+02:00","dateModified":"2023-06-26T11:08:42+02:00","inLanguage":"pl-PL","mainEntityOfPage":{"@id":"https:\/\/wia.net.pl\/index.php\/2023\/06\/26\/wef-wiekszosc-populacji-juz-nie-jest-potrzebna\/#webpage"},"isPartOf":{"@id":"https:\/\/wia.net.pl\/index.php\/2023\/06\/26\/wef-wiekszosc-populacji-juz-nie-jest-potrzebna\/#webpage"},"articleSection":"Artyku\u0142y"},{"@type":"BreadcrumbList","@id":"https:\/\/wia.net.pl\/index.php\/2023\/06\/26\/wef-wiekszosc-populacji-juz-nie-jest-potrzebna\/#breadcrumblist","itemListElement":[{"@type":"ListItem","@id":"https:\/\/wia.net.pl#listItem","position":1,"name":"Home","item":"https:\/\/wia.net.pl","nextItem":{"@type":"ListItem","@id":"https:\/\/wia.net.pl\/index.php\/category\/artykuly\/#listItem","name":"Artyku\u0142y"}},{"@type":"ListItem","@id":"https:\/\/wia.net.pl\/index.php\/category\/artykuly\/#listItem","position":2,"name":"Artyku\u0142y","item":"https:\/\/wia.net.pl\/index.php\/category\/artykuly\/","nextItem":{"@type":"ListItem","@id":"https:\/\/wia.net.pl\/index.php\/2023\/06\/26\/wef-wiekszosc-populacji-juz-nie-jest-potrzebna\/#listItem","name":"WEF &#8211; Wi\u0119kszo\u015b\u0107 populacji ju\u017c nie jest potrzebna"},"previousItem":{"@type":"ListItem","@id":"https:\/\/wia.net.pl#listItem","name":"Home"}},{"@type":"ListItem","@id":"https:\/\/wia.net.pl\/index.php\/2023\/06\/26\/wef-wiekszosc-populacji-juz-nie-jest-potrzebna\/#listItem","position":3,"name":"WEF &#8211; Wi\u0119kszo\u015b\u0107 populacji ju\u017c nie jest potrzebna","previousItem":{"@type":"ListItem","@id":"https:\/\/wia.net.pl\/index.php\/category\/artykuly\/#listItem","name":"Artyku\u0142y"}}]},{"@type":"Person","@id":"https:\/\/wia.net.pl\/#person","name":"Bart\u0142omiej Talarczyk","image":{"@type":"ImageObject","@id":"https:\/\/wia.net.pl\/index.php\/2023\/06\/26\/wef-wiekszosc-populacji-juz-nie-jest-potrzebna\/#personImage","url":"https:\/\/wia.net.pl\/wp-content\/uploads\/avatar-privacy\/cache\/user\/1\/7\/176a6b161c58363ff49b5c167264231f519f5c7fa183ca1f61e891769b6b56d5-96.jpg","width":96,"height":96,"caption":"Bart\u0142omiej Talarczyk"}},{"@type":"Person","@id":"https:\/\/wia.net.pl\/index.php\/author\/trinity\/#author","url":"https:\/\/wia.net.pl\/index.php\/author\/trinity\/","name":"trinity","image":{"@type":"ImageObject","@id":"https:\/\/wia.net.pl\/index.php\/2023\/06\/26\/wef-wiekszosc-populacji-juz-nie-jest-potrzebna\/#authorImage","url":"https:\/\/wia.net.pl\/wp-content\/uploads\/avatar-privacy\/cache\/user\/5\/f\/5f6547cf82495eaa10e100a6a45d5dbde2dfdc1be88557de2018fca705bdf6f1-96.jpg","width":96,"height":96,"caption":"trinity"}},{"@type":"WebPage","@id":"https:\/\/wia.net.pl\/index.php\/2023\/06\/26\/wef-wiekszosc-populacji-juz-nie-jest-potrzebna\/#webpage","url":"https:\/\/wia.net.pl\/index.php\/2023\/06\/26\/wef-wiekszosc-populacji-juz-nie-jest-potrzebna\/","name":"WEF \u2013 Wi\u0119kszo\u015b\u0107 populacji ju\u017c nie jest potrzebna - Wolno\u015b\u0107 i Anarchia","description":"Doradca \u015awiatowego Forum Ekonomicznego twierdzi, \u017ce planeta nie potrzebuje ju\u017c \u201ezdecydowanej wi\u0119kszo\u015bci\u201d populacji Jako potencjalne lekarstwo dla ekonomicznie \u201eprzestarza\u0142ych\u201d ludzi, Yuval Noah Harari zaproponowa\u0142 rz\u0105dow\u0105 redystrybucj\u0119 bogactwa, nie tylko na szczeblu krajowym, ale i globalnym. Autor, Emily Mangiaracina Najwy\u017cszy doradca \u015awiatowego Forum Ekonomicznego (WEF), Yuval Noah Harari, niedawno o\u015bwiadczy\u0142, \u017ce \u015bwiat nie \u201epotrzebuje ogromnej wi\u0119kszo\u015bci\u201d obecnej \u015bwiatowej populacji","inLanguage":"pl-PL","isPartOf":{"@id":"https:\/\/wia.net.pl\/#website"},"breadcrumb":{"@id":"https:\/\/wia.net.pl\/index.php\/2023\/06\/26\/wef-wiekszosc-populacji-juz-nie-jest-potrzebna\/#breadcrumblist"},"author":{"@id":"https:\/\/wia.net.pl\/index.php\/author\/trinity\/#author"},"creator":{"@id":"https:\/\/wia.net.pl\/index.php\/author\/trinity\/#author"},"image":{"@type":"ImageObject","url":"https:\/\/wia.net.pl\/wp-content\/uploads\/2023\/06\/z1-1.jpg","@id":"https:\/\/wia.net.pl\/index.php\/2023\/06\/26\/wef-wiekszosc-populacji-juz-nie-jest-potrzebna\/#mainImage","width":1920,"height":1080},"primaryImageOfPage":{"@id":"https:\/\/wia.net.pl\/index.php\/2023\/06\/26\/wef-wiekszosc-populacji-juz-nie-jest-potrzebna\/#mainImage"},"datePublished":"2023-06-26T11:08:41+02:00","dateModified":"2023-06-26T11:08:42+02:00"},{"@type":"WebSite","@id":"https:\/\/wia.net.pl\/#website","url":"https:\/\/wia.net.pl\/","name":"Wolno\u015b\u0107 i Anarchia","description":"Ka\u017cdy wewn\u0119trznie jest anarchist\u0105.","inLanguage":"pl-PL","publisher":{"@id":"https:\/\/wia.net.pl\/#person"}}]},"og:locale":"pl_PL","og:site_name":"Wolno\u015b\u0107 i Anarchia - Ka\u017cdy wewn\u0119trznie jest anarchist\u0105.","og:type":"article","og:title":"WEF \u2013 Wi\u0119kszo\u015b\u0107 populacji ju\u017c nie jest potrzebna - Wolno\u015b\u0107 i Anarchia","og:description":"Doradca \u015awiatowego Forum Ekonomicznego twierdzi, \u017ce planeta nie potrzebuje ju\u017c \u201ezdecydowanej wi\u0119kszo\u015bci\u201d populacji Jako potencjalne lekarstwo dla ekonomicznie \u201eprzestarza\u0142ych\u201d ludzi, Yuval Noah Harari zaproponowa\u0142 rz\u0105dow\u0105 redystrybucj\u0119 bogactwa, nie tylko na szczeblu krajowym, ale i globalnym. Autor, Emily Mangiaracina Najwy\u017cszy doradca \u015awiatowego Forum Ekonomicznego (WEF), Yuval Noah Harari, niedawno o\u015bwiadczy\u0142, \u017ce \u015bwiat nie \u201epotrzebuje ogromnej wi\u0119kszo\u015bci\u201d obecnej \u015bwiatowej populacji","og:url":"https:\/\/wia.net.pl\/index.php\/2023\/06\/26\/wef-wiekszosc-populacji-juz-nie-jest-potrzebna\/","og:image":"https:\/\/wia.net.pl\/wp-content\/uploads\/2023\/11\/cropped-freedom-i73367.jpg","og:image:secure_url":"https:\/\/wia.net.pl\/wp-content\/uploads\/2023\/11\/cropped-freedom-i73367.jpg","article:published_time":"2023-06-26T09:08:41+00:00","article:modified_time":"2023-06-26T09:08:42+00:00","twitter:card":"summary_large_image","twitter:title":"WEF \u2013 Wi\u0119kszo\u015b\u0107 populacji ju\u017c nie jest potrzebna - Wolno\u015b\u0107 i Anarchia","twitter:description":"Doradca \u015awiatowego Forum Ekonomicznego twierdzi, \u017ce planeta nie potrzebuje ju\u017c \u201ezdecydowanej wi\u0119kszo\u015bci\u201d populacji Jako potencjalne lekarstwo dla ekonomicznie \u201eprzestarza\u0142ych\u201d ludzi, Yuval Noah Harari zaproponowa\u0142 rz\u0105dow\u0105 redystrybucj\u0119 bogactwa, nie tylko na szczeblu krajowym, ale i globalnym. Autor, Emily Mangiaracina Najwy\u017cszy doradca \u015awiatowego Forum Ekonomicznego (WEF), Yuval Noah Harari, niedawno o\u015bwiadczy\u0142, \u017ce \u015bwiat nie \u201epotrzebuje ogromnej wi\u0119kszo\u015bci\u201d obecnej \u015bwiatowej populacji","twitter:image":"https:\/\/wia.net.pl\/wp-content\/uploads\/2023\/11\/cropped-freedom-i73367.jpg"},"aioseo_meta_data":{"post_id":"2654","title":null,"description":null,"keywords":[],"keyphrases":{"focus":{"keyphrase":"","score":0,"analysis":{"keyphraseInTitle":{"score":0,"maxScore":9,"error":1}}},"additional":[]},"primary_term":null,"canonical_url":null,"og_title":null,"og_description":null,"og_object_type":"default","og_image_type":"default","og_image_url":null,"og_image_width":null,"og_image_height":null,"og_image_custom_url":null,"og_image_custom_fields":null,"og_video":"","og_custom_url":null,"og_article_section":null,"og_article_tags":[],"twitter_use_og":false,"twitter_card":"default","twitter_image_type":"default","twitter_image_url":null,"twitter_image_custom_url":null,"twitter_image_custom_fields":null,"twitter_title":null,"twitter_description":null,"schema":{"blockGraphs":[],"customGraphs":[],"default":{"data":{"Article":[],"Course":[],"Dataset":[],"FAQPage":[],"Movie":[],"Person":[],"Product":[],"ProductReview":[],"Car":[],"Recipe":[],"Service":[],"SoftwareApplication":[],"WebPage":[]},"graphName":"BlogPosting","isEnabled":true},"graphs":[]},"schema_type":"default","schema_type_options":null,"pillar_content":false,"robots_default":true,"robots_noindex":false,"robots_noarchive":false,"robots_nosnippet":false,"robots_nofollow":false,"robots_noimageindex":false,"robots_noodp":false,"robots_notranslate":false,"robots_max_snippet":"-1","robots_max_videopreview":"-1","robots_max_imagepreview":"large","priority":null,"frequency":"default","local_seo":null,"breadcrumb_settings":null,"limit_modified_date":false,"ai":null,"created":"2023-06-26 09:08:42","updated":"2025-06-04 08:21:23","seo_analyzer_scan_date":null,"focus_keyword":null,"additional_keywords":null,"truseo_locale":null},"aioseo_breadcrumb":"<div class=\"aioseo-breadcrumbs\"><span class=\"aioseo-breadcrumb\">\n\t\t\t<a href=\"https:\/\/wia.net.pl\" title=\"Home\">Home<\/a>\n\t\t<\/span><span class=\"aioseo-breadcrumb-separator\">&raquo;<\/span><span class=\"aioseo-breadcrumb\">\n\t\t\t<a href=\"https:\/\/wia.net.pl\/index.php\/category\/artykuly\/\" title=\"Artyku\u0142y\">Artyku\u0142y<\/a>\n\t\t<\/span><span class=\"aioseo-breadcrumb-separator\">&raquo;<\/span><span class=\"aioseo-breadcrumb\">\n\t\t\tWEF \u2013 Wi\u0119kszo\u015b\u0107 populacji ju\u017c nie jest potrzebna\n\t\t<\/span><\/div>","aioseo_breadcrumb_json":[{"label":"Home","link":"https:\/\/wia.net.pl"},{"label":"Artyku\u0142y","link":"https:\/\/wia.net.pl\/index.php\/category\/artykuly\/"},{"label":"WEF &#8211; Wi\u0119kszo\u015b\u0107 populacji ju\u017c nie jest potrzebna","link":"https:\/\/wia.net.pl\/index.php\/2023\/06\/26\/wef-wiekszosc-populacji-juz-nie-jest-potrzebna\/"}],"_links":{"self":[{"href":"https:\/\/wia.net.pl\/index.php\/wp-json\/wp\/v2\/posts\/2654"}],"collection":[{"href":"https:\/\/wia.net.pl\/index.php\/wp-json\/wp\/v2\/posts"}],"about":[{"href":"https:\/\/wia.net.pl\/index.php\/wp-json\/wp\/v2\/types\/post"}],"author":[{"embeddable":true,"href":"https:\/\/wia.net.pl\/index.php\/wp-json\/wp\/v2\/users\/2"}],"replies":[{"embeddable":true,"href":"https:\/\/wia.net.pl\/index.php\/wp-json\/wp\/v2\/comments?post=2654"}],"version-history":[{"count":1,"href":"https:\/\/wia.net.pl\/index.php\/wp-json\/wp\/v2\/posts\/2654\/revisions"}],"predecessor-version":[{"id":2656,"href":"https:\/\/wia.net.pl\/index.php\/wp-json\/wp\/v2\/posts\/2654\/revisions\/2656"}],"wp:featuredmedia":[{"embeddable":true,"href":"https:\/\/wia.net.pl\/index.php\/wp-json\/wp\/v2\/media\/2655"}],"wp:attachment":[{"href":"https:\/\/wia.net.pl\/index.php\/wp-json\/wp\/v2\/media?parent=2654"}],"wp:term":[{"taxonomy":"category","embeddable":true,"href":"https:\/\/wia.net.pl\/index.php\/wp-json\/wp\/v2\/categories?post=2654"},{"taxonomy":"post_tag","embeddable":true,"href":"https:\/\/wia.net.pl\/index.php\/wp-json\/wp\/v2\/tags?post=2654"}],"curies":[{"name":"wp","href":"https:\/\/api.w.org\/{rel}","templated":true}]}}