{"id":2685,"date":"2023-06-26T16:16:04","date_gmt":"2023-06-26T14:16:04","guid":{"rendered":"https:\/\/wia.net.pl\/?p=2685"},"modified":"2023-06-26T16:16:05","modified_gmt":"2023-06-26T14:16:05","slug":"operacje-cia-i-mi6-banderyzm-i-nazizm","status":"publish","type":"post","link":"https:\/\/wia.net.pl\/index.php\/2023\/06\/26\/operacje-cia-i-mi6-banderyzm-i-nazizm\/","title":{"rendered":"Operacje CIA i MI6 &#8211; Banderyzm i Nazizm"},"content":{"rendered":"\n<p><strong>Rola banderyzmu, nazizmu i wszelkich ekstremizm\u00f3w w polityce mi\u0119dzynarodowej USA oraz operacjach specjalnych CIA i\u00a0MI6<\/strong><\/p>\n\n\n\n<p>\u0179r\u00f3d\u0142o,  <a href=\"https:\/\/swiatowid.video.blog\/\">\u015awiatowid<\/a><\/p>\n\n\n\n<figure class=\"wp-block-image size-full\"><img loading=\"lazy\" decoding=\"async\" width=\"1000\" height=\"600\" src=\"https:\/\/wia.net.pl\/wp-content\/uploads\/2023\/06\/bandera_us_nazi_azov.webp\" alt=\"\" class=\"wp-image-2686\" srcset=\"https:\/\/wia.net.pl\/wp-content\/uploads\/2023\/06\/bandera_us_nazi_azov.webp 1000w, https:\/\/wia.net.pl\/wp-content\/uploads\/2023\/06\/bandera_us_nazi_azov-300x180.webp 300w, https:\/\/wia.net.pl\/wp-content\/uploads\/2023\/06\/bandera_us_nazi_azov-768x461.webp 768w\" sizes=\"(max-width: 1000px) 100vw, 1000px\" \/><\/figure>\n\n\n\n<p><\/p>\n\n\n\n<p>Poni\u017cszy tekst prezentuje metody dzia\u0142ania USA, ale w mojej opinii nie zawiera zwi\u0119z\u0142ego podsumowania zjawiska. Polityka USA w zakresie wspierania ekstremist\u00f3w jest widoczna jak na d\u0142oni. Ale sk\u0105d taka obsesja w\u0142adc\u00f3w USA na punkcie ekstremist\u00f3w? Po co im te wszystkie \u201eszwadrony \u015bmierci\u201d Ameryki Po\u0142udniowej i \u015arodkowej, dlaczego wybieraj\u0105 sobie na sojusznik\u00f3w niewyobra\u017calnie sadystycznych zbrodniarzy (<a href=\"https:\/\/swiatowid.video.blog\/2022\/04\/17\/afganistan-nieznana-historia-kraju-niszczonego-od-1979-r-przez-usa-a-bronionego-przez-zsrr\/#zbrodnie_mudzahedinow\">mud\u017cahedini np. niekt\u00f3rych cywil\u00f3w i wzi\u0119tych do niewoli \u017co\u0142nierzy ZSRR zabijali powoli, obcinaj\u0105c im uszy, nosy, genitalia i po kawa\u0142ku obdzieraj\u0105c ze sk\u00f3ry<\/a>\u00a0po czym wystawiali na widok publiczny, Contras publicznie palili \u017cywcem sandinistowskich dzia\u0142aczy, by zastrasza\u0107 spo\u0142eczno\u015bci lokalne, legendarne s\u0105 zbrodnie szkolonych przez\u00a0<a href=\"https:\/\/nsarchive2.gwu.edu\/news\/20000919\/index.html\">CIA<\/a>\u00a0kat\u00f3w Pinocheta, kt\u00f3rych dokonywali po \u201erekolekcjach\u201d ksi\u0119dza profesora Poradowskiego [t\u0142umacz\u0105cego latami pobo\u017cnym oprawcom \u2013 tak\u017ce w s\u0105siednich dyktaturach \u2013 m. in. \u017ce socjali\u015bci to satani\u015bci] obejmowa\u0142y zab\u00f3jstwa, pobicia prowadz\u0105ce do kalectwa, podtapianie \u201ezwyk\u0142e\u201d i w fekaliach, przemoc seksualn\u0105 \u2013 w tym\u00a0<a href=\"https:\/\/www.thecrimson.com\/article\/2007\/2\/7\/torture-under-pinochet-we-were-peeling\/\">gwa\u0142cenie przy u\u017cyciu tresowanych do tego ps\u00f3w<\/a>,\u00a0<a href=\"https:\/\/womensmediacenter.com\/women-under-siege\/women-survivors-of-torture-under-pinochet-fight-his-grandnieces-appointment-as-womens-minister\">pora\u017canie pr\u0105dem genitali\u00f3w<\/a>\u00a0\u2013 og\u00f3lnie \u2013 pe\u0142ny repertuar \u201echrze\u015bcija\u0144skiej mi\u0142o\u015bci bli\u017aniego\u201d)?<\/p>\n\n\n\n<p>Strategia wspierania \u201eekstremist\u00f3w\u201d i fanatyk\u00f3w religijnych jest oczywista. Z fanatykiem nie da si\u0119 negocjowa\u0107, nie da si\u0119 go przekupi\u0107. B\u0119dzie wykonywa\u0142 swoj\u0105 misj\u0119 nie boj\u0105c si\u0119 \u015bmierci \u2013 bo \u015bmier\u0107 \u201eza spraw\u0119\u201d jest zas\u0142ug\u0105 i powodem do dumy. Fanatyk b\u0119dzie walczy\u0142, je\u015bli tylko otrzyma bro\u0144 i zostanie przeszkolony, jest zmotywowany ideologicznie, wi\u0119c nie b\u0119dzie si\u0119 domaga\u0142 takich stawek, jak \u201ezwyk\u0142y\u201d najemnik, kt\u00f3ry w sytuacji zagro\u017cenia \u017cycia po prostu zdezerteruje, a po przedstawieniu korzystniejszej oferty \u2013 zdradzi. Ekstremi\u015bci idealnie nadaj\u0105 si\u0119 do prowadzenia d\u0142ugotrwa\u0142ych wojen partyzanckich na wyniszczenie w tych obszarach, kt\u00f3re chcemy trwale zdestabilizowa\u0107 politycznie lub(\/i) gospodarczo. Fanatyk nie cofnie si\u0119 przed stosowaniem najbardziej okrutnych metod walki i najskrajniejszego terroru wobec ludno\u015bci cywilnej, ze szczeg\u00f3lnym uwzgl\u0119dnieniem os\u00f3b postrzeganych jako przeciwnicy polityczni, religijni czy ideologiczni \u2013 w\u0142aczaj\u0105c ich rodziny, w tym dzieci. Celem USA jest zastraszanie ludno\u015bci tak ekstremalnym terrorem, by zniszczy\u0107 w niej wol\u0119 oporu, wzbudzi\u0107 strach przed sam\u0105 my\u015bl\u0105, \u017ce z pupilami Waszyngtonu mo\u017cna walczy\u0107 politycznie b\u0105d\u017a militarnie. Dla \u201eelit\u201d pa\u0144stw trafiaj\u0105cych na celownik \u201ewolnorynkowych demokrat\u00f3w\u201d z USA taka strategia to po prostu informacja: \u201ealbo my, albo wieczna wojna domowa i wieczny terror\u201d.<\/p>\n\n\n\n<p>Je\u015bli przyjrzymy si\u0119 \u201ez lotu ptaka\u201d, to w krajach arabskich (tak\u017ce p\u00f3\u0142nocnoafryka\u0144skich) do zniszczenia \u015bwieckich rz\u0105d\u00f3w (baasistowskich), kt\u00f3re posz\u0142y w stron\u0119 dekolonizacji, modernizacji drog\u0105 socjalizmu i etatyzmu, znacjonalizowa\u0142y z\u0142o\u017ca ropy i przemys\u0142 naftowy oraz inne przemys\u0142y wydobywcze, USA i Anglia pos\u0142ugiwa\u0142y si\u0119 ekstremizmem muzu\u0142ma\u0144skim (wyj\u0105tek \u2013 Iran i operacja Ajax \u2013 tam USA i Anglia zniszczy\u0142y \u015bwiecki \u201esocjalistyczny\u201d rz\u0105d&nbsp;<a href=\"https:\/\/en.wikipedia.org\/wiki\/Mohammad_Mosaddegh\">Mossadegha<\/a>&nbsp;by zainstalowa\u0107 monarchi\u0119, wygnan\u0105 nast\u0119pnie przez szyit\u00f3w \u2013 z kt\u00f3rymi do dzi\u015b USA i \u201ewolny \u015bwiat\u201d wojuj\u0105 przy u\u017cyciu sunnickich ekstremist\u00f3w). W krajach Ameryki \u015arodkowej i Po\u0142udniowej wykorzystano na znaczn\u0105 skal\u0119 \u201eideologi\u0119\u201d \u201eantykomunistyczn\u0105\u201d i fanatyzm katolicki, kt\u00f3rym niszczono&nbsp;<a href=\"https:\/\/en-m-wikipedia-org.translate.goog\/wiki\/Liberation_theology?_x_tr_sl=en&amp;_x_tr_tl=pl&amp;_x_tr_hl=en-US&amp;_x_tr_pto=wapp\">antykolonialn\u0105 \u201eteologi\u0119 wyzwolenia\u201d<\/a>&nbsp;(w\u0105tpliwym bohaterem by\u0142 tu ponownie ww. ksi\u0105dz profesor M. Poradowski). W Afryce \u015arodkowej i Po\u0142udniowej stosowano metody prowokowania wojen mi\u0119dzyplemiennych (domowych lub przekraczaj\u0105cych granice pa\u0144stwowe) i szeroko stosowano formacje antykomunistycznych najemnik\u00f3w-ochotnik\u00f3w z ca\u0142ego \u201ewolnego \u015bwiata\u201d \u2013 przy czym niszczono tak naprawd\u0119 pa\u0144stwa chc\u0105ce p\u00f3j\u015b\u0107 jedyn\u0105 mo\u017cliw\u0105 drog\u0105 dekolonizacji poprzez nacjonalizacj\u0119 maj\u0105tku produkcyjnego, co trwale ucina\u0142o globalnej etnicznej oligarchii kapita\u0142owej mo\u017cliwo\u015bci kontrolowania polityki i spo\u0142ecze\u0144stw tych pa\u0144stw poprzez kontrol\u0119 nad gospodark\u0105 i mediami (tak\u017ce za po\u015brednictwem lokalnych elit kompradorskich \u2013 oligarch\u00f3w i latyfundyst\u00f3w).<\/p>\n\n\n\n<p>Nazi\u015bci, w tym banderowcy od pocz\u0105tku cieszyli si\u0119 szczeg\u00f3lnym sentymentem realnych w\u0142adc\u00f3w USA. Byli postrzegani jako naturalni sojusznicy przeciw \u201ebolszewizmowi\u201d, z obszernym do\u015bwiadczeniem militarnym i \u015bci\u015ble terrorystycznym (co wkr\u00f3tce bole\u015bnie odczu\u0142y niekt\u00f3re spo\u0142ecze\u0144stwa Ameryki Po\u0142udniowej i \u015arodkowej). Banderowcy byli dodatkowo cennym nabytkiem, poniewa\u017c posiadali siatki oddanych fanatyk\u00f3w wewn\u0105trz ukrai\u0144skiej SRR, a po 1955r \u2013 po chruszczowowskiej amnestii \u2013 znale\u017ali si\u0119 w najr\u00f3\u017cniejszych geograficznie i organizacyjnie obszarach administracji i s\u0142u\u017cb ZSRR. Stali si\u0119 wi\u0119c wymarzon\u0105 \u201epi\u0105t\u0105 kolumn\u0105\u201d USA \u2013 kt\u00f3rej nie trzeba by\u0142o niczym przekupi\u0107 przeciw ZSRR ani przesadnie szczodrze op\u0142aca\u0107. Po kompromitacji Juszczenki, Tymoszenko i ca\u0142ej robionej przez USA \u201ePomara\u0144czowej Rewolucji\u201d Partia Region\u00f3w zosta\u0142a najsilniejszym ugrupowaniem Ukrainy (<a href=\"https:\/\/swiatowid.video.blog\/2022\/05\/09\/rola-banderyzmu-nazizmu-i-wszelkich-ekstremizmow-w-polityce-miedzynarodowej-usa-oraz-operacjach-specjalnych-cia-i-mi6\/#AZOV_i_Centuria\">patrz ramka<\/a>) i dla realnych w\u0142adc\u00f3w USA sta\u0142o si\u0119 jasne, \u017ce demokratycznymi metodami nie da si\u0119 przej\u0105\u0107 w\u0142adzy na Ukrainie. W latach 2007-2008 zapad\u0142a zakulisowa decyzja o aktywacji banderyzmu, kt\u00f3rej zatrute \u201eowoce\u201d ogl\u0105damy od 2014r. za nasz\u0105 wschodni\u0105 granic\u0105 (tzn. ogl\u0105daj\u0105 ci, kt\u00f3rzy szukaj\u0105 fakt\u00f3w zamiast zadowala\u0107 si\u0119 \u201ewiedz\u0105\u201d oferowan\u0105 przez media \u201ewolnego \u015bwiata\u201d).<\/p>\n\n\n\n<p>Na koniec tego wst\u0119pu chcia\u0142bym jeszcze zwr\u00f3ci\u0107 uwag\u0119 czytelnik\u00f3w na ma\u0142y drobiazg, wstydliwie pomijany w naszych i \u201e\u015bwiatowych\u201d mediach. \u201eBanderyzm\u201d nie jest \u017cadn\u0105 form\u0105 \u201eukrai\u0144skiego nacjonalizmu\u201d, w szczeg\u00f3lno\u015bci \u2013 ukrai\u0144skiego jako wszechogarniaj\u0105cego spo\u0142ecze\u0144stwo Ukrainy nie uznaj\u0105ce si\u0119 za Rosjan. Jak ju\u017c wspomnia\u0142em w tek\u015bcie (<a href=\"https:\/\/swiatowid.video.blog\/2022\/04\/03\/amerykansko-ukrainskie-ludobojstwo-na-rosjanach-maskowane-obrona-ukrainy-relacje-mieszkancow-mariupola\/\">\u201eAmeryka\u0144sko\u201d-ukrai\u0144skie ludob\u00f3jstwo na Rosjanach maskowane \u201eobron\u0105\u201d Ukrainy \u2013 relacje mieszka\u0144c\u00f3w Mariupola<\/a>) po\u0142udniowa i wschodnia cz\u0119\u015b\u0107 wsp\u00f3\u0142czesnej Ukrainy to Noworosja, zamieszka\u0142a w wi\u0119kszo\u015bci przez etnicznych Rosjan (cz\u0119\u015b\u0107 nie okre\u015bla si\u0119 ju\u017c jako \u201erosyjskoj\u0119zyczni\u201d, ale z pochodzenia \u017cadnymi \u201eUkrai\u0144cami\u201d nie s\u0105, tylko potomkami g\u0142\u00f3wnie rosyjskich osadnik\u00f3w). Ale nawet poza Noworosj\u0105 \u201eUkrai\u0144cami\u201d w sensie banderowskim byli jedynie mieszka\u0144cy Galicji, czyli podzbi\u00f3r ludno\u015bci ruskiej odr\u00f3\u017cniaj\u0105cy si\u0119 od mieszka\u0144c\u00f3w reszty \u00f3wczesnego terytorium Cesarstwa Rosyjskiego bardzo istotnie \u2013 religi\u0105 (ko\u015bci\u00f3\u0142 unicki w odr\u00f3\u017cnieniu od \u201eruskiej\u201d cerkwi) i mow\u0105 (specyficzn\u0105 gwar\u0105 powsta\u0142\u0105 w efekcie polonizacji i germanizacji). Zasi\u0119g \u201eetnicznego narodu ukrai\u0144skiego\u201d (w rozumieniu banderowskim), sztucznie stworzonego z Rusin\u00f3w przez austrow\u0119giersk\u0105 administracj\u0119 (jako przeciwwag\u0119 polityczn\u0105 dla polskiej ludno\u015bci i swoist\u0105 \u201ebro\u0144 ideologiczn\u0105\u201d do planowanego podpalenia przy nadarzaj\u0105cej si\u0119 okazji wschodnich obszar\u00f3w Imperium Rosyjskiego), przedstawia mapka poni\u017cej:<br><img loading=\"lazy\" decoding=\"async\" src=\"https:\/\/swiatowidvideo.files.wordpress.com\/2022\/05\/galicja_narod_banderowski.jpg?w=776\" alt=\"\" width=\"776\" height=\"484\" srcset=\"https:\/\/swiatowidvideo.files.wordpress.com\/2022\/05\/galicja_narod_banderowski.jpg?w=776&amp;zoom=2 1.5x\"><br>Zasi\u0119g terytorialny \u201enarodu ukrai\u0144skiego\u201d w momencie stworzenia go w Galicji. Czarnym konturem zaznaczono granice pa\u0144stwa ukrai\u0144skiego z roku 2014, przed secersj\u0105 Krymu.<\/p>\n\n\n\n<p>Osoby oburzone moim stwierdzeniem, \u017ce banderowka (OUNowska) wizja narodu ukrai\u0144skiego by\u0142a \u201ew warunkach naturalnych\u201d (przed przej\u0119ciem pa\u0144stwa i aparatu przymusu przez banderowc\u00f3w w 2014r.) lokalnym, galicyjskim fenomenem zach\u0119cam do rzutu okiem na wyniki ostatnich wolnych wybor\u00f3w na Ukrainie \u2013 z 2012r. \u2013 i przyjrzenie si\u0119 gdzie banderowska partia \u201eSwoboda\u201d odnios\u0142a wtedy sukcesy.<\/p>\n\n\n\n<p><small><br>Wyniki wybor\u00f3w parlamentarnych w 2012r. na Ukrainie. Kolory okr\u0119g\u00f3w wyborczych wg zwyci\u0119zc\u00f3w. Banderowcy ze \u201eSwobody\u201d \u2013 kolor brunatny.<\/small><\/p>\n\n\n\n<hr class=\"wp-block-separator has-alpha-channel-opacity\"\/>\n\n\n\n<p><strong>Autor:<\/strong>&nbsp;Thierry Meyssan<br><strong>Tytu\u0142:<\/strong>&nbsp;Sojusz MI6, CIA i banderowc\u00f3w (<em>The alliance of MI6, the CIA and the Banderites<\/em>)<br><strong>Opublikowano:<\/strong>&nbsp;12.04.2022<br><strong>T\u0142umaczenie i komentarze:<\/strong>&nbsp;<a href=\"https:\/\/swiatowid.video.blog\/\">\u015awiatowid, swiatowid.video.blog<\/a><br><strong>\u0179r\u00f3d\u0142o:<\/strong>&nbsp;<a href=\"https:\/\/www.voltairenet.org\/article216406.html\">The alliance of MI6, the CIA and the Banderites<\/a>&nbsp;[<a href=\"https:\/\/web.archive.org\/web\/20220429205032\/https:\/\/www.voltairenet.org\/article216406.html\">kopia bezpiecze\u0144stwa<\/a>].<\/p>\n\n\n\n<p>Po wykazaniu, \u017ce wojna na Ukrainie zosta\u0142a przygotowana przez&nbsp;<a href=\"https:\/\/swiatowid.video.blog\/2022\/05\/07\/fasady-wladzy-w-usa-straussisci-i-inne-koterie-a-wojna-proxy-usa-przeciw-rosji-na-ukrainie\/\">straussist\u00f3w<\/a>&nbsp;[en.:&nbsp;<em>straussians<\/em>](<em><strong>\u015awiatowid<\/strong>: elity polityczne USA ukszta\u0142towane lub inspirowane my\u015bl\u0105&nbsp;<a href=\"https:\/\/en.wikipedia.org\/wiki\/Leo_Strauss\">Leo Straussa<\/a>, sprowadzaj\u0105c\u0105 si\u0119 do antydemokratycznych rz\u0105d\u00f3w sprawowanych za pomoc\u0105 oszukiwania mas przez elity i szerzenia neokonserwatywnej (neoliberalnej) organizacji spo\u0142ecze\u0144stw wszystkich pa\u0144stw za pomoc\u0105 mi\u0119dzynarodowego terroru; dobr\u0105 ilustracj\u0105 praktycznej realizacji \u201efilozofii politycznej\u201d&nbsp;<a href=\"https:\/\/swiatowid.video.blog\/2022\/05\/07\/fasady-wladzy-w-usa-straussisci-i-inne-koterie-a-wojna-proxy-usa-przeciw-rosji-na-ukrainie\/\">straussist\u00f3w<\/a>&nbsp;by\u0142 okres prezydentury m\u0142odego J.W. Buscha; nale\u017cy podkre\u015bli\u0107, \u017ce&nbsp;<a href=\"https:\/\/swiatowid.video.blog\/2022\/05\/07\/fasady-wladzy-w-usa-straussisci-i-inne-koterie-a-wojna-proxy-usa-przeciw-rosji-na-ukrainie\/\">niezale\u017cnie od tego, czy u w\u0142adzy s\u0105 \u201estraussi\u015bci\u201d czy inny garnitur \u201eelit\u201d USA, nic nie ulega zmianie [dlaczego \u2013 patrz link]<\/a>&nbsp;\u2013 ani w zakresie oszukiwania spo\u0142ecze\u0144stwa ani w zakresie mi\u0119dzynarodowego terroru szerzonego przez USA pod postaci\u0105 wojen, \u201ekolorowych rewolucji\u201d czy zwyk\u0142ych zamach\u00f3w stanu \u2013 zorientowanych na instalowanie swoich \u201eelit kompradorskich\u201d w ka\u017cdym zak\u0105tku globu, w celu eksploatacji ekonomicznej lub podpalania kolejnych pa\u0144stw regionu.<\/em>) i wywo\u0142ana&nbsp;<a href=\"https:\/\/swiatowid.video.blog\/2022\/04\/09\/jacques-baud-jak-usa-ue-i-francja-podpalily-ukraine-i-jak-zachodnie-media-oklamaly-spoleczenstwa-zachodu-kto-i-jak-wywolal-wojne\/\">17 lutego przez atak Kijowa na Donbas<\/a>, Thierry Meyssan powraca do tajnej historii, kt\u00f3ra od upadku Trzeciej Rzeszy \u0142\u0105czy Anglosas\u00f3w z Banderowcami. Bije na alarm: od trzydziestu lat nie jeste\u015bmy w stanie dostrzec odradzania si\u0119 nazistowskiego rasizmu na Ukrainie i w krajach przyba\u0142tyckich, nie widzimy te\u017c, \u017ce wielu z \u201emile widzianych\u201d w UE ukrai\u0144skich cywil\u00f3w jest przesi\u0105kni\u0119tych ideologi\u0105 banderowsk\u0105. Istniej\u0105 powody do obaw, \u017ce w Europie Zachodniej zaczn\u0105 si\u0119 [dokonywane przez nich] nazistowskie ataki, zanim si\u0119 obudzimy.<\/p>\n\n\n\n<h2 class=\"wp-block-heading\">Zachodnie wsparcie dla nazizmu (1933-1940)<\/h2>\n\n\n\n<p>Olbrzymie wsparcie Stan\u00f3w Zjednoczonych i ich sojusznik\u00f3w dla ukrai\u0144skich banderowc\u00f3w przeciwko Rosji mo\u017cna por\u00f3wna\u0107 do wsparcia tej samej strony w pocz\u0105tkowym okresie istnienia hitlerowskich Niemiec przeciwko ZSRR. Pami\u0119tajmy, \u017ce absolutnie wszystkie pa\u0144stwa zachodnie bez wyj\u0105tku wierzy\u0142y, w tym czy innym czasie, \u017ce nazi\u015bci s\u0105 rozwi\u0105zaniem kryzysu gospodarczego 1929 roku. Tylko oni wydawali si\u0119 oferowa\u0107 wiarygodn\u0105 alternatyw\u0119 dla kapitalizmu (<em><strong>\u015awiatowid<\/strong>: W prowadz\u0105cym socjalistyczna gospodark\u0119 planowan\u0105 ZSRR Wielki Kryzys mia\u0142 tylko jeden skutek dla rozwoju \u2013 mo\u017cna by\u0142o taniej kupi\u0107 licencje i wyposa\u017cenie fabryk; mimo to faszystowsko \u2013 nazistowska polityka \u201enakr\u0119cania koniunktury\u201d za pomoc\u0105 proto-keynesistowskich (finansowanych z kolosalnych kredyt\u00f3w!) rob\u00f3t publicznych, inwestycji infrastrukturalnych i zbroje\u0144 by\u0142a uznawana za \u201ealternatyw\u0119\u201d, a socjalizm i centralne planowanie \u2013 nie \u2013 dlaczego? Bo oligarchie kapitalistyczne nie chcia\u0142y odda\u0107 maj\u0105tk\u00f3w ani w\u0142adzy pa\u0144stwowym technokratom. Nazizm i faszyzm tworzy\u0142y symbioz\u0119 z oligarchi\u0105 kapita\u0142ow\u0105 i pozwala\u0142y jej zachowa\u0107 w\u0142asno\u015b\u0107 i cz\u0119\u015b\u0107 w\u0142adzy, socjalizm takiej mo\u017cliwo\u015bci nie dawa\u0142, wi\u0119c by\u0142 nieakceptowalny,&nbsp;<a href=\"https:\/\/en.wikipedia.org\/wiki\/Economy_of_the_Soviet_Union#\/media\/File:GDP_per_capita_development_of_the_Soviet_Union.svg\">mimo osi\u0105gania lepszych wynik\u00f3w ni\u017c faszyzm i nazizm<\/a>&nbsp;[<a href=\"https:\/\/swiatowidvideo.files.wordpress.com\/2022\/05\/gdp_per_capita_development_of_the_soviet_union.svg_.png\">kopia<\/a>]. Zwracam uwag\u0119 \u2013 \u201enazizm\u201d poza cz\u0142onem nazwy [niem.: Nazismus \u2013 Nationalsozialismus] nie mia\u0142 nic wsp\u00f3lnego z socjalizmem, pozostawia\u0142 w stanie nienaruszonym stan posiadania oligarchii kapita\u0142owej i postfeudalnej<\/em>). Oczywi\u015bcie, prawie wszyscy ci ludzie zmienili zdanie, gdy nazistowskie zagro\u017cenie obr\u00f3ci\u0142o si\u0119 przeciwko nim.<\/p>\n\n\n\n<p>Dla przyk\u0142adu przypomnijmy, \u017ce francuski minister spraw zagranicznych Georges Bonnet, oczarowany (anty)\u017cydowsk\u0105 polityk\u0105 Rzeszy, zaproponowa\u0142 swojemu niemieckiemu odpowiednikowi Joachimowi von Ribbentropowi deportacj\u0119 francuskich, polskich i niemieckich \u017byd\u00f3w do odleg\u0142ej kolonii \u2013 Madagaskaru&nbsp;<a><\/a><a href=\"https:\/\/swiatowid.video.blog\/2022\/05\/09\/rola-banderyzmu-nazizmu-i-wszelkich-ekstremizmow-w-polityce-miedzynarodowej-usa-oraz-operacjach-specjalnych-cia-i-mi6\/#_1\">[1]<\/a>. 6 grudnia 1938 r. ten sam Georges Bonnet podpisa\u0142 z Joachimem Ribbentropem, ministrem spraw zagranicznych Rzeszy, francusko-niemieckie zobowi\u0105zanie do pokojowej wsp\u00f3\u0142pracy.<\/p>\n\n\n\n<p>Brytyjski premier Neuville Chamberlain zorganizowa\u0142 uk\u0142ad monachijski z 30 wrze\u015bnia 1938 r., kt\u00f3ry zlikwidowa\u0142 Czechos\u0142owacj\u0119 zaspokajaj\u0105c terytorialne roszczenia Rzeszy&nbsp;<a><\/a><a href=\"https:\/\/swiatowid.video.blog\/2022\/05\/09\/rola-banderyzmu-nazizmu-i-wszelkich-ekstremizmow-w-polityce-miedzynarodowej-usa-oraz-operacjach-specjalnych-cia-i-mi6\/#_2\">[2]<\/a>, a prezes Banku Anglii Montagu Norman ukrad\u0142 27 ton czechos\u0142owackiego z\u0142ota, by wzmocni\u0107 armie nazist\u00f3w&nbsp;<a><\/a><a href=\"https:\/\/swiatowid.video.blog\/2022\/05\/09\/rola-banderyzmu-nazizmu-i-wszelkich-ekstremizmow-w-polityce-miedzynarodowej-usa-oraz-operacjach-specjalnych-cia-i-mi6\/#_3\">[3]<\/a>&nbsp;(<em><strong>\u015awiatowid<\/strong>: okradanie innych pa\u0144stw ze z\u0142ota to stare anglosaskie \u201ehobby\u201d od czas\u00f3w sir F. Drake\u2019a;&nbsp;<a href=\"https:\/\/web.archive.org\/web\/20201128150424\/https:\/\/www.bbc.com\/news\/world-latin-america-53262767\">zdeponowana w Banku Anglii rezerwa z\u0142ota Wenezueli o warto\u015bci 1 mld dolar\u00f3w zosta\u0142a zablokowana i przyznana uzurpatorowi wspieranemu przez USA \u2013 J. Guaido<\/a><\/em>).<br>Prescot Bush, ojciec prezydenta George\u2019a H. Busha i dziadek prezydenta George\u2019a W. Busha, zainwestowa\u0142 w 1940 r. w fabryki obozu koncentracyjnego w O\u015bwi\u0119cimiu (kt\u00f3ry dopiero w 1942 r. sta\u0142 si\u0119 obozem zag\u0142ady)&nbsp;<a><\/a><a href=\"https:\/\/swiatowid.video.blog\/2022\/05\/09\/rola-banderyzmu-nazizmu-i-wszelkich-ekstremizmow-w-polityce-miedzynarodowej-usa-oraz-operacjach-specjalnych-cia-i-mi6\/#_4\">[4]<\/a>.<\/p>\n\n\n\n<p>Po upadku nazizmu ludzie ci (banderowcy) nie zostali postawieni przed s\u0105dem. Wr\u0119cz przeciwnie, starano si\u0119 wci\u0105gn\u0105\u0107 ich we w\u0142asne szeregi i zapomnie\u0107 o tych zbrodniach.<\/p>\n\n\n\n<p>Ko\u015bci\u00f3\u0142 [rzymski katolicki] nie zdo\u0142a\u0142 w tej konfrontacji [z ZSRR] unikn\u0105\u0107 posuni\u0119\u0107 wysoce dyskusyjnych od strony moralno-etycznej. Jedn\u0105 z takich spraw by\u0142o np. zwie\u0144czone sukcesem zaanga\u017cowanie papie\u017ca Piusa XII w ocalenie internowanych w Rimini \u017co\u0142nierzy&nbsp;<strong>SS Galizien<\/strong>&nbsp;przed deportacj\u0105 do ZSRR. Co ciekawe, \u017co\u0142nierze SS Galizien [<em><strong>\u015awiatowid<\/strong>:&nbsp;<a href=\"https:\/\/web.archive.org\/web\/20210302142247\/https:\/\/justice4poland.com\/2017\/04\/07\/trzecia-lista-andersa\/\">Szandruk, dawny podw\u0142adny Andersa<\/a><\/em>] zwr\u00f3cili si\u0119 z pro\u015bb\u0105 o pomoc r\u00f3wnie\u017c do gen. W\u0142adys\u0142awa Andersa, kt\u00f3rego II Korpus kontrolowa\u0142 w\u00f3wczas Rimini \u2013 i pomoc tak\u0105, jako \u2026 \u201eobywatele II RP\u201d (!!!), otrzymali (patrz&nbsp;<a href=\"https:\/\/en.wikipedia.org\/wiki\/14th_Waffen_Grenadier_Division_of_the_SS_%281st_Ukrainian%29#Rimini\">\u201eRimini List\u201d<\/a>, po polsku, w wersji z\u0142agodzonej:&nbsp;<a href=\"https:\/\/pl.wikipedia.org\/wiki\/14_Dywizja_Grenadier%C3%B3w_SS_%281_ukrai%C5%84ska%29#cite_ref-24\">Anders i Watykan ratuj\u0105 je\u0144c\u00f3w z SS Galizien przed deportacj\u0105 do ZSRR<\/a>; w literaturze: Zygmunt Ma\u0144kowski, Wiek XX: studia, publicystyka, wspomnienia, Wyd. Uniwersytetu Marii Curie-Sk\u0142odowskiej, 2008, str 328; Marek Wierzbicki, Ocalone archiwum polski podziemnej: ziemie Wschodnie II RP w dokumentach ze zbioru Wojciecha Bukata, Instytut Studi\u00f3w Politycznych Polskiej Akademii Nauk, 1 sty. 1997, str. 25).<br>Fragment tekstu:&nbsp;<a href=\"https:\/\/ptto.wordpress.com\/2014\/03\/23\/sekrety-watykanu-jak-papiez-polak-jan-pawel-ii-zaprzagl-polskich-ksiezy-do-wspolpracy-z-cia-przeciw-prl\/\">Sekrety Watykanu: Jak papie\u017c-Polak Jan Pawe\u0142 II zaprz\u0105g\u0142 polskich ksi\u0119\u017cy do wsp\u00f3\u0142pracy z CIA przeciw PRL<\/a><br><em><strong>\u015awiatowid<\/strong>: W tek\u015bcie jest nieco ciekawostek zwi\u0105zanych z ratowaniem przez KRK nazistowskich zbrodniarzy i ich kolaborant\u00f3w, warto tam zajrze\u0107.<\/em><\/p>\n\n\n\n<h2 class=\"wp-block-heading\">Rola Ukrai\u0144c\u00f3w w czasie zimnej wojny<\/h2>\n\n\n\n<p>W czasie II wojny \u015bwiatowej teoretyk nazizmu Alfred Rosenberg i minister spraw wschodnich (Ostminister) powierzy\u0142 \u0141otyszowi Gerhardowi von Mende zorganizowanie agitacji narod\u00f3w ZSRR do kolaboracji z f\u00fchrerem Adolfem Hitlerem. W ten spos\u00f3b opracowa\u0142 model manipulacji mniejszo\u015bciami, kt\u00f3ry zosta\u0142 przej\u0119ty przez CIA po upadku III Rzeszy. Von Mende, z pomoc\u0105 wielkiego muftiego Jerozolimy Amina al-Husseiniego, stworzy\u0142 szko\u0142y dla mu\u0142\u0142\u00f3w w Getyndze i Dre\u017anie, powo\u0142a\u0142 wielkiego muftiego na Krymie i zwerbowa\u0142 wschodnie pu\u0142ki SS. By\u0142 tak\u017ce opiekunem ukrai\u0144skiego \u201enacjonalisty\u201d Stepana Bandery.<br><small><br>Radio Liberty w Monachium. W tym samym czasie pracowali tam Stepan Bandera, przyw\u00f3dca ukrai\u0144skich kolaborant\u00f3w nazistowskich, i Said Ramadan, nast\u0119pca Hassana el-Banny na czele Bractwa Muzu\u0142ma\u0144skiego.<\/small><\/p>\n\n\n\n<p>W Waszyngtonie prezydenci Truman, a nast\u0119pnie Eisenhower postanowili skupi\u0107 si\u0119 na wojnie psychologicznej przeciwko ZSRR. CIA stworzy\u0142a AmComLib (Ameryka\u0144ski Komitet Wyzwolenia Narod\u00f3w ZSRR), kt\u00f3ry prowadzi\u0142 Radio Liberty z Monachium. Na jego czele stan\u0105\u0142 Gerhard von Mende. To on zaproponowa\u0142 za\u0142o\u017cenie meczetu w Monachium, co ostatecznie powierzono Saidowi Ramadanowi (zi\u0119ciowi za\u0142o\u017cyciela Bractwa Hassana el-Banny)&nbsp;<a><\/a><a href=\"https:\/\/swiatowid.video.blog\/2022\/05\/09\/rola-banderyzmu-nazizmu-i-wszelkich-ekstremizmow-w-polityce-miedzynarodowej-usa-oraz-operacjach-specjalnych-cia-i-mi6\/#_5\">[5]<\/a>. To on tak\u017ce rozwi\u0105za\u0142 problemy Stepana Bandery i przekaza\u0142 go MI6 i CIA&nbsp;<a><\/a><a href=\"https:\/\/swiatowid.video.blog\/2022\/05\/09\/rola-banderyzmu-nazizmu-i-wszelkich-ekstremizmow-w-polityce-miedzynarodowej-usa-oraz-operacjach-specjalnych-cia-i-mi6\/#_6\">[6]<\/a>.<\/p>\n\n\n\n<p>By\u0142y zast\u0119pca Stepana Bandery i narzucony przez nazist\u00f3w premier Ukrainy, Jaros\u0142aw Ste\u0107ko, by\u0142 na polecenie III Rzeszy jednym z za\u0142o\u017cycieli Antybolszewickiego Bloku Narod\u00f3w (ABN) w czasie II wojny \u015bwiatowej. W czasie zimnej wojny kontynuowa\u0142 dzia\u0142alno\u015b\u0107 ABN, tym razem na rzecz Stan\u00f3w Zjednoczonych. W zwi\u0105zku z tym sta\u0142 si\u0119 filarem \u015awiatowej Ligi Antykomunistycznej (WACL) utworzonej przez CIA&nbsp;<a><\/a><a href=\"https:\/\/swiatowid.video.blog\/2022\/05\/09\/rola-banderyzmu-nazizmu-i-wszelkich-ekstremizmow-w-polityce-miedzynarodowej-usa-oraz-operacjach-specjalnych-cia-i-mi6\/#_7\">[7]<\/a>.<\/p>\n\n\n\n<p>Siedziba ABN znajdowa\u0142a si\u0119 w Monachium, sk\u0105d Stepan Bandera i Jaros\u0142aw Ste\u0107ko (Stetsko) prowadzili akcje sabota\u017cowe w ZSRR. Przewodnicz\u0105cym ABN by\u0142 Du\u0144czyk Ole Bj\u00f8rn Kraft, by\u0142y przewodnicz\u0105cy Rady P\u00f3\u0142nocnoatlantyckiej (cywilnego organu dowodz\u0105cego si\u0142ami alianckimi). Kilka operacji zaplanowano we wsp\u00f3\u0142pracy z CIA i MI6, tzn. pod nadzorem Franka Wisnera (dziadka Nicolasa Sarkozy\u2019ego z ma\u0142\u017ce\u0144stwa) i Kima Philby\u2019ego. Ten ostatni zdradzi\u0142 jednak Angli\u0119 i przekaza\u0142 informacje o operacjach KGB, co doprowadzi\u0142o do ich niepowodzenia&nbsp;<a><\/a><a href=\"https:\/\/swiatowid.video.blog\/2022\/05\/09\/rola-banderyzmu-nazizmu-i-wszelkich-ekstremizmow-w-polityce-miedzynarodowej-usa-oraz-operacjach-specjalnych-cia-i-mi6\/#_8\">[8]<\/a>.<\/p>\n\n\n\n<p>Jeden ze wsp\u00f3\u0142pracownik\u00f3w Jaros\u0142awa Ste\u0107ko (Stetsko), Lew Dobrza\u0144ski (Dobriansky), zosta\u0142 ambasadorem USA na Wyspach Bahama, a jego c\u00f3rka Paula Dobrza\u0144skiego pe\u0142ni\u0142a funkcj\u0119&nbsp;<strong>podsekretarza stanu ds. demokracji<\/strong>&nbsp;(sic) w administracji George\u2019a W. Busha. To w\u0142a\u015bnie pani Dobriansky przez dziesi\u0119\u0107 lat finansowa\u0142a badania historyczne, kt\u00f3rych celem by\u0142o sprawienie, by ludzie zapomnieli, \u017ce Ho\u0142odomor, wielki g\u0142\u00f3d, kt\u00f3ry dotkn\u0105\u0142 Ukrain\u0119 w latach 1932-33, spustoszy\u0142 r\u00f3wnie\u017c Rosj\u0119 i Kazachstan, i by uwierzyli, \u017ce to Stalin podj\u0105\u0142 decyzj\u0119 o wyeliminowaniu narodu ukrai\u0144skiego. Mit ten jest manipulacj\u0105 banderowc\u00f3w, aby wm\u00f3wi\u0107 ludziom, \u017ce Rosjanie od wiek\u00f3w nienawidz\u0105 Ukrai\u0144c\u00f3w. Parlament Europejski popar\u0142 ten mit w 2008 roku&nbsp;<a><\/a><a href=\"https:\/\/swiatowid.video.blog\/2022\/05\/09\/rola-banderyzmu-nazizmu-i-wszelkich-ekstremizmow-w-polityce-miedzynarodowej-usa-oraz-operacjach-specjalnych-cia-i-mi6\/#_9\">[9]<\/a>&nbsp;(<em><strong>\u015awiatowid<\/strong>: zwracam tu uwag\u0119, \u017ce budowanie skrajnej nienawi\u015bci do Rosji i Rosjan oraz wszystkich, kt\u00f3rzy zostan\u0105 wskazani jako stronnicy Rosji to proces d\u0142ugotrwa\u0142y. Odpowiednie operacje psychologiczne zacz\u0119\u0142y si\u0119 na Ukrainie zapewne zaraz po rozpadzie ZSRR w 1991r., kiedy agentura USA i banderowcy z USA i Kanady uzyskali pe\u0142n\u0105 swobod\u0119 dzia\u0142ania na Ukrainie. Odbudowa banderyzmu przebiega\u0142a w tle, podczas gdy inny garnitur \u201edemokrat\u00f3w\u201d wspieranych przez USA zajmowa\u0142 si\u0119 agitacj\u0105 proeuropejsk\u0105 \u2013 z pierwszym znacz\u0105cym sukcesem w postaci \u201epomara\u0144czowej rewolucji\u201d; wartym odnotowania faktem jest to, \u017ce oskar\u017cony o sfa\u0142szowanie drugiej tury wybor\u00f3w Janukowycz w powt\u00f3rzonych wyborach przegra\u0142 bardzo nieznacznie z Juszczenk\u0105, kt\u00f3ry dosta\u0142 51,99% g\u0142os\u00f3w \u2013 zauwa\u017cmy, \u017ce po ostrej nagonce medialnej i oskar\u017ceniach o fa\u0142szerstwa wyborcze; ju\u017c wtedy pad\u0142y ze strony polityk\u00f3w Noworosji gro\u017aby secesji [Krym, Obwody Charkowski, \u0141uga\u0144ski i Doniecki;&nbsp;<a href=\"https:\/\/web.archive.org\/web\/20220508102911\/https:\/\/www.rmf24.pl\/tylko-w-rmf24\/wywiady\/news-ciosek-grozba-podzialu-ukrainy-to-straszak,nId,158383\">link 1<\/a>,&nbsp;<a href=\"https:\/\/archiwum.rp.pl\/artykul\/517078-Grozba-podzialu.html\">link 2<\/a><\/em>). Nast\u0119pnie Paula Dobriansky zajmowa\u0142a wysokie stanowiska w agencji Reuters, a obecnie pracuje w Atlantic Council. Podczas puczu na Majdanie by\u0142a wiceprezesem NED (National Endowment for Democracy).<\/p>\n\n\n\n<p>Prezydent Ronald Reagan i wiceprezydent George H. Bush powitali banderowc\u00f3w, w tym Jaros\u0142awa Ste\u0107ko, w 1983 r. w Bia\u0142ym Domu&nbsp;<a><\/a><a href=\"https:\/\/swiatowid.video.blog\/2022\/05\/09\/rola-banderyzmu-nazizmu-i-wszelkich-ekstremizmow-w-polityce-miedzynarodowej-usa-oraz-operacjach-specjalnych-cia-i-mi6\/#_10\">[10]<\/a>.<br><small><br>Jaros\u0142aw Ste\u0107ko w Bia\u0142ym Domu w 1983, gdzie zosta\u0142 wraz z innymi banderowcami zaproszony przez R. Reagana. Us\u0142yszeli tam od prezydenta USA: \u201eWasza walka to nasza walka. Wasze marzenia to nasze marzenia.\u201d<\/small><br>Bandera zosta\u0142 zamordowany przez KGB w 1955 roku. Ste\u0107ko zmar\u0142 w 1986 roku. Obaj m\u0119\u017cczy\u017ani s\u0105 pochowani na niemieckim cmentarzu Walffriedhof.<\/p>\n\n\n\n<h2 class=\"wp-block-heading\">Anglosaskie wsparcie dla d\u017cihadyst\u00f3w<\/h2>\n\n\n\n<p>W 1979 r. prezydent USA Jimmy Carter zezwoli\u0142 na przeprowadzenie operacji \u201eHurricane\u201d. Chodzi\u0142o o wys\u0142anie arabskich d\u017cihadyst\u00f3w, cz\u0142onk\u00f3w Bractwa Muzu\u0142ma\u0144skiego, do&nbsp;<a href=\"https:\/\/swiatowid.video.blog\/2022\/04\/17\/afganistan-nieznana-historia-kraju-niszczonego-od-1979-r-przez-usa-a-bronionego-przez-zsrr\/\">Afganistanu<\/a>, aby walczyli z komunistycznym rz\u0105dem. To w\u0142a\u015bnie wtedy ta ma\u0142a organizacja terrorystyczna sta\u0142a si\u0119 prawdziw\u0105 armi\u0105&nbsp;<a><\/a><a href=\"https:\/\/swiatowid.video.blog\/2022\/05\/09\/rola-banderyzmu-nazizmu-i-wszelkich-ekstremizmow-w-polityce-miedzynarodowej-usa-oraz-operacjach-specjalnych-cia-i-mi6\/#_11\">[11]<\/a>. Jedna rzecz prowadzi\u0142a do drugiej, od&nbsp;<a href=\"https:\/\/swiatowid.video.blog\/2022\/04\/17\/afganistan-nieznana-historia-kraju-niszczonego-od-1979-r-przez-usa-a-bronionego-przez-zsrr\/\">wojen w Afganistanie<\/a>&nbsp;do wojen w Jugos\u0142awii i Czeczenii, a w ko\u0144cu do Daesh (ISIS) w Iraku i Syrii&nbsp;<a><\/a><a href=\"https:\/\/swiatowid.video.blog\/2022\/05\/09\/rola-banderyzmu-nazizmu-i-wszelkich-ekstremizmow-w-polityce-miedzynarodowej-usa-oraz-operacjach-specjalnych-cia-i-mi6\/#_12\">[12]<\/a>.<\/p>\n\n\n\n<p><small><br>23 wrze\u015bnia 1953 r. prezydent Eisenhower przyj\u0105\u0142 w Bia\u0142ym Domu delegacj\u0119 Bractwa Muzu\u0142ma\u0144skiego. Ta organizacja terrorystyczna mia\u0142a odt\u0105d wsparcie CIA.<\/small><\/p>\n\n\n\n<p>Od czterdziestu lat wszystkie pa\u0144stwa cz\u0142onkowskie NATO s\u0105 zapraszane do udzielania \u201eazylu politycznego\u201d d\u017cihadystom \u201eprze\u015bladowanym\u201d przez arabskie dyktatury. Co najmniej 17 pa\u0144stw sojuszniczych uczestniczy\u0142o w \u201eoperacji Timber Sycamore\u201d, dostarczaj\u0105c d\u017cihadystom bro\u0144 wart\u0105 miliardy dolar\u00f3w&nbsp;<a><\/a><a href=\"https:\/\/swiatowid.video.blog\/2022\/05\/09\/rola-banderyzmu-nazizmu-i-wszelkich-ekstremizmow-w-polityce-miedzynarodowej-usa-oraz-operacjach-specjalnych-cia-i-mi6\/#_13\">[13]<\/a>, dop\u00f3ki nie zagrozili Zachodowi.<\/p>\n\n\n\n<h2 class=\"wp-block-heading\">Zachodnie wsparcie dla ukrai\u0144skich banderowc\u00f3w, chorwackich Ustasz\u00f3w i ba\u0142tyckich neonazist\u00f3w<\/h2>\n\n\n\n<p>W okresie zimnej wojny Stany Zjednoczone w\u0142\u0105czy\u0142y do swojego aparatu antysowieckiego by\u0142ych specjalist\u00f3w od represji nazistowskich. Pami\u0119tamy na przyk\u0142ad \u201eRze\u017anika z Lyonu\u201d, Klausa Barbiego, kt\u00f3ry zosta\u0142 szefem programu represji w Boliwii, czy Aloisa Brunera, kt\u00f3ry po eksterminacji \u017byd\u00f3w w Austrii, Grecji i Francji zosta\u0142 specjalnym doradc\u0105 (marionetkowego) prezydenta Syrii (przed powstaniem ruchu Baas i partii \u201ebaasistowskich\u201d,&nbsp;<em><strong>\u015awiatowid<\/strong>: kt\u00f3re odsun\u0119\u0142y komprador\u00f3w od w\u0142adzy w cz\u0119\u015bci \u015bwiata arabskiego<\/em>). Wydawa\u0142o si\u0119 jednak, \u017ce to wszystko sko\u0144czy\u0142o si\u0119 wraz z rozpadem ZSRR.<\/p>\n\n\n\n<p><small><br>M\u0142odzi Ukrai\u0144cy, cz\u0142onkowie OUN-B (tj. Organizacji Ukrai\u0144skich Nacjonalist\u00f3w w wariancie banderowskim), bior\u0105 udzia\u0142 w kursie sabota\u017cu w bazie NATO w Estonii (2006 r.). Szkolenie zako\u0144czy\u0142o si\u0119 z\u0142o\u017ceniem ho\u0142du \u017co\u0142nierzom niemieckim, esto\u0144skim i fi\u0144skim, kt\u00f3rzy zgin\u0119li za III Rzesz\u0119.<\/small><\/p>\n\n\n\n<p>Jednak boj\u00f3wki banderowskie, ustaszowskie i nazistowskie pojawi\u0142y si\u0119 w przestrzeni publicznej wraz z rozpadem Uk\u0142adu Warszawskiego i uzyskaniem niepodleg\u0142o\u015bci przez by\u0142e pa\u0144stwa radzieckie. Uzyska\u0142y one poparcie Anglosas\u00f3w (czytaj: rz\u0105dz\u0105cej \u201eanglosasami\u201d globalnej etnicznej oligarchii kapita\u0142owej) w uznaniu za kolaboracj\u0119 ich rodzic\u00f3w w czasie zimnej wojny. Przypominamy przyk\u0142ady:<\/p>\n\n\n\n<ul class=\"wp-block-list\">\n<li>W Bu\u0142garii od oko\u0142o 15 lat odbywa si\u0119 w Sofii coroczna impreza po\u015bwi\u0119cona pami\u0119ci genera\u0142a Hristo Lukova&nbsp;<a><\/a><a href=\"https:\/\/swiatowid.video.blog\/2022\/05\/09\/rola-banderyzmu-nazizmu-i-wszelkich-ekstremizmow-w-polityce-miedzynarodowej-usa-oraz-operacjach-specjalnych-cia-i-mi6\/#_14\">[14]<\/a>.<\/li>\n\n\n\n<li>W Estonii zacz\u0119\u0142o si\u0119 w 2009 r. od zwrotu proch\u00f3w pu\u0142kownika SS Alfonsa Rebane (\u201eesto\u0144skiego Rommla\u201d), po kt\u00f3rym nast\u0105pi\u0142o wmurowanie tablicy pami\u0105tkowej&nbsp;<a><\/a><a href=\"https:\/\/swiatowid.video.blog\/2022\/05\/09\/rola-banderyzmu-nazizmu-i-wszelkich-ekstremizmow-w-polityce-miedzynarodowej-usa-oraz-operacjach-specjalnych-cia-i-mi6\/#_15\">[15]<\/a>, za ka\u017cdym razem przy silnym wsparciu prezydenta Toomasa Hendrika Ilvesa (<strong>kt\u00f3ry sam by\u0142 urz\u0119dnikiem USA<\/strong>&nbsp;\u2013 na Ukrainie te\u017c jest w administracji wielu by\u0142ych ameryka\u0144skich urz\u0119dnik\u00f3w). Minister obrony Urmas Reinsalu odwiedzi\u0142 wysp\u0119 Saaremaa w 2012 r., aby wzi\u0105\u0107 udzia\u0142 w ceremonii \u201eSojuszu Esto\u0144skich Bojownik\u00f3w o Wolno\u015b\u0107\u201d (kolaborant\u00f3w nazistowskich) i pogratulowa\u0107 by\u0142ym esesmanom \u201ewyzwolenia ojczyzny\u201d&nbsp;<a><\/a><a href=\"https:\/\/swiatowid.video.blog\/2022\/05\/09\/rola-banderyzmu-nazizmu-i-wszelkich-ekstremizmow-w-polityce-miedzynarodowej-usa-oraz-operacjach-specjalnych-cia-i-mi6\/#_16\">[16]<\/a>.<\/li>\n\n\n\n<li>Na \u0141otwie prezydent Vaira V\u012b\u0137e-Freiberga (1999-2007) twierdzi, \u017ce \u201eSS by\u0142o bohaterami walki antysowieckiej\u201d. Zleci\u0142a zmian\u0119 szkolnych podr\u0119cznik\u00f3w historii i zezwoli\u0142a na organizowanie imprez upami\u0119tniaj\u0105cych tych \u201ebohater\u00f3w\u201d. \u0141otwa, gdzie jedna czwarta ludno\u015bci to Rosjanie, zakaza\u0142a u\u017cywania j\u0119zyka rosyjskiego w szko\u0142ach \u015brednich. Ponadto, wraz z Estoni\u0105, w 2018 r. zbudowa\u0142a mur na swojej granicy z Rosj\u0105&nbsp;<a><\/a><a href=\"https:\/\/swiatowid.video.blog\/2022\/05\/09\/rola-banderyzmu-nazizmu-i-wszelkich-ekstremizmow-w-polityce-miedzynarodowej-usa-oraz-operacjach-specjalnych-cia-i-mi6\/#_17\">[17]<\/a>.<\/li>\n\n\n\n<li><strong>W Boliwii MI6 opar\u0142o si\u0119 na spo\u0142eczno\u015bci chorwackich ustaszy, aby obali\u0107 prezydenta Evo Moralesa, w 2019 roku<\/strong>&nbsp;<a><\/a><a href=\"https:\/\/swiatowid.video.blog\/2022\/05\/09\/rola-banderyzmu-nazizmu-i-wszelkich-ekstremizmow-w-polityce-miedzynarodowej-usa-oraz-operacjach-specjalnych-cia-i-mi6\/#_18\">[18]<\/a>.<\/li>\n\n\n\n<li><em><strong>\u015awiatowid<\/strong>: Od siebie dodam, \u017ce zbudowany w III RP po 1989 r., na w\u0105tpliwych podstawach moralnych, kult \u201e\u017co\u0142nierzy wykl\u0119tych\u201d nie jest jakim\u015b tam spontanicznym dzia\u0142aniem historycznych hobbyst\u00f3w ani \u017c\u0105dnych prawdy i \u201esprawiedliwo\u015bci historycznej\u201d publicyst\u00f3w czy przypadkowych \u201eoszo\u0142om\u00f3w\u201d \u2013 cho\u0107 w budow\u0119 tego kultu da\u0142o si\u0119 wprz\u0119gn\u0105\u0107 wielu po\u017cytecznych idiot\u00f3w obu p\u0142ci. To jest zainicjowane i sterowane z USA dzia\u0142anie agenturalne (operacja psychologiczna \/ socjoin\u017cynieryjna) zorientowana na budow\u0119 okre\u015blonych sentyment\u00f3w spo\u0142ecze\u0144stwa \u2013 konkretnie \u2013 \u201eantysowieckich\u201d z bardzo agresywnie forsowan\u0105 asocjacj\u0105, \u017ce \u201esowieci\u201d i Rosjanie to dok\u0142adnie to samo, a Rosja to ZSRR. Ujmuj\u0105c to pro\u015bciej \u2013 od 1989r. w Polakach szczepiono nienawi\u015b\u0107 do Rosji i Rosjan, by nie protestowali, gdy b\u0119d\u0105 wykorzystani w ostatecznej rozgrywce przeciw Rosji \u2013 ta rozgrywka w\u0142a\u015bnie trwa, a dzia\u0142ania kompradorskich polskoj\u0119zycznych \u201eelit\u201d III RP s\u0105 ju\u017c jednoznacznie waszyngto\u0144sk\u0105 polityk\u0105 prowadzon\u0105 ogromnym dla narodu polskiego kosztem \u2013 przy czym termin p\u0142atno\u015bci wi\u0119kszo\u015bci tego kosztu na\u0142o\u017conego na nar\u00f3d polski dopiero nadejdzie \u2013 obok ruiny gospodarczej b\u0119dzie to m.in. (s\u0105dz\u0105c po o\u015bwiadczeniu Dudy z 03.05.2022)&nbsp;<a href=\"https:\/\/player.d.tube\/ipfs\/QmXJ9KhARZFwWENgVCjuqGDHU6Z8woVwxPLVGh2BeMA9EB\">kohabitacja z banderowcami w jednym pa\u0144stwie<\/a>&nbsp;\u2013 nie wiemy tylko, czy granica wschodnia tego \u201ewsp\u00f3lnego\u201d pa\u0144stwa b\u0119dzie przebiega\u0107 na Bugu, czy gdzie\u015b dalej na wsch\u00f3d.<\/em><\/li>\n<\/ul>\n\n\n\n<p>18 listopada 2020 roku Trzeci Komitet Zgromadzenia Og\u00f3lnego ONZ przyj\u0105\u0142 rezolucj\u0119 w sprawie \u201eZwalczania gloryfikacji nazizmu, neonazizmu i innych praktyk, kt\u00f3re przyczyniaj\u0105 si\u0119 do podsycania wsp\u00f3\u0142czesnych form rasizmu, dyskryminacji rasowej, ksenofobii i pokrewnych form nietolerancji\u201d (<a href=\"https:\/\/web.archive.org\/web\/20220429205032\/https:\/\/documents-dds-ny.un.org\/doc\/UNDOC\/LTD\/N20\/300\/01\/pdf\/N2030001.pdf?OpenElement\">UN A\/C.3\/75\/L.49<\/a>).&nbsp;<a href=\"https:\/\/swiatowidvideo.files.wordpress.com\/2022\/05\/un_16.12.2022_combating_glorification_of_nazism_neonazism.webp\">Wszyscy cz\u0142onkowie ONZ g\u0142osowali \u201eza\u201d, tylko Stany Zjednoczone i Ukraina g\u0142osowa\u0142y \u201eprzeciw\u201d. Wszyscy cz\u0142onkowie NATO i Unia Europejska wstrzymali si\u0119 od g\u0142osu<\/a>.<\/p>\n\n\n\n<h2 class=\"wp-block-heading\">Dmitrij Jarosz, agent NATO, kt\u00f3ry pozosta\u0142 z ty\u0142u. Te same przyczyny wywo\u0142uj\u0105 te same skutki<\/h2>\n\n\n\n<p>8 maja 2007 r. w Tarnopolu (zachodnia Ukraina) grupy nazist\u00f3w i islamist\u00f3w utworzy\u0142y \u201eFront Antyimperialistyczny\u201d, aby wsp\u00f3lnie walczy\u0107 przeciwko Rosji. Uczestniczy\u0142y w nim organizacje z Litwy, Polski, Ukrainy i Rosji, w tym islamscy separaty\u015bci z Krymu, Adygei, Dagestanu, Inguszetii, Kabardyno-Ba\u0142karii, Karaczajewa-Czerkiesji, Osetii i Czeczenii. Dokka Umarow, emir Czeczenii, uznawany przez ONZ za cz\u0142onka Al-Kaidy, nie m\u00f3g\u0142 uczestniczy\u0107 w spotkaniu z powodu mi\u0119dzynarodowych sankcji. Przewodnicz\u0105cym Frontu jest Dmytro Jarosz, kt\u00f3ry walczy\u0142 w Czeczenii. Wraz z Andrijem Bileckim, \u201eBia\u0142ym Fuhrerem\u201d, stworzy\u0142 Prawy Sektor, kt\u00f3ry przewodzi\u0142 rewolucji Euromajdanu, a nast\u0119pnie Batalion Azow. Od 2 listopada 2021 r. jest doradc\u0105 naczelnego dow\u00f3dcy armii ukrai\u0144skiej, genera\u0142a Walerija Za\u0142u\u017cnego.<\/p>\n\n\n\n<figure class=\"wp-block-image\"><img decoding=\"async\" src=\"https:\/\/web.archive.org\/web\/20220503202444im_\/https:\/\/www.voltairenet.org\/local\/cache-vignettes\/L400xH301\/216405-10-a29e4.jpg\" alt=\"7 kwietnia 2022 r. prezydent Zelensky wyst\u0105pi\u0142 przed greckim parlamentem. Podczas przem\u00f3wienia odtworzy\u0142 kr\u00f3tkie nagranie wideo. Ukrainiec greckiego pochodzenia przedstawi\u0142 si\u0119 jako cz\u0142onek pu\u0142ku Azow i pochwali\u0142 walk\u0119 swojej frakcji z Rosjanami.\" title=\"7 kwietnia 2022 r. prezydent Zelensky wyst\u0105pi\u0142 przed greckim parlamentem. Podczas przem\u00f3wienia odtworzy\u0142 kr\u00f3tkie nagranie wideo. Ukrainiec greckiego pochodzenia przedstawi\u0142 si\u0119 jako cz\u0142onek pu\u0142ku Azow i pochwali\u0142 walk\u0119 swojej frakcji z Rosjanami.\"\/><\/figure>\n\n\n\n<p>7 kwietnia 2022 r. prezydent Zelensky wyst\u0105pi\u0142 przed greckim parlamentem. Podczas przem\u00f3wienia odtworzy\u0142 kr\u00f3tkie nagranie wideo. Ukrainiec greckiego pochodzenia przedstawi\u0142 si\u0119 jako cz\u0142onek pu\u0142ku Azow i pochwali\u0142 walk\u0119 swojej frakcji z Rosjanami.<\/p>\n\n\n\n<p>Od czasu rozpadu ZSRR na Ukrainie od\u017cy\u0142y stare demony (<em><strong>\u015awiatowid<\/strong>: zosta\u0142y nawet nie tyle wskrzeszone, co raczej re-transplantowane z przechowalni w RFN, USA i Kanady \u2013 historyczna ci\u0105g\u0142o\u015b\u0107 banderyzmu nigdy nie zosta\u0142a przerwana<\/em>). Zmieniono szkolne podr\u0119czniki historii. Od trzydziestu lat dzieci uczone s\u0105 w szko\u0142ach, \u017ce ich kraj sta\u0142 si\u0119 niepodleg\u0142y tylko dzi\u0119ki nazistom i \u017ce&nbsp;<strong>nie maj\u0105 \u017cadnych wsp\u00f3lnych gen\u00f3w z Rosjanami, t\u0105 gorsz\u0105 ras\u0105<\/strong>. Co roku dziesi\u0105tki tysi\u0119cy dzieci i nastolatk\u00f3w uczestnicz\u0105 w \u201eletnich obozach\u201d banderowc\u00f3w, wzorowanych na obozach Hitlerjugend. Skanduj\u0105 oni swoje has\u0142o: \u201eChwa\u0142a Ukrainie\u201d. Ci m\u0142odzi ludzie, dziewcz\u0119ta i ch\u0142opcy, dzi\u015b znajduj\u0105 azyl w Unii Europejskiej. Jutro, podobnie jak ich sprzymierze\u0144cy z Bractwa Muzu\u0142ma\u0144skiego, niekt\u00f3rzy z nich dokonaj\u0105 tam zamach\u00f3w (<em><strong>\u015awiatowid<\/strong>: je\u015bli si\u0119 dobrze zastanowimy, to wiadomo gdzie najpr\u0119dzej te zamachy b\u0119d\u0105 mia\u0142y miejsce \u2013 na \u201eodwiecznych ziemiach ukrai\u0144skich\u201d zasania a\u017c po Krak\u00f3w, sk\u0105d nale\u017cy wyp\u0119dzi\u0107 okupuj\u0105cych je \u201eLach\u00f3w\u201d<\/em>).<br><video controls=\"\" preload=\"metadata\" src=\"https:\/\/web.archive.org\/web\/20220429205032im_\/https:\/\/www.voltairenet.org\/IMG\/mp4\/_4_oleksiy_kuzmenko_on_twitter_ukraine_s_far-right_azov_mov.mp4\"><\/video><br><small><a href=\"https:\/\/web.archive.org\/web\/20220415172053\/https:\/\/www.wsws.org\/en\/articles\/2021\/12\/03\/uknz-d03.html\">Ceremonia Centurii, boj\u00f3wki ruchu AZOVskigo [ szkolonej przez instruktor\u00f3w z ca\u0142ego \u201ewolnego \u015bwiata\u201d: Canadian Armed Forces providing military training to Ukrainian neo-Nazis]<\/a>&nbsp;. W\u015br\u00f3d uczetnik\u00f3w s\u0105 oficerowie niemieccy, ameryka\u0144scy, brytyjscy, kanadyjscy, francuscy i polscy, b\u0119d\u0105cy wojskowymi instruktorami tej grupy. (<em><strong>\u015awiatowid<\/strong>: W kwietniu 2021 r. liderzy Centurii&nbsp;<a href=\"https:\/\/web.archive.org\/web\/20220321185155im_\/https:\/\/www.wsws.org\/asset\/d36b1977-c7bb-4e91-8afe-bc3ea2db2dd2?rendition=image1280\">pochwalili si\u0119 w ukrai\u0144skich mediach spo\u0142eczno\u015bciowych, \u017ce \u201eaktywnie wsp\u00f3\u0142pracuj\u0105 z zagranicznymi kolegami \u2026 uczestnicz\u0105 w \u0107wiczeniach wojskowych z Francj\u0105, Wielk\u0105 Brytani\u0105, Kanad\u0105, USA, Niemcami i Polsk\u0105 \u2026\u201d<\/a>. W tym samym miesi\u0105cu grupa wzi\u0119\u0142a udzia\u0142 w marszu gloryfikuj\u0105cym wyczyny 14. dywizji Waffen-SS, \u201eGalizien\u201d, kt\u00f3ra sk\u0142ada\u0142a si\u0119 z ukrai\u0144skich nazist\u00f3w. Grupa oddaje cze\u015b\u0107 tej nazistowskiej dywizji, poniewa\u017c \u201ezwalcza\u0142a ona bolszewick\u0105 zaraz\u0119\u2026\u201d.<\/em>)<\/small><\/p>\n\n\n\n<p>Ju\u017c teraz banderowcy rekrutuj\u0105 kadet\u00f3w w Kanadzie, Francji, Niemczech,&nbsp;<strong>Polsce<\/strong>, Wielkiej Brytanii i Stanach Zjednoczonych, a tak\u017ce oficer\u00f3w w akademiach wojskowych tych kraj\u00f3w. W 2019 r. utworzyli ruch Centuria, kt\u00f3ry szerzy ich ideologi\u0119. Ruch ten sprzeciwia si\u0119 demokratycznym procedurom i powszechnym wyborom. Jego cz\u0142onkowie odmawiaj\u0105 \u201eModlitw\u0119 ukrai\u0144skich nacjonalist\u00f3w\u201d, napisan\u0105 przez J\u00f3zefa Maszczaka (<em><strong>\u015awiatowid<\/strong>: zamieszcz\u0119 j\u0105 w kt\u00f3rym\u015b z kolejnych tekst\u00f3w<\/em>) w okresie mi\u0119dzywojennym. Eksponuj\u0105 Du\u0144ski Krzy\u017c S\u0142oneczny i mno\u017c\u0105 odniesienia do Zakonu Thule, do kt\u00f3rego nale\u017celi bardzo wysocy dostojnicy nazistowscy. Armie zachodnie nie traktowa\u0142y tego \u201efolkloru\u201d powa\u017cnie. Ta ideologia, podobnie jak ideologia Bractwa Muzu\u0142ma\u0144skiego na Bliskim Wschodzie, rozprzestrzenia si\u0119 na Ukrainie jak ogie\u0144.<\/p>\n\n\n\n<p><a><\/a><br><em><strong>\u015awiatowid<\/strong>: S\u0105dz\u0119, \u017ce istota ruchu AZOV-skiego i Centurii powinna zosta\u0107 opisana szerzej. Te organizacje pozornie realizuj\u0105 cele \u201enarodu ukrai\u0144skiego\u201d, faktycznie jednak \u2013 w pa\u0144stwie wielonarodowym, jakim jest Ukraina, s\u0105 one organizacjami stworzonymi do terroryzowania rosyjskoj\u0119zycznej mniejszo\u015bci i zwalczania jej pr\u00f3b uczestniczenia w polityce wewn\u0119trznej Ukrainy (rzecz naganna, bo Rosjanie s\u0105 na swoich ziemiach, arbitralne bez ich zgody w\u0142\u0105czonych do Ukrainy). Tak\u017ce do terroryzowania wszystkich Ukrai\u0144c\u00f3w trac\u0105cych na \u201eintegracji z Zachodem\u201d. Terror ten s\u0142u\u017cy faktycznie stabilizacji w\u0142adzy zainstalowanych w 2014r. marionetek Waszyngtonu i uniemo\u017cliwia odsuni\u0119cie ich od w\u0142adzy demokratycznymi metodami (jak to mia\u0142o miejsce&nbsp;<a href=\"https:\/\/en.wikipedia.org\/wiki\/2010_Ukrainian_presidential_election\">w wyborach prezydenckich w 2010r.<\/a>&nbsp;i wyborach parlamentarnych z lat&nbsp;<a href=\"https:\/\/en.wikipedia.org\/wiki\/2006_Ukrainian_parliamentary_election\">2006<\/a>,&nbsp;<a href=\"https:\/\/en.wikipedia.org\/wiki\/2007_Ukrainian_parliamentary_election\">2007<\/a>&nbsp;i&nbsp;<a href=\"https:\/\/en.wikipedia.org\/wiki\/2012_Ukrainian_parliamentary_election\">2012<\/a>&nbsp;(Partia Region\u00f3w Janukowycza wygrywa\u0142a ka\u017cde z nich z waszyngto\u0144skimi pomaza\u0144cami, od 2014r. na Ukrainie nie odby\u0142y si\u0119 \u017cadne demokratyczne wybory \u2013 dzi\u0119ki dzia\u0142aniom \u201eAZOV-a\u201d i Centurio-podobnych boj\u00f3wek). Drugim z cel\u00f3w USA w zwi\u0105zku z finansowaniem i szkoleniem \u201eCenturii\u201d i Azova by\u0142o przygotowanie krwawej wojny partyzanckiej w przypadku, gdy re\u017cim prowaszyngto\u0144ski zostanie jednak odsuni\u0119ty od w\u0142adzy. Ukraina mia\u0142a by\u0107 podpalona na wz\u00f3r Nikaragui i \u201eContras\u201d lub Afganistanu, z t\u0105 r\u00f3\u017cnic\u0105, \u017ce wewn\u0119trzne poparcie dla azowskiej partyzantki faktycznie by istnia\u0142o w zachodniej cz\u0119\u015bci Ukrainy \u2013 w odr\u00f3\u017cnieniu od Contras i mud\u017cahedin\u00f3w, kt\u00f3rzy byli \u201ecia\u0142ami obcymi\u201d dla spo\u0142ecze\u0144stw pa\u0144stw, kt\u00f3re niszczyli i terroryzowali.<\/em><\/p>\n\n\n\n<p><em><\/em><em>Poni\u017cej przet\u0142umaczy\u0142em z&nbsp;<a href=\"https:\/\/web.archive.org\/web\/20220421041726\/https:\/\/centuria-ua.com\/\">ukrai\u0144skiej strony Centurii<\/a>&nbsp;fragmenty jej \u201emisji\u201d, kt\u00f3re nie pozostawiaj\u0105 w\u0105tpliwo\u015bci, czym jest i czemu s\u0142u\u017cy (a co opisalem powy\u017cej).<\/em><\/p>\n\n\n\n<p><strong>Walka z wewn\u0119trznym wrogiem (\u0411\u043e\u0440\u043e\u0442\u044c\u0431\u0430 \u0437 \u0432\u043d\u0443\u0442\u0440i\u0448\u043di\u043c \u0432\u043e\u0440\u043e\u0433\u043e\u043c)<\/strong><\/p>\n\n\n\n<p>Najbardziej przera\u017caj\u0105cy jest wr\u00f3g wewn\u0119trzny, ten, kt\u00f3ry os\u0142abia jedno\u015b\u0107 od \u015brodka.<\/p>\n\n\n\n<p>Dla nas to jawni separaty\u015bci, \u201epi\u0105ta kolumna\u201d i politycy, kt\u00f3rzy dzia\u0142aj\u0105 na korzy\u015b\u0107 Federacji Rosyjskiej. Celem Centrum jest&nbsp;<strong>uniemo\u017cliwienie im dzia\u0142alno\u015bci<\/strong>&nbsp;i&nbsp;<strong>sprawienie by ich \u017cycie by\u0142o nie do zniesienia<\/strong>. Zastrzegamy sobie prawo do stosowania&nbsp;<strong>wszelkich metod<\/strong>&nbsp;w tym celu, poniewa\u017c chodzi o samo istnienie narodu i pa\u0144stwa ukrai\u0144skiego.<\/p>\n\n\n\n<p><strong>Przeciwstawianie si\u0119 wrogom zewn\u0119trznym (\u041f\u0440\u043e\u0442\u0438\u0441\u0442\u043e\u044f\u043d\u043d\u044f \u0437\u043e\u0432\u043d\u0456\u0448\u043d\u0456\u043c \u0432\u043e\u0440\u043e\u0433\u0430\u043c)<\/strong><br>Jeste\u015bmy weteranami, kt\u00f3rzy wr\u00f3cili z frontu, i m\u0142odzie\u017c\u0105 szkol\u0105c\u0105 si\u0119 w naszych szeregach do s\u0142u\u017cby wojskowej w Gwardii Narodowej i Si\u0142ach Zbrojnych Ukrainy.<\/p>\n\n\n\n<p>Jeste\u015bmy przekonani, \u017ce Ukraina stanie przed nowymi wyzwaniami, dlatego musimy kultywowa\u0107 w spo\u0142ecze\u0144stwie zdrow\u0105 solidarno\u015b\u0107 i ducha wojskowego. Niezale\u017cnie od pochodzenia wojskowego, zawodu czy do\u015bwiadczenia, ka\u017cdy musi by\u0107 w stanie broni\u0107 siebie, swoich rodzin i swojego kraju. Je\u015bli terytorium Ukrainy zostanie zaj\u0119te przez jakikolwiek inny kraj&nbsp;<strong>lub je\u015bli do w\u0142adzy dojd\u0105 si\u0142y antyukrai\u0144skie, musicie by\u0107 przygotowani do prowadzenia wojny partyzanckiej i do militarnej walki z wrogiem<\/strong>.<\/p>\n\n\n\n<p><small><br>\u017bycie jest zawsze walk\u0105. Centuria to organizacja zrzeszaj\u0105ca silnych, kt\u00f3rzy nie boj\u0105 si\u0119 rzuci\u0107 wyzwania spo\u0142ecze\u0144stwu pogr\u0105\u017caj\u0105cemu si\u0119 w chaosie. Do\u0142\u0105cz do silnych!<br>\u0416\u0438\u0442\u0442\u044f \u0446\u0435 \u0437\u0430\u0432\u0436\u0434\u0438 \u0431\u043e\u0440\u043e\u0442\u044c\u0431\u0430. Centuria \u0446\u0435 \u043e\u0440\u0433\u0430\u043d\u0456\u0437\u0430\u0446\u0456\u044f \u0441\u0438\u043b\u044c\u043d\u0438\u0445, \u044f\u043a\u0456 \u043d\u0435 \u0431\u043e\u044f\u0442\u044c\u0441\u044f \u043a\u0438\u0434\u0430\u0442\u0438 \u0432\u0438\u043a\u043b\u0438\u043a \u0441\u0443\u0441\u043f\u0456\u043b\u044c\u0441\u0442\u0432\u0443, \u044f\u043a\u0435 \u043a\u043e\u0442\u0438\u0442\u044c\u0441\u044f \u0443 \u0445\u0430\u043e\u0441. \u041f\u0440\u0438\u0454\u0434\u043d\u0443\u0439\u0441\u044f \u0434\u043e \u0441\u0438\u043b\u044c\u043d\u0438\u0445!<\/small><\/p>\n\n\n\n<p><a href=\"https:\/\/web.archive.org\/web\/20220421041726\/https:\/\/centuria-ua.com\/\">centuria-ua.com\/<\/a><\/p>\n\n\n\n<p>Tymczasem ohydna bestia jest ju\u017c tutaj, w\u015br\u00f3d nas.<\/p>\n\n\n\n<p>Jak mo\u017cemy by\u0107 tak \u015blepi?<\/p>\n\n\n\n<p>[<a><\/a><a href=\"https:\/\/swiatowid.video.blog\/2022\/05\/09\/rola-banderyzmu-nazizmu-i-wszelkich-ekstremizmow-w-polityce-miedzynarodowej-usa-oraz-operacjach-specjalnych-cia-i-mi6\/#_1ref\">1<\/a>]&nbsp;\u201c<a href=\"https:\/\/web.archive.org\/web\/20220416121412\/https:\/\/www.voltairenet.org\/article208691.html\">Russia sets record straight: Poland and German Reich planned deportation of Jews as early as 1938<\/a>\u201d,&nbsp;<em>Voltaire Network<\/em>, 25 December 2019.<br>[<a><\/a><a href=\"https:\/\/swiatowid.video.blog\/2022\/05\/09\/rola-banderyzmu-nazizmu-i-wszelkich-ekstremizmow-w-polityce-miedzynarodowej-usa-oraz-operacjach-specjalnych-cia-i-mi6\/#_2ref\">2<\/a>]&nbsp;\u201c<a href=\"https:\/\/web.archive.org\/web\/20220416121412\/https:\/\/www.voltairenet.org\/article188799.html\">The Day the West Likes to Forget<\/a>\u201d, by Michael Jabara Carley,&nbsp;<em>Strategic Culture Foundation<\/em>&nbsp;(Russia) ,&nbsp;<em>Voltaire Network<\/em>, 25 September 2015.<br>[<a><\/a><a href=\"https:\/\/swiatowid.video.blog\/2022\/05\/09\/rola-banderyzmu-nazizmu-i-wszelkich-ekstremizmow-w-polityce-miedzynarodowej-usa-oraz-operacjach-specjalnych-cia-i-mi6\/#_3ref\">3<\/a>]&nbsp;\u201c<a href=\"https:\/\/web.archive.org\/web\/20220416121412\/https:\/\/www.voltairenet.org\/article187508.html\">Anglo-American Money Owners Organized World War II<\/a>\u201d, by Valentin Katasonov,&nbsp;<em>Strategic Culture Foundation<\/em>&nbsp;(Russia) ,&nbsp;<em>Voltaire Network<\/em>, 7 May 2015.<br>[<a><\/a><a href=\"https:\/\/swiatowid.video.blog\/2022\/05\/09\/rola-banderyzmu-nazizmu-i-wszelkich-ekstremizmow-w-polityce-miedzynarodowej-usa-oraz-operacjach-specjalnych-cia-i-mi6\/#_4ref\">4<\/a>]&nbsp;\u00ab&nbsp;<a href=\"https:\/\/web.archive.org\/web\/20220416121412\/https:\/\/www.voltairenet.org\/article9723.html\">Les Bush et Auschwitz, une longue histoire<\/a>&nbsp;\u00bb, par Thierry Meyssan,&nbsp;<em>R\u00e9seau Voltaire<\/em>, 3 juin 2003. \u201c<a href=\"https:\/\/web.archive.org\/web\/20220416121412\/https:\/\/www.voltairenet.org\/article30156.html\">The U.S. ruling class\u2019 bargains with the Reich<\/a>\u201d, by Vladimir Simonov,&nbsp;<em>Voltaire Network<\/em>, 3 May 2005.<\/p>\n\n\n\n<p>[<a href=\"https:\/\/swiatowid.video.blog\/2022\/05\/09\/rola-banderyzmu-nazizmu-i-wszelkich-ekstremizmow-w-polityce-miedzynarodowej-usa-oraz-operacjach-specjalnych-cia-i-mi6\/#_5ref\">5<\/a>]\u00a0<em>A Mosque in Munich : Nazis, the CIA, and the Rise of the Muslim Brotherhood in the West<\/em>, Ian Johnson, Houghton Mifflin Harcourt (2010).<br>[<a href=\"https:\/\/swiatowid.video.blog\/2022\/05\/09\/rola-banderyzmu-nazizmu-i-wszelkich-ekstremizmow-w-polityce-miedzynarodowej-usa-oraz-operacjach-specjalnych-cia-i-mi6\/#_6ref\">6<\/a>]\u00a0<em>Stepan Bandera: The Life and Afterlife of a Ukrainian Nationalist: Facism, Genocide, and Cult<\/em>, Grzegorz Rossoli\u0144ski-Liebe, Ibidem (2015).<br>[<a href=\"https:\/\/swiatowid.video.blog\/2022\/05\/09\/rola-banderyzmu-nazizmu-i-wszelkich-ekstremizmow-w-polityce-miedzynarodowej-usa-oraz-operacjach-specjalnych-cia-i-mi6\/#_7ref\">7<\/a>]\u00a0\u201c<a href=\"https:\/\/web.archive.org\/web\/20220416121412\/https:\/\/www.voltairenet.org\/article202294.html\">The World Anti-Communist League: the Internationale of Crime<\/a>\u201d, by Thierry Meyssan, Translation Anoosha Boralessa,<em>\u00a0Voltaire Network<\/em>, 12 May 2004.<br>[<a href=\"https:\/\/swiatowid.video.blog\/2022\/05\/09\/rola-banderyzmu-nazizmu-i-wszelkich-ekstremizmow-w-polityce-miedzynarodowej-usa-oraz-operacjach-specjalnych-cia-i-mi6\/#_8ref\">8<\/a>]\u00a0<em>MI6, Inside the Covert World of Her Majesty\u2019s Secret Intelligence Service<\/em>, Stephen Dorril, The Free Press (2000).<br>[<a href=\"https:\/\/swiatowid.video.blog\/2022\/05\/09\/rola-banderyzmu-nazizmu-i-wszelkich-ekstremizmow-w-polityce-miedzynarodowej-usa-oraz-operacjach-specjalnych-cia-i-mi6\/#_9ref\">9<\/a>]\u00a0<em><a href=\"https:\/\/web.archive.org\/web\/20220429205032\/https:\/\/www.europarl.europa.eu\/doceo\/document\/TA-6-2008-0523_EN.html\">Commemoration of the Holodomor, the artificial famine in Ukraine (1932-1933)<\/a><\/em>, European parliament, 23 October 2008.<br>[<a href=\"https:\/\/swiatowid.video.blog\/2022\/05\/09\/rola-banderyzmu-nazizmu-i-wszelkich-ekstremizmow-w-polityce-miedzynarodowej-usa-oraz-operacjach-specjalnych-cia-i-mi6\/#_10ref\">10<\/a>]\u00a0<em>Old Nazis, the New Right and the Republican Party<\/em>, Russ Bellant, South End Press, (1988).<br>[<a href=\"https:\/\/swiatowid.video.blog\/2022\/05\/09\/rola-banderyzmu-nazizmu-i-wszelkich-ekstremizmow-w-polityce-miedzynarodowej-usa-oraz-operacjach-specjalnych-cia-i-mi6\/#_11ref\">11<\/a>]\u00a0\u201c<a href=\"https:\/\/web.archive.org\/web\/20220416121412\/https:\/\/www.voltairenet.org\/article206955.html\">The Muslim Brotherhood as an auxiliary force of MI6 and the CIA<\/a>\u201d, by Thierry Meyssan, Translation Pete Kimberley,\u00a0<em>Voltaire Network<\/em>, 11 July 2019.<br>[<a href=\"https:\/\/swiatowid.video.blog\/2022\/05\/09\/rola-banderyzmu-nazizmu-i-wszelkich-ekstremizmow-w-polityce-miedzynarodowej-usa-oraz-operacjach-specjalnych-cia-i-mi6\/#_12ref\">12<\/a>]\u00a0<em><a href=\"https:\/\/web.archive.org\/web\/20220429205032\/https:\/\/www.amazon.com\/Before-Very-Eyes-Fake-Wars\/dp\/1615770127\">Before Our Very Eyes, Fake Wars and Big Lies: From 9\/11 to Donald Trump<\/a><\/em>, Thierry Meyssan, Progressive Press (2019).<br>[<a href=\"https:\/\/swiatowid.video.blog\/2022\/05\/09\/rola-banderyzmu-nazizmu-i-wszelkich-ekstremizmow-w-polityce-miedzynarodowej-usa-oraz-operacjach-specjalnych-cia-i-mi6\/#_13ref\">13<\/a>]\u00a0\u201c<a href=\"https:\/\/web.archive.org\/web\/20220416121412\/https:\/\/www.voltairenet.org\/article197144.html\">Billions of dollars\u2019 worth of arms against Syria<\/a>\u201d, by Thierry Meyssan, Translation Pete Kimberley,<em>\u00a0Voltaire Network<\/em>, 18 July 2017.<br>[<a href=\"https:\/\/swiatowid.video.blog\/2022\/05\/09\/rola-banderyzmu-nazizmu-i-wszelkich-ekstremizmow-w-polityce-miedzynarodowej-usa-oraz-operacjach-specjalnych-cia-i-mi6\/#_14ref\">14<\/a>]\u00a0\u201c<a href=\"https:\/\/web.archive.org\/web\/20220416121412\/https:\/\/www.voltairenet.org\/article199830.html\">The Nazi Demonstration at Sofia<\/a>\u201d, Translation Anoosha Boralessa,\u00a0<em>Voltaire Network<\/em>, 23 February 2018.<br>[<a href=\"https:\/\/swiatowid.video.blog\/2022\/05\/09\/rola-banderyzmu-nazizmu-i-wszelkich-ekstremizmow-w-polityce-miedzynarodowej-usa-oraz-operacjach-specjalnych-cia-i-mi6\/#_15ref\">15<\/a>]\u00a0\u201c<a href=\"https:\/\/web.archive.org\/web\/20220416121412\/https:\/\/www.voltairenet.org\/article201704.html\">Estonia celebrates a Nazi Criminal<\/a>\u201d, Translation Anoosha Boralessa,\u00a0<em>Voltaire Network<\/em>, 27 June 2018.<br>[<a href=\"https:\/\/swiatowid.video.blog\/2022\/05\/09\/rola-banderyzmu-nazizmu-i-wszelkich-ekstremizmow-w-polityce-miedzynarodowej-usa-oraz-operacjach-specjalnych-cia-i-mi6\/#_16ref\">16<\/a>]\u00a0\u201c<a href=\"https:\/\/web.archive.org\/web\/20220416121412\/https:\/\/www.voltairenet.org\/article179350.html\">Estonian Government pays tribute to Nazism<\/a>\u201d,\u00a0<em>Voltaire Network<\/em>, 9 July 2013.<br>[<a href=\"https:\/\/swiatowid.video.blog\/2022\/05\/09\/rola-banderyzmu-nazizmu-i-wszelkich-ekstremizmow-w-polityce-miedzynarodowej-usa-oraz-operacjach-specjalnych-cia-i-mi6\/#_17ref\">17<\/a>]\u00a0\u201c<a href=\"https:\/\/web.archive.org\/web\/20220416121412\/https:\/\/www.voltairenet.org\/article203059.html\">The new iron curtain<\/a>\u201d, by Manlio Dinucci,\u00a0<em>Il Manifesto<\/em>\u00a0(Italy) ,\u00a0<em>Voltaire Network<\/em>, 20 September 2018. \u201c<a href=\"https:\/\/web.archive.org\/web\/20220416121412\/https:\/\/www.voltairenet.org\/article203461.html\">Right to reply by the Latvian government<\/a>\u201d, Translation Pete Kimberley,\u00a0<em>Voltaire Network<\/em>, 14 October 2018.\/<br>[<a href=\"https:\/\/swiatowid.video.blog\/2022\/05\/09\/rola-banderyzmu-nazizmu-i-wszelkich-ekstremizmow-w-polityce-miedzynarodowej-usa-oraz-operacjach-specjalnych-cia-i-mi6\/#_18ref\">18<\/a>]\u00a0\u201c<a href=\"https:\/\/web.archive.org\/web\/20220416121412\/https:\/\/www.voltairenet.org\/article212423.html\">The overthrow of Evo Morales and the first lithium war<\/a>\u201d, by Thierry Meyssan, Translation Roger Lagass\u00e9,\u00a0<em>Voltaire Network<\/em>, 16 March 2021.<\/p>\n\n\n\n<p>\u0179r\u00f3d\u0142o   https:\/\/swiatowid.video.blog\/2022\/05\/09\/rola-banderyzmu-nazizmu-i-wszelkich-ekstremizmow-w-polityce-miedzynarodowej-usa-oraz-operacjach-specjalnych-cia-i-mi6\/<\/p>\n","protected":false},"excerpt":{"rendered":"<p>Rola banderyzmu, nazizmu i wszelkich ekstremizm\u00f3w w polityce mi\u0119dzynarodowej USA oraz operacjach specjalnych CIA i\u00a0MI6 \u0179r\u00f3d\u0142o, \u015awiatowid Poni\u017cszy tekst prezentuje metody dzia\u0142ania USA, ale w mojej opinii nie zawiera zwi\u0119z\u0142ego podsumowania zjawiska. Polityka USA w zakresie wspierania ekstremist\u00f3w jest widoczna&#8230; <\/p>\n","protected":false},"author":2,"featured_media":2686,"comment_status":"open","ping_status":"open","sticky":false,"template":"","format":"standard","meta":{"_acf_changed":false,"_bbp_topic_count":0,"_bbp_reply_count":0,"_bbp_total_topic_count":0,"_bbp_total_reply_count":0,"_bbp_voice_count":0,"_bbp_anonymous_reply_count":0,"_bbp_topic_count_hidden":0,"_bbp_reply_count_hidden":0,"_bbp_forum_subforum_count":0,"om_disable_all_campaigns":false,"_monsterinsights_skip_tracking":false,"footnotes":""},"categories":[93],"tags":[],"class_list":["post-2685","post","type-post","status-publish","format-standard","has-post-thumbnail","hentry","category-artykuly"],"acf":[],"aioseo_notices":[],"aioseo_head":"\n\t\t<!-- All in One SEO 5.0.1.1 - aioseo.com -->\n\t<meta name=\"description\" content=\"Rola banderyzmu, nazizmu i wszelkich ekstremizm\u00f3w w polityce mi\u0119dzynarodowej USA oraz operacjach specjalnych CIA i MI6 \u0179r\u00f3d\u0142o, \u015awiatowid Poni\u017cszy tekst prezentuje metody dzia\u0142ania USA, ale w mojej opinii nie zawiera zwi\u0119z\u0142ego podsumowania zjawiska. Polityka USA w zakresie wspierania ekstremist\u00f3w jest widoczna jak na d\u0142oni. Ale sk\u0105d taka obsesja w\u0142adc\u00f3w USA na punkcie ekstremist\u00f3w? Po co im\" \/>\n\t<meta name=\"robots\" content=\"max-image-preview:large\" \/>\n\t<meta name=\"author\" content=\"trinity\"\/>\n\t<link rel=\"canonical\" href=\"https:\/\/wia.net.pl\/index.php\/2023\/06\/26\/operacje-cia-i-mi6-banderyzm-i-nazizm\/\" \/>\n\t<meta name=\"generator\" content=\"All in One SEO (AIOSEO) 5.0.1.1\" \/>\n\t\t<meta property=\"og:locale\" content=\"pl_PL\" \/>\n\t\t<meta property=\"og:site_name\" content=\"Wolno\u015b\u0107 i Anarchia - Ka\u017cdy wewn\u0119trznie jest anarchist\u0105.\" \/>\n\t\t<meta property=\"og:type\" content=\"article\" \/>\n\t\t<meta property=\"og:title\" content=\"Operacje CIA i MI6 \u2013 Banderyzm i Nazizm - Wolno\u015b\u0107 i Anarchia\" \/>\n\t\t<meta property=\"og:description\" content=\"Rola banderyzmu, nazizmu i wszelkich ekstremizm\u00f3w w polityce mi\u0119dzynarodowej USA oraz operacjach specjalnych CIA i MI6 \u0179r\u00f3d\u0142o, \u015awiatowid Poni\u017cszy tekst prezentuje metody dzia\u0142ania USA, ale w mojej opinii nie zawiera zwi\u0119z\u0142ego podsumowania zjawiska. Polityka USA w zakresie wspierania ekstremist\u00f3w jest widoczna jak na d\u0142oni. Ale sk\u0105d taka obsesja w\u0142adc\u00f3w USA na punkcie ekstremist\u00f3w? Po co im\" \/>\n\t\t<meta property=\"og:url\" content=\"https:\/\/wia.net.pl\/index.php\/2023\/06\/26\/operacje-cia-i-mi6-banderyzm-i-nazizm\/\" \/>\n\t\t<meta property=\"og:image\" content=\"https:\/\/wia.net.pl\/wp-content\/uploads\/2023\/11\/cropped-freedom-i73367.jpg\" \/>\n\t\t<meta property=\"og:image:secure_url\" content=\"https:\/\/wia.net.pl\/wp-content\/uploads\/2023\/11\/cropped-freedom-i73367.jpg\" \/>\n\t\t<meta property=\"article:published_time\" content=\"2023-06-26T14:16:04+00:00\" \/>\n\t\t<meta property=\"article:modified_time\" content=\"2023-06-26T14:16:05+00:00\" \/>\n\t\t<meta name=\"twitter:card\" content=\"summary_large_image\" \/>\n\t\t<meta name=\"twitter:title\" content=\"Operacje CIA i MI6 \u2013 Banderyzm i Nazizm - Wolno\u015b\u0107 i Anarchia\" \/>\n\t\t<meta name=\"twitter:description\" content=\"Rola banderyzmu, nazizmu i wszelkich ekstremizm\u00f3w w polityce mi\u0119dzynarodowej USA oraz operacjach specjalnych CIA i MI6 \u0179r\u00f3d\u0142o, \u015awiatowid Poni\u017cszy tekst prezentuje metody dzia\u0142ania USA, ale w mojej opinii nie zawiera zwi\u0119z\u0142ego podsumowania zjawiska. Polityka USA w zakresie wspierania ekstremist\u00f3w jest widoczna jak na d\u0142oni. Ale sk\u0105d taka obsesja w\u0142adc\u00f3w USA na punkcie ekstremist\u00f3w? Po co im\" \/>\n\t\t<meta name=\"twitter:image\" content=\"https:\/\/wia.net.pl\/wp-content\/uploads\/2023\/11\/cropped-freedom-i73367.jpg\" \/>\n\t\t<script type=\"application\/ld+json\" class=\"aioseo-schema\">\n\t\t\t{\"@context\":\"https:\\\/\\\/schema.org\",\"@graph\":[{\"@type\":\"BlogPosting\",\"@id\":\"https:\\\/\\\/wia.net.pl\\\/index.php\\\/2023\\\/06\\\/26\\\/operacje-cia-i-mi6-banderyzm-i-nazizm\\\/#blogposting\",\"name\":\"Operacje CIA i MI6 \\u2013 Banderyzm i Nazizm - Wolno\\u015b\\u0107 i Anarchia\",\"headline\":\"Operacje CIA i MI6 &#8211; Banderyzm i Nazizm\",\"author\":{\"@id\":\"https:\\\/\\\/wia.net.pl\\\/index.php\\\/author\\\/trinity\\\/#author\"},\"publisher\":{\"@id\":\"https:\\\/\\\/wia.net.pl\\\/#person\"},\"image\":{\"@type\":\"ImageObject\",\"url\":\"https:\\\/\\\/wia.net.pl\\\/wp-content\\\/uploads\\\/2023\\\/06\\\/bandera_us_nazi_azov.webp\",\"width\":1000,\"height\":600},\"datePublished\":\"2023-06-26T16:16:04+02:00\",\"dateModified\":\"2023-06-26T16:16:05+02:00\",\"inLanguage\":\"pl-PL\",\"mainEntityOfPage\":{\"@id\":\"https:\\\/\\\/wia.net.pl\\\/index.php\\\/2023\\\/06\\\/26\\\/operacje-cia-i-mi6-banderyzm-i-nazizm\\\/#webpage\"},\"isPartOf\":{\"@id\":\"https:\\\/\\\/wia.net.pl\\\/index.php\\\/2023\\\/06\\\/26\\\/operacje-cia-i-mi6-banderyzm-i-nazizm\\\/#webpage\"},\"articleSection\":\"Artyku\\u0142y\"},{\"@type\":\"BreadcrumbList\",\"@id\":\"https:\\\/\\\/wia.net.pl\\\/index.php\\\/2023\\\/06\\\/26\\\/operacje-cia-i-mi6-banderyzm-i-nazizm\\\/#breadcrumblist\",\"itemListElement\":[{\"@type\":\"ListItem\",\"@id\":\"https:\\\/\\\/wia.net.pl#listItem\",\"position\":1,\"name\":\"Home\",\"item\":\"https:\\\/\\\/wia.net.pl\",\"nextItem\":{\"@type\":\"ListItem\",\"@id\":\"https:\\\/\\\/wia.net.pl\\\/index.php\\\/category\\\/artykuly\\\/#listItem\",\"name\":\"Artyku\\u0142y\"}},{\"@type\":\"ListItem\",\"@id\":\"https:\\\/\\\/wia.net.pl\\\/index.php\\\/category\\\/artykuly\\\/#listItem\",\"position\":2,\"name\":\"Artyku\\u0142y\",\"item\":\"https:\\\/\\\/wia.net.pl\\\/index.php\\\/category\\\/artykuly\\\/\",\"nextItem\":{\"@type\":\"ListItem\",\"@id\":\"https:\\\/\\\/wia.net.pl\\\/index.php\\\/2023\\\/06\\\/26\\\/operacje-cia-i-mi6-banderyzm-i-nazizm\\\/#listItem\",\"name\":\"Operacje CIA i MI6 &#8211; Banderyzm i Nazizm\"},\"previousItem\":{\"@type\":\"ListItem\",\"@id\":\"https:\\\/\\\/wia.net.pl#listItem\",\"name\":\"Home\"}},{\"@type\":\"ListItem\",\"@id\":\"https:\\\/\\\/wia.net.pl\\\/index.php\\\/2023\\\/06\\\/26\\\/operacje-cia-i-mi6-banderyzm-i-nazizm\\\/#listItem\",\"position\":3,\"name\":\"Operacje CIA i MI6 &#8211; Banderyzm i Nazizm\",\"previousItem\":{\"@type\":\"ListItem\",\"@id\":\"https:\\\/\\\/wia.net.pl\\\/index.php\\\/category\\\/artykuly\\\/#listItem\",\"name\":\"Artyku\\u0142y\"}}]},{\"@type\":\"Person\",\"@id\":\"https:\\\/\\\/wia.net.pl\\\/#person\",\"name\":\"Bart\\u0142omiej Talarczyk\",\"image\":{\"@type\":\"ImageObject\",\"@id\":\"https:\\\/\\\/wia.net.pl\\\/index.php\\\/2023\\\/06\\\/26\\\/operacje-cia-i-mi6-banderyzm-i-nazizm\\\/#personImage\",\"url\":\"https:\\\/\\\/wia.net.pl\\\/wp-content\\\/uploads\\\/avatar-privacy\\\/cache\\\/user\\\/1\\\/7\\\/176a6b161c58363ff49b5c167264231f519f5c7fa183ca1f61e891769b6b56d5-96.jpg\",\"width\":96,\"height\":96,\"caption\":\"Bart\\u0142omiej Talarczyk\"}},{\"@type\":\"Person\",\"@id\":\"https:\\\/\\\/wia.net.pl\\\/index.php\\\/author\\\/trinity\\\/#author\",\"url\":\"https:\\\/\\\/wia.net.pl\\\/index.php\\\/author\\\/trinity\\\/\",\"name\":\"trinity\",\"image\":{\"@type\":\"ImageObject\",\"@id\":\"https:\\\/\\\/wia.net.pl\\\/index.php\\\/2023\\\/06\\\/26\\\/operacje-cia-i-mi6-banderyzm-i-nazizm\\\/#authorImage\",\"url\":\"https:\\\/\\\/wia.net.pl\\\/wp-content\\\/uploads\\\/avatar-privacy\\\/cache\\\/user\\\/5\\\/f\\\/5f6547cf82495eaa10e100a6a45d5dbde2dfdc1be88557de2018fca705bdf6f1-96.jpg\",\"width\":96,\"height\":96,\"caption\":\"trinity\"}},{\"@type\":\"WebPage\",\"@id\":\"https:\\\/\\\/wia.net.pl\\\/index.php\\\/2023\\\/06\\\/26\\\/operacje-cia-i-mi6-banderyzm-i-nazizm\\\/#webpage\",\"url\":\"https:\\\/\\\/wia.net.pl\\\/index.php\\\/2023\\\/06\\\/26\\\/operacje-cia-i-mi6-banderyzm-i-nazizm\\\/\",\"name\":\"Operacje CIA i MI6 \\u2013 Banderyzm i Nazizm - Wolno\\u015b\\u0107 i Anarchia\",\"description\":\"Rola banderyzmu, nazizmu i wszelkich ekstremizm\\u00f3w w polityce mi\\u0119dzynarodowej USA oraz operacjach specjalnych CIA i MI6 \\u0179r\\u00f3d\\u0142o, \\u015awiatowid Poni\\u017cszy tekst prezentuje metody dzia\\u0142ania USA, ale w mojej opinii nie zawiera zwi\\u0119z\\u0142ego podsumowania zjawiska. Polityka USA w zakresie wspierania ekstremist\\u00f3w jest widoczna jak na d\\u0142oni. Ale sk\\u0105d taka obsesja w\\u0142adc\\u00f3w USA na punkcie ekstremist\\u00f3w? Po co im\",\"inLanguage\":\"pl-PL\",\"isPartOf\":{\"@id\":\"https:\\\/\\\/wia.net.pl\\\/#website\"},\"breadcrumb\":{\"@id\":\"https:\\\/\\\/wia.net.pl\\\/index.php\\\/2023\\\/06\\\/26\\\/operacje-cia-i-mi6-banderyzm-i-nazizm\\\/#breadcrumblist\"},\"author\":{\"@id\":\"https:\\\/\\\/wia.net.pl\\\/index.php\\\/author\\\/trinity\\\/#author\"},\"creator\":{\"@id\":\"https:\\\/\\\/wia.net.pl\\\/index.php\\\/author\\\/trinity\\\/#author\"},\"image\":{\"@type\":\"ImageObject\",\"url\":\"https:\\\/\\\/wia.net.pl\\\/wp-content\\\/uploads\\\/2023\\\/06\\\/bandera_us_nazi_azov.webp\",\"@id\":\"https:\\\/\\\/wia.net.pl\\\/index.php\\\/2023\\\/06\\\/26\\\/operacje-cia-i-mi6-banderyzm-i-nazizm\\\/#mainImage\",\"width\":1000,\"height\":600},\"primaryImageOfPage\":{\"@id\":\"https:\\\/\\\/wia.net.pl\\\/index.php\\\/2023\\\/06\\\/26\\\/operacje-cia-i-mi6-banderyzm-i-nazizm\\\/#mainImage\"},\"datePublished\":\"2023-06-26T16:16:04+02:00\",\"dateModified\":\"2023-06-26T16:16:05+02:00\"},{\"@type\":\"WebSite\",\"@id\":\"https:\\\/\\\/wia.net.pl\\\/#website\",\"url\":\"https:\\\/\\\/wia.net.pl\\\/\",\"name\":\"Wolno\\u015b\\u0107 i Anarchia\",\"description\":\"Ka\\u017cdy wewn\\u0119trznie jest anarchist\\u0105.\",\"inLanguage\":\"pl-PL\",\"publisher\":{\"@id\":\"https:\\\/\\\/wia.net.pl\\\/#person\"}}]}\n\t\t<\/script>\n\t\t<!-- All in One SEO -->\n\n","aioseo_head_json":{"title":"Operacje CIA i MI6 \u2013 Banderyzm i Nazizm - Wolno\u015b\u0107 i Anarchia","description":"Rola banderyzmu, nazizmu i wszelkich ekstremizm\u00f3w w polityce mi\u0119dzynarodowej USA oraz operacjach specjalnych CIA i MI6 \u0179r\u00f3d\u0142o, \u015awiatowid Poni\u017cszy tekst prezentuje metody dzia\u0142ania USA, ale w mojej opinii nie zawiera zwi\u0119z\u0142ego podsumowania zjawiska. Polityka USA w zakresie wspierania ekstremist\u00f3w jest widoczna jak na d\u0142oni. Ale sk\u0105d taka obsesja w\u0142adc\u00f3w USA na punkcie ekstremist\u00f3w? Po co im","canonical_url":"https:\/\/wia.net.pl\/index.php\/2023\/06\/26\/operacje-cia-i-mi6-banderyzm-i-nazizm\/","robots":"max-image-preview:large","keywords":"","webmasterTools":{"miscellaneous":""},"schema":{"@context":"https:\/\/schema.org","@graph":[{"@type":"BlogPosting","@id":"https:\/\/wia.net.pl\/index.php\/2023\/06\/26\/operacje-cia-i-mi6-banderyzm-i-nazizm\/#blogposting","name":"Operacje CIA i MI6 \u2013 Banderyzm i Nazizm - Wolno\u015b\u0107 i Anarchia","headline":"Operacje CIA i MI6 &#8211; Banderyzm i Nazizm","author":{"@id":"https:\/\/wia.net.pl\/index.php\/author\/trinity\/#author"},"publisher":{"@id":"https:\/\/wia.net.pl\/#person"},"image":{"@type":"ImageObject","url":"https:\/\/wia.net.pl\/wp-content\/uploads\/2023\/06\/bandera_us_nazi_azov.webp","width":1000,"height":600},"datePublished":"2023-06-26T16:16:04+02:00","dateModified":"2023-06-26T16:16:05+02:00","inLanguage":"pl-PL","mainEntityOfPage":{"@id":"https:\/\/wia.net.pl\/index.php\/2023\/06\/26\/operacje-cia-i-mi6-banderyzm-i-nazizm\/#webpage"},"isPartOf":{"@id":"https:\/\/wia.net.pl\/index.php\/2023\/06\/26\/operacje-cia-i-mi6-banderyzm-i-nazizm\/#webpage"},"articleSection":"Artyku\u0142y"},{"@type":"BreadcrumbList","@id":"https:\/\/wia.net.pl\/index.php\/2023\/06\/26\/operacje-cia-i-mi6-banderyzm-i-nazizm\/#breadcrumblist","itemListElement":[{"@type":"ListItem","@id":"https:\/\/wia.net.pl#listItem","position":1,"name":"Home","item":"https:\/\/wia.net.pl","nextItem":{"@type":"ListItem","@id":"https:\/\/wia.net.pl\/index.php\/category\/artykuly\/#listItem","name":"Artyku\u0142y"}},{"@type":"ListItem","@id":"https:\/\/wia.net.pl\/index.php\/category\/artykuly\/#listItem","position":2,"name":"Artyku\u0142y","item":"https:\/\/wia.net.pl\/index.php\/category\/artykuly\/","nextItem":{"@type":"ListItem","@id":"https:\/\/wia.net.pl\/index.php\/2023\/06\/26\/operacje-cia-i-mi6-banderyzm-i-nazizm\/#listItem","name":"Operacje CIA i MI6 &#8211; Banderyzm i Nazizm"},"previousItem":{"@type":"ListItem","@id":"https:\/\/wia.net.pl#listItem","name":"Home"}},{"@type":"ListItem","@id":"https:\/\/wia.net.pl\/index.php\/2023\/06\/26\/operacje-cia-i-mi6-banderyzm-i-nazizm\/#listItem","position":3,"name":"Operacje CIA i MI6 &#8211; Banderyzm i Nazizm","previousItem":{"@type":"ListItem","@id":"https:\/\/wia.net.pl\/index.php\/category\/artykuly\/#listItem","name":"Artyku\u0142y"}}]},{"@type":"Person","@id":"https:\/\/wia.net.pl\/#person","name":"Bart\u0142omiej Talarczyk","image":{"@type":"ImageObject","@id":"https:\/\/wia.net.pl\/index.php\/2023\/06\/26\/operacje-cia-i-mi6-banderyzm-i-nazizm\/#personImage","url":"https:\/\/wia.net.pl\/wp-content\/uploads\/avatar-privacy\/cache\/user\/1\/7\/176a6b161c58363ff49b5c167264231f519f5c7fa183ca1f61e891769b6b56d5-96.jpg","width":96,"height":96,"caption":"Bart\u0142omiej Talarczyk"}},{"@type":"Person","@id":"https:\/\/wia.net.pl\/index.php\/author\/trinity\/#author","url":"https:\/\/wia.net.pl\/index.php\/author\/trinity\/","name":"trinity","image":{"@type":"ImageObject","@id":"https:\/\/wia.net.pl\/index.php\/2023\/06\/26\/operacje-cia-i-mi6-banderyzm-i-nazizm\/#authorImage","url":"https:\/\/wia.net.pl\/wp-content\/uploads\/avatar-privacy\/cache\/user\/5\/f\/5f6547cf82495eaa10e100a6a45d5dbde2dfdc1be88557de2018fca705bdf6f1-96.jpg","width":96,"height":96,"caption":"trinity"}},{"@type":"WebPage","@id":"https:\/\/wia.net.pl\/index.php\/2023\/06\/26\/operacje-cia-i-mi6-banderyzm-i-nazizm\/#webpage","url":"https:\/\/wia.net.pl\/index.php\/2023\/06\/26\/operacje-cia-i-mi6-banderyzm-i-nazizm\/","name":"Operacje CIA i MI6 \u2013 Banderyzm i Nazizm - Wolno\u015b\u0107 i Anarchia","description":"Rola banderyzmu, nazizmu i wszelkich ekstremizm\u00f3w w polityce mi\u0119dzynarodowej USA oraz operacjach specjalnych CIA i MI6 \u0179r\u00f3d\u0142o, \u015awiatowid Poni\u017cszy tekst prezentuje metody dzia\u0142ania USA, ale w mojej opinii nie zawiera zwi\u0119z\u0142ego podsumowania zjawiska. Polityka USA w zakresie wspierania ekstremist\u00f3w jest widoczna jak na d\u0142oni. Ale sk\u0105d taka obsesja w\u0142adc\u00f3w USA na punkcie ekstremist\u00f3w? Po co im","inLanguage":"pl-PL","isPartOf":{"@id":"https:\/\/wia.net.pl\/#website"},"breadcrumb":{"@id":"https:\/\/wia.net.pl\/index.php\/2023\/06\/26\/operacje-cia-i-mi6-banderyzm-i-nazizm\/#breadcrumblist"},"author":{"@id":"https:\/\/wia.net.pl\/index.php\/author\/trinity\/#author"},"creator":{"@id":"https:\/\/wia.net.pl\/index.php\/author\/trinity\/#author"},"image":{"@type":"ImageObject","url":"https:\/\/wia.net.pl\/wp-content\/uploads\/2023\/06\/bandera_us_nazi_azov.webp","@id":"https:\/\/wia.net.pl\/index.php\/2023\/06\/26\/operacje-cia-i-mi6-banderyzm-i-nazizm\/#mainImage","width":1000,"height":600},"primaryImageOfPage":{"@id":"https:\/\/wia.net.pl\/index.php\/2023\/06\/26\/operacje-cia-i-mi6-banderyzm-i-nazizm\/#mainImage"},"datePublished":"2023-06-26T16:16:04+02:00","dateModified":"2023-06-26T16:16:05+02:00"},{"@type":"WebSite","@id":"https:\/\/wia.net.pl\/#website","url":"https:\/\/wia.net.pl\/","name":"Wolno\u015b\u0107 i Anarchia","description":"Ka\u017cdy wewn\u0119trznie jest anarchist\u0105.","inLanguage":"pl-PL","publisher":{"@id":"https:\/\/wia.net.pl\/#person"}}]},"og:locale":"pl_PL","og:site_name":"Wolno\u015b\u0107 i Anarchia - Ka\u017cdy wewn\u0119trznie jest anarchist\u0105.","og:type":"article","og:title":"Operacje CIA i MI6 \u2013 Banderyzm i Nazizm - Wolno\u015b\u0107 i Anarchia","og:description":"Rola banderyzmu, nazizmu i wszelkich ekstremizm\u00f3w w polityce mi\u0119dzynarodowej USA oraz operacjach specjalnych CIA i MI6 \u0179r\u00f3d\u0142o, \u015awiatowid Poni\u017cszy tekst prezentuje metody dzia\u0142ania USA, ale w mojej opinii nie zawiera zwi\u0119z\u0142ego podsumowania zjawiska. Polityka USA w zakresie wspierania ekstremist\u00f3w jest widoczna jak na d\u0142oni. Ale sk\u0105d taka obsesja w\u0142adc\u00f3w USA na punkcie ekstremist\u00f3w? Po co im","og:url":"https:\/\/wia.net.pl\/index.php\/2023\/06\/26\/operacje-cia-i-mi6-banderyzm-i-nazizm\/","og:image":"https:\/\/wia.net.pl\/wp-content\/uploads\/2023\/11\/cropped-freedom-i73367.jpg","og:image:secure_url":"https:\/\/wia.net.pl\/wp-content\/uploads\/2023\/11\/cropped-freedom-i73367.jpg","article:published_time":"2023-06-26T14:16:04+00:00","article:modified_time":"2023-06-26T14:16:05+00:00","twitter:card":"summary_large_image","twitter:title":"Operacje CIA i MI6 \u2013 Banderyzm i Nazizm - Wolno\u015b\u0107 i Anarchia","twitter:description":"Rola banderyzmu, nazizmu i wszelkich ekstremizm\u00f3w w polityce mi\u0119dzynarodowej USA oraz operacjach specjalnych CIA i MI6 \u0179r\u00f3d\u0142o, \u015awiatowid Poni\u017cszy tekst prezentuje metody dzia\u0142ania USA, ale w mojej opinii nie zawiera zwi\u0119z\u0142ego podsumowania zjawiska. Polityka USA w zakresie wspierania ekstremist\u00f3w jest widoczna jak na d\u0142oni. Ale sk\u0105d taka obsesja w\u0142adc\u00f3w USA na punkcie ekstremist\u00f3w? Po co im","twitter:image":"https:\/\/wia.net.pl\/wp-content\/uploads\/2023\/11\/cropped-freedom-i73367.jpg"},"aioseo_meta_data":{"post_id":"2685","title":null,"description":null,"keywords":[],"keyphrases":{"focus":{"keyphrase":"","score":0,"analysis":{"keyphraseInTitle":{"score":0,"maxScore":9,"error":1}}},"additional":[]},"primary_term":null,"canonical_url":null,"og_title":null,"og_description":null,"og_object_type":"default","og_image_type":"default","og_image_url":null,"og_image_width":null,"og_image_height":null,"og_image_custom_url":null,"og_image_custom_fields":null,"og_video":"","og_custom_url":null,"og_article_section":null,"og_article_tags":[],"twitter_use_og":false,"twitter_card":"default","twitter_image_type":"default","twitter_image_url":null,"twitter_image_custom_url":null,"twitter_image_custom_fields":null,"twitter_title":null,"twitter_description":null,"schema":{"blockGraphs":[],"customGraphs":[],"default":{"data":{"Article":[],"Course":[],"Dataset":[],"FAQPage":[],"Movie":[],"Person":[],"Product":[],"ProductReview":[],"Car":[],"Recipe":[],"Service":[],"SoftwareApplication":[],"WebPage":[]},"graphName":"BlogPosting","isEnabled":true},"graphs":[]},"schema_type":"default","schema_type_options":null,"pillar_content":false,"robots_default":true,"robots_noindex":false,"robots_noarchive":false,"robots_nosnippet":false,"robots_nofollow":false,"robots_noimageindex":false,"robots_noodp":false,"robots_notranslate":false,"robots_max_snippet":"-1","robots_max_videopreview":"-1","robots_max_imagepreview":"large","priority":null,"frequency":"default","local_seo":null,"breadcrumb_settings":null,"limit_modified_date":false,"ai":null,"created":"2023-06-26 14:16:05","updated":"2025-06-04 08:22:15","seo_analyzer_scan_date":null,"focus_keyword":null,"additional_keywords":null,"truseo_locale":null},"aioseo_breadcrumb":"<div class=\"aioseo-breadcrumbs\"><span class=\"aioseo-breadcrumb\">\n\t\t\t<a href=\"https:\/\/wia.net.pl\" title=\"Home\">Home<\/a>\n\t\t<\/span><span class=\"aioseo-breadcrumb-separator\">&raquo;<\/span><span class=\"aioseo-breadcrumb\">\n\t\t\t<a href=\"https:\/\/wia.net.pl\/index.php\/category\/artykuly\/\" title=\"Artyku\u0142y\">Artyku\u0142y<\/a>\n\t\t<\/span><span class=\"aioseo-breadcrumb-separator\">&raquo;<\/span><span class=\"aioseo-breadcrumb\">\n\t\t\tOperacje CIA i MI6 \u2013 Banderyzm i Nazizm\n\t\t<\/span><\/div>","aioseo_breadcrumb_json":[{"label":"Home","link":"https:\/\/wia.net.pl"},{"label":"Artyku\u0142y","link":"https:\/\/wia.net.pl\/index.php\/category\/artykuly\/"},{"label":"Operacje CIA i MI6 &#8211; Banderyzm i Nazizm","link":"https:\/\/wia.net.pl\/index.php\/2023\/06\/26\/operacje-cia-i-mi6-banderyzm-i-nazizm\/"}],"_links":{"self":[{"href":"https:\/\/wia.net.pl\/index.php\/wp-json\/wp\/v2\/posts\/2685"}],"collection":[{"href":"https:\/\/wia.net.pl\/index.php\/wp-json\/wp\/v2\/posts"}],"about":[{"href":"https:\/\/wia.net.pl\/index.php\/wp-json\/wp\/v2\/types\/post"}],"author":[{"embeddable":true,"href":"https:\/\/wia.net.pl\/index.php\/wp-json\/wp\/v2\/users\/2"}],"replies":[{"embeddable":true,"href":"https:\/\/wia.net.pl\/index.php\/wp-json\/wp\/v2\/comments?post=2685"}],"version-history":[{"count":1,"href":"https:\/\/wia.net.pl\/index.php\/wp-json\/wp\/v2\/posts\/2685\/revisions"}],"predecessor-version":[{"id":2687,"href":"https:\/\/wia.net.pl\/index.php\/wp-json\/wp\/v2\/posts\/2685\/revisions\/2687"}],"wp:featuredmedia":[{"embeddable":true,"href":"https:\/\/wia.net.pl\/index.php\/wp-json\/wp\/v2\/media\/2686"}],"wp:attachment":[{"href":"https:\/\/wia.net.pl\/index.php\/wp-json\/wp\/v2\/media?parent=2685"}],"wp:term":[{"taxonomy":"category","embeddable":true,"href":"https:\/\/wia.net.pl\/index.php\/wp-json\/wp\/v2\/categories?post=2685"},{"taxonomy":"post_tag","embeddable":true,"href":"https:\/\/wia.net.pl\/index.php\/wp-json\/wp\/v2\/tags?post=2685"}],"curies":[{"name":"wp","href":"https:\/\/api.w.org\/{rel}","templated":true}]}}