{"id":2689,"date":"2023-06-26T16:33:38","date_gmt":"2023-06-26T14:33:38","guid":{"rendered":"https:\/\/wia.net.pl\/?p=2689"},"modified":"2023-06-26T16:33:40","modified_gmt":"2023-06-26T14:33:40","slug":"apokaliptyczna-faza-technokracji-i-transhumanizmu","status":"publish","type":"post","link":"https:\/\/wia.net.pl\/index.php\/2023\/06\/26\/apokaliptyczna-faza-technokracji-i-transhumanizmu\/","title":{"rendered":"Apokaliptyczna Faza Technokracji i Transhumanizmu"},"content":{"rendered":"\n<p><strong>Ju\u017c wkr\u00f3tce: apokaliptyczna faza technokracji i transhumanizmu<\/strong><\/p>\n\n\n\n<p><em>Ten esej pochodzi od naukowca z Mo\u0142dawii, kt\u00f3ry przedstawia punkt widzenia spoza Stan\u00f3w Zjednoczonych.\u00a0Kluczowe jest zrozumienie, jak obywatele innych narod\u00f3w postrzegaj\u0105 globalne przej\u0119cie przez technokrat\u00f3w i transhumanist\u00f3w.\u00a0\u2014 Redaktor wiadomo\u015bci i trend\u00f3w technokracji,\u00a0<a href=\"https:\/\/www.activistpost.com\/product\/098637394X\/US\/permacultucom-20\/?cart=y\" target=\"_blank\" rel=\"noreferrer noopener\">Patrick Wood<\/a><\/em><\/p>\n\n\n\n<p>Autor:\u00a0<a href=\"https:\/\/telegra.ph\/A-double-inadequacy-to-the-new-realities-a-false-alternative-and-a-sterile-legalism-06-25\">Iurie Ro\u0219ca<\/a><\/p>\n\n\n\n<figure class=\"wp-block-image size-full\"><img loading=\"lazy\" decoding=\"async\" width=\"971\" height=\"598\" src=\"https:\/\/wia.net.pl\/wp-content\/uploads\/2023\/06\/tech-transh-tnat.jpg\" alt=\"\" class=\"wp-image-2690\" srcset=\"https:\/\/wia.net.pl\/wp-content\/uploads\/2023\/06\/tech-transh-tnat.jpg 971w, https:\/\/wia.net.pl\/wp-content\/uploads\/2023\/06\/tech-transh-tnat-300x185.jpg 300w, https:\/\/wia.net.pl\/wp-content\/uploads\/2023\/06\/tech-transh-tnat-768x473.jpg 768w\" sizes=\"(max-width: 971px) 100vw, 971px\" \/><\/figure>\n\n\n\n<p><\/p>\n\n\n\n<p><strong>1.&nbsp;<em>Wyznawanie religii covidism jako dow\u00f3d lojalno\u015bci wobec globalist\u00f3w<\/em><\/strong><\/p>\n\n\n\n<p>W niniejszym eseju odnios\u0119 si\u0119 do podw\u00f3jnej nieadekwatno\u015bci do nowych reali\u00f3w, determinowanej przez szereg czynnik\u00f3w duchowych, ekonomicznych i technologicznych.&nbsp;Mianowicie, na fa\u0142szyw\u0105 alternatyw\u0119 dla systemu globalistycznego, na kt\u00f3r\u0105 g\u0142osi szereg kraj\u00f3w zjednoczonych w ramach BRICS, oraz na nieskuteczno\u015b\u0107 legalistycznego oporu praktykowanego przez tych, kt\u00f3rzy pr\u00f3buj\u0105 przeciwstawi\u0107 si\u0119 systemowi.<\/p>\n\n\n\n<p>Osobi\u015bcie \u015bledz\u0119 alternatywne media w czterech j\u0119zykach: angielskim, francuskim, rosyjskim i rumu\u0144skim.&nbsp;Zw\u0142aszcza po uruchomieniu specjalnej operacji zab\u00f3jstwa przez zastrzyk, modyfikacj\u0119 genetyczn\u0105 i kontrol\u0119 umys\u0142u, kt\u00f3ra zosta\u0142a przeprowadzona pod kryptonimem \u201epandemia Covid-19\u201d.&nbsp;Min\u0119\u0142y ponad trzy lata od pocz\u0105tku tej z\u0142owrogiej farsy, kt\u00f3ra ujawni\u0142a now\u0105 rzeczywisto\u015b\u0107 geopolityczn\u0105, kt\u00f3ra dotychczas umyka\u0142a naszej uwadze.&nbsp;Mianowicie.&nbsp;Wszystkie pa\u0144stwa widoczne jako si\u0142a geopolityczna wykaza\u0142y bezwzgl\u0119dne pos\u0142usze\u0144stwo wobec jednego \u015bwiatowego centrum dowodzenia.<\/p>\n\n\n\n<p>Jedyne pa\u0144stwa, kt\u00f3re pod medycznym pretekstem pr\u00f3bowa\u0142y przeciwstawi\u0107 si\u0119 totalnej agresji si\u0142 globalistyczno-satanistycznych, przyp\u0142aci\u0142y \u017cyciem w\u0142asnych przyw\u00f3dc\u00f3w.&nbsp;Trzeba przyzna\u0107, \u017ce wszyscy bez wyj\u0105tku byli Afroamerykanami.&nbsp;W tym sensie zobacz sugerowany materia\u0142 na dole strony[1].&nbsp;Mogliby\u015bmy doda\u0107 do tych przyk\u0142ad\u00f3w Szwecj\u0119 i Bia\u0142oru\u015b, gdzie w\u0142adze unika\u0142y terroryzowania w\u0142asnej ludno\u015bci drako\u0144skimi restrykcjami i niszczenia w\u0142asnych gospodarek za pomoc\u0105 blokad.<\/p>\n\n\n\n<p>W przeciwnym razie Stany Zjednoczone, Kanada, kraje UE, Rosja i Chiny, wraz z innymi krajami BRICS, udowodni\u0142y, \u017ce s\u0105 kierowane przez marionetkowe rz\u0105dy kontrolowane przez jedno centrum w\u0142adzy, kt\u00f3re mo\u017cemy nazwa\u0107 bez przesady Rz\u0105d \u015bwiatowy dzia\u0142aj\u0105cy za po\u015brednictwem ONZ stowarzyszone agencje, takie jak WHO.<\/p>\n\n\n\n<p>Jak pokaza\u0142em w kilku ostatnich artyku\u0142ach[2], wsp\u00f3lnym mianownikiem wszystkich pa\u0144stw podlegaj\u0105cych globalistycznemu centrum dowodzenia jest ONZ ze swoj\u0105 polityk\u0105 ustanowion\u0105 przez Agend\u0119 21 i Agend\u0119 2030 na rzecz zr\u00f3wnowa\u017conego rozwoju.<\/p>\n\n\n<div class=\"wp-block-image\">\n<figure class=\"aligncenter\"><a href=\"https:\/\/www.activistpost.com\/product\/098637394X\/US\/permacultucom-20\/?cart=y\" target=\"_blank\" rel=\"noreferrer noopener\"><img decoding=\"async\" src=\"https:\/\/m.media-amazon.com\/images\/I\/41Oj2Bet7KL._SL500_.jpg\" alt=\"\"\/><\/a><\/figure><\/div>\n\n\n<p><a href=\"https:\/\/www.activistpost.com\/product\/098637394X\/US\/permacultucom-20\/?cart=y\" target=\"_blank\" rel=\"noreferrer noopener\"><em><strong>Z\u0142e bli\u017aniaki technokracji i transhumanizmu<\/strong><\/em><\/a><\/p>\n\n\n\n<p><strong><a href=\"https:\/\/www.activistpost.com\/product\/098637394X\/US\/permacultucom-20\/?cart=y\" target=\"_blank\" rel=\"noreferrer noopener\">przez Patricka Wooda<\/a><\/strong><\/p>\n\n\n\n<p>Wymieniamy tutaj jeszcze raz tylko g\u0142\u00f3wne elementy Wielkiego Resetu jako koniec ludzkiej cywilizacji i wej\u015bcie w apokaliptyczn\u0105 faz\u0119 TECHNOKRACJA i TRANSHUMANIZM, kt\u00f3ra ma na celu dwa g\u0142\u00f3wne priorytety, WYLUDNIENIE i KONTROL\u0118, promowane na ca\u0142ym \u015bwiecie, bez pa\u0144stwa, kt\u00f3re twierdz\u0105, \u017ce reprezentuj\u0105 alternatyw\u0119 dla \u201ezbiorowego Zachodu\u201d, aby pokaza\u0107 g\u0142\u00f3wne nieporozumienia:<\/p>\n\n\n\n<p>\u00b7&nbsp;<strong>Organizowanie fa\u0142szywych pandemii,<\/strong>&nbsp;takich jak Covid-19, w celu wprowadzenia \u015bmierciono\u015bnych serum, nasyconych sk\u0142adnikami, takimi jak bia\u0142ka kolczaste, nanocz\u0105steczki, substancje fluorescencyjne sugestywnie nazwane&nbsp;<em>lucyferaz\u0105<\/em>&nbsp;, kom\u00f3rki z abortowanych ludzkich p\u0142od\u00f3w itp., kt\u00f3re razem wytwarzaj\u0105 nieodwracalne geny zmiany, wzrost ogromnej \u015bmiertelno\u015bci, w tym w\u015br\u00f3d nieletnich i m\u0142odych ludzi, samoistne poronienia i nag\u0142e zgony, powszechny rozw\u00f3j nowotwor\u00f3w i AIDS, a tak\u017ce sterylizacj\u0119 ludno\u015bci \u015bwiata.<\/p>\n\n\n\n<p>\u00b7&nbsp;&nbsp;<strong>Przylgni\u0119cie do mitu klimatycznego<\/strong>&nbsp;, kt\u00f3ry narzuca nieprawdziwo\u015b\u0107 globalnego ocieplenia, efektu cieplarnianego jako pretekstu do ca\u0142kowitego zniszczenia gospodarki \u015bwiatowej poprzez zakaz stosowania tradycyjnych paliw (ropa, gaz, w\u0119giel), a tak\u017ce poprzez narzucanie \u201ezielonej gospodarki\u201d \u201d, \u201e\u015blad w\u0119glowy\u201d itp.;<\/p>\n\n\n\n<p>\u00b7&nbsp;<strong>Promowanie polityki eliminowania p\u0142ynnego pieni\u0105dza<\/strong>&nbsp;i narzucania cyfrowej waluty banku centralnego (CBDC);<\/p>\n\n\n\n<p>\u00b7&nbsp;<strong>Ustanowienie kompletnego systemu nadzoru<\/strong>&nbsp;poprzez masowe wykorzystanie kamer monitoruj\u0105cych, program\u00f3w do rozpoznawania twarzy, kod\u00f3w QR, portfeli cyfrowych itp.;<\/p>\n\n\n\n<p>\u00b7&nbsp;<strong>Ca\u0142kowita cyfryzacja spo\u0142ecze\u0144stwa<\/strong>&nbsp;;<\/p>\n\n\n\n<p>\u00b7&nbsp;<strong>Masowe wprowadzenie sztucznej inteligencji i robotyki<\/strong>&nbsp;, kt\u00f3re opr\u00f3cz ca\u0142kowitego nadzoru i kontroli, spowoduje globalne bezrobocie na kolosalne rozmiary;<\/p>\n\n\n\n<p>\u00b7&nbsp;<strong>In\u017cynieria genetyczna<\/strong>&nbsp;maj\u0105ca na celu przekszta\u0142cenie ca\u0142ego stworzenia, od ro\u015blin i zwierz\u0105t po cz\u0142owieka, w tym&nbsp;<strong>klonowanie zwierz\u0105t i ludzi;<\/strong><\/p>\n\n\n\n<p>\u00b7&nbsp;<strong>Wzmocnienie cz\u0142owieka poprzez po\u0142\u0105czenie fizycznych, cyfrowych i biologicznych<\/strong>&nbsp;w ramach Czwartej Rewolucji Przemys\u0142owej;<\/p>\n\n\n\n<p>\u00b7&nbsp;<strong>Konwergencja mi\u0119dzy dyscyplinami naukowymi Nanotechnologia, Biotechnologia, Informatyka i Kognitywistyka,<\/strong>&nbsp;w skr\u00f3cie NBIC;<\/p>\n\n\n\n<p>\u00b7&nbsp;<strong>Zakaz normalnego spo\u017cycia mi\u0119sa pochodzenia zwierz\u0119cego<\/strong>&nbsp;pod pretekstem sanitarnym (\u015bwi\u0144ska grypa, ptasia grypa, emisja gaz\u00f3w u byd\u0142a jako przyczyna globalnego ocieplenia itp.);<\/p>\n\n\n\n<p><strong>&nbsp;\u00b7 Na\u0142o\u017cenie insekt\u00f3w i robak\u00f3w z tytu\u0142u \u015brodk\u00f3w spo\u017cywczych.<\/strong><\/p>\n\n\n\n<p>Warto pami\u0119ta\u0107, \u017ce obecnie nast\u0119puje szybkie przej\u015bcie od \u201ecywilizacji pieni\u0105dza\u201d (Valentin Katasonov) do \u201ecywilizacji techno-nauki\u201d i postludzko\u015bci.&nbsp;W tym sensie wszystkie przewidywania Jacquesa Ellula dotycz\u0105ce \u201ezdrady technologii\u201d dok\u0142adnie si\u0119 urzeczywistniaj\u0105.&nbsp;Obsesja na punkcie podboju natury przez cz\u0142owieka przekszta\u0142ci\u0142a si\u0119 w podb\u00f3j cz\u0142owieka przez technologi\u0119.<\/p>\n\n\n\n<p>Wymienion\u0105 powy\u017cej list\u0119 koszmarnych rzeczywisto\u015bci mo\u017cna by kontynuowa\u0107.&nbsp;Na przyk\u0142ad sztuczne pocz\u0119cie dzieci, seksualizacja nieletnich, legalizacja pedokryminalno\u015bci, rewolucja LGBT itp. To prawda, \u017ce \u200b\u200bwiele kraj\u00f3w muzu\u0142ma\u0144skich, Chiny i Rosja sprzeciwiaj\u0105 si\u0119 sodomii i zniszczeniu rodziny, ale bior\u0105c pod uwag\u0119 niszczycielskiej si\u0142y kultury masowej promowanej przez nowoczesne technologie i totalnej wojny poznawczej prowadzonej przez globalistyczne o\u015brodki w\u0142adzy, pewna desynchronizacja stopnia spo\u0142ecznego zdeprawowania zostanie przezwyci\u0119\u017cona w ci\u0105gu dekady lub najwy\u017cej dw\u00f3ch.&nbsp;Zach\u00f3d sta\u0142 si\u0119 globalny, zdo\u0142a\u0142 zarazi\u0107 ca\u0142y \u015bwiat swoimi chorobami.<\/p>\n\n\n\n<p>Dynamika i skala wymienionych powy\u017cej zjawisk jest wr\u0119cz dyluwialna, a \u015bci\u015blej rzecz ujmuj\u0105c, apokaliptyczna.&nbsp;Z tej perspektywy wymagana jest poprawna i dog\u0142\u0119bna ocena tej rzeczywisto\u015bci mi\u0119dzynarodowej, kt\u00f3ra nie mie\u015bci si\u0119 w klasycznych schematach geopolitycznych, przezwyci\u0119\u017caniu horyzontalnych podzia\u0142\u00f3w mi\u0119dzy pa\u0144stwami i grupami pa\u0144stw.&nbsp;Konieczny jest r\u00f3wnie\u017c inwentaryzacja metod walki ruchu oporu z ustanawian\u0105 w b\u0142yskawicznym tempie techno-naukow\u0105 tyrani\u0105.<\/p>\n\n\n\n<p>Aby sprawdzi\u0107 stopie\u0144 lojalno\u015bci jakiegokolwiek pa\u0144stwa i przyw\u00f3dcy pa\u0144stwa wobec globalistycznego centrum w\u0142adzy, kt\u00f3re og\u00f3lnie nazywamy Rz\u0105dem \u015awiatowym, wystarczy wykona\u0107 nast\u0119puj\u0105ce \u0107wiczenie intelektualne.&nbsp;Narysujmy na nich zaproponowan\u0105 powy\u017cej siatk\u0119 lektur, kt\u00f3ra z maksymaln\u0105 precyzj\u0105 rozwinie prawdziw\u0105 natur\u0119 poszczeg\u00f3lnych re\u017cim\u00f3w politycznych i dygnitarzy w hierarchiach pa\u0144stwowych.<\/p>\n\n\n\n<p><strong>Pierwsze \u0107wiczenie.&nbsp;<\/strong>Czy dane pa\u0144stwo\/przyw\u00f3dca przy\u0142\u0105czy\u0142o si\u0119 do globalnego ludob\u00f3jstwa pod przykrywk\u0105 fa\u0142szywej pandemii Covid-19, czy nie?&nbsp;A tu \u2013 och, co za szokuj\u0105ca niespodzianka!&nbsp;\u2013 znajdziemy w tej samej kolekcji marionetek \u015awiatowego Rz\u0105du Donalda Trumpa i Joe Bidena, W\u0142adimira Putina i Xi Jinpinga, Justina Trudeau i Narendr\u0119 Damodardasa Modiego, Emmanuela Macrona i Ursul\u0119 Gertrud von der Leyen, W\u0142adimira Ze\u0142enskiego i Viktora Orbana.<\/p>\n\n\n\n<p>Wynika z tego, \u017ce jakikolwiek istniej\u0105cy konflikt mi\u0119dzy \u201ekolektywnym Zachodem\u201d a Rosj\u0105\/Chinami\/BRICS \u2013 ideologiczny, dyplomatyczny, gospodarczy czy militarny \u2013 jest drugorz\u0119dny w por\u00f3wnaniu ze wsp\u00f3ln\u0105 agend\u0105 narzucon\u0105 im przez organizacje globalistyczne, takie jak ONZ i WHO .&nbsp;A to dlatego \u2013 najwy\u017csza uwaga!!!&nbsp;\u2013 rozp\u0119tanie na si\u0142\u0119 tsunami globalistycznej agendy spowoduje ogromne przemiany na skal\u0119 \u015bwiatow\u0105, kt\u00f3re przyspiesz\u0105 nadej\u015bcie ko\u0144cowej fazy ludzkiej cywilizacji.&nbsp;Wszystkie dystopijne powie\u015bci i horrory z funkcjami programowania predykcyjnego nie tylko stan\u0105 si\u0119 rzeczywisto\u015bci\u0105 szybciej, ni\u017c my, antysystemowi dysydenci, mo\u017cemy sobie wyobrazi\u0107.&nbsp;Je\u015bli nie nast\u0105pi radykalna zmiana, \u017caden powa\u017cny prze\u0142om w porz\u0105dku mi\u0119dzynarodowym, ludzko\u015b\u0107 stanie w obliczu nieuchronnego wygini\u0119cia.&nbsp;Wtedy nawet atei\u015bci i wolnomy\u015bliciele nagle przypomn\u0105 sobie Apokalips\u0119 i zawo\u0142aj\u0105 do Boga.&nbsp;Z tego prostego powodu, \u017ce zobacz\u0105 na w\u0142asne oczy te transcendentalne rzeczywisto\u015bci niedost\u0119pne dla wsp\u00f3\u0142czesnego cz\u0142owieka.<\/p>\n\n\n\n<p><strong><u>Co powinno zrobi\u0107 pa\u0144stwo\/re\u017cim polityczny\/przyw\u00f3dca niepodleg\u0142ego narodu?<\/u><\/strong><\/p>\n\n\n\n<h4 class=\"wp-block-heading\">Og\u0142o\u015b swoj\u0105 niepodleg\u0142o\u015b\u0107!<\/h4>\n\n\n\n<p>Zysk poza sfa\u0142szowanym systemem!&nbsp;Chro\u0144 si\u0119 przed tyrani\u0105 i upadkiem gospodarczym.&nbsp;Nauczcie si\u0119 \u017cy\u0107 wolni i szerzy\u0107 pok\u00f3j!<\/p>\n\n\n\n<p><em><u><strong>Biuletyn Counter Markets<\/strong><\/u>&nbsp;&#8211; Trendy i strategie dla maksymalnej wolno\u015bci<\/em><\/p>\n\n\n\n<p><strong>Odbierz BEZP\u0141ATNE wydanie ju\u017c dzi\u015b!<\/strong>Kliknij tutaj, aby pobra\u0107 teraz<\/p>\n\n\n\n<p><strong>1) Stanowczo pot\u0119pi\u0107 zbrodni\u0119 przeciwko ludzko\u015bci, jak\u0105 jest operacja masowego zab\u00f3jstwa ludzko\u015bci pod przykrywk\u0105 Covid-19 pLandemia?<\/strong><\/p>\n\n\n\n<p><strong>2) Natychmiastowe opuszczenie \u015awiatowej Organizacji Zdrowia i pot\u0119pienie wszelkich powi\u0105za\u0144 z GAVI, \u015awiatowym Sojuszem na rzecz Szczepionek i Szczepie\u0144.<\/strong><\/p>\n\n\n\n<p><strong>3) Zerwanie wszelkiej wsp\u00f3\u0142pracy z Big Pharma poprzez wypowiedzenie wszelkich porozumie\u0144 z ponadnarodowymi korporacjami produkuj\u0105cymi szczepionki.<\/strong><\/p>\n\n\n\n<p><strong>4) Zrezygnowa\u0107 z obowi\u0105zkowych szczepie\u0144 ludno\u015bci, od nowo narodzonych dzieci po osoby starsze.<\/strong><\/p>\n\n\n\n<p><strong>5) Wszczyna\u0107 dochodzenia karne przeciwko dygnitarzom, kt\u00f3rzy nawi\u0105zali stosunki wsp\u00f3\u0142udzia\u0142u z przest\u0119pcami globalistycznej elity w celu pope\u0142nienia masowego mordu.<\/strong><\/p>\n\n\n\n<p>Czy po ponad trzech latach od wybuchu epidemii Covid-19 jakiekolwiek pa\u0144stwo podj\u0119\u0142o takie dzia\u0142ania?&nbsp;Oczywi\u015bcie, \u017ce nie.&nbsp;Sk\u0105d zatem tyle entuzjazmu w mi\u0119dzynarodowych kr\u0119gach oporu przeciwko ameryka\u0144skiej hegemonii nad Rosj\u0105 Putina, Chinami Xi czy BRICS?&nbsp;Pr\u00f3buj\u0119 odpowiedzie\u0107 na to pytanie.<\/p>\n\n\n\n<p>1. Nasi zachodni przyjaciele w sieci dysydenckiej tak bardzo nienawidz\u0105 systemu rz\u0105dz\u0105cego, \u017ce popadaj\u0105 w stan \u015blepego uwielbienia dla wy\u017cej wymienionych kraj\u00f3w i ich formalnych przyw\u00f3dc\u00f3w, osi\u0105gaj\u0105c nawet stan ba\u0142wochwalstwa.<\/p>\n\n\n\n<p>2. Zamieszanie to masowo podsyca oficjalny dyskurs frontmen\u00f3w ze Wschodu, kt\u00f3rzy kontestuj\u0105 \u201ewarto\u015bci zachodnie\u201d, twierdz\u0105c, \u017ce broni\u0105 alternatywnych warto\u015bci cywilizacyjnych.&nbsp;Oznacza to, \u017ce intelektuali\u015bci antyzachodniego ruchu oporu wpadaj\u0105 w pu\u0142apk\u0119 oficjalnej retoryki i nie rozr\u00f3\u017cniaj\u0105 s\u0142\u00f3w od czyn\u00f3w.<\/p>\n\n\n\n<p>3. W ka\u017cdym konflikcie mi\u0119dzy dwiema stronami jeste\u015bmy kuszeni, by stan\u0105\u0107 po stronie jednej z nich.&nbsp;To syndrom widza meczu pi\u0142ki no\u017cnej lub wyborcy w konfrontacji mi\u0119dzy rz\u0105dem a opozycj\u0105.&nbsp;W takich sytuacjach trudno zaakceptowa\u0107 pogl\u0105d, \u017ce dana fauna polityczna nie przedstawia \u017cadnej pozytywnej postaci.<\/p>\n\n\n\n<p>4. Propaganda takich stolic jak Moskwa, poprzez RT, Sputnik itp. jest do\u015b\u0107 skuteczna w podtrzymywaniu iluzji alternatywy dla Zachodu.&nbsp;Sprzyja temu r\u00f3wnie\u017c fakt, \u017ce istniej\u0105ce w krajach zachodnich studia danej firmy medialnej stale zapraszaj\u0105 zakazanych przez mainstreamowe media intelektualist\u00f3w, a ambasady dbaj\u0105 o ich obecno\u015b\u0107 na wszystkich \u015bwiatowych wydarzeniach.<\/p>\n\n\n\n<p>5. Moskwa ucieka si\u0119 do starej strategii stosowanej w latach 1920-1930 przez Komintern, kt\u00f3ry wiedzia\u0142, jak schlebia\u0107 i skorumpowa\u0107 du\u017c\u0105 liczb\u0119 zachodnich intelektualist\u00f3w, kt\u00f3rzy zamienili si\u0119 w tr\u0105by re\u017cimu sowieckiego, \u201ealternatywnego\u201d dla re\u017cimu kapitalistycznego.<\/p>\n\n\n\n<p>6. Obecnie w Moskwie osiedli\u0142a si\u0119 lub regularnie odwiedza ca\u0142a rzesza rebeliant\u00f3w zaanga\u017cowanych w walk\u0119 z Systemem, zamieniaj\u0105c&nbsp;<em>nolens-volens<\/em>&nbsp;w neokomintern\u00f3w w s\u0142u\u017cbie Kremla.<\/p>\n\n\n\n<p>7. Maj\u0105c niezwyk\u0142ego ducha krytycznego i wykazuj\u0105c godn\u0105 pochwa\u0142y zdolno\u015b\u0107 analizy w swoich artyku\u0142ach, publicznych wyk\u0142adach i ksi\u0105\u017ckach, nasi zachodni przyjaciele cz\u0119sto wykazuj\u0105 zdumiewaj\u0105c\u0105 \u015blepot\u0119 na realia Rosji lub Chin.&nbsp;Omawianie z nimi natury w\u0142adzy politycznej, struktury instytucji pa\u0144stwowych, procesu decyzyjnego, struktury gospodarki narodowej, polityki redakcyjnej dominuj\u0105cych medi\u00f3w w tych krajach itp. jest niemo\u017cliwe.&nbsp;Ludzie s\u0105 sk\u0142onni w niesko\u0144czono\u015b\u0107 kultywowa\u0107 w\u0142asne iluzje, gdy po prostu nie musz\u0105 pod\u0105\u017ca\u0107 za wizj\u0105 uzgodnion\u0105 przez ich wschodnich sponsor\u00f3w.<\/p>\n\n\n\n<p><strong><em>2. Klimatyzm jako bro\u0144 masowego ra\u017cenia w r\u0119kach globalist\u00f3w<\/em><\/strong><\/p>\n\n\n\n<p>Teraz kilka s\u0142\u00f3w o micie klimatycznym i jego implikacjach dla ustanowienia Nowego Porz\u0105dku \u015awiata.&nbsp;Nie b\u0119d\u0119 zag\u0142\u0119bia\u0142 si\u0119 w ten temat, zamiast tego polecam seri\u0119 ksi\u0105\u017cek na ten temat o wzorowej warto\u015bci naukowej:<\/p>\n\n\n\n<p><a href=\"https:\/\/livefree.academy\/op\/exit-and-build-land-summit-iii-registration\/?ref=219\"><\/a><br><a href=\"https:\/\/livefree.academy\/op\/exit-and-build-land-summit-iii-registration\/?ref=219\">Wyjd\u017a i zbuduj szczyt l\u0105dowy &#8211; 2023<\/a><\/p>\n\n\n\n<p>Fran\u00e7ois Gervais: \u201eL&#8217;urgence climatique est un leurre\u201d, \u201eMerci au CO2: Impact climatique et cons\u00e9quences: quelques points de r\u00e9p\u00e8res\u201d, \u201eImpasses-climatiques-contradictions-discours-alarmiste\u201d;&nbsp;Christian Gerondeau: \u201eLe CO2 est bon pour la plan\u00e8te: Climat, la grande manipulation\u201d \u201eLa religii ecologiste\u201d, \u201eLa voiture \u00e9lectrique et autres folies: la religia \u00e9cologiste\u201d;&nbsp;Tim Ball;&nbsp;\u201eCelowa korupcja nauki o klimacie\u201d;&nbsp;Calude Allegre: \u201eOszustwo klimatu\u201d;&nbsp;R\u00e9my Prud&#8217;homme: \u201eL&#8217;ideologia ocieplenia\u201d, \u201eOcieplenie jako ideologia: mi\u0119kka nauka i twarda doktryna\u201d, \u201eLe mythe des energies r\u00e9nov\u00e9ables\u201d, Marc Morano, \u201eClimate Change\u201d, \u201eGreen Fraud\u201d.<\/p>\n\n\n\n<p>Przywo\u0142ujemy tutaj banaln\u0105 prawd\u0119, znan\u0105 wszystkim w intelektualnym \u015brodowisku dysydencji antyglobalistycznej.&nbsp;Pozbawienie suwerenno\u015bci pa\u0144stw to stary plan globalistycznych elit, kt\u00f3ry zosta\u0142 w pe\u0142ni zrealizowany.&nbsp;A je\u015bli wiemy, \u017ce \u015bwiatem rz\u0105dz\u0105 pewne sieci wp\u0142yw\u00f3w, tajne stowarzyszenia i ponadnarodowe korporacje, dlaczego ograniczamy t\u0119 aksjomatyczn\u0105 prawd\u0119 tylko do przestrzeni Zachodu?<\/p>\n\n\n\n<p>Przypominamy r\u00f3wnie\u017c, \u017ce odwr\u00f3cenie globalnych proporcji z g\u0142\u00f3wnym strategicznym interesem, s\u0142usznie nazywanym \u201ereligi\u0105 ekologiczn\u0105\u201d lub \u201eideologi\u0105 globalnego ocieplenia\u201d, zosta\u0142o narzucone pa\u0144stwom w wyniku obrad Klubu Rzymskiego utworzonego przez klan Rockefeller\u00f3w w w celu uzasadnienia teorii wyludnienia.&nbsp;Ta fa\u0142szywa teoria sta\u0142a si\u0119 mi\u0119dzynarodow\u0105 konwencj\u0105 po Szczycie Ziemi w Rio de Janeiro w 1992 roku, kt\u00f3ry odby\u0142 si\u0119 pod auspicjami ONZ.&nbsp;Tym samym zmiany klimatyczne sta\u0142y si\u0119 norm\u0105 mi\u0119dzynarodow\u0105, a koncepcja Zr\u00f3wnowa\u017conego Rozwoju przenios\u0142a si\u0119 do kilku akt\u00f3w tej samej ONZ.&nbsp;Nasz ob\u00f3z bardzo dobrze rozumie cel tych projekt\u00f3w \u2013 ustanowienie Nowego Porz\u0105dku \u015awiata.&nbsp;Ale czy jakikolwiek kraj sprzeciwia si\u0119 tej strategii?&nbsp;Nie. Jak zatem<\/p>\n\n\n\n<p><strong><u>Co powinno zrobi\u0107 niezale\u017cne i patriotyczne pa\u0144stwo\/rz\u0105d, aby odrzuci\u0107 program globalizmu oparty na religii ekologizmu?<\/u><\/strong><\/p>\n\n\n\n<p>1.&nbsp;&nbsp;<strong>Pot\u0119pi\u0107 wszystkie przyj\u0119te w ramach ONZ i ratyfikowane przez pa\u0144stwa cz\u0142onkowskie konwencje mi\u0119dzynarodowe, kt\u00f3re nadaj\u0105 prawny wygl\u0105d mitowi klimatycznemu i zdradzieckiej strategii Zr\u00f3wnowa\u017conego Rozwoju?<\/strong><\/p>\n\n\n\n<p>2.&nbsp;&nbsp;<strong>Zainicjowa\u0107 oficjaln\u0105 debat\u0119 na poziomie mi\u0119dzynarodowym, z udzia\u0142em uczciwych ekspert\u00f3w w tej dziedzinie, aby pot\u0119pi\u0107 t\u0119 dywersj\u0119, kt\u00f3rej celem jest zmniejszenie liczby ludno\u015bci i ustanowienie \u015bwiatowej tyranii.<\/strong><\/p>\n\n\n\n<p>Czy jakiekolwiek pa\u0144stwo lub jego przyw\u00f3dca wykaza\u0142 zamiar wycofania si\u0119 z mi\u0119dzynarodowych zobowi\u0105za\u0144, kt\u00f3re niwecz\u0105 niepodleg\u0142o\u015b\u0107 narodow\u0105, niszcz\u0105 gospodark\u0119 i prowadz\u0105 do masowego wyludnienia?&nbsp;Nie. A je\u015bli tak, to dlaczego wolimy selektywne podej\u015bcie r\u00f3wnie\u017c do tego g\u0142\u00f3wnego problemu ludzko\u015bci?<\/p>\n\n\n\n<p>Lub, powiedzmy, kt\u00f3re pa\u0144stwo (grupa pa\u0144stw) pretenduj\u0105ce do niepodleg\u0142o\u015bci mog\u0142oby sobie pozwoli\u0107 na rezygnacj\u0119 ze \u015awiatowej Organizacji Handlu i Banku Rozrachunk\u00f3w Mi\u0119dzynarodowych?&nbsp;Niejeden?&nbsp;W takim razie o jakiej niezale\u017cno\u015bci ekonomicznej mogliby\u015bmy m\u00f3wi\u0107?&nbsp;Ale w\u0142a\u015bnie niezale\u017cno\u015b\u0107 ekonomiczna determinuje niezale\u017cno\u015b\u0107 polityczn\u0105.&nbsp;Nie wspominaj\u0105c ju\u017c o powszechnej obsesji na punkcie zale\u017cno\u015bci gospodarki narodowej od rynk\u00f3w zagranicznych i handlu zagranicznego, o wszelkich ideach protekcjonizmu gospodarczego czy ekonomii blisko\u015bci, kt\u00f3re zosta\u0142y zapomniane zar\u00f3wno przez ma\u0142e, jak i du\u017ce kraje.<\/p>\n\n\n\n<p>W tym samym duchu podkre\u015blamy, \u017ce wyj\u015bcie ze \u015bmierciono\u015bnych obj\u0119\u0107 Systemu Globalistycznego prowadzi do zdecydowanego i oficjalnego odrzucenia planu wyeliminowania p\u0142ynnego pieni\u0105dza (&nbsp;<strong>spo\u0142ecze\u0144stwa bezgot\u00f3wkowego<\/strong>&nbsp;), technokratycznych obsesji, kt\u00f3re staj\u0105 si\u0119 norm\u0105 prawn\u0105 i praktyczn\u0105 rzeczywisto\u015bci, takie jak \u201e&nbsp;<strong><em>15-minutowe miasta<\/em><\/strong>&nbsp;\u201d, \u201e&nbsp;<strong><em>inteligentne miasta \u2013 inteligentne thigs \u2013 inteligentne cia\u0142a \u2013 inteligentne umys\u0142y<\/em><\/strong>&nbsp;\u201d itp.<\/p>\n\n\n\n<p>W tych warunkach, je\u015bli globalizacja jest przeznaczeniem, nieub\u0142aganym prawem w sensie progresywizmu jako jedynej wizji \u015bwiata, dlaczego mieliby\u015bmy przejawia\u0107 tak\u0105 gorliwo\u015b\u0107 w kultywowaniu r\u00f3\u017cnic cywilizacyjnych, religijnych czy ideologicznych?&nbsp;Wszystko to schodzi na drugi plan, by trwale rozpu\u015bci\u0107 si\u0119 w kotle technologicznej, ekonomicznej i kulturowej globalizacji.&nbsp;Ujednolicenie, homogenizacja, dehumanizacja i wej\u015bcie w paradygmat terminalny dw\u00f3ch bli\u017aniak\u00f3w z\u0142a \u2013 technokracji i transhumanizmu (Patrick M. Wood[3]) jawi si\u0119 jako nieuchronne, jako predestynacja, kt\u00f3ra zako\u0144czy histori\u0119 ludzko\u015bci tragicznie i przyspieszony spos\u00f3b.<\/p>\n\n\n\n<p>3.&nbsp;&nbsp;<strong><em>Nieadekwatno\u015b\u0107 metod walki politycznej w warunkach tyranii<\/em><\/strong><\/p>\n\n\n\n<p><a href=\"https:\/\/telegra.ph\/A-double-inadequacy-to-the-new-realities-a-false-alternative-and-a-sterile-legalism-06-25\">Przeczytaj ca\u0142\u0105 histori\u0119 tutaj\u2026<\/a><\/p>\n\n\n\n<p><strong><em>\u0179r\u00f3d\u0142o:\u00a0<a href=\"https:\/\/www.technocracy.news\/coming-soon-the-apocalyptic-phase-of-technocracy-and-transhumanism\/\">Technocracy News &amp; Trends<\/a><\/em><\/strong><\/p>\n\n\n\n<p>\u0179r\u00f3d\u0142o  https:\/\/www.activistpost.com\/2023\/06\/coming-soon-the-apocalyptic-phase-of-technocracy-and-transhumanism.html<\/p>\n","protected":false},"excerpt":{"rendered":"<p>Ju\u017c wkr\u00f3tce: apokaliptyczna faza technokracji i transhumanizmu Ten esej pochodzi od naukowca z Mo\u0142dawii, kt\u00f3ry przedstawia punkt widzenia spoza Stan\u00f3w Zjednoczonych.\u00a0Kluczowe jest zrozumienie, jak obywatele innych narod\u00f3w postrzegaj\u0105 globalne przej\u0119cie przez technokrat\u00f3w i transhumanist\u00f3w.\u00a0\u2014 Redaktor wiadomo\u015bci i trend\u00f3w technokracji,\u00a0Patrick Wood&#8230; <\/p>\n","protected":false},"author":2,"featured_media":2690,"comment_status":"open","ping_status":"open","sticky":false,"template":"","format":"standard","meta":{"_acf_changed":false,"_bbp_topic_count":0,"_bbp_reply_count":0,"_bbp_total_topic_count":0,"_bbp_total_reply_count":0,"_bbp_voice_count":0,"_bbp_anonymous_reply_count":0,"_bbp_topic_count_hidden":0,"_bbp_reply_count_hidden":0,"_bbp_forum_subforum_count":0,"om_disable_all_campaigns":false,"_monsterinsights_skip_tracking":false,"footnotes":""},"categories":[93],"tags":[],"class_list":["post-2689","post","type-post","status-publish","format-standard","has-post-thumbnail","hentry","category-artykuly"],"acf":[],"aioseo_notices":[],"aioseo_head":"\n\t\t<!-- All in One SEO 5.0.1.1 - aioseo.com -->\n\t<meta name=\"description\" content=\"Ju\u017c wkr\u00f3tce: apokaliptyczna faza technokracji i transhumanizmu Ten esej pochodzi od naukowca z Mo\u0142dawii, kt\u00f3ry przedstawia punkt widzenia spoza Stan\u00f3w Zjednoczonych. Kluczowe jest zrozumienie, jak obywatele innych narod\u00f3w postrzegaj\u0105 globalne przej\u0119cie przez technokrat\u00f3w i transhumanist\u00f3w. \u2014 Redaktor wiadomo\u015bci i trend\u00f3w technokracji, Patrick Wood Autor: Iurie Ro\u0219ca 1. Wyznawanie religii covidism jako dow\u00f3d lojalno\u015bci wobec globalist\u00f3w W niniejszym eseju odnios\u0119 si\u0119\" \/>\n\t<meta name=\"robots\" content=\"max-image-preview:large\" \/>\n\t<meta name=\"author\" content=\"trinity\"\/>\n\t<link rel=\"canonical\" href=\"https:\/\/wia.net.pl\/index.php\/2023\/06\/26\/apokaliptyczna-faza-technokracji-i-transhumanizmu\/\" \/>\n\t<meta name=\"generator\" content=\"All in One SEO (AIOSEO) 5.0.1.1\" \/>\n\t\t<meta property=\"og:locale\" content=\"pl_PL\" \/>\n\t\t<meta property=\"og:site_name\" content=\"Wolno\u015b\u0107 i Anarchia - Ka\u017cdy wewn\u0119trznie jest anarchist\u0105.\" \/>\n\t\t<meta property=\"og:type\" content=\"article\" \/>\n\t\t<meta property=\"og:title\" content=\"Apokaliptyczna Faza Technokracji i Transhumanizmu - Wolno\u015b\u0107 i Anarchia\" \/>\n\t\t<meta property=\"og:description\" content=\"Ju\u017c wkr\u00f3tce: apokaliptyczna faza technokracji i transhumanizmu Ten esej pochodzi od naukowca z Mo\u0142dawii, kt\u00f3ry przedstawia punkt widzenia spoza Stan\u00f3w Zjednoczonych. Kluczowe jest zrozumienie, jak obywatele innych narod\u00f3w postrzegaj\u0105 globalne przej\u0119cie przez technokrat\u00f3w i transhumanist\u00f3w. \u2014 Redaktor wiadomo\u015bci i trend\u00f3w technokracji, Patrick Wood Autor: Iurie Ro\u0219ca 1. Wyznawanie religii covidism jako dow\u00f3d lojalno\u015bci wobec globalist\u00f3w W niniejszym eseju odnios\u0119 si\u0119\" \/>\n\t\t<meta property=\"og:url\" content=\"https:\/\/wia.net.pl\/index.php\/2023\/06\/26\/apokaliptyczna-faza-technokracji-i-transhumanizmu\/\" \/>\n\t\t<meta property=\"og:image\" content=\"https:\/\/wia.net.pl\/wp-content\/uploads\/2023\/11\/cropped-freedom-i73367.jpg\" \/>\n\t\t<meta property=\"og:image:secure_url\" content=\"https:\/\/wia.net.pl\/wp-content\/uploads\/2023\/11\/cropped-freedom-i73367.jpg\" \/>\n\t\t<meta property=\"article:published_time\" content=\"2023-06-26T14:33:38+00:00\" \/>\n\t\t<meta property=\"article:modified_time\" content=\"2023-06-26T14:33:40+00:00\" \/>\n\t\t<meta name=\"twitter:card\" content=\"summary_large_image\" \/>\n\t\t<meta name=\"twitter:title\" content=\"Apokaliptyczna Faza Technokracji i Transhumanizmu - Wolno\u015b\u0107 i Anarchia\" \/>\n\t\t<meta name=\"twitter:description\" content=\"Ju\u017c wkr\u00f3tce: apokaliptyczna faza technokracji i transhumanizmu Ten esej pochodzi od naukowca z Mo\u0142dawii, kt\u00f3ry przedstawia punkt widzenia spoza Stan\u00f3w Zjednoczonych. Kluczowe jest zrozumienie, jak obywatele innych narod\u00f3w postrzegaj\u0105 globalne przej\u0119cie przez technokrat\u00f3w i transhumanist\u00f3w. \u2014 Redaktor wiadomo\u015bci i trend\u00f3w technokracji, Patrick Wood Autor: Iurie Ro\u0219ca 1. Wyznawanie religii covidism jako dow\u00f3d lojalno\u015bci wobec globalist\u00f3w W niniejszym eseju odnios\u0119 si\u0119\" \/>\n\t\t<meta name=\"twitter:image\" content=\"https:\/\/wia.net.pl\/wp-content\/uploads\/2023\/11\/cropped-freedom-i73367.jpg\" \/>\n\t\t<script type=\"application\/ld+json\" class=\"aioseo-schema\">\n\t\t\t{\"@context\":\"https:\\\/\\\/schema.org\",\"@graph\":[{\"@type\":\"BlogPosting\",\"@id\":\"https:\\\/\\\/wia.net.pl\\\/index.php\\\/2023\\\/06\\\/26\\\/apokaliptyczna-faza-technokracji-i-transhumanizmu\\\/#blogposting\",\"name\":\"Apokaliptyczna Faza Technokracji i Transhumanizmu - Wolno\\u015b\\u0107 i Anarchia\",\"headline\":\"Apokaliptyczna Faza Technokracji i Transhumanizmu\",\"author\":{\"@id\":\"https:\\\/\\\/wia.net.pl\\\/index.php\\\/author\\\/trinity\\\/#author\"},\"publisher\":{\"@id\":\"https:\\\/\\\/wia.net.pl\\\/#person\"},\"image\":{\"@type\":\"ImageObject\",\"url\":\"https:\\\/\\\/wia.net.pl\\\/wp-content\\\/uploads\\\/2023\\\/06\\\/tech-transh-tnat.jpg\",\"width\":971,\"height\":598},\"datePublished\":\"2023-06-26T16:33:38+02:00\",\"dateModified\":\"2023-06-26T16:33:40+02:00\",\"inLanguage\":\"pl-PL\",\"mainEntityOfPage\":{\"@id\":\"https:\\\/\\\/wia.net.pl\\\/index.php\\\/2023\\\/06\\\/26\\\/apokaliptyczna-faza-technokracji-i-transhumanizmu\\\/#webpage\"},\"isPartOf\":{\"@id\":\"https:\\\/\\\/wia.net.pl\\\/index.php\\\/2023\\\/06\\\/26\\\/apokaliptyczna-faza-technokracji-i-transhumanizmu\\\/#webpage\"},\"articleSection\":\"Artyku\\u0142y\"},{\"@type\":\"BreadcrumbList\",\"@id\":\"https:\\\/\\\/wia.net.pl\\\/index.php\\\/2023\\\/06\\\/26\\\/apokaliptyczna-faza-technokracji-i-transhumanizmu\\\/#breadcrumblist\",\"itemListElement\":[{\"@type\":\"ListItem\",\"@id\":\"https:\\\/\\\/wia.net.pl#listItem\",\"position\":1,\"name\":\"Home\",\"item\":\"https:\\\/\\\/wia.net.pl\",\"nextItem\":{\"@type\":\"ListItem\",\"@id\":\"https:\\\/\\\/wia.net.pl\\\/index.php\\\/category\\\/artykuly\\\/#listItem\",\"name\":\"Artyku\\u0142y\"}},{\"@type\":\"ListItem\",\"@id\":\"https:\\\/\\\/wia.net.pl\\\/index.php\\\/category\\\/artykuly\\\/#listItem\",\"position\":2,\"name\":\"Artyku\\u0142y\",\"item\":\"https:\\\/\\\/wia.net.pl\\\/index.php\\\/category\\\/artykuly\\\/\",\"nextItem\":{\"@type\":\"ListItem\",\"@id\":\"https:\\\/\\\/wia.net.pl\\\/index.php\\\/2023\\\/06\\\/26\\\/apokaliptyczna-faza-technokracji-i-transhumanizmu\\\/#listItem\",\"name\":\"Apokaliptyczna Faza Technokracji i Transhumanizmu\"},\"previousItem\":{\"@type\":\"ListItem\",\"@id\":\"https:\\\/\\\/wia.net.pl#listItem\",\"name\":\"Home\"}},{\"@type\":\"ListItem\",\"@id\":\"https:\\\/\\\/wia.net.pl\\\/index.php\\\/2023\\\/06\\\/26\\\/apokaliptyczna-faza-technokracji-i-transhumanizmu\\\/#listItem\",\"position\":3,\"name\":\"Apokaliptyczna Faza Technokracji i Transhumanizmu\",\"previousItem\":{\"@type\":\"ListItem\",\"@id\":\"https:\\\/\\\/wia.net.pl\\\/index.php\\\/category\\\/artykuly\\\/#listItem\",\"name\":\"Artyku\\u0142y\"}}]},{\"@type\":\"Person\",\"@id\":\"https:\\\/\\\/wia.net.pl\\\/#person\",\"name\":\"Bart\\u0142omiej Talarczyk\",\"image\":{\"@type\":\"ImageObject\",\"@id\":\"https:\\\/\\\/wia.net.pl\\\/index.php\\\/2023\\\/06\\\/26\\\/apokaliptyczna-faza-technokracji-i-transhumanizmu\\\/#personImage\",\"url\":\"https:\\\/\\\/wia.net.pl\\\/wp-content\\\/uploads\\\/avatar-privacy\\\/cache\\\/user\\\/1\\\/7\\\/176a6b161c58363ff49b5c167264231f519f5c7fa183ca1f61e891769b6b56d5-96.jpg\",\"width\":96,\"height\":96,\"caption\":\"Bart\\u0142omiej Talarczyk\"}},{\"@type\":\"Person\",\"@id\":\"https:\\\/\\\/wia.net.pl\\\/index.php\\\/author\\\/trinity\\\/#author\",\"url\":\"https:\\\/\\\/wia.net.pl\\\/index.php\\\/author\\\/trinity\\\/\",\"name\":\"trinity\",\"image\":{\"@type\":\"ImageObject\",\"@id\":\"https:\\\/\\\/wia.net.pl\\\/index.php\\\/2023\\\/06\\\/26\\\/apokaliptyczna-faza-technokracji-i-transhumanizmu\\\/#authorImage\",\"url\":\"https:\\\/\\\/wia.net.pl\\\/wp-content\\\/uploads\\\/avatar-privacy\\\/cache\\\/user\\\/5\\\/f\\\/5f6547cf82495eaa10e100a6a45d5dbde2dfdc1be88557de2018fca705bdf6f1-96.jpg\",\"width\":96,\"height\":96,\"caption\":\"trinity\"}},{\"@type\":\"WebPage\",\"@id\":\"https:\\\/\\\/wia.net.pl\\\/index.php\\\/2023\\\/06\\\/26\\\/apokaliptyczna-faza-technokracji-i-transhumanizmu\\\/#webpage\",\"url\":\"https:\\\/\\\/wia.net.pl\\\/index.php\\\/2023\\\/06\\\/26\\\/apokaliptyczna-faza-technokracji-i-transhumanizmu\\\/\",\"name\":\"Apokaliptyczna Faza Technokracji i Transhumanizmu - Wolno\\u015b\\u0107 i Anarchia\",\"description\":\"Ju\\u017c wkr\\u00f3tce: apokaliptyczna faza technokracji i transhumanizmu Ten esej pochodzi od naukowca z Mo\\u0142dawii, kt\\u00f3ry przedstawia punkt widzenia spoza Stan\\u00f3w Zjednoczonych. Kluczowe jest zrozumienie, jak obywatele innych narod\\u00f3w postrzegaj\\u0105 globalne przej\\u0119cie przez technokrat\\u00f3w i transhumanist\\u00f3w. \\u2014 Redaktor wiadomo\\u015bci i trend\\u00f3w technokracji, Patrick Wood Autor: Iurie Ro\\u0219ca 1. Wyznawanie religii covidism jako dow\\u00f3d lojalno\\u015bci wobec globalist\\u00f3w W niniejszym eseju odnios\\u0119 si\\u0119\",\"inLanguage\":\"pl-PL\",\"isPartOf\":{\"@id\":\"https:\\\/\\\/wia.net.pl\\\/#website\"},\"breadcrumb\":{\"@id\":\"https:\\\/\\\/wia.net.pl\\\/index.php\\\/2023\\\/06\\\/26\\\/apokaliptyczna-faza-technokracji-i-transhumanizmu\\\/#breadcrumblist\"},\"author\":{\"@id\":\"https:\\\/\\\/wia.net.pl\\\/index.php\\\/author\\\/trinity\\\/#author\"},\"creator\":{\"@id\":\"https:\\\/\\\/wia.net.pl\\\/index.php\\\/author\\\/trinity\\\/#author\"},\"image\":{\"@type\":\"ImageObject\",\"url\":\"https:\\\/\\\/wia.net.pl\\\/wp-content\\\/uploads\\\/2023\\\/06\\\/tech-transh-tnat.jpg\",\"@id\":\"https:\\\/\\\/wia.net.pl\\\/index.php\\\/2023\\\/06\\\/26\\\/apokaliptyczna-faza-technokracji-i-transhumanizmu\\\/#mainImage\",\"width\":971,\"height\":598},\"primaryImageOfPage\":{\"@id\":\"https:\\\/\\\/wia.net.pl\\\/index.php\\\/2023\\\/06\\\/26\\\/apokaliptyczna-faza-technokracji-i-transhumanizmu\\\/#mainImage\"},\"datePublished\":\"2023-06-26T16:33:38+02:00\",\"dateModified\":\"2023-06-26T16:33:40+02:00\"},{\"@type\":\"WebSite\",\"@id\":\"https:\\\/\\\/wia.net.pl\\\/#website\",\"url\":\"https:\\\/\\\/wia.net.pl\\\/\",\"name\":\"Wolno\\u015b\\u0107 i Anarchia\",\"description\":\"Ka\\u017cdy wewn\\u0119trznie jest anarchist\\u0105.\",\"inLanguage\":\"pl-PL\",\"publisher\":{\"@id\":\"https:\\\/\\\/wia.net.pl\\\/#person\"}}]}\n\t\t<\/script>\n\t\t<!-- All in One SEO -->\n\n","aioseo_head_json":{"title":"Apokaliptyczna Faza Technokracji i Transhumanizmu - Wolno\u015b\u0107 i Anarchia","description":"Ju\u017c wkr\u00f3tce: apokaliptyczna faza technokracji i transhumanizmu Ten esej pochodzi od naukowca z Mo\u0142dawii, kt\u00f3ry przedstawia punkt widzenia spoza Stan\u00f3w Zjednoczonych. Kluczowe jest zrozumienie, jak obywatele innych narod\u00f3w postrzegaj\u0105 globalne przej\u0119cie przez technokrat\u00f3w i transhumanist\u00f3w. \u2014 Redaktor wiadomo\u015bci i trend\u00f3w technokracji, Patrick Wood Autor: Iurie Ro\u0219ca 1. Wyznawanie religii covidism jako dow\u00f3d lojalno\u015bci wobec globalist\u00f3w W niniejszym eseju odnios\u0119 si\u0119","canonical_url":"https:\/\/wia.net.pl\/index.php\/2023\/06\/26\/apokaliptyczna-faza-technokracji-i-transhumanizmu\/","robots":"max-image-preview:large","keywords":"","webmasterTools":{"miscellaneous":""},"schema":{"@context":"https:\/\/schema.org","@graph":[{"@type":"BlogPosting","@id":"https:\/\/wia.net.pl\/index.php\/2023\/06\/26\/apokaliptyczna-faza-technokracji-i-transhumanizmu\/#blogposting","name":"Apokaliptyczna Faza Technokracji i Transhumanizmu - Wolno\u015b\u0107 i Anarchia","headline":"Apokaliptyczna Faza Technokracji i Transhumanizmu","author":{"@id":"https:\/\/wia.net.pl\/index.php\/author\/trinity\/#author"},"publisher":{"@id":"https:\/\/wia.net.pl\/#person"},"image":{"@type":"ImageObject","url":"https:\/\/wia.net.pl\/wp-content\/uploads\/2023\/06\/tech-transh-tnat.jpg","width":971,"height":598},"datePublished":"2023-06-26T16:33:38+02:00","dateModified":"2023-06-26T16:33:40+02:00","inLanguage":"pl-PL","mainEntityOfPage":{"@id":"https:\/\/wia.net.pl\/index.php\/2023\/06\/26\/apokaliptyczna-faza-technokracji-i-transhumanizmu\/#webpage"},"isPartOf":{"@id":"https:\/\/wia.net.pl\/index.php\/2023\/06\/26\/apokaliptyczna-faza-technokracji-i-transhumanizmu\/#webpage"},"articleSection":"Artyku\u0142y"},{"@type":"BreadcrumbList","@id":"https:\/\/wia.net.pl\/index.php\/2023\/06\/26\/apokaliptyczna-faza-technokracji-i-transhumanizmu\/#breadcrumblist","itemListElement":[{"@type":"ListItem","@id":"https:\/\/wia.net.pl#listItem","position":1,"name":"Home","item":"https:\/\/wia.net.pl","nextItem":{"@type":"ListItem","@id":"https:\/\/wia.net.pl\/index.php\/category\/artykuly\/#listItem","name":"Artyku\u0142y"}},{"@type":"ListItem","@id":"https:\/\/wia.net.pl\/index.php\/category\/artykuly\/#listItem","position":2,"name":"Artyku\u0142y","item":"https:\/\/wia.net.pl\/index.php\/category\/artykuly\/","nextItem":{"@type":"ListItem","@id":"https:\/\/wia.net.pl\/index.php\/2023\/06\/26\/apokaliptyczna-faza-technokracji-i-transhumanizmu\/#listItem","name":"Apokaliptyczna Faza Technokracji i Transhumanizmu"},"previousItem":{"@type":"ListItem","@id":"https:\/\/wia.net.pl#listItem","name":"Home"}},{"@type":"ListItem","@id":"https:\/\/wia.net.pl\/index.php\/2023\/06\/26\/apokaliptyczna-faza-technokracji-i-transhumanizmu\/#listItem","position":3,"name":"Apokaliptyczna Faza Technokracji i Transhumanizmu","previousItem":{"@type":"ListItem","@id":"https:\/\/wia.net.pl\/index.php\/category\/artykuly\/#listItem","name":"Artyku\u0142y"}}]},{"@type":"Person","@id":"https:\/\/wia.net.pl\/#person","name":"Bart\u0142omiej Talarczyk","image":{"@type":"ImageObject","@id":"https:\/\/wia.net.pl\/index.php\/2023\/06\/26\/apokaliptyczna-faza-technokracji-i-transhumanizmu\/#personImage","url":"https:\/\/wia.net.pl\/wp-content\/uploads\/avatar-privacy\/cache\/user\/1\/7\/176a6b161c58363ff49b5c167264231f519f5c7fa183ca1f61e891769b6b56d5-96.jpg","width":96,"height":96,"caption":"Bart\u0142omiej Talarczyk"}},{"@type":"Person","@id":"https:\/\/wia.net.pl\/index.php\/author\/trinity\/#author","url":"https:\/\/wia.net.pl\/index.php\/author\/trinity\/","name":"trinity","image":{"@type":"ImageObject","@id":"https:\/\/wia.net.pl\/index.php\/2023\/06\/26\/apokaliptyczna-faza-technokracji-i-transhumanizmu\/#authorImage","url":"https:\/\/wia.net.pl\/wp-content\/uploads\/avatar-privacy\/cache\/user\/5\/f\/5f6547cf82495eaa10e100a6a45d5dbde2dfdc1be88557de2018fca705bdf6f1-96.jpg","width":96,"height":96,"caption":"trinity"}},{"@type":"WebPage","@id":"https:\/\/wia.net.pl\/index.php\/2023\/06\/26\/apokaliptyczna-faza-technokracji-i-transhumanizmu\/#webpage","url":"https:\/\/wia.net.pl\/index.php\/2023\/06\/26\/apokaliptyczna-faza-technokracji-i-transhumanizmu\/","name":"Apokaliptyczna Faza Technokracji i Transhumanizmu - Wolno\u015b\u0107 i Anarchia","description":"Ju\u017c wkr\u00f3tce: apokaliptyczna faza technokracji i transhumanizmu Ten esej pochodzi od naukowca z Mo\u0142dawii, kt\u00f3ry przedstawia punkt widzenia spoza Stan\u00f3w Zjednoczonych. Kluczowe jest zrozumienie, jak obywatele innych narod\u00f3w postrzegaj\u0105 globalne przej\u0119cie przez technokrat\u00f3w i transhumanist\u00f3w. \u2014 Redaktor wiadomo\u015bci i trend\u00f3w technokracji, Patrick Wood Autor: Iurie Ro\u0219ca 1. Wyznawanie religii covidism jako dow\u00f3d lojalno\u015bci wobec globalist\u00f3w W niniejszym eseju odnios\u0119 si\u0119","inLanguage":"pl-PL","isPartOf":{"@id":"https:\/\/wia.net.pl\/#website"},"breadcrumb":{"@id":"https:\/\/wia.net.pl\/index.php\/2023\/06\/26\/apokaliptyczna-faza-technokracji-i-transhumanizmu\/#breadcrumblist"},"author":{"@id":"https:\/\/wia.net.pl\/index.php\/author\/trinity\/#author"},"creator":{"@id":"https:\/\/wia.net.pl\/index.php\/author\/trinity\/#author"},"image":{"@type":"ImageObject","url":"https:\/\/wia.net.pl\/wp-content\/uploads\/2023\/06\/tech-transh-tnat.jpg","@id":"https:\/\/wia.net.pl\/index.php\/2023\/06\/26\/apokaliptyczna-faza-technokracji-i-transhumanizmu\/#mainImage","width":971,"height":598},"primaryImageOfPage":{"@id":"https:\/\/wia.net.pl\/index.php\/2023\/06\/26\/apokaliptyczna-faza-technokracji-i-transhumanizmu\/#mainImage"},"datePublished":"2023-06-26T16:33:38+02:00","dateModified":"2023-06-26T16:33:40+02:00"},{"@type":"WebSite","@id":"https:\/\/wia.net.pl\/#website","url":"https:\/\/wia.net.pl\/","name":"Wolno\u015b\u0107 i Anarchia","description":"Ka\u017cdy wewn\u0119trznie jest anarchist\u0105.","inLanguage":"pl-PL","publisher":{"@id":"https:\/\/wia.net.pl\/#person"}}]},"og:locale":"pl_PL","og:site_name":"Wolno\u015b\u0107 i Anarchia - Ka\u017cdy wewn\u0119trznie jest anarchist\u0105.","og:type":"article","og:title":"Apokaliptyczna Faza Technokracji i Transhumanizmu - Wolno\u015b\u0107 i Anarchia","og:description":"Ju\u017c wkr\u00f3tce: apokaliptyczna faza technokracji i transhumanizmu Ten esej pochodzi od naukowca z Mo\u0142dawii, kt\u00f3ry przedstawia punkt widzenia spoza Stan\u00f3w Zjednoczonych. Kluczowe jest zrozumienie, jak obywatele innych narod\u00f3w postrzegaj\u0105 globalne przej\u0119cie przez technokrat\u00f3w i transhumanist\u00f3w. \u2014 Redaktor wiadomo\u015bci i trend\u00f3w technokracji, Patrick Wood Autor: Iurie Ro\u0219ca 1. Wyznawanie religii covidism jako dow\u00f3d lojalno\u015bci wobec globalist\u00f3w W niniejszym eseju odnios\u0119 si\u0119","og:url":"https:\/\/wia.net.pl\/index.php\/2023\/06\/26\/apokaliptyczna-faza-technokracji-i-transhumanizmu\/","og:image":"https:\/\/wia.net.pl\/wp-content\/uploads\/2023\/11\/cropped-freedom-i73367.jpg","og:image:secure_url":"https:\/\/wia.net.pl\/wp-content\/uploads\/2023\/11\/cropped-freedom-i73367.jpg","article:published_time":"2023-06-26T14:33:38+00:00","article:modified_time":"2023-06-26T14:33:40+00:00","twitter:card":"summary_large_image","twitter:title":"Apokaliptyczna Faza Technokracji i Transhumanizmu - Wolno\u015b\u0107 i Anarchia","twitter:description":"Ju\u017c wkr\u00f3tce: apokaliptyczna faza technokracji i transhumanizmu Ten esej pochodzi od naukowca z Mo\u0142dawii, kt\u00f3ry przedstawia punkt widzenia spoza Stan\u00f3w Zjednoczonych. Kluczowe jest zrozumienie, jak obywatele innych narod\u00f3w postrzegaj\u0105 globalne przej\u0119cie przez technokrat\u00f3w i transhumanist\u00f3w. \u2014 Redaktor wiadomo\u015bci i trend\u00f3w technokracji, Patrick Wood Autor: Iurie Ro\u0219ca 1. Wyznawanie religii covidism jako dow\u00f3d lojalno\u015bci wobec globalist\u00f3w W niniejszym eseju odnios\u0119 si\u0119","twitter:image":"https:\/\/wia.net.pl\/wp-content\/uploads\/2023\/11\/cropped-freedom-i73367.jpg"},"aioseo_meta_data":{"post_id":"2689","title":null,"description":null,"keywords":[],"keyphrases":{"focus":{"keyphrase":"","score":0,"analysis":{"keyphraseInTitle":{"score":0,"maxScore":9,"error":1}}},"additional":[]},"primary_term":null,"canonical_url":null,"og_title":null,"og_description":null,"og_object_type":"default","og_image_type":"default","og_image_url":null,"og_image_width":null,"og_image_height":null,"og_image_custom_url":null,"og_image_custom_fields":null,"og_video":"","og_custom_url":null,"og_article_section":null,"og_article_tags":[],"twitter_use_og":false,"twitter_card":"default","twitter_image_type":"default","twitter_image_url":null,"twitter_image_custom_url":null,"twitter_image_custom_fields":null,"twitter_title":null,"twitter_description":null,"schema":{"blockGraphs":[],"customGraphs":[],"default":{"data":{"Article":[],"Course":[],"Dataset":[],"FAQPage":[],"Movie":[],"Person":[],"Product":[],"ProductReview":[],"Car":[],"Recipe":[],"Service":[],"SoftwareApplication":[],"WebPage":[]},"graphName":"BlogPosting","isEnabled":true},"graphs":[]},"schema_type":"default","schema_type_options":null,"pillar_content":false,"robots_default":true,"robots_noindex":false,"robots_noarchive":false,"robots_nosnippet":false,"robots_nofollow":false,"robots_noimageindex":false,"robots_noodp":false,"robots_notranslate":false,"robots_max_snippet":"-1","robots_max_videopreview":"-1","robots_max_imagepreview":"large","priority":null,"frequency":"default","local_seo":null,"breadcrumb_settings":null,"limit_modified_date":false,"ai":null,"created":"2023-06-26 14:33:40","updated":"2025-06-04 08:22:15","seo_analyzer_scan_date":null,"focus_keyword":null,"additional_keywords":null,"truseo_locale":null},"aioseo_breadcrumb":"<div class=\"aioseo-breadcrumbs\"><span class=\"aioseo-breadcrumb\">\n\t\t\t<a href=\"https:\/\/wia.net.pl\" title=\"Home\">Home<\/a>\n\t\t<\/span><span class=\"aioseo-breadcrumb-separator\">&raquo;<\/span><span class=\"aioseo-breadcrumb\">\n\t\t\t<a href=\"https:\/\/wia.net.pl\/index.php\/category\/artykuly\/\" title=\"Artyku\u0142y\">Artyku\u0142y<\/a>\n\t\t<\/span><span class=\"aioseo-breadcrumb-separator\">&raquo;<\/span><span class=\"aioseo-breadcrumb\">\n\t\t\tApokaliptyczna Faza Technokracji i Transhumanizmu\n\t\t<\/span><\/div>","aioseo_breadcrumb_json":[{"label":"Home","link":"https:\/\/wia.net.pl"},{"label":"Artyku\u0142y","link":"https:\/\/wia.net.pl\/index.php\/category\/artykuly\/"},{"label":"Apokaliptyczna Faza Technokracji i Transhumanizmu","link":"https:\/\/wia.net.pl\/index.php\/2023\/06\/26\/apokaliptyczna-faza-technokracji-i-transhumanizmu\/"}],"_links":{"self":[{"href":"https:\/\/wia.net.pl\/index.php\/wp-json\/wp\/v2\/posts\/2689"}],"collection":[{"href":"https:\/\/wia.net.pl\/index.php\/wp-json\/wp\/v2\/posts"}],"about":[{"href":"https:\/\/wia.net.pl\/index.php\/wp-json\/wp\/v2\/types\/post"}],"author":[{"embeddable":true,"href":"https:\/\/wia.net.pl\/index.php\/wp-json\/wp\/v2\/users\/2"}],"replies":[{"embeddable":true,"href":"https:\/\/wia.net.pl\/index.php\/wp-json\/wp\/v2\/comments?post=2689"}],"version-history":[{"count":1,"href":"https:\/\/wia.net.pl\/index.php\/wp-json\/wp\/v2\/posts\/2689\/revisions"}],"predecessor-version":[{"id":2691,"href":"https:\/\/wia.net.pl\/index.php\/wp-json\/wp\/v2\/posts\/2689\/revisions\/2691"}],"wp:featuredmedia":[{"embeddable":true,"href":"https:\/\/wia.net.pl\/index.php\/wp-json\/wp\/v2\/media\/2690"}],"wp:attachment":[{"href":"https:\/\/wia.net.pl\/index.php\/wp-json\/wp\/v2\/media?parent=2689"}],"wp:term":[{"taxonomy":"category","embeddable":true,"href":"https:\/\/wia.net.pl\/index.php\/wp-json\/wp\/v2\/categories?post=2689"},{"taxonomy":"post_tag","embeddable":true,"href":"https:\/\/wia.net.pl\/index.php\/wp-json\/wp\/v2\/tags?post=2689"}],"curies":[{"name":"wp","href":"https:\/\/api.w.org\/{rel}","templated":true}]}}