{"id":2735,"date":"2023-06-26T21:22:35","date_gmt":"2023-06-26T19:22:35","guid":{"rendered":"https:\/\/wia.net.pl\/?p=2735"},"modified":"2023-07-04T16:32:44","modified_gmt":"2023-07-04T14:32:44","slug":"sekretne-przymierze","status":"publish","type":"post","link":"https:\/\/wia.net.pl\/index.php\/2023\/06\/26\/sekretne-przymierze\/","title":{"rendered":"Sekretne przymierze"},"content":{"rendered":"\n<p>\u0179r\u00f3d\u0142o: https:\/\/www.youtube.com\/@FlatOutTruth\/videos<\/p>\n\n\n\n<figure class=\"wp-block-video\"><video controls src=\"https:\/\/wia.net.pl\/wp-content\/uploads\/2023\/06\/Sekretne-przymierze.mp4\"><\/video><\/figure>\n<div class=\"remoji_bar\"><div class=\"remoji_add_container\" data-remoji-id=\"2735\" data-remoji-type=\"post\"><div class=\"remoji_add_icon\"><\/div><\/div><div class=\"remoji_error_bar\" data-remoji-id=\"2735\" data-remoji-type=\"post\" style=\"display: none;\">Error happened.<\/div><\/div>","protected":false},"excerpt":{"rendered":"<p>\u0179r\u00f3d\u0142o: https:\/\/www.youtube.com\/@FlatOutTruth\/videos Error happened.<\/p>\n","protected":false},"author":3,"featured_media":2736,"comment_status":"open","ping_status":"open","sticky":false,"template":"","format":"standard","meta":{"_acf_changed":false,"_bbp_topic_count":0,"_bbp_reply_count":0,"_bbp_total_topic_count":0,"_bbp_total_reply_count":0,"_bbp_voice_count":0,"_bbp_anonymous_reply_count":0,"_bbp_topic_count_hidden":0,"_bbp_reply_count_hidden":0,"_bbp_forum_subforum_count":0,"om_disable_all_campaigns":false,"_monsterinsights_skip_tracking":false,"_monsterinsights_sitenote_active":false,"_monsterinsights_sitenote_note":"","_monsterinsights_sitenote_category":0,"footnotes":""},"categories":[13],"tags":[68,63,42,71,26,23,59,32,70,74,62],"class_list":["post-2735","post","type-post","status-publish","format-standard","has-post-thumbnail","hentry","category-prawdaoswiecie","tag-cesarstwo-rzymskie","tag-historia-ziemi","tag-illuminati","tag-kosciol-katolicki","tag-ludzkosc","tag-niewolnictwo","tag-nwo","tag-rzad","tag-tajne-stowarzyszenia","tag-transhumanizm","tag-wszechswiat"],"acf":[],"aioseo_notices":[],"_links":{"self":[{"href":"https:\/\/wia.net.pl\/index.php\/wp-json\/wp\/v2\/posts\/2735"}],"collection":[{"href":"https:\/\/wia.net.pl\/index.php\/wp-json\/wp\/v2\/posts"}],"about":[{"href":"https:\/\/wia.net.pl\/index.php\/wp-json\/wp\/v2\/types\/post"}],"author":[{"embeddable":true,"href":"https:\/\/wia.net.pl\/index.php\/wp-json\/wp\/v2\/users\/3"}],"replies":[{"embeddable":true,"href":"https:\/\/wia.net.pl\/index.php\/wp-json\/wp\/v2\/comments?post=2735"}],"version-history":[{"count":1,"href":"https:\/\/wia.net.pl\/index.php\/wp-json\/wp\/v2\/posts\/2735\/revisions"}],"predecessor-version":[{"id":2738,"href":"https:\/\/wia.net.pl\/index.php\/wp-json\/wp\/v2\/posts\/2735\/revisions\/2738"}],"wp:featuredmedia":[{"embeddable":true,"href":"https:\/\/wia.net.pl\/index.php\/wp-json\/wp\/v2\/media\/2736"}],"wp:attachment":[{"href":"https:\/\/wia.net.pl\/index.php\/wp-json\/wp\/v2\/media?parent=2735"}],"wp:term":[{"taxonomy":"category","embeddable":true,"href":"https:\/\/wia.net.pl\/index.php\/wp-json\/wp\/v2\/categories?post=2735"},{"taxonomy":"post_tag","embeddable":true,"href":"https:\/\/wia.net.pl\/index.php\/wp-json\/wp\/v2\/tags?post=2735"}],"curies":[{"name":"wp","href":"https:\/\/api.w.org\/{rel}","templated":true}]}}