{"id":2754,"date":"2023-06-27T11:29:06","date_gmt":"2023-06-27T09:29:06","guid":{"rendered":"https:\/\/wia.net.pl\/?p=2754"},"modified":"2023-06-27T11:29:07","modified_gmt":"2023-06-27T09:29:07","slug":"onz-unijny-program-certyfikacji-covid-od-1-lipca","status":"publish","type":"post","link":"https:\/\/wia.net.pl\/index.php\/2023\/06\/27\/onz-unijny-program-certyfikacji-covid-od-1-lipca\/","title":{"rendered":"ONZ &#8211; Unijny program certyfikacji COVID od 1 lipca"},"content":{"rendered":"\n<p>Organizacja Narod\u00f3w Zjednoczonych przejmuje unijny program certyfikacji Covid 1 lipca<\/p>\n\n\n\n<p>Autor, <a href=\"https:\/\/www.biometricupdate.com\/author\/mashaborak\">Masha Borak<\/a><\/p>\n\n\n\n<p><\/p>\n\n\n\n<figure class=\"wp-block-image size-full\"><img loading=\"lazy\" decoding=\"async\" width=\"1024\" height=\"576\" src=\"https:\/\/wia.net.pl\/wp-content\/uploads\/2023\/06\/eu-health-pass-qr-code-1024x576-1.jpg\" alt=\"\" class=\"wp-image-2755\" srcset=\"https:\/\/wia.net.pl\/wp-content\/uploads\/2023\/06\/eu-health-pass-qr-code-1024x576-1.jpg 1024w, https:\/\/wia.net.pl\/wp-content\/uploads\/2023\/06\/eu-health-pass-qr-code-1024x576-1-300x169.jpg 300w, https:\/\/wia.net.pl\/wp-content\/uploads\/2023\/06\/eu-health-pass-qr-code-1024x576-1-768x432.jpg 768w, https:\/\/wia.net.pl\/wp-content\/uploads\/2023\/06\/eu-health-pass-qr-code-1024x576-1-480x270.jpg 480w\" sizes=\"(max-width: 1024px) 100vw, 1024px\" \/><\/figure>\n\n\n\n<p><\/p>\n\n\n\n<p>Certyfikat Covid Unii Europejskiej wkr\u00f3tce stanie si\u0119 \u015bwiatow\u0105 cyfrow\u0105 przepustk\u0105 zdrowotn\u0105.<\/p>\n\n\n\n<p>1 lipca certyfikat UE stanie si\u0119 pierwszym elementem sk\u0142adowym Globalnej Sieci Cyfrowej Certyfikacji Zdrowia \u015awiatowej Organizacji Zdrowia ONZ, kt\u00f3ra obejmie szereg cyfrowych us\u0142ug zdrowotnych.&nbsp;I chocia\u017c WHO&nbsp;<a href=\"https:\/\/www.theguardian.com\/world\/2023\/may\/05\/covid-19-no-longer-global-health-emergency-world-health-organization\" target=\"_blank\" rel=\"noreferrer noopener\">og\u0142osi\u0142a<\/a>&nbsp;w maju, \u017ce COVID-19 nie stanowi ju\u017c globalnego zagro\u017cenia zdrowotnego, mi\u0119dzynarodowy program certyfikacji b\u0119dzie chroni\u0142 przed przysz\u0142ymi pandemiami.<\/p>\n\n\n\n<p>Prace nad sieci\u0105 certyfikacji rozpocz\u0119\u0142y si\u0119 w listopadzie ubieg\u0142ego roku, kiedy Komisja Europejska zawar\u0142a umow\u0119 o wsp\u00f3\u0142pracy z WHO w zakresie globalnych problem\u00f3w zdrowotnych.&nbsp;Sie\u0107 zosta\u0142a oficjalnie uruchomiona w tym miesi\u0105cu przez Stell\u0119 Kyriakides, europejsk\u0105 komisarz ds. zdrowia i bezpiecze\u0144stwa \u017cywno\u015bci, kt\u00f3ra og\u0142osi\u0142a, \u017ce \u200b\u200bprogram dobrowolnych certyfikat\u00f3w zosta\u0142 ju\u017c przyj\u0119ty przez prawie 80 kraj\u00f3w.<\/p>\n\n\n\n<p>\u201eG\u0142\u00f3wny filar reakcji UE na Covid, unijny cyfrowy certyfikat Covid jest skalowany do poziomu globalnego\u201d, m\u00f3wi Kyriakides.&nbsp;\u201eSzybko sta\u0142 si\u0119 \u015bwiatowym standardem.&nbsp;Ci\u0119\u017cko pracowali\u015bmy z naszymi mi\u0119dzynarodowymi partnerami, aby ich krajowe certyfikaty mog\u0142y by\u0107 uznawane w ramach unijnych ram certyfikacji Covid\u201d.<\/p>\n\n\n\n<p>Dane osobowe b\u0119d\u0105 nadal zarz\u0105dzane przez pa\u0144stwa cz\u0142onkowskie UE, kt\u00f3re b\u0119d\u0105 wydawa\u0107 cyfrowe \u015bwiadectwa zdrowia i dokumentacj\u0119 zgodnie z wytycznymi WHO.&nbsp;Organizacja b\u0119dzie r\u00f3wnie\u017c certyfikowa\u0107 organy po\u015bwiadczaj\u0105ce pa\u0144stw cz\u0142onkowskich i ustanowi\u0107 ich po\u0142\u0105czenie z infrastruktur\u0105 cyfrow\u0105 hostowan\u0105 i finansowan\u0105 przez WHO.<\/p>\n\n\n\n<p>Unijni urz\u0119dnicy chwalili si\u0119 sukcesem swoich cyfrowych \u015bwiadectw zdrowia w walce z pandemi\u0105.\u00a0Jednak nowy raport niezale\u017cnej grupy badawczej Ada Lovelace Institute\u00a0<a href=\"https:\/\/www.biometricupdate.com\/202306\/we-will-never-know-exactly-how-effective-digital-health-passes-were-ada-lovelace-report\">twierdzi<\/a>\u00a0, \u017ce aplikacje do \u015bledzenia kontakt\u00f3w i cyfrowe certyfikaty szczepionek zosta\u0142y wprowadzone bez jasnych oczekiwa\u0144.<\/p>\n\n\n\n<p>\u0179r\u00f3d\u0142o   https:\/\/www.biometricupdate.com\/202306\/united-nations-taking-over-eu-covid-certificate-program-july-1<\/p>\n","protected":false},"excerpt":{"rendered":"<p>Organizacja Narod\u00f3w Zjednoczonych przejmuje unijny program certyfikacji Covid 1 lipca Autor, Masha Borak Certyfikat Covid Unii Europejskiej wkr\u00f3tce stanie si\u0119 \u015bwiatow\u0105 cyfrow\u0105 przepustk\u0105 zdrowotn\u0105. 1 lipca certyfikat UE stanie si\u0119 pierwszym elementem sk\u0142adowym Globalnej Sieci Cyfrowej Certyfikacji Zdrowia \u015awiatowej Organizacji&#8230; <\/p>\n","protected":false},"author":2,"featured_media":2755,"comment_status":"open","ping_status":"open","sticky":false,"template":"","format":"standard","meta":{"_acf_changed":false,"_bbp_topic_count":0,"_bbp_reply_count":0,"_bbp_total_topic_count":0,"_bbp_total_reply_count":0,"_bbp_voice_count":0,"_bbp_anonymous_reply_count":0,"_bbp_topic_count_hidden":0,"_bbp_reply_count_hidden":0,"_bbp_forum_subforum_count":0,"om_disable_all_campaigns":false,"_monsterinsights_skip_tracking":false,"footnotes":""},"categories":[93],"tags":[],"class_list":["post-2754","post","type-post","status-publish","format-standard","has-post-thumbnail","hentry","category-artykuly"],"acf":[],"aioseo_notices":[],"aioseo_head":"\n\t\t<!-- All in One SEO 5.0.1.1 - aioseo.com -->\n\t<meta name=\"description\" content=\"Organizacja Narod\u00f3w Zjednoczonych przejmuje unijny program certyfikacji Covid 1 lipca Autor, Masha Borak Certyfikat Covid Unii Europejskiej wkr\u00f3tce stanie si\u0119 \u015bwiatow\u0105 cyfrow\u0105 przepustk\u0105 zdrowotn\u0105. 1 lipca certyfikat UE stanie si\u0119 pierwszym elementem sk\u0142adowym Globalnej Sieci Cyfrowej Certyfikacji Zdrowia \u015awiatowej Organizacji Zdrowia ONZ, kt\u00f3ra obejmie szereg cyfrowych us\u0142ug zdrowotnych. I chocia\u017c WHO og\u0142osi\u0142a w maju, \u017ce COVID-19 nie stanowi\" \/>\n\t<meta name=\"robots\" content=\"max-image-preview:large\" \/>\n\t<meta name=\"author\" content=\"trinity\"\/>\n\t<link rel=\"canonical\" href=\"https:\/\/wia.net.pl\/index.php\/2023\/06\/27\/onz-unijny-program-certyfikacji-covid-od-1-lipca\/\" \/>\n\t<meta name=\"generator\" content=\"All in One SEO (AIOSEO) 5.0.1.1\" \/>\n\t\t<meta property=\"og:locale\" content=\"pl_PL\" \/>\n\t\t<meta property=\"og:site_name\" content=\"Wolno\u015b\u0107 i Anarchia - Ka\u017cdy wewn\u0119trznie jest anarchist\u0105.\" \/>\n\t\t<meta property=\"og:type\" content=\"article\" \/>\n\t\t<meta property=\"og:title\" content=\"ONZ \u2013 Unijny program certyfikacji COVID od 1 lipca - Wolno\u015b\u0107 i Anarchia\" \/>\n\t\t<meta property=\"og:description\" content=\"Organizacja Narod\u00f3w Zjednoczonych przejmuje unijny program certyfikacji Covid 1 lipca Autor, Masha Borak Certyfikat Covid Unii Europejskiej wkr\u00f3tce stanie si\u0119 \u015bwiatow\u0105 cyfrow\u0105 przepustk\u0105 zdrowotn\u0105. 1 lipca certyfikat UE stanie si\u0119 pierwszym elementem sk\u0142adowym Globalnej Sieci Cyfrowej Certyfikacji Zdrowia \u015awiatowej Organizacji Zdrowia ONZ, kt\u00f3ra obejmie szereg cyfrowych us\u0142ug zdrowotnych. I chocia\u017c WHO og\u0142osi\u0142a w maju, \u017ce COVID-19 nie stanowi\" \/>\n\t\t<meta property=\"og:url\" content=\"https:\/\/wia.net.pl\/index.php\/2023\/06\/27\/onz-unijny-program-certyfikacji-covid-od-1-lipca\/\" \/>\n\t\t<meta property=\"og:image\" content=\"https:\/\/wia.net.pl\/wp-content\/uploads\/2023\/11\/cropped-freedom-i73367.jpg\" \/>\n\t\t<meta property=\"og:image:secure_url\" content=\"https:\/\/wia.net.pl\/wp-content\/uploads\/2023\/11\/cropped-freedom-i73367.jpg\" \/>\n\t\t<meta property=\"article:published_time\" content=\"2023-06-27T09:29:06+00:00\" \/>\n\t\t<meta property=\"article:modified_time\" content=\"2023-06-27T09:29:07+00:00\" \/>\n\t\t<meta name=\"twitter:card\" content=\"summary_large_image\" \/>\n\t\t<meta name=\"twitter:title\" content=\"ONZ \u2013 Unijny program certyfikacji COVID od 1 lipca - Wolno\u015b\u0107 i Anarchia\" \/>\n\t\t<meta name=\"twitter:description\" content=\"Organizacja Narod\u00f3w Zjednoczonych przejmuje unijny program certyfikacji Covid 1 lipca Autor, Masha Borak Certyfikat Covid Unii Europejskiej wkr\u00f3tce stanie si\u0119 \u015bwiatow\u0105 cyfrow\u0105 przepustk\u0105 zdrowotn\u0105. 1 lipca certyfikat UE stanie si\u0119 pierwszym elementem sk\u0142adowym Globalnej Sieci Cyfrowej Certyfikacji Zdrowia \u015awiatowej Organizacji Zdrowia ONZ, kt\u00f3ra obejmie szereg cyfrowych us\u0142ug zdrowotnych. I chocia\u017c WHO og\u0142osi\u0142a w maju, \u017ce COVID-19 nie stanowi\" \/>\n\t\t<meta name=\"twitter:image\" content=\"https:\/\/wia.net.pl\/wp-content\/uploads\/2023\/11\/cropped-freedom-i73367.jpg\" \/>\n\t\t<script type=\"application\/ld+json\" class=\"aioseo-schema\">\n\t\t\t{\"@context\":\"https:\\\/\\\/schema.org\",\"@graph\":[{\"@type\":\"BlogPosting\",\"@id\":\"https:\\\/\\\/wia.net.pl\\\/index.php\\\/2023\\\/06\\\/27\\\/onz-unijny-program-certyfikacji-covid-od-1-lipca\\\/#blogposting\",\"name\":\"ONZ \\u2013 Unijny program certyfikacji COVID od 1 lipca - Wolno\\u015b\\u0107 i Anarchia\",\"headline\":\"ONZ &#8211; Unijny program certyfikacji COVID od 1 lipca\",\"author\":{\"@id\":\"https:\\\/\\\/wia.net.pl\\\/index.php\\\/author\\\/trinity\\\/#author\"},\"publisher\":{\"@id\":\"https:\\\/\\\/wia.net.pl\\\/#person\"},\"image\":{\"@type\":\"ImageObject\",\"url\":\"https:\\\/\\\/wia.net.pl\\\/wp-content\\\/uploads\\\/2023\\\/06\\\/eu-health-pass-qr-code-1024x576-1.jpg\",\"width\":1024,\"height\":576},\"datePublished\":\"2023-06-27T11:29:06+02:00\",\"dateModified\":\"2023-06-27T11:29:07+02:00\",\"inLanguage\":\"pl-PL\",\"mainEntityOfPage\":{\"@id\":\"https:\\\/\\\/wia.net.pl\\\/index.php\\\/2023\\\/06\\\/27\\\/onz-unijny-program-certyfikacji-covid-od-1-lipca\\\/#webpage\"},\"isPartOf\":{\"@id\":\"https:\\\/\\\/wia.net.pl\\\/index.php\\\/2023\\\/06\\\/27\\\/onz-unijny-program-certyfikacji-covid-od-1-lipca\\\/#webpage\"},\"articleSection\":\"Artyku\\u0142y\"},{\"@type\":\"BreadcrumbList\",\"@id\":\"https:\\\/\\\/wia.net.pl\\\/index.php\\\/2023\\\/06\\\/27\\\/onz-unijny-program-certyfikacji-covid-od-1-lipca\\\/#breadcrumblist\",\"itemListElement\":[{\"@type\":\"ListItem\",\"@id\":\"https:\\\/\\\/wia.net.pl#listItem\",\"position\":1,\"name\":\"Home\",\"item\":\"https:\\\/\\\/wia.net.pl\",\"nextItem\":{\"@type\":\"ListItem\",\"@id\":\"https:\\\/\\\/wia.net.pl\\\/index.php\\\/category\\\/artykuly\\\/#listItem\",\"name\":\"Artyku\\u0142y\"}},{\"@type\":\"ListItem\",\"@id\":\"https:\\\/\\\/wia.net.pl\\\/index.php\\\/category\\\/artykuly\\\/#listItem\",\"position\":2,\"name\":\"Artyku\\u0142y\",\"item\":\"https:\\\/\\\/wia.net.pl\\\/index.php\\\/category\\\/artykuly\\\/\",\"nextItem\":{\"@type\":\"ListItem\",\"@id\":\"https:\\\/\\\/wia.net.pl\\\/index.php\\\/2023\\\/06\\\/27\\\/onz-unijny-program-certyfikacji-covid-od-1-lipca\\\/#listItem\",\"name\":\"ONZ &#8211; Unijny program certyfikacji COVID od 1 lipca\"},\"previousItem\":{\"@type\":\"ListItem\",\"@id\":\"https:\\\/\\\/wia.net.pl#listItem\",\"name\":\"Home\"}},{\"@type\":\"ListItem\",\"@id\":\"https:\\\/\\\/wia.net.pl\\\/index.php\\\/2023\\\/06\\\/27\\\/onz-unijny-program-certyfikacji-covid-od-1-lipca\\\/#listItem\",\"position\":3,\"name\":\"ONZ &#8211; Unijny program certyfikacji COVID od 1 lipca\",\"previousItem\":{\"@type\":\"ListItem\",\"@id\":\"https:\\\/\\\/wia.net.pl\\\/index.php\\\/category\\\/artykuly\\\/#listItem\",\"name\":\"Artyku\\u0142y\"}}]},{\"@type\":\"Person\",\"@id\":\"https:\\\/\\\/wia.net.pl\\\/#person\",\"name\":\"Bart\\u0142omiej Talarczyk\",\"image\":{\"@type\":\"ImageObject\",\"@id\":\"https:\\\/\\\/wia.net.pl\\\/index.php\\\/2023\\\/06\\\/27\\\/onz-unijny-program-certyfikacji-covid-od-1-lipca\\\/#personImage\",\"url\":\"https:\\\/\\\/wia.net.pl\\\/wp-content\\\/uploads\\\/avatar-privacy\\\/cache\\\/user\\\/1\\\/7\\\/176a6b161c58363ff49b5c167264231f519f5c7fa183ca1f61e891769b6b56d5-96.jpg\",\"width\":96,\"height\":96,\"caption\":\"Bart\\u0142omiej Talarczyk\"}},{\"@type\":\"Person\",\"@id\":\"https:\\\/\\\/wia.net.pl\\\/index.php\\\/author\\\/trinity\\\/#author\",\"url\":\"https:\\\/\\\/wia.net.pl\\\/index.php\\\/author\\\/trinity\\\/\",\"name\":\"trinity\",\"image\":{\"@type\":\"ImageObject\",\"@id\":\"https:\\\/\\\/wia.net.pl\\\/index.php\\\/2023\\\/06\\\/27\\\/onz-unijny-program-certyfikacji-covid-od-1-lipca\\\/#authorImage\",\"url\":\"https:\\\/\\\/wia.net.pl\\\/wp-content\\\/uploads\\\/avatar-privacy\\\/cache\\\/user\\\/5\\\/f\\\/5f6547cf82495eaa10e100a6a45d5dbde2dfdc1be88557de2018fca705bdf6f1-96.jpg\",\"width\":96,\"height\":96,\"caption\":\"trinity\"}},{\"@type\":\"WebPage\",\"@id\":\"https:\\\/\\\/wia.net.pl\\\/index.php\\\/2023\\\/06\\\/27\\\/onz-unijny-program-certyfikacji-covid-od-1-lipca\\\/#webpage\",\"url\":\"https:\\\/\\\/wia.net.pl\\\/index.php\\\/2023\\\/06\\\/27\\\/onz-unijny-program-certyfikacji-covid-od-1-lipca\\\/\",\"name\":\"ONZ \\u2013 Unijny program certyfikacji COVID od 1 lipca - Wolno\\u015b\\u0107 i Anarchia\",\"description\":\"Organizacja Narod\\u00f3w Zjednoczonych przejmuje unijny program certyfikacji Covid 1 lipca Autor, Masha Borak Certyfikat Covid Unii Europejskiej wkr\\u00f3tce stanie si\\u0119 \\u015bwiatow\\u0105 cyfrow\\u0105 przepustk\\u0105 zdrowotn\\u0105. 1 lipca certyfikat UE stanie si\\u0119 pierwszym elementem sk\\u0142adowym Globalnej Sieci Cyfrowej Certyfikacji Zdrowia \\u015awiatowej Organizacji Zdrowia ONZ, kt\\u00f3ra obejmie szereg cyfrowych us\\u0142ug zdrowotnych. I chocia\\u017c WHO og\\u0142osi\\u0142a w maju, \\u017ce COVID-19 nie stanowi\",\"inLanguage\":\"pl-PL\",\"isPartOf\":{\"@id\":\"https:\\\/\\\/wia.net.pl\\\/#website\"},\"breadcrumb\":{\"@id\":\"https:\\\/\\\/wia.net.pl\\\/index.php\\\/2023\\\/06\\\/27\\\/onz-unijny-program-certyfikacji-covid-od-1-lipca\\\/#breadcrumblist\"},\"author\":{\"@id\":\"https:\\\/\\\/wia.net.pl\\\/index.php\\\/author\\\/trinity\\\/#author\"},\"creator\":{\"@id\":\"https:\\\/\\\/wia.net.pl\\\/index.php\\\/author\\\/trinity\\\/#author\"},\"image\":{\"@type\":\"ImageObject\",\"url\":\"https:\\\/\\\/wia.net.pl\\\/wp-content\\\/uploads\\\/2023\\\/06\\\/eu-health-pass-qr-code-1024x576-1.jpg\",\"@id\":\"https:\\\/\\\/wia.net.pl\\\/index.php\\\/2023\\\/06\\\/27\\\/onz-unijny-program-certyfikacji-covid-od-1-lipca\\\/#mainImage\",\"width\":1024,\"height\":576},\"primaryImageOfPage\":{\"@id\":\"https:\\\/\\\/wia.net.pl\\\/index.php\\\/2023\\\/06\\\/27\\\/onz-unijny-program-certyfikacji-covid-od-1-lipca\\\/#mainImage\"},\"datePublished\":\"2023-06-27T11:29:06+02:00\",\"dateModified\":\"2023-06-27T11:29:07+02:00\"},{\"@type\":\"WebSite\",\"@id\":\"https:\\\/\\\/wia.net.pl\\\/#website\",\"url\":\"https:\\\/\\\/wia.net.pl\\\/\",\"name\":\"Wolno\\u015b\\u0107 i Anarchia\",\"description\":\"Ka\\u017cdy wewn\\u0119trznie jest anarchist\\u0105.\",\"inLanguage\":\"pl-PL\",\"publisher\":{\"@id\":\"https:\\\/\\\/wia.net.pl\\\/#person\"}}]}\n\t\t<\/script>\n\t\t<!-- All in One SEO -->\n\n","aioseo_head_json":{"title":"ONZ \u2013 Unijny program certyfikacji COVID od 1 lipca - Wolno\u015b\u0107 i Anarchia","description":"Organizacja Narod\u00f3w Zjednoczonych przejmuje unijny program certyfikacji Covid 1 lipca Autor, Masha Borak Certyfikat Covid Unii Europejskiej wkr\u00f3tce stanie si\u0119 \u015bwiatow\u0105 cyfrow\u0105 przepustk\u0105 zdrowotn\u0105. 1 lipca certyfikat UE stanie si\u0119 pierwszym elementem sk\u0142adowym Globalnej Sieci Cyfrowej Certyfikacji Zdrowia \u015awiatowej Organizacji Zdrowia ONZ, kt\u00f3ra obejmie szereg cyfrowych us\u0142ug zdrowotnych. I chocia\u017c WHO og\u0142osi\u0142a w maju, \u017ce COVID-19 nie stanowi","canonical_url":"https:\/\/wia.net.pl\/index.php\/2023\/06\/27\/onz-unijny-program-certyfikacji-covid-od-1-lipca\/","robots":"max-image-preview:large","keywords":"","webmasterTools":{"miscellaneous":""},"schema":{"@context":"https:\/\/schema.org","@graph":[{"@type":"BlogPosting","@id":"https:\/\/wia.net.pl\/index.php\/2023\/06\/27\/onz-unijny-program-certyfikacji-covid-od-1-lipca\/#blogposting","name":"ONZ \u2013 Unijny program certyfikacji COVID od 1 lipca - Wolno\u015b\u0107 i Anarchia","headline":"ONZ &#8211; Unijny program certyfikacji COVID od 1 lipca","author":{"@id":"https:\/\/wia.net.pl\/index.php\/author\/trinity\/#author"},"publisher":{"@id":"https:\/\/wia.net.pl\/#person"},"image":{"@type":"ImageObject","url":"https:\/\/wia.net.pl\/wp-content\/uploads\/2023\/06\/eu-health-pass-qr-code-1024x576-1.jpg","width":1024,"height":576},"datePublished":"2023-06-27T11:29:06+02:00","dateModified":"2023-06-27T11:29:07+02:00","inLanguage":"pl-PL","mainEntityOfPage":{"@id":"https:\/\/wia.net.pl\/index.php\/2023\/06\/27\/onz-unijny-program-certyfikacji-covid-od-1-lipca\/#webpage"},"isPartOf":{"@id":"https:\/\/wia.net.pl\/index.php\/2023\/06\/27\/onz-unijny-program-certyfikacji-covid-od-1-lipca\/#webpage"},"articleSection":"Artyku\u0142y"},{"@type":"BreadcrumbList","@id":"https:\/\/wia.net.pl\/index.php\/2023\/06\/27\/onz-unijny-program-certyfikacji-covid-od-1-lipca\/#breadcrumblist","itemListElement":[{"@type":"ListItem","@id":"https:\/\/wia.net.pl#listItem","position":1,"name":"Home","item":"https:\/\/wia.net.pl","nextItem":{"@type":"ListItem","@id":"https:\/\/wia.net.pl\/index.php\/category\/artykuly\/#listItem","name":"Artyku\u0142y"}},{"@type":"ListItem","@id":"https:\/\/wia.net.pl\/index.php\/category\/artykuly\/#listItem","position":2,"name":"Artyku\u0142y","item":"https:\/\/wia.net.pl\/index.php\/category\/artykuly\/","nextItem":{"@type":"ListItem","@id":"https:\/\/wia.net.pl\/index.php\/2023\/06\/27\/onz-unijny-program-certyfikacji-covid-od-1-lipca\/#listItem","name":"ONZ &#8211; Unijny program certyfikacji COVID od 1 lipca"},"previousItem":{"@type":"ListItem","@id":"https:\/\/wia.net.pl#listItem","name":"Home"}},{"@type":"ListItem","@id":"https:\/\/wia.net.pl\/index.php\/2023\/06\/27\/onz-unijny-program-certyfikacji-covid-od-1-lipca\/#listItem","position":3,"name":"ONZ &#8211; Unijny program certyfikacji COVID od 1 lipca","previousItem":{"@type":"ListItem","@id":"https:\/\/wia.net.pl\/index.php\/category\/artykuly\/#listItem","name":"Artyku\u0142y"}}]},{"@type":"Person","@id":"https:\/\/wia.net.pl\/#person","name":"Bart\u0142omiej Talarczyk","image":{"@type":"ImageObject","@id":"https:\/\/wia.net.pl\/index.php\/2023\/06\/27\/onz-unijny-program-certyfikacji-covid-od-1-lipca\/#personImage","url":"https:\/\/wia.net.pl\/wp-content\/uploads\/avatar-privacy\/cache\/user\/1\/7\/176a6b161c58363ff49b5c167264231f519f5c7fa183ca1f61e891769b6b56d5-96.jpg","width":96,"height":96,"caption":"Bart\u0142omiej Talarczyk"}},{"@type":"Person","@id":"https:\/\/wia.net.pl\/index.php\/author\/trinity\/#author","url":"https:\/\/wia.net.pl\/index.php\/author\/trinity\/","name":"trinity","image":{"@type":"ImageObject","@id":"https:\/\/wia.net.pl\/index.php\/2023\/06\/27\/onz-unijny-program-certyfikacji-covid-od-1-lipca\/#authorImage","url":"https:\/\/wia.net.pl\/wp-content\/uploads\/avatar-privacy\/cache\/user\/5\/f\/5f6547cf82495eaa10e100a6a45d5dbde2dfdc1be88557de2018fca705bdf6f1-96.jpg","width":96,"height":96,"caption":"trinity"}},{"@type":"WebPage","@id":"https:\/\/wia.net.pl\/index.php\/2023\/06\/27\/onz-unijny-program-certyfikacji-covid-od-1-lipca\/#webpage","url":"https:\/\/wia.net.pl\/index.php\/2023\/06\/27\/onz-unijny-program-certyfikacji-covid-od-1-lipca\/","name":"ONZ \u2013 Unijny program certyfikacji COVID od 1 lipca - Wolno\u015b\u0107 i Anarchia","description":"Organizacja Narod\u00f3w Zjednoczonych przejmuje unijny program certyfikacji Covid 1 lipca Autor, Masha Borak Certyfikat Covid Unii Europejskiej wkr\u00f3tce stanie si\u0119 \u015bwiatow\u0105 cyfrow\u0105 przepustk\u0105 zdrowotn\u0105. 1 lipca certyfikat UE stanie si\u0119 pierwszym elementem sk\u0142adowym Globalnej Sieci Cyfrowej Certyfikacji Zdrowia \u015awiatowej Organizacji Zdrowia ONZ, kt\u00f3ra obejmie szereg cyfrowych us\u0142ug zdrowotnych. I chocia\u017c WHO og\u0142osi\u0142a w maju, \u017ce COVID-19 nie stanowi","inLanguage":"pl-PL","isPartOf":{"@id":"https:\/\/wia.net.pl\/#website"},"breadcrumb":{"@id":"https:\/\/wia.net.pl\/index.php\/2023\/06\/27\/onz-unijny-program-certyfikacji-covid-od-1-lipca\/#breadcrumblist"},"author":{"@id":"https:\/\/wia.net.pl\/index.php\/author\/trinity\/#author"},"creator":{"@id":"https:\/\/wia.net.pl\/index.php\/author\/trinity\/#author"},"image":{"@type":"ImageObject","url":"https:\/\/wia.net.pl\/wp-content\/uploads\/2023\/06\/eu-health-pass-qr-code-1024x576-1.jpg","@id":"https:\/\/wia.net.pl\/index.php\/2023\/06\/27\/onz-unijny-program-certyfikacji-covid-od-1-lipca\/#mainImage","width":1024,"height":576},"primaryImageOfPage":{"@id":"https:\/\/wia.net.pl\/index.php\/2023\/06\/27\/onz-unijny-program-certyfikacji-covid-od-1-lipca\/#mainImage"},"datePublished":"2023-06-27T11:29:06+02:00","dateModified":"2023-06-27T11:29:07+02:00"},{"@type":"WebSite","@id":"https:\/\/wia.net.pl\/#website","url":"https:\/\/wia.net.pl\/","name":"Wolno\u015b\u0107 i Anarchia","description":"Ka\u017cdy wewn\u0119trznie jest anarchist\u0105.","inLanguage":"pl-PL","publisher":{"@id":"https:\/\/wia.net.pl\/#person"}}]},"og:locale":"pl_PL","og:site_name":"Wolno\u015b\u0107 i Anarchia - Ka\u017cdy wewn\u0119trznie jest anarchist\u0105.","og:type":"article","og:title":"ONZ \u2013 Unijny program certyfikacji COVID od 1 lipca - Wolno\u015b\u0107 i Anarchia","og:description":"Organizacja Narod\u00f3w Zjednoczonych przejmuje unijny program certyfikacji Covid 1 lipca Autor, Masha Borak Certyfikat Covid Unii Europejskiej wkr\u00f3tce stanie si\u0119 \u015bwiatow\u0105 cyfrow\u0105 przepustk\u0105 zdrowotn\u0105. 1 lipca certyfikat UE stanie si\u0119 pierwszym elementem sk\u0142adowym Globalnej Sieci Cyfrowej Certyfikacji Zdrowia \u015awiatowej Organizacji Zdrowia ONZ, kt\u00f3ra obejmie szereg cyfrowych us\u0142ug zdrowotnych. I chocia\u017c WHO og\u0142osi\u0142a w maju, \u017ce COVID-19 nie stanowi","og:url":"https:\/\/wia.net.pl\/index.php\/2023\/06\/27\/onz-unijny-program-certyfikacji-covid-od-1-lipca\/","og:image":"https:\/\/wia.net.pl\/wp-content\/uploads\/2023\/11\/cropped-freedom-i73367.jpg","og:image:secure_url":"https:\/\/wia.net.pl\/wp-content\/uploads\/2023\/11\/cropped-freedom-i73367.jpg","article:published_time":"2023-06-27T09:29:06+00:00","article:modified_time":"2023-06-27T09:29:07+00:00","twitter:card":"summary_large_image","twitter:title":"ONZ \u2013 Unijny program certyfikacji COVID od 1 lipca - Wolno\u015b\u0107 i Anarchia","twitter:description":"Organizacja Narod\u00f3w Zjednoczonych przejmuje unijny program certyfikacji Covid 1 lipca Autor, Masha Borak Certyfikat Covid Unii Europejskiej wkr\u00f3tce stanie si\u0119 \u015bwiatow\u0105 cyfrow\u0105 przepustk\u0105 zdrowotn\u0105. 1 lipca certyfikat UE stanie si\u0119 pierwszym elementem sk\u0142adowym Globalnej Sieci Cyfrowej Certyfikacji Zdrowia \u015awiatowej Organizacji Zdrowia ONZ, kt\u00f3ra obejmie szereg cyfrowych us\u0142ug zdrowotnych. I chocia\u017c WHO og\u0142osi\u0142a w maju, \u017ce COVID-19 nie stanowi","twitter:image":"https:\/\/wia.net.pl\/wp-content\/uploads\/2023\/11\/cropped-freedom-i73367.jpg"},"aioseo_meta_data":{"post_id":"2754","title":null,"description":null,"keywords":[],"keyphrases":{"focus":{"keyphrase":"","score":0,"analysis":{"keyphraseInTitle":{"score":0,"maxScore":9,"error":1}}},"additional":[]},"primary_term":null,"canonical_url":null,"og_title":null,"og_description":null,"og_object_type":"default","og_image_type":"default","og_image_url":null,"og_image_width":null,"og_image_height":null,"og_image_custom_url":null,"og_image_custom_fields":null,"og_video":"","og_custom_url":null,"og_article_section":null,"og_article_tags":[],"twitter_use_og":false,"twitter_card":"default","twitter_image_type":"default","twitter_image_url":null,"twitter_image_custom_url":null,"twitter_image_custom_fields":null,"twitter_title":null,"twitter_description":null,"schema":{"blockGraphs":[],"customGraphs":[],"default":{"data":{"Article":[],"Course":[],"Dataset":[],"FAQPage":[],"Movie":[],"Person":[],"Product":[],"ProductReview":[],"Car":[],"Recipe":[],"Service":[],"SoftwareApplication":[],"WebPage":[]},"graphName":"BlogPosting","isEnabled":true},"graphs":[]},"schema_type":"default","schema_type_options":null,"pillar_content":false,"robots_default":true,"robots_noindex":false,"robots_noarchive":false,"robots_nosnippet":false,"robots_nofollow":false,"robots_noimageindex":false,"robots_noodp":false,"robots_notranslate":false,"robots_max_snippet":"-1","robots_max_videopreview":"-1","robots_max_imagepreview":"large","priority":null,"frequency":"default","local_seo":null,"breadcrumb_settings":null,"limit_modified_date":false,"ai":null,"created":"2023-06-27 09:29:07","updated":"2025-06-04 08:24:11","seo_analyzer_scan_date":null,"focus_keyword":null,"additional_keywords":null,"truseo_locale":null},"aioseo_breadcrumb":"<div class=\"aioseo-breadcrumbs\"><span class=\"aioseo-breadcrumb\">\n\t\t\t<a href=\"https:\/\/wia.net.pl\" title=\"Home\">Home<\/a>\n\t\t<\/span><span class=\"aioseo-breadcrumb-separator\">&raquo;<\/span><span class=\"aioseo-breadcrumb\">\n\t\t\t<a href=\"https:\/\/wia.net.pl\/index.php\/category\/artykuly\/\" title=\"Artyku\u0142y\">Artyku\u0142y<\/a>\n\t\t<\/span><span class=\"aioseo-breadcrumb-separator\">&raquo;<\/span><span class=\"aioseo-breadcrumb\">\n\t\t\tONZ \u2013 Unijny program certyfikacji COVID od 1 lipca\n\t\t<\/span><\/div>","aioseo_breadcrumb_json":[{"label":"Home","link":"https:\/\/wia.net.pl"},{"label":"Artyku\u0142y","link":"https:\/\/wia.net.pl\/index.php\/category\/artykuly\/"},{"label":"ONZ &#8211; Unijny program certyfikacji COVID od 1 lipca","link":"https:\/\/wia.net.pl\/index.php\/2023\/06\/27\/onz-unijny-program-certyfikacji-covid-od-1-lipca\/"}],"_links":{"self":[{"href":"https:\/\/wia.net.pl\/index.php\/wp-json\/wp\/v2\/posts\/2754"}],"collection":[{"href":"https:\/\/wia.net.pl\/index.php\/wp-json\/wp\/v2\/posts"}],"about":[{"href":"https:\/\/wia.net.pl\/index.php\/wp-json\/wp\/v2\/types\/post"}],"author":[{"embeddable":true,"href":"https:\/\/wia.net.pl\/index.php\/wp-json\/wp\/v2\/users\/2"}],"replies":[{"embeddable":true,"href":"https:\/\/wia.net.pl\/index.php\/wp-json\/wp\/v2\/comments?post=2754"}],"version-history":[{"count":1,"href":"https:\/\/wia.net.pl\/index.php\/wp-json\/wp\/v2\/posts\/2754\/revisions"}],"predecessor-version":[{"id":2756,"href":"https:\/\/wia.net.pl\/index.php\/wp-json\/wp\/v2\/posts\/2754\/revisions\/2756"}],"wp:featuredmedia":[{"embeddable":true,"href":"https:\/\/wia.net.pl\/index.php\/wp-json\/wp\/v2\/media\/2755"}],"wp:attachment":[{"href":"https:\/\/wia.net.pl\/index.php\/wp-json\/wp\/v2\/media?parent=2754"}],"wp:term":[{"taxonomy":"category","embeddable":true,"href":"https:\/\/wia.net.pl\/index.php\/wp-json\/wp\/v2\/categories?post=2754"},{"taxonomy":"post_tag","embeddable":true,"href":"https:\/\/wia.net.pl\/index.php\/wp-json\/wp\/v2\/tags?post=2754"}],"curies":[{"name":"wp","href":"https:\/\/api.w.org\/{rel}","templated":true}]}}