{"id":2846,"date":"2023-06-29T10:40:45","date_gmt":"2023-06-29T08:40:45","guid":{"rendered":"https:\/\/wia.net.pl\/?p=2846"},"modified":"2023-06-29T10:40:46","modified_gmt":"2023-06-29T08:40:46","slug":"francja-szesc-miesiecy-demonstracji-i-strajkow","status":"publish","type":"post","link":"https:\/\/wia.net.pl\/index.php\/2023\/06\/29\/francja-szesc-miesiecy-demonstracji-i-strajkow\/","title":{"rendered":"Francja, sze\u015b\u0107 miesi\u0119cy demonstracji i strajk\u00f3w"},"content":{"rendered":"\n<p>Autor:\u00a0<strong><a href=\"https:\/\/rebelion.org\/autor\/christian-mahieux\/\">Christian Mahieux<\/a><\/strong><\/p>\n\n\n\n<p><\/p>\n\n\n\n<figure class=\"wp-block-image size-full is-resized\"><img loading=\"lazy\" decoding=\"async\" src=\"https:\/\/wia.net.pl\/wp-content\/uploads\/2023\/06\/francia-768x384-1.jpg\" alt=\"\" class=\"wp-image-2847\" width=\"876\" height=\"438\" srcset=\"https:\/\/wia.net.pl\/wp-content\/uploads\/2023\/06\/francia-768x384-1.jpg 768w, https:\/\/wia.net.pl\/wp-content\/uploads\/2023\/06\/francia-768x384-1-300x150.jpg 300w\" sizes=\"(max-width: 876px) 100vw, 876px\" \/><\/figure>\n\n\n\n<p>                         <strong>\u0179r\u00f3d\u0142o:<\/strong>\u00a0po\u0142udniowy wiatr<\/p>\n\n\n\n<p>Od po\u0142owy stycznia 2023 r. kilkudniowe strajki i demonstracje zmobilizowa\u0142y miliony ludzi.\u00a0Zosta\u0142y zwo\u0142ane przez krajowy zwi\u0105zek mi\u0119dzyzwi\u0105zkowy, kt\u00f3ry skupia CFDT, CGT, FO, CGC, CFTC, UNSA, Solidaires i FSU\u00a0<a href=\"https:\/\/vientosur.info\/francia-seis-meses-de-manifestaciones-y-huelgas-hablemos-de-eso\/#_ftn1\"><strong>[1]<\/strong><\/a>;\u00a0nierewolucyjny zwi\u0105zek mi\u0119dzyzwi\u0105zkowy z silnym elementem \u201edialogu spo\u0142ecznego\u201d [unionizmu].\u00a0Motywacj\u0105 do tej rzadko spotykanej jedno\u015bci dzia\u0142a\u0144 zwi\u0105zkowych by\u0142 projekt ustawy o kontrreformie emerytalnej i wola rozbicia ruchu zwi\u0105zkowego.\u00a0Ta jednostka otwiera perspektywy, nad kt\u00f3rymi musimy pracowa\u0107.\u00a0Drugim decyduj\u0105cym czynnikiem tego okresu by\u0142a niemo\u017cno\u015b\u0107 zbudowania og\u00f3lnokrajowego strajku mi\u0119dzyzwi\u0105zkowego, kt\u00f3ry m\u00f3g\u0142by trwa\u0107 kilka dni.\u00a0Jakie lekcje mo\u017cemy z tego wyci\u0105gn\u0105\u0107?\u00a0Jeszcze raz musimy ponownie przeanalizowa\u0107 nasze praktyki zwi\u0105zkowe.\u00a0Zaczynaj\u0105c od rzeczywisto\u015bci, a nie tylko od naszych pragnie\u0144.\u00a0Policyjna przemoc, nienawi\u015b\u0107 klasowa i pogarda dla bur\u017cuazji oraz mi\u0119dzynarodowa solidarno\u015b\u0107 zwi\u0105zkowa to tylko niekt\u00f3re z poruszanych tu kwestii.<\/p>\n\n\n\n<p><strong>Prawo rz\u0105dowe i pracodawcy<\/strong><\/p>\n\n\n\n<p>W ci\u0105gu ostatnich 30 lat byli\u015bmy \u015bwiadkami wielu atak\u00f3w na system emerytalny&nbsp;<a href=\"https:\/\/vientosur.info\/francia-seis-meses-de-manifestaciones-y-huelgas-hablemos-de-eso\/#_ftn2\"><strong>[2]<\/strong><\/a>: 1993, 1995, 2003, 2007, 2010, 2013, 2018, 2019, 2023. Ich cele by\u0142y podobne: sprawi\u0107, \u017ceby\u015bmy pracowali wi\u0119cej, p\u0142aci\u0107 mniej i zniszczy\u0107 system emerytalny, kt\u00f3ry, cho\u0107 z naszego punktu widzenia nie jest doskona\u0142y, bur\u017cuazja postrzega to jako anomali\u0119 w systemie kapitalistycznym.&nbsp;Przez te wszystkie lata u\u017cywano do jej niszczenia tych samych narz\u0119dzi: zwi\u0119kszania liczby lat potrzebnych do obliczenia emerytury, wyd\u0142u\u017cania okresu sk\u0142adkowego niezb\u0119dnego do pe\u0142nej emerytury, dyskontowania [gdy jaki\u015b warunek nie jest spe\u0142niony w 100%], op\u00f3\u017aniania legalnej emerytury wieku, znie\u015b\u0107 re\u017cimy, kt\u00f3re s\u0105 korzystniejsze ni\u017c re\u017cim og\u00f3lny [w trudnych sektorach], pozbawi\u0107 pracownik\u00f3w ich funduszy emerytalnych na rzecz pa\u0144stwa itp.&nbsp;Je\u015bli chodzi o obecn\u0105 reform\u0119,<\/p>\n\n\n\n<p>\u2013 Op\u00f3\u017anienie ustawowego wieku emerytalnego do 64 lat.&nbsp;Kolejne kontrreformy oznacza\u0142y spo\u0142eczne niepowodzenie na prawie p\u00f3\u0142 wieku&nbsp;<a href=\"https:\/\/vientosur.info\/francia-seis-meses-de-manifestaciones-y-huelgas-hablemos-de-eso\/#_ftn3\"><strong>[3]<\/strong><\/a>&nbsp;.<\/p>\n\n\n\n<p>\u2013 Wyd\u0142u\u017cenie okresu sk\u0142adkowego niezb\u0119dnego do uzyskania pe\u0142nej emerytury: 43 lata.&nbsp;To drugi decyduj\u0105cy parametr, bo nie wystarczy mie\u0107 64 lata, ale trzeba pracowa\u0107 nieprzerwanie przez ca\u0142e \u017cycie.&nbsp;Jest to niemo\u017cliwe, je\u015bli we\u017amiemy pod uwag\u0119 lata studi\u00f3w, niepewno\u015b\u0107 um\u00f3w, prac\u0119 nierejestrowan\u0105, kt\u00f3ra jest powszechna i nie wi\u0105\u017ce si\u0119 z op\u0142acaniem sk\u0142adek na ubezpieczenie spo\u0142eczne itp.<\/p>\n\n\n\n<p>\u2013 Nier\u00f3wno\u015b\u0107 mi\u0119dzy kobietami i m\u0119\u017cczyznami utrzymuje si\u0119, a nawet si\u0119 pog\u0142\u0119bia.<\/p>\n\n\n\n<p>\u2013 Nier\u00f3wno\u015bci spo\u0142eczne b\u0119d\u0105 si\u0119 utrzymywa\u0107, a nawet pog\u0142\u0119bia\u0107, bo najbogatsi b\u0119d\u0105 mogli korzysta\u0107 z korzystniejszych dodatkowych system\u00f3w emerytalnych.<\/p>\n\n\n\n<p>\u2013 Likwidacja kilku pozosta\u0142ych korzystniejszych system\u00f3w emerytalnych, kt\u00f3re s\u0105 lepsze od systemu og\u00f3lnego: przemys\u0142 elektryczny i gazowy, RATP, Banque de France.&nbsp;Jednym z tych emblematycznych re\u017cim\u00f3w by\u0142 re\u017cim SNCF, kt\u00f3rego koniec zosta\u0142 ju\u017c og\u0142oszony ustaw\u0105 z 2018 roku.<\/p>\n\n\n\n<p><strong>Czy to prawda, \u017ce \u200b\u200bspecjalne re\u017cimy si\u0119 ko\u0144cz\u0105?<\/strong><\/p>\n\n\n\n<p>We Francji to Zgromadzenie Narodowe i Senat decyduj\u0105, kt\u00f3re prawa maj\u0105 zastosowanie do narodu.&nbsp;Do wszystkich ludzi?&nbsp;Nie. Niekoniecznie ci, kt\u00f3rzy narzucaj\u0105 je innym!&nbsp;Senatorowie otrzymuj\u0105 emerytur\u0119 netto w wysoko\u015bci ok. 2190 euro po&#8230; jednej 6-letniej kadencji.&nbsp;Senat szacuje przeci\u0119tn\u0105 emerytur\u0119 tych&nbsp;&nbsp;<em>filar\u00f3w Rzeczypospolitej&nbsp;<\/em>&nbsp;(!) na 3856 euro netto.&nbsp;\u201eNasza sk\u0142adka to r\u00f3wnowarto\u015b\u0107 oko\u0142o 15% naszej parlamentarnej alokacji\u201d \u2013 usprawiedliwiaj\u0105 si\u0119.&nbsp;To prawda, ale rzeczywisto\u015b\u0107 jest taka, \u017ce \u200b\u200bpozostaje im miesi\u0119czny zasi\u0142ek w wysoko\u015bci 5569 euro netto&#8230; kt\u00f3ry zwykle jest doliczany do innych wynagrodze\u0144.&nbsp;Ze Zgromadzenia Narodowego wielu pos\u0142\u00f3w udziela Senatowi lekcji: \u201ezreformowali\u015bmy nasz system, wy powinni\u015bcie zrobi\u0107 to samo\u201d.&nbsp;Zapominaj\u0105 jednak poda\u0107 swoje dane&nbsp;<em>reforma<\/em>&nbsp;: wed\u0142ug strony internetowej Zgromadzenia Narodowego pose\u0142, kt\u00f3ry s\u0142u\u017cy\u0142 przez pi\u0119\u0107 lat, otrzymuje miesi\u0119czn\u0105 emerytur\u0119 netto w wysoko\u015bci 684,38 euro w wieku 62 lat.&nbsp;Po dw\u00f3ch kadencjach oznacza to emerytur\u0119 netto w wysoko\u015bci 1 368 euro, co stanowi r\u00f3wnowarto\u015b\u0107 tego, do czego uprawniona jest reszta spo\u0142ecze\u0144stwa, poniewa\u017c oficjalny organ (Direction de la recherche, des \u00e9tudes, de l&#8217;\u00e9valuation et des statistiques) potwierdza, \u017ce obecnie \u015brednia emerytura wynosi 1400 euro netto.<\/p>\n\n\n\n<p>Zwr\u00f3cenie si\u0119 do \u201ewybranych przedstawicieli Rzeczypospolitej\u201d mo\u017cna by uzna\u0107 za populistyczne, a nawet wyl\u0119garni\u0119 skrajnej prawicy.&nbsp;Mo\u017cna jednak zarzuci\u0107, \u017ce tak zwana skrajna prawica, poprzez swoich deputowanych i deputowanych, rado\u015bnie korzysta z zalet tzw. systemu demokracji przedstawicielskiej, zar\u00f3wno w Zgromadzeniu Narodowym, jak iw Parlamencie Europejskim.&nbsp;Nie ma powodu, by nie wraca\u0107 do tej krytyki wzbogacenia si\u0119 i ob\u0142udy tych, kt\u00f3rzy z parlamentu tworz\u0105 prawo.&nbsp;Sprawa emerytur dla parlamentarzyst\u00f3w jest przejawem klasowej nienawi\u015bci i pogardy.&nbsp;To w\u0142a\u015bnie musimy podkre\u015bli\u0107.&nbsp;Nie do\u015b\u0107, \u017ce mniejszo\u015b\u0107 wyzyskiwaczy i ich serwery ob\u017ceraj\u0105 si\u0119 coraz hojniej, to jeszcze czuj\u0105 do nas najwi\u0119ksz\u0105 pogard\u0119.<\/p>\n\n\n\n<p><strong>Wielkie demonstracje&#8230;<\/strong><\/p>\n\n\n\n<p>Krajowy zwi\u0105zek mi\u0119dzyzwi\u0105zkowy og\u0142osi\u0142 czterna\u015bcie og\u00f3lnokrajowych dni strajk\u00f3w i demonstracji: 19 stycznia, 31 stycznia, 7 lutego, 11 lutego, 16 lutego, 7 marca, 8 marca, 11 marca, 23 marca, 28 marca, 6 kwietnia, 2 kwietnia 13, 1 maja i 6 czerwca.&nbsp;Pomi\u0144my bitw\u0119 na liczby, w kt\u00f3rej tradycyjnie policja, zwi\u0105zki zawodowe i media walcz\u0105 z liczb\u0105 protestuj\u0105cych&nbsp;<a href=\"https:\/\/vientosur.info\/francia-seis-meses-de-manifestaciones-y-huelgas-hablemos-de-eso\/#_ftn4\"><strong>[4]<\/strong><\/a>&nbsp;.&nbsp;Niezale\u017cnie od u\u017cytego benchmarku frekwencja by\u0142a wyj\u0105tkowa, najwy\u017csza od lat.&nbsp;Zjawisko, kt\u00f3re wyst\u0119powa\u0142o w du\u017cych miastach, ale tak\u017ce w wielu miasteczkach i miastach \u015bredniej wielko\u015bci w ca\u0142ej Francji.&nbsp;To by\u0142a cecha&nbsp; ruchu&nbsp;<em>\u017c\u00f3\u0142tych kamizelek .<\/em>: silne lokalne korzenie we wszystkich regionach.&nbsp;Na przyk\u0142ad 31 stycznia liczba protestuj\u0105cych w Tarbes (region Oksytanii) w skali paryskiej wynosi\u0142aby 6 milion\u00f3w ludzi;&nbsp;na ulicach Saint-Gaudens (departament Haute-Garonne), miasta licz\u0105cego 11 500 mieszka\u0144c\u00f3w, by\u0142o 5200 os\u00f3b.&nbsp;Przyk\u0142ady mo\u017cna by mno\u017cy\u0107.&nbsp;W sumie milion, dwa miliony, dwa i p\u00f3\u0142 miliona\u2026 nie o to chodzi.&nbsp;Demonstracje mia\u0142y skal\u0119, jakiej nie widziano od dawna;&nbsp;nikt temu nie zaprzecza.<\/p>\n\n\n\n<p><strong>Ale to nie wystarczy, poniewa\u017c ich celem jest zmia\u017cd\u017cenie zwi\u0105zk\u00f3w zawodowych<\/strong><\/p>\n\n\n\n<p>Si\u0142a przetargowa niezb\u0119dna do zwyci\u0119stwa mo\u017ce by\u0107 oceniana tylko indywidualnie dla ka\u017cdego przypadku w danym momencie.&nbsp;Jakkolwiek wa\u017cna jest debata i walka o emerytury, stoimy w obliczu wykraczaj\u0105cej poza te ramy ofensywy kapitalist\u00f3w i ich przedstawicieli.&nbsp;Istnieje ch\u0119\u0107 wybicia ruchu zwi\u0105zkowego, ca\u0142ego ruchu zwi\u0105zkowego.&nbsp;St\u0105d pogarda rz\u0105du dla zwi\u0105zku jako ca\u0142o\u015bci i dla ka\u017cdego z jego element\u00f3w sk\u0142adowych.&nbsp;Nierzadko zdarza si\u0119, \u017ce rz\u0105d ignoruje&nbsp;&nbsp;<em>Solidaires&nbsp;<\/em>lub \u017ce konfrontuje si\u0119 z CGT, ale znacznie rzadziej gardzi CFDT.&nbsp;W por\u00f3wnaniu z poprzednimi walkami na du\u017c\u0105 skal\u0119 w kraju, trzeba si\u0119 liczy\u0107 z jedn\u0105 zmian\u0105: kast\u0105 polityczn\u0105 u w\u0142adzy.&nbsp;Dla technokrat\u00f3w, takich jak Macron i jego ministrowie, rz\u0105d to nic wi\u0119cej ni\u017c chwila w \u017cyciu zawodowym, kt\u00f3re obejmuje doradztwo dla firm, rady dyrektor\u00f3w, zarz\u0105dzanie sp\u00f3\u0142kami publicznymi itp.&nbsp;Nie zale\u017cy im zbytnio na rz\u0105dzie jako takim.&nbsp;Nie obchodzi ich jego&nbsp;&nbsp;<em>kariera polityczna<\/em>&nbsp;stagnacja w wyniku kl\u0119ski spo\u0142ecznej.&nbsp;St\u0105d jego cynizm w obliczu masowego odrzucenia jego ustawy.&nbsp;Co wi\u0119cej, sam Macron jest na drugiej kadencji i nie mo\u017ce ubiega\u0107 si\u0119 o reelekcj\u0119.&nbsp;To jeszcze bardziej predysponuje go do toczenia bezpo\u015brednich star\u0107 w bitwach rozstrzyganych przez boss\u00f3w;&nbsp;odejdzie i pozostawi ca\u0142\u0105 prac\u0119 swoim s\u0142ugom.<\/p>\n\n\n\n<p>Mo\u017cna powiedzie\u0107, \u017ce mobilizacja by\u0142a i wyj\u0105tkowa, i niewystarczaj\u0105ca.&nbsp;Wyj\u0105tkowy ze wzgl\u0119du na liczb\u0119 demonstrant\u00f3w, czas trwania, ludow\u0105 rewolt\u0119, a tak\u017ce fakt, \u017ce w ci\u0105gu tych miesi\u0119cy dosz\u0142o do strajk\u00f3w w wielu prywatnych firmach iw r\u00f3\u017cnych sektorach zawodowych.&nbsp;Niewystarczaj\u0105ce, poniewa\u017c, jak m\u00f3wili\u015bmy od pocz\u0105tku, \u201edemonstracje nie wystarcz\u0105\u201d.&nbsp;Jednak nadal s\u0105 one preferowan\u0105 metod\u0105 dzia\u0142ania dla wielu os\u00f3b.&nbsp;Nadal trudno jest uog\u00f3lni\u0107 blokad\u0119 gospodarki, zatrzyma\u0107 \u015brodki produkcji, czyli strajkowa\u0107;&nbsp;albo w czasie jej trwania, ale tak\u017ce w czasie&nbsp;&nbsp;<em>\u015bwi\u0105t narodowych<\/em>&nbsp;[mobilizacyjny].&nbsp;Powody s\u0105 dobrze znane;&nbsp;Po pierwsze, s\u0142abo\u015b\u0107 lokalnej mi\u0119dzybran\u017cowej organizacji zwi\u0105zkowej.&nbsp;Wynika to z wojuj\u0105cego antyzwi\u0105zkowego nastawienia pracodawc\u00f3w: braku praw w najmniejszych firmach i kwestionowania ich w pozosta\u0142ych, integracji reprezentacji pracownik\u00f3w najemnych, coraz bardziej zinstytucjonalizowanej i coraz mniej reprezentatywnej, oraz antyzwi\u0105zkowej wsz\u0119dzie represje.&nbsp;Ale to tak\u017ce efekt decyzji podj\u0119tych przez same zwi\u0105zki: kiedy chce si\u0119 radykalnie zmieni\u0107 spo\u0142ecze\u0144stwo i wierzy si\u0119, \u017ce sposobem na to jest strajk generalny, nie mo\u017cna marginalizowa\u0107 mi\u0119dzyzwi\u0105zkowego wymiaru zwi\u0105zkowo\u015bci w codziennej dzia\u0142alno\u015bci .&nbsp;Musimy r\u00f3wnie\u017c wzi\u0105\u0107 pod uwag\u0119 ideologiczne niepowodzenie naszej klasy spo\u0142ecznej,&nbsp;co znajduje odzwierciedlenie w fakcie, \u017ce cz\u0119\u015b\u0107 tego zwalnia biznesmen\u00f3w i kobiety z ich odpowiedzialno\u015bci za kapitalistyczny wyzysk, aby skupili si\u0119 wy\u0142\u0105cznie na rz\u0105dzie.&nbsp;Propaganda Rassemblement National (RN, skrajna prawica) r\u00f3wnie\u017c wskazuje w tym kierunku.<\/p>\n\n\n\n<p>Chocia\u017c ta obserwacja jest konieczna, aby i\u015b\u0107 naprz\u00f3d, wa\u017cne jest r\u00f3wnie\u017c, aby przypomnie\u0107 o pot\u0119\u017cnym charakterze tego masowego ruchu.&nbsp;Nie odnosz\u0105c si\u0119 do wielkich demonstracji we wszystkich regionach, nale\u017cy zwr\u00f3ci\u0107 uwag\u0119 na blokady i skupienia, kt\u00f3re maj\u0105 miejsce g\u0142\u00f3wnie od marca [kiedy uchwalono ustaw\u0119].&nbsp;Akcje, kt\u00f3re nie zast\u0119puj\u0105 strajk\u00f3w, bo maj\u0105 s\u0142abszy wp\u0142yw na gospodark\u0119 i produkcj\u0119, a wi\u0119c na zyski kapitalist\u00f3w.&nbsp;Ale skupiaj\u0105 zespo\u0142y zwi\u0105zkowe z CGT, Solidaires, FSU, a nawet FO czy CFDT z tych samych miast lub z tych samych dzielnic w du\u017cych aglomeracjach.&nbsp;Na kr\u00f3tk\u0105 met\u0119 wzmacnia to powszechne zaufanie do ruchu i organizacji zwi\u0105zkowych;&nbsp;na d\u0142u\u017csz\u0105 met\u0119 tworzy pozytywn\u0105 dynamik\u0119 dla ruchu zwi\u0105zkowego.<\/p>\n\n\n\n<p><strong>Ale co robi\u0107 mi\u0119dzy dwiema demonstracjami?<\/strong><\/p>\n\n\n\n<p>To pytanie szczerze zadaje sobie wiele grup aktywist\u00f3w.&nbsp;St\u0105d seria nocnych demonstracji zwanych \u201eparadami z pochodniami\u201d;&nbsp;st\u0105d debaty, a czasem inicjatywy na temat caja de resistanceencia&nbsp;<a href=\"https:\/\/vientosur.info\/francia-seis-meses-de-manifestaciones-y-huelgas-hablemos-de-eso\/#_ftn5\"><strong>[5]<\/strong><\/a>;&nbsp;st\u0105d Zgromadzenia Og\u00f3lne (AG) w miastach, kt\u00f3re skupia\u0142y bojownik\u00f3w z r\u00f3\u017cnych organizacji;&nbsp;st\u0105d patelnie ostatnich miesi\u0119cy.&nbsp;Ci\u0105g dzia\u0142a\u0144, kt\u00f3ry nie wystarczy\u0142 do wygrania gry, poniewa\u017c nie uda\u0142o si\u0119 zatrzyma\u0107 gospodarki, ale tak\u017ce dlatego, \u017ce nie przeci\u0105gn\u0105\u0142 wi\u0119kszej liczby os\u00f3b ni\u017c tych, kt\u00f3rzy ju\u017c byli zmobilizowani na inny poziom.&nbsp;Aby zmieni\u0107 uk\u0142ad si\u0142 na nasz\u0105 korzy\u015b\u0107, konieczne by\u0142o pozyskanie tych, kt\u00f3rzy nie przyst\u0105pili do zbiorowego ruchu protestacyjnego: pracownik\u00f3w firm, w kt\u00f3rych strajk nie by\u0142 na porz\u0105dku dziennym, ludzi sektor\u00f3w, w kt\u00f3rych uwa\u017ca si\u0119, \u017ce&nbsp;&nbsp;<em>nie mog\u0105<\/em>&nbsp;&nbsp;strajkowa\u0107;&nbsp;tym, kt\u00f3rzy potrzebuj\u0105 konkretnego wsparcia zespo\u0142\u00f3w zwi\u0105zkowych du\u017cej firmy z&nbsp;&nbsp;<em>s\u0105siedztwa<\/em>, czasami w tej samej firmie (podwykonawcy), lub lokalne zespo\u0142y zwi\u0105zkowe i ich obecno\u015b\u0107.&nbsp;Dystrybucja ulotek i debaty organizowane przez CGT, Solidaires i inne zwi\u0105zki lokalne\/wydzia\u0142owe s\u0105 niezb\u0119dne do zbudowania og\u00f3lnokrajowego strajku mi\u0119dzyzawodowego.<\/p>\n\n\n\n<p>W &#8222;Comment s&#8217;occuper mi\u0119dzy dwoma datami mobilizacji?&#8221;&nbsp;[&nbsp;<em>Co robi\u0107 mi\u0119dzy dwoma terminami wielkich mobilizacji<\/em>&nbsp;], Baptiste Pagnier, cz\u0142onek departamentalnego zwi\u0105zku CGT w Pary\u017cu, rozwija ten temat w bardzo trafny spos\u00f3b w marcowym numerze magazynu&nbsp;&nbsp;<em>La R\u00e9volution prol\u00e9tarienne&nbsp;<\/em><a href=\"https:\/\/vientosur.info\/francia-seis-meses-de-manifestaciones-y-huelgas-hablemos-de-eso\/#_ftn6\"><strong>[6]<\/strong><\/a>.&nbsp;Mo\u017cemy doda\u0107, \u017ce wsparcie dla istniej\u0105cych strajk\u00f3w powinno przyj\u015b\u0107 naturalnie.&nbsp;Na przyk\u0142ad w regionie \u00cele-de-France dziesi\u0105tki pracownik\u00f3w filii La Poste [Post] (Chronopost w Alfortville w Val-de-Marne; DPD w Coudray Montceaux w Essonne) strajkuje od ponad p\u00f3\u0142tora roku.&nbsp;Byli obecni na wszystkich demonstracjach w Pary\u017cu od 19 stycznia, ale bardzo niewiele dru\u017cyn zwi\u0105zkowych przyby\u0142o na ich demonstracje i pikiety, zapraszaj\u0105c ich do w\u0142asnych firm lub do swoich drzwi, aby nag\u0142o\u015bni\u0107 strajk.&nbsp;Dwadzie\u015bcia miesi\u0119cy walk nie jest powszechne, ale we wszystkich regionach dochodzi do strajk\u00f3w, kt\u00f3re wymagaj\u0105 poparcia i wsparcia.<\/p>\n\n\n\n<p>Podkre\u015blanie up\u0142ywu czasu mi\u0119dzy dwiema narodowymi datami mobilizacji jest r\u00f3wnie\u017c powracaj\u0105cym tematem niekt\u00f3rych nurt\u00f3w politycznych, kt\u00f3re maj\u0105 szczeg\u00f3lny interes w przyci\u0105ganiu ludzi przem\u00f3wieniami i pismami o radykalnym tonie.&nbsp;Cz\u0119sto stwierdzaj\u0105c, \u017ce \u201etrzeba og\u0142osi\u0107 strajk generalny teraz\u201d, \u201enie czekajmy na strajk mi\u0119dzyzwi\u0105zkowy\u201d.&nbsp;Ale co zrobi\u0142 Zwi\u0105zek?&nbsp;Na przyk\u0142ad 12 lutego zwi\u0105zek mi\u0119dzyzwi\u0105zkowy wezwa\u0142 \u201erobotnik\u00f3w, m\u0142odzie\u017c i emeryt\u00f3w do zintensyfikowania ruchu przez sparali\u017cowanie Francji we wszystkich sektorach 7 marca\u201d.&nbsp;Mi\u0119dzyzwi\u0105zkowa organizacja wykorzysta 8 marca, mi\u0119dzynarodowy dzie\u0144 walki o prawa kobiet, do podkre\u015blenia \u201ewielkiej niesprawiedliwo\u015bci spo\u0142ecznej tej reformy wobec kobiet\u201d.&nbsp;Czego wi\u0119cej mo\u017cna chcie\u0107 od zwi\u0105zku mi\u0119dzyzwi\u0105zkowego, kt\u00f3ry skupia CFDT, CGT, FO, CGC, CFTC, UNSA,&nbsp;Solidarni i FSU?&nbsp;W czasach, gdy jedno\u015b\u0107 w dzia\u0142aniu zwi\u0105zkowym jest czynnikiem decyduj\u0105cym o partycypacji wielu pracownik\u00f3w, po co traci\u0107 czas i energi\u0119 na krytyk\u0119 zwi\u0105zku mi\u0119dzyzwi\u0105zkowego, kt\u00f3ry proponuje tak\u0105 perspektyw\u0119 na pocz\u0105tek marca?&nbsp;Lepiej by\u0142oby uczyni\u0107 z niego punkt oparcia, tak jak w sektorach zawodowych;&nbsp;Na przyk\u0142ad w SNCF, gdzie SUD-Rail i CGT zachowa\u0142y jednolite ramy mi\u0119dzyzwi\u0105zkowe z UNSA i CFDT, nie uniemo\u017cliwiaj\u0105c im wezwania do wznowienia strajku od 7 marca, wezwania, kt\u00f3re p\u00f3\u017aniej wsp\u00f3lnie popar\u0142y cztery federacje.&nbsp;Po co traci\u0107 czas i energi\u0119 na krytyk\u0119 zwi\u0105zku mi\u0119dzyzwi\u0105zkowego, kt\u00f3ry proponuje tak\u0105 perspektyw\u0119 na pocz\u0105tek marca?&nbsp;Lepiej by\u0142oby uczyni\u0107 z niego punkt oparcia, tak jak w sektorach zawodowych;&nbsp;Na przyk\u0142ad w SNCF, gdzie SUD-Rail i CGT zachowa\u0142y jednolite ramy mi\u0119dzyzwi\u0105zkowe z UNSA i CFDT, nie uniemo\u017cliwiaj\u0105c im wezwania do wznowienia strajku od 7 marca, wezwania, kt\u00f3re p\u00f3\u017aniej wsp\u00f3lnie popar\u0142y cztery federacje.&nbsp;Po co traci\u0107 czas i energi\u0119 na krytyk\u0119 zwi\u0105zku mi\u0119dzyzwi\u0105zkowego, kt\u00f3ry proponuje tak\u0105 perspektyw\u0119 na pocz\u0105tek marca?&nbsp;Lepiej by\u0142oby uczyni\u0107 z niego punkt oparcia, tak jak w sektorach zawodowych;&nbsp;Na przyk\u0142ad w SNCF, gdzie SUD-Rail i CGT zachowa\u0142y jednolite ramy mi\u0119dzyzwi\u0105zkowe z UNSA i CFDT, nie uniemo\u017cliwiaj\u0105c im wezwania do wznowienia strajku od 7 marca, wezwania, kt\u00f3re p\u00f3\u017aniej wsp\u00f3lnie popar\u0142y cztery federacje.<\/p>\n\n\n\n<p>Apel wystosowany przez federacj\u0119 zwi\u0105zk\u00f3w zawodowych SUD-Rail po kilkudniowym strajku odnawialnym w sektorze kolejowym 10 marca jasno pokazuje, co to znaczy wspiera\u0107 strajk mi\u0119dzyzawodowy: to znaczy uczestniczy\u0107 w nim i pomaga\u0107 w jego przed\u0142u\u017caniu!<\/p>\n\n\n\n<p><em>M\u00f3wi\u0105 do nich kolejarze:<\/em><\/p>\n\n\n\n<p><em>Nie trzeba wyja\u015bnia\u0107 wszystkich negatywnych skutk\u00f3w ustawy emerytalnej.&nbsp;Ogromne demonstracje w ca\u0142ym kraju pokazuj\u0105, \u017ce odrzuca j\u0105 zdecydowana wi\u0119kszo\u015b\u0107 spo\u0142ecze\u0144stwa.&nbsp;Ale szefowie, akcjonariusze, a co za tym idzie rz\u0105d, zdecydowali si\u0119 na konfrontacj\u0119: demonstracje to za ma\u0142o.&nbsp;Potrzebujemy strajku mi\u0119dzysektorowego.<\/em><\/p>\n\n\n\n<p><em>Dzie\u0144 po 7 marca CFDT, CGT, FO, CGC, CFTC, UNSA, Solidaires, FSU i organizacje m\u0142odzie\u017cowe da\u0142y jasno do zrozumienia, \u017ce \u200b\u200b\u201ewspieraj\u0105 i zach\u0119caj\u0105 wszystkie sektory zawodowe do kontynuowania i rozszerzania ruchu\u201d.&nbsp;Chcesz nas wesprze\u0107?&nbsp;Wi\u0119c do\u0142\u0105cz do strajku.&nbsp;Szybko, aby szybko wygra\u0107.<\/em><\/p>\n\n\n\n<p><em>Kolejarze od tygodnia strajkuj\u0105.&nbsp;Podobnie jest w innych sektorach.&nbsp;Nie chcemy strajku zast\u0119pczego: aby pom\u00f3c nam stawi\u0107 op\u00f3r, konieczne jest, aby inne sektory przy\u0142\u0105czy\u0142y si\u0119 do strajku i zablokowa\u0142y kraj!&nbsp;Najlepszym sposobem wsparcia strajkuj\u0105cych jest zorganizowanie strajku w miejscu pracy.&nbsp;Najlepszym sposobem na szybkie zwyci\u0119stwo jest zebranie si\u0119 w sobie.<\/em><\/p>\n\n\n\n<p>Na kongresie CGT pod koniec marca Pierre Germain-Bonne, delegat zwi\u0105zku w\u0142adz lokalnych \u00c9chirolles (Is\u00e8re), powiedzia\u0142 to samo: \u201eTowarzysze na pikietach potrzebuj\u0105 wsparcia i\u2026 wi\u0119cej strajkuj\u0105cych.&nbsp;Nie potrzebuj\u0105 czek\u00f3w solidarno\u015bciowych na fundusze strajkowe.&nbsp;Otrzymujemy czeki, dzi\u015b rano otrzymali\u015bmy kolejne 6000 euro na fundusz oporu Is\u00e8re, ale b\u0119d\u0105 musieli wys\u0142a\u0107 nam strajkuj\u0105cych, aby przekaza\u0107 pieni\u0105dze\u201d.<\/p>\n\n\n\n<p><strong>\u201eWzmocni\u0107 ruch, parali\u017cuj\u0105c Francj\u0119 we wszystkich sektorach\u201d<\/strong><\/p>\n\n\n\n<p>Kwestia wznowienia strajku by\u0142a dyskutowana w kilku zwi\u0105zkach zawodowych.&nbsp;Jest to debata, kt\u00f3ra toczy si\u0119 daleko poza kr\u0119gami, kt\u00f3re zadowalaj\u0105 si\u0119 roszczeniem do niej bez jej organizowania&nbsp;<a href=\"https:\/\/vientosur.info\/francia-seis-meses-de-manifestaciones-y-huelgas-hablemos-de-eso\/#_ftn7\"><strong>[7].<\/strong><\/a>.&nbsp;Ale problem polega w\u0142a\u015bnie na jej zorganizowaniu.&nbsp;Prawd\u0105 jest, \u017ce krajowy zwi\u0105zek mi\u0119dzyzwi\u0105zkowy nie by\u0142 w tej kwestii jednomy\u015blny.&nbsp;Ale kilka organizacji opowiedzia\u0142o si\u0119 za tym stanowiskiem i jest to niezaprzeczalny post\u0119p w por\u00f3wnaniu z tym, co widzieli\u015bmy w przesz\u0142o\u015bci podczas podobnych mobilizacji spo\u0142ecznych.&nbsp;W takich sytuacjach musimy polega\u0107 na jedno\u015bci mi\u0119dzyzwi\u0105zkowej, kt\u00f3ra odrzuca kontrreform\u0119 i nada\u0107 warto\u015b\u0107 wezwaniom do wznowienia strajk\u00f3w, tam gdzie to mo\u017cliwe, ze strony r\u00f3\u017cnych krajowych organizacji mi\u0119dzybran\u017cowych.&nbsp;Ju\u017c 11 lutego CGT, UNSA, FO,&nbsp;CGC i Solidaires og\u0142osili strajk na czas nieokre\u015blony w RATP, kt\u00f3ry rozpocznie si\u0119 7 marca;&nbsp;to samo zrobi\u0142y CGT i SUD-Rail w sektorze kolejowym;&nbsp;oraz CGT w sektorze wywozu \u015bmieci i odpad\u00f3w z gospodarstw domowych;&nbsp;szybko dodano zaproszenia sektorowe tego samego typu<a href=\"https:\/\/vientosur.info\/francia-seis-meses-de-manifestaciones-y-huelgas-hablemos-de-eso\/#_ftn8\"><strong>[8]<\/strong><\/a>&nbsp;.&nbsp;Zwi\u0105zki edukacyjne (FSU, UNSA, FO, CFDT, CGT, CGT, SNALC, SUD) wezwa\u0142y 7 marca do \u201emasowych strajk\u00f3w w celu ca\u0142kowitego zamkni\u0119cia szk\u00f3\u0142 i us\u0142ug\u201d.&nbsp;R\u00f3wnie\u017c w szkolnictwie wy\u017cszym i badaniach wszystkie zwi\u0105zki wezwa\u0142y do \u200b\u200b7 marca \u201emasowych strajk\u00f3w, kt\u00f3re doprowadz\u0105 do ca\u0142kowitego zamkni\u0119cia uniwersytet\u00f3w i organizacji badawczych\u201d.&nbsp;Zwi\u0105zek mi\u0119dzyzwi\u0105zkowy wezwa\u0142 lud do masowej mobilizacji 8 marca\u201d.<\/p>\n\n\n\n<p>Czy zwi\u0105zek mi\u0119dzyzwi\u0105zkowy stosowa\u0142&nbsp; formu\u0142\u0119&nbsp;<em>strajku generalnego<\/em>&nbsp;?&nbsp;Oczywi\u015bcie, \u017ce nie, ale je\u015bli celem jest zbudowanie tego strajku generalnego, a nie tylko stwierdzenie, \u017ce go zwo\u0142ali\u015bmy, co jest bardziej przydatne: wezwanie jednej lub dw\u00f3ch organizacji, kt\u00f3re nawet przy tej bardzo po\u017c\u0105danej formule lub wezwanie do \u201esparali\u017cowania kraj\u201d, po kt\u00f3rym natychmiast nast\u0105pi\u0142 kolejny, aby \u201ekontynuowa\u0107 i wzmacnia\u0107 ruch\u201d, jak CFDT, CGT, FO, CGC, CFTC, UNSA, Solidaires i FSU zrobi\u0142y to razem?<\/p>\n\n\n\n<p>Mi\u0119dzyzwi\u0105zkowe CFDT\/CGT\/FO\/CGC\/CFTC\/UNSA\/Solidaires\/FSU wyznaczy\u0142y termin 7 marca z wezwaniem do \u201esparali\u017cowania Francji\u201d.&nbsp;Po po\u0142udniu tego dnia przes\u0142anie tych samych krajowych organizacji mi\u0119dzyzwi\u0105zkowych by\u0142o bardzo jasne: \u201e[zwi\u0105zek mi\u0119dzyzwi\u0105zkowy] wspiera i zach\u0119ca wszystkie sektory zawodowe do kontynuowania i rozszerzania ruchu\u201d.&nbsp;W przeciwie\u0144stwie do tego, co dzia\u0142o si\u0119 podczas podobnych ruch\u00f3w w ostatnim \u0107wier\u0107wieczu, tym razem intersindical wcale nie by\u0142 przeszkod\u0105 [dla mobilizacji];&nbsp;niezale\u017cnie od opinii niekt\u00f3rych&nbsp;&nbsp;<em>radykalnych<\/em>&nbsp;komentator\u00f3w &nbsp;, kt\u00f3rzy nie s\u0105 strajkuj\u0105cymi, lub niekt\u00f3rych&nbsp;&nbsp;<em>rewolucjonist\u00f3w<\/em>&nbsp;&nbsp;, kt\u00f3rych w\u0142asny sektor nie wyr\u00f3\u017cnia si\u0119 liczb\u0105 strajkuj\u0105cych.<\/p>\n\n\n\n<p><strong>Jedno\u015b\u0107 i tworzenie strajk\u00f3w: priorytety zgodne z naszymi celami<\/strong><\/p>\n\n\n\n<p>Jednostka by\u0142a r\u00f3wnie\u017c bardzo widoczna w r\u00f3\u017cnych akcjach podejmowanych lokalnie w ca\u0142ym kraju: ulotkach pod drzwiami firm lub w miejscach publicznych, blokowaniu op\u0142at drogowych, rond czy autostrad, wspieraniu okupacji o\u015brodk\u00f3w produkcyjnych itp.&nbsp;Istnieje dialektyczny zwi\u0105zek mi\u0119dzy jedno\u015bci\u0105 a budow\u0105 strajku.&nbsp;Istnieje dialektyczny zwi\u0105zek mi\u0119dzy d\u0142ugotrwa\u0142ym utrzymaniem narodowej mi\u0119dzyzwi\u0105zkowej a has\u0142ami podnoszonymi przez ka\u017cd\u0105 z si\u0142 zwi\u0105zkowych.&nbsp;Efekt w rzeczywisto\u015bci \u2013 a to si\u0119 liczy \u2013 przek\u0142ada si\u0119 na wysoki poziom mobilizacji spo\u0142ecznej.&nbsp;Jeste\u015bmy bardzo zainteresowani utrzymaniem jedno\u015bci dzia\u0142a\u0144 zwi\u0105zkowych, jak r\u00f3wnie\u017c mi\u0119dzyzwi\u0105zkowych ram refleksji.&nbsp;Jest to ca\u0142kowicie konieczne w obliczu ch\u0119ci zniszczenia ruchu zwi\u0105zkowego.<\/p>\n\n\n\n<p>Podczas ruchu 2019 wielu ograniczy\u0142o swoj\u0105 akcj\u0119 strajkow\u0105 do narodowych dni akcji, a w du\u017cej cz\u0119\u015bci sektora prywatnego (i nie tylko) nie dosz\u0142o nawet do prawdziwej pr\u00f3by strajku.&nbsp;Musimy to przezwyci\u0119\u017cy\u0107 i nie organizowa\u0107 \u201estrajku delegowanego\u201d [niech kilka sektor\u00f3w strajkuje dla reszty], jak ci, kt\u00f3rzy reklamuj\u0105 fundusze ruchu oporu zamiast organizowa\u0107 strajk.&nbsp;Pomi\u0119dzy 11 lutego a 7 marca min\u0105\u0142 prawie miesi\u0105c, w kt\u00f3rym, bior\u0105c pod uwag\u0119 og\u00f3lny klimat, ekipy zwi\u0105zkowe mog\u0142y po\u015bwi\u0119ci\u0107 si\u0119 wy\u0142\u0105cznie budowaniu strajku: przede wszystkim w swoich zak\u0142adach pracy, a tak\u017ce w ramach strajku miejsce mi\u0119dzyprofesjonalne.&nbsp;\u201eWstrzymujemy wszystko, w miar\u0119 mo\u017cliwo\u015bci w pracy (strajk, godziny delegacji, odpoczynek itp.) i zebraniach, a tak\u017ce organizujemy walne zgromadzenia,&nbsp;dystrybucj\u0119 ulotek, spotkania informacyjne, skrzynk\u0119 ruchu oporu, po\u015bwi\u0119cali\u015bmy czas na odwiedzanie r\u00f3\u017cnych pobliskich o\u015brodk\u00f3w pracy, oferuj\u0105c im pomoc w razie potrzeby oraz koordynacj\u0119 ze zwi\u0105zkami zawodowymi tego samego sektora.&nbsp;Przydatne s\u0105 do tego narz\u0119dzia zwi\u0105zkowe (federacje, zwi\u0105zki resortowe i lokalne), a kontakty poziome o\u017cywiaj\u0105 je\u00bb<a href=\"https:\/\/vientosur.info\/francia-seis-meses-de-manifestaciones-y-huelgas-hablemos-de-eso\/#_ftn9\"><strong>[9]<\/strong><\/a>.&nbsp;Je\u015bli chcesz strajku generalnego, dzia\u0142alno\u015b\u0107 nie mo\u017ce ogranicza\u0107 si\u0119 do samej firmy lub samego sektora zawodowego.&nbsp;Lokalne powi\u0105zania mi\u0119dzysektorowe s\u0105 niezb\u0119dne do zwyci\u0119stwa.&nbsp;Ale stawk\u0105 jest te\u017c przysz\u0142o\u015b\u0107: okresy takie jak te, kt\u00f3re prze\u017cywamy od stycznia, przyci\u0105gaj\u0105 nowych ludzi do zwi\u0105zkowc\u00f3w, liczne s\u0105 kontakty, wzrasta liczba cz\u0142onk\u00f3w&#8230; Wszystko to musi by\u0107 zorganizowane, lokalne zwi\u0105zki mi\u0119dzyzawodowe musz\u0105 by\u0107 tworzone lub rewitalizowane;&nbsp;Tutaj r\u00f3wnie\u017c mo\u017cemy przytoczy\u0107, co robi\u0142y r\u00f3\u017cne grupy bojownik\u00f3w: dzielenie si\u0119 obiadem przed lub po demonstracjach;&nbsp;przygotowa\u0107 harmonogram kolporta\u017cu ulotek w wybranych firmach;&nbsp;sformalizowa\u0107 powo\u0142ywanie przedstawicieli sekcji zwi\u0105zkowych;&nbsp;wzmocni\u0107 mi\u0119dzybran\u017cowe urz\u0119dy zwi\u0105zkowe\u2026 Kr\u00f3tko m\u00f3wi\u0105c,<\/p>\n\n\n\n<p>Budowanie strajku oznacza mno\u017cenie debat w miejscu pracy.&nbsp;To tam, firma po firmie, sekcja po sekcji, wygrywa si\u0119 i buduje strajk.&nbsp;Zgromadzenia og\u00f3lne jak najbli\u017cej zak\u0142ad\u00f3w pracy pozwalaj\u0105 jak najwi\u0119kszej liczbie strajkuj\u0105cych przej\u0105\u0107 kontrol\u0119 nad strajkiem.&nbsp;S\u0105 mniej spektakularne, ale skuteczniejsze ni\u017c&nbsp; mi\u0119dzybran\u017cowe&nbsp;<em>walne zgromadzenia<\/em>&nbsp;&nbsp;w miastach, gdy nie opieraj\u0105 si\u0119 one na masowych strajkach w zak\u0142adach i sekcjach&nbsp;<a href=\"https:\/\/vientosur.info\/francia-seis-meses-de-manifestaciones-y-huelgas-hablemos-de-eso\/#_ftn10\"><strong>[10].<\/strong><\/a>.&nbsp;Istotne jest, aby g\u0142os ka\u017cdego zosta\u0142 wys\u0142uchany;&nbsp;Zak\u0142ada to, \u017ce pracownicy czuj\u0105 si\u0119 bezpiecznie, wyra\u017caj\u0105c siebie.&nbsp;Organizacje GA zorganizowane na zbyt du\u017c\u0105 skal\u0119 nie wprowadzaj\u0105 demokracji do strajku.&nbsp;Nawet w sektorach, w kt\u00f3rych strajk jest odnawialny, dosz\u0142o do niepowodzenia w samoorganizacji i praktyce zgromadze\u0144 og\u00f3lnych strajkuj\u0105cych.&nbsp;Nie chodzi o to, \u017ceby to ukrywa\u0107 czy godzi\u0107 si\u0119 na to.&nbsp;Jest to problem, przed kt\u00f3rym stoi ruch zwi\u0105zkowy, opowiadaj\u0105cy si\u0119 za emancypacj\u0105 spo\u0142eczn\u0105, zerwaniem z kapitalizmem, samorz\u0105dno\u015bci\u0105 oraz uspo\u0142ecznieniem \u015brodk\u00f3w produkcji i wymiany.&nbsp;Ujawnia si\u0119 r\u00f3wnie\u017c s\u0142abo\u015b\u0107 lokalnych narz\u0119dzi interdyscyplinarnych, podobnie jak w przypadku ka\u017cdego ruchu spo\u0142ecznego na du\u017c\u0105 skal\u0119;&nbsp;musimy spr\u00f3bowa\u0107 wyci\u0105gn\u0105\u0107 z tego wnioski,<\/p>\n\n\n\n<p>M\u00f3wi si\u0119, \u017ce CFDT mia\u0142o du\u017ce znaczenie w zwi\u0105zku narodowym.&nbsp;Co by\u0142o ci\u0119\u017ckie?&nbsp;By\u0107 mo\u017ce, ale jest najwi\u0119ksz\u0105 organizacj\u0105 pod wzgl\u0119dem liczby cz\u0142onk\u00f3w i najwi\u0119ksz\u0105 pod wzgl\u0119dem wynik\u00f3w wybor\u00f3w zwi\u0105zkowych.&nbsp;Nie mo\u017cemy by\u0107 z tego zadowoleni.&nbsp;Inny przyk\u0142ad, cz\u0119\u015bciowo powi\u0105zany z poprzednim: 10 lat temu najwy\u017cszy wska\u017anik uzwi\u0105zkowienia odnotowywa\u0142 sektor transportu;&nbsp;w czasie ostatniego badania na ten temat, w 2019 r., dzi\u0119ki silnemu wzrostowi miejsce zajmowa\u0142a dzia\u0142alno\u015b\u0107 finansowa i ubezpieczeniowa, podczas gdy wska\u017anik przynale\u017cno\u015bci w transporcie spad\u0142.&nbsp;Bior\u0105c pod uwag\u0119 zupe\u0142nie inny rodzaj wi\u0119kszo\u015bciowego zwi\u0105zkowca praktykowanego w ka\u017cdym z tych dw\u00f3ch sektor\u00f3w, mo\u017ce to nie by\u0107 zadowalaj\u0105ce.&nbsp;Ale w obu przypadkach obserwacja jest bezu\u017cyteczna, je\u015bli nie prowadzi do dzia\u0142ania w celu zaradzenia sytuacji:<\/p>\n\n\n\n<p><strong>Tylko prawda\u2026&nbsp;<a href=\"https:\/\/vientosur.info\/francia-seis-meses-de-manifestaciones-y-huelgas-hablemos-de-eso\/#_ftn11\">[11]<\/a><\/strong><\/p>\n\n\n\n<p>Trudno\u015b\u0107 tego ruchu polega\u0142a na realizacji strajk\u00f3w odnawialnych.&nbsp;Spr\u00f3bowali tego kolejarze, po wezwaniach federacji CGT, UNSA, SUD-Rail i CFDT.&nbsp;Ale (wzgl\u0119dna) s\u0142abo\u015b\u0107 by\u0142a widoczna pod dwoma wzgl\u0119dami:<\/p>\n\n\n\n<p>Ju\u017c 7 marca odsetek strajkuj\u0105cych&nbsp;<a href=\"https:\/\/vientosur.info\/francia-seis-meses-de-manifestaciones-y-huelgas-hablemos-de-eso\/#_ftn12\"><strong>[12]<\/strong><\/a>&nbsp;&nbsp;by\u0142 ni\u017cszy ni\u017c w poprzednich strajkach, r\u00f3wnie\u017c motywowanych atakami na emerytury.&nbsp;41,29% 7 marca 2023 r., w por\u00f3wnaniu do 61% 24 listopada 1995 r., 62,40% 12 maja 2003 r., 61,47 14 listopada 2007 r. (i 71,90% 14 pa\u017adziernika), 50,50 5 grudnia 2019 r.<\/p>\n\n\n\n<p>Cz\u0119\u015bciowo z tego powodu, ale tak\u017ce z innych powod\u00f3w (m.in. s\u0142abo\u015bci sejmik\u00f3w powszechnych i silnej ch\u0119ci nie p\u00f3j\u015bcia&nbsp;&nbsp;<em>samemu<\/em>&nbsp;&nbsp;[strajku]), trudno by\u0142o wznowi\u0107 strajk.&nbsp;Drugiego dnia strajku strajkuj\u0105cych by\u0142o 18,99%, trzeciego 11,93, czwartego 8,40%.&nbsp;W 2007 roku drugiego dnia by\u0142o to 42,80%, a tydzie\u0144 p\u00f3\u017aniej 30,31%;&nbsp;w 2019 r. 7 grudnia strajkowa\u0142o 44,51%, a 8 grudnia 40,40% W drugim tygodniu strajku w marcu 2023 r. odnotowano warto\u015bci oscyluj\u0105ce mi\u0119dzy 4% a 6% (poza decyduj\u0105cym&nbsp;&nbsp;<em>punktem<\/em>&nbsp;15,61%);&nbsp;liczba ta spad\u0142a do poziomu mi\u0119dzy 2% a 6% w trzecim tygodniu (z wyj\u0105tkiem dnia 23: 26,98%).&nbsp;W zwi\u0105zku z tym Tony Fraquelli zwraca uwag\u0119 we wspomnianym wywiadzie, \u017ce \u201eju\u017c w lutym my [cztery federacje] zwo\u0142ali\u015bmy dwa dni akcji, podczas gdy konfederacje zwo\u0142a\u0142y tylko jeden dzie\u0144.&nbsp;I zdali\u015bmy sobie spraw\u0119, \u017ce pierwszego dnia by\u0142 bardzo silny, strajk wi\u0119kszo\u015bciowy w\u015br\u00f3d kolejarzy, ale nast\u0119pnego dnia, mimo apelu mi\u0119dzyfederalnego, strajk sta\u0142 si\u0119 strajkiem mniejszo\u015bciowym\u201d [13&nbsp;<a href=\"https:\/\/vientosur.info\/francia-seis-meses-de-manifestaciones-y-huelgas-hablemos-de-eso\/#_ftn13\"><strong>]<\/strong><\/a>&nbsp;.<\/p>\n\n\n\n<p>Niezale\u017cnie od dok\u0142adnych liczb, zwi\u0105zkowcy i strajkuj\u0105cy postrzegali t\u0119 rzeczywisto\u015b\u0107 w czasie rzeczywistym.&nbsp;Tak samo szefowie i rz\u0105d.&nbsp;Entuzjazm jest niezb\u0119dny, aby zach\u0119ci\u0107 do strajku i mo\u017ce prowadzi\u0107 do tego, by nie skupia\u0107 si\u0119 na liczbach.&nbsp;Ale nie ma sensu ukrywa\u0107 rzeczywisto\u015bci przed strajkuj\u0105cymi w sektorze&#8230; przede wszystkim dlatego, \u017ce oni doskonale j\u0105 rozumiej\u0105.&nbsp;Problem pojawia si\u0119 bardziej w odniesieniu do innych sektor\u00f3w zawodowych: \u201eW takiej firmie strajk trwa\u201d, \u201eW takiej firmie Walne Zgromadzenie wznowi\u0142o strajk\u201d;&nbsp;Ale je\u015bli nie ma mi\u0119dzysektorowych lokalnych narz\u0119dzi zwi\u0105zkowych, za pomoc\u0105 kt\u00f3rych mo\u017cna przekaza\u0107 \u201eprawd\u0119 mowy\u201d, wiele zespo\u0142\u00f3w zwi\u0105zkowych ryzykuje oparcie swojej analizy strajku na my\u015bleniu \u017cyczeniowym.&nbsp;W tym sensie codzienne biuletyny&nbsp;&nbsp;<em>La gr\u00e8ve<\/em>, takie jak publikowane przez Solidaires, federacj\u0119 SUD-Rail i niew\u0105tpliwie inne struktury zwi\u0105zkowe, s\u0105 bardzo istotnymi narz\u0119dziami zar\u00f3wno dla obiegu informacji, jak i dla dynamiki budowania strajku.<\/p>\n\n\n\n<p>Nie trzeba dodawa\u0107, \u017ce ten przyk\u0142ad strajku SNCF nie kwestionuje pracy naszych koleg\u00f3w kolejarzy.&nbsp;Wr\u0119cz przeciwnie.&nbsp;Nie ma poczucia, \u017ce&nbsp;&nbsp;<em>\u200b\u200bwcze\u015bniej by\u0142o lepiej<\/em>;&nbsp;Wcale nie o to chodzi, ale o przeanalizowanie sytuacji, aby i\u015b\u0107 do przodu i si\u0119 wzmocni\u0107.&nbsp;Jest to r\u00f3wnie\u017c okazja, aby pozdrowi\u0107 wszystkich strajkuj\u0105cych, ze specjaln\u0105 dedykacj\u0105 dla S\u00e9bastiena Norisa: \u201eS\u00e9bastien jest pracownikiem kolei;&nbsp;od ponad 25 lat pracuje i jest aktywny w warsztacie TAV w Villeneuve, w Val-de-Marne.&nbsp;Rz\u0105d i jego policja okaleczyli mu jedno oko.&nbsp;S\u00e9bastien jest liderem sekcji zwi\u0105zkowej SUD-Rail w swojej firmie: 92% g\u0142os\u00f3w w wyborach w kolegium egzekucyjnym, 73% w kolegium nadzorczym.&nbsp;Kto z tych, kt\u00f3rzy chc\u0105 narzuci\u0107 nam swoje prawo, mo\u017ce twierdzi\u0107, \u017ce ma takie demokratyczne podstawy?&nbsp;Okaleczenia protestuj\u0105cych s\u0105 przera\u017caj\u0105ce, bez wzgl\u0119du na to, kim jest oczywi\u015bcie ofiara.&nbsp;Ale ta recenzja o S\u00e9bastienie pr\u00f3buje raz jeszcze pokaza\u0107 wielk\u0105 hipokryzj\u0119 jego&nbsp;&nbsp;<em>demokracji<\/em>&nbsp;bur\u017cuazyjny\u00bb&nbsp;<a href=\"https:\/\/vientosur.info\/francia-seis-meses-de-manifestaciones-y-huelgas-hablemos-de-eso\/#_ftn14\"><strong>[14]<\/strong><\/a>&nbsp;&nbsp;)<\/p>\n\n\n\n<p>Kwestia emerytur ilustruje, jak powi\u0105za\u0107 obron\u0119 dora\u017anych \u017c\u0105da\u0144 i alternatyw z systemem kapitalistycznym.&nbsp;Natychmiastow\u0105 rzecz\u0105 jest odrzucenie kontrreformacji.&nbsp;S\u0142uszne jest pot\u0119pienie op\u00f3\u017anienia ustawowego wieku emerytalnego, odrzucenie podwy\u017cszenia liczby lat sk\u0142adkowych niezb\u0119dnych do uzyskania pe\u0142nej emerytury, wyja\u015bnienie skandalu \u201e25 najlepszych lat\u201d zastosowanego do og\u00f3lnego systemu, kt\u00f3ry przek\u0142ada si\u0119 na emerytury, kt\u00f3re s\u0105 znacznie ni\u017csze ni\u017c by\u0142yby, gdyby podstawa wynosi\u0142a na przyk\u0142ad \u201enajlepsze 6 miesi\u0119cy\u201d, wymagaj\u0105 rzeczywistego uwzgl\u0119dnienia trudnych warunk\u00f3w, domagaj\u0105 si\u0119 \u015brodk\u00f3w ustanawiaj\u0105cych r\u00f3wno\u015b\u0107 mi\u0119dzy kobietami i m\u0119\u017cczyznami itp.<\/p>\n\n\n\n<p><strong>Od emerytur do walki antykapitalistycznej<\/strong><\/p>\n\n\n\n<p>Ujmuj\u0105c to w dw\u00f3ch s\u0142owach, wszystko to ma zwi\u0105zek z dystrybucj\u0105 bogactwa;&nbsp;wiele plakat\u00f3w, hase\u0142, baner\u00f3w, baner\u00f3w, ulotek podkre\u015bla setki miliard\u00f3w akcjonariuszy, oszustwa podatkowe itp.&nbsp;St\u0105d rodz\u0105 si\u0119 dwa pytania:&nbsp;&nbsp;<em>Kto tworzy te bogactwa?&nbsp;<\/em>&nbsp;i&nbsp;&nbsp;<em>jak s\u0105 dystrybuowane?&nbsp;<\/em>, sk\u0105d dochodzimy do:&nbsp;&nbsp;<em>Ci, kt\u00f3rzy wytwarzaj\u0105 je swoj\u0105 prac\u0105, otrzymuj\u0105 tylko niewielk\u0105 cz\u0119\u015b\u0107,<\/em>&nbsp;&nbsp;podczas gdy [bogactwa]&nbsp;&nbsp;<em>s\u0105 gromadzone przez akcjonariuszy, szef\u00f3w, czyli przez tych, kt\u00f3rzy ich nie wytwarzaj\u0105<\/em>.&nbsp;Nie chodzi o to, \u017ce skandaliczne zyski kapitalist\u00f3w powinny finansowa\u0107 nasze emerytury, poniewa\u017c to nasze sk\u0142adki to robi\u0105, co oznacza, \u017ce \u200b\u200bmusimy nimi zarz\u0105dza\u0107 i tylko my, bez pracodawc\u00f3w i pa\u0144stwa.&nbsp;Ale w skali globalnej kapitali\u015bci drogo nas kosztuj\u0105!&nbsp;Poprawia to wiarygodno\u015b\u0107 poszukiwania alternatyw.<\/p>\n\n\n\n<p>Innym przyk\u0142adem jest wysoko\u015b\u0107 emerytur.&nbsp;Szeroko pot\u0119piono skandal dotycz\u0105cy emerytur n\u0119dznych, a tak\u017ce fa\u0142szyw\u0105 obietnic\u0119 rewaluacji zwi\u0105zan\u0105 z kontrreform\u0105;&nbsp;sprawiedliwie.&nbsp;\u0141atwo nasuwaj\u0105 si\u0119 inne pytania: \u201eWalka o indeksacj\u0119 wysoko\u015bci emerytury do najlepszych dotychczas otrzymywanych wynagrodze\u0144 jest ca\u0142kiem zrozumia\u0142a;&nbsp;ale po przej\u015bciu na emerytur\u0119, co usprawiedliwia r\u00f3\u017cnice w&nbsp;&nbsp;<em>wynagrodzeniach<\/em>&nbsp;&nbsp;, skoro wszyscy wykonuj\u0105 t\u0119 sam\u0105 prac\u0119 (a dok\u0142adniej, nie wykonuj\u0105 \u017cadnej pracy, je\u015bli zdefiniujemy prac\u0119 jako prac\u0119 najemn\u0105)?\u201d&nbsp;To oczywi\u015bcie pozwala nam wr\u00f3ci\u0107 do poj\u0119cia&nbsp;&nbsp;<em>wynagrodzenia odroczonego.<\/em>&nbsp;a tym samym do skandalu nacjonalizacji systemu emerytalnego, konfiskaty przez pa\u0144stwo cz\u0119\u015bci wynagrodzenia za nasz\u0105 prac\u0119.&nbsp;Ale nie trzeba daleko szuka\u0107, by problem r\u00f3\u017cnic w wysoko\u015bci emerytur doprowadzi\u0142 do dyskusji o realnym fundamencie hierarchii wynagrodze\u0144.<\/p>\n\n\n\n<p>W demonstracjach nie brakuje hase\u0142 pi\u0119tnuj\u0105cych charakter pracy podporz\u0105dkowanej, podkre\u015blaj\u0105cych utrat\u0119 sensu pracy, niezgodno\u015b\u0107 tej kontrreformy z kwestiami spo\u0142ecznymi i ekologicznymi, rol\u0119, jak\u0105 emeryci odgrywaj\u0105 w spo\u0142ecze\u0144stwie&#8230; Ostatni numer&nbsp;&nbsp;<em>Cerises sp\u00f3\u0142dzielnia&nbsp;<a href=\"https:\/\/vientosur.info\/francia-seis-meses-de-manifestaciones-y-huelgas-hablemos-de-eso\/#_ftn15\"><strong>[15]<\/strong><\/a><\/em>&nbsp;zastanawia\u0142 si\u0119: \u201eCzy w tych wielorakich wyra\u017ceniach nie kryje si\u0119 co\u015b wi\u0119cej ni\u017c zwyk\u0142e odrzucenie przed\u0142u\u017cenia dnia roboczego, kt\u00f3re powinno by\u0107 scharakteryzowane jako podrz\u0119dne?&nbsp;Czy nie jest to ju\u017c dorozumiany wyraz odrzucenia roli akcjonariuszy, jedynej wyceny ekonomicznej poprzez rynek i wreszcie odmowy uznania dzia\u0142alno\u015bci waloryzuj\u0105cej kapita\u0142 za jedyn\u0105 u\u017cyteczn\u0105 prac\u0119?&nbsp;Czy\u017c jednym z najwa\u017cniejszych warunk\u00f3w zwyci\u0119stwa ruchu i kl\u0119ski rz\u0105du nie jest wyja\u015bnienie wszystkich tych element\u00f3w po\u015brednio lub jawnie zawartych w mobilizacjach iw ich przejawach?&nbsp;(&#8230;) Czy nie jest pilne i mo\u017cliwe poszerzenie stanu umys\u0142u podzielanego w widoczny spos\u00f3b przez wi\u0119kszo\u015b\u0107 kobiet i m\u0119\u017cczyzn, wsp\u00f3lne odkrywanie innych perspektyw, innych wymian dotycz\u0105cych pracy i aktywno\u015bci,<\/p>\n\n\n\n<p>Podczas demonstracji ludzie krzycz\u0105 \u201eLa S\u00e9cu es nuestra\u201d.&nbsp;Przyznajmy, \u017ce zosta\u0142 nam skradziony dawno temu.&nbsp;Je\u015bli rzeczywi\u015bcie tak by\u0142o w przesz\u0142o\u015bci, to kto dzisiaj uwa\u017ca, \u017ce&nbsp;&nbsp;<em>\u200b\u200bS\u00e9cu<\/em>&nbsp;, a zatem emerytura, ale nie tylko, jest zarz\u0105dzana przez tych, kt\u00f3rzy poprzez swoje sk\u0142adki j\u0105 tworz\u0105, czyli przez pracownik\u00f3w?&nbsp;Czy jest jednak co\u015b prostszego do zaprojektowania?&nbsp;Raport przedstawiony przez Henri Raynauda Konfederacyjnemu Komitetowi Narodowemu CGT w styczniu 1947 r.&nbsp;<a href=\"https:\/\/vientosur.info\/francia-seis-meses-de-manifestaciones-y-huelgas-hablemos-de-eso\/#_ftn16\"><strong>[16]<\/strong><\/a>, nalega\u0142 na trzy kwestie: jeden fundusz, jedn\u0105 stawk\u0119 sk\u0142adek mi\u0119dzybran\u017cowych, zarz\u0105dzanie pracownikami bez szef\u00f3w i bez nadzoru pa\u0144stwa.&nbsp;Czasy walki to czasy, w kt\u00f3rych przy\u015bpiesza si\u0119 \u015bwiadomo\u015b\u0107 wyzysku i ucisku.&nbsp;Wa\u017cne jest stawianie \u017c\u0105da\u0144, kt\u00f3re ujawniaj\u0105 sprzeczno\u015bci systemu kapitalistycznego, jego niezdolno\u015b\u0107 do samoreformacji w celu zaspokojenia potrzeb zbiorowych i zagwarantowania przysz\u0142o\u015bci planety.&nbsp;Wystarczy kilka dyskusji w gronie strajkuj\u0105cych, kilka debat na walnych zgromadzeniach, by wydoby\u0107 te i wiele innych refleksji.&nbsp;Stamt\u0105d \u0142atwiej jest podzieli\u0107 pogl\u0105d, \u017ce przysz\u0142o\u015b\u0107 emerytur nie zale\u017cy od kwestii technicznych, ale jest powi\u0105zana z kwestionowaniem systemu kapitalistycznego.<\/p>\n\n\n\n<p><strong>To, co spo\u0142eczne, tworzy polityk\u0119<\/strong><\/p>\n\n\n\n<p>Kolejna lekcja tego okresu: jak w ka\u017cdym momencie silnych walk zbiorowych naszej klasy spo\u0142ecznej, skrajna prawica nie jest ju\u017c w centrum dyskusji.&nbsp;W rzeczywisto\u015bci zorganizowanie walki klasowej jest najlepszym sposobem na jej odepchni\u0119cie.&nbsp;St\u0105d pr\u00f3by&nbsp; powrotu na scen\u0119 medialn\u0105&nbsp;<em>Rassemblement National&nbsp;<\/em>&nbsp;&nbsp;(RN) [Grupy Narodowej] z wnioskiem o wotum nieufno\u015bci dla Zgromadzenia Narodowego.&nbsp;Je\u015bli chodzi o lewic\u0119, biegnie za ruchem;&nbsp;Jej liderzy na w\u0142asny koszt podejmuj\u0105 has\u0142a zwi\u0105zkowe, ale wszyscy wiedz\u0105, \u017ce to nie oni dopu\u015bcili do istnienia obecnego ruchu i perspektyw jego kontynuacji.<\/p>\n\n\n\n<p>Musimy obstawa\u0107 przy tym, \u017ce unionizm jest polityczny, nie musi s\u0142u\u017cy\u0107 partyjnym i\/lub filozoficznym frakcjom, kt\u00f3re poza tym s\u0105 godne szacunku.&nbsp;Unionizm zrzesza tych, kt\u00f3rzy decyduj\u0105 si\u0119 organizowa\u0107 razem tylko dlatego, \u017ce nale\u017c\u0105 do tej samej klasy spo\u0142ecznej, dzia\u0142aj\u0105c w obronie dora\u017anych \u017c\u0105da\u0144 i na rzecz radykalnej transformacji spo\u0142ecze\u0144stwa.&nbsp;Ucisk zwi\u0105zany z systemem kapitalistycznym, ucisk ekonomiczny wywodz\u0105cy si\u0119 ze stosunk\u00f3w produkcji i prawa w\u0142asno\u015bci jest wsp\u00f3lny dla wszystkich ludzi&nbsp;&nbsp;<em>poni\u017cej .<\/em>.&nbsp;Tu dochodzi do konfrontacji klas.&nbsp;Wr\u0119cz przeciwnie, nie przeszkadza nam to uwa\u017ca\u0107, \u017ce istniej\u0105 inne formy ucisku, kt\u00f3rych nie nale\u017cy hierarchizowa\u0107, ani mi\u0119dzy nimi, ani przeciwko uciskowi ekonomicznemu.&nbsp;Walki przeciwko uciskowi io \u200b\u200br\u00f3wno\u015b\u0107, wolno\u015b\u0107 itp. to tak\u017ce polityka.&nbsp;Podzia\u0142 r\u00f3l, kt\u00f3ry chce, aby partia zajmowa\u0142a si\u0119 polityk\u0105, a zwi\u0105zkowcy sprawami spo\u0142ecznymi, jest \u015blep\u0105 uliczk\u0105.&nbsp;Zwi\u0105zki s\u0105, a przynajmniej powinny by\u0107 samoorganizuj\u0105cym si\u0119 narz\u0119dziem klasy robotniczej.<\/p>\n\n\n\n<p><strong>Kryzys jej&nbsp;&nbsp;&nbsp;bur\u017cuazyjnej&nbsp;<em>demokracji<\/em><\/strong><\/p>\n\n\n\n<p>Rz\u0105d polega\u0142 na swojej wzgl\u0119dnej wi\u0119kszo\u015bci i prawicy Zgromadzenia Narodowego.&nbsp;To nie jest niespodzianka.&nbsp;Przez kilka tygodni&nbsp;&nbsp;<em>reprezentacja narodowa<\/em>&nbsp;&nbsp;robi\u0142a\u2026 spektakl, teatr;&nbsp;tam te\u017c nie ma zaskoczenia.&nbsp;Opozycja dzia\u0142a\u0142a, by op\u00f3\u017ani\u0107 przyj\u0119cie tekstu, to samo zrobi\u0142 rz\u0105d, by przyspieszy\u0107 jego walidacj\u0119.&nbsp;Ka\u017cda grupa udawa\u0142a, \u017ce \u200b\u200bjest ura\u017cona \u015brodkami zastosowanymi przez drugi ob\u00f3z: mno\u017ceniem poprawek z jednej strony, g\u0142osowaniem blokowanym z drugiej.&nbsp;Jest to po prostu zwyk\u0142a gra instytucjonalna, przewidziana w Konstytucji V Republiki Francuskiej;&nbsp;ta republika w s\u0142u\u017cbie bur\u017cuazji, zbudowana na masakrze Comuneros i Comuneras z 1871 roku.<\/p>\n\n\n\n<p>W tej w\u0142a\u015bnie logice Prezydent RP zamiast podda\u0107 sw\u00f3j projekt pod g\u0142osowanie poselskie i tym samym nara\u017ca\u0107 si\u0119 na jego odrzucenie, si\u0119gn\u0105\u0142 po art. 49 ust. 3 Konstytucji.&nbsp;Chodzi o uznanie domy\u015blnie, \u017ce przedmiotowy tekst jest przyj\u0119ty, chyba \u017ce w najbli\u017cszych dniach wi\u0119kszo\u015b\u0107 pos\u0142\u00f3w przeg\u0142osuje wniosek o wotum nieufno\u015bci.&nbsp;Oczywi\u015bcie za t\u0105 opcj\u0105 kryje si\u0119 nowe arytmetyczne i demokratyczne oszustwo: podczas gdy przyj\u0119cie lub odrzucenie ustawy jest oceniane przez wzgl\u0119dn\u0105 wi\u0119kszo\u015b\u0107 (wstrzymanie si\u0119 i nieobecno\u015b\u0107 obni\u017caj\u0105 pr\u00f3g do osi\u0105gni\u0119cia, wystarczy mie\u0107 wi\u0119cej \u201eza\u201d ni\u017c \u201eprzeciw\u201d), wniosek o wotum nieufno\u015bci w wyniku zastosowania artyku\u0142u 49 ust\u0119p 3 wymaga bezwzgl\u0119dnej wi\u0119kszo\u015bci liczby mandat\u00f3w;&nbsp;w tym przypadku 287. To w efekcie odwraca potrzeb\u0119 wi\u0119kszo\u015bci w sprawie tekstu:&nbsp;Nie mog\u0105c zebra\u0107 g\u0142os\u00f3w potrzebnych do jego zatwierdzenia, rz\u0105d wymusi\u0142 na opozycji parlamentarnej zebranie 287 g\u0142os\u00f3w, aby m\u00f3g\u0142 zosta\u0107 odrzucony wotum nieufno\u015bci.&nbsp;Zgodnie z oczekiwaniami nie uda\u0142o si\u0119 tego osi\u0105gn\u0105\u0107, by\u0142o ich 278 (wi\u0119cej ni\u017c g\u0142os\u00f3w, kt\u00f3re otrzyma\u0142by rz\u0105d w przypadku zwyk\u0142ego g\u0142osowania 16 marca).<\/p>\n\n\n\n<p>Warto wspomnie\u0107, \u017ce odk\u0105d istnia\u0142 artyku\u0142 49.3, zar\u00f3wno tak zwane rz\u0105dy lewicowe, jak i tzw. s i&nbsp;&nbsp;&nbsp;33&nbsp;&nbsp;<em>prawicowych&nbsp;<\/em><em>.<\/em>.&nbsp;Od 1962 r., a konkretnie od 1981 r., \u017caden rz\u0105d, w tym si\u0142y lewicowe, kt\u00f3re od decyzji Macron\/Borne z 16 marca 2023 r. krzycza\u0142y przeciwko skandalowi, nie nakre\u015bli\u0142 reformy maj\u0105cej na celu zniesienie tej konstytucyjnej mo\u017cliwo\u015bci.&nbsp;Prawda jest taka, \u017ce \u200b\u200bdecyzja Prezydenta RP o zastosowaniu tej metody przyczyni\u0142a si\u0119 do wznowienia buntu w kraju.&nbsp;49.3 w\u0142a\u015bciwie zwie\u0144czy\u0142 ca\u0142\u0105 prac\u0119: ograniczone terminy rozpatrzenia tekstu, zablokowane g\u0142osowanie nad ca\u0142ym tekstem w Senacie, a przede wszystkim bezwstydne k\u0142amstwa od chwili przedstawienia tekstu.&nbsp;Palm\u0119 chwyci\u0142a kwestia emerytury minimalnej w wysoko\u015bci 1200 euro dla wszystkich: w pierwszych wypowiedziach dotycz\u0105cych 2 mln poszkodowanych\/os, od zaprzeczenia do zaprzeczenia, minister pracy doszed\u0142 do 10 tys.&nbsp;Innym przyk\u0142adem s\u0105 specjalne systemy emerytalne (wed\u0142ug rz\u0105du \u017ar\u00f3d\u0142o tylu bol\u0105czek): skandalicznie korzystne dla parlamentarzyst\u00f3w nie s\u0105 dotykane!&nbsp;W kraju panuje demokratyczna irytacja, zw\u0142aszcza w\u015br\u00f3d wyzyskiwanych przez system kapitalistyczny.&nbsp;Nie jest to bez zwi\u0105zku z tym, co da\u0142o pocz\u0105tek znacznej cz\u0119\u015bci ruchu&nbsp;<em>\u017c\u00f3\u0142te kamizelki<\/em>&nbsp;, z pogard\u0105 okazan\u0105 podczas kryzysu zdrowotnego Covid, gdzie o w\u0142adzy m\u00f3wiono wszystko i odwrotnie.&nbsp;G\u0142\u00f3wna lekcja, jak\u0105 nale\u017cy wyci\u0105gn\u0105\u0107 z parlamentarnej sekwencji, jest taka, \u017ce \u200b\u200bpo raz kolejny oznacza ona przepa\u015b\u0107, jaka istnieje mi\u0119dzy przedstawicielami&nbsp;&nbsp;<em>ludu<\/em>&nbsp;&nbsp;a\u2026 ludem.&nbsp;Z ca\u0142\u0105 legalno\u015bci\u0105, z najwi\u0119kszym poszanowaniem zasad tzw. demokracji przedstawicielskiej, parlament przyj\u0105\u0142 ustaw\u0119, kt\u00f3ra zosta\u0142a odrzucona przez zdecydowan\u0105 wi\u0119kszo\u015b\u0107 spo\u0142ecze\u0144stwa.&nbsp;Ruchy, organizacje i kolektywy, kt\u00f3re domagaj\u0105 si\u0119 emancypacji spo\u0142ecznej, musz\u0105 podj\u0105\u0107 ofensyw\u0119 w tej sprawie.<\/p>\n\n\n\n<p>Konieczne jest zakwestionowanie tzw. gry demokratycznej, kt\u00f3ra zaprzecza samym podstawom demokracji.&nbsp;Obecny system ma chroni\u0107 interesy pracodawc\u00f3w, akcjonariuszy, spekulant\u00f3w i kapitalist\u00f3w;&nbsp;Z\u0142udzeniem jest my\u015blenie, \u017ce narz\u0119dzia wprowadzone w celu jego utrwalenia pozwol\u0105 nam p\u00f3j\u015b\u0107 dalej!&nbsp;Nie ma sensu powtarza\u0107, \u017ce \u201epost\u0119puj\u0105c w ten spos\u00f3b, Macron \u015bcieli \u0142\u00f3\u017cko RN\u201d.&nbsp;Tak, skrajna prawica skorzysta\u2026 je\u015bli alternatywy nie zostan\u0105 upublicznione.&nbsp;Nasza dziedzina spo\u0142eczna, ta nale\u017c\u0105ca do tych, kt\u00f3rzy nie \u017cyj\u0105 z wyzysku innych, musi wznowi\u0107 ofensyw\u0119 w zakresie propozycji organizacji samozarz\u0105dzanego, egalitarnego, ekologicznego\u2026 demokratycznego spo\u0142ecze\u0144stwa, je\u015bli powr\u00f3cimy do prawdziwego znaczenia s\u0142owa.<\/p>\n\n\n\n<p><strong>przemoc policyjna<\/strong><\/p>\n\n\n\n<p>Zw\u0142aszcza od 16 marca m\u00f3wi si\u0119 o spalonych \u015bmietnikach i wybitych witrynach sklepowych.&nbsp;Z pewno\u015bci\u0105 w okresie, w kt\u00f3rym \u017cyjemy, nie s\u0105 to oznaki radykalizmu, je\u015bli pod tym poj\u0119ciem rozumiemy perspektyw\u0119 szybszego zerwania z kapitalizmem.&nbsp;Ale gniew jest wielki i szeroko rozpowszechniony;&nbsp;szkoda, \u017ce \u200b\u200bkilka koszy na \u015bmieci p\u0142aci cen\u0119!&nbsp;\u201eKilka razy m\u00f3wili\u015bmy, \u017ce przez to, \u017ce nie czuj\u0105 si\u0119 wys\u0142uchani, ludzie b\u0119d\u0105 chcieli si\u0119 zradykalizowa\u0107.&nbsp;Czuli\u015bmy, \u017ce to nadchodzi, nawet w\u015br\u00f3d naszych bojownik\u00f3w, kt\u00f3rzy nie s\u0105 anarchistami\u201d: to s\u0105 s\u0142owa przewodnicz\u0105cego Francuskiej Konfederacji Chrze\u015bcija\u0144skich Robotnik\u00f3w (CFTC)!<\/p>\n\n\n\n<p>Spos\u00f3b, w jaki w\u0142adza wykorzystuje te odosobnione wydarzenia do m\u00f3wienia o&nbsp;&nbsp;<em>przemocy<\/em>&nbsp;&nbsp;, jest nie do przyj\u0119cia.&nbsp;Przemoc polega na ch\u0119ci utraty dw\u00f3ch lat emerytury dla milion\u00f3w ludzi!&nbsp;To tak\u017ce represje policyjne, kt\u00f3re w ostatnich tygodniach zosta\u0142y mocno wzmocnione.&nbsp;W Pary\u017cu&nbsp;&nbsp;<em>Union d\u00e9partementale Solidaires<\/em>&nbsp;zadeklarowa\u0142 zamiar zorganizowania wiecu przed Zgromadzeniem Narodowym w dniu g\u0142osowania.&nbsp;Dzie\u0144 wcze\u015bniej prefekt zabroni\u0142 tej demonstracji!&nbsp;Do zniesienia zakazu konieczne by\u0142o wszcz\u0119cie post\u0119powania aktu oskar\u017cenia przed S\u0105dem Administracyjnym.&nbsp;Tysi\u0105ce ludzi zgromadzi\u0142o si\u0119 tam, gdy tylko og\u0142oszono 49,3.&nbsp;W nocy policja aresztowa\u0142a ponad 200 os\u00f3b!&nbsp;W kolejnych dniach w wielu miastach powtarza\u0142y si\u0119 demonstracje, wiece i represje policyjne.&nbsp;\u201eW\u0142adza s\u0105downicza nie s\u0142u\u017cy represjom wobec ruchu spo\u0142ecznego\u201d, Syndicat&nbsp;&nbsp;<em>de la magistrature&nbsp; dobrze podsumowa\u0142 sytuacj\u0119<\/em>[s\u0119dziowie]: \u201eZakaz demonstracji na Place de la Concorde w Pary\u017cu w dniu 18 marca przyni\u00f3s\u0142 ze sob\u0105 wiele aresztowa\u0144 zapobiegawczych bez dowod\u00f3w, aby uzna\u0107 je za wykroczenie.&nbsp;Spo\u015br\u00f3d 292 aresztowa\u0144 283 nie zako\u0144czy\u0142o si\u0119 \u015bciganiem.&nbsp;To nadu\u017cycie aresztu prewencyjnego ilustruje nadu\u017cycia organ\u00f3w \u015bcigania (&#8230;)\u201d Cytowany przyk\u0142ad odnosi si\u0119 do Pary\u017ca, ale ta sama metoda \u2013 zakaz zgromadze\u0144 lub demonstracji, aresztowania bez powodu i przemoc policyjna \u2013 zosta\u0142a zastosowana w wielu innych miastach na przestrzeni lat czas;&nbsp;Zakazano nawet wnoszenia na zgrupowania garnk\u00f3w, kt\u00f3re by\u0142y obiektem kpin na ca\u0142ym \u015bwiecie&#8230;<\/p>\n\n\n\n<p><strong>M\u0142odzie\u017c w walce<\/strong><\/p>\n\n\n\n<p>Kontrreformacja atakuje nasz\u0105 klas\u0119 spo\u0142eczn\u0105.&nbsp;S\u0142u\u017cy interesom biznesu i akcjonariuszy.&nbsp;Prawie ka\u017cdy to rozumie.&nbsp;Nie ma potrzeby po\u015bwi\u0119ca\u0107 zbyt wiele czasu i energii na omawianie szczeg\u00f3\u0142\u00f3w.&nbsp;To projekt spo\u0142ecze\u0144stwa.&nbsp;Dla wielu m\u0142odych ludzi&nbsp;&nbsp;<em>emerytura jest daleko<\/em>&nbsp;, m\u00f3wi\u0105, \u017ce&nbsp;&nbsp;<em>nie b\u0119dziemy mieli emerytury<\/em>.&nbsp;Ale rozumiej\u0105, \u017ce po przej\u015bciu na emerytur\u0119, dlaczego [zamierzaj\u0105 obni\u017cy\u0107] ubezpieczenie zdrowotne?&nbsp;Co stanie si\u0119 z p\u0142atnymi urlopami?&nbsp;A umowa o prac\u0119?&nbsp;A wynagrodzenie?&#8230; Musimy powi\u0105za\u0107 bardziej lokalne \u017c\u0105dania, kt\u00f3re ci\u0105gn\u0105 si\u0119 od miesi\u0119cy lub lat, odrzucenie kontrreformy emerytalnej i mo\u017cliwo\u015b\u0107 innej przysz\u0142o\u015bci.&nbsp;Nale\u017cy podkre\u015bli\u0107 szeroki udzia\u0142 m\u0142odzie\u017cy w demonstracjach mi\u0119dzyzawodowych, a tak\u017ce w akcjach w ramach szk\u00f3\u0142 \u015brednich i wy\u017cszych.&nbsp;Te ostatnie s\u0105 niewystarczaj\u0105ce, tak\u017ce tutaj na skutek spadku obecno\u015bci i aktywno\u015bci zwi\u0105zk\u00f3w;&nbsp;to jest to, czym musimy si\u0119 zaj\u0105\u0107, aby by\u0107 najbardziej skutecznym.<\/p>\n\n\n\n<p>Je\u015bli chodzi o m\u0142odzie\u017c, uderzaj\u0105ce jest to, \u017ce Prezydent RP woli od\u0142o\u017cy\u0107 na p\u00f3\u017aniej to, co od lat jest jednym z jego hobby.&nbsp;Ju\u017c w styczniu Macron chcia\u0142 og\u0142osi\u0107&nbsp;&nbsp;<em>uog\u00f3lnienie<\/em>&nbsp;&nbsp;Powszechnej S\u0142u\u017cby Narodowej (SNU).&nbsp;Cofn\u0105\u0142 si\u0119.&nbsp;Potem m\u00f3wiono o marcu;&nbsp;nast\u0119pnie sekretarz stanu odpowiedzialny za spraw\u0119 wspomnia\u0142 o decyzji z czerwca.&nbsp;Rz\u0105d nie rezygnuje z militarnego projektu zniewolenia m\u0142odzie\u017cy&nbsp;<a href=\"https:\/\/vientosur.info\/francia-seis-meses-de-manifestaciones-y-huelgas-hablemos-de-eso\/#_ftn17\"><strong>[17]<\/strong><\/a>&nbsp;.&nbsp;Ale bior\u0105c pod uwag\u0119 mobilizacj\u0119 m\u0142odych ludzi, w ramach ruchu przeciwko ustawie emerytalnej, a tak\u017ce na rzecz poprawy ich warunk\u00f3w nauki i \u017cycia, obawia\u0142 si\u0119, \u017ce ta zapowied\u017a uog\u00f3lnienia i\/lub obowi\u0105zku powszechnej s\u0142u\u017cby narodowej nie stanie si\u0119 bod\u017acem do jeszcze silniejszy ruch protestacyjny!<\/p>\n\n\n\n<p><strong>Od antykapitalistycznej i feministycznej walki do emerytur<\/strong><\/p>\n\n\n\n<p>Czy rozpocz\u0119cie odnawialnego strajku 7 marca zagrozi\u0142o obchodzonemu 8 marca Mi\u0119dzynarodowemu Dniu Praw Kobiet?&nbsp;Wr\u0119cz przeciwnie, umo\u017cliwi\u0142o wyra\u017ane przeniesienie dzisiejszych, ale og\u00f3lniej, walk feministycznych w ramy antykapitalistyczne w powi\u0105zaniu z walk\u0105 klasow\u0105.&nbsp;Nie zawsze jest to \u201enaturalne\u201d, nawet w kr\u0119gach zwi\u0105zkowych;&nbsp;ale wa\u017cn\u0105 kwesti\u0105 jest uczynienie tych powi\u0105za\u0144 bardzo widocznymi, nie uwa\u017canie r\u00f3\u017cnych system\u00f3w ucisku, w tym patriarchatu, za drugorz\u0119dne, ale raczej w\u0142\u0105czenie walk, kt\u00f3re mu si\u0119 sprzeciwiaj\u0105, do walki o ca\u0142kowit\u0105 emancypacj\u0119.&nbsp;Przyk\u0142adem s\u0105 grupy bojownik\u00f3w, kt\u00f3re organizuj\u0105 wycieczki i pobyty zwi\u0105zkowe w najbardziej sfeminizowanych sektorach.&nbsp;Z historycznego punktu widzenia pami\u0119tajmy, \u017ce<\/p>\n\n\n\n<p><strong>Strajk delegacyjny, referendum, Rada Konstytucyjna<\/strong><\/p>\n\n\n\n<p>Je\u015bli chodzi o og\u00f3lnokrajowy strajk OZE, by\u0142 SNCF, rafinerie, energetyka.&nbsp;Inne sektory zosta\u0142y dotkni\u0119te, ale nie na poziomie krajowym (czyszczenie) lub nie w formie ruchu odnawialnego, kt\u00f3ry mo\u017cna okre\u015bli\u0107 jako masowy.&nbsp;W obliczu trudno\u015bci zwi\u0105zanych z przed\u0142u\u017caniem strajku cz\u0119\u015b\u0107 si\u0142 spo\u0142ecznych pr\u00f3bowa\u0142a szuka\u0107 rozwi\u0105za\u0144 gdzie indziej.&nbsp;Przede wszystkim by\u0142 to powr\u00f3t do&nbsp;&nbsp;<em>strajku delegacji<\/em>: waloryzacja p\u00f3l oporu w tego typu okresach jest cz\u0119\u015bci\u0105 tej strategii.&nbsp;O ile ustanowienie takich narz\u0119dzi na d\u0142u\u017csz\u0105 met\u0119 jest konieczno\u015bci\u0105 dla ruchu zwi\u0105zkowego, to trzeba pomy\u015ble\u0107, \u017ce kiedy zaczyna si\u0119 ruch, kt\u00f3ry chce uog\u00f3lnia\u0107, nie ma sensu: z wyj\u0105tkiem emeryt\u00f3w lub bezrobotnych, kto powinien zasila\u0107 fundusze ruchu oporu, je\u015bli nie ludzie, kt\u00f3rzy powinni strajkowa\u0107?&nbsp;Wa\u017cna jest kwestia ukonstytuowania si\u0119 prawdziwych skrzynek oporu.&nbsp;Szkoda karykaturowa\u0107 jej zachowanie w ten spos\u00f3b.<\/p>\n\n\n\n<p>Opozycja parlamentarna z\u0142o\u017cy\u0142a odwo\u0142ania do Rady Konstytucyjnej;&nbsp;kto pomy\u015bla\u0142, \u017ce to ca\u0142kowicie uniewa\u017cni tekst?&nbsp;M\u00f3g\u0142 to zrobi\u0107 na tyle, by rz\u0105d wykorzysta\u0142 to jako pretekst do&nbsp;&nbsp;<em>ponownego nawi\u0105zania dialogu<\/em>&nbsp;&nbsp;, jak m\u00f3wi\u0105 obro\u0144cy dialogu spo\u0142ecznego: ale to jest zapominanie, \u017ce cel rz\u0105du, mandat kapitalist\u00f3w, pracodawc\u00f3w, akcjonariuszy nie chodzi\u0142o o k\u0142\u00f3tnie, ale o zmia\u017cd\u017cenie zwi\u0105zk\u00f3w zawodowych.&nbsp;Jak zauwa\u017cy\u0142 konstytucjonalista Dominique Rousseau, \u201eRada Konstytucyjna przyznaje, \u017ce ministrowie wydali&nbsp;&nbsp;<em>b\u0142\u0119dne szacunki<\/em>&nbsp;&nbsp;podczas debat parlamentarnych, \u017ce r\u00f3\u017cne procedury by\u0142y stosowane&nbsp;&nbsp;<em>\u0142\u0105cznie<\/em>&nbsp;przyspieszy\u0107 uchwalenie ustawy i \u017ce \u0142\u0105czne stosowanie wdro\u017conych procedur ma&nbsp;&nbsp;<em>nietypowy charakter<\/em>&nbsp;\u201d&nbsp;<em>,<\/em>&nbsp;&nbsp;ale to uprawomocni\u0142.<\/p>\n\n\n\n<p>S\u0142owo w sprawie wsp\u00f3lnego referendum w sprawie sprzeciwu wobec podniesienia wieku ustawowego powy\u017cej 62 lat.&nbsp;Zatwierdzony przez Rad\u0119 Konstytucyjn\u0105, mia\u0142by t\u0119 zalet\u0119, \u017ce zamrozi\u0142by prawo na dziewi\u0119\u0107 miesi\u0119cy;&nbsp;ale w\u00f3wczas do zatwierdzenia procesu potrzebne by\u0142oby 4,7 miliona podpis\u00f3w.&nbsp;Proces, kt\u00f3ry doprowadzi\u0142by do rozpisania referendum\u2026 o ile sam parlament nie rozpatrzy wniosku w ci\u0105gu kolejnych 6 miesi\u0119cy.&nbsp;Powr\u00f3t do punktu wyj\u015bcia!<\/p>\n\n\n\n<p><strong>Mi\u0119dzynarodowy<\/strong><\/p>\n\n\n\n<p>Nic dziwnego, \u017ce mi\u0119dzynarodowy wymiar tego, co dzieje si\u0119 obecnie we Francji, jest niemal ignorowany przez ruch spo\u0142eczny.&nbsp;Je\u015bli chodzi o dzia\u0142alno\u015b\u0107 mi\u0119dzyzawodow\u0105, jest to konsekwencj\u0105 niedostatecznego uwzgl\u0119dnienia internacjonalizmu w zwi\u0105zkach zawodowych na ca\u0142ym \u015bwiecie.&nbsp;Organizacje zwi\u0105zkowe otrzymuj\u0105 wiadomo\u015bci wsparcia od swoich odpowiednik\u00f3w w innych krajach.&nbsp;Niekt\u00f3re mi\u0119dzynarodowe obecno\u015bci s\u0105 organizowane w demonstracjach, jak organizacje cz\u0142onkowskie Mi\u0119dzynarodowej Sieci Zwi\u0105zk\u00f3w Zawodowych \u201eSolidarno\u015b\u0107 i Walka\u201d kilkakrotnie robi\u0142y to w ostatnich miesi\u0105cach.&nbsp;Przeprowadzono r\u00f3wnie\u017c dzia\u0142ania transgraniczne.&nbsp;Na demonstracj\u0119 pierwszomajow\u0105 w Pary\u017cu przyby\u0142o kilka delegacji zwi\u0105zk\u00f3w zawodowych z kilku kraj\u00f3w europejskich&nbsp;<a href=\"https:\/\/vientosur.info\/francia-seis-meses-de-manifestaciones-y-huelgas-hablemos-de-eso\/#_ftn18\"><strong>[18]<\/strong><\/a>&nbsp;.<\/p>\n\n\n\n<p>To wa\u017cne, ale nadal bardzo symboliczne.&nbsp;W Europie i poza ni\u0105 wszystkie populacje by\u0142y obiektem kapitalistycznych atak\u00f3w na emerytury;&nbsp;wszyscy stoj\u0105 tak\u017ce w obliczu tego, co le\u017cy u podstaw powszechnego gniewu, r\u00f3wnie\u017c w sercu obecnego ruchu we Francji: szerz\u0105cej si\u0119 n\u0119dzy, niepewnych miejsc pracy, niszczenia us\u0142ug publicznych, zaprzeczania demokracji, pogardy klasowej.&nbsp;Aby pozosta\u0107 przy krajach bliskich geograficznie, w Wielkiej Brytanii, Hiszpanii, Grecji, Belgii, Niemczech, Portugalii, ostatnio mia\u0142y miejsce lub nadal trwaj\u0105 wielkie strajki;&nbsp;a lista jest daleka od wyczerpuj\u0105cej.&nbsp;Jednym z kluczy do zwyci\u0119stwa spo\u0142ecznego jest r\u00f3wnie\u017c mi\u0119dzynarodowa akcja zwi\u0105zkowa.<\/p>\n\n\n\n<p><strong><em>Walka trwa<\/em>&nbsp;, dzi\u0119ki komu?<\/strong><\/p>\n\n\n\n<p>Dzi\u0119kuj\u0119 milionom ludzi, kt\u00f3rzy uczestniczyli w protestach;&nbsp;ale gdyby by\u0142y tylko te dni akcji, kryzys polityczny spowodowany masowym odrzuceniem rz\u0105dowego projektu ustawy nie by\u0142by takiej skali.&nbsp;To zas\u0142uga strajkuj\u0105cych.&nbsp;Strajki trudne, strajki niewystarczaj\u0105ce, ale strajki, kt\u00f3re powoduj\u0105, \u017ce ta ustawa mo\u017ce nie by\u0107 bliska zastosowania, \u017ce \u200b\u200bokres instytucjonalnej niestabilno\u015bci politycznej otwiera perspektywy, o ile nie zamkn\u0105 si\u0119 w tych instytucjach.&nbsp;Bez strajkuj\u0105cych rz\u0105d nie musia\u0142by ucieka\u0107 si\u0119 do 49,3;&nbsp;bez strajkuj\u0105cych kwestia referendum nie zosta\u0142aby poddana debacie publicznej;&nbsp;bez strajkuj\u0105cych grupa parlamentarna LIOT nie przedstawi\u0142aby w Zgromadzeniu Narodowym poprawki uniewa\u017cniaj\u0105cej przej\u015bcie do wieku 64 lat&#8230;<\/p>\n\n\n\n<p>Nie wygrali\u015bmy, bo rz\u0105d podpisa\u0142 ustaw\u0119.&nbsp;Ale powt\u00f3rzmy, \u017ce cel naszych przeciwnik\u00f3w klasowych by\u0142 inny:&nbsp;&nbsp;<em>chodzi\u0142o o zniszczenie ruchu zwi\u0105zkowego&nbsp;<\/em>&nbsp;(patrz dwa wykresy na ko\u0144cu artyku\u0142u, przed przypisami).&nbsp;Ponie\u015bli pora\u017ck\u0119.&nbsp;Ilustruj\u0105 to dziesi\u0105tki tysi\u0119cy nowych cz\u0142onk\u00f3w podczas tego semestru zmaga\u0144 [patrz&nbsp;&nbsp;<a href=\"https:\/\/vientosur.info\/los-sindicatos-aumentan-su-afiliacion-a-pesar-de-que-no-hay-victoria-sobre-las-pensiones\/\">artyku\u0142 opublikowany na tej stronie na ten temat<\/a>&nbsp;, bdt].&nbsp;teraz musimy&nbsp;&nbsp;<em>co\u015b zrobi\u0107<\/em>&nbsp;z tym odnowieniem zwi\u0105zku, aby to trwa\u0142o.&nbsp;Niezb\u0119dne s\u0105 organizacyjne decyzje polityczne: (ponowne) zapewnienie znacznych zasob\u00f3w mi\u0119dzybran\u017cowym Zwi\u0105zkom Lokalnym (UL), ustanowienie plan\u00f3w pracy (podr\u00f3\u017ce, sta\u0142e itp.), kt\u00f3re odpowiadaj\u0105 wsp\u00f3lnie ustalonym celom, kontynuowanie wsp\u00f3lnej pracy zwi\u0105zkowej itp.<\/p>\n\n\n\n<p>Rozumie si\u0119, \u017ce nie zagra\u017ca to tylko narodowemu&nbsp;&nbsp;<em>,<\/em>&nbsp;daleko mu do tego.&nbsp;Do ka\u017cdego zwi\u0105zkowca, ka\u017cdego bojownika, ka\u017cdej sekcji zwi\u0105zkowej, ka\u017cdego kolektywu zwi\u0105zkowego nale\u017cy decyzja, czy dzia\u0142a\u0107 na rzecz rozwoju praktyki zwi\u0105zkowej zgodnie z ambicjami transformacji spo\u0142ecznej, szerokiej walki, strajku generalnego.&nbsp;Wymaga to bardziej rozleg\u0142ej i solidnej wojowniczej struktury.&nbsp;Szkolenia zwi\u0105zkowe s\u0105 niew\u0105tpliwie jednym z priorytet\u00f3w;&nbsp;r\u00f3wnie\u017c lokalne narz\u0119dzia mi\u0119dzybran\u017cowe.<\/p>\n\n\n\n<p>Czy jeste\u015bmy \u015bwiadomi naszych trudno\u015bci w budowaniu og\u00f3lnokrajowego strajku mi\u0119dzyzawodowego?&nbsp;Konieczne jest wi\u0119c, aby cz\u0119\u015b\u0107 \u015brodk\u00f3w zwi\u0105zkowych, szczeg\u00f3lnie w czasie, ka\u017cdego bojownika s\u0142u\u017cy\u0142a rozwojowi Zwi\u0105zk\u00f3w Lokalnych, tak aby zwi\u0105zkowo\u015b\u0107 by\u0142a obecna w wielu innych firmach i us\u0142ugach i by\u0142a skierowana do wszystkich pracownik\u00f3w. status.&nbsp;Czy konieczne jest wzmacnianie lokalnych mi\u0119dzybran\u017cowych grup zwi\u0105zkowych, ale tak\u017ce w firmach i us\u0142ugach?&nbsp;Decyzje dotycz\u0105ce czasu sp\u0119dzanego z pracodawcami i wsp\u00f3\u0142pracownikami musz\u0105 by\u0107 podejmowane i egzekwowane.&nbsp;Odzyskiwanie CHSCT (Komitet ds. Higieny,<\/p>\n\n\n\n<p>Czy nie zauwa\u017cyli\u015bmy zbyt s\u0142abego udzia\u0142u strajkuj\u0105cych w walnych zgromadzeniach?&nbsp;Na co dzie\u0144 konieczne jest odbudowanie zaufania zbiorowego dzi\u0119ki zwi\u0105zkowi;&nbsp;ka\u017cdy powinien czu\u0107, \u017ce jego s\u0142owo, refleksje, pomys\u0142y s\u0105 brane pod uwag\u0119.&nbsp;W sektorach, w kt\u00f3rych zainstalowano urz\u0105dzenia przeciwuderzeniowe, nale\u017cy je zwalcza\u0107 w spos\u00f3b jednolity;&nbsp;Wsz\u0119dzie tam, gdzie&nbsp; wymagana jest&nbsp;<em>indywidualna deklaracja strajku<\/em>&nbsp;, ten manewr indywidualizuje strajk i przyczynia si\u0119 do postrzegania WZ jako bezu\u017cytecznego, bo trzeba podj\u0105\u0107 decyzj\u0119\u2026 na dwa dni wcze\u015bniej.&nbsp;Jednak AH nie jest jedyn\u0105 odpowiedzi\u0105 na r\u00f3\u017cne sytuacje.&nbsp;W wielu firmach b\u0119dzie to co\u015b, co najlepiej mo\u017cna opisa\u0107 jako&nbsp;&nbsp;<em>dyskusje mi\u0119dzy wsp\u00f3\u0142pracownikami.<\/em>;&nbsp;to te\u017c jest wa\u017cne, nawet je\u015bli jest mniej mityczne!<\/p>\n\n\n\n<p>Czy jedno\u015b\u0107 zwi\u0105zku jest wa\u017cna?&nbsp;Organizujmy si\u0119, \u017ceby to trwa\u0142o, w miastach, w firmach;&nbsp;kolporta\u017c ulotek w spos\u00f3b jednolity, zebrania, organizowanie imprez okoliczno\u015bciowych, debaty, wyrabianie&nbsp;&nbsp;<em>kart pracowniczych<\/em>&nbsp;, walki.&nbsp;Bo o jedno\u015bci nie mo\u017cna m\u00f3wi\u0107 tylko przez pryzmat narodowego Mi\u0119dzywydzia\u0142u!&nbsp;Jednak w tym sensie mo\u017cna by podj\u0105\u0107 inicjatywy;&nbsp;dynamika kobiecych zwi\u0105zk\u00f3w mi\u0119dzyzwi\u0105zkowych, zwi\u0105zk\u00f3w mi\u0119dzyzwi\u0105zkowych, kt\u00f3re istniej\u0105 od jakiego\u015b czasu w ramach dzia\u0142alno\u015bci mi\u0119dzynarodowej, prowadzonej r\u00f3wnie\u017c przeciwko skrajnej prawicy, wszystko to mo\u017cna oczywi\u015bcie poprawi\u0107, ale rozszerzy\u0107 tak\u017ce na inne kwestie.<\/p>\n\n\n\n<p>Szefowie od lat pracuj\u0105 nad rozmontowaniem kolektyw\u00f3w pracy, nad os\u0142abieniem naszego oporu i naszej walki o \u017c\u0105dania;&nbsp;Bez tego kolektywnego poczucia, tego poczucia przynale\u017cno\u015bci do klasy spo\u0142ecznej, nawet je\u015bli nie jest to wyra\u017cone wprost, trudno jest budowa\u0107&#8230; ruchy kolektywne!<\/p>\n\n\n\n<p>Nasz zwi\u0105zkowiec musi odpowiedzie\u0107 na te ataki, opieraj\u0105c si\u0119 na tym, jak \u017cyj\u0105 dzisiejsi pracownicy i jak \u017cyj\u0105 (i pracuj\u0105).&nbsp;Wyra\u017ana od po\u0142owy stycznia w kraju wi\u0119kszo\u015b\u0107 spo\u0142eczna otwiera nowe perspektywy polityczne.&nbsp;Aby strajkuj\u0105cy i protestuj\u0105cy uwa\u017cali, aby to, co zbudowali, nie zosta\u0142o skonfiskowane.&nbsp;Wr\u0119cz przeciwnie, musimy sprawi\u0107, by przynios\u0142a owoce!<\/p>\n\n\n\n<p><em>Christian Mahieux<\/em>&nbsp;, emerytowany kolejarz, jest cz\u0142onkiem SUD-Rail i Union interprofessionnelle Solidaires Val-de-Marne oraz wsp\u00f3\u0142przewodnicz\u0105cym R\u00e9seau syndical international de solidarit\u00e9 et de luttes (www.laboursolidarity.org).&nbsp;Wsp\u00f3\u0142pracownik wydawnictwa Syllepse (www.syllepse.net), jest wsp\u00f3\u0142pracownikiem Cerises la coop\u00e9rative (www.ceriseslacooperative.info) i La r\u00e9volution prol\u00e9tarienne (www.revolutionproletarienne.wordpress.com).<\/p>\n\n\n\n<p><strong>Klas:<\/strong><\/p>\n\n\n\n<p><a href=\"https:\/\/vientosur.info\/francia-seis-meses-de-manifestaciones-y-huelgas-hablemos-de-eso\/#_ftnref1\">[1]<\/a>&nbsp;&nbsp;Opr\u00f3cz tak zdefiniowanych narodowych zwi\u0105zk\u00f3w mi\u0119dzyzwi\u0105zkowych, CNT-SO i CNT zwo\u0142a\u0142y tak\u017ce demonstracje i strajki.&nbsp;To samo sta\u0142o si\u0119 na przyk\u0142ad z LAB w Kraju Bask\u00f3w czy STC w C\u00f3rcega;&nbsp;Tak by\u0142o r\u00f3wnie\u017c w przypadku wszystkich organizacji zwi\u0105zkowych powsta\u0142ych w ostatnich koloniach francuskich: USTKE w Kanaky, UGTG na Gwadelupie, CDMT na Martynice itd.<\/p>\n\n\n\n<p><a href=\"https:\/\/vientosur.info\/francia-seis-meses-de-manifestaciones-y-huelgas-hablemos-de-eso\/#_ftnref2\">[2]<\/a>&nbsp;&nbsp;Aby zilustrowa\u0107 nieustanny charakter walki klasowej w ustroju kapitalistycznym, mogliby\u015bmy cofn\u0105\u0107 si\u0119 o ponad 30 lat.&nbsp;Na przyk\u0142ad w 1987 r. wraz ze zniesieniem waloryzacji emerytur od wynagrodze\u0144 sk\u0142adek, co spowodowa\u0142o gwa\u0142towny spadek;&nbsp;najbardziej krytyczne umys\u0142y mog\u0142y wspomnie\u0107 rok 1982, wraz z dekretem z 26 marca (przej\u015bcie na emerytur\u0119 w wieku 60 lat)\u2026 kt\u00f3ry wynalaz\u0142 zasad\u0119 rabatu.<\/p>\n\n\n\n<p><a href=\"https:\/\/vientosur.info\/francia-seis-meses-de-manifestaciones-y-huelgas-hablemos-de-eso\/#_ftnref3\">[3]<\/a>&nbsp;&nbsp;40 lat temu ustawowy wiek emerytalny zosta\u0142 obni\u017cony z 65 do 60 lat.<\/p>\n\n\n\n<p><a href=\"https:\/\/vientosur.info\/francia-seis-meses-de-manifestaciones-y-huelgas-hablemos-de-eso\/#_ftnref4\">[4]<\/a>&nbsp;&nbsp;Nale\u017cy jednak zauwa\u017cy\u0107, \u017ce przy du\u017cej frekwencji 19 stycznia zwi\u0105zki zawodowe mia\u0142y okazj\u0119 do bardziej realistycznych zapowiedzi ni\u017c te, kt\u00f3re od lat podsyca\u0142y gr\u0119 \u201ewed\u0142ug policji, wed\u0142ug zwi\u0105zkowc\u00f3w\u201d;&nbsp;wszyscy wiedz\u0105, jak absurdalna sta\u0142a si\u0119 sytuacja, zw\u0142aszcza w niekt\u00f3rych miastach.<\/p>\n\n\n\n<p><a href=\"https:\/\/vientosur.info\/francia-seis-meses-de-manifestaciones-y-huelgas-hablemos-de-eso\/#_ftnref5\">[5]<\/a>&nbsp;&nbsp;W kwestii funduszy strajkowych i konieczno\u015bci stawiania pytania nie wtedy, kiedy strajk si\u0119 sko\u0144czy, ale du\u017co wcze\u015bniej iw d\u0142u\u017cszej perspektywie: Christian Mahieux, \u201eFaut-il en faire des caisses?\u201d, Les utopiques nr 13, Editions Syllepse, wiosna 2020. A tak\u017ce dossier dost\u0119pne na blogu magazynu La R\u00e9volution prol\u00e9tarienne.<\/p>\n\n\n\n<p><a href=\"https:\/\/vientosur.info\/francia-seis-meses-de-manifestaciones-y-huelgas-hablemos-de-eso\/#_ftnref6\">[6]<\/a>&nbsp;&nbsp;www.revolutionproletarienne.wordpress.com<\/p>\n\n\n\n<p><a href=\"https:\/\/vientosur.info\/francia-seis-meses-de-manifestaciones-y-huelgas-hablemos-de-eso\/#_ftnref7\">[7]<\/a>&nbsp;&nbsp;W tym \u0107wiczeniu wyr\u00f3\u017cniaj\u0105 si\u0119 pewne nurty polityczne.&nbsp;Ich przedstawiciele wykorzystuj\u0105 czas i zasoby zwi\u0105zku, aby m\u00f3wi\u0107 wszystko, co z\u0142e o ruchu zwi\u0105zkowym.<\/p>\n\n\n\n<p><a href=\"https:\/\/vientosur.info\/francia-seis-meses-de-manifestaciones-y-huelgas-hablemos-de-eso\/#_ftnref8\">[8]<\/a>&nbsp;&nbsp;M\u00f3wimy tu o prawdziwych apelach, a nie tych wysuwanych przez struktury zwi\u0105zkowe, kt\u00f3re niczego w zak\u0142adzie pracy nie reprezentuj\u0105, ani tych, kt\u00f3re tylko si\u0119 popisuj\u0105.&nbsp;Na przyk\u0142ad Federacja Port\u00f3w i Dok\u00f3w CGT prowadzi zwyk\u0142\u0105 gr\u0119: \u201ebrak strajku na czas nieokre\u015blony w portach\u201d, lecz \u201eodnawialny strajk w godzinach nadliczbowych\u201d, jak wyja\u015bniono na spotkaniu federacji CGT, podczas gdy od tygodni zwielokrotnia swoje \u201etwarde &#8222;, regularnie wzywaj\u0105c do wznowienia strajk\u00f3w w o\u015bwiadczeniach nie przekazywanych ludziom.<\/p>\n\n\n\n<p><a href=\"https:\/\/vientosur.info\/francia-seis-meses-de-manifestaciones-y-huelgas-hablemos-de-eso\/#_ftnref9\">[9]<\/a>&nbsp;&nbsp;Na blogu magazynu:&nbsp;&nbsp;<em>Retours sur la gr\u00e8ve pour les retraites<\/em>&nbsp;&nbsp;(2019-2020).<\/p>\n\n\n\n<p><a href=\"https:\/\/vientosur.info\/francia-seis-meses-de-manifestaciones-y-huelgas-hablemos-de-eso\/#_ftnref10\">[10]<\/a>&nbsp;&nbsp;W wywiadzie opublikowanym na stronie&nbsp;&nbsp;<em>www.contretemps.eu<\/em>&nbsp;W dniu 13.04.2023 r. Tony Fraquelli, pracownik kolei i bojownik CGT, odni\u00f3s\u0142 si\u0119 do innego r\u00f3wnie wa\u017cnego aspektu: \u201eNiepokoi mnie to, \u017ce spos\u00f3b, w jaki prowadzono t\u0119 walk\u0119 mi\u0119dzy pracownikami kolei, b\u0119dzie mia\u0142 konkretne konsekwencje w latach przyj\u015b\u0107.&nbsp;Poniewa\u017c oddalamy si\u0119, na przyk\u0142ad, nawet w umys\u0142ach naszych najm\u0142odszych towarzyszy, od klasowego i masowego zjednoczenia, w kt\u00f3rym nasze \u017c\u0105dania doprowadzamy do strajku w celu zablokowania \u015brodk\u00f3w produkcji, aby nasze \u017c\u0105dania zatriumfowa\u0142y poprzez masowe strajki. .&nbsp;I przeszli\u015bmy do zwi\u0105zkowc\u00f3w klasowych, gdzie najwa\u017cniejsz\u0105 rzecz\u0105 jest umieszczenie strajku na mapie, nawet je\u015bli oznacza to, \u017ce mamy tylko garstk\u0119 strajkuj\u0105cych aktywist\u00f3w, kt\u00f3rzy robi\u0105 wielki pokaz blokowania i umieszczania strajku na mapie .&nbsp;Dla nich wa\u017cne jest to, co pokazujemy.&nbsp;Sta\u0142o si\u0119 tak np. wys\u0142anie kilkuosobowych delegacji kolejarzy do blokowania spalarni, czy blokowania obwodnicy.&nbsp;Podam przyk\u0142ad sekwencji, kt\u00f3r\u0105 widzia\u0142em tutaj bardzo konkretnie, pocz\u0105wszy od Montreuil (Seine-Saint-Denis).&nbsp;Federacja handlowa zam\u00f3wi\u0142a autobus i 50 z nich opu\u015bci\u0142o rue de Paris [siedzib\u0119 CGT] na dworzec w Wersalu, gdzie wtargn\u0119li na tory z flag\u0105 kolejarzy\u2026 W drodze powrotnej niekt\u00f3rzy wr\u00f3cili do swoich biur , podczas gdy inni skr\u0119cili wok\u00f3\u0142 obwodnicy, gdzie zablokowali ruch na 15 minut.&nbsp;Nie trwa\u0142o to d\u0142ugo i nie obejmowa\u0142o wielu os\u00f3b, ale by\u0142o na ca\u0142ym Facebooku i Twitterze.&nbsp;To nie jest nasz wojowniczy zwi\u0105zkowiec.&nbsp;Niestety,&nbsp;Takie podej\u015bcie b\u0119dzie mia\u0142o konsekwencje w zakresie demobilizacji i sposobu, w jaki budujemy walki poza ruchami narodowymi.&nbsp;Ryzyko dotyczy przem\u00f3wie\u0144 i dzia\u0142a\u0144 na rzecz galerii, rodzaju ruchu zwi\u0105zkowego, kt\u00f3ry doskonale pasuje do \u015awiatowej Federacji Zwi\u0105zk\u00f3w Zawodowych (WFTU).&nbsp;[\u2026] W tym zjednoczeniu klasowym, ale nie masowym, liczy si\u0119 bycie&nbsp;<em>radykalne<\/em>&nbsp;&nbsp;i masy nie maj\u0105 znaczenia;&nbsp;w ka\u017cdym razie, je\u015bli nie ma ich z nami, s\u0105 zgubieni.&nbsp;Wi\u0119c zako\u0144czyli\u015bmy strajki ultra-mniejszo\u015bci.&nbsp;Wi\u0105\u017ce si\u0119 to r\u00f3wnie\u017c z kwesti\u0105 pude\u0142ka oporu iz tego punktu widzenia s\u0105 do\u015b\u0107 zaskakuj\u0105ce rzeczy.&nbsp;Tak jest w przypadku znanego mi zwi\u0105zku zawodowego, kt\u00f3rego nazwy nie wymieni\u0119, kt\u00f3ry zwr\u00f3ci\u0142 si\u0119 do InfoCom-CGT i LFI o pieni\u0105dze z funduszu ruchu oporu i ostatecznie otrzyma\u0142 kilkadziesi\u0105t tysi\u0119cy euro za zaledwie garstk\u0119 strajkuj\u0105cych aktywi\u015bci.&nbsp;Z pewno\u015bci\u0105 mo\u017cemy tak wytrzyma\u0107 przez d\u0142ugi czas.&nbsp;Ale niczego nie budujemy\u201d.<\/p>\n\n\n\n<p><a href=\"https:\/\/vientosur.info\/francia-seis-meses-de-manifestaciones-y-huelgas-hablemos-de-eso\/#_ftnref11\">[11]<\/a>&nbsp;&nbsp;\u201eTylko prawda jest rewolucyjna\u201d;&nbsp;Nie chodzi o to, by wiedzie\u0107, kto powiedzia\u0142 to pierwszy, ale o zweryfikowanie, czy wielu bojownik\u00f3w ruchu robotniczego to powt\u00f3rzy\u0142o\u2026 bez konieczno\u015bci trzymania si\u0119 tego!<\/p>\n\n\n\n<p><a href=\"https:\/\/vientosur.info\/francia-seis-meses-de-manifestaciones-y-huelgas-hablemos-de-eso\/#_ftnref12\">[12]<\/a>&nbsp;&nbsp;Wszystkie wymienione liczby pochodz\u0105 z \u201eoficjalnych\u201d statystyk SNCF.&nbsp;Niezale\u017cnie od tego, czy traktujemy je jako dok\u0142adne, czy nie, s\u0105 one takie w czasie i dlatego wspomniane tutaj trendy nie budz\u0105 w\u0105tpliwo\u015bci.&nbsp;S\u0105 to liczby dla wszystkich szk\u00f3\u0142 razem, bior\u0105c pod uwag\u0119, \u017ce stawki s\u0105 zawsze znacznie wy\u017csze w\u015br\u00f3d personelu operacyjnego i maszynist\u00f3w.<\/p>\n\n\n\n<p><a href=\"https:\/\/vientosur.info\/francia-seis-meses-de-manifestaciones-y-huelgas-hablemos-de-eso\/#_ftnref13\">[13]<\/a>&nbsp;&nbsp;Wed\u0142ug tych samych \u017ar\u00f3de\u0142 wska\u017anik strajk\u00f3w wyni\u00f3s\u0142 7 lutego 26,09%, a 8 lutego 9,06%.<\/p>\n\n\n\n<p><a href=\"https:\/\/vientosur.info\/francia-seis-meses-de-manifestaciones-y-huelgas-hablemos-de-eso\/#_ftnref14\">[14]<\/a>&nbsp;&nbsp;\u201eHaine, m\u00e9pris etviolence de classe\u201d, Cerises la cooperative n\u00ba 46, kwiecie\u0144 2023 r.<\/p>\n\n\n\n<p><a href=\"https:\/\/vientosur.info\/francia-seis-meses-de-manifestaciones-y-huelgas-hablemos-de-eso\/#_ftnref15\">[15]&nbsp;<\/a>&nbsp;<a href=\"http:\/\/www.ceriseslacooperative.info\/\" target=\"_blank\" rel=\"noreferrer noopener\"><strong>www.ceriseslacooperativa.info<\/strong><\/a><\/p>\n\n\n\n<p><a href=\"https:\/\/vientosur.info\/francia-seis-meses-de-manifestaciones-y-huelgas-hablemos-de-eso\/#_ftnref16\">[16]&nbsp;<\/a>&nbsp;<em>Obrona zabezpieczenia spo\u0142ecznego.&nbsp;Raport przedstawiony przez Henriego Raynauda, \u200b\u200bsekretarza CGT, przed narodowym komitetem konfederacyjnym w dniach 14 i 15 stycznia 1947 r.,<\/em>&nbsp;&nbsp;Editions syndicalistes, 2016.<\/p>\n\n\n\n<p><a href=\"https:\/\/vientosur.info\/francia-seis-meses-de-manifestaciones-y-huelgas-hablemos-de-eso\/#_ftnref17\">[17]<\/a>&nbsp;&nbsp;Wyci\u0105g z niedawnego komunikatu prasowego Collectif Non au SNU:<\/p>\n\n\n\n<p><strong>\u201eCzym jest powszechna s\u0142u\u017cba narodowa, kt\u00f3r\u0105 rz\u0105d chce uczyni\u0107 obowi\u0105zkow\u0105 dla m\u0142odych ludzi w wieku od 15 do 17 lat?<\/strong><\/p>\n\n\n\n<p>\u2013 Operacja podporz\u0105dkowania sobie m\u0142odzie\u017cy: mundur, sztandar, hierarchia, rozkazy\u2026 chodzi o zaszczepienie ducha pos\u0142usze\u0144stwa zasadom, absolutnego szacunku dla zasad.&nbsp;Zasady i normy, kt\u00f3re w wi\u0119kszo\u015bci maj\u0105 na celu jedynie utrwalenie nier\u00f3wno\u015bci i niesprawiedliwo\u015bci nieod\u0142\u0105cznie zwi\u0105zanych z obecn\u0105 organizacj\u0105 spo\u0142ecze\u0144stwa.<\/p>\n\n\n\n<p>\u2013 Kwestionowanie praw pracowniczych: z UNS ka\u017cdego roku 800 000 m\u0142odych ludzi bez praw zostanie wykorzystanych do zast\u0105pienia stanowisk obecnie zajmowanych przez pracownik\u00f3w, kt\u00f3rzy maj\u0105 wynagrodzenie, mo\u017cliwo\u015b\u0107 tworzenia zwi\u0105zk\u00f3w zawodowych, prawa indywidualne i zbiorowe.<\/p>\n\n\n\n<p>\u2013 Znaczne wydatki: pa\u0144stwo przeznaczy dodatkowy roczny wydatek w wysoko\u015bci tysi\u0105ca pi\u0119ciuset milion\u00f3w euro, aby uczyni\u0107 UNS obowi\u0105zkowym.&nbsp;Bud\u017cet armii to ju\u017c 44 miliardy euro na 2023 rok. Jest tu du\u017co pieni\u0119dzy, kt\u00f3re mog\u0142yby by\u0107 o wiele bardziej przydatne dla spo\u0142eczno\u015bci ni\u017c w r\u0119kach wojska!<\/p>\n\n\n\n<p>\u2013 Wzmocnienie militaryzacji: czujno\u015b\u0107 wojskowa, podnoszenie flagi, \u015bpiew wojownik\u00f3w, mundur, tor przeszk\u00f3d itp.&nbsp;Przyczyni si\u0119 to do indoktrynacji m\u0142odzie\u017cy.<\/p>\n\n\n\n<p>Propaganda pr\u00f3buje trywializowa\u0107 rol\u0119 wojska, kt\u00f3re stoi na czele represji na terytorium Francji, w koloniach iw r\u00f3\u017cnych regionach \u015bwiata.<\/p>\n\n\n\n<p>M\u0142odzi ludzie musz\u0105 si\u0119 zaanga\u017cowa\u0107, m\u00f3wi rz\u0105d.&nbsp;Ale ju\u017c jest!&nbsp;Przeciwko rasizmowi, aby powstrzyma\u0107 niszczenie Ziemi, aby broni\u0107 swojego prawa do nauki, za dystrybucj\u0119 bogactwa i przeciwko wyzyskowi, za prawo do mieszkania, za r\u00f3wne prawa i przeciwko dyskryminacji, itp.&nbsp;Jak mo\u017cemy m\u00f3wi\u0107 o nauce obywatelstwa, skoro ramy powierzamy wojsku?<\/p>\n\n\n\n<p><a href=\"https:\/\/vientosur.info\/francia-seis-meses-de-manifestaciones-y-huelgas-hablemos-de-eso\/#_ftnref18\">[18]<\/a>&nbsp;&nbsp;W tym na przyk\u0142ad Comisiones Obreras de Espa\u00f1a (CCOO), kt\u00f3re wraz z UGT, pracodawcami i rz\u0105dem podpisywa\u0142y od lat wszystkie porozumienia kwestionuj\u0105ce prawa emerytalne i organizuj\u0105ce przej\u015bcie na emerytur\u0119 w wieku 67 lat.&nbsp;Porozumienia zosta\u0142y p\u00f3\u017aniej przekszta\u0142cone w prawo przez kolejne rz\u0105dy prawicy lub lewicy (PS i Podemos w ostatnim odcinku).<\/p>\n\n\n\n<p>Ten artyku\u0142 ukaza\u0142 si\u0119 w czasopi\u015bmie Union syndicale Solidaires,&nbsp;&nbsp;<em>Les Utopiques<\/em>&nbsp;&nbsp;n.&nbsp;23 (edycje Syllepse, 2023).<\/p>\n\n\n\n<p>\u0179r\u00f3d\u0142o:\u00a0<a href=\"https:\/\/vientosur.info\/francia-seis-meses-de-manifestaciones-y-huelgas-hablemos-de-eso\/\">https:\/\/vientosur.info\/francia-seis-meses-de-manifestaciones-y-huelgas-hablemos-de-eso\/<\/a><\/p>\n\n\n\n<p>Link \u017ar\u00f3d\u0142owy do tego artyku\u0142u  https:\/\/rebelion.org\/francia-seis-meses-de-manifestaciones-y-huelgas\/<\/p>\n","protected":false},"excerpt":{"rendered":"<p>Autor:\u00a0Christian Mahieux \u0179r\u00f3d\u0142o:\u00a0po\u0142udniowy wiatr Od po\u0142owy stycznia 2023 r. kilkudniowe strajki i demonstracje zmobilizowa\u0142y miliony ludzi.\u00a0Zosta\u0142y zwo\u0142ane przez krajowy zwi\u0105zek mi\u0119dzyzwi\u0105zkowy, kt\u00f3ry skupia CFDT, CGT, FO, CGC, CFTC, UNSA, Solidaires i FSU\u00a0[1];\u00a0nierewolucyjny zwi\u0105zek mi\u0119dzyzwi\u0105zkowy z silnym elementem \u201edialogu spo\u0142ecznego\u201d [unionizmu].\u00a0Motywacj\u0105&#8230; <\/p>\n","protected":false},"author":2,"featured_media":2847,"comment_status":"open","ping_status":"open","sticky":false,"template":"","format":"standard","meta":{"_acf_changed":false,"_bbp_topic_count":0,"_bbp_reply_count":0,"_bbp_total_topic_count":0,"_bbp_total_reply_count":0,"_bbp_voice_count":0,"_bbp_anonymous_reply_count":0,"_bbp_topic_count_hidden":0,"_bbp_reply_count_hidden":0,"_bbp_forum_subforum_count":0,"om_disable_all_campaigns":false,"_monsterinsights_skip_tracking":false,"footnotes":""},"categories":[93],"tags":[],"class_list":["post-2846","post","type-post","status-publish","format-standard","has-post-thumbnail","hentry","category-artykuly"],"acf":[],"aioseo_notices":[],"aioseo_head":"\n\t\t<!-- All in One SEO 5.0.1.1 - aioseo.com -->\n\t<meta name=\"description\" content=\"Autor: Christian Mahieux \u0179r\u00f3d\u0142o: po\u0142udniowy wiatr Od po\u0142owy stycznia 2023 r. kilkudniowe strajki i demonstracje zmobilizowa\u0142y miliony ludzi. Zosta\u0142y zwo\u0142ane przez krajowy zwi\u0105zek mi\u0119dzyzwi\u0105zkowy, kt\u00f3ry skupia CFDT, CGT, FO, CGC, CFTC, UNSA, Solidaires i FSU [1]; nierewolucyjny zwi\u0105zek mi\u0119dzyzwi\u0105zkowy z silnym elementem \u201edialogu spo\u0142ecznego\u201d [unionizmu]. Motywacj\u0105 do tej rzadko spotykanej jedno\u015bci dzia\u0142a\u0144 zwi\u0105zkowych by\u0142 projekt ustawy o kontrreformie emerytalnej i wola\" \/>\n\t<meta name=\"robots\" content=\"max-image-preview:large\" \/>\n\t<meta name=\"author\" content=\"trinity\"\/>\n\t<link rel=\"canonical\" href=\"https:\/\/wia.net.pl\/index.php\/2023\/06\/29\/francja-szesc-miesiecy-demonstracji-i-strajkow\/\" \/>\n\t<meta name=\"generator\" content=\"All in One SEO (AIOSEO) 5.0.1.1\" \/>\n\t\t<meta property=\"og:locale\" content=\"pl_PL\" \/>\n\t\t<meta property=\"og:site_name\" content=\"Wolno\u015b\u0107 i Anarchia - Ka\u017cdy wewn\u0119trznie jest anarchist\u0105.\" \/>\n\t\t<meta property=\"og:type\" content=\"article\" \/>\n\t\t<meta property=\"og:title\" content=\"Francja, sze\u015b\u0107 miesi\u0119cy demonstracji i strajk\u00f3w - Wolno\u015b\u0107 i Anarchia\" \/>\n\t\t<meta property=\"og:description\" content=\"Autor: Christian Mahieux \u0179r\u00f3d\u0142o: po\u0142udniowy wiatr Od po\u0142owy stycznia 2023 r. kilkudniowe strajki i demonstracje zmobilizowa\u0142y miliony ludzi. Zosta\u0142y zwo\u0142ane przez krajowy zwi\u0105zek mi\u0119dzyzwi\u0105zkowy, kt\u00f3ry skupia CFDT, CGT, FO, CGC, CFTC, UNSA, Solidaires i FSU [1]; nierewolucyjny zwi\u0105zek mi\u0119dzyzwi\u0105zkowy z silnym elementem \u201edialogu spo\u0142ecznego\u201d [unionizmu]. Motywacj\u0105 do tej rzadko spotykanej jedno\u015bci dzia\u0142a\u0144 zwi\u0105zkowych by\u0142 projekt ustawy o kontrreformie emerytalnej i wola\" \/>\n\t\t<meta property=\"og:url\" content=\"https:\/\/wia.net.pl\/index.php\/2023\/06\/29\/francja-szesc-miesiecy-demonstracji-i-strajkow\/\" \/>\n\t\t<meta property=\"og:image\" content=\"https:\/\/wia.net.pl\/wp-content\/uploads\/2023\/11\/cropped-freedom-i73367.jpg\" \/>\n\t\t<meta property=\"og:image:secure_url\" content=\"https:\/\/wia.net.pl\/wp-content\/uploads\/2023\/11\/cropped-freedom-i73367.jpg\" \/>\n\t\t<meta property=\"article:published_time\" content=\"2023-06-29T08:40:45+00:00\" \/>\n\t\t<meta property=\"article:modified_time\" content=\"2023-06-29T08:40:46+00:00\" \/>\n\t\t<meta name=\"twitter:card\" content=\"summary_large_image\" \/>\n\t\t<meta name=\"twitter:title\" content=\"Francja, sze\u015b\u0107 miesi\u0119cy demonstracji i strajk\u00f3w - Wolno\u015b\u0107 i Anarchia\" \/>\n\t\t<meta name=\"twitter:description\" content=\"Autor: Christian Mahieux \u0179r\u00f3d\u0142o: po\u0142udniowy wiatr Od po\u0142owy stycznia 2023 r. kilkudniowe strajki i demonstracje zmobilizowa\u0142y miliony ludzi. Zosta\u0142y zwo\u0142ane przez krajowy zwi\u0105zek mi\u0119dzyzwi\u0105zkowy, kt\u00f3ry skupia CFDT, CGT, FO, CGC, CFTC, UNSA, Solidaires i FSU [1]; nierewolucyjny zwi\u0105zek mi\u0119dzyzwi\u0105zkowy z silnym elementem \u201edialogu spo\u0142ecznego\u201d [unionizmu]. Motywacj\u0105 do tej rzadko spotykanej jedno\u015bci dzia\u0142a\u0144 zwi\u0105zkowych by\u0142 projekt ustawy o kontrreformie emerytalnej i wola\" \/>\n\t\t<meta name=\"twitter:image\" content=\"https:\/\/wia.net.pl\/wp-content\/uploads\/2023\/11\/cropped-freedom-i73367.jpg\" \/>\n\t\t<script type=\"application\/ld+json\" class=\"aioseo-schema\">\n\t\t\t{\"@context\":\"https:\\\/\\\/schema.org\",\"@graph\":[{\"@type\":\"BlogPosting\",\"@id\":\"https:\\\/\\\/wia.net.pl\\\/index.php\\\/2023\\\/06\\\/29\\\/francja-szesc-miesiecy-demonstracji-i-strajkow\\\/#blogposting\",\"name\":\"Francja, sze\\u015b\\u0107 miesi\\u0119cy demonstracji i strajk\\u00f3w - Wolno\\u015b\\u0107 i Anarchia\",\"headline\":\"Francja, sze\\u015b\\u0107 miesi\\u0119cy demonstracji i strajk\\u00f3w\",\"author\":{\"@id\":\"https:\\\/\\\/wia.net.pl\\\/index.php\\\/author\\\/trinity\\\/#author\"},\"publisher\":{\"@id\":\"https:\\\/\\\/wia.net.pl\\\/#person\"},\"image\":{\"@type\":\"ImageObject\",\"url\":\"https:\\\/\\\/wia.net.pl\\\/wp-content\\\/uploads\\\/2023\\\/06\\\/francia-768x384-1.jpg\",\"width\":768,\"height\":384},\"datePublished\":\"2023-06-29T10:40:45+02:00\",\"dateModified\":\"2023-06-29T10:40:46+02:00\",\"inLanguage\":\"pl-PL\",\"mainEntityOfPage\":{\"@id\":\"https:\\\/\\\/wia.net.pl\\\/index.php\\\/2023\\\/06\\\/29\\\/francja-szesc-miesiecy-demonstracji-i-strajkow\\\/#webpage\"},\"isPartOf\":{\"@id\":\"https:\\\/\\\/wia.net.pl\\\/index.php\\\/2023\\\/06\\\/29\\\/francja-szesc-miesiecy-demonstracji-i-strajkow\\\/#webpage\"},\"articleSection\":\"Artyku\\u0142y\"},{\"@type\":\"BreadcrumbList\",\"@id\":\"https:\\\/\\\/wia.net.pl\\\/index.php\\\/2023\\\/06\\\/29\\\/francja-szesc-miesiecy-demonstracji-i-strajkow\\\/#breadcrumblist\",\"itemListElement\":[{\"@type\":\"ListItem\",\"@id\":\"https:\\\/\\\/wia.net.pl#listItem\",\"position\":1,\"name\":\"Home\",\"item\":\"https:\\\/\\\/wia.net.pl\",\"nextItem\":{\"@type\":\"ListItem\",\"@id\":\"https:\\\/\\\/wia.net.pl\\\/index.php\\\/category\\\/artykuly\\\/#listItem\",\"name\":\"Artyku\\u0142y\"}},{\"@type\":\"ListItem\",\"@id\":\"https:\\\/\\\/wia.net.pl\\\/index.php\\\/category\\\/artykuly\\\/#listItem\",\"position\":2,\"name\":\"Artyku\\u0142y\",\"item\":\"https:\\\/\\\/wia.net.pl\\\/index.php\\\/category\\\/artykuly\\\/\",\"nextItem\":{\"@type\":\"ListItem\",\"@id\":\"https:\\\/\\\/wia.net.pl\\\/index.php\\\/2023\\\/06\\\/29\\\/francja-szesc-miesiecy-demonstracji-i-strajkow\\\/#listItem\",\"name\":\"Francja, sze\\u015b\\u0107 miesi\\u0119cy demonstracji i strajk\\u00f3w\"},\"previousItem\":{\"@type\":\"ListItem\",\"@id\":\"https:\\\/\\\/wia.net.pl#listItem\",\"name\":\"Home\"}},{\"@type\":\"ListItem\",\"@id\":\"https:\\\/\\\/wia.net.pl\\\/index.php\\\/2023\\\/06\\\/29\\\/francja-szesc-miesiecy-demonstracji-i-strajkow\\\/#listItem\",\"position\":3,\"name\":\"Francja, sze\\u015b\\u0107 miesi\\u0119cy demonstracji i strajk\\u00f3w\",\"previousItem\":{\"@type\":\"ListItem\",\"@id\":\"https:\\\/\\\/wia.net.pl\\\/index.php\\\/category\\\/artykuly\\\/#listItem\",\"name\":\"Artyku\\u0142y\"}}]},{\"@type\":\"Person\",\"@id\":\"https:\\\/\\\/wia.net.pl\\\/#person\",\"name\":\"Bart\\u0142omiej Talarczyk\",\"image\":{\"@type\":\"ImageObject\",\"@id\":\"https:\\\/\\\/wia.net.pl\\\/index.php\\\/2023\\\/06\\\/29\\\/francja-szesc-miesiecy-demonstracji-i-strajkow\\\/#personImage\",\"url\":\"https:\\\/\\\/wia.net.pl\\\/wp-content\\\/uploads\\\/avatar-privacy\\\/cache\\\/user\\\/1\\\/7\\\/176a6b161c58363ff49b5c167264231f519f5c7fa183ca1f61e891769b6b56d5-96.jpg\",\"width\":96,\"height\":96,\"caption\":\"Bart\\u0142omiej Talarczyk\"}},{\"@type\":\"Person\",\"@id\":\"https:\\\/\\\/wia.net.pl\\\/index.php\\\/author\\\/trinity\\\/#author\",\"url\":\"https:\\\/\\\/wia.net.pl\\\/index.php\\\/author\\\/trinity\\\/\",\"name\":\"trinity\",\"image\":{\"@type\":\"ImageObject\",\"@id\":\"https:\\\/\\\/wia.net.pl\\\/index.php\\\/2023\\\/06\\\/29\\\/francja-szesc-miesiecy-demonstracji-i-strajkow\\\/#authorImage\",\"url\":\"https:\\\/\\\/wia.net.pl\\\/wp-content\\\/uploads\\\/avatar-privacy\\\/cache\\\/user\\\/5\\\/f\\\/5f6547cf82495eaa10e100a6a45d5dbde2dfdc1be88557de2018fca705bdf6f1-96.jpg\",\"width\":96,\"height\":96,\"caption\":\"trinity\"}},{\"@type\":\"WebPage\",\"@id\":\"https:\\\/\\\/wia.net.pl\\\/index.php\\\/2023\\\/06\\\/29\\\/francja-szesc-miesiecy-demonstracji-i-strajkow\\\/#webpage\",\"url\":\"https:\\\/\\\/wia.net.pl\\\/index.php\\\/2023\\\/06\\\/29\\\/francja-szesc-miesiecy-demonstracji-i-strajkow\\\/\",\"name\":\"Francja, sze\\u015b\\u0107 miesi\\u0119cy demonstracji i strajk\\u00f3w - Wolno\\u015b\\u0107 i Anarchia\",\"description\":\"Autor: Christian Mahieux \\u0179r\\u00f3d\\u0142o: po\\u0142udniowy wiatr Od po\\u0142owy stycznia 2023 r. kilkudniowe strajki i demonstracje zmobilizowa\\u0142y miliony ludzi. Zosta\\u0142y zwo\\u0142ane przez krajowy zwi\\u0105zek mi\\u0119dzyzwi\\u0105zkowy, kt\\u00f3ry skupia CFDT, CGT, FO, CGC, CFTC, UNSA, Solidaires i FSU [1]; nierewolucyjny zwi\\u0105zek mi\\u0119dzyzwi\\u0105zkowy z silnym elementem \\u201edialogu spo\\u0142ecznego\\u201d [unionizmu]. Motywacj\\u0105 do tej rzadko spotykanej jedno\\u015bci dzia\\u0142a\\u0144 zwi\\u0105zkowych by\\u0142 projekt ustawy o kontrreformie emerytalnej i wola\",\"inLanguage\":\"pl-PL\",\"isPartOf\":{\"@id\":\"https:\\\/\\\/wia.net.pl\\\/#website\"},\"breadcrumb\":{\"@id\":\"https:\\\/\\\/wia.net.pl\\\/index.php\\\/2023\\\/06\\\/29\\\/francja-szesc-miesiecy-demonstracji-i-strajkow\\\/#breadcrumblist\"},\"author\":{\"@id\":\"https:\\\/\\\/wia.net.pl\\\/index.php\\\/author\\\/trinity\\\/#author\"},\"creator\":{\"@id\":\"https:\\\/\\\/wia.net.pl\\\/index.php\\\/author\\\/trinity\\\/#author\"},\"image\":{\"@type\":\"ImageObject\",\"url\":\"https:\\\/\\\/wia.net.pl\\\/wp-content\\\/uploads\\\/2023\\\/06\\\/francia-768x384-1.jpg\",\"@id\":\"https:\\\/\\\/wia.net.pl\\\/index.php\\\/2023\\\/06\\\/29\\\/francja-szesc-miesiecy-demonstracji-i-strajkow\\\/#mainImage\",\"width\":768,\"height\":384},\"primaryImageOfPage\":{\"@id\":\"https:\\\/\\\/wia.net.pl\\\/index.php\\\/2023\\\/06\\\/29\\\/francja-szesc-miesiecy-demonstracji-i-strajkow\\\/#mainImage\"},\"datePublished\":\"2023-06-29T10:40:45+02:00\",\"dateModified\":\"2023-06-29T10:40:46+02:00\"},{\"@type\":\"WebSite\",\"@id\":\"https:\\\/\\\/wia.net.pl\\\/#website\",\"url\":\"https:\\\/\\\/wia.net.pl\\\/\",\"name\":\"Wolno\\u015b\\u0107 i Anarchia\",\"description\":\"Ka\\u017cdy wewn\\u0119trznie jest anarchist\\u0105.\",\"inLanguage\":\"pl-PL\",\"publisher\":{\"@id\":\"https:\\\/\\\/wia.net.pl\\\/#person\"}}]}\n\t\t<\/script>\n\t\t<!-- All in One SEO -->\n\n","aioseo_head_json":{"title":"Francja, sze\u015b\u0107 miesi\u0119cy demonstracji i strajk\u00f3w - Wolno\u015b\u0107 i Anarchia","description":"Autor: Christian Mahieux \u0179r\u00f3d\u0142o: po\u0142udniowy wiatr Od po\u0142owy stycznia 2023 r. kilkudniowe strajki i demonstracje zmobilizowa\u0142y miliony ludzi. Zosta\u0142y zwo\u0142ane przez krajowy zwi\u0105zek mi\u0119dzyzwi\u0105zkowy, kt\u00f3ry skupia CFDT, CGT, FO, CGC, CFTC, UNSA, Solidaires i FSU [1]; nierewolucyjny zwi\u0105zek mi\u0119dzyzwi\u0105zkowy z silnym elementem \u201edialogu spo\u0142ecznego\u201d [unionizmu]. Motywacj\u0105 do tej rzadko spotykanej jedno\u015bci dzia\u0142a\u0144 zwi\u0105zkowych by\u0142 projekt ustawy o kontrreformie emerytalnej i wola","canonical_url":"https:\/\/wia.net.pl\/index.php\/2023\/06\/29\/francja-szesc-miesiecy-demonstracji-i-strajkow\/","robots":"max-image-preview:large","keywords":"","webmasterTools":{"miscellaneous":""},"schema":{"@context":"https:\/\/schema.org","@graph":[{"@type":"BlogPosting","@id":"https:\/\/wia.net.pl\/index.php\/2023\/06\/29\/francja-szesc-miesiecy-demonstracji-i-strajkow\/#blogposting","name":"Francja, sze\u015b\u0107 miesi\u0119cy demonstracji i strajk\u00f3w - Wolno\u015b\u0107 i Anarchia","headline":"Francja, sze\u015b\u0107 miesi\u0119cy demonstracji i strajk\u00f3w","author":{"@id":"https:\/\/wia.net.pl\/index.php\/author\/trinity\/#author"},"publisher":{"@id":"https:\/\/wia.net.pl\/#person"},"image":{"@type":"ImageObject","url":"https:\/\/wia.net.pl\/wp-content\/uploads\/2023\/06\/francia-768x384-1.jpg","width":768,"height":384},"datePublished":"2023-06-29T10:40:45+02:00","dateModified":"2023-06-29T10:40:46+02:00","inLanguage":"pl-PL","mainEntityOfPage":{"@id":"https:\/\/wia.net.pl\/index.php\/2023\/06\/29\/francja-szesc-miesiecy-demonstracji-i-strajkow\/#webpage"},"isPartOf":{"@id":"https:\/\/wia.net.pl\/index.php\/2023\/06\/29\/francja-szesc-miesiecy-demonstracji-i-strajkow\/#webpage"},"articleSection":"Artyku\u0142y"},{"@type":"BreadcrumbList","@id":"https:\/\/wia.net.pl\/index.php\/2023\/06\/29\/francja-szesc-miesiecy-demonstracji-i-strajkow\/#breadcrumblist","itemListElement":[{"@type":"ListItem","@id":"https:\/\/wia.net.pl#listItem","position":1,"name":"Home","item":"https:\/\/wia.net.pl","nextItem":{"@type":"ListItem","@id":"https:\/\/wia.net.pl\/index.php\/category\/artykuly\/#listItem","name":"Artyku\u0142y"}},{"@type":"ListItem","@id":"https:\/\/wia.net.pl\/index.php\/category\/artykuly\/#listItem","position":2,"name":"Artyku\u0142y","item":"https:\/\/wia.net.pl\/index.php\/category\/artykuly\/","nextItem":{"@type":"ListItem","@id":"https:\/\/wia.net.pl\/index.php\/2023\/06\/29\/francja-szesc-miesiecy-demonstracji-i-strajkow\/#listItem","name":"Francja, sze\u015b\u0107 miesi\u0119cy demonstracji i strajk\u00f3w"},"previousItem":{"@type":"ListItem","@id":"https:\/\/wia.net.pl#listItem","name":"Home"}},{"@type":"ListItem","@id":"https:\/\/wia.net.pl\/index.php\/2023\/06\/29\/francja-szesc-miesiecy-demonstracji-i-strajkow\/#listItem","position":3,"name":"Francja, sze\u015b\u0107 miesi\u0119cy demonstracji i strajk\u00f3w","previousItem":{"@type":"ListItem","@id":"https:\/\/wia.net.pl\/index.php\/category\/artykuly\/#listItem","name":"Artyku\u0142y"}}]},{"@type":"Person","@id":"https:\/\/wia.net.pl\/#person","name":"Bart\u0142omiej Talarczyk","image":{"@type":"ImageObject","@id":"https:\/\/wia.net.pl\/index.php\/2023\/06\/29\/francja-szesc-miesiecy-demonstracji-i-strajkow\/#personImage","url":"https:\/\/wia.net.pl\/wp-content\/uploads\/avatar-privacy\/cache\/user\/1\/7\/176a6b161c58363ff49b5c167264231f519f5c7fa183ca1f61e891769b6b56d5-96.jpg","width":96,"height":96,"caption":"Bart\u0142omiej Talarczyk"}},{"@type":"Person","@id":"https:\/\/wia.net.pl\/index.php\/author\/trinity\/#author","url":"https:\/\/wia.net.pl\/index.php\/author\/trinity\/","name":"trinity","image":{"@type":"ImageObject","@id":"https:\/\/wia.net.pl\/index.php\/2023\/06\/29\/francja-szesc-miesiecy-demonstracji-i-strajkow\/#authorImage","url":"https:\/\/wia.net.pl\/wp-content\/uploads\/avatar-privacy\/cache\/user\/5\/f\/5f6547cf82495eaa10e100a6a45d5dbde2dfdc1be88557de2018fca705bdf6f1-96.jpg","width":96,"height":96,"caption":"trinity"}},{"@type":"WebPage","@id":"https:\/\/wia.net.pl\/index.php\/2023\/06\/29\/francja-szesc-miesiecy-demonstracji-i-strajkow\/#webpage","url":"https:\/\/wia.net.pl\/index.php\/2023\/06\/29\/francja-szesc-miesiecy-demonstracji-i-strajkow\/","name":"Francja, sze\u015b\u0107 miesi\u0119cy demonstracji i strajk\u00f3w - Wolno\u015b\u0107 i Anarchia","description":"Autor: Christian Mahieux \u0179r\u00f3d\u0142o: po\u0142udniowy wiatr Od po\u0142owy stycznia 2023 r. kilkudniowe strajki i demonstracje zmobilizowa\u0142y miliony ludzi. Zosta\u0142y zwo\u0142ane przez krajowy zwi\u0105zek mi\u0119dzyzwi\u0105zkowy, kt\u00f3ry skupia CFDT, CGT, FO, CGC, CFTC, UNSA, Solidaires i FSU [1]; nierewolucyjny zwi\u0105zek mi\u0119dzyzwi\u0105zkowy z silnym elementem \u201edialogu spo\u0142ecznego\u201d [unionizmu]. Motywacj\u0105 do tej rzadko spotykanej jedno\u015bci dzia\u0142a\u0144 zwi\u0105zkowych by\u0142 projekt ustawy o kontrreformie emerytalnej i wola","inLanguage":"pl-PL","isPartOf":{"@id":"https:\/\/wia.net.pl\/#website"},"breadcrumb":{"@id":"https:\/\/wia.net.pl\/index.php\/2023\/06\/29\/francja-szesc-miesiecy-demonstracji-i-strajkow\/#breadcrumblist"},"author":{"@id":"https:\/\/wia.net.pl\/index.php\/author\/trinity\/#author"},"creator":{"@id":"https:\/\/wia.net.pl\/index.php\/author\/trinity\/#author"},"image":{"@type":"ImageObject","url":"https:\/\/wia.net.pl\/wp-content\/uploads\/2023\/06\/francia-768x384-1.jpg","@id":"https:\/\/wia.net.pl\/index.php\/2023\/06\/29\/francja-szesc-miesiecy-demonstracji-i-strajkow\/#mainImage","width":768,"height":384},"primaryImageOfPage":{"@id":"https:\/\/wia.net.pl\/index.php\/2023\/06\/29\/francja-szesc-miesiecy-demonstracji-i-strajkow\/#mainImage"},"datePublished":"2023-06-29T10:40:45+02:00","dateModified":"2023-06-29T10:40:46+02:00"},{"@type":"WebSite","@id":"https:\/\/wia.net.pl\/#website","url":"https:\/\/wia.net.pl\/","name":"Wolno\u015b\u0107 i Anarchia","description":"Ka\u017cdy wewn\u0119trznie jest anarchist\u0105.","inLanguage":"pl-PL","publisher":{"@id":"https:\/\/wia.net.pl\/#person"}}]},"og:locale":"pl_PL","og:site_name":"Wolno\u015b\u0107 i Anarchia - Ka\u017cdy wewn\u0119trznie jest anarchist\u0105.","og:type":"article","og:title":"Francja, sze\u015b\u0107 miesi\u0119cy demonstracji i strajk\u00f3w - Wolno\u015b\u0107 i Anarchia","og:description":"Autor: Christian Mahieux \u0179r\u00f3d\u0142o: po\u0142udniowy wiatr Od po\u0142owy stycznia 2023 r. kilkudniowe strajki i demonstracje zmobilizowa\u0142y miliony ludzi. Zosta\u0142y zwo\u0142ane przez krajowy zwi\u0105zek mi\u0119dzyzwi\u0105zkowy, kt\u00f3ry skupia CFDT, CGT, FO, CGC, CFTC, UNSA, Solidaires i FSU [1]; nierewolucyjny zwi\u0105zek mi\u0119dzyzwi\u0105zkowy z silnym elementem \u201edialogu spo\u0142ecznego\u201d [unionizmu]. Motywacj\u0105 do tej rzadko spotykanej jedno\u015bci dzia\u0142a\u0144 zwi\u0105zkowych by\u0142 projekt ustawy o kontrreformie emerytalnej i wola","og:url":"https:\/\/wia.net.pl\/index.php\/2023\/06\/29\/francja-szesc-miesiecy-demonstracji-i-strajkow\/","og:image":"https:\/\/wia.net.pl\/wp-content\/uploads\/2023\/11\/cropped-freedom-i73367.jpg","og:image:secure_url":"https:\/\/wia.net.pl\/wp-content\/uploads\/2023\/11\/cropped-freedom-i73367.jpg","article:published_time":"2023-06-29T08:40:45+00:00","article:modified_time":"2023-06-29T08:40:46+00:00","twitter:card":"summary_large_image","twitter:title":"Francja, sze\u015b\u0107 miesi\u0119cy demonstracji i strajk\u00f3w - Wolno\u015b\u0107 i Anarchia","twitter:description":"Autor: Christian Mahieux \u0179r\u00f3d\u0142o: po\u0142udniowy wiatr Od po\u0142owy stycznia 2023 r. kilkudniowe strajki i demonstracje zmobilizowa\u0142y miliony ludzi. Zosta\u0142y zwo\u0142ane przez krajowy zwi\u0105zek mi\u0119dzyzwi\u0105zkowy, kt\u00f3ry skupia CFDT, CGT, FO, CGC, CFTC, UNSA, Solidaires i FSU [1]; nierewolucyjny zwi\u0105zek mi\u0119dzyzwi\u0105zkowy z silnym elementem \u201edialogu spo\u0142ecznego\u201d [unionizmu]. Motywacj\u0105 do tej rzadko spotykanej jedno\u015bci dzia\u0142a\u0144 zwi\u0105zkowych by\u0142 projekt ustawy o kontrreformie emerytalnej i wola","twitter:image":"https:\/\/wia.net.pl\/wp-content\/uploads\/2023\/11\/cropped-freedom-i73367.jpg"},"aioseo_meta_data":{"post_id":"2846","title":null,"description":null,"keywords":[],"keyphrases":{"focus":{"keyphrase":"","score":0,"analysis":{"keyphraseInTitle":{"score":0,"maxScore":9,"error":1}}},"additional":[]},"primary_term":null,"canonical_url":null,"og_title":null,"og_description":null,"og_object_type":"default","og_image_type":"default","og_image_url":null,"og_image_width":null,"og_image_height":null,"og_image_custom_url":null,"og_image_custom_fields":null,"og_video":"","og_custom_url":null,"og_article_section":null,"og_article_tags":[],"twitter_use_og":false,"twitter_card":"default","twitter_image_type":"default","twitter_image_url":null,"twitter_image_custom_url":null,"twitter_image_custom_fields":null,"twitter_title":null,"twitter_description":null,"schema":{"blockGraphs":[],"customGraphs":[],"default":{"data":{"Article":[],"Course":[],"Dataset":[],"FAQPage":[],"Movie":[],"Person":[],"Product":[],"ProductReview":[],"Car":[],"Recipe":[],"Service":[],"SoftwareApplication":[],"WebPage":[]},"graphName":"BlogPosting","isEnabled":true},"graphs":[]},"schema_type":"default","schema_type_options":null,"pillar_content":false,"robots_default":true,"robots_noindex":false,"robots_noarchive":false,"robots_nosnippet":false,"robots_nofollow":false,"robots_noimageindex":false,"robots_noodp":false,"robots_notranslate":false,"robots_max_snippet":"-1","robots_max_videopreview":"-1","robots_max_imagepreview":"large","priority":null,"frequency":"default","local_seo":null,"breadcrumb_settings":null,"limit_modified_date":false,"ai":null,"created":"2023-06-29 08:40:47","updated":"2025-06-04 08:28:23","seo_analyzer_scan_date":null,"focus_keyword":null,"additional_keywords":null,"truseo_locale":null},"aioseo_breadcrumb":"<div class=\"aioseo-breadcrumbs\"><span class=\"aioseo-breadcrumb\">\n\t\t\t<a href=\"https:\/\/wia.net.pl\" title=\"Home\">Home<\/a>\n\t\t<\/span><span class=\"aioseo-breadcrumb-separator\">&raquo;<\/span><span class=\"aioseo-breadcrumb\">\n\t\t\t<a href=\"https:\/\/wia.net.pl\/index.php\/category\/artykuly\/\" title=\"Artyku\u0142y\">Artyku\u0142y<\/a>\n\t\t<\/span><span class=\"aioseo-breadcrumb-separator\">&raquo;<\/span><span class=\"aioseo-breadcrumb\">\n\t\t\tFrancja, sze\u015b\u0107 miesi\u0119cy demonstracji i strajk\u00f3w\n\t\t<\/span><\/div>","aioseo_breadcrumb_json":[{"label":"Home","link":"https:\/\/wia.net.pl"},{"label":"Artyku\u0142y","link":"https:\/\/wia.net.pl\/index.php\/category\/artykuly\/"},{"label":"Francja, sze\u015b\u0107 miesi\u0119cy demonstracji i strajk\u00f3w","link":"https:\/\/wia.net.pl\/index.php\/2023\/06\/29\/francja-szesc-miesiecy-demonstracji-i-strajkow\/"}],"_links":{"self":[{"href":"https:\/\/wia.net.pl\/index.php\/wp-json\/wp\/v2\/posts\/2846"}],"collection":[{"href":"https:\/\/wia.net.pl\/index.php\/wp-json\/wp\/v2\/posts"}],"about":[{"href":"https:\/\/wia.net.pl\/index.php\/wp-json\/wp\/v2\/types\/post"}],"author":[{"embeddable":true,"href":"https:\/\/wia.net.pl\/index.php\/wp-json\/wp\/v2\/users\/2"}],"replies":[{"embeddable":true,"href":"https:\/\/wia.net.pl\/index.php\/wp-json\/wp\/v2\/comments?post=2846"}],"version-history":[{"count":1,"href":"https:\/\/wia.net.pl\/index.php\/wp-json\/wp\/v2\/posts\/2846\/revisions"}],"predecessor-version":[{"id":2848,"href":"https:\/\/wia.net.pl\/index.php\/wp-json\/wp\/v2\/posts\/2846\/revisions\/2848"}],"wp:featuredmedia":[{"embeddable":true,"href":"https:\/\/wia.net.pl\/index.php\/wp-json\/wp\/v2\/media\/2847"}],"wp:attachment":[{"href":"https:\/\/wia.net.pl\/index.php\/wp-json\/wp\/v2\/media?parent=2846"}],"wp:term":[{"taxonomy":"category","embeddable":true,"href":"https:\/\/wia.net.pl\/index.php\/wp-json\/wp\/v2\/categories?post=2846"},{"taxonomy":"post_tag","embeddable":true,"href":"https:\/\/wia.net.pl\/index.php\/wp-json\/wp\/v2\/tags?post=2846"}],"curies":[{"name":"wp","href":"https:\/\/api.w.org\/{rel}","templated":true}]}}