{"id":2850,"date":"2023-06-29T10:54:01","date_gmt":"2023-06-29T08:54:01","guid":{"rendered":"https:\/\/wia.net.pl\/?p=2850"},"modified":"2023-06-29T10:54:02","modified_gmt":"2023-06-29T08:54:02","slug":"aresztowany-i-przesluchany-przez-brytyjska-policje-antyterrorystyczna","status":"publish","type":"post","link":"https:\/\/wia.net.pl\/index.php\/2023\/06\/29\/aresztowany-i-przesluchany-przez-brytyjska-policje-antyterrorystyczna\/","title":{"rendered":"Aresztowany i przes\u0142uchany przez brytyjsk\u0105 policj\u0119 antyterrorystyczn\u0105"},"content":{"rendered":"\n<p>Autor, Mnar Adley<\/p>\n\n\n\n<p><\/p>\n\n\n\n<figure class=\"wp-block-image size-full is-resized\"><img loading=\"lazy\" decoding=\"async\" src=\"https:\/\/wia.net.pl\/wp-content\/uploads\/2023\/06\/mindcast-768x432-1.jpg\" alt=\"\" class=\"wp-image-2851\" width=\"842\" height=\"474\" srcset=\"https:\/\/wia.net.pl\/wp-content\/uploads\/2023\/06\/mindcast-768x432-1.jpg 768w, https:\/\/wia.net.pl\/wp-content\/uploads\/2023\/06\/mindcast-768x432-1-300x169.jpg 300w, https:\/\/wia.net.pl\/wp-content\/uploads\/2023\/06\/mindcast-768x432-1-480x270.jpg 480w\" sizes=\"(max-width: 842px) 100vw, 842px\" \/><\/figure>\n\n\n\n<p><strong>\u0179r\u00f3d\u0142o:<\/strong>\u00a0Wiadomo\u015bci prasowe Mint<\/p>\n\n\n\n<p>Wsp\u00f3\u0142pracownik MintPress i The Grayzone, Kit Klarenberg, zosta\u0142 zatrzymany i przes\u0142uchany podczas powrotu do Wielkiej Brytanii w zesz\u0142ym miesi\u0105cu.\u00a0Dziennikarz \u015bledczy zosta\u0142 powitany na lotnisku przez sze\u015bciu anonimowych agent\u00f3w antyterrorystycznych w cywilu, kt\u00f3rzy przej\u0119li jego urz\u0105dzenia elektroniczne i karty pami\u0119ci oraz pobrali od niego odciski palc\u00f3w i DNA.\u00a0Zgodnie z za\u0142\u0105cznikiem trzecim, sekcj\u0105 czwart\u0105 brytyjskiej ustawy o granicach i terroryzmie z 2019 r., by\u0142 przes\u0142uchiwany przez ponad pi\u0119\u0107 godzin, zadaj\u0105c dociekliwe pytania o wszystko, od jego pogl\u0105d\u00f3w na temat obecnego brytyjskiego przyw\u00f3dztwa po W\u0142adimira Putina i 11 wrze\u015bnia.\u00a0Kit Klarenberg do\u0142\u0105cza do gospodarza \u201eMintCast\u201d, Mnara Adleya, aby om\u00f3wi\u0107 incydent<\/p>\n\n\n\n<p>Dla Klarenberga prawdziwy pow\u00f3d, dla kt\u00f3rego sta\u0142 si\u0119 celem ataku, nie mia\u0142 nic wsp\u00f3lnego z terroryzmem, a jedynie z jego dziennikarstwem \u015bledczym, kt\u00f3re ujawni\u0142o machinacje pa\u0144stwa brytyjskiego.&nbsp;W ostatnich miesi\u0105cach dotyczy\u0142o to ujawnienia, \u017ce \u200b\u200bbrytyjscy szpiedzy&nbsp;&nbsp;<a rel=\"noreferrer noopener\" href=\"https:\/\/thegrayzone.com\/2022\/10\/10\/ukrainian-kerch-bridge\/\" target=\"_blank\">planowali<\/a>&nbsp;&nbsp;zbombardowanie mostu Kercze\u0144skiego na Krymie, jak rz\u0105d Wielkiej Brytanii buduje&nbsp;&nbsp;<a rel=\"noreferrer noopener\" href=\"https:\/\/thegrayzone.com\/2022\/11\/03\/british-spies-terror-army-ukraine\/\" target=\"_blank\">\u201e<\/a>&nbsp;&nbsp;tajn\u0105 armi\u0119 terroru\u201d na Ukrainie i jak najwyra\u017aniej&nbsp;&nbsp;<a rel=\"noreferrer noopener\" href=\"https:\/\/thegrayzone.com\/2022\/08\/21\/bbc-antiwar-academics-uk-intel\/\" target=\"_blank\">dzia\u0142a\u0142 brytyjski wywiad<\/a>&nbsp;z pa\u0144stwowym nadawc\u0105 BBC, aby znies\u0142awi\u0107 akademik\u00f3w -War.&nbsp;Podczas gdy Wielka Brytania nadal cieszy si\u0119 reputacj\u0105 wyspy wzgl\u0119dnej wolno\u015bci, dobrobytu i demokracji, Klarenberg zakwestionowa\u0142 ten pogl\u0105d, wskazuj\u0105c na kilka drako\u0144skich praw uchwalonych pod pozorem zapewnienia bezpiecze\u0144stwa publicznego.&nbsp;Jak powiedzia\u0142 Adleyowi:<\/p>\n\n\n\n<blockquote class=\"wp-block-quote is-layout-flow wp-block-quote-is-layout-flow\">\n<p>\u201e&nbsp;<em>Wielka Brytania przez d\u0142ugi czas mia\u0142a najbardziej kompleksowe prawa antyterrorystyczne w \u015bwiecie zachodnim i prawdopodobnie na \u015bwiecie.&nbsp;Odebrano im wielowiekowe i ci\u0119\u017cko wywalczone prawa, ochron\u0119 i wolno\u015bci, kt\u00f3rymi ciesz\u0105 si\u0119 przeci\u0119tni obywatele, i dali policji szerokie i niepokoj\u0105co niejasne uprawnienia<\/em>&nbsp;\u201d .<\/p>\n<\/blockquote>\n\n\n\n<p>Raporty Klarenberga ujawni\u0142y r\u00f3wnie\u017c wiele powi\u0105za\u0144 mi\u0119dzy uznanymi mediami korporacyjnymi a pa\u0144stwem bezpiecze\u0144stwa narodowego Wielkiej Brytanii, do tego stopnia, \u017ce \u200b\u200bczasami trudno jest stwierdzi\u0107, gdzie ko\u0144czy si\u0119 jedno, a zaczyna drugie.&nbsp;Tak, jak powiedzia\u0142:<\/p>\n\n\n\n<blockquote class=\"wp-block-quote is-layout-flow wp-block-quote-is-layout-flow\">\n<p>\u201e&nbsp;<em>Zdecydowana wi\u0119kszo\u015b\u0107 wiadomo\u015bci, kt\u00f3re obywatele brytyjscy czytaj\u0105 w mediach, jest redagowana, cenzurowana, a by\u0107 mo\u017ce nawet pisana przez brytyjskie si\u0142y bezpiecze\u0144stwa narodowego<\/em>&nbsp;\u201d.<\/p>\n<\/blockquote>\n\n\n\n<p>Jego aresztowanie wywo\u0142a\u0142o oburzenie na ca\u0142ym \u015bwiecie w mediach spo\u0142eczno\u015bciowych, ale nie wywo\u0142a\u0142o podobnej reakcji ze strony oficjalnych organizacji zajmuj\u0105cych si\u0119 wolno\u015bci\u0105 prasy.\u00a0National Union of Journalists, najwi\u0119kszy zwi\u0105zek medi\u00f3w w Wielkiej Brytanii, wyda\u0142 do\u015b\u0107 skromne o\u015bwiadczenie, w kt\u00f3rym wyrazi\u0142 zaniepokojenie ich traktowaniem.\u00a0Jednak wkr\u00f3tce potem organizacja wycofa\u0142a sw\u00f3j protest i przemilcza\u0142a t\u0119 spraw\u0119, prawdopodobnie z powodu tego, co Klarenberg nazwa\u0142 \u201eogromn\u0105 presj\u0105 ze strony niezliczonych ludzi, kt\u00f3rych wkurzy\u0142em przez lata\u201d.\u00a0Dla wielu sprawa Klarenberga wydaje si\u0119 niesamowicie przypomina\u0107 traktowanie innego dziennikarza zapomnianego przez jego koleg\u00f3w z g\u0142\u00f3wnego nurtu: Juliana Assange&#8217;a.\u00a0Assange pozostaje zamkni\u0119ty w londy\u0144skim wi\u0119zieniu Belmarsh o zaostrzonym rygorze, podczas gdy w\u0142adze brytyjskie negocjuj\u0105 ze swoimi ameryka\u0144skimi odpowiednikami, czy wys\u0142a\u0107 go do Stan\u00f3w Zjednoczonych.\u00a0Oczywiste jest, \u017ce krytyczne dziennikarstwo \u015bledcze jest atakowane, a ci, kt\u00f3rzy ceni\u0105 sobie wolno\u015b\u0107 prasy, musz\u0105 si\u0119 zjednoczy\u0107, aby z tym walczy\u0107.\u00a0Do\u0142\u0105cz do nas, aby us\u0142ysze\u0107 o krytycznie wa\u017cnej historii dotycz\u0105cej wolno\u015bci prasy.\u00a0<\/p>\n\n\n\n<p>\u0179r\u00f3d\u0142o   https:\/\/rebelion.org\/detenido-e-interrogado-por-la-policia-antiterrorista-britanica\/<\/p>\n","protected":false},"excerpt":{"rendered":"<p>Autor, Mnar Adley \u0179r\u00f3d\u0142o:\u00a0Wiadomo\u015bci prasowe Mint Wsp\u00f3\u0142pracownik MintPress i The Grayzone, Kit Klarenberg, zosta\u0142 zatrzymany i przes\u0142uchany podczas powrotu do Wielkiej Brytanii w zesz\u0142ym miesi\u0105cu.\u00a0Dziennikarz \u015bledczy zosta\u0142 powitany na lotnisku przez sze\u015bciu anonimowych agent\u00f3w antyterrorystycznych w cywilu, kt\u00f3rzy przej\u0119li jego&#8230; <\/p>\n","protected":false},"author":2,"featured_media":2852,"comment_status":"open","ping_status":"open","sticky":false,"template":"","format":"standard","meta":{"_acf_changed":false,"_bbp_topic_count":0,"_bbp_reply_count":0,"_bbp_total_topic_count":0,"_bbp_total_reply_count":0,"_bbp_voice_count":0,"_bbp_anonymous_reply_count":0,"_bbp_topic_count_hidden":0,"_bbp_reply_count_hidden":0,"_bbp_forum_subforum_count":0,"om_disable_all_campaigns":false,"_monsterinsights_skip_tracking":false,"footnotes":""},"categories":[93],"tags":[],"class_list":["post-2850","post","type-post","status-publish","format-standard","has-post-thumbnail","hentry","category-artykuly"],"acf":[],"aioseo_notices":[],"aioseo_head":"\n\t\t<!-- All in One SEO 5.0.1.1 - aioseo.com -->\n\t<meta name=\"description\" content=\"Autor, Mnar Adley \u0179r\u00f3d\u0142o: Wiadomo\u015bci prasowe Mint Wsp\u00f3\u0142pracownik MintPress i The Grayzone, Kit Klarenberg, zosta\u0142 zatrzymany i przes\u0142uchany podczas powrotu do Wielkiej Brytanii w zesz\u0142ym miesi\u0105cu. Dziennikarz \u015bledczy zosta\u0142 powitany na lotnisku przez sze\u015bciu anonimowych agent\u00f3w antyterrorystycznych w cywilu, kt\u00f3rzy przej\u0119li jego urz\u0105dzenia elektroniczne i karty pami\u0119ci oraz pobrali od niego odciski palc\u00f3w i DNA. Zgodnie z za\u0142\u0105cznikiem\" \/>\n\t<meta name=\"robots\" content=\"max-image-preview:large\" \/>\n\t<meta name=\"author\" content=\"trinity\"\/>\n\t<link rel=\"canonical\" href=\"https:\/\/wia.net.pl\/index.php\/2023\/06\/29\/aresztowany-i-przesluchany-przez-brytyjska-policje-antyterrorystyczna\/\" \/>\n\t<meta name=\"generator\" content=\"All in One SEO (AIOSEO) 5.0.1.1\" \/>\n\t\t<meta property=\"og:locale\" content=\"pl_PL\" \/>\n\t\t<meta property=\"og:site_name\" content=\"Wolno\u015b\u0107 i Anarchia - Ka\u017cdy wewn\u0119trznie jest anarchist\u0105.\" \/>\n\t\t<meta property=\"og:type\" content=\"article\" \/>\n\t\t<meta property=\"og:title\" content=\"Aresztowany i przes\u0142uchany przez brytyjsk\u0105 policj\u0119 antyterrorystyczn\u0105 - Wolno\u015b\u0107 i Anarchia\" \/>\n\t\t<meta property=\"og:description\" content=\"Autor, Mnar Adley \u0179r\u00f3d\u0142o: Wiadomo\u015bci prasowe Mint Wsp\u00f3\u0142pracownik MintPress i The Grayzone, Kit Klarenberg, zosta\u0142 zatrzymany i przes\u0142uchany podczas powrotu do Wielkiej Brytanii w zesz\u0142ym miesi\u0105cu. Dziennikarz \u015bledczy zosta\u0142 powitany na lotnisku przez sze\u015bciu anonimowych agent\u00f3w antyterrorystycznych w cywilu, kt\u00f3rzy przej\u0119li jego urz\u0105dzenia elektroniczne i karty pami\u0119ci oraz pobrali od niego odciski palc\u00f3w i DNA. Zgodnie z za\u0142\u0105cznikiem\" \/>\n\t\t<meta property=\"og:url\" content=\"https:\/\/wia.net.pl\/index.php\/2023\/06\/29\/aresztowany-i-przesluchany-przez-brytyjska-policje-antyterrorystyczna\/\" \/>\n\t\t<meta property=\"og:image\" content=\"https:\/\/wia.net.pl\/wp-content\/uploads\/2023\/11\/cropped-freedom-i73367.jpg\" \/>\n\t\t<meta property=\"og:image:secure_url\" content=\"https:\/\/wia.net.pl\/wp-content\/uploads\/2023\/11\/cropped-freedom-i73367.jpg\" \/>\n\t\t<meta property=\"article:published_time\" content=\"2023-06-29T08:54:01+00:00\" \/>\n\t\t<meta property=\"article:modified_time\" content=\"2023-06-29T08:54:02+00:00\" \/>\n\t\t<meta name=\"twitter:card\" content=\"summary_large_image\" \/>\n\t\t<meta name=\"twitter:title\" content=\"Aresztowany i przes\u0142uchany przez brytyjsk\u0105 policj\u0119 antyterrorystyczn\u0105 - Wolno\u015b\u0107 i Anarchia\" \/>\n\t\t<meta name=\"twitter:description\" content=\"Autor, Mnar Adley \u0179r\u00f3d\u0142o: Wiadomo\u015bci prasowe Mint Wsp\u00f3\u0142pracownik MintPress i The Grayzone, Kit Klarenberg, zosta\u0142 zatrzymany i przes\u0142uchany podczas powrotu do Wielkiej Brytanii w zesz\u0142ym miesi\u0105cu. Dziennikarz \u015bledczy zosta\u0142 powitany na lotnisku przez sze\u015bciu anonimowych agent\u00f3w antyterrorystycznych w cywilu, kt\u00f3rzy przej\u0119li jego urz\u0105dzenia elektroniczne i karty pami\u0119ci oraz pobrali od niego odciski palc\u00f3w i DNA. Zgodnie z za\u0142\u0105cznikiem\" \/>\n\t\t<meta name=\"twitter:image\" content=\"https:\/\/wia.net.pl\/wp-content\/uploads\/2023\/11\/cropped-freedom-i73367.jpg\" \/>\n\t\t<script type=\"application\/ld+json\" class=\"aioseo-schema\">\n\t\t\t{\"@context\":\"https:\\\/\\\/schema.org\",\"@graph\":[{\"@type\":\"BlogPosting\",\"@id\":\"https:\\\/\\\/wia.net.pl\\\/index.php\\\/2023\\\/06\\\/29\\\/aresztowany-i-przesluchany-przez-brytyjska-policje-antyterrorystyczna\\\/#blogposting\",\"name\":\"Aresztowany i przes\\u0142uchany przez brytyjsk\\u0105 policj\\u0119 antyterrorystyczn\\u0105 - Wolno\\u015b\\u0107 i Anarchia\",\"headline\":\"Aresztowany i przes\\u0142uchany przez brytyjsk\\u0105 policj\\u0119 antyterrorystyczn\\u0105\",\"author\":{\"@id\":\"https:\\\/\\\/wia.net.pl\\\/index.php\\\/author\\\/trinity\\\/#author\"},\"publisher\":{\"@id\":\"https:\\\/\\\/wia.net.pl\\\/#person\"},\"image\":{\"@type\":\"ImageObject\",\"url\":\"https:\\\/\\\/wia.net.pl\\\/wp-content\\\/uploads\\\/2023\\\/06\\\/mindcast-768x432-2.jpg\",\"width\":768,\"height\":432},\"datePublished\":\"2023-06-29T10:54:01+02:00\",\"dateModified\":\"2023-06-29T10:54:02+02:00\",\"inLanguage\":\"pl-PL\",\"mainEntityOfPage\":{\"@id\":\"https:\\\/\\\/wia.net.pl\\\/index.php\\\/2023\\\/06\\\/29\\\/aresztowany-i-przesluchany-przez-brytyjska-policje-antyterrorystyczna\\\/#webpage\"},\"isPartOf\":{\"@id\":\"https:\\\/\\\/wia.net.pl\\\/index.php\\\/2023\\\/06\\\/29\\\/aresztowany-i-przesluchany-przez-brytyjska-policje-antyterrorystyczna\\\/#webpage\"},\"articleSection\":\"Artyku\\u0142y\"},{\"@type\":\"BreadcrumbList\",\"@id\":\"https:\\\/\\\/wia.net.pl\\\/index.php\\\/2023\\\/06\\\/29\\\/aresztowany-i-przesluchany-przez-brytyjska-policje-antyterrorystyczna\\\/#breadcrumblist\",\"itemListElement\":[{\"@type\":\"ListItem\",\"@id\":\"https:\\\/\\\/wia.net.pl#listItem\",\"position\":1,\"name\":\"Home\",\"item\":\"https:\\\/\\\/wia.net.pl\",\"nextItem\":{\"@type\":\"ListItem\",\"@id\":\"https:\\\/\\\/wia.net.pl\\\/index.php\\\/category\\\/artykuly\\\/#listItem\",\"name\":\"Artyku\\u0142y\"}},{\"@type\":\"ListItem\",\"@id\":\"https:\\\/\\\/wia.net.pl\\\/index.php\\\/category\\\/artykuly\\\/#listItem\",\"position\":2,\"name\":\"Artyku\\u0142y\",\"item\":\"https:\\\/\\\/wia.net.pl\\\/index.php\\\/category\\\/artykuly\\\/\",\"nextItem\":{\"@type\":\"ListItem\",\"@id\":\"https:\\\/\\\/wia.net.pl\\\/index.php\\\/2023\\\/06\\\/29\\\/aresztowany-i-przesluchany-przez-brytyjska-policje-antyterrorystyczna\\\/#listItem\",\"name\":\"Aresztowany i przes\\u0142uchany przez brytyjsk\\u0105 policj\\u0119 antyterrorystyczn\\u0105\"},\"previousItem\":{\"@type\":\"ListItem\",\"@id\":\"https:\\\/\\\/wia.net.pl#listItem\",\"name\":\"Home\"}},{\"@type\":\"ListItem\",\"@id\":\"https:\\\/\\\/wia.net.pl\\\/index.php\\\/2023\\\/06\\\/29\\\/aresztowany-i-przesluchany-przez-brytyjska-policje-antyterrorystyczna\\\/#listItem\",\"position\":3,\"name\":\"Aresztowany i przes\\u0142uchany przez brytyjsk\\u0105 policj\\u0119 antyterrorystyczn\\u0105\",\"previousItem\":{\"@type\":\"ListItem\",\"@id\":\"https:\\\/\\\/wia.net.pl\\\/index.php\\\/category\\\/artykuly\\\/#listItem\",\"name\":\"Artyku\\u0142y\"}}]},{\"@type\":\"Person\",\"@id\":\"https:\\\/\\\/wia.net.pl\\\/#person\",\"name\":\"Bart\\u0142omiej Talarczyk\",\"image\":{\"@type\":\"ImageObject\",\"@id\":\"https:\\\/\\\/wia.net.pl\\\/index.php\\\/2023\\\/06\\\/29\\\/aresztowany-i-przesluchany-przez-brytyjska-policje-antyterrorystyczna\\\/#personImage\",\"url\":\"https:\\\/\\\/wia.net.pl\\\/wp-content\\\/uploads\\\/avatar-privacy\\\/cache\\\/user\\\/1\\\/7\\\/176a6b161c58363ff49b5c167264231f519f5c7fa183ca1f61e891769b6b56d5-96.jpg\",\"width\":96,\"height\":96,\"caption\":\"Bart\\u0142omiej Talarczyk\"}},{\"@type\":\"Person\",\"@id\":\"https:\\\/\\\/wia.net.pl\\\/index.php\\\/author\\\/trinity\\\/#author\",\"url\":\"https:\\\/\\\/wia.net.pl\\\/index.php\\\/author\\\/trinity\\\/\",\"name\":\"trinity\",\"image\":{\"@type\":\"ImageObject\",\"@id\":\"https:\\\/\\\/wia.net.pl\\\/index.php\\\/2023\\\/06\\\/29\\\/aresztowany-i-przesluchany-przez-brytyjska-policje-antyterrorystyczna\\\/#authorImage\",\"url\":\"https:\\\/\\\/wia.net.pl\\\/wp-content\\\/uploads\\\/avatar-privacy\\\/cache\\\/user\\\/5\\\/f\\\/5f6547cf82495eaa10e100a6a45d5dbde2dfdc1be88557de2018fca705bdf6f1-96.jpg\",\"width\":96,\"height\":96,\"caption\":\"trinity\"}},{\"@type\":\"WebPage\",\"@id\":\"https:\\\/\\\/wia.net.pl\\\/index.php\\\/2023\\\/06\\\/29\\\/aresztowany-i-przesluchany-przez-brytyjska-policje-antyterrorystyczna\\\/#webpage\",\"url\":\"https:\\\/\\\/wia.net.pl\\\/index.php\\\/2023\\\/06\\\/29\\\/aresztowany-i-przesluchany-przez-brytyjska-policje-antyterrorystyczna\\\/\",\"name\":\"Aresztowany i przes\\u0142uchany przez brytyjsk\\u0105 policj\\u0119 antyterrorystyczn\\u0105 - Wolno\\u015b\\u0107 i Anarchia\",\"description\":\"Autor, Mnar Adley \\u0179r\\u00f3d\\u0142o: Wiadomo\\u015bci prasowe Mint Wsp\\u00f3\\u0142pracownik MintPress i The Grayzone, Kit Klarenberg, zosta\\u0142 zatrzymany i przes\\u0142uchany podczas powrotu do Wielkiej Brytanii w zesz\\u0142ym miesi\\u0105cu. Dziennikarz \\u015bledczy zosta\\u0142 powitany na lotnisku przez sze\\u015bciu anonimowych agent\\u00f3w antyterrorystycznych w cywilu, kt\\u00f3rzy przej\\u0119li jego urz\\u0105dzenia elektroniczne i karty pami\\u0119ci oraz pobrali od niego odciski palc\\u00f3w i DNA. Zgodnie z za\\u0142\\u0105cznikiem\",\"inLanguage\":\"pl-PL\",\"isPartOf\":{\"@id\":\"https:\\\/\\\/wia.net.pl\\\/#website\"},\"breadcrumb\":{\"@id\":\"https:\\\/\\\/wia.net.pl\\\/index.php\\\/2023\\\/06\\\/29\\\/aresztowany-i-przesluchany-przez-brytyjska-policje-antyterrorystyczna\\\/#breadcrumblist\"},\"author\":{\"@id\":\"https:\\\/\\\/wia.net.pl\\\/index.php\\\/author\\\/trinity\\\/#author\"},\"creator\":{\"@id\":\"https:\\\/\\\/wia.net.pl\\\/index.php\\\/author\\\/trinity\\\/#author\"},\"image\":{\"@type\":\"ImageObject\",\"url\":\"https:\\\/\\\/wia.net.pl\\\/wp-content\\\/uploads\\\/2023\\\/06\\\/mindcast-768x432-2.jpg\",\"@id\":\"https:\\\/\\\/wia.net.pl\\\/index.php\\\/2023\\\/06\\\/29\\\/aresztowany-i-przesluchany-przez-brytyjska-policje-antyterrorystyczna\\\/#mainImage\",\"width\":768,\"height\":432},\"primaryImageOfPage\":{\"@id\":\"https:\\\/\\\/wia.net.pl\\\/index.php\\\/2023\\\/06\\\/29\\\/aresztowany-i-przesluchany-przez-brytyjska-policje-antyterrorystyczna\\\/#mainImage\"},\"datePublished\":\"2023-06-29T10:54:01+02:00\",\"dateModified\":\"2023-06-29T10:54:02+02:00\"},{\"@type\":\"WebSite\",\"@id\":\"https:\\\/\\\/wia.net.pl\\\/#website\",\"url\":\"https:\\\/\\\/wia.net.pl\\\/\",\"name\":\"Wolno\\u015b\\u0107 i Anarchia\",\"description\":\"Ka\\u017cdy wewn\\u0119trznie jest anarchist\\u0105.\",\"inLanguage\":\"pl-PL\",\"publisher\":{\"@id\":\"https:\\\/\\\/wia.net.pl\\\/#person\"}}]}\n\t\t<\/script>\n\t\t<!-- All in One SEO -->\n\n","aioseo_head_json":{"title":"Aresztowany i przes\u0142uchany przez brytyjsk\u0105 policj\u0119 antyterrorystyczn\u0105 - Wolno\u015b\u0107 i Anarchia","description":"Autor, Mnar Adley \u0179r\u00f3d\u0142o: Wiadomo\u015bci prasowe Mint Wsp\u00f3\u0142pracownik MintPress i The Grayzone, Kit Klarenberg, zosta\u0142 zatrzymany i przes\u0142uchany podczas powrotu do Wielkiej Brytanii w zesz\u0142ym miesi\u0105cu. Dziennikarz \u015bledczy zosta\u0142 powitany na lotnisku przez sze\u015bciu anonimowych agent\u00f3w antyterrorystycznych w cywilu, kt\u00f3rzy przej\u0119li jego urz\u0105dzenia elektroniczne i karty pami\u0119ci oraz pobrali od niego odciski palc\u00f3w i DNA. Zgodnie z za\u0142\u0105cznikiem","canonical_url":"https:\/\/wia.net.pl\/index.php\/2023\/06\/29\/aresztowany-i-przesluchany-przez-brytyjska-policje-antyterrorystyczna\/","robots":"max-image-preview:large","keywords":"","webmasterTools":{"miscellaneous":""},"schema":{"@context":"https:\/\/schema.org","@graph":[{"@type":"BlogPosting","@id":"https:\/\/wia.net.pl\/index.php\/2023\/06\/29\/aresztowany-i-przesluchany-przez-brytyjska-policje-antyterrorystyczna\/#blogposting","name":"Aresztowany i przes\u0142uchany przez brytyjsk\u0105 policj\u0119 antyterrorystyczn\u0105 - Wolno\u015b\u0107 i Anarchia","headline":"Aresztowany i przes\u0142uchany przez brytyjsk\u0105 policj\u0119 antyterrorystyczn\u0105","author":{"@id":"https:\/\/wia.net.pl\/index.php\/author\/trinity\/#author"},"publisher":{"@id":"https:\/\/wia.net.pl\/#person"},"image":{"@type":"ImageObject","url":"https:\/\/wia.net.pl\/wp-content\/uploads\/2023\/06\/mindcast-768x432-2.jpg","width":768,"height":432},"datePublished":"2023-06-29T10:54:01+02:00","dateModified":"2023-06-29T10:54:02+02:00","inLanguage":"pl-PL","mainEntityOfPage":{"@id":"https:\/\/wia.net.pl\/index.php\/2023\/06\/29\/aresztowany-i-przesluchany-przez-brytyjska-policje-antyterrorystyczna\/#webpage"},"isPartOf":{"@id":"https:\/\/wia.net.pl\/index.php\/2023\/06\/29\/aresztowany-i-przesluchany-przez-brytyjska-policje-antyterrorystyczna\/#webpage"},"articleSection":"Artyku\u0142y"},{"@type":"BreadcrumbList","@id":"https:\/\/wia.net.pl\/index.php\/2023\/06\/29\/aresztowany-i-przesluchany-przez-brytyjska-policje-antyterrorystyczna\/#breadcrumblist","itemListElement":[{"@type":"ListItem","@id":"https:\/\/wia.net.pl#listItem","position":1,"name":"Home","item":"https:\/\/wia.net.pl","nextItem":{"@type":"ListItem","@id":"https:\/\/wia.net.pl\/index.php\/category\/artykuly\/#listItem","name":"Artyku\u0142y"}},{"@type":"ListItem","@id":"https:\/\/wia.net.pl\/index.php\/category\/artykuly\/#listItem","position":2,"name":"Artyku\u0142y","item":"https:\/\/wia.net.pl\/index.php\/category\/artykuly\/","nextItem":{"@type":"ListItem","@id":"https:\/\/wia.net.pl\/index.php\/2023\/06\/29\/aresztowany-i-przesluchany-przez-brytyjska-policje-antyterrorystyczna\/#listItem","name":"Aresztowany i przes\u0142uchany przez brytyjsk\u0105 policj\u0119 antyterrorystyczn\u0105"},"previousItem":{"@type":"ListItem","@id":"https:\/\/wia.net.pl#listItem","name":"Home"}},{"@type":"ListItem","@id":"https:\/\/wia.net.pl\/index.php\/2023\/06\/29\/aresztowany-i-przesluchany-przez-brytyjska-policje-antyterrorystyczna\/#listItem","position":3,"name":"Aresztowany i przes\u0142uchany przez brytyjsk\u0105 policj\u0119 antyterrorystyczn\u0105","previousItem":{"@type":"ListItem","@id":"https:\/\/wia.net.pl\/index.php\/category\/artykuly\/#listItem","name":"Artyku\u0142y"}}]},{"@type":"Person","@id":"https:\/\/wia.net.pl\/#person","name":"Bart\u0142omiej Talarczyk","image":{"@type":"ImageObject","@id":"https:\/\/wia.net.pl\/index.php\/2023\/06\/29\/aresztowany-i-przesluchany-przez-brytyjska-policje-antyterrorystyczna\/#personImage","url":"https:\/\/wia.net.pl\/wp-content\/uploads\/avatar-privacy\/cache\/user\/1\/7\/176a6b161c58363ff49b5c167264231f519f5c7fa183ca1f61e891769b6b56d5-96.jpg","width":96,"height":96,"caption":"Bart\u0142omiej Talarczyk"}},{"@type":"Person","@id":"https:\/\/wia.net.pl\/index.php\/author\/trinity\/#author","url":"https:\/\/wia.net.pl\/index.php\/author\/trinity\/","name":"trinity","image":{"@type":"ImageObject","@id":"https:\/\/wia.net.pl\/index.php\/2023\/06\/29\/aresztowany-i-przesluchany-przez-brytyjska-policje-antyterrorystyczna\/#authorImage","url":"https:\/\/wia.net.pl\/wp-content\/uploads\/avatar-privacy\/cache\/user\/5\/f\/5f6547cf82495eaa10e100a6a45d5dbde2dfdc1be88557de2018fca705bdf6f1-96.jpg","width":96,"height":96,"caption":"trinity"}},{"@type":"WebPage","@id":"https:\/\/wia.net.pl\/index.php\/2023\/06\/29\/aresztowany-i-przesluchany-przez-brytyjska-policje-antyterrorystyczna\/#webpage","url":"https:\/\/wia.net.pl\/index.php\/2023\/06\/29\/aresztowany-i-przesluchany-przez-brytyjska-policje-antyterrorystyczna\/","name":"Aresztowany i przes\u0142uchany przez brytyjsk\u0105 policj\u0119 antyterrorystyczn\u0105 - Wolno\u015b\u0107 i Anarchia","description":"Autor, Mnar Adley \u0179r\u00f3d\u0142o: Wiadomo\u015bci prasowe Mint Wsp\u00f3\u0142pracownik MintPress i The Grayzone, Kit Klarenberg, zosta\u0142 zatrzymany i przes\u0142uchany podczas powrotu do Wielkiej Brytanii w zesz\u0142ym miesi\u0105cu. Dziennikarz \u015bledczy zosta\u0142 powitany na lotnisku przez sze\u015bciu anonimowych agent\u00f3w antyterrorystycznych w cywilu, kt\u00f3rzy przej\u0119li jego urz\u0105dzenia elektroniczne i karty pami\u0119ci oraz pobrali od niego odciski palc\u00f3w i DNA. Zgodnie z za\u0142\u0105cznikiem","inLanguage":"pl-PL","isPartOf":{"@id":"https:\/\/wia.net.pl\/#website"},"breadcrumb":{"@id":"https:\/\/wia.net.pl\/index.php\/2023\/06\/29\/aresztowany-i-przesluchany-przez-brytyjska-policje-antyterrorystyczna\/#breadcrumblist"},"author":{"@id":"https:\/\/wia.net.pl\/index.php\/author\/trinity\/#author"},"creator":{"@id":"https:\/\/wia.net.pl\/index.php\/author\/trinity\/#author"},"image":{"@type":"ImageObject","url":"https:\/\/wia.net.pl\/wp-content\/uploads\/2023\/06\/mindcast-768x432-2.jpg","@id":"https:\/\/wia.net.pl\/index.php\/2023\/06\/29\/aresztowany-i-przesluchany-przez-brytyjska-policje-antyterrorystyczna\/#mainImage","width":768,"height":432},"primaryImageOfPage":{"@id":"https:\/\/wia.net.pl\/index.php\/2023\/06\/29\/aresztowany-i-przesluchany-przez-brytyjska-policje-antyterrorystyczna\/#mainImage"},"datePublished":"2023-06-29T10:54:01+02:00","dateModified":"2023-06-29T10:54:02+02:00"},{"@type":"WebSite","@id":"https:\/\/wia.net.pl\/#website","url":"https:\/\/wia.net.pl\/","name":"Wolno\u015b\u0107 i Anarchia","description":"Ka\u017cdy wewn\u0119trznie jest anarchist\u0105.","inLanguage":"pl-PL","publisher":{"@id":"https:\/\/wia.net.pl\/#person"}}]},"og:locale":"pl_PL","og:site_name":"Wolno\u015b\u0107 i Anarchia - Ka\u017cdy wewn\u0119trznie jest anarchist\u0105.","og:type":"article","og:title":"Aresztowany i przes\u0142uchany przez brytyjsk\u0105 policj\u0119 antyterrorystyczn\u0105 - Wolno\u015b\u0107 i Anarchia","og:description":"Autor, Mnar Adley \u0179r\u00f3d\u0142o: Wiadomo\u015bci prasowe Mint Wsp\u00f3\u0142pracownik MintPress i The Grayzone, Kit Klarenberg, zosta\u0142 zatrzymany i przes\u0142uchany podczas powrotu do Wielkiej Brytanii w zesz\u0142ym miesi\u0105cu. Dziennikarz \u015bledczy zosta\u0142 powitany na lotnisku przez sze\u015bciu anonimowych agent\u00f3w antyterrorystycznych w cywilu, kt\u00f3rzy przej\u0119li jego urz\u0105dzenia elektroniczne i karty pami\u0119ci oraz pobrali od niego odciski palc\u00f3w i DNA. Zgodnie z za\u0142\u0105cznikiem","og:url":"https:\/\/wia.net.pl\/index.php\/2023\/06\/29\/aresztowany-i-przesluchany-przez-brytyjska-policje-antyterrorystyczna\/","og:image":"https:\/\/wia.net.pl\/wp-content\/uploads\/2023\/11\/cropped-freedom-i73367.jpg","og:image:secure_url":"https:\/\/wia.net.pl\/wp-content\/uploads\/2023\/11\/cropped-freedom-i73367.jpg","article:published_time":"2023-06-29T08:54:01+00:00","article:modified_time":"2023-06-29T08:54:02+00:00","twitter:card":"summary_large_image","twitter:title":"Aresztowany i przes\u0142uchany przez brytyjsk\u0105 policj\u0119 antyterrorystyczn\u0105 - Wolno\u015b\u0107 i Anarchia","twitter:description":"Autor, Mnar Adley \u0179r\u00f3d\u0142o: Wiadomo\u015bci prasowe Mint Wsp\u00f3\u0142pracownik MintPress i The Grayzone, Kit Klarenberg, zosta\u0142 zatrzymany i przes\u0142uchany podczas powrotu do Wielkiej Brytanii w zesz\u0142ym miesi\u0105cu. Dziennikarz \u015bledczy zosta\u0142 powitany na lotnisku przez sze\u015bciu anonimowych agent\u00f3w antyterrorystycznych w cywilu, kt\u00f3rzy przej\u0119li jego urz\u0105dzenia elektroniczne i karty pami\u0119ci oraz pobrali od niego odciski palc\u00f3w i DNA. Zgodnie z za\u0142\u0105cznikiem","twitter:image":"https:\/\/wia.net.pl\/wp-content\/uploads\/2023\/11\/cropped-freedom-i73367.jpg"},"aioseo_meta_data":{"post_id":"2850","title":null,"description":null,"keywords":[],"keyphrases":{"focus":{"keyphrase":"","score":0,"analysis":{"keyphraseInTitle":{"score":0,"maxScore":9,"error":1}}},"additional":[]},"primary_term":null,"canonical_url":null,"og_title":null,"og_description":null,"og_object_type":"default","og_image_type":"default","og_image_url":null,"og_image_width":null,"og_image_height":null,"og_image_custom_url":null,"og_image_custom_fields":null,"og_video":"","og_custom_url":null,"og_article_section":null,"og_article_tags":[],"twitter_use_og":false,"twitter_card":"default","twitter_image_type":"default","twitter_image_url":null,"twitter_image_custom_url":null,"twitter_image_custom_fields":null,"twitter_title":null,"twitter_description":null,"schema":{"blockGraphs":[],"customGraphs":[],"default":{"data":{"Article":[],"Course":[],"Dataset":[],"FAQPage":[],"Movie":[],"Person":[],"Product":[],"ProductReview":[],"Car":[],"Recipe":[],"Service":[],"SoftwareApplication":[],"WebPage":[]},"graphName":"BlogPosting","isEnabled":true},"graphs":[]},"schema_type":"default","schema_type_options":null,"pillar_content":false,"robots_default":true,"robots_noindex":false,"robots_noarchive":false,"robots_nosnippet":false,"robots_nofollow":false,"robots_noimageindex":false,"robots_noodp":false,"robots_notranslate":false,"robots_max_snippet":"-1","robots_max_videopreview":"-1","robots_max_imagepreview":"large","priority":null,"frequency":"default","local_seo":null,"breadcrumb_settings":null,"limit_modified_date":false,"ai":null,"created":"2023-06-29 08:54:02","updated":"2025-06-04 08:28:23","seo_analyzer_scan_date":null,"focus_keyword":null,"additional_keywords":null,"truseo_locale":null},"aioseo_breadcrumb":"<div class=\"aioseo-breadcrumbs\"><span class=\"aioseo-breadcrumb\">\n\t\t\t<a href=\"https:\/\/wia.net.pl\" title=\"Home\">Home<\/a>\n\t\t<\/span><span class=\"aioseo-breadcrumb-separator\">&raquo;<\/span><span class=\"aioseo-breadcrumb\">\n\t\t\t<a href=\"https:\/\/wia.net.pl\/index.php\/category\/artykuly\/\" title=\"Artyku\u0142y\">Artyku\u0142y<\/a>\n\t\t<\/span><span class=\"aioseo-breadcrumb-separator\">&raquo;<\/span><span class=\"aioseo-breadcrumb\">\n\t\t\tAresztowany i przes\u0142uchany przez brytyjsk\u0105 policj\u0119 antyterrorystyczn\u0105\n\t\t<\/span><\/div>","aioseo_breadcrumb_json":[{"label":"Home","link":"https:\/\/wia.net.pl"},{"label":"Artyku\u0142y","link":"https:\/\/wia.net.pl\/index.php\/category\/artykuly\/"},{"label":"Aresztowany i przes\u0142uchany przez brytyjsk\u0105 policj\u0119 antyterrorystyczn\u0105","link":"https:\/\/wia.net.pl\/index.php\/2023\/06\/29\/aresztowany-i-przesluchany-przez-brytyjska-policje-antyterrorystyczna\/"}],"_links":{"self":[{"href":"https:\/\/wia.net.pl\/index.php\/wp-json\/wp\/v2\/posts\/2850"}],"collection":[{"href":"https:\/\/wia.net.pl\/index.php\/wp-json\/wp\/v2\/posts"}],"about":[{"href":"https:\/\/wia.net.pl\/index.php\/wp-json\/wp\/v2\/types\/post"}],"author":[{"embeddable":true,"href":"https:\/\/wia.net.pl\/index.php\/wp-json\/wp\/v2\/users\/2"}],"replies":[{"embeddable":true,"href":"https:\/\/wia.net.pl\/index.php\/wp-json\/wp\/v2\/comments?post=2850"}],"version-history":[{"count":1,"href":"https:\/\/wia.net.pl\/index.php\/wp-json\/wp\/v2\/posts\/2850\/revisions"}],"predecessor-version":[{"id":2853,"href":"https:\/\/wia.net.pl\/index.php\/wp-json\/wp\/v2\/posts\/2850\/revisions\/2853"}],"wp:featuredmedia":[{"embeddable":true,"href":"https:\/\/wia.net.pl\/index.php\/wp-json\/wp\/v2\/media\/2852"}],"wp:attachment":[{"href":"https:\/\/wia.net.pl\/index.php\/wp-json\/wp\/v2\/media?parent=2850"}],"wp:term":[{"taxonomy":"category","embeddable":true,"href":"https:\/\/wia.net.pl\/index.php\/wp-json\/wp\/v2\/categories?post=2850"},{"taxonomy":"post_tag","embeddable":true,"href":"https:\/\/wia.net.pl\/index.php\/wp-json\/wp\/v2\/tags?post=2850"}],"curies":[{"name":"wp","href":"https:\/\/api.w.org\/{rel}","templated":true}]}}