{"id":2854,"date":"2023-06-29T11:40:33","date_gmt":"2023-06-29T09:40:33","guid":{"rendered":"https:\/\/wia.net.pl\/?p=2854"},"modified":"2023-06-29T11:40:34","modified_gmt":"2023-06-29T09:40:34","slug":"jak-media-kreuja-wizerunek-bidena-i-zelenskiego","status":"publish","type":"post","link":"https:\/\/wia.net.pl\/index.php\/2023\/06\/29\/jak-media-kreuja-wizerunek-bidena-i-zelenskiego\/","title":{"rendered":"Jak media kreuj\u0105 wizerunek Bidena i \u017be\u0142enskiego"},"content":{"rendered":"\n<p>Autor,\u00a0<strong><a href=\"https:\/\/rebelion.org\/autor\/jonathan-cook-2\/\">Jonathan Cook<\/a><\/strong><\/p>\n\n\n\n<p><\/p>\n\n\n\n<figure class=\"wp-block-image size-full is-resized\"><img loading=\"lazy\" decoding=\"async\" src=\"https:\/\/wia.net.pl\/wp-content\/uploads\/2023\/06\/zelenski1.jpg\" alt=\"\" class=\"wp-image-2855\" width=\"845\" height=\"475\" srcset=\"https:\/\/wia.net.pl\/wp-content\/uploads\/2023\/06\/zelenski1.jpg 768w, https:\/\/wia.net.pl\/wp-content\/uploads\/2023\/06\/zelenski1-300x169.jpg 300w, https:\/\/wia.net.pl\/wp-content\/uploads\/2023\/06\/zelenski1-480x270.jpg 480w\" sizes=\"(max-width: 845px) 100vw, 845px\" \/><\/figure>\n\n\n\n<p><strong>\u0179r\u00f3d\u0142o:<\/strong>\u00a0Information Clearing House<\/p>\n\n\n\n<p>Relacje medialne ze zniszczenia zapory Kachowka i gazoci\u0105gu Nord Stream pokazuj\u0105, \u017ce zachodnie media s\u0105 sk\u0142onne przedk\u0142ada\u0107 antyrosyjsk\u0105 propagand\u0119 nad fakty.<\/p>\n\n\n\n<p>19 czerwca 2023 r.:&nbsp;<a href=\"http:\/\/www.informationclearinghouse.info\/\">Clearinghouse<\/a>&nbsp;\u2013 Hipokryzja staje si\u0119 z dnia na dzie\u0144 coraz bardziej ra\u017c\u0105ca.&nbsp;Te same zachodnie media, kt\u00f3re robi\u0105 wszystko, co w ich mocy, by ostrzega\u0107 o niebezpiecze\u0144stwach dezinformacji, przynajmniej je\u015bli chodzi o rywali w mediach spo\u0142eczno\u015bciowych, nie zadaj\u0105 sobie trudu, by ukry\u0107 swoj\u0105 rol\u0119 w szerzeniu dezinformacji w wojnie na Ukrainie.<\/p>\n\n\n\n<p>W rzeczywisto\u015bci propaganda rozpowszechniana przez media staje si\u0119 z dnia na dzie\u0144 coraz \u015bmielsza, co bardzo wyra\u017anie pokazuj\u0105 dwa artyku\u0142y z zesz\u0142ego tygodnia.<\/p>\n\n\n\n<p>G\u0142\u00f3wne nag\u0142\u00f3wki dotyczy\u0142y katastrofy ekologicznej spowodowanej zniszczeniem tamy&nbsp;<a href=\"https:\/\/www.middleeasteye.net\/news\/russia-ukraine-war-kakhovka-dam-collapse-threat-wheat-security\">Nowa Kachowka<\/a>&nbsp;pod kontrol\u0105 Rosji.&nbsp;Pow\u00f3d\u017a na rzece Dniepr zrujnowa\u0142a du\u017ce po\u0142acie ziemi poni\u017cej tamy i zmusi\u0142a dziesi\u0105tki tysi\u0119cy ludzi do opuszczenia swoich dom\u00f3w.<\/p>\n\n\n\n<p>Zniszczenie tamy s\u0142usznie okre\u015bla si\u0119 jako akt \u201eterroryzmu ekologicznego\u201d, drugiego co do wielko\u015bci zwi\u0105zanego z wojn\u0105, po wysadzeniu ruroci\u0105gu Nord Stream dostarczaj\u0105cego rosyjski gaz do Europy we wrze\u015bniu ubieg\u0142ego roku.<\/p>\n\n\n\n<p>Koszty utrzymania tej wojny i unikania rozm\u00f3w pokojowych w celu \u201eos\u0142abienia\u201d Rosji, co urz\u0119dnicy administracji Bidena uwa\u017caj\u0105 za&nbsp;<a href=\"https:\/\/www.dailymail.co.uk\/news\/article-10751233\/We-want-Russia-weakened-Defense-Secretary-Lloyd-Austin-says.html\">priorytet<\/a>&nbsp;, wzros\u0142y znacznie bardziej, ni\u017c wi\u0119kszo\u015b\u0107 ludzi zdaje sobie z tego spraw\u0119.<\/p>\n\n\n\n<p>Dlatego tak wa\u017cne jest, aby jasno zrozumie\u0107, co si\u0119 dzieje i czyje interesy s\u0105 realizowane poprzez podsycanie walk zamiast rozwi\u0105zywania i ko\u0144czenia wojny.<\/p>\n\n\n\n<p>Na Ukrainie zawsze istnia\u0142y co najmniej dwie narracje, nawet je\u015bli wersja rosyjska nie dociera do zachodnich odbiorc\u00f3w, z wyj\u0105tkiem szyderczych komentarzy zachodnich dziennikarzy.<\/p>\n\n\n\n<p>Bezpo\u015brednio po awarii tamy Kachowka moskiewski korespondent BBC Steve Rosenberg wyra\u017anie szydzi\u0142, informuj\u0105c, \u017ce rosyjskie media upiera\u0142y si\u0119, \u017ce za zniszczeniem stoj\u0105 ukrai\u0144scy \u201eterrory\u015bci\u201d.&nbsp;Zasugerowa\u0142, \u017ce rosyjski rz\u0105d i media robi\u0105 pranie m\u00f3zg\u00f3w ludno\u015bci.<\/p>\n\n\n\n<p>Najwyra\u017aniej nie doceni\u0142 ironii w\u0142asnych informacji, kt\u00f3re, podobnie jak informacje jego koleg\u00f3w, wzmocni\u0142y przekonanie, \u017ce jedynym prawdopodobnym winowajc\u0105 stoj\u0105cym za ruin\u0105 tamy, pomimo braku dotychczasowych dowod\u00f3w, jest&nbsp;<a href=\"https:\/\/www.politico.eu\/article\/western-leaders-russia-war-crime-nova-kakhovka-ukraine-dam\/\">Moskwa<\/a>&nbsp;.&nbsp;Podobnie jak rosyjskie media, Rosenberg reklamuje dok\u0142adnie tak\u0105 lini\u0119, jak\u0105 chce, aby przyj\u0105\u0142 jego w\u0142asny rz\u0105d i jego sojusznicy z NATO.<\/p>\n\n\n\n<h3 class=\"wp-block-heading\"><strong>Warstwa mg\u0142y<\/strong><\/h3>\n\n\n\n<p>BBC niedawno uruchomi\u0142o&nbsp;<a href=\"https:\/\/www.middleeasteye.net\/opinion\/uk-bbc-exposing-disinformation-peddling\">us\u0142ug\u0119 Verify<\/a>&nbsp;, rzekomo w celu wykorzenienia dezinformacji.&nbsp;Podobnie zachodnie media zacz\u0119\u0142y dodawa\u0107 do wszelkich doniesie\u0144 o rosyjskich twierdzeniach&nbsp;<a href=\"https:\/\/twitter.com\/leftiblog\/status\/1665864877775413253\">zastrze\u017cenie<\/a>&nbsp;: \u201eTego twierdzenia nie mo\u017cna zweryfikowa\u0107\u201d.<\/p>\n\n\n\n<p>Niczym nerwowy tik, media doda\u0142y podobny alarm do rosyjskich o\u015bwiadcze\u0144, \u017ce du\u017ca liczba ukrai\u0144skich \u017co\u0142nierzy&nbsp;<a href=\"https:\/\/www.theguardian.com\/world\/2023\/jun\/05\/russia-claims-to-have-fought-off-major-ukrainian-offensive-in-donetsk\">zosta\u0142a zabita<\/a>&nbsp;w czym\u015b, co wygl\u0105da\u0142o na wczesn\u0105 faz\u0119 tak zwanej \u201ekontrofensywy kijowskiej\u201d.<\/p>\n\n\n\n<p>Ale takie ostrze\u017cenia nie doda\u0142y si\u0119 do twierdze\u0144 prezydenta Ukrainy Wo\u0142odymyra Ze\u0142enska, \u017ce \u200b\u200bRosja wysadzi\u0142a tam\u0119.&nbsp;W rzeczywisto\u015bci reporterzy szybko powtarzali, nie weryfikuj\u0105c, swoich samolubnych twierdze\u0144, \u017ce&nbsp;<a href=\"https:\/\/www.theguardian.com\/world\/2023\/jun\/06\/ukraine-accuses-russia-of-blowing-up-nova-kakhovka-dam-near-kherson\">Moskwa spowodowa\u0142a zniszczenie,<\/a>&nbsp;rzekomo w celu zapobie\u017cenia zbli\u017caj\u0105cej si\u0119 kontrofensywie, i \u017ce tylko pomoc Zachodu w wyparciu Rosji z teren\u00f3w okupowanych mo\u017ce zapobiec dalszym \u201eterrorystycznym &#8221; akty. \u00bb.<\/p>\n\n\n\n<p>Jak to si\u0119 cz\u0119sto zdarza\u0142o w tej wojnie, gruba warstwa mg\u0142y prawdopodobnie przes\u0142oni to, co wydarzy\u0142o si\u0119 na zaporze Kachowka w daj\u0105cej si\u0119 przewidzie\u0107 przysz\u0142o\u015bci.<\/p>\n\n\n\n<p>Co oznacza, \u017ce \u200b\u200bje\u015bli media s\u0105 zdeterminowane, by przetwarza\u0107 spekulacje, to co powinny teraz robi\u0107 \u2013 poza otwarto\u015bci\u0105 i prowadzeniem w\u0142asnych bada\u0144 \u2013 stosowa\u0107 zasad\u0119 cui bono?&nbsp;lub \u201ekto korzysta?\u201d<\/p>\n\n\n\n<p>A gdyby zadali sobie trud, \u017ceby zrobi\u0107 to dobrze, mogliby by\u0107 znacznie mniej niech\u0119tni do zrzucania winy na Rosj\u0119.<\/p>\n\n\n\n<h3 class=\"wp-block-heading\"><strong>Zbieranie wsparcia<\/strong><\/h3>\n\n\n\n<p>Jak zauwa\u017cy\u0142 Scott Ritter, by\u0142y \u017co\u0142nierz USA i inspektor ds. uzbrojenia ONZ, g\u0142\u00f3wnym beneficjentem ataku jest Ukraina, zar\u00f3wno pod wzgl\u0119dem&nbsp;<a href=\"https:\/\/www.youtube.com\/watch?v=rjocQFG6TcQ&amp;ab_channel=StephenGardner\">militarnym, jak i politycznym<\/a>&nbsp;.<\/p>\n\n\n\n<p>W ko\u0144cu zachodnie media dokumentuj\u0105 seri\u0119 fortyfikacji \u2013 od okop\u00f3w i min po betonowe kolce \u2013 kt\u00f3re rosyjska armia zbudowa\u0142a wzd\u0142u\u017c linii frontu podczas d\u0142ugiego oczekiwania na ukrai\u0144sk\u0105 kontrofensyw\u0119.&nbsp;Jak cz\u0119sto podkre\u015blano, s\u0105 one tak rozleg\u0142e, \u017ce mo\u017cna je \u0142atwo zobaczy\u0107 z&nbsp;<a href=\"https:\/\/www.dailymail.co.uk\/news\/article-11956187\/Putins-45-mile-long-mega-trench-Russian-troops-dig-huge-defensive-fortification.html\">kosmosu<\/a>&nbsp;.<\/p>\n\n\n\n<p>A jednak, je\u015bli wysadzi\u0142aby tam\u0119, Moskwa zniszczy\u0142a wszystkie starannie skonstruowane systemy obronne w kluczowym obszarze, kt\u00f3ry Ukraina postanowi\u0142a odzyska\u0107, i to w\u0142a\u015bnie w momencie, gdy Kij\u00f3w przygotowuje si\u0119 do spektakularnej ofensywy wojskowej.<\/p>\n\n\n\n<p>Ponadto podnosz\u0105ca si\u0119 rzeka za zapor\u0105 stanowi\u0142a powa\u017cn\u0105 przeszkod\u0119 w przeprawie wojsk ukrai\u0144skich przez Dniepr na odcinku kilkudziesi\u0119ciu kilometr\u00f3w.&nbsp;Teraz, gdy jej wody opad\u0142y, gdy rzeka wpada do Morza Czarnego, przeszkoda b\u0119dzie znacznie mniejsza.&nbsp;Eksplozja tamy zaskakuje wyrw\u0105 w kluczowej i naturalnej cz\u0119\u015bci rosyjskiej linii obronnej.<\/p>\n\n\n\n<p>Innym krytycznym zmartwieniem Kremla b\u0119dzie to, \u017ce eksplozja stanowi&nbsp;<a href=\"https:\/\/www.reuters.com\/world\/europe\/ukraine-dam-blast-could-threaten-crimean-water-supply-says-top-russian-official-2023-06-06\/\">bezpo\u015brednie zagro\u017cenie dla zaopatrzenia w wod\u0119<\/a>&nbsp;suchego P\u00f3\u0142wyspu Krymskiego, pierwszego kawa\u0142ka terytorium Ukrainy zaanektowanego przez Rosj\u0119.&nbsp;Po obaleniu w 2014 roku wspieranego przez USA rz\u0105du Ukrainy, Rosja nada\u0142a priorytet bezpiecze\u0144stwu Krymu, od dawna strategicznej bazy morskiej na ciep\u0142ych wodach.<\/p>\n\n\n\n<p>I jakby tego by\u0142o ma\u0142o, kontrola Rosji nad elektrowni\u0105 j\u0105drow\u0105 Zaporo\u017ce, powy\u017cej tamy, zosta\u0142a ju\u017c ponownie poddana mi\u0119dzynarodowej kontroli,&nbsp;<a href=\"https:\/\/www.theguardian.com\/world\/2023\/jun\/06\/nova-kakhovka-ukraine-dam-collapse-zaporizhzhia-nuclear-plant-iaea\">poniewa\u017c<\/a>&nbsp;pojawiaj\u0105 si\u0119 pytania o zdolno\u015b\u0107 Moskwy do poradzenia sobie z mo\u017cliwym za\u0142amaniem, poniewa\u017c dostawy wody, niezb\u0119dne do ch\u0142odzenia drastycznie spadaj\u0105.<\/p>\n\n\n\n<p>Zniszczenie zapory dla Kijowa ma r\u00f3wnie\u017c polityczne zalety.&nbsp;Jak&nbsp;<a href=\"https:\/\/www.youtube.com\/watch?v=rjocQFG6TcQ&amp;ab_channel=StephenGardner\">zauwa\u017ca Ritter<\/a>&nbsp;: \u201eObecnie jest du\u017co 'zm\u0119czenia Ukrain\u0105&#8217;.&nbsp;\u015awiat jest po prostu zm\u0119czony Ukrain\u0105, finansowaniem Ukrainy\u2026 To, czego Ukraina potrzebuje, to katastrofalne wydarzenie, kt\u00f3re zbierze mi\u0119dzynarodowe poparcie wok\u00f3\u0142 Ukrainy, obwiniaj\u0105c Rosj\u0119 o co\u015b wielkiego\u201d.<\/p>\n\n\n\n<p>P\u0119kni\u0119cie tamy w\u0142a\u015bnie to robi.&nbsp;Sprowadza wojn\u0119 z powrotem na \u015bwiat\u0142o dzienne, przedstawia Moskw\u0119 jako zagro\u017cenie \u201eterrorystyczne\u201d \u2013 nie tylko dla Ukrainy, ale dla ca\u0142ej ludzko\u015bci \u2013 i okazuje si\u0119 by\u0107 wysoce skutecznym narz\u0119dziem w dalszym uzasadnianiu potrzeby \u201eos\u0142abienia\u201d broni i pomocy dla Rosji, nawet je\u015bli kontrofensywa ukrai\u0144ska oka\u017ce si\u0119 pora\u017ck\u0105.<\/p>\n\n\n\n<h3 class=\"wp-block-heading\"><strong>Lekkomy\u015blny \u201eatak testowy\u201d<\/strong><\/h3>\n\n\n\n<p>Zachodnie media nie tylko w du\u017cej mierze zignorowa\u0142y te czynniki, ale tak\u017ce spu\u015bci\u0142y grub\u0105 zas\u0142on\u0119 na swoje w\u0142asne niedawne doniesienia, kt\u00f3re mog\u0105 wskazywa\u0107 na Ukrain\u0119 jako g\u0142\u00f3wnego winowajc\u0119 wybuchu tamy.<\/p>\n\n\n\n<p>Jak donosi\u0142&nbsp;<a href=\"https:\/\/archive.ph\/hMkJC\">Washington Post<\/a>&nbsp;w grudniu , ukrai\u0144skie wojsko planowa\u0142o zniszczenie Kach\u00f3wki, innymi s\u0142owy, przeprowadzenie tego, co jest obecnie powszechnie rozumiane jako g\u0142\u00f3wny akt ekologicznego terroryzmu.&nbsp;W tamtym czasie plan prawie nie zaniepokoi\u0142 Zachodu.<\/p>\n\n\n\n<p>Przygotowania obejmowa\u0142y co\u015b, co teraz wygl\u0105da na&nbsp;<a href=\"https:\/\/archive.ph\/hMkJC\">lekkomy\u015blny \u201eatak testowy\u201d<\/a>&nbsp;pociskiem HIMARS, dostarczony dzi\u0119ki uprzejmo\u015bci USA, \u201ewybicie trzech dziur w metalu [bram], aby zobaczy\u0107, czy woda z Dniepru mo\u017ce podnie\u015b\u0107 si\u0119 wystarczaj\u0105co wysoko, aby zablokowa\u0107 Rosyjskie przej\u015bcia, ale nie zalewaj\u0105 pobliskich miast\u201d.<\/p>\n\n\n\n<p>\u201eTest zako\u0144czy\u0142 si\u0119 sukcesem\u201d, poinformowa\u0142 w grudniu ukrai\u0144ski dow\u00f3dca genera\u0142 dywizji Andrij Kowalczuk.&nbsp;\u201eAle etap [zniszczenia tamy] pozosta\u0142 ostateczno\u015bci\u0105\u201d.<\/p>\n\n\n\n<p>Czy ta lub podobna \u201epr\u00f3ba\u201d \u2013 by\u0107 mo\u017ce w ramach przygotowa\u0144 do ukrai\u0144skiej ofensywy \u2013 mog\u0142a przypadkowo naruszy\u0107 integralno\u015b\u0107 zapory, powoduj\u0105c jej stopniowe zapadanie si\u0119 pod naporem wody?<\/p>\n\n\n\n<p>A mo\u017ce zosta\u0142 celowo zniszczony \u2013 w ramach ukrai\u0144skiej ofensywy \u2013 siej\u0105c spustoszenie na terenach kontrolowanych przez Rosj\u0119, albo po to, by zmusi\u0107 Moskw\u0119 do przekierowania jej energii na odparcie ukrai\u0144skiego ataku, albo by odwr\u00f3ci\u0107 uwag\u0119 zachodniej opinii publicznej od wszelkich trudno\u015bci, jakie Kij\u00f3w mo\u017ce mie\u0107? w rozpocz\u0119ciu wiarygodnej operacji wojskowej?<\/p>\n\n\n\n<p>Zreszt\u0105, dlaczego Moskwa zdecydowa\u0142a si\u0119 zniszczy\u0107 zapor\u0119, trac\u0105c kontrol\u0119 nad przep\u0142ywem wody, skoro mog\u0142a po prostu w dowolnym momencie otworzy\u0107 wrota dla zalewowych obszar\u00f3w po\u0142o\u017conych poni\u017cej rzeki, np. rzeka przez armi\u0119 ukrai\u0144sk\u0105?<\/p>\n\n\n\n<p>Te pytania nie s\u0105 nawet zadawane, nie m\u00f3wi\u0105c ju\u017c o odpowiedziach.<\/p>\n\n\n\n<h3 class=\"wp-block-heading\"><strong>Misja Jamesa Bonda<\/strong><\/h3>\n\n\n\n<p>W mediach podczas wojny na Ukrainie utrwali\u0142 si\u0119 schemat, kt\u00f3ry mo\u017ce s\u0142u\u017cy\u0107 jako przewodnik do zrozumienia, jak potoczy si\u0119 historia przerwania tamy.<\/p>\n\n\n\n<p>Niech\u0119\u0107 zachodnich medi\u00f3w do zadawania podstawowych pyta\u0144, kontekstualizacji z odpowiednimi podstawowymi informacjami lub pod\u0105\u017cania za oczywistymi kierunkami \u015bledztwa by\u0142a r\u00f3wnie widoczna w innym akcie zielonego terroryzmu: wybuchach ruroci\u0105gu Nord Stream we&nbsp;<a href=\"https:\/\/jonathancook.substack.com\/p\/why-the-media-dont-want-to-know-the\">wrze\u015bniu<\/a>&nbsp;.&nbsp;Uwolni\u0142y ogromne ilo\u015bci metanu, g\u0142\u00f3wnego gazu, kt\u00f3ry przyczynia si\u0119 do globalnego ocieplenia.<\/p>\n\n\n\n<p>Po raz kolejny media przem\u00f3wi\u0142y jednym g\u0142osem.&nbsp;Po pierwsze, powt\u00f3rzyli zachodnie w\u0142adze, przypisuj\u0105c&nbsp;<a href=\"https:\/\/www.youtube.com\/watch?v=NSZyKYitC3M&amp;ab_channel=MattOrfalea\">eksplozje Moskwie<\/a>&nbsp;, bez cienia dowod\u00f3w i pomimo faktu, \u017ce eksplozje by\u0142y ogromnym ciosem dla Rosji.<\/p>\n\n\n\n<p>Kreml straci\u0142 obfity strumie\u0144 dochod\u00f3w p\u0142yn\u0105cych z dostaw gazu ziemnego do Europy.&nbsp;Tymczasem dyplomatycznie zosta\u0142 pozbawiony g\u0142\u00f3wnego wp\u0142ywu na swojego najwi\u0119kszego klienta energetycznego, Niemcy, wp\u0142ywu, kt\u00f3rym m\u00f3g\u0142 sk\u0142oni\u0107 Berlin do zerwania z zachodni\u0105 polityk\u0105 sankcji.<\/p>\n\n\n\n<p>To wszystko trudno by\u0142o ukry\u0107.&nbsp;Wkr\u00f3tce zachodnie media po prostu ca\u0142kowicie porzuci\u0142y histori\u0119 Nord Stream.<\/p>\n\n\n\n<p>Zainteresowanie powr\u00f3ci\u0142o znacznie p\u00f3\u017aniej, w marcu, kiedy&nbsp;<em><a href=\"https:\/\/www.nytimes.com\/2023\/03\/08\/podcasts\/the-daily\/nordstream-pipeline-ukraine-russia.html\">New York Times<\/a><\/em>&nbsp;i niemiecka gazeta&nbsp;<em><a href=\"https:\/\/www.zeit.de\/zustimmung?url=https%3A%2F%2Fwww.zeit.de%2F2023%2F11%2Fnord-stream-sprengung-ukraine-ermittlung\">Die Zeit<\/a><\/em>&nbsp;opublikowa\u0142y osobne, do\u015b\u0107 absurdalne relacje, oparte na niezidentyfikowanych \u017ar\u00f3d\u0142ach informacji.<\/p>\n\n\n\n<p>Wed\u0142ug tych relacji grupa sze\u015bciu zbuntowanych Ukrai\u0144c\u00f3w wyczarterowa\u0142a jacht i wysadzi\u0142a ruroci\u0105gi u wybrze\u017cy Danii w ramach misji w stylu Jamesa Bonda.&nbsp;Historia zosta\u0142a szeroko nag\u0142o\u015bniona przez zachodnie media, mimo \u017ce niezale\u017cni analitycy&nbsp;<a href=\"https:\/\/scheerpost.com\/2023\/04\/05\/seymour-hersh-the-nord-stream-ghost-ship\/\">wy\u015bmiewali j\u0105<\/a>&nbsp;jako szalenie nieprawdopodobn\u0105 i technicznie niewykonaln\u0105.<\/p>\n\n\n\n<h3 class=\"wp-block-heading\"><strong>\u201eUkraina to zrobi\u0142a\u201d<\/strong><\/h3>\n\n\n\n<p>Problem, przed kt\u00f3rym stoj\u0105 media, polega na tym, \u017ce legendarny dziennikarz \u015bledczy Seymour Hersh przedstawi\u0142 znacznie bardziej wiarygodn\u0105 relacj\u0119 z wybuch\u00f3w Nord Stream w lutym.&nbsp;Jego anonimowe \u017ar\u00f3d\u0142o informacji przedstawi\u0142o znacznie bardziej wiarygodn\u0105 i szczeg\u00f3\u0142ow\u0105 relacj\u0119, za kt\u00f3r\u0105&nbsp;<a href=\"https:\/\/seymourhersh.substack.com\/p\/how-america-took-out-the-nord-stream\">wini\u0142 same Stany Zjednoczone<\/a>&nbsp;.<\/p>\n\n\n\n<p>Poszlaki \u015bwiadcz\u0105ce o odpowiedzialno\u015bci lub przynajmniej zaanga\u017cowaniu USA by\u0142y ju\u017c znacz\u0105ce, nawet je\u015bli media ponownie je zignorowa\u0142y.<\/p>\n\n\n\n<p>Od Joe Bidena w d\u00f3\u0142, ameryka\u0144scy urz\u0119dnicy wyrazili determinacj\u0119, by uniemo\u017cliwi\u0107 rosyjskiemu gazowi dotarcie do Europy przez Nord Stream i&nbsp;<a href=\"https:\/\/jonathancook.substack.com\/p\/can-europe-afford-to-turn-a-blind\">\u015bwi\u0119towali zniszczenie<\/a>&nbsp;ruroci\u0105g\u00f3w po fakcie.<\/p>\n\n\n\n<p>Administracja Bidena mia\u0142a r\u00f3wnie\u017c g\u0142\u00f3wny motyw wysadzenia Nord Stream: ch\u0119\u0107 zako\u0144czenia uzale\u017cnienia energetycznego Europy od Rosji, zw\u0142aszcza \u017ce Waszyngton chcia\u0142 ustawi\u0107 Moskw\u0119 i Pekin jako nowe cele w trwaj\u0105cej \u201ewojnie z terroryzmem\u201d.<\/p>\n\n\n\n<p>\u0179r\u00f3d\u0142o Hersha argumentowa\u0142o, \u017ce materia\u0142y wybuchowe zosta\u0142y pod\u0142o\u017cone przez specjalnych nurk\u00f3w Marynarki Wojennej Stan\u00f3w Zjednoczonych z pomoc\u0105 Norwegii podczas corocznych \u0107wicze\u0144 morskich BALTOPS i zdetonowane zdalnie trzy miesi\u0105ce p\u00f3\u017aniej.<\/p>\n\n\n\n<p>Media celowo zignorowa\u0142y t\u0119 wersj\u0119.&nbsp;Kiedy od czasu do czasu odwo\u0142ywano si\u0119 do niej, historia zosta\u0142a odrzucona jako przypisana niezidentyfikowanemu \u017ar\u00f3d\u0142u.&nbsp;\u017badne z medi\u00f3w nie wydawa\u0142o si\u0119 jednak mie\u0107 podobnych zastrze\u017ce\u0144 do fantastycznej wersji jachtu, r\u00f3wnie\u017c dostarczonej przez anonimowe \u017ar\u00f3d\u0142o.<\/p>\n\n\n\n<p>Wersja Hersha nie chcia\u0142a odej\u015b\u0107, zyskuj\u0105c coraz wi\u0119ksz\u0105 popularno\u015b\u0107 w mediach spo\u0142eczno\u015bciowych, dop\u00f3ki nie pojawi\u0142a si\u0119 wiarygodna alternatywa.<\/p>\n\n\n\n<p>I tak po prostu, bingo!&nbsp;Fantastyczne twierdzenie, \u017ce grupie amator\u00f3w uda\u0142o si\u0119 zlokalizowa\u0107 i wysadzi\u0107 ruroci\u0105gi g\u0142\u0119boko pod dnem oceanu, zosta\u0142o odrzucone.<\/p>\n\n\n\n<p>W zesz\u0142ym tygodniu Washington Post poinformowa\u0142, \u017ce europejska s\u0142u\u017cba wywiadowcza ostrzeg\u0142a administracj\u0119 Bidena o zbli\u017caj\u0105cym si\u0119 ataku na ruroci\u0105g Nord Stream na trzy miesi\u0105ce przed jego wyst\u0105pieniem.&nbsp;Wed\u0142ug tej relacji niewielki zesp\u00f3\u0142 specjalist\u00f3w wys\u0142any przez armi\u0119 ukrai\u0144sk\u0105&nbsp;<a href=\"https:\/\/archive.ph\/yZrVO\">przeprowadzi\u0142<\/a>&nbsp;\u201etajn\u0105\u201d operacj\u0119, dzia\u0142aj\u0105c ponownie, jak podkre\u015blono, bez wiedzy Ze\u0142enskiego.<\/p>\n\n\n\n<p>The Post poinformowa\u0142, \u017ce \u201eurz\u0119dnicy w kilku krajach\u201d potwierdzili, \u017ce Stany Zjednoczone otrzyma\u0142y wcze\u015bniejsze ostrze\u017cenie.<\/p>\n\n\n\n<h3 class=\"wp-block-heading\"><strong>Czy Bia\u0142y Dom k\u0142ama\u0142?<\/strong><\/h3>\n\n\n\n<p>Ta historia porusza wiele g\u0142\u0119boko niepokoj\u0105cych pyta\u0144, z kt\u00f3rych \u017cadne nie wydaje si\u0119 by\u0107 zainteresowane odpowiedzi\u0105 medi\u00f3w.<\/p>\n\n\n\n<p>Co wi\u0119cej, je\u015bli to prawda, oznacza to, \u017ce administracja Bidena ra\u017c\u0105co k\u0142ama\u0142a od miesi\u0119cy, promuj\u0105c fikcj\u0119: Rosja przeprowadzi\u0142a atak.&nbsp;Bia\u0142y Dom i europejskie stolice \u015bwiadomie wprowadzi\u0142y w b\u0142\u0105d zachodnie media i opini\u0119 publiczn\u0105.<\/p>\n\n\n\n<p>Je\u015bli urz\u0119dnicy Bidena naprawd\u0119 spiskowali, aby utrzyma\u0107 wielkie k\u0142amstwo na temat tak dalekosi\u0119\u017cnego aktu terroru przemys\u0142owego, kt\u00f3ry spowodowa\u0142 niezliczone szkody w \u015brodowisku i przyczynia si\u0119 do pog\u0142\u0119bienia recesji w Europie, jakie inne k\u0142amstwa opowiadali?&nbsp;Jak mo\u017cna ufa\u0107 temu, co m\u00f3wi\u0105 o wojnie ukrai\u0144skiej, np. kto jest odpowiedzialny za zniszczenie tamy Kachowka?<\/p>\n\n\n\n<p>A jednak zachodnie media, kt\u00f3re wed\u0142ug tej nowej relacji by\u0142y oszukiwane przez miesi\u0105ce, wydaj\u0105 si\u0119 zupe\u0142nie oboj\u0119tne.<\/p>\n\n\n\n<p>Co wi\u0119cej, je\u015bli Waszyngton wiedzia\u0142 o zbli\u017caj\u0105cym si\u0119 akcie terrorystycznym, kt\u00f3ry by\u0142 wymierzony zar\u00f3wno w europejskie \u017ar\u00f3d\u0142a energii, jak i uzbrojon\u0105 w bro\u0144 nuklearn\u0105 Rosj\u0119, dlaczego nie interweniowa\u0142?<\/p>\n\n\n\n<p>Relacje medialne dotycz\u0105ce tej nowej wersji w du\u017cej mierze przedstawiaj\u0105 Stany Zjednoczone jako bezsilne, niezdolne do powstrzymania Ukrai\u0144c\u00f3w przed wysadzeniem ruroci\u0105g\u00f3w.<\/p>\n\n\n\n<p>Ale Waszyngton jest jedynym supermocarstwem na \u015bwiecie.&nbsp;Ukraina jest ca\u0142kowicie zale\u017cna od waszego wsparcia, finansowego i militarnego.&nbsp;Gdyby Stany Zjednoczone wycofa\u0142y swoje poparcie, Ukraina by\u0142aby zmuszona do rozm\u00f3w pokojowych z Rosj\u0105.&nbsp;Pomys\u0142, \u017ce Waszyngton nie m\u00f3g\u0142 powstrzyma\u0107 ataku, nie jest bardziej wiarygodny ni\u017c twierdzenie, \u017ce grupa entuzjast\u00f3w \u017ceglugi wysadzili ruroci\u0105gi.<\/p>\n\n\n\n<p>Je\u015bli ta ostatnia relacja jest prawdziwa, Waszyngton mia\u0142 wp\u0142yw na powstrzymanie ataku na europejsk\u0105 infrastruktur\u0119 energetyczn\u0105, ale nie podj\u0105\u0142 dzia\u0142a\u0144.&nbsp;W ka\u017cdej rozs\u0105dnej ocenie nale\u017cy to postrzega\u0107 jako przyczyn\u0119 zniszczenia ruroci\u0105g\u00f3w, pomimo niszczycielskich koszt\u00f3w dla Europy i \u015brodowiska.<\/p>\n\n\n\n<p>Po trzecie, z tego powodu Ukraina, a przynajmniej jej wojsko, okaza\u0142a si\u0119 ca\u0142kiem zdolna do pope\u0142nienia najohydniejszego aktu terrorystycznego, nawet przeciwko swoim sojusznikom w Europie.&nbsp;Dlaczego ktokolwiek, a ju\u017c najmniej media, mia\u0142by odrzuca\u0107 rosyjskie twierdzenia o ukrai\u0144skich zbrodniach wojennych, w tym o zniszczeniu tamy Kachowka?<\/p>\n\n\n\n<h3 class=\"wp-block-heading\"><strong>\u201eDobrzy nazi\u015bci\u201d<\/strong><\/h3>\n\n\n\n<p>Prawda jest jednak taka, \u017ce \u200b\u200bzachodnie media nie martwi\u0105 si\u0119 implikacjami tej najnowszej historii, tak samo jak wcze\u015bniejsz\u0105 opowie\u015bci\u0105 Hersha, nie martwi\u0105 si\u0119 tym, czy oznacza to przekszta\u0142cenie USA i ich sojusznik\u00f3w w z\u0142oczy\u0144c\u00f3w.&nbsp;Historia zosta\u0142a zg\u0142oszona lekko i zostanie odrzucona jako kolejny element uk\u0142adanki, kt\u00f3rej rozwi\u0105zaniem nikt nie jest zainteresowany.<\/p>\n\n\n\n<p>Rol\u0105 zachodnich medi\u00f3w w polityce zagranicznej jest podtrzymywanie narracji, kt\u00f3ra sprawia, \u017ce \u200b\u200bnasi przyw\u00f3dcy s\u0105 dobrymi lud\u017ami, kt\u00f3rzy w z\u0142ym \u015bwiecie robi\u0105 wszystko, co w ich mocy, zmuszaj\u0105c ich do podejmowania trudnych, czasem moralnie kompromisowych decyzji.<\/p>\n\n\n\n<p>Ale co, je\u015bli Biden i Ze\u0142enski nie s\u0105 tak naprawd\u0119 bohaterami, a nawet dobrymi lud\u017ami?&nbsp;Co je\u015bli s\u0105 tak samo niegodziwi, bezduszni i nieludzcy jak zagraniczni przyw\u00f3dcy, kt\u00f3rych tak \u0142atwo odrzucamy jako \u201enowego Hitlera\u201d?&nbsp;Dzieje si\u0119 tak, \u017ce nasze media s\u0105 ich wsp\u00f3lnikami i robi\u0105 najlepszy rozg\u0142os.<\/p>\n\n\n\n<p>Doniesienia medialne o zniszczeniu tamy Kachowka i ruroci\u0105gu Nord Stream nawi\u0105zuj\u0105 do podw\u00f3jnego problemu: zachodni przyw\u00f3dcy i ich sojusznicy mog\u0105 by\u0107 zamieszani w najstraszliwsze zbrodnie, ale rzadko mo\u017cemy by\u0107 tego pewni, poniewa\u017c nasze media s\u0105 ca\u0142kowicie zdeterminowane, aby nie znale\u017a\u0107 na zewn\u0105trz.<\/p>\n\n\n\n<p>W tym tygodniu&nbsp;<em>New York Times<\/em>&nbsp;w ko\u0144cu przyzna\u0142 na swoich \u0142amach co\u015b, co on i reszta zachodnich medi\u00f3w kiedy\u015b otwarcie przyznali \u2013 ale uczynili tabu od czasu inwazji na Rosj\u0119 \u2013 \u017ce ukrai\u0144skie wojsko jest zalane neonazistowskimi&nbsp;<a href=\"https:\/\/archive.ph\/ZQ5RQ\">symbolami<\/a>&nbsp;.<\/p>\n\n\n\n<p>Jednak nawet gdy prze\u0142omowa gazeta przyzna\u0142a si\u0119 do tego, co wcze\u015bniej pot\u0119pia\u0142a jako \u201edezinformacj\u0119\u201d za ka\u017cdym razem, gdy pojawia\u0142a si\u0119 w mediach spo\u0142eczno\u015bciowych,&nbsp;<em>New York Times<\/em>&nbsp;nalega\u0142 na absurdalne rozr\u00f3\u017cnienie.<\/p>\n\n\n\n<p>Tak, gazeta zgodzi\u0142a si\u0119, \u017ce ukrai\u0144scy \u017co\u0142nierze z dum\u0105 nosz\u0105 nazistowskie insygnia.&nbsp;I tak, wi\u0119kszo\u015b\u0107 spo\u0142ecze\u0144stwa ukrai\u0144skiego og\u00f3lnie upami\u0119tnia znane postacie nazistowskie z czas\u00f3w II wojny \u015bwiatowej, takie jak Stepan Bandera.&nbsp;Ale nie, obfite u\u017cywanie przez Ukrain\u0119 nazistowskich symboli nie przek\u0142ada si\u0119 na przywi\u0105zanie do nazistowskiej ideologii.<\/p>\n\n\n\n<p>Tak argumentuj\u0105 zachodnie publikacje, kt\u00f3re jednocze\u015bnie powa\u017cnie potraktowa\u0142y twierdzenia, \u017ce \u200b\u200bgwiazdor rocka Roger Waters jest antysemit\u0105, wykonuj\u0105c piosenk\u0119 ze swojego albumu The Wall \u2013 sprzed czterech dekad \u2013 satyruj\u0105c\u0105 faszystowskiego dyktatora\u2026 przebrany za&nbsp;<a href=\"https:\/\/www.nytimes.com\/2023\/05\/26\/world\/europe\/roger-waters-berlin-nazi.html\">faszystowskiego dyktatora<\/a>&nbsp;.<\/p>\n\n\n\n<p>Prawdziw\u0105 zbrodni\u0105 Watersa jest to, \u017ce teraz, kiedy Jeremy Corbyn zosta\u0142 usuni\u0119ty z Partii Pracy, jest on najbardziej widocznym zwolennikiem praw Palesty\u0144czyk\u00f3w w \u015bwiecie zachodnim.<\/p>\n\n\n\n<p>Je\u015bli&nbsp;<em>New York Times<\/em>&nbsp;i reszta zachodnich medi\u00f3w chc\u0105 zamalowa\u0107 ukrai\u0144skich nazist\u00f3w, \u017ceby dobrze wygl\u0105dali, co robi\u0105 dla Bidena, Ze\u0142enskiego i europejskich przyw\u00f3dc\u00f3w?<\/p>\n\n\n\n<p>Jedno wiemy na pewno: nie mo\u017cemy szuka\u0107 odpowiedzi w zachodnich mediach.<\/p>\n\n\n\n<p><strong>Jonathan Cook jest autorem trzech ksi\u0105\u017cek o konflikcie izraelsko-palesty\u0144skim i laureatem Nagrody Specjalnej im. Marthy Gellhorn w dziedzinie dziennikarstwa.&nbsp;Jego stron\u0119 internetow\u0105 i blog mo\u017cna znale\u017a\u0107 pod adresem&nbsp;<a href=\"https:\/\/rebelion.org\/otro-acto-de-terror-como-los-medios-de-comunicacion-maquillan-la-imagen-de-biden-y-zelensky\/www.jonathan-cook.net\">www.jonathan-cook.net<\/a>&nbsp;.<\/strong><\/p>\n\n\n\n<p>\u0179r\u00f3d\u0142o:\u00a0<a href=\"https:\/\/www.informationclearinghouse.info\/57611.htm\">https:\/\/www.informationclearinghouse.info\/57611.htm<\/a><\/p>\n\n\n\n<p>Link zr\u00f3d\u0142owy do tego materia\u0142u https:\/\/rebelion.org\/otro-acto-de-terror-como-los-medios-de-comunicacion-maquillan-la-imagen-de-biden-y-zelensky\/<\/p>\n","protected":false},"excerpt":{"rendered":"<p>Autor,\u00a0Jonathan Cook \u0179r\u00f3d\u0142o:\u00a0Information Clearing House Relacje medialne ze zniszczenia zapory Kachowka i gazoci\u0105gu Nord Stream pokazuj\u0105, \u017ce zachodnie media s\u0105 sk\u0142onne przedk\u0142ada\u0107 antyrosyjsk\u0105 propagand\u0119 nad fakty. 19 czerwca 2023 r.:&nbsp;Clearinghouse&nbsp;\u2013 Hipokryzja staje si\u0119 z dnia na dzie\u0144 coraz bardziej ra\u017c\u0105ca.&nbsp;Te&#8230; <\/p>\n","protected":false},"author":2,"featured_media":2855,"comment_status":"open","ping_status":"open","sticky":false,"template":"","format":"standard","meta":{"_acf_changed":false,"_bbp_topic_count":0,"_bbp_reply_count":0,"_bbp_total_topic_count":0,"_bbp_total_reply_count":0,"_bbp_voice_count":0,"_bbp_anonymous_reply_count":0,"_bbp_topic_count_hidden":0,"_bbp_reply_count_hidden":0,"_bbp_forum_subforum_count":0,"om_disable_all_campaigns":false,"_monsterinsights_skip_tracking":false,"footnotes":""},"categories":[93],"tags":[],"class_list":["post-2854","post","type-post","status-publish","format-standard","has-post-thumbnail","hentry","category-artykuly"],"acf":[],"aioseo_notices":[],"aioseo_head":"\n\t\t<!-- All in One SEO 5.0.1.1 - aioseo.com -->\n\t<meta name=\"description\" content=\"Autor, Jonathan Cook \u0179r\u00f3d\u0142o: Information Clearing House Relacje medialne ze zniszczenia zapory Kachowka i gazoci\u0105gu Nord Stream pokazuj\u0105, \u017ce zachodnie media s\u0105 sk\u0142onne przedk\u0142ada\u0107 antyrosyjsk\u0105 propagand\u0119 nad fakty. 19 czerwca 2023 r.: Clearinghouse \u2013 Hipokryzja staje si\u0119 z dnia na dzie\u0144 coraz bardziej ra\u017c\u0105ca. Te same zachodnie media, kt\u00f3re robi\u0105 wszystko, co w ich mocy, by ostrzega\u0107 o niebezpiecze\u0144stwach dezinformacji,\" \/>\n\t<meta name=\"robots\" content=\"max-image-preview:large\" \/>\n\t<meta name=\"author\" content=\"trinity\"\/>\n\t<link rel=\"canonical\" href=\"https:\/\/wia.net.pl\/index.php\/2023\/06\/29\/jak-media-kreuja-wizerunek-bidena-i-zelenskiego\/\" \/>\n\t<meta name=\"generator\" content=\"All in One SEO (AIOSEO) 5.0.1.1\" \/>\n\t\t<meta property=\"og:locale\" content=\"pl_PL\" \/>\n\t\t<meta property=\"og:site_name\" content=\"Wolno\u015b\u0107 i Anarchia - Ka\u017cdy wewn\u0119trznie jest anarchist\u0105.\" \/>\n\t\t<meta property=\"og:type\" content=\"article\" \/>\n\t\t<meta property=\"og:title\" content=\"Jak media kreuj\u0105 wizerunek Bidena i \u017be\u0142enskiego - Wolno\u015b\u0107 i Anarchia\" \/>\n\t\t<meta property=\"og:description\" content=\"Autor, Jonathan Cook \u0179r\u00f3d\u0142o: Information Clearing House Relacje medialne ze zniszczenia zapory Kachowka i gazoci\u0105gu Nord Stream pokazuj\u0105, \u017ce zachodnie media s\u0105 sk\u0142onne przedk\u0142ada\u0107 antyrosyjsk\u0105 propagand\u0119 nad fakty. 19 czerwca 2023 r.: Clearinghouse \u2013 Hipokryzja staje si\u0119 z dnia na dzie\u0144 coraz bardziej ra\u017c\u0105ca. Te same zachodnie media, kt\u00f3re robi\u0105 wszystko, co w ich mocy, by ostrzega\u0107 o niebezpiecze\u0144stwach dezinformacji,\" \/>\n\t\t<meta property=\"og:url\" content=\"https:\/\/wia.net.pl\/index.php\/2023\/06\/29\/jak-media-kreuja-wizerunek-bidena-i-zelenskiego\/\" \/>\n\t\t<meta property=\"og:image\" content=\"https:\/\/wia.net.pl\/wp-content\/uploads\/2023\/11\/cropped-freedom-i73367.jpg\" \/>\n\t\t<meta property=\"og:image:secure_url\" content=\"https:\/\/wia.net.pl\/wp-content\/uploads\/2023\/11\/cropped-freedom-i73367.jpg\" \/>\n\t\t<meta property=\"article:published_time\" content=\"2023-06-29T09:40:33+00:00\" \/>\n\t\t<meta property=\"article:modified_time\" content=\"2023-06-29T09:40:34+00:00\" \/>\n\t\t<meta name=\"twitter:card\" content=\"summary_large_image\" \/>\n\t\t<meta name=\"twitter:title\" content=\"Jak media kreuj\u0105 wizerunek Bidena i \u017be\u0142enskiego - Wolno\u015b\u0107 i Anarchia\" \/>\n\t\t<meta name=\"twitter:description\" content=\"Autor, Jonathan Cook \u0179r\u00f3d\u0142o: Information Clearing House Relacje medialne ze zniszczenia zapory Kachowka i gazoci\u0105gu Nord Stream pokazuj\u0105, \u017ce zachodnie media s\u0105 sk\u0142onne przedk\u0142ada\u0107 antyrosyjsk\u0105 propagand\u0119 nad fakty. 19 czerwca 2023 r.: Clearinghouse \u2013 Hipokryzja staje si\u0119 z dnia na dzie\u0144 coraz bardziej ra\u017c\u0105ca. Te same zachodnie media, kt\u00f3re robi\u0105 wszystko, co w ich mocy, by ostrzega\u0107 o niebezpiecze\u0144stwach dezinformacji,\" \/>\n\t\t<meta name=\"twitter:image\" content=\"https:\/\/wia.net.pl\/wp-content\/uploads\/2023\/11\/cropped-freedom-i73367.jpg\" \/>\n\t\t<script type=\"application\/ld+json\" class=\"aioseo-schema\">\n\t\t\t{\"@context\":\"https:\\\/\\\/schema.org\",\"@graph\":[{\"@type\":\"BlogPosting\",\"@id\":\"https:\\\/\\\/wia.net.pl\\\/index.php\\\/2023\\\/06\\\/29\\\/jak-media-kreuja-wizerunek-bidena-i-zelenskiego\\\/#blogposting\",\"name\":\"Jak media kreuj\\u0105 wizerunek Bidena i \\u017be\\u0142enskiego - Wolno\\u015b\\u0107 i Anarchia\",\"headline\":\"Jak media kreuj\\u0105 wizerunek Bidena i \\u017be\\u0142enskiego\",\"author\":{\"@id\":\"https:\\\/\\\/wia.net.pl\\\/index.php\\\/author\\\/trinity\\\/#author\"},\"publisher\":{\"@id\":\"https:\\\/\\\/wia.net.pl\\\/#person\"},\"image\":{\"@type\":\"ImageObject\",\"url\":\"https:\\\/\\\/wia.net.pl\\\/wp-content\\\/uploads\\\/2023\\\/06\\\/zelenski1.jpg\",\"width\":768,\"height\":432},\"datePublished\":\"2023-06-29T11:40:33+02:00\",\"dateModified\":\"2023-06-29T11:40:34+02:00\",\"inLanguage\":\"pl-PL\",\"mainEntityOfPage\":{\"@id\":\"https:\\\/\\\/wia.net.pl\\\/index.php\\\/2023\\\/06\\\/29\\\/jak-media-kreuja-wizerunek-bidena-i-zelenskiego\\\/#webpage\"},\"isPartOf\":{\"@id\":\"https:\\\/\\\/wia.net.pl\\\/index.php\\\/2023\\\/06\\\/29\\\/jak-media-kreuja-wizerunek-bidena-i-zelenskiego\\\/#webpage\"},\"articleSection\":\"Artyku\\u0142y\"},{\"@type\":\"BreadcrumbList\",\"@id\":\"https:\\\/\\\/wia.net.pl\\\/index.php\\\/2023\\\/06\\\/29\\\/jak-media-kreuja-wizerunek-bidena-i-zelenskiego\\\/#breadcrumblist\",\"itemListElement\":[{\"@type\":\"ListItem\",\"@id\":\"https:\\\/\\\/wia.net.pl#listItem\",\"position\":1,\"name\":\"Home\",\"item\":\"https:\\\/\\\/wia.net.pl\",\"nextItem\":{\"@type\":\"ListItem\",\"@id\":\"https:\\\/\\\/wia.net.pl\\\/index.php\\\/category\\\/artykuly\\\/#listItem\",\"name\":\"Artyku\\u0142y\"}},{\"@type\":\"ListItem\",\"@id\":\"https:\\\/\\\/wia.net.pl\\\/index.php\\\/category\\\/artykuly\\\/#listItem\",\"position\":2,\"name\":\"Artyku\\u0142y\",\"item\":\"https:\\\/\\\/wia.net.pl\\\/index.php\\\/category\\\/artykuly\\\/\",\"nextItem\":{\"@type\":\"ListItem\",\"@id\":\"https:\\\/\\\/wia.net.pl\\\/index.php\\\/2023\\\/06\\\/29\\\/jak-media-kreuja-wizerunek-bidena-i-zelenskiego\\\/#listItem\",\"name\":\"Jak media kreuj\\u0105 wizerunek Bidena i \\u017be\\u0142enskiego\"},\"previousItem\":{\"@type\":\"ListItem\",\"@id\":\"https:\\\/\\\/wia.net.pl#listItem\",\"name\":\"Home\"}},{\"@type\":\"ListItem\",\"@id\":\"https:\\\/\\\/wia.net.pl\\\/index.php\\\/2023\\\/06\\\/29\\\/jak-media-kreuja-wizerunek-bidena-i-zelenskiego\\\/#listItem\",\"position\":3,\"name\":\"Jak media kreuj\\u0105 wizerunek Bidena i \\u017be\\u0142enskiego\",\"previousItem\":{\"@type\":\"ListItem\",\"@id\":\"https:\\\/\\\/wia.net.pl\\\/index.php\\\/category\\\/artykuly\\\/#listItem\",\"name\":\"Artyku\\u0142y\"}}]},{\"@type\":\"Person\",\"@id\":\"https:\\\/\\\/wia.net.pl\\\/#person\",\"name\":\"Bart\\u0142omiej Talarczyk\",\"image\":{\"@type\":\"ImageObject\",\"@id\":\"https:\\\/\\\/wia.net.pl\\\/index.php\\\/2023\\\/06\\\/29\\\/jak-media-kreuja-wizerunek-bidena-i-zelenskiego\\\/#personImage\",\"url\":\"https:\\\/\\\/wia.net.pl\\\/wp-content\\\/uploads\\\/avatar-privacy\\\/cache\\\/user\\\/1\\\/7\\\/176a6b161c58363ff49b5c167264231f519f5c7fa183ca1f61e891769b6b56d5-96.jpg\",\"width\":96,\"height\":96,\"caption\":\"Bart\\u0142omiej Talarczyk\"}},{\"@type\":\"Person\",\"@id\":\"https:\\\/\\\/wia.net.pl\\\/index.php\\\/author\\\/trinity\\\/#author\",\"url\":\"https:\\\/\\\/wia.net.pl\\\/index.php\\\/author\\\/trinity\\\/\",\"name\":\"trinity\",\"image\":{\"@type\":\"ImageObject\",\"@id\":\"https:\\\/\\\/wia.net.pl\\\/index.php\\\/2023\\\/06\\\/29\\\/jak-media-kreuja-wizerunek-bidena-i-zelenskiego\\\/#authorImage\",\"url\":\"https:\\\/\\\/wia.net.pl\\\/wp-content\\\/uploads\\\/avatar-privacy\\\/cache\\\/user\\\/5\\\/f\\\/5f6547cf82495eaa10e100a6a45d5dbde2dfdc1be88557de2018fca705bdf6f1-96.jpg\",\"width\":96,\"height\":96,\"caption\":\"trinity\"}},{\"@type\":\"WebPage\",\"@id\":\"https:\\\/\\\/wia.net.pl\\\/index.php\\\/2023\\\/06\\\/29\\\/jak-media-kreuja-wizerunek-bidena-i-zelenskiego\\\/#webpage\",\"url\":\"https:\\\/\\\/wia.net.pl\\\/index.php\\\/2023\\\/06\\\/29\\\/jak-media-kreuja-wizerunek-bidena-i-zelenskiego\\\/\",\"name\":\"Jak media kreuj\\u0105 wizerunek Bidena i \\u017be\\u0142enskiego - Wolno\\u015b\\u0107 i Anarchia\",\"description\":\"Autor, Jonathan Cook \\u0179r\\u00f3d\\u0142o: Information Clearing House Relacje medialne ze zniszczenia zapory Kachowka i gazoci\\u0105gu Nord Stream pokazuj\\u0105, \\u017ce zachodnie media s\\u0105 sk\\u0142onne przedk\\u0142ada\\u0107 antyrosyjsk\\u0105 propagand\\u0119 nad fakty. 19 czerwca 2023 r.: Clearinghouse \\u2013 Hipokryzja staje si\\u0119 z dnia na dzie\\u0144 coraz bardziej ra\\u017c\\u0105ca. Te same zachodnie media, kt\\u00f3re robi\\u0105 wszystko, co w ich mocy, by ostrzega\\u0107 o niebezpiecze\\u0144stwach dezinformacji,\",\"inLanguage\":\"pl-PL\",\"isPartOf\":{\"@id\":\"https:\\\/\\\/wia.net.pl\\\/#website\"},\"breadcrumb\":{\"@id\":\"https:\\\/\\\/wia.net.pl\\\/index.php\\\/2023\\\/06\\\/29\\\/jak-media-kreuja-wizerunek-bidena-i-zelenskiego\\\/#breadcrumblist\"},\"author\":{\"@id\":\"https:\\\/\\\/wia.net.pl\\\/index.php\\\/author\\\/trinity\\\/#author\"},\"creator\":{\"@id\":\"https:\\\/\\\/wia.net.pl\\\/index.php\\\/author\\\/trinity\\\/#author\"},\"image\":{\"@type\":\"ImageObject\",\"url\":\"https:\\\/\\\/wia.net.pl\\\/wp-content\\\/uploads\\\/2023\\\/06\\\/zelenski1.jpg\",\"@id\":\"https:\\\/\\\/wia.net.pl\\\/index.php\\\/2023\\\/06\\\/29\\\/jak-media-kreuja-wizerunek-bidena-i-zelenskiego\\\/#mainImage\",\"width\":768,\"height\":432},\"primaryImageOfPage\":{\"@id\":\"https:\\\/\\\/wia.net.pl\\\/index.php\\\/2023\\\/06\\\/29\\\/jak-media-kreuja-wizerunek-bidena-i-zelenskiego\\\/#mainImage\"},\"datePublished\":\"2023-06-29T11:40:33+02:00\",\"dateModified\":\"2023-06-29T11:40:34+02:00\"},{\"@type\":\"WebSite\",\"@id\":\"https:\\\/\\\/wia.net.pl\\\/#website\",\"url\":\"https:\\\/\\\/wia.net.pl\\\/\",\"name\":\"Wolno\\u015b\\u0107 i Anarchia\",\"description\":\"Ka\\u017cdy wewn\\u0119trznie jest anarchist\\u0105.\",\"inLanguage\":\"pl-PL\",\"publisher\":{\"@id\":\"https:\\\/\\\/wia.net.pl\\\/#person\"}}]}\n\t\t<\/script>\n\t\t<!-- All in One SEO -->\n\n","aioseo_head_json":{"title":"Jak media kreuj\u0105 wizerunek Bidena i \u017be\u0142enskiego - Wolno\u015b\u0107 i Anarchia","description":"Autor, Jonathan Cook \u0179r\u00f3d\u0142o: Information Clearing House Relacje medialne ze zniszczenia zapory Kachowka i gazoci\u0105gu Nord Stream pokazuj\u0105, \u017ce zachodnie media s\u0105 sk\u0142onne przedk\u0142ada\u0107 antyrosyjsk\u0105 propagand\u0119 nad fakty. 19 czerwca 2023 r.: Clearinghouse \u2013 Hipokryzja staje si\u0119 z dnia na dzie\u0144 coraz bardziej ra\u017c\u0105ca. Te same zachodnie media, kt\u00f3re robi\u0105 wszystko, co w ich mocy, by ostrzega\u0107 o niebezpiecze\u0144stwach dezinformacji,","canonical_url":"https:\/\/wia.net.pl\/index.php\/2023\/06\/29\/jak-media-kreuja-wizerunek-bidena-i-zelenskiego\/","robots":"max-image-preview:large","keywords":"","webmasterTools":{"miscellaneous":""},"schema":{"@context":"https:\/\/schema.org","@graph":[{"@type":"BlogPosting","@id":"https:\/\/wia.net.pl\/index.php\/2023\/06\/29\/jak-media-kreuja-wizerunek-bidena-i-zelenskiego\/#blogposting","name":"Jak media kreuj\u0105 wizerunek Bidena i \u017be\u0142enskiego - Wolno\u015b\u0107 i Anarchia","headline":"Jak media kreuj\u0105 wizerunek Bidena i \u017be\u0142enskiego","author":{"@id":"https:\/\/wia.net.pl\/index.php\/author\/trinity\/#author"},"publisher":{"@id":"https:\/\/wia.net.pl\/#person"},"image":{"@type":"ImageObject","url":"https:\/\/wia.net.pl\/wp-content\/uploads\/2023\/06\/zelenski1.jpg","width":768,"height":432},"datePublished":"2023-06-29T11:40:33+02:00","dateModified":"2023-06-29T11:40:34+02:00","inLanguage":"pl-PL","mainEntityOfPage":{"@id":"https:\/\/wia.net.pl\/index.php\/2023\/06\/29\/jak-media-kreuja-wizerunek-bidena-i-zelenskiego\/#webpage"},"isPartOf":{"@id":"https:\/\/wia.net.pl\/index.php\/2023\/06\/29\/jak-media-kreuja-wizerunek-bidena-i-zelenskiego\/#webpage"},"articleSection":"Artyku\u0142y"},{"@type":"BreadcrumbList","@id":"https:\/\/wia.net.pl\/index.php\/2023\/06\/29\/jak-media-kreuja-wizerunek-bidena-i-zelenskiego\/#breadcrumblist","itemListElement":[{"@type":"ListItem","@id":"https:\/\/wia.net.pl#listItem","position":1,"name":"Home","item":"https:\/\/wia.net.pl","nextItem":{"@type":"ListItem","@id":"https:\/\/wia.net.pl\/index.php\/category\/artykuly\/#listItem","name":"Artyku\u0142y"}},{"@type":"ListItem","@id":"https:\/\/wia.net.pl\/index.php\/category\/artykuly\/#listItem","position":2,"name":"Artyku\u0142y","item":"https:\/\/wia.net.pl\/index.php\/category\/artykuly\/","nextItem":{"@type":"ListItem","@id":"https:\/\/wia.net.pl\/index.php\/2023\/06\/29\/jak-media-kreuja-wizerunek-bidena-i-zelenskiego\/#listItem","name":"Jak media kreuj\u0105 wizerunek Bidena i \u017be\u0142enskiego"},"previousItem":{"@type":"ListItem","@id":"https:\/\/wia.net.pl#listItem","name":"Home"}},{"@type":"ListItem","@id":"https:\/\/wia.net.pl\/index.php\/2023\/06\/29\/jak-media-kreuja-wizerunek-bidena-i-zelenskiego\/#listItem","position":3,"name":"Jak media kreuj\u0105 wizerunek Bidena i \u017be\u0142enskiego","previousItem":{"@type":"ListItem","@id":"https:\/\/wia.net.pl\/index.php\/category\/artykuly\/#listItem","name":"Artyku\u0142y"}}]},{"@type":"Person","@id":"https:\/\/wia.net.pl\/#person","name":"Bart\u0142omiej Talarczyk","image":{"@type":"ImageObject","@id":"https:\/\/wia.net.pl\/index.php\/2023\/06\/29\/jak-media-kreuja-wizerunek-bidena-i-zelenskiego\/#personImage","url":"https:\/\/wia.net.pl\/wp-content\/uploads\/avatar-privacy\/cache\/user\/1\/7\/176a6b161c58363ff49b5c167264231f519f5c7fa183ca1f61e891769b6b56d5-96.jpg","width":96,"height":96,"caption":"Bart\u0142omiej Talarczyk"}},{"@type":"Person","@id":"https:\/\/wia.net.pl\/index.php\/author\/trinity\/#author","url":"https:\/\/wia.net.pl\/index.php\/author\/trinity\/","name":"trinity","image":{"@type":"ImageObject","@id":"https:\/\/wia.net.pl\/index.php\/2023\/06\/29\/jak-media-kreuja-wizerunek-bidena-i-zelenskiego\/#authorImage","url":"https:\/\/wia.net.pl\/wp-content\/uploads\/avatar-privacy\/cache\/user\/5\/f\/5f6547cf82495eaa10e100a6a45d5dbde2dfdc1be88557de2018fca705bdf6f1-96.jpg","width":96,"height":96,"caption":"trinity"}},{"@type":"WebPage","@id":"https:\/\/wia.net.pl\/index.php\/2023\/06\/29\/jak-media-kreuja-wizerunek-bidena-i-zelenskiego\/#webpage","url":"https:\/\/wia.net.pl\/index.php\/2023\/06\/29\/jak-media-kreuja-wizerunek-bidena-i-zelenskiego\/","name":"Jak media kreuj\u0105 wizerunek Bidena i \u017be\u0142enskiego - Wolno\u015b\u0107 i Anarchia","description":"Autor, Jonathan Cook \u0179r\u00f3d\u0142o: Information Clearing House Relacje medialne ze zniszczenia zapory Kachowka i gazoci\u0105gu Nord Stream pokazuj\u0105, \u017ce zachodnie media s\u0105 sk\u0142onne przedk\u0142ada\u0107 antyrosyjsk\u0105 propagand\u0119 nad fakty. 19 czerwca 2023 r.: Clearinghouse \u2013 Hipokryzja staje si\u0119 z dnia na dzie\u0144 coraz bardziej ra\u017c\u0105ca. Te same zachodnie media, kt\u00f3re robi\u0105 wszystko, co w ich mocy, by ostrzega\u0107 o niebezpiecze\u0144stwach dezinformacji,","inLanguage":"pl-PL","isPartOf":{"@id":"https:\/\/wia.net.pl\/#website"},"breadcrumb":{"@id":"https:\/\/wia.net.pl\/index.php\/2023\/06\/29\/jak-media-kreuja-wizerunek-bidena-i-zelenskiego\/#breadcrumblist"},"author":{"@id":"https:\/\/wia.net.pl\/index.php\/author\/trinity\/#author"},"creator":{"@id":"https:\/\/wia.net.pl\/index.php\/author\/trinity\/#author"},"image":{"@type":"ImageObject","url":"https:\/\/wia.net.pl\/wp-content\/uploads\/2023\/06\/zelenski1.jpg","@id":"https:\/\/wia.net.pl\/index.php\/2023\/06\/29\/jak-media-kreuja-wizerunek-bidena-i-zelenskiego\/#mainImage","width":768,"height":432},"primaryImageOfPage":{"@id":"https:\/\/wia.net.pl\/index.php\/2023\/06\/29\/jak-media-kreuja-wizerunek-bidena-i-zelenskiego\/#mainImage"},"datePublished":"2023-06-29T11:40:33+02:00","dateModified":"2023-06-29T11:40:34+02:00"},{"@type":"WebSite","@id":"https:\/\/wia.net.pl\/#website","url":"https:\/\/wia.net.pl\/","name":"Wolno\u015b\u0107 i Anarchia","description":"Ka\u017cdy wewn\u0119trznie jest anarchist\u0105.","inLanguage":"pl-PL","publisher":{"@id":"https:\/\/wia.net.pl\/#person"}}]},"og:locale":"pl_PL","og:site_name":"Wolno\u015b\u0107 i Anarchia - Ka\u017cdy wewn\u0119trznie jest anarchist\u0105.","og:type":"article","og:title":"Jak media kreuj\u0105 wizerunek Bidena i \u017be\u0142enskiego - Wolno\u015b\u0107 i Anarchia","og:description":"Autor, Jonathan Cook \u0179r\u00f3d\u0142o: Information Clearing House Relacje medialne ze zniszczenia zapory Kachowka i gazoci\u0105gu Nord Stream pokazuj\u0105, \u017ce zachodnie media s\u0105 sk\u0142onne przedk\u0142ada\u0107 antyrosyjsk\u0105 propagand\u0119 nad fakty. 19 czerwca 2023 r.: Clearinghouse \u2013 Hipokryzja staje si\u0119 z dnia na dzie\u0144 coraz bardziej ra\u017c\u0105ca. Te same zachodnie media, kt\u00f3re robi\u0105 wszystko, co w ich mocy, by ostrzega\u0107 o niebezpiecze\u0144stwach dezinformacji,","og:url":"https:\/\/wia.net.pl\/index.php\/2023\/06\/29\/jak-media-kreuja-wizerunek-bidena-i-zelenskiego\/","og:image":"https:\/\/wia.net.pl\/wp-content\/uploads\/2023\/11\/cropped-freedom-i73367.jpg","og:image:secure_url":"https:\/\/wia.net.pl\/wp-content\/uploads\/2023\/11\/cropped-freedom-i73367.jpg","article:published_time":"2023-06-29T09:40:33+00:00","article:modified_time":"2023-06-29T09:40:34+00:00","twitter:card":"summary_large_image","twitter:title":"Jak media kreuj\u0105 wizerunek Bidena i \u017be\u0142enskiego - Wolno\u015b\u0107 i Anarchia","twitter:description":"Autor, Jonathan Cook \u0179r\u00f3d\u0142o: Information Clearing House Relacje medialne ze zniszczenia zapory Kachowka i gazoci\u0105gu Nord Stream pokazuj\u0105, \u017ce zachodnie media s\u0105 sk\u0142onne przedk\u0142ada\u0107 antyrosyjsk\u0105 propagand\u0119 nad fakty. 19 czerwca 2023 r.: Clearinghouse \u2013 Hipokryzja staje si\u0119 z dnia na dzie\u0144 coraz bardziej ra\u017c\u0105ca. Te same zachodnie media, kt\u00f3re robi\u0105 wszystko, co w ich mocy, by ostrzega\u0107 o niebezpiecze\u0144stwach dezinformacji,","twitter:image":"https:\/\/wia.net.pl\/wp-content\/uploads\/2023\/11\/cropped-freedom-i73367.jpg"},"aioseo_meta_data":{"post_id":"2854","title":null,"description":null,"keywords":[],"keyphrases":{"focus":{"keyphrase":"","score":0,"analysis":{"keyphraseInTitle":{"score":0,"maxScore":9,"error":1}}},"additional":[]},"primary_term":null,"canonical_url":null,"og_title":null,"og_description":null,"og_object_type":"default","og_image_type":"default","og_image_url":null,"og_image_width":null,"og_image_height":null,"og_image_custom_url":null,"og_image_custom_fields":null,"og_video":"","og_custom_url":null,"og_article_section":null,"og_article_tags":[],"twitter_use_og":false,"twitter_card":"default","twitter_image_type":"default","twitter_image_url":null,"twitter_image_custom_url":null,"twitter_image_custom_fields":null,"twitter_title":null,"twitter_description":null,"schema":{"blockGraphs":[],"customGraphs":[],"default":{"data":{"Article":[],"Course":[],"Dataset":[],"FAQPage":[],"Movie":[],"Person":[],"Product":[],"ProductReview":[],"Car":[],"Recipe":[],"Service":[],"SoftwareApplication":[],"WebPage":[]},"graphName":"BlogPosting","isEnabled":true},"graphs":[]},"schema_type":"default","schema_type_options":null,"pillar_content":false,"robots_default":true,"robots_noindex":false,"robots_noarchive":false,"robots_nosnippet":false,"robots_nofollow":false,"robots_noimageindex":false,"robots_noodp":false,"robots_notranslate":false,"robots_max_snippet":"-1","robots_max_videopreview":"-1","robots_max_imagepreview":"large","priority":null,"frequency":"default","local_seo":null,"breadcrumb_settings":null,"limit_modified_date":false,"ai":null,"created":"2023-06-29 09:40:34","updated":"2025-06-04 08:28:23","seo_analyzer_scan_date":null,"focus_keyword":null,"additional_keywords":null,"truseo_locale":null},"aioseo_breadcrumb":"<div class=\"aioseo-breadcrumbs\"><span class=\"aioseo-breadcrumb\">\n\t\t\t<a href=\"https:\/\/wia.net.pl\" title=\"Home\">Home<\/a>\n\t\t<\/span><span class=\"aioseo-breadcrumb-separator\">&raquo;<\/span><span class=\"aioseo-breadcrumb\">\n\t\t\t<a href=\"https:\/\/wia.net.pl\/index.php\/category\/artykuly\/\" title=\"Artyku\u0142y\">Artyku\u0142y<\/a>\n\t\t<\/span><span class=\"aioseo-breadcrumb-separator\">&raquo;<\/span><span class=\"aioseo-breadcrumb\">\n\t\t\tJak media kreuj\u0105 wizerunek Bidena i \u017be\u0142enskiego\n\t\t<\/span><\/div>","aioseo_breadcrumb_json":[{"label":"Home","link":"https:\/\/wia.net.pl"},{"label":"Artyku\u0142y","link":"https:\/\/wia.net.pl\/index.php\/category\/artykuly\/"},{"label":"Jak media kreuj\u0105 wizerunek Bidena i \u017be\u0142enskiego","link":"https:\/\/wia.net.pl\/index.php\/2023\/06\/29\/jak-media-kreuja-wizerunek-bidena-i-zelenskiego\/"}],"_links":{"self":[{"href":"https:\/\/wia.net.pl\/index.php\/wp-json\/wp\/v2\/posts\/2854"}],"collection":[{"href":"https:\/\/wia.net.pl\/index.php\/wp-json\/wp\/v2\/posts"}],"about":[{"href":"https:\/\/wia.net.pl\/index.php\/wp-json\/wp\/v2\/types\/post"}],"author":[{"embeddable":true,"href":"https:\/\/wia.net.pl\/index.php\/wp-json\/wp\/v2\/users\/2"}],"replies":[{"embeddable":true,"href":"https:\/\/wia.net.pl\/index.php\/wp-json\/wp\/v2\/comments?post=2854"}],"version-history":[{"count":1,"href":"https:\/\/wia.net.pl\/index.php\/wp-json\/wp\/v2\/posts\/2854\/revisions"}],"predecessor-version":[{"id":2856,"href":"https:\/\/wia.net.pl\/index.php\/wp-json\/wp\/v2\/posts\/2854\/revisions\/2856"}],"wp:featuredmedia":[{"embeddable":true,"href":"https:\/\/wia.net.pl\/index.php\/wp-json\/wp\/v2\/media\/2855"}],"wp:attachment":[{"href":"https:\/\/wia.net.pl\/index.php\/wp-json\/wp\/v2\/media?parent=2854"}],"wp:term":[{"taxonomy":"category","embeddable":true,"href":"https:\/\/wia.net.pl\/index.php\/wp-json\/wp\/v2\/categories?post=2854"},{"taxonomy":"post_tag","embeddable":true,"href":"https:\/\/wia.net.pl\/index.php\/wp-json\/wp\/v2\/tags?post=2854"}],"curies":[{"name":"wp","href":"https:\/\/api.w.org\/{rel}","templated":true}]}}