{"id":2880,"date":"2023-06-29T20:18:31","date_gmt":"2023-06-29T18:18:31","guid":{"rendered":"https:\/\/wia.net.pl\/?p=2880"},"modified":"2023-06-29T20:18:32","modified_gmt":"2023-06-29T18:18:32","slug":"schwab-mowi-ze-chetnie-nauczy-sie-od-chin-ich-wizji-swiata","status":"publish","type":"post","link":"https:\/\/wia.net.pl\/index.php\/2023\/06\/29\/schwab-mowi-ze-chetnie-nauczy-sie-od-chin-ich-wizji-swiata\/","title":{"rendered":"Schwab m\u00f3wi, \u017ce ch\u0119tnie nauczy si\u0119 od Chin ich wizji \u015bwiata"},"content":{"rendered":"\n<p><strong>Klaus Schwab m\u00f3wi, \u017ce ch\u0119tnie nauczy si\u0119 od Chin ich wizji \u015bwiata<\/strong><\/p>\n\n\n\n<p>Autor,\u00a0<a href=\"https:\/\/expose-news.com\/author\/rhoda-wilson\/\">RHODA WILSON<\/a><\/p>\n\n\n\n<p><\/p>\n\n\n\n<figure class=\"wp-block-image size-large\"><img loading=\"lazy\" decoding=\"async\" width=\"1024\" height=\"576\" src=\"https:\/\/wia.net.pl\/wp-content\/uploads\/2023\/06\/tja-1024x576.jpg\" alt=\"\" class=\"wp-image-2881\" srcset=\"https:\/\/wia.net.pl\/wp-content\/uploads\/2023\/06\/tja-1024x576.jpg 1024w, https:\/\/wia.net.pl\/wp-content\/uploads\/2023\/06\/tja-300x169.jpg 300w, https:\/\/wia.net.pl\/wp-content\/uploads\/2023\/06\/tja-768x432.jpg 768w, https:\/\/wia.net.pl\/wp-content\/uploads\/2023\/06\/tja-1536x864.jpg 1536w, https:\/\/wia.net.pl\/wp-content\/uploads\/2023\/06\/tja-480x270.jpg 480w, https:\/\/wia.net.pl\/wp-content\/uploads\/2023\/06\/tja.jpg 1920w\" sizes=\"(max-width: 1024px) 100vw, 1024px\" \/><\/figure>\n\n\n\n<p><\/p>\n\n\n\n<p><strong>We wtorek na letnim Davos \u015awiatowego Forum Ekonomicznego Klaus Schwab wyrazi\u0142 sw\u00f3j podziw dla chi\u0144skich urz\u0119dnik\u00f3w, m\u00f3wi\u0105c, \u017ce \u201emy\u201d doceniamy d\u0142ugoterminowe wsparcie \u201enaszych chi\u0144skich przyjaci\u00f3\u0142\u201d.\u00a0Chwali\u0142 tak\u017ce osi\u0105gni\u0119cia Chin w \u201erozwoju spo\u0142ecznym\u201d.\u00a0Dodaj\u0105c: \u201eChcemy uczy\u0107 si\u0119 na podstawie twojej wizji Chin i \u015bwiata\u201d.<\/strong><\/p>\n\n\n\n<h3 class=\"wp-block-heading\"><strong>Komunistyczne Davos latem<\/strong><\/h3>\n\n\n\n<p>W 2023 r. \u015awiatowe Forum Ekonomiczne powr\u00f3ci\u0142o do zwo\u0142ywania \u201eletniego Davos\u201d.&nbsp;W tym tygodniu, pocz\u0105wszy od 27 czerwca,&nbsp;w Tianjin w Chinach odbywa si\u0119&nbsp;<a href=\"https:\/\/www.weforum.org\/events\/annual-meeting-of-the-new-champions-2023\">14. Doroczne Spotkanie Nowych Mistrz\u00f3w .&nbsp;<\/a>Tematem spotkania jest \u201ePrzedsi\u0119biorczo\u015b\u0107: si\u0142a nap\u0119dowa globalnej gospodarki\u201d.<\/p>\n\n\n\n<p>\u201eSpotkanie zgromadzi ponad 1500 \u015bwiatowych lider\u00f3w z biznesu, rz\u0105du, spo\u0142ecze\u0144stwa obywatelskiego, organizacji mi\u0119dzynarodowych, a tak\u017ce spo\u015br\u00f3d innowator\u00f3w i naukowc\u00f3w, w kluczowym momencie dla globalnego o\u017cywienia gospodarczego\u201d, stwierdzi\u0142o \u015awiatowe Forum Ekonomiczne&nbsp;<a href=\"https:\/\/www.weforum.org\/agenda\/2023\/06\/amnc-2023-day-1-heres-everything-you-need-to-know\/\">w<\/a>&nbsp;przededniu wydarzenie.&nbsp;Chocia\u017c patrz\u0105c na publiczno\u015b\u0107 wydaje si\u0119, \u017ce obecnych by\u0142o niewiele os\u00f3b spoza Chin czy Azji.<\/p>\n\n\n\n<p>\u201eForum, z ponad 40-letnim przyjaznym i szerokim partnerstwem z Chinami\u2026 Doceniamy d\u0142ugoterminowe wsparcie naszych chi\u0144skich przyjaci\u00f3\u0142, wielu ministr\u00f3w, kt\u00f3rzy s\u0105 tu z nami dzisiaj, a tak\u017ce dzi\u0119kujemy za udzia\u0142\u2026 Premier Li [Qiang ] ch\u0119tnie poznamy Twoj\u0105 wizj\u0119 Chin i \u015bwiata\u201d \u2014 powiedzia\u0142 Klaus Schwab.&nbsp;<\/p>\n\n\n\n<p>Dziwacznie w swoim przem\u00f3wieniu premier Li odnosi si\u0119 do Chin, drugiej co do wielko\u015bci gospodarki \u015bwiata, jako do kraju rozwijaj\u0105cego si\u0119.&nbsp;\u201eDzisiejsze Chiny s\u0105 nadal najwi\u0119kszym krajem rozwijaj\u0105cym si\u0119 na \u015bwiecie\u201d \u2013 powiedzia\u0142.&nbsp;Je\u015bli chodzi o wizj\u0119 Komunistycznej Partii Chin (\u201eKPCh\u201d) dotycz\u0105c\u0105 \u015bwiata lub \u201eglobalnej wioski\u201d, jak j\u0105 nazwa\u0142, Li powiedzia\u0142: \u201eMusimy dzia\u0142a\u0107 zgodnie z wizj\u0105 wsp\u00f3lnoty ze wsp\u00f3ln\u0105 przysz\u0142o\u015bci\u0105 ludzko\u015bci przedstawion\u0105 przez Przewodnicz\u0105cego Xi Jinpinga i wsp\u00f3lnie realizowa\u0107 Globaln\u0105 Inicjatyw\u0119 Rozwoju, Globaln\u0105 Inicjatyw\u0119 Bezpiecze\u0144stwa i Globaln\u0105 Inicjatyw\u0119 Cywilizacji\u2026 Chi\u0144ska gospodarka jest g\u0142\u0119boko zintegrowana z gospodark\u0105 \u015bwiatow\u0105.&nbsp;Chiny rozwin\u0119\u0142y si\u0119, przyjmuj\u0105c globalizacj\u0119 i sta\u0142y si\u0119 najbardziej zagorza\u0142\u0105 si\u0142\u0105 na rzecz globalizacji\u201d.<\/p>\n\n\n\n<p>Globalna&nbsp;<a href=\"https:\/\/www.lowyinstitute.org\/the-interpreter\/unpacking-china-s-global-development-initiative\">inicjatywa na rzecz rozwoju<\/a>&nbsp;zosta\u0142a zaproponowana przez Chiny we wrze\u015bniu 2021 r. w celu wsparcia terminowej realizacji wszystkich 17 cel\u00f3w zr\u00f3wnowa\u017conego rozwoju Agendy na rzecz zr\u00f3wnowa\u017conego rozwoju 2030.<\/p>\n\n\n\n<p>Chi\u0144ska&nbsp;<a href=\"https:\/\/blog.prif.org\/2023\/03\/02\/chinas-new-global-security-initiative-a-rising-power-spreads-its-wings\/\">Globalna Inicjatywa Bezpiecze\u0144stwa<\/a>&nbsp;zosta\u0142a zaproponowana przez prezydenta Xi Jinpinga 21 kwietnia 2022 r.&nbsp;<a href=\"https:\/\/www.fmprc.gov.cn\/mfa_eng\/wjbxw\/202302\/t20230221_11028348.html\">Jej celem jest<\/a>&nbsp;wyeliminowanie pierwotnych przyczyn konflikt\u00f3w mi\u0119dzynarodowych, poprawa globalnego zarz\u0105dzania bezpiecze\u0144stwem, zach\u0119cenie do wsp\u00f3lnych mi\u0119dzynarodowych wysi\u0142k\u00f3w na rzecz zapewnienia wi\u0119kszej stabilno\u015bci i pewno\u015bci w niestabilnej i zmieniaj\u0105cej si\u0119 epoce oraz promowanie trwa\u0142ego pokoju i rozwoju na \u015bwiecie.<\/p>\n\n\n\n<p>Chi\u0144ska&nbsp;<a href=\"https:\/\/news.cgtn.com\/news\/2023-04-25\/Xi-sends-congratulatory-letter-to-General-Assembly-of-the-ACHA-1jhDYb3GH5u\/index.html\">Inicjatywa Globalnej Cywilizacji<\/a>&nbsp;, zaproponowana przez prezydenta Xi Jinpinga w marcu 2023 r., to trzy uzupe\u0142niaj\u0105ce si\u0119 koncepcje w ramach \u201e&nbsp;<a href=\"https:\/\/thediplomat.com\/2017\/10\/the-community-of-common-destiny-in-xi-jinpings-new-era\/\">Wsp\u00f3lnoty wsp\u00f3lnego przeznaczenia<\/a>&nbsp;\u201d.&nbsp;Promowanie \u201espo\u0142eczno\u015bci wsp\u00f3lnej przysz\u0142o\u015bci\u201d jest nadrz\u0119dnym celem chi\u0144skiej inicjatywy Belt and Road Initiative.&nbsp;\u201eWsp\u00f3lnota wsp\u00f3lnego przeznaczenia\u201d i \u201ewsp\u00f3lnota wsp\u00f3lnej przysz\u0142o\u015bci\u201d to dwa oficjalne t\u0142umaczenia tego samego chi\u0144skiego wyra\u017cenia.&nbsp;<a href=\"https:\/\/thediplomat.com\/2023\/06\/the-trouble-with-chinas-global-civilization-initiative\/\">Globalna Inicjatywa Obywatelska uzupe\u0142nia i \u0142\u0105czy si\u0119 z<\/a>&nbsp;Globaln\u0105 Inicjatyw\u0105 Rozwoju i Globaln\u0105 Inicjatyw\u0105 Bezpiecze\u0144stwa, reprezentuj\u0105c chi\u0144sk\u0105 \u201em\u0105dro\u015b\u0107 i rozwi\u0105zania dla \u015bwiata\u201d.<\/p>\n\n\n\n<p>Schwab nie wspomnia\u0142 o drako\u0144skich kontrolach i \u015brodkach na\u0142o\u017conych na Chi\u0144czyk\u00f3w pod pretekstem pandemii covid.&nbsp;Zamiast tego Schwab zignorowa\u0142 przera\u017caj\u0105ce naruszenia praw cz\u0142owieka przez KPCh i zdecydowa\u0142 si\u0119 komentowa\u0107 tylko reakcje covid po zako\u0144czeniu przera\u017caj\u0105cej polityki zero covid: \u201eW marcu\u2026 Chiny przyj\u0119\u0142y nowe \u015brodki kontroli covid i zacz\u0119\u0142y pobudza\u0107 rozw\u00f3j gospodarczy, dynamik\u0119 spo\u0142eczn\u0105 i wsp\u00f3\u0142praca mi\u0119dzynarodowa\u2026 w pierwszym p\u00f3\u0142roczu Chiny dokona\u0142y niezwyk\u0142ych osi\u0105gni\u0119\u0107 w gospodarce, rozwoju spo\u0142ecznym, dyplomacji i wielu innych dziedzinach\u201d.<\/p>\n\n\n\n<p>Poni\u017cej znajduj\u0105 si\u0119 uwagi otwieraj\u0105ce Schwaba na Summer Davos, po kt\u00f3rych nast\u0119puje Li.&nbsp;Je\u015bli masz jakiekolwiek w\u0105tpliwo\u015bci, czy WEF realizuje komunistyczny plan, warto pos\u0142ucha\u0107 przem\u00f3wienia Li.&nbsp;M\u00f3g\u0142 go dostarczy\u0107 ka\u017cdy z WEF, ONZ, WHO lub kt\u00f3rykolwiek z ich gadaj\u0105cych g\u0142\u00f3w \u2013 wszyscy kieruj\u0105 si\u0119 tym samym scenariuszem.&nbsp;Pozostaje tylko pytanie: kto napisa\u0142 scenariusz?<\/p>\n\n\n\n<p>https:\/\/www.youtube.com\/embed\/NI6_8_zrsGs?version=3&amp;rel=1&amp;showsearch=0&amp;showinfo=1&amp;iv_load_policy=1&amp;fs=1&amp;hl=en-US&amp;autohide=2&amp;wmode=transparent\u015awiatowe Forum Ekonomiczne: otwarcie sesji plenarnej z Li Qiangiem, 26 czerwca 2023 r<\/p>\n\n\n\n<p>Warto zauwa\u017cy\u0107, \u017ce dziesi\u0119\u0107 dni przed rozpocz\u0119ciem letniego spotkania WEF w Davos&nbsp;<a href=\"https:\/\/www.dw.com\/en\/bill-gates-meets-chinas-president-xi-jinping\/a-65934535\">Bill Gates spotka\u0142 si\u0119<\/a>&nbsp;w Pekinie z chi\u0144skim prezydentem Xi Jinpingiem.&nbsp;Xi nazwa\u0142 Gatesa \u201estarym przyjacielem\u201d.&nbsp;<a href=\"https:\/\/techcrunch.com\/2023\/06\/15\/bill-gates-meets-with-president-xi-jinping-in-beijing\/\">Xi powiedzia\u0142 Gatesowi<\/a>&nbsp;: \u201eJeste\u015b pierwszym ameryka\u0144skim przyjacielem, kt\u00f3rego spotka\u0142em w Pekinie w tym roku\u201d.&nbsp;Gates chce pom\u00f3c Chinom w walce z malari\u0105 i gru\u017alic\u0105 za po\u015brednictwem Global Health Drug Discovery Institute (GHDDI), grupy z siedzib\u0105 w Pekinie, utworzonej przez Gatesa.<\/p>\n\n\n\n<h3 class=\"wp-block-heading\"><strong>Przera\u017caj\u0105ce \u0142amanie praw cz\u0142owieka w Chinach<\/strong><\/h3>\n\n\n\n<p>Wielu udost\u0119pni\u0142o fragment przem\u00f3wienia Schwaba, twierdz\u0105c, \u017ce Schwab chwali\u0142 straszliw\u0105 polityk\u0119 KPCh \u201ezero covid\u201d.&nbsp;<\/p>\n\n\n\n<p><\/p>\n\n\n\n<p>Klip w powy\u017cszym tweecie pochodzi z&nbsp;<a href=\"https:\/\/youtu.be\/NI6_8_zrsGs\">przem\u00f3wienia Schwaba na<\/a>&nbsp;spotkaniu WEF Summer Davos, rozpoczynaj\u0105cym si\u0119 o godzinie 5:44.&nbsp;<\/p>\n\n\n\n<p>Jednak, jak wspomnieli\u015bmy, Schwab celowo unika\u0142 wszelkich odniesie\u0144 do okropnego pokazu przez KPCh surowej si\u0142y do \u200b\u200bkontrolowania i niszczenia do woli.&nbsp;Powiedziawszy to, nie mo\u017cemy rozwa\u017ca\u0107 wizji KPCh dla \u015bwiata, nie wspominaj\u0105c o tym haniebnym okresie niedawnej przesz\u0142o\u015bci Chin.<\/p>\n\n\n\n<p>W maju 2022 r.&nbsp;<a href=\"https:\/\/breakinginasia.com\/2022\/05\/10\/china-says-coronavirus-patients-who-die-face-expulsion-from-ccp\/\">Chiny poinformowa\u0142y, \u017ce pacjenci z koronawirusem, kt\u00f3rzy umr\u0105, zostan\u0105 wydaleni<\/a>&nbsp;z KPCh.&nbsp;Chiny ostrzeg\u0142y, \u017ce wszelkie ofiary nowej epidemii koronawirusa, kt\u00f3re nie zmierz\u0105 si\u0119 z chorob\u0105 \u201eodwa\u017cnie\u201d, a nast\u0119pnie umr\u0105, nie b\u0119d\u0105 ju\u017c uwa\u017cane za cz\u0142onk\u00f3w KPCh o dobrej reputacji.<\/p>\n\n\n\n<p>Podczas gdy \u015bwiat wycofywa\u0142 ju\u017c \u015brodki zapobiegania covidowi, w 2022 r. g\u0142\u00f3wne chi\u0144skie miasta ponownie obj\u0119to \u015bcis\u0142ymi blokadami. Wiosn\u0105 w mediach spo\u0142eczno\u015bciowych i korporacyjnych pojawi\u0142y si\u0119 szokuj\u0105ce filmy z Szanghaju, na kt\u00f3rych mieszka\u0144cy krzycz\u0105 ze swoich balkon\u00f3w podczas kolejnej surowej blokady, aby zapobiec rozprzestrzenianie si\u0119 covida.<\/p>\n\n\n\n<p>W drugiej po\u0142owie 2022 roku pojawi\u0142y si\u0119 doniesienia o samob\u00f3jstwach mieszka\u0144c\u00f3w, kt\u00f3rzy nie mogli otrzyma\u0107 \u017cadnej innej opieki zdrowotnej ni\u017c leczenie covidowe, a ca\u0142a rodzina zgin\u0119\u0142a w po\u017carze, gdy stra\u017cacy nie zostali wpuszczeni do ich zamkni\u0119tego kompleksu.<\/p>\n\n\n\n<p>Pracownicy fabryk najpierw wyszli na ulice, aby zaprotestowa\u0107 przeciwko surowym \u015brodkom blokuj\u0105cym, a nast\u0119pnie pod koniec 2022 r. pod\u0105\u017cyli za nimi studenci uniwersytet\u00f3w w du\u017cych miastach.<\/p>\n\n\n\n<p>Czytaj wi\u0119cej:&nbsp;<a href=\"https:\/\/thediplomat.com\/2023\/01\/china-suddenly-abandoned-its-zero-covid-policy-how-did-it-start-in-the-first-place\/\">Chiny nagle porzuci\u0142y polityk\u0119 Zero Covid.&nbsp;Jak to si\u0119 zacz\u0119\u0142o?&nbsp;<\/a>Dyplomata, 28 stycznia 2023 r<\/p>\n\n\n\n<p>Nieca\u0142e dwa tygodnie po rozpocz\u0119ciu protest\u00f3w chi\u0144skie w\u0142adze og\u0142osi\u0142y, \u017ce wycofuj\u0105 prawie wszystkie swoje polityki zero-covid.&nbsp;7 grudnia 2022 r. chi\u0144ski rz\u0105d przedstawi\u0142&nbsp;<a href=\"http:\/\/www.nhc.gov.cn\/xcs\/gzzcwj\/202212\/8278e7a7aee34e5bb378f0e0fc94e0f0.shtml\">10 nowych wytycznych<\/a>&nbsp;, z kt\u00f3rych jednym by\u0142o przyspieszenie szczepie\u0144 os\u00f3b starszych.<\/p>\n\n\n\n<p>Wydaje si\u0119, \u017ce istniej\u0105 dwa g\u0142\u00f3wne powody, dla kt\u00f3rych chi\u0144ski rz\u0105d zdecydowa\u0142 si\u0119 z\u0142agodzi\u0107 swoj\u0105 polityk\u0119 \u201ezero covid\u201d.&nbsp;Pierwsza to katastrofalna strata ekonomiczna.&nbsp;Za drugi pow\u00f3d uwa\u017ca si\u0119 zmian\u0119 nastroj\u00f3w spo\u0142ecznych<\/p>\n\n\n\n<p>W styczniu 2023 r., rozw\u015bcieczeni prawie trzema latami surowej polityki covid-19, mieszka\u0144cy prawie ka\u017cdego wi\u0119kszego chi\u0144skiego miasta zorganizowali czuwania upami\u0119tniaj\u0105ce \u017cycie tych, kt\u00f3rzy zmarli w warunkach zamkni\u0119cia lub poniewa\u017c odm\u00f3wiono im potencjalnie ratuj\u0105cej \u017cycie opieki.&nbsp;Demonstracje by\u0142y r\u00f3wnie\u017c pot\u0119\u017cn\u0105 nagan\u0105 dla chi\u0144skiego przyw\u00f3dcy Xi Jinpinga, kt\u00f3ry sta\u0142 si\u0119 \u015bci\u015ble powi\u0105zany z pakietem przepis\u00f3w lu\u017ano okre\u015blanych jako \u201ezero covid\u201d.<\/p>\n\n\n\n<p>Czytaj wi\u0119cej:&nbsp;<a href=\"https:\/\/www.npr.org\/2023\/01\/11\/1148251868\/china-covid-lockdown-protests-arrests\">W\u0142adze Chin po cichu wy\u0142apuj\u0105 ludzi, kt\u00f3rzy protestowali przeciwko przepisom covidowym&nbsp;<\/a><a href=\"https:\/\/www.38north.org\/2023\/02\/the-end-of-chinas-zero-covid-policy-and-takeaways-for-north-korea\/\">,<\/a>&nbsp;NPR, 11&nbsp;stycznia 2023 r.<\/p>\n\n\n\n<p>W zesz\u0142ym miesi\u0105cu dr Zhang Wenhong, dyrektor Centrum Chor\u00f3b Zaka\u017anych w Szpitalu Huashan w Szanghaju i kluczowa posta\u0107 chi\u0144skiej reakcji na COVID, stwierdzi\u0142 w wywiadzie dla chi\u0144skich medi\u00f3w, \u017ce w obliczu przewidywanej epidemii COVID-19 w czerwcu, kraj \u201enie powinien posuwa\u0107 si\u0119 za daleko w podejmowaniu \u015brodk\u00f3w zapobiegaj\u0105cych pandemii w odpowiedzi\u201d, odnosz\u0105c si\u0119 do zesz\u0142orocznych surowych ogranicze\u0144 i blokad, kt\u00f3re zahamowa\u0142y wzrost gospodarczy Chin.&nbsp;The&nbsp;<em>New York Times<\/em>&nbsp;doni\u00f3s\u0142, \u017ce chi\u0144scy urz\u0119dnicy wydaj\u0105 si\u0119 pr\u00f3bowa\u0107 pozby\u0107 si\u0119 surowych ogranicze\u0144, kt\u00f3re do ko\u0144ca ubieg\u0142ego roku wyczerpa\u0142y tolerancj\u0119 opinii publicznej.<\/p>\n\n\n\n<p>Czytaj wi\u0119cej:&nbsp;<a href=\"https:\/\/www.wionews.com\/world\/covid-19-resurgence-hits-china-but-nation-to-sidestep-from-lockdown-approach-report-597653\">Covid-19 odradza si\u0119, ale Chiny nie wracaj\u0105 do lockdownu<\/a>&nbsp;, WION, 29 maja 2023<\/p>\n\n\n\n<p>Sociable zwr\u00f3ci\u0142o uwag\u0119 na inne \u015brodki KPCh \u2013 takie jak masowa inwigilacja, dzia\u0142ania policyjne predykcyjne, profilowanie genetyczne i oceny wiarygodno\u015bci spo\u0142ecznej \u2013 kt\u00f3re warto odnotowa\u0107, rozwa\u017caj\u0105c chi\u0144sk\u0105 wizj\u0119 \u015bwiata.&nbsp;Artyku\u0142 Sociable mo\u017cna przeczyta\u0107&nbsp;<a href=\"https:\/\/sociable.co\/government-and-policy\/klaus-schwab-praises-ccp-covid-control-measures-summer-davos-china\/\">TUTAJ<\/a>&nbsp;.<\/p>\n\n\n\n<h3 class=\"wp-block-heading\"><strong>Rozw\u00f3j spo\u0142eczny nie ma okre\u015blonego znaczenia<\/strong><\/h3>\n\n\n\n<p>Wracaj\u0105c do przem\u00f3wie\u0144 wst\u0119pnych Schwaba w chi\u0144skim Davos, u\u017cy\u0142 on dw\u00f3ch wartych odnotowania termin\u00f3w: \u201edynamizm spo\u0142eczny\u201d i \u201erozw\u00f3j spo\u0142eczny\u201d.&nbsp;Nie mamy poj\u0119cia, co oznacza dynamizm spo\u0142eczny i by\u0107 mo\u017ce warto go zbada\u0107 i stworzy\u0107 w\u0142asny artyku\u0142, bior\u0105c pod uwag\u0119 czas i d\u0142ugi tekst wymagany przy pr\u00f3bie zdefiniowania \u201erozwoju spo\u0142ecznego\u201d poni\u017cej.<\/p>\n\n\n\n<p>Nie jest jasne, co Schwab ma na my\u015bli, m\u00f3wi\u0105c o \u201erozwoju spo\u0142ecznym\u201d.&nbsp;Poszukiwania&nbsp;definicji tego terminu zar\u00f3wno na stronach internetowych WEF, jak i&nbsp;<a href=\"https:\/\/www.schwabfound.org\/\">Schwab Foundation okazuj\u0105 si\u0119 niezadowalaj\u0105ce.&nbsp;<\/a>Prawie zawsze jest wymieniany w po\u0142\u0105czeniu z \u201eekonomicznym\u201d, w wyra\u017ceniu \u201erozw\u00f3j gospodarczy i spo\u0142eczny\u201d lub jako tytu\u0142 zawodowy.&nbsp;Wyszukiwanie na&nbsp;<a href=\"https:\/\/intelligence.weforum.org\/\">Platformie Wywiadu Strategicznego WEF zwraca jeden wynik \u2013&nbsp;<\/a><a href=\"https:\/\/intelligence.weforum.org\/topics\/a1G0X0000057N1IUAU\">Cel<\/a>&nbsp;Zr\u00f3wnowa\u017conego Rozwoju (SDG) Organizacji Narod\u00f3w Zjednoczonych (\u201eONZ\u201d) 11: Zr\u00f3wnowa\u017cone miasta i spo\u0142eczno\u015bci&nbsp;.&nbsp;Ale nigdzie na stronie internetowej WEF nie ma definicji ani wskazania, co Schwab lub jego podmioty stowarzyszone maj\u0105 na my\u015bli, u\u017cywaj\u0105c tego terminu.&nbsp;<\/p>\n\n\n\n<ul class=\"wp-block-list\" id=\"swiper-wrapper-4f333b07c0d10af34\">\n<li><img loading=\"lazy\" decoding=\"async\" width=\"639\" height=\"597\" alt=\"\" src=\"https:\/\/i0.wp.com\/expose-news.com\/wp-content\/uploads\/2023\/06\/Image29a.png?resize=639%2C597&amp;ssl=1\" srcset=\"https:\/\/i0.wp.com\/expose-news.com\/wp-content\/uploads\/2023\/06\/Image29a.png?w=768&amp;ssl=1 768w, https:\/\/i0.wp.com\/expose-news.com\/wp-content\/uploads\/2023\/06\/Image29a.png?resize=300%2C280&amp;ssl=1 300w\">SDG 11: Zr\u00f3wnowa\u017cone miasta i spo\u0142eczno\u015bci, wywiad strategiczny WEF<\/li>\n\n\n\n<li><\/li>\n<\/ul>\n\n\n\n<p>SDG 11: Zr\u00f3wnowa\u017cone miasta i spo\u0142eczno\u015bci, wywiad strategiczny WEF<\/p>\n\n\n\n<p>\u201eRozw\u00f3j spo\u0142eczny\u201d wydaje si\u0119 by\u0107 uniwersalnym has\u0142em, kt\u00f3re, jak zobaczymy poni\u017cej, ma fundamentalne znaczenie dla cel\u00f3w zr\u00f3wnowa\u017conego rozwoju.&nbsp;<\/p>\n\n\n\n<p>Cele zr\u00f3wnowa\u017conego rozwoju&nbsp;<a href=\"https:\/\/www.undp.org\/sustainable-development-goals\">zosta\u0142y ustanowione przez Zgromadzenie Og\u00f3lne ONZ w 2015 roku<\/a>&nbsp;.&nbsp;17 cel\u00f3w zr\u00f3wnowa\u017conego rozwoju jest zintegrowanych \u2013 uznaj\u0105, \u017ce dzia\u0142anie w jednym obszarze wp\u0142ynie na wyniki w innych \u2013 i twierdz\u0105, \u017ce \u201erozw\u00f3j musi r\u00f3wnowa\u017cy\u0107 zr\u00f3wnowa\u017cenie spo\u0142eczne, gospodarcze i \u015brodowiskowe\u201d.&nbsp;<\/p>\n\n\n\n<p><a href=\"https:\/\/en.wikipedia.org\/wiki\/Sustainability#Social_sustainability\">Wed\u0142ug Wikipedii<\/a>&nbsp;spo\u0142eczny wymiar zr\u00f3wnowa\u017conego rozwoju nie jest dobrze zdefiniowany i oznacza co\u015b innego dla r\u00f3\u017cnych grup.&nbsp;Innymi s\u0142owy, ludzie interpretuj\u0105 to, jak im si\u0119 podoba.&nbsp;To mo\u017ce wyja\u015bnia\u0107, dlaczego WEF i Fundacja Schwaba nie zdefiniowa\u0142y \u201erozwoju spo\u0142ecznego\u201d.&nbsp;To oczywi\u015bcie.&nbsp;oznacza r\u00f3wnie\u017c, \u017ce nikt w WEF Summer Davos tak naprawd\u0119 nie rozumia\u0142, o czym papla\u0142 Schwab \u2013 szczeg\u00f3lnie ci, kt\u00f3rzy polegali na t\u0142umaczu, kt\u00f3ry s\u0142ysza\u0142 to w swoim w\u0142asnym j\u0119zyku.&nbsp;Zobaczmy wi\u0119c, czy uda nam si\u0119 rozszyfrowa\u0107 jego pozornie bezsensowny j\u0119zyk.<\/p>\n\n\n\n<p>W 1946 r.&nbsp;<a href=\"https:\/\/www.un.org\/ecosoc\/en\/content\/ecosoc-subsidiary-bodies\">Rada Gospodarczo-Spo\u0142eczna ONZ<\/a>&nbsp;powo\u0142a\u0142a&nbsp;<a href=\"https:\/\/social.desa.un.org\/csocd\">Komisj\u0119 ds. Rozwoju Spo\u0142ecznego<\/a>&nbsp;(\u201eCSocD\u201d).&nbsp;Od \u015awiatowego Szczytu Rozwoju Spo\u0142ecznego w Kopenhadze w 1995 roku CSocD jest kluczowym organem ONZ odpowiedzialnym za kontynuacj\u0119 i wdra\u017canie Deklaracji Kopenhaskiej w sprawie Rozwoju Spo\u0142ecznego i jej Programu Dzia\u0142ania.&nbsp;Deklaracja kopenhaska stwierdza:<\/p>\n\n\n\n<blockquote class=\"wp-block-quote is-layout-flow wp-block-quote-is-layout-flow\">\n<p>[Zasadnicza] wsp\u00f3\u0142zale\u017cno\u015b\u0107 [rozwoju spo\u0142ecznego i sprawiedliwo\u015bci spo\u0142ecznej z pokojem i bezpiecze\u0144stwem] zosta\u0142a uznana 50 lat temu w Karcie&nbsp;<a href=\"http:\/\/www.un-documents.net\/charter.htm\">Narod\u00f3w Zjednoczonych<\/a>&nbsp;i od tego czasu staje si\u0119 coraz silniejsza.<\/p>\n\n\n\n<p>Jeste\u015bmy g\u0142\u0119boko przekonani, \u017ce&nbsp;<strong>rozw\u00f3j gospodarczy, rozw\u00f3j spo\u0142eczny i ochrona \u015brodowiska to wsp\u00f3\u0142zale\u017cne i wzajemnie wzmacniaj\u0105ce si\u0119 elementy sk\u0142adowe zr\u00f3wnowa\u017conego rozwoju.<\/strong><\/p>\n\n\n\n<p>Uznajemy, \u017ce ludzie s\u0105 w centrum naszej troski o zr\u00f3wnowa\u017cony rozw\u00f3j i \u017ce maj\u0105 prawo do zdrowego i produktywnego \u017cycia w harmonii ze \u015brodowiskiem.<\/p>\n\n\n\n<p>Potwierdzamy i kierujemy si\u0119 zasadami Karty Narod\u00f3w Zjednoczonych oraz porozumieniami osi\u0105gni\u0119tymi na odpowiednich konferencjach mi\u0119dzynarodowych, w tym na \u015awiatowym Szczycie na rzecz Dzieci, kt\u00f3ry odby\u0142 si\u0119 w Nowym Jorku w 1990 r.;&nbsp;<strong>Konferencja Narod\u00f3w Zjednoczonych w sprawie \u015arodowiska i Rozwoju, kt\u00f3ra odby\u0142a si\u0119 w Rio de Janeiro w 1992 r<\/strong>&nbsp;.;&nbsp;\u015awiatowa Konferencja Praw Cz\u0142owieka, kt\u00f3ra odby\u0142a si\u0119 w Wiedniu w 1993 r.;&nbsp;\u015bwiatowa konferencja w sprawie zr\u00f3wnowa\u017conego rozwoju ma\u0142ych rozwijaj\u0105cych si\u0119 pa\u0144stw wyspiarskich, kt\u00f3ra odby\u0142a si\u0119 w Bridgetown na Barbadosie w 1994 r.;&nbsp;oraz Mi\u0119dzynarodowa Konferencja na temat Ludno\u015bci i Rozwoju, kt\u00f3ra odby\u0142a si\u0119 w Kairze w 1994 r.<\/p>\n\n\n\n<p>Zobowi\u0105zujemy si\u0119 do przestrzegania tej Deklaracji i&nbsp;<a href=\"http:\/\/www.un-documents.net\/poa-wssd.htm\">Programu Dzia\u0142ania<\/a>&nbsp;na rzecz wzmocnienia rozwoju spo\u0142ecznego i zapewnienia dobrobytu wszystkim ludziom na ca\u0142ym \u015bwiecie teraz iw XXI wieku.&nbsp;[Podkre\u015blenie w\u0142asne.]<a href=\"http:\/\/www.un-documents.net\/cope-dec.htm\">Deklaracja kopenhaska w sprawie rozwoju spo\u0142ecznego<\/a>&nbsp;, dokumenty ONZ, 14 marca 1995 r<\/p>\n<\/blockquote>\n\n\n\n<p>W&nbsp;<a href=\"https:\/\/www.britannica.com\/event\/United-Nations-Conference-on-Environment-and-Development\">1992 r. Konferencja ONZ w sprawie \u015brodowiska i rozwoju<\/a>&nbsp;, Szczyt Ziemi,&nbsp;<a href=\"https:\/\/expose-news.com\/2022\/02\/28\/patrick-wood-technocracy-and-transhumanism\/\">stworzy\u0142a dokument Agenda 21<\/a>&nbsp;.&nbsp;Program Dzia\u0142ania, o kt\u00f3rym mowa w deklaracji, siedmiokrotnie nawi\u0105zuje do Agendy 21.&nbsp;Jedna z wzmianek znajduje si\u0119 w rozdziale V zatytu\u0142owanym \u201e&nbsp;<em>Wdra\u017canie i dzia\u0142ania nast\u0119pcze<\/em>&nbsp;\u201d:<\/p>\n\n\n\n<figure class=\"wp-block-image\"><img decoding=\"async\" src=\"https:\/\/i0.wp.com\/expose-news.com\/wp-content\/uploads\/2023\/06\/image-90.png?resize=639%2C242&amp;ssl=1\" alt=\"\" class=\"wp-image-281957\"\/><figcaption class=\"wp-element-caption\"><a href=\"http:\/\/www.un-documents.net\/poa-wssd.htm\">\u015awiatowy Szczyt ds. Rozwoju Spo\u0142ecznego, Program dzia\u0142ania \u015awiatowego Szczytu ds. Rozwoju Spo\u0142ecznego<\/a>&nbsp;, 14 marca 1995 r.,&nbsp;<em>pobrano 28 czerwca 2023 r.<\/em><\/figcaption><\/figure>\n\n\n\n<p>Ani Deklaracja Kopenhaska, ani jej Program Dzia\u0142ania nie definiuj\u0105 \u201erozwoju spo\u0142ecznego\u201d.&nbsp;Program Dzia\u0142ania zauwa\u017ca jednak, \u017ce wymaga on reorientacji wszystkich warto\u015bci spo\u0142ecznych, do kt\u00f3rych nale\u017c\u0105 dwa inne \u017ale zdefiniowane poj\u0119cia, kt\u00f3re s\u0105 dzi\u015b powtarzane do znudzenia \u2013 r\u00f3wno\u015b\u0107&nbsp;<em>i<\/em>&nbsp;sprawiedliwo\u015b\u0107 spo\u0142eczna:<\/p>\n\n\n\n<figure class=\"wp-block-image\"><img decoding=\"async\" src=\"https:\/\/i0.wp.com\/expose-news.com\/wp-content\/uploads\/2023\/06\/image-91.png?resize=639%2C261&amp;ssl=1\" alt=\"\" class=\"wp-image-281959\"\/><figcaption class=\"wp-element-caption\"><a href=\"http:\/\/www.un-documents.net\/poa-wssd.htm\">\u015awiatowy Szczyt ds. Rozwoju Spo\u0142ecznego, Program dzia\u0142ania \u015awiatowego Szczytu ds. Rozwoju Spo\u0142ecznego<\/a>&nbsp;, 14 marca 1995 r.,&nbsp;<em>pobrano 28 czerwca 2023 r.<\/em><\/figcaption><\/figure>\n\n\n\n<p>W rzeczywisto\u015bci \u201erozw\u00f3j spo\u0142eczny\u201d nie jest samodzielnym terminem, ale raczej cz\u0119\u015bci\u0105 sa\u0142atki s\u0142ownej \u201ezr\u00f3wnowa\u017cony rozw\u00f3j\u201d.&nbsp;I patrz\u0105c poza puszysty j\u0119zyk, i m\u00f3wi\u0105c pro\u015bciej, zr\u00f3wnowa\u017cony rozw\u00f3j to system globalnej kontroli.&nbsp;Zast\u0119puje podejmowanie decyzji na szczeblu krajowym i lokalnym globalnym zarz\u0105dzaniem.&nbsp;Jest to trwaj\u0105cy i jak dot\u0105d udany globalny zamach stanu.&nbsp;Jak otwarcie stwierdzi\u0142a ONZ, \u201ezr\u00f3wnowa\u017cony rozw\u00f3j\u201d polega na transformacji, niekoniecznie na \u201ezr\u00f3wnowa\u017ceniu\u201d, jak wyobra\u017ca to sobie wi\u0119kszo\u015b\u0107 ludzi.<\/p>\n\n\n\n<p>Powi\u0105zane:&nbsp;<a href=\"https:\/\/expose-news.com\/2022\/11\/06\/agenda-21s-depopulation-and-undermining-society\/\">Prof. Dolores Cahill: Jeste\u015bmy \u015bwiadkami wyludnienia i os\u0142abienia spo\u0142ecze\u0144stwa w ramach Agendy 21<\/a><\/p>\n\n\n\n<p><em>Unlimited Hangout<\/em>&nbsp;opublikowa\u0142&nbsp;<a href=\"https:\/\/unlimitedhangout.com\/sustainable-slavery\/\">seri\u0119 artyku\u0142\u00f3w<\/a>&nbsp;na temat cel\u00f3w zr\u00f3wnowa\u017conego rozwoju i ich znaczenia dla ka\u017cdego z nas.&nbsp;W artykule wprowadzaj\u0105cym do serii czytamy:<\/p>\n\n\n\n<blockquote class=\"wp-block-quote is-layout-flow wp-block-quote-is-layout-flow\">\n<p>Rzeczywisto\u015b\u0107 stoj\u0105ca za wi\u0119kszo\u015bci\u0105 \u2013 je\u015bli nie wszystkimi \u2013 SDGs to polityka okryta kwiecistym j\u0119zykiem utopii, kt\u00f3ra w praktyce przyniesie korzy\u015bci wy\u0142\u0105cznie elicie ekonomicznej i umocni jej w\u0142adz\u0119.<\/p>\n\n\n\n<p>W drobnym druczku cel\u00f3w zr\u00f3wnowa\u017conego rozwoju, poniewa\u017c du\u017cy nacisk k\u0142adzie si\u0119 na zad\u0142u\u017cenie i uwi\u0119zienie pa\u0144stw narodowych (zw\u0142aszcza kraj\u00f3w rozwijaj\u0105cych si\u0119) w d\u0142ugach jako spos\u00f3b wymuszenia przyj\u0119cia polityk zwi\u0105zanych z celami zr\u00f3wnowa\u017conego rozwoju.<\/p>\n\n\n\n<p>Og\u00f3lnie rzecz bior\u0105c\u2026 motywacj\u0105 stoj\u0105c\u0105 za celami zr\u00f3wnowa\u017conego rozwoju i agend\u0105 2030 jest przezbrojenie tego samego imperializmu gospodarczego, kt\u00f3rego u\u017cywa\u0142o imperium anglo-ameryka\u0144skie w okresie po II wojnie \u015bwiatowej na potrzeby nadchodz\u0105cego \u201ewielobiegunowego porz\u0105dku \u015bwiatowego\u201d oraz wysi\u0142ki na rzecz wprowadzenia globalnego neo -model feudalny, by\u0107 mo\u017ce najlepiej podsumowany jako model \u201ezr\u00f3wnowa\u017conego niewolnictwa\u201d.<a href=\"https:\/\/unlimitedhangout.com\/2022\/09\/investigative-reports\/sustainable-debt-slavery\/\">Zr\u00f3wnowa\u017cone niewolnictwo za d\u0142ugi<\/a>&nbsp;, nieograniczony Hangout, 13 wrze\u015bnia 2022 r<\/p>\n<\/blockquote>\n\n\n\n<p>Czy pochwa\u0142y Schwaba dotycz\u0105ce \u201erozwoju spo\u0142ecznego\u201d Chin i zapa\u0142u do chi\u0144skiej wizji \u015bwiata maj\u0105 teraz sens?&nbsp;Jego uwaga nie jest pochwa\u0142\u0105 chi\u0144skiej polityki zerowego covidu, podziwia\u0142 chi\u0144skie \u015brodki i wizj\u0119 wdra\u017cania zr\u00f3wnowa\u017conego niewolnictwa.<\/p>\n\n\n\n<figure class=\"wp-block-image\"><img decoding=\"async\" src=\"https:\/\/i0.wp.com\/expose-news.com\/wp-content\/uploads\/2023\/06\/FeatJun29-1.png?ssl=1\" alt=\"\"\/><\/figure>\n\n\n\n<p>Link \u017ar\u00f3d\u0142owy  https:\/\/expose-news.com\/2023\/06\/29\/schwab-is-eager-to-learn-chinas-vision-for-the-world\/<\/p>\n","protected":false},"excerpt":{"rendered":"<p>Klaus Schwab m\u00f3wi, \u017ce ch\u0119tnie nauczy si\u0119 od Chin ich wizji \u015bwiata Autor,\u00a0RHODA WILSON We wtorek na letnim Davos \u015awiatowego Forum Ekonomicznego Klaus Schwab wyrazi\u0142 sw\u00f3j podziw dla chi\u0144skich urz\u0119dnik\u00f3w, m\u00f3wi\u0105c, \u017ce \u201emy\u201d doceniamy d\u0142ugoterminowe wsparcie \u201enaszych chi\u0144skich przyjaci\u00f3\u0142\u201d.\u00a0Chwali\u0142 tak\u017ce&#8230; <\/p>\n","protected":false},"author":2,"featured_media":2881,"comment_status":"open","ping_status":"open","sticky":false,"template":"","format":"standard","meta":{"_acf_changed":false,"_bbp_topic_count":0,"_bbp_reply_count":0,"_bbp_total_topic_count":0,"_bbp_total_reply_count":0,"_bbp_voice_count":0,"_bbp_anonymous_reply_count":0,"_bbp_topic_count_hidden":0,"_bbp_reply_count_hidden":0,"_bbp_forum_subforum_count":0,"om_disable_all_campaigns":false,"_monsterinsights_skip_tracking":false,"footnotes":""},"categories":[93],"tags":[],"class_list":["post-2880","post","type-post","status-publish","format-standard","has-post-thumbnail","hentry","category-artykuly"],"acf":[],"aioseo_notices":[],"aioseo_head":"\n\t\t<!-- All in One SEO 5.0.1.1 - aioseo.com -->\n\t<meta name=\"description\" content=\"Klaus Schwab m\u00f3wi, \u017ce ch\u0119tnie nauczy si\u0119 od Chin ich wizji \u015bwiata Autor, RHODA WILSON We wtorek na letnim Davos \u015awiatowego Forum Ekonomicznego Klaus Schwab wyrazi\u0142 sw\u00f3j podziw dla chi\u0144skich urz\u0119dnik\u00f3w, m\u00f3wi\u0105c, \u017ce \u201emy\u201d doceniamy d\u0142ugoterminowe wsparcie \u201enaszych chi\u0144skich przyjaci\u00f3\u0142\u201d. Chwali\u0142 tak\u017ce osi\u0105gni\u0119cia Chin w \u201erozwoju spo\u0142ecznym\u201d. Dodaj\u0105c: \u201eChcemy uczy\u0107 si\u0119 na podstawie twojej wizji Chin i \u015bwiata\u201d.\" \/>\n\t<meta name=\"robots\" content=\"max-image-preview:large\" \/>\n\t<meta name=\"author\" content=\"trinity\"\/>\n\t<link rel=\"canonical\" href=\"https:\/\/wia.net.pl\/index.php\/2023\/06\/29\/schwab-mowi-ze-chetnie-nauczy-sie-od-chin-ich-wizji-swiata\/\" \/>\n\t<meta name=\"generator\" content=\"All in One SEO (AIOSEO) 5.0.1.1\" \/>\n\t\t<meta property=\"og:locale\" content=\"pl_PL\" \/>\n\t\t<meta property=\"og:site_name\" content=\"Wolno\u015b\u0107 i Anarchia - Ka\u017cdy wewn\u0119trznie jest anarchist\u0105.\" \/>\n\t\t<meta property=\"og:type\" content=\"article\" \/>\n\t\t<meta property=\"og:title\" content=\"Schwab m\u00f3wi, \u017ce ch\u0119tnie nauczy si\u0119 od Chin ich wizji \u015bwiata - Wolno\u015b\u0107 i Anarchia\" \/>\n\t\t<meta property=\"og:description\" content=\"Klaus Schwab m\u00f3wi, \u017ce ch\u0119tnie nauczy si\u0119 od Chin ich wizji \u015bwiata Autor, RHODA WILSON We wtorek na letnim Davos \u015awiatowego Forum Ekonomicznego Klaus Schwab wyrazi\u0142 sw\u00f3j podziw dla chi\u0144skich urz\u0119dnik\u00f3w, m\u00f3wi\u0105c, \u017ce \u201emy\u201d doceniamy d\u0142ugoterminowe wsparcie \u201enaszych chi\u0144skich przyjaci\u00f3\u0142\u201d. Chwali\u0142 tak\u017ce osi\u0105gni\u0119cia Chin w \u201erozwoju spo\u0142ecznym\u201d. Dodaj\u0105c: \u201eChcemy uczy\u0107 si\u0119 na podstawie twojej wizji Chin i \u015bwiata\u201d.\" \/>\n\t\t<meta property=\"og:url\" content=\"https:\/\/wia.net.pl\/index.php\/2023\/06\/29\/schwab-mowi-ze-chetnie-nauczy-sie-od-chin-ich-wizji-swiata\/\" \/>\n\t\t<meta property=\"og:image\" content=\"https:\/\/wia.net.pl\/wp-content\/uploads\/2023\/11\/cropped-freedom-i73367.jpg\" \/>\n\t\t<meta property=\"og:image:secure_url\" content=\"https:\/\/wia.net.pl\/wp-content\/uploads\/2023\/11\/cropped-freedom-i73367.jpg\" \/>\n\t\t<meta property=\"article:published_time\" content=\"2023-06-29T18:18:31+00:00\" \/>\n\t\t<meta property=\"article:modified_time\" content=\"2023-06-29T18:18:32+00:00\" \/>\n\t\t<meta name=\"twitter:card\" content=\"summary_large_image\" \/>\n\t\t<meta name=\"twitter:title\" content=\"Schwab m\u00f3wi, \u017ce ch\u0119tnie nauczy si\u0119 od Chin ich wizji \u015bwiata - Wolno\u015b\u0107 i Anarchia\" \/>\n\t\t<meta name=\"twitter:description\" content=\"Klaus Schwab m\u00f3wi, \u017ce ch\u0119tnie nauczy si\u0119 od Chin ich wizji \u015bwiata Autor, RHODA WILSON We wtorek na letnim Davos \u015awiatowego Forum Ekonomicznego Klaus Schwab wyrazi\u0142 sw\u00f3j podziw dla chi\u0144skich urz\u0119dnik\u00f3w, m\u00f3wi\u0105c, \u017ce \u201emy\u201d doceniamy d\u0142ugoterminowe wsparcie \u201enaszych chi\u0144skich przyjaci\u00f3\u0142\u201d. Chwali\u0142 tak\u017ce osi\u0105gni\u0119cia Chin w \u201erozwoju spo\u0142ecznym\u201d. Dodaj\u0105c: \u201eChcemy uczy\u0107 si\u0119 na podstawie twojej wizji Chin i \u015bwiata\u201d.\" \/>\n\t\t<meta name=\"twitter:image\" content=\"https:\/\/wia.net.pl\/wp-content\/uploads\/2023\/11\/cropped-freedom-i73367.jpg\" \/>\n\t\t<script type=\"application\/ld+json\" class=\"aioseo-schema\">\n\t\t\t{\"@context\":\"https:\\\/\\\/schema.org\",\"@graph\":[{\"@type\":\"BlogPosting\",\"@id\":\"https:\\\/\\\/wia.net.pl\\\/index.php\\\/2023\\\/06\\\/29\\\/schwab-mowi-ze-chetnie-nauczy-sie-od-chin-ich-wizji-swiata\\\/#blogposting\",\"name\":\"Schwab m\\u00f3wi, \\u017ce ch\\u0119tnie nauczy si\\u0119 od Chin ich wizji \\u015bwiata - Wolno\\u015b\\u0107 i Anarchia\",\"headline\":\"Schwab m\\u00f3wi, \\u017ce ch\\u0119tnie nauczy si\\u0119 od Chin ich wizji \\u015bwiata\",\"author\":{\"@id\":\"https:\\\/\\\/wia.net.pl\\\/index.php\\\/author\\\/trinity\\\/#author\"},\"publisher\":{\"@id\":\"https:\\\/\\\/wia.net.pl\\\/#person\"},\"image\":{\"@type\":\"ImageObject\",\"url\":\"https:\\\/\\\/wia.net.pl\\\/wp-content\\\/uploads\\\/2023\\\/06\\\/tja.jpg\",\"width\":1920,\"height\":1080},\"datePublished\":\"2023-06-29T20:18:31+02:00\",\"dateModified\":\"2023-06-29T20:18:32+02:00\",\"inLanguage\":\"pl-PL\",\"mainEntityOfPage\":{\"@id\":\"https:\\\/\\\/wia.net.pl\\\/index.php\\\/2023\\\/06\\\/29\\\/schwab-mowi-ze-chetnie-nauczy-sie-od-chin-ich-wizji-swiata\\\/#webpage\"},\"isPartOf\":{\"@id\":\"https:\\\/\\\/wia.net.pl\\\/index.php\\\/2023\\\/06\\\/29\\\/schwab-mowi-ze-chetnie-nauczy-sie-od-chin-ich-wizji-swiata\\\/#webpage\"},\"articleSection\":\"Artyku\\u0142y\"},{\"@type\":\"BreadcrumbList\",\"@id\":\"https:\\\/\\\/wia.net.pl\\\/index.php\\\/2023\\\/06\\\/29\\\/schwab-mowi-ze-chetnie-nauczy-sie-od-chin-ich-wizji-swiata\\\/#breadcrumblist\",\"itemListElement\":[{\"@type\":\"ListItem\",\"@id\":\"https:\\\/\\\/wia.net.pl#listItem\",\"position\":1,\"name\":\"Home\",\"item\":\"https:\\\/\\\/wia.net.pl\",\"nextItem\":{\"@type\":\"ListItem\",\"@id\":\"https:\\\/\\\/wia.net.pl\\\/index.php\\\/category\\\/artykuly\\\/#listItem\",\"name\":\"Artyku\\u0142y\"}},{\"@type\":\"ListItem\",\"@id\":\"https:\\\/\\\/wia.net.pl\\\/index.php\\\/category\\\/artykuly\\\/#listItem\",\"position\":2,\"name\":\"Artyku\\u0142y\",\"item\":\"https:\\\/\\\/wia.net.pl\\\/index.php\\\/category\\\/artykuly\\\/\",\"nextItem\":{\"@type\":\"ListItem\",\"@id\":\"https:\\\/\\\/wia.net.pl\\\/index.php\\\/2023\\\/06\\\/29\\\/schwab-mowi-ze-chetnie-nauczy-sie-od-chin-ich-wizji-swiata\\\/#listItem\",\"name\":\"Schwab m\\u00f3wi, \\u017ce ch\\u0119tnie nauczy si\\u0119 od Chin ich wizji \\u015bwiata\"},\"previousItem\":{\"@type\":\"ListItem\",\"@id\":\"https:\\\/\\\/wia.net.pl#listItem\",\"name\":\"Home\"}},{\"@type\":\"ListItem\",\"@id\":\"https:\\\/\\\/wia.net.pl\\\/index.php\\\/2023\\\/06\\\/29\\\/schwab-mowi-ze-chetnie-nauczy-sie-od-chin-ich-wizji-swiata\\\/#listItem\",\"position\":3,\"name\":\"Schwab m\\u00f3wi, \\u017ce ch\\u0119tnie nauczy si\\u0119 od Chin ich wizji \\u015bwiata\",\"previousItem\":{\"@type\":\"ListItem\",\"@id\":\"https:\\\/\\\/wia.net.pl\\\/index.php\\\/category\\\/artykuly\\\/#listItem\",\"name\":\"Artyku\\u0142y\"}}]},{\"@type\":\"Person\",\"@id\":\"https:\\\/\\\/wia.net.pl\\\/#person\",\"name\":\"Bart\\u0142omiej Talarczyk\",\"image\":{\"@type\":\"ImageObject\",\"@id\":\"https:\\\/\\\/wia.net.pl\\\/index.php\\\/2023\\\/06\\\/29\\\/schwab-mowi-ze-chetnie-nauczy-sie-od-chin-ich-wizji-swiata\\\/#personImage\",\"url\":\"https:\\\/\\\/wia.net.pl\\\/wp-content\\\/uploads\\\/avatar-privacy\\\/cache\\\/user\\\/1\\\/7\\\/176a6b161c58363ff49b5c167264231f519f5c7fa183ca1f61e891769b6b56d5-96.jpg\",\"width\":96,\"height\":96,\"caption\":\"Bart\\u0142omiej Talarczyk\"}},{\"@type\":\"Person\",\"@id\":\"https:\\\/\\\/wia.net.pl\\\/index.php\\\/author\\\/trinity\\\/#author\",\"url\":\"https:\\\/\\\/wia.net.pl\\\/index.php\\\/author\\\/trinity\\\/\",\"name\":\"trinity\",\"image\":{\"@type\":\"ImageObject\",\"@id\":\"https:\\\/\\\/wia.net.pl\\\/index.php\\\/2023\\\/06\\\/29\\\/schwab-mowi-ze-chetnie-nauczy-sie-od-chin-ich-wizji-swiata\\\/#authorImage\",\"url\":\"https:\\\/\\\/wia.net.pl\\\/wp-content\\\/uploads\\\/avatar-privacy\\\/cache\\\/user\\\/5\\\/f\\\/5f6547cf82495eaa10e100a6a45d5dbde2dfdc1be88557de2018fca705bdf6f1-96.jpg\",\"width\":96,\"height\":96,\"caption\":\"trinity\"}},{\"@type\":\"WebPage\",\"@id\":\"https:\\\/\\\/wia.net.pl\\\/index.php\\\/2023\\\/06\\\/29\\\/schwab-mowi-ze-chetnie-nauczy-sie-od-chin-ich-wizji-swiata\\\/#webpage\",\"url\":\"https:\\\/\\\/wia.net.pl\\\/index.php\\\/2023\\\/06\\\/29\\\/schwab-mowi-ze-chetnie-nauczy-sie-od-chin-ich-wizji-swiata\\\/\",\"name\":\"Schwab m\\u00f3wi, \\u017ce ch\\u0119tnie nauczy si\\u0119 od Chin ich wizji \\u015bwiata - Wolno\\u015b\\u0107 i Anarchia\",\"description\":\"Klaus Schwab m\\u00f3wi, \\u017ce ch\\u0119tnie nauczy si\\u0119 od Chin ich wizji \\u015bwiata Autor, RHODA WILSON We wtorek na letnim Davos \\u015awiatowego Forum Ekonomicznego Klaus Schwab wyrazi\\u0142 sw\\u00f3j podziw dla chi\\u0144skich urz\\u0119dnik\\u00f3w, m\\u00f3wi\\u0105c, \\u017ce \\u201emy\\u201d doceniamy d\\u0142ugoterminowe wsparcie \\u201enaszych chi\\u0144skich przyjaci\\u00f3\\u0142\\u201d. Chwali\\u0142 tak\\u017ce osi\\u0105gni\\u0119cia Chin w \\u201erozwoju spo\\u0142ecznym\\u201d. Dodaj\\u0105c: \\u201eChcemy uczy\\u0107 si\\u0119 na podstawie twojej wizji Chin i \\u015bwiata\\u201d.\",\"inLanguage\":\"pl-PL\",\"isPartOf\":{\"@id\":\"https:\\\/\\\/wia.net.pl\\\/#website\"},\"breadcrumb\":{\"@id\":\"https:\\\/\\\/wia.net.pl\\\/index.php\\\/2023\\\/06\\\/29\\\/schwab-mowi-ze-chetnie-nauczy-sie-od-chin-ich-wizji-swiata\\\/#breadcrumblist\"},\"author\":{\"@id\":\"https:\\\/\\\/wia.net.pl\\\/index.php\\\/author\\\/trinity\\\/#author\"},\"creator\":{\"@id\":\"https:\\\/\\\/wia.net.pl\\\/index.php\\\/author\\\/trinity\\\/#author\"},\"image\":{\"@type\":\"ImageObject\",\"url\":\"https:\\\/\\\/wia.net.pl\\\/wp-content\\\/uploads\\\/2023\\\/06\\\/tja.jpg\",\"@id\":\"https:\\\/\\\/wia.net.pl\\\/index.php\\\/2023\\\/06\\\/29\\\/schwab-mowi-ze-chetnie-nauczy-sie-od-chin-ich-wizji-swiata\\\/#mainImage\",\"width\":1920,\"height\":1080},\"primaryImageOfPage\":{\"@id\":\"https:\\\/\\\/wia.net.pl\\\/index.php\\\/2023\\\/06\\\/29\\\/schwab-mowi-ze-chetnie-nauczy-sie-od-chin-ich-wizji-swiata\\\/#mainImage\"},\"datePublished\":\"2023-06-29T20:18:31+02:00\",\"dateModified\":\"2023-06-29T20:18:32+02:00\"},{\"@type\":\"WebSite\",\"@id\":\"https:\\\/\\\/wia.net.pl\\\/#website\",\"url\":\"https:\\\/\\\/wia.net.pl\\\/\",\"name\":\"Wolno\\u015b\\u0107 i Anarchia\",\"description\":\"Ka\\u017cdy wewn\\u0119trznie jest anarchist\\u0105.\",\"inLanguage\":\"pl-PL\",\"publisher\":{\"@id\":\"https:\\\/\\\/wia.net.pl\\\/#person\"}}]}\n\t\t<\/script>\n\t\t<!-- All in One SEO -->\n\n","aioseo_head_json":{"title":"Schwab m\u00f3wi, \u017ce ch\u0119tnie nauczy si\u0119 od Chin ich wizji \u015bwiata - Wolno\u015b\u0107 i Anarchia","description":"Klaus Schwab m\u00f3wi, \u017ce ch\u0119tnie nauczy si\u0119 od Chin ich wizji \u015bwiata Autor, RHODA WILSON We wtorek na letnim Davos \u015awiatowego Forum Ekonomicznego Klaus Schwab wyrazi\u0142 sw\u00f3j podziw dla chi\u0144skich urz\u0119dnik\u00f3w, m\u00f3wi\u0105c, \u017ce \u201emy\u201d doceniamy d\u0142ugoterminowe wsparcie \u201enaszych chi\u0144skich przyjaci\u00f3\u0142\u201d. Chwali\u0142 tak\u017ce osi\u0105gni\u0119cia Chin w \u201erozwoju spo\u0142ecznym\u201d. Dodaj\u0105c: \u201eChcemy uczy\u0107 si\u0119 na podstawie twojej wizji Chin i \u015bwiata\u201d.","canonical_url":"https:\/\/wia.net.pl\/index.php\/2023\/06\/29\/schwab-mowi-ze-chetnie-nauczy-sie-od-chin-ich-wizji-swiata\/","robots":"max-image-preview:large","keywords":"","webmasterTools":{"miscellaneous":""},"schema":{"@context":"https:\/\/schema.org","@graph":[{"@type":"BlogPosting","@id":"https:\/\/wia.net.pl\/index.php\/2023\/06\/29\/schwab-mowi-ze-chetnie-nauczy-sie-od-chin-ich-wizji-swiata\/#blogposting","name":"Schwab m\u00f3wi, \u017ce ch\u0119tnie nauczy si\u0119 od Chin ich wizji \u015bwiata - Wolno\u015b\u0107 i Anarchia","headline":"Schwab m\u00f3wi, \u017ce ch\u0119tnie nauczy si\u0119 od Chin ich wizji \u015bwiata","author":{"@id":"https:\/\/wia.net.pl\/index.php\/author\/trinity\/#author"},"publisher":{"@id":"https:\/\/wia.net.pl\/#person"},"image":{"@type":"ImageObject","url":"https:\/\/wia.net.pl\/wp-content\/uploads\/2023\/06\/tja.jpg","width":1920,"height":1080},"datePublished":"2023-06-29T20:18:31+02:00","dateModified":"2023-06-29T20:18:32+02:00","inLanguage":"pl-PL","mainEntityOfPage":{"@id":"https:\/\/wia.net.pl\/index.php\/2023\/06\/29\/schwab-mowi-ze-chetnie-nauczy-sie-od-chin-ich-wizji-swiata\/#webpage"},"isPartOf":{"@id":"https:\/\/wia.net.pl\/index.php\/2023\/06\/29\/schwab-mowi-ze-chetnie-nauczy-sie-od-chin-ich-wizji-swiata\/#webpage"},"articleSection":"Artyku\u0142y"},{"@type":"BreadcrumbList","@id":"https:\/\/wia.net.pl\/index.php\/2023\/06\/29\/schwab-mowi-ze-chetnie-nauczy-sie-od-chin-ich-wizji-swiata\/#breadcrumblist","itemListElement":[{"@type":"ListItem","@id":"https:\/\/wia.net.pl#listItem","position":1,"name":"Home","item":"https:\/\/wia.net.pl","nextItem":{"@type":"ListItem","@id":"https:\/\/wia.net.pl\/index.php\/category\/artykuly\/#listItem","name":"Artyku\u0142y"}},{"@type":"ListItem","@id":"https:\/\/wia.net.pl\/index.php\/category\/artykuly\/#listItem","position":2,"name":"Artyku\u0142y","item":"https:\/\/wia.net.pl\/index.php\/category\/artykuly\/","nextItem":{"@type":"ListItem","@id":"https:\/\/wia.net.pl\/index.php\/2023\/06\/29\/schwab-mowi-ze-chetnie-nauczy-sie-od-chin-ich-wizji-swiata\/#listItem","name":"Schwab m\u00f3wi, \u017ce ch\u0119tnie nauczy si\u0119 od Chin ich wizji \u015bwiata"},"previousItem":{"@type":"ListItem","@id":"https:\/\/wia.net.pl#listItem","name":"Home"}},{"@type":"ListItem","@id":"https:\/\/wia.net.pl\/index.php\/2023\/06\/29\/schwab-mowi-ze-chetnie-nauczy-sie-od-chin-ich-wizji-swiata\/#listItem","position":3,"name":"Schwab m\u00f3wi, \u017ce ch\u0119tnie nauczy si\u0119 od Chin ich wizji \u015bwiata","previousItem":{"@type":"ListItem","@id":"https:\/\/wia.net.pl\/index.php\/category\/artykuly\/#listItem","name":"Artyku\u0142y"}}]},{"@type":"Person","@id":"https:\/\/wia.net.pl\/#person","name":"Bart\u0142omiej Talarczyk","image":{"@type":"ImageObject","@id":"https:\/\/wia.net.pl\/index.php\/2023\/06\/29\/schwab-mowi-ze-chetnie-nauczy-sie-od-chin-ich-wizji-swiata\/#personImage","url":"https:\/\/wia.net.pl\/wp-content\/uploads\/avatar-privacy\/cache\/user\/1\/7\/176a6b161c58363ff49b5c167264231f519f5c7fa183ca1f61e891769b6b56d5-96.jpg","width":96,"height":96,"caption":"Bart\u0142omiej Talarczyk"}},{"@type":"Person","@id":"https:\/\/wia.net.pl\/index.php\/author\/trinity\/#author","url":"https:\/\/wia.net.pl\/index.php\/author\/trinity\/","name":"trinity","image":{"@type":"ImageObject","@id":"https:\/\/wia.net.pl\/index.php\/2023\/06\/29\/schwab-mowi-ze-chetnie-nauczy-sie-od-chin-ich-wizji-swiata\/#authorImage","url":"https:\/\/wia.net.pl\/wp-content\/uploads\/avatar-privacy\/cache\/user\/5\/f\/5f6547cf82495eaa10e100a6a45d5dbde2dfdc1be88557de2018fca705bdf6f1-96.jpg","width":96,"height":96,"caption":"trinity"}},{"@type":"WebPage","@id":"https:\/\/wia.net.pl\/index.php\/2023\/06\/29\/schwab-mowi-ze-chetnie-nauczy-sie-od-chin-ich-wizji-swiata\/#webpage","url":"https:\/\/wia.net.pl\/index.php\/2023\/06\/29\/schwab-mowi-ze-chetnie-nauczy-sie-od-chin-ich-wizji-swiata\/","name":"Schwab m\u00f3wi, \u017ce ch\u0119tnie nauczy si\u0119 od Chin ich wizji \u015bwiata - Wolno\u015b\u0107 i Anarchia","description":"Klaus Schwab m\u00f3wi, \u017ce ch\u0119tnie nauczy si\u0119 od Chin ich wizji \u015bwiata Autor, RHODA WILSON We wtorek na letnim Davos \u015awiatowego Forum Ekonomicznego Klaus Schwab wyrazi\u0142 sw\u00f3j podziw dla chi\u0144skich urz\u0119dnik\u00f3w, m\u00f3wi\u0105c, \u017ce \u201emy\u201d doceniamy d\u0142ugoterminowe wsparcie \u201enaszych chi\u0144skich przyjaci\u00f3\u0142\u201d. Chwali\u0142 tak\u017ce osi\u0105gni\u0119cia Chin w \u201erozwoju spo\u0142ecznym\u201d. Dodaj\u0105c: \u201eChcemy uczy\u0107 si\u0119 na podstawie twojej wizji Chin i \u015bwiata\u201d.","inLanguage":"pl-PL","isPartOf":{"@id":"https:\/\/wia.net.pl\/#website"},"breadcrumb":{"@id":"https:\/\/wia.net.pl\/index.php\/2023\/06\/29\/schwab-mowi-ze-chetnie-nauczy-sie-od-chin-ich-wizji-swiata\/#breadcrumblist"},"author":{"@id":"https:\/\/wia.net.pl\/index.php\/author\/trinity\/#author"},"creator":{"@id":"https:\/\/wia.net.pl\/index.php\/author\/trinity\/#author"},"image":{"@type":"ImageObject","url":"https:\/\/wia.net.pl\/wp-content\/uploads\/2023\/06\/tja.jpg","@id":"https:\/\/wia.net.pl\/index.php\/2023\/06\/29\/schwab-mowi-ze-chetnie-nauczy-sie-od-chin-ich-wizji-swiata\/#mainImage","width":1920,"height":1080},"primaryImageOfPage":{"@id":"https:\/\/wia.net.pl\/index.php\/2023\/06\/29\/schwab-mowi-ze-chetnie-nauczy-sie-od-chin-ich-wizji-swiata\/#mainImage"},"datePublished":"2023-06-29T20:18:31+02:00","dateModified":"2023-06-29T20:18:32+02:00"},{"@type":"WebSite","@id":"https:\/\/wia.net.pl\/#website","url":"https:\/\/wia.net.pl\/","name":"Wolno\u015b\u0107 i Anarchia","description":"Ka\u017cdy wewn\u0119trznie jest anarchist\u0105.","inLanguage":"pl-PL","publisher":{"@id":"https:\/\/wia.net.pl\/#person"}}]},"og:locale":"pl_PL","og:site_name":"Wolno\u015b\u0107 i Anarchia - Ka\u017cdy wewn\u0119trznie jest anarchist\u0105.","og:type":"article","og:title":"Schwab m\u00f3wi, \u017ce ch\u0119tnie nauczy si\u0119 od Chin ich wizji \u015bwiata - Wolno\u015b\u0107 i Anarchia","og:description":"Klaus Schwab m\u00f3wi, \u017ce ch\u0119tnie nauczy si\u0119 od Chin ich wizji \u015bwiata Autor, RHODA WILSON We wtorek na letnim Davos \u015awiatowego Forum Ekonomicznego Klaus Schwab wyrazi\u0142 sw\u00f3j podziw dla chi\u0144skich urz\u0119dnik\u00f3w, m\u00f3wi\u0105c, \u017ce \u201emy\u201d doceniamy d\u0142ugoterminowe wsparcie \u201enaszych chi\u0144skich przyjaci\u00f3\u0142\u201d. Chwali\u0142 tak\u017ce osi\u0105gni\u0119cia Chin w \u201erozwoju spo\u0142ecznym\u201d. Dodaj\u0105c: \u201eChcemy uczy\u0107 si\u0119 na podstawie twojej wizji Chin i \u015bwiata\u201d.","og:url":"https:\/\/wia.net.pl\/index.php\/2023\/06\/29\/schwab-mowi-ze-chetnie-nauczy-sie-od-chin-ich-wizji-swiata\/","og:image":"https:\/\/wia.net.pl\/wp-content\/uploads\/2023\/11\/cropped-freedom-i73367.jpg","og:image:secure_url":"https:\/\/wia.net.pl\/wp-content\/uploads\/2023\/11\/cropped-freedom-i73367.jpg","article:published_time":"2023-06-29T18:18:31+00:00","article:modified_time":"2023-06-29T18:18:32+00:00","twitter:card":"summary_large_image","twitter:title":"Schwab m\u00f3wi, \u017ce ch\u0119tnie nauczy si\u0119 od Chin ich wizji \u015bwiata - Wolno\u015b\u0107 i Anarchia","twitter:description":"Klaus Schwab m\u00f3wi, \u017ce ch\u0119tnie nauczy si\u0119 od Chin ich wizji \u015bwiata Autor, RHODA WILSON We wtorek na letnim Davos \u015awiatowego Forum Ekonomicznego Klaus Schwab wyrazi\u0142 sw\u00f3j podziw dla chi\u0144skich urz\u0119dnik\u00f3w, m\u00f3wi\u0105c, \u017ce \u201emy\u201d doceniamy d\u0142ugoterminowe wsparcie \u201enaszych chi\u0144skich przyjaci\u00f3\u0142\u201d. Chwali\u0142 tak\u017ce osi\u0105gni\u0119cia Chin w \u201erozwoju spo\u0142ecznym\u201d. Dodaj\u0105c: \u201eChcemy uczy\u0107 si\u0119 na podstawie twojej wizji Chin i \u015bwiata\u201d.","twitter:image":"https:\/\/wia.net.pl\/wp-content\/uploads\/2023\/11\/cropped-freedom-i73367.jpg"},"aioseo_meta_data":{"post_id":"2880","title":null,"description":null,"keywords":[],"keyphrases":{"focus":{"keyphrase":"","score":0,"analysis":{"keyphraseInTitle":{"score":0,"maxScore":9,"error":1}}},"additional":[]},"primary_term":null,"canonical_url":null,"og_title":null,"og_description":null,"og_object_type":"default","og_image_type":"default","og_image_url":null,"og_image_width":null,"og_image_height":null,"og_image_custom_url":null,"og_image_custom_fields":null,"og_video":"","og_custom_url":null,"og_article_section":null,"og_article_tags":[],"twitter_use_og":false,"twitter_card":"default","twitter_image_type":"default","twitter_image_url":null,"twitter_image_custom_url":null,"twitter_image_custom_fields":null,"twitter_title":null,"twitter_description":null,"schema":{"blockGraphs":[],"customGraphs":[],"default":{"data":{"Article":[],"Course":[],"Dataset":[],"FAQPage":[],"Movie":[],"Person":[],"Product":[],"ProductReview":[],"Car":[],"Recipe":[],"Service":[],"SoftwareApplication":[],"WebPage":[]},"graphName":"BlogPosting","isEnabled":true},"graphs":[]},"schema_type":"default","schema_type_options":null,"pillar_content":false,"robots_default":true,"robots_noindex":false,"robots_noarchive":false,"robots_nosnippet":false,"robots_nofollow":false,"robots_noimageindex":false,"robots_noodp":false,"robots_notranslate":false,"robots_max_snippet":"-1","robots_max_videopreview":"-1","robots_max_imagepreview":"large","priority":null,"frequency":"default","local_seo":null,"breadcrumb_settings":null,"limit_modified_date":false,"ai":null,"created":"2023-06-29 18:18:32","updated":"2025-06-04 08:30:14","seo_analyzer_scan_date":null,"focus_keyword":null,"additional_keywords":null,"truseo_locale":null},"aioseo_breadcrumb":"<div class=\"aioseo-breadcrumbs\"><span class=\"aioseo-breadcrumb\">\n\t\t\t<a href=\"https:\/\/wia.net.pl\" title=\"Home\">Home<\/a>\n\t\t<\/span><span class=\"aioseo-breadcrumb-separator\">&raquo;<\/span><span class=\"aioseo-breadcrumb\">\n\t\t\t<a href=\"https:\/\/wia.net.pl\/index.php\/category\/artykuly\/\" title=\"Artyku\u0142y\">Artyku\u0142y<\/a>\n\t\t<\/span><span class=\"aioseo-breadcrumb-separator\">&raquo;<\/span><span class=\"aioseo-breadcrumb\">\n\t\t\tSchwab m\u00f3wi, \u017ce ch\u0119tnie nauczy si\u0119 od Chin ich wizji \u015bwiata\n\t\t<\/span><\/div>","aioseo_breadcrumb_json":[{"label":"Home","link":"https:\/\/wia.net.pl"},{"label":"Artyku\u0142y","link":"https:\/\/wia.net.pl\/index.php\/category\/artykuly\/"},{"label":"Schwab m\u00f3wi, \u017ce ch\u0119tnie nauczy si\u0119 od Chin ich wizji \u015bwiata","link":"https:\/\/wia.net.pl\/index.php\/2023\/06\/29\/schwab-mowi-ze-chetnie-nauczy-sie-od-chin-ich-wizji-swiata\/"}],"_links":{"self":[{"href":"https:\/\/wia.net.pl\/index.php\/wp-json\/wp\/v2\/posts\/2880"}],"collection":[{"href":"https:\/\/wia.net.pl\/index.php\/wp-json\/wp\/v2\/posts"}],"about":[{"href":"https:\/\/wia.net.pl\/index.php\/wp-json\/wp\/v2\/types\/post"}],"author":[{"embeddable":true,"href":"https:\/\/wia.net.pl\/index.php\/wp-json\/wp\/v2\/users\/2"}],"replies":[{"embeddable":true,"href":"https:\/\/wia.net.pl\/index.php\/wp-json\/wp\/v2\/comments?post=2880"}],"version-history":[{"count":1,"href":"https:\/\/wia.net.pl\/index.php\/wp-json\/wp\/v2\/posts\/2880\/revisions"}],"predecessor-version":[{"id":2882,"href":"https:\/\/wia.net.pl\/index.php\/wp-json\/wp\/v2\/posts\/2880\/revisions\/2882"}],"wp:featuredmedia":[{"embeddable":true,"href":"https:\/\/wia.net.pl\/index.php\/wp-json\/wp\/v2\/media\/2881"}],"wp:attachment":[{"href":"https:\/\/wia.net.pl\/index.php\/wp-json\/wp\/v2\/media?parent=2880"}],"wp:term":[{"taxonomy":"category","embeddable":true,"href":"https:\/\/wia.net.pl\/index.php\/wp-json\/wp\/v2\/categories?post=2880"},{"taxonomy":"post_tag","embeddable":true,"href":"https:\/\/wia.net.pl\/index.php\/wp-json\/wp\/v2\/tags?post=2880"}],"curies":[{"name":"wp","href":"https:\/\/api.w.org\/{rel}","templated":true}]}}