{"id":2956,"date":"2023-07-02T03:08:51","date_gmt":"2023-07-02T01:08:51","guid":{"rendered":"https:\/\/wia.net.pl\/?p=2956"},"modified":"2023-07-02T03:08:52","modified_gmt":"2023-07-02T01:08:52","slug":"do-kielc-trafila-flaga-z-podpisami-oddzialow-broniacych-bachmutu","status":"publish","type":"post","link":"https:\/\/wia.net.pl\/index.php\/2023\/07\/02\/do-kielc-trafila-flaga-z-podpisami-oddzialow-broniacych-bachmutu\/","title":{"rendered":"Do Kielc trafi\u0142a flaga z podpisami oddzia\u0142\u00f3w broni\u0105cych Bachmutu"},"content":{"rendered":"\n<p>\u0179r\u00f3d\u0142o Gazeta Warszawska<\/p>\n\n\n\n<p><\/p>\n\n\n\n<figure class=\"wp-block-image size-full\"><img loading=\"lazy\" decoding=\"async\" width=\"942\" height=\"461\" src=\"https:\/\/wia.net.pl\/wp-content\/uploads\/2023\/07\/flaga-2.jpg\" alt=\"\" class=\"wp-image-2960\" srcset=\"https:\/\/wia.net.pl\/wp-content\/uploads\/2023\/07\/flaga-2.jpg 942w, https:\/\/wia.net.pl\/wp-content\/uploads\/2023\/07\/flaga-2-300x147.jpg 300w, https:\/\/wia.net.pl\/wp-content\/uploads\/2023\/07\/flaga-2-768x376.jpg 768w\" sizes=\"(max-width: 942px) 100vw, 942px\" \/><\/figure>\n\n\n\n<p><\/p>\n\n\n\n<p>Przera\u017caj\u0105ca ilustracja naszego upadku.<\/p>\n\n\n\n<p>Kieleckie by\u0142o przecie\u017c domen\u0105 NSZ, a teraz nie ma tam ani jednego sprawiedliwego.<\/p>\n\n\n\n<p><em><strong>Red. Gazeta Warszawska<\/strong><\/em><\/p>\n\n\n\n<p>+<\/p>\n\n\n\n<p><strong>Kielce otrzyma\u0142y ukrai\u0144sk\u0105 flag\u0119 z podzi\u0119kowaniami za wsparcie udzielone Ukrainie walcz\u0105cej z rosyjskim naje\u017ad\u017ac\u0105.<\/strong><\/p>\n\n\n\n<p>S\u0142owa wdzi\u0119czno\u015bci pochodz\u0105 od oddzia\u0142\u00f3w wojskowych, kt\u00f3re bra\u0142y udzia\u0142 w obronie miasta Bachmut. Wyj\u0105tkowy dar ofiarowany przez Sergieja Morgunova, mera ukrai\u0144skiej Winnicy, przekaza\u0142 kieleckiej radzie miasta podczas dzisiejszej sesji absolutoryjnej (pi\u0105tek, 30 czerwca) prezydent Bogdan Wenta.<\/p>\n\n\n\n<p>Przypomnia\u0142, \u017ce Kielce zosta\u0142y wymienione przez prezydenta Ukrainy, Wo\u0142odymyra Ze\u0142e\u0144skiego, jako jedno z 20 polskich miast najbardziej zaanga\u017cowanych w pomoc walcz\u0105cej Ukrainie, podczas jego wyst\u0105pienia w Radzie Najwy\u017cszej Ukrainy, 22 maja 2022 roku. Wtedy to prezydent Ze\u0142e\u0144ski podzi\u0119kowa\u0142 narodowi polskiemu za udzielone wsparcie.<\/p>\n\n\n\n<p>\u2013 Te dzia\u0142ania nie by\u0142yby mo\u017cliwe, gdyby nie olbrzymie zaanga\u017cowanie i hojno\u015b\u0107 naszych mieszka\u0144c\u00f3w oraz aktywno\u015b\u0107 kieleckich organizacji pozarz\u0105dowych. Pozytywna energia, kt\u00f3ra temu towarzyszy\u0142a, przyczynia\u0142a si\u0119 r\u00f3wnie\u017c do wzmocnienia wsparcia skierowanego dla ofiar wojny. Pan Sergiej Morgunov, mer miasta Winnica przekaza\u0142 nam flag\u0119, na kt\u00f3rej znajduj\u0105 si\u0119 podpisy oddzia\u0142\u00f3w, kt\u00f3re broni\u0142y Bachmutu, dzi\u0119ki mi\u0119dzy innymi wsparciu humanitarnemu i wyposa\u017ceniu. Z tego miejsca serdecznie dzi\u0119kuj\u0119 wszystkim \u2013 powiedzia\u0142 Bogdan Wenta.<\/p>\n\n\n\n<p>Flaga zosta\u0142a przekazana przewodnicz\u0105cemu rady miasta Jaros\u0142awowi Karysiowi, jako wyraz wdzi\u0119czno\u015bci dla kieleckiej rady miasta za udzielon\u0105 Winnicy pomoc.<\/p>\n\n\n\n<figure class=\"wp-block-embed is-type-wp-embed is-provider-radio-kielce wp-block-embed-radio-kielce\"><div class=\"wp-block-embed__wrapper\">\n<blockquote class=\"wp-embedded-content\" data-secret=\"JWyvQAv5IA\"><a href=\"https:\/\/radiokielce.pl\/1069392\/do-kielc-trafila-flaga-z-podpisami-oddzialow-broniacych-bachmutu\/\">Do Kielc trafi\u0142a flaga z podpisami oddzia\u0142\u00f3w broni\u0105cych Bachmutu<\/a><\/blockquote><iframe loading=\"lazy\" class=\"wp-embedded-content\" sandbox=\"allow-scripts\" security=\"restricted\" style=\"position: absolute; clip: rect(1px, 1px, 1px, 1px);\" title=\"&#8222;Do Kielc trafi\u0142a flaga z podpisami oddzia\u0142\u00f3w broni\u0105cych Bachmutu&#8221; &#8212; Radio Kielce\" src=\"https:\/\/radiokielce.pl\/1069392\/do-kielc-trafila-flaga-z-podpisami-oddzialow-broniacych-bachmutu\/embed\/#?secret=g16OEpl3jT#?secret=JWyvQAv5IA\" data-secret=\"JWyvQAv5IA\" width=\"600\" height=\"338\" frameborder=\"0\" marginwidth=\"0\" marginheight=\"0\" scrolling=\"no\"><\/iframe>\n<\/div><\/figure>\n\n\n\n<p>\u0179r\u00f3d\u0142o   https:\/\/www.gazetawarszawska.com\/index.php\/politics\/9067-do-kielc-trafila-flaga-z-podpisami-oddzialow-broniacych-bachmutu<\/p>\n","protected":false},"excerpt":{"rendered":"<p>\u0179r\u00f3d\u0142o Gazeta Warszawska Przera\u017caj\u0105ca ilustracja naszego upadku. Kieleckie by\u0142o przecie\u017c domen\u0105 NSZ, a teraz nie ma tam ani jednego sprawiedliwego. Red. Gazeta Warszawska + Kielce otrzyma\u0142y ukrai\u0144sk\u0105 flag\u0119 z podzi\u0119kowaniami za wsparcie udzielone Ukrainie walcz\u0105cej z rosyjskim naje\u017ad\u017ac\u0105. S\u0142owa wdzi\u0119czno\u015bci&#8230; <\/p>\n","protected":false},"author":2,"featured_media":2961,"comment_status":"open","ping_status":"open","sticky":false,"template":"","format":"standard","meta":{"_acf_changed":false,"_bbp_topic_count":0,"_bbp_reply_count":0,"_bbp_total_topic_count":0,"_bbp_total_reply_count":0,"_bbp_voice_count":0,"_bbp_anonymous_reply_count":0,"_bbp_topic_count_hidden":0,"_bbp_reply_count_hidden":0,"_bbp_forum_subforum_count":0,"om_disable_all_campaigns":false,"_monsterinsights_skip_tracking":false,"footnotes":""},"categories":[93],"tags":[],"class_list":["post-2956","post","type-post","status-publish","format-standard","has-post-thumbnail","hentry","category-artykuly"],"acf":[],"aioseo_notices":[],"aioseo_head":"\n\t\t<!-- All in One SEO 5.0.1.1 - aioseo.com -->\n\t<meta name=\"description\" content=\"\u0179r\u00f3d\u0142o Gazeta Warszawska Przera\u017caj\u0105ca ilustracja naszego upadku. Kieleckie by\u0142o przecie\u017c domen\u0105 NSZ, a teraz nie ma tam ani jednego sprawiedliwego. Red. Gazeta Warszawska + Kielce otrzyma\u0142y ukrai\u0144sk\u0105 flag\u0119 z podzi\u0119kowaniami za wsparcie udzielone Ukrainie walcz\u0105cej z rosyjskim naje\u017ad\u017ac\u0105. S\u0142owa wdzi\u0119czno\u015bci pochodz\u0105 od oddzia\u0142\u00f3w wojskowych, kt\u00f3re bra\u0142y udzia\u0142 w obronie miasta Bachmut. Wyj\u0105tkowy dar ofiarowany przez\" \/>\n\t<meta name=\"robots\" content=\"max-image-preview:large\" \/>\n\t<meta name=\"author\" content=\"trinity\"\/>\n\t<link rel=\"canonical\" href=\"https:\/\/wia.net.pl\/index.php\/2023\/07\/02\/do-kielc-trafila-flaga-z-podpisami-oddzialow-broniacych-bachmutu\/\" \/>\n\t<meta name=\"generator\" content=\"All in One SEO (AIOSEO) 5.0.1.1\" \/>\n\t\t<meta property=\"og:locale\" content=\"pl_PL\" \/>\n\t\t<meta property=\"og:site_name\" content=\"Wolno\u015b\u0107 i Anarchia - Ka\u017cdy wewn\u0119trznie jest anarchist\u0105.\" \/>\n\t\t<meta property=\"og:type\" content=\"article\" \/>\n\t\t<meta property=\"og:title\" content=\"Do Kielc trafi\u0142a flaga z podpisami oddzia\u0142\u00f3w broni\u0105cych Bachmutu - Wolno\u015b\u0107 i Anarchia\" \/>\n\t\t<meta property=\"og:description\" content=\"\u0179r\u00f3d\u0142o Gazeta Warszawska Przera\u017caj\u0105ca ilustracja naszego upadku. Kieleckie by\u0142o przecie\u017c domen\u0105 NSZ, a teraz nie ma tam ani jednego sprawiedliwego. Red. Gazeta Warszawska + Kielce otrzyma\u0142y ukrai\u0144sk\u0105 flag\u0119 z podzi\u0119kowaniami za wsparcie udzielone Ukrainie walcz\u0105cej z rosyjskim naje\u017ad\u017ac\u0105. S\u0142owa wdzi\u0119czno\u015bci pochodz\u0105 od oddzia\u0142\u00f3w wojskowych, kt\u00f3re bra\u0142y udzia\u0142 w obronie miasta Bachmut. Wyj\u0105tkowy dar ofiarowany przez\" \/>\n\t\t<meta property=\"og:url\" content=\"https:\/\/wia.net.pl\/index.php\/2023\/07\/02\/do-kielc-trafila-flaga-z-podpisami-oddzialow-broniacych-bachmutu\/\" \/>\n\t\t<meta property=\"og:image\" content=\"https:\/\/wia.net.pl\/wp-content\/uploads\/2023\/11\/cropped-freedom-i73367.jpg\" \/>\n\t\t<meta property=\"og:image:secure_url\" content=\"https:\/\/wia.net.pl\/wp-content\/uploads\/2023\/11\/cropped-freedom-i73367.jpg\" \/>\n\t\t<meta property=\"article:published_time\" content=\"2023-07-02T01:08:51+00:00\" \/>\n\t\t<meta property=\"article:modified_time\" content=\"2023-07-02T01:08:52+00:00\" \/>\n\t\t<meta name=\"twitter:card\" content=\"summary_large_image\" \/>\n\t\t<meta name=\"twitter:title\" content=\"Do Kielc trafi\u0142a flaga z podpisami oddzia\u0142\u00f3w broni\u0105cych Bachmutu - Wolno\u015b\u0107 i Anarchia\" \/>\n\t\t<meta name=\"twitter:description\" content=\"\u0179r\u00f3d\u0142o Gazeta Warszawska Przera\u017caj\u0105ca ilustracja naszego upadku. Kieleckie by\u0142o przecie\u017c domen\u0105 NSZ, a teraz nie ma tam ani jednego sprawiedliwego. Red. Gazeta Warszawska + Kielce otrzyma\u0142y ukrai\u0144sk\u0105 flag\u0119 z podzi\u0119kowaniami za wsparcie udzielone Ukrainie walcz\u0105cej z rosyjskim naje\u017ad\u017ac\u0105. S\u0142owa wdzi\u0119czno\u015bci pochodz\u0105 od oddzia\u0142\u00f3w wojskowych, kt\u00f3re bra\u0142y udzia\u0142 w obronie miasta Bachmut. Wyj\u0105tkowy dar ofiarowany przez\" \/>\n\t\t<meta name=\"twitter:image\" content=\"https:\/\/wia.net.pl\/wp-content\/uploads\/2023\/11\/cropped-freedom-i73367.jpg\" \/>\n\t\t<script type=\"application\/ld+json\" class=\"aioseo-schema\">\n\t\t\t{\"@context\":\"https:\\\/\\\/schema.org\",\"@graph\":[{\"@type\":\"BlogPosting\",\"@id\":\"https:\\\/\\\/wia.net.pl\\\/index.php\\\/2023\\\/07\\\/02\\\/do-kielc-trafila-flaga-z-podpisami-oddzialow-broniacych-bachmutu\\\/#blogposting\",\"name\":\"Do Kielc trafi\\u0142a flaga z podpisami oddzia\\u0142\\u00f3w broni\\u0105cych Bachmutu - Wolno\\u015b\\u0107 i Anarchia\",\"headline\":\"Do Kielc trafi\\u0142a flaga z podpisami oddzia\\u0142\\u00f3w broni\\u0105cych Bachmutu\",\"author\":{\"@id\":\"https:\\\/\\\/wia.net.pl\\\/index.php\\\/author\\\/trinity\\\/#author\"},\"publisher\":{\"@id\":\"https:\\\/\\\/wia.net.pl\\\/#person\"},\"image\":{\"@type\":\"ImageObject\",\"url\":\"https:\\\/\\\/wia.net.pl\\\/wp-content\\\/uploads\\\/2023\\\/07\\\/flaga-2-1.jpg\",\"width\":942,\"height\":461},\"datePublished\":\"2023-07-02T03:08:51+02:00\",\"dateModified\":\"2023-07-02T03:08:52+02:00\",\"inLanguage\":\"pl-PL\",\"mainEntityOfPage\":{\"@id\":\"https:\\\/\\\/wia.net.pl\\\/index.php\\\/2023\\\/07\\\/02\\\/do-kielc-trafila-flaga-z-podpisami-oddzialow-broniacych-bachmutu\\\/#webpage\"},\"isPartOf\":{\"@id\":\"https:\\\/\\\/wia.net.pl\\\/index.php\\\/2023\\\/07\\\/02\\\/do-kielc-trafila-flaga-z-podpisami-oddzialow-broniacych-bachmutu\\\/#webpage\"},\"articleSection\":\"Artyku\\u0142y\"},{\"@type\":\"BreadcrumbList\",\"@id\":\"https:\\\/\\\/wia.net.pl\\\/index.php\\\/2023\\\/07\\\/02\\\/do-kielc-trafila-flaga-z-podpisami-oddzialow-broniacych-bachmutu\\\/#breadcrumblist\",\"itemListElement\":[{\"@type\":\"ListItem\",\"@id\":\"https:\\\/\\\/wia.net.pl#listItem\",\"position\":1,\"name\":\"Home\",\"item\":\"https:\\\/\\\/wia.net.pl\",\"nextItem\":{\"@type\":\"ListItem\",\"@id\":\"https:\\\/\\\/wia.net.pl\\\/index.php\\\/category\\\/artykuly\\\/#listItem\",\"name\":\"Artyku\\u0142y\"}},{\"@type\":\"ListItem\",\"@id\":\"https:\\\/\\\/wia.net.pl\\\/index.php\\\/category\\\/artykuly\\\/#listItem\",\"position\":2,\"name\":\"Artyku\\u0142y\",\"item\":\"https:\\\/\\\/wia.net.pl\\\/index.php\\\/category\\\/artykuly\\\/\",\"nextItem\":{\"@type\":\"ListItem\",\"@id\":\"https:\\\/\\\/wia.net.pl\\\/index.php\\\/2023\\\/07\\\/02\\\/do-kielc-trafila-flaga-z-podpisami-oddzialow-broniacych-bachmutu\\\/#listItem\",\"name\":\"Do Kielc trafi\\u0142a flaga z podpisami oddzia\\u0142\\u00f3w broni\\u0105cych Bachmutu\"},\"previousItem\":{\"@type\":\"ListItem\",\"@id\":\"https:\\\/\\\/wia.net.pl#listItem\",\"name\":\"Home\"}},{\"@type\":\"ListItem\",\"@id\":\"https:\\\/\\\/wia.net.pl\\\/index.php\\\/2023\\\/07\\\/02\\\/do-kielc-trafila-flaga-z-podpisami-oddzialow-broniacych-bachmutu\\\/#listItem\",\"position\":3,\"name\":\"Do Kielc trafi\\u0142a flaga z podpisami oddzia\\u0142\\u00f3w broni\\u0105cych Bachmutu\",\"previousItem\":{\"@type\":\"ListItem\",\"@id\":\"https:\\\/\\\/wia.net.pl\\\/index.php\\\/category\\\/artykuly\\\/#listItem\",\"name\":\"Artyku\\u0142y\"}}]},{\"@type\":\"Person\",\"@id\":\"https:\\\/\\\/wia.net.pl\\\/#person\",\"name\":\"Bart\\u0142omiej Talarczyk\",\"image\":{\"@type\":\"ImageObject\",\"@id\":\"https:\\\/\\\/wia.net.pl\\\/index.php\\\/2023\\\/07\\\/02\\\/do-kielc-trafila-flaga-z-podpisami-oddzialow-broniacych-bachmutu\\\/#personImage\",\"url\":\"https:\\\/\\\/wia.net.pl\\\/wp-content\\\/uploads\\\/avatar-privacy\\\/cache\\\/user\\\/1\\\/7\\\/176a6b161c58363ff49b5c167264231f519f5c7fa183ca1f61e891769b6b56d5-96.jpg\",\"width\":96,\"height\":96,\"caption\":\"Bart\\u0142omiej Talarczyk\"}},{\"@type\":\"Person\",\"@id\":\"https:\\\/\\\/wia.net.pl\\\/index.php\\\/author\\\/trinity\\\/#author\",\"url\":\"https:\\\/\\\/wia.net.pl\\\/index.php\\\/author\\\/trinity\\\/\",\"name\":\"trinity\",\"image\":{\"@type\":\"ImageObject\",\"@id\":\"https:\\\/\\\/wia.net.pl\\\/index.php\\\/2023\\\/07\\\/02\\\/do-kielc-trafila-flaga-z-podpisami-oddzialow-broniacych-bachmutu\\\/#authorImage\",\"url\":\"https:\\\/\\\/wia.net.pl\\\/wp-content\\\/uploads\\\/avatar-privacy\\\/cache\\\/user\\\/5\\\/f\\\/5f6547cf82495eaa10e100a6a45d5dbde2dfdc1be88557de2018fca705bdf6f1-96.jpg\",\"width\":96,\"height\":96,\"caption\":\"trinity\"}},{\"@type\":\"WebPage\",\"@id\":\"https:\\\/\\\/wia.net.pl\\\/index.php\\\/2023\\\/07\\\/02\\\/do-kielc-trafila-flaga-z-podpisami-oddzialow-broniacych-bachmutu\\\/#webpage\",\"url\":\"https:\\\/\\\/wia.net.pl\\\/index.php\\\/2023\\\/07\\\/02\\\/do-kielc-trafila-flaga-z-podpisami-oddzialow-broniacych-bachmutu\\\/\",\"name\":\"Do Kielc trafi\\u0142a flaga z podpisami oddzia\\u0142\\u00f3w broni\\u0105cych Bachmutu - Wolno\\u015b\\u0107 i Anarchia\",\"description\":\"\\u0179r\\u00f3d\\u0142o Gazeta Warszawska Przera\\u017caj\\u0105ca ilustracja naszego upadku. Kieleckie by\\u0142o przecie\\u017c domen\\u0105 NSZ, a teraz nie ma tam ani jednego sprawiedliwego. Red. Gazeta Warszawska + Kielce otrzyma\\u0142y ukrai\\u0144sk\\u0105 flag\\u0119 z podzi\\u0119kowaniami za wsparcie udzielone Ukrainie walcz\\u0105cej z rosyjskim naje\\u017ad\\u017ac\\u0105. S\\u0142owa wdzi\\u0119czno\\u015bci pochodz\\u0105 od oddzia\\u0142\\u00f3w wojskowych, kt\\u00f3re bra\\u0142y udzia\\u0142 w obronie miasta Bachmut. Wyj\\u0105tkowy dar ofiarowany przez\",\"inLanguage\":\"pl-PL\",\"isPartOf\":{\"@id\":\"https:\\\/\\\/wia.net.pl\\\/#website\"},\"breadcrumb\":{\"@id\":\"https:\\\/\\\/wia.net.pl\\\/index.php\\\/2023\\\/07\\\/02\\\/do-kielc-trafila-flaga-z-podpisami-oddzialow-broniacych-bachmutu\\\/#breadcrumblist\"},\"author\":{\"@id\":\"https:\\\/\\\/wia.net.pl\\\/index.php\\\/author\\\/trinity\\\/#author\"},\"creator\":{\"@id\":\"https:\\\/\\\/wia.net.pl\\\/index.php\\\/author\\\/trinity\\\/#author\"},\"image\":{\"@type\":\"ImageObject\",\"url\":\"https:\\\/\\\/wia.net.pl\\\/wp-content\\\/uploads\\\/2023\\\/07\\\/flaga-2-1.jpg\",\"@id\":\"https:\\\/\\\/wia.net.pl\\\/index.php\\\/2023\\\/07\\\/02\\\/do-kielc-trafila-flaga-z-podpisami-oddzialow-broniacych-bachmutu\\\/#mainImage\",\"width\":942,\"height\":461},\"primaryImageOfPage\":{\"@id\":\"https:\\\/\\\/wia.net.pl\\\/index.php\\\/2023\\\/07\\\/02\\\/do-kielc-trafila-flaga-z-podpisami-oddzialow-broniacych-bachmutu\\\/#mainImage\"},\"datePublished\":\"2023-07-02T03:08:51+02:00\",\"dateModified\":\"2023-07-02T03:08:52+02:00\"},{\"@type\":\"WebSite\",\"@id\":\"https:\\\/\\\/wia.net.pl\\\/#website\",\"url\":\"https:\\\/\\\/wia.net.pl\\\/\",\"name\":\"Wolno\\u015b\\u0107 i Anarchia\",\"description\":\"Ka\\u017cdy wewn\\u0119trznie jest anarchist\\u0105.\",\"inLanguage\":\"pl-PL\",\"publisher\":{\"@id\":\"https:\\\/\\\/wia.net.pl\\\/#person\"}}]}\n\t\t<\/script>\n\t\t<!-- All in One SEO -->\n\n","aioseo_head_json":{"title":"Do Kielc trafi\u0142a flaga z podpisami oddzia\u0142\u00f3w broni\u0105cych Bachmutu - Wolno\u015b\u0107 i Anarchia","description":"\u0179r\u00f3d\u0142o Gazeta Warszawska Przera\u017caj\u0105ca ilustracja naszego upadku. Kieleckie by\u0142o przecie\u017c domen\u0105 NSZ, a teraz nie ma tam ani jednego sprawiedliwego. Red. Gazeta Warszawska + Kielce otrzyma\u0142y ukrai\u0144sk\u0105 flag\u0119 z podzi\u0119kowaniami za wsparcie udzielone Ukrainie walcz\u0105cej z rosyjskim naje\u017ad\u017ac\u0105. S\u0142owa wdzi\u0119czno\u015bci pochodz\u0105 od oddzia\u0142\u00f3w wojskowych, kt\u00f3re bra\u0142y udzia\u0142 w obronie miasta Bachmut. Wyj\u0105tkowy dar ofiarowany przez","canonical_url":"https:\/\/wia.net.pl\/index.php\/2023\/07\/02\/do-kielc-trafila-flaga-z-podpisami-oddzialow-broniacych-bachmutu\/","robots":"max-image-preview:large","keywords":"","webmasterTools":{"miscellaneous":""},"schema":{"@context":"https:\/\/schema.org","@graph":[{"@type":"BlogPosting","@id":"https:\/\/wia.net.pl\/index.php\/2023\/07\/02\/do-kielc-trafila-flaga-z-podpisami-oddzialow-broniacych-bachmutu\/#blogposting","name":"Do Kielc trafi\u0142a flaga z podpisami oddzia\u0142\u00f3w broni\u0105cych Bachmutu - Wolno\u015b\u0107 i Anarchia","headline":"Do Kielc trafi\u0142a flaga z podpisami oddzia\u0142\u00f3w broni\u0105cych Bachmutu","author":{"@id":"https:\/\/wia.net.pl\/index.php\/author\/trinity\/#author"},"publisher":{"@id":"https:\/\/wia.net.pl\/#person"},"image":{"@type":"ImageObject","url":"https:\/\/wia.net.pl\/wp-content\/uploads\/2023\/07\/flaga-2-1.jpg","width":942,"height":461},"datePublished":"2023-07-02T03:08:51+02:00","dateModified":"2023-07-02T03:08:52+02:00","inLanguage":"pl-PL","mainEntityOfPage":{"@id":"https:\/\/wia.net.pl\/index.php\/2023\/07\/02\/do-kielc-trafila-flaga-z-podpisami-oddzialow-broniacych-bachmutu\/#webpage"},"isPartOf":{"@id":"https:\/\/wia.net.pl\/index.php\/2023\/07\/02\/do-kielc-trafila-flaga-z-podpisami-oddzialow-broniacych-bachmutu\/#webpage"},"articleSection":"Artyku\u0142y"},{"@type":"BreadcrumbList","@id":"https:\/\/wia.net.pl\/index.php\/2023\/07\/02\/do-kielc-trafila-flaga-z-podpisami-oddzialow-broniacych-bachmutu\/#breadcrumblist","itemListElement":[{"@type":"ListItem","@id":"https:\/\/wia.net.pl#listItem","position":1,"name":"Home","item":"https:\/\/wia.net.pl","nextItem":{"@type":"ListItem","@id":"https:\/\/wia.net.pl\/index.php\/category\/artykuly\/#listItem","name":"Artyku\u0142y"}},{"@type":"ListItem","@id":"https:\/\/wia.net.pl\/index.php\/category\/artykuly\/#listItem","position":2,"name":"Artyku\u0142y","item":"https:\/\/wia.net.pl\/index.php\/category\/artykuly\/","nextItem":{"@type":"ListItem","@id":"https:\/\/wia.net.pl\/index.php\/2023\/07\/02\/do-kielc-trafila-flaga-z-podpisami-oddzialow-broniacych-bachmutu\/#listItem","name":"Do Kielc trafi\u0142a flaga z podpisami oddzia\u0142\u00f3w broni\u0105cych Bachmutu"},"previousItem":{"@type":"ListItem","@id":"https:\/\/wia.net.pl#listItem","name":"Home"}},{"@type":"ListItem","@id":"https:\/\/wia.net.pl\/index.php\/2023\/07\/02\/do-kielc-trafila-flaga-z-podpisami-oddzialow-broniacych-bachmutu\/#listItem","position":3,"name":"Do Kielc trafi\u0142a flaga z podpisami oddzia\u0142\u00f3w broni\u0105cych Bachmutu","previousItem":{"@type":"ListItem","@id":"https:\/\/wia.net.pl\/index.php\/category\/artykuly\/#listItem","name":"Artyku\u0142y"}}]},{"@type":"Person","@id":"https:\/\/wia.net.pl\/#person","name":"Bart\u0142omiej Talarczyk","image":{"@type":"ImageObject","@id":"https:\/\/wia.net.pl\/index.php\/2023\/07\/02\/do-kielc-trafila-flaga-z-podpisami-oddzialow-broniacych-bachmutu\/#personImage","url":"https:\/\/wia.net.pl\/wp-content\/uploads\/avatar-privacy\/cache\/user\/1\/7\/176a6b161c58363ff49b5c167264231f519f5c7fa183ca1f61e891769b6b56d5-96.jpg","width":96,"height":96,"caption":"Bart\u0142omiej Talarczyk"}},{"@type":"Person","@id":"https:\/\/wia.net.pl\/index.php\/author\/trinity\/#author","url":"https:\/\/wia.net.pl\/index.php\/author\/trinity\/","name":"trinity","image":{"@type":"ImageObject","@id":"https:\/\/wia.net.pl\/index.php\/2023\/07\/02\/do-kielc-trafila-flaga-z-podpisami-oddzialow-broniacych-bachmutu\/#authorImage","url":"https:\/\/wia.net.pl\/wp-content\/uploads\/avatar-privacy\/cache\/user\/5\/f\/5f6547cf82495eaa10e100a6a45d5dbde2dfdc1be88557de2018fca705bdf6f1-96.jpg","width":96,"height":96,"caption":"trinity"}},{"@type":"WebPage","@id":"https:\/\/wia.net.pl\/index.php\/2023\/07\/02\/do-kielc-trafila-flaga-z-podpisami-oddzialow-broniacych-bachmutu\/#webpage","url":"https:\/\/wia.net.pl\/index.php\/2023\/07\/02\/do-kielc-trafila-flaga-z-podpisami-oddzialow-broniacych-bachmutu\/","name":"Do Kielc trafi\u0142a flaga z podpisami oddzia\u0142\u00f3w broni\u0105cych Bachmutu - Wolno\u015b\u0107 i Anarchia","description":"\u0179r\u00f3d\u0142o Gazeta Warszawska Przera\u017caj\u0105ca ilustracja naszego upadku. Kieleckie by\u0142o przecie\u017c domen\u0105 NSZ, a teraz nie ma tam ani jednego sprawiedliwego. Red. Gazeta Warszawska + Kielce otrzyma\u0142y ukrai\u0144sk\u0105 flag\u0119 z podzi\u0119kowaniami za wsparcie udzielone Ukrainie walcz\u0105cej z rosyjskim naje\u017ad\u017ac\u0105. S\u0142owa wdzi\u0119czno\u015bci pochodz\u0105 od oddzia\u0142\u00f3w wojskowych, kt\u00f3re bra\u0142y udzia\u0142 w obronie miasta Bachmut. Wyj\u0105tkowy dar ofiarowany przez","inLanguage":"pl-PL","isPartOf":{"@id":"https:\/\/wia.net.pl\/#website"},"breadcrumb":{"@id":"https:\/\/wia.net.pl\/index.php\/2023\/07\/02\/do-kielc-trafila-flaga-z-podpisami-oddzialow-broniacych-bachmutu\/#breadcrumblist"},"author":{"@id":"https:\/\/wia.net.pl\/index.php\/author\/trinity\/#author"},"creator":{"@id":"https:\/\/wia.net.pl\/index.php\/author\/trinity\/#author"},"image":{"@type":"ImageObject","url":"https:\/\/wia.net.pl\/wp-content\/uploads\/2023\/07\/flaga-2-1.jpg","@id":"https:\/\/wia.net.pl\/index.php\/2023\/07\/02\/do-kielc-trafila-flaga-z-podpisami-oddzialow-broniacych-bachmutu\/#mainImage","width":942,"height":461},"primaryImageOfPage":{"@id":"https:\/\/wia.net.pl\/index.php\/2023\/07\/02\/do-kielc-trafila-flaga-z-podpisami-oddzialow-broniacych-bachmutu\/#mainImage"},"datePublished":"2023-07-02T03:08:51+02:00","dateModified":"2023-07-02T03:08:52+02:00"},{"@type":"WebSite","@id":"https:\/\/wia.net.pl\/#website","url":"https:\/\/wia.net.pl\/","name":"Wolno\u015b\u0107 i Anarchia","description":"Ka\u017cdy wewn\u0119trznie jest anarchist\u0105.","inLanguage":"pl-PL","publisher":{"@id":"https:\/\/wia.net.pl\/#person"}}]},"og:locale":"pl_PL","og:site_name":"Wolno\u015b\u0107 i Anarchia - Ka\u017cdy wewn\u0119trznie jest anarchist\u0105.","og:type":"article","og:title":"Do Kielc trafi\u0142a flaga z podpisami oddzia\u0142\u00f3w broni\u0105cych Bachmutu - Wolno\u015b\u0107 i Anarchia","og:description":"\u0179r\u00f3d\u0142o Gazeta Warszawska Przera\u017caj\u0105ca ilustracja naszego upadku. Kieleckie by\u0142o przecie\u017c domen\u0105 NSZ, a teraz nie ma tam ani jednego sprawiedliwego. Red. Gazeta Warszawska + Kielce otrzyma\u0142y ukrai\u0144sk\u0105 flag\u0119 z podzi\u0119kowaniami za wsparcie udzielone Ukrainie walcz\u0105cej z rosyjskim naje\u017ad\u017ac\u0105. S\u0142owa wdzi\u0119czno\u015bci pochodz\u0105 od oddzia\u0142\u00f3w wojskowych, kt\u00f3re bra\u0142y udzia\u0142 w obronie miasta Bachmut. Wyj\u0105tkowy dar ofiarowany przez","og:url":"https:\/\/wia.net.pl\/index.php\/2023\/07\/02\/do-kielc-trafila-flaga-z-podpisami-oddzialow-broniacych-bachmutu\/","og:image":"https:\/\/wia.net.pl\/wp-content\/uploads\/2023\/11\/cropped-freedom-i73367.jpg","og:image:secure_url":"https:\/\/wia.net.pl\/wp-content\/uploads\/2023\/11\/cropped-freedom-i73367.jpg","article:published_time":"2023-07-02T01:08:51+00:00","article:modified_time":"2023-07-02T01:08:52+00:00","twitter:card":"summary_large_image","twitter:title":"Do Kielc trafi\u0142a flaga z podpisami oddzia\u0142\u00f3w broni\u0105cych Bachmutu - Wolno\u015b\u0107 i Anarchia","twitter:description":"\u0179r\u00f3d\u0142o Gazeta Warszawska Przera\u017caj\u0105ca ilustracja naszego upadku. Kieleckie by\u0142o przecie\u017c domen\u0105 NSZ, a teraz nie ma tam ani jednego sprawiedliwego. Red. Gazeta Warszawska + Kielce otrzyma\u0142y ukrai\u0144sk\u0105 flag\u0119 z podzi\u0119kowaniami za wsparcie udzielone Ukrainie walcz\u0105cej z rosyjskim naje\u017ad\u017ac\u0105. S\u0142owa wdzi\u0119czno\u015bci pochodz\u0105 od oddzia\u0142\u00f3w wojskowych, kt\u00f3re bra\u0142y udzia\u0142 w obronie miasta Bachmut. Wyj\u0105tkowy dar ofiarowany przez","twitter:image":"https:\/\/wia.net.pl\/wp-content\/uploads\/2023\/11\/cropped-freedom-i73367.jpg"},"aioseo_meta_data":{"post_id":"2956","title":null,"description":null,"keywords":[],"keyphrases":{"focus":{"keyphrase":"","score":0,"analysis":{"keyphraseInTitle":{"score":0,"maxScore":9,"error":1}}},"additional":[]},"primary_term":null,"canonical_url":null,"og_title":null,"og_description":null,"og_object_type":"default","og_image_type":"default","og_image_url":null,"og_image_width":null,"og_image_height":null,"og_image_custom_url":null,"og_image_custom_fields":null,"og_video":"","og_custom_url":null,"og_article_section":null,"og_article_tags":[],"twitter_use_og":false,"twitter_card":"default","twitter_image_type":"default","twitter_image_url":null,"twitter_image_custom_url":null,"twitter_image_custom_fields":null,"twitter_title":null,"twitter_description":null,"schema":{"blockGraphs":[],"customGraphs":[],"default":{"data":{"Article":[],"Course":[],"Dataset":[],"FAQPage":[],"Movie":[],"Person":[],"Product":[],"ProductReview":[],"Car":[],"Recipe":[],"Service":[],"SoftwareApplication":[],"WebPage":[]},"graphName":"BlogPosting","isEnabled":true},"graphs":[]},"schema_type":"default","schema_type_options":null,"pillar_content":false,"robots_default":true,"robots_noindex":false,"robots_noarchive":false,"robots_nosnippet":false,"robots_nofollow":false,"robots_noimageindex":false,"robots_noodp":false,"robots_notranslate":false,"robots_max_snippet":"-1","robots_max_videopreview":"-1","robots_max_imagepreview":"large","priority":null,"frequency":"default","local_seo":null,"breadcrumb_settings":null,"limit_modified_date":false,"ai":null,"created":"2023-07-02 01:05:10","updated":"2025-06-04 08:32:16","seo_analyzer_scan_date":null,"focus_keyword":null,"additional_keywords":null,"truseo_locale":null},"aioseo_breadcrumb":"<div class=\"aioseo-breadcrumbs\"><span class=\"aioseo-breadcrumb\">\n\t\t\t<a href=\"https:\/\/wia.net.pl\" title=\"Home\">Home<\/a>\n\t\t<\/span><span class=\"aioseo-breadcrumb-separator\">&raquo;<\/span><span class=\"aioseo-breadcrumb\">\n\t\t\t<a href=\"https:\/\/wia.net.pl\/index.php\/category\/artykuly\/\" title=\"Artyku\u0142y\">Artyku\u0142y<\/a>\n\t\t<\/span><span class=\"aioseo-breadcrumb-separator\">&raquo;<\/span><span class=\"aioseo-breadcrumb\">\n\t\t\tDo Kielc trafi\u0142a flaga z podpisami oddzia\u0142\u00f3w broni\u0105cych Bachmutu\n\t\t<\/span><\/div>","aioseo_breadcrumb_json":[{"label":"Home","link":"https:\/\/wia.net.pl"},{"label":"Artyku\u0142y","link":"https:\/\/wia.net.pl\/index.php\/category\/artykuly\/"},{"label":"Do Kielc trafi\u0142a flaga z podpisami oddzia\u0142\u00f3w broni\u0105cych Bachmutu","link":"https:\/\/wia.net.pl\/index.php\/2023\/07\/02\/do-kielc-trafila-flaga-z-podpisami-oddzialow-broniacych-bachmutu\/"}],"_links":{"self":[{"href":"https:\/\/wia.net.pl\/index.php\/wp-json\/wp\/v2\/posts\/2956"}],"collection":[{"href":"https:\/\/wia.net.pl\/index.php\/wp-json\/wp\/v2\/posts"}],"about":[{"href":"https:\/\/wia.net.pl\/index.php\/wp-json\/wp\/v2\/types\/post"}],"author":[{"embeddable":true,"href":"https:\/\/wia.net.pl\/index.php\/wp-json\/wp\/v2\/users\/2"}],"replies":[{"embeddable":true,"href":"https:\/\/wia.net.pl\/index.php\/wp-json\/wp\/v2\/comments?post=2956"}],"version-history":[{"count":2,"href":"https:\/\/wia.net.pl\/index.php\/wp-json\/wp\/v2\/posts\/2956\/revisions"}],"predecessor-version":[{"id":2962,"href":"https:\/\/wia.net.pl\/index.php\/wp-json\/wp\/v2\/posts\/2956\/revisions\/2962"}],"wp:featuredmedia":[{"embeddable":true,"href":"https:\/\/wia.net.pl\/index.php\/wp-json\/wp\/v2\/media\/2961"}],"wp:attachment":[{"href":"https:\/\/wia.net.pl\/index.php\/wp-json\/wp\/v2\/media?parent=2956"}],"wp:term":[{"taxonomy":"category","embeddable":true,"href":"https:\/\/wia.net.pl\/index.php\/wp-json\/wp\/v2\/categories?post=2956"},{"taxonomy":"post_tag","embeddable":true,"href":"https:\/\/wia.net.pl\/index.php\/wp-json\/wp\/v2\/tags?post=2956"}],"curies":[{"name":"wp","href":"https:\/\/api.w.org\/{rel}","templated":true}]}}