{"id":2971,"date":"2023-07-03T16:21:22","date_gmt":"2023-07-03T14:21:22","guid":{"rendered":"https:\/\/wia.net.pl\/?p=2971"},"modified":"2023-07-03T16:21:23","modified_gmt":"2023-07-03T14:21:23","slug":"odbudowa-a-bretton-woods","status":"publish","type":"post","link":"https:\/\/wia.net.pl\/index.php\/2023\/07\/03\/odbudowa-a-bretton-woods\/","title":{"rendered":"Odbudowa a Bretton Woods?"},"content":{"rendered":"\n<p>Autor:\u00a0<strong><a href=\"https:\/\/rebelion.org\/autor\/alejandro-marco-del-pont\/\">Alejandro Marco del Pont<\/a><\/strong><\/p>\n\n\n\n<p><\/p>\n\n\n\n<figure class=\"wp-block-image size-full is-resized\"><img loading=\"lazy\" decoding=\"async\" src=\"https:\/\/wia.net.pl\/wp-content\/uploads\/2023\/07\/image-768x433-1.png\" alt=\"\" class=\"wp-image-2972\" width=\"872\" height=\"492\" srcset=\"https:\/\/wia.net.pl\/wp-content\/uploads\/2023\/07\/image-768x433-1.png 768w, https:\/\/wia.net.pl\/wp-content\/uploads\/2023\/07\/image-768x433-1-300x169.png 300w, https:\/\/wia.net.pl\/wp-content\/uploads\/2023\/07\/image-768x433-1-480x270.png 480w\" sizes=\"(max-width: 872px) 100vw, 872px\" \/><\/figure>\n\n\n\n<p><strong>\u0179r\u00f3d\u0142a:<\/strong>&nbsp;The Economist Horsefly [Zdj\u0119cie: od lewej do prawej, Pierre Mend\u00e8s France, John Maynard Keynes i Henry Morgenthau Jr., przedstawiciele Francji, Wielkiej Brytanii i Stan\u00f3w Zjednoczonych na konferencji w Bretton Woods]<\/p>\n\n\n\n<p><strong>\u015awiat nie zostanie zniszczony przez tych, kt\u00f3rzy czyni\u0105 z\u0142o, ale przez tych, kt\u00f3rzy nie maj\u0105 sumienia podczas robienia interes\u00f3w<\/strong><\/p>\n\n\n\n<p>Opowie\u015b\u0107 to ustrukturyzowana narracja o fakcie, rzeczywistym lub wyimaginowanym, dokonywana za pomoc\u0105 j\u0119zyka m\u00f3wionego lub pisanego.\u00a0Innymi s\u0142owy, opowie\u015b\u0107 jest relacj\u0105, na og\u00f3\u0142 kr\u00f3tk\u0105, serii wydarze\u0144, kt\u00f3re mia\u0142y miejsce w rzeczywisto\u015bci, w wyobra\u017ani lub, w przypadku w\u0142a\u015bcicieli \u015bwiata, konstrukcj\u0105, kt\u00f3ra determinuje i kieruje przysz\u0142ymi debatami.\u00a0Jego przeznaczeniem jest s\u0142u\u017cy\u0107 jako policjant my\u015bli, templariusz narzuconych idei.\u00a0Ktokolwiek jest poza wyznaczon\u0105 narracj\u0105, jest niesp\u00f3jny, zdezorientowany, absurdalny, nierzeczywisty, dlatego tak du\u017co m\u00f3wimy o historiach utkanych na Forum w Davos\u00a0\u00a0<a href=\"https:\/\/eltabanoeconomista.wordpress.com\/2023\/06\/11\/protocolo-para-conspirar\/\">i w<\/a>\u00a0\u00a0Klubie\u00a0\u00a0<a href=\"https:\/\/eltabanoeconomista.wordpress.com\/2023\/06\/11\/protocolo-para-conspirar\/\">Bilderberg<\/a>\u00a0.<\/p>\n\n\n\n<p>Aby zrozumie\u0107 znaczenie tworzenia historii, podamy przyk\u0142ad.&nbsp;24 lutego 1616 roku Inkwizycja Ko\u015bcio\u0142a Katolickiego og\u0142osi\u0142a \u201eformalnie heretyck\u0105\u201d, a tak\u017ce \u201e\u015bmieszn\u0105 i absurdaln\u0105\u201d ide\u0119, \u017ce Ziemia kr\u0119ci si\u0119 wok\u00f3\u0142 S\u0142o\u0144ca, a nie odwrotnie, za co Galileo Galilei zosta\u0142 skazany teorii, a Inkwizycja zmusi\u0142a go do wycofania si\u0119 z szalonej idei heliocentrycznej.&nbsp;Oczywi\u015bcie, \u017ce tak, ale doda\u0142&nbsp;&nbsp;<strong>\u201e&nbsp;<em>Eppur si muove<\/em>&nbsp;\u201d<\/strong>&nbsp;(I mimo wszystko porusza si\u0119).&nbsp;Ide\u0105 tej historii jest o\u015bmieszenie i odrzucenie tych, kt\u00f3rzy s\u0105 poza konsensusem, poza parametrami ustalonymi przez narracj\u0119;&nbsp;nawet je\u015bli maj\u0105 racj\u0119, zostan\u0105 zlekcewa\u017cone.&nbsp;Musimy przyzna\u0107, \u017ce od czas\u00f3w Galileusza poczyniono znaczne post\u0119py, zanim go zabili, teraz s\u0105 pochowani cywilnie.<\/p>\n\n\n\n<p>Og\u0142oszona przez Emmanuela Macrona na Konferencji Narod\u00f3w Zjednoczonych w sprawie Zmian Klimatu, lepiej znanej jako COP27, kt\u00f3ra odby\u0142a si\u0119 w Egipcie w listopadzie 2022 r., Francja zorganizuje szczyt w sprawie Nowego Globalnego Paktu Finansowego, kt\u00f3ry w zale\u017cno\u015bci od zakresu mo\u017ce by\u0107 postrzegany&nbsp;&nbsp;<strong><em>jako<\/em><\/strong>&nbsp;&nbsp;sprawiedliwy kolejne mi\u0119dzynarodowe spotkanie uzupe\u0142niaj\u0105ce lub stanowi\u0105ce punkt zwrotny&nbsp; regularne&nbsp;<a href=\"https:\/\/www.dw.com\/es\/cambio-clim%C3%A1tico-y-deudas-cu%C3%A1les-son-los-objetivos-de-la-cumbre-financiera-en-par%C3%ADs\/a-65994903\"><strong>konferencje klimatyczne<\/strong><\/a>&nbsp;&nbsp;stron dotycz\u0105ce trwa\u0142ych zanieczyszcze\u0144 organicznych (TZO), spotkania G7 i G20;&nbsp;co jest jasne, historia musi zosta\u0107 zainstalowana.<\/p>\n\n\n\n<p>Szczyt ten, zwo\u0142any i odbywaj\u0105cy si\u0119 ju\u017c w Pary\u017cu 22 i 23 czerwca, ma na celu zainicjowanie przegl\u0105du mi\u0119dzynarodowego systemu finansowego, kt\u00f3ry sta\u0142 si\u0119 przestarza\u0142y z powodu mno\u017cenia si\u0119 kryzys\u00f3w spowodowanych przez sam mi\u0119dzynarodowy system finansowy.&nbsp;I tu zaczyna si\u0119 inicjatywa chroniona przez przera\u017caj\u0105ce kroniki, z zielonymi korzy\u015bciami finansowymi ukrytymi za wieloma nieudanymi \u017cyczeniami, absurdalnymi inicjatywami, kt\u00f3re ukrywaj\u0105 upragnion\u0105 rzeczywisto\u015b\u0107.<\/p>\n\n\n\n<p>Szereg ekspert\u00f3w spotka\u0142o si\u0119 na Barbadosie na zaproszenie rz\u0105du tego kraju i uczestniczy\u0142o w kilkudniowych intensywnych dyskusjach na temat przysz\u0142o\u015bci spo\u0142eczno\u015bci \u015bwiatowej w obliczu powa\u017cnych wyzwa\u0144 stoj\u0105cych dzi\u015b przed ludzko\u015bci\u0105, a w szczeg\u00f3lno\u015bci do ambitny projekt oparty na w\u0142asnych do\u015bwiadczeniach wyspy: zapewnienie s\u0142abszym krajom dost\u0119pu do \u015brodk\u00f3w finansowych w celu reagowania na globalne ocieplenie.\u00a0Z tych dyskusji wy\u0142oni\u0142a si\u0119 inicjatywa Bridgetown.\u00a0Proponuje on wykorzystanie 500 miliard\u00f3w dolar\u00f3w ze specjalnych praw ci\u0105gnienia MFW jako zabezpieczenia w celu stworzenia nowego funduszu powierniczego, kt\u00f3ry zgromadzi\u0142by pieni\u0105dze potrzebne krajom rozwijaj\u0105cym si\u0119 dotkni\u0119tym kl\u0119skami \u017cywio\u0142owymi spowodowanymi zmianami klimatycznymi\u00a0<strong>\u00a0!\u00a0<\/strong>\u00a0mo\u017ce mie\u0107 do tego prawo, a to jest tekst z <strong><em>dwuletni\u0105 przerw\u0105\u00a0<\/em><\/strong><em><strong>w sp\u0142acie zad\u0142u\u017cenia zagranicznego.<\/strong><\/em><em>\u00a0<\/em><\/p>\n\n\n\n<p>Cho\u0107 pro\u015bba wydaje si\u0119 absurdalna, a zosta\u0142a napisana i zredagowana w przem\u00f3wieniu premiera Mottleya na Zgromadzeniu Og\u00f3lnym ONZ, bo je\u015bli wyspa znajdzie si\u0119 pod wod\u0105, trudno b\u0119dzie jej wywi\u0105za\u0107 si\u0119 ze swoich zobowi\u0105za\u0144, ani teraz, ani w ci\u0105gu dw\u00f3ch lat, to z\u0142o\u015bliwe, \u017ce organizacje finansowe i kraje rozwini\u0119te przyj\u0119\u0142y ten pomys\u0142.&nbsp;Zobaczymy.<\/p>\n\n\n\n<p>Drugi punkt inicjatywy Bridgetown dotyczy rozszerzenia wielostronnych po\u017cyczek dla rz\u0105d\u00f3w w ramach tak zwanych \u201e&nbsp;<strong><em>globalnych d\u00f3br publicznych<\/em><\/strong>&nbsp;\u201d, strategii dotycz\u0105cej transformacji energetycznej, kryzysu klimatycznego i finansowania rozwoju, czyli finansowania potrzeb biednych kraj\u00f3w pod wzgl\u0119dem klimatu, stabilno\u015bci, odporno\u015bci i adaptacji na rzecz ochrony r\u00f3\u017cnorodno\u015bci biologicznej.<\/p>\n\n\n\n<p>Pandemia COVID-19 i zmiana klimatu spowodowa\u0142y wi\u0119ksze zubo\u017cenie i koncentracj\u0119 dochod\u00f3w szybciej ni\u017c w ci\u0105gu ostatnich czterech dekad, zwi\u0119kszaj\u0105c zad\u0142u\u017cenie narodowe, tak \u017ce finansowanie walki z ub\u00f3stwem i zmian\u0105 klimatu jest obecnie niemo\u017cliwe.&nbsp;Dlatego te\u017c potrzeba posiadania d\u00f3br publicznych, kt\u00f3re s\u0105 r\u00f3wnie\u017c \u201eglobalne\u201d, sta\u0142a si\u0119 problemem globalnym.&nbsp;Mam nadziej\u0119, \u017ce to jasne: teraz towary musz\u0105 by\u0107 zr\u00f3wnowa\u017cone.<\/p>\n\n\n\n<p>Nie by\u0142o problemu, gdy pierwszy \u015bwiat si\u0119 rozwija\u0142 i zanieczyszcza\u0142, a zar\u00f3wno oni, jak i mi\u0119dzynarodowe firmy przyczyni\u0142y si\u0119 do zwielokrotnienia zagro\u017ce\u0144 dla \u015brodowiska z ogromnymi zyskami.&nbsp;Teraz, wraz z transformacj\u0105 energetyczn\u0105, wymy\u015blon\u0105 przez kraje centralne, kt\u00f3rym brakuje d\u00f3br po\u015brednich do jej przeprowadzenia, rozumiej\u0105, \u017ce je\u015bli b\u0119d\u0105 wsp\u00f3\u0142pracowa\u0107, finansowa\u0107 i dysponowa\u0107 surowcami, skorzystaj\u0105 na rozwi\u0105zaniach.&nbsp;Valga zwraca uwag\u0119, \u017ce trzecim punktem inicjatywy Bridgetown jest \u201ezaprojektowanie masowego globalnego ataku na kryzys klimatyczny\u201d.<\/p>\n\n\n\n<p>Tak wi\u0119c historia wskazuje, \u017ce skoro biedy nie mo\u017cna by\u0142o zwalczy\u0107 w ci\u0105gu ostatniego p\u00f3\u0142wiecza, teraz dodanie jednoczesnej walki ze zmianami klimatycznymi nie by\u0142oby w stanie oprze\u0107 si\u0119 ani ograniczeniom bud\u017cetowym, ani poziomowi zad\u0142u\u017cenia Trzeciego \u015awiata.&nbsp;I w\u0142a\u015bnie tam z\u0142apa\u0142 si\u0119 prezydent Francji Macron. Dlaczego ty nie mo\u017cesz?&nbsp;Z ub\u00f3stwem mo\u017cna walczy\u0107 i osi\u0105gn\u0105\u0107 zr\u00f3wnowa\u017cony rozw\u00f3j!&nbsp;Jest to wyzwanie, kt\u00f3re przewy\u017csza wszystkie inne, ale jest nie do utrzymania w b\u0142\u0119dnym kole obecnego zad\u0142u\u017cenia.&nbsp;Wed\u0142ug organizacji pozarz\u0105dowej Oxfam \u201e93% kraj\u00f3w najbardziej nara\u017conych na katastrofy klimatyczne jest zad\u0142u\u017conych lub jest zad\u0142u\u017conych\u201d.<\/p>\n\n\n\n<p>To w\u0142a\u015bnie w kwestii d\u0142ugu inicjatywa zbiega si\u0119 z innym programem: reform\u0105 instytucji z Bretton Woods, czyli Banku \u015awiatowego i Mi\u0119dzynarodowego Funduszu Walutowego, za\u0142o\u017conych w 1944 r. Mia\u0142y one rzekomo gwarantowa\u0107 stabilno\u015b\u0107 makroekonomiczn\u0105, ju\u017c nie s\u0105 zgodne z rzeczywisto\u015bci\u0105 i globalnymi potrzebami nowego stulecia.&nbsp;Zad\u0142u\u017cenie, reformy bankowe, sektor prywatny i tworzenie nowych \u017ar\u00f3de\u0142 dochod\u00f3w to cztery filary tego szczytu, kt\u00f3rego celem, jak m\u00f3wi Pa\u0142ac Elizejski, jest \u201eodblokowanie rozm\u00f3w\u201d, aby nada\u0107 rozmach polityczny, a nawet \u201e odbudowane Bretton Woods\u201d.<\/p>\n\n\n\n<p>Chodzi o to, aby przyw\u0142aszczy\u0107 sobie surowce i nadmiernie zad\u0142u\u017cone kraje, kt\u00f3re nie s\u0105 odpowiedzialne za zmiany klimatyczne.&nbsp;Potrzebna jest publiczna historia, mapa drogowa z my\u015bl\u0105 o kolejnych wydarzeniach w 2023 r., w szczeg\u00f3lno\u015bci do COP28 w Zjednoczonych Emiratach Arabskich 12 grudnia 2023 r. Cho\u0107 brzmi to jak \u017cart, \u017ce Konferencja Narod\u00f3w Zjednoczonych w sprawie Zmian Klimatu jest odbywa\u0107 si\u0119 na gruntach nale\u017c\u0105cych do si\u00f3dmego producenta energii nieodnawialnej.<\/p>\n\n\n\n<p>Jedn\u0105 z idei, kt\u00f3re przes\u0142aniaj\u0105 rzeczywisto\u015b\u0107, jest wyzwanie odzyskania zaufania na arenie mi\u0119dzynarodowej.&nbsp;Na zaufanie to cz\u0119\u015bciowo wp\u0142yn\u0119\u0142y trudno\u015bci w spe\u0142nieniu obietnicy z\u0142o\u017conej w 2009 r. na COP15 w Kopenhadze i potwierdzonej w 2015 r. .&nbsp;Obiecana suma ustabilizowa\u0142a si\u0119 na poziomie 83 miliard\u00f3w iw ci\u0105gu 2023 roku, czyli osiem lat p\u00f3\u017aniej, mo\u017cliwe, \u017ce si\u0119 spe\u0142ni.&nbsp;Drugie to kolejne 100 000 milion\u00f3w dolar\u00f3w, Specjalne prawa ci\u0105gnienia (DEG), wyp\u0142acone na ratowanie kasy w czasach Covid-19.&nbsp;Ale system redystrybucji jest wyra\u017anie nier\u00f3wny, poniewa\u017c jest proporcjonalny do cz\u0142onkostwa ka\u017cdego kraju w MFW.&nbsp;Na przyk\u0142ad z 650 miliard\u00f3w dolar\u00f3w w SDR wyemitowanych w kontek\u015bcie pandemii,<\/p>\n\n\n\n<p>W spotkaniu w Pary\u017cu wzi\u0119\u0142o udzia\u0142 39 g\u0142\u00f3w pa\u0144stw, w tym 26 afryka\u0144skich, 45 ministr\u00f3w i tyle samo szef\u00f3w du\u017cych instytucji, w tym najbardziej dotkni\u0119tych reform\u0105 porozumie\u0144 z Bretton Woods: Kristalina Georgieva, dyrektor MFW;&nbsp;Ajay Banga z Banku \u015awiatowego, a tak\u017ce Dilma Rousseff, by\u0142a prezydent Brazylii i dyrektor Nowego Banku Rozwoju, utworzonego przez Brics, oraz Sultan Al-Jaber, kt\u00f3ry jest zar\u00f3wno prezydentem nadchodz\u0105cej COP28, jak i narodowej firmy naftowej ze Zjednoczonych Emirat\u00f3w Arabskich.<\/p>\n\n\n\n<p>Jaki jest najlepszy spos\u00f3b wspierania przedsi\u0119biorczo\u015bci i stymulowania sektora prywatnego generuj\u0105cego miejsca pracy?&nbsp;Mobilizacja lokalnych \u015brodk\u00f3w finansowych, instytucji publicznych, funduszy prywatnych oraz rozw\u00f3j sprawdzonych inicjatyw, takich jak Sojusz&nbsp;&nbsp;<a href=\"https:\/\/www.proparco.fr\/en\/actualites\/proparco-ifc-african-and-european-partners-launch-alliance-support-private-sector-growth\" target=\"_blank\" rel=\"noreferrer noopener\">na rzecz Przedsi\u0119biorczo\u015bci w Afryce<\/a>&nbsp;.&nbsp;Przy dyskursie przywracania zaufania na linii P\u00f3\u0142noc-Po\u0142udnie sektor prywatny m\u00f3g\u0142by sta\u0107 si\u0119 nowym \u017ar\u00f3d\u0142em dochodu, d\u0142ug m\u00f3g\u0142by by\u0107 negocjowany, a instytucje finansowe zreformowane tak, aby za po\u015brednictwem pa\u0144stw rozwi\u0105za\u0142y nowe zad\u0142u\u017cenie na rzecz zr\u00f3wnowa\u017conego rozwoju, zgodnie z logik\u0105&nbsp;<a href=\"https:\/\/eltabanoeconomista.wordpress.com\/2023\/06\/25\/el-nuevo-consenso-de-washington\/\">nowy konsensus waszyngto\u0144ski<\/a>&nbsp;, om\u00f3wiony wcze\u015bniej na naszym blogu.<\/p>\n\n\n\n<p>Kwestia minera\u0142\u00f3w krytycznych zosta\u0142a nag\u0142o\u015bniona na arenie \u015bwiatowej.&nbsp;Forum Regionalne, przed COP27 nowego&nbsp;&nbsp;<a href=\"https:\/\/eltabanoeconomista.wordpress.com\/2023\/06\/25\/el-nuevo-consenso-de-washington\/\">Konsensusu Waszyngto\u0144skiego<\/a>&nbsp;),&nbsp;&nbsp;<a href=\"https:\/\/unece.org\/media\/Environment\/press\/372011\">zadeklarowa\u0142o<\/a>&nbsp;&nbsp;, \u017ce Europa i Ameryka P\u00f3\u0142nocna nie b\u0119d\u0105 w stanie osi\u0105gn\u0105\u0107 rezultat\u00f3w w zakresie Porozumienia Paryskiego ani Cel\u00f3w Zr\u00f3wnowa\u017conego Rozwoju bez szybkiego przej\u015bcia w kierunku czystej energii i energii odnawialnej.&nbsp;W tym celu forum podkre\u015bli\u0142o znaczenie zwi\u0119kszenia wysi\u0142k\u00f3w na rzecz finansowania krytycznych surowc\u00f3w mineralnych i zarz\u0105dzania nimi w spos\u00f3b zr\u00f3wnowa\u017cony.&nbsp;Strategia Sekretarza Generalnego ONZ dotycz\u0105ca&nbsp;&nbsp;<a href=\"https:\/\/unece.org\/sites\/default\/files\/2021-05\/SG%20Policy%20Brief%20Extractives%20NOemb.pdf\">transformacji przemys\u0142u wydobywczego na rzecz zr\u00f3wnowa\u017conego rozwoju<\/a>&nbsp;&nbsp;r\u00f3wnie\u017c podkre\u015bla zr\u00f3wnowa\u017cone zarz\u0105dzanie krytycznymi minera\u0142ami.<\/p>\n\n\n\n<p>Wielki zapomniany kontynent afryka\u0144ski m\u00f3g\u0142by skorzysta\u0107 na przej\u015bciu w kierunku czystych technologii i energii.&nbsp;Na kontynencie znajduje si\u0119 30% \u015bwiatowych zasob\u00f3w mineralnych, w tym wiele minera\u0142\u00f3w niezb\u0119dnych dla zielonej transformacji.&nbsp;Na przyk\u0142ad Demokratyczna Republika Konga (DRK) produkuje oko\u0142o 70% \u015bwiatowego wydobycia kobaltu, podczas gdy Republika Po\u0142udniowej Afryki posiada najwi\u0119ksze rezerwy manganu.&nbsp;Madagaskar i Mozambik maj\u0105 znaczne ilo\u015bci grafitu, a Zimbabwe ma du\u017ce z\u0142o\u017ca litu.<\/p>\n\n\n\n<p>Wyzwanie polega na tym, \u017ce na kontynencie przetwarza si\u0119 bardzo ograniczon\u0105 ilo\u015b\u0107 kluczowych dla Afryki minera\u0142\u00f3w.&nbsp;Chiny s\u0105 dominuj\u0105cym graczem w przetw\u00f3rstwie minera\u0142\u00f3w, rafinuj\u0105c 73% kobaltu, 40% miedzi, 59% litu i 67% niklu.&nbsp;Du\u017ca cz\u0119\u015b\u0107 tych minera\u0142\u00f3w jest importowana w stanie nieprzetworzonym z innych miejsc, w tym z Afryki.&nbsp;Chiny dominuj\u0105 r\u00f3wnie\u017c w \u0142a\u0144cuchach warto\u015bci zielonych technologii, produkuj\u0105c ponad 80% \u015bwiatowych paneli s\u0142onecznych i ponad 70% ogniw litowo-jonowych na naszej planecie.<\/p>\n\n\n\n<p>A teraz, aby wysun\u0105\u0107 kwestie zaufania na pierwszy plan: or\u0119downikiem tego nowego \u015awiatowego Paktu Finansowego jest Francja, stary znajomy z Afryki, kontynentu, kt\u00f3ry przez ponad 50 lat oszukiwa\u0142 uni\u0119 walutow\u0105 o nazwie Frank wsp\u00f3\u0142pracy finansowej&nbsp;&nbsp;<strong><em>Afryki \u015arodkowej<\/em><\/strong><em>&nbsp;,<\/em>&nbsp;lepiej znany jako CFA.<\/p>\n\n\n\n<p>Ta waluta, kt\u00f3rej u\u017cywa 14 kraj\u00f3w afryka\u0144skich, z kt\u00f3rych wi\u0119kszo\u015b\u0107 ma galijskie korzenie, jest ma\u0142o znana poza obszarami, na kt\u00f3rych jest u\u017cywana.&nbsp;Zosta\u0142 on jednak pot\u0119piony w\u015br\u00f3d europejskich wi\u0119\u017ani\u00f3w przez w\u0142adze w\u0142oskie, kt\u00f3re oskar\u017cy\u0142y Francj\u0119 o wykorzystywanie go do wzbogacenia si\u0119 poprzez \u201ezubo\u017canie Afryki\u201d.&nbsp;Po 1945 r. celem Francji by\u0142o u\u0142atwienie odp\u0142ywu surowc\u00f3w z podbitych terytori\u00f3w w kierunku metropolii, a jednocze\u015bnie zapewnienie ekonomicznej kontroli nad tymi koloniami.<\/p>\n\n\n\n<p>Warto\u015b\u0107 franka CFA jest powi\u0105zana z walut\u0105 u\u017cywan\u0105 przez Francj\u0119 (dawniej frank francuski, obecnie euro), kt\u00f3ra ma nad ni\u0105 decyduj\u0105c\u0105 w\u0142adz\u0119.&nbsp;Istniej\u0105 dwie wersje wydawane przez r\u00f3\u017cne banki centralne, Bank Centralny Pa\u0144stw Afryki Zachodniej (BCEAO, skr\u00f3t w j\u0119zyku francuskim) i Bank Pa\u0144stw Afryki \u015arodkowej (BEAC), i s\u0105 one warte tyle samo, ale nie mo\u017cna ich stosowa\u0107 zamiennie.&nbsp;Francja jest reprezentowana w obu organach.&nbsp;Francuskie w\u0142adze broni\u0105 tego, \u017ce to Afryka\u0144czycy decyduj\u0105 i to od nich powinna wyj\u015b\u0107 inicjatywa wprowadzenia zmian lub likwidacji franka CFA.<\/p>\n\n\n\n<p>Francuski Skarb Pa\u0144stwa jest pot\u0119\u017cnym \u017candarmem dla kantor\u00f3w kraj\u00f3w afryka\u0144skich, kt\u00f3re u\u017cywaj\u0105 franka CFA.&nbsp;Oba banki, zar\u00f3wno BCEAO, jak i BEAC, s\u0105 zobowi\u0105zane do zdeponowania 50% swoich rezerw mi\u0119dzynarodowych na \u201especjalnym rachunku\u201d francuskiego Skarbu Pa\u0144stwa, kt\u00f3ry w zamian gwarantuje wymienialno\u015b\u0107 frank\u00f3w CFA na euro&nbsp;&nbsp;<strong>.&nbsp;<\/strong>Dwa franki CFA s\u0105 nieznane na rynkach mi\u0119dzynarodowych.&nbsp;Mo\u017cna je wymieni\u0107 na walut\u0119 obc\u0105 tylko za po\u015brednictwem francuskiego Skarbu Pa\u0144stwa.&nbsp;Podobnie banknoty i monety frank\u00f3w CFA s\u0105 zawsze produkowane, bez uciekania si\u0119 do mi\u0119dzynarodowych przetarg\u00f3w, przez drukarnie Banku Francji.<\/p>\n\n\n\n<p>Z my\u015bl\u0105 o uzyskaniu korzy\u015bci finansowych i ponownym wy\u0142udzeniu pieni\u0119dzy z trzeciego \u015bwiata, kraje centralne ponownie atakuj\u0105, aby zachowa\u0107 surowce niezb\u0119dne do transformacji energetycznej, towary, kt\u00f3rych im brakuje, teraz z przem\u00f3wieniem o pomocy, aby nie zwi\u0119ksza\u0107 globalnego ocieplenia i zanieczyszczenia, kt\u00f3rych globalne po\u0142udnie, z wy\u0142\u0105czeniem Chin, nie mia\u0142o najmniejszego wp\u0142ywu.&nbsp;Nikt nie by\u0142by przeciwny bardziej zr\u00f3wnowa\u017conemu \u015bwiatu i cokolwiek to zdanie oznacza.&nbsp;B\u0119dziemy redagowa\u0107 nowe Otwarte \u017by\u0142y Globalnego Po\u0142udnia.&nbsp;Jednym z przewidywanych innowacyjnych instrument\u00f3w s\u0105 po\u017cyczki z klauzul\u0105 \u200b\u200bpogodow\u0105: je\u015bli dany kraj dotknie cyklon, jego sp\u0142aty zostan\u0105 automatycznie przesuni\u0119te na kolejne lata.&nbsp;voila!<\/p>\n\n\n\n<p>\u0179r\u00f3d\u0142o:\u00a0<a href=\"https:\/\/eltabanoeconomista.wordpress.com\/2023\/07\/02\/refundar-bretton-woods\/\">https:\/\/eltabanoeconomista.wordpress.com\/2023\/07\/02\/refundar-bretton-woods\/<\/a><\/p>\n\n\n\n<p>\u0179r\u00f3d\u0142o    <\/p>\n","protected":false},"excerpt":{"rendered":"<p>Autor:\u00a0Alejandro Marco del Pont \u0179r\u00f3d\u0142a:&nbsp;The Economist Horsefly [Zdj\u0119cie: od lewej do prawej, Pierre Mend\u00e8s France, John Maynard Keynes i Henry Morgenthau Jr., przedstawiciele Francji, Wielkiej Brytanii i Stan\u00f3w Zjednoczonych na konferencji w Bretton Woods] \u015awiat nie zostanie zniszczony przez tych,&#8230; <\/p>\n","protected":false},"author":2,"featured_media":2972,"comment_status":"open","ping_status":"open","sticky":false,"template":"","format":"standard","meta":{"_acf_changed":false,"_bbp_topic_count":0,"_bbp_reply_count":0,"_bbp_total_topic_count":0,"_bbp_total_reply_count":0,"_bbp_voice_count":0,"_bbp_anonymous_reply_count":0,"_bbp_topic_count_hidden":0,"_bbp_reply_count_hidden":0,"_bbp_forum_subforum_count":0,"om_disable_all_campaigns":false,"_monsterinsights_skip_tracking":false,"footnotes":""},"categories":[93],"tags":[],"class_list":["post-2971","post","type-post","status-publish","format-standard","has-post-thumbnail","hentry","category-artykuly"],"acf":[],"aioseo_notices":[],"aioseo_head":"\n\t\t<!-- All in One SEO 5.0.1.1 - aioseo.com -->\n\t<meta name=\"description\" content=\"Autor: Alejandro Marco del Pont \u0179r\u00f3d\u0142a: The Economist Horsefly [Zdj\u0119cie: od lewej do prawej, Pierre Mend\u00e8s France, John Maynard Keynes i Henry Morgenthau Jr., przedstawiciele Francji, Wielkiej Brytanii i Stan\u00f3w Zjednoczonych na konferencji w Bretton Woods] \u015awiat nie zostanie zniszczony przez tych, kt\u00f3rzy czyni\u0105 z\u0142o, ale przez tych, kt\u00f3rzy nie maj\u0105 sumienia podczas robienia interes\u00f3w Opowie\u015b\u0107 to\" \/>\n\t<meta name=\"robots\" content=\"max-image-preview:large\" \/>\n\t<meta name=\"author\" content=\"trinity\"\/>\n\t<link rel=\"canonical\" href=\"https:\/\/wia.net.pl\/index.php\/2023\/07\/03\/odbudowa-a-bretton-woods\/\" \/>\n\t<meta name=\"generator\" content=\"All in One SEO (AIOSEO) 5.0.1.1\" \/>\n\t\t<meta property=\"og:locale\" content=\"pl_PL\" \/>\n\t\t<meta property=\"og:site_name\" content=\"Wolno\u015b\u0107 i Anarchia - Ka\u017cdy wewn\u0119trznie jest anarchist\u0105.\" \/>\n\t\t<meta property=\"og:type\" content=\"article\" \/>\n\t\t<meta property=\"og:title\" content=\"Odbudowa a Bretton Woods? - Wolno\u015b\u0107 i Anarchia\" \/>\n\t\t<meta property=\"og:description\" content=\"Autor: Alejandro Marco del Pont \u0179r\u00f3d\u0142a: The Economist Horsefly [Zdj\u0119cie: od lewej do prawej, Pierre Mend\u00e8s France, John Maynard Keynes i Henry Morgenthau Jr., przedstawiciele Francji, Wielkiej Brytanii i Stan\u00f3w Zjednoczonych na konferencji w Bretton Woods] \u015awiat nie zostanie zniszczony przez tych, kt\u00f3rzy czyni\u0105 z\u0142o, ale przez tych, kt\u00f3rzy nie maj\u0105 sumienia podczas robienia interes\u00f3w Opowie\u015b\u0107 to\" \/>\n\t\t<meta property=\"og:url\" content=\"https:\/\/wia.net.pl\/index.php\/2023\/07\/03\/odbudowa-a-bretton-woods\/\" \/>\n\t\t<meta property=\"og:image\" content=\"https:\/\/wia.net.pl\/wp-content\/uploads\/2023\/11\/cropped-freedom-i73367.jpg\" \/>\n\t\t<meta property=\"og:image:secure_url\" content=\"https:\/\/wia.net.pl\/wp-content\/uploads\/2023\/11\/cropped-freedom-i73367.jpg\" \/>\n\t\t<meta property=\"article:published_time\" content=\"2023-07-03T14:21:22+00:00\" \/>\n\t\t<meta property=\"article:modified_time\" content=\"2023-07-03T14:21:23+00:00\" \/>\n\t\t<meta name=\"twitter:card\" content=\"summary_large_image\" \/>\n\t\t<meta name=\"twitter:title\" content=\"Odbudowa a Bretton Woods? - Wolno\u015b\u0107 i Anarchia\" \/>\n\t\t<meta name=\"twitter:description\" content=\"Autor: Alejandro Marco del Pont \u0179r\u00f3d\u0142a: The Economist Horsefly [Zdj\u0119cie: od lewej do prawej, Pierre Mend\u00e8s France, John Maynard Keynes i Henry Morgenthau Jr., przedstawiciele Francji, Wielkiej Brytanii i Stan\u00f3w Zjednoczonych na konferencji w Bretton Woods] \u015awiat nie zostanie zniszczony przez tych, kt\u00f3rzy czyni\u0105 z\u0142o, ale przez tych, kt\u00f3rzy nie maj\u0105 sumienia podczas robienia interes\u00f3w Opowie\u015b\u0107 to\" \/>\n\t\t<meta name=\"twitter:image\" content=\"https:\/\/wia.net.pl\/wp-content\/uploads\/2023\/11\/cropped-freedom-i73367.jpg\" \/>\n\t\t<script type=\"application\/ld+json\" class=\"aioseo-schema\">\n\t\t\t{\"@context\":\"https:\\\/\\\/schema.org\",\"@graph\":[{\"@type\":\"BlogPosting\",\"@id\":\"https:\\\/\\\/wia.net.pl\\\/index.php\\\/2023\\\/07\\\/03\\\/odbudowa-a-bretton-woods\\\/#blogposting\",\"name\":\"Odbudowa a Bretton Woods? - Wolno\\u015b\\u0107 i Anarchia\",\"headline\":\"Odbudowa a Bretton Woods?\",\"author\":{\"@id\":\"https:\\\/\\\/wia.net.pl\\\/index.php\\\/author\\\/trinity\\\/#author\"},\"publisher\":{\"@id\":\"https:\\\/\\\/wia.net.pl\\\/#person\"},\"image\":{\"@type\":\"ImageObject\",\"url\":\"https:\\\/\\\/wia.net.pl\\\/wp-content\\\/uploads\\\/2023\\\/07\\\/image-768x433-1.png\",\"width\":768,\"height\":433},\"datePublished\":\"2023-07-03T16:21:22+02:00\",\"dateModified\":\"2023-07-03T16:21:23+02:00\",\"inLanguage\":\"pl-PL\",\"mainEntityOfPage\":{\"@id\":\"https:\\\/\\\/wia.net.pl\\\/index.php\\\/2023\\\/07\\\/03\\\/odbudowa-a-bretton-woods\\\/#webpage\"},\"isPartOf\":{\"@id\":\"https:\\\/\\\/wia.net.pl\\\/index.php\\\/2023\\\/07\\\/03\\\/odbudowa-a-bretton-woods\\\/#webpage\"},\"articleSection\":\"Artyku\\u0142y\"},{\"@type\":\"BreadcrumbList\",\"@id\":\"https:\\\/\\\/wia.net.pl\\\/index.php\\\/2023\\\/07\\\/03\\\/odbudowa-a-bretton-woods\\\/#breadcrumblist\",\"itemListElement\":[{\"@type\":\"ListItem\",\"@id\":\"https:\\\/\\\/wia.net.pl#listItem\",\"position\":1,\"name\":\"Home\",\"item\":\"https:\\\/\\\/wia.net.pl\",\"nextItem\":{\"@type\":\"ListItem\",\"@id\":\"https:\\\/\\\/wia.net.pl\\\/index.php\\\/category\\\/artykuly\\\/#listItem\",\"name\":\"Artyku\\u0142y\"}},{\"@type\":\"ListItem\",\"@id\":\"https:\\\/\\\/wia.net.pl\\\/index.php\\\/category\\\/artykuly\\\/#listItem\",\"position\":2,\"name\":\"Artyku\\u0142y\",\"item\":\"https:\\\/\\\/wia.net.pl\\\/index.php\\\/category\\\/artykuly\\\/\",\"nextItem\":{\"@type\":\"ListItem\",\"@id\":\"https:\\\/\\\/wia.net.pl\\\/index.php\\\/2023\\\/07\\\/03\\\/odbudowa-a-bretton-woods\\\/#listItem\",\"name\":\"Odbudowa a Bretton Woods?\"},\"previousItem\":{\"@type\":\"ListItem\",\"@id\":\"https:\\\/\\\/wia.net.pl#listItem\",\"name\":\"Home\"}},{\"@type\":\"ListItem\",\"@id\":\"https:\\\/\\\/wia.net.pl\\\/index.php\\\/2023\\\/07\\\/03\\\/odbudowa-a-bretton-woods\\\/#listItem\",\"position\":3,\"name\":\"Odbudowa a Bretton Woods?\",\"previousItem\":{\"@type\":\"ListItem\",\"@id\":\"https:\\\/\\\/wia.net.pl\\\/index.php\\\/category\\\/artykuly\\\/#listItem\",\"name\":\"Artyku\\u0142y\"}}]},{\"@type\":\"Person\",\"@id\":\"https:\\\/\\\/wia.net.pl\\\/#person\",\"name\":\"Bart\\u0142omiej Talarczyk\",\"image\":{\"@type\":\"ImageObject\",\"@id\":\"https:\\\/\\\/wia.net.pl\\\/index.php\\\/2023\\\/07\\\/03\\\/odbudowa-a-bretton-woods\\\/#personImage\",\"url\":\"https:\\\/\\\/wia.net.pl\\\/wp-content\\\/uploads\\\/avatar-privacy\\\/cache\\\/user\\\/1\\\/7\\\/176a6b161c58363ff49b5c167264231f519f5c7fa183ca1f61e891769b6b56d5-96.jpg\",\"width\":96,\"height\":96,\"caption\":\"Bart\\u0142omiej Talarczyk\"}},{\"@type\":\"Person\",\"@id\":\"https:\\\/\\\/wia.net.pl\\\/index.php\\\/author\\\/trinity\\\/#author\",\"url\":\"https:\\\/\\\/wia.net.pl\\\/index.php\\\/author\\\/trinity\\\/\",\"name\":\"trinity\",\"image\":{\"@type\":\"ImageObject\",\"@id\":\"https:\\\/\\\/wia.net.pl\\\/index.php\\\/2023\\\/07\\\/03\\\/odbudowa-a-bretton-woods\\\/#authorImage\",\"url\":\"https:\\\/\\\/wia.net.pl\\\/wp-content\\\/uploads\\\/avatar-privacy\\\/cache\\\/user\\\/5\\\/f\\\/5f6547cf82495eaa10e100a6a45d5dbde2dfdc1be88557de2018fca705bdf6f1-96.jpg\",\"width\":96,\"height\":96,\"caption\":\"trinity\"}},{\"@type\":\"WebPage\",\"@id\":\"https:\\\/\\\/wia.net.pl\\\/index.php\\\/2023\\\/07\\\/03\\\/odbudowa-a-bretton-woods\\\/#webpage\",\"url\":\"https:\\\/\\\/wia.net.pl\\\/index.php\\\/2023\\\/07\\\/03\\\/odbudowa-a-bretton-woods\\\/\",\"name\":\"Odbudowa a Bretton Woods? - Wolno\\u015b\\u0107 i Anarchia\",\"description\":\"Autor: Alejandro Marco del Pont \\u0179r\\u00f3d\\u0142a: The Economist Horsefly [Zdj\\u0119cie: od lewej do prawej, Pierre Mend\\u00e8s France, John Maynard Keynes i Henry Morgenthau Jr., przedstawiciele Francji, Wielkiej Brytanii i Stan\\u00f3w Zjednoczonych na konferencji w Bretton Woods] \\u015awiat nie zostanie zniszczony przez tych, kt\\u00f3rzy czyni\\u0105 z\\u0142o, ale przez tych, kt\\u00f3rzy nie maj\\u0105 sumienia podczas robienia interes\\u00f3w Opowie\\u015b\\u0107 to\",\"inLanguage\":\"pl-PL\",\"isPartOf\":{\"@id\":\"https:\\\/\\\/wia.net.pl\\\/#website\"},\"breadcrumb\":{\"@id\":\"https:\\\/\\\/wia.net.pl\\\/index.php\\\/2023\\\/07\\\/03\\\/odbudowa-a-bretton-woods\\\/#breadcrumblist\"},\"author\":{\"@id\":\"https:\\\/\\\/wia.net.pl\\\/index.php\\\/author\\\/trinity\\\/#author\"},\"creator\":{\"@id\":\"https:\\\/\\\/wia.net.pl\\\/index.php\\\/author\\\/trinity\\\/#author\"},\"image\":{\"@type\":\"ImageObject\",\"url\":\"https:\\\/\\\/wia.net.pl\\\/wp-content\\\/uploads\\\/2023\\\/07\\\/image-768x433-1.png\",\"@id\":\"https:\\\/\\\/wia.net.pl\\\/index.php\\\/2023\\\/07\\\/03\\\/odbudowa-a-bretton-woods\\\/#mainImage\",\"width\":768,\"height\":433},\"primaryImageOfPage\":{\"@id\":\"https:\\\/\\\/wia.net.pl\\\/index.php\\\/2023\\\/07\\\/03\\\/odbudowa-a-bretton-woods\\\/#mainImage\"},\"datePublished\":\"2023-07-03T16:21:22+02:00\",\"dateModified\":\"2023-07-03T16:21:23+02:00\"},{\"@type\":\"WebSite\",\"@id\":\"https:\\\/\\\/wia.net.pl\\\/#website\",\"url\":\"https:\\\/\\\/wia.net.pl\\\/\",\"name\":\"Wolno\\u015b\\u0107 i Anarchia\",\"description\":\"Ka\\u017cdy wewn\\u0119trznie jest anarchist\\u0105.\",\"inLanguage\":\"pl-PL\",\"publisher\":{\"@id\":\"https:\\\/\\\/wia.net.pl\\\/#person\"}}]}\n\t\t<\/script>\n\t\t<!-- All in One SEO -->\n\n","aioseo_head_json":{"title":"Odbudowa a Bretton Woods? - Wolno\u015b\u0107 i Anarchia","description":"Autor: Alejandro Marco del Pont \u0179r\u00f3d\u0142a: The Economist Horsefly [Zdj\u0119cie: od lewej do prawej, Pierre Mend\u00e8s France, John Maynard Keynes i Henry Morgenthau Jr., przedstawiciele Francji, Wielkiej Brytanii i Stan\u00f3w Zjednoczonych na konferencji w Bretton Woods] \u015awiat nie zostanie zniszczony przez tych, kt\u00f3rzy czyni\u0105 z\u0142o, ale przez tych, kt\u00f3rzy nie maj\u0105 sumienia podczas robienia interes\u00f3w Opowie\u015b\u0107 to","canonical_url":"https:\/\/wia.net.pl\/index.php\/2023\/07\/03\/odbudowa-a-bretton-woods\/","robots":"max-image-preview:large","keywords":"","webmasterTools":{"miscellaneous":""},"schema":{"@context":"https:\/\/schema.org","@graph":[{"@type":"BlogPosting","@id":"https:\/\/wia.net.pl\/index.php\/2023\/07\/03\/odbudowa-a-bretton-woods\/#blogposting","name":"Odbudowa a Bretton Woods? - Wolno\u015b\u0107 i Anarchia","headline":"Odbudowa a Bretton Woods?","author":{"@id":"https:\/\/wia.net.pl\/index.php\/author\/trinity\/#author"},"publisher":{"@id":"https:\/\/wia.net.pl\/#person"},"image":{"@type":"ImageObject","url":"https:\/\/wia.net.pl\/wp-content\/uploads\/2023\/07\/image-768x433-1.png","width":768,"height":433},"datePublished":"2023-07-03T16:21:22+02:00","dateModified":"2023-07-03T16:21:23+02:00","inLanguage":"pl-PL","mainEntityOfPage":{"@id":"https:\/\/wia.net.pl\/index.php\/2023\/07\/03\/odbudowa-a-bretton-woods\/#webpage"},"isPartOf":{"@id":"https:\/\/wia.net.pl\/index.php\/2023\/07\/03\/odbudowa-a-bretton-woods\/#webpage"},"articleSection":"Artyku\u0142y"},{"@type":"BreadcrumbList","@id":"https:\/\/wia.net.pl\/index.php\/2023\/07\/03\/odbudowa-a-bretton-woods\/#breadcrumblist","itemListElement":[{"@type":"ListItem","@id":"https:\/\/wia.net.pl#listItem","position":1,"name":"Home","item":"https:\/\/wia.net.pl","nextItem":{"@type":"ListItem","@id":"https:\/\/wia.net.pl\/index.php\/category\/artykuly\/#listItem","name":"Artyku\u0142y"}},{"@type":"ListItem","@id":"https:\/\/wia.net.pl\/index.php\/category\/artykuly\/#listItem","position":2,"name":"Artyku\u0142y","item":"https:\/\/wia.net.pl\/index.php\/category\/artykuly\/","nextItem":{"@type":"ListItem","@id":"https:\/\/wia.net.pl\/index.php\/2023\/07\/03\/odbudowa-a-bretton-woods\/#listItem","name":"Odbudowa a Bretton Woods?"},"previousItem":{"@type":"ListItem","@id":"https:\/\/wia.net.pl#listItem","name":"Home"}},{"@type":"ListItem","@id":"https:\/\/wia.net.pl\/index.php\/2023\/07\/03\/odbudowa-a-bretton-woods\/#listItem","position":3,"name":"Odbudowa a Bretton Woods?","previousItem":{"@type":"ListItem","@id":"https:\/\/wia.net.pl\/index.php\/category\/artykuly\/#listItem","name":"Artyku\u0142y"}}]},{"@type":"Person","@id":"https:\/\/wia.net.pl\/#person","name":"Bart\u0142omiej Talarczyk","image":{"@type":"ImageObject","@id":"https:\/\/wia.net.pl\/index.php\/2023\/07\/03\/odbudowa-a-bretton-woods\/#personImage","url":"https:\/\/wia.net.pl\/wp-content\/uploads\/avatar-privacy\/cache\/user\/1\/7\/176a6b161c58363ff49b5c167264231f519f5c7fa183ca1f61e891769b6b56d5-96.jpg","width":96,"height":96,"caption":"Bart\u0142omiej Talarczyk"}},{"@type":"Person","@id":"https:\/\/wia.net.pl\/index.php\/author\/trinity\/#author","url":"https:\/\/wia.net.pl\/index.php\/author\/trinity\/","name":"trinity","image":{"@type":"ImageObject","@id":"https:\/\/wia.net.pl\/index.php\/2023\/07\/03\/odbudowa-a-bretton-woods\/#authorImage","url":"https:\/\/wia.net.pl\/wp-content\/uploads\/avatar-privacy\/cache\/user\/5\/f\/5f6547cf82495eaa10e100a6a45d5dbde2dfdc1be88557de2018fca705bdf6f1-96.jpg","width":96,"height":96,"caption":"trinity"}},{"@type":"WebPage","@id":"https:\/\/wia.net.pl\/index.php\/2023\/07\/03\/odbudowa-a-bretton-woods\/#webpage","url":"https:\/\/wia.net.pl\/index.php\/2023\/07\/03\/odbudowa-a-bretton-woods\/","name":"Odbudowa a Bretton Woods? - Wolno\u015b\u0107 i Anarchia","description":"Autor: Alejandro Marco del Pont \u0179r\u00f3d\u0142a: The Economist Horsefly [Zdj\u0119cie: od lewej do prawej, Pierre Mend\u00e8s France, John Maynard Keynes i Henry Morgenthau Jr., przedstawiciele Francji, Wielkiej Brytanii i Stan\u00f3w Zjednoczonych na konferencji w Bretton Woods] \u015awiat nie zostanie zniszczony przez tych, kt\u00f3rzy czyni\u0105 z\u0142o, ale przez tych, kt\u00f3rzy nie maj\u0105 sumienia podczas robienia interes\u00f3w Opowie\u015b\u0107 to","inLanguage":"pl-PL","isPartOf":{"@id":"https:\/\/wia.net.pl\/#website"},"breadcrumb":{"@id":"https:\/\/wia.net.pl\/index.php\/2023\/07\/03\/odbudowa-a-bretton-woods\/#breadcrumblist"},"author":{"@id":"https:\/\/wia.net.pl\/index.php\/author\/trinity\/#author"},"creator":{"@id":"https:\/\/wia.net.pl\/index.php\/author\/trinity\/#author"},"image":{"@type":"ImageObject","url":"https:\/\/wia.net.pl\/wp-content\/uploads\/2023\/07\/image-768x433-1.png","@id":"https:\/\/wia.net.pl\/index.php\/2023\/07\/03\/odbudowa-a-bretton-woods\/#mainImage","width":768,"height":433},"primaryImageOfPage":{"@id":"https:\/\/wia.net.pl\/index.php\/2023\/07\/03\/odbudowa-a-bretton-woods\/#mainImage"},"datePublished":"2023-07-03T16:21:22+02:00","dateModified":"2023-07-03T16:21:23+02:00"},{"@type":"WebSite","@id":"https:\/\/wia.net.pl\/#website","url":"https:\/\/wia.net.pl\/","name":"Wolno\u015b\u0107 i Anarchia","description":"Ka\u017cdy wewn\u0119trznie jest anarchist\u0105.","inLanguage":"pl-PL","publisher":{"@id":"https:\/\/wia.net.pl\/#person"}}]},"og:locale":"pl_PL","og:site_name":"Wolno\u015b\u0107 i Anarchia - Ka\u017cdy wewn\u0119trznie jest anarchist\u0105.","og:type":"article","og:title":"Odbudowa a Bretton Woods? - Wolno\u015b\u0107 i Anarchia","og:description":"Autor: Alejandro Marco del Pont \u0179r\u00f3d\u0142a: The Economist Horsefly [Zdj\u0119cie: od lewej do prawej, Pierre Mend\u00e8s France, John Maynard Keynes i Henry Morgenthau Jr., przedstawiciele Francji, Wielkiej Brytanii i Stan\u00f3w Zjednoczonych na konferencji w Bretton Woods] \u015awiat nie zostanie zniszczony przez tych, kt\u00f3rzy czyni\u0105 z\u0142o, ale przez tych, kt\u00f3rzy nie maj\u0105 sumienia podczas robienia interes\u00f3w Opowie\u015b\u0107 to","og:url":"https:\/\/wia.net.pl\/index.php\/2023\/07\/03\/odbudowa-a-bretton-woods\/","og:image":"https:\/\/wia.net.pl\/wp-content\/uploads\/2023\/11\/cropped-freedom-i73367.jpg","og:image:secure_url":"https:\/\/wia.net.pl\/wp-content\/uploads\/2023\/11\/cropped-freedom-i73367.jpg","article:published_time":"2023-07-03T14:21:22+00:00","article:modified_time":"2023-07-03T14:21:23+00:00","twitter:card":"summary_large_image","twitter:title":"Odbudowa a Bretton Woods? - Wolno\u015b\u0107 i Anarchia","twitter:description":"Autor: Alejandro Marco del Pont \u0179r\u00f3d\u0142a: The Economist Horsefly [Zdj\u0119cie: od lewej do prawej, Pierre Mend\u00e8s France, John Maynard Keynes i Henry Morgenthau Jr., przedstawiciele Francji, Wielkiej Brytanii i Stan\u00f3w Zjednoczonych na konferencji w Bretton Woods] \u015awiat nie zostanie zniszczony przez tych, kt\u00f3rzy czyni\u0105 z\u0142o, ale przez tych, kt\u00f3rzy nie maj\u0105 sumienia podczas robienia interes\u00f3w Opowie\u015b\u0107 to","twitter:image":"https:\/\/wia.net.pl\/wp-content\/uploads\/2023\/11\/cropped-freedom-i73367.jpg"},"aioseo_meta_data":{"post_id":"2971","title":null,"description":null,"keywords":[],"keyphrases":{"focus":{"keyphrase":"","score":0,"analysis":{"keyphraseInTitle":{"score":0,"maxScore":9,"error":1}}},"additional":[]},"primary_term":null,"canonical_url":null,"og_title":null,"og_description":null,"og_object_type":"default","og_image_type":"default","og_image_url":null,"og_image_width":null,"og_image_height":null,"og_image_custom_url":null,"og_image_custom_fields":null,"og_video":"","og_custom_url":null,"og_article_section":null,"og_article_tags":[],"twitter_use_og":false,"twitter_card":"default","twitter_image_type":"default","twitter_image_url":null,"twitter_image_custom_url":null,"twitter_image_custom_fields":null,"twitter_title":null,"twitter_description":null,"schema":{"blockGraphs":[],"customGraphs":[],"default":{"data":{"Article":[],"Course":[],"Dataset":[],"FAQPage":[],"Movie":[],"Person":[],"Product":[],"ProductReview":[],"Car":[],"Recipe":[],"Service":[],"SoftwareApplication":[],"WebPage":[]},"graphName":"BlogPosting","isEnabled":true},"graphs":[]},"schema_type":"default","schema_type_options":null,"pillar_content":false,"robots_default":true,"robots_noindex":false,"robots_noarchive":false,"robots_nosnippet":false,"robots_nofollow":false,"robots_noimageindex":false,"robots_noodp":false,"robots_notranslate":false,"robots_max_snippet":"-1","robots_max_videopreview":"-1","robots_max_imagepreview":"large","priority":null,"frequency":"default","local_seo":null,"breadcrumb_settings":null,"limit_modified_date":false,"ai":null,"created":"2023-07-03 14:21:23","updated":"2025-06-04 08:32:16","seo_analyzer_scan_date":null,"focus_keyword":null,"additional_keywords":null,"truseo_locale":null},"aioseo_breadcrumb":"<div class=\"aioseo-breadcrumbs\"><span class=\"aioseo-breadcrumb\">\n\t\t\t<a href=\"https:\/\/wia.net.pl\" title=\"Home\">Home<\/a>\n\t\t<\/span><span class=\"aioseo-breadcrumb-separator\">&raquo;<\/span><span class=\"aioseo-breadcrumb\">\n\t\t\t<a href=\"https:\/\/wia.net.pl\/index.php\/category\/artykuly\/\" title=\"Artyku\u0142y\">Artyku\u0142y<\/a>\n\t\t<\/span><span class=\"aioseo-breadcrumb-separator\">&raquo;<\/span><span class=\"aioseo-breadcrumb\">\n\t\t\tOdbudowa a Bretton Woods?\n\t\t<\/span><\/div>","aioseo_breadcrumb_json":[{"label":"Home","link":"https:\/\/wia.net.pl"},{"label":"Artyku\u0142y","link":"https:\/\/wia.net.pl\/index.php\/category\/artykuly\/"},{"label":"Odbudowa a Bretton Woods?","link":"https:\/\/wia.net.pl\/index.php\/2023\/07\/03\/odbudowa-a-bretton-woods\/"}],"_links":{"self":[{"href":"https:\/\/wia.net.pl\/index.php\/wp-json\/wp\/v2\/posts\/2971"}],"collection":[{"href":"https:\/\/wia.net.pl\/index.php\/wp-json\/wp\/v2\/posts"}],"about":[{"href":"https:\/\/wia.net.pl\/index.php\/wp-json\/wp\/v2\/types\/post"}],"author":[{"embeddable":true,"href":"https:\/\/wia.net.pl\/index.php\/wp-json\/wp\/v2\/users\/2"}],"replies":[{"embeddable":true,"href":"https:\/\/wia.net.pl\/index.php\/wp-json\/wp\/v2\/comments?post=2971"}],"version-history":[{"count":1,"href":"https:\/\/wia.net.pl\/index.php\/wp-json\/wp\/v2\/posts\/2971\/revisions"}],"predecessor-version":[{"id":2973,"href":"https:\/\/wia.net.pl\/index.php\/wp-json\/wp\/v2\/posts\/2971\/revisions\/2973"}],"wp:featuredmedia":[{"embeddable":true,"href":"https:\/\/wia.net.pl\/index.php\/wp-json\/wp\/v2\/media\/2972"}],"wp:attachment":[{"href":"https:\/\/wia.net.pl\/index.php\/wp-json\/wp\/v2\/media?parent=2971"}],"wp:term":[{"taxonomy":"category","embeddable":true,"href":"https:\/\/wia.net.pl\/index.php\/wp-json\/wp\/v2\/categories?post=2971"},{"taxonomy":"post_tag","embeddable":true,"href":"https:\/\/wia.net.pl\/index.php\/wp-json\/wp\/v2\/tags?post=2971"}],"curies":[{"name":"wp","href":"https:\/\/api.w.org\/{rel}","templated":true}]}}