{"id":2977,"date":"2023-07-03T16:41:50","date_gmt":"2023-07-03T14:41:50","guid":{"rendered":"https:\/\/wia.net.pl\/?p=2977"},"modified":"2023-07-03T16:41:50","modified_gmt":"2023-07-03T14:41:50","slug":"bezprawie-jako-nowa-normalnosc","status":"publish","type":"post","link":"https:\/\/wia.net.pl\/index.php\/2023\/07\/03\/bezprawie-jako-nowa-normalnosc\/","title":{"rendered":"Bezprawie jako \u201enowa normalno\u015b\u0107\u201d"},"content":{"rendered":"\n<p>Sprawiedliwo\u015b\u0107 nieskonstruowana: bezprawie jako \u201enowa normalno\u015b\u0107\u201d<\/p>\n\n\n\n<p>Autor, <a href=\"https:\/\/www.unz.com\/author\/dr-alan-ned-sabrosky\/\">ALAN SABROSKY<\/a><\/p>\n\n\n\n<p><\/p>\n\n\n\n<figure class=\"wp-block-image size-full is-resized\"><img loading=\"lazy\" decoding=\"async\" src=\"https:\/\/wia.net.pl\/wp-content\/uploads\/2023\/07\/FigureX-1-600x850-1.jpg\" alt=\"\" class=\"wp-image-2978\" width=\"837\" height=\"1186\" srcset=\"https:\/\/wia.net.pl\/wp-content\/uploads\/2023\/07\/FigureX-1-600x850-1.jpg 600w, https:\/\/wia.net.pl\/wp-content\/uploads\/2023\/07\/FigureX-1-600x850-1-212x300.jpg 212w\" sizes=\"(max-width: 837px) 100vw, 837px\" \/><\/figure>\n\n\n\n<blockquote class=\"wp-block-quote is-layout-flow wp-block-quote-is-layout-flow\">\n<p id=\"p_1_1\"><em>W swoim najlepszym wydaniu cz\u0142owiek jest najszlachetniejszym ze wszystkich zwierz\u0105t;<\/em><br><em>Oddzielony od prawa i sprawiedliwo\u015bci jest najgorszy.&nbsp;\u2013 Arystoteles<\/em><\/p>\n<\/blockquote>\n\n\n\n<p id=\"p_1_2\">Nasze nieszcz\u0119\u015bcia by\u0142y przera\u017caj\u0105ce w sferze politycznej, gospodarczej i wojskowej.&nbsp;Nic nie dra\u017cni tak mocno i tak d\u0142ugo cia\u0142a politycznego, jak rosn\u0105ca litania s\u0105dowych krzywd: zwyk\u0142e, staro\u015bwieckie pomy\u0142ki s\u0105dowe.&nbsp;\u017baden nie jest naznaczony tak du\u017c\u0105 bezczynno\u015bci\u0105 z naszej strony, jak pozornie nieko\u0144cz\u0105ce si\u0119 niepowodzenia s\u0119dzi\u00f3w, \u0142awnik\u00f3w i ca\u0142ego systemu ameryka\u0144skiego wymiaru sprawiedliwo\u015bci, od S\u0105du Najwy\u017cszego (SCOTUS) w d\u00f3\u0142.<\/p>\n\n\n\n<p id=\"p_1_3\">To, co by\u0142o wcze\u015bniej, mog\u0142o nie by\u0107 najlepszymi czasami, a kierunek, w kt\u00f3rym zmierzamy, mo\u017ce nie by\u0107 najgorszym, ale oba s\u0105 cholernie pewne, \u017ce s\u0105 bliskimi przybli\u017ceniami tych rzeczy.&nbsp;Z pewno\u015bci\u0105 sk\u0142\u0119biony system niesprawiedliwo\u015bci, kt\u00f3ry charakteryzuje dzi\u015b s\u0105dy i kraj, nie daje nadziei na przysz\u0142o\u015b\u0107.<\/p>\n\n\n\n<p id=\"p_1_4\">Nie jest to historia konstytucji Stan\u00f3w Zjednoczonych, ale nale\u017cy doceni\u0107 pewne zrozumienie jej ram.&nbsp;Za\u0142o\u017cyciele i wi\u0119kszo\u015b\u0107 ich bezpo\u015brednich nast\u0119pc\u00f3w uwa\u017cali, \u017ce system sprawiedliwo\u015bci ma skupia\u0107 si\u0119 przede wszystkim na ochronie og\u00f3\u0142u przestrzegaj\u0105cej prawa populacji;&nbsp;wt\u00f3rnie o zatrzymaniu lub usuni\u0119ciu i ukaraniu przest\u0119pc\u00f3w;&nbsp;i wreszcie na prawach oskar\u017conego, przede wszystkim na prawie do szybkiego procesu bez tortur fizycznych w celu uzyskania obci\u0105\u017caj\u0105cych dowod\u00f3w (co w\u0142a\u015bnie mia\u0142a zapewni\u0107 cz\u0119sto nadu\u017cywana pi\u0105ta poprawka, poniewa\u017c tortury by\u0142y w\u00f3wczas powszechne w&nbsp;<sup>\u015bledztwach<\/sup>&nbsp;i przes\u0142uchaniach przez wi\u0119ksz\u0105 cz\u0119\u015b\u0107 \u015bwiecie.) Jednak dok\u0142adnie, w jaki spos\u00f3b zosta\u0142o to zastosowane w rzeczywisto\u015bci na przestrzeni&nbsp;<em><strong>lat<\/strong><\/em>przedmiotem powa\u017cnej debaty.&nbsp;Wystarczy powiedzie\u0107, \u017ce egzekwowanie prawa i nadz\u00f3r policyjny a\u017c do p\u00f3\u017anych lat XX wieku by\u0142y&nbsp;<sup>zmienne<\/sup>&nbsp;i przypadkowe, je\u015bli nie do ko\u0144ca takie, jak chcia\u0142, \u017ceby\u015bmy my\u015bleli w Hollywood.<\/p>\n\n\n\n<p id=\"p_1_5\">Przest\u0119pcy zwykle szybko uciekali ((s\u0142owo \u201edomniemany\u201d by\u0142o szczeg\u00f3lnie nieobecne w wi\u0119kszo\u015bci relacji), procesy by\u0142y zwykle kr\u00f3tkie, a kara \u2013 w tym kara \u015bmierci \u2013 na og\u00f3\u0142 szybko nast\u0119powa\u0142a po skazaniu. Przez wi\u0119ksz\u0105 cz\u0119\u015b\u0107 XIX wieku i&nbsp;<sup>do<\/sup>&nbsp;XX&nbsp;<sup>wieku<\/sup>&nbsp;, niezale\u017cnie od istnienia organ\u00f3w \u015bcigania i s\u0105d\u00f3w, wydaje si\u0119, \u017ce obywatele cz\u0119sto sami mieli do czynienia z przest\u0119pcami, i to nie tylko na granicy.<\/p>\n\n\n\n<p id=\"p_1_6\">Przyjaciel, kt\u00f3ry kilka dekad temu studiowa\u0142 w Yale Law School, zauwa\u017cy\u0142, \u017ce powodem, dla kt\u00f3rego znamy nazwiska niekt\u00f3rych przest\u0119pc\u00f3w, jest to, \u017ce jako nieliczni prze\u017cyli pierwsze spotkania z obywatelami lub organami \u015bcigania.&nbsp;By\u0142o to szczeg\u00f3lnie prawdziwe na zach\u00f3d od rzeki Mississippi iw dziesi\u0119cioleciach po wojnie secesyjnej.&nbsp;Weterani z obu stron, kt\u00f3rzy prze\u017cyli bitwy, takie jak Gettysburg i Cold Harbor, nie byli sk\u0142onni do ucieczki w panice, poniewa\u017c kilku z\u0142ych aktor\u00f3w (zamierzona gra s\u0142\u00f3w) je\u017adzi\u0142o wok\u00f3\u0142, robi\u0105c paskudne rzeczy \u2013 a ich reakcja zwykle sprawia\u0142a, \u017ce \u200b\u200b\u200b\u200bpr\u00f3by by\u0142y zb\u0119dne.&nbsp;Niekt\u00f3rzy dzisiaj mog\u0105 wy\u015bmiewa\u0107 to jako \u201esprawiedliwo\u015b\u0107 stra\u017cy obywatelskiej\u201d, ale to zadzia\u0142a\u0142o \u2013 co jest dalekie od tego, gdzie jeste\u015bmy dzisiaj.<\/p>\n\n\n\n<p id=\"p_1_7\"><strong>Urodzony czy skazany na pora\u017ck\u0119?<\/strong><\/p>\n\n\n\n<p id=\"p_1_8\">Dla wielu pocieszaj\u0105ce by\u0142oby zrzucanie winy za wszystkie nasze dzisiejsze niepowodzenia na kulturowych marksist\u00f3w, Demokrat\u00f3w lub obrzydliw\u0105 mafijn\u0105 rodzin\u0119 Biden\u00f3w (lub Trumpa, je\u015bli o to chodzi), ale by\u0142oby to niew\u0142a\u015bciwe.&nbsp;Rosn\u0105ce bezprawie s\u0105d\u00f3w i kraju narasta\u0142o od zako\u0144czenia wojny secesyjnej, je\u015bli nie wcze\u015bniej, z surowym i gotowym podej\u015bciem do wymiaru sprawiedliwo\u015bci w sprawach karnych (lub cywilnych) lub bez.&nbsp;Co gorsza, by\u0142 potencjalnie nieod\u0142\u0105czny od samego porz\u0105dku konstytucyjnego, z wyj\u0105tkiem wszelkich zmian, kt\u00f3re nie narusza\u0142y \u015bcis\u0142ej konstrukcji lub interpretacji jego za\u0142o\u017ce\u0144.<\/p>\n\n\n\n<p id=\"p_1_9\">Na przyk\u0142ad rzadko rozumie si\u0119, \u017ce ca\u0142y porz\u0105dek konstytucyjny Stan\u00f3w Zjednoczonych zosta\u0142 specjalnie skonfigurowany do dobrowolnego zgromadzenia suwerennych pa\u0144stw z ograniczonym prawem wyborczym i ostro ograniczonymi uprawnieniami rz\u0105du federalnego.&nbsp;S\u0105downictwo federalne (art. III) nie by\u0142o wyj\u0105tkiem.&nbsp;Odzwierciedlany pod wieloma kluczowymi wzgl\u0119dami przez r\u00f3\u017cne konstytucje stanowe, prymat Kongresu (lub ustawodawczy na szczeblu stanowym) jest wpisany w porz\u0105dek konstytucyjny.<\/p>\n\n\n\n<p id=\"p_1_10\">Co wi\u0119cej,&nbsp;jasno zrozumiano ograniczon\u0105 w\u0142adz\u0119 rz\u0105du federalnego \u2013&nbsp;<em><strong>w tym federalnego s\u0105downictwa \u2013 zar\u00f3wno nad stanami, jak i obywatelami.&nbsp;<\/strong><\/em>Zakres pierwotnej jurysdykcji Trybuna\u0142u zosta\u0142 jasno okre\u015blony, a uprawnienia do kontroli s\u0105dowej nie zosta\u0142y podkre\u015blone w Konstytucji.&nbsp;Sam pomys\u0142 oczywi\u015bcie nie przypad\u0142 do gustu tw\u00f3rcom.<\/p>\n\n\n\n<p id=\"p_1_11\">W ci\u0105gu 14 lat to si\u0119 zmieni\u0142o, ale kontrola s\u0105dowa by\u0142a pocz\u0105tkowo stosowana oszcz\u0119dnie.&nbsp;W ci\u0105gu 72 lat poprzedzaj\u0105cych wojn\u0119 domow\u0105 tylko trzy ustawy federalne&nbsp;<a href=\"https:\/\/law.justia.com\/constitution\/us\/acts-of-congress-held-unconstitutional.html\">zosta\u0142y uznane za niekonstytucyjne<\/a>&nbsp;, w ca\u0142o\u015bci lub w cz\u0119\u015bci, przez SCOTUS.&nbsp;S\u0105downictwo federalne r\u00f3wnie\u017c&nbsp;<a href=\"https:\/\/law.justia.com\/constitution\/us\/state-laws-held-unconstitutional.html\">wykazywa\u0142o pow\u015bci\u0105gliwo\u015b\u0107<\/a>&nbsp;w jurysdykcjach stanowych i lokalnych, chocia\u017c dla laika takiego jak ja granice wydaj\u0105 si\u0119 by\u0107 rozci\u0105gni\u0119te w czasie.<\/p>\n\n\n\n<p id=\"p_1_12\">Wojna secesyjna nie tylko po\u0142o\u017cy\u0142a kres niewolnictwu w Stanach Zjednoczonych i pozostawi\u0142a po sobie spu\u015bcizn\u0119 wrogo\u015bci, kt\u00f3ra nie zosta\u0142a jeszcze ca\u0142kowicie rozproszona.&nbsp;Zapocz\u0105tkowa\u0142 tak\u017ce proces zmian, kt\u00f3ry odsun\u0105\u0142 kraj od tego, dla czego Konstytucja \u2013 a wi\u0119c ustanowiony przez ni\u0105 system s\u0105downictwa, prawa i sprawiedliwo\u015bci \u2013 zosta\u0142a napisana.&nbsp;Chocia\u017c kwestia ta jest nadal dyskutowana, rozumiem, \u017ce oznacza\u0142a ona koniec koncepcji unii suwerennych pa\u0144stw, kt\u00f3ra by\u0142a fundamentem, na kt\u00f3rym zosta\u0142a wzniesiona sama Konstytucja.&nbsp;Zako\u0144czeniem tego wszystkiego by\u0142o mi\u0119dzy innymi:<\/p>\n\n\n\n<ol class=\"wp-block-list\">\n<li><em>Silny rz\u0105d centralny<\/em>&nbsp;z podleg\u0142ymi pa\u0144stwami, a nie odwrotnie;<\/li>\n\n\n\n<li><em>Demokracja z powszechnym prawem wyborczym<\/em>&nbsp;dla obywateli (a na niekt\u00f3rych obszarach tak\u017ce dla os\u00f3b nieb\u0119d\u0105cych obywatelami) w wieku 18 lat lub starszych w miejsce republiki z ograniczonym prawem wyborczym dla m\u0119\u017cczyzn;&nbsp;I<\/li>\n\n\n\n<li><em>S\u0105downictwo federalne z ca\u0142\u0105 gam\u0105 tego, co Konstytucja nazywa\u0142a \u201es\u0105dami ni\u017cszej instancji\u201d, w po\u0142\u0105czeniu ze znacznie rozszerzonymi definicjami pierwotnej jurysdykcji i uprawnie\u0144 do kontroli s\u0105dowej,<\/em>&nbsp;zast\u0119puj\u0105c s\u0105downictwo federalne ograniczonymi i szczeg\u00f3\u0142owymi uprawnieniami pierwotnej jurysdykcji oraz g\u0142\u0119bok\u0105 niech\u0119ci\u0105 do korzystania z tych kontroli s\u0105dowej.<\/li>\n<\/ol>\n\n\n\n<p id=\"p_1_13\"><strong>Droga do niekonstrukcji<\/strong><\/p>\n\n\n\n<p id=\"p_1_14\">Droga od \u201etam i wtedy\u201d do \u201etu i teraz\u201d nie by\u0142a ani prosta, ani g\u0142adka.&nbsp;Z mojej perspektywy wyr\u00f3\u017cniaj\u0105 si\u0119 trzy \u201ekamienie milowe\u201d.&nbsp;Ka\u017cda z nich by\u0142a uznawana za uzasadnion\u0105 lub konieczn\u0105, gdy mia\u0142a miejsce, chocia\u017c to, co zrobi\u0142 Warren Court, by\u0142o co najmniej kontrowersyjne.&nbsp;Ka\u017cdy z nich doprowadzi\u0142 do tak zwanego paradoksu&nbsp;<em>niezamierzonych konsekwencji<\/em>&nbsp;.&nbsp;W tym przypadku wszystkie wp\u0142ywy s\u0105 zgodne z przeznaczeniem, a bezpo\u015brednie konsekwencje s\u0105 mniej wi\u0119cej zgodne z oczekiwaniami.&nbsp;Ale sk\u0142aniaj\u0105 innych do dzia\u0142ania w spos\u00f3b, kt\u00f3rego nie mo\u017cna by\u0142o i by\u0107 mo\u017ce nie mo\u017cna by\u0142o przewidzie\u0107, a kt\u00f3re razem doprowadzi\u0142y nas do miejsca, w kt\u00f3rym jeste\u015bmy dzisiaj.&nbsp;Te kamienie milowe to:<\/p>\n\n\n\n<p id=\"p_1_15\">1. Powojenne&nbsp;<a href=\"https:\/\/history.state.gov\/milestones\/1945-1952\/nuremberg\">trybuna\u0142y ds. zbrodni wojennych w Niemczech i Japonii<\/a>&nbsp;.&nbsp;P\u00f3\u017aniej uznawani przez wielu ameryka\u0144skich i brytyjskich prawnik\u00f3w i genera\u0142\u00f3w za nielegalne, mimo to ustanowili zasad\u0119, \u017ce zwyci\u0119zcy mog\u0105 os\u0105dza\u0107 i kara\u0107 przegranych, jednocze\u015bnie unikaj\u0105c kary, nawet je\u015bli obaj dopu\u015bcili si\u0119 czyn\u00f3w&nbsp;<em><strong>nielegalnych<\/strong><\/em>&nbsp;.&nbsp;Wymowne s\u0105 reakcje podczas procesu niekt\u00f3rych starszych Niemc\u00f3w oskar\u017conych o takie zbrodnie \u2013 wiedz\u0105c, \u017ce grozi im egzekucja.&nbsp;Nigdy wcze\u015bniej (przynajmniej we wsp\u00f3\u0142czesnej historii) co\u015b takiego si\u0119 nie zdarzy\u0142o i po\u015brednio stworzy\u0142o precedens dla tego, co nast\u0105pi\u0142o po wyborach powszechnych w USA w 2020 roku.<\/p>\n\n\n\n<figure class=\"wp-block-image\"><a href=\"https:\/\/www.unz.com\/wp-content\/uploads\/2023\/06\/FigureX-2.jpg\"><img decoding=\"async\" src=\"https:\/\/www.unz.com\/wp-content\/uploads\/2023\/06\/FigureX-2.jpg\" alt=\"\"\/><\/a><\/figure>\n\n\n\n<p id=\"p_1_16\">2.&nbsp;<a href=\"https:\/\/supremecourthistory.org\/history-of-the-courts\/warren-court-1953-1969\/\">Aktywizm s\u0105dowy tzw. \u201eWarren Court\u201d<\/a>&nbsp;pod koniec lat pi\u0119\u0107dziesi\u0105tych, a zw\u0142aszcza na pocz\u0105tku lat sze\u015b\u0107dziesi\u0105tych.&nbsp;W du\u017cej mierze 5-4 g\u0142osami, SCOTUS rozpocz\u0105\u0142 rozwi\u0105zywanie oficjalnej segregacji na Po\u0142udniu i odwr\u00f3cenie priorytetu wymiaru sprawiedliwo\u015bci, aby da\u0107 niemal kontroluj\u0105ce pierwsze\u0144stwo prawom oskar\u017conych przed og\u00f3lnym dobrem przestrzegaj\u0105cych prawa obywateli.&nbsp;Doprowadzi\u0142o to bezpo\u015brednio do u\u017cycia wojsk federalnych (w tym sfederalizowanych Gwardii Narodowej) do egzekwowania orzecze\u0144 SCOTUS w kilku po\u0142udniowych stanach i przynajmniej do pocz\u0105tkowego wzrostu przest\u0119pczo\u015bci trwaj\u0105cego a\u017c do lat 90.&nbsp;<em><strong>Za\u0142amanie naszych szk\u00f3\u0142, dzielnic i miast zacz\u0119\u0142o si\u0119 tutaj<\/strong><\/em>&nbsp;i chocia\u017c og\u00f3lna przest\u0119pczo\u015b\u0107 spad\u0142a ze szczytu w po\u0142owie lat 90.&nbsp;I<\/p>\n\n\n\n<figure class=\"wp-block-image\"><a href=\"https:\/\/www.unz.com\/wp-content\/uploads\/2023\/06\/FigureX-3.png\"><img decoding=\"async\" src=\"https:\/\/www.unz.com\/wp-content\/uploads\/2023\/06\/FigureX-3.png\" alt=\"\"\/><\/a><\/figure>\n\n\n\n<p id=\"p_1_17\">3. Nieudany \u201ePatriot Act\u201d po 11 wrze\u015bnia&nbsp;<a href=\"https:\/\/www.congress.gov\/107\/plaws\/publ56\/PLAW-107publ56.pdf\">i zwi\u0105zane z nim dzia\u0142ania<\/a>&nbsp;.&nbsp;Uchwalona w nast\u0119pstwie atak\u00f3w terrorystycznych z 11 wrze\u015bnia 2001 r. z po\u0142\u0105czenia wywo\u0142anej przez media histerii i wzruszaj\u0105cej wiary w ca\u0142kowicie oszuka\u0144cze&nbsp;<a href=\"https:\/\/www.veteranstodayarchives.com\/2011\/06\/27\/demystifying-911-israel-tactics-mistake\/\">wyja\u015bnienie rz\u0105du USA dotycz\u0105ce tego, co si\u0119 sta\u0142o<\/a>.&nbsp;Rozpocz\u0119\u0142a ona zwodnicz\u0105 \u201ewojn\u0119 z terroryzmem\u201d i zosta\u0142a wykorzystana do uzasadnienia nowych \u015brodk\u00f3w bezpiecze\u0144stwa w kraju oraz inwazji na Afganistan.&nbsp;Doprowadzi\u0142o to do szeroko zakrojonej inwigilacji domowej i stosowania tortur na pozornie niewinnych ludziach w celu wydobycia \u201ezezna\u0144\u201d (podobnie jak mia\u0142o to miejsce w powojennych trybuna\u0142ach w Niemczech i Japonii).&nbsp;Doprowadzi\u0142o to r\u00f3wnie\u017c do serii wojen o zmian\u0119 re\u017cimu na Bliskim Wschodzie, kt\u00f3re zniszczy\u0142y wrog\u00f3w Izraela bez ponoszenia \u017cadnych koszt\u00f3w (co by\u0142o celem tych \u0107wicze\u0144), a p\u00f3\u017aniej wywo\u0142a\u0142y pow\u00f3d\u017a uchod\u017ac\u00f3w, niekt\u00f3rych dobrowolnych, a innych nie, zalewaj\u0105c Europa.<\/p>\n\n\n\n<p id=\"p_1_18\"><strong>Trwaj\u0105ca katastrofa organ\u00f3w \u015bcigania<\/strong><\/p>\n\n\n\n<p id=\"p_1_19\">Podstaw\u0105 tego wszystkiego w domu jest oczywi\u015bcie kwestia rasy i przest\u0119pczo\u015bci.&nbsp;W latach 60. gwa\u0142ciciel, kt\u00f3ry sta\u0142 si\u0119 rewolucjonist\u0105, H. Rap \u200b\u200bBrown powiedzia\u0142 kiedy\u015b, \u017ce \u201eprzemoc jest tak ameryka\u0144ska jak ciasto wi\u015bniowe\u201d.&nbsp;Mia\u0142 oczywi\u015bcie racj\u0119, poza tym, \u017ce zapomnia\u0142 wspomnie\u0107, \u017ce chodzi\u0142o&nbsp;mu o ciasto z&nbsp;<em><strong>czarnymi wi\u015bniami.<\/strong><\/em><\/p>\n\n\n\n<figure class=\"wp-block-image\"><a href=\"https:\/\/www.unz.com\/wp-content\/uploads\/2023\/06\/FigureX-4.jpg\"><img decoding=\"async\" src=\"https:\/\/www.unz.com\/wp-content\/uploads\/2023\/06\/FigureX-4.jpg\" alt=\"\"\/><\/a><\/figure>\n\n\n\n<p id=\"p_1_20\">Lata (1964-68) czarnych zamieszek miejskich \u2013 \u201ed\u0142ugie, gor\u0105ce lata\u201d, jak je w\u00f3wczas nazywano, doprowadzi\u0142y do \u200b\u200boczernienia i ruiny tak wielu niegdy\u015b prosperuj\u0105cych miast, takich jak Detroit, Baltimore, Detroit, Memphis i St. Louis \u2013 by\u0142y tylko najbardziej widocznym aspektem tej kwestii.&nbsp;Czyta\u0142em w wielu miejscach i mocno wierz\u0119, \u017ce Stany Zjednoczone \u2013 kt\u00f3re maj\u0105 obecnie jeden z najwy\u017cszych wska\u017anik\u00f3w przest\u0119pczo\u015bci na \u015bwiecie \u2013 nie mia\u0142yby czarnych, mia\u0142yby jeden z najni\u017cszych wska\u017anik\u00f3w przest\u0119pczo\u015bci na \u015bwiecie.&nbsp;Statystyki to potwierdzaj\u0105, bior\u0105c pod uwag\u0119 wska\u017aniki przest\u0119pczo\u015bci w USA.&nbsp;Statystyki dla ca\u0142ych Stan\u00f3w Zjednoczonych z grubsza odzwierciedlaj\u0105 te podane dla Nowego Jorku, ale coraz trudniej je odkry\u0107.&nbsp;Libera\u0142owie temu zaprzeczaj\u0105, konserwaty\u015bci pr\u00f3buj\u0105 to ignorowa\u0107, ale rzeczywisto\u015b\u0107 jest bezlitosna.&nbsp;A dane o przest\u0119pczo\u015bci mi\u0119dzyrasowej s\u0105 jeszcze bardziej przekonuj\u0105ce,<\/p>\n\n\n\n<figure class=\"wp-block-image\"><a href=\"https:\/\/www.unz.com\/wp-content\/uploads\/2023\/06\/FigureX-5.jpg\"><img decoding=\"async\" src=\"https:\/\/www.unz.com\/wp-content\/uploads\/2023\/06\/FigureX-5.jpg\" alt=\"\"\/><\/a><\/figure>\n\n\n\n<p id=\"p_1_21\">Przygotowuj\u0105c si\u0119 do napisania tego artyku\u0142u, zaintrygowa\u0142o mnie to, \u017ce troska o nieproporcjonalny poziom przest\u0119pczo\u015bci Czarnych nie jest niczym nowym ani nie pojawi\u0142a si\u0119 po rozpocz\u0119ciu r\u00f3g obfito\u015bci program\u00f3w socjalnych prezydenta Lyndona Johnsona w ramach Wielkiego Spo\u0142ecze\u0144stwa\u201d w od po\u0142owy do ko\u0144ca lat 60.&nbsp;<em>De facto<\/em>&nbsp;wielopokoleniowy program opieki spo\u0142ecznej&nbsp;Johnsona od ko\u0142yski po gr\u00f3b osi\u0105gn\u0105\u0142 sw\u00f3j g\u0142\u00f3wny cel:&nbsp;<em>zjednoczy\u0142<\/em>&nbsp;wi\u0119kszo\u015b\u0107 czarnych z Parti\u0105 Demokrat\u00f3w, bez wzgl\u0119du na to, jak niewiele przyw\u00f3dztwa Demokrat\u00f3w \u2013 w tym czarnych Demokrat\u00f3w \u2013 faktycznie zrobi\u0142o dla wi\u0119kszo\u015bci czarnych.<\/p>\n\n\n\n<p id=\"p_1_22\">Najwyra\u017aniej przest\u0119pczo\u015b\u0107 czarnych by\u0142a problemem nawet w po\u0142owie lat pi\u0119\u0107dziesi\u0105tych, kiedy wi\u0119kszo\u015b\u0107 ameryka\u0144skich miast mia\u0142a bia\u0142\u0105 wi\u0119kszo\u015b\u0107 i cz\u0119sto republika\u0144skich burmistrz\u00f3w, i by\u0142y wyj\u0105tkowo bezpieczne (zw\u0142aszcza jak na dzisiejsze standardy).&nbsp;Natkn\u0105\u0142em si\u0119 na t\u0119 informacj\u0119 zupe\u0142nie przypadkowo, szukaj\u0105c danych na temat przemian rasowych miast.&nbsp;Pokazuje, \u017ce nawet w latach pi\u0119\u0107dziesi\u0105tych XX wieku istnia\u0142a autentyczna podstawa tego, co zacz\u0119to nazywa\u0107 \u201ebia\u0142\u0105 ucieczk\u0105\u201d, zmieniaj\u0105c niegdy\u015b dobrze prosperuj\u0105ce i kwitn\u0105ce miasta w zarz\u0105dzane przez Demokrat\u00f3w, zamieszkane przez czarn\u0105 wi\u0119kszo\u015b\u0107, szamba dobrobytu, przest\u0119pczo\u015bci i&nbsp;<a href=\"https:\/\/www.dailymail.co.uk\/news\/article-2484242\/Deserted-America-The-maps-60-years-White-flight-brain-drain-sucked-population-Midwest.html\">ruiny<\/a>&nbsp;.<\/p>\n\n\n\n<figure class=\"wp-block-image\"><a href=\"https:\/\/www.unz.com\/wp-content\/uploads\/2023\/06\/FigureX-6.jpg\"><img decoding=\"async\" src=\"https:\/\/www.unz.com\/wp-content\/uploads\/2023\/06\/FigureX-6.jpg\" alt=\"\"\/><\/a><\/figure>\n\n\n\n<p id=\"p_1_23\">W miar\u0119 jak miasta stawa\u0142y si\u0119 coraz czarniejsze, a Demokraci mocniej umacniali kontrol\u0119, zmieniali si\u0119 tak\u017ce s\u0119dziowie, prokuratorzy, sk\u0142ad \u0142awy przysi\u0119g\u0142ych i policja.&nbsp;W po\u0142\u0105czeniu z rosn\u0105cym wp\u0142ywem opinii wydanych w latach 60. przez SCOTUS i upi\u0119kszonych p\u00f3\u017aniej, wydaje si\u0119, \u017ce procesy sta\u0142y si\u0119 d\u0142u\u017csze, mniej wyrok\u00f3w skazuj\u0105cych, cz\u0119stsze ugody, a recydywa najwyra\u017aniej znacznie bardziej powszechna.&nbsp;Oczywi\u015bcie nie by\u0142o tak wsz\u0119dzie i jednocze\u015bnie, ale mieszka\u0142em w czternastu stanach w swoim \u017cyciu i do\u015bwiadczy\u0142em tego we wszystkich z wyj\u0105tkiem dw\u00f3ch.<\/p>\n\n\n\n<p id=\"p_1_24\">Doprowadzi\u0142o to do interesuj\u0105cego dylematu.&nbsp;Prawdziwy \u017cal \u2013 nie poczucie winy, ale \u017cal \u2013 ze strony wielu Amerykan\u00f3w z powodu historii Czarnych w tym kraju sprawi\u0142, \u017ce niech\u0119tnie zwracaj\u0105 si\u0119 do Czarnych o rzeczywisto\u015b\u0107 tego, kim s\u0105 i co robi\u0105.&nbsp;Cynik lub realista m\u00f3g\u0142by r\u00f3wnie dobrze powiedzie\u0107, \u017ce bior\u0105c pod uwag\u0119 tak wiele z\u0142ego zachowania Czarnych, dobrze by\u0142oby, gdyby dr Martin Luther King Jr. poprosi\u0142, aby jego ludzie&nbsp;<em><strong>nie<\/strong><\/em>&nbsp;byli oceniani na podstawie tre\u015bci ich charakteru.&nbsp;Gdyby tak by\u0142o, ustawowa segregacja by\u0142aby prawdopodobnie prawem danego kraju, a dla niekt\u00f3rych 13.&nbsp;<sup>poprawka<\/sup>&nbsp;mog\u0142aby nawet zosta\u0107 uchylona.<\/p>\n\n\n\n<p id=\"p_1_25\">Jednak lewicowe media uwydatni\u0142y ten \u017cal w nieuzasadnione poczucie winy \u2013 nieuzasadnione, poniewa\u017c nikt nie powinien czu\u0107 si\u0119 winny za to, co zrobili inni, tak samo jak nie powinien czu\u0107, \u017ce zas\u0142uguje na rekompensat\u0119 za to, czego sam nie do\u015bwiadczy\u0142.&nbsp;Ca\u0142a koncepcja mi\u0119dzypokoleniowej zbiorowej winy i zado\u015b\u0107uczynienia jest ca\u0142kowicie obca ameryka\u0144skiemu precedensowi konstytucyjnemu i zachodnim do\u015bwiadczeniom historycznym.<\/p>\n\n\n\n<p id=\"p_1_26\"><strong>2020: Rozwidlenie dr\u00f3g<\/strong><\/p>\n\n\n\n<p id=\"p_1_27\">Obcy czy nie, przygotowali grunt pod to, co wydarzy\u0142o si\u0119 w 2020 roku. Patrz\u0105c wstecz, my\u015bl\u0119, \u017ce wielu zrozumia\u0142o, \u017ce zbli\u017camy si\u0119 do punktu krytycznego w naszej historii.&nbsp;Niekt\u00f3rzy z nas m\u00f3wili i pisali ju\u017c w 2019 r. o prawdopodobie\u0144stwie sfa\u0142szowania wybor\u00f3w powszechnych w 2020 r. w oparciu o to, co wydarzy\u0142o si\u0119 w 2018 r. Epizod COVID-19, kt\u00f3ry osobi\u015bcie uwa\u017cam za prawdziwego wirusa, ale fa\u0142szyw\u0105 pandemi\u0119, szala\u0142 w g\u00f3r\u0119.&nbsp;G\u0142osowanie korespondencyjne by\u0142o nowo\u015bci\u0105 \u2013 dlaczego, nikt nie potrafi\u0142 do ko\u0144ca wyja\u015bni\u0107, skoro inne kraje o wi\u0119kszej liczbie ludno\u015bci ni\u017c Stany Zjednoczone go nie potrzebowa\u0142y, nawet podczas fantastycznej pandemii, ale tak by\u0142o.&nbsp;Pole demokratycznych pretendent\u00f3w do prezydenta Trumpa dramatycznie zaw\u0119zi\u0142o si\u0119 do namaszczonego Joe Bidena, do hosanna medi\u00f3w.&nbsp;Sam Trump po prostu szed\u0142 dalej, pozbawiony swoich genera\u0142\u00f3w (kt\u00f3rych wszystkich nie tylko straci\u0142, ale i wyobcowa\u0142,<a href=\"https:\/\/www.marshallnewsmessenger.com\/opinion\/ann-coulter-how-not-to-be-president\/article_d2ffc7ba-fe49-11ed-b9f7-f7b19e59c414.html\">jego szczytowe osi\u0105gni\u0119cie<\/a>&nbsp;.<\/p>\n\n\n\n<p id=\"p_1_28\">W to spo\u0142eczne, polityczne i gospodarcze bagno wpe\u0142z\u0142a \u015bmier\u0107 czarnego kryminalisty, George&#8217;a Floyda, przebywaj\u0105cego w policyjnym areszcie w Minneapolis w stanie Minnesota.&nbsp;Nie b\u0119d\u0119 nikogo zanudza\u0107 szczeg\u00f3\u0142ami.&nbsp;Wszyscy zostali pobici na \u015bmier\u0107 z ka\u017cdego mo\u017cliwego punktu widzenia.&nbsp;Rzeczywisto\u015b\u0107, \u017ce zmar\u0142 w wyniku samookaleczenia przedawkowania narkotyk\u00f3w, a nie czegokolwiek, co zrobi\u0142a mu policja, by\u0142a w\u00f3wczas podejrzana i znana na pewno, gdy opublikowano ostateczn\u0105 sekcj\u0119 zw\u0142ok, ale ostatecznie nieistotna.<\/p>\n\n\n\n<p id=\"p_1_29\">Jego \u015bmier\u0107 sta\u0142a si\u0119 iskr\u0105 dla zamieszek w ca\u0142ym kraju, wraz z odrodzeniem czarnych grabie\u017cy, podpale\u0144 i chaosu (i wi\u0119cej ni\u017c kilku morderstw) \u2013 wydaje si\u0119, \u017ce maj\u0105 do tego talent, prawda?&nbsp;Niemal spontaniczno\u015b\u0107 gwa\u0142townych wybuch\u00f3w w setkach miast w ca\u0142ym kraju (wszystkie z wyj\u0105tkiem dw\u00f3ch lub trzech \u201eprzypadkowo\u201d z demokratycznymi burmistrzami), wi\u0119kszo\u015b\u0107 w stanach z demokratycznymi gubernatorami oraz dost\u0119p do palet z ceg\u0142ami, wygodnie pozostawionych bez nadzoru w wielu miejscach, po prostu podsyci\u0142y wstrz\u0105s .<\/p>\n\n\n\n<p id=\"p_1_30\">Reakcja na przemoc by\u0142a niewiarygodnie s\u0142aba, nawet po zamordowaniu przez czarnych \u201eaktywist\u00f3w\u201d i ich sojusznik\u00f3w z Antifa (lub po prostu zwyk\u0142ych zbir\u00f3w) wielu ludzi, zar\u00f3wno czarnych, jak i bia\u0142ych, opr\u00f3cz niszczenia pomnik\u00f3w i pomnik\u00f3w oraz patroszenia zabytk\u00f3w, takich jak \u201eMagnificent Mile\u201d w Chicago.&nbsp;Tutaj wszyscy ponie\u015bli pora\u017ck\u0119.&nbsp;C\u00f3\u017c, nie wszyscy: niekt\u00f3rzy post\u0105pili zgodnie z oczekiwaniami.&nbsp;Demokratyczni burmistrzowie najbardziej dotkni\u0119tych miast i demokratyczni gubernatorzy stan\u00f3w, w kt\u00f3rych dosz\u0142o do przemocy, nie zrobili nic, aby przywr\u00f3ci\u0107 porz\u0105dek.&nbsp;Wr\u0119cz przeciwnie, cz\u0119sto zach\u0119cali do zamieszek, podobnie jak media, nazywaj\u0105c je \u201eprzewa\u017cnie pokojowymi protestami\u201d, gdy panorama p\u0142on\u0119\u0142a za nimi.<\/p>\n\n\n\n<p id=\"p_1_31\">Kamala Harris, upokorzona kandydatka na prezydenta, kt\u00f3ra jest obecnie wiceprezydentem, do\u0142\u0105czy\u0142a do innych Demokrat\u00f3w, pomagaj\u0105c w sk\u0142adaniu kaucji dla wzgl\u0119dnej garstki uczestnik\u00f3w zamieszek, kt\u00f3rzy zostali faktycznie aresztowani.&nbsp;Tylko jeden demokrata z Kongresu, Tulsi Gabbard (kt\u00f3ry nie ubiega\u0142 si\u0119 o reelekcj\u0119), pot\u0119pi\u0142 przemoc.&nbsp;Wszyscy pozostali Demokraci z Kongresu albo zachowywali wystudiowane milczenie, albo zaprzeczali istnieniu przemocy.&nbsp;A zwykli n\u0119kacze czarnej rasy zrobili swoje, na swoj\u0105 korzy\u015b\u0107 i zysk.<\/p>\n\n\n\n<p id=\"p_1_32\">Ale \u00f3wczesny prezydent Trump zawi\u00f3d\u0142 nas, a my zawiedli\u015bmy Ameryk\u0119,&nbsp;<em><strong>jedno i drugie<\/strong><\/em>odrzucaj\u0105c to, czego Konstytucja, prawo stanowione, precedens i zdrowy rozs\u0105dek wymaga\u0142y od nas zachowania prawa i porz\u0105dku.&nbsp;Trump mia\u0142 konstytucyjny obowi\u0105zek utrzymania tego, co preambu\u0142a do konstytucji nazywa \u201espokojem wewn\u0119trznym\u201d.&nbsp;Mia\u0142 do tego mi\u0119dzy innymi ustawowe uprawnienia w ustawie o powstaniu (1807).&nbsp;Zna\u0142 (albo jego doradcy powinni byli wiedzie\u0107) precedensy ustanowione jeszcze przez prezydent\u00f3w Eisenhowera, Kennedy&#8217;ego i Johnsona, dotycz\u0105ce wykorzystywania wojsk federalnych w sytuacjach wewn\u0119trznych do egzekwowania prawa, kiedy w\u0142adze stanowe i lokalne mog\u0142y to zrobi\u0107 lub nie.&nbsp;I jako g\u0142\u00f3wnodowodz\u0105cy mia\u0142 moc u\u017cycia si\u0142 zbrojnych, w tym sfederalizowanej stanowej Gwardii Narodowej, do przywr\u00f3cenia porz\u0105dku, gdy gubernatorzy i burmistrzowie Demokrat\u00f3w odm\u00f3wili tego.<\/p>\n\n\n\n<p id=\"p_1_33\">Jednak nie zrobi\u0142 nic poza wys\u0142aniem kilku marsza\u0142k\u00f3w na zach\u00f3d na kr\u00f3tki czas.&nbsp;Pod nieobecno\u015b\u0107 swoich genera\u0142\u00f3w brakowa\u0142o mu zar\u00f3wno dobrych rad, jak i wydawa\u0142 si\u0119 zar\u00f3wno niezdecydowany, jak i pozbawiony odpowiedniej odwagi.&nbsp;Dlaczego post\u0105pi\u0142 tak, jak post\u0105pi\u0142, z pewno\u015bci\u0105 b\u0119dzie przedmiotem powa\u017cnej debaty, przynajmniej je\u015bli pozwolimy sobie na swobod\u0119 debatowania nad takimi rzeczami w przysz\u0142o\u015bci.&nbsp;Najbardziej mi\u0142osiernym wyja\u015bnieniem (kt\u00f3re nie jest akcyz\u0105) jest po prostu to, \u017ce straci\u0142 g\u0142\u0119bi\u0119 i nigdy nie uzyska\u0142 kontroli nad swoj\u0105 administracj\u0105.&nbsp;(I tak, jestem \u015bwiadomy innych argument\u00f3w.)<\/p>\n\n\n\n<p id=\"p_1_34\">\u201eMy, nar\u00f3d\u201d r\u00f3wnie\u017c zawiedli\u015bmy Konstytucj\u0119 i kraj, mimo ca\u0142ego be\u0142kotu o drugiej&nbsp;<sup>poprawce<\/sup>&nbsp;.&nbsp;Ci, kt\u00f3rzy we wcze\u015bniejszych czasach zintensyfikowali i egzekwowali prawo, gdy urz\u0119dnicy albo nie wywi\u0105zywali si\u0119 ze swoich obowi\u0105zk\u00f3w, albo byli nieobecni.&nbsp;Tym razem nie zrobili\u015bmy nic, nawet gdy czarni \u201eaktywi\u015bci\u201d zamordowali 23-letni\u0105 ci\u0119\u017carn\u0105 bia\u0142\u0105 matk\u0119 w Indianapolis i 5-letniego bia\u0142ego ch\u0142opca na jego trawniku przed domem w P\u00f3\u0142nocnej Karolinie.&nbsp;Thomas Paine&nbsp;<a href=\"https:\/\/oll.libertyfund.org\/page\/1776-paine-common-sense-pamphlet\">w swojej s\u0142ynnej broszurze \u201eZdrowy rozs\u0105dek\u201d<\/a>&nbsp;zauwa\u017cy\u0142, \u017ce \u201e&nbsp;<em>Oto czasy wystawiaj\u0105 ludzkie dusze na pr\u00f3b\u0119: letni \u017co\u0142nierz i s\u0142oneczny patriota w czasie tego kryzysu cofn\u0105 si\u0119 przed s\u0142u\u017cb\u0105 swojemu krajowi;&nbsp;ale ten, kto teraz to wytrzyma, zas\u0142uguje na mi\u0142o\u015b\u0107 i wdzi\u0119czno\u015b\u0107 m\u0119\u017cczyzny i kobiety\u201d.<\/em><\/p>\n\n\n\n<p id=\"p_1_35\">W por\u00f3wnaniu z retorycznym wzd\u0119ciem i odmow\u0105 dzia\u0142ania we w\u0142asnym i ojczystym interesie dzisiejszych konserwatyst\u00f3w (czy jakkolwiek by to nazwa\u0107), \u201eletni \u017co\u0142nierz i s\u0142oneczny patriota\u201d Paine\u2019a wybijaj\u0105 si\u0119 niczym bohaterowie Termopil.&nbsp;Zar\u00f3wno \u201eDumni ch\u0142opcy\u201d, jak i \u201eStra\u017cnicy przysi\u0119gi\u201d ulegli.&nbsp;Milicje w ca\u0142ym kraju ta\u0144czy\u0142y i krzycza\u0142y,&nbsp;<em><strong>ale nic nie zrobi\u0142y<\/strong><\/em>&nbsp;.&nbsp;Najbardziej uzbrojonej ludno\u015bci cywilnej w historii \u015bwiata by\u0142o albo za gor\u0105co, albo za zimno, by dzia\u0142a\u0107;&nbsp;lub my\u015bleli, \u017ce przemoc jest zbyt daleko, by ich dotyczy\u0107, lub zbyt blisko ich dom\u00f3w, by si\u0119 z nimi skonfrontowa\u0107;&nbsp;lub z wielu innych powod\u00f3w,&nbsp;<em><strong>nawet je\u015bli wiedzieli, \u017ce Prezydent jest po ich stronie<\/strong><\/em>&nbsp;.&nbsp;By\u0142 to r\u00f3wnie przera\u017caj\u0105cy przejaw obywatelskiego tch\u00f3rzostwa, jak zamieszki by\u0142y przera\u017caj\u0105cym przejawem domowego barbarzy\u0144stwa.<\/p>\n\n\n\n<p id=\"p_1_36\"><strong>Wybory 2020 i ich nast\u0119pstwa<\/strong><\/p>\n\n\n\n<p id=\"p_1_37\">Podobnie jak zamieszki, wybory by\u0142y szeroko omawiane gdzie indziej, wi\u0119c powiem kr\u00f3tko.&nbsp;Gdyby fa\u0142szywa pandemia nie by\u0142a pretekstem do g\u0142osowania korespondencyjnego i bezczynno\u015bci w\u0142adz i obywateli wobec sze\u015bciomiesi\u0119cznych zamieszek w 2020 r., Trump by\u0142by dzi\u015b w Bia\u0142ym Domu.&nbsp;Nie jestem do ko\u0144ca pewien, czy by\u0142oby to dobre w warto\u015bciach bezwzgl\u0119dnych, bior\u0105c pod uwag\u0119, \u017ce jest on najlepszym prezydentem, jakiego Izrael kiedykolwiek mia\u0142, i chocia\u017c m\u00f3wi\u0142 bardzo dobrze, zrobi\u0142 o wiele mniej, ni\u017c obieca\u0142.&nbsp;Tak, to nie by\u0142a ca\u0142kowicie jego wina, ale po cz\u0119\u015bci tak, zw\u0142aszcza w pierwszych dw\u00f3ch latach, kiedy jego partia kontrolowa\u0142a obie izby Kongresu.&nbsp;(Wiem, wiem, RINO\u2026.) I m\u00f3wi\u0119 to, nie b\u0119d\u0105c ani zwolennikiem Trumpa, ani \u201enigdy nie-Trumperem\u201d.<\/p>\n\n\n\n<p id=\"p_1_38\">Ale gdyby nadal sprawowa\u0142 urz\u0105d, z pewno\u015bci\u0105 by\u0142by lepszy dla kraju ni\u017c to, co mamy teraz.&nbsp;Zamiast tego mamy ch\u0142opc\u00f3w i suki Bidena oraz zdezorientowanych psychotyk\u00f3w, w\u0142a\u015bnie dlatego, \u017ce wybory zosta\u0142y sfa\u0142szowane, a dowody potwierdzaj\u0105ce ten wniosek s\u0105 przyt\u0142aczaj\u0105ce.&nbsp;Wiem r\u00f3wnie\u017c, \u017ce Demokraci nigdy by si\u0119 na to nie odwa\u017cyli, gdyby Trump st\u0142umi\u0142 zamieszki i aresztowa\u0142 wybranych burmistrz\u00f3w i gubernator\u00f3w Demokrat\u00f3w za dzia\u0142alno\u015b\u0107 wywrotow\u0105, do czego mia\u0142 pe\u0142ne prawo i ca\u0142\u0105 potrzebn\u0105 do tego w\u0142adz\u0119.<\/p>\n\n\n\n<p id=\"p_1_39\">https:\/\/www.bitchute.com\/embed\/AP8SrLyM0ilv\/&nbsp;<a href=\"https:\/\/www.bitchute.com\/video\/AP8SrLyM0ilv\/\" target=\"_blank\" rel=\"noreferrer noopener\">Link do filmu<\/a><\/p>\n\n\n\n<p id=\"p_1_40\">Jestem r\u00f3wnie\u017c do\u015b\u0107 pewny, \u017ce gdyby to zrobi\u0142 i zapewni\u0142 zar\u00f3wno przyw\u00f3dztwo, jak i przyk\u0142ad, wielu dobrze uzbrojonych ludzi zebra\u0142oby si\u0119 wok\u00f3\u0142 niego i popar\u0142oby wojska, przynajmniej w niekt\u00f3rych stanach.&nbsp;Nie potrzebowa\u0142by \u201eDumnych ch\u0142opc\u00f3w\u201d ani \u201eDotrzymywaczy przysi\u0119gi\u201d ani zorganizowanych milicji stanowych, z kt\u00f3rych wszystkie by\u0142y mocno infiltrowane przez federalne i (przynajmniej w jurysdykcjach kierowanych przez Demokrat\u00f3w) stanowe i lokalne organy \u015bcigania.<\/p>\n\n\n\n<p id=\"p_1_41\">Tak si\u0119 nie sta\u0142o i pomimo jawnego k\u0142amstwa medi\u00f3w i Demokrat\u00f3w, w kilku stanach dosz\u0142o do powszechnych i nagranych na wideo oszustw (w tym zablokowania republika\u0144skich obserwator\u00f3w sonda\u017cy z budynku, w kt\u00f3rym liczone by\u0142y g\u0142osy w Detroit, poniewa\u017c nieoznakowane samochody dostarcza\u0142y pud\u0142a z kartami do g\u0142osowania ).&nbsp;Po og\u0142oszeniu \u201epiwnicy Biden\u201d prezydentem elektem by\u0142o nieuniknione, \u017ce nast\u0105pi wyzwanie: a by\u0142o ich dw\u00f3ch, jeden w rzeczywisto\u015bci i jeden w teorii.<\/p>\n\n\n\n<p id=\"p_1_42\">W rzeczywisto\u015bci by\u0142 to&nbsp;<a href=\"https:\/\/www.texastribune.org\/2020\/12\/11\/texas-lawsuit-supreme-court-election-results\/\">pozew z\u0142o\u017cony przez Teksas<\/a>&nbsp;.&nbsp;Chocia\u017c wyra\u017anie wspomniano o Pensylwanii, sko\u0144czy\u0142o si\u0119 na tym, \u017ce prawie ka\u017cdy stan (i Dystrykt Kolumbii) przy\u0142\u0105czy\u0142 si\u0119 po jednej lub drugiej stronie.&nbsp;Jak by to potoczy\u0142o si\u0119, gdyby SZKOT wys\u0142ucha\u0142 sprawy, nie mog\u0119 powiedzie\u0107.&nbsp;Ale mog\u0119 powiedzie\u0107, \u017ce ujawnienie tak wielu fizycznych dowod\u00f3w tak ra\u017c\u0105co oszuka\u0144czej dzia\u0142alno\u015bci w jurysdykcjach kontrolowanych przez Demokrat\u00f3w by\u0142oby w najlepszym razie niezwykle trudne do ca\u0142kowitego zignorowania nawet przez rami\u0119 propagandowe Partii Demokrat\u00f3w \u2013 media.<\/p>\n\n\n\n<p id=\"p_1_43\">Ale SCOTUS odm\u00f3wi\u0142 wys\u0142uchania pozwu, twierdz\u0105c, \u017ce Teksas nie ma legitymacji.&nbsp;By\u0107 mo\u017ce z technicznego punktu widzenia tak jest.&nbsp;Ale ten proces postawi\u0142 prawie po\u0142ow\u0119 stan\u00f3w przeciwko drugiej po\u0142owie, w najwi\u0119kszym i najbardziej kontrowersyjnym sporze mi\u0119dzy stanami od pocz\u0105tku wojny secesyjnej.&nbsp;Konstytucja nadaje SCOTUS w Artykule III, Sekcja 2, uprawnienia do rozpatrywania i decydowania w sprawach dotycz\u0105cych&nbsp;<a href=\"https:\/\/www.annenbergclassroom.org\/article-iii-section-2\/\">\u201e\u2026.Spor\u00f3w mi\u0119dzy dwoma lub wi\u0119cej pa\u0144stwami\u201d.<\/a><\/p>\n\n\n\n<p id=\"p_1_44\">Ot\u00f3\u017c, nie jestem prawnikiem ani nie udaj\u0119, \u017ce nim jestem.&nbsp;Ale jestem do\u015b\u0107 bieg\u0142y w czytaniu i jest dla mnie bardzo oczywiste, \u017ce pozew w Teksasie \u2013 niezale\u017cnie od szczeg\u00f3\u0142\u00f3w \u2013 dotyczy\u0142 dok\u0142adnie tego rodzaju kontrowersji, kt\u00f3re podzieli\u0142y prawie ca\u0142y kraj, nad kt\u00f3rym ten przepis Konstytucji wyra\u017anie da\u0142 pierwotn\u0105 jurysdykcj\u0119 SCOTUS.&nbsp;To, \u017ce s\u0119dziowie postanowili zignorowa\u0107 kontrowersje, zamiast podj\u0105\u0107 w niej jak\u0105kolwiek decyzj\u0119, a nawet pozwoli\u0107 na wyemitowanie dowod\u00f3w, wiele m\u00f3wi o ich politycznej i osobistej wra\u017cliwo\u015bci.&nbsp;Niewiele m\u00f3wi to o ich charakterze ani odwadze w swoich przekonaniach.<\/p>\n\n\n\n<p id=\"p_1_45\">Co prowadzi nas do drugiego wyzwania.&nbsp;Nazwa\u0142em to wyzwaniem w teorii, tylko dlatego, \u017ce nie mog\u0119 znale\u017a\u0107 na to terminu, kt\u00f3ry oddawa\u0142by s\u0105downiczy i krajowy kana\u0142 \u015bciekowy, jakim si\u0119 sta\u0142.&nbsp;By\u0142o to tak zwane \u201epowstanie\u201d na Kapitolu Stan\u00f3w Zjednoczonych 6 stycznia 2021 r. (powszechnie nazywane \u201eJ6\u201d dla wygody), kt\u00f3re wykolei\u0142o g\u0142osowanie w Kolegium Elektor\u00f3w na kr\u00f3tki czas i zako\u0144czy\u0142o si\u0119 setkami ludzi w wi\u0119zieniu, kilku zabitych i Biden zatwierdzony jako prezydent.<\/p>\n\n\n\n<p id=\"p_1_46\">To, co wiemy na pewno, teraz, gdy opublikowano niekt\u00f3re ta\u015bmy wideo CCTV z wewn\u0105trz i na zewn\u0105trz Kapitolu z tego dnia, to to, \u017ce pomimo ca\u0142ej propagandy rzucanej przez Demokrat\u00f3w z ich \u201eKomitetem Specjalnym\u201d i mediami, nie by\u0142o \u201e&nbsp;<em><strong>powstania \u201d lub co\u015b w tym rodzaju, a Demokraci i Departament Sprawiedliwo\u015bci wiedzieli o tym od pocz\u0105tku<\/strong><\/em>&nbsp;.&nbsp;Z pewno\u015bci\u0105 by\u0142oby to pierwsze w historii bezbronne powstanie, prowadzone przez ludzi, kt\u00f3rzy byli prowadzeni wewn\u0105trz i wydawali si\u0119 uwa\u017ca\u0107, aby niczego nie zak\u0142\u00f3ca\u0107, gdyby nie kilku do\u015b\u0107 oczywistych prowokator\u00f3w.<\/p>\n\n\n\n<p id=\"p_1_47\">https:\/\/www.bitchute.com\/embed\/EBYAQgDJAXyS\/&nbsp;<a href=\"https:\/\/www.bitchute.com\/video\/EBYAQgDJAXyS\/\" target=\"_blank\" rel=\"noreferrer noopener\">Link do filmu<\/a><\/p>\n\n\n\n<p id=\"p_1_48\">Niezale\u017cnie od tej rzeczywisto\u015bci, Demokraci wycisn\u0119li z niej wszystko, co by\u0142o warte.&nbsp;Setki os\u00f3b aresztowano i przetrzymywano w niewiarygodnie z\u0142ych warunkach.&nbsp;Gwa\u0142cicielom i mordercom zwykle po\u015bwi\u0119ca si\u0119 wi\u0119cej uwagi ich konstytucyjnym prawom i sprawiedliwemu procesowi ni\u017c tym wi\u0119\u017aniom, i s\u0105 przetrzymywani w znacznie lepszych warunkach.&nbsp;To, co przynajmniej uchodzi za procesy i kary w Dystrykcie Kolumbii, zamieszka\u0142ym przez wi\u0119kszo\u015b\u0107 czarnych, pasowa\u0142oby do szczeg\u00f3lnie skorumpowanego i niekompetentnego s\u0105du w szczeg\u00f3lnie zacofanym kraju afryka\u0144skim \u2013 by\u0107 mo\u017ce wyr\u00f3\u017cnienie bez r\u00f3\u017cnicy.&nbsp;\u201eWi\u0119zienie DC\u201d mo\u017ce nie jest ameryka\u0144sk\u0105 Bastyli\u0105 ani Gu\u0142agiem, ale jest ich zawstydzaj\u0105co bliskim przybli\u017ceniem, przynajmniej je\u015bli chodzi o ofiary J6 tego, co uchodzi za nasz dzisiejszy system sprawiedliwo\u015bci.<\/p>\n\n\n\n<figure class=\"wp-block-image\"><a href=\"https:\/\/www.unz.com\/wp-content\/uploads\/2023\/06\/FigureX-7.jpeg\"><img decoding=\"async\" src=\"https:\/\/www.unz.com\/wp-content\/uploads\/2023\/06\/FigureX-7.jpeg\" alt=\"\"\/><\/a><\/figure>\n\n\n\n<p id=\"p_1_49\"><strong>\u201eNiezamierzone paradoksy\u201d wracaj\u0105 do domu<\/strong><\/p>\n\n\n\n<p id=\"p_1_50\">Dotkn\u0105\u0142em tylko niekt\u00f3rych wysokich (lub niskich) punkt\u00f3w na naszej drodze od bycia republik\u0105 konstytucyjn\u0105 do czego\u015b przera\u017caj\u0105co podobnego do despotyzmu Trzeciego \u015awiata pod ka\u017cdym wzgl\u0119dem, z wyj\u0105tkiem nazwy, aczkolwiek uzbrojonego i niewiarygodnie ob\u0142\u0105kanego.&nbsp;Jest o wiele wi\u0119cej:<\/p>\n\n\n\n<ol class=\"wp-block-list\">\n<li>Ci\u0105g\u0142e zn\u0119canie si\u0119 nad Donaldem Trumpem i niekt\u00f3rymi jego bliskimi wsp\u00f3\u0142pracownikami przez Demokrat\u00f3w, kt\u00f3rzy jako zwyci\u0119zcy robi\u0105 teraz to samo, co zwyci\u0119zcy w trybuna\u0142ach ds.<\/li>\n\n\n\n<li>Nadmierne karanie w sprawach cywilnych (przychodz\u0105 na my\u015bl sprawy Jamesa Fetzera i Alexa Jonesa) oraz w sprawach karnych tych, kt\u00f3rych uwa\u017caj\u0105 za wrog\u00f3w, przy jednoczesnym ignorowaniu lub uniewinnianiu znacznie gorszych przest\u0119pstw pope\u0142nionych przez cz\u0142onk\u00f3w \u201egrup chronionych\u201d (na przyk\u0142ad czarnych lub os\u00f3b LGBTQ+) ).<\/li>\n\n\n\n<li>Uzbrojenie samego Departamentu Sprawiedliwo\u015bci, a zw\u0142aszcza niegdy\u015b szanowanego, a obecnie powszechnie pogardzanego FBI, jako narz\u0119dzia egzekucyjnego, kt\u00f3re Partia Demokrat\u00f3w mo\u017ce wykorzysta\u0107 przeciwko przeciwnikom politycznym, prawdziwej \u201epolicji politycznej\u201d, je\u015bli kiedykolwiek taka istnia\u0142a.<\/li>\n<\/ol>\n\n\n\n<figure class=\"wp-block-image\"><a href=\"https:\/\/www.unz.com\/wp-content\/uploads\/2023\/06\/FigureX-8.jpg\"><img decoding=\"async\" src=\"https:\/\/www.unz.com\/wp-content\/uploads\/2023\/06\/FigureX-8.jpg\" alt=\"\"\/><\/a><\/figure>\n\n\n\n<p id=\"p_1_51\">I jest ich o wiele wi\u0119cej.&nbsp;Cel tych i podobnych pomy\u0142ek s\u0105dowych w ca\u0142ym kraju jest a\u017c nazbyt jasny.&nbsp;Aresztowanie, \u015bciganie i wyg\u00f3rowane kary wymierzane ludziom, kt\u00f3rzy protestuj\u0105 przeciwko lewicowej niesprawiedliwo\u015bci lub broni\u0105 si\u0119 przed lewicowymi lub czarnymi przest\u0119pstwami, nie s\u0105 ani przypadkowe, ani arbitralne.&nbsp;<em><strong>Jego celem jest kryminalizacja oporu i samoobrony.<\/strong><\/em><\/p>\n\n\n\n<p><a href=\"https:\/\/www.unz.com\/subscribe\/?domain=article\">Subskrybuj nowe kolumny<\/a><\/p>\n\n\n\n<p id=\"p_1_52\">Tak wi\u0119c, nawet je\u015bli osoba zostaje zwolniona po przedstawieniu jej zarzut\u00f3w, jak to cz\u0119sto bywa w miastach rz\u0105dzonych przez Demokrat\u00f3w, trauma zwi\u0105zana z aresztowaniem, aresztowaniem, a nawet tymczasowym wi\u0119zieniem ca\u0142kowicie niewinnych ludzi pozostaje z nimi.&nbsp;<em>I&nbsp;<strong>jest to lekcja szeroko propagowana przez media<\/strong><\/em>&nbsp;, kt\u00f3re powtarzaj\u0105&nbsp;<em>do znudzenia<\/em>&nbsp;opowie\u015b\u0107 o aresztowaniu i oskar\u017ceniu tej osoby, ale prawie nie wspominaj\u0105 \u2013 a cz\u0119sto ignoruj\u0105 \u2013 o jego p\u00f3\u017aniejszym uniewinnieniu i zwolnieniu.&nbsp;To wyja\u015bnia innym, czego mog\u0105 si\u0119 spodziewa\u0107, je\u015bli b\u0119d\u0105 post\u0119powa\u0107 w podobny spos\u00f3b.<\/p>\n\n\n\n<p id=\"p_1_53\">Nie ma \u017cadnych w\u0105tpliwo\u015bci, \u017ce oficjalne bezprawie \u2013 przez i dla Partii Demokrat\u00f3w \u2013 sta\u0142o si\u0119 cz\u0119\u015bci\u0105 \u201enowej normalno\u015bci\u201d dla Ameryki, wyobra\u017canej przez lewicowc\u00f3w forsuj\u0105cych ten program.&nbsp;To wszystko jest czym\u015b, co musimy zmieni\u0107.&nbsp;Mam map\u0119 drogow\u0105, jak to zrobi\u0107, kt\u00f3r\u0105 przedstawi\u0119 w moim nast\u0119pnym artykule: \u201eAmerica on the Abyss: A Manifesto for the Militia\u201d.<\/p>\n\n\n\n<p id=\"p_1_54\"><em>Alan Ned Sabrosky (doktorat, University of Michigan) jest weteranem ameryka\u0144skiej piechoty morskiej z dziesi\u0119cioletnim sta\u017cem.\u00a0S\u0142u\u017cy\u0142 w Wietnamie w 1.\u00a0<sup>Dywizji<\/sup>\u00a0Piechoty Morskiej i jest absolwentem US Army War College.\u00a0Mo\u017cna si\u0119 z nim skontaktowa\u0107 pod\u00a0<a href=\"mailto:docbrosk@comcast.net\">adresem docbrosk@comcast.net<\/a><\/em><\/p>\n\n\n\n<p>\u0179r\u00f3d\u0142o   https:\/\/www.unz.com\/article\/justice-unconstructed-lawlessness-as-a-new-normal\/<\/p>\n","protected":false},"excerpt":{"rendered":"<p>Sprawiedliwo\u015b\u0107 nieskonstruowana: bezprawie jako \u201enowa normalno\u015b\u0107\u201d Autor, ALAN SABROSKY W swoim najlepszym wydaniu cz\u0142owiek jest najszlachetniejszym ze wszystkich zwierz\u0105t;Oddzielony od prawa i sprawiedliwo\u015bci jest najgorszy.&nbsp;\u2013 Arystoteles Nasze nieszcz\u0119\u015bcia by\u0142y przera\u017caj\u0105ce w sferze politycznej, gospodarczej i wojskowej.&nbsp;Nic nie dra\u017cni tak mocno&#8230; <\/p>\n","protected":false},"author":2,"featured_media":2979,"comment_status":"open","ping_status":"open","sticky":false,"template":"","format":"standard","meta":{"_acf_changed":false,"_bbp_topic_count":0,"_bbp_reply_count":0,"_bbp_total_topic_count":0,"_bbp_total_reply_count":0,"_bbp_voice_count":0,"_bbp_anonymous_reply_count":0,"_bbp_topic_count_hidden":0,"_bbp_reply_count_hidden":0,"_bbp_forum_subforum_count":0,"om_disable_all_campaigns":false,"_monsterinsights_skip_tracking":false,"footnotes":""},"categories":[93],"tags":[],"class_list":["post-2977","post","type-post","status-publish","format-standard","has-post-thumbnail","hentry","category-artykuly"],"acf":[],"aioseo_notices":[],"aioseo_head":"\n\t\t<!-- All in One SEO 5.0.1.1 - aioseo.com -->\n\t<meta name=\"description\" content=\"Sprawiedliwo\u015b\u0107 nieskonstruowana: bezprawie jako \u201enowa normalno\u015b\u0107\u201d Autor, ALAN SABROSKY W swoim najlepszym wydaniu cz\u0142owiek jest najszlachetniejszym ze wszystkich zwierz\u0105t;Oddzielony od prawa i sprawiedliwo\u015bci jest najgorszy. \u2013 Arystoteles Nasze nieszcz\u0119\u015bcia by\u0142y przera\u017caj\u0105ce w sferze politycznej, gospodarczej i wojskowej. Nic nie dra\u017cni tak mocno i tak d\u0142ugo cia\u0142a politycznego, jak rosn\u0105ca litania s\u0105dowych krzywd: zwyk\u0142e, staro\u015bwieckie pomy\u0142ki s\u0105dowe. \u017baden nie\" \/>\n\t<meta name=\"robots\" content=\"max-image-preview:large\" \/>\n\t<meta name=\"author\" content=\"trinity\"\/>\n\t<link rel=\"canonical\" href=\"https:\/\/wia.net.pl\/index.php\/2023\/07\/03\/bezprawie-jako-nowa-normalnosc\/\" \/>\n\t<meta name=\"generator\" content=\"All in One SEO (AIOSEO) 5.0.1.1\" \/>\n\t\t<meta property=\"og:locale\" content=\"pl_PL\" \/>\n\t\t<meta property=\"og:site_name\" content=\"Wolno\u015b\u0107 i Anarchia - Ka\u017cdy wewn\u0119trznie jest anarchist\u0105.\" \/>\n\t\t<meta property=\"og:type\" content=\"article\" \/>\n\t\t<meta property=\"og:title\" content=\"Bezprawie jako \u201enowa normalno\u015b\u0107\u201d - Wolno\u015b\u0107 i Anarchia\" \/>\n\t\t<meta property=\"og:description\" content=\"Sprawiedliwo\u015b\u0107 nieskonstruowana: bezprawie jako \u201enowa normalno\u015b\u0107\u201d Autor, ALAN SABROSKY W swoim najlepszym wydaniu cz\u0142owiek jest najszlachetniejszym ze wszystkich zwierz\u0105t;Oddzielony od prawa i sprawiedliwo\u015bci jest najgorszy. \u2013 Arystoteles Nasze nieszcz\u0119\u015bcia by\u0142y przera\u017caj\u0105ce w sferze politycznej, gospodarczej i wojskowej. Nic nie dra\u017cni tak mocno i tak d\u0142ugo cia\u0142a politycznego, jak rosn\u0105ca litania s\u0105dowych krzywd: zwyk\u0142e, staro\u015bwieckie pomy\u0142ki s\u0105dowe. \u017baden nie\" \/>\n\t\t<meta property=\"og:url\" content=\"https:\/\/wia.net.pl\/index.php\/2023\/07\/03\/bezprawie-jako-nowa-normalnosc\/\" \/>\n\t\t<meta property=\"og:image\" content=\"https:\/\/wia.net.pl\/wp-content\/uploads\/2023\/11\/cropped-freedom-i73367.jpg\" \/>\n\t\t<meta property=\"og:image:secure_url\" content=\"https:\/\/wia.net.pl\/wp-content\/uploads\/2023\/11\/cropped-freedom-i73367.jpg\" \/>\n\t\t<meta property=\"article:published_time\" content=\"2023-07-03T14:41:50+00:00\" \/>\n\t\t<meta property=\"article:modified_time\" content=\"2023-07-03T14:41:50+00:00\" \/>\n\t\t<meta name=\"twitter:card\" content=\"summary_large_image\" \/>\n\t\t<meta name=\"twitter:title\" content=\"Bezprawie jako \u201enowa normalno\u015b\u0107\u201d - Wolno\u015b\u0107 i Anarchia\" \/>\n\t\t<meta name=\"twitter:description\" content=\"Sprawiedliwo\u015b\u0107 nieskonstruowana: bezprawie jako \u201enowa normalno\u015b\u0107\u201d Autor, ALAN SABROSKY W swoim najlepszym wydaniu cz\u0142owiek jest najszlachetniejszym ze wszystkich zwierz\u0105t;Oddzielony od prawa i sprawiedliwo\u015bci jest najgorszy. \u2013 Arystoteles Nasze nieszcz\u0119\u015bcia by\u0142y przera\u017caj\u0105ce w sferze politycznej, gospodarczej i wojskowej. Nic nie dra\u017cni tak mocno i tak d\u0142ugo cia\u0142a politycznego, jak rosn\u0105ca litania s\u0105dowych krzywd: zwyk\u0142e, staro\u015bwieckie pomy\u0142ki s\u0105dowe. \u017baden nie\" \/>\n\t\t<meta name=\"twitter:image\" content=\"https:\/\/wia.net.pl\/wp-content\/uploads\/2023\/11\/cropped-freedom-i73367.jpg\" \/>\n\t\t<script type=\"application\/ld+json\" class=\"aioseo-schema\">\n\t\t\t{\"@context\":\"https:\\\/\\\/schema.org\",\"@graph\":[{\"@type\":\"BlogPosting\",\"@id\":\"https:\\\/\\\/wia.net.pl\\\/index.php\\\/2023\\\/07\\\/03\\\/bezprawie-jako-nowa-normalnosc\\\/#blogposting\",\"name\":\"Bezprawie jako \\u201enowa normalno\\u015b\\u0107\\u201d - Wolno\\u015b\\u0107 i Anarchia\",\"headline\":\"Bezprawie jako \\u201enowa normalno\\u015b\\u0107\\u201d\",\"author\":{\"@id\":\"https:\\\/\\\/wia.net.pl\\\/index.php\\\/author\\\/trinity\\\/#author\"},\"publisher\":{\"@id\":\"https:\\\/\\\/wia.net.pl\\\/#person\"},\"image\":{\"@type\":\"ImageObject\",\"url\":\"https:\\\/\\\/wia.net.pl\\\/wp-content\\\/uploads\\\/2023\\\/07\\\/statue-of-liberty-1922168_1280.jpg\",\"width\":1280,\"height\":914},\"datePublished\":\"2023-07-03T16:41:50+02:00\",\"dateModified\":\"2023-07-03T16:41:50+02:00\",\"inLanguage\":\"pl-PL\",\"mainEntityOfPage\":{\"@id\":\"https:\\\/\\\/wia.net.pl\\\/index.php\\\/2023\\\/07\\\/03\\\/bezprawie-jako-nowa-normalnosc\\\/#webpage\"},\"isPartOf\":{\"@id\":\"https:\\\/\\\/wia.net.pl\\\/index.php\\\/2023\\\/07\\\/03\\\/bezprawie-jako-nowa-normalnosc\\\/#webpage\"},\"articleSection\":\"Artyku\\u0142y\"},{\"@type\":\"BreadcrumbList\",\"@id\":\"https:\\\/\\\/wia.net.pl\\\/index.php\\\/2023\\\/07\\\/03\\\/bezprawie-jako-nowa-normalnosc\\\/#breadcrumblist\",\"itemListElement\":[{\"@type\":\"ListItem\",\"@id\":\"https:\\\/\\\/wia.net.pl#listItem\",\"position\":1,\"name\":\"Home\",\"item\":\"https:\\\/\\\/wia.net.pl\",\"nextItem\":{\"@type\":\"ListItem\",\"@id\":\"https:\\\/\\\/wia.net.pl\\\/index.php\\\/category\\\/artykuly\\\/#listItem\",\"name\":\"Artyku\\u0142y\"}},{\"@type\":\"ListItem\",\"@id\":\"https:\\\/\\\/wia.net.pl\\\/index.php\\\/category\\\/artykuly\\\/#listItem\",\"position\":2,\"name\":\"Artyku\\u0142y\",\"item\":\"https:\\\/\\\/wia.net.pl\\\/index.php\\\/category\\\/artykuly\\\/\",\"nextItem\":{\"@type\":\"ListItem\",\"@id\":\"https:\\\/\\\/wia.net.pl\\\/index.php\\\/2023\\\/07\\\/03\\\/bezprawie-jako-nowa-normalnosc\\\/#listItem\",\"name\":\"Bezprawie jako \\u201enowa normalno\\u015b\\u0107\\u201d\"},\"previousItem\":{\"@type\":\"ListItem\",\"@id\":\"https:\\\/\\\/wia.net.pl#listItem\",\"name\":\"Home\"}},{\"@type\":\"ListItem\",\"@id\":\"https:\\\/\\\/wia.net.pl\\\/index.php\\\/2023\\\/07\\\/03\\\/bezprawie-jako-nowa-normalnosc\\\/#listItem\",\"position\":3,\"name\":\"Bezprawie jako \\u201enowa normalno\\u015b\\u0107\\u201d\",\"previousItem\":{\"@type\":\"ListItem\",\"@id\":\"https:\\\/\\\/wia.net.pl\\\/index.php\\\/category\\\/artykuly\\\/#listItem\",\"name\":\"Artyku\\u0142y\"}}]},{\"@type\":\"Person\",\"@id\":\"https:\\\/\\\/wia.net.pl\\\/#person\",\"name\":\"Bart\\u0142omiej Talarczyk\",\"image\":{\"@type\":\"ImageObject\",\"@id\":\"https:\\\/\\\/wia.net.pl\\\/index.php\\\/2023\\\/07\\\/03\\\/bezprawie-jako-nowa-normalnosc\\\/#personImage\",\"url\":\"https:\\\/\\\/wia.net.pl\\\/wp-content\\\/uploads\\\/avatar-privacy\\\/cache\\\/user\\\/1\\\/7\\\/176a6b161c58363ff49b5c167264231f519f5c7fa183ca1f61e891769b6b56d5-96.jpg\",\"width\":96,\"height\":96,\"caption\":\"Bart\\u0142omiej Talarczyk\"}},{\"@type\":\"Person\",\"@id\":\"https:\\\/\\\/wia.net.pl\\\/index.php\\\/author\\\/trinity\\\/#author\",\"url\":\"https:\\\/\\\/wia.net.pl\\\/index.php\\\/author\\\/trinity\\\/\",\"name\":\"trinity\",\"image\":{\"@type\":\"ImageObject\",\"@id\":\"https:\\\/\\\/wia.net.pl\\\/index.php\\\/2023\\\/07\\\/03\\\/bezprawie-jako-nowa-normalnosc\\\/#authorImage\",\"url\":\"https:\\\/\\\/wia.net.pl\\\/wp-content\\\/uploads\\\/avatar-privacy\\\/cache\\\/user\\\/5\\\/f\\\/5f6547cf82495eaa10e100a6a45d5dbde2dfdc1be88557de2018fca705bdf6f1-96.jpg\",\"width\":96,\"height\":96,\"caption\":\"trinity\"}},{\"@type\":\"WebPage\",\"@id\":\"https:\\\/\\\/wia.net.pl\\\/index.php\\\/2023\\\/07\\\/03\\\/bezprawie-jako-nowa-normalnosc\\\/#webpage\",\"url\":\"https:\\\/\\\/wia.net.pl\\\/index.php\\\/2023\\\/07\\\/03\\\/bezprawie-jako-nowa-normalnosc\\\/\",\"name\":\"Bezprawie jako \\u201enowa normalno\\u015b\\u0107\\u201d - Wolno\\u015b\\u0107 i Anarchia\",\"description\":\"Sprawiedliwo\\u015b\\u0107 nieskonstruowana: bezprawie jako \\u201enowa normalno\\u015b\\u0107\\u201d Autor, ALAN SABROSKY W swoim najlepszym wydaniu cz\\u0142owiek jest najszlachetniejszym ze wszystkich zwierz\\u0105t;Oddzielony od prawa i sprawiedliwo\\u015bci jest najgorszy. \\u2013 Arystoteles Nasze nieszcz\\u0119\\u015bcia by\\u0142y przera\\u017caj\\u0105ce w sferze politycznej, gospodarczej i wojskowej. Nic nie dra\\u017cni tak mocno i tak d\\u0142ugo cia\\u0142a politycznego, jak rosn\\u0105ca litania s\\u0105dowych krzywd: zwyk\\u0142e, staro\\u015bwieckie pomy\\u0142ki s\\u0105dowe. \\u017baden nie\",\"inLanguage\":\"pl-PL\",\"isPartOf\":{\"@id\":\"https:\\\/\\\/wia.net.pl\\\/#website\"},\"breadcrumb\":{\"@id\":\"https:\\\/\\\/wia.net.pl\\\/index.php\\\/2023\\\/07\\\/03\\\/bezprawie-jako-nowa-normalnosc\\\/#breadcrumblist\"},\"author\":{\"@id\":\"https:\\\/\\\/wia.net.pl\\\/index.php\\\/author\\\/trinity\\\/#author\"},\"creator\":{\"@id\":\"https:\\\/\\\/wia.net.pl\\\/index.php\\\/author\\\/trinity\\\/#author\"},\"image\":{\"@type\":\"ImageObject\",\"url\":\"https:\\\/\\\/wia.net.pl\\\/wp-content\\\/uploads\\\/2023\\\/07\\\/statue-of-liberty-1922168_1280.jpg\",\"@id\":\"https:\\\/\\\/wia.net.pl\\\/index.php\\\/2023\\\/07\\\/03\\\/bezprawie-jako-nowa-normalnosc\\\/#mainImage\",\"width\":1280,\"height\":914},\"primaryImageOfPage\":{\"@id\":\"https:\\\/\\\/wia.net.pl\\\/index.php\\\/2023\\\/07\\\/03\\\/bezprawie-jako-nowa-normalnosc\\\/#mainImage\"},\"datePublished\":\"2023-07-03T16:41:50+02:00\",\"dateModified\":\"2023-07-03T16:41:50+02:00\"},{\"@type\":\"WebSite\",\"@id\":\"https:\\\/\\\/wia.net.pl\\\/#website\",\"url\":\"https:\\\/\\\/wia.net.pl\\\/\",\"name\":\"Wolno\\u015b\\u0107 i Anarchia\",\"description\":\"Ka\\u017cdy wewn\\u0119trznie jest anarchist\\u0105.\",\"inLanguage\":\"pl-PL\",\"publisher\":{\"@id\":\"https:\\\/\\\/wia.net.pl\\\/#person\"}}]}\n\t\t<\/script>\n\t\t<!-- All in One SEO -->\n\n","aioseo_head_json":{"title":"Bezprawie jako \u201enowa normalno\u015b\u0107\u201d - Wolno\u015b\u0107 i Anarchia","description":"Sprawiedliwo\u015b\u0107 nieskonstruowana: bezprawie jako \u201enowa normalno\u015b\u0107\u201d Autor, ALAN SABROSKY W swoim najlepszym wydaniu cz\u0142owiek jest najszlachetniejszym ze wszystkich zwierz\u0105t;Oddzielony od prawa i sprawiedliwo\u015bci jest najgorszy. \u2013 Arystoteles Nasze nieszcz\u0119\u015bcia by\u0142y przera\u017caj\u0105ce w sferze politycznej, gospodarczej i wojskowej. Nic nie dra\u017cni tak mocno i tak d\u0142ugo cia\u0142a politycznego, jak rosn\u0105ca litania s\u0105dowych krzywd: zwyk\u0142e, staro\u015bwieckie pomy\u0142ki s\u0105dowe. \u017baden nie","canonical_url":"https:\/\/wia.net.pl\/index.php\/2023\/07\/03\/bezprawie-jako-nowa-normalnosc\/","robots":"max-image-preview:large","keywords":"","webmasterTools":{"miscellaneous":""},"schema":{"@context":"https:\/\/schema.org","@graph":[{"@type":"BlogPosting","@id":"https:\/\/wia.net.pl\/index.php\/2023\/07\/03\/bezprawie-jako-nowa-normalnosc\/#blogposting","name":"Bezprawie jako \u201enowa normalno\u015b\u0107\u201d - Wolno\u015b\u0107 i Anarchia","headline":"Bezprawie jako \u201enowa normalno\u015b\u0107\u201d","author":{"@id":"https:\/\/wia.net.pl\/index.php\/author\/trinity\/#author"},"publisher":{"@id":"https:\/\/wia.net.pl\/#person"},"image":{"@type":"ImageObject","url":"https:\/\/wia.net.pl\/wp-content\/uploads\/2023\/07\/statue-of-liberty-1922168_1280.jpg","width":1280,"height":914},"datePublished":"2023-07-03T16:41:50+02:00","dateModified":"2023-07-03T16:41:50+02:00","inLanguage":"pl-PL","mainEntityOfPage":{"@id":"https:\/\/wia.net.pl\/index.php\/2023\/07\/03\/bezprawie-jako-nowa-normalnosc\/#webpage"},"isPartOf":{"@id":"https:\/\/wia.net.pl\/index.php\/2023\/07\/03\/bezprawie-jako-nowa-normalnosc\/#webpage"},"articleSection":"Artyku\u0142y"},{"@type":"BreadcrumbList","@id":"https:\/\/wia.net.pl\/index.php\/2023\/07\/03\/bezprawie-jako-nowa-normalnosc\/#breadcrumblist","itemListElement":[{"@type":"ListItem","@id":"https:\/\/wia.net.pl#listItem","position":1,"name":"Home","item":"https:\/\/wia.net.pl","nextItem":{"@type":"ListItem","@id":"https:\/\/wia.net.pl\/index.php\/category\/artykuly\/#listItem","name":"Artyku\u0142y"}},{"@type":"ListItem","@id":"https:\/\/wia.net.pl\/index.php\/category\/artykuly\/#listItem","position":2,"name":"Artyku\u0142y","item":"https:\/\/wia.net.pl\/index.php\/category\/artykuly\/","nextItem":{"@type":"ListItem","@id":"https:\/\/wia.net.pl\/index.php\/2023\/07\/03\/bezprawie-jako-nowa-normalnosc\/#listItem","name":"Bezprawie jako \u201enowa normalno\u015b\u0107\u201d"},"previousItem":{"@type":"ListItem","@id":"https:\/\/wia.net.pl#listItem","name":"Home"}},{"@type":"ListItem","@id":"https:\/\/wia.net.pl\/index.php\/2023\/07\/03\/bezprawie-jako-nowa-normalnosc\/#listItem","position":3,"name":"Bezprawie jako \u201enowa normalno\u015b\u0107\u201d","previousItem":{"@type":"ListItem","@id":"https:\/\/wia.net.pl\/index.php\/category\/artykuly\/#listItem","name":"Artyku\u0142y"}}]},{"@type":"Person","@id":"https:\/\/wia.net.pl\/#person","name":"Bart\u0142omiej Talarczyk","image":{"@type":"ImageObject","@id":"https:\/\/wia.net.pl\/index.php\/2023\/07\/03\/bezprawie-jako-nowa-normalnosc\/#personImage","url":"https:\/\/wia.net.pl\/wp-content\/uploads\/avatar-privacy\/cache\/user\/1\/7\/176a6b161c58363ff49b5c167264231f519f5c7fa183ca1f61e891769b6b56d5-96.jpg","width":96,"height":96,"caption":"Bart\u0142omiej Talarczyk"}},{"@type":"Person","@id":"https:\/\/wia.net.pl\/index.php\/author\/trinity\/#author","url":"https:\/\/wia.net.pl\/index.php\/author\/trinity\/","name":"trinity","image":{"@type":"ImageObject","@id":"https:\/\/wia.net.pl\/index.php\/2023\/07\/03\/bezprawie-jako-nowa-normalnosc\/#authorImage","url":"https:\/\/wia.net.pl\/wp-content\/uploads\/avatar-privacy\/cache\/user\/5\/f\/5f6547cf82495eaa10e100a6a45d5dbde2dfdc1be88557de2018fca705bdf6f1-96.jpg","width":96,"height":96,"caption":"trinity"}},{"@type":"WebPage","@id":"https:\/\/wia.net.pl\/index.php\/2023\/07\/03\/bezprawie-jako-nowa-normalnosc\/#webpage","url":"https:\/\/wia.net.pl\/index.php\/2023\/07\/03\/bezprawie-jako-nowa-normalnosc\/","name":"Bezprawie jako \u201enowa normalno\u015b\u0107\u201d - Wolno\u015b\u0107 i Anarchia","description":"Sprawiedliwo\u015b\u0107 nieskonstruowana: bezprawie jako \u201enowa normalno\u015b\u0107\u201d Autor, ALAN SABROSKY W swoim najlepszym wydaniu cz\u0142owiek jest najszlachetniejszym ze wszystkich zwierz\u0105t;Oddzielony od prawa i sprawiedliwo\u015bci jest najgorszy. \u2013 Arystoteles Nasze nieszcz\u0119\u015bcia by\u0142y przera\u017caj\u0105ce w sferze politycznej, gospodarczej i wojskowej. Nic nie dra\u017cni tak mocno i tak d\u0142ugo cia\u0142a politycznego, jak rosn\u0105ca litania s\u0105dowych krzywd: zwyk\u0142e, staro\u015bwieckie pomy\u0142ki s\u0105dowe. \u017baden nie","inLanguage":"pl-PL","isPartOf":{"@id":"https:\/\/wia.net.pl\/#website"},"breadcrumb":{"@id":"https:\/\/wia.net.pl\/index.php\/2023\/07\/03\/bezprawie-jako-nowa-normalnosc\/#breadcrumblist"},"author":{"@id":"https:\/\/wia.net.pl\/index.php\/author\/trinity\/#author"},"creator":{"@id":"https:\/\/wia.net.pl\/index.php\/author\/trinity\/#author"},"image":{"@type":"ImageObject","url":"https:\/\/wia.net.pl\/wp-content\/uploads\/2023\/07\/statue-of-liberty-1922168_1280.jpg","@id":"https:\/\/wia.net.pl\/index.php\/2023\/07\/03\/bezprawie-jako-nowa-normalnosc\/#mainImage","width":1280,"height":914},"primaryImageOfPage":{"@id":"https:\/\/wia.net.pl\/index.php\/2023\/07\/03\/bezprawie-jako-nowa-normalnosc\/#mainImage"},"datePublished":"2023-07-03T16:41:50+02:00","dateModified":"2023-07-03T16:41:50+02:00"},{"@type":"WebSite","@id":"https:\/\/wia.net.pl\/#website","url":"https:\/\/wia.net.pl\/","name":"Wolno\u015b\u0107 i Anarchia","description":"Ka\u017cdy wewn\u0119trznie jest anarchist\u0105.","inLanguage":"pl-PL","publisher":{"@id":"https:\/\/wia.net.pl\/#person"}}]},"og:locale":"pl_PL","og:site_name":"Wolno\u015b\u0107 i Anarchia - Ka\u017cdy wewn\u0119trznie jest anarchist\u0105.","og:type":"article","og:title":"Bezprawie jako \u201enowa normalno\u015b\u0107\u201d - Wolno\u015b\u0107 i Anarchia","og:description":"Sprawiedliwo\u015b\u0107 nieskonstruowana: bezprawie jako \u201enowa normalno\u015b\u0107\u201d Autor, ALAN SABROSKY W swoim najlepszym wydaniu cz\u0142owiek jest najszlachetniejszym ze wszystkich zwierz\u0105t;Oddzielony od prawa i sprawiedliwo\u015bci jest najgorszy. \u2013 Arystoteles Nasze nieszcz\u0119\u015bcia by\u0142y przera\u017caj\u0105ce w sferze politycznej, gospodarczej i wojskowej. Nic nie dra\u017cni tak mocno i tak d\u0142ugo cia\u0142a politycznego, jak rosn\u0105ca litania s\u0105dowych krzywd: zwyk\u0142e, staro\u015bwieckie pomy\u0142ki s\u0105dowe. \u017baden nie","og:url":"https:\/\/wia.net.pl\/index.php\/2023\/07\/03\/bezprawie-jako-nowa-normalnosc\/","og:image":"https:\/\/wia.net.pl\/wp-content\/uploads\/2023\/11\/cropped-freedom-i73367.jpg","og:image:secure_url":"https:\/\/wia.net.pl\/wp-content\/uploads\/2023\/11\/cropped-freedom-i73367.jpg","article:published_time":"2023-07-03T14:41:50+00:00","article:modified_time":"2023-07-03T14:41:50+00:00","twitter:card":"summary_large_image","twitter:title":"Bezprawie jako \u201enowa normalno\u015b\u0107\u201d - Wolno\u015b\u0107 i Anarchia","twitter:description":"Sprawiedliwo\u015b\u0107 nieskonstruowana: bezprawie jako \u201enowa normalno\u015b\u0107\u201d Autor, ALAN SABROSKY W swoim najlepszym wydaniu cz\u0142owiek jest najszlachetniejszym ze wszystkich zwierz\u0105t;Oddzielony od prawa i sprawiedliwo\u015bci jest najgorszy. \u2013 Arystoteles Nasze nieszcz\u0119\u015bcia by\u0142y przera\u017caj\u0105ce w sferze politycznej, gospodarczej i wojskowej. Nic nie dra\u017cni tak mocno i tak d\u0142ugo cia\u0142a politycznego, jak rosn\u0105ca litania s\u0105dowych krzywd: zwyk\u0142e, staro\u015bwieckie pomy\u0142ki s\u0105dowe. \u017baden nie","twitter:image":"https:\/\/wia.net.pl\/wp-content\/uploads\/2023\/11\/cropped-freedom-i73367.jpg"},"aioseo_meta_data":{"post_id":"2977","title":null,"description":null,"keywords":[],"keyphrases":{"focus":{"keyphrase":"","score":0,"analysis":{"keyphraseInTitle":{"score":0,"maxScore":9,"error":1}}},"additional":[]},"primary_term":null,"canonical_url":null,"og_title":null,"og_description":null,"og_object_type":"default","og_image_type":"default","og_image_url":null,"og_image_width":null,"og_image_height":null,"og_image_custom_url":null,"og_image_custom_fields":null,"og_video":"","og_custom_url":null,"og_article_section":null,"og_article_tags":[],"twitter_use_og":false,"twitter_card":"default","twitter_image_type":"default","twitter_image_url":null,"twitter_image_custom_url":null,"twitter_image_custom_fields":null,"twitter_title":null,"twitter_description":null,"schema":{"blockGraphs":[],"customGraphs":[],"default":{"data":{"Article":[],"Course":[],"Dataset":[],"FAQPage":[],"Movie":[],"Person":[],"Product":[],"ProductReview":[],"Car":[],"Recipe":[],"Service":[],"SoftwareApplication":[],"WebPage":[]},"graphName":"BlogPosting","isEnabled":true},"graphs":[]},"schema_type":"default","schema_type_options":null,"pillar_content":false,"robots_default":true,"robots_noindex":false,"robots_noarchive":false,"robots_nosnippet":false,"robots_nofollow":false,"robots_noimageindex":false,"robots_noodp":false,"robots_notranslate":false,"robots_max_snippet":"-1","robots_max_videopreview":"-1","robots_max_imagepreview":"large","priority":null,"frequency":"default","local_seo":null,"breadcrumb_settings":null,"limit_modified_date":false,"ai":null,"created":"2023-07-03 14:41:51","updated":"2025-06-04 08:34:27","seo_analyzer_scan_date":null,"focus_keyword":null,"additional_keywords":null,"truseo_locale":null},"aioseo_breadcrumb":"<div class=\"aioseo-breadcrumbs\"><span class=\"aioseo-breadcrumb\">\n\t\t\t<a href=\"https:\/\/wia.net.pl\" title=\"Home\">Home<\/a>\n\t\t<\/span><span class=\"aioseo-breadcrumb-separator\">&raquo;<\/span><span class=\"aioseo-breadcrumb\">\n\t\t\t<a href=\"https:\/\/wia.net.pl\/index.php\/category\/artykuly\/\" title=\"Artyku\u0142y\">Artyku\u0142y<\/a>\n\t\t<\/span><span class=\"aioseo-breadcrumb-separator\">&raquo;<\/span><span class=\"aioseo-breadcrumb\">\n\t\t\tBezprawie jako \u201enowa normalno\u015b\u0107\u201d\n\t\t<\/span><\/div>","aioseo_breadcrumb_json":[{"label":"Home","link":"https:\/\/wia.net.pl"},{"label":"Artyku\u0142y","link":"https:\/\/wia.net.pl\/index.php\/category\/artykuly\/"},{"label":"Bezprawie jako \u201enowa normalno\u015b\u0107\u201d","link":"https:\/\/wia.net.pl\/index.php\/2023\/07\/03\/bezprawie-jako-nowa-normalnosc\/"}],"_links":{"self":[{"href":"https:\/\/wia.net.pl\/index.php\/wp-json\/wp\/v2\/posts\/2977"}],"collection":[{"href":"https:\/\/wia.net.pl\/index.php\/wp-json\/wp\/v2\/posts"}],"about":[{"href":"https:\/\/wia.net.pl\/index.php\/wp-json\/wp\/v2\/types\/post"}],"author":[{"embeddable":true,"href":"https:\/\/wia.net.pl\/index.php\/wp-json\/wp\/v2\/users\/2"}],"replies":[{"embeddable":true,"href":"https:\/\/wia.net.pl\/index.php\/wp-json\/wp\/v2\/comments?post=2977"}],"version-history":[{"count":1,"href":"https:\/\/wia.net.pl\/index.php\/wp-json\/wp\/v2\/posts\/2977\/revisions"}],"predecessor-version":[{"id":2980,"href":"https:\/\/wia.net.pl\/index.php\/wp-json\/wp\/v2\/posts\/2977\/revisions\/2980"}],"wp:featuredmedia":[{"embeddable":true,"href":"https:\/\/wia.net.pl\/index.php\/wp-json\/wp\/v2\/media\/2979"}],"wp:attachment":[{"href":"https:\/\/wia.net.pl\/index.php\/wp-json\/wp\/v2\/media?parent=2977"}],"wp:term":[{"taxonomy":"category","embeddable":true,"href":"https:\/\/wia.net.pl\/index.php\/wp-json\/wp\/v2\/categories?post=2977"},{"taxonomy":"post_tag","embeddable":true,"href":"https:\/\/wia.net.pl\/index.php\/wp-json\/wp\/v2\/tags?post=2977"}],"curies":[{"name":"wp","href":"https:\/\/api.w.org\/{rel}","templated":true}]}}