{"id":3015,"date":"2023-07-04T14:53:43","date_gmt":"2023-07-04T12:53:43","guid":{"rendered":"https:\/\/wia.net.pl\/?p=3015"},"modified":"2023-07-04T14:53:43","modified_gmt":"2023-07-04T12:53:43","slug":"mamy-kryzys-ale-nie-jest-to-kryzys-klimatyczny","status":"publish","type":"post","link":"https:\/\/wia.net.pl\/index.php\/2023\/07\/04\/mamy-kryzys-ale-nie-jest-to-kryzys-klimatyczny\/","title":{"rendered":"Mamy kryzys, ale nie jest to kryzys klimatyczny"},"content":{"rendered":"\n<p><strong>Green Murder: Mamy kryzys, ale nie jest to kryzys klimatyczny<\/strong><\/p>\n\n\n\n<p>Autor,\u00a0<a href=\"https:\/\/expose-news.com\/author\/rhoda-wilson\/\">RHODA WILSON<\/a><\/p>\n\n\n\n<p><\/p>\n\n\n\n<figure class=\"wp-block-image size-full is-resized\"><img loading=\"lazy\" decoding=\"async\" src=\"https:\/\/wia.net.pl\/wp-content\/uploads\/2023\/07\/ian-plimer-1.jpg\" alt=\"\" class=\"wp-image-3018\" width=\"838\" height=\"665\" srcset=\"https:\/\/wia.net.pl\/wp-content\/uploads\/2023\/07\/ian-plimer-1.jpg 601w, https:\/\/wia.net.pl\/wp-content\/uploads\/2023\/07\/ian-plimer-1-300x238.jpg 300w\" sizes=\"(max-width: 838px) 100vw, 838px\" \/><\/figure>\n\n\n\n<p><\/p>\n\n\n\n<p><strong>\u201eMamy problem z kryzysem.\u00a0To nie kryzys klimatyczny.\u00a0To kryzys zdrowego rozs\u0105dku.\u00a0To kryzys polityki rz\u0105du.\u00a0To kryzys edukacji\u2026 Zielona polityka prowadzi do \u015bmierci ludzi\u2026 Zabijamy ludzi zielon\u0105 polityk\u0105\u201d \u2013 powiedzia\u0142 profesor Ian Plimer.<\/strong><\/p>\n\n\n\n<p><a href=\"https:\/\/au.linkedin.com\/in\/ian-plimer-391052226\">Ian Plimer<\/a>&nbsp;jest australijskim geologiem i autorem.&nbsp;Jest emerytowanym profesorem nauk o Ziemi na Uniwersytecie w Melbourne.&nbsp;W pa\u017adzierniku ubieg\u0142ego roku przemawia\u0142 na&nbsp;<a href=\"https:\/\/www.cpac.network\/agenda-2022\">konferencji Conservative Political Action Network (\u201eCPAC\u201d),<\/a>&nbsp;kt\u00f3ra odby\u0142a si\u0119 w Sydney.&nbsp;Zatytu\u0142owa\u0142 swoje przem\u00f3wienie \u201e&nbsp;<em><a href=\"https:\/\/greenmurder.com\/\">Green Murder<\/a><\/em>&nbsp;\u201d, taki sam tytu\u0142 jak&nbsp;<a href=\"https:\/\/www.qbd.com.au\/green-murder\/ian-plimer\/9781922449825\/\">jego ksi\u0105\u017cka opublikowana w 2021 roku<\/a>&nbsp;.<\/p>\n\n\n\n<p>\u201eNie mam opinii, mam udowodnione fakty\u201d \u2013 powiedzia\u0142.&nbsp;\u201eTe fakty s\u0105 potwierdzone i te fakty s\u0105 powtarzalne\u201d.<\/p>\n\n\n\n<p><em>\u201eNikt nigdy nie wykaza\u0142, \u017ce emisje dwutlenku w\u0119gla przez cz\u0142owieka nap\u0119dzaj\u0105 globalne ocieplenie.&nbsp;To nigdy nie zosta\u0142o pokazane.&nbsp;A gdyby mo\u017cna by\u0142o to pokaza\u0107, musieliby\u015bmy wykaza\u0107, \u017ce 97% emisji, kt\u00f3re s\u0105 naturalne, nie nap\u0119dza globalnego ocieplenia.&nbsp;Koniec gry.&nbsp;Mamy do czynienia z oszustwem.&nbsp;To naukowe oszustwo od pierwszego dnia.<\/em><\/p>\n\n\n\n<p><em>&nbsp;\u201eMo\u017cemy wykaza\u0107, \u017ce kiedy mieli\u015bmy naturalne ocieplenie, jakie\u015b 650 do 6000 lat p\u00f3\u017aniej mieli\u015bmy wzrost poziomu dwutlenku w\u0119gla.&nbsp;To nie temperatura nap\u0119dzaj\u0105ca dwutlenek w\u0119gla, to dok\u0142adna odwrotno\u015b\u0107.<\/em><\/p>\n\n\n\n<p><em>\u201eNigdy nie s\u0142yszymy o g\u0142\u00f3wnym gazie cieplarnianym \u2013 czyli parze wodnej\u2026 kiedy odparowujemy wod\u0119, potrzebujemy do tego energii\u2026 a kiedy wytr\u0105casz t\u0119 wod\u0119 \u2013 w postaci deszczu, \u015bniegu lub lodu \u2013 wydziela ona dok\u0142adnie tak\u0105 sam\u0105 ilo\u015b\u0107 \u017ce wch\u0142on\u0105\u0142 w postaci pary wodnej.&nbsp;To para wodna \u2013 i woda, chmury, jakakolwiek jest \u2013 [jest] klimatyzatorem atmosfery naszej planety.<\/em><\/p>\n\n\n\n<p><em>\u201eMieli\u015bmy tysi\u0105ce wysoko wykwalifikowanych ludzi, kt\u00f3rzy wkr\u00f3tce przepowiadali koniec \u015bwiata.&nbsp;Gdyby cho\u0107 jedna z nich by\u0142a poprawna, nie by\u0142oby nas tutaj.&nbsp;Jest wi\u0119c tylko jeden typ przewidywania, kt\u00f3ry jest poprawny.&nbsp;I to jest: je\u015bli kto\u015b przepowiadaj\u0105cy koniec \u015bwiata zapuka do twoich drzwi, [postaw] na nich psa, bo masz histori\u0119 po swojej stronie.<\/em><\/p>\n\n\n\n<p><em>\u201eMamy problem z kryzysem.&nbsp;To nie kryzys klimatyczny.&nbsp;To kryzys zdrowego rozs\u0105dku.&nbsp;To kryzys polityki rz\u0105du.&nbsp;To kryzys edukacji\u2026 Zielona polityka prowadzi do \u015bmierci ludzi\u2026 Zabijamy ludzi zielon\u0105 polityk\u0105\u201d.<\/em><\/p>\n\n\n\n<p>https:\/\/www.youtube.com\/embed\/YjcXcmcUfTE?version=3&amp;rel=1&amp;showsearch=0&amp;showinfo=1&amp;iv_load_policy=1&amp;fs=1&amp;hl=en-US&amp;autohide=2&amp;wmode=transparentCPAC Australia: CPAC 2022 prof. Ian Plimer, 1 listopada 2022 r. (18 min)<\/p>\n\n\n\n<p>Je\u015bli powy\u017cszy film zostanie usuni\u0119ty z YouTube, mo\u017cesz go obejrze\u0107&nbsp;<a href=\"https:\/\/watch.adh.tv\/cpac-2022\/season:2\/videos\/cpac-2022-prof-ian-plimer\">TUTAJ<\/a>&nbsp;.<\/p>\n\n\n\n<figure class=\"wp-block-image\"><img decoding=\"async\" src=\"https:\/\/i0.wp.com\/expose-news.com\/wp-content\/uploads\/2023\/07\/FeatJul4a.png?ssl=1\" alt=\"\"\/><\/figure>\n\n\n\n<p><\/p>\n\n\n\n<p>\u0179r\u00f3d\u0142o   https:\/\/expose-news.com\/2023\/07\/04\/green-murder-we-have-a-crisis-but-its-not-a-climate-crisis\/<\/p>\n","protected":false},"excerpt":{"rendered":"<p>Green Murder: Mamy kryzys, ale nie jest to kryzys klimatyczny Autor,\u00a0RHODA WILSON \u201eMamy problem z kryzysem.\u00a0To nie kryzys klimatyczny.\u00a0To kryzys zdrowego rozs\u0105dku.\u00a0To kryzys polityki rz\u0105du.\u00a0To kryzys edukacji\u2026 Zielona polityka prowadzi do \u015bmierci ludzi\u2026 Zabijamy ludzi zielon\u0105 polityk\u0105\u201d \u2013 powiedzia\u0142 profesor&#8230; <\/p>\n","protected":false},"author":2,"featured_media":3018,"comment_status":"open","ping_status":"open","sticky":false,"template":"","format":"standard","meta":{"_acf_changed":false,"_bbp_topic_count":0,"_bbp_reply_count":0,"_bbp_total_topic_count":0,"_bbp_total_reply_count":0,"_bbp_voice_count":0,"_bbp_anonymous_reply_count":0,"_bbp_topic_count_hidden":0,"_bbp_reply_count_hidden":0,"_bbp_forum_subforum_count":0,"om_disable_all_campaigns":false,"_monsterinsights_skip_tracking":false,"footnotes":""},"categories":[93],"tags":[],"class_list":["post-3015","post","type-post","status-publish","format-standard","has-post-thumbnail","hentry","category-artykuly"],"acf":[],"aioseo_notices":[],"aioseo_head":"\n\t\t<!-- All in One SEO 5.0.1.1 - aioseo.com -->\n\t<meta name=\"description\" content=\"Green Murder: Mamy kryzys, ale nie jest to kryzys klimatyczny Autor, RHODA WILSON \u201eMamy problem z kryzysem. To nie kryzys klimatyczny. To kryzys zdrowego rozs\u0105dku. To kryzys polityki rz\u0105du. To kryzys edukacji\u2026 Zielona polityka prowadzi do \u015bmierci ludzi\u2026 Zabijamy ludzi zielon\u0105 polityk\u0105\u201d \u2013 powiedzia\u0142 profesor Ian Plimer. Ian Plimer jest australijskim geologiem i autorem. Jest emerytowanym profesorem nauk o Ziemi na Uniwersytecie\" \/>\n\t<meta name=\"robots\" content=\"max-image-preview:large\" \/>\n\t<meta name=\"author\" content=\"trinity\"\/>\n\t<link rel=\"canonical\" href=\"https:\/\/wia.net.pl\/index.php\/2023\/07\/04\/mamy-kryzys-ale-nie-jest-to-kryzys-klimatyczny\/\" \/>\n\t<meta name=\"generator\" content=\"All in One SEO (AIOSEO) 5.0.1.1\" \/>\n\t\t<meta property=\"og:locale\" content=\"pl_PL\" \/>\n\t\t<meta property=\"og:site_name\" content=\"Wolno\u015b\u0107 i Anarchia - Ka\u017cdy wewn\u0119trznie jest anarchist\u0105.\" \/>\n\t\t<meta property=\"og:type\" content=\"article\" \/>\n\t\t<meta property=\"og:title\" content=\"Mamy kryzys, ale nie jest to kryzys klimatyczny - Wolno\u015b\u0107 i Anarchia\" \/>\n\t\t<meta property=\"og:description\" content=\"Green Murder: Mamy kryzys, ale nie jest to kryzys klimatyczny Autor, RHODA WILSON \u201eMamy problem z kryzysem. To nie kryzys klimatyczny. To kryzys zdrowego rozs\u0105dku. To kryzys polityki rz\u0105du. To kryzys edukacji\u2026 Zielona polityka prowadzi do \u015bmierci ludzi\u2026 Zabijamy ludzi zielon\u0105 polityk\u0105\u201d \u2013 powiedzia\u0142 profesor Ian Plimer. Ian Plimer jest australijskim geologiem i autorem. Jest emerytowanym profesorem nauk o Ziemi na Uniwersytecie\" \/>\n\t\t<meta property=\"og:url\" content=\"https:\/\/wia.net.pl\/index.php\/2023\/07\/04\/mamy-kryzys-ale-nie-jest-to-kryzys-klimatyczny\/\" \/>\n\t\t<meta property=\"og:image\" content=\"https:\/\/wia.net.pl\/wp-content\/uploads\/2023\/11\/cropped-freedom-i73367.jpg\" \/>\n\t\t<meta property=\"og:image:secure_url\" content=\"https:\/\/wia.net.pl\/wp-content\/uploads\/2023\/11\/cropped-freedom-i73367.jpg\" \/>\n\t\t<meta property=\"article:published_time\" content=\"2023-07-04T12:53:43+00:00\" \/>\n\t\t<meta property=\"article:modified_time\" content=\"2023-07-04T12:53:43+00:00\" \/>\n\t\t<meta name=\"twitter:card\" content=\"summary_large_image\" \/>\n\t\t<meta name=\"twitter:title\" content=\"Mamy kryzys, ale nie jest to kryzys klimatyczny - Wolno\u015b\u0107 i Anarchia\" \/>\n\t\t<meta name=\"twitter:description\" content=\"Green Murder: Mamy kryzys, ale nie jest to kryzys klimatyczny Autor, RHODA WILSON \u201eMamy problem z kryzysem. To nie kryzys klimatyczny. To kryzys zdrowego rozs\u0105dku. To kryzys polityki rz\u0105du. To kryzys edukacji\u2026 Zielona polityka prowadzi do \u015bmierci ludzi\u2026 Zabijamy ludzi zielon\u0105 polityk\u0105\u201d \u2013 powiedzia\u0142 profesor Ian Plimer. Ian Plimer jest australijskim geologiem i autorem. Jest emerytowanym profesorem nauk o Ziemi na Uniwersytecie\" \/>\n\t\t<meta name=\"twitter:image\" content=\"https:\/\/wia.net.pl\/wp-content\/uploads\/2023\/11\/cropped-freedom-i73367.jpg\" \/>\n\t\t<script type=\"application\/ld+json\" class=\"aioseo-schema\">\n\t\t\t{\"@context\":\"https:\\\/\\\/schema.org\",\"@graph\":[{\"@type\":\"BlogPosting\",\"@id\":\"https:\\\/\\\/wia.net.pl\\\/index.php\\\/2023\\\/07\\\/04\\\/mamy-kryzys-ale-nie-jest-to-kryzys-klimatyczny\\\/#blogposting\",\"name\":\"Mamy kryzys, ale nie jest to kryzys klimatyczny - Wolno\\u015b\\u0107 i Anarchia\",\"headline\":\"Mamy kryzys, ale nie jest to kryzys klimatyczny\",\"author\":{\"@id\":\"https:\\\/\\\/wia.net.pl\\\/index.php\\\/author\\\/trinity\\\/#author\"},\"publisher\":{\"@id\":\"https:\\\/\\\/wia.net.pl\\\/#person\"},\"image\":{\"@type\":\"ImageObject\",\"url\":\"https:\\\/\\\/wia.net.pl\\\/wp-content\\\/uploads\\\/2023\\\/07\\\/ian-plimer-1.jpg\",\"width\":601,\"height\":477},\"datePublished\":\"2023-07-04T14:53:43+02:00\",\"dateModified\":\"2023-07-04T14:53:43+02:00\",\"inLanguage\":\"pl-PL\",\"mainEntityOfPage\":{\"@id\":\"https:\\\/\\\/wia.net.pl\\\/index.php\\\/2023\\\/07\\\/04\\\/mamy-kryzys-ale-nie-jest-to-kryzys-klimatyczny\\\/#webpage\"},\"isPartOf\":{\"@id\":\"https:\\\/\\\/wia.net.pl\\\/index.php\\\/2023\\\/07\\\/04\\\/mamy-kryzys-ale-nie-jest-to-kryzys-klimatyczny\\\/#webpage\"},\"articleSection\":\"Artyku\\u0142y\"},{\"@type\":\"BreadcrumbList\",\"@id\":\"https:\\\/\\\/wia.net.pl\\\/index.php\\\/2023\\\/07\\\/04\\\/mamy-kryzys-ale-nie-jest-to-kryzys-klimatyczny\\\/#breadcrumblist\",\"itemListElement\":[{\"@type\":\"ListItem\",\"@id\":\"https:\\\/\\\/wia.net.pl#listItem\",\"position\":1,\"name\":\"Home\",\"item\":\"https:\\\/\\\/wia.net.pl\",\"nextItem\":{\"@type\":\"ListItem\",\"@id\":\"https:\\\/\\\/wia.net.pl\\\/index.php\\\/category\\\/artykuly\\\/#listItem\",\"name\":\"Artyku\\u0142y\"}},{\"@type\":\"ListItem\",\"@id\":\"https:\\\/\\\/wia.net.pl\\\/index.php\\\/category\\\/artykuly\\\/#listItem\",\"position\":2,\"name\":\"Artyku\\u0142y\",\"item\":\"https:\\\/\\\/wia.net.pl\\\/index.php\\\/category\\\/artykuly\\\/\",\"nextItem\":{\"@type\":\"ListItem\",\"@id\":\"https:\\\/\\\/wia.net.pl\\\/index.php\\\/2023\\\/07\\\/04\\\/mamy-kryzys-ale-nie-jest-to-kryzys-klimatyczny\\\/#listItem\",\"name\":\"Mamy kryzys, ale nie jest to kryzys klimatyczny\"},\"previousItem\":{\"@type\":\"ListItem\",\"@id\":\"https:\\\/\\\/wia.net.pl#listItem\",\"name\":\"Home\"}},{\"@type\":\"ListItem\",\"@id\":\"https:\\\/\\\/wia.net.pl\\\/index.php\\\/2023\\\/07\\\/04\\\/mamy-kryzys-ale-nie-jest-to-kryzys-klimatyczny\\\/#listItem\",\"position\":3,\"name\":\"Mamy kryzys, ale nie jest to kryzys klimatyczny\",\"previousItem\":{\"@type\":\"ListItem\",\"@id\":\"https:\\\/\\\/wia.net.pl\\\/index.php\\\/category\\\/artykuly\\\/#listItem\",\"name\":\"Artyku\\u0142y\"}}]},{\"@type\":\"Person\",\"@id\":\"https:\\\/\\\/wia.net.pl\\\/#person\",\"name\":\"Bart\\u0142omiej Talarczyk\",\"image\":{\"@type\":\"ImageObject\",\"@id\":\"https:\\\/\\\/wia.net.pl\\\/index.php\\\/2023\\\/07\\\/04\\\/mamy-kryzys-ale-nie-jest-to-kryzys-klimatyczny\\\/#personImage\",\"url\":\"https:\\\/\\\/wia.net.pl\\\/wp-content\\\/uploads\\\/avatar-privacy\\\/cache\\\/user\\\/1\\\/7\\\/176a6b161c58363ff49b5c167264231f519f5c7fa183ca1f61e891769b6b56d5-96.jpg\",\"width\":96,\"height\":96,\"caption\":\"Bart\\u0142omiej Talarczyk\"}},{\"@type\":\"Person\",\"@id\":\"https:\\\/\\\/wia.net.pl\\\/index.php\\\/author\\\/trinity\\\/#author\",\"url\":\"https:\\\/\\\/wia.net.pl\\\/index.php\\\/author\\\/trinity\\\/\",\"name\":\"trinity\",\"image\":{\"@type\":\"ImageObject\",\"@id\":\"https:\\\/\\\/wia.net.pl\\\/index.php\\\/2023\\\/07\\\/04\\\/mamy-kryzys-ale-nie-jest-to-kryzys-klimatyczny\\\/#authorImage\",\"url\":\"https:\\\/\\\/wia.net.pl\\\/wp-content\\\/uploads\\\/avatar-privacy\\\/cache\\\/user\\\/5\\\/f\\\/5f6547cf82495eaa10e100a6a45d5dbde2dfdc1be88557de2018fca705bdf6f1-96.jpg\",\"width\":96,\"height\":96,\"caption\":\"trinity\"}},{\"@type\":\"WebPage\",\"@id\":\"https:\\\/\\\/wia.net.pl\\\/index.php\\\/2023\\\/07\\\/04\\\/mamy-kryzys-ale-nie-jest-to-kryzys-klimatyczny\\\/#webpage\",\"url\":\"https:\\\/\\\/wia.net.pl\\\/index.php\\\/2023\\\/07\\\/04\\\/mamy-kryzys-ale-nie-jest-to-kryzys-klimatyczny\\\/\",\"name\":\"Mamy kryzys, ale nie jest to kryzys klimatyczny - Wolno\\u015b\\u0107 i Anarchia\",\"description\":\"Green Murder: Mamy kryzys, ale nie jest to kryzys klimatyczny Autor, RHODA WILSON \\u201eMamy problem z kryzysem. To nie kryzys klimatyczny. To kryzys zdrowego rozs\\u0105dku. To kryzys polityki rz\\u0105du. To kryzys edukacji\\u2026 Zielona polityka prowadzi do \\u015bmierci ludzi\\u2026 Zabijamy ludzi zielon\\u0105 polityk\\u0105\\u201d \\u2013 powiedzia\\u0142 profesor Ian Plimer. Ian Plimer jest australijskim geologiem i autorem. Jest emerytowanym profesorem nauk o Ziemi na Uniwersytecie\",\"inLanguage\":\"pl-PL\",\"isPartOf\":{\"@id\":\"https:\\\/\\\/wia.net.pl\\\/#website\"},\"breadcrumb\":{\"@id\":\"https:\\\/\\\/wia.net.pl\\\/index.php\\\/2023\\\/07\\\/04\\\/mamy-kryzys-ale-nie-jest-to-kryzys-klimatyczny\\\/#breadcrumblist\"},\"author\":{\"@id\":\"https:\\\/\\\/wia.net.pl\\\/index.php\\\/author\\\/trinity\\\/#author\"},\"creator\":{\"@id\":\"https:\\\/\\\/wia.net.pl\\\/index.php\\\/author\\\/trinity\\\/#author\"},\"image\":{\"@type\":\"ImageObject\",\"url\":\"https:\\\/\\\/wia.net.pl\\\/wp-content\\\/uploads\\\/2023\\\/07\\\/ian-plimer-1.jpg\",\"@id\":\"https:\\\/\\\/wia.net.pl\\\/index.php\\\/2023\\\/07\\\/04\\\/mamy-kryzys-ale-nie-jest-to-kryzys-klimatyczny\\\/#mainImage\",\"width\":601,\"height\":477},\"primaryImageOfPage\":{\"@id\":\"https:\\\/\\\/wia.net.pl\\\/index.php\\\/2023\\\/07\\\/04\\\/mamy-kryzys-ale-nie-jest-to-kryzys-klimatyczny\\\/#mainImage\"},\"datePublished\":\"2023-07-04T14:53:43+02:00\",\"dateModified\":\"2023-07-04T14:53:43+02:00\"},{\"@type\":\"WebSite\",\"@id\":\"https:\\\/\\\/wia.net.pl\\\/#website\",\"url\":\"https:\\\/\\\/wia.net.pl\\\/\",\"name\":\"Wolno\\u015b\\u0107 i Anarchia\",\"description\":\"Ka\\u017cdy wewn\\u0119trznie jest anarchist\\u0105.\",\"inLanguage\":\"pl-PL\",\"publisher\":{\"@id\":\"https:\\\/\\\/wia.net.pl\\\/#person\"}}]}\n\t\t<\/script>\n\t\t<!-- All in One SEO -->\n\n","aioseo_head_json":{"title":"Mamy kryzys, ale nie jest to kryzys klimatyczny - Wolno\u015b\u0107 i Anarchia","description":"Green Murder: Mamy kryzys, ale nie jest to kryzys klimatyczny Autor, RHODA WILSON \u201eMamy problem z kryzysem. To nie kryzys klimatyczny. To kryzys zdrowego rozs\u0105dku. To kryzys polityki rz\u0105du. To kryzys edukacji\u2026 Zielona polityka prowadzi do \u015bmierci ludzi\u2026 Zabijamy ludzi zielon\u0105 polityk\u0105\u201d \u2013 powiedzia\u0142 profesor Ian Plimer. Ian Plimer jest australijskim geologiem i autorem. Jest emerytowanym profesorem nauk o Ziemi na Uniwersytecie","canonical_url":"https:\/\/wia.net.pl\/index.php\/2023\/07\/04\/mamy-kryzys-ale-nie-jest-to-kryzys-klimatyczny\/","robots":"max-image-preview:large","keywords":"","webmasterTools":{"miscellaneous":""},"schema":{"@context":"https:\/\/schema.org","@graph":[{"@type":"BlogPosting","@id":"https:\/\/wia.net.pl\/index.php\/2023\/07\/04\/mamy-kryzys-ale-nie-jest-to-kryzys-klimatyczny\/#blogposting","name":"Mamy kryzys, ale nie jest to kryzys klimatyczny - Wolno\u015b\u0107 i Anarchia","headline":"Mamy kryzys, ale nie jest to kryzys klimatyczny","author":{"@id":"https:\/\/wia.net.pl\/index.php\/author\/trinity\/#author"},"publisher":{"@id":"https:\/\/wia.net.pl\/#person"},"image":{"@type":"ImageObject","url":"https:\/\/wia.net.pl\/wp-content\/uploads\/2023\/07\/ian-plimer-1.jpg","width":601,"height":477},"datePublished":"2023-07-04T14:53:43+02:00","dateModified":"2023-07-04T14:53:43+02:00","inLanguage":"pl-PL","mainEntityOfPage":{"@id":"https:\/\/wia.net.pl\/index.php\/2023\/07\/04\/mamy-kryzys-ale-nie-jest-to-kryzys-klimatyczny\/#webpage"},"isPartOf":{"@id":"https:\/\/wia.net.pl\/index.php\/2023\/07\/04\/mamy-kryzys-ale-nie-jest-to-kryzys-klimatyczny\/#webpage"},"articleSection":"Artyku\u0142y"},{"@type":"BreadcrumbList","@id":"https:\/\/wia.net.pl\/index.php\/2023\/07\/04\/mamy-kryzys-ale-nie-jest-to-kryzys-klimatyczny\/#breadcrumblist","itemListElement":[{"@type":"ListItem","@id":"https:\/\/wia.net.pl#listItem","position":1,"name":"Home","item":"https:\/\/wia.net.pl","nextItem":{"@type":"ListItem","@id":"https:\/\/wia.net.pl\/index.php\/category\/artykuly\/#listItem","name":"Artyku\u0142y"}},{"@type":"ListItem","@id":"https:\/\/wia.net.pl\/index.php\/category\/artykuly\/#listItem","position":2,"name":"Artyku\u0142y","item":"https:\/\/wia.net.pl\/index.php\/category\/artykuly\/","nextItem":{"@type":"ListItem","@id":"https:\/\/wia.net.pl\/index.php\/2023\/07\/04\/mamy-kryzys-ale-nie-jest-to-kryzys-klimatyczny\/#listItem","name":"Mamy kryzys, ale nie jest to kryzys klimatyczny"},"previousItem":{"@type":"ListItem","@id":"https:\/\/wia.net.pl#listItem","name":"Home"}},{"@type":"ListItem","@id":"https:\/\/wia.net.pl\/index.php\/2023\/07\/04\/mamy-kryzys-ale-nie-jest-to-kryzys-klimatyczny\/#listItem","position":3,"name":"Mamy kryzys, ale nie jest to kryzys klimatyczny","previousItem":{"@type":"ListItem","@id":"https:\/\/wia.net.pl\/index.php\/category\/artykuly\/#listItem","name":"Artyku\u0142y"}}]},{"@type":"Person","@id":"https:\/\/wia.net.pl\/#person","name":"Bart\u0142omiej Talarczyk","image":{"@type":"ImageObject","@id":"https:\/\/wia.net.pl\/index.php\/2023\/07\/04\/mamy-kryzys-ale-nie-jest-to-kryzys-klimatyczny\/#personImage","url":"https:\/\/wia.net.pl\/wp-content\/uploads\/avatar-privacy\/cache\/user\/1\/7\/176a6b161c58363ff49b5c167264231f519f5c7fa183ca1f61e891769b6b56d5-96.jpg","width":96,"height":96,"caption":"Bart\u0142omiej Talarczyk"}},{"@type":"Person","@id":"https:\/\/wia.net.pl\/index.php\/author\/trinity\/#author","url":"https:\/\/wia.net.pl\/index.php\/author\/trinity\/","name":"trinity","image":{"@type":"ImageObject","@id":"https:\/\/wia.net.pl\/index.php\/2023\/07\/04\/mamy-kryzys-ale-nie-jest-to-kryzys-klimatyczny\/#authorImage","url":"https:\/\/wia.net.pl\/wp-content\/uploads\/avatar-privacy\/cache\/user\/5\/f\/5f6547cf82495eaa10e100a6a45d5dbde2dfdc1be88557de2018fca705bdf6f1-96.jpg","width":96,"height":96,"caption":"trinity"}},{"@type":"WebPage","@id":"https:\/\/wia.net.pl\/index.php\/2023\/07\/04\/mamy-kryzys-ale-nie-jest-to-kryzys-klimatyczny\/#webpage","url":"https:\/\/wia.net.pl\/index.php\/2023\/07\/04\/mamy-kryzys-ale-nie-jest-to-kryzys-klimatyczny\/","name":"Mamy kryzys, ale nie jest to kryzys klimatyczny - Wolno\u015b\u0107 i Anarchia","description":"Green Murder: Mamy kryzys, ale nie jest to kryzys klimatyczny Autor, RHODA WILSON \u201eMamy problem z kryzysem. To nie kryzys klimatyczny. To kryzys zdrowego rozs\u0105dku. To kryzys polityki rz\u0105du. To kryzys edukacji\u2026 Zielona polityka prowadzi do \u015bmierci ludzi\u2026 Zabijamy ludzi zielon\u0105 polityk\u0105\u201d \u2013 powiedzia\u0142 profesor Ian Plimer. Ian Plimer jest australijskim geologiem i autorem. Jest emerytowanym profesorem nauk o Ziemi na Uniwersytecie","inLanguage":"pl-PL","isPartOf":{"@id":"https:\/\/wia.net.pl\/#website"},"breadcrumb":{"@id":"https:\/\/wia.net.pl\/index.php\/2023\/07\/04\/mamy-kryzys-ale-nie-jest-to-kryzys-klimatyczny\/#breadcrumblist"},"author":{"@id":"https:\/\/wia.net.pl\/index.php\/author\/trinity\/#author"},"creator":{"@id":"https:\/\/wia.net.pl\/index.php\/author\/trinity\/#author"},"image":{"@type":"ImageObject","url":"https:\/\/wia.net.pl\/wp-content\/uploads\/2023\/07\/ian-plimer-1.jpg","@id":"https:\/\/wia.net.pl\/index.php\/2023\/07\/04\/mamy-kryzys-ale-nie-jest-to-kryzys-klimatyczny\/#mainImage","width":601,"height":477},"primaryImageOfPage":{"@id":"https:\/\/wia.net.pl\/index.php\/2023\/07\/04\/mamy-kryzys-ale-nie-jest-to-kryzys-klimatyczny\/#mainImage"},"datePublished":"2023-07-04T14:53:43+02:00","dateModified":"2023-07-04T14:53:43+02:00"},{"@type":"WebSite","@id":"https:\/\/wia.net.pl\/#website","url":"https:\/\/wia.net.pl\/","name":"Wolno\u015b\u0107 i Anarchia","description":"Ka\u017cdy wewn\u0119trznie jest anarchist\u0105.","inLanguage":"pl-PL","publisher":{"@id":"https:\/\/wia.net.pl\/#person"}}]},"og:locale":"pl_PL","og:site_name":"Wolno\u015b\u0107 i Anarchia - Ka\u017cdy wewn\u0119trznie jest anarchist\u0105.","og:type":"article","og:title":"Mamy kryzys, ale nie jest to kryzys klimatyczny - Wolno\u015b\u0107 i Anarchia","og:description":"Green Murder: Mamy kryzys, ale nie jest to kryzys klimatyczny Autor, RHODA WILSON \u201eMamy problem z kryzysem. To nie kryzys klimatyczny. To kryzys zdrowego rozs\u0105dku. To kryzys polityki rz\u0105du. To kryzys edukacji\u2026 Zielona polityka prowadzi do \u015bmierci ludzi\u2026 Zabijamy ludzi zielon\u0105 polityk\u0105\u201d \u2013 powiedzia\u0142 profesor Ian Plimer. Ian Plimer jest australijskim geologiem i autorem. Jest emerytowanym profesorem nauk o Ziemi na Uniwersytecie","og:url":"https:\/\/wia.net.pl\/index.php\/2023\/07\/04\/mamy-kryzys-ale-nie-jest-to-kryzys-klimatyczny\/","og:image":"https:\/\/wia.net.pl\/wp-content\/uploads\/2023\/11\/cropped-freedom-i73367.jpg","og:image:secure_url":"https:\/\/wia.net.pl\/wp-content\/uploads\/2023\/11\/cropped-freedom-i73367.jpg","article:published_time":"2023-07-04T12:53:43+00:00","article:modified_time":"2023-07-04T12:53:43+00:00","twitter:card":"summary_large_image","twitter:title":"Mamy kryzys, ale nie jest to kryzys klimatyczny - Wolno\u015b\u0107 i Anarchia","twitter:description":"Green Murder: Mamy kryzys, ale nie jest to kryzys klimatyczny Autor, RHODA WILSON \u201eMamy problem z kryzysem. To nie kryzys klimatyczny. To kryzys zdrowego rozs\u0105dku. To kryzys polityki rz\u0105du. To kryzys edukacji\u2026 Zielona polityka prowadzi do \u015bmierci ludzi\u2026 Zabijamy ludzi zielon\u0105 polityk\u0105\u201d \u2013 powiedzia\u0142 profesor Ian Plimer. Ian Plimer jest australijskim geologiem i autorem. Jest emerytowanym profesorem nauk o Ziemi na Uniwersytecie","twitter:image":"https:\/\/wia.net.pl\/wp-content\/uploads\/2023\/11\/cropped-freedom-i73367.jpg"},"aioseo_meta_data":{"post_id":"3015","title":null,"description":null,"keywords":[],"keyphrases":{"focus":{"keyphrase":"","score":0,"analysis":{"keyphraseInTitle":{"score":0,"maxScore":9,"error":1}}},"additional":[]},"primary_term":null,"canonical_url":null,"og_title":null,"og_description":null,"og_object_type":"default","og_image_type":"default","og_image_url":null,"og_image_width":null,"og_image_height":null,"og_image_custom_url":null,"og_image_custom_fields":null,"og_video":"","og_custom_url":null,"og_article_section":null,"og_article_tags":[],"twitter_use_og":false,"twitter_card":"default","twitter_image_type":"default","twitter_image_url":null,"twitter_image_custom_url":null,"twitter_image_custom_fields":null,"twitter_title":null,"twitter_description":null,"schema":{"blockGraphs":[],"customGraphs":[],"default":{"data":{"Article":[],"Course":[],"Dataset":[],"FAQPage":[],"Movie":[],"Person":[],"Product":[],"ProductReview":[],"Car":[],"Recipe":[],"Service":[],"SoftwareApplication":[],"WebPage":[]},"graphName":"BlogPosting","isEnabled":true},"graphs":[]},"schema_type":"default","schema_type_options":null,"pillar_content":false,"robots_default":true,"robots_noindex":false,"robots_noarchive":false,"robots_nosnippet":false,"robots_nofollow":false,"robots_noimageindex":false,"robots_noodp":false,"robots_notranslate":false,"robots_max_snippet":"-1","robots_max_videopreview":"-1","robots_max_imagepreview":"large","priority":null,"frequency":"default","local_seo":null,"breadcrumb_settings":null,"limit_modified_date":false,"ai":null,"created":"2023-07-04 12:53:43","updated":"2025-06-04 08:35:56","seo_analyzer_scan_date":null,"focus_keyword":null,"additional_keywords":null,"truseo_locale":null},"aioseo_breadcrumb":"<div class=\"aioseo-breadcrumbs\"><span class=\"aioseo-breadcrumb\">\n\t\t\t<a href=\"https:\/\/wia.net.pl\" title=\"Home\">Home<\/a>\n\t\t<\/span><span class=\"aioseo-breadcrumb-separator\">&raquo;<\/span><span class=\"aioseo-breadcrumb\">\n\t\t\t<a href=\"https:\/\/wia.net.pl\/index.php\/category\/artykuly\/\" title=\"Artyku\u0142y\">Artyku\u0142y<\/a>\n\t\t<\/span><span class=\"aioseo-breadcrumb-separator\">&raquo;<\/span><span class=\"aioseo-breadcrumb\">\n\t\t\tMamy kryzys, ale nie jest to kryzys klimatyczny\n\t\t<\/span><\/div>","aioseo_breadcrumb_json":[{"label":"Home","link":"https:\/\/wia.net.pl"},{"label":"Artyku\u0142y","link":"https:\/\/wia.net.pl\/index.php\/category\/artykuly\/"},{"label":"Mamy kryzys, ale nie jest to kryzys klimatyczny","link":"https:\/\/wia.net.pl\/index.php\/2023\/07\/04\/mamy-kryzys-ale-nie-jest-to-kryzys-klimatyczny\/"}],"_links":{"self":[{"href":"https:\/\/wia.net.pl\/index.php\/wp-json\/wp\/v2\/posts\/3015"}],"collection":[{"href":"https:\/\/wia.net.pl\/index.php\/wp-json\/wp\/v2\/posts"}],"about":[{"href":"https:\/\/wia.net.pl\/index.php\/wp-json\/wp\/v2\/types\/post"}],"author":[{"embeddable":true,"href":"https:\/\/wia.net.pl\/index.php\/wp-json\/wp\/v2\/users\/2"}],"replies":[{"embeddable":true,"href":"https:\/\/wia.net.pl\/index.php\/wp-json\/wp\/v2\/comments?post=3015"}],"version-history":[{"count":1,"href":"https:\/\/wia.net.pl\/index.php\/wp-json\/wp\/v2\/posts\/3015\/revisions"}],"predecessor-version":[{"id":3019,"href":"https:\/\/wia.net.pl\/index.php\/wp-json\/wp\/v2\/posts\/3015\/revisions\/3019"}],"wp:featuredmedia":[{"embeddable":true,"href":"https:\/\/wia.net.pl\/index.php\/wp-json\/wp\/v2\/media\/3018"}],"wp:attachment":[{"href":"https:\/\/wia.net.pl\/index.php\/wp-json\/wp\/v2\/media?parent=3015"}],"wp:term":[{"taxonomy":"category","embeddable":true,"href":"https:\/\/wia.net.pl\/index.php\/wp-json\/wp\/v2\/categories?post=3015"},{"taxonomy":"post_tag","embeddable":true,"href":"https:\/\/wia.net.pl\/index.php\/wp-json\/wp\/v2\/tags?post=3015"}],"curies":[{"name":"wp","href":"https:\/\/api.w.org\/{rel}","templated":true}]}}