{"id":3037,"date":"2023-07-04T16:23:19","date_gmt":"2023-07-04T14:23:19","guid":{"rendered":"https:\/\/wia.net.pl\/?p=3037"},"modified":"2023-07-04T16:23:20","modified_gmt":"2023-07-04T14:23:20","slug":"panstwo-policyjne-macrona","status":"publish","type":"post","link":"https:\/\/wia.net.pl\/index.php\/2023\/07\/04\/panstwo-policyjne-macrona\/","title":{"rendered":"Pa\u0144stwo policyjne Macrona"},"content":{"rendered":"\n<p><strong>Pa\u0144stwo policyjne Macrona rozpoczyna brutaln\u0105 rozpraw\u0119 z francuskimi demonstrantami<\/strong><\/p>\n\n\n\n<p>Autor, <a href=\"https:\/\/www.wsws.org\/en\/authors\/Samuel-Tissot\">Samuel Tissot<\/a><\/p>\n\n\n\n<p>Starcia mi\u0119dzy demonstrantami a policj\u0105 trwa\u0142y w ca\u0142ej Francji w weekend po zab\u00f3jstwie przez policj\u0119 17-letniego Nahela M. na paryskich przedmie\u015bciach Nanterre w ubieg\u0142y wtorek.\u00a0W niedziel\u0119 wieczorem prezydent Emmanuel Macron zwo\u0142a\u0142 nadzwyczajne posiedzenie gabinetu w odpowiedzi na trwaj\u0105cy kryzys.<\/p>\n\n\n\n<p><\/p>\n\n\n\n<figure class=\"wp-block-image\"><img decoding=\"async\" src=\"https:\/\/www.wsws.org\/asset\/fc1ead4c-0872-4413-a397-a08839df6ffb?rendition=image1280\" alt=\"\"\/><figcaption class=\"wp-element-caption\">Patrol policji przed \u0141ukiem Triumfalnym na Polach Elizejskich w Pary\u017cu, sobota, 1 lipca 2023 r.&nbsp;[AP Photo\/Christophe Ena]<\/figcaption><\/figure>\n\n\n\n<p>Nie tylko zab\u00f3jstwo, ale tak\u017ce pr\u00f3ba zatuszowania morderstwa przez funkcjonariuszy w obronie w\u0142asnej \u2013 zanim nagranie wideo z incydentu pokaza\u0142o, \u017ce zastrzelili m\u0142odzie\u0144ca z bliskiej odleg\u0142o\u015bci bez zagro\u017cenia \u017cycia \u2013 doprowadzi\u0142o do masowego protestu gniewu we Francji i na \u015bwiecie.<\/p>\n\n\n\n<p>W sobot\u0119 w Nanterre odby\u0142 si\u0119 pogrzeb Nahela, w kt\u00f3rym uczestniczy\u0142y tysi\u0105ce pokojowych demonstrant\u00f3w.<\/p>\n\n\n\n<p>W wyniku gwa\u0142townych star\u0107 we Francji w pi\u0105tek wieczorem aresztowano 1300 os\u00f3b, a w sobot\u0119 wieczorem kolejnych 719.&nbsp;Ta rozprawa nast\u0105pi\u0142a po aresztowaniu tysi\u0119cy przez francusk\u0105 policj\u0119 podczas antydemokratycznej realizacji przez Macrona obni\u017cki emerytur tej wiosny.<\/p>\n\n\n\n<p><\/p>\n\n\n\n<p>G\u0142\u00f3wne francuskie miasta zosta\u0142y obl\u0119\u017cone przez silnie uzbrojon\u0105 policj\u0119 wyposa\u017con\u0105 w helikoptery, samochody opancerzone i bro\u0144 paln\u0105 do zwalczania zamieszek.&nbsp;W pi\u0105tek, sobot\u0119 i niedziel\u0119 wieczorem 45 000 policjant\u00f3w zosta\u0142o zmobilizowanych w ca\u0142ym kraju, a dodatkowe 7 000 wys\u0142ano ka\u017cdej nocy do Pary\u017ca jako posi\u0142ki.<\/p>\n\n\n\n<p>W weekend do Marsylii i Lyonu wys\u0142ano wyspecjalizowane jednostki RAID, kt\u00f3re okupuj\u0105 dzielnice z samochodami opancerzonymi.&nbsp;Rozlokowano te\u017c nies\u0142awne jednostki BRAV-M, kt\u00f3re w kwietniu prowokowa\u0142y i terroryzowa\u0142y demonstrant\u00f3w w Pary\u017cu podczas protest\u00f3w przeciwko reformie emerytalnej Macrona.<\/p>\n\n\n\n<p><\/p>\n\n\n\n<p>Pomimo wysi\u0142k\u00f3w rz\u0105du Macrona, by ocenzurowa\u0107 dowody policyjnej przemocy w mediach spo\u0142eczno\u015bciowych, filmy pokazuj\u0105 brutalne oskar\u017cenia policji wobec w wi\u0119kszo\u015bci bezbronnych demonstrant\u00f3w.&nbsp;Inne filmy pokazuj\u0105 wysi\u0142ki policji, aby uniemo\u017cliwi\u0107 dziennikarzom nagrywanie star\u0107.<\/p>\n\n\n\n<p><\/p>\n\n\n\n<p>W wielu francuskich miastach dosz\u0142o do zaciek\u0142ych bitew mi\u0119dzy gliniarzami a g\u0142\u00f3wnie m\u0142odymi demonstrantami.&nbsp;W miastach Nemours, Pau i Combs-la-Ville podpalono komisariaty policji.&nbsp;Budynki publiczne w ca\u0142ym Pary\u017cu, Marsylii i Lille zosta\u0142y podpalone.&nbsp;Na p\u00f3\u0142nocnych przedmie\u015bciach Pary\u017ca, Aubervilliers, sp\u0142on\u0105\u0142 dworzec autobusowy, zniszczono 12 autobus\u00f3w.&nbsp;Grupy w Lyonie dokona\u0142y nalotu na policyjny pojazd przewo\u017c\u0105cy bro\u0144 i ostr\u0105 amunicj\u0119, kt\u00f3rych jeszcze nie odzyskano.<\/p>\n\n\n\n<p>W pi\u0105tek i sobot\u0119 wieczorem tramwaje i autobusy w ca\u0142ej Francji zosta\u0142y odwo\u0142ane od godziny 21:00 na polecenie ministra spraw wewn\u0119trznych G\u00e9ralda Darmanina.&nbsp;Zosta\u0142o to rozszerzone na us\u0142ugi paryskiego metra w niedziel\u0119.&nbsp;W weekend w Lille, Marsylii i Lyonie odwo\u0142ano transport publiczny, a od p\u00f3\u017anego popo\u0142udnia zakazano spotka\u0144 w grupach.&nbsp;Podobne \u015brodki podj\u0119to w mniejszych miejscowo\u015bciach na ca\u0142ym terytorium, w kt\u00f3rych dosz\u0142o do star\u0107 na pocz\u0105tku tygodnia.<\/p>\n\n\n\n<p>Gniew przeciwko represjom policyjnym i warunkom socjalnym rozprzestrzeni\u0142 si\u0119 na Belgi\u0119 i Szwajcari\u0119.&nbsp;W szwajcarskim mie\u015bcie Lozanna aresztowano w sobot\u0119 wieczorem siedem os\u00f3b.&nbsp;Na francuskich terytoriach zamorskich Reunion i Gujanie Francuskiej r\u00f3wnie\u017c dosz\u0142o do znacz\u0105cych star\u0107.&nbsp;Odzwierciedlaj\u0105c mi\u0119dzynarodowe zdenerwowanie sytuacj\u0105 we Francji, kanclerz Niemiec Olaf Scholz stwierdzi\u0142, \u017ce \u201eobserwuje z niepokojem\u201d.<\/p>\n\n\n\n<p>Jeden incydent, kt\u00f3ry daje wgl\u0105d w powszechn\u0105 nienawi\u015b\u0107 francuskich kapitalistycznych polityk\u00f3w, mia\u0142 miejsce w ma\u0142ym miasteczku L&#8217;Ha\u00ff-Les-Roses, gdzie p\u0142on\u0105cy samoch\u00f3d zosta\u0142 wepchni\u0119ty na podjazd lokalnego burmistrza, cz\u0142onka prawicowej Les R\u00e9publicains partia polityczna.&nbsp;Francuska premier Elisabeth Borne rzuci\u0142a si\u0119 na miejsce zdarzenia i publicznie zapewni\u0142a urz\u0119dnik\u00f3w, \u017ce rz\u0105d i policja b\u0119d\u0105 ich chroni\u0107 przed wyborcami.<\/p>\n\n\n\n<p>Rz\u0105d Macrona podj\u0105\u0142 znaczne wysi\u0142ki, aby zaprzeczy\u0107 jawnie politycznemu charakterowi tych protest\u00f3w, kt\u00f3re wynikaj\u0105 bezpo\u015brednio z walki o obni\u017cki emerytur.&nbsp;W sobot\u0119 Macron stwierdzi\u0142: \u201eWidzieli\u015bmy brutalne zgromadzenia organizowane na kilku [platformach medi\u00f3w spo\u0142eczno\u015bciowych] \u2013 ale tak\u017ce rodzaj na\u015bladowania przemocy\u2026 \u017cyj\u0105c w grach wideo, kt\u00f3re ich odurzy\u0142y\u201d.<\/p>\n\n\n\n<p>To przypomina o\u015bwiadczenie Macrona podczas protest\u00f3w \u017b\u00f3\u0142tych Kamizelek, kiedy obwinia\u0142 Facebooka za masowy sprzeciw wobec jego prezydentury.<\/p>\n\n\n\n<p>Rzecznik rz\u0105du Olivier V\u00e9ran pr\u00f3bowa\u0142 p\u00f3\u017aniej przedstawi\u0107 protesty jako dzie\u0142o apolitycznych i zatwardzia\u0142ych przest\u0119pc\u00f3w: \u201eNie ma tu \u017cadnego przes\u0142ania politycznego.&nbsp;Kiedy pl\u0105drujesz sklep Foot Locker, Lacoste lub Sephora, nie ma \u017cadnego przes\u0142ania politycznego.&nbsp;To grabie\u017c.<a href=\"https:\/\/www.wsws.org\/en\/special\/pages\/donate.html?utm_source=wsws&amp;utm_medium=article&amp;utm_campaign=wsws25&amp;utm_term=in-article-ad\">Przeka\u017c darowizn\u0119 na Fundusz 25-letni WSWSObejrzyj film, na kt\u00f3rym pracownicy z ca\u0142ego \u015bwiata wyja\u015bniaj\u0105, dlaczego warto przekaza\u0107 darowizn\u0119 na rzecz WSWS.PRZEKA\u017b DAROWIZN\u0118 JU\u017b DZI\u015a<\/a><\/p>\n\n\n\n<p>Je\u015bli m\u0142odzi ludzie we Francji czuj\u0105, \u017ce musz\u0105 ucieka\u0107 si\u0119 do przemocy, aby wyrazi\u0107 swoje niezadowolenie, to nie jest to spowodowane mediami spo\u0142eczno\u015bciowymi czy grami wideo, ale przera\u017caj\u0105cymi warunkami spo\u0142ecznymi, w jakich \u017cyj\u0105 i brakiem alternatyw politycznych oferowanych przez ugruntowane partie polityczne.&nbsp;Na przedmie\u015bciach Pary\u017ca, Lyonu i Marsylii, gdzie skoncentrowa\u0142y si\u0119 najbardziej gwa\u0142towne starcia, bieda i bezrobocie s\u0105 powszechne.<\/p>\n\n\n\n<p>Rzeczywisto\u015b\u0107, z jak\u0105 mierzy si\u0119 m\u0142odzie\u017c na obszarach robotniczych, to sytuacja bez pracy, bez dost\u0119pu do wysokiej jako\u015bci edukacji i pod ci\u0105g\u0142ym n\u0119kaniem \u2013 je\u015bli nie \u015bmiertelnym zagro\u017ceniem, jak w przypadku Nahela \u2013 ze strony gliniarzy.&nbsp;Jak pokaza\u0142a ich zdradziecka rola w walce przeciwko reformie emerytalnej, partie pseudolewicowe i biurokracje zwi\u0105zkowe, kt\u00f3re twierdz\u0105, \u017ce sprzeciwiaj\u0105 si\u0119 Macronowi, nie sprzeciwiaj\u0105 si\u0119 systemowi kapitalistycznemu, kt\u00f3ry skaza\u0142 tych m\u0142odych m\u0119\u017cczyzn i kobiety na \u017cycie w ub\u00f3stwie.<\/p>\n\n\n\n<p>Masowe aresztowania w weekend nast\u0105pi\u0142y po opublikowaniu w pi\u0105tek faszystowskiego wsp\u00f3lnego o\u015bwiadczenia policyjnych zwi\u0105zk\u00f3w zawodowych, w kt\u00f3rym o\u015bwiadczono, \u017ce \u201ejeste\u015bmy w stanie wojny\u201d i gro\u017cono \u201eusuni\u0119ciem z akcji tych, kt\u00f3rych aresztujemy\u201d.&nbsp;We wsp\u00f3lnym komunikacie kontynuowano: \u201eW obliczu tych dzikich hord proszenie o spok\u00f3j ju\u017c nie wystarcza, musimy go narzuci\u0107.&nbsp;\u2026 [nadszed\u0142 czas] na walk\u0119 z tym robactwem\u201d.<\/p>\n\n\n\n<p>Znaczna cz\u0119\u015b\u0107 francuskiej klasy politycznej w pe\u0142ni solidaryzowa\u0142a si\u0119 z policyjn\u0105 \u201ewojn\u0105\u201d przeciwko \u201erobactwu\u201d i za\u017c\u0105da\u0142a jeszcze ostrzejszej reakcji.&nbsp;W niedzielnym przem\u00f3wieniu wideo skrajnie prawicowa liderka Marine Le Pen skrytykowa\u0142a \u201eanarchi\u0119\u201d we Francji i wezwa\u0142a w\u0142adze do og\u0142oszenia stanu wyj\u0105tkowego lub godziny policyjnej.&nbsp;Lider konserwatywnej partii Les R\u00e9publicains Eric Ciotti stwierdzi\u0142: \u201eZ ca\u0142ych si\u0142 wspieram policj\u0119, \u017candarm\u00f3w i tych, kt\u00f3rzy nimi dowodz\u0105\u201d.<\/p>\n\n\n\n<p>Obaj pot\u0119pili Jeana Luca M\u00e9lenchona, przyw\u00f3dc\u0119 pseudolewicowego sojuszu NUPES.&nbsp;Ciotti nazwa\u0142 go \u201ezagro\u017ceniem dla republiki\u201d, poniewa\u017c M\u00e9lenchon opisa\u0142 policj\u0119 jako \u201eniekontrolowan\u0105\u201d, co by\u0142o ogromnym niedopowiedzeniem po miesi\u0105cach brutalnych represji wobec pokojowych protest\u00f3w i pr\u00f3bie zatuszowania brutalnego zab\u00f3jstwa 17-letniego ch\u0142opca.<\/p>\n\n\n\n<p>M\u00e9lenchon nie jest zagro\u017ceniem dla kapitalistycznej Pi\u0105tej Republiki, kt\u00f3r\u0105 wspiera\u0142 podczas kryzysu wyborczego w 2022 roku i walki z reform\u0105 emerytaln\u0105 Macrona.&nbsp;Reprezentuje skrzyd\u0142o bur\u017cuazji obawiaj\u0105ce si\u0119 reakcji spo\u0142ecznej, jak\u0105 mo\u017ce sprowokowa\u0107 bezczelna przest\u0119pczo\u015b\u0107 policji i jej politycznych sponsor\u00f3w, pozostaj\u0105c jednocze\u015bnie organicznie wrogo nastawionym do spo\u0142ecznych aspiracji klasy robotniczej.<\/p>\n\n\n\n<p>Jego odpowiedzi\u0105 na kryzys nie by\u0142o wezwanie do obalenia rz\u0105du Macrona i jego pa\u0144stwa policyjnego, ale przedstawienie bezz\u0119bnej \u201edeklaracji nadzwyczajnej\u201d, kt\u00f3rej g\u0142\u00f3wnymi \u017c\u0105daniami s\u0105 lepsze szkolenie policji i utworzenie szeregu niezale\u017cnych organ\u00f3w nadzorczych prowizje.&nbsp;Absurdalny pogl\u0105d, \u017ce niezwykle brutalna si\u0142a policjant\u00f3w, kt\u00f3rzy og\u0142aszaj\u0105 \u201ewojn\u0119\u201d z \u201erobactwem\u201d, mo\u017ce zosta\u0107 \u201ezreformowana\u201d, jest kolejnym przyk\u0142adem politycznego bankructwa francuskiej pseudolewicy.<\/p>\n\n\n\n<p>Nast\u0119pstwa protest\u00f3w George&#8217;a Floyda, podczas kt\u00f3rych Partia Demokratyczna Stan\u00f3w Zjednoczonych solidaryzowa\u0142a si\u0119 z protestuj\u0105cymi przeciwko przemocy policyjnej tylko po to, by po obj\u0119ciu urz\u0119du przez Bidena znacznie zwi\u0119kszy\u0107 finansowanie i militaryzacj\u0119 policji, powinny by\u0107 ostrze\u017ceniem dla francuskiej ludno\u015bci, \u017ce ani M\u00e9lenchon, ani ka\u017cdy inny bur\u017cuazyjny polityk rozpocznie walk\u0119 z policj\u0105 lub systemem kapitalistycznym, kt\u00f3rego broni\u0105.<\/p>\n\n\n\n<p>Parti de l&#8217;\u00e9galit\u00e9 socialiste\u00a0<a href=\"https:\/\/www.wsws.org\/en\/articles\/2023\/07\/01\/mcrf-j01.html\">wzywa<\/a>\u00a0do budowy szeregowych komitet\u00f3w niezale\u017cnych od partii pseudolewicowych i pro-Macronowskiej biurokracji zwi\u0105zkowej.\u00a0Tylko masowa mobilizacja francuskiej i europejskiej klasy robotniczej mo\u017ce obroni\u0107 robotnik\u00f3w i m\u0142odzie\u017c przed policyjn\u0105 przemoc\u0105 i obali\u0107 znienawidzony rz\u0105d Macrona.<\/p>\n\n\n\n<p>\u0179r\u00f3d\u0142o   https:\/\/www.wsws.org\/en\/articles\/2023\/07\/03\/fran-j03.html<\/p>\n","protected":false},"excerpt":{"rendered":"<p>Pa\u0144stwo policyjne Macrona rozpoczyna brutaln\u0105 rozpraw\u0119 z francuskimi demonstrantami Autor, Samuel Tissot Starcia mi\u0119dzy demonstrantami a policj\u0105 trwa\u0142y w ca\u0142ej Francji w weekend po zab\u00f3jstwie przez policj\u0119 17-letniego Nahela M. na paryskich przedmie\u015bciach Nanterre w ubieg\u0142y wtorek.\u00a0W niedziel\u0119 wieczorem prezydent&#8230; <\/p>\n","protected":false},"author":2,"featured_media":3038,"comment_status":"open","ping_status":"open","sticky":false,"template":"","format":"standard","meta":{"_acf_changed":false,"_bbp_topic_count":0,"_bbp_reply_count":0,"_bbp_total_topic_count":0,"_bbp_total_reply_count":0,"_bbp_voice_count":0,"_bbp_anonymous_reply_count":0,"_bbp_topic_count_hidden":0,"_bbp_reply_count_hidden":0,"_bbp_forum_subforum_count":0,"om_disable_all_campaigns":false,"_monsterinsights_skip_tracking":false,"footnotes":""},"categories":[93],"tags":[],"class_list":["post-3037","post","type-post","status-publish","format-standard","has-post-thumbnail","hentry","category-artykuly"],"acf":[],"aioseo_notices":[],"aioseo_head":"\n\t\t<!-- All in One SEO 5.0.1.1 - aioseo.com -->\n\t<meta name=\"description\" content=\"Pa\u0144stwo policyjne Macrona rozpoczyna brutaln\u0105 rozpraw\u0119 z francuskimi demonstrantami Autor, Samuel Tissot Starcia mi\u0119dzy demonstrantami a policj\u0105 trwa\u0142y w ca\u0142ej Francji w weekend po zab\u00f3jstwie przez policj\u0119 17-letniego Nahela M. na paryskich przedmie\u015bciach Nanterre w ubieg\u0142y wtorek. W niedziel\u0119 wieczorem prezydent Emmanuel Macron zwo\u0142a\u0142 nadzwyczajne posiedzenie gabinetu w odpowiedzi na trwaj\u0105cy kryzys. Nie tylko zab\u00f3jstwo, ale\" \/>\n\t<meta name=\"robots\" content=\"max-image-preview:large\" \/>\n\t<meta name=\"author\" content=\"trinity\"\/>\n\t<link rel=\"canonical\" href=\"https:\/\/wia.net.pl\/index.php\/2023\/07\/04\/panstwo-policyjne-macrona\/\" \/>\n\t<meta name=\"generator\" content=\"All in One SEO (AIOSEO) 5.0.1.1\" \/>\n\t\t<meta property=\"og:locale\" content=\"pl_PL\" \/>\n\t\t<meta property=\"og:site_name\" content=\"Wolno\u015b\u0107 i Anarchia - Ka\u017cdy wewn\u0119trznie jest anarchist\u0105.\" \/>\n\t\t<meta property=\"og:type\" content=\"article\" \/>\n\t\t<meta property=\"og:title\" content=\"Pa\u0144stwo policyjne Macrona - Wolno\u015b\u0107 i Anarchia\" \/>\n\t\t<meta property=\"og:description\" content=\"Pa\u0144stwo policyjne Macrona rozpoczyna brutaln\u0105 rozpraw\u0119 z francuskimi demonstrantami Autor, Samuel Tissot Starcia mi\u0119dzy demonstrantami a policj\u0105 trwa\u0142y w ca\u0142ej Francji w weekend po zab\u00f3jstwie przez policj\u0119 17-letniego Nahela M. na paryskich przedmie\u015bciach Nanterre w ubieg\u0142y wtorek. W niedziel\u0119 wieczorem prezydent Emmanuel Macron zwo\u0142a\u0142 nadzwyczajne posiedzenie gabinetu w odpowiedzi na trwaj\u0105cy kryzys. Nie tylko zab\u00f3jstwo, ale\" \/>\n\t\t<meta property=\"og:url\" content=\"https:\/\/wia.net.pl\/index.php\/2023\/07\/04\/panstwo-policyjne-macrona\/\" \/>\n\t\t<meta property=\"og:image\" content=\"https:\/\/wia.net.pl\/wp-content\/uploads\/2023\/11\/cropped-freedom-i73367.jpg\" \/>\n\t\t<meta property=\"og:image:secure_url\" content=\"https:\/\/wia.net.pl\/wp-content\/uploads\/2023\/11\/cropped-freedom-i73367.jpg\" \/>\n\t\t<meta property=\"article:published_time\" content=\"2023-07-04T14:23:19+00:00\" \/>\n\t\t<meta property=\"article:modified_time\" content=\"2023-07-04T14:23:20+00:00\" \/>\n\t\t<meta name=\"twitter:card\" content=\"summary_large_image\" \/>\n\t\t<meta name=\"twitter:title\" content=\"Pa\u0144stwo policyjne Macrona - Wolno\u015b\u0107 i Anarchia\" \/>\n\t\t<meta name=\"twitter:description\" content=\"Pa\u0144stwo policyjne Macrona rozpoczyna brutaln\u0105 rozpraw\u0119 z francuskimi demonstrantami Autor, Samuel Tissot Starcia mi\u0119dzy demonstrantami a policj\u0105 trwa\u0142y w ca\u0142ej Francji w weekend po zab\u00f3jstwie przez policj\u0119 17-letniego Nahela M. na paryskich przedmie\u015bciach Nanterre w ubieg\u0142y wtorek. W niedziel\u0119 wieczorem prezydent Emmanuel Macron zwo\u0142a\u0142 nadzwyczajne posiedzenie gabinetu w odpowiedzi na trwaj\u0105cy kryzys. Nie tylko zab\u00f3jstwo, ale\" \/>\n\t\t<meta name=\"twitter:image\" content=\"https:\/\/wia.net.pl\/wp-content\/uploads\/2023\/11\/cropped-freedom-i73367.jpg\" \/>\n\t\t<script type=\"application\/ld+json\" class=\"aioseo-schema\">\n\t\t\t{\"@context\":\"https:\\\/\\\/schema.org\",\"@graph\":[{\"@type\":\"BlogPosting\",\"@id\":\"https:\\\/\\\/wia.net.pl\\\/index.php\\\/2023\\\/07\\\/04\\\/panstwo-policyjne-macrona\\\/#blogposting\",\"name\":\"Pa\\u0144stwo policyjne Macrona - Wolno\\u015b\\u0107 i Anarchia\",\"headline\":\"Pa\\u0144stwo policyjne Macrona\",\"author\":{\"@id\":\"https:\\\/\\\/wia.net.pl\\\/index.php\\\/author\\\/trinity\\\/#author\"},\"publisher\":{\"@id\":\"https:\\\/\\\/wia.net.pl\\\/#person\"},\"image\":{\"@type\":\"ImageObject\",\"url\":\"https:\\\/\\\/wia.net.pl\\\/wp-content\\\/uploads\\\/2023\\\/07\\\/3b7e45ca4a94f46df4c2026b9f9656c6fd2f2df7.jpg\",\"width\":1280,\"height\":719},\"datePublished\":\"2023-07-04T16:23:19+02:00\",\"dateModified\":\"2023-07-04T16:23:20+02:00\",\"inLanguage\":\"pl-PL\",\"mainEntityOfPage\":{\"@id\":\"https:\\\/\\\/wia.net.pl\\\/index.php\\\/2023\\\/07\\\/04\\\/panstwo-policyjne-macrona\\\/#webpage\"},\"isPartOf\":{\"@id\":\"https:\\\/\\\/wia.net.pl\\\/index.php\\\/2023\\\/07\\\/04\\\/panstwo-policyjne-macrona\\\/#webpage\"},\"articleSection\":\"Artyku\\u0142y\"},{\"@type\":\"BreadcrumbList\",\"@id\":\"https:\\\/\\\/wia.net.pl\\\/index.php\\\/2023\\\/07\\\/04\\\/panstwo-policyjne-macrona\\\/#breadcrumblist\",\"itemListElement\":[{\"@type\":\"ListItem\",\"@id\":\"https:\\\/\\\/wia.net.pl#listItem\",\"position\":1,\"name\":\"Home\",\"item\":\"https:\\\/\\\/wia.net.pl\",\"nextItem\":{\"@type\":\"ListItem\",\"@id\":\"https:\\\/\\\/wia.net.pl\\\/index.php\\\/category\\\/artykuly\\\/#listItem\",\"name\":\"Artyku\\u0142y\"}},{\"@type\":\"ListItem\",\"@id\":\"https:\\\/\\\/wia.net.pl\\\/index.php\\\/category\\\/artykuly\\\/#listItem\",\"position\":2,\"name\":\"Artyku\\u0142y\",\"item\":\"https:\\\/\\\/wia.net.pl\\\/index.php\\\/category\\\/artykuly\\\/\",\"nextItem\":{\"@type\":\"ListItem\",\"@id\":\"https:\\\/\\\/wia.net.pl\\\/index.php\\\/2023\\\/07\\\/04\\\/panstwo-policyjne-macrona\\\/#listItem\",\"name\":\"Pa\\u0144stwo policyjne Macrona\"},\"previousItem\":{\"@type\":\"ListItem\",\"@id\":\"https:\\\/\\\/wia.net.pl#listItem\",\"name\":\"Home\"}},{\"@type\":\"ListItem\",\"@id\":\"https:\\\/\\\/wia.net.pl\\\/index.php\\\/2023\\\/07\\\/04\\\/panstwo-policyjne-macrona\\\/#listItem\",\"position\":3,\"name\":\"Pa\\u0144stwo policyjne Macrona\",\"previousItem\":{\"@type\":\"ListItem\",\"@id\":\"https:\\\/\\\/wia.net.pl\\\/index.php\\\/category\\\/artykuly\\\/#listItem\",\"name\":\"Artyku\\u0142y\"}}]},{\"@type\":\"Person\",\"@id\":\"https:\\\/\\\/wia.net.pl\\\/#person\",\"name\":\"Bart\\u0142omiej Talarczyk\",\"image\":{\"@type\":\"ImageObject\",\"@id\":\"https:\\\/\\\/wia.net.pl\\\/index.php\\\/2023\\\/07\\\/04\\\/panstwo-policyjne-macrona\\\/#personImage\",\"url\":\"https:\\\/\\\/wia.net.pl\\\/wp-content\\\/uploads\\\/avatar-privacy\\\/cache\\\/user\\\/1\\\/7\\\/176a6b161c58363ff49b5c167264231f519f5c7fa183ca1f61e891769b6b56d5-96.jpg\",\"width\":96,\"height\":96,\"caption\":\"Bart\\u0142omiej Talarczyk\"}},{\"@type\":\"Person\",\"@id\":\"https:\\\/\\\/wia.net.pl\\\/index.php\\\/author\\\/trinity\\\/#author\",\"url\":\"https:\\\/\\\/wia.net.pl\\\/index.php\\\/author\\\/trinity\\\/\",\"name\":\"trinity\",\"image\":{\"@type\":\"ImageObject\",\"@id\":\"https:\\\/\\\/wia.net.pl\\\/index.php\\\/2023\\\/07\\\/04\\\/panstwo-policyjne-macrona\\\/#authorImage\",\"url\":\"https:\\\/\\\/wia.net.pl\\\/wp-content\\\/uploads\\\/avatar-privacy\\\/cache\\\/user\\\/5\\\/f\\\/5f6547cf82495eaa10e100a6a45d5dbde2dfdc1be88557de2018fca705bdf6f1-96.jpg\",\"width\":96,\"height\":96,\"caption\":\"trinity\"}},{\"@type\":\"WebPage\",\"@id\":\"https:\\\/\\\/wia.net.pl\\\/index.php\\\/2023\\\/07\\\/04\\\/panstwo-policyjne-macrona\\\/#webpage\",\"url\":\"https:\\\/\\\/wia.net.pl\\\/index.php\\\/2023\\\/07\\\/04\\\/panstwo-policyjne-macrona\\\/\",\"name\":\"Pa\\u0144stwo policyjne Macrona - Wolno\\u015b\\u0107 i Anarchia\",\"description\":\"Pa\\u0144stwo policyjne Macrona rozpoczyna brutaln\\u0105 rozpraw\\u0119 z francuskimi demonstrantami Autor, Samuel Tissot Starcia mi\\u0119dzy demonstrantami a policj\\u0105 trwa\\u0142y w ca\\u0142ej Francji w weekend po zab\\u00f3jstwie przez policj\\u0119 17-letniego Nahela M. na paryskich przedmie\\u015bciach Nanterre w ubieg\\u0142y wtorek. W niedziel\\u0119 wieczorem prezydent Emmanuel Macron zwo\\u0142a\\u0142 nadzwyczajne posiedzenie gabinetu w odpowiedzi na trwaj\\u0105cy kryzys. Nie tylko zab\\u00f3jstwo, ale\",\"inLanguage\":\"pl-PL\",\"isPartOf\":{\"@id\":\"https:\\\/\\\/wia.net.pl\\\/#website\"},\"breadcrumb\":{\"@id\":\"https:\\\/\\\/wia.net.pl\\\/index.php\\\/2023\\\/07\\\/04\\\/panstwo-policyjne-macrona\\\/#breadcrumblist\"},\"author\":{\"@id\":\"https:\\\/\\\/wia.net.pl\\\/index.php\\\/author\\\/trinity\\\/#author\"},\"creator\":{\"@id\":\"https:\\\/\\\/wia.net.pl\\\/index.php\\\/author\\\/trinity\\\/#author\"},\"image\":{\"@type\":\"ImageObject\",\"url\":\"https:\\\/\\\/wia.net.pl\\\/wp-content\\\/uploads\\\/2023\\\/07\\\/3b7e45ca4a94f46df4c2026b9f9656c6fd2f2df7.jpg\",\"@id\":\"https:\\\/\\\/wia.net.pl\\\/index.php\\\/2023\\\/07\\\/04\\\/panstwo-policyjne-macrona\\\/#mainImage\",\"width\":1280,\"height\":719},\"primaryImageOfPage\":{\"@id\":\"https:\\\/\\\/wia.net.pl\\\/index.php\\\/2023\\\/07\\\/04\\\/panstwo-policyjne-macrona\\\/#mainImage\"},\"datePublished\":\"2023-07-04T16:23:19+02:00\",\"dateModified\":\"2023-07-04T16:23:20+02:00\"},{\"@type\":\"WebSite\",\"@id\":\"https:\\\/\\\/wia.net.pl\\\/#website\",\"url\":\"https:\\\/\\\/wia.net.pl\\\/\",\"name\":\"Wolno\\u015b\\u0107 i Anarchia\",\"description\":\"Ka\\u017cdy wewn\\u0119trznie jest anarchist\\u0105.\",\"inLanguage\":\"pl-PL\",\"publisher\":{\"@id\":\"https:\\\/\\\/wia.net.pl\\\/#person\"}}]}\n\t\t<\/script>\n\t\t<!-- All in One SEO -->\n\n","aioseo_head_json":{"title":"Pa\u0144stwo policyjne Macrona - Wolno\u015b\u0107 i Anarchia","description":"Pa\u0144stwo policyjne Macrona rozpoczyna brutaln\u0105 rozpraw\u0119 z francuskimi demonstrantami Autor, Samuel Tissot Starcia mi\u0119dzy demonstrantami a policj\u0105 trwa\u0142y w ca\u0142ej Francji w weekend po zab\u00f3jstwie przez policj\u0119 17-letniego Nahela M. na paryskich przedmie\u015bciach Nanterre w ubieg\u0142y wtorek. W niedziel\u0119 wieczorem prezydent Emmanuel Macron zwo\u0142a\u0142 nadzwyczajne posiedzenie gabinetu w odpowiedzi na trwaj\u0105cy kryzys. Nie tylko zab\u00f3jstwo, ale","canonical_url":"https:\/\/wia.net.pl\/index.php\/2023\/07\/04\/panstwo-policyjne-macrona\/","robots":"max-image-preview:large","keywords":"","webmasterTools":{"miscellaneous":""},"schema":{"@context":"https:\/\/schema.org","@graph":[{"@type":"BlogPosting","@id":"https:\/\/wia.net.pl\/index.php\/2023\/07\/04\/panstwo-policyjne-macrona\/#blogposting","name":"Pa\u0144stwo policyjne Macrona - Wolno\u015b\u0107 i Anarchia","headline":"Pa\u0144stwo policyjne Macrona","author":{"@id":"https:\/\/wia.net.pl\/index.php\/author\/trinity\/#author"},"publisher":{"@id":"https:\/\/wia.net.pl\/#person"},"image":{"@type":"ImageObject","url":"https:\/\/wia.net.pl\/wp-content\/uploads\/2023\/07\/3b7e45ca4a94f46df4c2026b9f9656c6fd2f2df7.jpg","width":1280,"height":719},"datePublished":"2023-07-04T16:23:19+02:00","dateModified":"2023-07-04T16:23:20+02:00","inLanguage":"pl-PL","mainEntityOfPage":{"@id":"https:\/\/wia.net.pl\/index.php\/2023\/07\/04\/panstwo-policyjne-macrona\/#webpage"},"isPartOf":{"@id":"https:\/\/wia.net.pl\/index.php\/2023\/07\/04\/panstwo-policyjne-macrona\/#webpage"},"articleSection":"Artyku\u0142y"},{"@type":"BreadcrumbList","@id":"https:\/\/wia.net.pl\/index.php\/2023\/07\/04\/panstwo-policyjne-macrona\/#breadcrumblist","itemListElement":[{"@type":"ListItem","@id":"https:\/\/wia.net.pl#listItem","position":1,"name":"Home","item":"https:\/\/wia.net.pl","nextItem":{"@type":"ListItem","@id":"https:\/\/wia.net.pl\/index.php\/category\/artykuly\/#listItem","name":"Artyku\u0142y"}},{"@type":"ListItem","@id":"https:\/\/wia.net.pl\/index.php\/category\/artykuly\/#listItem","position":2,"name":"Artyku\u0142y","item":"https:\/\/wia.net.pl\/index.php\/category\/artykuly\/","nextItem":{"@type":"ListItem","@id":"https:\/\/wia.net.pl\/index.php\/2023\/07\/04\/panstwo-policyjne-macrona\/#listItem","name":"Pa\u0144stwo policyjne Macrona"},"previousItem":{"@type":"ListItem","@id":"https:\/\/wia.net.pl#listItem","name":"Home"}},{"@type":"ListItem","@id":"https:\/\/wia.net.pl\/index.php\/2023\/07\/04\/panstwo-policyjne-macrona\/#listItem","position":3,"name":"Pa\u0144stwo policyjne Macrona","previousItem":{"@type":"ListItem","@id":"https:\/\/wia.net.pl\/index.php\/category\/artykuly\/#listItem","name":"Artyku\u0142y"}}]},{"@type":"Person","@id":"https:\/\/wia.net.pl\/#person","name":"Bart\u0142omiej Talarczyk","image":{"@type":"ImageObject","@id":"https:\/\/wia.net.pl\/index.php\/2023\/07\/04\/panstwo-policyjne-macrona\/#personImage","url":"https:\/\/wia.net.pl\/wp-content\/uploads\/avatar-privacy\/cache\/user\/1\/7\/176a6b161c58363ff49b5c167264231f519f5c7fa183ca1f61e891769b6b56d5-96.jpg","width":96,"height":96,"caption":"Bart\u0142omiej Talarczyk"}},{"@type":"Person","@id":"https:\/\/wia.net.pl\/index.php\/author\/trinity\/#author","url":"https:\/\/wia.net.pl\/index.php\/author\/trinity\/","name":"trinity","image":{"@type":"ImageObject","@id":"https:\/\/wia.net.pl\/index.php\/2023\/07\/04\/panstwo-policyjne-macrona\/#authorImage","url":"https:\/\/wia.net.pl\/wp-content\/uploads\/avatar-privacy\/cache\/user\/5\/f\/5f6547cf82495eaa10e100a6a45d5dbde2dfdc1be88557de2018fca705bdf6f1-96.jpg","width":96,"height":96,"caption":"trinity"}},{"@type":"WebPage","@id":"https:\/\/wia.net.pl\/index.php\/2023\/07\/04\/panstwo-policyjne-macrona\/#webpage","url":"https:\/\/wia.net.pl\/index.php\/2023\/07\/04\/panstwo-policyjne-macrona\/","name":"Pa\u0144stwo policyjne Macrona - Wolno\u015b\u0107 i Anarchia","description":"Pa\u0144stwo policyjne Macrona rozpoczyna brutaln\u0105 rozpraw\u0119 z francuskimi demonstrantami Autor, Samuel Tissot Starcia mi\u0119dzy demonstrantami a policj\u0105 trwa\u0142y w ca\u0142ej Francji w weekend po zab\u00f3jstwie przez policj\u0119 17-letniego Nahela M. na paryskich przedmie\u015bciach Nanterre w ubieg\u0142y wtorek. W niedziel\u0119 wieczorem prezydent Emmanuel Macron zwo\u0142a\u0142 nadzwyczajne posiedzenie gabinetu w odpowiedzi na trwaj\u0105cy kryzys. Nie tylko zab\u00f3jstwo, ale","inLanguage":"pl-PL","isPartOf":{"@id":"https:\/\/wia.net.pl\/#website"},"breadcrumb":{"@id":"https:\/\/wia.net.pl\/index.php\/2023\/07\/04\/panstwo-policyjne-macrona\/#breadcrumblist"},"author":{"@id":"https:\/\/wia.net.pl\/index.php\/author\/trinity\/#author"},"creator":{"@id":"https:\/\/wia.net.pl\/index.php\/author\/trinity\/#author"},"image":{"@type":"ImageObject","url":"https:\/\/wia.net.pl\/wp-content\/uploads\/2023\/07\/3b7e45ca4a94f46df4c2026b9f9656c6fd2f2df7.jpg","@id":"https:\/\/wia.net.pl\/index.php\/2023\/07\/04\/panstwo-policyjne-macrona\/#mainImage","width":1280,"height":719},"primaryImageOfPage":{"@id":"https:\/\/wia.net.pl\/index.php\/2023\/07\/04\/panstwo-policyjne-macrona\/#mainImage"},"datePublished":"2023-07-04T16:23:19+02:00","dateModified":"2023-07-04T16:23:20+02:00"},{"@type":"WebSite","@id":"https:\/\/wia.net.pl\/#website","url":"https:\/\/wia.net.pl\/","name":"Wolno\u015b\u0107 i Anarchia","description":"Ka\u017cdy wewn\u0119trznie jest anarchist\u0105.","inLanguage":"pl-PL","publisher":{"@id":"https:\/\/wia.net.pl\/#person"}}]},"og:locale":"pl_PL","og:site_name":"Wolno\u015b\u0107 i Anarchia - Ka\u017cdy wewn\u0119trznie jest anarchist\u0105.","og:type":"article","og:title":"Pa\u0144stwo policyjne Macrona - Wolno\u015b\u0107 i Anarchia","og:description":"Pa\u0144stwo policyjne Macrona rozpoczyna brutaln\u0105 rozpraw\u0119 z francuskimi demonstrantami Autor, Samuel Tissot Starcia mi\u0119dzy demonstrantami a policj\u0105 trwa\u0142y w ca\u0142ej Francji w weekend po zab\u00f3jstwie przez policj\u0119 17-letniego Nahela M. na paryskich przedmie\u015bciach Nanterre w ubieg\u0142y wtorek. W niedziel\u0119 wieczorem prezydent Emmanuel Macron zwo\u0142a\u0142 nadzwyczajne posiedzenie gabinetu w odpowiedzi na trwaj\u0105cy kryzys. Nie tylko zab\u00f3jstwo, ale","og:url":"https:\/\/wia.net.pl\/index.php\/2023\/07\/04\/panstwo-policyjne-macrona\/","og:image":"https:\/\/wia.net.pl\/wp-content\/uploads\/2023\/11\/cropped-freedom-i73367.jpg","og:image:secure_url":"https:\/\/wia.net.pl\/wp-content\/uploads\/2023\/11\/cropped-freedom-i73367.jpg","article:published_time":"2023-07-04T14:23:19+00:00","article:modified_time":"2023-07-04T14:23:20+00:00","twitter:card":"summary_large_image","twitter:title":"Pa\u0144stwo policyjne Macrona - Wolno\u015b\u0107 i Anarchia","twitter:description":"Pa\u0144stwo policyjne Macrona rozpoczyna brutaln\u0105 rozpraw\u0119 z francuskimi demonstrantami Autor, Samuel Tissot Starcia mi\u0119dzy demonstrantami a policj\u0105 trwa\u0142y w ca\u0142ej Francji w weekend po zab\u00f3jstwie przez policj\u0119 17-letniego Nahela M. na paryskich przedmie\u015bciach Nanterre w ubieg\u0142y wtorek. W niedziel\u0119 wieczorem prezydent Emmanuel Macron zwo\u0142a\u0142 nadzwyczajne posiedzenie gabinetu w odpowiedzi na trwaj\u0105cy kryzys. Nie tylko zab\u00f3jstwo, ale","twitter:image":"https:\/\/wia.net.pl\/wp-content\/uploads\/2023\/11\/cropped-freedom-i73367.jpg"},"aioseo_meta_data":{"post_id":"3037","title":null,"description":null,"keywords":[],"keyphrases":{"focus":{"keyphrase":"","score":0,"analysis":{"keyphraseInTitle":{"score":0,"maxScore":9,"error":1}}},"additional":[]},"primary_term":null,"canonical_url":null,"og_title":null,"og_description":null,"og_object_type":"default","og_image_type":"default","og_image_url":null,"og_image_width":null,"og_image_height":null,"og_image_custom_url":null,"og_image_custom_fields":null,"og_video":"","og_custom_url":null,"og_article_section":null,"og_article_tags":[],"twitter_use_og":false,"twitter_card":"default","twitter_image_type":"default","twitter_image_url":null,"twitter_image_custom_url":null,"twitter_image_custom_fields":null,"twitter_title":null,"twitter_description":null,"schema":{"blockGraphs":[],"customGraphs":[],"default":{"data":{"Article":[],"Course":[],"Dataset":[],"FAQPage":[],"Movie":[],"Person":[],"Product":[],"ProductReview":[],"Car":[],"Recipe":[],"Service":[],"SoftwareApplication":[],"WebPage":[]},"graphName":"BlogPosting","isEnabled":true},"graphs":[]},"schema_type":"default","schema_type_options":null,"pillar_content":false,"robots_default":true,"robots_noindex":false,"robots_noarchive":false,"robots_nosnippet":false,"robots_nofollow":false,"robots_noimageindex":false,"robots_noodp":false,"robots_notranslate":false,"robots_max_snippet":"-1","robots_max_videopreview":"-1","robots_max_imagepreview":"large","priority":null,"frequency":"default","local_seo":null,"breadcrumb_settings":null,"limit_modified_date":false,"ai":null,"created":"2023-07-04 14:23:20","updated":"2025-06-04 08:35:56","seo_analyzer_scan_date":null,"focus_keyword":null,"additional_keywords":null,"truseo_locale":null},"aioseo_breadcrumb":"<div class=\"aioseo-breadcrumbs\"><span class=\"aioseo-breadcrumb\">\n\t\t\t<a href=\"https:\/\/wia.net.pl\" title=\"Home\">Home<\/a>\n\t\t<\/span><span class=\"aioseo-breadcrumb-separator\">&raquo;<\/span><span class=\"aioseo-breadcrumb\">\n\t\t\t<a href=\"https:\/\/wia.net.pl\/index.php\/category\/artykuly\/\" title=\"Artyku\u0142y\">Artyku\u0142y<\/a>\n\t\t<\/span><span class=\"aioseo-breadcrumb-separator\">&raquo;<\/span><span class=\"aioseo-breadcrumb\">\n\t\t\tPa\u0144stwo policyjne Macrona\n\t\t<\/span><\/div>","aioseo_breadcrumb_json":[{"label":"Home","link":"https:\/\/wia.net.pl"},{"label":"Artyku\u0142y","link":"https:\/\/wia.net.pl\/index.php\/category\/artykuly\/"},{"label":"Pa\u0144stwo policyjne Macrona","link":"https:\/\/wia.net.pl\/index.php\/2023\/07\/04\/panstwo-policyjne-macrona\/"}],"_links":{"self":[{"href":"https:\/\/wia.net.pl\/index.php\/wp-json\/wp\/v2\/posts\/3037"}],"collection":[{"href":"https:\/\/wia.net.pl\/index.php\/wp-json\/wp\/v2\/posts"}],"about":[{"href":"https:\/\/wia.net.pl\/index.php\/wp-json\/wp\/v2\/types\/post"}],"author":[{"embeddable":true,"href":"https:\/\/wia.net.pl\/index.php\/wp-json\/wp\/v2\/users\/2"}],"replies":[{"embeddable":true,"href":"https:\/\/wia.net.pl\/index.php\/wp-json\/wp\/v2\/comments?post=3037"}],"version-history":[{"count":1,"href":"https:\/\/wia.net.pl\/index.php\/wp-json\/wp\/v2\/posts\/3037\/revisions"}],"predecessor-version":[{"id":3039,"href":"https:\/\/wia.net.pl\/index.php\/wp-json\/wp\/v2\/posts\/3037\/revisions\/3039"}],"wp:featuredmedia":[{"embeddable":true,"href":"https:\/\/wia.net.pl\/index.php\/wp-json\/wp\/v2\/media\/3038"}],"wp:attachment":[{"href":"https:\/\/wia.net.pl\/index.php\/wp-json\/wp\/v2\/media?parent=3037"}],"wp:term":[{"taxonomy":"category","embeddable":true,"href":"https:\/\/wia.net.pl\/index.php\/wp-json\/wp\/v2\/categories?post=3037"},{"taxonomy":"post_tag","embeddable":true,"href":"https:\/\/wia.net.pl\/index.php\/wp-json\/wp\/v2\/tags?post=3037"}],"curies":[{"name":"wp","href":"https:\/\/api.w.org\/{rel}","templated":true}]}}