{"id":3040,"date":"2023-07-04T16:30:39","date_gmt":"2023-07-04T14:30:39","guid":{"rendered":"https:\/\/wia.net.pl\/?p=3040"},"modified":"2023-07-04T16:30:39","modified_gmt":"2023-07-04T14:30:39","slug":"ciemna-strona-konfederacji-kanady","status":"publish","type":"post","link":"https:\/\/wia.net.pl\/index.php\/2023\/07\/04\/ciemna-strona-konfederacji-kanady\/","title":{"rendered":"Ciemna strona Konfederacji Kanady"},"content":{"rendered":"\n<h2 class=\"wp-block-heading\">Geralda Therriena<\/h2>\n\n\n\n<p><em>1 lipca obchodzimy Dzie\u0144 Kanady, lub jak to si\u0119 kiedy\u015b nazywa\u0142o Dzie\u0144 Dominium, aby uczci\u0107 pierwotn\u0105 konfederacj\u0119 4 oddzielnych kolonii pod panowaniem brytyjskim, w 1 Dominium Kanady pod monarchi\u0105 brytyjsk\u0105, 1 lipca 1867. To jest opowie\u015b\u0107 o tym, jak Kanada sta\u0142a si\u0119 \u201eDominium\u201d brytyjskiej monarchii parlamentarnej \u2013 kt\u00f3ra pozostaje do dzi\u015b.<\/em><\/p>\n\n\n\n<h1 class=\"wp-block-heading\">The Dark Side of Canada&#8217;s Confederation (Albo jak zoo w Palmerston ukszta\u0142towa\u0142o Kanad\u0119)<\/h1>\n\n\n\n<p>Szacuje si\u0119, \u017ce podczas ameryka\u0144skiej wojny secesyjnej do armii Unii zg\u0142osi\u0142o si\u0119 na ochotnika nawet 40 000 Kanadyjczyk\u00f3w (wielu z nich mieszka\u0142o ju\u017c w Stanach Zjednoczonych, w tym Calixa Lavallee \u2013 kt\u00f3ra p\u00f3\u017aniej skomponowa\u0142a muzyk\u0119 dla O Canada), a by\u0107 mo\u017ce&nbsp;&nbsp;<em>nawet<\/em>&nbsp;do 4000 walczy\u0142o o po\u0142udniow\u0105 konfederacj\u0119.&nbsp;<\/p>\n\n\n\n<figure class=\"wp-block-image\"><a href=\"https:\/\/i0.wp.com\/substackcdn.com\/image\/fetch\/f_auto,q_auto:good,fl_progressive:steep\/https%3A%2F%2Fsubstack-post-media.s3.amazonaws.com%2Fpublic%2Fimages%2Fab393a15-6d3a-4c1e-9970-6133758007e6_279x585.jpeg?ssl=1\" target=\"_blank\" rel=\"noreferrer noopener\"><img decoding=\"async\" src=\"https:\/\/i0.wp.com\/substackcdn.com\/image\/fetch\/w_1456,c_limit,f_auto,q_auto:good,fl_progressive:steep\/https%3A%2F%2Fsubstack-post-media.s3.amazonaws.com%2Fpublic%2Fimages%2Fab393a15-6d3a-4c1e-9970-6133758007e6_279x585.jpeg?w=750&amp;ssl=1\" alt=\"\"\/><\/a><\/figure>\n\n\n\n<p><em>Calixa Lavallee w mundurze Unii<\/em><\/p>\n\n\n\n<p>[aby dowiedzie\u0107 si\u0119 wi\u0119cej o historii Calixy Lavalle, przeczytaj \u201e&nbsp;<a href=\"https:\/\/canadianpatriot.org\/2021\/05\/25\/calixa-lavallee-father-of-canadas-national-anthem-and-lafayette-of-american-music\/\">Calixa Lavallee: Ojciec kanadyjskiego hymnu narodowego i Lafayette muzyki ameryka\u0144skiej<\/a>&nbsp;\u201d, autorstwa Matthew Ehreta]<\/p>\n\n\n\n<p>Podczas gdy wi\u0119kszo\u015b\u0107 Kanadyjczyk\u00f3w by\u0142a proameryka\u0144ska, brytyjski rz\u0105d Kanady opowiada\u0142 si\u0119 jednak za rozpadem Stan\u00f3w Zjednoczonych.&nbsp;Podczas gdy Brytyjczycy udzielili wsparcia po\u0142udniowym konfederatom &#8211; pozwalaj\u0105c konfederackim tajnym s\u0142u\u017cbom na swobodne dzia\u0142anie poza kanadyjskimi koloniami podczas wojny domowej, Brytyjczycy poparli r\u00f3wnie\u017c aneksj\u0119 kanadyjskich prowincji z niekt\u00f3rymi stanami p\u00f3\u0142nocnoameryka\u0144skimi.<\/p>\n\n\n\n<p>Jednak brytyjska polityka Lorda Palmerstona oznacza\u0142a, \u017ce \u200b\u200bte p\u00f3\u0142nocne stany zostan\u0105 przy\u0142\u0105czone do brytyjskich kolonii p\u00f3\u0142nocnoameryka\u0144skich&nbsp;&nbsp;<em>\u2013&nbsp;<\/em>&nbsp;ale nie na odwr\u00f3t \u2013 NIE anektuj\u0105c kanadyjskich prowincji do unii ameryka\u0144skiej.<\/p>\n\n\n\n<figure class=\"wp-block-image\"><a href=\"https:\/\/i0.wp.com\/substackcdn.com\/image\/fetch\/f_auto,q_auto:good,fl_progressive:steep\/https%3A%2F%2Fsubstack-post-media.s3.amazonaws.com%2Fpublic%2Fimages%2F42601273-e997-4af2-bf0f-1696676925b2_318x500.jpeg?ssl=1\" target=\"_blank\" rel=\"noreferrer noopener\"><img decoding=\"async\" src=\"https:\/\/i0.wp.com\/substackcdn.com\/image\/fetch\/w_1456,c_limit,f_auto,q_auto:good,fl_progressive:steep\/https%3A%2F%2Fsubstack-post-media.s3.amazonaws.com%2Fpublic%2Fimages%2F42601273-e997-4af2-bf0f-1696676925b2_318x500.jpeg?w=750&amp;ssl=1\" alt=\"nieokre\u015blony\" title=\"nieokre\u015blony\"\/><\/a><\/figure>\n\n\n\n<p><em>Henry Temple, Lord Palmerston<\/em><\/p>\n\n\n\n<blockquote class=\"wp-block-quote is-layout-flow wp-block-quote-is-layout-flow\">\n<p><em>\u201eskonfederowane stany brytyjskiej Ameryki P\u00f3\u0142nocnej\u2026 praktycznie utrzyma\u0142yby r\u00f3wnowag\u0119 si\u0142 na kontynencie i doprowadzi\u0142yby do przywr\u00f3cenia wp\u0142yw\u00f3w, kt\u00f3re ponad osiemdziesi\u0105t lat temu Anglia mia\u0142a utraci\u0107\u201d<\/em><\/p>\n\n\n\n<p>[Wyci\u0105g z Morning Post, \u201euznanego organu rz\u0105du Palmerstona\u201d w&nbsp;&nbsp;<em>The Civil War and the American System<\/em>&nbsp;, autorstwa Alana Salisbury&#8217;ego.&nbsp;strony 30-31]<\/p>\n<\/blockquote>\n\n\n\n<p>2 lipca&nbsp;<sup>1862<\/sup>&nbsp;&nbsp;roku, kiedy prezydent Abraham Lincoln podpisa\u0142 ustaw\u0119&nbsp;<em>&nbsp;\u201ePacific Railroad Act\u201d<\/em>&nbsp;, nakazuj\u0105c\u0105 budow\u0119 transkontynentalnej linii kolejowej z Omaha w stanie Nebraska do Sacramento w Kalifornii i wybrze\u017ca Pacyfiku w Ameryce (dokonuj\u0105c najwi\u0119kszego wyczynu in\u017cynieryjnego, jaki kiedykolwiek pr\u00f3bowano), Imperium Brytyjskie zobaczy\u0142o, \u017ce ich posiad\u0142o\u015bci w postaci ma\u0142ej kolonii na wyspie Vancouver i ogromnych posiad\u0142o\u015bci ziemskich Kompanii Zatoki Hudsona w p\u00f3\u0142nocnej Kanadzie s\u0105 zagro\u017cone przez Objawione Przeznaczenie Ameryki.<\/p>\n\n\n\n<figure class=\"wp-block-image\"><a href=\"https:\/\/i0.wp.com\/substackcdn.com\/image\/fetch\/f_auto,q_auto:good,fl_progressive:steep\/https%3A%2F%2Fsubstack-post-media.s3.amazonaws.com%2Fpublic%2Fimages%2F98ebacfc-7c17-47cc-94bd-e34c049657a1_1536x604.jpeg?ssl=1\" target=\"_blank\" rel=\"noreferrer noopener\"><img decoding=\"async\" src=\"https:\/\/i0.wp.com\/substackcdn.com\/image\/fetch\/w_1456,c_limit,f_auto,q_auto:good,fl_progressive:steep\/https%3A%2F%2Fsubstack-post-media.s3.amazonaws.com%2Fpublic%2Fimages%2F98ebacfc-7c17-47cc-94bd-e34c049657a1_1536x604.jpeg?w=750&amp;ssl=1\" alt=\"\"\/><\/a><\/figure>\n\n\n\n<p>Wraz ze zwyci\u0119stwami armii Unii pod Vicksburgiem i Gettysburgiem w lipcu 1863 roku brytyjski plan separacji i aneksji by\u0142 skazany na niepowodzenie.&nbsp;Nie tylko to, ale nowa mo\u017cliwo\u015b\u0107 aneksji przez Ameryk\u0119 kolonii brytyjsko-ameryka\u0144skich do republiki sta\u0142a si\u0119 wielkim strachem dla Imperium Brytyjskiego i musia\u0142a zosta\u0107 powstrzymana za wszelk\u0105 cen\u0119.<\/p>\n\n\n\n<p>I tak zacz\u0105\u0142 si\u0119 plan Imperium dla Kanady.<\/p>\n\n\n\n<p>Jesieni\u0105 1863 roku Arthur Gordon, gubernator Nowego Brunszwiku (a syn by\u0142ego premiera Wielkiej Brytanii George&#8217;a Hamiltona-Gordona (1852-1855)), zaproponowa\u0142 spotkanie z gubernatorami innych nadmorskich prowincji \u2013 z George&#8217;em Dundasem, gubernator Wyspy Ksi\u0119cia Edwarda oraz George Phipps, hrabia Mulgrave , gubernator Nowej Szkocji (i by\u0142y skarbnik rodziny kr\u00f3lewskiej za obecnego premiera Palmerstona).&nbsp;<\/p>\n\n\n\n<p>Kiedy Phipps opu\u015bci\u0142 Now\u0105 Szkocj\u0119, aby powr\u00f3ci\u0107 do Wielkiej Brytanii we wrze\u015bniu 1763 r., Jego nast\u0119pca, Sir Richard MacDonnell, zosta\u0142 wys\u0142any do Nowej Szkocji z instrukcjami wspierania zwi\u0105zku kolonii morskich.&nbsp;<\/p>\n\n\n\n<p>Konfederacja by\u0142a projektem Palmerstona na wysokim szczeblu \u2013 prowadzonym przez zwolennik\u00f3w rz\u0105du w kanadyjskich koloniach \u2013 a nie (prawdziwych) kanadyjskich reformator\u00f3w, z kt\u00f3rymi cz\u0119sto s\u0105 dzisiaj myleni.<\/p>\n\n\n\n<p>Propozycja Gordona dotyczy\u0142a spotkania trzech gubernator\u00f3w wraz z ich trzema premierami prowincji \u2013 tylko!&nbsp;<\/p>\n\n\n\n<p>Jednak Charles Tupper, kt\u00f3ry w maju zosta\u0142 nowym premierem Nowej Szkocji, o\u015bwiadczy\u0142, \u017ce rz\u0105d Nowej Szkocji nie we\u017amie udzia\u0142u w konferencji Gordona, chyba \u017ce zezwoli si\u0119 na udzia\u0142 delegat\u00f3w opozycji, a ustawodawca prowincji zatwierdzi\u0142 uchwa\u0142\u0119 o pi\u0119cio- cz\u0142owiek wszystkich partii delegacji do udzia\u0142u.&nbsp;Premiery Nowego Brunszwiku i Wyspy Ksi\u0119cia Edwarda posz\u0142y w \u015blady Tuppera.&nbsp;Trzy prowincje uzgodni\u0142y, \u017ce konferencja rozpocznie si\u0119 1 wrze\u015bnia&nbsp;<sup>w<\/sup>&nbsp;&nbsp;Charlottetown.<\/p>\n\n\n\n<p>Tupper postrzega\u0142 t\u0119 kwesti\u0119 jako potencjalnie powoduj\u0105c\u0105 podzia\u0142y, nieprzewidywaln\u0105 i niebezpieczn\u0105, a samotne przybycie na konferencj\u0119 oznacza\u0142o podj\u0119cie zobowi\u0105zania \u2013 zobowi\u0105zania, kt\u00f3re mo\u017ce nie by\u0107 mile widziane przez jego w\u0142asn\u0105 parti\u0119 lub wyborc\u00f3w \u2013 w przypadku gdy poparcie dla unii morskiej wynosi\u0142o ledwie cal g\u0142\u0119boko.<\/p>\n\n\n\n<blockquote class=\"wp-block-quote is-layout-flow wp-block-quote-is-layout-flow\">\n<p>\u201eLepiej by\u0142oby podzieli\u0107 si\u0119 zas\u0142ug\u0105, ni\u017c ryzykowa\u0107 branie ca\u0142ej winy\u201d.<\/p>\n\n\n\n<p>[z&nbsp;&nbsp;<em>\u201e1867 \u2013 Jak ojcowie dogadali si\u0119\u201d<\/em>&nbsp;&nbsp;Christophera Moore&#8217;a, s.&nbsp;42]<\/p>\n<\/blockquote>\n\n\n\n<p>Tymczasem w Kanadzie [tj. Ontario i Quebec] 14 czerwca&nbsp;<sup>rz\u0105d<\/sup>&nbsp;Tache-Macdonald otrzyma\u0142 wotum nieufno\u015bci z perspektyw\u0105 rozwi\u0105zania parlamentu i nowych wybor\u00f3w powszechnych.&nbsp;Jednak z pomoc\u0105 Charlesa Moncka, generalnego gubernatora Kanady, wolny handlarz George Brown zosta\u0142 wci\u0105gni\u0119ty w negocjacje w celu przy\u0142\u0105czenia si\u0119 do rz\u0105du i 30 czerwca zosta\u0142 przewodnicz\u0105cym&nbsp;<sup>Rady<\/sup>&nbsp;&nbsp;Wykonawczej, zast\u0119puj\u0105c odsuni\u0119tego ju\u017c Izaaka Buchanana.&nbsp;<\/p>\n\n\n\n<figure class=\"wp-block-image\"><a href=\"https:\/\/i0.wp.com\/substackcdn.com\/image\/fetch\/f_auto,q_auto:good,fl_progressive:steep\/https%3A%2F%2Fsubstack-post-media.s3.amazonaws.com%2Fpublic%2Fimages%2F0bd89c9c-73be-478e-8dca-5152764dfe49_217x301.jpeg?ssl=1\" target=\"_blank\" rel=\"noreferrer noopener\"><img decoding=\"async\" src=\"https:\/\/i0.wp.com\/substackcdn.com\/image\/fetch\/w_1456,c_limit,f_auto,q_auto:good,fl_progressive:steep\/https%3A%2F%2Fsubstack-post-media.s3.amazonaws.com%2Fpublic%2Fimages%2F0bd89c9c-73be-478e-8dca-5152764dfe49_217x301.jpeg?w=750&amp;ssl=1\" alt=\"\"\/><\/a><\/figure>\n\n\n\n<p>[aby dowiedzie\u0107 si\u0119 wi\u0119cej o historii Isaaca Buchanana, przeczytaj \u201e&nbsp;<a href=\"https:\/\/canadianpatriot.org\/2015\/01\/24\/the-american-system-in-canada\/\">The American System in Canada<\/a>&nbsp;\u201d autorstwa Alexandre Poisson]<\/p>\n\n\n\n<p>Tego samego dnia Monck napisa\u0142 do gubernator\u00f3w Nowego Brunszwiku, Nowej Szkocji i Wyspy Ksi\u0119cia Edwarda z pytaniem, czy delegacja nowego koalicyjnego rz\u0105du Kanady b\u0119dzie mog\u0142a uczestniczy\u0107 w konferencji w Charlottetown.<\/p>\n\n\n\n<p>Na swoim pierwszym spotkaniu w dniu 1 wrze\u015bnia&nbsp;<sup>1864<\/sup>&nbsp;&nbsp;r. delegaci morscy dowiedzieli si\u0119 o przybyciu delegat\u00f3w kanadyjskich, a nast\u0119pnie zdecydowali, \u017ce dyskusja o unii morskiej zostanie od\u0142o\u017cona do czasu przedstawienia przez Kanadyjczyk\u00f3w planu unii federalnej.&nbsp;Kiedy p\u00f3\u017aniej odby\u0142a si\u0119 dyskusja o unii morskiej, delegaci morscy nie mogli doj\u015b\u0107 do porozumienia i zdecydowali, \u017ce:<\/p>\n\n\n\n<blockquote class=\"wp-block-quote is-layout-flow wp-block-quote-is-layout-flow\">\n<p>\u201e\u2026 konfederacja wydawa\u0142a si\u0119 mo\u017cliwa, ale unia morska nie pomog\u0142aby konfederacji i, bior\u0105c pod uwag\u0119 jej trudno\u015bci, prawdopodobnie op\u00f3\u017ani\u0142aby j\u0105.&nbsp;Gdyby\u015bmy teraz uzyskali konfederacj\u0119, mogliby\u015bmy z \u0142atwo\u015bci\u0105 zjednoczy\u0107 nadmorskie prowincje\u2026 p\u00f3\u017aniej.<\/p>\n\n\n\n<p>[z&nbsp;&nbsp;<em>\u201e1867 \u2013 Jak ojcowie dogadali si\u0119\u201d<\/em>&nbsp;&nbsp;Christophera Moore&#8217;a, s.&nbsp;56]<\/p>\n<\/blockquote>\n\n\n\n<p>Ta interwencja delegat\u00f3w z Kanady tymczasowo zniweczy\u0142a plany Unii Morskiej i zamiast tego przedstawi\u0142a plan konfederacji z Kanad\u0105.<\/p>\n\n\n\n<p>Po ponownym dopuszczeniu delegat\u00f3w kanadyjskich na sesj\u0119 zdecydowano, \u017ce odb\u0119dzie si\u0119 nowa konferencja w celu om\u00f3wienia unii federalnej dla wszystkich brytyjskich kolonii w Ameryce P\u00f3\u0142nocnej, a konferencja ta mia\u0142a si\u0119 rozpocz\u0105\u0107 w Quebecu w pa\u017adzierniku 1864 r. i po 3 tygodniach tej konferencji w Quebecu skutkowa\u0142oby to podpisaniem 72 rezolucji \u2013 nie planu zjednoczenia, ale rezolucji do wys\u0142ania do rz\u0105du brytyjskiego.<\/p>\n\n\n\n<p>Ale co\u015b wci\u0105\u017c by\u0142o potrzebne, aby m\u00f3c zmusi\u0107 populacje Kanady i Morza do wyra\u017cenia zgody na ten plan konfederacji.<\/p>\n\n\n\n<p>Tajne S\u0142u\u017cby Konfederacji, pod czujnym i wspieraj\u0105cym okiem brytyjskiego wywiadu, mia\u0142y teraz organizowa\u0107 i przeprowadza\u0107 naloty z brytyjskiej Ameryki P\u00f3\u0142nocnej na terytorium Stan\u00f3w Zjednoczonych.&nbsp;Najazd konfederat\u00f3w, zorganizowany z Montrealu na St. Albans Vermont 19 pa\u017adziernika 1864&nbsp;<sup>r<\/sup>&nbsp;&nbsp;., obrabowa\u0142 trzy banki z 208 000 dolar\u00f3w, a naje\u017ad\u017acom uda\u0142o si\u0119 uciec z powrotem do Kanady.<\/p>\n\n\n\n<p>W odpowiedzi niekt\u00f3rzy Amerykanie wezwali do inwazji na Kanad\u0119 (zgodnie z intencj\u0105 planu).&nbsp;Raporty te wywo\u0142a\u0142y wielkie zaniepokojenie w\u015br\u00f3d ludno\u015bci Kanady i zosta\u0142y wykorzystane do zaatakowania ich proameryka\u0144skich pogl\u0105d\u00f3w;&nbsp;by\u0142oby r\u00f3wnie\u017c u\u017cywane, aby da\u0107 poczucie pilno\u015bci delegatom, kt\u00f3rzy byli w trakcie spotka\u0144 na konferencji konfederacji w Quebec City.<\/p>\n\n\n\n<p>Po zako\u0144czeniu konferencji konfederacji Quebecu, Morning Post w Londynie (organ Palmerstona) wydrukowa\u0142, \u017ce:<\/p>\n\n\n\n<blockquote class=\"wp-block-quote is-layout-flow wp-block-quote-is-layout-flow\">\n<p>\u201ejest tylko jeden wr\u00f3g, kt\u00f3rego nowa konfederacja mo\u017ce si\u0119 obawia\u0107, a mianowicie p\u00f3\u0142nocna cz\u0119\u015b\u0107 p\u00f3\u017anej republiki ameryka\u0144skiej;&nbsp;i jest mo\u017cliwo\u015b\u0107 ameryka\u0144skiej inwazji na Kanad\u0119, gdy tylko wszelkie nadzieje na ujarzmienie Konfederacji Po\u0142udniowej zostan\u0105 porzucone, co dyktowa\u0142o uni\u0119, na kt\u00f3r\u0105 teraz wydaje si\u0119 by\u0107 zdeterminowana.<\/p>\n<\/blockquote>\n\n\n\n<p>Ale Lincoln odwo\u0142a\u0142 rozkazy genera\u0142a Dixa, aby wys\u0142a\u0107 wojska do St. Albans w celu znalezienia naje\u017ad\u017ac\u00f3w i, je\u015bli to konieczne, \u015bcigania ich do Kanady.&nbsp;Lincoln obawia\u0142 si\u0119, \u017ce wojna z Wielk\u0105 Brytani\u0105 otworzy wojn\u0119 na dw\u00f3ch frontach i \u017ce pomo\u017ce to tylko po\u0142udniowym konfederatom, kt\u00f3rzy teraz stan\u0119li w obliczu kl\u0119ski.&nbsp;<\/p>\n\n\n\n<p>W tym momencie genera\u0142 Sherman zaj\u0105\u0142 Atlant\u0119 2 wrze\u015bnia&nbsp;<sup>,<\/sup>&nbsp;a armia Konfederacji znajdowa\u0142a si\u0119 niepewnie mi\u0119dzy \u201ekowad\u0142em\u201d Shermana a \u201em\u0142otem\u201d Granta.&nbsp;&nbsp;Lincoln zdecydowa\u0142, \u017ce z Brytyjczykami&nbsp;poczeka do zbli\u017caj\u0105cych si\u0119 wybor\u00f3w prezydenckich 8 listopada&nbsp;<sup>.<\/sup><\/p>\n\n\n\n<p>W ci\u0105gu 24 godzin kanadyjski rz\u0105d aresztowa\u0142 14 bandyt\u00f3w i odzyska\u0142 tylko 86 000 dolar\u00f3w ze skradzionych funduszy \u2013 120 000 dolar\u00f3w po prostu znikn\u0119\u0142o!&nbsp;Kiedy ostatecznie odby\u0142 si\u0119 proces, s\u0119dzia Charles Coursol (kt\u00f3ry by\u0142 zi\u0119ciem kanadyjskiego premiera Tache&#8217;a) orzek\u0142, \u017ce s\u0105d nie ma nakazu od generalnego gubernatora, a zatem nie ma jurysdykcji w tej sprawie, a wi\u0119\u017aniowie zostali zwolnieni \u2013 wraz z 87 000 $!<\/p>\n\n\n\n<p>Naje\u017ad\u017acy mieli doskona\u0142ych radc\u00f3w prawnych, w tym prawnika Johna Abbotta (kt\u00f3ry p\u00f3\u017aniej zosta\u0142 premierem Kanady po \u015bmierci Johna A. Macdonalda w 1891 r.).&nbsp;Abbott pokaza\u0142 s\u0105dowi, \u017ce w traktacie o ekstradycji mi\u0119dzy Stanami Zjednoczonymi a brytyjsk\u0105 Ameryk\u0105 P\u00f3\u0142nocn\u0105 by\u0142a luka i \u017ce naje\u017ad\u017ac\u00f3w nie mo\u017cna podda\u0107 ekstradycji do Stan\u00f3w Zjednoczonych, aby tam stan\u0105\u0107 przed s\u0105dem.<\/p>\n\n\n\n<p>6 grudnia&nbsp;<sup>1864<\/sup>&nbsp;&nbsp;roku nowo wybrany ponownie prezydent Lincoln w przem\u00f3wieniu do Kongresu powiedzia\u0142, \u017ce:<\/p>\n\n\n\n<blockquote class=\"wp-block-quote is-layout-flow wp-block-quote-is-layout-flow\">\n<p>\u201eZe wzgl\u0119du na niepewno\u015b\u0107 \u017cycia i mienia w regionie przylegaj\u0105cym do granicy kanadyjskiej, z powodu niedawnych napad\u00f3w i grabie\u017cy dokonanych przez wrogie i zdesperowane osoby, kt\u00f3re tam przebywaj\u0105, uznano za w\u0142a\u015bciwe powiadomi\u0107, \u017ce po wyga\u015bni\u0119ciu sze\u015bciu miesi\u0119cy, czyli okresu warunkowo przewidzianego w istniej\u0105cym uk\u0142adzie z Wielk\u0105 Brytani\u0105, Stany Zjednoczone musz\u0105 zachowa\u0107 swobod\u0119 zwi\u0119kszania uzbrojenia morskiego na jeziorach, je\u015bli uznaj\u0105 to za konieczne.&nbsp;Stan granic b\u0119dzie nieuchronnie brany pod uwag\u0119 w zwi\u0105zku z kwesti\u0105 utrzymania lub zmiany praw tranzytu z Kanady przez Stany Zjednoczone, jak r\u00f3wnie\u017c uregulowania op\u0142at, kt\u00f3re zosta\u0142y czasowo ustanowione na mocy traktatu o wzajemno\u015bci z dnia&nbsp;<sup>5<\/sup>&nbsp;czerwiec 1854\u2026\u201d<\/p>\n<\/blockquote>\n\n\n\n<p>13 grudnia&nbsp;<sup>,<\/sup>&nbsp;tego samego dnia, w kt\u00f3rym wypuszczono naje\u017ad\u017ac\u00f3w z St. Albans, Izba Reprezentant\u00f3w Stan\u00f3w Zjednoczonych podj\u0119\u0142a uchwa\u0142\u0119 upowa\u017cniaj\u0105c\u0105 Prezydenta do z\u0142o\u017cenia wymaganego wypowiedzenia dla wypowiedzenia traktatu zawartego z Wielk\u0105 Brytani\u0105 w imieniu brytyjskich prowincji na p\u00f3\u0142nocy Ameryki [tj. Kanady i Maritimes] oraz mianowania komisarzy do negocjowania nowego traktatu z rz\u0105dem brytyjskim, opartego na prawdziwych zasadach wzajemno\u015bci.&nbsp;Po przyj\u0119ciu uchwa\u0142y r\u00f3wnie\u017c przez Senat, uchwa\u0142a zosta\u0142a zatwierdzona przez prezydenta Lincolna.<\/p>\n\n\n\n<p>Traktat o wzajemno\u015bci z 1854 r. Mia\u0142 obowi\u0105zywa\u0107 przez 10 lat, po czym ka\u017cda ze stron mog\u0142a go wypowiedzie\u0107.&nbsp;Stany Zjednoczone ustali\u0142y, \u017ce traktat wyga\u015bnie za rok, 17 marca&nbsp;<sup>1866<\/sup>&nbsp;&nbsp;r. Kanadyjskie statki nie b\u0119d\u0105 ju\u017c mog\u0142y swobodnie p\u0142ywa\u0107 po wodach ameryka\u0144skich, a kanadyjskie towary nie b\u0119d\u0105 ju\u017c mog\u0142y swobodnie przep\u0142ywa\u0107 przez granic\u0119.&nbsp;Lincoln w rzeczywisto\u015bci uszczelnia\u0142 granic\u0119.<\/p>\n\n\n\n<blockquote class=\"wp-block-quote is-layout-flow wp-block-quote-is-layout-flow\">\n<p><strong>Kilka s\u0142\u00f3w o traktacie wzajemno\u015bci z 1854 r<\/strong><\/p>\n\n\n\n<p>Kiedy Wielka Brytania uchyli\u0142a prawa dotycz\u0105ce kukurydzy w 1846 r. Na rzecz polityki wolnego handlu, ze wzgl\u0119du na niekorzystny wp\u0142yw na gospodark\u0119 Kanady, w 1850 r. Zorganizowano ruch aneksyjny, wspieraj\u0105cy przyst\u0105pienie Kanady do Stan\u00f3w Zjednoczonych.&nbsp;Aby pokona\u0107 ten ruch, generalny gubernator Kanady, Lord Elgin, wynegocjowa\u0142 umow\u0119 o wolnym handlu, Traktat o wzajemno\u015bci z 1854 roku, z Williamem Macy, sekretarzem stanu pod rz\u0105dami zdradzieckiego prezydenta Franklina Pierce&#8217;a.<\/p>\n\n\n\n<p>Traktat przewidywa\u0142 wolny handel zasobami naturalnymi i produktami rolnymi mi\u0119dzy Stanami Zjednoczonymi a koloniami brytyjskimi.&nbsp;Wcze\u015bniej brytyjskie c\u0142o na towary ameryka\u0144skie wwo\u017cone do Kanady wynosi\u0142o 2,5 %, podczas gdy ameryka\u0144skie c\u0142o na towary kanadyjskie wynosi\u0142o 21 %.&nbsp;W zamian za ameryka\u0144sk\u0105 hojno\u015b\u0107 Stany Zjednoczone otrzyma\u0142y bezp\u0142atne prawa po\u0142owowe na wodach kanadyjskich, a Kanadyjczycy otrzymali bezp\u0142atne prawa po\u0142owowe na wodach ameryka\u0144skich na p\u00f3\u0142noc od 36 stopni.<\/p>\n\n\n\n<p>To w\u0142a\u015bnie z powodu nieadekwatno\u015bci tego traktatu dotycz\u0105cego wyrob\u00f3w Isaac Buchanan zorganizowa\u0142 uchwalenie ce\u0142 Cayley-Galt z 1858 i 1859 r. &#8211; podniesienie c\u0142a kanadyjskiego do 25% na wszystkie wyroby, kt\u00f3re konkurowa\u0142y z krajowymi produktami przemys\u0142owymi Kanady.<\/p>\n\n\n\n<p>Henry Carey zorganizowa\u0142 si\u0119 w Stanach Zjednoczonych, aby udaremni\u0107 pr\u00f3b\u0119 zawarcia traktatu o wzajemno\u015bci, ale&nbsp;&nbsp;<em>\u201ewyb\u00f3r pana Pierce&#8217;a i wynikaj\u0105cy z tego powr\u00f3t do w\u0142adzy partii proniewolniczej przynios\u0142y jednak zmian\u0119;&nbsp;sta\u0142o si\u0119 w\u00f3wczas najbardziej oczywiste dla po\u0142udnia, \u017ce \u200b\u200bdla zapobie\u017cenia aneksji posiad\u0142o\u015bci brytyjskich istnieje tylko jeden \u015brodek zaradczy &#8211; przyznanie prowincjom wszystkich korzy\u015bci p\u0142yn\u0105cych z bycia w Unii, jednocze\u015bnie wymagaj\u0105c od ich mieszka\u0144c\u00f3w spe\u0142nienia \u017cadnego z obowi\u0105zki, nie ponosz\u0105c \u017cadnego ci\u0119\u017caru, obywateli ameryka\u0144skich\u201d.<\/em>&nbsp; &nbsp;<\/p>\n\n\n\n<p>[z \u201eWojny secesyjnej i systemu ameryka\u0144skiego\u201d W. Allena Salisbury&#8217;ego (strona 177 \u2013 \u201eListy otwarte do Henry&#8217;ego Wilsona\u201d]<\/p>\n\n\n\n<p>Carey doradza\u0142 p\u00f3\u017aniej przy opracowywaniu taryfy Morrill, uchwalonej w 1861 r., Kt\u00f3ra podnios\u0142a c\u0142a na importowane wyroby.<\/p>\n\n\n\n<p>Wraz z ko\u0144cem polityki wolnego handlu w Stanach Zjednoczonych i ko\u0144cem traktatu o wolnym handlu ze Stanami Zjednoczonymi, Wielka Brytania ponownie zaniepokoi\u0142a si\u0119 gro\u017ab\u0105 ruchu aneksyjnego w Kanadzie.&nbsp;Pami\u0119taj \u2013 Palmerston opowiada\u0142 si\u0119 za wch\u0142oni\u0119ciem p\u00f3\u0142nocnych stan\u00f3w przez brytyjsk\u0105 Ameryk\u0119 P\u00f3\u0142nocn\u0105, ale w \u017caden spos\u00f3b nie pozwoli\u0142by na wch\u0142oni\u0119cie brytyjskich kolonii do Stan\u00f3w Zjednoczonych!<\/p>\n<\/blockquote>\n\n\n\n<p>W grudniu 1864 roku George Brown zosta\u0142 wys\u0142any do Londynu, aby wyja\u015bni\u0107 brytyjskiemu ministerstwu plan konfederacji.&nbsp;Podr\u00f3\u017cowa\u0142 z brytyjskim podpu\u0142kownikiem Jervoisem, kt\u00f3ry zosta\u0142 wys\u0142any do Kanady przez Urz\u0105d Kolonialny, aby doradza\u0142 kanadyjskiemu rz\u0105dowi w sprawie \u015brodk\u00f3w obrony potrzebnych w Kanadzie.&nbsp;<\/p>\n\n\n\n<p>Brown stara\u0142 si\u0119 o zatwierdzenie planu konfederacji i spotka\u0142 si\u0119 z Cardwellem, sekretarzem ds. Kolonii, z Gladstone, kanclerzem skarbu, z Russellem, ministrem spraw zagranicznych, z cz\u0142onkami Ministerstwa Wojny i sp\u0119dzi\u0142 weekend z Palmerstonem .<\/p>\n\n\n\n<p>10 marca 1865&nbsp;<sup>r<\/sup>&nbsp;&nbsp;., po d\u0142ugich debatach, wi\u0119kszo\u015b\u0107 kanadyjskiego parlamentu zatwierdzi\u0142a rezolucje z Quebecu \u2013 stosunkiem g\u0142os\u00f3w 91 do 33. Jednak rezolucje mog\u0142y zosta\u0107 uchwalone tylko w kanadyjskim parlamencie, gdzie Brown&#8217;s Grits i Macdonald&#8217;s Tories w Kanadzie Zachodniej obaj byli w wielkim rz\u0105dzie koalicyjnym z Cartier&#8217;s Bleues z Kanady Wschodniej &#8211; tylko Dorion&#8217;s Rouges z Kanady Wschodniej sprzeciwili si\u0119 rezolucjom.&nbsp;<\/p>\n\n\n\n<p>W prowincjach nadmorskich, mimo \u017ce liderzy partii rz\u0105dowych i partii opozycyjnych byli obecni i podpisali rezolucje w Quebecu, nie mogli doprowadzi\u0107 do uchwalenia rezolucji w swoich cia\u0142ach ustawodawczych!&nbsp;<\/p>\n\n\n\n<p>6 marca&nbsp;<sup>rz\u0105d<\/sup>&nbsp;Tilleya w Nowym Brunszwiku zosta\u0142 pokonany w wyborach, skupionych wok\u00f3\u0142 kwestii konfederacji, przy zaledwie 8 zwolennikach planu zwi\u0105zkowego, przy 28 przeciwnikach konfederacji (i przy 4 o w\u0105tpliwej opinii) wybranych do nowego legislatura.&nbsp;A rz\u0105d Nowej Szkocji by\u0142 zbyt przera\u017cony, by nawet podda\u0107 rezolucj\u0119 Quebecu pod g\u0142osowanie. &nbsp;<\/p>\n\n\n\n<p>Konfederacja z prowincjami nadmorskimi w tym czasie by\u0142a martw\u0105 liter\u0105!!!<\/p>\n\n\n\n<p>W tym samym tygodniu rz\u0105d kanadyjski mia\u0142 wys\u0142a\u0107 now\u0105 delegacj\u0119 (w tym Macdonalda, Browna, Galta i Cartiera) do Londynu, aby wyja\u015bni\u0107 now\u0105 sytuacj\u0119 brytyjskiemu gabinetowi cesarskiemu.&nbsp;Delegacja zosta\u0142a przedstawiona kr\u00f3lowej i&nbsp;&nbsp;<strong>pozwolono jej uca\u0142owa\u0107 r\u0119k\u0119<\/strong>&nbsp;oraz spotka\u0107 si\u0119 z brytyjskim gabinetem.&nbsp;<\/p>\n\n\n\n<p>Brown mia\u0142 napisa\u0107 do \u017cony, \u017ce&nbsp;&nbsp;<em>\u201es\u0105 gotowi zrobi\u0107 wszystko, co tylko zechcemy\u201d,<\/em>&nbsp;&nbsp;bo Konfederacja by\u0142a polityk\u0105 Imperium Brytyjskiego.<\/p>\n\n\n\n<p>15 kwietnia&nbsp;<sup>prezydent<\/sup>&nbsp;Abraham Lincoln zosta\u0142 zamordowany przy u\u017cyciu tego samego gniazda konfederackich tajnych s\u0142u\u017cb, kt\u00f3re uciek\u0142o z Montrealu.<\/p>\n\n\n\n<p>[aby dowiedzie\u0107 si\u0119 wi\u0119cej o historii Kanady i zamachu na Lincolna, przeczytaj \u201e&nbsp;<a href=\"https:\/\/canadianpatriot.org\/2020\/11\/03\/understanding-the-tri-fold-nature-of-the-deep-state\/\">Zrozumienie potr\u00f3jnej natury g\u0142\u0119bokiego stanu<\/a>&nbsp;\u201d, autorstwa Matthew Ehreta]<\/p>\n\n\n\n<p>Ale w lipcu 1865 r. Union Pacific Railway w ko\u0144cu rozpocz\u0119\u0142a budow\u0119 w Omaha, a Central Pacific Railway zbudowa\u0142a prawie 50 mil tor\u00f3w i dotar\u0142a do G\u00f3r Skalistych.<\/p>\n\n\n\n<p>We wrze\u015bniu brytyjskie ministerstwo zwo\u0142a\u0142o Konfederack\u0105 Rad\u0119 ds. Traktat\u00f3w Handlowych w Quebecu pod przewodnictwem generalnego gubernatora Moncka (w sk\u0142ad kt\u00f3rej wchodzili Brown i Galt z Kanady oraz po jednym przedstawicielu z Nowego Brunszwiku, Nowej Szkocji, Wyspy Ksi\u0119cia Edwarda i Nowej Fundlandii), aby przyj\u0105\u0107 rezolucje, aby spr\u00f3bowa\u0107 d\u0105\u017cy\u0107 do tymczasowej kontynuacji obecnego traktatu o wzajemno\u015bci ze Stanami Zjednoczonymi.<\/p>\n\n\n\n<p>Nale\u017cy o tym pami\u0119ta\u0107, poniewa\u017c wojna domowa toczy\u0142a si\u0119 zar\u00f3wno z powodu niewolnictwa, jak i polityki gospodarczej.&nbsp;Monumentalna zmiana w Stanach Zjednoczonych rozpocz\u0119\u0142a si\u0119 wraz z wyborem Abrahama Lincolna i powrotem do ameryka\u0144skiego Systemu Aleksandra Hamiltona.<\/p>\n\n\n\n<p>Walka trwa\u0142a nadal, gdy protekcjonistyczna polityka skrzyd\u0142a Partii Republika\u0144skiej Henry&#8217;ego Careya pokona\u0142a sabota\u017c wolnych handlowc\u00f3w w partii republika\u0144skiej (takich jak William Cullen Bryant z Nowego Jorku).&nbsp;Stany Zjednoczone, kierowane przez Lincolna i Careya, ustanowi\u0142y taryf\u0119 Morrill, uruchomi\u0142y transkontynentaln\u0105 lini\u0119 kolejow\u0105 i stworzy\u0142y walut\u0119 narodow\u0105 (zielone banknoty) z obligacjami rz\u0105dowymi w celu sfinansowania ekspansji przemys\u0142owej i gospodarczej \u2013 aby wygra\u0107 wojn\u0119 domow\u0105.<\/p>\n\n\n\n<p>W listopadzie Brown zosta\u0142 wys\u0142any do Maritimes, aby spr\u00f3bowa\u0107 o\u017cywi\u0107 perspektywy konfederacji.&nbsp;<\/p>\n\n\n\n<p>Zwolennicy konfederacji morskiej obiecali zbudowa\u0107 kolej mi\u0119dzykolonialn\u0105 z Nowej Szkocji i Nowego Brunszwiku do Kanady Wschodniej (w celu po\u0142\u0105czenia z liniami kolejowymi Grand Trunk na zachodzie i lini\u0105 z Montrealu do Portland w stanie Maine);&nbsp;podczas gdy morscy przeciwnicy konfederacji obiecywali budow\u0119 linii kolejowej z Nowej Szkocji i Nowego Brunszwiku do Maine &#8211; ale wymaga\u0142oby to wsparcia zar\u00f3wno ze strony obecnie oboj\u0119tnego rz\u0105du ameryka\u0144skiego, jak i niesympatycznego rz\u0105du brytyjskiego.<\/p>\n\n\n\n<p>W tym czasie Nowa Szkocja mia\u0142a 60-milow\u0105 lini\u0119 kolejow\u0105 z Halifax do Truro, a Nowy Brunszwik mia\u0142 100-milow\u0105 lini\u0119 kolejow\u0105 z St. John do Shediac &#8211; podczas gdy Stany Zjednoczone by\u0142y zaanga\u017cowane w budow\u0119 transkontynentalnej linii kolejowej o d\u0142ugo\u015bci ponad 1500 mil przez ameryka\u0144sk\u0105 pustyni\u0119 i G\u00f3ry Skaliste!!!<\/p>\n\n\n\n<p>W Nowym Brunszwiku Brown spotka\u0142 si\u0119 z gubernatorem Gordonem, kt\u00f3ry po wizycie w Wielkiej Brytanii tego lata by\u0142 teraz zdecydowanym zwolennikiem konfederacji (i przeciwko Unii Morskiej), oraz z Wilmotem, kt\u00f3ry by\u0142 delegatem na wrze\u015bniow\u0105 Rad\u0119 Konfederacji.&nbsp;Wilmot, libera\u0142, by\u0142 wcze\u015bniej w konserwatywnych rz\u0105dach, ale odrzuci\u0142 konfederacj\u0119 i do\u0142\u0105czy\u0142 do nowego liberalnego rz\u0105du antykonfederacyjnego.&nbsp;Wilmot mia\u0142 wkr\u00f3tce zrezygnowa\u0107 z rz\u0105du i og\u0142osi\u0107 si\u0119 zwolennikiem konfederacji!<\/p>\n\n\n\n<p>W tym samym czasie Galt uda\u0142 si\u0119 do Stan\u00f3w Zjednoczonych i spotka\u0142 si\u0119 z sekretarzem skarbu McCullochem oraz sekretarzem stanu Sewardem.&nbsp;<\/p>\n\n\n\n<p>Seward powiedzia\u0142, \u017ce nowy traktat o wzajemno\u015bci nie wchodzi w rachub\u0119 \u2013 jedyn\u0105 opcj\u0105 by\u0142oby uchwalenie przepis\u00f3w handlowych przez oba rz\u0105dy.&nbsp;Podczas gdy kanadyjski gabinet zatwierdzi\u0142 te negocjacje, Brown nie zgodzi\u0142 si\u0119 z tym, poniewa\u017c bez traktatu i tylko z ustawodawstwem oznacza\u0142o to, \u017ce ka\u017cda ze stron mo\u017ce uchyli\u0107 dowolne ustawodawstwo w jednej chwili, a nast\u0119pnie Brown z\u0142o\u017cy\u0142 rezygnacj\u0119 z gabinetu.<\/p>\n\n\n\n<p>Chocia\u017c lord Palmerston, brytyjski premier, mia\u0142 nagle umrze\u0107 18 pa\u017adziernika 1865&nbsp;<sup>r<\/sup>&nbsp;&nbsp;., jego polityk\u0119 mia\u0142 kontynuowa\u0107 nieprzerwanie lord Russell.<\/p>\n\n\n\n<p>Przez 31 lat, od 1835 do 1866 (z wyj\u0105tkiem 4 kr\u00f3tkich przerw trwaj\u0105cych \u0142\u0105cznie oko\u0142o 8 lat), Palmerston i\/lub Russell byli premierami i\/lub ministrami spraw zagranicznych \u2013 w tym okresy bunt\u00f3w 1837, ruchu aneksyjnego 1849, Traktat o wzajemno\u015bci z 1854 r., wojna domowa w Ameryce, najazdy Fenian i konfederacja.&nbsp;Od 1846 do 1866 wszyscy generalni gubernatorzy Kanady byli mianowani przez rz\u0105d Russella lub Palmerstona!<\/p>\n\n\n\n<p>Ale wci\u0105\u017c co\u015b by\u0142o potrzebne (opr\u00f3cz przekupstwa i szanta\u017cu s\u0142abych urz\u0119dnik\u00f3w), aby populacja ludno\u015bci morskiej popar\u0142a plan Konfederacji, a tym samym poci\u0105gn\u0119\u0142a za sob\u0105 ostatnie opory w Maritimes przeciwko Konfederacji.<\/p>\n\n\n\n<p>A Fenianie z \u201ePalmerston&#8217;s Zoo\u201d mieli teraz zosta\u0107 wypuszczeni na wolno\u015b\u0107, aby ocali\u0107 plan konfederacji Imperium Brytyjskiego.<\/p>\n\n\n\n<p>[aby dowiedzie\u0107 si\u0119 wi\u0119cej o zoo w Palmerston, przeczytaj ksi\u0105\u017ck\u0119 \u201e&nbsp;<a href=\"https:\/\/larouchepub.com\/eiw\/public\/1994\/eirv21n16-19940415\/eirv21n16-19940415_006-palmerstons_london_during_the_18.pdf\">Londyn Palmerstona w latach 50. XIX wieku: wycieczka po ludzkim, wielokulturowym zoo<\/a>&nbsp;\u201d autorstwa Webstera Tarpleya.]<\/p>\n\n\n\n<p>[ci\u0105g dalszy w cz\u0119\u015bci 2, Wizja Feniana]<\/p>\n\n\n\n<p>\u0179r\u00f3d\u0142o  https:\/\/canadianpatriot.org\/2023\/07\/02\/the-dark-side-of-canadas-confederation\/<\/p>\n","protected":false},"excerpt":{"rendered":"<p>Geralda Therriena 1 lipca obchodzimy Dzie\u0144 Kanady, lub jak to si\u0119 kiedy\u015b nazywa\u0142o Dzie\u0144 Dominium, aby uczci\u0107 pierwotn\u0105 konfederacj\u0119 4 oddzielnych kolonii pod panowaniem brytyjskim, w 1 Dominium Kanady pod monarchi\u0105 brytyjsk\u0105, 1 lipca 1867. To jest opowie\u015b\u0107 o tym,&#8230; <\/p>\n","protected":false},"author":2,"featured_media":3042,"comment_status":"open","ping_status":"open","sticky":false,"template":"","format":"standard","meta":{"_acf_changed":false,"_bbp_topic_count":0,"_bbp_reply_count":0,"_bbp_total_topic_count":0,"_bbp_total_reply_count":0,"_bbp_voice_count":0,"_bbp_anonymous_reply_count":0,"_bbp_topic_count_hidden":0,"_bbp_reply_count_hidden":0,"_bbp_forum_subforum_count":0,"om_disable_all_campaigns":false,"_monsterinsights_skip_tracking":false,"footnotes":""},"categories":[93],"tags":[],"class_list":["post-3040","post","type-post","status-publish","format-standard","has-post-thumbnail","hentry","category-artykuly"],"acf":[],"aioseo_notices":[],"aioseo_head":"\n\t\t<!-- All in One SEO 5.0.1.1 - aioseo.com -->\n\t<meta name=\"description\" content=\"Geralda Therriena 1 lipca obchodzimy Dzie\u0144 Kanady, lub jak to si\u0119 kiedy\u015b nazywa\u0142o Dzie\u0144 Dominium, aby uczci\u0107 pierwotn\u0105 konfederacj\u0119 4 oddzielnych kolonii pod panowaniem brytyjskim, w 1 Dominium Kanady pod monarchi\u0105 brytyjsk\u0105, 1 lipca 1867. To jest opowie\u015b\u0107 o tym, jak Kanada sta\u0142a si\u0119 \u201eDominium\u201d brytyjskiej monarchii parlamentarnej \u2013 kt\u00f3ra pozostaje do dzi\u015b. The Dark\" \/>\n\t<meta name=\"robots\" content=\"max-image-preview:large\" \/>\n\t<meta name=\"author\" content=\"trinity\"\/>\n\t<link rel=\"canonical\" href=\"https:\/\/wia.net.pl\/index.php\/2023\/07\/04\/ciemna-strona-konfederacji-kanady\/\" \/>\n\t<meta name=\"generator\" content=\"All in One SEO (AIOSEO) 5.0.1.1\" \/>\n\t\t<meta property=\"og:locale\" content=\"pl_PL\" \/>\n\t\t<meta property=\"og:site_name\" content=\"Wolno\u015b\u0107 i Anarchia - Ka\u017cdy wewn\u0119trznie jest anarchist\u0105.\" \/>\n\t\t<meta property=\"og:type\" content=\"article\" \/>\n\t\t<meta property=\"og:title\" content=\"Ciemna strona Konfederacji Kanady - Wolno\u015b\u0107 i Anarchia\" \/>\n\t\t<meta property=\"og:description\" content=\"Geralda Therriena 1 lipca obchodzimy Dzie\u0144 Kanady, lub jak to si\u0119 kiedy\u015b nazywa\u0142o Dzie\u0144 Dominium, aby uczci\u0107 pierwotn\u0105 konfederacj\u0119 4 oddzielnych kolonii pod panowaniem brytyjskim, w 1 Dominium Kanady pod monarchi\u0105 brytyjsk\u0105, 1 lipca 1867. To jest opowie\u015b\u0107 o tym, jak Kanada sta\u0142a si\u0119 \u201eDominium\u201d brytyjskiej monarchii parlamentarnej \u2013 kt\u00f3ra pozostaje do dzi\u015b. The Dark\" \/>\n\t\t<meta property=\"og:url\" content=\"https:\/\/wia.net.pl\/index.php\/2023\/07\/04\/ciemna-strona-konfederacji-kanady\/\" \/>\n\t\t<meta property=\"og:image\" content=\"https:\/\/wia.net.pl\/wp-content\/uploads\/2023\/11\/cropped-freedom-i73367.jpg\" \/>\n\t\t<meta property=\"og:image:secure_url\" content=\"https:\/\/wia.net.pl\/wp-content\/uploads\/2023\/11\/cropped-freedom-i73367.jpg\" \/>\n\t\t<meta property=\"article:published_time\" content=\"2023-07-04T14:30:39+00:00\" \/>\n\t\t<meta property=\"article:modified_time\" content=\"2023-07-04T14:30:39+00:00\" \/>\n\t\t<meta name=\"twitter:card\" content=\"summary_large_image\" \/>\n\t\t<meta name=\"twitter:title\" content=\"Ciemna strona Konfederacji Kanady - Wolno\u015b\u0107 i Anarchia\" \/>\n\t\t<meta name=\"twitter:description\" content=\"Geralda Therriena 1 lipca obchodzimy Dzie\u0144 Kanady, lub jak to si\u0119 kiedy\u015b nazywa\u0142o Dzie\u0144 Dominium, aby uczci\u0107 pierwotn\u0105 konfederacj\u0119 4 oddzielnych kolonii pod panowaniem brytyjskim, w 1 Dominium Kanady pod monarchi\u0105 brytyjsk\u0105, 1 lipca 1867. To jest opowie\u015b\u0107 o tym, jak Kanada sta\u0142a si\u0119 \u201eDominium\u201d brytyjskiej monarchii parlamentarnej \u2013 kt\u00f3ra pozostaje do dzi\u015b. The Dark\" \/>\n\t\t<meta name=\"twitter:image\" content=\"https:\/\/wia.net.pl\/wp-content\/uploads\/2023\/11\/cropped-freedom-i73367.jpg\" \/>\n\t\t<script type=\"application\/ld+json\" class=\"aioseo-schema\">\n\t\t\t{\"@context\":\"https:\\\/\\\/schema.org\",\"@graph\":[{\"@type\":\"BlogPosting\",\"@id\":\"https:\\\/\\\/wia.net.pl\\\/index.php\\\/2023\\\/07\\\/04\\\/ciemna-strona-konfederacji-kanady\\\/#blogposting\",\"name\":\"Ciemna strona Konfederacji Kanady - Wolno\\u015b\\u0107 i Anarchia\",\"headline\":\"Ciemna strona Konfederacji Kanady\",\"author\":{\"@id\":\"https:\\\/\\\/wia.net.pl\\\/index.php\\\/author\\\/trinity\\\/#author\"},\"publisher\":{\"@id\":\"https:\\\/\\\/wia.net.pl\\\/#person\"},\"image\":{\"@type\":\"ImageObject\",\"url\":\"https:\\\/\\\/wia.net.pl\\\/wp-content\\\/uploads\\\/2023\\\/07\\\/can1.jpg\",\"width\":1920,\"height\":1080},\"datePublished\":\"2023-07-04T16:30:39+02:00\",\"dateModified\":\"2023-07-04T16:30:39+02:00\",\"inLanguage\":\"pl-PL\",\"mainEntityOfPage\":{\"@id\":\"https:\\\/\\\/wia.net.pl\\\/index.php\\\/2023\\\/07\\\/04\\\/ciemna-strona-konfederacji-kanady\\\/#webpage\"},\"isPartOf\":{\"@id\":\"https:\\\/\\\/wia.net.pl\\\/index.php\\\/2023\\\/07\\\/04\\\/ciemna-strona-konfederacji-kanady\\\/#webpage\"},\"articleSection\":\"Artyku\\u0142y\"},{\"@type\":\"BreadcrumbList\",\"@id\":\"https:\\\/\\\/wia.net.pl\\\/index.php\\\/2023\\\/07\\\/04\\\/ciemna-strona-konfederacji-kanady\\\/#breadcrumblist\",\"itemListElement\":[{\"@type\":\"ListItem\",\"@id\":\"https:\\\/\\\/wia.net.pl#listItem\",\"position\":1,\"name\":\"Home\",\"item\":\"https:\\\/\\\/wia.net.pl\",\"nextItem\":{\"@type\":\"ListItem\",\"@id\":\"https:\\\/\\\/wia.net.pl\\\/index.php\\\/category\\\/artykuly\\\/#listItem\",\"name\":\"Artyku\\u0142y\"}},{\"@type\":\"ListItem\",\"@id\":\"https:\\\/\\\/wia.net.pl\\\/index.php\\\/category\\\/artykuly\\\/#listItem\",\"position\":2,\"name\":\"Artyku\\u0142y\",\"item\":\"https:\\\/\\\/wia.net.pl\\\/index.php\\\/category\\\/artykuly\\\/\",\"nextItem\":{\"@type\":\"ListItem\",\"@id\":\"https:\\\/\\\/wia.net.pl\\\/index.php\\\/2023\\\/07\\\/04\\\/ciemna-strona-konfederacji-kanady\\\/#listItem\",\"name\":\"Ciemna strona Konfederacji Kanady\"},\"previousItem\":{\"@type\":\"ListItem\",\"@id\":\"https:\\\/\\\/wia.net.pl#listItem\",\"name\":\"Home\"}},{\"@type\":\"ListItem\",\"@id\":\"https:\\\/\\\/wia.net.pl\\\/index.php\\\/2023\\\/07\\\/04\\\/ciemna-strona-konfederacji-kanady\\\/#listItem\",\"position\":3,\"name\":\"Ciemna strona Konfederacji Kanady\",\"previousItem\":{\"@type\":\"ListItem\",\"@id\":\"https:\\\/\\\/wia.net.pl\\\/index.php\\\/category\\\/artykuly\\\/#listItem\",\"name\":\"Artyku\\u0142y\"}}]},{\"@type\":\"Person\",\"@id\":\"https:\\\/\\\/wia.net.pl\\\/#person\",\"name\":\"Bart\\u0142omiej Talarczyk\",\"image\":{\"@type\":\"ImageObject\",\"@id\":\"https:\\\/\\\/wia.net.pl\\\/index.php\\\/2023\\\/07\\\/04\\\/ciemna-strona-konfederacji-kanady\\\/#personImage\",\"url\":\"https:\\\/\\\/wia.net.pl\\\/wp-content\\\/uploads\\\/avatar-privacy\\\/cache\\\/user\\\/1\\\/7\\\/176a6b161c58363ff49b5c167264231f519f5c7fa183ca1f61e891769b6b56d5-96.jpg\",\"width\":96,\"height\":96,\"caption\":\"Bart\\u0142omiej Talarczyk\"}},{\"@type\":\"Person\",\"@id\":\"https:\\\/\\\/wia.net.pl\\\/index.php\\\/author\\\/trinity\\\/#author\",\"url\":\"https:\\\/\\\/wia.net.pl\\\/index.php\\\/author\\\/trinity\\\/\",\"name\":\"trinity\",\"image\":{\"@type\":\"ImageObject\",\"@id\":\"https:\\\/\\\/wia.net.pl\\\/index.php\\\/2023\\\/07\\\/04\\\/ciemna-strona-konfederacji-kanady\\\/#authorImage\",\"url\":\"https:\\\/\\\/wia.net.pl\\\/wp-content\\\/uploads\\\/avatar-privacy\\\/cache\\\/user\\\/5\\\/f\\\/5f6547cf82495eaa10e100a6a45d5dbde2dfdc1be88557de2018fca705bdf6f1-96.jpg\",\"width\":96,\"height\":96,\"caption\":\"trinity\"}},{\"@type\":\"WebPage\",\"@id\":\"https:\\\/\\\/wia.net.pl\\\/index.php\\\/2023\\\/07\\\/04\\\/ciemna-strona-konfederacji-kanady\\\/#webpage\",\"url\":\"https:\\\/\\\/wia.net.pl\\\/index.php\\\/2023\\\/07\\\/04\\\/ciemna-strona-konfederacji-kanady\\\/\",\"name\":\"Ciemna strona Konfederacji Kanady - Wolno\\u015b\\u0107 i Anarchia\",\"description\":\"Geralda Therriena 1 lipca obchodzimy Dzie\\u0144 Kanady, lub jak to si\\u0119 kiedy\\u015b nazywa\\u0142o Dzie\\u0144 Dominium, aby uczci\\u0107 pierwotn\\u0105 konfederacj\\u0119 4 oddzielnych kolonii pod panowaniem brytyjskim, w 1 Dominium Kanady pod monarchi\\u0105 brytyjsk\\u0105, 1 lipca 1867. To jest opowie\\u015b\\u0107 o tym, jak Kanada sta\\u0142a si\\u0119 \\u201eDominium\\u201d brytyjskiej monarchii parlamentarnej \\u2013 kt\\u00f3ra pozostaje do dzi\\u015b. The Dark\",\"inLanguage\":\"pl-PL\",\"isPartOf\":{\"@id\":\"https:\\\/\\\/wia.net.pl\\\/#website\"},\"breadcrumb\":{\"@id\":\"https:\\\/\\\/wia.net.pl\\\/index.php\\\/2023\\\/07\\\/04\\\/ciemna-strona-konfederacji-kanady\\\/#breadcrumblist\"},\"author\":{\"@id\":\"https:\\\/\\\/wia.net.pl\\\/index.php\\\/author\\\/trinity\\\/#author\"},\"creator\":{\"@id\":\"https:\\\/\\\/wia.net.pl\\\/index.php\\\/author\\\/trinity\\\/#author\"},\"image\":{\"@type\":\"ImageObject\",\"url\":\"https:\\\/\\\/wia.net.pl\\\/wp-content\\\/uploads\\\/2023\\\/07\\\/can1.jpg\",\"@id\":\"https:\\\/\\\/wia.net.pl\\\/index.php\\\/2023\\\/07\\\/04\\\/ciemna-strona-konfederacji-kanady\\\/#mainImage\",\"width\":1920,\"height\":1080},\"primaryImageOfPage\":{\"@id\":\"https:\\\/\\\/wia.net.pl\\\/index.php\\\/2023\\\/07\\\/04\\\/ciemna-strona-konfederacji-kanady\\\/#mainImage\"},\"datePublished\":\"2023-07-04T16:30:39+02:00\",\"dateModified\":\"2023-07-04T16:30:39+02:00\"},{\"@type\":\"WebSite\",\"@id\":\"https:\\\/\\\/wia.net.pl\\\/#website\",\"url\":\"https:\\\/\\\/wia.net.pl\\\/\",\"name\":\"Wolno\\u015b\\u0107 i Anarchia\",\"description\":\"Ka\\u017cdy wewn\\u0119trznie jest anarchist\\u0105.\",\"inLanguage\":\"pl-PL\",\"publisher\":{\"@id\":\"https:\\\/\\\/wia.net.pl\\\/#person\"}}]}\n\t\t<\/script>\n\t\t<!-- All in One SEO -->\n\n","aioseo_head_json":{"title":"Ciemna strona Konfederacji Kanady - Wolno\u015b\u0107 i Anarchia","description":"Geralda Therriena 1 lipca obchodzimy Dzie\u0144 Kanady, lub jak to si\u0119 kiedy\u015b nazywa\u0142o Dzie\u0144 Dominium, aby uczci\u0107 pierwotn\u0105 konfederacj\u0119 4 oddzielnych kolonii pod panowaniem brytyjskim, w 1 Dominium Kanady pod monarchi\u0105 brytyjsk\u0105, 1 lipca 1867. To jest opowie\u015b\u0107 o tym, jak Kanada sta\u0142a si\u0119 \u201eDominium\u201d brytyjskiej monarchii parlamentarnej \u2013 kt\u00f3ra pozostaje do dzi\u015b. The Dark","canonical_url":"https:\/\/wia.net.pl\/index.php\/2023\/07\/04\/ciemna-strona-konfederacji-kanady\/","robots":"max-image-preview:large","keywords":"","webmasterTools":{"miscellaneous":""},"schema":{"@context":"https:\/\/schema.org","@graph":[{"@type":"BlogPosting","@id":"https:\/\/wia.net.pl\/index.php\/2023\/07\/04\/ciemna-strona-konfederacji-kanady\/#blogposting","name":"Ciemna strona Konfederacji Kanady - Wolno\u015b\u0107 i Anarchia","headline":"Ciemna strona Konfederacji Kanady","author":{"@id":"https:\/\/wia.net.pl\/index.php\/author\/trinity\/#author"},"publisher":{"@id":"https:\/\/wia.net.pl\/#person"},"image":{"@type":"ImageObject","url":"https:\/\/wia.net.pl\/wp-content\/uploads\/2023\/07\/can1.jpg","width":1920,"height":1080},"datePublished":"2023-07-04T16:30:39+02:00","dateModified":"2023-07-04T16:30:39+02:00","inLanguage":"pl-PL","mainEntityOfPage":{"@id":"https:\/\/wia.net.pl\/index.php\/2023\/07\/04\/ciemna-strona-konfederacji-kanady\/#webpage"},"isPartOf":{"@id":"https:\/\/wia.net.pl\/index.php\/2023\/07\/04\/ciemna-strona-konfederacji-kanady\/#webpage"},"articleSection":"Artyku\u0142y"},{"@type":"BreadcrumbList","@id":"https:\/\/wia.net.pl\/index.php\/2023\/07\/04\/ciemna-strona-konfederacji-kanady\/#breadcrumblist","itemListElement":[{"@type":"ListItem","@id":"https:\/\/wia.net.pl#listItem","position":1,"name":"Home","item":"https:\/\/wia.net.pl","nextItem":{"@type":"ListItem","@id":"https:\/\/wia.net.pl\/index.php\/category\/artykuly\/#listItem","name":"Artyku\u0142y"}},{"@type":"ListItem","@id":"https:\/\/wia.net.pl\/index.php\/category\/artykuly\/#listItem","position":2,"name":"Artyku\u0142y","item":"https:\/\/wia.net.pl\/index.php\/category\/artykuly\/","nextItem":{"@type":"ListItem","@id":"https:\/\/wia.net.pl\/index.php\/2023\/07\/04\/ciemna-strona-konfederacji-kanady\/#listItem","name":"Ciemna strona Konfederacji Kanady"},"previousItem":{"@type":"ListItem","@id":"https:\/\/wia.net.pl#listItem","name":"Home"}},{"@type":"ListItem","@id":"https:\/\/wia.net.pl\/index.php\/2023\/07\/04\/ciemna-strona-konfederacji-kanady\/#listItem","position":3,"name":"Ciemna strona Konfederacji Kanady","previousItem":{"@type":"ListItem","@id":"https:\/\/wia.net.pl\/index.php\/category\/artykuly\/#listItem","name":"Artyku\u0142y"}}]},{"@type":"Person","@id":"https:\/\/wia.net.pl\/#person","name":"Bart\u0142omiej Talarczyk","image":{"@type":"ImageObject","@id":"https:\/\/wia.net.pl\/index.php\/2023\/07\/04\/ciemna-strona-konfederacji-kanady\/#personImage","url":"https:\/\/wia.net.pl\/wp-content\/uploads\/avatar-privacy\/cache\/user\/1\/7\/176a6b161c58363ff49b5c167264231f519f5c7fa183ca1f61e891769b6b56d5-96.jpg","width":96,"height":96,"caption":"Bart\u0142omiej Talarczyk"}},{"@type":"Person","@id":"https:\/\/wia.net.pl\/index.php\/author\/trinity\/#author","url":"https:\/\/wia.net.pl\/index.php\/author\/trinity\/","name":"trinity","image":{"@type":"ImageObject","@id":"https:\/\/wia.net.pl\/index.php\/2023\/07\/04\/ciemna-strona-konfederacji-kanady\/#authorImage","url":"https:\/\/wia.net.pl\/wp-content\/uploads\/avatar-privacy\/cache\/user\/5\/f\/5f6547cf82495eaa10e100a6a45d5dbde2dfdc1be88557de2018fca705bdf6f1-96.jpg","width":96,"height":96,"caption":"trinity"}},{"@type":"WebPage","@id":"https:\/\/wia.net.pl\/index.php\/2023\/07\/04\/ciemna-strona-konfederacji-kanady\/#webpage","url":"https:\/\/wia.net.pl\/index.php\/2023\/07\/04\/ciemna-strona-konfederacji-kanady\/","name":"Ciemna strona Konfederacji Kanady - Wolno\u015b\u0107 i Anarchia","description":"Geralda Therriena 1 lipca obchodzimy Dzie\u0144 Kanady, lub jak to si\u0119 kiedy\u015b nazywa\u0142o Dzie\u0144 Dominium, aby uczci\u0107 pierwotn\u0105 konfederacj\u0119 4 oddzielnych kolonii pod panowaniem brytyjskim, w 1 Dominium Kanady pod monarchi\u0105 brytyjsk\u0105, 1 lipca 1867. To jest opowie\u015b\u0107 o tym, jak Kanada sta\u0142a si\u0119 \u201eDominium\u201d brytyjskiej monarchii parlamentarnej \u2013 kt\u00f3ra pozostaje do dzi\u015b. The Dark","inLanguage":"pl-PL","isPartOf":{"@id":"https:\/\/wia.net.pl\/#website"},"breadcrumb":{"@id":"https:\/\/wia.net.pl\/index.php\/2023\/07\/04\/ciemna-strona-konfederacji-kanady\/#breadcrumblist"},"author":{"@id":"https:\/\/wia.net.pl\/index.php\/author\/trinity\/#author"},"creator":{"@id":"https:\/\/wia.net.pl\/index.php\/author\/trinity\/#author"},"image":{"@type":"ImageObject","url":"https:\/\/wia.net.pl\/wp-content\/uploads\/2023\/07\/can1.jpg","@id":"https:\/\/wia.net.pl\/index.php\/2023\/07\/04\/ciemna-strona-konfederacji-kanady\/#mainImage","width":1920,"height":1080},"primaryImageOfPage":{"@id":"https:\/\/wia.net.pl\/index.php\/2023\/07\/04\/ciemna-strona-konfederacji-kanady\/#mainImage"},"datePublished":"2023-07-04T16:30:39+02:00","dateModified":"2023-07-04T16:30:39+02:00"},{"@type":"WebSite","@id":"https:\/\/wia.net.pl\/#website","url":"https:\/\/wia.net.pl\/","name":"Wolno\u015b\u0107 i Anarchia","description":"Ka\u017cdy wewn\u0119trznie jest anarchist\u0105.","inLanguage":"pl-PL","publisher":{"@id":"https:\/\/wia.net.pl\/#person"}}]},"og:locale":"pl_PL","og:site_name":"Wolno\u015b\u0107 i Anarchia - Ka\u017cdy wewn\u0119trznie jest anarchist\u0105.","og:type":"article","og:title":"Ciemna strona Konfederacji Kanady - Wolno\u015b\u0107 i Anarchia","og:description":"Geralda Therriena 1 lipca obchodzimy Dzie\u0144 Kanady, lub jak to si\u0119 kiedy\u015b nazywa\u0142o Dzie\u0144 Dominium, aby uczci\u0107 pierwotn\u0105 konfederacj\u0119 4 oddzielnych kolonii pod panowaniem brytyjskim, w 1 Dominium Kanady pod monarchi\u0105 brytyjsk\u0105, 1 lipca 1867. To jest opowie\u015b\u0107 o tym, jak Kanada sta\u0142a si\u0119 \u201eDominium\u201d brytyjskiej monarchii parlamentarnej \u2013 kt\u00f3ra pozostaje do dzi\u015b. The Dark","og:url":"https:\/\/wia.net.pl\/index.php\/2023\/07\/04\/ciemna-strona-konfederacji-kanady\/","og:image":"https:\/\/wia.net.pl\/wp-content\/uploads\/2023\/11\/cropped-freedom-i73367.jpg","og:image:secure_url":"https:\/\/wia.net.pl\/wp-content\/uploads\/2023\/11\/cropped-freedom-i73367.jpg","article:published_time":"2023-07-04T14:30:39+00:00","article:modified_time":"2023-07-04T14:30:39+00:00","twitter:card":"summary_large_image","twitter:title":"Ciemna strona Konfederacji Kanady - Wolno\u015b\u0107 i Anarchia","twitter:description":"Geralda Therriena 1 lipca obchodzimy Dzie\u0144 Kanady, lub jak to si\u0119 kiedy\u015b nazywa\u0142o Dzie\u0144 Dominium, aby uczci\u0107 pierwotn\u0105 konfederacj\u0119 4 oddzielnych kolonii pod panowaniem brytyjskim, w 1 Dominium Kanady pod monarchi\u0105 brytyjsk\u0105, 1 lipca 1867. To jest opowie\u015b\u0107 o tym, jak Kanada sta\u0142a si\u0119 \u201eDominium\u201d brytyjskiej monarchii parlamentarnej \u2013 kt\u00f3ra pozostaje do dzi\u015b. The Dark","twitter:image":"https:\/\/wia.net.pl\/wp-content\/uploads\/2023\/11\/cropped-freedom-i73367.jpg"},"aioseo_meta_data":{"post_id":"3040","title":null,"description":null,"keywords":[],"keyphrases":{"focus":{"keyphrase":"","score":0,"analysis":{"keyphraseInTitle":{"score":0,"maxScore":9,"error":1}}},"additional":[]},"primary_term":null,"canonical_url":null,"og_title":null,"og_description":null,"og_object_type":"default","og_image_type":"default","og_image_url":null,"og_image_width":null,"og_image_height":null,"og_image_custom_url":null,"og_image_custom_fields":null,"og_video":"","og_custom_url":null,"og_article_section":null,"og_article_tags":[],"twitter_use_og":false,"twitter_card":"default","twitter_image_type":"default","twitter_image_url":null,"twitter_image_custom_url":null,"twitter_image_custom_fields":null,"twitter_title":null,"twitter_description":null,"schema":{"blockGraphs":[],"customGraphs":[],"default":{"data":{"Article":[],"Course":[],"Dataset":[],"FAQPage":[],"Movie":[],"Person":[],"Product":[],"ProductReview":[],"Car":[],"Recipe":[],"Service":[],"SoftwareApplication":[],"WebPage":[]},"graphName":"BlogPosting","isEnabled":true},"graphs":[]},"schema_type":"default","schema_type_options":null,"pillar_content":false,"robots_default":true,"robots_noindex":false,"robots_noarchive":false,"robots_nosnippet":false,"robots_nofollow":false,"robots_noimageindex":false,"robots_noodp":false,"robots_notranslate":false,"robots_max_snippet":"-1","robots_max_videopreview":"-1","robots_max_imagepreview":"large","priority":null,"frequency":"default","local_seo":null,"breadcrumb_settings":null,"limit_modified_date":false,"ai":null,"created":"2023-07-04 14:30:39","updated":"2025-06-04 08:35:56","seo_analyzer_scan_date":null,"focus_keyword":null,"additional_keywords":null,"truseo_locale":null},"aioseo_breadcrumb":"<div class=\"aioseo-breadcrumbs\"><span class=\"aioseo-breadcrumb\">\n\t\t\t<a href=\"https:\/\/wia.net.pl\" title=\"Home\">Home<\/a>\n\t\t<\/span><span class=\"aioseo-breadcrumb-separator\">&raquo;<\/span><span class=\"aioseo-breadcrumb\">\n\t\t\t<a href=\"https:\/\/wia.net.pl\/index.php\/category\/artykuly\/\" title=\"Artyku\u0142y\">Artyku\u0142y<\/a>\n\t\t<\/span><span class=\"aioseo-breadcrumb-separator\">&raquo;<\/span><span class=\"aioseo-breadcrumb\">\n\t\t\tCiemna strona Konfederacji Kanady\n\t\t<\/span><\/div>","aioseo_breadcrumb_json":[{"label":"Home","link":"https:\/\/wia.net.pl"},{"label":"Artyku\u0142y","link":"https:\/\/wia.net.pl\/index.php\/category\/artykuly\/"},{"label":"Ciemna strona Konfederacji Kanady","link":"https:\/\/wia.net.pl\/index.php\/2023\/07\/04\/ciemna-strona-konfederacji-kanady\/"}],"_links":{"self":[{"href":"https:\/\/wia.net.pl\/index.php\/wp-json\/wp\/v2\/posts\/3040"}],"collection":[{"href":"https:\/\/wia.net.pl\/index.php\/wp-json\/wp\/v2\/posts"}],"about":[{"href":"https:\/\/wia.net.pl\/index.php\/wp-json\/wp\/v2\/types\/post"}],"author":[{"embeddable":true,"href":"https:\/\/wia.net.pl\/index.php\/wp-json\/wp\/v2\/users\/2"}],"replies":[{"embeddable":true,"href":"https:\/\/wia.net.pl\/index.php\/wp-json\/wp\/v2\/comments?post=3040"}],"version-history":[{"count":1,"href":"https:\/\/wia.net.pl\/index.php\/wp-json\/wp\/v2\/posts\/3040\/revisions"}],"predecessor-version":[{"id":3043,"href":"https:\/\/wia.net.pl\/index.php\/wp-json\/wp\/v2\/posts\/3040\/revisions\/3043"}],"wp:featuredmedia":[{"embeddable":true,"href":"https:\/\/wia.net.pl\/index.php\/wp-json\/wp\/v2\/media\/3042"}],"wp:attachment":[{"href":"https:\/\/wia.net.pl\/index.php\/wp-json\/wp\/v2\/media?parent=3040"}],"wp:term":[{"taxonomy":"category","embeddable":true,"href":"https:\/\/wia.net.pl\/index.php\/wp-json\/wp\/v2\/categories?post=3040"},{"taxonomy":"post_tag","embeddable":true,"href":"https:\/\/wia.net.pl\/index.php\/wp-json\/wp\/v2\/tags?post=3040"}],"curies":[{"name":"wp","href":"https:\/\/api.w.org\/{rel}","templated":true}]}}