{"id":3044,"date":"2023-07-04T17:13:23","date_gmt":"2023-07-04T15:13:23","guid":{"rendered":"https:\/\/wia.net.pl\/?p=3044"},"modified":"2023-07-04T17:13:23","modified_gmt":"2023-07-04T15:13:23","slug":"w-holandii-ogloszono-stan-wyjatkowy-protesty-rolnikow","status":"publish","type":"post","link":"https:\/\/wia.net.pl\/index.php\/2023\/07\/04\/w-holandii-ogloszono-stan-wyjatkowy-protesty-rolnikow\/","title":{"rendered":"W Holandii og\u0142oszono stan wyj\u0105tkowy &#8211; Protesty Rolnik\u00f3w"},"content":{"rendered":"\n<p>W Holandii og\u0142oszono stan wyj\u0105tkowy, gdy w\u0142adcy pr\u00f3buj\u0105 powstrzyma\u0107 rolnik\u00f3w przed protestami<\/p>\n\n\n\n<p>Autor, <a href=\"https:\/\/www.shtfplan.com\/author\/admin\">Mac Slavo<\/a><\/p>\n\n\n\n<p><\/p>\n\n\n\n<figure class=\"wp-block-image size-full is-resized\"><img loading=\"lazy\" decoding=\"async\" src=\"https:\/\/wia.net.pl\/wp-content\/uploads\/2023\/07\/farmers.jpg\" alt=\"\" class=\"wp-image-3045\" width=\"839\" height=\"560\" srcset=\"https:\/\/wia.net.pl\/wp-content\/uploads\/2023\/07\/farmers.jpg 500w, https:\/\/wia.net.pl\/wp-content\/uploads\/2023\/07\/farmers-300x200.jpg 300w\" sizes=\"(max-width: 839px) 100vw, 839px\" \/><\/figure>\n\n\n\n<p><\/p>\n\n\n\n<p>Haga, siedziba klasy rz\u0105dz\u0105cej w Holandii, og\u0142osi\u0142a stan wyj\u0105tkowy, aby uniemo\u017cliwi\u0107 rolnikom wje\u017cd\u017canie traktorami do miasta w prote\u015bcie przeciwko obowi\u0105zkowym rz\u0105dowym celom redukcji nawoz\u00f3w.\u00a0Rolnicy twierdz\u0105, \u017ce ich prawa i wolno\u015b\u0107 s\u0105 deptane przez totalitarny system rz\u0105d\u00f3w, kt\u00f3ry wszyscy znamy jako \u201edemokracj\u0119\u201d.<\/p>\n\n\n\n<p><a href=\"https:\/\/www.shtfplan.com\/headline-news\/a-state-of-martial-law-america-is-a-military-dictatorship-disguised-as-a-democracy\" target=\"_blank\" rel=\"noreferrer noopener\">Stan wojenny: Ameryka to dyktatura wojskowa udaj\u0105ca demokracj\u0119<\/a><\/p>\n\n\n\n<p>Demokracja na ca\u0142ym \u015bwiecie jest, nawet je\u015bli jest doskonale prowadzona, niczym wi\u0119cej ni\u017c rz\u0105dami mot\u0142ochu i niczym innym jak niewolnictwem.&nbsp;Wszelka wolno\u015b\u0107 jest iluzj\u0105 tak d\u0142ugo, jak istniej\u0105 rz\u0105dy, ludzie b\u0119d\u0105 oszukiwani jako ich niewolnicy.<\/p>\n\n\n\n<p><a href=\"https:\/\/www.shtfplan.com\/headline-news\/dystopia-disguised-as-democracy-all-the-ways-in-which-freedom-is-an-illusion\" target=\"_blank\" rel=\"noreferrer noopener\">Dystopia przebrana za demokracj\u0119: wszystkie sposoby, w jakie wolno\u015b\u0107 jest iluzj\u0105<\/a><\/p>\n\n\n\n<p><a href=\"https:\/\/www.shtfplan.com\/headline-news\/the-path-to-freedom-abolishing-slavery\" target=\"_blank\" rel=\"noreferrer noopener\">Droga do wolno\u015bci i zniesienia niewolnictwa<\/a><\/p>\n\n\n\n<p>Organizatorami czwartkowego protestu s\u0105 Wojska Obrony Rolnik\u00f3w.&nbsp;M\u00f3wili, \u017ce stan wyj\u0105tkowy jest sposobem na zd\u0142awienie ich demokratycznych praw i wolno\u015bci zgromadze\u0144.&nbsp;Oczywi\u015bcie ich rz\u0105d, jak wszystkie rz\u0105dy, postrzega ich tylko jako niewolnik\u00f3w, kt\u00f3rych nale\u017cy s\u0142ucha\u0107, wi\u0119c nie dbaj\u0105 o prawa ani wolno\u015b\u0107.&nbsp;W\u0142adcy my\u015bl\u0105, \u017ce s\u0105 w\u0142a\u015bcicielami swoich niewolnik\u00f3w.&nbsp;To tak, jakby\u015b wierzy\u0142, \u017ce twoja krowa ma prawo g\u0142osowa\u0107, aby nie zosta\u0142a zjedzona.&nbsp;Poj\u0119cie rz\u0105du staje si\u0119 z dnia na dzie\u0144 coraz bardziej absurdalne, a jednak niewolnicy nadal utrzymuj\u0105 system, kt\u00f3ry ich uciska.<\/p>\n\n\n\n<p><\/p>\n\n\n\n<p>Holenderscy rolnicy postanowili nie s\u0142ucha\u0107 i uda\u0107 si\u0119 do Hagi, aby zaprotestowa\u0107 niezale\u017cnie od stanu wyj\u0105tkowego.&nbsp;Chocia\u017c, je\u015bli zamierzaj\u0105 nie przestrzega\u0107 stanu wyj\u0105tkowego, dlaczego po prostu nie sprzeciwiaj\u0105 si\u0119 niesprawiedliwemu prawu, przeciwko kt\u00f3remu protestuj\u0105?&nbsp;B\u0142aganie mistrza o d\u0142u\u017csze \u0142a\u0144cuchy nigdy nie dzia\u0142a, a je\u015bli ju\u017c, to tylko tymczasowe.&nbsp;Sposobem na zako\u0144czenie tego jest usuni\u0119cie systemu, kt\u00f3ry zak\u0142ada \u0142a\u0144cuchy na ludzi.<\/p>\n\n\n\n<p><\/p>\n\n\n\n<p><\/p>\n\n\n\n<blockquote class=\"wp-block-quote is-layout-flow wp-block-quote-is-layout-flow\">\n<p>\u201eHolandia od lat nie realizuje swoich cel\u00f3w klimatycznych.&nbsp;Teraz nadszed\u0142 czas na wielki krok naprz\u00f3d\u201d \u2013&nbsp;&nbsp;<a href=\"https:\/\/www.euronews.com\/green\/2023\/04\/27\/how-the-netherlands-plans-to-spend-28bn-on-slashing-emissions-by-2030\" target=\"_blank\" rel=\"noreferrer noopener\">powiedzia\u0142 Jetten<\/a>&nbsp;, nazywaj\u0105c pakiet \u201eambitnym\u201d.&nbsp;Przedstawi\u0142 120 r\u00f3\u017cnych dzia\u0142a\u0144, kt\u00f3re jego zdaniem sprawi\u0105, \u017ce do 2030 r. emisje CO&nbsp;<sub>2<\/sub>&nbsp;w Holandii b\u0119d\u0105 o 55 proc. ni\u017csze ni\u017c w 1990 r.<\/p>\n\n\n\n<p>Holenderski rz\u0105d mo\u017ce podobno wyda\u0107 28 miliard\u00f3w euro na obni\u017cenie temperatury na Ziemi o 0,000036 stopnia.&nbsp;Oznacza\u0142oby to, \u017ce ka\u017cdy mieszkaniec musia\u0142by wp\u0142aci\u0107 oko\u0142o 1647 euro, a czteroosobowa rodzina oko\u0142o 6588 euro.,&nbsp;&nbsp;<em><a href=\"https:\/\/newsfacts.info\/v\/649f1764c66a5239bf54a05a\/de_impact_van_0%2C000036_op_verschillende_gebieden\" target=\"_blank\" rel=\"noreferrer noopener\">donosi News Facts<\/a><\/em>&nbsp;.&nbsp;<a href=\"https:\/\/expose-news.com\/2023\/07\/02\/dutch-government-declares-state-of\/\" target=\"_blank\" rel=\"noreferrer noopener\"><em>&#8211; The Daily Expos\u00e9<\/em><\/a><\/p>\n<\/blockquote>\n\n\n\n<p>Wsp\u00f3\u0142za\u0142o\u017cyciel Greenpeace, dr Patrick Moore, wyja\u015bni\u0142, w jaki spos\u00f3b globalistyczni w\u0142adcy, w tym Klaus Schwab i Organizacja Narod\u00f3w Zjednoczonych, wykorzystuj\u0105 oszustwo klimatyczne jako pretekst do odci\u0119cia paliw kopalnych i nawoz\u00f3w azotowych, aby celowo wyludni\u0107 planet\u0119.<\/p>\n\n\n\n<p>W szeroko zakrojonej dyskusji dotycz\u0105cej tego, czy Ziemia zmierza do kolejnej epoki lodowcowej, maksymalnej liczby ludzi, jak\u0105 mo\u017ce obs\u0142u\u017cy\u0107 kula ziemska, co by si\u0119 sta\u0142o, gdyby populacja podwoi\u0142a si\u0119, czy nasi panowie troszcz\u0105 si\u0119 o przysz\u0142o\u015b\u0107, czy tylko o sw\u00f3j czas panowanie nad innymi i znaczenie zr\u00f3wnowa\u017conej energii, dr Moore powiedzia\u0142:<\/p>\n\n\n\n<p>\u201eDwutlenek w\u0119gla  temperatura [ ] s\u0105 w rzeczywisto\u015bci nieznacznie ujemnie skorelowane w d\u0142ugim zapisie historycznym.\u00a0Innymi s\u0142owy, nie jest to zwi\u0105zek przyczynowo-skutkowy\u2026 Nie ma historycznego zwi\u0105zku mi\u0119dzy poziomem CO\u00a0<sub>2<\/sub>\u00a0w atmosferze a temperatur\u0105 ziemi\u2026 Klimat zmieni\u0142 si\u0119 na d\u0142ugo przed tym, zanim cz\u0142owiek m\u00f3g\u0142 mie\u0107 na to jakikolwiek wp\u0142yw.\u00a0Zmienia\u0142o si\u0119 przez ca\u0142\u0105 histori\u0119 ziemi\u201d.<\/p>\n\n\n\n<p>Wi\u0119cej informacji na stronie  https:\/\/www.shtfplan.com\/headline-news\/state-of-emergency-declared-in-netherlands-as-rulers-attempt-to-stop-farmers-from-protesting<\/p>\n","protected":false},"excerpt":{"rendered":"<p>W Holandii og\u0142oszono stan wyj\u0105tkowy, gdy w\u0142adcy pr\u00f3buj\u0105 powstrzyma\u0107 rolnik\u00f3w przed protestami Autor, Mac Slavo Haga, siedziba klasy rz\u0105dz\u0105cej w Holandii, og\u0142osi\u0142a stan wyj\u0105tkowy, aby uniemo\u017cliwi\u0107 rolnikom wje\u017cd\u017canie traktorami do miasta w prote\u015bcie przeciwko obowi\u0105zkowym rz\u0105dowym celom redukcji nawoz\u00f3w.\u00a0Rolnicy twierdz\u0105,&#8230; <\/p>\n","protected":false},"author":2,"featured_media":3045,"comment_status":"open","ping_status":"open","sticky":false,"template":"","format":"standard","meta":{"_acf_changed":false,"_bbp_topic_count":0,"_bbp_reply_count":0,"_bbp_total_topic_count":0,"_bbp_total_reply_count":0,"_bbp_voice_count":0,"_bbp_anonymous_reply_count":0,"_bbp_topic_count_hidden":0,"_bbp_reply_count_hidden":0,"_bbp_forum_subforum_count":0,"om_disable_all_campaigns":false,"_monsterinsights_skip_tracking":false,"footnotes":""},"categories":[93],"tags":[],"class_list":["post-3044","post","type-post","status-publish","format-standard","has-post-thumbnail","hentry","category-artykuly"],"acf":[],"aioseo_notices":[],"aioseo_head":"\n\t\t<!-- All in One SEO 5.0.1.1 - aioseo.com -->\n\t<meta name=\"description\" content=\"W Holandii og\u0142oszono stan wyj\u0105tkowy, gdy w\u0142adcy pr\u00f3buj\u0105 powstrzyma\u0107 rolnik\u00f3w przed protestami Autor, Mac Slavo Haga, siedziba klasy rz\u0105dz\u0105cej w Holandii, og\u0142osi\u0142a stan wyj\u0105tkowy, aby uniemo\u017cliwi\u0107 rolnikom wje\u017cd\u017canie traktorami do miasta w prote\u015bcie przeciwko obowi\u0105zkowym rz\u0105dowym celom redukcji nawoz\u00f3w. Rolnicy twierdz\u0105, \u017ce ich prawa i wolno\u015b\u0107 s\u0105 deptane przez totalitarny system rz\u0105d\u00f3w, kt\u00f3ry wszyscy znamy jako\" \/>\n\t<meta name=\"robots\" content=\"max-image-preview:large\" \/>\n\t<meta name=\"author\" content=\"trinity\"\/>\n\t<link rel=\"canonical\" href=\"https:\/\/wia.net.pl\/index.php\/2023\/07\/04\/w-holandii-ogloszono-stan-wyjatkowy-protesty-rolnikow\/\" \/>\n\t<meta name=\"generator\" content=\"All in One SEO (AIOSEO) 5.0.1.1\" \/>\n\t\t<meta property=\"og:locale\" content=\"pl_PL\" \/>\n\t\t<meta property=\"og:site_name\" content=\"Wolno\u015b\u0107 i Anarchia - Ka\u017cdy wewn\u0119trznie jest anarchist\u0105.\" \/>\n\t\t<meta property=\"og:type\" content=\"article\" \/>\n\t\t<meta property=\"og:title\" content=\"W Holandii og\u0142oszono stan wyj\u0105tkowy \u2013 Protesty Rolnik\u00f3w - Wolno\u015b\u0107 i Anarchia\" \/>\n\t\t<meta property=\"og:description\" content=\"W Holandii og\u0142oszono stan wyj\u0105tkowy, gdy w\u0142adcy pr\u00f3buj\u0105 powstrzyma\u0107 rolnik\u00f3w przed protestami Autor, Mac Slavo Haga, siedziba klasy rz\u0105dz\u0105cej w Holandii, og\u0142osi\u0142a stan wyj\u0105tkowy, aby uniemo\u017cliwi\u0107 rolnikom wje\u017cd\u017canie traktorami do miasta w prote\u015bcie przeciwko obowi\u0105zkowym rz\u0105dowym celom redukcji nawoz\u00f3w. Rolnicy twierdz\u0105, \u017ce ich prawa i wolno\u015b\u0107 s\u0105 deptane przez totalitarny system rz\u0105d\u00f3w, kt\u00f3ry wszyscy znamy jako\" \/>\n\t\t<meta property=\"og:url\" content=\"https:\/\/wia.net.pl\/index.php\/2023\/07\/04\/w-holandii-ogloszono-stan-wyjatkowy-protesty-rolnikow\/\" \/>\n\t\t<meta property=\"og:image\" content=\"https:\/\/wia.net.pl\/wp-content\/uploads\/2023\/11\/cropped-freedom-i73367.jpg\" \/>\n\t\t<meta property=\"og:image:secure_url\" content=\"https:\/\/wia.net.pl\/wp-content\/uploads\/2023\/11\/cropped-freedom-i73367.jpg\" \/>\n\t\t<meta property=\"article:published_time\" content=\"2023-07-04T15:13:23+00:00\" \/>\n\t\t<meta property=\"article:modified_time\" content=\"2023-07-04T15:13:23+00:00\" \/>\n\t\t<meta name=\"twitter:card\" content=\"summary_large_image\" \/>\n\t\t<meta name=\"twitter:title\" content=\"W Holandii og\u0142oszono stan wyj\u0105tkowy \u2013 Protesty Rolnik\u00f3w - Wolno\u015b\u0107 i Anarchia\" \/>\n\t\t<meta name=\"twitter:description\" content=\"W Holandii og\u0142oszono stan wyj\u0105tkowy, gdy w\u0142adcy pr\u00f3buj\u0105 powstrzyma\u0107 rolnik\u00f3w przed protestami Autor, Mac Slavo Haga, siedziba klasy rz\u0105dz\u0105cej w Holandii, og\u0142osi\u0142a stan wyj\u0105tkowy, aby uniemo\u017cliwi\u0107 rolnikom wje\u017cd\u017canie traktorami do miasta w prote\u015bcie przeciwko obowi\u0105zkowym rz\u0105dowym celom redukcji nawoz\u00f3w. Rolnicy twierdz\u0105, \u017ce ich prawa i wolno\u015b\u0107 s\u0105 deptane przez totalitarny system rz\u0105d\u00f3w, kt\u00f3ry wszyscy znamy jako\" \/>\n\t\t<meta name=\"twitter:image\" content=\"https:\/\/wia.net.pl\/wp-content\/uploads\/2023\/11\/cropped-freedom-i73367.jpg\" \/>\n\t\t<script type=\"application\/ld+json\" class=\"aioseo-schema\">\n\t\t\t{\"@context\":\"https:\\\/\\\/schema.org\",\"@graph\":[{\"@type\":\"BlogPosting\",\"@id\":\"https:\\\/\\\/wia.net.pl\\\/index.php\\\/2023\\\/07\\\/04\\\/w-holandii-ogloszono-stan-wyjatkowy-protesty-rolnikow\\\/#blogposting\",\"name\":\"W Holandii og\\u0142oszono stan wyj\\u0105tkowy \\u2013 Protesty Rolnik\\u00f3w - Wolno\\u015b\\u0107 i Anarchia\",\"headline\":\"W Holandii og\\u0142oszono stan wyj\\u0105tkowy &#8211; Protesty Rolnik\\u00f3w\",\"author\":{\"@id\":\"https:\\\/\\\/wia.net.pl\\\/index.php\\\/author\\\/trinity\\\/#author\"},\"publisher\":{\"@id\":\"https:\\\/\\\/wia.net.pl\\\/#person\"},\"image\":{\"@type\":\"ImageObject\",\"url\":\"https:\\\/\\\/wia.net.pl\\\/wp-content\\\/uploads\\\/2023\\\/07\\\/farmers.jpg\",\"width\":500,\"height\":334},\"datePublished\":\"2023-07-04T17:13:23+02:00\",\"dateModified\":\"2023-07-04T17:13:23+02:00\",\"inLanguage\":\"pl-PL\",\"mainEntityOfPage\":{\"@id\":\"https:\\\/\\\/wia.net.pl\\\/index.php\\\/2023\\\/07\\\/04\\\/w-holandii-ogloszono-stan-wyjatkowy-protesty-rolnikow\\\/#webpage\"},\"isPartOf\":{\"@id\":\"https:\\\/\\\/wia.net.pl\\\/index.php\\\/2023\\\/07\\\/04\\\/w-holandii-ogloszono-stan-wyjatkowy-protesty-rolnikow\\\/#webpage\"},\"articleSection\":\"Artyku\\u0142y\"},{\"@type\":\"BreadcrumbList\",\"@id\":\"https:\\\/\\\/wia.net.pl\\\/index.php\\\/2023\\\/07\\\/04\\\/w-holandii-ogloszono-stan-wyjatkowy-protesty-rolnikow\\\/#breadcrumblist\",\"itemListElement\":[{\"@type\":\"ListItem\",\"@id\":\"https:\\\/\\\/wia.net.pl#listItem\",\"position\":1,\"name\":\"Home\",\"item\":\"https:\\\/\\\/wia.net.pl\",\"nextItem\":{\"@type\":\"ListItem\",\"@id\":\"https:\\\/\\\/wia.net.pl\\\/index.php\\\/category\\\/artykuly\\\/#listItem\",\"name\":\"Artyku\\u0142y\"}},{\"@type\":\"ListItem\",\"@id\":\"https:\\\/\\\/wia.net.pl\\\/index.php\\\/category\\\/artykuly\\\/#listItem\",\"position\":2,\"name\":\"Artyku\\u0142y\",\"item\":\"https:\\\/\\\/wia.net.pl\\\/index.php\\\/category\\\/artykuly\\\/\",\"nextItem\":{\"@type\":\"ListItem\",\"@id\":\"https:\\\/\\\/wia.net.pl\\\/index.php\\\/2023\\\/07\\\/04\\\/w-holandii-ogloszono-stan-wyjatkowy-protesty-rolnikow\\\/#listItem\",\"name\":\"W Holandii og\\u0142oszono stan wyj\\u0105tkowy &#8211; Protesty Rolnik\\u00f3w\"},\"previousItem\":{\"@type\":\"ListItem\",\"@id\":\"https:\\\/\\\/wia.net.pl#listItem\",\"name\":\"Home\"}},{\"@type\":\"ListItem\",\"@id\":\"https:\\\/\\\/wia.net.pl\\\/index.php\\\/2023\\\/07\\\/04\\\/w-holandii-ogloszono-stan-wyjatkowy-protesty-rolnikow\\\/#listItem\",\"position\":3,\"name\":\"W Holandii og\\u0142oszono stan wyj\\u0105tkowy &#8211; Protesty Rolnik\\u00f3w\",\"previousItem\":{\"@type\":\"ListItem\",\"@id\":\"https:\\\/\\\/wia.net.pl\\\/index.php\\\/category\\\/artykuly\\\/#listItem\",\"name\":\"Artyku\\u0142y\"}}]},{\"@type\":\"Person\",\"@id\":\"https:\\\/\\\/wia.net.pl\\\/#person\",\"name\":\"Bart\\u0142omiej Talarczyk\",\"image\":{\"@type\":\"ImageObject\",\"@id\":\"https:\\\/\\\/wia.net.pl\\\/index.php\\\/2023\\\/07\\\/04\\\/w-holandii-ogloszono-stan-wyjatkowy-protesty-rolnikow\\\/#personImage\",\"url\":\"https:\\\/\\\/wia.net.pl\\\/wp-content\\\/uploads\\\/avatar-privacy\\\/cache\\\/user\\\/1\\\/7\\\/176a6b161c58363ff49b5c167264231f519f5c7fa183ca1f61e891769b6b56d5-96.jpg\",\"width\":96,\"height\":96,\"caption\":\"Bart\\u0142omiej Talarczyk\"}},{\"@type\":\"Person\",\"@id\":\"https:\\\/\\\/wia.net.pl\\\/index.php\\\/author\\\/trinity\\\/#author\",\"url\":\"https:\\\/\\\/wia.net.pl\\\/index.php\\\/author\\\/trinity\\\/\",\"name\":\"trinity\",\"image\":{\"@type\":\"ImageObject\",\"@id\":\"https:\\\/\\\/wia.net.pl\\\/index.php\\\/2023\\\/07\\\/04\\\/w-holandii-ogloszono-stan-wyjatkowy-protesty-rolnikow\\\/#authorImage\",\"url\":\"https:\\\/\\\/wia.net.pl\\\/wp-content\\\/uploads\\\/avatar-privacy\\\/cache\\\/user\\\/5\\\/f\\\/5f6547cf82495eaa10e100a6a45d5dbde2dfdc1be88557de2018fca705bdf6f1-96.jpg\",\"width\":96,\"height\":96,\"caption\":\"trinity\"}},{\"@type\":\"WebPage\",\"@id\":\"https:\\\/\\\/wia.net.pl\\\/index.php\\\/2023\\\/07\\\/04\\\/w-holandii-ogloszono-stan-wyjatkowy-protesty-rolnikow\\\/#webpage\",\"url\":\"https:\\\/\\\/wia.net.pl\\\/index.php\\\/2023\\\/07\\\/04\\\/w-holandii-ogloszono-stan-wyjatkowy-protesty-rolnikow\\\/\",\"name\":\"W Holandii og\\u0142oszono stan wyj\\u0105tkowy \\u2013 Protesty Rolnik\\u00f3w - Wolno\\u015b\\u0107 i Anarchia\",\"description\":\"W Holandii og\\u0142oszono stan wyj\\u0105tkowy, gdy w\\u0142adcy pr\\u00f3buj\\u0105 powstrzyma\\u0107 rolnik\\u00f3w przed protestami Autor, Mac Slavo Haga, siedziba klasy rz\\u0105dz\\u0105cej w Holandii, og\\u0142osi\\u0142a stan wyj\\u0105tkowy, aby uniemo\\u017cliwi\\u0107 rolnikom wje\\u017cd\\u017canie traktorami do miasta w prote\\u015bcie przeciwko obowi\\u0105zkowym rz\\u0105dowym celom redukcji nawoz\\u00f3w. Rolnicy twierdz\\u0105, \\u017ce ich prawa i wolno\\u015b\\u0107 s\\u0105 deptane przez totalitarny system rz\\u0105d\\u00f3w, kt\\u00f3ry wszyscy znamy jako\",\"inLanguage\":\"pl-PL\",\"isPartOf\":{\"@id\":\"https:\\\/\\\/wia.net.pl\\\/#website\"},\"breadcrumb\":{\"@id\":\"https:\\\/\\\/wia.net.pl\\\/index.php\\\/2023\\\/07\\\/04\\\/w-holandii-ogloszono-stan-wyjatkowy-protesty-rolnikow\\\/#breadcrumblist\"},\"author\":{\"@id\":\"https:\\\/\\\/wia.net.pl\\\/index.php\\\/author\\\/trinity\\\/#author\"},\"creator\":{\"@id\":\"https:\\\/\\\/wia.net.pl\\\/index.php\\\/author\\\/trinity\\\/#author\"},\"image\":{\"@type\":\"ImageObject\",\"url\":\"https:\\\/\\\/wia.net.pl\\\/wp-content\\\/uploads\\\/2023\\\/07\\\/farmers.jpg\",\"@id\":\"https:\\\/\\\/wia.net.pl\\\/index.php\\\/2023\\\/07\\\/04\\\/w-holandii-ogloszono-stan-wyjatkowy-protesty-rolnikow\\\/#mainImage\",\"width\":500,\"height\":334},\"primaryImageOfPage\":{\"@id\":\"https:\\\/\\\/wia.net.pl\\\/index.php\\\/2023\\\/07\\\/04\\\/w-holandii-ogloszono-stan-wyjatkowy-protesty-rolnikow\\\/#mainImage\"},\"datePublished\":\"2023-07-04T17:13:23+02:00\",\"dateModified\":\"2023-07-04T17:13:23+02:00\"},{\"@type\":\"WebSite\",\"@id\":\"https:\\\/\\\/wia.net.pl\\\/#website\",\"url\":\"https:\\\/\\\/wia.net.pl\\\/\",\"name\":\"Wolno\\u015b\\u0107 i Anarchia\",\"description\":\"Ka\\u017cdy wewn\\u0119trznie jest anarchist\\u0105.\",\"inLanguage\":\"pl-PL\",\"publisher\":{\"@id\":\"https:\\\/\\\/wia.net.pl\\\/#person\"}}]}\n\t\t<\/script>\n\t\t<!-- All in One SEO -->\n\n","aioseo_head_json":{"title":"W Holandii og\u0142oszono stan wyj\u0105tkowy \u2013 Protesty Rolnik\u00f3w - Wolno\u015b\u0107 i Anarchia","description":"W Holandii og\u0142oszono stan wyj\u0105tkowy, gdy w\u0142adcy pr\u00f3buj\u0105 powstrzyma\u0107 rolnik\u00f3w przed protestami Autor, Mac Slavo Haga, siedziba klasy rz\u0105dz\u0105cej w Holandii, og\u0142osi\u0142a stan wyj\u0105tkowy, aby uniemo\u017cliwi\u0107 rolnikom wje\u017cd\u017canie traktorami do miasta w prote\u015bcie przeciwko obowi\u0105zkowym rz\u0105dowym celom redukcji nawoz\u00f3w. Rolnicy twierdz\u0105, \u017ce ich prawa i wolno\u015b\u0107 s\u0105 deptane przez totalitarny system rz\u0105d\u00f3w, kt\u00f3ry wszyscy znamy jako","canonical_url":"https:\/\/wia.net.pl\/index.php\/2023\/07\/04\/w-holandii-ogloszono-stan-wyjatkowy-protesty-rolnikow\/","robots":"max-image-preview:large","keywords":"","webmasterTools":{"miscellaneous":""},"schema":{"@context":"https:\/\/schema.org","@graph":[{"@type":"BlogPosting","@id":"https:\/\/wia.net.pl\/index.php\/2023\/07\/04\/w-holandii-ogloszono-stan-wyjatkowy-protesty-rolnikow\/#blogposting","name":"W Holandii og\u0142oszono stan wyj\u0105tkowy \u2013 Protesty Rolnik\u00f3w - Wolno\u015b\u0107 i Anarchia","headline":"W Holandii og\u0142oszono stan wyj\u0105tkowy &#8211; Protesty Rolnik\u00f3w","author":{"@id":"https:\/\/wia.net.pl\/index.php\/author\/trinity\/#author"},"publisher":{"@id":"https:\/\/wia.net.pl\/#person"},"image":{"@type":"ImageObject","url":"https:\/\/wia.net.pl\/wp-content\/uploads\/2023\/07\/farmers.jpg","width":500,"height":334},"datePublished":"2023-07-04T17:13:23+02:00","dateModified":"2023-07-04T17:13:23+02:00","inLanguage":"pl-PL","mainEntityOfPage":{"@id":"https:\/\/wia.net.pl\/index.php\/2023\/07\/04\/w-holandii-ogloszono-stan-wyjatkowy-protesty-rolnikow\/#webpage"},"isPartOf":{"@id":"https:\/\/wia.net.pl\/index.php\/2023\/07\/04\/w-holandii-ogloszono-stan-wyjatkowy-protesty-rolnikow\/#webpage"},"articleSection":"Artyku\u0142y"},{"@type":"BreadcrumbList","@id":"https:\/\/wia.net.pl\/index.php\/2023\/07\/04\/w-holandii-ogloszono-stan-wyjatkowy-protesty-rolnikow\/#breadcrumblist","itemListElement":[{"@type":"ListItem","@id":"https:\/\/wia.net.pl#listItem","position":1,"name":"Home","item":"https:\/\/wia.net.pl","nextItem":{"@type":"ListItem","@id":"https:\/\/wia.net.pl\/index.php\/category\/artykuly\/#listItem","name":"Artyku\u0142y"}},{"@type":"ListItem","@id":"https:\/\/wia.net.pl\/index.php\/category\/artykuly\/#listItem","position":2,"name":"Artyku\u0142y","item":"https:\/\/wia.net.pl\/index.php\/category\/artykuly\/","nextItem":{"@type":"ListItem","@id":"https:\/\/wia.net.pl\/index.php\/2023\/07\/04\/w-holandii-ogloszono-stan-wyjatkowy-protesty-rolnikow\/#listItem","name":"W Holandii og\u0142oszono stan wyj\u0105tkowy &#8211; Protesty Rolnik\u00f3w"},"previousItem":{"@type":"ListItem","@id":"https:\/\/wia.net.pl#listItem","name":"Home"}},{"@type":"ListItem","@id":"https:\/\/wia.net.pl\/index.php\/2023\/07\/04\/w-holandii-ogloszono-stan-wyjatkowy-protesty-rolnikow\/#listItem","position":3,"name":"W Holandii og\u0142oszono stan wyj\u0105tkowy &#8211; Protesty Rolnik\u00f3w","previousItem":{"@type":"ListItem","@id":"https:\/\/wia.net.pl\/index.php\/category\/artykuly\/#listItem","name":"Artyku\u0142y"}}]},{"@type":"Person","@id":"https:\/\/wia.net.pl\/#person","name":"Bart\u0142omiej Talarczyk","image":{"@type":"ImageObject","@id":"https:\/\/wia.net.pl\/index.php\/2023\/07\/04\/w-holandii-ogloszono-stan-wyjatkowy-protesty-rolnikow\/#personImage","url":"https:\/\/wia.net.pl\/wp-content\/uploads\/avatar-privacy\/cache\/user\/1\/7\/176a6b161c58363ff49b5c167264231f519f5c7fa183ca1f61e891769b6b56d5-96.jpg","width":96,"height":96,"caption":"Bart\u0142omiej Talarczyk"}},{"@type":"Person","@id":"https:\/\/wia.net.pl\/index.php\/author\/trinity\/#author","url":"https:\/\/wia.net.pl\/index.php\/author\/trinity\/","name":"trinity","image":{"@type":"ImageObject","@id":"https:\/\/wia.net.pl\/index.php\/2023\/07\/04\/w-holandii-ogloszono-stan-wyjatkowy-protesty-rolnikow\/#authorImage","url":"https:\/\/wia.net.pl\/wp-content\/uploads\/avatar-privacy\/cache\/user\/5\/f\/5f6547cf82495eaa10e100a6a45d5dbde2dfdc1be88557de2018fca705bdf6f1-96.jpg","width":96,"height":96,"caption":"trinity"}},{"@type":"WebPage","@id":"https:\/\/wia.net.pl\/index.php\/2023\/07\/04\/w-holandii-ogloszono-stan-wyjatkowy-protesty-rolnikow\/#webpage","url":"https:\/\/wia.net.pl\/index.php\/2023\/07\/04\/w-holandii-ogloszono-stan-wyjatkowy-protesty-rolnikow\/","name":"W Holandii og\u0142oszono stan wyj\u0105tkowy \u2013 Protesty Rolnik\u00f3w - Wolno\u015b\u0107 i Anarchia","description":"W Holandii og\u0142oszono stan wyj\u0105tkowy, gdy w\u0142adcy pr\u00f3buj\u0105 powstrzyma\u0107 rolnik\u00f3w przed protestami Autor, Mac Slavo Haga, siedziba klasy rz\u0105dz\u0105cej w Holandii, og\u0142osi\u0142a stan wyj\u0105tkowy, aby uniemo\u017cliwi\u0107 rolnikom wje\u017cd\u017canie traktorami do miasta w prote\u015bcie przeciwko obowi\u0105zkowym rz\u0105dowym celom redukcji nawoz\u00f3w. Rolnicy twierdz\u0105, \u017ce ich prawa i wolno\u015b\u0107 s\u0105 deptane przez totalitarny system rz\u0105d\u00f3w, kt\u00f3ry wszyscy znamy jako","inLanguage":"pl-PL","isPartOf":{"@id":"https:\/\/wia.net.pl\/#website"},"breadcrumb":{"@id":"https:\/\/wia.net.pl\/index.php\/2023\/07\/04\/w-holandii-ogloszono-stan-wyjatkowy-protesty-rolnikow\/#breadcrumblist"},"author":{"@id":"https:\/\/wia.net.pl\/index.php\/author\/trinity\/#author"},"creator":{"@id":"https:\/\/wia.net.pl\/index.php\/author\/trinity\/#author"},"image":{"@type":"ImageObject","url":"https:\/\/wia.net.pl\/wp-content\/uploads\/2023\/07\/farmers.jpg","@id":"https:\/\/wia.net.pl\/index.php\/2023\/07\/04\/w-holandii-ogloszono-stan-wyjatkowy-protesty-rolnikow\/#mainImage","width":500,"height":334},"primaryImageOfPage":{"@id":"https:\/\/wia.net.pl\/index.php\/2023\/07\/04\/w-holandii-ogloszono-stan-wyjatkowy-protesty-rolnikow\/#mainImage"},"datePublished":"2023-07-04T17:13:23+02:00","dateModified":"2023-07-04T17:13:23+02:00"},{"@type":"WebSite","@id":"https:\/\/wia.net.pl\/#website","url":"https:\/\/wia.net.pl\/","name":"Wolno\u015b\u0107 i Anarchia","description":"Ka\u017cdy wewn\u0119trznie jest anarchist\u0105.","inLanguage":"pl-PL","publisher":{"@id":"https:\/\/wia.net.pl\/#person"}}]},"og:locale":"pl_PL","og:site_name":"Wolno\u015b\u0107 i Anarchia - Ka\u017cdy wewn\u0119trznie jest anarchist\u0105.","og:type":"article","og:title":"W Holandii og\u0142oszono stan wyj\u0105tkowy \u2013 Protesty Rolnik\u00f3w - Wolno\u015b\u0107 i Anarchia","og:description":"W Holandii og\u0142oszono stan wyj\u0105tkowy, gdy w\u0142adcy pr\u00f3buj\u0105 powstrzyma\u0107 rolnik\u00f3w przed protestami Autor, Mac Slavo Haga, siedziba klasy rz\u0105dz\u0105cej w Holandii, og\u0142osi\u0142a stan wyj\u0105tkowy, aby uniemo\u017cliwi\u0107 rolnikom wje\u017cd\u017canie traktorami do miasta w prote\u015bcie przeciwko obowi\u0105zkowym rz\u0105dowym celom redukcji nawoz\u00f3w. Rolnicy twierdz\u0105, \u017ce ich prawa i wolno\u015b\u0107 s\u0105 deptane przez totalitarny system rz\u0105d\u00f3w, kt\u00f3ry wszyscy znamy jako","og:url":"https:\/\/wia.net.pl\/index.php\/2023\/07\/04\/w-holandii-ogloszono-stan-wyjatkowy-protesty-rolnikow\/","og:image":"https:\/\/wia.net.pl\/wp-content\/uploads\/2023\/11\/cropped-freedom-i73367.jpg","og:image:secure_url":"https:\/\/wia.net.pl\/wp-content\/uploads\/2023\/11\/cropped-freedom-i73367.jpg","article:published_time":"2023-07-04T15:13:23+00:00","article:modified_time":"2023-07-04T15:13:23+00:00","twitter:card":"summary_large_image","twitter:title":"W Holandii og\u0142oszono stan wyj\u0105tkowy \u2013 Protesty Rolnik\u00f3w - Wolno\u015b\u0107 i Anarchia","twitter:description":"W Holandii og\u0142oszono stan wyj\u0105tkowy, gdy w\u0142adcy pr\u00f3buj\u0105 powstrzyma\u0107 rolnik\u00f3w przed protestami Autor, Mac Slavo Haga, siedziba klasy rz\u0105dz\u0105cej w Holandii, og\u0142osi\u0142a stan wyj\u0105tkowy, aby uniemo\u017cliwi\u0107 rolnikom wje\u017cd\u017canie traktorami do miasta w prote\u015bcie przeciwko obowi\u0105zkowym rz\u0105dowym celom redukcji nawoz\u00f3w. Rolnicy twierdz\u0105, \u017ce ich prawa i wolno\u015b\u0107 s\u0105 deptane przez totalitarny system rz\u0105d\u00f3w, kt\u00f3ry wszyscy znamy jako","twitter:image":"https:\/\/wia.net.pl\/wp-content\/uploads\/2023\/11\/cropped-freedom-i73367.jpg"},"aioseo_meta_data":{"post_id":"3044","title":null,"description":null,"keywords":[],"keyphrases":{"focus":{"keyphrase":"","score":0,"analysis":{"keyphraseInTitle":{"score":0,"maxScore":9,"error":1}}},"additional":[]},"primary_term":null,"canonical_url":null,"og_title":null,"og_description":null,"og_object_type":"default","og_image_type":"default","og_image_url":null,"og_image_width":null,"og_image_height":null,"og_image_custom_url":null,"og_image_custom_fields":null,"og_video":"","og_custom_url":null,"og_article_section":null,"og_article_tags":[],"twitter_use_og":false,"twitter_card":"default","twitter_image_type":"default","twitter_image_url":null,"twitter_image_custom_url":null,"twitter_image_custom_fields":null,"twitter_title":null,"twitter_description":null,"schema":{"blockGraphs":[],"customGraphs":[],"default":{"data":{"Article":[],"Course":[],"Dataset":[],"FAQPage":[],"Movie":[],"Person":[],"Product":[],"ProductReview":[],"Car":[],"Recipe":[],"Service":[],"SoftwareApplication":[],"WebPage":[]},"graphName":"BlogPosting","isEnabled":true},"graphs":[]},"schema_type":"default","schema_type_options":null,"pillar_content":false,"robots_default":true,"robots_noindex":false,"robots_noarchive":false,"robots_nosnippet":false,"robots_nofollow":false,"robots_noimageindex":false,"robots_noodp":false,"robots_notranslate":false,"robots_max_snippet":"-1","robots_max_videopreview":"-1","robots_max_imagepreview":"large","priority":null,"frequency":"default","local_seo":null,"breadcrumb_settings":null,"limit_modified_date":false,"ai":null,"created":"2023-07-04 15:13:23","updated":"2025-06-04 08:35:56","seo_analyzer_scan_date":null,"focus_keyword":null,"additional_keywords":null,"truseo_locale":null},"aioseo_breadcrumb":"<div class=\"aioseo-breadcrumbs\"><span class=\"aioseo-breadcrumb\">\n\t\t\t<a href=\"https:\/\/wia.net.pl\" title=\"Home\">Home<\/a>\n\t\t<\/span><span class=\"aioseo-breadcrumb-separator\">&raquo;<\/span><span class=\"aioseo-breadcrumb\">\n\t\t\t<a href=\"https:\/\/wia.net.pl\/index.php\/category\/artykuly\/\" title=\"Artyku\u0142y\">Artyku\u0142y<\/a>\n\t\t<\/span><span class=\"aioseo-breadcrumb-separator\">&raquo;<\/span><span class=\"aioseo-breadcrumb\">\n\t\t\tW Holandii og\u0142oszono stan wyj\u0105tkowy \u2013 Protesty Rolnik\u00f3w\n\t\t<\/span><\/div>","aioseo_breadcrumb_json":[{"label":"Home","link":"https:\/\/wia.net.pl"},{"label":"Artyku\u0142y","link":"https:\/\/wia.net.pl\/index.php\/category\/artykuly\/"},{"label":"W Holandii og\u0142oszono stan wyj\u0105tkowy &#8211; Protesty Rolnik\u00f3w","link":"https:\/\/wia.net.pl\/index.php\/2023\/07\/04\/w-holandii-ogloszono-stan-wyjatkowy-protesty-rolnikow\/"}],"_links":{"self":[{"href":"https:\/\/wia.net.pl\/index.php\/wp-json\/wp\/v2\/posts\/3044"}],"collection":[{"href":"https:\/\/wia.net.pl\/index.php\/wp-json\/wp\/v2\/posts"}],"about":[{"href":"https:\/\/wia.net.pl\/index.php\/wp-json\/wp\/v2\/types\/post"}],"author":[{"embeddable":true,"href":"https:\/\/wia.net.pl\/index.php\/wp-json\/wp\/v2\/users\/2"}],"replies":[{"embeddable":true,"href":"https:\/\/wia.net.pl\/index.php\/wp-json\/wp\/v2\/comments?post=3044"}],"version-history":[{"count":1,"href":"https:\/\/wia.net.pl\/index.php\/wp-json\/wp\/v2\/posts\/3044\/revisions"}],"predecessor-version":[{"id":3046,"href":"https:\/\/wia.net.pl\/index.php\/wp-json\/wp\/v2\/posts\/3044\/revisions\/3046"}],"wp:featuredmedia":[{"embeddable":true,"href":"https:\/\/wia.net.pl\/index.php\/wp-json\/wp\/v2\/media\/3045"}],"wp:attachment":[{"href":"https:\/\/wia.net.pl\/index.php\/wp-json\/wp\/v2\/media?parent=3044"}],"wp:term":[{"taxonomy":"category","embeddable":true,"href":"https:\/\/wia.net.pl\/index.php\/wp-json\/wp\/v2\/categories?post=3044"},{"taxonomy":"post_tag","embeddable":true,"href":"https:\/\/wia.net.pl\/index.php\/wp-json\/wp\/v2\/tags?post=3044"}],"curies":[{"name":"wp","href":"https:\/\/api.w.org\/{rel}","templated":true}]}}