{"id":3071,"date":"2023-07-05T18:50:18","date_gmt":"2023-07-05T16:50:18","guid":{"rendered":"https:\/\/wia.net.pl\/?p=3071"},"modified":"2023-07-05T18:50:18","modified_gmt":"2023-07-05T16:50:18","slug":"polska-narod-i-jego-wiara","status":"publish","type":"post","link":"https:\/\/wia.net.pl\/index.php\/2023\/07\/05\/polska-narod-i-jego-wiara\/","title":{"rendered":"Polska: Nar\u00f3d i jego wiara"},"content":{"rendered":"\n<p>Autor, <a href=\"https:\/\/www.unz.com\/author\/jacek-szela\/\">JACEK SZELA<\/a><\/p>\n\n\n\n<p>The Unz Review<\/p>\n\n\n\n<blockquote class=\"wp-block-quote is-layout-flow wp-block-quote-is-layout-flow\">\n<p id=\"p_1_1\">\u201eO Panno \u015awi\u0119ta, kt\u00f3rej sanktuarium cz\u0119stochowskiestrze\u017cesz i na Ostrej Bramie \u015bwiecisz!\u201d<\/p>\n\n\n\n<p><\/p>\n<\/blockquote>\n\n\n\n<figure class=\"wp-block-image size-full is-resized\"><img loading=\"lazy\" decoding=\"async\" src=\"https:\/\/wia.net.pl\/wp-content\/uploads\/2023\/07\/pic2-17-705x397-600x338-1.jpg\" alt=\"\" class=\"wp-image-3072\" width=\"839\" height=\"473\" srcset=\"https:\/\/wia.net.pl\/wp-content\/uploads\/2023\/07\/pic2-17-705x397-600x338-1.jpg 600w, https:\/\/wia.net.pl\/wp-content\/uploads\/2023\/07\/pic2-17-705x397-600x338-1-300x169.jpg 300w, https:\/\/wia.net.pl\/wp-content\/uploads\/2023\/07\/pic2-17-705x397-600x338-1-480x270.jpg 480w\" sizes=\"(max-width: 839px) 100vw, 839px\" \/><\/figure>\n\n\n\n<p id=\"p_1_2\">Chocia\u017c oczywista jest uwaga, \u017ce \u200b\u200bnie ka\u017cdy Polak jest katolikiem, to jednak prawd\u0105 jest, \u017ce r\u00f3wnanie Polak = Katolik jest r\u00f3wnie wa\u017cne, jak mentalne skojarzenie, \u017ce Rosjanin oznacza prawos\u0142awnego chrze\u015bcijanina (z tymi samymi zastrze\u017ceniami, \u017ce niekt\u00f3rzy Rosjanie nie s\u0105 prawos\u0142awnymi chrze\u015bcijanami, niekt\u00f3rzy s\u0105 ateistami).&nbsp;Nawet niekatoliccy Polacy pozostaj\u0105 mentalnie katolikami, tak jak ateistyczni Rosjanie pozostaj\u0105 mentalnie prawos\u0142awnymi, co przyznaje wielu z nich.&nbsp;Nawiasem m\u00f3wi\u0105c, rosyjscy socjologowie uwa\u017caj\u0105, \u017ce chocia\u017c w Zwi\u0105zku Radzieckim chrze\u015bcija\u0144stwo by\u0142o oficjalnie zakazane, to jednak og\u00f3\u0142 spo\u0142ecze\u0144stwa (w tym oddani i \u017carliwi cz\u0142onkowie partii komunistycznej) \u017cy\u0142 wed\u0142ug chrze\u015bcija\u0144skiego kodeksu moralnego;&nbsp;to samo mo\u017cna by\u0142o zaobserwowa\u0107 w\u015br\u00f3d polskich komunist\u00f3w w okresie powojennym,&nbsp;w\u015br\u00f3d cz\u0142onk\u00f3w partii komunistycznej (wielu z nich ma dzieci potajemnie ochrzczone i religijnie wychowane).&nbsp;Mi\u0119dzy innymi: rozw\u00f3d mi\u0119dzy cz\u0142onkami partii, czy to w Polsce, czy to w Rosji, czy w jakimkolwiek zdominowanym przez Sowiet\u00f3w kraju Europy \u015arodkowej, by\u0142 albo nie do pomy\u015blenia, albo mile widziany.<\/p>\n\n\n\n<p id=\"p_1_3\">Polska wysz\u0142a z prehistorii do historii poprzez sw\u00f3j chrzest.&nbsp;By\u0142 rok 966, kt\u00f3ry zawsze by\u0142 uznawany przez wszystkie polityczne przekonania, ponad wszelk\u0105 w\u0105tpliwo\u015b\u0107, za pocz\u0105tek pa\u0144stwa polskiego, za pocz\u0105tek pa\u0144stwowo\u015bci polskiej;&nbsp;wi\u0119cej: jako pocz\u0105tek narodu polskiego.&nbsp;W 1966 roku, w czasach PRL-u, zar\u00f3wno pa\u0144stwo oficjalnie ateistyczne lub przynajmniej bezreligijne, jak i Ko\u015bci\u00f3\u0142 katolicki hucznie, cho\u0107 osobno, obchodzi\u0142y Tysi\u0105clecie Pa\u0144stwowo\u015bci Polskiej.&nbsp;Wi\u0119kszo\u015b\u0107 obywateli bra\u0142a udzia\u0142 zar\u00f3wno w uroczysto\u015bciach organizowanych przez rz\u0105d lub parti\u0119 (co praktycznie oznacza\u0142o w\u00f3wczas jedno i to samo), jak i przez Ko\u015bci\u00f3\u0142 katolicki.<\/p>\n\n\n\n<p id=\"p_1_4\">Cho\u0107 sprawy religijne by\u0142y nieustannie t\u0142umione przez w\u0142adze, przez parti\u0119, i cho\u0107 w filmach, literaturze, w radiu, telewizji i prasie dokonywano licznych napa\u015bci ideologicznych na Ko\u015bci\u00f3\u0142 i duchowie\u0144stwo jako takie, to w\u0142a\u015bnie w tym czas, kiedy polska kinematografia wyprodukowa\u0142a swoje najwi\u0119ksze filmy, w kt\u00f3rych patriotyzm, nacjonalizm&nbsp;<em>i<\/em>&nbsp;wiara katolicka zajmowa\u0142y pierwsze miejsce: wystarczy pomy\u015ble\u0107 o \u201eKrzy\u017cakach\u201d z 1960 roku<a href=\"https:\/\/www.unz.com\/article\/poland-the-nation-and-its-faith\/#footnote_1\">[1]<\/a>(do dzi\u015b najwi\u0119kszy sukces kasowy!) czy \u201ePotop\u201d z 1973 r.<a href=\"https:\/\/www.unz.com\/article\/poland-the-nation-and-its-faith\/#footnote_2\">[2]<\/a>(zajmuj\u0105c trzecie miejsce w kasie).&nbsp;Imponuj\u0105 widzowi uroczystym wykonaniem \u201eBogurodzicy\u201d \u2014 pierwszego hymnu bojowego polskiego rycerstwa (dawnego) \u2014 i zapieraj\u0105cym dech w piersiach kl\u0119cz\u0105cym ho\u0142dem narodu z\u0142o\u017conym ikonie Czarnej Madonny w Cz\u0119stochowie,<a href=\"https:\/\/www.unz.com\/article\/poland-the-nation-and-its-faith\/#footnote_3\">[3]<\/a>sanktuarium narodowe (to ostatnie).&nbsp;R\u00f3wnie popularny film z 1973 roku \u201ePustynia i pustynia\/W pustyni iw puszczy\u201d pokazuje polskiego nastolatka, kt\u00f3ry stanowczo odmawia wyrzeczenia si\u0119 wiary katolickiej pod gro\u017ab\u0105 \u015bci\u0119cia mu g\u0142owy przez wojowniczych muzu\u0142man\u00f3w w Afryce, podczas gdy \u201eZiemia obiecana\u201d z 1974 roku \/Ziemia obiecana\u201d<a href=\"https:\/\/www.unz.com\/article\/poland-the-nation-and-its-faith\/#footnote_4\">[4]<\/a>zawiera dramatyczn\u0105 scen\u0119, w kt\u00f3rej grzeszny katolik pope\u0142nia krzywoprzysi\u0119stwo, k\u0142ad\u0105c r\u0119k\u0119 na obrazie Matki Boskiej: \u017cydowski bohater, kt\u00f3ry nak\u0142ania Polaka do z\u0142o\u017cenia przysi\u0119gi, traktuje ten czyn jako uczciwe wyznanie, bo zdumia\u0142oby go, gdyby pomy\u015blcie, \u017ce Polak m\u00f3g\u0142by le\u017ce\u0107 twarz\u0105 w twarz z najwi\u0119ksz\u0105 \u015bwi\u0119to\u015bci\u0105 swojego narodu.<\/p>\n\n\n\n<p id=\"p_1_5\">Wszystkie te filmy zosta\u0142y nakr\u0119cone w czasach ateizmu sponsorowanego przez pa\u0144stwo.&nbsp;Na uwag\u0119 zas\u0142uguje Aleksander Ford, re\u017cyser \u201eKrzy\u017cak\u00f3w\u201d oraz Jerzy<a href=\"https:\/\/www.unz.com\/article\/poland-the-nation-and-its-faith\/#footnote_5\">[5]<\/a>Hoffman, re\u017cyser \u201ePotopu\u201d, nie by\u0142 katolikiem, nawet nie by\u0142 chrze\u015bcijaninem: by\u0142 \u017bydem.<\/p>\n\n\n\n<p id=\"p_1_6\">Chrystianizacja Polski w 966 r. poprzedza\u0142a chrystianizacj\u0119 Rusi (988), ale nast\u0105pi\u0142a po chrystianizacji dzisiejszych Czech (znanych w \u015bredniowieczu jako Czechy).&nbsp;Warto zobaczy\u0107, jak trzy spokrewnione narody s\u0142owia\u0144skie zareagowa\u0142y na chrze\u015bcija\u0144stwo i jak z grubsza to samo wyznanie ukszta\u0142towa\u0142o ich histori\u0119.&nbsp;Polacy przyj\u0119li now\u0105 wiar\u0119 przez Czechy, czyli z Rzymu, a Ru\u015b (dzisiejsza Ukraina, Bia\u0142oru\u015b i Rosja \u2014 w\u00f3wczas nie do odr\u00f3\u017cnienia) z Bizancjum.&nbsp;Fakt ten oznacza\u0142 pierwszy wielki roz\u0142am mi\u0119dzy Polakami a wsp\u00f3\u0142czesnymi Rosjanami\/Ukrai\u0144cami.&nbsp;Do dzi\u015b Rosjanie uwa\u017caj\u0105 Polak\u00f3w za zdrajc\u00f3w s\u0142owia\u0144skiego \u015bwiata, a nie kto inny jak austriacki kanclerz Metternich (jeden z architekt\u00f3w europejskiego kontynentalnego porozumienia pokojowego wykutego na kongresie wiede\u0144skim w 1815 r.) powiedzia\u0142 s\u0142ynne s\u0142owa:&nbsp;Polska jest klinem, kt\u00f3ry \u015bwiat zachodni wbi\u0142 w \u015bwiat s\u0142owia\u0144ski.&nbsp;Stwierdzenie to jest w du\u017cym stopniu uzasadnione: przez katolicyzm Polacy zawsze czuli si\u0119 cz\u0119\u015bci\u0105 \u015bwiata zachodniego i zawsze czuli si\u0119 przeciwni prawos\u0142awnej Rusi Wschodniej.<\/p>\n\n\n\n<p id=\"p_1_7\">Katolicyzm nie zawsze szed\u0142 w parze z narodem lub jego w\u0142adcami.&nbsp;Zaledwie sto lat min\u0119\u0142o od chrystianizacji Polski, gdy wybuch\u0142 ostry konflikt mi\u0119dzy polskim monarch\u0105, kr\u00f3lem Boles\u0142awem \u015amia\u0142ym, a biskupem Stanis\u0142awem z Krakowa (\u00f3wczesnej stolicy Polski): biskup zosta\u0142 zabity w ko\u015bciele ( !) przez poplecznik\u00f3w kr\u00f3la, w wyniku czego monarcha zosta\u0142 wygnany z kraju i zmar\u0142 na wygnaniu.&nbsp;To wydarzenie (1089) przypomina konflikt mi\u0119dzy papie\u017cem Grzegorzem VII a cesarzem Henrykiem IV (1077) lub \u015bmier\u0107 Tomasza Becketta z r\u0105k kr\u00f3la Henryka II (1170).<\/p>\n\n\n\n<p id=\"p_1_8\">Przyczyny wrogo\u015bci mi\u0119dzy kr\u00f3lem a biskupem s\u0105 otwarte na r\u00f3\u017cne interpretacje.&nbsp;W czasach PRL-u to historyczne wydarzenie by\u0142o ko\u015bci\u0105 niezgody interpretacyjnej: polski Ko\u015bci\u00f3\u0142 katolicki nadal czci\u0142 zamordowanego biskupa jako symbol sprzeciwu wobec w\u0142adzy \u015bwieckiej (niemoralnej), podczas gdy Partia komunistyczna pr\u00f3bowa\u0142a narzuci\u0107 interpretacj\u0119 konfliktu jako przyk\u0142ad wysokiego rang\u0105 duchownego ko\u015bcio\u0142a zdradzaj\u0105cego interesy pa\u0144stwa, ba, narodu.<\/p>\n\n\n\n<p id=\"p_1_9\">To w\u0142a\u015bnie w okresie powojennym komuni\u015bci starali si\u0119 pozbawi\u0107 Ko\u015bci\u00f3\u0142 wp\u0142ywu, jaki wywiera\u0142 na nar\u00f3d, wi\u0119c ograniczyli duchowie\u0144stwo do granic mo\u017cliwo\u015bci, co sk\u0142oni\u0142o Prymasa Polski kardyna\u0142a Stefana Wyszy\u0144skiego do<a href=\"https:\/\/www.unz.com\/article\/poland-the-nation-and-its-faith\/#footnote_6\">[6]<\/a>przeciwstawi\u0107 si\u0119 w\u0142adzy s\u0142ynnym ju\u017c krzykliwym protestem skierowanym do w\u0142adz, ko\u0144cz\u0105cym si\u0119 s\u0142owami: \u201eNam [Ko\u015bcio\u0142owi] nie wolno po\u015bwi\u0119ca\u0107 boskiego sacrum na \u015bwieckim o\u0142tarzu Cezara [pa\u0144stwa].&nbsp;<em>Non possumus<\/em>&nbsp;[nie mo\u017cemy]\u201d<\/p>\n\n\n\n<p id=\"p_1_10\">Kardyna\u0142 Wyszy\u0144ski nie zosta\u0142 zabity, jak jego duchowy poprzednik bp Stanis\u0142aw, ale trafi\u0142 do wi\u0119zienia na kilka lat.&nbsp;W tym czasie polski Ko\u015bci\u00f3\u0142 katolicki, pod nieobecno\u015b\u0107 zaginionej jako klasa polskiej szlachty i szlachty, kt\u00f3rej cz\u0142onkowie albo uciekli z kraju w obawie przed komunistami, albo zostali pozbawieni ekonomicznego i politycznego wp\u0142ywu, przyj\u0105\u0142 rol\u0119 polska szlachta, polska arystokracja, polska szlachta.&nbsp;I jaka to by\u0142a ironia historii!&nbsp;Kap\u0142ani byli w wi\u0119kszo\u015bci rekrutowani spo\u015br\u00f3d ch\u0142opstwa, czyli warstwy spo\u0142ecznej, kt\u00f3ra zgodnie z za\u0142o\u017ceniami marksistowskimi mia\u0142a zosta\u0107 wyzwolona spod wp\u0142ywu \u201eopium ludu\u201d, a jednocze\u015bnie warstwy spo\u0142ecznej, kt\u00f3ra przez wieki by\u0142a uwa\u017cana przez szlacht\u0119 za niezdoln\u0105 do podtrzymania narodowo\u015bci!<\/p>\n\n\n\n<p id=\"p_1_11\">W tym powojennym okresie, niezale\u017cnie od tego, czy by\u0142e\u015b wierz\u0105cy, czy nie, dop\u00f3ki by\u0142e\u015b antykomunist\u0105 (a wi\u0119kszo\u015b\u0107 by\u0142a), naturalnie wspiera\u0142e\u015b Ko\u015bci\u00f3\u0142, identyfikowa\u0142e\u015b si\u0119 z Ko\u015bcio\u0142em i wykorzystywa\u0142e\u015b Ko\u015bci\u00f3\u0142 w swoim oporze przeciwko Marksizm-leninizm, przeciwko ateistom na stanowiskach w\u0142adzy, przeciwko narzuconym przez Moskw\u0119 towarzyszom partyjnym, z kt\u00f3rych wielu by\u0142o \u017bydami.&nbsp;Nauczanie religii zosta\u0142o zakazane w szko\u0142ach, ale by\u0142o prowadzone przez parafie.&nbsp;Frekwencja dobrowolna wynios\u0142a prawie 100%;&nbsp;nie dlatego, \u017ce wszyscy rodzice byli \u017carliwie wierz\u0105cymi: by\u0142a to forma protestu, forma wyra\u017cania to\u017csamo\u015bci narodowej, znak oporu \u2014 wyra\u017ane, cho\u0107 milcz\u0105ce stwierdzenie&nbsp;<em>non possumus<\/em>.&nbsp;(Dla por\u00f3wnania, w dzisiejszej Polsce frekwencja na lekcjach religii, kt\u00f3ra w mi\u0119dzyczasie zosta\u0142a przywr\u00f3cona do szk\u00f3\u0142, znacznie spad\u0142a i spada nadal).<\/p>\n\n\n\n<p id=\"p_1_12\">Wi\u0119ziony \u2014 a raczej przetrzymywany w areszcie domowym w r\u00f3\u017cnych klasztorach \u2014 kardyna\u0142 Wyszy\u0144ski czyta\u0142 (nie pierwszy raz w \u017cyciu) Henryka Sienkiewicza<a href=\"https:\/\/www.unz.com\/article\/poland-the-nation-and-its-faith\/#footnote_7\">[7]<\/a>trylogi\u0119 (powie\u015bci historyczne o XVII-wiecznej Polsce, kt\u00f3rych znaczenie kulturowe jest por\u00f3wnywalne z powie\u015bciami Waltera Scotta w \u015bwiecie angloj\u0119zycznym), a podczas lektury&nbsp;<em>Potopu<\/em>(kilka lat p\u00f3\u017aniej przerobiony na wspomniany wcze\u015bniej udany film) wpad\u0142 na pomys\u0142 przygotowania narodu na milenium polskiej pa\u0144stwowo\u015bci.&nbsp;\u201ePotop\u201d, kt\u00f3ry w du\u017cej mierze opiera si\u0119 na faktach historycznych, informuje lub przypomina (w zale\u017cno\u015bci od przypadku) czytelnikowi o trudnych czasach z historii Polski, kiedy kraj by\u0142 zalewany przez wielu naje\u017ad\u017ac\u00f3w, a nar\u00f3d by\u0142 na skraju wygini\u0119cia .&nbsp;W tym czasie kr\u00f3l polski Jan Kazimierz z\u0142o\u017cy\u0142 uroczyste i religijne przyrzeczenie przywr\u00f3cenia \u015bwietno\u015bci Polsce, m.in. poprzez moralne odrodzenie narodu;&nbsp;to w\u0142a\u015bnie w tej powie\u015bci czytelnikowi przypomniano rol\u0119, jak\u0105 cz\u0119stochowski klasztor, a zw\u0142aszcza rol\u0119, jak\u0105 pe\u0142ni\u0142a w tych trudnych czasach ikona Matki Boskiej (przypomnij sobie kl\u0119cz\u0105cy ho\u0142d z\u0142o\u017cony ikonie w&nbsp;<em>Potopie<\/em>.&nbsp;I tak te\u017c kard. zwolniony z aresztu w zwi\u0105zku z poststalinowsk\u0105 odwil\u017c\u0105 polityczn\u0105.<\/p>\n\n\n\n<p id=\"p_1_13\">\u201eKonfesjona\u0142 i o\u0142tarz narodu\u201d \u2014 tak kiedy\u015b okre\u015bla\u0142 on cz\u0119stochowski klasztor, co odpowiada faktom.&nbsp;Zajmuje to samo miejsce w zbiorowej psychice narodu, co Santiago de Compostela dla Hiszpan\u00f3w czy Lourdes dla Francuz\u00f3w.&nbsp;Udaj si\u0119 do klasztoru, a zobaczysz nieco wi\u0119kszy ni\u017c w rzeczywisto\u015bci pomnik kardyna\u0142a Wyszy\u0144skiego kl\u0119cz\u0105cy przed sanktuarium, w kt\u00f3rym od 1382 roku wizerunek Matki Boskiej czczony jest przez pokolenia Polak\u00f3w. Je\u015bli przyjrzysz si\u0119 bli\u017cej na obrazie zauwa\u017cysz dwie blizny na jej prawym policzku, blizny, z kt\u00f3rych obraz jest powszechnie znany i powszechnie rozpoznawany.&nbsp;Nie, nie s\u0105 cz\u0119\u015bci\u0105 projektu artystycznego (o malarzu m\u00f3wi si\u0119 nie mniej ni\u017c o \u015bw. \u0141ukaszu Ewangeli\u015bcie): te blizny zosta\u0142y zadane podczas najazdu husyt\u00f3w na klasztor.&nbsp;Husyci byli czeskimi \u2014 powiedzmy \u2014 heretykami, ale miecze, kt\u00f3re pozostawi\u0142y blizny, dzier\u017cy\u0142y polskie r\u0119ce!&nbsp;To pokazuje nam wieloaspektowy zwi\u0105zek mi\u0119dzy narodem a jego wiar\u0105 katolick\u0105.<\/p>\n\n\n\n<figure class=\"wp-block-image\"><a href=\"https:\/\/www.unz.com\/wp-content\/uploads\/2023\/07\/pic2-17-705x397.jpg\"><img decoding=\"async\" src=\"https:\/\/www.unz.com\/wp-content\/uploads\/2023\/07\/pic2-17-705x397.jpg\" alt=\"Czarna Madonna z Cz\u0119stochowy\"\/><\/a><\/figure>\n\n\n\n<p>Czarna Madonna z Cz\u0119stochowy<\/p>\n\n\n\n<p id=\"p_1_14\">Kardyna\u0142 Wyszy\u0144ski zainicjowa\u0142 program odnowy moralnej, kt\u00f3ry odczyta\u0142 z mur\u00f3w obronnych klasztoru kilkuset tysi\u0105com zgromadzonych tam ludzi.&nbsp;Powt\u00f3rzy\u0142 to, co kr\u00f3l Jan Kazimierz uczyni\u0142 w 1657 r., co z kolei opisa\u0142 Henryk Sienkiewicz we wspomnianej powie\u015bci historycznej&nbsp;<em>Potop<\/em>.&nbsp;Moralna krucjata rozpocz\u0119\u0142a si\u0119 w 1956 roku i mia\u0142a zako\u0144czy\u0107 si\u0119 w 1966 roku, roku tysi\u0105clecia polskiej pa\u0144stwowo\u015bci.&nbsp;W ramach tej odnowy moralnej kopia Czarnej Madonny mia\u0142a by\u0107 przenoszona z parafii do parafii, w ca\u0142ym kraju, gromadz\u0105c lokalne spo\u0142eczno\u015bci na modlitwie, co irytowa\u0142o w\u0142adze.&nbsp;Bezradni, czuj\u0105c, \u017ce przegrywaj\u0105 bitw\u0119 o zbiorow\u0105 dusz\u0119 narodu, komuni\u015bci uchwycili obraz.&nbsp;Aresztowali ikon\u0119!&nbsp;Jak zareagowa\u0142 kardyna\u0142 Wyszy\u0144ski?&nbsp;Kaza\u0142 przewozi\u0107 pust\u0105 ram\u0119 z parafii do parafii w ca\u0142ym kraju.&nbsp;Obecno\u015b\u0107 Czarnej Madonny nigdy nie by\u0142a postrzegana jako bardziej namacalna.&nbsp;Czy pami\u0119tasz, dlaczego kr\u00f3l Henryk VIII chcia\u0142 skaza\u0107 Tomasza Morusa na \u015bmier\u0107, mimo \u017ce jego by\u0142y kanclerz milcza\u0142 na temat wybryk\u00f3w kr\u00f3la?&nbsp;Poniewa\u017c jego milczenie przemawia\u0142o g\u0142o\u015bniej ni\u017c s\u0142owa.&nbsp;Tak samo tutaj:<\/p>\n\n\n\n<p id=\"p_1_15\">Pusta rama, bez obrazu, a raczej ikony w \u015brodku, dla Czarnej Madonny jest ikon\u0105.&nbsp;Do Polski zosta\u0142a sprowadzona z Rusi (cz\u0119\u015b\u0107 dzisiejszej Ukrainy), kt\u00f3ra by\u0142a wyznania prawos\u0142awnego.&nbsp;P\u00f3\u0142nocne terytorium mi\u0119dzy Polsk\u0105 a Rusi\u0105 by\u0142o okupowane przez Wielkie Ksi\u0119stwo Litewskie, poga\u0144sk\u0105 jednostk\u0119 polityczn\u0105, kt\u00f3ra rz\u0105dzi\u0142a rozleg\u0142ymi ziemiami Rusi sk\u0105din\u0105d chrze\u015bcija\u0144skiej, po cz\u0119\u015bci zniszczonej, cz\u0119\u015bciowo podbitej przez liczne najazdy tatarskie.&nbsp;Poga\u0144skim ksi\u0105\u017c\u0119tom litewskim \u2014 g\u0142\u00f3wnie dzi\u0119ki maria\u017com dynastycznym \u2014 uda\u0142o si\u0119 przej\u0105\u0107 kontrol\u0119 nad tym, co dzi\u015b znamy jako Bia\u0142oru\u015b, prawie ca\u0142\u0105 Ukrain\u0119 i ogromne po\u0142acie dzisiejszej Rosji.&nbsp;W\u0142adcy litewscy byli poganami niemal do ko\u0144ca XIV wieku.&nbsp;Jako takie by\u0142y celem religijno-ideologicznych najazd\u00f3w wojskowych przeprowadzanych przez Krzy\u017cak\u00f3w (niemiecki zakon wojskowy),<\/p>\n\n\n\n<p id=\"p_1_16\">W ideowo-religijnym celowniku Kr\u00f3lestwa Polskiego znale\u017ali si\u0119 tak\u017ce w\u0142adcy litewscy.&nbsp;Poniewa\u017c Krzy\u017cacy zagra\u017cali zar\u00f3wno Polsce, jak i Litwie, dobrym pomys\u0142em by\u0142o po\u0142\u0105czenie si\u0142 obu pa\u0144stw (wraz z rozleg\u0142ymi terytoriami ruskimi pod panowaniem litewskim!) w celu odparcia niemieckich atak\u00f3w.&nbsp;Za obop\u00f3ln\u0105 zgod\u0105 wielki ksi\u0105\u017c\u0119 litewski zosta\u0142 kr\u00f3lem Polski (1386), oczywi\u015bcie pod warunkiem, \u017ce on i jego poga\u0144scy poddani dadz\u0105 si\u0119 ochrzci\u0107.&nbsp;Powsta\u0142 nowy organizm polityczny, na tyle pot\u0119\u017cny, by pokona\u0107 Krzy\u017cak\u00f3w w serii wojen, z kt\u00f3rych bitwa pod Grunwaldem (1410) opisana przez Henryka Sienkiewicza w powie\u015bci Krzy\u017cacy&nbsp;<em>i<\/em>&nbsp;umiej\u0119tnie pokazana w filmie pod tym samym tytu\u0142em sta\u0142 si\u0119 cz\u0119\u015bci\u0105 zbiorowej psychiki narodu jako ikona.<\/p>\n\n\n\n<p id=\"p_1_17\">Unia mi\u0119dzy Polsk\u0105 a Litw\u0105 (tj. Litw\u0105 i du\u017cymi cz\u0119\u015bciami Rusi, jak wspomniano powy\u017cej), kt\u00f3ra p\u00f3\u017aniej skonsolidowa\u0142a si\u0119 w postaci Rzeczypospolitej Obojga Narod\u00f3w, spowodowa\u0142a, \u017ce \u200b\u200bkatolicyzm zrobi\u0142 dalsze wy\u0142omy na wschodzie i wkroczy\u0142 nieco na prawos\u0142awie. Chrze\u015bcija\u0144stwo.&nbsp;Z czasem na Litwie rozwin\u0119\u0142o si\u0119 podobne, typowo katolickie nabo\u017ce\u0144stwo do Matki Bo\u017cej, kt\u00f3re zmaterializowa\u0142o si\u0119 w kulcie ikony maryjnej w Wilnie, w Kaplicy Ostrej Bramy.&nbsp;Kult by\u0142 niemal wiern\u0105 duchow\u0105 kopi\u0105 kultu cz\u0119stochowskiego kultu Czarnej Madonny.&nbsp;Chocia\u017c polscy w\u0142adcy i szlachta byli na og\u00f3\u0142 tolerancyjni wobec innych wyzna\u0144 chrze\u015bcija\u0144skich, d\u0105\u017cenie do sprowadzenia prawos\u0142awnych chrze\u015bcijan do wsp\u00f3lnej rzymskiej owczarni by\u0142o silne.&nbsp;Zaprojektowano i wdro\u017cono uni\u0119 ko\u015bcio\u0142\u00f3w (1596),&nbsp;na mocy kt\u00f3rego prawos\u0142awni, zachowuj\u0105c swoje obrz\u0105dki, mieli zerwa\u0107 stosunki z ko\u015bcio\u0142ami wschodnimi i uzna\u0107 w\u0142adz\u0119 papie\u017ca w Rzymie.&nbsp;Powo\u0142ano do \u017cycia tzw. Jednolit\u0105 Cerkiew Prawos\u0142awn\u0105, kt\u00f3ra by\u0142a kolejnym roz\u0142amem wyznaniowym w Rzeczypospolitej<em>russkij mir<\/em>&nbsp;\u2014 \u015bwiat rosyjski: wi\u0119kszo\u015b\u0107 wsp\u00f3\u0142czesnego ukrai\u0144skiego nacjonalizmu i to\u017csamo\u015bci narodowej wywodzi si\u0119 z tej unii cerkiewnej lub z tego roz\u0142amu: Cerkiew prawos\u0142awna Rusi Wschodniej z Moskw\u0105 jako rodz\u0105c\u0105 si\u0119 zasad\u0105 organizacyjn\u0105 ruskiego&nbsp;<em>miru<\/em>(Kij\u00f3w by\u0142 wtedy miastem prowincjonalnym w Rzeczypospolitej Obojga Narod\u00f3w) zosta\u0142 skonfrontowany z prawos\u0142awnym ko\u015bcio\u0142em spin-off, przez prawos\u0142awnych katolik\u00f3w rosyjskich.&nbsp;Aby spot\u0119gowa\u0107 napi\u0119cia religijne i etniczne, sta\u0142e misje jezuickie dzia\u0142aj\u0105ce na wschodnich terenach ogromnej Rzeczypospolitej wraz z licznymi \u017bydami dzia\u0142aj\u0105cymi z ramienia magnat\u00f3w w charakterze rolnik\u00f3w podatkowych, w\u0142a\u015bcicieli m\u0142yn\u00f3w i karczm, dzier\u017cawc\u00f3w grunt\u00f3w itp. wywo\u0142a\u0142y liczne powstania rosyjskoj\u0119zycznych, prawos\u0142awnych Ukrai\u0144c\u00f3w (cho\u0107 nie znano ich w\u00f3wczas pod t\u0105 nazw\u0105) i skutkowa\u0142y krwawymi \u0142a\u017aniami, rzeziami, masakrami i licznymi aktami czystek etnicznych polskich kolonizator\u00f3w i ich \u017cydowskich towarzyszy podr\u00f3\u017cy .<\/p>\n\n\n\n<p id=\"p_1_18\">Najwi\u0119ksze powstanie \u201eukrai\u0144skie\u201d wybuch\u0142o w 1648 r.;&nbsp;wkr\u00f3tce, w 1655 roku, Szwecja najecha\u0142a Polsk\u0119 od p\u00f3\u0142nocy;&nbsp;w tym samym roku Rosja zaatakowa\u0142a od wschodu;&nbsp;podczas gdy Ukrai\u0144cy zbli\u017cyli si\u0119 do Lublina, Szwedzi zaj\u0119li Krak\u00f3w, a Rosjanie Wilno (stolica litewskiej cz\u0119\u015bci Rzeczypospolitej).&nbsp;W rezultacie pa\u0144stwo polskie praktycznie przesta\u0142o istnie\u0107 (a dok\u0142adnie w okresie opisanym przez Henryka Sienkiewicza i sfilmowanym przez Jerzego Hofmanna w&nbsp;<em>Potopie<\/em>&nbsp;, o kt\u00f3rym mowa powy\u017cej).&nbsp;To w\u0142a\u015bnie klasztor cz\u0119stochowski skutecznie opar\u0142 si\u0119 militarnie szwedzkiemu obl\u0119\u017ceniu i zapocz\u0105tkowa\u0142 pocz\u0105tkowo partyzantk\u0119, a nast\u0119pnie regularn\u0105 wojn\u0119 z agresorami.&nbsp;Okres ten ogromnie wzmocni\u0142 polski katolicyzm.&nbsp;Dlaczego?<\/p>\n\n\n\n<ul class=\"wp-block-list\">\n<li>Szwedzi jako luteranie znajdowali poparcie w\u015br\u00f3d mniejszo\u015bci lutera\u0144skiej, kalwi\u0144skiej i innych protestanckich mniejszo\u015bci w Rzeczypospolitej Obojga Narod\u00f3w.&nbsp;M\u00f3wi\u0105c wprost: mniejszo\u015bci religijne dopu\u015bci\u0142y si\u0119 zdrady stanu.&nbsp;Cz\u0119\u015b\u0107 z nich zosta\u0142a wysiedlona po wojnie.<\/li>\n\n\n\n<li>Ortodoksyjni chrze\u015bcijanie \u201eUkrai\u0144cy\u201d stali si\u0119 znienawidzeni za swoje masakry;<\/li>\n\n\n\n<li>Prawos\u0142awni Rosjanie byli nielubiani za zdradzieck\u0105 wsp\u00f3\u0142prac\u0119 ze Szwedami i wsparcie, jakiego udzielali \u201eUkrai\u0144com\u201d;&nbsp;ostatecznie ogromne po\u0142acie wschodnich ziem polskich (wraz z Kijowem) zosta\u0142y przekazane przez \u201eUkrai\u0144c\u00f3w\u201d Moskwie;<\/li>\n\n\n\n<li>\u017bydzi nie wykazywali \u017cadnej lojalno\u015bci wobec polskiego monarchy: i tak cieszyli si\u0119 du\u017c\u0105 autonomi\u0105, mieli w\u0142asny parlament i zawsze pozostawali lojalni wobec obecnego okupanta.<\/li>\n<\/ul>\n\n\n\n<p id=\"p_1_19\">W ten spos\u00f3b polsko\u015b\u0107 zacz\u0119\u0142a oznacza\u0107 katolicyzm;&nbsp;Katolicyzm najlepiej s\u0142u\u017cy\u0142 polsko\u015bci, podczas gdy zewn\u0119trzni wrogowie i wewn\u0119trzni zdrajcy byli w wi\u0119kszo\u015bci niekatoliccy.<\/p>\n\n\n\n<p id=\"p_1_20\">W nast\u0119pnym stuleciu Rzeczpospolita z trudem podnios\u0142a si\u0119 z \u201epotopu\u201d, kt\u00f3ry stopniowo umo\u017cliwi\u0142 s\u0105siadom, zw\u0142aszcza prawos\u0142awnej Rosji i lutera\u0144sko-kalwi\u0144skim Prusom, wykorzystanie mniejszo\u015bci religijnych wewn\u0105trz Rzeczypospolitej przeciwko samej Rzeczypospolitej.&nbsp;Wolno\u015b\u0107 religijna by\u0142a wczoraj politycznym atutem por\u00f3wnywalnym z dzisiejszymi interwencjami w imi\u0119 demokracji czy praw cz\u0142owieka.&nbsp;Tak\u017ce te interwencje s\u0105siedzkie w imi\u0119 obrony praw innowierc\u00f3w skonsolidowa\u0142y katolick\u0105 wi\u0119kszo\u015b\u0107, kt\u00f3ra zacz\u0119\u0142a postrzega\u0107 prawos\u0142awnych, luteran\u00f3w, kalwinist\u00f3w i \u017byd\u00f3w jako cia\u0142a obce i wrogie, zawsze gotowe do wsp\u00f3\u0142pracy z wrogiem zewn\u0119trznym. .<\/p>\n\n\n\n<p id=\"p_1_21\">W bezprecedensowym w historii \u0142a\u0144cuchu trzech kolejnych wydarze\u0144, kt\u00f3re mia\u0142y miejsce w latach 1772-1795 (mniej wi\u0119cej r\u00f3wnocze\u015bnie z wojnami o niepodleg\u0142o\u015b\u0107 Stan\u00f3w Zjednoczonych i rewolucj\u0105 francusk\u0105), Rzeczpospolita Obojga Narod\u00f3w zosta\u0142a metodycznie unicestwiona przez protestanckie Prusy, prawos\u0142awn\u0105 Rosj\u0119 i katolick\u0105 Imperium Habsburg\u00f3w, co\u015b w rodzaju trzech hit\u00f3w, kt\u00f3re ostatecznie zlikwidowa\u0142y Kartagin\u0119, z tym wyj\u0105tkiem jednak, \u017ce Kartagina zosta\u0142a podbita w zasadzie przez jeden obcy podmiot.&nbsp;Powstania narodowe wype\u0142nia\u0142y ca\u0142y XIX wiek, skierowane to przeciwko Rosji, to przeciwko Prusom, to przeciwko imperium Habsburg\u00f3w: wszystkie zako\u0144czy\u0142y si\u0119 niepowodzeniem.&nbsp;Jednak wszyscy oni skonsolidowali nar\u00f3d wok\u00f3\u0142 katolicyzmu.&nbsp;W\u015br\u00f3d powsta\u0144c\u00f3w byli ksi\u0119\u017ca katoliccy,&nbsp;cz\u0119sto bez b\u0142ogos\u0142awie\u0144stwa oficjalnego ko\u015bcio\u0142a;&nbsp;Ksi\u0119\u017ca katoliccy cz\u0119sto wyst\u0119powali jako dow\u00f3dcy oddzia\u0142\u00f3w partyzanckich i cz\u0119sto gin\u0119li w bitwach lub byli rozstrzeliwani publicznie, zale\u017cnie od przypadku.&nbsp;Odrodzenie polskiej pa\u0144stwowo\u015bci na mniejszym obszarze w wyniku kl\u0119ski trzech mocarstw, kt\u00f3re trzyma\u0142y Polsk\u0119 w gar\u015bci pod koniec I wojny \u015bwiatowej, zaowocowa\u0142o odrodzeniem si\u0119 pa\u0144stwa polskiego z bardzo liczn\u0105 mniejszo\u015bci\u0105 \u017cydowsk\u0105 i ukrai\u0144sk\u0105 .&nbsp;Wi\u0119kszo\u015b\u0107 tych pierwszych nie m\u00f3wi\u0142a dobrze po polsku lub nie m\u00f3wi\u0142a po polsku;&nbsp;wi\u0119kszo\u015b\u0107 z tych ostatnich by\u0142a bardzo wrogo nastawiona do pa\u0144stwa polskiego.&nbsp;Wielu \u2014 zbyt wielu \u2014 z tych pierwszych by\u0142o cz\u0142onkami wywrotowych organizacji politycznych,&nbsp;zw\u0142aszcza \u201ePolskiej\u201d Partii Komunistycznej (\u201ePolska\u201d w strasznych cudzys\u0142owach, bo w rzeczywisto\u015bci by\u0142a bardziej \u017cydowska);&nbsp;wielu \u2014 zbyt wielu \u2014 tych ostatnich bra\u0142o udzia\u0142 w organizacjach terrorystycznych dokonuj\u0105cych zamach\u00f3w terrorystycznych, z kt\u00f3rych najg\u0142o\u015bniejszy by\u0142 zamach na ministra spraw wewn\u0119trznych w Warszawie w bia\u0142y dzie\u0144 (1935).&nbsp;Kiedy wybuch\u0142a II wojna \u015bwiatowa, Ukrai\u0144cy strzelali w plecy polskich \u017co\u0142nierzy;&nbsp;w latach okupacji niemieckiej Ukrai\u0144cy lubowali si\u0119 w unicestwianiu ca\u0142ych miasteczek i wsi zamieszka\u0142ych przez Polak\u00f3w \u2014 zw\u0142aszcza na Wo\u0142yniu \u2014 a ich okrucie\u0144stwo szokowa\u0142o zaprawionych w bojach, siej\u0105cych \u015bmier\u0107 niemieckich esesman\u00f3w.&nbsp;Kiedy wybuch\u0142a II wojna \u015bwiatowa, Ukrai\u0144cy strzelali w plecy polskich \u017co\u0142nierzy;&nbsp;w latach okupacji niemieckiej Ukrai\u0144cy lubowali si\u0119 w unicestwianiu ca\u0142ych miasteczek i wsi zamieszka\u0142ych przez Polak\u00f3w \u2014 zw\u0142aszcza na Wo\u0142yniu \u2014 a ich okrucie\u0144stwo szokowa\u0142o zaprawionych w bojach, siej\u0105cych \u015bmier\u0107 niemieckich esesman\u00f3w.&nbsp;Kiedy wybuch\u0142a II wojna \u015bwiatowa, Ukrai\u0144cy strzelali w plecy polskich \u017co\u0142nierzy;&nbsp;w latach okupacji niemieckiej Ukrai\u0144cy lubowali si\u0119 w unicestwianiu ca\u0142ych miasteczek i wsi zamieszka\u0142ych przez Polak\u00f3w \u2014 zw\u0142aszcza na Wo\u0142yniu \u2014 a ich okrucie\u0144stwo szokowa\u0142o zaprawionych w bojach, siej\u0105cych \u015bmier\u0107 niemieckich esesman\u00f3w.<\/p>\n\n\n\n<p id=\"p_1_22\">Koniec II wojny \u015bwiatowej oznacza\u0142 ponowne wytyczenie granic pa\u0144stwowych i przesiedlenia etniczne, co sprawi\u0142o, \u017ce Polska by\u0142a prawie w 100% polska i w 100% katolicka, rz\u0105dzona przez niewielk\u0105 mniejszo\u015b\u0107 komunist\u00f3w, cz\u0119\u015bciowo polsk\u0105, cz\u0119\u015bciowo \u017cydowsk\u0105, obie grupy ateistyczne, narzucone na nar\u00f3d przez stalinowsk\u0105 Rosj\u0119 Sowieck\u0105.&nbsp;Przy prawie ca\u0142kowitym braku mniejszo\u015bci religijnych, braku narodowej szlachty, w obliczu wrogiego przej\u0119cia w\u0142adzy przez Rosjan i \u017byd\u00f3w, bez rzeczywistej legalnej opozycji politycznej, katolicyzm znalaz\u0142 si\u0119 w sile.&nbsp;Powiedzmy to jeszcze raz: pe\u0142ni\u0142a rol\u0119 szlachty narodowej, pe\u0142ni\u0142a rol\u0119 opozycji politycznej, pe\u0142ni\u0142a funkcj\u0119 spichlerza warto\u015bci narodowych, pe\u0142ni\u0142a rol\u0119 przewodnika moralnego, pe\u0142ni\u0142a rol\u0119 ostoi duchowej pociechy, pe\u0142ni\u0142a funkcj\u0119 przypomnienia Chwalebna przesz\u0142o\u015b\u0107 Polski.&nbsp;Wyb\u00f3r polskiego papie\u017ca i jego pierwsza wizyta w Polsce sprawi\u0142y, \u017ce ludzie podnie\u015bli g\u0142owy;&nbsp;wywo\u0142a\u0142o to r\u00f3wnie\u017c duchowy pozytywny ferment.&nbsp;Jak si\u0119 dzi\u015b m\u00f3wi, na mszach pod go\u0142ym niebem w kilku miastach, kt\u00f3re odwiedzi\u0142 papie\u017c, pojawi\u0142y si\u0119 setki tysi\u0119cy ludzi: ludzie widzieli, \u017ce stanowi\u0105 wi\u0119kszo\u015b\u0107;&nbsp;jednostki widzia\u0142y, \u017ce nie s\u0105 izolowane;&nbsp;jednostki widzia\u0142y, \u017ce s\u0105 miliony podobnie my\u015bl\u0105cych ludzi, \u017ce s\u0105 miliony, kt\u00f3re maj\u0105 do\u015b\u0107 marksizmu-leninizmu.&nbsp;Naturalnie Ruch Solidarno\u015bci, kt\u00f3ry wybuch\u0142 dopiero rok p\u00f3\u017aniej (1980 i ostatecznie doprowadzi\u0142 do upadku komunizmu) dzia\u0142a\u0142 rami\u0119 w rami\u0119 z polskim Ko\u015bcio\u0142em katolickim, a duchowie\u0144stwo po\u015bredniczy\u0142o w wielu uk\u0142adach mi\u0119dzy opozycj\u0105 a rz\u0105dem lub parti\u0105 komunistyczn\u0105 .&nbsp;Na najwy\u017cszych szczeblach Ruchu Solidarno\u015bci znajdowa\u0142o si\u0119 wielu by\u0142ych komunistycznych dzia\u0142aczy \u017cydowskich i oni tak\u017ce<\/p>\n\n\n\n<p id=\"p_1_23\">W ci\u0105gu czterech dekad po drugiej wojnie \u015bwiatowej Polska mog\u0142a by\u0107 komunistyczna, a mimo to nie zatraci\u0142a swojej zbiorowej, katolickiej duszy.&nbsp;Bo\u017ce Narodzenie i Wielkanoc obchodzono uroczy\u015bcie, podczas gdy radio i telewizja nie o\u015bmiela\u0142y si\u0119 nadawa\u0107 frywolnych program\u00f3w ani muzyki podczas&nbsp;<a href=\"https:\/\/en.wikipedia.org\/wiki\/Paschal_Triduum\">Triduum Paschalnego<\/a>&nbsp;(co nie znaczy, \u017ce oferowano co\u015b cho\u0107by w przybli\u017ceniu religijnego).&nbsp;\u201ePan Tadeusz\u201d, epopeja narodowa pierwszego wieszcza narodowego Adama Mickiewicza, by\u0142a zawsze lektur\u0105 obowi\u0105zkow\u0105.&nbsp;Dzieci w szko\u0142ach pa\u0144stwowych musia\u0142y nauczy\u0107 si\u0119 na pami\u0119\u0107 kilku wers\u00f3w wprowadzaj\u0105cych do tego wiersza, z kt\u00f3rych dwa brzmia\u0142y tak:<\/p>\n\n\n\n<blockquote class=\"wp-block-quote is-layout-flow wp-block-quote-is-layout-flow\">\n<p id=\"p_1_24\">\u201eO Panno \u015awi\u0119ta, kt\u00f3rej sanktuarium cz\u0119stochowskiestrze\u017cesz i na Ostrej Bramie \u015bwiecisz!\u201d(przet\u0142umaczone przez Kennetha Mackenziego)<\/p>\n<\/blockquote>\n\n\n\n<p id=\"p_1_25\">Mo\u017cna powiedzie\u0107, \u017ce w dzisiejszej Polsce katolicyzm s\u0142abnie.&nbsp;Tak to jest.&nbsp;Najbardziej szokuj\u0105ce wydarzenia mia\u0142y miejsce ca\u0142kiem niedawno, kiedy po decyzji S\u0105du Najwy\u017cszego Stan\u00f3w Zjednoczonych, pozostawiaj\u0105c stanom prawodawstwo dotycz\u0105ce aborcji, tysi\u0105ce m\u0142odych, w\u015bciek\u0142ych kobiet w akcie protestu wdar\u0142y si\u0119 do ko\u015bcio\u0142\u00f3w, zak\u0142\u00f3caj\u0105c Msz\u0119 \u015awi\u0119t\u0105, poniewa\u017c obarczy\u0142y Ko\u015bci\u00f3\u0142 odpowiedzialno\u015bci\u0105 za bardzo restrykcyjne przepisy antyaborcyjne.&nbsp;Jednak nie bez powodu wspominam o zabiciu biskupa Stanis\u0142awa na rozkaz polskiego monarchy czy o okaleczeniu twarzy Czarnej Madonny przez polskie r\u0119ce.&nbsp;Takie rzeczy si\u0119 zdarza\u0142y, zdarzaj\u0105 i b\u0119d\u0105 si\u0119 zdarza\u0107.&nbsp;Polscy katolicy byli wielkimi grzesznikami, cudzo\u0142o\u017cnikami, cudzo\u0142o\u017cnikami, mordercami, blu\u017aniercami i tak dalej.&nbsp;Je\u015bli przyjrzysz si\u0119 bli\u017cej, mo\u017cesz uciec z szalonymi wnioskami.&nbsp;W momencie, gdy robisz szeroki obraz, widzisz trend.&nbsp;Pami\u0119tam, jak dorastaj\u0105c, my\u015bla\u0142em, \u017ce ateizm w Zwi\u0105zku Radzieckim by\u0142 tak wieczny, jak wieczny wydawa\u0142 si\u0119 by\u0107 Zwi\u0105zek Radziecki.&nbsp;Nagle Zwi\u0105zek Radziecki znikn\u0105\u0142, podczas gdy rosyjskie prawos\u0142awie prze\u017cywa odrodzenie.&nbsp;A zatem pozostaje og\u00f3lny obraz: tak jak duch Rosji jest prawos\u0142awny (nawet je\u015bli czasami religia jest t\u0142umiona lub odrzucana), tak duch Polski jest katolicki (z tymi samymi zastrze\u017ceniami).<\/p>\n\n\n\n<p id=\"p_1_26\">A katolicyzm nie jest po prostu \u017cydowskim spiskiem maj\u0105cym na celu zniszczenie Bia\u0142ej Rasy.<\/p>\n\n\n\n<p id=\"p_1_27\"><strong>Notatki<\/strong><\/p>\n\n\n\n<p id=\"p_1_28\"><a href=\"https:\/\/www.unz.com\/article\/poland-the-nation-and-its-faith\/#footnoteref_1\">[1]&nbsp;<\/a><a href=\"https:\/\/www.amazon.com\/Krzyzacy-Urszula-Modrzynska\/dp\/B002MKQFNW\">P\u0142yta DVD z angielskimi napisami<\/a>&nbsp;.<\/p>\n\n\n\n<p id=\"p_1_29\"><a href=\"https:\/\/www.unz.com\/article\/poland-the-nation-and-its-faith\/#footnoteref_2\">[2]&nbsp;<\/a><a href=\"https:\/\/www.amazon.com\/Deluge-Digitally-Restored-English-subtitles\/dp\/B093CF12DG\/ref=sr_1_6?crid=29CBNSM5UKJ4K&amp;keywords=Potop+movie&amp;qid=1688058479&amp;s=movies-tv&amp;sprefix=potop+movie%2Cmovies-tv-intl-ship%2C215&amp;sr=1-6\">P\u0142yta DVD z napisami w j\u0119zyku angielskim<\/a>&nbsp;.<\/p>\n\n\n\n<p id=\"p_1_30\"><a href=\"https:\/\/www.unz.com\/article\/poland-the-nation-and-its-faith\/#footnoteref_3\">[3]<\/a>&nbsp;Cz\u0119stochowa \/chen-staw-KHAW-vah\/<\/p>\n\n\n\n<p id=\"p_1_31\"><a href=\"https:\/\/www.unz.com\/article\/poland-the-nation-and-its-faith\/#footnoteref_4\">[4]&nbsp;<\/a><a href=\"https:\/\/www.amazon.com\/Ziemia-obiecana-Serial-English-subtitles\/dp\/B0BMM53KPM\/ref=sr_1_4?crid=27TERT888CRNG&amp;keywords=ziemia+obiecana+movie&amp;qid=1688058592&amp;s=movies-tv&amp;sprefix=ziemia+obiecana+movie%2Cmovies-tv-intl-ship%2C170&amp;sr=1-4\">P\u0142yta DVD z napisami w j\u0119zyku angielskim<\/a>&nbsp;.<\/p>\n\n\n\n<p id=\"p_1_32\"><a href=\"https:\/\/www.unz.com\/article\/poland-the-nation-and-its-faith\/#footnoteref_5\">[5]<\/a>&nbsp;Jerzy \/YEH-\u017cyj\/<\/p>\n\n\n\n<p id=\"p_1_33\"><a href=\"https:\/\/www.unz.com\/article\/poland-the-nation-and-its-faith\/#footnoteref_6\">[6]<\/a>&nbsp;Wyszy\u0144ski \/vysh-IN-skee\/<\/p>\n\n\n\n<p id=\"p_1_34\"><a href=\"https:\/\/www.unz.com\/article\/poland-the-nation-and-its-faith\/#footnoteref_7\">[7]<\/a>\u00a0Sienkiewicz \/shyenk-YEH-veech\/<\/p>\n\n\n\n<p>\u0179r\u00f3d\u0142o https:\/\/www.unz.com\/article\/poland-the-nation-and-its-faith\/<\/p>\n","protected":false},"excerpt":{"rendered":"<p>Autor, JACEK SZELA The Unz Review \u201eO Panno \u015awi\u0119ta, kt\u00f3rej sanktuarium cz\u0119stochowskiestrze\u017cesz i na Ostrej Bramie \u015bwiecisz!\u201d Chocia\u017c oczywista jest uwaga, \u017ce \u200b\u200bnie ka\u017cdy Polak jest katolikiem, to jednak prawd\u0105 jest, \u017ce r\u00f3wnanie Polak = Katolik jest r\u00f3wnie wa\u017cne, jak&#8230; <\/p>\n","protected":false},"author":2,"featured_media":3072,"comment_status":"open","ping_status":"open","sticky":false,"template":"","format":"standard","meta":{"_acf_changed":false,"_bbp_topic_count":0,"_bbp_reply_count":0,"_bbp_total_topic_count":0,"_bbp_total_reply_count":0,"_bbp_voice_count":0,"_bbp_anonymous_reply_count":0,"_bbp_topic_count_hidden":0,"_bbp_reply_count_hidden":0,"_bbp_forum_subforum_count":0,"om_disable_all_campaigns":false,"_monsterinsights_skip_tracking":false,"footnotes":""},"categories":[93],"tags":[],"class_list":["post-3071","post","type-post","status-publish","format-standard","has-post-thumbnail","hentry","category-artykuly"],"acf":[],"aioseo_notices":[],"aioseo_head":"\n\t\t<!-- All in One SEO 5.0.1.1 - aioseo.com -->\n\t<meta name=\"description\" content=\"Autor, JACEK SZELA The Unz Review \u201eO Panno \u015awi\u0119ta, kt\u00f3rej sanktuarium cz\u0119stochowskiestrze\u017cesz i na Ostrej Bramie \u015bwiecisz!\u201d Chocia\u017c oczywista jest uwaga, \u017ce \u200b\u200bnie ka\u017cdy Polak jest katolikiem, to jednak prawd\u0105 jest, \u017ce r\u00f3wnanie Polak = Katolik jest r\u00f3wnie wa\u017cne, jak mentalne skojarzenie, \u017ce Rosjanin oznacza prawos\u0142awnego chrze\u015bcijanina (z tymi samymi zastrze\u017ceniami, \u017ce niekt\u00f3rzy Rosjanie nie\" \/>\n\t<meta name=\"robots\" content=\"max-image-preview:large\" \/>\n\t<meta name=\"author\" content=\"trinity\"\/>\n\t<link rel=\"canonical\" href=\"https:\/\/wia.net.pl\/index.php\/2023\/07\/05\/polska-narod-i-jego-wiara\/\" \/>\n\t<meta name=\"generator\" content=\"All in One SEO (AIOSEO) 5.0.1.1\" \/>\n\t\t<meta property=\"og:locale\" content=\"pl_PL\" \/>\n\t\t<meta property=\"og:site_name\" content=\"Wolno\u015b\u0107 i Anarchia - Ka\u017cdy wewn\u0119trznie jest anarchist\u0105.\" \/>\n\t\t<meta property=\"og:type\" content=\"article\" \/>\n\t\t<meta property=\"og:title\" content=\"Polska: Nar\u00f3d i jego wiara - Wolno\u015b\u0107 i Anarchia\" \/>\n\t\t<meta property=\"og:description\" content=\"Autor, JACEK SZELA The Unz Review \u201eO Panno \u015awi\u0119ta, kt\u00f3rej sanktuarium cz\u0119stochowskiestrze\u017cesz i na Ostrej Bramie \u015bwiecisz!\u201d Chocia\u017c oczywista jest uwaga, \u017ce \u200b\u200bnie ka\u017cdy Polak jest katolikiem, to jednak prawd\u0105 jest, \u017ce r\u00f3wnanie Polak = Katolik jest r\u00f3wnie wa\u017cne, jak mentalne skojarzenie, \u017ce Rosjanin oznacza prawos\u0142awnego chrze\u015bcijanina (z tymi samymi zastrze\u017ceniami, \u017ce niekt\u00f3rzy Rosjanie nie\" \/>\n\t\t<meta property=\"og:url\" content=\"https:\/\/wia.net.pl\/index.php\/2023\/07\/05\/polska-narod-i-jego-wiara\/\" \/>\n\t\t<meta property=\"og:image\" content=\"https:\/\/wia.net.pl\/wp-content\/uploads\/2023\/11\/cropped-freedom-i73367.jpg\" \/>\n\t\t<meta property=\"og:image:secure_url\" content=\"https:\/\/wia.net.pl\/wp-content\/uploads\/2023\/11\/cropped-freedom-i73367.jpg\" \/>\n\t\t<meta property=\"article:published_time\" content=\"2023-07-05T16:50:18+00:00\" \/>\n\t\t<meta property=\"article:modified_time\" content=\"2023-07-05T16:50:18+00:00\" \/>\n\t\t<meta name=\"twitter:card\" content=\"summary_large_image\" \/>\n\t\t<meta name=\"twitter:title\" content=\"Polska: Nar\u00f3d i jego wiara - Wolno\u015b\u0107 i Anarchia\" \/>\n\t\t<meta name=\"twitter:description\" content=\"Autor, JACEK SZELA The Unz Review \u201eO Panno \u015awi\u0119ta, kt\u00f3rej sanktuarium cz\u0119stochowskiestrze\u017cesz i na Ostrej Bramie \u015bwiecisz!\u201d Chocia\u017c oczywista jest uwaga, \u017ce \u200b\u200bnie ka\u017cdy Polak jest katolikiem, to jednak prawd\u0105 jest, \u017ce r\u00f3wnanie Polak = Katolik jest r\u00f3wnie wa\u017cne, jak mentalne skojarzenie, \u017ce Rosjanin oznacza prawos\u0142awnego chrze\u015bcijanina (z tymi samymi zastrze\u017ceniami, \u017ce niekt\u00f3rzy Rosjanie nie\" \/>\n\t\t<meta name=\"twitter:image\" content=\"https:\/\/wia.net.pl\/wp-content\/uploads\/2023\/11\/cropped-freedom-i73367.jpg\" \/>\n\t\t<script type=\"application\/ld+json\" class=\"aioseo-schema\">\n\t\t\t{\"@context\":\"https:\\\/\\\/schema.org\",\"@graph\":[{\"@type\":\"BlogPosting\",\"@id\":\"https:\\\/\\\/wia.net.pl\\\/index.php\\\/2023\\\/07\\\/05\\\/polska-narod-i-jego-wiara\\\/#blogposting\",\"name\":\"Polska: Nar\\u00f3d i jego wiara - Wolno\\u015b\\u0107 i Anarchia\",\"headline\":\"Polska: Nar\\u00f3d i jego wiara\",\"author\":{\"@id\":\"https:\\\/\\\/wia.net.pl\\\/index.php\\\/author\\\/trinity\\\/#author\"},\"publisher\":{\"@id\":\"https:\\\/\\\/wia.net.pl\\\/#person\"},\"image\":{\"@type\":\"ImageObject\",\"url\":\"https:\\\/\\\/wia.net.pl\\\/wp-content\\\/uploads\\\/2023\\\/07\\\/pic2-17-705x397-600x338-1.jpg\",\"width\":600,\"height\":338},\"datePublished\":\"2023-07-05T18:50:18+02:00\",\"dateModified\":\"2023-07-05T18:50:18+02:00\",\"inLanguage\":\"pl-PL\",\"mainEntityOfPage\":{\"@id\":\"https:\\\/\\\/wia.net.pl\\\/index.php\\\/2023\\\/07\\\/05\\\/polska-narod-i-jego-wiara\\\/#webpage\"},\"isPartOf\":{\"@id\":\"https:\\\/\\\/wia.net.pl\\\/index.php\\\/2023\\\/07\\\/05\\\/polska-narod-i-jego-wiara\\\/#webpage\"},\"articleSection\":\"Artyku\\u0142y\"},{\"@type\":\"BreadcrumbList\",\"@id\":\"https:\\\/\\\/wia.net.pl\\\/index.php\\\/2023\\\/07\\\/05\\\/polska-narod-i-jego-wiara\\\/#breadcrumblist\",\"itemListElement\":[{\"@type\":\"ListItem\",\"@id\":\"https:\\\/\\\/wia.net.pl#listItem\",\"position\":1,\"name\":\"Home\",\"item\":\"https:\\\/\\\/wia.net.pl\",\"nextItem\":{\"@type\":\"ListItem\",\"@id\":\"https:\\\/\\\/wia.net.pl\\\/index.php\\\/category\\\/artykuly\\\/#listItem\",\"name\":\"Artyku\\u0142y\"}},{\"@type\":\"ListItem\",\"@id\":\"https:\\\/\\\/wia.net.pl\\\/index.php\\\/category\\\/artykuly\\\/#listItem\",\"position\":2,\"name\":\"Artyku\\u0142y\",\"item\":\"https:\\\/\\\/wia.net.pl\\\/index.php\\\/category\\\/artykuly\\\/\",\"nextItem\":{\"@type\":\"ListItem\",\"@id\":\"https:\\\/\\\/wia.net.pl\\\/index.php\\\/2023\\\/07\\\/05\\\/polska-narod-i-jego-wiara\\\/#listItem\",\"name\":\"Polska: Nar\\u00f3d i jego wiara\"},\"previousItem\":{\"@type\":\"ListItem\",\"@id\":\"https:\\\/\\\/wia.net.pl#listItem\",\"name\":\"Home\"}},{\"@type\":\"ListItem\",\"@id\":\"https:\\\/\\\/wia.net.pl\\\/index.php\\\/2023\\\/07\\\/05\\\/polska-narod-i-jego-wiara\\\/#listItem\",\"position\":3,\"name\":\"Polska: Nar\\u00f3d i jego wiara\",\"previousItem\":{\"@type\":\"ListItem\",\"@id\":\"https:\\\/\\\/wia.net.pl\\\/index.php\\\/category\\\/artykuly\\\/#listItem\",\"name\":\"Artyku\\u0142y\"}}]},{\"@type\":\"Person\",\"@id\":\"https:\\\/\\\/wia.net.pl\\\/#person\",\"name\":\"Bart\\u0142omiej Talarczyk\",\"image\":{\"@type\":\"ImageObject\",\"@id\":\"https:\\\/\\\/wia.net.pl\\\/index.php\\\/2023\\\/07\\\/05\\\/polska-narod-i-jego-wiara\\\/#personImage\",\"url\":\"https:\\\/\\\/wia.net.pl\\\/wp-content\\\/uploads\\\/avatar-privacy\\\/cache\\\/user\\\/1\\\/7\\\/176a6b161c58363ff49b5c167264231f519f5c7fa183ca1f61e891769b6b56d5-96.jpg\",\"width\":96,\"height\":96,\"caption\":\"Bart\\u0142omiej Talarczyk\"}},{\"@type\":\"Person\",\"@id\":\"https:\\\/\\\/wia.net.pl\\\/index.php\\\/author\\\/trinity\\\/#author\",\"url\":\"https:\\\/\\\/wia.net.pl\\\/index.php\\\/author\\\/trinity\\\/\",\"name\":\"trinity\",\"image\":{\"@type\":\"ImageObject\",\"@id\":\"https:\\\/\\\/wia.net.pl\\\/index.php\\\/2023\\\/07\\\/05\\\/polska-narod-i-jego-wiara\\\/#authorImage\",\"url\":\"https:\\\/\\\/wia.net.pl\\\/wp-content\\\/uploads\\\/avatar-privacy\\\/cache\\\/user\\\/5\\\/f\\\/5f6547cf82495eaa10e100a6a45d5dbde2dfdc1be88557de2018fca705bdf6f1-96.jpg\",\"width\":96,\"height\":96,\"caption\":\"trinity\"}},{\"@type\":\"WebPage\",\"@id\":\"https:\\\/\\\/wia.net.pl\\\/index.php\\\/2023\\\/07\\\/05\\\/polska-narod-i-jego-wiara\\\/#webpage\",\"url\":\"https:\\\/\\\/wia.net.pl\\\/index.php\\\/2023\\\/07\\\/05\\\/polska-narod-i-jego-wiara\\\/\",\"name\":\"Polska: Nar\\u00f3d i jego wiara - Wolno\\u015b\\u0107 i Anarchia\",\"description\":\"Autor, JACEK SZELA The Unz Review \\u201eO Panno \\u015awi\\u0119ta, kt\\u00f3rej sanktuarium cz\\u0119stochowskiestrze\\u017cesz i na Ostrej Bramie \\u015bwiecisz!\\u201d Chocia\\u017c oczywista jest uwaga, \\u017ce \\u200b\\u200bnie ka\\u017cdy Polak jest katolikiem, to jednak prawd\\u0105 jest, \\u017ce r\\u00f3wnanie Polak = Katolik jest r\\u00f3wnie wa\\u017cne, jak mentalne skojarzenie, \\u017ce Rosjanin oznacza prawos\\u0142awnego chrze\\u015bcijanina (z tymi samymi zastrze\\u017ceniami, \\u017ce niekt\\u00f3rzy Rosjanie nie\",\"inLanguage\":\"pl-PL\",\"isPartOf\":{\"@id\":\"https:\\\/\\\/wia.net.pl\\\/#website\"},\"breadcrumb\":{\"@id\":\"https:\\\/\\\/wia.net.pl\\\/index.php\\\/2023\\\/07\\\/05\\\/polska-narod-i-jego-wiara\\\/#breadcrumblist\"},\"author\":{\"@id\":\"https:\\\/\\\/wia.net.pl\\\/index.php\\\/author\\\/trinity\\\/#author\"},\"creator\":{\"@id\":\"https:\\\/\\\/wia.net.pl\\\/index.php\\\/author\\\/trinity\\\/#author\"},\"image\":{\"@type\":\"ImageObject\",\"url\":\"https:\\\/\\\/wia.net.pl\\\/wp-content\\\/uploads\\\/2023\\\/07\\\/pic2-17-705x397-600x338-1.jpg\",\"@id\":\"https:\\\/\\\/wia.net.pl\\\/index.php\\\/2023\\\/07\\\/05\\\/polska-narod-i-jego-wiara\\\/#mainImage\",\"width\":600,\"height\":338},\"primaryImageOfPage\":{\"@id\":\"https:\\\/\\\/wia.net.pl\\\/index.php\\\/2023\\\/07\\\/05\\\/polska-narod-i-jego-wiara\\\/#mainImage\"},\"datePublished\":\"2023-07-05T18:50:18+02:00\",\"dateModified\":\"2023-07-05T18:50:18+02:00\"},{\"@type\":\"WebSite\",\"@id\":\"https:\\\/\\\/wia.net.pl\\\/#website\",\"url\":\"https:\\\/\\\/wia.net.pl\\\/\",\"name\":\"Wolno\\u015b\\u0107 i Anarchia\",\"description\":\"Ka\\u017cdy wewn\\u0119trznie jest anarchist\\u0105.\",\"inLanguage\":\"pl-PL\",\"publisher\":{\"@id\":\"https:\\\/\\\/wia.net.pl\\\/#person\"}}]}\n\t\t<\/script>\n\t\t<!-- All in One SEO -->\n\n","aioseo_head_json":{"title":"Polska: Nar\u00f3d i jego wiara - Wolno\u015b\u0107 i Anarchia","description":"Autor, JACEK SZELA The Unz Review \u201eO Panno \u015awi\u0119ta, kt\u00f3rej sanktuarium cz\u0119stochowskiestrze\u017cesz i na Ostrej Bramie \u015bwiecisz!\u201d Chocia\u017c oczywista jest uwaga, \u017ce \u200b\u200bnie ka\u017cdy Polak jest katolikiem, to jednak prawd\u0105 jest, \u017ce r\u00f3wnanie Polak = Katolik jest r\u00f3wnie wa\u017cne, jak mentalne skojarzenie, \u017ce Rosjanin oznacza prawos\u0142awnego chrze\u015bcijanina (z tymi samymi zastrze\u017ceniami, \u017ce niekt\u00f3rzy Rosjanie nie","canonical_url":"https:\/\/wia.net.pl\/index.php\/2023\/07\/05\/polska-narod-i-jego-wiara\/","robots":"max-image-preview:large","keywords":"","webmasterTools":{"miscellaneous":""},"schema":{"@context":"https:\/\/schema.org","@graph":[{"@type":"BlogPosting","@id":"https:\/\/wia.net.pl\/index.php\/2023\/07\/05\/polska-narod-i-jego-wiara\/#blogposting","name":"Polska: Nar\u00f3d i jego wiara - Wolno\u015b\u0107 i Anarchia","headline":"Polska: Nar\u00f3d i jego wiara","author":{"@id":"https:\/\/wia.net.pl\/index.php\/author\/trinity\/#author"},"publisher":{"@id":"https:\/\/wia.net.pl\/#person"},"image":{"@type":"ImageObject","url":"https:\/\/wia.net.pl\/wp-content\/uploads\/2023\/07\/pic2-17-705x397-600x338-1.jpg","width":600,"height":338},"datePublished":"2023-07-05T18:50:18+02:00","dateModified":"2023-07-05T18:50:18+02:00","inLanguage":"pl-PL","mainEntityOfPage":{"@id":"https:\/\/wia.net.pl\/index.php\/2023\/07\/05\/polska-narod-i-jego-wiara\/#webpage"},"isPartOf":{"@id":"https:\/\/wia.net.pl\/index.php\/2023\/07\/05\/polska-narod-i-jego-wiara\/#webpage"},"articleSection":"Artyku\u0142y"},{"@type":"BreadcrumbList","@id":"https:\/\/wia.net.pl\/index.php\/2023\/07\/05\/polska-narod-i-jego-wiara\/#breadcrumblist","itemListElement":[{"@type":"ListItem","@id":"https:\/\/wia.net.pl#listItem","position":1,"name":"Home","item":"https:\/\/wia.net.pl","nextItem":{"@type":"ListItem","@id":"https:\/\/wia.net.pl\/index.php\/category\/artykuly\/#listItem","name":"Artyku\u0142y"}},{"@type":"ListItem","@id":"https:\/\/wia.net.pl\/index.php\/category\/artykuly\/#listItem","position":2,"name":"Artyku\u0142y","item":"https:\/\/wia.net.pl\/index.php\/category\/artykuly\/","nextItem":{"@type":"ListItem","@id":"https:\/\/wia.net.pl\/index.php\/2023\/07\/05\/polska-narod-i-jego-wiara\/#listItem","name":"Polska: Nar\u00f3d i jego wiara"},"previousItem":{"@type":"ListItem","@id":"https:\/\/wia.net.pl#listItem","name":"Home"}},{"@type":"ListItem","@id":"https:\/\/wia.net.pl\/index.php\/2023\/07\/05\/polska-narod-i-jego-wiara\/#listItem","position":3,"name":"Polska: Nar\u00f3d i jego wiara","previousItem":{"@type":"ListItem","@id":"https:\/\/wia.net.pl\/index.php\/category\/artykuly\/#listItem","name":"Artyku\u0142y"}}]},{"@type":"Person","@id":"https:\/\/wia.net.pl\/#person","name":"Bart\u0142omiej Talarczyk","image":{"@type":"ImageObject","@id":"https:\/\/wia.net.pl\/index.php\/2023\/07\/05\/polska-narod-i-jego-wiara\/#personImage","url":"https:\/\/wia.net.pl\/wp-content\/uploads\/avatar-privacy\/cache\/user\/1\/7\/176a6b161c58363ff49b5c167264231f519f5c7fa183ca1f61e891769b6b56d5-96.jpg","width":96,"height":96,"caption":"Bart\u0142omiej Talarczyk"}},{"@type":"Person","@id":"https:\/\/wia.net.pl\/index.php\/author\/trinity\/#author","url":"https:\/\/wia.net.pl\/index.php\/author\/trinity\/","name":"trinity","image":{"@type":"ImageObject","@id":"https:\/\/wia.net.pl\/index.php\/2023\/07\/05\/polska-narod-i-jego-wiara\/#authorImage","url":"https:\/\/wia.net.pl\/wp-content\/uploads\/avatar-privacy\/cache\/user\/5\/f\/5f6547cf82495eaa10e100a6a45d5dbde2dfdc1be88557de2018fca705bdf6f1-96.jpg","width":96,"height":96,"caption":"trinity"}},{"@type":"WebPage","@id":"https:\/\/wia.net.pl\/index.php\/2023\/07\/05\/polska-narod-i-jego-wiara\/#webpage","url":"https:\/\/wia.net.pl\/index.php\/2023\/07\/05\/polska-narod-i-jego-wiara\/","name":"Polska: Nar\u00f3d i jego wiara - Wolno\u015b\u0107 i Anarchia","description":"Autor, JACEK SZELA The Unz Review \u201eO Panno \u015awi\u0119ta, kt\u00f3rej sanktuarium cz\u0119stochowskiestrze\u017cesz i na Ostrej Bramie \u015bwiecisz!\u201d Chocia\u017c oczywista jest uwaga, \u017ce \u200b\u200bnie ka\u017cdy Polak jest katolikiem, to jednak prawd\u0105 jest, \u017ce r\u00f3wnanie Polak = Katolik jest r\u00f3wnie wa\u017cne, jak mentalne skojarzenie, \u017ce Rosjanin oznacza prawos\u0142awnego chrze\u015bcijanina (z tymi samymi zastrze\u017ceniami, \u017ce niekt\u00f3rzy Rosjanie nie","inLanguage":"pl-PL","isPartOf":{"@id":"https:\/\/wia.net.pl\/#website"},"breadcrumb":{"@id":"https:\/\/wia.net.pl\/index.php\/2023\/07\/05\/polska-narod-i-jego-wiara\/#breadcrumblist"},"author":{"@id":"https:\/\/wia.net.pl\/index.php\/author\/trinity\/#author"},"creator":{"@id":"https:\/\/wia.net.pl\/index.php\/author\/trinity\/#author"},"image":{"@type":"ImageObject","url":"https:\/\/wia.net.pl\/wp-content\/uploads\/2023\/07\/pic2-17-705x397-600x338-1.jpg","@id":"https:\/\/wia.net.pl\/index.php\/2023\/07\/05\/polska-narod-i-jego-wiara\/#mainImage","width":600,"height":338},"primaryImageOfPage":{"@id":"https:\/\/wia.net.pl\/index.php\/2023\/07\/05\/polska-narod-i-jego-wiara\/#mainImage"},"datePublished":"2023-07-05T18:50:18+02:00","dateModified":"2023-07-05T18:50:18+02:00"},{"@type":"WebSite","@id":"https:\/\/wia.net.pl\/#website","url":"https:\/\/wia.net.pl\/","name":"Wolno\u015b\u0107 i Anarchia","description":"Ka\u017cdy wewn\u0119trznie jest anarchist\u0105.","inLanguage":"pl-PL","publisher":{"@id":"https:\/\/wia.net.pl\/#person"}}]},"og:locale":"pl_PL","og:site_name":"Wolno\u015b\u0107 i Anarchia - Ka\u017cdy wewn\u0119trznie jest anarchist\u0105.","og:type":"article","og:title":"Polska: Nar\u00f3d i jego wiara - Wolno\u015b\u0107 i Anarchia","og:description":"Autor, JACEK SZELA The Unz Review \u201eO Panno \u015awi\u0119ta, kt\u00f3rej sanktuarium cz\u0119stochowskiestrze\u017cesz i na Ostrej Bramie \u015bwiecisz!\u201d Chocia\u017c oczywista jest uwaga, \u017ce \u200b\u200bnie ka\u017cdy Polak jest katolikiem, to jednak prawd\u0105 jest, \u017ce r\u00f3wnanie Polak = Katolik jest r\u00f3wnie wa\u017cne, jak mentalne skojarzenie, \u017ce Rosjanin oznacza prawos\u0142awnego chrze\u015bcijanina (z tymi samymi zastrze\u017ceniami, \u017ce niekt\u00f3rzy Rosjanie nie","og:url":"https:\/\/wia.net.pl\/index.php\/2023\/07\/05\/polska-narod-i-jego-wiara\/","og:image":"https:\/\/wia.net.pl\/wp-content\/uploads\/2023\/11\/cropped-freedom-i73367.jpg","og:image:secure_url":"https:\/\/wia.net.pl\/wp-content\/uploads\/2023\/11\/cropped-freedom-i73367.jpg","article:published_time":"2023-07-05T16:50:18+00:00","article:modified_time":"2023-07-05T16:50:18+00:00","twitter:card":"summary_large_image","twitter:title":"Polska: Nar\u00f3d i jego wiara - Wolno\u015b\u0107 i Anarchia","twitter:description":"Autor, JACEK SZELA The Unz Review \u201eO Panno \u015awi\u0119ta, kt\u00f3rej sanktuarium cz\u0119stochowskiestrze\u017cesz i na Ostrej Bramie \u015bwiecisz!\u201d Chocia\u017c oczywista jest uwaga, \u017ce \u200b\u200bnie ka\u017cdy Polak jest katolikiem, to jednak prawd\u0105 jest, \u017ce r\u00f3wnanie Polak = Katolik jest r\u00f3wnie wa\u017cne, jak mentalne skojarzenie, \u017ce Rosjanin oznacza prawos\u0142awnego chrze\u015bcijanina (z tymi samymi zastrze\u017ceniami, \u017ce niekt\u00f3rzy Rosjanie nie","twitter:image":"https:\/\/wia.net.pl\/wp-content\/uploads\/2023\/11\/cropped-freedom-i73367.jpg"},"aioseo_meta_data":{"post_id":"3071","title":null,"description":null,"keywords":[],"keyphrases":{"focus":{"keyphrase":"","score":0,"analysis":{"keyphraseInTitle":{"score":0,"maxScore":9,"error":1}}},"additional":[]},"primary_term":null,"canonical_url":null,"og_title":null,"og_description":null,"og_object_type":"default","og_image_type":"default","og_image_url":null,"og_image_width":null,"og_image_height":null,"og_image_custom_url":null,"og_image_custom_fields":null,"og_video":"","og_custom_url":null,"og_article_section":null,"og_article_tags":[],"twitter_use_og":false,"twitter_card":"default","twitter_image_type":"default","twitter_image_url":null,"twitter_image_custom_url":null,"twitter_image_custom_fields":null,"twitter_title":null,"twitter_description":null,"schema":{"blockGraphs":[],"customGraphs":[],"default":{"data":{"Article":[],"Course":[],"Dataset":[],"FAQPage":[],"Movie":[],"Person":[],"Product":[],"ProductReview":[],"Car":[],"Recipe":[],"Service":[],"SoftwareApplication":[],"WebPage":[]},"graphName":"BlogPosting","isEnabled":true},"graphs":[]},"schema_type":"default","schema_type_options":null,"pillar_content":false,"robots_default":true,"robots_noindex":false,"robots_noarchive":false,"robots_nosnippet":false,"robots_nofollow":false,"robots_noimageindex":false,"robots_noodp":false,"robots_notranslate":false,"robots_max_snippet":"-1","robots_max_videopreview":"-1","robots_max_imagepreview":"large","priority":null,"frequency":"default","local_seo":null,"breadcrumb_settings":null,"limit_modified_date":false,"ai":null,"created":"2023-07-05 16:50:19","updated":"2025-06-04 08:38:45","seo_analyzer_scan_date":null,"focus_keyword":null,"additional_keywords":null,"truseo_locale":null},"aioseo_breadcrumb":"<div class=\"aioseo-breadcrumbs\"><span class=\"aioseo-breadcrumb\">\n\t\t\t<a href=\"https:\/\/wia.net.pl\" title=\"Home\">Home<\/a>\n\t\t<\/span><span class=\"aioseo-breadcrumb-separator\">&raquo;<\/span><span class=\"aioseo-breadcrumb\">\n\t\t\t<a href=\"https:\/\/wia.net.pl\/index.php\/category\/artykuly\/\" title=\"Artyku\u0142y\">Artyku\u0142y<\/a>\n\t\t<\/span><span class=\"aioseo-breadcrumb-separator\">&raquo;<\/span><span class=\"aioseo-breadcrumb\">\n\t\t\tPolska: Nar\u00f3d i jego wiara\n\t\t<\/span><\/div>","aioseo_breadcrumb_json":[{"label":"Home","link":"https:\/\/wia.net.pl"},{"label":"Artyku\u0142y","link":"https:\/\/wia.net.pl\/index.php\/category\/artykuly\/"},{"label":"Polska: Nar\u00f3d i jego wiara","link":"https:\/\/wia.net.pl\/index.php\/2023\/07\/05\/polska-narod-i-jego-wiara\/"}],"_links":{"self":[{"href":"https:\/\/wia.net.pl\/index.php\/wp-json\/wp\/v2\/posts\/3071"}],"collection":[{"href":"https:\/\/wia.net.pl\/index.php\/wp-json\/wp\/v2\/posts"}],"about":[{"href":"https:\/\/wia.net.pl\/index.php\/wp-json\/wp\/v2\/types\/post"}],"author":[{"embeddable":true,"href":"https:\/\/wia.net.pl\/index.php\/wp-json\/wp\/v2\/users\/2"}],"replies":[{"embeddable":true,"href":"https:\/\/wia.net.pl\/index.php\/wp-json\/wp\/v2\/comments?post=3071"}],"version-history":[{"count":1,"href":"https:\/\/wia.net.pl\/index.php\/wp-json\/wp\/v2\/posts\/3071\/revisions"}],"predecessor-version":[{"id":3073,"href":"https:\/\/wia.net.pl\/index.php\/wp-json\/wp\/v2\/posts\/3071\/revisions\/3073"}],"wp:featuredmedia":[{"embeddable":true,"href":"https:\/\/wia.net.pl\/index.php\/wp-json\/wp\/v2\/media\/3072"}],"wp:attachment":[{"href":"https:\/\/wia.net.pl\/index.php\/wp-json\/wp\/v2\/media?parent=3071"}],"wp:term":[{"taxonomy":"category","embeddable":true,"href":"https:\/\/wia.net.pl\/index.php\/wp-json\/wp\/v2\/categories?post=3071"},{"taxonomy":"post_tag","embeddable":true,"href":"https:\/\/wia.net.pl\/index.php\/wp-json\/wp\/v2\/tags?post=3071"}],"curies":[{"name":"wp","href":"https:\/\/api.w.org\/{rel}","templated":true}]}}