{"id":3092,"date":"2023-07-06T14:13:16","date_gmt":"2023-07-06T12:13:16","guid":{"rendered":"https:\/\/wia.net.pl\/?p=3092"},"modified":"2023-07-06T14:13:17","modified_gmt":"2023-07-06T12:13:17","slug":"rzad-usa-jest-odpowiedzialny-za-zamieszki-we-francji","status":"publish","type":"post","link":"https:\/\/wia.net.pl\/index.php\/2023\/07\/06\/rzad-usa-jest-odpowiedzialny-za-zamieszki-we-francji\/","title":{"rendered":"Rz\u0105d USA jest odpowiedzialny za zamieszki we Francji"},"content":{"rendered":"\n<p><strong>Rz\u0105d USA jest odpowiedzialny za zamieszki przeciwko bia\u0142ej rasie we Francji<\/strong><\/p>\n\n\n\n<p>Autor, <a href=\"https:\/\/www.unz.com\/author\/eric-striker\/\">ERIC STRIKER\u00a0<\/a>\u2022 5 LIPCA 2023 R<\/p>\n\n\n\n<p><\/p>\n\n\n\n<figure class=\"wp-block-image size-full is-resized\"><img loading=\"lazy\" decoding=\"async\" src=\"https:\/\/wia.net.pl\/wp-content\/uploads\/2023\/07\/franceriots-1024x682-600x400-1.jpg\" alt=\"\" class=\"wp-image-3093\" width=\"839\" height=\"559\" srcset=\"https:\/\/wia.net.pl\/wp-content\/uploads\/2023\/07\/franceriots-1024x682-600x400-1.jpg 600w, https:\/\/wia.net.pl\/wp-content\/uploads\/2023\/07\/franceriots-1024x682-600x400-1-300x200.jpg 300w\" sizes=\"(max-width: 839px) 100vw, 839px\" \/><\/figure>\n\n\n\n<p><\/p>\n\n\n\n<p id=\"p_1_1\">W ostatnim tygodniu\u00a0<em>banlieue<\/em>\u00a0otaczaj\u0105ce g\u0142\u00f3wne miasta Francji wybuch\u0142y p\u0142omieniami i anarchi\u0105, z co najmniej jedn\u0105 potwierdzon\u0105 \u015bmierci\u0105, setkami obra\u017ce\u0144 i szkodami wartymi blisko miliard euro.\u00a0W ca\u0142ym kraju tocz\u0105 si\u0119 zaciek\u0142e bitwy uliczne, w kt\u00f3rych potomkowie czarnych imigrant\u00f3w i Algierczyk\u00f3w staj\u0105 do walki z policj\u0105 i rdzennymi obywatelami galijsko-rzymskimi.\u00a0Wiele akt\u00f3w przemocy mia\u0142o miejsce wok\u00f3\u0142 luksusowych sklep\u00f3w z artyku\u0142ami konsumpcyjnymi, kt\u00f3re rzekomo poszkodowane politycznie mniejszo\u015bci\u00a0<a href=\"https:\/\/www.bloomberg.com\/news\/articles\/2023-07-02\/macron-pushes-for-an-end-to-looting-riots-testing-his-authority\">pl\u0105drowa\u0142y<\/a>\u00a0w zastraszaj\u0105cym tempie.\u00a0Organy \u015bcigania s\u0105 w defensywie, a ich zwi\u0105zek narodowy publicznie pot\u0119pia ich niezdolno\u015b\u0107 do kontrolowania \u201edziko\u015bci\u201d.<\/p>\n\n\n\n<p id=\"p_1_2\">Rzekomym katalizatorem tego europejskiego epizodu anty-bia\u0142ego chaosu rasowego w stylu ameryka\u0144skim by\u0142a \u015bmier\u0107 17-letniego przest\u0119pcy z Maghrebi, Nahela Merzouka, kt\u00f3ry zosta\u0142 zastrzelony przez policj\u0119 po pr\u00f3bie ucieczki swoim samochodem podczas aresztowania.&nbsp;Pomimo tego, \u017ce nie by\u0142 wystarczaj\u0105co doros\u0142y, aby prowadzi\u0107 samoch\u00f3d, Merzouk je\u017adzi\u0142 sportowym samochodem Mercedes Benz i zosta\u0142 postrzelony podczas pr\u00f3by ucieczki, gdy funkcjonariusze walczyli o jego aresztowanie.&nbsp;Zgodnie z prawem z 2017 r. francuska policja jest poinstruowana, aby strzela\u0107 do lekkomy\u015blnych kierowc\u00f3w, kt\u00f3rzy chc\u0105 unikn\u0105\u0107 aresztowania, ale bia\u0142y policjant, o kt\u00f3rym mowa, Floriant M., mimo to jest oskar\u017cony o nieumy\u015blne spowodowanie \u015bmierci w celu uspokojenia t\u0142umu, elit biznesowych i zawodowych dzia\u0142aczy rasowych.<\/p>\n\n\n\n<p id=\"p_1_3\">Je\u015bli sytuacja przypomina zamieszki na tle rasowym w 2020 r., kt\u00f3re ogarn\u0119\u0142y Stany Zjednoczone po \u015bmierci George&#8217;a Floyda, to nie jest to zbieg okoliczno\u015bci.<\/p>\n\n\n\n<p id=\"p_1_4\">Francuskie media pocz\u0105tkowo stan\u0119\u0142y po stronie policji w tej historii.&nbsp;<a href=\"https:\/\/niccolo.substack.com\/p\/us-state-department-trained-french\">Ich melodia zmieni\u0142a si\u0119 po tym, jak lokalni agenci Waszyngtonu, przeszkoleni przez Departament Stanu USA<\/a>&nbsp;Rokhaya Diallo , wyj\u0119li z kontekstu fragment incydentu,&nbsp;kt\u00f3ry zwr\u00f3ci\u0142 si\u0119 do przyjaznych brytyjskich i ameryka\u0144skich medi\u00f3w, aby zlekcewa\u017cy\u0107 surowe francuskie przepisy dotycz\u0105ce pod\u017cegania i otwarcie&nbsp;<a href=\"https:\/\/www.theguardian.com\/commentisfree\/2023\/jun\/30\/france-racist-police-violence-riots-nahel\">zaakceptowa\u0107 przest\u0119pcz\u0105 przemoc<\/a>&nbsp;jednocze\u015bnie znies\u0142awiaj\u0105c bia\u0142ych Francuz\u00f3w bez \u017cadnego kontrargumentu.<\/p>\n\n\n\n<p id=\"p_1_5\">Te zamieszki s\u0105 wytworem umy\u015blnej z\u0142o\u015bliwo\u015bci, doprowadzonej do skutku przez ponad dekad\u0119 tajnych i jawnych operacji wywierania wp\u0142ywu, maj\u0105cych na celu przekszta\u0142cenie czarnej i br\u0105zowej przest\u0119pczej populacji Francji w sta\u0142\u0105 \u017cydowsko-ameryka\u0144sk\u0105 przycz\u00f3\u0142ek imperialny.<\/p>\n\n\n\n<p id=\"p_1_6\">Jednym z najwcze\u015bniejszych zapis\u00f3w tej operacji wywiadowczej jest seria tajnych depesz ambasady USA z 2010 roku, opublikowanych przez Wikileaks.&nbsp;W tych notatkach hollywoodzki magnat \u017cydowski Charles Rivkin, nast\u0119pnie mianowany ambasadorem we Francji przez administracj\u0119 Obamy, nakre\u015bla siedmiopunktowy&nbsp;<a href=\"https:\/\/wikileaks.org\/plusd\/cables\/10PARIS58_a.html\">plan<\/a>&nbsp;mobilizacji Czarnych i Maghrebu we Francji jako polityczn\u0105 pa\u0142k\u0119 przeciwko ich gospodarzom.<\/p>\n\n\n\n<p id=\"p_1_7\">W nikczemnej notatce Rivkin lamentuje, \u017ce francuskie instytucje s\u0105 \u201eprzewa\u017cnie bia\u0142e\u201d i opracowuje plan budowy wspieranych przez Departament Stanu r\u00f3wnoleg\u0142ych medi\u00f3w, organizacji pozarz\u0105dowych i jednostek edukacyjnych, aby podwa\u017cy\u0107 i zast\u0105pi\u0107 ustalony porz\u0105dek.&nbsp;D\u0105\u017c\u0105c do celu, jakim jest deeuropeizacja Francji, \u017cydowski ambasador wzywa do mobilizacji wp\u0142yw\u00f3w USA w celu \u201ezintensyfikowania naszej pracy z francuskimi muzeami i edukatorami w celu zreformowania programu nauczania historii nauczanego we francuskich szko\u0142ach\u201d, u\u017cywaj\u0105c \u201enowych medi\u00f3w\u201d do indoktrynacji nie-bia\u0142ych m\u0142odzie\u017cy we Francji oraz \u201ewspiera\u0107, szkoli\u0107 i anga\u017cowa\u0107 media i dzia\u0142aczy politycznych, kt\u00f3rzy podzielaj\u0105 nasze warto\u015bci\u201d.&nbsp;Depesza podsumowuje program, instruuj\u0105c agent\u00f3w Waszyngtonu, aby \u201eopierali si\u0119 na ekspansywnych programach Dyplomacji Publicznej ju\u017c istniej\u0105cych na stanowiskach i rozwijali kreatywne, dodatkowe \u015brodki wp\u0142ywania na m\u0142odzie\u017c Francji, wykorzystuj\u0105c nowe media,<\/p>\n\n\n\n<p id=\"p_1_8\">W ko\u0144cu Rivkin wykorzysta\u0142 swoje kontakty w Hollywood do rekrutacji ameryka\u0144skich celebryt\u00f3w, takich jak Samuel L. Jackson, aby towarzyszyli mu we francuskich gettach i pomagali mu rekrutowa\u0107 potencjalnych agent\u00f3w.<\/p>\n\n\n\n<p id=\"p_1_9\">Z tego spisku wy\u0142oni\u0142o si\u0119 kilku anty-bia\u0142ych aktywist\u00f3w i instytucji zajmuj\u0105cych si\u0119 pod\u017ceganiem os\u00f3b innych ni\u017c bia\u0142a&nbsp;<a href=\"https:\/\/www.nytimes.com\/2020\/07\/14\/world\/europe\/france-racism-universalism.html\">przeciwko policji<\/a>&nbsp;i francuskiemu spo\u0142ecze\u0144stwu, w kt\u00f3rym zdecydowali si\u0119 \u017cy\u0107.&nbsp;Postacie takie jak wspomniana Diallo \u2013 kt\u00f3ra jest obecnie prawdopodobnie najwybitniejsz\u0105 francusk\u0105 aktywistk\u0105 na \u015bwiecie dzi\u0119ki platformie przyznanej jej przez ameryka\u0144skie media \u2013 i \u017byd\u00f3wka Tara Dickman z \u201eCollective Against Racial Profiling\u201d (grupa antypolicyjna) zostali przywiezieni do Ameryki przez ambasad\u0119 USA i stowarzyszone atlantyckie organizacje pozarz\u0105dowe w celu przeszkolenia w&nbsp;<a href=\"https:\/\/shs.hal.science\/halshs-01672462\/document\">zakresie technik bolszewickiej agitacji<\/a>&nbsp;w miastach takich jak Chicago.<\/p>\n\n\n\n<p id=\"p_1_10\">Po tym wydarzeniu Dickman zauwa\u017cy\u0142a, \u017ce \u200b\u200bzastosowa\u0142a ameryka\u0144sk\u0105 strategi\u0119 we Francji, aby poprowadzi\u0107 lawin\u0119 pozw\u00f3w przeciwko policji o \u201eprofilowanie rasowe\u201d w nadziei, \u017ce ograniczy ich zdolno\u015b\u0107 do egzekwowania prawa przeciwko afryka\u0144skim i algierskim przest\u0119pcom \u2013 skutecznie chc\u0105c rozwi\u0105za\u0107 wcze\u015bniej nieistniej\u0105cy problem w istnienie.&nbsp;W rezultacie gliniarze we Francji zostali wykastrowani pod wzgl\u0119dem przest\u0119pczo\u015bci innej ni\u017c bia\u0142a pod ogromn\u0105 skoordynowan\u0105 presj\u0105 prawn\u0105, medialn\u0105 i globaln\u0105 presj\u0105 polityczn\u0105.&nbsp;Niegdy\u015b wzgl\u0119dnie bezpieczny nar\u00f3d europejski jest teraz poch\u0142oni\u0119ty przemoc\u0105 etniczn\u0105 i mi\u0119dzyrasow\u0105, co wida\u0107 na szokuj\u0105cych filmach przedstawiaj\u0105cych&nbsp;<a href=\"https:\/\/www.newsweek.com\/video-violent-attack-grandmother-child-uproar-france-1807749\">ma\u0142e dzieci i ich babcie<\/a>&nbsp;brutalnie pobite na ulicy przez czarnych oraz opowie\u015bci o 12-letnich bia\u0142ych dziewczynkach, kt\u00f3re&nbsp;<a href=\"https:\/\/www.nytimes.com\/2022\/10\/19\/world\/europe\/france-girl-murdered-lola-macron-immigration.html\">s\u0105 porywane i torturowane na \u015bmier\u0107<\/a>przez Algierczyk\u00f3w.&nbsp;W chwili pisania tego tekstu Francja jest&nbsp;<a href=\"https:\/\/www.spectator.co.uk\/article\/france-is-now-more-dangerous-than-mexico\/\">bardziej niebezpieczna<\/a>&nbsp;ni\u017c Meksyk.<\/p>\n\n\n\n<p id=\"p_1_11\">Niekt\u00f3rzy francuscy politycy, tacy jak pose\u0142 do parlamentu Nicolas Dupont-Aignan, otwarcie pot\u0119pili widoczn\u0105 i ukryt\u0105 r\u0119k\u0119 Ameryki stoj\u0105c\u0105 za powstaniem narracji o \u201ebia\u0142ej winie\u201d, przemocy skierowanej przeciwko bia\u0142ym i \u017cr\u0105cej, dobrze finansowanej agitacji w kraju.&nbsp;Nawet Emmanuel Macron, platoniczny neolibera\u0142, pot\u0119pi\u0142 rol\u0119 judeoameryka\u0144skiego&nbsp;<a href=\"https:\/\/www.newsweek.com\/macron-france-reject-american-woke-culture-thats-racializing-their-country-1634706\">\u201ewokeizmu\u201d<\/a>&nbsp;w destabilizacji narodu i rozpalaniu konfliktu rasowego.<\/p>\n\n\n\n<p id=\"p_1_12\">Chocia\u017c \u015bwiadomo\u015b\u0107 tego, co si\u0119 dzieje, jest w\u015br\u00f3d Francuz\u00f3w wysoka, niewiele robi si\u0119, by przeciwdzia\u0142a\u0107 wp\u0142ywom ich \u201esojusznika\u201d z NATO, kt\u00f3ry agresywnie&nbsp;<a href=\"https:\/\/www.thelocal.fr\/20150624\/us-embassy-in-paris-home-to-secret-spy-nest\">szpieguje swoich przyw\u00f3dc\u00f3w politycznych<\/a>&nbsp;bez \u017cadnych konsekwencji dyplomatycznych.&nbsp;Kilku wp\u0142ywowych francuskich osobisto\u015bci i przyw\u00f3dc\u00f3w, takich jak byli prezydenci Francois Hollande i Nicolas Sarkozy, kt\u00f3ry jest \u017bydem, jest absolwentami waszyngto\u0144skich operacji wp\u0142ywania i rekrutacji aktyw\u00f3w, w tym programu przyw\u00f3dztwa mi\u0119dzynarodowych go\u015bci Departamentu Stanu.&nbsp;Elity francuskie s\u0105 w du\u017cym stopniu zagro\u017cone przez Stany Zjednoczone, co uniemo\u017cliwi\u0142o powstanie znacz\u0105cej solidarno\u015bci przeciwko wtr\u0105caniu si\u0119 Waszyngtonu.<\/p>\n\n\n\n<p id=\"p_1_13\">Z Macronem najwyra\u017aniej&nbsp;<a href=\"https:\/\/www.nytimes.com\/2023\/04\/11\/world\/europe\/macron-china-allies.html\">pr\u00f3buj\u0105cym przekona\u0107 Europ\u0119<\/a>&nbsp;do pod\u0105\u017cania bardziej niezale\u017cn\u0105 \u015bcie\u017ck\u0105 polityki zagranicznej z dala od Stan\u00f3w Zjednoczonych, Waszyngton mo\u017ce zobaczy\u0107 zmuszanie wi\u0119kszej liczby pozbawionych korzeni \u201ezamerykanizowanych\u201d nie-bia\u0142ych do zajmowania pozycji w\u0142adzy nad Francj\u0105 poprzez gro\u017ab\u0119 wspieranych przez Departament Stanu zamieszek na tle rasowym i przyspieszonych programy&nbsp;<a href=\"https:\/\/www.thenation.com\/article\/archive\/france-affirmative-action-college-admissions\/\">akcji afirmatywnej<\/a>&nbsp;jako trwa\u0142e rozwi\u0105zanie rdzennej passy gaullist\u00f3w.&nbsp;Czasami antyameryka\u0144ska idea suwerennej Francji o\u017cywia zar\u00f3wno tubylcz\u0105 lewic\u0119, jak i prawic\u0119, ale&nbsp;<a href=\"https:\/\/www.aspistrategist.org.au\/macrons-gaullist-foreign-policy\/\">\u017bydzi postrzegaj\u0105<\/a>&nbsp;ten konsensus jako potencjalne zagro\u017cenie dla globalistyczno-atlantyckich wysi\u0142k\u00f3w zmierzaj\u0105cych do zapobie\u017cenia wy\u0142onieniu si\u0119 Europy jako niezale\u017cnej pot\u0119gi w wielobiegunowym \u015bwiecie.<\/p>\n\n\n\n<p id=\"p_1_14\">Nieko\u0144cz\u0105cy si\u0119 koszmar, kt\u00f3remu poddaj\u0105 nas \u017cydowscy w\u0142adcy Ameryki w kraju, jest&nbsp;<em>na eksport, jak&nbsp;<\/em><a href=\"https:\/\/www.brookings.edu\/articles\/america-first-is-only-making-the-world-worse-heres-a-better-approach\/\">napisa\u0142<\/a>&nbsp;obecny sekretarz stanu Antony Blinken&nbsp;wraz ze swoim koleg\u0105 wsp\u00f3\u0142sprawc\u0105 \u017bydem Robertem Kaganem w 2019 r. Blinken wyja\u015bnia, \u017ce \u200b\u200bka\u017cdy nar\u00f3d w sferze gospodarczej i militarnej pod wp\u0142ywem Waszyngtonu jego rodzima kultura i ludno\u015b\u0107 stan\u0105 si\u0119 celem atak\u00f3w, a ci, kt\u00f3rzy stawiaj\u0105 op\u00f3r, musz\u0105 zosta\u0107 zmia\u017cd\u017ceni.&nbsp;Je\u015bli oka\u017ce si\u0119, \u017ce ci ludzie s\u0105 biali, polityka przybierze szczeg\u00f3lnie okrutn\u0105 i okrutn\u0105 form\u0119.(Opublikowane ponownie przez&nbsp;<\/p>\n\n\n\n<p><a href=\"https:\/\/nationaljusticeparty.com\/2023\/07\/05\/the-us-government-is-responsible-for-frances-anti-white-race-riots\/\">Parti\u0119 Sprawiedliwo\u015bci Narodowej<\/a>\u00a0za zgod\u0105 autora lub przedstawiciela)<\/p>\n\n\n\n<p>\u0179r\u00f3d\u0142o   https:\/\/www.unz.com\/estriker\/the-us-government-is-responsible-for-frances-anti-white-race-riots\/<\/p>\n","protected":false},"excerpt":{"rendered":"<p>Rz\u0105d USA jest odpowiedzialny za zamieszki przeciwko bia\u0142ej rasie we Francji Autor, ERIC STRIKER\u00a0\u2022 5 LIPCA 2023 R W ostatnim tygodniu\u00a0banlieue\u00a0otaczaj\u0105ce g\u0142\u00f3wne miasta Francji wybuch\u0142y p\u0142omieniami i anarchi\u0105, z co najmniej jedn\u0105 potwierdzon\u0105 \u015bmierci\u0105, setkami obra\u017ce\u0144 i szkodami wartymi blisko&#8230; <\/p>\n","protected":false},"author":2,"featured_media":3094,"comment_status":"open","ping_status":"open","sticky":false,"template":"","format":"standard","meta":{"_acf_changed":false,"_bbp_topic_count":0,"_bbp_reply_count":0,"_bbp_total_topic_count":0,"_bbp_total_reply_count":0,"_bbp_voice_count":0,"_bbp_anonymous_reply_count":0,"_bbp_topic_count_hidden":0,"_bbp_reply_count_hidden":0,"_bbp_forum_subforum_count":0,"om_disable_all_campaigns":false,"_monsterinsights_skip_tracking":false,"footnotes":""},"categories":[93],"tags":[],"class_list":["post-3092","post","type-post","status-publish","format-standard","has-post-thumbnail","hentry","category-artykuly"],"acf":[],"aioseo_notices":[],"aioseo_head":"\n\t\t<!-- All in One SEO 5.0.1.1 - aioseo.com -->\n\t<meta name=\"description\" content=\"Rz\u0105d USA jest odpowiedzialny za zamieszki przeciwko bia\u0142ej rasie we Francji Autor, ERIC STRIKER \u2022 5 LIPCA 2023 R W ostatnim tygodniu banlieue otaczaj\u0105ce g\u0142\u00f3wne miasta Francji wybuch\u0142y p\u0142omieniami i anarchi\u0105, z co najmniej jedn\u0105 potwierdzon\u0105 \u015bmierci\u0105, setkami obra\u017ce\u0144 i szkodami wartymi blisko miliard euro. W ca\u0142ym kraju tocz\u0105 si\u0119 zaciek\u0142e bitwy uliczne, w kt\u00f3rych potomkowie czarnych imigrant\u00f3w i\" \/>\n\t<meta name=\"robots\" content=\"max-image-preview:large\" \/>\n\t<meta name=\"author\" content=\"trinity\"\/>\n\t<link rel=\"canonical\" href=\"https:\/\/wia.net.pl\/index.php\/2023\/07\/06\/rzad-usa-jest-odpowiedzialny-za-zamieszki-we-francji\/\" \/>\n\t<meta name=\"generator\" content=\"All in One SEO (AIOSEO) 5.0.1.1\" \/>\n\t\t<meta property=\"og:locale\" content=\"pl_PL\" \/>\n\t\t<meta property=\"og:site_name\" content=\"Wolno\u015b\u0107 i Anarchia - Ka\u017cdy wewn\u0119trznie jest anarchist\u0105.\" \/>\n\t\t<meta property=\"og:type\" content=\"article\" \/>\n\t\t<meta property=\"og:title\" content=\"Rz\u0105d USA jest odpowiedzialny za zamieszki we Francji - Wolno\u015b\u0107 i Anarchia\" \/>\n\t\t<meta property=\"og:description\" content=\"Rz\u0105d USA jest odpowiedzialny za zamieszki przeciwko bia\u0142ej rasie we Francji Autor, ERIC STRIKER \u2022 5 LIPCA 2023 R W ostatnim tygodniu banlieue otaczaj\u0105ce g\u0142\u00f3wne miasta Francji wybuch\u0142y p\u0142omieniami i anarchi\u0105, z co najmniej jedn\u0105 potwierdzon\u0105 \u015bmierci\u0105, setkami obra\u017ce\u0144 i szkodami wartymi blisko miliard euro. W ca\u0142ym kraju tocz\u0105 si\u0119 zaciek\u0142e bitwy uliczne, w kt\u00f3rych potomkowie czarnych imigrant\u00f3w i\" \/>\n\t\t<meta property=\"og:url\" content=\"https:\/\/wia.net.pl\/index.php\/2023\/07\/06\/rzad-usa-jest-odpowiedzialny-za-zamieszki-we-francji\/\" \/>\n\t\t<meta property=\"og:image\" content=\"https:\/\/wia.net.pl\/wp-content\/uploads\/2023\/11\/cropped-freedom-i73367.jpg\" \/>\n\t\t<meta property=\"og:image:secure_url\" content=\"https:\/\/wia.net.pl\/wp-content\/uploads\/2023\/11\/cropped-freedom-i73367.jpg\" \/>\n\t\t<meta property=\"article:published_time\" content=\"2023-07-06T12:13:16+00:00\" \/>\n\t\t<meta property=\"article:modified_time\" content=\"2023-07-06T12:13:17+00:00\" \/>\n\t\t<meta name=\"twitter:card\" content=\"summary_large_image\" \/>\n\t\t<meta name=\"twitter:title\" content=\"Rz\u0105d USA jest odpowiedzialny za zamieszki we Francji - Wolno\u015b\u0107 i Anarchia\" \/>\n\t\t<meta name=\"twitter:description\" content=\"Rz\u0105d USA jest odpowiedzialny za zamieszki przeciwko bia\u0142ej rasie we Francji Autor, ERIC STRIKER \u2022 5 LIPCA 2023 R W ostatnim tygodniu banlieue otaczaj\u0105ce g\u0142\u00f3wne miasta Francji wybuch\u0142y p\u0142omieniami i anarchi\u0105, z co najmniej jedn\u0105 potwierdzon\u0105 \u015bmierci\u0105, setkami obra\u017ce\u0144 i szkodami wartymi blisko miliard euro. W ca\u0142ym kraju tocz\u0105 si\u0119 zaciek\u0142e bitwy uliczne, w kt\u00f3rych potomkowie czarnych imigrant\u00f3w i\" \/>\n\t\t<meta name=\"twitter:image\" content=\"https:\/\/wia.net.pl\/wp-content\/uploads\/2023\/11\/cropped-freedom-i73367.jpg\" \/>\n\t\t<script type=\"application\/ld+json\" class=\"aioseo-schema\">\n\t\t\t{\"@context\":\"https:\\\/\\\/schema.org\",\"@graph\":[{\"@type\":\"BlogPosting\",\"@id\":\"https:\\\/\\\/wia.net.pl\\\/index.php\\\/2023\\\/07\\\/06\\\/rzad-usa-jest-odpowiedzialny-za-zamieszki-we-francji\\\/#blogposting\",\"name\":\"Rz\\u0105d USA jest odpowiedzialny za zamieszki we Francji - Wolno\\u015b\\u0107 i Anarchia\",\"headline\":\"Rz\\u0105d USA jest odpowiedzialny za zamieszki we Francji\",\"author\":{\"@id\":\"https:\\\/\\\/wia.net.pl\\\/index.php\\\/author\\\/trinity\\\/#author\"},\"publisher\":{\"@id\":\"https:\\\/\\\/wia.net.pl\\\/#person\"},\"image\":{\"@type\":\"ImageObject\",\"url\":\"https:\\\/\\\/wia.net.pl\\\/wp-content\\\/uploads\\\/2023\\\/07\\\/franceriots-1024x682-600x400-2.jpg\",\"width\":600,\"height\":400},\"datePublished\":\"2023-07-06T14:13:16+02:00\",\"dateModified\":\"2023-07-06T14:13:17+02:00\",\"inLanguage\":\"pl-PL\",\"mainEntityOfPage\":{\"@id\":\"https:\\\/\\\/wia.net.pl\\\/index.php\\\/2023\\\/07\\\/06\\\/rzad-usa-jest-odpowiedzialny-za-zamieszki-we-francji\\\/#webpage\"},\"isPartOf\":{\"@id\":\"https:\\\/\\\/wia.net.pl\\\/index.php\\\/2023\\\/07\\\/06\\\/rzad-usa-jest-odpowiedzialny-za-zamieszki-we-francji\\\/#webpage\"},\"articleSection\":\"Artyku\\u0142y\"},{\"@type\":\"BreadcrumbList\",\"@id\":\"https:\\\/\\\/wia.net.pl\\\/index.php\\\/2023\\\/07\\\/06\\\/rzad-usa-jest-odpowiedzialny-za-zamieszki-we-francji\\\/#breadcrumblist\",\"itemListElement\":[{\"@type\":\"ListItem\",\"@id\":\"https:\\\/\\\/wia.net.pl#listItem\",\"position\":1,\"name\":\"Home\",\"item\":\"https:\\\/\\\/wia.net.pl\",\"nextItem\":{\"@type\":\"ListItem\",\"@id\":\"https:\\\/\\\/wia.net.pl\\\/index.php\\\/category\\\/artykuly\\\/#listItem\",\"name\":\"Artyku\\u0142y\"}},{\"@type\":\"ListItem\",\"@id\":\"https:\\\/\\\/wia.net.pl\\\/index.php\\\/category\\\/artykuly\\\/#listItem\",\"position\":2,\"name\":\"Artyku\\u0142y\",\"item\":\"https:\\\/\\\/wia.net.pl\\\/index.php\\\/category\\\/artykuly\\\/\",\"nextItem\":{\"@type\":\"ListItem\",\"@id\":\"https:\\\/\\\/wia.net.pl\\\/index.php\\\/2023\\\/07\\\/06\\\/rzad-usa-jest-odpowiedzialny-za-zamieszki-we-francji\\\/#listItem\",\"name\":\"Rz\\u0105d USA jest odpowiedzialny za zamieszki we Francji\"},\"previousItem\":{\"@type\":\"ListItem\",\"@id\":\"https:\\\/\\\/wia.net.pl#listItem\",\"name\":\"Home\"}},{\"@type\":\"ListItem\",\"@id\":\"https:\\\/\\\/wia.net.pl\\\/index.php\\\/2023\\\/07\\\/06\\\/rzad-usa-jest-odpowiedzialny-za-zamieszki-we-francji\\\/#listItem\",\"position\":3,\"name\":\"Rz\\u0105d USA jest odpowiedzialny za zamieszki we Francji\",\"previousItem\":{\"@type\":\"ListItem\",\"@id\":\"https:\\\/\\\/wia.net.pl\\\/index.php\\\/category\\\/artykuly\\\/#listItem\",\"name\":\"Artyku\\u0142y\"}}]},{\"@type\":\"Person\",\"@id\":\"https:\\\/\\\/wia.net.pl\\\/#person\",\"name\":\"Bart\\u0142omiej Talarczyk\",\"image\":{\"@type\":\"ImageObject\",\"@id\":\"https:\\\/\\\/wia.net.pl\\\/index.php\\\/2023\\\/07\\\/06\\\/rzad-usa-jest-odpowiedzialny-za-zamieszki-we-francji\\\/#personImage\",\"url\":\"https:\\\/\\\/wia.net.pl\\\/wp-content\\\/uploads\\\/avatar-privacy\\\/cache\\\/user\\\/1\\\/7\\\/176a6b161c58363ff49b5c167264231f519f5c7fa183ca1f61e891769b6b56d5-96.jpg\",\"width\":96,\"height\":96,\"caption\":\"Bart\\u0142omiej Talarczyk\"}},{\"@type\":\"Person\",\"@id\":\"https:\\\/\\\/wia.net.pl\\\/index.php\\\/author\\\/trinity\\\/#author\",\"url\":\"https:\\\/\\\/wia.net.pl\\\/index.php\\\/author\\\/trinity\\\/\",\"name\":\"trinity\",\"image\":{\"@type\":\"ImageObject\",\"@id\":\"https:\\\/\\\/wia.net.pl\\\/index.php\\\/2023\\\/07\\\/06\\\/rzad-usa-jest-odpowiedzialny-za-zamieszki-we-francji\\\/#authorImage\",\"url\":\"https:\\\/\\\/wia.net.pl\\\/wp-content\\\/uploads\\\/avatar-privacy\\\/cache\\\/user\\\/5\\\/f\\\/5f6547cf82495eaa10e100a6a45d5dbde2dfdc1be88557de2018fca705bdf6f1-96.jpg\",\"width\":96,\"height\":96,\"caption\":\"trinity\"}},{\"@type\":\"WebPage\",\"@id\":\"https:\\\/\\\/wia.net.pl\\\/index.php\\\/2023\\\/07\\\/06\\\/rzad-usa-jest-odpowiedzialny-za-zamieszki-we-francji\\\/#webpage\",\"url\":\"https:\\\/\\\/wia.net.pl\\\/index.php\\\/2023\\\/07\\\/06\\\/rzad-usa-jest-odpowiedzialny-za-zamieszki-we-francji\\\/\",\"name\":\"Rz\\u0105d USA jest odpowiedzialny za zamieszki we Francji - Wolno\\u015b\\u0107 i Anarchia\",\"description\":\"Rz\\u0105d USA jest odpowiedzialny za zamieszki przeciwko bia\\u0142ej rasie we Francji Autor, ERIC STRIKER \\u2022 5 LIPCA 2023 R W ostatnim tygodniu banlieue otaczaj\\u0105ce g\\u0142\\u00f3wne miasta Francji wybuch\\u0142y p\\u0142omieniami i anarchi\\u0105, z co najmniej jedn\\u0105 potwierdzon\\u0105 \\u015bmierci\\u0105, setkami obra\\u017ce\\u0144 i szkodami wartymi blisko miliard euro. W ca\\u0142ym kraju tocz\\u0105 si\\u0119 zaciek\\u0142e bitwy uliczne, w kt\\u00f3rych potomkowie czarnych imigrant\\u00f3w i\",\"inLanguage\":\"pl-PL\",\"isPartOf\":{\"@id\":\"https:\\\/\\\/wia.net.pl\\\/#website\"},\"breadcrumb\":{\"@id\":\"https:\\\/\\\/wia.net.pl\\\/index.php\\\/2023\\\/07\\\/06\\\/rzad-usa-jest-odpowiedzialny-za-zamieszki-we-francji\\\/#breadcrumblist\"},\"author\":{\"@id\":\"https:\\\/\\\/wia.net.pl\\\/index.php\\\/author\\\/trinity\\\/#author\"},\"creator\":{\"@id\":\"https:\\\/\\\/wia.net.pl\\\/index.php\\\/author\\\/trinity\\\/#author\"},\"image\":{\"@type\":\"ImageObject\",\"url\":\"https:\\\/\\\/wia.net.pl\\\/wp-content\\\/uploads\\\/2023\\\/07\\\/franceriots-1024x682-600x400-2.jpg\",\"@id\":\"https:\\\/\\\/wia.net.pl\\\/index.php\\\/2023\\\/07\\\/06\\\/rzad-usa-jest-odpowiedzialny-za-zamieszki-we-francji\\\/#mainImage\",\"width\":600,\"height\":400},\"primaryImageOfPage\":{\"@id\":\"https:\\\/\\\/wia.net.pl\\\/index.php\\\/2023\\\/07\\\/06\\\/rzad-usa-jest-odpowiedzialny-za-zamieszki-we-francji\\\/#mainImage\"},\"datePublished\":\"2023-07-06T14:13:16+02:00\",\"dateModified\":\"2023-07-06T14:13:17+02:00\"},{\"@type\":\"WebSite\",\"@id\":\"https:\\\/\\\/wia.net.pl\\\/#website\",\"url\":\"https:\\\/\\\/wia.net.pl\\\/\",\"name\":\"Wolno\\u015b\\u0107 i Anarchia\",\"description\":\"Ka\\u017cdy wewn\\u0119trznie jest anarchist\\u0105.\",\"inLanguage\":\"pl-PL\",\"publisher\":{\"@id\":\"https:\\\/\\\/wia.net.pl\\\/#person\"}}]}\n\t\t<\/script>\n\t\t<!-- All in One SEO -->\n\n","aioseo_head_json":{"title":"Rz\u0105d USA jest odpowiedzialny za zamieszki we Francji - Wolno\u015b\u0107 i Anarchia","description":"Rz\u0105d USA jest odpowiedzialny za zamieszki przeciwko bia\u0142ej rasie we Francji Autor, ERIC STRIKER \u2022 5 LIPCA 2023 R W ostatnim tygodniu banlieue otaczaj\u0105ce g\u0142\u00f3wne miasta Francji wybuch\u0142y p\u0142omieniami i anarchi\u0105, z co najmniej jedn\u0105 potwierdzon\u0105 \u015bmierci\u0105, setkami obra\u017ce\u0144 i szkodami wartymi blisko miliard euro. W ca\u0142ym kraju tocz\u0105 si\u0119 zaciek\u0142e bitwy uliczne, w kt\u00f3rych potomkowie czarnych imigrant\u00f3w i","canonical_url":"https:\/\/wia.net.pl\/index.php\/2023\/07\/06\/rzad-usa-jest-odpowiedzialny-za-zamieszki-we-francji\/","robots":"max-image-preview:large","keywords":"","webmasterTools":{"miscellaneous":""},"schema":{"@context":"https:\/\/schema.org","@graph":[{"@type":"BlogPosting","@id":"https:\/\/wia.net.pl\/index.php\/2023\/07\/06\/rzad-usa-jest-odpowiedzialny-za-zamieszki-we-francji\/#blogposting","name":"Rz\u0105d USA jest odpowiedzialny za zamieszki we Francji - Wolno\u015b\u0107 i Anarchia","headline":"Rz\u0105d USA jest odpowiedzialny za zamieszki we Francji","author":{"@id":"https:\/\/wia.net.pl\/index.php\/author\/trinity\/#author"},"publisher":{"@id":"https:\/\/wia.net.pl\/#person"},"image":{"@type":"ImageObject","url":"https:\/\/wia.net.pl\/wp-content\/uploads\/2023\/07\/franceriots-1024x682-600x400-2.jpg","width":600,"height":400},"datePublished":"2023-07-06T14:13:16+02:00","dateModified":"2023-07-06T14:13:17+02:00","inLanguage":"pl-PL","mainEntityOfPage":{"@id":"https:\/\/wia.net.pl\/index.php\/2023\/07\/06\/rzad-usa-jest-odpowiedzialny-za-zamieszki-we-francji\/#webpage"},"isPartOf":{"@id":"https:\/\/wia.net.pl\/index.php\/2023\/07\/06\/rzad-usa-jest-odpowiedzialny-za-zamieszki-we-francji\/#webpage"},"articleSection":"Artyku\u0142y"},{"@type":"BreadcrumbList","@id":"https:\/\/wia.net.pl\/index.php\/2023\/07\/06\/rzad-usa-jest-odpowiedzialny-za-zamieszki-we-francji\/#breadcrumblist","itemListElement":[{"@type":"ListItem","@id":"https:\/\/wia.net.pl#listItem","position":1,"name":"Home","item":"https:\/\/wia.net.pl","nextItem":{"@type":"ListItem","@id":"https:\/\/wia.net.pl\/index.php\/category\/artykuly\/#listItem","name":"Artyku\u0142y"}},{"@type":"ListItem","@id":"https:\/\/wia.net.pl\/index.php\/category\/artykuly\/#listItem","position":2,"name":"Artyku\u0142y","item":"https:\/\/wia.net.pl\/index.php\/category\/artykuly\/","nextItem":{"@type":"ListItem","@id":"https:\/\/wia.net.pl\/index.php\/2023\/07\/06\/rzad-usa-jest-odpowiedzialny-za-zamieszki-we-francji\/#listItem","name":"Rz\u0105d USA jest odpowiedzialny za zamieszki we Francji"},"previousItem":{"@type":"ListItem","@id":"https:\/\/wia.net.pl#listItem","name":"Home"}},{"@type":"ListItem","@id":"https:\/\/wia.net.pl\/index.php\/2023\/07\/06\/rzad-usa-jest-odpowiedzialny-za-zamieszki-we-francji\/#listItem","position":3,"name":"Rz\u0105d USA jest odpowiedzialny za zamieszki we Francji","previousItem":{"@type":"ListItem","@id":"https:\/\/wia.net.pl\/index.php\/category\/artykuly\/#listItem","name":"Artyku\u0142y"}}]},{"@type":"Person","@id":"https:\/\/wia.net.pl\/#person","name":"Bart\u0142omiej Talarczyk","image":{"@type":"ImageObject","@id":"https:\/\/wia.net.pl\/index.php\/2023\/07\/06\/rzad-usa-jest-odpowiedzialny-za-zamieszki-we-francji\/#personImage","url":"https:\/\/wia.net.pl\/wp-content\/uploads\/avatar-privacy\/cache\/user\/1\/7\/176a6b161c58363ff49b5c167264231f519f5c7fa183ca1f61e891769b6b56d5-96.jpg","width":96,"height":96,"caption":"Bart\u0142omiej Talarczyk"}},{"@type":"Person","@id":"https:\/\/wia.net.pl\/index.php\/author\/trinity\/#author","url":"https:\/\/wia.net.pl\/index.php\/author\/trinity\/","name":"trinity","image":{"@type":"ImageObject","@id":"https:\/\/wia.net.pl\/index.php\/2023\/07\/06\/rzad-usa-jest-odpowiedzialny-za-zamieszki-we-francji\/#authorImage","url":"https:\/\/wia.net.pl\/wp-content\/uploads\/avatar-privacy\/cache\/user\/5\/f\/5f6547cf82495eaa10e100a6a45d5dbde2dfdc1be88557de2018fca705bdf6f1-96.jpg","width":96,"height":96,"caption":"trinity"}},{"@type":"WebPage","@id":"https:\/\/wia.net.pl\/index.php\/2023\/07\/06\/rzad-usa-jest-odpowiedzialny-za-zamieszki-we-francji\/#webpage","url":"https:\/\/wia.net.pl\/index.php\/2023\/07\/06\/rzad-usa-jest-odpowiedzialny-za-zamieszki-we-francji\/","name":"Rz\u0105d USA jest odpowiedzialny za zamieszki we Francji - Wolno\u015b\u0107 i Anarchia","description":"Rz\u0105d USA jest odpowiedzialny za zamieszki przeciwko bia\u0142ej rasie we Francji Autor, ERIC STRIKER \u2022 5 LIPCA 2023 R W ostatnim tygodniu banlieue otaczaj\u0105ce g\u0142\u00f3wne miasta Francji wybuch\u0142y p\u0142omieniami i anarchi\u0105, z co najmniej jedn\u0105 potwierdzon\u0105 \u015bmierci\u0105, setkami obra\u017ce\u0144 i szkodami wartymi blisko miliard euro. W ca\u0142ym kraju tocz\u0105 si\u0119 zaciek\u0142e bitwy uliczne, w kt\u00f3rych potomkowie czarnych imigrant\u00f3w i","inLanguage":"pl-PL","isPartOf":{"@id":"https:\/\/wia.net.pl\/#website"},"breadcrumb":{"@id":"https:\/\/wia.net.pl\/index.php\/2023\/07\/06\/rzad-usa-jest-odpowiedzialny-za-zamieszki-we-francji\/#breadcrumblist"},"author":{"@id":"https:\/\/wia.net.pl\/index.php\/author\/trinity\/#author"},"creator":{"@id":"https:\/\/wia.net.pl\/index.php\/author\/trinity\/#author"},"image":{"@type":"ImageObject","url":"https:\/\/wia.net.pl\/wp-content\/uploads\/2023\/07\/franceriots-1024x682-600x400-2.jpg","@id":"https:\/\/wia.net.pl\/index.php\/2023\/07\/06\/rzad-usa-jest-odpowiedzialny-za-zamieszki-we-francji\/#mainImage","width":600,"height":400},"primaryImageOfPage":{"@id":"https:\/\/wia.net.pl\/index.php\/2023\/07\/06\/rzad-usa-jest-odpowiedzialny-za-zamieszki-we-francji\/#mainImage"},"datePublished":"2023-07-06T14:13:16+02:00","dateModified":"2023-07-06T14:13:17+02:00"},{"@type":"WebSite","@id":"https:\/\/wia.net.pl\/#website","url":"https:\/\/wia.net.pl\/","name":"Wolno\u015b\u0107 i Anarchia","description":"Ka\u017cdy wewn\u0119trznie jest anarchist\u0105.","inLanguage":"pl-PL","publisher":{"@id":"https:\/\/wia.net.pl\/#person"}}]},"og:locale":"pl_PL","og:site_name":"Wolno\u015b\u0107 i Anarchia - Ka\u017cdy wewn\u0119trznie jest anarchist\u0105.","og:type":"article","og:title":"Rz\u0105d USA jest odpowiedzialny za zamieszki we Francji - Wolno\u015b\u0107 i Anarchia","og:description":"Rz\u0105d USA jest odpowiedzialny za zamieszki przeciwko bia\u0142ej rasie we Francji Autor, ERIC STRIKER \u2022 5 LIPCA 2023 R W ostatnim tygodniu banlieue otaczaj\u0105ce g\u0142\u00f3wne miasta Francji wybuch\u0142y p\u0142omieniami i anarchi\u0105, z co najmniej jedn\u0105 potwierdzon\u0105 \u015bmierci\u0105, setkami obra\u017ce\u0144 i szkodami wartymi blisko miliard euro. W ca\u0142ym kraju tocz\u0105 si\u0119 zaciek\u0142e bitwy uliczne, w kt\u00f3rych potomkowie czarnych imigrant\u00f3w i","og:url":"https:\/\/wia.net.pl\/index.php\/2023\/07\/06\/rzad-usa-jest-odpowiedzialny-za-zamieszki-we-francji\/","og:image":"https:\/\/wia.net.pl\/wp-content\/uploads\/2023\/11\/cropped-freedom-i73367.jpg","og:image:secure_url":"https:\/\/wia.net.pl\/wp-content\/uploads\/2023\/11\/cropped-freedom-i73367.jpg","article:published_time":"2023-07-06T12:13:16+00:00","article:modified_time":"2023-07-06T12:13:17+00:00","twitter:card":"summary_large_image","twitter:title":"Rz\u0105d USA jest odpowiedzialny za zamieszki we Francji - Wolno\u015b\u0107 i Anarchia","twitter:description":"Rz\u0105d USA jest odpowiedzialny za zamieszki przeciwko bia\u0142ej rasie we Francji Autor, ERIC STRIKER \u2022 5 LIPCA 2023 R W ostatnim tygodniu banlieue otaczaj\u0105ce g\u0142\u00f3wne miasta Francji wybuch\u0142y p\u0142omieniami i anarchi\u0105, z co najmniej jedn\u0105 potwierdzon\u0105 \u015bmierci\u0105, setkami obra\u017ce\u0144 i szkodami wartymi blisko miliard euro. W ca\u0142ym kraju tocz\u0105 si\u0119 zaciek\u0142e bitwy uliczne, w kt\u00f3rych potomkowie czarnych imigrant\u00f3w i","twitter:image":"https:\/\/wia.net.pl\/wp-content\/uploads\/2023\/11\/cropped-freedom-i73367.jpg"},"aioseo_meta_data":{"post_id":"3092","title":null,"description":null,"keywords":[],"keyphrases":{"focus":{"keyphrase":"","score":0,"analysis":{"keyphraseInTitle":{"score":0,"maxScore":9,"error":1}}},"additional":[]},"primary_term":null,"canonical_url":null,"og_title":null,"og_description":null,"og_object_type":"default","og_image_type":"default","og_image_url":null,"og_image_width":null,"og_image_height":null,"og_image_custom_url":null,"og_image_custom_fields":null,"og_video":"","og_custom_url":null,"og_article_section":null,"og_article_tags":[],"twitter_use_og":false,"twitter_card":"default","twitter_image_type":"default","twitter_image_url":null,"twitter_image_custom_url":null,"twitter_image_custom_fields":null,"twitter_title":null,"twitter_description":null,"schema":{"blockGraphs":[],"customGraphs":[],"default":{"data":{"Article":[],"Course":[],"Dataset":[],"FAQPage":[],"Movie":[],"Person":[],"Product":[],"ProductReview":[],"Car":[],"Recipe":[],"Service":[],"SoftwareApplication":[],"WebPage":[]},"graphName":"BlogPosting","isEnabled":true},"graphs":[]},"schema_type":"default","schema_type_options":null,"pillar_content":false,"robots_default":true,"robots_noindex":false,"robots_noarchive":false,"robots_nosnippet":false,"robots_nofollow":false,"robots_noimageindex":false,"robots_noodp":false,"robots_notranslate":false,"robots_max_snippet":"-1","robots_max_videopreview":"-1","robots_max_imagepreview":"large","priority":null,"frequency":"default","local_seo":null,"breadcrumb_settings":null,"limit_modified_date":false,"ai":null,"created":"2023-07-06 12:13:17","updated":"2025-06-04 08:38:45","seo_analyzer_scan_date":null,"focus_keyword":null,"additional_keywords":null,"truseo_locale":null},"aioseo_breadcrumb":"<div class=\"aioseo-breadcrumbs\"><span class=\"aioseo-breadcrumb\">\n\t\t\t<a href=\"https:\/\/wia.net.pl\" title=\"Home\">Home<\/a>\n\t\t<\/span><span class=\"aioseo-breadcrumb-separator\">&raquo;<\/span><span class=\"aioseo-breadcrumb\">\n\t\t\t<a href=\"https:\/\/wia.net.pl\/index.php\/category\/artykuly\/\" title=\"Artyku\u0142y\">Artyku\u0142y<\/a>\n\t\t<\/span><span class=\"aioseo-breadcrumb-separator\">&raquo;<\/span><span class=\"aioseo-breadcrumb\">\n\t\t\tRz\u0105d USA jest odpowiedzialny za zamieszki we Francji\n\t\t<\/span><\/div>","aioseo_breadcrumb_json":[{"label":"Home","link":"https:\/\/wia.net.pl"},{"label":"Artyku\u0142y","link":"https:\/\/wia.net.pl\/index.php\/category\/artykuly\/"},{"label":"Rz\u0105d USA jest odpowiedzialny za zamieszki we Francji","link":"https:\/\/wia.net.pl\/index.php\/2023\/07\/06\/rzad-usa-jest-odpowiedzialny-za-zamieszki-we-francji\/"}],"_links":{"self":[{"href":"https:\/\/wia.net.pl\/index.php\/wp-json\/wp\/v2\/posts\/3092"}],"collection":[{"href":"https:\/\/wia.net.pl\/index.php\/wp-json\/wp\/v2\/posts"}],"about":[{"href":"https:\/\/wia.net.pl\/index.php\/wp-json\/wp\/v2\/types\/post"}],"author":[{"embeddable":true,"href":"https:\/\/wia.net.pl\/index.php\/wp-json\/wp\/v2\/users\/2"}],"replies":[{"embeddable":true,"href":"https:\/\/wia.net.pl\/index.php\/wp-json\/wp\/v2\/comments?post=3092"}],"version-history":[{"count":1,"href":"https:\/\/wia.net.pl\/index.php\/wp-json\/wp\/v2\/posts\/3092\/revisions"}],"predecessor-version":[{"id":3095,"href":"https:\/\/wia.net.pl\/index.php\/wp-json\/wp\/v2\/posts\/3092\/revisions\/3095"}],"wp:featuredmedia":[{"embeddable":true,"href":"https:\/\/wia.net.pl\/index.php\/wp-json\/wp\/v2\/media\/3094"}],"wp:attachment":[{"href":"https:\/\/wia.net.pl\/index.php\/wp-json\/wp\/v2\/media?parent=3092"}],"wp:term":[{"taxonomy":"category","embeddable":true,"href":"https:\/\/wia.net.pl\/index.php\/wp-json\/wp\/v2\/categories?post=3092"},{"taxonomy":"post_tag","embeddable":true,"href":"https:\/\/wia.net.pl\/index.php\/wp-json\/wp\/v2\/tags?post=3092"}],"curies":[{"name":"wp","href":"https:\/\/api.w.org\/{rel}","templated":true}]}}