{"id":3099,"date":"2023-07-06T17:51:52","date_gmt":"2023-07-06T15:51:52","guid":{"rendered":"https:\/\/wia.net.pl\/?p=3099"},"modified":"2023-07-06T17:51:53","modified_gmt":"2023-07-06T15:51:53","slug":"nie-mamy-juz-wolnosci-kanada","status":"publish","type":"post","link":"https:\/\/wia.net.pl\/index.php\/2023\/07\/06\/nie-mamy-juz-wolnosci-kanada\/","title":{"rendered":"\u201eNie mamy ju\u017c wolno\u015bci\u201d \u2013 Kanada"},"content":{"rendered":"\n<p><strong>\u201eNie mamy ju\u017c wolno\u015bci\u201d \u2013 m\u00f3wi do Parlamentu Europejskiego syn prze\u015bladowanego kanadyjskiego pastora<\/strong><\/p>\n\n\n\n<p>Autor, <a href=\"https:\/\/expose-news.com\/author\/rhoda-wilson\/\">RHODA WILSON<\/a><\/p>\n\n\n\n<p><\/p>\n\n\n\n<figure class=\"wp-block-image size-large\"><img loading=\"lazy\" decoding=\"async\" width=\"1024\" height=\"683\" src=\"https:\/\/wia.net.pl\/wp-content\/uploads\/2023\/07\/Flag_of_Europe.svg_-1024x683.png\" alt=\"\" class=\"wp-image-3100\" srcset=\"https:\/\/wia.net.pl\/wp-content\/uploads\/2023\/07\/Flag_of_Europe.svg_-1024x683.png 1024w, https:\/\/wia.net.pl\/wp-content\/uploads\/2023\/07\/Flag_of_Europe.svg_-300x200.png 300w, https:\/\/wia.net.pl\/wp-content\/uploads\/2023\/07\/Flag_of_Europe.svg_-768x512.png 768w, https:\/\/wia.net.pl\/wp-content\/uploads\/2023\/07\/Flag_of_Europe.svg_.png 1200w\" sizes=\"(max-width: 1024px) 100vw, 1024px\" \/><\/figure>\n\n\n\n<p><\/p>\n\n\n\n<p><strong>We wtorek Nataniel Paw\u0142owski zeznawa\u0142 w Parlamencie Europejskim w sprawie tyranii w Kanadzie.<\/strong><\/p>\n\n\n\n<p><strong>\u201eKanada upad\u0142a, nie mamy ju\u017c wolno\u015bci wyznania, wolno\u015bci s\u0142owa, prawa do protestu, zgromadze\u0144, zrzeszania si\u0119, wyra\u017cania siebie, wolnych medi\u00f3w ani nie zgadzamy si\u0119 z rz\u0105dem\u201d \u2013 powiedzia\u0142 Nathaniel Paw\u0142owski w Parlamencie Europejskim w Bruksela, Belgia, podczas\u00a0<a href=\"https:\/\/youtu.be\/bwL4HLvHEcI\">panelu\u00a0<em>\u201eZaufanie i wolno\u015b\u0107<\/em>\u00a0\u201d.<\/a><\/strong><\/p>\n\n\n\n<p>W 2021 roku jego ojcu, kanadyjskiemu pastorowi&nbsp;<a href=\"https:\/\/twitter.com\/ArturPawlowski1\">Arturowi Paw\u0142owskiemu<\/a>&nbsp;, grozi\u0142 wyrok wi\u0119zienia po wyrzuceniu urz\u0119dnik\u00f3w s\u0142u\u017cby zdrowia i uzbrojonej policji oraz zlekcewa\u017ceniu nakaz\u00f3w s\u0105dowych, aby jego ko\u015bci\u00f3\u0142 by\u0142 otwarty podczas szczytu ogranicze\u0144 covidowych w Kanadzie.<\/p>\n\n\n\n<p>Czytaj wi\u0119cej: &nbsp;&nbsp;<a href=\"https:\/\/expose-news.com\/2021\/08\/26\/vicar-faces-4-years-in-prison-for-holding-church-service-during-lockdown\/\">Wikariuszowi grozi 4 lata wi\u0119zienia za odprawianie nabo\u017ce\u0144stw w czasie kwarantanny<\/a><\/p>\n\n\n\n<p>W lutym 2023 roku by\u0142&nbsp;<a href=\"https:\/\/www.foxnews.com\/media\/pastor-facing-10-years-prison-preaching-canada-trucker-blockade-protesting-vaccine-mandates\">badany pod k\u0105tem zarzut\u00f3w, \u017ce przyczyni\u0142 si\u0119<\/a>&nbsp;do 400 milion\u00f3w dolar\u00f3w odszkodowania, odprawiaj\u0105c nabo\u017ce\u0144stwo podczas zesz\u0142orocznej blokady ci\u0119\u017car\u00f3wki na granicy ameryka\u0144sko-kanadyjskiej.&nbsp;W maju&nbsp;<a href=\"https:\/\/www.rebelnews.com\/artur_pawlowski_our_freedom_is_under_attack_from_the_very_people_that_swore_to_protect_our_rights_and_freedoms\">zosta\u0142 uznany za winnego pod\u017cegania do zgorszenia<\/a>&nbsp;za wyg\u0142oszenie kazania dla kierowc\u00f3w ci\u0119\u017car\u00f3wek.&nbsp;Wyrok na Artura ma zapa\u015b\u0107 w sierpniu 2023 roku, grozi mu do dziesi\u0119ciu lat wi\u0119zienia.<\/p>\n\n\n\n<p>W poni\u017cszym filmie jego syn Nathaniel przemawia w Parlamencie Europejskim na temat tyranii, kt\u00f3ra ogarn\u0119\u0142a Kanad\u0119.<\/p>\n\n\n\n<p>https:\/\/www.youtube.com\/embed\/jxwftaQotz0?version=3&amp;rel=1&amp;showsearch=0&amp;showinfo=1&amp;iv_load_policy=1&amp;fs=1&amp;hl=en-US&amp;autohide=2&amp;wmode=transparentMedia Bezirgan: Uwi\u0119ziony syn pastora pot\u0119pia Trudeau w UE jako \u201ewsp\u00f3\u0142czesnego Kaligul\u0119\u201d, 4 lipca 2023 r. (4 min)<\/p>\n\n\n\n<p>Nie pozwalaj\u0105c tyranii ingerowa\u0107 w wolno\u015b\u0107, pod koniec maja Artur og\u0142osi\u0142: \u201eZa\u0142o\u017cyli\u015bmy parti\u0119 polityczn\u0105!\u201d<\/p>\n\n\n\n<p><\/p>\n\n\n\n<p><em>Wyr\u00f3\u017cnione zdj\u0119cie: Nathaniel Paw\u0142owski zeznawa\u0142 w Parlamencie Europejskim,&nbsp;<a href=\"https:\/\/twitter.com\/ArturPawlowski1\/status\/1676295380433248256\">Artur Paw\u0142owski na Twitterze<\/a>&nbsp;, 4 lipca 2023 r.<\/em><\/p>\n\n\n\n<figure class=\"wp-block-image\"><img decoding=\"async\" src=\"https:\/\/i0.wp.com\/expose-news.com\/wp-content\/uploads\/2023\/07\/FeatJul6b.png?ssl=1\" alt=\"\"\/><\/figure>\n\n\n\n<p>Wi\u0119cej na stronie  https:\/\/expose-news.com\/2023\/07\/06\/we-no-longer-have-freedom\/<\/p>\n","protected":false},"excerpt":{"rendered":"<p>\u201eNie mamy ju\u017c wolno\u015bci\u201d \u2013 m\u00f3wi do Parlamentu Europejskiego syn prze\u015bladowanego kanadyjskiego pastora Autor, RHODA WILSON We wtorek Nataniel Paw\u0142owski zeznawa\u0142 w Parlamencie Europejskim w sprawie tyranii w Kanadzie. \u201eKanada upad\u0142a, nie mamy ju\u017c wolno\u015bci wyznania, wolno\u015bci s\u0142owa, prawa do&#8230; <\/p>\n","protected":false},"author":2,"featured_media":3100,"comment_status":"open","ping_status":"open","sticky":false,"template":"","format":"standard","meta":{"_acf_changed":false,"_bbp_topic_count":0,"_bbp_reply_count":0,"_bbp_total_topic_count":0,"_bbp_total_reply_count":0,"_bbp_voice_count":0,"_bbp_anonymous_reply_count":0,"_bbp_topic_count_hidden":0,"_bbp_reply_count_hidden":0,"_bbp_forum_subforum_count":0,"om_disable_all_campaigns":false,"_monsterinsights_skip_tracking":false,"footnotes":""},"categories":[93],"tags":[],"class_list":["post-3099","post","type-post","status-publish","format-standard","has-post-thumbnail","hentry","category-artykuly"],"acf":[],"aioseo_notices":[],"aioseo_head":"\n\t\t<!-- All in One SEO 5.0.1.1 - aioseo.com -->\n\t<meta name=\"description\" content=\"\u201eNie mamy ju\u017c wolno\u015bci\u201d \u2013 m\u00f3wi do Parlamentu Europejskiego syn prze\u015bladowanego kanadyjskiego pastora Autor, RHODA WILSON We wtorek Nataniel Paw\u0142owski zeznawa\u0142 w Parlamencie Europejskim w sprawie tyranii w Kanadzie. \u201eKanada upad\u0142a, nie mamy ju\u017c wolno\u015bci wyznania, wolno\u015bci s\u0142owa, prawa do protestu, zgromadze\u0144, zrzeszania si\u0119, wyra\u017cania siebie, wolnych medi\u00f3w ani nie zgadzamy si\u0119 z rz\u0105dem\u201d \u2013\" \/>\n\t<meta name=\"robots\" content=\"max-image-preview:large\" \/>\n\t<meta name=\"author\" content=\"trinity\"\/>\n\t<link rel=\"canonical\" href=\"https:\/\/wia.net.pl\/index.php\/2023\/07\/06\/nie-mamy-juz-wolnosci-kanada\/\" \/>\n\t<meta name=\"generator\" content=\"All in One SEO (AIOSEO) 5.0.1.1\" \/>\n\t\t<meta property=\"og:locale\" content=\"pl_PL\" \/>\n\t\t<meta property=\"og:site_name\" content=\"Wolno\u015b\u0107 i Anarchia - Ka\u017cdy wewn\u0119trznie jest anarchist\u0105.\" \/>\n\t\t<meta property=\"og:type\" content=\"article\" \/>\n\t\t<meta property=\"og:title\" content=\"\u201eNie mamy ju\u017c wolno\u015bci\u201d \u2013 Kanada - Wolno\u015b\u0107 i Anarchia\" \/>\n\t\t<meta property=\"og:description\" content=\"\u201eNie mamy ju\u017c wolno\u015bci\u201d \u2013 m\u00f3wi do Parlamentu Europejskiego syn prze\u015bladowanego kanadyjskiego pastora Autor, RHODA WILSON We wtorek Nataniel Paw\u0142owski zeznawa\u0142 w Parlamencie Europejskim w sprawie tyranii w Kanadzie. \u201eKanada upad\u0142a, nie mamy ju\u017c wolno\u015bci wyznania, wolno\u015bci s\u0142owa, prawa do protestu, zgromadze\u0144, zrzeszania si\u0119, wyra\u017cania siebie, wolnych medi\u00f3w ani nie zgadzamy si\u0119 z rz\u0105dem\u201d \u2013\" \/>\n\t\t<meta property=\"og:url\" content=\"https:\/\/wia.net.pl\/index.php\/2023\/07\/06\/nie-mamy-juz-wolnosci-kanada\/\" \/>\n\t\t<meta property=\"og:image\" content=\"https:\/\/wia.net.pl\/wp-content\/uploads\/2023\/11\/cropped-freedom-i73367.jpg\" \/>\n\t\t<meta property=\"og:image:secure_url\" content=\"https:\/\/wia.net.pl\/wp-content\/uploads\/2023\/11\/cropped-freedom-i73367.jpg\" \/>\n\t\t<meta property=\"article:published_time\" content=\"2023-07-06T15:51:52+00:00\" \/>\n\t\t<meta property=\"article:modified_time\" content=\"2023-07-06T15:51:53+00:00\" \/>\n\t\t<meta name=\"twitter:card\" content=\"summary_large_image\" \/>\n\t\t<meta name=\"twitter:title\" content=\"\u201eNie mamy ju\u017c wolno\u015bci\u201d \u2013 Kanada - Wolno\u015b\u0107 i Anarchia\" \/>\n\t\t<meta name=\"twitter:description\" content=\"\u201eNie mamy ju\u017c wolno\u015bci\u201d \u2013 m\u00f3wi do Parlamentu Europejskiego syn prze\u015bladowanego kanadyjskiego pastora Autor, RHODA WILSON We wtorek Nataniel Paw\u0142owski zeznawa\u0142 w Parlamencie Europejskim w sprawie tyranii w Kanadzie. \u201eKanada upad\u0142a, nie mamy ju\u017c wolno\u015bci wyznania, wolno\u015bci s\u0142owa, prawa do protestu, zgromadze\u0144, zrzeszania si\u0119, wyra\u017cania siebie, wolnych medi\u00f3w ani nie zgadzamy si\u0119 z rz\u0105dem\u201d \u2013\" \/>\n\t\t<meta name=\"twitter:image\" content=\"https:\/\/wia.net.pl\/wp-content\/uploads\/2023\/11\/cropped-freedom-i73367.jpg\" \/>\n\t\t<script type=\"application\/ld+json\" class=\"aioseo-schema\">\n\t\t\t{\"@context\":\"https:\\\/\\\/schema.org\",\"@graph\":[{\"@type\":\"BlogPosting\",\"@id\":\"https:\\\/\\\/wia.net.pl\\\/index.php\\\/2023\\\/07\\\/06\\\/nie-mamy-juz-wolnosci-kanada\\\/#blogposting\",\"name\":\"\\u201eNie mamy ju\\u017c wolno\\u015bci\\u201d \\u2013 Kanada - Wolno\\u015b\\u0107 i Anarchia\",\"headline\":\"\\u201eNie mamy ju\\u017c wolno\\u015bci\\u201d \\u2013 Kanada\",\"author\":{\"@id\":\"https:\\\/\\\/wia.net.pl\\\/index.php\\\/author\\\/trinity\\\/#author\"},\"publisher\":{\"@id\":\"https:\\\/\\\/wia.net.pl\\\/#person\"},\"image\":{\"@type\":\"ImageObject\",\"url\":\"https:\\\/\\\/wia.net.pl\\\/wp-content\\\/uploads\\\/2023\\\/07\\\/Flag_of_Europe.svg_.png\",\"width\":1200,\"height\":800},\"datePublished\":\"2023-07-06T17:51:52+02:00\",\"dateModified\":\"2023-07-06T17:51:53+02:00\",\"inLanguage\":\"pl-PL\",\"mainEntityOfPage\":{\"@id\":\"https:\\\/\\\/wia.net.pl\\\/index.php\\\/2023\\\/07\\\/06\\\/nie-mamy-juz-wolnosci-kanada\\\/#webpage\"},\"isPartOf\":{\"@id\":\"https:\\\/\\\/wia.net.pl\\\/index.php\\\/2023\\\/07\\\/06\\\/nie-mamy-juz-wolnosci-kanada\\\/#webpage\"},\"articleSection\":\"Artyku\\u0142y\"},{\"@type\":\"BreadcrumbList\",\"@id\":\"https:\\\/\\\/wia.net.pl\\\/index.php\\\/2023\\\/07\\\/06\\\/nie-mamy-juz-wolnosci-kanada\\\/#breadcrumblist\",\"itemListElement\":[{\"@type\":\"ListItem\",\"@id\":\"https:\\\/\\\/wia.net.pl#listItem\",\"position\":1,\"name\":\"Home\",\"item\":\"https:\\\/\\\/wia.net.pl\",\"nextItem\":{\"@type\":\"ListItem\",\"@id\":\"https:\\\/\\\/wia.net.pl\\\/index.php\\\/category\\\/artykuly\\\/#listItem\",\"name\":\"Artyku\\u0142y\"}},{\"@type\":\"ListItem\",\"@id\":\"https:\\\/\\\/wia.net.pl\\\/index.php\\\/category\\\/artykuly\\\/#listItem\",\"position\":2,\"name\":\"Artyku\\u0142y\",\"item\":\"https:\\\/\\\/wia.net.pl\\\/index.php\\\/category\\\/artykuly\\\/\",\"nextItem\":{\"@type\":\"ListItem\",\"@id\":\"https:\\\/\\\/wia.net.pl\\\/index.php\\\/2023\\\/07\\\/06\\\/nie-mamy-juz-wolnosci-kanada\\\/#listItem\",\"name\":\"\\u201eNie mamy ju\\u017c wolno\\u015bci\\u201d \\u2013 Kanada\"},\"previousItem\":{\"@type\":\"ListItem\",\"@id\":\"https:\\\/\\\/wia.net.pl#listItem\",\"name\":\"Home\"}},{\"@type\":\"ListItem\",\"@id\":\"https:\\\/\\\/wia.net.pl\\\/index.php\\\/2023\\\/07\\\/06\\\/nie-mamy-juz-wolnosci-kanada\\\/#listItem\",\"position\":3,\"name\":\"\\u201eNie mamy ju\\u017c wolno\\u015bci\\u201d \\u2013 Kanada\",\"previousItem\":{\"@type\":\"ListItem\",\"@id\":\"https:\\\/\\\/wia.net.pl\\\/index.php\\\/category\\\/artykuly\\\/#listItem\",\"name\":\"Artyku\\u0142y\"}}]},{\"@type\":\"Person\",\"@id\":\"https:\\\/\\\/wia.net.pl\\\/#person\",\"name\":\"Bart\\u0142omiej Talarczyk\",\"image\":{\"@type\":\"ImageObject\",\"@id\":\"https:\\\/\\\/wia.net.pl\\\/index.php\\\/2023\\\/07\\\/06\\\/nie-mamy-juz-wolnosci-kanada\\\/#personImage\",\"url\":\"https:\\\/\\\/wia.net.pl\\\/wp-content\\\/uploads\\\/avatar-privacy\\\/cache\\\/user\\\/1\\\/7\\\/176a6b161c58363ff49b5c167264231f519f5c7fa183ca1f61e891769b6b56d5-96.jpg\",\"width\":96,\"height\":96,\"caption\":\"Bart\\u0142omiej Talarczyk\"}},{\"@type\":\"Person\",\"@id\":\"https:\\\/\\\/wia.net.pl\\\/index.php\\\/author\\\/trinity\\\/#author\",\"url\":\"https:\\\/\\\/wia.net.pl\\\/index.php\\\/author\\\/trinity\\\/\",\"name\":\"trinity\",\"image\":{\"@type\":\"ImageObject\",\"@id\":\"https:\\\/\\\/wia.net.pl\\\/index.php\\\/2023\\\/07\\\/06\\\/nie-mamy-juz-wolnosci-kanada\\\/#authorImage\",\"url\":\"https:\\\/\\\/wia.net.pl\\\/wp-content\\\/uploads\\\/avatar-privacy\\\/cache\\\/user\\\/5\\\/f\\\/5f6547cf82495eaa10e100a6a45d5dbde2dfdc1be88557de2018fca705bdf6f1-96.jpg\",\"width\":96,\"height\":96,\"caption\":\"trinity\"}},{\"@type\":\"WebPage\",\"@id\":\"https:\\\/\\\/wia.net.pl\\\/index.php\\\/2023\\\/07\\\/06\\\/nie-mamy-juz-wolnosci-kanada\\\/#webpage\",\"url\":\"https:\\\/\\\/wia.net.pl\\\/index.php\\\/2023\\\/07\\\/06\\\/nie-mamy-juz-wolnosci-kanada\\\/\",\"name\":\"\\u201eNie mamy ju\\u017c wolno\\u015bci\\u201d \\u2013 Kanada - Wolno\\u015b\\u0107 i Anarchia\",\"description\":\"\\u201eNie mamy ju\\u017c wolno\\u015bci\\u201d \\u2013 m\\u00f3wi do Parlamentu Europejskiego syn prze\\u015bladowanego kanadyjskiego pastora Autor, RHODA WILSON We wtorek Nataniel Paw\\u0142owski zeznawa\\u0142 w Parlamencie Europejskim w sprawie tyranii w Kanadzie. \\u201eKanada upad\\u0142a, nie mamy ju\\u017c wolno\\u015bci wyznania, wolno\\u015bci s\\u0142owa, prawa do protestu, zgromadze\\u0144, zrzeszania si\\u0119, wyra\\u017cania siebie, wolnych medi\\u00f3w ani nie zgadzamy si\\u0119 z rz\\u0105dem\\u201d \\u2013\",\"inLanguage\":\"pl-PL\",\"isPartOf\":{\"@id\":\"https:\\\/\\\/wia.net.pl\\\/#website\"},\"breadcrumb\":{\"@id\":\"https:\\\/\\\/wia.net.pl\\\/index.php\\\/2023\\\/07\\\/06\\\/nie-mamy-juz-wolnosci-kanada\\\/#breadcrumblist\"},\"author\":{\"@id\":\"https:\\\/\\\/wia.net.pl\\\/index.php\\\/author\\\/trinity\\\/#author\"},\"creator\":{\"@id\":\"https:\\\/\\\/wia.net.pl\\\/index.php\\\/author\\\/trinity\\\/#author\"},\"image\":{\"@type\":\"ImageObject\",\"url\":\"https:\\\/\\\/wia.net.pl\\\/wp-content\\\/uploads\\\/2023\\\/07\\\/Flag_of_Europe.svg_.png\",\"@id\":\"https:\\\/\\\/wia.net.pl\\\/index.php\\\/2023\\\/07\\\/06\\\/nie-mamy-juz-wolnosci-kanada\\\/#mainImage\",\"width\":1200,\"height\":800},\"primaryImageOfPage\":{\"@id\":\"https:\\\/\\\/wia.net.pl\\\/index.php\\\/2023\\\/07\\\/06\\\/nie-mamy-juz-wolnosci-kanada\\\/#mainImage\"},\"datePublished\":\"2023-07-06T17:51:52+02:00\",\"dateModified\":\"2023-07-06T17:51:53+02:00\"},{\"@type\":\"WebSite\",\"@id\":\"https:\\\/\\\/wia.net.pl\\\/#website\",\"url\":\"https:\\\/\\\/wia.net.pl\\\/\",\"name\":\"Wolno\\u015b\\u0107 i Anarchia\",\"description\":\"Ka\\u017cdy wewn\\u0119trznie jest anarchist\\u0105.\",\"inLanguage\":\"pl-PL\",\"publisher\":{\"@id\":\"https:\\\/\\\/wia.net.pl\\\/#person\"}}]}\n\t\t<\/script>\n\t\t<!-- All in One SEO -->\n\n","aioseo_head_json":{"title":"\u201eNie mamy ju\u017c wolno\u015bci\u201d \u2013 Kanada - Wolno\u015b\u0107 i Anarchia","description":"\u201eNie mamy ju\u017c wolno\u015bci\u201d \u2013 m\u00f3wi do Parlamentu Europejskiego syn prze\u015bladowanego kanadyjskiego pastora Autor, RHODA WILSON We wtorek Nataniel Paw\u0142owski zeznawa\u0142 w Parlamencie Europejskim w sprawie tyranii w Kanadzie. \u201eKanada upad\u0142a, nie mamy ju\u017c wolno\u015bci wyznania, wolno\u015bci s\u0142owa, prawa do protestu, zgromadze\u0144, zrzeszania si\u0119, wyra\u017cania siebie, wolnych medi\u00f3w ani nie zgadzamy si\u0119 z rz\u0105dem\u201d \u2013","canonical_url":"https:\/\/wia.net.pl\/index.php\/2023\/07\/06\/nie-mamy-juz-wolnosci-kanada\/","robots":"max-image-preview:large","keywords":"","webmasterTools":{"miscellaneous":""},"schema":{"@context":"https:\/\/schema.org","@graph":[{"@type":"BlogPosting","@id":"https:\/\/wia.net.pl\/index.php\/2023\/07\/06\/nie-mamy-juz-wolnosci-kanada\/#blogposting","name":"\u201eNie mamy ju\u017c wolno\u015bci\u201d \u2013 Kanada - Wolno\u015b\u0107 i Anarchia","headline":"\u201eNie mamy ju\u017c wolno\u015bci\u201d \u2013 Kanada","author":{"@id":"https:\/\/wia.net.pl\/index.php\/author\/trinity\/#author"},"publisher":{"@id":"https:\/\/wia.net.pl\/#person"},"image":{"@type":"ImageObject","url":"https:\/\/wia.net.pl\/wp-content\/uploads\/2023\/07\/Flag_of_Europe.svg_.png","width":1200,"height":800},"datePublished":"2023-07-06T17:51:52+02:00","dateModified":"2023-07-06T17:51:53+02:00","inLanguage":"pl-PL","mainEntityOfPage":{"@id":"https:\/\/wia.net.pl\/index.php\/2023\/07\/06\/nie-mamy-juz-wolnosci-kanada\/#webpage"},"isPartOf":{"@id":"https:\/\/wia.net.pl\/index.php\/2023\/07\/06\/nie-mamy-juz-wolnosci-kanada\/#webpage"},"articleSection":"Artyku\u0142y"},{"@type":"BreadcrumbList","@id":"https:\/\/wia.net.pl\/index.php\/2023\/07\/06\/nie-mamy-juz-wolnosci-kanada\/#breadcrumblist","itemListElement":[{"@type":"ListItem","@id":"https:\/\/wia.net.pl#listItem","position":1,"name":"Home","item":"https:\/\/wia.net.pl","nextItem":{"@type":"ListItem","@id":"https:\/\/wia.net.pl\/index.php\/category\/artykuly\/#listItem","name":"Artyku\u0142y"}},{"@type":"ListItem","@id":"https:\/\/wia.net.pl\/index.php\/category\/artykuly\/#listItem","position":2,"name":"Artyku\u0142y","item":"https:\/\/wia.net.pl\/index.php\/category\/artykuly\/","nextItem":{"@type":"ListItem","@id":"https:\/\/wia.net.pl\/index.php\/2023\/07\/06\/nie-mamy-juz-wolnosci-kanada\/#listItem","name":"\u201eNie mamy ju\u017c wolno\u015bci\u201d \u2013 Kanada"},"previousItem":{"@type":"ListItem","@id":"https:\/\/wia.net.pl#listItem","name":"Home"}},{"@type":"ListItem","@id":"https:\/\/wia.net.pl\/index.php\/2023\/07\/06\/nie-mamy-juz-wolnosci-kanada\/#listItem","position":3,"name":"\u201eNie mamy ju\u017c wolno\u015bci\u201d \u2013 Kanada","previousItem":{"@type":"ListItem","@id":"https:\/\/wia.net.pl\/index.php\/category\/artykuly\/#listItem","name":"Artyku\u0142y"}}]},{"@type":"Person","@id":"https:\/\/wia.net.pl\/#person","name":"Bart\u0142omiej Talarczyk","image":{"@type":"ImageObject","@id":"https:\/\/wia.net.pl\/index.php\/2023\/07\/06\/nie-mamy-juz-wolnosci-kanada\/#personImage","url":"https:\/\/wia.net.pl\/wp-content\/uploads\/avatar-privacy\/cache\/user\/1\/7\/176a6b161c58363ff49b5c167264231f519f5c7fa183ca1f61e891769b6b56d5-96.jpg","width":96,"height":96,"caption":"Bart\u0142omiej Talarczyk"}},{"@type":"Person","@id":"https:\/\/wia.net.pl\/index.php\/author\/trinity\/#author","url":"https:\/\/wia.net.pl\/index.php\/author\/trinity\/","name":"trinity","image":{"@type":"ImageObject","@id":"https:\/\/wia.net.pl\/index.php\/2023\/07\/06\/nie-mamy-juz-wolnosci-kanada\/#authorImage","url":"https:\/\/wia.net.pl\/wp-content\/uploads\/avatar-privacy\/cache\/user\/5\/f\/5f6547cf82495eaa10e100a6a45d5dbde2dfdc1be88557de2018fca705bdf6f1-96.jpg","width":96,"height":96,"caption":"trinity"}},{"@type":"WebPage","@id":"https:\/\/wia.net.pl\/index.php\/2023\/07\/06\/nie-mamy-juz-wolnosci-kanada\/#webpage","url":"https:\/\/wia.net.pl\/index.php\/2023\/07\/06\/nie-mamy-juz-wolnosci-kanada\/","name":"\u201eNie mamy ju\u017c wolno\u015bci\u201d \u2013 Kanada - Wolno\u015b\u0107 i Anarchia","description":"\u201eNie mamy ju\u017c wolno\u015bci\u201d \u2013 m\u00f3wi do Parlamentu Europejskiego syn prze\u015bladowanego kanadyjskiego pastora Autor, RHODA WILSON We wtorek Nataniel Paw\u0142owski zeznawa\u0142 w Parlamencie Europejskim w sprawie tyranii w Kanadzie. \u201eKanada upad\u0142a, nie mamy ju\u017c wolno\u015bci wyznania, wolno\u015bci s\u0142owa, prawa do protestu, zgromadze\u0144, zrzeszania si\u0119, wyra\u017cania siebie, wolnych medi\u00f3w ani nie zgadzamy si\u0119 z rz\u0105dem\u201d \u2013","inLanguage":"pl-PL","isPartOf":{"@id":"https:\/\/wia.net.pl\/#website"},"breadcrumb":{"@id":"https:\/\/wia.net.pl\/index.php\/2023\/07\/06\/nie-mamy-juz-wolnosci-kanada\/#breadcrumblist"},"author":{"@id":"https:\/\/wia.net.pl\/index.php\/author\/trinity\/#author"},"creator":{"@id":"https:\/\/wia.net.pl\/index.php\/author\/trinity\/#author"},"image":{"@type":"ImageObject","url":"https:\/\/wia.net.pl\/wp-content\/uploads\/2023\/07\/Flag_of_Europe.svg_.png","@id":"https:\/\/wia.net.pl\/index.php\/2023\/07\/06\/nie-mamy-juz-wolnosci-kanada\/#mainImage","width":1200,"height":800},"primaryImageOfPage":{"@id":"https:\/\/wia.net.pl\/index.php\/2023\/07\/06\/nie-mamy-juz-wolnosci-kanada\/#mainImage"},"datePublished":"2023-07-06T17:51:52+02:00","dateModified":"2023-07-06T17:51:53+02:00"},{"@type":"WebSite","@id":"https:\/\/wia.net.pl\/#website","url":"https:\/\/wia.net.pl\/","name":"Wolno\u015b\u0107 i Anarchia","description":"Ka\u017cdy wewn\u0119trznie jest anarchist\u0105.","inLanguage":"pl-PL","publisher":{"@id":"https:\/\/wia.net.pl\/#person"}}]},"og:locale":"pl_PL","og:site_name":"Wolno\u015b\u0107 i Anarchia - Ka\u017cdy wewn\u0119trznie jest anarchist\u0105.","og:type":"article","og:title":"\u201eNie mamy ju\u017c wolno\u015bci\u201d \u2013 Kanada - Wolno\u015b\u0107 i Anarchia","og:description":"\u201eNie mamy ju\u017c wolno\u015bci\u201d \u2013 m\u00f3wi do Parlamentu Europejskiego syn prze\u015bladowanego kanadyjskiego pastora Autor, RHODA WILSON We wtorek Nataniel Paw\u0142owski zeznawa\u0142 w Parlamencie Europejskim w sprawie tyranii w Kanadzie. \u201eKanada upad\u0142a, nie mamy ju\u017c wolno\u015bci wyznania, wolno\u015bci s\u0142owa, prawa do protestu, zgromadze\u0144, zrzeszania si\u0119, wyra\u017cania siebie, wolnych medi\u00f3w ani nie zgadzamy si\u0119 z rz\u0105dem\u201d \u2013","og:url":"https:\/\/wia.net.pl\/index.php\/2023\/07\/06\/nie-mamy-juz-wolnosci-kanada\/","og:image":"https:\/\/wia.net.pl\/wp-content\/uploads\/2023\/11\/cropped-freedom-i73367.jpg","og:image:secure_url":"https:\/\/wia.net.pl\/wp-content\/uploads\/2023\/11\/cropped-freedom-i73367.jpg","article:published_time":"2023-07-06T15:51:52+00:00","article:modified_time":"2023-07-06T15:51:53+00:00","twitter:card":"summary_large_image","twitter:title":"\u201eNie mamy ju\u017c wolno\u015bci\u201d \u2013 Kanada - Wolno\u015b\u0107 i Anarchia","twitter:description":"\u201eNie mamy ju\u017c wolno\u015bci\u201d \u2013 m\u00f3wi do Parlamentu Europejskiego syn prze\u015bladowanego kanadyjskiego pastora Autor, RHODA WILSON We wtorek Nataniel Paw\u0142owski zeznawa\u0142 w Parlamencie Europejskim w sprawie tyranii w Kanadzie. \u201eKanada upad\u0142a, nie mamy ju\u017c wolno\u015bci wyznania, wolno\u015bci s\u0142owa, prawa do protestu, zgromadze\u0144, zrzeszania si\u0119, wyra\u017cania siebie, wolnych medi\u00f3w ani nie zgadzamy si\u0119 z rz\u0105dem\u201d \u2013","twitter:image":"https:\/\/wia.net.pl\/wp-content\/uploads\/2023\/11\/cropped-freedom-i73367.jpg"},"aioseo_meta_data":{"post_id":"3099","title":null,"description":null,"keywords":[],"keyphrases":{"focus":{"keyphrase":"","score":0,"analysis":{"keyphraseInTitle":{"score":0,"maxScore":9,"error":1}}},"additional":[]},"primary_term":null,"canonical_url":null,"og_title":null,"og_description":null,"og_object_type":"default","og_image_type":"default","og_image_url":null,"og_image_width":null,"og_image_height":null,"og_image_custom_url":null,"og_image_custom_fields":null,"og_video":"","og_custom_url":null,"og_article_section":null,"og_article_tags":[],"twitter_use_og":false,"twitter_card":"default","twitter_image_type":"default","twitter_image_url":null,"twitter_image_custom_url":null,"twitter_image_custom_fields":null,"twitter_title":null,"twitter_description":null,"schema":{"blockGraphs":[],"customGraphs":[],"default":{"data":{"Article":[],"Course":[],"Dataset":[],"FAQPage":[],"Movie":[],"Person":[],"Product":[],"ProductReview":[],"Car":[],"Recipe":[],"Service":[],"SoftwareApplication":[],"WebPage":[]},"graphName":"BlogPosting","isEnabled":true},"graphs":[]},"schema_type":"default","schema_type_options":null,"pillar_content":false,"robots_default":true,"robots_noindex":false,"robots_noarchive":false,"robots_nosnippet":false,"robots_nofollow":false,"robots_noimageindex":false,"robots_noodp":false,"robots_notranslate":false,"robots_max_snippet":"-1","robots_max_videopreview":"-1","robots_max_imagepreview":"large","priority":null,"frequency":"default","local_seo":null,"breadcrumb_settings":null,"limit_modified_date":false,"ai":null,"created":"2023-07-06 15:51:53","updated":"2025-06-04 08:39:31","seo_analyzer_scan_date":null,"focus_keyword":null,"additional_keywords":null,"truseo_locale":null},"aioseo_breadcrumb":"<div class=\"aioseo-breadcrumbs\"><span class=\"aioseo-breadcrumb\">\n\t\t\t<a href=\"https:\/\/wia.net.pl\" title=\"Home\">Home<\/a>\n\t\t<\/span><span class=\"aioseo-breadcrumb-separator\">&raquo;<\/span><span class=\"aioseo-breadcrumb\">\n\t\t\t<a href=\"https:\/\/wia.net.pl\/index.php\/category\/artykuly\/\" title=\"Artyku\u0142y\">Artyku\u0142y<\/a>\n\t\t<\/span><span class=\"aioseo-breadcrumb-separator\">&raquo;<\/span><span class=\"aioseo-breadcrumb\">\n\t\t\t\u201eNie mamy ju\u017c wolno\u015bci\u201d \u2013 Kanada\n\t\t<\/span><\/div>","aioseo_breadcrumb_json":[{"label":"Home","link":"https:\/\/wia.net.pl"},{"label":"Artyku\u0142y","link":"https:\/\/wia.net.pl\/index.php\/category\/artykuly\/"},{"label":"\u201eNie mamy ju\u017c wolno\u015bci\u201d \u2013 Kanada","link":"https:\/\/wia.net.pl\/index.php\/2023\/07\/06\/nie-mamy-juz-wolnosci-kanada\/"}],"_links":{"self":[{"href":"https:\/\/wia.net.pl\/index.php\/wp-json\/wp\/v2\/posts\/3099"}],"collection":[{"href":"https:\/\/wia.net.pl\/index.php\/wp-json\/wp\/v2\/posts"}],"about":[{"href":"https:\/\/wia.net.pl\/index.php\/wp-json\/wp\/v2\/types\/post"}],"author":[{"embeddable":true,"href":"https:\/\/wia.net.pl\/index.php\/wp-json\/wp\/v2\/users\/2"}],"replies":[{"embeddable":true,"href":"https:\/\/wia.net.pl\/index.php\/wp-json\/wp\/v2\/comments?post=3099"}],"version-history":[{"count":1,"href":"https:\/\/wia.net.pl\/index.php\/wp-json\/wp\/v2\/posts\/3099\/revisions"}],"predecessor-version":[{"id":3101,"href":"https:\/\/wia.net.pl\/index.php\/wp-json\/wp\/v2\/posts\/3099\/revisions\/3101"}],"wp:featuredmedia":[{"embeddable":true,"href":"https:\/\/wia.net.pl\/index.php\/wp-json\/wp\/v2\/media\/3100"}],"wp:attachment":[{"href":"https:\/\/wia.net.pl\/index.php\/wp-json\/wp\/v2\/media?parent=3099"}],"wp:term":[{"taxonomy":"category","embeddable":true,"href":"https:\/\/wia.net.pl\/index.php\/wp-json\/wp\/v2\/categories?post=3099"},{"taxonomy":"post_tag","embeddable":true,"href":"https:\/\/wia.net.pl\/index.php\/wp-json\/wp\/v2\/tags?post=3099"}],"curies":[{"name":"wp","href":"https:\/\/api.w.org\/{rel}","templated":true}]}}