{"id":3245,"date":"2023-07-13T11:13:27","date_gmt":"2023-07-13T09:13:27","guid":{"rendered":"https:\/\/wia.net.pl\/?p=3245"},"modified":"2023-07-13T11:13:27","modified_gmt":"2023-07-13T09:13:27","slug":"chiny-i-onz-wezwanie-do-wysiedlenia-ludzi","status":"publish","type":"post","link":"https:\/\/wia.net.pl\/index.php\/2023\/07\/13\/chiny-i-onz-wezwanie-do-wysiedlenia-ludzi\/","title":{"rendered":"Chiny i ONZ &#8211; Wezwanie do wysiedlenia ludzi"},"content":{"rendered":"\n<p><strong>Chiny wzywaj\u0105 ONZ do wysiedlenia ludzi i finansowania \u015bwiata przyrody w imi\u0119 \u201er\u00f3\u017cnorodno\u015bci biologicznej\u201d<\/strong><\/p>\n\n\n\n<p>Autor, <a href=\"https:\/\/expose-news.com\/author\/rhoda-wilson\/\">RHODA WILSON<\/a>\u00a0NA\u00a0<a href=\"https:\/\/expose-news.com\/2023\/07\/11\/china-calls-for-the-un-to-financialise-the-natural-world\/\">11 LIPCA 2023 R<\/a><\/p>\n\n\n\n<p><strong>The<\/strong> <strong>Expos\u00e9<\/strong><\/p>\n\n\n\n<p><\/p>\n\n\n\n<figure class=\"wp-block-image size-large\"><img loading=\"lazy\" decoding=\"async\" width=\"1024\" height=\"576\" src=\"https:\/\/wia.net.pl\/wp-content\/uploads\/2023\/07\/FeatJul11b-1024x576.webp\" alt=\"\" class=\"wp-image-3246\" srcset=\"https:\/\/wia.net.pl\/wp-content\/uploads\/2023\/07\/FeatJul11b-1024x576.webp 1024w, https:\/\/wia.net.pl\/wp-content\/uploads\/2023\/07\/FeatJul11b-300x169.webp 300w, https:\/\/wia.net.pl\/wp-content\/uploads\/2023\/07\/FeatJul11b-768x432.webp 768w, https:\/\/wia.net.pl\/wp-content\/uploads\/2023\/07\/FeatJul11b-480x270.webp 480w, https:\/\/wia.net.pl\/wp-content\/uploads\/2023\/07\/FeatJul11b.webp 1200w\" sizes=\"(max-width: 1024px) 100vw, 1024px\" \/><\/figure>\n\n\n\n<p><strong>Chi\u0144ski minister ekologii i \u015brodowiska, przemawiaj\u0105c w ONZ, wezwa\u0142 do wsp\u00f3lnego wysi\u0142ku na rzecz wdro\u017cenia globalnych ram r\u00f3\u017cnorodno\u015bci biologicznej.&nbsp;Ramy, kt\u00f3re spowoduj\u0105 wysiedlenie oko\u0142o 300 milion\u00f3w rdzennych mieszka\u0144c\u00f3w i sfinansuj\u0105 \u015bwiat przyrody.&nbsp;To potworny i bezprecedensowy atak na nasz \u017cywy \u015bwiat pod pozorem bior\u00f3\u017cnorodno\u015bci.<\/strong><\/p>\n\n\n\n<p>Chi\u0144ski minister Huang Runqiu, kt\u00f3ry jest tak\u017ce przewodnicz\u0105cym COP15 \u2013 15. spotkania Konferencji Stron Konwencji Narod\u00f3w Zjednoczonych (\u201eONZ\u201d) o r\u00f3\u017cnorodno\u015bci biologicznej \u2013 przemawia\u0142 w czwartek za po\u015brednictwem wideo na odprawie ONZ dla sta\u0142ych misji do ONZ.&nbsp;Spotkanie zosta\u0142o zorganizowane przez Program \u015arodowiskowy ONZ (\u201eUNEP\u201d), Sekretariat Konwencji o r\u00f3\u017cnorodno\u015bci biologicznej (\u201eCBD\u201d) oraz Chiny.<\/p>\n\n\n\n<p>Huang podkre\u015bli\u0142 budowanie wsp\u00f3lnej spo\u0142eczno\u015bci o wsp\u00f3lnym przeznaczeniu poprzez Kunming-Montreal Global Biodiversity Framework.<\/p>\n\n\n\n<p>COP15 przyj\u0105\u0142 ramy Kunming-Montreal, kt\u00f3re \u201ezapewniaj\u0105 plan globalnego zarz\u0105dzania r\u00f3\u017cnorodno\u015bci\u0105 biologiczn\u0105, wyznaczaj\u0105 cele, wyja\u015bniaj\u0105 \u015bcie\u017ck\u0119 i \u0142\u0105cz\u0105 wsp\u00f3lne wysi\u0142ki\u201d, powiedzia\u0142 Huang.&nbsp;Powiedzia\u0142, \u017ce plan globalnej ochrony r\u00f3\u017cnorodno\u015bci biologicznej zosta\u0142 opracowany i nadszed\u0142 czas, aby prze\u0142o\u017cy\u0107 go na rzeczywisto\u015b\u0107.<\/p>\n\n\n\n<p>W ci\u0105gu najbli\u017cszych dw\u00f3ch lat Chiny b\u0119d\u0105 nadal przewodzi\u0107, wzywaj\u0105c wszystkie strony do promowania wdra\u017cania ram Kunming-Montreal i wykonywania decyzji podj\u0119tych na konferencji COP15, powiedzia\u0142 Huang.<\/p>\n\n\n\n<p><em>Powy\u017csze zosta\u0142o zaczerpni\u0119te z artyku\u0142u zatytu\u0142owanego \u201eChi\u0144ski urz\u0119dnik wzywa do globalnego wysi\u0142ku na rzecz ochrony r\u00f3\u017cnorodno\u015bci biologicznej\u201d, opublikowanego przez China Daily 10 lipca 2023 r. Przeczytaj ca\u0142y artyku\u0142\u00a0<a href=\"https:\/\/global.chinadaily.com.cn\/a\/202307\/10\/WS64ab99d2a310bf8a75d6e407.html\">TUTAJ<\/a>\u00a0.<\/em><\/p>\n\n\n\n<p><a href=\"https:\/\/expose-news.com\/2022\/12\/23\/cop15-harmful-instruments-and-private-interests\/\">Wed\u0142ug Indigenous Environmental Network<\/a>&nbsp;, \u201eCOP15 nada\u0142 priorytet ekspansji fa\u0142szywych rozwi\u0105za\u0144, szkodliwych instrument\u00f3w i finansjalizacji Matki Ziemi nad prawdziw\u0105 ochron\u0119 r\u00f3\u017cnorodno\u015bci biologicznej\u201d.<\/p>\n\n\n\n<p>Na porz\u0105dku dziennym COP15 znalaz\u0142y si\u0119 nowe instrumenty finansowe powi\u0105zane z wk\u0142adami ustalonymi na poziomie krajowym (\u201eNDC\u201d) i zad\u0142u\u017ceniem zagranicznym, ekspansja rozwi\u0105za\u0144 opartych na przyrodzie (\u201eNBS\u201d), w tym kompensacja r\u00f3\u017cnorodno\u015bci biologicznej w ramach, a tak\u017ce sekwencjonowanie informacji cyfrowych (\u201e DSI\u201d) oraz ekspansji technologii geoin\u017cynieryjnych.&nbsp;Ostateczny tekst COP15, ramy Kunming-Montreal, zawiera szereg fa\u0142szywych rozwi\u0105za\u0144, kt\u00f3re zaspokajaj\u0105 prywatne finanse.<\/p>\n\n\n\n<p>Te fa\u0142szywe rozwi\u0105zania obejmuj\u0105 NBS, finansjalizacj\u0119 i utowarowienie przyrody, geoin\u017cynieri\u0119 i programy offsetowe, a tak\u017ce in\u017cynieri\u0119 genetyczn\u0105 w postaci biologii syntetycznej i nap\u0119d\u00f3w genowych.<\/p>\n\n\n\n<p>Finanse by\u0142y kolejnym wa\u017cnym tematem COP15.&nbsp;Prywatne interesy sk\u0142oni\u0142y do \u200b\u200bustanowienia jednolitego systemu standard\u00f3w i miar pomiaru \u201ekapita\u0142u naturalnego\u201d, kt\u00f3ry obejmuje bior\u00f3\u017cnorodno\u015b\u0107, a tak\u017ce do stworzenia nowego rodzaju \u201ekredyt\u00f3w bior\u00f3\u017cnorodno\u015bci\u201d, kt\u00f3re w przysz\u0142o\u015bci b\u0119d\u0105 zharmonizowane z innymi rynkami uprawnie\u0144 do emisji dwutlenku w\u0119gla.<\/p>\n\n\n\n<p>Ramy Kunming-Montreal okre\u015blaj\u0105 r\u00f3wnie\u017c cel 30 na 30, aby od\u0142o\u017cy\u0107 30% l\u0105d\u00f3w i ocean\u00f3w jako \u201eobszary chronione\u201d, obszary, na kt\u00f3rych dzia\u0142alno\u015b\u0107 cz\u0142owieka jest ograniczona lub zabroniona.&nbsp;Aby osi\u0105gn\u0105\u0107 ten cel, zastosowano agresywne naciski na uwzgl\u0119dnienie podej\u015b\u0107 rynkowych, a je\u015bli chodzi o wdra\u017canie, istnieje realne ryzyko i zagro\u017cenie dla zapewnienia poszanowania praw ludno\u015bci tubylczej do ich ziemi, w\u00f3d i terytori\u00f3w. &nbsp;<a href=\"https:\/\/expose-news.com\/2022\/12\/28\/30by30-is-the-biggest-land-grab-in-history\/\">Survival International powiedzia\u0142<\/a>&nbsp;, \u017ce cel 30 na 30 spowoduje wysiedlenie oko\u0142o 300 milion\u00f3w rdzennych mieszka\u0144c\u00f3w z ich rodzinnych ziem i las\u00f3w w imi\u0119 \u201eochrony\u201d.<\/p>\n\n\n\n<p>Kampania&nbsp;<a href=\"https:\/\/nodealfornature.wixsite.com\/info\">\u201e&nbsp;<em>No Deal for Nature<\/em>&nbsp;\u201d<\/a>&nbsp;zbada\u0142a i szczeg\u00f3\u0142owo zbada\u0142a potworny i bezprecedensowy atak na nasz \u017cywy \u015bwiat pod pozorem bior\u00f3\u017cnorodno\u015bci.&nbsp;\u201eNa pierwszym planie znajduje si\u0119 przyspieszaj\u0105ca utrata r\u00f3\u017cnorodno\u015bci biologicznej, od kt\u00f3rej zale\u017cy ca\u0142e \u017cycie\u201d, stwierdza kampania, \u201eto bardzo realne zagro\u017cenie jest obecnie wprowadzane na rynek i wykorzystywane do ponownego uruchomienia \u015bwiatowej gospodarki\u201d.<\/p>\n\n\n\n<p>R\u00f3wnie\u017c za globalnym d\u0105\u017ceniem do \u201eochrony i przywracania przyrody\u201d stoi \u015awiatowe Forum Ekonomiczne (\u201eWEF\u201d), kt\u00f3re 13 czerwca 2019 r. nawi\u0105za\u0142o wsp\u00f3\u0142prac\u0119 z ONZ w celu osi\u0105gni\u0119cia cel\u00f3w zr\u00f3wnowa\u017conego rozwoju lub cel\u00f3w globalnych (\u201eSDG\u201d).<\/p>\n\n\n\n<p>Od spotkania WEF w Davos w 2021 r. WEF publicznie dyskutowa\u0142, w jaki spos\u00f3b mo\u017cna wykorzysta\u0107 te cele do osi\u0105gni\u0119cia&nbsp;<a href=\"https:\/\/expose-news.com\/2022\/09\/20\/meet-the-great-reset-king-charles-iii\/\">\u201eWielkiego [finansowego] resetu\u201d kr\u00f3la Karola.<\/a><\/p>\n\n\n\n<p>W kwietniu&nbsp;<a href=\"https:\/\/www.weforum.org\/agenda\/2023\/04\/agenda-2030-civic-participation-sustainable-development-goals\">WEF og\u0142osi\u0142<\/a>&nbsp;, \u017ce \u015bwiatowi przyw\u00f3dcy zbior\u0105 si\u0119 we wrze\u015bniu tego roku, aby \u201eprzyspieszy\u0107 wdra\u017canie Agendy 2030\u201d.&nbsp;ONZ i WEF wydawa\u0142y si\u0119 sfrustrowane brakiem post\u0119p\u00f3w w kierunku ich ideologii \u201eWielkiego Resetu\u201d, obok Agendy 2030, ideologicznego nast\u0119pcy nieudanych \u201eMilenijnych Cel\u00f3w Rozwoju\u201d.&nbsp;W swoim og\u0142oszeniu WEF wydawa\u0142 si\u0119 zdesperowany, by nadrobi\u0107 stracony czas i jak najszybciej narzuci\u0107 cele ONZ.<\/p>\n\n\n\n<p>Ochrona r\u00f3\u017cnorodno\u015bci biologicznej jest przedmiotem rozdzia\u0142u 15 Agendy 21 i zosta\u0142a prze\u0142o\u017cona na Agend\u0119 2030 jako SDG15.&nbsp;Nie dajcie si\u0119 zwie\u015b\u0107 u\u017cywaniu s\u0142owa \u201eochrona\u201d, nie ma to nic wsp\u00f3lnego z ochron\u0105.<\/p>\n\n\n\n<p>Prawdziwe cele SDG15 ukryte s\u0105 w trzech podstawowych dokumentach ONZ.&nbsp;Te trzy dokumenty to Traktat o r\u00f3\u017cnorodno\u015bci biologicznej z 1992 r.;&nbsp;projekt Wildlands z 1992 r. i globalna ocena r\u00f3\u017cnorodno\u015bci biologicznej z 1995 r.&nbsp;By\u0107 mo\u017ce po przeczytaniu naszego poprzedniego artyku\u0142u&nbsp;<a href=\"https:\/\/expose-news.com\/2023\/04\/30\/wef-wants-to-accelerate-sdgs\/\">TUTAJ<\/a>&nbsp;o tych dokumentach dojdziecie do wniosku, podobnie jak my, \u017ce jedynym prawdziwym s\u0142owem w wyra\u017ceniu \u201eochrona r\u00f3\u017cnorodno\u015bci biologicznej\u201d jest \u201ez\u201d.<\/p>\n\n\n\n<p>Powinni\u015bmy by\u0107 zaniepokojeni \u201ezielonym\u201d oszustwem finansowym, kt\u00f3re ma miejsce w\u0142a\u015bnie teraz.&nbsp;To nie tylko oszustwo finansowe, ale jedno z najwi\u0119kszych grabie\u017cy zasob\u00f3w naturalnych w historii naszej planety.&nbsp;Sprzedaj\u0105 to ludziom z kolektywistyczn\u0105 terminologi\u0105 i propagand\u0105, twierdz\u0105c, \u017ce wszyscy musimy si\u0119 zjednoczy\u0107, aby ocali\u0107 planet\u0119.&nbsp;Ale w rzeczywisto\u015bci nie ratujemy planety.<\/p>\n\n\n\n<p>\u201eJe\u015bli si\u0119 na to zgodzimy, wr\u0119czymy [planet\u0119] na srebrnym talerzu ludziom, kt\u00f3rzy j\u0105 zniszcz\u0105 i zniszcz\u0105 nas jako gatunek\u201d \u2013 powiedzia\u0142a&nbsp;<a href=\"https:\/\/expose-news.com\/2022\/01\/20\/a-destructive-plan-under-the-guise-of-climate-change\/\">Whitney Webb Jamesowi Corbettowi<\/a>&nbsp;, omawiaj\u0105c swoj\u0105 prac\u0119 nad \u201ezielon\u0105\u201d transformacj\u0105 globalnego systemu finansowego z wykorzystaniem Natural Asset Corporations (\u201eNAC\u201d) oraz Glasgow Financial Alliance for Net Zero (\u201eGFANZ\u201d).<\/p>\n\n\n\n<p>Fundacja Rockefellera \u2013&nbsp;<a href=\"https:\/\/expose-news.com\/2022\/11\/19\/un-wef-g20-form-global-governance\/\">Rockefellerowie, kt\u00f3rzy postrzegaj\u0105 ONZ jako swoj\u0105 ma\u0142\u0105 organizacj\u0119<\/a>&nbsp;\u2013 odegra\u0142a kluczow\u0105 rol\u0119 w tworzeniu NAC we wrze\u015bniu 2021 r. Ostatecznym celem NAC jest uzyskiwanie niemal niesko\u0144czonych zysk\u00f3w z naturalnych proces\u00f3w, kt\u00f3re staraj\u0105 si\u0119 okre\u015bli\u0107 ilo\u015bciowo a nast\u0119pnie zarabia\u0107.&nbsp;Dyrektorzy GFANZ \u2013 John Kerry, Janet Yellen, Mark Carney i Larry Fink z BlackRock \u2013 od dawna s\u0105 entuzjastycznie nastawieni do perspektyw NAC i innych powi\u0105zanych wysi\u0142k\u00f3w na rzecz finansjalizacji \u015bwiata przyrody.&nbsp;Fink odegra\u0142 r\u00f3wnie\u017c kluczow\u0105 rol\u0119 w marketingu takiej finansjalizacji, jaka jest niezb\u0119dna do walki ze zmianami klimatycznymi.<\/p>\n\n\n\n<p>GFANZ zjednoczy\u0142 najpot\u0119\u017cniejsze prywatne banki i instytucje finansowe na \u015bwiecie w ramach tego, co postrzega przede wszystkim jako \u201eogromn\u0105 szans\u0119 komercyjn\u0105\u201d, kt\u00f3rej wykorzystanie reklamuje jako \u201eimperatyw planetarny\u201d.&nbsp;Pot\u0119\u017cne interesy bankowe, kt\u00f3re tworz\u0105 t\u0119 grup\u0119, d\u0105\u017c\u0105 do odtworzenia ca\u0142ego globalnego systemu finansowego dla ich korzy\u015bci pod pozorem promowania zr\u00f3wnowa\u017conego rozwoju.<\/p>\n\n\n\n<p>Chocia\u017c GFANZ ukrywa si\u0119 pod wznios\u0142\u0105 retoryk\u0105 \u201eratowania planety\u201d, jego plany ostatecznie sprowadzaj\u0105 si\u0119 do zamachu stanu kierowanego przez korporacje, kt\u00f3ry sprawi, \u017ce \u015bwiatowy system finansowy b\u0119dzie jeszcze bardziej skorumpowany i drapie\u017cny oraz jeszcze bardziej ograniczy suwerenno\u015b\u0107 rz\u0105d\u00f3w krajowych w krajach rozwijaj\u0105cych si\u0119.<\/p>\n\n\n\n<p>Dalsza lektura:&nbsp;<a href=\"https:\/\/expose-news.com\/2022\/08\/30\/carney-is-trying-to-control-the-world-with-green-finance\/\">Eko-faszysta Mark Carney pr\u00f3buje kontrolowa\u0107 \u015bwiat za pomoc\u0105 zielonych finans\u00f3w<\/a><\/p>\n\n\n\n<p><em>Wyr\u00f3\u017cniony obraz: Prezydent COP15 Huang Runqiu z Chin uderza m\u0142otkiem, gdy narody formalnie przyjmuj\u0105 globalne ramy r\u00f3\u017cnorodno\u015bci biologicznej Kunming-Montreal na konferencji ONZ na temat r\u00f3\u017cnorodno\u015bci biologicznej COP15, 19 grudnia w Montrealu.&nbsp;(Konwencja ONZ o r\u00f3\u017cnorodno\u015bci biologicznej).&nbsp;\u017ar\u00f3d\u0142o:&nbsp;<a href=\"https:\/\/www.ncronline.org\/earthbeat\/justice\/nations-secure-historic-biodiversity-deal-final-day-cop15\">EarthBeat<\/a><\/em><\/p>\n\n\n\n<figure class=\"wp-block-image\"><img decoding=\"async\" src=\"https:\/\/i0.wp.com\/expose-news.com\/wp-content\/uploads\/2023\/07\/FeatJul11b.png?ssl=1\" alt=\"\"\/><\/figure>\n\n\n\n<p><\/p>\n\n\n\n<p>Link \u017ar\u00f3d\u0142owy <a href=\"https:\/\/expose-news.com\/2023\/07\/11\/china-calls-for-the-un-to-financialise-the-natural-world\/\">https:\/\/expose-news.com\/2023\/07\/11\/china-calls-for-the-un-to-financialise-the-natural-world\/<\/a><\/p>\n\n\n\n<p><\/p>\n","protected":false},"excerpt":{"rendered":"<p>Chiny wzywaj\u0105 ONZ do wysiedlenia ludzi i finansowania \u015bwiata przyrody w imi\u0119 \u201er\u00f3\u017cnorodno\u015bci biologicznej\u201d Autor, RHODA WILSON\u00a0NA\u00a011 LIPCA 2023 R The Expos\u00e9 Chi\u0144ski minister ekologii i \u015brodowiska, przemawiaj\u0105c w ONZ, wezwa\u0142 do wsp\u00f3lnego wysi\u0142ku na rzecz wdro\u017cenia globalnych ram r\u00f3\u017cnorodno\u015bci&#8230; <\/p>\n","protected":false},"author":2,"featured_media":3249,"comment_status":"open","ping_status":"open","sticky":false,"template":"","format":"standard","meta":{"_acf_changed":false,"_bbp_topic_count":0,"_bbp_reply_count":0,"_bbp_total_topic_count":0,"_bbp_total_reply_count":0,"_bbp_voice_count":0,"_bbp_anonymous_reply_count":0,"_bbp_topic_count_hidden":0,"_bbp_reply_count_hidden":0,"_bbp_forum_subforum_count":0,"om_disable_all_campaigns":false,"_monsterinsights_skip_tracking":false,"footnotes":""},"categories":[93],"tags":[],"class_list":["post-3245","post","type-post","status-publish","format-standard","has-post-thumbnail","hentry","category-artykuly"],"acf":[],"aioseo_notices":[],"aioseo_head":"\n\t\t<!-- All in One SEO 5.0.1.1 - aioseo.com -->\n\t<meta name=\"description\" content=\"Chiny wzywaj\u0105 ONZ do wysiedlenia ludzi i finansowania \u015bwiata przyrody w imi\u0119 \u201er\u00f3\u017cnorodno\u015bci biologicznej\u201d Autor, RHODA WILSON NA 11 LIPCA 2023 R The Expos\u00e9 Chi\u0144ski minister ekologii i \u015brodowiska, przemawiaj\u0105c w ONZ, wezwa\u0142 do wsp\u00f3lnego wysi\u0142ku na rzecz wdro\u017cenia globalnych ram r\u00f3\u017cnorodno\u015bci biologicznej. Ramy, kt\u00f3re spowoduj\u0105 wysiedlenie oko\u0142o 300 milion\u00f3w rdzennych mieszka\u0144c\u00f3w i sfinansuj\u0105 \u015bwiat przyrody. To potworny i\" \/>\n\t<meta name=\"robots\" content=\"max-image-preview:large\" \/>\n\t<meta name=\"author\" content=\"trinity\"\/>\n\t<link rel=\"canonical\" href=\"https:\/\/wia.net.pl\/index.php\/2023\/07\/13\/chiny-i-onz-wezwanie-do-wysiedlenia-ludzi\/\" \/>\n\t<meta name=\"generator\" content=\"All in One SEO (AIOSEO) 5.0.1.1\" \/>\n\t\t<meta property=\"og:locale\" content=\"pl_PL\" \/>\n\t\t<meta property=\"og:site_name\" content=\"Wolno\u015b\u0107 i Anarchia - Ka\u017cdy wewn\u0119trznie jest anarchist\u0105.\" \/>\n\t\t<meta property=\"og:type\" content=\"article\" \/>\n\t\t<meta property=\"og:title\" content=\"Chiny i ONZ \u2013 Wezwanie do wysiedlenia ludzi - Wolno\u015b\u0107 i Anarchia\" \/>\n\t\t<meta property=\"og:description\" content=\"Chiny wzywaj\u0105 ONZ do wysiedlenia ludzi i finansowania \u015bwiata przyrody w imi\u0119 \u201er\u00f3\u017cnorodno\u015bci biologicznej\u201d Autor, RHODA WILSON NA 11 LIPCA 2023 R The Expos\u00e9 Chi\u0144ski minister ekologii i \u015brodowiska, przemawiaj\u0105c w ONZ, wezwa\u0142 do wsp\u00f3lnego wysi\u0142ku na rzecz wdro\u017cenia globalnych ram r\u00f3\u017cnorodno\u015bci biologicznej. Ramy, kt\u00f3re spowoduj\u0105 wysiedlenie oko\u0142o 300 milion\u00f3w rdzennych mieszka\u0144c\u00f3w i sfinansuj\u0105 \u015bwiat przyrody. To potworny i\" \/>\n\t\t<meta property=\"og:url\" content=\"https:\/\/wia.net.pl\/index.php\/2023\/07\/13\/chiny-i-onz-wezwanie-do-wysiedlenia-ludzi\/\" \/>\n\t\t<meta property=\"og:image\" content=\"https:\/\/wia.net.pl\/wp-content\/uploads\/2023\/11\/cropped-freedom-i73367.jpg\" \/>\n\t\t<meta property=\"og:image:secure_url\" content=\"https:\/\/wia.net.pl\/wp-content\/uploads\/2023\/11\/cropped-freedom-i73367.jpg\" \/>\n\t\t<meta property=\"article:published_time\" content=\"2023-07-13T09:13:27+00:00\" \/>\n\t\t<meta property=\"article:modified_time\" content=\"2023-07-13T09:13:27+00:00\" \/>\n\t\t<meta name=\"twitter:card\" content=\"summary_large_image\" \/>\n\t\t<meta name=\"twitter:title\" content=\"Chiny i ONZ \u2013 Wezwanie do wysiedlenia ludzi - Wolno\u015b\u0107 i Anarchia\" \/>\n\t\t<meta name=\"twitter:description\" content=\"Chiny wzywaj\u0105 ONZ do wysiedlenia ludzi i finansowania \u015bwiata przyrody w imi\u0119 \u201er\u00f3\u017cnorodno\u015bci biologicznej\u201d Autor, RHODA WILSON NA 11 LIPCA 2023 R The Expos\u00e9 Chi\u0144ski minister ekologii i \u015brodowiska, przemawiaj\u0105c w ONZ, wezwa\u0142 do wsp\u00f3lnego wysi\u0142ku na rzecz wdro\u017cenia globalnych ram r\u00f3\u017cnorodno\u015bci biologicznej. Ramy, kt\u00f3re spowoduj\u0105 wysiedlenie oko\u0142o 300 milion\u00f3w rdzennych mieszka\u0144c\u00f3w i sfinansuj\u0105 \u015bwiat przyrody. To potworny i\" \/>\n\t\t<meta name=\"twitter:image\" content=\"https:\/\/wia.net.pl\/wp-content\/uploads\/2023\/11\/cropped-freedom-i73367.jpg\" \/>\n\t\t<script type=\"application\/ld+json\" class=\"aioseo-schema\">\n\t\t\t{\"@context\":\"https:\\\/\\\/schema.org\",\"@graph\":[{\"@type\":\"BlogPosting\",\"@id\":\"https:\\\/\\\/wia.net.pl\\\/index.php\\\/2023\\\/07\\\/13\\\/chiny-i-onz-wezwanie-do-wysiedlenia-ludzi\\\/#blogposting\",\"name\":\"Chiny i ONZ \\u2013 Wezwanie do wysiedlenia ludzi - Wolno\\u015b\\u0107 i Anarchia\",\"headline\":\"Chiny i ONZ &#8211; Wezwanie do wysiedlenia ludzi\",\"author\":{\"@id\":\"https:\\\/\\\/wia.net.pl\\\/index.php\\\/author\\\/trinity\\\/#author\"},\"publisher\":{\"@id\":\"https:\\\/\\\/wia.net.pl\\\/#person\"},\"image\":{\"@type\":\"ImageObject\",\"url\":\"https:\\\/\\\/wia.net.pl\\\/wp-content\\\/uploads\\\/2023\\\/07\\\/finansjalizacji-swiata-przyrody-w-imie-\\u201eroznorodnosci-biologicznej.jpg\",\"width\":1920,\"height\":1080},\"datePublished\":\"2023-07-13T11:13:27+02:00\",\"dateModified\":\"2023-07-13T11:13:27+02:00\",\"inLanguage\":\"pl-PL\",\"mainEntityOfPage\":{\"@id\":\"https:\\\/\\\/wia.net.pl\\\/index.php\\\/2023\\\/07\\\/13\\\/chiny-i-onz-wezwanie-do-wysiedlenia-ludzi\\\/#webpage\"},\"isPartOf\":{\"@id\":\"https:\\\/\\\/wia.net.pl\\\/index.php\\\/2023\\\/07\\\/13\\\/chiny-i-onz-wezwanie-do-wysiedlenia-ludzi\\\/#webpage\"},\"articleSection\":\"Artyku\\u0142y\"},{\"@type\":\"BreadcrumbList\",\"@id\":\"https:\\\/\\\/wia.net.pl\\\/index.php\\\/2023\\\/07\\\/13\\\/chiny-i-onz-wezwanie-do-wysiedlenia-ludzi\\\/#breadcrumblist\",\"itemListElement\":[{\"@type\":\"ListItem\",\"@id\":\"https:\\\/\\\/wia.net.pl#listItem\",\"position\":1,\"name\":\"Home\",\"item\":\"https:\\\/\\\/wia.net.pl\",\"nextItem\":{\"@type\":\"ListItem\",\"@id\":\"https:\\\/\\\/wia.net.pl\\\/index.php\\\/category\\\/artykuly\\\/#listItem\",\"name\":\"Artyku\\u0142y\"}},{\"@type\":\"ListItem\",\"@id\":\"https:\\\/\\\/wia.net.pl\\\/index.php\\\/category\\\/artykuly\\\/#listItem\",\"position\":2,\"name\":\"Artyku\\u0142y\",\"item\":\"https:\\\/\\\/wia.net.pl\\\/index.php\\\/category\\\/artykuly\\\/\",\"nextItem\":{\"@type\":\"ListItem\",\"@id\":\"https:\\\/\\\/wia.net.pl\\\/index.php\\\/2023\\\/07\\\/13\\\/chiny-i-onz-wezwanie-do-wysiedlenia-ludzi\\\/#listItem\",\"name\":\"Chiny i ONZ &#8211; Wezwanie do wysiedlenia ludzi\"},\"previousItem\":{\"@type\":\"ListItem\",\"@id\":\"https:\\\/\\\/wia.net.pl#listItem\",\"name\":\"Home\"}},{\"@type\":\"ListItem\",\"@id\":\"https:\\\/\\\/wia.net.pl\\\/index.php\\\/2023\\\/07\\\/13\\\/chiny-i-onz-wezwanie-do-wysiedlenia-ludzi\\\/#listItem\",\"position\":3,\"name\":\"Chiny i ONZ &#8211; Wezwanie do wysiedlenia ludzi\",\"previousItem\":{\"@type\":\"ListItem\",\"@id\":\"https:\\\/\\\/wia.net.pl\\\/index.php\\\/category\\\/artykuly\\\/#listItem\",\"name\":\"Artyku\\u0142y\"}}]},{\"@type\":\"Person\",\"@id\":\"https:\\\/\\\/wia.net.pl\\\/#person\",\"name\":\"Bart\\u0142omiej Talarczyk\",\"image\":{\"@type\":\"ImageObject\",\"@id\":\"https:\\\/\\\/wia.net.pl\\\/index.php\\\/2023\\\/07\\\/13\\\/chiny-i-onz-wezwanie-do-wysiedlenia-ludzi\\\/#personImage\",\"url\":\"https:\\\/\\\/wia.net.pl\\\/wp-content\\\/uploads\\\/avatar-privacy\\\/cache\\\/user\\\/1\\\/7\\\/176a6b161c58363ff49b5c167264231f519f5c7fa183ca1f61e891769b6b56d5-96.jpg\",\"width\":96,\"height\":96,\"caption\":\"Bart\\u0142omiej Talarczyk\"}},{\"@type\":\"Person\",\"@id\":\"https:\\\/\\\/wia.net.pl\\\/index.php\\\/author\\\/trinity\\\/#author\",\"url\":\"https:\\\/\\\/wia.net.pl\\\/index.php\\\/author\\\/trinity\\\/\",\"name\":\"trinity\",\"image\":{\"@type\":\"ImageObject\",\"@id\":\"https:\\\/\\\/wia.net.pl\\\/index.php\\\/2023\\\/07\\\/13\\\/chiny-i-onz-wezwanie-do-wysiedlenia-ludzi\\\/#authorImage\",\"url\":\"https:\\\/\\\/wia.net.pl\\\/wp-content\\\/uploads\\\/avatar-privacy\\\/cache\\\/user\\\/5\\\/f\\\/5f6547cf82495eaa10e100a6a45d5dbde2dfdc1be88557de2018fca705bdf6f1-96.jpg\",\"width\":96,\"height\":96,\"caption\":\"trinity\"}},{\"@type\":\"WebPage\",\"@id\":\"https:\\\/\\\/wia.net.pl\\\/index.php\\\/2023\\\/07\\\/13\\\/chiny-i-onz-wezwanie-do-wysiedlenia-ludzi\\\/#webpage\",\"url\":\"https:\\\/\\\/wia.net.pl\\\/index.php\\\/2023\\\/07\\\/13\\\/chiny-i-onz-wezwanie-do-wysiedlenia-ludzi\\\/\",\"name\":\"Chiny i ONZ \\u2013 Wezwanie do wysiedlenia ludzi - Wolno\\u015b\\u0107 i Anarchia\",\"description\":\"Chiny wzywaj\\u0105 ONZ do wysiedlenia ludzi i finansowania \\u015bwiata przyrody w imi\\u0119 \\u201er\\u00f3\\u017cnorodno\\u015bci biologicznej\\u201d Autor, RHODA WILSON NA 11 LIPCA 2023 R The Expos\\u00e9 Chi\\u0144ski minister ekologii i \\u015brodowiska, przemawiaj\\u0105c w ONZ, wezwa\\u0142 do wsp\\u00f3lnego wysi\\u0142ku na rzecz wdro\\u017cenia globalnych ram r\\u00f3\\u017cnorodno\\u015bci biologicznej. Ramy, kt\\u00f3re spowoduj\\u0105 wysiedlenie oko\\u0142o 300 milion\\u00f3w rdzennych mieszka\\u0144c\\u00f3w i sfinansuj\\u0105 \\u015bwiat przyrody. To potworny i\",\"inLanguage\":\"pl-PL\",\"isPartOf\":{\"@id\":\"https:\\\/\\\/wia.net.pl\\\/#website\"},\"breadcrumb\":{\"@id\":\"https:\\\/\\\/wia.net.pl\\\/index.php\\\/2023\\\/07\\\/13\\\/chiny-i-onz-wezwanie-do-wysiedlenia-ludzi\\\/#breadcrumblist\"},\"author\":{\"@id\":\"https:\\\/\\\/wia.net.pl\\\/index.php\\\/author\\\/trinity\\\/#author\"},\"creator\":{\"@id\":\"https:\\\/\\\/wia.net.pl\\\/index.php\\\/author\\\/trinity\\\/#author\"},\"image\":{\"@type\":\"ImageObject\",\"url\":\"https:\\\/\\\/wia.net.pl\\\/wp-content\\\/uploads\\\/2023\\\/07\\\/finansjalizacji-swiata-przyrody-w-imie-\\u201eroznorodnosci-biologicznej.jpg\",\"@id\":\"https:\\\/\\\/wia.net.pl\\\/index.php\\\/2023\\\/07\\\/13\\\/chiny-i-onz-wezwanie-do-wysiedlenia-ludzi\\\/#mainImage\",\"width\":1920,\"height\":1080},\"primaryImageOfPage\":{\"@id\":\"https:\\\/\\\/wia.net.pl\\\/index.php\\\/2023\\\/07\\\/13\\\/chiny-i-onz-wezwanie-do-wysiedlenia-ludzi\\\/#mainImage\"},\"datePublished\":\"2023-07-13T11:13:27+02:00\",\"dateModified\":\"2023-07-13T11:13:27+02:00\"},{\"@type\":\"WebSite\",\"@id\":\"https:\\\/\\\/wia.net.pl\\\/#website\",\"url\":\"https:\\\/\\\/wia.net.pl\\\/\",\"name\":\"Wolno\\u015b\\u0107 i Anarchia\",\"description\":\"Ka\\u017cdy wewn\\u0119trznie jest anarchist\\u0105.\",\"inLanguage\":\"pl-PL\",\"publisher\":{\"@id\":\"https:\\\/\\\/wia.net.pl\\\/#person\"}}]}\n\t\t<\/script>\n\t\t<!-- All in One SEO -->\n\n","aioseo_head_json":{"title":"Chiny i ONZ \u2013 Wezwanie do wysiedlenia ludzi - Wolno\u015b\u0107 i Anarchia","description":"Chiny wzywaj\u0105 ONZ do wysiedlenia ludzi i finansowania \u015bwiata przyrody w imi\u0119 \u201er\u00f3\u017cnorodno\u015bci biologicznej\u201d Autor, RHODA WILSON NA 11 LIPCA 2023 R The Expos\u00e9 Chi\u0144ski minister ekologii i \u015brodowiska, przemawiaj\u0105c w ONZ, wezwa\u0142 do wsp\u00f3lnego wysi\u0142ku na rzecz wdro\u017cenia globalnych ram r\u00f3\u017cnorodno\u015bci biologicznej. Ramy, kt\u00f3re spowoduj\u0105 wysiedlenie oko\u0142o 300 milion\u00f3w rdzennych mieszka\u0144c\u00f3w i sfinansuj\u0105 \u015bwiat przyrody. To potworny i","canonical_url":"https:\/\/wia.net.pl\/index.php\/2023\/07\/13\/chiny-i-onz-wezwanie-do-wysiedlenia-ludzi\/","robots":"max-image-preview:large","keywords":"","webmasterTools":{"miscellaneous":""},"schema":{"@context":"https:\/\/schema.org","@graph":[{"@type":"BlogPosting","@id":"https:\/\/wia.net.pl\/index.php\/2023\/07\/13\/chiny-i-onz-wezwanie-do-wysiedlenia-ludzi\/#blogposting","name":"Chiny i ONZ \u2013 Wezwanie do wysiedlenia ludzi - Wolno\u015b\u0107 i Anarchia","headline":"Chiny i ONZ &#8211; Wezwanie do wysiedlenia ludzi","author":{"@id":"https:\/\/wia.net.pl\/index.php\/author\/trinity\/#author"},"publisher":{"@id":"https:\/\/wia.net.pl\/#person"},"image":{"@type":"ImageObject","url":"https:\/\/wia.net.pl\/wp-content\/uploads\/2023\/07\/finansjalizacji-swiata-przyrody-w-imie-\u201eroznorodnosci-biologicznej.jpg","width":1920,"height":1080},"datePublished":"2023-07-13T11:13:27+02:00","dateModified":"2023-07-13T11:13:27+02:00","inLanguage":"pl-PL","mainEntityOfPage":{"@id":"https:\/\/wia.net.pl\/index.php\/2023\/07\/13\/chiny-i-onz-wezwanie-do-wysiedlenia-ludzi\/#webpage"},"isPartOf":{"@id":"https:\/\/wia.net.pl\/index.php\/2023\/07\/13\/chiny-i-onz-wezwanie-do-wysiedlenia-ludzi\/#webpage"},"articleSection":"Artyku\u0142y"},{"@type":"BreadcrumbList","@id":"https:\/\/wia.net.pl\/index.php\/2023\/07\/13\/chiny-i-onz-wezwanie-do-wysiedlenia-ludzi\/#breadcrumblist","itemListElement":[{"@type":"ListItem","@id":"https:\/\/wia.net.pl#listItem","position":1,"name":"Home","item":"https:\/\/wia.net.pl","nextItem":{"@type":"ListItem","@id":"https:\/\/wia.net.pl\/index.php\/category\/artykuly\/#listItem","name":"Artyku\u0142y"}},{"@type":"ListItem","@id":"https:\/\/wia.net.pl\/index.php\/category\/artykuly\/#listItem","position":2,"name":"Artyku\u0142y","item":"https:\/\/wia.net.pl\/index.php\/category\/artykuly\/","nextItem":{"@type":"ListItem","@id":"https:\/\/wia.net.pl\/index.php\/2023\/07\/13\/chiny-i-onz-wezwanie-do-wysiedlenia-ludzi\/#listItem","name":"Chiny i ONZ &#8211; Wezwanie do wysiedlenia ludzi"},"previousItem":{"@type":"ListItem","@id":"https:\/\/wia.net.pl#listItem","name":"Home"}},{"@type":"ListItem","@id":"https:\/\/wia.net.pl\/index.php\/2023\/07\/13\/chiny-i-onz-wezwanie-do-wysiedlenia-ludzi\/#listItem","position":3,"name":"Chiny i ONZ &#8211; Wezwanie do wysiedlenia ludzi","previousItem":{"@type":"ListItem","@id":"https:\/\/wia.net.pl\/index.php\/category\/artykuly\/#listItem","name":"Artyku\u0142y"}}]},{"@type":"Person","@id":"https:\/\/wia.net.pl\/#person","name":"Bart\u0142omiej Talarczyk","image":{"@type":"ImageObject","@id":"https:\/\/wia.net.pl\/index.php\/2023\/07\/13\/chiny-i-onz-wezwanie-do-wysiedlenia-ludzi\/#personImage","url":"https:\/\/wia.net.pl\/wp-content\/uploads\/avatar-privacy\/cache\/user\/1\/7\/176a6b161c58363ff49b5c167264231f519f5c7fa183ca1f61e891769b6b56d5-96.jpg","width":96,"height":96,"caption":"Bart\u0142omiej Talarczyk"}},{"@type":"Person","@id":"https:\/\/wia.net.pl\/index.php\/author\/trinity\/#author","url":"https:\/\/wia.net.pl\/index.php\/author\/trinity\/","name":"trinity","image":{"@type":"ImageObject","@id":"https:\/\/wia.net.pl\/index.php\/2023\/07\/13\/chiny-i-onz-wezwanie-do-wysiedlenia-ludzi\/#authorImage","url":"https:\/\/wia.net.pl\/wp-content\/uploads\/avatar-privacy\/cache\/user\/5\/f\/5f6547cf82495eaa10e100a6a45d5dbde2dfdc1be88557de2018fca705bdf6f1-96.jpg","width":96,"height":96,"caption":"trinity"}},{"@type":"WebPage","@id":"https:\/\/wia.net.pl\/index.php\/2023\/07\/13\/chiny-i-onz-wezwanie-do-wysiedlenia-ludzi\/#webpage","url":"https:\/\/wia.net.pl\/index.php\/2023\/07\/13\/chiny-i-onz-wezwanie-do-wysiedlenia-ludzi\/","name":"Chiny i ONZ \u2013 Wezwanie do wysiedlenia ludzi - Wolno\u015b\u0107 i Anarchia","description":"Chiny wzywaj\u0105 ONZ do wysiedlenia ludzi i finansowania \u015bwiata przyrody w imi\u0119 \u201er\u00f3\u017cnorodno\u015bci biologicznej\u201d Autor, RHODA WILSON NA 11 LIPCA 2023 R The Expos\u00e9 Chi\u0144ski minister ekologii i \u015brodowiska, przemawiaj\u0105c w ONZ, wezwa\u0142 do wsp\u00f3lnego wysi\u0142ku na rzecz wdro\u017cenia globalnych ram r\u00f3\u017cnorodno\u015bci biologicznej. Ramy, kt\u00f3re spowoduj\u0105 wysiedlenie oko\u0142o 300 milion\u00f3w rdzennych mieszka\u0144c\u00f3w i sfinansuj\u0105 \u015bwiat przyrody. To potworny i","inLanguage":"pl-PL","isPartOf":{"@id":"https:\/\/wia.net.pl\/#website"},"breadcrumb":{"@id":"https:\/\/wia.net.pl\/index.php\/2023\/07\/13\/chiny-i-onz-wezwanie-do-wysiedlenia-ludzi\/#breadcrumblist"},"author":{"@id":"https:\/\/wia.net.pl\/index.php\/author\/trinity\/#author"},"creator":{"@id":"https:\/\/wia.net.pl\/index.php\/author\/trinity\/#author"},"image":{"@type":"ImageObject","url":"https:\/\/wia.net.pl\/wp-content\/uploads\/2023\/07\/finansjalizacji-swiata-przyrody-w-imie-\u201eroznorodnosci-biologicznej.jpg","@id":"https:\/\/wia.net.pl\/index.php\/2023\/07\/13\/chiny-i-onz-wezwanie-do-wysiedlenia-ludzi\/#mainImage","width":1920,"height":1080},"primaryImageOfPage":{"@id":"https:\/\/wia.net.pl\/index.php\/2023\/07\/13\/chiny-i-onz-wezwanie-do-wysiedlenia-ludzi\/#mainImage"},"datePublished":"2023-07-13T11:13:27+02:00","dateModified":"2023-07-13T11:13:27+02:00"},{"@type":"WebSite","@id":"https:\/\/wia.net.pl\/#website","url":"https:\/\/wia.net.pl\/","name":"Wolno\u015b\u0107 i Anarchia","description":"Ka\u017cdy wewn\u0119trznie jest anarchist\u0105.","inLanguage":"pl-PL","publisher":{"@id":"https:\/\/wia.net.pl\/#person"}}]},"og:locale":"pl_PL","og:site_name":"Wolno\u015b\u0107 i Anarchia - Ka\u017cdy wewn\u0119trznie jest anarchist\u0105.","og:type":"article","og:title":"Chiny i ONZ \u2013 Wezwanie do wysiedlenia ludzi - Wolno\u015b\u0107 i Anarchia","og:description":"Chiny wzywaj\u0105 ONZ do wysiedlenia ludzi i finansowania \u015bwiata przyrody w imi\u0119 \u201er\u00f3\u017cnorodno\u015bci biologicznej\u201d Autor, RHODA WILSON NA 11 LIPCA 2023 R The Expos\u00e9 Chi\u0144ski minister ekologii i \u015brodowiska, przemawiaj\u0105c w ONZ, wezwa\u0142 do wsp\u00f3lnego wysi\u0142ku na rzecz wdro\u017cenia globalnych ram r\u00f3\u017cnorodno\u015bci biologicznej. Ramy, kt\u00f3re spowoduj\u0105 wysiedlenie oko\u0142o 300 milion\u00f3w rdzennych mieszka\u0144c\u00f3w i sfinansuj\u0105 \u015bwiat przyrody. To potworny i","og:url":"https:\/\/wia.net.pl\/index.php\/2023\/07\/13\/chiny-i-onz-wezwanie-do-wysiedlenia-ludzi\/","og:image":"https:\/\/wia.net.pl\/wp-content\/uploads\/2023\/11\/cropped-freedom-i73367.jpg","og:image:secure_url":"https:\/\/wia.net.pl\/wp-content\/uploads\/2023\/11\/cropped-freedom-i73367.jpg","article:published_time":"2023-07-13T09:13:27+00:00","article:modified_time":"2023-07-13T09:13:27+00:00","twitter:card":"summary_large_image","twitter:title":"Chiny i ONZ \u2013 Wezwanie do wysiedlenia ludzi - Wolno\u015b\u0107 i Anarchia","twitter:description":"Chiny wzywaj\u0105 ONZ do wysiedlenia ludzi i finansowania \u015bwiata przyrody w imi\u0119 \u201er\u00f3\u017cnorodno\u015bci biologicznej\u201d Autor, RHODA WILSON NA 11 LIPCA 2023 R The Expos\u00e9 Chi\u0144ski minister ekologii i \u015brodowiska, przemawiaj\u0105c w ONZ, wezwa\u0142 do wsp\u00f3lnego wysi\u0142ku na rzecz wdro\u017cenia globalnych ram r\u00f3\u017cnorodno\u015bci biologicznej. Ramy, kt\u00f3re spowoduj\u0105 wysiedlenie oko\u0142o 300 milion\u00f3w rdzennych mieszka\u0144c\u00f3w i sfinansuj\u0105 \u015bwiat przyrody. To potworny i","twitter:image":"https:\/\/wia.net.pl\/wp-content\/uploads\/2023\/11\/cropped-freedom-i73367.jpg"},"aioseo_meta_data":{"post_id":"3245","title":null,"description":null,"keywords":[],"keyphrases":{"focus":{"keyphrase":"","score":0,"analysis":{"keyphraseInTitle":{"score":0,"maxScore":9,"error":1}}},"additional":[]},"primary_term":null,"canonical_url":null,"og_title":null,"og_description":null,"og_object_type":"default","og_image_type":"default","og_image_url":null,"og_image_width":null,"og_image_height":null,"og_image_custom_url":null,"og_image_custom_fields":null,"og_video":"","og_custom_url":null,"og_article_section":null,"og_article_tags":[],"twitter_use_og":false,"twitter_card":"default","twitter_image_type":"default","twitter_image_url":null,"twitter_image_custom_url":null,"twitter_image_custom_fields":null,"twitter_title":null,"twitter_description":null,"schema":{"blockGraphs":[],"customGraphs":[],"default":{"data":{"Article":[],"Course":[],"Dataset":[],"FAQPage":[],"Movie":[],"Person":[],"Product":[],"ProductReview":[],"Car":[],"Recipe":[],"Service":[],"SoftwareApplication":[],"WebPage":[]},"graphName":"BlogPosting","isEnabled":true},"graphs":[]},"schema_type":"default","schema_type_options":null,"pillar_content":false,"robots_default":true,"robots_noindex":false,"robots_noarchive":false,"robots_nosnippet":false,"robots_nofollow":false,"robots_noimageindex":false,"robots_noodp":false,"robots_notranslate":false,"robots_max_snippet":"-1","robots_max_videopreview":"-1","robots_max_imagepreview":"large","priority":null,"frequency":"default","local_seo":null,"breadcrumb_settings":null,"limit_modified_date":false,"ai":null,"created":"2023-07-13 09:07:47","updated":"2025-06-04 08:42:38","seo_analyzer_scan_date":null,"focus_keyword":null,"additional_keywords":null,"truseo_locale":null},"aioseo_breadcrumb":"<div class=\"aioseo-breadcrumbs\"><span class=\"aioseo-breadcrumb\">\n\t\t\t<a href=\"https:\/\/wia.net.pl\" title=\"Home\">Home<\/a>\n\t\t<\/span><span class=\"aioseo-breadcrumb-separator\">&raquo;<\/span><span class=\"aioseo-breadcrumb\">\n\t\t\t<a href=\"https:\/\/wia.net.pl\/index.php\/category\/artykuly\/\" title=\"Artyku\u0142y\">Artyku\u0142y<\/a>\n\t\t<\/span><span class=\"aioseo-breadcrumb-separator\">&raquo;<\/span><span class=\"aioseo-breadcrumb\">\n\t\t\tChiny i ONZ \u2013 Wezwanie do wysiedlenia ludzi\n\t\t<\/span><\/div>","aioseo_breadcrumb_json":[{"label":"Home","link":"https:\/\/wia.net.pl"},{"label":"Artyku\u0142y","link":"https:\/\/wia.net.pl\/index.php\/category\/artykuly\/"},{"label":"Chiny i ONZ &#8211; Wezwanie do wysiedlenia ludzi","link":"https:\/\/wia.net.pl\/index.php\/2023\/07\/13\/chiny-i-onz-wezwanie-do-wysiedlenia-ludzi\/"}],"_links":{"self":[{"href":"https:\/\/wia.net.pl\/index.php\/wp-json\/wp\/v2\/posts\/3245"}],"collection":[{"href":"https:\/\/wia.net.pl\/index.php\/wp-json\/wp\/v2\/posts"}],"about":[{"href":"https:\/\/wia.net.pl\/index.php\/wp-json\/wp\/v2\/types\/post"}],"author":[{"embeddable":true,"href":"https:\/\/wia.net.pl\/index.php\/wp-json\/wp\/v2\/users\/2"}],"replies":[{"embeddable":true,"href":"https:\/\/wia.net.pl\/index.php\/wp-json\/wp\/v2\/comments?post=3245"}],"version-history":[{"count":2,"href":"https:\/\/wia.net.pl\/index.php\/wp-json\/wp\/v2\/posts\/3245\/revisions"}],"predecessor-version":[{"id":3248,"href":"https:\/\/wia.net.pl\/index.php\/wp-json\/wp\/v2\/posts\/3245\/revisions\/3248"}],"wp:featuredmedia":[{"embeddable":true,"href":"https:\/\/wia.net.pl\/index.php\/wp-json\/wp\/v2\/media\/3249"}],"wp:attachment":[{"href":"https:\/\/wia.net.pl\/index.php\/wp-json\/wp\/v2\/media?parent=3245"}],"wp:term":[{"taxonomy":"category","embeddable":true,"href":"https:\/\/wia.net.pl\/index.php\/wp-json\/wp\/v2\/categories?post=3245"},{"taxonomy":"post_tag","embeddable":true,"href":"https:\/\/wia.net.pl\/index.php\/wp-json\/wp\/v2\/tags?post=3245"}],"curies":[{"name":"wp","href":"https:\/\/api.w.org\/{rel}","templated":true}]}}