{"id":3269,"date":"2023-07-15T19:11:45","date_gmt":"2023-07-15T17:11:45","guid":{"rendered":"https:\/\/wia.net.pl\/?p=3269"},"modified":"2023-07-15T19:11:45","modified_gmt":"2023-07-15T17:11:45","slug":"mroczne-poczatki-wielkiego-resetu-w-davos","status":"publish","type":"post","link":"https:\/\/wia.net.pl\/index.php\/2023\/07\/15\/mroczne-poczatki-wielkiego-resetu-w-davos\/","title":{"rendered":"Mroczne pocz\u0105tki Wielkiego Resetu w Davos"},"content":{"rendered":"\n<p>Autor, \u00a0<a href=\"https:\/\/www.globalresearch.ca\/author\/f-william-engdahl\">F. William Engdahl<\/a><\/p>\n\n\n\n<p>Global Research, Czerwiec 15, 2023<\/p>\n\n\n\n<p><\/p>\n\n\n\n<figure class=\"wp-block-image size-full is-resized\"><img loading=\"lazy\" decoding=\"async\" src=\"https:\/\/wia.net.pl\/wp-content\/uploads\/2023\/07\/DavosMW-600x338-1.webp\" alt=\"\" class=\"wp-image-3270\" width=\"840\" height=\"473\" srcset=\"https:\/\/wia.net.pl\/wp-content\/uploads\/2023\/07\/DavosMW-600x338-1.webp 600w, https:\/\/wia.net.pl\/wp-content\/uploads\/2023\/07\/DavosMW-600x338-1-300x169.webp 300w, https:\/\/wia.net.pl\/wp-content\/uploads\/2023\/07\/DavosMW-600x338-1-480x270.webp 480w\" sizes=\"(max-width: 840px) 100vw, 840px\" \/><\/figure>\n\n\n\n<p><\/p>\n\n\n\n<p><em><strong>Wa\u017cne jest, aby zrozumie\u0107, \u017ce w tak zwanym programie Wielkiego Resetu Klausa Schwaba<\/strong>\u00a0dla \u015bwiata\u00a0nie ma ani jednego nowego lub oryginalnego pomys\u0142u .\u00a0Ani jego program Czwartej Rewolucji Przemys\u0142owej, ani jego twierdzenie, \u017ce wynalaz\u0142 poj\u0119cie kapitalizmu interesariuszy, nie jest produktem Schwaba.<\/em><\/p>\n\n\n\n<p><em>Klaus Schwab jest niewiele wi\u0119cej ni\u017c&nbsp;<strong>sprytnym agentem PR globalnej technokratycznej agendy,<\/strong>&nbsp;korporacyjnej jedno\u015bci w\u0142adzy korporacyjnej z rz\u0105dem, w tym ONZ, agendy, kt\u00f3rej pocz\u0105tki si\u0119gaj\u0105 pocz\u0105tku lat 70., a nawet wcze\u015bniej.&nbsp;Wielki reset w Davos to jedynie zaktualizowany plan globalnej dystopijnej dyktatury pod kontrol\u0105 ONZ, kt\u00f3ra rozwija\u0142a si\u0119 przez dziesi\u0119ciolecia.&nbsp;Kluczowymi aktorami byli David Rockefeller i jego protegowany Maurice Strong.<\/em><\/p>\n\n\n\n<p>Na pocz\u0105tku lat 70. prawdopodobnie nie by\u0142o osoby bardziej wp\u0142ywowej w \u015bwiatowej polityce ni\u017c nie\u017cyj\u0105cy ju\u017c&nbsp;<strong>David Rockefeller,<\/strong>&nbsp;w\u00f3wczas powszechnie znany jako prezes Chase Manhattan Bank.<\/p>\n\n\n\n<h2 class=\"wp-block-heading\"><strong>Tworzenie nowego paradygmatu<\/strong><\/h2>\n\n\n\n<p>Pod koniec lat 60. i na pocz\u0105tku lat 70. mi\u0119dzynarodowe kr\u0119gi bezpo\u015brednio zwi\u0105zane z Davidem Rockefellerem stworzy\u0142y ol\u015bniewaj\u0105cy wachlarz elitarnych organizacji i think tank\u00f3w.&nbsp;Obejmowa\u0142y one Klub Rzymski;&nbsp;1001: A Nature Trust, powi\u0105zany z World Wildlife Fund (WWF);&nbsp;Sztokholmska konferencja Organizacji Narod\u00f3w Zjednoczonych z okazji Dnia Ziemi;&nbsp;badanie autorstwa MIT, Limits to Growth;&nbsp;oraz Komisja Tr\u00f3jstronna Davida Rockefellera.<\/p>\n\n\n\n<h2 class=\"wp-block-heading\"><strong>Klub Rzymski<\/strong><\/h2>\n\n\n\n<p>W 1968 roku David Rockefeller wraz z Aurelio Peccei i Alexandrem Kingiem za\u0142o\u017cy\u0142 neomaltuzja\u0144ski think tank The Club of Rome.&nbsp;Aurelio Peccei by\u0142 starszym mened\u017cerem firmy samochodowej Fiat, kt\u00f3rej w\u0142a\u015bcicielem by\u0142a pot\u0119\u017cna w\u0142oska rodzina Agnelli.&nbsp;Gianni Agnelli z Fiata by\u0142 bliskim przyjacielem Davida Rockefellera i cz\u0142onkiem Mi\u0119dzynarodowego Komitetu Doradczego Rockefellerowskiego Chase Manhattan Bank.&nbsp;Agnelli i David Rockefeller byli bliskimi przyjaci\u00f3\u0142mi od 1957 roku. Agnelli zosta\u0142 cz\u0142onkiem-za\u0142o\u017cycielem Komisji Tr\u00f3jstronnej Davida Rockefellera w 1973 roku. Alexander King, szef Programu Naukowego OECD, by\u0142 tak\u017ce konsultantem NATO.&nbsp;<sup>&nbsp;<\/sup>&nbsp;To by\u0142 pocz\u0105tek tego, co sta\u0142o si\u0119 neomaltuzja\u0144skim ruchem \u201ezanieczyszczania ludzi\u201d.<\/p>\n\n\n\n<p>W 1971 roku Klub Rzymski opublikowa\u0142 g\u0142\u0119boko wadliwy raport \u201e&nbsp;<strong>Granice wzrostu\u201d,<\/strong>&nbsp;kt\u00f3ry przewidywa\u0142 koniec znanej nam cywilizacji z powodu szybkiego wzrostu liczby ludno\u015bci w po\u0142\u0105czeniu ze sta\u0142ymi zasobami, takimi jak ropa naftowa.&nbsp;W raporcie stwierdzono, \u017ce bez znacz\u0105cych zmian w zu\u017cyciu zasob\u00f3w&nbsp;<strong>\u201enajbardziej prawdopodobnym skutkiem b\u0119dzie raczej nag\u0142y i niekontrolowany spadek zar\u00f3wno liczby ludno\u015bci, jak i zdolno\u015bci przemys\u0142owych\u201d.<\/strong><\/p>\n\n\n\n<p>Zosta\u0142 on oparty na fa\u0142szywych symulacjach komputerowych wykonanych przez grup\u0119 informatyk\u00f3w z MIT.&nbsp;Stwierdzono w nim \u015bmia\u0142\u0105 prognoz\u0119: \u201eJe\u015bli obecne tendencje wzrostu \u015bwiatowej populacji, uprzemys\u0142owienia, zanieczyszczenia, produkcji \u017cywno\u015bci i wyczerpywania si\u0119 zasob\u00f3w nie zmieni\u0105 si\u0119, granice wzrostu na tej planecie zostan\u0105 osi\u0105gni\u0119te w ci\u0105gu najbli\u017cszych stu lat\u201d.&nbsp;To by\u0142 rok 1971. W 1973 roku Klaus Schwab na swoim trzecim corocznym spotkaniu lider\u00f3w biznesu w Davos zaprosi\u0142 Peccei do Davos, aby przedstawi\u0142&nbsp;zebranym prezesom korporacji&nbsp;<strong>Granice wzrostu .&nbsp;<\/strong>[ii]<\/p>\n\n\n\n<p>W 1974 roku Klub Rzymski odwa\u017cnie o\u015bwiadczy\u0142: \u201eZiemia ma raka, a rakiem jest cz\u0142owiek\u201d.&nbsp;Nast\u0119pnie: \u201e\u015bwiat stoi w obliczu bezprecedensowego zestawu powi\u0105zanych ze sob\u0105 globalnych problem\u00f3w, takich jak przeludnienie, niedobory \u017cywno\u015bci, wyczerpywanie si\u0119 zasob\u00f3w nieodnawialnych [my ropy naftowej], degradacja \u015brodowiska i z\u0142e zarz\u0105dzanie\u201d.&nbsp;<sup>[iii]<\/sup>&nbsp;Argumentowali, \u017ce<\/p>\n\n\n\n<p>potrzebna jest \u201ehoryzontalna\u201d restrukturyzacja systemu \u015bwiatowego\u2026 drastyczne zmiany w warstwie norm \u2013 czyli w systemie warto\u015bci i celach cz\u0142owieka \u2013 s\u0105 konieczne, aby rozwi\u0105za\u0107 kryzysy energetyczne, \u017cywno\u015bciowe i inne, tj. zmiany spo\u0142eczne i je\u015bli przej\u015bcie do wzrostu organicznego ma nast\u0105pi\u0107, potrzebne s\u0105 zmiany w indywidualnych postawach.&nbsp;<sup>[iv]<\/sup><\/p>\n\n\n\n<p>W swoim raporcie z 1974 r.,&nbsp;<em>Mankind at the Turning Point<\/em>&nbsp;, Klub Rzymski argumentowa\u0142 dalej:<\/p>\n\n\n\n<p>Rosn\u0105ca wsp\u00f3\u0142zale\u017cno\u015b\u0107 mi\u0119dzy narodami i regionami musi wi\u0119c przek\u0142ada\u0107 si\u0119 na spadek niezale\u017cno\u015bci.&nbsp;Narody nie mog\u0105 by\u0107 wsp\u00f3\u0142zale\u017cne, je\u015bli ka\u017cdy z nich nie zrezygnuje z cz\u0119\u015bci swojej niezale\u017cno\u015bci lub przynajmniej nie uzna jej ogranicze\u0144.&nbsp;Nadszed\u0142 czas, aby sporz\u0105dzi\u0107 og\u00f3lny plan zr\u00f3wnowa\u017conego wzrostu organicznego i rozwoju \u015bwiata w oparciu o globaln\u0105 alokacj\u0119 wszystkich ograniczonych zasob\u00f3w i nowy globalny system gospodarczy.&nbsp;<sup>[v]<\/sup><\/p>\n\n\n\n<p>To by\u0142o wczesne sformu\u0142owanie Agendy&nbsp;<strong>ONZ 21, Agendy 2030 i Wielkiego Resetu Davos 2020.<\/strong><\/p>\n\n\n\n<h2 class=\"wp-block-heading\"><strong>David Rockefeller i Maurice Strong<\/strong> <\/h2>\n\n\n\n<p>Zdecydowanie najbardziej wp\u0142ywowym organizatorem programu \u201ezerowego wzrostu\u201d Rockefellera na pocz\u0105tku lat 70. by\u0142 d\u0142ugoletni przyjaciel Davida Rockefellera, miliarder naftowy Maurice Strong.<\/p>\n\n\n\n<p>Kanadyjczyk Maurice Strong by\u0142 jednym z g\u0142\u00f3wnych wczesnych propagator\u00f3w b\u0142\u0119dnej naukowo teorii, \u017ce&nbsp;<strong>antropogeniczne emisje CO2 z pojazd\u00f3w transportowych, elektrowni w\u0119glowych i rolnictwa spowodowa\u0142y dramatyczny i przyspieszaj\u0105cy globalny wzrost temperatury, kt\u00f3ry zagra\u017ca \u201eplanecie\u201d, tak zwane globalne ocieplenie.<\/strong><\/p>\n\n\n\n<p>Jako przewodnicz\u0105cy sztokholmskiej konferencji ONZ z okazji Dnia Ziemi w 1972 r., Strong promowa\u0142 program redukcji populacji i obni\u017cania standard\u00f3w \u017cycia na ca\u0142ym \u015bwiecie w celu \u201eratowania \u015brodowiska\u201d.<\/p>\n\n\n\n<p>Strong przedstawi\u0142 sw\u00f3j program radykalnych ekolog\u00f3w:<\/p>\n\n\n\n<p>\u201eCzy jedyn\u0105 nadziej\u0105 dla planety nie jest upadek uprzemys\u0142owionych cywilizacji?&nbsp;Czy doprowadzenie do tego nie jest naszym obowi\u0105zkiem?\u201d&nbsp;[vi]<\/p>\n\n\n\n<p>To w\u0142a\u015bnie dzieje si\u0119 teraz pod przykrywk\u0105 rozreklamowanej globalnej pandemii.<\/p>\n\n\n\n<p>Strong by\u0142 ciekawym wyborem, aby stan\u0105\u0107 na czele wa\u017cnej inicjatywy ONZ maj\u0105cej na celu zmobilizowanie dzia\u0142a\u0144 na rzecz \u015brodowiska, poniewa\u017c jego kariera i znaczny maj\u0105tek zosta\u0142y zbudowane na eksploatacji ropy naftowej, podobnie jak niezwyk\u0142a liczba nowych zwolennik\u00f3w \u201eekologicznej czysto\u015bci\u201d, takich jak David Rockefellera, Roberta O. Andersona z Aspen Institute czy Johna Loudona z Shella.<\/p>\n\n\n\n<p>Strong pozna\u0142 Davida Rockefellera w 1947 roku jako m\u0142ody Kanadyjczyk w wieku osiemnastu lat i od tego momentu jego kariera zwi\u0105za\u0142a si\u0119 z sieci\u0105 rodziny Rockefeller\u00f3w. Dzi\u0119ki nowej przyja\u017ani z Davidem Rockefellerem, Strong w wieku 18 lat otrzyma\u0142 klucz Stanowisko ONZ pod przewodnictwem skarbnika ONZ, Noah Monoda.&nbsp;Fundusze ONZ by\u0142y do\u015b\u0107 wygodnie obs\u0142ugiwane przez Chase Bank Rockefellera.&nbsp;By\u0142o to typowe dla modelu \u201epartnerstwa publiczno-prywatnego\u201d zastosowanego przez Stronga \u2013 prywatnego zysku od rz\u0105du publicznego.&nbsp;[viii]<\/p>\n\n\n\n<p>W latach sze\u015b\u0107dziesi\u0105tych Strong zosta\u0142 prezesem ogromnego konglomeratu energetycznego i koncernu naftowego z Montrealu, znanego jako Power Corporation, nale\u017c\u0105cego w\u00f3wczas do wp\u0142ywowego&nbsp;<strong>Paula Desmarais.&nbsp;<\/strong>Wed\u0142ug kanadyjskiej badaczki \u015bledczej, Elaine Dewar, Power Corporation by\u0142a podobno r\u00f3wnie\u017c wykorzystywana jako polityczny fundusz oszcz\u0119dno\u015bciowy do finansowania kampanii wybranych kanadyjskich polityk\u00f3w, takich jak Pierre Trudeau, ojciec protegowanego Davosa, Justina Trudeau.&nbsp;[ix]<\/p>\n\n\n\n<h2 class=\"wp-block-heading\"><strong>Szczyt Ziemi I i Szczyt Ziemi w Rio<\/strong><\/h2>\n\n\n\n<p>W 1971 roku Strong zosta\u0142 mianowany podsekretarzem ONZ w Nowym Jorku i sekretarzem generalnym zbli\u017caj\u0105cej si\u0119 konferencji Dnia Ziemi, Konferencji Narod\u00f3w Zjednoczonych w sprawie \u015arodowiska Cz\u0142owieka (I Szczyt Ziemi) w Sztokholmie w Szwecji.&nbsp;W tym samym roku zosta\u0142 r\u00f3wnie\u017c mianowany powiernikiem Fundacji Rockefellera \u2013 kt\u00f3ra sfinansowa\u0142a jego rozpocz\u0119cie projektu Sztokholmskiego Dnia Ziemi.[x] W Sztokholmie utworzono Program Narod\u00f3w Zjednoczonych ds. Ochrony \u015arodowiska (UNEP), kt\u00f3rego szefem jest Strong.<\/p>\n\n\n\n<p>W 1989 r. Sekretarz Generalny ONZ mianowa\u0142 Stronga szefem Konferencji ONZ ds. \u015arodowiska i Rozwoju w 1992 r., czyli UNCED (&nbsp;<strong>\u201eRio Earth Summit II\u201d<\/strong>&nbsp;).&nbsp;Nadzorowa\u0142 tam opracowanie cel\u00f3w ONZ \u201eZr\u00f3wnowa\u017conego \u015arodowiska\u201d, Agendy 21 na rzecz Zr\u00f3wnowa\u017conego Rozwoju, kt\u00f3ra stanowi podstaw\u0119 Wielkiego Resetu Klausa Schwaba, a tak\u017ce utworzenie Mi\u0119dzyrz\u0105dowego Zespo\u0142u ds. Zmian Klimatu (IPCC) ONZ.&nbsp;Strong, kt\u00f3ry by\u0142 tak\u017ce cz\u0142onkiem zarz\u0105du Davos WEF, zorganizowa\u0142 dla Schwaba rol\u0119 kluczowego doradcy podczas Szczytu Ziemi w Rio.<\/p>\n\n\n\n<p>Jako Sekretarz Generalny Konferencji ONZ w Rio, Strong zam\u00f3wi\u0142 r\u00f3wnie\u017c raport Klubu Rzymskiego, The First Global Revolution, autorstwa Alexandra Kinga, w kt\u00f3rym przyznano, \u017ce twierdzenie o globalnym ociepleniu CO2 by\u0142o jedynie wymy\u015blonym podst\u0119pem maj\u0105cym na celu wymuszenie zmiany:<\/p>\n\n\n\n<p>\u201eWsp\u00f3lnym wrogiem ludzko\u015bci jest cz\u0142owiek.&nbsp;W poszukiwaniu nowego wroga, kt\u00f3ry by nas zjednoczy\u0142, wpadli\u015bmy na pomys\u0142, \u017ce zanieczyszczenie, gro\u017aba globalnego ocieplenia, niedobory wody, g\u0142\u00f3d i tym podobne b\u0119d\u0105 pasowa\u0107 do rachunku.&nbsp;Wszystkie te niebezpiecze\u0144stwa s\u0105 spowodowane interwencj\u0105 cz\u0142owieka i tylko poprzez zmian\u0119 postaw i zachowa\u0144 mo\u017cna je przezwyci\u0119\u017cy\u0107.&nbsp;Prawdziwym wrogiem jest zatem sama ludzko\u015b\u0107\u201d.&nbsp;[xi]<\/p>\n\n\n\n<p>Delegat prezydenta Clintona do Rio, Tim Wirth, przyzna\u0142 to samo, stwierdzaj\u0105c:<\/p>\n\n\n\n<p>\u201eMusimy zaj\u0105\u0107 si\u0119 problemem globalnego ocieplenia.&nbsp;Nawet je\u015bli teoria globalnego ocieplenia jest b\u0142\u0119dna, b\u0119dziemy post\u0119powa\u0107 w\u0142a\u015bciwie w zakresie polityki gospodarczej i \u015brodowiskowej\u201d.&nbsp;[xii]<\/p>\n\n\n\n<p>W Rio Strong po raz pierwszy przedstawi\u0142 manipulacyjn\u0105 ide\u0119 \u201ezr\u00f3wnowa\u017conego spo\u0142ecze\u0144stwa\u201d zdefiniowan\u0105 w odniesieniu do tego arbitralnego celu wyeliminowania CO2 i innych tak zwanych gaz\u00f3w cieplarnianych.&nbsp;Agenda 21 sta\u0142a si\u0119 Agend\u0105 2030 we wrze\u015bniu 2015 r. w Rzymie, z b\u0142ogos\u0142awie\u0144stwem Papie\u017ca, z 17 \u201ezr\u00f3wnowa\u017conymi\u201d celami.&nbsp;Zadeklarowa\u0142 m.in.<\/p>\n\n\n\n<p>\u201eZiemia, ze wzgl\u0119du na sw\u00f3j wyj\u0105tkowy charakter i kluczow\u0105 rol\u0119, jak\u0105 odgrywa w osiedlach ludzkich, nie mo\u017ce by\u0107 traktowana jako zwyk\u0142y maj\u0105tek kontrolowany przez jednostki i podlegaj\u0105cy presji i nieefektywno\u015bci rynku.&nbsp;Prywatna w\u0142asno\u015b\u0107 ziemi jest r\u00f3wnie\u017c g\u0142\u00f3wnym instrumentem akumulacji i koncentracji bogactwa, a zatem przyczynia si\u0119 do niesprawiedliwo\u015bci spo\u0142ecznej\u2026 w interesie ca\u0142ego spo\u0142ecze\u0144stwa\u201d.<\/p>\n\n\n\n<p>Kr\u00f3tko m\u00f3wi\u0105c, prywatna w\u0142asno\u015b\u0107 ziemi musi zosta\u0107 uspo\u0142eczniona dla \u201eca\u0142ego spo\u0142ecze\u0144stwa\u201d, idea dobrze znana w czasach Zwi\u0105zku Radzieckiego i kluczowa cz\u0119\u015b\u0107 Wielkiego Resetu w Davos.<\/p>\n\n\n\n<p>W Rio w 1992 roku, gdzie by\u0142 przewodnicz\u0105cym i sekretarzem generalnym, Strong o\u015bwiadczy\u0142:<\/p>\n\n\n\n<p>\u201eOczywiste jest, \u017ce obecny styl \u017cycia i wzorce konsumpcyjne zamo\u017cnej klasy \u015bredniej \u2013 obejmuj\u0105ce&nbsp;<strong>du\u017ce spo\u017cycie mi\u0119sa<\/strong>&nbsp;, spo\u017cywanie du\u017cych ilo\u015bci mro\u017conek i gotowej \u017cywno\u015bci, korzystanie z&nbsp;<strong>paliw kopalnych<\/strong>&nbsp;, urz\u0105dze\u0144,&nbsp;<strong>klimatyzacji<\/strong>&nbsp;w domu i miejscu pracy oraz&nbsp;<strong>mieszkalnictwo na przedmie\u015bciach<\/strong>&nbsp;\u2013 s\u0105&nbsp;<strong>nie do utrzymania\u201d.&nbsp;<\/strong>&nbsp;[xiii]&nbsp;<strong>(podkre\u015blenie dodane)<\/strong><\/p>\n\n\n\n<p>W tym czasie Strong znajdowa\u0142 si\u0119 w samym centrum transformacji ONZ w narz\u0119dzie narzucania nowego globalnego \u201eparadygmatu\u201d technokratycznego ukradkiem, wykorzystuj\u0105c straszne ostrze\u017cenia o wygini\u0119ciu planety i globalnym ociepleniu, \u0142\u0105cz\u0105c agencje rz\u0105dowe z w\u0142adz\u0105 korporacyjn\u0105 w niewybranej kontroli prawie wszystkiego, pod przykrywk\u0105 \u201ezr\u00f3wnowa\u017conego rozwoju\u201d.&nbsp;W 1997 roku Strong nadzorowa\u0142 tworzenie planu dzia\u0142ania po Szczycie Ziemi, Globalnej Oceny R\u00f3\u017cnorodno\u015bci, planu wprowadzenia czwartej rewolucji przemys\u0142owej, inwentaryzacji ka\u017cdego zasobu na planecie, sposobu, w jaki b\u0119d\u0105 one kontrolowane i jak ta rewolucja zostanie osi\u0105gni\u0119ty.[xiv]<\/p>\n\n\n\n<p>W tym czasie Strong by\u0142 wsp\u00f3\u0142przewodnicz\u0105cym \u015awiatowego Forum Ekonomicznego Klausa Schwaba w Davos.&nbsp;W 2015 roku, po \u015bmierci Stronga, za\u0142o\u017cyciel Davos, Klaus Schwab, napisa\u0142:<\/p>\n\n\n\n<p>\u201eBy\u0142 moim mentorem od powstania Forum: wspania\u0142y przyjaciel;&nbsp;niezast\u0105piony doradca;&nbsp;i od wielu lat cz\u0142onek Zarz\u0105du naszej Fundacji.\u201d&nbsp;[xv]<\/p>\n\n\n\n<p>Zanim opu\u015bci\u0142 ONZ z powodu skandalu korupcyjnego w Iraku, Strong by\u0142 cz\u0142onkiem Klubu Rzymskiego, powiernikiem Instytutu Aspen, powiernikiem Fundacji Rockefellera i Fundacji Rothschilda.&nbsp;Strong by\u0142 tak\u017ce dyrektorem Temple of Understanding of the Lucifer Trust (alias Lucis Trust) mieszcz\u0105cej si\u0119 w katedrze \u015bw. Jana Bo\u017cego w Nowym Jorku,<\/p>\n\n\n\n<p>\u201egdzie poga\u0144skie rytua\u0142y obejmuj\u0105 eskortowanie owiec i byd\u0142a do o\u0142tarza w celu b\u0142ogos\u0142awienia.&nbsp;Tutaj wiceprezydent Al Gore wyg\u0142osi\u0142 kazanie, gdy wierni maszerowali do o\u0142tarza z misami kompostu i robakami\u2026\u201d [xvi]<\/p>\n\n\n\n<p>To jest mroczne pochodzenie programu Wielkiego Resetu Schwaba, w kt\u00f3rym powinni\u015bmy je\u015b\u0107 robaki i nie mie\u0107 w\u0142asno\u015bci prywatnej, aby \u201euratowa\u0107 planet\u0119\u201d.&nbsp;Program jest mroczny, dystopijny i ma na celu wyeliminowanie miliard\u00f3w \u201ezwyk\u0142ych ludzi\u201d.<\/p>\n\n\n\n<p>*<\/p>\n\n\n\n<p>Uwaga dla czytelnik\u00f3w: kliknij przyciski udost\u0119pniania powy\u017cej.&nbsp;\u015aled\u017a nas na Instagramie i Twitterze oraz subskrybuj nasz kana\u0142 Telegram.&nbsp;Zach\u0119camy do ponownego publikowania i szerokiego udost\u0119pniania artyku\u0142\u00f3w Global Research.<\/p>\n\n\n\n<p><em><strong>F. William Engdahl<\/strong>&nbsp;jest konsultantem ds. ryzyka strategicznego i wyk\u0142adowc\u0105, uko\u0144czy\u0142 politologi\u0119 na Uniwersytecie Princeton i jest autorem bestseller\u00f3w na temat ropy naftowej i geopolityki.&nbsp;<\/em><em>Jest pracownikiem naukowym Centrum Bada\u0144 nad Globalizacj\u0105 (CRG).<\/em><\/p>\n\n\n\n<p><strong>Notatki<\/strong><\/p>\n\n\n\n<p> Biografie 1001 cz\u0142onk\u00f3w Nature Trust,&nbsp;<em>Gianni Agnelli<\/em>&nbsp;, dost\u0119pne pod adresem&nbsp;<a href=\"http:\/\/www.bibliotecapleyades.net\/sociopolitica\/sociopol_1001club02.htm\">http:\/\/www.bibliotecapleyades.net\/sociopolitica\/sociopol_1001club02.htm<\/a><\/p>\n\n\n\n<p>[ii] Klaus Schwab, \u015awiatowe Forum Ekonomiczne: partner w kszta\u0142towaniu historii \u2013 pierwsze 40 lat: 1971 \u2013 2010, 2009, \u015awiatowe Forum Ekonomiczne, s.&nbsp;15,&nbsp;<a href=\"https:\/\/www3.weforum.org\/docs\/WEF_First40Years_Book_2010.pdf\">https:\/\/www3.weforum.org\/docs\/WEF_First40Years_Book_2010.pdf<\/a><\/p>\n\n\n\n<p>[iii] Cytowane z raportu Klubu Rzymskiego,&nbsp;<em>Mankind at the Turning Point<\/em>&nbsp;, 1974, cytowane w&nbsp;<a href=\"http:\/\/www.green-agenda.com\/turningpoint.html\">http:\/\/www.greenagenda.com\/turningpoint.html<\/a><\/p>\n\n\n\n<p>[iv] Tam\u017ce.<\/p>\n\n\n\n<p>[v] The Club of Rome,&nbsp;<em>Mankind at the Turning Point<\/em>&nbsp;, 1974, cytowane w: Brent Jessop,&nbsp;&nbsp;<em>Mankind at the Turning Point \u2013 Part 2 \u2013 Making A One World Consciousness<\/em>&nbsp;, dost\u0119p pod adresem&nbsp;<a href=\"http:\/\/www.wiseupjournal.com\/?p=154\">http:\/\/www.wiseupjournal.com\/?p =154<\/a><\/p>\n\n\n\n<p>[vi] Maurice Strong,&nbsp;<em>Opening Speech to UN Rio Earth Summit<\/em>&nbsp;, Rio de Janeiro, 1992, dost\u0119p pod adresem&nbsp;<a href=\"http:\/\/www.infowars.com\/maurice-strong-in-1972-isnt-it-our-responsibility-to-collapse-industrial-societies\/\">http:\/\/www.infowars.com\/maurice-strong-in-1972-isnt-it-our-responsibility-to- upadek-spo\u0142ecze\u0144stwa-przemys\u0142owe\/<\/a><\/p>\n\n\n\n<p>[vii] Elaine Dewar,&nbsp;<em>Zielony p\u0142aszcz: powi\u0105zania mi\u0119dzy kluczowymi grupami \u015brodowiskowymi, rz\u0105dem i du\u017cym biznesem<\/em>&nbsp;, Toronto, James Lorimer &amp; Co., 1995, s. 259-265.<\/p>\n\n\n\n<p>[viii] Brian Akira, NARODY ZJEDNOCZONE LUCYFERA,&nbsp;<a href=\"http:\/\/www.fourwinds10.com\/siterun_data\/religion_cults\/news.php?q=1249755048\">http:\/\/www.fourwinds10.com\/siterun_data\/religion_cults\/news.php?q=1249755048<\/a><\/p>\n\n\n\n<p>[ix] Elaine Dewar, op.cit.&nbsp;P.&nbsp;269-271.<\/p>\n\n\n\n<p>[x] Tam\u017ce, s.&nbsp;277.<\/p>\n\n\n\n<p>[xi] Czym jest Agenda 21\/2030 Kto za ni\u0105 stoi?&nbsp;Wprowadzenie,&nbsp;<a href=\"https:\/\/sandiadams.net\/what-is-agenda-21-introduction-history\/\">https:\/\/sandiadams.net\/what-is-agenda-21-introduction-history\/<\/a><\/p>\n\n\n\n<p>[xii] Larry Bell, Agenda 21: Szczyt Ziemi ONZ ma g\u0142ow\u0119 w chmurach, Forbes, 14 czerwca 2011 r.,&nbsp;<a href=\"https:\/\/www.forbes.com\/sites\/larrybell\/2011\/06\/14\/the-u-n-s-earth-summit-has-its-head-in-the-clouds\/?sh=5af856a687ca\">https:\/\/www.forbes.com\/sites\/larrybell\/2011\/06\/14\/the-uns -szczyt-ziemi-ma-g\u0142owe-w-chmurach\/?sh=5af856a687ca<\/a><\/p>\n\n\n\n<p>[xiii] John Izzard, Maurice Strong, Climate Crook, 2 grudnia 2015,&nbsp;<a href=\"https:\/\/quadrant.org.au\/opinion\/doomed-planet\/2015\/12\/discovering-maurice-strong\/\">https:\/\/quadrant.org.au\/opinion\/doomed-planet\/2015\/12\/discovering-maurice-strong\/<\/a><\/p>\n\n\n\n<p>[xiv] Czym jest Agenda 21\/2030 Kto za ni\u0105 stoi?&nbsp;Wprowadzenie,&nbsp;<a href=\"https:\/\/sandiadams.net\/what-is-agenda-21-introduction-history\/\">https:\/\/sandiadams.net\/what-is-agenda-21-introduction-history\/<\/a><\/p>\n\n\n\n<p>[xv] Maurice Strong An Appreciation, Klaus Schwab, 2015,&nbsp;<a href=\"https:\/\/www.weforum.org\/agenda\/2015\/11\/maurice-strong-an-appreciation\">https:\/\/www.weforum.org\/agenda\/2015\/11\/maurice-strong-an-appreciation<\/a><\/p>\n\n\n\n<p>[xvi] Dr Eric T. Karlstrom, The UN, Maurice Strong, Crestone\/Baca, CO, and the \u201cNew World Religion\u201d, wrzesie\u0144 2017,&nbsp;<a href=\"https:\/\/naturalclimatechange.org\/new-world-religion\/part-i\/\">https:\/\/naturalclimatechange.org\/new-world-religion\/part-i \/<\/a><\/p>\n\n\n\n<p><em>Wyr\u00f3\u017cniony obraz pochodzi z The Unz Review<\/em><\/p>\n\n\n\n<p>Oryginalnym \u017ar\u00f3d\u0142em tego artyku\u0142u jest Global Research<\/p>\n\n\n\n<p>Link \u017ar\u00f3d\u0142owy <a href=\"https:\/\/www.globalresearch.ca\/dark-origins-davos-great-reset\/5797113\">https:\/\/www.globalresearch.ca\/dark-origins-davos-great-reset\/5797113<\/a><\/p>\n","protected":false},"excerpt":{"rendered":"<p>Autor, \u00a0F. William Engdahl Global Research, Czerwiec 15, 2023 Wa\u017cne jest, aby zrozumie\u0107, \u017ce w tak zwanym programie Wielkiego Resetu Klausa Schwaba\u00a0dla \u015bwiata\u00a0nie ma ani jednego nowego lub oryginalnego pomys\u0142u .\u00a0Ani jego program Czwartej Rewolucji Przemys\u0142owej, ani jego twierdzenie, \u017ce&#8230; <\/p>\n","protected":false},"author":2,"featured_media":3271,"comment_status":"open","ping_status":"open","sticky":false,"template":"","format":"standard","meta":{"_acf_changed":false,"_bbp_topic_count":0,"_bbp_reply_count":0,"_bbp_total_topic_count":0,"_bbp_total_reply_count":0,"_bbp_voice_count":0,"_bbp_anonymous_reply_count":0,"_bbp_topic_count_hidden":0,"_bbp_reply_count_hidden":0,"_bbp_forum_subforum_count":0,"om_disable_all_campaigns":false,"_monsterinsights_skip_tracking":false,"footnotes":""},"categories":[93],"tags":[],"class_list":["post-3269","post","type-post","status-publish","format-standard","has-post-thumbnail","hentry","category-artykuly"],"acf":[],"aioseo_notices":[],"aioseo_head":"\n\t\t<!-- All in One SEO 5.0.1.1 - aioseo.com -->\n\t<meta name=\"description\" content=\"Autor, F. William Engdahl Global Research, Czerwiec 15, 2023 Wa\u017cne jest, aby zrozumie\u0107, \u017ce w tak zwanym programie Wielkiego Resetu Klausa Schwaba dla \u015bwiata nie ma ani jednego nowego lub oryginalnego pomys\u0142u . Ani jego program Czwartej Rewolucji Przemys\u0142owej, ani jego twierdzenie, \u017ce wynalaz\u0142 poj\u0119cie kapitalizmu interesariuszy, nie jest produktem Schwaba. Klaus Schwab jest niewiele wi\u0119cej ni\u017c sprytnym agentem\" \/>\n\t<meta name=\"robots\" content=\"max-image-preview:large\" \/>\n\t<meta name=\"author\" content=\"trinity\"\/>\n\t<link rel=\"canonical\" href=\"https:\/\/wia.net.pl\/index.php\/2023\/07\/15\/mroczne-poczatki-wielkiego-resetu-w-davos\/\" \/>\n\t<meta name=\"generator\" content=\"All in One SEO (AIOSEO) 5.0.1.1\" \/>\n\t\t<meta property=\"og:locale\" content=\"pl_PL\" \/>\n\t\t<meta property=\"og:site_name\" content=\"Wolno\u015b\u0107 i Anarchia - Ka\u017cdy wewn\u0119trznie jest anarchist\u0105.\" \/>\n\t\t<meta property=\"og:type\" content=\"article\" \/>\n\t\t<meta property=\"og:title\" content=\"Mroczne pocz\u0105tki Wielkiego Resetu w Davos - Wolno\u015b\u0107 i Anarchia\" \/>\n\t\t<meta property=\"og:description\" content=\"Autor, F. William Engdahl Global Research, Czerwiec 15, 2023 Wa\u017cne jest, aby zrozumie\u0107, \u017ce w tak zwanym programie Wielkiego Resetu Klausa Schwaba dla \u015bwiata nie ma ani jednego nowego lub oryginalnego pomys\u0142u . Ani jego program Czwartej Rewolucji Przemys\u0142owej, ani jego twierdzenie, \u017ce wynalaz\u0142 poj\u0119cie kapitalizmu interesariuszy, nie jest produktem Schwaba. Klaus Schwab jest niewiele wi\u0119cej ni\u017c sprytnym agentem\" \/>\n\t\t<meta property=\"og:url\" content=\"https:\/\/wia.net.pl\/index.php\/2023\/07\/15\/mroczne-poczatki-wielkiego-resetu-w-davos\/\" \/>\n\t\t<meta property=\"og:image\" content=\"https:\/\/wia.net.pl\/wp-content\/uploads\/2023\/11\/cropped-freedom-i73367.jpg\" \/>\n\t\t<meta property=\"og:image:secure_url\" content=\"https:\/\/wia.net.pl\/wp-content\/uploads\/2023\/11\/cropped-freedom-i73367.jpg\" \/>\n\t\t<meta property=\"article:published_time\" content=\"2023-07-15T17:11:45+00:00\" \/>\n\t\t<meta property=\"article:modified_time\" content=\"2023-07-15T17:11:45+00:00\" \/>\n\t\t<meta name=\"twitter:card\" content=\"summary_large_image\" \/>\n\t\t<meta name=\"twitter:title\" content=\"Mroczne pocz\u0105tki Wielkiego Resetu w Davos - Wolno\u015b\u0107 i Anarchia\" \/>\n\t\t<meta name=\"twitter:description\" content=\"Autor, F. William Engdahl Global Research, Czerwiec 15, 2023 Wa\u017cne jest, aby zrozumie\u0107, \u017ce w tak zwanym programie Wielkiego Resetu Klausa Schwaba dla \u015bwiata nie ma ani jednego nowego lub oryginalnego pomys\u0142u . Ani jego program Czwartej Rewolucji Przemys\u0142owej, ani jego twierdzenie, \u017ce wynalaz\u0142 poj\u0119cie kapitalizmu interesariuszy, nie jest produktem Schwaba. Klaus Schwab jest niewiele wi\u0119cej ni\u017c sprytnym agentem\" \/>\n\t\t<meta name=\"twitter:image\" content=\"https:\/\/wia.net.pl\/wp-content\/uploads\/2023\/11\/cropped-freedom-i73367.jpg\" \/>\n\t\t<script type=\"application\/ld+json\" class=\"aioseo-schema\">\n\t\t\t{\"@context\":\"https:\\\/\\\/schema.org\",\"@graph\":[{\"@type\":\"BlogPosting\",\"@id\":\"https:\\\/\\\/wia.net.pl\\\/index.php\\\/2023\\\/07\\\/15\\\/mroczne-poczatki-wielkiego-resetu-w-davos\\\/#blogposting\",\"name\":\"Mroczne pocz\\u0105tki Wielkiego Resetu w Davos - Wolno\\u015b\\u0107 i Anarchia\",\"headline\":\"Mroczne pocz\\u0105tki Wielkiego Resetu w Davos\",\"author\":{\"@id\":\"https:\\\/\\\/wia.net.pl\\\/index.php\\\/author\\\/trinity\\\/#author\"},\"publisher\":{\"@id\":\"https:\\\/\\\/wia.net.pl\\\/#person\"},\"image\":{\"@type\":\"ImageObject\",\"url\":\"https:\\\/\\\/wia.net.pl\\\/wp-content\\\/uploads\\\/2023\\\/07\\\/Davos1.jpg\",\"width\":1920,\"height\":1080},\"datePublished\":\"2023-07-15T19:11:45+02:00\",\"dateModified\":\"2023-07-15T19:11:45+02:00\",\"inLanguage\":\"pl-PL\",\"mainEntityOfPage\":{\"@id\":\"https:\\\/\\\/wia.net.pl\\\/index.php\\\/2023\\\/07\\\/15\\\/mroczne-poczatki-wielkiego-resetu-w-davos\\\/#webpage\"},\"isPartOf\":{\"@id\":\"https:\\\/\\\/wia.net.pl\\\/index.php\\\/2023\\\/07\\\/15\\\/mroczne-poczatki-wielkiego-resetu-w-davos\\\/#webpage\"},\"articleSection\":\"Artyku\\u0142y\"},{\"@type\":\"BreadcrumbList\",\"@id\":\"https:\\\/\\\/wia.net.pl\\\/index.php\\\/2023\\\/07\\\/15\\\/mroczne-poczatki-wielkiego-resetu-w-davos\\\/#breadcrumblist\",\"itemListElement\":[{\"@type\":\"ListItem\",\"@id\":\"https:\\\/\\\/wia.net.pl#listItem\",\"position\":1,\"name\":\"Home\",\"item\":\"https:\\\/\\\/wia.net.pl\",\"nextItem\":{\"@type\":\"ListItem\",\"@id\":\"https:\\\/\\\/wia.net.pl\\\/index.php\\\/category\\\/artykuly\\\/#listItem\",\"name\":\"Artyku\\u0142y\"}},{\"@type\":\"ListItem\",\"@id\":\"https:\\\/\\\/wia.net.pl\\\/index.php\\\/category\\\/artykuly\\\/#listItem\",\"position\":2,\"name\":\"Artyku\\u0142y\",\"item\":\"https:\\\/\\\/wia.net.pl\\\/index.php\\\/category\\\/artykuly\\\/\",\"nextItem\":{\"@type\":\"ListItem\",\"@id\":\"https:\\\/\\\/wia.net.pl\\\/index.php\\\/2023\\\/07\\\/15\\\/mroczne-poczatki-wielkiego-resetu-w-davos\\\/#listItem\",\"name\":\"Mroczne pocz\\u0105tki Wielkiego Resetu w Davos\"},\"previousItem\":{\"@type\":\"ListItem\",\"@id\":\"https:\\\/\\\/wia.net.pl#listItem\",\"name\":\"Home\"}},{\"@type\":\"ListItem\",\"@id\":\"https:\\\/\\\/wia.net.pl\\\/index.php\\\/2023\\\/07\\\/15\\\/mroczne-poczatki-wielkiego-resetu-w-davos\\\/#listItem\",\"position\":3,\"name\":\"Mroczne pocz\\u0105tki Wielkiego Resetu w Davos\",\"previousItem\":{\"@type\":\"ListItem\",\"@id\":\"https:\\\/\\\/wia.net.pl\\\/index.php\\\/category\\\/artykuly\\\/#listItem\",\"name\":\"Artyku\\u0142y\"}}]},{\"@type\":\"Person\",\"@id\":\"https:\\\/\\\/wia.net.pl\\\/#person\",\"name\":\"Bart\\u0142omiej Talarczyk\",\"image\":{\"@type\":\"ImageObject\",\"@id\":\"https:\\\/\\\/wia.net.pl\\\/index.php\\\/2023\\\/07\\\/15\\\/mroczne-poczatki-wielkiego-resetu-w-davos\\\/#personImage\",\"url\":\"https:\\\/\\\/wia.net.pl\\\/wp-content\\\/uploads\\\/avatar-privacy\\\/cache\\\/user\\\/1\\\/7\\\/176a6b161c58363ff49b5c167264231f519f5c7fa183ca1f61e891769b6b56d5-96.jpg\",\"width\":96,\"height\":96,\"caption\":\"Bart\\u0142omiej Talarczyk\"}},{\"@type\":\"Person\",\"@id\":\"https:\\\/\\\/wia.net.pl\\\/index.php\\\/author\\\/trinity\\\/#author\",\"url\":\"https:\\\/\\\/wia.net.pl\\\/index.php\\\/author\\\/trinity\\\/\",\"name\":\"trinity\",\"image\":{\"@type\":\"ImageObject\",\"@id\":\"https:\\\/\\\/wia.net.pl\\\/index.php\\\/2023\\\/07\\\/15\\\/mroczne-poczatki-wielkiego-resetu-w-davos\\\/#authorImage\",\"url\":\"https:\\\/\\\/wia.net.pl\\\/wp-content\\\/uploads\\\/avatar-privacy\\\/cache\\\/user\\\/5\\\/f\\\/5f6547cf82495eaa10e100a6a45d5dbde2dfdc1be88557de2018fca705bdf6f1-96.jpg\",\"width\":96,\"height\":96,\"caption\":\"trinity\"}},{\"@type\":\"WebPage\",\"@id\":\"https:\\\/\\\/wia.net.pl\\\/index.php\\\/2023\\\/07\\\/15\\\/mroczne-poczatki-wielkiego-resetu-w-davos\\\/#webpage\",\"url\":\"https:\\\/\\\/wia.net.pl\\\/index.php\\\/2023\\\/07\\\/15\\\/mroczne-poczatki-wielkiego-resetu-w-davos\\\/\",\"name\":\"Mroczne pocz\\u0105tki Wielkiego Resetu w Davos - Wolno\\u015b\\u0107 i Anarchia\",\"description\":\"Autor, F. William Engdahl Global Research, Czerwiec 15, 2023 Wa\\u017cne jest, aby zrozumie\\u0107, \\u017ce w tak zwanym programie Wielkiego Resetu Klausa Schwaba dla \\u015bwiata nie ma ani jednego nowego lub oryginalnego pomys\\u0142u . Ani jego program Czwartej Rewolucji Przemys\\u0142owej, ani jego twierdzenie, \\u017ce wynalaz\\u0142 poj\\u0119cie kapitalizmu interesariuszy, nie jest produktem Schwaba. Klaus Schwab jest niewiele wi\\u0119cej ni\\u017c sprytnym agentem\",\"inLanguage\":\"pl-PL\",\"isPartOf\":{\"@id\":\"https:\\\/\\\/wia.net.pl\\\/#website\"},\"breadcrumb\":{\"@id\":\"https:\\\/\\\/wia.net.pl\\\/index.php\\\/2023\\\/07\\\/15\\\/mroczne-poczatki-wielkiego-resetu-w-davos\\\/#breadcrumblist\"},\"author\":{\"@id\":\"https:\\\/\\\/wia.net.pl\\\/index.php\\\/author\\\/trinity\\\/#author\"},\"creator\":{\"@id\":\"https:\\\/\\\/wia.net.pl\\\/index.php\\\/author\\\/trinity\\\/#author\"},\"image\":{\"@type\":\"ImageObject\",\"url\":\"https:\\\/\\\/wia.net.pl\\\/wp-content\\\/uploads\\\/2023\\\/07\\\/Davos1.jpg\",\"@id\":\"https:\\\/\\\/wia.net.pl\\\/index.php\\\/2023\\\/07\\\/15\\\/mroczne-poczatki-wielkiego-resetu-w-davos\\\/#mainImage\",\"width\":1920,\"height\":1080},\"primaryImageOfPage\":{\"@id\":\"https:\\\/\\\/wia.net.pl\\\/index.php\\\/2023\\\/07\\\/15\\\/mroczne-poczatki-wielkiego-resetu-w-davos\\\/#mainImage\"},\"datePublished\":\"2023-07-15T19:11:45+02:00\",\"dateModified\":\"2023-07-15T19:11:45+02:00\"},{\"@type\":\"WebSite\",\"@id\":\"https:\\\/\\\/wia.net.pl\\\/#website\",\"url\":\"https:\\\/\\\/wia.net.pl\\\/\",\"name\":\"Wolno\\u015b\\u0107 i Anarchia\",\"description\":\"Ka\\u017cdy wewn\\u0119trznie jest anarchist\\u0105.\",\"inLanguage\":\"pl-PL\",\"publisher\":{\"@id\":\"https:\\\/\\\/wia.net.pl\\\/#person\"}}]}\n\t\t<\/script>\n\t\t<!-- All in One SEO -->\n\n","aioseo_head_json":{"title":"Mroczne pocz\u0105tki Wielkiego Resetu w Davos - Wolno\u015b\u0107 i Anarchia","description":"Autor, F. William Engdahl Global Research, Czerwiec 15, 2023 Wa\u017cne jest, aby zrozumie\u0107, \u017ce w tak zwanym programie Wielkiego Resetu Klausa Schwaba dla \u015bwiata nie ma ani jednego nowego lub oryginalnego pomys\u0142u . Ani jego program Czwartej Rewolucji Przemys\u0142owej, ani jego twierdzenie, \u017ce wynalaz\u0142 poj\u0119cie kapitalizmu interesariuszy, nie jest produktem Schwaba. Klaus Schwab jest niewiele wi\u0119cej ni\u017c sprytnym agentem","canonical_url":"https:\/\/wia.net.pl\/index.php\/2023\/07\/15\/mroczne-poczatki-wielkiego-resetu-w-davos\/","robots":"max-image-preview:large","keywords":"","webmasterTools":{"miscellaneous":""},"schema":{"@context":"https:\/\/schema.org","@graph":[{"@type":"BlogPosting","@id":"https:\/\/wia.net.pl\/index.php\/2023\/07\/15\/mroczne-poczatki-wielkiego-resetu-w-davos\/#blogposting","name":"Mroczne pocz\u0105tki Wielkiego Resetu w Davos - Wolno\u015b\u0107 i Anarchia","headline":"Mroczne pocz\u0105tki Wielkiego Resetu w Davos","author":{"@id":"https:\/\/wia.net.pl\/index.php\/author\/trinity\/#author"},"publisher":{"@id":"https:\/\/wia.net.pl\/#person"},"image":{"@type":"ImageObject","url":"https:\/\/wia.net.pl\/wp-content\/uploads\/2023\/07\/Davos1.jpg","width":1920,"height":1080},"datePublished":"2023-07-15T19:11:45+02:00","dateModified":"2023-07-15T19:11:45+02:00","inLanguage":"pl-PL","mainEntityOfPage":{"@id":"https:\/\/wia.net.pl\/index.php\/2023\/07\/15\/mroczne-poczatki-wielkiego-resetu-w-davos\/#webpage"},"isPartOf":{"@id":"https:\/\/wia.net.pl\/index.php\/2023\/07\/15\/mroczne-poczatki-wielkiego-resetu-w-davos\/#webpage"},"articleSection":"Artyku\u0142y"},{"@type":"BreadcrumbList","@id":"https:\/\/wia.net.pl\/index.php\/2023\/07\/15\/mroczne-poczatki-wielkiego-resetu-w-davos\/#breadcrumblist","itemListElement":[{"@type":"ListItem","@id":"https:\/\/wia.net.pl#listItem","position":1,"name":"Home","item":"https:\/\/wia.net.pl","nextItem":{"@type":"ListItem","@id":"https:\/\/wia.net.pl\/index.php\/category\/artykuly\/#listItem","name":"Artyku\u0142y"}},{"@type":"ListItem","@id":"https:\/\/wia.net.pl\/index.php\/category\/artykuly\/#listItem","position":2,"name":"Artyku\u0142y","item":"https:\/\/wia.net.pl\/index.php\/category\/artykuly\/","nextItem":{"@type":"ListItem","@id":"https:\/\/wia.net.pl\/index.php\/2023\/07\/15\/mroczne-poczatki-wielkiego-resetu-w-davos\/#listItem","name":"Mroczne pocz\u0105tki Wielkiego Resetu w Davos"},"previousItem":{"@type":"ListItem","@id":"https:\/\/wia.net.pl#listItem","name":"Home"}},{"@type":"ListItem","@id":"https:\/\/wia.net.pl\/index.php\/2023\/07\/15\/mroczne-poczatki-wielkiego-resetu-w-davos\/#listItem","position":3,"name":"Mroczne pocz\u0105tki Wielkiego Resetu w Davos","previousItem":{"@type":"ListItem","@id":"https:\/\/wia.net.pl\/index.php\/category\/artykuly\/#listItem","name":"Artyku\u0142y"}}]},{"@type":"Person","@id":"https:\/\/wia.net.pl\/#person","name":"Bart\u0142omiej Talarczyk","image":{"@type":"ImageObject","@id":"https:\/\/wia.net.pl\/index.php\/2023\/07\/15\/mroczne-poczatki-wielkiego-resetu-w-davos\/#personImage","url":"https:\/\/wia.net.pl\/wp-content\/uploads\/avatar-privacy\/cache\/user\/1\/7\/176a6b161c58363ff49b5c167264231f519f5c7fa183ca1f61e891769b6b56d5-96.jpg","width":96,"height":96,"caption":"Bart\u0142omiej Talarczyk"}},{"@type":"Person","@id":"https:\/\/wia.net.pl\/index.php\/author\/trinity\/#author","url":"https:\/\/wia.net.pl\/index.php\/author\/trinity\/","name":"trinity","image":{"@type":"ImageObject","@id":"https:\/\/wia.net.pl\/index.php\/2023\/07\/15\/mroczne-poczatki-wielkiego-resetu-w-davos\/#authorImage","url":"https:\/\/wia.net.pl\/wp-content\/uploads\/avatar-privacy\/cache\/user\/5\/f\/5f6547cf82495eaa10e100a6a45d5dbde2dfdc1be88557de2018fca705bdf6f1-96.jpg","width":96,"height":96,"caption":"trinity"}},{"@type":"WebPage","@id":"https:\/\/wia.net.pl\/index.php\/2023\/07\/15\/mroczne-poczatki-wielkiego-resetu-w-davos\/#webpage","url":"https:\/\/wia.net.pl\/index.php\/2023\/07\/15\/mroczne-poczatki-wielkiego-resetu-w-davos\/","name":"Mroczne pocz\u0105tki Wielkiego Resetu w Davos - Wolno\u015b\u0107 i Anarchia","description":"Autor, F. William Engdahl Global Research, Czerwiec 15, 2023 Wa\u017cne jest, aby zrozumie\u0107, \u017ce w tak zwanym programie Wielkiego Resetu Klausa Schwaba dla \u015bwiata nie ma ani jednego nowego lub oryginalnego pomys\u0142u . Ani jego program Czwartej Rewolucji Przemys\u0142owej, ani jego twierdzenie, \u017ce wynalaz\u0142 poj\u0119cie kapitalizmu interesariuszy, nie jest produktem Schwaba. Klaus Schwab jest niewiele wi\u0119cej ni\u017c sprytnym agentem","inLanguage":"pl-PL","isPartOf":{"@id":"https:\/\/wia.net.pl\/#website"},"breadcrumb":{"@id":"https:\/\/wia.net.pl\/index.php\/2023\/07\/15\/mroczne-poczatki-wielkiego-resetu-w-davos\/#breadcrumblist"},"author":{"@id":"https:\/\/wia.net.pl\/index.php\/author\/trinity\/#author"},"creator":{"@id":"https:\/\/wia.net.pl\/index.php\/author\/trinity\/#author"},"image":{"@type":"ImageObject","url":"https:\/\/wia.net.pl\/wp-content\/uploads\/2023\/07\/Davos1.jpg","@id":"https:\/\/wia.net.pl\/index.php\/2023\/07\/15\/mroczne-poczatki-wielkiego-resetu-w-davos\/#mainImage","width":1920,"height":1080},"primaryImageOfPage":{"@id":"https:\/\/wia.net.pl\/index.php\/2023\/07\/15\/mroczne-poczatki-wielkiego-resetu-w-davos\/#mainImage"},"datePublished":"2023-07-15T19:11:45+02:00","dateModified":"2023-07-15T19:11:45+02:00"},{"@type":"WebSite","@id":"https:\/\/wia.net.pl\/#website","url":"https:\/\/wia.net.pl\/","name":"Wolno\u015b\u0107 i Anarchia","description":"Ka\u017cdy wewn\u0119trznie jest anarchist\u0105.","inLanguage":"pl-PL","publisher":{"@id":"https:\/\/wia.net.pl\/#person"}}]},"og:locale":"pl_PL","og:site_name":"Wolno\u015b\u0107 i Anarchia - Ka\u017cdy wewn\u0119trznie jest anarchist\u0105.","og:type":"article","og:title":"Mroczne pocz\u0105tki Wielkiego Resetu w Davos - Wolno\u015b\u0107 i Anarchia","og:description":"Autor, F. William Engdahl Global Research, Czerwiec 15, 2023 Wa\u017cne jest, aby zrozumie\u0107, \u017ce w tak zwanym programie Wielkiego Resetu Klausa Schwaba dla \u015bwiata nie ma ani jednego nowego lub oryginalnego pomys\u0142u . Ani jego program Czwartej Rewolucji Przemys\u0142owej, ani jego twierdzenie, \u017ce wynalaz\u0142 poj\u0119cie kapitalizmu interesariuszy, nie jest produktem Schwaba. Klaus Schwab jest niewiele wi\u0119cej ni\u017c sprytnym agentem","og:url":"https:\/\/wia.net.pl\/index.php\/2023\/07\/15\/mroczne-poczatki-wielkiego-resetu-w-davos\/","og:image":"https:\/\/wia.net.pl\/wp-content\/uploads\/2023\/11\/cropped-freedom-i73367.jpg","og:image:secure_url":"https:\/\/wia.net.pl\/wp-content\/uploads\/2023\/11\/cropped-freedom-i73367.jpg","article:published_time":"2023-07-15T17:11:45+00:00","article:modified_time":"2023-07-15T17:11:45+00:00","twitter:card":"summary_large_image","twitter:title":"Mroczne pocz\u0105tki Wielkiego Resetu w Davos - Wolno\u015b\u0107 i Anarchia","twitter:description":"Autor, F. William Engdahl Global Research, Czerwiec 15, 2023 Wa\u017cne jest, aby zrozumie\u0107, \u017ce w tak zwanym programie Wielkiego Resetu Klausa Schwaba dla \u015bwiata nie ma ani jednego nowego lub oryginalnego pomys\u0142u . Ani jego program Czwartej Rewolucji Przemys\u0142owej, ani jego twierdzenie, \u017ce wynalaz\u0142 poj\u0119cie kapitalizmu interesariuszy, nie jest produktem Schwaba. Klaus Schwab jest niewiele wi\u0119cej ni\u017c sprytnym agentem","twitter:image":"https:\/\/wia.net.pl\/wp-content\/uploads\/2023\/11\/cropped-freedom-i73367.jpg"},"aioseo_meta_data":{"post_id":"3269","title":null,"description":null,"keywords":[],"keyphrases":{"focus":{"keyphrase":"","score":0,"analysis":{"keyphraseInTitle":{"score":0,"maxScore":9,"error":1}}},"additional":[]},"primary_term":null,"canonical_url":null,"og_title":null,"og_description":null,"og_object_type":"default","og_image_type":"default","og_image_url":null,"og_image_width":null,"og_image_height":null,"og_image_custom_url":null,"og_image_custom_fields":null,"og_video":"","og_custom_url":null,"og_article_section":null,"og_article_tags":[],"twitter_use_og":false,"twitter_card":"default","twitter_image_type":"default","twitter_image_url":null,"twitter_image_custom_url":null,"twitter_image_custom_fields":null,"twitter_title":null,"twitter_description":null,"schema":{"blockGraphs":[],"customGraphs":[],"default":{"data":{"Article":[],"Course":[],"Dataset":[],"FAQPage":[],"Movie":[],"Person":[],"Product":[],"ProductReview":[],"Car":[],"Recipe":[],"Service":[],"SoftwareApplication":[],"WebPage":[]},"graphName":"BlogPosting","isEnabled":true},"graphs":[]},"schema_type":"default","schema_type_options":null,"pillar_content":false,"robots_default":true,"robots_noindex":false,"robots_noarchive":false,"robots_nosnippet":false,"robots_nofollow":false,"robots_noimageindex":false,"robots_noodp":false,"robots_notranslate":false,"robots_max_snippet":"-1","robots_max_videopreview":"-1","robots_max_imagepreview":"large","priority":null,"frequency":"default","local_seo":null,"breadcrumb_settings":null,"limit_modified_date":false,"ai":null,"created":"2023-07-15 17:11:45","updated":"2025-06-04 08:42:39","seo_analyzer_scan_date":null,"focus_keyword":null,"additional_keywords":null,"truseo_locale":null},"aioseo_breadcrumb":"<div class=\"aioseo-breadcrumbs\"><span class=\"aioseo-breadcrumb\">\n\t\t\t<a href=\"https:\/\/wia.net.pl\" title=\"Home\">Home<\/a>\n\t\t<\/span><span class=\"aioseo-breadcrumb-separator\">&raquo;<\/span><span class=\"aioseo-breadcrumb\">\n\t\t\t<a href=\"https:\/\/wia.net.pl\/index.php\/category\/artykuly\/\" title=\"Artyku\u0142y\">Artyku\u0142y<\/a>\n\t\t<\/span><span class=\"aioseo-breadcrumb-separator\">&raquo;<\/span><span class=\"aioseo-breadcrumb\">\n\t\t\tMroczne pocz\u0105tki Wielkiego Resetu w Davos\n\t\t<\/span><\/div>","aioseo_breadcrumb_json":[{"label":"Home","link":"https:\/\/wia.net.pl"},{"label":"Artyku\u0142y","link":"https:\/\/wia.net.pl\/index.php\/category\/artykuly\/"},{"label":"Mroczne pocz\u0105tki Wielkiego Resetu w Davos","link":"https:\/\/wia.net.pl\/index.php\/2023\/07\/15\/mroczne-poczatki-wielkiego-resetu-w-davos\/"}],"_links":{"self":[{"href":"https:\/\/wia.net.pl\/index.php\/wp-json\/wp\/v2\/posts\/3269"}],"collection":[{"href":"https:\/\/wia.net.pl\/index.php\/wp-json\/wp\/v2\/posts"}],"about":[{"href":"https:\/\/wia.net.pl\/index.php\/wp-json\/wp\/v2\/types\/post"}],"author":[{"embeddable":true,"href":"https:\/\/wia.net.pl\/index.php\/wp-json\/wp\/v2\/users\/2"}],"replies":[{"embeddable":true,"href":"https:\/\/wia.net.pl\/index.php\/wp-json\/wp\/v2\/comments?post=3269"}],"version-history":[{"count":1,"href":"https:\/\/wia.net.pl\/index.php\/wp-json\/wp\/v2\/posts\/3269\/revisions"}],"predecessor-version":[{"id":3272,"href":"https:\/\/wia.net.pl\/index.php\/wp-json\/wp\/v2\/posts\/3269\/revisions\/3272"}],"wp:featuredmedia":[{"embeddable":true,"href":"https:\/\/wia.net.pl\/index.php\/wp-json\/wp\/v2\/media\/3271"}],"wp:attachment":[{"href":"https:\/\/wia.net.pl\/index.php\/wp-json\/wp\/v2\/media?parent=3269"}],"wp:term":[{"taxonomy":"category","embeddable":true,"href":"https:\/\/wia.net.pl\/index.php\/wp-json\/wp\/v2\/categories?post=3269"},{"taxonomy":"post_tag","embeddable":true,"href":"https:\/\/wia.net.pl\/index.php\/wp-json\/wp\/v2\/tags?post=3269"}],"curies":[{"name":"wp","href":"https:\/\/api.w.org\/{rel}","templated":true}]}}