{"id":3283,"date":"2023-07-16T10:21:51","date_gmt":"2023-07-16T08:21:51","guid":{"rendered":"https:\/\/wia.net.pl\/?p=3283"},"modified":"2023-07-16T10:21:51","modified_gmt":"2023-07-16T08:21:51","slug":"marsz-na-kreml","status":"publish","type":"post","link":"https:\/\/wia.net.pl\/index.php\/2023\/07\/16\/marsz-na-kreml\/","title":{"rendered":"Marsz na Kreml"},"content":{"rendered":"\n<p>Autor, <a href=\"https:\/\/www.unz.com\/author\/israel-shamir\/\">IZRAEL SZAMIR\u00a0<\/a>\u2022 15 LIPCA 2023 R<\/p>\n\n\n\n<p>The Unz Review<\/p>\n\n\n\n<p><\/p>\n\n\n\n<figure class=\"wp-block-image size-full is-resized\"><img loading=\"lazy\" decoding=\"async\" src=\"https:\/\/wia.net.pl\/wp-content\/uploads\/2023\/07\/WagnerKremlinIS-600x337-1.png\" alt=\"\" class=\"wp-image-3284\" width=\"844\" height=\"474\" srcset=\"https:\/\/wia.net.pl\/wp-content\/uploads\/2023\/07\/WagnerKremlinIS-600x337-1.png 600w, https:\/\/wia.net.pl\/wp-content\/uploads\/2023\/07\/WagnerKremlinIS-600x337-1-300x169.png 300w, https:\/\/wia.net.pl\/wp-content\/uploads\/2023\/07\/WagnerKremlinIS-600x337-1-480x270.png 480w\" sizes=\"(max-width: 844px) 100vw, 844px\" \/><\/figure>\n\n\n\n<p><\/p>\n\n\n\n<p id=\"p_1_1\">Rosyjscy genera\u0142owie s\u0105 podobni do ameryka\u0144skich genera\u0142\u00f3w przedstawionych w\u00a0<em>Paragrafie 22<\/em>, weso\u0142a powie\u015b\u0107 Josepha Hellera: k\u0142\u00f3tliwi, aroganccy, bardziej dbaj\u0105cy o swoj\u0105 pozycj\u0119 i reputacj\u0119 ni\u017c o wojn\u0119.\u00a0Oni r\u00f3wnie\u017c sprawiaj\u0105, \u017ce ich my\u015bliwce wykonuj\u0105 wi\u0119cej misji, by\u0107 mo\u017ce prowadz\u0105c ich kariery do wi\u0119kszej chwa\u0142y.\u00a0Bojownicy gin\u0105, ale kogo to obchodzi?\u00a0Byli te\u017c chciwi i gotowi zbombardowa\u0107 w\u0142asne lotniska, je\u015bli wr\u00f3g zap\u0142aci im wystarczaj\u0105co du\u017co, by to zrobi\u0107.\u00a0Rosyjski genera\u0142 Iwan Popow by\u0142 bardzo popularny w\u015br\u00f3d swoich \u017co\u0142nierzy ze wzgl\u0119du na sw\u00f3j rozmach, ale zosta\u0142 wypchni\u0119ty przez genera\u0142a Gierasimowa, szefa Sztabu Generalnego.\u00a0Szef PKW Wagnera Eugene Prigozhin, bohater Bakhmuta, potrzebowa\u0142 amunicji, ale Szojgu z MON zapragn\u0105\u0142 kolejnego medalu (do 60, kt\u00f3re ju\u017c zgromadzi\u0142), a amunicja dla grupy Wagnera nie by\u0142a dla niego priorytetem.\u00a0Prigo\u017cyn maszerowa\u0142 ze swoj\u0105 armi\u0105 pod bramy Moskwy, aby zwr\u00f3ci\u0107 na siebie uwag\u0119 Putina,\u00a0kt\u00f3re otrzyma\u0142 \u2013 wraz z amunicj\u0105 po pewnym czasie.\u00a0Niekt\u00f3rzy dziennikarze oskar\u017cyli Prigo\u017cyna o bunt, ale zamiast tego dosta\u0142 miliony w rublach i dolarach, z\u0142oto i bro\u0144, kt\u00f3re zosta\u0142y mu odebrane w nast\u0119pstwie jego eskapady.\u00a0Minister spraw zagranicznych \u0141awrow opisa\u0142 to wydarzenie jako<em>peredryaga<\/em>\u00a0, co oznacza k\u0142opoty, ba\u0142agan lub zamieszanie.\u00a0Genera\u0142 Popow te\u017c chce rozmawia\u0107 z Putinem, t\u0142umaczy\u0107 si\u0119, ale nie ma z nim \u017co\u0142nierzy.<\/p>\n\n\n\n<p id=\"p_1_2\">Zar\u00f3wno Popow, jak i Prigo\u017cyn otwarcie krytykowali spos\u00f3b, w jaki Szojgu z MON i szef jego sztabu gen. Gierasimow zarz\u0105dzaj\u0105 wojn\u0105 na Ukrainie.&nbsp;Ale niekt\u00f3rzy urz\u0119dnicy ameryka\u0144scy i rosyjska prozachodnia opozycja woleli nazywa\u0107 swoj\u0105 krytyk\u0119 zamachem&nbsp;<em>stanu<\/em>&nbsp;.&nbsp;Tak wielu ludzi chcia\u0142o, \u017ceby dosz\u0142o do tego zamachu stanu, \u017ce teraz trudno powiedzie\u0107, \u017ce by\u0142 to nic-burger.&nbsp;Przyjrzyjmy si\u0119 szczeg\u00f3\u0142owo, co wydarzy\u0142o si\u0119 mi\u0119dzy pa\u0144stwem rosyjskim, Sztabem Generalnym, Ministerstwem Obrony i w\u0142a\u015bcicielem Wagner PMC, panem Prigo\u017cynem.<\/p>\n\n\n\n<p id=\"p_1_3\">Prigo\u017cyn jest rosyjskim miliarderem i przedsi\u0119biorc\u0105.&nbsp;Zajmowa\u0142 si\u0119 cateringiem dla Kremla (stanowisko ciesz\u0105ce si\u0119 du\u017cym zaufaniem), potem dostarcza\u0142 posi\u0142ki do szk\u00f3\u0142 w Moskwie i Sankt Petersburgu, a ostatnio rozszerzy\u0142 swoj\u0105 dzia\u0142alno\u015b\u0107 na media.&nbsp;Za\u0142o\u017cy\u0142 tak zwan\u0105 Fabryk\u0119 Trolli: g\u0142\u00f3wne \u017ar\u00f3d\u0142o wp\u0142yw\u00f3w w rosyjskich mediach spo\u0142eczno\u015bciowych.&nbsp;Wcze\u015bniej w rosyjskich mediach spo\u0142eczno\u015bciowych, takich jak Facebook, Instagram czy VK, dominowa\u0142y zachodnie s\u0142u\u017cby wywiadowcze.&nbsp;Trolle Prigo\u017cyna potrafi\u0142y szybko przeciwdzia\u0142a\u0107 wysi\u0142kom zachodnich wojownik\u00f3w propagandy, dzi\u0119ki czemu osobi\u015bcie zbli\u017cy\u0142 si\u0119 do Putina.&nbsp;Oko\u0142o 2015 roku przeszed\u0142 od dowodzenia trollami internetowymi do dowodzenia prawdziwymi wojownikami: za\u0142o\u017cy\u0142 prywatn\u0105 firm\u0119 wojskow\u0105 o nazwie Wagner, od pseudonimu jej wsp\u00f3\u0142za\u0142o\u017cyciela.&nbsp;Walczyli za Rosj\u0119 w wielu krajach \u2013 w Afryce, w Syrii,&nbsp;w Ameryce \u0141aci\u0144skiej.&nbsp;W pewnym momencie pa\u0144stwo rosyjskie zwr\u00f3ci\u0142o si\u0119 do nich o pomoc.&nbsp;Szef Sztabu Generalnego genera\u0142 Gierasimow osobi\u015bcie zwr\u00f3ci\u0142 si\u0119 do Prigo\u017cyna i poprosi\u0142 go o udzia\u0142 w wojnie na Ukrainie.&nbsp;Wagner pocz\u0105tkowo bra\u0142 udzia\u0142 w bitwie o Popasn\u0105 (\u0141uga\u0144ska Republika Ludowa).&nbsp;Prigo\u017cyn by\u0142 dumny, \u017ce toczy bohatersk\u0105 wojn\u0119 w imi\u0119 zwyci\u0119stwa i upragnionej przez ludzi chwa\u0142y, ale po ponad roku walki Prigo\u017cyn widzia\u0142, \u017ce armii rosyjskiej nie spieszy si\u0119 do zwyci\u0119stwa.&nbsp;Wydawa\u0142o si\u0119, \u017ce wojna ma na celu osi\u0105gni\u0119cie impasu, a nie podb\u00f3j.&nbsp;Prigo\u017cyn by\u0142 dumny, \u017ce toczy bohatersk\u0105 wojn\u0119 w imi\u0119 zwyci\u0119stwa i upragnionej przez ludzi chwa\u0142y, ale po ponad roku walki Prigo\u017cyn widzia\u0142, \u017ce armii rosyjskiej nie spieszy si\u0119 do zwyci\u0119stwa.&nbsp;Wydawa\u0142o si\u0119, \u017ce wojna ma na celu osi\u0105gni\u0119cie impasu, a nie podb\u00f3j.&nbsp;Prigo\u017cyn by\u0142 dumny, \u017ce toczy bohatersk\u0105 wojn\u0119 w imi\u0119 zwyci\u0119stwa i upragnionej przez ludzi chwa\u0142y, ale po ponad roku walki Prigo\u017cyn widzia\u0142, \u017ce armii rosyjskiej nie spieszy si\u0119 do zwyci\u0119stwa.&nbsp;Wydawa\u0142o si\u0119, \u017ce wojna ma na celu osi\u0105gni\u0119cie impasu, a nie podb\u00f3j.<\/p>\n\n\n\n<p id=\"p_1_4\">Prawdziwym powodem op\u00f3\u017anienia jest to, \u017ce ukrai\u0144ski op\u00f3r by\u0142 zaskoczeniem dla Rosjan.&nbsp;Przed wojn\u0105 my\u015bleli, \u017ce zajmie im to kilka dni.&nbsp;\u017be Ukrai\u0144cy nie b\u0119d\u0105 walczy\u0107.&nbsp;\u017be Zach\u00f3d nie dostarczy broni.&nbsp;Nawet tak kompetentni i m\u0105drzy ludzie jak Anatolij Wasserman my\u015bleli, \u017ce za kilka dni to si\u0119 sko\u0144czy;&nbsp;zastanawiali si\u0119 tylko, czy b\u0119dzie to wojna trzydniowa, czy czterodniowa?&nbsp;Putin mia\u0142 te\u017c nierealistyczne oczekiwania co do szybkiego zwyci\u0119stwa.&nbsp;Kiedy rosyjscy genera\u0142owie zobaczyli, \u017ce tak si\u0119 nie stanie, zacz\u0119li wycofywa\u0107 si\u0119 na po\u0142udnie, a wycofuj\u0105c si\u0119, celowo zostawili za sob\u0105 drogi sprz\u0119t wojskowy.&nbsp;Znaj\u0105cy si\u0119 na rzeczy ludzie powiedzieli mi, \u017ce to ameryka\u0144ska pu\u0142apka zastawiona na Putina.<\/p>\n\n\n\n<p id=\"p_1_5\">Tutaj du\u017c\u0105 rol\u0119 zacz\u0119\u0142a odgrywa\u0107 wielka dychotomia rosyjskiej polityki.&nbsp;S\u0105 Jelcynici i Patrioci.&nbsp;Szojgu, do\u015bwiadczony cz\u0142owiek na szczycie drabiny administracyjnej, by\u0142 Jelcynit\u0105.&nbsp;By\u0142 blisko Jelcyna, doprowadzi\u0142 do jego reelekcji w 1996 roku, stan\u0105\u0142 na czele partii rz\u0105dz\u0105cej i zosta\u0142 ministrem w 1992 roku, kiedy Jelcyn by\u0142 prezydentem, a Putin by\u0142 jeszcze nikim w Petersburgu.&nbsp;Shoygu by\u0142 ministrem ds. sytuacji nadzwyczajnych (EMERCOM), a p\u00f3\u017aniej zosta\u0142 wybrany ministrem obrony.&nbsp;Maj\u0105c trzydzie\u015bci dwa lata w rz\u0105dzie, jest absolutnym rekordzist\u0105.&nbsp;Szojgu jest osobistym przyjacielem prezydenta Putina.&nbsp;Podobnie pan Abramowicz, oligarcha.&nbsp;Jednak zar\u00f3wno Szojgu, jak i Abramowicz maj\u0105 bardzo r\u00f3\u017cne pogl\u0105dy od Putina.&nbsp;Putin d\u0105\u017cy do wielko\u015bci i niezale\u017cno\u015bci Rosji.&nbsp;Z drugiej strony,&nbsp;Jelcynici tacy jak Szojgu woleliby, aby Rosja zosta\u0142a pokonana i po cichu powr\u00f3ci\u0142a do neoliberalnej polityki z czas\u00f3w Jelcyna.&nbsp;Mimo to Putin dotrzymuje s\u0142owa i kiedy\u015b obieca\u0142 Jelcynowi, \u017ce b\u0119dzie chroni\u0142 Jelcynit\u00f3w, wi\u0119c nie m\u00f3g\u0142 \u0142atwo zwolni\u0107 Szojgu, nawet je\u015bli jego zarz\u0105dzanie wojn\u0105 by\u0142o okropne.&nbsp;Narasta opinia, \u017ce \u200b\u200bSzojgu pomaga\u0142 USA w ich planach wprowadzenia w b\u0142\u0105d Putina i uwi\u0119zienia go w ukrai\u0144skim grz\u0119zawisku.&nbsp;W niezupe\u0142nie niezwi\u0105zanych wiadomo\u015bciach Shoygu rozwa\u017ca kandydowanie na prezydenta w 2024 r., aby zast\u0105pi\u0107 Putina.&nbsp;Alternatywnie stanowisko prezydenta mogliby obj\u0105\u0107 inni prozachodni urz\u0119dnicy: mer Moskwy Siergiej Sobianin lub podobne postacie.&nbsp;Ca\u0142a praca wykonana przez Putina zostanie cofni\u0119ta, a Rosja wr\u00f3ci do czas\u00f3w Jelcyna.&nbsp;Prigo\u017cyn wola\u0142by, \u017ceby Putin zosta\u0142 jeszcze przez co najmniej jedn\u0105 kadencj\u0119,<\/p>\n\n\n\n<figure class=\"wp-block-image\"><a href=\"https:\/\/www.amazon.com\/dp\/1419692429\/\"><img decoding=\"async\" src=\"https:\/\/images-na.ssl-images-amazon.com\/images\/I\/416cQNeYS1L.jpg\" alt=\"\"\/><\/a><\/figure>\n\n\n\n<p id=\"p_1_6\">Rola PKW Wagnera w tej wojnie nieoczekiwanie si\u0119 zmieni\u0142a.&nbsp;Zamiast dzia\u0142a\u0107 jako specjalna grupa oddzia\u0142\u00f3w szturmowych, zapewniaj\u0105ca zwyci\u0119stwo w najwa\u017cniejszych bitwach, grupa Wagnera coraz bardziej staje si\u0119 jednostk\u0105 piechoty, cho\u0107 specjaln\u0105, ale piechot\u0105 przeznaczon\u0105 do walki w okopach.&nbsp;Co gorsza \u2013 zamiast im za to podzi\u0119kowa\u0107 \u2013 zamieniono ich w wiecznych \u017cebrak\u00f3w o zbrojenia.<\/p>\n\n\n\n<p id=\"p_1_7\">W logice Prigo\u017cyna jest to bardzo dziwne.&nbsp;Je\u015bli zosta\u0142e\u015b powo\u0142any do s\u0142u\u017cby wojskowej i poproszony o ud\u017awigni\u0119cie ci\u0119\u017caru, nie powiniene\u015b maszerowa\u0107, aby b\u0142aga\u0107 o amunicj\u0119, otrzymuj\u0105c tylko wym\u00f3wki i sprzeczki.&nbsp;W tym sensie uwa\u017ca\u0142 si\u0119 za oszukanego.&nbsp;Ponadto \u2013 nie bez znaczenia aspekt \u2013 jest kwestia zysku.&nbsp;W ko\u0144cu biznesmen (w tym biznesmen patriota) nadal rozumie, \u017ce musi zarabia\u0107 pieni\u0105dze, aby m\u00f3c wy\u017cywi\u0107 swoj\u0105 armi\u0119.&nbsp;I tak by\u0142o w przypadku grupy Wagnera: Prigo\u017cyn zadba\u0142 o to, by jego \u017co\u0142nierze byli nakarmieni i ubrani.&nbsp;Natomiast \u017co\u0142nierze MON byli \u017ale od\u017cywieni i jeszcze gorzej ubrani.&nbsp;O skarpetki i bielizn\u0119 musia\u0142y si\u0119 zg\u0142asza\u0107 do dobrodusznych bab\u0107.<\/p>\n\n\n\n<p id=\"p_1_8\">Genera\u0142owie ukradli bud\u017cet armii i utrzymywali si\u0119 sami, podczas gdy \u017co\u0142nierze byli zaniedbani i zaniedbani.&nbsp;\u017bo\u0142nierze grupy Wagnera byli dobrze zaopatrzeni, z wyj\u0105tkiem rosyjskiej broni i amunicji.&nbsp;MON nie mia\u0142 zamiaru dzieli\u0107 si\u0119 swoim uzbrojeniem z grup\u0105 Wagnera, a Prigo\u017cyn zacz\u0105\u0142 si\u0119 martwi\u0107, \u017ce nie zosta\u0142o ju\u017c nic do podzielenia si\u0119: podejrzewa\u0142, \u017ce genera\u0142owie sprzedali swoje zapasy broni, aby zwi\u0119kszy\u0107 swoje zyski.&nbsp;Co wi\u0119cej, Prigo\u017cyn zrozumia\u0142 (po wcze\u015bniejszych konfliktach z MON i ich k\u0142\u00f3tniach o zbrojenia), \u017ce bez wzgl\u0119du na to, co zrobi, zostanie wrobiony w z\u0142oczy\u0144c\u0119.<\/p>\n\n\n\n<p id=\"p_1_9\">Nast\u0119pnie przysz\u0142a historia nowego kontraktu.&nbsp;MON pr\u00f3bowa\u0142o utworzy\u0107 w\u0142asne PKW, ale bezskutecznie.&nbsp;Wtedy minister postanowi\u0142 przyw\u0142aszczy\u0107 sobie grup\u0119 Wagnera.&nbsp;Bojownikom Prigo\u017cyna kazano podpisa\u0107 kontrakt z MON.&nbsp;Prigo\u017cyn uzna\u0142 to za jawn\u0105 pr\u00f3b\u0119 wyrwania spod jego w\u0142adzy grupy Wagnera.&nbsp;Jego chwalebne si\u0142y zostan\u0105 wys\u0142ane na \u015bmier\u0107 w okopach, a Prigo\u017cyn zostanie wyrzucony.&nbsp;Narzeka\u0142, \u017ce nie ubiega\u0142 si\u0119 o stanowisko w MON.&nbsp;S\u0142usznie uwa\u017ca\u0142, \u017ce jego w\u0142asna grupa Wagnera to wspania\u0142a jednostka, kt\u00f3r\u0105 mo\u017cna strategicznie rozmie\u015bci\u0107 nawet w najbardziej niebezpiecznych miejscach, ale nie wolno jej marnowa\u0107 na wojn\u0119 okopow\u0105.&nbsp;Czu\u0142, \u017ce zosta\u0142 oszukany i wykorzystany przez ministra obrony Szojgu i jego szefa sztabu, genera\u0142a Gierasimowa.<\/p>\n\n\n\n<p id=\"p_1_10\">To nie pierwszy raz, kiedy Prigo\u017cyn ma problem z panem Shoygu.&nbsp;W marcu 2016 roku w Syrii zosta\u0142 poproszony o pomoc i zdobycie wa\u017cnej pozycji na pustyni w Palmyrze.&nbsp;Wzi\u0105\u0142 go i przekaza\u0142 z powrotem si\u0142om syryjsko-rosyjskim;&nbsp;ale w grudniu 2016 r. w wyniku niespodziewanego ataku male\u0144kie si\u0142y ISIS odbi\u0142y Palmyr\u0119, a garnizon umieszczony przez rosyjskie MON uciek\u0142 z miasta, pozostawiaj\u0105c ogromne zapasy broni, amunicji i sprz\u0119tu \u2013 a nawet gotowane jedzenie w jadalni !&nbsp;Si\u0142y rosyjskie nie by\u0142y w stanie odbi\u0107 Palmyry i po raz kolejny zwr\u00f3ci\u0142y si\u0119 do grupy Wagnera, kt\u00f3rej uda\u0142o si\u0119 odbi\u0107 miasto w marcu 2017 roku.<\/p>\n\n\n\n<p id=\"p_1_11\">Pomimo tego, \u017ce Wagner nie przechwala\u0142 si\u0119 swoimi militarnymi sukcesami, Shoygu by\u0142 rozgoryczony nienawi\u015bci\u0105.&nbsp;Jego okazja do zemsty pojawi\u0142a si\u0119 w nieca\u0142y rok.&nbsp;W lutym 2018 r. grupa Wagnera, za zgod\u0105 Assada, podj\u0119\u0142a decyzj\u0119 o \u201ewypchni\u0119ciu\u201d proameryka\u0144skich Kurd\u00f3w z du\u017cej rafinerii Conoco w pobli\u017cu wsi Hasham w prowincji Deir ez-Zor.&nbsp;Wiedz\u0105c, \u017ce kurdyjska obrona jest chroniona przez si\u0142y powietrzne USA, Prigo\u017cyn z g\u00f3ry uzgodni\u0142 z rosyjskim dow\u00f3dztwem w Syrii, \u017ce jego operacja b\u0119dzie obj\u0119ta rosyjsk\u0105 obron\u0105 powietrzn\u0105 (uzbrojon\u0105 w S-300 i Panzyr) i obiecano mu ich pe\u0142n\u0105 wsp\u00f3\u0142prac\u0119.&nbsp;W nocy z 7 na 8 lutego 2018 roku grupa Wagnera zaatakowa\u0142a fabryk\u0119 Conoco.&nbsp;Pentagon natychmiast skontaktowa\u0142 si\u0119 z Shoygu za po\u015brednictwem specjalnej linii: \u201eCzy to twoje?\u201d&nbsp;\u2013 na co Amerykanie otrzymali jednoznaczn\u0105 odpowied\u017a \u201eNie\u201d.&nbsp;Nast\u0119pnie ameryka\u0144skie \u015bmig\u0142owce HIMARS, Apache i lataj\u0105ca bateria AC-130 zaatakowa\u0142y \u017co\u0142nierzy Prigo\u017cyna.&nbsp;Grupa Wagnera ponios\u0142a najwi\u0119ksze (przed Ukrain\u0105) straty w swojej historii \u2013 334 zabitych i oko\u0142o 700 rannych.&nbsp;Wed\u0142ug Prigo\u017cyna na rozkaz Szojgu wycofano ca\u0142\u0105 jednostk\u0119 obrony powietrznej, a oficerowie \u0142\u0105cznikowi odci\u0119li \u0142\u0105czno\u015b\u0107 z grup\u0105 Wagnera.<\/p>\n\n\n\n<p id=\"p_1_12\">Znacznie p\u00f3\u017aniej, kiedy nadszed\u0142 czas, aby genera\u0142owie wr\u0119czali medale swoim \u017co\u0142nierzom, wszed\u0142 Prigo\u017cyn. Zapyta\u0142 Szojgu: \u201eCzy mog\u0119 porozmawia\u0107 z tob\u0105 o sytuacji, kt\u00f3ra mia\u0142a miejsce 8 lutego pod Deir ez-Zor?\u201d&nbsp;Shoygu odwr\u00f3ci\u0142 si\u0119, spokojnie i arogancko odpowiedzia\u0142: \u201eChcia\u0142e\u015b zachowywa\u0107 si\u0119 jak bohater?&nbsp;Wszyscy bohaterowie s\u0105 tutaj, w tym pokoju\u201d \u2013 i machn\u0105\u0142 r\u0119k\u0105, wskazuj\u0105c wszystkich oficer\u00f3w w ich wspania\u0142ych formalnych mundurach \u2013 \u201ea ty po prostu straci\u0142e\u015b orientacj\u0119\u201d.<\/p>\n\n\n\n<p id=\"p_1_13\">Tak opowiedzia\u0142 Prigo\u017cyn.&nbsp;Wed\u0142ug strony rosyjskiej Szojgu nie m\u00f3g\u0142 liczy\u0107 na pokonanie Amerykan\u00f3w, wi\u0119c zawar\u0142 z nimi uk\u0142ad.&nbsp;W pierwszych rosyjskich raportach kategorycznie zaprzeczano wszelkiemu udzia\u0142owi grupy Wagnera.&nbsp;W&nbsp;<a href=\"https:\/\/en.wikipedia.org\/wiki\/Battle_of_Khasham\">Wikipedii<\/a>&nbsp;jest kilka wersji spotkania.&nbsp;Jeszcze inna wersja jest podana w New York Times.&nbsp;W ka\u017cdym razie grupa Wagnera zosta\u0142a dotkliwie pobita, a stosunki mi\u0119dzy Prigo\u017cynem a Szojgu zosta\u0142y trwale zepsute.<\/p>\n\n\n\n<p id=\"p_1_14\">Po bitwie o Bachmuta by\u0142o jeszcze gorzej, o ile to mo\u017cliwe.&nbsp;MON nie odpowiada\u0142 na telefony grupy Wagnera i nie otrzyma\u0142 \u017cadnego potrzebnego uzbrojenia.&nbsp;Prigozhin martwi\u0142 si\u0119, \u017ce gdyby grupa Wagnera zosta\u0142a rzucona na lini\u0119 frontu, by\u0142aby to teraz tylko misje samob\u00f3jcze, poza jego normalnymi problemami z pociskami, liniami komunikacyjnymi i innymi trudno\u015bciami z zaopatrzeniem.<\/p>\n\n\n\n<p id=\"p_1_15\">Tym samym bunt z 24 czerwca 2023 roku nie jest nag\u0142ym szale\u0144stwem Prigo\u017cyna, a jedynie kolejnym etapem starej konfrontacji.&nbsp;Ten sp\u00f3r toczy si\u0119 nie tylko mi\u0119dzy Szojgu a Prigo\u017cynem (cho\u0107 tutaj czynnik osobisty ma pierwsze\u0144stwo), ale mo\u017cna go prze\u015bledzi\u0107 znacznie g\u0142\u0119biej \u2013 mi\u0119dzy Ministerstwem Obrony a GU (wywiadem wojskowym).&nbsp;Formalnie GU podlega Ministerstwu Obrony Narodowej, ale praktycznie zawsze by\u0142o i jest \u201eministerstwem w resorcie\u201d, realizuj\u0105cym w\u0142asn\u0105 polityk\u0119 dla w\u0142asnych cel\u00f3w.<\/p>\n\n\n\n<figure class=\"wp-block-image\"><a href=\"https:\/\/www.amazon.com\/dp\/1419613510\/\"><img decoding=\"async\" src=\"https:\/\/images-na.ssl-images-amazon.com\/images\/I\/51duD9Pr0WL.jpg\" alt=\"\"\/><\/a><\/figure>\n\n\n\n<p id=\"p_1_16\">Z jego punktu widzenia Prigo\u017cyn wykona\u0142 swoje zadanie, wykorzysta\u0142 sw\u00f3j wizerunek i zaatakowa\u0142 adwersarzy.&nbsp;Nie by\u0142 to bunt;&nbsp;od pocz\u0105tku nie planowa\u0142 przej\u0119cia w\u0142adzy.&nbsp;Udowodni\u0142 swoj\u0105 lojalno\u015b\u0107 wobec prezydenta Putina.&nbsp;Cho\u0107 wrogowie Putina uwi\u0119zili go w ukrai\u0144skim bagnie, Prigo\u017cyn udowodni\u0142, \u017ce jego ludzie nadal s\u0105 szturmowcami prezydenta.&nbsp;Prigo\u017cyn konsekwentnie znakomicie wype\u0142nia\u0142 wszystkie postawione przed nim zadania.&nbsp;Ci z zewn\u0105trz, kt\u00f3rzy obserwuj\u0105 realizacj\u0119 operacji Prigo\u017cyna, mog\u0105 (jak przypuszczam) r\u00f3\u017cni\u0107 si\u0119 co do poprawno\u015bci lub niepoprawno\u015bci jego dzia\u0142a\u0144.&nbsp;Nie mam \u017cadnych zakulisowych ani tajnych informacji o motywacjach wszystkich uczestnik\u00f3w tych spor\u00f3w, ale spodziewam si\u0119, \u017ce opr\u00f3cz tego, co obserwujemy na ekranach telewizor\u00f3w i w Internecie,&nbsp;ka\u017cda z tych stron ma sw\u00f3j prywatny motyw.&nbsp;Na przyk\u0142ad taktyka pola bitwy szanowanych genera\u0142\u00f3w, takich jak Surowikin czy Aleksiejew, by\u0142a naturalnie ograniczona \u015brodkami zapobiegawczymi maj\u0105cymi na celu unikni\u0119cie zm\u00f3w z Prigo\u017cynem i nie mia\u0142a na celu wywarcia wp\u0142ywu na grup\u0119 Wagnera ani jej zaszkodzi\u0107.&nbsp;Op\u00f3\u017anienia wojskowe nie zawsze wynikaj\u0105 z niekompetencji;&nbsp;cz\u0119sto s\u0105 to posuni\u0119cia taktyczne maj\u0105ce na celu umocnienie pozycji.&nbsp;W przypadku takich z\u0142o\u017conych zakulisowych zagrywek ka\u017cdy z uczestnik\u00f3w publicznych (w tym ci, kt\u00f3rych nie widzimy) ma swoje w\u0142asne rozumowanie i cele.&nbsp;Op\u00f3\u017anienia wojskowe nie zawsze wynikaj\u0105 z niekompetencji;&nbsp;cz\u0119sto s\u0105 to posuni\u0119cia taktyczne maj\u0105ce na celu umocnienie pozycji.&nbsp;W przypadku takich z\u0142o\u017conych zakulisowych zagrywek ka\u017cdy z uczestnik\u00f3w publicznych (w tym ci, kt\u00f3rych nie widzimy) ma swoje w\u0142asne rozumowanie i cele.&nbsp;Op\u00f3\u017anienia wojskowe nie zawsze wynikaj\u0105 z niekompetencji;&nbsp;cz\u0119sto s\u0105 to posuni\u0119cia taktyczne maj\u0105ce na celu umocnienie pozycji.&nbsp;W przypadku takich z\u0142o\u017conych zakulisowych zagrywek ka\u017cdy z uczestnik\u00f3w publicznych (w tym ci, kt\u00f3rych nie widzimy) ma swoje w\u0142asne rozumowanie i cele.<\/p>\n\n\n\n<p id=\"p_1_17\">Co mamy na my\u015bli, kiedy m\u00f3wimy \u201ePrigo\u017cyn pojecha\u0142 na Bia\u0142oru\u015b\u201d \u2013 pyta Andrzej Pinczuk, autor \u201e&nbsp;<em>Culusewitza\u201d i \u201ePustki\u201d,<\/em>&nbsp;ksi\u0105\u017cki zatwierdzonej przez Prigo\u017cyna?&nbsp;Odsun\u0105\u0142 si\u0119 od kontrowersji.&nbsp;Ponadto wkroczy\u0142 w przestrze\u0144 mi\u0119dzynarodow\u0105.&nbsp;Jutro prezydenci i przyw\u00f3dcy co najmniej dw\u00f3ch lub trzech tuzin\u00f3w r\u00f3\u017cnych kraj\u00f3w \u2013 Azji, Afryki, Ameryki \u0141aci\u0144skiej, Ameryki \u015arodkowej i, jak s\u0105dz\u0119, niekt\u00f3rych Europejczyk\u00f3w stan\u0105 w kolejce na konferencj\u0119 ASEAN.&nbsp;Jednocze\u015bnie, z powodu wszystkich wiadomo\u015bci kr\u0105\u017c\u0105cych zar\u00f3wno wok\u00f3\u0142 samego Prigo\u017cyna, jak i kierowanej przez niego agencji, grupa Wagnera jest obecnie najbardziej znan\u0105 niepa\u0144stwow\u0105 mark\u0105 paramilitarn\u0105 na \u015bwiecie.&nbsp;A jak b\u0119dzie si\u0119 nazywa\u0107 dalej?&nbsp;PMC Wagnera?&nbsp;PMC Asia?&nbsp;PMC Global?&nbsp;Nie, nie mo\u017cemy powiedzie\u0107, \u017ce Wagner przesta\u0142 istnie\u0107.&nbsp;My\u015bl\u0119, \u017ce trzeba powiedzie\u0107, \u017ce Wagner dosta\u0142 nowe \u017cycie.<\/p>\n\n\n\n<p id=\"p_1_18\">Historia genera\u0142a Popowa jest zupe\u0142nie inna.&nbsp;Ten dzielny genera\u0142 zosta\u0142 zmia\u017cd\u017cony przez MON.&nbsp;M\u00f3wiono, \u017ce powodem by\u0142a jego ostra krytyka genera\u0142a Shoygu.&nbsp;Ale jest te\u017c inne wiarygodne wyja\u015bnienie.&nbsp;Jednostce pod dow\u00f3dztwem genera\u0142a Popowa uda\u0142o si\u0119 przej\u0105\u0107 nienaruszony jeden z najcenniejszych brytyjskich pocisk\u00f3w rakietowych, zwany \u201eStorm Shadow\u201d.&nbsp;Zamiast gratulacji jednostka zosta\u0142a ukarana, a genera\u0142 Popow natychmiast przeszed\u0142 na emerytur\u0119.&nbsp;Mo\u017cliwe, \u017ce MON zamierza\u0142 wykorzysta\u0107 Storm Shadow w inny spos\u00f3b.&nbsp;\u017bo\u0142nierze Popowa dostarczyli go do bada\u0144 instytutu naukowego.&nbsp;Czy Shoygu i Gierasimow chcieli zwr\u00f3ci\u0107 go Wielkiej Brytanii?&nbsp;A mo\u017ce po prostu zdenerwowali si\u0119, \u017ce pocisk trafi\u0142 do instytutu zwi\u0105zanego z panem Rogozinem, by\u0142ym szefem Rosyjskich Bada\u0144 Kosmicznych?<\/p>\n\n\n\n<p id=\"p_1_19\">Mog\u0142oby by\u0107;&nbsp;Rosja to nowe kr\u00f3lestwo bizantyjskie, pe\u0142ne skomplikowanych intryg.&nbsp;Tymczasem szybko\u015b\u0107 dymisji Popowa pokazuje, \u017ce Jelcynici s\u0105 pot\u0119\u017cni jak zawsze, a prezydent Putin nadal stosuje si\u0119 do ich zgubnych rad.&nbsp;Jak m\u00f3wi, nie chce dzia\u0142a\u0107 pod presj\u0105.&nbsp;Ale nawet po\u015bmiewiskowi genera\u0142owie z&nbsp;<em>Paragrafu 22<\/em>&nbsp;wygrali wojn\u0119, kt\u00f3r\u0105 jest II wojna \u015bwiatowa.&nbsp;Tak wygraj\u0105 rosyjscy genera\u0142owie, a raczej rosyjscy \u017co\u0142nierze.<\/p>\n\n\n\n<p id=\"p_1_20\"><em>Pod redakcj\u0105 Paula Bennetta.<\/em><\/p>\n\n\n\n<p>Link \u017ar\u00f3d\u0142owy <a href=\"https:\/\/www.unz.com\/ishamir\/the-march-on-the-kremlin\/\">https:\/\/www.unz.com\/ishamir\/the-march-on-the-kremlin\/<\/a><\/p>\n","protected":false},"excerpt":{"rendered":"<p>Autor, IZRAEL SZAMIR\u00a0\u2022 15 LIPCA 2023 R The Unz Review Rosyjscy genera\u0142owie s\u0105 podobni do ameryka\u0144skich genera\u0142\u00f3w przedstawionych w\u00a0Paragrafie 22, weso\u0142a powie\u015b\u0107 Josepha Hellera: k\u0142\u00f3tliwi, aroganccy, bardziej dbaj\u0105cy o swoj\u0105 pozycj\u0119 i reputacj\u0119 ni\u017c o wojn\u0119.\u00a0Oni r\u00f3wnie\u017c sprawiaj\u0105, \u017ce ich&#8230; <\/p>\n","protected":false},"author":2,"featured_media":3284,"comment_status":"open","ping_status":"open","sticky":false,"template":"","format":"standard","meta":{"_acf_changed":false,"_bbp_topic_count":0,"_bbp_reply_count":0,"_bbp_total_topic_count":0,"_bbp_total_reply_count":0,"_bbp_voice_count":0,"_bbp_anonymous_reply_count":0,"_bbp_topic_count_hidden":0,"_bbp_reply_count_hidden":0,"_bbp_forum_subforum_count":0,"om_disable_all_campaigns":false,"_monsterinsights_skip_tracking":false,"footnotes":""},"categories":[93],"tags":[],"class_list":["post-3283","post","type-post","status-publish","format-standard","has-post-thumbnail","hentry","category-artykuly"],"acf":[],"aioseo_notices":[],"aioseo_head":"\n\t\t<!-- All in One SEO 5.0.1.1 - aioseo.com -->\n\t<meta name=\"description\" content=\"Autor, IZRAEL SZAMIR \u2022 15 LIPCA 2023 R The Unz Review Rosyjscy genera\u0142owie s\u0105 podobni do ameryka\u0144skich genera\u0142\u00f3w przedstawionych w Paragrafie 22, weso\u0142a powie\u015b\u0107 Josepha Hellera: k\u0142\u00f3tliwi, aroganccy, bardziej dbaj\u0105cy o swoj\u0105 pozycj\u0119 i reputacj\u0119 ni\u017c o wojn\u0119. Oni r\u00f3wnie\u017c sprawiaj\u0105, \u017ce ich my\u015bliwce wykonuj\u0105 wi\u0119cej misji, by\u0107 mo\u017ce prowadz\u0105c ich kariery do wi\u0119kszej chwa\u0142y. Bojownicy gin\u0105, ale kogo\" \/>\n\t<meta name=\"robots\" content=\"max-image-preview:large\" \/>\n\t<meta name=\"author\" content=\"trinity\"\/>\n\t<link rel=\"canonical\" href=\"https:\/\/wia.net.pl\/index.php\/2023\/07\/16\/marsz-na-kreml\/\" \/>\n\t<meta name=\"generator\" content=\"All in One SEO (AIOSEO) 5.0.1.1\" \/>\n\t\t<meta property=\"og:locale\" content=\"pl_PL\" \/>\n\t\t<meta property=\"og:site_name\" content=\"Wolno\u015b\u0107 i Anarchia - Ka\u017cdy wewn\u0119trznie jest anarchist\u0105.\" \/>\n\t\t<meta property=\"og:type\" content=\"article\" \/>\n\t\t<meta property=\"og:title\" content=\"Marsz na Kreml - Wolno\u015b\u0107 i Anarchia\" \/>\n\t\t<meta property=\"og:description\" content=\"Autor, IZRAEL SZAMIR \u2022 15 LIPCA 2023 R The Unz Review Rosyjscy genera\u0142owie s\u0105 podobni do ameryka\u0144skich genera\u0142\u00f3w przedstawionych w Paragrafie 22, weso\u0142a powie\u015b\u0107 Josepha Hellera: k\u0142\u00f3tliwi, aroganccy, bardziej dbaj\u0105cy o swoj\u0105 pozycj\u0119 i reputacj\u0119 ni\u017c o wojn\u0119. Oni r\u00f3wnie\u017c sprawiaj\u0105, \u017ce ich my\u015bliwce wykonuj\u0105 wi\u0119cej misji, by\u0107 mo\u017ce prowadz\u0105c ich kariery do wi\u0119kszej chwa\u0142y. Bojownicy gin\u0105, ale kogo\" \/>\n\t\t<meta property=\"og:url\" content=\"https:\/\/wia.net.pl\/index.php\/2023\/07\/16\/marsz-na-kreml\/\" \/>\n\t\t<meta property=\"og:image\" content=\"https:\/\/wia.net.pl\/wp-content\/uploads\/2023\/11\/cropped-freedom-i73367.jpg\" \/>\n\t\t<meta property=\"og:image:secure_url\" content=\"https:\/\/wia.net.pl\/wp-content\/uploads\/2023\/11\/cropped-freedom-i73367.jpg\" \/>\n\t\t<meta property=\"article:published_time\" content=\"2023-07-16T08:21:51+00:00\" \/>\n\t\t<meta property=\"article:modified_time\" content=\"2023-07-16T08:21:51+00:00\" \/>\n\t\t<meta name=\"twitter:card\" content=\"summary_large_image\" \/>\n\t\t<meta name=\"twitter:title\" content=\"Marsz na Kreml - Wolno\u015b\u0107 i Anarchia\" \/>\n\t\t<meta name=\"twitter:description\" content=\"Autor, IZRAEL SZAMIR \u2022 15 LIPCA 2023 R The Unz Review Rosyjscy genera\u0142owie s\u0105 podobni do ameryka\u0144skich genera\u0142\u00f3w przedstawionych w Paragrafie 22, weso\u0142a powie\u015b\u0107 Josepha Hellera: k\u0142\u00f3tliwi, aroganccy, bardziej dbaj\u0105cy o swoj\u0105 pozycj\u0119 i reputacj\u0119 ni\u017c o wojn\u0119. Oni r\u00f3wnie\u017c sprawiaj\u0105, \u017ce ich my\u015bliwce wykonuj\u0105 wi\u0119cej misji, by\u0107 mo\u017ce prowadz\u0105c ich kariery do wi\u0119kszej chwa\u0142y. Bojownicy gin\u0105, ale kogo\" \/>\n\t\t<meta name=\"twitter:image\" content=\"https:\/\/wia.net.pl\/wp-content\/uploads\/2023\/11\/cropped-freedom-i73367.jpg\" \/>\n\t\t<script type=\"application\/ld+json\" class=\"aioseo-schema\">\n\t\t\t{\"@context\":\"https:\\\/\\\/schema.org\",\"@graph\":[{\"@type\":\"BlogPosting\",\"@id\":\"https:\\\/\\\/wia.net.pl\\\/index.php\\\/2023\\\/07\\\/16\\\/marsz-na-kreml\\\/#blogposting\",\"name\":\"Marsz na Kreml - Wolno\\u015b\\u0107 i Anarchia\",\"headline\":\"Marsz na Kreml\",\"author\":{\"@id\":\"https:\\\/\\\/wia.net.pl\\\/index.php\\\/author\\\/trinity\\\/#author\"},\"publisher\":{\"@id\":\"https:\\\/\\\/wia.net.pl\\\/#person\"},\"image\":{\"@type\":\"ImageObject\",\"url\":\"https:\\\/\\\/wia.net.pl\\\/wp-content\\\/uploads\\\/2023\\\/07\\\/WagnerKremlinIS-600x337-1.png\",\"width\":600,\"height\":337},\"datePublished\":\"2023-07-16T10:21:51+02:00\",\"dateModified\":\"2023-07-16T10:21:51+02:00\",\"inLanguage\":\"pl-PL\",\"mainEntityOfPage\":{\"@id\":\"https:\\\/\\\/wia.net.pl\\\/index.php\\\/2023\\\/07\\\/16\\\/marsz-na-kreml\\\/#webpage\"},\"isPartOf\":{\"@id\":\"https:\\\/\\\/wia.net.pl\\\/index.php\\\/2023\\\/07\\\/16\\\/marsz-na-kreml\\\/#webpage\"},\"articleSection\":\"Artyku\\u0142y\"},{\"@type\":\"BreadcrumbList\",\"@id\":\"https:\\\/\\\/wia.net.pl\\\/index.php\\\/2023\\\/07\\\/16\\\/marsz-na-kreml\\\/#breadcrumblist\",\"itemListElement\":[{\"@type\":\"ListItem\",\"@id\":\"https:\\\/\\\/wia.net.pl#listItem\",\"position\":1,\"name\":\"Home\",\"item\":\"https:\\\/\\\/wia.net.pl\",\"nextItem\":{\"@type\":\"ListItem\",\"@id\":\"https:\\\/\\\/wia.net.pl\\\/index.php\\\/category\\\/artykuly\\\/#listItem\",\"name\":\"Artyku\\u0142y\"}},{\"@type\":\"ListItem\",\"@id\":\"https:\\\/\\\/wia.net.pl\\\/index.php\\\/category\\\/artykuly\\\/#listItem\",\"position\":2,\"name\":\"Artyku\\u0142y\",\"item\":\"https:\\\/\\\/wia.net.pl\\\/index.php\\\/category\\\/artykuly\\\/\",\"nextItem\":{\"@type\":\"ListItem\",\"@id\":\"https:\\\/\\\/wia.net.pl\\\/index.php\\\/2023\\\/07\\\/16\\\/marsz-na-kreml\\\/#listItem\",\"name\":\"Marsz na Kreml\"},\"previousItem\":{\"@type\":\"ListItem\",\"@id\":\"https:\\\/\\\/wia.net.pl#listItem\",\"name\":\"Home\"}},{\"@type\":\"ListItem\",\"@id\":\"https:\\\/\\\/wia.net.pl\\\/index.php\\\/2023\\\/07\\\/16\\\/marsz-na-kreml\\\/#listItem\",\"position\":3,\"name\":\"Marsz na Kreml\",\"previousItem\":{\"@type\":\"ListItem\",\"@id\":\"https:\\\/\\\/wia.net.pl\\\/index.php\\\/category\\\/artykuly\\\/#listItem\",\"name\":\"Artyku\\u0142y\"}}]},{\"@type\":\"Person\",\"@id\":\"https:\\\/\\\/wia.net.pl\\\/#person\",\"name\":\"Bart\\u0142omiej Talarczyk\",\"image\":{\"@type\":\"ImageObject\",\"@id\":\"https:\\\/\\\/wia.net.pl\\\/index.php\\\/2023\\\/07\\\/16\\\/marsz-na-kreml\\\/#personImage\",\"url\":\"https:\\\/\\\/wia.net.pl\\\/wp-content\\\/uploads\\\/avatar-privacy\\\/cache\\\/user\\\/1\\\/7\\\/176a6b161c58363ff49b5c167264231f519f5c7fa183ca1f61e891769b6b56d5-96.jpg\",\"width\":96,\"height\":96,\"caption\":\"Bart\\u0142omiej Talarczyk\"}},{\"@type\":\"Person\",\"@id\":\"https:\\\/\\\/wia.net.pl\\\/index.php\\\/author\\\/trinity\\\/#author\",\"url\":\"https:\\\/\\\/wia.net.pl\\\/index.php\\\/author\\\/trinity\\\/\",\"name\":\"trinity\",\"image\":{\"@type\":\"ImageObject\",\"@id\":\"https:\\\/\\\/wia.net.pl\\\/index.php\\\/2023\\\/07\\\/16\\\/marsz-na-kreml\\\/#authorImage\",\"url\":\"https:\\\/\\\/wia.net.pl\\\/wp-content\\\/uploads\\\/avatar-privacy\\\/cache\\\/user\\\/5\\\/f\\\/5f6547cf82495eaa10e100a6a45d5dbde2dfdc1be88557de2018fca705bdf6f1-96.jpg\",\"width\":96,\"height\":96,\"caption\":\"trinity\"}},{\"@type\":\"WebPage\",\"@id\":\"https:\\\/\\\/wia.net.pl\\\/index.php\\\/2023\\\/07\\\/16\\\/marsz-na-kreml\\\/#webpage\",\"url\":\"https:\\\/\\\/wia.net.pl\\\/index.php\\\/2023\\\/07\\\/16\\\/marsz-na-kreml\\\/\",\"name\":\"Marsz na Kreml - Wolno\\u015b\\u0107 i Anarchia\",\"description\":\"Autor, IZRAEL SZAMIR \\u2022 15 LIPCA 2023 R The Unz Review Rosyjscy genera\\u0142owie s\\u0105 podobni do ameryka\\u0144skich genera\\u0142\\u00f3w przedstawionych w Paragrafie 22, weso\\u0142a powie\\u015b\\u0107 Josepha Hellera: k\\u0142\\u00f3tliwi, aroganccy, bardziej dbaj\\u0105cy o swoj\\u0105 pozycj\\u0119 i reputacj\\u0119 ni\\u017c o wojn\\u0119. Oni r\\u00f3wnie\\u017c sprawiaj\\u0105, \\u017ce ich my\\u015bliwce wykonuj\\u0105 wi\\u0119cej misji, by\\u0107 mo\\u017ce prowadz\\u0105c ich kariery do wi\\u0119kszej chwa\\u0142y. Bojownicy gin\\u0105, ale kogo\",\"inLanguage\":\"pl-PL\",\"isPartOf\":{\"@id\":\"https:\\\/\\\/wia.net.pl\\\/#website\"},\"breadcrumb\":{\"@id\":\"https:\\\/\\\/wia.net.pl\\\/index.php\\\/2023\\\/07\\\/16\\\/marsz-na-kreml\\\/#breadcrumblist\"},\"author\":{\"@id\":\"https:\\\/\\\/wia.net.pl\\\/index.php\\\/author\\\/trinity\\\/#author\"},\"creator\":{\"@id\":\"https:\\\/\\\/wia.net.pl\\\/index.php\\\/author\\\/trinity\\\/#author\"},\"image\":{\"@type\":\"ImageObject\",\"url\":\"https:\\\/\\\/wia.net.pl\\\/wp-content\\\/uploads\\\/2023\\\/07\\\/WagnerKremlinIS-600x337-1.png\",\"@id\":\"https:\\\/\\\/wia.net.pl\\\/index.php\\\/2023\\\/07\\\/16\\\/marsz-na-kreml\\\/#mainImage\",\"width\":600,\"height\":337},\"primaryImageOfPage\":{\"@id\":\"https:\\\/\\\/wia.net.pl\\\/index.php\\\/2023\\\/07\\\/16\\\/marsz-na-kreml\\\/#mainImage\"},\"datePublished\":\"2023-07-16T10:21:51+02:00\",\"dateModified\":\"2023-07-16T10:21:51+02:00\"},{\"@type\":\"WebSite\",\"@id\":\"https:\\\/\\\/wia.net.pl\\\/#website\",\"url\":\"https:\\\/\\\/wia.net.pl\\\/\",\"name\":\"Wolno\\u015b\\u0107 i Anarchia\",\"description\":\"Ka\\u017cdy wewn\\u0119trznie jest anarchist\\u0105.\",\"inLanguage\":\"pl-PL\",\"publisher\":{\"@id\":\"https:\\\/\\\/wia.net.pl\\\/#person\"}}]}\n\t\t<\/script>\n\t\t<!-- All in One SEO -->\n\n","aioseo_head_json":{"title":"Marsz na Kreml - Wolno\u015b\u0107 i Anarchia","description":"Autor, IZRAEL SZAMIR \u2022 15 LIPCA 2023 R The Unz Review Rosyjscy genera\u0142owie s\u0105 podobni do ameryka\u0144skich genera\u0142\u00f3w przedstawionych w Paragrafie 22, weso\u0142a powie\u015b\u0107 Josepha Hellera: k\u0142\u00f3tliwi, aroganccy, bardziej dbaj\u0105cy o swoj\u0105 pozycj\u0119 i reputacj\u0119 ni\u017c o wojn\u0119. Oni r\u00f3wnie\u017c sprawiaj\u0105, \u017ce ich my\u015bliwce wykonuj\u0105 wi\u0119cej misji, by\u0107 mo\u017ce prowadz\u0105c ich kariery do wi\u0119kszej chwa\u0142y. Bojownicy gin\u0105, ale kogo","canonical_url":"https:\/\/wia.net.pl\/index.php\/2023\/07\/16\/marsz-na-kreml\/","robots":"max-image-preview:large","keywords":"","webmasterTools":{"miscellaneous":""},"schema":{"@context":"https:\/\/schema.org","@graph":[{"@type":"BlogPosting","@id":"https:\/\/wia.net.pl\/index.php\/2023\/07\/16\/marsz-na-kreml\/#blogposting","name":"Marsz na Kreml - Wolno\u015b\u0107 i Anarchia","headline":"Marsz na Kreml","author":{"@id":"https:\/\/wia.net.pl\/index.php\/author\/trinity\/#author"},"publisher":{"@id":"https:\/\/wia.net.pl\/#person"},"image":{"@type":"ImageObject","url":"https:\/\/wia.net.pl\/wp-content\/uploads\/2023\/07\/WagnerKremlinIS-600x337-1.png","width":600,"height":337},"datePublished":"2023-07-16T10:21:51+02:00","dateModified":"2023-07-16T10:21:51+02:00","inLanguage":"pl-PL","mainEntityOfPage":{"@id":"https:\/\/wia.net.pl\/index.php\/2023\/07\/16\/marsz-na-kreml\/#webpage"},"isPartOf":{"@id":"https:\/\/wia.net.pl\/index.php\/2023\/07\/16\/marsz-na-kreml\/#webpage"},"articleSection":"Artyku\u0142y"},{"@type":"BreadcrumbList","@id":"https:\/\/wia.net.pl\/index.php\/2023\/07\/16\/marsz-na-kreml\/#breadcrumblist","itemListElement":[{"@type":"ListItem","@id":"https:\/\/wia.net.pl#listItem","position":1,"name":"Home","item":"https:\/\/wia.net.pl","nextItem":{"@type":"ListItem","@id":"https:\/\/wia.net.pl\/index.php\/category\/artykuly\/#listItem","name":"Artyku\u0142y"}},{"@type":"ListItem","@id":"https:\/\/wia.net.pl\/index.php\/category\/artykuly\/#listItem","position":2,"name":"Artyku\u0142y","item":"https:\/\/wia.net.pl\/index.php\/category\/artykuly\/","nextItem":{"@type":"ListItem","@id":"https:\/\/wia.net.pl\/index.php\/2023\/07\/16\/marsz-na-kreml\/#listItem","name":"Marsz na Kreml"},"previousItem":{"@type":"ListItem","@id":"https:\/\/wia.net.pl#listItem","name":"Home"}},{"@type":"ListItem","@id":"https:\/\/wia.net.pl\/index.php\/2023\/07\/16\/marsz-na-kreml\/#listItem","position":3,"name":"Marsz na Kreml","previousItem":{"@type":"ListItem","@id":"https:\/\/wia.net.pl\/index.php\/category\/artykuly\/#listItem","name":"Artyku\u0142y"}}]},{"@type":"Person","@id":"https:\/\/wia.net.pl\/#person","name":"Bart\u0142omiej Talarczyk","image":{"@type":"ImageObject","@id":"https:\/\/wia.net.pl\/index.php\/2023\/07\/16\/marsz-na-kreml\/#personImage","url":"https:\/\/wia.net.pl\/wp-content\/uploads\/avatar-privacy\/cache\/user\/1\/7\/176a6b161c58363ff49b5c167264231f519f5c7fa183ca1f61e891769b6b56d5-96.jpg","width":96,"height":96,"caption":"Bart\u0142omiej Talarczyk"}},{"@type":"Person","@id":"https:\/\/wia.net.pl\/index.php\/author\/trinity\/#author","url":"https:\/\/wia.net.pl\/index.php\/author\/trinity\/","name":"trinity","image":{"@type":"ImageObject","@id":"https:\/\/wia.net.pl\/index.php\/2023\/07\/16\/marsz-na-kreml\/#authorImage","url":"https:\/\/wia.net.pl\/wp-content\/uploads\/avatar-privacy\/cache\/user\/5\/f\/5f6547cf82495eaa10e100a6a45d5dbde2dfdc1be88557de2018fca705bdf6f1-96.jpg","width":96,"height":96,"caption":"trinity"}},{"@type":"WebPage","@id":"https:\/\/wia.net.pl\/index.php\/2023\/07\/16\/marsz-na-kreml\/#webpage","url":"https:\/\/wia.net.pl\/index.php\/2023\/07\/16\/marsz-na-kreml\/","name":"Marsz na Kreml - Wolno\u015b\u0107 i Anarchia","description":"Autor, IZRAEL SZAMIR \u2022 15 LIPCA 2023 R The Unz Review Rosyjscy genera\u0142owie s\u0105 podobni do ameryka\u0144skich genera\u0142\u00f3w przedstawionych w Paragrafie 22, weso\u0142a powie\u015b\u0107 Josepha Hellera: k\u0142\u00f3tliwi, aroganccy, bardziej dbaj\u0105cy o swoj\u0105 pozycj\u0119 i reputacj\u0119 ni\u017c o wojn\u0119. Oni r\u00f3wnie\u017c sprawiaj\u0105, \u017ce ich my\u015bliwce wykonuj\u0105 wi\u0119cej misji, by\u0107 mo\u017ce prowadz\u0105c ich kariery do wi\u0119kszej chwa\u0142y. Bojownicy gin\u0105, ale kogo","inLanguage":"pl-PL","isPartOf":{"@id":"https:\/\/wia.net.pl\/#website"},"breadcrumb":{"@id":"https:\/\/wia.net.pl\/index.php\/2023\/07\/16\/marsz-na-kreml\/#breadcrumblist"},"author":{"@id":"https:\/\/wia.net.pl\/index.php\/author\/trinity\/#author"},"creator":{"@id":"https:\/\/wia.net.pl\/index.php\/author\/trinity\/#author"},"image":{"@type":"ImageObject","url":"https:\/\/wia.net.pl\/wp-content\/uploads\/2023\/07\/WagnerKremlinIS-600x337-1.png","@id":"https:\/\/wia.net.pl\/index.php\/2023\/07\/16\/marsz-na-kreml\/#mainImage","width":600,"height":337},"primaryImageOfPage":{"@id":"https:\/\/wia.net.pl\/index.php\/2023\/07\/16\/marsz-na-kreml\/#mainImage"},"datePublished":"2023-07-16T10:21:51+02:00","dateModified":"2023-07-16T10:21:51+02:00"},{"@type":"WebSite","@id":"https:\/\/wia.net.pl\/#website","url":"https:\/\/wia.net.pl\/","name":"Wolno\u015b\u0107 i Anarchia","description":"Ka\u017cdy wewn\u0119trznie jest anarchist\u0105.","inLanguage":"pl-PL","publisher":{"@id":"https:\/\/wia.net.pl\/#person"}}]},"og:locale":"pl_PL","og:site_name":"Wolno\u015b\u0107 i Anarchia - Ka\u017cdy wewn\u0119trznie jest anarchist\u0105.","og:type":"article","og:title":"Marsz na Kreml - Wolno\u015b\u0107 i Anarchia","og:description":"Autor, IZRAEL SZAMIR \u2022 15 LIPCA 2023 R The Unz Review Rosyjscy genera\u0142owie s\u0105 podobni do ameryka\u0144skich genera\u0142\u00f3w przedstawionych w Paragrafie 22, weso\u0142a powie\u015b\u0107 Josepha Hellera: k\u0142\u00f3tliwi, aroganccy, bardziej dbaj\u0105cy o swoj\u0105 pozycj\u0119 i reputacj\u0119 ni\u017c o wojn\u0119. Oni r\u00f3wnie\u017c sprawiaj\u0105, \u017ce ich my\u015bliwce wykonuj\u0105 wi\u0119cej misji, by\u0107 mo\u017ce prowadz\u0105c ich kariery do wi\u0119kszej chwa\u0142y. Bojownicy gin\u0105, ale kogo","og:url":"https:\/\/wia.net.pl\/index.php\/2023\/07\/16\/marsz-na-kreml\/","og:image":"https:\/\/wia.net.pl\/wp-content\/uploads\/2023\/11\/cropped-freedom-i73367.jpg","og:image:secure_url":"https:\/\/wia.net.pl\/wp-content\/uploads\/2023\/11\/cropped-freedom-i73367.jpg","article:published_time":"2023-07-16T08:21:51+00:00","article:modified_time":"2023-07-16T08:21:51+00:00","twitter:card":"summary_large_image","twitter:title":"Marsz na Kreml - Wolno\u015b\u0107 i Anarchia","twitter:description":"Autor, IZRAEL SZAMIR \u2022 15 LIPCA 2023 R The Unz Review Rosyjscy genera\u0142owie s\u0105 podobni do ameryka\u0144skich genera\u0142\u00f3w przedstawionych w Paragrafie 22, weso\u0142a powie\u015b\u0107 Josepha Hellera: k\u0142\u00f3tliwi, aroganccy, bardziej dbaj\u0105cy o swoj\u0105 pozycj\u0119 i reputacj\u0119 ni\u017c o wojn\u0119. Oni r\u00f3wnie\u017c sprawiaj\u0105, \u017ce ich my\u015bliwce wykonuj\u0105 wi\u0119cej misji, by\u0107 mo\u017ce prowadz\u0105c ich kariery do wi\u0119kszej chwa\u0142y. Bojownicy gin\u0105, ale kogo","twitter:image":"https:\/\/wia.net.pl\/wp-content\/uploads\/2023\/11\/cropped-freedom-i73367.jpg"},"aioseo_meta_data":{"post_id":"3283","title":null,"description":null,"keywords":[],"keyphrases":{"focus":{"keyphrase":"","score":0,"analysis":{"keyphraseInTitle":{"score":0,"maxScore":9,"error":1}}},"additional":[]},"primary_term":null,"canonical_url":null,"og_title":null,"og_description":null,"og_object_type":"default","og_image_type":"default","og_image_url":null,"og_image_width":null,"og_image_height":null,"og_image_custom_url":null,"og_image_custom_fields":null,"og_video":"","og_custom_url":null,"og_article_section":null,"og_article_tags":[],"twitter_use_og":false,"twitter_card":"default","twitter_image_type":"default","twitter_image_url":null,"twitter_image_custom_url":null,"twitter_image_custom_fields":null,"twitter_title":null,"twitter_description":null,"schema":{"blockGraphs":[],"customGraphs":[],"default":{"data":{"Article":[],"Course":[],"Dataset":[],"FAQPage":[],"Movie":[],"Person":[],"Product":[],"ProductReview":[],"Car":[],"Recipe":[],"Service":[],"SoftwareApplication":[],"WebPage":[]},"graphName":"BlogPosting","isEnabled":true},"graphs":[]},"schema_type":"default","schema_type_options":null,"pillar_content":false,"robots_default":true,"robots_noindex":false,"robots_noarchive":false,"robots_nosnippet":false,"robots_nofollow":false,"robots_noimageindex":false,"robots_noodp":false,"robots_notranslate":false,"robots_max_snippet":"-1","robots_max_videopreview":"-1","robots_max_imagepreview":"large","priority":null,"frequency":"default","local_seo":null,"breadcrumb_settings":null,"limit_modified_date":false,"ai":null,"created":"2023-07-16 08:21:51","updated":"2025-06-04 08:42:39","seo_analyzer_scan_date":null,"focus_keyword":null,"additional_keywords":null,"truseo_locale":null},"aioseo_breadcrumb":"<div class=\"aioseo-breadcrumbs\"><span class=\"aioseo-breadcrumb\">\n\t\t\t<a href=\"https:\/\/wia.net.pl\" title=\"Home\">Home<\/a>\n\t\t<\/span><span class=\"aioseo-breadcrumb-separator\">&raquo;<\/span><span class=\"aioseo-breadcrumb\">\n\t\t\t<a href=\"https:\/\/wia.net.pl\/index.php\/category\/artykuly\/\" title=\"Artyku\u0142y\">Artyku\u0142y<\/a>\n\t\t<\/span><span class=\"aioseo-breadcrumb-separator\">&raquo;<\/span><span class=\"aioseo-breadcrumb\">\n\t\t\tMarsz na Kreml\n\t\t<\/span><\/div>","aioseo_breadcrumb_json":[{"label":"Home","link":"https:\/\/wia.net.pl"},{"label":"Artyku\u0142y","link":"https:\/\/wia.net.pl\/index.php\/category\/artykuly\/"},{"label":"Marsz na Kreml","link":"https:\/\/wia.net.pl\/index.php\/2023\/07\/16\/marsz-na-kreml\/"}],"_links":{"self":[{"href":"https:\/\/wia.net.pl\/index.php\/wp-json\/wp\/v2\/posts\/3283"}],"collection":[{"href":"https:\/\/wia.net.pl\/index.php\/wp-json\/wp\/v2\/posts"}],"about":[{"href":"https:\/\/wia.net.pl\/index.php\/wp-json\/wp\/v2\/types\/post"}],"author":[{"embeddable":true,"href":"https:\/\/wia.net.pl\/index.php\/wp-json\/wp\/v2\/users\/2"}],"replies":[{"embeddable":true,"href":"https:\/\/wia.net.pl\/index.php\/wp-json\/wp\/v2\/comments?post=3283"}],"version-history":[{"count":1,"href":"https:\/\/wia.net.pl\/index.php\/wp-json\/wp\/v2\/posts\/3283\/revisions"}],"predecessor-version":[{"id":3285,"href":"https:\/\/wia.net.pl\/index.php\/wp-json\/wp\/v2\/posts\/3283\/revisions\/3285"}],"wp:featuredmedia":[{"embeddable":true,"href":"https:\/\/wia.net.pl\/index.php\/wp-json\/wp\/v2\/media\/3284"}],"wp:attachment":[{"href":"https:\/\/wia.net.pl\/index.php\/wp-json\/wp\/v2\/media?parent=3283"}],"wp:term":[{"taxonomy":"category","embeddable":true,"href":"https:\/\/wia.net.pl\/index.php\/wp-json\/wp\/v2\/categories?post=3283"},{"taxonomy":"post_tag","embeddable":true,"href":"https:\/\/wia.net.pl\/index.php\/wp-json\/wp\/v2\/tags?post=3283"}],"curies":[{"name":"wp","href":"https:\/\/api.w.org\/{rel}","templated":true}]}}